{"data":{"product":{"id":21663,"titre":"Recycled Utolity Shorts","description":"Short multipoches. 6 poches dont une poche cargo et poche arri\u00e8re avec fermeture scratch. Taille extensible pour un ajustement parfait. Coutures triples piq\u00fbres. Coutures renforc\u00e9es. Fermeture par bouton en polyester avec braguette zipp\u00e9e en nylon. Composition : 65 % polyester recycl\u00e9, 35 % coton serg\u00e9.","genre":"mixte","grammage":240,"conditionnement":20,"composition":"coton,polyester,polycoton","reference":"re-r512x","reference_visible":"re-r512x","reference_fabricant":"R512X","ref_xor":"721626","in_catalog":true,"is_transfer":false,"is_service":false,"on_standby":false,"has_3d":false,"has_size_guide":false,"has_marking":false,"has_vierge":true,"is_cross_sellable":false,"id_picto":91,"filename_3d":null,"brand":{"id":16,"name":"Result","logo":"logo-result.png","image":"https:\/\/media.th4.com\/R4AINn4EcZGXmGADkvSPvxFxj-96N0ZW37kUw9NCIp8\/pr:brand70x70\/aHR0cDovL21lZGlhMi5kZXNpZ25wYXJ0bmVyLmZyL2MvbS9sb2dvLXJlc3VsdC5wbmc?v=1769696384"},"price_infos":{"price_from":10.17,"quantity":100,"color":{"id":22474,"name":"navy"},"size":{"id":3,"name":"S"}},"price_infos_marking":{"price_from":0,"quantity":0,"size":{"id":0,"name":""},"color":{"id":0,"name":""},"marking":{"id":0,"name":""},"emplacement":"","surface":"","surface_emplacement_id":0},"i18n":{"blank":{"title":{"fr":"Recycled utility shorts short RESULT re-r512x","en":"Recycled utility shorts short RESULT re-r512x","de":"Recycled utility shorts Shorts RESULT re-r512x","nl":"Recycled utility shorts werkshort RESULT re-r512x","es":"pantal\u00f3n corto Recycled utility shorts RESULT re-r512x","it":"Recycled utility shorts pantaloncini RESULT re-r512x","sv":"Recycled utility shorts shorts RESULT re-r512x","pt":"Recycled utility shorts cal\u00e7\u00f5es RESULT re-r512x","da":"Recycled utility shorts shorts RESULT re-r512x","pl":"Recycled utility shorts szorty RESULT re-r512x"},"description":{"fr":"Le Recycled Utility Shorts short est un short de travail avec taille extensible, 6 poches et passants de ceinture. Les coutures triples et renforc\u00e9es conviennent \u00e0 un usage r\u00e9gulier. Fermeture par bouton et braguette zipp\u00e9e en nylon.\n\n- Composition : 65 % polyester recycl\u00e9, 35 % coton serg\u00e9\n- 6 poches, dont poche cargo\n- Taille extensible, passants de ceinture\n- Coutures triples et renforc\u00e9es","en":"The Recycled Utility Shorts shorts are work shorts with an elasticated waistband, 6 pockets and belt loops. Triple and reinforced seams are suitable for regular use. Button fastening and nylon zip fly.\n\n- Composition: 65% recycled polyester, 35% cotton twill\n- 6 pockets, including a cargo pocket\n- Elasticated waistband, belt loops\n- Triple and reinforced seams","de":"Die Recycled Utility Shorts Shorts sind Arbeitsshorts mit elastischem Bund, 6 Taschen und G\u00fcrtelschlaufen. Dreifache, verst\u00e4rkte N\u00e4hte f\u00fcr regelm\u00e4\u00dfigen Einsatz. Knopfverschluss und Nylon-Rei\u00dfverschluss.\n\n- Zusammensetzung: 65 % recyceltes Polyester, 35 % Baumwolltwill\n- 6 Taschen, darunter Cargotasche\n- Elastischer Bund, G\u00fcrtelschlaufen\n- Dreifache und verst\u00e4rkte N\u00e4hte","nl":"De Recycled Utility Shorts short is een werkshort met elastische tailleband, 6 zakken en riemlussen. De drievoudige en verstevigde naden zijn geschikt voor regelmatig gebruik. Sluiting met knoop en nylon ritssluiting.\n\n- Samenstelling: 65% gerecycled polyester, 35% keperkatoen\n- 6 zakken, waaronder een cargozak\n- Elastische tailleband, riemlussen\n- Drievoudige en verstevigde naden","es":"El pantal\u00f3n corto Recycled Utility Shorts es un pantal\u00f3n corto de trabajo con cintura el\u00e1stica, 6 bolsillos y trabillas para cintur\u00f3n. Las costuras triples y reforzadas son adecuadas para un uso regular. Cierre con bot\u00f3n y bragueta con cremallera de nailon.\n\n- Composici\u00f3n: 65 % poli\u00e9ster reciclado, 35 % sarga de algod\u00f3n\n- 6 bolsillos, incluido un bolsillo cargo\n- Cintura el\u00e1stica, trabillas para cintur\u00f3n\n- Costuras triples y reforzadas","it":"I pantaloncini Recycled Utility Shorts sono pantaloncini da lavoro con vita elasticizzata, 6 tasche e passanti per cintura. Le cuciture triple e rinforzate sono adatte a un uso regolare. Chiusura con bottone e patta con zip in nylon.\n\n- Composizione: 65% poliestere riciclato, 35% cotone twill\n- 6 tasche, inclusa tasca cargo\n- Vita elasticizzata, passanti per cintura\n- Cuciture triple e rinforzate","sv":"Recycled Utility Shorts shorts \u00e4r arbetsshorts med elastisk midja, 6 fickor och b\u00e4ltesh\u00e4llor. Trippels\u00f6mmar och f\u00f6rst\u00e4rkta s\u00f6mmar f\u00f6r regelbunden anv\u00e4ndning. Knappst\u00e4ngning och gylf med nylonblixtl\u00e5s.\n\n- Sammans\u00e4ttning: 65 % \u00e5tervunnen polyester, 35 % bomullstwill\n- 6 fickor, inklusive cargoficka\n- Elastisk midja, b\u00e4ltesh\u00e4llor\n- Trippels\u00f6mmar och f\u00f6rst\u00e4rkta s\u00f6mmar","pt":"Os cal\u00e7\u00f5es Recycled Utility Shorts s\u00e3o uns cal\u00e7\u00f5es de trabalho com cintura el\u00e1stica, 6 bolsos e presilhas para cinto. As costuras triplas e refor\u00e7adas s\u00e3o adequadas para uso regular. Fecho por bot\u00e3o e braguilha com fecho de correr em nylon.\n\n- Composi\u00e7\u00e3o: 65 % poli\u00e9ster reciclado, 35 % algod\u00e3o sarja\n- 6 bolsos, incluindo bolso cargo\n- Cintura el\u00e1stica, presilhas para cinto\n- Costuras triplas e refor\u00e7adas","da":"Recycled Utility Shorts shorts er arbejds-shorts med elastisk talje, 6 lommer og b\u00e6ltestropper. Tredobbelte og forst\u00e6rkede syninger egner sig til regelm\u00e6ssig brug. Knaplukning og nylon lynl\u00e5sgylp.\n\n- Sammens\u00e6tning: 65 % genanvendt polyester, 35 % bomuldstwill\n- 6 lommer, herunder cargolomme\n- Elastisk talje, b\u00e6ltestropper\n- Tredobbelte og forst\u00e6rkede syninger","pl":"Szorty Recycled Utility Shorts to szorty robocze z elastycznym pasem, 6 kieszeniami i szlufkami na pasek. Potr\u00f3jne i wzmocnione szwy nadaj\u0105 si\u0119 do regularnego u\u017cytku. Zapi\u0119cie na guzik oraz nylonowy rozporek na zamek b\u0142yskawiczny.\n\n- Sk\u0142ad: 65% poliester z recyklingu, 35% bawe\u0142na sko\u015bna\n- 6 kieszeni, w tym kiesze\u0144 cargo\n- Elastyczny pas, szlufki na pasek\n- Potr\u00f3jne i wzmocnione szwy"},"h1":{"fr":"Recycled utility shorts short re-r512x","en":"Recycled utility shorts short re-r512x","de":"Recycled utility shorts Shorts re-r512x","nl":"Recycled utility shorts werkshort re-r512x","es":"pantal\u00f3n corto Recycled utility shorts re-r512x","it":"Recycled utility shorts pantaloncini re-r512x","sv":"Recycled utility shorts shorts re-r512x","pt":"Recycled utility shorts cal\u00e7\u00f5es re-r512x","da":"Recycled utility shorts shorts re-r512x","pl":"Recycled utility shorts szorty re-r512x"},"meta_description":{"fr":"Short de travail en polyester recycl\u00e9 et coton serg\u00e9, 6 poches, taille extensible, coutures renforc\u00e9es, fermeture bouton et braguette zipp\u00e9e.","en":"Work shorts in recycled polyester and cotton twill, 6 pockets, elasticated waistband, reinforced seams, button fastening and zip fly.","de":"Arbeitsshorts aus recyceltem Polyester und Baumwolltwill, 6 Taschen, elastischer Bund, verst\u00e4rkte N\u00e4hte, Knopfverschluss und Rei\u00dfverschluss.","nl":"Werkshort van gerecycled polyester en keperkatoen, 6 zakken, elastische tailleband, verstevigde naden, knoopsluiting en ritssluiting.","es":"Pantal\u00f3n corto de trabajo de poli\u00e9ster reciclado y sarga de algod\u00f3n, 6 bolsillos, cintura el\u00e1stica, costuras reforzadas, cierre con bot\u00f3n y bragueta con cremallera.","it":"Pantaloncini da lavoro in poliestere riciclato e cotone twill, 6 tasche, vita elasticizzata, cuciture rinforzate, chiusura con bottone e patta con zip.","sv":"Arbetsshorts i \u00e5tervunnen polyester och bomullstwill, 6 fickor, elastisk midja, f\u00f6rst\u00e4rkta s\u00f6mmar, knappst\u00e4ngning och gylf med dragkedja.","pt":"Cal\u00e7\u00f5es de trabalho em poli\u00e9ster reciclado e algod\u00e3o sarja, 6 bolsos, cintura el\u00e1stica, costuras refor\u00e7adas, fecho de bot\u00e3o e braguilha com fecho de correr.","da":"Arbejds-shorts i genanvendt polyester og bomuldstwill, 6 lommer, elastisk talje, forst\u00e6rkede syninger, knaplukning og lynl\u00e5sgylp.","pl":"Szorty robocze z poliestru z recyklingu i bawe\u0142ny sko\u015bnej, 6 kieszeni, elastyczny pas, wzmocnione szwy, zapi\u0119cie na guzik i rozporek na zamek b\u0142yskawiczny."}},"custom":{"title":{"fr":null,"en":null,"de":null,"nl":null,"es":null,"it":null,"sv":null,"pt":null,"da":null,"pl":null},"description":{"fr":null,"en":null,"de":null,"nl":null,"es":null,"it":null,"sv":null,"pt":null,"da":null,"pl":null},"h1":{"fr":null,"en":null,"de":null,"nl":null,"es":null,"it":null,"sv":null,"pt":null,"da":null,"pl":null},"meta_description":{"fr":null,"en":null,"de":null,"nl":null,"es":null,"it":null,"sv":null,"pt":null,"da":null,"pl":null}}},"categories":[{"id":76,"name":"Shorts","singular":"Short","is_feminin":false},{"id":561,"name":"BTP et Industrie","singular":"BTP et Industrie","is_feminin":false},{"id":498,"name":"Pantalons et shorts","singular":"Pantalon, short","is_feminin":false},{"id":559,"name":"Univers","singular":"Univers","is_feminin":false},{"id":354,"name":"Textile","singular":"Textile","is_feminin":false}],"certifications":[],"videos":{"fr":[],"en":[],"de":[],"nl":[],"es":[],"it":[],"sv":[],"pt":[],"da":[],"pl":[]},"main_images":{"miniature":"https:\/\/media.th4.com\/3PjSD4cHBvZG58KFqyJkk2mk73N8qEe9MJC2NV2C2ZU\/pr:80\/aHR0cDovL21lZGlhMi5kZXNpZ25wYXJ0bmVyLmZyL2MvcC1ibGFuay1USC8yMTY2My53ZWJw?v=1775137574","medium":"https:\/\/media.th4.com\/eJlNQLzSlbiwlRxYqfWNIjNx31Go_6Z8D7iQSG0kNeo\/pr:550x550greybg\/aHR0cDovL21lZGlhMi5kZXNpZ25wYXJ0bmVyLmZyL2MvcC1ibGFuay1USC8yMTY2My53ZWJw?v=1775137574","medium_large":"https:\/\/media.th4.com\/QJgvel_SqWjwebSuZOGx-Rm0rOI9L2QXGfzZO4rM7-E\/pr:1000x1000greybg\/aHR0cDovL21lZGlhMi5kZXNpZ25wYXJ0bmVyLmZyL2MvcC1ibGFuay1USC8yMTY2My53ZWJw?v=1775137574","large":"https:\/\/media.th4.com\/nGUXNg9kCGSK7h_eM4ILC1X31eQwycICrFMqSee_uoc\/pr:1920greybg\/aHR0cDovL21lZGlhMi5kZXNpZ25wYXJ0bmVyLmZyL2MvcC1ibGFuay1USC8yMTY2My53ZWJw?v=1775137574","opengraph":"https:\/\/media.th4.com\/7JbPyO3Eg_qVbkFqaZkQkTSBXqIyd5gcSMgToEqPkzM\/pr:1200x630greybg\/aHR0cDovL21lZGlhMi5kZXNpZ25wYXJ0bmVyLmZyL2MvcC1ibGFuay1USC8yMTY2My53ZWJw?v=1775137574"},"main_images_customization":{"miniature":"https:\/\/media.th4.com\/3PjSD4cHBvZG58KFqyJkk2mk73N8qEe9MJC2NV2C2ZU\/pr:80\/aHR0cDovL21lZGlhMi5kZXNpZ25wYXJ0bmVyLmZyL2MvcC1ibGFuay1USC8yMTY2My53ZWJw?v=1775137574","medium":"https:\/\/media.th4.com\/eJlNQLzSlbiwlRxYqfWNIjNx31Go_6Z8D7iQSG0kNeo\/pr:550x550greybg\/aHR0cDovL21lZGlhMi5kZXNpZ25wYXJ0bmVyLmZyL2MvcC1ibGFuay1USC8yMTY2My53ZWJw?v=1775137574","medium_large":"https:\/\/media.th4.com\/QJgvel_SqWjwebSuZOGx-Rm0rOI9L2QXGfzZO4rM7-E\/pr:1000x1000greybg\/aHR0cDovL21lZGlhMi5kZXNpZ25wYXJ0bmVyLmZyL2MvcC1ibGFuay1USC8yMTY2My53ZWJw?v=1775137574","large":"https:\/\/media.th4.com\/nGUXNg9kCGSK7h_eM4ILC1X31eQwycICrFMqSee_uoc\/pr:1920greybg\/aHR0cDovL21lZGlhMi5kZXNpZ25wYXJ0bmVyLmZyL2MvcC1ibGFuay1USC8yMTY2My53ZWJw?v=1775137574","opengraph":"https:\/\/media.th4.com\/7JbPyO3Eg_qVbkFqaZkQkTSBXqIyd5gcSMgToEqPkzM\/pr:1200x630greybg\/aHR0cDovL21lZGlhMi5kZXNpZ25wYXJ0bmVyLmZyL2MvcC1ibGFuay1USC8yMTY2My53ZWJw?v=1775137574"},"page_links":{"fr":"\/fr\/p-re-r512x-recycled-utility-shorts-short-re-r512x-21663\/","en":"\/en\/p-re-r512x-recycled-utility-shorts-short-re-r512x-21663\/","de":"\/de\/p-re-r512x-recycled-utility-shorts-shorts-re-r512x-21663\/","nl":"\/nl\/p-re-r512x-recycled-utility-shorts-werkshort-re-r512x-21663\/","es":"\/es\/p-re-r512x-pantalon-corto-recycled-utility-shorts-re-r512x-21663\/","it":"\/it\/p-re-r512x-recycled-utility-shorts-pantaloncini-re-r512x-21663\/","sv":"\/sv\/p-re-r512x-recycled-utility-shorts-shorts-re-r512x-21663\/","pt":"\/pt\/p-re-r512x-recycled-utility-shorts-calcoes-re-r512x-21663\/","da":"\/da\/p-re-r512x-recycled-utility-shorts-shorts-re-r512x-21663\/","pl":"\/pl\/p-re-r512x-recycled-utility-shorts-szorty-re-r512x-21663\/"},"page_links_customization":{"fr":"\/fr\/p-re-r512x-recycled-utolity-shorts-21663\/custom\/","en":"\/en\/p-re-r512x-recycled-utolity-shorts-21663\/custom\/","de":"\/de\/p-re-r512x-recycled-utolity-shorts-21663\/custom\/","nl":"\/nl\/p-re-r512x-recycled-utolity-shorts-21663\/custom\/","es":"\/es\/p-re-r512x-recycled-utolity-shorts-21663\/custom\/","it":"\/it\/p-re-r512x-recycled-utolity-shorts-21663\/custom\/","sv":"\/sv\/p-re-r512x-recycled-utolity-shorts-21663\/custom\/","pt":"\/pt\/p-re-r512x-recycled-utolity-shorts-21663\/custom\/","da":"\/da\/p-re-r512x-recycled-utolity-shorts-21663\/custom\/","pl":"\/pl\/p-re-r512x-recycled-utolity-shorts-21663\/custom\/"},"equivalent_products":[],"colors":[{"id":22474,"name":"navy","class_ids":[2],"codes_hexa":["19286b"],"delai_24":false,"has_3d":false,"seuil_global":0,"stock_local":0,"stock_global":604,"on_standby":false,"in_catalog":true,"images":{"miniature":["https:\/\/media.th4.com\/kWQ3APjmGm5tQagreHLy0tyGplc_4-4d7z0h5gMHlac\/pr:80\/aHR0cDovL21lZGlhMi5kZXNpZ25wYXJ0bmVyLmZyL2MvcC8yMTY2My8yMTY2My0yMjQ3NC0xLndlYnA?v=1775136327","https:\/\/media.th4.com\/TvbwlzG_e01AYJdF4Vd3kiVH60j3625kVwClLYRqTHs\/pr:80\/aHR0cDovL21lZGlhMi5kZXNpZ25wYXJ0bmVyLmZyL2MvcC8yMTY2My8yMTY2My0yMjQ3NC0yLndlYnA?v=1775136329"],"medium":["https:\/\/media.th4.com\/pmfqGxxWwD-4lK69Bn8rnzAP8lyjBs_EKvfE0n_lX7Y\/pr:550x550\/aHR0cDovL21lZGlhMi5kZXNpZ25wYXJ0bmVyLmZyL2MvcC8yMTY2My8yMTY2My0yMjQ3NC0xLndlYnA?v=1775136327","https:\/\/media.th4.com\/_7g5uOdizITFvxaLOHVU7rAahsP4VBvNWfRENFKBsHs\/pr:550x550\/aHR0cDovL21lZGlhMi5kZXNpZ25wYXJ0bmVyLmZyL2MvcC8yMTY2My8yMTY2My0yMjQ3NC0yLndlYnA?v=1775136329"],"medium_large":["https:\/\/media.th4.com\/8ahlCudd8t5rv4Vuyfi0MGmkpFXq5dDu8r2AFODpOs4\/pr:1000x1000\/aHR0cDovL21lZGlhMi5kZXNpZ25wYXJ0bmVyLmZyL2MvcC8yMTY2My8yMTY2My0yMjQ3NC0xLndlYnA?v=1775136327","https:\/\/media.th4.com\/RRJYJ6_MPK9Y4Bvj9CpUoHM0MDTubdUwR654MFprVLs\/pr:1000x1000\/aHR0cDovL21lZGlhMi5kZXNpZ25wYXJ0bmVyLmZyL2MvcC8yMTY2My8yMTY2My0yMjQ3NC0yLndlYnA?v=1775136329"],"large":["https:\/\/media.th4.com\/P3Z6K6MLzZebncLCf4ZKv4qJiECJsz6q3eLnWzUIiVc\/pr:1920\/aHR0cDovL21lZGlhMi5kZXNpZ25wYXJ0bmVyLmZyL2MvcC8yMTY2My8yMTY2My0yMjQ3NC0xLndlYnA?v=1775136327","https:\/\/media.th4.com\/t8ddHTqeE6o2E4LwsIx_pFk-SjlWGV_JrYggAOj4EvM\/pr:1920\/aHR0cDovL21lZGlhMi5kZXNpZ25wYXJ0bmVyLmZyL2MvcC8yMTY2My8yMTY2My0yMjQ3NC0yLndlYnA?v=1775136329"],"opengraph":["https:\/\/media.th4.com\/Mx7vNcIZ3F80SL8Oeoyvtn44M3WrGd075EmNUHw5F-A\/pr:1200x630\/aHR0cDovL21lZGlhMi5kZXNpZ25wYXJ0bmVyLmZyL2MvcC8yMTY2My8yMTY2My0yMjQ3NC0xLndlYnA?v=1775136327","https:\/\/media.th4.com\/V74CDrPgk3vtweCR4NGCBRkWlm_0cp7Jv820mET9tOI\/pr:1200x630\/aHR0cDovL21lZGlhMi5kZXNpZ25wYXJ0bmVyLmZyL2MvcC8yMTY2My8yMTY2My0yMjQ3NC0yLndlYnA?v=1775136329"]},"images_customization":{"miniature":["https:\/\/media.th4.com\/kWQ3APjmGm5tQagreHLy0tyGplc_4-4d7z0h5gMHlac\/pr:80\/aHR0cDovL21lZGlhMi5kZXNpZ25wYXJ0bmVyLmZyL2MvcC8yMTY2My8yMTY2My0yMjQ3NC0xLndlYnA?v=1775136327","https:\/\/media.th4.com\/TvbwlzG_e01AYJdF4Vd3kiVH60j3625kVwClLYRqTHs\/pr:80\/aHR0cDovL21lZGlhMi5kZXNpZ25wYXJ0bmVyLmZyL2MvcC8yMTY2My8yMTY2My0yMjQ3NC0yLndlYnA?v=1775136329"],"medium":["https:\/\/media.th4.com\/pmfqGxxWwD-4lK69Bn8rnzAP8lyjBs_EKvfE0n_lX7Y\/pr:550x550\/aHR0cDovL21lZGlhMi5kZXNpZ25wYXJ0bmVyLmZyL2MvcC8yMTY2My8yMTY2My0yMjQ3NC0xLndlYnA?v=1775136327","https:\/\/media.th4.com\/_7g5uOdizITFvxaLOHVU7rAahsP4VBvNWfRENFKBsHs\/pr:550x550\/aHR0cDovL21lZGlhMi5kZXNpZ25wYXJ0bmVyLmZyL2MvcC8yMTY2My8yMTY2My0yMjQ3NC0yLndlYnA?v=1775136329"],"medium_large":["https:\/\/media.th4.com\/8ahlCudd8t5rv4Vuyfi0MGmkpFXq5dDu8r2AFODpOs4\/pr:1000x1000\/aHR0cDovL21lZGlhMi5kZXNpZ25wYXJ0bmVyLmZyL2MvcC8yMTY2My8yMTY2My0yMjQ3NC0xLndlYnA?v=1775136327","https:\/\/media.th4.com\/RRJYJ6_MPK9Y4Bvj9CpUoHM0MDTubdUwR654MFprVLs\/pr:1000x1000\/aHR0cDovL21lZGlhMi5kZXNpZ25wYXJ0bmVyLmZyL2MvcC8yMTY2My8yMTY2My0yMjQ3NC0yLndlYnA?v=1775136329"],"large":["https:\/\/media.th4.com\/P3Z6K6MLzZebncLCf4ZKv4qJiECJsz6q3eLnWzUIiVc\/pr:1920\/aHR0cDovL21lZGlhMi5kZXNpZ25wYXJ0bmVyLmZyL2MvcC8yMTY2My8yMTY2My0yMjQ3NC0xLndlYnA?v=1775136327","https:\/\/media.th4.com\/t8ddHTqeE6o2E4LwsIx_pFk-SjlWGV_JrYggAOj4EvM\/pr:1920\/aHR0cDovL21lZGlhMi5kZXNpZ25wYXJ0bmVyLmZyL2MvcC8yMTY2My8yMTY2My0yMjQ3NC0yLndlYnA?v=1775136329"],"opengraph":["https:\/\/media.th4.com\/Mx7vNcIZ3F80SL8Oeoyvtn44M3WrGd075EmNUHw5F-A\/pr:1200x630\/aHR0cDovL21lZGlhMi5kZXNpZ25wYXJ0bmVyLmZyL2MvcC8yMTY2My8yMTY2My0yMjQ3NC0xLndlYnA?v=1775136327","https:\/\/media.th4.com\/V74CDrPgk3vtweCR4NGCBRkWlm_0cp7Jv820mET9tOI\/pr:1200x630\/aHR0cDovL21lZGlhMi5kZXNpZ25wYXJ0bmVyLmZyL2MvcC8yMTY2My8yMTY2My0yMjQ3NC0yLndlYnA?v=1775136329"]},"country_origin":"BD","traceability":{"manufacturing_country_id":null,"weaving_country_id":null,"dyeing_country_id":null},"sizes":[{"id":3,"article_id":533297,"class_id":3,"name":"S","on_standby":false,"stock_local":0,"stock_global":112,"multiple":1,"estimated_date_reassort":null,"is_destocking":false},{"id":2,"article_id":533298,"class_id":4,"name":"M","on_standby":false,"stock_local":0,"stock_global":75,"multiple":1,"estimated_date_reassort":null,"is_destocking":false},{"id":1,"article_id":533299,"class_id":5,"name":"L","on_standby":false,"stock_local":0,"stock_global":108,"multiple":1,"estimated_date_reassort":null,"is_destocking":false},{"id":4,"article_id":533300,"class_id":6,"name":"XL","on_standby":false,"stock_local":0,"stock_global":61,"multiple":1,"estimated_date_reassort":null,"is_destocking":false},{"id":1116,"article_id":533301,"class_id":7,"name":"2XL","on_standby":false,"stock_local":0,"stock_global":73,"multiple":1,"estimated_date_reassort":null,"is_destocking":false},{"id":1081,"article_id":533302,"class_id":8,"name":"3XL","on_standby":false,"stock_local":0,"stock_global":28,"multiple":1,"estimated_date_reassort":null,"is_destocking":false},{"id":16,"article_id":533303,"class_id":9,"name":"4XL","on_standby":false,"stock_local":0,"stock_global":132,"multiple":1,"estimated_date_reassort":null,"is_destocking":false},{"id":168,"article_id":544119,"class_id":10,"name":"5XL","on_standby":false,"stock_local":0,"stock_global":15,"multiple":1,"estimated_date_reassort":null,"is_destocking":false}],"page_links":{"fr":"\/fr\/p-re-r512x-recycled-utility-shorts-short-re-r512x-21663\/navy-22474\/","en":"\/en\/p-re-r512x-recycled-utility-shorts-short-re-r512x-21663\/navy-22474\/","de":"\/de\/p-re-r512x-recycled-utility-shorts-shorts-re-r512x-21663\/navy-22474\/","nl":"\/nl\/p-re-r512x-recycled-utility-shorts-werkshort-re-r512x-21663\/navy-22474\/","es":"\/es\/p-re-r512x-pantalon-corto-recycled-utility-shorts-re-r512x-21663\/navy-22474\/","it":"\/it\/p-re-r512x-recycled-utility-shorts-pantaloncini-re-r512x-21663\/navy-22474\/","sv":"\/sv\/p-re-r512x-recycled-utility-shorts-shorts-re-r512x-21663\/navy-22474\/","pt":"\/pt\/p-re-r512x-recycled-utility-shorts-calcoes-re-r512x-21663\/navy-22474\/","da":"\/da\/p-re-r512x-recycled-utility-shorts-shorts-re-r512x-21663\/navy-22474\/","pl":"\/pl\/p-re-r512x-recycled-utility-shorts-szorty-re-r512x-21663\/navy-22474\/"},"page_links_customization":{"fr":"\/fr\/p-re-r512x-recycled-utolity-shorts-21663\/navy-22474\/custom\/","en":"\/en\/p-re-r512x-recycled-utolity-shorts-21663\/navy-22474\/custom\/","de":"\/de\/p-re-r512x-recycled-utolity-shorts-21663\/navy-22474\/custom\/","nl":"\/nl\/p-re-r512x-recycled-utolity-shorts-21663\/navy-22474\/custom\/","es":"\/es\/p-re-r512x-recycled-utolity-shorts-21663\/navy-22474\/custom\/","it":"\/it\/p-re-r512x-recycled-utolity-shorts-21663\/navy-22474\/custom\/","sv":"\/sv\/p-re-r512x-recycled-utolity-shorts-21663\/navy-22474\/custom\/","pt":"\/pt\/p-re-r512x-recycled-utolity-shorts-21663\/navy-22474\/custom\/","da":"\/da\/p-re-r512x-recycled-utolity-shorts-21663\/navy-22474\/custom\/","pl":"\/pl\/p-re-r512x-recycled-utolity-shorts-21663\/navy-22474\/custom\/"}},{"id":364,"name":"black","class_ids":[4],"codes_hexa":["1a1a18"],"delai_24":false,"has_3d":false,"seuil_global":0,"stock_local":0,"stock_global":363,"on_standby":false,"in_catalog":true,"images":{"miniature":["https:\/\/media.th4.com\/N1fipBqwpk74bjpZcfg9r4OHWEfTYq3b1qox3EPxjpQ\/pr:80\/aHR0cDovL21lZGlhMi5kZXNpZ25wYXJ0bmVyLmZyL2MvcC8yMTY2My8yMTY2My0zNjQtMS53ZWJw?v=1775136325","https:\/\/media.th4.com\/TuEpozZJDTXSPMOPi-MNThu6q1PNUgjy02sNlY0CoAU\/pr:80\/aHR0cDovL21lZGlhMi5kZXNpZ25wYXJ0bmVyLmZyL2MvcC8yMTY2My8yMTY2My0zNjQtMi53ZWJw?v=1775136326"],"medium":["https:\/\/media.th4.com\/WlEyTzB84P8HPYtj5gfTBDFgTWIzxpkDx1kpwip_NF0\/pr:550x550\/aHR0cDovL21lZGlhMi5kZXNpZ25wYXJ0bmVyLmZyL2MvcC8yMTY2My8yMTY2My0zNjQtMS53ZWJw?v=1775136325","https:\/\/media.th4.com\/NK3Ezbun-aKpougnvXnHo-FgE3jf5EQDmbzdoxWcVzU\/pr:550x550\/aHR0cDovL21lZGlhMi5kZXNpZ25wYXJ0bmVyLmZyL2MvcC8yMTY2My8yMTY2My0zNjQtMi53ZWJw?v=1775136326"],"medium_large":["https:\/\/media.th4.com\/KBVFL95jDvLVQziA90eXjHtsWMOaQwcEZeMu7fDy_OY\/pr:1000x1000\/aHR0cDovL21lZGlhMi5kZXNpZ25wYXJ0bmVyLmZyL2MvcC8yMTY2My8yMTY2My0zNjQtMS53ZWJw?v=1775136325","https:\/\/media.th4.com\/wWv3_F4hxuvv_GSESR9rJX6-kXla_m2vXrbn2YDdL2Q\/pr:1000x1000\/aHR0cDovL21lZGlhMi5kZXNpZ25wYXJ0bmVyLmZyL2MvcC8yMTY2My8yMTY2My0zNjQtMi53ZWJw?v=1775136326"],"large":["https:\/\/media.th4.com\/XVet1uyx6uGe619Cv6xfUw4J4jDCJJcnlGxu6IrsAeo\/pr:1920\/aHR0cDovL21lZGlhMi5kZXNpZ25wYXJ0bmVyLmZyL2MvcC8yMTY2My8yMTY2My0zNjQtMS53ZWJw?v=1775136325","https:\/\/media.th4.com\/5eIiXcFJVNKZvof_jtBewiMO-5PbWCjwYtiRxh2Ny54\/pr:1920\/aHR0cDovL21lZGlhMi5kZXNpZ25wYXJ0bmVyLmZyL2MvcC8yMTY2My8yMTY2My0zNjQtMi53ZWJw?v=1775136326"],"opengraph":["https:\/\/media.th4.com\/a_VK0ISeOsb_krvU4v0kP7hIYJ9ic51OXqYIniBtia0\/pr:1200x630\/aHR0cDovL21lZGlhMi5kZXNpZ25wYXJ0bmVyLmZyL2MvcC8yMTY2My8yMTY2My0zNjQtMS53ZWJw?v=1775136325","https:\/\/media.th4.com\/Zby2rL4XXQjWcCreNPCSNXrCAoB984HZ6fYyglSYPgk\/pr:1200x630\/aHR0cDovL21lZGlhMi5kZXNpZ25wYXJ0bmVyLmZyL2MvcC8yMTY2My8yMTY2My0zNjQtMi53ZWJw?v=1775136326"]},"images_customization":{"miniature":["https:\/\/media.th4.com\/N1fipBqwpk74bjpZcfg9r4OHWEfTYq3b1qox3EPxjpQ\/pr:80\/aHR0cDovL21lZGlhMi5kZXNpZ25wYXJ0bmVyLmZyL2MvcC8yMTY2My8yMTY2My0zNjQtMS53ZWJw?v=1775136325","https:\/\/media.th4.com\/TuEpozZJDTXSPMOPi-MNThu6q1PNUgjy02sNlY0CoAU\/pr:80\/aHR0cDovL21lZGlhMi5kZXNpZ25wYXJ0bmVyLmZyL2MvcC8yMTY2My8yMTY2My0zNjQtMi53ZWJw?v=1775136326"],"medium":["https:\/\/media.th4.com\/WlEyTzB84P8HPYtj5gfTBDFgTWIzxpkDx1kpwip_NF0\/pr:550x550\/aHR0cDovL21lZGlhMi5kZXNpZ25wYXJ0bmVyLmZyL2MvcC8yMTY2My8yMTY2My0zNjQtMS53ZWJw?v=1775136325","https:\/\/media.th4.com\/NK3Ezbun-aKpougnvXnHo-FgE3jf5EQDmbzdoxWcVzU\/pr:550x550\/aHR0cDovL21lZGlhMi5kZXNpZ25wYXJ0bmVyLmZyL2MvcC8yMTY2My8yMTY2My0zNjQtMi53ZWJw?v=1775136326"],"medium_large":["https:\/\/media.th4.com\/KBVFL95jDvLVQziA90eXjHtsWMOaQwcEZeMu7fDy_OY\/pr:1000x1000\/aHR0cDovL21lZGlhMi5kZXNpZ25wYXJ0bmVyLmZyL2MvcC8yMTY2My8yMTY2My0zNjQtMS53ZWJw?v=1775136325","https:\/\/media.th4.com\/wWv3_F4hxuvv_GSESR9rJX6-kXla_m2vXrbn2YDdL2Q\/pr:1000x1000\/aHR0cDovL21lZGlhMi5kZXNpZ25wYXJ0bmVyLmZyL2MvcC8yMTY2My8yMTY2My0zNjQtMi53ZWJw?v=1775136326"],"large":["https:\/\/media.th4.com\/XVet1uyx6uGe619Cv6xfUw4J4jDCJJcnlGxu6IrsAeo\/pr:1920\/aHR0cDovL21lZGlhMi5kZXNpZ25wYXJ0bmVyLmZyL2MvcC8yMTY2My8yMTY2My0zNjQtMS53ZWJw?v=1775136325","https:\/\/media.th4.com\/5eIiXcFJVNKZvof_jtBewiMO-5PbWCjwYtiRxh2Ny54\/pr:1920\/aHR0cDovL21lZGlhMi5kZXNpZ25wYXJ0bmVyLmZyL2MvcC8yMTY2My8yMTY2My0zNjQtMi53ZWJw?v=1775136326"],"opengraph":["https:\/\/media.th4.com\/a_VK0ISeOsb_krvU4v0kP7hIYJ9ic51OXqYIniBtia0\/pr:1200x630\/aHR0cDovL21lZGlhMi5kZXNpZ25wYXJ0bmVyLmZyL2MvcC8yMTY2My8yMTY2My0zNjQtMS53ZWJw?v=1775136325","https:\/\/media.th4.com\/Zby2rL4XXQjWcCreNPCSNXrCAoB984HZ6fYyglSYPgk\/pr:1200x630\/aHR0cDovL21lZGlhMi5kZXNpZ25wYXJ0bmVyLmZyL2MvcC8yMTY2My8yMTY2My0zNjQtMi53ZWJw?v=1775136326"]},"country_origin":"BD","traceability":{"manufacturing_country_id":null,"weaving_country_id":null,"dyeing_country_id":null},"sizes":[{"id":3,"article_id":533290,"class_id":3,"name":"S","on_standby":false,"stock_local":0,"stock_global":78,"multiple":1,"estimated_date_reassort":null,"is_destocking":false},{"id":2,"article_id":533291,"class_id":4,"name":"M","on_standby":false,"stock_local":0,"stock_global":60,"multiple":1,"estimated_date_reassort":null,"is_destocking":false},{"id":1,"article_id":533292,"class_id":5,"name":"L","on_standby":false,"stock_local":0,"stock_global":45,"multiple":1,"estimated_date_reassort":null,"is_destocking":false},{"id":4,"article_id":533293,"class_id":6,"name":"XL","on_standby":false,"stock_local":0,"stock_global":61,"multiple":1,"estimated_date_reassort":null,"is_destocking":false},{"id":1116,"article_id":533294,"class_id":7,"name":"2XL","on_standby":false,"stock_local":0,"stock_global":61,"multiple":1,"estimated_date_reassort":null,"is_destocking":false},{"id":1081,"article_id":533295,"class_id":8,"name":"3XL","on_standby":false,"stock_local":0,"stock_global":13,"multiple":1,"estimated_date_reassort":null,"is_destocking":false},{"id":16,"article_id":533296,"class_id":9,"name":"4XL","on_standby":false,"stock_local":0,"stock_global":26,"multiple":1,"estimated_date_reassort":null,"is_destocking":false},{"id":168,"article_id":544118,"class_id":10,"name":"5XL","on_standby":false,"stock_local":0,"stock_global":19,"multiple":1,"estimated_date_reassort":null,"is_destocking":false}],"page_links":{"fr":"\/fr\/p-re-r512x-recycled-utility-shorts-short-re-r512x-21663\/black-364\/","en":"\/en\/p-re-r512x-recycled-utility-shorts-short-re-r512x-21663\/black-364\/","de":"\/de\/p-re-r512x-recycled-utility-shorts-shorts-re-r512x-21663\/black-364\/","nl":"\/nl\/p-re-r512x-recycled-utility-shorts-werkshort-re-r512x-21663\/black-364\/","es":"\/es\/p-re-r512x-pantalon-corto-recycled-utility-shorts-re-r512x-21663\/black-364\/","it":"\/it\/p-re-r512x-recycled-utility-shorts-pantaloncini-re-r512x-21663\/black-364\/","sv":"\/sv\/p-re-r512x-recycled-utility-shorts-shorts-re-r512x-21663\/black-364\/","pt":"\/pt\/p-re-r512x-recycled-utility-shorts-calcoes-re-r512x-21663\/black-364\/","da":"\/da\/p-re-r512x-recycled-utility-shorts-shorts-re-r512x-21663\/black-364\/","pl":"\/pl\/p-re-r512x-recycled-utility-shorts-szorty-re-r512x-21663\/black-364\/"},"page_links_customization":{"fr":"\/fr\/p-re-r512x-recycled-utolity-shorts-21663\/black-364\/custom\/","en":"\/en\/p-re-r512x-recycled-utolity-shorts-21663\/black-364\/custom\/","de":"\/de\/p-re-r512x-recycled-utolity-shorts-21663\/black-364\/custom\/","nl":"\/nl\/p-re-r512x-recycled-utolity-shorts-21663\/black-364\/custom\/","es":"\/es\/p-re-r512x-recycled-utolity-shorts-21663\/black-364\/custom\/","it":"\/it\/p-re-r512x-recycled-utolity-shorts-21663\/black-364\/custom\/","sv":"\/sv\/p-re-r512x-recycled-utolity-shorts-21663\/black-364\/custom\/","pt":"\/pt\/p-re-r512x-recycled-utolity-shorts-21663\/black-364\/custom\/","da":"\/da\/p-re-r512x-recycled-utolity-shorts-21663\/black-364\/custom\/","pl":"\/pl\/p-re-r512x-recycled-utolity-shorts-21663\/black-364\/custom\/"}}],"documentation_link":"\/pdf\/21663.pdf","countries_availables":["AD","AE","AL","AT","BA","BD","BE","BG","BL","CA","CH","CN","CO","CY","CZ","DE","DK","DO","EE","EG","ES","ET","FI","FR","GB","GE","GF","GP","GR","GT","HK","HN","HR","HT","HU","ID","IE","IN","IS","IT","JO","JP","KE","KH","KP","KR","LA","LK","LS","LT","LU","LV","MA","MF","MG","MK","MM","MN","MQ","MT","MX","MY","NC","NI","NL","PF","PH","PK","PL","PM","PT","RE","RO","SE","SG","SI","SK","SV","SY","TH","TN","TR","TW","TZ","US","VN","WF","YT"]},"infos_customization":[],"features":{"authorize_multi_surfaces":true,"display_order_delay_type":true,"promote_surface_display":true,"tarification_franco_offert":true,"enabled_3d_editor":false},"markings":[{"id":0,"nom":"vierge","finition":null,"libelle":null,"code":null,"dpi":null,"finesse_forme_isolee":null,"finesse_forme_non_isolee":null,"hauteur_minimale_texte":null,"inactif":0,"marquage_interne":1,"quantite_min":null,"parent_id":null,"print_on_support":0,"content":"vierge","description":null},{"id":2,"nom":"fonce","finition":"optimale","libelle":"TopQuadri","code":null,"dpi":400,"finesse_forme_isolee":"0.040","finesse_forme_non_isolee":"0.700","hauteur_minimale_texte":2,"inactif":0,"marquage_interne":1,"quantite_min":null,"parent_id":18,"print_on_support":0,"content":"TopQuadri","description":"pour petites et moyennes s\u00e9ries"},{"id":3,"nom":"serigraphie","finition":"serigraphie","libelle":"SeriCoat","code":null,"dpi":400,"finesse_forme_isolee":"0.040","finesse_forme_non_isolee":"0.700","hauteur_minimale_texte":2,"inactif":0,"marquage_interne":1,"quantite_min":15,"parent_id":18,"print_on_support":0,"content":"SeriCoat","description":"pour moyennes et grandes s\u00e9ries"},{"id":4,"nom":"broderie","finition":"broderie","libelle":"Broderie","code":null,"dpi":400,"finesse_forme_isolee":"0.040","finesse_forme_non_isolee":"0.700","hauteur_minimale_texte":3,"inactif":0,"marquage_interne":1,"quantite_min":null,"parent_id":null,"print_on_support":0,"content":"Broderie","description":null},{"id":8,"nom":"theme","finition":null,"libelle":"Th\u00e8me","code":null,"dpi":null,"finesse_forme_isolee":null,"finesse_forme_non_isolee":null,"hauteur_minimale_texte":null,"inactif":0,"marquage_interne":1,"quantite_min":null,"parent_id":null,"print_on_support":0,"content":"Th\u00e8me","description":null},{"id":9,"nom":"sans","finition":null,"libelle":null,"code":null,"dpi":null,"finesse_forme_isolee":null,"finesse_forme_non_isolee":null,"hauteur_minimale_texte":null,"inactif":0,"marquage_interne":1,"quantite_min":null,"parent_id":null,"print_on_support":0,"content":"sans","description":null},{"id":10,"nom":"photo","finition":null,"libelle":"Photo","code":null,"dpi":null,"finesse_forme_isolee":null,"finesse_forme_non_isolee":null,"hauteur_minimale_texte":null,"inactif":0,"marquage_interne":1,"quantite_min":null,"parent_id":null,"print_on_support":0,"content":"Photo","description":null},{"id":14,"nom":"couleur","finition":null,"libelle":"Couleur","code":null,"dpi":null,"finesse_forme_isolee":null,"finesse_forme_non_isolee":null,"hauteur_minimale_texte":null,"inactif":0,"marquage_interne":1,"quantite_min":null,"parent_id":null,"print_on_support":0,"content":"Couleur","description":null},{"id":15,"nom":"sublimation","finition":"sublimation","libelle":"Sublimation","code":null,"dpi":null,"finesse_forme_isolee":"0.000","finesse_forme_non_isolee":"0.000","hauteur_minimale_texte":2,"inactif":0,"marquage_interne":1,"quantite_min":null,"parent_id":null,"print_on_support":0,"content":"Sublimation","description":null},{"id":16,"nom":"topquadri_uv","finition":null,"libelle":"TopQuadri UV","code":null,"dpi":null,"finesse_forme_isolee":"0.020","finesse_forme_non_isolee":"0.700","hauteur_minimale_texte":2,"inactif":0,"marquage_interne":1,"quantite_min":null,"parent_id":null,"print_on_support":1,"content":null,"description":null},{"id":17,"nom":"topquadri_uvp","finition":null,"libelle":"TopQuadri UVP","code":null,"dpi":null,"finesse_forme_isolee":"0.020","finesse_forme_non_isolee":"0.700","hauteur_minimale_texte":2,"inactif":0,"marquage_interne":1,"quantite_min":null,"parent_id":null,"print_on_support":1,"content":null,"description":null},{"id":18,"nom":"quadri","finition":null,"libelle":"Impression","code":null,"dpi":null,"finesse_forme_isolee":null,"finesse_forme_non_isolee":null,"hauteur_minimale_texte":null,"inactif":0,"marquage_interne":1,"quantite_min":null,"parent_id":null,"print_on_support":0,"content":null,"description":null}]}}