{"data":{"product":{"id":21661,"titre":"Recycled action overall with zip front","description":"Une combinaison fabriqu\u00e9e en polyester recycl\u00e9 pour un excellent rapport qualit\u00e9 prix ; un produit r\u00e9sistant et pratique avec beaucoup de poches et un dos \u00e9lastiqu\u00e9 offrant un confort tout au long de la journ\u00e9e. Respirant. Coupe-vent. Fermeture zipp\u00e9e YKK \u00e0 deux directions avec rabat de protection ext\u00e9rieur. Poches lat\u00e9rales avec grand acc\u00e8s. Poches arri\u00e8re plaqu\u00e9es et zipp\u00e9es. Taille \u00e9lastiqu\u00e9 dans le dos. Poignets et chevilles ouverts. Coutures renforc\u00e9es sur les points de contrainte. R\u00e9sistant et robuste. Panneau arri\u00e8re \u00e0 soufflet. Col ferm\u00e9 par boutons-pression. Poche stylo sur la manche. Poche poitrine zipp\u00e9e. Poche m\u00e8tre. Patte de suspension. Sans doublure. Fabriqu\u00e9 \u00e0 partir de fils durables de qualit\u00e9 sup\u00e9rieure en utilisant \u00e0 100% des bouteilles en plastique PET apr\u00e8s consommation. Composition : 100 % polyester serg\u00e9 recycl\u00e9.","genre":"mixte","grammage":270,"conditionnement":10,"composition":"polyester,polyester_uniquement","reference":"re-r510x","reference_visible":"re-r510x","reference_fabricant":"R510X","ref_xor":"721624","in_catalog":true,"is_transfer":false,"is_service":false,"on_standby":false,"has_3d":false,"has_size_guide":false,"has_marking":true,"has_vierge":true,"is_cross_sellable":false,"id_picto":105,"filename_3d":null,"brand":{"id":16,"name":"Result","logo":"logo-result.png","image":"https:\/\/media.th4.com\/R4AINn4EcZGXmGADkvSPvxFxj-96N0ZW37kUw9NCIp8\/pr:brand70x70\/aHR0cDovL21lZGlhMi5kZXNpZ25wYXJ0bmVyLmZyL2MvbS9sb2dvLXJlc3VsdC5wbmc?v=1769696384"},"price_infos":{"price_from":29.86,"quantity":100,"color":{"id":22474,"name":"navy"},"size":{"id":2,"name":"M"}},"price_infos_marking":{"price_from":32.93,"quantity":100,"color":{"id":22474,"name":"navy"},"size":{"id":2,"name":"M"},"marking":{"id":2,"name":""},"emplacement":"avant","surface_emplacement_id":1,"surface":"coeur"},"i18n":{"blank":{"title":{"fr":"Salopette recycl\u00e9e zipp\u00e9e combinaison cotte RESULT r510x","en":"Recycled zip-front bib overalls coverall RESULT r510x","de":"Recycelte Latzhose mit Rei\u00dfverschluss Overall Kombi RESULT r510x","nl":"Gerecyclede overall met rits, werkoverall RESULT r510x","es":"Mono peto reciclado con cremallera combinaci\u00f3n RESULT r510x","it":"Salopette riciclata con zip tuta bretelle RESULT r510x","sv":"\u00c5tervunna h\u00e4ngselbyxor med dragkedja overall h\u00e4ngselbyxa RESULT r510x","pt":"Jardineira reciclada com fecho de correr macac\u00e3o jardineira RESULT r510x","da":"Genanvendt overalls med lynlas kombinationskedragt sm\u00e6kbukser RESULT r510x","pl":"Kombinezon roboczy z recyklingu z zamkiem b\u0142yskawicznym RESULT r510x"},"description":{"fr":"La Salopette Recycl\u00e9e Zipp\u00e9e est une combinaison cotte en serg\u00e9 recycl\u00e9, con\u00e7ue pour le travail avec une fermeture zipp\u00e9e deux directions, un dos \u00e9lastiqu\u00e9 et des poches fonctionnelles. Col \u00e0 boutons pression, chevilles ouvertes et panneau arri\u00e8re \u00e0 soufflet.\n\n- Composition : polyester serg\u00e9 recycl\u00e9\n- Fermeture zipp\u00e9e deux directions\n- Dos \u00e9lastiqu\u00e9, panneau arri\u00e8re \u00e0 soufflet\n- Poches lat\u00e9rales, poitrine et arri\u00e8re zipp\u00e9es","en":"The Recycled Zip-Front Bib Overalls are coverall-style bib overalls in recycled twill, designed for work with a two-way zip closure, an elasticated back and functional pockets. Press-stud collar, open ankles and gusseted back panel.\n\n- Composition: recycled polyester twill\n- Two-way zip closure\n- Elasticated back, gusseted back panel\n- Side, chest and back zip pockets","de":"Die Recycelte Latzhose mit Rei\u00dfverschluss ist ein Overall aus recyceltem K\u00f6pergewebe, f\u00fcr die Arbeit konzipiert, mit Zwei-Wege-Rei\u00dfverschluss, elastischem R\u00fccken und funktionalen Taschen. Kragen mit Druckkn\u00f6pfen, offene Kn\u00f6chel und hinterer Zwickeleinsatz.\n\n- Zusammensetzung: recycelter Polyester-K\u00f6per\n- Zwei-Wege-Rei\u00dfverschluss\n- Elastischer R\u00fccken, hinterer Zwickeleinsatz\n- Seiten-, Brust- und Ges\u00e4\u00dftaschen mit Rei\u00dfverschluss","nl":"De gerecyclede overall met rits is een werkoverall van gerecyclede keperstof, ontworpen voor werk met een tweeweg-ritssluiting, een elastische rug en functionele zakken. Drukknoopkraag, open enkels en achterpaneel met plooi.\n\n- Samenstelling: gerecyclede polyester keperstof\n- Tweeweg-ritssluiting\n- Elastische rug, achterpaneel met plooi\n- Zijzakken, borst- en achterzakken met rits","es":"El mono peto reciclado con cremallera es una combinaci\u00f3n tipo peto en sarga reciclada, dise\u00f1ada para el trabajo, con cremallera bidireccional, espalda el\u00e1stica y bolsillos funcionales. Cuello con botones a presi\u00f3n, tobillos abiertos y panel trasero con fuelle.\n\n- Composici\u00f3n: poli\u00e9ster de sarga reciclada\n- Cremallera bidireccional\n- Espalda el\u00e1stica, panel trasero con fuelle\n- Bolsillos laterales, en el pecho y traseros con cremallera","it":"La Salopette riciclata con zip \u00e8 una tuta con bretelle in twill riciclato, progettata per il lavoro con una chiusura a zip a doppio cursore, una schiena elasticizzata e tasche funzionali. Colletto con bottoni a pressione, caviglie aperte e pannello posteriore con soffietto.\n\n- Composizione: poliestere twill riciclato\n- Chiusura a zip a doppio cursore\n- Schiena elasticizzata, pannello posteriore con soffietto\n- Tasche laterali, sul petto e posteriori con zip","sv":"\u00c5tervunna h\u00e4ngselbyxor med dragkedja \u00e4r en overall h\u00e4ngselbyxa i \u00e5tervunnen twill, avsedd f\u00f6r arbete med tv\u00e5v\u00e4gsdragkedja, elastiskt ryggparti och funktionella fickor. Krage med tryckknappar, \u00f6ppna anklar och bakstycke med kil.\n\n- Sammans\u00e4ttning: \u00e5tervunnen twillpolyester\n- Tv\u00e5v\u00e4gsdragkedja\n- Elastiskt ryggparti, bakstycke med kil\n- Sidofickor, br\u00f6st- och bakfickor med dragkedja","pt":"A Jardineira Reciclada com Fecho de Correr \u00e9 um macac\u00e3o jardineira em sarja reciclada, concebido para o trabalho, com fecho de correr de duas vias, costas el\u00e1sticas e bolsos funcionais. Gola com bot\u00f5es de press\u00e3o, tornozelos abertos e painel traseiro com fole.\n\n- Composi\u00e7\u00e3o: poli\u00e9ster em sarja reciclada\n- Fecho de correr de duas vias\n- Costas el\u00e1sticas, painel traseiro com fole\n- Bolsos laterais, no peito e traseiros com fecho de correr","da":"Genanvendt overalls med lynlas er en kombinationskedragt sm\u00e6kbukser i genanvendt twill, designet til arbejde med tovejs lynlas, elastik i ryggen og funktionelle lommer. Krave med trykknapper, \u00e5bne ankler og bagpanel med l\u00e6g.\n\n- Sammens\u00e6tning: genanvendt polyester twill\n- Tovejs lynlas\n- Elastik i ryggen, bagpanel med l\u00e6g\n- Side-, bryst- og baglommer med lynl\u00e5s","pl":"Kombinezon roboczy z recyklingu z zamkiem b\u0142yskawicznym to ogrodniczki z diagonalu z recyklingu, przeznaczone do pracy, z dwukierunkowym zamkiem b\u0142yskawicznym, elastycznym ty\u0142em i funkcjonalnymi kieszeniami. Ko\u0142nierz z zatrzaskami, otwarte nogawki i tylny panel z klinem.\n\n- Sk\u0142ad: poliester, diagonal z recyklingu\n- Dwukierunkowy zamek b\u0142yskawiczny\n- Elastyczny ty\u0142, tylny panel z klinem\n- Kieszenie boczne, na piersi i z ty\u0142u na zamek b\u0142yskawiczny"},"h1":{"fr":"Salopette recycl\u00e9e zipp\u00e9e combinaison cotte r510x","en":"Recycled zip-front bib overalls coverall r510x","de":"Recycelte Latzhose mit Rei\u00dfverschluss Overall Kombi r510x","nl":"Gerecyclede overall met rits, werkoverall r510x","es":"Mono peto reciclado con cremallera combinaci\u00f3n r510x","it":"Salopette riciclata con zip tuta bretelle r510x","sv":"\u00c5tervunna h\u00e4ngselbyxor med dragkedja overall h\u00e4ngselbyxa r510x","pt":"Jardineira reciclada com fecho de correr macac\u00e3o jardineira r510x","da":"Genanvendt overalls med lynlas kombinationskedragt sm\u00e6kbukser r510x","pl":"Kombinezon roboczy z recyklingu z zamkiem b\u0142yskawicznym r510x"},"meta_description":{"fr":"Salopette Recycl\u00e9e Zipp\u00e9e combinaison cotte r510x avec fermeture zipp\u00e9e deux directions, dos \u00e9lastiqu\u00e9, poches zipp\u00e9es et coutures renforc\u00e9es.","en":"Recycled zip-front bib overalls coverall r510x with two-way zip closure, elasticated back, zip pockets and reinforced seams.","de":"Recycelte Latzhose mit Rei\u00dfverschluss Overall Kombi r510x mit Zwei-Wege-Rei\u00dfverschluss, elastischem R\u00fccken, Rei\u00dfverschlusstaschen und verst\u00e4rkten N\u00e4hten.","nl":"Gerecyclede overall met rits werkoverall r510x met tweeweg-ritssluiting, elastische rug, ritszakken en verstevigde naden.","es":"Mono peto reciclado con cremallera combinaci\u00f3n r510x con cremallera bidireccional, espalda el\u00e1stica, bolsillos con cremallera y costuras reforzadas.","it":"Salopette riciclata con zip tuta bretelle r510x con chiusura a zip a doppio cursore, schiena elasticizzata, tasche con zip e cuciture rinforzate.","sv":"\u00c5tervunna h\u00e4ngselbyxor med dragkedja overall h\u00e4ngselbyxa r510x med tv\u00e5v\u00e4gsdragkedja, elastiskt ryggparti, fickor med dragkedja och f\u00f6rst\u00e4rkta s\u00f6mmar.","pt":"Jardineira reciclada com fecho de correr macac\u00e3o jardineira r510x com fecho de correr de duas vias, costas el\u00e1sticas, bolsos com fecho de correr e costuras refor\u00e7adas.","da":"Genanvendt overalls med lynlas kombinationskedragt sm\u00e6kbukser r510x med tovejs lynlas, elastik i ryggen, lynl\u00e5s-lommer og forst\u00e6rkede s\u00f8mme.","pl":"Kombinezon roboczy z recyklingu z zamkiem b\u0142yskawicznym r510x z dwukierunkowym zamkiem b\u0142yskawicznym, elastycznym ty\u0142em, kieszeniami na zamek i wzmocnionymi szwami."}},"custom":{"title":{"fr":"Recycled combinaison zipp\u00e9e RESULT re-r510x personnalisable","en":"Recycled zip coverall RESULT re-r510x customizable","de":"Recycled Rei\u00dfverschluss-Overall RESULT re-r510x personalisierbar","nl":"Gerecyclede werkoverall met ritssluiting RESULT re-r510x personaliseerbaar","es":"Mono con cremallera reciclado RESULT re-r510x personalizable","it":"Tuta Recycled con zip RESULT re-r510x personalizzabile","sv":"Recycled blixtl\u00e5soverall RESULT re-r510x anpassningsbar","pt":"Fato-macaco com fecho de correr reciclado RESULT re-r510x personaliz\u00e1vel","da":"Recycled lynl\u00e5st kedeldragt RESULT re-r510x kan tilpasses","pl":"Recycled kombinezon z zamkiem b\u0142yskawicznym RESULT re-r510x do personalizacji"},"description":{"fr":"La Recycled Combinaison Zipp\u00e9e est une combinaison de travail en polyester serg\u00e9 recycl\u00e9, avec fermeture zipp\u00e9e deux directions, col \u00e0 boutons-pression et dos \u00e9lastiqu\u00e9. Les poches lat\u00e9rales, poitrine, arri\u00e8re, stylo et m\u00e8tre facilitent l\u2019organisation. Poignets et chevilles ouverts, panneau arri\u00e8re \u00e0 soufflet et coutures renforc\u00e9es. Personnalisable pour marquage.\n\n- Composition : 100 % polyester serg\u00e9 recycl\u00e9\n- Fermeture zipp\u00e9e deux directions\n- Poches multiples, dont poitrine zipp\u00e9e\n- Personnalisable pour marquage","en":"The Recycled Zip Coverall is a work coverall in recycled polyester twill, with a two-way zip closure, press-stud collar and elasticated back. Side, chest, back, pen and ruler pockets support organization. Open cuffs and ankles, gusseted back panel and reinforced seams. Customizable for printing.\n\n- Composition: 100% recycled polyester twill\n- Two-way zip closure\n- Multiple pockets, including a zip chest pocket\n- Customizable for printing","de":"Der Recycled Rei\u00dfverschluss-Overall ist ein Arbeitsoverall aus recyceltem Polyester-Twill, mit Zwei-Wege-Rei\u00dfverschluss, Druckknopfkragen und elastischem R\u00fccken. Seiten-, Brust-, Ges\u00e4\u00df-, Stift- und Meterstabtaschen erleichtern die Organisation. Offene B\u00fcndchen und offene Kn\u00f6chel, R\u00fcckenteil mit Zwickel und verst\u00e4rkte N\u00e4hte. Personalisierbar f\u00fcr Veredelung.\n\n- Zusammensetzung: 100 % recycelter Polyester-Twill\n- Zwei-Wege-Rei\u00dfverschluss\n- Mehrere Taschen, darunter eine Brusttasche mit Rei\u00dfverschluss\n- Personalisierbar f\u00fcr Veredelung","nl":"De gerecyclede werkoverall met ritssluiting is een werkoverall van gerecycled polyester keper, met tweewegritssluiting, kraag met drukknopen en elastische rug. Zakken aan de zijkant, op de borst, achteraan, voor pen en rolmaat ondersteunen de organisatie. Open manchetten en enkels, achterpaneel met inzetstuk en verstevigde naden. Personaliseerbaar voor bedrukking.\n\n- Samenstelling: 100% gerecycled polyester keper\n- Tweewegritssluiting\n- Meerdere zakken, waaronder een borstzak met rits\n- Personaliseerbaar voor bedrukking","es":"El mono con cremallera reciclado es un mono de trabajo de poliester sarga reciclada, con cierre de cremallera de dos direcciones, cuello con botones de presion y espalda elasticada. Los bolsillos laterales, de pecho, traseros, para boligrafo y para metro facilitan la organizacion. Pun\n\n- Composicion: 100 % poliester sarga reciclada\n- Cierre de cremallera de dos direcciones\n- Bolsillos multiples, incluido bolsillo de pecho con cremallera\n- Personalizable para marcaje","it":"La tuta Recycled con zip \u00e8 una tuta da lavoro in poliestere twill riciclato, con chiusura con zip a due vie, colletto con bottoni a pressione e schiena elasticizzata. Le tasche laterali, sul petto, posteriori, portapenna e porta metro facilitano l\\\"organizzazione. Polsini e caviglie aperti, pannello posteriore con soffietto e cuciture rinforzate. Personalizzabile per marcatura.\n\n- Composizione: 100% poliestere twill riciclato\n- Chiusura con zip a due vie\n- Tasche multiple, inclusa tasca sul petto con zip\n- Personalizzabile per marcatura","sv":"Recycled Blixtl\u00e5soverall \u00e4r en arbetsoverall i \u00e5tervunnen polyestertwill, med tv\u00e5v\u00e4gsblixtl\u00e5s, krage med tryckknappar och res\u00e5r i ryggen. Sidofickor, br\u00f6stficka, bakfickor, pennficka och tumstocksficka underl\u00e4ttar organiseringen. \u00d6ppna \u00e4rmslut och benslut, bakpanel med kil och f\u00f6rst\u00e4rkta s\u00f6mmar. Anpassningsbar f\u00f6r m\u00e4rkning.\n\n- Material: 100 % \u00e5tervunnen polyestertwill\n- Tv\u00e5v\u00e4gsblixtl\u00e5s\n- Flera fickor, inklusive br\u00f6stficka med blixtl\u00e5s\n- Anpassningsbar f\u00f6r m\u00e4rkning","pt":"O Fato-macaco com Fecho de Correr Reciclado \u00e9 um fato-macaco de trabalho em poli\u00e9ster sarja reciclado, com fecho de correr de duas dire\u00e7\u00f5es, gola com bot\u00f5es de press\u00e3o e costas el\u00e1sticas. Os bolsos laterais, no peito, traseiros, para caneta e para metro facilitam a organiza\u00e7\u00e3o. Punhos e tornozelos abertos, painel traseiro com fole e costuras refor\u00e7adas. Personaliz\u00e1vel para marca\u00e7\u00e3o.\n\n- Composi\u00e7\u00e3o: 100% poli\u00e9ster sarja reciclado\n- Fecho de correr de duas dire\u00e7\u00f5es\n- V\u00e1rios bolsos, incluindo bolso no peito com fecho de correr\n- Personaliz\u00e1vel para marca\u00e7\u00e3o","da":"Recycled lynl\u00e5st kedeldragt er en arbejdsdragt i genanvendt polyester-twill med tovejs lynl\u00e5s, krave med trykknapper og elastik i ryggen. Sidelommer, brystlomme, baglomme, penlomme og tommestoklomme letter organiseringen. \u00c5bne manchetter og ankler, bagpanel med kile og forst\u00e6rkede syninger. Kan tilpasses til tryk.\n\n- Sammens\u00e6tning: 100 % genanvendt polyester-twill\n- Tovejs lynl\u00e5s\n- Flere lommer, herunder brystlomme med lynl\u00e5s\n- Kan tilpasses til tryk","pl":"Recycled Kombinezon z Zamkiem B\u0142yskawicznym to kombinezon roboczy z recyklingowanego poliestru o splocie sko\u015bnym, z dwukierunkowym zamkiem b\u0142yskawicznym, ko\u0142nierzem na zatrzaski i elastycznym ty\u0142em. Kieszenie boczne, na piersi, tylne, na d\u0142ugopis i miark\u0119 u\u0142atwiaj\u0105 organizacj\u0119. Otwarte mankiety i nogawki, tylny panel z klinem oraz wzmocnione szwy. Do personalizacji pod nadruk.\n\n- Sk\u0142ad: 100% poliester z recyklingu, splot sko\u015bny\n- Dwukierunkowy zamek b\u0142yskawiczny\n- Liczne kieszenie, w tym kiesze\u0144 na piersi na zamek b\u0142yskawiczny\n- Do personalizacji pod nadruk"},"h1":{"fr":"Recycled combinaison zipp\u00e9e re-r510x personnalisable","en":"Recycled zip coverall re-r510x customizable","de":"Recycled Rei\u00dfverschluss-Overall re-r510x personalisierbar","nl":"Gerecyclede werkoverall met ritssluiting re-r510x personaliseerbaar","es":"Mono con cremallera reciclado re-r510x personalizable","it":"Tuta Recycled con zip re-r510x personalizzabile","sv":"Recycled blixtl\u00e5soverall re-r510x anpassningsbar","pt":"Fato-macaco com fecho de correr reciclado re-r510x personaliz\u00e1vel","da":"Recycled lynl\u00e5st kedeldragt re-r510x kan tilpasses","pl":"Recycled kombinezon z zamkiem b\u0142yskawicznym re-r510x do personalizacji"},"meta_description":{"fr":"Combinaison en polyester serg\u00e9 recycl\u00e9, fermeture zipp\u00e9e deux directions, poches multiples, dos \u00e9lastiqu\u00e9. Personnalisable pour marquage.","en":"Coverall in recycled polyester twill, two-way zip closure, multiple pockets, elasticated back. Customizable for printing.","de":"Overall aus recyceltem Polyester-Twill, Zwei-Wege-Rei\u00dfverschluss, mehrere Taschen, elastischer R\u00fccken. Personalisierbar f\u00fcr Veredelung.","nl":"Werkoverall van gerecycled polyester keper, tweewegritssluiting, meerdere zakken, elastische rug. Personaliseerbaar voor bedrukking.","es":"Mono de poliester sarga reciclada, cierre de cremallera de dos direcciones, bolsillos multiples, espalda elasticada. Personalizable para marcaje.","it":"Tuta in poliestere twill riciclato, chiusura con zip a due vie, tasche multiple, schiena elasticizzata. Personalizzabile per marcatura.","sv":"Overall i \u00e5tervunnen polyestertwill, tv\u00e5v\u00e4gsblixtl\u00e5s, flera fickor, res\u00e5r i ryggen. Anpassningsbar f\u00f6r m\u00e4rkning.","pt":"Fato-macaco em poli\u00e9ster sarja reciclado, fecho de correr de duas dire\u00e7\u00f5es, v\u00e1rios bolsos, costas el\u00e1sticas. Personaliz\u00e1vel para marca\u00e7\u00e3o.","da":"Kedeldragt i genanvendt polyester-twill, tovejs lynl\u00e5s, flere lommer, elastik i ryggen. Kan tilpasses til tryk.","pl":"Kombinezon z recyklingowanego poliestru o splocie sko\u015bnym, dwukierunkowy zamek b\u0142yskawiczny, liczne kieszenie, elastyczny ty\u0142. Do personalizacji pod nadruk."}}},"categories":[{"id":309,"name":"Combinaisons et salopettes","singular":"Combinaison et salopette","is_feminin":true},{"id":522,"name":"Combinaisons et cottes","singular":"Combinaison et cotte","is_feminin":false},{"id":561,"name":"BTP et Industrie","singular":"BTP et Industrie","is_feminin":false},{"id":559,"name":"Univers","singular":"Univers","is_feminin":false},{"id":354,"name":"Textile","singular":"Textile","is_feminin":false}],"certifications":[],"videos":{"fr":[],"en":[],"de":[],"nl":[],"es":[],"it":[],"sv":[],"pt":[],"da":[],"pl":[]},"main_images":{"miniature":"https:\/\/media.th4.com\/0m61V22LAZTyizS9eKfYuI54C0fAsykRzz24F5RzQ_w\/pr:80\/aHR0cDovL21lZGlhMi5kZXNpZ25wYXJ0bmVyLmZyL2MvcC1ibGFuay1USC8yMTY2MS53ZWJw?v=1769424975","medium":"https:\/\/media.th4.com\/sIpXptFG0UABvAddexPXh9HiR81HJLoXRQd-TtaFhvQ\/pr:550x550greybg\/aHR0cDovL21lZGlhMi5kZXNpZ25wYXJ0bmVyLmZyL2MvcC1ibGFuay1USC8yMTY2MS53ZWJw?v=1769424975","medium_large":"https:\/\/media.th4.com\/BhjCQwiIPMTSSVK3mF5jzWTRH1fspqtupV5bvHlWnjo\/pr:1000x1000greybg\/aHR0cDovL21lZGlhMi5kZXNpZ25wYXJ0bmVyLmZyL2MvcC1ibGFuay1USC8yMTY2MS53ZWJw?v=1769424975","large":"https:\/\/media.th4.com\/RHFWUnelJOYHqbN1_eia4cdjFSquVT11UGIGxaGQF8s\/pr:1920greybg\/aHR0cDovL21lZGlhMi5kZXNpZ25wYXJ0bmVyLmZyL2MvcC1ibGFuay1USC8yMTY2MS53ZWJw?v=1769424975","opengraph":"https:\/\/media.th4.com\/uHI4Bt1BtAy7qJq8lAhOolh4ovYj7mPdOToGcnolL5I\/pr:1200x630greybg\/aHR0cDovL21lZGlhMi5kZXNpZ25wYXJ0bmVyLmZyL2MvcC1ibGFuay1USC8yMTY2MS53ZWJw?v=1769424975"},"main_images_customization":{"miniature":"https:\/\/media.th4.com\/KYAQoWTRX2zpr8WEXkdfO9_rha6LFhoqPltaASQWWdU\/pr:80\/aHR0cDovL21lZGlhMi5kZXNpZ25wYXJ0bmVyLmZyL2MvcC1jdXN0b20tVEgvMjE2NjEud2VicA?v=1769425111","medium":"https:\/\/media.th4.com\/5YkeVwnXoVKzxKbEi-rD7VUvQ1YB8pHYf9vhpC676c8\/pr:550x550greybg\/aHR0cDovL21lZGlhMi5kZXNpZ25wYXJ0bmVyLmZyL2MvcC1jdXN0b20tVEgvMjE2NjEud2VicA?v=1769425111","medium_large":"https:\/\/media.th4.com\/YP9uAWvvokfOfRmMLUEgJPughVkEcgv3At72PHUi3Hg\/pr:1000x1000greybg\/aHR0cDovL21lZGlhMi5kZXNpZ25wYXJ0bmVyLmZyL2MvcC1jdXN0b20tVEgvMjE2NjEud2VicA?v=1769425111","large":"https:\/\/media.th4.com\/U0718QmrzNR8Z9PhSSsQ2o4ZGz2UrqyBLY4vHqrXicI\/pr:1920greybg\/aHR0cDovL21lZGlhMi5kZXNpZ25wYXJ0bmVyLmZyL2MvcC1jdXN0b20tVEgvMjE2NjEud2VicA?v=1769425111","opengraph":"https:\/\/media.th4.com\/ElvDElHjicHvEiHtts-R0DCe-F1rsg02MUVxcyoC-jw\/pr:1200x630greybg\/aHR0cDovL21lZGlhMi5kZXNpZ25wYXJ0bmVyLmZyL2MvcC1jdXN0b20tVEgvMjE2NjEud2VicA?v=1769425111"},"page_links":{"fr":"\/fr\/p-re-r510x-salopette-recyclee-zippee-combinaison-cotte-r510x-21661\/","en":"\/en\/p-re-r510x-recycled-zip-front-bib-overalls-coverall-r510x-21661\/","de":"\/de\/p-re-r510x-recycelte-latzhose-mit-reiszverschluss-overall-kombi-r510x-21661\/","nl":"\/nl\/p-re-r510x-gerecyclede-overall-met-rits-werkoverall-r510x-21661\/","es":"\/es\/p-re-r510x-mono-peto-reciclado-con-cremallera-combinacion-r510x-21661\/","it":"\/it\/p-re-r510x-salopette-riciclata-con-zip-tuta-bretelle-r510x-21661\/","sv":"\/sv\/p-re-r510x-atervunna-hangselbyxor-med-dragkedja-overall-hangselbyxa-r510x-21661\/","pt":"\/pt\/p-re-r510x-jardineira-reciclada-com-fecho-de-correr-macacao-jardineira-r510x-21661\/","da":"\/da\/p-re-r510x-genanvendt-overalls-med-lynlas-kombinationskedragt-smaekbukser-r510x-21661\/","pl":"\/pl\/p-re-r510x-kombinezon-roboczy-z-recyklingu-z-zamkiem-blyskawicznym-r510x-21661\/"},"page_links_customization":{"fr":"\/fr\/p-re-r510x-recycled-combinaison-zippee-re-r510x-personnalisable-21661\/custom\/","en":"\/en\/p-re-r510x-recycled-zip-coverall-re-r510x-customizable-21661\/custom\/","de":"\/de\/p-re-r510x-recycled-reiszverschluss-overall-re-r510x-personalisierbar-21661\/custom\/","nl":"\/nl\/p-re-r510x-gerecyclede-werkoverall-met-ritssluiting-re-r510x-personaliseerbaar-21661\/custom\/","es":"\/es\/p-re-r510x-mono-con-cremallera-reciclado-re-r510x-personalizable-21661\/custom\/","it":"\/it\/p-re-r510x-tuta-recycled-con-zip-re-r510x-personalizzabile-21661\/custom\/","sv":"\/sv\/p-re-r510x-recycled-blixtlasoverall-re-r510x-anpassningsbar-21661\/custom\/","pt":"\/pt\/p-re-r510x-fato-macaco-com-fecho-de-correr-reciclado-re-r510x-personalizavel-21661\/custom\/","da":"\/da\/p-re-r510x-recycled-lynlast-kedeldragt-re-r510x-kan-tilpasses-21661\/custom\/","pl":"\/pl\/p-re-r510x-recycled-kombinezon-z-zamkiem-blyskawicznym-re-r510x-do-personalizacji-21661\/custom\/"},"equivalent_products":[],"colors":[{"id":22474,"name":"navy","class_ids":[2],"codes_hexa":["19286b"],"delai_24":false,"has_3d":false,"seuil_global":0,"stock_local":0,"stock_global":279,"on_standby":false,"in_catalog":true,"images":{"miniature":["https:\/\/media.th4.com\/DxzlUEZDyGTBdD83QMrfxOyuofGhtu3qOaRgesX2gxU\/pr:80\/aHR0cDovL21lZGlhMi5kZXNpZ25wYXJ0bmVyLmZyL2MvcC8yMTY2MS8yMTY2MS0yMjQ3NC0xLndlYnA?v=1769424344","https:\/\/media.th4.com\/rD9qPyJDzS13jgdYdvkil6Vus0c2jUjDq_3bwpFDTt8\/pr:80\/aHR0cDovL21lZGlhMi5kZXNpZ25wYXJ0bmVyLmZyL2MvcC8yMTY2MS8yMTY2MS0yMjQ3NC0yLndlYnA?v=1769424345"],"medium":["https:\/\/media.th4.com\/C1l2nVBMEbizHRWXhuNep7uH8d70xelQPoGOujBcfrs\/pr:550x550\/aHR0cDovL21lZGlhMi5kZXNpZ25wYXJ0bmVyLmZyL2MvcC8yMTY2MS8yMTY2MS0yMjQ3NC0xLndlYnA?v=1769424344","https:\/\/media.th4.com\/8B3A-HyAUy0NATc65W0qnEC6YxtTEG3-oRra5P-mWz4\/pr:550x550\/aHR0cDovL21lZGlhMi5kZXNpZ25wYXJ0bmVyLmZyL2MvcC8yMTY2MS8yMTY2MS0yMjQ3NC0yLndlYnA?v=1769424345"],"medium_large":["https:\/\/media.th4.com\/isnrwjvi_8Z2zn4oT0lP_vTXK18I4lVgrF5pIj2Dm4I\/pr:1000x1000\/aHR0cDovL21lZGlhMi5kZXNpZ25wYXJ0bmVyLmZyL2MvcC8yMTY2MS8yMTY2MS0yMjQ3NC0xLndlYnA?v=1769424344","https:\/\/media.th4.com\/awpzP23N1gMorSqhNcMUYUF-KP3NsFwWKPT6TAjWm1w\/pr:1000x1000\/aHR0cDovL21lZGlhMi5kZXNpZ25wYXJ0bmVyLmZyL2MvcC8yMTY2MS8yMTY2MS0yMjQ3NC0yLndlYnA?v=1769424345"],"large":["https:\/\/media.th4.com\/az3S24BerQEPNCmMnGcF5WoZhlzJ1xnCCrB3lo8yX7s\/pr:1920\/aHR0cDovL21lZGlhMi5kZXNpZ25wYXJ0bmVyLmZyL2MvcC8yMTY2MS8yMTY2MS0yMjQ3NC0xLndlYnA?v=1769424344","https:\/\/media.th4.com\/ftJBLR2DHcInBaV7cQPTY8B5nTL__EDDdDXg8-m2YMQ\/pr:1920\/aHR0cDovL21lZGlhMi5kZXNpZ25wYXJ0bmVyLmZyL2MvcC8yMTY2MS8yMTY2MS0yMjQ3NC0yLndlYnA?v=1769424345"],"opengraph":["https:\/\/media.th4.com\/FMoisYBrMkMRWSAgBaFo8-Ffdbd5xQSeGsz99dQWwkk\/pr:1200x630\/aHR0cDovL21lZGlhMi5kZXNpZ25wYXJ0bmVyLmZyL2MvcC8yMTY2MS8yMTY2MS0yMjQ3NC0xLndlYnA?v=1769424344","https:\/\/media.th4.com\/w6nOx7MyfzllXQlVfyQEIiEUSabIv5qhg48bzovAQas\/pr:1200x630\/aHR0cDovL21lZGlhMi5kZXNpZ25wYXJ0bmVyLmZyL2MvcC8yMTY2MS8yMTY2MS0yMjQ3NC0yLndlYnA?v=1769424345"]},"images_customization":{"miniature":["https:\/\/media.th4.com\/DxzlUEZDyGTBdD83QMrfxOyuofGhtu3qOaRgesX2gxU\/pr:80\/aHR0cDovL21lZGlhMi5kZXNpZ25wYXJ0bmVyLmZyL2MvcC8yMTY2MS8yMTY2MS0yMjQ3NC0xLndlYnA?v=1769424344","https:\/\/media.th4.com\/rD9qPyJDzS13jgdYdvkil6Vus0c2jUjDq_3bwpFDTt8\/pr:80\/aHR0cDovL21lZGlhMi5kZXNpZ25wYXJ0bmVyLmZyL2MvcC8yMTY2MS8yMTY2MS0yMjQ3NC0yLndlYnA?v=1769424345"],"medium":["https:\/\/media.th4.com\/C1l2nVBMEbizHRWXhuNep7uH8d70xelQPoGOujBcfrs\/pr:550x550\/aHR0cDovL21lZGlhMi5kZXNpZ25wYXJ0bmVyLmZyL2MvcC8yMTY2MS8yMTY2MS0yMjQ3NC0xLndlYnA?v=1769424344","https:\/\/media.th4.com\/8B3A-HyAUy0NATc65W0qnEC6YxtTEG3-oRra5P-mWz4\/pr:550x550\/aHR0cDovL21lZGlhMi5kZXNpZ25wYXJ0bmVyLmZyL2MvcC8yMTY2MS8yMTY2MS0yMjQ3NC0yLndlYnA?v=1769424345"],"medium_large":["https:\/\/media.th4.com\/isnrwjvi_8Z2zn4oT0lP_vTXK18I4lVgrF5pIj2Dm4I\/pr:1000x1000\/aHR0cDovL21lZGlhMi5kZXNpZ25wYXJ0bmVyLmZyL2MvcC8yMTY2MS8yMTY2MS0yMjQ3NC0xLndlYnA?v=1769424344","https:\/\/media.th4.com\/awpzP23N1gMorSqhNcMUYUF-KP3NsFwWKPT6TAjWm1w\/pr:1000x1000\/aHR0cDovL21lZGlhMi5kZXNpZ25wYXJ0bmVyLmZyL2MvcC8yMTY2MS8yMTY2MS0yMjQ3NC0yLndlYnA?v=1769424345"],"large":["https:\/\/media.th4.com\/az3S24BerQEPNCmMnGcF5WoZhlzJ1xnCCrB3lo8yX7s\/pr:1920\/aHR0cDovL21lZGlhMi5kZXNpZ25wYXJ0bmVyLmZyL2MvcC8yMTY2MS8yMTY2MS0yMjQ3NC0xLndlYnA?v=1769424344","https:\/\/media.th4.com\/ftJBLR2DHcInBaV7cQPTY8B5nTL__EDDdDXg8-m2YMQ\/pr:1920\/aHR0cDovL21lZGlhMi5kZXNpZ25wYXJ0bmVyLmZyL2MvcC8yMTY2MS8yMTY2MS0yMjQ3NC0yLndlYnA?v=1769424345"],"opengraph":["https:\/\/media.th4.com\/FMoisYBrMkMRWSAgBaFo8-Ffdbd5xQSeGsz99dQWwkk\/pr:1200x630\/aHR0cDovL21lZGlhMi5kZXNpZ25wYXJ0bmVyLmZyL2MvcC8yMTY2MS8yMTY2MS0yMjQ3NC0xLndlYnA?v=1769424344","https:\/\/media.th4.com\/w6nOx7MyfzllXQlVfyQEIiEUSabIv5qhg48bzovAQas\/pr:1200x630\/aHR0cDovL21lZGlhMi5kZXNpZ25wYXJ0bmVyLmZyL2MvcC8yMTY2MS8yMTY2MS0yMjQ3NC0yLndlYnA?v=1769424345"]},"country_origin":"CN","traceability":{"manufacturing_country_id":null,"weaving_country_id":null,"dyeing_country_id":null},"sizes":[{"id":3,"article_id":533264,"class_id":3,"name":"S","on_standby":false,"stock_local":0,"stock_global":62,"multiple":1,"estimated_date_reassort":null,"is_destocking":false},{"id":2,"article_id":533265,"class_id":4,"name":"M","on_standby":false,"stock_local":0,"stock_global":112,"multiple":1,"estimated_date_reassort":null,"is_destocking":false},{"id":1,"article_id":533266,"class_id":5,"name":"L","on_standby":false,"stock_local":0,"stock_global":31,"multiple":1,"estimated_date_reassort":null,"is_destocking":false},{"id":4,"article_id":533267,"class_id":6,"name":"XL","on_standby":false,"stock_local":0,"stock_global":38,"multiple":1,"estimated_date_reassort":null,"is_destocking":false},{"id":1116,"article_id":533268,"class_id":7,"name":"2XL","on_standby":false,"stock_local":0,"stock_global":23,"multiple":1,"estimated_date_reassort":null,"is_destocking":false},{"id":1081,"article_id":533269,"class_id":8,"name":"3XL","on_standby":false,"stock_local":0,"stock_global":13,"multiple":1,"estimated_date_reassort":null,"is_destocking":false}],"page_links":{"fr":"\/fr\/p-re-r510x-salopette-recyclee-zippee-combinaison-cotte-r510x-21661\/navy-22474\/","en":"\/en\/p-re-r510x-recycled-zip-front-bib-overalls-coverall-r510x-21661\/navy-22474\/","de":"\/de\/p-re-r510x-recycelte-latzhose-mit-reiszverschluss-overall-kombi-r510x-21661\/navy-22474\/","nl":"\/nl\/p-re-r510x-gerecyclede-overall-met-rits-werkoverall-r510x-21661\/navy-22474\/","es":"\/es\/p-re-r510x-mono-peto-reciclado-con-cremallera-combinacion-r510x-21661\/navy-22474\/","it":"\/it\/p-re-r510x-salopette-riciclata-con-zip-tuta-bretelle-r510x-21661\/navy-22474\/","sv":"\/sv\/p-re-r510x-atervunna-hangselbyxor-med-dragkedja-overall-hangselbyxa-r510x-21661\/navy-22474\/","pt":"\/pt\/p-re-r510x-jardineira-reciclada-com-fecho-de-correr-macacao-jardineira-r510x-21661\/navy-22474\/","da":"\/da\/p-re-r510x-genanvendt-overalls-med-lynlas-kombinationskedragt-smaekbukser-r510x-21661\/navy-22474\/","pl":"\/pl\/p-re-r510x-kombinezon-roboczy-z-recyklingu-z-zamkiem-blyskawicznym-r510x-21661\/navy-22474\/"},"page_links_customization":{"fr":"\/fr\/p-re-r510x-recycled-combinaison-zippee-re-r510x-personnalisable-21661\/navy-22474\/custom\/","en":"\/en\/p-re-r510x-recycled-zip-coverall-re-r510x-customizable-21661\/navy-22474\/custom\/","de":"\/de\/p-re-r510x-recycled-reiszverschluss-overall-re-r510x-personalisierbar-21661\/navy-22474\/custom\/","nl":"\/nl\/p-re-r510x-gerecyclede-werkoverall-met-ritssluiting-re-r510x-personaliseerbaar-21661\/navy-22474\/custom\/","es":"\/es\/p-re-r510x-mono-con-cremallera-reciclado-re-r510x-personalizable-21661\/navy-22474\/custom\/","it":"\/it\/p-re-r510x-tuta-recycled-con-zip-re-r510x-personalizzabile-21661\/navy-22474\/custom\/","sv":"\/sv\/p-re-r510x-recycled-blixtlasoverall-re-r510x-anpassningsbar-21661\/navy-22474\/custom\/","pt":"\/pt\/p-re-r510x-fato-macaco-com-fecho-de-correr-reciclado-re-r510x-personalizavel-21661\/navy-22474\/custom\/","da":"\/da\/p-re-r510x-recycled-lynlast-kedeldragt-re-r510x-kan-tilpasses-21661\/navy-22474\/custom\/","pl":"\/pl\/p-re-r510x-recycled-kombinezon-z-zamkiem-blyskawicznym-re-r510x-do-personalizacji-21661\/navy-22474\/custom\/"}},{"id":364,"name":"black","class_ids":[4],"codes_hexa":["1a1a18"],"delai_24":false,"has_3d":false,"seuil_global":0,"stock_local":0,"stock_global":185,"on_standby":false,"in_catalog":true,"images":{"miniature":["https:\/\/media.th4.com\/MMh2ROF1_lpDBfBDo3T-8dpkBmv7kCJ3zswBAWEot38\/pr:80\/aHR0cDovL21lZGlhMi5kZXNpZ25wYXJ0bmVyLmZyL2MvcC8yMTY2MS8yMTY2MS0zNjQtMS53ZWJw?v=1769424342","https:\/\/media.th4.com\/t18lFAARzTzcueO2ZnhTPnpNYVQRTfxSbDnqVFEk7e0\/pr:80\/aHR0cDovL21lZGlhMi5kZXNpZ25wYXJ0bmVyLmZyL2MvcC8yMTY2MS8yMTY2MS0zNjQtMi53ZWJw?v=1769424342"],"medium":["https:\/\/media.th4.com\/rWxxxZS9PbBN-_XcbRXAtvX0pMAyUkRAUgZ8ju24gVI\/pr:550x550\/aHR0cDovL21lZGlhMi5kZXNpZ25wYXJ0bmVyLmZyL2MvcC8yMTY2MS8yMTY2MS0zNjQtMS53ZWJw?v=1769424342","https:\/\/media.th4.com\/RsP5RTwG7P0KtOo28VdcW3dQuAzA3frqcf_k4Ev6e-E\/pr:550x550\/aHR0cDovL21lZGlhMi5kZXNpZ25wYXJ0bmVyLmZyL2MvcC8yMTY2MS8yMTY2MS0zNjQtMi53ZWJw?v=1769424342"],"medium_large":["https:\/\/media.th4.com\/OUal6VH-FttL5T4kszzI_HFujwD-x_s-lTc9pM3nwNg\/pr:1000x1000\/aHR0cDovL21lZGlhMi5kZXNpZ25wYXJ0bmVyLmZyL2MvcC8yMTY2MS8yMTY2MS0zNjQtMS53ZWJw?v=1769424342","https:\/\/media.th4.com\/ShclpYmqTbCJkk_1TuUw2cCEtAWBZmAxOtSj8GOr6QE\/pr:1000x1000\/aHR0cDovL21lZGlhMi5kZXNpZ25wYXJ0bmVyLmZyL2MvcC8yMTY2MS8yMTY2MS0zNjQtMi53ZWJw?v=1769424342"],"large":["https:\/\/media.th4.com\/yGXtFw-jgUKs2c6Ve411HpBY7Q4GPRk7vIoSerhbHng\/pr:1920\/aHR0cDovL21lZGlhMi5kZXNpZ25wYXJ0bmVyLmZyL2MvcC8yMTY2MS8yMTY2MS0zNjQtMS53ZWJw?v=1769424342","https:\/\/media.th4.com\/Ow3xo_tEH_Od17s1cxhIHNlAEJpYQsyNVHkm0-j9HIo\/pr:1920\/aHR0cDovL21lZGlhMi5kZXNpZ25wYXJ0bmVyLmZyL2MvcC8yMTY2MS8yMTY2MS0zNjQtMi53ZWJw?v=1769424342"],"opengraph":["https:\/\/media.th4.com\/QBKTa9XElbQSo1E3KNXbK2TFPGtH5nfxVsxAylmJxQ8\/pr:1200x630\/aHR0cDovL21lZGlhMi5kZXNpZ25wYXJ0bmVyLmZyL2MvcC8yMTY2MS8yMTY2MS0zNjQtMS53ZWJw?v=1769424342","https:\/\/media.th4.com\/Peow3qaIZTUT4RBQBgt1nfTbV_5lFEsZ0_ntlfOlK_E\/pr:1200x630\/aHR0cDovL21lZGlhMi5kZXNpZ25wYXJ0bmVyLmZyL2MvcC8yMTY2MS8yMTY2MS0zNjQtMi53ZWJw?v=1769424342"]},"images_customization":{"miniature":["https:\/\/media.th4.com\/MMh2ROF1_lpDBfBDo3T-8dpkBmv7kCJ3zswBAWEot38\/pr:80\/aHR0cDovL21lZGlhMi5kZXNpZ25wYXJ0bmVyLmZyL2MvcC8yMTY2MS8yMTY2MS0zNjQtMS53ZWJw?v=1769424342","https:\/\/media.th4.com\/t18lFAARzTzcueO2ZnhTPnpNYVQRTfxSbDnqVFEk7e0\/pr:80\/aHR0cDovL21lZGlhMi5kZXNpZ25wYXJ0bmVyLmZyL2MvcC8yMTY2MS8yMTY2MS0zNjQtMi53ZWJw?v=1769424342"],"medium":["https:\/\/media.th4.com\/rWxxxZS9PbBN-_XcbRXAtvX0pMAyUkRAUgZ8ju24gVI\/pr:550x550\/aHR0cDovL21lZGlhMi5kZXNpZ25wYXJ0bmVyLmZyL2MvcC8yMTY2MS8yMTY2MS0zNjQtMS53ZWJw?v=1769424342","https:\/\/media.th4.com\/RsP5RTwG7P0KtOo28VdcW3dQuAzA3frqcf_k4Ev6e-E\/pr:550x550\/aHR0cDovL21lZGlhMi5kZXNpZ25wYXJ0bmVyLmZyL2MvcC8yMTY2MS8yMTY2MS0zNjQtMi53ZWJw?v=1769424342"],"medium_large":["https:\/\/media.th4.com\/OUal6VH-FttL5T4kszzI_HFujwD-x_s-lTc9pM3nwNg\/pr:1000x1000\/aHR0cDovL21lZGlhMi5kZXNpZ25wYXJ0bmVyLmZyL2MvcC8yMTY2MS8yMTY2MS0zNjQtMS53ZWJw?v=1769424342","https:\/\/media.th4.com\/ShclpYmqTbCJkk_1TuUw2cCEtAWBZmAxOtSj8GOr6QE\/pr:1000x1000\/aHR0cDovL21lZGlhMi5kZXNpZ25wYXJ0bmVyLmZyL2MvcC8yMTY2MS8yMTY2MS0zNjQtMi53ZWJw?v=1769424342"],"large":["https:\/\/media.th4.com\/yGXtFw-jgUKs2c6Ve411HpBY7Q4GPRk7vIoSerhbHng\/pr:1920\/aHR0cDovL21lZGlhMi5kZXNpZ25wYXJ0bmVyLmZyL2MvcC8yMTY2MS8yMTY2MS0zNjQtMS53ZWJw?v=1769424342","https:\/\/media.th4.com\/Ow3xo_tEH_Od17s1cxhIHNlAEJpYQsyNVHkm0-j9HIo\/pr:1920\/aHR0cDovL21lZGlhMi5kZXNpZ25wYXJ0bmVyLmZyL2MvcC8yMTY2MS8yMTY2MS0zNjQtMi53ZWJw?v=1769424342"],"opengraph":["https:\/\/media.th4.com\/QBKTa9XElbQSo1E3KNXbK2TFPGtH5nfxVsxAylmJxQ8\/pr:1200x630\/aHR0cDovL21lZGlhMi5kZXNpZ25wYXJ0bmVyLmZyL2MvcC8yMTY2MS8yMTY2MS0zNjQtMS53ZWJw?v=1769424342","https:\/\/media.th4.com\/Peow3qaIZTUT4RBQBgt1nfTbV_5lFEsZ0_ntlfOlK_E\/pr:1200x630\/aHR0cDovL21lZGlhMi5kZXNpZ25wYXJ0bmVyLmZyL2MvcC8yMTY2MS8yMTY2MS0zNjQtMi53ZWJw?v=1769424342"]},"country_origin":"CN","traceability":{"manufacturing_country_id":null,"weaving_country_id":null,"dyeing_country_id":null},"sizes":[{"id":3,"article_id":533258,"class_id":3,"name":"S","on_standby":false,"stock_local":0,"stock_global":64,"multiple":1,"estimated_date_reassort":null,"is_destocking":false},{"id":2,"article_id":533259,"class_id":4,"name":"M","on_standby":false,"stock_local":0,"stock_global":43,"multiple":1,"estimated_date_reassort":null,"is_destocking":false},{"id":1,"article_id":533260,"class_id":5,"name":"L","on_standby":false,"stock_local":0,"stock_global":24,"multiple":1,"estimated_date_reassort":null,"is_destocking":false},{"id":4,"article_id":533261,"class_id":6,"name":"XL","on_standby":false,"stock_local":0,"stock_global":7,"multiple":1,"estimated_date_reassort":null,"is_destocking":false},{"id":1116,"article_id":533262,"class_id":7,"name":"2XL","on_standby":false,"stock_local":0,"stock_global":20,"multiple":1,"estimated_date_reassort":null,"is_destocking":false},{"id":1081,"article_id":533263,"class_id":8,"name":"3XL","on_standby":false,"stock_local":0,"stock_global":27,"multiple":1,"estimated_date_reassort":null,"is_destocking":false}],"page_links":{"fr":"\/fr\/p-re-r510x-salopette-recyclee-zippee-combinaison-cotte-r510x-21661\/black-364\/","en":"\/en\/p-re-r510x-recycled-zip-front-bib-overalls-coverall-r510x-21661\/black-364\/","de":"\/de\/p-re-r510x-recycelte-latzhose-mit-reiszverschluss-overall-kombi-r510x-21661\/black-364\/","nl":"\/nl\/p-re-r510x-gerecyclede-overall-met-rits-werkoverall-r510x-21661\/black-364\/","es":"\/es\/p-re-r510x-mono-peto-reciclado-con-cremallera-combinacion-r510x-21661\/black-364\/","it":"\/it\/p-re-r510x-salopette-riciclata-con-zip-tuta-bretelle-r510x-21661\/black-364\/","sv":"\/sv\/p-re-r510x-atervunna-hangselbyxor-med-dragkedja-overall-hangselbyxa-r510x-21661\/black-364\/","pt":"\/pt\/p-re-r510x-jardineira-reciclada-com-fecho-de-correr-macacao-jardineira-r510x-21661\/black-364\/","da":"\/da\/p-re-r510x-genanvendt-overalls-med-lynlas-kombinationskedragt-smaekbukser-r510x-21661\/black-364\/","pl":"\/pl\/p-re-r510x-kombinezon-roboczy-z-recyklingu-z-zamkiem-blyskawicznym-r510x-21661\/black-364\/"},"page_links_customization":{"fr":"\/fr\/p-re-r510x-recycled-combinaison-zippee-re-r510x-personnalisable-21661\/black-364\/custom\/","en":"\/en\/p-re-r510x-recycled-zip-coverall-re-r510x-customizable-21661\/black-364\/custom\/","de":"\/de\/p-re-r510x-recycled-reiszverschluss-overall-re-r510x-personalisierbar-21661\/black-364\/custom\/","nl":"\/nl\/p-re-r510x-gerecyclede-werkoverall-met-ritssluiting-re-r510x-personaliseerbaar-21661\/black-364\/custom\/","es":"\/es\/p-re-r510x-mono-con-cremallera-reciclado-re-r510x-personalizable-21661\/black-364\/custom\/","it":"\/it\/p-re-r510x-tuta-recycled-con-zip-re-r510x-personalizzabile-21661\/black-364\/custom\/","sv":"\/sv\/p-re-r510x-recycled-blixtlasoverall-re-r510x-anpassningsbar-21661\/black-364\/custom\/","pt":"\/pt\/p-re-r510x-fato-macaco-com-fecho-de-correr-reciclado-re-r510x-personalizavel-21661\/black-364\/custom\/","da":"\/da\/p-re-r510x-recycled-lynlast-kedeldragt-re-r510x-kan-tilpasses-21661\/black-364\/custom\/","pl":"\/pl\/p-re-r510x-recycled-kombinezon-z-zamkiem-blyskawicznym-re-r510x-do-personalizacji-21661\/black-364\/custom\/"}},{"id":392,"name":"bottle_green","class_ids":[5],"codes_hexa":["004516"],"delai_24":false,"has_3d":false,"seuil_global":0,"stock_local":0,"stock_global":56,"on_standby":false,"in_catalog":true,"images":{"miniature":["https:\/\/media.th4.com\/dCxrRAf6kofG77SIUP8onVMlkhgHqXONHEdQJ6EVWak\/pr:80\/aHR0cDovL21lZGlhMi5kZXNpZ25wYXJ0bmVyLmZyL2MvcC8yMTY2MS8yMTY2MS0zOTItMS53ZWJw?v=1769424343","https:\/\/media.th4.com\/hBu1qfad2Dip9FMIeNf0ak4izoOC0BrLrIUmjkdMcY0\/pr:80\/aHR0cDovL21lZGlhMi5kZXNpZ25wYXJ0bmVyLmZyL2MvcC8yMTY2MS8yMTY2MS0zOTItMi53ZWJw?v=1769424344"],"medium":["https:\/\/media.th4.com\/8GNl5NlGgYj_UuibWJgnXh8Sl0c9IRXQvxf3jo2NYxo\/pr:550x550\/aHR0cDovL21lZGlhMi5kZXNpZ25wYXJ0bmVyLmZyL2MvcC8yMTY2MS8yMTY2MS0zOTItMS53ZWJw?v=1769424343","https:\/\/media.th4.com\/BlZaP1UWSYLo20xHCXL3K03E9gQZzyOAIOxEzfrQfpI\/pr:550x550\/aHR0cDovL21lZGlhMi5kZXNpZ25wYXJ0bmVyLmZyL2MvcC8yMTY2MS8yMTY2MS0zOTItMi53ZWJw?v=1769424344"],"medium_large":["https:\/\/media.th4.com\/cSYvV-zTFTk6WW0dmvjLGkl59rQxguzCpO3BWSmFXKE\/pr:1000x1000\/aHR0cDovL21lZGlhMi5kZXNpZ25wYXJ0bmVyLmZyL2MvcC8yMTY2MS8yMTY2MS0zOTItMS53ZWJw?v=1769424343","https:\/\/media.th4.com\/acNhBcQ0XUVxZQ2xB5DAWuplvD5CA86WhlZ5MZ3kKhA\/pr:1000x1000\/aHR0cDovL21lZGlhMi5kZXNpZ25wYXJ0bmVyLmZyL2MvcC8yMTY2MS8yMTY2MS0zOTItMi53ZWJw?v=1769424344"],"large":["https:\/\/media.th4.com\/zVD_HprkplcRhsO_97QBq7E3CfP1DYOaQdEO01D2vBA\/pr:1920\/aHR0cDovL21lZGlhMi5kZXNpZ25wYXJ0bmVyLmZyL2MvcC8yMTY2MS8yMTY2MS0zOTItMS53ZWJw?v=1769424343","https:\/\/media.th4.com\/xjrauVbSlfRXu-nTHK52z6i9336_mt4Pqbs8TVYINa0\/pr:1920\/aHR0cDovL21lZGlhMi5kZXNpZ25wYXJ0bmVyLmZyL2MvcC8yMTY2MS8yMTY2MS0zOTItMi53ZWJw?v=1769424344"],"opengraph":["https:\/\/media.th4.com\/SwYlzdrtGzneOIYNhQ_djeS686uRXarJEIt6tUCE2fg\/pr:1200x630\/aHR0cDovL21lZGlhMi5kZXNpZ25wYXJ0bmVyLmZyL2MvcC8yMTY2MS8yMTY2MS0zOTItMS53ZWJw?v=1769424343","https:\/\/media.th4.com\/UfqCcLHTZiNP_jDBz0xsxhLVQyXxtZt9h6UKutt3LzA\/pr:1200x630\/aHR0cDovL21lZGlhMi5kZXNpZ25wYXJ0bmVyLmZyL2MvcC8yMTY2MS8yMTY2MS0zOTItMi53ZWJw?v=1769424344"]},"images_customization":{"miniature":["https:\/\/media.th4.com\/dCxrRAf6kofG77SIUP8onVMlkhgHqXONHEdQJ6EVWak\/pr:80\/aHR0cDovL21lZGlhMi5kZXNpZ25wYXJ0bmVyLmZyL2MvcC8yMTY2MS8yMTY2MS0zOTItMS53ZWJw?v=1769424343","https:\/\/media.th4.com\/hBu1qfad2Dip9FMIeNf0ak4izoOC0BrLrIUmjkdMcY0\/pr:80\/aHR0cDovL21lZGlhMi5kZXNpZ25wYXJ0bmVyLmZyL2MvcC8yMTY2MS8yMTY2MS0zOTItMi53ZWJw?v=1769424344"],"medium":["https:\/\/media.th4.com\/8GNl5NlGgYj_UuibWJgnXh8Sl0c9IRXQvxf3jo2NYxo\/pr:550x550\/aHR0cDovL21lZGlhMi5kZXNpZ25wYXJ0bmVyLmZyL2MvcC8yMTY2MS8yMTY2MS0zOTItMS53ZWJw?v=1769424343","https:\/\/media.th4.com\/BlZaP1UWSYLo20xHCXL3K03E9gQZzyOAIOxEzfrQfpI\/pr:550x550\/aHR0cDovL21lZGlhMi5kZXNpZ25wYXJ0bmVyLmZyL2MvcC8yMTY2MS8yMTY2MS0zOTItMi53ZWJw?v=1769424344"],"medium_large":["https:\/\/media.th4.com\/cSYvV-zTFTk6WW0dmvjLGkl59rQxguzCpO3BWSmFXKE\/pr:1000x1000\/aHR0cDovL21lZGlhMi5kZXNpZ25wYXJ0bmVyLmZyL2MvcC8yMTY2MS8yMTY2MS0zOTItMS53ZWJw?v=1769424343","https:\/\/media.th4.com\/acNhBcQ0XUVxZQ2xB5DAWuplvD5CA86WhlZ5MZ3kKhA\/pr:1000x1000\/aHR0cDovL21lZGlhMi5kZXNpZ25wYXJ0bmVyLmZyL2MvcC8yMTY2MS8yMTY2MS0zOTItMi53ZWJw?v=1769424344"],"large":["https:\/\/media.th4.com\/zVD_HprkplcRhsO_97QBq7E3CfP1DYOaQdEO01D2vBA\/pr:1920\/aHR0cDovL21lZGlhMi5kZXNpZ25wYXJ0bmVyLmZyL2MvcC8yMTY2MS8yMTY2MS0zOTItMS53ZWJw?v=1769424343","https:\/\/media.th4.com\/xjrauVbSlfRXu-nTHK52z6i9336_mt4Pqbs8TVYINa0\/pr:1920\/aHR0cDovL21lZGlhMi5kZXNpZ25wYXJ0bmVyLmZyL2MvcC8yMTY2MS8yMTY2MS0zOTItMi53ZWJw?v=1769424344"],"opengraph":["https:\/\/media.th4.com\/SwYlzdrtGzneOIYNhQ_djeS686uRXarJEIt6tUCE2fg\/pr:1200x630\/aHR0cDovL21lZGlhMi5kZXNpZ25wYXJ0bmVyLmZyL2MvcC8yMTY2MS8yMTY2MS0zOTItMS53ZWJw?v=1769424343","https:\/\/media.th4.com\/UfqCcLHTZiNP_jDBz0xsxhLVQyXxtZt9h6UKutt3LzA\/pr:1200x630\/aHR0cDovL21lZGlhMi5kZXNpZ25wYXJ0bmVyLmZyL2MvcC8yMTY2MS8yMTY2MS0zOTItMi53ZWJw?v=1769424344"]},"country_origin":"CN","traceability":{"manufacturing_country_id":null,"weaving_country_id":null,"dyeing_country_id":null},"sizes":[{"id":3,"article_id":533270,"class_id":3,"name":"S","on_standby":false,"stock_local":0,"stock_global":5,"multiple":1,"estimated_date_reassort":null,"is_destocking":false},{"id":2,"article_id":533271,"class_id":4,"name":"M","on_standby":false,"stock_local":0,"stock_global":4,"multiple":1,"estimated_date_reassort":null,"is_destocking":false},{"id":1,"article_id":533272,"class_id":5,"name":"L","on_standby":true,"stock_local":0,"stock_global":0,"multiple":1,"estimated_date_reassort":"2026-05-06","is_destocking":false},{"id":4,"article_id":533273,"class_id":6,"name":"XL","on_standby":true,"stock_local":0,"stock_global":0,"multiple":1,"estimated_date_reassort":"2026-05-06","is_destocking":false},{"id":1116,"article_id":533274,"class_id":7,"name":"2XL","on_standby":false,"stock_local":0,"stock_global":23,"multiple":1,"estimated_date_reassort":null,"is_destocking":false},{"id":1081,"article_id":533275,"class_id":8,"name":"3XL","on_standby":false,"stock_local":0,"stock_global":24,"multiple":1,"estimated_date_reassort":null,"is_destocking":false}],"page_links":{"fr":"\/fr\/p-re-r510x-salopette-recyclee-zippee-combinaison-cotte-r510x-21661\/bottle-green-392\/","en":"\/en\/p-re-r510x-recycled-zip-front-bib-overalls-coverall-r510x-21661\/bottle-green-392\/","de":"\/de\/p-re-r510x-recycelte-latzhose-mit-reiszverschluss-overall-kombi-r510x-21661\/bottle-green-392\/","nl":"\/nl\/p-re-r510x-gerecyclede-overall-met-rits-werkoverall-r510x-21661\/bottle-green-392\/","es":"\/es\/p-re-r510x-mono-peto-reciclado-con-cremallera-combinacion-r510x-21661\/bottle-green-392\/","it":"\/it\/p-re-r510x-salopette-riciclata-con-zip-tuta-bretelle-r510x-21661\/bottle-green-392\/","sv":"\/sv\/p-re-r510x-atervunna-hangselbyxor-med-dragkedja-overall-hangselbyxa-r510x-21661\/bottle-green-392\/","pt":"\/pt\/p-re-r510x-jardineira-reciclada-com-fecho-de-correr-macacao-jardineira-r510x-21661\/bottle-green-392\/","da":"\/da\/p-re-r510x-genanvendt-overalls-med-lynlas-kombinationskedragt-smaekbukser-r510x-21661\/bottle-green-392\/","pl":"\/pl\/p-re-r510x-kombinezon-roboczy-z-recyklingu-z-zamkiem-blyskawicznym-r510x-21661\/bottle-green-392\/"},"page_links_customization":{"fr":"\/fr\/p-re-r510x-recycled-combinaison-zippee-re-r510x-personnalisable-21661\/bottle-green-392\/custom\/","en":"\/en\/p-re-r510x-recycled-zip-coverall-re-r510x-customizable-21661\/bottle-green-392\/custom\/","de":"\/de\/p-re-r510x-recycled-reiszverschluss-overall-re-r510x-personalisierbar-21661\/bottle-green-392\/custom\/","nl":"\/nl\/p-re-r510x-gerecyclede-werkoverall-met-ritssluiting-re-r510x-personaliseerbaar-21661\/bottle-green-392\/custom\/","es":"\/es\/p-re-r510x-mono-con-cremallera-reciclado-re-r510x-personalizable-21661\/bottle-green-392\/custom\/","it":"\/it\/p-re-r510x-tuta-recycled-con-zip-re-r510x-personalizzabile-21661\/bottle-green-392\/custom\/","sv":"\/sv\/p-re-r510x-recycled-blixtlasoverall-re-r510x-anpassningsbar-21661\/bottle-green-392\/custom\/","pt":"\/pt\/p-re-r510x-fato-macaco-com-fecho-de-correr-reciclado-re-r510x-personalizavel-21661\/bottle-green-392\/custom\/","da":"\/da\/p-re-r510x-recycled-lynlast-kedeldragt-re-r510x-kan-tilpasses-21661\/bottle-green-392\/custom\/","pl":"\/pl\/p-re-r510x-recycled-kombinezon-z-zamkiem-blyskawicznym-re-r510x-do-personalizacji-21661\/bottle-green-392\/custom\/"}}],"documentation_link":"\/pdf\/21661.pdf","countries_availables":["AD","AE","AL","AT","BA","BD","BE","BG","BL","CA","CH","CN","CO","CY","CZ","DE","DK","DO","EE","EG","ES","ET","FI","FR","GB","GE","GF","GP","GR","GT","HK","HN","HR","HT","HU","ID","IE","IN","IS","IT","JO","JP","KE","KH","KP","KR","LA","LK","LS","LT","LU","LV","MA","MF","MG","MK","MM","MN","MQ","MT","MX","MY","NC","NI","NL","PF","PH","PK","PL","PM","PT","RE","RO","SE","SG","SI","SK","SV","SY","TH","TN","TR","TW","TZ","US","VN","WF","YT"]},"infos_customization":[],"features":{"authorize_multi_surfaces":true,"display_order_delay_type":true,"promote_surface_display":true,"tarification_franco_offert":true,"enabled_3d_editor":false},"markings":[{"id":0,"nom":"vierge","finition":null,"libelle":null,"code":null,"dpi":null,"finesse_forme_isolee":null,"finesse_forme_non_isolee":null,"hauteur_minimale_texte":null,"inactif":0,"marquage_interne":1,"quantite_min":null,"parent_id":null,"print_on_support":0,"content":"vierge","description":null},{"id":2,"nom":"fonce","finition":"optimale","libelle":"TopQuadri","code":null,"dpi":400,"finesse_forme_isolee":"0.040","finesse_forme_non_isolee":"0.700","hauteur_minimale_texte":2,"inactif":0,"marquage_interne":1,"quantite_min":null,"parent_id":18,"print_on_support":0,"content":"TopQuadri","description":"pour petites et moyennes s\u00e9ries"},{"id":3,"nom":"serigraphie","finition":"serigraphie","libelle":"SeriCoat","code":null,"dpi":400,"finesse_forme_isolee":"0.040","finesse_forme_non_isolee":"0.700","hauteur_minimale_texte":2,"inactif":0,"marquage_interne":1,"quantite_min":15,"parent_id":18,"print_on_support":0,"content":"SeriCoat","description":"pour moyennes et grandes s\u00e9ries"},{"id":4,"nom":"broderie","finition":"broderie","libelle":"Broderie","code":null,"dpi":400,"finesse_forme_isolee":"0.040","finesse_forme_non_isolee":"0.700","hauteur_minimale_texte":3,"inactif":0,"marquage_interne":1,"quantite_min":null,"parent_id":null,"print_on_support":0,"content":"Broderie","description":null},{"id":8,"nom":"theme","finition":null,"libelle":"Th\u00e8me","code":null,"dpi":null,"finesse_forme_isolee":null,"finesse_forme_non_isolee":null,"hauteur_minimale_texte":null,"inactif":0,"marquage_interne":1,"quantite_min":null,"parent_id":null,"print_on_support":0,"content":"Th\u00e8me","description":null},{"id":9,"nom":"sans","finition":null,"libelle":null,"code":null,"dpi":null,"finesse_forme_isolee":null,"finesse_forme_non_isolee":null,"hauteur_minimale_texte":null,"inactif":0,"marquage_interne":1,"quantite_min":null,"parent_id":null,"print_on_support":0,"content":"sans","description":null},{"id":10,"nom":"photo","finition":null,"libelle":"Photo","code":null,"dpi":null,"finesse_forme_isolee":null,"finesse_forme_non_isolee":null,"hauteur_minimale_texte":null,"inactif":0,"marquage_interne":1,"quantite_min":null,"parent_id":null,"print_on_support":0,"content":"Photo","description":null},{"id":14,"nom":"couleur","finition":null,"libelle":"Couleur","code":null,"dpi":null,"finesse_forme_isolee":null,"finesse_forme_non_isolee":null,"hauteur_minimale_texte":null,"inactif":0,"marquage_interne":1,"quantite_min":null,"parent_id":null,"print_on_support":0,"content":"Couleur","description":null},{"id":15,"nom":"sublimation","finition":"sublimation","libelle":"Sublimation","code":null,"dpi":null,"finesse_forme_isolee":"0.000","finesse_forme_non_isolee":"0.000","hauteur_minimale_texte":2,"inactif":0,"marquage_interne":1,"quantite_min":null,"parent_id":null,"print_on_support":0,"content":"Sublimation","description":null},{"id":16,"nom":"topquadri_uv","finition":null,"libelle":"TopQuadri UV","code":null,"dpi":null,"finesse_forme_isolee":"0.020","finesse_forme_non_isolee":"0.700","hauteur_minimale_texte":2,"inactif":0,"marquage_interne":1,"quantite_min":null,"parent_id":null,"print_on_support":1,"content":null,"description":null},{"id":17,"nom":"topquadri_uvp","finition":null,"libelle":"TopQuadri UVP","code":null,"dpi":null,"finesse_forme_isolee":"0.020","finesse_forme_non_isolee":"0.700","hauteur_minimale_texte":2,"inactif":0,"marquage_interne":1,"quantite_min":null,"parent_id":null,"print_on_support":1,"content":null,"description":null},{"id":18,"nom":"quadri","finition":null,"libelle":"Impression","code":null,"dpi":null,"finesse_forme_isolee":null,"finesse_forme_non_isolee":null,"hauteur_minimale_texte":null,"inactif":0,"marquage_interne":1,"quantite_min":null,"parent_id":null,"print_on_support":0,"content":null,"description":null}]}}