{"data":{"product":{"id":21614,"titre":"Lite coverall","description":"Combinaison de travail l\u00e9g\u00e8re non doubl\u00e9e pour les climats chauds en coupe unisexe pour le confort au travail. Tissu r\u00e9sistant \u00e0 l'eau. Syst\u00e8me de poches Cargo multi-usage avec languettes r\u00e9fl\u00e9chissantes auto-agrippantes. \u00c9tiquette de 12 lavages \u00e0 d\u00e9couper pour contr\u00f4ler l'imperm\u00e9abilit\u00e9 restante du rev\u00eatement. Rabat de protection ext\u00e9rieur ferm\u00e9 par bande auto-agrippante. Taille \u00e9lastiqu\u00e9e. Coutures renforc\u00e9es sur les points de contrainte. Col montant. Poignets \u00e9lastiqu\u00e9s. Patte de suspension. Sans doublure. Fermeture zipp\u00e9e \u00e0 l'avant. Unisexe. Anneau en D. Composition : 80 % polyester, 20 % coton serg\u00e9.","genre":"mixte","grammage":200,"conditionnement":10,"composition":"coton,polyester,polycoton","reference":"re-r321x","reference_visible":"re-r321x","reference_fabricant":"R321X","ref_xor":"721451","in_catalog":true,"is_transfer":false,"is_service":false,"on_standby":false,"has_3d":false,"has_size_guide":false,"has_marking":true,"has_vierge":true,"is_cross_sellable":false,"id_picto":105,"filename_3d":null,"brand":{"id":16,"name":"Result","logo":"logo-result.png","image":"https:\/\/media.th4.com\/R4AINn4EcZGXmGADkvSPvxFxj-96N0ZW37kUw9NCIp8\/pr:brand70x70\/aHR0cDovL21lZGlhMi5kZXNpZ25wYXJ0bmVyLmZyL2MvbS9sb2dvLXJlc3VsdC5wbmc?v=1769696384"},"price_infos":{"price_from":29.4,"quantity":80,"color":{"id":25023,"name":"grey\/black\/orange"},"size":{"id":3,"name":"S"}},"price_infos_marking":{"price_from":31.15,"quantity":75,"color":{"id":25023,"name":"grey\/black\/orange"},"size":{"id":3,"name":"S"},"marking":{"id":2,"name":""},"emplacement":"avant","surface_emplacement_id":1,"surface":"coeur"},"i18n":{"blank":{"title":{"fr":"Lite coverall combinaison RESULT r321x","en":"Lite coverall RESULT coverall r321x","de":"Lite coverall Overall RESULT r321x","nl":"Lite coverall lichte werkoverall RESULT r321x","es":"Lite coverall mono RESULT r321x","it":"Lite coverall tuta RESULT r321x","sv":"Lite coverall l\u00e4tt arbetsoverall RESULT r321x","pt":"Lite coverall macac\u00e3o RESULT r321x","da":"Lite coverall kedeldragt RESULT r321x","pl":"Lite coverall kombinezon RESULT r321x"},"description":{"fr":"La Lite Coverall est une combinaison de travail l\u00e9g\u00e8re sans doublure, adapt\u00e9e aux environnements chauds. Le tissu r\u00e9sistant \u00e0 l'eau et les coutures renforc\u00e9es conviennent \u00e0 un usage professionnel. La fermeture zipp\u00e9e avant, la taille et les poignets \u00e9lastiqu\u00e9s facilitent l'habillage et les mouvements. Les poches cargo et l'anneau D permettent de garder des accessoires \u00e0 port\u00e9e.\n\n- Composition : 80 % polyester, 20 % coton serg\u00e9\n- Sans doublure\n- Fermeture zipp\u00e9e avant\n- Poches cargo, anneau D","en":"The Lite Coverall is a lightweight unlined work coverall, suitable for warm environments. The water-resistant fabric and reinforced seams suit professional use. The front zip closure, elasticated waist and cuffs make dressing and movement easier. Cargo pockets and a D-ring keep accessories within reach.\n\n- Composition: 80% polyester, 20% cotton twill\n- Unlined\n- Front zip closure\n- Cargo pockets, D-ring","de":"Der Lite Coverall ist ein leichter Arbeitsoverall ohne Futter, geeignet f\u00fcr warme Umgebungen. Das wasserabweisende Gewebe und die verst\u00e4rkten N\u00e4hte sind f\u00fcr den professionellen Einsatz geeignet. Der Frontrei\u00dfverschluss, der elastische Bund und die elastischen B\u00fcndchen erleichtern das Anziehen und die Bewegungen. Cargotaschen und ein D-Ring erm\u00f6glichen, Zubeh\u00f6r griffbereit zu halten.\n\n- Zusammensetzung: 80 % Polyester, 20 % Baumwolle (Twill)\n- Ohne Futter\n- Frontrei\u00dfverschluss\n- Cargotaschen, D-Ring","nl":"De Lite Coverall is een lichte werkoverall zonder voering, geschikt voor warme omgevingen. De waterafstotende stof en de verstevigde naden zijn geschikt voor professioneel gebruik. De ritssluiting aan de voorkant, de elastische taille en de elastische manchetten vergemakkelijken het aankleden en de bewegingen. De cargozakken en de D-ring maken het mogelijk accessoires binnen handbereik te houden.\n\n- Samenstelling: 80% polyester, 20% keperkatoen\n- Zonder voering\n- Ritssluiting aan de voorkant\n- Cargozakken, D-ring","es":"El Lite Coverall es un mono de trabajo ligero sin forro, adecuado para entornos c\u00e1lidos. El tejido resistente al agua y las costuras reforzadas son adecuados para un uso profesional. El cierre de cremallera frontal, la cintura y los pu\u00f1os el\u00e1sticos facilitan el vestido y los movimientos. Los bolsillos cargo y la anilla en D permiten mantener los accesorios al alcance.\n\n- Composici\u00f3n: 80 % poli\u00e9ster, 20 % algod\u00f3n de sarga\n- Sin forro\n- Cierre de cremallera frontal\n- Bolsillos cargo, anilla en D","it":"La Lite Coverall \u00e8 una tuta da lavoro leggera senza fodera, adatta ad ambienti caldi. Il tessuto resistente all\\u0027acqua e le cuciture rinforzate sono adatti a un uso professionale. La chiusura con zip frontale, la vita e i polsini elasticizzati facilitano l\\u0027indosso e i movimenti. Le tasche cargo e l\\u0027anello a D permettono di tenere gli accessori a portata.\n\n- Composizione: 80 % poliestere, 20 % cotone twill\n- Senza fodera\n- Chiusura con zip frontale\n- Tasche cargo, anello a D","sv":"Lite Coverall \u00e4r en l\u00e4tt arbetsoverall utan foder, anpassad f\u00f6r varma milj\u00f6er. Det vattenavvisande tyget och de f\u00f6rst\u00e4rkta s\u00f6mmarna l\u00e4mpar sig f\u00f6r professionell anv\u00e4ndning. Dragkedjan fram samt elastisk midja och elastiska muddar underl\u00e4ttar p\u00e5kl\u00e4dning och r\u00f6relse. Cargofickor och D-ring g\u00f6r att tillbeh\u00f6r kan h\u00e5llas inom r\u00e4ckh\u00e5ll.\n\n- Sammans\u00e4ttning: 80 % polyester, 20 % bomullstwill\n- Utan foder\n- Dragkedja fram\n- Cargofickor, D-ring","pt":"O Lite Coverall \u00e9 um macac\u00e3o de trabalho leve sem forro, adequado a ambientes quentes. O tecido resistente \u00e0 \u00e1gua e as costuras refor\u00e7adas s\u00e3o adequados para uso profissional. O fecho de correr frontal, a cintura e os punhos el\u00e1sticos facilitam vestir e os movimentos. Os bolsos cargo e o anel em D permitem manter acess\u00f3rios ao alcance.\n\n- Composi\u00e7\u00e3o: 80 % poli\u00e9ster, 20 % sarja de algod\u00e3o\n- Sem forro\n- Fecho de correr frontal\n- Bolsos cargo, anel em D","da":"Lite Coverall er en let arbejds-kedeldragt uden for, egnet til varme milj\u00f8er. Det vandafvisende stof og de forst\u00e6rkede s\u00f8mme er egnet til professionel brug. Lynl\u00e5slukningen foran samt elastik i talje og manchetter g\u00f8r p\u00e5kl\u00e6dning og bev\u00e6gelse lettere. Cargolommerne og D-ringen g\u00f8r det muligt at holde tilbeh\u00f8r inden for r\u00e6kkevidde.\n\n- Sammens\u00e6tning: 80 % polyester, 20 % bomuldstwill\n- Uden for\n- Lynl\u00e5slukning foran\n- Cargolommer, D-ring","pl":"Lite Coverall to lekki kombinezon roboczy bez podszewki, odpowiedni do ciep\u0142ych \u015brodowisk. Tkanina odporna na wod\u0119 i wzmocnione szwy nadaj\u0105 si\u0119 do u\u017cytku profesjonalnego. Przednie zapi\u0119cie na zamek b\u0142yskawiczny, elastyczna talia i mankiety u\u0142atwiaj\u0105 zak\u0142adanie oraz ruchy. Kieszenie cargo i pier\u015bcie\u0144 D umo\u017cliwiaj\u0105 trzymanie akcesori\u00f3w w zasi\u0119gu.\n\n- Sk\u0142ad: 80% poliester, 20% bawe\u0142na sko\u015bna\n- Bez podszewki\n- Przednie zapi\u0119cie na zamek b\u0142yskawiczny\n- Kieszenie cargo, pier\u015bcie\u0144 D"},"h1":{"fr":"Lite coverall combinaison r321x","en":"Lite coverall coverall r321x","de":"Lite coverall Overall r321x","nl":"Lite coverall werkoverall r321x","es":"Lite coverall mono r321x","it":"Lite coverall tuta r321x","sv":"Lite coverall l\u00e4tt arbetsoverall r321x","pt":"Lite coverall macac\u00e3o r321x","da":"Lite coverall kedeldragt r321x","pl":"Lite coverall kombinezon r321x"},"meta_description":{"fr":"Combinaison de travail l\u00e9g\u00e8re sans doublure, tissu r\u00e9sistant \u00e0 l'eau, fermeture zipp\u00e9e avant, taille et poignets \u00e9lastiqu\u00e9s, poches cargo.","en":"Lightweight unlined work coverall, water-resistant fabric, front zip closure, elasticated waist and cuffs, cargo pockets.","de":"Leichter Arbeitsoverall ohne Futter, wasserabweisendes Gewebe, Frontrei\u00dfverschluss, elastischer Bund und elastische B\u00fcndchen, Cargotaschen.","nl":"Lichte werkoverall zonder voering, waterafstotende stof, ritssluiting aan de voorkant, elastische taille en manchetten, cargozakken.","es":"Mono de trabajo ligero sin forro, tejido resistente al agua, cierre de cremallera frontal, cintura y pu\u00f1os el\u00e1sticos, bolsillos cargo.","it":"Tuta da lavoro leggera senza fodera, tessuto resistente all\\u0027acqua, chiusura con zip frontale, vita e polsini elasticizzati, tasche cargo.","sv":"L\u00e4tt arbetsoverall utan foder, vattenavvisande tyg, dragkedja fram, elastisk midja och elastiska muddar, cargofickor.","pt":"Macac\u00e3o de trabalho leve sem forro, tecido resistente \u00e0 \u00e1gua, fecho de correr frontal, cintura e punhos el\u00e1sticos, bolsos cargo.","da":"Let arbejds-kedeldragt uden for, vandafvisende stof, lynl\u00e5slukning foran, elastik i talje og manchetter, cargolommer.","pl":"Lekki kombinezon roboczy bez podszewki, tkanina odporna na wod\u0119, przednie zapi\u0119cie na zamek b\u0142yskawiczny, elastyczna talia i mankiety, kieszenie cargo."}},"custom":{"title":{"fr":"Lite coverall combinaison RESULT r321x personnalisable","en":"Lite coverall RESULT r321x customizable coverall","de":"Lite coverall leichter Arbeitsoverall RESULT r321x personalisierbar","nl":"Lite coverall overall RESULT r321x personaliseerbaar","es":"Lite coverall mono RESULT r321x personalizable","it":"Lite coverall tuta RESULT r321x personalizzabile","sv":"Lite coverall overall RESULT r321x anpassningsbar","pt":"Lite coverall macac\u00e3o RESULT r321x personaliz\u00e1vel","da":"Lite coverall kedeldragt RESULT r321x kan tilpasses","pl":"Lite coverall kombinezon RESULT r321x do personalizacji"},"description":{"fr":"La combinaison Lite Coverall est une cotte l\u00e9g\u00e8re non doubl\u00e9e, coupe unisexe, adapt\u00e9e au travail en climat chaud. Le tissu r\u00e9sistant \u00e0 l\u2019eau, les poches cargo et la taille \u00e9lastiqu\u00e9e facilitent les mouvements et l\u2019usage au quotidien. Col montant, poignets \u00e9lastiqu\u00e9s, coutures renforc\u00e9es, fermeture zipp\u00e9e avant et anneau D. Personnalisation possible.\n\n- Composition : 80 % polyester, 20 % coton\n- Tissu serg\u00e9, r\u00e9sistant \u00e0 l\u2019eau\n- Poches cargo, taille et poignets \u00e9lastiqu\u00e9s\n- Personnalisation possible","en":"The Lite Coverall coverall is a light, unlined overall with a unisex fit, suitable for work in hot climates. The water-resistant fabric, cargo pockets and elasticated waist make movement and everyday use easier. Stand-up collar, elasticated cuffs, reinforced seams, front zip fastening and D-ring. Customization possible.\n\n- Composition: 80% polyester, 20% cotton\n- Twill fabric, water-resistant\n- Cargo pockets, elasticated waist and cuffs\n- Customization possible","de":"Der Lite Coverall ist ein leichter, ungef\u00fctterter Overall mit Unisex-Schnitt, geeignet f\u00fcr Arbeit in warmem Klima. Das wasserabweisende Gewebe, die Cargotaschen und der elastische Bund erleichtern Bewegungen und den t\u00e4glichen Einsatz. Stehkragen, elastische B\u00fcndchen, verst\u00e4rkte N\u00e4hte, Front-Rei\u00dfverschluss und D-Ring. Personalisierung m\u00f6glich.\n\n- Zusammensetzung: 80 % Polyester, 20 % Baumwolle\n- K\u00f6pergewebe, wasserabweisend\n- Cargotaschen, elastischer Bund und elastische B\u00fcndchen\n- Personalisierung m\u00f6glich","nl":"De Lite Coverall overall is een lichte, ongevoerde werkoverall met unisex pasvorm, geschikt voor werk in warme omstandigheden. De waterbestendige stof, de cargozakken en de elastische taille vergemakkelijken beweging en dagelijks gebruik. Opstaande kraag, elastische manchetten, verstevigde naden, ritssluiting voor en D-ring. Personalisatie mogelijk.\n\n- Samenstelling: 80% polyester, 20% katoen\n- Keperstof, waterbestendig\n- Cargozakken, elastische taille en manchetten\n- Personalisatie mogelijk","es":"El mono Lite Coverall es un mono ligero sin forro, corte unisex, adecuado para trabajar en climas c\u00e1lidos. El tejido resistente al agua, los bolsillos cargo y la cintura el\u00e1stica facilitan los movimientos y el uso diario. Cuello alto, pu\u00f1os el\u00e1sticos, costuras reforzadas, cierre de cremallera frontal y anilla en D. Personalizaci\u00f3n posible.\n\n- Composici\u00f3n: 80 % poli\u00e9ster, 20 % algod\u00f3n\n- Tejido de sarga, resistente al agua\n- Bolsillos cargo, cintura y pu\u00f1os el\u00e1sticos\n- Personalizaci\u00f3n posible","it":"La tuta Lite Coverall \u00e8 una tuta leggera non foderata, con taglio unisex, adatta al lavoro in climi caldi. Il tessuto resistente all'acqua, le tasche cargo e la vita elasticizzata facilitano i movimenti e l'uso quotidiano. Collo alto, polsini elasticizzati, cuciture rinforzate, chiusura con zip frontale e anello a D. Personalizzazione possibile.\n\n- Composizione: 80% poliestere, 20% cotone\n- Tessuto in twill, resistente all'acqua\n- Tasche cargo, vita e polsini elasticizzati\n- Personalizzazione possibile","sv":"Lite Coverall \u00e4r en l\u00e4tt ofodrad overall med unisexpassform, anpassad f\u00f6r arbete i varmt klimat. Vattenavvisande tyg, cargofickor och elastisk midja underl\u00e4ttar r\u00f6relse och daglig anv\u00e4ndning. St\u00e5krage, elastiska muddar, f\u00f6rst\u00e4rkta s\u00f6mmar, dragkedjest\u00e4ngning fram och D-ring. Anpassning m\u00f6jlig.\n\n- Sammans\u00e4ttning: 80 % polyester, 20 % bomull\n- Twilltyg, vattenavvisande\n- Cargofickor, elastisk midja och elastiska muddar\n- Anpassning m\u00f6jlig","pt":"O macac\u00e3o Lite Coverall \u00e9 um macac\u00e3o leve sem forro, com corte unissexo, adequado para trabalho em clima quente. O tecido resistente \u00e0 \u00e1gua, os bolsos cargo e a cintura el\u00e1stica facilitam os movimentos e o uso di\u00e1rio. Gola alta, punhos el\u00e1sticos, costuras refor\u00e7adas, fecho de correr frontal e argola em D. Personaliza\u00e7\u00e3o poss\u00edvel.\n\n- Composi\u00e7\u00e3o: 80 % poli\u00e9ster, 20 % algod\u00e3o\n- Tecido sarja, resistente \u00e0 \u00e1gua\n- Bolsos cargo, cintura e punhos el\u00e1sticos\n- Personaliza\u00e7\u00e3o poss\u00edvel","da":"Lite Coverall kedeldragten er en let kedeldragt uden for, unisex pasform, egnet til arbejde i varmt klima. Det vandafvisende stof, cargolommerne og den elastiske talje g\u00f8r bev\u00e6gelser og daglig brug lettere. H\u00f8j krave, elastiske manchetter, forst\u00e6rkede s\u00f8mme, lynl\u00e5slukning foran og D-ring. Tilpasning mulig.\n\n- Sammens\u00e6tning: 80 % polyester, 20 % bomuld\n- Twillstof, vandafvisende\n- Cargolommer, elastik i talje og manchetter\n- Tilpasning mulig","pl":"Kombinezon Lite Coverall to lekka odzie\u017c robocza bez podszewki, o kroju unisex, odpowiednia do pracy w ciep\u0142ym klimacie. Tkanina odporna na wod\u0119, kieszenie cargo i elastyczna talia u\u0142atwiaj\u0105 ruchy oraz codzienne u\u017cytkowanie. St\u00f3jka, elastyczne mankiety, wzmocnione szwy, przednie zapi\u0119cie na zamek oraz pier\u015bcie\u0144 D. Mo\u017cliwo\u015b\u0107 personalizacji.\n\n- Sk\u0142ad: 80% poliester, 20% bawe\u0142na\n- Tkanina diagonalna, odporna na wod\u0119\n- Kieszenie cargo, elastyczna talia i mankiety\n- Mo\u017cliwo\u015b\u0107 personalizacji"},"h1":{"fr":"Lite coverall combinaison r321x personnalisable","en":"Lite coverall r321x customizable coverall","de":"Lite coverall leichter Arbeitsoverall r321x personalisierbar","nl":"Lite coverall overall r321x personaliseerbaar","es":"Lite coverall mono r321x personalizable","it":"Lite coverall tuta r321x personalizzabile","sv":"Lite coverall overall r321x anpassningsbar","pt":"Lite coverall macac\u00e3o r321x personaliz\u00e1vel","da":"Lite coverall kedeldragt r321x kan tilpasses","pl":"Lite coverall kombinezon r321x do personalizacji"},"meta_description":{"fr":"Combinaison de travail l\u00e9g\u00e8re unisexe, non doubl\u00e9e, tissu r\u00e9sistant \u00e0 l\u2019eau, poches cargo, taille et poignets \u00e9lastiqu\u00e9s, col montant.","en":"Light unisex work coverall, unlined, water-resistant fabric, cargo pockets, elasticated waist and cuffs, stand-up collar.","de":"Leichter Unisex-Arbeitsoverall, ungef\u00fcttert, wasserabweisendes Gewebe, Cargotaschen, elastischer Bund und elastische B\u00fcndchen, Stehkragen.","nl":"Lichte unisex werkoverall, ongevoerd, waterbestendige stof, cargozakken, elastische taille en manchetten, opstaande kraag.","es":"Mono de trabajo ligero unisex, sin forro, tejido resistente al agua, bolsillos cargo, cintura y pu\u00f1os el\u00e1sticos, cuello alto.","it":"Tuta da lavoro leggera unisex, non foderata, tessuto resistente all'acqua, tasche cargo, vita e polsini elasticizzati, collo alto.","sv":"L\u00e4tt arbetsoverall f\u00f6r unisex, ofodrad, vattenavvisande tyg, cargofickor, elastisk midja och elastiska muddar, st\u00e5krage.","pt":"Macac\u00e3o de trabalho leve unissexo, sem forro, tecido resistente \u00e0 \u00e1gua, bolsos cargo, cintura e punhos el\u00e1sticos, gola alta.","da":"Let unisex arbejdsdragt, uden for, vandafvisende stof, cargolommer, elastik i talje og manchetter, h\u00f8j krave.","pl":"Lekki kombinezon roboczy unisex, bez podszewki, tkanina odporna na wod\u0119, kieszenie cargo, elastyczna talia i mankiety, st\u00f3jka."}}},"categories":[{"id":309,"name":"Combinaisons et salopettes","singular":"Combinaison et salopette","is_feminin":true},{"id":522,"name":"Combinaisons et cottes","singular":"Combinaison et cotte","is_feminin":false},{"id":561,"name":"BTP et Industrie","singular":"BTP et Industrie","is_feminin":false},{"id":559,"name":"Univers","singular":"Univers","is_feminin":false},{"id":354,"name":"Textile","singular":"Textile","is_feminin":false}],"certifications":[],"videos":{"fr":[],"en":[],"de":[],"nl":[],"es":[],"it":[],"sv":[],"pt":[],"da":[],"pl":[]},"main_images":{"miniature":"https:\/\/media.th4.com\/OaPxao6RrbvCWYASyKkLJ56sJ7ppC3Y4e0GnNQJEvDU\/pr:80\/aHR0cDovL21lZGlhMi5kZXNpZ25wYXJ0bmVyLmZyL2MvcC1ibGFuay1USC8yMTYxNC53ZWJw?v=1769424934","medium":"https:\/\/media.th4.com\/7q6ei1UGt5ARwmV3vIZ_9-c5TedXK0Wh_odF-hi1RTA\/pr:550x550greybg\/aHR0cDovL21lZGlhMi5kZXNpZ25wYXJ0bmVyLmZyL2MvcC1ibGFuay1USC8yMTYxNC53ZWJw?v=1769424934","medium_large":"https:\/\/media.th4.com\/BJWbsKe1ctBNhBHmU7M9HqvkRVSwkYc8IFPi11TxPzI\/pr:1000x1000greybg\/aHR0cDovL21lZGlhMi5kZXNpZ25wYXJ0bmVyLmZyL2MvcC1ibGFuay1USC8yMTYxNC53ZWJw?v=1769424934","large":"https:\/\/media.th4.com\/yi247zA1kUA0sg3PENCOVj3QVX5lMqgE_cJZx5LAdYk\/pr:1920greybg\/aHR0cDovL21lZGlhMi5kZXNpZ25wYXJ0bmVyLmZyL2MvcC1ibGFuay1USC8yMTYxNC53ZWJw?v=1769424934","opengraph":"https:\/\/media.th4.com\/GXGKFCf9uSZxF0SdZEmyvZSO7uIQV7z5TZeceuxnvxY\/pr:1200x630greybg\/aHR0cDovL21lZGlhMi5kZXNpZ25wYXJ0bmVyLmZyL2MvcC1ibGFuay1USC8yMTYxNC53ZWJw?v=1769424934"},"main_images_customization":{"miniature":"https:\/\/media.th4.com\/1WDlA7hAb2x8478h9QiTzZP_0UkOpVZZoiz3avWmCqk\/pr:80\/aHR0cDovL21lZGlhMi5kZXNpZ25wYXJ0bmVyLmZyL2MvcC1jdXN0b20tVEgvMjE2MTQud2VicA?v=1769425091","medium":"https:\/\/media.th4.com\/UY65BLVcSNqRjSLSOK9nlm8pJw55R62Phy0qvRccsEg\/pr:550x550greybg\/aHR0cDovL21lZGlhMi5kZXNpZ25wYXJ0bmVyLmZyL2MvcC1jdXN0b20tVEgvMjE2MTQud2VicA?v=1769425091","medium_large":"https:\/\/media.th4.com\/3vpG9dLAOhkYRguZFwEQd52PL3JQdRsAISOWXjiGDyg\/pr:1000x1000greybg\/aHR0cDovL21lZGlhMi5kZXNpZ25wYXJ0bmVyLmZyL2MvcC1jdXN0b20tVEgvMjE2MTQud2VicA?v=1769425091","large":"https:\/\/media.th4.com\/HZSK9eY0BF4WLM15yx06iP_Kx457pzPe0R8Uc1b_0J8\/pr:1920greybg\/aHR0cDovL21lZGlhMi5kZXNpZ25wYXJ0bmVyLmZyL2MvcC1jdXN0b20tVEgvMjE2MTQud2VicA?v=1769425091","opengraph":"https:\/\/media.th4.com\/-Gch-CEdZ0ufs2xL5Vti-vjazvWvXkFmoEaiGD9jdh8\/pr:1200x630greybg\/aHR0cDovL21lZGlhMi5kZXNpZ25wYXJ0bmVyLmZyL2MvcC1jdXN0b20tVEgvMjE2MTQud2VicA?v=1769425091"},"page_links":{"fr":"\/fr\/p-re-r321x-lite-coverall-combinaison-r321x-21614\/","en":"\/en\/p-re-r321x-lite-coverall-coverall-r321x-21614\/","de":"\/de\/p-re-r321x-lite-coverall-overall-r321x-21614\/","nl":"\/nl\/p-re-r321x-lite-coverall-werkoverall-r321x-21614\/","es":"\/es\/p-re-r321x-lite-coverall-mono-r321x-21614\/","it":"\/it\/p-re-r321x-lite-coverall-tuta-r321x-21614\/","sv":"\/sv\/p-re-r321x-lite-coverall-latt-arbetsoverall-r321x-21614\/","pt":"\/pt\/p-re-r321x-lite-coverall-macacao-r321x-21614\/","da":"\/da\/p-re-r321x-lite-coverall-kedeldragt-r321x-21614\/","pl":"\/pl\/p-re-r321x-lite-coverall-kombinezon-r321x-21614\/"},"page_links_customization":{"fr":"\/fr\/p-re-r321x-lite-coverall-combinaison-r321x-personnalisable-21614\/custom\/","en":"\/en\/p-re-r321x-lite-coverall-r321x-customizable-coverall-21614\/custom\/","de":"\/de\/p-re-r321x-lite-coverall-leichter-arbeitsoverall-r321x-personalisierbar-21614\/custom\/","nl":"\/nl\/p-re-r321x-lite-coverall-overall-r321x-personaliseerbaar-21614\/custom\/","es":"\/es\/p-re-r321x-lite-coverall-mono-r321x-personalizable-21614\/custom\/","it":"\/it\/p-re-r321x-lite-coverall-tuta-r321x-personalizzabile-21614\/custom\/","sv":"\/sv\/p-re-r321x-lite-coverall-overall-r321x-anpassningsbar-21614\/custom\/","pt":"\/pt\/p-re-r321x-lite-coverall-macacao-r321x-personalizavel-21614\/custom\/","da":"\/da\/p-re-r321x-lite-coverall-kedeldragt-r321x-kan-tilpasses-21614\/custom\/","pl":"\/pl\/p-re-r321x-lite-coverall-kombinezon-r321x-do-personalizacji-21614\/custom\/"},"equivalent_products":[],"colors":[{"id":25023,"name":"grey\/black\/orange","class_ids":[3,4,9],"codes_hexa":["A49C9B","1D1717","D47546"],"delai_24":false,"has_3d":false,"seuil_global":0,"stock_local":0,"stock_global":437,"on_standby":false,"in_catalog":true,"images":{"miniature":["https:\/\/media.th4.com\/pdNh5wQ8PqZxTppNVM_0bl6taEBipwHpPu8m_VxVq_Q\/pr:80\/aHR0cDovL21lZGlhMi5kZXNpZ25wYXJ0bmVyLmZyL2MvcC8yMTYxNC8yMTYxNC0yNTAyMy0xLndlYnA?v=1769424129","https:\/\/media.th4.com\/z88h9MLZiH8s6KnC3ZEg3LgRL3LLkZ1gwEZGJYNJlYY\/pr:80\/aHR0cDovL21lZGlhMi5kZXNpZ25wYXJ0bmVyLmZyL2MvcC8yMTYxNC8yMTYxNC0yNTAyMy0xMC53ZWJw?v=1769424130"],"medium":["https:\/\/media.th4.com\/2edpvniW7zgU4Hx3XGddLqS79cuZ2wvoTQNg2hD4Ym0\/pr:550x550\/aHR0cDovL21lZGlhMi5kZXNpZ25wYXJ0bmVyLmZyL2MvcC8yMTYxNC8yMTYxNC0yNTAyMy0xLndlYnA?v=1769424129","https:\/\/media.th4.com\/at_m83cQ1YTTlPzAU4AWswZFrmCzL7nWQBEE8Rz6xO4\/pr:550x550\/aHR0cDovL21lZGlhMi5kZXNpZ25wYXJ0bmVyLmZyL2MvcC8yMTYxNC8yMTYxNC0yNTAyMy0xMC53ZWJw?v=1769424130"],"medium_large":["https:\/\/media.th4.com\/EPSdc-1U8Q-bc25b8dVwa9Y8mPYsjwrv3WUosgF473k\/pr:1000x1000\/aHR0cDovL21lZGlhMi5kZXNpZ25wYXJ0bmVyLmZyL2MvcC8yMTYxNC8yMTYxNC0yNTAyMy0xLndlYnA?v=1769424129","https:\/\/media.th4.com\/QDLLmTrM6rdw2Fd5f-26zbk-o6B4RKSkn2Yf9sxdc0s\/pr:1000x1000\/aHR0cDovL21lZGlhMi5kZXNpZ25wYXJ0bmVyLmZyL2MvcC8yMTYxNC8yMTYxNC0yNTAyMy0xMC53ZWJw?v=1769424130"],"large":["https:\/\/media.th4.com\/pWwdzkwSoaXGAQ-4TuSSKZz6PSQep50PIGhoibtSmm8\/pr:1920\/aHR0cDovL21lZGlhMi5kZXNpZ25wYXJ0bmVyLmZyL2MvcC8yMTYxNC8yMTYxNC0yNTAyMy0xLndlYnA?v=1769424129","https:\/\/media.th4.com\/j6zX0OqgL9e36bP3elEB-XMwq006QLuRsq0kLp8DKQ8\/pr:1920\/aHR0cDovL21lZGlhMi5kZXNpZ25wYXJ0bmVyLmZyL2MvcC8yMTYxNC8yMTYxNC0yNTAyMy0xMC53ZWJw?v=1769424130"],"opengraph":["https:\/\/media.th4.com\/GcWG1eGOy_N696kuHvnPsX9t1TE-pZWrbgzpC5Gkj_k\/pr:1200x630\/aHR0cDovL21lZGlhMi5kZXNpZ25wYXJ0bmVyLmZyL2MvcC8yMTYxNC8yMTYxNC0yNTAyMy0xLndlYnA?v=1769424129","https:\/\/media.th4.com\/cVgaDteoLLwVxWfWkSgMU2aeT4wvC3cMrOykUhRBcts\/pr:1200x630\/aHR0cDovL21lZGlhMi5kZXNpZ25wYXJ0bmVyLmZyL2MvcC8yMTYxNC8yMTYxNC0yNTAyMy0xMC53ZWJw?v=1769424130"]},"images_customization":{"miniature":["https:\/\/media.th4.com\/pdNh5wQ8PqZxTppNVM_0bl6taEBipwHpPu8m_VxVq_Q\/pr:80\/aHR0cDovL21lZGlhMi5kZXNpZ25wYXJ0bmVyLmZyL2MvcC8yMTYxNC8yMTYxNC0yNTAyMy0xLndlYnA?v=1769424129","https:\/\/media.th4.com\/z88h9MLZiH8s6KnC3ZEg3LgRL3LLkZ1gwEZGJYNJlYY\/pr:80\/aHR0cDovL21lZGlhMi5kZXNpZ25wYXJ0bmVyLmZyL2MvcC8yMTYxNC8yMTYxNC0yNTAyMy0xMC53ZWJw?v=1769424130"],"medium":["https:\/\/media.th4.com\/2edpvniW7zgU4Hx3XGddLqS79cuZ2wvoTQNg2hD4Ym0\/pr:550x550\/aHR0cDovL21lZGlhMi5kZXNpZ25wYXJ0bmVyLmZyL2MvcC8yMTYxNC8yMTYxNC0yNTAyMy0xLndlYnA?v=1769424129","https:\/\/media.th4.com\/at_m83cQ1YTTlPzAU4AWswZFrmCzL7nWQBEE8Rz6xO4\/pr:550x550\/aHR0cDovL21lZGlhMi5kZXNpZ25wYXJ0bmVyLmZyL2MvcC8yMTYxNC8yMTYxNC0yNTAyMy0xMC53ZWJw?v=1769424130"],"medium_large":["https:\/\/media.th4.com\/EPSdc-1U8Q-bc25b8dVwa9Y8mPYsjwrv3WUosgF473k\/pr:1000x1000\/aHR0cDovL21lZGlhMi5kZXNpZ25wYXJ0bmVyLmZyL2MvcC8yMTYxNC8yMTYxNC0yNTAyMy0xLndlYnA?v=1769424129","https:\/\/media.th4.com\/QDLLmTrM6rdw2Fd5f-26zbk-o6B4RKSkn2Yf9sxdc0s\/pr:1000x1000\/aHR0cDovL21lZGlhMi5kZXNpZ25wYXJ0bmVyLmZyL2MvcC8yMTYxNC8yMTYxNC0yNTAyMy0xMC53ZWJw?v=1769424130"],"large":["https:\/\/media.th4.com\/pWwdzkwSoaXGAQ-4TuSSKZz6PSQep50PIGhoibtSmm8\/pr:1920\/aHR0cDovL21lZGlhMi5kZXNpZ25wYXJ0bmVyLmZyL2MvcC8yMTYxNC8yMTYxNC0yNTAyMy0xLndlYnA?v=1769424129","https:\/\/media.th4.com\/j6zX0OqgL9e36bP3elEB-XMwq006QLuRsq0kLp8DKQ8\/pr:1920\/aHR0cDovL21lZGlhMi5kZXNpZ25wYXJ0bmVyLmZyL2MvcC8yMTYxNC8yMTYxNC0yNTAyMy0xMC53ZWJw?v=1769424130"],"opengraph":["https:\/\/media.th4.com\/GcWG1eGOy_N696kuHvnPsX9t1TE-pZWrbgzpC5Gkj_k\/pr:1200x630\/aHR0cDovL21lZGlhMi5kZXNpZ25wYXJ0bmVyLmZyL2MvcC8yMTYxNC8yMTYxNC0yNTAyMy0xLndlYnA?v=1769424129","https:\/\/media.th4.com\/cVgaDteoLLwVxWfWkSgMU2aeT4wvC3cMrOykUhRBcts\/pr:1200x630\/aHR0cDovL21lZGlhMi5kZXNpZ25wYXJ0bmVyLmZyL2MvcC8yMTYxNC8yMTYxNC0yNTAyMy0xMC53ZWJw?v=1769424130"]},"country_origin":"CN","traceability":{"manufacturing_country_id":null,"weaving_country_id":null,"dyeing_country_id":null},"sizes":[{"id":5,"article_id":532709,"class_id":2,"name":"XS","on_standby":false,"stock_local":0,"stock_global":67,"multiple":1,"estimated_date_reassort":null,"is_destocking":false},{"id":3,"article_id":532710,"class_id":3,"name":"S","on_standby":false,"stock_local":0,"stock_global":97,"multiple":1,"estimated_date_reassort":null,"is_destocking":false},{"id":2,"article_id":532711,"class_id":4,"name":"M","on_standby":false,"stock_local":0,"stock_global":59,"multiple":1,"estimated_date_reassort":null,"is_destocking":false},{"id":1,"article_id":532712,"class_id":5,"name":"L","on_standby":false,"stock_local":0,"stock_global":28,"multiple":1,"estimated_date_reassort":null,"is_destocking":false},{"id":4,"article_id":532713,"class_id":6,"name":"XL","on_standby":false,"stock_local":0,"stock_global":51,"multiple":1,"estimated_date_reassort":null,"is_destocking":false},{"id":1116,"article_id":532714,"class_id":7,"name":"2XL","on_standby":false,"stock_local":0,"stock_global":54,"multiple":1,"estimated_date_reassort":null,"is_destocking":false},{"id":1081,"article_id":532715,"class_id":8,"name":"3XL","on_standby":false,"stock_local":0,"stock_global":24,"multiple":1,"estimated_date_reassort":null,"is_destocking":false},{"id":16,"article_id":532716,"class_id":9,"name":"4XL","on_standby":false,"stock_local":0,"stock_global":43,"multiple":1,"estimated_date_reassort":null,"is_destocking":false},{"id":168,"article_id":532717,"class_id":10,"name":"5XL","on_standby":false,"stock_local":0,"stock_global":14,"multiple":1,"estimated_date_reassort":null,"is_destocking":false}],"page_links":{"fr":"\/fr\/p-re-r321x-lite-coverall-combinaison-r321x-21614\/grey-black-orange-25023\/","en":"\/en\/p-re-r321x-lite-coverall-coverall-r321x-21614\/grey-black-orange-25023\/","de":"\/de\/p-re-r321x-lite-coverall-overall-r321x-21614\/grey-black-orange-25023\/","nl":"\/nl\/p-re-r321x-lite-coverall-werkoverall-r321x-21614\/grey-black-orange-25023\/","es":"\/es\/p-re-r321x-lite-coverall-mono-r321x-21614\/grey-black-orange-25023\/","it":"\/it\/p-re-r321x-lite-coverall-tuta-r321x-21614\/grey-black-orange-25023\/","sv":"\/sv\/p-re-r321x-lite-coverall-latt-arbetsoverall-r321x-21614\/grey-black-orange-25023\/","pt":"\/pt\/p-re-r321x-lite-coverall-macacao-r321x-21614\/grey-black-orange-25023\/","da":"\/da\/p-re-r321x-lite-coverall-kedeldragt-r321x-21614\/grey-black-orange-25023\/","pl":"\/pl\/p-re-r321x-lite-coverall-kombinezon-r321x-21614\/grey-black-orange-25023\/"},"page_links_customization":{"fr":"\/fr\/p-re-r321x-lite-coverall-combinaison-r321x-personnalisable-21614\/grey-black-orange-25023\/custom\/","en":"\/en\/p-re-r321x-lite-coverall-r321x-customizable-coverall-21614\/grey-black-orange-25023\/custom\/","de":"\/de\/p-re-r321x-lite-coverall-leichter-arbeitsoverall-r321x-personalisierbar-21614\/grey-black-orange-25023\/custom\/","nl":"\/nl\/p-re-r321x-lite-coverall-overall-r321x-personaliseerbaar-21614\/grey-black-orange-25023\/custom\/","es":"\/es\/p-re-r321x-lite-coverall-mono-r321x-personalizable-21614\/grey-black-orange-25023\/custom\/","it":"\/it\/p-re-r321x-lite-coverall-tuta-r321x-personalizzabile-21614\/grey-black-orange-25023\/custom\/","sv":"\/sv\/p-re-r321x-lite-coverall-overall-r321x-anpassningsbar-21614\/grey-black-orange-25023\/custom\/","pt":"\/pt\/p-re-r321x-lite-coverall-macacao-r321x-personalizavel-21614\/grey-black-orange-25023\/custom\/","da":"\/da\/p-re-r321x-lite-coverall-kedeldragt-r321x-kan-tilpasses-21614\/grey-black-orange-25023\/custom\/","pl":"\/pl\/p-re-r321x-lite-coverall-kombinezon-r321x-do-personalizacji-21614\/grey-black-orange-25023\/custom\/"}},{"id":25024,"name":"black\/grey\/orange","class_ids":[4,3,9],"codes_hexa":["1D1717","A49C9B","D47546"],"delai_24":false,"has_3d":false,"seuil_global":0,"stock_local":0,"stock_global":277,"on_standby":false,"in_catalog":true,"images":{"miniature":["https:\/\/media.th4.com\/1TCW8G7pNmg7SIhEYaCR70wbJi6lungHQame2j1CnTA\/pr:80\/aHR0cDovL21lZGlhMi5kZXNpZ25wYXJ0bmVyLmZyL2MvcC8yMTYxNC8yMTYxNC0yNTAyNC0xLndlYnA?v=1769424127","https:\/\/media.th4.com\/PP-YqpMRx8QRfYIhDhTI9uAmFOsf8eYGxGHKkoJm2rk\/pr:80\/aHR0cDovL21lZGlhMi5kZXNpZ25wYXJ0bmVyLmZyL2MvcC8yMTYxNC8yMTYxNC0yNTAyNC0yLndlYnA?v=1769424128"],"medium":["https:\/\/media.th4.com\/P-7Fx1DMptlhc0Xkjs2mT6WsQwOzB1-W17aE_e3uxTs\/pr:550x550\/aHR0cDovL21lZGlhMi5kZXNpZ25wYXJ0bmVyLmZyL2MvcC8yMTYxNC8yMTYxNC0yNTAyNC0xLndlYnA?v=1769424127","https:\/\/media.th4.com\/kmn6PWbmWASzJ1RKLuyyVoorAFGfkeqVCPI28qJ1GjA\/pr:550x550\/aHR0cDovL21lZGlhMi5kZXNpZ25wYXJ0bmVyLmZyL2MvcC8yMTYxNC8yMTYxNC0yNTAyNC0yLndlYnA?v=1769424128"],"medium_large":["https:\/\/media.th4.com\/0k4ElRQllkaJXzL1FkyEvRKi0QrhJ_ssDu3_giFuQWs\/pr:1000x1000\/aHR0cDovL21lZGlhMi5kZXNpZ25wYXJ0bmVyLmZyL2MvcC8yMTYxNC8yMTYxNC0yNTAyNC0xLndlYnA?v=1769424127","https:\/\/media.th4.com\/4JePSMb0OT9mH5Ibq5CXBJeK07dq8SPP56H1K0BDYSg\/pr:1000x1000\/aHR0cDovL21lZGlhMi5kZXNpZ25wYXJ0bmVyLmZyL2MvcC8yMTYxNC8yMTYxNC0yNTAyNC0yLndlYnA?v=1769424128"],"large":["https:\/\/media.th4.com\/I91kvvEfJTOqv6U5mek0yQuZ8eDQA7wtmLC5HzxFXbg\/pr:1920\/aHR0cDovL21lZGlhMi5kZXNpZ25wYXJ0bmVyLmZyL2MvcC8yMTYxNC8yMTYxNC0yNTAyNC0xLndlYnA?v=1769424127","https:\/\/media.th4.com\/GodSNFlAuHGDoNRxP86-FfZLEvofP69mSfyIJpA_gX0\/pr:1920\/aHR0cDovL21lZGlhMi5kZXNpZ25wYXJ0bmVyLmZyL2MvcC8yMTYxNC8yMTYxNC0yNTAyNC0yLndlYnA?v=1769424128"],"opengraph":["https:\/\/media.th4.com\/XzYm-E9UWv14sg86uKmDs1AelPKhu3uU8DsyIHFtl7E\/pr:1200x630\/aHR0cDovL21lZGlhMi5kZXNpZ25wYXJ0bmVyLmZyL2MvcC8yMTYxNC8yMTYxNC0yNTAyNC0xLndlYnA?v=1769424127","https:\/\/media.th4.com\/quUi3GGuZVEAF4LKjTpsyrzEdy-ROhqjUyZYszIjP6s\/pr:1200x630\/aHR0cDovL21lZGlhMi5kZXNpZ25wYXJ0bmVyLmZyL2MvcC8yMTYxNC8yMTYxNC0yNTAyNC0yLndlYnA?v=1769424128"]},"images_customization":{"miniature":["https:\/\/media.th4.com\/1TCW8G7pNmg7SIhEYaCR70wbJi6lungHQame2j1CnTA\/pr:80\/aHR0cDovL21lZGlhMi5kZXNpZ25wYXJ0bmVyLmZyL2MvcC8yMTYxNC8yMTYxNC0yNTAyNC0xLndlYnA?v=1769424127","https:\/\/media.th4.com\/PP-YqpMRx8QRfYIhDhTI9uAmFOsf8eYGxGHKkoJm2rk\/pr:80\/aHR0cDovL21lZGlhMi5kZXNpZ25wYXJ0bmVyLmZyL2MvcC8yMTYxNC8yMTYxNC0yNTAyNC0yLndlYnA?v=1769424128"],"medium":["https:\/\/media.th4.com\/P-7Fx1DMptlhc0Xkjs2mT6WsQwOzB1-W17aE_e3uxTs\/pr:550x550\/aHR0cDovL21lZGlhMi5kZXNpZ25wYXJ0bmVyLmZyL2MvcC8yMTYxNC8yMTYxNC0yNTAyNC0xLndlYnA?v=1769424127","https:\/\/media.th4.com\/kmn6PWbmWASzJ1RKLuyyVoorAFGfkeqVCPI28qJ1GjA\/pr:550x550\/aHR0cDovL21lZGlhMi5kZXNpZ25wYXJ0bmVyLmZyL2MvcC8yMTYxNC8yMTYxNC0yNTAyNC0yLndlYnA?v=1769424128"],"medium_large":["https:\/\/media.th4.com\/0k4ElRQllkaJXzL1FkyEvRKi0QrhJ_ssDu3_giFuQWs\/pr:1000x1000\/aHR0cDovL21lZGlhMi5kZXNpZ25wYXJ0bmVyLmZyL2MvcC8yMTYxNC8yMTYxNC0yNTAyNC0xLndlYnA?v=1769424127","https:\/\/media.th4.com\/4JePSMb0OT9mH5Ibq5CXBJeK07dq8SPP56H1K0BDYSg\/pr:1000x1000\/aHR0cDovL21lZGlhMi5kZXNpZ25wYXJ0bmVyLmZyL2MvcC8yMTYxNC8yMTYxNC0yNTAyNC0yLndlYnA?v=1769424128"],"large":["https:\/\/media.th4.com\/I91kvvEfJTOqv6U5mek0yQuZ8eDQA7wtmLC5HzxFXbg\/pr:1920\/aHR0cDovL21lZGlhMi5kZXNpZ25wYXJ0bmVyLmZyL2MvcC8yMTYxNC8yMTYxNC0yNTAyNC0xLndlYnA?v=1769424127","https:\/\/media.th4.com\/GodSNFlAuHGDoNRxP86-FfZLEvofP69mSfyIJpA_gX0\/pr:1920\/aHR0cDovL21lZGlhMi5kZXNpZ25wYXJ0bmVyLmZyL2MvcC8yMTYxNC8yMTYxNC0yNTAyNC0yLndlYnA?v=1769424128"],"opengraph":["https:\/\/media.th4.com\/XzYm-E9UWv14sg86uKmDs1AelPKhu3uU8DsyIHFtl7E\/pr:1200x630\/aHR0cDovL21lZGlhMi5kZXNpZ25wYXJ0bmVyLmZyL2MvcC8yMTYxNC8yMTYxNC0yNTAyNC0xLndlYnA?v=1769424127","https:\/\/media.th4.com\/quUi3GGuZVEAF4LKjTpsyrzEdy-ROhqjUyZYszIjP6s\/pr:1200x630\/aHR0cDovL21lZGlhMi5kZXNpZ25wYXJ0bmVyLmZyL2MvcC8yMTYxNC8yMTYxNC0yNTAyNC0yLndlYnA?v=1769424128"]},"country_origin":"CN","traceability":{"manufacturing_country_id":null,"weaving_country_id":null,"dyeing_country_id":null},"sizes":[{"id":5,"article_id":532718,"class_id":2,"name":"XS","on_standby":false,"stock_local":0,"stock_global":27,"multiple":1,"estimated_date_reassort":null,"is_destocking":false},{"id":3,"article_id":532719,"class_id":3,"name":"S","on_standby":false,"stock_local":0,"stock_global":54,"multiple":1,"estimated_date_reassort":null,"is_destocking":false},{"id":2,"article_id":532720,"class_id":4,"name":"M","on_standby":false,"stock_local":0,"stock_global":30,"multiple":1,"estimated_date_reassort":null,"is_destocking":false},{"id":1,"article_id":532721,"class_id":5,"name":"L","on_standby":false,"stock_local":0,"stock_global":42,"multiple":1,"estimated_date_reassort":null,"is_destocking":false},{"id":4,"article_id":532722,"class_id":6,"name":"XL","on_standby":false,"stock_local":0,"stock_global":43,"multiple":1,"estimated_date_reassort":null,"is_destocking":false},{"id":1116,"article_id":532723,"class_id":7,"name":"2XL","on_standby":false,"stock_local":0,"stock_global":30,"multiple":1,"estimated_date_reassort":null,"is_destocking":false},{"id":1081,"article_id":532724,"class_id":8,"name":"3XL","on_standby":false,"stock_local":0,"stock_global":22,"multiple":1,"estimated_date_reassort":null,"is_destocking":false},{"id":16,"article_id":532725,"class_id":9,"name":"4XL","on_standby":false,"stock_local":0,"stock_global":17,"multiple":1,"estimated_date_reassort":null,"is_destocking":false},{"id":168,"article_id":532726,"class_id":10,"name":"5XL","on_standby":false,"stock_local":0,"stock_global":12,"multiple":1,"estimated_date_reassort":null,"is_destocking":false}],"page_links":{"fr":"\/fr\/p-re-r321x-lite-coverall-combinaison-r321x-21614\/black-grey-orange-25024\/","en":"\/en\/p-re-r321x-lite-coverall-coverall-r321x-21614\/black-grey-orange-25024\/","de":"\/de\/p-re-r321x-lite-coverall-overall-r321x-21614\/black-grey-orange-25024\/","nl":"\/nl\/p-re-r321x-lite-coverall-werkoverall-r321x-21614\/black-grey-orange-25024\/","es":"\/es\/p-re-r321x-lite-coverall-mono-r321x-21614\/black-grey-orange-25024\/","it":"\/it\/p-re-r321x-lite-coverall-tuta-r321x-21614\/black-grey-orange-25024\/","sv":"\/sv\/p-re-r321x-lite-coverall-latt-arbetsoverall-r321x-21614\/black-grey-orange-25024\/","pt":"\/pt\/p-re-r321x-lite-coverall-macacao-r321x-21614\/black-grey-orange-25024\/","da":"\/da\/p-re-r321x-lite-coverall-kedeldragt-r321x-21614\/black-grey-orange-25024\/","pl":"\/pl\/p-re-r321x-lite-coverall-kombinezon-r321x-21614\/black-grey-orange-25024\/"},"page_links_customization":{"fr":"\/fr\/p-re-r321x-lite-coverall-combinaison-r321x-personnalisable-21614\/black-grey-orange-25024\/custom\/","en":"\/en\/p-re-r321x-lite-coverall-r321x-customizable-coverall-21614\/black-grey-orange-25024\/custom\/","de":"\/de\/p-re-r321x-lite-coverall-leichter-arbeitsoverall-r321x-personalisierbar-21614\/black-grey-orange-25024\/custom\/","nl":"\/nl\/p-re-r321x-lite-coverall-overall-r321x-personaliseerbaar-21614\/black-grey-orange-25024\/custom\/","es":"\/es\/p-re-r321x-lite-coverall-mono-r321x-personalizable-21614\/black-grey-orange-25024\/custom\/","it":"\/it\/p-re-r321x-lite-coverall-tuta-r321x-personalizzabile-21614\/black-grey-orange-25024\/custom\/","sv":"\/sv\/p-re-r321x-lite-coverall-overall-r321x-anpassningsbar-21614\/black-grey-orange-25024\/custom\/","pt":"\/pt\/p-re-r321x-lite-coverall-macacao-r321x-personalizavel-21614\/black-grey-orange-25024\/custom\/","da":"\/da\/p-re-r321x-lite-coverall-kedeldragt-r321x-kan-tilpasses-21614\/black-grey-orange-25024\/custom\/","pl":"\/pl\/p-re-r321x-lite-coverall-kombinezon-r321x-do-personalizacji-21614\/black-grey-orange-25024\/custom\/"}},{"id":25025,"name":"royal\/navy\/orange","class_ids":[2,2,9],"codes_hexa":["4063AB","3A4A73","D47546"],"delai_24":false,"has_3d":false,"seuil_global":0,"stock_local":0,"stock_global":264,"on_standby":false,"in_catalog":true,"images":{"miniature":["https:\/\/media.th4.com\/h320pDLJ6xpW9CD3ztQGGL5auNFdHJzc9trKc7SGBFg\/pr:80\/aHR0cDovL21lZGlhMi5kZXNpZ25wYXJ0bmVyLmZyL2MvcC8yMTYxNC8yMTYxNC0yNTAyNS0xLndlYnA?v=1769424130","https:\/\/media.th4.com\/4OHIfxZONKfs5qlmYOTjan58HzIiEQ9bO7oJie7M4Zk\/pr:80\/aHR0cDovL21lZGlhMi5kZXNpZ25wYXJ0bmVyLmZyL2MvcC8yMTYxNC8yMTYxNC0yNTAyNS0xMC53ZWJw?v=1769424131","https:\/\/media.th4.com\/CspVlTzpy5AHLxZBuGPNWuhSoH8oNajh2J93LxvIVGQ\/pr:80\/aHR0cDovL21lZGlhMi5kZXNpZ25wYXJ0bmVyLmZyL2MvcC8yMTYxNC8yMTYxNC0yNTAyNS0xMS53ZWJw?v=1769424132"],"medium":["https:\/\/media.th4.com\/WmnFhiYWO-N-sw1bBpxWDsto8JS13r9Mmf7EDoTBSAQ\/pr:550x550\/aHR0cDovL21lZGlhMi5kZXNpZ25wYXJ0bmVyLmZyL2MvcC8yMTYxNC8yMTYxNC0yNTAyNS0xLndlYnA?v=1769424130","https:\/\/media.th4.com\/fF9WXy2cXaGOFQ8VYcDBhpC3CDA1JAks7NTY3aJA4kg\/pr:550x550\/aHR0cDovL21lZGlhMi5kZXNpZ25wYXJ0bmVyLmZyL2MvcC8yMTYxNC8yMTYxNC0yNTAyNS0xMC53ZWJw?v=1769424131","https:\/\/media.th4.com\/VZ-Uu5_LwrQhV7cOH1mIAj5BjdeY2HM74NK-7I6oxYg\/pr:550x550\/aHR0cDovL21lZGlhMi5kZXNpZ25wYXJ0bmVyLmZyL2MvcC8yMTYxNC8yMTYxNC0yNTAyNS0xMS53ZWJw?v=1769424132"],"medium_large":["https:\/\/media.th4.com\/m7gw7gJBbT412uaPPxM4iB2khxpq02_vc7xIlLoUkT0\/pr:1000x1000\/aHR0cDovL21lZGlhMi5kZXNpZ25wYXJ0bmVyLmZyL2MvcC8yMTYxNC8yMTYxNC0yNTAyNS0xLndlYnA?v=1769424130","https:\/\/media.th4.com\/CZeiGbsmqK_uTK48Ot4aXobM3a6x8jnT2vY-108egdI\/pr:1000x1000\/aHR0cDovL21lZGlhMi5kZXNpZ25wYXJ0bmVyLmZyL2MvcC8yMTYxNC8yMTYxNC0yNTAyNS0xMC53ZWJw?v=1769424131","https:\/\/media.th4.com\/PdRo4FXCFhD5rCoIUg7o5H1KVGQhEdOU0v4_D1yJVe4\/pr:1000x1000\/aHR0cDovL21lZGlhMi5kZXNpZ25wYXJ0bmVyLmZyL2MvcC8yMTYxNC8yMTYxNC0yNTAyNS0xMS53ZWJw?v=1769424132"],"large":["https:\/\/media.th4.com\/4_1l-_09FCIshEtPXo2nagvGaexI32PuqT9keQWOku0\/pr:1920\/aHR0cDovL21lZGlhMi5kZXNpZ25wYXJ0bmVyLmZyL2MvcC8yMTYxNC8yMTYxNC0yNTAyNS0xLndlYnA?v=1769424130","https:\/\/media.th4.com\/fy4PCPK-V8E4HTIxPdBKV489z69yup5o_zLQ-GZkKJM\/pr:1920\/aHR0cDovL21lZGlhMi5kZXNpZ25wYXJ0bmVyLmZyL2MvcC8yMTYxNC8yMTYxNC0yNTAyNS0xMC53ZWJw?v=1769424131","https:\/\/media.th4.com\/TuevbhxmkVJCt5ndmU-zD44gd6wU6XaWdZwItTiArDc\/pr:1920\/aHR0cDovL21lZGlhMi5kZXNpZ25wYXJ0bmVyLmZyL2MvcC8yMTYxNC8yMTYxNC0yNTAyNS0xMS53ZWJw?v=1769424132"],"opengraph":["https:\/\/media.th4.com\/nxrx_y8_9whaCljP2RkujBYlbqdlbhJ986JNYP8HZmY\/pr:1200x630\/aHR0cDovL21lZGlhMi5kZXNpZ25wYXJ0bmVyLmZyL2MvcC8yMTYxNC8yMTYxNC0yNTAyNS0xLndlYnA?v=1769424130","https:\/\/media.th4.com\/zNmXJJn5A7mR707MVd_XrKFs9nBKfjW2lUHfwUgHs2c\/pr:1200x630\/aHR0cDovL21lZGlhMi5kZXNpZ25wYXJ0bmVyLmZyL2MvcC8yMTYxNC8yMTYxNC0yNTAyNS0xMC53ZWJw?v=1769424131","https:\/\/media.th4.com\/emOJKBXYYCbmA11iF8XgfmKqj_QyZ3movnT7hzaQboA\/pr:1200x630\/aHR0cDovL21lZGlhMi5kZXNpZ25wYXJ0bmVyLmZyL2MvcC8yMTYxNC8yMTYxNC0yNTAyNS0xMS53ZWJw?v=1769424132"]},"images_customization":{"miniature":["https:\/\/media.th4.com\/h320pDLJ6xpW9CD3ztQGGL5auNFdHJzc9trKc7SGBFg\/pr:80\/aHR0cDovL21lZGlhMi5kZXNpZ25wYXJ0bmVyLmZyL2MvcC8yMTYxNC8yMTYxNC0yNTAyNS0xLndlYnA?v=1769424130","https:\/\/media.th4.com\/4OHIfxZONKfs5qlmYOTjan58HzIiEQ9bO7oJie7M4Zk\/pr:80\/aHR0cDovL21lZGlhMi5kZXNpZ25wYXJ0bmVyLmZyL2MvcC8yMTYxNC8yMTYxNC0yNTAyNS0xMC53ZWJw?v=1769424131","https:\/\/media.th4.com\/CspVlTzpy5AHLxZBuGPNWuhSoH8oNajh2J93LxvIVGQ\/pr:80\/aHR0cDovL21lZGlhMi5kZXNpZ25wYXJ0bmVyLmZyL2MvcC8yMTYxNC8yMTYxNC0yNTAyNS0xMS53ZWJw?v=1769424132"],"medium":["https:\/\/media.th4.com\/WmnFhiYWO-N-sw1bBpxWDsto8JS13r9Mmf7EDoTBSAQ\/pr:550x550\/aHR0cDovL21lZGlhMi5kZXNpZ25wYXJ0bmVyLmZyL2MvcC8yMTYxNC8yMTYxNC0yNTAyNS0xLndlYnA?v=1769424130","https:\/\/media.th4.com\/fF9WXy2cXaGOFQ8VYcDBhpC3CDA1JAks7NTY3aJA4kg\/pr:550x550\/aHR0cDovL21lZGlhMi5kZXNpZ25wYXJ0bmVyLmZyL2MvcC8yMTYxNC8yMTYxNC0yNTAyNS0xMC53ZWJw?v=1769424131","https:\/\/media.th4.com\/VZ-Uu5_LwrQhV7cOH1mIAj5BjdeY2HM74NK-7I6oxYg\/pr:550x550\/aHR0cDovL21lZGlhMi5kZXNpZ25wYXJ0bmVyLmZyL2MvcC8yMTYxNC8yMTYxNC0yNTAyNS0xMS53ZWJw?v=1769424132"],"medium_large":["https:\/\/media.th4.com\/m7gw7gJBbT412uaPPxM4iB2khxpq02_vc7xIlLoUkT0\/pr:1000x1000\/aHR0cDovL21lZGlhMi5kZXNpZ25wYXJ0bmVyLmZyL2MvcC8yMTYxNC8yMTYxNC0yNTAyNS0xLndlYnA?v=1769424130","https:\/\/media.th4.com\/CZeiGbsmqK_uTK48Ot4aXobM3a6x8jnT2vY-108egdI\/pr:1000x1000\/aHR0cDovL21lZGlhMi5kZXNpZ25wYXJ0bmVyLmZyL2MvcC8yMTYxNC8yMTYxNC0yNTAyNS0xMC53ZWJw?v=1769424131","https:\/\/media.th4.com\/PdRo4FXCFhD5rCoIUg7o5H1KVGQhEdOU0v4_D1yJVe4\/pr:1000x1000\/aHR0cDovL21lZGlhMi5kZXNpZ25wYXJ0bmVyLmZyL2MvcC8yMTYxNC8yMTYxNC0yNTAyNS0xMS53ZWJw?v=1769424132"],"large":["https:\/\/media.th4.com\/4_1l-_09FCIshEtPXo2nagvGaexI32PuqT9keQWOku0\/pr:1920\/aHR0cDovL21lZGlhMi5kZXNpZ25wYXJ0bmVyLmZyL2MvcC8yMTYxNC8yMTYxNC0yNTAyNS0xLndlYnA?v=1769424130","https:\/\/media.th4.com\/fy4PCPK-V8E4HTIxPdBKV489z69yup5o_zLQ-GZkKJM\/pr:1920\/aHR0cDovL21lZGlhMi5kZXNpZ25wYXJ0bmVyLmZyL2MvcC8yMTYxNC8yMTYxNC0yNTAyNS0xMC53ZWJw?v=1769424131","https:\/\/media.th4.com\/TuevbhxmkVJCt5ndmU-zD44gd6wU6XaWdZwItTiArDc\/pr:1920\/aHR0cDovL21lZGlhMi5kZXNpZ25wYXJ0bmVyLmZyL2MvcC8yMTYxNC8yMTYxNC0yNTAyNS0xMS53ZWJw?v=1769424132"],"opengraph":["https:\/\/media.th4.com\/nxrx_y8_9whaCljP2RkujBYlbqdlbhJ986JNYP8HZmY\/pr:1200x630\/aHR0cDovL21lZGlhMi5kZXNpZ25wYXJ0bmVyLmZyL2MvcC8yMTYxNC8yMTYxNC0yNTAyNS0xLndlYnA?v=1769424130","https:\/\/media.th4.com\/zNmXJJn5A7mR707MVd_XrKFs9nBKfjW2lUHfwUgHs2c\/pr:1200x630\/aHR0cDovL21lZGlhMi5kZXNpZ25wYXJ0bmVyLmZyL2MvcC8yMTYxNC8yMTYxNC0yNTAyNS0xMC53ZWJw?v=1769424131","https:\/\/media.th4.com\/emOJKBXYYCbmA11iF8XgfmKqj_QyZ3movnT7hzaQboA\/pr:1200x630\/aHR0cDovL21lZGlhMi5kZXNpZ25wYXJ0bmVyLmZyL2MvcC8yMTYxNC8yMTYxNC0yNTAyNS0xMS53ZWJw?v=1769424132"]},"country_origin":"CN","traceability":{"manufacturing_country_id":null,"weaving_country_id":null,"dyeing_country_id":null},"sizes":[{"id":5,"article_id":532727,"class_id":2,"name":"XS","on_standby":false,"stock_local":0,"stock_global":36,"multiple":1,"estimated_date_reassort":null,"is_destocking":false},{"id":3,"article_id":532728,"class_id":3,"name":"S","on_standby":false,"stock_local":0,"stock_global":19,"multiple":1,"estimated_date_reassort":null,"is_destocking":false},{"id":2,"article_id":532729,"class_id":4,"name":"M","on_standby":false,"stock_local":0,"stock_global":33,"multiple":1,"estimated_date_reassort":null,"is_destocking":false},{"id":1,"article_id":532730,"class_id":5,"name":"L","on_standby":false,"stock_local":0,"stock_global":45,"multiple":1,"estimated_date_reassort":null,"is_destocking":false},{"id":4,"article_id":532731,"class_id":6,"name":"XL","on_standby":false,"stock_local":0,"stock_global":35,"multiple":1,"estimated_date_reassort":null,"is_destocking":false},{"id":1116,"article_id":532732,"class_id":7,"name":"2XL","on_standby":false,"stock_local":0,"stock_global":19,"multiple":1,"estimated_date_reassort":null,"is_destocking":false},{"id":1081,"article_id":532733,"class_id":8,"name":"3XL","on_standby":false,"stock_local":0,"stock_global":22,"multiple":1,"estimated_date_reassort":null,"is_destocking":false},{"id":16,"article_id":532734,"class_id":9,"name":"4XL","on_standby":false,"stock_local":0,"stock_global":29,"multiple":1,"estimated_date_reassort":null,"is_destocking":false},{"id":168,"article_id":532735,"class_id":10,"name":"5XL","on_standby":false,"stock_local":0,"stock_global":26,"multiple":1,"estimated_date_reassort":null,"is_destocking":false}],"page_links":{"fr":"\/fr\/p-re-r321x-lite-coverall-combinaison-r321x-21614\/royal-navy-orange-25025\/","en":"\/en\/p-re-r321x-lite-coverall-coverall-r321x-21614\/royal-navy-orange-25025\/","de":"\/de\/p-re-r321x-lite-coverall-overall-r321x-21614\/royal-navy-orange-25025\/","nl":"\/nl\/p-re-r321x-lite-coverall-werkoverall-r321x-21614\/royal-navy-orange-25025\/","es":"\/es\/p-re-r321x-lite-coverall-mono-r321x-21614\/royal-navy-orange-25025\/","it":"\/it\/p-re-r321x-lite-coverall-tuta-r321x-21614\/royal-navy-orange-25025\/","sv":"\/sv\/p-re-r321x-lite-coverall-latt-arbetsoverall-r321x-21614\/royal-navy-orange-25025\/","pt":"\/pt\/p-re-r321x-lite-coverall-macacao-r321x-21614\/royal-navy-orange-25025\/","da":"\/da\/p-re-r321x-lite-coverall-kedeldragt-r321x-21614\/royal-navy-orange-25025\/","pl":"\/pl\/p-re-r321x-lite-coverall-kombinezon-r321x-21614\/royal-navy-orange-25025\/"},"page_links_customization":{"fr":"\/fr\/p-re-r321x-lite-coverall-combinaison-r321x-personnalisable-21614\/royal-navy-orange-25025\/custom\/","en":"\/en\/p-re-r321x-lite-coverall-r321x-customizable-coverall-21614\/royal-navy-orange-25025\/custom\/","de":"\/de\/p-re-r321x-lite-coverall-leichter-arbeitsoverall-r321x-personalisierbar-21614\/royal-navy-orange-25025\/custom\/","nl":"\/nl\/p-re-r321x-lite-coverall-overall-r321x-personaliseerbaar-21614\/royal-navy-orange-25025\/custom\/","es":"\/es\/p-re-r321x-lite-coverall-mono-r321x-personalizable-21614\/royal-navy-orange-25025\/custom\/","it":"\/it\/p-re-r321x-lite-coverall-tuta-r321x-personalizzabile-21614\/royal-navy-orange-25025\/custom\/","sv":"\/sv\/p-re-r321x-lite-coverall-overall-r321x-anpassningsbar-21614\/royal-navy-orange-25025\/custom\/","pt":"\/pt\/p-re-r321x-lite-coverall-macacao-r321x-personalizavel-21614\/royal-navy-orange-25025\/custom\/","da":"\/da\/p-re-r321x-lite-coverall-kedeldragt-r321x-kan-tilpasses-21614\/royal-navy-orange-25025\/custom\/","pl":"\/pl\/p-re-r321x-lite-coverall-kombinezon-r321x-do-personalizacji-21614\/royal-navy-orange-25025\/custom\/"}}],"documentation_link":"\/pdf\/21614.pdf","countries_availables":["AD","AE","AL","AT","BA","BD","BE","BG","BL","CA","CH","CN","CO","CY","CZ","DE","DK","DO","EE","EG","ES","ET","FI","FR","GB","GE","GF","GP","GR","GT","HK","HN","HR","HT","HU","ID","IE","IN","IS","IT","JO","JP","KE","KH","KP","KR","LA","LK","LS","LT","LU","LV","MA","MF","MG","MK","MM","MN","MQ","MT","MX","MY","NC","NI","NL","PF","PH","PK","PL","PM","PT","RE","RO","SE","SG","SI","SK","SV","SY","TH","TN","TR","TW","TZ","US","VN","WF","YT"]},"infos_customization":[],"features":{"authorize_multi_surfaces":true,"display_order_delay_type":true,"promote_surface_display":true,"tarification_franco_offert":true,"enabled_3d_editor":false},"markings":[{"id":0,"nom":"vierge","finition":null,"libelle":null,"code":null,"dpi":null,"finesse_forme_isolee":null,"finesse_forme_non_isolee":null,"hauteur_minimale_texte":null,"inactif":0,"marquage_interne":1,"quantite_min":null,"parent_id":null,"print_on_support":0,"content":"vierge","description":null},{"id":2,"nom":"fonce","finition":"optimale","libelle":"TopQuadri","code":null,"dpi":400,"finesse_forme_isolee":"0.040","finesse_forme_non_isolee":"0.700","hauteur_minimale_texte":2,"inactif":0,"marquage_interne":1,"quantite_min":null,"parent_id":18,"print_on_support":0,"content":"TopQuadri","description":"pour petites et moyennes s\u00e9ries"},{"id":3,"nom":"serigraphie","finition":"serigraphie","libelle":"SeriCoat","code":null,"dpi":400,"finesse_forme_isolee":"0.040","finesse_forme_non_isolee":"0.700","hauteur_minimale_texte":2,"inactif":0,"marquage_interne":1,"quantite_min":15,"parent_id":18,"print_on_support":0,"content":"SeriCoat","description":"pour moyennes et grandes s\u00e9ries"},{"id":4,"nom":"broderie","finition":"broderie","libelle":"Broderie","code":null,"dpi":400,"finesse_forme_isolee":"0.040","finesse_forme_non_isolee":"0.700","hauteur_minimale_texte":3,"inactif":0,"marquage_interne":1,"quantite_min":null,"parent_id":null,"print_on_support":0,"content":"Broderie","description":null},{"id":8,"nom":"theme","finition":null,"libelle":"Th\u00e8me","code":null,"dpi":null,"finesse_forme_isolee":null,"finesse_forme_non_isolee":null,"hauteur_minimale_texte":null,"inactif":0,"marquage_interne":1,"quantite_min":null,"parent_id":null,"print_on_support":0,"content":"Th\u00e8me","description":null},{"id":9,"nom":"sans","finition":null,"libelle":null,"code":null,"dpi":null,"finesse_forme_isolee":null,"finesse_forme_non_isolee":null,"hauteur_minimale_texte":null,"inactif":0,"marquage_interne":1,"quantite_min":null,"parent_id":null,"print_on_support":0,"content":"sans","description":null},{"id":10,"nom":"photo","finition":null,"libelle":"Photo","code":null,"dpi":null,"finesse_forme_isolee":null,"finesse_forme_non_isolee":null,"hauteur_minimale_texte":null,"inactif":0,"marquage_interne":1,"quantite_min":null,"parent_id":null,"print_on_support":0,"content":"Photo","description":null},{"id":14,"nom":"couleur","finition":null,"libelle":"Couleur","code":null,"dpi":null,"finesse_forme_isolee":null,"finesse_forme_non_isolee":null,"hauteur_minimale_texte":null,"inactif":0,"marquage_interne":1,"quantite_min":null,"parent_id":null,"print_on_support":0,"content":"Couleur","description":null},{"id":15,"nom":"sublimation","finition":"sublimation","libelle":"Sublimation","code":null,"dpi":null,"finesse_forme_isolee":"0.000","finesse_forme_non_isolee":"0.000","hauteur_minimale_texte":2,"inactif":0,"marquage_interne":1,"quantite_min":null,"parent_id":null,"print_on_support":0,"content":"Sublimation","description":null},{"id":16,"nom":"topquadri_uv","finition":null,"libelle":"TopQuadri UV","code":null,"dpi":null,"finesse_forme_isolee":"0.020","finesse_forme_non_isolee":"0.700","hauteur_minimale_texte":2,"inactif":0,"marquage_interne":1,"quantite_min":null,"parent_id":null,"print_on_support":1,"content":null,"description":null},{"id":17,"nom":"topquadri_uvp","finition":null,"libelle":"TopQuadri UVP","code":null,"dpi":null,"finesse_forme_isolee":"0.020","finesse_forme_non_isolee":"0.700","hauteur_minimale_texte":2,"inactif":0,"marquage_interne":1,"quantite_min":null,"parent_id":null,"print_on_support":1,"content":null,"description":null},{"id":18,"nom":"quadri","finition":null,"libelle":"Impression","code":null,"dpi":null,"finesse_forme_isolee":null,"finesse_forme_non_isolee":null,"hauteur_minimale_texte":null,"inactif":0,"marquage_interne":1,"quantite_min":null,"parent_id":null,"print_on_support":0,"content":null,"description":null}]}}