{"data":{"product":{"id":21593,"titre":"Mens printable softshell bodywarmer","description":"Le gilet en softshell pour homme le plus vendu et le plus populaire du march\u00e9 se transforme en un gilet durable. Id\u00e9al pour une chaleur corporelle suppl\u00e9mentaire. R\u00e9siste \u00e0 l'eau. Respirant. Coup-vent. Tissu noir \u00e0 l'int\u00e9rieur des \u00e9paules pour cacher l'envers des broderies au niveau de la nuque. Int\u00e9rieur compl\u00e8tement doubl\u00e9 en micropolaire recycl\u00e9e. Fermeture zipp\u00e9e YKK \u00e0 l'avant avec col montant. Protection menton et tirette. Surpiq\u00fbre d\u00e9corative. Poches lat\u00e9rales zipp\u00e9es. Patte de suspension. Tissu recycl\u00e9 fabriqu\u00e9 \u00e0 partir de bouteilles en plastique et de d\u00e9chets industriels. Emballage biod\u00e9gradable et cartons recycl\u00e9s. Composition : 100 % polyester.","genre":"homme","grammage":280,"conditionnement":20,"composition":"polyester,polyester_uniquement","reference":"re-r232m","reference_visible":"re-r232m","reference_fabricant":"R232M","ref_xor":"721436","in_catalog":true,"is_transfer":false,"is_service":false,"on_standby":false,"has_3d":false,"has_size_guide":false,"has_marking":true,"has_vierge":true,"is_cross_sellable":false,"id_picto":26,"filename_3d":null,"brand":{"id":16,"name":"Result","logo":"logo-result.png","image":"https:\/\/media.th4.com\/R4AINn4EcZGXmGADkvSPvxFxj-96N0ZW37kUw9NCIp8\/pr:brand70x70\/aHR0cDovL21lZGlhMi5kZXNpZ25wYXJ0bmVyLmZyL2MvbS9sb2dvLXJlc3VsdC5wbmc?v=1769696384"},"price_infos":{"price_from":11.72,"quantity":200,"color":{"id":364,"name":"black"},"size":{"id":2,"name":"M"}},"price_infos_marking":{"price_from":15.91,"quantity":1500,"color":{"id":364,"name":"black"},"size":{"id":2,"name":"M"},"marking":{"id":2,"name":""},"emplacement":"avant","surface_emplacement_id":1,"surface":"coeur"},"i18n":{"blank":{"title":{"fr":"Bodywarmer softshell homme gilet RESULT r232m","en":"Men's softshell bodywarmer vest RESULT r232m","de":"Softshell-Bodywarmer Herren Weste RESULT r232m","nl":"Softshell bodywarmer voor heren gilet RESULT r232m","es":"Chaleco softshell para hombre sin mangas RESULT r232m","it":"Bodywarmer softshell uomo gilet RESULT r232m","sv":"Softshell-bodywarmer herrv\u00e4st RESULT r232m","pt":"Colete softshell masculino sem mangas RESULT r232m","da":"Softshell-bodywarmer til herre vest RESULT r232m","pl":"M\u0119ski bodywarmer softshell, kamizelka RESULT r232m"},"description":{"fr":"Le Bodywarmer Softshell Homme est un gilet sans manches en softshell, respirant et coupe-vent, avec doublure micropolaire recycl\u00e9e et col montant. Il comporte des poches lat\u00e9rales zipp\u00e9es et une protection menton.\n\n- Composition : 100 % polyester\n- Doublure micropolaire recycl\u00e9e\n- Poches lat\u00e9rales zipp\u00e9es\n- Col montant avec protection menton","en":"The Men's Softshell Bodywarmer is a sleeveless softshell vest, breathable and windproof, with a recycled microfleece lining and a stand-up collar. It includes zipped side pockets and a chin guard.\n\n- Composition: 100% polyester\n- Recycled microfleece lining\n- Zipped side pockets\n- Stand-up collar with chin guard","de":"Der Softshell-Bodywarmer Herren ist eine \u00e4rmellose Softshell-Weste, atmungsaktiv und winddicht, mit recyceltem Mikrofleece-Futter und Stehkragen. Sie hat seitliche Rei\u00dfverschlusstaschen und einen Kinnschutz.\n\n- Material: 100 % Polyester\n- Recyceltes Mikrofleece-Futter\n- Seitliche Rei\u00dfverschlusstaschen\n- Stehkragen mit Kinnschutz","nl":"De Softshell Bodywarmer voor Heren is een mouwloos softshell gilet, ademend en winddicht, met een gerecyclede microfleece voering en een opstaande kraag. Het heeft zijzakken met rits en een kinbescherming.\n\n- Samenstelling: 100% polyester\n- Gerecyclede microfleece voering\n- Zijzakken met rits\n- Opstaande kraag met kinbescherming","es":"El chaleco softshell para hombre es un chaleco sin mangas de softshell, transpirable y cortaviento, con forro de micropolar reciclado y cuello alto. Incluye bolsillos laterales con cremallera y protector de barbilla.\n\n- Composici\u00f3n: 100 % poli\u00e9ster\n- Forro de micropolar reciclado\n- Bolsillos laterales con cremallera\n- Cuello alto con protector de barbilla","it":"Il bodywarmer softshell uomo \u00e8 un gilet senza maniche in softshell, traspirante e antivento, con fodera in micropile riciclato e colletto alto. Include tasche laterali con zip e protezione per il mento.\n\n- Composizione: 100% poliestere\n- Fodera in micropile riciclato\n- Tasche laterali con zip\n- Colletto alto con protezione per il mento","sv":"Softshell-bodywarmer herr \u00e4r en \u00e4rml\u00f6s softshellv\u00e4st, andningsbar och vindavvisande, med \u00e5tervunnet microfleecefoder och st\u00e5krage. Den har dragkedjef\u00f6rsedda sidofickor och hakskydd.\n\n- Sammans\u00e4ttning: 100 % polyester\n- \u00c5tervunnet microfleecefoder\n- Dragkedjef\u00f6rsedda sidofickor\n- St\u00e5krage med hakskydd","pt":"O colete softshell masculino \u00e9 um colete sem mangas em softshell, respir\u00e1vel e corta-vento, com forro em microvelo reciclado e gola alta. Inclui bolsos laterais com fecho e prote\u00e7\u00e3o de queixo.\n\n- Composi\u00e7\u00e3o: 100% poli\u00e9ster\n- Forro em microvelo reciclado\n- Bolsos laterais com fecho\n- Gola alta com prote\u00e7\u00e3o de queixo","da":"Softshell-bodywarmer til herre er en \u00e6rmel\u00f8s softshell-vest, \u00e5ndbar og vindt\u00e6t, med genanvendt mikrofleecefor og h\u00f8j krave. Den har lynl\u00e5slommer i siderne og hagebeskyttelse.\n\n- Sammens\u00e6tning: 100 % polyester\n- Genanvendt mikrofleecefor\n- Lynl\u00e5slommer i siderne\n- H\u00f8j krave med hagebeskyttelse","pl":"M\u0119ski Bodywarmer Softshell to bezr\u0119kawnik z softshellu, oddychaj\u0105cy i wiatroszczelny, z podszewk\u0105 z recyklingowanego mikropolaru oraz ze st\u00f3jk\u0105. Posiada boczne kieszenie na zamek oraz os\u0142on\u0119 podbr\u00f3dka.\n\n- Sk\u0142ad: 100 % poliester\n- Podszewka z recyklingowanego mikropolaru\n- Boczne kieszenie na zamek\n- St\u00f3jka z os\u0142on\u0105 podbr\u00f3dka"},"h1":{"fr":"Bodywarmer softshell homme gilet r232m","en":"Men's softshell bodywarmer vest r232m","de":"Softshell-Bodywarmer Herren Weste r232m","nl":"Softshell bodywarmer voor heren gilet r232m","es":"Chaleco softshell para hombre sin mangas r232m","it":"Bodywarmer softshell uomo gilet r232m","sv":"Softshell-bodywarmer herrv\u00e4st r232m","pt":"Colete softshell masculino sem mangas r232m","da":"Softshell-bodywarmer til herre vest r232m","pl":"M\u0119ski bodywarmer softshell, kamizelka r232m"},"meta_description":{"fr":"Le Bodywarmer Softshell Homme r232m est un gilet sans manches coupe-vent et respirant, doubl\u00e9 micropolaire recycl\u00e9e, avec poches zipp\u00e9es.","en":"The Men's Softshell Bodywarmer r232m is a sleeveless, windproof and breathable vest with recycled microfleece lining and zipped pockets.","de":"Der Softshell-Bodywarmer Herren r232m ist eine \u00e4rmellose, winddichte und atmungsaktive Weste mit recyceltem Mikrofleece-Futter und Rei\u00dfverschlusstaschen.","nl":"De Softshell Bodywarmer voor Heren r232m is een mouwloos gilet dat winddicht en ademend is, met gerecyclede microfleece voering en zakken met rits.","es":"El chaleco softshell para hombre r232m es un chaleco sin mangas cortaviento y transpirable, con forro de micropolar reciclado y bolsillos con cremallera.","it":"Il bodywarmer softshell uomo r232m \u00e8 un gilet senza maniche antivento e traspirante, foderato in micropile riciclato, con tasche con zip.","sv":"Softshell-bodywarmer herr r232m \u00e4r en \u00e4rml\u00f6s v\u00e4st som \u00e4r vindavvisande och andningsbar, med \u00e5tervunnet microfleecefoder och dragkedjef\u00f6rsedda fickor.","pt":"O colete softshell masculino r232m \u00e9 um colete sem mangas corta-vento e respir\u00e1vel, forrado com microvelo reciclado, com bolsos com fecho.","da":"Softshell-bodywarmer til herre r232m er en \u00e6rmel\u00f8s vest, vindt\u00e6t og \u00e5ndbar, foret med genanvendt mikrofleece og med lynl\u00e5slommer.","pl":"M\u0119ski Bodywarmer Softshell r232m to bezr\u0119kawnik wiatroszczelny i oddychaj\u0105cy, z podszewk\u0105 z recyklingowanego mikropolaru oraz kieszeniami na zamek."}},"custom":{"title":{"fr":"Bodywarmer softshell homme RESULT re-r232m personnalisable","en":"Men's softshell bodywarmer RESULT re-r232m customizable","de":"Softshell-Bodywarmer f\u00fcr Herren RESULT re-r232m personalisierbar","nl":"Softshell bodywarmer voor heren RESULT re-r232m personaliseerbaar","es":"Chaleco softshell para hombre RESULT re-r232m personalizable","it":"Bodywarmer softshell uomo RESULT re-r232m personalizzabile","sv":"Softshell-bodywarmer herr RESULT re-r232m anpassningsbar","pt":"Bodywarmer softshell masculino RESULT re-r232m personaliz\u00e1vel","da":"Softshell-bodywarmer til m\u00e6nd RESULT re-r232m kan tilpasses","pl":"M\u0119ski bezr\u0119kawnik softshell RESULT re-r232m do personalizacji"},"description":{"fr":"Le Bodywarmer Softshell Homme est un gilet sans manches softshell pour homme, con\u00e7u pour limiter les entr\u00e9es d'air et les projections d'eau, avec une doublure micropolaire recycl\u00e9e et un col montant. Les poches lat\u00e9rales zipp\u00e9es et la protection menton ajoutent du confort d'usage. Personnalisation possible par marquage.\n\n- Composition : 100% polyester\n- Doublure micropolaire recycl\u00e9e\n- Poches lat\u00e9rales zipp\u00e9es\n- Personnalisation possible","en":"The Men's Softshell Bodywarmer is a sleeveless softshell vest for men, designed to limit air ingress and water splashes, with a recycled microfleece lining and a stand-up collar. The zippered side pockets and chin guard add comfort in use. Customization possible by marking.\n\n- Composition: 100% polyester\n- Recycled microfleece lining\n- Zippered side pockets\n- Customization possible","de":"Der Softshell-Bodywarmer f\u00fcr Herren ist eine \u00e4rmellose Softshell-Weste f\u00fcr Herren, entwickelt zur Begrenzung von Lufteintritt und Wasserspritzern, mit recyceltem Microfleece-Futter und Stehkragen. Seitliche Rei\u00dfverschlusstaschen und Kinnschutz erh\u00f6hen den Nutzungskomfort. Personalisierung durch Veredelung m\u00f6glich.\n\n- Material: 100% Polyester\n- Recyceltes Microfleece-Futter\n- Seitliche Rei\u00dfverschlusstaschen\n- Personalisierung m\u00f6glich","nl":"De Softshell Bodywarmer voor Heren is een mouwloos softshell vest voor heren, ontworpen om luchtinlaat en opspattend water te beperken, met een gerecyclede microfleece voering en een opstaande kraag. Zijzakken met rits en een kinbeschermer verhogen het gebruikscomfort. Personalisatie mogelijk via bedrukking.\n\n- Samenstelling: 100% polyester\n- Gerecyclede microfleece voering\n- Zijzakken met rits\n- Personalisatie mogelijk","es":"El chaleco softshell para hombre es un chaleco sin mangas softshell para hombre, dise\u00f1ado para limitar la entrada de aire y las salpicaduras de agua, con un forro de micropolar reciclado y un cuello alto. Los bolsillos laterales con cremallera y el protector de barbilla aportan comodidad de uso. Posibilidad de personalizaci\u00f3n mediante marcaje.\n\n- Composici\u00f3n: 100% poli\u00e9ster\n- Forro de micropolar reciclado\n- Bolsillos laterales con cremallera\n- Posibilidad de personalizaci\u00f3n","it":"Il bodywarmer softshell uomo \u00e8 un gilet softshell senza maniche da uomo, progettato per limitare le infiltrazioni d'aria e gli spruzzi d'acqua, con fodera in micropile riciclato e collo alto. Le tasche laterali con zip e la protezione per il mento aumentano il comfort d'uso. Personalizzazione possibile tramite marcatura.\n\n- Composizione: 100% poliestere\n- Fodera in micropile riciclato\n- Tasche laterali con zip\n- Personalizzazione possibile","sv":"Softshell-bodywarmer f\u00f6r herr \u00e4r en \u00e4rml\u00f6s softshellv\u00e4st f\u00f6r herr, utformad f\u00f6r att begr\u00e4nsa luftintr\u00e4ngning och vattenst\u00e4nk, med \u00e5tervunnet microfleecefoder och st\u00e5krage. Sidofickor med dragkedja och hakskydd ger extra komfort vid anv\u00e4ndning. Anpassning m\u00f6jlig genom tryck.\n\n- Material: 100% polyester\n- \u00c5tervunnet microfleecefoder\n- Sidofickor med dragkedja\n- Anpassning m\u00f6jlig","pt":"O Bodywarmer Softshell Masculino \u00e9 um colete softshell sem mangas para homem, concebido para limitar as entradas de ar e as proje\u00e7\u00f5es de \u00e1gua, com forro de microvelo reciclado e gola alta. Os bolsos laterais com fecho e a prote\u00e7\u00e3o de queixo aumentam o conforto de utiliza\u00e7\u00e3o. Personaliza\u00e7\u00e3o poss\u00edvel por marca\u00e7\u00e3o.\n\n- Composi\u00e7\u00e3o: 100% poli\u00e9ster\n- Forro de microvelo reciclado\n- Bolsos laterais com fecho\n- Personaliza\u00e7\u00e3o poss\u00edvel","da":"Softshell-bodywarmer til m\u00e6nd er en \u00e6rmel\u00f8s softshell-vest til m\u00e6nd, fremstillet til at begr\u00e6nse indtr\u00e6ngen af luft og vandspr\u00f8jt, med genanvendt microfleecefor og h\u00f8j krave. Lynl\u00e5slommer i siderne og hagebeskyttelse \u00f8ger komforten i brug. Tilpasning mulig med tryk.\n\n- Sammens\u00e6tning: 100% polyester\n- Genanvendt microfleecefor\n- Lynl\u00e5slommer i siderne\n- Tilpasning mulig","pl":"M\u0119ski bezr\u0119kawnik softshell to bezr\u0119kawnik softshell dla m\u0119\u017cczyzn, zaprojektowany w celu ograniczenia przedostawania si\u0119 powietrza i rozprysk\u00f3w wody, z podszewk\u0105 z recyklingowanego mikropolaru i wysokim ko\u0142nierzem. Boczne kieszenie na zamek b\u0142yskawiczny oraz os\u0142ona podbr\u00f3dka zwi\u0119kszaj\u0105 komfort u\u017cytkowania. Mo\u017cliwa personalizacja poprzez znakowanie.\n\n- Sk\u0142ad: 100% poliester\n- Podszewka z recyklingowanego mikropolaru\n- Boczne kieszenie na zamek b\u0142yskawiczny\n- Mo\u017cliwa personalizacja"},"h1":{"fr":"Bodywarmer softshell homme re-r232m personnalisable","en":"Men's softshell bodywarmer re-r232m customizable","de":"Softshell-Bodywarmer f\u00fcr Herren re-r232m personalisierbar","nl":"Softshell bodywarmer voor heren re-r232m personaliseerbaar","es":"Chaleco softshell para hombre re-r232m personalizable","it":"Bodywarmer softshell uomo re-r232m personalizzabile","sv":"Softshell-bodywarmer herr re-r232m anpassningsbar","pt":"Bodywarmer softshell masculino re-r232m personaliz\u00e1vel","da":"Softshell-bodywarmer til m\u00e6nd re-r232m kan tilpasses","pl":"M\u0119ski bezr\u0119kawnik softshell re-r232m do personalizacji"},"meta_description":{"fr":"Le bodywarmer softshell homme re-r232m, doublure micropolaire recycl\u00e9e, d\u00e9perlant, respirant et coupe-vent, avec poches zipp\u00e9es. Personnalisable.","en":"Men's softshell bodywarmer re-r232m, recycled microfleece lining, water-repellent, breathable and windproof, with zippered pockets. Customizable.","de":"Softshell-Bodywarmer f\u00fcr Herren re-r232m, recyceltes Microfleece-Futter, wasserabweisend, atmungsaktiv und winddicht, mit Rei\u00dfverschlusstaschen. Personalisierbar.","nl":"De softshell bodywarmer voor heren re-r232m, gerecyclede microfleece voering, waterafstotend, ademend en winddicht, met zakken met rits. Personaliseerbaar.","es":"El chaleco softshell para hombre re-r232m, forro de micropolar reciclado, repelente al agua, transpirable y cortaviento, con bolsillos con cremallera. Personalizable.","it":"Il bodywarmer softshell uomo re-r232m, fodera in micropile riciclato, idrorepellente, traspirante e antivento, con tasche con zip. Personalizzabile.","sv":"Softshell-bodywarmer f\u00f6r herr re-r232m, \u00e5tervunnet microfleecefoder, vattenavvisande, andningsbar och vindt\u00e4t, med fickor med dragkedja. Anpassningsbar.","pt":"O bodywarmer softshell masculino re-r232m, forro de microvelo reciclado, repelente \u00e0 \u00e1gua, respir\u00e1vel e corta-vento, com bolsos com fecho. Personaliz\u00e1vel.","da":"Softshell-bodywarmer til m\u00e6nd re-r232m med genanvendt microfleecefor, vandafvisende, \u00e5ndbar og vindt\u00e6t, med lynl\u00e5slommer. Kan tilpasses.","pl":"M\u0119ski bezr\u0119kawnik softshell re-r232m, podszewka z recyklingowanego mikropolaru, hydrofobowy, oddychaj\u0105cy i wiatroszczelny, z kieszeniami na zamek. Do personalizacji."}}},"categories":[{"id":306,"name":"Bodywarmers","singular":"Bodywarmer","is_feminin":false},{"id":328,"name":"Softshells","singular":"Softshell","is_feminin":false},{"id":13,"name":"Vestes et manteaux","singular":"Veste et manteau","is_feminin":true},{"id":354,"name":"Textile","singular":"Textile","is_feminin":false}],"certifications":[],"videos":{"fr":[],"en":[],"de":[],"nl":[],"es":[],"it":[],"sv":[],"pt":[],"da":[],"pl":[]},"main_images":{"miniature":"https:\/\/media.th4.com\/lqA85llW28WU3gwwZQvVGvfhIGWniNUiepgqS1dGxow\/pr:80\/aHR0cDovL21lZGlhMi5kZXNpZ25wYXJ0bmVyLmZyL2MvcC1ibGFuay1USC8yMTU5My53ZWJw?v=1769424916","medium":"https:\/\/media.th4.com\/TAjhaqXyIjCvNybbo5wmWb53lhHrGCN51zbrVpgSoZo\/pr:550x550greybg\/aHR0cDovL21lZGlhMi5kZXNpZ25wYXJ0bmVyLmZyL2MvcC1ibGFuay1USC8yMTU5My53ZWJw?v=1769424916","medium_large":"https:\/\/media.th4.com\/qrSrEZIcAUtY3n6MBNmtkJCykugE1vBFjtaLKYBp-NA\/pr:1000x1000greybg\/aHR0cDovL21lZGlhMi5kZXNpZ25wYXJ0bmVyLmZyL2MvcC1ibGFuay1USC8yMTU5My53ZWJw?v=1769424916","large":"https:\/\/media.th4.com\/3koIKzxguC39Tpj7oc6t4x1evOPoQPDMfyMJMvbqkxM\/pr:1920greybg\/aHR0cDovL21lZGlhMi5kZXNpZ25wYXJ0bmVyLmZyL2MvcC1ibGFuay1USC8yMTU5My53ZWJw?v=1769424916","opengraph":"https:\/\/media.th4.com\/Ix2y8zXq5QbaBrxzsNfa1QJMtiELmQCzAyEql11VZsU\/pr:1200x630greybg\/aHR0cDovL21lZGlhMi5kZXNpZ25wYXJ0bmVyLmZyL2MvcC1ibGFuay1USC8yMTU5My53ZWJw?v=1769424916"},"main_images_customization":{"miniature":"https:\/\/media.th4.com\/r1JtcqRyq_JrT8QixXZvEavW0P5NHsJcpPXh-bksFpo\/pr:80\/aHR0cDovL21lZGlhMi5kZXNpZ25wYXJ0bmVyLmZyL2MvcC1jdXN0b20tVEgvMjE1OTMud2VicA?v=1769425078","medium":"https:\/\/media.th4.com\/mQRGfoRwcDFMWyT_3I0eY9_KjXEJXcng5pEpF9kU_Es\/pr:550x550greybg\/aHR0cDovL21lZGlhMi5kZXNpZ25wYXJ0bmVyLmZyL2MvcC1jdXN0b20tVEgvMjE1OTMud2VicA?v=1769425078","medium_large":"https:\/\/media.th4.com\/4st75nFj59UmZLj8XjTJv8Kgew64489Vyn0hcOlSwBc\/pr:1000x1000greybg\/aHR0cDovL21lZGlhMi5kZXNpZ25wYXJ0bmVyLmZyL2MvcC1jdXN0b20tVEgvMjE1OTMud2VicA?v=1769425078","large":"https:\/\/media.th4.com\/llSScxCXkLkh2dqAMB-SAwD9hr0wsSeuObSi3nlkxH4\/pr:1920greybg\/aHR0cDovL21lZGlhMi5kZXNpZ25wYXJ0bmVyLmZyL2MvcC1jdXN0b20tVEgvMjE1OTMud2VicA?v=1769425078","opengraph":"https:\/\/media.th4.com\/DHp1Nre4ursGOhr3i2pwXU_8_dpBoQj8jW2fabFtgrQ\/pr:1200x630greybg\/aHR0cDovL21lZGlhMi5kZXNpZ25wYXJ0bmVyLmZyL2MvcC1jdXN0b20tVEgvMjE1OTMud2VicA?v=1769425078"},"page_links":{"fr":"\/fr\/p-re-r232m-bodywarmer-softshell-homme-gilet-r232m-21593\/","en":"\/en\/p-re-r232m-mens-softshell-bodywarmer-vest-r232m-21593\/","de":"\/de\/p-re-r232m-softshell-bodywarmer-herren-weste-r232m-21593\/","nl":"\/nl\/p-re-r232m-softshell-bodywarmer-voor-heren-gilet-r232m-21593\/","es":"\/es\/p-re-r232m-chaleco-softshell-para-hombre-sin-mangas-r232m-21593\/","it":"\/it\/p-re-r232m-bodywarmer-softshell-uomo-gilet-r232m-21593\/","sv":"\/sv\/p-re-r232m-softshell-bodywarmer-herrvast-r232m-21593\/","pt":"\/pt\/p-re-r232m-colete-softshell-masculino-sem-mangas-r232m-21593\/","da":"\/da\/p-re-r232m-softshell-bodywarmer-til-herre-vest-r232m-21593\/","pl":"\/pl\/p-re-r232m-meski-bodywarmer-softshell-kamizelka-r232m-21593\/"},"page_links_customization":{"fr":"\/fr\/p-re-r232m-bodywarmer-softshell-homme-re-r232m-personnalisable-21593\/custom\/","en":"\/en\/p-re-r232m-mens-softshell-bodywarmer-re-r232m-customizable-21593\/custom\/","de":"\/de\/p-re-r232m-softshell-bodywarmer-fur-herren-re-r232m-personalisierbar-21593\/custom\/","nl":"\/nl\/p-re-r232m-softshell-bodywarmer-voor-heren-re-r232m-personaliseerbaar-21593\/custom\/","es":"\/es\/p-re-r232m-chaleco-softshell-para-hombre-re-r232m-personalizable-21593\/custom\/","it":"\/it\/p-re-r232m-bodywarmer-softshell-uomo-re-r232m-personalizzabile-21593\/custom\/","sv":"\/sv\/p-re-r232m-softshell-bodywarmer-herr-re-r232m-anpassningsbar-21593\/custom\/","pt":"\/pt\/p-re-r232m-bodywarmer-softshell-masculino-re-r232m-personalizavel-21593\/custom\/","da":"\/da\/p-re-r232m-softshell-bodywarmer-til-maend-re-r232m-kan-tilpasses-21593\/custom\/","pl":"\/pl\/p-re-r232m-meski-bezrekawnik-softshell-re-r232m-do-personalizacji-21593\/custom\/"},"equivalent_products":[21592],"colors":[{"id":364,"name":"black","class_ids":[4],"codes_hexa":["1a1a18"],"delai_24":false,"has_3d":false,"seuil_global":0,"stock_local":0,"stock_global":6222,"on_standby":false,"in_catalog":true,"images":{"miniature":["https:\/\/media.th4.com\/gh1AfQ7vDYByWEC5aO20H1rU0o_q5WGHEQU9N3veOVY\/pr:80\/aHR0cDovL21lZGlhMi5kZXNpZ25wYXJ0bmVyLmZyL2MvcC8yMTU5My8yMTU5My0zNjQtMS53ZWJw?v=1769423949"],"medium":["https:\/\/media.th4.com\/vhOw2Gh1qA7tdMb9FP_LvoOmpaFdgghYKUIdqF4ohVo\/pr:550x550\/aHR0cDovL21lZGlhMi5kZXNpZ25wYXJ0bmVyLmZyL2MvcC8yMTU5My8yMTU5My0zNjQtMS53ZWJw?v=1769423949"],"medium_large":["https:\/\/media.th4.com\/V5DYmbyDSsX_VVVdpUVmLqDrW4iB9ClRowxOjm3Ogf4\/pr:1000x1000\/aHR0cDovL21lZGlhMi5kZXNpZ25wYXJ0bmVyLmZyL2MvcC8yMTU5My8yMTU5My0zNjQtMS53ZWJw?v=1769423949"],"large":["https:\/\/media.th4.com\/Xxjkd5JkmY9b33l1S5vBrwWN16OcGnOIqaQivL4nlS8\/pr:1920\/aHR0cDovL21lZGlhMi5kZXNpZ25wYXJ0bmVyLmZyL2MvcC8yMTU5My8yMTU5My0zNjQtMS53ZWJw?v=1769423949"],"opengraph":["https:\/\/media.th4.com\/IjItRNs96NudDodz6H1zCOrK9_giikRZFn7RCOCU7Kw\/pr:1200x630\/aHR0cDovL21lZGlhMi5kZXNpZ25wYXJ0bmVyLmZyL2MvcC8yMTU5My8yMTU5My0zNjQtMS53ZWJw?v=1769423949"]},"images_customization":{"miniature":["https:\/\/media.th4.com\/gh1AfQ7vDYByWEC5aO20H1rU0o_q5WGHEQU9N3veOVY\/pr:80\/aHR0cDovL21lZGlhMi5kZXNpZ25wYXJ0bmVyLmZyL2MvcC8yMTU5My8yMTU5My0zNjQtMS53ZWJw?v=1769423949"],"medium":["https:\/\/media.th4.com\/vhOw2Gh1qA7tdMb9FP_LvoOmpaFdgghYKUIdqF4ohVo\/pr:550x550\/aHR0cDovL21lZGlhMi5kZXNpZ25wYXJ0bmVyLmZyL2MvcC8yMTU5My8yMTU5My0zNjQtMS53ZWJw?v=1769423949"],"medium_large":["https:\/\/media.th4.com\/V5DYmbyDSsX_VVVdpUVmLqDrW4iB9ClRowxOjm3Ogf4\/pr:1000x1000\/aHR0cDovL21lZGlhMi5kZXNpZ25wYXJ0bmVyLmZyL2MvcC8yMTU5My8yMTU5My0zNjQtMS53ZWJw?v=1769423949"],"large":["https:\/\/media.th4.com\/Xxjkd5JkmY9b33l1S5vBrwWN16OcGnOIqaQivL4nlS8\/pr:1920\/aHR0cDovL21lZGlhMi5kZXNpZ25wYXJ0bmVyLmZyL2MvcC8yMTU5My8yMTU5My0zNjQtMS53ZWJw?v=1769423949"],"opengraph":["https:\/\/media.th4.com\/IjItRNs96NudDodz6H1zCOrK9_giikRZFn7RCOCU7Kw\/pr:1200x630\/aHR0cDovL21lZGlhMi5kZXNpZ25wYXJ0bmVyLmZyL2MvcC8yMTU5My8yMTU5My0zNjQtMS53ZWJw?v=1769423949"]},"country_origin":"CN","traceability":{"manufacturing_country_id":null,"weaving_country_id":null,"dyeing_country_id":null},"sizes":[{"id":3,"article_id":532051,"class_id":3,"name":"S","on_standby":false,"stock_local":0,"stock_global":850,"multiple":1,"estimated_date_reassort":null,"is_destocking":false},{"id":2,"article_id":532052,"class_id":4,"name":"M","on_standby":false,"stock_local":0,"stock_global":1676,"multiple":1,"estimated_date_reassort":null,"is_destocking":false},{"id":1,"article_id":532053,"class_id":5,"name":"L","on_standby":false,"stock_local":0,"stock_global":1632,"multiple":1,"estimated_date_reassort":null,"is_destocking":false},{"id":4,"article_id":532054,"class_id":6,"name":"XL","on_standby":false,"stock_local":0,"stock_global":1243,"multiple":1,"estimated_date_reassort":null,"is_destocking":false},{"id":1116,"article_id":532055,"class_id":7,"name":"2XL","on_standby":false,"stock_local":0,"stock_global":561,"multiple":1,"estimated_date_reassort":null,"is_destocking":false},{"id":1081,"article_id":532056,"class_id":8,"name":"3XL","on_standby":false,"stock_local":0,"stock_global":194,"multiple":1,"estimated_date_reassort":null,"is_destocking":false},{"id":16,"article_id":532057,"class_id":9,"name":"4XL","on_standby":false,"stock_local":0,"stock_global":66,"multiple":1,"estimated_date_reassort":null,"is_destocking":false}],"page_links":{"fr":"\/fr\/p-re-r232m-bodywarmer-softshell-homme-gilet-r232m-21593\/black-364\/","en":"\/en\/p-re-r232m-mens-softshell-bodywarmer-vest-r232m-21593\/black-364\/","de":"\/de\/p-re-r232m-softshell-bodywarmer-herren-weste-r232m-21593\/black-364\/","nl":"\/nl\/p-re-r232m-softshell-bodywarmer-voor-heren-gilet-r232m-21593\/black-364\/","es":"\/es\/p-re-r232m-chaleco-softshell-para-hombre-sin-mangas-r232m-21593\/black-364\/","it":"\/it\/p-re-r232m-bodywarmer-softshell-uomo-gilet-r232m-21593\/black-364\/","sv":"\/sv\/p-re-r232m-softshell-bodywarmer-herrvast-r232m-21593\/black-364\/","pt":"\/pt\/p-re-r232m-colete-softshell-masculino-sem-mangas-r232m-21593\/black-364\/","da":"\/da\/p-re-r232m-softshell-bodywarmer-til-herre-vest-r232m-21593\/black-364\/","pl":"\/pl\/p-re-r232m-meski-bodywarmer-softshell-kamizelka-r232m-21593\/black-364\/"},"page_links_customization":{"fr":"\/fr\/p-re-r232m-bodywarmer-softshell-homme-re-r232m-personnalisable-21593\/black-364\/custom\/","en":"\/en\/p-re-r232m-mens-softshell-bodywarmer-re-r232m-customizable-21593\/black-364\/custom\/","de":"\/de\/p-re-r232m-softshell-bodywarmer-fur-herren-re-r232m-personalisierbar-21593\/black-364\/custom\/","nl":"\/nl\/p-re-r232m-softshell-bodywarmer-voor-heren-re-r232m-personaliseerbaar-21593\/black-364\/custom\/","es":"\/es\/p-re-r232m-chaleco-softshell-para-hombre-re-r232m-personalizable-21593\/black-364\/custom\/","it":"\/it\/p-re-r232m-bodywarmer-softshell-uomo-re-r232m-personalizzabile-21593\/black-364\/custom\/","sv":"\/sv\/p-re-r232m-softshell-bodywarmer-herr-re-r232m-anpassningsbar-21593\/black-364\/custom\/","pt":"\/pt\/p-re-r232m-bodywarmer-softshell-masculino-re-r232m-personalizavel-21593\/black-364\/custom\/","da":"\/da\/p-re-r232m-softshell-bodywarmer-til-maend-re-r232m-kan-tilpasses-21593\/black-364\/custom\/","pl":"\/pl\/p-re-r232m-meski-bezrekawnik-softshell-re-r232m-do-personalizacji-21593\/black-364\/custom\/"}},{"id":22474,"name":"navy","class_ids":[2],"codes_hexa":["19286b"],"delai_24":false,"has_3d":false,"seuil_global":0,"stock_local":0,"stock_global":2574,"on_standby":false,"in_catalog":true,"images":{"miniature":["https:\/\/media.th4.com\/5fvcVFepKqHk6yO-Z6xnZ4-b2ed_mve8GTWsXb581q4\/pr:80\/aHR0cDovL21lZGlhMi5kZXNpZ25wYXJ0bmVyLmZyL2MvcC8yMTU5My8yMTU5My0yMjQ3NC0xLndlYnA?v=1769423954"],"medium":["https:\/\/media.th4.com\/LzDaIiL4y_Rxucxaox5svgQjLH0LbOH7B8YmOnUjoyI\/pr:550x550\/aHR0cDovL21lZGlhMi5kZXNpZ25wYXJ0bmVyLmZyL2MvcC8yMTU5My8yMTU5My0yMjQ3NC0xLndlYnA?v=1769423954"],"medium_large":["https:\/\/media.th4.com\/6-Iy6zsKK09eBLp-B5sD-yLYxqBjqw_eP-l76j69awE\/pr:1000x1000\/aHR0cDovL21lZGlhMi5kZXNpZ25wYXJ0bmVyLmZyL2MvcC8yMTU5My8yMTU5My0yMjQ3NC0xLndlYnA?v=1769423954"],"large":["https:\/\/media.th4.com\/jTDV7Znw1p9ERzeuqKy4gWA2xRwdLvsLcSjf7o9zF0A\/pr:1920\/aHR0cDovL21lZGlhMi5kZXNpZ25wYXJ0bmVyLmZyL2MvcC8yMTU5My8yMTU5My0yMjQ3NC0xLndlYnA?v=1769423954"],"opengraph":["https:\/\/media.th4.com\/yVqDzg7WjLV7jwImJHns4YxCkxtVxCd4oA8yu52TZzk\/pr:1200x630\/aHR0cDovL21lZGlhMi5kZXNpZ25wYXJ0bmVyLmZyL2MvcC8yMTU5My8yMTU5My0yMjQ3NC0xLndlYnA?v=1769423954"]},"images_customization":{"miniature":["https:\/\/media.th4.com\/5fvcVFepKqHk6yO-Z6xnZ4-b2ed_mve8GTWsXb581q4\/pr:80\/aHR0cDovL21lZGlhMi5kZXNpZ25wYXJ0bmVyLmZyL2MvcC8yMTU5My8yMTU5My0yMjQ3NC0xLndlYnA?v=1769423954"],"medium":["https:\/\/media.th4.com\/LzDaIiL4y_Rxucxaox5svgQjLH0LbOH7B8YmOnUjoyI\/pr:550x550\/aHR0cDovL21lZGlhMi5kZXNpZ25wYXJ0bmVyLmZyL2MvcC8yMTU5My8yMTU5My0yMjQ3NC0xLndlYnA?v=1769423954"],"medium_large":["https:\/\/media.th4.com\/6-Iy6zsKK09eBLp-B5sD-yLYxqBjqw_eP-l76j69awE\/pr:1000x1000\/aHR0cDovL21lZGlhMi5kZXNpZ25wYXJ0bmVyLmZyL2MvcC8yMTU5My8yMTU5My0yMjQ3NC0xLndlYnA?v=1769423954"],"large":["https:\/\/media.th4.com\/jTDV7Znw1p9ERzeuqKy4gWA2xRwdLvsLcSjf7o9zF0A\/pr:1920\/aHR0cDovL21lZGlhMi5kZXNpZ25wYXJ0bmVyLmZyL2MvcC8yMTU5My8yMTU5My0yMjQ3NC0xLndlYnA?v=1769423954"],"opengraph":["https:\/\/media.th4.com\/yVqDzg7WjLV7jwImJHns4YxCkxtVxCd4oA8yu52TZzk\/pr:1200x630\/aHR0cDovL21lZGlhMi5kZXNpZ25wYXJ0bmVyLmZyL2MvcC8yMTU5My8yMTU5My0yMjQ3NC0xLndlYnA?v=1769423954"]},"country_origin":"CN","traceability":{"manufacturing_country_id":null,"weaving_country_id":null,"dyeing_country_id":null},"sizes":[{"id":3,"article_id":532079,"class_id":3,"name":"S","on_standby":false,"stock_local":0,"stock_global":339,"multiple":1,"estimated_date_reassort":null,"is_destocking":false},{"id":2,"article_id":532080,"class_id":4,"name":"M","on_standby":false,"stock_local":0,"stock_global":522,"multiple":1,"estimated_date_reassort":null,"is_destocking":false},{"id":1,"article_id":532081,"class_id":5,"name":"L","on_standby":false,"stock_local":0,"stock_global":769,"multiple":1,"estimated_date_reassort":null,"is_destocking":false},{"id":4,"article_id":532082,"class_id":6,"name":"XL","on_standby":false,"stock_local":0,"stock_global":544,"multiple":1,"estimated_date_reassort":null,"is_destocking":false},{"id":1116,"article_id":532083,"class_id":7,"name":"2XL","on_standby":false,"stock_local":0,"stock_global":214,"multiple":1,"estimated_date_reassort":null,"is_destocking":false},{"id":1081,"article_id":532084,"class_id":8,"name":"3XL","on_standby":false,"stock_local":0,"stock_global":119,"multiple":1,"estimated_date_reassort":null,"is_destocking":false},{"id":16,"article_id":532085,"class_id":9,"name":"4XL","on_standby":false,"stock_local":0,"stock_global":67,"multiple":1,"estimated_date_reassort":null,"is_destocking":false}],"page_links":{"fr":"\/fr\/p-re-r232m-bodywarmer-softshell-homme-gilet-r232m-21593\/navy-22474\/","en":"\/en\/p-re-r232m-mens-softshell-bodywarmer-vest-r232m-21593\/navy-22474\/","de":"\/de\/p-re-r232m-softshell-bodywarmer-herren-weste-r232m-21593\/navy-22474\/","nl":"\/nl\/p-re-r232m-softshell-bodywarmer-voor-heren-gilet-r232m-21593\/navy-22474\/","es":"\/es\/p-re-r232m-chaleco-softshell-para-hombre-sin-mangas-r232m-21593\/navy-22474\/","it":"\/it\/p-re-r232m-bodywarmer-softshell-uomo-gilet-r232m-21593\/navy-22474\/","sv":"\/sv\/p-re-r232m-softshell-bodywarmer-herrvast-r232m-21593\/navy-22474\/","pt":"\/pt\/p-re-r232m-colete-softshell-masculino-sem-mangas-r232m-21593\/navy-22474\/","da":"\/da\/p-re-r232m-softshell-bodywarmer-til-herre-vest-r232m-21593\/navy-22474\/","pl":"\/pl\/p-re-r232m-meski-bodywarmer-softshell-kamizelka-r232m-21593\/navy-22474\/"},"page_links_customization":{"fr":"\/fr\/p-re-r232m-bodywarmer-softshell-homme-re-r232m-personnalisable-21593\/navy-22474\/custom\/","en":"\/en\/p-re-r232m-mens-softshell-bodywarmer-re-r232m-customizable-21593\/navy-22474\/custom\/","de":"\/de\/p-re-r232m-softshell-bodywarmer-fur-herren-re-r232m-personalisierbar-21593\/navy-22474\/custom\/","nl":"\/nl\/p-re-r232m-softshell-bodywarmer-voor-heren-re-r232m-personaliseerbaar-21593\/navy-22474\/custom\/","es":"\/es\/p-re-r232m-chaleco-softshell-para-hombre-re-r232m-personalizable-21593\/navy-22474\/custom\/","it":"\/it\/p-re-r232m-bodywarmer-softshell-uomo-re-r232m-personalizzabile-21593\/navy-22474\/custom\/","sv":"\/sv\/p-re-r232m-softshell-bodywarmer-herr-re-r232m-anpassningsbar-21593\/navy-22474\/custom\/","pt":"\/pt\/p-re-r232m-bodywarmer-softshell-masculino-re-r232m-personalizavel-21593\/navy-22474\/custom\/","da":"\/da\/p-re-r232m-softshell-bodywarmer-til-maend-re-r232m-kan-tilpasses-21593\/navy-22474\/custom\/","pl":"\/pl\/p-re-r232m-meski-bezrekawnik-softshell-re-r232m-do-personalizacji-21593\/navy-22474\/custom\/"}},{"id":13475,"name":"navy\/royal","class_ids":[2,2],"codes_hexa":["002a42","078BCC"],"delai_24":false,"has_3d":false,"seuil_global":0,"stock_local":0,"stock_global":2029,"on_standby":false,"in_catalog":true,"images":{"miniature":["https:\/\/media.th4.com\/Cg_gLe02Ggu_GSgVYTlBBlAERQeZOpoeXjrBh-GR9Xk\/pr:80\/aHR0cDovL21lZGlhMi5kZXNpZ25wYXJ0bmVyLmZyL2MvcC8yMTU5My8yMTU5My0xMzQ3NS0xLndlYnA?v=1769423953"],"medium":["https:\/\/media.th4.com\/bZLVdTbJr7ZdCjLuM1fR2PmuIo3XMhjd9iMuCk82DzA\/pr:550x550\/aHR0cDovL21lZGlhMi5kZXNpZ25wYXJ0bmVyLmZyL2MvcC8yMTU5My8yMTU5My0xMzQ3NS0xLndlYnA?v=1769423953"],"medium_large":["https:\/\/media.th4.com\/ODXdeTgeZxHYaOgAJTm6ghLJhwSZtG9FymsdxyahPdc\/pr:1000x1000\/aHR0cDovL21lZGlhMi5kZXNpZ25wYXJ0bmVyLmZyL2MvcC8yMTU5My8yMTU5My0xMzQ3NS0xLndlYnA?v=1769423953"],"large":["https:\/\/media.th4.com\/fhNYGw3sXcB2vxKfMyGN5QNzND4N8FI9iEQEEy5X2Zc\/pr:1920\/aHR0cDovL21lZGlhMi5kZXNpZ25wYXJ0bmVyLmZyL2MvcC8yMTU5My8yMTU5My0xMzQ3NS0xLndlYnA?v=1769423953"],"opengraph":["https:\/\/media.th4.com\/o27E_bOOa_90zMNJb0niIv-v9J3HecnRL228MM_H2VQ\/pr:1200x630\/aHR0cDovL21lZGlhMi5kZXNpZ25wYXJ0bmVyLmZyL2MvcC8yMTU5My8yMTU5My0xMzQ3NS0xLndlYnA?v=1769423953"]},"images_customization":{"miniature":["https:\/\/media.th4.com\/Cg_gLe02Ggu_GSgVYTlBBlAERQeZOpoeXjrBh-GR9Xk\/pr:80\/aHR0cDovL21lZGlhMi5kZXNpZ25wYXJ0bmVyLmZyL2MvcC8yMTU5My8yMTU5My0xMzQ3NS0xLndlYnA?v=1769423953"],"medium":["https:\/\/media.th4.com\/bZLVdTbJr7ZdCjLuM1fR2PmuIo3XMhjd9iMuCk82DzA\/pr:550x550\/aHR0cDovL21lZGlhMi5kZXNpZ25wYXJ0bmVyLmZyL2MvcC8yMTU5My8yMTU5My0xMzQ3NS0xLndlYnA?v=1769423953"],"medium_large":["https:\/\/media.th4.com\/ODXdeTgeZxHYaOgAJTm6ghLJhwSZtG9FymsdxyahPdc\/pr:1000x1000\/aHR0cDovL21lZGlhMi5kZXNpZ25wYXJ0bmVyLmZyL2MvcC8yMTU5My8yMTU5My0xMzQ3NS0xLndlYnA?v=1769423953"],"large":["https:\/\/media.th4.com\/fhNYGw3sXcB2vxKfMyGN5QNzND4N8FI9iEQEEy5X2Zc\/pr:1920\/aHR0cDovL21lZGlhMi5kZXNpZ25wYXJ0bmVyLmZyL2MvcC8yMTU5My8yMTU5My0xMzQ3NS0xLndlYnA?v=1769423953"],"opengraph":["https:\/\/media.th4.com\/o27E_bOOa_90zMNJb0niIv-v9J3HecnRL228MM_H2VQ\/pr:1200x630\/aHR0cDovL21lZGlhMi5kZXNpZ25wYXJ0bmVyLmZyL2MvcC8yMTU5My8yMTU5My0xMzQ3NS0xLndlYnA?v=1769423953"]},"country_origin":"CN","traceability":{"manufacturing_country_id":null,"weaving_country_id":null,"dyeing_country_id":null},"sizes":[{"id":3,"article_id":532072,"class_id":3,"name":"S","on_standby":false,"stock_local":0,"stock_global":124,"multiple":1,"estimated_date_reassort":null,"is_destocking":false},{"id":2,"article_id":532073,"class_id":4,"name":"M","on_standby":false,"stock_local":0,"stock_global":443,"multiple":1,"estimated_date_reassort":null,"is_destocking":false},{"id":1,"article_id":532074,"class_id":5,"name":"L","on_standby":false,"stock_local":0,"stock_global":629,"multiple":1,"estimated_date_reassort":null,"is_destocking":false},{"id":4,"article_id":532075,"class_id":6,"name":"XL","on_standby":false,"stock_local":0,"stock_global":436,"multiple":1,"estimated_date_reassort":null,"is_destocking":false},{"id":1116,"article_id":532076,"class_id":7,"name":"2XL","on_standby":false,"stock_local":0,"stock_global":208,"multiple":1,"estimated_date_reassort":null,"is_destocking":false},{"id":1081,"article_id":532077,"class_id":8,"name":"3XL","on_standby":false,"stock_local":0,"stock_global":119,"multiple":1,"estimated_date_reassort":null,"is_destocking":false},{"id":16,"article_id":532078,"class_id":9,"name":"4XL","on_standby":false,"stock_local":0,"stock_global":70,"multiple":1,"estimated_date_reassort":null,"is_destocking":false}],"page_links":{"fr":"\/fr\/p-re-r232m-bodywarmer-softshell-homme-gilet-r232m-21593\/navy-royal-13475\/","en":"\/en\/p-re-r232m-mens-softshell-bodywarmer-vest-r232m-21593\/navy-royal-13475\/","de":"\/de\/p-re-r232m-softshell-bodywarmer-herren-weste-r232m-21593\/navy-royal-13475\/","nl":"\/nl\/p-re-r232m-softshell-bodywarmer-voor-heren-gilet-r232m-21593\/navy-royal-13475\/","es":"\/es\/p-re-r232m-chaleco-softshell-para-hombre-sin-mangas-r232m-21593\/navy-royal-13475\/","it":"\/it\/p-re-r232m-bodywarmer-softshell-uomo-gilet-r232m-21593\/navy-royal-13475\/","sv":"\/sv\/p-re-r232m-softshell-bodywarmer-herrvast-r232m-21593\/navy-royal-13475\/","pt":"\/pt\/p-re-r232m-colete-softshell-masculino-sem-mangas-r232m-21593\/navy-royal-13475\/","da":"\/da\/p-re-r232m-softshell-bodywarmer-til-herre-vest-r232m-21593\/navy-royal-13475\/","pl":"\/pl\/p-re-r232m-meski-bodywarmer-softshell-kamizelka-r232m-21593\/navy-royal-13475\/"},"page_links_customization":{"fr":"\/fr\/p-re-r232m-bodywarmer-softshell-homme-re-r232m-personnalisable-21593\/navy-royal-13475\/custom\/","en":"\/en\/p-re-r232m-mens-softshell-bodywarmer-re-r232m-customizable-21593\/navy-royal-13475\/custom\/","de":"\/de\/p-re-r232m-softshell-bodywarmer-fur-herren-re-r232m-personalisierbar-21593\/navy-royal-13475\/custom\/","nl":"\/nl\/p-re-r232m-softshell-bodywarmer-voor-heren-re-r232m-personaliseerbaar-21593\/navy-royal-13475\/custom\/","es":"\/es\/p-re-r232m-chaleco-softshell-para-hombre-re-r232m-personalizable-21593\/navy-royal-13475\/custom\/","it":"\/it\/p-re-r232m-bodywarmer-softshell-uomo-re-r232m-personalizzabile-21593\/navy-royal-13475\/custom\/","sv":"\/sv\/p-re-r232m-softshell-bodywarmer-herr-re-r232m-anpassningsbar-21593\/navy-royal-13475\/custom\/","pt":"\/pt\/p-re-r232m-bodywarmer-softshell-masculino-re-r232m-personalizavel-21593\/navy-royal-13475\/custom\/","da":"\/da\/p-re-r232m-softshell-bodywarmer-til-maend-re-r232m-kan-tilpasses-21593\/navy-royal-13475\/custom\/","pl":"\/pl\/p-re-r232m-meski-bezrekawnik-softshell-re-r232m-do-personalizacji-21593\/navy-royal-13475\/custom\/"}},{"id":2481,"name":"charcoal\/black","class_ids":[3,4],"codes_hexa":["5e5e5c","1d1d1b"],"delai_24":false,"has_3d":false,"seuil_global":0,"stock_local":0,"stock_global":1436,"on_standby":false,"in_catalog":true,"images":{"miniature":["https:\/\/media.th4.com\/B-GFqOTyADF4ALM5-pBFaFgvBdCfZA9chCfsbB4Jfbo\/pr:80\/aHR0cDovL21lZGlhMi5kZXNpZ25wYXJ0bmVyLmZyL2MvcC8yMTU5My8yMTU5My0yNDgxLTEud2VicA?v=1769423951","https:\/\/media.th4.com\/DUNvhRQ3Gh_rnyI0CoWfRKudZnxSP4HqYVnRCUrUkpI\/pr:80\/aHR0cDovL21lZGlhMi5kZXNpZ25wYXJ0bmVyLmZyL2MvcC8yMTU5My8yMTU5My0yNDgxLTIud2VicA?v=1769423951"],"medium":["https:\/\/media.th4.com\/9d7qlsgg8x54jc4KW8kdzzqUtAluBbO0tpTBk8FcmNw\/pr:550x550\/aHR0cDovL21lZGlhMi5kZXNpZ25wYXJ0bmVyLmZyL2MvcC8yMTU5My8yMTU5My0yNDgxLTEud2VicA?v=1769423951","https:\/\/media.th4.com\/faIyo5SjD7fxGJL9J4Kz87xv1rwpHiJu7AKbxgtcUjs\/pr:550x550\/aHR0cDovL21lZGlhMi5kZXNpZ25wYXJ0bmVyLmZyL2MvcC8yMTU5My8yMTU5My0yNDgxLTIud2VicA?v=1769423951"],"medium_large":["https:\/\/media.th4.com\/Q0lycUsVUF3JO7RokbBy1xo2BdBjBvS6CM3efw6zFGc\/pr:1000x1000\/aHR0cDovL21lZGlhMi5kZXNpZ25wYXJ0bmVyLmZyL2MvcC8yMTU5My8yMTU5My0yNDgxLTEud2VicA?v=1769423951","https:\/\/media.th4.com\/9yPv3cJ4EAWzscb-sWy4J3i12YTtyspVEB-lFAfqq2E\/pr:1000x1000\/aHR0cDovL21lZGlhMi5kZXNpZ25wYXJ0bmVyLmZyL2MvcC8yMTU5My8yMTU5My0yNDgxLTIud2VicA?v=1769423951"],"large":["https:\/\/media.th4.com\/bV-aR3ob4sf-iSBAcZf8nJbfCCkux-LsnOm6X-XN4rs\/pr:1920\/aHR0cDovL21lZGlhMi5kZXNpZ25wYXJ0bmVyLmZyL2MvcC8yMTU5My8yMTU5My0yNDgxLTEud2VicA?v=1769423951","https:\/\/media.th4.com\/l_KEuV9en_6KPkDDYB-LEZ56yekCBgFt75iDLwAUXzg\/pr:1920\/aHR0cDovL21lZGlhMi5kZXNpZ25wYXJ0bmVyLmZyL2MvcC8yMTU5My8yMTU5My0yNDgxLTIud2VicA?v=1769423951"],"opengraph":["https:\/\/media.th4.com\/CApnthnB5dOr1GCPZBFvv_14QsqnGjhdPRJtp1vm-c8\/pr:1200x630\/aHR0cDovL21lZGlhMi5kZXNpZ25wYXJ0bmVyLmZyL2MvcC8yMTU5My8yMTU5My0yNDgxLTEud2VicA?v=1769423951","https:\/\/media.th4.com\/f16GlPgcEt-o7qVw9TLFWr7RHrspmvttSHGoXHuxmYc\/pr:1200x630\/aHR0cDovL21lZGlhMi5kZXNpZ25wYXJ0bmVyLmZyL2MvcC8yMTU5My8yMTU5My0yNDgxLTIud2VicA?v=1769423951"]},"images_customization":{"miniature":["https:\/\/media.th4.com\/B-GFqOTyADF4ALM5-pBFaFgvBdCfZA9chCfsbB4Jfbo\/pr:80\/aHR0cDovL21lZGlhMi5kZXNpZ25wYXJ0bmVyLmZyL2MvcC8yMTU5My8yMTU5My0yNDgxLTEud2VicA?v=1769423951","https:\/\/media.th4.com\/DUNvhRQ3Gh_rnyI0CoWfRKudZnxSP4HqYVnRCUrUkpI\/pr:80\/aHR0cDovL21lZGlhMi5kZXNpZ25wYXJ0bmVyLmZyL2MvcC8yMTU5My8yMTU5My0yNDgxLTIud2VicA?v=1769423951"],"medium":["https:\/\/media.th4.com\/9d7qlsgg8x54jc4KW8kdzzqUtAluBbO0tpTBk8FcmNw\/pr:550x550\/aHR0cDovL21lZGlhMi5kZXNpZ25wYXJ0bmVyLmZyL2MvcC8yMTU5My8yMTU5My0yNDgxLTEud2VicA?v=1769423951","https:\/\/media.th4.com\/faIyo5SjD7fxGJL9J4Kz87xv1rwpHiJu7AKbxgtcUjs\/pr:550x550\/aHR0cDovL21lZGlhMi5kZXNpZ25wYXJ0bmVyLmZyL2MvcC8yMTU5My8yMTU5My0yNDgxLTIud2VicA?v=1769423951"],"medium_large":["https:\/\/media.th4.com\/Q0lycUsVUF3JO7RokbBy1xo2BdBjBvS6CM3efw6zFGc\/pr:1000x1000\/aHR0cDovL21lZGlhMi5kZXNpZ25wYXJ0bmVyLmZyL2MvcC8yMTU5My8yMTU5My0yNDgxLTEud2VicA?v=1769423951","https:\/\/media.th4.com\/9yPv3cJ4EAWzscb-sWy4J3i12YTtyspVEB-lFAfqq2E\/pr:1000x1000\/aHR0cDovL21lZGlhMi5kZXNpZ25wYXJ0bmVyLmZyL2MvcC8yMTU5My8yMTU5My0yNDgxLTIud2VicA?v=1769423951"],"large":["https:\/\/media.th4.com\/bV-aR3ob4sf-iSBAcZf8nJbfCCkux-LsnOm6X-XN4rs\/pr:1920\/aHR0cDovL21lZGlhMi5kZXNpZ25wYXJ0bmVyLmZyL2MvcC8yMTU5My8yMTU5My0yNDgxLTEud2VicA?v=1769423951","https:\/\/media.th4.com\/l_KEuV9en_6KPkDDYB-LEZ56yekCBgFt75iDLwAUXzg\/pr:1920\/aHR0cDovL21lZGlhMi5kZXNpZ25wYXJ0bmVyLmZyL2MvcC8yMTU5My8yMTU5My0yNDgxLTIud2VicA?v=1769423951"],"opengraph":["https:\/\/media.th4.com\/CApnthnB5dOr1GCPZBFvv_14QsqnGjhdPRJtp1vm-c8\/pr:1200x630\/aHR0cDovL21lZGlhMi5kZXNpZ25wYXJ0bmVyLmZyL2MvcC8yMTU5My8yMTU5My0yNDgxLTEud2VicA?v=1769423951","https:\/\/media.th4.com\/f16GlPgcEt-o7qVw9TLFWr7RHrspmvttSHGoXHuxmYc\/pr:1200x630\/aHR0cDovL21lZGlhMi5kZXNpZ25wYXJ0bmVyLmZyL2MvcC8yMTU5My8yMTU5My0yNDgxLTIud2VicA?v=1769423951"]},"country_origin":"CN","traceability":{"manufacturing_country_id":null,"weaving_country_id":null,"dyeing_country_id":null},"sizes":[{"id":3,"article_id":532065,"class_id":3,"name":"S","on_standby":false,"stock_local":0,"stock_global":164,"multiple":1,"estimated_date_reassort":null,"is_destocking":false},{"id":2,"article_id":532066,"class_id":4,"name":"M","on_standby":false,"stock_local":0,"stock_global":379,"multiple":1,"estimated_date_reassort":null,"is_destocking":false},{"id":1,"article_id":532067,"class_id":5,"name":"L","on_standby":false,"stock_local":0,"stock_global":313,"multiple":1,"estimated_date_reassort":null,"is_destocking":false},{"id":4,"article_id":532068,"class_id":6,"name":"XL","on_standby":false,"stock_local":0,"stock_global":236,"multiple":1,"estimated_date_reassort":null,"is_destocking":false},{"id":1116,"article_id":532069,"class_id":7,"name":"2XL","on_standby":false,"stock_local":0,"stock_global":121,"multiple":1,"estimated_date_reassort":null,"is_destocking":false},{"id":1081,"article_id":532070,"class_id":8,"name":"3XL","on_standby":false,"stock_local":0,"stock_global":142,"multiple":1,"estimated_date_reassort":null,"is_destocking":false},{"id":16,"article_id":532071,"class_id":9,"name":"4XL","on_standby":false,"stock_local":0,"stock_global":81,"multiple":1,"estimated_date_reassort":null,"is_destocking":false}],"page_links":{"fr":"\/fr\/p-re-r232m-bodywarmer-softshell-homme-gilet-r232m-21593\/charcoal-black-2481\/","en":"\/en\/p-re-r232m-mens-softshell-bodywarmer-vest-r232m-21593\/charcoal-black-2481\/","de":"\/de\/p-re-r232m-softshell-bodywarmer-herren-weste-r232m-21593\/charcoal-black-2481\/","nl":"\/nl\/p-re-r232m-softshell-bodywarmer-voor-heren-gilet-r232m-21593\/charcoal-black-2481\/","es":"\/es\/p-re-r232m-chaleco-softshell-para-hombre-sin-mangas-r232m-21593\/charcoal-black-2481\/","it":"\/it\/p-re-r232m-bodywarmer-softshell-uomo-gilet-r232m-21593\/charcoal-black-2481\/","sv":"\/sv\/p-re-r232m-softshell-bodywarmer-herrvast-r232m-21593\/charcoal-black-2481\/","pt":"\/pt\/p-re-r232m-colete-softshell-masculino-sem-mangas-r232m-21593\/charcoal-black-2481\/","da":"\/da\/p-re-r232m-softshell-bodywarmer-til-herre-vest-r232m-21593\/charcoal-black-2481\/","pl":"\/pl\/p-re-r232m-meski-bodywarmer-softshell-kamizelka-r232m-21593\/charcoal-black-2481\/"},"page_links_customization":{"fr":"\/fr\/p-re-r232m-bodywarmer-softshell-homme-re-r232m-personnalisable-21593\/charcoal-black-2481\/custom\/","en":"\/en\/p-re-r232m-mens-softshell-bodywarmer-re-r232m-customizable-21593\/charcoal-black-2481\/custom\/","de":"\/de\/p-re-r232m-softshell-bodywarmer-fur-herren-re-r232m-personalisierbar-21593\/charcoal-black-2481\/custom\/","nl":"\/nl\/p-re-r232m-softshell-bodywarmer-voor-heren-re-r232m-personaliseerbaar-21593\/charcoal-black-2481\/custom\/","es":"\/es\/p-re-r232m-chaleco-softshell-para-hombre-re-r232m-personalizable-21593\/charcoal-black-2481\/custom\/","it":"\/it\/p-re-r232m-bodywarmer-softshell-uomo-re-r232m-personalizzabile-21593\/charcoal-black-2481\/custom\/","sv":"\/sv\/p-re-r232m-softshell-bodywarmer-herr-re-r232m-anpassningsbar-21593\/charcoal-black-2481\/custom\/","pt":"\/pt\/p-re-r232m-bodywarmer-softshell-masculino-re-r232m-personalizavel-21593\/charcoal-black-2481\/custom\/","da":"\/da\/p-re-r232m-softshell-bodywarmer-til-maend-re-r232m-kan-tilpasses-21593\/charcoal-black-2481\/custom\/","pl":"\/pl\/p-re-r232m-meski-bezrekawnik-softshell-re-r232m-do-personalizacji-21593\/charcoal-black-2481\/custom\/"}},{"id":372,"name":"black\/orange","class_ids":[4,9],"codes_hexa":["191a1c","ea6806"],"delai_24":false,"has_3d":false,"seuil_global":0,"stock_local":0,"stock_global":1195,"on_standby":false,"in_catalog":true,"images":{"miniature":["https:\/\/media.th4.com\/Wsv3DfNIRVdCscey-XsfCD4gwyyDlkpuMj9MHsV0KiU\/pr:80\/aHR0cDovL21lZGlhMi5kZXNpZ25wYXJ0bmVyLmZyL2MvcC8yMTU5My8yMTU5My0zNzItMS53ZWJw?v=1769423948"],"medium":["https:\/\/media.th4.com\/34eLIXfZ4pCfZEIQFx5msjXIhbsJBOOOa-sOSFTYpyI\/pr:550x550\/aHR0cDovL21lZGlhMi5kZXNpZ25wYXJ0bmVyLmZyL2MvcC8yMTU5My8yMTU5My0zNzItMS53ZWJw?v=1769423948"],"medium_large":["https:\/\/media.th4.com\/LdwbxmHsC2lxIwHFFxXZhhMVV73Zzfax1331_mMSFAQ\/pr:1000x1000\/aHR0cDovL21lZGlhMi5kZXNpZ25wYXJ0bmVyLmZyL2MvcC8yMTU5My8yMTU5My0zNzItMS53ZWJw?v=1769423948"],"large":["https:\/\/media.th4.com\/yrL9nkGa_Jv5u-ndddgKOCrn5zLjr8KadJHpc_amImA\/pr:1920\/aHR0cDovL21lZGlhMi5kZXNpZ25wYXJ0bmVyLmZyL2MvcC8yMTU5My8yMTU5My0zNzItMS53ZWJw?v=1769423948"],"opengraph":["https:\/\/media.th4.com\/Ji449R0dh56IzsYuxt68BVdtd914Hv7G7wHxBHckj4Q\/pr:1200x630\/aHR0cDovL21lZGlhMi5kZXNpZ25wYXJ0bmVyLmZyL2MvcC8yMTU5My8yMTU5My0zNzItMS53ZWJw?v=1769423948"]},"images_customization":{"miniature":["https:\/\/media.th4.com\/Wsv3DfNIRVdCscey-XsfCD4gwyyDlkpuMj9MHsV0KiU\/pr:80\/aHR0cDovL21lZGlhMi5kZXNpZ25wYXJ0bmVyLmZyL2MvcC8yMTU5My8yMTU5My0zNzItMS53ZWJw?v=1769423948"],"medium":["https:\/\/media.th4.com\/34eLIXfZ4pCfZEIQFx5msjXIhbsJBOOOa-sOSFTYpyI\/pr:550x550\/aHR0cDovL21lZGlhMi5kZXNpZ25wYXJ0bmVyLmZyL2MvcC8yMTU5My8yMTU5My0zNzItMS53ZWJw?v=1769423948"],"medium_large":["https:\/\/media.th4.com\/LdwbxmHsC2lxIwHFFxXZhhMVV73Zzfax1331_mMSFAQ\/pr:1000x1000\/aHR0cDovL21lZGlhMi5kZXNpZ25wYXJ0bmVyLmZyL2MvcC8yMTU5My8yMTU5My0zNzItMS53ZWJw?v=1769423948"],"large":["https:\/\/media.th4.com\/yrL9nkGa_Jv5u-ndddgKOCrn5zLjr8KadJHpc_amImA\/pr:1920\/aHR0cDovL21lZGlhMi5kZXNpZ25wYXJ0bmVyLmZyL2MvcC8yMTU5My8yMTU5My0zNzItMS53ZWJw?v=1769423948"],"opengraph":["https:\/\/media.th4.com\/Ji449R0dh56IzsYuxt68BVdtd914Hv7G7wHxBHckj4Q\/pr:1200x630\/aHR0cDovL21lZGlhMi5kZXNpZ25wYXJ0bmVyLmZyL2MvcC8yMTU5My8yMTU5My0zNzItMS53ZWJw?v=1769423948"]},"country_origin":"CN","traceability":{"manufacturing_country_id":null,"weaving_country_id":null,"dyeing_country_id":null},"sizes":[{"id":3,"article_id":532058,"class_id":3,"name":"S","on_standby":false,"stock_local":0,"stock_global":126,"multiple":1,"estimated_date_reassort":null,"is_destocking":false},{"id":2,"article_id":532059,"class_id":4,"name":"M","on_standby":false,"stock_local":0,"stock_global":240,"multiple":1,"estimated_date_reassort":null,"is_destocking":false},{"id":1,"article_id":532060,"class_id":5,"name":"L","on_standby":false,"stock_local":0,"stock_global":320,"multiple":1,"estimated_date_reassort":null,"is_destocking":false},{"id":4,"article_id":532061,"class_id":6,"name":"XL","on_standby":false,"stock_local":0,"stock_global":227,"multiple":1,"estimated_date_reassort":null,"is_destocking":false},{"id":1116,"article_id":532062,"class_id":7,"name":"2XL","on_standby":false,"stock_local":0,"stock_global":147,"multiple":1,"estimated_date_reassort":null,"is_destocking":false},{"id":1081,"article_id":532063,"class_id":8,"name":"3XL","on_standby":false,"stock_local":0,"stock_global":74,"multiple":1,"estimated_date_reassort":null,"is_destocking":false},{"id":16,"article_id":532064,"class_id":9,"name":"4XL","on_standby":false,"stock_local":0,"stock_global":61,"multiple":1,"estimated_date_reassort":null,"is_destocking":false}],"page_links":{"fr":"\/fr\/p-re-r232m-bodywarmer-softshell-homme-gilet-r232m-21593\/black-orange-372\/","en":"\/en\/p-re-r232m-mens-softshell-bodywarmer-vest-r232m-21593\/black-orange-372\/","de":"\/de\/p-re-r232m-softshell-bodywarmer-herren-weste-r232m-21593\/black-orange-372\/","nl":"\/nl\/p-re-r232m-softshell-bodywarmer-voor-heren-gilet-r232m-21593\/black-orange-372\/","es":"\/es\/p-re-r232m-chaleco-softshell-para-hombre-sin-mangas-r232m-21593\/black-orange-372\/","it":"\/it\/p-re-r232m-bodywarmer-softshell-uomo-gilet-r232m-21593\/black-orange-372\/","sv":"\/sv\/p-re-r232m-softshell-bodywarmer-herrvast-r232m-21593\/black-orange-372\/","pt":"\/pt\/p-re-r232m-colete-softshell-masculino-sem-mangas-r232m-21593\/black-orange-372\/","da":"\/da\/p-re-r232m-softshell-bodywarmer-til-herre-vest-r232m-21593\/black-orange-372\/","pl":"\/pl\/p-re-r232m-meski-bodywarmer-softshell-kamizelka-r232m-21593\/black-orange-372\/"},"page_links_customization":{"fr":"\/fr\/p-re-r232m-bodywarmer-softshell-homme-re-r232m-personnalisable-21593\/black-orange-372\/custom\/","en":"\/en\/p-re-r232m-mens-softshell-bodywarmer-re-r232m-customizable-21593\/black-orange-372\/custom\/","de":"\/de\/p-re-r232m-softshell-bodywarmer-fur-herren-re-r232m-personalisierbar-21593\/black-orange-372\/custom\/","nl":"\/nl\/p-re-r232m-softshell-bodywarmer-voor-heren-re-r232m-personaliseerbaar-21593\/black-orange-372\/custom\/","es":"\/es\/p-re-r232m-chaleco-softshell-para-hombre-re-r232m-personalizable-21593\/black-orange-372\/custom\/","it":"\/it\/p-re-r232m-bodywarmer-softshell-uomo-re-r232m-personalizzabile-21593\/black-orange-372\/custom\/","sv":"\/sv\/p-re-r232m-softshell-bodywarmer-herr-re-r232m-anpassningsbar-21593\/black-orange-372\/custom\/","pt":"\/pt\/p-re-r232m-bodywarmer-softshell-masculino-re-r232m-personalizavel-21593\/black-orange-372\/custom\/","da":"\/da\/p-re-r232m-softshell-bodywarmer-til-maend-re-r232m-kan-tilpasses-21593\/black-orange-372\/custom\/","pl":"\/pl\/p-re-r232m-meski-bezrekawnik-softshell-re-r232m-do-personalizacji-21593\/black-orange-372\/custom\/"}},{"id":369,"name":"red\/black","class_ids":[6,4],"codes_hexa":["dc030e","17181a"],"delai_24":false,"has_3d":false,"seuil_global":0,"stock_local":0,"stock_global":910,"on_standby":false,"in_catalog":true,"images":{"miniature":["https:\/\/media.th4.com\/mF9kZPVk8OP9rU6E4N0wMvy8EuITomrd5ZzkClamLUc\/pr:80\/aHR0cDovL21lZGlhMi5kZXNpZ25wYXJ0bmVyLmZyL2MvcC8yMTU5My8yMTU5My0zNjktMS53ZWJw?v=1769423957","https:\/\/media.th4.com\/u18ToUIoZGLQ8OP_S9JBY6r0yUTZFDQNZLUgjQQnRmc\/pr:80\/aHR0cDovL21lZGlhMi5kZXNpZ25wYXJ0bmVyLmZyL2MvcC8yMTU5My8yMTU5My0zNjktMi53ZWJw?v=1769423957"],"medium":["https:\/\/media.th4.com\/a71fd6ehv1HKkydnIYC4Yj4Ud4YO4oImdNduWU_k6Tg\/pr:550x550\/aHR0cDovL21lZGlhMi5kZXNpZ25wYXJ0bmVyLmZyL2MvcC8yMTU5My8yMTU5My0zNjktMS53ZWJw?v=1769423957","https:\/\/media.th4.com\/3g7u_qGqvOvrLcFRYl9l7Bf19w9xFSB97z1ETWp-j1c\/pr:550x550\/aHR0cDovL21lZGlhMi5kZXNpZ25wYXJ0bmVyLmZyL2MvcC8yMTU5My8yMTU5My0zNjktMi53ZWJw?v=1769423957"],"medium_large":["https:\/\/media.th4.com\/BIpMC_DAK_DryK8UWXY5KPdV_E7G2Dd70cUtAQk-XvI\/pr:1000x1000\/aHR0cDovL21lZGlhMi5kZXNpZ25wYXJ0bmVyLmZyL2MvcC8yMTU5My8yMTU5My0zNjktMS53ZWJw?v=1769423957","https:\/\/media.th4.com\/bGsWnqsSsjjIb4JaPrN64hE6k4yclBsqUtrpmZOYDNU\/pr:1000x1000\/aHR0cDovL21lZGlhMi5kZXNpZ25wYXJ0bmVyLmZyL2MvcC8yMTU5My8yMTU5My0zNjktMi53ZWJw?v=1769423957"],"large":["https:\/\/media.th4.com\/IjB0R7KhioSfTPNi5i4jPOtNUr8wWDEkRju6m8bWgyI\/pr:1920\/aHR0cDovL21lZGlhMi5kZXNpZ25wYXJ0bmVyLmZyL2MvcC8yMTU5My8yMTU5My0zNjktMS53ZWJw?v=1769423957","https:\/\/media.th4.com\/bxG5pY8NBlU_pg4tk3LxWS7EjaKGE8BP2brbv1iqOew\/pr:1920\/aHR0cDovL21lZGlhMi5kZXNpZ25wYXJ0bmVyLmZyL2MvcC8yMTU5My8yMTU5My0zNjktMi53ZWJw?v=1769423957"],"opengraph":["https:\/\/media.th4.com\/_QWaX2hrBSVqlLwIfMtijZMyc-jmxanLD9ajjRYxcOk\/pr:1200x630\/aHR0cDovL21lZGlhMi5kZXNpZ25wYXJ0bmVyLmZyL2MvcC8yMTU5My8yMTU5My0zNjktMS53ZWJw?v=1769423957","https:\/\/media.th4.com\/AfbS3j0j1rmeVnDdXRJqhdl0cZC4ZhtrIIAMzvBBIcc\/pr:1200x630\/aHR0cDovL21lZGlhMi5kZXNpZ25wYXJ0bmVyLmZyL2MvcC8yMTU5My8yMTU5My0zNjktMi53ZWJw?v=1769423957"]},"images_customization":{"miniature":["https:\/\/media.th4.com\/mF9kZPVk8OP9rU6E4N0wMvy8EuITomrd5ZzkClamLUc\/pr:80\/aHR0cDovL21lZGlhMi5kZXNpZ25wYXJ0bmVyLmZyL2MvcC8yMTU5My8yMTU5My0zNjktMS53ZWJw?v=1769423957","https:\/\/media.th4.com\/u18ToUIoZGLQ8OP_S9JBY6r0yUTZFDQNZLUgjQQnRmc\/pr:80\/aHR0cDovL21lZGlhMi5kZXNpZ25wYXJ0bmVyLmZyL2MvcC8yMTU5My8yMTU5My0zNjktMi53ZWJw?v=1769423957"],"medium":["https:\/\/media.th4.com\/a71fd6ehv1HKkydnIYC4Yj4Ud4YO4oImdNduWU_k6Tg\/pr:550x550\/aHR0cDovL21lZGlhMi5kZXNpZ25wYXJ0bmVyLmZyL2MvcC8yMTU5My8yMTU5My0zNjktMS53ZWJw?v=1769423957","https:\/\/media.th4.com\/3g7u_qGqvOvrLcFRYl9l7Bf19w9xFSB97z1ETWp-j1c\/pr:550x550\/aHR0cDovL21lZGlhMi5kZXNpZ25wYXJ0bmVyLmZyL2MvcC8yMTU5My8yMTU5My0zNjktMi53ZWJw?v=1769423957"],"medium_large":["https:\/\/media.th4.com\/BIpMC_DAK_DryK8UWXY5KPdV_E7G2Dd70cUtAQk-XvI\/pr:1000x1000\/aHR0cDovL21lZGlhMi5kZXNpZ25wYXJ0bmVyLmZyL2MvcC8yMTU5My8yMTU5My0zNjktMS53ZWJw?v=1769423957","https:\/\/media.th4.com\/bGsWnqsSsjjIb4JaPrN64hE6k4yclBsqUtrpmZOYDNU\/pr:1000x1000\/aHR0cDovL21lZGlhMi5kZXNpZ25wYXJ0bmVyLmZyL2MvcC8yMTU5My8yMTU5My0zNjktMi53ZWJw?v=1769423957"],"large":["https:\/\/media.th4.com\/IjB0R7KhioSfTPNi5i4jPOtNUr8wWDEkRju6m8bWgyI\/pr:1920\/aHR0cDovL21lZGlhMi5kZXNpZ25wYXJ0bmVyLmZyL2MvcC8yMTU5My8yMTU5My0zNjktMS53ZWJw?v=1769423957","https:\/\/media.th4.com\/bxG5pY8NBlU_pg4tk3LxWS7EjaKGE8BP2brbv1iqOew\/pr:1920\/aHR0cDovL21lZGlhMi5kZXNpZ25wYXJ0bmVyLmZyL2MvcC8yMTU5My8yMTU5My0zNjktMi53ZWJw?v=1769423957"],"opengraph":["https:\/\/media.th4.com\/_QWaX2hrBSVqlLwIfMtijZMyc-jmxanLD9ajjRYxcOk\/pr:1200x630\/aHR0cDovL21lZGlhMi5kZXNpZ25wYXJ0bmVyLmZyL2MvcC8yMTU5My8yMTU5My0zNjktMS53ZWJw?v=1769423957","https:\/\/media.th4.com\/AfbS3j0j1rmeVnDdXRJqhdl0cZC4ZhtrIIAMzvBBIcc\/pr:1200x630\/aHR0cDovL21lZGlhMi5kZXNpZ25wYXJ0bmVyLmZyL2MvcC8yMTU5My8yMTU5My0zNjktMi53ZWJw?v=1769423957"]},"country_origin":"CN","traceability":{"manufacturing_country_id":null,"weaving_country_id":null,"dyeing_country_id":null},"sizes":[{"id":3,"article_id":532093,"class_id":3,"name":"S","on_standby":false,"stock_local":0,"stock_global":78,"multiple":1,"estimated_date_reassort":null,"is_destocking":false},{"id":2,"article_id":532094,"class_id":4,"name":"M","on_standby":false,"stock_local":0,"stock_global":194,"multiple":1,"estimated_date_reassort":null,"is_destocking":false},{"id":1,"article_id":532095,"class_id":5,"name":"L","on_standby":false,"stock_local":0,"stock_global":214,"multiple":1,"estimated_date_reassort":null,"is_destocking":false},{"id":4,"article_id":532096,"class_id":6,"name":"XL","on_standby":false,"stock_local":0,"stock_global":163,"multiple":1,"estimated_date_reassort":null,"is_destocking":false},{"id":1116,"article_id":532097,"class_id":7,"name":"2XL","on_standby":false,"stock_local":0,"stock_global":103,"multiple":1,"estimated_date_reassort":null,"is_destocking":false},{"id":1081,"article_id":532098,"class_id":8,"name":"3XL","on_standby":false,"stock_local":0,"stock_global":85,"multiple":1,"estimated_date_reassort":null,"is_destocking":false},{"id":16,"article_id":532099,"class_id":9,"name":"4XL","on_standby":false,"stock_local":0,"stock_global":73,"multiple":1,"estimated_date_reassort":null,"is_destocking":false}],"page_links":{"fr":"\/fr\/p-re-r232m-bodywarmer-softshell-homme-gilet-r232m-21593\/red-black-369\/","en":"\/en\/p-re-r232m-mens-softshell-bodywarmer-vest-r232m-21593\/red-black-369\/","de":"\/de\/p-re-r232m-softshell-bodywarmer-herren-weste-r232m-21593\/red-black-369\/","nl":"\/nl\/p-re-r232m-softshell-bodywarmer-voor-heren-gilet-r232m-21593\/red-black-369\/","es":"\/es\/p-re-r232m-chaleco-softshell-para-hombre-sin-mangas-r232m-21593\/red-black-369\/","it":"\/it\/p-re-r232m-bodywarmer-softshell-uomo-gilet-r232m-21593\/red-black-369\/","sv":"\/sv\/p-re-r232m-softshell-bodywarmer-herrvast-r232m-21593\/red-black-369\/","pt":"\/pt\/p-re-r232m-colete-softshell-masculino-sem-mangas-r232m-21593\/red-black-369\/","da":"\/da\/p-re-r232m-softshell-bodywarmer-til-herre-vest-r232m-21593\/red-black-369\/","pl":"\/pl\/p-re-r232m-meski-bodywarmer-softshell-kamizelka-r232m-21593\/red-black-369\/"},"page_links_customization":{"fr":"\/fr\/p-re-r232m-bodywarmer-softshell-homme-re-r232m-personnalisable-21593\/red-black-369\/custom\/","en":"\/en\/p-re-r232m-mens-softshell-bodywarmer-re-r232m-customizable-21593\/red-black-369\/custom\/","de":"\/de\/p-re-r232m-softshell-bodywarmer-fur-herren-re-r232m-personalisierbar-21593\/red-black-369\/custom\/","nl":"\/nl\/p-re-r232m-softshell-bodywarmer-voor-heren-re-r232m-personaliseerbaar-21593\/red-black-369\/custom\/","es":"\/es\/p-re-r232m-chaleco-softshell-para-hombre-re-r232m-personalizable-21593\/red-black-369\/custom\/","it":"\/it\/p-re-r232m-bodywarmer-softshell-uomo-re-r232m-personalizzabile-21593\/red-black-369\/custom\/","sv":"\/sv\/p-re-r232m-softshell-bodywarmer-herr-re-r232m-anpassningsbar-21593\/red-black-369\/custom\/","pt":"\/pt\/p-re-r232m-bodywarmer-softshell-masculino-re-r232m-personalizavel-21593\/red-black-369\/custom\/","da":"\/da\/p-re-r232m-softshell-bodywarmer-til-maend-re-r232m-kan-tilpasses-21593\/red-black-369\/custom\/","pl":"\/pl\/p-re-r232m-meski-bezrekawnik-softshell-re-r232m-do-personalizacji-21593\/red-black-369\/custom\/"}},{"id":13476,"name":"purple\/black","class_ids":[10,4],"codes_hexa":["523970","000000"],"delai_24":false,"has_3d":false,"seuil_global":0,"stock_local":0,"stock_global":788,"on_standby":false,"in_catalog":true,"images":{"miniature":["https:\/\/media.th4.com\/G-HGDaNfMJ9cMsKLfrEliZ0d4wqjVU7k1V8pMHe0JRw\/pr:80\/aHR0cDovL21lZGlhMi5kZXNpZ25wYXJ0bmVyLmZyL2MvcC8yMTU5My8yMTU5My0xMzQ3Ni0xLndlYnA?v=1769423956"],"medium":["https:\/\/media.th4.com\/eWGEEfxS3r4WPPyC5_VOHvfaorqe-mk4ehdKx4KPR3c\/pr:550x550\/aHR0cDovL21lZGlhMi5kZXNpZ25wYXJ0bmVyLmZyL2MvcC8yMTU5My8yMTU5My0xMzQ3Ni0xLndlYnA?v=1769423956"],"medium_large":["https:\/\/media.th4.com\/eOmrWNh2EFL6q_mpehf8JexAbO3dopXr4nQOXfZsTKE\/pr:1000x1000\/aHR0cDovL21lZGlhMi5kZXNpZ25wYXJ0bmVyLmZyL2MvcC8yMTU5My8yMTU5My0xMzQ3Ni0xLndlYnA?v=1769423956"],"large":["https:\/\/media.th4.com\/wfIkUTl-9nnsXiSKAjfw6jtFZw50nME0_WvK_dQnLkg\/pr:1920\/aHR0cDovL21lZGlhMi5kZXNpZ25wYXJ0bmVyLmZyL2MvcC8yMTU5My8yMTU5My0xMzQ3Ni0xLndlYnA?v=1769423956"],"opengraph":["https:\/\/media.th4.com\/w2u2sUNbsyycmthJD3mCU42JYYjW01UrYRYdQedeEWc\/pr:1200x630\/aHR0cDovL21lZGlhMi5kZXNpZ25wYXJ0bmVyLmZyL2MvcC8yMTU5My8yMTU5My0xMzQ3Ni0xLndlYnA?v=1769423956"]},"images_customization":{"miniature":["https:\/\/media.th4.com\/G-HGDaNfMJ9cMsKLfrEliZ0d4wqjVU7k1V8pMHe0JRw\/pr:80\/aHR0cDovL21lZGlhMi5kZXNpZ25wYXJ0bmVyLmZyL2MvcC8yMTU5My8yMTU5My0xMzQ3Ni0xLndlYnA?v=1769423956"],"medium":["https:\/\/media.th4.com\/eWGEEfxS3r4WPPyC5_VOHvfaorqe-mk4ehdKx4KPR3c\/pr:550x550\/aHR0cDovL21lZGlhMi5kZXNpZ25wYXJ0bmVyLmZyL2MvcC8yMTU5My8yMTU5My0xMzQ3Ni0xLndlYnA?v=1769423956"],"medium_large":["https:\/\/media.th4.com\/eOmrWNh2EFL6q_mpehf8JexAbO3dopXr4nQOXfZsTKE\/pr:1000x1000\/aHR0cDovL21lZGlhMi5kZXNpZ25wYXJ0bmVyLmZyL2MvcC8yMTU5My8yMTU5My0xMzQ3Ni0xLndlYnA?v=1769423956"],"large":["https:\/\/media.th4.com\/wfIkUTl-9nnsXiSKAjfw6jtFZw50nME0_WvK_dQnLkg\/pr:1920\/aHR0cDovL21lZGlhMi5kZXNpZ25wYXJ0bmVyLmZyL2MvcC8yMTU5My8yMTU5My0xMzQ3Ni0xLndlYnA?v=1769423956"],"opengraph":["https:\/\/media.th4.com\/w2u2sUNbsyycmthJD3mCU42JYYjW01UrYRYdQedeEWc\/pr:1200x630\/aHR0cDovL21lZGlhMi5kZXNpZ25wYXJ0bmVyLmZyL2MvcC8yMTU5My8yMTU5My0xMzQ3Ni0xLndlYnA?v=1769423956"]},"country_origin":"CN","traceability":{"manufacturing_country_id":null,"weaving_country_id":null,"dyeing_country_id":null},"sizes":[{"id":3,"article_id":532086,"class_id":3,"name":"S","on_standby":false,"stock_local":0,"stock_global":85,"multiple":1,"estimated_date_reassort":null,"is_destocking":false},{"id":2,"article_id":532087,"class_id":4,"name":"M","on_standby":false,"stock_local":0,"stock_global":118,"multiple":1,"estimated_date_reassort":null,"is_destocking":false},{"id":1,"article_id":532088,"class_id":5,"name":"L","on_standby":false,"stock_local":0,"stock_global":124,"multiple":1,"estimated_date_reassort":null,"is_destocking":false},{"id":4,"article_id":532089,"class_id":6,"name":"XL","on_standby":false,"stock_local":0,"stock_global":128,"multiple":1,"estimated_date_reassort":null,"is_destocking":false},{"id":1116,"article_id":532090,"class_id":7,"name":"2XL","on_standby":false,"stock_local":0,"stock_global":191,"multiple":1,"estimated_date_reassort":null,"is_destocking":false},{"id":1081,"article_id":532091,"class_id":8,"name":"3XL","on_standby":false,"stock_local":0,"stock_global":58,"multiple":1,"estimated_date_reassort":null,"is_destocking":false},{"id":16,"article_id":532092,"class_id":9,"name":"4XL","on_standby":false,"stock_local":0,"stock_global":84,"multiple":1,"estimated_date_reassort":null,"is_destocking":false}],"page_links":{"fr":"\/fr\/p-re-r232m-bodywarmer-softshell-homme-gilet-r232m-21593\/purple-black-13476\/","en":"\/en\/p-re-r232m-mens-softshell-bodywarmer-vest-r232m-21593\/purple-black-13476\/","de":"\/de\/p-re-r232m-softshell-bodywarmer-herren-weste-r232m-21593\/purple-black-13476\/","nl":"\/nl\/p-re-r232m-softshell-bodywarmer-voor-heren-gilet-r232m-21593\/purple-black-13476\/","es":"\/es\/p-re-r232m-chaleco-softshell-para-hombre-sin-mangas-r232m-21593\/purple-black-13476\/","it":"\/it\/p-re-r232m-bodywarmer-softshell-uomo-gilet-r232m-21593\/purple-black-13476\/","sv":"\/sv\/p-re-r232m-softshell-bodywarmer-herrvast-r232m-21593\/purple-black-13476\/","pt":"\/pt\/p-re-r232m-colete-softshell-masculino-sem-mangas-r232m-21593\/purple-black-13476\/","da":"\/da\/p-re-r232m-softshell-bodywarmer-til-herre-vest-r232m-21593\/purple-black-13476\/","pl":"\/pl\/p-re-r232m-meski-bodywarmer-softshell-kamizelka-r232m-21593\/purple-black-13476\/"},"page_links_customization":{"fr":"\/fr\/p-re-r232m-bodywarmer-softshell-homme-re-r232m-personnalisable-21593\/purple-black-13476\/custom\/","en":"\/en\/p-re-r232m-mens-softshell-bodywarmer-re-r232m-customizable-21593\/purple-black-13476\/custom\/","de":"\/de\/p-re-r232m-softshell-bodywarmer-fur-herren-re-r232m-personalisierbar-21593\/purple-black-13476\/custom\/","nl":"\/nl\/p-re-r232m-softshell-bodywarmer-voor-heren-re-r232m-personaliseerbaar-21593\/purple-black-13476\/custom\/","es":"\/es\/p-re-r232m-chaleco-softshell-para-hombre-re-r232m-personalizable-21593\/purple-black-13476\/custom\/","it":"\/it\/p-re-r232m-bodywarmer-softshell-uomo-re-r232m-personalizzabile-21593\/purple-black-13476\/custom\/","sv":"\/sv\/p-re-r232m-softshell-bodywarmer-herr-re-r232m-anpassningsbar-21593\/purple-black-13476\/custom\/","pt":"\/pt\/p-re-r232m-bodywarmer-softshell-masculino-re-r232m-personalizavel-21593\/purple-black-13476\/custom\/","da":"\/da\/p-re-r232m-softshell-bodywarmer-til-maend-re-r232m-kan-tilpasses-21593\/purple-black-13476\/custom\/","pl":"\/pl\/p-re-r232m-meski-bezrekawnik-softshell-re-r232m-do-personalizacji-21593\/purple-black-13476\/custom\/"}},{"id":13520,"name":"white\/black","class_ids":[1,4],"codes_hexa":["ffffff","000000"],"delai_24":false,"has_3d":false,"seuil_global":0,"stock_local":0,"stock_global":679,"on_standby":false,"in_catalog":true,"images":{"miniature":["https:\/\/media.th4.com\/7TYlCel5eBdxNQIoboCydu7_C_JelL2pugrBWDNTwtg\/pr:80\/aHR0cDovL21lZGlhMi5kZXNpZ25wYXJ0bmVyLmZyL2MvcC8yMTU5My8yMTU5My0xMzUyMC0xLndlYnA?v=1769423960"],"medium":["https:\/\/media.th4.com\/vWwi_FR_pho_17Xe948Uyqnh4DBnqUCeRcmfAOXK22A\/pr:550x550\/aHR0cDovL21lZGlhMi5kZXNpZ25wYXJ0bmVyLmZyL2MvcC8yMTU5My8yMTU5My0xMzUyMC0xLndlYnA?v=1769423960"],"medium_large":["https:\/\/media.th4.com\/BiCKOmi4UPqoKa5vRMTaaipQG0GMJMhYXEWhNunsWAQ\/pr:1000x1000\/aHR0cDovL21lZGlhMi5kZXNpZ25wYXJ0bmVyLmZyL2MvcC8yMTU5My8yMTU5My0xMzUyMC0xLndlYnA?v=1769423960"],"large":["https:\/\/media.th4.com\/IL-DnFXQj2SCagcFWJhjuEMTmfP0n26NFx3VIGdPJcI\/pr:1920\/aHR0cDovL21lZGlhMi5kZXNpZ25wYXJ0bmVyLmZyL2MvcC8yMTU5My8yMTU5My0xMzUyMC0xLndlYnA?v=1769423960"],"opengraph":["https:\/\/media.th4.com\/I_Bxqn_Mp38ltOJRCL51SbH7PtzTIMXKq83PFa3O7nI\/pr:1200x630\/aHR0cDovL21lZGlhMi5kZXNpZ25wYXJ0bmVyLmZyL2MvcC8yMTU5My8yMTU5My0xMzUyMC0xLndlYnA?v=1769423960"]},"images_customization":{"miniature":["https:\/\/media.th4.com\/7TYlCel5eBdxNQIoboCydu7_C_JelL2pugrBWDNTwtg\/pr:80\/aHR0cDovL21lZGlhMi5kZXNpZ25wYXJ0bmVyLmZyL2MvcC8yMTU5My8yMTU5My0xMzUyMC0xLndlYnA?v=1769423960"],"medium":["https:\/\/media.th4.com\/vWwi_FR_pho_17Xe948Uyqnh4DBnqUCeRcmfAOXK22A\/pr:550x550\/aHR0cDovL21lZGlhMi5kZXNpZ25wYXJ0bmVyLmZyL2MvcC8yMTU5My8yMTU5My0xMzUyMC0xLndlYnA?v=1769423960"],"medium_large":["https:\/\/media.th4.com\/BiCKOmi4UPqoKa5vRMTaaipQG0GMJMhYXEWhNunsWAQ\/pr:1000x1000\/aHR0cDovL21lZGlhMi5kZXNpZ25wYXJ0bmVyLmZyL2MvcC8yMTU5My8yMTU5My0xMzUyMC0xLndlYnA?v=1769423960"],"large":["https:\/\/media.th4.com\/IL-DnFXQj2SCagcFWJhjuEMTmfP0n26NFx3VIGdPJcI\/pr:1920\/aHR0cDovL21lZGlhMi5kZXNpZ25wYXJ0bmVyLmZyL2MvcC8yMTU5My8yMTU5My0xMzUyMC0xLndlYnA?v=1769423960"],"opengraph":["https:\/\/media.th4.com\/I_Bxqn_Mp38ltOJRCL51SbH7PtzTIMXKq83PFa3O7nI\/pr:1200x630\/aHR0cDovL21lZGlhMi5kZXNpZ25wYXJ0bmVyLmZyL2MvcC8yMTU5My8yMTU5My0xMzUyMC0xLndlYnA?v=1769423960"]},"country_origin":"CN","traceability":{"manufacturing_country_id":null,"weaving_country_id":null,"dyeing_country_id":null},"sizes":[{"id":3,"article_id":532044,"class_id":3,"name":"S","on_standby":false,"stock_local":0,"stock_global":107,"multiple":1,"estimated_date_reassort":null,"is_destocking":false},{"id":2,"article_id":532045,"class_id":4,"name":"M","on_standby":false,"stock_local":0,"stock_global":101,"multiple":1,"estimated_date_reassort":null,"is_destocking":false},{"id":1,"article_id":532046,"class_id":5,"name":"L","on_standby":false,"stock_local":0,"stock_global":104,"multiple":1,"estimated_date_reassort":null,"is_destocking":false},{"id":4,"article_id":532047,"class_id":6,"name":"XL","on_standby":false,"stock_local":0,"stock_global":134,"multiple":1,"estimated_date_reassort":null,"is_destocking":false},{"id":1116,"article_id":532048,"class_id":7,"name":"2XL","on_standby":false,"stock_local":0,"stock_global":111,"multiple":1,"estimated_date_reassort":null,"is_destocking":false},{"id":1081,"article_id":532049,"class_id":8,"name":"3XL","on_standby":false,"stock_local":0,"stock_global":58,"multiple":1,"estimated_date_reassort":null,"is_destocking":false},{"id":16,"article_id":532050,"class_id":9,"name":"4XL","on_standby":false,"stock_local":0,"stock_global":64,"multiple":1,"estimated_date_reassort":null,"is_destocking":false}],"page_links":{"fr":"\/fr\/p-re-r232m-bodywarmer-softshell-homme-gilet-r232m-21593\/white-black-13520\/","en":"\/en\/p-re-r232m-mens-softshell-bodywarmer-vest-r232m-21593\/white-black-13520\/","de":"\/de\/p-re-r232m-softshell-bodywarmer-herren-weste-r232m-21593\/white-black-13520\/","nl":"\/nl\/p-re-r232m-softshell-bodywarmer-voor-heren-gilet-r232m-21593\/white-black-13520\/","es":"\/es\/p-re-r232m-chaleco-softshell-para-hombre-sin-mangas-r232m-21593\/white-black-13520\/","it":"\/it\/p-re-r232m-bodywarmer-softshell-uomo-gilet-r232m-21593\/white-black-13520\/","sv":"\/sv\/p-re-r232m-softshell-bodywarmer-herrvast-r232m-21593\/white-black-13520\/","pt":"\/pt\/p-re-r232m-colete-softshell-masculino-sem-mangas-r232m-21593\/white-black-13520\/","da":"\/da\/p-re-r232m-softshell-bodywarmer-til-herre-vest-r232m-21593\/white-black-13520\/","pl":"\/pl\/p-re-r232m-meski-bodywarmer-softshell-kamizelka-r232m-21593\/white-black-13520\/"},"page_links_customization":{"fr":"\/fr\/p-re-r232m-bodywarmer-softshell-homme-re-r232m-personnalisable-21593\/white-black-13520\/custom\/","en":"\/en\/p-re-r232m-mens-softshell-bodywarmer-re-r232m-customizable-21593\/white-black-13520\/custom\/","de":"\/de\/p-re-r232m-softshell-bodywarmer-fur-herren-re-r232m-personalisierbar-21593\/white-black-13520\/custom\/","nl":"\/nl\/p-re-r232m-softshell-bodywarmer-voor-heren-re-r232m-personaliseerbaar-21593\/white-black-13520\/custom\/","es":"\/es\/p-re-r232m-chaleco-softshell-para-hombre-re-r232m-personalizable-21593\/white-black-13520\/custom\/","it":"\/it\/p-re-r232m-bodywarmer-softshell-uomo-re-r232m-personalizzabile-21593\/white-black-13520\/custom\/","sv":"\/sv\/p-re-r232m-softshell-bodywarmer-herr-re-r232m-anpassningsbar-21593\/white-black-13520\/custom\/","pt":"\/pt\/p-re-r232m-bodywarmer-softshell-masculino-re-r232m-personalizavel-21593\/white-black-13520\/custom\/","da":"\/da\/p-re-r232m-softshell-bodywarmer-til-maend-re-r232m-kan-tilpasses-21593\/white-black-13520\/custom\/","pl":"\/pl\/p-re-r232m-meski-bezrekawnik-softshell-re-r232m-do-personalizacji-21593\/white-black-13520\/custom\/"}},{"id":2482,"name":"yellow\/black","class_ids":[4,4],"codes_hexa":["1b1b1d","000000"],"delai_24":false,"has_3d":false,"seuil_global":0,"stock_local":0,"stock_global":423,"on_standby":false,"in_catalog":true,"images":{"miniature":["https:\/\/media.th4.com\/s8DGqOnGBYinQJDUCm6z3dhMxNAoa8GlyKH9CqyeNhM\/pr:80\/aHR0cDovL21lZGlhMi5kZXNpZ25wYXJ0bmVyLmZyL2MvcC8yMTU5My8yMTU5My0yNDgyLTEud2VicA?v=1769423962","https:\/\/media.th4.com\/YijMt2stzwPdoZWmh05U2Y1GVFvNltJUEyKfsJCWU8k\/pr:80\/aHR0cDovL21lZGlhMi5kZXNpZ25wYXJ0bmVyLmZyL2MvcC8yMTU5My8yMTU5My0yNDgyLTIud2VicA?v=1769423962"],"medium":["https:\/\/media.th4.com\/6Fkb9IqaUvAD6tigDKMC4qgw7x0e04HrhcRSI5AOwV4\/pr:550x550\/aHR0cDovL21lZGlhMi5kZXNpZ25wYXJ0bmVyLmZyL2MvcC8yMTU5My8yMTU5My0yNDgyLTEud2VicA?v=1769423962","https:\/\/media.th4.com\/G9SGoXrE0QKlkGAafVbsq6PTeydID5M8dGo2i31LPCA\/pr:550x550\/aHR0cDovL21lZGlhMi5kZXNpZ25wYXJ0bmVyLmZyL2MvcC8yMTU5My8yMTU5My0yNDgyLTIud2VicA?v=1769423962"],"medium_large":["https:\/\/media.th4.com\/qwq_tbAMX_D-OorBkTpwomQlnrNhErjzMx_goHxnGYA\/pr:1000x1000\/aHR0cDovL21lZGlhMi5kZXNpZ25wYXJ0bmVyLmZyL2MvcC8yMTU5My8yMTU5My0yNDgyLTEud2VicA?v=1769423962","https:\/\/media.th4.com\/iV8S48_tGDwXhvNS7oESYJdlzOiMU_qwmOuDMknmFms\/pr:1000x1000\/aHR0cDovL21lZGlhMi5kZXNpZ25wYXJ0bmVyLmZyL2MvcC8yMTU5My8yMTU5My0yNDgyLTIud2VicA?v=1769423962"],"large":["https:\/\/media.th4.com\/vmzjT-Jt_vCw6yOCwwmKk_RBzqRV1Q-3M6_1p-Xb7SE\/pr:1920\/aHR0cDovL21lZGlhMi5kZXNpZ25wYXJ0bmVyLmZyL2MvcC8yMTU5My8yMTU5My0yNDgyLTEud2VicA?v=1769423962","https:\/\/media.th4.com\/XjqjAn2z_Ey8vjK9NEZf3FTBIZys7vE4JH4hV2ERO6Y\/pr:1920\/aHR0cDovL21lZGlhMi5kZXNpZ25wYXJ0bmVyLmZyL2MvcC8yMTU5My8yMTU5My0yNDgyLTIud2VicA?v=1769423962"],"opengraph":["https:\/\/media.th4.com\/1xiJ871eHknc1mGxfwEtvOD69ikSui_P5KOexiyOv6U\/pr:1200x630\/aHR0cDovL21lZGlhMi5kZXNpZ25wYXJ0bmVyLmZyL2MvcC8yMTU5My8yMTU5My0yNDgyLTEud2VicA?v=1769423962","https:\/\/media.th4.com\/sya-IspO1XLZETCqesFTXcXxAIRmxD-SOBtXuqDuVX8\/pr:1200x630\/aHR0cDovL21lZGlhMi5kZXNpZ25wYXJ0bmVyLmZyL2MvcC8yMTU5My8yMTU5My0yNDgyLTIud2VicA?v=1769423962"]},"images_customization":{"miniature":["https:\/\/media.th4.com\/s8DGqOnGBYinQJDUCm6z3dhMxNAoa8GlyKH9CqyeNhM\/pr:80\/aHR0cDovL21lZGlhMi5kZXNpZ25wYXJ0bmVyLmZyL2MvcC8yMTU5My8yMTU5My0yNDgyLTEud2VicA?v=1769423962","https:\/\/media.th4.com\/YijMt2stzwPdoZWmh05U2Y1GVFvNltJUEyKfsJCWU8k\/pr:80\/aHR0cDovL21lZGlhMi5kZXNpZ25wYXJ0bmVyLmZyL2MvcC8yMTU5My8yMTU5My0yNDgyLTIud2VicA?v=1769423962"],"medium":["https:\/\/media.th4.com\/6Fkb9IqaUvAD6tigDKMC4qgw7x0e04HrhcRSI5AOwV4\/pr:550x550\/aHR0cDovL21lZGlhMi5kZXNpZ25wYXJ0bmVyLmZyL2MvcC8yMTU5My8yMTU5My0yNDgyLTEud2VicA?v=1769423962","https:\/\/media.th4.com\/G9SGoXrE0QKlkGAafVbsq6PTeydID5M8dGo2i31LPCA\/pr:550x550\/aHR0cDovL21lZGlhMi5kZXNpZ25wYXJ0bmVyLmZyL2MvcC8yMTU5My8yMTU5My0yNDgyLTIud2VicA?v=1769423962"],"medium_large":["https:\/\/media.th4.com\/qwq_tbAMX_D-OorBkTpwomQlnrNhErjzMx_goHxnGYA\/pr:1000x1000\/aHR0cDovL21lZGlhMi5kZXNpZ25wYXJ0bmVyLmZyL2MvcC8yMTU5My8yMTU5My0yNDgyLTEud2VicA?v=1769423962","https:\/\/media.th4.com\/iV8S48_tGDwXhvNS7oESYJdlzOiMU_qwmOuDMknmFms\/pr:1000x1000\/aHR0cDovL21lZGlhMi5kZXNpZ25wYXJ0bmVyLmZyL2MvcC8yMTU5My8yMTU5My0yNDgyLTIud2VicA?v=1769423962"],"large":["https:\/\/media.th4.com\/vmzjT-Jt_vCw6yOCwwmKk_RBzqRV1Q-3M6_1p-Xb7SE\/pr:1920\/aHR0cDovL21lZGlhMi5kZXNpZ25wYXJ0bmVyLmZyL2MvcC8yMTU5My8yMTU5My0yNDgyLTEud2VicA?v=1769423962","https:\/\/media.th4.com\/XjqjAn2z_Ey8vjK9NEZf3FTBIZys7vE4JH4hV2ERO6Y\/pr:1920\/aHR0cDovL21lZGlhMi5kZXNpZ25wYXJ0bmVyLmZyL2MvcC8yMTU5My8yMTU5My0yNDgyLTIud2VicA?v=1769423962"],"opengraph":["https:\/\/media.th4.com\/1xiJ871eHknc1mGxfwEtvOD69ikSui_P5KOexiyOv6U\/pr:1200x630\/aHR0cDovL21lZGlhMi5kZXNpZ25wYXJ0bmVyLmZyL2MvcC8yMTU5My8yMTU5My0yNDgyLTEud2VicA?v=1769423962","https:\/\/media.th4.com\/sya-IspO1XLZETCqesFTXcXxAIRmxD-SOBtXuqDuVX8\/pr:1200x630\/aHR0cDovL21lZGlhMi5kZXNpZ25wYXJ0bmVyLmZyL2MvcC8yMTU5My8yMTU5My0yNDgyLTIud2VicA?v=1769423962"]},"country_origin":"CN","traceability":{"manufacturing_country_id":null,"weaving_country_id":null,"dyeing_country_id":null},"sizes":[{"id":3,"article_id":532107,"class_id":3,"name":"S","on_standby":false,"stock_local":0,"stock_global":60,"multiple":1,"estimated_date_reassort":null,"is_destocking":false},{"id":2,"article_id":532108,"class_id":4,"name":"M","on_standby":false,"stock_local":0,"stock_global":75,"multiple":1,"estimated_date_reassort":null,"is_destocking":false},{"id":1,"article_id":532109,"class_id":5,"name":"L","on_standby":false,"stock_local":0,"stock_global":98,"multiple":1,"estimated_date_reassort":null,"is_destocking":false},{"id":4,"article_id":532110,"class_id":6,"name":"XL","on_standby":false,"stock_local":0,"stock_global":78,"multiple":1,"estimated_date_reassort":null,"is_destocking":false},{"id":1116,"article_id":532111,"class_id":7,"name":"2XL","on_standby":false,"stock_local":0,"stock_global":63,"multiple":1,"estimated_date_reassort":null,"is_destocking":false},{"id":16,"article_id":532113,"class_id":9,"name":"4XL","on_standby":false,"stock_local":0,"stock_global":49,"multiple":1,"estimated_date_reassort":null,"is_destocking":false}],"page_links":{"fr":"\/fr\/p-re-r232m-bodywarmer-softshell-homme-gilet-r232m-21593\/yellow-black-2482\/","en":"\/en\/p-re-r232m-mens-softshell-bodywarmer-vest-r232m-21593\/yellow-black-2482\/","de":"\/de\/p-re-r232m-softshell-bodywarmer-herren-weste-r232m-21593\/yellow-black-2482\/","nl":"\/nl\/p-re-r232m-softshell-bodywarmer-voor-heren-gilet-r232m-21593\/yellow-black-2482\/","es":"\/es\/p-re-r232m-chaleco-softshell-para-hombre-sin-mangas-r232m-21593\/yellow-black-2482\/","it":"\/it\/p-re-r232m-bodywarmer-softshell-uomo-gilet-r232m-21593\/yellow-black-2482\/","sv":"\/sv\/p-re-r232m-softshell-bodywarmer-herrvast-r232m-21593\/yellow-black-2482\/","pt":"\/pt\/p-re-r232m-colete-softshell-masculino-sem-mangas-r232m-21593\/yellow-black-2482\/","da":"\/da\/p-re-r232m-softshell-bodywarmer-til-herre-vest-r232m-21593\/yellow-black-2482\/","pl":"\/pl\/p-re-r232m-meski-bodywarmer-softshell-kamizelka-r232m-21593\/yellow-black-2482\/"},"page_links_customization":{"fr":"\/fr\/p-re-r232m-bodywarmer-softshell-homme-re-r232m-personnalisable-21593\/yellow-black-2482\/custom\/","en":"\/en\/p-re-r232m-mens-softshell-bodywarmer-re-r232m-customizable-21593\/yellow-black-2482\/custom\/","de":"\/de\/p-re-r232m-softshell-bodywarmer-fur-herren-re-r232m-personalisierbar-21593\/yellow-black-2482\/custom\/","nl":"\/nl\/p-re-r232m-softshell-bodywarmer-voor-heren-re-r232m-personaliseerbaar-21593\/yellow-black-2482\/custom\/","es":"\/es\/p-re-r232m-chaleco-softshell-para-hombre-re-r232m-personalizable-21593\/yellow-black-2482\/custom\/","it":"\/it\/p-re-r232m-bodywarmer-softshell-uomo-re-r232m-personalizzabile-21593\/yellow-black-2482\/custom\/","sv":"\/sv\/p-re-r232m-softshell-bodywarmer-herr-re-r232m-anpassningsbar-21593\/yellow-black-2482\/custom\/","pt":"\/pt\/p-re-r232m-bodywarmer-softshell-masculino-re-r232m-personalizavel-21593\/yellow-black-2482\/custom\/","da":"\/da\/p-re-r232m-softshell-bodywarmer-til-maend-re-r232m-kan-tilpasses-21593\/yellow-black-2482\/custom\/","pl":"\/pl\/p-re-r232m-meski-bezrekawnik-softshell-re-r232m-do-personalizacji-21593\/yellow-black-2482\/custom\/"}},{"id":13477,"name":"vivid_green\/black","class_ids":[5,4],"codes_hexa":["7DBB50","000000"],"delai_24":false,"has_3d":false,"seuil_global":0,"stock_local":0,"stock_global":364,"on_standby":false,"in_catalog":true,"images":{"miniature":["https:\/\/media.th4.com\/kvOcMgpZFAO3GIQ6XXIyPEryaKuNb6gilAh7pMlImn0\/pr:80\/aHR0cDovL21lZGlhMi5kZXNpZ25wYXJ0bmVyLmZyL2MvcC8yMTU5My8yMTU5My0xMzQ3Ny0xLndlYnA?v=1769423959"],"medium":["https:\/\/media.th4.com\/sMCB1qK_jJtEbm_vqRh_ZGM24RsBySv_YWamavcjpQI\/pr:550x550\/aHR0cDovL21lZGlhMi5kZXNpZ25wYXJ0bmVyLmZyL2MvcC8yMTU5My8yMTU5My0xMzQ3Ny0xLndlYnA?v=1769423959"],"medium_large":["https:\/\/media.th4.com\/v7Tst2GYFydZDG0f7wjaSz9mURyc_1KpuQXor6dKIx8\/pr:1000x1000\/aHR0cDovL21lZGlhMi5kZXNpZ25wYXJ0bmVyLmZyL2MvcC8yMTU5My8yMTU5My0xMzQ3Ny0xLndlYnA?v=1769423959"],"large":["https:\/\/media.th4.com\/N7vzK0HxM2bQQWfGeM6T6ZDCyj1nVIGeIg5GcTIiJL0\/pr:1920\/aHR0cDovL21lZGlhMi5kZXNpZ25wYXJ0bmVyLmZyL2MvcC8yMTU5My8yMTU5My0xMzQ3Ny0xLndlYnA?v=1769423959"],"opengraph":["https:\/\/media.th4.com\/n1txPon2ix2Idnfl2-koycArMnz1Hl631RD3yTGacpQ\/pr:1200x630\/aHR0cDovL21lZGlhMi5kZXNpZ25wYXJ0bmVyLmZyL2MvcC8yMTU5My8yMTU5My0xMzQ3Ny0xLndlYnA?v=1769423959"]},"images_customization":{"miniature":["https:\/\/media.th4.com\/kvOcMgpZFAO3GIQ6XXIyPEryaKuNb6gilAh7pMlImn0\/pr:80\/aHR0cDovL21lZGlhMi5kZXNpZ25wYXJ0bmVyLmZyL2MvcC8yMTU5My8yMTU5My0xMzQ3Ny0xLndlYnA?v=1769423959"],"medium":["https:\/\/media.th4.com\/sMCB1qK_jJtEbm_vqRh_ZGM24RsBySv_YWamavcjpQI\/pr:550x550\/aHR0cDovL21lZGlhMi5kZXNpZ25wYXJ0bmVyLmZyL2MvcC8yMTU5My8yMTU5My0xMzQ3Ny0xLndlYnA?v=1769423959"],"medium_large":["https:\/\/media.th4.com\/v7Tst2GYFydZDG0f7wjaSz9mURyc_1KpuQXor6dKIx8\/pr:1000x1000\/aHR0cDovL21lZGlhMi5kZXNpZ25wYXJ0bmVyLmZyL2MvcC8yMTU5My8yMTU5My0xMzQ3Ny0xLndlYnA?v=1769423959"],"large":["https:\/\/media.th4.com\/N7vzK0HxM2bQQWfGeM6T6ZDCyj1nVIGeIg5GcTIiJL0\/pr:1920\/aHR0cDovL21lZGlhMi5kZXNpZ25wYXJ0bmVyLmZyL2MvcC8yMTU5My8yMTU5My0xMzQ3Ny0xLndlYnA?v=1769423959"],"opengraph":["https:\/\/media.th4.com\/n1txPon2ix2Idnfl2-koycArMnz1Hl631RD3yTGacpQ\/pr:1200x630\/aHR0cDovL21lZGlhMi5kZXNpZ25wYXJ0bmVyLmZyL2MvcC8yMTU5My8yMTU5My0xMzQ3Ny0xLndlYnA?v=1769423959"]},"country_origin":"CN","traceability":{"manufacturing_country_id":null,"weaving_country_id":null,"dyeing_country_id":null},"sizes":[{"id":3,"article_id":532100,"class_id":3,"name":"S","on_standby":false,"stock_local":0,"stock_global":56,"multiple":1,"estimated_date_reassort":null,"is_destocking":false},{"id":2,"article_id":532101,"class_id":4,"name":"M","on_standby":false,"stock_local":0,"stock_global":47,"multiple":1,"estimated_date_reassort":null,"is_destocking":false},{"id":1,"article_id":532102,"class_id":5,"name":"L","on_standby":false,"stock_local":0,"stock_global":43,"multiple":1,"estimated_date_reassort":null,"is_destocking":false},{"id":4,"article_id":532103,"class_id":6,"name":"XL","on_standby":false,"stock_local":0,"stock_global":72,"multiple":1,"estimated_date_reassort":null,"is_destocking":false},{"id":1116,"article_id":532104,"class_id":7,"name":"2XL","on_standby":false,"stock_local":0,"stock_global":58,"multiple":1,"estimated_date_reassort":null,"is_destocking":false},{"id":1081,"article_id":532105,"class_id":8,"name":"3XL","on_standby":false,"stock_local":0,"stock_global":27,"multiple":1,"estimated_date_reassort":null,"is_destocking":false},{"id":16,"article_id":532106,"class_id":9,"name":"4XL","on_standby":false,"stock_local":0,"stock_global":61,"multiple":1,"estimated_date_reassort":null,"is_destocking":false}],"page_links":{"fr":"\/fr\/p-re-r232m-bodywarmer-softshell-homme-gilet-r232m-21593\/vivid-green-black-13477\/","en":"\/en\/p-re-r232m-mens-softshell-bodywarmer-vest-r232m-21593\/vivid-green-black-13477\/","de":"\/de\/p-re-r232m-softshell-bodywarmer-herren-weste-r232m-21593\/vivid-green-black-13477\/","nl":"\/nl\/p-re-r232m-softshell-bodywarmer-voor-heren-gilet-r232m-21593\/vivid-green-black-13477\/","es":"\/es\/p-re-r232m-chaleco-softshell-para-hombre-sin-mangas-r232m-21593\/vivid-green-black-13477\/","it":"\/it\/p-re-r232m-bodywarmer-softshell-uomo-gilet-r232m-21593\/vivid-green-black-13477\/","sv":"\/sv\/p-re-r232m-softshell-bodywarmer-herrvast-r232m-21593\/vivid-green-black-13477\/","pt":"\/pt\/p-re-r232m-colete-softshell-masculino-sem-mangas-r232m-21593\/vivid-green-black-13477\/","da":"\/da\/p-re-r232m-softshell-bodywarmer-til-herre-vest-r232m-21593\/vivid-green-black-13477\/","pl":"\/pl\/p-re-r232m-meski-bodywarmer-softshell-kamizelka-r232m-21593\/vivid-green-black-13477\/"},"page_links_customization":{"fr":"\/fr\/p-re-r232m-bodywarmer-softshell-homme-re-r232m-personnalisable-21593\/vivid-green-black-13477\/custom\/","en":"\/en\/p-re-r232m-mens-softshell-bodywarmer-re-r232m-customizable-21593\/vivid-green-black-13477\/custom\/","de":"\/de\/p-re-r232m-softshell-bodywarmer-fur-herren-re-r232m-personalisierbar-21593\/vivid-green-black-13477\/custom\/","nl":"\/nl\/p-re-r232m-softshell-bodywarmer-voor-heren-re-r232m-personaliseerbaar-21593\/vivid-green-black-13477\/custom\/","es":"\/es\/p-re-r232m-chaleco-softshell-para-hombre-re-r232m-personalizable-21593\/vivid-green-black-13477\/custom\/","it":"\/it\/p-re-r232m-bodywarmer-softshell-uomo-re-r232m-personalizzabile-21593\/vivid-green-black-13477\/custom\/","sv":"\/sv\/p-re-r232m-softshell-bodywarmer-herr-re-r232m-anpassningsbar-21593\/vivid-green-black-13477\/custom\/","pt":"\/pt\/p-re-r232m-bodywarmer-softshell-masculino-re-r232m-personalizavel-21593\/vivid-green-black-13477\/custom\/","da":"\/da\/p-re-r232m-softshell-bodywarmer-til-maend-re-r232m-kan-tilpasses-21593\/vivid-green-black-13477\/custom\/","pl":"\/pl\/p-re-r232m-meski-bezrekawnik-softshell-re-r232m-do-personalizacji-21593\/vivid-green-black-13477\/custom\/"}}],"documentation_link":"\/pdf\/21593.pdf","countries_availables":["AD","AE","AL","AT","BA","BD","BE","BG","BL","CA","CH","CN","CO","CY","CZ","DE","DK","DO","EE","EG","ES","ET","FI","FR","GB","GE","GF","GP","GR","GT","HK","HN","HR","HT","HU","ID","IE","IN","IS","IT","JO","JP","KE","KH","KP","KR","LA","LK","LS","LT","LU","LV","MA","MF","MG","MK","MM","MN","MQ","MT","MX","MY","NC","NI","NL","PF","PH","PK","PL","PM","PT","RE","RO","SE","SG","SI","SK","SV","SY","TH","TN","TR","TW","TZ","US","VN","WF","YT"]},"infos_customization":[],"features":{"authorize_multi_surfaces":true,"display_order_delay_type":true,"promote_surface_display":true,"tarification_franco_offert":true,"enabled_3d_editor":false},"markings":[{"id":0,"nom":"vierge","finition":null,"libelle":null,"code":null,"dpi":null,"finesse_forme_isolee":null,"finesse_forme_non_isolee":null,"hauteur_minimale_texte":null,"inactif":0,"marquage_interne":1,"quantite_min":null,"parent_id":null,"print_on_support":0,"content":"vierge","description":null},{"id":2,"nom":"fonce","finition":"optimale","libelle":"TopQuadri","code":null,"dpi":400,"finesse_forme_isolee":"0.040","finesse_forme_non_isolee":"0.700","hauteur_minimale_texte":2,"inactif":0,"marquage_interne":1,"quantite_min":null,"parent_id":18,"print_on_support":0,"content":"TopQuadri","description":"pour petites et moyennes s\u00e9ries"},{"id":3,"nom":"serigraphie","finition":"serigraphie","libelle":"SeriCoat","code":null,"dpi":400,"finesse_forme_isolee":"0.040","finesse_forme_non_isolee":"0.700","hauteur_minimale_texte":2,"inactif":0,"marquage_interne":1,"quantite_min":15,"parent_id":18,"print_on_support":0,"content":"SeriCoat","description":"pour moyennes et grandes s\u00e9ries"},{"id":4,"nom":"broderie","finition":"broderie","libelle":"Broderie","code":null,"dpi":400,"finesse_forme_isolee":"0.040","finesse_forme_non_isolee":"0.700","hauteur_minimale_texte":3,"inactif":0,"marquage_interne":1,"quantite_min":null,"parent_id":null,"print_on_support":0,"content":"Broderie","description":null},{"id":8,"nom":"theme","finition":null,"libelle":"Th\u00e8me","code":null,"dpi":null,"finesse_forme_isolee":null,"finesse_forme_non_isolee":null,"hauteur_minimale_texte":null,"inactif":0,"marquage_interne":1,"quantite_min":null,"parent_id":null,"print_on_support":0,"content":"Th\u00e8me","description":null},{"id":9,"nom":"sans","finition":null,"libelle":null,"code":null,"dpi":null,"finesse_forme_isolee":null,"finesse_forme_non_isolee":null,"hauteur_minimale_texte":null,"inactif":0,"marquage_interne":1,"quantite_min":null,"parent_id":null,"print_on_support":0,"content":"sans","description":null},{"id":10,"nom":"photo","finition":null,"libelle":"Photo","code":null,"dpi":null,"finesse_forme_isolee":null,"finesse_forme_non_isolee":null,"hauteur_minimale_texte":null,"inactif":0,"marquage_interne":1,"quantite_min":null,"parent_id":null,"print_on_support":0,"content":"Photo","description":null},{"id":14,"nom":"couleur","finition":null,"libelle":"Couleur","code":null,"dpi":null,"finesse_forme_isolee":null,"finesse_forme_non_isolee":null,"hauteur_minimale_texte":null,"inactif":0,"marquage_interne":1,"quantite_min":null,"parent_id":null,"print_on_support":0,"content":"Couleur","description":null},{"id":15,"nom":"sublimation","finition":"sublimation","libelle":"Sublimation","code":null,"dpi":null,"finesse_forme_isolee":"0.000","finesse_forme_non_isolee":"0.000","hauteur_minimale_texte":2,"inactif":0,"marquage_interne":1,"quantite_min":null,"parent_id":null,"print_on_support":0,"content":"Sublimation","description":null},{"id":16,"nom":"topquadri_uv","finition":null,"libelle":"TopQuadri UV","code":null,"dpi":null,"finesse_forme_isolee":"0.020","finesse_forme_non_isolee":"0.700","hauteur_minimale_texte":2,"inactif":0,"marquage_interne":1,"quantite_min":null,"parent_id":null,"print_on_support":1,"content":null,"description":null},{"id":17,"nom":"topquadri_uvp","finition":null,"libelle":"TopQuadri UVP","code":null,"dpi":null,"finesse_forme_isolee":"0.020","finesse_forme_non_isolee":"0.700","hauteur_minimale_texte":2,"inactif":0,"marquage_interne":1,"quantite_min":null,"parent_id":null,"print_on_support":1,"content":null,"description":null},{"id":18,"nom":"quadri","finition":null,"libelle":"Impression","code":null,"dpi":null,"finesse_forme_isolee":null,"finesse_forme_non_isolee":null,"hauteur_minimale_texte":null,"inactif":0,"marquage_interne":1,"quantite_min":null,"parent_id":null,"print_on_support":0,"content":null,"description":null}]}}