{"data":{"product":{"id":21547,"titre":"Men's double layer sport shorts","description":"Short en microfibre homme. Extensible dans les 4 sens. Taille \u00e9lastiqu\u00e9e en tissu avec cordon de serrage int\u00e9rieur. Propri\u00e9t\u00e9s d'\u00e9vacuation de l'humidit\u00e9. Poches lat\u00e9rales zipp\u00e9es. Fentes lat\u00e9rales. Sous-short int\u00e9gr\u00e9. Poche t\u00e9l\u00e9phone. \u00c9tiquette d\u00e9tachable. Composition : ext\u00e9rieur : 90 % polyester, 10 % \u00e9lasthanne. Int\u00e9rieur : 86 % polyester, 14 % \u00e9lasthanne.","genre":"homme","grammage":180,"conditionnement":36,"composition":"polyester,elasthanne","reference":"to-tl615","reference_visible":"to-tl615","reference_fabricant":"TL615","ref_xor":"721518","in_catalog":true,"is_transfer":false,"is_service":false,"on_standby":false,"has_3d":false,"has_size_guide":true,"has_marking":true,"has_vierge":true,"is_cross_sellable":false,"id_picto":91,"filename_3d":null,"brand":{"id":23,"name":"Tombo","logo":"logo-tombo.png","image":"https:\/\/media.th4.com\/69WCm7YLO4ZbM1alQuQ-NWZoilXuo87IwKiw0TPi5MA\/pr:brand70x70\/aHR0cDovL21lZGlhMi5kZXNpZ25wYXJ0bmVyLmZyL2MvbS9sb2dvLXRvbWJvLnBuZw?v=1765453314"},"price_infos":{"price_from":14.1,"quantity":100,"color":{"id":623,"name":"black"},"size":{"id":4,"name":"XL"}},"price_infos_marking":{"price_from":17.56,"quantity":100,"color":{"id":623,"name":"black"},"size":{"id":4,"name":"XL"},"marking":{"id":2,"name":""},"emplacement":"avant","surface_emplacement_id":6438,"surface":"Bas gauche"},"i18n":{"blank":{"title":{"fr":"Men's double layer shorts TOMBO tl615","en":"Men's double layer shorts TOMBO tl615","de":"Men's double layer shorts TOMBO tl615","nl":"Men's double layer shorts TOMBO tl615","es":"Men's double layer shorts TOMBO tl615","it":"Men's double layer shorts TOMBO tl615","sv":"Men's double layer shorts TOMBO tl615","pt":"Men's double layer shorts TOMBO tl615","da":"Men's double layer shorts TOMBO tl615","pl":"Men's double layer shorts TOMBO tl615"},"description":{"fr":"Le short microfibre homme combine un tissu extensible dans les 4 sens avec une taille \u00e9lastiqu\u00e9e et un cordon de serrage int\u00e9rieur pour un ajustement modulable. Il int\u00e8gre un sous-short et propose plusieurs poches dont une pour t\u00e9l\u00e9phone ainsi que des fentes lat\u00e9rales. La mati\u00e8re favorise l'\u00e9vacuation de l'humidit\u00e9.\n\n- ext\u00e9rieur 90 % polyester 10 % \u00e9lasthanne\n- int\u00e9rieur 86 % polyester 14 % \u00e9lasthanne\n- poches lat\u00e9rales zipp\u00e9es\n- fentes lat\u00e9rales","en":"Men's microfiber shorts combine four-way stretch fabric with an elastic waistband and internal drawstring for adjustable fit. Includes under-shorts and multiple pockets including a phone pocket as well as side slits. Material promotes moisture-wicking.\n\n- outer 90% polyester 10% elastane\n- inner 86% polyester 14% elastane\n- zippered side pockets\n- side slits","de":"Die Mikrofaser Herrenshorts kombiniert ein 4-Wege-Stretchgewebe mit elastischem Bund und innenliegendem Kordelzug f\u00fcr eine anpassbare Passform. Sie enth\u00e4lt einen Untershort und mehrere Taschen, darunter eine f\u00fcr das Telefon, sowie seitliche Schlitze. Das Material unterst\u00fctzt die Feuchtigkeitsableitung.\n\n- Au\u00dfenmaterial 90 % Polyester 10 % Elasthan\n- Innenmaterial 86 % Polyester 14 % Elasthan\n- seitliche Rei\u00dfverschlusstaschen\n- seitliche Schlitze","nl":"De heren microfiber short combineert een 4-wegs stretchstof met een elastische tailleband en een interne trekkoord voor verstelbare pasvorm. Het bevat een innerlijke short en heeft meerdere zakken, waaronder een voor een telefoon, evenals zijslitsen. De stof bevordert vochtafvoer.\n\n- buitenzijde 90 % polyester 10 % elastaan\n- binnenzijde 86 % polyester 14 % elastaan\n- zijritsvakken\n- zijslitsen","es":"Los pantalones cortos de microfibra para hombre combinan un tejido el\u00e1stico en 4 direcciones con una cintura el\u00e1stica y un cord\u00f3n interior para un ajuste modulable. Incorporan un short interior y ofrecen varios bolsillos, incluido uno para tel\u00e9fono, as\u00ed como aberturas laterales. El material favorece la evacuaci\u00f3n de la humedad.\n\n- exterior 90 % poli\u00e9ster 10 % elastano\n- interior 86 % poli\u00e9ster 14 % elastano\n- bolsillos laterales con cremallera\n- aberturas laterales","it":"Il pantaloncino uomo in microfibra combina un tessuto elastico in 4 direzioni con una vita elasticizzata e un cordino interno per una vestibilit\u00e0 regolabile. Include un sotto-pantaloncino e offre diverse tasche, tra cui una per il telefono, oltre a spacchi laterali. Il materiale favorisce l'evacuazione dell'umidit\u00e0.\n\n- esterno 90 % poliestere 10 % elastan\n- interno 86 % poliestere 14 % elastan\n- tasche laterali con zip\n- spacchi laterali","sv":"Herrmikrofibershorts kombinerar fyrv\u00e4gsstretchtyg med elastisk midja och justerbar dragsko inuti f\u00f6r anpassad passform. Inkluderar innershorts och flera fickor, inklusive en f\u00f6r mobiltelefon, samt sidospj\u00e4ll. Materialet fr\u00e4mjar fukttransport.\n\n- utsida 90 % polyester 10 % elastan\n- insida 86 % polyester 14 % elastan\n- blixtl\u00e5sf\u00f6rsedda sidofickor\n- sidospj\u00e4ll","pt":"O cal\u00e7\u00e3o microfibra masculino combina um tecido el\u00e1stico em 4 dire\u00e7\u00f5es com cintura el\u00e1stica e cord\u00e3o interno para ajuste modul\u00e1vel. Integra um short interno e possui v\u00e1rios bolsos, incluindo um para telefone, assim como aberturas laterais. O material favorece a evacua\u00e7\u00e3o de umidade.\n\n- exterior 90% poli\u00e9ster 10% elastano\n- interior 86% poli\u00e9ster 14% elastano\n- bolsos laterais com z\u00edper\n- aberturas laterais","da":"Herre mikrofiber shorts kombinerer et firevejs stretch materiale med elastisk talje og indvendig sn\u00f8relukning for justerbar pasform. Indeholder indershorts og flere lommer, inklusive en til telefon samt sideslidser. Materialet fremmer fugttransport.\n\n- yderside 90 % polyester 10 % elastan\n- inderside 86 % polyester 14 % elastan\n- sidelommer med lynl\u00e5s\n- sideslidser","pl":"M\u0119skie szorty z mikrofibry \u0142\u0105cz\u0105 rozci\u0105gliw\u0105 w cztery strony tkanin\u0119 z elastycznym pasem i wewn\u0119trznym sznurkiem do regulacji dopasowania. Zawieraj\u0105 getry i kilka kieszeni, w tym kiesze\u0144 na telefon oraz boczne rozci\u0119cia. Materia\u0142 sprzyja odprowadzaniu wilgoci.\n\n- zewn\u0119trzny 90 % poliester 10 % elastan\n- wewn\u0119trzny 86 % poliester 14 % elastan\n- boczne kieszenie na zamek\n- boczne rozci\u0119cia"},"h1":{"fr":"Men's double layer shorts tl615","en":"Men's double layer shorts tl615","de":"Men's double layer shorts tl615","nl":"Men's double layer shorts tl615","es":"Men's double layer shorts tl615","it":"Men's double layer shorts tl615","sv":"Men's double layer shorts tl615","pt":"Men's double layer shorts tl615","da":"Men's double layer shorts tl615","pl":"Men's double layer shorts tl615"},"meta_description":{"fr":"Short microfibre homme avec sous-short int\u00e9gr\u00e9, taille \u00e9lastiqu\u00e9e, poches lat\u00e9rales zipp\u00e9es et propri\u00e9t\u00e9s d'\u00e9vacuation de l'humidit\u00e9.","en":"Men's microfiber shorts with integrated under-shorts, elastic waistband, zippered side pockets, and moisture-wicking properties.","de":"Mikrofaser Herrenshorts mit integriertem Untershort, elastischem Bund, seitlichen Rei\u00dfverschlusstaschen und feuchtigkeitsableitenden Eigenschaften.","nl":"Heren microfiber short met ge\u00efntegreerde innerlijke short, elastische tailleband, zijritsvakken en vochtwerende eigenschappen.","es":"Pantalones cortos de microfibra para hombre con short interior integrado, cintura el\u00e1stica, bolsillos laterales con cremallera y propiedades de evacuaci\u00f3n de la humedad.","it":"Pantaloncini uomo in microfibra con sotto-pantaloncino integrato, vita elasticizzata, tasche laterali con zip e propriet\u00e0 di evacuazione dell'umidit\u00e0.","sv":"Herrmikrofibershorts med integrerad innershorts, elastisk midja, blixtl\u00e5sf\u00f6rsedda sidofickor och fuktavvisande egenskaper.","pt":"Cal\u00e7\u00e3o microfibra masculino com short interno integrado, cintura el\u00e1stica, bolsos laterais com z\u00edper e propriedades de evacua\u00e7\u00e3o de umidade.","da":"Herre mikrofiber shorts med integreret indershorts, elastisk talje, sidelommer med lynl\u00e5s og fugttransporterende egenskaber.","pl":"M\u0119skie szorty z mikrofibry z wbudowanymi getrami, elastycznym pasem, bocznymi kieszeniami na zamek i w\u0142a\u015bciwo\u015bciami odprowadzania wilgoci."}},"custom":{"title":{"fr":"Men's double layer shorts TOMBO tl615 personnalisable","en":"Men's double layer shorts TOMBO tl615 customizable","de":"Men's double layer shorts TOMBO tl615 customizable","nl":"Men's double layer shorts TOMBO tl615 aanpasbaar","es":"Men's double layer shorts TOMBO tl615 customizable","it":"Men's double layer shorts TOMBO tl615 customizable","sv":"Men's double layer shorts TOMBO tl615 customisable","pt":"Men's double layer shorts TOMBO tl615 personaliz\u00e1vel","da":"Men's double layer shorts TOMBO tl615 customisable","pl":"Men's double layer shorts TOMBO tl615 customizable"},"description":{"fr":"Le short microfibre homme se compose d'un ext\u00e9rieur en 90 % polyester et 10 % \u00e9lasthanne, et d'un int\u00e9rieur en 86 % polyester et 14 % \u00e9lasthanne. Il est extensible dans les 4 sens et dispose d'une taille \u00e9lastiqu\u00e9e avec cordon de serrage int\u00e9rieur. Ce mod\u00e8le int\u00e8gre un sous-short et offre des poches lat\u00e9rales zipp\u00e9es ainsi qu'une poche t\u00e9l\u00e9phone. Les fentes lat\u00e9rales facilitent la mobilit\u00e9.\n\n- Composition : ext\u00e9rieur 90 % polyester, 10 % \u00e9lasthanne\n- Int\u00e9rieur 86 % polyester, 14 % \u00e9lasthanne\n- Taille \u00e9lastiqu\u00e9e avec cordon\n- Poches zipp\u00e9es et personnalisation possible","en":"The men's microfiber shorts consist of an outer fabric made of 90% polyester and 10% elastane, and an inner fabric of 86% polyester and 14% elastane. They are four-way stretch and feature an elastic waistband with an internal drawstring. This model includes undershorts and offers zippered side pockets as well as a phone pocket. Side slits facilitate mobility.\n\n- Composition: outer 90% polyester, 10% elastane\n- Inner 86% polyester, 14% elastane\n- Elastic waistband with drawstring\n- Zippered pockets and customization possible","de":"Die Herren Mikrofaser-Shorts bestehen au\u00dfen aus 90 % Polyester und 10 % Elasthan, innen aus 86 % Polyester und 14 % Elasthan. Sie ist in alle 4 Richtungen dehnbar und verf\u00fcgt \u00fcber einen elastischen Bund mit innenliegendem Kordelzug. Dieses Modell hat eine integrierte Unterhose und bietet seitliche Rei\u00dfverschlusstaschen sowie eine Handytasche. Seitenschlitze erleichtern die Beweglichkeit.\n\n- Zusammensetzung: au\u00dfen 90 % Polyester, 10 % Elasthan\n- Innen 86 % Polyester, 14 % Elasthan\n- Elastischer Bund mit Kordelzug\n- Rei\u00dfverschlusstaschen und Anpassungsm\u00f6glichkeit","nl":"De heren microvezel kort bestaat uit een buitenzijde van 90% polyester en 10% elastaan, en een binnenzijde van 86% polyester en 14% elastaan. Het is rekbaar in 4 richtingen en heeft een elastische taille met een binnenkoord.\n\nDit model bevat een onderbroek en heeft ritssluitingszakken aan de zijkant evenals een telefoonzak.\n\nDe zijopeningen bevorderen de bewegingsvrijheid.\n\n- Samenstelling: buitenzijde 90% polyester, 10% elastaan\n- Binnenzijde 86% polyester, 14% elastaan\n- Elastische taille met koord\n- Ritssluitingszakken en aanpasbaarheid mogelijk","es":"El short de microfibra para hombre est\u00e1 compuesto por un exterior de 90 % poli\u00e9ster y 10 % elastano, y un interior de 86 % poli\u00e9ster y 14 % elastano. Es el\u00e1stico en las cuatro direcciones y cuenta con una cintura el\u00e1stica con cord\u00f3n interior. Este modelo integra un pantal\u00f3n corto interior y ofrece bolsillos laterales con cremallera adem\u00e1s de un bolsillo para tel\u00e9fono. Las aperturas laterales facilitan la movilidad.\n\n- Composici\u00f3n: exterior 90 % poli\u00e9ster, 10 % elastano\n- Interior 86 % poli\u00e9ster, 14 % elastano\n- Cintura el\u00e1stica con cord\u00f3n\n- Bolsillos con cremallera y personalizaci\u00f3n posible","it":"The microfiber men's shorts consist of an outer layer of 90% polyester and 10% elastane, and an inner layer of 86% polyester and 14% elastane. They are four-way stretch and have an elastic waistband with internal drawstring. This model includes inner shorts and features zipped side pockets as well as a phone pocket. Side slits facilitate mobility.\n\n- Composition: outer 90% polyester, 10% elastane\n- Inner 86% polyester, 14% elastane\n- Elastic waistband with drawstring\n- Zipped pockets and customizable","sv":"Men's microfiber shorts consist of an outer layer of 90% polyester and 10% elastane, and an inner layer of 86% polyester and 14% elastane. It is four-way stretchable and features an elastic waistband with an internal drawstring. This model includes under-shorts and has zipped side pockets as well as a phone pocket. Side slits improve mobility.\n\n- Composition: outer 90% polyester, 10% elastane\n- Inner 86% polyester, 14% elastane\n- Elastic waistband with drawstring\n- Zipped pockets and customisation possible","pt":"Os cal\u00e7\u00f5es masculinos em microfibra s\u00e3o compostos por um exterior em 90 % poli\u00e9ster e 10 % elastano e um interior em 86 % poli\u00e9ster e 14 % elastano. S\u00e3o el\u00e1sticos em 4 dire\u00e7\u00f5es e possuem cintura el\u00e1stica com cord\u00e3o interno. Este modelo inclui um short interno e oferece bolsos laterais com z\u00edper, bem como um bolso para telem\u00f3vel. As fendas laterais facilitam a mobilidade.\n\n- Composi\u00e7\u00e3o: exterior 90 % poli\u00e9ster, 10 % elastano\n- Interior 86 % poli\u00e9ster, 14 % elastano\n- Cintura el\u00e1stica com cord\u00e3o\n- Bolsos com z\u00edper e personaliza\u00e7\u00e3o poss\u00edvel","da":"Men's microfiber shorts consist of an outer layer of 90% polyester and 10% elastane, and an inner layer of 86% polyester and 14% elastane. They are four-way stretch with an elastic waistband and internal drawcord. This model includes built-in inner shorts and features zippered side pockets and a phone pocket. Side slits facilitate mobility.\n\n- Composition: outer 90% polyester, 10% elastane\n- Inner 86% polyester, 14% elastane\n- Elastic waistband with drawcord\n- Zippered pockets and customisation possible","pl":"Men's microfiber shorts consist of an outer layer of 90% polyester and 10% elastane, and an inner layer of 86% polyester and 14% elastane. They are four-way stretch and have an elastic waistband with internal drawstring. This model includes inner shorts and features zippered side pockets as well as a phone pocket. Side slits enhance mobility.\n\n- Composition: outer 90% polyester, 10% elastane\n- Inner 86% polyester, 14% elastane\n- Elastic waistband with drawstring\n- Zippered pockets and customization possible"},"h1":{"fr":"Men's double layer shorts tl615 personnalisable","en":"Men's double layer shorts tl615 customizable","de":"Men's double layer shorts tl615 customizable","nl":"Men's double layer shorts tl615 aanpasbaar","es":"Men's double layer shorts tl615 customizable","it":"Men's double layer shorts tl615 customizable","sv":"Men's double layer shorts tl615 customisable","pt":"Men's double layer shorts tl615 personaliz\u00e1vel","da":"Men's double layer shorts tl615 customisable","pl":"Men's double layer shorts tl615 customizable"},"meta_description":{"fr":"Short microfibre homme avec sous-short int\u00e9gr\u00e9, taille \u00e9lastiqu\u00e9e, poches zipp\u00e9es et propri\u00e9t\u00e9s d'\u00e9vacuation de l'humidit\u00e9. Personnalisable.","en":"Men's microfiber shorts with integrated undershorts, elastic waistband, zippered pockets, and moisture-wicking properties. Customizable.","de":"Herren Mikrofaser-Shorts mit integrierter Unterhose, elastischem Bund, Rei\u00dfverschlusstaschen und feuchtigkeitsableitenden Eigenschaften. Anpassbar.","nl":"Heren microvezel kort met ge\u00efntegreerde onderbroek, elastische taille, ritssluitingszakken en vochtafvoerende eigenschappen. Aanpasbaar.","es":"Short de microfibra para hombre con pantal\u00f3n corto interior integrado, cintura el\u00e1stica, bolsillos con cremallera y propiedades de evacuaci\u00f3n de la humedad. Personalizable.","it":"Microfiber men's shorts with integrated inner shorts, elastic waistband, zipped pockets and moisture-wicking properties. Customizable.","sv":"Men's microfiber shorts with integrated under-shorts, elastic waistband, zipped pockets and moisture-wicking properties. Customisable.","pt":"Cal\u00e7\u00f5es masculinos em microfibra com short interno integrado, cintura el\u00e1stica, bolsos com z\u00edper e propriedades de evacua\u00e7\u00e3o de humidade. Personaliz\u00e1vel.","da":"Men\\'s microfiber shorts with built-in inner shorts, elastic waistband, zippered pockets and moisture-wicking properties. Customisable.","pl":"Men's microfiber shorts with integrated inner shorts, elastic waistband, zippered pockets and moisture-wicking properties. Customizable."}}},"categories":[{"id":76,"name":"Shorts","singular":"Short","is_feminin":false},{"id":560,"name":"Sports et Loisirs","singular":"Sport et Loisir","is_feminin":false},{"id":498,"name":"Pantalons et shorts","singular":"Pantalon, short","is_feminin":false},{"id":559,"name":"Univers","singular":"Univers","is_feminin":false},{"id":354,"name":"Textile","singular":"Textile","is_feminin":false}],"certifications":[],"videos":{"fr":[],"en":[],"de":[],"nl":[],"es":[],"it":[],"sv":[],"pt":[],"da":[],"pl":[]},"main_images":{"miniature":"https:\/\/media.th4.com\/XxzuiSovA2NST77UUynqTu7FzKpUl7WtyL655NYNYnM\/pr:80\/aHR0cDovL21lZGlhMi5kZXNpZ25wYXJ0bmVyLmZyL2MvcC1ibGFuay1USC8yMTU0Ny53ZWJw?v=1765440067","medium":"https:\/\/media.th4.com\/UNQ4hBYVbD73Vam2pDU8BUPAT61rwUuo9L78sGvHoTI\/pr:550x550greybg\/aHR0cDovL21lZGlhMi5kZXNpZ25wYXJ0bmVyLmZyL2MvcC1ibGFuay1USC8yMTU0Ny53ZWJw?v=1765440067","medium_large":"https:\/\/media.th4.com\/Z0xHU_n32VTedarjId8NZw-7p8s50HpuIqIwJcSTwdw\/pr:1000x1000greybg\/aHR0cDovL21lZGlhMi5kZXNpZ25wYXJ0bmVyLmZyL2MvcC1ibGFuay1USC8yMTU0Ny53ZWJw?v=1765440067","large":"https:\/\/media.th4.com\/mUwcwD5-2AHJp7E43lCGwBcAC9a9JnGfeazDipsu2nA\/pr:1920greybg\/aHR0cDovL21lZGlhMi5kZXNpZ25wYXJ0bmVyLmZyL2MvcC1ibGFuay1USC8yMTU0Ny53ZWJw?v=1765440067","opengraph":"https:\/\/media.th4.com\/MKvpLzQWQNW1IqPr5W73ZHghgDmXf6Ta8d0Kpie6yuE\/pr:1200x630greybg\/aHR0cDovL21lZGlhMi5kZXNpZ25wYXJ0bmVyLmZyL2MvcC1ibGFuay1USC8yMTU0Ny53ZWJw?v=1765440067"},"main_images_customization":{"miniature":"https:\/\/media.th4.com\/S-bhQyGTVIAUvVWaOKMxol0xmODn6HegB_ds1BwWaHU\/pr:80\/aHR0cDovL21lZGlhMi5kZXNpZ25wYXJ0bmVyLmZyL2MvcC1jdXN0b20tVEgvMjE1NDcud2VicA?v=1765440095","medium":"https:\/\/media.th4.com\/9AvVBkmuM8K1m_alqaQeZeINfUMkwCTc1DAQ52txHd0\/pr:550x550greybg\/aHR0cDovL21lZGlhMi5kZXNpZ25wYXJ0bmVyLmZyL2MvcC1jdXN0b20tVEgvMjE1NDcud2VicA?v=1765440095","medium_large":"https:\/\/media.th4.com\/d8v8H-YJ_I9rikJdDlhdahmKCHbOHRyG_O0ksGlm4AE\/pr:1000x1000greybg\/aHR0cDovL21lZGlhMi5kZXNpZ25wYXJ0bmVyLmZyL2MvcC1jdXN0b20tVEgvMjE1NDcud2VicA?v=1765440095","large":"https:\/\/media.th4.com\/sgblPXRAX4gNPIYYXumGLszOKkxeR9ZKMMml8Mi-aaI\/pr:1920greybg\/aHR0cDovL21lZGlhMi5kZXNpZ25wYXJ0bmVyLmZyL2MvcC1jdXN0b20tVEgvMjE1NDcud2VicA?v=1765440095","opengraph":"https:\/\/media.th4.com\/XYJJoApwpTLNhQfuiTCNCUQ7lLBkLP5Snx8fuYYDw4I\/pr:1200x630greybg\/aHR0cDovL21lZGlhMi5kZXNpZ25wYXJ0bmVyLmZyL2MvcC1jdXN0b20tVEgvMjE1NDcud2VicA?v=1765440095"},"page_links":{"fr":"\/fr\/p-to-tl615-mens-double-layer-shorts-tl615-21547\/","en":"\/en\/p-to-tl615-mens-double-layer-shorts-tl615-21547\/","de":"\/de\/p-to-tl615-mens-double-layer-shorts-tl615-21547\/","nl":"\/nl\/p-to-tl615-mens-double-layer-shorts-tl615-21547\/","es":"\/es\/p-to-tl615-mens-double-layer-shorts-tl615-21547\/","it":"\/it\/p-to-tl615-mens-double-layer-shorts-tl615-21547\/","sv":"\/sv\/p-to-tl615-mens-double-layer-shorts-tl615-21547\/","pt":"\/pt\/p-to-tl615-mens-double-layer-shorts-tl615-21547\/","da":"\/da\/p-to-tl615-mens-double-layer-shorts-tl615-21547\/","pl":"\/pl\/p-to-tl615-mens-double-layer-shorts-tl615-21547\/"},"page_links_customization":{"fr":"\/fr\/p-to-tl615-mens-double-layer-shorts-tl615-personnalisable-21547\/custom\/","en":"\/en\/p-to-tl615-mens-double-layer-shorts-tl615-customizable-21547\/custom\/","de":"\/de\/p-to-tl615-mens-double-layer-shorts-tl615-customizable-21547\/custom\/","nl":"\/nl\/p-to-tl615-mens-double-layer-shorts-tl615-aanpasbaar-21547\/custom\/","es":"\/es\/p-to-tl615-mens-double-layer-shorts-tl615-customizable-21547\/custom\/","it":"\/it\/p-to-tl615-mens-double-layer-shorts-tl615-customizable-21547\/custom\/","sv":"\/sv\/p-to-tl615-mens-double-layer-shorts-tl615-customisable-21547\/custom\/","pt":"\/pt\/p-to-tl615-mens-double-layer-shorts-tl615-personalizavel-21547\/custom\/","da":"\/da\/p-to-tl615-mens-double-layer-shorts-tl615-customisable-21547\/custom\/","pl":"\/pl\/p-to-tl615-mens-double-layer-shorts-tl615-customizable-21547\/custom\/"},"equivalent_products":[],"colors":[{"id":623,"name":"black","class_ids":[4],"codes_hexa":["1a1a18"],"delai_24":false,"has_3d":false,"seuil_global":0,"stock_local":0,"stock_global":518,"on_standby":false,"in_catalog":true,"images":{"miniature":["https:\/\/media.th4.com\/ERqmTiHCbZEJgFchkiHI1976OG4jj18QNZQ5bNGXmz4\/pr:80\/aHR0cDovL21lZGlhMi5kZXNpZ25wYXJ0bmVyLmZyL2MvcC8yMTU0Ny8yMTU0Ny02MjMtMS53ZWJw?v=1765440010","https:\/\/media.th4.com\/PifG6wldOIkhaJHYXpCkjjbCAh6bkCGFqWDUGzdhvA4\/pr:80\/aHR0cDovL21lZGlhMi5kZXNpZ25wYXJ0bmVyLmZyL2MvcC8yMTU0Ny8yMTU0Ny02MjMtNC53ZWJw?v=1765440010"],"medium":["https:\/\/media.th4.com\/tFOfuvkPd4oq_QK7uEeAKNQt1V7n9Kz86c2lqnoI0Xs\/pr:550x550\/aHR0cDovL21lZGlhMi5kZXNpZ25wYXJ0bmVyLmZyL2MvcC8yMTU0Ny8yMTU0Ny02MjMtMS53ZWJw?v=1765440010","https:\/\/media.th4.com\/gDXtMzoy7pfmR_Wy_Q6vqolxGWqtlY6dNfpanwCPgG0\/pr:550x550\/aHR0cDovL21lZGlhMi5kZXNpZ25wYXJ0bmVyLmZyL2MvcC8yMTU0Ny8yMTU0Ny02MjMtNC53ZWJw?v=1765440010"],"medium_large":["https:\/\/media.th4.com\/6uVDoMHoP8EaKxLqRuVCJobYEiYFjIX_SOsMoWxnpJ4\/pr:1000x1000\/aHR0cDovL21lZGlhMi5kZXNpZ25wYXJ0bmVyLmZyL2MvcC8yMTU0Ny8yMTU0Ny02MjMtMS53ZWJw?v=1765440010","https:\/\/media.th4.com\/FyRs7WPZPCdC9hIf6InsPHfrBP1C-2ql4f11ouMm-dU\/pr:1000x1000\/aHR0cDovL21lZGlhMi5kZXNpZ25wYXJ0bmVyLmZyL2MvcC8yMTU0Ny8yMTU0Ny02MjMtNC53ZWJw?v=1765440010"],"large":["https:\/\/media.th4.com\/BH4u4BtjHe7W-NzUhUakn1onxGFvvv_qAJ5MnTNKUrs\/pr:1920\/aHR0cDovL21lZGlhMi5kZXNpZ25wYXJ0bmVyLmZyL2MvcC8yMTU0Ny8yMTU0Ny02MjMtMS53ZWJw?v=1765440010","https:\/\/media.th4.com\/V8nPBWc_7T5RL-F2Z4JpbrM1pmOhDS4R7kyDdi9T0WQ\/pr:1920\/aHR0cDovL21lZGlhMi5kZXNpZ25wYXJ0bmVyLmZyL2MvcC8yMTU0Ny8yMTU0Ny02MjMtNC53ZWJw?v=1765440010"],"opengraph":["https:\/\/media.th4.com\/b0teEwx8VoIOv2Qbsu1RxmgarHXTLqyH7EKsTgSN9Hs\/pr:1200x630\/aHR0cDovL21lZGlhMi5kZXNpZ25wYXJ0bmVyLmZyL2MvcC8yMTU0Ny8yMTU0Ny02MjMtMS53ZWJw?v=1765440010","https:\/\/media.th4.com\/QTslNuKbRTt9hghbbxOhAzEFwUeZl5G5ttGQ0iN7IA8\/pr:1200x630\/aHR0cDovL21lZGlhMi5kZXNpZ25wYXJ0bmVyLmZyL2MvcC8yMTU0Ny8yMTU0Ny02MjMtNC53ZWJw?v=1765440010"]},"images_customization":{"miniature":["https:\/\/media.th4.com\/ERqmTiHCbZEJgFchkiHI1976OG4jj18QNZQ5bNGXmz4\/pr:80\/aHR0cDovL21lZGlhMi5kZXNpZ25wYXJ0bmVyLmZyL2MvcC8yMTU0Ny8yMTU0Ny02MjMtMS53ZWJw?v=1765440010","https:\/\/media.th4.com\/PifG6wldOIkhaJHYXpCkjjbCAh6bkCGFqWDUGzdhvA4\/pr:80\/aHR0cDovL21lZGlhMi5kZXNpZ25wYXJ0bmVyLmZyL2MvcC8yMTU0Ny8yMTU0Ny02MjMtNC53ZWJw?v=1765440010"],"medium":["https:\/\/media.th4.com\/tFOfuvkPd4oq_QK7uEeAKNQt1V7n9Kz86c2lqnoI0Xs\/pr:550x550\/aHR0cDovL21lZGlhMi5kZXNpZ25wYXJ0bmVyLmZyL2MvcC8yMTU0Ny8yMTU0Ny02MjMtMS53ZWJw?v=1765440010","https:\/\/media.th4.com\/gDXtMzoy7pfmR_Wy_Q6vqolxGWqtlY6dNfpanwCPgG0\/pr:550x550\/aHR0cDovL21lZGlhMi5kZXNpZ25wYXJ0bmVyLmZyL2MvcC8yMTU0Ny8yMTU0Ny02MjMtNC53ZWJw?v=1765440010"],"medium_large":["https:\/\/media.th4.com\/6uVDoMHoP8EaKxLqRuVCJobYEiYFjIX_SOsMoWxnpJ4\/pr:1000x1000\/aHR0cDovL21lZGlhMi5kZXNpZ25wYXJ0bmVyLmZyL2MvcC8yMTU0Ny8yMTU0Ny02MjMtMS53ZWJw?v=1765440010","https:\/\/media.th4.com\/FyRs7WPZPCdC9hIf6InsPHfrBP1C-2ql4f11ouMm-dU\/pr:1000x1000\/aHR0cDovL21lZGlhMi5kZXNpZ25wYXJ0bmVyLmZyL2MvcC8yMTU0Ny8yMTU0Ny02MjMtNC53ZWJw?v=1765440010"],"large":["https:\/\/media.th4.com\/BH4u4BtjHe7W-NzUhUakn1onxGFvvv_qAJ5MnTNKUrs\/pr:1920\/aHR0cDovL21lZGlhMi5kZXNpZ25wYXJ0bmVyLmZyL2MvcC8yMTU0Ny8yMTU0Ny02MjMtMS53ZWJw?v=1765440010","https:\/\/media.th4.com\/V8nPBWc_7T5RL-F2Z4JpbrM1pmOhDS4R7kyDdi9T0WQ\/pr:1920\/aHR0cDovL21lZGlhMi5kZXNpZ25wYXJ0bmVyLmZyL2MvcC8yMTU0Ny8yMTU0Ny02MjMtNC53ZWJw?v=1765440010"],"opengraph":["https:\/\/media.th4.com\/b0teEwx8VoIOv2Qbsu1RxmgarHXTLqyH7EKsTgSN9Hs\/pr:1200x630\/aHR0cDovL21lZGlhMi5kZXNpZ25wYXJ0bmVyLmZyL2MvcC8yMTU0Ny8yMTU0Ny02MjMtMS53ZWJw?v=1765440010","https:\/\/media.th4.com\/QTslNuKbRTt9hghbbxOhAzEFwUeZl5G5ttGQ0iN7IA8\/pr:1200x630\/aHR0cDovL21lZGlhMi5kZXNpZ25wYXJ0bmVyLmZyL2MvcC8yMTU0Ny8yMTU0Ny02MjMtNC53ZWJw?v=1765440010"]},"country_origin":"BD","traceability":{"manufacturing_country_id":59,"weaving_country_id":61,"dyeing_country_id":61},"sizes":[{"id":3,"article_id":530961,"class_id":3,"name":"S","on_standby":false,"stock_local":0,"stock_global":41,"multiple":1,"estimated_date_reassort":null,"is_destocking":false},{"id":2,"article_id":530960,"class_id":4,"name":"M","on_standby":false,"stock_local":0,"stock_global":89,"multiple":1,"estimated_date_reassort":null,"is_destocking":false},{"id":1,"article_id":530959,"class_id":5,"name":"L","on_standby":false,"stock_local":0,"stock_global":109,"multiple":1,"estimated_date_reassort":null,"is_destocking":false},{"id":4,"article_id":530962,"class_id":6,"name":"XL","on_standby":false,"stock_local":0,"stock_global":118,"multiple":1,"estimated_date_reassort":null,"is_destocking":false},{"id":1116,"article_id":530963,"class_id":7,"name":"2XL","on_standby":false,"stock_local":0,"stock_global":56,"multiple":1,"estimated_date_reassort":null,"is_destocking":false},{"id":1081,"article_id":530958,"class_id":8,"name":"3XL","on_standby":false,"stock_local":0,"stock_global":105,"multiple":1,"estimated_date_reassort":null,"is_destocking":false}],"page_links":{"fr":"\/fr\/p-to-tl615-mens-double-layer-shorts-tl615-21547\/black-623\/","en":"\/en\/p-to-tl615-mens-double-layer-shorts-tl615-21547\/black-623\/","de":"\/de\/p-to-tl615-mens-double-layer-shorts-tl615-21547\/black-623\/","nl":"\/nl\/p-to-tl615-mens-double-layer-shorts-tl615-21547\/black-623\/","es":"\/es\/p-to-tl615-mens-double-layer-shorts-tl615-21547\/black-623\/","it":"\/it\/p-to-tl615-mens-double-layer-shorts-tl615-21547\/black-623\/","sv":"\/sv\/p-to-tl615-mens-double-layer-shorts-tl615-21547\/black-623\/","pt":"\/pt\/p-to-tl615-mens-double-layer-shorts-tl615-21547\/black-623\/","da":"\/da\/p-to-tl615-mens-double-layer-shorts-tl615-21547\/black-623\/","pl":"\/pl\/p-to-tl615-mens-double-layer-shorts-tl615-21547\/black-623\/"},"page_links_customization":{"fr":"\/fr\/p-to-tl615-mens-double-layer-shorts-tl615-personnalisable-21547\/black-623\/custom\/","en":"\/en\/p-to-tl615-mens-double-layer-shorts-tl615-customizable-21547\/black-623\/custom\/","de":"\/de\/p-to-tl615-mens-double-layer-shorts-tl615-customizable-21547\/black-623\/custom\/","nl":"\/nl\/p-to-tl615-mens-double-layer-shorts-tl615-aanpasbaar-21547\/black-623\/custom\/","es":"\/es\/p-to-tl615-mens-double-layer-shorts-tl615-customizable-21547\/black-623\/custom\/","it":"\/it\/p-to-tl615-mens-double-layer-shorts-tl615-customizable-21547\/black-623\/custom\/","sv":"\/sv\/p-to-tl615-mens-double-layer-shorts-tl615-customisable-21547\/black-623\/custom\/","pt":"\/pt\/p-to-tl615-mens-double-layer-shorts-tl615-personalizavel-21547\/black-623\/custom\/","da":"\/da\/p-to-tl615-mens-double-layer-shorts-tl615-customisable-21547\/black-623\/custom\/","pl":"\/pl\/p-to-tl615-mens-double-layer-shorts-tl615-customizable-21547\/black-623\/custom\/"}}],"documentation_link":"\/pdf\/21547.pdf","countries_availables":["AD","AE","AL","AT","BA","BD","BE","BG","BL","CA","CH","CN","CO","CY","CZ","DE","DK","DO","EE","EG","ES","ET","FI","FR","GB","GE","GF","GP","GR","GT","HK","HN","HR","HT","HU","ID","IE","IN","IS","IT","JO","JP","KE","KH","KP","KR","LA","LK","LS","LT","LU","LV","MA","MF","MG","MK","MM","MN","MQ","MT","MX","MY","NC","NI","NL","PF","PH","PK","PL","PM","PT","RE","RO","SE","SG","SI","SK","SV","SY","TH","TN","TR","TW","TZ","US","VN","WF","YT"]},"infos_customization":[],"features":{"authorize_multi_surfaces":true,"display_order_delay_type":true,"promote_surface_display":true,"tarification_franco_offert":true,"enabled_3d_editor":false},"markings":[{"id":0,"nom":"vierge","finition":null,"libelle":null,"code":null,"dpi":null,"finesse_forme_isolee":null,"finesse_forme_non_isolee":null,"hauteur_minimale_texte":null,"inactif":0,"marquage_interne":1,"quantite_min":null,"parent_id":null,"print_on_support":0,"content":"vierge","description":null},{"id":2,"nom":"fonce","finition":"optimale","libelle":"TopQuadri","code":null,"dpi":400,"finesse_forme_isolee":"0.040","finesse_forme_non_isolee":"0.700","hauteur_minimale_texte":2,"inactif":0,"marquage_interne":1,"quantite_min":null,"parent_id":18,"print_on_support":0,"content":"TopQuadri","description":"pour petites et moyennes s\u00e9ries"},{"id":3,"nom":"serigraphie","finition":"serigraphie","libelle":"SeriCoat","code":null,"dpi":400,"finesse_forme_isolee":"0.040","finesse_forme_non_isolee":"0.700","hauteur_minimale_texte":2,"inactif":0,"marquage_interne":1,"quantite_min":15,"parent_id":18,"print_on_support":0,"content":"SeriCoat","description":"pour moyennes et grandes s\u00e9ries"},{"id":4,"nom":"broderie","finition":"broderie","libelle":"Broderie","code":null,"dpi":400,"finesse_forme_isolee":"0.040","finesse_forme_non_isolee":"0.700","hauteur_minimale_texte":3,"inactif":0,"marquage_interne":1,"quantite_min":null,"parent_id":null,"print_on_support":0,"content":"Broderie","description":null},{"id":8,"nom":"theme","finition":null,"libelle":"Th\u00e8me","code":null,"dpi":null,"finesse_forme_isolee":null,"finesse_forme_non_isolee":null,"hauteur_minimale_texte":null,"inactif":0,"marquage_interne":1,"quantite_min":null,"parent_id":null,"print_on_support":0,"content":"Th\u00e8me","description":null},{"id":9,"nom":"sans","finition":null,"libelle":null,"code":null,"dpi":null,"finesse_forme_isolee":null,"finesse_forme_non_isolee":null,"hauteur_minimale_texte":null,"inactif":0,"marquage_interne":1,"quantite_min":null,"parent_id":null,"print_on_support":0,"content":"sans","description":null},{"id":10,"nom":"photo","finition":null,"libelle":"Photo","code":null,"dpi":null,"finesse_forme_isolee":null,"finesse_forme_non_isolee":null,"hauteur_minimale_texte":null,"inactif":0,"marquage_interne":1,"quantite_min":null,"parent_id":null,"print_on_support":0,"content":"Photo","description":null},{"id":14,"nom":"couleur","finition":null,"libelle":"Couleur","code":null,"dpi":null,"finesse_forme_isolee":null,"finesse_forme_non_isolee":null,"hauteur_minimale_texte":null,"inactif":0,"marquage_interne":1,"quantite_min":null,"parent_id":null,"print_on_support":0,"content":"Couleur","description":null},{"id":15,"nom":"sublimation","finition":"sublimation","libelle":"Sublimation","code":null,"dpi":null,"finesse_forme_isolee":"0.000","finesse_forme_non_isolee":"0.000","hauteur_minimale_texte":2,"inactif":0,"marquage_interne":1,"quantite_min":null,"parent_id":null,"print_on_support":0,"content":"Sublimation","description":null},{"id":16,"nom":"topquadri_uv","finition":null,"libelle":"TopQuadri UV","code":null,"dpi":null,"finesse_forme_isolee":"0.020","finesse_forme_non_isolee":"0.700","hauteur_minimale_texte":2,"inactif":0,"marquage_interne":1,"quantite_min":null,"parent_id":null,"print_on_support":1,"content":null,"description":null},{"id":17,"nom":"topquadri_uvp","finition":null,"libelle":"TopQuadri UVP","code":null,"dpi":null,"finesse_forme_isolee":"0.020","finesse_forme_non_isolee":"0.700","hauteur_minimale_texte":2,"inactif":0,"marquage_interne":1,"quantite_min":null,"parent_id":null,"print_on_support":1,"content":null,"description":null},{"id":18,"nom":"quadri","finition":null,"libelle":"Impression","code":null,"dpi":null,"finesse_forme_isolee":null,"finesse_forme_non_isolee":null,"hauteur_minimale_texte":null,"inactif":0,"marquage_interne":1,"quantite_min":null,"parent_id":null,"print_on_support":0,"content":null,"description":null}]}}