{"data":{"product":{"id":21546,"titre":"Combat shorts","description":"Short de sport\/combat taille haute. Ceinture \u00e9lastiqu\u00e9e avec cordon de serrage. 2 poches lat\u00e9rales. \u00c9tiquette d\u00e9tachable. Composition : 100 % polyester french terry.","genre":"mixte","grammage":180,"conditionnement":36,"composition":"polyester,polyester_uniquement","reference":"to-tl600","reference_visible":"to-tl600","reference_fabricant":"TL600","ref_xor":"721519","in_catalog":true,"is_transfer":false,"is_service":false,"on_standby":false,"has_3d":false,"has_size_guide":true,"has_marking":true,"has_vierge":true,"is_cross_sellable":false,"id_picto":91,"filename_3d":null,"brand":{"id":23,"name":"Tombo","logo":"logo-tombo.png","image":"https:\/\/media.th4.com\/69WCm7YLO4ZbM1alQuQ-NWZoilXuo87IwKiw0TPi5MA\/pr:brand70x70\/aHR0cDovL21lZGlhMi5kZXNpZ25wYXJ0bmVyLmZyL2MvbS9sb2dvLXRvbWJvLnBuZw?v=1765453314"},"price_infos":{"price_from":12.49,"quantity":25,"color":{"id":24981,"name":"grey_marl"},"size":{"id":5,"name":"XS"}},"price_infos_marking":{"price_from":15.33,"quantity":20,"color":{"id":24981,"name":"grey_marl"},"size":{"id":5,"name":"XS"},"marking":{"id":2,"name":""},"emplacement":"avant","surface_emplacement_id":6438,"surface":"Bas gauche"},"i18n":{"blank":{"title":{"fr":"Combat shorts short taille haute TOMBO tl600","en":"Combat shorts high waist short TOMBO tl600","de":"Combat shorts High Waist Short TOMBO tl600","nl":"Combat shorts high waist short TOMBO tl600","es":"Combat shorts short cintura alta TOMBO tl600","it":"Combat shorts short vita alta TOMBO tl600","sv":"Combat shorts high waist shorts TOMBO tl600","pt":"Combat shorts short cintura alta TOMBO tl600","da":"Combat shorts high waist shorts TOMBO tl600","pl":"Combat shorts spodenki z wysokim stanem TOMBO tl600"},"description":{"fr":"Le short sport combat taille haute dispose d'une ceinture \u00e9lastiqu\u00e9e avec cordon de serrage, de deux poches lat\u00e9rales et d'une \u00e9tiquette d\u00e9tachable. La composition est en 100 % polyester french terry.\n\n- Composition 100 % polyester french terry\n- Ceinture \u00e9lastiqu\u00e9e avec cordon\n- Deux poches lat\u00e9rales\n- \u00c9tiquette d\u00e9tachable","en":"The high waist combat sport short features an elastic waistband with drawstring, two side pockets and a detachable label. The composition is 100% polyester french terry.\n\n- Composition 100% polyester french terry\n- Elastic waistband with drawstring\n- Two side pockets\n- Detachable label","de":"Der Sport-Combat-Short mit hoher Taille hat einen elastischen Bund mit Kordelzug, zwei Seitentaschen und eine abnehmbare Etikette. Material 100 % Polyester French Terry.\n\n- Material 100 % Polyester French Terry\n- Elastischer Bund mit Kordelzug\n- Zwei Seitentaschen\n- Abnehmbare Etikette","nl":"De sport combat short met hoge taille heeft een elastische tailleband met trekkoord, twee zijzakken en een uitneembaar label. De samenstelling is 100% polyester french terry.\n\n- Samenstelling 100% polyester french terry\n- Elastische tailleband met trekkoord\n- Twee zijzakken\n- Uitneembaar label","es":"El short deportivo combat cintura alta tiene cinturilla el\u00e1stica con cord\u00f3n de ajuste, dos bolsillos laterales y etiqueta desmontable. La composici\u00f3n es 100 % poli\u00e9ster french terry.\n\n- Composici\u00f3n 100 % poli\u00e9ster french terry\n- Cinturilla el\u00e1stica con cord\u00f3n\n- Dos bolsillos laterales\n- Etiqueta desmontable","it":"Lo short sport combat a vita alta dispone di cintura elastica con cordino, due tasche laterali e etichetta removibile. La composizione \u00e8 in 100% poliestere french terry.\n\n- Composizione 100% poliestere french terry\n- Cintura elastica con cordino\n- Due tasche laterali\n- Etichetta removibile","sv":"The high waist sport combat shorts feature an elastic waistband with drawstring, two side pockets and a detachable label. The composition is 100% polyester french terry.\n\n- Composition 100% polyester french terry\n- Elastic waistband with drawstring\n- Two side pockets\n- Detachable label","pt":"O short desportivo combat cintura alta possui cintura el\u00e1stica com cord\u00e3o, dois bolsos laterais e etiqueta destac\u00e1vel. A composi\u00e7\u00e3o \u00e9 100 % poli\u00e9ster french terry.\n\n- Composi\u00e7\u00e3o 100 % poli\u00e9ster french terry\n- Cintura el\u00e1stica com cord\u00e3o\n- Dois bolsos laterais\n- Etiqueta destac\u00e1vel","da":"The high waist combat sports shorts feature an elastic waistband with drawstring, two side pockets and a detachable label. The composition is 100% polyester french terry.\n\n- Composition 100% polyester french terry\n- Elastic waistband with cord\n- Two side pockets\n- Detachable label","pl":"Sportowe spodenki combat z wysokim stanem posiadaj\u0105 elastyczny pas ze sznurkiem, dwie boczne kieszenie oraz odpinan\u0105 metk\u0119. Sk\u0142ad to 100% poliester french terry.\n\n- Sk\u0142ad 100% poliester french terry\n- Elastyczny pas ze sznurkiem\n- Dwie boczne kieszenie\n- Odpinana metka"},"h1":{"fr":"Combat shorts short taille haute tl600","en":"Combat shorts high waist short tl600","de":"Combat shorts High Waist Short tl600","nl":"Combat shorts high waist short tl600","es":"Combat shorts short cintura alta tl600","it":"Combat shorts short vita alta tl600","sv":"Combat shorts high waist shorts tl600","pt":"Combat shorts short cintura alta tl600","da":"Combat shorts high waist shorts tl600","pl":"Combat shorts spodenki z wysokim stanem tl600"},"meta_description":{"fr":"Short sport taille haute avec ceinture \u00e9lastiqu\u00e9e et cordon, deux poches lat\u00e9rales et \u00e9tiquette d\u00e9tachable. Composition 100 % polyester french terry.","en":"High waist sport short with elastic waistband and drawstring, two side pockets and detachable label. Composition 100% polyester french terry.","de":"Sportshort mit hoher Taille, elastischem Bund und Kordelzug, zwei Seitentaschen und abnehmbarer Etikette. Material 100 % Polyester French Terry.","nl":"Sportshort met hoge taille, elastische tailleband met koord, twee zijzakken en uitneembaar label. Samenstelling 100% polyester french terry.","es":"Short deportivo cintura alta con cinturilla el\u00e1stica y cord\u00f3n, dos bolsillos laterales y etiqueta desmontable. Composici\u00f3n 100 % poli\u00e9ster french terry.","it":"Short sport vita alta con cintura elastica e cordino, due tasche laterali e etichetta removibile. Composizione 100% poliestere french terry.","sv":"High waist sport shorts with elastic waistband and drawstring, two side pockets and detachable label. Composition 100% polyester french terry.","pt":"Short desportivo cintura alta com cintura el\u00e1stica e cord\u00e3o, dois bolsos laterais e etiqueta destac\u00e1vel. Composi\u00e7\u00e3o 100 % poli\u00e9ster french terry.","da":"High waist sports shorts with elastic waistband and cord, two side pockets and detachable label. Composition 100% polyester french terry.","pl":"Sportowe spodenki z wysokim stanem z elastycznym paskiem i sznurkiem, dwie boczne kieszenie oraz odpinana metka. Sk\u0142ad 100% poliester french terry."}},"custom":{"title":{"fr":"Combat shorts short Tombo tl600 taille haute personnalisable","en":"Combat shorts high waist Tombo tl600 customizable short","de":"Combat shorts kurze Tombo tl600 Hose mit hoher Taille und Personalisierungsm\u00f6glichkeit","nl":"Combat shorts korte Tombo tl600 hoge taille aanpasbaar","es":"Combat shorts shorts Tombo tl600 talla alta personalizable","it":"Combat shorts short Tombo tl600 vita alta personalizzabile","sv":"Combat shorts shorts Tombo tl600 h\u00f6g midja anpassningsbar","pt":"Combat shorts short Tombo tl600 cintura alta personaliz\u00e1vel","da":"Combat shorts short Tombo tl600 tilpasselig h\u00f8j talje","pl":"Combat shorts szorty Tombo tl600 z wysokim stanem do personalizacji"},"description":{"fr":"Le short sport combat taille haute dispose d'une ceinture \u00e9lastiqu\u00e9e accompagn\u00e9e d'un cordon de serrage pour l'ajustement. Il comprend deux poches lat\u00e9rales et une \u00e9tiquette d\u00e9tachable. La composition est en 100 % polyester french terry.\n\n- Composition 100 % polyester french terry\n- Ceinture \u00e9lastiqu\u00e9e avec cordon\n- Deux poches lat\u00e9rales\n- Personnalisable","en":"The high waist combat sport short has an elastic waistband with drawstring for adjustment. It includes two side pockets and a detachable label. The composition is 100% polyester french terry.\n\n- Composition 100% polyester french terry\n- Elastic waistband with drawstring\n- Two side pockets\n- Customizable","de":"Die Sportshorts im Kampfstil mit hohem Bund verf\u00fcgen \u00fcber einen elastischen G\u00fcrtel mit Kordelzug zur Anpassung. Sie enthalten zwei Seitentaschen und ein abnehmbares Etikett. Die Zusammensetzung besteht aus 100 % Polyester French Terry.\n\n- Zusammensetzung 100 % Polyester French Terry\n- Elastischer G\u00fcrtel mit Kordelzug\n- Zwei Seitentaschen\n- Personalisierbar","nl":"De sportieve combat korte broek met hoge taille heeft een elastische tailleband met trekkoord voor aanpassing. Hij heeft twee zijzakken en een afneembaar label. Samenstelling 100% polyester french terry.\n\n- Samenstelling 100% polyester french terry\n- Elastische tailleband met trekkoord\n- Twee zijzakken\n- Aanpasbaar","es":"El short deportivo de combate talla alta cuenta con una cinturilla el\u00e1stica acompa\u00f1ada de un cord\u00f3n para el ajuste. Incluye dos bolsillos laterales y una etiqueta desmontable. La composici\u00f3n es 100 % poli\u00e9ster french terry.\n\n- Composici\u00f3n 100 % poli\u00e9ster french terry\n- Cinturilla el\u00e1stica con cord\u00f3n\n- Dos bolsillos laterales\n- Personalizable","it":"Lo short sport combat vita alta dispone di una cintura elastica accompagnata da un cordino di regolazione per l'adattamento. Comprende due tasche laterali e un'etichetta staccabile. La composizione \u00e8 in 100% poliestere french terry.\n\n- Composizione 100% poliestere french terry\n- Cintura elastica con cordino\n- Due tasche laterali\n- Personalizzabile","sv":"Sportshorts f\u00f6r combat med h\u00f6g midja, elastiskt midjeband och dragsko f\u00f6r justering. Tv\u00e5 sidofickor och avtagbar etikett. Material 100 % polyester french terry.\n\n- Material 100 % polyester french terry\n- Elastiskt midjeband med dragsko\n- Tv\u00e5 sidofickor\n- Anpassningsbar","pt":"O short de combate desportivo de cintura alta possui um cinto el\u00e1stico acompanhado de cord\u00e3o para ajuste. Inclui dois bolsos laterais e uma etiqueta destac\u00e1vel. A composi\u00e7\u00e3o \u00e9 100% poli\u00e9ster french terry.\n\n- Composi\u00e7\u00e3o 100% poli\u00e9ster french terry\n- Cinto el\u00e1stico com cord\u00e3o\n- Dois bolsos laterais\n- Personaliz\u00e1vel","da":"Sportskort combat med h\u00f8j talje har et elastisk b\u00e5nd med sn\u00f8re til justering. Den har to sidelommer og en aftagelig etiket. Sammens\u00e6tningen er 100 % polyester french terry.\n\n- Sammens\u00e6tning 100 % polyester french terry\n- Elastisk b\u00e5nd med sn\u00f8re\n- To sidelommer\n- Tilpasselig","pl":"Szorty sportowe combate z wysokim stanem maj\u0105 elastyczny pas z sznurkiem do regulacji. Zawieraj\u0105 dwie kieszenie boczne i odpinan\u0105 metk\u0119. Sk\u0142ad 100% poliester french terry.\n\n- Sk\u0142ad 100% poliester french terry\n- Elastyczny pas ze sznurkiem\n- Dwie kieszenie boczne\n- Do personalizacji"},"h1":{"fr":"Combat shorts short tl600 taille haute personnalisable","en":"Combat shorts tl600 high waist customizable short","de":"Combat shorts kurze Hose tl600 mit hoher Taille und Personalisierungsm\u00f6glichkeit","nl":"Combat shorts korte tl600 hoge taille aanpasbaar","es":"Combat shorts shorts tl600 talla alta personalizable","it":"Combat shorts short tl600 vita alta personalizzabile","sv":"Combat shorts shorts tl600 h\u00f6g midja anpassningsbar","pt":"Combat shorts short tl600 cintura alta personaliz\u00e1vel","da":"Combat shorts short tl600 tilpasselig h\u00f8j talje","pl":"Combat shorts szorty tl600 z wysokim stanem do personalizacji"},"meta_description":{"fr":"Short sport combat taille haute avec ceinture \u00e9lastiqu\u00e9e et cordon de serrage. Deux poches lat\u00e9rales et \u00e9tiquette d\u00e9tachable. Composition 100% polyester.","en":"High waist combat sport short with elastic waistband and drawstring. Two side pockets and detachable label. Composition 100% polyester.","de":"Sportshorts im Kampfstil mit hohem Bund, elastischem G\u00fcrtel und Kordelzug. Zwei Seitentaschen und abnehmbares Etikett. Zusammensetzung 100 % Polyester.","nl":"Sportieve combat korte broek met hoge taille met elastische tailleband en trekkoord. Twee zijzakken en afneembaar label. Samenstelling 100% polyester.","es":"Short deportivo de combate talla alta con cinturilla el\u00e1stica y cord\u00f3n ajustable. Dos bolsillos laterales y etiqueta desmontable. Composici\u00f3n 100% poli\u00e9ster.","it":"Short sport combat vita alta con cintura elastica e cordino di regolazione. Due tasche laterali ed etichetta staccabile. Composizione 100% poliestere.","sv":"Sportshorts f\u00f6r combat med h\u00f6g midja, elastiskt midjeband och dragsko. Tv\u00e5 sidofickor och avtagbar etikett. Material 100% polyester.","pt":"Short de combate desportivo de cintura alta com cinto el\u00e1stico e cord\u00e3o de ajuste. Dois bolsos laterais e etiqueta destac\u00e1vel. Composi\u00e7\u00e3o 100% poli\u00e9ster.","da":"Sportskort combat med h\u00f8j talje med elastisk b\u00e5nd og sn\u00f8re. To sidelommer og aftagelig etiket. Sammens\u00e6tning 100% polyester.","pl":"Szorty sportowe combate z wysokim stanem, elastycznym pasem i sznurkiem do regulacji. Dwie kieszenie boczne i odpinana metka. Sk\u0142ad 100% poliester."}}},"categories":[{"id":76,"name":"Shorts","singular":"Short","is_feminin":false},{"id":560,"name":"Sports et Loisirs","singular":"Sport et Loisir","is_feminin":false},{"id":498,"name":"Pantalons et shorts","singular":"Pantalon, short","is_feminin":false},{"id":559,"name":"Univers","singular":"Univers","is_feminin":false},{"id":354,"name":"Textile","singular":"Textile","is_feminin":false}],"certifications":[{"id":20,"label":"Amfori BSCI","logo_link":"\/images\/certifications\/20_Amfori_BSCI.jpg","is_marking_compatible":false}],"videos":{"fr":[],"en":[],"de":[],"nl":[],"es":[],"it":[],"sv":[],"pt":[],"da":[],"pl":[]},"main_images":{"miniature":"https:\/\/media.th4.com\/gb09LYDnHaeDz3UM0_Z_6s65gdpc1KaXJETCS3LFGoE\/pr:80\/aHR0cDovL21lZGlhMi5kZXNpZ25wYXJ0bmVyLmZyL2MvcC1ibGFuay1USC8yMTU0Ni53ZWJw?v=1765440066","medium":"https:\/\/media.th4.com\/7g4tlE_E9vvLPyaZvJwuX4lEGSxd_BYfghOrfH_jCTk\/pr:550x550greybg\/aHR0cDovL21lZGlhMi5kZXNpZ25wYXJ0bmVyLmZyL2MvcC1ibGFuay1USC8yMTU0Ni53ZWJw?v=1765440066","medium_large":"https:\/\/media.th4.com\/pcDIT3LnFvKYVYN1HfMbQS2b68O32__jjFanawavCDQ\/pr:1000x1000greybg\/aHR0cDovL21lZGlhMi5kZXNpZ25wYXJ0bmVyLmZyL2MvcC1ibGFuay1USC8yMTU0Ni53ZWJw?v=1765440066","large":"https:\/\/media.th4.com\/t7ZORTyJC5ia-dFU8H8LBOZ51VYxB8-fnuZ2nAxul7U\/pr:1920greybg\/aHR0cDovL21lZGlhMi5kZXNpZ25wYXJ0bmVyLmZyL2MvcC1ibGFuay1USC8yMTU0Ni53ZWJw?v=1765440066","opengraph":"https:\/\/media.th4.com\/fSxUvew2a3SKUVzltZ-78XhdXnyRxkDLHhKW6S6xc0w\/pr:1200x630greybg\/aHR0cDovL21lZGlhMi5kZXNpZ25wYXJ0bmVyLmZyL2MvcC1ibGFuay1USC8yMTU0Ni53ZWJw?v=1765440066"},"main_images_customization":{"miniature":"https:\/\/media.th4.com\/h8JzIu-GF8L5WFmuqvQ7HtynJIcAEIQJZyuYHNFZG5U\/pr:80\/aHR0cDovL21lZGlhMi5kZXNpZ25wYXJ0bmVyLmZyL2MvcC1jdXN0b20tVEgvMjE1NDYud2VicA?v=1765440095","medium":"https:\/\/media.th4.com\/qKzShUiR5bNaHOS1Ok2-vdkx7jdCguedUstgW6dCOmc\/pr:550x550greybg\/aHR0cDovL21lZGlhMi5kZXNpZ25wYXJ0bmVyLmZyL2MvcC1jdXN0b20tVEgvMjE1NDYud2VicA?v=1765440095","medium_large":"https:\/\/media.th4.com\/pzbxzbBeqrC5Ie57MhJdRWZ-X3yLCJcaCpQQCPabqTQ\/pr:1000x1000greybg\/aHR0cDovL21lZGlhMi5kZXNpZ25wYXJ0bmVyLmZyL2MvcC1jdXN0b20tVEgvMjE1NDYud2VicA?v=1765440095","large":"https:\/\/media.th4.com\/JuGcM3OhWJCvBb_ZqhdqE6gjosv85nkpd6gZ3m-CaaE\/pr:1920greybg\/aHR0cDovL21lZGlhMi5kZXNpZ25wYXJ0bmVyLmZyL2MvcC1jdXN0b20tVEgvMjE1NDYud2VicA?v=1765440095","opengraph":"https:\/\/media.th4.com\/q6VbD4UuvEn-oxpGJpZ_tyhCKZYbXGkoknfEcp4s7Xs\/pr:1200x630greybg\/aHR0cDovL21lZGlhMi5kZXNpZ25wYXJ0bmVyLmZyL2MvcC1jdXN0b20tVEgvMjE1NDYud2VicA?v=1765440095"},"page_links":{"fr":"\/fr\/p-to-tl600-combat-shorts-short-taille-haute-tl600-21546\/","en":"\/en\/p-to-tl600-combat-shorts-high-waist-short-tl600-21546\/","de":"\/de\/p-to-tl600-combat-shorts-high-waist-short-tl600-21546\/","nl":"\/nl\/p-to-tl600-combat-shorts-high-waist-short-tl600-21546\/","es":"\/es\/p-to-tl600-combat-shorts-short-cintura-alta-tl600-21546\/","it":"\/it\/p-to-tl600-combat-shorts-short-vita-alta-tl600-21546\/","sv":"\/sv\/p-to-tl600-combat-shorts-high-waist-shorts-tl600-21546\/","pt":"\/pt\/p-to-tl600-combat-shorts-short-cintura-alta-tl600-21546\/","da":"\/da\/p-to-tl600-combat-shorts-high-waist-shorts-tl600-21546\/","pl":"\/pl\/p-to-tl600-combat-shorts-spodenki-z-wysokim-stanem-tl600-21546\/"},"page_links_customization":{"fr":"\/fr\/p-to-tl600-combat-shorts-short-tl600-taille-haute-personnalisable-21546\/custom\/","en":"\/en\/p-to-tl600-combat-shorts-tl600-high-waist-customizable-short-21546\/custom\/","de":"\/de\/p-to-tl600-combat-shorts-kurze-hose-tl600-mit-hoher-taille-und-personalisierungsmoglichkeit-21546\/custom\/","nl":"\/nl\/p-to-tl600-combat-shorts-korte-tl600-hoge-taille-aanpasbaar-21546\/custom\/","es":"\/es\/p-to-tl600-combat-shorts-shorts-tl600-talla-alta-personalizable-21546\/custom\/","it":"\/it\/p-to-tl600-combat-shorts-short-tl600-vita-alta-personalizzabile-21546\/custom\/","sv":"\/sv\/p-to-tl600-combat-shorts-shorts-tl600-hog-midja-anpassningsbar-21546\/custom\/","pt":"\/pt\/p-to-tl600-combat-shorts-short-tl600-cintura-alta-personalizavel-21546\/custom\/","da":"\/da\/p-to-tl600-combat-shorts-short-tl600-tilpasselig-hoj-talje-21546\/custom\/","pl":"\/pl\/p-to-tl600-combat-shorts-szorty-tl600-z-wysokim-stanem-do-personalizacji-21546\/custom\/"},"equivalent_products":[],"colors":[{"id":24981,"name":"grey_marl","class_ids":[3],"codes_hexa":["8C8C88"],"delai_24":false,"has_3d":false,"seuil_global":0,"stock_local":0,"stock_global":105,"on_standby":false,"in_catalog":true,"images":{"miniature":["https:\/\/media.th4.com\/KHtADorn_C-npaQRdQ2_Go6d0FFVXQYQ8HYiXxxW9mY\/pr:80\/aHR0cDovL21lZGlhMi5kZXNpZ25wYXJ0bmVyLmZyL2MvcC8yMTU0Ni8yMTU0Ni0yNDk4MS0xLndlYnA?v=1765440008","https:\/\/media.th4.com\/X88q7_z8WtiHU1ZQw0qCJ3sV3pXKrYllZ6nnIQhytnw\/pr:80\/aHR0cDovL21lZGlhMi5kZXNpZ25wYXJ0bmVyLmZyL2MvcC8yMTU0Ni8yMTU0Ni0yNDk4MS0yLndlYnA?v=1765440008","https:\/\/media.th4.com\/VgQsbpLk9P46fb_cagwE10v-2lQZk9bqhNkAvAoK5go\/pr:80\/aHR0cDovL21lZGlhMi5kZXNpZ25wYXJ0bmVyLmZyL2MvcC8yMTU0Ni8yMTU0Ni0yNDk4MS00LndlYnA?v=1765440008"],"medium":["https:\/\/media.th4.com\/2cKecq-LouiBGAPE4uxocJpAa8i4JOQN5dZyv3xA1y0\/pr:550x550\/aHR0cDovL21lZGlhMi5kZXNpZ25wYXJ0bmVyLmZyL2MvcC8yMTU0Ni8yMTU0Ni0yNDk4MS0xLndlYnA?v=1765440008","https:\/\/media.th4.com\/qxGkNtRxbuZDvVyKEYhHqVBglB1BiNrDvinxg_gCcRk\/pr:550x550\/aHR0cDovL21lZGlhMi5kZXNpZ25wYXJ0bmVyLmZyL2MvcC8yMTU0Ni8yMTU0Ni0yNDk4MS0yLndlYnA?v=1765440008","https:\/\/media.th4.com\/9rHVHdKEuGrs6cGz3v8QqwxsmXsxT_Wn3jHZZqKDy_w\/pr:550x550\/aHR0cDovL21lZGlhMi5kZXNpZ25wYXJ0bmVyLmZyL2MvcC8yMTU0Ni8yMTU0Ni0yNDk4MS00LndlYnA?v=1765440008"],"medium_large":["https:\/\/media.th4.com\/tCYL8NHVu5e4_8Y5lZOC_AeebnpLQj9fPe4sEo2Fsb0\/pr:1000x1000\/aHR0cDovL21lZGlhMi5kZXNpZ25wYXJ0bmVyLmZyL2MvcC8yMTU0Ni8yMTU0Ni0yNDk4MS0xLndlYnA?v=1765440008","https:\/\/media.th4.com\/AtpnayNl7r91dFj20J7sUv_Eqt90_2vY02UeeHBRjyQ\/pr:1000x1000\/aHR0cDovL21lZGlhMi5kZXNpZ25wYXJ0bmVyLmZyL2MvcC8yMTU0Ni8yMTU0Ni0yNDk4MS0yLndlYnA?v=1765440008","https:\/\/media.th4.com\/npHYrsJAAV6G1h1fojtWfz4g4DtcDcy2yK18UtGhtsA\/pr:1000x1000\/aHR0cDovL21lZGlhMi5kZXNpZ25wYXJ0bmVyLmZyL2MvcC8yMTU0Ni8yMTU0Ni0yNDk4MS00LndlYnA?v=1765440008"],"large":["https:\/\/media.th4.com\/StTM5Juvq4MDT-3QxZyU3I_vswbqBbLzI1nA2v8cFW0\/pr:1920\/aHR0cDovL21lZGlhMi5kZXNpZ25wYXJ0bmVyLmZyL2MvcC8yMTU0Ni8yMTU0Ni0yNDk4MS0xLndlYnA?v=1765440008","https:\/\/media.th4.com\/-Cz4mvThToClSpwJyqcnz0G18zcywD59R1aSdEMQknQ\/pr:1920\/aHR0cDovL21lZGlhMi5kZXNpZ25wYXJ0bmVyLmZyL2MvcC8yMTU0Ni8yMTU0Ni0yNDk4MS0yLndlYnA?v=1765440008","https:\/\/media.th4.com\/s8x2RVVxBA_urRsHdmSszktyTU9v8a4XtLIUWWlFtFg\/pr:1920\/aHR0cDovL21lZGlhMi5kZXNpZ25wYXJ0bmVyLmZyL2MvcC8yMTU0Ni8yMTU0Ni0yNDk4MS00LndlYnA?v=1765440008"],"opengraph":["https:\/\/media.th4.com\/9u9uoJhHvp15ApGilqPyN3hynDnC-kpAUtfLuNFiuwE\/pr:1200x630\/aHR0cDovL21lZGlhMi5kZXNpZ25wYXJ0bmVyLmZyL2MvcC8yMTU0Ni8yMTU0Ni0yNDk4MS0xLndlYnA?v=1765440008","https:\/\/media.th4.com\/0yQ58o09Bb2mfnjLUlehffTvoAJXssx6RkAu_BGkKAY\/pr:1200x630\/aHR0cDovL21lZGlhMi5kZXNpZ25wYXJ0bmVyLmZyL2MvcC8yMTU0Ni8yMTU0Ni0yNDk4MS0yLndlYnA?v=1765440008","https:\/\/media.th4.com\/v7I_owYnTxQrYcEpFHknp8EDPD84J9hnN72r41xDiYo\/pr:1200x630\/aHR0cDovL21lZGlhMi5kZXNpZ25wYXJ0bmVyLmZyL2MvcC8yMTU0Ni8yMTU0Ni0yNDk4MS00LndlYnA?v=1765440008"]},"images_customization":{"miniature":["https:\/\/media.th4.com\/KHtADorn_C-npaQRdQ2_Go6d0FFVXQYQ8HYiXxxW9mY\/pr:80\/aHR0cDovL21lZGlhMi5kZXNpZ25wYXJ0bmVyLmZyL2MvcC8yMTU0Ni8yMTU0Ni0yNDk4MS0xLndlYnA?v=1765440008","https:\/\/media.th4.com\/X88q7_z8WtiHU1ZQw0qCJ3sV3pXKrYllZ6nnIQhytnw\/pr:80\/aHR0cDovL21lZGlhMi5kZXNpZ25wYXJ0bmVyLmZyL2MvcC8yMTU0Ni8yMTU0Ni0yNDk4MS0yLndlYnA?v=1765440008","https:\/\/media.th4.com\/VgQsbpLk9P46fb_cagwE10v-2lQZk9bqhNkAvAoK5go\/pr:80\/aHR0cDovL21lZGlhMi5kZXNpZ25wYXJ0bmVyLmZyL2MvcC8yMTU0Ni8yMTU0Ni0yNDk4MS00LndlYnA?v=1765440008"],"medium":["https:\/\/media.th4.com\/2cKecq-LouiBGAPE4uxocJpAa8i4JOQN5dZyv3xA1y0\/pr:550x550\/aHR0cDovL21lZGlhMi5kZXNpZ25wYXJ0bmVyLmZyL2MvcC8yMTU0Ni8yMTU0Ni0yNDk4MS0xLndlYnA?v=1765440008","https:\/\/media.th4.com\/qxGkNtRxbuZDvVyKEYhHqVBglB1BiNrDvinxg_gCcRk\/pr:550x550\/aHR0cDovL21lZGlhMi5kZXNpZ25wYXJ0bmVyLmZyL2MvcC8yMTU0Ni8yMTU0Ni0yNDk4MS0yLndlYnA?v=1765440008","https:\/\/media.th4.com\/9rHVHdKEuGrs6cGz3v8QqwxsmXsxT_Wn3jHZZqKDy_w\/pr:550x550\/aHR0cDovL21lZGlhMi5kZXNpZ25wYXJ0bmVyLmZyL2MvcC8yMTU0Ni8yMTU0Ni0yNDk4MS00LndlYnA?v=1765440008"],"medium_large":["https:\/\/media.th4.com\/tCYL8NHVu5e4_8Y5lZOC_AeebnpLQj9fPe4sEo2Fsb0\/pr:1000x1000\/aHR0cDovL21lZGlhMi5kZXNpZ25wYXJ0bmVyLmZyL2MvcC8yMTU0Ni8yMTU0Ni0yNDk4MS0xLndlYnA?v=1765440008","https:\/\/media.th4.com\/AtpnayNl7r91dFj20J7sUv_Eqt90_2vY02UeeHBRjyQ\/pr:1000x1000\/aHR0cDovL21lZGlhMi5kZXNpZ25wYXJ0bmVyLmZyL2MvcC8yMTU0Ni8yMTU0Ni0yNDk4MS0yLndlYnA?v=1765440008","https:\/\/media.th4.com\/npHYrsJAAV6G1h1fojtWfz4g4DtcDcy2yK18UtGhtsA\/pr:1000x1000\/aHR0cDovL21lZGlhMi5kZXNpZ25wYXJ0bmVyLmZyL2MvcC8yMTU0Ni8yMTU0Ni0yNDk4MS00LndlYnA?v=1765440008"],"large":["https:\/\/media.th4.com\/StTM5Juvq4MDT-3QxZyU3I_vswbqBbLzI1nA2v8cFW0\/pr:1920\/aHR0cDovL21lZGlhMi5kZXNpZ25wYXJ0bmVyLmZyL2MvcC8yMTU0Ni8yMTU0Ni0yNDk4MS0xLndlYnA?v=1765440008","https:\/\/media.th4.com\/-Cz4mvThToClSpwJyqcnz0G18zcywD59R1aSdEMQknQ\/pr:1920\/aHR0cDovL21lZGlhMi5kZXNpZ25wYXJ0bmVyLmZyL2MvcC8yMTU0Ni8yMTU0Ni0yNDk4MS0yLndlYnA?v=1765440008","https:\/\/media.th4.com\/s8x2RVVxBA_urRsHdmSszktyTU9v8a4XtLIUWWlFtFg\/pr:1920\/aHR0cDovL21lZGlhMi5kZXNpZ25wYXJ0bmVyLmZyL2MvcC8yMTU0Ni8yMTU0Ni0yNDk4MS00LndlYnA?v=1765440008"],"opengraph":["https:\/\/media.th4.com\/9u9uoJhHvp15ApGilqPyN3hynDnC-kpAUtfLuNFiuwE\/pr:1200x630\/aHR0cDovL21lZGlhMi5kZXNpZ25wYXJ0bmVyLmZyL2MvcC8yMTU0Ni8yMTU0Ni0yNDk4MS0xLndlYnA?v=1765440008","https:\/\/media.th4.com\/0yQ58o09Bb2mfnjLUlehffTvoAJXssx6RkAu_BGkKAY\/pr:1200x630\/aHR0cDovL21lZGlhMi5kZXNpZ25wYXJ0bmVyLmZyL2MvcC8yMTU0Ni8yMTU0Ni0yNDk4MS0yLndlYnA?v=1765440008","https:\/\/media.th4.com\/v7I_owYnTxQrYcEpFHknp8EDPD84J9hnN72r41xDiYo\/pr:1200x630\/aHR0cDovL21lZGlhMi5kZXNpZ25wYXJ0bmVyLmZyL2MvcC8yMTU0Ni8yMTU0Ni0yNDk4MS00LndlYnA?v=1765440008"]},"country_origin":"BD","traceability":{"manufacturing_country_id":59,"weaving_country_id":61,"dyeing_country_id":61},"sizes":[{"id":5,"article_id":530956,"class_id":2,"name":"XS","on_standby":false,"stock_local":0,"stock_global":27,"multiple":1,"estimated_date_reassort":null,"is_destocking":false},{"id":3,"article_id":530954,"class_id":3,"name":"S","on_standby":false,"stock_local":0,"stock_global":18,"multiple":1,"estimated_date_reassort":null,"is_destocking":false},{"id":2,"article_id":530953,"class_id":4,"name":"M","on_standby":false,"stock_local":0,"stock_global":24,"multiple":1,"estimated_date_reassort":null,"is_destocking":false},{"id":1,"article_id":530952,"class_id":5,"name":"L","on_standby":false,"stock_local":0,"stock_global":1,"multiple":1,"estimated_date_reassort":null,"is_destocking":false},{"id":4,"article_id":530955,"class_id":6,"name":"XL","on_standby":false,"stock_local":0,"stock_global":12,"multiple":1,"estimated_date_reassort":null,"is_destocking":false},{"id":1116,"article_id":530957,"class_id":7,"name":"2XL","on_standby":false,"stock_local":0,"stock_global":23,"multiple":1,"estimated_date_reassort":null,"is_destocking":false}],"page_links":{"fr":"\/fr\/p-to-tl600-combat-shorts-short-taille-haute-tl600-21546\/grey-marl-24981\/","en":"\/en\/p-to-tl600-combat-shorts-high-waist-short-tl600-21546\/grey-marl-24981\/","de":"\/de\/p-to-tl600-combat-shorts-high-waist-short-tl600-21546\/grey-marl-24981\/","nl":"\/nl\/p-to-tl600-combat-shorts-high-waist-short-tl600-21546\/grey-marl-24981\/","es":"\/es\/p-to-tl600-combat-shorts-short-cintura-alta-tl600-21546\/grey-marl-24981\/","it":"\/it\/p-to-tl600-combat-shorts-short-vita-alta-tl600-21546\/grey-marl-24981\/","sv":"\/sv\/p-to-tl600-combat-shorts-high-waist-shorts-tl600-21546\/grey-marl-24981\/","pt":"\/pt\/p-to-tl600-combat-shorts-short-cintura-alta-tl600-21546\/grey-marl-24981\/","da":"\/da\/p-to-tl600-combat-shorts-high-waist-shorts-tl600-21546\/grey-marl-24981\/","pl":"\/pl\/p-to-tl600-combat-shorts-spodenki-z-wysokim-stanem-tl600-21546\/grey-marl-24981\/"},"page_links_customization":{"fr":"\/fr\/p-to-tl600-combat-shorts-short-tl600-taille-haute-personnalisable-21546\/grey-marl-24981\/custom\/","en":"\/en\/p-to-tl600-combat-shorts-tl600-high-waist-customizable-short-21546\/grey-marl-24981\/custom\/","de":"\/de\/p-to-tl600-combat-shorts-kurze-hose-tl600-mit-hoher-taille-und-personalisierungsmoglichkeit-21546\/grey-marl-24981\/custom\/","nl":"\/nl\/p-to-tl600-combat-shorts-korte-tl600-hoge-taille-aanpasbaar-21546\/grey-marl-24981\/custom\/","es":"\/es\/p-to-tl600-combat-shorts-shorts-tl600-talla-alta-personalizable-21546\/grey-marl-24981\/custom\/","it":"\/it\/p-to-tl600-combat-shorts-short-tl600-vita-alta-personalizzabile-21546\/grey-marl-24981\/custom\/","sv":"\/sv\/p-to-tl600-combat-shorts-shorts-tl600-hog-midja-anpassningsbar-21546\/grey-marl-24981\/custom\/","pt":"\/pt\/p-to-tl600-combat-shorts-short-tl600-cintura-alta-personalizavel-21546\/grey-marl-24981\/custom\/","da":"\/da\/p-to-tl600-combat-shorts-short-tl600-tilpasselig-hoj-talje-21546\/grey-marl-24981\/custom\/","pl":"\/pl\/p-to-tl600-combat-shorts-szorty-tl600-z-wysokim-stanem-do-personalizacji-21546\/grey-marl-24981\/custom\/"}},{"id":623,"name":"black","class_ids":[4],"codes_hexa":["1a1a18"],"delai_24":false,"has_3d":false,"seuil_global":0,"stock_local":0,"stock_global":44,"on_standby":false,"in_catalog":true,"images":{"miniature":["https:\/\/media.th4.com\/fDGHxEKKH6RazYyIlzKMTnH0OzWnf5TGFQfopBX893k\/pr:80\/aHR0cDovL21lZGlhMi5kZXNpZ25wYXJ0bmVyLmZyL2MvcC8yMTU0Ni8yMTU0Ni02MjMtMS53ZWJw?v=1765440006","https:\/\/media.th4.com\/_nT1O3hWck18ERNGKlwAYjbYrq63VMprCzmGrVGZ0Ig\/pr:80\/aHR0cDovL21lZGlhMi5kZXNpZ25wYXJ0bmVyLmZyL2MvcC8yMTU0Ni8yMTU0Ni02MjMtMi53ZWJw?v=1765440007","https:\/\/media.th4.com\/9522C1jXDV2pFn-AgRtK_jJb_aKvCYj8bFg6rYmpA2w\/pr:80\/aHR0cDovL21lZGlhMi5kZXNpZ25wYXJ0bmVyLmZyL2MvcC8yMTU0Ni8yMTU0Ni02MjMtNC53ZWJw?v=1765440007"],"medium":["https:\/\/media.th4.com\/K0pvSSO6QLbc_TR4yVlO18iJ9iXMq11vsaw1UwRSPOg\/pr:550x550\/aHR0cDovL21lZGlhMi5kZXNpZ25wYXJ0bmVyLmZyL2MvcC8yMTU0Ni8yMTU0Ni02MjMtMS53ZWJw?v=1765440006","https:\/\/media.th4.com\/dn3y8fXEJLJZTp6IwQOKAoeiLYT-sVvzgXIO839DwiU\/pr:550x550\/aHR0cDovL21lZGlhMi5kZXNpZ25wYXJ0bmVyLmZyL2MvcC8yMTU0Ni8yMTU0Ni02MjMtMi53ZWJw?v=1765440007","https:\/\/media.th4.com\/Yn5UT9MMMgHvofrRfJ0N0fd5NdarkfOfgzladbcaaJs\/pr:550x550\/aHR0cDovL21lZGlhMi5kZXNpZ25wYXJ0bmVyLmZyL2MvcC8yMTU0Ni8yMTU0Ni02MjMtNC53ZWJw?v=1765440007"],"medium_large":["https:\/\/media.th4.com\/CWdrl0DJoQ6vnaMDJEBlKPQ2hlu2wtxa6BVjsbCfvjI\/pr:1000x1000\/aHR0cDovL21lZGlhMi5kZXNpZ25wYXJ0bmVyLmZyL2MvcC8yMTU0Ni8yMTU0Ni02MjMtMS53ZWJw?v=1765440006","https:\/\/media.th4.com\/gt0UaGM0NcKkksekPjjsgCtqX8NLIHPQtoFQdRnXse4\/pr:1000x1000\/aHR0cDovL21lZGlhMi5kZXNpZ25wYXJ0bmVyLmZyL2MvcC8yMTU0Ni8yMTU0Ni02MjMtMi53ZWJw?v=1765440007","https:\/\/media.th4.com\/C8vIMN4P49IBISZb3dfqjoPnkho286zTdy2igSP05Qo\/pr:1000x1000\/aHR0cDovL21lZGlhMi5kZXNpZ25wYXJ0bmVyLmZyL2MvcC8yMTU0Ni8yMTU0Ni02MjMtNC53ZWJw?v=1765440007"],"large":["https:\/\/media.th4.com\/NRevd6mPy3WePszFFk3Zt5XKfupChO9LR6fBgHzG4PY\/pr:1920\/aHR0cDovL21lZGlhMi5kZXNpZ25wYXJ0bmVyLmZyL2MvcC8yMTU0Ni8yMTU0Ni02MjMtMS53ZWJw?v=1765440006","https:\/\/media.th4.com\/nSL5gPePw_7XnoZZdfDZzmLntzXKeL_t7wF1xKT40_Y\/pr:1920\/aHR0cDovL21lZGlhMi5kZXNpZ25wYXJ0bmVyLmZyL2MvcC8yMTU0Ni8yMTU0Ni02MjMtMi53ZWJw?v=1765440007","https:\/\/media.th4.com\/d3ocjCSMWY4YZaT9wQs_Y552uGiopBl0S7o9_4Go15A\/pr:1920\/aHR0cDovL21lZGlhMi5kZXNpZ25wYXJ0bmVyLmZyL2MvcC8yMTU0Ni8yMTU0Ni02MjMtNC53ZWJw?v=1765440007"],"opengraph":["https:\/\/media.th4.com\/PcU0CChu06Yq_zactqPLnGPfABYnC1IU2X3ug0lnCWw\/pr:1200x630\/aHR0cDovL21lZGlhMi5kZXNpZ25wYXJ0bmVyLmZyL2MvcC8yMTU0Ni8yMTU0Ni02MjMtMS53ZWJw?v=1765440006","https:\/\/media.th4.com\/ppsUzMJ7oBxQ8j0tivyjRgCK_a_J_usq6PUvm3itcbc\/pr:1200x630\/aHR0cDovL21lZGlhMi5kZXNpZ25wYXJ0bmVyLmZyL2MvcC8yMTU0Ni8yMTU0Ni02MjMtMi53ZWJw?v=1765440007","https:\/\/media.th4.com\/Gtj3Dvj3gtQ_ofEagCyFBB4nB1NvxhlbviPqm4Uwfj0\/pr:1200x630\/aHR0cDovL21lZGlhMi5kZXNpZ25wYXJ0bmVyLmZyL2MvcC8yMTU0Ni8yMTU0Ni02MjMtNC53ZWJw?v=1765440007"]},"images_customization":{"miniature":["https:\/\/media.th4.com\/fDGHxEKKH6RazYyIlzKMTnH0OzWnf5TGFQfopBX893k\/pr:80\/aHR0cDovL21lZGlhMi5kZXNpZ25wYXJ0bmVyLmZyL2MvcC8yMTU0Ni8yMTU0Ni02MjMtMS53ZWJw?v=1765440006","https:\/\/media.th4.com\/_nT1O3hWck18ERNGKlwAYjbYrq63VMprCzmGrVGZ0Ig\/pr:80\/aHR0cDovL21lZGlhMi5kZXNpZ25wYXJ0bmVyLmZyL2MvcC8yMTU0Ni8yMTU0Ni02MjMtMi53ZWJw?v=1765440007","https:\/\/media.th4.com\/9522C1jXDV2pFn-AgRtK_jJb_aKvCYj8bFg6rYmpA2w\/pr:80\/aHR0cDovL21lZGlhMi5kZXNpZ25wYXJ0bmVyLmZyL2MvcC8yMTU0Ni8yMTU0Ni02MjMtNC53ZWJw?v=1765440007"],"medium":["https:\/\/media.th4.com\/K0pvSSO6QLbc_TR4yVlO18iJ9iXMq11vsaw1UwRSPOg\/pr:550x550\/aHR0cDovL21lZGlhMi5kZXNpZ25wYXJ0bmVyLmZyL2MvcC8yMTU0Ni8yMTU0Ni02MjMtMS53ZWJw?v=1765440006","https:\/\/media.th4.com\/dn3y8fXEJLJZTp6IwQOKAoeiLYT-sVvzgXIO839DwiU\/pr:550x550\/aHR0cDovL21lZGlhMi5kZXNpZ25wYXJ0bmVyLmZyL2MvcC8yMTU0Ni8yMTU0Ni02MjMtMi53ZWJw?v=1765440007","https:\/\/media.th4.com\/Yn5UT9MMMgHvofrRfJ0N0fd5NdarkfOfgzladbcaaJs\/pr:550x550\/aHR0cDovL21lZGlhMi5kZXNpZ25wYXJ0bmVyLmZyL2MvcC8yMTU0Ni8yMTU0Ni02MjMtNC53ZWJw?v=1765440007"],"medium_large":["https:\/\/media.th4.com\/CWdrl0DJoQ6vnaMDJEBlKPQ2hlu2wtxa6BVjsbCfvjI\/pr:1000x1000\/aHR0cDovL21lZGlhMi5kZXNpZ25wYXJ0bmVyLmZyL2MvcC8yMTU0Ni8yMTU0Ni02MjMtMS53ZWJw?v=1765440006","https:\/\/media.th4.com\/gt0UaGM0NcKkksekPjjsgCtqX8NLIHPQtoFQdRnXse4\/pr:1000x1000\/aHR0cDovL21lZGlhMi5kZXNpZ25wYXJ0bmVyLmZyL2MvcC8yMTU0Ni8yMTU0Ni02MjMtMi53ZWJw?v=1765440007","https:\/\/media.th4.com\/C8vIMN4P49IBISZb3dfqjoPnkho286zTdy2igSP05Qo\/pr:1000x1000\/aHR0cDovL21lZGlhMi5kZXNpZ25wYXJ0bmVyLmZyL2MvcC8yMTU0Ni8yMTU0Ni02MjMtNC53ZWJw?v=1765440007"],"large":["https:\/\/media.th4.com\/NRevd6mPy3WePszFFk3Zt5XKfupChO9LR6fBgHzG4PY\/pr:1920\/aHR0cDovL21lZGlhMi5kZXNpZ25wYXJ0bmVyLmZyL2MvcC8yMTU0Ni8yMTU0Ni02MjMtMS53ZWJw?v=1765440006","https:\/\/media.th4.com\/nSL5gPePw_7XnoZZdfDZzmLntzXKeL_t7wF1xKT40_Y\/pr:1920\/aHR0cDovL21lZGlhMi5kZXNpZ25wYXJ0bmVyLmZyL2MvcC8yMTU0Ni8yMTU0Ni02MjMtMi53ZWJw?v=1765440007","https:\/\/media.th4.com\/d3ocjCSMWY4YZaT9wQs_Y552uGiopBl0S7o9_4Go15A\/pr:1920\/aHR0cDovL21lZGlhMi5kZXNpZ25wYXJ0bmVyLmZyL2MvcC8yMTU0Ni8yMTU0Ni02MjMtNC53ZWJw?v=1765440007"],"opengraph":["https:\/\/media.th4.com\/PcU0CChu06Yq_zactqPLnGPfABYnC1IU2X3ug0lnCWw\/pr:1200x630\/aHR0cDovL21lZGlhMi5kZXNpZ25wYXJ0bmVyLmZyL2MvcC8yMTU0Ni8yMTU0Ni02MjMtMS53ZWJw?v=1765440006","https:\/\/media.th4.com\/ppsUzMJ7oBxQ8j0tivyjRgCK_a_J_usq6PUvm3itcbc\/pr:1200x630\/aHR0cDovL21lZGlhMi5kZXNpZ25wYXJ0bmVyLmZyL2MvcC8yMTU0Ni8yMTU0Ni02MjMtMi53ZWJw?v=1765440007","https:\/\/media.th4.com\/Gtj3Dvj3gtQ_ofEagCyFBB4nB1NvxhlbviPqm4Uwfj0\/pr:1200x630\/aHR0cDovL21lZGlhMi5kZXNpZ25wYXJ0bmVyLmZyL2MvcC8yMTU0Ni8yMTU0Ni02MjMtNC53ZWJw?v=1765440007"]},"country_origin":"BD","traceability":{"manufacturing_country_id":59,"weaving_country_id":61,"dyeing_country_id":61},"sizes":[{"id":2,"article_id":530947,"class_id":4,"name":"M","on_standby":false,"stock_local":0,"stock_global":5,"multiple":1,"estimated_date_reassort":null,"is_destocking":false},{"id":4,"article_id":530949,"class_id":6,"name":"XL","on_standby":false,"stock_local":0,"stock_global":13,"multiple":1,"estimated_date_reassort":null,"is_destocking":false},{"id":1116,"article_id":530951,"class_id":7,"name":"2XL","on_standby":false,"stock_local":0,"stock_global":26,"multiple":1,"estimated_date_reassort":null,"is_destocking":false}],"page_links":{"fr":"\/fr\/p-to-tl600-combat-shorts-short-taille-haute-tl600-21546\/black-623\/","en":"\/en\/p-to-tl600-combat-shorts-high-waist-short-tl600-21546\/black-623\/","de":"\/de\/p-to-tl600-combat-shorts-high-waist-short-tl600-21546\/black-623\/","nl":"\/nl\/p-to-tl600-combat-shorts-high-waist-short-tl600-21546\/black-623\/","es":"\/es\/p-to-tl600-combat-shorts-short-cintura-alta-tl600-21546\/black-623\/","it":"\/it\/p-to-tl600-combat-shorts-short-vita-alta-tl600-21546\/black-623\/","sv":"\/sv\/p-to-tl600-combat-shorts-high-waist-shorts-tl600-21546\/black-623\/","pt":"\/pt\/p-to-tl600-combat-shorts-short-cintura-alta-tl600-21546\/black-623\/","da":"\/da\/p-to-tl600-combat-shorts-high-waist-shorts-tl600-21546\/black-623\/","pl":"\/pl\/p-to-tl600-combat-shorts-spodenki-z-wysokim-stanem-tl600-21546\/black-623\/"},"page_links_customization":{"fr":"\/fr\/p-to-tl600-combat-shorts-short-tl600-taille-haute-personnalisable-21546\/black-623\/custom\/","en":"\/en\/p-to-tl600-combat-shorts-tl600-high-waist-customizable-short-21546\/black-623\/custom\/","de":"\/de\/p-to-tl600-combat-shorts-kurze-hose-tl600-mit-hoher-taille-und-personalisierungsmoglichkeit-21546\/black-623\/custom\/","nl":"\/nl\/p-to-tl600-combat-shorts-korte-tl600-hoge-taille-aanpasbaar-21546\/black-623\/custom\/","es":"\/es\/p-to-tl600-combat-shorts-shorts-tl600-talla-alta-personalizable-21546\/black-623\/custom\/","it":"\/it\/p-to-tl600-combat-shorts-short-tl600-vita-alta-personalizzabile-21546\/black-623\/custom\/","sv":"\/sv\/p-to-tl600-combat-shorts-shorts-tl600-hog-midja-anpassningsbar-21546\/black-623\/custom\/","pt":"\/pt\/p-to-tl600-combat-shorts-short-tl600-cintura-alta-personalizavel-21546\/black-623\/custom\/","da":"\/da\/p-to-tl600-combat-shorts-short-tl600-tilpasselig-hoj-talje-21546\/black-623\/custom\/","pl":"\/pl\/p-to-tl600-combat-shorts-szorty-tl600-z-wysokim-stanem-do-personalizacji-21546\/black-623\/custom\/"}}],"documentation_link":"\/pdf\/21546.pdf","countries_availables":["AD","AE","AL","AT","BA","BD","BE","BG","BL","CA","CH","CN","CO","CY","CZ","DE","DK","DO","EE","EG","ES","ET","FI","FR","GB","GE","GF","GP","GR","GT","HK","HN","HR","HT","HU","ID","IE","IN","IS","IT","JO","JP","KE","KH","KP","KR","LA","LK","LS","LT","LU","LV","MA","MF","MG","MK","MM","MN","MQ","MT","MX","MY","NC","NI","NL","PF","PH","PK","PL","PM","PT","RE","RO","SE","SG","SI","SK","SV","SY","TH","TN","TR","TW","TZ","US","VN","WF","YT"]},"infos_customization":[],"features":{"authorize_multi_surfaces":true,"display_order_delay_type":true,"promote_surface_display":true,"tarification_franco_offert":true,"enabled_3d_editor":false},"markings":[{"id":0,"nom":"vierge","finition":null,"libelle":null,"code":null,"dpi":null,"finesse_forme_isolee":null,"finesse_forme_non_isolee":null,"hauteur_minimale_texte":null,"inactif":0,"marquage_interne":1,"quantite_min":null,"parent_id":null,"print_on_support":0,"content":"vierge","description":null},{"id":2,"nom":"fonce","finition":"optimale","libelle":"TopQuadri","code":null,"dpi":400,"finesse_forme_isolee":"0.040","finesse_forme_non_isolee":"0.700","hauteur_minimale_texte":2,"inactif":0,"marquage_interne":1,"quantite_min":null,"parent_id":18,"print_on_support":0,"content":"TopQuadri","description":"pour petites et moyennes s\u00e9ries"},{"id":3,"nom":"serigraphie","finition":"serigraphie","libelle":"SeriCoat","code":null,"dpi":400,"finesse_forme_isolee":"0.040","finesse_forme_non_isolee":"0.700","hauteur_minimale_texte":2,"inactif":0,"marquage_interne":1,"quantite_min":15,"parent_id":18,"print_on_support":0,"content":"SeriCoat","description":"pour moyennes et grandes s\u00e9ries"},{"id":4,"nom":"broderie","finition":"broderie","libelle":"Broderie","code":null,"dpi":400,"finesse_forme_isolee":"0.040","finesse_forme_non_isolee":"0.700","hauteur_minimale_texte":3,"inactif":0,"marquage_interne":1,"quantite_min":null,"parent_id":null,"print_on_support":0,"content":"Broderie","description":null},{"id":8,"nom":"theme","finition":null,"libelle":"Th\u00e8me","code":null,"dpi":null,"finesse_forme_isolee":null,"finesse_forme_non_isolee":null,"hauteur_minimale_texte":null,"inactif":0,"marquage_interne":1,"quantite_min":null,"parent_id":null,"print_on_support":0,"content":"Th\u00e8me","description":null},{"id":9,"nom":"sans","finition":null,"libelle":null,"code":null,"dpi":null,"finesse_forme_isolee":null,"finesse_forme_non_isolee":null,"hauteur_minimale_texte":null,"inactif":0,"marquage_interne":1,"quantite_min":null,"parent_id":null,"print_on_support":0,"content":"sans","description":null},{"id":10,"nom":"photo","finition":null,"libelle":"Photo","code":null,"dpi":null,"finesse_forme_isolee":null,"finesse_forme_non_isolee":null,"hauteur_minimale_texte":null,"inactif":0,"marquage_interne":1,"quantite_min":null,"parent_id":null,"print_on_support":0,"content":"Photo","description":null},{"id":14,"nom":"couleur","finition":null,"libelle":"Couleur","code":null,"dpi":null,"finesse_forme_isolee":null,"finesse_forme_non_isolee":null,"hauteur_minimale_texte":null,"inactif":0,"marquage_interne":1,"quantite_min":null,"parent_id":null,"print_on_support":0,"content":"Couleur","description":null},{"id":15,"nom":"sublimation","finition":"sublimation","libelle":"Sublimation","code":null,"dpi":null,"finesse_forme_isolee":"0.000","finesse_forme_non_isolee":"0.000","hauteur_minimale_texte":2,"inactif":0,"marquage_interne":1,"quantite_min":null,"parent_id":null,"print_on_support":0,"content":"Sublimation","description":null},{"id":16,"nom":"topquadri_uv","finition":null,"libelle":"TopQuadri UV","code":null,"dpi":null,"finesse_forme_isolee":"0.020","finesse_forme_non_isolee":"0.700","hauteur_minimale_texte":2,"inactif":0,"marquage_interne":1,"quantite_min":null,"parent_id":null,"print_on_support":1,"content":null,"description":null},{"id":17,"nom":"topquadri_uvp","finition":null,"libelle":"TopQuadri UVP","code":null,"dpi":null,"finesse_forme_isolee":"0.020","finesse_forme_non_isolee":"0.700","hauteur_minimale_texte":2,"inactif":0,"marquage_interne":1,"quantite_min":null,"parent_id":null,"print_on_support":1,"content":null,"description":null},{"id":18,"nom":"quadri","finition":null,"libelle":"Impression","code":null,"dpi":null,"finesse_forme_isolee":null,"finesse_forme_non_isolee":null,"hauteur_minimale_texte":null,"inactif":0,"marquage_interne":1,"quantite_min":null,"parent_id":null,"print_on_support":0,"content":null,"description":null}]}}