{"data":{"product":{"id":21537,"titre":"Hi viz jacket","description":"Coupe-vent haute-visibilit\u00e9. Coupe-vent, imperm\u00e9able et respirant. R\u00e9flechissant sur la poitrine\/les manches. Capuche 3 pi\u00e8ces avec cordon de serrage et stoppeurs r\u00e9glables. \u00c9tiquette d\u00e9tachable. 2 poches zipp\u00e9es. Composition : 100 % polyester taslan.","genre":"mixte","grammage":210,"conditionnement":24,"composition":"polyester,polyester_uniquement","reference":"to-tl560","reference_visible":"to-tl560","reference_fabricant":"TL560","ref_xor":"721508","in_catalog":true,"is_transfer":false,"is_service":false,"on_standby":false,"has_3d":false,"has_size_guide":true,"has_marking":true,"has_vierge":true,"is_cross_sellable":false,"id_picto":28,"filename_3d":null,"brand":{"id":23,"name":"Tombo","logo":"logo-tombo.png","image":"https:\/\/media.th4.com\/69WCm7YLO4ZbM1alQuQ-NWZoilXuo87IwKiw0TPi5MA\/pr:brand70x70\/aHR0cDovL21lZGlhMi5kZXNpZ25wYXJ0bmVyLmZyL2MvbS9sb2dvLXRvbWJvLnBuZw?v=1765453314"},"price_infos":{"price_from":36.36,"quantity":5,"color":{"id":24982,"name":"black\/reflective"},"size":{"id":4,"name":"XL"}},"price_infos_marking":{"price_from":31.35,"quantity":10,"color":{"id":24982,"name":"black\/reflective"},"size":{"id":4,"name":"XL"},"marking":{"id":2,"name":""},"emplacement":"avant","surface_emplacement_id":1,"surface":"coeur"},"i18n":{"blank":{"title":{"fr":"Hi viz jacket coupe-vent TOMBO tl560","en":"Hi viz jacket windbreaker TOMBO tl560","de":"Hi viz jacket windbreaker TOMBO tl560","nl":"Hi viz jacket windjack TOMBO tl560","es":"Hi viz jacket chaqueta cortaviento TOMBO tl560","it":"Hi viz jacket giacca antivento TOMBO tl560","sv":"Hi viz jacket vindjacka TOMBO tl560","pt":"Hi viz jacket corta-vento TOMBO tl560","da":"Hi viz jacket vindjakke TOMBO tl560","pl":"Hi viz jacket kurtka przeciwwiatrowa TOMBO tl560"},"description":{"fr":"Le coupe-vent Hi viz jacket est con\u00e7u en polyester taslan respirant et imperm\u00e9able. Il est \u00e9quip\u00e9 d'une capuche trois pi\u00e8ces avec cordon de serrage et stoppeurs r\u00e9glables, ainsi que de deux poches zipp\u00e9es. Des bandes r\u00e9fl\u00e9chissantes sont positionn\u00e9es sur la poitrine et les manches pour une meilleure visibilit\u00e9.\n\n- Composition 100 % polyester taslan\n- Capuche 3 pi\u00e8ces avec cordon serrage\n- Bandes r\u00e9fl\u00e9chissantes poitrine manches\n- Deux poches zipp\u00e9es","en":"The Hi viz jacket windbreaker is made of breathable and waterproof taslan polyester. It features a three-piece hood with drawstring and adjustable stoppers, as well as two zippered pockets. Reflective bands are placed on the chest and sleeves for better visibility.\n\n- Composition 100 % taslan polyester\n- 3-piece hood with drawstring\n- Reflective bands on chest and sleeves\n- Two zippered pockets","de":"Die winddichte Hi viz jacket ist aus atmungsaktivem und wasserdichtem Taslan-Polyester gefertigt. Sie hat eine dreiteilige Kapuze mit Kordelzug und verstellbaren Stoppern sowie zwei Rei\u00dfverschlusstaschen. Reflektierende Streifen sind auf Brust und \u00c4rmeln f\u00fcr bessere Sichtbarkeit angebracht.\n\n- Material 100 % Taslan-Polyester\n- Dreiteilige Kapuze mit Kordelzug\n- Reflektierende Streifen auf Brust und \u00c4rmeln\n- Zwei Rei\u00dfverschlusstaschen","nl":"De windjack Hi viz jacket is vervaardigd uit ademend en waterdicht polyester taslan. Het is uitgerust met een capuchon in drie delen met trekkoord en verstelbare stoptouwtjes, evenals twee zakken met rits. Reflecterende strepen zijn geplaatst op de borst en mouwen voor betere zichtbaarheid.\n\n- Samenstelling 100% polyester taslan\n- Capuchon in 3 delen met trekkoord\n- Reflecterende strepen op borst en mouwen\n- Twee zakken met rits","es":"La chaqueta cortaviento Hi viz jacket est\u00e1 fabricada en poli\u00e9ster taslan transpirable e impermeable. Cuenta con una capucha de tres piezas con cord\u00f3n ajustable y topes regulables, as\u00ed como dos bolsillos con cremallera. Bandas reflectantes ubicadas en el pecho y las mangas para mayor visibilidad.\n\n- Composici\u00f3n 100 % poli\u00e9ster taslan\n- Capucha de 3 piezas con cord\u00f3n ajustable\n- Bandas reflectantes en pecho y mangas\n- Dos bolsillos con cremallera","it":"La giacca antivento Hi viz jacket \u00e8 realizzata in poliestere taslan traspirante e impermeabile. \u00c8 dotata di cappuccio a tre pezzi con cordino di regolazione e fermacorda regolabili, oltre a due tasche con cerniera. Bande riflesse sono posizionate su petto e maniche per una migliore visibilit\u00e0.\n\n- Composizione 100% poliestere taslan\n- Cappuccio a 3 pezzi con cordino di regolazione\n- Bande riflesse su petto e maniche\n- Due tasche con cerniera","sv":"Vindjackan Hi viz jacket \u00e4r tillverkad i andningsbart och vattent\u00e4tt taslan-polyester. Den \u00e4r utrustad med tredelad huva med dragsko och justerbara stoppare samt tv\u00e5 dragkedjef\u00f6rsedda fickor. Reflexband \u00e4r placerade p\u00e5 br\u00f6st och \u00e4rmar f\u00f6r b\u00e4ttre synlighet.\n\n- Material 100 % taslan-polyester\n- Tre-delad huva med dragsko\n- Reflexband br\u00f6st \u00e4rmar\n- Tv\u00e5 dragkedjef\u00f6rsedda fickor","pt":"O corta-vento Hi viz jacket \u00e9 confeccionado em poli\u00e9ster taslan respir\u00e1vel e imperme\u00e1vel. Possui capuz de tr\u00eas pe\u00e7as com cord\u00e3o de ajuste e reguladores, al\u00e9m de dois bolsos com z\u00edper. Faixas refletoras est\u00e3o posicionadas no peito e nas mangas para melhor visibilidade.\n\n- Composi\u00e7\u00e3o 100 % poli\u00e9ster taslan\n- Capuz de 3 pe\u00e7as com cord\u00e3o de ajuste\n- Faixas refletoras no peito e mangas\n- Dois bolsos com z\u00edper","da":"Vindjakken Hi viz jacket er fremstillet i \u00e5ndbar og vandt\u00e6t taslan polyester. Den har en tre-delt h\u00e6tte med snor og justerbare stop, samt to lynl\u00e5slommer. Reflekser er placeret p\u00e5 bryst og \u00e6rmer for bedre synlighed.\n\n- Sammens\u00e6tning 100 % taslan polyester\n- H\u00e6tte i 3 dele med snor\n- Reflekser p\u00e5 bryst og \u00e6rmer\n- To lynl\u00e5slommer","pl":"Kurtka przeciwwiatrowa Hi viz jacket wykonana jest z oddychaj\u0105cego i wodoodpornego poliestru taslan. Wyposa\u017cona w trzycz\u0119\u015bciowy kaptur z regulowanym sznurkiem i stoperami oraz dwie kieszenie zapinane na zamek. Odblaskowe pasy na piersi i r\u0119kawach zapewniaj\u0105 lepsz\u0105 widoczno\u015b\u0107.\n\n- Sk\u0142ad 100% poliester taslan\n- Kaptur 3-cz\u0119\u015bciowy z regulowanym sznurkiem\n- Odblaskowe pasy na piersi i r\u0119kawach\n- Dwie kieszenie zapinane na zamek"},"h1":{"fr":"Hi viz jacket coupe-vent tl560","en":"Hi viz jacket windbreaker tl560","de":"Hi viz jacket windbreaker tl560","nl":"Hi viz jacket windjack tl560","es":"Hi viz jacket chaqueta cortaviento tl560","it":"Hi viz jacket giacca antivento tl560","sv":"Hi viz jacket vindjacka tl560","pt":"Hi viz jacket corta-vento tl560","da":"Hi viz jacket vindjakke tl560","pl":"Hi viz jacket kurtka przeciwwiatrowa tl560"},"meta_description":{"fr":"Le coupe-vent Hi viz jacket est en polyester respirant et imperm\u00e9able avec capuche ajustable et bandes r\u00e9fl\u00e9chissantes sur poitrine et manches.","en":"The Hi viz jacket windbreaker is made of breathable and waterproof polyester with adjustable hood and reflective bands on chest and sleeves.","de":"Die winddichte Hi viz jacket besteht aus atmungsaktivem und wasserdichtem Polyester mit verstellbarer Kapuze und reflektierenden Streifen an Brust und \u00c4rmeln.","nl":"De windjack Hi viz jacket is gemaakt van ademend en waterdicht polyester met verstelbare capuchon en reflecterende strepen op borst en mouwen.","es":"La chaqueta cortaviento Hi viz jacket es de poli\u00e9ster transpirable e impermeable con capucha ajustable y bandas reflectantes en el pecho y las mangas.","it":"La giacca antivento Hi viz jacket \u00e8 in poliestere traspirante e impermeabile con cappuccio regolabile e bande riflesse su petto e maniche.","sv":"Vindjackan Hi viz jacket \u00e4r i andningsbart och vattent\u00e4tt polyester med justerbar huva och reflexband p\u00e5 br\u00f6st och \u00e4rmar.","pt":"O corta-vento Hi viz jacket \u00e9 em poli\u00e9ster respir\u00e1vel e imperme\u00e1vel com capuz ajust\u00e1vel e faixas refletoras no peito e nas mangas.","da":"Vindjakken Hi viz jacket er i \u00e5ndbart og vandt\u00e6t polyester med justerbar h\u00e6tte og reflekser p\u00e5 bryst og \u00e6rmer.","pl":"Kurtka przeciwwiatrowa Hi viz jacket wykonana jest z oddychaj\u0105cego i wodoodpornego poliestru z regulowanym kapturem oraz odblaskowymi pasami na piersi i r\u0119kawach."}},"custom":{"title":{"fr":"Hi viz jacket coupe-vent TOMBO tl560 personnalisable","en":"Hi viz jacket windbreaker TOMBO tl560 customizable","de":"Hi viz jacket windbreaker TOMBO tl560 anpassbar","nl":"Hi viz jacket winddichte TOMBO tl560 personaliseerbaar","es":"Hi viz jacket cortavientos TOMBO tl560 personalizable","it":"Hi viz jacket antivento TOMBO tl560 personalizzabile","sv":"Hi viz jacket coupe-vent TOMBO tl560 personnalisable","pt":"Hi viz jacket coupe-vent TOMBO tl560 personaliz\u00e1vel","da":"Hi viz jacket vind- og vandafvisende jakke TOMBO tl560 tilpasningsbar","pl":"Hi viz jacket windbreaker TOMBO tl560 customisable"},"description":{"fr":"Le coupe-vent haute-visibilit\u00e9 est con\u00e7u en polyester taslan 100 %. Il est imperm\u00e9able et respirant avec des \u00e9l\u00e9ments r\u00e9fl\u00e9chissants sur la poitrine et les manches. La capuche trois pi\u00e8ces est \u00e9quip\u00e9e d'un cordon de serrage avec stoppeurs r\u00e9glables. Deux poches zipp\u00e9es compl\u00e8tent sa fonctionnalit\u00e9. \u00c9tiquette d\u00e9tachable.\n\n- Composition 100 % polyester taslan\n- Capuche 3 pi\u00e8ces avec cordon r\u00e9glable\n- Poches zipp\u00e9es doubles\n- Personnalisable","en":"The high-visibility windbreaker is made of 100% taslan polyester. It is waterproof and breathable with reflective elements on the chest and sleeves. The three-piece hood is equipped with a drawstring and adjustable stoppers. Two zipped pockets complement its functionality. Detachable label.\n\n- 100% taslan polyester composition\n- 3-piece hood with adjustable cord\n- Double zipped pockets\n- Customizable","de":"Der Windbreaker mit hoher Sichtbarkeit besteht aus 100 % Taslan-Polyester. Er ist wasserdicht und atmungsaktiv mit reflektierenden Elementen auf Brust und \u00c4rmeln. Die dreiteilige Kapuze verf\u00fcgt \u00fcber einen Kordelzug mit verstellbaren Stoppern. Zwei Rei\u00dfverschlusstaschen erg\u00e4nzen die Funktionalit\u00e4t. Abnehmbare Etikette.\n\n- Zusammensetzung 100 % Taslan-Polyester\n- Dreiteilige Kapuze mit verstellbarem Kordelzug\n- Doppelte Rei\u00dfverschlusstaschen\n- Anpassbar","nl":"De winddichte hoge zichtbaarheid jas is gemaakt van 100% polyester taslan. Hij is waterdicht en ademend met reflecterende onderdelen op borst en mouwen. De drie-delige capuchon is voorzien van een trekkoord met verstelbare stopper. Twee ritssluitingen zakken completeren de functionaliteit. Afneembaar label.\n\n- Samenstelling 100% polyester taslan\n- Drie-delige capuchon met verstelbaar trekkoord\n- Dubbele ritssluitingen zakken\n- Personaliseerbaar","es":"El cortavientos de alta visibilidad est\u00e1 fabricado en poli\u00e9ster taslan 100 %. Es impermeable y transpirable con elementos reflectantes en el pecho y mangas. La capucha de tres piezas tiene un cord\u00f3n ajustable con topes regulables. Dos bolsillos con cremallera completan su funcionalidad. Etiqueta desmontable.\n\n- Composici\u00f3n 100 % poli\u00e9ster taslan\n- Capucha de 3 piezas con cord\u00f3n ajustable\n- Bolsillos con cremallera dobles\n- Personalizable","it":"L'antivento ad alta visibilit\u00e0 \u00e8 realizzato in poliestere taslan 100%. \u00c8 impermeabile e traspirante con elementi riflettenti su petto e maniche. Il cappuccio a tre pezzi \u00e8 dotato di coulisse con fermacordoni regolabili. Due tasche con zip completano la funzionalit\u00e0. Etichetta staccabile.\n\n- Composizione 100% poliestere taslan\n- Cappuccio a 3 pezzi con coulisse regolabile\n- Tasche doppie con zip\n- Personalizzabile","sv":"Coupe-venten i h\u00f6gsynlig polyester taslan 100 % \u00e4r vattent\u00e4t och andningsbar med reflekterande detaljer p\u00e5 br\u00f6st och \u00e4rmar. Tre-delad huva med justerbart dragsko och stoppare. Tv\u00e5 dragkedjefickor. Avtagbar etikett.\n\n- Material 100 % polyester taslan\n- Tre-delad huva med justerbar dragsko\n- Dubbel dragkedjefickor\n- Anpassningsbar","pt":"O coupe-vent de alta visibilidade \u00e9 feito em 100% poli\u00e9ster taslan. \u00c9 imperme\u00e1vel e respir\u00e1vel com elementos reflexivos no peito e nas mangas. O capuz de tr\u00eas pe\u00e7as possui cord\u00e3o ajust\u00e1vel com travas. Dois bolsos com z\u00edper complementam sua funcionalidade. Etiqueta destac\u00e1vel.\n\n- Composi\u00e7\u00e3o 100% poli\u00e9ster taslan\n- Capuz de 3 pe\u00e7as com cord\u00e3o ajust\u00e1vel\n- Bolsos duplos com z\u00edper\n- Personaliz\u00e1vel","da":"Den h\u00f8j synlighed vindjakke er fremstillet i 100 % polyester taslan. Den er vand- og \u00e5ndbar med reflekterende elementer p\u00e5 bryst og \u00e6rmer. H\u00e6tten i tre dele har justerbar sn\u00f8re med stop. To lynl\u00e5slommer \u00f8ger funktionaliteten. Aftagelig label.\n\n- Materiale 100 % polyester taslan\n- H\u00e6tte i 3 dele med justerbar sn\u00f8re\n- To lynl\u00e5slommer\n- Tilpasningsbar","pl":"The high-visibility windbreaker is made of 100% taslan polyester. It is waterproof and breathable with reflective elements on the chest and sleeves. The three-piece hood is equipped with a drawstring with adjustable stoppers. Two zipped pockets complete its functionality. Detachable label.\n\n- Composition 100% taslan polyester\n- 3-piece hood with adjustable drawstring\n- Double zipped pockets\n- Customisable"},"h1":{"fr":"Hi viz jacket coupe-vent tl560 personnalisable","en":"Hi viz jacket windbreaker tl560 customizable","de":"Hi viz jacket windbreaker tl560 anpassbar","nl":"Hi viz jacket winddichte tl560 personaliseerbaar","es":"Hi viz jacket cortavientos tl560 personalizable","it":"Hi viz jacket antivento tl560 personalizzabile","sv":"Hi viz jacket coupe-vent tl560 personnalisable","pt":"Hi viz jacket coupe-vent tl560 personaliz\u00e1vel","da":"Hi viz jacket vindjakke tl560 tilpasningsbar","pl":"Hi viz jacket windbreaker tl560 customisable"},"meta_description":{"fr":"Coupe-vent haute-visibilit\u00e9 en polyester taslan, imperm\u00e9able et respirant avec capuche r\u00e9glable et poches zipp\u00e9es. R\u00e9fl\u00e9chissant sur poitrine et manches.","en":"High-visibility windbreaker in taslan polyester, waterproof and breathable with adjustable hood and zipped pockets. Reflective on chest and sleeves.","de":"Windbreaker aus Taslan-Polyester, wasserdicht und atmungsaktiv mit verstellbarer Kapuze und Rei\u00dfverschlusstaschen. Reflektierend auf Brust und \u00c4rmeln.","nl":"Winddichte hoge zichtbaarheid jas van polyester taslan, waterdicht en ademend met verstelbare capuchon en ritssluitingen. Reflecterend op borst en mouwen.","es":"Cortavientos de alta visibilidad en poli\u00e9ster taslan, impermeable y transpirable con capucha ajustable y bolsillos con cremallera. Reflectante en el pecho y mangas.","it":"Antivento ad alta visibilit\u00e0 in poliestere taslan, impermeabile e traspirante con cappuccio regolabile e tasche con zip. Riflettente su petto e maniche.","sv":"H\u00f6gsynlig coupe-vent i polyester taslan, vattent\u00e4t och andningsbar med justerbar huva och dragkedjef\u00f6rsedda fickor. Reflekterande p\u00e5 br\u00f6st och \u00e4rmar.","pt":"Coupe-vent de alta visibilidade em poli\u00e9ster taslan, imperme\u00e1vel e respir\u00e1vel com capuz ajust\u00e1vel e bolsos com z\u00edper. Reflexivo no peito e nas mangas.","da":"H\u00f8j synlighed vind- og vandafvisende jakke i polyester taslan, \u00e5ndbar med justerbar h\u00e6tte og lynl\u00e5slommer. Reflekterende p\u00e5 bryst og \u00e6rmer.","pl":"High-visibility windbreaker in taslan polyester, waterproof and breathable with adjustable hood and zipped pockets. Reflective on chest and sleeves."}}},"categories":[{"id":300,"name":"Coupe-vents","singular":"Coupe-vent","is_feminin":false},{"id":329,"name":"Vestes et gilets de s\u00e9curit\u00e9","singular":"Veste et gilet de s\u00e9curit\u00e9","is_feminin":false},{"id":560,"name":"Sports et Loisirs","singular":"Sport et Loisir","is_feminin":false},{"id":572,"name":"Textiles r\u00e9fl\u00e9chissants","singular":"Textile r\u00e9fl\u00e9chissant","is_feminin":false},{"id":13,"name":"Vestes et manteaux","singular":"Veste et manteau","is_feminin":true},{"id":559,"name":"Univers","singular":"Univers","is_feminin":false},{"id":354,"name":"Textile","singular":"Textile","is_feminin":false}],"certifications":[{"id":20,"label":"Amfori BSCI","logo_link":"\/images\/certifications\/20_Amfori_BSCI.jpg","is_marking_compatible":false}],"videos":{"fr":[],"en":[],"de":[],"nl":[],"es":[],"it":[],"sv":[],"pt":[],"da":[],"pl":[]},"main_images":{"miniature":"https:\/\/media.th4.com\/GKk-wtNgfXhuSGc_-NYfD9kXtG5u1ppoc8D20uPAbJI\/pr:80\/aHR0cDovL21lZGlhMi5kZXNpZ25wYXJ0bmVyLmZyL2MvcC1ibGFuay1USC8yMTUzNy53ZWJw?v=1765440061","medium":"https:\/\/media.th4.com\/rj9F6djXImi3FDGaFFj98BktSmYTCOAgtQgg86O7Zro\/pr:550x550greybg\/aHR0cDovL21lZGlhMi5kZXNpZ25wYXJ0bmVyLmZyL2MvcC1ibGFuay1USC8yMTUzNy53ZWJw?v=1765440061","medium_large":"https:\/\/media.th4.com\/PYwJnmviu1fdEsm9IRqb5sQOqqqo0bevpgBbYOU1Zic\/pr:1000x1000greybg\/aHR0cDovL21lZGlhMi5kZXNpZ25wYXJ0bmVyLmZyL2MvcC1ibGFuay1USC8yMTUzNy53ZWJw?v=1765440061","large":"https:\/\/media.th4.com\/g87iIKdYAZkFtLrLMmYFpdM-jTgH81pmbQ52PAj_jTs\/pr:1920greybg\/aHR0cDovL21lZGlhMi5kZXNpZ25wYXJ0bmVyLmZyL2MvcC1ibGFuay1USC8yMTUzNy53ZWJw?v=1765440061","opengraph":"https:\/\/media.th4.com\/U7ERlHnZkalhObaCpu6QPQCYyAfE0BmtNNfBTm8ffe0\/pr:1200x630greybg\/aHR0cDovL21lZGlhMi5kZXNpZ25wYXJ0bmVyLmZyL2MvcC1ibGFuay1USC8yMTUzNy53ZWJw?v=1765440061"},"main_images_customization":{"miniature":"https:\/\/media.th4.com\/RnfyxsCEsLTrKyy1uY1hmy12A9VcmHsYFBpNdFAeKQc\/pr:80\/aHR0cDovL21lZGlhMi5kZXNpZ25wYXJ0bmVyLmZyL2MvcC1jdXN0b20tVEgvMjE1Mzcud2VicA?v=1765440090","medium":"https:\/\/media.th4.com\/nxBU_8VoPQyhOXxuSWDRrvjTsdgeN2LAq1tHoBSUFQk\/pr:550x550greybg\/aHR0cDovL21lZGlhMi5kZXNpZ25wYXJ0bmVyLmZyL2MvcC1jdXN0b20tVEgvMjE1Mzcud2VicA?v=1765440090","medium_large":"https:\/\/media.th4.com\/I3_bqF8iIy0T4zy3-k6WRFmo_Y97z-Aehl3UdhF4Bfk\/pr:1000x1000greybg\/aHR0cDovL21lZGlhMi5kZXNpZ25wYXJ0bmVyLmZyL2MvcC1jdXN0b20tVEgvMjE1Mzcud2VicA?v=1765440090","large":"https:\/\/media.th4.com\/5GuBNzlYL9UKdY2N3crJi71DxlXp2ayu3zOLHabOhP0\/pr:1920greybg\/aHR0cDovL21lZGlhMi5kZXNpZ25wYXJ0bmVyLmZyL2MvcC1jdXN0b20tVEgvMjE1Mzcud2VicA?v=1765440090","opengraph":"https:\/\/media.th4.com\/1lwY1ZAlUjelFG79yDB8HgLdxOw7UPIl5b7UIJ8bK7E\/pr:1200x630greybg\/aHR0cDovL21lZGlhMi5kZXNpZ25wYXJ0bmVyLmZyL2MvcC1jdXN0b20tVEgvMjE1Mzcud2VicA?v=1765440090"},"page_links":{"fr":"\/fr\/p-to-tl560-hi-viz-jacket-coupe-vent-tl560-21537\/","en":"\/en\/p-to-tl560-hi-viz-jacket-windbreaker-tl560-21537\/","de":"\/de\/p-to-tl560-hi-viz-jacket-windbreaker-tl560-21537\/","nl":"\/nl\/p-to-tl560-hi-viz-jacket-windjack-tl560-21537\/","es":"\/es\/p-to-tl560-hi-viz-jacket-chaqueta-cortaviento-tl560-21537\/","it":"\/it\/p-to-tl560-hi-viz-jacket-giacca-antivento-tl560-21537\/","sv":"\/sv\/p-to-tl560-hi-viz-jacket-vindjacka-tl560-21537\/","pt":"\/pt\/p-to-tl560-hi-viz-jacket-corta-vento-tl560-21537\/","da":"\/da\/p-to-tl560-hi-viz-jacket-vindjakke-tl560-21537\/","pl":"\/pl\/p-to-tl560-hi-viz-jacket-kurtka-przeciwwiatrowa-tl560-21537\/"},"page_links_customization":{"fr":"\/fr\/p-to-tl560-hi-viz-jacket-coupe-vent-tl560-personnalisable-21537\/custom\/","en":"\/en\/p-to-tl560-hi-viz-jacket-windbreaker-tl560-customizable-21537\/custom\/","de":"\/de\/p-to-tl560-hi-viz-jacket-windbreaker-tl560-anpassbar-21537\/custom\/","nl":"\/nl\/p-to-tl560-hi-viz-jacket-winddichte-tl560-personaliseerbaar-21537\/custom\/","es":"\/es\/p-to-tl560-hi-viz-jacket-cortavientos-tl560-personalizable-21537\/custom\/","it":"\/it\/p-to-tl560-hi-viz-jacket-antivento-tl560-personalizzabile-21537\/custom\/","sv":"\/sv\/p-to-tl560-hi-viz-jacket-coupe-vent-tl560-personnalisable-21537\/custom\/","pt":"\/pt\/p-to-tl560-hi-viz-jacket-coupe-vent-tl560-personalizavel-21537\/custom\/","da":"\/da\/p-to-tl560-hi-viz-jacket-vindjakke-tl560-tilpasningsbar-21537\/custom\/","pl":"\/pl\/p-to-tl560-hi-viz-jacket-windbreaker-tl560-customisable-21537\/custom\/"},"equivalent_products":[],"colors":[{"id":24982,"name":"black\/reflective","class_ids":[4,3],"codes_hexa":["292C33","ADADAF"],"delai_24":false,"has_3d":false,"seuil_global":0,"stock_local":0,"stock_global":33,"on_standby":false,"in_catalog":true,"images":{"miniature":["https:\/\/media.th4.com\/XAWd2Qn8vk9qLsBeuIletgzsAe1cHknBat8FCz_J1Wo\/pr:80\/aHR0cDovL21lZGlhMi5kZXNpZ25wYXJ0bmVyLmZyL2MvcC8yMTUzNy8yMTUzNy0yNDk4Mi0xLndlYnA?v=1765439982","https:\/\/media.th4.com\/H55bHgfzX-_NFldhKbBB_PpbDws0wNO5ZxeL_qQJ0yY\/pr:80\/aHR0cDovL21lZGlhMi5kZXNpZ25wYXJ0bmVyLmZyL2MvcC8yMTUzNy8yMTUzNy0yNDk4Mi0yLndlYnA?v=1765439982","https:\/\/media.th4.com\/opRCkKfRRVcENJYOWHPJyKPFGhattTPVZUN-SgJhdU0\/pr:80\/aHR0cDovL21lZGlhMi5kZXNpZ25wYXJ0bmVyLmZyL2MvcC8yMTUzNy8yMTUzNy0yNDk4Mi00LndlYnA?v=1765439983"],"medium":["https:\/\/media.th4.com\/CNcc7nHlMfzC2YWLQSsN6qPYpigQD4GAdIXtX55dMEE\/pr:550x550\/aHR0cDovL21lZGlhMi5kZXNpZ25wYXJ0bmVyLmZyL2MvcC8yMTUzNy8yMTUzNy0yNDk4Mi0xLndlYnA?v=1765439982","https:\/\/media.th4.com\/I1QG2VVU5U1jiY-gZ1NOrEQ9rfLW2PNek6PLAtF6xpw\/pr:550x550\/aHR0cDovL21lZGlhMi5kZXNpZ25wYXJ0bmVyLmZyL2MvcC8yMTUzNy8yMTUzNy0yNDk4Mi0yLndlYnA?v=1765439982","https:\/\/media.th4.com\/vWueFWp-or6JPwj_snPsSLqzuNwLpRGVvkIiwlq3o8s\/pr:550x550\/aHR0cDovL21lZGlhMi5kZXNpZ25wYXJ0bmVyLmZyL2MvcC8yMTUzNy8yMTUzNy0yNDk4Mi00LndlYnA?v=1765439983"],"medium_large":["https:\/\/media.th4.com\/7X86_GUqPExsJeagQsWi87i4ijtFIiLv0kSyUs4Lzh8\/pr:1000x1000\/aHR0cDovL21lZGlhMi5kZXNpZ25wYXJ0bmVyLmZyL2MvcC8yMTUzNy8yMTUzNy0yNDk4Mi0xLndlYnA?v=1765439982","https:\/\/media.th4.com\/wOkcE352dgCPBcbq4YsWvV2ndUHY_uKt56MXPdqb5aU\/pr:1000x1000\/aHR0cDovL21lZGlhMi5kZXNpZ25wYXJ0bmVyLmZyL2MvcC8yMTUzNy8yMTUzNy0yNDk4Mi0yLndlYnA?v=1765439982","https:\/\/media.th4.com\/ImmGQZxTOTMouzjKrrDZP0FCjMVSdoTk3bHPqCrcUAc\/pr:1000x1000\/aHR0cDovL21lZGlhMi5kZXNpZ25wYXJ0bmVyLmZyL2MvcC8yMTUzNy8yMTUzNy0yNDk4Mi00LndlYnA?v=1765439983"],"large":["https:\/\/media.th4.com\/dkOjA_cxgnJliT--qmdc9iL9aZ0TLB8FLOWKRZ5SEoQ\/pr:1920\/aHR0cDovL21lZGlhMi5kZXNpZ25wYXJ0bmVyLmZyL2MvcC8yMTUzNy8yMTUzNy0yNDk4Mi0xLndlYnA?v=1765439982","https:\/\/media.th4.com\/8Am-BUv6wbkbY9hgTErgf3nrRiizz9Sbo2M0dqMyo5E\/pr:1920\/aHR0cDovL21lZGlhMi5kZXNpZ25wYXJ0bmVyLmZyL2MvcC8yMTUzNy8yMTUzNy0yNDk4Mi0yLndlYnA?v=1765439982","https:\/\/media.th4.com\/JP4-zMOnZfZo7eAbXs8olURzlg9HaFjppI21muYPUK8\/pr:1920\/aHR0cDovL21lZGlhMi5kZXNpZ25wYXJ0bmVyLmZyL2MvcC8yMTUzNy8yMTUzNy0yNDk4Mi00LndlYnA?v=1765439983"],"opengraph":["https:\/\/media.th4.com\/uVTXdmWDrHd1CoUyf5jBKl1sNAgrzKLQKXddR8HfnKc\/pr:1200x630\/aHR0cDovL21lZGlhMi5kZXNpZ25wYXJ0bmVyLmZyL2MvcC8yMTUzNy8yMTUzNy0yNDk4Mi0xLndlYnA?v=1765439982","https:\/\/media.th4.com\/b1EQgYxajdSLhR8PTqe80ubL2dJFNy8S-rSzHwJrh24\/pr:1200x630\/aHR0cDovL21lZGlhMi5kZXNpZ25wYXJ0bmVyLmZyL2MvcC8yMTUzNy8yMTUzNy0yNDk4Mi0yLndlYnA?v=1765439982","https:\/\/media.th4.com\/JlvOIRRkGfNutow0ShzP09LQpfkDgJ_zYZ8aNfgxhWY\/pr:1200x630\/aHR0cDovL21lZGlhMi5kZXNpZ25wYXJ0bmVyLmZyL2MvcC8yMTUzNy8yMTUzNy0yNDk4Mi00LndlYnA?v=1765439983"]},"images_customization":{"miniature":["https:\/\/media.th4.com\/XAWd2Qn8vk9qLsBeuIletgzsAe1cHknBat8FCz_J1Wo\/pr:80\/aHR0cDovL21lZGlhMi5kZXNpZ25wYXJ0bmVyLmZyL2MvcC8yMTUzNy8yMTUzNy0yNDk4Mi0xLndlYnA?v=1765439982","https:\/\/media.th4.com\/H55bHgfzX-_NFldhKbBB_PpbDws0wNO5ZxeL_qQJ0yY\/pr:80\/aHR0cDovL21lZGlhMi5kZXNpZ25wYXJ0bmVyLmZyL2MvcC8yMTUzNy8yMTUzNy0yNDk4Mi0yLndlYnA?v=1765439982","https:\/\/media.th4.com\/opRCkKfRRVcENJYOWHPJyKPFGhattTPVZUN-SgJhdU0\/pr:80\/aHR0cDovL21lZGlhMi5kZXNpZ25wYXJ0bmVyLmZyL2MvcC8yMTUzNy8yMTUzNy0yNDk4Mi00LndlYnA?v=1765439983"],"medium":["https:\/\/media.th4.com\/CNcc7nHlMfzC2YWLQSsN6qPYpigQD4GAdIXtX55dMEE\/pr:550x550\/aHR0cDovL21lZGlhMi5kZXNpZ25wYXJ0bmVyLmZyL2MvcC8yMTUzNy8yMTUzNy0yNDk4Mi0xLndlYnA?v=1765439982","https:\/\/media.th4.com\/I1QG2VVU5U1jiY-gZ1NOrEQ9rfLW2PNek6PLAtF6xpw\/pr:550x550\/aHR0cDovL21lZGlhMi5kZXNpZ25wYXJ0bmVyLmZyL2MvcC8yMTUzNy8yMTUzNy0yNDk4Mi0yLndlYnA?v=1765439982","https:\/\/media.th4.com\/vWueFWp-or6JPwj_snPsSLqzuNwLpRGVvkIiwlq3o8s\/pr:550x550\/aHR0cDovL21lZGlhMi5kZXNpZ25wYXJ0bmVyLmZyL2MvcC8yMTUzNy8yMTUzNy0yNDk4Mi00LndlYnA?v=1765439983"],"medium_large":["https:\/\/media.th4.com\/7X86_GUqPExsJeagQsWi87i4ijtFIiLv0kSyUs4Lzh8\/pr:1000x1000\/aHR0cDovL21lZGlhMi5kZXNpZ25wYXJ0bmVyLmZyL2MvcC8yMTUzNy8yMTUzNy0yNDk4Mi0xLndlYnA?v=1765439982","https:\/\/media.th4.com\/wOkcE352dgCPBcbq4YsWvV2ndUHY_uKt56MXPdqb5aU\/pr:1000x1000\/aHR0cDovL21lZGlhMi5kZXNpZ25wYXJ0bmVyLmZyL2MvcC8yMTUzNy8yMTUzNy0yNDk4Mi0yLndlYnA?v=1765439982","https:\/\/media.th4.com\/ImmGQZxTOTMouzjKrrDZP0FCjMVSdoTk3bHPqCrcUAc\/pr:1000x1000\/aHR0cDovL21lZGlhMi5kZXNpZ25wYXJ0bmVyLmZyL2MvcC8yMTUzNy8yMTUzNy0yNDk4Mi00LndlYnA?v=1765439983"],"large":["https:\/\/media.th4.com\/dkOjA_cxgnJliT--qmdc9iL9aZ0TLB8FLOWKRZ5SEoQ\/pr:1920\/aHR0cDovL21lZGlhMi5kZXNpZ25wYXJ0bmVyLmZyL2MvcC8yMTUzNy8yMTUzNy0yNDk4Mi0xLndlYnA?v=1765439982","https:\/\/media.th4.com\/8Am-BUv6wbkbY9hgTErgf3nrRiizz9Sbo2M0dqMyo5E\/pr:1920\/aHR0cDovL21lZGlhMi5kZXNpZ25wYXJ0bmVyLmZyL2MvcC8yMTUzNy8yMTUzNy0yNDk4Mi0yLndlYnA?v=1765439982","https:\/\/media.th4.com\/JP4-zMOnZfZo7eAbXs8olURzlg9HaFjppI21muYPUK8\/pr:1920\/aHR0cDovL21lZGlhMi5kZXNpZ25wYXJ0bmVyLmZyL2MvcC8yMTUzNy8yMTUzNy0yNDk4Mi00LndlYnA?v=1765439983"],"opengraph":["https:\/\/media.th4.com\/uVTXdmWDrHd1CoUyf5jBKl1sNAgrzKLQKXddR8HfnKc\/pr:1200x630\/aHR0cDovL21lZGlhMi5kZXNpZ25wYXJ0bmVyLmZyL2MvcC8yMTUzNy8yMTUzNy0yNDk4Mi0xLndlYnA?v=1765439982","https:\/\/media.th4.com\/b1EQgYxajdSLhR8PTqe80ubL2dJFNy8S-rSzHwJrh24\/pr:1200x630\/aHR0cDovL21lZGlhMi5kZXNpZ25wYXJ0bmVyLmZyL2MvcC8yMTUzNy8yMTUzNy0yNDk4Mi0yLndlYnA?v=1765439982","https:\/\/media.th4.com\/JlvOIRRkGfNutow0ShzP09LQpfkDgJ_zYZ8aNfgxhWY\/pr:1200x630\/aHR0cDovL21lZGlhMi5kZXNpZ25wYXJ0bmVyLmZyL2MvcC8yMTUzNy8yMTUzNy0yNDk4Mi00LndlYnA?v=1765439983"]},"country_origin":"BD","traceability":{"manufacturing_country_id":59,"weaving_country_id":61,"dyeing_country_id":61},"sizes":[{"id":5,"article_id":530876,"class_id":2,"name":"XS","on_standby":false,"stock_local":0,"stock_global":2,"multiple":1,"estimated_date_reassort":null,"is_destocking":false},{"id":4,"article_id":530875,"class_id":6,"name":"XL","on_standby":false,"stock_local":0,"stock_global":16,"multiple":1,"estimated_date_reassort":null,"is_destocking":false},{"id":1116,"article_id":530877,"class_id":7,"name":"2XL","on_standby":false,"stock_local":0,"stock_global":15,"multiple":1,"estimated_date_reassort":null,"is_destocking":false}],"page_links":{"fr":"\/fr\/p-to-tl560-hi-viz-jacket-coupe-vent-tl560-21537\/black-reflective-24982\/","en":"\/en\/p-to-tl560-hi-viz-jacket-windbreaker-tl560-21537\/black-reflective-24982\/","de":"\/de\/p-to-tl560-hi-viz-jacket-windbreaker-tl560-21537\/black-reflective-24982\/","nl":"\/nl\/p-to-tl560-hi-viz-jacket-windjack-tl560-21537\/black-reflective-24982\/","es":"\/es\/p-to-tl560-hi-viz-jacket-chaqueta-cortaviento-tl560-21537\/black-reflective-24982\/","it":"\/it\/p-to-tl560-hi-viz-jacket-giacca-antivento-tl560-21537\/black-reflective-24982\/","sv":"\/sv\/p-to-tl560-hi-viz-jacket-vindjacka-tl560-21537\/black-reflective-24982\/","pt":"\/pt\/p-to-tl560-hi-viz-jacket-corta-vento-tl560-21537\/black-reflective-24982\/","da":"\/da\/p-to-tl560-hi-viz-jacket-vindjakke-tl560-21537\/black-reflective-24982\/","pl":"\/pl\/p-to-tl560-hi-viz-jacket-kurtka-przeciwwiatrowa-tl560-21537\/black-reflective-24982\/"},"page_links_customization":{"fr":"\/fr\/p-to-tl560-hi-viz-jacket-coupe-vent-tl560-personnalisable-21537\/black-reflective-24982\/custom\/","en":"\/en\/p-to-tl560-hi-viz-jacket-windbreaker-tl560-customizable-21537\/black-reflective-24982\/custom\/","de":"\/de\/p-to-tl560-hi-viz-jacket-windbreaker-tl560-anpassbar-21537\/black-reflective-24982\/custom\/","nl":"\/nl\/p-to-tl560-hi-viz-jacket-winddichte-tl560-personaliseerbaar-21537\/black-reflective-24982\/custom\/","es":"\/es\/p-to-tl560-hi-viz-jacket-cortavientos-tl560-personalizable-21537\/black-reflective-24982\/custom\/","it":"\/it\/p-to-tl560-hi-viz-jacket-antivento-tl560-personalizzabile-21537\/black-reflective-24982\/custom\/","sv":"\/sv\/p-to-tl560-hi-viz-jacket-coupe-vent-tl560-personnalisable-21537\/black-reflective-24982\/custom\/","pt":"\/pt\/p-to-tl560-hi-viz-jacket-coupe-vent-tl560-personalizavel-21537\/black-reflective-24982\/custom\/","da":"\/da\/p-to-tl560-hi-viz-jacket-vindjakke-tl560-tilpasningsbar-21537\/black-reflective-24982\/custom\/","pl":"\/pl\/p-to-tl560-hi-viz-jacket-windbreaker-tl560-customisable-21537\/black-reflective-24982\/custom\/"}}],"documentation_link":"\/pdf\/21537.pdf","countries_availables":["AD","AE","AL","AT","BA","BD","BE","BG","BL","CA","CH","CN","CO","CY","CZ","DE","DK","DO","EE","EG","ES","ET","FI","FR","GB","GE","GF","GP","GR","GT","HK","HN","HR","HT","HU","ID","IE","IN","IS","IT","JO","JP","KE","KH","KP","KR","LA","LK","LS","LT","LU","LV","MA","MF","MG","MK","MM","MN","MQ","MT","MX","MY","NC","NI","NL","PF","PH","PK","PL","PM","PT","RE","RO","SE","SG","SI","SK","SV","SY","TH","TN","TR","TW","TZ","US","VN","WF","YT"]},"infos_customization":[],"features":{"authorize_multi_surfaces":true,"display_order_delay_type":true,"promote_surface_display":true,"tarification_franco_offert":true,"enabled_3d_editor":false},"markings":[{"id":0,"nom":"vierge","finition":null,"libelle":null,"code":null,"dpi":null,"finesse_forme_isolee":null,"finesse_forme_non_isolee":null,"hauteur_minimale_texte":null,"inactif":0,"marquage_interne":1,"quantite_min":null,"parent_id":null,"print_on_support":0,"content":"vierge","description":null},{"id":2,"nom":"fonce","finition":"optimale","libelle":"TopQuadri","code":null,"dpi":400,"finesse_forme_isolee":"0.040","finesse_forme_non_isolee":"0.700","hauteur_minimale_texte":2,"inactif":0,"marquage_interne":1,"quantite_min":null,"parent_id":18,"print_on_support":0,"content":"TopQuadri","description":"pour petites et moyennes s\u00e9ries"},{"id":3,"nom":"serigraphie","finition":"serigraphie","libelle":"SeriCoat","code":null,"dpi":400,"finesse_forme_isolee":"0.040","finesse_forme_non_isolee":"0.700","hauteur_minimale_texte":2,"inactif":0,"marquage_interne":1,"quantite_min":15,"parent_id":18,"print_on_support":0,"content":"SeriCoat","description":"pour moyennes et grandes s\u00e9ries"},{"id":4,"nom":"broderie","finition":"broderie","libelle":"Broderie","code":null,"dpi":400,"finesse_forme_isolee":"0.040","finesse_forme_non_isolee":"0.700","hauteur_minimale_texte":3,"inactif":0,"marquage_interne":1,"quantite_min":null,"parent_id":null,"print_on_support":0,"content":"Broderie","description":null},{"id":8,"nom":"theme","finition":null,"libelle":"Th\u00e8me","code":null,"dpi":null,"finesse_forme_isolee":null,"finesse_forme_non_isolee":null,"hauteur_minimale_texte":null,"inactif":0,"marquage_interne":1,"quantite_min":null,"parent_id":null,"print_on_support":0,"content":"Th\u00e8me","description":null},{"id":9,"nom":"sans","finition":null,"libelle":null,"code":null,"dpi":null,"finesse_forme_isolee":null,"finesse_forme_non_isolee":null,"hauteur_minimale_texte":null,"inactif":0,"marquage_interne":1,"quantite_min":null,"parent_id":null,"print_on_support":0,"content":"sans","description":null},{"id":10,"nom":"photo","finition":null,"libelle":"Photo","code":null,"dpi":null,"finesse_forme_isolee":null,"finesse_forme_non_isolee":null,"hauteur_minimale_texte":null,"inactif":0,"marquage_interne":1,"quantite_min":null,"parent_id":null,"print_on_support":0,"content":"Photo","description":null},{"id":14,"nom":"couleur","finition":null,"libelle":"Couleur","code":null,"dpi":null,"finesse_forme_isolee":null,"finesse_forme_non_isolee":null,"hauteur_minimale_texte":null,"inactif":0,"marquage_interne":1,"quantite_min":null,"parent_id":null,"print_on_support":0,"content":"Couleur","description":null},{"id":15,"nom":"sublimation","finition":"sublimation","libelle":"Sublimation","code":null,"dpi":null,"finesse_forme_isolee":"0.000","finesse_forme_non_isolee":"0.000","hauteur_minimale_texte":2,"inactif":0,"marquage_interne":1,"quantite_min":null,"parent_id":null,"print_on_support":0,"content":"Sublimation","description":null},{"id":16,"nom":"topquadri_uv","finition":null,"libelle":"TopQuadri UV","code":null,"dpi":null,"finesse_forme_isolee":"0.020","finesse_forme_non_isolee":"0.700","hauteur_minimale_texte":2,"inactif":0,"marquage_interne":1,"quantite_min":null,"parent_id":null,"print_on_support":1,"content":null,"description":null},{"id":17,"nom":"topquadri_uvp","finition":null,"libelle":"TopQuadri UVP","code":null,"dpi":null,"finesse_forme_isolee":"0.020","finesse_forme_non_isolee":"0.700","hauteur_minimale_texte":2,"inactif":0,"marquage_interne":1,"quantite_min":null,"parent_id":null,"print_on_support":1,"content":null,"description":null},{"id":18,"nom":"quadri","finition":null,"libelle":"Impression","code":null,"dpi":null,"finesse_forme_isolee":null,"finesse_forme_non_isolee":null,"hauteur_minimale_texte":null,"inactif":0,"marquage_interne":1,"quantite_min":null,"parent_id":null,"print_on_support":0,"content":null,"description":null}]}}