{"data":{"product":{"id":21507,"titre":"Kids\u00b4 leggings","description":"Legging enfant. Taille \u00e9lastiqu\u00e9e. Double couture. Coupe ajust\u00e9e. \u00c9tiquette d\u00e9tachable. Composition : 96% coton, 4% \u00e9lasthanne.","genre":"enfant","grammage":190,"conditionnement":72,"composition":"coton,elasthanne","reference":"sf-sm064","reference_visible":"sf-sm064","reference_fabricant":"SM064","ref_xor":"721478","in_catalog":true,"is_transfer":false,"is_service":false,"on_standby":false,"has_3d":false,"has_size_guide":true,"has_marking":false,"has_vierge":true,"is_cross_sellable":false,"id_picto":0,"filename_3d":null,"brand":{"id":18,"name":"SF Clothing","logo":"logo-skinnifit.png","image":"https:\/\/media.th4.com\/h4V08P2zFDdLT_JbrFGCqYK26uPq5kfP-E3feo3K2ZU\/pr:brand70x70\/aHR0cDovL21lZGlhMi5kZXNpZ25wYXJ0bmVyLmZyL2MvbS9sb2dvLXNraW5uaWZpdC5wbmc?v=1761304195"},"price_infos":{"price_from":7.19,"quantity":200,"color":{"id":22977,"name":"black"},"size":{"id":1301,"name":"11\/12ans"}},"price_infos_marking":{"price_from":0,"quantity":0,"size":{"id":0,"name":""},"color":{"id":0,"name":""},"marking":{"id":0,"name":""},"emplacement":"","surface":"","surface_emplacement_id":0},"i18n":{"blank":{"title":{"fr":"Kids' leggings legging SF CLOTHING sm064","en":"Kids' leggings legging SF CLOTHING sm064","de":"Kids' leggings Leggings SF CLOTHING sm064","nl":"Kids' leggings legging SF CLOTHING sm064","es":"Legging Kids' leggings SF CLOTHING sm064","it":"Kids' leggings leggings SF CLOTHING sm064","sv":"Kids' leggings leggings SF CLOTHING sm064","pt":"Kids' leggings legging SF CLOTHING sm064","da":"Kids' leggings legging SF CLOTHING sm064","pl":"Kids' leggings legging SF CLOTHING sm064"},"description":{"fr":"Le Kids' leggings legging sm064 est un v\u00eatement pour enfant avec une coupe ajust\u00e9e et une taille \u00e9lastiqu\u00e9e. Il comprend une double couture et une \u00e9tiquette d\u00e9tachable.\n\n- Composition 96% coton 4% \u00e9lasthanne\n- Taille \u00e9lastiqu\u00e9e pour ajustement\n- Double couture renforc\u00e9e\n- \u00c9tiquette d\u00e9tachable","en":"The Kids' leggings legging sm064 is a garment for children with a fitted cut and elastic waistband. It features double stitching and a removable label.\n\n- Composition 96% cotton 4% elastane\n- Elastic waistband for adjustment\n- Reinforced double stitching\n- Removable label","de":"Das Kids' leggings Leggings sm064 ist ein Kleidungsst\u00fcck f\u00fcr Kinder mit enger Passform und elastischem Bund. Es enth\u00e4lt eine Doppeln\u00e4hte und ein abnehmbares Etikett.\n\n- Zusammensetzung 96% Baumwolle 4% Elasthan\n- Elastischer Bund f\u00fcr Anpassung\n- Verst\u00e4rkte Doppeln\u00e4hte\n- Abnehmbares Etikett","nl":"De Kids' leggings legging sm064 is een kledingstuk voor kinderen met een nauwsluitende pasvorm en elastische taille. Het heeft een dubbele naad en een los te maken label.\n\n- Samenstelling 96% katoen 4% elastaan\n- Elastische taille voor pasvorm\n- Versterkte dubbele naad\n- Los te maken label","es":"El legging Kids' leggings sm064 es una prenda para ni\u00f1o con corte ajustado y cintura el\u00e1stica. Incluye doble costura y etiqueta desmontable.\n\n- Composici\u00f3n 96% algod\u00f3n 4% elastano\n- Cintura el\u00e1stica para ajuste\n- Doble costura reforzada\n- Etiqueta desmontable","it":"Il Kids' leggings leggings sm064 \u00e8 un capo per bambini con taglio aderente e vita elastica. Include cuciture doppie e etichetta staccabile.\n\n- Composizione 96% cotone 4% elastan\n- Vita elastica per adattamento\n- Cucitura doppia rinforzata\n- Etichetta staccabile","sv":"Kids' leggings leggings sm064 \u00e4r ett barnplagg med figursydd passform och elastisk midja. Den har dubbla s\u00f6mmar och en avtagbar etikett.\n\n- Komposition 96% bomull 4% elastan\n- Elastisk midja f\u00f6r passform\n- F\u00f6rst\u00e4rkta dubbla s\u00f6mmar\n- Avtagbar etikett","pt":"O legging Kids' leggings sm064 \u00e9 uma pe\u00e7a infantil com corte ajustado e cintura el\u00e1stica. Possui costura dupla e etiqueta remov\u00edvel.\n\n- Composi\u00e7\u00e3o 96% algod\u00e3o 4% elastano\n- Cintura el\u00e1stica para ajuste\n- Costura dupla refor\u00e7ada\n- Etiqueta remov\u00edvel","da":"Kids' leggings legging sm064 er et b\u00f8rnet\u00f8j med t\u00e6tsiddende pasform og elastisk talje. Den har dobbelt syning og en aftagelig label.\n\n- Sammens\u00e6tning 96% bomuld 4% elastan\n- Elastisk talje for justering\n- Forst\u00e6rket dobbelt syning\n- Aftagelig label","pl":"Kids' leggings legging sm064 is a garment for children with a fitted cut and elastic waistband. It includes double stitching and a detachable label.\n\n- Composition 96% cotton 4% elastane\n- Elastic waistband for adjustment\n- Reinforced double stitching\n- Detachable label"},"h1":{"fr":"Kids' leggings legging sm064","en":"Kids' leggings legging sm064","de":"Kids' leggings Leggings sm064","nl":"Kids' leggings legging sm064","es":"Legging Kids' leggings sm064","it":"Kids' leggings leggings sm064","sv":"Kids' leggings leggings sm064","pt":"Kids' leggings legging sm064","da":"Kids' leggings legging sm064","pl":"Kids' leggings legging sm064"},"meta_description":{"fr":"Le Kids' leggings legging sm064 est con\u00e7u en coton avec coupe ajust\u00e9e et taille \u00e9lastiqu\u00e9e, adapt\u00e9 \u00e0 un usage quotidien pour enfant.","en":"The Kids' leggings legging sm064 is made of cotton with a fitted cut and elastic waistband, suitable for daily use for children.","de":"Das Kids' leggings Leggings sm064 ist aus Baumwolle mit enger Passform und elastischem Bund gefertigt, geeignet f\u00fcr den t\u00e4glichen Gebrauch von Kindern.","nl":"De Kids' leggings legging sm064 is gemaakt van katoen met een nauwsluitende pasvorm en elastische taille, geschikt voor dagelijks gebruik voor kinderen.","es":"El legging Kids' leggings sm064 est\u00e1 dise\u00f1ado en algod\u00f3n con corte ajustado y cintura el\u00e1stica, adecuado para uso diario infantil.","it":"Il Kids' leggings leggings sm064 \u00e8 realizzato in cotone con taglio aderente e vita elastica, adatto all'uso quotidiano per bambini.","sv":"Kids' leggings leggings sm064 \u00e4r tillverkade i bomull med figursydd passform och elastisk midja, l\u00e4mpliga f\u00f6r dagligt bruk f\u00f6r barn.","pt":"O legging Kids' leggings sm064 \u00e9 confeccionado em algod\u00e3o com corte ajustado e cintura el\u00e1stica, adequado para uso di\u00e1rio infantil.","da":"Kids' leggings legging sm064 er designet i bomuld med en t\u00e6tsiddende pasform og elastisk talje, egnet til daglig brug for b\u00f8rn.","pl":"Kids' leggings legging sm064 is made of cotton with a fitted cut and elastic waistband, suitable for daily use for children."}},"custom":{"title":{"fr":"Kids' leggings SF CLOTHING sm064 Legging enfant personnalisable","en":"Kids' leggings SF CLOTHING sm064 Customizable kids\\' legging","de":"Kids' leggings SF CLOTHING sm064 personalisierbare Kinderleggings","nl":"Kids' leggings SF CLOTHING sm064 Personaliseerbare kindlegging","es":"Kids' leggings SF CLOTHING sm064 Legging infantil personalizable","it":"Kids' leggings SF CLOTHING sm064 Legging bambino personalizzabile","sv":"Kids' leggings SF CLOTHING sm064 Anpassningsbar barnlegging","pt":"Kids' leggings SF CLOTHING sm064 Leggings infantis personaliz\u00e1veis","da":"Kids' leggings SF CLOTHING sm064 B\u00f8rneleggings til tilpasning","pl":"Kids' leggings SF CLOTHING sm064 Leggins dzieci\u0119cy do personalizacji"},"description":{"fr":"Le legging enfant est con\u00e7u avec une taille \u00e9lastiqu\u00e9e pour un ajustement confortable. Il pr\u00e9sente une coupe ajust\u00e9e et des coutures doubles renforc\u00e9es. L'\u00e9tiquette est d\u00e9tachable pour plus de praticit\u00e9. La composition est de 96% coton et 4% \u00e9lasthanne.\n\n- Composition : 96% coton, 4% \u00e9lasthanne\n- Taille \u00e9lastiqu\u00e9e\n- Coupe ajust\u00e9e\n- Personnalisable","en":"The kids' legging is designed with an elastic waist for comfortable fit. It features a fitted cut and reinforced double seams. The label is detachable for convenience. Composition is 96% cotton and 4% elastane.\n\n- Composition : 96% cotton, 4% elastane\n- Elastic waist\n- Fitted cut\n- Customizable","de":"Die Kinderleggings sind mit einem elastischen Bund f\u00fcr komfortable Passform gestaltet. Sie haben eine enge Passform und verst\u00e4rkte Doppeln\u00e4hte. Das Etikett ist abnehmbar f\u00fcr mehr Praktikabilit\u00e4t. Zusammensetzung 96% Baumwolle, 4% Elasthan.\n\n- Zusammensetzung: 96% Baumwolle, 4% Elasthan\n- Elastischer Bund\n- Enge Passform\n- Personalisierbar","nl":"De kindlegging is ontworpen met een elastische taille voor een comfortabele pasvorm. Het heeft een aansluitende pasvorm en dubbele versterkte naden. Het label is verwijderbaar voor meer gemak. Samenstelling is 96% katoen en 4% elastaan.\n\n- Samenstelling : 96% katoen, 4% elastaan\n- Elastische taille\n- Aansluitende pasvorm\n- Personaliseerbaar","es":"El legging infantil est\u00e1 dise\u00f1ado con cintura el\u00e1stica para un ajuste c\u00f3modo. Presenta un corte ajustado y costuras dobles reforzadas. La etiqueta es desmontable para mayor practicidad. La composici\u00f3n es de 96% algod\u00f3n y 4% elastano.\n\n- Composici\u00f3n: 96% algod\u00f3n, 4% elastano\n- Cintura el\u00e1stica\n- Corte ajustado\n- Personalizable","it":"Il legging bambino \u00e8 realizzato con vita elasticizzata per una vestibilit\u00e0 comoda. Presenta un taglio aderente e cuciture doppie rinforzate. L'etichetta \u00e8 staccabile per maggiore praticit\u00e0. La composizione \u00e8 96% cotone e 4% elastan.\n\n- Composizione : 96% cotone, 4% elastan\n- Vita elasticizzata\n- Taglio aderente\n- Personalizzabile","sv":"Barnleggingen \u00e4r designad med elastisk midja f\u00f6r en bekv\u00e4m passform. Den har en figurn\u00e4ra sk\u00e4rning och f\u00f6rst\u00e4rkta dubbels\u00f6mmar. Etiketten \u00e4r avtagbar f\u00f6r \u00f6kad funktionalitet. Sammans\u00e4ttningen \u00e4r 96% bomull och 4% elastan.\n\n- Sammans\u00e4ttning : 96% bomull, 4% elastan\n- Elastisk midja\n- Figurn\u00e4ra sk\u00e4rning\n- Anpassningsbar","pt":"O legging infantil \u00e9 fabricado com cintura el\u00e1stica para um ajuste confort\u00e1vel. Possui corte ajustado e costuras duplas refor\u00e7adas. A etiqueta \u00e9 destac\u00e1vel para maior praticidade. A composi\u00e7\u00e3o \u00e9 96% algod\u00e3o e 4% elastano.\n\n- Composi\u00e7\u00e3o : 96% algod\u00e3o, 4% elastano\n- Cintura el\u00e1stica\n- Corte ajustado\n- Personaliz\u00e1vel","da":"B\u00f8rnelegginsen er designet med elastisk talje for komfortabel pasform. Den har t\u00e6tsiddende snit og forst\u00e6rkede dobbeltsyninger. Etiketten er aftagelig for praktisk brug. Sammens\u00e6tningen er 96% bomuld og 4% elastan.\n\n- Sammens\u00e6tning: 96% bomuld, 4% elastan\n- Elastisk talje\n- T\u00e6tsiddende snit\n- Tilpasning mulig","pl":"Leggins dzieci\u0119cy zaprojektowany z elastycznym pasem dla komfortowego dopasowania. Posiada dopasowany kr\u00f3j i podw\u00f3jne wzmocnione szwy. Metka jest odczepiana dla wi\u0119kszej wygody. Sk\u0142ad to 96% bawe\u0142na i 4% elastan.\n\n- Sk\u0142ad : 96% bawe\u0142na, 4% elastan\n- Elastyczny pas\n- Dopasowany kr\u00f3j\n- Do personalizacji"},"h1":{"fr":"Kids' leggings sm064 Legging enfant personnalisable","en":"Kids' leggings sm064 Customizable kids\\' legging","de":"Kids' leggings sm064 personalisierbare Kinderleggings","nl":"Kids' leggings sm064 Personaliseerbare kindlegging","es":"Kids' leggings sm064 Legging infantil personalizable","it":"Kids' leggings sm064 Legging bambino personalizzabile","sv":"Kids' leggings sm064 Anpassningsbar barnlegging","pt":"Kids' leggings sm064 Leggings infantis personaliz\u00e1veis","da":"Kids' leggings sm064 B\u00f8rneleggings til tilpasning","pl":"Kids' leggings sm064 Leggins dzieci\u0119cy do personalizacji"},"meta_description":{"fr":"Legging enfant en coton avec taille \u00e9lastiqu\u00e9e et coupe ajust\u00e9e. Personnalisable. Composition 96% coton, 4% \u00e9lasthanne. \u00c9tiquette d\u00e9tachable.","en":"Kids\\' legging in cotton with elastic waist and fitted cut. Customizable. Composition 96% cotton, 4% elastane. Detachable label.","de":"Kinderleggings aus Baumwolle mit elastischem Bund und enger Passform. Personalisierbar. Zusammensetzung 96% Baumwolle, 4% Elasthan. Abnehmbare Etikette.","nl":"Kindlegging van katoen met elastische taille en aansluitende pasvorm. Personaliseerbaar. Samenstelling 96% katoen, 4% elastaan. Verwijderbaar label.","es":"Legging infantil de algod\u00f3n con cintura el\u00e1stica y corte ajustado. Personalizable. Composici\u00f3n 96% algod\u00f3n, 4% elastano. Etiqueta desmontable.","it":"Legging bambino in cotone con vita elasticizzata e taglio aderente. Personalizzabile. Composizione 96% cotone, 4% elastan. Etichetta staccabile.","sv":"Barnlegging i bomull med elastisk midja och figurn\u00e4ra sk\u00e4rning. Anpassningsbar. Sammans\u00e4ttning 96% bomull, 4% elastan. Avtagbar etikett.","pt":"Leggings infantis de algod\u00e3o com cintura el\u00e1stica e corte ajustado. Personaliz\u00e1vel. Composi\u00e7\u00e3o 96% algod\u00e3o, 4% elastano. Etiqueta destac\u00e1vel.","da":"B\u00f8rneleggings i bomuld med elastisk talje og t\u00e6tsiddende pasform. Tilpasning mulig. Sammens\u00e6tning 96% bomuld, 4% elastan. Aftagelig etiket.","pl":"Leggins dzieci\u0119cy z bawe\u0142ny z elastycznym pasem i dopasowanym krojem. Do personalizacji. Sk\u0142ad 96% bawe\u0142na, 4% elastan. Odczepiana metka."}}},"categories":[{"id":552,"name":"Leggings","singular":"Legging","is_feminin":false},{"id":560,"name":"Sports et Loisirs","singular":"Sport et Loisir","is_feminin":false},{"id":498,"name":"Pantalons et shorts","singular":"Pantalon, short","is_feminin":false},{"id":559,"name":"Univers","singular":"Univers","is_feminin":false},{"id":354,"name":"Textile","singular":"Textile","is_feminin":false}],"certifications":[],"videos":{"fr":[],"en":[],"de":[],"nl":[],"es":[],"it":[],"sv":[],"pt":[],"da":[],"pl":[]},"main_images":{"miniature":"https:\/\/media.th4.com\/wOs8S59vzs_b2oujX1WwWeUnnv36aeXmiD5gkJivC9U\/pr:80\/aHR0cDovL21lZGlhMi5kZXNpZ25wYXJ0bmVyLmZyL2MvcC1ibGFuay1USC8yMTUwNy53ZWJw?v=1764676929","medium":"https:\/\/media.th4.com\/8br5tdevYQLRz6q1-YGBZE4CPn3E8EKU3gbRIWpiGHM\/pr:550x550greybg\/aHR0cDovL21lZGlhMi5kZXNpZ25wYXJ0bmVyLmZyL2MvcC1ibGFuay1USC8yMTUwNy53ZWJw?v=1764676929","medium_large":"https:\/\/media.th4.com\/58sLm2MLETRJfMDR8eJIkq3ppsJBvdtD0OaD-IbZOWM\/pr:1000x1000greybg\/aHR0cDovL21lZGlhMi5kZXNpZ25wYXJ0bmVyLmZyL2MvcC1ibGFuay1USC8yMTUwNy53ZWJw?v=1764676929","large":"https:\/\/media.th4.com\/wu4hA2QGIfsPsOpFdDVrQjAGLj0r2GuwkCSXfK6ed9Y\/pr:1920greybg\/aHR0cDovL21lZGlhMi5kZXNpZ25wYXJ0bmVyLmZyL2MvcC1ibGFuay1USC8yMTUwNy53ZWJw?v=1764676929","opengraph":"https:\/\/media.th4.com\/5wcn9gAjkJX5tCjlWM_n-k_uhpoHCX7NS0sOVRoOq9k\/pr:1200x630greybg\/aHR0cDovL21lZGlhMi5kZXNpZ25wYXJ0bmVyLmZyL2MvcC1ibGFuay1USC8yMTUwNy53ZWJw?v=1764676929"},"main_images_customization":{"miniature":"https:\/\/media.th4.com\/wOs8S59vzs_b2oujX1WwWeUnnv36aeXmiD5gkJivC9U\/pr:80\/aHR0cDovL21lZGlhMi5kZXNpZ25wYXJ0bmVyLmZyL2MvcC1ibGFuay1USC8yMTUwNy53ZWJw?v=1764676929","medium":"https:\/\/media.th4.com\/8br5tdevYQLRz6q1-YGBZE4CPn3E8EKU3gbRIWpiGHM\/pr:550x550greybg\/aHR0cDovL21lZGlhMi5kZXNpZ25wYXJ0bmVyLmZyL2MvcC1ibGFuay1USC8yMTUwNy53ZWJw?v=1764676929","medium_large":"https:\/\/media.th4.com\/58sLm2MLETRJfMDR8eJIkq3ppsJBvdtD0OaD-IbZOWM\/pr:1000x1000greybg\/aHR0cDovL21lZGlhMi5kZXNpZ25wYXJ0bmVyLmZyL2MvcC1ibGFuay1USC8yMTUwNy53ZWJw?v=1764676929","large":"https:\/\/media.th4.com\/wu4hA2QGIfsPsOpFdDVrQjAGLj0r2GuwkCSXfK6ed9Y\/pr:1920greybg\/aHR0cDovL21lZGlhMi5kZXNpZ25wYXJ0bmVyLmZyL2MvcC1ibGFuay1USC8yMTUwNy53ZWJw?v=1764676929","opengraph":"https:\/\/media.th4.com\/5wcn9gAjkJX5tCjlWM_n-k_uhpoHCX7NS0sOVRoOq9k\/pr:1200x630greybg\/aHR0cDovL21lZGlhMi5kZXNpZ25wYXJ0bmVyLmZyL2MvcC1ibGFuay1USC8yMTUwNy53ZWJw?v=1764676929"},"page_links":{"fr":"\/fr\/p-sf-sm064-kids-leggings-legging-sm064-21507\/","en":"\/en\/p-sf-sm064-kids-leggings-legging-sm064-21507\/","de":"\/de\/p-sf-sm064-kids-leggings-leggings-sm064-21507\/","nl":"\/nl\/p-sf-sm064-kids-leggings-legging-sm064-21507\/","es":"\/es\/p-sf-sm064-legging-kids-leggings-sm064-21507\/","it":"\/it\/p-sf-sm064-kids-leggings-leggings-sm064-21507\/","sv":"\/sv\/p-sf-sm064-kids-leggings-leggings-sm064-21507\/","pt":"\/pt\/p-sf-sm064-kids-leggings-legging-sm064-21507\/","da":"\/da\/p-sf-sm064-kids-leggings-legging-sm064-21507\/","pl":"\/pl\/p-sf-sm064-kids-leggings-legging-sm064-21507\/"},"page_links_customization":{"fr":"\/fr\/p-sf-sm064-kids-leggings-sm064-legging-enfant-personnalisable-21507\/custom\/","en":"\/en\/p-sf-sm064-kids-leggings-sm064-customizable-kids-legging-21507\/custom\/","de":"\/de\/p-sf-sm064-kids-leggings-sm064-personalisierbare-kinderleggings-21507\/custom\/","nl":"\/nl\/p-sf-sm064-kids-leggings-sm064-personaliseerbare-kindlegging-21507\/custom\/","es":"\/es\/p-sf-sm064-kids-leggings-sm064-legging-infantil-personalizable-21507\/custom\/","it":"\/it\/p-sf-sm064-kids-leggings-sm064-legging-bambino-personalizzabile-21507\/custom\/","sv":"\/sv\/p-sf-sm064-kids-leggings-sm064-anpassningsbar-barnlegging-21507\/custom\/","pt":"\/pt\/p-sf-sm064-kids-leggings-sm064-leggings-infantis-personalizaveis-21507\/custom\/","da":"\/da\/p-sf-sm064-kids-leggings-sm064-borneleggings-til-tilpasning-21507\/custom\/","pl":"\/pl\/p-sf-sm064-kids-leggings-sm064-leggins-dzieciecy-do-personalizacji-21507\/custom\/"},"equivalent_products":[],"colors":[{"id":22977,"name":"black","class_ids":[4],"codes_hexa":["000000"],"delai_24":false,"has_3d":false,"seuil_global":0,"stock_local":0,"stock_global":1148,"on_standby":false,"in_catalog":true,"images":{"miniature":["https:\/\/media.th4.com\/dsSsRTe74fNz6DOJG2ja5Q9llP7MR4SKYfJrV7G4S0A\/pr:80\/aHR0cDovL21lZGlhMi5kZXNpZ25wYXJ0bmVyLmZyL2MvcC8yMTUwNy8yMTUwNy0yMjk3Ny0xLndlYnA?v=1764676623"],"medium":["https:\/\/media.th4.com\/eA6eKYzqN4Bd4JpzL9u3HMUeTuHpQecWoBIjCHnUPlI\/pr:550x550\/aHR0cDovL21lZGlhMi5kZXNpZ25wYXJ0bmVyLmZyL2MvcC8yMTUwNy8yMTUwNy0yMjk3Ny0xLndlYnA?v=1764676623"],"medium_large":["https:\/\/media.th4.com\/90Y9jSbh9fyYXS3Q-_x6s2FTfEQEwYEkeHf-mBRvIjc\/pr:1000x1000\/aHR0cDovL21lZGlhMi5kZXNpZ25wYXJ0bmVyLmZyL2MvcC8yMTUwNy8yMTUwNy0yMjk3Ny0xLndlYnA?v=1764676623"],"large":["https:\/\/media.th4.com\/xAzhCTc39KhEaEv3v9Ye8wLsgDAKjOafPcQrUEr34E8\/pr:1920\/aHR0cDovL21lZGlhMi5kZXNpZ25wYXJ0bmVyLmZyL2MvcC8yMTUwNy8yMTUwNy0yMjk3Ny0xLndlYnA?v=1764676623"],"opengraph":["https:\/\/media.th4.com\/MylgE57J3vwOO9zOh07rwpm8h4OVrEPy0yky44GwKTU\/pr:1200x630\/aHR0cDovL21lZGlhMi5kZXNpZ25wYXJ0bmVyLmZyL2MvcC8yMTUwNy8yMTUwNy0yMjk3Ny0xLndlYnA?v=1764676623"]},"images_customization":{"miniature":["https:\/\/media.th4.com\/dsSsRTe74fNz6DOJG2ja5Q9llP7MR4SKYfJrV7G4S0A\/pr:80\/aHR0cDovL21lZGlhMi5kZXNpZ25wYXJ0bmVyLmZyL2MvcC8yMTUwNy8yMTUwNy0yMjk3Ny0xLndlYnA?v=1764676623"],"medium":["https:\/\/media.th4.com\/eA6eKYzqN4Bd4JpzL9u3HMUeTuHpQecWoBIjCHnUPlI\/pr:550x550\/aHR0cDovL21lZGlhMi5kZXNpZ25wYXJ0bmVyLmZyL2MvcC8yMTUwNy8yMTUwNy0yMjk3Ny0xLndlYnA?v=1764676623"],"medium_large":["https:\/\/media.th4.com\/90Y9jSbh9fyYXS3Q-_x6s2FTfEQEwYEkeHf-mBRvIjc\/pr:1000x1000\/aHR0cDovL21lZGlhMi5kZXNpZ25wYXJ0bmVyLmZyL2MvcC8yMTUwNy8yMTUwNy0yMjk3Ny0xLndlYnA?v=1764676623"],"large":["https:\/\/media.th4.com\/xAzhCTc39KhEaEv3v9Ye8wLsgDAKjOafPcQrUEr34E8\/pr:1920\/aHR0cDovL21lZGlhMi5kZXNpZ25wYXJ0bmVyLmZyL2MvcC8yMTUwNy8yMTUwNy0yMjk3Ny0xLndlYnA?v=1764676623"],"opengraph":["https:\/\/media.th4.com\/MylgE57J3vwOO9zOh07rwpm8h4OVrEPy0yky44GwKTU\/pr:1200x630\/aHR0cDovL21lZGlhMi5kZXNpZ25wYXJ0bmVyLmZyL2MvcC8yMTUwNy8yMTUwNy0yMjk3Ny0xLndlYnA?v=1764676623"]},"country_origin":"BD","traceability":{"manufacturing_country_id":null,"weaving_country_id":null,"dyeing_country_id":null},"sizes":[{"id":20,"article_id":530427,"class_id":13,"name":"3\/4ans","on_standby":false,"stock_local":0,"stock_global":164,"multiple":1,"estimated_date_reassort":null,"is_destocking":false},{"id":22,"article_id":530423,"class_id":14,"name":"5\/6ans","on_standby":false,"stock_local":0,"stock_global":194,"multiple":1,"estimated_date_reassort":null,"is_destocking":false},{"id":532,"article_id":530424,"class_id":15,"name":"7\/8ans","on_standby":false,"stock_local":0,"stock_global":154,"multiple":1,"estimated_date_reassort":null,"is_destocking":false},{"id":1303,"article_id":530425,"class_id":16,"name":"9\/10ans","on_standby":false,"stock_local":0,"stock_global":297,"multiple":1,"estimated_date_reassort":null,"is_destocking":false},{"id":1301,"article_id":530426,"class_id":17,"name":"11\/12ans","on_standby":false,"stock_local":0,"stock_global":339,"multiple":1,"estimated_date_reassort":null,"is_destocking":false}],"page_links":{"fr":"\/fr\/p-sf-sm064-kids-leggings-legging-sm064-21507\/black-22977\/","en":"\/en\/p-sf-sm064-kids-leggings-legging-sm064-21507\/black-22977\/","de":"\/de\/p-sf-sm064-kids-leggings-leggings-sm064-21507\/black-22977\/","nl":"\/nl\/p-sf-sm064-kids-leggings-legging-sm064-21507\/black-22977\/","es":"\/es\/p-sf-sm064-legging-kids-leggings-sm064-21507\/black-22977\/","it":"\/it\/p-sf-sm064-kids-leggings-leggings-sm064-21507\/black-22977\/","sv":"\/sv\/p-sf-sm064-kids-leggings-leggings-sm064-21507\/black-22977\/","pt":"\/pt\/p-sf-sm064-kids-leggings-legging-sm064-21507\/black-22977\/","da":"\/da\/p-sf-sm064-kids-leggings-legging-sm064-21507\/black-22977\/","pl":"\/pl\/p-sf-sm064-kids-leggings-legging-sm064-21507\/black-22977\/"},"page_links_customization":{"fr":"\/fr\/p-sf-sm064-kids-leggings-sm064-legging-enfant-personnalisable-21507\/black-22977\/custom\/","en":"\/en\/p-sf-sm064-kids-leggings-sm064-customizable-kids-legging-21507\/black-22977\/custom\/","de":"\/de\/p-sf-sm064-kids-leggings-sm064-personalisierbare-kinderleggings-21507\/black-22977\/custom\/","nl":"\/nl\/p-sf-sm064-kids-leggings-sm064-personaliseerbare-kindlegging-21507\/black-22977\/custom\/","es":"\/es\/p-sf-sm064-kids-leggings-sm064-legging-infantil-personalizable-21507\/black-22977\/custom\/","it":"\/it\/p-sf-sm064-kids-leggings-sm064-legging-bambino-personalizzabile-21507\/black-22977\/custom\/","sv":"\/sv\/p-sf-sm064-kids-leggings-sm064-anpassningsbar-barnlegging-21507\/black-22977\/custom\/","pt":"\/pt\/p-sf-sm064-kids-leggings-sm064-leggings-infantis-personalizaveis-21507\/black-22977\/custom\/","da":"\/da\/p-sf-sm064-kids-leggings-sm064-borneleggings-til-tilpasning-21507\/black-22977\/custom\/","pl":"\/pl\/p-sf-sm064-kids-leggings-sm064-leggins-dzieciecy-do-personalizacji-21507\/black-22977\/custom\/"}}],"documentation_link":null,"countries_availables":["AD","AE","AL","AT","BA","BD","BE","BG","BL","CA","CH","CN","CO","CY","CZ","DE","DK","DO","EE","EG","ES","ET","FI","FR","GB","GE","GF","GP","GR","GT","HK","HN","HR","HT","HU","ID","IE","IN","IS","IT","JO","JP","KE","KH","KP","KR","LA","LK","LS","LT","LU","LV","MA","MF","MG","MK","MM","MN","MQ","MT","MX","MY","NC","NI","NL","PF","PH","PK","PL","PM","PT","RE","RO","SE","SG","SI","SK","SV","SY","TH","TN","TR","TW","TZ","US","VN","WF","YT"]},"infos_customization":[],"features":{"authorize_multi_surfaces":true,"display_order_delay_type":true,"promote_surface_display":true,"tarification_franco_offert":true,"enabled_3d_editor":false},"markings":[{"id":0,"nom":"vierge","finition":null,"libelle":null,"code":null,"dpi":null,"finesse_forme_isolee":null,"finesse_forme_non_isolee":null,"hauteur_minimale_texte":null,"inactif":0,"marquage_interne":1,"quantite_min":null,"parent_id":null,"print_on_support":0,"content":"vierge","description":null},{"id":2,"nom":"fonce","finition":"optimale","libelle":"TopQuadri","code":null,"dpi":400,"finesse_forme_isolee":"0.040","finesse_forme_non_isolee":"0.700","hauteur_minimale_texte":2,"inactif":0,"marquage_interne":1,"quantite_min":null,"parent_id":18,"print_on_support":0,"content":"TopQuadri","description":"pour petites et moyennes s\u00e9ries"},{"id":3,"nom":"serigraphie","finition":"serigraphie","libelle":"SeriCoat","code":null,"dpi":400,"finesse_forme_isolee":"0.040","finesse_forme_non_isolee":"0.700","hauteur_minimale_texte":2,"inactif":0,"marquage_interne":1,"quantite_min":15,"parent_id":18,"print_on_support":0,"content":"SeriCoat","description":"pour moyennes et grandes s\u00e9ries"},{"id":4,"nom":"broderie","finition":"broderie","libelle":"Broderie","code":null,"dpi":400,"finesse_forme_isolee":"0.040","finesse_forme_non_isolee":"0.700","hauteur_minimale_texte":3,"inactif":0,"marquage_interne":1,"quantite_min":null,"parent_id":null,"print_on_support":0,"content":"Broderie","description":null},{"id":8,"nom":"theme","finition":null,"libelle":"Th\u00e8me","code":null,"dpi":null,"finesse_forme_isolee":null,"finesse_forme_non_isolee":null,"hauteur_minimale_texte":null,"inactif":0,"marquage_interne":1,"quantite_min":null,"parent_id":null,"print_on_support":0,"content":"Th\u00e8me","description":null},{"id":9,"nom":"sans","finition":null,"libelle":null,"code":null,"dpi":null,"finesse_forme_isolee":null,"finesse_forme_non_isolee":null,"hauteur_minimale_texte":null,"inactif":0,"marquage_interne":1,"quantite_min":null,"parent_id":null,"print_on_support":0,"content":"sans","description":null},{"id":10,"nom":"photo","finition":null,"libelle":"Photo","code":null,"dpi":null,"finesse_forme_isolee":null,"finesse_forme_non_isolee":null,"hauteur_minimale_texte":null,"inactif":0,"marquage_interne":1,"quantite_min":null,"parent_id":null,"print_on_support":0,"content":"Photo","description":null},{"id":14,"nom":"couleur","finition":null,"libelle":"Couleur","code":null,"dpi":null,"finesse_forme_isolee":null,"finesse_forme_non_isolee":null,"hauteur_minimale_texte":null,"inactif":0,"marquage_interne":1,"quantite_min":null,"parent_id":null,"print_on_support":0,"content":"Couleur","description":null},{"id":15,"nom":"sublimation","finition":"sublimation","libelle":"Sublimation","code":null,"dpi":null,"finesse_forme_isolee":"0.000","finesse_forme_non_isolee":"0.000","hauteur_minimale_texte":2,"inactif":0,"marquage_interne":1,"quantite_min":null,"parent_id":null,"print_on_support":0,"content":"Sublimation","description":null},{"id":16,"nom":"topquadri_uv","finition":null,"libelle":"TopQuadri UV","code":null,"dpi":null,"finesse_forme_isolee":"0.020","finesse_forme_non_isolee":"0.700","hauteur_minimale_texte":2,"inactif":0,"marquage_interne":1,"quantite_min":null,"parent_id":null,"print_on_support":1,"content":null,"description":null},{"id":17,"nom":"topquadri_uvp","finition":null,"libelle":"TopQuadri UVP","code":null,"dpi":null,"finesse_forme_isolee":"0.020","finesse_forme_non_isolee":"0.700","hauteur_minimale_texte":2,"inactif":0,"marquage_interne":1,"quantite_min":null,"parent_id":null,"print_on_support":1,"content":null,"description":null},{"id":18,"nom":"quadri","finition":null,"libelle":"Impression","code":null,"dpi":null,"finesse_forme_isolee":null,"finesse_forme_non_isolee":null,"hauteur_minimale_texte":null,"inactif":0,"marquage_interne":1,"quantite_min":null,"parent_id":null,"print_on_support":0,"content":null,"description":null}]}}