{"data":{"product":{"id":21500,"titre":"Kids\u00b4 fashion cycling shorts","description":"Short cycliste enfant. Taille \u00e9lastiqu\u00e9e convenant \u00e0 la sublimation. Non transparent. Composition : 88% polyester, 12% \u00e9lasthanne (jacquard bande : 90% polyester, 10% \u00e9lasthanne).","genre":"enfant","grammage":300,"conditionnement":72,"composition":"polyester,elasthanne","reference":"sf-sm427","reference_visible":"sf-sm427","reference_fabricant":"SM427","ref_xor":"722361","in_catalog":true,"is_transfer":false,"is_service":false,"on_standby":false,"has_3d":false,"has_size_guide":true,"has_marking":false,"has_vierge":true,"is_cross_sellable":false,"id_picto":91,"filename_3d":null,"brand":{"id":18,"name":"SF Clothing","logo":"logo-skinnifit.png","image":"https:\/\/media.th4.com\/h4V08P2zFDdLT_JbrFGCqYK26uPq5kfP-E3feo3K2ZU\/pr:brand70x70\/aHR0cDovL21lZGlhMi5kZXNpZ25wYXJ0bmVyLmZyL2MvbS9sb2dvLXNraW5uaWZpdC5wbmc?v=1761304195"},"price_infos":{"price_from":6.81,"quantity":200,"color":{"id":24949,"name":"black\/black"},"size":{"id":22,"name":"5\/6ans"}},"price_infos_marking":{"price_from":0,"quantity":0,"size":{"id":0,"name":""},"color":{"id":0,"name":""},"marking":{"id":0,"name":""},"emplacement":"","surface":"","surface_emplacement_id":0},"i18n":{"blank":{"title":{"fr":"Kids' fashion short cycliste SF CLOTHING sm427","en":"Kids' fashion cycling shorts SF CLOTHING sm427","de":"Kids' fashion short cycliste SF CLOTHING sm427","nl":"Kids' fashion short cycliste SF CLOTHING sm427","es":"Kids' fashion short cycliste SF CLOTHING sm427","it":"Kids' fashion short cycliste SF CLOTHING sm427","sv":"Kids' fashion short cycliste SF CLOTHING sm427","pt":"Kids' fashion short cycliste SF CLOTHING sm427","da":"Kids' fashion short cycliste SF CLOTHING sm427","pl":"Kids' fashion short cycliste SF CLOTHING sm427"},"description":{"fr":"Le short cycliste enfant dispose d'une taille \u00e9lastiqu\u00e9e adapt\u00e9e \u00e0 la sublimation. Il est con\u00e7u pour ne pas \u00eatre transparent. La composition principale est de polyester et \u00e9lasthanne.\n\n- Composition : 88% polyester, 12% \u00e9lasthanne\n- Jacquard bande : 90% polyester, 10% \u00e9lasthanne\n- Taille \u00e9lastiqu\u00e9e\n- Non transparent","en":"The kids' cycling shorts feature an elastic waistband suitable for sublimation. They are designed to be non-transparent. The main composition is polyester and elastane.\n\n- Composition: 88% polyester, 12% elastane\n- Jacquard band: 90% polyester, 10% elastane\n- Elastic waistband\n- Non-transparent","de":"Die Kinder-Radlerhose hat einen elastischen Bund, der f\u00fcr Sublimation geeignet ist. Sie ist blickdicht konzipiert. Die Hauptzusammensetzung ist Polyester und Elasthan.\n\n- Zusammensetzung : 88% Polyester, 12% Elasthan\n- Jacquard-Band : 90% Polyester, 10% Elasthan\n- Elastischer Bund\n- Blickdicht","nl":"De kindercyclingshort heeft een elastische taille die geschikt is voor sublimatie. Hij is ontworpen om niet doorzichtig te zijn. De hoofdsamenstelling is polyester en elastaan.\n\n- Samenstelling: 88% polyester, 12% elastaan\n- Jacquard band: 90% polyester, 10% elastaan\n- Elastische taille\n- Niet doorzichtig","es":"Los pantalones cortos ciclistas para ni\u00f1os cuentan con una cintura el\u00e1stica adecuada para sublimaci\u00f3n. Est\u00e1n dise\u00f1ados para no ser transparentes. La composici\u00f3n principal es poli\u00e9ster y elastano.\n\n- Composici\u00f3n : 88% poli\u00e9ster, 12% elastano\n- Banda jacquard : 90% poli\u00e9ster, 10% elastano\n- Cintura el\u00e1stica\n- No transparente","it":"Il pantaloncino ciclista per bambini ha una vita elasticizzata adatta alla sublimazione. \u00c8 progettato per non essere trasparente. La composizione principale \u00e8 poliestere ed elastan.\n\n- Composizione : 88% poliestere, 12% elastan\n- Fascia jacquard : 90% poliestere, 10% elastan\n- Vita elasticizzata\n- Non trasparente","sv":"Barnets cykelshorts har en res\u00e5rmidja anpassad f\u00f6r sublimering. Den \u00e4r designad f\u00f6r att inte vara genomskinlig. Huvudsammans\u00e4ttningen \u00e4r polyester och elastan.\n\n- Sammans\u00e4ttning : 88% polyester, 12% elastan\n- Jacquardband : 90% polyester, 10% elastan\n- Res\u00e5rmidja\n- Inte genomskinlig","pt":"O cal\u00e7\u00e3o ciclista infantil possui cintura el\u00e1stica adequada para sublima\u00e7\u00e3o. \u00c9 feito para n\u00e3o ser transparente. A composi\u00e7\u00e3o principal \u00e9 poli\u00e9ster e elastano.\n\n- Composi\u00e7\u00e3o : 88% poli\u00e9ster, 12% elastano\n- Jacquard faixa : 90% poli\u00e9ster, 10% elastano\n- Cintura el\u00e1stica\n- N\u00e3o transparente","da":"B\u00f8rne cykelshorts har en elastisk talje egnet til sublimering. Den er designet til ikke at v\u00e6re gennemsigtig. Hovedmaterialet er polyester og elastan.\n\n- Sammens\u00e6tning: 88% polyester, 12% elastan\n- Jacquardb\u00e5nd: 90% polyester, 10% elastan\n- Elastisk talje\n- Ikke gennemsigtig","pl":"Short kolarski dzieci\u0119cy posiada gumk\u0119 w pasie odpowiedni\u0105 do sublimacji. Materia\u0142 jest nieprzezierny. G\u0142\u00f3wne sk\u0142adniki to poliester i elastan.\n\n- Sk\u0142ad: 88% poliester, 12% elastan\n- Jacquard pasek: 90% poliester, 10% elastan\n- Gumka w pasie\n- Nieprzezierny"},"h1":{"fr":"Kids' fashion short cycliste sm427","en":"Kids' fashion cycling shorts sm427","de":"Kids' fashion short cycliste sm427","nl":"Kids' fashion short cycliste sm427","es":"Kids' fashion short cycliste sm427","it":"Kids' fashion short cycliste sm427","sv":"Kids' fashion short cycliste sm427","pt":"Kids' fashion short cycliste sm427","da":"Kids' fashion short cycliste sm427","pl":"Kids' fashion short cycliste sm427"},"meta_description":{"fr":"Le short cycliste enfant avec taille \u00e9lastiqu\u00e9e, adapt\u00e9 \u00e0 la sublimation, non transparent, compos\u00e9 de polyester et \u00e9lasthanne.","en":"The kids' cycling shorts with elastic waistband, suitable for sublimation, non-transparent, made of polyester and elastane.","de":"Das Kinder-Radlerhose mit elastischem Bund, sublimationsgeeignet, blickdicht, besteht aus Polyester und Elasthan.","nl":"De kindercyclingshort met elastische taille, geschikt voor sublimatie, niet doorzichtig, gemaakt van polyester en elastaan.","es":"Los pantalones cortos ciclistas para ni\u00f1os con cintura el\u00e1stica, aptos para sublimaci\u00f3n, no transparentes, compuestos de poli\u00e9ster y elastano.","it":"Pantaloncino ciclista per bambini con vita elasticizzata, adatto alla sublimazione, non trasparente, composto da poliestere ed elastan.","sv":"Barnets cykelshorts med res\u00e5r i midjan, l\u00e4mplig f\u00f6r sublimering, inte genomskinlig, tillverkad av polyester och elastan.","pt":"Cal\u00e7\u00e3o ciclista infantil com cintura el\u00e1stica, adequado para sublima\u00e7\u00e3o, n\u00e3o transparente, composto por poli\u00e9ster e elastano.","da":"B\u00f8rne cykelshorts med elastisk talje, egnet til sublimering, ikke gennemsigtig, lavet af polyester og elastan.","pl":"Short kolarski dzieci\u0119cy z gumk\u0105 w pasie, odporny na sublimacj\u0119, nieprzezierny, wykonany z poliestru i elastanu."}},"custom":{"title":{"fr":"Kids' fashion cycling shorts Short cycliste enfant SF CLOTHING sm427 Personnalisable","en":"Kids' fashion cycling shorts Kids cycling shorts SF CLOTHING sm427 Customizable","de":"Kids' fashion cycling shorts Kinder-Radlerhose SF CLOTHING sm427 anpassbar","nl":"Kids' fashion cycling shorts Kinder fietsbroekje SF CLOTHING sm427 Aanpasbaar","es":"Kids' fashion cycling shorts Short ciclismo infantil SF CLOTHING sm427 Personalizable","it":"Kids' fashion cycling shorts Pantaloncini da ciclismo per bambini SF CLOTHING sm427 Personalizzabile","sv":"Kids' fashion cycling shorts Barn cykelshorts SF CLOTHING sm427 Anpassningsbar","pt":"Kids' fashion cycling shorts Cal\u00e7\u00e3o de ciclismo infantil SF CLOTHING sm427 Personaliz\u00e1vel","da":"Kids' fashion cycling shorts B\u00f8rne cykelshorts SF CLOTHING sm427 Tilpasselig","pl":"Kids' fashion cycling shorts Kr\u00f3tkie spodenki kolarskie dla dzieci SF CLOTHING sm427 Mo\u017cliwo\u015b\u0107 personalizacji"},"description":{"fr":"Le short cycliste enfant est con\u00e7u avec une taille \u00e9lastiqu\u00e9e adapt\u00e9e \u00e0 la sublimation et un tissu non transparent. Sa composition principale est de 88% polyester et 12% \u00e9lasthanne. La jacquard bande est compos\u00e9e de 90% polyester et 10% \u00e9lasthanne.\n\n- Composition principale 88% polyester 12% \u00e9lasthanne\n- Jacquard bande 90% polyester 10% \u00e9lasthanne\n- Taille \u00e9lastiqu\u00e9e adapt\u00e9e \u00e0 sublimation\n- Personnalisable","en":"Kids cycling shorts designed with elastic waistband suitable for sublimation and non-transparent fabric. Main composition is 88% polyester and 12% elastane. Jacquard band is composed of 90% polyester and 10% elastane.\n\n- Main composition 88% polyester 12% elastane\n- Jacquard band 90% polyester 10% elastane\n- Elastic waistband suitable for sublimation\n- Customizable","de":"Die Kinder-Radlerhose ist mit einem elastischen Bund ausgestattet, der f\u00fcr Sublimation geeignet ist, und aus undurchsichtigem Stoff gefertigt. Die Hauptzusammensetzung besteht aus 88% Polyester und 12% Elasthan. Der Jacquard-Streifen besteht aus 90% Polyester und 10% Elasthan.\n\n- Hauptzusammensetzung 88% Polyester 12% Elasthan\n- Jacquard-Streifen 90% Polyester 10% Elasthan\n- Elastischer Bund angepasst f\u00fcr Sublimation\n- Anpassbar","nl":"Het kinder fietsbroekje is ontworpen met een elastische taille geschikt voor sublimatie en een niet-doorschijnende stof. De hoofdsamenstelling is 88% polyester en 12% elastaan. De jacquard band bestaat uit 90% polyester en 10% elastaan.\n\n- Hoofdsamenstelling 88% polyester 12% elastaan\n- Jacquard band 90% polyester 10% elastaan\n- Elastische taille geschikt voor sublimatie\n- Aanpasbaar","es":"El short ciclismo infantil est\u00e1 dise\u00f1ado con una cintura el\u00e1stica adecuada para sublimaci\u00f3n y un tejido no transparente. Su composici\u00f3n principal es 88% poli\u00e9ster y 12% elastano. La banda jacquard est\u00e1 compuesta por 90% poli\u00e9ster y 10% elastano.\n\n- Composici\u00f3n principal 88% poli\u00e9ster 12% elastano\n- Banda jacquard 90% poli\u00e9ster 10% elastano\n- Cintura el\u00e1stica adecuada para sublimaci\u00f3n\n- Personalizable","it":"I pantaloncini da ciclismo per bambini sono realizzati con una vita elastica adatta alla sublimazione e un tessuto non trasparente. La composizione principale \u00e8 88% poliestere e 12% elastan. La banda jacquard \u00e8 composta da 90% poliestere e 10% elastan.\n\n- Composizione principale 88% poliestere 12% elastan\n- Banda jacquard 90% poliestere 10% elastan\n- Vita elastica adatta alla sublimazione\n- Personalizzabile","sv":"Barn cykelshorts \u00e4r utformade med elastisk midja l\u00e4mplig f\u00f6r sublimering och ett tyg som inte \u00e4r genomskinligt. Huvudsammans\u00e4ttningen \u00e4r 88% polyester och 12% elastan. Jacquard bandet best\u00e5r av 90% polyester och 10% elastan.\n\n- Huvudsammans\u00e4ttning 88% polyester 12% elastan\n- Jacquard band 90% polyester 10% elastan\n- Elastisk midja l\u00e4mplig f\u00f6r sublimering\n- Anpassningsbar","pt":"O cal\u00e7\u00e3o de ciclismo infantil \u00e9 concebido com cintura el\u00e1stica adequada para sublima\u00e7\u00e3o e tecido n\u00e3o transparente. A sua composi\u00e7\u00e3o principal \u00e9 de 88% poli\u00e9ster e 12% elastano. A faixa jacquard \u00e9 composta por 90% poli\u00e9ster e 10% elastano.\n\n- Composi\u00e7\u00e3o principal 88% poli\u00e9ster 12% elastano\n- Faixa jacquard 90% poli\u00e9ster 10% elastano\n- Cintura el\u00e1stica adequada para sublima\u00e7\u00e3o\n- Personaliz\u00e1vel","da":"B\u00f8rne cykelshorts er designet med en elastisk talje egnet til sublimation og et ikke-gennemsigtigt stof. Den prim\u00e6re sammens\u00e6tning er 88% polyester og 12% elastan. Jacquard b\u00e5ndet best\u00e5r af 90% polyester og 10% elastan.\n\n- Prim\u00e6r sammens\u00e6tning 88% polyester 12% elastan\n- Jacquard b\u00e5nd 90% polyester 10% elastan\n- Elastisk talje egnet til sublimation\n- Tilpasselig","pl":"Kr\u00f3tkie spodenki kolarskie dla dzieci zaprojektowane z elastycznym pasem odpowiednim do sublimacji oraz nieprzezroczyst\u0105 tkanin\u0105. G\u0142\u00f3wny sk\u0142ad to 88% poliester i 12% elastan. Jacquardowa ta\u015bma zawiera 90% poliester i 10% elastan.\n\n- G\u0142\u00f3wny sk\u0142ad 88% poliester 12% elastan\n- Jacquardowa ta\u015bma 90% poliester 10% elastan\n- Elastyczny pas odpowiedni do sublimacji\n- Mo\u017cliwo\u015b\u0107 personalizacji"},"h1":{"fr":"Kids' fashion cycling shorts Short cycliste enfant sm427 Personnalisable","en":"Kids' fashion cycling shorts Kids cycling shorts sm427 Customizable","de":"Kids' fashion cycling shorts Kinder-Radlerhose sm427 anpassbar","nl":"Kids' fashion cycling shorts Kinder fietsbroekje sm427 Aanpasbaar","es":"Kids' fashion cycling shorts Short ciclismo infantil sm427 Personalizable","it":"Kids' fashion cycling shorts Pantaloncini da ciclismo per bambini sm427 Personalizzabile","sv":"Kids' fashion cycling shorts Barn cykelshorts sm427 Anpassningsbar","pt":"Kids' fashion cycling shorts Cal\u00e7\u00e3o de ciclismo infantil sm427 Personaliz\u00e1vel","da":"Kids' fashion cycling shorts B\u00f8rne cykelshorts sm427 Tilpasselig","pl":"Kids' fashion cycling shorts Kr\u00f3tkie spodenki kolarskie dla dzieci sm427 Mo\u017cliwo\u015b\u0107 personalizacji"},"meta_description":{"fr":"Short cycliste enfant avec taille \u00e9lastiqu\u00e9e, adapt\u00e9 \u00e0 la sublimation, non transparent. Composition polyester et \u00e9lasthanne avec jacquard bande personnalisable.","en":"Kids cycling shorts with elastic waistband, suitable for sublimation, non-transparent. Composition polyester and elastane with customizable jacquard band.","de":"Kinder-Radlerhose mit elastischem Bund, sublimationsgeeignet, nicht transparent. Zusammensetzung Polyester und Elasthan mit anpassbarem Jacquard-Streifen.","nl":"Kinder fietsbroekje met elastische taille, geschikt voor sublimatie, niet doorschijnend. Samenstelling polyester en elastaan met aanpasbare jacquard band.","es":"Short ciclismo infantil con cintura el\u00e1stica, adecuado para sublimaci\u00f3n, no transparente. Composici\u00f3n poli\u00e9ster y elastano con banda jacquard personalizable.","it":"Pantaloncini da ciclismo per bambini con vita elastica, adatti alla sublimazione, non trasparenti. Composizione poliestere ed elastan con banda jacquard personalizzabile.","sv":"Barn cykelshorts med elastisk midja, l\u00e4mplig f\u00f6r sublimering, ej genomskinlig. Sammans\u00e4ttning polyester och elastan med jacquard band anpassningsbar.","pt":"Cal\u00e7\u00e3o de ciclismo infantil com cintura el\u00e1stica, adequado para sublima\u00e7\u00e3o, n\u00e3o transparente. Composi\u00e7\u00e3o poli\u00e9ster e elastano com faixa jacquard personaliz\u00e1vel.","da":"B\u00f8rne cykelshorts med elastisk talje, egnet til sublimation, ikke gennemsigtig. Sammens\u00e6tning polyester og elastan med jacquard b\u00e5nd tilpasselig.","pl":"Kr\u00f3tkie spodenki kolarskie dla dzieci z elastycznym pasem, odpowiednie do sublimacji, nieprzezroczyste. Sk\u0142ad poliester i elastan z jacquardow\u0105, personalizowan\u0105 ta\u015bm\u0105."}}},"categories":[{"id":76,"name":"Shorts","singular":"Short","is_feminin":false},{"id":560,"name":"Sports et Loisirs","singular":"Sport et Loisir","is_feminin":false},{"id":498,"name":"Pantalons et shorts","singular":"Pantalon, short","is_feminin":false},{"id":559,"name":"Univers","singular":"Univers","is_feminin":false},{"id":354,"name":"Textile","singular":"Textile","is_feminin":false}],"certifications":[{"id":1,"label":"OEKO-TEX 100","logo_link":"\/images\/certifications\/1_OEKO-TEX_100.jpg","is_marking_compatible":false},{"id":20,"label":"Amfori BSCI","logo_link":"\/images\/certifications\/20_Amfori_BSCI.jpg","is_marking_compatible":false},{"id":21,"label":"Sedex","logo_link":"\/images\/certifications\/21_Sedex.jpg","is_marking_compatible":false}],"videos":{"fr":[],"en":[],"de":[],"nl":[],"es":[],"it":[],"sv":[],"pt":[],"da":[],"pl":[]},"main_images":{"miniature":"https:\/\/media.th4.com\/25qmxAuu2w8SmMCK2TcixQ0M5jW4defWNkKad1qPpj8\/pr:80\/aHR0cDovL21lZGlhMi5kZXNpZ25wYXJ0bmVyLmZyL2MvcC1ibGFuay1USC8yMTUwMC53ZWJw?v=1764676938","medium":"https:\/\/media.th4.com\/xyQfdfwOHffxiA0lwYBo-RBfSlMq02-nFU7g5GpbiYY\/pr:550x550greybg\/aHR0cDovL21lZGlhMi5kZXNpZ25wYXJ0bmVyLmZyL2MvcC1ibGFuay1USC8yMTUwMC53ZWJw?v=1764676938","medium_large":"https:\/\/media.th4.com\/UErHqVwx0HV6t_nYZsPD4MjiDAnKqkWniFtxkf3f0VQ\/pr:1000x1000greybg\/aHR0cDovL21lZGlhMi5kZXNpZ25wYXJ0bmVyLmZyL2MvcC1ibGFuay1USC8yMTUwMC53ZWJw?v=1764676938","large":"https:\/\/media.th4.com\/A6MTf9qqiIssYRE8JlcK7WNCjjeaOiTYM3lt88acSh4\/pr:1920greybg\/aHR0cDovL21lZGlhMi5kZXNpZ25wYXJ0bmVyLmZyL2MvcC1ibGFuay1USC8yMTUwMC53ZWJw?v=1764676938","opengraph":"https:\/\/media.th4.com\/NBTAPmIj754258tbhoLP6aV7TzQcm-AfA4-d454tl2o\/pr:1200x630greybg\/aHR0cDovL21lZGlhMi5kZXNpZ25wYXJ0bmVyLmZyL2MvcC1ibGFuay1USC8yMTUwMC53ZWJw?v=1764676938"},"main_images_customization":{"miniature":"https:\/\/media.th4.com\/25qmxAuu2w8SmMCK2TcixQ0M5jW4defWNkKad1qPpj8\/pr:80\/aHR0cDovL21lZGlhMi5kZXNpZ25wYXJ0bmVyLmZyL2MvcC1ibGFuay1USC8yMTUwMC53ZWJw?v=1764676938","medium":"https:\/\/media.th4.com\/xyQfdfwOHffxiA0lwYBo-RBfSlMq02-nFU7g5GpbiYY\/pr:550x550greybg\/aHR0cDovL21lZGlhMi5kZXNpZ25wYXJ0bmVyLmZyL2MvcC1ibGFuay1USC8yMTUwMC53ZWJw?v=1764676938","medium_large":"https:\/\/media.th4.com\/UErHqVwx0HV6t_nYZsPD4MjiDAnKqkWniFtxkf3f0VQ\/pr:1000x1000greybg\/aHR0cDovL21lZGlhMi5kZXNpZ25wYXJ0bmVyLmZyL2MvcC1ibGFuay1USC8yMTUwMC53ZWJw?v=1764676938","large":"https:\/\/media.th4.com\/A6MTf9qqiIssYRE8JlcK7WNCjjeaOiTYM3lt88acSh4\/pr:1920greybg\/aHR0cDovL21lZGlhMi5kZXNpZ25wYXJ0bmVyLmZyL2MvcC1ibGFuay1USC8yMTUwMC53ZWJw?v=1764676938","opengraph":"https:\/\/media.th4.com\/NBTAPmIj754258tbhoLP6aV7TzQcm-AfA4-d454tl2o\/pr:1200x630greybg\/aHR0cDovL21lZGlhMi5kZXNpZ25wYXJ0bmVyLmZyL2MvcC1ibGFuay1USC8yMTUwMC53ZWJw?v=1764676938"},"page_links":{"fr":"\/fr\/p-sf-sm427-kids-fashion-short-cycliste-sm427-21500\/","en":"\/en\/p-sf-sm427-kids-fashion-cycling-shorts-sm427-21500\/","de":"\/de\/p-sf-sm427-kids-fashion-short-cycliste-sm427-21500\/","nl":"\/nl\/p-sf-sm427-kids-fashion-short-cycliste-sm427-21500\/","es":"\/es\/p-sf-sm427-kids-fashion-short-cycliste-sm427-21500\/","it":"\/it\/p-sf-sm427-kids-fashion-short-cycliste-sm427-21500\/","sv":"\/sv\/p-sf-sm427-kids-fashion-short-cycliste-sm427-21500\/","pt":"\/pt\/p-sf-sm427-kids-fashion-short-cycliste-sm427-21500\/","da":"\/da\/p-sf-sm427-kids-fashion-short-cycliste-sm427-21500\/","pl":"\/pl\/p-sf-sm427-kids-fashion-short-cycliste-sm427-21500\/"},"page_links_customization":{"fr":"\/fr\/p-sf-sm427-kids-fashion-cycling-shorts-short-cycliste-enfant-sm427-personnalisable-21500\/custom\/","en":"\/en\/p-sf-sm427-kids-fashion-cycling-shorts-kids-cycling-shorts-sm427-customizable-21500\/custom\/","de":"\/de\/p-sf-sm427-kids-fashion-cycling-shorts-kinder-radlerhose-sm427-anpassbar-21500\/custom\/","nl":"\/nl\/p-sf-sm427-kids-fashion-cycling-shorts-kinder-fietsbroekje-sm427-aanpasbaar-21500\/custom\/","es":"\/es\/p-sf-sm427-kids-fashion-cycling-shorts-short-ciclismo-infantil-sm427-personalizable-21500\/custom\/","it":"\/it\/p-sf-sm427-kids-fashion-cycling-shorts-pantaloncini-da-ciclismo-per-bambini-sm427-personalizzabile-21500\/custom\/","sv":"\/sv\/p-sf-sm427-kids-fashion-cycling-shorts-barn-cykelshorts-sm427-anpassningsbar-21500\/custom\/","pt":"\/pt\/p-sf-sm427-kids-fashion-cycling-shorts-calcao-de-ciclismo-infantil-sm427-personalizavel-21500\/custom\/","da":"\/da\/p-sf-sm427-kids-fashion-cycling-shorts-borne-cykelshorts-sm427-tilpasselig-21500\/custom\/","pl":"\/pl\/p-sf-sm427-kids-fashion-cycling-shorts-krotkie-spodenki-kolarskie-dla-dzieci-sm427-mozliwosc-personalizacji-21500\/custom\/"},"equivalent_products":[],"colors":[{"id":24949,"name":"black\/black","class_ids":[4,4],"codes_hexa":["1B1B1F","1B1B1F"],"delai_24":false,"has_3d":false,"seuil_global":0,"stock_local":0,"stock_global":1171,"on_standby":false,"in_catalog":true,"images":{"miniature":["https:\/\/media.th4.com\/wtBOqRd4OlRxXRQ7xteUyQsDoZZY3bY3urFdLE6qYlk\/pr:80\/aHR0cDovL21lZGlhMi5kZXNpZ25wYXJ0bmVyLmZyL2MvcC8yMTUwMC8yMTUwMC0yNDk0OS0xLndlYnA?v=1764676690","https:\/\/media.th4.com\/ennNs5BuFbZCWPdudWUeM2uQgiUFUH5CzGRKZuyVaKE\/pr:80\/aHR0cDovL21lZGlhMi5kZXNpZ25wYXJ0bmVyLmZyL2MvcC8yMTUwMC8yMTUwMC0yNDk0OS0xMC53ZWJw?v=1764676691","https:\/\/media.th4.com\/KegfUHiJtcDfHNqO2rgYbjZSjHv270fXX9grTZ8fOGU\/pr:80\/aHR0cDovL21lZGlhMi5kZXNpZ25wYXJ0bmVyLmZyL2MvcC8yMTUwMC8yMTUwMC0yNDk0OS0yLndlYnA?v=1764676691","https:\/\/media.th4.com\/Kb59aOV_nfVLmFjgsp0o8vkWh2P15HoBMa_dvU3Svp8\/pr:80\/aHR0cDovL21lZGlhMi5kZXNpZ25wYXJ0bmVyLmZyL2MvcC8yMTUwMC8yMTUwMC0yNDk0OS00LndlYnA?v=1764676692"],"medium":["https:\/\/media.th4.com\/H67Hbb5I-gtFxlCMZW8CkuOOsx06YW6lOHThaPV8c6k\/pr:550x550\/aHR0cDovL21lZGlhMi5kZXNpZ25wYXJ0bmVyLmZyL2MvcC8yMTUwMC8yMTUwMC0yNDk0OS0xLndlYnA?v=1764676690","https:\/\/media.th4.com\/9kpeJPBPZOzUkIL9Aw_PBw2NXwkp9jTOKbXBZ2rSju8\/pr:550x550\/aHR0cDovL21lZGlhMi5kZXNpZ25wYXJ0bmVyLmZyL2MvcC8yMTUwMC8yMTUwMC0yNDk0OS0xMC53ZWJw?v=1764676691","https:\/\/media.th4.com\/HPuB_8XiZePdnySvzAbgvbhakh4yP85Ys5L9KAoD6po\/pr:550x550\/aHR0cDovL21lZGlhMi5kZXNpZ25wYXJ0bmVyLmZyL2MvcC8yMTUwMC8yMTUwMC0yNDk0OS0yLndlYnA?v=1764676691","https:\/\/media.th4.com\/N0xUvvLxuIWxYnBG0EeV_GqYVvtPYdbqrVM1Btjld38\/pr:550x550\/aHR0cDovL21lZGlhMi5kZXNpZ25wYXJ0bmVyLmZyL2MvcC8yMTUwMC8yMTUwMC0yNDk0OS00LndlYnA?v=1764676692"],"medium_large":["https:\/\/media.th4.com\/Qg1zu762lLn8u2824BQOnTjnXjEY6i6U6VETO5_9z50\/pr:1000x1000\/aHR0cDovL21lZGlhMi5kZXNpZ25wYXJ0bmVyLmZyL2MvcC8yMTUwMC8yMTUwMC0yNDk0OS0xLndlYnA?v=1764676690","https:\/\/media.th4.com\/OVKSBjMXfECf9SMG1Or9RBiH1v8AQjLVgbW8GprJa0U\/pr:1000x1000\/aHR0cDovL21lZGlhMi5kZXNpZ25wYXJ0bmVyLmZyL2MvcC8yMTUwMC8yMTUwMC0yNDk0OS0xMC53ZWJw?v=1764676691","https:\/\/media.th4.com\/B1zWmzpqBFyRUHEGeS4BEfZ_8iISnmphn88lctTnHpA\/pr:1000x1000\/aHR0cDovL21lZGlhMi5kZXNpZ25wYXJ0bmVyLmZyL2MvcC8yMTUwMC8yMTUwMC0yNDk0OS0yLndlYnA?v=1764676691","https:\/\/media.th4.com\/9KR11ZMDGn6mc8v4UKHvofvjVU-GQaqUrnC_E9Xp72A\/pr:1000x1000\/aHR0cDovL21lZGlhMi5kZXNpZ25wYXJ0bmVyLmZyL2MvcC8yMTUwMC8yMTUwMC0yNDk0OS00LndlYnA?v=1764676692"],"large":["https:\/\/media.th4.com\/BzsoywtROuvFu_QrXz3TqLDyDk_KaxlpEKpOCPZSEkE\/pr:1920\/aHR0cDovL21lZGlhMi5kZXNpZ25wYXJ0bmVyLmZyL2MvcC8yMTUwMC8yMTUwMC0yNDk0OS0xLndlYnA?v=1764676690","https:\/\/media.th4.com\/sRF4pgSumWjznZJDua-Jy8FhAJlHqtxDVRiMJ4F-4iw\/pr:1920\/aHR0cDovL21lZGlhMi5kZXNpZ25wYXJ0bmVyLmZyL2MvcC8yMTUwMC8yMTUwMC0yNDk0OS0xMC53ZWJw?v=1764676691","https:\/\/media.th4.com\/oHnAH4pO7iBlexGnF_I_uJM9hsg95t6IoGCrN8ZyN-I\/pr:1920\/aHR0cDovL21lZGlhMi5kZXNpZ25wYXJ0bmVyLmZyL2MvcC8yMTUwMC8yMTUwMC0yNDk0OS0yLndlYnA?v=1764676691","https:\/\/media.th4.com\/vmrtPqUbwyQe8GNfn4bMBSOjKx4uJ9reRPjBqd0E-o8\/pr:1920\/aHR0cDovL21lZGlhMi5kZXNpZ25wYXJ0bmVyLmZyL2MvcC8yMTUwMC8yMTUwMC0yNDk0OS00LndlYnA?v=1764676692"],"opengraph":["https:\/\/media.th4.com\/rgj90CSHlb15Eft1Y6HPO8M8ZQr5MHwBRtpL1LfJEKk\/pr:1200x630\/aHR0cDovL21lZGlhMi5kZXNpZ25wYXJ0bmVyLmZyL2MvcC8yMTUwMC8yMTUwMC0yNDk0OS0xLndlYnA?v=1764676690","https:\/\/media.th4.com\/VeKEYWqLD3Jdi878J75GMy4hy58lFJ5TGPJTOPqnxEk\/pr:1200x630\/aHR0cDovL21lZGlhMi5kZXNpZ25wYXJ0bmVyLmZyL2MvcC8yMTUwMC8yMTUwMC0yNDk0OS0xMC53ZWJw?v=1764676691","https:\/\/media.th4.com\/H1-5dfi2ocZkvxWQQOHL9zGoE1tw0w2eVqdQg0WN8pQ\/pr:1200x630\/aHR0cDovL21lZGlhMi5kZXNpZ25wYXJ0bmVyLmZyL2MvcC8yMTUwMC8yMTUwMC0yNDk0OS0yLndlYnA?v=1764676691","https:\/\/media.th4.com\/FhbLdYgSGlieceNBktldEkwQ5em7UV_IOJoXYFOhSMs\/pr:1200x630\/aHR0cDovL21lZGlhMi5kZXNpZ25wYXJ0bmVyLmZyL2MvcC8yMTUwMC8yMTUwMC0yNDk0OS00LndlYnA?v=1764676692"]},"images_customization":{"miniature":["https:\/\/media.th4.com\/wtBOqRd4OlRxXRQ7xteUyQsDoZZY3bY3urFdLE6qYlk\/pr:80\/aHR0cDovL21lZGlhMi5kZXNpZ25wYXJ0bmVyLmZyL2MvcC8yMTUwMC8yMTUwMC0yNDk0OS0xLndlYnA?v=1764676690","https:\/\/media.th4.com\/ennNs5BuFbZCWPdudWUeM2uQgiUFUH5CzGRKZuyVaKE\/pr:80\/aHR0cDovL21lZGlhMi5kZXNpZ25wYXJ0bmVyLmZyL2MvcC8yMTUwMC8yMTUwMC0yNDk0OS0xMC53ZWJw?v=1764676691","https:\/\/media.th4.com\/KegfUHiJtcDfHNqO2rgYbjZSjHv270fXX9grTZ8fOGU\/pr:80\/aHR0cDovL21lZGlhMi5kZXNpZ25wYXJ0bmVyLmZyL2MvcC8yMTUwMC8yMTUwMC0yNDk0OS0yLndlYnA?v=1764676691","https:\/\/media.th4.com\/Kb59aOV_nfVLmFjgsp0o8vkWh2P15HoBMa_dvU3Svp8\/pr:80\/aHR0cDovL21lZGlhMi5kZXNpZ25wYXJ0bmVyLmZyL2MvcC8yMTUwMC8yMTUwMC0yNDk0OS00LndlYnA?v=1764676692"],"medium":["https:\/\/media.th4.com\/H67Hbb5I-gtFxlCMZW8CkuOOsx06YW6lOHThaPV8c6k\/pr:550x550\/aHR0cDovL21lZGlhMi5kZXNpZ25wYXJ0bmVyLmZyL2MvcC8yMTUwMC8yMTUwMC0yNDk0OS0xLndlYnA?v=1764676690","https:\/\/media.th4.com\/9kpeJPBPZOzUkIL9Aw_PBw2NXwkp9jTOKbXBZ2rSju8\/pr:550x550\/aHR0cDovL21lZGlhMi5kZXNpZ25wYXJ0bmVyLmZyL2MvcC8yMTUwMC8yMTUwMC0yNDk0OS0xMC53ZWJw?v=1764676691","https:\/\/media.th4.com\/HPuB_8XiZePdnySvzAbgvbhakh4yP85Ys5L9KAoD6po\/pr:550x550\/aHR0cDovL21lZGlhMi5kZXNpZ25wYXJ0bmVyLmZyL2MvcC8yMTUwMC8yMTUwMC0yNDk0OS0yLndlYnA?v=1764676691","https:\/\/media.th4.com\/N0xUvvLxuIWxYnBG0EeV_GqYVvtPYdbqrVM1Btjld38\/pr:550x550\/aHR0cDovL21lZGlhMi5kZXNpZ25wYXJ0bmVyLmZyL2MvcC8yMTUwMC8yMTUwMC0yNDk0OS00LndlYnA?v=1764676692"],"medium_large":["https:\/\/media.th4.com\/Qg1zu762lLn8u2824BQOnTjnXjEY6i6U6VETO5_9z50\/pr:1000x1000\/aHR0cDovL21lZGlhMi5kZXNpZ25wYXJ0bmVyLmZyL2MvcC8yMTUwMC8yMTUwMC0yNDk0OS0xLndlYnA?v=1764676690","https:\/\/media.th4.com\/OVKSBjMXfECf9SMG1Or9RBiH1v8AQjLVgbW8GprJa0U\/pr:1000x1000\/aHR0cDovL21lZGlhMi5kZXNpZ25wYXJ0bmVyLmZyL2MvcC8yMTUwMC8yMTUwMC0yNDk0OS0xMC53ZWJw?v=1764676691","https:\/\/media.th4.com\/B1zWmzpqBFyRUHEGeS4BEfZ_8iISnmphn88lctTnHpA\/pr:1000x1000\/aHR0cDovL21lZGlhMi5kZXNpZ25wYXJ0bmVyLmZyL2MvcC8yMTUwMC8yMTUwMC0yNDk0OS0yLndlYnA?v=1764676691","https:\/\/media.th4.com\/9KR11ZMDGn6mc8v4UKHvofvjVU-GQaqUrnC_E9Xp72A\/pr:1000x1000\/aHR0cDovL21lZGlhMi5kZXNpZ25wYXJ0bmVyLmZyL2MvcC8yMTUwMC8yMTUwMC0yNDk0OS00LndlYnA?v=1764676692"],"large":["https:\/\/media.th4.com\/BzsoywtROuvFu_QrXz3TqLDyDk_KaxlpEKpOCPZSEkE\/pr:1920\/aHR0cDovL21lZGlhMi5kZXNpZ25wYXJ0bmVyLmZyL2MvcC8yMTUwMC8yMTUwMC0yNDk0OS0xLndlYnA?v=1764676690","https:\/\/media.th4.com\/sRF4pgSumWjznZJDua-Jy8FhAJlHqtxDVRiMJ4F-4iw\/pr:1920\/aHR0cDovL21lZGlhMi5kZXNpZ25wYXJ0bmVyLmZyL2MvcC8yMTUwMC8yMTUwMC0yNDk0OS0xMC53ZWJw?v=1764676691","https:\/\/media.th4.com\/oHnAH4pO7iBlexGnF_I_uJM9hsg95t6IoGCrN8ZyN-I\/pr:1920\/aHR0cDovL21lZGlhMi5kZXNpZ25wYXJ0bmVyLmZyL2MvcC8yMTUwMC8yMTUwMC0yNDk0OS0yLndlYnA?v=1764676691","https:\/\/media.th4.com\/vmrtPqUbwyQe8GNfn4bMBSOjKx4uJ9reRPjBqd0E-o8\/pr:1920\/aHR0cDovL21lZGlhMi5kZXNpZ25wYXJ0bmVyLmZyL2MvcC8yMTUwMC8yMTUwMC0yNDk0OS00LndlYnA?v=1764676692"],"opengraph":["https:\/\/media.th4.com\/rgj90CSHlb15Eft1Y6HPO8M8ZQr5MHwBRtpL1LfJEKk\/pr:1200x630\/aHR0cDovL21lZGlhMi5kZXNpZ25wYXJ0bmVyLmZyL2MvcC8yMTUwMC8yMTUwMC0yNDk0OS0xLndlYnA?v=1764676690","https:\/\/media.th4.com\/VeKEYWqLD3Jdi878J75GMy4hy58lFJ5TGPJTOPqnxEk\/pr:1200x630\/aHR0cDovL21lZGlhMi5kZXNpZ25wYXJ0bmVyLmZyL2MvcC8yMTUwMC8yMTUwMC0yNDk0OS0xMC53ZWJw?v=1764676691","https:\/\/media.th4.com\/H1-5dfi2ocZkvxWQQOHL9zGoE1tw0w2eVqdQg0WN8pQ\/pr:1200x630\/aHR0cDovL21lZGlhMi5kZXNpZ25wYXJ0bmVyLmZyL2MvcC8yMTUwMC8yMTUwMC0yNDk0OS0yLndlYnA?v=1764676691","https:\/\/media.th4.com\/FhbLdYgSGlieceNBktldEkwQ5em7UV_IOJoXYFOhSMs\/pr:1200x630\/aHR0cDovL21lZGlhMi5kZXNpZ25wYXJ0bmVyLmZyL2MvcC8yMTUwMC8yMTUwMC0yNDk0OS00LndlYnA?v=1764676692"]},"country_origin":"BD","traceability":{"manufacturing_country_id":59,"weaving_country_id":61,"dyeing_country_id":61},"sizes":[{"id":22,"article_id":530328,"class_id":14,"name":"5\/6ans","on_standby":false,"stock_local":0,"stock_global":790,"multiple":1,"estimated_date_reassort":null,"is_destocking":false},{"id":532,"article_id":530329,"class_id":15,"name":"7\/8ans","on_standby":false,"stock_local":0,"stock_global":65,"multiple":1,"estimated_date_reassort":null,"is_destocking":false},{"id":1303,"article_id":530330,"class_id":16,"name":"9\/10ans","on_standby":false,"stock_local":0,"stock_global":99,"multiple":1,"estimated_date_reassort":null,"is_destocking":false},{"id":1301,"article_id":530331,"class_id":17,"name":"11\/12ans","on_standby":false,"stock_local":0,"stock_global":217,"multiple":1,"estimated_date_reassort":null,"is_destocking":false}],"page_links":{"fr":"\/fr\/p-sf-sm427-kids-fashion-short-cycliste-sm427-21500\/black-black-24949\/","en":"\/en\/p-sf-sm427-kids-fashion-cycling-shorts-sm427-21500\/black-black-24949\/","de":"\/de\/p-sf-sm427-kids-fashion-short-cycliste-sm427-21500\/black-black-24949\/","nl":"\/nl\/p-sf-sm427-kids-fashion-short-cycliste-sm427-21500\/black-black-24949\/","es":"\/es\/p-sf-sm427-kids-fashion-short-cycliste-sm427-21500\/black-black-24949\/","it":"\/it\/p-sf-sm427-kids-fashion-short-cycliste-sm427-21500\/black-black-24949\/","sv":"\/sv\/p-sf-sm427-kids-fashion-short-cycliste-sm427-21500\/black-black-24949\/","pt":"\/pt\/p-sf-sm427-kids-fashion-short-cycliste-sm427-21500\/black-black-24949\/","da":"\/da\/p-sf-sm427-kids-fashion-short-cycliste-sm427-21500\/black-black-24949\/","pl":"\/pl\/p-sf-sm427-kids-fashion-short-cycliste-sm427-21500\/black-black-24949\/"},"page_links_customization":{"fr":"\/fr\/p-sf-sm427-kids-fashion-cycling-shorts-short-cycliste-enfant-sm427-personnalisable-21500\/black-black-24949\/custom\/","en":"\/en\/p-sf-sm427-kids-fashion-cycling-shorts-kids-cycling-shorts-sm427-customizable-21500\/black-black-24949\/custom\/","de":"\/de\/p-sf-sm427-kids-fashion-cycling-shorts-kinder-radlerhose-sm427-anpassbar-21500\/black-black-24949\/custom\/","nl":"\/nl\/p-sf-sm427-kids-fashion-cycling-shorts-kinder-fietsbroekje-sm427-aanpasbaar-21500\/black-black-24949\/custom\/","es":"\/es\/p-sf-sm427-kids-fashion-cycling-shorts-short-ciclismo-infantil-sm427-personalizable-21500\/black-black-24949\/custom\/","it":"\/it\/p-sf-sm427-kids-fashion-cycling-shorts-pantaloncini-da-ciclismo-per-bambini-sm427-personalizzabile-21500\/black-black-24949\/custom\/","sv":"\/sv\/p-sf-sm427-kids-fashion-cycling-shorts-barn-cykelshorts-sm427-anpassningsbar-21500\/black-black-24949\/custom\/","pt":"\/pt\/p-sf-sm427-kids-fashion-cycling-shorts-calcao-de-ciclismo-infantil-sm427-personalizavel-21500\/black-black-24949\/custom\/","da":"\/da\/p-sf-sm427-kids-fashion-cycling-shorts-borne-cykelshorts-sm427-tilpasselig-21500\/black-black-24949\/custom\/","pl":"\/pl\/p-sf-sm427-kids-fashion-cycling-shorts-krotkie-spodenki-kolarskie-dla-dzieci-sm427-mozliwosc-personalizacji-21500\/black-black-24949\/custom\/"}}],"documentation_link":null,"countries_availables":["AD","AE","AL","AT","BA","BD","BE","BG","BL","CA","CH","CN","CO","CY","CZ","DE","DK","DO","EE","EG","ES","ET","FI","FR","GB","GE","GF","GP","GR","GT","HK","HN","HR","HT","HU","ID","IE","IN","IS","IT","JO","JP","KE","KH","KP","KR","LA","LK","LS","LT","LU","LV","MA","MF","MG","MK","MM","MN","MQ","MT","MX","MY","NC","NI","NL","PF","PH","PK","PL","PM","PT","RE","RO","SE","SG","SI","SK","SV","SY","TH","TN","TR","TW","TZ","US","VN","WF","YT"]},"infos_customization":[],"features":{"authorize_multi_surfaces":true,"display_order_delay_type":true,"promote_surface_display":true,"tarification_franco_offert":true,"enabled_3d_editor":false},"markings":[{"id":0,"nom":"vierge","finition":null,"libelle":null,"code":null,"dpi":null,"finesse_forme_isolee":null,"finesse_forme_non_isolee":null,"hauteur_minimale_texte":null,"inactif":0,"marquage_interne":1,"quantite_min":null,"parent_id":null,"print_on_support":0,"content":"vierge","description":null},{"id":2,"nom":"fonce","finition":"optimale","libelle":"TopQuadri","code":null,"dpi":400,"finesse_forme_isolee":"0.040","finesse_forme_non_isolee":"0.700","hauteur_minimale_texte":2,"inactif":0,"marquage_interne":1,"quantite_min":null,"parent_id":18,"print_on_support":0,"content":"TopQuadri","description":"pour petites et moyennes s\u00e9ries"},{"id":3,"nom":"serigraphie","finition":"serigraphie","libelle":"SeriCoat","code":null,"dpi":400,"finesse_forme_isolee":"0.040","finesse_forme_non_isolee":"0.700","hauteur_minimale_texte":2,"inactif":0,"marquage_interne":1,"quantite_min":15,"parent_id":18,"print_on_support":0,"content":"SeriCoat","description":"pour moyennes et grandes s\u00e9ries"},{"id":4,"nom":"broderie","finition":"broderie","libelle":"Broderie","code":null,"dpi":400,"finesse_forme_isolee":"0.040","finesse_forme_non_isolee":"0.700","hauteur_minimale_texte":3,"inactif":0,"marquage_interne":1,"quantite_min":null,"parent_id":null,"print_on_support":0,"content":"Broderie","description":null},{"id":8,"nom":"theme","finition":null,"libelle":"Th\u00e8me","code":null,"dpi":null,"finesse_forme_isolee":null,"finesse_forme_non_isolee":null,"hauteur_minimale_texte":null,"inactif":0,"marquage_interne":1,"quantite_min":null,"parent_id":null,"print_on_support":0,"content":"Th\u00e8me","description":null},{"id":9,"nom":"sans","finition":null,"libelle":null,"code":null,"dpi":null,"finesse_forme_isolee":null,"finesse_forme_non_isolee":null,"hauteur_minimale_texte":null,"inactif":0,"marquage_interne":1,"quantite_min":null,"parent_id":null,"print_on_support":0,"content":"sans","description":null},{"id":10,"nom":"photo","finition":null,"libelle":"Photo","code":null,"dpi":null,"finesse_forme_isolee":null,"finesse_forme_non_isolee":null,"hauteur_minimale_texte":null,"inactif":0,"marquage_interne":1,"quantite_min":null,"parent_id":null,"print_on_support":0,"content":"Photo","description":null},{"id":14,"nom":"couleur","finition":null,"libelle":"Couleur","code":null,"dpi":null,"finesse_forme_isolee":null,"finesse_forme_non_isolee":null,"hauteur_minimale_texte":null,"inactif":0,"marquage_interne":1,"quantite_min":null,"parent_id":null,"print_on_support":0,"content":"Couleur","description":null},{"id":15,"nom":"sublimation","finition":"sublimation","libelle":"Sublimation","code":null,"dpi":null,"finesse_forme_isolee":"0.000","finesse_forme_non_isolee":"0.000","hauteur_minimale_texte":2,"inactif":0,"marquage_interne":1,"quantite_min":null,"parent_id":null,"print_on_support":0,"content":"Sublimation","description":null},{"id":16,"nom":"topquadri_uv","finition":null,"libelle":"TopQuadri UV","code":null,"dpi":null,"finesse_forme_isolee":"0.020","finesse_forme_non_isolee":"0.700","hauteur_minimale_texte":2,"inactif":0,"marquage_interne":1,"quantite_min":null,"parent_id":null,"print_on_support":1,"content":null,"description":null},{"id":17,"nom":"topquadri_uvp","finition":null,"libelle":"TopQuadri UVP","code":null,"dpi":null,"finesse_forme_isolee":"0.020","finesse_forme_non_isolee":"0.700","hauteur_minimale_texte":2,"inactif":0,"marquage_interne":1,"quantite_min":null,"parent_id":null,"print_on_support":1,"content":null,"description":null},{"id":18,"nom":"quadri","finition":null,"libelle":"Impression","code":null,"dpi":null,"finesse_forme_isolee":null,"finesse_forme_non_isolee":null,"hauteur_minimale_texte":null,"inactif":0,"marquage_interne":1,"quantite_min":null,"parent_id":null,"print_on_support":0,"content":null,"description":null}]}}