{"data":{"product":{"id":21495,"titre":"Kids\u00b4 feel good stretch vest","description":"D\u00e9bardeur enfant Feel Good. Lav\u00e9 aux enzymes pour un toucher plus doux. Tour de cou et emmanchures dans le m\u00eame tissu. Coupe longue et ajust\u00e9e moderne. Coutures \u00e0 double aiguille aux manches et \u00e0 l'ourlet. \u00c9tiquette d\u00e9tachable. Composition : 96% coton. 4% \u00e9lasthanne.","genre":"enfant","grammage":165,"conditionnement":72,"composition":"coton,elasthanne","reference":"sf-sm123","reference_visible":"sf-sm123","reference_fabricant":"SM123","ref_xor":"722354","in_catalog":true,"is_transfer":false,"is_service":false,"on_standby":false,"has_3d":true,"has_size_guide":true,"has_marking":true,"has_vierge":true,"is_cross_sellable":false,"id_picto":6,"filename_3d":"picto-6","brand":{"id":18,"name":"SF Clothing","logo":"logo-skinnifit.png","image":"https:\/\/media.th4.com\/h4V08P2zFDdLT_JbrFGCqYK26uPq5kfP-E3feo3K2ZU\/pr:brand70x70\/aHR0cDovL21lZGlhMi5kZXNpZ25wYXJ0bmVyLmZyL2MvbS9sb2dvLXNraW5uaWZpdC5wbmc?v=1761304195"},"price_infos":{"price_from":4.29,"quantity":200,"color":{"id":22977,"name":"black"},"size":{"id":532,"name":"7\/8ans"}},"price_infos_marking":{"price_from":8.12,"quantity":200,"color":{"id":22977,"name":"black"},"size":{"id":532,"name":"7\/8ans"},"marking":{"id":2,"name":""},"emplacement":"avant","surface_emplacement_id":1,"surface":"coeur"},"i18n":{"blank":{"title":{"fr":"Kids' feel good stretch vest D\u00e9bardeur enfant SF CLOTHING sm123","en":"Kids' feel good stretch vest Kids' vest SF CLOTHING sm123","de":"Kids' feel good stretch vest Kinder-Top SF CLOTHING sm123","nl":"Kids' feel good stretch vest Kinder hemdje SF CLOTHING sm123","es":"Kids' feel good stretch vest Camiseta sin mangas infantil SF CLOTHING sm123","it":"Kids' feel good stretch vest Canotta bambino SF CLOTHING sm123","sv":"Kids' feel good stretch vest Barnlinne SF CLOTHING sm123","pt":"Kids' feel good stretch vest Regata infantil SF CLOTHING sm123","da":"Kids' feel good stretch vest B\u00f8rneundertr\u00f8je SF CLOTHING sm123","pl":"Kids' feel good stretch vest Dzieci\u0119cy podkoszulek SF CLOTHING sm123"},"description":{"fr":"Le Kids' feel good stretch vest est un d\u00e9bardeur enfant \u00e0 coupe longue ajust\u00e9e. Toucher adouci par lavage aux enzymes, avec finitions au col et aux emmanchures dans le m\u00eame tissu. Coutures \u00e0 double aiguille aux manches et \u00e0 l\u2019ourlet, \u00e9tiquette d\u00e9tachable.\n\n- 96% coton, 4% \u00e9lasthanne\n- Coupe longue ajust\u00e9e\n- Col et emmanchures assortis\n- \u00c9tiquette d\u00e9tachable","en":"The Kids' feel good stretch vest is a kids' vest with a long fitted cut. Softer handfeel thanks to enzyme wash, with matching neck and armhole finishes in the same fabric. Double-needle stitching at the sleeves and hem, tear-away label.\n\n- 96% cotton, 4% elastane\n- Long fitted cut\n- Matching neck and armholes\n- Tear-away label","de":"Das Kids' feel good stretch vest ist ein Kinder-Top mit langem, k\u00f6rpernahem Schnitt. Weicher Griff durch Enzymw\u00e4sche, mit Abschl\u00fcssen am Halsausschnitt und an den Armausschnitten aus demselben Stoff. Doppelnaht an den Armausschnitten und am Saum, abtrennbares Etikett.\n\n- 96% Baumwolle, 4% Elasthan\n- Langer, k\u00f6rpernaher Schnitt\n- Passende Abschl\u00fcsse an Halsausschnitt und Armausschnitten\n- Abtrennbares Etikett","nl":"Het Kids' feel good stretch vest is een kinder hemdje met een lange, aansluitende pasvorm. Zachter gevoel door enzymwas, met afwerking bij de hals en armsgaten in dezelfde stof. Dubbelnaaldstiksels bij de armsgaten en de zoom, afscheurbaar etiket.\n\n- 96% katoen, 4% elastaan\n- Lange, aansluitende pasvorm\n- Bijpassende hals en armsgaten\n- Afscheurbaar etiket","es":"La Kids' feel good stretch vest es una camiseta sin mangas infantil de corte largo entallado. Tacto suavizado por lavado con enzimas, con acabados en el cuello y en las sisas en el mismo tejido. Costuras de doble aguja en las mangas y el dobladillo, etiqueta desprendible.\n\n- 96% algod\u00f3n, 4% elastano\n- Corte largo entallado\n- Cuello y sisas a juego\n- Etiqueta desprendible","it":"La Kids' feel good stretch vest \u00e8 una canotta bambino con vestibilit\u00e0 lunga e aderente. Mano ammorbidita dal lavaggio con enzimi, con finiture su scollo e giromanica nello stesso tessuto. Cuciture a doppio ago su maniche e orlo, etichetta removibile.\n\n- 96% cotone, 4% elastan\n- Vestibilit\u00e0 lunga e aderente\n- Scollo e giromanica abbinati\n- Etichetta removibile","sv":"Kids' feel good stretch vest \u00e4r ett barnlinne med l\u00e5ng, figurn\u00e4ra passform. Mjuk k\u00e4nsla tack vare enzymtv\u00e4tt, med kantband i halsringning och \u00e4rmh\u00e5l i samma tyg. Dubbels\u00f6mmar vid \u00e4rm\u00f6ppningar och f\u00e5ll, avtagbar etikett.\n\n- 96% bomull, 4% elastan\n- L\u00e5ng, figurn\u00e4ra passform\n- Matchande halsringning och \u00e4rmh\u00e5l\n- Avtagbar etikett","pt":"A Kids' feel good stretch vest \u00e9 uma regata infantil com corte longo ajustado. Toque suavizado por lavagem com enzimas, com acabamentos na gola e nas cavas no mesmo tecido. Costuras com agulha dupla nas mangas e na bainha, etiqueta destac\u00e1vel.\n\n- 96% algod\u00e3o, 4% elastano\n- Corte longo ajustado\n- Gola e cavas a condizer\n- Etiqueta destac\u00e1vel","da":"Kids' feel good stretch vest er en b\u00f8rneundertr\u00f8je med lang, t\u00e6tsiddende pasform. Bl\u00f8dgjort ved enzymvask, med finish ved hals og \u00e6rmegab i samme stof. Dobbeln\u00e5lss\u00f8mme ved \u00e6rmegab og nederste kant, aftagelig etiket.\n\n- 96% bomuld, 4% elastan\n- Lang, t\u00e6tsiddende pasform\n- Matchende hals og \u00e6rmegab\n- Aftagelig etiket","pl":"Kids' feel good stretch vest to dzieci\u0119cy podkoszulek o d\u0142ugim, dopasowanym kroju. Mi\u0119kki w dotyku dzi\u0119ki praniu enzymatycznemu, z wyko\u0144czeniami przy dekolcie i pachach z tego samego materia\u0142u. Podw\u00f3jne przeszycia przy otworach na r\u0119ce i u do\u0142u, odrywana metka.\n\n- 96% bawe\u0142na, 4% elastan\n- D\u0142ugi, dopasowany kr\u00f3j\n- Dopasowane wyko\u0144czenie dekoltu i pach\n- Odrywana metka"},"h1":{"fr":"Kids' feel good stretch vest D\u00e9bardeur enfant sm123","en":"Kids' feel good stretch vest Kids' vest sm123","de":"Kids' feel good stretch vest Kinder-Top sm123","nl":"Kids' feel good stretch vest Kinder hemdje sm123","es":"Kids' feel good stretch vest Camiseta sin mangas infantil sm123","it":"Kids' feel good stretch vest Canotta bambino sm123","sv":"Kids' feel good stretch vest Barnlinne sm123","pt":"Kids' feel good stretch vest Regata infantil sm123","da":"Kids' feel good stretch vest B\u00f8rneundertr\u00f8je sm123","pl":"Kids' feel good stretch vest Dzieci\u0119cy podkoszulek sm123"},"meta_description":{"fr":"D\u00e9bardeur enfant Kids' feel good stretch vest sm123 en coton et \u00e9lasthanne. Coupe longue ajust\u00e9e, finitions au col et emmanchures, \u00e9tiquette d\u00e9tachable.","en":"Kids' vest Kids' feel good stretch vest sm123 in cotton and elastane. Long fitted cut, matching neck and armhole finishes, tear-away label.","de":"Kinder-Top Kids' feel good stretch vest sm123 aus Baumwolle und Elasthan. Langer, k\u00f6rpernaher Schnitt, Abschl\u00fcsse an Halsausschnitt und Armausschnitten, abtrennbares Etikett.","nl":"Kinder hemdje Kids' feel good stretch vest sm123 van katoen en elastaan. Lange, aansluitende pasvorm, afwerking bij hals en armsgaten, afscheurbaar etiket.","es":"Camiseta sin mangas infantil Kids' feel good stretch vest sm123 en algod\u00f3n y elastano. Corte largo entallado, acabados en el cuello y las sisas, etiqueta desprendible.","it":"Canotta bambino Kids' feel good stretch vest sm123 in cotone ed elastan. Vestibilit\u00e0 lunga e aderente, finiture su scollo e giromanica, etichetta removibile.","sv":"Barnlinne Kids' feel good stretch vest sm123 i bomull och elastan. L\u00e5ng, figurn\u00e4ra passform, kantband i halsringning och \u00e4rmh\u00e5l, avtagbar etikett.","pt":"Regata infantil Kids' feel good stretch vest sm123 em algod\u00e3o e elastano. Corte longo ajustado, acabamentos na gola e nas cavas, etiqueta destac\u00e1vel.","da":"B\u00f8rneundertr\u00f8je Kids' feel good stretch vest sm123 i bomuld og elastan. Lang, t\u00e6tsiddende pasform, finish ved hals og \u00e6rmegab, aftagelig etiket.","pl":"Dzieci\u0119cy podkoszulek Kids' feel good stretch vest sm123 z bawe\u0142ny i elastanu. D\u0142ugi, dopasowany kr\u00f3j, wyko\u0144czenia przy dekolcie i pachach, odrywana metka."}},"custom":{"title":{"fr":"Kids' feel good stretch vest SF CLOTHING sm123 d\u00e9bardeur enfant personnalisable","en":"Kids' feel good stretch vest SF CLOTHING sm123 customizable kids' vest","de":"Kids' feel good stretch vest SF CLOTHING sm123 anpassbares Kinder-Tanktop","nl":"Kids' feel good stretch vest SF CLOTHING sm123 aanpasbaar kinder tanktop","es":"Kids' feel good stretch vest SF CLOTHING sm123 camiseta sin mangas infantil personalizable","it":"Kids' feel good stretch vest SF CLOTHING sm123 canotta bambino personalizzabile","sv":"Kids' feel good stretch vest SF CLOTHING sm123 barn anpassningsbar v\u00e4st","pt":"Kids' feel good stretch vest SF CLOTHING sm123 colete infantil personaliz\u00e1vel","da":"Kids' feel good stretch vest SF CLOTHING sm123 b\u00f8rnetee-shirt tilpasningsmuligheder","pl":"Kids' feel good stretch vest SF CLOTHING sm123 personalizowany dzieci\u0119cy tee-shirt bez r\u0119kaw\u00f3w"},"description":{"fr":"Le Kids' feel good stretch vest est un d\u00e9bardeur enfant en coton avec une touche d'\u00e9lasthanne pour plus de souplesse. Le tour de cou et les emmanchures utilisent le m\u00eame tissu. La coupe est longue et ajust\u00e9e avec une finition par coutures doubles aux manches et \u00e0 l'ourlet. L'\u00e9tiquette est d\u00e9tachable.\n\n- Composition 96% coton 4% \u00e9lasthanne\n- Coupe longue ajust\u00e9e\n- Coutures doubles manches et ourlet\n- Personnalisable","en":"The Kids' feel good stretch vest is a kids' cotton vest with a touch of elastane for added flexibility. The neckline and armholes use the same fabric. The fit is long and slim with double stitching on sleeves and hem. The label is detachable.\n\n- Composition 96% cotton 4% elastane\n- Long slim fit\n- Double stitched sleeves and hem\n- Customizable","de":"Das Kids' feel good stretch vest ist ein Kinder-Tanktop aus Baumwolle mit einem Anteil Elasthan f\u00fcr mehr Beweglichkeit. Halsausschnitt und Armausschnitte verwenden denselben Stoff. Der Schnitt ist lang und eng anliegend mit doppelten N\u00e4hten an \u00c4rmeln und Saum. Das Etikett ist abnehmbar.\n\n- Zusammensetzung 96% Baumwolle 4% Elasthan\n- Langer enger Schnitt\n- Doppelte N\u00e4hte an \u00c4rmeln und Saum\n- Anpassbar","nl":"De Kids' feel good stretch vest is een kinder tanktop van katoen met een vleugje elastaan voor meer flexibiliteit. De halslijn en armsgaten zijn gemaakt van dezelfde stof. De pasvorm is lang en aansluitend met een afwerking door dubbele naden aan de mouwen en zoom. Het label is afneembaar.\n\n- Samenstelling 96% katoen 4% elastaan\n- Lange aansluitende pasvorm\n- Dubbele naden aan mouwen en zoom\n- Aanpasbaar","es":"El Kids' feel good stretch vest es una camiseta sin mangas infantil de algod\u00f3n con un toque de elastano para mayor flexibilidad. El cuello redondo y las sisas usan la misma tela. El corte es largo y ajustado con acabado de costuras dobles en mangas y dobladillo. La etiqueta es desmontable.\n\n- Composici\u00f3n 96% algod\u00f3n 4% elastano\n- Corte largo ajustado\n- Costuras dobles en mangas y dobladillo\n- Personalizable","it":"Il Kids' feel good stretch vest \u00e8 una canotta bambino in cotone con una percentuale di elastan per maggiore flessibilit\u00e0. Il girocollo e gli scalfi sono realizzati con lo stesso tessuto. Il taglio \u00e8 lungo e aderente con finitura a doppia cucitura su maniche e orlo. L'etichetta \u00e8 staccabile.\n\n- Composizione 96% cotone 4% elastan\n- Taglio lungo aderente\n- Doppie cuciture su maniche e orlo\n- Personalizzabile","sv":"The Kids' feel good stretch vest \u00e4r en barnv\u00e4st i bomull med en touch av elastan f\u00f6r \u00f6kad smidighet. Halsringningen och \u00e4rmh\u00e5len anv\u00e4nder samma tyg. Passformen \u00e4r l\u00e5ng och \u00e5tsittande med dubbla s\u00f6mmar vid \u00e4rmar och f\u00e5ll. Etiketten \u00e4r avtagbar.\n\n- Material 96% bomull 4% elastan\n- L\u00e5ng \u00e5tsittande passform\n- Dubbla s\u00f6mmar vid \u00e4rmar och f\u00e5ll\n- Anpassningsbar","pt":"O Kids' feel good stretch vest \u00e9 um colete infantil de algod\u00e3o com um toque de elastano para maior flexibilidade. A gola e as cavas usam o mesmo tecido. O corte \u00e9 longo e ajustado com acabamento em costuras duplas nas mangas e na bainha. A etiqueta \u00e9 destac\u00e1vel.\n\n- Composi\u00e7\u00e3o 96% algod\u00e3o 4% elastano\n- Corte longo ajustado\n- Costuras duplas nas mangas e na bainha\n- Personaliz\u00e1vel","da":"The Kids' feel good stretch vest er en b\u00f8rnetee-shirt i bomuld med et strejf af elastan for \u00f8get fleksibilitet. Halsudsk\u00e6ring og \u00e6rmegab er lavet af samme stof. Pasformen er lang og str\u00f8mlinet med dobbelte s\u00f8mme ved \u00e6rmer og kant. Etiketten kan tages af.\n\n- Sammens\u00e6tning 96% bomuld 4% elastan\n- Lang str\u00f8mlinet pasform\n- Dobbelt s\u00f8m ved \u00e6rmer og kant\n- Kan tilpasses","pl":"The Kids' feel good stretch vest is a children's cotton tee-shirt without sleeves with a touch of elastane for more flexibility. The neckline and armholes use the same fabric. The cut is long and fitted with double stitching at the sleeves and hem. The label is detachable.\n\n- Composition 96% cotton 4% elastane\n- Long fitted cut\n- Double stitching at sleeves and hem\n- Customizable"},"h1":{"fr":"Kids' feel good stretch vest sm123 d\u00e9bardeur enfant personnalisable","en":"Kids' feel good stretch vest sm123 customizable kids' vest","de":"Kids' feel good stretch vest sm123 anpassbares Kinder-Tanktop","nl":"Kids' feel good stretch vest sm123 aanpasbaar kinder tanktop","es":"Kids' feel good stretch vest sm123 camiseta sin mangas infantil personalizable","it":"Kids' feel good stretch vest sm123 canotta bambino personalizzabile","sv":"Kids' feel good stretch vest sm123 barn anpassningsbar v\u00e4st","pt":"Kids' feel good stretch vest sm123 colete infantil personaliz\u00e1vel","da":"Kids' feel good stretch vest sm123 b\u00f8rnetee-shirt tilpasningsmuligheder","pl":"Kids' feel good stretch vest sm123 personalizowany dzieci\u0119cy tee-shirt bez r\u0119kaw\u00f3w"},"meta_description":{"fr":"D\u00e9bardeur enfant en coton avec \u00e9lasticit\u00e9, coupe longue ajust\u00e9e, coutures renforc\u00e9es et \u00e9tiquette d\u00e9tachable. Personnalisable selon besoins.","en":"Kids' cotton vest with stretch, long slim fit, reinforced seams and detachable label. Customizable according to needs.","de":"Kinder-Tanktop aus Baumwolle mit Elastizit\u00e4t, langer enger Schnitt, verst\u00e4rkte N\u00e4hte und abnehmbares Etikett. Anpassbar nach Bedarf.","nl":"Kinder tanktop van katoen met elasticiteit, lange aansluitende pasvorm, versterkte naden en afneembaar label. Aanpasbaar volgens behoeften.","es":"Camiseta sin mangas infantil de algod\u00f3n con elasticidad, corte largo ajustado, costuras reforzadas y etiqueta desmontable. Personalizable seg\u00fan necesidades.","it":"Canotta bambino in cotone con elasticit\u00e0, taglio lungo aderente, cuciture rinforzate ed etichetta staccabile. Personalizzabile secondo necessit\u00e0.","sv":"Barnv\u00e4st i bomull med stretch, l\u00e5ng \u00e5tsittande passform, f\u00f6rst\u00e4rkta s\u00f6mmar och avtagbar etikett. Anpassningsbar efter behov.","pt":"Colete infantil de algod\u00e3o com elasticidade, corte longo ajustado, costuras refor\u00e7adas e etiqueta destac\u00e1vel. Personaliz\u00e1vel conforme necessidade.","da":"B\u00f8rnetee-shirt i bomuld med elastik, lang str\u00f8mlinet pasform, forst\u00e6rkede s\u00f8mme og aftagelig etiket. Kan tilpasses efter behov.","pl":"Dzieci\u0119cy tee-shirt bez r\u0119kaw\u00f3w z bawe\u0142ny z elastyczno\u015bci\u0105, d\u0142ugi dopasowany kr\u00f3j, wzmocnione szwy i odpinana metka. Personalizowalny wed\u0142ug potrzeb."}}},"categories":[{"id":10,"name":"D\u00e9bardeurs","singular":"D\u00e9bardeur","is_feminin":false},{"id":354,"name":"Textile","singular":"Textile","is_feminin":false}],"certifications":[{"id":1,"label":"OEKO-TEX 100","logo_link":"\/images\/certifications\/1_OEKO-TEX_100.jpg","is_marking_compatible":false},{"id":20,"label":"Amfori BSCI","logo_link":"\/images\/certifications\/20_Amfori_BSCI.jpg","is_marking_compatible":false},{"id":21,"label":"Sedex","logo_link":"\/images\/certifications\/21_Sedex.jpg","is_marking_compatible":false}],"videos":{"fr":[],"en":[],"de":[],"nl":[],"es":[],"it":[],"sv":[],"pt":[],"da":[],"pl":[]},"main_images":{"miniature":"https:\/\/media.th4.com\/fI_ZWRs9uN9Ih-9VprsGyKuls9GWG4M4IqAiPYaienw\/pr:80\/aHR0cDovL21lZGlhMi5kZXNpZ25wYXJ0bmVyLmZyL2MvcC1ibGFuay1USC8yMTQ5NS53ZWJw?v=1764676934","medium":"https:\/\/media.th4.com\/ba52aZGnswAw6vxm9T5ZmxmbyTmi0BVgbFf4Rcxv3n8\/pr:550x550greybg\/aHR0cDovL21lZGlhMi5kZXNpZ25wYXJ0bmVyLmZyL2MvcC1ibGFuay1USC8yMTQ5NS53ZWJw?v=1764676934","medium_large":"https:\/\/media.th4.com\/_Wj6zUqIl4meJnBWYJTUbhD6H6CZCn3VWfXMMVInc5o\/pr:1000x1000greybg\/aHR0cDovL21lZGlhMi5kZXNpZ25wYXJ0bmVyLmZyL2MvcC1ibGFuay1USC8yMTQ5NS53ZWJw?v=1764676934","large":"https:\/\/media.th4.com\/QZqXQpSaxv4u-HzPaRHBtBlei8HacTUQRahzybCgO7U\/pr:1920greybg\/aHR0cDovL21lZGlhMi5kZXNpZ25wYXJ0bmVyLmZyL2MvcC1ibGFuay1USC8yMTQ5NS53ZWJw?v=1764676934","opengraph":"https:\/\/media.th4.com\/77wXJMCe6qvW6IS26HkgyWIER-XdrGOmmHSxHBzkaGc\/pr:1200x630greybg\/aHR0cDovL21lZGlhMi5kZXNpZ25wYXJ0bmVyLmZyL2MvcC1ibGFuay1USC8yMTQ5NS53ZWJw?v=1764676934"},"main_images_customization":{"miniature":"https:\/\/media.th4.com\/C1BdWzgiD7wUOvG0ol3Bo5ceyX39RC0wjwQqcMONJCQ\/pr:80\/aHR0cDovL21lZGlhMi5kZXNpZ25wYXJ0bmVyLmZyL2MvcC1jdXN0b20tVEgvMjE0OTUud2VicA?v=1764677018","medium":"https:\/\/media.th4.com\/GgzQ74G3oM_dRhqSqf_aYRMkbAZmYFNxbpfnCDXvJKE\/pr:550x550greybg\/aHR0cDovL21lZGlhMi5kZXNpZ25wYXJ0bmVyLmZyL2MvcC1jdXN0b20tVEgvMjE0OTUud2VicA?v=1764677018","medium_large":"https:\/\/media.th4.com\/0Vhv2UXOEEKrOuXDqzc_XoYON6jM-w1k7_wTCvTm1FM\/pr:1000x1000greybg\/aHR0cDovL21lZGlhMi5kZXNpZ25wYXJ0bmVyLmZyL2MvcC1jdXN0b20tVEgvMjE0OTUud2VicA?v=1764677018","large":"https:\/\/media.th4.com\/jt3sG5V1hxaYkxMbNQ8jtyJKIqxvlXduEstsLNu01JY\/pr:1920greybg\/aHR0cDovL21lZGlhMi5kZXNpZ25wYXJ0bmVyLmZyL2MvcC1jdXN0b20tVEgvMjE0OTUud2VicA?v=1764677018","opengraph":"https:\/\/media.th4.com\/WFubNEV8XlklaU7iHM2UQ1-b_6VSdO57cMrPd9KQNmw\/pr:1200x630greybg\/aHR0cDovL21lZGlhMi5kZXNpZ25wYXJ0bmVyLmZyL2MvcC1jdXN0b20tVEgvMjE0OTUud2VicA?v=1764677018"},"page_links":{"fr":"\/fr\/p-sf-sm123-kids-feel-good-stretch-vest-debardeur-enfant-sm123-21495\/","en":"\/en\/p-sf-sm123-kids-feel-good-stretch-vest-kids-vest-sm123-21495\/","de":"\/de\/p-sf-sm123-kids-feel-good-stretch-vest-kinder-top-sm123-21495\/","nl":"\/nl\/p-sf-sm123-kids-feel-good-stretch-vest-kinder-hemdje-sm123-21495\/","es":"\/es\/p-sf-sm123-kids-feel-good-stretch-vest-camiseta-sin-mangas-infantil-sm123-21495\/","it":"\/it\/p-sf-sm123-kids-feel-good-stretch-vest-canotta-bambino-sm123-21495\/","sv":"\/sv\/p-sf-sm123-kids-feel-good-stretch-vest-barnlinne-sm123-21495\/","pt":"\/pt\/p-sf-sm123-kids-feel-good-stretch-vest-regata-infantil-sm123-21495\/","da":"\/da\/p-sf-sm123-kids-feel-good-stretch-vest-borneundertroje-sm123-21495\/","pl":"\/pl\/p-sf-sm123-kids-feel-good-stretch-vest-dzieciecy-podkoszulek-sm123-21495\/"},"page_links_customization":{"fr":"\/fr\/p-sf-sm123-kids-feel-good-stretch-vest-sm123-debardeur-enfant-personnalisable-21495\/custom\/","en":"\/en\/p-sf-sm123-kids-feel-good-stretch-vest-sm123-customizable-kids-vest-21495\/custom\/","de":"\/de\/p-sf-sm123-kids-feel-good-stretch-vest-sm123-anpassbares-kinder-tanktop-21495\/custom\/","nl":"\/nl\/p-sf-sm123-kids-feel-good-stretch-vest-sm123-aanpasbaar-kinder-tanktop-21495\/custom\/","es":"\/es\/p-sf-sm123-kids-feel-good-stretch-vest-sm123-camiseta-sin-mangas-infantil-personalizable-21495\/custom\/","it":"\/it\/p-sf-sm123-kids-feel-good-stretch-vest-sm123-canotta-bambino-personalizzabile-21495\/custom\/","sv":"\/sv\/p-sf-sm123-kids-feel-good-stretch-vest-sm123-barn-anpassningsbar-vast-21495\/custom\/","pt":"\/pt\/p-sf-sm123-kids-feel-good-stretch-vest-sm123-colete-infantil-personalizavel-21495\/custom\/","da":"\/da\/p-sf-sm123-kids-feel-good-stretch-vest-sm123-bornetee-shirt-tilpasningsmuligheder-21495\/custom\/","pl":"\/pl\/p-sf-sm123-kids-feel-good-stretch-vest-sm123-personalizowany-dzieciecy-tee-shirt-bez-rekawow-21495\/custom\/"},"equivalent_products":[],"colors":[{"id":22977,"name":"black","class_ids":[4],"codes_hexa":["000000"],"delai_24":false,"has_3d":false,"seuil_global":0,"stock_local":0,"stock_global":725,"on_standby":false,"in_catalog":true,"images":{"miniature":["https:\/\/media.th4.com\/hZZ5k2WB9SVQZmGTkHt56SOpakzFOD60q68jvBf5jOI\/pr:80\/aHR0cDovL21lZGlhMi5kZXNpZ25wYXJ0bmVyLmZyL2MvcC8yMTQ5NS8yMTQ5NS0yMjk3Ny0xLndlYnA?v=1764676667","https:\/\/media.th4.com\/OWwckbAjXku35UCzk_sTJrEBUeErYAL9x-Hm_vJ2f6A\/pr:80\/aHR0cDovL21lZGlhMi5kZXNpZ25wYXJ0bmVyLmZyL2MvcC8yMTQ5NS8yMTQ5NS0yMjk3Ny0xMC53ZWJw?v=1764676668","https:\/\/media.th4.com\/w5QSr9Z78i5AShHSBYlCj1QGyiIrAdow33l-MJEYEQ4\/pr:80\/aHR0cDovL21lZGlhMi5kZXNpZ25wYXJ0bmVyLmZyL2MvcC8yMTQ5NS8yMTQ5NS0yMjk3Ny0yLndlYnA?v=1764676668","https:\/\/media.th4.com\/sT3AKeI7L67UVfW1k74g0Cdsj8JjVuWxx9Eg4fFJ5wA\/pr:80\/aHR0cDovL21lZGlhMi5kZXNpZ25wYXJ0bmVyLmZyL2MvcC8yMTQ5NS8yMTQ5NS0yMjk3Ny00LndlYnA?v=1764676669"],"medium":["https:\/\/media.th4.com\/CudAcywTxg8yEGQhGrTeYJEytqzOrmYxuh-xsPlpjyU\/pr:550x550\/aHR0cDovL21lZGlhMi5kZXNpZ25wYXJ0bmVyLmZyL2MvcC8yMTQ5NS8yMTQ5NS0yMjk3Ny0xLndlYnA?v=1764676667","https:\/\/media.th4.com\/XDAGWk6VdqPmPRoN8vVEP0dm32_SmqS9Kg_PYRLZTOM\/pr:550x550\/aHR0cDovL21lZGlhMi5kZXNpZ25wYXJ0bmVyLmZyL2MvcC8yMTQ5NS8yMTQ5NS0yMjk3Ny0xMC53ZWJw?v=1764676668","https:\/\/media.th4.com\/QTTo3wYtjqLUesMlFiljHbFLuUz1vRNTcDWyNnzL0nU\/pr:550x550\/aHR0cDovL21lZGlhMi5kZXNpZ25wYXJ0bmVyLmZyL2MvcC8yMTQ5NS8yMTQ5NS0yMjk3Ny0yLndlYnA?v=1764676668","https:\/\/media.th4.com\/bUHmWzbFGgyq4Lfcv4_Nuiqqrm2qYdxe8Unh7gWT2wI\/pr:550x550\/aHR0cDovL21lZGlhMi5kZXNpZ25wYXJ0bmVyLmZyL2MvcC8yMTQ5NS8yMTQ5NS0yMjk3Ny00LndlYnA?v=1764676669"],"medium_large":["https:\/\/media.th4.com\/sUJghx0AMv0jZt49LkgSc8chyRQml8iu68IuqKjhLG4\/pr:1000x1000\/aHR0cDovL21lZGlhMi5kZXNpZ25wYXJ0bmVyLmZyL2MvcC8yMTQ5NS8yMTQ5NS0yMjk3Ny0xLndlYnA?v=1764676667","https:\/\/media.th4.com\/8yAOcH90Mx2l52OTZTMSVjmTPe0E2TWbmuj_capcmow\/pr:1000x1000\/aHR0cDovL21lZGlhMi5kZXNpZ25wYXJ0bmVyLmZyL2MvcC8yMTQ5NS8yMTQ5NS0yMjk3Ny0xMC53ZWJw?v=1764676668","https:\/\/media.th4.com\/Zfk9eQby4s7WQ3M_494xMODvUo3_HzEjmS0m7FtV2Xk\/pr:1000x1000\/aHR0cDovL21lZGlhMi5kZXNpZ25wYXJ0bmVyLmZyL2MvcC8yMTQ5NS8yMTQ5NS0yMjk3Ny0yLndlYnA?v=1764676668","https:\/\/media.th4.com\/0K1pSqJsuAUQvZLARdoDrnwdv68Ti__JSSzNxpd9zKI\/pr:1000x1000\/aHR0cDovL21lZGlhMi5kZXNpZ25wYXJ0bmVyLmZyL2MvcC8yMTQ5NS8yMTQ5NS0yMjk3Ny00LndlYnA?v=1764676669"],"large":["https:\/\/media.th4.com\/Q03p8WPRPxFuBLbmSUY7Gce63K7pfrOjihe0FjZXOOY\/pr:1920\/aHR0cDovL21lZGlhMi5kZXNpZ25wYXJ0bmVyLmZyL2MvcC8yMTQ5NS8yMTQ5NS0yMjk3Ny0xLndlYnA?v=1764676667","https:\/\/media.th4.com\/8teytwg8cBp5kOpqLjBAmNLWOUTF-05qUxKyOcfQ528\/pr:1920\/aHR0cDovL21lZGlhMi5kZXNpZ25wYXJ0bmVyLmZyL2MvcC8yMTQ5NS8yMTQ5NS0yMjk3Ny0xMC53ZWJw?v=1764676668","https:\/\/media.th4.com\/qToid7YN_3Bbb-Sa3fwTwWPK2AeO5iItc1MW4v75Udg\/pr:1920\/aHR0cDovL21lZGlhMi5kZXNpZ25wYXJ0bmVyLmZyL2MvcC8yMTQ5NS8yMTQ5NS0yMjk3Ny0yLndlYnA?v=1764676668","https:\/\/media.th4.com\/5ba_dSVsM9Hn91ztmyoA1DKHre5PcgEEctLcmxWFwOQ\/pr:1920\/aHR0cDovL21lZGlhMi5kZXNpZ25wYXJ0bmVyLmZyL2MvcC8yMTQ5NS8yMTQ5NS0yMjk3Ny00LndlYnA?v=1764676669"],"opengraph":["https:\/\/media.th4.com\/9JkBfSrKfHh1WE-9inGr0C_GVMMk79ePcoqho05NHOQ\/pr:1200x630\/aHR0cDovL21lZGlhMi5kZXNpZ25wYXJ0bmVyLmZyL2MvcC8yMTQ5NS8yMTQ5NS0yMjk3Ny0xLndlYnA?v=1764676667","https:\/\/media.th4.com\/FNd9WTt5YE-Y4ufyd61W_4-OrjAn6GovcWrG_CBkvgc\/pr:1200x630\/aHR0cDovL21lZGlhMi5kZXNpZ25wYXJ0bmVyLmZyL2MvcC8yMTQ5NS8yMTQ5NS0yMjk3Ny0xMC53ZWJw?v=1764676668","https:\/\/media.th4.com\/uyiGgFttIyV-BuKQbMG8oF0Y_-P8E91aduZggX8JdoE\/pr:1200x630\/aHR0cDovL21lZGlhMi5kZXNpZ25wYXJ0bmVyLmZyL2MvcC8yMTQ5NS8yMTQ5NS0yMjk3Ny0yLndlYnA?v=1764676668","https:\/\/media.th4.com\/3ZWopMRmoIq9VGmckCrPMd0ZM3ZJajHLXnkeeiHrgzI\/pr:1200x630\/aHR0cDovL21lZGlhMi5kZXNpZ25wYXJ0bmVyLmZyL2MvcC8yMTQ5NS8yMTQ5NS0yMjk3Ny00LndlYnA?v=1764676669"]},"images_customization":{"miniature":["https:\/\/media.th4.com\/hZZ5k2WB9SVQZmGTkHt56SOpakzFOD60q68jvBf5jOI\/pr:80\/aHR0cDovL21lZGlhMi5kZXNpZ25wYXJ0bmVyLmZyL2MvcC8yMTQ5NS8yMTQ5NS0yMjk3Ny0xLndlYnA?v=1764676667","https:\/\/media.th4.com\/OWwckbAjXku35UCzk_sTJrEBUeErYAL9x-Hm_vJ2f6A\/pr:80\/aHR0cDovL21lZGlhMi5kZXNpZ25wYXJ0bmVyLmZyL2MvcC8yMTQ5NS8yMTQ5NS0yMjk3Ny0xMC53ZWJw?v=1764676668","https:\/\/media.th4.com\/w5QSr9Z78i5AShHSBYlCj1QGyiIrAdow33l-MJEYEQ4\/pr:80\/aHR0cDovL21lZGlhMi5kZXNpZ25wYXJ0bmVyLmZyL2MvcC8yMTQ5NS8yMTQ5NS0yMjk3Ny0yLndlYnA?v=1764676668","https:\/\/media.th4.com\/sT3AKeI7L67UVfW1k74g0Cdsj8JjVuWxx9Eg4fFJ5wA\/pr:80\/aHR0cDovL21lZGlhMi5kZXNpZ25wYXJ0bmVyLmZyL2MvcC8yMTQ5NS8yMTQ5NS0yMjk3Ny00LndlYnA?v=1764676669"],"medium":["https:\/\/media.th4.com\/CudAcywTxg8yEGQhGrTeYJEytqzOrmYxuh-xsPlpjyU\/pr:550x550\/aHR0cDovL21lZGlhMi5kZXNpZ25wYXJ0bmVyLmZyL2MvcC8yMTQ5NS8yMTQ5NS0yMjk3Ny0xLndlYnA?v=1764676667","https:\/\/media.th4.com\/XDAGWk6VdqPmPRoN8vVEP0dm32_SmqS9Kg_PYRLZTOM\/pr:550x550\/aHR0cDovL21lZGlhMi5kZXNpZ25wYXJ0bmVyLmZyL2MvcC8yMTQ5NS8yMTQ5NS0yMjk3Ny0xMC53ZWJw?v=1764676668","https:\/\/media.th4.com\/QTTo3wYtjqLUesMlFiljHbFLuUz1vRNTcDWyNnzL0nU\/pr:550x550\/aHR0cDovL21lZGlhMi5kZXNpZ25wYXJ0bmVyLmZyL2MvcC8yMTQ5NS8yMTQ5NS0yMjk3Ny0yLndlYnA?v=1764676668","https:\/\/media.th4.com\/bUHmWzbFGgyq4Lfcv4_Nuiqqrm2qYdxe8Unh7gWT2wI\/pr:550x550\/aHR0cDovL21lZGlhMi5kZXNpZ25wYXJ0bmVyLmZyL2MvcC8yMTQ5NS8yMTQ5NS0yMjk3Ny00LndlYnA?v=1764676669"],"medium_large":["https:\/\/media.th4.com\/sUJghx0AMv0jZt49LkgSc8chyRQml8iu68IuqKjhLG4\/pr:1000x1000\/aHR0cDovL21lZGlhMi5kZXNpZ25wYXJ0bmVyLmZyL2MvcC8yMTQ5NS8yMTQ5NS0yMjk3Ny0xLndlYnA?v=1764676667","https:\/\/media.th4.com\/8yAOcH90Mx2l52OTZTMSVjmTPe0E2TWbmuj_capcmow\/pr:1000x1000\/aHR0cDovL21lZGlhMi5kZXNpZ25wYXJ0bmVyLmZyL2MvcC8yMTQ5NS8yMTQ5NS0yMjk3Ny0xMC53ZWJw?v=1764676668","https:\/\/media.th4.com\/Zfk9eQby4s7WQ3M_494xMODvUo3_HzEjmS0m7FtV2Xk\/pr:1000x1000\/aHR0cDovL21lZGlhMi5kZXNpZ25wYXJ0bmVyLmZyL2MvcC8yMTQ5NS8yMTQ5NS0yMjk3Ny0yLndlYnA?v=1764676668","https:\/\/media.th4.com\/0K1pSqJsuAUQvZLARdoDrnwdv68Ti__JSSzNxpd9zKI\/pr:1000x1000\/aHR0cDovL21lZGlhMi5kZXNpZ25wYXJ0bmVyLmZyL2MvcC8yMTQ5NS8yMTQ5NS0yMjk3Ny00LndlYnA?v=1764676669"],"large":["https:\/\/media.th4.com\/Q03p8WPRPxFuBLbmSUY7Gce63K7pfrOjihe0FjZXOOY\/pr:1920\/aHR0cDovL21lZGlhMi5kZXNpZ25wYXJ0bmVyLmZyL2MvcC8yMTQ5NS8yMTQ5NS0yMjk3Ny0xLndlYnA?v=1764676667","https:\/\/media.th4.com\/8teytwg8cBp5kOpqLjBAmNLWOUTF-05qUxKyOcfQ528\/pr:1920\/aHR0cDovL21lZGlhMi5kZXNpZ25wYXJ0bmVyLmZyL2MvcC8yMTQ5NS8yMTQ5NS0yMjk3Ny0xMC53ZWJw?v=1764676668","https:\/\/media.th4.com\/qToid7YN_3Bbb-Sa3fwTwWPK2AeO5iItc1MW4v75Udg\/pr:1920\/aHR0cDovL21lZGlhMi5kZXNpZ25wYXJ0bmVyLmZyL2MvcC8yMTQ5NS8yMTQ5NS0yMjk3Ny0yLndlYnA?v=1764676668","https:\/\/media.th4.com\/5ba_dSVsM9Hn91ztmyoA1DKHre5PcgEEctLcmxWFwOQ\/pr:1920\/aHR0cDovL21lZGlhMi5kZXNpZ25wYXJ0bmVyLmZyL2MvcC8yMTQ5NS8yMTQ5NS0yMjk3Ny00LndlYnA?v=1764676669"],"opengraph":["https:\/\/media.th4.com\/9JkBfSrKfHh1WE-9inGr0C_GVMMk79ePcoqho05NHOQ\/pr:1200x630\/aHR0cDovL21lZGlhMi5kZXNpZ25wYXJ0bmVyLmZyL2MvcC8yMTQ5NS8yMTQ5NS0yMjk3Ny0xLndlYnA?v=1764676667","https:\/\/media.th4.com\/FNd9WTt5YE-Y4ufyd61W_4-OrjAn6GovcWrG_CBkvgc\/pr:1200x630\/aHR0cDovL21lZGlhMi5kZXNpZ25wYXJ0bmVyLmZyL2MvcC8yMTQ5NS8yMTQ5NS0yMjk3Ny0xMC53ZWJw?v=1764676668","https:\/\/media.th4.com\/uyiGgFttIyV-BuKQbMG8oF0Y_-P8E91aduZggX8JdoE\/pr:1200x630\/aHR0cDovL21lZGlhMi5kZXNpZ25wYXJ0bmVyLmZyL2MvcC8yMTQ5NS8yMTQ5NS0yMjk3Ny0yLndlYnA?v=1764676668","https:\/\/media.th4.com\/3ZWopMRmoIq9VGmckCrPMd0ZM3ZJajHLXnkeeiHrgzI\/pr:1200x630\/aHR0cDovL21lZGlhMi5kZXNpZ25wYXJ0bmVyLmZyL2MvcC8yMTQ5NS8yMTQ5NS0yMjk3Ny00LndlYnA?v=1764676669"]},"country_origin":"BD","traceability":{"manufacturing_country_id":59,"weaving_country_id":59,"dyeing_country_id":59},"sizes":[{"id":22,"article_id":530296,"class_id":14,"name":"5\/6ans","on_standby":false,"stock_local":0,"stock_global":123,"multiple":1,"estimated_date_reassort":null,"is_destocking":false},{"id":532,"article_id":530297,"class_id":15,"name":"7\/8ans","on_standby":false,"stock_local":0,"stock_global":212,"multiple":1,"estimated_date_reassort":null,"is_destocking":false},{"id":1303,"article_id":530298,"class_id":16,"name":"9\/10ans","on_standby":false,"stock_local":0,"stock_global":179,"multiple":1,"estimated_date_reassort":null,"is_destocking":false},{"id":1301,"article_id":530299,"class_id":17,"name":"11\/12ans","on_standby":false,"stock_local":0,"stock_global":211,"multiple":1,"estimated_date_reassort":null,"is_destocking":false}],"page_links":{"fr":"\/fr\/p-sf-sm123-kids-feel-good-stretch-vest-debardeur-enfant-sm123-21495\/black-22977\/","en":"\/en\/p-sf-sm123-kids-feel-good-stretch-vest-kids-vest-sm123-21495\/black-22977\/","de":"\/de\/p-sf-sm123-kids-feel-good-stretch-vest-kinder-top-sm123-21495\/black-22977\/","nl":"\/nl\/p-sf-sm123-kids-feel-good-stretch-vest-kinder-hemdje-sm123-21495\/black-22977\/","es":"\/es\/p-sf-sm123-kids-feel-good-stretch-vest-camiseta-sin-mangas-infantil-sm123-21495\/black-22977\/","it":"\/it\/p-sf-sm123-kids-feel-good-stretch-vest-canotta-bambino-sm123-21495\/black-22977\/","sv":"\/sv\/p-sf-sm123-kids-feel-good-stretch-vest-barnlinne-sm123-21495\/black-22977\/","pt":"\/pt\/p-sf-sm123-kids-feel-good-stretch-vest-regata-infantil-sm123-21495\/black-22977\/","da":"\/da\/p-sf-sm123-kids-feel-good-stretch-vest-borneundertroje-sm123-21495\/black-22977\/","pl":"\/pl\/p-sf-sm123-kids-feel-good-stretch-vest-dzieciecy-podkoszulek-sm123-21495\/black-22977\/"},"page_links_customization":{"fr":"\/fr\/p-sf-sm123-kids-feel-good-stretch-vest-sm123-debardeur-enfant-personnalisable-21495\/black-22977\/custom\/","en":"\/en\/p-sf-sm123-kids-feel-good-stretch-vest-sm123-customizable-kids-vest-21495\/black-22977\/custom\/","de":"\/de\/p-sf-sm123-kids-feel-good-stretch-vest-sm123-anpassbares-kinder-tanktop-21495\/black-22977\/custom\/","nl":"\/nl\/p-sf-sm123-kids-feel-good-stretch-vest-sm123-aanpasbaar-kinder-tanktop-21495\/black-22977\/custom\/","es":"\/es\/p-sf-sm123-kids-feel-good-stretch-vest-sm123-camiseta-sin-mangas-infantil-personalizable-21495\/black-22977\/custom\/","it":"\/it\/p-sf-sm123-kids-feel-good-stretch-vest-sm123-canotta-bambino-personalizzabile-21495\/black-22977\/custom\/","sv":"\/sv\/p-sf-sm123-kids-feel-good-stretch-vest-sm123-barn-anpassningsbar-vast-21495\/black-22977\/custom\/","pt":"\/pt\/p-sf-sm123-kids-feel-good-stretch-vest-sm123-colete-infantil-personalizavel-21495\/black-22977\/custom\/","da":"\/da\/p-sf-sm123-kids-feel-good-stretch-vest-sm123-bornetee-shirt-tilpasningsmuligheder-21495\/black-22977\/custom\/","pl":"\/pl\/p-sf-sm123-kids-feel-good-stretch-vest-sm123-personalizowany-dzieciecy-tee-shirt-bez-rekawow-21495\/black-22977\/custom\/"}},{"id":22979,"name":"white","class_ids":[1],"codes_hexa":["FFFFFF"],"delai_24":false,"has_3d":false,"seuil_global":0,"stock_local":0,"stock_global":654,"on_standby":false,"in_catalog":true,"images":{"miniature":["https:\/\/media.th4.com\/JwTbimSCiSQy1eZqhXLQT_cZUvPWstI5rYEcbiXYONs\/pr:80\/aHR0cDovL21lZGlhMi5kZXNpZ25wYXJ0bmVyLmZyL2MvcC8yMTQ5NS8yMTQ5NS0yMjk3OS0xLndlYnA?v=1764676670","https:\/\/media.th4.com\/B0no7DTu5PvhX84dvhcvZs1kPGqdR2KmOAiH12ZkfkE\/pr:80\/aHR0cDovL21lZGlhMi5kZXNpZ25wYXJ0bmVyLmZyL2MvcC8yMTQ5NS8yMTQ5NS0yMjk3OS0xMC53ZWJw?v=1764676670","https:\/\/media.th4.com\/zNm6PO_3AscGpZuVYQ5nCRrw2D_JDsYWf_UtC3Ix4gY\/pr:80\/aHR0cDovL21lZGlhMi5kZXNpZ25wYXJ0bmVyLmZyL2MvcC8yMTQ5NS8yMTQ5NS0yMjk3OS0yLndlYnA?v=1764676671","https:\/\/media.th4.com\/_alOxevT805ZdPty6-O8npNgZx-5ykC1zIjFDtZZVfg\/pr:80\/aHR0cDovL21lZGlhMi5kZXNpZ25wYXJ0bmVyLmZyL2MvcC8yMTQ5NS8yMTQ5NS0yMjk3OS00LndlYnA?v=1764676671"],"medium":["https:\/\/media.th4.com\/dg_hn1T-PWG079JvksTyruq9C9uFaWsZOLbDVtSHs0I\/pr:550x550\/aHR0cDovL21lZGlhMi5kZXNpZ25wYXJ0bmVyLmZyL2MvcC8yMTQ5NS8yMTQ5NS0yMjk3OS0xLndlYnA?v=1764676670","https:\/\/media.th4.com\/nXJGPI-Bp0l4jqBpEqhi344fDOscQUmh9Zphfot6zGQ\/pr:550x550\/aHR0cDovL21lZGlhMi5kZXNpZ25wYXJ0bmVyLmZyL2MvcC8yMTQ5NS8yMTQ5NS0yMjk3OS0xMC53ZWJw?v=1764676670","https:\/\/media.th4.com\/3m2BBJ2Nq9JbXtiE-Xd9wBbkaK2irhrC-e_lhttEIS4\/pr:550x550\/aHR0cDovL21lZGlhMi5kZXNpZ25wYXJ0bmVyLmZyL2MvcC8yMTQ5NS8yMTQ5NS0yMjk3OS0yLndlYnA?v=1764676671","https:\/\/media.th4.com\/8Mc_K_4Rd7-JDKXhX83NBY5sKblbZu8Gb_igXDDuURE\/pr:550x550\/aHR0cDovL21lZGlhMi5kZXNpZ25wYXJ0bmVyLmZyL2MvcC8yMTQ5NS8yMTQ5NS0yMjk3OS00LndlYnA?v=1764676671"],"medium_large":["https:\/\/media.th4.com\/wy28pYum3GLC1hoTU0uDCGPCwPP7iyQxR39shEk27tc\/pr:1000x1000\/aHR0cDovL21lZGlhMi5kZXNpZ25wYXJ0bmVyLmZyL2MvcC8yMTQ5NS8yMTQ5NS0yMjk3OS0xLndlYnA?v=1764676670","https:\/\/media.th4.com\/8v1shYwpv7LSdEZ2f3EOCm_v-Ma1KEhg0EQBnT3iyu0\/pr:1000x1000\/aHR0cDovL21lZGlhMi5kZXNpZ25wYXJ0bmVyLmZyL2MvcC8yMTQ5NS8yMTQ5NS0yMjk3OS0xMC53ZWJw?v=1764676670","https:\/\/media.th4.com\/DEn3QwnXNCtBC0A1qlZ5U79BBgjEOyvEGi8HFuyWkm4\/pr:1000x1000\/aHR0cDovL21lZGlhMi5kZXNpZ25wYXJ0bmVyLmZyL2MvcC8yMTQ5NS8yMTQ5NS0yMjk3OS0yLndlYnA?v=1764676671","https:\/\/media.th4.com\/_cNVQIKnghn2DL6K5d25-u0kWA0gVwOo6DKgWocRDdE\/pr:1000x1000\/aHR0cDovL21lZGlhMi5kZXNpZ25wYXJ0bmVyLmZyL2MvcC8yMTQ5NS8yMTQ5NS0yMjk3OS00LndlYnA?v=1764676671"],"large":["https:\/\/media.th4.com\/qhCxrnxXxVEcc23HfSC5F6PP3dsNQKaWnyr_XIZwxbg\/pr:1920\/aHR0cDovL21lZGlhMi5kZXNpZ25wYXJ0bmVyLmZyL2MvcC8yMTQ5NS8yMTQ5NS0yMjk3OS0xLndlYnA?v=1764676670","https:\/\/media.th4.com\/j3WznXdq2BrestnbbtsuFJ6NanNKC51Rsch2D3v4LeQ\/pr:1920\/aHR0cDovL21lZGlhMi5kZXNpZ25wYXJ0bmVyLmZyL2MvcC8yMTQ5NS8yMTQ5NS0yMjk3OS0xMC53ZWJw?v=1764676670","https:\/\/media.th4.com\/WAdPEQ_Z0pfpU_ShqLkpw6SBn7hh0V0pfBQp_Rzwp-E\/pr:1920\/aHR0cDovL21lZGlhMi5kZXNpZ25wYXJ0bmVyLmZyL2MvcC8yMTQ5NS8yMTQ5NS0yMjk3OS0yLndlYnA?v=1764676671","https:\/\/media.th4.com\/RVpzWDNWv00W2hOosuMYdCclOIo40GOjZjSEFqj5vDg\/pr:1920\/aHR0cDovL21lZGlhMi5kZXNpZ25wYXJ0bmVyLmZyL2MvcC8yMTQ5NS8yMTQ5NS0yMjk3OS00LndlYnA?v=1764676671"],"opengraph":["https:\/\/media.th4.com\/H8-cXMCzoMH9-BOlidjNmszReihxSk1Gvk-YfvpLhmA\/pr:1200x630\/aHR0cDovL21lZGlhMi5kZXNpZ25wYXJ0bmVyLmZyL2MvcC8yMTQ5NS8yMTQ5NS0yMjk3OS0xLndlYnA?v=1764676670","https:\/\/media.th4.com\/zTPsAHh6HYlgGOIeDqzdp280HRAykzPlELOuD9P-Kxg\/pr:1200x630\/aHR0cDovL21lZGlhMi5kZXNpZ25wYXJ0bmVyLmZyL2MvcC8yMTQ5NS8yMTQ5NS0yMjk3OS0xMC53ZWJw?v=1764676670","https:\/\/media.th4.com\/eIDDuVyL1r_eJPo0_lsipSh_jsBcyaQieB9CjVbU0u0\/pr:1200x630\/aHR0cDovL21lZGlhMi5kZXNpZ25wYXJ0bmVyLmZyL2MvcC8yMTQ5NS8yMTQ5NS0yMjk3OS0yLndlYnA?v=1764676671","https:\/\/media.th4.com\/yYDyi1lkNnR24a7opRcBiaOEIsjrEw4VDndBqfMN2oc\/pr:1200x630\/aHR0cDovL21lZGlhMi5kZXNpZ25wYXJ0bmVyLmZyL2MvcC8yMTQ5NS8yMTQ5NS0yMjk3OS00LndlYnA?v=1764676671"]},"images_customization":{"miniature":["https:\/\/media.th4.com\/JwTbimSCiSQy1eZqhXLQT_cZUvPWstI5rYEcbiXYONs\/pr:80\/aHR0cDovL21lZGlhMi5kZXNpZ25wYXJ0bmVyLmZyL2MvcC8yMTQ5NS8yMTQ5NS0yMjk3OS0xLndlYnA?v=1764676670","https:\/\/media.th4.com\/B0no7DTu5PvhX84dvhcvZs1kPGqdR2KmOAiH12ZkfkE\/pr:80\/aHR0cDovL21lZGlhMi5kZXNpZ25wYXJ0bmVyLmZyL2MvcC8yMTQ5NS8yMTQ5NS0yMjk3OS0xMC53ZWJw?v=1764676670","https:\/\/media.th4.com\/zNm6PO_3AscGpZuVYQ5nCRrw2D_JDsYWf_UtC3Ix4gY\/pr:80\/aHR0cDovL21lZGlhMi5kZXNpZ25wYXJ0bmVyLmZyL2MvcC8yMTQ5NS8yMTQ5NS0yMjk3OS0yLndlYnA?v=1764676671","https:\/\/media.th4.com\/_alOxevT805ZdPty6-O8npNgZx-5ykC1zIjFDtZZVfg\/pr:80\/aHR0cDovL21lZGlhMi5kZXNpZ25wYXJ0bmVyLmZyL2MvcC8yMTQ5NS8yMTQ5NS0yMjk3OS00LndlYnA?v=1764676671"],"medium":["https:\/\/media.th4.com\/dg_hn1T-PWG079JvksTyruq9C9uFaWsZOLbDVtSHs0I\/pr:550x550\/aHR0cDovL21lZGlhMi5kZXNpZ25wYXJ0bmVyLmZyL2MvcC8yMTQ5NS8yMTQ5NS0yMjk3OS0xLndlYnA?v=1764676670","https:\/\/media.th4.com\/nXJGPI-Bp0l4jqBpEqhi344fDOscQUmh9Zphfot6zGQ\/pr:550x550\/aHR0cDovL21lZGlhMi5kZXNpZ25wYXJ0bmVyLmZyL2MvcC8yMTQ5NS8yMTQ5NS0yMjk3OS0xMC53ZWJw?v=1764676670","https:\/\/media.th4.com\/3m2BBJ2Nq9JbXtiE-Xd9wBbkaK2irhrC-e_lhttEIS4\/pr:550x550\/aHR0cDovL21lZGlhMi5kZXNpZ25wYXJ0bmVyLmZyL2MvcC8yMTQ5NS8yMTQ5NS0yMjk3OS0yLndlYnA?v=1764676671","https:\/\/media.th4.com\/8Mc_K_4Rd7-JDKXhX83NBY5sKblbZu8Gb_igXDDuURE\/pr:550x550\/aHR0cDovL21lZGlhMi5kZXNpZ25wYXJ0bmVyLmZyL2MvcC8yMTQ5NS8yMTQ5NS0yMjk3OS00LndlYnA?v=1764676671"],"medium_large":["https:\/\/media.th4.com\/wy28pYum3GLC1hoTU0uDCGPCwPP7iyQxR39shEk27tc\/pr:1000x1000\/aHR0cDovL21lZGlhMi5kZXNpZ25wYXJ0bmVyLmZyL2MvcC8yMTQ5NS8yMTQ5NS0yMjk3OS0xLndlYnA?v=1764676670","https:\/\/media.th4.com\/8v1shYwpv7LSdEZ2f3EOCm_v-Ma1KEhg0EQBnT3iyu0\/pr:1000x1000\/aHR0cDovL21lZGlhMi5kZXNpZ25wYXJ0bmVyLmZyL2MvcC8yMTQ5NS8yMTQ5NS0yMjk3OS0xMC53ZWJw?v=1764676670","https:\/\/media.th4.com\/DEn3QwnXNCtBC0A1qlZ5U79BBgjEOyvEGi8HFuyWkm4\/pr:1000x1000\/aHR0cDovL21lZGlhMi5kZXNpZ25wYXJ0bmVyLmZyL2MvcC8yMTQ5NS8yMTQ5NS0yMjk3OS0yLndlYnA?v=1764676671","https:\/\/media.th4.com\/_cNVQIKnghn2DL6K5d25-u0kWA0gVwOo6DKgWocRDdE\/pr:1000x1000\/aHR0cDovL21lZGlhMi5kZXNpZ25wYXJ0bmVyLmZyL2MvcC8yMTQ5NS8yMTQ5NS0yMjk3OS00LndlYnA?v=1764676671"],"large":["https:\/\/media.th4.com\/qhCxrnxXxVEcc23HfSC5F6PP3dsNQKaWnyr_XIZwxbg\/pr:1920\/aHR0cDovL21lZGlhMi5kZXNpZ25wYXJ0bmVyLmZyL2MvcC8yMTQ5NS8yMTQ5NS0yMjk3OS0xLndlYnA?v=1764676670","https:\/\/media.th4.com\/j3WznXdq2BrestnbbtsuFJ6NanNKC51Rsch2D3v4LeQ\/pr:1920\/aHR0cDovL21lZGlhMi5kZXNpZ25wYXJ0bmVyLmZyL2MvcC8yMTQ5NS8yMTQ5NS0yMjk3OS0xMC53ZWJw?v=1764676670","https:\/\/media.th4.com\/WAdPEQ_Z0pfpU_ShqLkpw6SBn7hh0V0pfBQp_Rzwp-E\/pr:1920\/aHR0cDovL21lZGlhMi5kZXNpZ25wYXJ0bmVyLmZyL2MvcC8yMTQ5NS8yMTQ5NS0yMjk3OS0yLndlYnA?v=1764676671","https:\/\/media.th4.com\/RVpzWDNWv00W2hOosuMYdCclOIo40GOjZjSEFqj5vDg\/pr:1920\/aHR0cDovL21lZGlhMi5kZXNpZ25wYXJ0bmVyLmZyL2MvcC8yMTQ5NS8yMTQ5NS0yMjk3OS00LndlYnA?v=1764676671"],"opengraph":["https:\/\/media.th4.com\/H8-cXMCzoMH9-BOlidjNmszReihxSk1Gvk-YfvpLhmA\/pr:1200x630\/aHR0cDovL21lZGlhMi5kZXNpZ25wYXJ0bmVyLmZyL2MvcC8yMTQ5NS8yMTQ5NS0yMjk3OS0xLndlYnA?v=1764676670","https:\/\/media.th4.com\/zTPsAHh6HYlgGOIeDqzdp280HRAykzPlELOuD9P-Kxg\/pr:1200x630\/aHR0cDovL21lZGlhMi5kZXNpZ25wYXJ0bmVyLmZyL2MvcC8yMTQ5NS8yMTQ5NS0yMjk3OS0xMC53ZWJw?v=1764676670","https:\/\/media.th4.com\/eIDDuVyL1r_eJPo0_lsipSh_jsBcyaQieB9CjVbU0u0\/pr:1200x630\/aHR0cDovL21lZGlhMi5kZXNpZ25wYXJ0bmVyLmZyL2MvcC8yMTQ5NS8yMTQ5NS0yMjk3OS0yLndlYnA?v=1764676671","https:\/\/media.th4.com\/yYDyi1lkNnR24a7opRcBiaOEIsjrEw4VDndBqfMN2oc\/pr:1200x630\/aHR0cDovL21lZGlhMi5kZXNpZ25wYXJ0bmVyLmZyL2MvcC8yMTQ5NS8yMTQ5NS0yMjk3OS00LndlYnA?v=1764676671"]},"country_origin":"BD","traceability":{"manufacturing_country_id":59,"weaving_country_id":59,"dyeing_country_id":59},"sizes":[{"id":22,"article_id":530300,"class_id":14,"name":"5\/6ans","on_standby":false,"stock_local":0,"stock_global":148,"multiple":1,"estimated_date_reassort":null,"is_destocking":false},{"id":532,"article_id":530301,"class_id":15,"name":"7\/8ans","on_standby":false,"stock_local":0,"stock_global":136,"multiple":1,"estimated_date_reassort":null,"is_destocking":false},{"id":1303,"article_id":530302,"class_id":16,"name":"9\/10ans","on_standby":false,"stock_local":0,"stock_global":209,"multiple":1,"estimated_date_reassort":null,"is_destocking":false},{"id":1301,"article_id":530303,"class_id":17,"name":"11\/12ans","on_standby":false,"stock_local":0,"stock_global":161,"multiple":1,"estimated_date_reassort":null,"is_destocking":false}],"page_links":{"fr":"\/fr\/p-sf-sm123-kids-feel-good-stretch-vest-debardeur-enfant-sm123-21495\/white-22979\/","en":"\/en\/p-sf-sm123-kids-feel-good-stretch-vest-kids-vest-sm123-21495\/white-22979\/","de":"\/de\/p-sf-sm123-kids-feel-good-stretch-vest-kinder-top-sm123-21495\/white-22979\/","nl":"\/nl\/p-sf-sm123-kids-feel-good-stretch-vest-kinder-hemdje-sm123-21495\/white-22979\/","es":"\/es\/p-sf-sm123-kids-feel-good-stretch-vest-camiseta-sin-mangas-infantil-sm123-21495\/white-22979\/","it":"\/it\/p-sf-sm123-kids-feel-good-stretch-vest-canotta-bambino-sm123-21495\/white-22979\/","sv":"\/sv\/p-sf-sm123-kids-feel-good-stretch-vest-barnlinne-sm123-21495\/white-22979\/","pt":"\/pt\/p-sf-sm123-kids-feel-good-stretch-vest-regata-infantil-sm123-21495\/white-22979\/","da":"\/da\/p-sf-sm123-kids-feel-good-stretch-vest-borneundertroje-sm123-21495\/white-22979\/","pl":"\/pl\/p-sf-sm123-kids-feel-good-stretch-vest-dzieciecy-podkoszulek-sm123-21495\/white-22979\/"},"page_links_customization":{"fr":"\/fr\/p-sf-sm123-kids-feel-good-stretch-vest-sm123-debardeur-enfant-personnalisable-21495\/white-22979\/custom\/","en":"\/en\/p-sf-sm123-kids-feel-good-stretch-vest-sm123-customizable-kids-vest-21495\/white-22979\/custom\/","de":"\/de\/p-sf-sm123-kids-feel-good-stretch-vest-sm123-anpassbares-kinder-tanktop-21495\/white-22979\/custom\/","nl":"\/nl\/p-sf-sm123-kids-feel-good-stretch-vest-sm123-aanpasbaar-kinder-tanktop-21495\/white-22979\/custom\/","es":"\/es\/p-sf-sm123-kids-feel-good-stretch-vest-sm123-camiseta-sin-mangas-infantil-personalizable-21495\/white-22979\/custom\/","it":"\/it\/p-sf-sm123-kids-feel-good-stretch-vest-sm123-canotta-bambino-personalizzabile-21495\/white-22979\/custom\/","sv":"\/sv\/p-sf-sm123-kids-feel-good-stretch-vest-sm123-barn-anpassningsbar-vast-21495\/white-22979\/custom\/","pt":"\/pt\/p-sf-sm123-kids-feel-good-stretch-vest-sm123-colete-infantil-personalizavel-21495\/white-22979\/custom\/","da":"\/da\/p-sf-sm123-kids-feel-good-stretch-vest-sm123-bornetee-shirt-tilpasningsmuligheder-21495\/white-22979\/custom\/","pl":"\/pl\/p-sf-sm123-kids-feel-good-stretch-vest-sm123-personalizowany-dzieciecy-tee-shirt-bez-rekawow-21495\/white-22979\/custom\/"}}],"documentation_link":null,"countries_availables":["AD","AE","AL","AT","BA","BD","BE","BG","BL","CA","CH","CN","CO","CY","CZ","DE","DK","DO","EE","EG","ES","ET","FI","FR","GB","GE","GF","GP","GR","GT","HK","HN","HR","HT","HU","ID","IE","IN","IS","IT","JO","JP","KE","KH","KP","KR","LA","LK","LS","LT","LU","LV","MA","MF","MG","MK","MM","MN","MQ","MT","MX","MY","NC","NI","NL","PF","PH","PK","PL","PM","PT","RE","RO","SE","SG","SI","SK","SV","SY","TH","TN","TR","TW","TZ","US","VN","WF","YT"]},"infos_customization":[],"features":{"authorize_multi_surfaces":true,"display_order_delay_type":true,"promote_surface_display":true,"tarification_franco_offert":true,"enabled_3d_editor":false},"markings":[{"id":0,"nom":"vierge","finition":null,"libelle":null,"code":null,"dpi":null,"finesse_forme_isolee":null,"finesse_forme_non_isolee":null,"hauteur_minimale_texte":null,"inactif":0,"marquage_interne":1,"quantite_min":null,"parent_id":null,"print_on_support":0,"content":"vierge","description":null},{"id":2,"nom":"fonce","finition":"optimale","libelle":"TopQuadri","code":null,"dpi":400,"finesse_forme_isolee":"0.040","finesse_forme_non_isolee":"0.700","hauteur_minimale_texte":2,"inactif":0,"marquage_interne":1,"quantite_min":null,"parent_id":18,"print_on_support":0,"content":"TopQuadri","description":"pour petites et moyennes s\u00e9ries"},{"id":3,"nom":"serigraphie","finition":"serigraphie","libelle":"SeriCoat","code":null,"dpi":400,"finesse_forme_isolee":"0.040","finesse_forme_non_isolee":"0.700","hauteur_minimale_texte":2,"inactif":0,"marquage_interne":1,"quantite_min":15,"parent_id":18,"print_on_support":0,"content":"SeriCoat","description":"pour moyennes et grandes s\u00e9ries"},{"id":4,"nom":"broderie","finition":"broderie","libelle":"Broderie","code":null,"dpi":400,"finesse_forme_isolee":"0.040","finesse_forme_non_isolee":"0.700","hauteur_minimale_texte":3,"inactif":0,"marquage_interne":1,"quantite_min":null,"parent_id":null,"print_on_support":0,"content":"Broderie","description":null},{"id":8,"nom":"theme","finition":null,"libelle":"Th\u00e8me","code":null,"dpi":null,"finesse_forme_isolee":null,"finesse_forme_non_isolee":null,"hauteur_minimale_texte":null,"inactif":0,"marquage_interne":1,"quantite_min":null,"parent_id":null,"print_on_support":0,"content":"Th\u00e8me","description":null},{"id":9,"nom":"sans","finition":null,"libelle":null,"code":null,"dpi":null,"finesse_forme_isolee":null,"finesse_forme_non_isolee":null,"hauteur_minimale_texte":null,"inactif":0,"marquage_interne":1,"quantite_min":null,"parent_id":null,"print_on_support":0,"content":"sans","description":null},{"id":10,"nom":"photo","finition":null,"libelle":"Photo","code":null,"dpi":null,"finesse_forme_isolee":null,"finesse_forme_non_isolee":null,"hauteur_minimale_texte":null,"inactif":0,"marquage_interne":1,"quantite_min":null,"parent_id":null,"print_on_support":0,"content":"Photo","description":null},{"id":14,"nom":"couleur","finition":null,"libelle":"Couleur","code":null,"dpi":null,"finesse_forme_isolee":null,"finesse_forme_non_isolee":null,"hauteur_minimale_texte":null,"inactif":0,"marquage_interne":1,"quantite_min":null,"parent_id":null,"print_on_support":0,"content":"Couleur","description":null},{"id":15,"nom":"sublimation","finition":"sublimation","libelle":"Sublimation","code":null,"dpi":null,"finesse_forme_isolee":"0.000","finesse_forme_non_isolee":"0.000","hauteur_minimale_texte":2,"inactif":0,"marquage_interne":1,"quantite_min":null,"parent_id":null,"print_on_support":0,"content":"Sublimation","description":null},{"id":16,"nom":"topquadri_uv","finition":null,"libelle":"TopQuadri UV","code":null,"dpi":null,"finesse_forme_isolee":"0.020","finesse_forme_non_isolee":"0.700","hauteur_minimale_texte":2,"inactif":0,"marquage_interne":1,"quantite_min":null,"parent_id":null,"print_on_support":1,"content":null,"description":null},{"id":17,"nom":"topquadri_uvp","finition":null,"libelle":"TopQuadri UVP","code":null,"dpi":null,"finesse_forme_isolee":"0.020","finesse_forme_non_isolee":"0.700","hauteur_minimale_texte":2,"inactif":0,"marquage_interne":1,"quantite_min":null,"parent_id":null,"print_on_support":1,"content":null,"description":null},{"id":18,"nom":"quadri","finition":null,"libelle":"Impression","code":null,"dpi":null,"finesse_forme_isolee":null,"finesse_forme_non_isolee":null,"hauteur_minimale_texte":null,"inactif":0,"marquage_interne":1,"quantite_min":null,"parent_id":null,"print_on_support":0,"content":null,"description":null}]}}