{"data":{"product":{"id":21481,"titre":"Men\u00b4s short sleeved stretch polo","description":"Polo homme stretch. Maille micro piqu\u00e9e, doux et extensible en coton et \u00e9lasthanne. Col \u00e0 2 boutons. Fentes lat\u00e9rales. Composition : 96% coton, 4% \u00e9lasthanne.","genre":"homme","grammage":200,"conditionnement":36,"composition":"coton,elasthanne","reference":"sf-sf042","reference_visible":"sf-sf042","reference_fabricant":"SF042","ref_xor":"722348","in_catalog":true,"is_transfer":false,"is_service":false,"on_standby":false,"has_3d":false,"has_size_guide":true,"has_marking":true,"has_vierge":true,"is_cross_sellable":false,"id_picto":8,"filename_3d":null,"brand":{"id":18,"name":"SF Clothing","logo":"logo-skinnifit.png","image":"https:\/\/media.th4.com\/h4V08P2zFDdLT_JbrFGCqYK26uPq5kfP-E3feo3K2ZU\/pr:brand70x70\/aHR0cDovL21lZGlhMi5kZXNpZ25wYXJ0bmVyLmZyL2MvbS9sb2dvLXNraW5uaWZpdC5wbmc?v=1761304195"},"price_infos":{"price_from":12.49,"quantity":40,"color":{"id":22977,"name":"black"},"size":{"id":3,"name":"S"}},"price_infos_marking":{"price_from":14.99,"quantity":50,"color":{"id":22977,"name":"black"},"size":{"id":3,"name":"S"},"marking":{"id":2,"name":""},"emplacement":"avant","surface_emplacement_id":1,"surface":"coeur"},"i18n":{"blank":{"title":{"fr":"Men's short sleeved stretch polo SF CLOTHING sf042","en":"Men's short sleeved stretch polo SF CLOTHING sf042","de":"Men's short sleeved stretch polo SF CLOTHING sf042","nl":"Men's short sleeved stretch polo SF CLOTHING sf042","es":"Men's short sleeved stretch polo SF CLOTHING sf042","it":"Men's short sleeved stretch polo SF CLOTHING sf042","sv":"Men's short sleeved stretch polo SF CLOTHING sf042","pt":"Men's short sleeved stretch polo SF CLOTHING sf042","da":"Men's short sleeved stretch polo SF CLOTHING sf042","pl":"Men's short sleeved stretch polo SF CLOTHING sf042"},"description":{"fr":"Le polo homme stretch est con\u00e7u en maille micro piqu\u00e9e, douce et extensible, compos\u00e9e de coton et \u00e9lasthanne. Il comporte un col \u00e0 2 boutons et des fentes lat\u00e9rales.\n\n- Composition 96% coton 4% \u00e9lasthanne\n- Maille micro piqu\u00e9e douce\n- Col avec 2 boutons\n- Fentes lat\u00e9rales","en":"The men's stretch polo is made of soft, stretchable micro pique knit composed of cotton and elastane. It features a 2-button collar and side slits.\n\n- Composition 96% cotton 4% elastane\n- Soft micro pique knit\n- 2-button collar\n- Side slits","de":"Das stretch Herrenpolo ist aus weichem, elastischem Mikro-Piqu\u00e9-Gewebe aus Baumwolle und Elasthan gefertigt. Es verf\u00fcgt \u00fcber einen 2-Knopf-Kragen und seitliche Schlitze.\n\n- Zusammensetzung 96% Baumwolle 4% Elasthan\n- Weicher Mikro-Piqu\u00e9-Stoff\n- Kragen mit 2 Kn\u00f6pfen\n- Seitliche Schlitze","nl":"De stretch herenpolo is gemaakt van zachte, rekbare micro piqu\u00e9 stof, bestaand uit katoen en elastaan. Hij heeft een kraag met 2 knopen en zijslitsen.\n\n- Samenstelling 96% katoen 4% elastaan\n- Zachte micro piqu\u00e9 stof\n- Kraag met 2 knopen\n- Zijslitsen","es":"El polo masculino stretch est\u00e1 confeccionado en tejido micro piqu\u00e9, suave y el\u00e1stico, compuesto de algod\u00f3n y elastano. Cuenta con cuello de 2 botones y aberturas laterales.\n\n- Composici\u00f3n 96% algod\u00f3n 4% elastano\n- Tejido micro piqu\u00e9 suave\n- Cuello con 2 botones\n- Aberturas laterales","it":"La polo uomo elasticizzata \u00e8 realizzata in tessuto a micro piqu\u00e9, morbido ed elastico, composto da cotone ed elastan. Presenta un colletto con 2 bottoni e spacchi laterali.\n\n- Composizione 96% cotone 4% elastan\n- Tessuto a micro piqu\u00e9 morbido\n- Colletto con 2 bottoni\n- Spacchi laterali","sv":"Herrstretchpolon \u00e4r tillverkad i mikropik\u00e9tyg, mjukt och stretchigt, best\u00e5ende av bomull och elastan. Den har en krage med 2 knappar och sidventilation.\n\n- Sammans\u00e4ttning 96% bomull 4% elastan\n- Mjukt mikropik\u00e9tyg\n- Krage med 2 knappar\n- Sidventilation","pt":"A polo masculina stretch \u00e9 feita em malha micro piqu\u00ea, macia e el\u00e1stica, composta por algod\u00e3o e elastano. Possui gola com 2 bot\u00f5es e fendas laterais.\n\n- Composi\u00e7\u00e3o 96% algod\u00e3o 4% elastano\n- Malha micro piqu\u00ea macia\n- Gola com 2 bot\u00f5es\n- Fendas laterais","da":"Herrepoloen i stretch er lavet i mikropiquetstrik, bl\u00f8d og elastisk, sammensat af bomuld og elastan. Den har en 2-knaps krave og sideslidser.\n\n- Sammens\u00e6tning 96% bomuld 4% elastan\n- Bl\u00f8d mikropiquetstrik\n- Krave med 2 knapper\n- Sideslidser","pl":"Elastyczne polo m\u0119skie wykonane z mi\u0119kkiej i rozci\u0105gliwej mikropikowanej dzianiny z bawe\u0144ny i elastanu. Posiada ko\u0142nierz na 2 guziki oraz boczne rozci\u0119cia.\n\n- Sk\u0142ad 96% bawe\u0144na 4% elastan\n- Mi\u0119kka mikropikowana dzianina\n- Ko\u0142nierz z 2 guzikami\n- Boczne rozci\u0119cia"},"h1":{"fr":"Men's short sleeved stretch polo sf042","en":"Men's short sleeved stretch polo sf042","de":"Men's short sleeved stretch polo sf042","nl":"Men's short sleeved stretch polo sf042","es":"Men's short sleeved stretch polo sf042","it":"Men's short sleeved stretch polo sf042","sv":"Men's short sleeved stretch polo sf042","pt":"Men's short sleeved stretch polo sf042","da":"Men's short sleeved stretch polo sf042","pl":"Men's short sleeved stretch polo sf042"},"meta_description":{"fr":"Le polo homme stretch pr\u00e9sente une maille micro piqu\u00e9e douce et extensible en coton \u00e9lasthanne avec col 2 boutons et fentes lat\u00e9rales.","en":"The men\\'s stretch polo features a soft micro pique knit with cotton elastane, a 2-button collar and side slits.","de":"Das stretch Herrenpolo besteht aus einem weichen und elastischen Mikro-Piqu\u00e9-Stoff aus Baumwolle und Elasthan mit 2-Knopf-Kragen und seitlichen Schlitzen.","nl":"De stretch herenpolo heeft een zachte en rekbare micro piqu\u00e9 stof van katoen en elastaan met een kraag met 2 knopen en zijslitsen.","es":"El polo masculino stretch presenta un tejido micro piqu\u00e9 suave y el\u00e1stico de algod\u00f3n con elastano, con cuello de 2 botones y aberturas laterales.","it":"La polo uomo elasticizzata ha un tessuto a micro piqu\u00e9 morbido ed elastico in cotone ed elastan con colletto a 2 bottoni e spacchi laterali.","sv":"Herrstretchpolon har ett mjukt och stretchigt mikropik\u00e9tyg i bomull och elastan med krage och 2 knappar samt sidventilation.","pt":"A polo masculina stretch apresenta uma malha micro piqu\u00ea macia e el\u00e1stica em algod\u00e3o elastano com gola de 2 bot\u00f5es e fendas laterais.","da":"Herrepoloen i stretch har en bl\u00f8d og elastisk mikropiquetstrik i bomuld og elastan med 2-knaps krave og sideslidser.","pl":"Elastyczne polo m\u0119skie wykonane z mi\u0119kkiej i rozci\u0105gliwej mikropikowanej dzianiny z bawe\u0144ny i elastanu, z ko\u0142nierzem na 2 guziki oraz bocznymi rozci\u0119ciami."}},"custom":{"title":{"fr":"Men's short sleeved stretch polo SF CLOTHING sf042 Personnalisable","en":"Men's short sleeved stretch polo SF CLOTHING sf042 Customizable","de":"Men's short sleeved stretch polo SF CLOTHING sf042 personalisierbar","nl":"Men's short sleeved stretch polo SF CLOTHING sf042 Aanpasbaar","es":"Men's short sleeved stretch polo SF CLOTHING sf042 Personalizable","it":"Men's short sleeved stretch polo SF CLOTHING sf042 Personalizzabile","sv":"Men's short sleeved stretch polo SF CLOTHING sf042 Customizable","pt":"Men's short sleeved stretch polo SF CLOTHING sf042 Personaliz\u00e1vel","da":"Men's short sleeved stretch polo SF CLOTHING sf042 Tilpasselig","pl":"Men's short sleeved stretch polo SF CLOTHING sf042 Personalizowalny"},"description":{"fr":"Le polo homme stretch est con\u00e7u en maille micro piqu\u00e9e, douce et extensible gr\u00e2ce \u00e0 sa composition en coton et \u00e9lasthanne. Il dispose d'un col \u00e0 deux boutons et de fentes lat\u00e9rales qui facilitent les mouvements.\n\n- Composition 96% coton 4% \u00e9lasthanne\n- Col \u00e0 2 boutons\n- Fentes lat\u00e9rales\n- Possibilit\u00e9 de personnaliser","en":"The men's stretch polo is made of soft and stretchy micro piqu\u00e9 knit composed of cotton and elastane. It features a 2-button collar and side slits that facilitate movement.\n\n- Composition 96% cotton 4% elastane\n- 2-button collar\n- Side slits\n- Customization available","de":"Das Herren Stretch-Polo ist aus mikroperforiertem Strick, weich und dehnbar dank der Zusammensetzung aus Baumwolle und Elasthan. Es verf\u00fcgt \u00fcber einen 2-Knopf-Kragen und seitliche Schlitze, die die Bewegungsfreiheit erleichtern.\n\n- Zusammensetzung 96% Baumwolle 4% Elasthan\n- 2-Knopf-Kragen\n- Seitliche Schlitze\n- Personalisierung m\u00f6glich","nl":"De heren stretch polo is gemaakt van micro piqu\u00e9 stof, zacht en rekbaar dankzij de samenstelling van katoen en elastaan. Het heeft een kraag met twee knopen en zijventilatie die bewegingen vergemakkelijken.\n\n- Samenstelling 96% katoen 4% elastaan\n- Kraag met 2 knopen\n- Zijventilatie\n- Mogelijkheid tot personalisatie","es":"El polo hombre stretch est\u00e1 confeccionado en tejido micro piqu\u00e9, suave y el\u00e1stico gracias a su composici\u00f3n de algod\u00f3n y elastano. Dispone de un cuello con dos botones y aberturas laterales que facilitan el movimiento.\n\n- Composici\u00f3n 96% algod\u00f3n 4% elastano\n- Cuello con 2 botones\n- Aberturas laterales\n- Posibilidad de personalizaci\u00f3n","it":"Il polo uomo stretch \u00e8 realizzato in maglia micro piqu\u00e9, morbida ed elastica grazie alla composizione di cotone ed elastan. Presenta un colletto con due bottoni e spacchi laterali che facilitano i movimenti.\n\n- Composizione 96% cotone 4% elastan\n- Colletto a 2 bottoni\n- Spacchi laterali\n- Possibilit\u00e0 di personalizzazione","sv":"The men stretch polo is made of soft and stretchy micro pique knit thanks to its cotton and elastane composition. It features a 2-button collar and side vents that facilitate movement.\n\n- Composition 96% cotton 4% elastane\n- 2-button collar\n- Side vents\n- Customizable","pt":"O polo stretch masculino \u00e9 confeccionado em malha micro picada, macia e el\u00e1stica devido \u00e0 sua composi\u00e7\u00e3o em algod\u00e3o e elastano. Possui gola com dois bot\u00f5es e fendas laterais que facilitam os movimentos.\n\n- Composi\u00e7\u00e3o 96% algod\u00e3o 4% elastano\n- Gola com 2 bot\u00f5es\n- Fendas laterais\n- Possibilidade de personalizar","da":"Herre stretch poloen er lavet i mikropiquet stof, bl\u00f8dt og elastisk takket v\u00e6re bomuld og elastan.\n\n- Sammens\u00e6tning 96% bomuld 4% elastan\n- Krave med 2 knapper\n- Sideslidser\n- Mulighed for tilpasning","pl":"Elastyczne polo m\u0119skie wykonane z mi\u0119kkiej mikropikowanej dzianiny, rozci\u0105gliwe dzi\u0119ki sk\u0142adnikom bawe\u0142ny i elastanu. Posiada ko\u0142nierzyk na dwa guziki oraz boczne rozci\u0119cia u\u0142atwiaj\u0105ce ruchy.\n\n- Sk\u0142ad 96% bawe\u0142na 4% elastan\n- Ko\u0142nierzyk na 2 guziki\n- Boczne rozci\u0119cia\n- Mo\u017cliwo\u015b\u0107 personalizacji"},"h1":{"fr":"Men's short sleeved stretch polo sf042 Personnalisable","en":"Men's short sleeved stretch polo sf042 Customizable","de":"Men's short sleeved stretch polo sf042 personalisierbar","nl":"Men's short sleeved stretch polo sf042 Aanpasbaar","es":"Men's short sleeved stretch polo sf042 Personalizable","it":"Men's short sleeved stretch polo sf042 Personalizzabile","sv":"Men's short sleeved stretch polo sf042 Customizable","pt":"Men's short sleeved stretch polo sf042 Personaliz\u00e1vel","da":"Men's short sleeved stretch polo sf042 Tilpasselig","pl":"Men's short sleeved stretch polo sf042 Personalizowalny"},"meta_description":{"fr":"Polo homme stretch en maille micro piqu\u00e9e, coton \u00e9lasthanne, col 2 boutons, fentes lat\u00e9rales. Personnalisable selon besoins.","en":"Men's stretch polo in micro piqu\u00e9 knit, cotton elastane, 2-button collar, side slits. Customizable according to needs.","de":"Herren Stretch-Polo aus mikroperforiertem Baumwoll-Elasthan-Strick, 2-Knopf-Kragen, seitliche Schlitze. Personalisierbar nach Bedarf.","nl":"Heren stretch polo in micro piqu\u00e9 stof, katoen met elastaan, kraag met 2 knopen, zijventilatie. Aanpasbaar volgens behoeften.","es":"Polo hombre stretch en tejido micro piqu\u00e9, algod\u00f3n elastano, cuello con 2 botones, aberturas laterales. Personalizable seg\u00fan necesidades.","it":"Polo uomo stretch in maglia micro piqu\u00e9, cotone elastan, colletto con 2 bottoni, spacchi laterali. Personalizzabile secondo le esigenze.","sv":"Men stretch polo in micro pique knit, cotton elastane, 2-button collar, side vents. Customizable according to needs.","pt":"Polo stretch masculino em malha micro picada, algod\u00e3o elastano, gola 2 bot\u00f5es, fendas laterais. Personaliz\u00e1vel conforme necessidades.","da":"Herre stretch polo i mikropiquet stof, bomuld elastan, 2-knaps krave, sideslidser. Tilpasselig efter behov.","pl":"Elastyczne polo m\u0119skie z mikropikowanej dzianiny, bawe\u0142na z elastanem, ko\u0142nierzyk na 2 guziki, boczne rozci\u0119cia. Personalizowalne wed\u0142ug potrzeb."}}},"categories":[{"id":8,"name":"Polos","singular":"Polo","is_feminin":false},{"id":354,"name":"Textile","singular":"Textile","is_feminin":false}],"certifications":[{"id":20,"label":"Amfori BSCI","logo_link":"\/images\/certifications\/20_Amfori_BSCI.jpg","is_marking_compatible":false}],"videos":{"fr":[],"en":[],"de":[],"nl":[],"es":[],"it":[],"sv":[],"pt":[],"da":[],"pl":[]},"main_images":{"miniature":"https:\/\/media.th4.com\/IKo_t2KS__2mfuRPd9JObsemK_Pkkyg8qiezY7e4MUg\/pr:80\/aHR0cDovL21lZGlhMi5kZXNpZ25wYXJ0bmVyLmZyL2MvcC1ibGFuay1USC8yMTQ4MS53ZWJw?v=1764676870","medium":"https:\/\/media.th4.com\/QNbZ-g6mJQzDeVnKAlAU_avxaz8cBnNX9DK_dV6LPug\/pr:550x550greybg\/aHR0cDovL21lZGlhMi5kZXNpZ25wYXJ0bmVyLmZyL2MvcC1ibGFuay1USC8yMTQ4MS53ZWJw?v=1764676870","medium_large":"https:\/\/media.th4.com\/t0Ly7rL-0AB2G99t2YCZND7gjPiOKZo4ZaJsEc0i5xc\/pr:1000x1000greybg\/aHR0cDovL21lZGlhMi5kZXNpZ25wYXJ0bmVyLmZyL2MvcC1ibGFuay1USC8yMTQ4MS53ZWJw?v=1764676870","large":"https:\/\/media.th4.com\/ZrblSxS1w4h2fy-Yfmu0kZT1ke5yCSxyu1dNuNo4qnE\/pr:1920greybg\/aHR0cDovL21lZGlhMi5kZXNpZ25wYXJ0bmVyLmZyL2MvcC1ibGFuay1USC8yMTQ4MS53ZWJw?v=1764676870","opengraph":"https:\/\/media.th4.com\/Yt07iGb0R-k1QTHTENj4FY44dgfe8XwxDnq1Np-T2I8\/pr:1200x630greybg\/aHR0cDovL21lZGlhMi5kZXNpZ25wYXJ0bmVyLmZyL2MvcC1ibGFuay1USC8yMTQ4MS53ZWJw?v=1764676870"},"main_images_customization":{"miniature":"https:\/\/media.th4.com\/4uemTTw_PK1NtjkFlGvVB1S-diHQ_6Fcnsbqsht2bJE\/pr:80\/aHR0cDovL21lZGlhMi5kZXNpZ25wYXJ0bmVyLmZyL2MvcC1jdXN0b20tVEgvMjE0ODEud2VicA?v=1764676973","medium":"https:\/\/media.th4.com\/VjqeEJYGfaQN56EoEW7XKllX1-QhFOz4t7jTWMCVqXE\/pr:550x550greybg\/aHR0cDovL21lZGlhMi5kZXNpZ25wYXJ0bmVyLmZyL2MvcC1jdXN0b20tVEgvMjE0ODEud2VicA?v=1764676973","medium_large":"https:\/\/media.th4.com\/lhEyarwkXhWlT3AUkg8f2i6xIGhrmdXq7W0Q5BKSs8E\/pr:1000x1000greybg\/aHR0cDovL21lZGlhMi5kZXNpZ25wYXJ0bmVyLmZyL2MvcC1jdXN0b20tVEgvMjE0ODEud2VicA?v=1764676973","large":"https:\/\/media.th4.com\/ZjljwZ3N2HLN9I1xTzJUxKfuCEBTCecbbENOK1x3gF4\/pr:1920greybg\/aHR0cDovL21lZGlhMi5kZXNpZ25wYXJ0bmVyLmZyL2MvcC1jdXN0b20tVEgvMjE0ODEud2VicA?v=1764676973","opengraph":"https:\/\/media.th4.com\/YmvF2IuiZKHI1bYpBdAIjrIDxdeJgALj-QO9DEwA3qo\/pr:1200x630greybg\/aHR0cDovL21lZGlhMi5kZXNpZ25wYXJ0bmVyLmZyL2MvcC1jdXN0b20tVEgvMjE0ODEud2VicA?v=1764676973"},"page_links":{"fr":"\/fr\/p-sf-sf042-mens-short-sleeved-stretch-polo-sf042-21481\/","en":"\/en\/p-sf-sf042-mens-short-sleeved-stretch-polo-sf042-21481\/","de":"\/de\/p-sf-sf042-mens-short-sleeved-stretch-polo-sf042-21481\/","nl":"\/nl\/p-sf-sf042-mens-short-sleeved-stretch-polo-sf042-21481\/","es":"\/es\/p-sf-sf042-mens-short-sleeved-stretch-polo-sf042-21481\/","it":"\/it\/p-sf-sf042-mens-short-sleeved-stretch-polo-sf042-21481\/","sv":"\/sv\/p-sf-sf042-mens-short-sleeved-stretch-polo-sf042-21481\/","pt":"\/pt\/p-sf-sf042-mens-short-sleeved-stretch-polo-sf042-21481\/","da":"\/da\/p-sf-sf042-mens-short-sleeved-stretch-polo-sf042-21481\/","pl":"\/pl\/p-sf-sf042-mens-short-sleeved-stretch-polo-sf042-21481\/"},"page_links_customization":{"fr":"\/fr\/p-sf-sf042-mens-short-sleeved-stretch-polo-sf042-personnalisable-21481\/custom\/","en":"\/en\/p-sf-sf042-mens-short-sleeved-stretch-polo-sf042-customizable-21481\/custom\/","de":"\/de\/p-sf-sf042-mens-short-sleeved-stretch-polo-sf042-personalisierbar-21481\/custom\/","nl":"\/nl\/p-sf-sf042-mens-short-sleeved-stretch-polo-sf042-aanpasbaar-21481\/custom\/","es":"\/es\/p-sf-sf042-mens-short-sleeved-stretch-polo-sf042-personalizable-21481\/custom\/","it":"\/it\/p-sf-sf042-mens-short-sleeved-stretch-polo-sf042-personalizzabile-21481\/custom\/","sv":"\/sv\/p-sf-sf042-mens-short-sleeved-stretch-polo-sf042-customizable-21481\/custom\/","pt":"\/pt\/p-sf-sf042-mens-short-sleeved-stretch-polo-sf042-personalizavel-21481\/custom\/","da":"\/da\/p-sf-sf042-mens-short-sleeved-stretch-polo-sf042-tilpasselig-21481\/custom\/","pl":"\/pl\/p-sf-sf042-mens-short-sleeved-stretch-polo-sf042-personalizowalny-21481\/custom\/"},"equivalent_products":[],"colors":[{"id":22977,"name":"black","class_ids":[4],"codes_hexa":["000000"],"delai_24":false,"has_3d":false,"seuil_global":0,"stock_local":0,"stock_global":286,"on_standby":false,"in_catalog":true,"images":{"miniature":["https:\/\/media.th4.com\/cXcWvSSlLxeJo4PB4-vlJUpai9qW6eURFKwKQ8nokFs\/pr:80\/aHR0cDovL21lZGlhMi5kZXNpZ25wYXJ0bmVyLmZyL2MvcC8yMTQ4MS8yMTQ4MS0yMjk3Ny0xLndlYnA?v=1764676134"],"medium":["https:\/\/media.th4.com\/o2OmOdxtyDXZ0zIq568lUYPDuLy4Xrhg9Dq5hVDRjHw\/pr:550x550\/aHR0cDovL21lZGlhMi5kZXNpZ25wYXJ0bmVyLmZyL2MvcC8yMTQ4MS8yMTQ4MS0yMjk3Ny0xLndlYnA?v=1764676134"],"medium_large":["https:\/\/media.th4.com\/WRVX6kTaenK_2Q4zCF48TwZuriYw98fHZpiK8WPyB0Y\/pr:1000x1000\/aHR0cDovL21lZGlhMi5kZXNpZ25wYXJ0bmVyLmZyL2MvcC8yMTQ4MS8yMTQ4MS0yMjk3Ny0xLndlYnA?v=1764676134"],"large":["https:\/\/media.th4.com\/W-_nrpAXi1x1f80dRh_ngjmkJKqY6W3AFh7FvBAeP-w\/pr:1920\/aHR0cDovL21lZGlhMi5kZXNpZ25wYXJ0bmVyLmZyL2MvcC8yMTQ4MS8yMTQ4MS0yMjk3Ny0xLndlYnA?v=1764676134"],"opengraph":["https:\/\/media.th4.com\/I6_iGWQl5NQI8OXWWb3ze9WEr0ob8QoYUmBP9PRQuPA\/pr:1200x630\/aHR0cDovL21lZGlhMi5kZXNpZ25wYXJ0bmVyLmZyL2MvcC8yMTQ4MS8yMTQ4MS0yMjk3Ny0xLndlYnA?v=1764676134"]},"images_customization":{"miniature":["https:\/\/media.th4.com\/cXcWvSSlLxeJo4PB4-vlJUpai9qW6eURFKwKQ8nokFs\/pr:80\/aHR0cDovL21lZGlhMi5kZXNpZ25wYXJ0bmVyLmZyL2MvcC8yMTQ4MS8yMTQ4MS0yMjk3Ny0xLndlYnA?v=1764676134"],"medium":["https:\/\/media.th4.com\/o2OmOdxtyDXZ0zIq568lUYPDuLy4Xrhg9Dq5hVDRjHw\/pr:550x550\/aHR0cDovL21lZGlhMi5kZXNpZ25wYXJ0bmVyLmZyL2MvcC8yMTQ4MS8yMTQ4MS0yMjk3Ny0xLndlYnA?v=1764676134"],"medium_large":["https:\/\/media.th4.com\/WRVX6kTaenK_2Q4zCF48TwZuriYw98fHZpiK8WPyB0Y\/pr:1000x1000\/aHR0cDovL21lZGlhMi5kZXNpZ25wYXJ0bmVyLmZyL2MvcC8yMTQ4MS8yMTQ4MS0yMjk3Ny0xLndlYnA?v=1764676134"],"large":["https:\/\/media.th4.com\/W-_nrpAXi1x1f80dRh_ngjmkJKqY6W3AFh7FvBAeP-w\/pr:1920\/aHR0cDovL21lZGlhMi5kZXNpZ25wYXJ0bmVyLmZyL2MvcC8yMTQ4MS8yMTQ4MS0yMjk3Ny0xLndlYnA?v=1764676134"],"opengraph":["https:\/\/media.th4.com\/I6_iGWQl5NQI8OXWWb3ze9WEr0ob8QoYUmBP9PRQuPA\/pr:1200x630\/aHR0cDovL21lZGlhMi5kZXNpZ25wYXJ0bmVyLmZyL2MvcC8yMTQ4MS8yMTQ4MS0yMjk3Ny0xLndlYnA?v=1764676134"]},"country_origin":"BD","traceability":{"manufacturing_country_id":59,"weaving_country_id":59,"dyeing_country_id":59},"sizes":[{"id":3,"article_id":530066,"class_id":3,"name":"S","on_standby":false,"stock_local":0,"stock_global":73,"multiple":1,"estimated_date_reassort":null,"is_destocking":false},{"id":2,"article_id":530067,"class_id":4,"name":"M","on_standby":false,"stock_local":0,"stock_global":61,"multiple":1,"estimated_date_reassort":null,"is_destocking":false},{"id":1,"article_id":530068,"class_id":5,"name":"L","on_standby":false,"stock_local":0,"stock_global":60,"multiple":1,"estimated_date_reassort":null,"is_destocking":false},{"id":4,"article_id":530069,"class_id":6,"name":"XL","on_standby":false,"stock_local":0,"stock_global":54,"multiple":1,"estimated_date_reassort":null,"is_destocking":false},{"id":1116,"article_id":530070,"class_id":7,"name":"2XL","on_standby":false,"stock_local":0,"stock_global":38,"multiple":1,"estimated_date_reassort":null,"is_destocking":false}],"page_links":{"fr":"\/fr\/p-sf-sf042-mens-short-sleeved-stretch-polo-sf042-21481\/black-22977\/","en":"\/en\/p-sf-sf042-mens-short-sleeved-stretch-polo-sf042-21481\/black-22977\/","de":"\/de\/p-sf-sf042-mens-short-sleeved-stretch-polo-sf042-21481\/black-22977\/","nl":"\/nl\/p-sf-sf042-mens-short-sleeved-stretch-polo-sf042-21481\/black-22977\/","es":"\/es\/p-sf-sf042-mens-short-sleeved-stretch-polo-sf042-21481\/black-22977\/","it":"\/it\/p-sf-sf042-mens-short-sleeved-stretch-polo-sf042-21481\/black-22977\/","sv":"\/sv\/p-sf-sf042-mens-short-sleeved-stretch-polo-sf042-21481\/black-22977\/","pt":"\/pt\/p-sf-sf042-mens-short-sleeved-stretch-polo-sf042-21481\/black-22977\/","da":"\/da\/p-sf-sf042-mens-short-sleeved-stretch-polo-sf042-21481\/black-22977\/","pl":"\/pl\/p-sf-sf042-mens-short-sleeved-stretch-polo-sf042-21481\/black-22977\/"},"page_links_customization":{"fr":"\/fr\/p-sf-sf042-mens-short-sleeved-stretch-polo-sf042-personnalisable-21481\/black-22977\/custom\/","en":"\/en\/p-sf-sf042-mens-short-sleeved-stretch-polo-sf042-customizable-21481\/black-22977\/custom\/","de":"\/de\/p-sf-sf042-mens-short-sleeved-stretch-polo-sf042-personalisierbar-21481\/black-22977\/custom\/","nl":"\/nl\/p-sf-sf042-mens-short-sleeved-stretch-polo-sf042-aanpasbaar-21481\/black-22977\/custom\/","es":"\/es\/p-sf-sf042-mens-short-sleeved-stretch-polo-sf042-personalizable-21481\/black-22977\/custom\/","it":"\/it\/p-sf-sf042-mens-short-sleeved-stretch-polo-sf042-personalizzabile-21481\/black-22977\/custom\/","sv":"\/sv\/p-sf-sf042-mens-short-sleeved-stretch-polo-sf042-customizable-21481\/black-22977\/custom\/","pt":"\/pt\/p-sf-sf042-mens-short-sleeved-stretch-polo-sf042-personalizavel-21481\/black-22977\/custom\/","da":"\/da\/p-sf-sf042-mens-short-sleeved-stretch-polo-sf042-tilpasselig-21481\/black-22977\/custom\/","pl":"\/pl\/p-sf-sf042-mens-short-sleeved-stretch-polo-sf042-personalizowalny-21481\/black-22977\/custom\/"}}],"documentation_link":null,"countries_availables":["AD","AE","AL","AT","BA","BD","BE","BG","BL","CA","CH","CN","CO","CY","CZ","DE","DK","DO","EE","EG","ES","ET","FI","FR","GB","GE","GF","GP","GR","GT","HK","HN","HR","HT","HU","ID","IE","IN","IS","IT","JO","JP","KE","KH","KP","KR","LA","LK","LS","LT","LU","LV","MA","MF","MG","MK","MM","MN","MQ","MT","MX","MY","NC","NI","NL","PF","PH","PK","PL","PM","PT","RE","RO","SE","SG","SI","SK","SV","SY","TH","TN","TR","TW","TZ","US","VN","WF","YT"]},"infos_customization":[],"features":{"authorize_multi_surfaces":true,"display_order_delay_type":true,"promote_surface_display":true,"tarification_franco_offert":true,"enabled_3d_editor":false},"markings":[{"id":0,"nom":"vierge","finition":null,"libelle":null,"code":null,"dpi":null,"finesse_forme_isolee":null,"finesse_forme_non_isolee":null,"hauteur_minimale_texte":null,"inactif":0,"marquage_interne":1,"quantite_min":null,"parent_id":null,"print_on_support":0,"content":"vierge","description":null},{"id":2,"nom":"fonce","finition":"optimale","libelle":"TopQuadri","code":null,"dpi":400,"finesse_forme_isolee":"0.040","finesse_forme_non_isolee":"0.700","hauteur_minimale_texte":2,"inactif":0,"marquage_interne":1,"quantite_min":null,"parent_id":18,"print_on_support":0,"content":"TopQuadri","description":"pour petites et moyennes s\u00e9ries"},{"id":3,"nom":"serigraphie","finition":"serigraphie","libelle":"SeriCoat","code":null,"dpi":400,"finesse_forme_isolee":"0.040","finesse_forme_non_isolee":"0.700","hauteur_minimale_texte":2,"inactif":0,"marquage_interne":1,"quantite_min":15,"parent_id":18,"print_on_support":0,"content":"SeriCoat","description":"pour moyennes et grandes s\u00e9ries"},{"id":4,"nom":"broderie","finition":"broderie","libelle":"Broderie","code":null,"dpi":400,"finesse_forme_isolee":"0.040","finesse_forme_non_isolee":"0.700","hauteur_minimale_texte":3,"inactif":0,"marquage_interne":1,"quantite_min":null,"parent_id":null,"print_on_support":0,"content":"Broderie","description":null},{"id":8,"nom":"theme","finition":null,"libelle":"Th\u00e8me","code":null,"dpi":null,"finesse_forme_isolee":null,"finesse_forme_non_isolee":null,"hauteur_minimale_texte":null,"inactif":0,"marquage_interne":1,"quantite_min":null,"parent_id":null,"print_on_support":0,"content":"Th\u00e8me","description":null},{"id":9,"nom":"sans","finition":null,"libelle":null,"code":null,"dpi":null,"finesse_forme_isolee":null,"finesse_forme_non_isolee":null,"hauteur_minimale_texte":null,"inactif":0,"marquage_interne":1,"quantite_min":null,"parent_id":null,"print_on_support":0,"content":"sans","description":null},{"id":10,"nom":"photo","finition":null,"libelle":"Photo","code":null,"dpi":null,"finesse_forme_isolee":null,"finesse_forme_non_isolee":null,"hauteur_minimale_texte":null,"inactif":0,"marquage_interne":1,"quantite_min":null,"parent_id":null,"print_on_support":0,"content":"Photo","description":null},{"id":14,"nom":"couleur","finition":null,"libelle":"Couleur","code":null,"dpi":null,"finesse_forme_isolee":null,"finesse_forme_non_isolee":null,"hauteur_minimale_texte":null,"inactif":0,"marquage_interne":1,"quantite_min":null,"parent_id":null,"print_on_support":0,"content":"Couleur","description":null},{"id":15,"nom":"sublimation","finition":"sublimation","libelle":"Sublimation","code":null,"dpi":null,"finesse_forme_isolee":"0.000","finesse_forme_non_isolee":"0.000","hauteur_minimale_texte":2,"inactif":0,"marquage_interne":1,"quantite_min":null,"parent_id":null,"print_on_support":0,"content":"Sublimation","description":null},{"id":16,"nom":"topquadri_uv","finition":null,"libelle":"TopQuadri UV","code":null,"dpi":null,"finesse_forme_isolee":"0.020","finesse_forme_non_isolee":"0.700","hauteur_minimale_texte":2,"inactif":0,"marquage_interne":1,"quantite_min":null,"parent_id":null,"print_on_support":1,"content":null,"description":null},{"id":17,"nom":"topquadri_uvp","finition":null,"libelle":"TopQuadri UVP","code":null,"dpi":null,"finesse_forme_isolee":"0.020","finesse_forme_non_isolee":"0.700","hauteur_minimale_texte":2,"inactif":0,"marquage_interne":1,"quantite_min":null,"parent_id":null,"print_on_support":1,"content":null,"description":null},{"id":18,"nom":"quadri","finition":null,"libelle":"Impression","code":null,"dpi":null,"finesse_forme_isolee":null,"finesse_forme_non_isolee":null,"hauteur_minimale_texte":null,"inactif":0,"marquage_interne":1,"quantite_min":null,"parent_id":null,"print_on_support":0,"content":null,"description":null}]}}