{"data":{"product":{"id":21409,"titre":"Short en jean homme","description":"Quoi de mieux qu'un short en jean classique ? La coupe de ce short en jean homme est plus large au niveau des cuisses afin que vous puissiez facilement le porter retrouss\u00e9 si vous le souhaitez. D\u00e9lav\u00e9 pour une finition plus authentique, il inclut des d\u00e9corations en laiton avec des coutures contrast\u00e9es. Deux poches avant avec poche \u00e0 monnaie. Bouton et embout en laiton. Deux poches arri\u00e8re plaqu\u00e9es. Fermeture par zip et bouton. Passants de ceinture. Composition : 100 % coton.","genre":"homme","grammage":356,"conditionnement":30,"composition":"coton,coton_uniquement","reference":"wo-wb908","reference_visible":"wo-wb908","reference_fabricant":"WB908","ref_xor":"722404","in_catalog":true,"is_transfer":false,"is_service":false,"on_standby":false,"has_3d":false,"has_size_guide":true,"has_marking":true,"has_vierge":true,"is_cross_sellable":false,"id_picto":91,"filename_3d":null,"brand":{"id":356,"name":"Wombat","logo":"logo-wombat.png","image":"https:\/\/media.th4.com\/nYbqyIjwE1_d3se8xVUb4Apr0-vCUAMIcGtl0JrTM4E\/pr:brand70x70\/aHR0cDovL21lZGlhMi5kZXNpZ25wYXJ0bmVyLmZyL2MvbS9sb2dvLXdvbWJhdC5wbmc"},"price_infos":{"price_from":17.09,"quantity":200,"color":{"id":24925,"name":"black_denim"},"size":{"id":2,"name":"M"}},"price_infos_marking":{"price_from":21.61,"quantity":500,"color":{"id":24925,"name":"black_denim"},"size":{"id":2,"name":"M"},"marking":{"id":2,"name":""},"emplacement":"avant","surface_emplacement_id":6438,"surface":"Bas gauche"},"i18n":{"blank":{"title":{"fr":"Short jean homme Short jean homme WOMBAT wb908","en":"Short jean homme Short jean homme WOMBAT wb908","de":"Short jean homme Short jean homme WOMBAT wb908","nl":"Short jean homme Short jean homme WOMBAT wb908","es":"Short jean homme Short jean homme WOMBAT wb908","it":"Short jean homme Short jean homme WOMBAT wb908","sv":"Short jean homme Short jean homme WOMBAT wb908","pt":"Short jean homme Short jean homme WOMBAT wb908","da":"Short jean homme Short jean homme WOMBAT wb908","pl":"Short jean homme Short jean homme WOMBAT wb908"},"description":{"fr":"Le Short jean homme se porte avec une coupe plus large au niveau des cuisses, adapt\u00e9e au port retrouss\u00e9. La finition d\u00e9lav\u00e9e et les coutures contrast\u00e9es structurent l\u2019ensemble. Poches avant avec poche \u00e0 monnaie, poches arri\u00e8re plaqu\u00e9es, passants ceinture et d\u00e9tails m\u00e9tal ton laiton. Composition : 100 % coton.\n\n- Composition : 100 % coton\n- Coupe : ample aux cuisses\n- Poches : avant et arri\u00e8re\n- D\u00e9tails : m\u00e9tal ton laiton","en":"The Short jean homme is worn with a wider cut through the thighs, suitable for a turned-up hem. The washed finish and contrasting stitching structure the overall look. Front pockets with coin pocket, patch back pockets, belt loops and brass-tone metal details. Composition: 100% cotton.\n\n- Composition: 100% cotton\n- Fit: loose through the thighs\n- Pockets: front and back\n- Details: brass-tone metal","de":"Der Short jean homme wird mit einer weiter geschnittenen Passform an den Oberschenkeln getragen, geeignet zum Umkrempeln. Das Stone-Wash-Finish und die Kontrastn\u00e4hte strukturieren das Gesamtbild. Vordertaschen mit M\u00fcnztasche, aufgesetzte Ges\u00e4\u00dftaschen, G\u00fcrtelschlaufen und Metalldetails in Messingoptik. Zusammensetzung: 100 % Baumwolle.\n\n- Zusammensetzung: 100 % Baumwolle\n- Passform: weit an den Oberschenkeln\n- Taschen: vorne und hinten\n- Details: Metall in Messingoptik","nl":"De Short jean homme wordt gedragen met een ruimere pasvorm ter hoogte van de dijen, geschikt om omgeslagen te dragen. De verwassen afwerking en contrasterende stiksels geven het geheel structuur. Voorzakken met muntzakje, opgestikte achterzakken, riemlussen en metalen details in messingkleur. Samenstelling: 100% katoen.\n\n- Samenstelling: 100% katoen\n- Pasvorm: ruim bij de dijen\n- Zakken: voor en achter\n- Details: messingkleurig metaal","es":"El Short jean homme se lleva con un corte m\u00e1s ancho a la altura de los muslos, adecuado para llevarlo con el bajo vuelto. El acabado lavado y las costuras en contraste estructuran el conjunto. Bolsillos delanteros con monedero, bolsillos traseros de parche, trabillas para cintur\u00f3n y detalles met\u00e1licos en tono lat\u00f3n. Composici\u00f3n: 100 % algod\u00f3n.\n\n- Composici\u00f3n: 100 % algod\u00f3n\n- Corte: amplio en los muslos\n- Bolsillos: delanteros y traseros\n- Detalles: metal en tono lat\u00f3n","it":"Il Short jean homme si indossa con un taglio piu ampio all'altezza delle cosce, adatto a essere risvoltato. La finitura delavata e le cuciture a contrasto strutturano l'insieme. Tasche anteriori con taschino portamonete, tasche posteriori applicate, passanti per cintura e dettagli in metallo color ottone. Composizione: 100% cotone.\n\n- Composizione: 100% cotone\n- Taglio: ampio sulle cosce\n- Tasche: anteriori e posteriori\n- Dettagli: metallo color ottone","sv":"Short jean homme b\u00e4rs med en bredare passform \u00f6ver l\u00e5ren, anpassad f\u00f6r uppvikt anv\u00e4ndning. Den tv\u00e4ttade finishen och de kontrasterande s\u00f6mmarna strukturerar helheten. Framfickor med myntficka, p\u00e5sydda bakfickor, b\u00e4ltesh\u00e4llor och metalldetaljer i m\u00e4ssingston. Sammans\u00e4ttning: 100 % bomull.\n\n- Sammans\u00e4ttning: 100 % bomull\n- Passform: rymlig \u00f6ver l\u00e5ren\n- Fickor: fram och bak\n- Detaljer: metalldetaljer i m\u00e4ssingston","pt":"O Short jean homme \u00e9 usado com um corte mais largo ao n\u00edvel das coxas, adequado para usar com a bainha dobrada. O acabamento desbotado e as costuras contrastantes estruturam o conjunto. Bolsos frontais com bolso para moedas, bolsos traseiros aplicados, passantes para cinto e detalhes em metal tom lat\u00e3o. Composi\u00e7\u00e3o: 100 % algod\u00e3o.\n\n- Composi\u00e7\u00e3o: 100 % algod\u00e3o\n- Corte: largo nas coxas\n- Bolsos: dianteiros e traseiros\n- Detalhes: metal tom lat\u00e3o","da":"Short jean homme med en bredere pasform ved l\u00e5rene, egnet til opsm\u00f8g. Den vaskede finish og kontrastsyninger strukturerer helheden. Forlommer med m\u00f8ntlomme, p\u00e5syede baglommer, b\u00e6ltestropper og metaldetaljer i messingfarvet tone. Sammens\u00e6tning: 100 % bomuld.\n\n- Sammens\u00e6tning: 100 % bomuld\n- Pasform: l\u00f8s ved l\u00e5rene\n- Lommer: for og bag\n- Detaljer: metal i messingfarvet tone","pl":"Short jean homme nosi si\u0119 w szerszym kroju w udach, przystosowanym do podwini\u0119cia. Sprany efekt i kontrastowe szwy porz\u0105dkuj\u0105 ca\u0142o\u015b\u0107. Przednie kieszenie z kieszonk\u0105 na monety, tylne kieszenie naszywane, szlufki na pasek i metalowe detale w odcieniu mosi\u0105dzu. Sk\u0142ad: 100% bawe\u0142na.\n\n- Sk\u0142ad: 100% bawe\u0142na\n- Kr\u00f3j: lu\u017any w udach\n- Kieszenie: przednie i tylne\n- Detale: metal w odcieniu mosi\u0105dzu"},"h1":{"fr":"Short jean homme Short jean homme wb908","en":"Short jean homme Short jean homme wb908","de":"Short jean homme Short jean homme wb908","nl":"Short jean homme Short jean homme wb908","es":"Short jean homme Short jean homme wb908","it":"Short jean homme Short jean homme wb908","sv":"Short jean homme Short jean homme wb908","pt":"Short jean homme Short jean homme wb908","da":"Short jean homme Short jean homme wb908","pl":"Short jean homme Short jean homme wb908"},"meta_description":{"fr":"Short jean homme \u00e0 coupe ample aux cuisses, finition d\u00e9lav\u00e9e, poches avant avec poche \u00e0 monnaie et poches arri\u00e8re plaqu\u00e9es. 100 % coton.","en":"Short jean homme with a loose fit through the thighs, washed finish, front pockets with coin pocket and patch back pockets. 100% cotton.","de":"Short jean homme mit weiter Passform an den Oberschenkeln, Stone-Wash-Finish, Vordertaschen mit M\u00fcnztasche und aufgesetzten Ges\u00e4\u00dftaschen. 100 % Baumwolle.","nl":"Short jean homme met ruime pasvorm bij de dijen, verwassen afwerking, voorzakken met muntzakje en opgestikte achterzakken. 100% katoen.","es":"Short jean homme con corte amplio en los muslos, acabado lavado, bolsillos delanteros con monedero y bolsillos traseros de parche. 100 % algod\u00f3n.","it":"Short jean homme con taglio ampio sulle cosce, finitura delavata, tasche anteriori con taschino portamonete e tasche posteriori applicate. 100% cotone.","sv":"Short jean homme med rymlig passform \u00f6ver l\u00e5ren, tv\u00e4ttad finish, framfickor med myntficka och p\u00e5sydda bakfickor. 100 % bomull.","pt":"Short jean homme com corte largo nas coxas, acabamento desbotado, bolsos frontais com bolso para moedas e bolsos traseiros aplicados. 100 % algod\u00e3o.","da":"Short jean homme med l\u00f8s pasform ved l\u00e5rene, vasket finish, forlommer med m\u00f8ntlomme og p\u00e5syede baglommer. 100 % bomuld.","pl":"Short jean homme o lu\u017anym kroju w udach, sprany efekt, przednie kieszenie z kieszonk\u0105 na monety oraz naszywane kieszenie tylne. 100% bawe\u0142na."}},"custom":{"title":{"fr":"Short jean homme WOMBAT wb908 coupe large d\u00e9lav\u00e9 poches personnalisable","en":"Short jean homme WOMBAT wb908 wide cut faded customizable pockets","de":"Short jean homme WOMBAT wb908 weiter geschnitten ausgewaschen Taschen anpassbar","nl":"Short jean homme WOMBAT wb908 wijde pasvorm uitgewassen zakken aanpasbaar","es":"Short jean homme WOMBAT wb908 corte ancho lavado bolsillos personalizables","it":"Short jean homme WOMBAT wb908 taglio ampio slavato tasche personalizzabile","sv":"Short jean homme WOMBAT wb908 vid sk\u00e4rning blekt anpassningsbara fickor","pt":"Short jean homme WOMBAT wb908 corte larga desbotado bolsos personaliz\u00e1veis","da":"Short jean homme WOMBAT wb908 bred pasform vasket lommer personaliserbar","pl":"Short jean homme WOMBAT wb908 szerokie spodnie z denimu z wyblak\u0142ym efektem i kieszeniami do personalizacji"},"description":{"fr":"Le short jean homme pr\u00e9sente une coupe large au niveau des cuisses permettant un port retrouss\u00e9. Il est d\u00e9lav\u00e9 et \u00e9quip\u00e9 de d\u00e9corations en laiton avec coutures contrast\u00e9es. Il comprend deux poches avant dont une \u00e0 monnaie, deux poches arri\u00e8re plaqu\u00e9es, un bouton embout laiton et des passants ceinture. La fermeture combine zip et bouton. Composition 100 % coton.\n\n- Composition 100 % coton\n- Coupe large au niveau des cuisses\n- Poches multiples fonctionnelles\n- Possibilit\u00e9 de personnalisation","en":"The short jean homme features a wide cut at the thighs allowing rolled wear. It is faded and equipped with brass decorations and contrast stitching. It includes two front pockets, one coin pocket, two patch back pockets, a brass tip button, and belt loops. Closure combines zipper and button. Composition 100% cotton.\n\n- Composition 100% cotton\n- Wide cut at the thighs\n- Multiple functional pockets\n- Customization possibility","de":"Der short jean homme hat einen weiten Schnitt im Oberschenkelbereich, der ein Aufkrempeln erm\u00f6glicht. Er ist ausgewaschen und mit Messingapplikationen sowie kontrastierenden N\u00e4hten versehen. Er verf\u00fcgt \u00fcber zwei Vordertaschen, davon eine M\u00fcnztasche, zwei aufgesetzte Ges\u00e4\u00dftaschen, einen Messingknopf und G\u00fcrtelschlaufen. Der Verschluss kombiniert Rei\u00dfverschluss und Knopf. Zusammensetzung 100 % Baumwolle.\n\n- Zusammensetzung 100 % Baumwolle\n- Weiter Schnitt im Oberschenkelbereich\n- Mehrere funktionale Taschen\n- Personalisierbar","nl":"De short jean homme heeft een wijde pasvorm ter hoogte van de dijen voor een opgerolde draagwijze. Hij is uitgewassen en voorzien van koperen details met contrasterende naden. Hij bevat twee voorzakken, waarvan \u00e9\u00e9n muntenzak, twee achterzakken met klep, een koperen knoop en riemlussen. De sluiting combineert rits en knoop. Samenstelling 100% katoen.\n\n- Samenstelling 100% katoen\n- Wijde pasvorm ter hoogte van de dijen\n- Meerdere functionele zakken\n- Mogelijkheid tot personalisatie","es":"El short jean homme presenta un corte ancho en los muslos que permite llevarlo remangado. Est\u00e1 lavado y decorado con lat\u00f3n y costuras contrastadas. Incluye dos bolsillos delanteros, uno para monedas, dos bolsillos traseros aplicados, un bot\u00f3n de lat\u00f3n y pasadores para cintur\u00f3n. El cierre combina cremallera y bot\u00f3n. Composici\u00f3n 100 % algod\u00f3n.\n\n- Composici\u00f3n 100 % algod\u00f3n\n- Corte ancho en los muslos\n- M\u00faltiples bolsillos funcionales\n- Posibilidad de personalizaci\u00f3n","it":"Lo short jean homme ha un taglio ampio sulle cosce che consente una vestibilit\u00e0 risvoltata. \u00c8 slavato e dotato di decorazioni in ottone con cuciture a contrasto. Include due tasche anteriori, di cui una portasoldi, due tasche posteriori applicate, un bottone in ottone e passanti per cintura. La chiusura combina zip e bottone. Composizione 100 % cotone.\n\n- Composizione 100 % cotone\n- Taglio ampio sulle cosce\n- Tasche multiple funzionali\n- Possibilit\u00e0 di personalizzazione","sv":"short jean homme har en vid sk\u00e4rning vid l\u00e5ren som m\u00f6jligg\u00f6r uppvikta b\u00e4rs\u00e4tt. Den \u00e4r blekt och utrustad med m\u00e4ssingsdekorationer och kontrasts\u00f6mmar. Den inneh\u00e5ller tv\u00e5 framfickor varav en myntficka, tv\u00e5 p\u00e5sydda bakfickor, en knapp med m\u00e4ssings\u00e4nde och b\u00e4ltes\u00f6glor. St\u00e4ngning med dragkedja och knapp. 100 % bomull.\n\n- 100 % bomull\n- Vid sk\u00e4rning vid l\u00e5ren\n- Flera funktionella fickor\n- M\u00f6jlighet till anpassning","pt":"O short jean homme apresenta corte largo na altura das coxas permitindo usar dobrado. \u00c9 desbotado e equipado com decora\u00e7\u00f5es em lat\u00e3o com costuras contrastantes. Inclui dois bolsos frontais, um dos quais para moedas, dois bolsos traseiros aplicados, bot\u00e3o de lat\u00e3o e passantes para cinto. Fecho combina z\u00edper e bot\u00e3o. Composi\u00e7\u00e3o 100 % algod\u00e3o.\n\n- Composi\u00e7\u00e3o 100 % algod\u00e3o\n- Corte largo na altura das coxas\n- M\u00faltiplos bolsos funcionais\n- Possibilidade de personaliza\u00e7\u00e3o","da":"short jean homme har bred pasform ved l\u00e5rene, som tillader oppulning. Den er vasket og har messingdetaljer med kontrasts\u00f8mme. Indeholder to forlommer, hvoraf den ene er til m\u00f8nter, to p\u00e5syede baglommer, en messingknap og b\u00e6ltestropper. Lukning med lynl\u00e5s og knap. Sammens\u00e6tning 100 % bomuld.\n\n- Sammens\u00e6tning 100 % bomuld\n- Bred pasform ved l\u00e5rene\n- Flere funktionelle lommer\n- Mulighed for personalisering","pl":"short jean homme ma szeroki kr\u00f3j w udach, umo\u017cliwiaj\u0105cy podwini\u0119cie. Jest wyblak\u0142y, ozdobiony mosi\u0119\u017cnymi detalami oraz kontrastowymi szwami. Zawiera dwie kieszenie przednie, w tym jedn\u0105 na drobiazgi, dwie naszywane kieszenie tylne, mosi\u0119\u017cny guzik i szlufki na pasek. Zapi\u0119cie na zamek i guzik. Sk\u0142ad 100% bawe\u0142na.\n\n- Sk\u0142ad 100% bawe\u0142na\n- Szeroki kr\u00f3j w udach\n- Wielofunkcyjne kieszenie\n- Mo\u017cliwo\u015b\u0107 personalizacji"},"h1":{"fr":"Short jean homme wb908 coupe large d\u00e9lav\u00e9 poches personnalisable","en":"Short jean homme wb908 wide cut faded customizable pockets","de":"Short jean homme wb908 weiter geschnitten ausgewaschen Taschen anpassbar","nl":"Short jean homme wb908 wijde pasvorm uitgewassen zakken aanpasbaar","es":"Short jean homme wb908 corte ancho lavado bolsillos personalizables","it":"Short jean homme wb908 taglio ampio slavato tasche personalizzabile","sv":"Short jean homme wb908 vid sk\u00e4rning blekt anpassningsbara fickor","pt":"Short jean homme wb908 corte larga desbotado bolsos personaliz\u00e1veis","da":"Short jean homme wb908 bred pasform vasket lommer personaliserbar","pl":"Short jean homme wb908 szerokie spodnie z denimu z wyblak\u0142ym efektem i kieszeniami do personalizacji"},"meta_description":{"fr":"Short jean homme coupe large d\u00e9lav\u00e9 avec poches multiples et bouton laiton. Composition 100 % coton. Possibilit\u00e9 de personnalisation.","en":"Short jean homme wide cut faded with multiple pockets and brass button. Composition 100% cotton. Customization possibility.","de":"Short jean homme weiter geschnitten ausgewaschen mit mehreren Taschen und Messingknopf. Zusammensetzung 100 % Baumwolle. Personalisierbar.","nl":"Short jean homme wijde pasvorm uitgewassen met meerdere zakken en koperen knoop. Samenstelling 100% katoen. Mogelijkheid tot personalisatie.","es":"Short jean homme corte ancho lavado con m\u00faltiples bolsillos y bot\u00f3n de lat\u00f3n. Composici\u00f3n 100 % algod\u00f3n. Posibilidad de personalizaci\u00f3n.","it":"Short jean homme taglio ampio slavato con multiple tasche e bottone in ottone. Composizione 100 % cotone. Possibilit\u00e0 di personalizzazione.","sv":"Short jean homme vid sk\u00e4rning blekt med flera fickor och m\u00e4ssingsknapp. 100 % bomull. M\u00f6jlighet till anpassning.","pt":"Short jean homme corte larga desbotado com m\u00faltiplos bolsos e bot\u00e3o de lat\u00e3o. Composi\u00e7\u00e3o 100 % algod\u00e3o. Possibilidade de personaliza\u00e7\u00e3o.","da":"Short jean homme bred pasform vasket med flere lommer og knap i messing. Sammens\u00e6tning 100 % bomuld. Mulighed for personalisering.","pl":"Short jean homme szerokie spodnie z wyblak\u0142ym efektem, wieloma kieszeniami i mosi\u0119\u017cnym guzikiem. Sk\u0142ad 100% bawe\u0142na. Mo\u017cliwo\u015b\u0107 personalizacji."}}},"categories":[{"id":76,"name":"Shorts","singular":"Short","is_feminin":false},{"id":498,"name":"Pantalons et shorts","singular":"Pantalon, short","is_feminin":false},{"id":354,"name":"Textile","singular":"Textile","is_feminin":false}],"certifications":[{"id":1,"label":"OEKO-TEX 100","logo_link":"\/images\/certifications\/1_OEKO-TEX_100.jpg","is_marking_compatible":false},{"id":20,"label":"Amfori BSCI","logo_link":"\/images\/certifications\/20_Amfori_BSCI.jpg","is_marking_compatible":false},{"id":21,"label":"Sedex","logo_link":"\/images\/certifications\/21_Sedex.jpg","is_marking_compatible":false}],"videos":{"fr":[],"en":[],"de":[],"nl":[],"es":[],"it":[],"sv":[],"pt":[],"da":[],"pl":[]},"main_images":{"miniature":"https:\/\/media.th4.com\/9gkkTyniOBqiL4Rb_9dXRWUQTaE8cbKPCXV9WrpBPis\/pr:80\/aHR0cDovL21lZGlhMi5kZXNpZ25wYXJ0bmVyLmZyL2MvcC1ibGFuay1USC8yMTQwOS53ZWJw?v=1764164275","medium":"https:\/\/media.th4.com\/SCWhbtmQydHduGOS7rLXCF7EZ7koPG2nqqk84-Kbnts\/pr:550x550greybg\/aHR0cDovL21lZGlhMi5kZXNpZ25wYXJ0bmVyLmZyL2MvcC1ibGFuay1USC8yMTQwOS53ZWJw?v=1764164275","medium_large":"https:\/\/media.th4.com\/LZJQpiuPwuLuTSF267WrJM7L2En8-A4PLhgei698tm8\/pr:1000x1000greybg\/aHR0cDovL21lZGlhMi5kZXNpZ25wYXJ0bmVyLmZyL2MvcC1ibGFuay1USC8yMTQwOS53ZWJw?v=1764164275","large":"https:\/\/media.th4.com\/_fMnzZrpNpRiIpcujtSlNy-kgiwWeyJb08kgQVC_NV0\/pr:1920greybg\/aHR0cDovL21lZGlhMi5kZXNpZ25wYXJ0bmVyLmZyL2MvcC1ibGFuay1USC8yMTQwOS53ZWJw?v=1764164275","opengraph":"https:\/\/media.th4.com\/2U5WlX0VhQwQEYgxJ97a19223ZR9ht1hH8f9zvDDGN4\/pr:1200x630greybg\/aHR0cDovL21lZGlhMi5kZXNpZ25wYXJ0bmVyLmZyL2MvcC1ibGFuay1USC8yMTQwOS53ZWJw?v=1764164275"},"main_images_customization":{"miniature":"https:\/\/media.th4.com\/yar2wAo31Y_55Gqsk9RnXegd3z9chHzFFW6ttI3e0FA\/pr:80\/aHR0cDovL21lZGlhMi5kZXNpZ25wYXJ0bmVyLmZyL2MvcC1jdXN0b20tVEgvMjE0MDkud2VicA?v=1764164290","medium":"https:\/\/media.th4.com\/7esM-TlZWqXxTaKHPRxZPTOaPVJWA0j_lh2CnZ4JdLw\/pr:550x550greybg\/aHR0cDovL21lZGlhMi5kZXNpZ25wYXJ0bmVyLmZyL2MvcC1jdXN0b20tVEgvMjE0MDkud2VicA?v=1764164290","medium_large":"https:\/\/media.th4.com\/SnncZMapgMhJWryPEOP40kv9Ooj5sBgMkhRfok9H-EM\/pr:1000x1000greybg\/aHR0cDovL21lZGlhMi5kZXNpZ25wYXJ0bmVyLmZyL2MvcC1jdXN0b20tVEgvMjE0MDkud2VicA?v=1764164290","large":"https:\/\/media.th4.com\/5I21EF9V8UlDxh0SfhGCw7iOpwMTLYDJp-0rF4n55Vo\/pr:1920greybg\/aHR0cDovL21lZGlhMi5kZXNpZ25wYXJ0bmVyLmZyL2MvcC1jdXN0b20tVEgvMjE0MDkud2VicA?v=1764164290","opengraph":"https:\/\/media.th4.com\/IQm1ONvyseQV_NS_Rl-j5wTiAWI-2DssB7fRo_mfZZA\/pr:1200x630greybg\/aHR0cDovL21lZGlhMi5kZXNpZ25wYXJ0bmVyLmZyL2MvcC1jdXN0b20tVEgvMjE0MDkud2VicA?v=1764164290"},"page_links":{"fr":"\/fr\/p-wo-wb908-short-jean-homme-short-jean-homme-wb908-21409\/","en":"\/en\/p-wo-wb908-short-jean-homme-short-jean-homme-wb908-21409\/","de":"\/de\/p-wo-wb908-short-jean-homme-short-jean-homme-wb908-21409\/","nl":"\/nl\/p-wo-wb908-short-jean-homme-short-jean-homme-wb908-21409\/","es":"\/es\/p-wo-wb908-short-jean-homme-short-jean-homme-wb908-21409\/","it":"\/it\/p-wo-wb908-short-jean-homme-short-jean-homme-wb908-21409\/","sv":"\/sv\/p-wo-wb908-short-jean-homme-short-jean-homme-wb908-21409\/","pt":"\/pt\/p-wo-wb908-short-jean-homme-short-jean-homme-wb908-21409\/","da":"\/da\/p-wo-wb908-short-jean-homme-short-jean-homme-wb908-21409\/","pl":"\/pl\/p-wo-wb908-short-jean-homme-short-jean-homme-wb908-21409\/"},"page_links_customization":{"fr":"\/fr\/p-wo-wb908-short-jean-homme-wb908-coupe-large-delave-poches-personnalisable-21409\/custom\/","en":"\/en\/p-wo-wb908-short-jean-homme-wb908-wide-cut-faded-customizable-pockets-21409\/custom\/","de":"\/de\/p-wo-wb908-short-jean-homme-wb908-weiter-geschnitten-ausgewaschen-taschen-anpassbar-21409\/custom\/","nl":"\/nl\/p-wo-wb908-short-jean-homme-wb908-wijde-pasvorm-uitgewassen-zakken-aanpasbaar-21409\/custom\/","es":"\/es\/p-wo-wb908-short-jean-homme-wb908-corte-ancho-lavado-bolsillos-personalizables-21409\/custom\/","it":"\/it\/p-wo-wb908-short-jean-homme-wb908-taglio-ampio-slavato-tasche-personalizzabile-21409\/custom\/","sv":"\/sv\/p-wo-wb908-short-jean-homme-wb908-vid-skarning-blekt-anpassningsbara-fickor-21409\/custom\/","pt":"\/pt\/p-wo-wb908-short-jean-homme-wb908-corte-larga-desbotado-bolsos-personalizaveis-21409\/custom\/","da":"\/da\/p-wo-wb908-short-jean-homme-wb908-bred-pasform-vasket-lommer-personaliserbar-21409\/custom\/","pl":"\/pl\/p-wo-wb908-short-jean-homme-wb908-szerokie-spodnie-z-denimu-z-wyblaklym-efektem-i-kieszeniami-do-personalizacji-21409\/custom\/"},"equivalent_products":[],"colors":[{"id":24925,"name":"black_denim","class_ids":[4],"codes_hexa":["3A3A3A"],"delai_24":false,"has_3d":false,"seuil_global":0,"stock_local":0,"stock_global":1709,"on_standby":false,"in_catalog":true,"images":{"miniature":["https:\/\/media.th4.com\/Ll7_k7qkb1FqMd6tMBQ19aci_ECkWvgUDq-SN_LruEg\/pr:80\/aHR0cDovL21lZGlhMi5kZXNpZ25wYXJ0bmVyLmZyL2MvcC8yMTQwOS8yMTQwOS0yNDkyNS0xLndlYnA?v=1764164243"],"medium":["https:\/\/media.th4.com\/PHGs41Seh02a0ew7Zbn0X4RKVNoisISNKDjOXjCyCyw\/pr:550x550\/aHR0cDovL21lZGlhMi5kZXNpZ25wYXJ0bmVyLmZyL2MvcC8yMTQwOS8yMTQwOS0yNDkyNS0xLndlYnA?v=1764164243"],"medium_large":["https:\/\/media.th4.com\/wecpjYHdT4wIbD55HANfoD7v1xihDXhPeVGzaTmWMWo\/pr:1000x1000\/aHR0cDovL21lZGlhMi5kZXNpZ25wYXJ0bmVyLmZyL2MvcC8yMTQwOS8yMTQwOS0yNDkyNS0xLndlYnA?v=1764164243"],"large":["https:\/\/media.th4.com\/LEZXtWlJLijbg0n1GBmG0ny_h00jfLsECiRWZoAKZwk\/pr:1920\/aHR0cDovL21lZGlhMi5kZXNpZ25wYXJ0bmVyLmZyL2MvcC8yMTQwOS8yMTQwOS0yNDkyNS0xLndlYnA?v=1764164243"],"opengraph":["https:\/\/media.th4.com\/te6AjmDvoA4uRBbO4L0SgVsQQwtZFmlrXcCVJhOGZWw\/pr:1200x630\/aHR0cDovL21lZGlhMi5kZXNpZ25wYXJ0bmVyLmZyL2MvcC8yMTQwOS8yMTQwOS0yNDkyNS0xLndlYnA?v=1764164243"]},"images_customization":{"miniature":["https:\/\/media.th4.com\/Ll7_k7qkb1FqMd6tMBQ19aci_ECkWvgUDq-SN_LruEg\/pr:80\/aHR0cDovL21lZGlhMi5kZXNpZ25wYXJ0bmVyLmZyL2MvcC8yMTQwOS8yMTQwOS0yNDkyNS0xLndlYnA?v=1764164243"],"medium":["https:\/\/media.th4.com\/PHGs41Seh02a0ew7Zbn0X4RKVNoisISNKDjOXjCyCyw\/pr:550x550\/aHR0cDovL21lZGlhMi5kZXNpZ25wYXJ0bmVyLmZyL2MvcC8yMTQwOS8yMTQwOS0yNDkyNS0xLndlYnA?v=1764164243"],"medium_large":["https:\/\/media.th4.com\/wecpjYHdT4wIbD55HANfoD7v1xihDXhPeVGzaTmWMWo\/pr:1000x1000\/aHR0cDovL21lZGlhMi5kZXNpZ25wYXJ0bmVyLmZyL2MvcC8yMTQwOS8yMTQwOS0yNDkyNS0xLndlYnA?v=1764164243"],"large":["https:\/\/media.th4.com\/LEZXtWlJLijbg0n1GBmG0ny_h00jfLsECiRWZoAKZwk\/pr:1920\/aHR0cDovL21lZGlhMi5kZXNpZ25wYXJ0bmVyLmZyL2MvcC8yMTQwOS8yMTQwOS0yNDkyNS0xLndlYnA?v=1764164243"],"opengraph":["https:\/\/media.th4.com\/te6AjmDvoA4uRBbO4L0SgVsQQwtZFmlrXcCVJhOGZWw\/pr:1200x630\/aHR0cDovL21lZGlhMi5kZXNpZ25wYXJ0bmVyLmZyL2MvcC8yMTQwOS8yMTQwOS0yNDkyNS0xLndlYnA?v=1764164243"]},"country_origin":"BD","traceability":{"manufacturing_country_id":null,"weaving_country_id":null,"dyeing_country_id":null},"sizes":[{"id":3,"article_id":527905,"class_id":3,"name":"S","on_standby":false,"stock_local":0,"stock_global":233,"multiple":1,"estimated_date_reassort":null,"is_destocking":false},{"id":2,"article_id":527904,"class_id":4,"name":"M","on_standby":false,"stock_local":0,"stock_global":614,"multiple":1,"estimated_date_reassort":null,"is_destocking":false},{"id":1,"article_id":527903,"class_id":5,"name":"L","on_standby":false,"stock_local":0,"stock_global":585,"multiple":1,"estimated_date_reassort":null,"is_destocking":false},{"id":4,"article_id":527906,"class_id":6,"name":"XL","on_standby":false,"stock_local":0,"stock_global":200,"multiple":1,"estimated_date_reassort":null,"is_destocking":false},{"id":1116,"article_id":527902,"class_id":7,"name":"2XL","on_standby":false,"stock_local":0,"stock_global":77,"multiple":1,"estimated_date_reassort":null,"is_destocking":false}],"page_links":{"fr":"\/fr\/p-wo-wb908-short-jean-homme-short-jean-homme-wb908-21409\/black-denim-24925\/","en":"\/en\/p-wo-wb908-short-jean-homme-short-jean-homme-wb908-21409\/black-denim-24925\/","de":"\/de\/p-wo-wb908-short-jean-homme-short-jean-homme-wb908-21409\/black-denim-24925\/","nl":"\/nl\/p-wo-wb908-short-jean-homme-short-jean-homme-wb908-21409\/black-denim-24925\/","es":"\/es\/p-wo-wb908-short-jean-homme-short-jean-homme-wb908-21409\/black-denim-24925\/","it":"\/it\/p-wo-wb908-short-jean-homme-short-jean-homme-wb908-21409\/black-denim-24925\/","sv":"\/sv\/p-wo-wb908-short-jean-homme-short-jean-homme-wb908-21409\/black-denim-24925\/","pt":"\/pt\/p-wo-wb908-short-jean-homme-short-jean-homme-wb908-21409\/black-denim-24925\/","da":"\/da\/p-wo-wb908-short-jean-homme-short-jean-homme-wb908-21409\/black-denim-24925\/","pl":"\/pl\/p-wo-wb908-short-jean-homme-short-jean-homme-wb908-21409\/black-denim-24925\/"},"page_links_customization":{"fr":"\/fr\/p-wo-wb908-short-jean-homme-wb908-coupe-large-delave-poches-personnalisable-21409\/black-denim-24925\/custom\/","en":"\/en\/p-wo-wb908-short-jean-homme-wb908-wide-cut-faded-customizable-pockets-21409\/black-denim-24925\/custom\/","de":"\/de\/p-wo-wb908-short-jean-homme-wb908-weiter-geschnitten-ausgewaschen-taschen-anpassbar-21409\/black-denim-24925\/custom\/","nl":"\/nl\/p-wo-wb908-short-jean-homme-wb908-wijde-pasvorm-uitgewassen-zakken-aanpasbaar-21409\/black-denim-24925\/custom\/","es":"\/es\/p-wo-wb908-short-jean-homme-wb908-corte-ancho-lavado-bolsillos-personalizables-21409\/black-denim-24925\/custom\/","it":"\/it\/p-wo-wb908-short-jean-homme-wb908-taglio-ampio-slavato-tasche-personalizzabile-21409\/black-denim-24925\/custom\/","sv":"\/sv\/p-wo-wb908-short-jean-homme-wb908-vid-skarning-blekt-anpassningsbara-fickor-21409\/black-denim-24925\/custom\/","pt":"\/pt\/p-wo-wb908-short-jean-homme-wb908-corte-larga-desbotado-bolsos-personalizaveis-21409\/black-denim-24925\/custom\/","da":"\/da\/p-wo-wb908-short-jean-homme-wb908-bred-pasform-vasket-lommer-personaliserbar-21409\/black-denim-24925\/custom\/","pl":"\/pl\/p-wo-wb908-short-jean-homme-wb908-szerokie-spodnie-z-denimu-z-wyblaklym-efektem-i-kieszeniami-do-personalizacji-21409\/black-denim-24925\/custom\/"}},{"id":24926,"name":"indigo_denim","class_ids":[2],"codes_hexa":["393742"],"delai_24":false,"has_3d":false,"seuil_global":0,"stock_local":0,"stock_global":1478,"on_standby":false,"in_catalog":true,"images":{"miniature":["https:\/\/media.th4.com\/HPi2fNdwD1SBs8yQ5qYqoZu_tRZeRFnLq6HivQl-GB4\/pr:80\/aHR0cDovL21lZGlhMi5kZXNpZ25wYXJ0bmVyLmZyL2MvcC8yMTQwOS8yMTQwOS0yNDkyNi0xLndlYnA?v=1764164245","https:\/\/media.th4.com\/3E72i6AhOdH7PT8rVI4GUbPlWDRDZQHLQnBmUgjDVzM\/pr:80\/aHR0cDovL21lZGlhMi5kZXNpZ25wYXJ0bmVyLmZyL2MvcC8yMTQwOS8yMTQwOS0yNDkyNi0yLndlYnA?v=1764164246","https:\/\/media.th4.com\/I7PhQWneX2KInN-Gv6UAGJAEqnPHQFKoUAqJFqil_Mg\/pr:80\/aHR0cDovL21lZGlhMi5kZXNpZ25wYXJ0bmVyLmZyL2MvcC8yMTQwOS8yMTQwOS0yNDkyNi00LndlYnA?v=1764164247"],"medium":["https:\/\/media.th4.com\/IolZvijTpsPMI7AzumXSQdYBWGQBagM__JWShcRjt0w\/pr:550x550\/aHR0cDovL21lZGlhMi5kZXNpZ25wYXJ0bmVyLmZyL2MvcC8yMTQwOS8yMTQwOS0yNDkyNi0xLndlYnA?v=1764164245","https:\/\/media.th4.com\/Pc0cv5goIwgPXGUzJj-rXmME82zjfcpcG8ww2Ehg_9E\/pr:550x550\/aHR0cDovL21lZGlhMi5kZXNpZ25wYXJ0bmVyLmZyL2MvcC8yMTQwOS8yMTQwOS0yNDkyNi0yLndlYnA?v=1764164246","https:\/\/media.th4.com\/grzMf0GT2IWh5XkJ1zdC_piE7V66hCKUKC-7r_uaAiU\/pr:550x550\/aHR0cDovL21lZGlhMi5kZXNpZ25wYXJ0bmVyLmZyL2MvcC8yMTQwOS8yMTQwOS0yNDkyNi00LndlYnA?v=1764164247"],"medium_large":["https:\/\/media.th4.com\/skwZvhDxSpnMnQYZJyZkFkzS9n9lkniVeABicPXoGtk\/pr:1000x1000\/aHR0cDovL21lZGlhMi5kZXNpZ25wYXJ0bmVyLmZyL2MvcC8yMTQwOS8yMTQwOS0yNDkyNi0xLndlYnA?v=1764164245","https:\/\/media.th4.com\/sTcqnn290yt4Us9lDsYSUjNVlIoqyTLX9fJdhVBLTMg\/pr:1000x1000\/aHR0cDovL21lZGlhMi5kZXNpZ25wYXJ0bmVyLmZyL2MvcC8yMTQwOS8yMTQwOS0yNDkyNi0yLndlYnA?v=1764164246","https:\/\/media.th4.com\/CAl0W8aTsKblelVgn0HNLZubliztWJLoNPjU95YUKVA\/pr:1000x1000\/aHR0cDovL21lZGlhMi5kZXNpZ25wYXJ0bmVyLmZyL2MvcC8yMTQwOS8yMTQwOS0yNDkyNi00LndlYnA?v=1764164247"],"large":["https:\/\/media.th4.com\/ZTNOaQebniykcyD7dk65mZIIcFNPLH2-H1P6o3SL66I\/pr:1920\/aHR0cDovL21lZGlhMi5kZXNpZ25wYXJ0bmVyLmZyL2MvcC8yMTQwOS8yMTQwOS0yNDkyNi0xLndlYnA?v=1764164245","https:\/\/media.th4.com\/SpX-LaZPXcrsGxQYLhb8FCih_neo2o1LK5OjqIZvnU0\/pr:1920\/aHR0cDovL21lZGlhMi5kZXNpZ25wYXJ0bmVyLmZyL2MvcC8yMTQwOS8yMTQwOS0yNDkyNi0yLndlYnA?v=1764164246","https:\/\/media.th4.com\/WPef5Qyy_m3pEX0cJ9cwii8YnyRp6yWJ9mBvUWkoUuc\/pr:1920\/aHR0cDovL21lZGlhMi5kZXNpZ25wYXJ0bmVyLmZyL2MvcC8yMTQwOS8yMTQwOS0yNDkyNi00LndlYnA?v=1764164247"],"opengraph":["https:\/\/media.th4.com\/JwdeSKco44VOTbBz7ogzOXBPd0IZtvJrEN_7_UENbOE\/pr:1200x630\/aHR0cDovL21lZGlhMi5kZXNpZ25wYXJ0bmVyLmZyL2MvcC8yMTQwOS8yMTQwOS0yNDkyNi0xLndlYnA?v=1764164245","https:\/\/media.th4.com\/sDZahxa3d6tcWrUJ4bQkfj4F1UfU5vN7tufXKvfPR-c\/pr:1200x630\/aHR0cDovL21lZGlhMi5kZXNpZ25wYXJ0bmVyLmZyL2MvcC8yMTQwOS8yMTQwOS0yNDkyNi0yLndlYnA?v=1764164246","https:\/\/media.th4.com\/hHxL0sZwQu47tiMsGSFURsnfF9P1fEdQuROsMOLsCZU\/pr:1200x630\/aHR0cDovL21lZGlhMi5kZXNpZ25wYXJ0bmVyLmZyL2MvcC8yMTQwOS8yMTQwOS0yNDkyNi00LndlYnA?v=1764164247"]},"images_customization":{"miniature":["https:\/\/media.th4.com\/HPi2fNdwD1SBs8yQ5qYqoZu_tRZeRFnLq6HivQl-GB4\/pr:80\/aHR0cDovL21lZGlhMi5kZXNpZ25wYXJ0bmVyLmZyL2MvcC8yMTQwOS8yMTQwOS0yNDkyNi0xLndlYnA?v=1764164245","https:\/\/media.th4.com\/3E72i6AhOdH7PT8rVI4GUbPlWDRDZQHLQnBmUgjDVzM\/pr:80\/aHR0cDovL21lZGlhMi5kZXNpZ25wYXJ0bmVyLmZyL2MvcC8yMTQwOS8yMTQwOS0yNDkyNi0yLndlYnA?v=1764164246","https:\/\/media.th4.com\/I7PhQWneX2KInN-Gv6UAGJAEqnPHQFKoUAqJFqil_Mg\/pr:80\/aHR0cDovL21lZGlhMi5kZXNpZ25wYXJ0bmVyLmZyL2MvcC8yMTQwOS8yMTQwOS0yNDkyNi00LndlYnA?v=1764164247"],"medium":["https:\/\/media.th4.com\/IolZvijTpsPMI7AzumXSQdYBWGQBagM__JWShcRjt0w\/pr:550x550\/aHR0cDovL21lZGlhMi5kZXNpZ25wYXJ0bmVyLmZyL2MvcC8yMTQwOS8yMTQwOS0yNDkyNi0xLndlYnA?v=1764164245","https:\/\/media.th4.com\/Pc0cv5goIwgPXGUzJj-rXmME82zjfcpcG8ww2Ehg_9E\/pr:550x550\/aHR0cDovL21lZGlhMi5kZXNpZ25wYXJ0bmVyLmZyL2MvcC8yMTQwOS8yMTQwOS0yNDkyNi0yLndlYnA?v=1764164246","https:\/\/media.th4.com\/grzMf0GT2IWh5XkJ1zdC_piE7V66hCKUKC-7r_uaAiU\/pr:550x550\/aHR0cDovL21lZGlhMi5kZXNpZ25wYXJ0bmVyLmZyL2MvcC8yMTQwOS8yMTQwOS0yNDkyNi00LndlYnA?v=1764164247"],"medium_large":["https:\/\/media.th4.com\/skwZvhDxSpnMnQYZJyZkFkzS9n9lkniVeABicPXoGtk\/pr:1000x1000\/aHR0cDovL21lZGlhMi5kZXNpZ25wYXJ0bmVyLmZyL2MvcC8yMTQwOS8yMTQwOS0yNDkyNi0xLndlYnA?v=1764164245","https:\/\/media.th4.com\/sTcqnn290yt4Us9lDsYSUjNVlIoqyTLX9fJdhVBLTMg\/pr:1000x1000\/aHR0cDovL21lZGlhMi5kZXNpZ25wYXJ0bmVyLmZyL2MvcC8yMTQwOS8yMTQwOS0yNDkyNi0yLndlYnA?v=1764164246","https:\/\/media.th4.com\/CAl0W8aTsKblelVgn0HNLZubliztWJLoNPjU95YUKVA\/pr:1000x1000\/aHR0cDovL21lZGlhMi5kZXNpZ25wYXJ0bmVyLmZyL2MvcC8yMTQwOS8yMTQwOS0yNDkyNi00LndlYnA?v=1764164247"],"large":["https:\/\/media.th4.com\/ZTNOaQebniykcyD7dk65mZIIcFNPLH2-H1P6o3SL66I\/pr:1920\/aHR0cDovL21lZGlhMi5kZXNpZ25wYXJ0bmVyLmZyL2MvcC8yMTQwOS8yMTQwOS0yNDkyNi0xLndlYnA?v=1764164245","https:\/\/media.th4.com\/SpX-LaZPXcrsGxQYLhb8FCih_neo2o1LK5OjqIZvnU0\/pr:1920\/aHR0cDovL21lZGlhMi5kZXNpZ25wYXJ0bmVyLmZyL2MvcC8yMTQwOS8yMTQwOS0yNDkyNi0yLndlYnA?v=1764164246","https:\/\/media.th4.com\/WPef5Qyy_m3pEX0cJ9cwii8YnyRp6yWJ9mBvUWkoUuc\/pr:1920\/aHR0cDovL21lZGlhMi5kZXNpZ25wYXJ0bmVyLmZyL2MvcC8yMTQwOS8yMTQwOS0yNDkyNi00LndlYnA?v=1764164247"],"opengraph":["https:\/\/media.th4.com\/JwdeSKco44VOTbBz7ogzOXBPd0IZtvJrEN_7_UENbOE\/pr:1200x630\/aHR0cDovL21lZGlhMi5kZXNpZ25wYXJ0bmVyLmZyL2MvcC8yMTQwOS8yMTQwOS0yNDkyNi0xLndlYnA?v=1764164245","https:\/\/media.th4.com\/sDZahxa3d6tcWrUJ4bQkfj4F1UfU5vN7tufXKvfPR-c\/pr:1200x630\/aHR0cDovL21lZGlhMi5kZXNpZ25wYXJ0bmVyLmZyL2MvcC8yMTQwOS8yMTQwOS0yNDkyNi0yLndlYnA?v=1764164246","https:\/\/media.th4.com\/hHxL0sZwQu47tiMsGSFURsnfF9P1fEdQuROsMOLsCZU\/pr:1200x630\/aHR0cDovL21lZGlhMi5kZXNpZ25wYXJ0bmVyLmZyL2MvcC8yMTQwOS8yMTQwOS0yNDkyNi00LndlYnA?v=1764164247"]},"country_origin":"BD","traceability":{"manufacturing_country_id":null,"weaving_country_id":null,"dyeing_country_id":null},"sizes":[{"id":3,"article_id":527910,"class_id":3,"name":"S","on_standby":false,"stock_local":0,"stock_global":212,"multiple":1,"estimated_date_reassort":null,"is_destocking":false},{"id":2,"article_id":527909,"class_id":4,"name":"M","on_standby":false,"stock_local":0,"stock_global":550,"multiple":1,"estimated_date_reassort":null,"is_destocking":false},{"id":1,"article_id":527908,"class_id":5,"name":"L","on_standby":false,"stock_local":0,"stock_global":546,"multiple":1,"estimated_date_reassort":null,"is_destocking":false},{"id":4,"article_id":527911,"class_id":6,"name":"XL","on_standby":false,"stock_local":0,"stock_global":89,"multiple":1,"estimated_date_reassort":null,"is_destocking":false},{"id":1116,"article_id":527907,"class_id":7,"name":"2XL","on_standby":false,"stock_local":0,"stock_global":81,"multiple":1,"estimated_date_reassort":null,"is_destocking":false}],"page_links":{"fr":"\/fr\/p-wo-wb908-short-jean-homme-short-jean-homme-wb908-21409\/indigo-denim-24926\/","en":"\/en\/p-wo-wb908-short-jean-homme-short-jean-homme-wb908-21409\/indigo-denim-24926\/","de":"\/de\/p-wo-wb908-short-jean-homme-short-jean-homme-wb908-21409\/indigo-denim-24926\/","nl":"\/nl\/p-wo-wb908-short-jean-homme-short-jean-homme-wb908-21409\/indigo-denim-24926\/","es":"\/es\/p-wo-wb908-short-jean-homme-short-jean-homme-wb908-21409\/indigo-denim-24926\/","it":"\/it\/p-wo-wb908-short-jean-homme-short-jean-homme-wb908-21409\/indigo-denim-24926\/","sv":"\/sv\/p-wo-wb908-short-jean-homme-short-jean-homme-wb908-21409\/indigo-denim-24926\/","pt":"\/pt\/p-wo-wb908-short-jean-homme-short-jean-homme-wb908-21409\/indigo-denim-24926\/","da":"\/da\/p-wo-wb908-short-jean-homme-short-jean-homme-wb908-21409\/indigo-denim-24926\/","pl":"\/pl\/p-wo-wb908-short-jean-homme-short-jean-homme-wb908-21409\/indigo-denim-24926\/"},"page_links_customization":{"fr":"\/fr\/p-wo-wb908-short-jean-homme-wb908-coupe-large-delave-poches-personnalisable-21409\/indigo-denim-24926\/custom\/","en":"\/en\/p-wo-wb908-short-jean-homme-wb908-wide-cut-faded-customizable-pockets-21409\/indigo-denim-24926\/custom\/","de":"\/de\/p-wo-wb908-short-jean-homme-wb908-weiter-geschnitten-ausgewaschen-taschen-anpassbar-21409\/indigo-denim-24926\/custom\/","nl":"\/nl\/p-wo-wb908-short-jean-homme-wb908-wijde-pasvorm-uitgewassen-zakken-aanpasbaar-21409\/indigo-denim-24926\/custom\/","es":"\/es\/p-wo-wb908-short-jean-homme-wb908-corte-ancho-lavado-bolsillos-personalizables-21409\/indigo-denim-24926\/custom\/","it":"\/it\/p-wo-wb908-short-jean-homme-wb908-taglio-ampio-slavato-tasche-personalizzabile-21409\/indigo-denim-24926\/custom\/","sv":"\/sv\/p-wo-wb908-short-jean-homme-wb908-vid-skarning-blekt-anpassningsbara-fickor-21409\/indigo-denim-24926\/custom\/","pt":"\/pt\/p-wo-wb908-short-jean-homme-wb908-corte-larga-desbotado-bolsos-personalizaveis-21409\/indigo-denim-24926\/custom\/","da":"\/da\/p-wo-wb908-short-jean-homme-wb908-bred-pasform-vasket-lommer-personaliserbar-21409\/indigo-denim-24926\/custom\/","pl":"\/pl\/p-wo-wb908-short-jean-homme-wb908-szerokie-spodnie-z-denimu-z-wyblaklym-efektem-i-kieszeniami-do-personalizacji-21409\/indigo-denim-24926\/custom\/"}}],"documentation_link":"\/pdf\/21409.pdf","countries_availables":["AD","AE","AL","AT","BA","BD","BE","BG","BL","CA","CH","CN","CO","CY","CZ","DE","DK","DO","EE","EG","ES","ET","FI","FR","GB","GE","GF","GP","GR","GT","HK","HN","HR","HT","HU","ID","IE","IN","IS","IT","JO","JP","KE","KH","KP","KR","LA","LK","LS","LT","LU","LV","MA","MF","MG","MK","MM","MN","MQ","MT","MX","MY","NC","NI","NL","PF","PH","PK","PL","PM","PT","RE","RO","SE","SG","SI","SK","SV","SY","TH","TN","TR","TW","TZ","US","VN","WF","YT"]},"infos_customization":[],"features":{"authorize_multi_surfaces":true,"display_order_delay_type":true,"promote_surface_display":true,"tarification_franco_offert":true,"enabled_3d_editor":false},"markings":[{"id":0,"nom":"vierge","finition":null,"libelle":null,"code":null,"dpi":null,"finesse_forme_isolee":null,"finesse_forme_non_isolee":null,"hauteur_minimale_texte":null,"inactif":0,"marquage_interne":1,"quantite_min":null,"parent_id":null,"print_on_support":0,"content":"vierge","description":null},{"id":2,"nom":"fonce","finition":"optimale","libelle":"TopQuadri","code":null,"dpi":400,"finesse_forme_isolee":"0.040","finesse_forme_non_isolee":"0.700","hauteur_minimale_texte":2,"inactif":0,"marquage_interne":1,"quantite_min":null,"parent_id":18,"print_on_support":0,"content":"TopQuadri","description":"pour petites et moyennes s\u00e9ries"},{"id":3,"nom":"serigraphie","finition":"serigraphie","libelle":"SeriCoat","code":null,"dpi":400,"finesse_forme_isolee":"0.040","finesse_forme_non_isolee":"0.700","hauteur_minimale_texte":2,"inactif":0,"marquage_interne":1,"quantite_min":15,"parent_id":18,"print_on_support":0,"content":"SeriCoat","description":"pour moyennes et grandes s\u00e9ries"},{"id":4,"nom":"broderie","finition":"broderie","libelle":"Broderie","code":null,"dpi":400,"finesse_forme_isolee":"0.040","finesse_forme_non_isolee":"0.700","hauteur_minimale_texte":3,"inactif":0,"marquage_interne":1,"quantite_min":null,"parent_id":null,"print_on_support":0,"content":"Broderie","description":null},{"id":8,"nom":"theme","finition":null,"libelle":"Th\u00e8me","code":null,"dpi":null,"finesse_forme_isolee":null,"finesse_forme_non_isolee":null,"hauteur_minimale_texte":null,"inactif":0,"marquage_interne":1,"quantite_min":null,"parent_id":null,"print_on_support":0,"content":"Th\u00e8me","description":null},{"id":9,"nom":"sans","finition":null,"libelle":null,"code":null,"dpi":null,"finesse_forme_isolee":null,"finesse_forme_non_isolee":null,"hauteur_minimale_texte":null,"inactif":0,"marquage_interne":1,"quantite_min":null,"parent_id":null,"print_on_support":0,"content":"sans","description":null},{"id":10,"nom":"photo","finition":null,"libelle":"Photo","code":null,"dpi":null,"finesse_forme_isolee":null,"finesse_forme_non_isolee":null,"hauteur_minimale_texte":null,"inactif":0,"marquage_interne":1,"quantite_min":null,"parent_id":null,"print_on_support":0,"content":"Photo","description":null},{"id":14,"nom":"couleur","finition":null,"libelle":"Couleur","code":null,"dpi":null,"finesse_forme_isolee":null,"finesse_forme_non_isolee":null,"hauteur_minimale_texte":null,"inactif":0,"marquage_interne":1,"quantite_min":null,"parent_id":null,"print_on_support":0,"content":"Couleur","description":null},{"id":15,"nom":"sublimation","finition":"sublimation","libelle":"Sublimation","code":null,"dpi":null,"finesse_forme_isolee":"0.000","finesse_forme_non_isolee":"0.000","hauteur_minimale_texte":2,"inactif":0,"marquage_interne":1,"quantite_min":null,"parent_id":null,"print_on_support":0,"content":"Sublimation","description":null},{"id":16,"nom":"topquadri_uv","finition":null,"libelle":"TopQuadri UV","code":null,"dpi":null,"finesse_forme_isolee":"0.020","finesse_forme_non_isolee":"0.700","hauteur_minimale_texte":2,"inactif":0,"marquage_interne":1,"quantite_min":null,"parent_id":null,"print_on_support":1,"content":null,"description":null},{"id":17,"nom":"topquadri_uvp","finition":null,"libelle":"TopQuadri UVP","code":null,"dpi":null,"finesse_forme_isolee":"0.020","finesse_forme_non_isolee":"0.700","hauteur_minimale_texte":2,"inactif":0,"marquage_interne":1,"quantite_min":null,"parent_id":null,"print_on_support":1,"content":null,"description":null},{"id":18,"nom":"quadri","finition":null,"libelle":"Impression","code":null,"dpi":null,"finesse_forme_isolee":null,"finesse_forme_non_isolee":null,"hauteur_minimale_texte":null,"inactif":0,"marquage_interne":1,"quantite_min":null,"parent_id":null,"print_on_support":0,"content":null,"description":null}]}}