{"data":{"product":{"id":21404,"titre":"Short cargo homme avec cordon de serrage","description":"Ce short cargo homme avec cordon de serrage est id\u00e9al si vous souhaitez un v\u00eatement plus doux, confortable et pratique. Avec son style remarquable, ses nombreuses poches et sa ceinture \u00e9lastique, il saura se faire une place de choix dans votre garde-robe. Des d\u00e9tails \u00e9l\u00e9gants ornent les jambes et les poches, sans oublier le cordon de serrage \u00e0 la ceinture et les passants de ceinture. Deux poches battantes et deux poches arri\u00e8re \u00e0 soufflet avec fermeture \u00e0 scratch. Poches \u00e0 soufflet au niveau de la jambe avec languette et fermeture \u00e0 scratch. D\u00e9tails au niveau de la jambe sous les poches. Ceinture \u00e9lastiqu\u00e9e avec cordons de serrage et embouts m\u00e9talliques. Fermeture \u00e0 glissi\u00e8re et bouton-pression sur le devant. Mati\u00e8re de finition douce. Passants de ceinture. Composition : 98 % coton, 2 % \u00e9lasthanne.","genre":"homme","grammage":260,"conditionnement":30,"composition":"coton,elasthanne","reference":"wo-wb903","reference_visible":"wo-wb903","reference_fabricant":"WB903","ref_xor":"722393","in_catalog":true,"is_transfer":false,"is_service":false,"on_standby":false,"has_3d":false,"has_size_guide":true,"has_marking":false,"has_vierge":true,"is_cross_sellable":false,"id_picto":91,"filename_3d":null,"brand":{"id":356,"name":"Wombat","logo":"logo-wombat.png","image":"https:\/\/media.th4.com\/nYbqyIjwE1_d3se8xVUb4Apr0-vCUAMIcGtl0JrTM4E\/pr:brand70x70\/aHR0cDovL21lZGlhMi5kZXNpZ25wYXJ0bmVyLmZyL2MvbS9sb2dvLXdvbWJhdC5wbmc"},"price_infos":{"price_from":19.14,"quantity":200,"color":{"id":24914,"name":"navy"},"size":{"id":2,"name":"M"}},"price_infos_marking":{"price_from":0,"quantity":0,"size":{"id":0,"name":""},"color":{"id":0,"name":""},"marking":{"id":0,"name":""},"emplacement":"","surface":"","surface_emplacement_id":0},"i18n":{"blank":{"title":{"fr":"Short cargo homme WOMBAT wb903","en":"Short cargo homme WOMBAT wb903","de":"Herren Cargo-Shorts WOMBAT wb903","nl":"Short cargo homme WOMBAT wb903","es":"Short cargo hombre WOMBAT wb903","it":"Men's cargo shorts WOMBAT wb903","sv":"Short cargo homme WOMBAT wb903","pt":"Short cargo homme WOMBAT wb903","da":"Short cargo homme WOMBAT wb903","pl":"Short cargo homme WOMBAT wb903"},"description":{"fr":"Le short cargo homme avec cordon serrage dispose d'une ceinture \u00e9lastiqu\u00e9e avec cordons \u00e0 embouts m\u00e9talliques, ainsi que de plusieurs poches fonctionnelles. La fermeture se fait par glissi\u00e8re et bouton-pression. La mati\u00e8re pr\u00e9sente une finition douce.\n\n- Composition 98 % coton 2 % \u00e9lasthanne\n- Deux poches battantes avant\n- Deux poches arri\u00e8re \u00e0 soufflet scratch\n- Poches jambes avec languette scratch","en":"The short cargo homme avec cordon serrage features an elastic waistband with metal-tipped drawstrings and multiple functional pockets. Closure with zipper and snap button. The fabric has a soft finish.\n\n- Composition 98% cotton 2% elastane\n- Two front flap pockets\n- Two back bellows pockets with Velcro\n- Leg pockets with Velcro flap","de":"Die Herren Cargo-Shorts mit Kordelzug hat einen elastischen Bund mit Metallabschl\u00fcssen an den Kordeln sowie mehrere funktionelle Taschen. Der Verschluss erfolgt mit Rei\u00dfverschluss und Druckknopf. Das Material hat eine weiche Oberfl\u00e4che.\n\n- Zusammensetzung 98 % Baumwolle 2 % Elasthan\n- Zwei aufgesetzte Taschen vorne\n- Zwei Ges\u00e4\u00dftaschen mit Klettverschluss und Faltensack\n- Beintaschen mit Klettlasche","nl":"De short cargo homme avec cordon serrage heeft een elastische tailleband met trekkoorden met metalen uiteinden, evenals meerdere functionele zakken. De sluiting is met ritssluiting en drukknop. De stof heeft een zachte afwerking.\n\n- Samenstelling 98% katoen 2% elastaan\n- Twee steekzakken aan de voorzijde\n- Twee achterzakken met plooi en klittenbandsluiting\n- Bovenbeen zakken met klittenbandsluiting","es":"El short cargo hombre con cord\u00f3n de ajuste cuenta con una cintura el\u00e1stica con cordones rematados en metal y varios bolsillos funcionales. El cierre es con cremallera y bot\u00f3n a presi\u00f3n. La tela tiene un acabado suave.\n\n- Composici\u00f3n 98 % algod\u00f3n 2 % elastano\n- Dos bolsillos delanteros de tapeta\n- Dos bolsillos traseros con fuelle y velcro\n- Bolsillos en las piernas con solapa y velcro","it":"The men's cargo shorts with drawstring have an elastic waistband with metal-tipped drawstrings, as well as several functional pockets. Closure by zipper and snap button. The fabric has a soft finish.\n\n- Composition 98% cotton 2% elastane\n- Two front flap pockets\n- Two back pockets with gussets and velcro\n- Leg pockets with velcro tab","sv":"short cargo homme avec cordon serrage har ett elastiskt midjeband med sn\u00f6ren med metall\u00e4ndar samt flera funktionella fickor. St\u00e4ngning med dragkedja och tryckknapp. Materialet har en mjuk finish.\n\n- Komposition 98 % bomull 2 % elastan\n- Tv\u00e5 fr\u00e4mre ficklocksfickor\n- Tv\u00e5 bakfickor med veck och kardborreband\n- Benfickor med flik och kardborreband","pt":"O short cargo homme avec cordon serrage tem um cinto el\u00e1stico com cord\u00f5es de extremidades met\u00e1licas, al\u00e9m de v\u00e1rios bolsos funcionais. O fecho \u00e9 feito por z\u00edper e bot\u00e3o de press\u00e3o. O tecido apresenta acabamento macio.\n\n- Composi\u00e7\u00e3o 98 % algod\u00e3o 2 % elastano\n- Dois bolsos frontais com aba\n- Dois bolsos traseiros com folho e velcro\n- Bolsos nas pernas com aba de velcro","da":"Le short cargo homme avec cordon serrage har et elastisk b\u00e5nd med snore med metalender samt flere funktionelle lommer. Lukningen sker med lynl\u00e5s og trykknap. Materialet har en bl\u00f8d finish.\n\n- Komposition 98 % bomuld 2 % elastan\n- To forlommer med klap\n- To baglommer med l\u00e6g og velcro\n- Benlommer med velcrolukke","pl":"Le short cargo homme avec cordon serrage dispose d'une ceinture \u00e9lastiqu\u00e9e avec cordons \u00e0 embouts m\u00e9talliques, ainsi que de plusieurs poches fonctionnelles. La fermeture se fait par glissi\u00e8re et bouton-pression. La mati\u00e8re pr\u00e9sente une finition douce.\n\n- Composition 98 % coton 2 % \u00e9lasthanne\n- Deux poches battantes avant\n- Deux poches arri\u00e8re \u00e0 soufflet scratch\n- Poches jambes avec languette scratch"},"h1":{"fr":"Short cargo homme wb903","en":"Short cargo homme wb903","de":"Herren Cargo-Shorts wb903","nl":"Short cargo homme wb903","es":"Short cargo hombre wb903","it":"Men's cargo shorts wb903","sv":"Short cargo homme wb903","pt":"Short cargo homme wb903","da":"Short cargo homme wb903","pl":"Short cargo homme wb903"},"meta_description":{"fr":"Le short cargo homme avec cordon serrage offre plusieurs poches pratiques, une ceinture \u00e9lastiqu\u00e9e et une finition douce pour plus de confort.","en":"The short cargo homme avec cordon serrage has multiple practical pockets, an elastic waistband, and a soft finish for added comfort.","de":"Die Herren Cargo-Shorts mit Kordelzug verf\u00fcgt \u00fcber mehrere praktische Taschen, einen elastischen Bund und eine weiche Oberfl\u00e4che f\u00fcr mehr Komfort.","nl":"De short cargo homme avec cordon serrage heeft meerdere praktische zakken, een elastische tailleband en een zachte afwerking voor meer comfort.","es":"El short cargo hombre con cord\u00f3n de ajuste tiene varios bolsillos pr\u00e1cticos, una cintura el\u00e1stica y un acabado suave para mayor comodidad.","it":"The men's cargo shorts with drawstring feature several practical pockets, an elastic waistband and a soft finish for added comfort.","sv":"short cargo homme avec cordon serrage har flera praktiska fickor, ett elastiskt midjeband och en mjuk finish f\u00f6r \u00f6kad komfort.","pt":"O short cargo homme avec cordon serrage possui v\u00e1rios bolsos pr\u00e1ticos, um cinto el\u00e1stico e acabamento macio para maior conforto.","da":"Le short cargo homme avec cordon serrage har flere praktiske lommer, et elastisk b\u00e5nd og en bl\u00f8d finish for \u00f8get komfort.","pl":"Le short cargo homme avec cordon serrage offre plusieurs poches pratiques, une ceinture \u00e9lastiqu\u00e9e et une finition douce pour plus de confort."}},"custom":{"title":{"fr":"Short cargo homme avec cordon serrage WOMBAT wb903 personnalisable","en":"Short cargo homme avec cordon serrage WOMBAT wb903 customizable","de":"Short cargo homme avec cordon serrage WOMBAT wb903 personalisierbar","nl":"Short cargo homme avec cordon serrage WOMBAT wb903 personaliseerbaar","es":"Short cargo homme avec cordon serrage WOMBAT wb903 personalizable","it":"Short cargo uomo con coulisse WOMBAT wb903 personalizzabile","sv":"Short cargo homme avec cordon serrage WOMBAT wb903 anpassningsbar","pt":"Short cargo homme avec cordon serrage WOMBAT wb903 personaliz\u00e1vel","da":"Short cargo homme avec cordon serrage WOMBAT wb903 kan tilpasses","pl":"Short cargo homme avec cordon serrage WOMBAT wb903 z mozliwoscia personalizacji"},"description":{"fr":"Le short cargo homme avec cordon serrage convient \u00e0 un usage quotidien gr\u00e2ce \u00e0 sa ceinture \u00e9lastiqu\u00e9e, ses passants et ses poches \u00e0 soufflet. Fermeture par glissi\u00e8re et bouton-pression sur le devant. Composition : 98 % coton, 2 % \u00e9lasthanne.\n\n- Composition : 98 % coton\n- 2 % \u00e9lasthanne\n- Poches \u00e0 soufflet\n- Personnalisable","en":"The short cargo homme avec cordon serrage is suitable for everyday use thanks to its elasticated waistband, belt loops and bellows pockets. Front zip and snap-button closure. Composition: 98% cotton, 2% elastane.\n\n- Composition: 98% cotton\n- 2% elastane\n- Bellows pockets\n- Customizable","de":"Die short cargo homme avec cordon serrage eignet sich f\u00fcr den t\u00e4glichen Gebrauch dank elastischem Bund, G\u00fcrtelschlaufen und Blasebalgtaschen. Verschluss vorne mit Rei\u00dfverschluss und Druckknopf. Zusammensetzung: 98 % Baumwolle, 2 % Elasthan.\n\n- Zusammensetzung: 98 % Baumwolle\n- 2 % Elasthan\n- Blasebalgtaschen\n- Personalisierbar","nl":"De short cargo homme avec cordon serrage is geschikt voor dagelijks gebruik dankzij de elastische tailleband, de riemlussen en de geplooide zakken. Sluiting aan de voorkant met rits en drukknoop. Samenstelling: 98% katoen, 2% elastaan.\n\n- Samenstelling: 98% katoen\n- 2% elastaan\n- Geplooide zakken\n- Personaliseerbaar","es":"El short cargo homme avec cordon serrage es adecuado para el uso diario gracias a su cintura el\u00e1stica, sus trabillas y sus bolsillos de fuelle. Cierre con cremallera y bot\u00f3n a presi\u00f3n en la parte delantera. Composici\u00f3n: 98 % algod\u00f3n, 2 % elastano.\n\n- Composici\u00f3n: 98 % algod\u00f3n\n- 2 % elastano\n- Bolsillos de fuelle\n- Personalizable","it":"Il short cargo uomo con coulisse adatto all\\u0027uso quotidiano grazie alla vita elasticizzata, ai passanti e alle tasche a soffietto. Chiusura con zip e bottone a pressione sul davanti. Composizione: 98 % cotone, 2 % elastan.\n\n- Composizione: 98 % cotone\n- 2 % elastan\n- Tasche a soffietto\n- Personalizzabile","sv":"short cargo homme avec cordon serrage passar f\u00f6r daglig anv\u00e4ndning tack vare elastisk linning, h\u00e4llor och b\u00e4lgfickor. St\u00e4ngning med dragkedja och tryckknapp framtill. Sammans\u00e4ttning: 98 % bomull, 2 % elastan.\n\n- Sammans\u00e4ttning: 98 % bomull\n- 2 % elastan\n- B\u00e4lgfickor\n- Anpassningsbar","pt":"O short cargo homme avec cordon serrage \u00e9 adequado para uso di\u00e1rio gra\u00e7as ao seu c\u00f3s el\u00e1stico, aos seus passantes e aos seus bolsos com fole. Fecho de correr e bot\u00e3o de press\u00e3o na parte da frente. Composi\u00e7\u00e3o: 98 % algod\u00e3o, 2 % elastano.\n\n- Composi\u00e7\u00e3o: 98 % algod\u00e3o\n- 2 % elastano\n- Bolsos com fole\n- Personaliz\u00e1vel","da":"short cargo homme avec cordon serrage egnet til daglig brug takket v\u00e6re elastisk linning, b\u00e6ltestropper og b\u00e6lg-lommer. Lukning med lynl\u00e5s og trykknap foran. Sammens\u00e6tning: 98 % bomuld, 2 % elastan.\n\n- Sammens\u00e6tning: 98 % bomuld\n- 2 % elastan\n- B\u00e6lg-lommer\n- Kan tilpasses","pl":"Short cargo homme avec cordon serrage nadaje sie do codziennego uzytku dzieki elastycznemu pasowi, szlufkom i kieszeniom mieszkowym. Zapiecie z przodu na zamek blyskawiczny i zatrzask. Sklad: 98 % bawelna, 2 % elastan.\n\n- Sklad: 98 % bawelna\n- 2 % elastan\n- Kieszenie mieszkowe\n- Z mozliwoscia personalizacji"},"h1":{"fr":"Short cargo homme avec cordon serrage wb903 personnalisable","en":"Short cargo homme avec cordon serrage wb903 customizable","de":"Short cargo homme avec cordon serrage wb903 personalisierbar","nl":"Short cargo homme avec cordon serrage wb903 personaliseerbaar","es":"Short cargo homme avec cordon serrage wb903 personalizable","it":"Short cargo uomo con coulisse wb903 personalizzabile","sv":"Short cargo homme avec cordon serrage wb903 anpassningsbar","pt":"Short cargo homme avec cordon serrage wb903 personaliz\u00e1vel","da":"Short cargo homme avec cordon serrage wb903 kan tilpasses","pl":"Short cargo homme avec cordon serrage wb903 z mozliwoscia personalizacji"},"meta_description":{"fr":"Short cargo homme avec cordon de serrage, ceinture \u00e9lastiqu\u00e9e et poches \u00e0 soufflet. Fermeture \u00e0 glissi\u00e8re et bouton-pression. Personnalisable.","en":"Men's cargo shorts with drawstring, elasticated waistband and bellows pockets. Zip and snap-button closure. Customizable.","de":"Herren-Cargo-Shorts mit Kordelzug, elastischem Bund und Blasebalgtaschen. Rei\u00dfverschluss- und Druckknopfverschluss. Personalisierbar.","nl":"Cargoherenshort met aantrekkoord, elastische tailleband en geplooide zakken. Ritssluiting en drukknoop. Personaliseerbaar.","es":"Short cargo para hombre con cord\u00f3n de ajuste, cintura el\u00e1stica y bolsillos de fuelle. Cierre de cremallera y bot\u00f3n a presi\u00f3n. Personalizable.","it":"Short cargo uomo con coulisse, vita elasticizzata e tasche a soffietto. Chiusura con zip e bottone a pressione. Personalizzabile.","sv":"Cargo-shorts f\u00f6r herr med dragsko, elastisk linning och b\u00e4lgfickor. Dragkedja och tryckknapp. Anpassningsbar.","pt":"Cal\u00e7\u00f5es cargo masculinos com cord\u00e3o de aperto, c\u00f3s el\u00e1stico e bolsos com fole. Fecho de correr e bot\u00e3o de press\u00e3o. Personaliz\u00e1vel.","da":"Cargo-shorts til m\u00e6nd med sn\u00f8re, elastisk linning og b\u00e6lg-lommer. Lynl\u00e5s og trykknaplukning. Kan tilpasses.","pl":"Meski szort cargo ze sznurkiem sciagajacym, elastycznym pasem i kieszeniami mieszkowymi. Zapiecie na zamek blyskawiczny i zatrzask. Z mozliwoscia personalizacji."}}},"categories":[{"id":76,"name":"Shorts","singular":"Short","is_feminin":false},{"id":498,"name":"Pantalons et shorts","singular":"Pantalon, short","is_feminin":false},{"id":354,"name":"Textile","singular":"Textile","is_feminin":false}],"certifications":[{"id":20,"label":"Amfori BSCI","logo_link":"\/images\/certifications\/20_Amfori_BSCI.jpg","is_marking_compatible":false},{"id":21,"label":"Sedex","logo_link":"\/images\/certifications\/21_Sedex.jpg","is_marking_compatible":false}],"videos":{"fr":[],"en":[],"de":[],"nl":[],"es":[],"it":[],"sv":[],"pt":[],"da":[],"pl":[]},"main_images":{"miniature":"https:\/\/media.th4.com\/3_pUlqD08ytq1yjrhrlFyolHE_g4qGPQKy7o1gPCe2Y\/pr:80\/aHR0cDovL21lZGlhMi5kZXNpZ25wYXJ0bmVyLmZyL2MvcC1ibGFuay1USC8yMTQwNC53ZWJw?v=1764164272","medium":"https:\/\/media.th4.com\/3J_s7QFxZk9qxGdZYRRr4I-I5JH4dohc9XYmWe9dlUY\/pr:550x550greybg\/aHR0cDovL21lZGlhMi5kZXNpZ25wYXJ0bmVyLmZyL2MvcC1ibGFuay1USC8yMTQwNC53ZWJw?v=1764164272","medium_large":"https:\/\/media.th4.com\/Czrv8viABpzNjJvBg4eeNpsI-nKxHn1btqK750vIVe8\/pr:1000x1000greybg\/aHR0cDovL21lZGlhMi5kZXNpZ25wYXJ0bmVyLmZyL2MvcC1ibGFuay1USC8yMTQwNC53ZWJw?v=1764164272","large":"https:\/\/media.th4.com\/D1uUMK-ZMJZbcquvL4Eh4KvePGMK_LjeWC1HdcXEJnM\/pr:1920greybg\/aHR0cDovL21lZGlhMi5kZXNpZ25wYXJ0bmVyLmZyL2MvcC1ibGFuay1USC8yMTQwNC53ZWJw?v=1764164272","opengraph":"https:\/\/media.th4.com\/e4xzNpdSrnDB62M4twmm8j2GJ_VBbm1KwZZ-8ByYKJw\/pr:1200x630greybg\/aHR0cDovL21lZGlhMi5kZXNpZ25wYXJ0bmVyLmZyL2MvcC1ibGFuay1USC8yMTQwNC53ZWJw?v=1764164272"},"main_images_customization":{"miniature":"https:\/\/media.th4.com\/3_pUlqD08ytq1yjrhrlFyolHE_g4qGPQKy7o1gPCe2Y\/pr:80\/aHR0cDovL21lZGlhMi5kZXNpZ25wYXJ0bmVyLmZyL2MvcC1ibGFuay1USC8yMTQwNC53ZWJw?v=1764164272","medium":"https:\/\/media.th4.com\/3J_s7QFxZk9qxGdZYRRr4I-I5JH4dohc9XYmWe9dlUY\/pr:550x550greybg\/aHR0cDovL21lZGlhMi5kZXNpZ25wYXJ0bmVyLmZyL2MvcC1ibGFuay1USC8yMTQwNC53ZWJw?v=1764164272","medium_large":"https:\/\/media.th4.com\/Czrv8viABpzNjJvBg4eeNpsI-nKxHn1btqK750vIVe8\/pr:1000x1000greybg\/aHR0cDovL21lZGlhMi5kZXNpZ25wYXJ0bmVyLmZyL2MvcC1ibGFuay1USC8yMTQwNC53ZWJw?v=1764164272","large":"https:\/\/media.th4.com\/D1uUMK-ZMJZbcquvL4Eh4KvePGMK_LjeWC1HdcXEJnM\/pr:1920greybg\/aHR0cDovL21lZGlhMi5kZXNpZ25wYXJ0bmVyLmZyL2MvcC1ibGFuay1USC8yMTQwNC53ZWJw?v=1764164272","opengraph":"https:\/\/media.th4.com\/e4xzNpdSrnDB62M4twmm8j2GJ_VBbm1KwZZ-8ByYKJw\/pr:1200x630greybg\/aHR0cDovL21lZGlhMi5kZXNpZ25wYXJ0bmVyLmZyL2MvcC1ibGFuay1USC8yMTQwNC53ZWJw?v=1764164272"},"page_links":{"fr":"\/fr\/p-wo-wb903-short-cargo-homme-wb903-21404\/","en":"\/en\/p-wo-wb903-short-cargo-homme-wb903-21404\/","de":"\/de\/p-wo-wb903-herren-cargo-shorts-wb903-21404\/","nl":"\/nl\/p-wo-wb903-short-cargo-homme-wb903-21404\/","es":"\/es\/p-wo-wb903-short-cargo-hombre-wb903-21404\/","it":"\/it\/p-wo-wb903-mens-cargo-shorts-wb903-21404\/","sv":"\/sv\/p-wo-wb903-short-cargo-homme-wb903-21404\/","pt":"\/pt\/p-wo-wb903-short-cargo-homme-wb903-21404\/","da":"\/da\/p-wo-wb903-short-cargo-homme-wb903-21404\/","pl":"\/pl\/p-wo-wb903-short-cargo-homme-wb903-21404\/"},"page_links_customization":{"fr":"\/fr\/p-wo-wb903-short-cargo-homme-avec-cordon-serrage-wb903-personnalisable-21404\/custom\/","en":"\/en\/p-wo-wb903-short-cargo-homme-avec-cordon-serrage-wb903-customizable-21404\/custom\/","de":"\/de\/p-wo-wb903-short-cargo-homme-avec-cordon-serrage-wb903-personalisierbar-21404\/custom\/","nl":"\/nl\/p-wo-wb903-short-cargo-homme-avec-cordon-serrage-wb903-personaliseerbaar-21404\/custom\/","es":"\/es\/p-wo-wb903-short-cargo-homme-avec-cordon-serrage-wb903-personalizable-21404\/custom\/","it":"\/it\/p-wo-wb903-short-cargo-uomo-con-coulisse-wb903-personalizzabile-21404\/custom\/","sv":"\/sv\/p-wo-wb903-short-cargo-homme-avec-cordon-serrage-wb903-anpassningsbar-21404\/custom\/","pt":"\/pt\/p-wo-wb903-short-cargo-homme-avec-cordon-serrage-wb903-personalizavel-21404\/custom\/","da":"\/da\/p-wo-wb903-short-cargo-homme-avec-cordon-serrage-wb903-kan-tilpasses-21404\/custom\/","pl":"\/pl\/p-wo-wb903-short-cargo-homme-avec-cordon-serrage-wb903-z-mozliwoscia-personalizacji-21404\/custom\/"},"equivalent_products":[],"colors":[{"id":24914,"name":"navy","class_ids":[2],"codes_hexa":["31395D"],"delai_24":false,"has_3d":false,"seuil_global":0,"stock_local":0,"stock_global":1425,"on_standby":false,"in_catalog":true,"images":{"miniature":["https:\/\/media.th4.com\/c-5IT4hcJ_N91EX2EPXzNUXTNzX-h31Q8wPcrw_hiEY\/pr:80\/aHR0cDovL21lZGlhMi5kZXNpZ25wYXJ0bmVyLmZyL2MvcC8yMTQwNC8yMTQwNC0yNDkxNC0xLndlYnA?v=1764164230"],"medium":["https:\/\/media.th4.com\/xXfrWZA4T3hmoOcI9IoUDMqA6KrNcHG0hgwdzNbT4mo\/pr:550x550\/aHR0cDovL21lZGlhMi5kZXNpZ25wYXJ0bmVyLmZyL2MvcC8yMTQwNC8yMTQwNC0yNDkxNC0xLndlYnA?v=1764164230"],"medium_large":["https:\/\/media.th4.com\/n8f47KAlwAUPzhKtk-plMGZS5RD3GW4Aj0VbqHXQ5YA\/pr:1000x1000\/aHR0cDovL21lZGlhMi5kZXNpZ25wYXJ0bmVyLmZyL2MvcC8yMTQwNC8yMTQwNC0yNDkxNC0xLndlYnA?v=1764164230"],"large":["https:\/\/media.th4.com\/dx6J3IvKU0YLq3Fqev6TU6s3p2d1f4_juus-pScNnOk\/pr:1920\/aHR0cDovL21lZGlhMi5kZXNpZ25wYXJ0bmVyLmZyL2MvcC8yMTQwNC8yMTQwNC0yNDkxNC0xLndlYnA?v=1764164230"],"opengraph":["https:\/\/media.th4.com\/H2dEutkz45BDvaYl54JuoL816mjASDm6zvdtFYi_K3M\/pr:1200x630\/aHR0cDovL21lZGlhMi5kZXNpZ25wYXJ0bmVyLmZyL2MvcC8yMTQwNC8yMTQwNC0yNDkxNC0xLndlYnA?v=1764164230"]},"images_customization":{"miniature":["https:\/\/media.th4.com\/c-5IT4hcJ_N91EX2EPXzNUXTNzX-h31Q8wPcrw_hiEY\/pr:80\/aHR0cDovL21lZGlhMi5kZXNpZ25wYXJ0bmVyLmZyL2MvcC8yMTQwNC8yMTQwNC0yNDkxNC0xLndlYnA?v=1764164230"],"medium":["https:\/\/media.th4.com\/xXfrWZA4T3hmoOcI9IoUDMqA6KrNcHG0hgwdzNbT4mo\/pr:550x550\/aHR0cDovL21lZGlhMi5kZXNpZ25wYXJ0bmVyLmZyL2MvcC8yMTQwNC8yMTQwNC0yNDkxNC0xLndlYnA?v=1764164230"],"medium_large":["https:\/\/media.th4.com\/n8f47KAlwAUPzhKtk-plMGZS5RD3GW4Aj0VbqHXQ5YA\/pr:1000x1000\/aHR0cDovL21lZGlhMi5kZXNpZ25wYXJ0bmVyLmZyL2MvcC8yMTQwNC8yMTQwNC0yNDkxNC0xLndlYnA?v=1764164230"],"large":["https:\/\/media.th4.com\/dx6J3IvKU0YLq3Fqev6TU6s3p2d1f4_juus-pScNnOk\/pr:1920\/aHR0cDovL21lZGlhMi5kZXNpZ25wYXJ0bmVyLmZyL2MvcC8yMTQwNC8yMTQwNC0yNDkxNC0xLndlYnA?v=1764164230"],"opengraph":["https:\/\/media.th4.com\/H2dEutkz45BDvaYl54JuoL816mjASDm6zvdtFYi_K3M\/pr:1200x630\/aHR0cDovL21lZGlhMi5kZXNpZ25wYXJ0bmVyLmZyL2MvcC8yMTQwNC8yMTQwNC0yNDkxNC0xLndlYnA?v=1764164230"]},"country_origin":"BD","traceability":{"manufacturing_country_id":null,"weaving_country_id":null,"dyeing_country_id":null},"sizes":[{"id":3,"article_id":527875,"class_id":3,"name":"S","on_standby":false,"stock_local":0,"stock_global":207,"multiple":1,"estimated_date_reassort":null,"is_destocking":false},{"id":2,"article_id":527874,"class_id":4,"name":"M","on_standby":false,"stock_local":0,"stock_global":539,"multiple":1,"estimated_date_reassort":null,"is_destocking":false},{"id":1,"article_id":527873,"class_id":5,"name":"L","on_standby":false,"stock_local":0,"stock_global":520,"multiple":1,"estimated_date_reassort":null,"is_destocking":false},{"id":4,"article_id":527876,"class_id":6,"name":"XL","on_standby":false,"stock_local":0,"stock_global":123,"multiple":1,"estimated_date_reassort":null,"is_destocking":false},{"id":1116,"article_id":527872,"class_id":7,"name":"2XL","on_standby":false,"stock_local":0,"stock_global":36,"multiple":1,"estimated_date_reassort":null,"is_destocking":false}],"page_links":{"fr":"\/fr\/p-wo-wb903-short-cargo-homme-wb903-21404\/navy-24914\/","en":"\/en\/p-wo-wb903-short-cargo-homme-wb903-21404\/navy-24914\/","de":"\/de\/p-wo-wb903-herren-cargo-shorts-wb903-21404\/navy-24914\/","nl":"\/nl\/p-wo-wb903-short-cargo-homme-wb903-21404\/navy-24914\/","es":"\/es\/p-wo-wb903-short-cargo-hombre-wb903-21404\/navy-24914\/","it":"\/it\/p-wo-wb903-mens-cargo-shorts-wb903-21404\/navy-24914\/","sv":"\/sv\/p-wo-wb903-short-cargo-homme-wb903-21404\/navy-24914\/","pt":"\/pt\/p-wo-wb903-short-cargo-homme-wb903-21404\/navy-24914\/","da":"\/da\/p-wo-wb903-short-cargo-homme-wb903-21404\/navy-24914\/","pl":"\/pl\/p-wo-wb903-short-cargo-homme-wb903-21404\/navy-24914\/"},"page_links_customization":{"fr":"\/fr\/p-wo-wb903-short-cargo-homme-avec-cordon-serrage-wb903-personnalisable-21404\/navy-24914\/custom\/","en":"\/en\/p-wo-wb903-short-cargo-homme-avec-cordon-serrage-wb903-customizable-21404\/navy-24914\/custom\/","de":"\/de\/p-wo-wb903-short-cargo-homme-avec-cordon-serrage-wb903-personalisierbar-21404\/navy-24914\/custom\/","nl":"\/nl\/p-wo-wb903-short-cargo-homme-avec-cordon-serrage-wb903-personaliseerbaar-21404\/navy-24914\/custom\/","es":"\/es\/p-wo-wb903-short-cargo-homme-avec-cordon-serrage-wb903-personalizable-21404\/navy-24914\/custom\/","it":"\/it\/p-wo-wb903-short-cargo-uomo-con-coulisse-wb903-personalizzabile-21404\/navy-24914\/custom\/","sv":"\/sv\/p-wo-wb903-short-cargo-homme-avec-cordon-serrage-wb903-anpassningsbar-21404\/navy-24914\/custom\/","pt":"\/pt\/p-wo-wb903-short-cargo-homme-avec-cordon-serrage-wb903-personalizavel-21404\/navy-24914\/custom\/","da":"\/da\/p-wo-wb903-short-cargo-homme-avec-cordon-serrage-wb903-kan-tilpasses-21404\/navy-24914\/custom\/","pl":"\/pl\/p-wo-wb903-short-cargo-homme-avec-cordon-serrage-wb903-z-mozliwoscia-personalizacji-21404\/navy-24914\/custom\/"}},{"id":24920,"name":"black","class_ids":[4],"codes_hexa":["2A2A2A"],"delai_24":false,"has_3d":false,"seuil_global":0,"stock_local":0,"stock_global":715,"on_standby":false,"in_catalog":true,"images":{"miniature":["https:\/\/media.th4.com\/UAKEnkpdOVucUJLvn_Y9gAM9VxA8X0X-dWm4ikv92Ik\/pr:80\/aHR0cDovL21lZGlhMi5kZXNpZ25wYXJ0bmVyLmZyL2MvcC8yMTQwNC8yMTQwNC0yNDkyMC0xLndlYnA?v=1764164228","https:\/\/media.th4.com\/7Blko96DPJaWwZKmTRke9_PNI7zLl3A_bq0nqn4RMJ4\/pr:80\/aHR0cDovL21lZGlhMi5kZXNpZ25wYXJ0bmVyLmZyL2MvcC8yMTQwNC8yMTQwNC0yNDkyMC0yLndlYnA?v=1764164229","https:\/\/media.th4.com\/V8TcQncHsW-DDKelkoJZKszhOoWgNtxpw4yO8yBUMdA\/pr:80\/aHR0cDovL21lZGlhMi5kZXNpZ25wYXJ0bmVyLmZyL2MvcC8yMTQwNC8yMTQwNC0yNDkyMC00LndlYnA?v=1764164229"],"medium":["https:\/\/media.th4.com\/fLI0JXYdYfxtxhPiwY6sIpIoYFiqkeUrzKsvB6-RS7w\/pr:550x550\/aHR0cDovL21lZGlhMi5kZXNpZ25wYXJ0bmVyLmZyL2MvcC8yMTQwNC8yMTQwNC0yNDkyMC0xLndlYnA?v=1764164228","https:\/\/media.th4.com\/_j0JNH3HIIe5d2cdoA2UCfWDEm04j0_TMHDw5i9FQnM\/pr:550x550\/aHR0cDovL21lZGlhMi5kZXNpZ25wYXJ0bmVyLmZyL2MvcC8yMTQwNC8yMTQwNC0yNDkyMC0yLndlYnA?v=1764164229","https:\/\/media.th4.com\/Y8WRW7E7GqqOzrXZzM-zJBgVbTsPOMwscOLwgaH7KbM\/pr:550x550\/aHR0cDovL21lZGlhMi5kZXNpZ25wYXJ0bmVyLmZyL2MvcC8yMTQwNC8yMTQwNC0yNDkyMC00LndlYnA?v=1764164229"],"medium_large":["https:\/\/media.th4.com\/zm_UReO4Tx9datc3tmkA9oi-RgyxjejR9XcMfUBPu54\/pr:1000x1000\/aHR0cDovL21lZGlhMi5kZXNpZ25wYXJ0bmVyLmZyL2MvcC8yMTQwNC8yMTQwNC0yNDkyMC0xLndlYnA?v=1764164228","https:\/\/media.th4.com\/U1k4C7a5GMStB-vkR9Jav4Re--fVXC5RRTa7BjOuqi4\/pr:1000x1000\/aHR0cDovL21lZGlhMi5kZXNpZ25wYXJ0bmVyLmZyL2MvcC8yMTQwNC8yMTQwNC0yNDkyMC0yLndlYnA?v=1764164229","https:\/\/media.th4.com\/673_uMHIFkTiZrOhO06Y7HYL4JQvjKSLrf7d5LP-aSo\/pr:1000x1000\/aHR0cDovL21lZGlhMi5kZXNpZ25wYXJ0bmVyLmZyL2MvcC8yMTQwNC8yMTQwNC0yNDkyMC00LndlYnA?v=1764164229"],"large":["https:\/\/media.th4.com\/VdZVnpZNbTVlB5Sj5YqhxS5Yqu4W-A8PvCFY2Tf7g4w\/pr:1920\/aHR0cDovL21lZGlhMi5kZXNpZ25wYXJ0bmVyLmZyL2MvcC8yMTQwNC8yMTQwNC0yNDkyMC0xLndlYnA?v=1764164228","https:\/\/media.th4.com\/styQ_2FQrzsUvnZt3w03XLQjRoW4nuUCu7SHvrxtheU\/pr:1920\/aHR0cDovL21lZGlhMi5kZXNpZ25wYXJ0bmVyLmZyL2MvcC8yMTQwNC8yMTQwNC0yNDkyMC0yLndlYnA?v=1764164229","https:\/\/media.th4.com\/pUkQZkR37sT9xOerTORSF_2pFhMiy_5xF5LMv1Kc5qc\/pr:1920\/aHR0cDovL21lZGlhMi5kZXNpZ25wYXJ0bmVyLmZyL2MvcC8yMTQwNC8yMTQwNC0yNDkyMC00LndlYnA?v=1764164229"],"opengraph":["https:\/\/media.th4.com\/6rwPed1QVyCq_NTp-QnFmKZCeiDK4laAjd-BoJaCREg\/pr:1200x630\/aHR0cDovL21lZGlhMi5kZXNpZ25wYXJ0bmVyLmZyL2MvcC8yMTQwNC8yMTQwNC0yNDkyMC0xLndlYnA?v=1764164228","https:\/\/media.th4.com\/uMxPfRjLHzJdtUsRQVTieh7dMFq-E-tuax_t2qkUwv4\/pr:1200x630\/aHR0cDovL21lZGlhMi5kZXNpZ25wYXJ0bmVyLmZyL2MvcC8yMTQwNC8yMTQwNC0yNDkyMC0yLndlYnA?v=1764164229","https:\/\/media.th4.com\/coeLNr2LuTn-IcocoXa2T2Zju_p4NjBG7sSAgnr5RIA\/pr:1200x630\/aHR0cDovL21lZGlhMi5kZXNpZ25wYXJ0bmVyLmZyL2MvcC8yMTQwNC8yMTQwNC0yNDkyMC00LndlYnA?v=1764164229"]},"images_customization":{"miniature":["https:\/\/media.th4.com\/UAKEnkpdOVucUJLvn_Y9gAM9VxA8X0X-dWm4ikv92Ik\/pr:80\/aHR0cDovL21lZGlhMi5kZXNpZ25wYXJ0bmVyLmZyL2MvcC8yMTQwNC8yMTQwNC0yNDkyMC0xLndlYnA?v=1764164228","https:\/\/media.th4.com\/7Blko96DPJaWwZKmTRke9_PNI7zLl3A_bq0nqn4RMJ4\/pr:80\/aHR0cDovL21lZGlhMi5kZXNpZ25wYXJ0bmVyLmZyL2MvcC8yMTQwNC8yMTQwNC0yNDkyMC0yLndlYnA?v=1764164229","https:\/\/media.th4.com\/V8TcQncHsW-DDKelkoJZKszhOoWgNtxpw4yO8yBUMdA\/pr:80\/aHR0cDovL21lZGlhMi5kZXNpZ25wYXJ0bmVyLmZyL2MvcC8yMTQwNC8yMTQwNC0yNDkyMC00LndlYnA?v=1764164229"],"medium":["https:\/\/media.th4.com\/fLI0JXYdYfxtxhPiwY6sIpIoYFiqkeUrzKsvB6-RS7w\/pr:550x550\/aHR0cDovL21lZGlhMi5kZXNpZ25wYXJ0bmVyLmZyL2MvcC8yMTQwNC8yMTQwNC0yNDkyMC0xLndlYnA?v=1764164228","https:\/\/media.th4.com\/_j0JNH3HIIe5d2cdoA2UCfWDEm04j0_TMHDw5i9FQnM\/pr:550x550\/aHR0cDovL21lZGlhMi5kZXNpZ25wYXJ0bmVyLmZyL2MvcC8yMTQwNC8yMTQwNC0yNDkyMC0yLndlYnA?v=1764164229","https:\/\/media.th4.com\/Y8WRW7E7GqqOzrXZzM-zJBgVbTsPOMwscOLwgaH7KbM\/pr:550x550\/aHR0cDovL21lZGlhMi5kZXNpZ25wYXJ0bmVyLmZyL2MvcC8yMTQwNC8yMTQwNC0yNDkyMC00LndlYnA?v=1764164229"],"medium_large":["https:\/\/media.th4.com\/zm_UReO4Tx9datc3tmkA9oi-RgyxjejR9XcMfUBPu54\/pr:1000x1000\/aHR0cDovL21lZGlhMi5kZXNpZ25wYXJ0bmVyLmZyL2MvcC8yMTQwNC8yMTQwNC0yNDkyMC0xLndlYnA?v=1764164228","https:\/\/media.th4.com\/U1k4C7a5GMStB-vkR9Jav4Re--fVXC5RRTa7BjOuqi4\/pr:1000x1000\/aHR0cDovL21lZGlhMi5kZXNpZ25wYXJ0bmVyLmZyL2MvcC8yMTQwNC8yMTQwNC0yNDkyMC0yLndlYnA?v=1764164229","https:\/\/media.th4.com\/673_uMHIFkTiZrOhO06Y7HYL4JQvjKSLrf7d5LP-aSo\/pr:1000x1000\/aHR0cDovL21lZGlhMi5kZXNpZ25wYXJ0bmVyLmZyL2MvcC8yMTQwNC8yMTQwNC0yNDkyMC00LndlYnA?v=1764164229"],"large":["https:\/\/media.th4.com\/VdZVnpZNbTVlB5Sj5YqhxS5Yqu4W-A8PvCFY2Tf7g4w\/pr:1920\/aHR0cDovL21lZGlhMi5kZXNpZ25wYXJ0bmVyLmZyL2MvcC8yMTQwNC8yMTQwNC0yNDkyMC0xLndlYnA?v=1764164228","https:\/\/media.th4.com\/styQ_2FQrzsUvnZt3w03XLQjRoW4nuUCu7SHvrxtheU\/pr:1920\/aHR0cDovL21lZGlhMi5kZXNpZ25wYXJ0bmVyLmZyL2MvcC8yMTQwNC8yMTQwNC0yNDkyMC0yLndlYnA?v=1764164229","https:\/\/media.th4.com\/pUkQZkR37sT9xOerTORSF_2pFhMiy_5xF5LMv1Kc5qc\/pr:1920\/aHR0cDovL21lZGlhMi5kZXNpZ25wYXJ0bmVyLmZyL2MvcC8yMTQwNC8yMTQwNC0yNDkyMC00LndlYnA?v=1764164229"],"opengraph":["https:\/\/media.th4.com\/6rwPed1QVyCq_NTp-QnFmKZCeiDK4laAjd-BoJaCREg\/pr:1200x630\/aHR0cDovL21lZGlhMi5kZXNpZ25wYXJ0bmVyLmZyL2MvcC8yMTQwNC8yMTQwNC0yNDkyMC0xLndlYnA?v=1764164228","https:\/\/media.th4.com\/uMxPfRjLHzJdtUsRQVTieh7dMFq-E-tuax_t2qkUwv4\/pr:1200x630\/aHR0cDovL21lZGlhMi5kZXNpZ25wYXJ0bmVyLmZyL2MvcC8yMTQwNC8yMTQwNC0yNDkyMC0yLndlYnA?v=1764164229","https:\/\/media.th4.com\/coeLNr2LuTn-IcocoXa2T2Zju_p4NjBG7sSAgnr5RIA\/pr:1200x630\/aHR0cDovL21lZGlhMi5kZXNpZ25wYXJ0bmVyLmZyL2MvcC8yMTQwNC8yMTQwNC0yNDkyMC00LndlYnA?v=1764164229"]},"country_origin":"BD","traceability":{"manufacturing_country_id":null,"weaving_country_id":null,"dyeing_country_id":null},"sizes":[{"id":3,"article_id":527870,"class_id":3,"name":"S","on_standby":false,"stock_local":0,"stock_global":68,"multiple":1,"estimated_date_reassort":null,"is_destocking":false},{"id":2,"article_id":527869,"class_id":4,"name":"M","on_standby":false,"stock_local":0,"stock_global":296,"multiple":1,"estimated_date_reassort":null,"is_destocking":false},{"id":1,"article_id":527868,"class_id":5,"name":"L","on_standby":false,"stock_local":0,"stock_global":303,"multiple":1,"estimated_date_reassort":null,"is_destocking":false},{"id":4,"article_id":527871,"class_id":6,"name":"XL","on_standby":false,"stock_local":0,"stock_global":27,"multiple":1,"estimated_date_reassort":null,"is_destocking":false},{"id":1116,"article_id":527867,"class_id":7,"name":"2XL","on_standby":false,"stock_local":0,"stock_global":21,"multiple":1,"estimated_date_reassort":null,"is_destocking":false}],"page_links":{"fr":"\/fr\/p-wo-wb903-short-cargo-homme-wb903-21404\/black-24920\/","en":"\/en\/p-wo-wb903-short-cargo-homme-wb903-21404\/black-24920\/","de":"\/de\/p-wo-wb903-herren-cargo-shorts-wb903-21404\/black-24920\/","nl":"\/nl\/p-wo-wb903-short-cargo-homme-wb903-21404\/black-24920\/","es":"\/es\/p-wo-wb903-short-cargo-hombre-wb903-21404\/black-24920\/","it":"\/it\/p-wo-wb903-mens-cargo-shorts-wb903-21404\/black-24920\/","sv":"\/sv\/p-wo-wb903-short-cargo-homme-wb903-21404\/black-24920\/","pt":"\/pt\/p-wo-wb903-short-cargo-homme-wb903-21404\/black-24920\/","da":"\/da\/p-wo-wb903-short-cargo-homme-wb903-21404\/black-24920\/","pl":"\/pl\/p-wo-wb903-short-cargo-homme-wb903-21404\/black-24920\/"},"page_links_customization":{"fr":"\/fr\/p-wo-wb903-short-cargo-homme-avec-cordon-serrage-wb903-personnalisable-21404\/black-24920\/custom\/","en":"\/en\/p-wo-wb903-short-cargo-homme-avec-cordon-serrage-wb903-customizable-21404\/black-24920\/custom\/","de":"\/de\/p-wo-wb903-short-cargo-homme-avec-cordon-serrage-wb903-personalisierbar-21404\/black-24920\/custom\/","nl":"\/nl\/p-wo-wb903-short-cargo-homme-avec-cordon-serrage-wb903-personaliseerbaar-21404\/black-24920\/custom\/","es":"\/es\/p-wo-wb903-short-cargo-homme-avec-cordon-serrage-wb903-personalizable-21404\/black-24920\/custom\/","it":"\/it\/p-wo-wb903-short-cargo-uomo-con-coulisse-wb903-personalizzabile-21404\/black-24920\/custom\/","sv":"\/sv\/p-wo-wb903-short-cargo-homme-avec-cordon-serrage-wb903-anpassningsbar-21404\/black-24920\/custom\/","pt":"\/pt\/p-wo-wb903-short-cargo-homme-avec-cordon-serrage-wb903-personalizavel-21404\/black-24920\/custom\/","da":"\/da\/p-wo-wb903-short-cargo-homme-avec-cordon-serrage-wb903-kan-tilpasses-21404\/black-24920\/custom\/","pl":"\/pl\/p-wo-wb903-short-cargo-homme-avec-cordon-serrage-wb903-z-mozliwoscia-personalizacji-21404\/black-24920\/custom\/"}}],"documentation_link":"\/pdf\/21404.pdf","countries_availables":["AD","AE","AL","AT","BA","BD","BE","BG","BL","CA","CH","CN","CO","CY","CZ","DE","DK","DO","EE","EG","ES","ET","FI","FR","GB","GE","GF","GP","GR","GT","HK","HN","HR","HT","HU","ID","IE","IN","IS","IT","JO","JP","KE","KH","KP","KR","LA","LK","LS","LT","LU","LV","MA","MF","MG","MK","MM","MN","MQ","MT","MX","MY","NC","NI","NL","PF","PH","PK","PL","PM","PT","RE","RO","SE","SG","SI","SK","SV","SY","TH","TN","TR","TW","TZ","US","VN","WF","YT"]},"infos_customization":[],"features":{"authorize_multi_surfaces":true,"display_order_delay_type":true,"promote_surface_display":true,"tarification_franco_offert":true,"enabled_3d_editor":false},"markings":[{"id":0,"nom":"vierge","finition":null,"libelle":null,"code":null,"dpi":null,"finesse_forme_isolee":null,"finesse_forme_non_isolee":null,"hauteur_minimale_texte":null,"inactif":0,"marquage_interne":1,"quantite_min":null,"parent_id":null,"print_on_support":0,"content":"vierge","description":null},{"id":2,"nom":"fonce","finition":"optimale","libelle":"TopQuadri","code":null,"dpi":400,"finesse_forme_isolee":"0.040","finesse_forme_non_isolee":"0.700","hauteur_minimale_texte":2,"inactif":0,"marquage_interne":1,"quantite_min":null,"parent_id":18,"print_on_support":0,"content":"TopQuadri","description":"pour petites et moyennes s\u00e9ries"},{"id":3,"nom":"serigraphie","finition":"serigraphie","libelle":"SeriCoat","code":null,"dpi":400,"finesse_forme_isolee":"0.040","finesse_forme_non_isolee":"0.700","hauteur_minimale_texte":2,"inactif":0,"marquage_interne":1,"quantite_min":15,"parent_id":18,"print_on_support":0,"content":"SeriCoat","description":"pour moyennes et grandes s\u00e9ries"},{"id":4,"nom":"broderie","finition":"broderie","libelle":"Broderie","code":null,"dpi":400,"finesse_forme_isolee":"0.040","finesse_forme_non_isolee":"0.700","hauteur_minimale_texte":3,"inactif":0,"marquage_interne":1,"quantite_min":null,"parent_id":null,"print_on_support":0,"content":"Broderie","description":null},{"id":8,"nom":"theme","finition":null,"libelle":"Th\u00e8me","code":null,"dpi":null,"finesse_forme_isolee":null,"finesse_forme_non_isolee":null,"hauteur_minimale_texte":null,"inactif":0,"marquage_interne":1,"quantite_min":null,"parent_id":null,"print_on_support":0,"content":"Th\u00e8me","description":null},{"id":9,"nom":"sans","finition":null,"libelle":null,"code":null,"dpi":null,"finesse_forme_isolee":null,"finesse_forme_non_isolee":null,"hauteur_minimale_texte":null,"inactif":0,"marquage_interne":1,"quantite_min":null,"parent_id":null,"print_on_support":0,"content":"sans","description":null},{"id":10,"nom":"photo","finition":null,"libelle":"Photo","code":null,"dpi":null,"finesse_forme_isolee":null,"finesse_forme_non_isolee":null,"hauteur_minimale_texte":null,"inactif":0,"marquage_interne":1,"quantite_min":null,"parent_id":null,"print_on_support":0,"content":"Photo","description":null},{"id":14,"nom":"couleur","finition":null,"libelle":"Couleur","code":null,"dpi":null,"finesse_forme_isolee":null,"finesse_forme_non_isolee":null,"hauteur_minimale_texte":null,"inactif":0,"marquage_interne":1,"quantite_min":null,"parent_id":null,"print_on_support":0,"content":"Couleur","description":null},{"id":15,"nom":"sublimation","finition":"sublimation","libelle":"Sublimation","code":null,"dpi":null,"finesse_forme_isolee":"0.000","finesse_forme_non_isolee":"0.000","hauteur_minimale_texte":2,"inactif":0,"marquage_interne":1,"quantite_min":null,"parent_id":null,"print_on_support":0,"content":"Sublimation","description":null},{"id":16,"nom":"topquadri_uv","finition":null,"libelle":"TopQuadri UV","code":null,"dpi":null,"finesse_forme_isolee":"0.020","finesse_forme_non_isolee":"0.700","hauteur_minimale_texte":2,"inactif":0,"marquage_interne":1,"quantite_min":null,"parent_id":null,"print_on_support":1,"content":null,"description":null},{"id":17,"nom":"topquadri_uvp","finition":null,"libelle":"TopQuadri UVP","code":null,"dpi":null,"finesse_forme_isolee":"0.020","finesse_forme_non_isolee":"0.700","hauteur_minimale_texte":2,"inactif":0,"marquage_interne":1,"quantite_min":null,"parent_id":null,"print_on_support":1,"content":null,"description":null},{"id":18,"nom":"quadri","finition":null,"libelle":"Impression","code":null,"dpi":null,"finesse_forme_isolee":null,"finesse_forme_non_isolee":null,"hauteur_minimale_texte":null,"inactif":0,"marquage_interne":1,"quantite_min":null,"parent_id":null,"print_on_support":0,"content":null,"description":null}]}}