{"data":{"product":{"id":21402,"titre":"Short en jersey recycl\u00e9 homme","description":"Arborez un look d\u00e9contract\u00e9 avec ce short en jersey recycl\u00e9 homme tr\u00e8s doux et confortable. Dot\u00e9 d'un tissu int\u00e9rieur en molleton non gratt\u00e9 et d'une ceinture \u00e9lastiqu\u00e9e parfaitement ajustable avec son gros cordon de serrage tubulaire, ce short dispose \u00e9galement de poches lat\u00e9rales et d'une poche arri\u00e8re plaqu\u00e9e pour vous permettre d'emporter l'essentiel partout avec vous. Contient du polyester recycl\u00e9. Toucher doux. Cordons de serrage tubulaires en coton de couleur unie, embouts et \u0153illets en m\u00e9tal. Int\u00e9rieur en molleton non gratt\u00e9. Double surpiq\u00fbre. D\u00e9tails en point mouche. Deux poches lat\u00e9rales sur la jambe et une poche arri\u00e8re plaqu\u00e9e. Composition : 75 % coton, 25 % polyester recycl\u00e9.","genre":"homme","grammage":400,"conditionnement":30,"composition":"coton,polyester,polycoton","reference":"wo-wb901","reference_visible":"wo-wb901","reference_fabricant":"WB901","ref_xor":"722399","in_catalog":true,"is_transfer":false,"is_service":false,"on_standby":false,"has_3d":false,"has_size_guide":true,"has_marking":true,"has_vierge":true,"is_cross_sellable":false,"id_picto":91,"filename_3d":null,"brand":{"id":356,"name":"Wombat","logo":"logo-wombat.png","image":"https:\/\/media.th4.com\/nYbqyIjwE1_d3se8xVUb4Apr0-vCUAMIcGtl0JrTM4E\/pr:brand70x70\/aHR0cDovL21lZGlhMi5kZXNpZ25wYXJ0bmVyLmZyL2MvbS9sb2dvLXdvbWJhdC5wbmc"},"price_infos":{"price_from":17.09,"quantity":200,"color":{"id":24921,"name":"heather_grey_melange"},"size":{"id":1,"name":"L"}},"price_infos_marking":{"price_from":21.61,"quantity":500,"color":{"id":24921,"name":"heather_grey_melange"},"size":{"id":1,"name":"L"},"marking":{"id":2,"name":""},"emplacement":"avant","surface_emplacement_id":6438,"surface":"Bas gauche"},"i18n":{"blank":{"title":{"fr":"Short jersey WOMBAT wb901","en":"Short jersey WOMBAT wb901","de":"Short jersey WOMBAT wb901","nl":"Short jersey WOMBAT wb901","es":"Short jersey WOMBAT wb901","it":"Short jersey WOMBAT wb901","sv":"Short jersey WOMBAT wb901","pt":"Short jersey WOMBAT wb901","da":"Short jersey WOMBAT wb901","pl":"Short jersey WOMBAT wb901"},"description":{"fr":"Le short jersey recycl\u00e9 homme combine un tissu int\u00e9rieur molleton non gratt\u00e9 et une ceinture \u00e9lastiqu\u00e9e ajustable avec cordon tubulaire. Il comprend deux poches lat\u00e9rales et une poche arri\u00e8re plaqu\u00e9e pour faciliter le transport des objets personnels. La composition est de 75 % coton et 25 % polyester recycl\u00e9.\n\n- Composition 75 % coton 25 % polyester recycl\u00e9\n- Ceinture \u00e9lastiqu\u00e9e avec cordon tubulaire\n- Deux poches lat\u00e9rales\n- Poche arri\u00e8re plaqu\u00e9e","en":"The men's recycled jersey shorts combine an unbrushed fleece inner fabric and an adjustable elastic waistband with tubular drawstring. It includes two side pockets and one patch back pocket for carrying personal items.\n\n- Composition 75% cotton 25% recycled polyester\n- Elastic waistband with tubular drawstring\n- Two side pockets\n- Patch back pocket","de":"Die short jersey recycl\u00e9 homme kombiniert ein nicht aufgerautes Sweat-Innenfutter mit einem verstellbaren elastischen Bund mit Kordelzug. Sie enth\u00e4lt zwei Seitentaschen und eine aufgesetzte Ges\u00e4\u00dftasche zum Transport pers\u00f6nlicher Gegenst\u00e4nde. Die Zusammensetzung betr\u00e4gt 75 % Baumwolle und 25 % recyceltes Polyester.\n\n- Zusammensetzung 75 % Baumwolle 25 % recyceltes Polyester\n- Elastischer Bund mit Kordelzug\n- Zwei Seitentaschen\n- Aufgesetzte Ges\u00e4\u00dftasche","nl":"De short jersey recycl\u00e9 homme combineert een zachte binnenkant van niet-geruwde fleece en een verstelbare elastische tailleband met een smalle koordsluiting. Hij heeft twee zijzakken en een achterzak om persoonlijke spullen gemakkelijk mee te nemen. De samenstelling is 75 % katoen en 25 % gerecycleerd polyester.\n\n- Samenstelling 75 % katoen 25 % gerecycleerd polyester\n- Elastische tailleband met smalle koordsluiting\n- Twee zijzakken\n- Achterzak","es":"El short jersey reciclado hombre combina un tejido interior de felpa sin rascar y una cintura el\u00e1stica ajustable con cord\u00f3n tubular. Incluye dos bolsillos laterales y un bolsillo trasero aplicado para facilitar el transporte de objetos personales. La composici\u00f3n es 75 % algod\u00f3n y 25 % poli\u00e9ster reciclado.\n\n- Composici\u00f3n 75 % algod\u00f3n 25 % poli\u00e9ster reciclado\n- Cintura el\u00e1stica con cord\u00f3n tubular\n- Dos bolsillos laterales\n- Bolsillo trasero aplicado","it":"Lo short jersey recycl\u00e9 homme combina un tessuto interno felpato non spazzolato e una cintura elastica regolabile con cordoncino tubolare. Include due tasche laterali e una tasca posteriore applicata per facilitare il trasporto degli oggetti personali. La composizione \u00e8 75% cotone e 25% poliestere riciclato.\n\n- Composizione 75% cotone 25% poliestere riciclato\n- Cintura elastica con cordoncino tubolare\n- Due tasche laterali\n- Tasca posteriore applicata","sv":"Recycled jersey shorts men combines a brushed inner fabric and an adjustable elastic waistband with tubular drawstring. It features two side pockets and one patch back pocket for carrying personal items.\n\n- Composition 75% cotton 25% recycled polyester\n- Elastic waistband with tubular drawstring\n- Two side pockets\n- One patch back pocket","pt":"O short jersey reciclado masculino combina um tecido interno macio n\u00e3o escovado e um c\u00f3s el\u00e1stico ajust\u00e1vel com cord\u00e3o tubular. Inclui dois bolsos laterais e um bolso traseiro aplicado para facilitar o transporte de objetos pessoais. A composi\u00e7\u00e3o \u00e9 75% algod\u00e3o e 25% poli\u00e9ster reciclado.\n\n- Composi\u00e7\u00e3o 75% algod\u00e3o 25% poli\u00e9ster reciclado\n- C\u00f3s el\u00e1stico com cord\u00e3o tubular\n- Dois bolsos laterais\n- Bolso traseiro aplicado","da":"short jersey recycl\u00e9 homme kombinerer et inderstof af ubehandlet fleece og en justerbar elastisk talje med snor i r\u00f8rform.\nDen har to sidelommer og en baglomme med p\u00e5syet lomme for nem transport af personlige ejendele.\nSammens\u00e6tning er 75 % bomuld og 25 % genanvendt polyester.\n\n- Sammens\u00e6tning 75 % bomuld 25 % genanvendt polyester\n- Elastisk talje med snor i r\u00f8rform\n- To sidelommer\n- P\u00e5syet baglomme","pl":"short jersey recycl\u00e9 homme \u0142\u0105czy w sobie nie szczotkowan\u0105 dzianin\u0119 z wewn\u0119trzn\u0105 stron\u0105 oraz elastyczny, regulowany pas z rurkowatym sznurkiem.\n\nPosiada dwie kieszenie boczne i jedn\u0105 naszywan\u0105 tyln\u0105 dla wygody przenoszenia rzeczy osobistych.\n\n- Sk\u0142ad 75 % bawe\u0142na 25 % poliester pochodz\u0105cy z recyklingu\n- Elastyczny pas z rurkowatym sznurkiem\n- Dwie kieszenie boczne\n- Naszywana tylna kiesze\u0144"},"h1":{"fr":"Short jersey wb901","en":"Short jersey wb901","de":"Short jersey wb901","nl":"Short jersey wb901","es":"Short jersey wb901","it":"Short jersey wb901","sv":"Short jersey wb901","pt":"Short jersey wb901","da":"Short jersey wb901","pl":"Short jersey wb901"},"meta_description":{"fr":"Le short jersey recycl\u00e9 homme pr\u00e9sente une ceinture \u00e9lastique ajustable, poches lat\u00e9rales et arri\u00e8re, en coton et polyester recycl\u00e9 pour un usage confortable.","en":"The men's recycled jersey shorts feature an adjustable elastic waistband, side and back pockets, made of recycled cotton and polyester for comfortable wear.","de":"Die short jersey recycl\u00e9 homme verf\u00fcgt \u00fcber einen verstellbaren elastischen Bund, Seitentaschen und eine Ges\u00e4\u00dftasche, hergestellt aus recycelter Baumwolle und Polyester f\u00fcr komfortable Nutzung.","nl":"De short jersey recycl\u00e9 homme heeft een verstelbare elastische tailleband, zij- en achterzakken, gemaakt van katoen en gerecycleerd polyester voor comfortabel gebruik.","es":"El short jersey reciclado hombre presenta una cintura el\u00e1stica ajustable, bolsillos laterales y traseros, en algod\u00f3n y poli\u00e9ster reciclado para un uso c\u00f3modo.","it":"Lo short jersey recycl\u00e9 homme presenta una cintura elastica regolabile, tasche laterali e posteriori, in cotone e poliestere riciclato per un utilizzo confortevole.","sv":"Recycled jersey shorts men has an adjustable elastic waistband, side and back pockets, made of recycled cotton and polyester for comfortable use.","pt":"O short jersey reciclado masculino apresenta um c\u00f3s el\u00e1stico ajust\u00e1vel, bolsos laterais e traseiro, em algod\u00e3o e poli\u00e9ster reciclado para uso confort\u00e1vel.","da":"short jersey recycl\u00e9 homme har et justerbar elastisk talje, sidelommer og baglomme, i bomuld og genanvendt polyester for komfortabel brug.","pl":"short jersey recycl\u00e9 homme ma elastyczny, regulowany pas, boczne i tylne kieszenie, wykonany z bawe\u0142ny i poliestru pochodz\u0105cego z recyklingu dla wygodnego u\u017cytku."}},"custom":{"title":{"fr":"Short jersey WOMBAT wb901 homme personnalisable","en":"Short jersey WOMBAT wb901 men's customizable","de":"Short jersey WOMBAT wb901 homme personnalisable","nl":"Short jersey WOMBAT wb901 heren aanpasbaar","es":"Short jersey WOMBAT wb901 hombre personalizable","it":"Short jersey WOMBAT wb901 uomo personalizzabile","sv":"Short jersey WOMBAT wb901 homme personnalisable","pt":"Short jersey WOMBAT wb901 homem personaliz\u00e1vel","da":"Short jersey WOMBAT wb901 herre tilpasselig","pl":"Short jersey WOMBAT wb901 homme personnalisable"},"description":{"fr":"Le short jersey recycl\u00e9 homme combine coton et polyester recycl\u00e9 pour un textile doux au toucher. Il dispose d'une ceinture \u00e9lastiqu\u00e9e avec cordon serrage tubulaire et de plusieurs poches pour le rangement. La doublure int\u00e9rieure est en molleton non gratt\u00e9. Composition : 75 % coton, 25 % polyester recycl\u00e9.\n\n- Composition coton et polyester recycl\u00e9\n- Ceinture \u00e9lastiqu\u00e9e avec cordon tubulaire\n- Deux poches lat\u00e9rales, une poche arri\u00e8re\n- Personnalisable selon besoins","en":"The men's recycled jersey shorts combine cotton and recycled polyester for a soft-to-the-touch fabric. It features an elastic waistband with tubular drawstring and multiple pockets for storage. The inner lining is made of non-brushed fleece. Composition: 75% cotton, 25% recycled polyester.\n\n- Cotton and recycled polyester composition\n- Elastic waistband with tubular drawstring\n- Two side pockets, one back pocket\n- Customizable according to needs","de":"Der short jersey recycl\u00e9 homme kombiniert Baumwolle und recyceltes Polyester f\u00fcr ein weiches Textilgef\u00fchl. Er verf\u00fcgt \u00fcber einen elastischen Bund mit rohrf\u00f6rmigem Kordelzug und mehrere Taschen zur Aufbewahrung. Das Innenfutter besteht aus ungeborstenem N\u00e4hfleece. Zusammensetzung : 75 % Baumwolle, 25 % recyceltes Polyester.\n\n- Zusammensetzung Baumwolle und recyceltes Polyester\n- Elastischer Bund mit rohrf\u00f6rmigem Kordelzug\n- Zwei Seitentaschen, eine Ges\u00e4\u00dftasche\n- Personalisierbar nach Bedarf","nl":"De short jersey gerecycled heren combineert katoen en gerecycled polyester voor een zachte textuur. Het heeft een elastische tailleband met een verstelbare koord en meerdere zakken voor opbergen. De binnenvoering is van ongeborsteld fleece. Samenstelling: 75 % katoen, 25 % gerecycled polyester.\n\n- Samenstelling katoen en gerecycled polyester\n- Elastische tailleband met koord\n- Twee zijzakken, een achterzak\n- Aanpasbaar naar behoefte","es":"El short jersey reciclado hombre combina algod\u00f3n y poli\u00e9ster reciclado para un tejido suave al tacto. Dispone de una cinturilla el\u00e1stica con cord\u00f3n tubular y varios bolsillos para almacenamiento. El forro interior es de felpa no afelpada. Composici\u00f3n: 75 % algod\u00f3n, 25 % poli\u00e9ster reciclado.\n\n- Composici\u00f3n algod\u00f3n y poli\u00e9ster reciclado\n- Cinturilla el\u00e1stica con cord\u00f3n tubular\n- Dos bolsillos laterales, un bolsillo trasero\n- Personalizable seg\u00fan necesidades","it":"Il short jersey riciclato uomo combina cotone e poliestere riciclato per un tessuto morbido al tatto. Dispone di una cintura elastica con cordino tubolare e di diverse tasche per riporre. La fodera interna \u00e8 in felpa non spazzolata. Composizione: 75% cotone, 25% poliestere riciclato.\n\n- Composizione cotone e poliestere riciclato\n- Cintura elastica con cordino tubolare\n- Due tasche laterali, una tasca posteriore\n- Personalizzabile secondo le esigenze","sv":"Short jersey recycl\u00e9 homme kombinerar bomull och \u00e5tervunnen polyester f\u00f6r ett mjukt tyg. Den har ett res\u00e5rband med justerbar tubul\u00e4r dragsko och flera fickor f\u00f6r f\u00f6rvaring. Innerfodret \u00e4r i oborstad fleece. Sammans\u00e4ttning: 75 % bomull, 25 % \u00e5tervunnen polyester.\n\n- Sammans\u00e4ttning bomull och \u00e5tervunnen polyester\n- Res\u00e5rband med tubul\u00e4r dragsko\n- Tv\u00e5 sidfickor, en bakficka\n- Anpassningsbar efter behov","pt":"O short jersey reciclado masculino combina algod\u00e3o e poli\u00e9ster reciclado para um tecido macio ao toque. Apresenta uma cintura el\u00e1stica com cord\u00e3o tubular de aperto e v\u00e1rios bolsos para armazenamento. O forro interno \u00e9 de moletom n\u00e3o escovado. Composi\u00e7\u00e3o: 75 % algod\u00e3o, 25 % poli\u00e9ster reciclado.\n\n- Composi\u00e7\u00e3o algod\u00e3o e poli\u00e9ster reciclado\n- Cintura el\u00e1stica com cord\u00e3o tubular\n- Dois bolsos laterais, um bolso traseiro\n- Personaliz\u00e1vel conforme necessidades","da":"short jersey genanvendt herre kombinerer bomuld og genanvendt polyester for en bl\u00f8d tekstilf\u00f8lelse. Den har elastikb\u00e5nd med r\u00f8rformet sn\u00f8re og flere lommer til opbevaring. Indvendig foring er uforet fleece. Sammens\u00e6tning: 75 % bomuld, 25 % genanvendt polyester.\n\n- Sammens\u00e6tning bomuld og genanvendt polyester\n- Elastikb\u00e5nd med r\u00f8rformet sn\u00f8re\n- To sidelommer, en baglomme\n- Tilpasselig efter behov","pl":"short jersey recycl\u00e9 homme \u0142\u0105czy bawe\u0142n\u0119 i poliester z recyklingu dla mi\u0119kkiej w dotyku tkaniny. Posiada elastyczny pas z tubularnym sznurkiem \u015bci\u0105gaj\u0105cym oraz kilka kieszeni do przechowywania. Podszewka wewn\u0119trzna z mi\u0119kkiego dzianego polaru. Sk\u0142ad: 75% bawe\u0142na, 25% poliester z recyklingu.\n\n- Sk\u0142ad bawe\u0142na i poliester z recyklingu\n- Elastyczny pas z tubularnym sznurkiem\n- Dwie kieszenie boczne, jedna tylna kiesze\u0144\n- Mo\u017cliwo\u015b\u0107 personalizacji wed\u0142ug potrzeb"},"h1":{"fr":"Short jersey wb901 homme personnalisable","en":"Short jersey wb901 men's customizable","de":"Short jersey wb901 homme personnalisable","nl":"Short jersey wb901 heren aanpasbaar","es":"Short jersey wb901 hombre personalizable","it":"Short jersey wb901 uomo personalizzabile","sv":"Short jersey wb901 homme personnalisable","pt":"Short jersey wb901 homem personaliz\u00e1vel","da":"Short jersey wb901 herre tilpasselig","pl":"Short jersey wb901 homme personnalisable"},"meta_description":{"fr":"Short jersey homme en coton et polyester recycl\u00e9 avec ceinture \u00e9lastiqu\u00e9e ajustable, poches lat\u00e9rales et arri\u00e8re. Confort et personnalisation possibles.","en":"Men's jersey shorts in cotton and recycled polyester with adjustable elastic waistband, side and back pockets. Comfort and customization possible.","de":"Herren Jersey-Shorts aus Baumwolle und recyceltem Polyester mit verstellbarem elastischem Bund, Seitentaschen und Ges\u00e4\u00dftasche. Komfort und Personalisierung m\u00f6glich.","nl":"Short jersey heren van katoen en gerecycled polyester met verstelbare elastische tailleband, zij- en achterzakken. Comfort en aanpassing mogelijk.","es":"Short jersey hombre en algod\u00f3n y poli\u00e9ster reciclado con cinturilla el\u00e1stica ajustable, bolsillos laterales y trasero. Confort y personalizaci\u00f3n posibles.","it":"Short jersey uomo in cotone e poliestere riciclato con cintura elastica regolabile, tasche laterali e posteriori. Comfort e personalizzazione possibili.","sv":"Herrshorts i jersey av bomull och \u00e5tervunnen polyester med justerbart res\u00e5rband i midjan, sidfickor och bakficka. Komfort och anpassning m\u00f6jlig.","pt":"Short jersey masculino em algod\u00e3o e poli\u00e9ster reciclado com cintura el\u00e1stica ajust\u00e1vel, bolsos laterais e traseiros. Conforto e personaliza\u00e7\u00e3o poss\u00edveis.","da":"Short jersey til herre i bomuld og genanvendt polyester med justerbart elastikb\u00e5nd, sidelommer og baglomme. Komfort og tilpasning muligt.","pl":"Short jersey m\u0119ski z bawe\u0142ny i poliestru z recyklingu z regulowanym elastycznym pasem, kieszeniami bocznymi i tyln\u0105. Komfort i mo\u017cliwo\u015b\u0107 personalizacji."}}},"categories":[{"id":76,"name":"Shorts","singular":"Short","is_feminin":false},{"id":498,"name":"Pantalons et shorts","singular":"Pantalon, short","is_feminin":false},{"id":354,"name":"Textile","singular":"Textile","is_feminin":false}],"certifications":[{"id":20,"label":"Amfori BSCI","logo_link":"\/images\/certifications\/20_Amfori_BSCI.jpg","is_marking_compatible":false}],"videos":{"fr":[],"en":[],"de":[],"nl":[],"es":[],"it":[],"sv":[],"pt":[],"da":[],"pl":[]},"main_images":{"miniature":"https:\/\/media.th4.com\/bqj2Rgzujn2JcqCsz5cphykhFmCPjuTHG93Oftj9Mkg\/pr:80\/aHR0cDovL21lZGlhMi5kZXNpZ25wYXJ0bmVyLmZyL2MvcC1ibGFuay1USC8yMTQwMi53ZWJw?v=1764164272","medium":"https:\/\/media.th4.com\/rPyLgUawbt0wYBaDslkPeT_Dq3J131YW2dOuBv-T1rA\/pr:550x550greybg\/aHR0cDovL21lZGlhMi5kZXNpZ25wYXJ0bmVyLmZyL2MvcC1ibGFuay1USC8yMTQwMi53ZWJw?v=1764164272","medium_large":"https:\/\/media.th4.com\/nUuYFbSwLEjESxbdGjuqwr4Z8AKA5VqlrUxBnFoxHWw\/pr:1000x1000greybg\/aHR0cDovL21lZGlhMi5kZXNpZ25wYXJ0bmVyLmZyL2MvcC1ibGFuay1USC8yMTQwMi53ZWJw?v=1764164272","large":"https:\/\/media.th4.com\/BnmK1f_Q6_p3TEHfmyBwnaxZQrOMnzrci8EYQNIFIl8\/pr:1920greybg\/aHR0cDovL21lZGlhMi5kZXNpZ25wYXJ0bmVyLmZyL2MvcC1ibGFuay1USC8yMTQwMi53ZWJw?v=1764164272","opengraph":"https:\/\/media.th4.com\/7PrgFHcovDi-PjXrkQYHem3EEPtBBZWJO-PwY8B-qK8\/pr:1200x630greybg\/aHR0cDovL21lZGlhMi5kZXNpZ25wYXJ0bmVyLmZyL2MvcC1ibGFuay1USC8yMTQwMi53ZWJw?v=1764164272"},"main_images_customization":{"miniature":"https:\/\/media.th4.com\/yYeOUinUJ99d-LzDCmwwhP1_HzkeTCMgKEgM9ILP3Gw\/pr:80\/aHR0cDovL21lZGlhMi5kZXNpZ25wYXJ0bmVyLmZyL2MvcC1jdXN0b20tVEgvMjE0MDIud2VicA?v=1764164288","medium":"https:\/\/media.th4.com\/pCLYWc6AK64yYJxoKqyVayl0514-nu2uGuE_qspZvls\/pr:550x550greybg\/aHR0cDovL21lZGlhMi5kZXNpZ25wYXJ0bmVyLmZyL2MvcC1jdXN0b20tVEgvMjE0MDIud2VicA?v=1764164288","medium_large":"https:\/\/media.th4.com\/2HrmtJfVcMU-oQ9IKGtjWvukOYmqKLmEW_ivkqtEzFE\/pr:1000x1000greybg\/aHR0cDovL21lZGlhMi5kZXNpZ25wYXJ0bmVyLmZyL2MvcC1jdXN0b20tVEgvMjE0MDIud2VicA?v=1764164288","large":"https:\/\/media.th4.com\/iHfhuEsGehL6xgmuNqsDL2I9BgEuYqp0oP-_hzfSUiE\/pr:1920greybg\/aHR0cDovL21lZGlhMi5kZXNpZ25wYXJ0bmVyLmZyL2MvcC1jdXN0b20tVEgvMjE0MDIud2VicA?v=1764164288","opengraph":"https:\/\/media.th4.com\/jgNe-A6nmHLDWZxModwwZIvJubk7rsZkhAYJS4blKBI\/pr:1200x630greybg\/aHR0cDovL21lZGlhMi5kZXNpZ25wYXJ0bmVyLmZyL2MvcC1jdXN0b20tVEgvMjE0MDIud2VicA?v=1764164288"},"page_links":{"fr":"\/fr\/p-wo-wb901-short-jersey-wb901-21402\/","en":"\/en\/p-wo-wb901-short-jersey-wb901-21402\/","de":"\/de\/p-wo-wb901-short-jersey-wb901-21402\/","nl":"\/nl\/p-wo-wb901-short-jersey-wb901-21402\/","es":"\/es\/p-wo-wb901-short-jersey-wb901-21402\/","it":"\/it\/p-wo-wb901-short-jersey-wb901-21402\/","sv":"\/sv\/p-wo-wb901-short-jersey-wb901-21402\/","pt":"\/pt\/p-wo-wb901-short-jersey-wb901-21402\/","da":"\/da\/p-wo-wb901-short-jersey-wb901-21402\/","pl":"\/pl\/p-wo-wb901-short-jersey-wb901-21402\/"},"page_links_customization":{"fr":"\/fr\/p-wo-wb901-short-jersey-wb901-homme-personnalisable-21402\/custom\/","en":"\/en\/p-wo-wb901-short-jersey-wb901-mens-customizable-21402\/custom\/","de":"\/de\/p-wo-wb901-short-jersey-wb901-homme-personnalisable-21402\/custom\/","nl":"\/nl\/p-wo-wb901-short-jersey-wb901-heren-aanpasbaar-21402\/custom\/","es":"\/es\/p-wo-wb901-short-jersey-wb901-hombre-personalizable-21402\/custom\/","it":"\/it\/p-wo-wb901-short-jersey-wb901-uomo-personalizzabile-21402\/custom\/","sv":"\/sv\/p-wo-wb901-short-jersey-wb901-homme-personnalisable-21402\/custom\/","pt":"\/pt\/p-wo-wb901-short-jersey-wb901-homem-personalizavel-21402\/custom\/","da":"\/da\/p-wo-wb901-short-jersey-wb901-herre-tilpasselig-21402\/custom\/","pl":"\/pl\/p-wo-wb901-short-jersey-wb901-homme-personnalisable-21402\/custom\/"},"equivalent_products":[],"colors":[{"id":24921,"name":"heather_grey_melange","class_ids":[3],"codes_hexa":["C5C6CC"],"delai_24":false,"has_3d":false,"seuil_global":0,"stock_local":0,"stock_global":1670,"on_standby":false,"in_catalog":true,"images":{"miniature":["https:\/\/media.th4.com\/_IY4LPwvwbttpce4jz4ycdCyf5tXDeqfHmMMTDD4ydg\/pr:80\/aHR0cDovL21lZGlhMi5kZXNpZ25wYXJ0bmVyLmZyL2MvcC8yMTQwMi8yMTQwMi0yNDkyMS0xLndlYnA?v=1764164222"],"medium":["https:\/\/media.th4.com\/BsdKjR6VVuf74EVgzeNHHPwAROHq015Rug0Qj6P3nNc\/pr:550x550\/aHR0cDovL21lZGlhMi5kZXNpZ25wYXJ0bmVyLmZyL2MvcC8yMTQwMi8yMTQwMi0yNDkyMS0xLndlYnA?v=1764164222"],"medium_large":["https:\/\/media.th4.com\/mk-0SHcxzsxCFIOj7oOKIzBZdh8d31z7IQBUEPaqdBA\/pr:1000x1000\/aHR0cDovL21lZGlhMi5kZXNpZ25wYXJ0bmVyLmZyL2MvcC8yMTQwMi8yMTQwMi0yNDkyMS0xLndlYnA?v=1764164222"],"large":["https:\/\/media.th4.com\/qvDjNFPGwvGl_Vz20lkxHsc-1dU0ZZXXdChxObV7rRw\/pr:1920\/aHR0cDovL21lZGlhMi5kZXNpZ25wYXJ0bmVyLmZyL2MvcC8yMTQwMi8yMTQwMi0yNDkyMS0xLndlYnA?v=1764164222"],"opengraph":["https:\/\/media.th4.com\/Y-iHCahVttqx-MCv2xPzsrcT_ZJZKnYuidUbgl2Wh0A\/pr:1200x630\/aHR0cDovL21lZGlhMi5kZXNpZ25wYXJ0bmVyLmZyL2MvcC8yMTQwMi8yMTQwMi0yNDkyMS0xLndlYnA?v=1764164222"]},"images_customization":{"miniature":["https:\/\/media.th4.com\/_IY4LPwvwbttpce4jz4ycdCyf5tXDeqfHmMMTDD4ydg\/pr:80\/aHR0cDovL21lZGlhMi5kZXNpZ25wYXJ0bmVyLmZyL2MvcC8yMTQwMi8yMTQwMi0yNDkyMS0xLndlYnA?v=1764164222"],"medium":["https:\/\/media.th4.com\/BsdKjR6VVuf74EVgzeNHHPwAROHq015Rug0Qj6P3nNc\/pr:550x550\/aHR0cDovL21lZGlhMi5kZXNpZ25wYXJ0bmVyLmZyL2MvcC8yMTQwMi8yMTQwMi0yNDkyMS0xLndlYnA?v=1764164222"],"medium_large":["https:\/\/media.th4.com\/mk-0SHcxzsxCFIOj7oOKIzBZdh8d31z7IQBUEPaqdBA\/pr:1000x1000\/aHR0cDovL21lZGlhMi5kZXNpZ25wYXJ0bmVyLmZyL2MvcC8yMTQwMi8yMTQwMi0yNDkyMS0xLndlYnA?v=1764164222"],"large":["https:\/\/media.th4.com\/qvDjNFPGwvGl_Vz20lkxHsc-1dU0ZZXXdChxObV7rRw\/pr:1920\/aHR0cDovL21lZGlhMi5kZXNpZ25wYXJ0bmVyLmZyL2MvcC8yMTQwMi8yMTQwMi0yNDkyMS0xLndlYnA?v=1764164222"],"opengraph":["https:\/\/media.th4.com\/Y-iHCahVttqx-MCv2xPzsrcT_ZJZKnYuidUbgl2Wh0A\/pr:1200x630\/aHR0cDovL21lZGlhMi5kZXNpZ25wYXJ0bmVyLmZyL2MvcC8yMTQwMi8yMTQwMi0yNDkyMS0xLndlYnA?v=1764164222"]},"country_origin":"BD","traceability":{"manufacturing_country_id":null,"weaving_country_id":null,"dyeing_country_id":null},"sizes":[{"id":3,"article_id":527850,"class_id":3,"name":"S","on_standby":false,"stock_local":0,"stock_global":219,"multiple":1,"estimated_date_reassort":null,"is_destocking":false},{"id":2,"article_id":527849,"class_id":4,"name":"M","on_standby":false,"stock_local":0,"stock_global":558,"multiple":1,"estimated_date_reassort":null,"is_destocking":false},{"id":1,"article_id":527848,"class_id":5,"name":"L","on_standby":false,"stock_local":0,"stock_global":581,"multiple":1,"estimated_date_reassort":null,"is_destocking":false},{"id":4,"article_id":527851,"class_id":6,"name":"XL","on_standby":false,"stock_local":0,"stock_global":236,"multiple":1,"estimated_date_reassort":null,"is_destocking":false},{"id":1116,"article_id":527847,"class_id":7,"name":"2XL","on_standby":false,"stock_local":0,"stock_global":76,"multiple":1,"estimated_date_reassort":null,"is_destocking":false}],"page_links":{"fr":"\/fr\/p-wo-wb901-short-jersey-wb901-21402\/heather-grey-melange-24921\/","en":"\/en\/p-wo-wb901-short-jersey-wb901-21402\/heather-grey-melange-24921\/","de":"\/de\/p-wo-wb901-short-jersey-wb901-21402\/heather-grey-melange-24921\/","nl":"\/nl\/p-wo-wb901-short-jersey-wb901-21402\/heather-grey-melange-24921\/","es":"\/es\/p-wo-wb901-short-jersey-wb901-21402\/heather-grey-melange-24921\/","it":"\/it\/p-wo-wb901-short-jersey-wb901-21402\/heather-grey-melange-24921\/","sv":"\/sv\/p-wo-wb901-short-jersey-wb901-21402\/heather-grey-melange-24921\/","pt":"\/pt\/p-wo-wb901-short-jersey-wb901-21402\/heather-grey-melange-24921\/","da":"\/da\/p-wo-wb901-short-jersey-wb901-21402\/heather-grey-melange-24921\/","pl":"\/pl\/p-wo-wb901-short-jersey-wb901-21402\/heather-grey-melange-24921\/"},"page_links_customization":{"fr":"\/fr\/p-wo-wb901-short-jersey-wb901-homme-personnalisable-21402\/heather-grey-melange-24921\/custom\/","en":"\/en\/p-wo-wb901-short-jersey-wb901-mens-customizable-21402\/heather-grey-melange-24921\/custom\/","de":"\/de\/p-wo-wb901-short-jersey-wb901-homme-personnalisable-21402\/heather-grey-melange-24921\/custom\/","nl":"\/nl\/p-wo-wb901-short-jersey-wb901-heren-aanpasbaar-21402\/heather-grey-melange-24921\/custom\/","es":"\/es\/p-wo-wb901-short-jersey-wb901-hombre-personalizable-21402\/heather-grey-melange-24921\/custom\/","it":"\/it\/p-wo-wb901-short-jersey-wb901-uomo-personalizzabile-21402\/heather-grey-melange-24921\/custom\/","sv":"\/sv\/p-wo-wb901-short-jersey-wb901-homme-personnalisable-21402\/heather-grey-melange-24921\/custom\/","pt":"\/pt\/p-wo-wb901-short-jersey-wb901-homem-personalizavel-21402\/heather-grey-melange-24921\/custom\/","da":"\/da\/p-wo-wb901-short-jersey-wb901-herre-tilpasselig-21402\/heather-grey-melange-24921\/custom\/","pl":"\/pl\/p-wo-wb901-short-jersey-wb901-homme-personnalisable-21402\/heather-grey-melange-24921\/custom\/"}},{"id":24920,"name":"black","class_ids":[4],"codes_hexa":["2A2A2A"],"delai_24":false,"has_3d":false,"seuil_global":0,"stock_local":0,"stock_global":1228,"on_standby":false,"in_catalog":true,"images":{"miniature":["https:\/\/media.th4.com\/d8ob1xWRystISwW0MUr9lQILkvLmDW2ZJEtp1KyjEQY\/pr:80\/aHR0cDovL21lZGlhMi5kZXNpZ25wYXJ0bmVyLmZyL2MvcC8yMTQwMi8yMTQwMi0yNDkyMC0xLndlYnA?v=1764164220","https:\/\/media.th4.com\/mm9s5s8rWo3KAU2R2MSRfZBoK6jn_6W0mmViewCuQl4\/pr:80\/aHR0cDovL21lZGlhMi5kZXNpZ25wYXJ0bmVyLmZyL2MvcC8yMTQwMi8yMTQwMi0yNDkyMC0yLndlYnA?v=1764164221","https:\/\/media.th4.com\/3CKLHcfCdtDtSH3zWtFirEzghQKpB2pFH1sb9qmvqc0\/pr:80\/aHR0cDovL21lZGlhMi5kZXNpZ25wYXJ0bmVyLmZyL2MvcC8yMTQwMi8yMTQwMi0yNDkyMC00LndlYnA?v=1764164221"],"medium":["https:\/\/media.th4.com\/QNfT6_uNmN8ZFagV0UUnnTTJF2OOMj2Vae2pq4nUs2Q\/pr:550x550\/aHR0cDovL21lZGlhMi5kZXNpZ25wYXJ0bmVyLmZyL2MvcC8yMTQwMi8yMTQwMi0yNDkyMC0xLndlYnA?v=1764164220","https:\/\/media.th4.com\/AKuSnWsZi5pwtkQi8TKP_l55kI_5r2d9I5tlR_WwaLs\/pr:550x550\/aHR0cDovL21lZGlhMi5kZXNpZ25wYXJ0bmVyLmZyL2MvcC8yMTQwMi8yMTQwMi0yNDkyMC0yLndlYnA?v=1764164221","https:\/\/media.th4.com\/ULGkc7w6g6-0zy1o_ztrPPHAGvjJtQfJEcIcvxqomg0\/pr:550x550\/aHR0cDovL21lZGlhMi5kZXNpZ25wYXJ0bmVyLmZyL2MvcC8yMTQwMi8yMTQwMi0yNDkyMC00LndlYnA?v=1764164221"],"medium_large":["https:\/\/media.th4.com\/fdQvp3sySE6b2wMGHLcoADYLsyICmBNYQ0y15gVQuwM\/pr:1000x1000\/aHR0cDovL21lZGlhMi5kZXNpZ25wYXJ0bmVyLmZyL2MvcC8yMTQwMi8yMTQwMi0yNDkyMC0xLndlYnA?v=1764164220","https:\/\/media.th4.com\/qoBt3d1VfarGsk4pQHGqQZOwspqiHwgkbqdoSzO3cCY\/pr:1000x1000\/aHR0cDovL21lZGlhMi5kZXNpZ25wYXJ0bmVyLmZyL2MvcC8yMTQwMi8yMTQwMi0yNDkyMC0yLndlYnA?v=1764164221","https:\/\/media.th4.com\/Xx3KAKulCKtmdBW0e-lZqPlNx3T9ns-VfK7GjFF4PwM\/pr:1000x1000\/aHR0cDovL21lZGlhMi5kZXNpZ25wYXJ0bmVyLmZyL2MvcC8yMTQwMi8yMTQwMi0yNDkyMC00LndlYnA?v=1764164221"],"large":["https:\/\/media.th4.com\/uJqDpwpXLa-OwRD_pi8zzSeKmcGeZxv9_mbJziy5_Ig\/pr:1920\/aHR0cDovL21lZGlhMi5kZXNpZ25wYXJ0bmVyLmZyL2MvcC8yMTQwMi8yMTQwMi0yNDkyMC0xLndlYnA?v=1764164220","https:\/\/media.th4.com\/P-IE5vUUgVbxJGlJ8a3_bk0Baje6PrleYLTfc8B9PYU\/pr:1920\/aHR0cDovL21lZGlhMi5kZXNpZ25wYXJ0bmVyLmZyL2MvcC8yMTQwMi8yMTQwMi0yNDkyMC0yLndlYnA?v=1764164221","https:\/\/media.th4.com\/e4PjV9M9TVyIIOqUeLWOschYrHuJrgA2D3W0SRPVxt4\/pr:1920\/aHR0cDovL21lZGlhMi5kZXNpZ25wYXJ0bmVyLmZyL2MvcC8yMTQwMi8yMTQwMi0yNDkyMC00LndlYnA?v=1764164221"],"opengraph":["https:\/\/media.th4.com\/VJktLnVFgPPIAiEG23L09wbcOJnpqo0-9yZ0wFvEWKQ\/pr:1200x630\/aHR0cDovL21lZGlhMi5kZXNpZ25wYXJ0bmVyLmZyL2MvcC8yMTQwMi8yMTQwMi0yNDkyMC0xLndlYnA?v=1764164220","https:\/\/media.th4.com\/3vxvLssojswHSm7WJFpve8FswzhA_MR5_lyhknHjMg8\/pr:1200x630\/aHR0cDovL21lZGlhMi5kZXNpZ25wYXJ0bmVyLmZyL2MvcC8yMTQwMi8yMTQwMi0yNDkyMC0yLndlYnA?v=1764164221","https:\/\/media.th4.com\/GfuIC5KbJ1ZtSMumowV10V5U9lWncTT0U35LwhlYnj4\/pr:1200x630\/aHR0cDovL21lZGlhMi5kZXNpZ25wYXJ0bmVyLmZyL2MvcC8yMTQwMi8yMTQwMi0yNDkyMC00LndlYnA?v=1764164221"]},"images_customization":{"miniature":["https:\/\/media.th4.com\/d8ob1xWRystISwW0MUr9lQILkvLmDW2ZJEtp1KyjEQY\/pr:80\/aHR0cDovL21lZGlhMi5kZXNpZ25wYXJ0bmVyLmZyL2MvcC8yMTQwMi8yMTQwMi0yNDkyMC0xLndlYnA?v=1764164220","https:\/\/media.th4.com\/mm9s5s8rWo3KAU2R2MSRfZBoK6jn_6W0mmViewCuQl4\/pr:80\/aHR0cDovL21lZGlhMi5kZXNpZ25wYXJ0bmVyLmZyL2MvcC8yMTQwMi8yMTQwMi0yNDkyMC0yLndlYnA?v=1764164221","https:\/\/media.th4.com\/3CKLHcfCdtDtSH3zWtFirEzghQKpB2pFH1sb9qmvqc0\/pr:80\/aHR0cDovL21lZGlhMi5kZXNpZ25wYXJ0bmVyLmZyL2MvcC8yMTQwMi8yMTQwMi0yNDkyMC00LndlYnA?v=1764164221"],"medium":["https:\/\/media.th4.com\/QNfT6_uNmN8ZFagV0UUnnTTJF2OOMj2Vae2pq4nUs2Q\/pr:550x550\/aHR0cDovL21lZGlhMi5kZXNpZ25wYXJ0bmVyLmZyL2MvcC8yMTQwMi8yMTQwMi0yNDkyMC0xLndlYnA?v=1764164220","https:\/\/media.th4.com\/AKuSnWsZi5pwtkQi8TKP_l55kI_5r2d9I5tlR_WwaLs\/pr:550x550\/aHR0cDovL21lZGlhMi5kZXNpZ25wYXJ0bmVyLmZyL2MvcC8yMTQwMi8yMTQwMi0yNDkyMC0yLndlYnA?v=1764164221","https:\/\/media.th4.com\/ULGkc7w6g6-0zy1o_ztrPPHAGvjJtQfJEcIcvxqomg0\/pr:550x550\/aHR0cDovL21lZGlhMi5kZXNpZ25wYXJ0bmVyLmZyL2MvcC8yMTQwMi8yMTQwMi0yNDkyMC00LndlYnA?v=1764164221"],"medium_large":["https:\/\/media.th4.com\/fdQvp3sySE6b2wMGHLcoADYLsyICmBNYQ0y15gVQuwM\/pr:1000x1000\/aHR0cDovL21lZGlhMi5kZXNpZ25wYXJ0bmVyLmZyL2MvcC8yMTQwMi8yMTQwMi0yNDkyMC0xLndlYnA?v=1764164220","https:\/\/media.th4.com\/qoBt3d1VfarGsk4pQHGqQZOwspqiHwgkbqdoSzO3cCY\/pr:1000x1000\/aHR0cDovL21lZGlhMi5kZXNpZ25wYXJ0bmVyLmZyL2MvcC8yMTQwMi8yMTQwMi0yNDkyMC0yLndlYnA?v=1764164221","https:\/\/media.th4.com\/Xx3KAKulCKtmdBW0e-lZqPlNx3T9ns-VfK7GjFF4PwM\/pr:1000x1000\/aHR0cDovL21lZGlhMi5kZXNpZ25wYXJ0bmVyLmZyL2MvcC8yMTQwMi8yMTQwMi0yNDkyMC00LndlYnA?v=1764164221"],"large":["https:\/\/media.th4.com\/uJqDpwpXLa-OwRD_pi8zzSeKmcGeZxv9_mbJziy5_Ig\/pr:1920\/aHR0cDovL21lZGlhMi5kZXNpZ25wYXJ0bmVyLmZyL2MvcC8yMTQwMi8yMTQwMi0yNDkyMC0xLndlYnA?v=1764164220","https:\/\/media.th4.com\/P-IE5vUUgVbxJGlJ8a3_bk0Baje6PrleYLTfc8B9PYU\/pr:1920\/aHR0cDovL21lZGlhMi5kZXNpZ25wYXJ0bmVyLmZyL2MvcC8yMTQwMi8yMTQwMi0yNDkyMC0yLndlYnA?v=1764164221","https:\/\/media.th4.com\/e4PjV9M9TVyIIOqUeLWOschYrHuJrgA2D3W0SRPVxt4\/pr:1920\/aHR0cDovL21lZGlhMi5kZXNpZ25wYXJ0bmVyLmZyL2MvcC8yMTQwMi8yMTQwMi0yNDkyMC00LndlYnA?v=1764164221"],"opengraph":["https:\/\/media.th4.com\/VJktLnVFgPPIAiEG23L09wbcOJnpqo0-9yZ0wFvEWKQ\/pr:1200x630\/aHR0cDovL21lZGlhMi5kZXNpZ25wYXJ0bmVyLmZyL2MvcC8yMTQwMi8yMTQwMi0yNDkyMC0xLndlYnA?v=1764164220","https:\/\/media.th4.com\/3vxvLssojswHSm7WJFpve8FswzhA_MR5_lyhknHjMg8\/pr:1200x630\/aHR0cDovL21lZGlhMi5kZXNpZ25wYXJ0bmVyLmZyL2MvcC8yMTQwMi8yMTQwMi0yNDkyMC0yLndlYnA?v=1764164221","https:\/\/media.th4.com\/GfuIC5KbJ1ZtSMumowV10V5U9lWncTT0U35LwhlYnj4\/pr:1200x630\/aHR0cDovL21lZGlhMi5kZXNpZ25wYXJ0bmVyLmZyL2MvcC8yMTQwMi8yMTQwMi0yNDkyMC00LndlYnA?v=1764164221"]},"country_origin":"BD","traceability":{"manufacturing_country_id":null,"weaving_country_id":null,"dyeing_country_id":null},"sizes":[{"id":3,"article_id":527845,"class_id":3,"name":"S","on_standby":false,"stock_local":0,"stock_global":154,"multiple":1,"estimated_date_reassort":null,"is_destocking":false},{"id":2,"article_id":527844,"class_id":4,"name":"M","on_standby":false,"stock_local":0,"stock_global":464,"multiple":1,"estimated_date_reassort":null,"is_destocking":false},{"id":1,"article_id":527843,"class_id":5,"name":"L","on_standby":false,"stock_local":0,"stock_global":435,"multiple":1,"estimated_date_reassort":null,"is_destocking":false},{"id":4,"article_id":527846,"class_id":6,"name":"XL","on_standby":false,"stock_local":0,"stock_global":131,"multiple":1,"estimated_date_reassort":null,"is_destocking":false},{"id":1116,"article_id":527842,"class_id":7,"name":"2XL","on_standby":false,"stock_local":0,"stock_global":44,"multiple":1,"estimated_date_reassort":null,"is_destocking":false}],"page_links":{"fr":"\/fr\/p-wo-wb901-short-jersey-wb901-21402\/black-24920\/","en":"\/en\/p-wo-wb901-short-jersey-wb901-21402\/black-24920\/","de":"\/de\/p-wo-wb901-short-jersey-wb901-21402\/black-24920\/","nl":"\/nl\/p-wo-wb901-short-jersey-wb901-21402\/black-24920\/","es":"\/es\/p-wo-wb901-short-jersey-wb901-21402\/black-24920\/","it":"\/it\/p-wo-wb901-short-jersey-wb901-21402\/black-24920\/","sv":"\/sv\/p-wo-wb901-short-jersey-wb901-21402\/black-24920\/","pt":"\/pt\/p-wo-wb901-short-jersey-wb901-21402\/black-24920\/","da":"\/da\/p-wo-wb901-short-jersey-wb901-21402\/black-24920\/","pl":"\/pl\/p-wo-wb901-short-jersey-wb901-21402\/black-24920\/"},"page_links_customization":{"fr":"\/fr\/p-wo-wb901-short-jersey-wb901-homme-personnalisable-21402\/black-24920\/custom\/","en":"\/en\/p-wo-wb901-short-jersey-wb901-mens-customizable-21402\/black-24920\/custom\/","de":"\/de\/p-wo-wb901-short-jersey-wb901-homme-personnalisable-21402\/black-24920\/custom\/","nl":"\/nl\/p-wo-wb901-short-jersey-wb901-heren-aanpasbaar-21402\/black-24920\/custom\/","es":"\/es\/p-wo-wb901-short-jersey-wb901-hombre-personalizable-21402\/black-24920\/custom\/","it":"\/it\/p-wo-wb901-short-jersey-wb901-uomo-personalizzabile-21402\/black-24920\/custom\/","sv":"\/sv\/p-wo-wb901-short-jersey-wb901-homme-personnalisable-21402\/black-24920\/custom\/","pt":"\/pt\/p-wo-wb901-short-jersey-wb901-homem-personalizavel-21402\/black-24920\/custom\/","da":"\/da\/p-wo-wb901-short-jersey-wb901-herre-tilpasselig-21402\/black-24920\/custom\/","pl":"\/pl\/p-wo-wb901-short-jersey-wb901-homme-personnalisable-21402\/black-24920\/custom\/"}}],"documentation_link":"\/pdf\/21402.pdf","countries_availables":["AD","AE","AL","AT","BA","BD","BE","BG","BL","CA","CH","CN","CO","CY","CZ","DE","DK","DO","EE","EG","ES","ET","FI","FR","GB","GE","GF","GP","GR","GT","HK","HN","HR","HT","HU","ID","IE","IN","IS","IT","JO","JP","KE","KH","KP","KR","LA","LK","LS","LT","LU","LV","MA","MF","MG","MK","MM","MN","MQ","MT","MX","MY","NC","NI","NL","PF","PH","PK","PL","PM","PT","RE","RO","SE","SG","SI","SK","SV","SY","TH","TN","TR","TW","TZ","US","VN","WF","YT"]},"infos_customization":[],"features":{"authorize_multi_surfaces":true,"display_order_delay_type":true,"promote_surface_display":true,"tarification_franco_offert":true,"enabled_3d_editor":false},"markings":[{"id":0,"nom":"vierge","finition":null,"libelle":null,"code":null,"dpi":null,"finesse_forme_isolee":null,"finesse_forme_non_isolee":null,"hauteur_minimale_texte":null,"inactif":0,"marquage_interne":1,"quantite_min":null,"parent_id":null,"print_on_support":0,"content":"vierge","description":null},{"id":2,"nom":"fonce","finition":"optimale","libelle":"TopQuadri","code":null,"dpi":400,"finesse_forme_isolee":"0.040","finesse_forme_non_isolee":"0.700","hauteur_minimale_texte":2,"inactif":0,"marquage_interne":1,"quantite_min":null,"parent_id":18,"print_on_support":0,"content":"TopQuadri","description":"pour petites et moyennes s\u00e9ries"},{"id":3,"nom":"serigraphie","finition":"serigraphie","libelle":"SeriCoat","code":null,"dpi":400,"finesse_forme_isolee":"0.040","finesse_forme_non_isolee":"0.700","hauteur_minimale_texte":2,"inactif":0,"marquage_interne":1,"quantite_min":15,"parent_id":18,"print_on_support":0,"content":"SeriCoat","description":"pour moyennes et grandes s\u00e9ries"},{"id":4,"nom":"broderie","finition":"broderie","libelle":"Broderie","code":null,"dpi":400,"finesse_forme_isolee":"0.040","finesse_forme_non_isolee":"0.700","hauteur_minimale_texte":3,"inactif":0,"marquage_interne":1,"quantite_min":null,"parent_id":null,"print_on_support":0,"content":"Broderie","description":null},{"id":8,"nom":"theme","finition":null,"libelle":"Th\u00e8me","code":null,"dpi":null,"finesse_forme_isolee":null,"finesse_forme_non_isolee":null,"hauteur_minimale_texte":null,"inactif":0,"marquage_interne":1,"quantite_min":null,"parent_id":null,"print_on_support":0,"content":"Th\u00e8me","description":null},{"id":9,"nom":"sans","finition":null,"libelle":null,"code":null,"dpi":null,"finesse_forme_isolee":null,"finesse_forme_non_isolee":null,"hauteur_minimale_texte":null,"inactif":0,"marquage_interne":1,"quantite_min":null,"parent_id":null,"print_on_support":0,"content":"sans","description":null},{"id":10,"nom":"photo","finition":null,"libelle":"Photo","code":null,"dpi":null,"finesse_forme_isolee":null,"finesse_forme_non_isolee":null,"hauteur_minimale_texte":null,"inactif":0,"marquage_interne":1,"quantite_min":null,"parent_id":null,"print_on_support":0,"content":"Photo","description":null},{"id":14,"nom":"couleur","finition":null,"libelle":"Couleur","code":null,"dpi":null,"finesse_forme_isolee":null,"finesse_forme_non_isolee":null,"hauteur_minimale_texte":null,"inactif":0,"marquage_interne":1,"quantite_min":null,"parent_id":null,"print_on_support":0,"content":"Couleur","description":null},{"id":15,"nom":"sublimation","finition":"sublimation","libelle":"Sublimation","code":null,"dpi":null,"finesse_forme_isolee":"0.000","finesse_forme_non_isolee":"0.000","hauteur_minimale_texte":2,"inactif":0,"marquage_interne":1,"quantite_min":null,"parent_id":null,"print_on_support":0,"content":"Sublimation","description":null},{"id":16,"nom":"topquadri_uv","finition":null,"libelle":"TopQuadri UV","code":null,"dpi":null,"finesse_forme_isolee":"0.020","finesse_forme_non_isolee":"0.700","hauteur_minimale_texte":2,"inactif":0,"marquage_interne":1,"quantite_min":null,"parent_id":null,"print_on_support":1,"content":null,"description":null},{"id":17,"nom":"topquadri_uvp","finition":null,"libelle":"TopQuadri UVP","code":null,"dpi":null,"finesse_forme_isolee":"0.020","finesse_forme_non_isolee":"0.700","hauteur_minimale_texte":2,"inactif":0,"marquage_interne":1,"quantite_min":null,"parent_id":null,"print_on_support":1,"content":null,"description":null},{"id":18,"nom":"quadri","finition":null,"libelle":"Impression","code":null,"dpi":null,"finesse_forme_isolee":null,"finesse_forme_non_isolee":null,"hauteur_minimale_texte":null,"inactif":0,"marquage_interne":1,"quantite_min":null,"parent_id":null,"print_on_support":0,"content":null,"description":null}]}}