{"data":{"product":{"id":21392,"titre":"Sac cabas en toile de jute","description":"\u00cates-vous pr\u00eat \u00e0 passer \u00e0 la cat\u00e9gorie sup\u00e9rieure ? Disponibles en trois tailles pratiques (petit, moyen et grand), ces sacs en jute offrent beaucoup d'espace pour tous vos essentiels du quotidien. Dimensions : S - Sac : 22 x 26 cm, sangles : 35 cm x 3 cm, M - sac : 27 x 33 cm, sangles : 40 cm x 3 cm, L - sac : 38 x 46 cm, sangles : 60 cm x 4 cm. Composition : panneau central : 100 % jute empi\u00e8cements lat\u00e9raux : 100 % toile de coton recycl\u00e9.","genre":"","grammage":325,"conditionnement":50,"composition":"coton","reference":"nu-rl201","reference_visible":"nu-rl201","reference_fabricant":"RL201","ref_xor":"722389","in_catalog":true,"is_transfer":false,"is_service":false,"on_standby":false,"has_3d":true,"has_size_guide":false,"has_marking":false,"has_vierge":true,"is_cross_sellable":false,"id_picto":124,"filename_3d":"picto-124","brand":{"id":227,"name":"Nutshell","logo":"logo-nutshell.png","image":"https:\/\/media.th4.com\/SnVsJ6pae6-nIbU9v113UprL4ZEuQaUWeLHAC7upkmU\/pr:brand70x70\/aHR0cDovL21lZGlhMi5kZXNpZ25wYXJ0bmVyLmZyL2MvbS9sb2dvLW51dHNoZWxsLnBuZw?v=1706796159"},"price_infos":{"price_from":1.91,"quantity":200,"color":{"id":20560,"name":"natural\/natural"},"size":{"id":3,"name":"S"}},"price_infos_marking":{"price_from":0,"quantity":0,"size":{"id":0,"name":""},"color":{"id":0,"name":""},"marking":{"id":0,"name":""},"emplacement":"","surface":"","surface_emplacement_id":0},"i18n":{"blank":{"title":{"fr":"Sac cabas toile jute Sac shopping NUTSHELL rl201","en":"Sac cabas toile jute Shopping bag NUTSHELL rl201","de":"Sac cabas toile jute Einkaufstasche NUTSHELL rl201","nl":"Sac cabas toile jute Shopper NUTSHELL rl201","es":"Sac cabas toile jute Bolsa de compras NUTSHELL rl201","it":"Sac cabas toile jute Borsa shopping NUTSHELL rl201","sv":"Sac cabas toile jute Shoppingv\u00e4ska NUTSHELL rl201","pt":"Sac cabas toile jute Saco de compras NUTSHELL rl201","da":"Sac cabas toile jute Shoppingtaske NUTSHELL rl201","pl":"Sac cabas toile jute Torba na zakupy NUTSHELL rl201"},"description":{"fr":"Le Sac cabas toile jute convient au transport d\u2019affaires du quotidien. Trois dimensions disponibles selon le volume recherch\u00e9, avec sangles adapt\u00e9es. Panneau central en 100 % jute, avec empi\u00e8cements lat\u00e9raux en 100 % toile coton recycl\u00e9.\n\n- Composition : 100 % jute\n- C\u00f4t\u00e9s : toile coton recycl\u00e9\n- Dimensions : S (22x26cm), M (27x33cm), L (38x46cm)","en":"The Sac cabas toile jute is suitable for carrying everyday items. Three sizes available depending on the required volume, with suitable straps. Central panel in 100% jute, with side inserts in 100% recycled cotton canvas.\n\n- Composition: 100% jute\n- Sides: recycled cotton canvas\n- Size S: 22 x 26 cm\n- Size M\/L: 27 x 33, 38 x 46","de":"Der Sac cabas toile jute eignet sich f\u00fcr den Transport von Alltagsgegenst\u00e4nden. Drei verf\u00fcgbare Gr\u00f6\u00dfen je nach gew\u00fcnschtem Volumen, mit passenden Tragegurten. Mittelteil aus 100 % Jute, mit seitlichen Eins\u00e4tzen aus 100 % recyceltem Baumwoll-Canvas.\n\n- Zusammensetzung: 100 % Jute\n- Seiten: recyceltes Baumwoll-Canvas\n- Ma\u00dfe S: 22 x 26 cm\n- Ma\u00dfe M\/L: 27 x 33, 38 x 46","nl":"De Sac cabas toile jute is geschikt voor het vervoeren van dagelijkse spullen. Drie formaten beschikbaar afhankelijk van het gewenste volume, met passende hengsels. Centraal paneel van 100% jute, met zijstukken van 100% gerecycled katoenen canvas.\n\n- Samenstelling: 100% jute\n- Zijkanten: gerecycled katoenen canvas\n- Afmetingen S: 22 x 26 cm\n- Afmetingen M\/L: 27 x 33, 38 x 46","es":"El Sac cabas toile jute es adecuado para transportar art\u00edculos de uso diario. Tres tama\u00f1os disponibles seg\u00fan el volumen buscado, con asas adecuadas. Panel central de 100 % yute, con piezas laterales de 100 % lona de algod\u00f3n reciclado.\n\n- Composici\u00f3n: 100 % yute\n- Laterales: lona de algod\u00f3n reciclado\n- Dimensiones S: 22 x 26 cm\n- Dimensiones M\/L: 27 x 33, 38 x 46","it":"Il Sac cabas toile jute \u00e8 adatto al trasporto degli oggetti di uso quotidiano. Tre dimensioni disponibili in base al volume desiderato, con manici adeguati. Pannello centrale in 100 % juta, con inserti laterali in 100 % tela di cotone riciclato.\n\n- Composizione: 100 % juta\n- Lati: tela di cotone riciclato\n- Dimensioni S: 22 x 26 cm\n- Dimensioni M\/L: 27 x 33, 38 x 46","sv":"Sac cabas toile jute passar f\u00f6r att transportera vardagliga tillh\u00f6righeter. Tre storlekar tillg\u00e4ngliga beroende p\u00e5 \u00f6nskad volym, med anpassade axelband. Central panel i 100 % jute, med sidopartier i 100 % \u00e5tervunnen bomullscanvas.\n\n- Sammans\u00e4ttning: 100 % jute\n- Sidor: \u00e5tervunnen bomullscanvas\n- M\u00e5tt S: 22 x 26 cm\n- M\u00e5tt M\/L: 27 x 33, 38 x 46","pt":"O Sac cabas toile jute \u00e9 adequado para transportar pertences do dia a dia. Tr\u00eas dimens\u00f5es dispon\u00edveis conforme o volume pretendido, com al\u00e7as adequadas. Painel central em 100 % juta, com pe\u00e7as laterais em 100 % lona de algod\u00e3o reciclado.\n\n- Composi\u00e7\u00e3o: 100 % juta\n- Laterais: lona de algod\u00e3o reciclado\n- Dimens\u00f5es S: 22 x 26 cm\n- Dimens\u00f5es M\/L: 27 x 33, 38 x 46","da":"Sac cabas toile jute egner sig til transport af hverdagens ting. Tre st\u00f8rrelser tilg\u00e6ngelige efter det \u00f8nskede volumen, med tilpassede remme. Centralt panel i 100 % jute, med sideindsatser i 100 % genanvendt bomuldsl\u00e6rred.\n\n- Sammens\u00e6tning: 100 % jute\n- Sider: genanvendt bomuldsl\u00e6rred\n- M\u00e5l S: 22 x 26 cm\n- M\u00e5l M\/L: 27 x 33, 38 x 46","pl":"Sac cabas toile jute nadaje si\u0119 do przenoszenia codziennych rzeczy. Trzy dost\u0119pne rozmiary w zale\u017cno\u015bci od poszukiwanej pojemno\u015bci, z dopasowanymi paskami. Panel centralny w 100% z juty, z bocznymi wstawkami w 100% z tkaniny z recyklingowanej bawe\u0142ny.\\\n\\\n- Sk\u0142ad: 100% juta\\\n- Boki: tkanina z recyklingowanej bawe\u0142ny\\\n- Wymiary S: 22 x 26 cm\\\n- Wymiary M\/L: 27 x 33, 38 x 46"},"h1":{"fr":"Sac cabas toile jute Sac shopping rl201","en":"Sac cabas toile jute Shopping bag rl201","de":"Sac cabas toile jute Einkaufstasche rl201","nl":"Sac cabas toile jute Shopper rl201","es":"Sac cabas toile jute Bolsa de compras rl201","it":"Sac cabas toile jute Borsa shopping rl201","sv":"Sac cabas toile jute Shoppingv\u00e4ska rl201","pt":"Sac cabas toile jute Saco de compras rl201","da":"Sac cabas toile jute Shoppingtaske rl201","pl":"Sac cabas toile jute Torba na zakupy rl201"},"meta_description":{"fr":"Sac cabas toile jute pour les usages du quotidien, avec trois dimensions disponibles et sangles. Panneau central en jute, c\u00f4t\u00e9s en toile coton recycl\u00e9.","en":"Sac cabas toile jute for everyday use, with three available sizes and straps. Central jute panel, sides in recycled cotton canvas.","de":"Sac cabas toile jute f\u00fcr den t\u00e4glichen Gebrauch, mit drei verf\u00fcgbaren Gr\u00f6\u00dfen und Tragegurten. Mittelteil aus Jute, Seiten aus recyceltem Baumwoll-Canvas.","nl":"Sac cabas toile jute voor dagelijks gebruik, met drie beschikbare formaten en hengsels. Centraal paneel van jute, zijkanten van gerecycled katoenen canvas.","es":"Sac cabas toile jute para usos cotidianos, con tres tama\u00f1os disponibles y asas. Panel central de yute, laterales de lona de algod\u00f3n reciclado.","it":"Sac cabas toile jute per l\u2019uso quotidiano, con tre dimensioni disponibili e manici. Pannello centrale in juta, lati in tela di cotone riciclato.","sv":"Sac cabas toile jute f\u00f6r daglig anv\u00e4ndning, med tre tillg\u00e4ngliga storlekar och axelband. Central panel i jute, sidor i \u00e5tervunnen bomullscanvas.","pt":"Sac cabas toile jute para utiliza\u00e7\u00f5es do dia a dia, com tr\u00eas dimens\u00f5es dispon\u00edveis e al\u00e7as. Painel central em juta, laterais em lona de algod\u00e3o reciclado.","da":"Sac cabas toile jute til daglig brug, med tre tilg\u00e6ngelige st\u00f8rrelser og remme. Centralt panel i jute, sider i genanvendt bomuldsl\u00e6rred.","pl":"Sac cabas toile jute do codziennego u\u017cytku, z trzema dost\u0119pnymi rozmiarami i paskami. Panel centralny z juty, boki z tkaniny z recyklingowanej bawe\u0142ny."}},"custom":{"title":{"fr":"Sac cabas toile jute Sac shopping NUTSHELL nu-rl201 personnalisable","en":"Sac cabas toile jute Shopping bag NUTSHELL nu-rl201 customizable","de":"Sac cabas toile jute Einkaufstasche NUTSHELL nu-rl201 personalisierbar","nl":"Sac cabas toile jute Shopper NUTSHELL nu-rl201 personaliseerbaar","es":"Sac cabas toile jute Bolsa de compras NUTSHELL nu-rl201 personalizable","it":"Sac cabas toile jute Borsa shopping NUTSHELL nu-rl201 personalizzabile","sv":"Sac cabas toile jute Shoppingv\u00e4ska NUTSHELL nu-rl201 anpassningsbar","pt":"Sac cabas toile jute Saco de compras NUTSHELL nu-rl201 personaliz\u00e1vel","da":"Sac cabas toile jute Indk\u00f8bstaske NUTSHELL nu-rl201 kan tilpasses","pl":"Sac cabas toile jute Torba zakupowa NUTSHELL nu-rl201 z mo\u017cliwo\u015bci\u0105 personalizacji"},"description":{"fr":"Le sac cabas toile jute convient au transport des essentiels du quotidien, avec un panneau central en 100% jute et des empi\u00e8cements lat\u00e9raux en 100% toile coton recycl\u00e9. Trois dimensions de sac et de sangles sont disponibles selon le format choisi. Personnalisation possible.\n\n- Composition : 100% jute\n- C\u00f4t\u00e9s : coton recycl\u00e9\n- Dimensions : S (22x26cm), M (27x33cm), L (38x46cm)\n- Personnalisation possible","en":"The sac cabas toile jute is suitable for carrying everyday essentials, with a central panel in 100% jute and side panels in 100% recycled cotton canvas. Three bag and strap sizes are available depending on the chosen format. Customization possible.\n\n- Composition: 100% jute\n- Sides: recycled cotton\n- Dimensions: S\/M\/L\n- Customization possible","de":"Der sac cabas toile jute eignet sich f\u00fcr den Transport der wichtigsten Dinge des Alltags, mit einem Mittelpanel aus 100% Jute und seitlichen Eins\u00e4tzen aus 100% recyceltem Baumwoll-Canvas. Drei Taschen- und Henkelgr\u00f6\u00dfen sind je nach gew\u00e4hltem Format verf\u00fcgbar. Personalisierung m\u00f6glich.\n\n- Zusammensetzung: 100% Jute\n- Seiten: recycelte Baumwolle\n- Abmessungen: S\/M\/L\n- Personalisierung m\u00f6glich","nl":"De sac cabas toile jute is geschikt voor het vervoeren van dagelijkse benodigdheden, met een centraal paneel van 100% jute en zijpanelen van 100% gerecyclede katoenen canvas. Drie tasformaten en hengsellengtes zijn beschikbaar, afhankelijk van het gekozen formaat. Personalisatie mogelijk.\n\n- Samenstelling: 100% jute\n- Zijkanten: gerecycled katoen\n- Afmetingen: S\/M\/L\n- Personalisatie mogelijk","es":"El sac cabas toile jute es adecuado para transportar los esenciales del d\u00eda a d\u00eda, con un panel central de 100% yute y paneles laterales de 100% lona de algod\u00f3n reciclado. Hay disponibles tres tama\u00f1os de bolsa y de asas seg\u00fan el formato elegido. Personalizaci\u00f3n posible.\n\n- Composici\u00f3n: 100% yute\n- Laterales: algod\u00f3n reciclado\n- Dimensiones: S\/M\/L\n- Personalizaci\u00f3n posible","it":"Il sac cabas toile jute \u00e8 adatto al trasporto degli essenziali quotidiani, con un pannello centrale in 100% iuta e inserti laterali in 100% tela di cotone riciclato. Sono disponibili tre dimensioni di borsa e di manici in base al formato scelto. Personalizzazione possibile.\n\n- Composizione: 100% iuta\n- Lati: cotone riciclato\n- Dimensioni: S\/M\/L\n- Personalizzazione possibile","sv":"sac cabas toile jute l\u00e4mpar sig f\u00f6r att b\u00e4ra med sig vardagens n\u00f6dv\u00e4ndigheter, med ett centralt panel i 100% jute och sidopartier i 100% \u00e5tervunnen bomullscanvas. Tre storlekar p\u00e5 v\u00e4skan och b\u00e4rremmarna finns beroende p\u00e5 valt format. Anpassning m\u00f6jlig.\n\n- Material: 100% jute\n- Sidor: \u00e5tervunnen bomull\n- M\u00e5tt: S\/M\/L\n- Anpassning m\u00f6jlig","pt":"O sac cabas toile jute \u00e9 adequado para transportar os essenciais do dia a dia, com um painel central em 100% juta e inser\u00e7\u00f5es laterais em 100% lona de algod\u00e3o reciclado. Est\u00e3o dispon\u00edveis tr\u00eas dimens\u00f5es de saco e de al\u00e7as, conforme o formato escolhido. Personaliza\u00e7\u00e3o poss\u00edvel.\n\n- Composi\u00e7\u00e3o: 100% juta\n- Laterais: algod\u00e3o reciclado\n- Dimens\u00f5es: S\/M\/L\n- Personaliza\u00e7\u00e3o poss\u00edvel","da":"Le sac cabas toile jute egnet til transport af hverdagens n\u00f8dvendigheder, med et centralt panel i 100% jute og sideindsatser i 100% genanvendt bomuldsl\u00e6rred. Tre taskest\u00f8rrelser og strop-l\u00e6ngder er tilg\u00e6ngelige afh\u00e6ngigt af det valgte format. Tilpasning mulig.\n\n- Sammens\u00e6tning: 100% jute\n- Sider: genanvendt bomuld\n- M\u00e5l: S\/M\/L\n- Tilpasning mulig","pl":"sac cabas toile jute nadaje si\u0119 do przenoszenia codziennych niezb\u0119dnik\u00f3w, z centralnym panelem w 100% z juty oraz bocznymi wstawkami w 100% z tkaniny z bawe\u0142ny z recyklingu. Dost\u0119pne s\u0105 trzy rozmiary torby i uchwyt\u00f3w, w zale\u017cno\u015bci od wybranego formatu. Mo\u017cliwo\u015b\u0107 personalizacji.\n\n- Sk\u0142ad: 100% juta\n- Boki: bawe\u0142na z recyklingu\n- Wymiary: S\/M\/L\n- Mo\u017cliwo\u015b\u0107 personalizacji"},"h1":{"fr":"Sac cabas toile jute Sac shopping nu-rl201 personnalisable","en":"Sac cabas toile jute Shopping bag nu-rl201 customizable","de":"Sac cabas toile jute Einkaufstasche nu-rl201 personalisierbar","nl":"Sac cabas toile jute Shopper nu-rl201 personaliseerbaar","es":"Sac cabas toile jute Bolsa de compras nu-rl201 personalizable","it":"Sac cabas toile jute Borsa shopping nu-rl201 personalizzabile","sv":"Sac cabas toile jute Shoppingv\u00e4ska nu-rl201 anpassningsbar","pt":"Sac cabas toile jute Saco de compras nu-rl201 personaliz\u00e1vel","da":"Sac cabas toile jute Indk\u00f8bstaske nu-rl201 kan tilpasses","pl":"Sac cabas toile jute Torba zakupowa nu-rl201 z mo\u017cliwo\u015bci\u0105 personalizacji"},"meta_description":{"fr":"Sac cabas toile jute avec panneau central 100% jute et c\u00f4t\u00e9s en toile coton recycl\u00e9. Trois dimensions au choix. Personnalisation possible.","en":"Sac cabas toile jute with central panel in 100% jute and sides in recycled cotton canvas. Three sizes available. Customization possible.","de":"Sac cabas toile jute mit Mittelpanel aus 100% Jute und Seiten aus recyceltem Baumwoll-Canvas. Drei Gr\u00f6\u00dfen zur Auswahl. Personalisierung m\u00f6glich.","nl":"Sac cabas toile jute met centraal paneel van 100% jute en zijkanten van gerecyclede katoenen canvas. Drie formaten beschikbaar. Personalisatie mogelijk.","es":"Sac cabas toile jute con panel central 100% yute y laterales de lona de algod\u00f3n reciclado. Tres tama\u00f1os a elegir. Personalizaci\u00f3n posible.","it":"Sac cabas toile jute con pannello centrale 100% iuta e lati in tela di cotone riciclato. Tre dimensioni a scelta. Personalizzazione possibile.","sv":"Sac cabas toile jute med centralt panel i 100% jute och sidor i \u00e5tervunnen bomullscanvas. Tre storlekar att v\u00e4lja mellan. Anpassning m\u00f6jlig.","pt":"Sac cabas toile jute com painel central 100% juta e laterais em lona de algod\u00e3o reciclado. Tr\u00eas dimens\u00f5es \u00e0 escolha. Personaliza\u00e7\u00e3o poss\u00edvel.","da":"Sac cabas toile jute med centralt panel i 100% jute og sider i genanvendt bomuldsl\u00e6rred. Tre st\u00f8rrelser at v\u00e6lge imellem. Tilpasning mulig.","pl":"Sac cabas toile jute z centralnym panelem w 100% z juty i bokami z tkaniny z bawe\u0142ny z recyklingu. Do wyboru trzy rozmiary. Mo\u017cliwo\u015b\u0107 personalizacji."}}},"categories":[{"id":318,"name":"Sacs shopping","singular":"Sac shopping","is_feminin":false},{"id":499,"name":"Bagagerie","singular":"Bagagerie","is_feminin":false},{"id":404,"name":"Sacs shopping","singular":"Sacs shopping","is_feminin":false}],"certifications":[{"id":21,"label":"Sedex","logo_link":"\/images\/certifications\/21_Sedex.jpg","is_marking_compatible":false}],"videos":{"fr":[],"en":[],"de":[],"nl":[],"es":[],"it":[],"sv":[],"pt":[],"da":[],"pl":[]},"main_images":{"miniature":"https:\/\/media.th4.com\/_ggP8cD77zF6TE8WXfcG8zaUbQQ8r2csewB7M0StArw\/pr:80\/aHR0cDovL21lZGlhMi5kZXNpZ25wYXJ0bmVyLmZyL2MvcC1ibGFuay1USC8yMTM5Mi53ZWJw?v=1764164264","medium":"https:\/\/media.th4.com\/oAq8SdNdiRCAi20BziZLJxqyYHJIiv0e4f6Wg2sDhTw\/pr:550x550greybg\/aHR0cDovL21lZGlhMi5kZXNpZ25wYXJ0bmVyLmZyL2MvcC1ibGFuay1USC8yMTM5Mi53ZWJw?v=1764164264","medium_large":"https:\/\/media.th4.com\/8LZqJKqGwfSQHbNU0jSHtcNfGK-PCZyxOXCmKgomZ1A\/pr:1000x1000greybg\/aHR0cDovL21lZGlhMi5kZXNpZ25wYXJ0bmVyLmZyL2MvcC1ibGFuay1USC8yMTM5Mi53ZWJw?v=1764164264","large":"https:\/\/media.th4.com\/pAhGEhNZkVjXIor4LpkmBmuyIf10gKAYI30_638xkGc\/pr:1920greybg\/aHR0cDovL21lZGlhMi5kZXNpZ25wYXJ0bmVyLmZyL2MvcC1ibGFuay1USC8yMTM5Mi53ZWJw?v=1764164264","opengraph":"https:\/\/media.th4.com\/tgQv_3zdqctvNpnHTJyC0So3I-sfG7lomukEyksIOCo\/pr:1200x630greybg\/aHR0cDovL21lZGlhMi5kZXNpZ25wYXJ0bmVyLmZyL2MvcC1ibGFuay1USC8yMTM5Mi53ZWJw?v=1764164264"},"main_images_customization":{"miniature":"https:\/\/media.th4.com\/_ggP8cD77zF6TE8WXfcG8zaUbQQ8r2csewB7M0StArw\/pr:80\/aHR0cDovL21lZGlhMi5kZXNpZ25wYXJ0bmVyLmZyL2MvcC1ibGFuay1USC8yMTM5Mi53ZWJw?v=1764164264","medium":"https:\/\/media.th4.com\/oAq8SdNdiRCAi20BziZLJxqyYHJIiv0e4f6Wg2sDhTw\/pr:550x550greybg\/aHR0cDovL21lZGlhMi5kZXNpZ25wYXJ0bmVyLmZyL2MvcC1ibGFuay1USC8yMTM5Mi53ZWJw?v=1764164264","medium_large":"https:\/\/media.th4.com\/8LZqJKqGwfSQHbNU0jSHtcNfGK-PCZyxOXCmKgomZ1A\/pr:1000x1000greybg\/aHR0cDovL21lZGlhMi5kZXNpZ25wYXJ0bmVyLmZyL2MvcC1ibGFuay1USC8yMTM5Mi53ZWJw?v=1764164264","large":"https:\/\/media.th4.com\/pAhGEhNZkVjXIor4LpkmBmuyIf10gKAYI30_638xkGc\/pr:1920greybg\/aHR0cDovL21lZGlhMi5kZXNpZ25wYXJ0bmVyLmZyL2MvcC1ibGFuay1USC8yMTM5Mi53ZWJw?v=1764164264","opengraph":"https:\/\/media.th4.com\/tgQv_3zdqctvNpnHTJyC0So3I-sfG7lomukEyksIOCo\/pr:1200x630greybg\/aHR0cDovL21lZGlhMi5kZXNpZ25wYXJ0bmVyLmZyL2MvcC1ibGFuay1USC8yMTM5Mi53ZWJw?v=1764164264"},"page_links":{"fr":"\/fr\/p-nu-rl201-sac-cabas-toile-jute-sac-shopping-rl201-21392\/","en":"\/en\/p-nu-rl201-sac-cabas-toile-jute-shopping-bag-rl201-21392\/","de":"\/de\/p-nu-rl201-sac-cabas-toile-jute-einkaufstasche-rl201-21392\/","nl":"\/nl\/p-nu-rl201-sac-cabas-toile-jute-shopper-rl201-21392\/","es":"\/es\/p-nu-rl201-sac-cabas-toile-jute-bolsa-de-compras-rl201-21392\/","it":"\/it\/p-nu-rl201-sac-cabas-toile-jute-borsa-shopping-rl201-21392\/","sv":"\/sv\/p-nu-rl201-sac-cabas-toile-jute-shoppingvaska-rl201-21392\/","pt":"\/pt\/p-nu-rl201-sac-cabas-toile-jute-saco-de-compras-rl201-21392\/","da":"\/da\/p-nu-rl201-sac-cabas-toile-jute-shoppingtaske-rl201-21392\/","pl":"\/pl\/p-nu-rl201-sac-cabas-toile-jute-torba-na-zakupy-rl201-21392\/"},"page_links_customization":{"fr":"\/fr\/p-nu-rl201-sac-cabas-toile-jute-sac-shopping-nu-rl201-personnalisable-21392\/custom\/","en":"\/en\/p-nu-rl201-sac-cabas-toile-jute-shopping-bag-nu-rl201-customizable-21392\/custom\/","de":"\/de\/p-nu-rl201-sac-cabas-toile-jute-einkaufstasche-nu-rl201-personalisierbar-21392\/custom\/","nl":"\/nl\/p-nu-rl201-sac-cabas-toile-jute-shopper-nu-rl201-personaliseerbaar-21392\/custom\/","es":"\/es\/p-nu-rl201-sac-cabas-toile-jute-bolsa-de-compras-nu-rl201-personalizable-21392\/custom\/","it":"\/it\/p-nu-rl201-sac-cabas-toile-jute-borsa-shopping-nu-rl201-personalizzabile-21392\/custom\/","sv":"\/sv\/p-nu-rl201-sac-cabas-toile-jute-shoppingvaska-nu-rl201-anpassningsbar-21392\/custom\/","pt":"\/pt\/p-nu-rl201-sac-cabas-toile-jute-saco-de-compras-nu-rl201-personalizavel-21392\/custom\/","da":"\/da\/p-nu-rl201-sac-cabas-toile-jute-indkobstaske-nu-rl201-kan-tilpasses-21392\/custom\/","pl":"\/pl\/p-nu-rl201-sac-cabas-toile-jute-torba-zakupowa-nu-rl201-z-mozliwoscia-personalizacji-21392\/custom\/"},"equivalent_products":[],"colors":[{"id":24912,"name":"natural\/french_navy","class_ids":[8,2],"codes_hexa":["F6EED7","1E212A"],"delai_24":false,"has_3d":false,"seuil_global":0,"stock_local":0,"stock_global":13382,"on_standby":false,"in_catalog":true,"images":{"miniature":["https:\/\/media.th4.com\/SywNGJIfwfURV8tPI4Yz7V2hYWgi-cgmLlZlk7b4gGw\/pr:80\/aHR0cDovL21lZGlhMi5kZXNpZ25wYXJ0bmVyLmZyL2MvcC8yMTM5Mi8yMTM5Mi0yNDkxMi0xLndlYnA?v=1764164190"],"medium":["https:\/\/media.th4.com\/RMHcL4nwGy0vP1iaHpQ7WR0qYfPwEnlB0i2iv0bjuGA\/pr:550x550\/aHR0cDovL21lZGlhMi5kZXNpZ25wYXJ0bmVyLmZyL2MvcC8yMTM5Mi8yMTM5Mi0yNDkxMi0xLndlYnA?v=1764164190"],"medium_large":["https:\/\/media.th4.com\/TXGYqv7So_44Y7VKbWQFkqJVNTdq4pdOs-FpXRJ_6Aw\/pr:1000x1000\/aHR0cDovL21lZGlhMi5kZXNpZ25wYXJ0bmVyLmZyL2MvcC8yMTM5Mi8yMTM5Mi0yNDkxMi0xLndlYnA?v=1764164190"],"large":["https:\/\/media.th4.com\/t9pxkpYXn4glLIzwZ6EN4eJ_l8VPX66JoKMYkx-s7DU\/pr:1920\/aHR0cDovL21lZGlhMi5kZXNpZ25wYXJ0bmVyLmZyL2MvcC8yMTM5Mi8yMTM5Mi0yNDkxMi0xLndlYnA?v=1764164190"],"opengraph":["https:\/\/media.th4.com\/UO3cps7zpApHvkXACxCWmT5IDjNyX1XfBbhEmA93unw\/pr:1200x630\/aHR0cDovL21lZGlhMi5kZXNpZ25wYXJ0bmVyLmZyL2MvcC8yMTM5Mi8yMTM5Mi0yNDkxMi0xLndlYnA?v=1764164190"]},"images_customization":{"miniature":["https:\/\/media.th4.com\/SywNGJIfwfURV8tPI4Yz7V2hYWgi-cgmLlZlk7b4gGw\/pr:80\/aHR0cDovL21lZGlhMi5kZXNpZ25wYXJ0bmVyLmZyL2MvcC8yMTM5Mi8yMTM5Mi0yNDkxMi0xLndlYnA?v=1764164190"],"medium":["https:\/\/media.th4.com\/RMHcL4nwGy0vP1iaHpQ7WR0qYfPwEnlB0i2iv0bjuGA\/pr:550x550\/aHR0cDovL21lZGlhMi5kZXNpZ25wYXJ0bmVyLmZyL2MvcC8yMTM5Mi8yMTM5Mi0yNDkxMi0xLndlYnA?v=1764164190"],"medium_large":["https:\/\/media.th4.com\/TXGYqv7So_44Y7VKbWQFkqJVNTdq4pdOs-FpXRJ_6Aw\/pr:1000x1000\/aHR0cDovL21lZGlhMi5kZXNpZ25wYXJ0bmVyLmZyL2MvcC8yMTM5Mi8yMTM5Mi0yNDkxMi0xLndlYnA?v=1764164190"],"large":["https:\/\/media.th4.com\/t9pxkpYXn4glLIzwZ6EN4eJ_l8VPX66JoKMYkx-s7DU\/pr:1920\/aHR0cDovL21lZGlhMi5kZXNpZ25wYXJ0bmVyLmZyL2MvcC8yMTM5Mi8yMTM5Mi0yNDkxMi0xLndlYnA?v=1764164190"],"opengraph":["https:\/\/media.th4.com\/UO3cps7zpApHvkXACxCWmT5IDjNyX1XfBbhEmA93unw\/pr:1200x630\/aHR0cDovL21lZGlhMi5kZXNpZ25wYXJ0bmVyLmZyL2MvcC8yMTM5Mi8yMTM5Mi0yNDkxMi0xLndlYnA?v=1764164190"]},"country_origin":"IN","traceability":{"manufacturing_country_id":null,"weaving_country_id":null,"dyeing_country_id":null},"sizes":[{"id":3,"article_id":527775,"class_id":3,"name":"S","on_standby":false,"stock_local":0,"stock_global":4330,"multiple":1,"estimated_date_reassort":null,"is_destocking":false},{"id":2,"article_id":527774,"class_id":4,"name":"M","on_standby":false,"stock_local":0,"stock_global":4791,"multiple":1,"estimated_date_reassort":null,"is_destocking":false},{"id":1,"article_id":527773,"class_id":5,"name":"L","on_standby":false,"stock_local":0,"stock_global":4261,"multiple":1,"estimated_date_reassort":null,"is_destocking":false}],"page_links":{"fr":"\/fr\/p-nu-rl201-sac-cabas-toile-jute-sac-shopping-rl201-21392\/natural-french-navy-24912\/","en":"\/en\/p-nu-rl201-sac-cabas-toile-jute-shopping-bag-rl201-21392\/natural-french-navy-24912\/","de":"\/de\/p-nu-rl201-sac-cabas-toile-jute-einkaufstasche-rl201-21392\/natural-french-navy-24912\/","nl":"\/nl\/p-nu-rl201-sac-cabas-toile-jute-shopper-rl201-21392\/natural-french-navy-24912\/","es":"\/es\/p-nu-rl201-sac-cabas-toile-jute-bolsa-de-compras-rl201-21392\/natural-french-navy-24912\/","it":"\/it\/p-nu-rl201-sac-cabas-toile-jute-borsa-shopping-rl201-21392\/natural-french-navy-24912\/","sv":"\/sv\/p-nu-rl201-sac-cabas-toile-jute-shoppingvaska-rl201-21392\/natural-french-navy-24912\/","pt":"\/pt\/p-nu-rl201-sac-cabas-toile-jute-saco-de-compras-rl201-21392\/natural-french-navy-24912\/","da":"\/da\/p-nu-rl201-sac-cabas-toile-jute-shoppingtaske-rl201-21392\/natural-french-navy-24912\/","pl":"\/pl\/p-nu-rl201-sac-cabas-toile-jute-torba-na-zakupy-rl201-21392\/natural-french-navy-24912\/"},"page_links_customization":{"fr":"\/fr\/p-nu-rl201-sac-cabas-toile-jute-sac-shopping-nu-rl201-personnalisable-21392\/natural-french-navy-24912\/custom\/","en":"\/en\/p-nu-rl201-sac-cabas-toile-jute-shopping-bag-nu-rl201-customizable-21392\/natural-french-navy-24912\/custom\/","de":"\/de\/p-nu-rl201-sac-cabas-toile-jute-einkaufstasche-nu-rl201-personalisierbar-21392\/natural-french-navy-24912\/custom\/","nl":"\/nl\/p-nu-rl201-sac-cabas-toile-jute-shopper-nu-rl201-personaliseerbaar-21392\/natural-french-navy-24912\/custom\/","es":"\/es\/p-nu-rl201-sac-cabas-toile-jute-bolsa-de-compras-nu-rl201-personalizable-21392\/natural-french-navy-24912\/custom\/","it":"\/it\/p-nu-rl201-sac-cabas-toile-jute-borsa-shopping-nu-rl201-personalizzabile-21392\/natural-french-navy-24912\/custom\/","sv":"\/sv\/p-nu-rl201-sac-cabas-toile-jute-shoppingvaska-nu-rl201-anpassningsbar-21392\/natural-french-navy-24912\/custom\/","pt":"\/pt\/p-nu-rl201-sac-cabas-toile-jute-saco-de-compras-nu-rl201-personalizavel-21392\/natural-french-navy-24912\/custom\/","da":"\/da\/p-nu-rl201-sac-cabas-toile-jute-indkobstaske-nu-rl201-kan-tilpasses-21392\/natural-french-navy-24912\/custom\/","pl":"\/pl\/p-nu-rl201-sac-cabas-toile-jute-torba-zakupowa-nu-rl201-z-mozliwoscia-personalizacji-21392\/natural-french-navy-24912\/custom\/"}},{"id":20560,"name":"natural\/natural","class_ids":[3,3],"codes_hexa":["dddcd8","dddcd8"],"delai_24":false,"has_3d":false,"seuil_global":0,"stock_local":0,"stock_global":13026,"on_standby":false,"in_catalog":true,"images":{"miniature":["https:\/\/media.th4.com\/5GSLg5jtRvNsI6r1bH9z2Pmo1uW3uweUAyz2fs12EOY\/pr:80\/aHR0cDovL21lZGlhMi5kZXNpZ25wYXJ0bmVyLmZyL2MvcC8yMTM5Mi8yMTM5Mi0yMDU2MC0xLndlYnA?v=1764164190"],"medium":["https:\/\/media.th4.com\/3RHYQ8oSm2wiD7K8ChdzBT2hU4n_zPHSXuoPEkUUbDM\/pr:550x550\/aHR0cDovL21lZGlhMi5kZXNpZ25wYXJ0bmVyLmZyL2MvcC8yMTM5Mi8yMTM5Mi0yMDU2MC0xLndlYnA?v=1764164190"],"medium_large":["https:\/\/media.th4.com\/Vmfp2kWQcYxLUi3oXDxBKCjhpazKPpGslgis_if9J1o\/pr:1000x1000\/aHR0cDovL21lZGlhMi5kZXNpZ25wYXJ0bmVyLmZyL2MvcC8yMTM5Mi8yMTM5Mi0yMDU2MC0xLndlYnA?v=1764164190"],"large":["https:\/\/media.th4.com\/Z5mKvsgzGwgvF_xI2gb0kX4j5ewvTXCbBPU6-qsG1eg\/pr:1920\/aHR0cDovL21lZGlhMi5kZXNpZ25wYXJ0bmVyLmZyL2MvcC8yMTM5Mi8yMTM5Mi0yMDU2MC0xLndlYnA?v=1764164190"],"opengraph":["https:\/\/media.th4.com\/CXBfWRo43awh7Eowu1CIJogbzA-ZzVQ9djFwC1aUkxc\/pr:1200x630\/aHR0cDovL21lZGlhMi5kZXNpZ25wYXJ0bmVyLmZyL2MvcC8yMTM5Mi8yMTM5Mi0yMDU2MC0xLndlYnA?v=1764164190"]},"images_customization":{"miniature":["https:\/\/media.th4.com\/5GSLg5jtRvNsI6r1bH9z2Pmo1uW3uweUAyz2fs12EOY\/pr:80\/aHR0cDovL21lZGlhMi5kZXNpZ25wYXJ0bmVyLmZyL2MvcC8yMTM5Mi8yMTM5Mi0yMDU2MC0xLndlYnA?v=1764164190"],"medium":["https:\/\/media.th4.com\/3RHYQ8oSm2wiD7K8ChdzBT2hU4n_zPHSXuoPEkUUbDM\/pr:550x550\/aHR0cDovL21lZGlhMi5kZXNpZ25wYXJ0bmVyLmZyL2MvcC8yMTM5Mi8yMTM5Mi0yMDU2MC0xLndlYnA?v=1764164190"],"medium_large":["https:\/\/media.th4.com\/Vmfp2kWQcYxLUi3oXDxBKCjhpazKPpGslgis_if9J1o\/pr:1000x1000\/aHR0cDovL21lZGlhMi5kZXNpZ25wYXJ0bmVyLmZyL2MvcC8yMTM5Mi8yMTM5Mi0yMDU2MC0xLndlYnA?v=1764164190"],"large":["https:\/\/media.th4.com\/Z5mKvsgzGwgvF_xI2gb0kX4j5ewvTXCbBPU6-qsG1eg\/pr:1920\/aHR0cDovL21lZGlhMi5kZXNpZ25wYXJ0bmVyLmZyL2MvcC8yMTM5Mi8yMTM5Mi0yMDU2MC0xLndlYnA?v=1764164190"],"opengraph":["https:\/\/media.th4.com\/CXBfWRo43awh7Eowu1CIJogbzA-ZzVQ9djFwC1aUkxc\/pr:1200x630\/aHR0cDovL21lZGlhMi5kZXNpZ25wYXJ0bmVyLmZyL2MvcC8yMTM5Mi8yMTM5Mi0yMDU2MC0xLndlYnA?v=1764164190"]},"country_origin":"IN","traceability":{"manufacturing_country_id":null,"weaving_country_id":null,"dyeing_country_id":null},"sizes":[{"id":3,"article_id":527778,"class_id":3,"name":"S","on_standby":false,"stock_local":0,"stock_global":4443,"multiple":1,"estimated_date_reassort":null,"is_destocking":false},{"id":2,"article_id":527777,"class_id":4,"name":"M","on_standby":false,"stock_local":0,"stock_global":3979,"multiple":1,"estimated_date_reassort":null,"is_destocking":false},{"id":1,"article_id":527776,"class_id":5,"name":"L","on_standby":false,"stock_local":0,"stock_global":4604,"multiple":1,"estimated_date_reassort":null,"is_destocking":false}],"page_links":{"fr":"\/fr\/p-nu-rl201-sac-cabas-toile-jute-sac-shopping-rl201-21392\/natural-natural-20560\/","en":"\/en\/p-nu-rl201-sac-cabas-toile-jute-shopping-bag-rl201-21392\/natural-natural-20560\/","de":"\/de\/p-nu-rl201-sac-cabas-toile-jute-einkaufstasche-rl201-21392\/natural-natural-20560\/","nl":"\/nl\/p-nu-rl201-sac-cabas-toile-jute-shopper-rl201-21392\/natural-natural-20560\/","es":"\/es\/p-nu-rl201-sac-cabas-toile-jute-bolsa-de-compras-rl201-21392\/natural-natural-20560\/","it":"\/it\/p-nu-rl201-sac-cabas-toile-jute-borsa-shopping-rl201-21392\/natural-natural-20560\/","sv":"\/sv\/p-nu-rl201-sac-cabas-toile-jute-shoppingvaska-rl201-21392\/natural-natural-20560\/","pt":"\/pt\/p-nu-rl201-sac-cabas-toile-jute-saco-de-compras-rl201-21392\/natural-natural-20560\/","da":"\/da\/p-nu-rl201-sac-cabas-toile-jute-shoppingtaske-rl201-21392\/natural-natural-20560\/","pl":"\/pl\/p-nu-rl201-sac-cabas-toile-jute-torba-na-zakupy-rl201-21392\/natural-natural-20560\/"},"page_links_customization":{"fr":"\/fr\/p-nu-rl201-sac-cabas-toile-jute-sac-shopping-nu-rl201-personnalisable-21392\/natural-natural-20560\/custom\/","en":"\/en\/p-nu-rl201-sac-cabas-toile-jute-shopping-bag-nu-rl201-customizable-21392\/natural-natural-20560\/custom\/","de":"\/de\/p-nu-rl201-sac-cabas-toile-jute-einkaufstasche-nu-rl201-personalisierbar-21392\/natural-natural-20560\/custom\/","nl":"\/nl\/p-nu-rl201-sac-cabas-toile-jute-shopper-nu-rl201-personaliseerbaar-21392\/natural-natural-20560\/custom\/","es":"\/es\/p-nu-rl201-sac-cabas-toile-jute-bolsa-de-compras-nu-rl201-personalizable-21392\/natural-natural-20560\/custom\/","it":"\/it\/p-nu-rl201-sac-cabas-toile-jute-borsa-shopping-nu-rl201-personalizzabile-21392\/natural-natural-20560\/custom\/","sv":"\/sv\/p-nu-rl201-sac-cabas-toile-jute-shoppingvaska-nu-rl201-anpassningsbar-21392\/natural-natural-20560\/custom\/","pt":"\/pt\/p-nu-rl201-sac-cabas-toile-jute-saco-de-compras-nu-rl201-personalizavel-21392\/natural-natural-20560\/custom\/","da":"\/da\/p-nu-rl201-sac-cabas-toile-jute-indkobstaske-nu-rl201-kan-tilpasses-21392\/natural-natural-20560\/custom\/","pl":"\/pl\/p-nu-rl201-sac-cabas-toile-jute-torba-zakupowa-nu-rl201-z-mozliwoscia-personalizacji-21392\/natural-natural-20560\/custom\/"}},{"id":24911,"name":"natural\/black","class_ids":[8,11],"codes_hexa":["F6EED7","000000"],"delai_24":false,"has_3d":false,"seuil_global":0,"stock_local":0,"stock_global":12505,"on_standby":false,"in_catalog":true,"images":{"miniature":["https:\/\/media.th4.com\/aXfAAqUdrjM8Bn2KFN3A4h2nimfV1k2V28O7pjFulls\/pr:80\/aHR0cDovL21lZGlhMi5kZXNpZ25wYXJ0bmVyLmZyL2MvcC8yMTM5Mi8yMTM5Mi0yNDkxMS0xLndlYnA?v=1764164189"],"medium":["https:\/\/media.th4.com\/p5RYxuoAT98auIALMElJDJGyLXsPqluKR32ivLmaL_s\/pr:550x550\/aHR0cDovL21lZGlhMi5kZXNpZ25wYXJ0bmVyLmZyL2MvcC8yMTM5Mi8yMTM5Mi0yNDkxMS0xLndlYnA?v=1764164189"],"medium_large":["https:\/\/media.th4.com\/KYklG3d0jF-Z_IgjXuU_LMk2Q7_xKZn4q60GLAjdI8k\/pr:1000x1000\/aHR0cDovL21lZGlhMi5kZXNpZ25wYXJ0bmVyLmZyL2MvcC8yMTM5Mi8yMTM5Mi0yNDkxMS0xLndlYnA?v=1764164189"],"large":["https:\/\/media.th4.com\/1_UFq-OQsiYIYJaK4fsIqErKCYF13m8-Pon22dRomN0\/pr:1920\/aHR0cDovL21lZGlhMi5kZXNpZ25wYXJ0bmVyLmZyL2MvcC8yMTM5Mi8yMTM5Mi0yNDkxMS0xLndlYnA?v=1764164189"],"opengraph":["https:\/\/media.th4.com\/KUtYkkDMpywb3FqWDo9kIaSXu1exYAQiB60DY0e9dRc\/pr:1200x630\/aHR0cDovL21lZGlhMi5kZXNpZ25wYXJ0bmVyLmZyL2MvcC8yMTM5Mi8yMTM5Mi0yNDkxMS0xLndlYnA?v=1764164189"]},"images_customization":{"miniature":["https:\/\/media.th4.com\/aXfAAqUdrjM8Bn2KFN3A4h2nimfV1k2V28O7pjFulls\/pr:80\/aHR0cDovL21lZGlhMi5kZXNpZ25wYXJ0bmVyLmZyL2MvcC8yMTM5Mi8yMTM5Mi0yNDkxMS0xLndlYnA?v=1764164189"],"medium":["https:\/\/media.th4.com\/p5RYxuoAT98auIALMElJDJGyLXsPqluKR32ivLmaL_s\/pr:550x550\/aHR0cDovL21lZGlhMi5kZXNpZ25wYXJ0bmVyLmZyL2MvcC8yMTM5Mi8yMTM5Mi0yNDkxMS0xLndlYnA?v=1764164189"],"medium_large":["https:\/\/media.th4.com\/KYklG3d0jF-Z_IgjXuU_LMk2Q7_xKZn4q60GLAjdI8k\/pr:1000x1000\/aHR0cDovL21lZGlhMi5kZXNpZ25wYXJ0bmVyLmZyL2MvcC8yMTM5Mi8yMTM5Mi0yNDkxMS0xLndlYnA?v=1764164189"],"large":["https:\/\/media.th4.com\/1_UFq-OQsiYIYJaK4fsIqErKCYF13m8-Pon22dRomN0\/pr:1920\/aHR0cDovL21lZGlhMi5kZXNpZ25wYXJ0bmVyLmZyL2MvcC8yMTM5Mi8yMTM5Mi0yNDkxMS0xLndlYnA?v=1764164189"],"opengraph":["https:\/\/media.th4.com\/KUtYkkDMpywb3FqWDo9kIaSXu1exYAQiB60DY0e9dRc\/pr:1200x630\/aHR0cDovL21lZGlhMi5kZXNpZ25wYXJ0bmVyLmZyL2MvcC8yMTM5Mi8yMTM5Mi0yNDkxMS0xLndlYnA?v=1764164189"]},"country_origin":"IN","traceability":{"manufacturing_country_id":null,"weaving_country_id":null,"dyeing_country_id":null},"sizes":[{"id":3,"article_id":527772,"class_id":3,"name":"S","on_standby":false,"stock_local":0,"stock_global":4092,"multiple":1,"estimated_date_reassort":null,"is_destocking":false},{"id":2,"article_id":527771,"class_id":4,"name":"M","on_standby":false,"stock_local":0,"stock_global":4173,"multiple":1,"estimated_date_reassort":null,"is_destocking":false},{"id":1,"article_id":527770,"class_id":5,"name":"L","on_standby":false,"stock_local":0,"stock_global":4240,"multiple":1,"estimated_date_reassort":null,"is_destocking":false}],"page_links":{"fr":"\/fr\/p-nu-rl201-sac-cabas-toile-jute-sac-shopping-rl201-21392\/natural-black-24911\/","en":"\/en\/p-nu-rl201-sac-cabas-toile-jute-shopping-bag-rl201-21392\/natural-black-24911\/","de":"\/de\/p-nu-rl201-sac-cabas-toile-jute-einkaufstasche-rl201-21392\/natural-black-24911\/","nl":"\/nl\/p-nu-rl201-sac-cabas-toile-jute-shopper-rl201-21392\/natural-black-24911\/","es":"\/es\/p-nu-rl201-sac-cabas-toile-jute-bolsa-de-compras-rl201-21392\/natural-black-24911\/","it":"\/it\/p-nu-rl201-sac-cabas-toile-jute-borsa-shopping-rl201-21392\/natural-black-24911\/","sv":"\/sv\/p-nu-rl201-sac-cabas-toile-jute-shoppingvaska-rl201-21392\/natural-black-24911\/","pt":"\/pt\/p-nu-rl201-sac-cabas-toile-jute-saco-de-compras-rl201-21392\/natural-black-24911\/","da":"\/da\/p-nu-rl201-sac-cabas-toile-jute-shoppingtaske-rl201-21392\/natural-black-24911\/","pl":"\/pl\/p-nu-rl201-sac-cabas-toile-jute-torba-na-zakupy-rl201-21392\/natural-black-24911\/"},"page_links_customization":{"fr":"\/fr\/p-nu-rl201-sac-cabas-toile-jute-sac-shopping-nu-rl201-personnalisable-21392\/natural-black-24911\/custom\/","en":"\/en\/p-nu-rl201-sac-cabas-toile-jute-shopping-bag-nu-rl201-customizable-21392\/natural-black-24911\/custom\/","de":"\/de\/p-nu-rl201-sac-cabas-toile-jute-einkaufstasche-nu-rl201-personalisierbar-21392\/natural-black-24911\/custom\/","nl":"\/nl\/p-nu-rl201-sac-cabas-toile-jute-shopper-nu-rl201-personaliseerbaar-21392\/natural-black-24911\/custom\/","es":"\/es\/p-nu-rl201-sac-cabas-toile-jute-bolsa-de-compras-nu-rl201-personalizable-21392\/natural-black-24911\/custom\/","it":"\/it\/p-nu-rl201-sac-cabas-toile-jute-borsa-shopping-nu-rl201-personalizzabile-21392\/natural-black-24911\/custom\/","sv":"\/sv\/p-nu-rl201-sac-cabas-toile-jute-shoppingvaska-nu-rl201-anpassningsbar-21392\/natural-black-24911\/custom\/","pt":"\/pt\/p-nu-rl201-sac-cabas-toile-jute-saco-de-compras-nu-rl201-personalizavel-21392\/natural-black-24911\/custom\/","da":"\/da\/p-nu-rl201-sac-cabas-toile-jute-indkobstaske-nu-rl201-kan-tilpasses-21392\/natural-black-24911\/custom\/","pl":"\/pl\/p-nu-rl201-sac-cabas-toile-jute-torba-zakupowa-nu-rl201-z-mozliwoscia-personalizacji-21392\/natural-black-24911\/custom\/"}}],"documentation_link":null,"countries_availables":["AD","AE","AL","AT","BA","BD","BE","BG","BL","CA","CH","CN","CO","CY","CZ","DE","DK","DO","EE","EG","ES","ET","FI","FR","GB","GE","GF","GP","GR","GT","HK","HN","HR","HT","HU","ID","IE","IN","IS","IT","JO","JP","KE","KH","KP","KR","LA","LK","LS","LT","LU","LV","MA","MF","MG","MK","MM","MN","MQ","MT","MX","MY","NC","NI","NL","PF","PH","PK","PL","PM","PT","RE","RO","SE","SG","SI","SK","SV","SY","TH","TN","TR","TW","TZ","US","VN","WF","YT"]},"infos_customization":[],"features":{"authorize_multi_surfaces":true,"display_order_delay_type":true,"promote_surface_display":true,"tarification_franco_offert":true,"enabled_3d_editor":false},"markings":[{"id":0,"nom":"vierge","finition":null,"libelle":null,"code":null,"dpi":null,"finesse_forme_isolee":null,"finesse_forme_non_isolee":null,"hauteur_minimale_texte":null,"inactif":0,"marquage_interne":1,"quantite_min":null,"parent_id":null,"print_on_support":0,"content":"vierge","description":null},{"id":2,"nom":"fonce","finition":"optimale","libelle":"TopQuadri","code":null,"dpi":400,"finesse_forme_isolee":"0.040","finesse_forme_non_isolee":"0.700","hauteur_minimale_texte":2,"inactif":0,"marquage_interne":1,"quantite_min":null,"parent_id":18,"print_on_support":0,"content":"TopQuadri","description":"pour petites et moyennes s\u00e9ries"},{"id":3,"nom":"serigraphie","finition":"serigraphie","libelle":"SeriCoat","code":null,"dpi":400,"finesse_forme_isolee":"0.040","finesse_forme_non_isolee":"0.700","hauteur_minimale_texte":2,"inactif":0,"marquage_interne":1,"quantite_min":15,"parent_id":18,"print_on_support":0,"content":"SeriCoat","description":"pour moyennes et grandes s\u00e9ries"},{"id":4,"nom":"broderie","finition":"broderie","libelle":"Broderie","code":null,"dpi":400,"finesse_forme_isolee":"0.040","finesse_forme_non_isolee":"0.700","hauteur_minimale_texte":3,"inactif":0,"marquage_interne":1,"quantite_min":null,"parent_id":null,"print_on_support":0,"content":"Broderie","description":null},{"id":8,"nom":"theme","finition":null,"libelle":"Th\u00e8me","code":null,"dpi":null,"finesse_forme_isolee":null,"finesse_forme_non_isolee":null,"hauteur_minimale_texte":null,"inactif":0,"marquage_interne":1,"quantite_min":null,"parent_id":null,"print_on_support":0,"content":"Th\u00e8me","description":null},{"id":9,"nom":"sans","finition":null,"libelle":null,"code":null,"dpi":null,"finesse_forme_isolee":null,"finesse_forme_non_isolee":null,"hauteur_minimale_texte":null,"inactif":0,"marquage_interne":1,"quantite_min":null,"parent_id":null,"print_on_support":0,"content":"sans","description":null},{"id":10,"nom":"photo","finition":null,"libelle":"Photo","code":null,"dpi":null,"finesse_forme_isolee":null,"finesse_forme_non_isolee":null,"hauteur_minimale_texte":null,"inactif":0,"marquage_interne":1,"quantite_min":null,"parent_id":null,"print_on_support":0,"content":"Photo","description":null},{"id":14,"nom":"couleur","finition":null,"libelle":"Couleur","code":null,"dpi":null,"finesse_forme_isolee":null,"finesse_forme_non_isolee":null,"hauteur_minimale_texte":null,"inactif":0,"marquage_interne":1,"quantite_min":null,"parent_id":null,"print_on_support":0,"content":"Couleur","description":null},{"id":15,"nom":"sublimation","finition":"sublimation","libelle":"Sublimation","code":null,"dpi":null,"finesse_forme_isolee":"0.000","finesse_forme_non_isolee":"0.000","hauteur_minimale_texte":2,"inactif":0,"marquage_interne":1,"quantite_min":null,"parent_id":null,"print_on_support":0,"content":"Sublimation","description":null},{"id":16,"nom":"topquadri_uv","finition":null,"libelle":"TopQuadri UV","code":null,"dpi":null,"finesse_forme_isolee":"0.020","finesse_forme_non_isolee":"0.700","hauteur_minimale_texte":2,"inactif":0,"marquage_interne":1,"quantite_min":null,"parent_id":null,"print_on_support":1,"content":null,"description":null},{"id":17,"nom":"topquadri_uvp","finition":null,"libelle":"TopQuadri UVP","code":null,"dpi":null,"finesse_forme_isolee":"0.020","finesse_forme_non_isolee":"0.700","hauteur_minimale_texte":2,"inactif":0,"marquage_interne":1,"quantite_min":null,"parent_id":null,"print_on_support":1,"content":null,"description":null},{"id":18,"nom":"quadri","finition":null,"libelle":"Impression","code":null,"dpi":null,"finesse_forme_isolee":null,"finesse_forme_non_isolee":null,"hauteur_minimale_texte":null,"inactif":0,"marquage_interne":1,"quantite_min":null,"parent_id":null,"print_on_support":0,"content":null,"description":null}]}}