{"data":{"product":{"id":21391,"titre":"Sac cabas en jute","description":"Le sac cabas en jute est le sac id\u00e9al pour tous les jours ! Fabriqu\u00e9 \u00e0 partir de jute 100 % durable, il est \u00e0 la fois \u00e9l\u00e9gant et r\u00e9sistant. Dot\u00e9 de sangles agr\u00e9ables au toucher, il est id\u00e9al pour une utilisation publicitaire. Que ce soit pour la vente au d\u00e9tail, les supermarch\u00e9s ou les \u00e9v\u00e9nements, ce tote bag est pr\u00eat \u00e0 mettre en valeur votre marque avec style. Fonctionnel et fabuleux, tout en un ! Sangles agr\u00e9ables au toucher. Dimensions  S  - sac : 22 x 26 cm, sangles : 35 x 3 cm, M - sac : 27 x 33 cm, sangles : 40 x 3 cm, L - sac : 38 x 46 cm, sangles : 60 x 4 cm. Composition : 100 % jute.","genre":"","grammage":325,"conditionnement":50,"composition":"","reference":"nu-rl200","reference_visible":"nu-rl200","reference_fabricant":"RL200","ref_xor":"722378","in_catalog":true,"is_transfer":false,"is_service":false,"on_standby":false,"has_3d":true,"has_size_guide":false,"has_marking":false,"has_vierge":true,"is_cross_sellable":false,"id_picto":124,"filename_3d":"picto-124","brand":{"id":227,"name":"Nutshell","logo":"logo-nutshell.png","image":"https:\/\/media.th4.com\/SnVsJ6pae6-nIbU9v113UprL4ZEuQaUWeLHAC7upkmU\/pr:brand70x70\/aHR0cDovL21lZGlhMi5kZXNpZ25wYXJ0bmVyLmZyL2MvbS9sb2dvLW51dHNoZWxsLnBuZw?v=1706796159"},"price_infos":{"price_from":1.58,"quantity":200,"color":{"id":20560,"name":"natural\/natural"},"size":{"id":3,"name":"S"}},"price_infos_marking":{"price_from":0,"quantity":0,"size":{"id":0,"name":""},"color":{"id":0,"name":""},"marking":{"id":0,"name":""},"emplacement":"","surface":"","surface_emplacement_id":0},"i18n":{"blank":{"title":{"fr":"Sac cabas jute Sac shopping NUTSHELL rl200","en":"Sac cabas jute Shopping bag NUTSHELL rl200","de":"Sac cabas jute Einkaufstasche NUTSHELL rl200","nl":"Sac cabas jute Shoppingtas NUTSHELL rl200","es":"Sac cabas jute Bolsa de compras NUTSHELL rl200","it":"Sac cabas jute Borsa shopper NUTSHELL rl200","sv":"Sac cabas jute Shoppingv\u00e4ska NUTSHELL rl200","pt":"Sac cabas jute Saco de compras NUTSHELL rl200","da":"Sac cabas jute Indk\u00f8bstaske NUTSHELL rl200","pl":"Sac cabas jute Torba zakupowa NUTSHELL rl200"},"description":{"fr":"Le sac cabas jute sert au transport des achats et objets du quotidien, avec des sangles pour une prise en main simple. Composition : 100% jute. Dimensions disponibles : 22 x 26 cm, 27 x 33 cm, 38 x 46 cm.\n\n- Composition : 100% jute\n- Sangles incluses\n- Dimensions : 22 x 26 cm\n- Dimensions : 27 x 33 cm","en":"The sac cabas jute is used to carry purchases and everyday items, with handles for easy carrying. Composition: 100% jute. Available sizes: 22 x 26 cm, 27 x 33 cm, 38 x 46 cm.\n\n- Composition: 100% jute\n- Handles included\n- Dimensions: 22 x 26 cm\n- Dimensions: 27 x 33 cm","de":"Der sac cabas jute dient zum Transport von Eink\u00e4ufen und Alltagsgegenst\u00e4nden, mit Tragegriffen f\u00fcr eine einfache Handhabung. Material: 100% Jute. Verf\u00fcgbare Gr\u00f6\u00dfen: 22 x 26 cm, 27 x 33 cm, 38 x 46 cm.\n\n- Material: 100% Jute\n- Tragegriffe enthalten\n- Gr\u00f6\u00dfe: 22 x 26 cm\n- Gr\u00f6\u00dfe: 27 x 33 cm","nl":"De sac cabas jute dient voor het vervoeren van boodschappen en dagelijkse voorwerpen, met hengsels voor een eenvoudige grip. Samenstelling: 100% jute. Verkrijgbare afmetingen: 22 x 26 cm, 27 x 33 cm, 38 x 46 cm.\n\n- Samenstelling: 100% jute\n- Inclusief hengsels\n- Afmetingen: 22 x 26 cm\n- Afmetingen: 27 x 33 cm","es":"El sac cabas jute se utiliza para transportar compras y objetos cotidianos, con asas para un agarre sencillo. Composici\u00f3n: yute 100%. Dimensiones disponibles: 22 x 26 cm, 27 x 33 cm, 38 x 46 cm.\n\n- Composici\u00f3n: yute 100%\n- Asas incluidas\n- Dimensiones: 22 x 26 cm\n- Dimensiones: 27 x 33 cm","it":"La sac cabas jute serve per trasportare acquisti e oggetti di uso quotidiano, con manici per una presa semplice. Composizione: 100% juta. Dimensioni disponibili: 22 x 26 cm, 27 x 33 cm, 38 x 46 cm.\n\n- Composizione: 100% juta\n- Manici inclusi\n- Dimensioni: 22 x 26 cm\n- Dimensioni: 27 x 33 cm","sv":"sac cabas jute anv\u00e4nds f\u00f6r att transportera ink\u00f6p och vardagliga f\u00f6rem\u00e5l, med handtag f\u00f6r enkel hantering. Material: 100% jute. Tillg\u00e4ngliga m\u00e5tt: 22 x 26 cm, 27 x 33 cm, 38 x 46 cm.\n\n- Material: 100% jute\n- Handtag ing\u00e5r\n- M\u00e5tt: 22 x 26 cm\n- M\u00e5tt: 27 x 33 cm","pt":"O sac cabas jute \u00e9 utilizado para transportar compras e objetos do dia a dia, com al\u00e7as para uma pega simples. Composi\u00e7\u00e3o: 100% juta. Dimens\u00f5es dispon\u00edveis: 22 x 26 cm, 27 x 33 cm, 38 x 46 cm.\n\n- Composi\u00e7\u00e3o: 100% juta\n- Al\u00e7as inclu\u00eddas\n- Dimens\u00f5es: 22 x 26 cm\n- Dimens\u00f5es: 27 x 33 cm","da":"sac cabas jute bruges til transport af indk\u00f8b og daglige genstande, med hanke for nem h\u00e5ndtering. Sammens\u00e6tning: 100% jute. Tilg\u00e6ngelige m\u00e5l: 22 x 26 cm, 27 x 33 cm, 38 x 46 cm.\n\n- Sammens\u00e6tning: 100% jute\n- Hanke medf\u00f8lger\n- M\u00e5l: 22 x 26 cm\n- M\u00e5l: 27 x 33 cm","pl":"sac cabas jute s\u0142u\u017cy do przenoszenia zakup\u00f3w i przedmiot\u00f3w codziennego u\u017cytku, z paskami zapewniaj\u0105cymi \u0142atwy chwyt. Sk\u0142ad: 100% juta. Dost\u0119pne wymiary: 22 x 26 cm, 27 x 33 cm, 38 x 46 cm.\n\n- Sk\u0142ad: 100% juta\n- Paski w zestawie\n- Wymiary: 22 x 26 cm\n- Wymiary: 27 x 33 cm"},"h1":{"fr":"Sac cabas jute Sac shopping rl200","en":"Sac cabas jute Shopping bag rl200","de":"Sac cabas jute Einkaufstasche rl200","nl":"Sac cabas jute Shoppingtas rl200","es":"Sac cabas jute Bolsa de compras rl200","it":"Sac cabas jute Borsa shopper rl200","sv":"Sac cabas jute Shoppingv\u00e4ska rl200","pt":"Sac cabas jute Saco de compras rl200","da":"Sac cabas jute Indk\u00f8bstaske rl200","pl":"Sac cabas jute Torba zakupowa rl200"},"meta_description":{"fr":"Sac cabas jute en 100% jute, adapt\u00e9 aux courses et au transport du quotidien. Sangles incluses. Dimensions disponibles : 22x26, 27x33, 38x46 cm.","en":"Sac cabas jute made of 100% jute, suitable for shopping and everyday carrying. Handles included. Available sizes: 22x26, 27x33, 38x46 cm.","de":"Sac cabas jute aus 100% Jute, geeignet f\u00fcr Eink\u00e4ufe und den t\u00e4glichen Transport. Tragegriffe enthalten. Verf\u00fcgbare Gr\u00f6\u00dfen: 22x26, 27x33, 38x46 cm.","nl":"Sac cabas jute van 100% jute, geschikt voor boodschappen en dagelijks vervoer. Inclusief hengsels. Verkrijgbare afmetingen: 22x26, 27x33, 38x46 cm.","es":"Sac cabas jute en yute 100%, adecuado para la compra y el transporte diario. Asas incluidas. Dimensiones disponibles: 22x26, 27x33, 38x46 cm.","it":"Sac cabas jute in 100% juta, adatta alla spesa e al trasporto quotidiano. Manici inclusi. Dimensioni disponibili: 22x26, 27x33, 38x46 cm.","sv":"Sac cabas jute i 100% jute, l\u00e4mplig f\u00f6r ink\u00f6p och daglig transport. Handtag ing\u00e5r. Tillg\u00e4ngliga m\u00e5tt: 22x26, 27x33, 38x46 cm.","pt":"Sac cabas jute em 100% juta, adequado para compras e transporte do dia a dia. Al\u00e7as inclu\u00eddas. Dimens\u00f5es dispon\u00edveis: 22x26, 27x33, 38x46 cm.","da":"Sac cabas jute i 100% jute, velegnet til indk\u00f8b og daglig transport. Hanke medf\u00f8lger. Tilg\u00e6ngelige m\u00e5l: 22x26, 27x33, 38x46 cm.","pl":"Sac cabas jute w 100% z juty, odpowiednia na zakupy i do codziennego przenoszenia. W zestawie paski. Dost\u0119pne wymiary: 22x26, 27x33, 38x46 cm."}},"custom":{"title":{"fr":"Sac cabas jute Sac shopping NUTSHELL rl200 avec votre logo","en":"Sac cabas jute NUTSHELL rl200 jute tote bag shopping bag with your logo","de":"Sac cabas jute Einkaufstasche NUTSHELL rl200 mit Ihrem Logo","nl":"Sac cabas jute Shoppingtas NUTSHELL rl200 met uw logo","es":"Sac cabas jute Bolsa de compra NUTSHELL rl200 con su logotipo","it":"Sac cabas jute Borsa shopper NUTSHELL rl200 con il tuo logo","sv":"Sac cabas jute Shoppingv\u00e4ska NUTSHELL rl200 med din logotyp","pt":"Sac cabas jute Saco de compras NUTSHELL rl200 com o seu log\u00f3tipo","da":"Sac cabas jute Indk\u00f8bstaske NUTSHELL rl200 med dit logo","pl":"Sac cabas jute Torba zakupowa NUTSHELL rl200 z Twoim logo"},"description":{"fr":"Le sac cabas jute est un sac shopping en jute 100% avec des sangles agr\u00e9ables au toucher. Personnalisation possible pour un usage publicitaire, en boutique ou lors d\u2019\u00e9v\u00e9nements. Dimensions disponibles : 22 x 26 cm, 27 x 33 cm, 38 x 46 cm.\n\n- Composition : 100% jute\n- Dimensions : 22x26 \u00e0 38x46\n- Sangles agr\u00e9ables au toucher\n- Personnalisation logo possible","en":"The sac cabas jute is a 100% jute shopping bag with straps that feel comfortable to the touch. Customization possible for promotional use, in-store, or at events. Available sizes: 22 x 26 cm, 27 x 33 cm, 38 x 46 cm.\n\n- Composition: 100% jute\n- Dimensions: 22x26 to 38x46\n- Comfortable straps\n- Logo customization possible","de":"Der sac cabas jute ist eine Einkaufstasche aus 100% Jute mit angenehm zu greifenden Tragegurten. Personalisierung f\u00fcr Werbezwecke, im Gesch\u00e4ft oder bei Veranstaltungen m\u00f6glich. Verf\u00fcgbare Gr\u00f6\u00dfen: 22 x 26 cm, 27 x 33 cm, 38 x 46 cm.\n\n- Material: 100% Jute\n- Ma\u00dfe: 22x26 bis 38x46\n- Angenehm zu greifende Tragegurte\n- Logo-Personalisierung m\u00f6glich","nl":"De sac cabas jute is een shoppingtas van 100% jute met handvatten die aangenaam aanvoelen. Personalisatie mogelijk voor reclamedoeleinden, in de winkel of tijdens evenementen. Beschikbare afmetingen: 22 x 26 cm, 27 x 33 cm, 38 x 46 cm.\n\n- Samenstelling: 100% jute\n- Afmetingen: 22x26 tot 38x46\n- Handvatten die aangenaam aanvoelen\n- Personalisatie met logo mogelijk","es":"El sac cabas jute es una bolsa de compra de yute 100% con asas agradables al tacto. Posibilidad de personalizaci\u00f3n para uso publicitario, en tienda o en eventos. Dimensiones disponibles: 22 x 26 cm, 27 x 33 cm, 38 x 46 cm.\n\n- Composici\u00f3n: 100% yute\n- Dimensiones: de 22x26 a 38x46\n- Asas agradables al tacto\n- Posibilidad de personalizaci\u00f3n con logotipo","it":"Il sac cabas jute \u00e8 una borsa shopper in juta 100% con manici piacevoli al tatto. Personalizzazione possibile per uso pubblicitario, in negozio o durante eventi. Dimensioni disponibili: 22 x 26 cm, 27 x 33 cm, 38 x 46 cm.\n\n- Composizione: 100% juta\n- Dimensioni: da 22x26 a 38x46\n- Manici piacevoli al tatto\n- Personalizzazione logo possibile","sv":"Sac cabas jute \u00e4r en shoppingkasse i 100% jute med handtag som k\u00e4nns behagliga. Anpassning m\u00f6jlig f\u00f6r reklambruk, i butik eller vid evenemang. Tillg\u00e4ngliga m\u00e5tt: 22 x 26 cm, 27 x 33 cm, 38 x 46 cm.\n\n- Material: 100% jute\n- M\u00e5tt: 22x26 till 38x46\n- Handtag med behaglig k\u00e4nsla\n- Logotypanpassning m\u00f6jlig","pt":"O sac cabas jute \u00e9 um saco de compras em juta 100% com al\u00e7as agrad\u00e1veis ao toque. Personaliza\u00e7\u00e3o poss\u00edvel para uso publicit\u00e1rio, em loja ou em eventos. Dimens\u00f5es dispon\u00edveis: 22 x 26 cm, 27 x 33 cm, 38 x 46 cm.\n\n- Composi\u00e7\u00e3o: 100% juta\n- Dimens\u00f5es: 22x26 a 38x46\n- Al\u00e7as agrad\u00e1veis ao toque\n- Personaliza\u00e7\u00e3o com log\u00f3tipo poss\u00edvel","da":"Sac cabas jute er en indk\u00f8bstaske i 100% jute med stropper, der f\u00f8les behagelige. Mulighed for tilpasning til reklamebrug, i butik eller ved arrangementer. Tilg\u00e6ngelige m\u00e5l: 22 x 26 cm, 27 x 33 cm, 38 x 46 cm.\n\n- Materiale: 100% jute\n- M\u00e5l: 22x26 til 38x46\n- Stropper, der f\u00f8les behagelige\n- Mulighed for logotilpasning","pl":"sac cabas jute to torba zakupowa w 100% z juty z przyjemnymi w dotyku uchwytami. Mo\u017cliwa personalizacja do zastosowa\u0144 reklamowych, w sklepie lub podczas wydarze\u0144. Dost\u0119pne wymiary: 22 x 26 cm, 27 x 33 cm, 38 x 46 cm.\n\n- Sk\u0142ad: 100% juta\n- Wymiary: 22x26 do 38x46\n- Uchwyty przyjemne w dotyku\n- Mo\u017cliwa personalizacja logo"},"h1":{"fr":"Sac cabas jute Sac shopping rl200 avec votre logo","en":"Sac cabas jute rl200 jute tote bag shopping bag with your logo","de":"Sac cabas jute Einkaufstasche rl200 mit Ihrem Logo","nl":"Sac cabas jute Shoppingtas rl200 met uw logo","es":"Sac cabas jute Bolsa de compra rl200 con su logotipo","it":"Sac cabas jute Borsa shopper rl200 con il tuo logo","sv":"Sac cabas jute Shoppingv\u00e4ska rl200 med din logotyp","pt":"Sac cabas jute Saco de compras rl200 com o seu log\u00f3tipo","da":"Sac cabas jute Indk\u00f8bstaske rl200 med dit logo","pl":"Sac cabas jute Torba zakupowa rl200 z Twoim logo"},"meta_description":{"fr":"Sac cabas en jute 100% avec sangles agr\u00e9ables. Personnalisation possible avec logo. Dimensions disponibles : 22x26, 27x33, 38x46 cm.","en":"100% jute tote bag with comfortable straps. Logo customization possible. Available sizes: 22x26, 27x33, 38x46 cm.","de":"Jute-Shopper aus 100% Jute mit angenehm zu greifenden Tragegurten. Personalisierung mit Logo m\u00f6glich. Verf\u00fcgbare Gr\u00f6\u00dfen: 22x26, 27x33, 38x46 cm.","nl":"Jute draagtas van 100% jute met comfortabele handvatten. Personalisatie met logo mogelijk. Beschikbare afmetingen: 22x26, 27x33, 38x46 cm.","es":"Bolsa de yute 100% con asas agradables. Posibilidad de personalizaci\u00f3n con logotipo. Dimensiones disponibles: 22x26, 27x33, 38x46 cm.","it":"Borsa shopper in juta 100% con manici piacevoli al tatto. Personalizzazione possibile con logo. Dimensioni disponibili: 22x26, 27x33, 38x46 cm.","sv":"Shoppingkasse i 100% jute med behagliga handtag. Anpassning med logotyp m\u00f6jlig. Tillg\u00e4ngliga m\u00e5tt: 22x26, 27x33, 38x46 cm.","pt":"Saco tipo cabas em juta 100% com al\u00e7as agrad\u00e1veis. Personaliza\u00e7\u00e3o poss\u00edvel com log\u00f3tipo. Dimens\u00f5es dispon\u00edveis: 22x26, 27x33, 38x46 cm.","da":"Indk\u00f8bstaske i 100% jute med behagelige stropper. Mulighed for tilpasning med logo. Tilg\u00e6ngelige m\u00e5l: 22x26, 27x33, 38x46 cm.","pl":"Torba typu shopper w 100% z juty z przyjemnymi w dotyku uchwytami. Mo\u017cliwa personalizacja logo. Dost\u0119pne wymiary: 22x26, 27x33, 38x46 cm."}}},"categories":[{"id":318,"name":"Sacs shopping","singular":"Sac shopping","is_feminin":false},{"id":499,"name":"Bagagerie","singular":"Bagagerie","is_feminin":false},{"id":404,"name":"Sacs shopping","singular":"Sacs shopping","is_feminin":false}],"certifications":[{"id":21,"label":"Sedex","logo_link":"\/images\/certifications\/21_Sedex.jpg","is_marking_compatible":false}],"videos":{"fr":[],"en":[],"de":[],"nl":[],"es":[],"it":[],"sv":[],"pt":[],"da":[],"pl":[]},"main_images":{"miniature":"https:\/\/media.th4.com\/zQnumnzL4Bpx3gcnzkVnCIxNA9cQudrnZ_LfxSXhJpo\/pr:80\/aHR0cDovL21lZGlhMi5kZXNpZ25wYXJ0bmVyLmZyL2MvcC1ibGFuay1USC8yMTM5MS53ZWJw?v=1764164263","medium":"https:\/\/media.th4.com\/IHLtfB_uha7nJvaYdC9xP9la2VXNl_A2OL8O9e8tGO8\/pr:550x550greybg\/aHR0cDovL21lZGlhMi5kZXNpZ25wYXJ0bmVyLmZyL2MvcC1ibGFuay1USC8yMTM5MS53ZWJw?v=1764164263","medium_large":"https:\/\/media.th4.com\/ttIqqNnFnysm7bcgfBfUeOy83G0AgB0J7nHT-eI-zVM\/pr:1000x1000greybg\/aHR0cDovL21lZGlhMi5kZXNpZ25wYXJ0bmVyLmZyL2MvcC1ibGFuay1USC8yMTM5MS53ZWJw?v=1764164263","large":"https:\/\/media.th4.com\/LFLOsJJW1RMeuTNFspEWOaSBOANxbxEXfe_EhI4seHE\/pr:1920greybg\/aHR0cDovL21lZGlhMi5kZXNpZ25wYXJ0bmVyLmZyL2MvcC1ibGFuay1USC8yMTM5MS53ZWJw?v=1764164263","opengraph":"https:\/\/media.th4.com\/9HKCLkaON3RKKWG9vLN-_mwH88JNV0gfW4ebAKUkjy0\/pr:1200x630greybg\/aHR0cDovL21lZGlhMi5kZXNpZ25wYXJ0bmVyLmZyL2MvcC1ibGFuay1USC8yMTM5MS53ZWJw?v=1764164263"},"main_images_customization":{"miniature":"https:\/\/media.th4.com\/zQnumnzL4Bpx3gcnzkVnCIxNA9cQudrnZ_LfxSXhJpo\/pr:80\/aHR0cDovL21lZGlhMi5kZXNpZ25wYXJ0bmVyLmZyL2MvcC1ibGFuay1USC8yMTM5MS53ZWJw?v=1764164263","medium":"https:\/\/media.th4.com\/IHLtfB_uha7nJvaYdC9xP9la2VXNl_A2OL8O9e8tGO8\/pr:550x550greybg\/aHR0cDovL21lZGlhMi5kZXNpZ25wYXJ0bmVyLmZyL2MvcC1ibGFuay1USC8yMTM5MS53ZWJw?v=1764164263","medium_large":"https:\/\/media.th4.com\/ttIqqNnFnysm7bcgfBfUeOy83G0AgB0J7nHT-eI-zVM\/pr:1000x1000greybg\/aHR0cDovL21lZGlhMi5kZXNpZ25wYXJ0bmVyLmZyL2MvcC1ibGFuay1USC8yMTM5MS53ZWJw?v=1764164263","large":"https:\/\/media.th4.com\/LFLOsJJW1RMeuTNFspEWOaSBOANxbxEXfe_EhI4seHE\/pr:1920greybg\/aHR0cDovL21lZGlhMi5kZXNpZ25wYXJ0bmVyLmZyL2MvcC1ibGFuay1USC8yMTM5MS53ZWJw?v=1764164263","opengraph":"https:\/\/media.th4.com\/9HKCLkaON3RKKWG9vLN-_mwH88JNV0gfW4ebAKUkjy0\/pr:1200x630greybg\/aHR0cDovL21lZGlhMi5kZXNpZ25wYXJ0bmVyLmZyL2MvcC1ibGFuay1USC8yMTM5MS53ZWJw?v=1764164263"},"page_links":{"fr":"\/fr\/p-nu-rl200-sac-cabas-jute-sac-shopping-rl200-21391\/","en":"\/en\/p-nu-rl200-sac-cabas-jute-shopping-bag-rl200-21391\/","de":"\/de\/p-nu-rl200-sac-cabas-jute-einkaufstasche-rl200-21391\/","nl":"\/nl\/p-nu-rl200-sac-cabas-jute-shoppingtas-rl200-21391\/","es":"\/es\/p-nu-rl200-sac-cabas-jute-bolsa-de-compras-rl200-21391\/","it":"\/it\/p-nu-rl200-sac-cabas-jute-borsa-shopper-rl200-21391\/","sv":"\/sv\/p-nu-rl200-sac-cabas-jute-shoppingvaska-rl200-21391\/","pt":"\/pt\/p-nu-rl200-sac-cabas-jute-saco-de-compras-rl200-21391\/","da":"\/da\/p-nu-rl200-sac-cabas-jute-indkobstaske-rl200-21391\/","pl":"\/pl\/p-nu-rl200-sac-cabas-jute-torba-zakupowa-rl200-21391\/"},"page_links_customization":{"fr":"\/fr\/p-nu-rl200-sac-cabas-jute-sac-shopping-rl200-avec-votre-logo-21391\/custom\/","en":"\/en\/p-nu-rl200-sac-cabas-jute-rl200-jute-tote-bag-shopping-bag-with-your-logo-21391\/custom\/","de":"\/de\/p-nu-rl200-sac-cabas-jute-einkaufstasche-rl200-mit-ihrem-logo-21391\/custom\/","nl":"\/nl\/p-nu-rl200-sac-cabas-jute-shoppingtas-rl200-met-uw-logo-21391\/custom\/","es":"\/es\/p-nu-rl200-sac-cabas-jute-bolsa-de-compra-rl200-con-su-logotipo-21391\/custom\/","it":"\/it\/p-nu-rl200-sac-cabas-jute-borsa-shopper-rl200-con-il-tuo-logo-21391\/custom\/","sv":"\/sv\/p-nu-rl200-sac-cabas-jute-shoppingvaska-rl200-med-din-logotyp-21391\/custom\/","pt":"\/pt\/p-nu-rl200-sac-cabas-jute-saco-de-compras-rl200-com-o-seu-logotipo-21391\/custom\/","da":"\/da\/p-nu-rl200-sac-cabas-jute-indkobstaske-rl200-med-dit-logo-21391\/custom\/","pl":"\/pl\/p-nu-rl200-sac-cabas-jute-torba-zakupowa-rl200-z-twoim-logo-21391\/custom\/"},"equivalent_products":[],"colors":[{"id":24911,"name":"natural\/black","class_ids":[8,11],"codes_hexa":["F6EED7","000000"],"delai_24":false,"has_3d":false,"seuil_global":0,"stock_local":0,"stock_global":13593,"on_standby":false,"in_catalog":true,"images":{"miniature":["https:\/\/media.th4.com\/egooJaIEaZSI-VYsVdl-EeZxIakYoYsOUanf48_ZJx8\/pr:80\/aHR0cDovL21lZGlhMi5kZXNpZ25wYXJ0bmVyLmZyL2MvcC8yMTM5MS8yMTM5MS0yNDkxMS0xLndlYnA?v=1764164188"],"medium":["https:\/\/media.th4.com\/04Edhq8oLISRRsF_A_p-oDkPLKOyjaleBSDul3e-SLw\/pr:550x550\/aHR0cDovL21lZGlhMi5kZXNpZ25wYXJ0bmVyLmZyL2MvcC8yMTM5MS8yMTM5MS0yNDkxMS0xLndlYnA?v=1764164188"],"medium_large":["https:\/\/media.th4.com\/GnjdAKAVe_18DXREF9ZU7kutiqTw7noeI5u_hFdU7Nw\/pr:1000x1000\/aHR0cDovL21lZGlhMi5kZXNpZ25wYXJ0bmVyLmZyL2MvcC8yMTM5MS8yMTM5MS0yNDkxMS0xLndlYnA?v=1764164188"],"large":["https:\/\/media.th4.com\/dxT6xDDUevYa6074pd6MjYhZ4DUu_g7_cdWY4pbk1ng\/pr:1920\/aHR0cDovL21lZGlhMi5kZXNpZ25wYXJ0bmVyLmZyL2MvcC8yMTM5MS8yMTM5MS0yNDkxMS0xLndlYnA?v=1764164188"],"opengraph":["https:\/\/media.th4.com\/mgMsd3vK-9tr2_HbcUSV3cfL0zgjK741Ns4YRAcUKqc\/pr:1200x630\/aHR0cDovL21lZGlhMi5kZXNpZ25wYXJ0bmVyLmZyL2MvcC8yMTM5MS8yMTM5MS0yNDkxMS0xLndlYnA?v=1764164188"]},"images_customization":{"miniature":["https:\/\/media.th4.com\/egooJaIEaZSI-VYsVdl-EeZxIakYoYsOUanf48_ZJx8\/pr:80\/aHR0cDovL21lZGlhMi5kZXNpZ25wYXJ0bmVyLmZyL2MvcC8yMTM5MS8yMTM5MS0yNDkxMS0xLndlYnA?v=1764164188"],"medium":["https:\/\/media.th4.com\/04Edhq8oLISRRsF_A_p-oDkPLKOyjaleBSDul3e-SLw\/pr:550x550\/aHR0cDovL21lZGlhMi5kZXNpZ25wYXJ0bmVyLmZyL2MvcC8yMTM5MS8yMTM5MS0yNDkxMS0xLndlYnA?v=1764164188"],"medium_large":["https:\/\/media.th4.com\/GnjdAKAVe_18DXREF9ZU7kutiqTw7noeI5u_hFdU7Nw\/pr:1000x1000\/aHR0cDovL21lZGlhMi5kZXNpZ25wYXJ0bmVyLmZyL2MvcC8yMTM5MS8yMTM5MS0yNDkxMS0xLndlYnA?v=1764164188"],"large":["https:\/\/media.th4.com\/dxT6xDDUevYa6074pd6MjYhZ4DUu_g7_cdWY4pbk1ng\/pr:1920\/aHR0cDovL21lZGlhMi5kZXNpZ25wYXJ0bmVyLmZyL2MvcC8yMTM5MS8yMTM5MS0yNDkxMS0xLndlYnA?v=1764164188"],"opengraph":["https:\/\/media.th4.com\/mgMsd3vK-9tr2_HbcUSV3cfL0zgjK741Ns4YRAcUKqc\/pr:1200x630\/aHR0cDovL21lZGlhMi5kZXNpZ25wYXJ0bmVyLmZyL2MvcC8yMTM5MS8yMTM5MS0yNDkxMS0xLndlYnA?v=1764164188"]},"country_origin":"IN","traceability":{"manufacturing_country_id":null,"weaving_country_id":null,"dyeing_country_id":null},"sizes":[{"id":3,"article_id":527766,"class_id":3,"name":"S","on_standby":false,"stock_local":0,"stock_global":4536,"multiple":1,"estimated_date_reassort":null,"is_destocking":false},{"id":2,"article_id":527765,"class_id":4,"name":"M","on_standby":false,"stock_local":0,"stock_global":4596,"multiple":1,"estimated_date_reassort":null,"is_destocking":false},{"id":1,"article_id":527764,"class_id":5,"name":"L","on_standby":false,"stock_local":0,"stock_global":4461,"multiple":1,"estimated_date_reassort":null,"is_destocking":false}],"page_links":{"fr":"\/fr\/p-nu-rl200-sac-cabas-jute-sac-shopping-rl200-21391\/natural-black-24911\/","en":"\/en\/p-nu-rl200-sac-cabas-jute-shopping-bag-rl200-21391\/natural-black-24911\/","de":"\/de\/p-nu-rl200-sac-cabas-jute-einkaufstasche-rl200-21391\/natural-black-24911\/","nl":"\/nl\/p-nu-rl200-sac-cabas-jute-shoppingtas-rl200-21391\/natural-black-24911\/","es":"\/es\/p-nu-rl200-sac-cabas-jute-bolsa-de-compras-rl200-21391\/natural-black-24911\/","it":"\/it\/p-nu-rl200-sac-cabas-jute-borsa-shopper-rl200-21391\/natural-black-24911\/","sv":"\/sv\/p-nu-rl200-sac-cabas-jute-shoppingvaska-rl200-21391\/natural-black-24911\/","pt":"\/pt\/p-nu-rl200-sac-cabas-jute-saco-de-compras-rl200-21391\/natural-black-24911\/","da":"\/da\/p-nu-rl200-sac-cabas-jute-indkobstaske-rl200-21391\/natural-black-24911\/","pl":"\/pl\/p-nu-rl200-sac-cabas-jute-torba-zakupowa-rl200-21391\/natural-black-24911\/"},"page_links_customization":{"fr":"\/fr\/p-nu-rl200-sac-cabas-jute-sac-shopping-rl200-avec-votre-logo-21391\/natural-black-24911\/custom\/","en":"\/en\/p-nu-rl200-sac-cabas-jute-rl200-jute-tote-bag-shopping-bag-with-your-logo-21391\/natural-black-24911\/custom\/","de":"\/de\/p-nu-rl200-sac-cabas-jute-einkaufstasche-rl200-mit-ihrem-logo-21391\/natural-black-24911\/custom\/","nl":"\/nl\/p-nu-rl200-sac-cabas-jute-shoppingtas-rl200-met-uw-logo-21391\/natural-black-24911\/custom\/","es":"\/es\/p-nu-rl200-sac-cabas-jute-bolsa-de-compra-rl200-con-su-logotipo-21391\/natural-black-24911\/custom\/","it":"\/it\/p-nu-rl200-sac-cabas-jute-borsa-shopper-rl200-con-il-tuo-logo-21391\/natural-black-24911\/custom\/","sv":"\/sv\/p-nu-rl200-sac-cabas-jute-shoppingvaska-rl200-med-din-logotyp-21391\/natural-black-24911\/custom\/","pt":"\/pt\/p-nu-rl200-sac-cabas-jute-saco-de-compras-rl200-com-o-seu-logotipo-21391\/natural-black-24911\/custom\/","da":"\/da\/p-nu-rl200-sac-cabas-jute-indkobstaske-rl200-med-dit-logo-21391\/natural-black-24911\/custom\/","pl":"\/pl\/p-nu-rl200-sac-cabas-jute-torba-zakupowa-rl200-z-twoim-logo-21391\/natural-black-24911\/custom\/"}},{"id":24909,"name":"black\/black","class_ids":[4,4],"codes_hexa":["000000","000000"],"delai_24":false,"has_3d":false,"seuil_global":0,"stock_local":0,"stock_global":13473,"on_standby":false,"in_catalog":true,"images":{"miniature":["https:\/\/media.th4.com\/wa7p1OfZugL4Bx47N7jGbRaDLQCIeOo-g7JxRBPRjkc\/pr:80\/aHR0cDovL21lZGlhMi5kZXNpZ25wYXJ0bmVyLmZyL2MvcC8yMTM5MS8yMTM5MS0yNDkwOS0xLndlYnA?v=1764164188"],"medium":["https:\/\/media.th4.com\/HyNa2O6hfAHaQY0xrfMdyBVmIp6DHfVnAupZTtoLJkA\/pr:550x550\/aHR0cDovL21lZGlhMi5kZXNpZ25wYXJ0bmVyLmZyL2MvcC8yMTM5MS8yMTM5MS0yNDkwOS0xLndlYnA?v=1764164188"],"medium_large":["https:\/\/media.th4.com\/sjuECfrmWdvLQ2eN8jgqn00azkNlWsQHGOmpN1zLXyk\/pr:1000x1000\/aHR0cDovL21lZGlhMi5kZXNpZ25wYXJ0bmVyLmZyL2MvcC8yMTM5MS8yMTM5MS0yNDkwOS0xLndlYnA?v=1764164188"],"large":["https:\/\/media.th4.com\/jE_sDdCEHh39a3pt837Dv7ZMAVtqgXh-Ddenb7D56Rc\/pr:1920\/aHR0cDovL21lZGlhMi5kZXNpZ25wYXJ0bmVyLmZyL2MvcC8yMTM5MS8yMTM5MS0yNDkwOS0xLndlYnA?v=1764164188"],"opengraph":["https:\/\/media.th4.com\/6Jk8V3g47YObE66DBowTU2JXjf5CCO9EStV1DhDCRkI\/pr:1200x630\/aHR0cDovL21lZGlhMi5kZXNpZ25wYXJ0bmVyLmZyL2MvcC8yMTM5MS8yMTM5MS0yNDkwOS0xLndlYnA?v=1764164188"]},"images_customization":{"miniature":["https:\/\/media.th4.com\/wa7p1OfZugL4Bx47N7jGbRaDLQCIeOo-g7JxRBPRjkc\/pr:80\/aHR0cDovL21lZGlhMi5kZXNpZ25wYXJ0bmVyLmZyL2MvcC8yMTM5MS8yMTM5MS0yNDkwOS0xLndlYnA?v=1764164188"],"medium":["https:\/\/media.th4.com\/HyNa2O6hfAHaQY0xrfMdyBVmIp6DHfVnAupZTtoLJkA\/pr:550x550\/aHR0cDovL21lZGlhMi5kZXNpZ25wYXJ0bmVyLmZyL2MvcC8yMTM5MS8yMTM5MS0yNDkwOS0xLndlYnA?v=1764164188"],"medium_large":["https:\/\/media.th4.com\/sjuECfrmWdvLQ2eN8jgqn00azkNlWsQHGOmpN1zLXyk\/pr:1000x1000\/aHR0cDovL21lZGlhMi5kZXNpZ25wYXJ0bmVyLmZyL2MvcC8yMTM5MS8yMTM5MS0yNDkwOS0xLndlYnA?v=1764164188"],"large":["https:\/\/media.th4.com\/jE_sDdCEHh39a3pt837Dv7ZMAVtqgXh-Ddenb7D56Rc\/pr:1920\/aHR0cDovL21lZGlhMi5kZXNpZ25wYXJ0bmVyLmZyL2MvcC8yMTM5MS8yMTM5MS0yNDkwOS0xLndlYnA?v=1764164188"],"opengraph":["https:\/\/media.th4.com\/6Jk8V3g47YObE66DBowTU2JXjf5CCO9EStV1DhDCRkI\/pr:1200x630\/aHR0cDovL21lZGlhMi5kZXNpZ25wYXJ0bmVyLmZyL2MvcC8yMTM5MS8yMTM5MS0yNDkwOS0xLndlYnA?v=1764164188"]},"country_origin":"IN","traceability":{"manufacturing_country_id":null,"weaving_country_id":null,"dyeing_country_id":null},"sizes":[{"id":3,"article_id":527760,"class_id":3,"name":"S","on_standby":false,"stock_local":0,"stock_global":4554,"multiple":1,"estimated_date_reassort":null,"is_destocking":false},{"id":2,"article_id":527759,"class_id":4,"name":"M","on_standby":false,"stock_local":0,"stock_global":4519,"multiple":1,"estimated_date_reassort":null,"is_destocking":false},{"id":1,"article_id":527758,"class_id":5,"name":"L","on_standby":false,"stock_local":0,"stock_global":4400,"multiple":1,"estimated_date_reassort":null,"is_destocking":false}],"page_links":{"fr":"\/fr\/p-nu-rl200-sac-cabas-jute-sac-shopping-rl200-21391\/black-black-24909\/","en":"\/en\/p-nu-rl200-sac-cabas-jute-shopping-bag-rl200-21391\/black-black-24909\/","de":"\/de\/p-nu-rl200-sac-cabas-jute-einkaufstasche-rl200-21391\/black-black-24909\/","nl":"\/nl\/p-nu-rl200-sac-cabas-jute-shoppingtas-rl200-21391\/black-black-24909\/","es":"\/es\/p-nu-rl200-sac-cabas-jute-bolsa-de-compras-rl200-21391\/black-black-24909\/","it":"\/it\/p-nu-rl200-sac-cabas-jute-borsa-shopper-rl200-21391\/black-black-24909\/","sv":"\/sv\/p-nu-rl200-sac-cabas-jute-shoppingvaska-rl200-21391\/black-black-24909\/","pt":"\/pt\/p-nu-rl200-sac-cabas-jute-saco-de-compras-rl200-21391\/black-black-24909\/","da":"\/da\/p-nu-rl200-sac-cabas-jute-indkobstaske-rl200-21391\/black-black-24909\/","pl":"\/pl\/p-nu-rl200-sac-cabas-jute-torba-zakupowa-rl200-21391\/black-black-24909\/"},"page_links_customization":{"fr":"\/fr\/p-nu-rl200-sac-cabas-jute-sac-shopping-rl200-avec-votre-logo-21391\/black-black-24909\/custom\/","en":"\/en\/p-nu-rl200-sac-cabas-jute-rl200-jute-tote-bag-shopping-bag-with-your-logo-21391\/black-black-24909\/custom\/","de":"\/de\/p-nu-rl200-sac-cabas-jute-einkaufstasche-rl200-mit-ihrem-logo-21391\/black-black-24909\/custom\/","nl":"\/nl\/p-nu-rl200-sac-cabas-jute-shoppingtas-rl200-met-uw-logo-21391\/black-black-24909\/custom\/","es":"\/es\/p-nu-rl200-sac-cabas-jute-bolsa-de-compra-rl200-con-su-logotipo-21391\/black-black-24909\/custom\/","it":"\/it\/p-nu-rl200-sac-cabas-jute-borsa-shopper-rl200-con-il-tuo-logo-21391\/black-black-24909\/custom\/","sv":"\/sv\/p-nu-rl200-sac-cabas-jute-shoppingvaska-rl200-med-din-logotyp-21391\/black-black-24909\/custom\/","pt":"\/pt\/p-nu-rl200-sac-cabas-jute-saco-de-compras-rl200-com-o-seu-logotipo-21391\/black-black-24909\/custom\/","da":"\/da\/p-nu-rl200-sac-cabas-jute-indkobstaske-rl200-med-dit-logo-21391\/black-black-24909\/custom\/","pl":"\/pl\/p-nu-rl200-sac-cabas-jute-torba-zakupowa-rl200-z-twoim-logo-21391\/black-black-24909\/custom\/"}},{"id":24910,"name":"french_navy\/french_navy","class_ids":[2,2],"codes_hexa":["1E212A","1E212A"],"delai_24":false,"has_3d":false,"seuil_global":0,"stock_local":0,"stock_global":9639,"on_standby":false,"in_catalog":true,"images":{"miniature":["https:\/\/media.th4.com\/o7OD0bp4dnGLcOGB0PHlkKLOLIgXtAk7G5OJ_HlLyfM\/pr:80\/aHR0cDovL21lZGlhMi5kZXNpZ25wYXJ0bmVyLmZyL2MvcC8yMTM5MS8yMTM5MS0yNDkxMC0xLndlYnA?v=1764164188"],"medium":["https:\/\/media.th4.com\/gJSoekT8LbZ-JReJrO4FRDQsmWCSA51oaq6eL7eM2oQ\/pr:550x550\/aHR0cDovL21lZGlhMi5kZXNpZ25wYXJ0bmVyLmZyL2MvcC8yMTM5MS8yMTM5MS0yNDkxMC0xLndlYnA?v=1764164188"],"medium_large":["https:\/\/media.th4.com\/S4NYqOmQU0pSZi7DFwJUQ0XUmNr1yC_-0xwrIRJOnFA\/pr:1000x1000\/aHR0cDovL21lZGlhMi5kZXNpZ25wYXJ0bmVyLmZyL2MvcC8yMTM5MS8yMTM5MS0yNDkxMC0xLndlYnA?v=1764164188"],"large":["https:\/\/media.th4.com\/QiNFfwhAPGbsSvmlJW7qdbhC09DYwUSMNuDBSCx5hUE\/pr:1920\/aHR0cDovL21lZGlhMi5kZXNpZ25wYXJ0bmVyLmZyL2MvcC8yMTM5MS8yMTM5MS0yNDkxMC0xLndlYnA?v=1764164188"],"opengraph":["https:\/\/media.th4.com\/uS-EG_EqfIaepInmLUDGXhxdaXPGFUAJuBbxRAJRmWs\/pr:1200x630\/aHR0cDovL21lZGlhMi5kZXNpZ25wYXJ0bmVyLmZyL2MvcC8yMTM5MS8yMTM5MS0yNDkxMC0xLndlYnA?v=1764164188"]},"images_customization":{"miniature":["https:\/\/media.th4.com\/o7OD0bp4dnGLcOGB0PHlkKLOLIgXtAk7G5OJ_HlLyfM\/pr:80\/aHR0cDovL21lZGlhMi5kZXNpZ25wYXJ0bmVyLmZyL2MvcC8yMTM5MS8yMTM5MS0yNDkxMC0xLndlYnA?v=1764164188"],"medium":["https:\/\/media.th4.com\/gJSoekT8LbZ-JReJrO4FRDQsmWCSA51oaq6eL7eM2oQ\/pr:550x550\/aHR0cDovL21lZGlhMi5kZXNpZ25wYXJ0bmVyLmZyL2MvcC8yMTM5MS8yMTM5MS0yNDkxMC0xLndlYnA?v=1764164188"],"medium_large":["https:\/\/media.th4.com\/S4NYqOmQU0pSZi7DFwJUQ0XUmNr1yC_-0xwrIRJOnFA\/pr:1000x1000\/aHR0cDovL21lZGlhMi5kZXNpZ25wYXJ0bmVyLmZyL2MvcC8yMTM5MS8yMTM5MS0yNDkxMC0xLndlYnA?v=1764164188"],"large":["https:\/\/media.th4.com\/QiNFfwhAPGbsSvmlJW7qdbhC09DYwUSMNuDBSCx5hUE\/pr:1920\/aHR0cDovL21lZGlhMi5kZXNpZ25wYXJ0bmVyLmZyL2MvcC8yMTM5MS8yMTM5MS0yNDkxMC0xLndlYnA?v=1764164188"],"opengraph":["https:\/\/media.th4.com\/uS-EG_EqfIaepInmLUDGXhxdaXPGFUAJuBbxRAJRmWs\/pr:1200x630\/aHR0cDovL21lZGlhMi5kZXNpZ25wYXJ0bmVyLmZyL2MvcC8yMTM5MS8yMTM5MS0yNDkxMC0xLndlYnA?v=1764164188"]},"country_origin":"IN","traceability":{"manufacturing_country_id":null,"weaving_country_id":null,"dyeing_country_id":null},"sizes":[{"id":3,"article_id":527763,"class_id":3,"name":"S","on_standby":false,"stock_local":0,"stock_global":3552,"multiple":1,"estimated_date_reassort":null,"is_destocking":false},{"id":2,"article_id":527762,"class_id":4,"name":"M","on_standby":false,"stock_local":0,"stock_global":2906,"multiple":1,"estimated_date_reassort":null,"is_destocking":false},{"id":1,"article_id":527761,"class_id":5,"name":"L","on_standby":false,"stock_local":0,"stock_global":3181,"multiple":1,"estimated_date_reassort":null,"is_destocking":false}],"page_links":{"fr":"\/fr\/p-nu-rl200-sac-cabas-jute-sac-shopping-rl200-21391\/french-navy-french-navy-24910\/","en":"\/en\/p-nu-rl200-sac-cabas-jute-shopping-bag-rl200-21391\/french-navy-french-navy-24910\/","de":"\/de\/p-nu-rl200-sac-cabas-jute-einkaufstasche-rl200-21391\/french-navy-french-navy-24910\/","nl":"\/nl\/p-nu-rl200-sac-cabas-jute-shoppingtas-rl200-21391\/french-navy-french-navy-24910\/","es":"\/es\/p-nu-rl200-sac-cabas-jute-bolsa-de-compras-rl200-21391\/french-navy-french-navy-24910\/","it":"\/it\/p-nu-rl200-sac-cabas-jute-borsa-shopper-rl200-21391\/french-navy-french-navy-24910\/","sv":"\/sv\/p-nu-rl200-sac-cabas-jute-shoppingvaska-rl200-21391\/french-navy-french-navy-24910\/","pt":"\/pt\/p-nu-rl200-sac-cabas-jute-saco-de-compras-rl200-21391\/french-navy-french-navy-24910\/","da":"\/da\/p-nu-rl200-sac-cabas-jute-indkobstaske-rl200-21391\/french-navy-french-navy-24910\/","pl":"\/pl\/p-nu-rl200-sac-cabas-jute-torba-zakupowa-rl200-21391\/french-navy-french-navy-24910\/"},"page_links_customization":{"fr":"\/fr\/p-nu-rl200-sac-cabas-jute-sac-shopping-rl200-avec-votre-logo-21391\/french-navy-french-navy-24910\/custom\/","en":"\/en\/p-nu-rl200-sac-cabas-jute-rl200-jute-tote-bag-shopping-bag-with-your-logo-21391\/french-navy-french-navy-24910\/custom\/","de":"\/de\/p-nu-rl200-sac-cabas-jute-einkaufstasche-rl200-mit-ihrem-logo-21391\/french-navy-french-navy-24910\/custom\/","nl":"\/nl\/p-nu-rl200-sac-cabas-jute-shoppingtas-rl200-met-uw-logo-21391\/french-navy-french-navy-24910\/custom\/","es":"\/es\/p-nu-rl200-sac-cabas-jute-bolsa-de-compra-rl200-con-su-logotipo-21391\/french-navy-french-navy-24910\/custom\/","it":"\/it\/p-nu-rl200-sac-cabas-jute-borsa-shopper-rl200-con-il-tuo-logo-21391\/french-navy-french-navy-24910\/custom\/","sv":"\/sv\/p-nu-rl200-sac-cabas-jute-shoppingvaska-rl200-med-din-logotyp-21391\/french-navy-french-navy-24910\/custom\/","pt":"\/pt\/p-nu-rl200-sac-cabas-jute-saco-de-compras-rl200-com-o-seu-logotipo-21391\/french-navy-french-navy-24910\/custom\/","da":"\/da\/p-nu-rl200-sac-cabas-jute-indkobstaske-rl200-med-dit-logo-21391\/french-navy-french-navy-24910\/custom\/","pl":"\/pl\/p-nu-rl200-sac-cabas-jute-torba-zakupowa-rl200-z-twoim-logo-21391\/french-navy-french-navy-24910\/custom\/"}},{"id":20560,"name":"natural\/natural","class_ids":[3,3],"codes_hexa":["dddcd8","dddcd8"],"delai_24":false,"has_3d":false,"seuil_global":0,"stock_local":0,"stock_global":9333,"on_standby":false,"in_catalog":true,"images":{"miniature":["https:\/\/media.th4.com\/zrmSYZngVf0KD_vJq1XVDgNqlpKn1Lf8xG13THrsoI4\/pr:80\/aHR0cDovL21lZGlhMi5kZXNpZ25wYXJ0bmVyLmZyL2MvcC8yMTM5MS8yMTM5MS0yMDU2MC0xLndlYnA?v=1764164189"],"medium":["https:\/\/media.th4.com\/0lUzRMoQc9kAN7rIv2X6M63XLKk4SAgTtwWeaq88Axo\/pr:550x550\/aHR0cDovL21lZGlhMi5kZXNpZ25wYXJ0bmVyLmZyL2MvcC8yMTM5MS8yMTM5MS0yMDU2MC0xLndlYnA?v=1764164189"],"medium_large":["https:\/\/media.th4.com\/gHn_-_BdmU6TMTX2uad6BaXUkfjtRwyHCvaZOiaSaZ8\/pr:1000x1000\/aHR0cDovL21lZGlhMi5kZXNpZ25wYXJ0bmVyLmZyL2MvcC8yMTM5MS8yMTM5MS0yMDU2MC0xLndlYnA?v=1764164189"],"large":["https:\/\/media.th4.com\/WrvqTGqVukAT7rO3jg9bhXyhh4l2vSR81lCv_dXL4EM\/pr:1920\/aHR0cDovL21lZGlhMi5kZXNpZ25wYXJ0bmVyLmZyL2MvcC8yMTM5MS8yMTM5MS0yMDU2MC0xLndlYnA?v=1764164189"],"opengraph":["https:\/\/media.th4.com\/hOPoGrlTiY1MDb2njBS1cZsNivlssSteo7OECL09upI\/pr:1200x630\/aHR0cDovL21lZGlhMi5kZXNpZ25wYXJ0bmVyLmZyL2MvcC8yMTM5MS8yMTM5MS0yMDU2MC0xLndlYnA?v=1764164189"]},"images_customization":{"miniature":["https:\/\/media.th4.com\/zrmSYZngVf0KD_vJq1XVDgNqlpKn1Lf8xG13THrsoI4\/pr:80\/aHR0cDovL21lZGlhMi5kZXNpZ25wYXJ0bmVyLmZyL2MvcC8yMTM5MS8yMTM5MS0yMDU2MC0xLndlYnA?v=1764164189"],"medium":["https:\/\/media.th4.com\/0lUzRMoQc9kAN7rIv2X6M63XLKk4SAgTtwWeaq88Axo\/pr:550x550\/aHR0cDovL21lZGlhMi5kZXNpZ25wYXJ0bmVyLmZyL2MvcC8yMTM5MS8yMTM5MS0yMDU2MC0xLndlYnA?v=1764164189"],"medium_large":["https:\/\/media.th4.com\/gHn_-_BdmU6TMTX2uad6BaXUkfjtRwyHCvaZOiaSaZ8\/pr:1000x1000\/aHR0cDovL21lZGlhMi5kZXNpZ25wYXJ0bmVyLmZyL2MvcC8yMTM5MS8yMTM5MS0yMDU2MC0xLndlYnA?v=1764164189"],"large":["https:\/\/media.th4.com\/WrvqTGqVukAT7rO3jg9bhXyhh4l2vSR81lCv_dXL4EM\/pr:1920\/aHR0cDovL21lZGlhMi5kZXNpZ25wYXJ0bmVyLmZyL2MvcC8yMTM5MS8yMTM5MS0yMDU2MC0xLndlYnA?v=1764164189"],"opengraph":["https:\/\/media.th4.com\/hOPoGrlTiY1MDb2njBS1cZsNivlssSteo7OECL09upI\/pr:1200x630\/aHR0cDovL21lZGlhMi5kZXNpZ25wYXJ0bmVyLmZyL2MvcC8yMTM5MS8yMTM5MS0yMDU2MC0xLndlYnA?v=1764164189"]},"country_origin":"IN","traceability":{"manufacturing_country_id":null,"weaving_country_id":null,"dyeing_country_id":null},"sizes":[{"id":3,"article_id":527769,"class_id":3,"name":"S","on_standby":false,"stock_local":0,"stock_global":4278,"multiple":1,"estimated_date_reassort":null,"is_destocking":false},{"id":2,"article_id":527768,"class_id":4,"name":"M","on_standby":false,"stock_local":0,"stock_global":730,"multiple":1,"estimated_date_reassort":null,"is_destocking":false},{"id":1,"article_id":527767,"class_id":5,"name":"L","on_standby":false,"stock_local":0,"stock_global":4325,"multiple":1,"estimated_date_reassort":null,"is_destocking":false}],"page_links":{"fr":"\/fr\/p-nu-rl200-sac-cabas-jute-sac-shopping-rl200-21391\/natural-natural-20560\/","en":"\/en\/p-nu-rl200-sac-cabas-jute-shopping-bag-rl200-21391\/natural-natural-20560\/","de":"\/de\/p-nu-rl200-sac-cabas-jute-einkaufstasche-rl200-21391\/natural-natural-20560\/","nl":"\/nl\/p-nu-rl200-sac-cabas-jute-shoppingtas-rl200-21391\/natural-natural-20560\/","es":"\/es\/p-nu-rl200-sac-cabas-jute-bolsa-de-compras-rl200-21391\/natural-natural-20560\/","it":"\/it\/p-nu-rl200-sac-cabas-jute-borsa-shopper-rl200-21391\/natural-natural-20560\/","sv":"\/sv\/p-nu-rl200-sac-cabas-jute-shoppingvaska-rl200-21391\/natural-natural-20560\/","pt":"\/pt\/p-nu-rl200-sac-cabas-jute-saco-de-compras-rl200-21391\/natural-natural-20560\/","da":"\/da\/p-nu-rl200-sac-cabas-jute-indkobstaske-rl200-21391\/natural-natural-20560\/","pl":"\/pl\/p-nu-rl200-sac-cabas-jute-torba-zakupowa-rl200-21391\/natural-natural-20560\/"},"page_links_customization":{"fr":"\/fr\/p-nu-rl200-sac-cabas-jute-sac-shopping-rl200-avec-votre-logo-21391\/natural-natural-20560\/custom\/","en":"\/en\/p-nu-rl200-sac-cabas-jute-rl200-jute-tote-bag-shopping-bag-with-your-logo-21391\/natural-natural-20560\/custom\/","de":"\/de\/p-nu-rl200-sac-cabas-jute-einkaufstasche-rl200-mit-ihrem-logo-21391\/natural-natural-20560\/custom\/","nl":"\/nl\/p-nu-rl200-sac-cabas-jute-shoppingtas-rl200-met-uw-logo-21391\/natural-natural-20560\/custom\/","es":"\/es\/p-nu-rl200-sac-cabas-jute-bolsa-de-compra-rl200-con-su-logotipo-21391\/natural-natural-20560\/custom\/","it":"\/it\/p-nu-rl200-sac-cabas-jute-borsa-shopper-rl200-con-il-tuo-logo-21391\/natural-natural-20560\/custom\/","sv":"\/sv\/p-nu-rl200-sac-cabas-jute-shoppingvaska-rl200-med-din-logotyp-21391\/natural-natural-20560\/custom\/","pt":"\/pt\/p-nu-rl200-sac-cabas-jute-saco-de-compras-rl200-com-o-seu-logotipo-21391\/natural-natural-20560\/custom\/","da":"\/da\/p-nu-rl200-sac-cabas-jute-indkobstaske-rl200-med-dit-logo-21391\/natural-natural-20560\/custom\/","pl":"\/pl\/p-nu-rl200-sac-cabas-jute-torba-zakupowa-rl200-z-twoim-logo-21391\/natural-natural-20560\/custom\/"}}],"documentation_link":null,"countries_availables":["AD","AE","AL","AT","BA","BD","BE","BG","BL","CA","CH","CN","CO","CY","CZ","DE","DK","DO","EE","EG","ES","ET","FI","FR","GB","GE","GF","GP","GR","GT","HK","HN","HR","HT","HU","ID","IE","IN","IS","IT","JO","JP","KE","KH","KP","KR","LA","LK","LS","LT","LU","LV","MA","MF","MG","MK","MM","MN","MQ","MT","MX","MY","NC","NI","NL","PF","PH","PK","PL","PM","PT","RE","RO","SE","SG","SI","SK","SV","SY","TH","TN","TR","TW","TZ","US","VN","WF","YT"]},"infos_customization":[],"features":{"authorize_multi_surfaces":true,"display_order_delay_type":true,"promote_surface_display":true,"tarification_franco_offert":true,"enabled_3d_editor":false},"markings":[{"id":0,"nom":"vierge","finition":null,"libelle":null,"code":null,"dpi":null,"finesse_forme_isolee":null,"finesse_forme_non_isolee":null,"hauteur_minimale_texte":null,"inactif":0,"marquage_interne":1,"quantite_min":null,"parent_id":null,"print_on_support":0,"content":"vierge","description":null},{"id":2,"nom":"fonce","finition":"optimale","libelle":"TopQuadri","code":null,"dpi":400,"finesse_forme_isolee":"0.040","finesse_forme_non_isolee":"0.700","hauteur_minimale_texte":2,"inactif":0,"marquage_interne":1,"quantite_min":null,"parent_id":18,"print_on_support":0,"content":"TopQuadri","description":"pour petites et moyennes s\u00e9ries"},{"id":3,"nom":"serigraphie","finition":"serigraphie","libelle":"SeriCoat","code":null,"dpi":400,"finesse_forme_isolee":"0.040","finesse_forme_non_isolee":"0.700","hauteur_minimale_texte":2,"inactif":0,"marquage_interne":1,"quantite_min":15,"parent_id":18,"print_on_support":0,"content":"SeriCoat","description":"pour moyennes et grandes s\u00e9ries"},{"id":4,"nom":"broderie","finition":"broderie","libelle":"Broderie","code":null,"dpi":400,"finesse_forme_isolee":"0.040","finesse_forme_non_isolee":"0.700","hauteur_minimale_texte":3,"inactif":0,"marquage_interne":1,"quantite_min":null,"parent_id":null,"print_on_support":0,"content":"Broderie","description":null},{"id":8,"nom":"theme","finition":null,"libelle":"Th\u00e8me","code":null,"dpi":null,"finesse_forme_isolee":null,"finesse_forme_non_isolee":null,"hauteur_minimale_texte":null,"inactif":0,"marquage_interne":1,"quantite_min":null,"parent_id":null,"print_on_support":0,"content":"Th\u00e8me","description":null},{"id":9,"nom":"sans","finition":null,"libelle":null,"code":null,"dpi":null,"finesse_forme_isolee":null,"finesse_forme_non_isolee":null,"hauteur_minimale_texte":null,"inactif":0,"marquage_interne":1,"quantite_min":null,"parent_id":null,"print_on_support":0,"content":"sans","description":null},{"id":10,"nom":"photo","finition":null,"libelle":"Photo","code":null,"dpi":null,"finesse_forme_isolee":null,"finesse_forme_non_isolee":null,"hauteur_minimale_texte":null,"inactif":0,"marquage_interne":1,"quantite_min":null,"parent_id":null,"print_on_support":0,"content":"Photo","description":null},{"id":14,"nom":"couleur","finition":null,"libelle":"Couleur","code":null,"dpi":null,"finesse_forme_isolee":null,"finesse_forme_non_isolee":null,"hauteur_minimale_texte":null,"inactif":0,"marquage_interne":1,"quantite_min":null,"parent_id":null,"print_on_support":0,"content":"Couleur","description":null},{"id":15,"nom":"sublimation","finition":"sublimation","libelle":"Sublimation","code":null,"dpi":null,"finesse_forme_isolee":"0.000","finesse_forme_non_isolee":"0.000","hauteur_minimale_texte":2,"inactif":0,"marquage_interne":1,"quantite_min":null,"parent_id":null,"print_on_support":0,"content":"Sublimation","description":null},{"id":16,"nom":"topquadri_uv","finition":null,"libelle":"TopQuadri UV","code":null,"dpi":null,"finesse_forme_isolee":"0.020","finesse_forme_non_isolee":"0.700","hauteur_minimale_texte":2,"inactif":0,"marquage_interne":1,"quantite_min":null,"parent_id":null,"print_on_support":1,"content":null,"description":null},{"id":17,"nom":"topquadri_uvp","finition":null,"libelle":"TopQuadri UVP","code":null,"dpi":null,"finesse_forme_isolee":"0.020","finesse_forme_non_isolee":"0.700","hauteur_minimale_texte":2,"inactif":0,"marquage_interne":1,"quantite_min":null,"parent_id":null,"print_on_support":1,"content":null,"description":null},{"id":18,"nom":"quadri","finition":null,"libelle":"Impression","code":null,"dpi":null,"finesse_forme_isolee":null,"finesse_forme_non_isolee":null,"hauteur_minimale_texte":null,"inactif":0,"marquage_interne":1,"quantite_min":null,"parent_id":null,"print_on_support":0,"content":null,"description":null}]}}