{"data":{"product":{"id":21380,"titre":"Prime jacket","description":"Blouson l\u00e9ger et imperm\u00e9able. Doublure en polyester recycl\u00e9. Blouson l\u00e9ger imperm\u00e9able. Fermetures zipp\u00e9es imperm\u00e9ables. Bord c\u00f4te \u00e9lastiqu\u00e9 aux manches et au bas du blouson. Imperm\u00e9abilit\u00e9 : 4000 -5000 mm. Ouatine et doublure 100% recycl\u00e9es. Composition : 100 % polyester stretch.","genre":"homme","grammage":0,"conditionnement":10,"composition":"polyester,polyester_uniquement","reference":"pe-pk525","reference_visible":"pe-pk525","reference_fabricant":"PK525","ref_xor":"722369","in_catalog":true,"is_transfer":false,"is_service":false,"on_standby":false,"has_3d":false,"has_size_guide":true,"has_marking":true,"has_vierge":true,"is_cross_sellable":false,"id_picto":27,"filename_3d":null,"brand":{"id":15,"name":"Pen Duick","logo":"logo-penduick.png","image":"https:\/\/media.th4.com\/jaXvsIWFKqV487qMMDrRAwfLSrLUkWGBghEvc2lRYYc\/pr:brand70x70\/aHR0cDovL21lZGlhMi5kZXNpZ25wYXJ0bmVyLmZyL2MvbS9sb2dvLXBlbmR1aWNrLnBuZw?v=1756911782"},"price_infos":{"price_from":41.3,"quantity":200,"color":{"id":307,"name":"navy"},"size":{"id":1,"name":"L"}},"price_infos_marking":{"price_from":50.3,"quantity":200,"color":{"id":307,"name":"navy"},"size":{"id":1,"name":"L"},"marking":{"id":4,"name":""},"emplacement":"avant","surface_emplacement_id":1,"surface":"coeur"},"i18n":{"blank":{"title":{"fr":"Prime Jacket Coupe-vent PEN DUICK pk525","en":"Prime Jacket Windbreaker PEN DUICK pk525","de":"Prime Jacket Windbreaker PEN DUICK pk525","nl":"Prime Jacket windjack PEN DUICK pk525","es":"Prime Jacket Cortavientos PEN DUICK pk525","it":"Prime Jacket Giacca a vento PEN DUICK pk525","sv":"Prime Jacket Vindjacka PEN DUICK pk525","pt":"Prime Jacket Corta-vento PEN DUICK pk525","da":"Prime Jacket Vindjakke PEN DUICK pk525","pl":"Prime Jacket Wiatr\u00f3wka PEN DUICK pk525"},"description":{"fr":"Le Prime Jacket est un blouson l\u00e9ger imperm\u00e9able en polyester stretch, avec doublure en polyester recycl\u00e9. Fermetures zipp\u00e9es imperm\u00e9ables. Bas et manches avec bord-c\u00f4te \u00e9lastiqu\u00e9.\n\n- Composition : 100% polyester\n- Doublure : polyester recycl\u00e9\n- Ouatine : 100% recycl\u00e9e\n- Imperm\u00e9abilit\u00e9 : 4000-5000 mm","en":"The Prime Jacket is a lightweight waterproof jacket in stretch polyester, with a recycled polyester lining. Waterproof zip fastenings. Hem and cuffs with elasticated ribbing.\n\n- Composition: 100% polyester\n- Lining: recycled polyester\n- Padding: 100% recycled\n- Waterproof rating: 4000-5000 mm","de":"Die Prime Jacket ist eine leichte wasserdichte Jacke aus Stretch-Polyester, mit Futter aus recyceltem Polyester. Wasserdichte Rei\u00dfverschl\u00fcsse. Saum und \u00c4rmel mit elastischen Rippb\u00fcndchen.\n\n- Zusammensetzung: 100% Polyester\n- Futter: recyceltes Polyester\n- Wattierung: 100% recycelt\n- Wassers\u00e4ule: 4000-5000 mm","nl":"De Prime Jacket is een lichte waterdichte jas van stretchpolyester, met een voering van gerecycled polyester. Waterdichte ritssluitingen. Onderkant en manchetten met elastische ribboord.\n\n- Samenstelling: 100% polyester\n- Voering: gerecycled polyester\n- Wattine: 100% gerecycled\n- Waterdichtheid: 4000-5000 mm","es":"La Prime Jacket es una chaqueta ligera impermeable de poli\u00e9ster el\u00e1stico, con forro de poli\u00e9ster reciclado. Cremalleras impermeables. Bajo y pu\u00f1os con ribete el\u00e1stico.\n\n- Composici\u00f3n: 100% poli\u00e9ster\n- Forro: poli\u00e9ster reciclado\n- Guata: 100% reciclada\n- Impermeabilidad: 4000-5000 mm","it":"Il Prime Jacket \u00e8 un giubbino leggero impermeabile in poliestere stretch, con fodera in poliestere riciclato. Chiusure zip impermeabili. Fondo e maniche con bordo a costine elasticizzato.\\\n\\\n- Composizione: 100% poliestere\\\n- Fodera: poliestere riciclato\\\n- Ovatta: 100% riciclata\\\n- Impermeabilit\u00e0: 4000-5000 mm","sv":"Prime Jacket \u00e4r en l\u00e4tt, vattent\u00e4t jacka i stretchpolyester med foder i \u00e5tervunnen polyester. Vattent\u00e4ta dragkedjor. Nederkant och \u00e4rmslut med elastiska ribbade muddar.\n\n- Sammans\u00e4ttning: 100% polyester\n- Foder: \u00e5tervunnen polyester\n- Vadd: 100% \u00e5tervunnen\n- Vattent\u00e4thet: 4000-5000 mm","pt":"O Prime Jacket \u00e9 um casaco leve imperme\u00e1vel em poli\u00e9ster stretch, com forro em poli\u00e9ster reciclado. Fechos de correr imperme\u00e1veis. Bainha e punhos com malha canelada el\u00e1stica.\n\n- Composi\u00e7\u00e3o: 100% poli\u00e9ster\n- Forro: poli\u00e9ster reciclado\n- Enchimento: 100% reciclado\n- Impermeabilidade: 4000-5000 mm","da":"Prime Jacket er en let vandt\u00e6t jakke i stretchpolyester med for i genanvendt polyester. Vandt\u00e6tte lynl\u00e5slukninger. Nederkant og manchetter med elastisk ribkant.\n\n- Sammens\u00e6tning: 100% polyester\n- For: genanvendt polyester\n- Vat: 100% genanvendt\n- Vandt\u00e6thed: 4000-5000 mm","pl":"Prime Jacket to lekka, wodoodporna kurtka z elastycznego poliestru, z podszewk\u0105 z poliestru z recyklingu. Wodoodporne zamki b\u0142yskawiczne. D\u00f3\u0142 i r\u0119kawy z elastycznym \u015bci\u0105gaczem.\n\n- Sk\u0142ad: 100% poliester\n- Podszewka: poliester z recyklingu\n- Ocieplenie: 100% z recyklingu\n- Wodoodporno\u015b\u0107: 4000-5000 mm"},"h1":{"fr":"Prime Jacket Coupe-vent pk525","en":"Prime Jacket Windbreaker pk525","de":"Prime Jacket Windbreaker pk525","nl":"Prime Jacket windjack pk525","es":"Prime Jacket Cortavientos pk525","it":"Prime Jacket Giacca a vento pk525","sv":"Prime Jacket Vindjacka pk525","pt":"Prime Jacket Corta-vento pk525","da":"Prime Jacket Vindjakke pk525","pl":"Prime Jacket Wiatr\u00f3wka pk525"},"meta_description":{"fr":"Blouson l\u00e9ger imperm\u00e9able en polyester stretch, avec doublure recycl\u00e9e et fermetures zipp\u00e9es imperm\u00e9ables. Bas et manches \u00e9lastiqu\u00e9s.","en":"Lightweight waterproof jacket in stretch polyester, with recycled lining and waterproof zip fastenings. Elasticated hem and cuffs.","de":"Leichte wasserdichte Jacke aus Stretch-Polyester, mit recyceltem Futter und wasserdichten Rei\u00dfverschl\u00fcssen. Elastischer Saum und elastische \u00c4rmelb\u00fcndchen.","nl":"Lichte waterdichte jas van stretchpolyester, met gerecyclede voering en waterdichte ritssluitingen. Elastische onderkant en manchetten.","es":"Chaqueta ligera impermeable de poli\u00e9ster el\u00e1stico, con forro reciclado y cremalleras impermeables. Bajo y pu\u00f1os el\u00e1sticos.","it":"Giubbino leggero impermeabile in poliestere stretch, con fodera riciclata e chiusure zip impermeabili. Fondo e maniche elasticizzati.","sv":"L\u00e4tt, vattent\u00e4t jacka i stretchpolyester med \u00e5tervunnet foder och vattent\u00e4ta dragkedjor. Elastiska muddar och nederkant.","pt":"Casaco leve imperme\u00e1vel em poli\u00e9ster stretch, com forro reciclado e fechos de correr imperme\u00e1veis. Bainha e punhos el\u00e1sticos.","da":"Let vandt\u00e6t jakke i stretchpolyester med genanvendt for og vandt\u00e6tte lynl\u00e5slukninger. Elastisk ribkant ved nederkant og manchetter.","pl":"Lekka, wodoodporna kurtka z elastycznego poliestru, z podszewk\u0105 z recyklingu i wodoodpornymi zamkami b\u0142yskawicznymi. Elastyczne wyko\u0144czenie u do\u0142u i przy mankietach."}},"custom":{"title":{"fr":"Prime jacket coupe-vent PEN DUICK pk525 personnalisable","en":"Prime jacket windbreaker PEN DUICK pk525 customizable","de":"Prime jacket winddichte PEN DUICK pk525 anpassbar","nl":"Prime jacket windjack PEN DUICK pk525 aanpasbaar","es":"Prime jacket cortaviento PEN DUICK pk525 personalizable","it":"Prime jacket giacca antivento PEN DUICK pk525 personalizzabile","sv":"Prime jacket vindjacka PEN DUICK pk525 anpassningsbar","pt":"Prime jacket corta-vento PEN DUICK pk525 personaliz\u00e1vel","da":"Prime jacket vindt\u00e6t PEN DUICK pk525 tilpasselig","pl":"Prime jacket wiatr\u00f3wka PEN DUICK pk525 z opcj\u0105 personalizacji"},"description":{"fr":"Le Prime jacket est un coupe-vent l\u00e9ger et imperm\u00e9able con\u00e7u en polyester stretch. Il comprend une doublure en polyester recycl\u00e9 ainsi qu'une ouatine 100 % recycl\u00e9e. Les fermetures zipp\u00e9es sont \u00e9tanches et les bords c\u00f4te \u00e9lastiqu\u00e9s se situent aux manches et au bas du blouson, contribuant \u00e0 sa tenue.\n\n- Composition 100 % polyester stretch\n- Doublure polyester recycl\u00e9\n- Ouatine 100 % recycl\u00e9e\n- Fermetures zipp\u00e9es imperm\u00e9ables\n- Bords c\u00f4te \u00e9lastiqu\u00e9s aux manches et bas\n- Possibilit\u00e9 de personnalisation","en":"The Prime jacket is a lightweight, waterproof windbreaker made of stretch polyester. It includes a recycled polyester lining and 100% recycled padding. The zip closures are waterproof and the elastic ribbed edges are at the cuffs and bottom of the jacket, contributing to its fit.\n\n- 100% stretch polyester composition\n- Recycled polyester lining\n- 100% recycled padding\n- Waterproof zip closures\n- Elastic ribbed edges at cuffs and bottom\n- Customization option","de":"Die Prime jacket ist eine leichte und wasserdichte Windjacke aus Stretch-Polyester. Sie enth\u00e4lt ein Futter aus recyceltem Polyester sowie eine F\u00fcllung aus 100 % recyceltem Material. Die Rei\u00dfverschl\u00fcsse sind wasserdicht und elastische B\u00fcndchen befinden sich an den \u00c4rmeln und am Jackensaum, was zur Passform beitr\u00e4gt.\n\n- 100 % Stretch-Polyester\n- Gef\u00fcttertes recyceltes Polyester\n- 100 % recycelte F\u00fcllung\n- Wasserdichte Rei\u00dfverschl\u00fcsse\n- Elastische B\u00fcndchen an \u00c4rmeln und Saum\n- Anpassungsm\u00f6glichkeit","nl":"De Prime jacket is een lichtgewicht en waterdichte windjack vervaardigd uit stretch polyester. Het heeft een voering van gerecycled polyester en 100% gerecycleerde vulling. De ritsen zijn waterdicht en de elastische boorden bevinden zich aan de mouwen en onderaan het jack, wat bijdraagt aan de pasvorm.\n\n- Samenstelling 100% stretch polyester\n- Voering van gerecycled polyester\n- Vulling 100% gerecycled\n- Waterdichte ritsen\n- Elastische boorden aan mouwen en onderkant\n- Mogelijkheid tot personalisatie","es":"El Prime jacket es un cortaviento ligero e impermeable confeccionado en poli\u00e9ster el\u00e1stico. Incluye un forro de poli\u00e9ster reciclado y un aislamiento 100 % reciclado. Los cierres con cremallera son impermeables y los bordes el\u00e1sticos se encuentran en las mangas y en el bajo de la chaqueta, contribuyendo a su ajuste.\n\n- Composici\u00f3n 100 % poli\u00e9ster el\u00e1stico\n- Forro de poli\u00e9ster reciclado\n- Aislamiento 100 % reciclado\n- Cierres con cremallera impermeables\n- Bordes el\u00e1sticos en mangas y bajo\n- Posibilidad de personalizaci\u00f3n","it":"La Prime jacket \u00e8 una giacca antivento leggera e impermeabile realizzata in poliestere stretch. Include una fodera in poliestere riciclato e un'imbottitura 100% riciclata. Le chiusure lampo sono impermeabili e i bordi elasticizzati si trovano sulle maniche e sul fondo della giacca, contribuendo alla stabilit\u00e0 del capo.\n\n- Composizione 100% poliestere stretch\n- Fodera in poliestere riciclato\n- Imbottitura 100% riciclata\n- Chiusure lampo impermeabili\n- Bordi elasticizzati su maniche e fondo\n- Possibilit\u00e0 di personalizzazione","sv":"Prime jacket \u00e4r en l\u00e4tt och vattent\u00e4t vindjacka i stretchpolyester. Den har ett foder i \u00e5tervunnen polyester samt ett t\u00e4cke 100 % \u00e5tervunnet. Dragkedjorna \u00e4r vattent\u00e4ta och elastiska ribbade kanter finns vid \u00e4rmarna och nederkanten, vilket bidrar till passformen.\n\n- Komposition 100 % stretchpolyester\n- Foder i \u00e5tervunnen polyester\n- T\u00e4cke 100 % \u00e5tervunnet\n- Vattent\u00e4ta dragkedjor\n- Elastiska ribbade kanter vid \u00e4rmar och nederkant\n- M\u00f6jlighet till anpassning","pt":"O Prime jacket \u00e9 um corta-vento leve e imperme\u00e1vel fabricado em poli\u00e9ster stretch. Inclui um forro em poli\u00e9ster reciclado assim como um enchimento 100% reciclado. Os fechos de correr s\u00e3o imperme\u00e1veis e os punhos canelados el\u00e1sticos est\u00e3o localizados nas mangas e na parte inferior do casaco, contribuindo para o seu ajuste.\n\n- Composi\u00e7\u00e3o 100% poli\u00e9ster stretch\n- Forro poli\u00e9ster reciclado\n- Enchimento 100% reciclado\n- Fechos de correr imperme\u00e1veis\n- Punhos canelados el\u00e1sticos nas mangas e base\n- Possibilidade de personaliza\u00e7\u00e3o","da":"Prime jacket er en let og vandafvisende vindt\u00e6t fremstillet i stretch polyester. Den indeholder et foer i genanvendt polyester samt 100 % genanvendt vat. Lynl\u00e5se er vandt\u00e6tte, og elastiske ribkanter findes ved \u00e6rmer og jakkens bund for at sikre pasform.\n\n- Sammens\u00e6tning 100 % stretch polyester\n- Foer i genanvendt polyester\n- 100 % genanvendt vat\n- Vandt\u00e6tte lynl\u00e5se\n- Elastiske ribkanter ved \u00e6rmer og bund\n- Mulighed for tilpasning","pl":"Prime jacket to lekka i wodoodporna wiatr\u00f3wka wykonana z elastycznego poliestru. Zawiera podszewk\u0119 z poliestru z recyklingu oraz 100% recyklingowany wk\u0142ad. Zamki b\u0142yskawiczne s\u0105 wodoodporne, a elastyczne \u015bci\u0105gacze umieszczone s\u0105 przy r\u0119kawach i dolnej kraw\u0119dzi kurtki, co wp\u0142ywa na jej dopasowanie.\n\n- Sk\u0142ad 100% elastyczny poliester\n- Podszewka z poliestru z recyklingu\n- Wk\u0142ad 100% z recyklingu\n- Wodoodporne zamki b\u0142yskawiczne\n- Elastyczne \u015bci\u0105gacze przy r\u0119kawach i dole\n- Mo\u017cliwo\u015b\u0107 personalizacji"},"h1":{"fr":"Prime jacket coupe-vent pk525 personnalisable","en":"Prime jacket windbreaker pk525 customizable","de":"Prime jacket winddichte pk525 anpassbar","nl":"Prime jacket windjack pk525 aanpasbaar","es":"Prime jacket cortaviento pk525 personalizable","it":"Prime jacket giacca antivento pk525 personalizzabile","sv":"Prime jacket vindjacka pk525 anpassningsbar","pt":"Prime jacket corta-vento pk525 personaliz\u00e1vel","da":"Prime jacket vindt\u00e6t pk525 tilpasselig","pl":"Prime jacket wiatr\u00f3wka pk525 z opcj\u0105 personalizacji"},"meta_description":{"fr":"Le Prime jacket est un coupe-vent imperm\u00e9able en polyester stretch avec doublure recycl\u00e9e. Il dispose d'\u00e9l\u00e9ments \u00e9lastiqu\u00e9s et fermetures zipp\u00e9es \u00e9tanches.","en":"The Prime jacket is a waterproof windbreaker in stretch polyester with recycled lining. It features elastic elements and waterproof zip closures.","de":"Die Prime jacket ist eine winddichte wasserdichte Jacke aus Stretch-Polyester mit recyceltem Futter. Sie verf\u00fcgt \u00fcber elastische Eins\u00e4tze und wasserdichte Rei\u00dfverschl\u00fcsse.","nl":"De Prime jacket is een waterdichte windjack van stretch polyester met een voering van gerecycled materiaal. Het beschikt over elastische elementen en waterdichte ritsen.","es":"El Prime jacket es un cortaviento impermeable de poli\u00e9ster el\u00e1stico con forro reciclado. Cuenta con elementos el\u00e1sticos y cierres con cremallera impermeables.","it":"La Prime jacket \u00e8 una giacca antivento impermeabile in poliestere stretch con fodera riciclata. Presenta elementi elasticizzati e chiusure lampo impermeabili.","sv":"Prime jacket \u00e4r en vattent\u00e4t vindjacka i stretchpolyester med \u00e5tervunnen foder. Den har elastiska delar och vattent\u00e4ta dragkedjor.","pt":"O Prime jacket \u00e9 um corta-vento imperme\u00e1vel em poli\u00e9ster stretch com forro reciclado. Possui elementos el\u00e1sticos e fechos de correr imperme\u00e1veis.","da":"Prime jacket er en vandafvisende vindt\u00e6t i stretch polyester med genanvendt foer. Den har elastiske elementer og vandt\u00e6tte lynl\u00e5se.","pl":"Prime jacket to wodoodporna wiatr\u00f3wka z elastycznego poliestru z recyklingowan\u0105 podszewk\u0105. Posiada elastyczne elementy i wodoodporne zamki b\u0142yskawiczne."}}},"categories":[{"id":300,"name":"Coupe-vents","singular":"Coupe-vent","is_feminin":false},{"id":13,"name":"Vestes et manteaux","singular":"Veste et manteau","is_feminin":true},{"id":354,"name":"Textile","singular":"Textile","is_feminin":false}],"certifications":[],"videos":{"fr":[],"en":[],"de":[],"nl":[],"es":[],"it":[],"sv":[],"pt":[],"da":[],"pl":[]},"main_images":{"miniature":"https:\/\/media.th4.com\/XhKAYoMH29Pl_6MXpJXq3OwQOANIOZpwdif9gAd786M\/pr:80\/aHR0cDovL21lZGlhMi5kZXNpZ25wYXJ0bmVyLmZyL2MvcC1ibGFuay1USC8yMTM4MC53ZWJw?v=1764073188","medium":"https:\/\/media.th4.com\/4yl_Yqsi8W4e0L9fE24qJn46Yn9XnqC7-5fRZaslq-w\/pr:550x550greybg\/aHR0cDovL21lZGlhMi5kZXNpZ25wYXJ0bmVyLmZyL2MvcC1ibGFuay1USC8yMTM4MC53ZWJw?v=1764073188","medium_large":"https:\/\/media.th4.com\/RZfKfTbM6Hmiu_2UQTDiQQBD_0hqW4v_To-rNdjfTX8\/pr:1000x1000greybg\/aHR0cDovL21lZGlhMi5kZXNpZ25wYXJ0bmVyLmZyL2MvcC1ibGFuay1USC8yMTM4MC53ZWJw?v=1764073188","large":"https:\/\/media.th4.com\/52EWFsBLUFn8DeHjpE3s9sPtKGejoRN4cEZwJoHwOqE\/pr:1920greybg\/aHR0cDovL21lZGlhMi5kZXNpZ25wYXJ0bmVyLmZyL2MvcC1ibGFuay1USC8yMTM4MC53ZWJw?v=1764073188","opengraph":"https:\/\/media.th4.com\/BRGdnaEGcrf6fDsUAVPwKd_l3e3CxMTZQw-M2-Wsgco\/pr:1200x630greybg\/aHR0cDovL21lZGlhMi5kZXNpZ25wYXJ0bmVyLmZyL2MvcC1ibGFuay1USC8yMTM4MC53ZWJw?v=1764073188"},"main_images_customization":{"miniature":"https:\/\/media.th4.com\/o2HODhhFdvdsje2tncNrMg54nlO5vOERWT1iQaR0Glc\/pr:80\/aHR0cDovL21lZGlhMi5kZXNpZ25wYXJ0bmVyLmZyL2MvcC1jdXN0b20tVEgvMjEzODAud2VicA?v=1764073267","medium":"https:\/\/media.th4.com\/qCQdrDriwLRVNfFinFVYrqQPq8yDdJUPEWg7wkw7VuE\/pr:550x550greybg\/aHR0cDovL21lZGlhMi5kZXNpZ25wYXJ0bmVyLmZyL2MvcC1jdXN0b20tVEgvMjEzODAud2VicA?v=1764073267","medium_large":"https:\/\/media.th4.com\/4PcQ32rOlQ2r28BU_1jdxOKA_7H-8fag9TGtjnLbyW4\/pr:1000x1000greybg\/aHR0cDovL21lZGlhMi5kZXNpZ25wYXJ0bmVyLmZyL2MvcC1jdXN0b20tVEgvMjEzODAud2VicA?v=1764073267","large":"https:\/\/media.th4.com\/Vu4d9XYGj1PT8aK3UNSyCPwd5q7VIW1jsfZVptfZedk\/pr:1920greybg\/aHR0cDovL21lZGlhMi5kZXNpZ25wYXJ0bmVyLmZyL2MvcC1jdXN0b20tVEgvMjEzODAud2VicA?v=1764073267","opengraph":"https:\/\/media.th4.com\/7dEeTLQ1RTCpeUT-wMVw9fVB0ycTQs7XjYA342f-xwI\/pr:1200x630greybg\/aHR0cDovL21lZGlhMi5kZXNpZ25wYXJ0bmVyLmZyL2MvcC1jdXN0b20tVEgvMjEzODAud2VicA?v=1764073267"},"page_links":{"fr":"\/fr\/p-pe-pk525-prime-jacket-coupe-vent-pk525-21380\/","en":"\/en\/p-pe-pk525-prime-jacket-windbreaker-pk525-21380\/","de":"\/de\/p-pe-pk525-prime-jacket-windbreaker-pk525-21380\/","nl":"\/nl\/p-pe-pk525-prime-jacket-windjack-pk525-21380\/","es":"\/es\/p-pe-pk525-prime-jacket-cortavientos-pk525-21380\/","it":"\/it\/p-pe-pk525-prime-jacket-giacca-a-vento-pk525-21380\/","sv":"\/sv\/p-pe-pk525-prime-jacket-vindjacka-pk525-21380\/","pt":"\/pt\/p-pe-pk525-prime-jacket-corta-vento-pk525-21380\/","da":"\/da\/p-pe-pk525-prime-jacket-vindjakke-pk525-21380\/","pl":"\/pl\/p-pe-pk525-prime-jacket-wiatrowka-pk525-21380\/"},"page_links_customization":{"fr":"\/fr\/p-pe-pk525-prime-jacket-coupe-vent-pk525-personnalisable-21380\/custom\/","en":"\/en\/p-pe-pk525-prime-jacket-windbreaker-pk525-customizable-21380\/custom\/","de":"\/de\/p-pe-pk525-prime-jacket-winddichte-pk525-anpassbar-21380\/custom\/","nl":"\/nl\/p-pe-pk525-prime-jacket-windjack-pk525-aanpasbaar-21380\/custom\/","es":"\/es\/p-pe-pk525-prime-jacket-cortaviento-pk525-personalizable-21380\/custom\/","it":"\/it\/p-pe-pk525-prime-jacket-giacca-antivento-pk525-personalizzabile-21380\/custom\/","sv":"\/sv\/p-pe-pk525-prime-jacket-vindjacka-pk525-anpassningsbar-21380\/custom\/","pt":"\/pt\/p-pe-pk525-prime-jacket-corta-vento-pk525-personalizavel-21380\/custom\/","da":"\/da\/p-pe-pk525-prime-jacket-vindtaet-pk525-tilpasselig-21380\/custom\/","pl":"\/pl\/p-pe-pk525-prime-jacket-wiatrowka-pk525-z-opcja-personalizacji-21380\/custom\/"},"equivalent_products":[],"colors":[{"id":307,"name":"navy","class_ids":[2],"codes_hexa":["001E57"],"delai_24":false,"has_3d":false,"seuil_global":0,"stock_local":0,"stock_global":1862,"on_standby":false,"in_catalog":true,"images":{"miniature":["https:\/\/media.th4.com\/n3wqZCCkzlgww0rhRiuiqWVFivClyYBqwas084N3dqg\/pr:80\/aHR0cDovL21lZGlhMi5kZXNpZ25wYXJ0bmVyLmZyL2MvcC8yMTM4MC8yMTM4MC0zMDctMS53ZWJw?v=1764073083","https:\/\/media.th4.com\/AAMoh-IvoyDDJ0ERQCdqveBc0X73g2wsuaA1HeRGZr8\/pr:80\/aHR0cDovL21lZGlhMi5kZXNpZ25wYXJ0bmVyLmZyL2MvcC8yMTM4MC8yMTM4MC0zMDctMi53ZWJw?v=1764073083","https:\/\/media.th4.com\/5Uth_dTA7P6e4aa1K8EVHADtrz_CR_wnASROtgs6Suo\/pr:80\/aHR0cDovL21lZGlhMi5kZXNpZ25wYXJ0bmVyLmZyL2MvcC8yMTM4MC8yMTM4MC0zMDctMy53ZWJw?v=1764073084"],"medium":["https:\/\/media.th4.com\/5CaszcIpQny88cm8CWZ6c_eQFIUUV5yUNfZy9Wqtpco\/pr:550x550\/aHR0cDovL21lZGlhMi5kZXNpZ25wYXJ0bmVyLmZyL2MvcC8yMTM4MC8yMTM4MC0zMDctMS53ZWJw?v=1764073083","https:\/\/media.th4.com\/23KYJoI0Ny33teGlWlE5gCWw_t4ilD-_V3jFdvkTjwg\/pr:550x550\/aHR0cDovL21lZGlhMi5kZXNpZ25wYXJ0bmVyLmZyL2MvcC8yMTM4MC8yMTM4MC0zMDctMi53ZWJw?v=1764073083","https:\/\/media.th4.com\/Fl0KUalrK6NopIrFzoSg7ftXdxuyxMTTv8hEuBXMm50\/pr:550x550\/aHR0cDovL21lZGlhMi5kZXNpZ25wYXJ0bmVyLmZyL2MvcC8yMTM4MC8yMTM4MC0zMDctMy53ZWJw?v=1764073084"],"medium_large":["https:\/\/media.th4.com\/ng7lMae0wOcgq6zGXcq-619c0NU73SviKdtp47Zq1Fs\/pr:1000x1000\/aHR0cDovL21lZGlhMi5kZXNpZ25wYXJ0bmVyLmZyL2MvcC8yMTM4MC8yMTM4MC0zMDctMS53ZWJw?v=1764073083","https:\/\/media.th4.com\/jPxVo5jWH88JD7chJJShWaR9OZ9kTNJGBTTYBPJIum8\/pr:1000x1000\/aHR0cDovL21lZGlhMi5kZXNpZ25wYXJ0bmVyLmZyL2MvcC8yMTM4MC8yMTM4MC0zMDctMi53ZWJw?v=1764073083","https:\/\/media.th4.com\/NN7GWE4LyKEqnLppwCRlcJ_QYe3yBQ-i75s7ke5XGjY\/pr:1000x1000\/aHR0cDovL21lZGlhMi5kZXNpZ25wYXJ0bmVyLmZyL2MvcC8yMTM4MC8yMTM4MC0zMDctMy53ZWJw?v=1764073084"],"large":["https:\/\/media.th4.com\/XjCFFIek6xXMR7L2PrgpqS1AMpbMT9nhiuW7ggXMcyQ\/pr:1920\/aHR0cDovL21lZGlhMi5kZXNpZ25wYXJ0bmVyLmZyL2MvcC8yMTM4MC8yMTM4MC0zMDctMS53ZWJw?v=1764073083","https:\/\/media.th4.com\/NBGfOgZrDqdI-RF2_fxpzWCnhi2UFC0_T5tG3vDfWtE\/pr:1920\/aHR0cDovL21lZGlhMi5kZXNpZ25wYXJ0bmVyLmZyL2MvcC8yMTM4MC8yMTM4MC0zMDctMi53ZWJw?v=1764073083","https:\/\/media.th4.com\/digP2M5APoZ__ygXgQ7mGDbe7SDflohlK-xeEdoi31o\/pr:1920\/aHR0cDovL21lZGlhMi5kZXNpZ25wYXJ0bmVyLmZyL2MvcC8yMTM4MC8yMTM4MC0zMDctMy53ZWJw?v=1764073084"],"opengraph":["https:\/\/media.th4.com\/ABJXL7qpTmrR9w7gJXiLclNAXRJkb1eSzGoit18ARJ8\/pr:1200x630\/aHR0cDovL21lZGlhMi5kZXNpZ25wYXJ0bmVyLmZyL2MvcC8yMTM4MC8yMTM4MC0zMDctMS53ZWJw?v=1764073083","https:\/\/media.th4.com\/-d492ukXGufGJeKs8fHZ1dSXBTwcdw0mCo78dQaK3ao\/pr:1200x630\/aHR0cDovL21lZGlhMi5kZXNpZ25wYXJ0bmVyLmZyL2MvcC8yMTM4MC8yMTM4MC0zMDctMi53ZWJw?v=1764073083","https:\/\/media.th4.com\/c5gI_hekvBFlj_Tit5VSGF6tij7e5RQmzMqNzwwwUco\/pr:1200x630\/aHR0cDovL21lZGlhMi5kZXNpZ25wYXJ0bmVyLmZyL2MvcC8yMTM4MC8yMTM4MC0zMDctMy53ZWJw?v=1764073084"]},"images_customization":{"miniature":["https:\/\/media.th4.com\/n3wqZCCkzlgww0rhRiuiqWVFivClyYBqwas084N3dqg\/pr:80\/aHR0cDovL21lZGlhMi5kZXNpZ25wYXJ0bmVyLmZyL2MvcC8yMTM4MC8yMTM4MC0zMDctMS53ZWJw?v=1764073083","https:\/\/media.th4.com\/AAMoh-IvoyDDJ0ERQCdqveBc0X73g2wsuaA1HeRGZr8\/pr:80\/aHR0cDovL21lZGlhMi5kZXNpZ25wYXJ0bmVyLmZyL2MvcC8yMTM4MC8yMTM4MC0zMDctMi53ZWJw?v=1764073083","https:\/\/media.th4.com\/5Uth_dTA7P6e4aa1K8EVHADtrz_CR_wnASROtgs6Suo\/pr:80\/aHR0cDovL21lZGlhMi5kZXNpZ25wYXJ0bmVyLmZyL2MvcC8yMTM4MC8yMTM4MC0zMDctMy53ZWJw?v=1764073084"],"medium":["https:\/\/media.th4.com\/5CaszcIpQny88cm8CWZ6c_eQFIUUV5yUNfZy9Wqtpco\/pr:550x550\/aHR0cDovL21lZGlhMi5kZXNpZ25wYXJ0bmVyLmZyL2MvcC8yMTM4MC8yMTM4MC0zMDctMS53ZWJw?v=1764073083","https:\/\/media.th4.com\/23KYJoI0Ny33teGlWlE5gCWw_t4ilD-_V3jFdvkTjwg\/pr:550x550\/aHR0cDovL21lZGlhMi5kZXNpZ25wYXJ0bmVyLmZyL2MvcC8yMTM4MC8yMTM4MC0zMDctMi53ZWJw?v=1764073083","https:\/\/media.th4.com\/Fl0KUalrK6NopIrFzoSg7ftXdxuyxMTTv8hEuBXMm50\/pr:550x550\/aHR0cDovL21lZGlhMi5kZXNpZ25wYXJ0bmVyLmZyL2MvcC8yMTM4MC8yMTM4MC0zMDctMy53ZWJw?v=1764073084"],"medium_large":["https:\/\/media.th4.com\/ng7lMae0wOcgq6zGXcq-619c0NU73SviKdtp47Zq1Fs\/pr:1000x1000\/aHR0cDovL21lZGlhMi5kZXNpZ25wYXJ0bmVyLmZyL2MvcC8yMTM4MC8yMTM4MC0zMDctMS53ZWJw?v=1764073083","https:\/\/media.th4.com\/jPxVo5jWH88JD7chJJShWaR9OZ9kTNJGBTTYBPJIum8\/pr:1000x1000\/aHR0cDovL21lZGlhMi5kZXNpZ25wYXJ0bmVyLmZyL2MvcC8yMTM4MC8yMTM4MC0zMDctMi53ZWJw?v=1764073083","https:\/\/media.th4.com\/NN7GWE4LyKEqnLppwCRlcJ_QYe3yBQ-i75s7ke5XGjY\/pr:1000x1000\/aHR0cDovL21lZGlhMi5kZXNpZ25wYXJ0bmVyLmZyL2MvcC8yMTM4MC8yMTM4MC0zMDctMy53ZWJw?v=1764073084"],"large":["https:\/\/media.th4.com\/XjCFFIek6xXMR7L2PrgpqS1AMpbMT9nhiuW7ggXMcyQ\/pr:1920\/aHR0cDovL21lZGlhMi5kZXNpZ25wYXJ0bmVyLmZyL2MvcC8yMTM4MC8yMTM4MC0zMDctMS53ZWJw?v=1764073083","https:\/\/media.th4.com\/NBGfOgZrDqdI-RF2_fxpzWCnhi2UFC0_T5tG3vDfWtE\/pr:1920\/aHR0cDovL21lZGlhMi5kZXNpZ25wYXJ0bmVyLmZyL2MvcC8yMTM4MC8yMTM4MC0zMDctMi53ZWJw?v=1764073083","https:\/\/media.th4.com\/digP2M5APoZ__ygXgQ7mGDbe7SDflohlK-xeEdoi31o\/pr:1920\/aHR0cDovL21lZGlhMi5kZXNpZ25wYXJ0bmVyLmZyL2MvcC8yMTM4MC8yMTM4MC0zMDctMy53ZWJw?v=1764073084"],"opengraph":["https:\/\/media.th4.com\/ABJXL7qpTmrR9w7gJXiLclNAXRJkb1eSzGoit18ARJ8\/pr:1200x630\/aHR0cDovL21lZGlhMi5kZXNpZ25wYXJ0bmVyLmZyL2MvcC8yMTM4MC8yMTM4MC0zMDctMS53ZWJw?v=1764073083","https:\/\/media.th4.com\/-d492ukXGufGJeKs8fHZ1dSXBTwcdw0mCo78dQaK3ao\/pr:1200x630\/aHR0cDovL21lZGlhMi5kZXNpZ25wYXJ0bmVyLmZyL2MvcC8yMTM4MC8yMTM4MC0zMDctMi53ZWJw?v=1764073083","https:\/\/media.th4.com\/c5gI_hekvBFlj_Tit5VSGF6tij7e5RQmzMqNzwwwUco\/pr:1200x630\/aHR0cDovL21lZGlhMi5kZXNpZ25wYXJ0bmVyLmZyL2MvcC8yMTM4MC8yMTM4MC0zMDctMy53ZWJw?v=1764073084"]},"country_origin":"CN","traceability":{"manufacturing_country_id":61,"weaving_country_id":61,"dyeing_country_id":61},"sizes":[{"id":3,"article_id":527665,"class_id":3,"name":"S","on_standby":false,"stock_local":0,"stock_global":118,"multiple":1,"estimated_date_reassort":null,"is_destocking":false},{"id":2,"article_id":527664,"class_id":4,"name":"M","on_standby":false,"stock_local":0,"stock_global":336,"multiple":1,"estimated_date_reassort":null,"is_destocking":false},{"id":1,"article_id":527663,"class_id":5,"name":"L","on_standby":false,"stock_local":0,"stock_global":583,"multiple":1,"estimated_date_reassort":null,"is_destocking":false},{"id":4,"article_id":527666,"class_id":6,"name":"XL","on_standby":false,"stock_local":0,"stock_global":471,"multiple":1,"estimated_date_reassort":null,"is_destocking":false},{"id":1116,"article_id":527667,"class_id":7,"name":"2XL","on_standby":false,"stock_local":0,"stock_global":269,"multiple":1,"estimated_date_reassort":null,"is_destocking":false},{"id":1081,"article_id":527662,"class_id":8,"name":"3XL","on_standby":false,"stock_local":0,"stock_global":85,"multiple":1,"estimated_date_reassort":null,"is_destocking":false}],"page_links":{"fr":"\/fr\/p-pe-pk525-prime-jacket-coupe-vent-pk525-21380\/navy-307\/","en":"\/en\/p-pe-pk525-prime-jacket-windbreaker-pk525-21380\/navy-307\/","de":"\/de\/p-pe-pk525-prime-jacket-windbreaker-pk525-21380\/navy-307\/","nl":"\/nl\/p-pe-pk525-prime-jacket-windjack-pk525-21380\/navy-307\/","es":"\/es\/p-pe-pk525-prime-jacket-cortavientos-pk525-21380\/navy-307\/","it":"\/it\/p-pe-pk525-prime-jacket-giacca-a-vento-pk525-21380\/navy-307\/","sv":"\/sv\/p-pe-pk525-prime-jacket-vindjacka-pk525-21380\/navy-307\/","pt":"\/pt\/p-pe-pk525-prime-jacket-corta-vento-pk525-21380\/navy-307\/","da":"\/da\/p-pe-pk525-prime-jacket-vindjakke-pk525-21380\/navy-307\/","pl":"\/pl\/p-pe-pk525-prime-jacket-wiatrowka-pk525-21380\/navy-307\/"},"page_links_customization":{"fr":"\/fr\/p-pe-pk525-prime-jacket-coupe-vent-pk525-personnalisable-21380\/navy-307\/custom\/","en":"\/en\/p-pe-pk525-prime-jacket-windbreaker-pk525-customizable-21380\/navy-307\/custom\/","de":"\/de\/p-pe-pk525-prime-jacket-winddichte-pk525-anpassbar-21380\/navy-307\/custom\/","nl":"\/nl\/p-pe-pk525-prime-jacket-windjack-pk525-aanpasbaar-21380\/navy-307\/custom\/","es":"\/es\/p-pe-pk525-prime-jacket-cortaviento-pk525-personalizable-21380\/navy-307\/custom\/","it":"\/it\/p-pe-pk525-prime-jacket-giacca-antivento-pk525-personalizzabile-21380\/navy-307\/custom\/","sv":"\/sv\/p-pe-pk525-prime-jacket-vindjacka-pk525-anpassningsbar-21380\/navy-307\/custom\/","pt":"\/pt\/p-pe-pk525-prime-jacket-corta-vento-pk525-personalizavel-21380\/navy-307\/custom\/","da":"\/da\/p-pe-pk525-prime-jacket-vindtaet-pk525-tilpasselig-21380\/navy-307\/custom\/","pl":"\/pl\/p-pe-pk525-prime-jacket-wiatrowka-pk525-z-opcja-personalizacji-21380\/navy-307\/custom\/"}},{"id":309,"name":"black","class_ids":[4],"codes_hexa":["000000"],"delai_24":false,"has_3d":false,"seuil_global":0,"stock_local":0,"stock_global":1751,"on_standby":false,"in_catalog":true,"images":{"miniature":["https:\/\/media.th4.com\/QutL7QAf48cF5HUL6X5Ber9S284Se2VbYTb7vCXiaOg\/pr:80\/aHR0cDovL21lZGlhMi5kZXNpZ25wYXJ0bmVyLmZyL2MvcC8yMTM4MC8yMTM4MC0zMDktMS53ZWJw?v=1764073081","https:\/\/media.th4.com\/0NYGiM9tp4wbGHIoF6vjAnO4r1aaruT2tqrcmhGA2UQ\/pr:80\/aHR0cDovL21lZGlhMi5kZXNpZ25wYXJ0bmVyLmZyL2MvcC8yMTM4MC8yMTM4MC0zMDktMi53ZWJw?v=1764073082","https:\/\/media.th4.com\/OrbJpjXtALFF2YQ1tZ7Uv9QWLKokydG5nTrmjxpXTQY\/pr:80\/aHR0cDovL21lZGlhMi5kZXNpZ25wYXJ0bmVyLmZyL2MvcC8yMTM4MC8yMTM4MC0zMDktMy53ZWJw?v=1764073082"],"medium":["https:\/\/media.th4.com\/PnrOXkr5cagtZ9rGg0ESUg_a7R_QkKHhpcfoodGKqLg\/pr:550x550\/aHR0cDovL21lZGlhMi5kZXNpZ25wYXJ0bmVyLmZyL2MvcC8yMTM4MC8yMTM4MC0zMDktMS53ZWJw?v=1764073081","https:\/\/media.th4.com\/EWJhvTKwX-rY3QigkdjKuf5i-Q-rge7viqVrDBdvyRY\/pr:550x550\/aHR0cDovL21lZGlhMi5kZXNpZ25wYXJ0bmVyLmZyL2MvcC8yMTM4MC8yMTM4MC0zMDktMi53ZWJw?v=1764073082","https:\/\/media.th4.com\/wHyQpI1WlEIjZyfgNvLtfIgS3Gsdt3mh25IoP76rkSo\/pr:550x550\/aHR0cDovL21lZGlhMi5kZXNpZ25wYXJ0bmVyLmZyL2MvcC8yMTM4MC8yMTM4MC0zMDktMy53ZWJw?v=1764073082"],"medium_large":["https:\/\/media.th4.com\/5wkoYCE9tPl4qJLiHKm2w4lhCYVmkjdSBxWSgky5CCs\/pr:1000x1000\/aHR0cDovL21lZGlhMi5kZXNpZ25wYXJ0bmVyLmZyL2MvcC8yMTM4MC8yMTM4MC0zMDktMS53ZWJw?v=1764073081","https:\/\/media.th4.com\/tEjw0RkzyRNmZUra31Kg6Ut0_kyQDgnlKukS0p-p4Ig\/pr:1000x1000\/aHR0cDovL21lZGlhMi5kZXNpZ25wYXJ0bmVyLmZyL2MvcC8yMTM4MC8yMTM4MC0zMDktMi53ZWJw?v=1764073082","https:\/\/media.th4.com\/blEo50EmVFiWRwcd2dwdz39VEZpJVeDMy62dRG6neXw\/pr:1000x1000\/aHR0cDovL21lZGlhMi5kZXNpZ25wYXJ0bmVyLmZyL2MvcC8yMTM4MC8yMTM4MC0zMDktMy53ZWJw?v=1764073082"],"large":["https:\/\/media.th4.com\/wWJQBXRofnu7FxWOLtStfG-AThTI0NQ0v1nCYcEdbpc\/pr:1920\/aHR0cDovL21lZGlhMi5kZXNpZ25wYXJ0bmVyLmZyL2MvcC8yMTM4MC8yMTM4MC0zMDktMS53ZWJw?v=1764073081","https:\/\/media.th4.com\/AuGFfkE5NB9sWjb38hk2E96oZSG_cQvJmpvnKuf5Ad4\/pr:1920\/aHR0cDovL21lZGlhMi5kZXNpZ25wYXJ0bmVyLmZyL2MvcC8yMTM4MC8yMTM4MC0zMDktMi53ZWJw?v=1764073082","https:\/\/media.th4.com\/rin2v9xoUdhY99heUGcawQhj-6yzV1xkFaCtPSovDRE\/pr:1920\/aHR0cDovL21lZGlhMi5kZXNpZ25wYXJ0bmVyLmZyL2MvcC8yMTM4MC8yMTM4MC0zMDktMy53ZWJw?v=1764073082"],"opengraph":["https:\/\/media.th4.com\/bo3DOyZNYwyWI2Gdkn-3K8dR-yFwf0gvA-ZSwd3Li9w\/pr:1200x630\/aHR0cDovL21lZGlhMi5kZXNpZ25wYXJ0bmVyLmZyL2MvcC8yMTM4MC8yMTM4MC0zMDktMS53ZWJw?v=1764073081","https:\/\/media.th4.com\/Uua6_N0WubpXHMXZoPfmFuqm9efVzTIx8gV-SK8-pxA\/pr:1200x630\/aHR0cDovL21lZGlhMi5kZXNpZ25wYXJ0bmVyLmZyL2MvcC8yMTM4MC8yMTM4MC0zMDktMi53ZWJw?v=1764073082","https:\/\/media.th4.com\/zGLfILn4yCodRnQnXVUo8gDrE7ooFLQVoqKs8VyALSY\/pr:1200x630\/aHR0cDovL21lZGlhMi5kZXNpZ25wYXJ0bmVyLmZyL2MvcC8yMTM4MC8yMTM4MC0zMDktMy53ZWJw?v=1764073082"]},"images_customization":{"miniature":["https:\/\/media.th4.com\/QutL7QAf48cF5HUL6X5Ber9S284Se2VbYTb7vCXiaOg\/pr:80\/aHR0cDovL21lZGlhMi5kZXNpZ25wYXJ0bmVyLmZyL2MvcC8yMTM4MC8yMTM4MC0zMDktMS53ZWJw?v=1764073081","https:\/\/media.th4.com\/0NYGiM9tp4wbGHIoF6vjAnO4r1aaruT2tqrcmhGA2UQ\/pr:80\/aHR0cDovL21lZGlhMi5kZXNpZ25wYXJ0bmVyLmZyL2MvcC8yMTM4MC8yMTM4MC0zMDktMi53ZWJw?v=1764073082","https:\/\/media.th4.com\/OrbJpjXtALFF2YQ1tZ7Uv9QWLKokydG5nTrmjxpXTQY\/pr:80\/aHR0cDovL21lZGlhMi5kZXNpZ25wYXJ0bmVyLmZyL2MvcC8yMTM4MC8yMTM4MC0zMDktMy53ZWJw?v=1764073082"],"medium":["https:\/\/media.th4.com\/PnrOXkr5cagtZ9rGg0ESUg_a7R_QkKHhpcfoodGKqLg\/pr:550x550\/aHR0cDovL21lZGlhMi5kZXNpZ25wYXJ0bmVyLmZyL2MvcC8yMTM4MC8yMTM4MC0zMDktMS53ZWJw?v=1764073081","https:\/\/media.th4.com\/EWJhvTKwX-rY3QigkdjKuf5i-Q-rge7viqVrDBdvyRY\/pr:550x550\/aHR0cDovL21lZGlhMi5kZXNpZ25wYXJ0bmVyLmZyL2MvcC8yMTM4MC8yMTM4MC0zMDktMi53ZWJw?v=1764073082","https:\/\/media.th4.com\/wHyQpI1WlEIjZyfgNvLtfIgS3Gsdt3mh25IoP76rkSo\/pr:550x550\/aHR0cDovL21lZGlhMi5kZXNpZ25wYXJ0bmVyLmZyL2MvcC8yMTM4MC8yMTM4MC0zMDktMy53ZWJw?v=1764073082"],"medium_large":["https:\/\/media.th4.com\/5wkoYCE9tPl4qJLiHKm2w4lhCYVmkjdSBxWSgky5CCs\/pr:1000x1000\/aHR0cDovL21lZGlhMi5kZXNpZ25wYXJ0bmVyLmZyL2MvcC8yMTM4MC8yMTM4MC0zMDktMS53ZWJw?v=1764073081","https:\/\/media.th4.com\/tEjw0RkzyRNmZUra31Kg6Ut0_kyQDgnlKukS0p-p4Ig\/pr:1000x1000\/aHR0cDovL21lZGlhMi5kZXNpZ25wYXJ0bmVyLmZyL2MvcC8yMTM4MC8yMTM4MC0zMDktMi53ZWJw?v=1764073082","https:\/\/media.th4.com\/blEo50EmVFiWRwcd2dwdz39VEZpJVeDMy62dRG6neXw\/pr:1000x1000\/aHR0cDovL21lZGlhMi5kZXNpZ25wYXJ0bmVyLmZyL2MvcC8yMTM4MC8yMTM4MC0zMDktMy53ZWJw?v=1764073082"],"large":["https:\/\/media.th4.com\/wWJQBXRofnu7FxWOLtStfG-AThTI0NQ0v1nCYcEdbpc\/pr:1920\/aHR0cDovL21lZGlhMi5kZXNpZ25wYXJ0bmVyLmZyL2MvcC8yMTM4MC8yMTM4MC0zMDktMS53ZWJw?v=1764073081","https:\/\/media.th4.com\/AuGFfkE5NB9sWjb38hk2E96oZSG_cQvJmpvnKuf5Ad4\/pr:1920\/aHR0cDovL21lZGlhMi5kZXNpZ25wYXJ0bmVyLmZyL2MvcC8yMTM4MC8yMTM4MC0zMDktMi53ZWJw?v=1764073082","https:\/\/media.th4.com\/rin2v9xoUdhY99heUGcawQhj-6yzV1xkFaCtPSovDRE\/pr:1920\/aHR0cDovL21lZGlhMi5kZXNpZ25wYXJ0bmVyLmZyL2MvcC8yMTM4MC8yMTM4MC0zMDktMy53ZWJw?v=1764073082"],"opengraph":["https:\/\/media.th4.com\/bo3DOyZNYwyWI2Gdkn-3K8dR-yFwf0gvA-ZSwd3Li9w\/pr:1200x630\/aHR0cDovL21lZGlhMi5kZXNpZ25wYXJ0bmVyLmZyL2MvcC8yMTM4MC8yMTM4MC0zMDktMS53ZWJw?v=1764073081","https:\/\/media.th4.com\/Uua6_N0WubpXHMXZoPfmFuqm9efVzTIx8gV-SK8-pxA\/pr:1200x630\/aHR0cDovL21lZGlhMi5kZXNpZ25wYXJ0bmVyLmZyL2MvcC8yMTM4MC8yMTM4MC0zMDktMi53ZWJw?v=1764073082","https:\/\/media.th4.com\/zGLfILn4yCodRnQnXVUo8gDrE7ooFLQVoqKs8VyALSY\/pr:1200x630\/aHR0cDovL21lZGlhMi5kZXNpZ25wYXJ0bmVyLmZyL2MvcC8yMTM4MC8yMTM4MC0zMDktMy53ZWJw?v=1764073082"]},"country_origin":"CN","traceability":{"manufacturing_country_id":61,"weaving_country_id":61,"dyeing_country_id":61},"sizes":[{"id":3,"article_id":527659,"class_id":3,"name":"S","on_standby":false,"stock_local":0,"stock_global":117,"multiple":1,"estimated_date_reassort":null,"is_destocking":false},{"id":2,"article_id":527658,"class_id":4,"name":"M","on_standby":false,"stock_local":0,"stock_global":336,"multiple":1,"estimated_date_reassort":null,"is_destocking":false},{"id":1,"article_id":527657,"class_id":5,"name":"L","on_standby":false,"stock_local":0,"stock_global":580,"multiple":1,"estimated_date_reassort":null,"is_destocking":false},{"id":4,"article_id":527660,"class_id":6,"name":"XL","on_standby":false,"stock_local":0,"stock_global":413,"multiple":1,"estimated_date_reassort":null,"is_destocking":false},{"id":1116,"article_id":527661,"class_id":7,"name":"2XL","on_standby":false,"stock_local":0,"stock_global":236,"multiple":1,"estimated_date_reassort":null,"is_destocking":false},{"id":1081,"article_id":527656,"class_id":8,"name":"3XL","on_standby":false,"stock_local":0,"stock_global":69,"multiple":1,"estimated_date_reassort":null,"is_destocking":false}],"page_links":{"fr":"\/fr\/p-pe-pk525-prime-jacket-coupe-vent-pk525-21380\/black-309\/","en":"\/en\/p-pe-pk525-prime-jacket-windbreaker-pk525-21380\/black-309\/","de":"\/de\/p-pe-pk525-prime-jacket-windbreaker-pk525-21380\/black-309\/","nl":"\/nl\/p-pe-pk525-prime-jacket-windjack-pk525-21380\/black-309\/","es":"\/es\/p-pe-pk525-prime-jacket-cortavientos-pk525-21380\/black-309\/","it":"\/it\/p-pe-pk525-prime-jacket-giacca-a-vento-pk525-21380\/black-309\/","sv":"\/sv\/p-pe-pk525-prime-jacket-vindjacka-pk525-21380\/black-309\/","pt":"\/pt\/p-pe-pk525-prime-jacket-corta-vento-pk525-21380\/black-309\/","da":"\/da\/p-pe-pk525-prime-jacket-vindjakke-pk525-21380\/black-309\/","pl":"\/pl\/p-pe-pk525-prime-jacket-wiatrowka-pk525-21380\/black-309\/"},"page_links_customization":{"fr":"\/fr\/p-pe-pk525-prime-jacket-coupe-vent-pk525-personnalisable-21380\/black-309\/custom\/","en":"\/en\/p-pe-pk525-prime-jacket-windbreaker-pk525-customizable-21380\/black-309\/custom\/","de":"\/de\/p-pe-pk525-prime-jacket-winddichte-pk525-anpassbar-21380\/black-309\/custom\/","nl":"\/nl\/p-pe-pk525-prime-jacket-windjack-pk525-aanpasbaar-21380\/black-309\/custom\/","es":"\/es\/p-pe-pk525-prime-jacket-cortaviento-pk525-personalizable-21380\/black-309\/custom\/","it":"\/it\/p-pe-pk525-prime-jacket-giacca-antivento-pk525-personalizzabile-21380\/black-309\/custom\/","sv":"\/sv\/p-pe-pk525-prime-jacket-vindjacka-pk525-anpassningsbar-21380\/black-309\/custom\/","pt":"\/pt\/p-pe-pk525-prime-jacket-corta-vento-pk525-personalizavel-21380\/black-309\/custom\/","da":"\/da\/p-pe-pk525-prime-jacket-vindtaet-pk525-tilpasselig-21380\/black-309\/custom\/","pl":"\/pl\/p-pe-pk525-prime-jacket-wiatrowka-pk525-z-opcja-personalizacji-21380\/black-309\/custom\/"}}],"documentation_link":"\/pdf\/21380.pdf","countries_availables":["AD","AE","AL","AT","BA","BD","BE","BG","BL","CA","CH","CN","CO","CY","CZ","DE","DK","DO","EE","EG","ES","ET","FI","FR","GB","GE","GF","GP","GR","GT","HK","HN","HR","HT","HU","ID","IE","IN","IS","IT","JO","JP","KE","KH","KP","KR","LA","LK","LS","LT","LU","LV","MA","MF","MG","MK","MM","MN","MQ","MT","MX","MY","NC","NI","NL","PF","PH","PK","PL","PM","PT","RE","RO","SE","SG","SI","SK","SV","SY","TH","TN","TR","TW","TZ","US","VN","WF","YT"]},"infos_customization":[],"features":{"authorize_multi_surfaces":true,"display_order_delay_type":true,"promote_surface_display":true,"tarification_franco_offert":true,"enabled_3d_editor":false},"markings":[{"id":0,"nom":"vierge","finition":null,"libelle":null,"code":null,"dpi":null,"finesse_forme_isolee":null,"finesse_forme_non_isolee":null,"hauteur_minimale_texte":null,"inactif":0,"marquage_interne":1,"quantite_min":null,"parent_id":null,"print_on_support":0,"content":"vierge","description":null},{"id":2,"nom":"fonce","finition":"optimale","libelle":"TopQuadri","code":null,"dpi":400,"finesse_forme_isolee":"0.040","finesse_forme_non_isolee":"0.700","hauteur_minimale_texte":2,"inactif":0,"marquage_interne":1,"quantite_min":null,"parent_id":18,"print_on_support":0,"content":"TopQuadri","description":"pour petites et moyennes s\u00e9ries"},{"id":3,"nom":"serigraphie","finition":"serigraphie","libelle":"SeriCoat","code":null,"dpi":400,"finesse_forme_isolee":"0.040","finesse_forme_non_isolee":"0.700","hauteur_minimale_texte":2,"inactif":0,"marquage_interne":1,"quantite_min":15,"parent_id":18,"print_on_support":0,"content":"SeriCoat","description":"pour moyennes et grandes s\u00e9ries"},{"id":4,"nom":"broderie","finition":"broderie","libelle":"Broderie","code":null,"dpi":400,"finesse_forme_isolee":"0.040","finesse_forme_non_isolee":"0.700","hauteur_minimale_texte":3,"inactif":0,"marquage_interne":1,"quantite_min":null,"parent_id":null,"print_on_support":0,"content":"Broderie","description":null},{"id":8,"nom":"theme","finition":null,"libelle":"Th\u00e8me","code":null,"dpi":null,"finesse_forme_isolee":null,"finesse_forme_non_isolee":null,"hauteur_minimale_texte":null,"inactif":0,"marquage_interne":1,"quantite_min":null,"parent_id":null,"print_on_support":0,"content":"Th\u00e8me","description":null},{"id":9,"nom":"sans","finition":null,"libelle":null,"code":null,"dpi":null,"finesse_forme_isolee":null,"finesse_forme_non_isolee":null,"hauteur_minimale_texte":null,"inactif":0,"marquage_interne":1,"quantite_min":null,"parent_id":null,"print_on_support":0,"content":"sans","description":null},{"id":10,"nom":"photo","finition":null,"libelle":"Photo","code":null,"dpi":null,"finesse_forme_isolee":null,"finesse_forme_non_isolee":null,"hauteur_minimale_texte":null,"inactif":0,"marquage_interne":1,"quantite_min":null,"parent_id":null,"print_on_support":0,"content":"Photo","description":null},{"id":14,"nom":"couleur","finition":null,"libelle":"Couleur","code":null,"dpi":null,"finesse_forme_isolee":null,"finesse_forme_non_isolee":null,"hauteur_minimale_texte":null,"inactif":0,"marquage_interne":1,"quantite_min":null,"parent_id":null,"print_on_support":0,"content":"Couleur","description":null},{"id":15,"nom":"sublimation","finition":"sublimation","libelle":"Sublimation","code":null,"dpi":null,"finesse_forme_isolee":"0.000","finesse_forme_non_isolee":"0.000","hauteur_minimale_texte":2,"inactif":0,"marquage_interne":1,"quantite_min":null,"parent_id":null,"print_on_support":0,"content":"Sublimation","description":null},{"id":16,"nom":"topquadri_uv","finition":null,"libelle":"TopQuadri UV","code":null,"dpi":null,"finesse_forme_isolee":"0.020","finesse_forme_non_isolee":"0.700","hauteur_minimale_texte":2,"inactif":0,"marquage_interne":1,"quantite_min":null,"parent_id":null,"print_on_support":1,"content":null,"description":null},{"id":17,"nom":"topquadri_uvp","finition":null,"libelle":"TopQuadri UVP","code":null,"dpi":null,"finesse_forme_isolee":"0.020","finesse_forme_non_isolee":"0.700","hauteur_minimale_texte":2,"inactif":0,"marquage_interne":1,"quantite_min":null,"parent_id":null,"print_on_support":1,"content":null,"description":null},{"id":18,"nom":"quadri","finition":null,"libelle":"Impression","code":null,"dpi":null,"finesse_forme_isolee":null,"finesse_forme_non_isolee":null,"hauteur_minimale_texte":null,"inactif":0,"marquage_interne":1,"quantite_min":null,"parent_id":null,"print_on_support":0,"content":null,"description":null}]}}