{"data":{"product":{"id":21367,"titre":"College jacket","description":"La veste universitaire NM021 est un classique intemporel qui allie style et confort. Elle s\u00e9duit par sa coupe sportive, ses poignets et son ourlet c\u00f4tel\u00e9s caract\u00e9ristiques, ainsi que sa patte de boutonnage. Son style unisexe en fait un v\u00eatement polyvalent. Fermeture par boutons pressions. Col, poignets et bas en bord c\u00f4te. Int\u00e9rieur gratt\u00e9. Ce produit a \u00e9t\u00e9 fabriqu\u00e9 \u00e0 partir de mat\u00e9riaux issus de l'agriculture biologique. Ce produit a \u00e9galement \u00e9t\u00e9 fabriqu\u00e9 \u00e0 partir de mat\u00e9riaux recycl\u00e9s. Composition : 70 % coton organique, 30 % polyester recycl\u00e9.","genre":"mixte","grammage":350,"conditionnement":15,"composition":"coton,polyester,polycoton","reference":"ne-nm021","reference_visible":"ne-nm021","reference_fabricant":"NM021","ref_xor":"722226","in_catalog":true,"is_transfer":false,"is_service":false,"on_standby":false,"has_3d":false,"has_size_guide":true,"has_marking":true,"has_vierge":true,"is_cross_sellable":false,"id_picto":102,"filename_3d":null,"brand":{"id":418,"name":"New Morning Studios","logo":"logo-new-morning-studios.png","image":"https:\/\/media.th4.com\/m2hVTGNe3ViqCxVXqGYgy2Lsd1d5XZwHyG25aqAjB0E\/pr:brand70x70\/aHR0cDovL21lZGlhMi5kZXNpZ25wYXJ0bmVyLmZyL2MvbS9sb2dvLW5ldy1tb3JuaW5nLXN0dWRpb3MucG5n?v=1765282774"},"price_infos":{"price_from":27.48,"quantity":40,"color":{"id":24893,"name":"black"},"size":{"id":1,"name":"L"}},"price_infos_marking":{"price_from":27.87,"quantity":75,"color":{"id":24893,"name":"black"},"size":{"id":1,"name":"L"},"marking":{"id":2,"name":""},"emplacement":"avant","surface_emplacement_id":1,"surface":"coeur"},"i18n":{"blank":{"title":{"fr":"College jacket New Morning Studios nm021","en":"College jacket New Morning Studios nm021","de":"College jacket New Morning Studios nm021","nl":"College jacket New Morning Studios nm021","es":"College jacket New Morning Studios nm021","it":"College jacket New Morning Studios nm021","sv":"College jacket New Morning Studios nm021","pt":"College jacket New Morning Studios nm021","da":"College jacket New Morning Studios nm021","pl":"College jacket New Morning Studios nm021"},"description":{"fr":"La veste universitaire nm021 pr\u00e9sente une coupe sportive avec poignets et ourlet c\u00f4tel\u00e9s. Elle dispose d'une patte de boutonnage et d'un col bord c\u00f4te. Son int\u00e9rieur est gratt\u00e9. Les mat\u00e9riaux sont issus de l'agriculture biologique et du recyclage.\n\n- Composition 70 % coton organique 30 % polyester recycl\u00e9\n- Fermeture par boutons pressions\n- Col, poignets et ourlet bord c\u00f4te\n- Int\u00e9rieur gratt\u00e9","en":"The college jacket nm021 features a sporty fit with ribbed cuffs and hem. It has a snap button placket and ribbed collar. Its interior is brushed. Materials come from organic agriculture and recycling.\n\n- Composition 70% organic cotton 30% recycled polyester\n- Snap button closure\n- Ribbed collar, cuffs, and hem\n- Brushed interior","de":"Die Collegejacke nm021 hat einen sportlichen Schnitt mit gerippten B\u00fcndchen an \u00c4rmeln und Saum. Sie verf\u00fcgt \u00fcber eine Knopfleiste und einen gerippten Kragen. Das Innenfutter ist geb\u00fcrstet. Die Materialien stammen aus biologischem Anbau und Recycling.\n\n- Zusammensetzung 70 % Bio-Baumwolle 30 % recycelter Polyester\n- Verschluss mit Druckkn\u00f6pfen\n- Gerippter Kragen, \u00c4rmelb\u00fcndchen und Saum\n- Geb\u00fcrstetes Innenfutter","nl":"Het universiteitsjack nm021 heeft een sportieve snit met geribde manchetten en zoom. Het heeft een knoopsluiting en een geribde kraag. De binnenkant is geruwd. De materialen zijn afkomstig van biologische landbouw en recycling.\n\n- Samenstelling 70 % biologisch katoen 30 % gerecycled polyester\n- Sluiting met drukknopen\n- Geribde kraag, manchetten en zoom\n- Geruwde binnenkant","es":"La chaqueta universitaria nm021 presenta un corte deportivo con pu\u00f1os y dobladillo acanalados. Cuenta con una tapeta de botones y un cuello acanalado. Su interior est\u00e1 raspado. Los materiales provienen de agricultura org\u00e1nica y reciclaje.\n\n- Composici\u00f3n 70 % algod\u00f3n org\u00e1nico 30 % poli\u00e9ster reciclado\n- Cierre con botones a presi\u00f3n\n- Cuello, pu\u00f1os y dobladillo acanalados\n- Interior raspado","it":"La giacca universitaria nm021 presenta un taglio sportivo con polsini e orlo a costine. Dispone di una patta con bottoni e un colletto a coste. L'interno \u00e8 spazzolato. I materiali provengono dall'agricoltura biologica e dal riciclo.\n\n- Composizione 70 % cotone organico 30 % poliestere riciclato\n- Chiusura con bottoni a pressione\n- Colletto, polsini e orlo a coste\n- Interno spazzolato","sv":"College jacka nm021 har sportig sk\u00e4rning med ribbade muddar och f\u00e5ll. Den har knappsl\u00e5 och ribbad krage. Insidan \u00e4r borstad. Materialen kommer fr\u00e5n ekologiskt jordbruk och \u00e5tervinning.\n\n- Sammans\u00e4ttning 70 % ekologisk bomull 30 % \u00e5tervunnen polyester\n- St\u00e4ngning med tryckknappar\n- Ribbad krage, muddar och f\u00e5ll\n- Borstad insida","pt":"A jaqueta universit\u00e1ria nm021 apresenta um corte desportivo com punhos e bainha canelados. Disp\u00f5e de uma pala de bot\u00f5es e uma gola canelada. O seu interior \u00e9 escovado. Os materiais s\u00e3o provenientes da agricultura biol\u00f3gica e reciclagem.\n\n- Composi\u00e7\u00e3o 70 % algod\u00e3o org\u00e2nico 30 % poli\u00e9ster reciclado\n- Fecho por bot\u00f5es de press\u00e3o\n- Gola, punhos e bainha canelados\n- Interior escovado","da":"College jacket nm021 har en sporty pasform med ribstrikkede manchetter og kant. Den har en knaplukning og en ribstrikket krave. Indersiden er b\u00f8rstet. Materialerne er fra \u00f8kologisk landbrug og genbrug.\n\n- Sammens\u00e6tning 70 % \u00f8kologisk bomuld 30 % genanvendt polyester\n- Lukning med trykknapper\n- Ribstrikket krave, manchetter og kant\n- B\u00f8rstet inderside","pl":"Kurtka uniwersytecka nm021 charakteryzuje si\u0119 sportowym krojem z \u015bci\u0105gaczami na mankietach i dole. Posiada zapi\u0119cie na zatrzaski oraz \u015bci\u0105gaczowy ko\u0142nierz. Wn\u0119trze wykonane jest z dzianiny p\u0119telkowej. Materia\u0142y pochodz\u0105 z upraw ekologicznych i recyklingu.\n\n- Sk\u0142ad 70% bawe\u0142na organiczna 30% poliester z recyklingu\n- Zapi\u0119cie na zatrzaski\n- Ko\u0142nierz, mankiety i d\u00f3\u0142 ze \u015bci\u0105gaczem\n- Wn\u0119trze z dzianiny p\u0119telkowej"},"h1":{"fr":"College jacket nm021","en":"College jacket nm021","de":"College jacket nm021","nl":"College jacket nm021","es":"College jacket nm021","it":"College jacket nm021","sv":"College jacket nm021","pt":"College jacket nm021","da":"College jacket nm021","pl":"College jacket nm021"},"meta_description":{"fr":"La veste universitaire nm021 combine coupe sportive et mat\u00e9riaux bio et recycl\u00e9s avec fermeture boutons pressions et int\u00e9rieur gratt\u00e9.","en":"The college jacket nm021 combines a sporty fit and organic and recycled materials with snap button closure and brushed interior.","de":"Die Collegejacke nm021 kombiniert sportlichen Schnitt und Bio- sowie recycelte Materialien mit Druckknopfverschluss und geb\u00fcrstetem Innenfutter.","nl":"Het universiteitsjack nm021 combineert een sportieve snit met biologische en gerecyclede materialen, met drukknopen en een geruwde binnenkant.","es":"La chaqueta universitaria nm021 combina corte deportivo y materiales org\u00e1nicos y reciclados con cierre de botones a presi\u00f3n y interior raspado.","it":"La giacca universitaria nm021 combina taglio sportivo e materiali biologici e riciclati con chiusura a bottoni a pressione e interno spazzolato.","sv":"College jacka nm021 kombinerar sportig sk\u00e4rning med ekologiska och \u00e5tervunna material samt tryckknappsst\u00e4ngning och borstad insida.","pt":"A jaqueta universit\u00e1ria nm021 combina corte desportivo e materiais org\u00e2nicos e reciclados com fecho de bot\u00f5es de press\u00e3o e interior escovado.","da":"College jacket nm021 kombinerer sporty pasform og \u00f8kologiske samt genbrugte materialer med trykknaplukning og b\u00f8rstet indvendig.","pl":"Kurtka uniwersytecka nm021 \u0142\u0105czy sportowy kr\u00f3j z materia\u0142ami ekologicznymi i recyklingowymi, wyposa\u017cona w zatrzaski i podszycie z dzianiny p\u0119telkowej."}},"custom":{"title":{"fr":"College jacket Veste Teddy NEW MORNING STUDIOS nm021 personnalisable","en":"College jacket Teddy Jacket NEW MORNING STUDIOS nm021 customizable","de":"College jacket Teddyjacke NEW MORNING STUDIOS nm021 personalisierbar","nl":"College jacket Teddy Jacket NEW MORNING STUDIOS nm021 aanpasbaar","es":"College jacket Chaqueta Teddy NEW MORNING STUDIOS nm021 personalizable","it":"College jacket Teddy jacket NEW MORNING STUDIOS nm021 personalizzabile","sv":"College jacket Teddy Jacket NEW MORNING STUDIOS nm021 customizable","pt":"College jacket Casaco Teddy NEW MORNING STUDIOS nm021 personaliz\u00e1vel","da":"College jacket Teddy Jacket NEW MORNING STUDIOS nm021 tilpasselig","pl":"College jacket Veste Teddy NEW MORNING STUDIOS nm021 dostosowywalna"},"description":{"fr":"La veste universitaire nm021 est con\u00e7ue avec une coupe sportive unisexe, dot\u00e9e de poignets et ourlet c\u00f4tel\u00e9s ainsi que d'une patte de boutonnage \u00e0 boutons pressions. Elle int\u00e8gre un int\u00e9rieur gratt\u00e9 pour plus de confort. Fabriqu\u00e9e \u00e0 partir de mat\u00e9riaux issus de l'agriculture biologique et recycl\u00e9s, sa composition est de 70 % coton organique et 30 % polyester recycl\u00e9.\n\n- Composition 70 % coton organique\n- 30 % polyester recycl\u00e9\n- Boutons pressions sur devant\n- Possibilit\u00e9 de personnaliser","en":"The nm021 university jacket features a unisex sporty cut, ribbed cuffs and hem, and a snap button placket. It includes a brushed interior for added comfort. Made from organic and recycled materials, its composition is 70% organic cotton and 30% recycled polyester.\n\n- Composition 70% organic cotton\n- 30% recycled polyester\n- Snap buttons on front\n- Customizable option","de":"Die Teddyjacke Universit\u00e4t nm021 ist mit einem sportlichen Unisexschnitt ausgestattet, mit gerippten B\u00fcndchen und Saum sowie einer Knopfleiste mit Druckkn\u00f6pfen. Sie hat ein geb\u00fcrstetes Innenfutter f\u00fcr mehr Komfort. Hergestellt aus Materialien aus biologischem Anbau und recycelten Stoffen, besteht sie zu 70 % aus Bio-Baumwolle und 30 % recyceltem Polyester.\n\n- Zusammensetzung 70 % Bio-Baumwolle\n- 30 % recycelter Polyester\n- Druckkn\u00f6pfe vorne\n- Personalisierbar","nl":"De universitaire jas nm021 is ontworpen met een unisex sportieve pasvorm, voorzien van geribde manchetten en zoom, en een drukknopensluiting. Binnenkant is geborsteld voor meer comfort. Gemaakt van materialen uit biologische landbouw en gerecyclede stoffen, bestaat de samenstelling uit 70% biologisch katoen en 30% gerecycled polyester.\n\n- Samenstelling 70% biologisch katoen\n- 30% gerecycled polyester\n- Drukknopen aan voorkant\n- Mogelijkheid tot personalisatie","es":"La chaqueta universitaria nm021 est\u00e1 dise\u00f1ada con un corte deportivo unisex, equipada con pu\u00f1os y dobladillo acanalados y una tapeta con botones a presi\u00f3n. Incorpora un interior cepillado para mayor comodidad. Fabricada con materiales de origen org\u00e1nico y reciclado, su composici\u00f3n es 70 % algod\u00f3n org\u00e1nico y 30 % poli\u00e9ster reciclado.\n\n- Composici\u00f3n 70 % algod\u00f3n org\u00e1nico\n- 30 % poli\u00e9ster reciclado\n- Botones a presi\u00f3n en la parte delantera\n- Posibilidad de personalizar","it":"La giacca universitaria nm021 \u00e8 realizzata con un taglio sportivo unisex, dotata di polsini e orlo a coste e di una patta con bottoni a pressione. Presenta un interno spazzolato per un maggiore comfort. Realizzata con materiali provenienti dall'agricoltura biologica e riciclati, la composizione \u00e8 70% cotone organico e 30% poliestere riciclato.\n\n- Composizione 70% cotone organico\n- 30% poliestere riciclato\n- Bottoni a pressione sul davanti\n- Possibilit\u00e0 di personalizzare","sv":"The college jacket nm021 features a unisex sporty cut, ribbed cuffs and hem, and a front placket with press studs. It includes a brushed interior for added comfort. Made from organic and recycled materials, its composition is 70% organic cotton and 30% recycled polyester.\n\n- Composition 70% organic cotton\n- 30% recycled polyester\n- Press studs on front\n- Customization option","pt":"O casaco universit\u00e1rio nm021 \u00e9 concebido com um corte desportivo unissexo, equipado com punhos e bainha canelados e uma pala de bot\u00f5es de press\u00e3o. Inclui um interior escovado para maior conforto. Fabricado com materiais provenientes da agricultura biol\u00f3gica e reciclados, a sua composi\u00e7\u00e3o \u00e9 70% algod\u00e3o org\u00e2nico e 30% poli\u00e9ster reciclado.\n\n- Composi\u00e7\u00e3o 70% algod\u00e3o org\u00e2nico\n- 30% poli\u00e9ster reciclado\n- Bot\u00f5es de press\u00e3o \u00e0 frente\n- Possibilidade de personalizar","da":"Universitetsjakken nm021 er designet med en unisex sporty pasform, udstyret med ribbede manchetter og kant samt en knapsl\u00e5 med trykknapper. Den har et b\u00f8rstet indvendigt for ekstra komfort. Fremstillet af materialer fra \u00f8kologisk landbrug og genbrug, best\u00e5r den af 70 % \u00f8kologisk bomuld og 30 % genanvendt polyester.\n\n- Sammens\u00e6tning 70 % \u00f8kologisk bomuld\n- 30 % genanvendt polyester\n- Trykknapper foran\n- Mulighed for tilpasning","pl":"Uniwersytecka kurtka nm021 zaprojektowana w sportowym kroju uniseks, wyposa\u017cona w \u015bci\u0105gacze na mankietach i dole oraz zapi\u0119cie na zatrzaski. Wy\u015bcie\u0142ana wn\u0119trze dla wi\u0119kszego komfortu. Wykonana z materia\u0142\u00f3w pochodz\u0105cych z rolnictwa ekologicznego i recyklingu, sk\u0142ada si\u0119 z 70 % bawe\u0142ny organicznej i 30 % poliestru z recyklingu.\n\n- Sk\u0142ad 70 % bawe\u0142ny organicznej\n- 30 % poliestru z recyklingu\n- Zatrzaski z przodu\n- Mo\u017cliwo\u015b\u0107 personalizacji"},"h1":{"fr":"College jacket Veste Teddy nm021 personnalisable","en":"College jacket Teddy Jacket nm021 customizable","de":"College jacket Teddyjacke nm021 personalisierbar","nl":"College jacket Teddy Jacket nm021 aanpasbaar","es":"College jacket Chaqueta Teddy nm021 personalizable","it":"College jacket Teddy jacket nm021 personalizzabile","sv":"College jacket Teddy Jacket nm021 customizable","pt":"College jacket Casaco Teddy nm021 personaliz\u00e1vel","da":"College jacket Teddy Jacket nm021 tilpasselig","pl":"College jacket Veste Teddy nm021 dostosowywalna"},"meta_description":{"fr":"Veste Teddy universitaire nm021 en coton biologique et polyester recycl\u00e9, coupe sportive avec boutons pressions, col et poignets c\u00f4tel\u00e9s, personnalisable.","en":"nm021 university Teddy jacket made of organic cotton and recycled polyester, sporty cut with snap buttons, ribbed collar and cuffs, customizable.","de":"Teddyjacke Universit\u00e4t nm021 aus Bio-Baumwolle und recyceltem Polyester, sportlicher Schnitt mit Druckkn\u00f6pfen, geripptem Kragen und B\u00fcndchen, personalisierbar.","nl":"Universitaire Teddy Jacket nm021 in biologisch katoen en gerecycled polyester, sportieve pasvorm met drukknopen, geribde kraag en manchetten, aanpasbaar.","es":"Chaqueta Teddy universitaria nm021 en algod\u00f3n org\u00e1nico y poli\u00e9ster reciclado, corte deportivo con botones a presi\u00f3n, cuello y pu\u00f1os acanalados, personalizable.","it":"Teddy jacket universitaria nm021 in cotone biologico e poliestere riciclato, taglio sportivo con bottoni a pressione, collo e polsini a coste, personalizzabile.","sv":"Teddy college jacket nm021 in organic cotton and recycled polyester, sporty fit with press studs, ribbed collar and cuffs, customizable.","pt":"Casaco Teddy universit\u00e1rio nm021 em algod\u00e3o org\u00e2nico e poli\u00e9ster reciclado, corte desportivo com bot\u00f5es de press\u00e3o, gola e punhos canelados, personaliz\u00e1vel.","da":"Universitets Teddy jacket nm021 i \u00f8kologisk bomuld og genanvendt polyester, sporty pasform med trykknapper, ribkantede krave og \u00e6rmer, tilpasselig.","pl":"Uniwersytecka kurtka Teddy nm021 z bawe\u0142ny organicznej i poliestru z recyclingu, sportowy kr\u00f3j z zatrzaskami, \u015bci\u0105gacze na ko\u0142nierzu i mankietach, dostosowywalna."}}},"categories":[{"id":551,"name":"Vestes Teddy et universaires","singular":"Veste Teddy et universitaire","is_feminin":true},{"id":13,"name":"Vestes et manteaux","singular":"Veste et manteau","is_feminin":true},{"id":354,"name":"Textile","singular":"Textile","is_feminin":false}],"certifications":[{"id":17,"label":"R.C.S. mixte","logo_link":"\/images\/certifications\/17_RCS_mixte.jpg","is_marking_compatible":true}],"videos":{"fr":[],"en":[],"de":[],"nl":[],"es":[],"it":[],"sv":[],"pt":[],"da":[],"pl":[]},"main_images":{"miniature":"https:\/\/media.th4.com\/jQEWGbLG9BXvNXdagkUD7TQfMz5ERgqKjJ_yMAEObJY\/pr:80\/aHR0cDovL21lZGlhMi5kZXNpZ25wYXJ0bmVyLmZyL2MvcC1ibGFuay1USC8yMTM2Ny53ZWJw?v=1764073179","medium":"https:\/\/media.th4.com\/sga6FBHsrc7EfwtQ1btWVt1KDnZPL9U7aIklIavm1kg\/pr:550x550greybg\/aHR0cDovL21lZGlhMi5kZXNpZ25wYXJ0bmVyLmZyL2MvcC1ibGFuay1USC8yMTM2Ny53ZWJw?v=1764073179","medium_large":"https:\/\/media.th4.com\/ByDhYeCQHLCehl3OQDo6gu-0_6V2fA0UV5PMyWfELrk\/pr:1000x1000greybg\/aHR0cDovL21lZGlhMi5kZXNpZ25wYXJ0bmVyLmZyL2MvcC1ibGFuay1USC8yMTM2Ny53ZWJw?v=1764073179","large":"https:\/\/media.th4.com\/woKRPxTgrqeCnEA1aU0UNf1fuqeX5yjwzW53EWVlflE\/pr:1920greybg\/aHR0cDovL21lZGlhMi5kZXNpZ25wYXJ0bmVyLmZyL2MvcC1ibGFuay1USC8yMTM2Ny53ZWJw?v=1764073179","opengraph":"https:\/\/media.th4.com\/ogHsoPWLeD0jtGSgEMnfwQ0bCaxmDi3ypkK5g_KrmwI\/pr:1200x630greybg\/aHR0cDovL21lZGlhMi5kZXNpZ25wYXJ0bmVyLmZyL2MvcC1ibGFuay1USC8yMTM2Ny53ZWJw?v=1764073179"},"main_images_customization":{"miniature":"https:\/\/media.th4.com\/zUSisaP_0lx_7RcLIMm2bKuTJmyLxLF65luEzcgSrpQ\/pr:80\/aHR0cDovL21lZGlhMi5kZXNpZ25wYXJ0bmVyLmZyL2MvcC1jdXN0b20tVEgvMjEzNjcud2VicA?v=1764073259","medium":"https:\/\/media.th4.com\/NnsNpUSqERVtdZ3yaP-UlW6d0aQ8u13zmm5sJuMPQ0M\/pr:550x550greybg\/aHR0cDovL21lZGlhMi5kZXNpZ25wYXJ0bmVyLmZyL2MvcC1jdXN0b20tVEgvMjEzNjcud2VicA?v=1764073259","medium_large":"https:\/\/media.th4.com\/DsKGf5p3e5hlwqftNGfiHu5oMyx4xHu680noaF-6mmM\/pr:1000x1000greybg\/aHR0cDovL21lZGlhMi5kZXNpZ25wYXJ0bmVyLmZyL2MvcC1jdXN0b20tVEgvMjEzNjcud2VicA?v=1764073259","large":"https:\/\/media.th4.com\/4NRrabGyMH4bAUyEdh7LRIppVqBlqnZ5tWB2kCVjYkA\/pr:1920greybg\/aHR0cDovL21lZGlhMi5kZXNpZ25wYXJ0bmVyLmZyL2MvcC1jdXN0b20tVEgvMjEzNjcud2VicA?v=1764073259","opengraph":"https:\/\/media.th4.com\/hM29NNCzERAowdt905T-WpGy9O6pPcbrc8dpysh7MzY\/pr:1200x630greybg\/aHR0cDovL21lZGlhMi5kZXNpZ25wYXJ0bmVyLmZyL2MvcC1jdXN0b20tVEgvMjEzNjcud2VicA?v=1764073259"},"page_links":{"fr":"\/fr\/p-ne-nm021-college-jacket-nm021-21367\/","en":"\/en\/p-ne-nm021-college-jacket-nm021-21367\/","de":"\/de\/p-ne-nm021-college-jacket-nm021-21367\/","nl":"\/nl\/p-ne-nm021-college-jacket-nm021-21367\/","es":"\/es\/p-ne-nm021-college-jacket-nm021-21367\/","it":"\/it\/p-ne-nm021-college-jacket-nm021-21367\/","sv":"\/sv\/p-ne-nm021-college-jacket-nm021-21367\/","pt":"\/pt\/p-ne-nm021-college-jacket-nm021-21367\/","da":"\/da\/p-ne-nm021-college-jacket-nm021-21367\/","pl":"\/pl\/p-ne-nm021-college-jacket-nm021-21367\/"},"page_links_customization":{"fr":"\/fr\/p-ne-nm021-college-jacket-veste-teddy-nm021-personnalisable-21367\/custom\/","en":"\/en\/p-ne-nm021-college-jacket-teddy-jacket-nm021-customizable-21367\/custom\/","de":"\/de\/p-ne-nm021-college-jacket-teddyjacke-nm021-personalisierbar-21367\/custom\/","nl":"\/nl\/p-ne-nm021-college-jacket-teddy-jacket-nm021-aanpasbaar-21367\/custom\/","es":"\/es\/p-ne-nm021-college-jacket-chaqueta-teddy-nm021-personalizable-21367\/custom\/","it":"\/it\/p-ne-nm021-college-jacket-teddy-jacket-nm021-personalizzabile-21367\/custom\/","sv":"\/sv\/p-ne-nm021-college-jacket-teddy-jacket-nm021-customizable-21367\/custom\/","pt":"\/pt\/p-ne-nm021-college-jacket-casaco-teddy-nm021-personalizavel-21367\/custom\/","da":"\/da\/p-ne-nm021-college-jacket-teddy-jacket-nm021-tilpasselig-21367\/custom\/","pl":"\/pl\/p-ne-nm021-college-jacket-veste-teddy-nm021-dostosowywalna-21367\/custom\/"},"equivalent_products":[],"colors":[{"id":24893,"name":"black","class_ids":[4],"codes_hexa":["1A1A1F"],"delai_24":false,"has_3d":false,"seuil_global":0,"stock_local":0,"stock_global":441,"on_standby":false,"in_catalog":true,"images":{"miniature":["https:\/\/media.th4.com\/Eee16fMk7XKy7rIa1AI1_roUTlZcz45EqsiPWp0ZhlE\/pr:80\/aHR0cDovL21lZGlhMi5kZXNpZ25wYXJ0bmVyLmZyL2MvcC8yMTM2Ny8yMTM2Ny0yNDg5My0xLndlYnA?v=1764072955","https:\/\/media.th4.com\/fsMqq_w7IbCHYzO9zaLHY5d8-6s5RbNqT6PTUWnvFEI\/pr:80\/aHR0cDovL21lZGlhMi5kZXNpZ25wYXJ0bmVyLmZyL2MvcC8yMTM2Ny8yMTM2Ny0yNDg5My0yLndlYnA?v=1764072955","https:\/\/media.th4.com\/Y6bx0AhWdhEhAvfSYW6jKDRQSW1XX4dl47mR9py30fY\/pr:80\/aHR0cDovL21lZGlhMi5kZXNpZ25wYXJ0bmVyLmZyL2MvcC8yMTM2Ny8yMTM2Ny0yNDg5My0zLndlYnA?v=1764072956","https:\/\/media.th4.com\/gSkw2QMG1OYUpz_BQfFwjV7JXab0uYdCGE-zr-CRapk\/pr:80\/aHR0cDovL21lZGlhMi5kZXNpZ25wYXJ0bmVyLmZyL2MvcC8yMTM2Ny8yMTM2Ny0yNDg5My00LndlYnA?v=1764072956"],"medium":["https:\/\/media.th4.com\/rbn3PdOpg7YHnee-YRlpHpXinoga1PV9wgGP1TGl8BI\/pr:550x550\/aHR0cDovL21lZGlhMi5kZXNpZ25wYXJ0bmVyLmZyL2MvcC8yMTM2Ny8yMTM2Ny0yNDg5My0xLndlYnA?v=1764072955","https:\/\/media.th4.com\/lG6sNlVkm7zmqgmShParw12k2ByarFNa54cetyqThHk\/pr:550x550\/aHR0cDovL21lZGlhMi5kZXNpZ25wYXJ0bmVyLmZyL2MvcC8yMTM2Ny8yMTM2Ny0yNDg5My0yLndlYnA?v=1764072955","https:\/\/media.th4.com\/5-ssUdVCEHV5_gVF-YhQnJS50av3wV13RXQyQBM4Z1o\/pr:550x550\/aHR0cDovL21lZGlhMi5kZXNpZ25wYXJ0bmVyLmZyL2MvcC8yMTM2Ny8yMTM2Ny0yNDg5My0zLndlYnA?v=1764072956","https:\/\/media.th4.com\/F3w0m3tttxA_EnnaSp9hM7avUYEjhTItTgOMsWbwGT0\/pr:550x550\/aHR0cDovL21lZGlhMi5kZXNpZ25wYXJ0bmVyLmZyL2MvcC8yMTM2Ny8yMTM2Ny0yNDg5My00LndlYnA?v=1764072956"],"medium_large":["https:\/\/media.th4.com\/jg9RZjk0-_YPkeayC1jwnSk9kSaJ7bQKfGEmpABy6qE\/pr:1000x1000\/aHR0cDovL21lZGlhMi5kZXNpZ25wYXJ0bmVyLmZyL2MvcC8yMTM2Ny8yMTM2Ny0yNDg5My0xLndlYnA?v=1764072955","https:\/\/media.th4.com\/6dYfPfJywGk7gFDzgkSXFgXhQK0gUqUoFxMs6PeXep8\/pr:1000x1000\/aHR0cDovL21lZGlhMi5kZXNpZ25wYXJ0bmVyLmZyL2MvcC8yMTM2Ny8yMTM2Ny0yNDg5My0yLndlYnA?v=1764072955","https:\/\/media.th4.com\/86hCr0lrQumDAgQ5PxzJXVDzwZJ9sBN5y5VOSjuNy_E\/pr:1000x1000\/aHR0cDovL21lZGlhMi5kZXNpZ25wYXJ0bmVyLmZyL2MvcC8yMTM2Ny8yMTM2Ny0yNDg5My0zLndlYnA?v=1764072956","https:\/\/media.th4.com\/UZhXgDHgZDpgwWywzvnXWyDftOqwSVSHRm1VUZjFIlQ\/pr:1000x1000\/aHR0cDovL21lZGlhMi5kZXNpZ25wYXJ0bmVyLmZyL2MvcC8yMTM2Ny8yMTM2Ny0yNDg5My00LndlYnA?v=1764072956"],"large":["https:\/\/media.th4.com\/kPdl2yFf_Cy8jh8jccwAYH06CVCHxPbL6dA3Ao3VUoU\/pr:1920\/aHR0cDovL21lZGlhMi5kZXNpZ25wYXJ0bmVyLmZyL2MvcC8yMTM2Ny8yMTM2Ny0yNDg5My0xLndlYnA?v=1764072955","https:\/\/media.th4.com\/y392HMeTw-WdXYlnXn43weH97HfRkPaDyaGHHkH9-4g\/pr:1920\/aHR0cDovL21lZGlhMi5kZXNpZ25wYXJ0bmVyLmZyL2MvcC8yMTM2Ny8yMTM2Ny0yNDg5My0yLndlYnA?v=1764072955","https:\/\/media.th4.com\/k2oYlhuHPR11yd2KV5yf1F-S9lPZB0KZ5ngb8Ic-MxI\/pr:1920\/aHR0cDovL21lZGlhMi5kZXNpZ25wYXJ0bmVyLmZyL2MvcC8yMTM2Ny8yMTM2Ny0yNDg5My0zLndlYnA?v=1764072956","https:\/\/media.th4.com\/3yR5fSw3aRcMAoXZbsy0F43OTSvOiN2YdeuOWY45huI\/pr:1920\/aHR0cDovL21lZGlhMi5kZXNpZ25wYXJ0bmVyLmZyL2MvcC8yMTM2Ny8yMTM2Ny0yNDg5My00LndlYnA?v=1764072956"],"opengraph":["https:\/\/media.th4.com\/6DH-lj6zNbG7omIf5U8zlhaXnrnl6i7yZJuJBxueIys\/pr:1200x630\/aHR0cDovL21lZGlhMi5kZXNpZ25wYXJ0bmVyLmZyL2MvcC8yMTM2Ny8yMTM2Ny0yNDg5My0xLndlYnA?v=1764072955","https:\/\/media.th4.com\/iTxPuX0dhB5-KGUmMbdYTtJozZ1u-FR_jZ-Ja7pA6XQ\/pr:1200x630\/aHR0cDovL21lZGlhMi5kZXNpZ25wYXJ0bmVyLmZyL2MvcC8yMTM2Ny8yMTM2Ny0yNDg5My0yLndlYnA?v=1764072955","https:\/\/media.th4.com\/khQBf_ipyYlvib3IVkJLYU7tjOpOWxBG8HvFA1m3kOw\/pr:1200x630\/aHR0cDovL21lZGlhMi5kZXNpZ25wYXJ0bmVyLmZyL2MvcC8yMTM2Ny8yMTM2Ny0yNDg5My0zLndlYnA?v=1764072956","https:\/\/media.th4.com\/2IVk41YabZ0RY9-bpMMgppl6XqkGLiK3wF7N394Hw34\/pr:1200x630\/aHR0cDovL21lZGlhMi5kZXNpZ25wYXJ0bmVyLmZyL2MvcC8yMTM2Ny8yMTM2Ny0yNDg5My00LndlYnA?v=1764072956"]},"images_customization":{"miniature":["https:\/\/media.th4.com\/Eee16fMk7XKy7rIa1AI1_roUTlZcz45EqsiPWp0ZhlE\/pr:80\/aHR0cDovL21lZGlhMi5kZXNpZ25wYXJ0bmVyLmZyL2MvcC8yMTM2Ny8yMTM2Ny0yNDg5My0xLndlYnA?v=1764072955","https:\/\/media.th4.com\/fsMqq_w7IbCHYzO9zaLHY5d8-6s5RbNqT6PTUWnvFEI\/pr:80\/aHR0cDovL21lZGlhMi5kZXNpZ25wYXJ0bmVyLmZyL2MvcC8yMTM2Ny8yMTM2Ny0yNDg5My0yLndlYnA?v=1764072955","https:\/\/media.th4.com\/Y6bx0AhWdhEhAvfSYW6jKDRQSW1XX4dl47mR9py30fY\/pr:80\/aHR0cDovL21lZGlhMi5kZXNpZ25wYXJ0bmVyLmZyL2MvcC8yMTM2Ny8yMTM2Ny0yNDg5My0zLndlYnA?v=1764072956","https:\/\/media.th4.com\/gSkw2QMG1OYUpz_BQfFwjV7JXab0uYdCGE-zr-CRapk\/pr:80\/aHR0cDovL21lZGlhMi5kZXNpZ25wYXJ0bmVyLmZyL2MvcC8yMTM2Ny8yMTM2Ny0yNDg5My00LndlYnA?v=1764072956"],"medium":["https:\/\/media.th4.com\/rbn3PdOpg7YHnee-YRlpHpXinoga1PV9wgGP1TGl8BI\/pr:550x550\/aHR0cDovL21lZGlhMi5kZXNpZ25wYXJ0bmVyLmZyL2MvcC8yMTM2Ny8yMTM2Ny0yNDg5My0xLndlYnA?v=1764072955","https:\/\/media.th4.com\/lG6sNlVkm7zmqgmShParw12k2ByarFNa54cetyqThHk\/pr:550x550\/aHR0cDovL21lZGlhMi5kZXNpZ25wYXJ0bmVyLmZyL2MvcC8yMTM2Ny8yMTM2Ny0yNDg5My0yLndlYnA?v=1764072955","https:\/\/media.th4.com\/5-ssUdVCEHV5_gVF-YhQnJS50av3wV13RXQyQBM4Z1o\/pr:550x550\/aHR0cDovL21lZGlhMi5kZXNpZ25wYXJ0bmVyLmZyL2MvcC8yMTM2Ny8yMTM2Ny0yNDg5My0zLndlYnA?v=1764072956","https:\/\/media.th4.com\/F3w0m3tttxA_EnnaSp9hM7avUYEjhTItTgOMsWbwGT0\/pr:550x550\/aHR0cDovL21lZGlhMi5kZXNpZ25wYXJ0bmVyLmZyL2MvcC8yMTM2Ny8yMTM2Ny0yNDg5My00LndlYnA?v=1764072956"],"medium_large":["https:\/\/media.th4.com\/jg9RZjk0-_YPkeayC1jwnSk9kSaJ7bQKfGEmpABy6qE\/pr:1000x1000\/aHR0cDovL21lZGlhMi5kZXNpZ25wYXJ0bmVyLmZyL2MvcC8yMTM2Ny8yMTM2Ny0yNDg5My0xLndlYnA?v=1764072955","https:\/\/media.th4.com\/6dYfPfJywGk7gFDzgkSXFgXhQK0gUqUoFxMs6PeXep8\/pr:1000x1000\/aHR0cDovL21lZGlhMi5kZXNpZ25wYXJ0bmVyLmZyL2MvcC8yMTM2Ny8yMTM2Ny0yNDg5My0yLndlYnA?v=1764072955","https:\/\/media.th4.com\/86hCr0lrQumDAgQ5PxzJXVDzwZJ9sBN5y5VOSjuNy_E\/pr:1000x1000\/aHR0cDovL21lZGlhMi5kZXNpZ25wYXJ0bmVyLmZyL2MvcC8yMTM2Ny8yMTM2Ny0yNDg5My0zLndlYnA?v=1764072956","https:\/\/media.th4.com\/UZhXgDHgZDpgwWywzvnXWyDftOqwSVSHRm1VUZjFIlQ\/pr:1000x1000\/aHR0cDovL21lZGlhMi5kZXNpZ25wYXJ0bmVyLmZyL2MvcC8yMTM2Ny8yMTM2Ny0yNDg5My00LndlYnA?v=1764072956"],"large":["https:\/\/media.th4.com\/kPdl2yFf_Cy8jh8jccwAYH06CVCHxPbL6dA3Ao3VUoU\/pr:1920\/aHR0cDovL21lZGlhMi5kZXNpZ25wYXJ0bmVyLmZyL2MvcC8yMTM2Ny8yMTM2Ny0yNDg5My0xLndlYnA?v=1764072955","https:\/\/media.th4.com\/y392HMeTw-WdXYlnXn43weH97HfRkPaDyaGHHkH9-4g\/pr:1920\/aHR0cDovL21lZGlhMi5kZXNpZ25wYXJ0bmVyLmZyL2MvcC8yMTM2Ny8yMTM2Ny0yNDg5My0yLndlYnA?v=1764072955","https:\/\/media.th4.com\/k2oYlhuHPR11yd2KV5yf1F-S9lPZB0KZ5ngb8Ic-MxI\/pr:1920\/aHR0cDovL21lZGlhMi5kZXNpZ25wYXJ0bmVyLmZyL2MvcC8yMTM2Ny8yMTM2Ny0yNDg5My0zLndlYnA?v=1764072956","https:\/\/media.th4.com\/3yR5fSw3aRcMAoXZbsy0F43OTSvOiN2YdeuOWY45huI\/pr:1920\/aHR0cDovL21lZGlhMi5kZXNpZ25wYXJ0bmVyLmZyL2MvcC8yMTM2Ny8yMTM2Ny0yNDg5My00LndlYnA?v=1764072956"],"opengraph":["https:\/\/media.th4.com\/6DH-lj6zNbG7omIf5U8zlhaXnrnl6i7yZJuJBxueIys\/pr:1200x630\/aHR0cDovL21lZGlhMi5kZXNpZ25wYXJ0bmVyLmZyL2MvcC8yMTM2Ny8yMTM2Ny0yNDg5My0xLndlYnA?v=1764072955","https:\/\/media.th4.com\/iTxPuX0dhB5-KGUmMbdYTtJozZ1u-FR_jZ-Ja7pA6XQ\/pr:1200x630\/aHR0cDovL21lZGlhMi5kZXNpZ25wYXJ0bmVyLmZyL2MvcC8yMTM2Ny8yMTM2Ny0yNDg5My0yLndlYnA?v=1764072955","https:\/\/media.th4.com\/khQBf_ipyYlvib3IVkJLYU7tjOpOWxBG8HvFA1m3kOw\/pr:1200x630\/aHR0cDovL21lZGlhMi5kZXNpZ25wYXJ0bmVyLmZyL2MvcC8yMTM2Ny8yMTM2Ny0yNDg5My0zLndlYnA?v=1764072956","https:\/\/media.th4.com\/2IVk41YabZ0RY9-bpMMgppl6XqkGLiK3wF7N394Hw34\/pr:1200x630\/aHR0cDovL21lZGlhMi5kZXNpZ25wYXJ0bmVyLmZyL2MvcC8yMTM2Ny8yMTM2Ny0yNDg5My00LndlYnA?v=1764072956"]},"country_origin":"CN","traceability":{"manufacturing_country_id":61,"weaving_country_id":61,"dyeing_country_id":61},"sizes":[{"id":1121,"article_id":527146,"class_id":1,"name":"2XS","on_standby":false,"stock_local":0,"stock_global":27,"multiple":1,"estimated_date_reassort":null,"is_destocking":false},{"id":5,"article_id":527144,"class_id":2,"name":"XS","on_standby":false,"stock_local":0,"stock_global":46,"multiple":1,"estimated_date_reassort":null,"is_destocking":false},{"id":3,"article_id":527142,"class_id":3,"name":"S","on_standby":false,"stock_local":0,"stock_global":66,"multiple":1,"estimated_date_reassort":null,"is_destocking":false},{"id":2,"article_id":527141,"class_id":4,"name":"M","on_standby":false,"stock_local":0,"stock_global":64,"multiple":1,"estimated_date_reassort":null,"is_destocking":false},{"id":1,"article_id":527140,"class_id":5,"name":"L","on_standby":false,"stock_local":0,"stock_global":78,"multiple":1,"estimated_date_reassort":null,"is_destocking":false},{"id":4,"article_id":527143,"class_id":6,"name":"XL","on_standby":false,"stock_local":0,"stock_global":61,"multiple":1,"estimated_date_reassort":null,"is_destocking":false},{"id":1116,"article_id":527145,"class_id":7,"name":"2XL","on_standby":false,"stock_local":0,"stock_global":22,"multiple":1,"estimated_date_reassort":null,"is_destocking":false},{"id":1081,"article_id":527137,"class_id":8,"name":"3XL","on_standby":false,"stock_local":0,"stock_global":30,"multiple":1,"estimated_date_reassort":null,"is_destocking":false},{"id":16,"article_id":527138,"class_id":9,"name":"4XL","on_standby":false,"stock_local":0,"stock_global":24,"multiple":1,"estimated_date_reassort":null,"is_destocking":false},{"id":168,"article_id":527139,"class_id":10,"name":"5XL","on_standby":false,"stock_local":0,"stock_global":23,"multiple":1,"estimated_date_reassort":null,"is_destocking":false}],"page_links":{"fr":"\/fr\/p-ne-nm021-college-jacket-nm021-21367\/black-24893\/","en":"\/en\/p-ne-nm021-college-jacket-nm021-21367\/black-24893\/","de":"\/de\/p-ne-nm021-college-jacket-nm021-21367\/black-24893\/","nl":"\/nl\/p-ne-nm021-college-jacket-nm021-21367\/black-24893\/","es":"\/es\/p-ne-nm021-college-jacket-nm021-21367\/black-24893\/","it":"\/it\/p-ne-nm021-college-jacket-nm021-21367\/black-24893\/","sv":"\/sv\/p-ne-nm021-college-jacket-nm021-21367\/black-24893\/","pt":"\/pt\/p-ne-nm021-college-jacket-nm021-21367\/black-24893\/","da":"\/da\/p-ne-nm021-college-jacket-nm021-21367\/black-24893\/","pl":"\/pl\/p-ne-nm021-college-jacket-nm021-21367\/black-24893\/"},"page_links_customization":{"fr":"\/fr\/p-ne-nm021-college-jacket-veste-teddy-nm021-personnalisable-21367\/black-24893\/custom\/","en":"\/en\/p-ne-nm021-college-jacket-teddy-jacket-nm021-customizable-21367\/black-24893\/custom\/","de":"\/de\/p-ne-nm021-college-jacket-teddyjacke-nm021-personalisierbar-21367\/black-24893\/custom\/","nl":"\/nl\/p-ne-nm021-college-jacket-teddy-jacket-nm021-aanpasbaar-21367\/black-24893\/custom\/","es":"\/es\/p-ne-nm021-college-jacket-chaqueta-teddy-nm021-personalizable-21367\/black-24893\/custom\/","it":"\/it\/p-ne-nm021-college-jacket-teddy-jacket-nm021-personalizzabile-21367\/black-24893\/custom\/","sv":"\/sv\/p-ne-nm021-college-jacket-teddy-jacket-nm021-customizable-21367\/black-24893\/custom\/","pt":"\/pt\/p-ne-nm021-college-jacket-casaco-teddy-nm021-personalizavel-21367\/black-24893\/custom\/","da":"\/da\/p-ne-nm021-college-jacket-teddy-jacket-nm021-tilpasselig-21367\/black-24893\/custom\/","pl":"\/pl\/p-ne-nm021-college-jacket-veste-teddy-nm021-dostosowywalna-21367\/black-24893\/custom\/"}}],"documentation_link":"\/pdf\/21367.pdf","countries_availables":["AD","AE","AL","AT","BA","BD","BE","BG","BL","CA","CH","CN","CO","CY","CZ","DE","DK","DO","EE","EG","ES","ET","FI","FR","GB","GE","GF","GP","GR","GT","HK","HN","HR","HT","HU","ID","IE","IN","IS","IT","JO","JP","KE","KH","KP","KR","LA","LK","LS","LT","LU","LV","MA","MF","MG","MK","MM","MN","MQ","MT","MX","MY","NC","NI","NL","PF","PH","PK","PL","PM","PT","RE","RO","SE","SG","SI","SK","SV","SY","TH","TN","TR","TW","TZ","US","VN","WF","YT"]},"infos_customization":[],"features":{"authorize_multi_surfaces":true,"display_order_delay_type":true,"promote_surface_display":true,"tarification_franco_offert":true,"enabled_3d_editor":false},"markings":[{"id":0,"nom":"vierge","finition":null,"libelle":null,"code":null,"dpi":null,"finesse_forme_isolee":null,"finesse_forme_non_isolee":null,"hauteur_minimale_texte":null,"inactif":0,"marquage_interne":1,"quantite_min":null,"parent_id":null,"print_on_support":0,"content":"vierge","description":null},{"id":2,"nom":"fonce","finition":"optimale","libelle":"TopQuadri","code":null,"dpi":400,"finesse_forme_isolee":"0.040","finesse_forme_non_isolee":"0.700","hauteur_minimale_texte":2,"inactif":0,"marquage_interne":1,"quantite_min":null,"parent_id":18,"print_on_support":0,"content":"TopQuadri","description":"pour petites et moyennes s\u00e9ries"},{"id":3,"nom":"serigraphie","finition":"serigraphie","libelle":"SeriCoat","code":null,"dpi":400,"finesse_forme_isolee":"0.040","finesse_forme_non_isolee":"0.700","hauteur_minimale_texte":2,"inactif":0,"marquage_interne":1,"quantite_min":15,"parent_id":18,"print_on_support":0,"content":"SeriCoat","description":"pour moyennes et grandes s\u00e9ries"},{"id":4,"nom":"broderie","finition":"broderie","libelle":"Broderie","code":null,"dpi":400,"finesse_forme_isolee":"0.040","finesse_forme_non_isolee":"0.700","hauteur_minimale_texte":3,"inactif":0,"marquage_interne":1,"quantite_min":null,"parent_id":null,"print_on_support":0,"content":"Broderie","description":null},{"id":8,"nom":"theme","finition":null,"libelle":"Th\u00e8me","code":null,"dpi":null,"finesse_forme_isolee":null,"finesse_forme_non_isolee":null,"hauteur_minimale_texte":null,"inactif":0,"marquage_interne":1,"quantite_min":null,"parent_id":null,"print_on_support":0,"content":"Th\u00e8me","description":null},{"id":9,"nom":"sans","finition":null,"libelle":null,"code":null,"dpi":null,"finesse_forme_isolee":null,"finesse_forme_non_isolee":null,"hauteur_minimale_texte":null,"inactif":0,"marquage_interne":1,"quantite_min":null,"parent_id":null,"print_on_support":0,"content":"sans","description":null},{"id":10,"nom":"photo","finition":null,"libelle":"Photo","code":null,"dpi":null,"finesse_forme_isolee":null,"finesse_forme_non_isolee":null,"hauteur_minimale_texte":null,"inactif":0,"marquage_interne":1,"quantite_min":null,"parent_id":null,"print_on_support":0,"content":"Photo","description":null},{"id":14,"nom":"couleur","finition":null,"libelle":"Couleur","code":null,"dpi":null,"finesse_forme_isolee":null,"finesse_forme_non_isolee":null,"hauteur_minimale_texte":null,"inactif":0,"marquage_interne":1,"quantite_min":null,"parent_id":null,"print_on_support":0,"content":"Couleur","description":null},{"id":15,"nom":"sublimation","finition":"sublimation","libelle":"Sublimation","code":null,"dpi":null,"finesse_forme_isolee":"0.000","finesse_forme_non_isolee":"0.000","hauteur_minimale_texte":2,"inactif":0,"marquage_interne":1,"quantite_min":null,"parent_id":null,"print_on_support":0,"content":"Sublimation","description":null},{"id":16,"nom":"topquadri_uv","finition":null,"libelle":"TopQuadri UV","code":null,"dpi":null,"finesse_forme_isolee":"0.020","finesse_forme_non_isolee":"0.700","hauteur_minimale_texte":2,"inactif":0,"marquage_interne":1,"quantite_min":null,"parent_id":null,"print_on_support":1,"content":null,"description":null},{"id":17,"nom":"topquadri_uvp","finition":null,"libelle":"TopQuadri UVP","code":null,"dpi":null,"finesse_forme_isolee":"0.020","finesse_forme_non_isolee":"0.700","hauteur_minimale_texte":2,"inactif":0,"marquage_interne":1,"quantite_min":null,"parent_id":null,"print_on_support":1,"content":null,"description":null},{"id":18,"nom":"quadri","finition":null,"libelle":"Impression","code":null,"dpi":null,"finesse_forme_isolee":null,"finesse_forme_non_isolee":null,"hauteur_minimale_texte":null,"inactif":0,"marquage_interne":1,"quantite_min":null,"parent_id":null,"print_on_support":0,"content":null,"description":null}]}}