{"data":{"product":{"id":21327,"titre":"Chef jacket jeans-style","description":"Veste de cuisine Jeans-Style. Surpiq\u00fbres contrast\u00e9es. Veste \u00e0 fermeture asym\u00e9trique avec 5 boutons-pression. Revers aux poignets pourvus d'une fente. Poche \u00e0 stylos plaqu\u00e9e sur la manche gauche. Lavable \u00e0 95 \u00b0C. Composition : 65 % polyester, 35 % coton.","genre":"mixte","grammage":195,"conditionnement":12,"composition":"coton,polyester,polycoton","reference":"ka-jm24","reference_visible":"ka-jm24","reference_fabricant":"JM24","ref_xor":"722186","in_catalog":true,"is_transfer":false,"is_service":false,"on_standby":false,"has_3d":false,"has_size_guide":true,"has_marking":true,"has_vierge":true,"is_cross_sellable":false,"id_picto":140,"filename_3d":null,"brand":{"id":118,"name":"karlowsky","logo":"logo-karlowsky.png","image":"https:\/\/media.th4.com\/YXmqnDl9gv0LQw__DfETESGtiVfebVhyE_Kxdxhf4tk\/pr:brand70x70\/aHR0cDovL21lZGlhMi5kZXNpZ25wYXJ0bmVyLmZyL2MvbS9sb2dvLWthcmxvd3NreS5wbmc"},"price_infos":{"price_from":45.78,"quantity":40,"color":{"id":24879,"name":"vintage_black"},"size":{"id":246,"name":"54"}},"price_infos_marking":{"price_from":52.43,"quantity":30,"color":{"id":24879,"name":"vintage_black"},"size":{"id":246,"name":"54"},"marking":{"id":4,"name":""},"emplacement":"avant","surface_emplacement_id":1,"surface":"coeur"},"i18n":{"blank":{"title":{"fr":"Chef jacket jeans-style veste cuisine KARLOWSKY jm24","en":"Chef jacket jeans-style chef jacket KARLOWSKY jm24","de":"Chef jacket jeans-style Kochjacke KARLOWSKY jm24","nl":"Chef jacket jeans-style keukenjas KARLOWSKY jm24","es":"Chef jacket jeans-style chaqueta de cocina KARLOWSKY jm24","it":"Chef jacket jeans-style giacca da cucina KARLOWSKY jm24","sv":"Chef jacket jeans-style kockjacka KARLOWSKY jm24","pt":"Chef jacket jeans-style jaqueta de cozinha KARLOWSKY jm24","da":"Chef jacket jeans-style kokkejakke KARLOWSKY jm24","pl":"Chef jacket jeans-style kurtka kucharska KARLOWSKY jm24"},"description":{"fr":"La veste cuisine jeans-style pr\u00e9sente une fermeture asym\u00e9trique avec 5 boutons-pression et des surpiq\u00fbres contrast\u00e9es. Elle comporte un revers aux poignets avec fente et une poche \u00e0 stylos plaqu\u00e9e sur la manche gauche. La composition est de 65 % polyester et 35 % coton.\n\n- Composition 65 % polyester 35 % coton\n- Fermeture asym\u00e9trique 5 boutons-pression\n- Revers poignets avec fente\n- Poche stylos manche gauche","en":"The jeans-style chef jacket features an asymmetrical closure with 5 snap buttons and contrasting topstitching. It includes cuffs with slit and a pen pocket on the left sleeve. Composition is 65% polyester and 35% cotton.\n\n- Composition 65% polyester 35% cotton\n- Asymmetrical closure with 5 snap buttons\n- Cuffs with slit\n- Pen pocket on left sleeve","de":"Die Jeans-Stil Kochjacke hat einen asymmetrischen Verschluss mit 5 Druckkn\u00f6pfen und kontrastierende Steppn\u00e4hte. Sie verf\u00fcgt \u00fcber umgeschlagene Manschetten mit Schlitz und eine aufgesetzte Stiftetasche am linken \u00c4rmel. Die Zusammensetzung betr\u00e4gt 65 % Polyester und 35 % Baumwolle.\n\n- Zusammensetzung 65 % Polyester 35 % Baumwolle\n- Asymmetrischer Verschluss 5 Druckkn\u00f6pfe\n- Umschlagmanschetten mit Schlitz\n- Stiftetasche linker \u00c4rmel","nl":"De keukenjas jeansstijl heeft een asymmetrische sluiting met 5 drukknoopsluitingen en contrasterende stiksels. Hij heeft een omgeslagen manchet met een split en een opgestikt penvak op de linker mouw. De samenstelling is 65% polyester en 35% katoen.\n\n- Samenstelling 65% polyester 35% katoen\n- Asymmetrische sluiting 5 drukknoopsluitingen\n- Omgeslagen manchetten met split\n- Penvak linker mouw","es":"La chaqueta de cocina jeans-style tiene un cierre asim\u00e9trico con 5 botones a presi\u00f3n y costuras contrastadas. Cuenta con pu\u00f1os con vuelta y abertura y un bolsillo para bol\u00edgrafos en la manga izquierda. La composici\u00f3n es 65% poli\u00e9ster y 35% algod\u00f3n.\n\n- Composici\u00f3n 65 % poli\u00e9ster 35 % algod\u00f3n\n- Cierre asim\u00e9trico 5 botones a presi\u00f3n\n- Pu\u00f1os con vuelta y abertura\n- Bolsillo para bol\u00edgrafos en manga izquierda","it":"La giacca da cucina jeans-style presenta una chiusura asimmetrica con 5 bottoni a pressione e cuciture a contrasto. Include polsini con rever e spacco, e una tasca porta penne applicata sulla manica sinistra. La composizione \u00e8 65% poliestere e 35% cotone.\n\n- Composizione 65 % poliestere 35 % cotone\n- Chiusura asimmetrica 5 bottoni a pressione\n- Polsini con rever e spacco\n- Tasca porta penne manica sinistra","sv":"Kockjackan jeans-stil har en asymmetrisk st\u00e4ngning med 5 tryckknappar och kontrasterande s\u00f6mmar. Den har uppvikta \u00e4rmslut med slits och en p\u00e5sydd pennficka p\u00e5 v\u00e4nster \u00e4rm. Sammans\u00e4ttningen \u00e4r 65 % polyester och 35 % bomull.\n\n- Sammans\u00e4ttning 65 % polyester 35 % bomull\n- Asymmetrisk st\u00e4ngning 5 tryckknappar\n- Uppvikta \u00e4rmslut med slits\n- Pennficka v\u00e4nster \u00e4rm","pt":"A jaqueta de cozinha jeans-style apresenta um fecho assim\u00e9trico com 5 bot\u00f5es de press\u00e3o e costuras contrastantes. Possui punhos virados com racha e bolso para canetas aplicado na manga esquerda. A composi\u00e7\u00e3o \u00e9 de 65% poli\u00e9ster e 35% algod\u00e3o.\n\n- Composi\u00e7\u00e3o 65% poli\u00e9ster 35% algod\u00e3o\n- Fecho assim\u00e9trico 5 bot\u00f5es de press\u00e3o\n- Punhos virados com racha\n- Bolso para canetas na manga esquerda","da":"Kokkejakken jeans-style har en asymmetrisk lukning med 5 trykknapper og kontrasts\u00f8mme. Den har manchetter med slids og en p\u00e5syet penlomme p\u00e5 venstre \u00e6rme. Sammens\u00e6tningen er 65 % polyester og 35 % bomuld.\n\n- Sammens\u00e6tning 65 % polyester 35 % bomuld\n- Asymmetrisk lukning med 5 trykknapper\n- Manchetter med slids\n- Penlomme p\u00e5 venstre \u00e6rme","pl":"Kurtka kucharska jeans-style posiada asymetryczne zapi\u0119cie na 5 nap i kontrastowe przeszycia. Ma mankiety z rozci\u0119ciem oraz kiesze\u0144 na d\u0142ugopisy wszyt\u0105 na lewym r\u0119kawie. Sk\u0142ad to 65% poliester, 35% bawe\u0142na.\n\n- Sk\u0142ad 65% poliester 35% bawe\u0142na\n- Asymetryczne zapi\u0119cie na 5 nap\n- Mankiety z rozci\u0119ciem\n- Kiesze\u0144 na d\u0142ugopisy na lewym r\u0119kawie"},"h1":{"fr":"Chef jacket jeans-style veste cuisine jm24","en":"Chef jacket jeans-style chef jacket jm24","de":"Chef jacket jeans-style Kochjacke jm24","nl":"Chef jacket jeans-style keukenjas jm24","es":"Chef jacket jeans-style chaqueta de cocina jm24","it":"Chef jacket jeans-style giacca da cucina jm24","sv":"Chef jacket jeans-style kockjacka jm24","pt":"Chef jacket jeans-style jaqueta de cozinha jm24","da":"Chef jacket jeans-style kokkejakke jm24","pl":"Chef jacket jeans-style kurtka kucharska jm24"},"meta_description":{"fr":"Veste cuisine jeans-style avec fermeture asym\u00e9trique et 5 boutons-pression. Poche stylos sur manche gauche. Composition 65% polyester, 35% coton.","en":"Jeans-style chef jacket with asymmetrical closure and 5 snap buttons. Pen pocket on left sleeve. Composition 65% polyester, 35% cotton.","de":"Jeans-Stil Kochjacke mit asymmetrischem Verschluss und 5 Druckkn\u00f6pfen. Stiftetasche am linken \u00c4rmel. Zusammensetzung 65% Polyester, 35% Baumwolle.","nl":"Keukenjas jeansstijl met asymmetrische sluiting en 5 drukknoopsluitingen. Penvak op linker mouw. Samenstelling 65% polyester, 35% katoen.","es":"Chaqueta de cocina jeans-style con cierre asim\u00e9trico y 5 botones a presi\u00f3n. Bolsillo para bol\u00edgrafos en la manga izquierda. Composici\u00f3n 65% poli\u00e9ster, 35% algod\u00f3n.","it":"Giacca da cucina jeans-style con chiusura asimmetrica e 5 bottoni a pressione. Tasca porta penne sulla manica sinistra. Composizione 65% poliestere, 35% cotone.","sv":"Kockjacka jeans-stil med asymmetriskt st\u00e4ngning och 5 tryckknappar. Pennficka p\u00e5 v\u00e4nster \u00e4rm. Sammans\u00e4ttning 65 % polyester, 35 % bomull.","pt":"Jaqueta de cozinha jeans-style com fecho assim\u00e9trico e 5 bot\u00f5es de press\u00e3o. Bolso para canetas na manga esquerda. Composi\u00e7\u00e3o 65% poli\u00e9ster, 35% algod\u00e3o.","da":"Kokkejakke jeans-style med asymmetrisk lukning og 5 trykknapper. Penlomme p\u00e5 venstre \u00e6rme. Sammens\u00e6tning 65 % polyester, 35 % bomuld.","pl":"Kurtka kucharska jeans-style z asymetrycznym zapi\u0119ciem na 5 nap. Kiesze\u0144 na d\u0142ugopisy na lewym r\u0119kawie. Sk\u0142ad 65% poliester, 35% bawe\u0142na."}},"custom":{"title":{"fr":"Chef jacket karlowsky jm24 veste cuisine personnalisable","en":"Chef jacket karlowsky jm24 customizable kitchen jacket","de":"Chef jacket karlowsky jm24 individualisierbare Kochjacke","nl":"Chef jacket karlowsky jm24 aanpasbare keukenjas","es":"Chef jacket karlowsky jm24 chaqueta de cocina personalizable","it":"Chef jacket karlowsky jm24 giacca da cucina personalizzabile","sv":"Chef jacket karlowsky jm24 anpassningsbar k\u00f6ksjacka","pt":"Chef jacket karlowsky jm24 jaqueta de cozinha personaliz\u00e1vel","da":"Chef jacket karlowsky jm24 justerbar k\u00f8kkenjakke","pl":"Chef jacket karlowsky jm24 kurtka kucharska do personalizacji"},"description":{"fr":"La veste cuisine Jeans-Style est con\u00e7ue avec une fermeture asym\u00e9trique et cinq boutons-pression. Elle int\u00e8gre des surpiq\u00fbres contrast\u00e9es et des revers aux poignets munis de fentes. Une poche \u00e0 stylos est plaqu\u00e9e sur la manche gauche. La composition associe 65 % polyester et 35 % coton.\n\n- Composition 65 % polyester, 35 % coton\n- Fermeture asym\u00e9trique \u00e0 5 boutons-pression\n- Poche stylos sur manche gauche\n- Possibilit\u00e9 de personnaliser","en":"The Jeans-Style kitchen jacket features an asymmetric closure with five snap buttons. It includes contrast topstitching and cuffs with slits. A pen pocket is sewn on the left sleeve. Composition combines 65 % polyester and 35 % cotton.\n\n- Composition 65 % polyester, 35 % cotton\n- Asymmetric closure with 5 snap buttons\n- Pen pocket on left sleeve\n- Customizable option","de":"Die Kochjacke im Jeans-Stil ist mit einem asymmetrischen Verschluss und f\u00fcnf Druckkn\u00f6pfen ausgestattet. Sie verf\u00fcgt \u00fcber kontrastierende Steppn\u00e4hte und Manschetten mit Schlitzen. Eine Stifttasche ist auf dem linken \u00c4rmel aufgesetzt. Die Zusammensetzung besteht aus 65 % Polyester und 35 % Baumwolle.\n\n- Zusammensetzung 65 % Polyester, 35 % Baumwolle\n- Asymmetrischer Verschluss mit 5 Druckkn\u00f6pfen\n- Stifttasche am linken \u00c4rmel\n- Individualisierbar","nl":"De keukenjas Jeans-Style is ontworpen met een asymmetrische sluiting en vijf drukknopen. Hij heeft contrasterende stiksels en manchetten met inkepingen. Een pennenvak is aangebracht op de linker mouw. De samenstelling combineert 65 % polyester en 35 % katoen.\n\n- Samenstelling 65 % polyester, 35 % katoen\n- Asymmetrische sluiting met 5 drukknopen\n- Pennenvak op linker mouw\n- Mogelijkheid tot personaliseren","es":"La chaqueta de cocina Jeans-Style est\u00e1 dise\u00f1ada con un cierre asim\u00e9trico y cinco botones a presi\u00f3n. Incorpora costuras contrastantes y pu\u00f1os con aberturas. Un bolsillo para bol\u00edgrafos est\u00e1 colocado en la manga izquierda. La composici\u00f3n combina 65 % poli\u00e9ster y 35 % algod\u00f3n.\n\n- Composici\u00f3n 65 % poli\u00e9ster, 35 % algod\u00f3n\n- Cierre asim\u00e9trico con 5 botones a presi\u00f3n\n- Bolsillo para bol\u00edgrafos en la manga izquierda\n- Posibilidad de personalizar","it":"La giacca da cucina Jeans-Style \u00e8 realizzata con una chiusura asimmetrica e cinque bottoni a pressione. Presenta cuciture a contrasto e risvolti sui polsini con spacchi. Una tasca portapenne \u00e8 applicata sulla manica sinistra. La composizione combina 65 % poliestere e 35 % cotone.\n\n- Composizione 65 % poliestere, 35 % cotone\n- Chiusura asimmetrica con 5 bottoni a pressione\n- Tasca portapenne sulla manica sinistra\n- Possibilit\u00e0 di personalizzazione","sv":"Jeans-stil k\u00f6ksjacka med asymmetrisk st\u00e4ngning och fem tryckknappar. Inneh\u00e5ller kontrasts\u00f6mmar och manschettslit i \u00e4rmslut. En pennficka \u00e4r f\u00e4st p\u00e5 v\u00e4nster \u00e4rm. Kompositionen best\u00e5r av 65 % polyester och 35 % bomull.\n\n- Komposition 65 % polyester, 35 % bomull\n- Asymmetrisk st\u00e4ngning med 5 tryckknappar\n- Pennficka p\u00e5 v\u00e4nster \u00e4rm\n- M\u00f6jlighet att anpassa","pt":"A jaqueta de cozinha estilo jeans \u00e9 concebida com um fecho assim\u00e9trico e cinco bot\u00f5es de press\u00e3o. Integra costuras contrastantes e punhos com aberturas. Um bolso para canetas est\u00e1 aplicado na manga esquerda. A composi\u00e7\u00e3o combina 65 % poli\u00e9ster e 35 % algod\u00e3o.\n\n- Composi\u00e7\u00e3o 65 % poli\u00e9ster, 35 % algod\u00e3o\n- Fecho assim\u00e9trico com 5 bot\u00f5es de press\u00e3o\n- Bolso para canetas na manga esquerda\n- Possibilidade de personaliza\u00e7\u00e3o","da":"Jeans-stil k\u00f8kkenjakken er designet med asymmetrisk lukning og fem trykknapper. Den har kontrastsyninger og manchetter med slids. En penlomme er p\u00e5sat venstre \u00e6rme. Sammens\u00e6tningen er 65 % polyester og 35 % bomuld.\n\n- Sammens\u00e6tning 65 % polyester, 35 % bomuld\n- Asymmetrisk lukning med 5 trykknapper\n- Penlomme p\u00e5 venstre \u00e6rme\n- Mulighed for tilpasning","pl":"Kurtka kucharska w stylu jeans zaprojektowana z asymetrycznym zapi\u0119ciem i pi\u0119cioma zatrzaskami. Zawiera kontrastowe przeszycia i mankiety z rozci\u0119ciami. Kiesze\u0144 na d\u0142ugopisy na lewym r\u0119kawie. Sk\u0142ad 65 % poliester i 35 % bawe\u0142na.\n\n- Sk\u0142ad 65 % poliester, 35 % bawe\u0142na\n- Asymetryczne zapi\u0119cie na 5 zatrzask\u00f3w\n- Kiesze\u0144 na d\u0142ugopisy na lewym r\u0119kawie\n- Mo\u017cliwo\u015b\u0107 personalizacji"},"h1":{"fr":"Chef jacket jm24 veste cuisine personnalisable","en":"Chef jacket jm24 customizable kitchen jacket","de":"Chef jacket jm24 individualisierbare Kochjacke","nl":"Chef jacket jm24 aanpasbare keukenjas","es":"Chef jacket jm24 chaqueta de cocina personalizable","it":"Chef jacket jm24 giacca da cucina personalizzabile","sv":"Chef jacket jm24 anpassningsbar k\u00f6ksjacka","pt":"Chef jacket jm24 jaqueta de cozinha personaliz\u00e1vel","da":"Chef jacket jm24 justerbar k\u00f8kkenjakke","pl":"Chef jacket jm24 kurtka kucharska do personalizacji"},"meta_description":{"fr":"Veste cuisine style jeans avec fermeture asym\u00e9trique, boutons-pression et poche stylos. Composition polyester et coton. Personnalisable selon besoins.","en":"Jeans-style kitchen jacket with asymmetric closure, snap buttons and pen pocket. Polyester and cotton composition. Customizable according to needs.","de":"Jeans-Stil Kochjacke mit asymmetrischem Verschluss, Druckkn\u00f6pfen und Stifttasche. Zusammensetzung Polyester und Baumwolle. Nach Bedarf individualisierbar.","nl":"Keukenjas in jeansstijl met asymmetrische sluiting, drukknopen en pennenvak. Samenstelling polyester en katoen. Aanpasbaar volgens behoeften.","es":"Chaqueta de cocina estilo jeans con cierre asim\u00e9trico, botones a presi\u00f3n y bolsillo para bol\u00edgrafos. Composici\u00f3n poli\u00e9ster y algod\u00f3n. Personalizable seg\u00fan necesidades.","it":"Giacca da cucina stile jeans con chiusura asimmetrica, bottoni a pressione e tasca portapenne. Composizione poliestere e cotone. Personalizzabile secondo necessit\u00e0.","sv":"Jeans-stil k\u00f6ksjacka med asymmetriskt blixtl\u00e5s, tryckknappar och pennficka. Komposition av polyester och bomull. Anpassningsbar efter behov.","pt":"Jaqueta de cozinha estilo jeans com fecho assim\u00e9trico, bot\u00f5es de press\u00e3o e bolso para canetas. Composi\u00e7\u00e3o poli\u00e9ster e algod\u00e3o. Personaliz\u00e1vel conforme necessidades.","da":"K\u00f8kkenjakke i jeans-stil med asymmetrisk lukning, trykknapper og penlomme. Sammens\u00e6tning af polyester og bomuld. Justerbar efter behov.","pl":"Kurtka kucharska w stylu jeans z asymetrycznym zapi\u0119ciem, zatrzaskami i kieszeni\u0105 na d\u0142ugopisy. Sk\u0142ad poliester i bawe\u0142na. Mo\u017cliwo\u015b\u0107 personalizacji wed\u0142ug potrzeb."}}},"categories":[{"id":535,"name":"Vestes de cuisine","singular":"Veste de cuisine","is_feminin":true},{"id":562,"name":"Restauration et H\u00f4tellerie","singular":"Restauration et H\u00f4tellerie","is_feminin":false},{"id":13,"name":"Vestes et manteaux","singular":"Veste et manteau","is_feminin":true},{"id":559,"name":"Univers","singular":"Univers","is_feminin":false},{"id":354,"name":"Textile","singular":"Textile","is_feminin":false}],"certifications":[{"id":1,"label":"OEKO-TEX 100","logo_link":"\/images\/certifications\/1_OEKO-TEX_100.jpg","is_marking_compatible":false}],"videos":{"fr":[],"en":[],"de":[],"nl":[],"es":[],"it":[],"sv":[],"pt":[],"da":[],"pl":[]},"main_images":{"miniature":"https:\/\/media.th4.com\/DKryGk0UduEvD52kEVszN5nko5lWnC-27MPdCWFj-n4\/pr:80\/aHR0cDovL21lZGlhMi5kZXNpZ25wYXJ0bmVyLmZyL2MvcC1ibGFuay1USC8yMTMyNy53ZWJw?v=1764073156","medium":"https:\/\/media.th4.com\/G8s2trNokKwDrlik3IBBW0-FnoZlqYgzfWz-UUCWBaM\/pr:550x550greybg\/aHR0cDovL21lZGlhMi5kZXNpZ25wYXJ0bmVyLmZyL2MvcC1ibGFuay1USC8yMTMyNy53ZWJw?v=1764073156","medium_large":"https:\/\/media.th4.com\/-8V_NtboY06KUpo8zvXMksUeN9C3b1GvVFbuW0pQDFg\/pr:1000x1000greybg\/aHR0cDovL21lZGlhMi5kZXNpZ25wYXJ0bmVyLmZyL2MvcC1ibGFuay1USC8yMTMyNy53ZWJw?v=1764073156","large":"https:\/\/media.th4.com\/RD0wWL2arGJ6lFuigztUsLL55SqInl9C989ZTxIc3jk\/pr:1920greybg\/aHR0cDovL21lZGlhMi5kZXNpZ25wYXJ0bmVyLmZyL2MvcC1ibGFuay1USC8yMTMyNy53ZWJw?v=1764073156","opengraph":"https:\/\/media.th4.com\/n2dS3KLwOR9LTKjUtm9WR_SmffCDAuv64z1PjhM79xc\/pr:1200x630greybg\/aHR0cDovL21lZGlhMi5kZXNpZ25wYXJ0bmVyLmZyL2MvcC1ibGFuay1USC8yMTMyNy53ZWJw?v=1764073156"},"main_images_customization":{"miniature":"https:\/\/media.th4.com\/WyRCapNcgVKoOWQy2Ba78aXzwYkx2WqtKBHEkdxN6pU\/pr:80\/aHR0cDovL21lZGlhMi5kZXNpZ25wYXJ0bmVyLmZyL2MvcC1jdXN0b20tVEgvMjEzMjcud2VicA?v=1764073237","medium":"https:\/\/media.th4.com\/07OvuP5jM02DrMRqc36Fy0-TRgH7_9fyJQ5qGokRGsU\/pr:550x550greybg\/aHR0cDovL21lZGlhMi5kZXNpZ25wYXJ0bmVyLmZyL2MvcC1jdXN0b20tVEgvMjEzMjcud2VicA?v=1764073237","medium_large":"https:\/\/media.th4.com\/05r0F1mTnLNqcNRVxvIiWJYmvlrqJ267Q1RQVMWwChc\/pr:1000x1000greybg\/aHR0cDovL21lZGlhMi5kZXNpZ25wYXJ0bmVyLmZyL2MvcC1jdXN0b20tVEgvMjEzMjcud2VicA?v=1764073237","large":"https:\/\/media.th4.com\/JrICysdvqCO7oYzUZl6_Ml-s4FKkyWpkabKPWuaNi0k\/pr:1920greybg\/aHR0cDovL21lZGlhMi5kZXNpZ25wYXJ0bmVyLmZyL2MvcC1jdXN0b20tVEgvMjEzMjcud2VicA?v=1764073237","opengraph":"https:\/\/media.th4.com\/8BEwNHNM65cyil9rUsCELEfRDFm2Ujkqfeqx9GIu7hQ\/pr:1200x630greybg\/aHR0cDovL21lZGlhMi5kZXNpZ25wYXJ0bmVyLmZyL2MvcC1jdXN0b20tVEgvMjEzMjcud2VicA?v=1764073237"},"page_links":{"fr":"\/fr\/p-ka-jm24-chef-jacket-jeans-style-veste-cuisine-jm24-21327\/","en":"\/en\/p-ka-jm24-chef-jacket-jeans-style-chef-jacket-jm24-21327\/","de":"\/de\/p-ka-jm24-chef-jacket-jeans-style-kochjacke-jm24-21327\/","nl":"\/nl\/p-ka-jm24-chef-jacket-jeans-style-keukenjas-jm24-21327\/","es":"\/es\/p-ka-jm24-chef-jacket-jeans-style-chaqueta-de-cocina-jm24-21327\/","it":"\/it\/p-ka-jm24-chef-jacket-jeans-style-giacca-da-cucina-jm24-21327\/","sv":"\/sv\/p-ka-jm24-chef-jacket-jeans-style-kockjacka-jm24-21327\/","pt":"\/pt\/p-ka-jm24-chef-jacket-jeans-style-jaqueta-de-cozinha-jm24-21327\/","da":"\/da\/p-ka-jm24-chef-jacket-jeans-style-kokkejakke-jm24-21327\/","pl":"\/pl\/p-ka-jm24-chef-jacket-jeans-style-kurtka-kucharska-jm24-21327\/"},"page_links_customization":{"fr":"\/fr\/p-ka-jm24-chef-jacket-jm24-veste-cuisine-personnalisable-21327\/custom\/","en":"\/en\/p-ka-jm24-chef-jacket-jm24-customizable-kitchen-jacket-21327\/custom\/","de":"\/de\/p-ka-jm24-chef-jacket-jm24-individualisierbare-kochjacke-21327\/custom\/","nl":"\/nl\/p-ka-jm24-chef-jacket-jm24-aanpasbare-keukenjas-21327\/custom\/","es":"\/es\/p-ka-jm24-chef-jacket-jm24-chaqueta-de-cocina-personalizable-21327\/custom\/","it":"\/it\/p-ka-jm24-chef-jacket-jm24-giacca-da-cucina-personalizzabile-21327\/custom\/","sv":"\/sv\/p-ka-jm24-chef-jacket-jm24-anpassningsbar-koksjacka-21327\/custom\/","pt":"\/pt\/p-ka-jm24-chef-jacket-jm24-jaqueta-de-cozinha-personalizavel-21327\/custom\/","da":"\/da\/p-ka-jm24-chef-jacket-jm24-justerbar-kokkenjakke-21327\/custom\/","pl":"\/pl\/p-ka-jm24-chef-jacket-jm24-kurtka-kucharska-do-personalizacji-21327\/custom\/"},"equivalent_products":[],"colors":[{"id":24879,"name":"vintage_black","class_ids":[4],"codes_hexa":["2F2F3A"],"delai_24":false,"has_3d":false,"seuil_global":0,"stock_local":0,"stock_global":241,"on_standby":false,"in_catalog":true,"images":{"miniature":["https:\/\/media.th4.com\/uwKLQaB40N0maQ2s7G6Z7p0-32TqzfHskdkqJe77Otk\/pr:80\/aHR0cDovL21lZGlhMi5kZXNpZ25wYXJ0bmVyLmZyL2MvcC8yMTMyNy8yMTMyNy0yNDg3OS0xLndlYnA?v=1764072503","https:\/\/media.th4.com\/CGgK_o8rdnCpzp0S7eJMyBjuG2oa8klUivZSCVK8xWg\/pr:80\/aHR0cDovL21lZGlhMi5kZXNpZ25wYXJ0bmVyLmZyL2MvcC8yMTMyNy8yMTMyNy0yNDg3OS0yLndlYnA?v=1764072504","https:\/\/media.th4.com\/zCbkVbnFmQ-r30ZXdEY44-lW675UvQWtT7sgnIlFhNk\/pr:80\/aHR0cDovL21lZGlhMi5kZXNpZ25wYXJ0bmVyLmZyL2MvcC8yMTMyNy8yMTMyNy0yNDg3OS0zLndlYnA?v=1764072505","https:\/\/media.th4.com\/V9fjTiaoRztdGE16EuGowuIy7LOAjcJoJYvHuyaKxa0\/pr:80\/aHR0cDovL21lZGlhMi5kZXNpZ25wYXJ0bmVyLmZyL2MvcC8yMTMyNy8yMTMyNy0yNDg3OS00LndlYnA?v=1764072506"],"medium":["https:\/\/media.th4.com\/sQScgjd41uee8eWDSmElgC6cDYNSlC9A-jy8dtrUOMw\/pr:550x550\/aHR0cDovL21lZGlhMi5kZXNpZ25wYXJ0bmVyLmZyL2MvcC8yMTMyNy8yMTMyNy0yNDg3OS0xLndlYnA?v=1764072503","https:\/\/media.th4.com\/km2Lk8Zk2wqyk4FC27HlTGj5vqkniALiHon9L4GVacc\/pr:550x550\/aHR0cDovL21lZGlhMi5kZXNpZ25wYXJ0bmVyLmZyL2MvcC8yMTMyNy8yMTMyNy0yNDg3OS0yLndlYnA?v=1764072504","https:\/\/media.th4.com\/I_V-5KLYoKNkQqiR1WoJxsaXaWKWogTI6yLY69Hq6bs\/pr:550x550\/aHR0cDovL21lZGlhMi5kZXNpZ25wYXJ0bmVyLmZyL2MvcC8yMTMyNy8yMTMyNy0yNDg3OS0zLndlYnA?v=1764072505","https:\/\/media.th4.com\/CzEqEq1bczfsIe32HJx8D-EScETFDeNvKChtD_Wt124\/pr:550x550\/aHR0cDovL21lZGlhMi5kZXNpZ25wYXJ0bmVyLmZyL2MvcC8yMTMyNy8yMTMyNy0yNDg3OS00LndlYnA?v=1764072506"],"medium_large":["https:\/\/media.th4.com\/zZ1zCpyd85gm3EFIUlmoF_TbBARKHNVH-shOhBf02q0\/pr:1000x1000\/aHR0cDovL21lZGlhMi5kZXNpZ25wYXJ0bmVyLmZyL2MvcC8yMTMyNy8yMTMyNy0yNDg3OS0xLndlYnA?v=1764072503","https:\/\/media.th4.com\/f-11rvPNXz6llhqiehJcRo6L-1OfzEBChSDLUL5YLik\/pr:1000x1000\/aHR0cDovL21lZGlhMi5kZXNpZ25wYXJ0bmVyLmZyL2MvcC8yMTMyNy8yMTMyNy0yNDg3OS0yLndlYnA?v=1764072504","https:\/\/media.th4.com\/7UAxYRNfn04E9KVj6r0hcpzKp355O6tyj5yjpEyVQGE\/pr:1000x1000\/aHR0cDovL21lZGlhMi5kZXNpZ25wYXJ0bmVyLmZyL2MvcC8yMTMyNy8yMTMyNy0yNDg3OS0zLndlYnA?v=1764072505","https:\/\/media.th4.com\/GHNm-qca68enj5vh9Fj5HiV20fDIk529FcUMPBSw6Vc\/pr:1000x1000\/aHR0cDovL21lZGlhMi5kZXNpZ25wYXJ0bmVyLmZyL2MvcC8yMTMyNy8yMTMyNy0yNDg3OS00LndlYnA?v=1764072506"],"large":["https:\/\/media.th4.com\/kXW7XjyxXF6XdhRWCFFMLVtot1Zqzsj_uMVDkvl5JBQ\/pr:1920\/aHR0cDovL21lZGlhMi5kZXNpZ25wYXJ0bmVyLmZyL2MvcC8yMTMyNy8yMTMyNy0yNDg3OS0xLndlYnA?v=1764072503","https:\/\/media.th4.com\/tKiYgNvBVRQQDEPaAorFwxVUXn9z4v3uO_N-UvNfH4I\/pr:1920\/aHR0cDovL21lZGlhMi5kZXNpZ25wYXJ0bmVyLmZyL2MvcC8yMTMyNy8yMTMyNy0yNDg3OS0yLndlYnA?v=1764072504","https:\/\/media.th4.com\/gD4WOpJnjv70cZe8NVDpHYFxkoswKWAk4xbK1KCvMmE\/pr:1920\/aHR0cDovL21lZGlhMi5kZXNpZ25wYXJ0bmVyLmZyL2MvcC8yMTMyNy8yMTMyNy0yNDg3OS0zLndlYnA?v=1764072505","https:\/\/media.th4.com\/FM-4gGNoc1p1s0WYUvPI30Pi261y_D1C19c0rEQ1kK0\/pr:1920\/aHR0cDovL21lZGlhMi5kZXNpZ25wYXJ0bmVyLmZyL2MvcC8yMTMyNy8yMTMyNy0yNDg3OS00LndlYnA?v=1764072506"],"opengraph":["https:\/\/media.th4.com\/YyRRNC_AfA8Wgc9HoopNIgR_dLYo548AAKwnBhH_yp8\/pr:1200x630\/aHR0cDovL21lZGlhMi5kZXNpZ25wYXJ0bmVyLmZyL2MvcC8yMTMyNy8yMTMyNy0yNDg3OS0xLndlYnA?v=1764072503","https:\/\/media.th4.com\/mrVlW33jMJFumhnQWmvnePWBIJ-0-CdzDjF-xJ1IpFk\/pr:1200x630\/aHR0cDovL21lZGlhMi5kZXNpZ25wYXJ0bmVyLmZyL2MvcC8yMTMyNy8yMTMyNy0yNDg3OS0yLndlYnA?v=1764072504","https:\/\/media.th4.com\/N5kHxFX7ABYFmsfAaf583eRSA63k1DKN6Gq7k0rXV_8\/pr:1200x630\/aHR0cDovL21lZGlhMi5kZXNpZ25wYXJ0bmVyLmZyL2MvcC8yMTMyNy8yMTMyNy0yNDg3OS0zLndlYnA?v=1764072505","https:\/\/media.th4.com\/2xKR7tpjTqwBjEWS4l5OlBRqI3Q5tov7jAgQb9tIul4\/pr:1200x630\/aHR0cDovL21lZGlhMi5kZXNpZ25wYXJ0bmVyLmZyL2MvcC8yMTMyNy8yMTMyNy0yNDg3OS00LndlYnA?v=1764072506"]},"images_customization":{"miniature":["https:\/\/media.th4.com\/uwKLQaB40N0maQ2s7G6Z7p0-32TqzfHskdkqJe77Otk\/pr:80\/aHR0cDovL21lZGlhMi5kZXNpZ25wYXJ0bmVyLmZyL2MvcC8yMTMyNy8yMTMyNy0yNDg3OS0xLndlYnA?v=1764072503","https:\/\/media.th4.com\/CGgK_o8rdnCpzp0S7eJMyBjuG2oa8klUivZSCVK8xWg\/pr:80\/aHR0cDovL21lZGlhMi5kZXNpZ25wYXJ0bmVyLmZyL2MvcC8yMTMyNy8yMTMyNy0yNDg3OS0yLndlYnA?v=1764072504","https:\/\/media.th4.com\/zCbkVbnFmQ-r30ZXdEY44-lW675UvQWtT7sgnIlFhNk\/pr:80\/aHR0cDovL21lZGlhMi5kZXNpZ25wYXJ0bmVyLmZyL2MvcC8yMTMyNy8yMTMyNy0yNDg3OS0zLndlYnA?v=1764072505","https:\/\/media.th4.com\/V9fjTiaoRztdGE16EuGowuIy7LOAjcJoJYvHuyaKxa0\/pr:80\/aHR0cDovL21lZGlhMi5kZXNpZ25wYXJ0bmVyLmZyL2MvcC8yMTMyNy8yMTMyNy0yNDg3OS00LndlYnA?v=1764072506"],"medium":["https:\/\/media.th4.com\/sQScgjd41uee8eWDSmElgC6cDYNSlC9A-jy8dtrUOMw\/pr:550x550\/aHR0cDovL21lZGlhMi5kZXNpZ25wYXJ0bmVyLmZyL2MvcC8yMTMyNy8yMTMyNy0yNDg3OS0xLndlYnA?v=1764072503","https:\/\/media.th4.com\/km2Lk8Zk2wqyk4FC27HlTGj5vqkniALiHon9L4GVacc\/pr:550x550\/aHR0cDovL21lZGlhMi5kZXNpZ25wYXJ0bmVyLmZyL2MvcC8yMTMyNy8yMTMyNy0yNDg3OS0yLndlYnA?v=1764072504","https:\/\/media.th4.com\/I_V-5KLYoKNkQqiR1WoJxsaXaWKWogTI6yLY69Hq6bs\/pr:550x550\/aHR0cDovL21lZGlhMi5kZXNpZ25wYXJ0bmVyLmZyL2MvcC8yMTMyNy8yMTMyNy0yNDg3OS0zLndlYnA?v=1764072505","https:\/\/media.th4.com\/CzEqEq1bczfsIe32HJx8D-EScETFDeNvKChtD_Wt124\/pr:550x550\/aHR0cDovL21lZGlhMi5kZXNpZ25wYXJ0bmVyLmZyL2MvcC8yMTMyNy8yMTMyNy0yNDg3OS00LndlYnA?v=1764072506"],"medium_large":["https:\/\/media.th4.com\/zZ1zCpyd85gm3EFIUlmoF_TbBARKHNVH-shOhBf02q0\/pr:1000x1000\/aHR0cDovL21lZGlhMi5kZXNpZ25wYXJ0bmVyLmZyL2MvcC8yMTMyNy8yMTMyNy0yNDg3OS0xLndlYnA?v=1764072503","https:\/\/media.th4.com\/f-11rvPNXz6llhqiehJcRo6L-1OfzEBChSDLUL5YLik\/pr:1000x1000\/aHR0cDovL21lZGlhMi5kZXNpZ25wYXJ0bmVyLmZyL2MvcC8yMTMyNy8yMTMyNy0yNDg3OS0yLndlYnA?v=1764072504","https:\/\/media.th4.com\/7UAxYRNfn04E9KVj6r0hcpzKp355O6tyj5yjpEyVQGE\/pr:1000x1000\/aHR0cDovL21lZGlhMi5kZXNpZ25wYXJ0bmVyLmZyL2MvcC8yMTMyNy8yMTMyNy0yNDg3OS0zLndlYnA?v=1764072505","https:\/\/media.th4.com\/GHNm-qca68enj5vh9Fj5HiV20fDIk529FcUMPBSw6Vc\/pr:1000x1000\/aHR0cDovL21lZGlhMi5kZXNpZ25wYXJ0bmVyLmZyL2MvcC8yMTMyNy8yMTMyNy0yNDg3OS00LndlYnA?v=1764072506"],"large":["https:\/\/media.th4.com\/kXW7XjyxXF6XdhRWCFFMLVtot1Zqzsj_uMVDkvl5JBQ\/pr:1920\/aHR0cDovL21lZGlhMi5kZXNpZ25wYXJ0bmVyLmZyL2MvcC8yMTMyNy8yMTMyNy0yNDg3OS0xLndlYnA?v=1764072503","https:\/\/media.th4.com\/tKiYgNvBVRQQDEPaAorFwxVUXn9z4v3uO_N-UvNfH4I\/pr:1920\/aHR0cDovL21lZGlhMi5kZXNpZ25wYXJ0bmVyLmZyL2MvcC8yMTMyNy8yMTMyNy0yNDg3OS0yLndlYnA?v=1764072504","https:\/\/media.th4.com\/gD4WOpJnjv70cZe8NVDpHYFxkoswKWAk4xbK1KCvMmE\/pr:1920\/aHR0cDovL21lZGlhMi5kZXNpZ25wYXJ0bmVyLmZyL2MvcC8yMTMyNy8yMTMyNy0yNDg3OS0zLndlYnA?v=1764072505","https:\/\/media.th4.com\/FM-4gGNoc1p1s0WYUvPI30Pi261y_D1C19c0rEQ1kK0\/pr:1920\/aHR0cDovL21lZGlhMi5kZXNpZ25wYXJ0bmVyLmZyL2MvcC8yMTMyNy8yMTMyNy0yNDg3OS00LndlYnA?v=1764072506"],"opengraph":["https:\/\/media.th4.com\/YyRRNC_AfA8Wgc9HoopNIgR_dLYo548AAKwnBhH_yp8\/pr:1200x630\/aHR0cDovL21lZGlhMi5kZXNpZ25wYXJ0bmVyLmZyL2MvcC8yMTMyNy8yMTMyNy0yNDg3OS0xLndlYnA?v=1764072503","https:\/\/media.th4.com\/mrVlW33jMJFumhnQWmvnePWBIJ-0-CdzDjF-xJ1IpFk\/pr:1200x630\/aHR0cDovL21lZGlhMi5kZXNpZ25wYXJ0bmVyLmZyL2MvcC8yMTMyNy8yMTMyNy0yNDg3OS0yLndlYnA?v=1764072504","https:\/\/media.th4.com\/N5kHxFX7ABYFmsfAaf583eRSA63k1DKN6Gq7k0rXV_8\/pr:1200x630\/aHR0cDovL21lZGlhMi5kZXNpZ25wYXJ0bmVyLmZyL2MvcC8yMTMyNy8yMTMyNy0yNDg3OS0zLndlYnA?v=1764072505","https:\/\/media.th4.com\/2xKR7tpjTqwBjEWS4l5OlBRqI3Q5tov7jAgQb9tIul4\/pr:1200x630\/aHR0cDovL21lZGlhMi5kZXNpZ25wYXJ0bmVyLmZyL2MvcC8yMTMyNy8yMTMyNy0yNDg3OS00LndlYnA?v=1764072506"]},"country_origin":"PK","traceability":{"manufacturing_country_id":92,"weaving_country_id":92,"dyeing_country_id":92},"sizes":[{"id":498,"article_id":525890,"class_id":0,"name":"64","on_standby":false,"stock_local":0,"stock_global":11,"multiple":1,"estimated_date_reassort":null,"is_destocking":false},{"id":243,"article_id":525881,"class_id":0,"name":"46","on_standby":false,"stock_local":0,"stock_global":8,"multiple":1,"estimated_date_reassort":null,"is_destocking":false},{"id":238,"article_id":525882,"class_id":0,"name":"48","on_standby":false,"stock_local":0,"stock_global":42,"multiple":1,"estimated_date_reassort":null,"is_destocking":false},{"id":244,"article_id":525883,"class_id":0,"name":"50","on_standby":false,"stock_local":0,"stock_global":28,"multiple":1,"estimated_date_reassort":null,"is_destocking":false},{"id":245,"article_id":525884,"class_id":0,"name":"52","on_standby":false,"stock_local":0,"stock_global":16,"multiple":1,"estimated_date_reassort":null,"is_destocking":false},{"id":246,"article_id":525885,"class_id":0,"name":"54","on_standby":false,"stock_local":0,"stock_global":45,"multiple":1,"estimated_date_reassort":null,"is_destocking":false},{"id":247,"article_id":525886,"class_id":0,"name":"56","on_standby":false,"stock_local":0,"stock_global":26,"multiple":1,"estimated_date_reassort":null,"is_destocking":false},{"id":248,"article_id":525887,"class_id":0,"name":"58","on_standby":false,"stock_local":0,"stock_global":20,"multiple":1,"estimated_date_reassort":null,"is_destocking":false},{"id":417,"article_id":525888,"class_id":0,"name":"60","on_standby":false,"stock_local":0,"stock_global":27,"multiple":1,"estimated_date_reassort":null,"is_destocking":false},{"id":418,"article_id":525889,"class_id":0,"name":"62","on_standby":false,"stock_local":0,"stock_global":18,"multiple":1,"estimated_date_reassort":null,"is_destocking":false}],"page_links":{"fr":"\/fr\/p-ka-jm24-chef-jacket-jeans-style-veste-cuisine-jm24-21327\/vintage-black-24879\/","en":"\/en\/p-ka-jm24-chef-jacket-jeans-style-chef-jacket-jm24-21327\/vintage-black-24879\/","de":"\/de\/p-ka-jm24-chef-jacket-jeans-style-kochjacke-jm24-21327\/vintage-black-24879\/","nl":"\/nl\/p-ka-jm24-chef-jacket-jeans-style-keukenjas-jm24-21327\/vintage-black-24879\/","es":"\/es\/p-ka-jm24-chef-jacket-jeans-style-chaqueta-de-cocina-jm24-21327\/vintage-black-24879\/","it":"\/it\/p-ka-jm24-chef-jacket-jeans-style-giacca-da-cucina-jm24-21327\/vintage-black-24879\/","sv":"\/sv\/p-ka-jm24-chef-jacket-jeans-style-kockjacka-jm24-21327\/vintage-black-24879\/","pt":"\/pt\/p-ka-jm24-chef-jacket-jeans-style-jaqueta-de-cozinha-jm24-21327\/vintage-black-24879\/","da":"\/da\/p-ka-jm24-chef-jacket-jeans-style-kokkejakke-jm24-21327\/vintage-black-24879\/","pl":"\/pl\/p-ka-jm24-chef-jacket-jeans-style-kurtka-kucharska-jm24-21327\/vintage-black-24879\/"},"page_links_customization":{"fr":"\/fr\/p-ka-jm24-chef-jacket-jm24-veste-cuisine-personnalisable-21327\/vintage-black-24879\/custom\/","en":"\/en\/p-ka-jm24-chef-jacket-jm24-customizable-kitchen-jacket-21327\/vintage-black-24879\/custom\/","de":"\/de\/p-ka-jm24-chef-jacket-jm24-individualisierbare-kochjacke-21327\/vintage-black-24879\/custom\/","nl":"\/nl\/p-ka-jm24-chef-jacket-jm24-aanpasbare-keukenjas-21327\/vintage-black-24879\/custom\/","es":"\/es\/p-ka-jm24-chef-jacket-jm24-chaqueta-de-cocina-personalizable-21327\/vintage-black-24879\/custom\/","it":"\/it\/p-ka-jm24-chef-jacket-jm24-giacca-da-cucina-personalizzabile-21327\/vintage-black-24879\/custom\/","sv":"\/sv\/p-ka-jm24-chef-jacket-jm24-anpassningsbar-koksjacka-21327\/vintage-black-24879\/custom\/","pt":"\/pt\/p-ka-jm24-chef-jacket-jm24-jaqueta-de-cozinha-personalizavel-21327\/vintage-black-24879\/custom\/","da":"\/da\/p-ka-jm24-chef-jacket-jm24-justerbar-kokkenjakke-21327\/vintage-black-24879\/custom\/","pl":"\/pl\/p-ka-jm24-chef-jacket-jm24-kurtka-kucharska-do-personalizacji-21327\/vintage-black-24879\/custom\/"}},{"id":24880,"name":"vintage_blue","class_ids":[2],"codes_hexa":["6170A8"],"delai_24":false,"has_3d":false,"seuil_global":0,"stock_local":0,"stock_global":234,"on_standby":false,"in_catalog":true,"images":{"miniature":["https:\/\/media.th4.com\/rJrvLEh6rAFzhos7SoCB_RAqKZW_s4ANBnmj0sWN3-M\/pr:80\/aHR0cDovL21lZGlhMi5kZXNpZ25wYXJ0bmVyLmZyL2MvcC8yMTMyNy8yMTMyNy0yNDg4MC0xLndlYnA?v=1764072507","https:\/\/media.th4.com\/OveMcVsXyGzraiE_8lbKSKnH81mcNK_SXFF5IkFCwU4\/pr:80\/aHR0cDovL21lZGlhMi5kZXNpZ25wYXJ0bmVyLmZyL2MvcC8yMTMyNy8yMTMyNy0yNDg4MC0yLndlYnA?v=1764072509","https:\/\/media.th4.com\/z4T79caOcKk9W_FBI7RlDncfWaIfqt0pt6bIYs7_LBQ\/pr:80\/aHR0cDovL21lZGlhMi5kZXNpZ25wYXJ0bmVyLmZyL2MvcC8yMTMyNy8yMTMyNy0yNDg4MC0zLndlYnA?v=1764072510","https:\/\/media.th4.com\/WWmtxMuEDIwM5lrDTefkTkU7UvUYgWLrSMq3C8LrgWQ\/pr:80\/aHR0cDovL21lZGlhMi5kZXNpZ25wYXJ0bmVyLmZyL2MvcC8yMTMyNy8yMTMyNy0yNDg4MC00LndlYnA?v=1764072511"],"medium":["https:\/\/media.th4.com\/mbytOHGORNWG1DTT4UFxVqRsF0vGgbn2XYXlDH75FJo\/pr:550x550\/aHR0cDovL21lZGlhMi5kZXNpZ25wYXJ0bmVyLmZyL2MvcC8yMTMyNy8yMTMyNy0yNDg4MC0xLndlYnA?v=1764072507","https:\/\/media.th4.com\/nri7d_VWqTjxboX2xNmBNGzQKdCqsWPY1Cmt-q7cmV4\/pr:550x550\/aHR0cDovL21lZGlhMi5kZXNpZ25wYXJ0bmVyLmZyL2MvcC8yMTMyNy8yMTMyNy0yNDg4MC0yLndlYnA?v=1764072509","https:\/\/media.th4.com\/2K9tcH9sXO1-HGFPWizf8xT6-TrNOqYEesDyO5BMrQ8\/pr:550x550\/aHR0cDovL21lZGlhMi5kZXNpZ25wYXJ0bmVyLmZyL2MvcC8yMTMyNy8yMTMyNy0yNDg4MC0zLndlYnA?v=1764072510","https:\/\/media.th4.com\/F5hrIQkJGwyrXSA2AjakrJT4xDKCNuAnMgiQu7jSOJs\/pr:550x550\/aHR0cDovL21lZGlhMi5kZXNpZ25wYXJ0bmVyLmZyL2MvcC8yMTMyNy8yMTMyNy0yNDg4MC00LndlYnA?v=1764072511"],"medium_large":["https:\/\/media.th4.com\/IzDwWjMAC8agiKtZfhhTgelOXWlCKdpz_zC-2Vk7Al0\/pr:1000x1000\/aHR0cDovL21lZGlhMi5kZXNpZ25wYXJ0bmVyLmZyL2MvcC8yMTMyNy8yMTMyNy0yNDg4MC0xLndlYnA?v=1764072507","https:\/\/media.th4.com\/0Y-1AVklbHIlRgs9H_9R3YVPp_rlIhYyPxjeapKwri4\/pr:1000x1000\/aHR0cDovL21lZGlhMi5kZXNpZ25wYXJ0bmVyLmZyL2MvcC8yMTMyNy8yMTMyNy0yNDg4MC0yLndlYnA?v=1764072509","https:\/\/media.th4.com\/qVw7KCoHD7_ty7PaFeVCPQb6YvLQMLpfAVzHUXLpaEY\/pr:1000x1000\/aHR0cDovL21lZGlhMi5kZXNpZ25wYXJ0bmVyLmZyL2MvcC8yMTMyNy8yMTMyNy0yNDg4MC0zLndlYnA?v=1764072510","https:\/\/media.th4.com\/Uo4JRh71qz5fijilBeH4eBG4D6Qgw6D9fvjZPn20A_g\/pr:1000x1000\/aHR0cDovL21lZGlhMi5kZXNpZ25wYXJ0bmVyLmZyL2MvcC8yMTMyNy8yMTMyNy0yNDg4MC00LndlYnA?v=1764072511"],"large":["https:\/\/media.th4.com\/jnkUOBiDTS2ofl3SeD5QPIlZ-TSXRILiNU2TvVux5_Y\/pr:1920\/aHR0cDovL21lZGlhMi5kZXNpZ25wYXJ0bmVyLmZyL2MvcC8yMTMyNy8yMTMyNy0yNDg4MC0xLndlYnA?v=1764072507","https:\/\/media.th4.com\/7UXXk4BLDPzWnUPdmI6tbB2kRagX3ldGaIHVEcDAKq4\/pr:1920\/aHR0cDovL21lZGlhMi5kZXNpZ25wYXJ0bmVyLmZyL2MvcC8yMTMyNy8yMTMyNy0yNDg4MC0yLndlYnA?v=1764072509","https:\/\/media.th4.com\/FSw3N1oww5JGfghcQs1SrEeOaiWzT44jx_MxxsQiOks\/pr:1920\/aHR0cDovL21lZGlhMi5kZXNpZ25wYXJ0bmVyLmZyL2MvcC8yMTMyNy8yMTMyNy0yNDg4MC0zLndlYnA?v=1764072510","https:\/\/media.th4.com\/JmOniTFw0EjpmVrPnxy2dhnbgJgP9YCh0e39dYS5Trw\/pr:1920\/aHR0cDovL21lZGlhMi5kZXNpZ25wYXJ0bmVyLmZyL2MvcC8yMTMyNy8yMTMyNy0yNDg4MC00LndlYnA?v=1764072511"],"opengraph":["https:\/\/media.th4.com\/Tl-zJDHJ1w6O4Ga4yRS9KXRhDZmjV78qSFH65L5lNYA\/pr:1200x630\/aHR0cDovL21lZGlhMi5kZXNpZ25wYXJ0bmVyLmZyL2MvcC8yMTMyNy8yMTMyNy0yNDg4MC0xLndlYnA?v=1764072507","https:\/\/media.th4.com\/BaN4z9SVlBg4YHnWlcaUSuwmy-Tm3myVxc3RYAhE8cU\/pr:1200x630\/aHR0cDovL21lZGlhMi5kZXNpZ25wYXJ0bmVyLmZyL2MvcC8yMTMyNy8yMTMyNy0yNDg4MC0yLndlYnA?v=1764072509","https:\/\/media.th4.com\/KU3-olrBQb6FCXTOmAxCUF3gz2KD2eVASLGQcGkcA1Y\/pr:1200x630\/aHR0cDovL21lZGlhMi5kZXNpZ25wYXJ0bmVyLmZyL2MvcC8yMTMyNy8yMTMyNy0yNDg4MC0zLndlYnA?v=1764072510","https:\/\/media.th4.com\/tVs1-wuT7uzlbNzhPkMh4EfF5308UdJIx31rlOQY0Tg\/pr:1200x630\/aHR0cDovL21lZGlhMi5kZXNpZ25wYXJ0bmVyLmZyL2MvcC8yMTMyNy8yMTMyNy0yNDg4MC00LndlYnA?v=1764072511"]},"images_customization":{"miniature":["https:\/\/media.th4.com\/rJrvLEh6rAFzhos7SoCB_RAqKZW_s4ANBnmj0sWN3-M\/pr:80\/aHR0cDovL21lZGlhMi5kZXNpZ25wYXJ0bmVyLmZyL2MvcC8yMTMyNy8yMTMyNy0yNDg4MC0xLndlYnA?v=1764072507","https:\/\/media.th4.com\/OveMcVsXyGzraiE_8lbKSKnH81mcNK_SXFF5IkFCwU4\/pr:80\/aHR0cDovL21lZGlhMi5kZXNpZ25wYXJ0bmVyLmZyL2MvcC8yMTMyNy8yMTMyNy0yNDg4MC0yLndlYnA?v=1764072509","https:\/\/media.th4.com\/z4T79caOcKk9W_FBI7RlDncfWaIfqt0pt6bIYs7_LBQ\/pr:80\/aHR0cDovL21lZGlhMi5kZXNpZ25wYXJ0bmVyLmZyL2MvcC8yMTMyNy8yMTMyNy0yNDg4MC0zLndlYnA?v=1764072510","https:\/\/media.th4.com\/WWmtxMuEDIwM5lrDTefkTkU7UvUYgWLrSMq3C8LrgWQ\/pr:80\/aHR0cDovL21lZGlhMi5kZXNpZ25wYXJ0bmVyLmZyL2MvcC8yMTMyNy8yMTMyNy0yNDg4MC00LndlYnA?v=1764072511"],"medium":["https:\/\/media.th4.com\/mbytOHGORNWG1DTT4UFxVqRsF0vGgbn2XYXlDH75FJo\/pr:550x550\/aHR0cDovL21lZGlhMi5kZXNpZ25wYXJ0bmVyLmZyL2MvcC8yMTMyNy8yMTMyNy0yNDg4MC0xLndlYnA?v=1764072507","https:\/\/media.th4.com\/nri7d_VWqTjxboX2xNmBNGzQKdCqsWPY1Cmt-q7cmV4\/pr:550x550\/aHR0cDovL21lZGlhMi5kZXNpZ25wYXJ0bmVyLmZyL2MvcC8yMTMyNy8yMTMyNy0yNDg4MC0yLndlYnA?v=1764072509","https:\/\/media.th4.com\/2K9tcH9sXO1-HGFPWizf8xT6-TrNOqYEesDyO5BMrQ8\/pr:550x550\/aHR0cDovL21lZGlhMi5kZXNpZ25wYXJ0bmVyLmZyL2MvcC8yMTMyNy8yMTMyNy0yNDg4MC0zLndlYnA?v=1764072510","https:\/\/media.th4.com\/F5hrIQkJGwyrXSA2AjakrJT4xDKCNuAnMgiQu7jSOJs\/pr:550x550\/aHR0cDovL21lZGlhMi5kZXNpZ25wYXJ0bmVyLmZyL2MvcC8yMTMyNy8yMTMyNy0yNDg4MC00LndlYnA?v=1764072511"],"medium_large":["https:\/\/media.th4.com\/IzDwWjMAC8agiKtZfhhTgelOXWlCKdpz_zC-2Vk7Al0\/pr:1000x1000\/aHR0cDovL21lZGlhMi5kZXNpZ25wYXJ0bmVyLmZyL2MvcC8yMTMyNy8yMTMyNy0yNDg4MC0xLndlYnA?v=1764072507","https:\/\/media.th4.com\/0Y-1AVklbHIlRgs9H_9R3YVPp_rlIhYyPxjeapKwri4\/pr:1000x1000\/aHR0cDovL21lZGlhMi5kZXNpZ25wYXJ0bmVyLmZyL2MvcC8yMTMyNy8yMTMyNy0yNDg4MC0yLndlYnA?v=1764072509","https:\/\/media.th4.com\/qVw7KCoHD7_ty7PaFeVCPQb6YvLQMLpfAVzHUXLpaEY\/pr:1000x1000\/aHR0cDovL21lZGlhMi5kZXNpZ25wYXJ0bmVyLmZyL2MvcC8yMTMyNy8yMTMyNy0yNDg4MC0zLndlYnA?v=1764072510","https:\/\/media.th4.com\/Uo4JRh71qz5fijilBeH4eBG4D6Qgw6D9fvjZPn20A_g\/pr:1000x1000\/aHR0cDovL21lZGlhMi5kZXNpZ25wYXJ0bmVyLmZyL2MvcC8yMTMyNy8yMTMyNy0yNDg4MC00LndlYnA?v=1764072511"],"large":["https:\/\/media.th4.com\/jnkUOBiDTS2ofl3SeD5QPIlZ-TSXRILiNU2TvVux5_Y\/pr:1920\/aHR0cDovL21lZGlhMi5kZXNpZ25wYXJ0bmVyLmZyL2MvcC8yMTMyNy8yMTMyNy0yNDg4MC0xLndlYnA?v=1764072507","https:\/\/media.th4.com\/7UXXk4BLDPzWnUPdmI6tbB2kRagX3ldGaIHVEcDAKq4\/pr:1920\/aHR0cDovL21lZGlhMi5kZXNpZ25wYXJ0bmVyLmZyL2MvcC8yMTMyNy8yMTMyNy0yNDg4MC0yLndlYnA?v=1764072509","https:\/\/media.th4.com\/FSw3N1oww5JGfghcQs1SrEeOaiWzT44jx_MxxsQiOks\/pr:1920\/aHR0cDovL21lZGlhMi5kZXNpZ25wYXJ0bmVyLmZyL2MvcC8yMTMyNy8yMTMyNy0yNDg4MC0zLndlYnA?v=1764072510","https:\/\/media.th4.com\/JmOniTFw0EjpmVrPnxy2dhnbgJgP9YCh0e39dYS5Trw\/pr:1920\/aHR0cDovL21lZGlhMi5kZXNpZ25wYXJ0bmVyLmZyL2MvcC8yMTMyNy8yMTMyNy0yNDg4MC00LndlYnA?v=1764072511"],"opengraph":["https:\/\/media.th4.com\/Tl-zJDHJ1w6O4Ga4yRS9KXRhDZmjV78qSFH65L5lNYA\/pr:1200x630\/aHR0cDovL21lZGlhMi5kZXNpZ25wYXJ0bmVyLmZyL2MvcC8yMTMyNy8yMTMyNy0yNDg4MC0xLndlYnA?v=1764072507","https:\/\/media.th4.com\/BaN4z9SVlBg4YHnWlcaUSuwmy-Tm3myVxc3RYAhE8cU\/pr:1200x630\/aHR0cDovL21lZGlhMi5kZXNpZ25wYXJ0bmVyLmZyL2MvcC8yMTMyNy8yMTMyNy0yNDg4MC0yLndlYnA?v=1764072509","https:\/\/media.th4.com\/KU3-olrBQb6FCXTOmAxCUF3gz2KD2eVASLGQcGkcA1Y\/pr:1200x630\/aHR0cDovL21lZGlhMi5kZXNpZ25wYXJ0bmVyLmZyL2MvcC8yMTMyNy8yMTMyNy0yNDg4MC0zLndlYnA?v=1764072510","https:\/\/media.th4.com\/tVs1-wuT7uzlbNzhPkMh4EfF5308UdJIx31rlOQY0Tg\/pr:1200x630\/aHR0cDovL21lZGlhMi5kZXNpZ25wYXJ0bmVyLmZyL2MvcC8yMTMyNy8yMTMyNy0yNDg4MC00LndlYnA?v=1764072511"]},"country_origin":"PK","traceability":{"manufacturing_country_id":92,"weaving_country_id":92,"dyeing_country_id":92},"sizes":[{"id":498,"article_id":525900,"class_id":0,"name":"64","on_standby":false,"stock_local":0,"stock_global":18,"multiple":1,"estimated_date_reassort":null,"is_destocking":false},{"id":243,"article_id":525891,"class_id":0,"name":"46","on_standby":false,"stock_local":0,"stock_global":41,"multiple":1,"estimated_date_reassort":null,"is_destocking":false},{"id":238,"article_id":525892,"class_id":0,"name":"48","on_standby":false,"stock_local":0,"stock_global":15,"multiple":1,"estimated_date_reassort":null,"is_destocking":false},{"id":244,"article_id":525893,"class_id":0,"name":"50","on_standby":false,"stock_local":0,"stock_global":20,"multiple":1,"estimated_date_reassort":null,"is_destocking":false},{"id":245,"article_id":525894,"class_id":0,"name":"52","on_standby":false,"stock_local":0,"stock_global":22,"multiple":1,"estimated_date_reassort":null,"is_destocking":false},{"id":246,"article_id":525895,"class_id":0,"name":"54","on_standby":false,"stock_local":0,"stock_global":26,"multiple":1,"estimated_date_reassort":null,"is_destocking":false},{"id":247,"article_id":525896,"class_id":0,"name":"56","on_standby":false,"stock_local":0,"stock_global":23,"multiple":1,"estimated_date_reassort":null,"is_destocking":false},{"id":248,"article_id":525897,"class_id":0,"name":"58","on_standby":false,"stock_local":0,"stock_global":31,"multiple":1,"estimated_date_reassort":null,"is_destocking":false},{"id":417,"article_id":525898,"class_id":0,"name":"60","on_standby":false,"stock_local":0,"stock_global":22,"multiple":1,"estimated_date_reassort":null,"is_destocking":false},{"id":418,"article_id":525899,"class_id":0,"name":"62","on_standby":false,"stock_local":0,"stock_global":16,"multiple":1,"estimated_date_reassort":null,"is_destocking":false}],"page_links":{"fr":"\/fr\/p-ka-jm24-chef-jacket-jeans-style-veste-cuisine-jm24-21327\/vintage-blue-24880\/","en":"\/en\/p-ka-jm24-chef-jacket-jeans-style-chef-jacket-jm24-21327\/vintage-blue-24880\/","de":"\/de\/p-ka-jm24-chef-jacket-jeans-style-kochjacke-jm24-21327\/vintage-blue-24880\/","nl":"\/nl\/p-ka-jm24-chef-jacket-jeans-style-keukenjas-jm24-21327\/vintage-blue-24880\/","es":"\/es\/p-ka-jm24-chef-jacket-jeans-style-chaqueta-de-cocina-jm24-21327\/vintage-blue-24880\/","it":"\/it\/p-ka-jm24-chef-jacket-jeans-style-giacca-da-cucina-jm24-21327\/vintage-blue-24880\/","sv":"\/sv\/p-ka-jm24-chef-jacket-jeans-style-kockjacka-jm24-21327\/vintage-blue-24880\/","pt":"\/pt\/p-ka-jm24-chef-jacket-jeans-style-jaqueta-de-cozinha-jm24-21327\/vintage-blue-24880\/","da":"\/da\/p-ka-jm24-chef-jacket-jeans-style-kokkejakke-jm24-21327\/vintage-blue-24880\/","pl":"\/pl\/p-ka-jm24-chef-jacket-jeans-style-kurtka-kucharska-jm24-21327\/vintage-blue-24880\/"},"page_links_customization":{"fr":"\/fr\/p-ka-jm24-chef-jacket-jm24-veste-cuisine-personnalisable-21327\/vintage-blue-24880\/custom\/","en":"\/en\/p-ka-jm24-chef-jacket-jm24-customizable-kitchen-jacket-21327\/vintage-blue-24880\/custom\/","de":"\/de\/p-ka-jm24-chef-jacket-jm24-individualisierbare-kochjacke-21327\/vintage-blue-24880\/custom\/","nl":"\/nl\/p-ka-jm24-chef-jacket-jm24-aanpasbare-keukenjas-21327\/vintage-blue-24880\/custom\/","es":"\/es\/p-ka-jm24-chef-jacket-jm24-chaqueta-de-cocina-personalizable-21327\/vintage-blue-24880\/custom\/","it":"\/it\/p-ka-jm24-chef-jacket-jm24-giacca-da-cucina-personalizzabile-21327\/vintage-blue-24880\/custom\/","sv":"\/sv\/p-ka-jm24-chef-jacket-jm24-anpassningsbar-koksjacka-21327\/vintage-blue-24880\/custom\/","pt":"\/pt\/p-ka-jm24-chef-jacket-jm24-jaqueta-de-cozinha-personalizavel-21327\/vintage-blue-24880\/custom\/","da":"\/da\/p-ka-jm24-chef-jacket-jm24-justerbar-kokkenjakke-21327\/vintage-blue-24880\/custom\/","pl":"\/pl\/p-ka-jm24-chef-jacket-jm24-kurtka-kucharska-do-personalizacji-21327\/vintage-blue-24880\/custom\/"}}],"documentation_link":"\/pdf\/21327.pdf","countries_availables":["AD","AE","AL","AT","BA","BD","BE","BG","BL","CA","CH","CN","CO","CY","CZ","DE","DK","DO","EE","EG","ES","ET","FI","FR","GB","GE","GF","GP","GR","GT","HK","HN","HR","HT","HU","ID","IE","IN","IS","IT","JO","JP","KE","KH","KP","KR","LA","LK","LS","LT","LU","LV","MA","MF","MG","MK","MM","MN","MQ","MT","MX","MY","NC","NI","NL","PF","PH","PK","PL","PM","PT","RE","RO","SE","SG","SI","SK","SV","SY","TH","TN","TR","TW","TZ","US","VN","WF","YT"]},"infos_customization":[],"features":{"authorize_multi_surfaces":true,"display_order_delay_type":true,"promote_surface_display":true,"tarification_franco_offert":true,"enabled_3d_editor":false},"markings":[{"id":0,"nom":"vierge","finition":null,"libelle":null,"code":null,"dpi":null,"finesse_forme_isolee":null,"finesse_forme_non_isolee":null,"hauteur_minimale_texte":null,"inactif":0,"marquage_interne":1,"quantite_min":null,"parent_id":null,"print_on_support":0,"content":"vierge","description":null},{"id":2,"nom":"fonce","finition":"optimale","libelle":"TopQuadri","code":null,"dpi":400,"finesse_forme_isolee":"0.040","finesse_forme_non_isolee":"0.700","hauteur_minimale_texte":2,"inactif":0,"marquage_interne":1,"quantite_min":null,"parent_id":18,"print_on_support":0,"content":"TopQuadri","description":"pour petites et moyennes s\u00e9ries"},{"id":3,"nom":"serigraphie","finition":"serigraphie","libelle":"SeriCoat","code":null,"dpi":400,"finesse_forme_isolee":"0.040","finesse_forme_non_isolee":"0.700","hauteur_minimale_texte":2,"inactif":0,"marquage_interne":1,"quantite_min":15,"parent_id":18,"print_on_support":0,"content":"SeriCoat","description":"pour moyennes et grandes s\u00e9ries"},{"id":4,"nom":"broderie","finition":"broderie","libelle":"Broderie","code":null,"dpi":400,"finesse_forme_isolee":"0.040","finesse_forme_non_isolee":"0.700","hauteur_minimale_texte":3,"inactif":0,"marquage_interne":1,"quantite_min":null,"parent_id":null,"print_on_support":0,"content":"Broderie","description":null},{"id":8,"nom":"theme","finition":null,"libelle":"Th\u00e8me","code":null,"dpi":null,"finesse_forme_isolee":null,"finesse_forme_non_isolee":null,"hauteur_minimale_texte":null,"inactif":0,"marquage_interne":1,"quantite_min":null,"parent_id":null,"print_on_support":0,"content":"Th\u00e8me","description":null},{"id":9,"nom":"sans","finition":null,"libelle":null,"code":null,"dpi":null,"finesse_forme_isolee":null,"finesse_forme_non_isolee":null,"hauteur_minimale_texte":null,"inactif":0,"marquage_interne":1,"quantite_min":null,"parent_id":null,"print_on_support":0,"content":"sans","description":null},{"id":10,"nom":"photo","finition":null,"libelle":"Photo","code":null,"dpi":null,"finesse_forme_isolee":null,"finesse_forme_non_isolee":null,"hauteur_minimale_texte":null,"inactif":0,"marquage_interne":1,"quantite_min":null,"parent_id":null,"print_on_support":0,"content":"Photo","description":null},{"id":14,"nom":"couleur","finition":null,"libelle":"Couleur","code":null,"dpi":null,"finesse_forme_isolee":null,"finesse_forme_non_isolee":null,"hauteur_minimale_texte":null,"inactif":0,"marquage_interne":1,"quantite_min":null,"parent_id":null,"print_on_support":0,"content":"Couleur","description":null},{"id":15,"nom":"sublimation","finition":"sublimation","libelle":"Sublimation","code":null,"dpi":null,"finesse_forme_isolee":"0.000","finesse_forme_non_isolee":"0.000","hauteur_minimale_texte":2,"inactif":0,"marquage_interne":1,"quantite_min":null,"parent_id":null,"print_on_support":0,"content":"Sublimation","description":null},{"id":16,"nom":"topquadri_uv","finition":null,"libelle":"TopQuadri UV","code":null,"dpi":null,"finesse_forme_isolee":"0.020","finesse_forme_non_isolee":"0.700","hauteur_minimale_texte":2,"inactif":0,"marquage_interne":1,"quantite_min":null,"parent_id":null,"print_on_support":1,"content":null,"description":null},{"id":17,"nom":"topquadri_uvp","finition":null,"libelle":"TopQuadri UVP","code":null,"dpi":null,"finesse_forme_isolee":"0.020","finesse_forme_non_isolee":"0.700","hauteur_minimale_texte":2,"inactif":0,"marquage_interne":1,"quantite_min":null,"parent_id":null,"print_on_support":1,"content":null,"description":null},{"id":18,"nom":"quadri","finition":null,"libelle":"Impression","code":null,"dpi":null,"finesse_forme_isolee":null,"finesse_forme_non_isolee":null,"hauteur_minimale_texte":null,"inactif":0,"marquage_interne":1,"quantite_min":null,"parent_id":null,"print_on_support":0,"content":null,"description":null}]}}