{"data":{"product":{"id":21309,"titre":"Bib apron basic with buckle","description":"Tablier \u00e0 bavette avec boucle. Tablier \u00e0 bavette avec lani\u00e8res faites du m\u00eame tissu que le tablier. Coutures renforc\u00e9es. Longueur lani\u00e8res r\u00e9glable jusqu'\u00e0 70 cm. Lani\u00e8res avec boucles. Composition : 65 % polyester, 35 % coton.","genre":"mixte","grammage":215,"conditionnement":75,"composition":"coton,polyester","reference":"ka-bls4","reference_visible":"ka-bls4","reference_fabricant":"BLS4","ref_xor":"722296","in_catalog":true,"is_transfer":false,"is_service":false,"on_standby":false,"has_3d":false,"has_size_guide":false,"has_marking":true,"has_vierge":true,"is_cross_sellable":false,"id_picto":29,"filename_3d":null,"brand":{"id":118,"name":"karlowsky","logo":"logo-karlowsky.png","image":"https:\/\/media.th4.com\/YXmqnDl9gv0LQw__DfETESGtiVfebVhyE_Kxdxhf4tk\/pr:brand70x70\/aHR0cDovL21lZGlhMi5kZXNpZ25wYXJ0bmVyLmZyL2MvbS9sb2dvLWthcmxvd3NreS5wbmc"},"price_infos":{"price_from":8.92,"quantity":100,"color":{"id":10045,"name":"white"},"size":{"id":42,"name":"taille_unique"}},"price_infos_marking":{"price_from":12.44,"quantity":150,"color":{"id":10045,"name":"white"},"size":{"id":42,"name":"taille_unique"},"marking":{"id":2,"name":""},"emplacement":"avant","surface_emplacement_id":1,"surface":"coeur"},"i18n":{"blank":{"title":{"fr":"Bib Apron Basic with Buckle Tablier KARLOWSKY bls4","en":"Bib Apron Basic with Buckle Apron KARLOWSKY bls4","de":"Bib Apron Basic with Buckle Latzsch\u00fcrze KARLOWSKY bls4","nl":"Bib Apron Basic with Buckle Schort KARLOWSKY bls4","es":"Bib Apron Basic with Buckle Delantal KARLOWSKY bls4","it":"Bib Apron Basic with Buckle Grembiule KARLOWSKY bls4","sv":"Bib Apron Basic with Buckle F\u00f6rkl\u00e4de KARLOWSKY bls4","pt":"Bib Apron Basic with Buckle Avental KARLOWSKY bls4","da":"Bib Apron Basic with Buckle Forkl\u00e6de KARLOWSKY bls4","pl":"Bib Apron Basic with Buckle Fartuch KARLOWSKY bls4"},"description":{"fr":"Le Bib Apron Basic with Buckle est un tablier \u00e0 bavette avec boucle et lani\u00e8res dans le m\u00eame tissu. Les lani\u00e8res se r\u00e8glent jusqu\u2019\u00e0 70 cm pour un ajustement simple. Composition : 65 % polyester, 35 % coton.\n\n- Composition 65% polyester 35% coton\n- Bavette avec boucle\n- Lani\u00e8res r\u00e9glables jusqu\u2019\u00e0 70 cm\n- Coutures renforc\u00e9es","en":"The Bib Apron Basic with Buckle is a bib apron with buckle and straps in the same fabric. The straps adjust up to 70 cm for an easy fit. Composition: 65% polyester, 35% cotton.\n\n- Composition 65% polyester 35% cotton\n- Bib with buckle\n- Straps adjustable up to 70 cm\n- Reinforced seams","de":"Die Bib Apron Basic with Buckle ist eine Latzsch\u00fcrze mit Schnalle und B\u00e4ndern aus demselben Stoff. Die B\u00e4nder sind bis 70 cm verstellbar und erm\u00f6glichen eine einfache Anpassung. Zusammensetzung: 65 % Polyester, 35 % Baumwolle.\n\n- Zusammensetzung 65 % Polyester 35 % Baumwolle\n- Latz mit Schnalle\n- Verstellbare B\u00e4nder bis 70 cm\n- Verst\u00e4rkte N\u00e4hte","nl":"De Bib Apron Basic with Buckle is een schort met borstlap, gesp en banden van dezelfde stof. De banden zijn verstelbaar tot 70 cm voor een eenvoudige pasvorm. Samenstelling: 65% polyester, 35% katoen.\n\n- Samenstelling 65% polyester 35% katoen\n- Borstlap met gesp\n- Verstelbare banden tot 70 cm\n- Verstevigde naden","es":"El Bib Apron Basic with Buckle es un delantal con peto con hebilla y tiras del mismo tejido. Las tiras se ajustan hasta 70 cm para un ajuste sencillo. Composici\u00f3n: 65 % poli\u00e9ster, 35 % algod\u00f3n.\n\n- Composici\u00f3n 65 % poli\u00e9ster, 35 % algod\u00f3n\n- Peto con hebilla\n- Tiras ajustables hasta 70 cm\n- Costuras reforzadas","it":"Il Bib Apron Basic with Buckle \u00e8 un grembiule con pettorina con fibbia e lacci nello stesso tessuto. I lacci si regolano fino a 70 cm per una vestibilit\u00e0 semplice. Composizione: 65% poliestere, 35% cotone.\n\n- Composizione 65% poliestere 35% cotone\n- Pettorina con fibbia\n- Lacci regolabili fino a 70 cm\n- Cuciture rinforzate","sv":"Bib Apron Basic with Buckle \u00e4r ett br\u00f6stf\u00f6rkl\u00e4de med sp\u00e4nne och band i samma tyg. Bandet kan justeras upp till 70 cm f\u00f6r en enkel passform. Sammans\u00e4ttning: 65 % polyester, 35 % bomull.\n\n- Sammans\u00e4ttning 65 % polyester 35 % bomull\n- Br\u00f6ststycke med sp\u00e4nne\n- Justerbara band upp till 70 cm\n- F\u00f6rst\u00e4rkta s\u00f6mmar","pt":"O Bib Apron Basic with Buckle \u00e9 um avental com peitilho com fivela e tiras no mesmo tecido. As tiras ajustam-se at\u00e9 70 cm para um ajuste simples. Composi\u00e7\u00e3o: 65% poli\u00e9ster, 35% algod\u00e3o.\n\n- Composi\u00e7\u00e3o 65% poli\u00e9ster 35% algod\u00e3o\n- Peitilho com fivela\n- Tiras ajust\u00e1veis at\u00e9 70 cm\n- Costuras refor\u00e7adas","da":"Bib Apron Basic with Buckle er et forkl\u00e6de med sm\u00e6k med sp\u00e6nde og b\u00e5nd i samme stof. B\u00e5ndene kan justeres op til 70 cm for en enkel tilpasning. Sammens\u00e6tning: 65 % polyester, 35 % bomuld.\n\n- Sammens\u00e6tning 65 % polyester, 35 % bomuld\n- Sm\u00e6k med sp\u00e6nde\n- Justerbare b\u00e5nd op til 70 cm\n- Forst\u00e6rkede syninger","pl":"Bib Apron Basic with Buckle to fartuch z napier\u015bnikiem z klamr\u0105 i paskami z tego samego materia\u0142u. Paski z regulacj\u0105 do 70 cm dla prostego dopasowania. Sk\u0142ad: 65% poliester, 35% bawe\u0142na.\n\n- Sk\u0142ad 65% poliester 35% bawe\u0142na\n- Napier\u015bnik z klamr\u0105\n- Regulowane paski do 70 cm\n- Wzmocnione szwy"},"h1":{"fr":"Bib Apron Basic with Buckle Tablier bls4","en":"Bib Apron Basic with Buckle Apron bls4","de":"Bib Apron Basic with Buckle Latzsch\u00fcrze bls4","nl":"Bib Apron Basic with Buckle Schort bls4","es":"Bib Apron Basic with Buckle Delantal bls4","it":"Bib Apron Basic with Buckle Grembiule bls4","sv":"Bib Apron Basic with Buckle F\u00f6rkl\u00e4de bls4","pt":"Bib Apron Basic with Buckle Avental bls4","da":"Bib Apron Basic with Buckle Forkl\u00e6de bls4","pl":"Bib Apron Basic with Buckle Fartuch bls4"},"meta_description":{"fr":"Tablier \u00e0 bavette avec boucle et lani\u00e8res r\u00e9glables jusqu\u2019\u00e0 70 cm. Coutures renforc\u00e9es. Composition 65 % polyester, 35 % coton. Mod\u00e8le bls4.","en":"Bib apron with buckle and straps adjustable up to 70 cm. Reinforced seams. Composition 65% polyester, 35% cotton. Model bls4.","de":"Latzsch\u00fcrze mit Schnalle und verstellbaren B\u00e4ndern bis 70 cm. Verst\u00e4rkte N\u00e4hte. Zusammensetzung 65 % Polyester, 35 % Baumwolle. Modell bls4.","nl":"Schort met borstlap, gesp en verstelbare banden tot 70 cm. Verstevigde naden. Samenstelling 65% polyester, 35% katoen. Model bls4.","es":"Delantal con peto con hebilla y tiras ajustables hasta 70 cm. Costuras reforzadas. Composici\u00f3n 65 % poli\u00e9ster, 35 % algod\u00f3n. Modelo bls4.","it":"Grembiule con pettorina con fibbia e lacci regolabili fino a 70 cm. Cuciture rinforzate. Composizione 65% poliestere, 35% cotone. Modello bls4.","sv":"Br\u00f6stf\u00f6rkl\u00e4de med sp\u00e4nne och justerbara band upp till 70 cm. F\u00f6rst\u00e4rkta s\u00f6mmar. Sammans\u00e4ttning 65 % polyester, 35 % bomull. Modell bls4.","pt":"Avental com peitilho com fivela e tiras ajust\u00e1veis at\u00e9 70 cm. Costuras refor\u00e7adas. Composi\u00e7\u00e3o 65% poli\u00e9ster, 35% algod\u00e3o. Modelo bls4.","da":"Forkl\u00e6de med sm\u00e6k med sp\u00e6nde og justerbare b\u00e5nd op til 70 cm. Forst\u00e6rkede syninger. Sammens\u00e6tning 65 % polyester, 35 % bomuld. Model bls4.","pl":"Fartuch z napier\u015bnikiem z klamr\u0105 i regulowanymi paskami do 70 cm. Wzmocnione szwy. Sk\u0142ad 65% poliester, 35% bawe\u0142na. Model bls4."}},"custom":{"title":{"fr":"Bib apron KARLOWSKY bls4 tablier bavette personnalisable","en":"Bib apron KARLOWSKY bls4 customizable bib apron","de":"Bib apron KARLOWSKY bls4 verstellbare Latzsch\u00fcrze","nl":"Bib apron KARLOWSKY bls4 verstelbaar schort met bavolet","es":"Bib apron KARLOWSKY bls4 delantal con peto personalizable","it":"Bib apron KARLOWSKY bls4 grembiule bavetta personalizzabile","sv":"Bib apron KARLOWSKY bls4 justerbar br\u00f6stlappsf\u00f6rkl\u00e4de","pt":"Bib apron KARLOWSKY bls4 avental com pala personaliz\u00e1vel","da":"Bib apron KARLOWSKY bls4 forkl\u00e6de med b\u00e5nd tilpasningsbart","pl":"Bib apron KARLOWSKY bls4 personalizowany fartuch z kieszeni\u0105"},"description":{"fr":"Le tablier \u00e0 bavette est con\u00e7u en polyester et coton, avec des lani\u00e8res confectionn\u00e9es dans le m\u00eame tissu. Il dispose d'une boucle permettant de r\u00e9gler la longueur des lani\u00e8res jusqu'\u00e0 70 cm. Les coutures sont renforc\u00e9es pour une meilleure tenue.\n\n- Composition : 65 % polyester, 35 % coton\n- Lani\u00e8res r\u00e9glables jusqu'\u00e0 70 cm\n- Lani\u00e8res avec boucle\n- Coutures renforc\u00e9es\n- Personnalisable","en":"The bib apron is made of polyester and cotton, with straps made from the same fabric. It features a buckle allowing adjustment of strap length up to 70 cm. The seams are reinforced for better durability.\n\n- Composition: 65% polyester, 35% cotton\n- Straps adjustable up to 70 cm\n- Straps with buckle\n- Reinforced seams\n- Customizable","de":"Die Latzsch\u00fcrze besteht aus Polyester und Baumwolle, die Tr\u00e4ger sind aus dem gleichen Stoff gefertigt. Sie verf\u00fcgt \u00fcber eine Schnalle, die die L\u00e4nge der Tr\u00e4ger bis zu 70 cm einstellbar macht. Die N\u00e4hte sind verst\u00e4rkt f\u00fcr bessere Haltbarkeit.\n\n- Zusammensetzung: 65 % Polyester, 35 % Baumwolle\n- Verstellbare Tr\u00e4ger bis 70 cm\n- Tr\u00e4ger mit Schnalle\n- Verst\u00e4rkte N\u00e4hte\n- Personalisierbar","nl":"Het schort met bavolet is gemaakt van polyester en katoen, met banden vervaardigd uit dezelfde stof. Het heeft een gesp om de lengte van de banden tot 70 cm te verstellen. De naden zijn versterkt voor betere duurzaamheid.\n\n- Samenstelling: 65 % polyester, 35 % katoen\n- Verstelbare banden tot 70 cm\n- Banden met gesp\n- Versterkte naden\n- Personaliseerbaar","es":"El delantal con peto est\u00e1 confeccionado en poli\u00e9ster y algod\u00f3n, con correas hechas en la misma tela. Cuenta con una hebilla que permite ajustar la longitud de las correas hasta 70 cm. Las costuras est\u00e1n reforzadas para una mayor resistencia.\n\n- Composici\u00f3n : 65 % poli\u00e9ster, 35 % algod\u00f3n\n- Correas ajustables hasta 70 cm\n- Correas con hebilla\n- Costuras reforzadas\n- Personalizable","it":"Il grembiule bavetta \u00e8 realizzato in poliestere e cotone, con laccetti dello stesso tessuto. Dispone di una fibbia per regolare la lunghezza dei laccetti fino a 70 cm. Le cuciture sono rinforzate per una migliore resistenza.\n\n- Composizione: 65 % poliestere, 35 % cotone\n- Laccetti regolabili fino a 70 cm\n- Laccetti con fibbia\n- Cuciture rinforzate\n- Personalizzabile","sv":"Br\u00f6stlappsf\u00f6rkl\u00e4det \u00e4r tillverkat av polyester och bomull, med remmar i samma tyg. Det har ett sp\u00e4nne som till\u00e5ter justering av remmarnas l\u00e4ngd upp till 70 cm. S\u00f6mmarna \u00e4r f\u00f6rst\u00e4rkta f\u00f6r b\u00e4ttre h\u00e5llbarhet.\n\n- Komposition: 65 % polyester, 35 % bomull\n- Remmar justerbara upp till 70 cm\n- Remmar med sp\u00e4nne\n- F\u00f6rst\u00e4rkta s\u00f6mmar\n- Justerbar","pt":"O avental com pala \u00e9 confeccionado em poli\u00e9ster e algod\u00e3o, com tiras feitas do mesmo tecido. Possui fivela que permite ajustar o comprimento das tiras at\u00e9 70 cm. As costuras s\u00e3o refor\u00e7adas para maior durabilidade.\n\n- Composi\u00e7\u00e3o : 65 % poli\u00e9ster, 35 % algod\u00e3o\n- Tiras ajust\u00e1veis at\u00e9 70 cm\n- Tiras com fivela\n- Costuras refor\u00e7adas\n- Personaliz\u00e1vel","da":"Forkl\u00e6det med b\u00e5nd er lavet i polyester og bomuld, med stropper i samme materiale. Det har et sp\u00e6nde, der g\u00f8r det muligt at justere stroppens l\u00e6ngde op til 70 cm. Syningerne er forst\u00e6rkede for bedre holdbarhed.\n\n- Sammens\u00e6tning: 65 % polyester, 35 % bomuld\n- Stroppers l\u00e6ngde kan justeres op til 70 cm\n- Stropper med sp\u00e6nde\n- Forst\u00e6rkede syninger\n- Tilpasningsbart","pl":"Fartuch z kieszeni\u0105 wykonany z poliestru i bawe\u0142ny, z paskami z tego samego materia\u0142u. Posiada klamr\u0119 umo\u017cliwiaj\u0105c\u0105 regulacj\u0119 d\u0142ugo\u015bci pask\u00f3w do 70 cm. Szwy wzmocnione dla lepszej trwa\u0142o\u015bci.\n\n- Sk\u0142ad: 65 % poliester, 35 % bawe\u0142na\n- Regulowane paski do 70 cm\n- Paski z klamr\u0105\n- Wzmocnione szwy\n- Mo\u017cliwo\u015b\u0107 personalizacji"},"h1":{"fr":"Bib apron bls4 tablier bavette personnalisable","en":"Bib apron bls4 customizable bib apron","de":"Bib apron bls4 verstellbare Latzsch\u00fcrze","nl":"Bib apron bls4 verstelbaar schort met bavolet","es":"Bib apron bls4 delantal con peto personalizable","it":"Bib apron bls4 grembiule bavetta personalizzabile","sv":"Bib apron bls4 justerbar br\u00f6stlappsf\u00f6rkl\u00e4de","pt":"Bib apron bls4 avental com pala personaliz\u00e1vel","da":"Bib apron bls4 forkl\u00e6de med b\u00e5nd tilpasningsbart","pl":"Bib apron bls4 personalizowany fartuch z kieszeni\u0105"},"meta_description":{"fr":"Tablier bavette en polyester et coton avec lani\u00e8res r\u00e9glables jusqu'\u00e0 70 cm. Coutures renforc\u00e9es et boucle pour ajustement. Personnalisable.","en":"Bib apron in polyester and cotton with adjustable straps up to 70 cm. Reinforced seams and buckle for adjustment. Customizable.","de":"Latzsch\u00fcrze aus Polyester und Baumwolle mit verstellbaren Tr\u00e4gern bis 70 cm. Verst\u00e4rkte N\u00e4hte und Schnalle zur Anpassung. Personalisierbar.","nl":"Schort met bavolet in polyester en katoen met verstelbare banden tot 70 cm. Versterkte naden en gesp voor aanpassing. Personaliseerbaar.","es":"Delantal con peto en poli\u00e9ster y algod\u00f3n con correas ajustables hasta 70 cm. Costuras reforzadas y hebilla para ajuste. Personalizable.","it":"Grembiule bavetta in poliestere e cotone con laccetti regolabili fino a 70 cm. Cuciture rinforzate e fibbia per la regolazione. Personalizzabile.","sv":"Br\u00f6stlappsf\u00f6rkl\u00e4de i polyester och bomull med remmar justerbara upp till 70 cm. F\u00f6rst\u00e4rkta s\u00f6mmar och sp\u00e4nne f\u00f6r anpassning. Justerbar.","pt":"Avental com pala em poli\u00e9ster e algod\u00e3o com tiras ajust\u00e1veis at\u00e9 70 cm. Costuras refor\u00e7adas e fivela para ajuste. Personaliz\u00e1vel.","da":"Forkl\u00e6de med b\u00e5nd i polyester og bomuld med justerbare stropper op til 70 cm. Forst\u00e6rkede syninger og sp\u00e6nde til tilpasning. Tilpasningsbart.","pl":"Fartuch z kieszeni\u0105 z poliestru i bawe\u0142ny z regulowanymi paskami do 70 cm. Wzmocnione szwy i klamra do dopasowania. Mo\u017cliwo\u015b\u0107 personalizacji."}}},"categories":[{"id":185,"name":"Tabliers","singular":"Tablier","is_feminin":false},{"id":562,"name":"Restauration et H\u00f4tellerie","singular":"Restauration et H\u00f4tellerie","is_feminin":false},{"id":559,"name":"Univers","singular":"Univers","is_feminin":false},{"id":354,"name":"Textile","singular":"Textile","is_feminin":false}],"certifications":[{"id":1,"label":"OEKO-TEX 100","logo_link":"\/images\/certifications\/1_OEKO-TEX_100.jpg","is_marking_compatible":false}],"videos":{"fr":[],"en":[],"de":[],"nl":[],"es":[],"it":[],"sv":[],"pt":[],"da":[],"pl":[]},"main_images":{"miniature":"https:\/\/media.th4.com\/ybW4M_68Q36cvsjIHuVsh41eJtLn0BgeJePru73LpGM\/pr:80\/aHR0cDovL21lZGlhMi5kZXNpZ25wYXJ0bmVyLmZyL2MvcC1ibGFuay1USC8yMTMwOS53ZWJw?v=1764073144","medium":"https:\/\/media.th4.com\/7P4Ig3J9i0RGbjQh2sFhrbj2EMGeZ2F9GTfup16JEZ8\/pr:550x550greybg\/aHR0cDovL21lZGlhMi5kZXNpZ25wYXJ0bmVyLmZyL2MvcC1ibGFuay1USC8yMTMwOS53ZWJw?v=1764073144","medium_large":"https:\/\/media.th4.com\/gXmSvClXJUa3EixPz9oT94CDtXuCzau_l4ldOBcFFPA\/pr:1000x1000greybg\/aHR0cDovL21lZGlhMi5kZXNpZ25wYXJ0bmVyLmZyL2MvcC1ibGFuay1USC8yMTMwOS53ZWJw?v=1764073144","large":"https:\/\/media.th4.com\/GpK-fMCY-cxdVQoaVXg4dGhkObnAMCbMChMbQTYofNI\/pr:1920greybg\/aHR0cDovL21lZGlhMi5kZXNpZ25wYXJ0bmVyLmZyL2MvcC1ibGFuay1USC8yMTMwOS53ZWJw?v=1764073144","opengraph":"https:\/\/media.th4.com\/UAxiJg88Me0RxmV0u2sYVTLrU0G_IlcCpYg5BHm8-vs\/pr:1200x630greybg\/aHR0cDovL21lZGlhMi5kZXNpZ25wYXJ0bmVyLmZyL2MvcC1ibGFuay1USC8yMTMwOS53ZWJw?v=1764073144"},"main_images_customization":{"miniature":"https:\/\/media.th4.com\/5DmONv3w1MOl_SV31F_ccNMPSH2gEm3ssaYPR093UNc\/pr:80\/aHR0cDovL21lZGlhMi5kZXNpZ25wYXJ0bmVyLmZyL2MvcC1jdXN0b20tVEgvMjEzMDkud2VicA?v=1764073229","medium":"https:\/\/media.th4.com\/jR7kMDom80n8_hfrmIwLs3AmtyWYX7ajWQpJ6JSpFPM\/pr:550x550greybg\/aHR0cDovL21lZGlhMi5kZXNpZ25wYXJ0bmVyLmZyL2MvcC1jdXN0b20tVEgvMjEzMDkud2VicA?v=1764073229","medium_large":"https:\/\/media.th4.com\/80QkFhUpnuxhgLM3jze4woPs4Sot_ExEKYWi-NggKEc\/pr:1000x1000greybg\/aHR0cDovL21lZGlhMi5kZXNpZ25wYXJ0bmVyLmZyL2MvcC1jdXN0b20tVEgvMjEzMDkud2VicA?v=1764073229","large":"https:\/\/media.th4.com\/1BowHykDJdnerWx0F_TLo4OF1A33oQUaCeWAyEutY90\/pr:1920greybg\/aHR0cDovL21lZGlhMi5kZXNpZ25wYXJ0bmVyLmZyL2MvcC1jdXN0b20tVEgvMjEzMDkud2VicA?v=1764073229","opengraph":"https:\/\/media.th4.com\/zjFZ7QQAPsSNlxKCpUi1c3xb8zgnmfEfHieJBLHOyxQ\/pr:1200x630greybg\/aHR0cDovL21lZGlhMi5kZXNpZ25wYXJ0bmVyLmZyL2MvcC1jdXN0b20tVEgvMjEzMDkud2VicA?v=1764073229"},"page_links":{"fr":"\/fr\/p-ka-bls4-bib-apron-basic-with-buckle-tablier-bls4-21309\/","en":"\/en\/p-ka-bls4-bib-apron-basic-with-buckle-apron-bls4-21309\/","de":"\/de\/p-ka-bls4-bib-apron-basic-with-buckle-latzschurze-bls4-21309\/","nl":"\/nl\/p-ka-bls4-bib-apron-basic-with-buckle-schort-bls4-21309\/","es":"\/es\/p-ka-bls4-bib-apron-basic-with-buckle-delantal-bls4-21309\/","it":"\/it\/p-ka-bls4-bib-apron-basic-with-buckle-grembiule-bls4-21309\/","sv":"\/sv\/p-ka-bls4-bib-apron-basic-with-buckle-forklade-bls4-21309\/","pt":"\/pt\/p-ka-bls4-bib-apron-basic-with-buckle-avental-bls4-21309\/","da":"\/da\/p-ka-bls4-bib-apron-basic-with-buckle-forklaede-bls4-21309\/","pl":"\/pl\/p-ka-bls4-bib-apron-basic-with-buckle-fartuch-bls4-21309\/"},"page_links_customization":{"fr":"\/fr\/p-ka-bls4-bib-apron-bls4-tablier-bavette-personnalisable-21309\/custom\/","en":"\/en\/p-ka-bls4-bib-apron-bls4-customizable-bib-apron-21309\/custom\/","de":"\/de\/p-ka-bls4-bib-apron-bls4-verstellbare-latzschurze-21309\/custom\/","nl":"\/nl\/p-ka-bls4-bib-apron-bls4-verstelbaar-schort-met-bavolet-21309\/custom\/","es":"\/es\/p-ka-bls4-bib-apron-bls4-delantal-con-peto-personalizable-21309\/custom\/","it":"\/it\/p-ka-bls4-bib-apron-bls4-grembiule-bavetta-personalizzabile-21309\/custom\/","sv":"\/sv\/p-ka-bls4-bib-apron-bls4-justerbar-brostlappsforklade-21309\/custom\/","pt":"\/pt\/p-ka-bls4-bib-apron-bls4-avental-com-pala-personalizavel-21309\/custom\/","da":"\/da\/p-ka-bls4-bib-apron-bls4-forklaede-med-band-tilpasningsbart-21309\/custom\/","pl":"\/pl\/p-ka-bls4-bib-apron-bls4-personalizowany-fartuch-z-kieszenia-21309\/custom\/"},"equivalent_products":[],"colors":[{"id":10044,"name":"black","class_ids":[4],"codes_hexa":["000000"],"delai_24":false,"has_3d":false,"seuil_global":0,"stock_local":0,"stock_global":738,"on_standby":false,"in_catalog":true,"images":{"miniature":["https:\/\/media.th4.com\/z8qkYGisPL8e7ueSo6CvCQcWtR-Fh_xxVFpvW-akr14\/pr:80\/aHR0cDovL21lZGlhMi5kZXNpZ25wYXJ0bmVyLmZyL2MvcC8yMTMwOS8yMTMwOS0xMDA0NC0xLndlYnA?v=1764072341"],"medium":["https:\/\/media.th4.com\/gNkBLO7xLfaqioOR_PyKrDHI5KBANNOAU7caye8-gso\/pr:550x550\/aHR0cDovL21lZGlhMi5kZXNpZ25wYXJ0bmVyLmZyL2MvcC8yMTMwOS8yMTMwOS0xMDA0NC0xLndlYnA?v=1764072341"],"medium_large":["https:\/\/media.th4.com\/_C8ZRF9uKYdPEzS_CkVtqyIaTWarNZ0u2bXZf3D05kc\/pr:1000x1000\/aHR0cDovL21lZGlhMi5kZXNpZ25wYXJ0bmVyLmZyL2MvcC8yMTMwOS8yMTMwOS0xMDA0NC0xLndlYnA?v=1764072341"],"large":["https:\/\/media.th4.com\/XlYISklUI4G40Wv5-PiAiXOc9x-k2Tyr8ObSjV_ICPw\/pr:1920\/aHR0cDovL21lZGlhMi5kZXNpZ25wYXJ0bmVyLmZyL2MvcC8yMTMwOS8yMTMwOS0xMDA0NC0xLndlYnA?v=1764072341"],"opengraph":["https:\/\/media.th4.com\/Gj782oTbwPO8vM3F5l6ENMFW7FneKwqH-cTk7PtyOKk\/pr:1200x630\/aHR0cDovL21lZGlhMi5kZXNpZ25wYXJ0bmVyLmZyL2MvcC8yMTMwOS8yMTMwOS0xMDA0NC0xLndlYnA?v=1764072341"]},"images_customization":{"miniature":["https:\/\/media.th4.com\/z8qkYGisPL8e7ueSo6CvCQcWtR-Fh_xxVFpvW-akr14\/pr:80\/aHR0cDovL21lZGlhMi5kZXNpZ25wYXJ0bmVyLmZyL2MvcC8yMTMwOS8yMTMwOS0xMDA0NC0xLndlYnA?v=1764072341"],"medium":["https:\/\/media.th4.com\/gNkBLO7xLfaqioOR_PyKrDHI5KBANNOAU7caye8-gso\/pr:550x550\/aHR0cDovL21lZGlhMi5kZXNpZ25wYXJ0bmVyLmZyL2MvcC8yMTMwOS8yMTMwOS0xMDA0NC0xLndlYnA?v=1764072341"],"medium_large":["https:\/\/media.th4.com\/_C8ZRF9uKYdPEzS_CkVtqyIaTWarNZ0u2bXZf3D05kc\/pr:1000x1000\/aHR0cDovL21lZGlhMi5kZXNpZ25wYXJ0bmVyLmZyL2MvcC8yMTMwOS8yMTMwOS0xMDA0NC0xLndlYnA?v=1764072341"],"large":["https:\/\/media.th4.com\/XlYISklUI4G40Wv5-PiAiXOc9x-k2Tyr8ObSjV_ICPw\/pr:1920\/aHR0cDovL21lZGlhMi5kZXNpZ25wYXJ0bmVyLmZyL2MvcC8yMTMwOS8yMTMwOS0xMDA0NC0xLndlYnA?v=1764072341"],"opengraph":["https:\/\/media.th4.com\/Gj782oTbwPO8vM3F5l6ENMFW7FneKwqH-cTk7PtyOKk\/pr:1200x630\/aHR0cDovL21lZGlhMi5kZXNpZ25wYXJ0bmVyLmZyL2MvcC8yMTMwOS8yMTMwOS0xMDA0NC0xLndlYnA?v=1764072341"]},"country_origin":"PK","traceability":{"manufacturing_country_id":92,"weaving_country_id":92,"dyeing_country_id":92},"sizes":[{"id":42,"article_id":525592,"class_id":19,"name":"taille_unique","on_standby":false,"stock_local":0,"stock_global":738,"multiple":1,"estimated_date_reassort":null,"is_destocking":false}],"page_links":{"fr":"\/fr\/p-ka-bls4-bib-apron-basic-with-buckle-tablier-bls4-21309\/black-10044\/","en":"\/en\/p-ka-bls4-bib-apron-basic-with-buckle-apron-bls4-21309\/black-10044\/","de":"\/de\/p-ka-bls4-bib-apron-basic-with-buckle-latzschurze-bls4-21309\/black-10044\/","nl":"\/nl\/p-ka-bls4-bib-apron-basic-with-buckle-schort-bls4-21309\/black-10044\/","es":"\/es\/p-ka-bls4-bib-apron-basic-with-buckle-delantal-bls4-21309\/black-10044\/","it":"\/it\/p-ka-bls4-bib-apron-basic-with-buckle-grembiule-bls4-21309\/black-10044\/","sv":"\/sv\/p-ka-bls4-bib-apron-basic-with-buckle-forklade-bls4-21309\/black-10044\/","pt":"\/pt\/p-ka-bls4-bib-apron-basic-with-buckle-avental-bls4-21309\/black-10044\/","da":"\/da\/p-ka-bls4-bib-apron-basic-with-buckle-forklaede-bls4-21309\/black-10044\/","pl":"\/pl\/p-ka-bls4-bib-apron-basic-with-buckle-fartuch-bls4-21309\/black-10044\/"},"page_links_customization":{"fr":"\/fr\/p-ka-bls4-bib-apron-bls4-tablier-bavette-personnalisable-21309\/black-10044\/custom\/","en":"\/en\/p-ka-bls4-bib-apron-bls4-customizable-bib-apron-21309\/black-10044\/custom\/","de":"\/de\/p-ka-bls4-bib-apron-bls4-verstellbare-latzschurze-21309\/black-10044\/custom\/","nl":"\/nl\/p-ka-bls4-bib-apron-bls4-verstelbaar-schort-met-bavolet-21309\/black-10044\/custom\/","es":"\/es\/p-ka-bls4-bib-apron-bls4-delantal-con-peto-personalizable-21309\/black-10044\/custom\/","it":"\/it\/p-ka-bls4-bib-apron-bls4-grembiule-bavetta-personalizzabile-21309\/black-10044\/custom\/","sv":"\/sv\/p-ka-bls4-bib-apron-bls4-justerbar-brostlappsforklade-21309\/black-10044\/custom\/","pt":"\/pt\/p-ka-bls4-bib-apron-bls4-avental-com-pala-personalizavel-21309\/black-10044\/custom\/","da":"\/da\/p-ka-bls4-bib-apron-bls4-forklaede-med-band-tilpasningsbart-21309\/black-10044\/custom\/","pl":"\/pl\/p-ka-bls4-bib-apron-bls4-personalizowany-fartuch-z-kieszenia-21309\/black-10044\/custom\/"}},{"id":10080,"name":"sand","class_ids":[8],"codes_hexa":["B3A580"],"delai_24":false,"has_3d":false,"seuil_global":0,"stock_local":0,"stock_global":240,"on_standby":false,"in_catalog":true,"images":{"miniature":["https:\/\/media.th4.com\/IU1Oe77aXoXc2N9pIWvtVoSUMuAydoWwqVcRVxnW5yc\/pr:80\/aHR0cDovL21lZGlhMi5kZXNpZ25wYXJ0bmVyLmZyL2MvcC8yMTMwOS8yMTMwOS0xMDA4MC0xLndlYnA?v=1764072347"],"medium":["https:\/\/media.th4.com\/IMuT0qnX9QUq6TZsJ_YdHAlU4clkJNfRPZQJLfMnwlY\/pr:550x550\/aHR0cDovL21lZGlhMi5kZXNpZ25wYXJ0bmVyLmZyL2MvcC8yMTMwOS8yMTMwOS0xMDA4MC0xLndlYnA?v=1764072347"],"medium_large":["https:\/\/media.th4.com\/n_S3cSVAyJbGK5IygwXqrex4IT3tVHxDQFlJyD2v_6k\/pr:1000x1000\/aHR0cDovL21lZGlhMi5kZXNpZ25wYXJ0bmVyLmZyL2MvcC8yMTMwOS8yMTMwOS0xMDA4MC0xLndlYnA?v=1764072347"],"large":["https:\/\/media.th4.com\/MOLMHq5WnkFoa0hiRNXEA4SlgRBjCnIOzVy-Zy8r6Hg\/pr:1920\/aHR0cDovL21lZGlhMi5kZXNpZ25wYXJ0bmVyLmZyL2MvcC8yMTMwOS8yMTMwOS0xMDA4MC0xLndlYnA?v=1764072347"],"opengraph":["https:\/\/media.th4.com\/dg6dxV_CGhryYZv3d9_sFN85-giosXL68Wjg2RGoCcQ\/pr:1200x630\/aHR0cDovL21lZGlhMi5kZXNpZ25wYXJ0bmVyLmZyL2MvcC8yMTMwOS8yMTMwOS0xMDA4MC0xLndlYnA?v=1764072347"]},"images_customization":{"miniature":["https:\/\/media.th4.com\/IU1Oe77aXoXc2N9pIWvtVoSUMuAydoWwqVcRVxnW5yc\/pr:80\/aHR0cDovL21lZGlhMi5kZXNpZ25wYXJ0bmVyLmZyL2MvcC8yMTMwOS8yMTMwOS0xMDA4MC0xLndlYnA?v=1764072347"],"medium":["https:\/\/media.th4.com\/IMuT0qnX9QUq6TZsJ_YdHAlU4clkJNfRPZQJLfMnwlY\/pr:550x550\/aHR0cDovL21lZGlhMi5kZXNpZ25wYXJ0bmVyLmZyL2MvcC8yMTMwOS8yMTMwOS0xMDA4MC0xLndlYnA?v=1764072347"],"medium_large":["https:\/\/media.th4.com\/n_S3cSVAyJbGK5IygwXqrex4IT3tVHxDQFlJyD2v_6k\/pr:1000x1000\/aHR0cDovL21lZGlhMi5kZXNpZ25wYXJ0bmVyLmZyL2MvcC8yMTMwOS8yMTMwOS0xMDA4MC0xLndlYnA?v=1764072347"],"large":["https:\/\/media.th4.com\/MOLMHq5WnkFoa0hiRNXEA4SlgRBjCnIOzVy-Zy8r6Hg\/pr:1920\/aHR0cDovL21lZGlhMi5kZXNpZ25wYXJ0bmVyLmZyL2MvcC8yMTMwOS8yMTMwOS0xMDA4MC0xLndlYnA?v=1764072347"],"opengraph":["https:\/\/media.th4.com\/dg6dxV_CGhryYZv3d9_sFN85-giosXL68Wjg2RGoCcQ\/pr:1200x630\/aHR0cDovL21lZGlhMi5kZXNpZ25wYXJ0bmVyLmZyL2MvcC8yMTMwOS8yMTMwOS0xMDA4MC0xLndlYnA?v=1764072347"]},"country_origin":"PK","traceability":{"manufacturing_country_id":92,"weaving_country_id":92,"dyeing_country_id":92},"sizes":[{"id":42,"article_id":525606,"class_id":19,"name":"taille_unique","on_standby":false,"stock_local":0,"stock_global":240,"multiple":1,"estimated_date_reassort":null,"is_destocking":false}],"page_links":{"fr":"\/fr\/p-ka-bls4-bib-apron-basic-with-buckle-tablier-bls4-21309\/sand-10080\/","en":"\/en\/p-ka-bls4-bib-apron-basic-with-buckle-apron-bls4-21309\/sand-10080\/","de":"\/de\/p-ka-bls4-bib-apron-basic-with-buckle-latzschurze-bls4-21309\/sand-10080\/","nl":"\/nl\/p-ka-bls4-bib-apron-basic-with-buckle-schort-bls4-21309\/sand-10080\/","es":"\/es\/p-ka-bls4-bib-apron-basic-with-buckle-delantal-bls4-21309\/sand-10080\/","it":"\/it\/p-ka-bls4-bib-apron-basic-with-buckle-grembiule-bls4-21309\/sand-10080\/","sv":"\/sv\/p-ka-bls4-bib-apron-basic-with-buckle-forklade-bls4-21309\/sand-10080\/","pt":"\/pt\/p-ka-bls4-bib-apron-basic-with-buckle-avental-bls4-21309\/sand-10080\/","da":"\/da\/p-ka-bls4-bib-apron-basic-with-buckle-forklaede-bls4-21309\/sand-10080\/","pl":"\/pl\/p-ka-bls4-bib-apron-basic-with-buckle-fartuch-bls4-21309\/sand-10080\/"},"page_links_customization":{"fr":"\/fr\/p-ka-bls4-bib-apron-bls4-tablier-bavette-personnalisable-21309\/sand-10080\/custom\/","en":"\/en\/p-ka-bls4-bib-apron-bls4-customizable-bib-apron-21309\/sand-10080\/custom\/","de":"\/de\/p-ka-bls4-bib-apron-bls4-verstellbare-latzschurze-21309\/sand-10080\/custom\/","nl":"\/nl\/p-ka-bls4-bib-apron-bls4-verstelbaar-schort-met-bavolet-21309\/sand-10080\/custom\/","es":"\/es\/p-ka-bls4-bib-apron-bls4-delantal-con-peto-personalizable-21309\/sand-10080\/custom\/","it":"\/it\/p-ka-bls4-bib-apron-bls4-grembiule-bavetta-personalizzabile-21309\/sand-10080\/custom\/","sv":"\/sv\/p-ka-bls4-bib-apron-bls4-justerbar-brostlappsforklade-21309\/sand-10080\/custom\/","pt":"\/pt\/p-ka-bls4-bib-apron-bls4-avental-com-pala-personalizavel-21309\/sand-10080\/custom\/","da":"\/da\/p-ka-bls4-bib-apron-bls4-forklaede-med-band-tilpasningsbart-21309\/sand-10080\/custom\/","pl":"\/pl\/p-ka-bls4-bib-apron-bls4-personalizowany-fartuch-z-kieszenia-21309\/sand-10080\/custom\/"}},{"id":10048,"name":"red","class_ids":[6],"codes_hexa":["B41A18"],"delai_24":false,"has_3d":false,"seuil_global":0,"stock_local":0,"stock_global":233,"on_standby":false,"in_catalog":true,"images":{"miniature":["https:\/\/media.th4.com\/Xo9uxSHjAwwJE4Q5EnTx3JltuTlFxRSnnqaYsD-rFvs\/pr:80\/aHR0cDovL21lZGlhMi5kZXNpZ25wYXJ0bmVyLmZyL2MvcC8yMTMwOS8yMTMwOS0xMDA0OC0xLndlYnA?v=1764072346"],"medium":["https:\/\/media.th4.com\/PuDfHhOPnStYkElx3PKQeIQOQwp_g-2aF0Y5-2KrDrI\/pr:550x550\/aHR0cDovL21lZGlhMi5kZXNpZ25wYXJ0bmVyLmZyL2MvcC8yMTMwOS8yMTMwOS0xMDA0OC0xLndlYnA?v=1764072346"],"medium_large":["https:\/\/media.th4.com\/8y0mgjGMAUsS9b9H70g3RWLJLJeavirSVENc3mdOERw\/pr:1000x1000\/aHR0cDovL21lZGlhMi5kZXNpZ25wYXJ0bmVyLmZyL2MvcC8yMTMwOS8yMTMwOS0xMDA0OC0xLndlYnA?v=1764072346"],"large":["https:\/\/media.th4.com\/RnCGjIMRbiO5TAbyhm8b7EuiLTouPXOZ0i6QNi7M6G8\/pr:1920\/aHR0cDovL21lZGlhMi5kZXNpZ25wYXJ0bmVyLmZyL2MvcC8yMTMwOS8yMTMwOS0xMDA0OC0xLndlYnA?v=1764072346"],"opengraph":["https:\/\/media.th4.com\/3efUi2x66yd32a4uhh45KPcATz5t37O3blCGx7IbX00\/pr:1200x630\/aHR0cDovL21lZGlhMi5kZXNpZ25wYXJ0bmVyLmZyL2MvcC8yMTMwOS8yMTMwOS0xMDA0OC0xLndlYnA?v=1764072346"]},"images_customization":{"miniature":["https:\/\/media.th4.com\/Xo9uxSHjAwwJE4Q5EnTx3JltuTlFxRSnnqaYsD-rFvs\/pr:80\/aHR0cDovL21lZGlhMi5kZXNpZ25wYXJ0bmVyLmZyL2MvcC8yMTMwOS8yMTMwOS0xMDA0OC0xLndlYnA?v=1764072346"],"medium":["https:\/\/media.th4.com\/PuDfHhOPnStYkElx3PKQeIQOQwp_g-2aF0Y5-2KrDrI\/pr:550x550\/aHR0cDovL21lZGlhMi5kZXNpZ25wYXJ0bmVyLmZyL2MvcC8yMTMwOS8yMTMwOS0xMDA0OC0xLndlYnA?v=1764072346"],"medium_large":["https:\/\/media.th4.com\/8y0mgjGMAUsS9b9H70g3RWLJLJeavirSVENc3mdOERw\/pr:1000x1000\/aHR0cDovL21lZGlhMi5kZXNpZ25wYXJ0bmVyLmZyL2MvcC8yMTMwOS8yMTMwOS0xMDA0OC0xLndlYnA?v=1764072346"],"large":["https:\/\/media.th4.com\/RnCGjIMRbiO5TAbyhm8b7EuiLTouPXOZ0i6QNi7M6G8\/pr:1920\/aHR0cDovL21lZGlhMi5kZXNpZ25wYXJ0bmVyLmZyL2MvcC8yMTMwOS8yMTMwOS0xMDA0OC0xLndlYnA?v=1764072346"],"opengraph":["https:\/\/media.th4.com\/3efUi2x66yd32a4uhh45KPcATz5t37O3blCGx7IbX00\/pr:1200x630\/aHR0cDovL21lZGlhMi5kZXNpZ25wYXJ0bmVyLmZyL2MvcC8yMTMwOS8yMTMwOS0xMDA0OC0xLndlYnA?v=1764072346"]},"country_origin":"PK","traceability":{"manufacturing_country_id":92,"weaving_country_id":92,"dyeing_country_id":92},"sizes":[{"id":42,"article_id":525604,"class_id":19,"name":"taille_unique","on_standby":false,"stock_local":0,"stock_global":233,"multiple":1,"estimated_date_reassort":null,"is_destocking":false}],"page_links":{"fr":"\/fr\/p-ka-bls4-bib-apron-basic-with-buckle-tablier-bls4-21309\/red-10048\/","en":"\/en\/p-ka-bls4-bib-apron-basic-with-buckle-apron-bls4-21309\/red-10048\/","de":"\/de\/p-ka-bls4-bib-apron-basic-with-buckle-latzschurze-bls4-21309\/red-10048\/","nl":"\/nl\/p-ka-bls4-bib-apron-basic-with-buckle-schort-bls4-21309\/red-10048\/","es":"\/es\/p-ka-bls4-bib-apron-basic-with-buckle-delantal-bls4-21309\/red-10048\/","it":"\/it\/p-ka-bls4-bib-apron-basic-with-buckle-grembiule-bls4-21309\/red-10048\/","sv":"\/sv\/p-ka-bls4-bib-apron-basic-with-buckle-forklade-bls4-21309\/red-10048\/","pt":"\/pt\/p-ka-bls4-bib-apron-basic-with-buckle-avental-bls4-21309\/red-10048\/","da":"\/da\/p-ka-bls4-bib-apron-basic-with-buckle-forklaede-bls4-21309\/red-10048\/","pl":"\/pl\/p-ka-bls4-bib-apron-basic-with-buckle-fartuch-bls4-21309\/red-10048\/"},"page_links_customization":{"fr":"\/fr\/p-ka-bls4-bib-apron-bls4-tablier-bavette-personnalisable-21309\/red-10048\/custom\/","en":"\/en\/p-ka-bls4-bib-apron-bls4-customizable-bib-apron-21309\/red-10048\/custom\/","de":"\/de\/p-ka-bls4-bib-apron-bls4-verstellbare-latzschurze-21309\/red-10048\/custom\/","nl":"\/nl\/p-ka-bls4-bib-apron-bls4-verstelbaar-schort-met-bavolet-21309\/red-10048\/custom\/","es":"\/es\/p-ka-bls4-bib-apron-bls4-delantal-con-peto-personalizable-21309\/red-10048\/custom\/","it":"\/it\/p-ka-bls4-bib-apron-bls4-grembiule-bavetta-personalizzabile-21309\/red-10048\/custom\/","sv":"\/sv\/p-ka-bls4-bib-apron-bls4-justerbar-brostlappsforklade-21309\/red-10048\/custom\/","pt":"\/pt\/p-ka-bls4-bib-apron-bls4-avental-com-pala-personalizavel-21309\/red-10048\/custom\/","da":"\/da\/p-ka-bls4-bib-apron-bls4-forklaede-med-band-tilpasningsbart-21309\/red-10048\/custom\/","pl":"\/pl\/p-ka-bls4-bib-apron-bls4-personalizowany-fartuch-z-kieszenia-21309\/red-10048\/custom\/"}},{"id":10063,"name":"anthracite","class_ids":[3],"codes_hexa":["63686C"],"delai_24":false,"has_3d":false,"seuil_global":0,"stock_local":0,"stock_global":195,"on_standby":false,"in_catalog":true,"images":{"miniature":["https:\/\/media.th4.com\/0DYV480AzQt62we8ms2jBRfOrKOpsyaHQA32SwN8DZA\/pr:80\/aHR0cDovL21lZGlhMi5kZXNpZ25wYXJ0bmVyLmZyL2MvcC8yMTMwOS8yMTMwOS0xMDA2My0xLndlYnA?v=1764072340"],"medium":["https:\/\/media.th4.com\/gW_OmYP2Q_2_rEtA6VlOmT7UUIUyyjuXJJJliE_aJpg\/pr:550x550\/aHR0cDovL21lZGlhMi5kZXNpZ25wYXJ0bmVyLmZyL2MvcC8yMTMwOS8yMTMwOS0xMDA2My0xLndlYnA?v=1764072340"],"medium_large":["https:\/\/media.th4.com\/U6mDOZ-Pc-x4e_0jguQLV-9aue2EjiPgkdKPIYaCV_8\/pr:1000x1000\/aHR0cDovL21lZGlhMi5kZXNpZ25wYXJ0bmVyLmZyL2MvcC8yMTMwOS8yMTMwOS0xMDA2My0xLndlYnA?v=1764072340"],"large":["https:\/\/media.th4.com\/iKmFpg8FWGr9VnAsTYp3wpB8iCOSLzWIJAzi4kpb80o\/pr:1920\/aHR0cDovL21lZGlhMi5kZXNpZ25wYXJ0bmVyLmZyL2MvcC8yMTMwOS8yMTMwOS0xMDA2My0xLndlYnA?v=1764072340"],"opengraph":["https:\/\/media.th4.com\/SDy_9iU7SSlbiSYXHflSvr0hc-vKUkcf3LGKbb8ne-0\/pr:1200x630\/aHR0cDovL21lZGlhMi5kZXNpZ25wYXJ0bmVyLmZyL2MvcC8yMTMwOS8yMTMwOS0xMDA2My0xLndlYnA?v=1764072340"]},"images_customization":{"miniature":["https:\/\/media.th4.com\/0DYV480AzQt62we8ms2jBRfOrKOpsyaHQA32SwN8DZA\/pr:80\/aHR0cDovL21lZGlhMi5kZXNpZ25wYXJ0bmVyLmZyL2MvcC8yMTMwOS8yMTMwOS0xMDA2My0xLndlYnA?v=1764072340"],"medium":["https:\/\/media.th4.com\/gW_OmYP2Q_2_rEtA6VlOmT7UUIUyyjuXJJJliE_aJpg\/pr:550x550\/aHR0cDovL21lZGlhMi5kZXNpZ25wYXJ0bmVyLmZyL2MvcC8yMTMwOS8yMTMwOS0xMDA2My0xLndlYnA?v=1764072340"],"medium_large":["https:\/\/media.th4.com\/U6mDOZ-Pc-x4e_0jguQLV-9aue2EjiPgkdKPIYaCV_8\/pr:1000x1000\/aHR0cDovL21lZGlhMi5kZXNpZ25wYXJ0bmVyLmZyL2MvcC8yMTMwOS8yMTMwOS0xMDA2My0xLndlYnA?v=1764072340"],"large":["https:\/\/media.th4.com\/iKmFpg8FWGr9VnAsTYp3wpB8iCOSLzWIJAzi4kpb80o\/pr:1920\/aHR0cDovL21lZGlhMi5kZXNpZ25wYXJ0bmVyLmZyL2MvcC8yMTMwOS8yMTMwOS0xMDA2My0xLndlYnA?v=1764072340"],"opengraph":["https:\/\/media.th4.com\/SDy_9iU7SSlbiSYXHflSvr0hc-vKUkcf3LGKbb8ne-0\/pr:1200x630\/aHR0cDovL21lZGlhMi5kZXNpZ25wYXJ0bmVyLmZyL2MvcC8yMTMwOS8yMTMwOS0xMDA2My0xLndlYnA?v=1764072340"]},"country_origin":"PK","traceability":{"manufacturing_country_id":92,"weaving_country_id":92,"dyeing_country_id":92},"sizes":[{"id":42,"article_id":525589,"class_id":19,"name":"taille_unique","on_standby":false,"stock_local":0,"stock_global":195,"multiple":1,"estimated_date_reassort":null,"is_destocking":false}],"page_links":{"fr":"\/fr\/p-ka-bls4-bib-apron-basic-with-buckle-tablier-bls4-21309\/anthracite-10063\/","en":"\/en\/p-ka-bls4-bib-apron-basic-with-buckle-apron-bls4-21309\/anthracite-10063\/","de":"\/de\/p-ka-bls4-bib-apron-basic-with-buckle-latzschurze-bls4-21309\/anthracite-10063\/","nl":"\/nl\/p-ka-bls4-bib-apron-basic-with-buckle-schort-bls4-21309\/anthracite-10063\/","es":"\/es\/p-ka-bls4-bib-apron-basic-with-buckle-delantal-bls4-21309\/anthracite-10063\/","it":"\/it\/p-ka-bls4-bib-apron-basic-with-buckle-grembiule-bls4-21309\/anthracite-10063\/","sv":"\/sv\/p-ka-bls4-bib-apron-basic-with-buckle-forklade-bls4-21309\/anthracite-10063\/","pt":"\/pt\/p-ka-bls4-bib-apron-basic-with-buckle-avental-bls4-21309\/anthracite-10063\/","da":"\/da\/p-ka-bls4-bib-apron-basic-with-buckle-forklaede-bls4-21309\/anthracite-10063\/","pl":"\/pl\/p-ka-bls4-bib-apron-basic-with-buckle-fartuch-bls4-21309\/anthracite-10063\/"},"page_links_customization":{"fr":"\/fr\/p-ka-bls4-bib-apron-bls4-tablier-bavette-personnalisable-21309\/anthracite-10063\/custom\/","en":"\/en\/p-ka-bls4-bib-apron-bls4-customizable-bib-apron-21309\/anthracite-10063\/custom\/","de":"\/de\/p-ka-bls4-bib-apron-bls4-verstellbare-latzschurze-21309\/anthracite-10063\/custom\/","nl":"\/nl\/p-ka-bls4-bib-apron-bls4-verstelbaar-schort-met-bavolet-21309\/anthracite-10063\/custom\/","es":"\/es\/p-ka-bls4-bib-apron-bls4-delantal-con-peto-personalizable-21309\/anthracite-10063\/custom\/","it":"\/it\/p-ka-bls4-bib-apron-bls4-grembiule-bavetta-personalizzabile-21309\/anthracite-10063\/custom\/","sv":"\/sv\/p-ka-bls4-bib-apron-bls4-justerbar-brostlappsforklade-21309\/anthracite-10063\/custom\/","pt":"\/pt\/p-ka-bls4-bib-apron-bls4-avental-com-pala-personalizavel-21309\/anthracite-10063\/custom\/","da":"\/da\/p-ka-bls4-bib-apron-bls4-forklaede-med-band-tilpasningsbart-21309\/anthracite-10063\/custom\/","pl":"\/pl\/p-ka-bls4-bib-apron-bls4-personalizowany-fartuch-z-kieszenia-21309\/anthracite-10063\/custom\/"}},{"id":10045,"name":"white","class_ids":[1],"codes_hexa":["FFFFFF"],"delai_24":false,"has_3d":false,"seuil_global":0,"stock_local":0,"stock_global":158,"on_standby":false,"in_catalog":true,"images":{"miniature":["https:\/\/media.th4.com\/o9SeHSOGEU39Qg8_Y4RID8G5CpINGU8FUkAyxauCUe0\/pr:80\/aHR0cDovL21lZGlhMi5kZXNpZ25wYXJ0bmVyLmZyL2MvcC8yMTMwOS8yMTMwOS0xMDA0NS0xLndlYnA?v=1764072348"],"medium":["https:\/\/media.th4.com\/bM4a32RDfpKYXcZkmrBnul3kuQ8vKC9VDxlFShHD5k8\/pr:550x550\/aHR0cDovL21lZGlhMi5kZXNpZ25wYXJ0bmVyLmZyL2MvcC8yMTMwOS8yMTMwOS0xMDA0NS0xLndlYnA?v=1764072348"],"medium_large":["https:\/\/media.th4.com\/pgF1ulNLGrnX7j87qw6eOJsvC7coDA1yWXvhcpBQp8Q\/pr:1000x1000\/aHR0cDovL21lZGlhMi5kZXNpZ25wYXJ0bmVyLmZyL2MvcC8yMTMwOS8yMTMwOS0xMDA0NS0xLndlYnA?v=1764072348"],"large":["https:\/\/media.th4.com\/eLwRFxASLiExnbTuRPsZ8lnSUVKAaY1lLQg3sOaIrYU\/pr:1920\/aHR0cDovL21lZGlhMi5kZXNpZ25wYXJ0bmVyLmZyL2MvcC8yMTMwOS8yMTMwOS0xMDA0NS0xLndlYnA?v=1764072348"],"opengraph":["https:\/\/media.th4.com\/A0WMEsZj8hDLaV7T9yJ6VDsVlivkdBzXxK4RGsL9smc\/pr:1200x630\/aHR0cDovL21lZGlhMi5kZXNpZ25wYXJ0bmVyLmZyL2MvcC8yMTMwOS8yMTMwOS0xMDA0NS0xLndlYnA?v=1764072348"]},"images_customization":{"miniature":["https:\/\/media.th4.com\/o9SeHSOGEU39Qg8_Y4RID8G5CpINGU8FUkAyxauCUe0\/pr:80\/aHR0cDovL21lZGlhMi5kZXNpZ25wYXJ0bmVyLmZyL2MvcC8yMTMwOS8yMTMwOS0xMDA0NS0xLndlYnA?v=1764072348"],"medium":["https:\/\/media.th4.com\/bM4a32RDfpKYXcZkmrBnul3kuQ8vKC9VDxlFShHD5k8\/pr:550x550\/aHR0cDovL21lZGlhMi5kZXNpZ25wYXJ0bmVyLmZyL2MvcC8yMTMwOS8yMTMwOS0xMDA0NS0xLndlYnA?v=1764072348"],"medium_large":["https:\/\/media.th4.com\/pgF1ulNLGrnX7j87qw6eOJsvC7coDA1yWXvhcpBQp8Q\/pr:1000x1000\/aHR0cDovL21lZGlhMi5kZXNpZ25wYXJ0bmVyLmZyL2MvcC8yMTMwOS8yMTMwOS0xMDA0NS0xLndlYnA?v=1764072348"],"large":["https:\/\/media.th4.com\/eLwRFxASLiExnbTuRPsZ8lnSUVKAaY1lLQg3sOaIrYU\/pr:1920\/aHR0cDovL21lZGlhMi5kZXNpZ25wYXJ0bmVyLmZyL2MvcC8yMTMwOS8yMTMwOS0xMDA0NS0xLndlYnA?v=1764072348"],"opengraph":["https:\/\/media.th4.com\/A0WMEsZj8hDLaV7T9yJ6VDsVlivkdBzXxK4RGsL9smc\/pr:1200x630\/aHR0cDovL21lZGlhMi5kZXNpZ25wYXJ0bmVyLmZyL2MvcC8yMTMwOS8yMTMwOS0xMDA0NS0xLndlYnA?v=1764072348"]},"country_origin":"PK","traceability":{"manufacturing_country_id":92,"weaving_country_id":92,"dyeing_country_id":92},"sizes":[{"id":42,"article_id":525609,"class_id":19,"name":"taille_unique","on_standby":false,"stock_local":0,"stock_global":158,"multiple":1,"estimated_date_reassort":null,"is_destocking":false}],"page_links":{"fr":"\/fr\/p-ka-bls4-bib-apron-basic-with-buckle-tablier-bls4-21309\/white-10045\/","en":"\/en\/p-ka-bls4-bib-apron-basic-with-buckle-apron-bls4-21309\/white-10045\/","de":"\/de\/p-ka-bls4-bib-apron-basic-with-buckle-latzschurze-bls4-21309\/white-10045\/","nl":"\/nl\/p-ka-bls4-bib-apron-basic-with-buckle-schort-bls4-21309\/white-10045\/","es":"\/es\/p-ka-bls4-bib-apron-basic-with-buckle-delantal-bls4-21309\/white-10045\/","it":"\/it\/p-ka-bls4-bib-apron-basic-with-buckle-grembiule-bls4-21309\/white-10045\/","sv":"\/sv\/p-ka-bls4-bib-apron-basic-with-buckle-forklade-bls4-21309\/white-10045\/","pt":"\/pt\/p-ka-bls4-bib-apron-basic-with-buckle-avental-bls4-21309\/white-10045\/","da":"\/da\/p-ka-bls4-bib-apron-basic-with-buckle-forklaede-bls4-21309\/white-10045\/","pl":"\/pl\/p-ka-bls4-bib-apron-basic-with-buckle-fartuch-bls4-21309\/white-10045\/"},"page_links_customization":{"fr":"\/fr\/p-ka-bls4-bib-apron-bls4-tablier-bavette-personnalisable-21309\/white-10045\/custom\/","en":"\/en\/p-ka-bls4-bib-apron-bls4-customizable-bib-apron-21309\/white-10045\/custom\/","de":"\/de\/p-ka-bls4-bib-apron-bls4-verstellbare-latzschurze-21309\/white-10045\/custom\/","nl":"\/nl\/p-ka-bls4-bib-apron-bls4-verstelbaar-schort-met-bavolet-21309\/white-10045\/custom\/","es":"\/es\/p-ka-bls4-bib-apron-bls4-delantal-con-peto-personalizable-21309\/white-10045\/custom\/","it":"\/it\/p-ka-bls4-bib-apron-bls4-grembiule-bavetta-personalizzabile-21309\/white-10045\/custom\/","sv":"\/sv\/p-ka-bls4-bib-apron-bls4-justerbar-brostlappsforklade-21309\/white-10045\/custom\/","pt":"\/pt\/p-ka-bls4-bib-apron-bls4-avental-com-pala-personalizavel-21309\/white-10045\/custom\/","da":"\/da\/p-ka-bls4-bib-apron-bls4-forklaede-med-band-tilpasningsbart-21309\/white-10045\/custom\/","pl":"\/pl\/p-ka-bls4-bib-apron-bls4-personalizowany-fartuch-z-kieszenia-21309\/white-10045\/custom\/"}},{"id":10046,"name":"blue","class_ids":[2],"codes_hexa":["294C90"],"delai_24":false,"has_3d":false,"seuil_global":0,"stock_local":0,"stock_global":152,"on_standby":false,"in_catalog":true,"images":{"miniature":["https:\/\/media.th4.com\/CHLmrFCdyjOxl6lCZmEdoJ6nsaOIJkwez1Yyz-OaR7Y\/pr:80\/aHR0cDovL21lZGlhMi5kZXNpZ25wYXJ0bmVyLmZyL2MvcC8yMTMwOS8yMTMwOS0xMDA0Ni0xLndlYnA?v=1764072341"],"medium":["https:\/\/media.th4.com\/tzNZ6A2c7tcpw1bkPWJQl-77rN2G-F4LeHMSHyt9xvg\/pr:550x550\/aHR0cDovL21lZGlhMi5kZXNpZ25wYXJ0bmVyLmZyL2MvcC8yMTMwOS8yMTMwOS0xMDA0Ni0xLndlYnA?v=1764072341"],"medium_large":["https:\/\/media.th4.com\/9mo4fUS7XstUYS_Koe9UPaLCeVlGAz2saYR0wnshy2E\/pr:1000x1000\/aHR0cDovL21lZGlhMi5kZXNpZ25wYXJ0bmVyLmZyL2MvcC8yMTMwOS8yMTMwOS0xMDA0Ni0xLndlYnA?v=1764072341"],"large":["https:\/\/media.th4.com\/wcw9TTMyWYZat_CvHT-RaQa9DOZZ0QzHa5g596NdXJg\/pr:1920\/aHR0cDovL21lZGlhMi5kZXNpZ25wYXJ0bmVyLmZyL2MvcC8yMTMwOS8yMTMwOS0xMDA0Ni0xLndlYnA?v=1764072341"],"opengraph":["https:\/\/media.th4.com\/GIv1QXJDdi2mmPoTxA3s5ymst6m0UnP84-pEI5DnCBE\/pr:1200x630\/aHR0cDovL21lZGlhMi5kZXNpZ25wYXJ0bmVyLmZyL2MvcC8yMTMwOS8yMTMwOS0xMDA0Ni0xLndlYnA?v=1764072341"]},"images_customization":{"miniature":["https:\/\/media.th4.com\/CHLmrFCdyjOxl6lCZmEdoJ6nsaOIJkwez1Yyz-OaR7Y\/pr:80\/aHR0cDovL21lZGlhMi5kZXNpZ25wYXJ0bmVyLmZyL2MvcC8yMTMwOS8yMTMwOS0xMDA0Ni0xLndlYnA?v=1764072341"],"medium":["https:\/\/media.th4.com\/tzNZ6A2c7tcpw1bkPWJQl-77rN2G-F4LeHMSHyt9xvg\/pr:550x550\/aHR0cDovL21lZGlhMi5kZXNpZ25wYXJ0bmVyLmZyL2MvcC8yMTMwOS8yMTMwOS0xMDA0Ni0xLndlYnA?v=1764072341"],"medium_large":["https:\/\/media.th4.com\/9mo4fUS7XstUYS_Koe9UPaLCeVlGAz2saYR0wnshy2E\/pr:1000x1000\/aHR0cDovL21lZGlhMi5kZXNpZ25wYXJ0bmVyLmZyL2MvcC8yMTMwOS8yMTMwOS0xMDA0Ni0xLndlYnA?v=1764072341"],"large":["https:\/\/media.th4.com\/wcw9TTMyWYZat_CvHT-RaQa9DOZZ0QzHa5g596NdXJg\/pr:1920\/aHR0cDovL21lZGlhMi5kZXNpZ25wYXJ0bmVyLmZyL2MvcC8yMTMwOS8yMTMwOS0xMDA0Ni0xLndlYnA?v=1764072341"],"opengraph":["https:\/\/media.th4.com\/GIv1QXJDdi2mmPoTxA3s5ymst6m0UnP84-pEI5DnCBE\/pr:1200x630\/aHR0cDovL21lZGlhMi5kZXNpZ25wYXJ0bmVyLmZyL2MvcC8yMTMwOS8yMTMwOS0xMDA0Ni0xLndlYnA?v=1764072341"]},"country_origin":"PK","traceability":{"manufacturing_country_id":92,"weaving_country_id":92,"dyeing_country_id":92},"sizes":[{"id":42,"article_id":525593,"class_id":19,"name":"taille_unique","on_standby":false,"stock_local":0,"stock_global":152,"multiple":1,"estimated_date_reassort":null,"is_destocking":false}],"page_links":{"fr":"\/fr\/p-ka-bls4-bib-apron-basic-with-buckle-tablier-bls4-21309\/blue-10046\/","en":"\/en\/p-ka-bls4-bib-apron-basic-with-buckle-apron-bls4-21309\/blue-10046\/","de":"\/de\/p-ka-bls4-bib-apron-basic-with-buckle-latzschurze-bls4-21309\/blue-10046\/","nl":"\/nl\/p-ka-bls4-bib-apron-basic-with-buckle-schort-bls4-21309\/blue-10046\/","es":"\/es\/p-ka-bls4-bib-apron-basic-with-buckle-delantal-bls4-21309\/blue-10046\/","it":"\/it\/p-ka-bls4-bib-apron-basic-with-buckle-grembiule-bls4-21309\/blue-10046\/","sv":"\/sv\/p-ka-bls4-bib-apron-basic-with-buckle-forklade-bls4-21309\/blue-10046\/","pt":"\/pt\/p-ka-bls4-bib-apron-basic-with-buckle-avental-bls4-21309\/blue-10046\/","da":"\/da\/p-ka-bls4-bib-apron-basic-with-buckle-forklaede-bls4-21309\/blue-10046\/","pl":"\/pl\/p-ka-bls4-bib-apron-basic-with-buckle-fartuch-bls4-21309\/blue-10046\/"},"page_links_customization":{"fr":"\/fr\/p-ka-bls4-bib-apron-bls4-tablier-bavette-personnalisable-21309\/blue-10046\/custom\/","en":"\/en\/p-ka-bls4-bib-apron-bls4-customizable-bib-apron-21309\/blue-10046\/custom\/","de":"\/de\/p-ka-bls4-bib-apron-bls4-verstellbare-latzschurze-21309\/blue-10046\/custom\/","nl":"\/nl\/p-ka-bls4-bib-apron-bls4-verstelbaar-schort-met-bavolet-21309\/blue-10046\/custom\/","es":"\/es\/p-ka-bls4-bib-apron-bls4-delantal-con-peto-personalizable-21309\/blue-10046\/custom\/","it":"\/it\/p-ka-bls4-bib-apron-bls4-grembiule-bavetta-personalizzabile-21309\/blue-10046\/custom\/","sv":"\/sv\/p-ka-bls4-bib-apron-bls4-justerbar-brostlappsforklade-21309\/blue-10046\/custom\/","pt":"\/pt\/p-ka-bls4-bib-apron-bls4-avental-com-pala-personalizavel-21309\/blue-10046\/custom\/","da":"\/da\/p-ka-bls4-bib-apron-bls4-forklaede-med-band-tilpasningsbart-21309\/blue-10046\/custom\/","pl":"\/pl\/p-ka-bls4-bib-apron-bls4-personalizowany-fartuch-z-kieszenia-21309\/blue-10046\/custom\/"}},{"id":24868,"name":"forest_green","class_ids":[5],"codes_hexa":["315441"],"delai_24":false,"has_3d":false,"seuil_global":0,"stock_local":0,"stock_global":150,"on_standby":false,"in_catalog":true,"images":{"miniature":["https:\/\/media.th4.com\/PxSyHFjaY4e3zdyoDDLcxqzKtN6fSrCMVAi7G64Mfv4\/pr:80\/aHR0cDovL21lZGlhMi5kZXNpZ25wYXJ0bmVyLmZyL2MvcC8yMTMwOS8yMTMwOS0yNDg2OC0xLndlYnA?v=1764072343"],"medium":["https:\/\/media.th4.com\/kONU8ZHkcp7uW_vGcI1FpFhiQQRhNOQc4kuSKwsXLgA\/pr:550x550\/aHR0cDovL21lZGlhMi5kZXNpZ25wYXJ0bmVyLmZyL2MvcC8yMTMwOS8yMTMwOS0yNDg2OC0xLndlYnA?v=1764072343"],"medium_large":["https:\/\/media.th4.com\/LxEHmzszVDlRtkLx5Y3xYA7umLqLSerk5HMDIi7nm8U\/pr:1000x1000\/aHR0cDovL21lZGlhMi5kZXNpZ25wYXJ0bmVyLmZyL2MvcC8yMTMwOS8yMTMwOS0yNDg2OC0xLndlYnA?v=1764072343"],"large":["https:\/\/media.th4.com\/MIMlg2NGfB5cYJyp8F5UUYI4b-3oEZy-TwyZV7vI-GA\/pr:1920\/aHR0cDovL21lZGlhMi5kZXNpZ25wYXJ0bmVyLmZyL2MvcC8yMTMwOS8yMTMwOS0yNDg2OC0xLndlYnA?v=1764072343"],"opengraph":["https:\/\/media.th4.com\/TRv9USxRAKEyM-5wcAJlHmeI1MxLwpZTJ7yLeCWBORU\/pr:1200x630\/aHR0cDovL21lZGlhMi5kZXNpZ25wYXJ0bmVyLmZyL2MvcC8yMTMwOS8yMTMwOS0yNDg2OC0xLndlYnA?v=1764072343"]},"images_customization":{"miniature":["https:\/\/media.th4.com\/PxSyHFjaY4e3zdyoDDLcxqzKtN6fSrCMVAi7G64Mfv4\/pr:80\/aHR0cDovL21lZGlhMi5kZXNpZ25wYXJ0bmVyLmZyL2MvcC8yMTMwOS8yMTMwOS0yNDg2OC0xLndlYnA?v=1764072343"],"medium":["https:\/\/media.th4.com\/kONU8ZHkcp7uW_vGcI1FpFhiQQRhNOQc4kuSKwsXLgA\/pr:550x550\/aHR0cDovL21lZGlhMi5kZXNpZ25wYXJ0bmVyLmZyL2MvcC8yMTMwOS8yMTMwOS0yNDg2OC0xLndlYnA?v=1764072343"],"medium_large":["https:\/\/media.th4.com\/LxEHmzszVDlRtkLx5Y3xYA7umLqLSerk5HMDIi7nm8U\/pr:1000x1000\/aHR0cDovL21lZGlhMi5kZXNpZ25wYXJ0bmVyLmZyL2MvcC8yMTMwOS8yMTMwOS0yNDg2OC0xLndlYnA?v=1764072343"],"large":["https:\/\/media.th4.com\/MIMlg2NGfB5cYJyp8F5UUYI4b-3oEZy-TwyZV7vI-GA\/pr:1920\/aHR0cDovL21lZGlhMi5kZXNpZ25wYXJ0bmVyLmZyL2MvcC8yMTMwOS8yMTMwOS0yNDg2OC0xLndlYnA?v=1764072343"],"opengraph":["https:\/\/media.th4.com\/TRv9USxRAKEyM-5wcAJlHmeI1MxLwpZTJ7yLeCWBORU\/pr:1200x630\/aHR0cDovL21lZGlhMi5kZXNpZ25wYXJ0bmVyLmZyL2MvcC8yMTMwOS8yMTMwOS0yNDg2OC0xLndlYnA?v=1764072343"]},"country_origin":"PK","traceability":{"manufacturing_country_id":92,"weaving_country_id":92,"dyeing_country_id":92},"sizes":[{"id":42,"article_id":525596,"class_id":19,"name":"taille_unique","on_standby":false,"stock_local":0,"stock_global":150,"multiple":1,"estimated_date_reassort":null,"is_destocking":false}],"page_links":{"fr":"\/fr\/p-ka-bls4-bib-apron-basic-with-buckle-tablier-bls4-21309\/forest-green-24868\/","en":"\/en\/p-ka-bls4-bib-apron-basic-with-buckle-apron-bls4-21309\/forest-green-24868\/","de":"\/de\/p-ka-bls4-bib-apron-basic-with-buckle-latzschurze-bls4-21309\/forest-green-24868\/","nl":"\/nl\/p-ka-bls4-bib-apron-basic-with-buckle-schort-bls4-21309\/forest-green-24868\/","es":"\/es\/p-ka-bls4-bib-apron-basic-with-buckle-delantal-bls4-21309\/forest-green-24868\/","it":"\/it\/p-ka-bls4-bib-apron-basic-with-buckle-grembiule-bls4-21309\/forest-green-24868\/","sv":"\/sv\/p-ka-bls4-bib-apron-basic-with-buckle-forklade-bls4-21309\/forest-green-24868\/","pt":"\/pt\/p-ka-bls4-bib-apron-basic-with-buckle-avental-bls4-21309\/forest-green-24868\/","da":"\/da\/p-ka-bls4-bib-apron-basic-with-buckle-forklaede-bls4-21309\/forest-green-24868\/","pl":"\/pl\/p-ka-bls4-bib-apron-basic-with-buckle-fartuch-bls4-21309\/forest-green-24868\/"},"page_links_customization":{"fr":"\/fr\/p-ka-bls4-bib-apron-bls4-tablier-bavette-personnalisable-21309\/forest-green-24868\/custom\/","en":"\/en\/p-ka-bls4-bib-apron-bls4-customizable-bib-apron-21309\/forest-green-24868\/custom\/","de":"\/de\/p-ka-bls4-bib-apron-bls4-verstellbare-latzschurze-21309\/forest-green-24868\/custom\/","nl":"\/nl\/p-ka-bls4-bib-apron-bls4-verstelbaar-schort-met-bavolet-21309\/forest-green-24868\/custom\/","es":"\/es\/p-ka-bls4-bib-apron-bls4-delantal-con-peto-personalizable-21309\/forest-green-24868\/custom\/","it":"\/it\/p-ka-bls4-bib-apron-bls4-grembiule-bavetta-personalizzabile-21309\/forest-green-24868\/custom\/","sv":"\/sv\/p-ka-bls4-bib-apron-bls4-justerbar-brostlappsforklade-21309\/forest-green-24868\/custom\/","pt":"\/pt\/p-ka-bls4-bib-apron-bls4-avental-com-pala-personalizavel-21309\/forest-green-24868\/custom\/","da":"\/da\/p-ka-bls4-bib-apron-bls4-forklaede-med-band-tilpasningsbart-21309\/forest-green-24868\/custom\/","pl":"\/pl\/p-ka-bls4-bib-apron-bls4-personalizowany-fartuch-z-kieszenia-21309\/forest-green-24868\/custom\/"}},{"id":24869,"name":"lime","class_ids":[5],"codes_hexa":["A7B770"],"delai_24":false,"has_3d":false,"seuil_global":0,"stock_local":0,"stock_global":150,"on_standby":false,"in_catalog":true,"images":{"miniature":["https:\/\/media.th4.com\/Tybikqk-rIlHjtOtW2XCpfIX1ZTMibAXv58Jn9vHfkw\/pr:80\/aHR0cDovL21lZGlhMi5kZXNpZ25wYXJ0bmVyLmZyL2MvcC8yMTMwOS8yMTMwOS0yNDg2OS0xLndlYnA?v=1764072343"],"medium":["https:\/\/media.th4.com\/xeY9bysm1YPUUpTf-FyEoJS4cQVhcQAnxlctDoBO5tM\/pr:550x550\/aHR0cDovL21lZGlhMi5kZXNpZ25wYXJ0bmVyLmZyL2MvcC8yMTMwOS8yMTMwOS0yNDg2OS0xLndlYnA?v=1764072343"],"medium_large":["https:\/\/media.th4.com\/Pp2eXCTXw-bxJnycqnoN1_NshK8HnyGau8GD9D1gtGs\/pr:1000x1000\/aHR0cDovL21lZGlhMi5kZXNpZ25wYXJ0bmVyLmZyL2MvcC8yMTMwOS8yMTMwOS0yNDg2OS0xLndlYnA?v=1764072343"],"large":["https:\/\/media.th4.com\/iDHsI_jpXg0VOl0xKdJvk-lMRe5TT9DvQKSmbC4oi68\/pr:1920\/aHR0cDovL21lZGlhMi5kZXNpZ25wYXJ0bmVyLmZyL2MvcC8yMTMwOS8yMTMwOS0yNDg2OS0xLndlYnA?v=1764072343"],"opengraph":["https:\/\/media.th4.com\/mFG-MCfCPdB_0rU1E3x3dwFqfJjYnsS8Kr1uYF2Rzt4\/pr:1200x630\/aHR0cDovL21lZGlhMi5kZXNpZ25wYXJ0bmVyLmZyL2MvcC8yMTMwOS8yMTMwOS0yNDg2OS0xLndlYnA?v=1764072343"]},"images_customization":{"miniature":["https:\/\/media.th4.com\/Tybikqk-rIlHjtOtW2XCpfIX1ZTMibAXv58Jn9vHfkw\/pr:80\/aHR0cDovL21lZGlhMi5kZXNpZ25wYXJ0bmVyLmZyL2MvcC8yMTMwOS8yMTMwOS0yNDg2OS0xLndlYnA?v=1764072343"],"medium":["https:\/\/media.th4.com\/xeY9bysm1YPUUpTf-FyEoJS4cQVhcQAnxlctDoBO5tM\/pr:550x550\/aHR0cDovL21lZGlhMi5kZXNpZ25wYXJ0bmVyLmZyL2MvcC8yMTMwOS8yMTMwOS0yNDg2OS0xLndlYnA?v=1764072343"],"medium_large":["https:\/\/media.th4.com\/Pp2eXCTXw-bxJnycqnoN1_NshK8HnyGau8GD9D1gtGs\/pr:1000x1000\/aHR0cDovL21lZGlhMi5kZXNpZ25wYXJ0bmVyLmZyL2MvcC8yMTMwOS8yMTMwOS0yNDg2OS0xLndlYnA?v=1764072343"],"large":["https:\/\/media.th4.com\/iDHsI_jpXg0VOl0xKdJvk-lMRe5TT9DvQKSmbC4oi68\/pr:1920\/aHR0cDovL21lZGlhMi5kZXNpZ25wYXJ0bmVyLmZyL2MvcC8yMTMwOS8yMTMwOS0yNDg2OS0xLndlYnA?v=1764072343"],"opengraph":["https:\/\/media.th4.com\/mFG-MCfCPdB_0rU1E3x3dwFqfJjYnsS8Kr1uYF2Rzt4\/pr:1200x630\/aHR0cDovL21lZGlhMi5kZXNpZ25wYXJ0bmVyLmZyL2MvcC8yMTMwOS8yMTMwOS0yNDg2OS0xLndlYnA?v=1764072343"]},"country_origin":"PK","traceability":{"manufacturing_country_id":92,"weaving_country_id":92,"dyeing_country_id":92},"sizes":[{"id":42,"article_id":525598,"class_id":19,"name":"taille_unique","on_standby":false,"stock_local":0,"stock_global":150,"multiple":1,"estimated_date_reassort":null,"is_destocking":false}],"page_links":{"fr":"\/fr\/p-ka-bls4-bib-apron-basic-with-buckle-tablier-bls4-21309\/lime-24869\/","en":"\/en\/p-ka-bls4-bib-apron-basic-with-buckle-apron-bls4-21309\/lime-24869\/","de":"\/de\/p-ka-bls4-bib-apron-basic-with-buckle-latzschurze-bls4-21309\/lime-24869\/","nl":"\/nl\/p-ka-bls4-bib-apron-basic-with-buckle-schort-bls4-21309\/lime-24869\/","es":"\/es\/p-ka-bls4-bib-apron-basic-with-buckle-delantal-bls4-21309\/lime-24869\/","it":"\/it\/p-ka-bls4-bib-apron-basic-with-buckle-grembiule-bls4-21309\/lime-24869\/","sv":"\/sv\/p-ka-bls4-bib-apron-basic-with-buckle-forklade-bls4-21309\/lime-24869\/","pt":"\/pt\/p-ka-bls4-bib-apron-basic-with-buckle-avental-bls4-21309\/lime-24869\/","da":"\/da\/p-ka-bls4-bib-apron-basic-with-buckle-forklaede-bls4-21309\/lime-24869\/","pl":"\/pl\/p-ka-bls4-bib-apron-basic-with-buckle-fartuch-bls4-21309\/lime-24869\/"},"page_links_customization":{"fr":"\/fr\/p-ka-bls4-bib-apron-bls4-tablier-bavette-personnalisable-21309\/lime-24869\/custom\/","en":"\/en\/p-ka-bls4-bib-apron-bls4-customizable-bib-apron-21309\/lime-24869\/custom\/","de":"\/de\/p-ka-bls4-bib-apron-bls4-verstellbare-latzschurze-21309\/lime-24869\/custom\/","nl":"\/nl\/p-ka-bls4-bib-apron-bls4-verstelbaar-schort-met-bavolet-21309\/lime-24869\/custom\/","es":"\/es\/p-ka-bls4-bib-apron-bls4-delantal-con-peto-personalizable-21309\/lime-24869\/custom\/","it":"\/it\/p-ka-bls4-bib-apron-bls4-grembiule-bavetta-personalizzabile-21309\/lime-24869\/custom\/","sv":"\/sv\/p-ka-bls4-bib-apron-bls4-justerbar-brostlappsforklade-21309\/lime-24869\/custom\/","pt":"\/pt\/p-ka-bls4-bib-apron-bls4-avental-com-pala-personalizavel-21309\/lime-24869\/custom\/","da":"\/da\/p-ka-bls4-bib-apron-bls4-forklaede-med-band-tilpasningsbart-21309\/lime-24869\/custom\/","pl":"\/pl\/p-ka-bls4-bib-apron-bls4-personalizowany-fartuch-z-kieszenia-21309\/lime-24869\/custom\/"}},{"id":24871,"name":"mustard","class_ids":[9],"codes_hexa":["9E7139"],"delai_24":false,"has_3d":false,"seuil_global":0,"stock_local":0,"stock_global":150,"on_standby":false,"in_catalog":true,"images":{"miniature":["https:\/\/media.th4.com\/onj6pWMUZM34UhUABCte3OzO6LSLR8WG48Fx_dOwQhM\/pr:80\/aHR0cDovL21lZGlhMi5kZXNpZ25wYXJ0bmVyLmZyL2MvcC8yMTMwOS8yMTMwOS0yNDg3MS0xLndlYnA?v=1764072344"],"medium":["https:\/\/media.th4.com\/kvFEVxN1Hc8VmMgOWeSZU-EKLrM_MJj4XS5REgeBad4\/pr:550x550\/aHR0cDovL21lZGlhMi5kZXNpZ25wYXJ0bmVyLmZyL2MvcC8yMTMwOS8yMTMwOS0yNDg3MS0xLndlYnA?v=1764072344"],"medium_large":["https:\/\/media.th4.com\/UwVkNOKd4kNrPBErRMwL0DLcb4oWGegbq2poGU3JNKQ\/pr:1000x1000\/aHR0cDovL21lZGlhMi5kZXNpZ25wYXJ0bmVyLmZyL2MvcC8yMTMwOS8yMTMwOS0yNDg3MS0xLndlYnA?v=1764072344"],"large":["https:\/\/media.th4.com\/cEbI9CNQrd04XZ8UdMlf_RudGraeSIQDSvLOd-5cpCQ\/pr:1920\/aHR0cDovL21lZGlhMi5kZXNpZ25wYXJ0bmVyLmZyL2MvcC8yMTMwOS8yMTMwOS0yNDg3MS0xLndlYnA?v=1764072344"],"opengraph":["https:\/\/media.th4.com\/Lm3zbyVuNQjmTiWzE3enSwi0CJaJ5L_9v0o1ElNhePc\/pr:1200x630\/aHR0cDovL21lZGlhMi5kZXNpZ25wYXJ0bmVyLmZyL2MvcC8yMTMwOS8yMTMwOS0yNDg3MS0xLndlYnA?v=1764072344"]},"images_customization":{"miniature":["https:\/\/media.th4.com\/onj6pWMUZM34UhUABCte3OzO6LSLR8WG48Fx_dOwQhM\/pr:80\/aHR0cDovL21lZGlhMi5kZXNpZ25wYXJ0bmVyLmZyL2MvcC8yMTMwOS8yMTMwOS0yNDg3MS0xLndlYnA?v=1764072344"],"medium":["https:\/\/media.th4.com\/kvFEVxN1Hc8VmMgOWeSZU-EKLrM_MJj4XS5REgeBad4\/pr:550x550\/aHR0cDovL21lZGlhMi5kZXNpZ25wYXJ0bmVyLmZyL2MvcC8yMTMwOS8yMTMwOS0yNDg3MS0xLndlYnA?v=1764072344"],"medium_large":["https:\/\/media.th4.com\/UwVkNOKd4kNrPBErRMwL0DLcb4oWGegbq2poGU3JNKQ\/pr:1000x1000\/aHR0cDovL21lZGlhMi5kZXNpZ25wYXJ0bmVyLmZyL2MvcC8yMTMwOS8yMTMwOS0yNDg3MS0xLndlYnA?v=1764072344"],"large":["https:\/\/media.th4.com\/cEbI9CNQrd04XZ8UdMlf_RudGraeSIQDSvLOd-5cpCQ\/pr:1920\/aHR0cDovL21lZGlhMi5kZXNpZ25wYXJ0bmVyLmZyL2MvcC8yMTMwOS8yMTMwOS0yNDg3MS0xLndlYnA?v=1764072344"],"opengraph":["https:\/\/media.th4.com\/Lm3zbyVuNQjmTiWzE3enSwi0CJaJ5L_9v0o1ElNhePc\/pr:1200x630\/aHR0cDovL21lZGlhMi5kZXNpZ25wYXJ0bmVyLmZyL2MvcC8yMTMwOS8yMTMwOS0yNDg3MS0xLndlYnA?v=1764072344"]},"country_origin":"PK","traceability":{"manufacturing_country_id":92,"weaving_country_id":92,"dyeing_country_id":92},"sizes":[{"id":42,"article_id":525600,"class_id":19,"name":"taille_unique","on_standby":false,"stock_local":0,"stock_global":150,"multiple":1,"estimated_date_reassort":null,"is_destocking":false}],"page_links":{"fr":"\/fr\/p-ka-bls4-bib-apron-basic-with-buckle-tablier-bls4-21309\/mustard-24871\/","en":"\/en\/p-ka-bls4-bib-apron-basic-with-buckle-apron-bls4-21309\/mustard-24871\/","de":"\/de\/p-ka-bls4-bib-apron-basic-with-buckle-latzschurze-bls4-21309\/mustard-24871\/","nl":"\/nl\/p-ka-bls4-bib-apron-basic-with-buckle-schort-bls4-21309\/mustard-24871\/","es":"\/es\/p-ka-bls4-bib-apron-basic-with-buckle-delantal-bls4-21309\/mustard-24871\/","it":"\/it\/p-ka-bls4-bib-apron-basic-with-buckle-grembiule-bls4-21309\/mustard-24871\/","sv":"\/sv\/p-ka-bls4-bib-apron-basic-with-buckle-forklade-bls4-21309\/mustard-24871\/","pt":"\/pt\/p-ka-bls4-bib-apron-basic-with-buckle-avental-bls4-21309\/mustard-24871\/","da":"\/da\/p-ka-bls4-bib-apron-basic-with-buckle-forklaede-bls4-21309\/mustard-24871\/","pl":"\/pl\/p-ka-bls4-bib-apron-basic-with-buckle-fartuch-bls4-21309\/mustard-24871\/"},"page_links_customization":{"fr":"\/fr\/p-ka-bls4-bib-apron-bls4-tablier-bavette-personnalisable-21309\/mustard-24871\/custom\/","en":"\/en\/p-ka-bls4-bib-apron-bls4-customizable-bib-apron-21309\/mustard-24871\/custom\/","de":"\/de\/p-ka-bls4-bib-apron-bls4-verstellbare-latzschurze-21309\/mustard-24871\/custom\/","nl":"\/nl\/p-ka-bls4-bib-apron-bls4-verstelbaar-schort-met-bavolet-21309\/mustard-24871\/custom\/","es":"\/es\/p-ka-bls4-bib-apron-bls4-delantal-con-peto-personalizable-21309\/mustard-24871\/custom\/","it":"\/it\/p-ka-bls4-bib-apron-bls4-grembiule-bavetta-personalizzabile-21309\/mustard-24871\/custom\/","sv":"\/sv\/p-ka-bls4-bib-apron-bls4-justerbar-brostlappsforklade-21309\/mustard-24871\/custom\/","pt":"\/pt\/p-ka-bls4-bib-apron-bls4-avental-com-pala-personalizavel-21309\/mustard-24871\/custom\/","da":"\/da\/p-ka-bls4-bib-apron-bls4-forklaede-med-band-tilpasningsbart-21309\/mustard-24871\/custom\/","pl":"\/pl\/p-ka-bls4-bib-apron-bls4-personalizowany-fartuch-z-kieszenia-21309\/mustard-24871\/custom\/"}},{"id":24865,"name":"aubergine","class_ids":[10],"codes_hexa":["6C3440"],"delai_24":false,"has_3d":false,"seuil_global":0,"stock_local":0,"stock_global":137,"on_standby":false,"in_catalog":true,"images":{"miniature":["https:\/\/media.th4.com\/gki5Oj3TqkBeOltVGnt7DXlZFsLf8S8c6LULYeFGskY\/pr:80\/aHR0cDovL21lZGlhMi5kZXNpZ25wYXJ0bmVyLmZyL2MvcC8yMTMwOS8yMTMwOS0yNDg2NS0xLndlYnA?v=1764072340"],"medium":["https:\/\/media.th4.com\/_659GEyes3zYTbCseqQpW3C317ZKsCrFetjwa96Q5X8\/pr:550x550\/aHR0cDovL21lZGlhMi5kZXNpZ25wYXJ0bmVyLmZyL2MvcC8yMTMwOS8yMTMwOS0yNDg2NS0xLndlYnA?v=1764072340"],"medium_large":["https:\/\/media.th4.com\/s11e6kInm8B3yxVJZxIuhfLuMGoXqhsbHpOBCKpJPQY\/pr:1000x1000\/aHR0cDovL21lZGlhMi5kZXNpZ25wYXJ0bmVyLmZyL2MvcC8yMTMwOS8yMTMwOS0yNDg2NS0xLndlYnA?v=1764072340"],"large":["https:\/\/media.th4.com\/5HC9mlKOJEuB5etfMi7msu-wEl4GEMnqMXYJlvIbloo\/pr:1920\/aHR0cDovL21lZGlhMi5kZXNpZ25wYXJ0bmVyLmZyL2MvcC8yMTMwOS8yMTMwOS0yNDg2NS0xLndlYnA?v=1764072340"],"opengraph":["https:\/\/media.th4.com\/lioUUEggG_D4SNeV4ZH54PT6KzxDlT5WpwM_0Y3FV9U\/pr:1200x630\/aHR0cDovL21lZGlhMi5kZXNpZ25wYXJ0bmVyLmZyL2MvcC8yMTMwOS8yMTMwOS0yNDg2NS0xLndlYnA?v=1764072340"]},"images_customization":{"miniature":["https:\/\/media.th4.com\/gki5Oj3TqkBeOltVGnt7DXlZFsLf8S8c6LULYeFGskY\/pr:80\/aHR0cDovL21lZGlhMi5kZXNpZ25wYXJ0bmVyLmZyL2MvcC8yMTMwOS8yMTMwOS0yNDg2NS0xLndlYnA?v=1764072340"],"medium":["https:\/\/media.th4.com\/_659GEyes3zYTbCseqQpW3C317ZKsCrFetjwa96Q5X8\/pr:550x550\/aHR0cDovL21lZGlhMi5kZXNpZ25wYXJ0bmVyLmZyL2MvcC8yMTMwOS8yMTMwOS0yNDg2NS0xLndlYnA?v=1764072340"],"medium_large":["https:\/\/media.th4.com\/s11e6kInm8B3yxVJZxIuhfLuMGoXqhsbHpOBCKpJPQY\/pr:1000x1000\/aHR0cDovL21lZGlhMi5kZXNpZ25wYXJ0bmVyLmZyL2MvcC8yMTMwOS8yMTMwOS0yNDg2NS0xLndlYnA?v=1764072340"],"large":["https:\/\/media.th4.com\/5HC9mlKOJEuB5etfMi7msu-wEl4GEMnqMXYJlvIbloo\/pr:1920\/aHR0cDovL21lZGlhMi5kZXNpZ25wYXJ0bmVyLmZyL2MvcC8yMTMwOS8yMTMwOS0yNDg2NS0xLndlYnA?v=1764072340"],"opengraph":["https:\/\/media.th4.com\/lioUUEggG_D4SNeV4ZH54PT6KzxDlT5WpwM_0Y3FV9U\/pr:1200x630\/aHR0cDovL21lZGlhMi5kZXNpZ25wYXJ0bmVyLmZyL2MvcC8yMTMwOS8yMTMwOS0yNDg2NS0xLndlYnA?v=1764072340"]},"country_origin":"PK","traceability":{"manufacturing_country_id":92,"weaving_country_id":92,"dyeing_country_id":92},"sizes":[{"id":42,"article_id":525590,"class_id":19,"name":"taille_unique","on_standby":false,"stock_local":0,"stock_global":137,"multiple":1,"estimated_date_reassort":null,"is_destocking":false}],"page_links":{"fr":"\/fr\/p-ka-bls4-bib-apron-basic-with-buckle-tablier-bls4-21309\/aubergine-24865\/","en":"\/en\/p-ka-bls4-bib-apron-basic-with-buckle-apron-bls4-21309\/aubergine-24865\/","de":"\/de\/p-ka-bls4-bib-apron-basic-with-buckle-latzschurze-bls4-21309\/aubergine-24865\/","nl":"\/nl\/p-ka-bls4-bib-apron-basic-with-buckle-schort-bls4-21309\/aubergine-24865\/","es":"\/es\/p-ka-bls4-bib-apron-basic-with-buckle-delantal-bls4-21309\/aubergine-24865\/","it":"\/it\/p-ka-bls4-bib-apron-basic-with-buckle-grembiule-bls4-21309\/aubergine-24865\/","sv":"\/sv\/p-ka-bls4-bib-apron-basic-with-buckle-forklade-bls4-21309\/aubergine-24865\/","pt":"\/pt\/p-ka-bls4-bib-apron-basic-with-buckle-avental-bls4-21309\/aubergine-24865\/","da":"\/da\/p-ka-bls4-bib-apron-basic-with-buckle-forklaede-bls4-21309\/aubergine-24865\/","pl":"\/pl\/p-ka-bls4-bib-apron-basic-with-buckle-fartuch-bls4-21309\/aubergine-24865\/"},"page_links_customization":{"fr":"\/fr\/p-ka-bls4-bib-apron-bls4-tablier-bavette-personnalisable-21309\/aubergine-24865\/custom\/","en":"\/en\/p-ka-bls4-bib-apron-bls4-customizable-bib-apron-21309\/aubergine-24865\/custom\/","de":"\/de\/p-ka-bls4-bib-apron-bls4-verstellbare-latzschurze-21309\/aubergine-24865\/custom\/","nl":"\/nl\/p-ka-bls4-bib-apron-bls4-verstelbaar-schort-met-bavolet-21309\/aubergine-24865\/custom\/","es":"\/es\/p-ka-bls4-bib-apron-bls4-delantal-con-peto-personalizable-21309\/aubergine-24865\/custom\/","it":"\/it\/p-ka-bls4-bib-apron-bls4-grembiule-bavetta-personalizzabile-21309\/aubergine-24865\/custom\/","sv":"\/sv\/p-ka-bls4-bib-apron-bls4-justerbar-brostlappsforklade-21309\/aubergine-24865\/custom\/","pt":"\/pt\/p-ka-bls4-bib-apron-bls4-avental-com-pala-personalizavel-21309\/aubergine-24865\/custom\/","da":"\/da\/p-ka-bls4-bib-apron-bls4-forklaede-med-band-tilpasningsbart-21309\/aubergine-24865\/custom\/","pl":"\/pl\/p-ka-bls4-bib-apron-bls4-personalizowany-fartuch-z-kieszenia-21309\/aubergine-24865\/custom\/"}},{"id":24872,"name":"pine_green","class_ids":[5],"codes_hexa":["364E53"],"delai_24":false,"has_3d":false,"seuil_global":0,"stock_local":0,"stock_global":136,"on_standby":false,"in_catalog":true,"images":{"miniature":["https:\/\/media.th4.com\/2qWZE-1BjG0XlyhjsRxbowHCermmgklv7nZm_N4UgeY\/pr:80\/aHR0cDovL21lZGlhMi5kZXNpZ25wYXJ0bmVyLmZyL2MvcC8yMTMwOS8yMTMwOS0yNDg3Mi0xLndlYnA?v=1764072345"],"medium":["https:\/\/media.th4.com\/icbx7dBXqSTfi4kog4Oq0D2l-Rhg_fyPyYxzod6tcHI\/pr:550x550\/aHR0cDovL21lZGlhMi5kZXNpZ25wYXJ0bmVyLmZyL2MvcC8yMTMwOS8yMTMwOS0yNDg3Mi0xLndlYnA?v=1764072345"],"medium_large":["https:\/\/media.th4.com\/UDQseSkE21ISxQN0driQqHGWj_ZejETJnMCirmkOpG4\/pr:1000x1000\/aHR0cDovL21lZGlhMi5kZXNpZ25wYXJ0bmVyLmZyL2MvcC8yMTMwOS8yMTMwOS0yNDg3Mi0xLndlYnA?v=1764072345"],"large":["https:\/\/media.th4.com\/LAR_RUg9b2tLrpwnSFbz2in10RO6BgXXoWEDyzQHt3I\/pr:1920\/aHR0cDovL21lZGlhMi5kZXNpZ25wYXJ0bmVyLmZyL2MvcC8yMTMwOS8yMTMwOS0yNDg3Mi0xLndlYnA?v=1764072345"],"opengraph":["https:\/\/media.th4.com\/kZRXdYpaOqcApCP-JctX04Z8GbNZK5aos1eCj7fYbOg\/pr:1200x630\/aHR0cDovL21lZGlhMi5kZXNpZ25wYXJ0bmVyLmZyL2MvcC8yMTMwOS8yMTMwOS0yNDg3Mi0xLndlYnA?v=1764072345"]},"images_customization":{"miniature":["https:\/\/media.th4.com\/2qWZE-1BjG0XlyhjsRxbowHCermmgklv7nZm_N4UgeY\/pr:80\/aHR0cDovL21lZGlhMi5kZXNpZ25wYXJ0bmVyLmZyL2MvcC8yMTMwOS8yMTMwOS0yNDg3Mi0xLndlYnA?v=1764072345"],"medium":["https:\/\/media.th4.com\/icbx7dBXqSTfi4kog4Oq0D2l-Rhg_fyPyYxzod6tcHI\/pr:550x550\/aHR0cDovL21lZGlhMi5kZXNpZ25wYXJ0bmVyLmZyL2MvcC8yMTMwOS8yMTMwOS0yNDg3Mi0xLndlYnA?v=1764072345"],"medium_large":["https:\/\/media.th4.com\/UDQseSkE21ISxQN0driQqHGWj_ZejETJnMCirmkOpG4\/pr:1000x1000\/aHR0cDovL21lZGlhMi5kZXNpZ25wYXJ0bmVyLmZyL2MvcC8yMTMwOS8yMTMwOS0yNDg3Mi0xLndlYnA?v=1764072345"],"large":["https:\/\/media.th4.com\/LAR_RUg9b2tLrpwnSFbz2in10RO6BgXXoWEDyzQHt3I\/pr:1920\/aHR0cDovL21lZGlhMi5kZXNpZ25wYXJ0bmVyLmZyL2MvcC8yMTMwOS8yMTMwOS0yNDg3Mi0xLndlYnA?v=1764072345"],"opengraph":["https:\/\/media.th4.com\/kZRXdYpaOqcApCP-JctX04Z8GbNZK5aos1eCj7fYbOg\/pr:1200x630\/aHR0cDovL21lZGlhMi5kZXNpZ25wYXJ0bmVyLmZyL2MvcC8yMTMwOS8yMTMwOS0yNDg3Mi0xLndlYnA?v=1764072345"]},"country_origin":"PK","traceability":{"manufacturing_country_id":92,"weaving_country_id":92,"dyeing_country_id":92},"sizes":[{"id":42,"article_id":525602,"class_id":19,"name":"taille_unique","on_standby":false,"stock_local":0,"stock_global":136,"multiple":1,"estimated_date_reassort":null,"is_destocking":false}],"page_links":{"fr":"\/fr\/p-ka-bls4-bib-apron-basic-with-buckle-tablier-bls4-21309\/pine-green-24872\/","en":"\/en\/p-ka-bls4-bib-apron-basic-with-buckle-apron-bls4-21309\/pine-green-24872\/","de":"\/de\/p-ka-bls4-bib-apron-basic-with-buckle-latzschurze-bls4-21309\/pine-green-24872\/","nl":"\/nl\/p-ka-bls4-bib-apron-basic-with-buckle-schort-bls4-21309\/pine-green-24872\/","es":"\/es\/p-ka-bls4-bib-apron-basic-with-buckle-delantal-bls4-21309\/pine-green-24872\/","it":"\/it\/p-ka-bls4-bib-apron-basic-with-buckle-grembiule-bls4-21309\/pine-green-24872\/","sv":"\/sv\/p-ka-bls4-bib-apron-basic-with-buckle-forklade-bls4-21309\/pine-green-24872\/","pt":"\/pt\/p-ka-bls4-bib-apron-basic-with-buckle-avental-bls4-21309\/pine-green-24872\/","da":"\/da\/p-ka-bls4-bib-apron-basic-with-buckle-forklaede-bls4-21309\/pine-green-24872\/","pl":"\/pl\/p-ka-bls4-bib-apron-basic-with-buckle-fartuch-bls4-21309\/pine-green-24872\/"},"page_links_customization":{"fr":"\/fr\/p-ka-bls4-bib-apron-bls4-tablier-bavette-personnalisable-21309\/pine-green-24872\/custom\/","en":"\/en\/p-ka-bls4-bib-apron-bls4-customizable-bib-apron-21309\/pine-green-24872\/custom\/","de":"\/de\/p-ka-bls4-bib-apron-bls4-verstellbare-latzschurze-21309\/pine-green-24872\/custom\/","nl":"\/nl\/p-ka-bls4-bib-apron-bls4-verstelbaar-schort-met-bavolet-21309\/pine-green-24872\/custom\/","es":"\/es\/p-ka-bls4-bib-apron-bls4-delantal-con-peto-personalizable-21309\/pine-green-24872\/custom\/","it":"\/it\/p-ka-bls4-bib-apron-bls4-grembiule-bavetta-personalizzabile-21309\/pine-green-24872\/custom\/","sv":"\/sv\/p-ka-bls4-bib-apron-bls4-justerbar-brostlappsforklade-21309\/pine-green-24872\/custom\/","pt":"\/pt\/p-ka-bls4-bib-apron-bls4-avental-com-pala-personalizavel-21309\/pine-green-24872\/custom\/","da":"\/da\/p-ka-bls4-bib-apron-bls4-forklaede-med-band-tilpasningsbart-21309\/pine-green-24872\/custom\/","pl":"\/pl\/p-ka-bls4-bib-apron-bls4-personalizowany-fartuch-z-kieszenia-21309\/pine-green-24872\/custom\/"}},{"id":24867,"name":"camel","class_ids":[11],"codes_hexa":["6A5837"],"delai_24":false,"has_3d":false,"seuil_global":0,"stock_local":0,"stock_global":113,"on_standby":false,"in_catalog":true,"images":{"miniature":["https:\/\/media.th4.com\/kxpDqOKxneBHGpnpJOzjKIpSHNUm0SAb1rYxhWXrK1Y\/pr:80\/aHR0cDovL21lZGlhMi5kZXNpZ25wYXJ0bmVyLmZyL2MvcC8yMTMwOS8yMTMwOS0yNDg2Ny0xLndlYnA?v=1764072342"],"medium":["https:\/\/media.th4.com\/oVjohxnMlxvExsQ6o-cccFbx_6rOIkaPRlOfri_hyzk\/pr:550x550\/aHR0cDovL21lZGlhMi5kZXNpZ25wYXJ0bmVyLmZyL2MvcC8yMTMwOS8yMTMwOS0yNDg2Ny0xLndlYnA?v=1764072342"],"medium_large":["https:\/\/media.th4.com\/X7lhsPsR8dQ6BDLBumxelXdYZcfVTL7HiOrUVpi2evA\/pr:1000x1000\/aHR0cDovL21lZGlhMi5kZXNpZ25wYXJ0bmVyLmZyL2MvcC8yMTMwOS8yMTMwOS0yNDg2Ny0xLndlYnA?v=1764072342"],"large":["https:\/\/media.th4.com\/1VO6FMPVw-wAlNCx8BQKzro_z90uCUYZVT-Ri9lnG5g\/pr:1920\/aHR0cDovL21lZGlhMi5kZXNpZ25wYXJ0bmVyLmZyL2MvcC8yMTMwOS8yMTMwOS0yNDg2Ny0xLndlYnA?v=1764072342"],"opengraph":["https:\/\/media.th4.com\/wzBwz4IYFAQVWvUwCEJLCES-gcxLSZuPsds7NoOIv1o\/pr:1200x630\/aHR0cDovL21lZGlhMi5kZXNpZ25wYXJ0bmVyLmZyL2MvcC8yMTMwOS8yMTMwOS0yNDg2Ny0xLndlYnA?v=1764072342"]},"images_customization":{"miniature":["https:\/\/media.th4.com\/kxpDqOKxneBHGpnpJOzjKIpSHNUm0SAb1rYxhWXrK1Y\/pr:80\/aHR0cDovL21lZGlhMi5kZXNpZ25wYXJ0bmVyLmZyL2MvcC8yMTMwOS8yMTMwOS0yNDg2Ny0xLndlYnA?v=1764072342"],"medium":["https:\/\/media.th4.com\/oVjohxnMlxvExsQ6o-cccFbx_6rOIkaPRlOfri_hyzk\/pr:550x550\/aHR0cDovL21lZGlhMi5kZXNpZ25wYXJ0bmVyLmZyL2MvcC8yMTMwOS8yMTMwOS0yNDg2Ny0xLndlYnA?v=1764072342"],"medium_large":["https:\/\/media.th4.com\/X7lhsPsR8dQ6BDLBumxelXdYZcfVTL7HiOrUVpi2evA\/pr:1000x1000\/aHR0cDovL21lZGlhMi5kZXNpZ25wYXJ0bmVyLmZyL2MvcC8yMTMwOS8yMTMwOS0yNDg2Ny0xLndlYnA?v=1764072342"],"large":["https:\/\/media.th4.com\/1VO6FMPVw-wAlNCx8BQKzro_z90uCUYZVT-Ri9lnG5g\/pr:1920\/aHR0cDovL21lZGlhMi5kZXNpZ25wYXJ0bmVyLmZyL2MvcC8yMTMwOS8yMTMwOS0yNDg2Ny0xLndlYnA?v=1764072342"],"opengraph":["https:\/\/media.th4.com\/wzBwz4IYFAQVWvUwCEJLCES-gcxLSZuPsds7NoOIv1o\/pr:1200x630\/aHR0cDovL21lZGlhMi5kZXNpZ25wYXJ0bmVyLmZyL2MvcC8yMTMwOS8yMTMwOS0yNDg2Ny0xLndlYnA?v=1764072342"]},"country_origin":"PK","traceability":{"manufacturing_country_id":92,"weaving_country_id":92,"dyeing_country_id":92},"sizes":[{"id":42,"article_id":525595,"class_id":19,"name":"taille_unique","on_standby":false,"stock_local":0,"stock_global":113,"multiple":1,"estimated_date_reassort":null,"is_destocking":false}],"page_links":{"fr":"\/fr\/p-ka-bls4-bib-apron-basic-with-buckle-tablier-bls4-21309\/camel-24867\/","en":"\/en\/p-ka-bls4-bib-apron-basic-with-buckle-apron-bls4-21309\/camel-24867\/","de":"\/de\/p-ka-bls4-bib-apron-basic-with-buckle-latzschurze-bls4-21309\/camel-24867\/","nl":"\/nl\/p-ka-bls4-bib-apron-basic-with-buckle-schort-bls4-21309\/camel-24867\/","es":"\/es\/p-ka-bls4-bib-apron-basic-with-buckle-delantal-bls4-21309\/camel-24867\/","it":"\/it\/p-ka-bls4-bib-apron-basic-with-buckle-grembiule-bls4-21309\/camel-24867\/","sv":"\/sv\/p-ka-bls4-bib-apron-basic-with-buckle-forklade-bls4-21309\/camel-24867\/","pt":"\/pt\/p-ka-bls4-bib-apron-basic-with-buckle-avental-bls4-21309\/camel-24867\/","da":"\/da\/p-ka-bls4-bib-apron-basic-with-buckle-forklaede-bls4-21309\/camel-24867\/","pl":"\/pl\/p-ka-bls4-bib-apron-basic-with-buckle-fartuch-bls4-21309\/camel-24867\/"},"page_links_customization":{"fr":"\/fr\/p-ka-bls4-bib-apron-bls4-tablier-bavette-personnalisable-21309\/camel-24867\/custom\/","en":"\/en\/p-ka-bls4-bib-apron-bls4-customizable-bib-apron-21309\/camel-24867\/custom\/","de":"\/de\/p-ka-bls4-bib-apron-bls4-verstellbare-latzschurze-21309\/camel-24867\/custom\/","nl":"\/nl\/p-ka-bls4-bib-apron-bls4-verstelbaar-schort-met-bavolet-21309\/camel-24867\/custom\/","es":"\/es\/p-ka-bls4-bib-apron-bls4-delantal-con-peto-personalizable-21309\/camel-24867\/custom\/","it":"\/it\/p-ka-bls4-bib-apron-bls4-grembiule-bavetta-personalizzabile-21309\/camel-24867\/custom\/","sv":"\/sv\/p-ka-bls4-bib-apron-bls4-justerbar-brostlappsforklade-21309\/camel-24867\/custom\/","pt":"\/pt\/p-ka-bls4-bib-apron-bls4-avental-com-pala-personalizavel-21309\/camel-24867\/custom\/","da":"\/da\/p-ka-bls4-bib-apron-bls4-forklaede-med-band-tilpasningsbart-21309\/camel-24867\/custom\/","pl":"\/pl\/p-ka-bls4-bib-apron-bls4-personalizowany-fartuch-z-kieszenia-21309\/camel-24867\/custom\/"}},{"id":10079,"name":"light_brown","class_ids":[11],"codes_hexa":["5B4B4B"],"delai_24":false,"has_3d":false,"seuil_global":0,"stock_local":0,"stock_global":101,"on_standby":false,"in_catalog":true,"images":{"miniature":["https:\/\/media.th4.com\/VgYvARxT3chXcIOoTp7wiPw0xhhyDND9o-1VR1P6m_M\/pr:80\/aHR0cDovL21lZGlhMi5kZXNpZ25wYXJ0bmVyLmZyL2MvcC8yMTMwOS8yMTMwOS0xMDA3OS0xLndlYnA?v=1764072343"],"medium":["https:\/\/media.th4.com\/FnrwW6ScvniMcFm6hKpbu8K8RLCz5MZ-Hr1sXeDeI70\/pr:550x550\/aHR0cDovL21lZGlhMi5kZXNpZ25wYXJ0bmVyLmZyL2MvcC8yMTMwOS8yMTMwOS0xMDA3OS0xLndlYnA?v=1764072343"],"medium_large":["https:\/\/media.th4.com\/aXlq4p9HtfzqTBqaC6Sxa44tiCqgjlPhmuDZI680QFw\/pr:1000x1000\/aHR0cDovL21lZGlhMi5kZXNpZ25wYXJ0bmVyLmZyL2MvcC8yMTMwOS8yMTMwOS0xMDA3OS0xLndlYnA?v=1764072343"],"large":["https:\/\/media.th4.com\/7HjXAH-gPRV946sz1FmczKl7ns3atOdNDKmcun0zoyk\/pr:1920\/aHR0cDovL21lZGlhMi5kZXNpZ25wYXJ0bmVyLmZyL2MvcC8yMTMwOS8yMTMwOS0xMDA3OS0xLndlYnA?v=1764072343"],"opengraph":["https:\/\/media.th4.com\/h5OW6NM6bnjNAXhb5dRH6rDf0ujtXAI-p7LBxShh0g8\/pr:1200x630\/aHR0cDovL21lZGlhMi5kZXNpZ25wYXJ0bmVyLmZyL2MvcC8yMTMwOS8yMTMwOS0xMDA3OS0xLndlYnA?v=1764072343"]},"images_customization":{"miniature":["https:\/\/media.th4.com\/VgYvARxT3chXcIOoTp7wiPw0xhhyDND9o-1VR1P6m_M\/pr:80\/aHR0cDovL21lZGlhMi5kZXNpZ25wYXJ0bmVyLmZyL2MvcC8yMTMwOS8yMTMwOS0xMDA3OS0xLndlYnA?v=1764072343"],"medium":["https:\/\/media.th4.com\/FnrwW6ScvniMcFm6hKpbu8K8RLCz5MZ-Hr1sXeDeI70\/pr:550x550\/aHR0cDovL21lZGlhMi5kZXNpZ25wYXJ0bmVyLmZyL2MvcC8yMTMwOS8yMTMwOS0xMDA3OS0xLndlYnA?v=1764072343"],"medium_large":["https:\/\/media.th4.com\/aXlq4p9HtfzqTBqaC6Sxa44tiCqgjlPhmuDZI680QFw\/pr:1000x1000\/aHR0cDovL21lZGlhMi5kZXNpZ25wYXJ0bmVyLmZyL2MvcC8yMTMwOS8yMTMwOS0xMDA3OS0xLndlYnA?v=1764072343"],"large":["https:\/\/media.th4.com\/7HjXAH-gPRV946sz1FmczKl7ns3atOdNDKmcun0zoyk\/pr:1920\/aHR0cDovL21lZGlhMi5kZXNpZ25wYXJ0bmVyLmZyL2MvcC8yMTMwOS8yMTMwOS0xMDA3OS0xLndlYnA?v=1764072343"],"opengraph":["https:\/\/media.th4.com\/h5OW6NM6bnjNAXhb5dRH6rDf0ujtXAI-p7LBxShh0g8\/pr:1200x630\/aHR0cDovL21lZGlhMi5kZXNpZ25wYXJ0bmVyLmZyL2MvcC8yMTMwOS8yMTMwOS0xMDA3OS0xLndlYnA?v=1764072343"]},"country_origin":"PK","traceability":{"manufacturing_country_id":92,"weaving_country_id":92,"dyeing_country_id":92},"sizes":[{"id":42,"article_id":525597,"class_id":19,"name":"taille_unique","on_standby":false,"stock_local":0,"stock_global":101,"multiple":1,"estimated_date_reassort":null,"is_destocking":false}],"page_links":{"fr":"\/fr\/p-ka-bls4-bib-apron-basic-with-buckle-tablier-bls4-21309\/light-brown-10079\/","en":"\/en\/p-ka-bls4-bib-apron-basic-with-buckle-apron-bls4-21309\/light-brown-10079\/","de":"\/de\/p-ka-bls4-bib-apron-basic-with-buckle-latzschurze-bls4-21309\/light-brown-10079\/","nl":"\/nl\/p-ka-bls4-bib-apron-basic-with-buckle-schort-bls4-21309\/light-brown-10079\/","es":"\/es\/p-ka-bls4-bib-apron-basic-with-buckle-delantal-bls4-21309\/light-brown-10079\/","it":"\/it\/p-ka-bls4-bib-apron-basic-with-buckle-grembiule-bls4-21309\/light-brown-10079\/","sv":"\/sv\/p-ka-bls4-bib-apron-basic-with-buckle-forklade-bls4-21309\/light-brown-10079\/","pt":"\/pt\/p-ka-bls4-bib-apron-basic-with-buckle-avental-bls4-21309\/light-brown-10079\/","da":"\/da\/p-ka-bls4-bib-apron-basic-with-buckle-forklaede-bls4-21309\/light-brown-10079\/","pl":"\/pl\/p-ka-bls4-bib-apron-basic-with-buckle-fartuch-bls4-21309\/light-brown-10079\/"},"page_links_customization":{"fr":"\/fr\/p-ka-bls4-bib-apron-bls4-tablier-bavette-personnalisable-21309\/light-brown-10079\/custom\/","en":"\/en\/p-ka-bls4-bib-apron-bls4-customizable-bib-apron-21309\/light-brown-10079\/custom\/","de":"\/de\/p-ka-bls4-bib-apron-bls4-verstellbare-latzschurze-21309\/light-brown-10079\/custom\/","nl":"\/nl\/p-ka-bls4-bib-apron-bls4-verstelbaar-schort-met-bavolet-21309\/light-brown-10079\/custom\/","es":"\/es\/p-ka-bls4-bib-apron-bls4-delantal-con-peto-personalizable-21309\/light-brown-10079\/custom\/","it":"\/it\/p-ka-bls4-bib-apron-bls4-grembiule-bavetta-personalizzabile-21309\/light-brown-10079\/custom\/","sv":"\/sv\/p-ka-bls4-bib-apron-bls4-justerbar-brostlappsforklade-21309\/light-brown-10079\/custom\/","pt":"\/pt\/p-ka-bls4-bib-apron-bls4-avental-com-pala-personalizavel-21309\/light-brown-10079\/custom\/","da":"\/da\/p-ka-bls4-bib-apron-bls4-forklaede-med-band-tilpasningsbart-21309\/light-brown-10079\/custom\/","pl":"\/pl\/p-ka-bls4-bib-apron-bls4-personalizowany-fartuch-z-kieszenia-21309\/light-brown-10079\/custom\/"}},{"id":24866,"name":"basalt_grey","class_ids":[3],"codes_hexa":["948F8E"],"delai_24":false,"has_3d":false,"seuil_global":0,"stock_local":0,"stock_global":93,"on_standby":false,"in_catalog":true,"images":{"miniature":["https:\/\/media.th4.com\/q7SLC7GiEBnL6tRDAuO0bcfv9fONJYgX2kBTLIXFq0Y\/pr:80\/aHR0cDovL21lZGlhMi5kZXNpZ25wYXJ0bmVyLmZyL2MvcC8yMTMwOS8yMTMwOS0yNDg2Ni0xLndlYnA?v=1764072340"],"medium":["https:\/\/media.th4.com\/MsUEcZVxoj8DxNIpZF1-0RI3n53vGZBNmUdYj-a2FHk\/pr:550x550\/aHR0cDovL21lZGlhMi5kZXNpZ25wYXJ0bmVyLmZyL2MvcC8yMTMwOS8yMTMwOS0yNDg2Ni0xLndlYnA?v=1764072340"],"medium_large":["https:\/\/media.th4.com\/KfzdfcWFHhFy7Nq0jSMJ0sjD5H-7xvOiKbGyY7H8mUY\/pr:1000x1000\/aHR0cDovL21lZGlhMi5kZXNpZ25wYXJ0bmVyLmZyL2MvcC8yMTMwOS8yMTMwOS0yNDg2Ni0xLndlYnA?v=1764072340"],"large":["https:\/\/media.th4.com\/xaWesoI2drAUz77GCDJe3_T-Ab2daVXIBPuaNXTSX_Y\/pr:1920\/aHR0cDovL21lZGlhMi5kZXNpZ25wYXJ0bmVyLmZyL2MvcC8yMTMwOS8yMTMwOS0yNDg2Ni0xLndlYnA?v=1764072340"],"opengraph":["https:\/\/media.th4.com\/Prll8zj39Jg7JHDCPewwBT_cL_qZPCSfOMGUgl7P9M4\/pr:1200x630\/aHR0cDovL21lZGlhMi5kZXNpZ25wYXJ0bmVyLmZyL2MvcC8yMTMwOS8yMTMwOS0yNDg2Ni0xLndlYnA?v=1764072340"]},"images_customization":{"miniature":["https:\/\/media.th4.com\/q7SLC7GiEBnL6tRDAuO0bcfv9fONJYgX2kBTLIXFq0Y\/pr:80\/aHR0cDovL21lZGlhMi5kZXNpZ25wYXJ0bmVyLmZyL2MvcC8yMTMwOS8yMTMwOS0yNDg2Ni0xLndlYnA?v=1764072340"],"medium":["https:\/\/media.th4.com\/MsUEcZVxoj8DxNIpZF1-0RI3n53vGZBNmUdYj-a2FHk\/pr:550x550\/aHR0cDovL21lZGlhMi5kZXNpZ25wYXJ0bmVyLmZyL2MvcC8yMTMwOS8yMTMwOS0yNDg2Ni0xLndlYnA?v=1764072340"],"medium_large":["https:\/\/media.th4.com\/KfzdfcWFHhFy7Nq0jSMJ0sjD5H-7xvOiKbGyY7H8mUY\/pr:1000x1000\/aHR0cDovL21lZGlhMi5kZXNpZ25wYXJ0bmVyLmZyL2MvcC8yMTMwOS8yMTMwOS0yNDg2Ni0xLndlYnA?v=1764072340"],"large":["https:\/\/media.th4.com\/xaWesoI2drAUz77GCDJe3_T-Ab2daVXIBPuaNXTSX_Y\/pr:1920\/aHR0cDovL21lZGlhMi5kZXNpZ25wYXJ0bmVyLmZyL2MvcC8yMTMwOS8yMTMwOS0yNDg2Ni0xLndlYnA?v=1764072340"],"opengraph":["https:\/\/media.th4.com\/Prll8zj39Jg7JHDCPewwBT_cL_qZPCSfOMGUgl7P9M4\/pr:1200x630\/aHR0cDovL21lZGlhMi5kZXNpZ25wYXJ0bmVyLmZyL2MvcC8yMTMwOS8yMTMwOS0yNDg2Ni0xLndlYnA?v=1764072340"]},"country_origin":"PK","traceability":{"manufacturing_country_id":92,"weaving_country_id":92,"dyeing_country_id":92},"sizes":[{"id":42,"article_id":525591,"class_id":19,"name":"taille_unique","on_standby":false,"stock_local":0,"stock_global":93,"multiple":1,"estimated_date_reassort":null,"is_destocking":false}],"page_links":{"fr":"\/fr\/p-ka-bls4-bib-apron-basic-with-buckle-tablier-bls4-21309\/basalt-grey-24866\/","en":"\/en\/p-ka-bls4-bib-apron-basic-with-buckle-apron-bls4-21309\/basalt-grey-24866\/","de":"\/de\/p-ka-bls4-bib-apron-basic-with-buckle-latzschurze-bls4-21309\/basalt-grey-24866\/","nl":"\/nl\/p-ka-bls4-bib-apron-basic-with-buckle-schort-bls4-21309\/basalt-grey-24866\/","es":"\/es\/p-ka-bls4-bib-apron-basic-with-buckle-delantal-bls4-21309\/basalt-grey-24866\/","it":"\/it\/p-ka-bls4-bib-apron-basic-with-buckle-grembiule-bls4-21309\/basalt-grey-24866\/","sv":"\/sv\/p-ka-bls4-bib-apron-basic-with-buckle-forklade-bls4-21309\/basalt-grey-24866\/","pt":"\/pt\/p-ka-bls4-bib-apron-basic-with-buckle-avental-bls4-21309\/basalt-grey-24866\/","da":"\/da\/p-ka-bls4-bib-apron-basic-with-buckle-forklaede-bls4-21309\/basalt-grey-24866\/","pl":"\/pl\/p-ka-bls4-bib-apron-basic-with-buckle-fartuch-bls4-21309\/basalt-grey-24866\/"},"page_links_customization":{"fr":"\/fr\/p-ka-bls4-bib-apron-bls4-tablier-bavette-personnalisable-21309\/basalt-grey-24866\/custom\/","en":"\/en\/p-ka-bls4-bib-apron-bls4-customizable-bib-apron-21309\/basalt-grey-24866\/custom\/","de":"\/de\/p-ka-bls4-bib-apron-bls4-verstellbare-latzschurze-21309\/basalt-grey-24866\/custom\/","nl":"\/nl\/p-ka-bls4-bib-apron-bls4-verstelbaar-schort-met-bavolet-21309\/basalt-grey-24866\/custom\/","es":"\/es\/p-ka-bls4-bib-apron-bls4-delantal-con-peto-personalizable-21309\/basalt-grey-24866\/custom\/","it":"\/it\/p-ka-bls4-bib-apron-bls4-grembiule-bavetta-personalizzabile-21309\/basalt-grey-24866\/custom\/","sv":"\/sv\/p-ka-bls4-bib-apron-bls4-justerbar-brostlappsforklade-21309\/basalt-grey-24866\/custom\/","pt":"\/pt\/p-ka-bls4-bib-apron-bls4-avental-com-pala-personalizavel-21309\/basalt-grey-24866\/custom\/","da":"\/da\/p-ka-bls4-bib-apron-bls4-forklaede-med-band-tilpasningsbart-21309\/basalt-grey-24866\/custom\/","pl":"\/pl\/p-ka-bls4-bib-apron-bls4-personalizowany-fartuch-z-kieszenia-21309\/basalt-grey-24866\/custom\/"}},{"id":24870,"name":"moss_green","class_ids":[5],"codes_hexa":["595949"],"delai_24":false,"has_3d":false,"seuil_global":0,"stock_local":0,"stock_global":93,"on_standby":false,"in_catalog":true,"images":{"miniature":["https:\/\/media.th4.com\/fT9EBpIMwICoXTw62-vfnIPguNUF6gE3s7MTdWgEx_E\/pr:80\/aHR0cDovL21lZGlhMi5kZXNpZ25wYXJ0bmVyLmZyL2MvcC8yMTMwOS8yMTMwOS0yNDg3MC0xLndlYnA?v=1764072344"],"medium":["https:\/\/media.th4.com\/QW0xNPLmPQF_fgnsPux8B-G-nRj8eWo7Zlgm-pifTtg\/pr:550x550\/aHR0cDovL21lZGlhMi5kZXNpZ25wYXJ0bmVyLmZyL2MvcC8yMTMwOS8yMTMwOS0yNDg3MC0xLndlYnA?v=1764072344"],"medium_large":["https:\/\/media.th4.com\/41nuNxUhUp5DUjioV-1Tkj0AhtZPK_CUCK5GXqijbFs\/pr:1000x1000\/aHR0cDovL21lZGlhMi5kZXNpZ25wYXJ0bmVyLmZyL2MvcC8yMTMwOS8yMTMwOS0yNDg3MC0xLndlYnA?v=1764072344"],"large":["https:\/\/media.th4.com\/Jn2wE7wYVj0967isttI1GQiKY9knJmt_ivDl9hNX3MQ\/pr:1920\/aHR0cDovL21lZGlhMi5kZXNpZ25wYXJ0bmVyLmZyL2MvcC8yMTMwOS8yMTMwOS0yNDg3MC0xLndlYnA?v=1764072344"],"opengraph":["https:\/\/media.th4.com\/kj9VL1GWIyGrLdQqaRZH9XCguDpOoq92aQC6SrMkUBQ\/pr:1200x630\/aHR0cDovL21lZGlhMi5kZXNpZ25wYXJ0bmVyLmZyL2MvcC8yMTMwOS8yMTMwOS0yNDg3MC0xLndlYnA?v=1764072344"]},"images_customization":{"miniature":["https:\/\/media.th4.com\/fT9EBpIMwICoXTw62-vfnIPguNUF6gE3s7MTdWgEx_E\/pr:80\/aHR0cDovL21lZGlhMi5kZXNpZ25wYXJ0bmVyLmZyL2MvcC8yMTMwOS8yMTMwOS0yNDg3MC0xLndlYnA?v=1764072344"],"medium":["https:\/\/media.th4.com\/QW0xNPLmPQF_fgnsPux8B-G-nRj8eWo7Zlgm-pifTtg\/pr:550x550\/aHR0cDovL21lZGlhMi5kZXNpZ25wYXJ0bmVyLmZyL2MvcC8yMTMwOS8yMTMwOS0yNDg3MC0xLndlYnA?v=1764072344"],"medium_large":["https:\/\/media.th4.com\/41nuNxUhUp5DUjioV-1Tkj0AhtZPK_CUCK5GXqijbFs\/pr:1000x1000\/aHR0cDovL21lZGlhMi5kZXNpZ25wYXJ0bmVyLmZyL2MvcC8yMTMwOS8yMTMwOS0yNDg3MC0xLndlYnA?v=1764072344"],"large":["https:\/\/media.th4.com\/Jn2wE7wYVj0967isttI1GQiKY9knJmt_ivDl9hNX3MQ\/pr:1920\/aHR0cDovL21lZGlhMi5kZXNpZ25wYXJ0bmVyLmZyL2MvcC8yMTMwOS8yMTMwOS0yNDg3MC0xLndlYnA?v=1764072344"],"opengraph":["https:\/\/media.th4.com\/kj9VL1GWIyGrLdQqaRZH9XCguDpOoq92aQC6SrMkUBQ\/pr:1200x630\/aHR0cDovL21lZGlhMi5kZXNpZ25wYXJ0bmVyLmZyL2MvcC8yMTMwOS8yMTMwOS0yNDg3MC0xLndlYnA?v=1764072344"]},"country_origin":"PK","traceability":{"manufacturing_country_id":92,"weaving_country_id":92,"dyeing_country_id":92},"sizes":[{"id":42,"article_id":525599,"class_id":19,"name":"taille_unique","on_standby":false,"stock_local":0,"stock_global":93,"multiple":1,"estimated_date_reassort":null,"is_destocking":false}],"page_links":{"fr":"\/fr\/p-ka-bls4-bib-apron-basic-with-buckle-tablier-bls4-21309\/moss-green-24870\/","en":"\/en\/p-ka-bls4-bib-apron-basic-with-buckle-apron-bls4-21309\/moss-green-24870\/","de":"\/de\/p-ka-bls4-bib-apron-basic-with-buckle-latzschurze-bls4-21309\/moss-green-24870\/","nl":"\/nl\/p-ka-bls4-bib-apron-basic-with-buckle-schort-bls4-21309\/moss-green-24870\/","es":"\/es\/p-ka-bls4-bib-apron-basic-with-buckle-delantal-bls4-21309\/moss-green-24870\/","it":"\/it\/p-ka-bls4-bib-apron-basic-with-buckle-grembiule-bls4-21309\/moss-green-24870\/","sv":"\/sv\/p-ka-bls4-bib-apron-basic-with-buckle-forklade-bls4-21309\/moss-green-24870\/","pt":"\/pt\/p-ka-bls4-bib-apron-basic-with-buckle-avental-bls4-21309\/moss-green-24870\/","da":"\/da\/p-ka-bls4-bib-apron-basic-with-buckle-forklaede-bls4-21309\/moss-green-24870\/","pl":"\/pl\/p-ka-bls4-bib-apron-basic-with-buckle-fartuch-bls4-21309\/moss-green-24870\/"},"page_links_customization":{"fr":"\/fr\/p-ka-bls4-bib-apron-bls4-tablier-bavette-personnalisable-21309\/moss-green-24870\/custom\/","en":"\/en\/p-ka-bls4-bib-apron-bls4-customizable-bib-apron-21309\/moss-green-24870\/custom\/","de":"\/de\/p-ka-bls4-bib-apron-bls4-verstellbare-latzschurze-21309\/moss-green-24870\/custom\/","nl":"\/nl\/p-ka-bls4-bib-apron-bls4-verstelbaar-schort-met-bavolet-21309\/moss-green-24870\/custom\/","es":"\/es\/p-ka-bls4-bib-apron-bls4-delantal-con-peto-personalizable-21309\/moss-green-24870\/custom\/","it":"\/it\/p-ka-bls4-bib-apron-bls4-grembiule-bavetta-personalizzabile-21309\/moss-green-24870\/custom\/","sv":"\/sv\/p-ka-bls4-bib-apron-bls4-justerbar-brostlappsforklade-21309\/moss-green-24870\/custom\/","pt":"\/pt\/p-ka-bls4-bib-apron-bls4-avental-com-pala-personalizavel-21309\/moss-green-24870\/custom\/","da":"\/da\/p-ka-bls4-bib-apron-bls4-forklaede-med-band-tilpasningsbart-21309\/moss-green-24870\/custom\/","pl":"\/pl\/p-ka-bls4-bib-apron-bls4-personalizowany-fartuch-z-kieszenia-21309\/moss-green-24870\/custom\/"}},{"id":10051,"name":"bordeaux","class_ids":[6],"codes_hexa":["7D2011"],"delai_24":false,"has_3d":false,"seuil_global":0,"stock_local":0,"stock_global":84,"on_standby":false,"in_catalog":true,"images":{"miniature":["https:\/\/media.th4.com\/AuVjKt7YC1MdD7iW4RRfLtkjiH9KMxwUFxaBzKj2Kp8\/pr:80\/aHR0cDovL21lZGlhMi5kZXNpZ25wYXJ0bmVyLmZyL2MvcC8yMTMwOS8yMTMwOS0xMDA1MS0xLndlYnA?v=1764072342"],"medium":["https:\/\/media.th4.com\/-qklEDgklfgQgbHvkEs3iiSMX54vumMU8w7-8k3rBt8\/pr:550x550\/aHR0cDovL21lZGlhMi5kZXNpZ25wYXJ0bmVyLmZyL2MvcC8yMTMwOS8yMTMwOS0xMDA1MS0xLndlYnA?v=1764072342"],"medium_large":["https:\/\/media.th4.com\/P-1lDWg5EKU90uyaz8v_Te2GysSWMa3YnHheQduNKX8\/pr:1000x1000\/aHR0cDovL21lZGlhMi5kZXNpZ25wYXJ0bmVyLmZyL2MvcC8yMTMwOS8yMTMwOS0xMDA1MS0xLndlYnA?v=1764072342"],"large":["https:\/\/media.th4.com\/uvj_DBJKxldXfQM4pFOgIoIQ0bUwPD6jBGGWQjLRH5w\/pr:1920\/aHR0cDovL21lZGlhMi5kZXNpZ25wYXJ0bmVyLmZyL2MvcC8yMTMwOS8yMTMwOS0xMDA1MS0xLndlYnA?v=1764072342"],"opengraph":["https:\/\/media.th4.com\/D-gCRaeYPmiuRlpDvryeI3-UH27jXD8GbgoYMHPcPtU\/pr:1200x630\/aHR0cDovL21lZGlhMi5kZXNpZ25wYXJ0bmVyLmZyL2MvcC8yMTMwOS8yMTMwOS0xMDA1MS0xLndlYnA?v=1764072342"]},"images_customization":{"miniature":["https:\/\/media.th4.com\/AuVjKt7YC1MdD7iW4RRfLtkjiH9KMxwUFxaBzKj2Kp8\/pr:80\/aHR0cDovL21lZGlhMi5kZXNpZ25wYXJ0bmVyLmZyL2MvcC8yMTMwOS8yMTMwOS0xMDA1MS0xLndlYnA?v=1764072342"],"medium":["https:\/\/media.th4.com\/-qklEDgklfgQgbHvkEs3iiSMX54vumMU8w7-8k3rBt8\/pr:550x550\/aHR0cDovL21lZGlhMi5kZXNpZ25wYXJ0bmVyLmZyL2MvcC8yMTMwOS8yMTMwOS0xMDA1MS0xLndlYnA?v=1764072342"],"medium_large":["https:\/\/media.th4.com\/P-1lDWg5EKU90uyaz8v_Te2GysSWMa3YnHheQduNKX8\/pr:1000x1000\/aHR0cDovL21lZGlhMi5kZXNpZ25wYXJ0bmVyLmZyL2MvcC8yMTMwOS8yMTMwOS0xMDA1MS0xLndlYnA?v=1764072342"],"large":["https:\/\/media.th4.com\/uvj_DBJKxldXfQM4pFOgIoIQ0bUwPD6jBGGWQjLRH5w\/pr:1920\/aHR0cDovL21lZGlhMi5kZXNpZ25wYXJ0bmVyLmZyL2MvcC8yMTMwOS8yMTMwOS0xMDA1MS0xLndlYnA?v=1764072342"],"opengraph":["https:\/\/media.th4.com\/D-gCRaeYPmiuRlpDvryeI3-UH27jXD8GbgoYMHPcPtU\/pr:1200x630\/aHR0cDovL21lZGlhMi5kZXNpZ25wYXJ0bmVyLmZyL2MvcC8yMTMwOS8yMTMwOS0xMDA1MS0xLndlYnA?v=1764072342"]},"country_origin":"PK","traceability":{"manufacturing_country_id":92,"weaving_country_id":92,"dyeing_country_id":92},"sizes":[{"id":42,"article_id":525594,"class_id":19,"name":"taille_unique","on_standby":false,"stock_local":0,"stock_global":84,"multiple":1,"estimated_date_reassort":null,"is_destocking":false}],"page_links":{"fr":"\/fr\/p-ka-bls4-bib-apron-basic-with-buckle-tablier-bls4-21309\/bordeaux-10051\/","en":"\/en\/p-ka-bls4-bib-apron-basic-with-buckle-apron-bls4-21309\/bordeaux-10051\/","de":"\/de\/p-ka-bls4-bib-apron-basic-with-buckle-latzschurze-bls4-21309\/bordeaux-10051\/","nl":"\/nl\/p-ka-bls4-bib-apron-basic-with-buckle-schort-bls4-21309\/bordeaux-10051\/","es":"\/es\/p-ka-bls4-bib-apron-basic-with-buckle-delantal-bls4-21309\/bordeaux-10051\/","it":"\/it\/p-ka-bls4-bib-apron-basic-with-buckle-grembiule-bls4-21309\/bordeaux-10051\/","sv":"\/sv\/p-ka-bls4-bib-apron-basic-with-buckle-forklade-bls4-21309\/bordeaux-10051\/","pt":"\/pt\/p-ka-bls4-bib-apron-basic-with-buckle-avental-bls4-21309\/bordeaux-10051\/","da":"\/da\/p-ka-bls4-bib-apron-basic-with-buckle-forklaede-bls4-21309\/bordeaux-10051\/","pl":"\/pl\/p-ka-bls4-bib-apron-basic-with-buckle-fartuch-bls4-21309\/bordeaux-10051\/"},"page_links_customization":{"fr":"\/fr\/p-ka-bls4-bib-apron-bls4-tablier-bavette-personnalisable-21309\/bordeaux-10051\/custom\/","en":"\/en\/p-ka-bls4-bib-apron-bls4-customizable-bib-apron-21309\/bordeaux-10051\/custom\/","de":"\/de\/p-ka-bls4-bib-apron-bls4-verstellbare-latzschurze-21309\/bordeaux-10051\/custom\/","nl":"\/nl\/p-ka-bls4-bib-apron-bls4-verstelbaar-schort-met-bavolet-21309\/bordeaux-10051\/custom\/","es":"\/es\/p-ka-bls4-bib-apron-bls4-delantal-con-peto-personalizable-21309\/bordeaux-10051\/custom\/","it":"\/it\/p-ka-bls4-bib-apron-bls4-grembiule-bavetta-personalizzabile-21309\/bordeaux-10051\/custom\/","sv":"\/sv\/p-ka-bls4-bib-apron-bls4-justerbar-brostlappsforklade-21309\/bordeaux-10051\/custom\/","pt":"\/pt\/p-ka-bls4-bib-apron-bls4-avental-com-pala-personalizavel-21309\/bordeaux-10051\/custom\/","da":"\/da\/p-ka-bls4-bib-apron-bls4-forklaede-med-band-tilpasningsbart-21309\/bordeaux-10051\/custom\/","pl":"\/pl\/p-ka-bls4-bib-apron-bls4-personalizowany-fartuch-z-kieszenia-21309\/bordeaux-10051\/custom\/"}},{"id":24876,"name":"turquoise","class_ids":[2],"codes_hexa":["0B96C9"],"delai_24":false,"has_3d":false,"seuil_global":0,"stock_local":0,"stock_global":72,"on_standby":false,"in_catalog":true,"images":{"miniature":["https:\/\/media.th4.com\/45osdJIQGJHhiErkn_C7w-mh4pQp35varCvS23o4ib0\/pr:80\/aHR0cDovL21lZGlhMi5kZXNpZ25wYXJ0bmVyLmZyL2MvcC8yMTMwOS8yMTMwOS0yNDg3Ni0xLndlYnA?v=1764072348"],"medium":["https:\/\/media.th4.com\/xWzIrY63GLghCKCgr14bVHhFsEtrAbZDrBGIqonzYd8\/pr:550x550\/aHR0cDovL21lZGlhMi5kZXNpZ25wYXJ0bmVyLmZyL2MvcC8yMTMwOS8yMTMwOS0yNDg3Ni0xLndlYnA?v=1764072348"],"medium_large":["https:\/\/media.th4.com\/IB-YaQ3S4_yILjZCwaqTrhoTJ_64p6JT3sq9qqZ6xNs\/pr:1000x1000\/aHR0cDovL21lZGlhMi5kZXNpZ25wYXJ0bmVyLmZyL2MvcC8yMTMwOS8yMTMwOS0yNDg3Ni0xLndlYnA?v=1764072348"],"large":["https:\/\/media.th4.com\/nQljbxAnxm71fy6WPLpumQjNh-dTCJyaDHJRNH_miKI\/pr:1920\/aHR0cDovL21lZGlhMi5kZXNpZ25wYXJ0bmVyLmZyL2MvcC8yMTMwOS8yMTMwOS0yNDg3Ni0xLndlYnA?v=1764072348"],"opengraph":["https:\/\/media.th4.com\/UYpRvbmgtEDop-cAAIYvTUIuWR8OFjiiTVrP2piPcbc\/pr:1200x630\/aHR0cDovL21lZGlhMi5kZXNpZ25wYXJ0bmVyLmZyL2MvcC8yMTMwOS8yMTMwOS0yNDg3Ni0xLndlYnA?v=1764072348"]},"images_customization":{"miniature":["https:\/\/media.th4.com\/45osdJIQGJHhiErkn_C7w-mh4pQp35varCvS23o4ib0\/pr:80\/aHR0cDovL21lZGlhMi5kZXNpZ25wYXJ0bmVyLmZyL2MvcC8yMTMwOS8yMTMwOS0yNDg3Ni0xLndlYnA?v=1764072348"],"medium":["https:\/\/media.th4.com\/xWzIrY63GLghCKCgr14bVHhFsEtrAbZDrBGIqonzYd8\/pr:550x550\/aHR0cDovL21lZGlhMi5kZXNpZ25wYXJ0bmVyLmZyL2MvcC8yMTMwOS8yMTMwOS0yNDg3Ni0xLndlYnA?v=1764072348"],"medium_large":["https:\/\/media.th4.com\/IB-YaQ3S4_yILjZCwaqTrhoTJ_64p6JT3sq9qqZ6xNs\/pr:1000x1000\/aHR0cDovL21lZGlhMi5kZXNpZ25wYXJ0bmVyLmZyL2MvcC8yMTMwOS8yMTMwOS0yNDg3Ni0xLndlYnA?v=1764072348"],"large":["https:\/\/media.th4.com\/nQljbxAnxm71fy6WPLpumQjNh-dTCJyaDHJRNH_miKI\/pr:1920\/aHR0cDovL21lZGlhMi5kZXNpZ25wYXJ0bmVyLmZyL2MvcC8yMTMwOS8yMTMwOS0yNDg3Ni0xLndlYnA?v=1764072348"],"opengraph":["https:\/\/media.th4.com\/UYpRvbmgtEDop-cAAIYvTUIuWR8OFjiiTVrP2piPcbc\/pr:1200x630\/aHR0cDovL21lZGlhMi5kZXNpZ25wYXJ0bmVyLmZyL2MvcC8yMTMwOS8yMTMwOS0yNDg3Ni0xLndlYnA?v=1764072348"]},"country_origin":"PK","traceability":{"manufacturing_country_id":92,"weaving_country_id":92,"dyeing_country_id":92},"sizes":[{"id":42,"article_id":525608,"class_id":19,"name":"taille_unique","on_standby":false,"stock_local":0,"stock_global":72,"multiple":1,"estimated_date_reassort":null,"is_destocking":false}],"page_links":{"fr":"\/fr\/p-ka-bls4-bib-apron-basic-with-buckle-tablier-bls4-21309\/turquoise-24876\/","en":"\/en\/p-ka-bls4-bib-apron-basic-with-buckle-apron-bls4-21309\/turquoise-24876\/","de":"\/de\/p-ka-bls4-bib-apron-basic-with-buckle-latzschurze-bls4-21309\/turquoise-24876\/","nl":"\/nl\/p-ka-bls4-bib-apron-basic-with-buckle-schort-bls4-21309\/turquoise-24876\/","es":"\/es\/p-ka-bls4-bib-apron-basic-with-buckle-delantal-bls4-21309\/turquoise-24876\/","it":"\/it\/p-ka-bls4-bib-apron-basic-with-buckle-grembiule-bls4-21309\/turquoise-24876\/","sv":"\/sv\/p-ka-bls4-bib-apron-basic-with-buckle-forklade-bls4-21309\/turquoise-24876\/","pt":"\/pt\/p-ka-bls4-bib-apron-basic-with-buckle-avental-bls4-21309\/turquoise-24876\/","da":"\/da\/p-ka-bls4-bib-apron-basic-with-buckle-forklaede-bls4-21309\/turquoise-24876\/","pl":"\/pl\/p-ka-bls4-bib-apron-basic-with-buckle-fartuch-bls4-21309\/turquoise-24876\/"},"page_links_customization":{"fr":"\/fr\/p-ka-bls4-bib-apron-bls4-tablier-bavette-personnalisable-21309\/turquoise-24876\/custom\/","en":"\/en\/p-ka-bls4-bib-apron-bls4-customizable-bib-apron-21309\/turquoise-24876\/custom\/","de":"\/de\/p-ka-bls4-bib-apron-bls4-verstellbare-latzschurze-21309\/turquoise-24876\/custom\/","nl":"\/nl\/p-ka-bls4-bib-apron-bls4-verstelbaar-schort-met-bavolet-21309\/turquoise-24876\/custom\/","es":"\/es\/p-ka-bls4-bib-apron-bls4-delantal-con-peto-personalizable-21309\/turquoise-24876\/custom\/","it":"\/it\/p-ka-bls4-bib-apron-bls4-grembiule-bavetta-personalizzabile-21309\/turquoise-24876\/custom\/","sv":"\/sv\/p-ka-bls4-bib-apron-bls4-justerbar-brostlappsforklade-21309\/turquoise-24876\/custom\/","pt":"\/pt\/p-ka-bls4-bib-apron-bls4-avental-com-pala-personalizavel-21309\/turquoise-24876\/custom\/","da":"\/da\/p-ka-bls4-bib-apron-bls4-forklaede-med-band-tilpasningsbart-21309\/turquoise-24876\/custom\/","pl":"\/pl\/p-ka-bls4-bib-apron-bls4-personalizowany-fartuch-z-kieszenia-21309\/turquoise-24876\/custom\/"}},{"id":10084,"name":"navy","class_ids":[2],"codes_hexa":["12174E"],"delai_24":false,"has_3d":false,"seuil_global":0,"stock_local":0,"stock_global":69,"on_standby":false,"in_catalog":true,"images":{"miniature":["https:\/\/media.th4.com\/SU_NxR9mKBhpS56AdjqEj2yKnOMEylHS4GUBRRInsP4\/pr:80\/aHR0cDovL21lZGlhMi5kZXNpZ25wYXJ0bmVyLmZyL2MvcC8yMTMwOS8yMTMwOS0xMDA4NC0xLndlYnA?v=1764072345"],"medium":["https:\/\/media.th4.com\/ojCXkjDaZLz4-1zzm2kAV710pqRWSJFM74cu6WfqKXQ\/pr:550x550\/aHR0cDovL21lZGlhMi5kZXNpZ25wYXJ0bmVyLmZyL2MvcC8yMTMwOS8yMTMwOS0xMDA4NC0xLndlYnA?v=1764072345"],"medium_large":["https:\/\/media.th4.com\/Wfd92VUV9ySJ9AKab0kj7humC_fhGkEQrpol7szCtVM\/pr:1000x1000\/aHR0cDovL21lZGlhMi5kZXNpZ25wYXJ0bmVyLmZyL2MvcC8yMTMwOS8yMTMwOS0xMDA4NC0xLndlYnA?v=1764072345"],"large":["https:\/\/media.th4.com\/lEoDszCUebFYQsjuT5dyRQb-cSmgykQSlEquZ9Ke0Qs\/pr:1920\/aHR0cDovL21lZGlhMi5kZXNpZ25wYXJ0bmVyLmZyL2MvcC8yMTMwOS8yMTMwOS0xMDA4NC0xLndlYnA?v=1764072345"],"opengraph":["https:\/\/media.th4.com\/2JIYsYciuxapvotXcCYAcHd8-E4eDQlKeIs8ETuD5uo\/pr:1200x630\/aHR0cDovL21lZGlhMi5kZXNpZ25wYXJ0bmVyLmZyL2MvcC8yMTMwOS8yMTMwOS0xMDA4NC0xLndlYnA?v=1764072345"]},"images_customization":{"miniature":["https:\/\/media.th4.com\/SU_NxR9mKBhpS56AdjqEj2yKnOMEylHS4GUBRRInsP4\/pr:80\/aHR0cDovL21lZGlhMi5kZXNpZ25wYXJ0bmVyLmZyL2MvcC8yMTMwOS8yMTMwOS0xMDA4NC0xLndlYnA?v=1764072345"],"medium":["https:\/\/media.th4.com\/ojCXkjDaZLz4-1zzm2kAV710pqRWSJFM74cu6WfqKXQ\/pr:550x550\/aHR0cDovL21lZGlhMi5kZXNpZ25wYXJ0bmVyLmZyL2MvcC8yMTMwOS8yMTMwOS0xMDA4NC0xLndlYnA?v=1764072345"],"medium_large":["https:\/\/media.th4.com\/Wfd92VUV9ySJ9AKab0kj7humC_fhGkEQrpol7szCtVM\/pr:1000x1000\/aHR0cDovL21lZGlhMi5kZXNpZ25wYXJ0bmVyLmZyL2MvcC8yMTMwOS8yMTMwOS0xMDA4NC0xLndlYnA?v=1764072345"],"large":["https:\/\/media.th4.com\/lEoDszCUebFYQsjuT5dyRQb-cSmgykQSlEquZ9Ke0Qs\/pr:1920\/aHR0cDovL21lZGlhMi5kZXNpZ25wYXJ0bmVyLmZyL2MvcC8yMTMwOS8yMTMwOS0xMDA4NC0xLndlYnA?v=1764072345"],"opengraph":["https:\/\/media.th4.com\/2JIYsYciuxapvotXcCYAcHd8-E4eDQlKeIs8ETuD5uo\/pr:1200x630\/aHR0cDovL21lZGlhMi5kZXNpZ25wYXJ0bmVyLmZyL2MvcC8yMTMwOS8yMTMwOS0xMDA4NC0xLndlYnA?v=1764072345"]},"country_origin":"PK","traceability":{"manufacturing_country_id":92,"weaving_country_id":92,"dyeing_country_id":92},"sizes":[{"id":42,"article_id":525601,"class_id":19,"name":"taille_unique","on_standby":false,"stock_local":2,"stock_global":69,"multiple":1,"estimated_date_reassort":null,"is_destocking":false}],"page_links":{"fr":"\/fr\/p-ka-bls4-bib-apron-basic-with-buckle-tablier-bls4-21309\/navy-10084\/","en":"\/en\/p-ka-bls4-bib-apron-basic-with-buckle-apron-bls4-21309\/navy-10084\/","de":"\/de\/p-ka-bls4-bib-apron-basic-with-buckle-latzschurze-bls4-21309\/navy-10084\/","nl":"\/nl\/p-ka-bls4-bib-apron-basic-with-buckle-schort-bls4-21309\/navy-10084\/","es":"\/es\/p-ka-bls4-bib-apron-basic-with-buckle-delantal-bls4-21309\/navy-10084\/","it":"\/it\/p-ka-bls4-bib-apron-basic-with-buckle-grembiule-bls4-21309\/navy-10084\/","sv":"\/sv\/p-ka-bls4-bib-apron-basic-with-buckle-forklade-bls4-21309\/navy-10084\/","pt":"\/pt\/p-ka-bls4-bib-apron-basic-with-buckle-avental-bls4-21309\/navy-10084\/","da":"\/da\/p-ka-bls4-bib-apron-basic-with-buckle-forklaede-bls4-21309\/navy-10084\/","pl":"\/pl\/p-ka-bls4-bib-apron-basic-with-buckle-fartuch-bls4-21309\/navy-10084\/"},"page_links_customization":{"fr":"\/fr\/p-ka-bls4-bib-apron-bls4-tablier-bavette-personnalisable-21309\/navy-10084\/custom\/","en":"\/en\/p-ka-bls4-bib-apron-bls4-customizable-bib-apron-21309\/navy-10084\/custom\/","de":"\/de\/p-ka-bls4-bib-apron-bls4-verstellbare-latzschurze-21309\/navy-10084\/custom\/","nl":"\/nl\/p-ka-bls4-bib-apron-bls4-verstelbaar-schort-met-bavolet-21309\/navy-10084\/custom\/","es":"\/es\/p-ka-bls4-bib-apron-bls4-delantal-con-peto-personalizable-21309\/navy-10084\/custom\/","it":"\/it\/p-ka-bls4-bib-apron-bls4-grembiule-bavetta-personalizzabile-21309\/navy-10084\/custom\/","sv":"\/sv\/p-ka-bls4-bib-apron-bls4-justerbar-brostlappsforklade-21309\/navy-10084\/custom\/","pt":"\/pt\/p-ka-bls4-bib-apron-bls4-avental-com-pala-personalizavel-21309\/navy-10084\/custom\/","da":"\/da\/p-ka-bls4-bib-apron-bls4-forklaede-med-band-tilpasningsbart-21309\/navy-10084\/custom\/","pl":"\/pl\/p-ka-bls4-bib-apron-bls4-personalizowany-fartuch-z-kieszenia-21309\/navy-10084\/custom\/"}},{"id":24874,"name":"rose","class_ids":[7],"codes_hexa":["D4B8BD"],"delai_24":false,"has_3d":false,"seuil_global":0,"stock_local":0,"stock_global":68,"on_standby":false,"in_catalog":true,"images":{"miniature":["https:\/\/media.th4.com\/3oV7EWAZi1-P8tLjy9_R9MjCFK0yBFpulOMfhCngvZM\/pr:80\/aHR0cDovL21lZGlhMi5kZXNpZ25wYXJ0bmVyLmZyL2MvcC8yMTMwOS8yMTMwOS0yNDg3NC0xLndlYnA?v=1764072347"],"medium":["https:\/\/media.th4.com\/NkZTpVB9wSsKg9uaABZ_phNtfLJW3iYdcitup272Lsk\/pr:550x550\/aHR0cDovL21lZGlhMi5kZXNpZ25wYXJ0bmVyLmZyL2MvcC8yMTMwOS8yMTMwOS0yNDg3NC0xLndlYnA?v=1764072347"],"medium_large":["https:\/\/media.th4.com\/bn8Wep2PazebNlCDTLrqIXIwNj8aFJ0zM5FHY2Knyf0\/pr:1000x1000\/aHR0cDovL21lZGlhMi5kZXNpZ25wYXJ0bmVyLmZyL2MvcC8yMTMwOS8yMTMwOS0yNDg3NC0xLndlYnA?v=1764072347"],"large":["https:\/\/media.th4.com\/nItxcEAtF_1vOC7RrUXfs0tQX_GAE4WAY16lDZRHiF8\/pr:1920\/aHR0cDovL21lZGlhMi5kZXNpZ25wYXJ0bmVyLmZyL2MvcC8yMTMwOS8yMTMwOS0yNDg3NC0xLndlYnA?v=1764072347"],"opengraph":["https:\/\/media.th4.com\/g38yKf43eBI_2kac40QBUGqpiN5yveGbjy2ADBfzYv8\/pr:1200x630\/aHR0cDovL21lZGlhMi5kZXNpZ25wYXJ0bmVyLmZyL2MvcC8yMTMwOS8yMTMwOS0yNDg3NC0xLndlYnA?v=1764072347"]},"images_customization":{"miniature":["https:\/\/media.th4.com\/3oV7EWAZi1-P8tLjy9_R9MjCFK0yBFpulOMfhCngvZM\/pr:80\/aHR0cDovL21lZGlhMi5kZXNpZ25wYXJ0bmVyLmZyL2MvcC8yMTMwOS8yMTMwOS0yNDg3NC0xLndlYnA?v=1764072347"],"medium":["https:\/\/media.th4.com\/NkZTpVB9wSsKg9uaABZ_phNtfLJW3iYdcitup272Lsk\/pr:550x550\/aHR0cDovL21lZGlhMi5kZXNpZ25wYXJ0bmVyLmZyL2MvcC8yMTMwOS8yMTMwOS0yNDg3NC0xLndlYnA?v=1764072347"],"medium_large":["https:\/\/media.th4.com\/bn8Wep2PazebNlCDTLrqIXIwNj8aFJ0zM5FHY2Knyf0\/pr:1000x1000\/aHR0cDovL21lZGlhMi5kZXNpZ25wYXJ0bmVyLmZyL2MvcC8yMTMwOS8yMTMwOS0yNDg3NC0xLndlYnA?v=1764072347"],"large":["https:\/\/media.th4.com\/nItxcEAtF_1vOC7RrUXfs0tQX_GAE4WAY16lDZRHiF8\/pr:1920\/aHR0cDovL21lZGlhMi5kZXNpZ25wYXJ0bmVyLmZyL2MvcC8yMTMwOS8yMTMwOS0yNDg3NC0xLndlYnA?v=1764072347"],"opengraph":["https:\/\/media.th4.com\/g38yKf43eBI_2kac40QBUGqpiN5yveGbjy2ADBfzYv8\/pr:1200x630\/aHR0cDovL21lZGlhMi5kZXNpZ25wYXJ0bmVyLmZyL2MvcC8yMTMwOS8yMTMwOS0yNDg3NC0xLndlYnA?v=1764072347"]},"country_origin":"PK","traceability":{"manufacturing_country_id":92,"weaving_country_id":92,"dyeing_country_id":92},"sizes":[{"id":42,"article_id":525605,"class_id":19,"name":"taille_unique","on_standby":false,"stock_local":0,"stock_global":68,"multiple":1,"estimated_date_reassort":null,"is_destocking":false}],"page_links":{"fr":"\/fr\/p-ka-bls4-bib-apron-basic-with-buckle-tablier-bls4-21309\/rose-24874\/","en":"\/en\/p-ka-bls4-bib-apron-basic-with-buckle-apron-bls4-21309\/rose-24874\/","de":"\/de\/p-ka-bls4-bib-apron-basic-with-buckle-latzschurze-bls4-21309\/rose-24874\/","nl":"\/nl\/p-ka-bls4-bib-apron-basic-with-buckle-schort-bls4-21309\/rose-24874\/","es":"\/es\/p-ka-bls4-bib-apron-basic-with-buckle-delantal-bls4-21309\/rose-24874\/","it":"\/it\/p-ka-bls4-bib-apron-basic-with-buckle-grembiule-bls4-21309\/rose-24874\/","sv":"\/sv\/p-ka-bls4-bib-apron-basic-with-buckle-forklade-bls4-21309\/rose-24874\/","pt":"\/pt\/p-ka-bls4-bib-apron-basic-with-buckle-avental-bls4-21309\/rose-24874\/","da":"\/da\/p-ka-bls4-bib-apron-basic-with-buckle-forklaede-bls4-21309\/rose-24874\/","pl":"\/pl\/p-ka-bls4-bib-apron-basic-with-buckle-fartuch-bls4-21309\/rose-24874\/"},"page_links_customization":{"fr":"\/fr\/p-ka-bls4-bib-apron-bls4-tablier-bavette-personnalisable-21309\/rose-24874\/custom\/","en":"\/en\/p-ka-bls4-bib-apron-bls4-customizable-bib-apron-21309\/rose-24874\/custom\/","de":"\/de\/p-ka-bls4-bib-apron-bls4-verstellbare-latzschurze-21309\/rose-24874\/custom\/","nl":"\/nl\/p-ka-bls4-bib-apron-bls4-verstelbaar-schort-met-bavolet-21309\/rose-24874\/custom\/","es":"\/es\/p-ka-bls4-bib-apron-bls4-delantal-con-peto-personalizable-21309\/rose-24874\/custom\/","it":"\/it\/p-ka-bls4-bib-apron-bls4-grembiule-bavetta-personalizzabile-21309\/rose-24874\/custom\/","sv":"\/sv\/p-ka-bls4-bib-apron-bls4-justerbar-brostlappsforklade-21309\/rose-24874\/custom\/","pt":"\/pt\/p-ka-bls4-bib-apron-bls4-avental-com-pala-personalizavel-21309\/rose-24874\/custom\/","da":"\/da\/p-ka-bls4-bib-apron-bls4-forklaede-med-band-tilpasningsbart-21309\/rose-24874\/custom\/","pl":"\/pl\/p-ka-bls4-bib-apron-bls4-personalizowany-fartuch-z-kieszenia-21309\/rose-24874\/custom\/"}},{"id":24875,"name":"sunny_yellow","class_ids":[12],"codes_hexa":["F5DF6C"],"delai_24":false,"has_3d":false,"seuil_global":0,"stock_local":0,"stock_global":65,"on_standby":false,"in_catalog":true,"images":{"miniature":["https:\/\/media.th4.com\/X97aehY-F9HaqJEVqZv5DdZTnMwelLtEUOQPKiRexv0\/pr:80\/aHR0cDovL21lZGlhMi5kZXNpZ25wYXJ0bmVyLmZyL2MvcC8yMTMwOS8yMTMwOS0yNDg3NS0xLndlYnA?v=1764072347"],"medium":["https:\/\/media.th4.com\/0lDUSKf-IyEt2fv5tqftsrcZ8ZjQDvFV-53ByED0TAM\/pr:550x550\/aHR0cDovL21lZGlhMi5kZXNpZ25wYXJ0bmVyLmZyL2MvcC8yMTMwOS8yMTMwOS0yNDg3NS0xLndlYnA?v=1764072347"],"medium_large":["https:\/\/media.th4.com\/D4XtCbs89uLriDjCl0PsP8QXZCkY0efWFQA_EpRDX30\/pr:1000x1000\/aHR0cDovL21lZGlhMi5kZXNpZ25wYXJ0bmVyLmZyL2MvcC8yMTMwOS8yMTMwOS0yNDg3NS0xLndlYnA?v=1764072347"],"large":["https:\/\/media.th4.com\/rsCS6u5PHQ1F5oXzBhm73RbB6fOxI0ibxg_C7Hf4CNc\/pr:1920\/aHR0cDovL21lZGlhMi5kZXNpZ25wYXJ0bmVyLmZyL2MvcC8yMTMwOS8yMTMwOS0yNDg3NS0xLndlYnA?v=1764072347"],"opengraph":["https:\/\/media.th4.com\/IqWq771ZumWBCbc8ui4Nt9yblGjf_5bGq6W62L0MZ7w\/pr:1200x630\/aHR0cDovL21lZGlhMi5kZXNpZ25wYXJ0bmVyLmZyL2MvcC8yMTMwOS8yMTMwOS0yNDg3NS0xLndlYnA?v=1764072347"]},"images_customization":{"miniature":["https:\/\/media.th4.com\/X97aehY-F9HaqJEVqZv5DdZTnMwelLtEUOQPKiRexv0\/pr:80\/aHR0cDovL21lZGlhMi5kZXNpZ25wYXJ0bmVyLmZyL2MvcC8yMTMwOS8yMTMwOS0yNDg3NS0xLndlYnA?v=1764072347"],"medium":["https:\/\/media.th4.com\/0lDUSKf-IyEt2fv5tqftsrcZ8ZjQDvFV-53ByED0TAM\/pr:550x550\/aHR0cDovL21lZGlhMi5kZXNpZ25wYXJ0bmVyLmZyL2MvcC8yMTMwOS8yMTMwOS0yNDg3NS0xLndlYnA?v=1764072347"],"medium_large":["https:\/\/media.th4.com\/D4XtCbs89uLriDjCl0PsP8QXZCkY0efWFQA_EpRDX30\/pr:1000x1000\/aHR0cDovL21lZGlhMi5kZXNpZ25wYXJ0bmVyLmZyL2MvcC8yMTMwOS8yMTMwOS0yNDg3NS0xLndlYnA?v=1764072347"],"large":["https:\/\/media.th4.com\/rsCS6u5PHQ1F5oXzBhm73RbB6fOxI0ibxg_C7Hf4CNc\/pr:1920\/aHR0cDovL21lZGlhMi5kZXNpZ25wYXJ0bmVyLmZyL2MvcC8yMTMwOS8yMTMwOS0yNDg3NS0xLndlYnA?v=1764072347"],"opengraph":["https:\/\/media.th4.com\/IqWq771ZumWBCbc8ui4Nt9yblGjf_5bGq6W62L0MZ7w\/pr:1200x630\/aHR0cDovL21lZGlhMi5kZXNpZ25wYXJ0bmVyLmZyL2MvcC8yMTMwOS8yMTMwOS0yNDg3NS0xLndlYnA?v=1764072347"]},"country_origin":"PK","traceability":{"manufacturing_country_id":92,"weaving_country_id":92,"dyeing_country_id":92},"sizes":[{"id":42,"article_id":525607,"class_id":19,"name":"taille_unique","on_standby":false,"stock_local":0,"stock_global":65,"multiple":1,"estimated_date_reassort":null,"is_destocking":false}],"page_links":{"fr":"\/fr\/p-ka-bls4-bib-apron-basic-with-buckle-tablier-bls4-21309\/sunny-yellow-24875\/","en":"\/en\/p-ka-bls4-bib-apron-basic-with-buckle-apron-bls4-21309\/sunny-yellow-24875\/","de":"\/de\/p-ka-bls4-bib-apron-basic-with-buckle-latzschurze-bls4-21309\/sunny-yellow-24875\/","nl":"\/nl\/p-ka-bls4-bib-apron-basic-with-buckle-schort-bls4-21309\/sunny-yellow-24875\/","es":"\/es\/p-ka-bls4-bib-apron-basic-with-buckle-delantal-bls4-21309\/sunny-yellow-24875\/","it":"\/it\/p-ka-bls4-bib-apron-basic-with-buckle-grembiule-bls4-21309\/sunny-yellow-24875\/","sv":"\/sv\/p-ka-bls4-bib-apron-basic-with-buckle-forklade-bls4-21309\/sunny-yellow-24875\/","pt":"\/pt\/p-ka-bls4-bib-apron-basic-with-buckle-avental-bls4-21309\/sunny-yellow-24875\/","da":"\/da\/p-ka-bls4-bib-apron-basic-with-buckle-forklaede-bls4-21309\/sunny-yellow-24875\/","pl":"\/pl\/p-ka-bls4-bib-apron-basic-with-buckle-fartuch-bls4-21309\/sunny-yellow-24875\/"},"page_links_customization":{"fr":"\/fr\/p-ka-bls4-bib-apron-bls4-tablier-bavette-personnalisable-21309\/sunny-yellow-24875\/custom\/","en":"\/en\/p-ka-bls4-bib-apron-bls4-customizable-bib-apron-21309\/sunny-yellow-24875\/custom\/","de":"\/de\/p-ka-bls4-bib-apron-bls4-verstellbare-latzschurze-21309\/sunny-yellow-24875\/custom\/","nl":"\/nl\/p-ka-bls4-bib-apron-bls4-verstelbaar-schort-met-bavolet-21309\/sunny-yellow-24875\/custom\/","es":"\/es\/p-ka-bls4-bib-apron-bls4-delantal-con-peto-personalizable-21309\/sunny-yellow-24875\/custom\/","it":"\/it\/p-ka-bls4-bib-apron-bls4-grembiule-bavetta-personalizzabile-21309\/sunny-yellow-24875\/custom\/","sv":"\/sv\/p-ka-bls4-bib-apron-bls4-justerbar-brostlappsforklade-21309\/sunny-yellow-24875\/custom\/","pt":"\/pt\/p-ka-bls4-bib-apron-bls4-avental-com-pala-personalizavel-21309\/sunny-yellow-24875\/custom\/","da":"\/da\/p-ka-bls4-bib-apron-bls4-forklaede-med-band-tilpasningsbart-21309\/sunny-yellow-24875\/custom\/","pl":"\/pl\/p-ka-bls4-bib-apron-bls4-personalizowany-fartuch-z-kieszenia-21309\/sunny-yellow-24875\/custom\/"}},{"id":24873,"name":"raspberry","class_ids":[6],"codes_hexa":["A42F42"],"delai_24":false,"has_3d":false,"seuil_global":0,"stock_local":0,"stock_global":50,"on_standby":false,"in_catalog":true,"images":{"miniature":["https:\/\/media.th4.com\/70oQv-5mseJHwafEPcWfNhZg6stVNWww_EENH_rDA5c\/pr:80\/aHR0cDovL21lZGlhMi5kZXNpZ25wYXJ0bmVyLmZyL2MvcC8yMTMwOS8yMTMwOS0yNDg3My0xLndlYnA?v=1764072346"],"medium":["https:\/\/media.th4.com\/_Y0V2GIqpZF9BDgiJhp09UcbcrcJ5M7AEvw3JsTWto0\/pr:550x550\/aHR0cDovL21lZGlhMi5kZXNpZ25wYXJ0bmVyLmZyL2MvcC8yMTMwOS8yMTMwOS0yNDg3My0xLndlYnA?v=1764072346"],"medium_large":["https:\/\/media.th4.com\/lFjy733Usp5AmMqo6wjz4gk6U2VNsl72DGQmk35g3Ko\/pr:1000x1000\/aHR0cDovL21lZGlhMi5kZXNpZ25wYXJ0bmVyLmZyL2MvcC8yMTMwOS8yMTMwOS0yNDg3My0xLndlYnA?v=1764072346"],"large":["https:\/\/media.th4.com\/t2ENF8EmGgkzJBj3FSnHfCXCR8IVY1I3wgbHsbwDu3E\/pr:1920\/aHR0cDovL21lZGlhMi5kZXNpZ25wYXJ0bmVyLmZyL2MvcC8yMTMwOS8yMTMwOS0yNDg3My0xLndlYnA?v=1764072346"],"opengraph":["https:\/\/media.th4.com\/2i1sjvV-7PTV_0Sh9Qp-0eseMSjqzz2CrBOPddSYdH8\/pr:1200x630\/aHR0cDovL21lZGlhMi5kZXNpZ25wYXJ0bmVyLmZyL2MvcC8yMTMwOS8yMTMwOS0yNDg3My0xLndlYnA?v=1764072346"]},"images_customization":{"miniature":["https:\/\/media.th4.com\/70oQv-5mseJHwafEPcWfNhZg6stVNWww_EENH_rDA5c\/pr:80\/aHR0cDovL21lZGlhMi5kZXNpZ25wYXJ0bmVyLmZyL2MvcC8yMTMwOS8yMTMwOS0yNDg3My0xLndlYnA?v=1764072346"],"medium":["https:\/\/media.th4.com\/_Y0V2GIqpZF9BDgiJhp09UcbcrcJ5M7AEvw3JsTWto0\/pr:550x550\/aHR0cDovL21lZGlhMi5kZXNpZ25wYXJ0bmVyLmZyL2MvcC8yMTMwOS8yMTMwOS0yNDg3My0xLndlYnA?v=1764072346"],"medium_large":["https:\/\/media.th4.com\/lFjy733Usp5AmMqo6wjz4gk6U2VNsl72DGQmk35g3Ko\/pr:1000x1000\/aHR0cDovL21lZGlhMi5kZXNpZ25wYXJ0bmVyLmZyL2MvcC8yMTMwOS8yMTMwOS0yNDg3My0xLndlYnA?v=1764072346"],"large":["https:\/\/media.th4.com\/t2ENF8EmGgkzJBj3FSnHfCXCR8IVY1I3wgbHsbwDu3E\/pr:1920\/aHR0cDovL21lZGlhMi5kZXNpZ25wYXJ0bmVyLmZyL2MvcC8yMTMwOS8yMTMwOS0yNDg3My0xLndlYnA?v=1764072346"],"opengraph":["https:\/\/media.th4.com\/2i1sjvV-7PTV_0Sh9Qp-0eseMSjqzz2CrBOPddSYdH8\/pr:1200x630\/aHR0cDovL21lZGlhMi5kZXNpZ25wYXJ0bmVyLmZyL2MvcC8yMTMwOS8yMTMwOS0yNDg3My0xLndlYnA?v=1764072346"]},"country_origin":"PK","traceability":{"manufacturing_country_id":92,"weaving_country_id":92,"dyeing_country_id":92},"sizes":[{"id":42,"article_id":525603,"class_id":19,"name":"taille_unique","on_standby":false,"stock_local":0,"stock_global":50,"multiple":1,"estimated_date_reassort":null,"is_destocking":false}],"page_links":{"fr":"\/fr\/p-ka-bls4-bib-apron-basic-with-buckle-tablier-bls4-21309\/raspberry-24873\/","en":"\/en\/p-ka-bls4-bib-apron-basic-with-buckle-apron-bls4-21309\/raspberry-24873\/","de":"\/de\/p-ka-bls4-bib-apron-basic-with-buckle-latzschurze-bls4-21309\/raspberry-24873\/","nl":"\/nl\/p-ka-bls4-bib-apron-basic-with-buckle-schort-bls4-21309\/raspberry-24873\/","es":"\/es\/p-ka-bls4-bib-apron-basic-with-buckle-delantal-bls4-21309\/raspberry-24873\/","it":"\/it\/p-ka-bls4-bib-apron-basic-with-buckle-grembiule-bls4-21309\/raspberry-24873\/","sv":"\/sv\/p-ka-bls4-bib-apron-basic-with-buckle-forklade-bls4-21309\/raspberry-24873\/","pt":"\/pt\/p-ka-bls4-bib-apron-basic-with-buckle-avental-bls4-21309\/raspberry-24873\/","da":"\/da\/p-ka-bls4-bib-apron-basic-with-buckle-forklaede-bls4-21309\/raspberry-24873\/","pl":"\/pl\/p-ka-bls4-bib-apron-basic-with-buckle-fartuch-bls4-21309\/raspberry-24873\/"},"page_links_customization":{"fr":"\/fr\/p-ka-bls4-bib-apron-bls4-tablier-bavette-personnalisable-21309\/raspberry-24873\/custom\/","en":"\/en\/p-ka-bls4-bib-apron-bls4-customizable-bib-apron-21309\/raspberry-24873\/custom\/","de":"\/de\/p-ka-bls4-bib-apron-bls4-verstellbare-latzschurze-21309\/raspberry-24873\/custom\/","nl":"\/nl\/p-ka-bls4-bib-apron-bls4-verstelbaar-schort-met-bavolet-21309\/raspberry-24873\/custom\/","es":"\/es\/p-ka-bls4-bib-apron-bls4-delantal-con-peto-personalizable-21309\/raspberry-24873\/custom\/","it":"\/it\/p-ka-bls4-bib-apron-bls4-grembiule-bavetta-personalizzabile-21309\/raspberry-24873\/custom\/","sv":"\/sv\/p-ka-bls4-bib-apron-bls4-justerbar-brostlappsforklade-21309\/raspberry-24873\/custom\/","pt":"\/pt\/p-ka-bls4-bib-apron-bls4-avental-com-pala-personalizavel-21309\/raspberry-24873\/custom\/","da":"\/da\/p-ka-bls4-bib-apron-bls4-forklaede-med-band-tilpasningsbart-21309\/raspberry-24873\/custom\/","pl":"\/pl\/p-ka-bls4-bib-apron-bls4-personalizowany-fartuch-z-kieszenia-21309\/raspberry-24873\/custom\/"}}],"documentation_link":"\/pdf\/21309.pdf","countries_availables":["AD","AE","AL","AT","BA","BD","BE","BG","BL","CA","CH","CN","CO","CY","CZ","DE","DK","DO","EE","EG","ES","ET","FI","FR","GB","GE","GF","GP","GR","GT","HK","HN","HR","HT","HU","ID","IE","IN","IS","IT","JO","JP","KE","KH","KP","KR","LA","LK","LS","LT","LU","LV","MA","MF","MG","MK","MM","MN","MQ","MT","MX","MY","NC","NI","NL","PF","PH","PK","PL","PM","PT","RE","RO","SE","SG","SI","SK","SV","SY","TH","TN","TR","TW","TZ","US","VN","WF","YT"]},"infos_customization":[],"features":{"authorize_multi_surfaces":true,"display_order_delay_type":true,"promote_surface_display":true,"tarification_franco_offert":true,"enabled_3d_editor":false},"markings":[{"id":0,"nom":"vierge","finition":null,"libelle":null,"code":null,"dpi":null,"finesse_forme_isolee":null,"finesse_forme_non_isolee":null,"hauteur_minimale_texte":null,"inactif":0,"marquage_interne":1,"quantite_min":null,"parent_id":null,"print_on_support":0,"content":"vierge","description":null},{"id":2,"nom":"fonce","finition":"optimale","libelle":"TopQuadri","code":null,"dpi":400,"finesse_forme_isolee":"0.040","finesse_forme_non_isolee":"0.700","hauteur_minimale_texte":2,"inactif":0,"marquage_interne":1,"quantite_min":null,"parent_id":18,"print_on_support":0,"content":"TopQuadri","description":"pour petites et moyennes s\u00e9ries"},{"id":3,"nom":"serigraphie","finition":"serigraphie","libelle":"SeriCoat","code":null,"dpi":400,"finesse_forme_isolee":"0.040","finesse_forme_non_isolee":"0.700","hauteur_minimale_texte":2,"inactif":0,"marquage_interne":1,"quantite_min":15,"parent_id":18,"print_on_support":0,"content":"SeriCoat","description":"pour moyennes et grandes s\u00e9ries"},{"id":4,"nom":"broderie","finition":"broderie","libelle":"Broderie","code":null,"dpi":400,"finesse_forme_isolee":"0.040","finesse_forme_non_isolee":"0.700","hauteur_minimale_texte":3,"inactif":0,"marquage_interne":1,"quantite_min":null,"parent_id":null,"print_on_support":0,"content":"Broderie","description":null},{"id":8,"nom":"theme","finition":null,"libelle":"Th\u00e8me","code":null,"dpi":null,"finesse_forme_isolee":null,"finesse_forme_non_isolee":null,"hauteur_minimale_texte":null,"inactif":0,"marquage_interne":1,"quantite_min":null,"parent_id":null,"print_on_support":0,"content":"Th\u00e8me","description":null},{"id":9,"nom":"sans","finition":null,"libelle":null,"code":null,"dpi":null,"finesse_forme_isolee":null,"finesse_forme_non_isolee":null,"hauteur_minimale_texte":null,"inactif":0,"marquage_interne":1,"quantite_min":null,"parent_id":null,"print_on_support":0,"content":"sans","description":null},{"id":10,"nom":"photo","finition":null,"libelle":"Photo","code":null,"dpi":null,"finesse_forme_isolee":null,"finesse_forme_non_isolee":null,"hauteur_minimale_texte":null,"inactif":0,"marquage_interne":1,"quantite_min":null,"parent_id":null,"print_on_support":0,"content":"Photo","description":null},{"id":14,"nom":"couleur","finition":null,"libelle":"Couleur","code":null,"dpi":null,"finesse_forme_isolee":null,"finesse_forme_non_isolee":null,"hauteur_minimale_texte":null,"inactif":0,"marquage_interne":1,"quantite_min":null,"parent_id":null,"print_on_support":0,"content":"Couleur","description":null},{"id":15,"nom":"sublimation","finition":"sublimation","libelle":"Sublimation","code":null,"dpi":null,"finesse_forme_isolee":"0.000","finesse_forme_non_isolee":"0.000","hauteur_minimale_texte":2,"inactif":0,"marquage_interne":1,"quantite_min":null,"parent_id":null,"print_on_support":0,"content":"Sublimation","description":null},{"id":16,"nom":"topquadri_uv","finition":null,"libelle":"TopQuadri UV","code":null,"dpi":null,"finesse_forme_isolee":"0.020","finesse_forme_non_isolee":"0.700","hauteur_minimale_texte":2,"inactif":0,"marquage_interne":1,"quantite_min":null,"parent_id":null,"print_on_support":1,"content":null,"description":null},{"id":17,"nom":"topquadri_uvp","finition":null,"libelle":"TopQuadri UVP","code":null,"dpi":null,"finesse_forme_isolee":"0.020","finesse_forme_non_isolee":"0.700","hauteur_minimale_texte":2,"inactif":0,"marquage_interne":1,"quantite_min":null,"parent_id":null,"print_on_support":1,"content":null,"description":null},{"id":18,"nom":"quadri","finition":null,"libelle":"Impression","code":null,"dpi":null,"finesse_forme_isolee":null,"finesse_forme_non_isolee":null,"hauteur_minimale_texte":null,"inactif":0,"marquage_interne":1,"quantite_min":null,"parent_id":null,"print_on_support":0,"content":null,"description":null}]}}