{"data":{"product":{"id":21123,"titre":"Doudoune matelass\u00e9e homme","description":"Doudoune \u00e0 manches longues pour homme. Garniture int\u00e9rieure : 100 % polyester. Doublure : 100 % polyester 290T ton sur ton. Coupe droite. Col montant. Deux poches c\u00f4t\u00e9s doubl\u00e9es en 290T, avec zips en nylon et tire-zips ton sur ton. Deux poches int\u00e9rieures. Fermeture zipp\u00e9e en nylon ton sur ton avec prot\u00e8ge menton et tire-zip. Matelassage horizontal. Bande de matelassage plus large de 11 cm \u00e0 l'avant et de 14,5 cm dans le dos, favorisant la personnalisation. Finition biais \u00e9lastiqu\u00e9 bas de manches et bas de v\u00eatement ton sur ton. Boucle d'accroche int\u00e9rieure col. Produit compressible dans son sac de rangement. Etiquette de marque d\u00e9tachable. Garniture inject\u00e9e : le grammage peut varier selon les zones du v\u00eatement. Composition : 100 % polyester.","genre":"homme","grammage":75,"conditionnement":15,"composition":"polyester,polyester_uniquement","reference":"id-ib6175","reference_visible":"id-ib6175","reference_fabricant":"IB6175","ref_xor":"722118","in_catalog":true,"is_transfer":false,"is_service":false,"on_standby":false,"has_3d":false,"has_size_guide":true,"has_marking":true,"has_vierge":true,"is_cross_sellable":false,"id_picto":85,"filename_3d":null,"brand":{"id":423,"name":"iDeal Basic Brand","logo":"logo-ideal-basic-brand.png","image":"https:\/\/media.th4.com\/5a9cZ8WnS7OfJY0xfvyLEy9p13arsXmjfoZ8fyoqs4k\/pr:brand70x70\/aHR0cDovL21lZGlhMi5kZXNpZ25wYXJ0bmVyLmZyL2MvbS9sb2dvLWlkZWFsLWJhc2ljLWJyYW5kLnBuZw?v=1758102290"},"price_infos":{"price_from":18.37,"quantity":200,"color":{"id":24650,"name":"navy"},"size":{"id":1,"name":"L"}},"price_infos_marking":{"price_from":26.42,"quantity":200,"color":{"id":24650,"name":"navy"},"size":{"id":1,"name":"L"},"marking":{"id":4,"name":""},"emplacement":"avant","surface_emplacement_id":1,"surface":"coeur"},"i18n":{"blank":{"title":{"fr":"Doudoune homme ib6175","en":"Men's down jacket ib6175","de":"Doudoune homme ib6175","nl":"Doudoune homme ib6175","es":"Doudoune homme ib6175","it":"Doudoune uomo ib6175","sv":"Doudoune homme ib6175","pt":"Doudoune homme ib6175","da":"Doudoune homme ib6175","pl":"Doudoune homme ib6175"},"description":{"fr":"La doudoune \u00e0 manches longues pour homme comprend une fermeture zipp\u00e9e nylon ton sur ton avec prot\u00e8ge menton et tire-zip. Elle pr\u00e9sente un col montant, une coupe droite et un matelassage horizontal avec bandes plus larges \u00e0 l'avant et dans le dos. Deux poches c\u00f4t\u00e9s doubl\u00e9es et deux poches int\u00e9rieures compl\u00e8tent ses fonctionnalit\u00e9s. Le v\u00eatement est compressible dans son sac de rangement.\n\n- Composition 100 % polyester\n- Doublure 100 % polyester 290T\n- Matelassage horizontal\n- Fermeture zipp\u00e9e nylon ton sur ton","en":"The men's long-sleeve down jacket has a tone-on-tone nylon zip closure with chin guard and zip pull. It features a stand-up collar, straight cut, and horizontal quilting with wider bands on the front and back. Two lined side pockets and two inner pockets complete its features. The garment is compressible in its storage bag.\n\n- Composition 100% polyester\n- Lining 100% polyester 290T\n- Horizontal quilting\n- Tone-on-tone nylon zip closure","de":"Die Herren-Daunenjacke mit langen \u00c4rmeln hat einen farblich abgestimmten Nylon-Rei\u00dfverschluss mit Kinnschutz und Rei\u00dfverschlusszug. Sie besitzt einen Stehkragen, einen geraden Schnitt und horizontale Steppn\u00e4hte mit breiteren Streifen vorne und am R\u00fccken. Zwei seitliche Taschen mit Futter und zwei Innentaschen erg\u00e4nzen die Funktionen. Das Kleidungsst\u00fcck ist komprimierbar in seiner Aufbewahrungstasche.\n\n- Zusammensetzung 100 % Polyester\n- Futter 100 % Polyester 290T\n- Horizontale Steppn\u00e4hte\n- Farblich abgestimmter Nylon-Rei\u00dfverschluss","nl":"Het herenjack met lange mouwen heeft een ton-sur-ton nylon ritssluiting met kinbeschermer en ritstrekker. Het heeft een opstaande kraag, een recht model en een horizontale doorgestikte patroon met bredere strepen voor en achter. Twee gevoerde steekzakken en twee binnenzakken completeren de functies. Het kledingstuk is samendrukbaar in zijn opbergzak.\n\n- Samenstelling 100% polyester\n- Voering 100% polyester 290T\n- Horizontale doorgestikte patroon\n- Ton-sur-ton nylon ritssluiting","es":"La chaqueta acolchonada de mangas largas para hombre incluye cierre de cremallera de nailon tono sobre tono con protector de barbilla y tirador. Presenta cuello alto, corte recto y acolchado horizontal con bandas m\u00e1s anchas en el frente y la espalda. Dos bolsillos laterales forrados y dos bolsillos interiores completan sus funciones. La prenda es comprimible en su bolsa de almacenamiento.\n\n- Composici\u00f3n 100 % poli\u00e9ster\n- Forro 100 % poli\u00e9ster 290T\n- Acolchado horizontal\n- Cierre de cremallera de nailon tono sobre tono","it":"La doudoune a maniche lunghe per uomo comprende una chiusura con zip nylon tono su tono con proteggi mento e tirazip. Presenta un colletto alto, una vestibilit\u00e0 dritta e un trapuntatura orizzontale con bande pi\u00f9 larghe davanti e sulla schiena. Due tasche laterali foderate e due tasche interne completano le sue funzionalit\u00e0. Il capo \u00e8 comprimibile nella sua sacca di conservazione.\n\n- Composizione 100 % polyester\n- Fodera 100 % polyester 290T\n- Trapuntatura orizzontale\n- Chiusura con zip nylon tono su tono","sv":"Herrens dunjacka med l\u00e5nga \u00e4rmar har en ton-i-ton nylon dragkedja med hakskydd och dragflik. Den har en st\u00e5krage, rak passform och horisontell vaddering med bredare band fram och bak. Tv\u00e5 fodrade sidofickor och tv\u00e5 innerfickor kompletterar funktionaliteten. Plagget \u00e4r packbart i sin f\u00f6rvaringsp\u00e5se.\n\n- Komposition 100 % polyester\n- Foder 100 % polyester 290T\n- Horisontell vaddering\n- Ton-i-ton nylon dragkedja","pt":"A doudoune masculina de mangas compridas inclui fecho de correr em nylon tom sobre tom com protetor de queixo e puxador. Possui gola alta, corte reto e acolchoamento horizontal com faixas mais largas na frente e nas costas. Dois bolsos laterais forrados e dois bolsos interiores completam as suas funcionalidades. A pe\u00e7a \u00e9 compress\u00edvel na sua bolsa de armazenamento.\n\n- Composi\u00e7\u00e3o 100 % poli\u00e9ster\n- Forro 100 % poli\u00e9ster 290T\n- Acolchoamento horizontal\n- Fecho de correr em nylon tom sobre tom","da":"Herre-doudounen med lange \u00e6rmer har en ton-i-ton nylon lynl\u00e5s med hakbeskytter og lyneskede. Den har en opretst\u00e5ende krave, lige pasform og vandret quiltning med bredere b\u00e5nd foran og bagp\u00e5. To foret sidelommer og to inderlommer fuldender funktionaliteten. Bekl\u00e6dningen kan komprimeres i sin opbevaringstaske.\n\n- Sammens\u00e6tning 100 % polyester\n- For 100 % polyester 290T\n- Vandret quiltning\n- Ton-i-ton nylon lynl\u00e5s","pl":"Kurtka puchowa m\u0119ska z d\u0142ugimi r\u0119kawami wyposa\u017cona jest w nylonowy zamek b\u0142yskawiczny ton w ton z os\u0142on\u0105 podbr\u00f3dka i suwakiem. Posiada st\u00f3jk\u0119, prosty kr\u00f3j oraz poziome pikowanie z szerszymi pasami z przodu i na plecach. Dwie kieszenie boczne wy\u0142o\u017cone podszewk\u0105 oraz dwie kieszenie wewn\u0119trzne uzupe\u0142niaj\u0105 funkcje. Odzie\u017c jest kompresowalna, zapakowana w pokrowiec.\n\n- Sk\u0142ad 100 % poliester\n- Podszewka 100 % poliester 290T\n- Poziome pikowanie\n- Nylonowy zamek b\u0142yskawiczny ton w ton"},"h1":{"fr":"Doudoune homme ib6175","en":"Men's down jacket ib6175","de":"Doudoune homme ib6175","nl":"Doudoune homme ib6175","es":"Doudoune homme ib6175","it":"Doudoune uomo ib6175","sv":"Doudoune homme ib6175","pt":"Doudoune homme ib6175","da":"Doudoune homme ib6175","pl":"Doudoune homme ib6175"},"meta_description":{"fr":"La doudoune homme \u00e0 manches longues comporte une fermeture zipp\u00e9e, plusieurs poches et un matelassage horizontal pour un usage quotidien.","en":"The men's long-sleeve down jacket features a zip closure, multiple pockets, and horizontal quilting for daily use.","de":"Die Herren-Daunenjacke mit langen \u00c4rmeln verf\u00fcgt \u00fcber einen Rei\u00dfverschluss, mehrere Taschen und horizontale Steppn\u00e4hte f\u00fcr den t\u00e4glichen Gebrauch.","nl":"Het herenenjack met lange mouwen heeft een ritssluiting, meerdere zakken en een horizontale doorgestikte patroon voor dagelijks gebruik.","es":"La chaqueta acolchonada para hombre con mangas largas cuenta con cierre de cremallera, varios bolsillos y acolchado horizontal para uso diario.","it":"La doudoune uomo a maniche lunghe presenta una chiusura con zip, diverse tasche e un trapuntatura orizzontale per un uso quotidiano.","sv":"Herrens dunjacka med l\u00e5nga \u00e4rmar har en dragkedja, flera fickor och horisontell vaddering f\u00f6r dagligt bruk.","pt":"A doudoune masculina de mangas compridas possui fecho de correr, v\u00e1rios bolsos e acolchoamento horizontal para uso di\u00e1rio.","da":"Herre-doudounen med lange \u00e6rmer har en lynl\u00e5slukning, flere lommer og vandret quiltning til daglig brug.","pl":"M\u0119ska kurtka puchowa z d\u0142ugimi r\u0119kawami posiada zamek b\u0142yskawiczny, kilka kieszeni oraz poziome pikowanie do codziennego u\u017cytku."}},"custom":{"title":{"fr":"Doudoune matelass\u00e9e homme iDEAL BASIC BRAND ib6175 personnalisable","en":"Men's quilted jacket iDEAL BASIC BRAND ib6175 customizable","de":"Doudoune matelass\u00e9e homme iDEAL BASIC BRAND ib6175 personalisierbar","nl":"Doudoune matelass\u00e9e homme iDEAL BASIC BRAND ib6175 aanpasbaar","es":"Doudoune matelass\u00e9e homme iDEAL BASIC BRAND ib6175 personalizable","it":"Doudoune matelass\u00e9e homme iDEAL BASIC BRAND ib6175 personalizzabile","sv":"Quiltad dunjacka herr iDEAL BASIC BRAND ib6175 anpassningsbar","pt":"Doudoune matelass\u00e9e homme iDEAL BASIC BRAND ib6175 personaliz\u00e1vel","da":"Doudoune matelass\u00e9e homme iDEAL BASIC BRAND ib6175 tilpasselig","pl":"Doudoune matelass\u00e9e homme iDEAL BASIC BRAND ib6175 personalizowany"},"description":{"fr":"La doudoune matelass\u00e9e homme est con\u00e7ue en polyester avec une garniture et doublure 100 % polyester 290T ton sur ton. Elle pr\u00e9sente une coupe droite avec col montant, deux poches zipp\u00e9es c\u00f4t\u00e9s doubl\u00e9es, deux poches int\u00e9rieures et une fermeture zipp\u00e9e avec prot\u00e8ge menton. Le matelassage horizontal se distingue par des bandes plus larges \u00e0 l'avant et dans le dos favorisant la personnalisation. Bas des manches et v\u00eatement avec finition biais \u00e9lastiqu\u00e9 ton sur ton. Boucle d'accroche int\u00e9rieure au col. Produit compressible dans son sac de rangement. L'\u00e9tiquette marque est d\u00e9tachable.\n\n- Composition 100 % polyester\n- Matelassage horizontal avec bandes larges\n- Poches zipp\u00e9es c\u00f4t\u00e9s doubl\u00e9es\n- Possibilit\u00e9 de personnaliser","en":"The men's quilted jacket is made of polyester with 100% polyester 290T tone-on-tone padding and lining. It features a straight cut with stand-up collar, two lined zipped side pockets, two inner pockets, and a zipped closure with chin guard. The horizontal quilting is marked by wider bands at the front and back to facilitate customization. Cuffs and hem with tone-on-tone elastic binding. Inner hanging loop at the collar. Compressible product in its storage bag. Brand label is detachable.\n\n- Composition 100% polyester\n- Horizontal quilting with wide bands\n- Lined zipped side pockets\n- Customization option","de":"Die doudoune matelass\u00e9e homme ist aus Polyester mit F\u00fcllung und Futter 100 % Polyester 290T in Ton-in-Ton gefertigt. Sie hat eine gerade Passform mit Stehkragen, zwei gef\u00fctterte Rei\u00dfverschlusstaschen an den Seiten, zwei Innentaschen und einen Rei\u00dfverschluss mit Kinnschutz. Die horizontale Steppung zeichnet sich durch breitere Streifen vorne und hinten aus und erm\u00f6glicht Personalisierung. B\u00fcndchen und Saum sind mit elastischem Paspel in Ton-in-Ton verarbeitet. Innenhaken am Kragen. Komprimierbar im Aufbewahrungsbeutel. Markenetikett abnehmbar.\n\n- Zusammensetzung 100 % Polyester\n- Horizontale Steppung mit breiten Streifen\n- Gef\u00fctterte Rei\u00dfverschlusstaschen an den Seiten\n- M\u00f6glichkeit zu personalisieren","nl":"De doudoune matelass\u00e9e homme is gemaakt van polyester met een voering en vulling van 100% polyester 290T toon-op-toon. Hij heeft een rechte snit met opstaande kraag, twee aan de zijkanten gevoerde zakken met rits, twee binnenzakken en een ritssluiting met kinstukbeschermer. De horizontale stiksels onderscheiden zich door bredere stroken aan de voorkant en rug die personalisatie mogelijk maken. Elastische zoom aan mouwen en onderkant in toon-op-toon afwerking. Binnenlus aan de kraag. Inklapbaar en opbergbaar in zijn eigen zak. Het merklabel is afneembaar.\n\n- Samenstelling 100% polyester\n- Horizontale stiksels met brede strepen\n- Geverfde zakken aan de zijkant met ritsen\n- Mogelijkheid tot personalisatie","es":"La doudoune matelass\u00e9e homme est\u00e1 fabricada en poli\u00e9ster con relleno y forro 100 % poli\u00e9ster 290T tono sobre tono. Presenta corte recto con cuello alto, dos bolsillos laterales con cremallera y forro, dos bolsillos interiores y cierre con cremallera con protecci\u00f3n para la barbilla. El acolchado horizontal se distingue por bandas m\u00e1s anchas en la parte delantera y trasera que facilitan la personalizaci\u00f3n. Bajo de las mangas y prenda con acabado en ribete el\u00e1stico tono sobre tono. Anilla interior para colgar en el cuello. Producto comprimible en su bolsa de almacenamiento. Etiqueta de marca desmontable.\n\n- Composici\u00f3n 100 % poli\u00e9ster\n- Acolchado horizontal con bandas anchas\n- Bolsillos laterales con cremallera y forro\n- Posibilidad de personalizar","it":"La doudoune matelass\u00e9e homme \u00e8 realizzata in poliestere con imbottitura e fodera 100% poliestere 290T tono su tono. Presenta un taglio dritto con collo alto, due tasche laterali con zip e fodera, due tasche interne e chiusura con zip con protezione per il mento. L'imbottitura orizzontale si distingue per le bande pi\u00f9 larghe sul davanti e sul retro che facilitano la personalizzazione. Fondo maniche e capo con finitura a nastro elastico tono su tono. Anello interno per appendere sul collo. Prodotto comprimibile nella sua borsa per il trasporto. Etichetta del marchio staccabile.\n\n- Composizione 100% poliestere\n- Imbottitura orizzontale con bande larghe\n- Tasche laterali con zip e fodera\n- Possibilit\u00e0 di personalizzare","sv":"Den quiltade dunjackan herr \u00e4r tillverkad i polyester med vaddering och foder i 100 % polyester 290T ton i ton. Den har rakt snitt med st\u00e5krage, tv\u00e5 dragkedjef\u00f6rsedda sidofickor med foder, tv\u00e5 innerfickor och dragkedja med hakskydd. Den horisontella quiltingen k\u00e4nnetecknas av bredare remsor framtill och p\u00e5 ryggen som underl\u00e4ttar anpassning. \u00c4rmslut och plagg med elastisk kantning ton i ton. Innerh\u00e4ngare i kragen. Komprimerbar i sin f\u00f6rvaringsp\u00e5se. M\u00e4rkets etikett \u00e4r avtagbar.\n\n- Sammans\u00e4ttning 100 % polyester\n- Horisontell quilting med breda remsor\n- Dragkedjef\u00f6rsedda sidofickor med foder\n- M\u00f6jlighet till anpassning","pt":"O doudoune matelass\u00e9e homme \u00e9 fabricado em poli\u00e9ster com enchimento e forro 100% poli\u00e9ster 290T tom sobre tom. Possui corte reto com gola alta, dois bolsos laterais com z\u00edper forrados, dois bolsos internos e fecho de z\u00edper com prote\u00e7\u00e3o para o queixo. O matelass\u00ea horizontal destaca-se por faixas mais largas na frente e nas costas favorecendo a personaliza\u00e7\u00e3o. Bainha das mangas e da pe\u00e7a com acabamento em vi\u00e9s el\u00e1stico tom sobre tom. Argola interna na gola para pendurar. Produto compact\u00e1vel em sua bolsa de armazenamento. Etiqueta da marca remov\u00edvel.\n\n- Composi\u00e7\u00e3o 100% poli\u00e9ster\n- Matelass\u00ea horizontal com faixas largas\n- Bolsos laterais com z\u00edper forrados\n- Possibilidade de personaliza\u00e7\u00e3o","da":"Doudoune matelass\u00e9e homme er lavet i polyester med en fyldning og foring i 100 % polyester 290T ton-i-ton. Den har et lige snit med h\u00f8j krave, to lynl\u00e5slommer i siderne med foring, to indvendige lommer og en lynl\u00e5s med hagebeskytter. Den vandrette quiltning har bredere b\u00e5nd foran og bagp\u00e5, der muligg\u00f8r tilpasning. \u00c6rmernes og bekl\u00e6dningens kant er afsluttet med elastisk ton-i-ton kantb\u00e5nd. Indvendig oph\u00e6ngningsstrop i kraven. Kan komprimeres i opbevaringsposen. M\u00e6rkeetiket kan tages af.\n\n- Sammens\u00e6tning 100 % polyester\n- Vandret quiltning med brede b\u00e5nd\n- Lynl\u00e5slommer i siderne med foring\n- Mulighed for tilpasning","pl":"Model doudoune matelass\u00e9e homme wykonany z poliestru z wype\u0142nieniem i podszewk\u0105 100% poliester 290T ton w ton. Posiada prosty kr\u00f3j z ko\u0142nierzem typu st\u00f3jka, dwie kieszenie boczne zapinane na zamek z podszyciem, dwie kieszenie wewn\u0119trzne oraz zamek z ochron\u0105 brody. Pikowanie poziome wyr\u00f3\u017cnia si\u0119 szerszymi pasami z przodu i na plecach sprzyjaj\u0105cymi personalizacji. Ko\u0144c\u00f3wki r\u0119kaw\u00f3w i d\u00f3\u0142 odzie\u017cy wyko\u0144czone elastanow\u0105 lam\u00f3wk\u0105 ton w ton. Wewn\u0105trz ko\u0142nierza p\u0119telka do zawieszania. Produkt kompresyjny, mie\u015bci si\u0119 w swoim woreczku.\n\n- Sk\u0142ad 100% poliester\n- Pikowanie poziome z szerokimi pasami\n- Boczne kieszenie zapinane na zamek z podszyciem\n- Mo\u017cliwo\u015b\u0107 personalizacji"},"h1":{"fr":"Doudoune matelass\u00e9e homme iDEAL BASIC BRAND ib6175 personnalisable","en":"Men's quilted jacket iDEAL BASIC BRAND ib6175 customizable","de":"Doudoune matelass\u00e9e homme iDEAL BASIC BRAND ib6175 personalisierbar","nl":"Doudoune matelass\u00e9e homme iDEAL BASIC BRAND ib6175 aanpasbaar","es":"Doudoune matelass\u00e9e homme iDEAL BASIC BRAND ib6175 personalizable","it":"Doudoune matelass\u00e9e homme iDEAL BASIC BRAND ib6175 personalizzabile","sv":"Quiltad dunjacka herr iDEAL BASIC BRAND ib6175 anpassningsbar","pt":"Doudoune matelass\u00e9e homme iDEAL BASIC BRAND ib6175 personaliz\u00e1vel","da":"Doudoune matelass\u00e9e homme iDEAL BASIC BRAND ib6175 tilpasselig","pl":"Doudoune matelass\u00e9e homme iDEAL BASIC BRAND ib6175 personalizowany"},"meta_description":{"fr":"Doudoune matelass\u00e9e homme en polyester avec col montant, poches zipp\u00e9es et possibilit\u00e9 de personnalisation. Coupe droite et matelassage horizontal.","en":"Men's quilted jacket in polyester with stand-up collar, zipped pockets and customization option. Straight cut and horizontal quilting.","de":"Doudoune matelass\u00e9e homme aus Polyester mit Stehkragen, Rei\u00dfverschlusstaschen und Personalisierungsm\u00f6glichkeit. Gerade Passform und horizontale Steppung.","nl":"Doudoune matelass\u00e9e homme van polyester met opstaande kraag, met ritssluitingen aan de zakken en mogelijkheid tot personalisatie. Rechte snit en horizontale stiksels.","es":"Doudoune matelass\u00e9e homme en poli\u00e9ster con cuello alto, bolsillos con cremallera y posibilidad de personalizaci\u00f3n. Corte recto y acolchado horizontal.","it":"Doudoune matelass\u00e9e homme in poliestere con collo alto, tasche con zip e possibilit\u00e0 di personalizzazione. Taglio dritto e imbottitura orizzontale.","sv":"Quiltad dunjacka herr i polyester med st\u00e5krage, dragkedjef\u00f6rsedda fickor och m\u00f6jlighet till anpassning. Rakt snitt och horisontell quilting.","pt":"Doudoune matelass\u00e9e homme em poli\u00e9ster com gola alta, bolsos laterais com z\u00edper e possibilidade de personaliza\u00e7\u00e3o. Corte reto e matelass\u00ea horizontal.","da":"Doudoune matelass\u00e9e homme i polyester med h\u00f8j krave, lynl\u00e5slommer og mulighed for tilpasning. Lige snit og vandret quiltning.","pl":"Doudoune matelass\u00e9e homme z poliestru z ko\u0142nierzem typu st\u00f3jka, kieszeniami zapinanymi na zamek i mo\u017cliwo\u015bci\u0105 personalizacji. Prosty kr\u00f3j i pikowanie poziome."}}},"categories":[{"id":302,"name":"Doudounes","singular":"Doudoune","is_feminin":false},{"id":13,"name":"Vestes et manteaux","singular":"Veste et manteau","is_feminin":true},{"id":354,"name":"Textile","singular":"Textile","is_feminin":false}],"certifications":[{"id":1,"label":"OEKO-TEX 100","logo_link":"\/images\/certifications\/1_OEKO-TEX_100.jpg","is_marking_compatible":false},{"id":13,"label":"EVE Vegan","logo_link":"\/images\/certifications\/13_EVE_Vegan.jpg","is_marking_compatible":false}],"videos":{"fr":[],"en":[],"de":[],"nl":[],"es":[],"it":[],"sv":[],"pt":[],"da":[],"pl":[]},"main_images":{"miniature":"https:\/\/media.th4.com\/1oQEl3jg7q2uAlVHIdvEBnJwhVg3_j6I92DPtxmvKMM\/pr:80\/aHR0cDovL21lZGlhMi5kZXNpZ25wYXJ0bmVyLmZyL2MvcC1ibGFuay1USC8yMTEyMy53ZWJw?v=1760020373","medium":"https:\/\/media.th4.com\/IWObyivHH7cGSY63vPr38FYHj_RME1sQktH0WtzWeJk\/pr:550x550greybg\/aHR0cDovL21lZGlhMi5kZXNpZ25wYXJ0bmVyLmZyL2MvcC1ibGFuay1USC8yMTEyMy53ZWJw?v=1760020373","medium_large":"https:\/\/media.th4.com\/TbTiglEK8wZSpiFOTLrwL8jkKSY1Spc0DGi0hbft9hc\/pr:1000x1000greybg\/aHR0cDovL21lZGlhMi5kZXNpZ25wYXJ0bmVyLmZyL2MvcC1ibGFuay1USC8yMTEyMy53ZWJw?v=1760020373","large":"https:\/\/media.th4.com\/HqUBqcD0CBrH7cSWj0O5iYzQA3yQevMDkHbODf957-I\/pr:1920greybg\/aHR0cDovL21lZGlhMi5kZXNpZ25wYXJ0bmVyLmZyL2MvcC1ibGFuay1USC8yMTEyMy53ZWJw?v=1760020373","opengraph":"https:\/\/media.th4.com\/bR1M-iv4fZ4z_eVKFodnVPmSm9lOY4Ce0Zh5frtjXdE\/pr:1200x630greybg\/aHR0cDovL21lZGlhMi5kZXNpZ25wYXJ0bmVyLmZyL2MvcC1ibGFuay1USC8yMTEyMy53ZWJw?v=1760020373"},"main_images_customization":{"miniature":"https:\/\/media.th4.com\/UlFYETThvI_uy3cVRCmxVvfPlerluNchQzon86rkhqQ\/pr:80\/aHR0cDovL21lZGlhMi5kZXNpZ25wYXJ0bmVyLmZyL2MvcC1jdXN0b20tVEgvMjExMjMud2VicA?v=1760020373","medium":"https:\/\/media.th4.com\/UydRWayugDeKpmg5vDApLGErhd-91ZfiIRsbwCJxUNg\/pr:550x550greybg\/aHR0cDovL21lZGlhMi5kZXNpZ25wYXJ0bmVyLmZyL2MvcC1jdXN0b20tVEgvMjExMjMud2VicA?v=1760020373","medium_large":"https:\/\/media.th4.com\/NxnCDnuVI5LJH86H8zhzAc0kxwP9Frj5fBw-hwL4ITo\/pr:1000x1000greybg\/aHR0cDovL21lZGlhMi5kZXNpZ25wYXJ0bmVyLmZyL2MvcC1jdXN0b20tVEgvMjExMjMud2VicA?v=1760020373","large":"https:\/\/media.th4.com\/tVD7i5vxoAJdQcvgOP6Z39GaSCkFlne38X0jhxLcDF8\/pr:1920greybg\/aHR0cDovL21lZGlhMi5kZXNpZ25wYXJ0bmVyLmZyL2MvcC1jdXN0b20tVEgvMjExMjMud2VicA?v=1760020373","opengraph":"https:\/\/media.th4.com\/F7imotVbSKPpNMtfOUxvhKMyewGplYzQ5u_WPvqrj8A\/pr:1200x630greybg\/aHR0cDovL21lZGlhMi5kZXNpZ25wYXJ0bmVyLmZyL2MvcC1jdXN0b20tVEgvMjExMjMud2VicA?v=1760020373"},"page_links":{"fr":"\/fr\/p-id-ib6175-doudoune-homme-ib6175-21123\/","en":"\/en\/p-id-ib6175-mens-down-jacket-ib6175-21123\/","de":"\/de\/p-id-ib6175-doudoune-homme-ib6175-21123\/","nl":"\/nl\/p-id-ib6175-doudoune-homme-ib6175-21123\/","es":"\/es\/p-id-ib6175-doudoune-homme-ib6175-21123\/","it":"\/it\/p-id-ib6175-doudoune-uomo-ib6175-21123\/","sv":"\/sv\/p-id-ib6175-doudoune-homme-ib6175-21123\/","pt":"\/pt\/p-id-ib6175-doudoune-homme-ib6175-21123\/","da":"\/da\/p-id-ib6175-doudoune-homme-ib6175-21123\/","pl":"\/pl\/p-id-ib6175-doudoune-homme-ib6175-21123\/"},"page_links_customization":{"fr":"\/fr\/p-id-ib6175-doudoune-matelassee-homme-ideal-basic-brand-ib6175-personnalisable-21123\/custom\/","en":"\/en\/p-id-ib6175-mens-quilted-jacket-ideal-basic-brand-ib6175-customizable-21123\/custom\/","de":"\/de\/p-id-ib6175-doudoune-matelassee-homme-ideal-basic-brand-ib6175-personalisierbar-21123\/custom\/","nl":"\/nl\/p-id-ib6175-doudoune-matelassee-homme-ideal-basic-brand-ib6175-aanpasbaar-21123\/custom\/","es":"\/es\/p-id-ib6175-doudoune-matelassee-homme-ideal-basic-brand-ib6175-personalizable-21123\/custom\/","it":"\/it\/p-id-ib6175-doudoune-matelassee-homme-ideal-basic-brand-ib6175-personalizzabile-21123\/custom\/","sv":"\/sv\/p-id-ib6175-quiltad-dunjacka-herr-ideal-basic-brand-ib6175-anpassningsbar-21123\/custom\/","pt":"\/pt\/p-id-ib6175-doudoune-matelassee-homme-ideal-basic-brand-ib6175-personalizavel-21123\/custom\/","da":"\/da\/p-id-ib6175-doudoune-matelassee-homme-ideal-basic-brand-ib6175-tilpasselig-21123\/custom\/","pl":"\/pl\/p-id-ib6175-doudoune-matelassee-homme-ideal-basic-brand-ib6175-personalizowany-21123\/custom\/"},"equivalent_products":[21124],"colors":[{"id":24650,"name":"navy","class_ids":[2],"codes_hexa":["3F3E4C"],"delai_24":false,"has_3d":false,"seuil_global":0,"stock_local":0,"stock_global":5980,"on_standby":false,"in_catalog":true,"images":{"miniature":["https:\/\/media.th4.com\/nOZbpoU9tH0ycs0RKOanFMg6fFhKrEsdRxB51ctZQuY\/pr:80\/aHR0cDovL21lZGlhMi5kZXNpZ25wYXJ0bmVyLmZyL2MvcC8yMTEyMy8yMTEyMy0yNDY1MC0xLndlYnA?v=1760012769","https:\/\/media.th4.com\/-MdB0sWdM6Yq2lSEsjnXO9-4n4BJJ951Pl5q1sRrAK8\/pr:80\/aHR0cDovL21lZGlhMi5kZXNpZ25wYXJ0bmVyLmZyL2MvcC8yMTEyMy8yMTEyMy0yNDY1MC0yLndlYnA?v=1760012770","https:\/\/media.th4.com\/95-Z5PsWEukq-bv9pEjHgj4atE0lxvKZ3J5duO4EiTs\/pr:80\/aHR0cDovL21lZGlhMi5kZXNpZ25wYXJ0bmVyLmZyL2MvcC8yMTEyMy8yMTEyMy0yNDY1MC0zLndlYnA?v=1760012770"],"medium":["https:\/\/media.th4.com\/vwIicdoAjl8go73ky_mbPtl4nps7DZJz3fpjtSuaqRU\/pr:550x550\/aHR0cDovL21lZGlhMi5kZXNpZ25wYXJ0bmVyLmZyL2MvcC8yMTEyMy8yMTEyMy0yNDY1MC0xLndlYnA?v=1760012769","https:\/\/media.th4.com\/gbH5l3nBAZaGm6ZypaugO4JWRR6nsoGE9MfVYe4dzfg\/pr:550x550\/aHR0cDovL21lZGlhMi5kZXNpZ25wYXJ0bmVyLmZyL2MvcC8yMTEyMy8yMTEyMy0yNDY1MC0yLndlYnA?v=1760012770","https:\/\/media.th4.com\/ywhit7uwzbojtpvzNENxB1CVWEohSC7Yg8IuR9UU7_w\/pr:550x550\/aHR0cDovL21lZGlhMi5kZXNpZ25wYXJ0bmVyLmZyL2MvcC8yMTEyMy8yMTEyMy0yNDY1MC0zLndlYnA?v=1760012770"],"medium_large":["https:\/\/media.th4.com\/V8O-pPzeOgXvIICAmZBvZtpdCaS8jPrClSlDNT0BMAg\/pr:1000x1000\/aHR0cDovL21lZGlhMi5kZXNpZ25wYXJ0bmVyLmZyL2MvcC8yMTEyMy8yMTEyMy0yNDY1MC0xLndlYnA?v=1760012769","https:\/\/media.th4.com\/6WadcjLgSrg9_fr1wqQM7eb-4zBM1UQrCsNhfAk_1cU\/pr:1000x1000\/aHR0cDovL21lZGlhMi5kZXNpZ25wYXJ0bmVyLmZyL2MvcC8yMTEyMy8yMTEyMy0yNDY1MC0yLndlYnA?v=1760012770","https:\/\/media.th4.com\/mrNsU5wgpe1x5byAXeqj954bibDL3rx7BJXa4S1YIz4\/pr:1000x1000\/aHR0cDovL21lZGlhMi5kZXNpZ25wYXJ0bmVyLmZyL2MvcC8yMTEyMy8yMTEyMy0yNDY1MC0zLndlYnA?v=1760012770"],"large":["https:\/\/media.th4.com\/An3Q9f_bbGWFQkFz2JmX93HRf852XK1SDodEOWd1zWk\/pr:1920\/aHR0cDovL21lZGlhMi5kZXNpZ25wYXJ0bmVyLmZyL2MvcC8yMTEyMy8yMTEyMy0yNDY1MC0xLndlYnA?v=1760012769","https:\/\/media.th4.com\/FLCLF7RIftK5fMsl05jQf43XCm_bSxIjjI4TklU95fw\/pr:1920\/aHR0cDovL21lZGlhMi5kZXNpZ25wYXJ0bmVyLmZyL2MvcC8yMTEyMy8yMTEyMy0yNDY1MC0yLndlYnA?v=1760012770","https:\/\/media.th4.com\/g7mnBent-qJLTAFwvPGoa4fPIV39ZAH6CMMtnjbrx-Q\/pr:1920\/aHR0cDovL21lZGlhMi5kZXNpZ25wYXJ0bmVyLmZyL2MvcC8yMTEyMy8yMTEyMy0yNDY1MC0zLndlYnA?v=1760012770"],"opengraph":["https:\/\/media.th4.com\/JAaSPSiMVc-xaZs5MEnToph_dYMz7tUR4RTEgJOy0AU\/pr:1200x630\/aHR0cDovL21lZGlhMi5kZXNpZ25wYXJ0bmVyLmZyL2MvcC8yMTEyMy8yMTEyMy0yNDY1MC0xLndlYnA?v=1760012769","https:\/\/media.th4.com\/QuoxPZo5agv9hpmnGNn4V8QmmKZGSqvAPpN4BzLHIuY\/pr:1200x630\/aHR0cDovL21lZGlhMi5kZXNpZ25wYXJ0bmVyLmZyL2MvcC8yMTEyMy8yMTEyMy0yNDY1MC0yLndlYnA?v=1760012770","https:\/\/media.th4.com\/Q3BHIeLvDJYlEx-KhqUx5hZMTjR6Pw0EDTdjfLere-M\/pr:1200x630\/aHR0cDovL21lZGlhMi5kZXNpZ25wYXJ0bmVyLmZyL2MvcC8yMTEyMy8yMTEyMy0yNDY1MC0zLndlYnA?v=1760012770"]},"images_customization":{"miniature":["https:\/\/media.th4.com\/nOZbpoU9tH0ycs0RKOanFMg6fFhKrEsdRxB51ctZQuY\/pr:80\/aHR0cDovL21lZGlhMi5kZXNpZ25wYXJ0bmVyLmZyL2MvcC8yMTEyMy8yMTEyMy0yNDY1MC0xLndlYnA?v=1760012769","https:\/\/media.th4.com\/-MdB0sWdM6Yq2lSEsjnXO9-4n4BJJ951Pl5q1sRrAK8\/pr:80\/aHR0cDovL21lZGlhMi5kZXNpZ25wYXJ0bmVyLmZyL2MvcC8yMTEyMy8yMTEyMy0yNDY1MC0yLndlYnA?v=1760012770","https:\/\/media.th4.com\/95-Z5PsWEukq-bv9pEjHgj4atE0lxvKZ3J5duO4EiTs\/pr:80\/aHR0cDovL21lZGlhMi5kZXNpZ25wYXJ0bmVyLmZyL2MvcC8yMTEyMy8yMTEyMy0yNDY1MC0zLndlYnA?v=1760012770"],"medium":["https:\/\/media.th4.com\/vwIicdoAjl8go73ky_mbPtl4nps7DZJz3fpjtSuaqRU\/pr:550x550\/aHR0cDovL21lZGlhMi5kZXNpZ25wYXJ0bmVyLmZyL2MvcC8yMTEyMy8yMTEyMy0yNDY1MC0xLndlYnA?v=1760012769","https:\/\/media.th4.com\/gbH5l3nBAZaGm6ZypaugO4JWRR6nsoGE9MfVYe4dzfg\/pr:550x550\/aHR0cDovL21lZGlhMi5kZXNpZ25wYXJ0bmVyLmZyL2MvcC8yMTEyMy8yMTEyMy0yNDY1MC0yLndlYnA?v=1760012770","https:\/\/media.th4.com\/ywhit7uwzbojtpvzNENxB1CVWEohSC7Yg8IuR9UU7_w\/pr:550x550\/aHR0cDovL21lZGlhMi5kZXNpZ25wYXJ0bmVyLmZyL2MvcC8yMTEyMy8yMTEyMy0yNDY1MC0zLndlYnA?v=1760012770"],"medium_large":["https:\/\/media.th4.com\/V8O-pPzeOgXvIICAmZBvZtpdCaS8jPrClSlDNT0BMAg\/pr:1000x1000\/aHR0cDovL21lZGlhMi5kZXNpZ25wYXJ0bmVyLmZyL2MvcC8yMTEyMy8yMTEyMy0yNDY1MC0xLndlYnA?v=1760012769","https:\/\/media.th4.com\/6WadcjLgSrg9_fr1wqQM7eb-4zBM1UQrCsNhfAk_1cU\/pr:1000x1000\/aHR0cDovL21lZGlhMi5kZXNpZ25wYXJ0bmVyLmZyL2MvcC8yMTEyMy8yMTEyMy0yNDY1MC0yLndlYnA?v=1760012770","https:\/\/media.th4.com\/mrNsU5wgpe1x5byAXeqj954bibDL3rx7BJXa4S1YIz4\/pr:1000x1000\/aHR0cDovL21lZGlhMi5kZXNpZ25wYXJ0bmVyLmZyL2MvcC8yMTEyMy8yMTEyMy0yNDY1MC0zLndlYnA?v=1760012770"],"large":["https:\/\/media.th4.com\/An3Q9f_bbGWFQkFz2JmX93HRf852XK1SDodEOWd1zWk\/pr:1920\/aHR0cDovL21lZGlhMi5kZXNpZ25wYXJ0bmVyLmZyL2MvcC8yMTEyMy8yMTEyMy0yNDY1MC0xLndlYnA?v=1760012769","https:\/\/media.th4.com\/FLCLF7RIftK5fMsl05jQf43XCm_bSxIjjI4TklU95fw\/pr:1920\/aHR0cDovL21lZGlhMi5kZXNpZ25wYXJ0bmVyLmZyL2MvcC8yMTEyMy8yMTEyMy0yNDY1MC0yLndlYnA?v=1760012770","https:\/\/media.th4.com\/g7mnBent-qJLTAFwvPGoa4fPIV39ZAH6CMMtnjbrx-Q\/pr:1920\/aHR0cDovL21lZGlhMi5kZXNpZ25wYXJ0bmVyLmZyL2MvcC8yMTEyMy8yMTEyMy0yNDY1MC0zLndlYnA?v=1760012770"],"opengraph":["https:\/\/media.th4.com\/JAaSPSiMVc-xaZs5MEnToph_dYMz7tUR4RTEgJOy0AU\/pr:1200x630\/aHR0cDovL21lZGlhMi5kZXNpZ25wYXJ0bmVyLmZyL2MvcC8yMTEyMy8yMTEyMy0yNDY1MC0xLndlYnA?v=1760012769","https:\/\/media.th4.com\/QuoxPZo5agv9hpmnGNn4V8QmmKZGSqvAPpN4BzLHIuY\/pr:1200x630\/aHR0cDovL21lZGlhMi5kZXNpZ25wYXJ0bmVyLmZyL2MvcC8yMTEyMy8yMTEyMy0yNDY1MC0yLndlYnA?v=1760012770","https:\/\/media.th4.com\/Q3BHIeLvDJYlEx-KhqUx5hZMTjR6Pw0EDTdjfLere-M\/pr:1200x630\/aHR0cDovL21lZGlhMi5kZXNpZ25wYXJ0bmVyLmZyL2MvcC8yMTEyMy8yMTEyMy0yNDY1MC0zLndlYnA?v=1760012770"]},"country_origin":"MM","traceability":{"manufacturing_country_id":null,"weaving_country_id":null,"dyeing_country_id":null},"sizes":[{"id":3,"article_id":517865,"class_id":3,"name":"S","on_standby":false,"stock_local":0,"stock_global":597,"multiple":1,"estimated_date_reassort":null,"is_destocking":false},{"id":2,"article_id":517866,"class_id":4,"name":"M","on_standby":false,"stock_local":0,"stock_global":1538,"multiple":1,"estimated_date_reassort":null,"is_destocking":false},{"id":1,"article_id":517867,"class_id":5,"name":"L","on_standby":false,"stock_local":0,"stock_global":1703,"multiple":1,"estimated_date_reassort":null,"is_destocking":false},{"id":4,"article_id":517868,"class_id":6,"name":"XL","on_standby":false,"stock_local":0,"stock_global":1359,"multiple":1,"estimated_date_reassort":null,"is_destocking":false},{"id":1116,"article_id":517869,"class_id":7,"name":"2XL","on_standby":false,"stock_local":0,"stock_global":584,"multiple":1,"estimated_date_reassort":null,"is_destocking":false},{"id":1081,"article_id":517870,"class_id":8,"name":"3XL","on_standby":false,"stock_local":0,"stock_global":156,"multiple":1,"estimated_date_reassort":null,"is_destocking":false},{"id":16,"article_id":517871,"class_id":9,"name":"4XL","on_standby":false,"stock_local":0,"stock_global":43,"multiple":1,"estimated_date_reassort":null,"is_destocking":false}],"page_links":{"fr":"\/fr\/p-id-ib6175-doudoune-homme-ib6175-21123\/navy-24650\/","en":"\/en\/p-id-ib6175-mens-down-jacket-ib6175-21123\/navy-24650\/","de":"\/de\/p-id-ib6175-doudoune-homme-ib6175-21123\/navy-24650\/","nl":"\/nl\/p-id-ib6175-doudoune-homme-ib6175-21123\/navy-24650\/","es":"\/es\/p-id-ib6175-doudoune-homme-ib6175-21123\/navy-24650\/","it":"\/it\/p-id-ib6175-doudoune-uomo-ib6175-21123\/navy-24650\/","sv":"\/sv\/p-id-ib6175-doudoune-homme-ib6175-21123\/navy-24650\/","pt":"\/pt\/p-id-ib6175-doudoune-homme-ib6175-21123\/navy-24650\/","da":"\/da\/p-id-ib6175-doudoune-homme-ib6175-21123\/navy-24650\/","pl":"\/pl\/p-id-ib6175-doudoune-homme-ib6175-21123\/navy-24650\/"},"page_links_customization":{"fr":"\/fr\/p-id-ib6175-doudoune-matelassee-homme-ideal-basic-brand-ib6175-personnalisable-21123\/navy-24650\/custom\/","en":"\/en\/p-id-ib6175-mens-quilted-jacket-ideal-basic-brand-ib6175-customizable-21123\/navy-24650\/custom\/","de":"\/de\/p-id-ib6175-doudoune-matelassee-homme-ideal-basic-brand-ib6175-personalisierbar-21123\/navy-24650\/custom\/","nl":"\/nl\/p-id-ib6175-doudoune-matelassee-homme-ideal-basic-brand-ib6175-aanpasbaar-21123\/navy-24650\/custom\/","es":"\/es\/p-id-ib6175-doudoune-matelassee-homme-ideal-basic-brand-ib6175-personalizable-21123\/navy-24650\/custom\/","it":"\/it\/p-id-ib6175-doudoune-matelassee-homme-ideal-basic-brand-ib6175-personalizzabile-21123\/navy-24650\/custom\/","sv":"\/sv\/p-id-ib6175-quiltad-dunjacka-herr-ideal-basic-brand-ib6175-anpassningsbar-21123\/navy-24650\/custom\/","pt":"\/pt\/p-id-ib6175-doudoune-matelassee-homme-ideal-basic-brand-ib6175-personalizavel-21123\/navy-24650\/custom\/","da":"\/da\/p-id-ib6175-doudoune-matelassee-homme-ideal-basic-brand-ib6175-tilpasselig-21123\/navy-24650\/custom\/","pl":"\/pl\/p-id-ib6175-doudoune-matelassee-homme-ideal-basic-brand-ib6175-personalizowany-21123\/navy-24650\/custom\/"}},{"id":24648,"name":"black","class_ids":[4],"codes_hexa":["464543"],"delai_24":false,"has_3d":false,"seuil_global":0,"stock_local":0,"stock_global":4271,"on_standby":false,"in_catalog":true,"images":{"miniature":["https:\/\/media.th4.com\/FiEOwbqfmC1O7dG3aZuUBK4pHDAae1lKvEDQ8se1iSU\/pr:80\/aHR0cDovL21lZGlhMi5kZXNpZ25wYXJ0bmVyLmZyL2MvcC8yMTEyMy8yMTEyMy0yNDY0OC0xLndlYnA?v=1760012765","https:\/\/media.th4.com\/UqjLSYlSnRlXuUIxfmwYrnl3l8YLnafWeUiCs964DHw\/pr:80\/aHR0cDovL21lZGlhMi5kZXNpZ25wYXJ0bmVyLmZyL2MvcC8yMTEyMy8yMTEyMy0yNDY0OC0yLndlYnA?v=1760012765","https:\/\/media.th4.com\/6iWfQIcvB05ef12lDBYkrq72-yR4ioQMOLx02Uhvjak\/pr:80\/aHR0cDovL21lZGlhMi5kZXNpZ25wYXJ0bmVyLmZyL2MvcC8yMTEyMy8yMTEyMy0yNDY0OC0zLndlYnA?v=1760012766"],"medium":["https:\/\/media.th4.com\/wD2vi27CcgYdPjXTT7fzYybvsFRuEnfY44rz-EOJYYQ\/pr:550x550\/aHR0cDovL21lZGlhMi5kZXNpZ25wYXJ0bmVyLmZyL2MvcC8yMTEyMy8yMTEyMy0yNDY0OC0xLndlYnA?v=1760012765","https:\/\/media.th4.com\/m13g4pRGSEnDJpKg8QRG9H2B1PDcT0DhXI77I-VI3Cg\/pr:550x550\/aHR0cDovL21lZGlhMi5kZXNpZ25wYXJ0bmVyLmZyL2MvcC8yMTEyMy8yMTEyMy0yNDY0OC0yLndlYnA?v=1760012765","https:\/\/media.th4.com\/3TbV6mH0mPr6QOhS6ftRI0kVpUgaVps1XBPDdyHrm-A\/pr:550x550\/aHR0cDovL21lZGlhMi5kZXNpZ25wYXJ0bmVyLmZyL2MvcC8yMTEyMy8yMTEyMy0yNDY0OC0zLndlYnA?v=1760012766"],"medium_large":["https:\/\/media.th4.com\/lDosQrXIeR-pA8AQee5miaCCpapBmAmlJJtsroyHNAs\/pr:1000x1000\/aHR0cDovL21lZGlhMi5kZXNpZ25wYXJ0bmVyLmZyL2MvcC8yMTEyMy8yMTEyMy0yNDY0OC0xLndlYnA?v=1760012765","https:\/\/media.th4.com\/NJxZFDTr2q0WdOn80DI1hrYZ3FGahhRqWiO5b7dwuYc\/pr:1000x1000\/aHR0cDovL21lZGlhMi5kZXNpZ25wYXJ0bmVyLmZyL2MvcC8yMTEyMy8yMTEyMy0yNDY0OC0yLndlYnA?v=1760012765","https:\/\/media.th4.com\/kYVOnik4N9qK9YEsXixT7jHEZ0y-AHAw_ehOwqr8tWw\/pr:1000x1000\/aHR0cDovL21lZGlhMi5kZXNpZ25wYXJ0bmVyLmZyL2MvcC8yMTEyMy8yMTEyMy0yNDY0OC0zLndlYnA?v=1760012766"],"large":["https:\/\/media.th4.com\/iY1i-NZiCSfG29oHWyVGj1FclaxF_pLyKqeLF-XlaSg\/pr:1920\/aHR0cDovL21lZGlhMi5kZXNpZ25wYXJ0bmVyLmZyL2MvcC8yMTEyMy8yMTEyMy0yNDY0OC0xLndlYnA?v=1760012765","https:\/\/media.th4.com\/1umKXsfPKSLyygp4gMoXoNYFqgDtm8o4eTHTt5Z8oY8\/pr:1920\/aHR0cDovL21lZGlhMi5kZXNpZ25wYXJ0bmVyLmZyL2MvcC8yMTEyMy8yMTEyMy0yNDY0OC0yLndlYnA?v=1760012765","https:\/\/media.th4.com\/S3gfcLwC6kwJnQn0N75vwfCZf9EAqmEXNZJ0JZ6KJS4\/pr:1920\/aHR0cDovL21lZGlhMi5kZXNpZ25wYXJ0bmVyLmZyL2MvcC8yMTEyMy8yMTEyMy0yNDY0OC0zLndlYnA?v=1760012766"],"opengraph":["https:\/\/media.th4.com\/FkVahGsmCNzEI7xw0V5F7CS4cZg3n3AxpBhlCvuc6Fs\/pr:1200x630\/aHR0cDovL21lZGlhMi5kZXNpZ25wYXJ0bmVyLmZyL2MvcC8yMTEyMy8yMTEyMy0yNDY0OC0xLndlYnA?v=1760012765","https:\/\/media.th4.com\/GgCJ_ggL8VvDZR0yShsGpxNtLtwDVZchqMi4UJjhT84\/pr:1200x630\/aHR0cDovL21lZGlhMi5kZXNpZ25wYXJ0bmVyLmZyL2MvcC8yMTEyMy8yMTEyMy0yNDY0OC0yLndlYnA?v=1760012765","https:\/\/media.th4.com\/8eXGRlZskGkYJF-Y2feE1j9MEPIHWduyFdHg__jhG4Q\/pr:1200x630\/aHR0cDovL21lZGlhMi5kZXNpZ25wYXJ0bmVyLmZyL2MvcC8yMTEyMy8yMTEyMy0yNDY0OC0zLndlYnA?v=1760012766"]},"images_customization":{"miniature":["https:\/\/media.th4.com\/FiEOwbqfmC1O7dG3aZuUBK4pHDAae1lKvEDQ8se1iSU\/pr:80\/aHR0cDovL21lZGlhMi5kZXNpZ25wYXJ0bmVyLmZyL2MvcC8yMTEyMy8yMTEyMy0yNDY0OC0xLndlYnA?v=1760012765","https:\/\/media.th4.com\/UqjLSYlSnRlXuUIxfmwYrnl3l8YLnafWeUiCs964DHw\/pr:80\/aHR0cDovL21lZGlhMi5kZXNpZ25wYXJ0bmVyLmZyL2MvcC8yMTEyMy8yMTEyMy0yNDY0OC0yLndlYnA?v=1760012765","https:\/\/media.th4.com\/6iWfQIcvB05ef12lDBYkrq72-yR4ioQMOLx02Uhvjak\/pr:80\/aHR0cDovL21lZGlhMi5kZXNpZ25wYXJ0bmVyLmZyL2MvcC8yMTEyMy8yMTEyMy0yNDY0OC0zLndlYnA?v=1760012766"],"medium":["https:\/\/media.th4.com\/wD2vi27CcgYdPjXTT7fzYybvsFRuEnfY44rz-EOJYYQ\/pr:550x550\/aHR0cDovL21lZGlhMi5kZXNpZ25wYXJ0bmVyLmZyL2MvcC8yMTEyMy8yMTEyMy0yNDY0OC0xLndlYnA?v=1760012765","https:\/\/media.th4.com\/m13g4pRGSEnDJpKg8QRG9H2B1PDcT0DhXI77I-VI3Cg\/pr:550x550\/aHR0cDovL21lZGlhMi5kZXNpZ25wYXJ0bmVyLmZyL2MvcC8yMTEyMy8yMTEyMy0yNDY0OC0yLndlYnA?v=1760012765","https:\/\/media.th4.com\/3TbV6mH0mPr6QOhS6ftRI0kVpUgaVps1XBPDdyHrm-A\/pr:550x550\/aHR0cDovL21lZGlhMi5kZXNpZ25wYXJ0bmVyLmZyL2MvcC8yMTEyMy8yMTEyMy0yNDY0OC0zLndlYnA?v=1760012766"],"medium_large":["https:\/\/media.th4.com\/lDosQrXIeR-pA8AQee5miaCCpapBmAmlJJtsroyHNAs\/pr:1000x1000\/aHR0cDovL21lZGlhMi5kZXNpZ25wYXJ0bmVyLmZyL2MvcC8yMTEyMy8yMTEyMy0yNDY0OC0xLndlYnA?v=1760012765","https:\/\/media.th4.com\/NJxZFDTr2q0WdOn80DI1hrYZ3FGahhRqWiO5b7dwuYc\/pr:1000x1000\/aHR0cDovL21lZGlhMi5kZXNpZ25wYXJ0bmVyLmZyL2MvcC8yMTEyMy8yMTEyMy0yNDY0OC0yLndlYnA?v=1760012765","https:\/\/media.th4.com\/kYVOnik4N9qK9YEsXixT7jHEZ0y-AHAw_ehOwqr8tWw\/pr:1000x1000\/aHR0cDovL21lZGlhMi5kZXNpZ25wYXJ0bmVyLmZyL2MvcC8yMTEyMy8yMTEyMy0yNDY0OC0zLndlYnA?v=1760012766"],"large":["https:\/\/media.th4.com\/iY1i-NZiCSfG29oHWyVGj1FclaxF_pLyKqeLF-XlaSg\/pr:1920\/aHR0cDovL21lZGlhMi5kZXNpZ25wYXJ0bmVyLmZyL2MvcC8yMTEyMy8yMTEyMy0yNDY0OC0xLndlYnA?v=1760012765","https:\/\/media.th4.com\/1umKXsfPKSLyygp4gMoXoNYFqgDtm8o4eTHTt5Z8oY8\/pr:1920\/aHR0cDovL21lZGlhMi5kZXNpZ25wYXJ0bmVyLmZyL2MvcC8yMTEyMy8yMTEyMy0yNDY0OC0yLndlYnA?v=1760012765","https:\/\/media.th4.com\/S3gfcLwC6kwJnQn0N75vwfCZf9EAqmEXNZJ0JZ6KJS4\/pr:1920\/aHR0cDovL21lZGlhMi5kZXNpZ25wYXJ0bmVyLmZyL2MvcC8yMTEyMy8yMTEyMy0yNDY0OC0zLndlYnA?v=1760012766"],"opengraph":["https:\/\/media.th4.com\/FkVahGsmCNzEI7xw0V5F7CS4cZg3n3AxpBhlCvuc6Fs\/pr:1200x630\/aHR0cDovL21lZGlhMi5kZXNpZ25wYXJ0bmVyLmZyL2MvcC8yMTEyMy8yMTEyMy0yNDY0OC0xLndlYnA?v=1760012765","https:\/\/media.th4.com\/GgCJ_ggL8VvDZR0yShsGpxNtLtwDVZchqMi4UJjhT84\/pr:1200x630\/aHR0cDovL21lZGlhMi5kZXNpZ25wYXJ0bmVyLmZyL2MvcC8yMTEyMy8yMTEyMy0yNDY0OC0yLndlYnA?v=1760012765","https:\/\/media.th4.com\/8eXGRlZskGkYJF-Y2feE1j9MEPIHWduyFdHg__jhG4Q\/pr:1200x630\/aHR0cDovL21lZGlhMi5kZXNpZ25wYXJ0bmVyLmZyL2MvcC8yMTEyMy8yMTEyMy0yNDY0OC0zLndlYnA?v=1760012766"]},"country_origin":"MM","traceability":{"manufacturing_country_id":null,"weaving_country_id":null,"dyeing_country_id":null},"sizes":[{"id":3,"article_id":517851,"class_id":3,"name":"S","on_standby":false,"stock_local":0,"stock_global":273,"multiple":1,"estimated_date_reassort":null,"is_destocking":false},{"id":2,"article_id":517852,"class_id":4,"name":"M","on_standby":false,"stock_local":0,"stock_global":1032,"multiple":1,"estimated_date_reassort":null,"is_destocking":false},{"id":1,"article_id":517853,"class_id":5,"name":"L","on_standby":false,"stock_local":0,"stock_global":1205,"multiple":1,"estimated_date_reassort":null,"is_destocking":false},{"id":4,"article_id":517854,"class_id":6,"name":"XL","on_standby":false,"stock_local":0,"stock_global":1043,"multiple":1,"estimated_date_reassort":null,"is_destocking":false},{"id":1116,"article_id":517855,"class_id":7,"name":"2XL","on_standby":false,"stock_local":0,"stock_global":460,"multiple":1,"estimated_date_reassort":null,"is_destocking":false},{"id":1081,"article_id":517856,"class_id":8,"name":"3XL","on_standby":false,"stock_local":0,"stock_global":151,"multiple":1,"estimated_date_reassort":null,"is_destocking":false},{"id":16,"article_id":517857,"class_id":9,"name":"4XL","on_standby":false,"stock_local":0,"stock_global":107,"multiple":1,"estimated_date_reassort":null,"is_destocking":false}],"page_links":{"fr":"\/fr\/p-id-ib6175-doudoune-homme-ib6175-21123\/black-24648\/","en":"\/en\/p-id-ib6175-mens-down-jacket-ib6175-21123\/black-24648\/","de":"\/de\/p-id-ib6175-doudoune-homme-ib6175-21123\/black-24648\/","nl":"\/nl\/p-id-ib6175-doudoune-homme-ib6175-21123\/black-24648\/","es":"\/es\/p-id-ib6175-doudoune-homme-ib6175-21123\/black-24648\/","it":"\/it\/p-id-ib6175-doudoune-uomo-ib6175-21123\/black-24648\/","sv":"\/sv\/p-id-ib6175-doudoune-homme-ib6175-21123\/black-24648\/","pt":"\/pt\/p-id-ib6175-doudoune-homme-ib6175-21123\/black-24648\/","da":"\/da\/p-id-ib6175-doudoune-homme-ib6175-21123\/black-24648\/","pl":"\/pl\/p-id-ib6175-doudoune-homme-ib6175-21123\/black-24648\/"},"page_links_customization":{"fr":"\/fr\/p-id-ib6175-doudoune-matelassee-homme-ideal-basic-brand-ib6175-personnalisable-21123\/black-24648\/custom\/","en":"\/en\/p-id-ib6175-mens-quilted-jacket-ideal-basic-brand-ib6175-customizable-21123\/black-24648\/custom\/","de":"\/de\/p-id-ib6175-doudoune-matelassee-homme-ideal-basic-brand-ib6175-personalisierbar-21123\/black-24648\/custom\/","nl":"\/nl\/p-id-ib6175-doudoune-matelassee-homme-ideal-basic-brand-ib6175-aanpasbaar-21123\/black-24648\/custom\/","es":"\/es\/p-id-ib6175-doudoune-matelassee-homme-ideal-basic-brand-ib6175-personalizable-21123\/black-24648\/custom\/","it":"\/it\/p-id-ib6175-doudoune-matelassee-homme-ideal-basic-brand-ib6175-personalizzabile-21123\/black-24648\/custom\/","sv":"\/sv\/p-id-ib6175-quiltad-dunjacka-herr-ideal-basic-brand-ib6175-anpassningsbar-21123\/black-24648\/custom\/","pt":"\/pt\/p-id-ib6175-doudoune-matelassee-homme-ideal-basic-brand-ib6175-personalizavel-21123\/black-24648\/custom\/","da":"\/da\/p-id-ib6175-doudoune-matelassee-homme-ideal-basic-brand-ib6175-tilpasselig-21123\/black-24648\/custom\/","pl":"\/pl\/p-id-ib6175-doudoune-matelassee-homme-ideal-basic-brand-ib6175-personalizowany-21123\/black-24648\/custom\/"}},{"id":24649,"name":"dark_grey","class_ids":[3],"codes_hexa":["68686A"],"delai_24":false,"has_3d":false,"seuil_global":0,"stock_local":0,"stock_global":1768,"on_standby":false,"in_catalog":true,"images":{"miniature":["https:\/\/media.th4.com\/asysnynVxJphcB3-tOwmm1xTHggknJCIxsXixNtPfiA\/pr:80\/aHR0cDovL21lZGlhMi5kZXNpZ25wYXJ0bmVyLmZyL2MvcC8yMTEyMy8yMTEyMy0yNDY0OS0xLndlYnA?v=1760012766","https:\/\/media.th4.com\/WDB5QPpuACBPdwDewXCBpPOWaYffPL6LhVv1LgDfIdM\/pr:80\/aHR0cDovL21lZGlhMi5kZXNpZ25wYXJ0bmVyLmZyL2MvcC8yMTEyMy8yMTEyMy0yNDY0OS0yLndlYnA?v=1760012767","https:\/\/media.th4.com\/Hc-rK1s-Lfuz23uC410Gl3RoIf4WYtu-I4xLCnNSI1w\/pr:80\/aHR0cDovL21lZGlhMi5kZXNpZ25wYXJ0bmVyLmZyL2MvcC8yMTEyMy8yMTEyMy0yNDY0OS0zLndlYnA?v=1760012768"],"medium":["https:\/\/media.th4.com\/8tzo0Yj882rMbHvhs5SXZiXW8yCOffDDaiXYWK3SGxM\/pr:550x550\/aHR0cDovL21lZGlhMi5kZXNpZ25wYXJ0bmVyLmZyL2MvcC8yMTEyMy8yMTEyMy0yNDY0OS0xLndlYnA?v=1760012766","https:\/\/media.th4.com\/xqBpApWM0sdFjcvt3CxfvL9XQx_2bFwJRlzylWJiZpk\/pr:550x550\/aHR0cDovL21lZGlhMi5kZXNpZ25wYXJ0bmVyLmZyL2MvcC8yMTEyMy8yMTEyMy0yNDY0OS0yLndlYnA?v=1760012767","https:\/\/media.th4.com\/MXJsO6BwSCVFvX9HKzYi5INUC6t5jT6SWUXCWNnnU1k\/pr:550x550\/aHR0cDovL21lZGlhMi5kZXNpZ25wYXJ0bmVyLmZyL2MvcC8yMTEyMy8yMTEyMy0yNDY0OS0zLndlYnA?v=1760012768"],"medium_large":["https:\/\/media.th4.com\/p-EriEVqUy0tQuQyhkKPvMp1coFmKX-fPQCRW_VwmQ8\/pr:1000x1000\/aHR0cDovL21lZGlhMi5kZXNpZ25wYXJ0bmVyLmZyL2MvcC8yMTEyMy8yMTEyMy0yNDY0OS0xLndlYnA?v=1760012766","https:\/\/media.th4.com\/txtmFlVlZZS1k2KW2skfeucE2-c1uaepw3k8sgk6T2E\/pr:1000x1000\/aHR0cDovL21lZGlhMi5kZXNpZ25wYXJ0bmVyLmZyL2MvcC8yMTEyMy8yMTEyMy0yNDY0OS0yLndlYnA?v=1760012767","https:\/\/media.th4.com\/6GckSFftjYnZhLsids7DI614sqrSAlxYZ62Fk6OB9Ss\/pr:1000x1000\/aHR0cDovL21lZGlhMi5kZXNpZ25wYXJ0bmVyLmZyL2MvcC8yMTEyMy8yMTEyMy0yNDY0OS0zLndlYnA?v=1760012768"],"large":["https:\/\/media.th4.com\/8wxYNnxx9b0oYVl3Z-15ElAVOHlTykPzlYo1ONcPNh4\/pr:1920\/aHR0cDovL21lZGlhMi5kZXNpZ25wYXJ0bmVyLmZyL2MvcC8yMTEyMy8yMTEyMy0yNDY0OS0xLndlYnA?v=1760012766","https:\/\/media.th4.com\/PNXDQsmkx9M5dksakZgQNcA9VvrJqyfvDUP70O2wJyE\/pr:1920\/aHR0cDovL21lZGlhMi5kZXNpZ25wYXJ0bmVyLmZyL2MvcC8yMTEyMy8yMTEyMy0yNDY0OS0yLndlYnA?v=1760012767","https:\/\/media.th4.com\/zHwaG0ALym27eLKjJBhrSqtWEsX0k8x6tY-y97r4-ro\/pr:1920\/aHR0cDovL21lZGlhMi5kZXNpZ25wYXJ0bmVyLmZyL2MvcC8yMTEyMy8yMTEyMy0yNDY0OS0zLndlYnA?v=1760012768"],"opengraph":["https:\/\/media.th4.com\/GpOt5Q-bjJtOO9PskC7PJTp83q6uWQs22vDwmYtNdLE\/pr:1200x630\/aHR0cDovL21lZGlhMi5kZXNpZ25wYXJ0bmVyLmZyL2MvcC8yMTEyMy8yMTEyMy0yNDY0OS0xLndlYnA?v=1760012766","https:\/\/media.th4.com\/brZH7YOD7reiCBMLPYJojdeb5h5CsWb1UbFtglJzYyo\/pr:1200x630\/aHR0cDovL21lZGlhMi5kZXNpZ25wYXJ0bmVyLmZyL2MvcC8yMTEyMy8yMTEyMy0yNDY0OS0yLndlYnA?v=1760012767","https:\/\/media.th4.com\/9ZlrQBltbYsBaCuqxgx-qjodCfE8dlRwMn7zrgwVEMo\/pr:1200x630\/aHR0cDovL21lZGlhMi5kZXNpZ25wYXJ0bmVyLmZyL2MvcC8yMTEyMy8yMTEyMy0yNDY0OS0zLndlYnA?v=1760012768"]},"images_customization":{"miniature":["https:\/\/media.th4.com\/asysnynVxJphcB3-tOwmm1xTHggknJCIxsXixNtPfiA\/pr:80\/aHR0cDovL21lZGlhMi5kZXNpZ25wYXJ0bmVyLmZyL2MvcC8yMTEyMy8yMTEyMy0yNDY0OS0xLndlYnA?v=1760012766","https:\/\/media.th4.com\/WDB5QPpuACBPdwDewXCBpPOWaYffPL6LhVv1LgDfIdM\/pr:80\/aHR0cDovL21lZGlhMi5kZXNpZ25wYXJ0bmVyLmZyL2MvcC8yMTEyMy8yMTEyMy0yNDY0OS0yLndlYnA?v=1760012767","https:\/\/media.th4.com\/Hc-rK1s-Lfuz23uC410Gl3RoIf4WYtu-I4xLCnNSI1w\/pr:80\/aHR0cDovL21lZGlhMi5kZXNpZ25wYXJ0bmVyLmZyL2MvcC8yMTEyMy8yMTEyMy0yNDY0OS0zLndlYnA?v=1760012768"],"medium":["https:\/\/media.th4.com\/8tzo0Yj882rMbHvhs5SXZiXW8yCOffDDaiXYWK3SGxM\/pr:550x550\/aHR0cDovL21lZGlhMi5kZXNpZ25wYXJ0bmVyLmZyL2MvcC8yMTEyMy8yMTEyMy0yNDY0OS0xLndlYnA?v=1760012766","https:\/\/media.th4.com\/xqBpApWM0sdFjcvt3CxfvL9XQx_2bFwJRlzylWJiZpk\/pr:550x550\/aHR0cDovL21lZGlhMi5kZXNpZ25wYXJ0bmVyLmZyL2MvcC8yMTEyMy8yMTEyMy0yNDY0OS0yLndlYnA?v=1760012767","https:\/\/media.th4.com\/MXJsO6BwSCVFvX9HKzYi5INUC6t5jT6SWUXCWNnnU1k\/pr:550x550\/aHR0cDovL21lZGlhMi5kZXNpZ25wYXJ0bmVyLmZyL2MvcC8yMTEyMy8yMTEyMy0yNDY0OS0zLndlYnA?v=1760012768"],"medium_large":["https:\/\/media.th4.com\/p-EriEVqUy0tQuQyhkKPvMp1coFmKX-fPQCRW_VwmQ8\/pr:1000x1000\/aHR0cDovL21lZGlhMi5kZXNpZ25wYXJ0bmVyLmZyL2MvcC8yMTEyMy8yMTEyMy0yNDY0OS0xLndlYnA?v=1760012766","https:\/\/media.th4.com\/txtmFlVlZZS1k2KW2skfeucE2-c1uaepw3k8sgk6T2E\/pr:1000x1000\/aHR0cDovL21lZGlhMi5kZXNpZ25wYXJ0bmVyLmZyL2MvcC8yMTEyMy8yMTEyMy0yNDY0OS0yLndlYnA?v=1760012767","https:\/\/media.th4.com\/6GckSFftjYnZhLsids7DI614sqrSAlxYZ62Fk6OB9Ss\/pr:1000x1000\/aHR0cDovL21lZGlhMi5kZXNpZ25wYXJ0bmVyLmZyL2MvcC8yMTEyMy8yMTEyMy0yNDY0OS0zLndlYnA?v=1760012768"],"large":["https:\/\/media.th4.com\/8wxYNnxx9b0oYVl3Z-15ElAVOHlTykPzlYo1ONcPNh4\/pr:1920\/aHR0cDovL21lZGlhMi5kZXNpZ25wYXJ0bmVyLmZyL2MvcC8yMTEyMy8yMTEyMy0yNDY0OS0xLndlYnA?v=1760012766","https:\/\/media.th4.com\/PNXDQsmkx9M5dksakZgQNcA9VvrJqyfvDUP70O2wJyE\/pr:1920\/aHR0cDovL21lZGlhMi5kZXNpZ25wYXJ0bmVyLmZyL2MvcC8yMTEyMy8yMTEyMy0yNDY0OS0yLndlYnA?v=1760012767","https:\/\/media.th4.com\/zHwaG0ALym27eLKjJBhrSqtWEsX0k8x6tY-y97r4-ro\/pr:1920\/aHR0cDovL21lZGlhMi5kZXNpZ25wYXJ0bmVyLmZyL2MvcC8yMTEyMy8yMTEyMy0yNDY0OS0zLndlYnA?v=1760012768"],"opengraph":["https:\/\/media.th4.com\/GpOt5Q-bjJtOO9PskC7PJTp83q6uWQs22vDwmYtNdLE\/pr:1200x630\/aHR0cDovL21lZGlhMi5kZXNpZ25wYXJ0bmVyLmZyL2MvcC8yMTEyMy8yMTEyMy0yNDY0OS0xLndlYnA?v=1760012766","https:\/\/media.th4.com\/brZH7YOD7reiCBMLPYJojdeb5h5CsWb1UbFtglJzYyo\/pr:1200x630\/aHR0cDovL21lZGlhMi5kZXNpZ25wYXJ0bmVyLmZyL2MvcC8yMTEyMy8yMTEyMy0yNDY0OS0yLndlYnA?v=1760012767","https:\/\/media.th4.com\/9ZlrQBltbYsBaCuqxgx-qjodCfE8dlRwMn7zrgwVEMo\/pr:1200x630\/aHR0cDovL21lZGlhMi5kZXNpZ25wYXJ0bmVyLmZyL2MvcC8yMTEyMy8yMTEyMy0yNDY0OS0zLndlYnA?v=1760012768"]},"country_origin":"MM","traceability":{"manufacturing_country_id":null,"weaving_country_id":null,"dyeing_country_id":null},"sizes":[{"id":3,"article_id":517858,"class_id":3,"name":"S","on_standby":false,"stock_local":0,"stock_global":160,"multiple":1,"estimated_date_reassort":null,"is_destocking":false},{"id":2,"article_id":517859,"class_id":4,"name":"M","on_standby":false,"stock_local":0,"stock_global":422,"multiple":1,"estimated_date_reassort":null,"is_destocking":false},{"id":1,"article_id":517860,"class_id":5,"name":"L","on_standby":false,"stock_local":0,"stock_global":511,"multiple":1,"estimated_date_reassort":null,"is_destocking":false},{"id":4,"article_id":517861,"class_id":6,"name":"XL","on_standby":false,"stock_local":0,"stock_global":382,"multiple":1,"estimated_date_reassort":null,"is_destocking":false},{"id":1116,"article_id":517862,"class_id":7,"name":"2XL","on_standby":false,"stock_local":0,"stock_global":124,"multiple":1,"estimated_date_reassort":null,"is_destocking":false},{"id":1081,"article_id":517863,"class_id":8,"name":"3XL","on_standby":false,"stock_local":0,"stock_global":80,"multiple":1,"estimated_date_reassort":null,"is_destocking":false},{"id":16,"article_id":517864,"class_id":9,"name":"4XL","on_standby":false,"stock_local":0,"stock_global":89,"multiple":1,"estimated_date_reassort":null,"is_destocking":false}],"page_links":{"fr":"\/fr\/p-id-ib6175-doudoune-homme-ib6175-21123\/dark-grey-24649\/","en":"\/en\/p-id-ib6175-mens-down-jacket-ib6175-21123\/dark-grey-24649\/","de":"\/de\/p-id-ib6175-doudoune-homme-ib6175-21123\/dark-grey-24649\/","nl":"\/nl\/p-id-ib6175-doudoune-homme-ib6175-21123\/dark-grey-24649\/","es":"\/es\/p-id-ib6175-doudoune-homme-ib6175-21123\/dark-grey-24649\/","it":"\/it\/p-id-ib6175-doudoune-uomo-ib6175-21123\/dark-grey-24649\/","sv":"\/sv\/p-id-ib6175-doudoune-homme-ib6175-21123\/dark-grey-24649\/","pt":"\/pt\/p-id-ib6175-doudoune-homme-ib6175-21123\/dark-grey-24649\/","da":"\/da\/p-id-ib6175-doudoune-homme-ib6175-21123\/dark-grey-24649\/","pl":"\/pl\/p-id-ib6175-doudoune-homme-ib6175-21123\/dark-grey-24649\/"},"page_links_customization":{"fr":"\/fr\/p-id-ib6175-doudoune-matelassee-homme-ideal-basic-brand-ib6175-personnalisable-21123\/dark-grey-24649\/custom\/","en":"\/en\/p-id-ib6175-mens-quilted-jacket-ideal-basic-brand-ib6175-customizable-21123\/dark-grey-24649\/custom\/","de":"\/de\/p-id-ib6175-doudoune-matelassee-homme-ideal-basic-brand-ib6175-personalisierbar-21123\/dark-grey-24649\/custom\/","nl":"\/nl\/p-id-ib6175-doudoune-matelassee-homme-ideal-basic-brand-ib6175-aanpasbaar-21123\/dark-grey-24649\/custom\/","es":"\/es\/p-id-ib6175-doudoune-matelassee-homme-ideal-basic-brand-ib6175-personalizable-21123\/dark-grey-24649\/custom\/","it":"\/it\/p-id-ib6175-doudoune-matelassee-homme-ideal-basic-brand-ib6175-personalizzabile-21123\/dark-grey-24649\/custom\/","sv":"\/sv\/p-id-ib6175-quiltad-dunjacka-herr-ideal-basic-brand-ib6175-anpassningsbar-21123\/dark-grey-24649\/custom\/","pt":"\/pt\/p-id-ib6175-doudoune-matelassee-homme-ideal-basic-brand-ib6175-personalizavel-21123\/dark-grey-24649\/custom\/","da":"\/da\/p-id-ib6175-doudoune-matelassee-homme-ideal-basic-brand-ib6175-tilpasselig-21123\/dark-grey-24649\/custom\/","pl":"\/pl\/p-id-ib6175-doudoune-matelassee-homme-ideal-basic-brand-ib6175-personalizowany-21123\/dark-grey-24649\/custom\/"}}],"documentation_link":"\/pdf\/21123.pdf","countries_availables":["AD","AE","AL","AT","BA","BD","BE","BG","BL","CA","CH","CN","CO","CY","CZ","DE","DK","DO","EE","EG","ES","ET","FI","FR","GB","GE","GF","GP","GR","GT","HK","HN","HR","HT","HU","ID","IE","IN","IS","IT","JO","JP","KE","KH","KP","KR","LA","LK","LS","LT","LU","LV","MA","MF","MG","MK","MM","MN","MQ","MT","MX","MY","NC","NI","NL","PF","PH","PK","PL","PM","PT","RE","RO","SE","SG","SI","SK","SV","SY","TH","TN","TR","TW","TZ","US","VN","WF","YT"]},"infos_customization":[],"features":{"authorize_multi_surfaces":true,"display_order_delay_type":true,"promote_surface_display":true,"tarification_franco_offert":true,"enabled_3d_editor":false},"markings":[{"id":0,"nom":"vierge","finition":null,"libelle":null,"code":null,"dpi":null,"finesse_forme_isolee":null,"finesse_forme_non_isolee":null,"hauteur_minimale_texte":null,"inactif":0,"marquage_interne":1,"quantite_min":null,"parent_id":null,"print_on_support":0,"content":"vierge","description":null},{"id":2,"nom":"fonce","finition":"optimale","libelle":"TopQuadri","code":null,"dpi":400,"finesse_forme_isolee":"0.040","finesse_forme_non_isolee":"0.700","hauteur_minimale_texte":2,"inactif":0,"marquage_interne":1,"quantite_min":null,"parent_id":18,"print_on_support":0,"content":"TopQuadri","description":"pour petites et moyennes s\u00e9ries"},{"id":3,"nom":"serigraphie","finition":"serigraphie","libelle":"SeriCoat","code":null,"dpi":400,"finesse_forme_isolee":"0.040","finesse_forme_non_isolee":"0.700","hauteur_minimale_texte":2,"inactif":0,"marquage_interne":1,"quantite_min":15,"parent_id":18,"print_on_support":0,"content":"SeriCoat","description":"pour moyennes et grandes s\u00e9ries"},{"id":4,"nom":"broderie","finition":"broderie","libelle":"Broderie","code":null,"dpi":400,"finesse_forme_isolee":"0.040","finesse_forme_non_isolee":"0.700","hauteur_minimale_texte":3,"inactif":0,"marquage_interne":1,"quantite_min":null,"parent_id":null,"print_on_support":0,"content":"Broderie","description":null},{"id":8,"nom":"theme","finition":null,"libelle":"Th\u00e8me","code":null,"dpi":null,"finesse_forme_isolee":null,"finesse_forme_non_isolee":null,"hauteur_minimale_texte":null,"inactif":0,"marquage_interne":1,"quantite_min":null,"parent_id":null,"print_on_support":0,"content":"Th\u00e8me","description":null},{"id":9,"nom":"sans","finition":null,"libelle":null,"code":null,"dpi":null,"finesse_forme_isolee":null,"finesse_forme_non_isolee":null,"hauteur_minimale_texte":null,"inactif":0,"marquage_interne":1,"quantite_min":null,"parent_id":null,"print_on_support":0,"content":"sans","description":null},{"id":10,"nom":"photo","finition":null,"libelle":"Photo","code":null,"dpi":null,"finesse_forme_isolee":null,"finesse_forme_non_isolee":null,"hauteur_minimale_texte":null,"inactif":0,"marquage_interne":1,"quantite_min":null,"parent_id":null,"print_on_support":0,"content":"Photo","description":null},{"id":14,"nom":"couleur","finition":null,"libelle":"Couleur","code":null,"dpi":null,"finesse_forme_isolee":null,"finesse_forme_non_isolee":null,"hauteur_minimale_texte":null,"inactif":0,"marquage_interne":1,"quantite_min":null,"parent_id":null,"print_on_support":0,"content":"Couleur","description":null},{"id":15,"nom":"sublimation","finition":"sublimation","libelle":"Sublimation","code":null,"dpi":null,"finesse_forme_isolee":"0.000","finesse_forme_non_isolee":"0.000","hauteur_minimale_texte":2,"inactif":0,"marquage_interne":1,"quantite_min":null,"parent_id":null,"print_on_support":0,"content":"Sublimation","description":null},{"id":16,"nom":"topquadri_uv","finition":null,"libelle":"TopQuadri UV","code":null,"dpi":null,"finesse_forme_isolee":"0.020","finesse_forme_non_isolee":"0.700","hauteur_minimale_texte":2,"inactif":0,"marquage_interne":1,"quantite_min":null,"parent_id":null,"print_on_support":1,"content":null,"description":null},{"id":17,"nom":"topquadri_uvp","finition":null,"libelle":"TopQuadri UVP","code":null,"dpi":null,"finesse_forme_isolee":"0.020","finesse_forme_non_isolee":"0.700","hauteur_minimale_texte":2,"inactif":0,"marquage_interne":1,"quantite_min":null,"parent_id":null,"print_on_support":1,"content":null,"description":null},{"id":18,"nom":"quadri","finition":null,"libelle":"Impression","code":null,"dpi":null,"finesse_forme_isolee":null,"finesse_forme_non_isolee":null,"hauteur_minimale_texte":null,"inactif":0,"marquage_interne":1,"quantite_min":null,"parent_id":null,"print_on_support":0,"content":null,"description":null}]}}