{"data":{"product":{"id":21119,"titre":"Veste softshell 2 couches homme","description":"Softshell 2 couches avec traitement d\u00e9perlant. Int\u00e9rieur : 100 % polyester en micropolaire noire. Coupe droite. Col montant. Deux poches c\u00f4t\u00e9s doubl\u00e9es en polytricot, avec zips en nylon et tire-zips noirs. Fermeture zipp\u00e9e en nylon noir avec prot\u00e8ge-menton et tire-zip. Empi\u00e8cements \u00e9paules et dos avec surpiq\u00fbres. Bande de propret\u00e9 int\u00e9rieure col noir. Ourlets bas de manches et bas de v\u00eatement finition double aiguilles. Etiquette de marque d\u00e9tachable. Composition : 95 % polyester, 5 % elasthanne.","genre":"homme","grammage":280,"conditionnement":10,"composition":"polyester,elasthanne","reference":"id-ib410","reference_visible":"id-ib410","reference_fabricant":"IB410","ref_xor":"721978","in_catalog":true,"is_transfer":false,"is_service":false,"on_standby":false,"has_3d":true,"has_size_guide":true,"has_marking":true,"has_vierge":true,"is_cross_sellable":false,"id_picto":27,"filename_3d":"21119","brand":{"id":423,"name":"iDeal Basic Brand","logo":"logo-ideal-basic-brand.png","image":"https:\/\/media.th4.com\/5a9cZ8WnS7OfJY0xfvyLEy9p13arsXmjfoZ8fyoqs4k\/pr:brand70x70\/aHR0cDovL21lZGlhMi5kZXNpZ25wYXJ0bmVyLmZyL2MvbS9sb2dvLWlkZWFsLWJhc2ljLWJyYW5kLnBuZw?v=1758102290"},"price_infos":{"price_from":13.64,"quantity":200,"color":{"id":24719,"name":"ideal_black"},"size":{"id":1,"name":"L"}},"price_infos_marking":{"price_from":18,"quantity":1500,"color":{"id":24719,"name":"ideal_black"},"size":{"id":1,"name":"L"},"marking":{"id":2,"name":""},"emplacement":"avant","surface_emplacement_id":1,"surface":"coeur"},"i18n":{"blank":{"title":{"fr":"Veste softshell homme iDEAL BASIC BRAND ib410","en":"Men's softshell jacket iDEAL BASIC BRAND ib410","de":"Veste softshell homme iDEAL BASIC BRAND ib410","nl":"Heren softshell jas iDEAL BASIC BRAND ib410","es":"Chaqueta softshell hombre iDEAL BASIC BRAND ib410","it":"Veste softshell uomo iDEAL BASIC BRAND ib410","sv":"Veste softshell homme iDEAL BASIC BRAND ib410","pt":"Veste softshell homme iDEAL BASIC BRAND ib410","da":"Veste softshell homme iDEAL BASIC BRAND ib410","pl":"Veste softshell homme iDEAL BASIC BRAND ib410"},"description":{"fr":"La veste softshell 2 couches homme combine un ext\u00e9rieur avec traitement d\u00e9perlant et un int\u00e9rieur en micropolaire 100 % polyester. La coupe droite et le col montant apportent une silhouette simple. Deux poches lat\u00e9rales zipp\u00e9es doubl\u00e9es polytricot compl\u00e8tent les fonctions pratiques. Fermeture zipp\u00e9e nylon avec prot\u00e8ge-menton.\n\n- Composition 95 % polyester 5 % elasthanne\n- Int\u00e9rieur micropolaire noire 100 % polyester\n- Poches c\u00f4t\u00e9s avec zips nylon\n- Coupe droite col montant","en":"The men's 2-layer softshell jacket combines an exterior with water-repellent treatment and an interior in 100% polyester micropolar. The straight cut and stand-up collar create a simple silhouette. Two zippered side pockets lined with polytricot complete the practical features. Nylon zip closure with chin guard.\n\n- Composition 95% polyester 5% elastane\n- Interior black 100% polyester micropolar\n- Side pockets with nylon zips\n- Straight cut stand-up collar","de":"Die Herren 2-lagige Softshelljacke kombiniert eine wasserabweisend behandelte Au\u00dfenseite mit einem 100 % Polyester Mikrofleece-Innenfutter. Der gerade Schnitt und der Stehkragen verleihen eine schlichte Silhouette. Zwei seitliche Rei\u00dfverschlusstaschen mit Polytrikot-Futter erg\u00e4nzen die praktischen Funktionen. Nylon-Rei\u00dfverschluss mit Kinnschutz.\n\n- Zusammensetzung 95 % Polyester 5 % Elasthan\n- Innenfutter Mikrofleece schwarz 100 % Polyester\n- Seitentaschen mit Nylonrei\u00dfverschl\u00fcssen\n- Gerader Schnitt Stehkragen","nl":"De heren softshell jas met 2 lagen combineert een buitenzijde met waterafstotende behandeling en een binnenzijde van 100% polyester microfleece. De rechte snit en de opstaande kraag zorgen voor een eenvoudige silhouet. Twee zijzakken met nylon ritsen en polyester-tricot voering vullen de praktische functies aan. Nylon ritssluiting met kinbescherming.\n\n- Samenstelling 95% polyester 5% elastaan\n- Zwarte microfleece binnenvoering 100% polyester\n- Zijzakken met nylon ritsen\n- Rechte snit met opstaande kraag","es":"La chaqueta softshell 2 capas hombre combina un exterior con tratamiento repelente al agua y un interior micropolar 100 % poli\u00e9ster. El corte recto y el cuello alto aportan una silueta simple. Dos bolsillos laterales con cremallera y forro de poli\u00e9ster completan las funciones pr\u00e1cticas. Cierre con cremallera de nailon con protector para la barbilla.\n\n- Composici\u00f3n 95 % poli\u00e9ster 5 % elastano\n- Interior micropolar negro 100 % poli\u00e9ster\n- Bolsillos laterales con cremalleras de nailon\n- Corte recto cuello alto","it":"La veste softshell 2 couches homme combina un esterno con trattamento idrorepellente e un interno in micropile 100% poliestere. Il taglio dritto e il collo alto donano una silhouette semplice. Due tasche laterali con cerniera e fodera in poliestere completano le funzioni pratiche. Chiusura con zip in nylon con proteggi-mento.\n\n- Composizione 95% poliestere 5% elastan\n- Interno micropile nero 100% poliestere\n- Tasche laterali con zip in nylon\n- Taglio dritto collo alto","sv":"Veste softshell 2 couches homme kombinerar ett ytterlager med vattenavvisande behandling och en mikropolerad insida i 100 % polyester. Rak passform och h\u00f6g krage ger en enkel silhuett. Tv\u00e5 sidofickor med dragkedja och polytrik\u00e5foder tillf\u00f6r praktiska funktioner. Nylon dragkedja med hakskydd.\n\n- Material 95 % polyester 5 % elastan\n- Mikropolerad insida svart 100 % polyester\n- Sidofickor med nylon dragkedjor\n- Rak passform h\u00f6g krage","pt":"O veste softshell 2 camadas hombre combina um exterior com tratamento repelente e um interior em micropolar 100% poli\u00e9ster. O corte reto e a gola alta conferem uma silhueta simples. Dois bolsos laterais com z\u00edper forrados em poli\u00e9ster completam as fun\u00e7\u00f5es pr\u00e1ticas. Fechamento em z\u00edper de nylon com prote\u00e7\u00e3o para o queixo.\n\n- Composi\u00e7\u00e3o 95% poli\u00e9ster 5% elastano\n- Interior micropolar preto 100% poli\u00e9ster\n- Bolsos laterais com z\u00edper de nylon\n- Corte reto gola alta","da":"Veste softshell 2 couches homme kombinerer en vandafvisende yderside med en inderside i 100 % polyester mikropolar fleece. Den rette pasform og h\u00f8je krave sikrer en enkel silhuet. To lynl\u00e5slommer i siden foret med polytrikot fuldender de praktiske funktioner. Lynl\u00e5s med hagebeskytter i nylon.\n\n- Sammens\u00e6tning 95 % polyester 5 % elastan\n- Inderside i sort mikropolar fleece 100 % polyester\n- Sidelommer med nylon lynl\u00e5se\n- Ret pasform med h\u00f8j krave","pl":"Dwuwarstwowa kurtka softshell m\u0119ska \u0142\u0105czy zewn\u0119trzn\u0105 pow\u0142ok\u0119 z pow\u0142ok\u0105 hydrofobow\u0105 i wewn\u0119trzn\u0105 wy\u015bci\u00f3\u0142k\u0119 z mikropolaru 100% poliester. Prosty kr\u00f3j i st\u00f3jka tworz\u0105 oszcz\u0119dn\u0105 sylwetk\u0119. Dwie boczne kieszenie na zamki z podszewk\u0105 z poliestru domykane na nylonowe zamki. Zamek b\u0142yskawiczny z nylonu z os\u0142on\u0105 podbr\u00f3dka.\n\n- Sk\u0142ad 95% poliester 5% elastan\n- Wewn\u0119trzna wy\u015bci\u00f3\u0142ka mikropolarkowa czarna 100% poliester\n- Kieszenie boczne na nylonowe zamki\n- Prosty kr\u00f3j, st\u00f3jka"},"h1":{"fr":"Veste softshell homme iDEAL BASIC BRAND ib410","en":"Men's softshell jacket iDEAL BASIC BRAND ib410","de":"Veste softshell homme iDEAL BASIC BRAND ib410","nl":"Heren softshell jas iDEAL BASIC BRAND ib410","es":"Chaqueta softshell hombre iDEAL BASIC BRAND ib410","it":"Veste softshell uomo iDEAL BASIC BRAND ib410","sv":"Veste softshell homme iDEAL BASIC BRAND ib410","pt":"Veste softshell homme iDEAL BASIC BRAND ib410","da":"Veste softshell homme iDEAL BASIC BRAND ib410","pl":"Veste softshell homme iDEAL BASIC BRAND ib410"},"meta_description":{"fr":"Veste softshell 2 couches pour homme avec traitement d\u00e9perlant, col montant, poches zipp\u00e9es et int\u00e9rieur micropolaire pour plus de confort.","en":"Men's 2-layer softshell jacket with water-repellent treatment, stand-up collar, zippered pockets and micropolar interior for added comfort.","de":"Herren Softshelljacke 2-lagig mit wasserabweisender Ausr\u00fcstung, Stehkragen, Rei\u00dfverschlusstaschen und Mikrofleece-Innenfutter f\u00fcr mehr Komfort.","nl":"Heren softshell jas met 2 lagen, waterafstotende behandeling, opstaande kraag, met ritssluitingen voorziene zakken en een microfleece voering voor meer comfort.","es":"Chaqueta softshell 2 capas para hombre con tratamiento repelente al agua, cuello alto, bolsillos con cremallera y interior micropolar para mayor comodidad.","it":"Veste softshell a 2 strati per uomo con trattamento idrorepellente, collo alto, tasche con cerniera e interno micropile per maggiore comfort.","sv":"Softshelljacka med 2 lager f\u00f6r m\u00e4n med vattenavvisande behandling, h\u00f6g krage, dragkedjefickor och mikropolerad insida f\u00f6r \u00f6kad komfort.","pt":"Casaco softshell 2 camadas para homem com tratamento repelente, gola alta, bolsos com z\u00edper e interior micropolar para maior conforto.","da":"Softshell jakke med 2 lag til m\u00e6nd med vandafvisende behandling, h\u00f8j krave, lynl\u00e5slommer og mikropolar fleece indvendigt for \u00f8get komfort.","pl":"Dwuwarstwowa kurtka softshell m\u0119ska z pow\u0142ok\u0105 hydrofobow\u0105, st\u00f3jk\u0105, kieszeniami na zamek i wy\u015bci\u00f3\u0142k\u0105 z mikropolaru dla zwi\u0119kszenia komfortu."}},"custom":{"title":{"fr":"Veste softshell homme iDEAL BASIC BRAND ib410 personnalisable","en":"Men's softshell jacket iDEAL BASIC BRAND ib410 customizable","de":"Softshell-Jacke Herren iDEAL BASIC BRAND ib410 anpassbar","nl":"Heren softshell jas iDEAL BASIC BRAND ib410 aanpasbaar","es":"Chaqueta softshell hombre iDEAL BASIC BRAND ib410 personalizable","it":"Giacca softshell uomo iDEAL BASIC BRAND ib410 personalizzabile","sv":"Veste softshell homme iDEAL BASIC BRAND ib410 personnalisable","pt":"Veste softshell homme iDEAL BASIC BRAND ib410 personaliz\u00e1vel","da":"Softshell jakke til m\u00e6nd iDEAL BASIC BRAND ib410 tilpasselig","pl":"Kurtka softshell m\u0119ska iDEAL BASIC BRAND ib410 personalizowana"},"description":{"fr":"La veste softshell 2 couches pour homme combine un ext\u00e9rieur trait\u00e9 d\u00e9perlant et un int\u00e9rieur en polyester micropolaire noir. Sa coupe droite et son col montant assurent une silhouette sobre. Elle est \u00e9quip\u00e9e de deux poches lat\u00e9rales doubl\u00e9es polytricot avec zips nylon et d\u2019une fermeture zipp\u00e9e avec prot\u00e8ge-menton. Des empi\u00e8cements \u00e9paules avec surpiq\u00fbres sont pr\u00e9sents au dos.\n\n- Composition 95 % polyester, 5 % \u00e9lasthanne\n- Int\u00e9rieur 100 % polyester micropolaire\n- Deux poches c\u00f4t\u00e9s zipp\u00e9es nylon\n- Possibilit\u00e9 de personnaliser","en":"The men's 2-layer softshell jacket combines a water-repellent treated exterior and a black polyester micropolar interior. Its straight cut and stand-up collar ensure a sober silhouette. Equipped with two side pockets lined with polytricot and nylon zips, and a zip closure with chin guard. Shoulder panels with topstitching are present on the back.\n\n- Composition 95% polyester, 5% elastane\n- Interior 100% polyester micropolar\n- Two side pockets with nylon zips\n- Customizable option","de":"Die Softshell-Jacke aus 2 Schichten f\u00fcr Herren kombiniert eine wasserabweisend behandelte Au\u00dfenseite und ein schwarzes Mikrofleece-Innenfutter aus Polyester. Die gerade Passform und der Stehkragen sorgen f\u00fcr eine schlichte Silhouette. Sie ist ausgestattet mit zwei Seitentaschen mit Polytrikot-Futter und Nylonrei\u00dfverschl\u00fcssen sowie einem Rei\u00dfverschluss mit Kinnschutz. Schultereins\u00e4tze mit Steppn\u00e4hten befinden sich am R\u00fccken.\n\n- Zusammensetzung 95 % Polyester, 5 % Elasthan\n- Innenfutter 100 % Mikrofleece Polyester\n- Zwei Seitentaschen mit Nylonrei\u00dfverschluss\n- Anpassbar","nl":"De 2-laagse softshell jas voor heren combineert een waterafstotende buitenkant met een zwarte polyester fleece binnenkant. De rechte pasvorm en opstaande kraag zorgen voor een sobere uitstraling. Voorzien van twee zijzakken met polytricot voering en nylon ritssluitingen, en een ritssluiting met kinbeschermer. Schouderstukken met sierstiksel aan de achterkant.\n\n- Samenstelling 95% polyester, 5% elastaan\n- Binnenkant 100% polyester fleece\n- Twee zijzakken met nylon ritssluiting\n- Aanpasbaar","es":"La chaqueta softshell 2 capas para hombre combina un exterior tratado repelente al agua y un interior en micropolar negro de poli\u00e9ster. Su corte recto y cuello alto aseguran una silueta sobria. Est\u00e1 equipada con dos bolsillos laterales forrados de poli\u00e9ster tricot con cremalleras de nylon y un cierre de cremallera con protector de barbilla. Presenta refuerzos en los hombros con pespuntes en la parte trasera.\n\n- Composici\u00f3n 95 % poli\u00e9ster, 5 % elastano\n- Interior 100 % poli\u00e9ster micropolar\n- Dos bolsillos laterales con cremallera de nylon\n- Posibilidad de personalizar","it":"La giacca softshell 2 strati da uomo combina esterno trattato idrorepellente e interno in micropile nero di poliestere. Il taglio dritto e il collo alto assicurano una silhouette sobria. Dotata di due tasche laterali con fodera in poli-tricot e zip in nylon, chiusura a zip con proteggi-mento. Inserti spalle con impunture presenti sulla schiena.\n\n- Composizione 95 % poliestere, 5 % elastan\n- Interno 100 % micropile di poliestere\n- Due tasche laterali con zip in nylon\n- Possibilit\u00e0 di personalizzare","sv":"Softshelljacka med 2 lager f\u00f6r m\u00e4n kombinerar ett vattenavvisande yttermaterial och ett foder i svart mikrofleece polyester. Dess raka passform och h\u00f6ga krage ger en enkel siluett. Den \u00e4r utrustad med tv\u00e5 polytrik\u00e5fodrade sidofickor med nylon dragkedjor och en dragkedja med hakskydd. Axelinf\u00e4llningar med dekorativa s\u00f6mmar finns p\u00e5 baksidan.\n\n- Sammans\u00e4ttning 95 % polyester, 5 % elastan\n- Foder 100 % mikrofleece polyester\n- Tv\u00e5 sidofickor med nylon dragkedja\n- M\u00f6jlighet till anpassning","pt":"A veste softshell 2 camadas para homem combina um exterior tratado repelente e um interior em micropolar preto de poli\u00e9ster. O corte reto e a gola alta garantem uma silhueta s\u00f3bria. Est\u00e1 equipada com dois bolsos laterais forrados em politrik com z\u00edperes de nylon e um fecho de correr com protetor de queixo. Pain\u00e9is nos ombros com costuras decorativas est\u00e3o presentes nas costas.\n\n- Composi\u00e7\u00e3o 95 % poli\u00e9ster, 5 % elastano\n- Interior 100 % micropolar de poli\u00e9ster\n- Dois bolsos laterais com z\u00edperes de nylon\n- Possibilidade de personalizar","da":"Softshell jakken med 2 lag til m\u00e6nd kombinerer en vandafvisende yderside med en sort micropolar polyester inderside. Dens rette snit og h\u00f8je krave sikrer en afd\u00e6mpet silhuet. Den er udstyret med to sidelommer foret med polytrikot med nylonlynl\u00e5s og en lynl\u00e5slukning med hagebeskytter. Skulderstykker med pyntes\u00f8mme findes p\u00e5 ryggen.\n\n- Sammens\u00e6tning 95 % polyester, 5 % elastan\n- Indvendig 100 % micropolar polyester\n- To sider med nylonlynl\u00e5slommer\n- Mulighed for tilpasning","pl":"Kurtka softshell 2-warstwowa m\u0119ska \u0142\u0105czy zewn\u0119trzn\u0105 cz\u0119\u015b\u0107 z hydrofobicznej tkaniny oraz czarne wn\u0119trze z mikropolaru poliestrowego. Prosty kr\u00f3j i stoj\u0105cy ko\u0142nierz tworz\u0105 prost\u0105 sylwetk\u0119. Wyposa\u017cona w dwie boczne kieszenie wy\u015bcie\u0142ane politertrylenu z nylonowymi suwakami i zamek b\u0142yskawiczny z ochraniaczem brody. Na plecach wstawki na ramionach z przeszyciami.\n\n- Sk\u0142ad 95 % poliester, 5 % elastan\n- Wn\u0119trze 100 % mikropolar poliestrowy\n- Dwie boczne kieszenie zapinane na nylonowy zamek\n- Mo\u017cliwo\u015b\u0107 personalizacji"},"h1":{"fr":"Veste softshell homme iDEAL BASIC BRAND ib410 personnalisable","en":"Men's softshell jacket iDEAL BASIC BRAND ib410 customizable","de":"Softshell-Jacke Herren iDEAL BASIC BRAND ib410 anpassbar","nl":"Heren softshell jas iDEAL BASIC BRAND ib410 aanpasbaar","es":"Chaqueta softshell hombre iDEAL BASIC BRAND ib410 personalizable","it":"Giacca softshell uomo iDEAL BASIC BRAND ib410 personalizzabile","sv":"Veste softshell homme iDEAL BASIC BRAND ib410 personnalisable","pt":"Veste softshell homme iDEAL BASIC BRAND ib410 personaliz\u00e1vel","da":"Softshell jakke til m\u00e6nd iDEAL BASIC BRAND ib410 tilpasselig","pl":"Kurtka softshell m\u0119ska iDEAL BASIC BRAND ib410 personalizowana"},"meta_description":{"fr":"Veste softshell 2 couches homme avec int\u00e9rieur micropolaire et traitement d\u00e9perlant. Coupe droite, col montant, poches zipp\u00e9es. Composition polyester et \u00e9lasthanne.","en":"Men's 2-layer softshell jacket with micropolar interior and water-repellent treatment. Straight cut, stand-up collar, zippered pockets. Polyester and elastane composition.","de":"Softshell-Jacke 2 Schichten Herren mit Mikrofleece-Innenfutter und wasserabweisender Behandlung. Gerade Passform, Stehkragen, Rei\u00dfverschlusstaschen. Zusammensetzung Polyester und Elasthan.","nl":"Heren softshell jas 2 lagen met fleece voering en waterafstotende behandeling. Rechte pasvorm, opstaande kraag, met ritssluitingen. Polyester en elastaan samenstelling.","es":"Chaqueta softshell 2 capas hombre con interior micropolar y tratamiento repelente al agua. Corte recto, cuello alto, bolsillos con cremallera. Composici\u00f3n poli\u00e9ster y elastano.","it":"Giacca softshell 2 strati uomo con interno micropile e trattamento idrorepellente. Taglio dritto, collo alto, tasche con cerniera. Composizione poliestere ed elastan.","sv":"Veste softshell 2 couches homme med mikrofleecefoder och vattenavvisande behandling. Rak sk\u00e4rning, h\u00f6g krage, dragkedjef\u00f6rsedda fickor. Polyester och elastan sammans\u00e4ttning.","pt":"Veste softshell 2 couches homme com interior em micropolar e tratamento repelente. Corte reto, gola alta, bolsos com z\u00edper. Composi\u00e7\u00e3o poli\u00e9ster e elastano.","da":"Softshell jakke med 2 lag til m\u00e6nd med micropolar indvendigt og vandafvisende behandling. Rettet snit, h\u00f8j krave, lynl\u00e5slommer. Sammens\u00e6tning af polyester og elastan.","pl":"Kurtka softshell 2-warstwowa m\u0119ska z wn\u0119trzem z mikropolaru i impregnacj\u0105 hydrofobow\u0105. Kr\u00f3j prosty, ko\u0142nierz st\u00f3jka, kieszenie zapinane na zamek. Sk\u0142ad poliester i elastan."}}},"categories":[{"id":328,"name":"Softshells","singular":"Softshell","is_feminin":false},{"id":13,"name":"Vestes et manteaux","singular":"Veste et manteau","is_feminin":true},{"id":354,"name":"Textile","singular":"Textile","is_feminin":false}],"certifications":[{"id":1,"label":"OEKO-TEX 100","logo_link":"\/images\/certifications\/1_OEKO-TEX_100.jpg","is_marking_compatible":false},{"id":13,"label":"EVE Vegan","logo_link":"\/images\/certifications\/13_EVE_Vegan.jpg","is_marking_compatible":false}],"videos":{"fr":[],"en":[],"de":[],"nl":[],"es":[],"it":[],"sv":[],"pt":[],"da":[],"pl":[]},"main_images":{"miniature":"https:\/\/media.th4.com\/-UHSjt_db1lWoZWm7W0x3RJzXK5WxVG6zQi0C4UpLtc\/pr:80\/aHR0cDovL21lZGlhMi5kZXNpZ25wYXJ0bmVyLmZyL2MvcC1ibGFuay1USC8yMTExOS53ZWJw?v=1759744329","medium":"https:\/\/media.th4.com\/vXtXW4k8_V2Q29Id74YbGjO_ybQM5pMldIHXkuB50Uc\/pr:550x550greybg\/aHR0cDovL21lZGlhMi5kZXNpZ25wYXJ0bmVyLmZyL2MvcC1ibGFuay1USC8yMTExOS53ZWJw?v=1759744329","medium_large":"https:\/\/media.th4.com\/YraPv6hPqPQh8EOIjPOeoYL6oR8ix57qyRb0pkgiIvw\/pr:1000x1000greybg\/aHR0cDovL21lZGlhMi5kZXNpZ25wYXJ0bmVyLmZyL2MvcC1ibGFuay1USC8yMTExOS53ZWJw?v=1759744329","large":"https:\/\/media.th4.com\/XKsFV_T4e0QfhmAy2kHO88qCqRcYcBdXbPAYsL6GZEs\/pr:1920greybg\/aHR0cDovL21lZGlhMi5kZXNpZ25wYXJ0bmVyLmZyL2MvcC1ibGFuay1USC8yMTExOS53ZWJw?v=1759744329","opengraph":"https:\/\/media.th4.com\/scvrRhfK_dH2bDv--ivg4mRn9UFQ8UULAApvEbGGiWs\/pr:1200x630greybg\/aHR0cDovL21lZGlhMi5kZXNpZ25wYXJ0bmVyLmZyL2MvcC1ibGFuay1USC8yMTExOS53ZWJw?v=1759744329"},"main_images_customization":{"miniature":"https:\/\/media.th4.com\/7qCW5ASaE6nIBooJxS9V_J6BAu-f6q6Gzo28s4q8fcA\/pr:80\/aHR0cDovL21lZGlhMi5kZXNpZ25wYXJ0bmVyLmZyL2MvcC1jdXN0b20tVEgvMjExMTkud2VicA?v=1759744356","medium":"https:\/\/media.th4.com\/IyzJsgC8bFUR-QEdwJY8aqcFFrlF-UZGzCdTX2vnO_Y\/pr:550x550greybg\/aHR0cDovL21lZGlhMi5kZXNpZ25wYXJ0bmVyLmZyL2MvcC1jdXN0b20tVEgvMjExMTkud2VicA?v=1759744356","medium_large":"https:\/\/media.th4.com\/YEIQpP5RObcl5Mf694Y5AMBJnRCR7WTcr2TiNbuchdU\/pr:1000x1000greybg\/aHR0cDovL21lZGlhMi5kZXNpZ25wYXJ0bmVyLmZyL2MvcC1jdXN0b20tVEgvMjExMTkud2VicA?v=1759744356","large":"https:\/\/media.th4.com\/QUyO4g8_0oo50hkf-Zcgk59l7Gsgt3PgnSzL6nyIdBI\/pr:1920greybg\/aHR0cDovL21lZGlhMi5kZXNpZ25wYXJ0bmVyLmZyL2MvcC1jdXN0b20tVEgvMjExMTkud2VicA?v=1759744356","opengraph":"https:\/\/media.th4.com\/nEtIFzy6NKlC0OXxPPFRL15iOMe7SpNx4V944wrY4SU\/pr:1200x630greybg\/aHR0cDovL21lZGlhMi5kZXNpZ25wYXJ0bmVyLmZyL2MvcC1jdXN0b20tVEgvMjExMTkud2VicA?v=1759744356"},"page_links":{"fr":"\/fr\/p-id-ib410-veste-softshell-homme-ideal-basic-brand-ib410-21119\/","en":"\/en\/p-id-ib410-mens-softshell-jacket-ideal-basic-brand-ib410-21119\/","de":"\/de\/p-id-ib410-veste-softshell-homme-ideal-basic-brand-ib410-21119\/","nl":"\/nl\/p-id-ib410-heren-softshell-jas-ideal-basic-brand-ib410-21119\/","es":"\/es\/p-id-ib410-chaqueta-softshell-hombre-ideal-basic-brand-ib410-21119\/","it":"\/it\/p-id-ib410-veste-softshell-uomo-ideal-basic-brand-ib410-21119\/","sv":"\/sv\/p-id-ib410-veste-softshell-homme-ideal-basic-brand-ib410-21119\/","pt":"\/pt\/p-id-ib410-veste-softshell-homme-ideal-basic-brand-ib410-21119\/","da":"\/da\/p-id-ib410-veste-softshell-homme-ideal-basic-brand-ib410-21119\/","pl":"\/pl\/p-id-ib410-veste-softshell-homme-ideal-basic-brand-ib410-21119\/"},"page_links_customization":{"fr":"\/fr\/p-id-ib410-veste-softshell-homme-ideal-basic-brand-ib410-personnalisable-21119\/custom\/","en":"\/en\/p-id-ib410-mens-softshell-jacket-ideal-basic-brand-ib410-customizable-21119\/custom\/","de":"\/de\/p-id-ib410-softshell-jacke-herren-ideal-basic-brand-ib410-anpassbar-21119\/custom\/","nl":"\/nl\/p-id-ib410-heren-softshell-jas-ideal-basic-brand-ib410-aanpasbaar-21119\/custom\/","es":"\/es\/p-id-ib410-chaqueta-softshell-hombre-ideal-basic-brand-ib410-personalizable-21119\/custom\/","it":"\/it\/p-id-ib410-giacca-softshell-uomo-ideal-basic-brand-ib410-personalizzabile-21119\/custom\/","sv":"\/sv\/p-id-ib410-veste-softshell-homme-ideal-basic-brand-ib410-personnalisable-21119\/custom\/","pt":"\/pt\/p-id-ib410-veste-softshell-homme-ideal-basic-brand-ib410-personalizavel-21119\/custom\/","da":"\/da\/p-id-ib410-softshell-jakke-til-maend-ideal-basic-brand-ib410-tilpasselig-21119\/custom\/","pl":"\/pl\/p-id-ib410-kurtka-softshell-meska-ideal-basic-brand-ib410-personalizowana-21119\/custom\/"},"equivalent_products":[21120],"colors":[{"id":24719,"name":"ideal_black","class_ids":[4],"codes_hexa":["464543"],"delai_24":false,"has_3d":true,"seuil_global":0,"stock_local":0,"stock_global":7672,"on_standby":false,"in_catalog":true,"images":{"miniature":["https:\/\/media.th4.com\/bAWqYyB4sQytDUZ6CFb2jxDsjI15QmEW36g5FxC4acc\/pr:80\/aHR0cDovL21lZGlhMi5kZXNpZ25wYXJ0bmVyLmZyL2MvcC8yMTExOS8yMTExOS0yNDcxOS0xLndlYnA?v=1760012718","https:\/\/media.th4.com\/vPAAM6amEgtlXaolECa6Gd1DcTD8Zc2WWObgn4Ry8JY\/pr:80\/aHR0cDovL21lZGlhMi5kZXNpZ25wYXJ0bmVyLmZyL2MvcC8yMTExOS8yMTExOS0yNDcxOS0yLndlYnA?v=1760012718","https:\/\/media.th4.com\/_fjiDU49lZvRu169w_ifBOB5AX1sKwSrl4oh-sbahZ4\/pr:80\/aHR0cDovL21lZGlhMi5kZXNpZ25wYXJ0bmVyLmZyL2MvcC8yMTExOS8yMTExOS0yNDcxOS0zLndlYnA?v=1760012719"],"medium":["https:\/\/media.th4.com\/2b55hPp3pVoEIjAa7Yr7irFbkvcvf0MVhIBgO87mPwc\/pr:550x550\/aHR0cDovL21lZGlhMi5kZXNpZ25wYXJ0bmVyLmZyL2MvcC8yMTExOS8yMTExOS0yNDcxOS0xLndlYnA?v=1760012718","https:\/\/media.th4.com\/8QFv8Vvb3DNVzq_FxvhEVdvaNktFOdBkzfkJUoxQ9CY\/pr:550x550\/aHR0cDovL21lZGlhMi5kZXNpZ25wYXJ0bmVyLmZyL2MvcC8yMTExOS8yMTExOS0yNDcxOS0yLndlYnA?v=1760012718","https:\/\/media.th4.com\/khdcq7yACkDbFgpjwpP6bMpRM7eGmmd-_G5epP_Ehpk\/pr:550x550\/aHR0cDovL21lZGlhMi5kZXNpZ25wYXJ0bmVyLmZyL2MvcC8yMTExOS8yMTExOS0yNDcxOS0zLndlYnA?v=1760012719"],"medium_large":["https:\/\/media.th4.com\/TZDC1GY2Y1ejSzMWWgK5G6Zmq_2ku91RDtr45uQm2S0\/pr:1000x1000\/aHR0cDovL21lZGlhMi5kZXNpZ25wYXJ0bmVyLmZyL2MvcC8yMTExOS8yMTExOS0yNDcxOS0xLndlYnA?v=1760012718","https:\/\/media.th4.com\/tJhU6QioW2GH3XoArlLaaLqbhJH0SFs1mmMwhit1oWQ\/pr:1000x1000\/aHR0cDovL21lZGlhMi5kZXNpZ25wYXJ0bmVyLmZyL2MvcC8yMTExOS8yMTExOS0yNDcxOS0yLndlYnA?v=1760012718","https:\/\/media.th4.com\/TxkhFK-FLe87Fwj3jiBQZMoJgrBlCjUYXYTyvTNjP4o\/pr:1000x1000\/aHR0cDovL21lZGlhMi5kZXNpZ25wYXJ0bmVyLmZyL2MvcC8yMTExOS8yMTExOS0yNDcxOS0zLndlYnA?v=1760012719"],"large":["https:\/\/media.th4.com\/jGXysUGkE5AZMY92TMSqv9jOiyWlNGvOuHwf2zPY5y0\/pr:1920\/aHR0cDovL21lZGlhMi5kZXNpZ25wYXJ0bmVyLmZyL2MvcC8yMTExOS8yMTExOS0yNDcxOS0xLndlYnA?v=1760012718","https:\/\/media.th4.com\/rLPvgQglAmvT15Zv_9lNGAXu8xJtZOc9jyvgu1KQi_s\/pr:1920\/aHR0cDovL21lZGlhMi5kZXNpZ25wYXJ0bmVyLmZyL2MvcC8yMTExOS8yMTExOS0yNDcxOS0yLndlYnA?v=1760012718","https:\/\/media.th4.com\/9R1lo7aduf73KlUHS6Q9tBXRj2sKzH344ugAVp9n10A\/pr:1920\/aHR0cDovL21lZGlhMi5kZXNpZ25wYXJ0bmVyLmZyL2MvcC8yMTExOS8yMTExOS0yNDcxOS0zLndlYnA?v=1760012719"],"opengraph":["https:\/\/media.th4.com\/yz_G8uZOSEVYueLKsC-u7u2rDSDgy8EBSpbhM6h6L2w\/pr:1200x630\/aHR0cDovL21lZGlhMi5kZXNpZ25wYXJ0bmVyLmZyL2MvcC8yMTExOS8yMTExOS0yNDcxOS0xLndlYnA?v=1760012718","https:\/\/media.th4.com\/KodsTICA5v4n4GUssncm19We5bOMHI0-SpsK0jRjtro\/pr:1200x630\/aHR0cDovL21lZGlhMi5kZXNpZ25wYXJ0bmVyLmZyL2MvcC8yMTExOS8yMTExOS0yNDcxOS0yLndlYnA?v=1760012718","https:\/\/media.th4.com\/PQodNyLWC1AkM_rlj11gXc9nBk985Ea01eXDgl-xRKM\/pr:1200x630\/aHR0cDovL21lZGlhMi5kZXNpZ25wYXJ0bmVyLmZyL2MvcC8yMTExOS8yMTExOS0yNDcxOS0zLndlYnA?v=1760012719"]},"images_customization":{"miniature":["https:\/\/media.th4.com\/bAWqYyB4sQytDUZ6CFb2jxDsjI15QmEW36g5FxC4acc\/pr:80\/aHR0cDovL21lZGlhMi5kZXNpZ25wYXJ0bmVyLmZyL2MvcC8yMTExOS8yMTExOS0yNDcxOS0xLndlYnA?v=1760012718","https:\/\/media.th4.com\/vPAAM6amEgtlXaolECa6Gd1DcTD8Zc2WWObgn4Ry8JY\/pr:80\/aHR0cDovL21lZGlhMi5kZXNpZ25wYXJ0bmVyLmZyL2MvcC8yMTExOS8yMTExOS0yNDcxOS0yLndlYnA?v=1760012718","https:\/\/media.th4.com\/_fjiDU49lZvRu169w_ifBOB5AX1sKwSrl4oh-sbahZ4\/pr:80\/aHR0cDovL21lZGlhMi5kZXNpZ25wYXJ0bmVyLmZyL2MvcC8yMTExOS8yMTExOS0yNDcxOS0zLndlYnA?v=1760012719"],"medium":["https:\/\/media.th4.com\/2b55hPp3pVoEIjAa7Yr7irFbkvcvf0MVhIBgO87mPwc\/pr:550x550\/aHR0cDovL21lZGlhMi5kZXNpZ25wYXJ0bmVyLmZyL2MvcC8yMTExOS8yMTExOS0yNDcxOS0xLndlYnA?v=1760012718","https:\/\/media.th4.com\/8QFv8Vvb3DNVzq_FxvhEVdvaNktFOdBkzfkJUoxQ9CY\/pr:550x550\/aHR0cDovL21lZGlhMi5kZXNpZ25wYXJ0bmVyLmZyL2MvcC8yMTExOS8yMTExOS0yNDcxOS0yLndlYnA?v=1760012718","https:\/\/media.th4.com\/khdcq7yACkDbFgpjwpP6bMpRM7eGmmd-_G5epP_Ehpk\/pr:550x550\/aHR0cDovL21lZGlhMi5kZXNpZ25wYXJ0bmVyLmZyL2MvcC8yMTExOS8yMTExOS0yNDcxOS0zLndlYnA?v=1760012719"],"medium_large":["https:\/\/media.th4.com\/TZDC1GY2Y1ejSzMWWgK5G6Zmq_2ku91RDtr45uQm2S0\/pr:1000x1000\/aHR0cDovL21lZGlhMi5kZXNpZ25wYXJ0bmVyLmZyL2MvcC8yMTExOS8yMTExOS0yNDcxOS0xLndlYnA?v=1760012718","https:\/\/media.th4.com\/tJhU6QioW2GH3XoArlLaaLqbhJH0SFs1mmMwhit1oWQ\/pr:1000x1000\/aHR0cDovL21lZGlhMi5kZXNpZ25wYXJ0bmVyLmZyL2MvcC8yMTExOS8yMTExOS0yNDcxOS0yLndlYnA?v=1760012718","https:\/\/media.th4.com\/TxkhFK-FLe87Fwj3jiBQZMoJgrBlCjUYXYTyvTNjP4o\/pr:1000x1000\/aHR0cDovL21lZGlhMi5kZXNpZ25wYXJ0bmVyLmZyL2MvcC8yMTExOS8yMTExOS0yNDcxOS0zLndlYnA?v=1760012719"],"large":["https:\/\/media.th4.com\/jGXysUGkE5AZMY92TMSqv9jOiyWlNGvOuHwf2zPY5y0\/pr:1920\/aHR0cDovL21lZGlhMi5kZXNpZ25wYXJ0bmVyLmZyL2MvcC8yMTExOS8yMTExOS0yNDcxOS0xLndlYnA?v=1760012718","https:\/\/media.th4.com\/rLPvgQglAmvT15Zv_9lNGAXu8xJtZOc9jyvgu1KQi_s\/pr:1920\/aHR0cDovL21lZGlhMi5kZXNpZ25wYXJ0bmVyLmZyL2MvcC8yMTExOS8yMTExOS0yNDcxOS0yLndlYnA?v=1760012718","https:\/\/media.th4.com\/9R1lo7aduf73KlUHS6Q9tBXRj2sKzH344ugAVp9n10A\/pr:1920\/aHR0cDovL21lZGlhMi5kZXNpZ25wYXJ0bmVyLmZyL2MvcC8yMTExOS8yMTExOS0yNDcxOS0zLndlYnA?v=1760012719"],"opengraph":["https:\/\/media.th4.com\/yz_G8uZOSEVYueLKsC-u7u2rDSDgy8EBSpbhM6h6L2w\/pr:1200x630\/aHR0cDovL21lZGlhMi5kZXNpZ25wYXJ0bmVyLmZyL2MvcC8yMTExOS8yMTExOS0yNDcxOS0xLndlYnA?v=1760012718","https:\/\/media.th4.com\/KodsTICA5v4n4GUssncm19We5bOMHI0-SpsK0jRjtro\/pr:1200x630\/aHR0cDovL21lZGlhMi5kZXNpZ25wYXJ0bmVyLmZyL2MvcC8yMTExOS8yMTExOS0yNDcxOS0yLndlYnA?v=1760012718","https:\/\/media.th4.com\/PQodNyLWC1AkM_rlj11gXc9nBk985Ea01eXDgl-xRKM\/pr:1200x630\/aHR0cDovL21lZGlhMi5kZXNpZ25wYXJ0bmVyLmZyL2MvcC8yMTExOS8yMTExOS0yNDcxOS0zLndlYnA?v=1760012719"]},"country_origin":"BD","traceability":{"manufacturing_country_id":null,"weaving_country_id":null,"dyeing_country_id":null},"sizes":[{"id":3,"article_id":517687,"class_id":3,"name":"S","on_standby":false,"stock_local":0,"stock_global":597,"multiple":1,"estimated_date_reassort":null,"is_destocking":false},{"id":2,"article_id":517688,"class_id":4,"name":"M","on_standby":false,"stock_local":0,"stock_global":1898,"multiple":1,"estimated_date_reassort":null,"is_destocking":false},{"id":1,"article_id":517689,"class_id":5,"name":"L","on_standby":false,"stock_local":0,"stock_global":2544,"multiple":1,"estimated_date_reassort":null,"is_destocking":false},{"id":4,"article_id":517690,"class_id":6,"name":"XL","on_standby":false,"stock_local":0,"stock_global":1512,"multiple":1,"estimated_date_reassort":null,"is_destocking":false},{"id":1116,"article_id":517691,"class_id":7,"name":"2XL","on_standby":false,"stock_local":0,"stock_global":664,"multiple":1,"estimated_date_reassort":null,"is_destocking":false},{"id":1081,"article_id":517692,"class_id":8,"name":"3XL","on_standby":false,"stock_local":0,"stock_global":258,"multiple":1,"estimated_date_reassort":null,"is_destocking":false},{"id":16,"article_id":517693,"class_id":9,"name":"4XL","on_standby":false,"stock_local":0,"stock_global":199,"multiple":1,"estimated_date_reassort":null,"is_destocking":false}],"page_links":{"fr":"\/fr\/p-id-ib410-veste-softshell-homme-ideal-basic-brand-ib410-21119\/ideal-black-24719\/","en":"\/en\/p-id-ib410-mens-softshell-jacket-ideal-basic-brand-ib410-21119\/ideal-black-24719\/","de":"\/de\/p-id-ib410-veste-softshell-homme-ideal-basic-brand-ib410-21119\/ideal-black-24719\/","nl":"\/nl\/p-id-ib410-heren-softshell-jas-ideal-basic-brand-ib410-21119\/ideal-black-24719\/","es":"\/es\/p-id-ib410-chaqueta-softshell-hombre-ideal-basic-brand-ib410-21119\/ideal-black-24719\/","it":"\/it\/p-id-ib410-veste-softshell-uomo-ideal-basic-brand-ib410-21119\/ideal-black-24719\/","sv":"\/sv\/p-id-ib410-veste-softshell-homme-ideal-basic-brand-ib410-21119\/ideal-black-24719\/","pt":"\/pt\/p-id-ib410-veste-softshell-homme-ideal-basic-brand-ib410-21119\/ideal-black-24719\/","da":"\/da\/p-id-ib410-veste-softshell-homme-ideal-basic-brand-ib410-21119\/ideal-black-24719\/","pl":"\/pl\/p-id-ib410-veste-softshell-homme-ideal-basic-brand-ib410-21119\/ideal-black-24719\/"},"page_links_customization":{"fr":"\/fr\/p-id-ib410-veste-softshell-homme-ideal-basic-brand-ib410-personnalisable-21119\/ideal-black-24719\/custom\/","en":"\/en\/p-id-ib410-mens-softshell-jacket-ideal-basic-brand-ib410-customizable-21119\/ideal-black-24719\/custom\/","de":"\/de\/p-id-ib410-softshell-jacke-herren-ideal-basic-brand-ib410-anpassbar-21119\/ideal-black-24719\/custom\/","nl":"\/nl\/p-id-ib410-heren-softshell-jas-ideal-basic-brand-ib410-aanpasbaar-21119\/ideal-black-24719\/custom\/","es":"\/es\/p-id-ib410-chaqueta-softshell-hombre-ideal-basic-brand-ib410-personalizable-21119\/ideal-black-24719\/custom\/","it":"\/it\/p-id-ib410-giacca-softshell-uomo-ideal-basic-brand-ib410-personalizzabile-21119\/ideal-black-24719\/custom\/","sv":"\/sv\/p-id-ib410-veste-softshell-homme-ideal-basic-brand-ib410-personnalisable-21119\/ideal-black-24719\/custom\/","pt":"\/pt\/p-id-ib410-veste-softshell-homme-ideal-basic-brand-ib410-personalizavel-21119\/ideal-black-24719\/custom\/","da":"\/da\/p-id-ib410-softshell-jakke-til-maend-ideal-basic-brand-ib410-tilpasselig-21119\/ideal-black-24719\/custom\/","pl":"\/pl\/p-id-ib410-kurtka-softshell-meska-ideal-basic-brand-ib410-personalizowana-21119\/ideal-black-24719\/custom\/"}},{"id":24720,"name":"ideal_navy","class_ids":[2],"codes_hexa":["3F3E4C"],"delai_24":false,"has_3d":true,"seuil_global":0,"stock_local":0,"stock_global":6581,"on_standby":false,"in_catalog":true,"images":{"miniature":["https:\/\/media.th4.com\/AfioKjN-SkzqEhbdm_dhOwG6p99S3nopjt30iHcHBx4\/pr:80\/aHR0cDovL21lZGlhMi5kZXNpZ25wYXJ0bmVyLmZyL2MvcC8yMTExOS8yMTExOS0yNDcyMC0xLndlYnA?v=1760012721","https:\/\/media.th4.com\/nEWQ4O1t0SjsVCXgckV9M_lZBtQQmcf2rbkwwlbhi7E\/pr:80\/aHR0cDovL21lZGlhMi5kZXNpZ25wYXJ0bmVyLmZyL2MvcC8yMTExOS8yMTExOS0yNDcyMC0yLndlYnA?v=1760012722","https:\/\/media.th4.com\/5ltVUxYVY_QlHSdUKq0NVnjhGaGTbSm52FSWi1R41IY\/pr:80\/aHR0cDovL21lZGlhMi5kZXNpZ25wYXJ0bmVyLmZyL2MvcC8yMTExOS8yMTExOS0yNDcyMC0zLndlYnA?v=1760012722"],"medium":["https:\/\/media.th4.com\/rruztLHtVt2xqPRmMR7D6AHaIB9L22kGOgpSiev-gDQ\/pr:550x550\/aHR0cDovL21lZGlhMi5kZXNpZ25wYXJ0bmVyLmZyL2MvcC8yMTExOS8yMTExOS0yNDcyMC0xLndlYnA?v=1760012721","https:\/\/media.th4.com\/dUWUMJE6RBSDArzdQjiSv7XksjmV9wd6hjs4l1ArCoE\/pr:550x550\/aHR0cDovL21lZGlhMi5kZXNpZ25wYXJ0bmVyLmZyL2MvcC8yMTExOS8yMTExOS0yNDcyMC0yLndlYnA?v=1760012722","https:\/\/media.th4.com\/OaQKXOU1ulo9Uwm1QFwmlbPdrQXYKNl3oQKvbujHkyM\/pr:550x550\/aHR0cDovL21lZGlhMi5kZXNpZ25wYXJ0bmVyLmZyL2MvcC8yMTExOS8yMTExOS0yNDcyMC0zLndlYnA?v=1760012722"],"medium_large":["https:\/\/media.th4.com\/wJwdRO4U3Oqt3uEGETriq-ACRqY3ANMCDhYip_UF738\/pr:1000x1000\/aHR0cDovL21lZGlhMi5kZXNpZ25wYXJ0bmVyLmZyL2MvcC8yMTExOS8yMTExOS0yNDcyMC0xLndlYnA?v=1760012721","https:\/\/media.th4.com\/9MutTQ31y2yhOgDDAJe_d8tPvmMdrROZxiXYtFg6Qe4\/pr:1000x1000\/aHR0cDovL21lZGlhMi5kZXNpZ25wYXJ0bmVyLmZyL2MvcC8yMTExOS8yMTExOS0yNDcyMC0yLndlYnA?v=1760012722","https:\/\/media.th4.com\/rlvvwxT2_x9EAICHduckfYr6wZoQnaaE879feslGc1Q\/pr:1000x1000\/aHR0cDovL21lZGlhMi5kZXNpZ25wYXJ0bmVyLmZyL2MvcC8yMTExOS8yMTExOS0yNDcyMC0zLndlYnA?v=1760012722"],"large":["https:\/\/media.th4.com\/0ZZMxxFtomzumMJnKap6oelMsIW0mNPsCFzEkPu1a3E\/pr:1920\/aHR0cDovL21lZGlhMi5kZXNpZ25wYXJ0bmVyLmZyL2MvcC8yMTExOS8yMTExOS0yNDcyMC0xLndlYnA?v=1760012721","https:\/\/media.th4.com\/qBUDJXEBP88ntjXBlv5Wg69M2g80A-kidPWisHCwXcg\/pr:1920\/aHR0cDovL21lZGlhMi5kZXNpZ25wYXJ0bmVyLmZyL2MvcC8yMTExOS8yMTExOS0yNDcyMC0yLndlYnA?v=1760012722","https:\/\/media.th4.com\/i0D-U9R5_yQ4fkPv_UDHWcXlVtQ8UsgtSw2xbMiKeX8\/pr:1920\/aHR0cDovL21lZGlhMi5kZXNpZ25wYXJ0bmVyLmZyL2MvcC8yMTExOS8yMTExOS0yNDcyMC0zLndlYnA?v=1760012722"],"opengraph":["https:\/\/media.th4.com\/aO5Z9hdU8l1jWZpA9ayMQQUsrarxrXgr2UtxeM-euV8\/pr:1200x630\/aHR0cDovL21lZGlhMi5kZXNpZ25wYXJ0bmVyLmZyL2MvcC8yMTExOS8yMTExOS0yNDcyMC0xLndlYnA?v=1760012721","https:\/\/media.th4.com\/6AS8hcAOtm729zWteirnNIR2YmWOxEM9DN2qyjl9nbo\/pr:1200x630\/aHR0cDovL21lZGlhMi5kZXNpZ25wYXJ0bmVyLmZyL2MvcC8yMTExOS8yMTExOS0yNDcyMC0yLndlYnA?v=1760012722","https:\/\/media.th4.com\/bpyf5Dh4JKk1oLi6xEKHH8meTUBa05vVJyDPV2cYJts\/pr:1200x630\/aHR0cDovL21lZGlhMi5kZXNpZ25wYXJ0bmVyLmZyL2MvcC8yMTExOS8yMTExOS0yNDcyMC0zLndlYnA?v=1760012722"]},"images_customization":{"miniature":["https:\/\/media.th4.com\/AfioKjN-SkzqEhbdm_dhOwG6p99S3nopjt30iHcHBx4\/pr:80\/aHR0cDovL21lZGlhMi5kZXNpZ25wYXJ0bmVyLmZyL2MvcC8yMTExOS8yMTExOS0yNDcyMC0xLndlYnA?v=1760012721","https:\/\/media.th4.com\/nEWQ4O1t0SjsVCXgckV9M_lZBtQQmcf2rbkwwlbhi7E\/pr:80\/aHR0cDovL21lZGlhMi5kZXNpZ25wYXJ0bmVyLmZyL2MvcC8yMTExOS8yMTExOS0yNDcyMC0yLndlYnA?v=1760012722","https:\/\/media.th4.com\/5ltVUxYVY_QlHSdUKq0NVnjhGaGTbSm52FSWi1R41IY\/pr:80\/aHR0cDovL21lZGlhMi5kZXNpZ25wYXJ0bmVyLmZyL2MvcC8yMTExOS8yMTExOS0yNDcyMC0zLndlYnA?v=1760012722"],"medium":["https:\/\/media.th4.com\/rruztLHtVt2xqPRmMR7D6AHaIB9L22kGOgpSiev-gDQ\/pr:550x550\/aHR0cDovL21lZGlhMi5kZXNpZ25wYXJ0bmVyLmZyL2MvcC8yMTExOS8yMTExOS0yNDcyMC0xLndlYnA?v=1760012721","https:\/\/media.th4.com\/dUWUMJE6RBSDArzdQjiSv7XksjmV9wd6hjs4l1ArCoE\/pr:550x550\/aHR0cDovL21lZGlhMi5kZXNpZ25wYXJ0bmVyLmZyL2MvcC8yMTExOS8yMTExOS0yNDcyMC0yLndlYnA?v=1760012722","https:\/\/media.th4.com\/OaQKXOU1ulo9Uwm1QFwmlbPdrQXYKNl3oQKvbujHkyM\/pr:550x550\/aHR0cDovL21lZGlhMi5kZXNpZ25wYXJ0bmVyLmZyL2MvcC8yMTExOS8yMTExOS0yNDcyMC0zLndlYnA?v=1760012722"],"medium_large":["https:\/\/media.th4.com\/wJwdRO4U3Oqt3uEGETriq-ACRqY3ANMCDhYip_UF738\/pr:1000x1000\/aHR0cDovL21lZGlhMi5kZXNpZ25wYXJ0bmVyLmZyL2MvcC8yMTExOS8yMTExOS0yNDcyMC0xLndlYnA?v=1760012721","https:\/\/media.th4.com\/9MutTQ31y2yhOgDDAJe_d8tPvmMdrROZxiXYtFg6Qe4\/pr:1000x1000\/aHR0cDovL21lZGlhMi5kZXNpZ25wYXJ0bmVyLmZyL2MvcC8yMTExOS8yMTExOS0yNDcyMC0yLndlYnA?v=1760012722","https:\/\/media.th4.com\/rlvvwxT2_x9EAICHduckfYr6wZoQnaaE879feslGc1Q\/pr:1000x1000\/aHR0cDovL21lZGlhMi5kZXNpZ25wYXJ0bmVyLmZyL2MvcC8yMTExOS8yMTExOS0yNDcyMC0zLndlYnA?v=1760012722"],"large":["https:\/\/media.th4.com\/0ZZMxxFtomzumMJnKap6oelMsIW0mNPsCFzEkPu1a3E\/pr:1920\/aHR0cDovL21lZGlhMi5kZXNpZ25wYXJ0bmVyLmZyL2MvcC8yMTExOS8yMTExOS0yNDcyMC0xLndlYnA?v=1760012721","https:\/\/media.th4.com\/qBUDJXEBP88ntjXBlv5Wg69M2g80A-kidPWisHCwXcg\/pr:1920\/aHR0cDovL21lZGlhMi5kZXNpZ25wYXJ0bmVyLmZyL2MvcC8yMTExOS8yMTExOS0yNDcyMC0yLndlYnA?v=1760012722","https:\/\/media.th4.com\/i0D-U9R5_yQ4fkPv_UDHWcXlVtQ8UsgtSw2xbMiKeX8\/pr:1920\/aHR0cDovL21lZGlhMi5kZXNpZ25wYXJ0bmVyLmZyL2MvcC8yMTExOS8yMTExOS0yNDcyMC0zLndlYnA?v=1760012722"],"opengraph":["https:\/\/media.th4.com\/aO5Z9hdU8l1jWZpA9ayMQQUsrarxrXgr2UtxeM-euV8\/pr:1200x630\/aHR0cDovL21lZGlhMi5kZXNpZ25wYXJ0bmVyLmZyL2MvcC8yMTExOS8yMTExOS0yNDcyMC0xLndlYnA?v=1760012721","https:\/\/media.th4.com\/6AS8hcAOtm729zWteirnNIR2YmWOxEM9DN2qyjl9nbo\/pr:1200x630\/aHR0cDovL21lZGlhMi5kZXNpZ25wYXJ0bmVyLmZyL2MvcC8yMTExOS8yMTExOS0yNDcyMC0yLndlYnA?v=1760012722","https:\/\/media.th4.com\/bpyf5Dh4JKk1oLi6xEKHH8meTUBa05vVJyDPV2cYJts\/pr:1200x630\/aHR0cDovL21lZGlhMi5kZXNpZ25wYXJ0bmVyLmZyL2MvcC8yMTExOS8yMTExOS0yNDcyMC0zLndlYnA?v=1760012722"]},"country_origin":"BD","traceability":{"manufacturing_country_id":null,"weaving_country_id":null,"dyeing_country_id":null},"sizes":[{"id":3,"article_id":517701,"class_id":3,"name":"S","on_standby":false,"stock_local":0,"stock_global":598,"multiple":1,"estimated_date_reassort":null,"is_destocking":false},{"id":2,"article_id":517702,"class_id":4,"name":"M","on_standby":false,"stock_local":0,"stock_global":1423,"multiple":1,"estimated_date_reassort":null,"is_destocking":false},{"id":1,"article_id":517703,"class_id":5,"name":"L","on_standby":false,"stock_local":0,"stock_global":1699,"multiple":1,"estimated_date_reassort":null,"is_destocking":false},{"id":4,"article_id":517704,"class_id":6,"name":"XL","on_standby":false,"stock_local":0,"stock_global":1331,"multiple":1,"estimated_date_reassort":null,"is_destocking":false},{"id":1116,"article_id":517705,"class_id":7,"name":"2XL","on_standby":false,"stock_local":0,"stock_global":948,"multiple":1,"estimated_date_reassort":null,"is_destocking":false},{"id":1081,"article_id":517706,"class_id":8,"name":"3XL","on_standby":false,"stock_local":0,"stock_global":296,"multiple":1,"estimated_date_reassort":null,"is_destocking":false},{"id":16,"article_id":517707,"class_id":9,"name":"4XL","on_standby":false,"stock_local":0,"stock_global":286,"multiple":1,"estimated_date_reassort":null,"is_destocking":false}],"page_links":{"fr":"\/fr\/p-id-ib410-veste-softshell-homme-ideal-basic-brand-ib410-21119\/ideal-navy-24720\/","en":"\/en\/p-id-ib410-mens-softshell-jacket-ideal-basic-brand-ib410-21119\/ideal-navy-24720\/","de":"\/de\/p-id-ib410-veste-softshell-homme-ideal-basic-brand-ib410-21119\/ideal-navy-24720\/","nl":"\/nl\/p-id-ib410-heren-softshell-jas-ideal-basic-brand-ib410-21119\/ideal-navy-24720\/","es":"\/es\/p-id-ib410-chaqueta-softshell-hombre-ideal-basic-brand-ib410-21119\/ideal-navy-24720\/","it":"\/it\/p-id-ib410-veste-softshell-uomo-ideal-basic-brand-ib410-21119\/ideal-navy-24720\/","sv":"\/sv\/p-id-ib410-veste-softshell-homme-ideal-basic-brand-ib410-21119\/ideal-navy-24720\/","pt":"\/pt\/p-id-ib410-veste-softshell-homme-ideal-basic-brand-ib410-21119\/ideal-navy-24720\/","da":"\/da\/p-id-ib410-veste-softshell-homme-ideal-basic-brand-ib410-21119\/ideal-navy-24720\/","pl":"\/pl\/p-id-ib410-veste-softshell-homme-ideal-basic-brand-ib410-21119\/ideal-navy-24720\/"},"page_links_customization":{"fr":"\/fr\/p-id-ib410-veste-softshell-homme-ideal-basic-brand-ib410-personnalisable-21119\/ideal-navy-24720\/custom\/","en":"\/en\/p-id-ib410-mens-softshell-jacket-ideal-basic-brand-ib410-customizable-21119\/ideal-navy-24720\/custom\/","de":"\/de\/p-id-ib410-softshell-jacke-herren-ideal-basic-brand-ib410-anpassbar-21119\/ideal-navy-24720\/custom\/","nl":"\/nl\/p-id-ib410-heren-softshell-jas-ideal-basic-brand-ib410-aanpasbaar-21119\/ideal-navy-24720\/custom\/","es":"\/es\/p-id-ib410-chaqueta-softshell-hombre-ideal-basic-brand-ib410-personalizable-21119\/ideal-navy-24720\/custom\/","it":"\/it\/p-id-ib410-giacca-softshell-uomo-ideal-basic-brand-ib410-personalizzabile-21119\/ideal-navy-24720\/custom\/","sv":"\/sv\/p-id-ib410-veste-softshell-homme-ideal-basic-brand-ib410-personnalisable-21119\/ideal-navy-24720\/custom\/","pt":"\/pt\/p-id-ib410-veste-softshell-homme-ideal-basic-brand-ib410-personalizavel-21119\/ideal-navy-24720\/custom\/","da":"\/da\/p-id-ib410-softshell-jakke-til-maend-ideal-basic-brand-ib410-tilpasselig-21119\/ideal-navy-24720\/custom\/","pl":"\/pl\/p-id-ib410-kurtka-softshell-meska-ideal-basic-brand-ib410-personalizowana-21119\/ideal-navy-24720\/custom\/"}},{"id":24725,"name":"ideal_dark_grey","class_ids":[3],"codes_hexa":["68686A"],"delai_24":false,"has_3d":true,"seuil_global":0,"stock_local":0,"stock_global":5766,"on_standby":false,"in_catalog":true,"images":{"miniature":["https:\/\/media.th4.com\/vtQwmfxaBN7zCqHcnaCS4YcZoGvPTE0moMly3Eqw_zs\/pr:80\/aHR0cDovL21lZGlhMi5kZXNpZ25wYXJ0bmVyLmZyL2MvcC8yMTExOS8yMTExOS0yNDcyNS0xLndlYnA?v=1760012719","https:\/\/media.th4.com\/3OAk1BH1AEb-5mZ58qYQt7A1gKiPfZIZSAXFlvLszwk\/pr:80\/aHR0cDovL21lZGlhMi5kZXNpZ25wYXJ0bmVyLmZyL2MvcC8yMTExOS8yMTExOS0yNDcyNS0yLndlYnA?v=1760012720","https:\/\/media.th4.com\/pwOH8BWATPL1UropVgg3L6ZHjo5uR5lE3ntBGNS0whY\/pr:80\/aHR0cDovL21lZGlhMi5kZXNpZ25wYXJ0bmVyLmZyL2MvcC8yMTExOS8yMTExOS0yNDcyNS0zLndlYnA?v=1760012720"],"medium":["https:\/\/media.th4.com\/fpDw8RY-qBLNtqaUf_Jm0QeeE7UacE3S5ktrdw906pE\/pr:550x550\/aHR0cDovL21lZGlhMi5kZXNpZ25wYXJ0bmVyLmZyL2MvcC8yMTExOS8yMTExOS0yNDcyNS0xLndlYnA?v=1760012719","https:\/\/media.th4.com\/R0HE-OwVIeGLCTxs4dmZ2yXTxB9U7kWaSGu5I-7vCUc\/pr:550x550\/aHR0cDovL21lZGlhMi5kZXNpZ25wYXJ0bmVyLmZyL2MvcC8yMTExOS8yMTExOS0yNDcyNS0yLndlYnA?v=1760012720","https:\/\/media.th4.com\/Ql6mjjdCT4E2dcxLpxMdeYWPnE03XTDsvbxxNHHpAaU\/pr:550x550\/aHR0cDovL21lZGlhMi5kZXNpZ25wYXJ0bmVyLmZyL2MvcC8yMTExOS8yMTExOS0yNDcyNS0zLndlYnA?v=1760012720"],"medium_large":["https:\/\/media.th4.com\/18kluklx-iCblUnT0PyMEPR1Vd5MokZXNSAPMutvjVA\/pr:1000x1000\/aHR0cDovL21lZGlhMi5kZXNpZ25wYXJ0bmVyLmZyL2MvcC8yMTExOS8yMTExOS0yNDcyNS0xLndlYnA?v=1760012719","https:\/\/media.th4.com\/XY_gn9dCvjYt47UKmjm4xHyasZHOXfOdhH30jyDtXXk\/pr:1000x1000\/aHR0cDovL21lZGlhMi5kZXNpZ25wYXJ0bmVyLmZyL2MvcC8yMTExOS8yMTExOS0yNDcyNS0yLndlYnA?v=1760012720","https:\/\/media.th4.com\/rIF3u7e0Zm02u_Z0c2cVjYlvcupegdUGyLrNDs14d_c\/pr:1000x1000\/aHR0cDovL21lZGlhMi5kZXNpZ25wYXJ0bmVyLmZyL2MvcC8yMTExOS8yMTExOS0yNDcyNS0zLndlYnA?v=1760012720"],"large":["https:\/\/media.th4.com\/7X8e0itY6GSFJHMMQkO-cwZsJRXyojfCA6fBH5ITCxg\/pr:1920\/aHR0cDovL21lZGlhMi5kZXNpZ25wYXJ0bmVyLmZyL2MvcC8yMTExOS8yMTExOS0yNDcyNS0xLndlYnA?v=1760012719","https:\/\/media.th4.com\/Yy849dnktlzL4bj3sdfxl2n29SQGAd04_ZPumS1XiBI\/pr:1920\/aHR0cDovL21lZGlhMi5kZXNpZ25wYXJ0bmVyLmZyL2MvcC8yMTExOS8yMTExOS0yNDcyNS0yLndlYnA?v=1760012720","https:\/\/media.th4.com\/gCu1jjGGbirSsTIdTGimfqc62mljSWizZGpGHEBetCE\/pr:1920\/aHR0cDovL21lZGlhMi5kZXNpZ25wYXJ0bmVyLmZyL2MvcC8yMTExOS8yMTExOS0yNDcyNS0zLndlYnA?v=1760012720"],"opengraph":["https:\/\/media.th4.com\/rWWyQKKGnDCdyX8JhLIqlaGALtKaxA20pH864vIxIu0\/pr:1200x630\/aHR0cDovL21lZGlhMi5kZXNpZ25wYXJ0bmVyLmZyL2MvcC8yMTExOS8yMTExOS0yNDcyNS0xLndlYnA?v=1760012719","https:\/\/media.th4.com\/i4lOXZgkuNy_rD50RuXfl2_VeWd2shGZgs8nh35WoM0\/pr:1200x630\/aHR0cDovL21lZGlhMi5kZXNpZ25wYXJ0bmVyLmZyL2MvcC8yMTExOS8yMTExOS0yNDcyNS0yLndlYnA?v=1760012720","https:\/\/media.th4.com\/gUqXr_Do1D_RCQgVDYwA7Wjrqh3VLIVTiZ2VqnuYoOs\/pr:1200x630\/aHR0cDovL21lZGlhMi5kZXNpZ25wYXJ0bmVyLmZyL2MvcC8yMTExOS8yMTExOS0yNDcyNS0zLndlYnA?v=1760012720"]},"images_customization":{"miniature":["https:\/\/media.th4.com\/vtQwmfxaBN7zCqHcnaCS4YcZoGvPTE0moMly3Eqw_zs\/pr:80\/aHR0cDovL21lZGlhMi5kZXNpZ25wYXJ0bmVyLmZyL2MvcC8yMTExOS8yMTExOS0yNDcyNS0xLndlYnA?v=1760012719","https:\/\/media.th4.com\/3OAk1BH1AEb-5mZ58qYQt7A1gKiPfZIZSAXFlvLszwk\/pr:80\/aHR0cDovL21lZGlhMi5kZXNpZ25wYXJ0bmVyLmZyL2MvcC8yMTExOS8yMTExOS0yNDcyNS0yLndlYnA?v=1760012720","https:\/\/media.th4.com\/pwOH8BWATPL1UropVgg3L6ZHjo5uR5lE3ntBGNS0whY\/pr:80\/aHR0cDovL21lZGlhMi5kZXNpZ25wYXJ0bmVyLmZyL2MvcC8yMTExOS8yMTExOS0yNDcyNS0zLndlYnA?v=1760012720"],"medium":["https:\/\/media.th4.com\/fpDw8RY-qBLNtqaUf_Jm0QeeE7UacE3S5ktrdw906pE\/pr:550x550\/aHR0cDovL21lZGlhMi5kZXNpZ25wYXJ0bmVyLmZyL2MvcC8yMTExOS8yMTExOS0yNDcyNS0xLndlYnA?v=1760012719","https:\/\/media.th4.com\/R0HE-OwVIeGLCTxs4dmZ2yXTxB9U7kWaSGu5I-7vCUc\/pr:550x550\/aHR0cDovL21lZGlhMi5kZXNpZ25wYXJ0bmVyLmZyL2MvcC8yMTExOS8yMTExOS0yNDcyNS0yLndlYnA?v=1760012720","https:\/\/media.th4.com\/Ql6mjjdCT4E2dcxLpxMdeYWPnE03XTDsvbxxNHHpAaU\/pr:550x550\/aHR0cDovL21lZGlhMi5kZXNpZ25wYXJ0bmVyLmZyL2MvcC8yMTExOS8yMTExOS0yNDcyNS0zLndlYnA?v=1760012720"],"medium_large":["https:\/\/media.th4.com\/18kluklx-iCblUnT0PyMEPR1Vd5MokZXNSAPMutvjVA\/pr:1000x1000\/aHR0cDovL21lZGlhMi5kZXNpZ25wYXJ0bmVyLmZyL2MvcC8yMTExOS8yMTExOS0yNDcyNS0xLndlYnA?v=1760012719","https:\/\/media.th4.com\/XY_gn9dCvjYt47UKmjm4xHyasZHOXfOdhH30jyDtXXk\/pr:1000x1000\/aHR0cDovL21lZGlhMi5kZXNpZ25wYXJ0bmVyLmZyL2MvcC8yMTExOS8yMTExOS0yNDcyNS0yLndlYnA?v=1760012720","https:\/\/media.th4.com\/rIF3u7e0Zm02u_Z0c2cVjYlvcupegdUGyLrNDs14d_c\/pr:1000x1000\/aHR0cDovL21lZGlhMi5kZXNpZ25wYXJ0bmVyLmZyL2MvcC8yMTExOS8yMTExOS0yNDcyNS0zLndlYnA?v=1760012720"],"large":["https:\/\/media.th4.com\/7X8e0itY6GSFJHMMQkO-cwZsJRXyojfCA6fBH5ITCxg\/pr:1920\/aHR0cDovL21lZGlhMi5kZXNpZ25wYXJ0bmVyLmZyL2MvcC8yMTExOS8yMTExOS0yNDcyNS0xLndlYnA?v=1760012719","https:\/\/media.th4.com\/Yy849dnktlzL4bj3sdfxl2n29SQGAd04_ZPumS1XiBI\/pr:1920\/aHR0cDovL21lZGlhMi5kZXNpZ25wYXJ0bmVyLmZyL2MvcC8yMTExOS8yMTExOS0yNDcyNS0yLndlYnA?v=1760012720","https:\/\/media.th4.com\/gCu1jjGGbirSsTIdTGimfqc62mljSWizZGpGHEBetCE\/pr:1920\/aHR0cDovL21lZGlhMi5kZXNpZ25wYXJ0bmVyLmZyL2MvcC8yMTExOS8yMTExOS0yNDcyNS0zLndlYnA?v=1760012720"],"opengraph":["https:\/\/media.th4.com\/rWWyQKKGnDCdyX8JhLIqlaGALtKaxA20pH864vIxIu0\/pr:1200x630\/aHR0cDovL21lZGlhMi5kZXNpZ25wYXJ0bmVyLmZyL2MvcC8yMTExOS8yMTExOS0yNDcyNS0xLndlYnA?v=1760012719","https:\/\/media.th4.com\/i4lOXZgkuNy_rD50RuXfl2_VeWd2shGZgs8nh35WoM0\/pr:1200x630\/aHR0cDovL21lZGlhMi5kZXNpZ25wYXJ0bmVyLmZyL2MvcC8yMTExOS8yMTExOS0yNDcyNS0yLndlYnA?v=1760012720","https:\/\/media.th4.com\/gUqXr_Do1D_RCQgVDYwA7Wjrqh3VLIVTiZ2VqnuYoOs\/pr:1200x630\/aHR0cDovL21lZGlhMi5kZXNpZ25wYXJ0bmVyLmZyL2MvcC8yMTExOS8yMTExOS0yNDcyNS0zLndlYnA?v=1760012720"]},"country_origin":"BD","traceability":{"manufacturing_country_id":null,"weaving_country_id":null,"dyeing_country_id":null},"sizes":[{"id":3,"article_id":517694,"class_id":3,"name":"S","on_standby":false,"stock_local":0,"stock_global":446,"multiple":1,"estimated_date_reassort":null,"is_destocking":false},{"id":2,"article_id":517695,"class_id":4,"name":"M","on_standby":false,"stock_local":0,"stock_global":1423,"multiple":1,"estimated_date_reassort":null,"is_destocking":false},{"id":1,"article_id":517696,"class_id":5,"name":"L","on_standby":false,"stock_local":0,"stock_global":1242,"multiple":1,"estimated_date_reassort":null,"is_destocking":false},{"id":4,"article_id":517697,"class_id":6,"name":"XL","on_standby":false,"stock_local":0,"stock_global":1399,"multiple":1,"estimated_date_reassort":null,"is_destocking":false},{"id":1116,"article_id":517698,"class_id":7,"name":"2XL","on_standby":false,"stock_local":0,"stock_global":739,"multiple":1,"estimated_date_reassort":null,"is_destocking":false},{"id":1081,"article_id":517699,"class_id":8,"name":"3XL","on_standby":false,"stock_local":0,"stock_global":324,"multiple":1,"estimated_date_reassort":null,"is_destocking":false},{"id":16,"article_id":517700,"class_id":9,"name":"4XL","on_standby":false,"stock_local":0,"stock_global":193,"multiple":1,"estimated_date_reassort":null,"is_destocking":false}],"page_links":{"fr":"\/fr\/p-id-ib410-veste-softshell-homme-ideal-basic-brand-ib410-21119\/ideal-dark-grey-24725\/","en":"\/en\/p-id-ib410-mens-softshell-jacket-ideal-basic-brand-ib410-21119\/ideal-dark-grey-24725\/","de":"\/de\/p-id-ib410-veste-softshell-homme-ideal-basic-brand-ib410-21119\/ideal-dark-grey-24725\/","nl":"\/nl\/p-id-ib410-heren-softshell-jas-ideal-basic-brand-ib410-21119\/ideal-dark-grey-24725\/","es":"\/es\/p-id-ib410-chaqueta-softshell-hombre-ideal-basic-brand-ib410-21119\/ideal-dark-grey-24725\/","it":"\/it\/p-id-ib410-veste-softshell-uomo-ideal-basic-brand-ib410-21119\/ideal-dark-grey-24725\/","sv":"\/sv\/p-id-ib410-veste-softshell-homme-ideal-basic-brand-ib410-21119\/ideal-dark-grey-24725\/","pt":"\/pt\/p-id-ib410-veste-softshell-homme-ideal-basic-brand-ib410-21119\/ideal-dark-grey-24725\/","da":"\/da\/p-id-ib410-veste-softshell-homme-ideal-basic-brand-ib410-21119\/ideal-dark-grey-24725\/","pl":"\/pl\/p-id-ib410-veste-softshell-homme-ideal-basic-brand-ib410-21119\/ideal-dark-grey-24725\/"},"page_links_customization":{"fr":"\/fr\/p-id-ib410-veste-softshell-homme-ideal-basic-brand-ib410-personnalisable-21119\/ideal-dark-grey-24725\/custom\/","en":"\/en\/p-id-ib410-mens-softshell-jacket-ideal-basic-brand-ib410-customizable-21119\/ideal-dark-grey-24725\/custom\/","de":"\/de\/p-id-ib410-softshell-jacke-herren-ideal-basic-brand-ib410-anpassbar-21119\/ideal-dark-grey-24725\/custom\/","nl":"\/nl\/p-id-ib410-heren-softshell-jas-ideal-basic-brand-ib410-aanpasbaar-21119\/ideal-dark-grey-24725\/custom\/","es":"\/es\/p-id-ib410-chaqueta-softshell-hombre-ideal-basic-brand-ib410-personalizable-21119\/ideal-dark-grey-24725\/custom\/","it":"\/it\/p-id-ib410-giacca-softshell-uomo-ideal-basic-brand-ib410-personalizzabile-21119\/ideal-dark-grey-24725\/custom\/","sv":"\/sv\/p-id-ib410-veste-softshell-homme-ideal-basic-brand-ib410-personnalisable-21119\/ideal-dark-grey-24725\/custom\/","pt":"\/pt\/p-id-ib410-veste-softshell-homme-ideal-basic-brand-ib410-personalizavel-21119\/ideal-dark-grey-24725\/custom\/","da":"\/da\/p-id-ib410-softshell-jakke-til-maend-ideal-basic-brand-ib410-tilpasselig-21119\/ideal-dark-grey-24725\/custom\/","pl":"\/pl\/p-id-ib410-kurtka-softshell-meska-ideal-basic-brand-ib410-personalizowana-21119\/ideal-dark-grey-24725\/custom\/"}},{"id":24722,"name":"ideal_royal_blue","class_ids":[2],"codes_hexa":["0B497C"],"delai_24":false,"has_3d":true,"seuil_global":0,"stock_local":0,"stock_global":2232,"on_standby":false,"in_catalog":true,"images":{"miniature":["https:\/\/media.th4.com\/QcEI2qw-04eCEjrsQ2yeF09OedCTMRxL8zgjetKRVVg\/pr:80\/aHR0cDovL21lZGlhMi5kZXNpZ25wYXJ0bmVyLmZyL2MvcC8yMTExOS8yMTExOS0yNDcyMi0xLndlYnA?v=1760012724","https:\/\/media.th4.com\/-dEjb-v_g-noEGiTbb10-DIGnGyC5v_Uo9xKGT-VpVg\/pr:80\/aHR0cDovL21lZGlhMi5kZXNpZ25wYXJ0bmVyLmZyL2MvcC8yMTExOS8yMTExOS0yNDcyMi0yLndlYnA?v=1760012725","https:\/\/media.th4.com\/paQcMB2qDwFfwdbAxA-j3WEIqTCEbXNZ_M2KEYjf7YE\/pr:80\/aHR0cDovL21lZGlhMi5kZXNpZ25wYXJ0bmVyLmZyL2MvcC8yMTExOS8yMTExOS0yNDcyMi0zLndlYnA?v=1760012725"],"medium":["https:\/\/media.th4.com\/fK-dY7E1jd7bfQGWXNQTydSLg57ze87qZROqBCxqyNg\/pr:550x550\/aHR0cDovL21lZGlhMi5kZXNpZ25wYXJ0bmVyLmZyL2MvcC8yMTExOS8yMTExOS0yNDcyMi0xLndlYnA?v=1760012724","https:\/\/media.th4.com\/mkJXnK2dC2kGmRiyZiYKEAlfXBQoEcSfKxs_4f7Z8aI\/pr:550x550\/aHR0cDovL21lZGlhMi5kZXNpZ25wYXJ0bmVyLmZyL2MvcC8yMTExOS8yMTExOS0yNDcyMi0yLndlYnA?v=1760012725","https:\/\/media.th4.com\/ICpjhlag8KoGlHTklcb6LmcFxnEbUqwcakGHKk-ENoM\/pr:550x550\/aHR0cDovL21lZGlhMi5kZXNpZ25wYXJ0bmVyLmZyL2MvcC8yMTExOS8yMTExOS0yNDcyMi0zLndlYnA?v=1760012725"],"medium_large":["https:\/\/media.th4.com\/xwi9yhnT7sjCjt3aFLaKA7UtB8RnxtWoK43Ee10qkhE\/pr:1000x1000\/aHR0cDovL21lZGlhMi5kZXNpZ25wYXJ0bmVyLmZyL2MvcC8yMTExOS8yMTExOS0yNDcyMi0xLndlYnA?v=1760012724","https:\/\/media.th4.com\/GckKzkrghkDn1BsfKOOluRWQABdkyT2vHiefKBbB1II\/pr:1000x1000\/aHR0cDovL21lZGlhMi5kZXNpZ25wYXJ0bmVyLmZyL2MvcC8yMTExOS8yMTExOS0yNDcyMi0yLndlYnA?v=1760012725","https:\/\/media.th4.com\/phb-u4dGFVCZ-0sc7hWr5SMUEEaeMxFmv6_wgJiybzc\/pr:1000x1000\/aHR0cDovL21lZGlhMi5kZXNpZ25wYXJ0bmVyLmZyL2MvcC8yMTExOS8yMTExOS0yNDcyMi0zLndlYnA?v=1760012725"],"large":["https:\/\/media.th4.com\/YMGJDXOW7si850J4xMy7Fa1B6rpIWMGep5Omklo5lCE\/pr:1920\/aHR0cDovL21lZGlhMi5kZXNpZ25wYXJ0bmVyLmZyL2MvcC8yMTExOS8yMTExOS0yNDcyMi0xLndlYnA?v=1760012724","https:\/\/media.th4.com\/Eog3NQwgSW3HSc8VhQAjTjXLWjzX8dfAE5sYzSGWSvs\/pr:1920\/aHR0cDovL21lZGlhMi5kZXNpZ25wYXJ0bmVyLmZyL2MvcC8yMTExOS8yMTExOS0yNDcyMi0yLndlYnA?v=1760012725","https:\/\/media.th4.com\/_Qivl471Wpu6GyowSg2wQyWYokhC5_vBgkqKY6k9V6s\/pr:1920\/aHR0cDovL21lZGlhMi5kZXNpZ25wYXJ0bmVyLmZyL2MvcC8yMTExOS8yMTExOS0yNDcyMi0zLndlYnA?v=1760012725"],"opengraph":["https:\/\/media.th4.com\/faRH0M0bgmcTlXyeiIKr6OY--cRM4r2TatcK21e9yk0\/pr:1200x630\/aHR0cDovL21lZGlhMi5kZXNpZ25wYXJ0bmVyLmZyL2MvcC8yMTExOS8yMTExOS0yNDcyMi0xLndlYnA?v=1760012724","https:\/\/media.th4.com\/BtqHRh263oV4Y1Bc_i4qjxGYV64p4N6I9vSusP2OX38\/pr:1200x630\/aHR0cDovL21lZGlhMi5kZXNpZ25wYXJ0bmVyLmZyL2MvcC8yMTExOS8yMTExOS0yNDcyMi0yLndlYnA?v=1760012725","https:\/\/media.th4.com\/p762Wv6S7U7ArPcEBUicO9uE-xFf_zMHJrZ8jgd8vhA\/pr:1200x630\/aHR0cDovL21lZGlhMi5kZXNpZ25wYXJ0bmVyLmZyL2MvcC8yMTExOS8yMTExOS0yNDcyMi0zLndlYnA?v=1760012725"]},"images_customization":{"miniature":["https:\/\/media.th4.com\/QcEI2qw-04eCEjrsQ2yeF09OedCTMRxL8zgjetKRVVg\/pr:80\/aHR0cDovL21lZGlhMi5kZXNpZ25wYXJ0bmVyLmZyL2MvcC8yMTExOS8yMTExOS0yNDcyMi0xLndlYnA?v=1760012724","https:\/\/media.th4.com\/-dEjb-v_g-noEGiTbb10-DIGnGyC5v_Uo9xKGT-VpVg\/pr:80\/aHR0cDovL21lZGlhMi5kZXNpZ25wYXJ0bmVyLmZyL2MvcC8yMTExOS8yMTExOS0yNDcyMi0yLndlYnA?v=1760012725","https:\/\/media.th4.com\/paQcMB2qDwFfwdbAxA-j3WEIqTCEbXNZ_M2KEYjf7YE\/pr:80\/aHR0cDovL21lZGlhMi5kZXNpZ25wYXJ0bmVyLmZyL2MvcC8yMTExOS8yMTExOS0yNDcyMi0zLndlYnA?v=1760012725"],"medium":["https:\/\/media.th4.com\/fK-dY7E1jd7bfQGWXNQTydSLg57ze87qZROqBCxqyNg\/pr:550x550\/aHR0cDovL21lZGlhMi5kZXNpZ25wYXJ0bmVyLmZyL2MvcC8yMTExOS8yMTExOS0yNDcyMi0xLndlYnA?v=1760012724","https:\/\/media.th4.com\/mkJXnK2dC2kGmRiyZiYKEAlfXBQoEcSfKxs_4f7Z8aI\/pr:550x550\/aHR0cDovL21lZGlhMi5kZXNpZ25wYXJ0bmVyLmZyL2MvcC8yMTExOS8yMTExOS0yNDcyMi0yLndlYnA?v=1760012725","https:\/\/media.th4.com\/ICpjhlag8KoGlHTklcb6LmcFxnEbUqwcakGHKk-ENoM\/pr:550x550\/aHR0cDovL21lZGlhMi5kZXNpZ25wYXJ0bmVyLmZyL2MvcC8yMTExOS8yMTExOS0yNDcyMi0zLndlYnA?v=1760012725"],"medium_large":["https:\/\/media.th4.com\/xwi9yhnT7sjCjt3aFLaKA7UtB8RnxtWoK43Ee10qkhE\/pr:1000x1000\/aHR0cDovL21lZGlhMi5kZXNpZ25wYXJ0bmVyLmZyL2MvcC8yMTExOS8yMTExOS0yNDcyMi0xLndlYnA?v=1760012724","https:\/\/media.th4.com\/GckKzkrghkDn1BsfKOOluRWQABdkyT2vHiefKBbB1II\/pr:1000x1000\/aHR0cDovL21lZGlhMi5kZXNpZ25wYXJ0bmVyLmZyL2MvcC8yMTExOS8yMTExOS0yNDcyMi0yLndlYnA?v=1760012725","https:\/\/media.th4.com\/phb-u4dGFVCZ-0sc7hWr5SMUEEaeMxFmv6_wgJiybzc\/pr:1000x1000\/aHR0cDovL21lZGlhMi5kZXNpZ25wYXJ0bmVyLmZyL2MvcC8yMTExOS8yMTExOS0yNDcyMi0zLndlYnA?v=1760012725"],"large":["https:\/\/media.th4.com\/YMGJDXOW7si850J4xMy7Fa1B6rpIWMGep5Omklo5lCE\/pr:1920\/aHR0cDovL21lZGlhMi5kZXNpZ25wYXJ0bmVyLmZyL2MvcC8yMTExOS8yMTExOS0yNDcyMi0xLndlYnA?v=1760012724","https:\/\/media.th4.com\/Eog3NQwgSW3HSc8VhQAjTjXLWjzX8dfAE5sYzSGWSvs\/pr:1920\/aHR0cDovL21lZGlhMi5kZXNpZ25wYXJ0bmVyLmZyL2MvcC8yMTExOS8yMTExOS0yNDcyMi0yLndlYnA?v=1760012725","https:\/\/media.th4.com\/_Qivl471Wpu6GyowSg2wQyWYokhC5_vBgkqKY6k9V6s\/pr:1920\/aHR0cDovL21lZGlhMi5kZXNpZ25wYXJ0bmVyLmZyL2MvcC8yMTExOS8yMTExOS0yNDcyMi0zLndlYnA?v=1760012725"],"opengraph":["https:\/\/media.th4.com\/faRH0M0bgmcTlXyeiIKr6OY--cRM4r2TatcK21e9yk0\/pr:1200x630\/aHR0cDovL21lZGlhMi5kZXNpZ25wYXJ0bmVyLmZyL2MvcC8yMTExOS8yMTExOS0yNDcyMi0xLndlYnA?v=1760012724","https:\/\/media.th4.com\/BtqHRh263oV4Y1Bc_i4qjxGYV64p4N6I9vSusP2OX38\/pr:1200x630\/aHR0cDovL21lZGlhMi5kZXNpZ25wYXJ0bmVyLmZyL2MvcC8yMTExOS8yMTExOS0yNDcyMi0yLndlYnA?v=1760012725","https:\/\/media.th4.com\/p762Wv6S7U7ArPcEBUicO9uE-xFf_zMHJrZ8jgd8vhA\/pr:1200x630\/aHR0cDovL21lZGlhMi5kZXNpZ25wYXJ0bmVyLmZyL2MvcC8yMTExOS8yMTExOS0yNDcyMi0zLndlYnA?v=1760012725"]},"country_origin":"BD","traceability":{"manufacturing_country_id":null,"weaving_country_id":null,"dyeing_country_id":null},"sizes":[{"id":3,"article_id":517715,"class_id":3,"name":"S","on_standby":false,"stock_local":0,"stock_global":153,"multiple":1,"estimated_date_reassort":null,"is_destocking":false},{"id":2,"article_id":517716,"class_id":4,"name":"M","on_standby":false,"stock_local":0,"stock_global":474,"multiple":1,"estimated_date_reassort":null,"is_destocking":false},{"id":1,"article_id":517717,"class_id":5,"name":"L","on_standby":false,"stock_local":0,"stock_global":683,"multiple":1,"estimated_date_reassort":null,"is_destocking":false},{"id":4,"article_id":517718,"class_id":6,"name":"XL","on_standby":false,"stock_local":0,"stock_global":528,"multiple":1,"estimated_date_reassort":null,"is_destocking":false},{"id":1116,"article_id":517719,"class_id":7,"name":"2XL","on_standby":false,"stock_local":0,"stock_global":236,"multiple":1,"estimated_date_reassort":null,"is_destocking":false},{"id":1081,"article_id":517720,"class_id":8,"name":"3XL","on_standby":false,"stock_local":0,"stock_global":48,"multiple":1,"estimated_date_reassort":null,"is_destocking":false},{"id":16,"article_id":517721,"class_id":9,"name":"4XL","on_standby":false,"stock_local":0,"stock_global":110,"multiple":1,"estimated_date_reassort":null,"is_destocking":false}],"page_links":{"fr":"\/fr\/p-id-ib410-veste-softshell-homme-ideal-basic-brand-ib410-21119\/ideal-royal-blue-24722\/","en":"\/en\/p-id-ib410-mens-softshell-jacket-ideal-basic-brand-ib410-21119\/ideal-royal-blue-24722\/","de":"\/de\/p-id-ib410-veste-softshell-homme-ideal-basic-brand-ib410-21119\/ideal-royal-blue-24722\/","nl":"\/nl\/p-id-ib410-heren-softshell-jas-ideal-basic-brand-ib410-21119\/ideal-royal-blue-24722\/","es":"\/es\/p-id-ib410-chaqueta-softshell-hombre-ideal-basic-brand-ib410-21119\/ideal-royal-blue-24722\/","it":"\/it\/p-id-ib410-veste-softshell-uomo-ideal-basic-brand-ib410-21119\/ideal-royal-blue-24722\/","sv":"\/sv\/p-id-ib410-veste-softshell-homme-ideal-basic-brand-ib410-21119\/ideal-royal-blue-24722\/","pt":"\/pt\/p-id-ib410-veste-softshell-homme-ideal-basic-brand-ib410-21119\/ideal-royal-blue-24722\/","da":"\/da\/p-id-ib410-veste-softshell-homme-ideal-basic-brand-ib410-21119\/ideal-royal-blue-24722\/","pl":"\/pl\/p-id-ib410-veste-softshell-homme-ideal-basic-brand-ib410-21119\/ideal-royal-blue-24722\/"},"page_links_customization":{"fr":"\/fr\/p-id-ib410-veste-softshell-homme-ideal-basic-brand-ib410-personnalisable-21119\/ideal-royal-blue-24722\/custom\/","en":"\/en\/p-id-ib410-mens-softshell-jacket-ideal-basic-brand-ib410-customizable-21119\/ideal-royal-blue-24722\/custom\/","de":"\/de\/p-id-ib410-softshell-jacke-herren-ideal-basic-brand-ib410-anpassbar-21119\/ideal-royal-blue-24722\/custom\/","nl":"\/nl\/p-id-ib410-heren-softshell-jas-ideal-basic-brand-ib410-aanpasbaar-21119\/ideal-royal-blue-24722\/custom\/","es":"\/es\/p-id-ib410-chaqueta-softshell-hombre-ideal-basic-brand-ib410-personalizable-21119\/ideal-royal-blue-24722\/custom\/","it":"\/it\/p-id-ib410-giacca-softshell-uomo-ideal-basic-brand-ib410-personalizzabile-21119\/ideal-royal-blue-24722\/custom\/","sv":"\/sv\/p-id-ib410-veste-softshell-homme-ideal-basic-brand-ib410-personnalisable-21119\/ideal-royal-blue-24722\/custom\/","pt":"\/pt\/p-id-ib410-veste-softshell-homme-ideal-basic-brand-ib410-personalizavel-21119\/ideal-royal-blue-24722\/custom\/","da":"\/da\/p-id-ib410-softshell-jakke-til-maend-ideal-basic-brand-ib410-tilpasselig-21119\/ideal-royal-blue-24722\/custom\/","pl":"\/pl\/p-id-ib410-kurtka-softshell-meska-ideal-basic-brand-ib410-personalizowana-21119\/ideal-royal-blue-24722\/custom\/"}},{"id":24721,"name":"ideal_red","class_ids":[6],"codes_hexa":["B31224"],"delai_24":false,"has_3d":true,"seuil_global":0,"stock_local":0,"stock_global":2222,"on_standby":false,"in_catalog":true,"images":{"miniature":["https:\/\/media.th4.com\/wHiLQ_1vfCEvvgkaU08Gr-63Fdg6imIf3j9Tzyc0Ui4\/pr:80\/aHR0cDovL21lZGlhMi5kZXNpZ25wYXJ0bmVyLmZyL2MvcC8yMTExOS8yMTExOS0yNDcyMS0xLndlYnA?v=1760012723","https:\/\/media.th4.com\/ALaRdNkKDd80z7uiui1NzFlOcppTweJSxN032NjYsSI\/pr:80\/aHR0cDovL21lZGlhMi5kZXNpZ25wYXJ0bmVyLmZyL2MvcC8yMTExOS8yMTExOS0yNDcyMS0yLndlYnA?v=1760012723","https:\/\/media.th4.com\/Mq2N52NWeVnVGJDHNKxrn1P6hDnjU8eKqesSU6JUo9A\/pr:80\/aHR0cDovL21lZGlhMi5kZXNpZ25wYXJ0bmVyLmZyL2MvcC8yMTExOS8yMTExOS0yNDcyMS0zLndlYnA?v=1760012724"],"medium":["https:\/\/media.th4.com\/c3-zUOJqtSVmL7mpPT7VbY8bcggE9LljrHkCGeVPj7c\/pr:550x550\/aHR0cDovL21lZGlhMi5kZXNpZ25wYXJ0bmVyLmZyL2MvcC8yMTExOS8yMTExOS0yNDcyMS0xLndlYnA?v=1760012723","https:\/\/media.th4.com\/AIxBuU4La8qlPy3m99jA5jGmEXDDdlhGS8KgY49YaA4\/pr:550x550\/aHR0cDovL21lZGlhMi5kZXNpZ25wYXJ0bmVyLmZyL2MvcC8yMTExOS8yMTExOS0yNDcyMS0yLndlYnA?v=1760012723","https:\/\/media.th4.com\/UoKNZR39-CB7_w45N76XmQ7_Z9u1nDaAj6Z_3JVHkn4\/pr:550x550\/aHR0cDovL21lZGlhMi5kZXNpZ25wYXJ0bmVyLmZyL2MvcC8yMTExOS8yMTExOS0yNDcyMS0zLndlYnA?v=1760012724"],"medium_large":["https:\/\/media.th4.com\/XaPY4w9F8BBIEAM-m3RGeHoOSFOr1Ft349Bu7g5Yio4\/pr:1000x1000\/aHR0cDovL21lZGlhMi5kZXNpZ25wYXJ0bmVyLmZyL2MvcC8yMTExOS8yMTExOS0yNDcyMS0xLndlYnA?v=1760012723","https:\/\/media.th4.com\/nNLfSH_70eZrBi8UUhTWitP7lU_KeoIo2jdEw_YbSHk\/pr:1000x1000\/aHR0cDovL21lZGlhMi5kZXNpZ25wYXJ0bmVyLmZyL2MvcC8yMTExOS8yMTExOS0yNDcyMS0yLndlYnA?v=1760012723","https:\/\/media.th4.com\/rWhZwb8lkufaP9VKzJPemkfSkt5SYGOoEsDMnEkeWgg\/pr:1000x1000\/aHR0cDovL21lZGlhMi5kZXNpZ25wYXJ0bmVyLmZyL2MvcC8yMTExOS8yMTExOS0yNDcyMS0zLndlYnA?v=1760012724"],"large":["https:\/\/media.th4.com\/EPCq4VLxCMoGp-l89O55NeQEJiNaJDxZZCGeTTITim4\/pr:1920\/aHR0cDovL21lZGlhMi5kZXNpZ25wYXJ0bmVyLmZyL2MvcC8yMTExOS8yMTExOS0yNDcyMS0xLndlYnA?v=1760012723","https:\/\/media.th4.com\/iVcSqr7h2mzgiT3bl1aJwK0KxCpG8GH32qjKYwSAHJs\/pr:1920\/aHR0cDovL21lZGlhMi5kZXNpZ25wYXJ0bmVyLmZyL2MvcC8yMTExOS8yMTExOS0yNDcyMS0yLndlYnA?v=1760012723","https:\/\/media.th4.com\/BRIXAlnKSshW1-DipDKs-LJP1oC2xjj-nld5XiY_izE\/pr:1920\/aHR0cDovL21lZGlhMi5kZXNpZ25wYXJ0bmVyLmZyL2MvcC8yMTExOS8yMTExOS0yNDcyMS0zLndlYnA?v=1760012724"],"opengraph":["https:\/\/media.th4.com\/WVGpH9CkyI1FISjGjGECpUwZ62OkFj3QaOm_3LvCmaE\/pr:1200x630\/aHR0cDovL21lZGlhMi5kZXNpZ25wYXJ0bmVyLmZyL2MvcC8yMTExOS8yMTExOS0yNDcyMS0xLndlYnA?v=1760012723","https:\/\/media.th4.com\/DBLYr1Zikx33wTzA3zhE_ufv3E_WqZFvGOfe1AFkwQk\/pr:1200x630\/aHR0cDovL21lZGlhMi5kZXNpZ25wYXJ0bmVyLmZyL2MvcC8yMTExOS8yMTExOS0yNDcyMS0yLndlYnA?v=1760012723","https:\/\/media.th4.com\/z0fqyykZ2AcgtjIXGI8YRGYeNfTygnNzukn0hkBrIjU\/pr:1200x630\/aHR0cDovL21lZGlhMi5kZXNpZ25wYXJ0bmVyLmZyL2MvcC8yMTExOS8yMTExOS0yNDcyMS0zLndlYnA?v=1760012724"]},"images_customization":{"miniature":["https:\/\/media.th4.com\/wHiLQ_1vfCEvvgkaU08Gr-63Fdg6imIf3j9Tzyc0Ui4\/pr:80\/aHR0cDovL21lZGlhMi5kZXNpZ25wYXJ0bmVyLmZyL2MvcC8yMTExOS8yMTExOS0yNDcyMS0xLndlYnA?v=1760012723","https:\/\/media.th4.com\/ALaRdNkKDd80z7uiui1NzFlOcppTweJSxN032NjYsSI\/pr:80\/aHR0cDovL21lZGlhMi5kZXNpZ25wYXJ0bmVyLmZyL2MvcC8yMTExOS8yMTExOS0yNDcyMS0yLndlYnA?v=1760012723","https:\/\/media.th4.com\/Mq2N52NWeVnVGJDHNKxrn1P6hDnjU8eKqesSU6JUo9A\/pr:80\/aHR0cDovL21lZGlhMi5kZXNpZ25wYXJ0bmVyLmZyL2MvcC8yMTExOS8yMTExOS0yNDcyMS0zLndlYnA?v=1760012724"],"medium":["https:\/\/media.th4.com\/c3-zUOJqtSVmL7mpPT7VbY8bcggE9LljrHkCGeVPj7c\/pr:550x550\/aHR0cDovL21lZGlhMi5kZXNpZ25wYXJ0bmVyLmZyL2MvcC8yMTExOS8yMTExOS0yNDcyMS0xLndlYnA?v=1760012723","https:\/\/media.th4.com\/AIxBuU4La8qlPy3m99jA5jGmEXDDdlhGS8KgY49YaA4\/pr:550x550\/aHR0cDovL21lZGlhMi5kZXNpZ25wYXJ0bmVyLmZyL2MvcC8yMTExOS8yMTExOS0yNDcyMS0yLndlYnA?v=1760012723","https:\/\/media.th4.com\/UoKNZR39-CB7_w45N76XmQ7_Z9u1nDaAj6Z_3JVHkn4\/pr:550x550\/aHR0cDovL21lZGlhMi5kZXNpZ25wYXJ0bmVyLmZyL2MvcC8yMTExOS8yMTExOS0yNDcyMS0zLndlYnA?v=1760012724"],"medium_large":["https:\/\/media.th4.com\/XaPY4w9F8BBIEAM-m3RGeHoOSFOr1Ft349Bu7g5Yio4\/pr:1000x1000\/aHR0cDovL21lZGlhMi5kZXNpZ25wYXJ0bmVyLmZyL2MvcC8yMTExOS8yMTExOS0yNDcyMS0xLndlYnA?v=1760012723","https:\/\/media.th4.com\/nNLfSH_70eZrBi8UUhTWitP7lU_KeoIo2jdEw_YbSHk\/pr:1000x1000\/aHR0cDovL21lZGlhMi5kZXNpZ25wYXJ0bmVyLmZyL2MvcC8yMTExOS8yMTExOS0yNDcyMS0yLndlYnA?v=1760012723","https:\/\/media.th4.com\/rWhZwb8lkufaP9VKzJPemkfSkt5SYGOoEsDMnEkeWgg\/pr:1000x1000\/aHR0cDovL21lZGlhMi5kZXNpZ25wYXJ0bmVyLmZyL2MvcC8yMTExOS8yMTExOS0yNDcyMS0zLndlYnA?v=1760012724"],"large":["https:\/\/media.th4.com\/EPCq4VLxCMoGp-l89O55NeQEJiNaJDxZZCGeTTITim4\/pr:1920\/aHR0cDovL21lZGlhMi5kZXNpZ25wYXJ0bmVyLmZyL2MvcC8yMTExOS8yMTExOS0yNDcyMS0xLndlYnA?v=1760012723","https:\/\/media.th4.com\/iVcSqr7h2mzgiT3bl1aJwK0KxCpG8GH32qjKYwSAHJs\/pr:1920\/aHR0cDovL21lZGlhMi5kZXNpZ25wYXJ0bmVyLmZyL2MvcC8yMTExOS8yMTExOS0yNDcyMS0yLndlYnA?v=1760012723","https:\/\/media.th4.com\/BRIXAlnKSshW1-DipDKs-LJP1oC2xjj-nld5XiY_izE\/pr:1920\/aHR0cDovL21lZGlhMi5kZXNpZ25wYXJ0bmVyLmZyL2MvcC8yMTExOS8yMTExOS0yNDcyMS0zLndlYnA?v=1760012724"],"opengraph":["https:\/\/media.th4.com\/WVGpH9CkyI1FISjGjGECpUwZ62OkFj3QaOm_3LvCmaE\/pr:1200x630\/aHR0cDovL21lZGlhMi5kZXNpZ25wYXJ0bmVyLmZyL2MvcC8yMTExOS8yMTExOS0yNDcyMS0xLndlYnA?v=1760012723","https:\/\/media.th4.com\/DBLYr1Zikx33wTzA3zhE_ufv3E_WqZFvGOfe1AFkwQk\/pr:1200x630\/aHR0cDovL21lZGlhMi5kZXNpZ25wYXJ0bmVyLmZyL2MvcC8yMTExOS8yMTExOS0yNDcyMS0yLndlYnA?v=1760012723","https:\/\/media.th4.com\/z0fqyykZ2AcgtjIXGI8YRGYeNfTygnNzukn0hkBrIjU\/pr:1200x630\/aHR0cDovL21lZGlhMi5kZXNpZ25wYXJ0bmVyLmZyL2MvcC8yMTExOS8yMTExOS0yNDcyMS0zLndlYnA?v=1760012724"]},"country_origin":"BD","traceability":{"manufacturing_country_id":null,"weaving_country_id":null,"dyeing_country_id":null},"sizes":[{"id":3,"article_id":517708,"class_id":3,"name":"S","on_standby":false,"stock_local":0,"stock_global":89,"multiple":1,"estimated_date_reassort":null,"is_destocking":false},{"id":2,"article_id":517709,"class_id":4,"name":"M","on_standby":false,"stock_local":1,"stock_global":490,"multiple":1,"estimated_date_reassort":null,"is_destocking":true},{"id":1,"article_id":517710,"class_id":5,"name":"L","on_standby":false,"stock_local":1,"stock_global":655,"multiple":1,"estimated_date_reassort":null,"is_destocking":true},{"id":4,"article_id":517711,"class_id":6,"name":"XL","on_standby":false,"stock_local":0,"stock_global":560,"multiple":1,"estimated_date_reassort":null,"is_destocking":false},{"id":1116,"article_id":517712,"class_id":7,"name":"2XL","on_standby":false,"stock_local":0,"stock_global":234,"multiple":1,"estimated_date_reassort":null,"is_destocking":false},{"id":1081,"article_id":517713,"class_id":8,"name":"3XL","on_standby":false,"stock_local":0,"stock_global":84,"multiple":1,"estimated_date_reassort":null,"is_destocking":false},{"id":16,"article_id":517714,"class_id":9,"name":"4XL","on_standby":false,"stock_local":0,"stock_global":110,"multiple":1,"estimated_date_reassort":null,"is_destocking":false}],"page_links":{"fr":"\/fr\/p-id-ib410-veste-softshell-homme-ideal-basic-brand-ib410-21119\/ideal-red-24721\/","en":"\/en\/p-id-ib410-mens-softshell-jacket-ideal-basic-brand-ib410-21119\/ideal-red-24721\/","de":"\/de\/p-id-ib410-veste-softshell-homme-ideal-basic-brand-ib410-21119\/ideal-red-24721\/","nl":"\/nl\/p-id-ib410-heren-softshell-jas-ideal-basic-brand-ib410-21119\/ideal-red-24721\/","es":"\/es\/p-id-ib410-chaqueta-softshell-hombre-ideal-basic-brand-ib410-21119\/ideal-red-24721\/","it":"\/it\/p-id-ib410-veste-softshell-uomo-ideal-basic-brand-ib410-21119\/ideal-red-24721\/","sv":"\/sv\/p-id-ib410-veste-softshell-homme-ideal-basic-brand-ib410-21119\/ideal-red-24721\/","pt":"\/pt\/p-id-ib410-veste-softshell-homme-ideal-basic-brand-ib410-21119\/ideal-red-24721\/","da":"\/da\/p-id-ib410-veste-softshell-homme-ideal-basic-brand-ib410-21119\/ideal-red-24721\/","pl":"\/pl\/p-id-ib410-veste-softshell-homme-ideal-basic-brand-ib410-21119\/ideal-red-24721\/"},"page_links_customization":{"fr":"\/fr\/p-id-ib410-veste-softshell-homme-ideal-basic-brand-ib410-personnalisable-21119\/ideal-red-24721\/custom\/","en":"\/en\/p-id-ib410-mens-softshell-jacket-ideal-basic-brand-ib410-customizable-21119\/ideal-red-24721\/custom\/","de":"\/de\/p-id-ib410-softshell-jacke-herren-ideal-basic-brand-ib410-anpassbar-21119\/ideal-red-24721\/custom\/","nl":"\/nl\/p-id-ib410-heren-softshell-jas-ideal-basic-brand-ib410-aanpasbaar-21119\/ideal-red-24721\/custom\/","es":"\/es\/p-id-ib410-chaqueta-softshell-hombre-ideal-basic-brand-ib410-personalizable-21119\/ideal-red-24721\/custom\/","it":"\/it\/p-id-ib410-giacca-softshell-uomo-ideal-basic-brand-ib410-personalizzabile-21119\/ideal-red-24721\/custom\/","sv":"\/sv\/p-id-ib410-veste-softshell-homme-ideal-basic-brand-ib410-personnalisable-21119\/ideal-red-24721\/custom\/","pt":"\/pt\/p-id-ib410-veste-softshell-homme-ideal-basic-brand-ib410-personalizavel-21119\/ideal-red-24721\/custom\/","da":"\/da\/p-id-ib410-softshell-jakke-til-maend-ideal-basic-brand-ib410-tilpasselig-21119\/ideal-red-24721\/custom\/","pl":"\/pl\/p-id-ib410-kurtka-softshell-meska-ideal-basic-brand-ib410-personalizowana-21119\/ideal-red-24721\/custom\/"}}],"documentation_link":"\/pdf\/21119.pdf","countries_availables":["AD","AE","AL","AT","BA","BD","BE","BG","BL","CA","CH","CN","CO","CY","CZ","DE","DK","DO","EE","EG","ES","ET","FI","FR","GB","GE","GF","GP","GR","GT","HK","HN","HR","HT","HU","ID","IE","IN","IS","IT","JO","JP","KE","KH","KP","KR","LA","LK","LS","LT","LU","LV","MA","MF","MG","MK","MM","MN","MQ","MT","MX","MY","NC","NI","NL","PF","PH","PK","PL","PM","PT","RE","RO","SE","SG","SI","SK","SV","SY","TH","TN","TR","TW","TZ","US","VN","WF","YT"]},"infos_customization":[],"features":{"authorize_multi_surfaces":true,"display_order_delay_type":true,"promote_surface_display":true,"tarification_franco_offert":true,"enabled_3d_editor":false},"markings":[{"id":0,"nom":"vierge","finition":null,"libelle":null,"code":null,"dpi":null,"finesse_forme_isolee":null,"finesse_forme_non_isolee":null,"hauteur_minimale_texte":null,"inactif":0,"marquage_interne":1,"quantite_min":null,"parent_id":null,"print_on_support":0,"content":"vierge","description":null},{"id":2,"nom":"fonce","finition":"optimale","libelle":"TopQuadri","code":null,"dpi":400,"finesse_forme_isolee":"0.040","finesse_forme_non_isolee":"0.700","hauteur_minimale_texte":2,"inactif":0,"marquage_interne":1,"quantite_min":null,"parent_id":18,"print_on_support":0,"content":"TopQuadri","description":"pour petites et moyennes s\u00e9ries"},{"id":3,"nom":"serigraphie","finition":"serigraphie","libelle":"SeriCoat","code":null,"dpi":400,"finesse_forme_isolee":"0.040","finesse_forme_non_isolee":"0.700","hauteur_minimale_texte":2,"inactif":0,"marquage_interne":1,"quantite_min":15,"parent_id":18,"print_on_support":0,"content":"SeriCoat","description":"pour moyennes et grandes s\u00e9ries"},{"id":4,"nom":"broderie","finition":"broderie","libelle":"Broderie","code":null,"dpi":400,"finesse_forme_isolee":"0.040","finesse_forme_non_isolee":"0.700","hauteur_minimale_texte":3,"inactif":0,"marquage_interne":1,"quantite_min":null,"parent_id":null,"print_on_support":0,"content":"Broderie","description":null},{"id":8,"nom":"theme","finition":null,"libelle":"Th\u00e8me","code":null,"dpi":null,"finesse_forme_isolee":null,"finesse_forme_non_isolee":null,"hauteur_minimale_texte":null,"inactif":0,"marquage_interne":1,"quantite_min":null,"parent_id":null,"print_on_support":0,"content":"Th\u00e8me","description":null},{"id":9,"nom":"sans","finition":null,"libelle":null,"code":null,"dpi":null,"finesse_forme_isolee":null,"finesse_forme_non_isolee":null,"hauteur_minimale_texte":null,"inactif":0,"marquage_interne":1,"quantite_min":null,"parent_id":null,"print_on_support":0,"content":"sans","description":null},{"id":10,"nom":"photo","finition":null,"libelle":"Photo","code":null,"dpi":null,"finesse_forme_isolee":null,"finesse_forme_non_isolee":null,"hauteur_minimale_texte":null,"inactif":0,"marquage_interne":1,"quantite_min":null,"parent_id":null,"print_on_support":0,"content":"Photo","description":null},{"id":14,"nom":"couleur","finition":null,"libelle":"Couleur","code":null,"dpi":null,"finesse_forme_isolee":null,"finesse_forme_non_isolee":null,"hauteur_minimale_texte":null,"inactif":0,"marquage_interne":1,"quantite_min":null,"parent_id":null,"print_on_support":0,"content":"Couleur","description":null},{"id":15,"nom":"sublimation","finition":"sublimation","libelle":"Sublimation","code":null,"dpi":null,"finesse_forme_isolee":"0.000","finesse_forme_non_isolee":"0.000","hauteur_minimale_texte":2,"inactif":0,"marquage_interne":1,"quantite_min":null,"parent_id":null,"print_on_support":0,"content":"Sublimation","description":null},{"id":16,"nom":"topquadri_uv","finition":null,"libelle":"TopQuadri UV","code":null,"dpi":null,"finesse_forme_isolee":"0.020","finesse_forme_non_isolee":"0.700","hauteur_minimale_texte":2,"inactif":0,"marquage_interne":1,"quantite_min":null,"parent_id":null,"print_on_support":1,"content":null,"description":null},{"id":17,"nom":"topquadri_uvp","finition":null,"libelle":"TopQuadri UVP","code":null,"dpi":null,"finesse_forme_isolee":"0.020","finesse_forme_non_isolee":"0.700","hauteur_minimale_texte":2,"inactif":0,"marquage_interne":1,"quantite_min":null,"parent_id":null,"print_on_support":1,"content":null,"description":null},{"id":18,"nom":"quadri","finition":null,"libelle":"Impression","code":null,"dpi":null,"finesse_forme_isolee":null,"finesse_forme_non_isolee":null,"hauteur_minimale_texte":null,"inactif":0,"marquage_interne":1,"quantite_min":null,"parent_id":null,"print_on_support":0,"content":null,"description":null}]}}