{"data":{"product":{"id":21087,"titre":"FILEY","description":"Cadre photo de No\u00ebl en bois d'une capacit\u00e9 de 4 ,5 cm de diam\u00e8tre. Parfait pour ajouter une touche personnalis\u00e9e et festive \u00e0 vos d\u00e9corations de No\u00ebl. Composition : bois.","genre":"","grammage":0,"conditionnement":500,"composition":"","reference":"XM1511-BO","reference_visible":"st-xm1511-bo","reference_fabricant":"XM1511-BO","ref_xor":"721946","in_catalog":true,"is_transfer":false,"is_service":false,"on_standby":false,"has_3d":false,"has_size_guide":false,"has_marking":false,"has_vierge":true,"is_cross_sellable":false,"id_picto":0,"filename_3d":null,"brand":{"id":352,"name":"Stamina","logo":"logo-stamina.png","image":"https:\/\/media.th4.com\/XtszMrhN4PSlQT4v0dBJBG2A1qMsj6Ced58O9G8vaL8\/pr:brand70x70\/aHR0cDovL21lZGlhMi5kZXNpZ25wYXJ0bmVyLmZyL2MvbS9sb2dvLXN0YW1pbmEucG5n?v=1691073931"},"price_infos":{"price_from":0.79,"quantity":100,"color":{"id":17596,"name":"beige"},"size":{"id":42,"name":"taille_unique"}},"price_infos_marking":{"price_from":0,"quantity":0,"size":{"id":0,"name":""},"color":{"id":0,"name":""},"marking":{"id":0,"name":""},"emplacement":"","surface":"","surface_emplacement_id":0},"i18n":{"blank":{"title":{"fr":"Filey cadre photo STAMINA st-xm1511-bo","en":"Filey STAMINA photo frame st-xm1511-bo","de":"Filey Bilderrahmen STAMINA st-xm1511-bo","nl":"Filey fotolijst STAMINA st-xm1511-bo","es":"Filey marco de fotos STAMINA st-xm1511-bo","it":"Filey cornice portafoto STAMINA st-xm1511-bo","sv":"Filey fotoram STAMINA st-xm1511-bo","pt":"Filey moldura para fotografia STAMINA st-xm1511-bo","da":"Filey fotoramme STAMINA st-xm1511-bo","pl":"Filey ramka na zdj\u0119cie STAMINA st-xm1511-bo"},"description":{"fr":"Le cadre photo Filey en bois, th\u00e8me No\u00ebl, permet d\u2019afficher une photo dans une ouverture ronde de 4,5 cm de diam\u00e8tre. Son format convient aux d\u00e9corations de fin d\u2019ann\u00e9e, sur sapin, mur ou table.\n\n- Composition : bois\n- Diam\u00e8tre ouverture photo : 4,5 cm\n- Th\u00e8me : No\u00ebl","en":"The Filey wooden photo frame, Christmas theme, displays a photo in a 4.5 cm diameter round opening. Its format suits end-of-year decorations, on a tree, wall, or table.\n\n- Material: wood\n- Photo opening diameter: 4.5 cm\n- Theme: Christmas","de":"Der Filey Bilderrahmen aus Holz im Weihnachtsthema erm\u00f6glicht das Anzeigen eines Fotos in einer runden \u00d6ffnung mit 4,5 cm Durchmesser. Das Format eignet sich f\u00fcr Dekorationen zum Jahresende, am Baum, an der Wand oder auf dem Tisch.\n\n- Material: Holz\n- Durchmesser der Foto\u00f6ffnung: 4,5 cm\n- Thema: Weihnachten","nl":"De Filey fotolijst van hout, kerstthema, maakt het mogelijk een foto te tonen in een ronde opening met een diameter van 4,5 cm. Het formaat is geschikt voor eindejaarsdecoraties, in de kerstboom, aan de muur of op tafel.\n\n- Samenstelling: hout\n- Diameter foto-opening: 4,5 cm\n- Thema: Kerstmis","es":"El marco de fotos Filey de madera, tema Navidad, permite mostrar una foto en una abertura redonda de 4,5 cm de di\u00e1metro. Su formato es adecuado para decoraciones de fin de a\u00f1o, en \u00e1rbol, pared o mesa.\n\n- Composici\u00f3n: madera\n- Di\u00e1metro de la abertura para foto: 4,5 cm\n- Tema: Navidad","it":"La cornice portafoto Filey in legno, tema Natale, consente di esporre una foto in un'apertura rotonda di 4,5 cm di diametro. Il formato si adatta alle decorazioni di fine anno, su albero, parete o tavolo.\n\n- Composizione: legno\n- Diametro apertura foto: 4,5 cm\n- Tema: Natale","sv":"Fotoramen Filey i tr\u00e4, med jultema, g\u00f6r det m\u00f6jligt att visa ett foto i en rund \u00f6ppning med 4,5 cm i diameter. Formatet passar f\u00f6r dekorationer vid \u00e5rets slut, p\u00e5 gran, v\u00e4gg eller bord.\n\n- Material: tr\u00e4\n- Diameter fot\u00f6ppning: 4,5 cm\n- Tema: jul","pt":"A moldura para fotografia Filey em madeira, tema Natal, permite exibir uma fotografia numa abertura redonda de 4,5 cm de di\u00e2metro. O formato adequa-se a decora\u00e7\u00f5es de fim de ano, em \u00e1rvore de Natal, parede ou mesa.\n\n- Composi\u00e7\u00e3o: madeira\n- Di\u00e2metro da abertura para fotografia: 4,5 cm\n- Tema: Natal","da":"Filey fotoramme i tr\u00e6 med juletema g\u00f8r det muligt at vise et foto i en rund \u00e5bning med en diameter p\u00e5 4,5 cm. Formatet egner sig til juledekorationer, p\u00e5 juletr\u00e6, v\u00e6g eller bord.\n\n- Materiale: tr\u00e6\n- Diameter p\u00e5 foto\u00e5bning: 4,5 cm\n- Tema: jul","pl":"Drewniana ramka na zdj\u0119cie Filey, motyw \u015bwi\u0105teczny, umo\u017cliwia umieszczenie zdj\u0119cia w okr\u0105g\u0142ym otworze o \u015brednicy 4,5 cm. Format odpowiedni do dekoracji na koniec roku: na choince, na \u015bcianie lub na stole.\n\n- Materia\u0142: drewno\n- \u015arednica otworu na zdj\u0119cie: 4,5 cm\n- Motyw: Bo\u017ce Narodzenie"},"h1":{"fr":"Filey cadre photo st-xm1511-bo","en":"Filey photo frame st-xm1511-bo","de":"Filey Bilderrahmen st-xm1511-bo","nl":"Filey fotolijst st-xm1511-bo","es":"Filey marco de fotos st-xm1511-bo","it":"Filey cornice portafoto st-xm1511-bo","sv":"Filey fotoram st-xm1511-bo","pt":"Filey moldura para fotografia st-xm1511-bo","da":"Filey fotoramme st-xm1511-bo","pl":"Filey ramka na zdj\u0119cie st-xm1511-bo"},"meta_description":{"fr":"Cadre photo Filey en bois, th\u00e8me No\u00ebl, ouverture ronde 4,5 cm. Format d\u00e9coratif pour suspendre ou poser une photo sur une d\u00e9coration festive.","en":"Filey wooden photo frame, Christmas theme, 4.5 cm round opening. Decorative format for hanging or placing a photo on a festive decoration.","de":"Filey Bilderrahmen aus Holz, Weihnachtsthema, runde \u00d6ffnung 4,5 cm. Dekoratives Format zum Aufh\u00e4ngen oder Aufstellen eines Fotos in einer festlichen Dekoration.","nl":"Filey fotolijst van hout, kerstthema, ronde opening 4,5 cm. Decoratief formaat om een foto op te hangen of neer te zetten op een feestelijke decoratie.","es":"Marco de fotos Filey de madera, tema Navidad, abertura redonda de 4,5 cm. Formato decorativo para colgar o colocar una foto en una decoraci\u00f3n festiva.","it":"Cornice portafoto Filey in legno, tema Natale, apertura rotonda 4,5 cm. Formato decorativo per appendere o appoggiare una foto su una decorazione festiva.","sv":"Fotoram Filey i tr\u00e4, jultema, rund \u00f6ppning 4,5 cm. Dekorativt format f\u00f6r att h\u00e4nga upp eller st\u00e4lla ett foto p\u00e5 en festlig dekoration.","pt":"Moldura para fotografia Filey em madeira, tema Natal, abertura redonda de 4,5 cm. Formato decorativo para pendurar ou colocar uma fotografia numa decora\u00e7\u00e3o festiva.","da":"Filey fotoramme i tr\u00e6 med juletema, rund \u00e5bning 4,5 cm. Dekorativt format til at h\u00e6nge op eller stille et foto p\u00e5 en festlig dekoration.","pl":"Drewniana ramka na zdj\u0119cie Filey, motyw \u015bwi\u0105teczny, okr\u0105g\u0142y otw\u00f3r 4,5 cm. Format dekoracyjny do zawieszenia lub postawienia zdj\u0119cia na \u015bwi\u0105tecznej dekoracji."}},"custom":{"title":{"fr":"FILEY Cadre photo Stamina xm1511-bo Personnalisable","en":"FILEY Photo frame Stamina xm1511-bo Customizable","de":"FILEY Bilderrahmen Stamina xm1511-bo Personalisierbar","nl":"FILEY Fotolijst Stamina xm1511-bo Personaliseerbaar","es":"FILEY Marco de fotos Stamina xm1511-bo Personalizable","it":"FILEY Cornice fotografica Stamina xm1511-bo Personalizzabile","sv":"FILEY Fotram Stamina xm1511-bo Anpassningsbar","pt":"FILEY Photo frame Stamina xm1511-bo Customizable","da":"FILEY Photo frame Stamina xm1511-bo Customizable","pl":"FILEY Cadre photo Stamina xm1511-bo Personnalisable"},"description":{"fr":"Le cadre photo FILEY est con\u00e7u en bois avec un diam\u00e8tre de 4,5 cm. Il permet d'int\u00e9grer une photo dans un contexte de d\u00e9coration No\u00ebl tout en offrant une possibilit\u00e9 de personnalisation.\n\n- Composition bois\n- Diam\u00e8tre 4,5 cm\n- Usage d\u00e9coratif No\u00ebl\n- Personnalisable","en":"The FILEY photo frame is made of wood with a diameter of 4.5 cm. It allows to integrate a photo in a Christmas decoration context while offering customization option.\n\n- Wood composition\n- Diameter 4.5 cm\n- Decorative Christmas use\n- Customizable","de":"Der Bilderrahmen FILEY besteht aus Holz mit einem Durchmesser von 4,5 cm. Er erm\u00f6glicht die Einbindung eines Fotos im Kontext einer Weihnachtsdekoration und bietet Personalisierungsm\u00f6glichkeiten.\n\n- Zusammensetzung Holz\n- Durchmesser 4,5 cm\n- Weihnachtliche Dekorationsverwendung\n- Personalisierbar","nl":"De fotolijst FILEY is vervaardigd uit hout met een diameter van 4,5 cm. Het maakt het mogelijk een foto te integreren in een kerstdecoratiecontext met een personalisatiemogelijkheid.\n\n- Samenstelling hout\n- Diameter 4,5 cm\n- Kerst decoratief gebruik\n- Personaliseerbaar","es":"El marco de fotos FILEY est\u00e1 dise\u00f1ado en madera con un di\u00e1metro de 4,5 cm. Permite integrar una foto en un contexto de decoraci\u00f3n navide\u00f1a y ofrece posibilidad de personalizaci\u00f3n.\n\n- Composici\u00f3n de madera\n- Di\u00e1metro 4,5 cm\n- Uso decorativo Navidad\n- Personalizable","it":"La cornice fotografica FILEY \u00e8 realizzata in legno con diametro di 4,5 cm. Consente di inserire una foto in un contesto di decorazione natalizia offrendo una possibilit\u00e0 di personalizzazione.\n\n- Composizione legno\n- Diametro 4,5 cm\n- Uso decorativo natalizio\n- Personalizzabile","sv":"Fotramen FILEY \u00e4r tillverkad av tr\u00e4 med en diameter p\u00e5 4,5 cm. Den m\u00f6jligg\u00f6r att s\u00e4tta in ett foto i en juldekoration med m\u00f6jlighet till anpassning.\n\n- Tr\u00e4material\n- Diameter 4,5 cm\n- Juldekoration\n- Anpassningsbar","pt":"The FILEY photo frame is made of wood with a diameter of 4.5 cm. It allows integrating a photo in a Christmas decoration context while offering customization options.\n\n- Wood composition\n- Diameter 4.5 cm\n- Christmas decorative use\n- Customizable","da":"The FILEY photo frame is made of wood with a diameter of 4.5 cm. It allows integrating a photo in a Christmas decoration context while offering a possibility of customization.\n\n- Composition wood\n- Diameter 4.5 cm\n- Christmas decorative use\n- Customizable","pl":"Ramka na zdj\u0119cia FILEY wykonana jest z drewna o \u015brednicy 4,5 cm. Umo\u017cliwia umieszczenie zdj\u0119cia w \u015bwi\u0105tecznym dekorze Bo\u017conarodzeniowym z mo\u017cliwo\u015bci\u0105 personalizacji.\n\n- Sk\u0142ad drewno\n- \u015arednica 4,5 cm\n- Zastosowanie dekoracyjne Bo\u017ce Narodzenie\n- Personalizowalna"},"h1":{"fr":"FILEY Cadre photo xm1511-bo Personnalisable","en":"FILEY Photo frame xm1511-bo Customizable","de":"FILEY Bilderrahmen xm1511-bo Personalisierbar","nl":"FILEY Fotolijst xm1511-bo Personaliseerbaar","es":"FILEY Marco de fotos xm1511-bo Personalizable","it":"FILEY Cornice fotografica xm1511-bo Personalizzabile","sv":"FILEY Fotram xm1511-bo Anpassningsbar","pt":"FILEY Photo frame xm1511-bo Customizable","da":"FILEY Photo frame xm1511-bo Customizable","pl":"FILEY Cadre photo xm1511-bo Personnalisable"},"meta_description":{"fr":"Cadre photo en bois de 4,5 cm de diam\u00e8tre, adapt\u00e9 pour une personnalisation et une int\u00e9gration dans un d\u00e9cor festif de No\u00ebl.","en":"Wooden photo frame 4.5 cm diameter, suitable for customization and integration in a Christmas festive decor.","de":"Bilderrahmen aus Holz mit 4,5 cm Durchmesser, geeignet f\u00fcr Personalisierung und Integration in eine festliche Weihnachtsdekoration.","nl":"Fotolijst van hout met een diameter van 4,5 cm, geschikt voor personalisatie en integratie in een feestelijke kerstdecoratie.","es":"Marco de fotos de madera con un di\u00e1metro de 4,5 cm, apto para personalizaci\u00f3n e integraci\u00f3n en una decoraci\u00f3n festiva navide\u00f1a.","it":"Cornice fotografica in legno con diametro di 4,5 cm, adatta per personalizzazione e integrazione in un contesto decorativo natalizio.","sv":"Fotram i tr\u00e4 med en diameter p\u00e5 4,5 cm, l\u00e4mplig f\u00f6r anpassning och integration i en festlig juldekoration.","pt":"Wooden photo frame with a diameter of 4.5 cm, suitable for customization and integration into a festive Christmas decor.","da":"Photo frame in wood with a diameter of 4.5 cm, suitable for customization and integration in a festive Christmas decor.","pl":"Ramka na zdj\u0119cia z drewna o \u015brednicy 4,5 cm, odpowiednia do personalizacji i integracji w \u015bwi\u0105tecznym wystroju Bo\u017cego Narodzenia."}}},"categories":[{"id":387,"name":"Maison & D\u00e9coration","singular":"Maison & D\u00e9coration","is_feminin":false},{"id":360,"name":"D\u00e9tente, Sports & Loisirs","singular":"D\u00e9tente, Sports & Loisirs","is_feminin":false},{"id":431,"name":"Objets","singular":"Objet publicitaire","is_feminin":false}],"certifications":[],"videos":{"fr":[],"en":[],"de":[],"nl":[],"es":[],"it":[],"sv":[],"pt":[],"da":[],"pl":[]},"main_images":{"miniature":"https:\/\/media.th4.com\/uYBRVgn0Qdkqh3qTpbIwLeg2z2TleetIK9aMyLah_yc\/pr:80\/aHR0cDovL21lZGlhMi5kZXNpZ25wYXJ0bmVyLmZyL2MvcC1ibGFuay1USC8yMTA4Ny53ZWJw?v=1759311863","medium":"https:\/\/media.th4.com\/bnn3S3UUvZRb7I2xHctgHtPJ5bQ_VgYI9F1cSAN8Vnw\/pr:550x550greybg\/aHR0cDovL21lZGlhMi5kZXNpZ25wYXJ0bmVyLmZyL2MvcC1ibGFuay1USC8yMTA4Ny53ZWJw?v=1759311863","medium_large":"https:\/\/media.th4.com\/dnSsOFCbAjzHnK8xoDk9w3fk_92sWpSCtuu4tMZ0QYM\/pr:1000x1000greybg\/aHR0cDovL21lZGlhMi5kZXNpZ25wYXJ0bmVyLmZyL2MvcC1ibGFuay1USC8yMTA4Ny53ZWJw?v=1759311863","large":"https:\/\/media.th4.com\/F-eIIGpbDbjvjsCWxXebBM4OhtGUqEZTAS62iIVvCBY\/pr:1920greybg\/aHR0cDovL21lZGlhMi5kZXNpZ25wYXJ0bmVyLmZyL2MvcC1ibGFuay1USC8yMTA4Ny53ZWJw?v=1759311863","opengraph":"https:\/\/media.th4.com\/M_q_YKU1jhaHyQQ0cWTwP5EN1PLhwEsgNQd_TTMwR4M\/pr:1200x630greybg\/aHR0cDovL21lZGlhMi5kZXNpZ25wYXJ0bmVyLmZyL2MvcC1ibGFuay1USC8yMTA4Ny53ZWJw?v=1759311863"},"main_images_customization":{"miniature":"https:\/\/media.th4.com\/uYBRVgn0Qdkqh3qTpbIwLeg2z2TleetIK9aMyLah_yc\/pr:80\/aHR0cDovL21lZGlhMi5kZXNpZ25wYXJ0bmVyLmZyL2MvcC1ibGFuay1USC8yMTA4Ny53ZWJw?v=1759311863","medium":"https:\/\/media.th4.com\/bnn3S3UUvZRb7I2xHctgHtPJ5bQ_VgYI9F1cSAN8Vnw\/pr:550x550greybg\/aHR0cDovL21lZGlhMi5kZXNpZ25wYXJ0bmVyLmZyL2MvcC1ibGFuay1USC8yMTA4Ny53ZWJw?v=1759311863","medium_large":"https:\/\/media.th4.com\/dnSsOFCbAjzHnK8xoDk9w3fk_92sWpSCtuu4tMZ0QYM\/pr:1000x1000greybg\/aHR0cDovL21lZGlhMi5kZXNpZ25wYXJ0bmVyLmZyL2MvcC1ibGFuay1USC8yMTA4Ny53ZWJw?v=1759311863","large":"https:\/\/media.th4.com\/F-eIIGpbDbjvjsCWxXebBM4OhtGUqEZTAS62iIVvCBY\/pr:1920greybg\/aHR0cDovL21lZGlhMi5kZXNpZ25wYXJ0bmVyLmZyL2MvcC1ibGFuay1USC8yMTA4Ny53ZWJw?v=1759311863","opengraph":"https:\/\/media.th4.com\/M_q_YKU1jhaHyQQ0cWTwP5EN1PLhwEsgNQd_TTMwR4M\/pr:1200x630greybg\/aHR0cDovL21lZGlhMi5kZXNpZ25wYXJ0bmVyLmZyL2MvcC1ibGFuay1USC8yMTA4Ny53ZWJw?v=1759311863"},"page_links":{"fr":"\/fr\/p-st-xm1511-bo-filey-cadre-photo-st-xm1511-bo-21087\/","en":"\/en\/p-st-xm1511-bo-filey-photo-frame-st-xm1511-bo-21087\/","de":"\/de\/p-st-xm1511-bo-filey-bilderrahmen-st-xm1511-bo-21087\/","nl":"\/nl\/p-st-xm1511-bo-filey-fotolijst-st-xm1511-bo-21087\/","es":"\/es\/p-st-xm1511-bo-filey-marco-de-fotos-st-xm1511-bo-21087\/","it":"\/it\/p-st-xm1511-bo-filey-cornice-portafoto-st-xm1511-bo-21087\/","sv":"\/sv\/p-st-xm1511-bo-filey-fotoram-st-xm1511-bo-21087\/","pt":"\/pt\/p-st-xm1511-bo-filey-moldura-para-fotografia-st-xm1511-bo-21087\/","da":"\/da\/p-st-xm1511-bo-filey-fotoramme-st-xm1511-bo-21087\/","pl":"\/pl\/p-st-xm1511-bo-filey-ramka-na-zdjecie-st-xm1511-bo-21087\/"},"page_links_customization":{"fr":"\/fr\/p-st-xm1511-bo-filey-cadre-photo-xm1511-bo-personnalisable-21087\/custom\/","en":"\/en\/p-st-xm1511-bo-filey-photo-frame-xm1511-bo-customizable-21087\/custom\/","de":"\/de\/p-st-xm1511-bo-filey-bilderrahmen-xm1511-bo-personalisierbar-21087\/custom\/","nl":"\/nl\/p-st-xm1511-bo-filey-fotolijst-xm1511-bo-personaliseerbaar-21087\/custom\/","es":"\/es\/p-st-xm1511-bo-filey-marco-de-fotos-xm1511-bo-personalizable-21087\/custom\/","it":"\/it\/p-st-xm1511-bo-filey-cornice-fotografica-xm1511-bo-personalizzabile-21087\/custom\/","sv":"\/sv\/p-st-xm1511-bo-filey-fotram-xm1511-bo-anpassningsbar-21087\/custom\/","pt":"\/pt\/p-st-xm1511-bo-filey-photo-frame-xm1511-bo-customizable-21087\/custom\/","da":"\/da\/p-st-xm1511-bo-filey-photo-frame-xm1511-bo-customizable-21087\/custom\/","pl":"\/pl\/p-st-xm1511-bo-filey-cadre-photo-xm1511-bo-personnalisable-21087\/custom\/"},"equivalent_products":[],"colors":[{"id":17596,"name":"beige","class_ids":[8],"codes_hexa":["f3efe0"],"delai_24":false,"has_3d":false,"seuil_global":0,"stock_local":0,"stock_global":496,"on_standby":false,"in_catalog":true,"images":{"miniature":["https:\/\/media.th4.com\/Bc3AkhDupD0eL1CY_obVf0WPN_A4akvLcmW4fSdz2AM\/pr:80\/aHR0cDovL21lZGlhMi5kZXNpZ25wYXJ0bmVyLmZyL2MvcC8yMTA4Ny8yMTA4Ny0xNzU5Ni0xLndlYnA?v=1759311111"],"medium":["https:\/\/media.th4.com\/0QYZ0BaEMUYnrZSwZ8E9Qi927QZZSyET0Tgp2zeR7p4\/pr:550x550\/aHR0cDovL21lZGlhMi5kZXNpZ25wYXJ0bmVyLmZyL2MvcC8yMTA4Ny8yMTA4Ny0xNzU5Ni0xLndlYnA?v=1759311111"],"medium_large":["https:\/\/media.th4.com\/WEvDALLC-DeyT7lf-H06sCjzwYlJOb540gagba57SZI\/pr:1000x1000\/aHR0cDovL21lZGlhMi5kZXNpZ25wYXJ0bmVyLmZyL2MvcC8yMTA4Ny8yMTA4Ny0xNzU5Ni0xLndlYnA?v=1759311111"],"large":["https:\/\/media.th4.com\/7SN_dtEybCztjuxy8Bwlcq_fF5tYfrh3Qvw4NAXrKK4\/pr:1920\/aHR0cDovL21lZGlhMi5kZXNpZ25wYXJ0bmVyLmZyL2MvcC8yMTA4Ny8yMTA4Ny0xNzU5Ni0xLndlYnA?v=1759311111"],"opengraph":["https:\/\/media.th4.com\/WxUpqvmHMffOn1c0C6tU0dJOG8F53ayw6IkZ5nnRAL4\/pr:1200x630\/aHR0cDovL21lZGlhMi5kZXNpZ25wYXJ0bmVyLmZyL2MvcC8yMTA4Ny8yMTA4Ny0xNzU5Ni0xLndlYnA?v=1759311111"]},"images_customization":{"miniature":["https:\/\/media.th4.com\/Bc3AkhDupD0eL1CY_obVf0WPN_A4akvLcmW4fSdz2AM\/pr:80\/aHR0cDovL21lZGlhMi5kZXNpZ25wYXJ0bmVyLmZyL2MvcC8yMTA4Ny8yMTA4Ny0xNzU5Ni0xLndlYnA?v=1759311111"],"medium":["https:\/\/media.th4.com\/0QYZ0BaEMUYnrZSwZ8E9Qi927QZZSyET0Tgp2zeR7p4\/pr:550x550\/aHR0cDovL21lZGlhMi5kZXNpZ25wYXJ0bmVyLmZyL2MvcC8yMTA4Ny8yMTA4Ny0xNzU5Ni0xLndlYnA?v=1759311111"],"medium_large":["https:\/\/media.th4.com\/WEvDALLC-DeyT7lf-H06sCjzwYlJOb540gagba57SZI\/pr:1000x1000\/aHR0cDovL21lZGlhMi5kZXNpZ25wYXJ0bmVyLmZyL2MvcC8yMTA4Ny8yMTA4Ny0xNzU5Ni0xLndlYnA?v=1759311111"],"large":["https:\/\/media.th4.com\/7SN_dtEybCztjuxy8Bwlcq_fF5tYfrh3Qvw4NAXrKK4\/pr:1920\/aHR0cDovL21lZGlhMi5kZXNpZ25wYXJ0bmVyLmZyL2MvcC8yMTA4Ny8yMTA4Ny0xNzU5Ni0xLndlYnA?v=1759311111"],"opengraph":["https:\/\/media.th4.com\/WxUpqvmHMffOn1c0C6tU0dJOG8F53ayw6IkZ5nnRAL4\/pr:1200x630\/aHR0cDovL21lZGlhMi5kZXNpZ25wYXJ0bmVyLmZyL2MvcC8yMTA4Ny8yMTA4Ny0xNzU5Ni0xLndlYnA?v=1759311111"]},"country_origin":"CN","traceability":{"manufacturing_country_id":null,"weaving_country_id":null,"dyeing_country_id":null},"sizes":[{"id":42,"article_id":515288,"class_id":19,"name":"taille_unique","on_standby":false,"stock_local":0,"stock_global":496,"multiple":1,"estimated_date_reassort":null,"is_destocking":false}],"page_links":{"fr":"\/fr\/p-st-xm1511-bo-filey-cadre-photo-st-xm1511-bo-21087\/beige-17596\/","en":"\/en\/p-st-xm1511-bo-filey-photo-frame-st-xm1511-bo-21087\/beige-17596\/","de":"\/de\/p-st-xm1511-bo-filey-bilderrahmen-st-xm1511-bo-21087\/beige-17596\/","nl":"\/nl\/p-st-xm1511-bo-filey-fotolijst-st-xm1511-bo-21087\/beige-17596\/","es":"\/es\/p-st-xm1511-bo-filey-marco-de-fotos-st-xm1511-bo-21087\/beige-17596\/","it":"\/it\/p-st-xm1511-bo-filey-cornice-portafoto-st-xm1511-bo-21087\/beige-17596\/","sv":"\/sv\/p-st-xm1511-bo-filey-fotoram-st-xm1511-bo-21087\/beige-17596\/","pt":"\/pt\/p-st-xm1511-bo-filey-moldura-para-fotografia-st-xm1511-bo-21087\/beige-17596\/","da":"\/da\/p-st-xm1511-bo-filey-fotoramme-st-xm1511-bo-21087\/beige-17596\/","pl":"\/pl\/p-st-xm1511-bo-filey-ramka-na-zdjecie-st-xm1511-bo-21087\/beige-17596\/"},"page_links_customization":{"fr":"\/fr\/p-st-xm1511-bo-filey-cadre-photo-xm1511-bo-personnalisable-21087\/beige-17596\/custom\/","en":"\/en\/p-st-xm1511-bo-filey-photo-frame-xm1511-bo-customizable-21087\/beige-17596\/custom\/","de":"\/de\/p-st-xm1511-bo-filey-bilderrahmen-xm1511-bo-personalisierbar-21087\/beige-17596\/custom\/","nl":"\/nl\/p-st-xm1511-bo-filey-fotolijst-xm1511-bo-personaliseerbaar-21087\/beige-17596\/custom\/","es":"\/es\/p-st-xm1511-bo-filey-marco-de-fotos-xm1511-bo-personalizable-21087\/beige-17596\/custom\/","it":"\/it\/p-st-xm1511-bo-filey-cornice-fotografica-xm1511-bo-personalizzabile-21087\/beige-17596\/custom\/","sv":"\/sv\/p-st-xm1511-bo-filey-fotram-xm1511-bo-anpassningsbar-21087\/beige-17596\/custom\/","pt":"\/pt\/p-st-xm1511-bo-filey-photo-frame-xm1511-bo-customizable-21087\/beige-17596\/custom\/","da":"\/da\/p-st-xm1511-bo-filey-photo-frame-xm1511-bo-customizable-21087\/beige-17596\/custom\/","pl":"\/pl\/p-st-xm1511-bo-filey-cadre-photo-xm1511-bo-personnalisable-21087\/beige-17596\/custom\/"}}],"documentation_link":null,"countries_availables":["AD","AE","AL","AT","BA","BD","BE","BG","BL","CA","CH","CN","CO","CY","CZ","DE","DK","DO","EE","EG","ES","ET","FI","FR","GB","GE","GF","GP","GR","GT","HK","HN","HR","HT","HU","ID","IE","IN","IS","IT","JO","JP","KE","KH","KP","KR","LA","LK","LS","LT","LU","LV","MA","MF","MG","MK","MM","MN","MQ","MT","MX","MY","NC","NI","NL","PF","PH","PK","PL","PM","PT","RE","RO","SE","SG","SI","SK","SV","SY","TH","TN","TR","TW","TZ","US","VN","WF","YT"]},"infos_customization":[],"features":{"authorize_multi_surfaces":true,"display_order_delay_type":true,"promote_surface_display":true,"tarification_franco_offert":true,"enabled_3d_editor":false},"markings":[{"id":0,"nom":"vierge","finition":null,"libelle":null,"code":null,"dpi":null,"finesse_forme_isolee":null,"finesse_forme_non_isolee":null,"hauteur_minimale_texte":null,"inactif":0,"marquage_interne":1,"quantite_min":null,"parent_id":null,"print_on_support":0,"content":"vierge","description":null},{"id":2,"nom":"fonce","finition":"optimale","libelle":"TopQuadri","code":null,"dpi":400,"finesse_forme_isolee":"0.040","finesse_forme_non_isolee":"0.700","hauteur_minimale_texte":2,"inactif":0,"marquage_interne":1,"quantite_min":null,"parent_id":18,"print_on_support":0,"content":"TopQuadri","description":"pour petites et moyennes s\u00e9ries"},{"id":3,"nom":"serigraphie","finition":"serigraphie","libelle":"SeriCoat","code":null,"dpi":400,"finesse_forme_isolee":"0.040","finesse_forme_non_isolee":"0.700","hauteur_minimale_texte":2,"inactif":0,"marquage_interne":1,"quantite_min":15,"parent_id":18,"print_on_support":0,"content":"SeriCoat","description":"pour moyennes et grandes s\u00e9ries"},{"id":4,"nom":"broderie","finition":"broderie","libelle":"Broderie","code":null,"dpi":400,"finesse_forme_isolee":"0.040","finesse_forme_non_isolee":"0.700","hauteur_minimale_texte":3,"inactif":0,"marquage_interne":1,"quantite_min":null,"parent_id":null,"print_on_support":0,"content":"Broderie","description":null},{"id":8,"nom":"theme","finition":null,"libelle":"Th\u00e8me","code":null,"dpi":null,"finesse_forme_isolee":null,"finesse_forme_non_isolee":null,"hauteur_minimale_texte":null,"inactif":0,"marquage_interne":1,"quantite_min":null,"parent_id":null,"print_on_support":0,"content":"Th\u00e8me","description":null},{"id":9,"nom":"sans","finition":null,"libelle":null,"code":null,"dpi":null,"finesse_forme_isolee":null,"finesse_forme_non_isolee":null,"hauteur_minimale_texte":null,"inactif":0,"marquage_interne":1,"quantite_min":null,"parent_id":null,"print_on_support":0,"content":"sans","description":null},{"id":10,"nom":"photo","finition":null,"libelle":"Photo","code":null,"dpi":null,"finesse_forme_isolee":null,"finesse_forme_non_isolee":null,"hauteur_minimale_texte":null,"inactif":0,"marquage_interne":1,"quantite_min":null,"parent_id":null,"print_on_support":0,"content":"Photo","description":null},{"id":14,"nom":"couleur","finition":null,"libelle":"Couleur","code":null,"dpi":null,"finesse_forme_isolee":null,"finesse_forme_non_isolee":null,"hauteur_minimale_texte":null,"inactif":0,"marquage_interne":1,"quantite_min":null,"parent_id":null,"print_on_support":0,"content":"Couleur","description":null},{"id":15,"nom":"sublimation","finition":"sublimation","libelle":"Sublimation","code":null,"dpi":null,"finesse_forme_isolee":"0.000","finesse_forme_non_isolee":"0.000","hauteur_minimale_texte":2,"inactif":0,"marquage_interne":1,"quantite_min":null,"parent_id":null,"print_on_support":0,"content":"Sublimation","description":null},{"id":16,"nom":"topquadri_uv","finition":null,"libelle":"TopQuadri UV","code":null,"dpi":null,"finesse_forme_isolee":"0.020","finesse_forme_non_isolee":"0.700","hauteur_minimale_texte":2,"inactif":0,"marquage_interne":1,"quantite_min":null,"parent_id":null,"print_on_support":1,"content":null,"description":null},{"id":17,"nom":"topquadri_uvp","finition":null,"libelle":"TopQuadri UVP","code":null,"dpi":null,"finesse_forme_isolee":"0.020","finesse_forme_non_isolee":"0.700","hauteur_minimale_texte":2,"inactif":0,"marquage_interne":1,"quantite_min":null,"parent_id":null,"print_on_support":1,"content":null,"description":null},{"id":18,"nom":"quadri","finition":null,"libelle":"Impression","code":null,"dpi":null,"finesse_forme_isolee":null,"finesse_forme_non_isolee":null,"hauteur_minimale_texte":null,"inactif":0,"marquage_interne":1,"quantite_min":null,"parent_id":null,"print_on_support":0,"content":null,"description":null}]}}