{"data":{"product":{"id":21076,"titre":"TINSEL","description":"Arbre de No\u00ebl en bois avec un message. Support d\u00e9tachable. Dimensions : 11 ,5 x 17 ,7 x 3 ,1 cm. Composition : bois.","genre":"","grammage":0,"conditionnement":400,"composition":"","reference":"XM1298","reference_visible":"st-xm1298","reference_fabricant":"XM1298","ref_xor":"721937","in_catalog":true,"is_transfer":false,"is_service":false,"on_standby":false,"has_3d":false,"has_size_guide":false,"has_marking":false,"has_vierge":true,"is_cross_sellable":false,"id_picto":0,"filename_3d":null,"brand":{"id":352,"name":"Stamina","logo":"logo-stamina.png","image":"https:\/\/media.th4.com\/XtszMrhN4PSlQT4v0dBJBG2A1qMsj6Ced58O9G8vaL8\/pr:brand70x70\/aHR0cDovL21lZGlhMi5kZXNpZ25wYXJ0bmVyLmZyL2MvbS9sb2dvLXN0YW1pbmEucG5n?v=1691073931"},"price_infos":{"price_from":1.84,"quantity":100,"color":{"id":22740,"name":"bois"},"size":{"id":42,"name":"taille_unique"}},"price_infos_marking":{"price_from":0,"quantity":0,"size":{"id":0,"name":""},"color":{"id":0,"name":""},"marking":{"id":0,"name":""},"emplacement":"","surface":"","surface_emplacement_id":0},"i18n":{"blank":{"title":{"fr":"Tinsel arbre no\u00ebl STAMINA xm1298","en":"Tinsel Christmas tree STAMINA xm1298","de":"Tinsel Weihnachtsbaum STAMINA xm1298","nl":"Tinsel kerstboom STAMINA xm1298","es":"Tinsel \u00e1rbol de Navidad STAMINA xm1298","it":"Tinsel albero di Natale STAMINA xm1298","sv":"Tinsel jultr\u00e4d STAMINA xm1298","pt":"Tinsel \u00e1rvore de Natal STAMINA xm1298","da":"Tinsel juletr\u00e6 STAMINA xm1298","pl":"Tinsel choinka STAMINA xm1298"},"description":{"fr":"Le Tinsel arbre no\u00ebl bois avec message et support d\u00e9tachable convient \u00e0 une d\u00e9coration de f\u00eate sur une table, une \u00e9tag\u00e8re ou un comptoir. Dimensions : 11,5 x 17,7 x 3,1 cm.\n\n- Composition : bois\n- Dimensions : 11,5 x 17,7 x 3,1 cm\n- Forme : arbre de No\u00ebl\n- Support : d\u00e9tachable","en":"The Tinsel wooden Christmas tree with message and detachable stand is suitable for festive decoration on a table, a shelf, or a counter. Dimensions: 11.5 x 17.7 x 3.1 cm.\n\n- Composition: wood\n- Dimensions: 11.5 x 17.7 x 3.1 cm\n- Shape: Christmas tree\n- Stand: detachable","de":"Der Tinsel Weihnachtsbaum aus Holz mit Botschaft und abnehmbarem Standfu\u00df eignet sich als Festdekoration auf einem Tisch, einem Regal oder einer Theke. Ma\u00dfe: 11,5 x 17,7 x 3,1 cm.\n\n- Material: Holz\n- Ma\u00dfe: 11,5 x 17,7 x 3,1 cm\n- Form: Weihnachtsbaum\n- Standfu\u00df: abnehmbar","nl":"De houten Tinsel kerstboom met tekst en afneembare standaard is geschikt als feestdecoratie op een tafel, een plank of een toonbank. Afmetingen: 11,5 x 17,7 x 3,1 cm.\n\n- Samenstelling: hout\n- Afmetingen: 11,5 x 17,7 x 3,1 cm\n- Vorm: kerstboom\n- Standaard: afneembaar","es":"El Tinsel \u00e1rbol de Navidad de madera con mensaje y soporte desmontable es adecuado para una decoraci\u00f3n festiva en una mesa, una estanter\u00eda o un mostrador. Dimensiones: 11,5 x 17,7 x 3,1 cm.\n\n- Composici\u00f3n: madera\n- Dimensiones: 11,5 x 17,7 x 3,1 cm\n- Forma: \u00e1rbol de Navidad\n- Soporte: desmontable","it":"Il Tinsel albero di Natale in legno con messaggio e supporto staccabile \u00e8 adatto per una decorazione festiva su un tavolo, una mensola o un bancone. Dimensioni: 11,5 x 17,7 x 3,1 cm.\n\n- Composizione: legno\n- Dimensioni: 11,5 x 17,7 x 3,1 cm\n- Forma: albero di Natale\n- Supporto: staccabile","sv":"Tinsel jultr\u00e4d i tr\u00e4 med meddelande och avtagbart st\u00f6d passar som festdekoration p\u00e5 ett bord, en hylla eller en disk. M\u00e5tt: 11,5 x 17,7 x 3,1 cm.\n\n- Material: tr\u00e4\n- M\u00e5tt: 11,5 x 17,7 x 3,1 cm\n- Form: jultr\u00e4d\n- St\u00f6d: avtagbart","pt":"A Tinsel \u00e1rvore de Natal em madeira com mensagem e suporte destac\u00e1vel \u00e9 adequada para uma decora\u00e7\u00e3o festiva numa mesa, numa prateleira ou num balc\u00e3o. Dimens\u00f5es: 11,5 x 17,7 x 3,1 cm.\n\n- Composi\u00e7\u00e3o: madeira\n- Dimens\u00f5es: 11,5 x 17,7 x 3,1 cm\n- Forma: \u00e1rvore de Natal\n- Suporte: destac\u00e1vel","da":"Tinsel juletr\u00e6 i tr\u00e6 med budskab og aftagelig fod egnet til festpynt p\u00e5 et bord, en hylde eller en disk. M\u00e5l: 11,5 x 17,7 x 3,1 cm.\n\n- Materiale: tr\u00e6\n- M\u00e5l: 11,5 x 17,7 x 3,1 cm\n- Form: juletr\u00e6\n- Fod: aftagelig","pl":"Drewniana choinka Tinsel z napisem i od\u0142\u0105czan\u0105 podstawk\u0105 nadaje si\u0119 jako dekoracja \u015bwi\u0105teczna na st\u00f3\u0142, p\u00f3\u0142k\u0119 lub lad\u0119. Wymiary: 11,5 x 17,7 x 3,1 cm.\n\n- Sk\u0142ad: drewno\n- Wymiary: 11,5 x 17,7 x 3,1 cm\n- Kszta\u0142t: choinka\n- Podstawka: od\u0142\u0105czana"},"h1":{"fr":"Tinsel arbre no\u00ebl xm1298","en":"Tinsel Christmas tree xm1298","de":"Tinsel Weihnachtsbaum xm1298","nl":"Tinsel kerstboom xm1298","es":"Tinsel \u00e1rbol de Navidad xm1298","it":"Tinsel albero di Natale xm1298","sv":"Tinsel jultr\u00e4d xm1298","pt":"Tinsel \u00e1rvore de Natal xm1298","da":"Tinsel juletr\u00e6 xm1298","pl":"Tinsel choinka xm1298"},"meta_description":{"fr":"D\u00e9coration en bois en forme d\u2019arbre de No\u00ebl avec message et support d\u00e9tachable. Format 11,5 x 17,7 x 3,1 cm pour une pose sur meuble.","en":"Wooden Christmas tree decoration with message and detachable stand. Size 11.5 x 17.7 x 3.1 cm for placement on furniture.","de":"Holzdekoration in Form eines Weihnachtsbaums mit Botschaft und abnehmbarem Standfu\u00df. Format 11,5 x 17,7 x 3,1 cm zur Aufstellung auf einem M\u00f6belst\u00fcck.","nl":"Houten decoratie in de vorm van een kerstboom met tekst en afneembare standaard. Formaat 11,5 x 17,7 x 3,1 cm voor plaatsing op een meubel.","es":"Decoraci\u00f3n de madera con forma de \u00e1rbol de Navidad con mensaje y soporte desmontable. Formato 11,5 x 17,7 x 3,1 cm para colocar sobre un mueble.","it":"Decorazione in legno a forma di albero di Natale con messaggio e supporto staccabile. Formato 11,5 x 17,7 x 3,1 cm per il posizionamento su un mobile.","sv":"Tr\u00e4dekoration i form av ett jultr\u00e4d med meddelande och avtagbart st\u00f6d. Format 11,5 x 17,7 x 3,1 cm f\u00f6r placering p\u00e5 en m\u00f6bel.","pt":"Decora\u00e7\u00e3o em madeira em forma de \u00e1rvore de Natal com mensagem e suporte destac\u00e1vel. Formato 11,5 x 17,7 x 3,1 cm para coloca\u00e7\u00e3o sobre m\u00f3vel.","da":"Tr\u00e6dekoration i form af et juletr\u00e6 med budskab og aftagelig fod. Format 11,5 x 17,7 x 3,1 cm til placering p\u00e5 et m\u00f8bel.","pl":"Drewniana dekoracja w kszta\u0142cie choinki z napisem i od\u0142\u0105czan\u0105 podstawk\u0105. Format 11,5 x 17,7 x 3,1 cm do ustawienia na meblu."}},"custom":{"title":{"fr":"TINSEL Arbre No\u00ebl Stamina xm1298 personnalisable","en":"TINSEL Christmas Tree Stamina xm1298 customizable","de":"TINSEL Weihnachtsbaum Stamina xm1298 anpassbar","nl":"TINSEL Kerstboom Stamina xm1298 aanpasbaar","es":"TINSEL \u00c1rbol de Navidad Stamina xm1298 personalizable","it":"TINSEL Albero di Natale Stamina xm1298 personalizzabile","sv":"TINSEL Arbre No\u00ebl Stamina xm1298 anpassningsbar","pt":"TINSEL \u00c1rvore de Natal Stamina xm1298 personaliz\u00e1vel","da":"TINSEL Juletr\u00e6 Stamina xm1298 tilpasselig","pl":"TINSEL Arbre No\u00ebl Stamina xm1298 customizable"},"description":{"fr":"L'arbre No\u00ebl en bois TINSEL comporte un message int\u00e9gr\u00e9 et un support d\u00e9tachable pour une installation flexible. Sa composition en bois contribue \u00e0 une structure stable.\n\n- Composition bois\n- Dimensions 11,5 x 17,7 x 3,1 cm\n- Support d\u00e9tachable\n- Personnalisable","en":"The wooden TINSEL Christmas tree includes an integrated message and detachable stand for flexible installation. Its wooden composition contributes to a stable structure.\n\n- Wooden composition\n- Dimensions 11.5 x 17.7 x 3.1 cm\n- Detachable stand\n- Customizable","de":"Der Weihnachtsbaum aus Holz TINSEL enth\u00e4lt eine integrierte Botschaft und einen abnehmbaren St\u00e4nder f\u00fcr flexible Aufstellung. Seine Holzkonstruktion sorgt f\u00fcr eine stabile Struktur.\n\n- Holzmaterial\n- Ma\u00dfe 11,5 x 17,7 x 3,1 cm\n- Abnehmbarer St\u00e4nder\n- Anpassbar","nl":"De houten kerstboom TINSEL heeft een ge\u00efntegreerde tekst en een afneembare standaard voor flexibele plaatsing. De houten samenstelling zorgt voor een stabiele structuur.\n\n- Samenstelling hout\n- Afmetingen 11,5 x 17,7 x 3,1 cm\n- Afneembare standaard\n- Aanpasbaar","es":"El \u00e1rbol de Navidad de madera TINSEL incluye un mensaje integrado y un soporte desmontable para una instalaci\u00f3n flexible. Su composici\u00f3n en madera aporta una estructura estable.\n\n- Composici\u00f3n madera\n- Dimensiones 11,5 x 17,7 x 3,1 cm\n- Soporte desmontable\n- Personalizable","it":"L'albero di Natale in legno TINSEL include un messaggio integrato e un supporto rimovibile per un'installazione flessibile. La sua composizione in legno contribuisce a una struttura stabile.\n\n- Composizione legno\n- Dimensioni 11,5 x 17,7 x 3,1 cm\n- Supporto rimovibile\n- Personalizzabile","sv":"Tr\u00e4tr\u00e4det TINSEL inneh\u00e5ller ett integrerat meddelande och en avtagbar h\u00e5llare f\u00f6r flexibel installation. Dess tr\u00e4komponent ger en stabil struktur.\n\n- Komposition tr\u00e4\n- M\u00e5tt 11,5 x 17,7 x 3,1 cm\n- Avtagbar h\u00e5llare\n- Anpassningsbar","pt":"A \u00e1rvore de Natal em madeira TINSEL inclui uma mensagem integrada e suporte destac\u00e1vel para instala\u00e7\u00e3o flex\u00edvel. Sua composi\u00e7\u00e3o em madeira contribui para uma estrutura est\u00e1vel.\n\n- Composi\u00e7\u00e3o madeira\n- Dimens\u00f5es 11,5 x 17,7 x 3,1 cm\n- Suporte destac\u00e1vel\n- Personaliz\u00e1vel","da":"Juletr\u00e6et i tr\u00e6 TINSEL har en integreret besked og aftagelig st\u00f8tte for fleksibel installation. Dets tr\u00e6komposition bidrager til en stabil struktur.\n\n- Tr\u00e6komposition\n- M\u00e5l 11,5 x 17,7 x 3,1 cm\n- Aftagelig st\u00f8tte\n- Tilpasselig","pl":"The TINSEL wooden Christmas tree includes an integrated message and a detachable stand for flexible installation. Its wooden composition contributes to a stable structure.\n\n- Wood composition\n- Dimensions 11.5 x 17.7 x 3.1 cm\n- Detachable stand\n- Customizable"},"h1":{"fr":"TINSEL Arbre No\u00ebl xm1298 personnalisable","en":"TINSEL Christmas Tree xm1298 customizable","de":"TINSEL Weihnachtsbaum xm1298 anpassbar","nl":"TINSEL Kerstboom xm1298 aanpasbaar","es":"TINSEL \u00c1rbol de Navidad xm1298 personalizable","it":"TINSEL Albero di Natale xm1298 personalizzabile","sv":"TINSEL Arbre No\u00ebl xm1298 anpassningsbar","pt":"TINSEL \u00c1rvore de Natal xm1298 personaliz\u00e1vel","da":"TINSEL Juletr\u00e6 xm1298 tilpasselig","pl":"TINSEL Arbre No\u00ebl xm1298 customizable"},"meta_description":{"fr":"Arbre No\u00ebl en bois avec support d\u00e9tachable, dimensions 11,5 x 17,7 x 3,1 cm. Personnalisable, con\u00e7u pour un usage d\u00e9coratif simple.","en":"Wooden Christmas tree with detachable stand, dimensions 11.5 x 17.7 x 3.1 cm. Customizable, designed for simple decorative use.","de":"Weihnachtsbaum aus Holz mit abnehmbarem St\u00e4nder, Ma\u00dfe 11,5 x 17,7 x 3,1 cm. Anpassbar, f\u00fcr einfache dekorative Verwendung konzipiert.","nl":"Houten kerstboom met afneembare standaard, afmetingen 11,5 x 17,7 x 3,1 cm. Aanpasbaar, ontworpen voor eenvoudige decoratief gebruik.","es":"\u00c1rbol de Navidad de madera con soporte desmontable, dimensiones 11,5 x 17,7 x 3,1 cm. Personalizable, dise\u00f1ado para un uso decorativo sencillo.","it":"Albero di Natale in legno con supporto rimovibile, dimensioni 11,5 x 17,7 x 3,1 cm. Personalizzabile, progettato per un uso decorativo semplice.","sv":"Tr\u00e4d av tr\u00e4 med avtagbar h\u00e5llare, m\u00e5tt 11,5 x 17,7 x 3,1 cm. Anpassningsbar, avsedd f\u00f6r enkel dekorativ anv\u00e4ndning.","pt":"\u00c1rvore de Natal em madeira com suporte destac\u00e1vel, dimens\u00f5es 11,5 x 17,7 x 3,1 cm. Personaliz\u00e1vel, concebida para uso decorativo simples.","da":"Juletr\u00e6 i tr\u00e6 med aftagelig st\u00f8tte, m\u00e5l 11,5 x 17,7 x 3,1 cm. Tilpasselig, designet til enkel dekorativ brug.","pl":"Wooden Christmas tree with detachable stand, dimensions 11.5 x 17.7 x 3.1 cm. Customizable, designed for simple decorative use."}}},"categories":[{"id":387,"name":"Maison & D\u00e9coration","singular":"Maison & D\u00e9coration","is_feminin":false},{"id":360,"name":"D\u00e9tente, Sports & Loisirs","singular":"D\u00e9tente, Sports & Loisirs","is_feminin":false},{"id":431,"name":"Objets","singular":"Objet publicitaire","is_feminin":false}],"certifications":[],"videos":{"fr":[],"en":[],"de":[],"nl":[],"es":[],"it":[],"sv":[],"pt":[],"da":[],"pl":[]},"main_images":{"miniature":"https:\/\/media.th4.com\/JoIGlXQt2EO4P69VQ4OTCGkh74TNxU2DiU2SzGCZGLM\/pr:80\/aHR0cDovL21lZGlhMi5kZXNpZ25wYXJ0bmVyLmZyL2MvcC1ibGFuay1USC8yMTA3Ni53ZWJw?v=1759311856","medium":"https:\/\/media.th4.com\/VoeWkwY_gDZWbHKYXu3NAQWZwTGPTxHbNBEmcMknG2w\/pr:550x550greybg\/aHR0cDovL21lZGlhMi5kZXNpZ25wYXJ0bmVyLmZyL2MvcC1ibGFuay1USC8yMTA3Ni53ZWJw?v=1759311856","medium_large":"https:\/\/media.th4.com\/fW-Gl0qSHyjan8QjuPluUHN9CPDE3V_pcnir4VKwyyk\/pr:1000x1000greybg\/aHR0cDovL21lZGlhMi5kZXNpZ25wYXJ0bmVyLmZyL2MvcC1ibGFuay1USC8yMTA3Ni53ZWJw?v=1759311856","large":"https:\/\/media.th4.com\/irfEvfuTjcQrImpXaxfeUSvUl2ada6Cds3t6VBdpZPk\/pr:1920greybg\/aHR0cDovL21lZGlhMi5kZXNpZ25wYXJ0bmVyLmZyL2MvcC1ibGFuay1USC8yMTA3Ni53ZWJw?v=1759311856","opengraph":"https:\/\/media.th4.com\/QHKnqKnax7wfs906V5DJb3GU8SZGSnd_XpwQOWWfWEw\/pr:1200x630greybg\/aHR0cDovL21lZGlhMi5kZXNpZ25wYXJ0bmVyLmZyL2MvcC1ibGFuay1USC8yMTA3Ni53ZWJw?v=1759311856"},"main_images_customization":{"miniature":"https:\/\/media.th4.com\/JoIGlXQt2EO4P69VQ4OTCGkh74TNxU2DiU2SzGCZGLM\/pr:80\/aHR0cDovL21lZGlhMi5kZXNpZ25wYXJ0bmVyLmZyL2MvcC1ibGFuay1USC8yMTA3Ni53ZWJw?v=1759311856","medium":"https:\/\/media.th4.com\/VoeWkwY_gDZWbHKYXu3NAQWZwTGPTxHbNBEmcMknG2w\/pr:550x550greybg\/aHR0cDovL21lZGlhMi5kZXNpZ25wYXJ0bmVyLmZyL2MvcC1ibGFuay1USC8yMTA3Ni53ZWJw?v=1759311856","medium_large":"https:\/\/media.th4.com\/fW-Gl0qSHyjan8QjuPluUHN9CPDE3V_pcnir4VKwyyk\/pr:1000x1000greybg\/aHR0cDovL21lZGlhMi5kZXNpZ25wYXJ0bmVyLmZyL2MvcC1ibGFuay1USC8yMTA3Ni53ZWJw?v=1759311856","large":"https:\/\/media.th4.com\/irfEvfuTjcQrImpXaxfeUSvUl2ada6Cds3t6VBdpZPk\/pr:1920greybg\/aHR0cDovL21lZGlhMi5kZXNpZ25wYXJ0bmVyLmZyL2MvcC1ibGFuay1USC8yMTA3Ni53ZWJw?v=1759311856","opengraph":"https:\/\/media.th4.com\/QHKnqKnax7wfs906V5DJb3GU8SZGSnd_XpwQOWWfWEw\/pr:1200x630greybg\/aHR0cDovL21lZGlhMi5kZXNpZ25wYXJ0bmVyLmZyL2MvcC1ibGFuay1USC8yMTA3Ni53ZWJw?v=1759311856"},"page_links":{"fr":"\/fr\/p-st-xm1298-tinsel-arbre-noel-xm1298-21076\/","en":"\/en\/p-st-xm1298-tinsel-christmas-tree-xm1298-21076\/","de":"\/de\/p-st-xm1298-tinsel-weihnachtsbaum-xm1298-21076\/","nl":"\/nl\/p-st-xm1298-tinsel-kerstboom-xm1298-21076\/","es":"\/es\/p-st-xm1298-tinsel-arbol-de-navidad-xm1298-21076\/","it":"\/it\/p-st-xm1298-tinsel-albero-di-natale-xm1298-21076\/","sv":"\/sv\/p-st-xm1298-tinsel-jultrad-xm1298-21076\/","pt":"\/pt\/p-st-xm1298-tinsel-arvore-de-natal-xm1298-21076\/","da":"\/da\/p-st-xm1298-tinsel-juletrae-xm1298-21076\/","pl":"\/pl\/p-st-xm1298-tinsel-choinka-xm1298-21076\/"},"page_links_customization":{"fr":"\/fr\/p-st-xm1298-tinsel-arbre-noel-xm1298-personnalisable-21076\/custom\/","en":"\/en\/p-st-xm1298-tinsel-christmas-tree-xm1298-customizable-21076\/custom\/","de":"\/de\/p-st-xm1298-tinsel-weihnachtsbaum-xm1298-anpassbar-21076\/custom\/","nl":"\/nl\/p-st-xm1298-tinsel-kerstboom-xm1298-aanpasbaar-21076\/custom\/","es":"\/es\/p-st-xm1298-tinsel-arbol-de-navidad-xm1298-personalizable-21076\/custom\/","it":"\/it\/p-st-xm1298-tinsel-albero-di-natale-xm1298-personalizzabile-21076\/custom\/","sv":"\/sv\/p-st-xm1298-tinsel-arbre-noel-xm1298-anpassningsbar-21076\/custom\/","pt":"\/pt\/p-st-xm1298-tinsel-arvore-de-natal-xm1298-personalizavel-21076\/custom\/","da":"\/da\/p-st-xm1298-tinsel-juletrae-xm1298-tilpasselig-21076\/custom\/","pl":"\/pl\/p-st-xm1298-tinsel-arbre-noel-xm1298-customizable-21076\/custom\/"},"equivalent_products":[],"colors":[{"id":22740,"name":"bois","class_ids":[8],"codes_hexa":["CBAF9F"],"delai_24":false,"has_3d":false,"seuil_global":0,"stock_local":0,"stock_global":496,"on_standby":false,"in_catalog":true,"images":{"miniature":["https:\/\/media.th4.com\/nCaEz-QPfdWH-nYJFcRRXLcklQq40zHKJru8f092mqQ\/pr:80\/aHR0cDovL21lZGlhMi5kZXNpZ25wYXJ0bmVyLmZyL2MvcC8yMTA3Ni8yMTA3Ni0yMjc0MC0xLndlYnA?v=1759311086","https:\/\/media.th4.com\/MveeArPr7g7p2Lx22FfaLeW73wvoBdEIeYqRiVoyiU8\/pr:80\/aHR0cDovL21lZGlhMi5kZXNpZ25wYXJ0bmVyLmZyL2MvcC8yMTA3Ni8yMTA3Ni0yMjc0MC0xMC53ZWJw?v=1759311086","https:\/\/media.th4.com\/mRUQKZvSxycN7iQbGdbqnqjYfGf0kaGkc2p-8Dkvjgg\/pr:80\/aHR0cDovL21lZGlhMi5kZXNpZ25wYXJ0bmVyLmZyL2MvcC8yMTA3Ni8yMTA3Ni0yMjc0MC0xMS53ZWJw?v=1759311087"],"medium":["https:\/\/media.th4.com\/io8AzooYLcni_DcRF4dYv9W1w28o5aV9AVs-_bdxYRQ\/pr:550x550\/aHR0cDovL21lZGlhMi5kZXNpZ25wYXJ0bmVyLmZyL2MvcC8yMTA3Ni8yMTA3Ni0yMjc0MC0xLndlYnA?v=1759311086","https:\/\/media.th4.com\/-HKOTeDwiIP_pNbGhLqbs-grHD00_HFNK55-_T-8tOg\/pr:550x550\/aHR0cDovL21lZGlhMi5kZXNpZ25wYXJ0bmVyLmZyL2MvcC8yMTA3Ni8yMTA3Ni0yMjc0MC0xMC53ZWJw?v=1759311086","https:\/\/media.th4.com\/s-VgKg6fUsKNlIZPtb8e7Ia2TEEsv8XKAOxUnBo07PY\/pr:550x550\/aHR0cDovL21lZGlhMi5kZXNpZ25wYXJ0bmVyLmZyL2MvcC8yMTA3Ni8yMTA3Ni0yMjc0MC0xMS53ZWJw?v=1759311087"],"medium_large":["https:\/\/media.th4.com\/oT8dHumouql7NRk_Dkdl5GPzowZ5ouObdlWnZMwgt08\/pr:1000x1000\/aHR0cDovL21lZGlhMi5kZXNpZ25wYXJ0bmVyLmZyL2MvcC8yMTA3Ni8yMTA3Ni0yMjc0MC0xLndlYnA?v=1759311086","https:\/\/media.th4.com\/o7UYr6FnMfvANqJxJPOVgm8OoXbiXMn4O0OG9d1phdc\/pr:1000x1000\/aHR0cDovL21lZGlhMi5kZXNpZ25wYXJ0bmVyLmZyL2MvcC8yMTA3Ni8yMTA3Ni0yMjc0MC0xMC53ZWJw?v=1759311086","https:\/\/media.th4.com\/V93r8YJRJfTCUzOwLjthRrmq57cYlB_Rgjn8o4sOZ1o\/pr:1000x1000\/aHR0cDovL21lZGlhMi5kZXNpZ25wYXJ0bmVyLmZyL2MvcC8yMTA3Ni8yMTA3Ni0yMjc0MC0xMS53ZWJw?v=1759311087"],"large":["https:\/\/media.th4.com\/VtUNJf60-ww6vZHj5It5VSd1cjlR6T8jXY4K1o9w4AM\/pr:1920\/aHR0cDovL21lZGlhMi5kZXNpZ25wYXJ0bmVyLmZyL2MvcC8yMTA3Ni8yMTA3Ni0yMjc0MC0xLndlYnA?v=1759311086","https:\/\/media.th4.com\/gSnxcL8hSkzDXPBcEUumER4CjnRhcFLevlPtTChhc04\/pr:1920\/aHR0cDovL21lZGlhMi5kZXNpZ25wYXJ0bmVyLmZyL2MvcC8yMTA3Ni8yMTA3Ni0yMjc0MC0xMC53ZWJw?v=1759311086","https:\/\/media.th4.com\/axQP2cBoYGRAY3ITY4pjOFVTRU1CXfxlXTQXh22V8Yw\/pr:1920\/aHR0cDovL21lZGlhMi5kZXNpZ25wYXJ0bmVyLmZyL2MvcC8yMTA3Ni8yMTA3Ni0yMjc0MC0xMS53ZWJw?v=1759311087"],"opengraph":["https:\/\/media.th4.com\/gav0uOgZ4igtBu0pOzJfGEB1JM54t0oLdSp46gOgvO0\/pr:1200x630\/aHR0cDovL21lZGlhMi5kZXNpZ25wYXJ0bmVyLmZyL2MvcC8yMTA3Ni8yMTA3Ni0yMjc0MC0xLndlYnA?v=1759311086","https:\/\/media.th4.com\/iu2toQBuyRcQoOU77T2hGjPkF4qlmZ4ciMwrBfnswJw\/pr:1200x630\/aHR0cDovL21lZGlhMi5kZXNpZ25wYXJ0bmVyLmZyL2MvcC8yMTA3Ni8yMTA3Ni0yMjc0MC0xMC53ZWJw?v=1759311086","https:\/\/media.th4.com\/MEFDqUmYJQP-3G56-HMWHFHOOg6RrZ5uL9IGkPKn7SA\/pr:1200x630\/aHR0cDovL21lZGlhMi5kZXNpZ25wYXJ0bmVyLmZyL2MvcC8yMTA3Ni8yMTA3Ni0yMjc0MC0xMS53ZWJw?v=1759311087"]},"images_customization":{"miniature":["https:\/\/media.th4.com\/nCaEz-QPfdWH-nYJFcRRXLcklQq40zHKJru8f092mqQ\/pr:80\/aHR0cDovL21lZGlhMi5kZXNpZ25wYXJ0bmVyLmZyL2MvcC8yMTA3Ni8yMTA3Ni0yMjc0MC0xLndlYnA?v=1759311086","https:\/\/media.th4.com\/MveeArPr7g7p2Lx22FfaLeW73wvoBdEIeYqRiVoyiU8\/pr:80\/aHR0cDovL21lZGlhMi5kZXNpZ25wYXJ0bmVyLmZyL2MvcC8yMTA3Ni8yMTA3Ni0yMjc0MC0xMC53ZWJw?v=1759311086","https:\/\/media.th4.com\/mRUQKZvSxycN7iQbGdbqnqjYfGf0kaGkc2p-8Dkvjgg\/pr:80\/aHR0cDovL21lZGlhMi5kZXNpZ25wYXJ0bmVyLmZyL2MvcC8yMTA3Ni8yMTA3Ni0yMjc0MC0xMS53ZWJw?v=1759311087"],"medium":["https:\/\/media.th4.com\/io8AzooYLcni_DcRF4dYv9W1w28o5aV9AVs-_bdxYRQ\/pr:550x550\/aHR0cDovL21lZGlhMi5kZXNpZ25wYXJ0bmVyLmZyL2MvcC8yMTA3Ni8yMTA3Ni0yMjc0MC0xLndlYnA?v=1759311086","https:\/\/media.th4.com\/-HKOTeDwiIP_pNbGhLqbs-grHD00_HFNK55-_T-8tOg\/pr:550x550\/aHR0cDovL21lZGlhMi5kZXNpZ25wYXJ0bmVyLmZyL2MvcC8yMTA3Ni8yMTA3Ni0yMjc0MC0xMC53ZWJw?v=1759311086","https:\/\/media.th4.com\/s-VgKg6fUsKNlIZPtb8e7Ia2TEEsv8XKAOxUnBo07PY\/pr:550x550\/aHR0cDovL21lZGlhMi5kZXNpZ25wYXJ0bmVyLmZyL2MvcC8yMTA3Ni8yMTA3Ni0yMjc0MC0xMS53ZWJw?v=1759311087"],"medium_large":["https:\/\/media.th4.com\/oT8dHumouql7NRk_Dkdl5GPzowZ5ouObdlWnZMwgt08\/pr:1000x1000\/aHR0cDovL21lZGlhMi5kZXNpZ25wYXJ0bmVyLmZyL2MvcC8yMTA3Ni8yMTA3Ni0yMjc0MC0xLndlYnA?v=1759311086","https:\/\/media.th4.com\/o7UYr6FnMfvANqJxJPOVgm8OoXbiXMn4O0OG9d1phdc\/pr:1000x1000\/aHR0cDovL21lZGlhMi5kZXNpZ25wYXJ0bmVyLmZyL2MvcC8yMTA3Ni8yMTA3Ni0yMjc0MC0xMC53ZWJw?v=1759311086","https:\/\/media.th4.com\/V93r8YJRJfTCUzOwLjthRrmq57cYlB_Rgjn8o4sOZ1o\/pr:1000x1000\/aHR0cDovL21lZGlhMi5kZXNpZ25wYXJ0bmVyLmZyL2MvcC8yMTA3Ni8yMTA3Ni0yMjc0MC0xMS53ZWJw?v=1759311087"],"large":["https:\/\/media.th4.com\/VtUNJf60-ww6vZHj5It5VSd1cjlR6T8jXY4K1o9w4AM\/pr:1920\/aHR0cDovL21lZGlhMi5kZXNpZ25wYXJ0bmVyLmZyL2MvcC8yMTA3Ni8yMTA3Ni0yMjc0MC0xLndlYnA?v=1759311086","https:\/\/media.th4.com\/gSnxcL8hSkzDXPBcEUumER4CjnRhcFLevlPtTChhc04\/pr:1920\/aHR0cDovL21lZGlhMi5kZXNpZ25wYXJ0bmVyLmZyL2MvcC8yMTA3Ni8yMTA3Ni0yMjc0MC0xMC53ZWJw?v=1759311086","https:\/\/media.th4.com\/axQP2cBoYGRAY3ITY4pjOFVTRU1CXfxlXTQXh22V8Yw\/pr:1920\/aHR0cDovL21lZGlhMi5kZXNpZ25wYXJ0bmVyLmZyL2MvcC8yMTA3Ni8yMTA3Ni0yMjc0MC0xMS53ZWJw?v=1759311087"],"opengraph":["https:\/\/media.th4.com\/gav0uOgZ4igtBu0pOzJfGEB1JM54t0oLdSp46gOgvO0\/pr:1200x630\/aHR0cDovL21lZGlhMi5kZXNpZ25wYXJ0bmVyLmZyL2MvcC8yMTA3Ni8yMTA3Ni0yMjc0MC0xLndlYnA?v=1759311086","https:\/\/media.th4.com\/iu2toQBuyRcQoOU77T2hGjPkF4qlmZ4ciMwrBfnswJw\/pr:1200x630\/aHR0cDovL21lZGlhMi5kZXNpZ25wYXJ0bmVyLmZyL2MvcC8yMTA3Ni8yMTA3Ni0yMjc0MC0xMC53ZWJw?v=1759311086","https:\/\/media.th4.com\/MEFDqUmYJQP-3G56-HMWHFHOOg6RrZ5uL9IGkPKn7SA\/pr:1200x630\/aHR0cDovL21lZGlhMi5kZXNpZ25wYXJ0bmVyLmZyL2MvcC8yMTA3Ni8yMTA3Ni0yMjc0MC0xMS53ZWJw?v=1759311087"]},"country_origin":"CN","traceability":{"manufacturing_country_id":null,"weaving_country_id":null,"dyeing_country_id":null},"sizes":[{"id":42,"article_id":515277,"class_id":19,"name":"taille_unique","on_standby":false,"stock_local":0,"stock_global":496,"multiple":1,"estimated_date_reassort":null,"is_destocking":false}],"page_links":{"fr":"\/fr\/p-st-xm1298-tinsel-arbre-noel-xm1298-21076\/bois-22740\/","en":"\/en\/p-st-xm1298-tinsel-christmas-tree-xm1298-21076\/bois-22740\/","de":"\/de\/p-st-xm1298-tinsel-weihnachtsbaum-xm1298-21076\/bois-22740\/","nl":"\/nl\/p-st-xm1298-tinsel-kerstboom-xm1298-21076\/bois-22740\/","es":"\/es\/p-st-xm1298-tinsel-arbol-de-navidad-xm1298-21076\/bois-22740\/","it":"\/it\/p-st-xm1298-tinsel-albero-di-natale-xm1298-21076\/bois-22740\/","sv":"\/sv\/p-st-xm1298-tinsel-jultrad-xm1298-21076\/bois-22740\/","pt":"\/pt\/p-st-xm1298-tinsel-arvore-de-natal-xm1298-21076\/bois-22740\/","da":"\/da\/p-st-xm1298-tinsel-juletrae-xm1298-21076\/bois-22740\/","pl":"\/pl\/p-st-xm1298-tinsel-choinka-xm1298-21076\/bois-22740\/"},"page_links_customization":{"fr":"\/fr\/p-st-xm1298-tinsel-arbre-noel-xm1298-personnalisable-21076\/bois-22740\/custom\/","en":"\/en\/p-st-xm1298-tinsel-christmas-tree-xm1298-customizable-21076\/bois-22740\/custom\/","de":"\/de\/p-st-xm1298-tinsel-weihnachtsbaum-xm1298-anpassbar-21076\/bois-22740\/custom\/","nl":"\/nl\/p-st-xm1298-tinsel-kerstboom-xm1298-aanpasbaar-21076\/bois-22740\/custom\/","es":"\/es\/p-st-xm1298-tinsel-arbol-de-navidad-xm1298-personalizable-21076\/bois-22740\/custom\/","it":"\/it\/p-st-xm1298-tinsel-albero-di-natale-xm1298-personalizzabile-21076\/bois-22740\/custom\/","sv":"\/sv\/p-st-xm1298-tinsel-arbre-noel-xm1298-anpassningsbar-21076\/bois-22740\/custom\/","pt":"\/pt\/p-st-xm1298-tinsel-arvore-de-natal-xm1298-personalizavel-21076\/bois-22740\/custom\/","da":"\/da\/p-st-xm1298-tinsel-juletrae-xm1298-tilpasselig-21076\/bois-22740\/custom\/","pl":"\/pl\/p-st-xm1298-tinsel-arbre-noel-xm1298-customizable-21076\/bois-22740\/custom\/"}}],"documentation_link":null,"countries_availables":["AD","AE","AL","AT","BA","BD","BE","BG","BL","CA","CH","CN","CO","CY","CZ","DE","DK","DO","EE","EG","ES","ET","FI","FR","GB","GE","GF","GP","GR","GT","HK","HN","HR","HT","HU","ID","IE","IN","IS","IT","JO","JP","KE","KH","KP","KR","LA","LK","LS","LT","LU","LV","MA","MF","MG","MK","MM","MN","MQ","MT","MX","MY","NC","NI","NL","PF","PH","PK","PL","PM","PT","RE","RO","SE","SG","SI","SK","SV","SY","TH","TN","TR","TW","TZ","US","VN","WF","YT"]},"infos_customization":[],"features":{"authorize_multi_surfaces":true,"display_order_delay_type":true,"promote_surface_display":true,"tarification_franco_offert":true,"enabled_3d_editor":false},"markings":[{"id":0,"nom":"vierge","finition":null,"libelle":null,"code":null,"dpi":null,"finesse_forme_isolee":null,"finesse_forme_non_isolee":null,"hauteur_minimale_texte":null,"inactif":0,"marquage_interne":1,"quantite_min":null,"parent_id":null,"print_on_support":0,"content":"vierge","description":null},{"id":2,"nom":"fonce","finition":"optimale","libelle":"TopQuadri","code":null,"dpi":400,"finesse_forme_isolee":"0.040","finesse_forme_non_isolee":"0.700","hauteur_minimale_texte":2,"inactif":0,"marquage_interne":1,"quantite_min":null,"parent_id":18,"print_on_support":0,"content":"TopQuadri","description":"pour petites et moyennes s\u00e9ries"},{"id":3,"nom":"serigraphie","finition":"serigraphie","libelle":"SeriCoat","code":null,"dpi":400,"finesse_forme_isolee":"0.040","finesse_forme_non_isolee":"0.700","hauteur_minimale_texte":2,"inactif":0,"marquage_interne":1,"quantite_min":15,"parent_id":18,"print_on_support":0,"content":"SeriCoat","description":"pour moyennes et grandes s\u00e9ries"},{"id":4,"nom":"broderie","finition":"broderie","libelle":"Broderie","code":null,"dpi":400,"finesse_forme_isolee":"0.040","finesse_forme_non_isolee":"0.700","hauteur_minimale_texte":3,"inactif":0,"marquage_interne":1,"quantite_min":null,"parent_id":null,"print_on_support":0,"content":"Broderie","description":null},{"id":8,"nom":"theme","finition":null,"libelle":"Th\u00e8me","code":null,"dpi":null,"finesse_forme_isolee":null,"finesse_forme_non_isolee":null,"hauteur_minimale_texte":null,"inactif":0,"marquage_interne":1,"quantite_min":null,"parent_id":null,"print_on_support":0,"content":"Th\u00e8me","description":null},{"id":9,"nom":"sans","finition":null,"libelle":null,"code":null,"dpi":null,"finesse_forme_isolee":null,"finesse_forme_non_isolee":null,"hauteur_minimale_texte":null,"inactif":0,"marquage_interne":1,"quantite_min":null,"parent_id":null,"print_on_support":0,"content":"sans","description":null},{"id":10,"nom":"photo","finition":null,"libelle":"Photo","code":null,"dpi":null,"finesse_forme_isolee":null,"finesse_forme_non_isolee":null,"hauteur_minimale_texte":null,"inactif":0,"marquage_interne":1,"quantite_min":null,"parent_id":null,"print_on_support":0,"content":"Photo","description":null},{"id":14,"nom":"couleur","finition":null,"libelle":"Couleur","code":null,"dpi":null,"finesse_forme_isolee":null,"finesse_forme_non_isolee":null,"hauteur_minimale_texte":null,"inactif":0,"marquage_interne":1,"quantite_min":null,"parent_id":null,"print_on_support":0,"content":"Couleur","description":null},{"id":15,"nom":"sublimation","finition":"sublimation","libelle":"Sublimation","code":null,"dpi":null,"finesse_forme_isolee":"0.000","finesse_forme_non_isolee":"0.000","hauteur_minimale_texte":2,"inactif":0,"marquage_interne":1,"quantite_min":null,"parent_id":null,"print_on_support":0,"content":"Sublimation","description":null},{"id":16,"nom":"topquadri_uv","finition":null,"libelle":"TopQuadri UV","code":null,"dpi":null,"finesse_forme_isolee":"0.020","finesse_forme_non_isolee":"0.700","hauteur_minimale_texte":2,"inactif":0,"marquage_interne":1,"quantite_min":null,"parent_id":null,"print_on_support":1,"content":null,"description":null},{"id":17,"nom":"topquadri_uvp","finition":null,"libelle":"TopQuadri UVP","code":null,"dpi":null,"finesse_forme_isolee":"0.020","finesse_forme_non_isolee":"0.700","hauteur_minimale_texte":2,"inactif":0,"marquage_interne":1,"quantite_min":null,"parent_id":null,"print_on_support":1,"content":null,"description":null},{"id":18,"nom":"quadri","finition":null,"libelle":"Impression","code":null,"dpi":null,"finesse_forme_isolee":null,"finesse_forme_non_isolee":null,"hauteur_minimale_texte":null,"inactif":0,"marquage_interne":1,"quantite_min":null,"parent_id":null,"print_on_support":0,"content":null,"description":null}]}}