{"data":{"product":{"id":20863,"titre":"NAMEX","description":"Bo\u00eete de pr\u00e9sentation con\u00e7ue pour les tasses, en carton ondul\u00e9. Dimensions : 12 x 10 ,6 x 9 cm. Composition : carton.","genre":"","grammage":0,"conditionnement":180,"composition":"","reference":"SP1274","reference_visible":"st-sp1274","reference_fabricant":"SP1274","ref_xor":"722746","in_catalog":true,"is_transfer":false,"is_service":false,"on_standby":false,"has_3d":false,"has_size_guide":false,"has_marking":false,"has_vierge":true,"is_cross_sellable":false,"id_picto":0,"filename_3d":null,"brand":{"id":352,"name":"Stamina","logo":"logo-stamina.png","image":"https:\/\/media.th4.com\/XtszMrhN4PSlQT4v0dBJBG2A1qMsj6Ced58O9G8vaL8\/pr:brand70x70\/aHR0cDovL21lZGlhMi5kZXNpZ25wYXJ0bmVyLmZyL2MvbS9sb2dvLXN0YW1pbmEucG5n?v=1691073931"},"price_infos":{"price_from":0.75,"quantity":100,"color":{"id":17591,"name":"blanc"},"size":{"id":42,"name":"taille_unique"}},"price_infos_marking":{"price_from":0,"quantity":0,"size":{"id":0,"name":""},"color":{"id":0,"name":""},"marking":{"id":0,"name":""},"emplacement":"","surface":"","surface_emplacement_id":0},"i18n":{"blank":{"title":{"fr":"Namex Emballage STAMINA st-sp1274","en":"Namex STAMINA Packaging st-sp1274","de":"Namex Verpackung STAMINA st-sp1274","nl":"Namex Verpakking STAMINA st-sp1274","es":"Namex Embalaje STAMINA st-sp1274","it":"Namex Imballaggio STAMINA st-sp1274","sv":"Namex F\u00f6rpackning STAMINA st-sp1274","pt":"Namex Embalagem STAMINA st-sp1274","da":"Namex Emballage STAMINA st-sp1274","pl":"Namex Opakowanie STAMINA st-sp1274"},"description":{"fr":"Le Namex est une bo\u00eete de pr\u00e9sentation pour tasse en carton ondul\u00e9, adapt\u00e9e au rangement et au transport d\u2019une tasse. Dimensions : 12 x 10,6 x 9 cm.\n\n- Composition carton\n- Carton ondul\u00e9\n- 12 x 10,6 x 9 cm\n- Pour tasse","en":"The Namex is a corrugated cardboard presentation box for a mug, suitable for storing and transporting a mug. Dimensions: 12 x 10.6 x 9 cm.\n\n- Cardboard composition\n- Corrugated cardboard\n- 12 x 10.6 x 9 cm\n- For mug","de":"Der Namex ist eine Pr\u00e4sentationsbox f\u00fcr Tasse aus Wellpappe, geeignet zur Aufbewahrung und zum Transport einer Tasse. Ma\u00dfe: 12 x 10,6 x 9 cm.\n\n- Karton-Zusammensetzung\n- Wellpappe\n- 12 x 10,6 x 9 cm\n- F\u00fcr Tasse","nl":"De Namex is een presentatiedoos voor een mok van golfkarton, geschikt voor het opbergen en vervoeren van een mok. Afmetingen: 12 x 10,6 x 9 cm.\n\n- Karton samenstelling\n- Golfkarton\n- 12 x 10,6 x 9 cm\n- Voor mok","es":"El Namex es una caja de presentaci\u00f3n para taza de cart\u00f3n ondulado, adecuada para el almacenamiento y el transporte de una taza. Dimensiones: 12 x 10,6 x 9 cm.\n\n- Composici\u00f3n: cart\u00f3n\n- Cart\u00f3n ondulado\n- 12 x 10,6 x 9 cm\n- Para taza","it":"Il Namex \u00e8 una scatola espositiva per tazza in cartone ondulato, adatta per riporre e trasportare una tazza. Dimensioni: 12 x 10,6 x 9 cm.\n\n- Composizione: cartone\n- Cartone ondulato\n- 12 x 10,6 x 9 cm\n- Per tazza","sv":"Namex \u00e4r en presentationsask f\u00f6r mugg i wellpapp, l\u00e4mplig f\u00f6r f\u00f6rvaring och transport av en mugg. M\u00e5tt: 12 x 10,6 x 9 cm.\n\n- Kartong\n- Wellpapp\n- 12 x 10,6 x 9 cm\n- F\u00f6r mugg","pt":"O Namex \u00e9 uma caixa de apresenta\u00e7\u00e3o para caneca em cart\u00e3o canelado, adequada para arruma\u00e7\u00e3o e transporte de uma caneca. Dimens\u00f5es: 12 x 10,6 x 9 cm.\n\n- Composi\u00e7\u00e3o: cart\u00e3o\n- Cart\u00e3o canelado\n- 12 x 10,6 x 9 cm\n- Para caneca","da":"Namex er en pr\u00e6sentations\u00e6ske til krus i b\u00f8lgepap, velegnet til opbevaring og transport af et krus. M\u00e5l: 12 x 10,6 x 9 cm.\n\n- Karton\n- B\u00f8lgepap\n- 12 x 10,6 x 9 cm\n- Til krus","pl":"Namex to pude\u0142ko prezentacyjne na kubek z tektury falistej, przystosowane do przechowywania i transportu kubka. Wymiary: 12 x 10,6 x 9 cm.\n\n- Sk\u0142ad: tektura\n- Tektura falista\n- 12 x 10,6 x 9 cm\n- Na kubek"},"h1":{"fr":"Namex Emballage st-sp1274","en":"Namex Packaging st-sp1274","de":"Namex Verpackung st-sp1274","nl":"Namex Verpakking st-sp1274","es":"Namex Embalaje st-sp1274","it":"Namex Imballaggio st-sp1274","sv":"Namex F\u00f6rpackning st-sp1274","pt":"Namex Embalagem st-sp1274","da":"Namex Emballage st-sp1274","pl":"Namex Opakowanie st-sp1274"},"meta_description":{"fr":"Bo\u00eete de pr\u00e9sentation en carton ondul\u00e9 pour tasse. Format 12 x 10,6 x 9 cm. Adapt\u00e9e au rangement et au transport d\u2019une tasse au quotidien.","en":"Corrugated cardboard presentation box for a mug. Size 12 x 10.6 x 9 cm. Suitable for everyday storage and transport of a mug.","de":"Pr\u00e4sentationsbox aus Wellpappe f\u00fcr Tasse. Format 12 x 10,6 x 9 cm. Geeignet zur Aufbewahrung und zum t\u00e4glichen Transport einer Tasse.","nl":"Presentatiedoos van golfkarton voor een mok. Formaat 12 x 10,6 x 9 cm. Geschikt voor het opbergen en vervoeren van een mok voor dagelijks gebruik.","es":"Caja de presentaci\u00f3n de cart\u00f3n ondulado para taza. Formato 12 x 10,6 x 9 cm. Adecuada para el almacenamiento y el transporte de una taza a diario.","it":"Scatola espositiva in cartone ondulato per tazza. Formato 12 x 10,6 x 9 cm. Adatta per riporre e trasportare una tazza quotidianamente.","sv":"Presentationsask i wellpapp f\u00f6r mugg. Format 12 x 10,6 x 9 cm. L\u00e4mplig f\u00f6r f\u00f6rvaring och transport av en mugg i vardagen.","pt":"Caixa de apresenta\u00e7\u00e3o em cart\u00e3o canelado para caneca. Formato 12 x 10,6 x 9 cm. Adequada para arruma\u00e7\u00e3o e transporte di\u00e1rio de uma caneca.","da":"Pr\u00e6sentations\u00e6ske i b\u00f8lgepap til krus. Format 12 x 10,6 x 9 cm. Velegnet til opbevaring og transport af et krus i hverdagen.","pl":"Pude\u0142ko prezentacyjne z tektury falistej na kubek. Format 12 x 10,6 x 9 cm. Przystosowane do przechowywania i transportu kubka na co dzie\u0144."}},"custom":{"title":{"fr":"NAMEX emballage carton ondul\u00e9 STAMINA sp1274 personnalisable","en":"NAMEX corrugated cardboard packaging STAMINA sp1274 customizable","de":"NAMEX Wellpappverpackung STAMINA sp1274 anpassbar","nl":"NAMEX golvend kartonnen verpakking STAMINA sp1274 aanpasbaar","es":"NAMEX embalaje de cart\u00f3n ondulado STAMINA sp1274 personalizable","it":"NAMEX imballaggio cartone ondulato STAMINA sp1274 personalizzabile","sv":"NAMEX korrugerad kartongf\u00f6rpackning STAMINA sp1274 anpassningsbar","pt":"NAMEX embalagem em cart\u00e3o ondulado STAMINA sp1274 personaliz\u00e1vel","da":"NAMEX b\u00f8lgepapemballage STAMINA sp1274 tilpasselig","pl":"NAMEX opakowanie z falistego kartonu STAMINA sp1274 do personalizacji"},"description":{"fr":"Le emballage carton ondul\u00e9 NAMEX est con\u00e7u pour contenir des tasses. Il est fabriqu\u00e9 en carton, ce qui assure une structure l\u00e9g\u00e8re et rigide. Sa forme et ses dimensions sont adapt\u00e9es au transport et \u00e0 la pr\u00e9sentation de ce type d'articles.\n\n- Composition carton\n- Dimensions 12 x 10,6 x 9 cm\n- Con\u00e7u pour contenir des tasses\n- Possibilit\u00e9 de personnalisation","en":"The corrugated cardboard packaging NAMEX is designed to hold cups. It is made of cardboard, which ensures a lightweight and rigid structure. Its shape and dimensions are adapted for transport and display of this type of item.\n\n- Cardboard composition\n- Dimensions 12 x 10.6 x 9 cm\n- Designed to hold cups\n- Customization option","de":"Die Wellpappverpackung NAMEX ist zur Aufnahme von Tassen ausgelegt. Sie ist aus Karton gefertigt, was eine leichte und stabile Struktur gew\u00e4hrleistet. Form und Ma\u00dfe sind f\u00fcr den Transport und die Pr\u00e4sentation dieser Artikelart angepasst.\n\n- Kartonzusammensetzung\n- Ma\u00dfe 12 x 10,6 x 9 cm\n- Zum Aufnehmen von Tassen ausgelegt\n- Personalisierungsm\u00f6glichkeit","nl":"De golvende kartonnen verpakking NAMEX is ontworpen om bekers te bevatten. Het is gemaakt van karton, wat een lichte en stijve structuur garandeert. De vorm en afmetingen zijn aangepast voor transport en presentatie van dit soort artikelen.\n\n- Kartonsamenstelling\n- Afmetingen 12 x 10,6 x 9 cm\n- Ontworpen om bekers te bevatten\n- Mogelijkheid tot aanpassing","es":"El embalaje de cart\u00f3n ondulado NAMEX est\u00e1 dise\u00f1ado para contener tazas. Est\u00e1 fabricado en cart\u00f3n, lo que asegura una estructura ligera y r\u00edgida. Su forma y dimensiones son adecuadas para el transporte y la presentaci\u00f3n de este tipo de art\u00edculos.\n\n- Composici\u00f3n cart\u00f3n\n- Dimensiones 12 x 10,6 x 9 cm\n- Dise\u00f1ado para contener tazas\n- Posibilidad de personalizaci\u00f3n","it":"L'imballaggio cartone ondulato NAMEX \u00e8 progettato per contenere tazze. \u00c8 realizzato in cartone, che garantisce una struttura leggera e rigida. La sua forma e dimensioni sono adatte per il trasporto e la presentazione di questo tipo di articoli.\n\n- Composizione cartone\n- Dimensioni 12 x 10,6 x 9 cm\n- Progettato per contenere tazze\n- Possibilit\u00e0 di personalizzazione","sv":"Den korrugerade kartongf\u00f6rpackningen NAMEX \u00e4r avsedd f\u00f6r att inneh\u00e5lla koppar. Den \u00e4r tillverkad av kartong vilket s\u00e4kerst\u00e4ller en l\u00e4tt och styv struktur. Dess form och m\u00e5tt \u00e4r anpassade f\u00f6r transport och presentation av denna typ av f\u00f6rem\u00e5l.\n\n- Kartongsammans\u00e4ttning\n- M\u00e5tt 12 x 10,6 x 9 cm\n- Avsedd f\u00f6r att inneh\u00e5lla koppar\n- M\u00f6jlighet till anpassning","pt":"A embalagem em cart\u00e3o ondulado NAMEX \u00e9 destinada a conter canecas. \u00c9 fabricada em cart\u00e3o, assegurando uma estrutura leve e r\u00edgida. Sua forma e suas dimens\u00f5es s\u00e3o adequadas para transporte e apresenta\u00e7\u00e3o deste tipo de artigos.\n\n- Composi\u00e7\u00e3o cart\u00e3o\n- Dimens\u00f5es 12 x 10,6 x 9 cm\n- Destinada a conter canecas\n- Possibilidade de personaliza\u00e7\u00e3o","da":"B\u00f8lgepapemballagen NAMEX er designet til at indeholde kopper. Den er fremstillet i pap, hvilket sikrer en let og fast struktur. Dens form og dimensioner er tilpasset til transport og pr\u00e6sentation af denne type genstande.\n\n- Sammans\u00e6tning pap\n- Dimensioner 12 x 10,6 x 9 cm\n- Designet til at indeholde kopper\n- Mulighed for tilpasning","pl":"Opakowanie z falistego kartonu NAMEX zosta\u0142o zaprojektowane do przechowywania fili\u017canek. Wykonane jest z kartonu, co zapewnia lekk\u0105 i sztywn\u0105 konstrukcj\u0119. Jego kszta\u0142t i wymiary s\u0105 dostosowane do transportu i prezentacji tego rodzaju artyku\u0142\u00f3w.\n\n- Sk\u0142ad karton\n- Wymiary 12 x 10,6 x 9 cm\n- Zaprojektowane do przechowywania fili\u017canek\n- Mo\u017cliwo\u015b\u0107 personalizacji"},"h1":{"fr":"NAMEX emballage carton ondul\u00e9 sp1274 personnalisable","en":"NAMEX corrugated cardboard packaging sp1274 customizable","de":"NAMEX Wellpappverpackung sp1274 anpassbar","nl":"NAMEX golvend kartonnen verpakking sp1274 aanpasbaar","es":"NAMEX embalaje de cart\u00f3n ondulado sp1274 personalizable","it":"NAMEX imballaggio cartone ondulato sp1274 personalizzabile","sv":"NAMEX korrugerad kartongf\u00f6rpackning sp1274 anpassningsbar","pt":"NAMEX embalagem em cart\u00e3o ondulado sp1274 personaliz\u00e1vel","da":"NAMEX b\u00f8lgepapemballage sp1274 tilpasselig","pl":"NAMEX opakowanie z falistego kartonu sp1274 do personalizacji"},"meta_description":{"fr":"Bo\u00eete en carton ondul\u00e9 con\u00e7ue pour contenir des tasses, dimensions 12 x 10,6 x 9 cm, avec possibilit\u00e9 de personnalisation.","en":"Corrugated cardboard box designed to hold cups, dimensions 12 x 10.6 x 9 cm, with customization option.","de":"Wellpappbox zur Aufnahme von Tassen, Ma\u00dfe 12 x 10,6 x 9 cm, mit Personalisierungsm\u00f6glichkeit.","nl":"Golfkartonnen doos ontworpen om bekers te bevatten, afmetingen 12 x 10,6 x 9 cm, met mogelijkheid tot aanpassing.","es":"Caja de cart\u00f3n ondulado dise\u00f1ada para contener tazas, dimensiones 12 x 10,6 x 9 cm, con posibilidad de personalizaci\u00f3n.","it":"Scatola in cartone ondulato progettata per contenere tazze, dimensioni 12 x 10,6 x 9 cm, con possibilit\u00e0 di personalizzazione.","sv":"Korrugerad kartongl\u00e5da avsedd f\u00f6r att inneh\u00e5lla koppar, m\u00e5tt 12 x 10,6 x 9 cm, med m\u00f6jlighet till anpassning.","pt":"Caixa em cart\u00e3o ondulado projetada para conter canecas, dimens\u00f5es 12 x 10,6 x 9 cm, com possibilidade de personaliza\u00e7\u00e3o.","da":"B\u00f8lgepap\u00e6ske designet til at indeholde kopper, dimensioner 12 x 10,6 x 9 cm, med mulighed for tilpasning.","pl":"Pude\u0142ko z falistego kartonu zaprojektowane do przechowywania fili\u017canek, wymiary 12 x 10,6 x 9 cm, z mo\u017cliwo\u015bci\u0105 personalizacji."}}},"categories":[{"id":574,"name":"Emballages","singular":"Emballage","is_feminin":false},{"id":431,"name":"Objets","singular":"Objet publicitaire","is_feminin":false}],"certifications":[],"videos":{"fr":[],"en":[],"de":[],"nl":[],"es":[],"it":[],"sv":[],"pt":[],"da":[],"pl":[]},"main_images":{"miniature":"https:\/\/media.th4.com\/Vh0ZxvoTjgF1bPH06KMM_-B7Hgn295YsJla6r8F0rLM\/pr:80\/aHR0cDovL21lZGlhMi5kZXNpZ25wYXJ0bmVyLmZyL2MvcC1ibGFuay1USC8yMDg2My53ZWJw?v=1759311711","medium":"https:\/\/media.th4.com\/NhQi_8tM6oDhBGyjm9hEk6ejQyJX9lafy2pdru6ktwU\/pr:550x550greybg\/aHR0cDovL21lZGlhMi5kZXNpZ25wYXJ0bmVyLmZyL2MvcC1ibGFuay1USC8yMDg2My53ZWJw?v=1759311711","medium_large":"https:\/\/media.th4.com\/2qnXYrsbIbyFqSctqQ_D949gqXoeJuPDmoS32Uwrr58\/pr:1000x1000greybg\/aHR0cDovL21lZGlhMi5kZXNpZ25wYXJ0bmVyLmZyL2MvcC1ibGFuay1USC8yMDg2My53ZWJw?v=1759311711","large":"https:\/\/media.th4.com\/3EqUkQFtasEnyRYq0fbT7qh9l3Lr-8y48Bj-g9wbVRE\/pr:1920greybg\/aHR0cDovL21lZGlhMi5kZXNpZ25wYXJ0bmVyLmZyL2MvcC1ibGFuay1USC8yMDg2My53ZWJw?v=1759311711","opengraph":"https:\/\/media.th4.com\/-pEmPaUElgcqbiVHwlaS3pTd4am7puHau96mVVHkma4\/pr:1200x630greybg\/aHR0cDovL21lZGlhMi5kZXNpZ25wYXJ0bmVyLmZyL2MvcC1ibGFuay1USC8yMDg2My53ZWJw?v=1759311711"},"main_images_customization":{"miniature":"https:\/\/media.th4.com\/Vh0ZxvoTjgF1bPH06KMM_-B7Hgn295YsJla6r8F0rLM\/pr:80\/aHR0cDovL21lZGlhMi5kZXNpZ25wYXJ0bmVyLmZyL2MvcC1ibGFuay1USC8yMDg2My53ZWJw?v=1759311711","medium":"https:\/\/media.th4.com\/NhQi_8tM6oDhBGyjm9hEk6ejQyJX9lafy2pdru6ktwU\/pr:550x550greybg\/aHR0cDovL21lZGlhMi5kZXNpZ25wYXJ0bmVyLmZyL2MvcC1ibGFuay1USC8yMDg2My53ZWJw?v=1759311711","medium_large":"https:\/\/media.th4.com\/2qnXYrsbIbyFqSctqQ_D949gqXoeJuPDmoS32Uwrr58\/pr:1000x1000greybg\/aHR0cDovL21lZGlhMi5kZXNpZ25wYXJ0bmVyLmZyL2MvcC1ibGFuay1USC8yMDg2My53ZWJw?v=1759311711","large":"https:\/\/media.th4.com\/3EqUkQFtasEnyRYq0fbT7qh9l3Lr-8y48Bj-g9wbVRE\/pr:1920greybg\/aHR0cDovL21lZGlhMi5kZXNpZ25wYXJ0bmVyLmZyL2MvcC1ibGFuay1USC8yMDg2My53ZWJw?v=1759311711","opengraph":"https:\/\/media.th4.com\/-pEmPaUElgcqbiVHwlaS3pTd4am7puHau96mVVHkma4\/pr:1200x630greybg\/aHR0cDovL21lZGlhMi5kZXNpZ25wYXJ0bmVyLmZyL2MvcC1ibGFuay1USC8yMDg2My53ZWJw?v=1759311711"},"page_links":{"fr":"\/fr\/p-st-sp1274-namex-emballage-st-sp1274-20863\/","en":"\/en\/p-st-sp1274-namex-packaging-st-sp1274-20863\/","de":"\/de\/p-st-sp1274-namex-verpackung-st-sp1274-20863\/","nl":"\/nl\/p-st-sp1274-namex-verpakking-st-sp1274-20863\/","es":"\/es\/p-st-sp1274-namex-embalaje-st-sp1274-20863\/","it":"\/it\/p-st-sp1274-namex-imballaggio-st-sp1274-20863\/","sv":"\/sv\/p-st-sp1274-namex-forpackning-st-sp1274-20863\/","pt":"\/pt\/p-st-sp1274-namex-embalagem-st-sp1274-20863\/","da":"\/da\/p-st-sp1274-namex-emballage-st-sp1274-20863\/","pl":"\/pl\/p-st-sp1274-namex-opakowanie-st-sp1274-20863\/"},"page_links_customization":{"fr":"\/fr\/p-st-sp1274-namex-emballage-carton-ondule-sp1274-personnalisable-20863\/custom\/","en":"\/en\/p-st-sp1274-namex-corrugated-cardboard-packaging-sp1274-customizable-20863\/custom\/","de":"\/de\/p-st-sp1274-namex-wellpappverpackung-sp1274-anpassbar-20863\/custom\/","nl":"\/nl\/p-st-sp1274-namex-golvend-kartonnen-verpakking-sp1274-aanpasbaar-20863\/custom\/","es":"\/es\/p-st-sp1274-namex-embalaje-de-carton-ondulado-sp1274-personalizable-20863\/custom\/","it":"\/it\/p-st-sp1274-namex-imballaggio-cartone-ondulato-sp1274-personalizzabile-20863\/custom\/","sv":"\/sv\/p-st-sp1274-namex-korrugerad-kartongforpackning-sp1274-anpassningsbar-20863\/custom\/","pt":"\/pt\/p-st-sp1274-namex-embalagem-em-cartao-ondulado-sp1274-personalizavel-20863\/custom\/","da":"\/da\/p-st-sp1274-namex-bolgepapemballage-sp1274-tilpasselig-20863\/custom\/","pl":"\/pl\/p-st-sp1274-namex-opakowanie-z-falistego-kartonu-sp1274-do-personalizacji-20863\/custom\/"},"equivalent_products":[],"colors":[{"id":17591,"name":"blanc","class_ids":[1],"codes_hexa":["ffffff"],"delai_24":false,"has_3d":false,"seuil_global":0,"stock_local":0,"stock_global":496,"on_standby":false,"in_catalog":true,"images":{"miniature":["https:\/\/media.th4.com\/0BhZme0jEo50Y5P_U_d0IUqT2Y9tdG-X1azRU7meurE\/pr:80\/aHR0cDovL21lZGlhMi5kZXNpZ25wYXJ0bmVyLmZyL2MvcC8yMDg2My8yMDg2My0xNzU5MS0xLndlYnA?v=1759310174","https:\/\/media.th4.com\/GamMzrEoMv9ZNU66WRYOLntk8zwp9m8yeu8PBJLeD8k\/pr:80\/aHR0cDovL21lZGlhMi5kZXNpZ25wYXJ0bmVyLmZyL2MvcC8yMDg2My8yMDg2My0xNzU5MS0xMC53ZWJw?v=1759310175","https:\/\/media.th4.com\/4-7ycaUrMvIAkFIjXmC_8MrB3wTNkQ89rtASHcclhlQ\/pr:80\/aHR0cDovL21lZGlhMi5kZXNpZ25wYXJ0bmVyLmZyL2MvcC8yMDg2My8yMDg2My0xNzU5MS00LndlYnA?v=1759310175"],"medium":["https:\/\/media.th4.com\/MVwc_p6DrvvIqRiLFOQjAGf6S0qFvMoHLM_ASmWMyDU\/pr:550x550\/aHR0cDovL21lZGlhMi5kZXNpZ25wYXJ0bmVyLmZyL2MvcC8yMDg2My8yMDg2My0xNzU5MS0xLndlYnA?v=1759310174","https:\/\/media.th4.com\/ThFpx590-oDEbgRgGrt8Ga--c_W04vfwdF-ITNAfKL4\/pr:550x550\/aHR0cDovL21lZGlhMi5kZXNpZ25wYXJ0bmVyLmZyL2MvcC8yMDg2My8yMDg2My0xNzU5MS0xMC53ZWJw?v=1759310175","https:\/\/media.th4.com\/rcyZYrRCft55bUmqrhc2Ti1ZoP-BWtWh6nf4ZD7kSlg\/pr:550x550\/aHR0cDovL21lZGlhMi5kZXNpZ25wYXJ0bmVyLmZyL2MvcC8yMDg2My8yMDg2My0xNzU5MS00LndlYnA?v=1759310175"],"medium_large":["https:\/\/media.th4.com\/R_ywg0fcJM__TLzR0mZXK0MAtEtqzw6MwNF7GwMZtRQ\/pr:1000x1000\/aHR0cDovL21lZGlhMi5kZXNpZ25wYXJ0bmVyLmZyL2MvcC8yMDg2My8yMDg2My0xNzU5MS0xLndlYnA?v=1759310174","https:\/\/media.th4.com\/Vobhrdqi2gRfeH3UCfpLXpkVc7N8Go2yPcPOiwiW3q0\/pr:1000x1000\/aHR0cDovL21lZGlhMi5kZXNpZ25wYXJ0bmVyLmZyL2MvcC8yMDg2My8yMDg2My0xNzU5MS0xMC53ZWJw?v=1759310175","https:\/\/media.th4.com\/l03LNfeeWlSE9SLpjtv8f2fIa0R-IRJzidll7NoFCYE\/pr:1000x1000\/aHR0cDovL21lZGlhMi5kZXNpZ25wYXJ0bmVyLmZyL2MvcC8yMDg2My8yMDg2My0xNzU5MS00LndlYnA?v=1759310175"],"large":["https:\/\/media.th4.com\/bHCbwmwbQndVW9Rx98V3sIfOkqySB3aMChq0zuS0Mpo\/pr:1920\/aHR0cDovL21lZGlhMi5kZXNpZ25wYXJ0bmVyLmZyL2MvcC8yMDg2My8yMDg2My0xNzU5MS0xLndlYnA?v=1759310174","https:\/\/media.th4.com\/1-abu4XE3fO167XjTJDmsDbjXsrmqnCwEF2v92LX3fg\/pr:1920\/aHR0cDovL21lZGlhMi5kZXNpZ25wYXJ0bmVyLmZyL2MvcC8yMDg2My8yMDg2My0xNzU5MS0xMC53ZWJw?v=1759310175","https:\/\/media.th4.com\/kZrAlAMILDOemswtAPzaeIrynFGVmml5NbLi-USn4lo\/pr:1920\/aHR0cDovL21lZGlhMi5kZXNpZ25wYXJ0bmVyLmZyL2MvcC8yMDg2My8yMDg2My0xNzU5MS00LndlYnA?v=1759310175"],"opengraph":["https:\/\/media.th4.com\/NFwfvQrmhvSzrbVvsAe62xozoXRhzBJrdb4iBmJ7NBc\/pr:1200x630\/aHR0cDovL21lZGlhMi5kZXNpZ25wYXJ0bmVyLmZyL2MvcC8yMDg2My8yMDg2My0xNzU5MS0xLndlYnA?v=1759310174","https:\/\/media.th4.com\/3mjAzknENnxrJFGp6qdgVpInzA0YRm6_j8JJer7MawQ\/pr:1200x630\/aHR0cDovL21lZGlhMi5kZXNpZ25wYXJ0bmVyLmZyL2MvcC8yMDg2My8yMDg2My0xNzU5MS0xMC53ZWJw?v=1759310175","https:\/\/media.th4.com\/ojpPaLkktX6JST7bNs_M2HVU-h2BcBeod-2mHMIvMrA\/pr:1200x630\/aHR0cDovL21lZGlhMi5kZXNpZ25wYXJ0bmVyLmZyL2MvcC8yMDg2My8yMDg2My0xNzU5MS00LndlYnA?v=1759310175"]},"images_customization":{"miniature":["https:\/\/media.th4.com\/0BhZme0jEo50Y5P_U_d0IUqT2Y9tdG-X1azRU7meurE\/pr:80\/aHR0cDovL21lZGlhMi5kZXNpZ25wYXJ0bmVyLmZyL2MvcC8yMDg2My8yMDg2My0xNzU5MS0xLndlYnA?v=1759310174","https:\/\/media.th4.com\/GamMzrEoMv9ZNU66WRYOLntk8zwp9m8yeu8PBJLeD8k\/pr:80\/aHR0cDovL21lZGlhMi5kZXNpZ25wYXJ0bmVyLmZyL2MvcC8yMDg2My8yMDg2My0xNzU5MS0xMC53ZWJw?v=1759310175","https:\/\/media.th4.com\/4-7ycaUrMvIAkFIjXmC_8MrB3wTNkQ89rtASHcclhlQ\/pr:80\/aHR0cDovL21lZGlhMi5kZXNpZ25wYXJ0bmVyLmZyL2MvcC8yMDg2My8yMDg2My0xNzU5MS00LndlYnA?v=1759310175"],"medium":["https:\/\/media.th4.com\/MVwc_p6DrvvIqRiLFOQjAGf6S0qFvMoHLM_ASmWMyDU\/pr:550x550\/aHR0cDovL21lZGlhMi5kZXNpZ25wYXJ0bmVyLmZyL2MvcC8yMDg2My8yMDg2My0xNzU5MS0xLndlYnA?v=1759310174","https:\/\/media.th4.com\/ThFpx590-oDEbgRgGrt8Ga--c_W04vfwdF-ITNAfKL4\/pr:550x550\/aHR0cDovL21lZGlhMi5kZXNpZ25wYXJ0bmVyLmZyL2MvcC8yMDg2My8yMDg2My0xNzU5MS0xMC53ZWJw?v=1759310175","https:\/\/media.th4.com\/rcyZYrRCft55bUmqrhc2Ti1ZoP-BWtWh6nf4ZD7kSlg\/pr:550x550\/aHR0cDovL21lZGlhMi5kZXNpZ25wYXJ0bmVyLmZyL2MvcC8yMDg2My8yMDg2My0xNzU5MS00LndlYnA?v=1759310175"],"medium_large":["https:\/\/media.th4.com\/R_ywg0fcJM__TLzR0mZXK0MAtEtqzw6MwNF7GwMZtRQ\/pr:1000x1000\/aHR0cDovL21lZGlhMi5kZXNpZ25wYXJ0bmVyLmZyL2MvcC8yMDg2My8yMDg2My0xNzU5MS0xLndlYnA?v=1759310174","https:\/\/media.th4.com\/Vobhrdqi2gRfeH3UCfpLXpkVc7N8Go2yPcPOiwiW3q0\/pr:1000x1000\/aHR0cDovL21lZGlhMi5kZXNpZ25wYXJ0bmVyLmZyL2MvcC8yMDg2My8yMDg2My0xNzU5MS0xMC53ZWJw?v=1759310175","https:\/\/media.th4.com\/l03LNfeeWlSE9SLpjtv8f2fIa0R-IRJzidll7NoFCYE\/pr:1000x1000\/aHR0cDovL21lZGlhMi5kZXNpZ25wYXJ0bmVyLmZyL2MvcC8yMDg2My8yMDg2My0xNzU5MS00LndlYnA?v=1759310175"],"large":["https:\/\/media.th4.com\/bHCbwmwbQndVW9Rx98V3sIfOkqySB3aMChq0zuS0Mpo\/pr:1920\/aHR0cDovL21lZGlhMi5kZXNpZ25wYXJ0bmVyLmZyL2MvcC8yMDg2My8yMDg2My0xNzU5MS0xLndlYnA?v=1759310174","https:\/\/media.th4.com\/1-abu4XE3fO167XjTJDmsDbjXsrmqnCwEF2v92LX3fg\/pr:1920\/aHR0cDovL21lZGlhMi5kZXNpZ25wYXJ0bmVyLmZyL2MvcC8yMDg2My8yMDg2My0xNzU5MS0xMC53ZWJw?v=1759310175","https:\/\/media.th4.com\/kZrAlAMILDOemswtAPzaeIrynFGVmml5NbLi-USn4lo\/pr:1920\/aHR0cDovL21lZGlhMi5kZXNpZ25wYXJ0bmVyLmZyL2MvcC8yMDg2My8yMDg2My0xNzU5MS00LndlYnA?v=1759310175"],"opengraph":["https:\/\/media.th4.com\/NFwfvQrmhvSzrbVvsAe62xozoXRhzBJrdb4iBmJ7NBc\/pr:1200x630\/aHR0cDovL21lZGlhMi5kZXNpZ25wYXJ0bmVyLmZyL2MvcC8yMDg2My8yMDg2My0xNzU5MS0xLndlYnA?v=1759310174","https:\/\/media.th4.com\/3mjAzknENnxrJFGp6qdgVpInzA0YRm6_j8JJer7MawQ\/pr:1200x630\/aHR0cDovL21lZGlhMi5kZXNpZ25wYXJ0bmVyLmZyL2MvcC8yMDg2My8yMDg2My0xNzU5MS0xMC53ZWJw?v=1759310175","https:\/\/media.th4.com\/ojpPaLkktX6JST7bNs_M2HVU-h2BcBeod-2mHMIvMrA\/pr:1200x630\/aHR0cDovL21lZGlhMi5kZXNpZ25wYXJ0bmVyLmZyL2MvcC8yMDg2My8yMDg2My0xNzU5MS00LndlYnA?v=1759310175"]},"country_origin":"ES","traceability":{"manufacturing_country_id":null,"weaving_country_id":null,"dyeing_country_id":null},"sizes":[{"id":42,"article_id":514638,"class_id":19,"name":"taille_unique","on_standby":false,"stock_local":0,"stock_global":496,"multiple":20,"estimated_date_reassort":null,"is_destocking":false}],"page_links":{"fr":"\/fr\/p-st-sp1274-namex-emballage-st-sp1274-20863\/blanc-17591\/","en":"\/en\/p-st-sp1274-namex-packaging-st-sp1274-20863\/blanc-17591\/","de":"\/de\/p-st-sp1274-namex-verpackung-st-sp1274-20863\/blanc-17591\/","nl":"\/nl\/p-st-sp1274-namex-verpakking-st-sp1274-20863\/blanc-17591\/","es":"\/es\/p-st-sp1274-namex-embalaje-st-sp1274-20863\/blanc-17591\/","it":"\/it\/p-st-sp1274-namex-imballaggio-st-sp1274-20863\/blanc-17591\/","sv":"\/sv\/p-st-sp1274-namex-forpackning-st-sp1274-20863\/blanc-17591\/","pt":"\/pt\/p-st-sp1274-namex-embalagem-st-sp1274-20863\/blanc-17591\/","da":"\/da\/p-st-sp1274-namex-emballage-st-sp1274-20863\/blanc-17591\/","pl":"\/pl\/p-st-sp1274-namex-opakowanie-st-sp1274-20863\/blanc-17591\/"},"page_links_customization":{"fr":"\/fr\/p-st-sp1274-namex-emballage-carton-ondule-sp1274-personnalisable-20863\/blanc-17591\/custom\/","en":"\/en\/p-st-sp1274-namex-corrugated-cardboard-packaging-sp1274-customizable-20863\/blanc-17591\/custom\/","de":"\/de\/p-st-sp1274-namex-wellpappverpackung-sp1274-anpassbar-20863\/blanc-17591\/custom\/","nl":"\/nl\/p-st-sp1274-namex-golvend-kartonnen-verpakking-sp1274-aanpasbaar-20863\/blanc-17591\/custom\/","es":"\/es\/p-st-sp1274-namex-embalaje-de-carton-ondulado-sp1274-personalizable-20863\/blanc-17591\/custom\/","it":"\/it\/p-st-sp1274-namex-imballaggio-cartone-ondulato-sp1274-personalizzabile-20863\/blanc-17591\/custom\/","sv":"\/sv\/p-st-sp1274-namex-korrugerad-kartongforpackning-sp1274-anpassningsbar-20863\/blanc-17591\/custom\/","pt":"\/pt\/p-st-sp1274-namex-embalagem-em-cartao-ondulado-sp1274-personalizavel-20863\/blanc-17591\/custom\/","da":"\/da\/p-st-sp1274-namex-bolgepapemballage-sp1274-tilpasselig-20863\/blanc-17591\/custom\/","pl":"\/pl\/p-st-sp1274-namex-opakowanie-z-falistego-kartonu-sp1274-do-personalizacji-20863\/blanc-17591\/custom\/"}}],"documentation_link":"\/pdf\/20863.pdf","countries_availables":["AD","AE","AL","AT","BA","BD","BE","BG","BL","CA","CH","CN","CO","CY","CZ","DE","DK","DO","EE","EG","ES","ET","FI","FR","GB","GE","GF","GP","GR","GT","HK","HN","HR","HT","HU","ID","IE","IN","IS","IT","JO","JP","KE","KH","KP","KR","LA","LK","LS","LT","LU","LV","MA","MF","MG","MK","MM","MN","MQ","MT","MX","MY","NC","NI","NL","PF","PH","PK","PL","PM","PT","RE","RO","SE","SG","SI","SK","SV","SY","TH","TN","TR","TW","TZ","US","VN","WF","YT"]},"infos_customization":[],"features":{"authorize_multi_surfaces":true,"display_order_delay_type":true,"promote_surface_display":true,"tarification_franco_offert":true,"enabled_3d_editor":false},"markings":[{"id":0,"nom":"vierge","finition":null,"libelle":null,"code":null,"dpi":null,"finesse_forme_isolee":null,"finesse_forme_non_isolee":null,"hauteur_minimale_texte":null,"inactif":0,"marquage_interne":1,"quantite_min":null,"parent_id":null,"print_on_support":0,"content":"vierge","description":null},{"id":2,"nom":"fonce","finition":"optimale","libelle":"TopQuadri","code":null,"dpi":400,"finesse_forme_isolee":"0.040","finesse_forme_non_isolee":"0.700","hauteur_minimale_texte":2,"inactif":0,"marquage_interne":1,"quantite_min":null,"parent_id":18,"print_on_support":0,"content":"TopQuadri","description":"pour petites et moyennes s\u00e9ries"},{"id":3,"nom":"serigraphie","finition":"serigraphie","libelle":"SeriCoat","code":null,"dpi":400,"finesse_forme_isolee":"0.040","finesse_forme_non_isolee":"0.700","hauteur_minimale_texte":2,"inactif":0,"marquage_interne":1,"quantite_min":15,"parent_id":18,"print_on_support":0,"content":"SeriCoat","description":"pour moyennes et grandes s\u00e9ries"},{"id":4,"nom":"broderie","finition":"broderie","libelle":"Broderie","code":null,"dpi":400,"finesse_forme_isolee":"0.040","finesse_forme_non_isolee":"0.700","hauteur_minimale_texte":3,"inactif":0,"marquage_interne":1,"quantite_min":null,"parent_id":null,"print_on_support":0,"content":"Broderie","description":null},{"id":8,"nom":"theme","finition":null,"libelle":"Th\u00e8me","code":null,"dpi":null,"finesse_forme_isolee":null,"finesse_forme_non_isolee":null,"hauteur_minimale_texte":null,"inactif":0,"marquage_interne":1,"quantite_min":null,"parent_id":null,"print_on_support":0,"content":"Th\u00e8me","description":null},{"id":9,"nom":"sans","finition":null,"libelle":null,"code":null,"dpi":null,"finesse_forme_isolee":null,"finesse_forme_non_isolee":null,"hauteur_minimale_texte":null,"inactif":0,"marquage_interne":1,"quantite_min":null,"parent_id":null,"print_on_support":0,"content":"sans","description":null},{"id":10,"nom":"photo","finition":null,"libelle":"Photo","code":null,"dpi":null,"finesse_forme_isolee":null,"finesse_forme_non_isolee":null,"hauteur_minimale_texte":null,"inactif":0,"marquage_interne":1,"quantite_min":null,"parent_id":null,"print_on_support":0,"content":"Photo","description":null},{"id":14,"nom":"couleur","finition":null,"libelle":"Couleur","code":null,"dpi":null,"finesse_forme_isolee":null,"finesse_forme_non_isolee":null,"hauteur_minimale_texte":null,"inactif":0,"marquage_interne":1,"quantite_min":null,"parent_id":null,"print_on_support":0,"content":"Couleur","description":null},{"id":15,"nom":"sublimation","finition":"sublimation","libelle":"Sublimation","code":null,"dpi":null,"finesse_forme_isolee":"0.000","finesse_forme_non_isolee":"0.000","hauteur_minimale_texte":2,"inactif":0,"marquage_interne":1,"quantite_min":null,"parent_id":null,"print_on_support":0,"content":"Sublimation","description":null},{"id":16,"nom":"topquadri_uv","finition":null,"libelle":"TopQuadri UV","code":null,"dpi":null,"finesse_forme_isolee":"0.020","finesse_forme_non_isolee":"0.700","hauteur_minimale_texte":2,"inactif":0,"marquage_interne":1,"quantite_min":null,"parent_id":null,"print_on_support":1,"content":null,"description":null},{"id":17,"nom":"topquadri_uvp","finition":null,"libelle":"TopQuadri UVP","code":null,"dpi":null,"finesse_forme_isolee":"0.020","finesse_forme_non_isolee":"0.700","hauteur_minimale_texte":2,"inactif":0,"marquage_interne":1,"quantite_min":null,"parent_id":null,"print_on_support":1,"content":null,"description":null},{"id":18,"nom":"quadri","finition":null,"libelle":"Impression","code":null,"dpi":null,"finesse_forme_isolee":null,"finesse_forme_non_isolee":null,"hauteur_minimale_texte":null,"inactif":0,"marquage_interne":1,"quantite_min":null,"parent_id":null,"print_on_support":0,"content":null,"description":null}]}}