{"data":{"product":{"id":20803,"titre":"DALIC","description":"Dossard de sport en polyester 190 T. Bandes \u00e9lastiques lat\u00e9rales avec fermeture par bande auto agrippante. Dimensions : 63 x 52 cm. Composition : polyester.","genre":"","grammage":0,"conditionnement":300,"composition":"polyester,polyester_uniquement","reference":"PT9322","reference_visible":"st-pt9322","reference_fabricant":"PT9322","ref_xor":"722694","in_catalog":true,"is_transfer":false,"is_service":false,"on_standby":false,"has_3d":false,"has_size_guide":false,"has_marking":true,"has_vierge":true,"is_cross_sellable":false,"id_picto":158,"filename_3d":null,"brand":{"id":352,"name":"Stamina","logo":"logo-stamina.png","image":"https:\/\/media.th4.com\/XtszMrhN4PSlQT4v0dBJBG2A1qMsj6Ced58O9G8vaL8\/pr:brand70x70\/aHR0cDovL21lZGlhMi5kZXNpZ25wYXJ0bmVyLmZyL2MvbS9sb2dvLXN0YW1pbmEucG5n?v=1691073931"},"price_infos":{"price_from":2.7,"quantity":100,"color":{"id":17592,"name":"jaune"},"size":{"id":42,"name":"taille_unique"}},"price_infos_marking":{"price_from":4.92,"quantity":350,"color":{"id":17592,"name":"jaune"},"size":{"id":42,"name":"taille_unique"},"marking":{"id":2,"name":""},"emplacement":"avant","surface_emplacement_id":1,"surface":"coeur"},"i18n":{"blank":{"title":{"fr":"DALIC Chasuble STAMINA pt9322","en":"DALIC STAMINA Training bib pt9322","de":"DALIC Trainingsleibchen STAMINA pt9322","nl":"DALIC Sporthesje STAMINA pt9322","es":"DALIC Petos STAMINA pt9322","it":"DALIC Pettorina STAMINA pt9322","sv":"DALIC Sportv\u00e4st STAMINA pt9322","pt":"DALIC Colete STAMINA pt9322","da":"DALIC Tr\u00e6ningsvest STAMINA pt9322","pl":"DALIC Narzutka STAMINA pt9322"},"description":{"fr":"Le DALIC est une chasuble de sport en polyester 190 T, avec bandes \u00e9lastiques lat\u00e9rales et fermeture par bande auto agrippante. Dimensions : 63 x 52 cm.\n\n- Composition : polyester\n- Tissu : 190 T\n- Dimensions : 63 x 52 cm\n- Fermeture : auto agrippante","en":"The DALIC is a sports training bib in polyester, with side elastic bands and hook-and-loop strap closure. Size: 63 x 52 cm.\n\n- Composition: polyester\n- Fabric: 190 T\n- Size: 63 x 52 cm\n- Closure: hook-and-loop","de":"Das DALIC ist ein Trainingsleibchen aus Polyester 190 T, mit seitlichen elastischen B\u00e4ndern und Verschluss mit Klettband. Ma\u00dfe: 63 x 52 cm.\n\n- Material: Polyester\n- Gewebe: 190 T\n- Ma\u00dfe: 63 x 52 cm\n- Verschluss: Klettband","nl":"De DALIC is een sporthesje van polyester 190 T, met elastische zijbanden en sluiting met klittenband. Afmetingen: 63 x 52 cm.\n\n- Samenstelling: polyester\n- Stof: 190 T\n- Afmetingen: 63 x 52 cm\n- Sluiting: klittenband","es":"El DALIC es un peto deportivo en poli\u00e9ster 190 T, con bandas el\u00e1sticas laterales y cierre mediante banda autoadherente. Dimensiones: 63 x 52 cm.\n\n- Composici\u00f3n: poli\u00e9ster\n- Tejido: 190 T\n- Dimensiones: 63 x 52 cm\n- Cierre: autoadherente","it":"Il DALIC \u00e8 una pettorina sportiva in poliestere 190 T, con bande elastiche laterali e chiusura con fascia a strappo. Dimensioni: 63 x 52 cm.\n\n- Composizione: poliestere\n- Tessuto: 190 T\n- Dimensioni: 63 x 52 cm\n- Chiusura: a strappo","sv":"DALIC \u00e4r en sportv\u00e4st i polyester 190 T, med elastiska sidoband och st\u00e4ngning med kardborreband. M\u00e5tt: 63 x 52 cm.\n\n- Sammans\u00e4ttning: polyester\n- Tyg: 190 T\n- M\u00e5tt: 63 x 52 cm\n- St\u00e4ngning: kardborreband","pt":"O DALIC \u00e9 um colete desportivo em poli\u00e9ster 190 T, com bandas el\u00e1sticas laterais e fecho por fita autoaderente. Dimens\u00f5es: 63 x 52 cm.\n\n- Composi\u00e7\u00e3o: poli\u00e9ster\n- Tecido: 190 T\n- Dimens\u00f5es: 63 x 52 cm\n- Fecho: autoaderente","da":"DALIC er en tr\u00e6ningsvest i polyester 190 T med elastiske sideb\u00e5nd og lukning med burreb\u00e5nd. M\u00e5l: 63 x 52 cm.\n\n- Materiale: polyester\n- Stof: 190 T\n- M\u00e5l: 63 x 52 cm\n- Lukning: burreb\u00e5nd","pl":"DALIC to sportowa narzutka z poliestru 190 T, z bocznymi elastycznymi pasami i zapi\u0119ciem na rzep. Wymiary: 63 x 52 cm.\n\n- Sk\u0142ad: poliester\n- Tkanina: 190 T\n- Wymiary: 63 x 52 cm\n- Zapi\u0119cie: rzep"},"h1":{"fr":"DALIC Chasuble pt9322","en":"DALIC Training bib pt9322","de":"DALIC Trainingsleibchen pt9322","nl":"DALIC Sporthesje pt9322","es":"DALIC Petos pt9322","it":"DALIC Pettorina pt9322","sv":"DALIC Sportv\u00e4st pt9322","pt":"DALIC Colete pt9322","da":"DALIC Tr\u00e6ningsvest pt9322","pl":"DALIC Narzutka pt9322"},"meta_description":{"fr":"Chasuble DALIC pt9322 en polyester 190 T, avec bandes \u00e9lastiques lat\u00e9rales et fermeture par bande auto agrippante. Dimensions 63 x 52 cm.","en":"DALIC pt9322 polyester training bib, with side elastic bands and hook-and-loop strap closure. Size: 63 x 52 cm.","de":"Trainingsleibchen DALIC pt9322 aus Polyester 190 T, mit seitlichen elastischen B\u00e4ndern und Verschluss mit Klettband. Ma\u00dfe 63 x 52 cm.","nl":"DALIC sporthesje pt9322 van polyester 190 T, met elastische zijbanden en sluiting met klittenband. Afmetingen 63 x 52 cm.","es":"Petos DALIC pt9322 en poli\u00e9ster 190 T, con bandas el\u00e1sticas laterales y cierre mediante banda autoadherente. Dimensiones 63 x 52 cm.","it":"Pettorina DALIC pt9322 in poliestere 190 T, con bande elastiche laterali e chiusura con fascia a strappo. Dimensioni 63 x 52 cm.","sv":"Sportv\u00e4st DALIC pt9322 i polyester 190 T, med elastiska sidoband och st\u00e4ngning med kardborreband. M\u00e5tt 63 x 52 cm.","pt":"Colete DALIC pt9322 em poli\u00e9ster 190 T, com bandas el\u00e1sticas laterais e fecho por fita autoaderente. Dimens\u00f5es 63 x 52 cm.","da":"DALIC pt9322 tr\u00e6ningsvest i polyester 190 T med elastiske sideb\u00e5nd og lukning med burreb\u00e5nd. M\u00e5l: 63 x 52 cm.","pl":"Narzutka DALIC pt9322 z poliestru 190 T, z bocznymi elastycznymi pasami i zapi\u0119ciem na rzep. Wymiary: 63 x 52 cm."}},"custom":{"title":{"fr":"DALIC chasuble polyester STAMINA pt9322 personnalisable","en":"DALIC polyester chasuble STAMINA pt9322 customizable","de":"DALIC Polyester-Weste STAMINA pt9322 personalisierbar","nl":"DALIC polyester hesje STAMINA pt9322 personaliseerbaar","es":"DALIC chaleco de poli\u00e9ster STAMINA pt9322 personalizable","it":"DALIC casacca in poliestere STAMINA pt9322 personalizzabile","sv":"DALIC polyester v\u00e4st STAMINA pt9322 anpassningsbar","pt":"DALIC camisola de poli\u00e9ster STAMINA pt9322 personaliz\u00e1vel","da":"DALIC polyester chasuble STAMINA pt9322 tilpasselig","pl":"DALIC kamizelka poliestrowa STAMINA pt9322 do personalizacji"},"description":{"fr":"Le chasuble DALIC est con\u00e7u en polyester 190 T. Il mesure 63 x 52 cm et int\u00e8gre des bandes \u00e9lastiques lat\u00e9rales ainsi qu'une fermeture par bande auto agrippante.\n\n- Composition polyester 190 T\n- Dimensions 63 x 52 cm\n- Bandes \u00e9lastiques lat\u00e9rales\n- Fermeture auto agrippante\n- Possibilit\u00e9 de personnalisation","en":"The DALIC chasuble is made of polyester 190 T. It measures 63 x 52 cm and includes side elastic bands as well as a hook and loop fastener.\n\n- Polyester 190 T composition\n- Dimensions 63 x 52 cm\n- Side elastic bands\n- Hook and loop fastener\n- Customizable option","de":"Die Weste DALIC ist aus Polyester 190 T gefertigt. Sie misst 63 x 52 cm und verf\u00fcgt \u00fcber seitliche elastische B\u00e4nder sowie einen Klettverschluss.\n\n- Polyesterzusammensetzung 190 T\n- Ma\u00dfe 63 x 52 cm\n- Seitliche elastische B\u00e4nder\n- Klettverschluss\n- Personalisierung m\u00f6glich","nl":"Het hesje DALIC is gemaakt van polyester 190 T. Het meet 63 x 52 cm en bevat elastische zijkanten en een klittenbandsluiting.\n\n- Samenstelling polyester 190 T\n- Afmetingen 63 x 52 cm\n- Elastische zijkanten\n- Klittenbandsluiting\n- Mogelijkheid tot personalisatie","es":"El chaleco DALIC est\u00e1 confeccionado en poli\u00e9ster 190 T. Mide 63 x 52 cm e incluye bandas el\u00e1sticas laterales as\u00ed como cierre de velcro.\n\n- Composici\u00f3n poli\u00e9ster 190 T\n- Dimensiones 63 x 52 cm\n- Bandas el\u00e1sticas laterales\n- Cierre de velcro\n- Posibilidad de personalizaci\u00f3n","it":"La casacca DALIC \u00e8 realizzata in poliestere 190 T. Misura 63 x 52 cm e include bande elastiche laterali e chiusura a strappo.\n\n- Composizione poliestere 190 T\n- Dimensioni 63 x 52 cm\n- Bande elastiche laterali\n- Chiusura a strappo\n- Possibilit\u00e0 di personalizzazione","sv":"V\u00e4sten DALIC \u00e4r tillverkad av polyester 190 T. Den m\u00e4ter 63 x 52 cm och har elastiska sidoband samt kardborref\u00e4ste.\n\n- Material polyester 190 T\n- M\u00e5tt 63 x 52 cm\n- Elastiska sidoband\n- Kardborref\u00e4ste\n- M\u00f6jlighet till anpassning","pt":"A camisola DALIC \u00e9 feita em poli\u00e9ster 190 T. Mede 63 x 52 cm e inclui faixas el\u00e1sticas laterais e fecho de ader\u00eancia.\n\n- Composi\u00e7\u00e3o poli\u00e9ster 190 T\n- Dimens\u00f5es 63 x 52 cm\n- Faixas el\u00e1sticas laterais\n- Fecho de ader\u00eancia\n- Possibilidade de personaliza\u00e7\u00e3o","da":"Chasuble DALIC er lavet af polyester 190 T. Den m\u00e5ler 63 x 52 cm og har elastiske sideb\u00e5nd samt en velcro lukning.\n\n- Sammens\u00e6tning polyester 190 T\n- Dimensioner 63 x 52 cm\n- Elastiske sideb\u00e5nd\n- Velcro lukning\n- Mulighed for tilpasning","pl":"Kamizelka DALIC wykonana z poliestru 190 T. Wymiary 63 x 52 cm, wyposa\u017cona w boczne elastyczne paski oraz zapi\u0119cie na rzep.\n\n- Sk\u0142ad poliester 190 T\n- Wymiary 63 x 52 cm\n- Bocznie elastyczne paski\n- Zapi\u0119cie na rzep\n- Mo\u017cliwo\u015b\u0107 personalizacji"},"h1":{"fr":"DALIC chasuble polyester pt9322 personnalisable","en":"DALIC polyester chasuble pt9322 customizable","de":"DALIC Polyester-Weste pt9322 personalisierbar","nl":"DALIC polyester hesje pt9322 personaliseerbaar","es":"DALIC chaleco de poli\u00e9ster pt9322 personalizable","it":"DALIC casacca in poliestere pt9322 personalizzabile","sv":"DALIC polyester v\u00e4st pt9322 anpassningsbar","pt":"DALIC camisola de poli\u00e9ster pt9322 personaliz\u00e1vel","da":"DALIC polyester chasuble pt9322 tilpasselig","pl":"DALIC kamizelka poliestrowa pt9322 do personalizacji"},"meta_description":{"fr":"Chasuble polyester DALIC 63 x 52 cm avec bandes \u00e9lastiques lat\u00e9rales et fermeture auto agrippante, personnalisable selon besoins sp\u00e9cifiques.","en":"DALIC polyester chasuble 63 x 52 cm with side elastic bands and hook and loop fastener, customizable according to specific needs.","de":"Polyester-Weste DALIC 63 x 52 cm mit seitlichen elastischen B\u00e4ndern und Klettverschluss, personalisierbar nach spezifischen Anforderungen.","nl":"Polyester hesje DALIC 63 x 52 cm met elastische zijkanten en klittenbandsluiting, personaliseerbaar volgens specifieke behoeften.","es":"Chaleco de poli\u00e9ster DALIC 63 x 52 cm con bandas el\u00e1sticas laterales y cierre de velcro, personalizable seg\u00fan necesidades espec\u00edficas.","it":"Casacca in poliestere DALIC 63 x 52 cm con bande elastiche laterali e chiusura a strappo, personalizzabile secondo esigenze specifiche.","sv":"Polyester v\u00e4st DALIC 63 x 52 cm med elastiska sidoband och kardborref\u00e4ste, anpassningsbar efter specifika behov.","pt":"Camisola de poli\u00e9ster DALIC 63 x 52 cm com faixas el\u00e1sticas laterais e fecho de ader\u00eancia, personaliz\u00e1vel conforme necessidades espec\u00edficas.","da":"Polyester chasuble DALIC 63 x 52 cm med elastiske sideb\u00e5nd og velcro lukning, tilpasselig efter specifikke behov.","pl":"Kamizelka poliestrowa DALIC 63 x 52 cm z bocznymi elastycznymi paskami i zapi\u0119ciem na rzep, do personalizacji wed\u0142ug specyficznych potrzeb."}}},"categories":[{"id":548,"name":"Chasubles","singular":"Chasuble","is_feminin":false},{"id":560,"name":"Sports et Loisirs","singular":"Sport et Loisir","is_feminin":false},{"id":559,"name":"Univers","singular":"Univers","is_feminin":false},{"id":354,"name":"Textile","singular":"Textile","is_feminin":false}],"certifications":[],"videos":{"fr":[],"en":[],"de":[],"nl":[],"es":[],"it":[],"sv":[],"pt":[],"da":[],"pl":[]},"main_images":{"miniature":"https:\/\/media.th4.com\/DKfKubwr0vnoKiFZeO1GvyjhICcsjvJqIL7mBDq4Pu4\/pr:80\/aHR0cDovL21lZGlhMi5kZXNpZ25wYXJ0bmVyLmZyL2MvcC1ibGFuay1USC8yMDgwMy53ZWJw?v=1759311669","medium":"https:\/\/media.th4.com\/mnN-ZQa-_hPs82856W0mgHUWrdibEk0LFz-RNYpU4P4\/pr:550x550greybg\/aHR0cDovL21lZGlhMi5kZXNpZ25wYXJ0bmVyLmZyL2MvcC1ibGFuay1USC8yMDgwMy53ZWJw?v=1759311669","medium_large":"https:\/\/media.th4.com\/tx76ImGVzi8yx0F2LdezHm5TpdcKoDMhRMrmMYObw64\/pr:1000x1000greybg\/aHR0cDovL21lZGlhMi5kZXNpZ25wYXJ0bmVyLmZyL2MvcC1ibGFuay1USC8yMDgwMy53ZWJw?v=1759311669","large":"https:\/\/media.th4.com\/WzRg4Kqg8xqJOerEeA8HREeWg0wSeP5jtd8-6Vhenyk\/pr:1920greybg\/aHR0cDovL21lZGlhMi5kZXNpZ25wYXJ0bmVyLmZyL2MvcC1ibGFuay1USC8yMDgwMy53ZWJw?v=1759311669","opengraph":"https:\/\/media.th4.com\/fcJHzrP8neUkvJ24Qx-lDgeY9zeh2A55zM0f6D8HL0A\/pr:1200x630greybg\/aHR0cDovL21lZGlhMi5kZXNpZ25wYXJ0bmVyLmZyL2MvcC1ibGFuay1USC8yMDgwMy53ZWJw?v=1759311669"},"main_images_customization":{"miniature":"https:\/\/media.th4.com\/v9yoMAb2eGsdGCcR_gGDkT_K2JoLOBCxsQeZOLgHC14\/pr:80\/aHR0cDovL21lZGlhMi5kZXNpZ25wYXJ0bmVyLmZyL2MvcC1jdXN0b20tVEgvMjA4MDMud2VicA?v=1759312020","medium":"https:\/\/media.th4.com\/GywzpTtQX8p7rM-YKXDHjJVPG9s2K64zz7xuRwrqzhY\/pr:550x550greybg\/aHR0cDovL21lZGlhMi5kZXNpZ25wYXJ0bmVyLmZyL2MvcC1jdXN0b20tVEgvMjA4MDMud2VicA?v=1759312020","medium_large":"https:\/\/media.th4.com\/vGAhtXMknM5kPuZPfA4TDkkwMA2KWNlRgbfv12D-mUY\/pr:1000x1000greybg\/aHR0cDovL21lZGlhMi5kZXNpZ25wYXJ0bmVyLmZyL2MvcC1jdXN0b20tVEgvMjA4MDMud2VicA?v=1759312020","large":"https:\/\/media.th4.com\/36ZhVFT-bTwfzcVa9BWnbm4sL7jp2SqRt1GHt-sZ9KE\/pr:1920greybg\/aHR0cDovL21lZGlhMi5kZXNpZ25wYXJ0bmVyLmZyL2MvcC1jdXN0b20tVEgvMjA4MDMud2VicA?v=1759312020","opengraph":"https:\/\/media.th4.com\/Sgq3P-KNoMPCSkhx_QzijHYzje2SVBDZvFEqDtWA6Uw\/pr:1200x630greybg\/aHR0cDovL21lZGlhMi5kZXNpZ25wYXJ0bmVyLmZyL2MvcC1jdXN0b20tVEgvMjA4MDMud2VicA?v=1759312020"},"page_links":{"fr":"\/fr\/p-st-pt9322-dalic-chasuble-pt9322-20803\/","en":"\/en\/p-st-pt9322-dalic-training-bib-pt9322-20803\/","de":"\/de\/p-st-pt9322-dalic-trainingsleibchen-pt9322-20803\/","nl":"\/nl\/p-st-pt9322-dalic-sporthesje-pt9322-20803\/","es":"\/es\/p-st-pt9322-dalic-petos-pt9322-20803\/","it":"\/it\/p-st-pt9322-dalic-pettorina-pt9322-20803\/","sv":"\/sv\/p-st-pt9322-dalic-sportvast-pt9322-20803\/","pt":"\/pt\/p-st-pt9322-dalic-colete-pt9322-20803\/","da":"\/da\/p-st-pt9322-dalic-traeningsvest-pt9322-20803\/","pl":"\/pl\/p-st-pt9322-dalic-narzutka-pt9322-20803\/"},"page_links_customization":{"fr":"\/fr\/p-st-pt9322-dalic-chasuble-polyester-pt9322-personnalisable-20803\/custom\/","en":"\/en\/p-st-pt9322-dalic-polyester-chasuble-pt9322-customizable-20803\/custom\/","de":"\/de\/p-st-pt9322-dalic-polyester-weste-pt9322-personalisierbar-20803\/custom\/","nl":"\/nl\/p-st-pt9322-dalic-polyester-hesje-pt9322-personaliseerbaar-20803\/custom\/","es":"\/es\/p-st-pt9322-dalic-chaleco-de-poliester-pt9322-personalizable-20803\/custom\/","it":"\/it\/p-st-pt9322-dalic-casacca-in-poliestere-pt9322-personalizzabile-20803\/custom\/","sv":"\/sv\/p-st-pt9322-dalic-polyester-vast-pt9322-anpassningsbar-20803\/custom\/","pt":"\/pt\/p-st-pt9322-dalic-camisola-de-poliester-pt9322-personalizavel-20803\/custom\/","da":"\/da\/p-st-pt9322-dalic-polyester-chasuble-pt9322-tilpasselig-20803\/custom\/","pl":"\/pl\/p-st-pt9322-dalic-kamizelka-poliestrowa-pt9322-do-personalizacji-20803\/custom\/"},"equivalent_products":[],"colors":[{"id":17592,"name":"jaune","class_ids":[12],"codes_hexa":["ffe400"],"delai_24":false,"has_3d":false,"seuil_global":0,"stock_local":0,"stock_global":496,"on_standby":false,"in_catalog":true,"images":{"miniature":["https:\/\/media.th4.com\/-8Vhi-Q8rx_0F0RNCwVMkd_dKGABaFvaYs1Ll_pRHLQ\/pr:80\/aHR0cDovL21lZGlhMi5kZXNpZ25wYXJ0bmVyLmZyL2MvcC8yMDgwMy8yMDgwMy0xNzU5Mi0xLndlYnA?v=1759309993"],"medium":["https:\/\/media.th4.com\/zyK079YJh3RkuVOgJTPuy75jfTwdJgNcjD-fYR9ztGg\/pr:550x550\/aHR0cDovL21lZGlhMi5kZXNpZ25wYXJ0bmVyLmZyL2MvcC8yMDgwMy8yMDgwMy0xNzU5Mi0xLndlYnA?v=1759309993"],"medium_large":["https:\/\/media.th4.com\/-QzT1hMNg7e4tgmGrUnDNQ2iTjGYwGUCd-yjdIcLG9M\/pr:1000x1000\/aHR0cDovL21lZGlhMi5kZXNpZ25wYXJ0bmVyLmZyL2MvcC8yMDgwMy8yMDgwMy0xNzU5Mi0xLndlYnA?v=1759309993"],"large":["https:\/\/media.th4.com\/gtcBwz9US6_jItmRMBbUEIIJEqTtOtJCC0uLhXHmaNk\/pr:1920\/aHR0cDovL21lZGlhMi5kZXNpZ25wYXJ0bmVyLmZyL2MvcC8yMDgwMy8yMDgwMy0xNzU5Mi0xLndlYnA?v=1759309993"],"opengraph":["https:\/\/media.th4.com\/siHGWZncA8aophWxGS5wOXjHR1PEanJfSRvIa5b2uVM\/pr:1200x630\/aHR0cDovL21lZGlhMi5kZXNpZ25wYXJ0bmVyLmZyL2MvcC8yMDgwMy8yMDgwMy0xNzU5Mi0xLndlYnA?v=1759309993"]},"images_customization":{"miniature":["https:\/\/media.th4.com\/-8Vhi-Q8rx_0F0RNCwVMkd_dKGABaFvaYs1Ll_pRHLQ\/pr:80\/aHR0cDovL21lZGlhMi5kZXNpZ25wYXJ0bmVyLmZyL2MvcC8yMDgwMy8yMDgwMy0xNzU5Mi0xLndlYnA?v=1759309993"],"medium":["https:\/\/media.th4.com\/zyK079YJh3RkuVOgJTPuy75jfTwdJgNcjD-fYR9ztGg\/pr:550x550\/aHR0cDovL21lZGlhMi5kZXNpZ25wYXJ0bmVyLmZyL2MvcC8yMDgwMy8yMDgwMy0xNzU5Mi0xLndlYnA?v=1759309993"],"medium_large":["https:\/\/media.th4.com\/-QzT1hMNg7e4tgmGrUnDNQ2iTjGYwGUCd-yjdIcLG9M\/pr:1000x1000\/aHR0cDovL21lZGlhMi5kZXNpZ25wYXJ0bmVyLmZyL2MvcC8yMDgwMy8yMDgwMy0xNzU5Mi0xLndlYnA?v=1759309993"],"large":["https:\/\/media.th4.com\/gtcBwz9US6_jItmRMBbUEIIJEqTtOtJCC0uLhXHmaNk\/pr:1920\/aHR0cDovL21lZGlhMi5kZXNpZ25wYXJ0bmVyLmZyL2MvcC8yMDgwMy8yMDgwMy0xNzU5Mi0xLndlYnA?v=1759309993"],"opengraph":["https:\/\/media.th4.com\/siHGWZncA8aophWxGS5wOXjHR1PEanJfSRvIa5b2uVM\/pr:1200x630\/aHR0cDovL21lZGlhMi5kZXNpZ25wYXJ0bmVyLmZyL2MvcC8yMDgwMy8yMDgwMy0xNzU5Mi0xLndlYnA?v=1759309993"]},"country_origin":"CN","traceability":{"manufacturing_country_id":null,"weaving_country_id":null,"dyeing_country_id":null},"sizes":[{"id":42,"article_id":514508,"class_id":19,"name":"taille_unique","on_standby":false,"stock_local":0,"stock_global":496,"multiple":1,"estimated_date_reassort":null,"is_destocking":false}],"page_links":{"fr":"\/fr\/p-st-pt9322-dalic-chasuble-pt9322-20803\/jaune-17592\/","en":"\/en\/p-st-pt9322-dalic-training-bib-pt9322-20803\/jaune-17592\/","de":"\/de\/p-st-pt9322-dalic-trainingsleibchen-pt9322-20803\/jaune-17592\/","nl":"\/nl\/p-st-pt9322-dalic-sporthesje-pt9322-20803\/jaune-17592\/","es":"\/es\/p-st-pt9322-dalic-petos-pt9322-20803\/jaune-17592\/","it":"\/it\/p-st-pt9322-dalic-pettorina-pt9322-20803\/jaune-17592\/","sv":"\/sv\/p-st-pt9322-dalic-sportvast-pt9322-20803\/jaune-17592\/","pt":"\/pt\/p-st-pt9322-dalic-colete-pt9322-20803\/jaune-17592\/","da":"\/da\/p-st-pt9322-dalic-traeningsvest-pt9322-20803\/jaune-17592\/","pl":"\/pl\/p-st-pt9322-dalic-narzutka-pt9322-20803\/jaune-17592\/"},"page_links_customization":{"fr":"\/fr\/p-st-pt9322-dalic-chasuble-polyester-pt9322-personnalisable-20803\/jaune-17592\/custom\/","en":"\/en\/p-st-pt9322-dalic-polyester-chasuble-pt9322-customizable-20803\/jaune-17592\/custom\/","de":"\/de\/p-st-pt9322-dalic-polyester-weste-pt9322-personalisierbar-20803\/jaune-17592\/custom\/","nl":"\/nl\/p-st-pt9322-dalic-polyester-hesje-pt9322-personaliseerbaar-20803\/jaune-17592\/custom\/","es":"\/es\/p-st-pt9322-dalic-chaleco-de-poliester-pt9322-personalizable-20803\/jaune-17592\/custom\/","it":"\/it\/p-st-pt9322-dalic-casacca-in-poliestere-pt9322-personalizzabile-20803\/jaune-17592\/custom\/","sv":"\/sv\/p-st-pt9322-dalic-polyester-vast-pt9322-anpassningsbar-20803\/jaune-17592\/custom\/","pt":"\/pt\/p-st-pt9322-dalic-camisola-de-poliester-pt9322-personalizavel-20803\/jaune-17592\/custom\/","da":"\/da\/p-st-pt9322-dalic-polyester-chasuble-pt9322-tilpasselig-20803\/jaune-17592\/custom\/","pl":"\/pl\/p-st-pt9322-dalic-kamizelka-poliestrowa-pt9322-do-personalizacji-20803\/jaune-17592\/custom\/"}},{"id":17585,"name":"bleu_royal","class_ids":[2],"codes_hexa":["0060a9"],"delai_24":false,"has_3d":false,"seuil_global":0,"stock_local":0,"stock_global":496,"on_standby":false,"in_catalog":true,"images":{"miniature":["https:\/\/media.th4.com\/0oE3Ti7wMhxQemYAaHt70hDT-dpWZgNPvhOBh0Sdfs4\/pr:80\/aHR0cDovL21lZGlhMi5kZXNpZ25wYXJ0bmVyLmZyL2MvcC8yMDgwMy8yMDgwMy0xNzU4NS0xLndlYnA?v=1759309992"],"medium":["https:\/\/media.th4.com\/rHOt9OcKMnKwXewQik-liry7qMtjaP_QZ1LCtu59kVw\/pr:550x550\/aHR0cDovL21lZGlhMi5kZXNpZ25wYXJ0bmVyLmZyL2MvcC8yMDgwMy8yMDgwMy0xNzU4NS0xLndlYnA?v=1759309992"],"medium_large":["https:\/\/media.th4.com\/APni4xoxjHemLD8hUlj8HmSBjnzPQg9ruiPfCJEDFGE\/pr:1000x1000\/aHR0cDovL21lZGlhMi5kZXNpZ25wYXJ0bmVyLmZyL2MvcC8yMDgwMy8yMDgwMy0xNzU4NS0xLndlYnA?v=1759309992"],"large":["https:\/\/media.th4.com\/gaYYwoPPCGVnLT3FgHvcQi6YX2NsCZgl0doV1YE4FWc\/pr:1920\/aHR0cDovL21lZGlhMi5kZXNpZ25wYXJ0bmVyLmZyL2MvcC8yMDgwMy8yMDgwMy0xNzU4NS0xLndlYnA?v=1759309992"],"opengraph":["https:\/\/media.th4.com\/aCCAgzkRy3jMF_GXXgXYkfKT94qmtAWSTVfitxjZQPQ\/pr:1200x630\/aHR0cDovL21lZGlhMi5kZXNpZ25wYXJ0bmVyLmZyL2MvcC8yMDgwMy8yMDgwMy0xNzU4NS0xLndlYnA?v=1759309992"]},"images_customization":{"miniature":["https:\/\/media.th4.com\/0oE3Ti7wMhxQemYAaHt70hDT-dpWZgNPvhOBh0Sdfs4\/pr:80\/aHR0cDovL21lZGlhMi5kZXNpZ25wYXJ0bmVyLmZyL2MvcC8yMDgwMy8yMDgwMy0xNzU4NS0xLndlYnA?v=1759309992"],"medium":["https:\/\/media.th4.com\/rHOt9OcKMnKwXewQik-liry7qMtjaP_QZ1LCtu59kVw\/pr:550x550\/aHR0cDovL21lZGlhMi5kZXNpZ25wYXJ0bmVyLmZyL2MvcC8yMDgwMy8yMDgwMy0xNzU4NS0xLndlYnA?v=1759309992"],"medium_large":["https:\/\/media.th4.com\/APni4xoxjHemLD8hUlj8HmSBjnzPQg9ruiPfCJEDFGE\/pr:1000x1000\/aHR0cDovL21lZGlhMi5kZXNpZ25wYXJ0bmVyLmZyL2MvcC8yMDgwMy8yMDgwMy0xNzU4NS0xLndlYnA?v=1759309992"],"large":["https:\/\/media.th4.com\/gaYYwoPPCGVnLT3FgHvcQi6YX2NsCZgl0doV1YE4FWc\/pr:1920\/aHR0cDovL21lZGlhMi5kZXNpZ25wYXJ0bmVyLmZyL2MvcC8yMDgwMy8yMDgwMy0xNzU4NS0xLndlYnA?v=1759309992"],"opengraph":["https:\/\/media.th4.com\/aCCAgzkRy3jMF_GXXgXYkfKT94qmtAWSTVfitxjZQPQ\/pr:1200x630\/aHR0cDovL21lZGlhMi5kZXNpZ25wYXJ0bmVyLmZyL2MvcC8yMDgwMy8yMDgwMy0xNzU4NS0xLndlYnA?v=1759309992"]},"country_origin":"CN","traceability":{"manufacturing_country_id":null,"weaving_country_id":null,"dyeing_country_id":null},"sizes":[{"id":42,"article_id":514509,"class_id":19,"name":"taille_unique","on_standby":false,"stock_local":0,"stock_global":496,"multiple":1,"estimated_date_reassort":null,"is_destocking":false}],"page_links":{"fr":"\/fr\/p-st-pt9322-dalic-chasuble-pt9322-20803\/bleu-royal-17585\/","en":"\/en\/p-st-pt9322-dalic-training-bib-pt9322-20803\/bleu-royal-17585\/","de":"\/de\/p-st-pt9322-dalic-trainingsleibchen-pt9322-20803\/bleu-royal-17585\/","nl":"\/nl\/p-st-pt9322-dalic-sporthesje-pt9322-20803\/bleu-royal-17585\/","es":"\/es\/p-st-pt9322-dalic-petos-pt9322-20803\/bleu-royal-17585\/","it":"\/it\/p-st-pt9322-dalic-pettorina-pt9322-20803\/bleu-royal-17585\/","sv":"\/sv\/p-st-pt9322-dalic-sportvast-pt9322-20803\/bleu-royal-17585\/","pt":"\/pt\/p-st-pt9322-dalic-colete-pt9322-20803\/bleu-royal-17585\/","da":"\/da\/p-st-pt9322-dalic-traeningsvest-pt9322-20803\/bleu-royal-17585\/","pl":"\/pl\/p-st-pt9322-dalic-narzutka-pt9322-20803\/bleu-royal-17585\/"},"page_links_customization":{"fr":"\/fr\/p-st-pt9322-dalic-chasuble-polyester-pt9322-personnalisable-20803\/bleu-royal-17585\/custom\/","en":"\/en\/p-st-pt9322-dalic-polyester-chasuble-pt9322-customizable-20803\/bleu-royal-17585\/custom\/","de":"\/de\/p-st-pt9322-dalic-polyester-weste-pt9322-personalisierbar-20803\/bleu-royal-17585\/custom\/","nl":"\/nl\/p-st-pt9322-dalic-polyester-hesje-pt9322-personaliseerbaar-20803\/bleu-royal-17585\/custom\/","es":"\/es\/p-st-pt9322-dalic-chaleco-de-poliester-pt9322-personalizable-20803\/bleu-royal-17585\/custom\/","it":"\/it\/p-st-pt9322-dalic-casacca-in-poliestere-pt9322-personalizzabile-20803\/bleu-royal-17585\/custom\/","sv":"\/sv\/p-st-pt9322-dalic-polyester-vast-pt9322-anpassningsbar-20803\/bleu-royal-17585\/custom\/","pt":"\/pt\/p-st-pt9322-dalic-camisola-de-poliester-pt9322-personalizavel-20803\/bleu-royal-17585\/custom\/","da":"\/da\/p-st-pt9322-dalic-polyester-chasuble-pt9322-tilpasselig-20803\/bleu-royal-17585\/custom\/","pl":"\/pl\/p-st-pt9322-dalic-kamizelka-poliestrowa-pt9322-do-personalizacji-20803\/bleu-royal-17585\/custom\/"}},{"id":17586,"name":"vert_fougere","class_ids":[5],"codes_hexa":["bce580"],"delai_24":false,"has_3d":false,"seuil_global":0,"stock_local":0,"stock_global":496,"on_standby":false,"in_catalog":true,"images":{"miniature":["https:\/\/media.th4.com\/je0yw4ALr0P47zP1q_vINRMTWvn9n71_hfs1bcjYZm8\/pr:80\/aHR0cDovL21lZGlhMi5kZXNpZ25wYXJ0bmVyLmZyL2MvcC8yMDgwMy8yMDgwMy0xNzU4Ni0xLndlYnA?v=1759309996"],"medium":["https:\/\/media.th4.com\/bTv9vB6ek5Btu47-JQWPqwaGGrgHdjx64smb9ewcJn0\/pr:550x550\/aHR0cDovL21lZGlhMi5kZXNpZ25wYXJ0bmVyLmZyL2MvcC8yMDgwMy8yMDgwMy0xNzU4Ni0xLndlYnA?v=1759309996"],"medium_large":["https:\/\/media.th4.com\/eS4J3korHFq66eYdPvNf-kbtAop9gR21-2G6DBgfVLA\/pr:1000x1000\/aHR0cDovL21lZGlhMi5kZXNpZ25wYXJ0bmVyLmZyL2MvcC8yMDgwMy8yMDgwMy0xNzU4Ni0xLndlYnA?v=1759309996"],"large":["https:\/\/media.th4.com\/3E026dMMMC0SId1k2a_unZHGgGLc1WAS6Wm2um-inf0\/pr:1920\/aHR0cDovL21lZGlhMi5kZXNpZ25wYXJ0bmVyLmZyL2MvcC8yMDgwMy8yMDgwMy0xNzU4Ni0xLndlYnA?v=1759309996"],"opengraph":["https:\/\/media.th4.com\/fr7tL2LeALl-1mZjVW1yEu94YB6UkapL4GEwj5mJVoU\/pr:1200x630\/aHR0cDovL21lZGlhMi5kZXNpZ25wYXJ0bmVyLmZyL2MvcC8yMDgwMy8yMDgwMy0xNzU4Ni0xLndlYnA?v=1759309996"]},"images_customization":{"miniature":["https:\/\/media.th4.com\/je0yw4ALr0P47zP1q_vINRMTWvn9n71_hfs1bcjYZm8\/pr:80\/aHR0cDovL21lZGlhMi5kZXNpZ25wYXJ0bmVyLmZyL2MvcC8yMDgwMy8yMDgwMy0xNzU4Ni0xLndlYnA?v=1759309996"],"medium":["https:\/\/media.th4.com\/bTv9vB6ek5Btu47-JQWPqwaGGrgHdjx64smb9ewcJn0\/pr:550x550\/aHR0cDovL21lZGlhMi5kZXNpZ25wYXJ0bmVyLmZyL2MvcC8yMDgwMy8yMDgwMy0xNzU4Ni0xLndlYnA?v=1759309996"],"medium_large":["https:\/\/media.th4.com\/eS4J3korHFq66eYdPvNf-kbtAop9gR21-2G6DBgfVLA\/pr:1000x1000\/aHR0cDovL21lZGlhMi5kZXNpZ25wYXJ0bmVyLmZyL2MvcC8yMDgwMy8yMDgwMy0xNzU4Ni0xLndlYnA?v=1759309996"],"large":["https:\/\/media.th4.com\/3E026dMMMC0SId1k2a_unZHGgGLc1WAS6Wm2um-inf0\/pr:1920\/aHR0cDovL21lZGlhMi5kZXNpZ25wYXJ0bmVyLmZyL2MvcC8yMDgwMy8yMDgwMy0xNzU4Ni0xLndlYnA?v=1759309996"],"opengraph":["https:\/\/media.th4.com\/fr7tL2LeALl-1mZjVW1yEu94YB6UkapL4GEwj5mJVoU\/pr:1200x630\/aHR0cDovL21lZGlhMi5kZXNpZ25wYXJ0bmVyLmZyL2MvcC8yMDgwMy8yMDgwMy0xNzU4Ni0xLndlYnA?v=1759309996"]},"country_origin":"CN","traceability":{"manufacturing_country_id":null,"weaving_country_id":null,"dyeing_country_id":null},"sizes":[{"id":42,"article_id":514510,"class_id":19,"name":"taille_unique","on_standby":false,"stock_local":0,"stock_global":496,"multiple":1,"estimated_date_reassort":null,"is_destocking":false}],"page_links":{"fr":"\/fr\/p-st-pt9322-dalic-chasuble-pt9322-20803\/vert-fougere-17586\/","en":"\/en\/p-st-pt9322-dalic-training-bib-pt9322-20803\/vert-fougere-17586\/","de":"\/de\/p-st-pt9322-dalic-trainingsleibchen-pt9322-20803\/vert-fougere-17586\/","nl":"\/nl\/p-st-pt9322-dalic-sporthesje-pt9322-20803\/vert-fougere-17586\/","es":"\/es\/p-st-pt9322-dalic-petos-pt9322-20803\/vert-fougere-17586\/","it":"\/it\/p-st-pt9322-dalic-pettorina-pt9322-20803\/vert-fougere-17586\/","sv":"\/sv\/p-st-pt9322-dalic-sportvast-pt9322-20803\/vert-fougere-17586\/","pt":"\/pt\/p-st-pt9322-dalic-colete-pt9322-20803\/vert-fougere-17586\/","da":"\/da\/p-st-pt9322-dalic-traeningsvest-pt9322-20803\/vert-fougere-17586\/","pl":"\/pl\/p-st-pt9322-dalic-narzutka-pt9322-20803\/vert-fougere-17586\/"},"page_links_customization":{"fr":"\/fr\/p-st-pt9322-dalic-chasuble-polyester-pt9322-personnalisable-20803\/vert-fougere-17586\/custom\/","en":"\/en\/p-st-pt9322-dalic-polyester-chasuble-pt9322-customizable-20803\/vert-fougere-17586\/custom\/","de":"\/de\/p-st-pt9322-dalic-polyester-weste-pt9322-personalisierbar-20803\/vert-fougere-17586\/custom\/","nl":"\/nl\/p-st-pt9322-dalic-polyester-hesje-pt9322-personaliseerbaar-20803\/vert-fougere-17586\/custom\/","es":"\/es\/p-st-pt9322-dalic-chaleco-de-poliester-pt9322-personalizable-20803\/vert-fougere-17586\/custom\/","it":"\/it\/p-st-pt9322-dalic-casacca-in-poliestere-pt9322-personalizzabile-20803\/vert-fougere-17586\/custom\/","sv":"\/sv\/p-st-pt9322-dalic-polyester-vast-pt9322-anpassningsbar-20803\/vert-fougere-17586\/custom\/","pt":"\/pt\/p-st-pt9322-dalic-camisola-de-poliester-pt9322-personalizavel-20803\/vert-fougere-17586\/custom\/","da":"\/da\/p-st-pt9322-dalic-polyester-chasuble-pt9322-tilpasselig-20803\/vert-fougere-17586\/custom\/","pl":"\/pl\/p-st-pt9322-dalic-kamizelka-poliestrowa-pt9322-do-personalizacji-20803\/vert-fougere-17586\/custom\/"}},{"id":17589,"name":"rouge","class_ids":[6],"codes_hexa":["dc002e"],"delai_24":false,"has_3d":false,"seuil_global":0,"stock_local":0,"stock_global":496,"on_standby":false,"in_catalog":true,"images":{"miniature":["https:\/\/media.th4.com\/XGzbdGu3gtIbJ5MkZk0xoWN1ihOJWSLNBkBYYjzvLXk\/pr:80\/aHR0cDovL21lZGlhMi5kZXNpZ25wYXJ0bmVyLmZyL2MvcC8yMDgwMy8yMDgwMy0xNzU4OS0xLndlYnA?v=1759309994","https:\/\/media.th4.com\/ZW5KIsJ4S4LXzSzIi_qyf5pxpsvjzCbl2FzrW6RpPEQ\/pr:80\/aHR0cDovL21lZGlhMi5kZXNpZ25wYXJ0bmVyLmZyL2MvcC8yMDgwMy8yMDgwMy0xNzU4OS0xMC53ZWJw?v=1759309995"],"medium":["https:\/\/media.th4.com\/jQiR8DWaqqnkEt7k44iD18Fy3abrEU5txn279Q7Mnv4\/pr:550x550\/aHR0cDovL21lZGlhMi5kZXNpZ25wYXJ0bmVyLmZyL2MvcC8yMDgwMy8yMDgwMy0xNzU4OS0xLndlYnA?v=1759309994","https:\/\/media.th4.com\/wXGRNouPfjfhF07awXcs1XqN_Wx_Bq9_ct0aTed2s30\/pr:550x550\/aHR0cDovL21lZGlhMi5kZXNpZ25wYXJ0bmVyLmZyL2MvcC8yMDgwMy8yMDgwMy0xNzU4OS0xMC53ZWJw?v=1759309995"],"medium_large":["https:\/\/media.th4.com\/1JCUO--xO6mivR0cbtR4Itjw4L9hTQjDxJ0F_mF3srg\/pr:1000x1000\/aHR0cDovL21lZGlhMi5kZXNpZ25wYXJ0bmVyLmZyL2MvcC8yMDgwMy8yMDgwMy0xNzU4OS0xLndlYnA?v=1759309994","https:\/\/media.th4.com\/mXnKh0C3WHB8SH3uQHc-tpi2Z7dS1OqVXqAbdevevvs\/pr:1000x1000\/aHR0cDovL21lZGlhMi5kZXNpZ25wYXJ0bmVyLmZyL2MvcC8yMDgwMy8yMDgwMy0xNzU4OS0xMC53ZWJw?v=1759309995"],"large":["https:\/\/media.th4.com\/1rcqXdI3mY8bGBUSTMMYCNlsQqoe77aw8PLJtM45fK0\/pr:1920\/aHR0cDovL21lZGlhMi5kZXNpZ25wYXJ0bmVyLmZyL2MvcC8yMDgwMy8yMDgwMy0xNzU4OS0xLndlYnA?v=1759309994","https:\/\/media.th4.com\/1ELOdd_XAZTv3NrQwjJ4E0T3WnTwH01GviUxbhG-c0M\/pr:1920\/aHR0cDovL21lZGlhMi5kZXNpZ25wYXJ0bmVyLmZyL2MvcC8yMDgwMy8yMDgwMy0xNzU4OS0xMC53ZWJw?v=1759309995"],"opengraph":["https:\/\/media.th4.com\/Sm7qwSz-d-vz_lEH10ARSemAo7kb8RP-nQ6tOFA13aQ\/pr:1200x630\/aHR0cDovL21lZGlhMi5kZXNpZ25wYXJ0bmVyLmZyL2MvcC8yMDgwMy8yMDgwMy0xNzU4OS0xLndlYnA?v=1759309994","https:\/\/media.th4.com\/vIzB9gia4lmUKgAzk1MCpGR9Bx36dh3cxorWP-Scxag\/pr:1200x630\/aHR0cDovL21lZGlhMi5kZXNpZ25wYXJ0bmVyLmZyL2MvcC8yMDgwMy8yMDgwMy0xNzU4OS0xMC53ZWJw?v=1759309995"]},"images_customization":{"miniature":["https:\/\/media.th4.com\/XGzbdGu3gtIbJ5MkZk0xoWN1ihOJWSLNBkBYYjzvLXk\/pr:80\/aHR0cDovL21lZGlhMi5kZXNpZ25wYXJ0bmVyLmZyL2MvcC8yMDgwMy8yMDgwMy0xNzU4OS0xLndlYnA?v=1759309994","https:\/\/media.th4.com\/ZW5KIsJ4S4LXzSzIi_qyf5pxpsvjzCbl2FzrW6RpPEQ\/pr:80\/aHR0cDovL21lZGlhMi5kZXNpZ25wYXJ0bmVyLmZyL2MvcC8yMDgwMy8yMDgwMy0xNzU4OS0xMC53ZWJw?v=1759309995"],"medium":["https:\/\/media.th4.com\/jQiR8DWaqqnkEt7k44iD18Fy3abrEU5txn279Q7Mnv4\/pr:550x550\/aHR0cDovL21lZGlhMi5kZXNpZ25wYXJ0bmVyLmZyL2MvcC8yMDgwMy8yMDgwMy0xNzU4OS0xLndlYnA?v=1759309994","https:\/\/media.th4.com\/wXGRNouPfjfhF07awXcs1XqN_Wx_Bq9_ct0aTed2s30\/pr:550x550\/aHR0cDovL21lZGlhMi5kZXNpZ25wYXJ0bmVyLmZyL2MvcC8yMDgwMy8yMDgwMy0xNzU4OS0xMC53ZWJw?v=1759309995"],"medium_large":["https:\/\/media.th4.com\/1JCUO--xO6mivR0cbtR4Itjw4L9hTQjDxJ0F_mF3srg\/pr:1000x1000\/aHR0cDovL21lZGlhMi5kZXNpZ25wYXJ0bmVyLmZyL2MvcC8yMDgwMy8yMDgwMy0xNzU4OS0xLndlYnA?v=1759309994","https:\/\/media.th4.com\/mXnKh0C3WHB8SH3uQHc-tpi2Z7dS1OqVXqAbdevevvs\/pr:1000x1000\/aHR0cDovL21lZGlhMi5kZXNpZ25wYXJ0bmVyLmZyL2MvcC8yMDgwMy8yMDgwMy0xNzU4OS0xMC53ZWJw?v=1759309995"],"large":["https:\/\/media.th4.com\/1rcqXdI3mY8bGBUSTMMYCNlsQqoe77aw8PLJtM45fK0\/pr:1920\/aHR0cDovL21lZGlhMi5kZXNpZ25wYXJ0bmVyLmZyL2MvcC8yMDgwMy8yMDgwMy0xNzU4OS0xLndlYnA?v=1759309994","https:\/\/media.th4.com\/1ELOdd_XAZTv3NrQwjJ4E0T3WnTwH01GviUxbhG-c0M\/pr:1920\/aHR0cDovL21lZGlhMi5kZXNpZ25wYXJ0bmVyLmZyL2MvcC8yMDgwMy8yMDgwMy0xNzU4OS0xMC53ZWJw?v=1759309995"],"opengraph":["https:\/\/media.th4.com\/Sm7qwSz-d-vz_lEH10ARSemAo7kb8RP-nQ6tOFA13aQ\/pr:1200x630\/aHR0cDovL21lZGlhMi5kZXNpZ25wYXJ0bmVyLmZyL2MvcC8yMDgwMy8yMDgwMy0xNzU4OS0xLndlYnA?v=1759309994","https:\/\/media.th4.com\/vIzB9gia4lmUKgAzk1MCpGR9Bx36dh3cxorWP-Scxag\/pr:1200x630\/aHR0cDovL21lZGlhMi5kZXNpZ25wYXJ0bmVyLmZyL2MvcC8yMDgwMy8yMDgwMy0xNzU4OS0xMC53ZWJw?v=1759309995"]},"country_origin":"CN","traceability":{"manufacturing_country_id":null,"weaving_country_id":null,"dyeing_country_id":null},"sizes":[{"id":42,"article_id":514511,"class_id":19,"name":"taille_unique","on_standby":false,"stock_local":0,"stock_global":496,"multiple":1,"estimated_date_reassort":null,"is_destocking":false}],"page_links":{"fr":"\/fr\/p-st-pt9322-dalic-chasuble-pt9322-20803\/rouge-17589\/","en":"\/en\/p-st-pt9322-dalic-training-bib-pt9322-20803\/rouge-17589\/","de":"\/de\/p-st-pt9322-dalic-trainingsleibchen-pt9322-20803\/rouge-17589\/","nl":"\/nl\/p-st-pt9322-dalic-sporthesje-pt9322-20803\/rouge-17589\/","es":"\/es\/p-st-pt9322-dalic-petos-pt9322-20803\/rouge-17589\/","it":"\/it\/p-st-pt9322-dalic-pettorina-pt9322-20803\/rouge-17589\/","sv":"\/sv\/p-st-pt9322-dalic-sportvast-pt9322-20803\/rouge-17589\/","pt":"\/pt\/p-st-pt9322-dalic-colete-pt9322-20803\/rouge-17589\/","da":"\/da\/p-st-pt9322-dalic-traeningsvest-pt9322-20803\/rouge-17589\/","pl":"\/pl\/p-st-pt9322-dalic-narzutka-pt9322-20803\/rouge-17589\/"},"page_links_customization":{"fr":"\/fr\/p-st-pt9322-dalic-chasuble-polyester-pt9322-personnalisable-20803\/rouge-17589\/custom\/","en":"\/en\/p-st-pt9322-dalic-polyester-chasuble-pt9322-customizable-20803\/rouge-17589\/custom\/","de":"\/de\/p-st-pt9322-dalic-polyester-weste-pt9322-personalisierbar-20803\/rouge-17589\/custom\/","nl":"\/nl\/p-st-pt9322-dalic-polyester-hesje-pt9322-personaliseerbaar-20803\/rouge-17589\/custom\/","es":"\/es\/p-st-pt9322-dalic-chaleco-de-poliester-pt9322-personalizable-20803\/rouge-17589\/custom\/","it":"\/it\/p-st-pt9322-dalic-casacca-in-poliestere-pt9322-personalizzabile-20803\/rouge-17589\/custom\/","sv":"\/sv\/p-st-pt9322-dalic-polyester-vast-pt9322-anpassningsbar-20803\/rouge-17589\/custom\/","pt":"\/pt\/p-st-pt9322-dalic-camisola-de-poliester-pt9322-personalizavel-20803\/rouge-17589\/custom\/","da":"\/da\/p-st-pt9322-dalic-polyester-chasuble-pt9322-tilpasselig-20803\/rouge-17589\/custom\/","pl":"\/pl\/p-st-pt9322-dalic-kamizelka-poliestrowa-pt9322-do-personalizacji-20803\/rouge-17589\/custom\/"}}],"documentation_link":"\/pdf\/20803.pdf","countries_availables":["AD","AE","AL","AT","BA","BD","BE","BG","BL","CA","CH","CN","CO","CY","CZ","DE","DK","DO","EE","EG","ES","ET","FI","FR","GB","GE","GF","GP","GR","GT","HK","HN","HR","HT","HU","ID","IE","IN","IS","IT","JO","JP","KE","KH","KP","KR","LA","LK","LS","LT","LU","LV","MA","MF","MG","MK","MM","MN","MQ","MT","MX","MY","NC","NI","NL","PF","PH","PK","PL","PM","PT","RE","RO","SE","SG","SI","SK","SV","SY","TH","TN","TR","TW","TZ","US","VN","WF","YT"]},"infos_customization":[],"features":{"authorize_multi_surfaces":true,"display_order_delay_type":true,"promote_surface_display":true,"tarification_franco_offert":true,"enabled_3d_editor":false},"markings":[{"id":0,"nom":"vierge","finition":null,"libelle":null,"code":null,"dpi":null,"finesse_forme_isolee":null,"finesse_forme_non_isolee":null,"hauteur_minimale_texte":null,"inactif":0,"marquage_interne":1,"quantite_min":null,"parent_id":null,"print_on_support":0,"content":"vierge","description":null},{"id":2,"nom":"fonce","finition":"optimale","libelle":"TopQuadri","code":null,"dpi":400,"finesse_forme_isolee":"0.040","finesse_forme_non_isolee":"0.700","hauteur_minimale_texte":2,"inactif":0,"marquage_interne":1,"quantite_min":null,"parent_id":18,"print_on_support":0,"content":"TopQuadri","description":"pour petites et moyennes s\u00e9ries"},{"id":3,"nom":"serigraphie","finition":"serigraphie","libelle":"SeriCoat","code":null,"dpi":400,"finesse_forme_isolee":"0.040","finesse_forme_non_isolee":"0.700","hauteur_minimale_texte":2,"inactif":0,"marquage_interne":1,"quantite_min":15,"parent_id":18,"print_on_support":0,"content":"SeriCoat","description":"pour moyennes et grandes s\u00e9ries"},{"id":4,"nom":"broderie","finition":"broderie","libelle":"Broderie","code":null,"dpi":400,"finesse_forme_isolee":"0.040","finesse_forme_non_isolee":"0.700","hauteur_minimale_texte":3,"inactif":0,"marquage_interne":1,"quantite_min":null,"parent_id":null,"print_on_support":0,"content":"Broderie","description":null},{"id":8,"nom":"theme","finition":null,"libelle":"Th\u00e8me","code":null,"dpi":null,"finesse_forme_isolee":null,"finesse_forme_non_isolee":null,"hauteur_minimale_texte":null,"inactif":0,"marquage_interne":1,"quantite_min":null,"parent_id":null,"print_on_support":0,"content":"Th\u00e8me","description":null},{"id":9,"nom":"sans","finition":null,"libelle":null,"code":null,"dpi":null,"finesse_forme_isolee":null,"finesse_forme_non_isolee":null,"hauteur_minimale_texte":null,"inactif":0,"marquage_interne":1,"quantite_min":null,"parent_id":null,"print_on_support":0,"content":"sans","description":null},{"id":10,"nom":"photo","finition":null,"libelle":"Photo","code":null,"dpi":null,"finesse_forme_isolee":null,"finesse_forme_non_isolee":null,"hauteur_minimale_texte":null,"inactif":0,"marquage_interne":1,"quantite_min":null,"parent_id":null,"print_on_support":0,"content":"Photo","description":null},{"id":14,"nom":"couleur","finition":null,"libelle":"Couleur","code":null,"dpi":null,"finesse_forme_isolee":null,"finesse_forme_non_isolee":null,"hauteur_minimale_texte":null,"inactif":0,"marquage_interne":1,"quantite_min":null,"parent_id":null,"print_on_support":0,"content":"Couleur","description":null},{"id":15,"nom":"sublimation","finition":"sublimation","libelle":"Sublimation","code":null,"dpi":null,"finesse_forme_isolee":"0.000","finesse_forme_non_isolee":"0.000","hauteur_minimale_texte":2,"inactif":0,"marquage_interne":1,"quantite_min":null,"parent_id":null,"print_on_support":0,"content":"Sublimation","description":null},{"id":16,"nom":"topquadri_uv","finition":null,"libelle":"TopQuadri UV","code":null,"dpi":null,"finesse_forme_isolee":"0.020","finesse_forme_non_isolee":"0.700","hauteur_minimale_texte":2,"inactif":0,"marquage_interne":1,"quantite_min":null,"parent_id":null,"print_on_support":1,"content":null,"description":null},{"id":17,"nom":"topquadri_uvp","finition":null,"libelle":"TopQuadri UVP","code":null,"dpi":null,"finesse_forme_isolee":"0.020","finesse_forme_non_isolee":"0.700","hauteur_minimale_texte":2,"inactif":0,"marquage_interne":1,"quantite_min":null,"parent_id":null,"print_on_support":1,"content":null,"description":null},{"id":18,"nom":"quadri","finition":null,"libelle":"Impression","code":null,"dpi":null,"finesse_forme_isolee":null,"finesse_forme_non_isolee":null,"hauteur_minimale_texte":null,"inactif":0,"marquage_interne":1,"quantite_min":null,"parent_id":null,"print_on_support":0,"content":null,"description":null}]}}