{"data":{"product":{"id":20788,"titre":"KALMAR","description":"Sacoche de rangement rembourr\u00e9 pour ordinateur portable en polyester recycl\u00e9 RPET 600 D au design chin\u00e9. Deux compartiments avec fermeture zipp\u00e9e imperm\u00e9able. Poign\u00e9es assorties et bandouli\u00e8re r\u00e9glable. Sangle de valise incluse. Dimensions : 37 x 5 x 28 cm. Composition : RPET.","genre":"","grammage":0,"conditionnement":30,"composition":"","reference":"PM7500","reference_visible":"st-pm7500","reference_fabricant":"PM7500","ref_xor":"722801","in_catalog":true,"is_transfer":false,"is_service":false,"on_standby":false,"has_3d":false,"has_size_guide":false,"has_marking":true,"has_vierge":true,"is_cross_sellable":false,"id_picto":81,"filename_3d":null,"brand":{"id":352,"name":"Stamina","logo":"logo-stamina.png","image":"https:\/\/media.th4.com\/XtszMrhN4PSlQT4v0dBJBG2A1qMsj6Ced58O9G8vaL8\/pr:brand70x70\/aHR0cDovL21lZGlhMi5kZXNpZ25wYXJ0bmVyLmZyL2MvbS9sb2dvLXN0YW1pbmEucG5n?v=1691073931"},"price_infos":{"price_from":19.66,"quantity":100,"color":{"id":17584,"name":"noir"},"size":{"id":42,"name":"taille_unique"}},"price_infos_marking":{"price_from":11,"quantity":200,"color":{"id":17584,"name":"noir"},"size":{"id":42,"name":"taille_unique"},"marking":{"id":2,"name":""},"emplacement":"avant","surface_emplacement_id":6596,"surface":"Position centrale"},"i18n":{"blank":{"title":{"fr":"Kalmar pochette ordinateur STAMINA pm7500","en":"Kalmar STAMINA laptop sleeve pm7500","de":"Kalmar Laptoptasche STAMINA pm7500","nl":"Kalmar laptoptas STAMINA pm7500","es":"Kalmar funda para ordenador port\u00e1til STAMINA pm7500","it":"Kalmar custodia per computer STAMINA pm7500","sv":"Kalmar datorfodral STAMINA pm7500","pt":"Kalmar bolsa para computador port\u00e1til STAMINA pm7500","da":"Kalmar computertaske STAMINA pm7500","pl":"Etui na komputer Kalmar STAMINA pm7500"},"description":{"fr":"Le Kalmar pochette pour ordinateur permet de transporter un ordinateur portable avec un rangement rembourr\u00e9. Deux compartiments s\u00e9par\u00e9s avec fermeture zipp\u00e9e imperm\u00e9able, bandouli\u00e8re r\u00e9glable, poign\u00e9es et sangle valise.\n\n- Composition : RPET 600 D\n- Dimensions : 37 x 5 x 28 cm\n- Deux compartiments\n- Bandouli\u00e8re r\u00e9glable","en":"The Kalmar laptop sleeve allows carrying a laptop with a padded compartment. Two separate compartments with waterproof zip closure, adjustable shoulder strap, handles, and suitcase strap.\n\n- Composition: RPET 600 D\n- Dimensions: 37 x 5 x 28 cm\n- Two compartments\n- Adjustable shoulder strap","de":"Die Kalmar Laptoptasche erm\u00f6glicht den Transport eines Laptops mit einem gepolsterten Fach. Zwei separate F\u00e4cher mit wasserfestem Rei\u00dfverschluss, verstellbarer Schultergurt, Tragegriffe und Trolleyband.\n\n- Material: RPET 600 D\n- Ma\u00dfe: 37 x 5 x 28 cm\n- Zwei F\u00e4cher\n- Verstellbarer Schultergurt","nl":"De Kalmar laptoptas maakt het mogelijk een laptop te vervoeren met een gewatteerd opbergvak. Twee aparte compartimenten met waterdichte ritssluiting, verstelbare schouderriem, handgrepen en trolleyband.\n\n- Samenstelling: RPET 600 D\n- Afmetingen: 37 x 5 x 28 cm\n- Twee compartimenten\n- Verstelbare schouderriem","es":"La funda para ordenador port\u00e1til Kalmar permite transportar un ordenador port\u00e1til con un compartimento acolchado. Dos compartimentos separados con cierre de cremallera impermeable, bandolera ajustable, asas y correa para maleta.\n\n- Composici\u00f3n: RPET 600 D\n- Dimensiones: 37 x 5 x 28 cm\n- Dos compartimentos\n- Bandolera ajustable","it":"La custodia per computer Kalmar consente di trasportare un computer portatile con un vano imbottito. Due scomparti separati con chiusura a zip impermeabile, tracolla regolabile, manici e fascia per trolley.\n\n- Composizione: RPET 600 D\n- Dimensioni: 37 x 5 x 28 cm\n- Due scomparti\n- Tracolla regolabile","sv":"Kalmar datorfodral g\u00f6r det m\u00f6jligt att transportera en b\u00e4rbar dator med ett vadderat fack. Tv\u00e5 separata fack med vattent\u00e4t blixtl\u00e5sst\u00e4ngning, justerbar axelrem, handtag och resv\u00e4skrem.\n\n- Material: RPET 600 D\n- M\u00e5tt: 37 x 5 x 28 cm\n- Tv\u00e5 fack\n- Justerbar axelrem","pt":"A bolsa para computador port\u00e1til Kalmar permite transportar um computador port\u00e1til com um compartimento acolchoado. Dois compartimentos separados com fecho de correr imperme\u00e1vel, al\u00e7a de ombro ajust\u00e1vel, pegas e tira para mala.\n\n- Composi\u00e7\u00e3o: RPET 600 D\n- Dimens\u00f5es: 37 x 5 x 28 cm\n- Dois compartimentos\n- Al\u00e7a de ombro ajust\u00e1vel","da":"Kalmar computertaske til transport af en b\u00e6rbar computer med et polstret rum. To separate rum med vandt\u00e6t lynl\u00e5slukning, justerbar skulderrem, h\u00e5ndtag og bagagerem.\n\n- Materiale: RPET 600 D\n- M\u00e5l: 37 x 5 x 28 cm\n- To rum\n- Justerbar skulderrem","pl":"Etui na komputer Kalmar umo\u017cliwia przenoszenie laptopa w wy\u015bci\u00f3\u0142kowanym schowku. Dwie oddzielne przegrody z wodoodpornym zamkiem b\u0142yskawicznym, regulowany pasek na rami\u0119, uchwyty i pas do walizki.\n\n- Sk\u0142ad: RPET 600 D\n- Wymiary: 37 x 5 x 28 cm\n- Dwie przegrody\n- Regulowany pasek na rami\u0119"},"h1":{"fr":"Kalmar pochette ordinateur pm7500","en":"Kalmar laptop sleeve pm7500","de":"Kalmar Laptoptasche pm7500","nl":"Kalmar laptoptas pm7500","es":"Kalmar funda para ordenador port\u00e1til pm7500","it":"Kalmar custodia per computer pm7500","sv":"Kalmar datorfodral pm7500","pt":"Kalmar bolsa para computador port\u00e1til pm7500","da":"Kalmar computertaske pm7500","pl":"Etui na komputer Kalmar pm7500"},"meta_description":{"fr":"Pochette ordinateur Kalmar pm7500 avec rangement rembourr\u00e9, deux compartiments zipp\u00e9s imperm\u00e9ables, bandouli\u00e8re r\u00e9glable et sangle valise. 37 x 5 x 28 cm.","en":"Kalmar laptop sleeve pm7500 with padded compartment, two waterproof zippered compartments, adjustable shoulder strap, and suitcase strap. 37 x 5 x 28 cm.","de":"Kalmar Laptoptasche pm7500 mit gepolstertem Fach, zwei wasserdichten Rei\u00dfverschlussf\u00e4chern, verstellbarem Schultergurt und Trolleyband. 37 x 5 x 28 cm.","nl":"Kalmar laptoptas pm7500 met gewatteerd vak, twee waterdichte ritsvakken, verstelbare schouderriem en trolleyband. 37 x 5 x 28 cm.","es":"Funda para ordenador port\u00e1til Kalmar pm7500 con compartimento acolchado, dos compartimentos impermeables con cremallera, bandolera ajustable y correa para maleta. 37 x 5 x 28 cm.","it":"Custodia per computer Kalmar pm7500 con vano imbottito, due scomparti impermeabili con zip, tracolla regolabile e fascia per trolley. 37 x 5 x 28 cm.","sv":"Kalmar datorfodral pm7500 med vadderat fack, tv\u00e5 vattent\u00e4ta blixtl\u00e5sf\u00f6rsedda fack, justerbar axelrem och resv\u00e4skrem. 37 x 5 x 28 cm.","pt":"Bolsa para computador port\u00e1til Kalmar pm7500 com compartimento acolchoado, dois compartimentos imperme\u00e1veis com fecho de correr, al\u00e7a de ombro ajust\u00e1vel e tira para mala. 37 x 5 x 28 cm.","da":"Kalmar computertaske pm7500 med polstret rum, to vandt\u00e6tte lynl\u00e5srum, justerbar skulderrem og bagagerem. 37 x 5 x 28 cm.","pl":"Etui na komputer Kalmar pm7500 z wy\u015bci\u00f3\u0142kowanym schowkiem, dwoma wodoodpornymi przegrodami na zamek b\u0142yskawiczny, regulowanym paskiem na rami\u0119 i pasem do walizki. 37 x 5 x 28 cm."}},"custom":{"title":{"fr":"KALMAR Pochette ordinateur STAMINA pm7500 personnalisable","en":"KALMAR Computer sleeve STAMINA pm7500 customizable","de":"KALMAR Laptoptasche STAMINA pm7500 anpassbar","nl":"KALMAR STAMINA pm7500 aanpasbare laptophoes","es":"KALMAR Funda para ordenador STAMINA pm7500 personalizable","it":"KALMAR Borsa per computer STAMINA pm7500 personalizzabile","sv":"KALMAR Laptop sleeve STAMINA pm7500 customizable","pt":"KALMAR Sleeve para computador STAMINA pm7500 personaliz\u00e1vel","da":"KALMAR Laptop taske STAMINA pm7500 tilpasselig","pl":"KALMAR Etui na laptop STAMINA pm7500 do personalizacji"},"description":{"fr":"La pochette ordinateur KALMAR est con\u00e7ue en polyester recycl\u00e9 RPET 600 D au design chin\u00e9. Elle comprend deux compartiments avec fermeture zipp\u00e9e imperm\u00e9able, des poign\u00e9es assorties et une bandouli\u00e8re r\u00e9glable. Une sangle valise est incluse pour faciliter le transport. La dimension de la pochette est de 37 x 5 x 28 cm.\n\n- Composition polyester recycl\u00e9 RPET\n- Dimensions 37 x 5 x 28 cm\n- Deux compartiments zipp\u00e9s imperm\u00e9ables\n- Bandouli\u00e8re r\u00e9glable, sangle valise incluse","en":"The KALMAR computer sleeve is made of recycled polyester RPET 600 D with a heathered design. It includes two compartments with waterproof zip closure, matching handles, and an adjustable shoulder strap. A suitcase strap is included for easy transport. The sleeve dimensions are 37 x 5 x 28 cm.\n\n- Composition recycled polyester RPET\n- Dimensions 37 x 5 x 28 cm\n- Two waterproof zip compartments\n- Adjustable shoulder strap, suitcase strap included","de":"Die Laptoptasche KALMAR ist aus recyceltem RPET 600D-Polyester mit meliertem Design gefertigt. Sie verf\u00fcgt \u00fcber zwei F\u00e4cher mit wasserdichten Rei\u00dfverschl\u00fcssen, passende Griffe und einen verstellbaren Schultergurt. Ein Gep\u00e4ckriemen ist enthalten zur leichteren Bef\u00f6rderung. Die Ma\u00dfe der Tasche betragen 37 x 5 x 28 cm.\n\n- Material recyceltes RPET-Polyester\n- Ma\u00dfe 37 x 5 x 28 cm\n- Zwei wasserdichte Rei\u00dfverschlussf\u00e4cher\n- Verstellbarer Schultergurt, Gep\u00e4ckriemen enthalten","nl":"De KALMAR laptophoes is gemaakt van gerecycled RPET polyester 600D met een gem\u00ealeerd ontwerp. Hij heeft twee vakken met waterdichte ritssluitingen, bijpassende handgrepen en een verstelbare schouderriem. Een kofferband is inbegrepen voor gemakkelijk transport. Afmetingen van de hoes: 37 x 5 x 28 cm.\n\n- Samenstelling gerecycled RPET polyester\n- Afmetingen 37 x 5 x 28 cm\n- Twee vakken met waterdichte ritssluitingen\n- Verstelbare schouderriem, kofferband inbegrepen","es":"La funda para ordenador KALMAR est\u00e1 fabricada en poli\u00e9ster reciclado RPET 600 D con dise\u00f1o jaspeado. Dispone de dos compartimentos con cierre de cremallera impermeable, asas a juego y correa ajustable. Incluye una correa para maleta que facilita el transporte. Las dimensiones de la funda son 37 x 5 x 28 cm.\n\n- Composici\u00f3n poli\u00e9ster reciclado RPET\n- Dimensiones 37 x 5 x 28 cm\n- Dos compartimentos con cremallera impermeable\n- Correa ajustable, correa para maleta incluida","it":"La borsa per computer KALMAR \u00e8 realizzata in poliestere riciclato RPET 600 D dal design m\u00e9lange. Comprende due scomparti con chiusura a zip impermeabile, manici abbinati e tracolla regolabile. Include una cinghia per valigia per facilitare il trasporto. Le dimensioni della borsa sono 37 x 5 x 28 cm.\n\n- Composizione poliestere riciclato RPET\n- Dimensioni 37 x 5 x 28 cm\n- Due scomparti impermeabili con zip\n- Tracolla regolabile, cinghia per valigia inclusa","sv":"The KALMAR laptop sleeve is made of recycled RPET polyester 600D with a heathered design. It includes two compartments with waterproof zip closure, matching handles and an adjustable shoulder strap. A suitcase strap is included to facilitate transport. The sleeve dimensions are 37 x 5 x 28 cm.\n\n- Composition recycled RPET polyester\n- Dimensions 37 x 5 x 28 cm\n- Two waterproof zipped compartments\n- Adjustable shoulder strap, suitcase strap included","pt":"O sleeve para computador KALMAR \u00e9 feito em poli\u00e9ster reciclado RPET 600 D com design mesclado. Cont\u00e9m dois compartimentos com fechamento em z\u00edper imperme\u00e1vel, al\u00e7as combinando e al\u00e7a ajust\u00e1vel. Inclui cinta para mala para facilitar o transporte. As dimens\u00f5es do sleeve s\u00e3o 37 x 5 x 28 cm.\n\n- Composi\u00e7\u00e3o poli\u00e9ster reciclado RPET\n- Dimens\u00f5es 37 x 5 x 28 cm\n- Dois compartimentos com z\u00edper imperme\u00e1vel\n- Al\u00e7a ajust\u00e1vel, cinta para mala inclu\u00edda","da":"Laptop tasken KALMAR er lavet af genbrugt RPET 600D polyester med meleret design. Den indeholder to rum med vandt\u00e6tte lynl\u00e5se, matchende h\u00e5ndtag og justerbar skulderrem. En bagagerem er inkluderet for lettere transport. Taskens m\u00e5l er 37 x 5 x 28 cm.\n\n- Sammens\u00e6tning genbrugt RPET polyester\n- M\u00e5l 37 x 5 x 28 cm\n- To vandt\u00e6tte lynl\u00e5slommer\n- Justerbar skulderrem, bagagerem inkluderet","pl":"Etui na laptop KALMAR wykonane jest z recyklingowanego poliestru RPET 600 D o melan\u017cowym wzorze. Zawiera dwie przegr\u00f3dki z zamkami wodoodpornymi, dopasowane uchwyty oraz regulowany pasek na rami\u0119. Do\u0142\u0105czony jest pasek do walizki u\u0142atwiaj\u0105cy transport. Wymiary etui to 37 x 5 x 28 cm.\n\n- Sk\u0142ad: recyklingowany poliester RPET\n- Wymiary 37 x 5 x 28 cm\n- Dwie wodoodporne przegr\u00f3dki zapinane na zamek\n- Regulowany pasek na rami\u0119, do\u0142\u0105czony pasek do walizki"},"h1":{"fr":"KALMAR Pochette ordinateur pm7500 personnalisable","en":"KALMAR Computer sleeve pm7500 customizable","de":"KALMAR Laptoptasche pm7500 anpassbar","nl":"KALMAR pm7500 aanpasbare laptophoes","es":"KALMAR Funda para ordenador pm7500 personalizable","it":"KALMAR Borsa per computer pm7500 personalizzabile","sv":"KALMAR Laptop sleeve pm7500 customizable","pt":"KALMAR Sleeve para computador pm7500 personaliz\u00e1vel","da":"KALMAR Laptop taske pm7500 tilpasselig","pl":"KALMAR Etui na laptop pm7500 do personalizacji"},"meta_description":{"fr":"Sacoche rembourr\u00e9e en polyester recycl\u00e9 RPET 600D avec deux compartiments zipp\u00e9s imperm\u00e9ables et bandouli\u00e8re r\u00e9glable. Dimensions 37x5x28 cm.","en":"Padded bag in recycled polyester RPET 600D with two waterproof zip compartments and adjustable shoulder strap. Dimensions 37x5x28 cm.","de":"Gepolsterte Tasche aus recyceltem RPET 600D-Polyester mit zwei wasserdichten Rei\u00dfverschlussf\u00e4chern und verstellbarem Schultergurt. Ma\u00dfe 37x5x28 cm.","nl":"Gewatteerde tas van gerecycled RPET polyester 600D met twee waterdichte ritssluitingen en verstelbare schouderriem. Afmetingen 37x5x28 cm.","es":"Bolsa acolchada de poli\u00e9ster reciclado RPET 600D con dos compartimentos impermeables con cremallera y correa ajustable. Dimensiones 37x5x28 cm.","it":"Borsa imbottita in poliestere riciclato RPET 600D con due scomparti impermeabili con zip e tracolla regolabile. Dimensioni 37x5x28 cm.","sv":"Padded bag in recycled RPET polyester 600D with two waterproof zipped compartments and adjustable shoulder strap. Dimensions 37x5x28 cm.","pt":"Bolsa acolchoada em poli\u00e9ster reciclado RPET 600D com dois compartimentos imperme\u00e1veis com z\u00edper e al\u00e7a ajust\u00e1vel. Dimens\u00f5es 37x5x28 cm.","da":"Polstret taske i genbrugt RPET 600D polyester med to vandt\u00e6tte lynl\u00e5slommer og justerbar skulderrem. M\u00e5l 37x5x28 cm.","pl":"Wy\u015bcie\u0142ana torba z recyklingowanego poliestru RPET 600D z dwoma wodoodpornymi, zapinanymi na zamek przegr\u00f3dkami i regulowanym paskiem na rami\u0119. Wymiary 37x5x28 cm."}}},"categories":[{"id":579,"name":"Pochettes pour ordinateurs","singular":"Pochette pour ordinateur","is_feminin":true},{"id":564,"name":"Business","singular":"Business","is_feminin":false},{"id":559,"name":"Univers","singular":"Univers","is_feminin":false},{"id":499,"name":"Bagagerie","singular":"Bagagerie","is_feminin":false},{"id":575,"name":"Sacs business","singular":"Sac business","is_feminin":false}],"certifications":[{"id":24,"label":"PET recycl\u00e9 (rPet)","logo_link":"\/images\/certifications\/24_PET_recycl\u00e9_(rPet).jpg","is_marking_compatible":false}],"videos":{"fr":[],"en":[],"de":[],"nl":[],"es":[],"it":[],"sv":[],"pt":[],"da":[],"pl":[]},"main_images":{"miniature":"https:\/\/media.th4.com\/LgNGEC05pGGQ5e5Uaby0kV527mu-vE7teTTbEogUIfk\/pr:80\/aHR0cDovL21lZGlhMi5kZXNpZ25wYXJ0bmVyLmZyL2MvcC1ibGFuay1USC8yMDc4OC53ZWJw?v=1759311659","medium":"https:\/\/media.th4.com\/MnnNNQg54NUTITZm64MTo9lYhlENVjmK15q22MJ-7JY\/pr:550x550greybg\/aHR0cDovL21lZGlhMi5kZXNpZ25wYXJ0bmVyLmZyL2MvcC1ibGFuay1USC8yMDc4OC53ZWJw?v=1759311659","medium_large":"https:\/\/media.th4.com\/i-IbVVDW9R2hFG4O29ii468PcPxM80BU1q-ASnROXh8\/pr:1000x1000greybg\/aHR0cDovL21lZGlhMi5kZXNpZ25wYXJ0bmVyLmZyL2MvcC1ibGFuay1USC8yMDc4OC53ZWJw?v=1759311659","large":"https:\/\/media.th4.com\/swqpzu4y58YeRB9-S98h4bmWS2vuimroK5Tbg-8_txk\/pr:1920greybg\/aHR0cDovL21lZGlhMi5kZXNpZ25wYXJ0bmVyLmZyL2MvcC1ibGFuay1USC8yMDc4OC53ZWJw?v=1759311659","opengraph":"https:\/\/media.th4.com\/jJnVXgn8AfVFXO-k64JUge1Ey0cBmHSBDs1_SjvkTwI\/pr:1200x630greybg\/aHR0cDovL21lZGlhMi5kZXNpZ25wYXJ0bmVyLmZyL2MvcC1ibGFuay1USC8yMDc4OC53ZWJw?v=1759311659"},"main_images_customization":{"miniature":"https:\/\/media.th4.com\/WuyTrQQKFPy3fHgyWRdzJDnZ0dc0DytRRqrkL1drACI\/pr:80\/aHR0cDovL21lZGlhMi5kZXNpZ25wYXJ0bmVyLmZyL2MvcC1jdXN0b20tVEgvMjA3ODgud2VicA?v=1759312018","medium":"https:\/\/media.th4.com\/MiY4l7aZ3Kzm5w0il5fJqU5nLNCD8br3SeYgP4mCIf0\/pr:550x550greybg\/aHR0cDovL21lZGlhMi5kZXNpZ25wYXJ0bmVyLmZyL2MvcC1jdXN0b20tVEgvMjA3ODgud2VicA?v=1759312018","medium_large":"https:\/\/media.th4.com\/Ql7gyIciNjMiZw4agsnm1L6mK1jYti9-nC_9gu5NQeo\/pr:1000x1000greybg\/aHR0cDovL21lZGlhMi5kZXNpZ25wYXJ0bmVyLmZyL2MvcC1jdXN0b20tVEgvMjA3ODgud2VicA?v=1759312018","large":"https:\/\/media.th4.com\/4MFpRWFWNPZATAeIzNnejR0UKDPTgkTjXm-VYp9NKEQ\/pr:1920greybg\/aHR0cDovL21lZGlhMi5kZXNpZ25wYXJ0bmVyLmZyL2MvcC1jdXN0b20tVEgvMjA3ODgud2VicA?v=1759312018","opengraph":"https:\/\/media.th4.com\/Ssi86sFTk4STHkmI0573Y9cDNavizoxvuk_7let_hVc\/pr:1200x630greybg\/aHR0cDovL21lZGlhMi5kZXNpZ25wYXJ0bmVyLmZyL2MvcC1jdXN0b20tVEgvMjA3ODgud2VicA?v=1759312018"},"page_links":{"fr":"\/fr\/p-st-pm7500-kalmar-pochette-ordinateur-pm7500-20788\/","en":"\/en\/p-st-pm7500-kalmar-laptop-sleeve-pm7500-20788\/","de":"\/de\/p-st-pm7500-kalmar-laptoptasche-pm7500-20788\/","nl":"\/nl\/p-st-pm7500-kalmar-laptoptas-pm7500-20788\/","es":"\/es\/p-st-pm7500-kalmar-funda-para-ordenador-portatil-pm7500-20788\/","it":"\/it\/p-st-pm7500-kalmar-custodia-per-computer-pm7500-20788\/","sv":"\/sv\/p-st-pm7500-kalmar-datorfodral-pm7500-20788\/","pt":"\/pt\/p-st-pm7500-kalmar-bolsa-para-computador-portatil-pm7500-20788\/","da":"\/da\/p-st-pm7500-kalmar-computertaske-pm7500-20788\/","pl":"\/pl\/p-st-pm7500-etui-na-komputer-kalmar-pm7500-20788\/"},"page_links_customization":{"fr":"\/fr\/p-st-pm7500-kalmar-pochette-ordinateur-pm7500-personnalisable-20788\/custom\/","en":"\/en\/p-st-pm7500-kalmar-computer-sleeve-pm7500-customizable-20788\/custom\/","de":"\/de\/p-st-pm7500-kalmar-laptoptasche-pm7500-anpassbar-20788\/custom\/","nl":"\/nl\/p-st-pm7500-kalmar-pm7500-aanpasbare-laptophoes-20788\/custom\/","es":"\/es\/p-st-pm7500-kalmar-funda-para-ordenador-pm7500-personalizable-20788\/custom\/","it":"\/it\/p-st-pm7500-kalmar-borsa-per-computer-pm7500-personalizzabile-20788\/custom\/","sv":"\/sv\/p-st-pm7500-kalmar-laptop-sleeve-pm7500-customizable-20788\/custom\/","pt":"\/pt\/p-st-pm7500-kalmar-sleeve-para-computador-pm7500-personalizavel-20788\/custom\/","da":"\/da\/p-st-pm7500-kalmar-laptop-taske-pm7500-tilpasselig-20788\/custom\/","pl":"\/pl\/p-st-pm7500-kalmar-etui-na-laptop-pm7500-do-personalizacji-20788\/custom\/"},"equivalent_products":[],"colors":[{"id":17588,"name":"gris_chine","class_ids":[3],"codes_hexa":["c4c4c4"],"delai_24":false,"has_3d":false,"seuil_global":0,"stock_local":0,"stock_global":526,"on_standby":false,"in_catalog":true,"images":{"miniature":["https:\/\/media.th4.com\/dficpewI17p8na48f0bc69nLBBdBUmgOdzobYpe6eKA\/pr:80\/aHR0cDovL21lZGlhMi5kZXNpZ25wYXJ0bmVyLmZyL2MvcC8yMDc4OC8yMDc4OC0xNzU4OC0xLndlYnA?v=1759309939"],"medium":["https:\/\/media.th4.com\/LXdx2S1oJHzbidbA_dtdLG9XKFRwaBlPuI2jLosQFaA\/pr:550x550\/aHR0cDovL21lZGlhMi5kZXNpZ25wYXJ0bmVyLmZyL2MvcC8yMDc4OC8yMDc4OC0xNzU4OC0xLndlYnA?v=1759309939"],"medium_large":["https:\/\/media.th4.com\/5anvH3UQZbC9heg8MK_ZxwkhW9N1XmPxazr6Ip7Ux9k\/pr:1000x1000\/aHR0cDovL21lZGlhMi5kZXNpZ25wYXJ0bmVyLmZyL2MvcC8yMDc4OC8yMDc4OC0xNzU4OC0xLndlYnA?v=1759309939"],"large":["https:\/\/media.th4.com\/auSY9nn3rkhBYXXd5hqA295j7gv2aYW6pX_Biz9wb2A\/pr:1920\/aHR0cDovL21lZGlhMi5kZXNpZ25wYXJ0bmVyLmZyL2MvcC8yMDc4OC8yMDc4OC0xNzU4OC0xLndlYnA?v=1759309939"],"opengraph":["https:\/\/media.th4.com\/nLl1i76te1Bv0I7fI0jgJi6BzVc53iax2SUW54c3AU0\/pr:1200x630\/aHR0cDovL21lZGlhMi5kZXNpZ25wYXJ0bmVyLmZyL2MvcC8yMDc4OC8yMDc4OC0xNzU4OC0xLndlYnA?v=1759309939"]},"images_customization":{"miniature":["https:\/\/media.th4.com\/dficpewI17p8na48f0bc69nLBBdBUmgOdzobYpe6eKA\/pr:80\/aHR0cDovL21lZGlhMi5kZXNpZ25wYXJ0bmVyLmZyL2MvcC8yMDc4OC8yMDc4OC0xNzU4OC0xLndlYnA?v=1759309939"],"medium":["https:\/\/media.th4.com\/LXdx2S1oJHzbidbA_dtdLG9XKFRwaBlPuI2jLosQFaA\/pr:550x550\/aHR0cDovL21lZGlhMi5kZXNpZ25wYXJ0bmVyLmZyL2MvcC8yMDc4OC8yMDc4OC0xNzU4OC0xLndlYnA?v=1759309939"],"medium_large":["https:\/\/media.th4.com\/5anvH3UQZbC9heg8MK_ZxwkhW9N1XmPxazr6Ip7Ux9k\/pr:1000x1000\/aHR0cDovL21lZGlhMi5kZXNpZ25wYXJ0bmVyLmZyL2MvcC8yMDc4OC8yMDc4OC0xNzU4OC0xLndlYnA?v=1759309939"],"large":["https:\/\/media.th4.com\/auSY9nn3rkhBYXXd5hqA295j7gv2aYW6pX_Biz9wb2A\/pr:1920\/aHR0cDovL21lZGlhMi5kZXNpZ25wYXJ0bmVyLmZyL2MvcC8yMDc4OC8yMDc4OC0xNzU4OC0xLndlYnA?v=1759309939"],"opengraph":["https:\/\/media.th4.com\/nLl1i76te1Bv0I7fI0jgJi6BzVc53iax2SUW54c3AU0\/pr:1200x630\/aHR0cDovL21lZGlhMi5kZXNpZ25wYXJ0bmVyLmZyL2MvcC8yMDc4OC8yMDc4OC0xNzU4OC0xLndlYnA?v=1759309939"]},"country_origin":"CN","traceability":{"manufacturing_country_id":null,"weaving_country_id":null,"dyeing_country_id":null},"sizes":[{"id":42,"article_id":514473,"class_id":19,"name":"taille_unique","on_standby":false,"stock_local":0,"stock_global":526,"multiple":1,"estimated_date_reassort":null,"is_destocking":false}],"page_links":{"fr":"\/fr\/p-st-pm7500-kalmar-pochette-ordinateur-pm7500-20788\/gris-chine-17588\/","en":"\/en\/p-st-pm7500-kalmar-laptop-sleeve-pm7500-20788\/gris-chine-17588\/","de":"\/de\/p-st-pm7500-kalmar-laptoptasche-pm7500-20788\/gris-chine-17588\/","nl":"\/nl\/p-st-pm7500-kalmar-laptoptas-pm7500-20788\/gris-chine-17588\/","es":"\/es\/p-st-pm7500-kalmar-funda-para-ordenador-portatil-pm7500-20788\/gris-chine-17588\/","it":"\/it\/p-st-pm7500-kalmar-custodia-per-computer-pm7500-20788\/gris-chine-17588\/","sv":"\/sv\/p-st-pm7500-kalmar-datorfodral-pm7500-20788\/gris-chine-17588\/","pt":"\/pt\/p-st-pm7500-kalmar-bolsa-para-computador-portatil-pm7500-20788\/gris-chine-17588\/","da":"\/da\/p-st-pm7500-kalmar-computertaske-pm7500-20788\/gris-chine-17588\/","pl":"\/pl\/p-st-pm7500-etui-na-komputer-kalmar-pm7500-20788\/gris-chine-17588\/"},"page_links_customization":{"fr":"\/fr\/p-st-pm7500-kalmar-pochette-ordinateur-pm7500-personnalisable-20788\/gris-chine-17588\/custom\/","en":"\/en\/p-st-pm7500-kalmar-computer-sleeve-pm7500-customizable-20788\/gris-chine-17588\/custom\/","de":"\/de\/p-st-pm7500-kalmar-laptoptasche-pm7500-anpassbar-20788\/gris-chine-17588\/custom\/","nl":"\/nl\/p-st-pm7500-kalmar-pm7500-aanpasbare-laptophoes-20788\/gris-chine-17588\/custom\/","es":"\/es\/p-st-pm7500-kalmar-funda-para-ordenador-pm7500-personalizable-20788\/gris-chine-17588\/custom\/","it":"\/it\/p-st-pm7500-kalmar-borsa-per-computer-pm7500-personalizzabile-20788\/gris-chine-17588\/custom\/","sv":"\/sv\/p-st-pm7500-kalmar-laptop-sleeve-pm7500-customizable-20788\/gris-chine-17588\/custom\/","pt":"\/pt\/p-st-pm7500-kalmar-sleeve-para-computador-pm7500-personalizavel-20788\/gris-chine-17588\/custom\/","da":"\/da\/p-st-pm7500-kalmar-laptop-taske-pm7500-tilpasselig-20788\/gris-chine-17588\/custom\/","pl":"\/pl\/p-st-pm7500-kalmar-etui-na-laptop-pm7500-do-personalizacji-20788\/gris-chine-17588\/custom\/"}},{"id":17584,"name":"noir","class_ids":[4],"codes_hexa":["000000"],"delai_24":false,"has_3d":false,"seuil_global":0,"stock_local":0,"stock_global":247,"on_standby":false,"in_catalog":true,"images":{"miniature":["https:\/\/media.th4.com\/agMAWqxmt6x3yr9ze0eNhRgLCMqmALoKYnu0394T8jQ\/pr:80\/aHR0cDovL21lZGlhMi5kZXNpZ25wYXJ0bmVyLmZyL2MvcC8yMDc4OC8yMDc4OC0xNzU4NC0xLndlYnA?v=1759309940"],"medium":["https:\/\/media.th4.com\/UXGcDywFo9WQLw4dHiBD3MD6quZx_QnkmLV0BvH-UXM\/pr:550x550\/aHR0cDovL21lZGlhMi5kZXNpZ25wYXJ0bmVyLmZyL2MvcC8yMDc4OC8yMDc4OC0xNzU4NC0xLndlYnA?v=1759309940"],"medium_large":["https:\/\/media.th4.com\/HRKakatW81k5CmaPd5S9EsBUQh_TPuergBqojV5gI6s\/pr:1000x1000\/aHR0cDovL21lZGlhMi5kZXNpZ25wYXJ0bmVyLmZyL2MvcC8yMDc4OC8yMDc4OC0xNzU4NC0xLndlYnA?v=1759309940"],"large":["https:\/\/media.th4.com\/fNcV6hgx4AbDm5n8TtgyZnbQeug6xA1I6tLVYSdtfMM\/pr:1920\/aHR0cDovL21lZGlhMi5kZXNpZ25wYXJ0bmVyLmZyL2MvcC8yMDc4OC8yMDc4OC0xNzU4NC0xLndlYnA?v=1759309940"],"opengraph":["https:\/\/media.th4.com\/wbb0JHbgaTLHapiBFoeDq3rnWU6XBEWmUPOcYv39BuE\/pr:1200x630\/aHR0cDovL21lZGlhMi5kZXNpZ25wYXJ0bmVyLmZyL2MvcC8yMDc4OC8yMDc4OC0xNzU4NC0xLndlYnA?v=1759309940"]},"images_customization":{"miniature":["https:\/\/media.th4.com\/agMAWqxmt6x3yr9ze0eNhRgLCMqmALoKYnu0394T8jQ\/pr:80\/aHR0cDovL21lZGlhMi5kZXNpZ25wYXJ0bmVyLmZyL2MvcC8yMDc4OC8yMDc4OC0xNzU4NC0xLndlYnA?v=1759309940"],"medium":["https:\/\/media.th4.com\/UXGcDywFo9WQLw4dHiBD3MD6quZx_QnkmLV0BvH-UXM\/pr:550x550\/aHR0cDovL21lZGlhMi5kZXNpZ25wYXJ0bmVyLmZyL2MvcC8yMDc4OC8yMDc4OC0xNzU4NC0xLndlYnA?v=1759309940"],"medium_large":["https:\/\/media.th4.com\/HRKakatW81k5CmaPd5S9EsBUQh_TPuergBqojV5gI6s\/pr:1000x1000\/aHR0cDovL21lZGlhMi5kZXNpZ25wYXJ0bmVyLmZyL2MvcC8yMDc4OC8yMDc4OC0xNzU4NC0xLndlYnA?v=1759309940"],"large":["https:\/\/media.th4.com\/fNcV6hgx4AbDm5n8TtgyZnbQeug6xA1I6tLVYSdtfMM\/pr:1920\/aHR0cDovL21lZGlhMi5kZXNpZ25wYXJ0bmVyLmZyL2MvcC8yMDc4OC8yMDc4OC0xNzU4NC0xLndlYnA?v=1759309940"],"opengraph":["https:\/\/media.th4.com\/wbb0JHbgaTLHapiBFoeDq3rnWU6XBEWmUPOcYv39BuE\/pr:1200x630\/aHR0cDovL21lZGlhMi5kZXNpZ25wYXJ0bmVyLmZyL2MvcC8yMDc4OC8yMDc4OC0xNzU4NC0xLndlYnA?v=1759309940"]},"country_origin":"CN","traceability":{"manufacturing_country_id":null,"weaving_country_id":null,"dyeing_country_id":null},"sizes":[{"id":42,"article_id":514471,"class_id":19,"name":"taille_unique","on_standby":false,"stock_local":0,"stock_global":247,"multiple":1,"estimated_date_reassort":null,"is_destocking":false}],"page_links":{"fr":"\/fr\/p-st-pm7500-kalmar-pochette-ordinateur-pm7500-20788\/noir-17584\/","en":"\/en\/p-st-pm7500-kalmar-laptop-sleeve-pm7500-20788\/noir-17584\/","de":"\/de\/p-st-pm7500-kalmar-laptoptasche-pm7500-20788\/noir-17584\/","nl":"\/nl\/p-st-pm7500-kalmar-laptoptas-pm7500-20788\/noir-17584\/","es":"\/es\/p-st-pm7500-kalmar-funda-para-ordenador-portatil-pm7500-20788\/noir-17584\/","it":"\/it\/p-st-pm7500-kalmar-custodia-per-computer-pm7500-20788\/noir-17584\/","sv":"\/sv\/p-st-pm7500-kalmar-datorfodral-pm7500-20788\/noir-17584\/","pt":"\/pt\/p-st-pm7500-kalmar-bolsa-para-computador-portatil-pm7500-20788\/noir-17584\/","da":"\/da\/p-st-pm7500-kalmar-computertaske-pm7500-20788\/noir-17584\/","pl":"\/pl\/p-st-pm7500-etui-na-komputer-kalmar-pm7500-20788\/noir-17584\/"},"page_links_customization":{"fr":"\/fr\/p-st-pm7500-kalmar-pochette-ordinateur-pm7500-personnalisable-20788\/noir-17584\/custom\/","en":"\/en\/p-st-pm7500-kalmar-computer-sleeve-pm7500-customizable-20788\/noir-17584\/custom\/","de":"\/de\/p-st-pm7500-kalmar-laptoptasche-pm7500-anpassbar-20788\/noir-17584\/custom\/","nl":"\/nl\/p-st-pm7500-kalmar-pm7500-aanpasbare-laptophoes-20788\/noir-17584\/custom\/","es":"\/es\/p-st-pm7500-kalmar-funda-para-ordenador-pm7500-personalizable-20788\/noir-17584\/custom\/","it":"\/it\/p-st-pm7500-kalmar-borsa-per-computer-pm7500-personalizzabile-20788\/noir-17584\/custom\/","sv":"\/sv\/p-st-pm7500-kalmar-laptop-sleeve-pm7500-customizable-20788\/noir-17584\/custom\/","pt":"\/pt\/p-st-pm7500-kalmar-sleeve-para-computador-pm7500-personalizavel-20788\/noir-17584\/custom\/","da":"\/da\/p-st-pm7500-kalmar-laptop-taske-pm7500-tilpasselig-20788\/noir-17584\/custom\/","pl":"\/pl\/p-st-pm7500-kalmar-etui-na-laptop-pm7500-do-personalizacji-20788\/noir-17584\/custom\/"}},{"id":24657,"name":"denim_chine","class_ids":[2],"codes_hexa":["505F6E"],"delai_24":false,"has_3d":false,"seuil_global":0,"stock_local":0,"stock_global":0,"on_standby":true,"in_catalog":true,"images":{"miniature":["https:\/\/media.th4.com\/8ApeRIEG39gKahVCxDSl8NoL98JMIGHBsdTEJMgBa5k\/pr:80\/aHR0cDovL21lZGlhMi5kZXNpZ25wYXJ0bmVyLmZyL2MvcC8yMDc4OC8yMDc4OC0yNDY1Ny0xLndlYnA?v=1759309935","https:\/\/media.th4.com\/CdI6Xjdn1yNYk1wEaWWAWyQrrvdGl2bh5d9WPiXjBY0\/pr:80\/aHR0cDovL21lZGlhMi5kZXNpZ25wYXJ0bmVyLmZyL2MvcC8yMDc4OC8yMDc4OC0yNDY1Ny0xMC53ZWJw?v=1759309936","https:\/\/media.th4.com\/UGQeUXKAANVeh-izq1bJ265rCG-A2LR-3v0ohXWiZK4\/pr:80\/aHR0cDovL21lZGlhMi5kZXNpZ25wYXJ0bmVyLmZyL2MvcC8yMDc4OC8yMDc4OC0yNDY1Ny0xMS53ZWJw?v=1759309937","https:\/\/media.th4.com\/DR9_WFGKuettYh1wdaQdMFMV1qNP5txMYYOyB6p5ZMI\/pr:80\/aHR0cDovL21lZGlhMi5kZXNpZ25wYXJ0bmVyLmZyL2MvcC8yMDc4OC8yMDc4OC0yNDY1Ny0xMi53ZWJw?v=1759309938"],"medium":["https:\/\/media.th4.com\/Buig2D2svGVyapfJJzDbrCVTa1ZI6WOmgj7IQZbKDPw\/pr:550x550\/aHR0cDovL21lZGlhMi5kZXNpZ25wYXJ0bmVyLmZyL2MvcC8yMDc4OC8yMDc4OC0yNDY1Ny0xLndlYnA?v=1759309935","https:\/\/media.th4.com\/updPRqT4eW9JX8nuFqQ2GqkRVdhx_14HRUclFX4aA_Y\/pr:550x550\/aHR0cDovL21lZGlhMi5kZXNpZ25wYXJ0bmVyLmZyL2MvcC8yMDc4OC8yMDc4OC0yNDY1Ny0xMC53ZWJw?v=1759309936","https:\/\/media.th4.com\/W_j8ii698hZHd2xh_mhAvruYkmAejWD_V3930XEqRzw\/pr:550x550\/aHR0cDovL21lZGlhMi5kZXNpZ25wYXJ0bmVyLmZyL2MvcC8yMDc4OC8yMDc4OC0yNDY1Ny0xMS53ZWJw?v=1759309937","https:\/\/media.th4.com\/L3ipBPq99FFQgHtEZLsrz0eqFKszfmhhxjI_5oaZn7k\/pr:550x550\/aHR0cDovL21lZGlhMi5kZXNpZ25wYXJ0bmVyLmZyL2MvcC8yMDc4OC8yMDc4OC0yNDY1Ny0xMi53ZWJw?v=1759309938"],"medium_large":["https:\/\/media.th4.com\/RJ8vqSRqePzMRvewnCtLdr9HqVLpl3MBq1mqWtb-aAU\/pr:1000x1000\/aHR0cDovL21lZGlhMi5kZXNpZ25wYXJ0bmVyLmZyL2MvcC8yMDc4OC8yMDc4OC0yNDY1Ny0xLndlYnA?v=1759309935","https:\/\/media.th4.com\/IuscATNw6-BL7JPyGcLWtmj7VH4yenze3EnO5Sr9AbI\/pr:1000x1000\/aHR0cDovL21lZGlhMi5kZXNpZ25wYXJ0bmVyLmZyL2MvcC8yMDc4OC8yMDc4OC0yNDY1Ny0xMC53ZWJw?v=1759309936","https:\/\/media.th4.com\/s4_qmgH9nrXlvH17r2r8nlhibL0KIi2BjC1g3ks5how\/pr:1000x1000\/aHR0cDovL21lZGlhMi5kZXNpZ25wYXJ0bmVyLmZyL2MvcC8yMDc4OC8yMDc4OC0yNDY1Ny0xMS53ZWJw?v=1759309937","https:\/\/media.th4.com\/_vz7dozwYB_j_iL3vO8z2lOZcC_NY1jJDAZW9QRDBnA\/pr:1000x1000\/aHR0cDovL21lZGlhMi5kZXNpZ25wYXJ0bmVyLmZyL2MvcC8yMDc4OC8yMDc4OC0yNDY1Ny0xMi53ZWJw?v=1759309938"],"large":["https:\/\/media.th4.com\/cgzGxrbbRbBR1HYhnT77Zz8U3DM3tvBcsTpqedWAUbE\/pr:1920\/aHR0cDovL21lZGlhMi5kZXNpZ25wYXJ0bmVyLmZyL2MvcC8yMDc4OC8yMDc4OC0yNDY1Ny0xLndlYnA?v=1759309935","https:\/\/media.th4.com\/urr8KJ3b1YzZR_Sf5_SfG1eiatU7-OY58iv3dNV1iq0\/pr:1920\/aHR0cDovL21lZGlhMi5kZXNpZ25wYXJ0bmVyLmZyL2MvcC8yMDc4OC8yMDc4OC0yNDY1Ny0xMC53ZWJw?v=1759309936","https:\/\/media.th4.com\/ha-c-8NKB9kbgZQ5v9yjX033-P5iSAcCkkwccZfCv4Y\/pr:1920\/aHR0cDovL21lZGlhMi5kZXNpZ25wYXJ0bmVyLmZyL2MvcC8yMDc4OC8yMDc4OC0yNDY1Ny0xMS53ZWJw?v=1759309937","https:\/\/media.th4.com\/3KddpZpREYfIDAkdfTCGlm6E3-6Aeej80x-bB2UW-iE\/pr:1920\/aHR0cDovL21lZGlhMi5kZXNpZ25wYXJ0bmVyLmZyL2MvcC8yMDc4OC8yMDc4OC0yNDY1Ny0xMi53ZWJw?v=1759309938"],"opengraph":["https:\/\/media.th4.com\/xeAYtTUZwqzr9AwyAgxQUqJMy_O_HqdeH4UDlJj1pB0\/pr:1200x630\/aHR0cDovL21lZGlhMi5kZXNpZ25wYXJ0bmVyLmZyL2MvcC8yMDc4OC8yMDc4OC0yNDY1Ny0xLndlYnA?v=1759309935","https:\/\/media.th4.com\/qh19qoFs7dy-1aCV16ZkGPaqR8Nzx4g_-F0s6MxjM3s\/pr:1200x630\/aHR0cDovL21lZGlhMi5kZXNpZ25wYXJ0bmVyLmZyL2MvcC8yMDc4OC8yMDc4OC0yNDY1Ny0xMC53ZWJw?v=1759309936","https:\/\/media.th4.com\/ZpMDpPFjNcX3PwEzm91AKwfGIdFsvwX3Eh137rMufy0\/pr:1200x630\/aHR0cDovL21lZGlhMi5kZXNpZ25wYXJ0bmVyLmZyL2MvcC8yMDc4OC8yMDc4OC0yNDY1Ny0xMS53ZWJw?v=1759309937","https:\/\/media.th4.com\/naf74iaIZ1mVO43IyQYzL_FDp9yJvxIUXR5nGwtgoGQ\/pr:1200x630\/aHR0cDovL21lZGlhMi5kZXNpZ25wYXJ0bmVyLmZyL2MvcC8yMDc4OC8yMDc4OC0yNDY1Ny0xMi53ZWJw?v=1759309938"]},"images_customization":{"miniature":["https:\/\/media.th4.com\/8ApeRIEG39gKahVCxDSl8NoL98JMIGHBsdTEJMgBa5k\/pr:80\/aHR0cDovL21lZGlhMi5kZXNpZ25wYXJ0bmVyLmZyL2MvcC8yMDc4OC8yMDc4OC0yNDY1Ny0xLndlYnA?v=1759309935","https:\/\/media.th4.com\/CdI6Xjdn1yNYk1wEaWWAWyQrrvdGl2bh5d9WPiXjBY0\/pr:80\/aHR0cDovL21lZGlhMi5kZXNpZ25wYXJ0bmVyLmZyL2MvcC8yMDc4OC8yMDc4OC0yNDY1Ny0xMC53ZWJw?v=1759309936","https:\/\/media.th4.com\/UGQeUXKAANVeh-izq1bJ265rCG-A2LR-3v0ohXWiZK4\/pr:80\/aHR0cDovL21lZGlhMi5kZXNpZ25wYXJ0bmVyLmZyL2MvcC8yMDc4OC8yMDc4OC0yNDY1Ny0xMS53ZWJw?v=1759309937","https:\/\/media.th4.com\/DR9_WFGKuettYh1wdaQdMFMV1qNP5txMYYOyB6p5ZMI\/pr:80\/aHR0cDovL21lZGlhMi5kZXNpZ25wYXJ0bmVyLmZyL2MvcC8yMDc4OC8yMDc4OC0yNDY1Ny0xMi53ZWJw?v=1759309938"],"medium":["https:\/\/media.th4.com\/Buig2D2svGVyapfJJzDbrCVTa1ZI6WOmgj7IQZbKDPw\/pr:550x550\/aHR0cDovL21lZGlhMi5kZXNpZ25wYXJ0bmVyLmZyL2MvcC8yMDc4OC8yMDc4OC0yNDY1Ny0xLndlYnA?v=1759309935","https:\/\/media.th4.com\/updPRqT4eW9JX8nuFqQ2GqkRVdhx_14HRUclFX4aA_Y\/pr:550x550\/aHR0cDovL21lZGlhMi5kZXNpZ25wYXJ0bmVyLmZyL2MvcC8yMDc4OC8yMDc4OC0yNDY1Ny0xMC53ZWJw?v=1759309936","https:\/\/media.th4.com\/W_j8ii698hZHd2xh_mhAvruYkmAejWD_V3930XEqRzw\/pr:550x550\/aHR0cDovL21lZGlhMi5kZXNpZ25wYXJ0bmVyLmZyL2MvcC8yMDc4OC8yMDc4OC0yNDY1Ny0xMS53ZWJw?v=1759309937","https:\/\/media.th4.com\/L3ipBPq99FFQgHtEZLsrz0eqFKszfmhhxjI_5oaZn7k\/pr:550x550\/aHR0cDovL21lZGlhMi5kZXNpZ25wYXJ0bmVyLmZyL2MvcC8yMDc4OC8yMDc4OC0yNDY1Ny0xMi53ZWJw?v=1759309938"],"medium_large":["https:\/\/media.th4.com\/RJ8vqSRqePzMRvewnCtLdr9HqVLpl3MBq1mqWtb-aAU\/pr:1000x1000\/aHR0cDovL21lZGlhMi5kZXNpZ25wYXJ0bmVyLmZyL2MvcC8yMDc4OC8yMDc4OC0yNDY1Ny0xLndlYnA?v=1759309935","https:\/\/media.th4.com\/IuscATNw6-BL7JPyGcLWtmj7VH4yenze3EnO5Sr9AbI\/pr:1000x1000\/aHR0cDovL21lZGlhMi5kZXNpZ25wYXJ0bmVyLmZyL2MvcC8yMDc4OC8yMDc4OC0yNDY1Ny0xMC53ZWJw?v=1759309936","https:\/\/media.th4.com\/s4_qmgH9nrXlvH17r2r8nlhibL0KIi2BjC1g3ks5how\/pr:1000x1000\/aHR0cDovL21lZGlhMi5kZXNpZ25wYXJ0bmVyLmZyL2MvcC8yMDc4OC8yMDc4OC0yNDY1Ny0xMS53ZWJw?v=1759309937","https:\/\/media.th4.com\/_vz7dozwYB_j_iL3vO8z2lOZcC_NY1jJDAZW9QRDBnA\/pr:1000x1000\/aHR0cDovL21lZGlhMi5kZXNpZ25wYXJ0bmVyLmZyL2MvcC8yMDc4OC8yMDc4OC0yNDY1Ny0xMi53ZWJw?v=1759309938"],"large":["https:\/\/media.th4.com\/cgzGxrbbRbBR1HYhnT77Zz8U3DM3tvBcsTpqedWAUbE\/pr:1920\/aHR0cDovL21lZGlhMi5kZXNpZ25wYXJ0bmVyLmZyL2MvcC8yMDc4OC8yMDc4OC0yNDY1Ny0xLndlYnA?v=1759309935","https:\/\/media.th4.com\/urr8KJ3b1YzZR_Sf5_SfG1eiatU7-OY58iv3dNV1iq0\/pr:1920\/aHR0cDovL21lZGlhMi5kZXNpZ25wYXJ0bmVyLmZyL2MvcC8yMDc4OC8yMDc4OC0yNDY1Ny0xMC53ZWJw?v=1759309936","https:\/\/media.th4.com\/ha-c-8NKB9kbgZQ5v9yjX033-P5iSAcCkkwccZfCv4Y\/pr:1920\/aHR0cDovL21lZGlhMi5kZXNpZ25wYXJ0bmVyLmZyL2MvcC8yMDc4OC8yMDc4OC0yNDY1Ny0xMS53ZWJw?v=1759309937","https:\/\/media.th4.com\/3KddpZpREYfIDAkdfTCGlm6E3-6Aeej80x-bB2UW-iE\/pr:1920\/aHR0cDovL21lZGlhMi5kZXNpZ25wYXJ0bmVyLmZyL2MvcC8yMDc4OC8yMDc4OC0yNDY1Ny0xMi53ZWJw?v=1759309938"],"opengraph":["https:\/\/media.th4.com\/xeAYtTUZwqzr9AwyAgxQUqJMy_O_HqdeH4UDlJj1pB0\/pr:1200x630\/aHR0cDovL21lZGlhMi5kZXNpZ25wYXJ0bmVyLmZyL2MvcC8yMDc4OC8yMDc4OC0yNDY1Ny0xLndlYnA?v=1759309935","https:\/\/media.th4.com\/qh19qoFs7dy-1aCV16ZkGPaqR8Nzx4g_-F0s6MxjM3s\/pr:1200x630\/aHR0cDovL21lZGlhMi5kZXNpZ25wYXJ0bmVyLmZyL2MvcC8yMDc4OC8yMDc4OC0yNDY1Ny0xMC53ZWJw?v=1759309936","https:\/\/media.th4.com\/ZpMDpPFjNcX3PwEzm91AKwfGIdFsvwX3Eh137rMufy0\/pr:1200x630\/aHR0cDovL21lZGlhMi5kZXNpZ25wYXJ0bmVyLmZyL2MvcC8yMDc4OC8yMDc4OC0yNDY1Ny0xMS53ZWJw?v=1759309937","https:\/\/media.th4.com\/naf74iaIZ1mVO43IyQYzL_FDp9yJvxIUXR5nGwtgoGQ\/pr:1200x630\/aHR0cDovL21lZGlhMi5kZXNpZ25wYXJ0bmVyLmZyL2MvcC8yMDc4OC8yMDc4OC0yNDY1Ny0xMi53ZWJw?v=1759309938"]},"country_origin":"CN","traceability":{"manufacturing_country_id":null,"weaving_country_id":null,"dyeing_country_id":null},"sizes":[{"id":42,"article_id":514472,"class_id":19,"name":"taille_unique","on_standby":true,"stock_local":0,"stock_global":0,"multiple":1,"estimated_date_reassort":"2026-08-31","is_destocking":false}],"page_links":{"fr":"\/fr\/p-st-pm7500-kalmar-pochette-ordinateur-pm7500-20788\/denim-chine-24657\/","en":"\/en\/p-st-pm7500-kalmar-laptop-sleeve-pm7500-20788\/denim-chine-24657\/","de":"\/de\/p-st-pm7500-kalmar-laptoptasche-pm7500-20788\/denim-chine-24657\/","nl":"\/nl\/p-st-pm7500-kalmar-laptoptas-pm7500-20788\/denim-chine-24657\/","es":"\/es\/p-st-pm7500-kalmar-funda-para-ordenador-portatil-pm7500-20788\/denim-chine-24657\/","it":"\/it\/p-st-pm7500-kalmar-custodia-per-computer-pm7500-20788\/denim-chine-24657\/","sv":"\/sv\/p-st-pm7500-kalmar-datorfodral-pm7500-20788\/denim-chine-24657\/","pt":"\/pt\/p-st-pm7500-kalmar-bolsa-para-computador-portatil-pm7500-20788\/denim-chine-24657\/","da":"\/da\/p-st-pm7500-kalmar-computertaske-pm7500-20788\/denim-chine-24657\/","pl":"\/pl\/p-st-pm7500-etui-na-komputer-kalmar-pm7500-20788\/denim-chine-24657\/"},"page_links_customization":{"fr":"\/fr\/p-st-pm7500-kalmar-pochette-ordinateur-pm7500-personnalisable-20788\/denim-chine-24657\/custom\/","en":"\/en\/p-st-pm7500-kalmar-computer-sleeve-pm7500-customizable-20788\/denim-chine-24657\/custom\/","de":"\/de\/p-st-pm7500-kalmar-laptoptasche-pm7500-anpassbar-20788\/denim-chine-24657\/custom\/","nl":"\/nl\/p-st-pm7500-kalmar-pm7500-aanpasbare-laptophoes-20788\/denim-chine-24657\/custom\/","es":"\/es\/p-st-pm7500-kalmar-funda-para-ordenador-pm7500-personalizable-20788\/denim-chine-24657\/custom\/","it":"\/it\/p-st-pm7500-kalmar-borsa-per-computer-pm7500-personalizzabile-20788\/denim-chine-24657\/custom\/","sv":"\/sv\/p-st-pm7500-kalmar-laptop-sleeve-pm7500-customizable-20788\/denim-chine-24657\/custom\/","pt":"\/pt\/p-st-pm7500-kalmar-sleeve-para-computador-pm7500-personalizavel-20788\/denim-chine-24657\/custom\/","da":"\/da\/p-st-pm7500-kalmar-laptop-taske-pm7500-tilpasselig-20788\/denim-chine-24657\/custom\/","pl":"\/pl\/p-st-pm7500-kalmar-etui-na-laptop-pm7500-do-personalizacji-20788\/denim-chine-24657\/custom\/"}}],"documentation_link":"\/pdf\/20788.pdf","countries_availables":["AD","AE","AL","AT","BA","BD","BE","BG","BL","CA","CH","CN","CO","CY","CZ","DE","DK","DO","EE","EG","ES","ET","FI","FR","GB","GE","GF","GP","GR","GT","HK","HN","HR","HT","HU","ID","IE","IN","IS","IT","JO","JP","KE","KH","KP","KR","LA","LK","LS","LT","LU","LV","MA","MF","MG","MK","MM","MN","MQ","MT","MX","MY","NC","NI","NL","PF","PH","PK","PL","PM","PT","RE","RO","SE","SG","SI","SK","SV","SY","TH","TN","TR","TW","TZ","US","VN","WF","YT"]},"infos_customization":[],"features":{"authorize_multi_surfaces":true,"display_order_delay_type":true,"promote_surface_display":true,"tarification_franco_offert":true,"enabled_3d_editor":false},"markings":[{"id":0,"nom":"vierge","finition":null,"libelle":null,"code":null,"dpi":null,"finesse_forme_isolee":null,"finesse_forme_non_isolee":null,"hauteur_minimale_texte":null,"inactif":0,"marquage_interne":1,"quantite_min":null,"parent_id":null,"print_on_support":0,"content":"vierge","description":null},{"id":2,"nom":"fonce","finition":"optimale","libelle":"TopQuadri","code":null,"dpi":400,"finesse_forme_isolee":"0.040","finesse_forme_non_isolee":"0.700","hauteur_minimale_texte":2,"inactif":0,"marquage_interne":1,"quantite_min":null,"parent_id":18,"print_on_support":0,"content":"TopQuadri","description":"pour petites et moyennes s\u00e9ries"},{"id":3,"nom":"serigraphie","finition":"serigraphie","libelle":"SeriCoat","code":null,"dpi":400,"finesse_forme_isolee":"0.040","finesse_forme_non_isolee":"0.700","hauteur_minimale_texte":2,"inactif":0,"marquage_interne":1,"quantite_min":15,"parent_id":18,"print_on_support":0,"content":"SeriCoat","description":"pour moyennes et grandes s\u00e9ries"},{"id":4,"nom":"broderie","finition":"broderie","libelle":"Broderie","code":null,"dpi":400,"finesse_forme_isolee":"0.040","finesse_forme_non_isolee":"0.700","hauteur_minimale_texte":3,"inactif":0,"marquage_interne":1,"quantite_min":null,"parent_id":null,"print_on_support":0,"content":"Broderie","description":null},{"id":8,"nom":"theme","finition":null,"libelle":"Th\u00e8me","code":null,"dpi":null,"finesse_forme_isolee":null,"finesse_forme_non_isolee":null,"hauteur_minimale_texte":null,"inactif":0,"marquage_interne":1,"quantite_min":null,"parent_id":null,"print_on_support":0,"content":"Th\u00e8me","description":null},{"id":9,"nom":"sans","finition":null,"libelle":null,"code":null,"dpi":null,"finesse_forme_isolee":null,"finesse_forme_non_isolee":null,"hauteur_minimale_texte":null,"inactif":0,"marquage_interne":1,"quantite_min":null,"parent_id":null,"print_on_support":0,"content":"sans","description":null},{"id":10,"nom":"photo","finition":null,"libelle":"Photo","code":null,"dpi":null,"finesse_forme_isolee":null,"finesse_forme_non_isolee":null,"hauteur_minimale_texte":null,"inactif":0,"marquage_interne":1,"quantite_min":null,"parent_id":null,"print_on_support":0,"content":"Photo","description":null},{"id":14,"nom":"couleur","finition":null,"libelle":"Couleur","code":null,"dpi":null,"finesse_forme_isolee":null,"finesse_forme_non_isolee":null,"hauteur_minimale_texte":null,"inactif":0,"marquage_interne":1,"quantite_min":null,"parent_id":null,"print_on_support":0,"content":"Couleur","description":null},{"id":15,"nom":"sublimation","finition":"sublimation","libelle":"Sublimation","code":null,"dpi":null,"finesse_forme_isolee":"0.000","finesse_forme_non_isolee":"0.000","hauteur_minimale_texte":2,"inactif":0,"marquage_interne":1,"quantite_min":null,"parent_id":null,"print_on_support":0,"content":"Sublimation","description":null},{"id":16,"nom":"topquadri_uv","finition":null,"libelle":"TopQuadri UV","code":null,"dpi":null,"finesse_forme_isolee":"0.020","finesse_forme_non_isolee":"0.700","hauteur_minimale_texte":2,"inactif":0,"marquage_interne":1,"quantite_min":null,"parent_id":null,"print_on_support":1,"content":null,"description":null},{"id":17,"nom":"topquadri_uvp","finition":null,"libelle":"TopQuadri UVP","code":null,"dpi":null,"finesse_forme_isolee":"0.020","finesse_forme_non_isolee":"0.700","hauteur_minimale_texte":2,"inactif":0,"marquage_interne":1,"quantite_min":null,"parent_id":null,"print_on_support":1,"content":null,"description":null},{"id":18,"nom":"quadri","finition":null,"libelle":"Impression","code":null,"dpi":null,"finesse_forme_isolee":null,"finesse_forme_non_isolee":null,"hauteur_minimale_texte":null,"inactif":0,"marquage_interne":1,"quantite_min":null,"parent_id":null,"print_on_support":0,"content":null,"description":null}]}}