{"data":{"product":{"id":20755,"titre":"REMO","description":"N\u00e9cessaire de toilette polyvalent en coton recycl\u00e9 avec zip et tirette assortis. Dimensions : 21 x 12 x 3 cm. Composition : coton recycl\u00e9.","genre":"","grammage":190,"conditionnement":300,"composition":"coton,coton_uniquement","reference":"NE7562","reference_visible":"st-ne7562","reference_fabricant":"NE7562","ref_xor":"722774","in_catalog":true,"is_transfer":false,"is_service":false,"on_standby":false,"has_3d":false,"has_size_guide":false,"has_marking":true,"has_vierge":true,"is_cross_sellable":false,"id_picto":82,"filename_3d":null,"brand":{"id":352,"name":"Stamina","logo":"logo-stamina.png","image":"https:\/\/media.th4.com\/XtszMrhN4PSlQT4v0dBJBG2A1qMsj6Ced58O9G8vaL8\/pr:brand70x70\/aHR0cDovL21lZGlhMi5kZXNpZ25wYXJ0bmVyLmZyL2MvbS9sb2dvLXN0YW1pbmEucG5n?v=1691073931"},"price_infos":{"price_from":1.69,"quantity":100,"color":{"id":17584,"name":"noir"},"size":{"id":42,"name":"taille_unique"}},"price_infos_marking":{"price_from":4.58,"quantity":350,"color":{"id":17584,"name":"noir"},"size":{"id":42,"name":"taille_unique"},"marking":{"id":2,"name":""},"emplacement":"avant","surface_emplacement_id":6596,"surface":"Position centrale"},"i18n":{"blank":{"title":{"fr":"REMO trousse pochette coton STAMINA ne7562","en":"REMO pouch cotton STAMINA ne7562","de":"REMO Baumwoll-Beutel STAMINA ne7562","nl":"REMO katoenen etui STAMINA ne7562","es":"REMO estuche pouch de algod\u00f3n STAMINA ne7562","it":"REMO pouch cotton STAMINA ne7562","sv":"REMO cotton pouch STAMINA ne7562","pt":"REMO pouch bag algod\u00e3o STAMINA ne7562","da":"REMO bomuldspung STAMINA ne7562","pl":"REMO pouch cotton STAMINA ne7562"},"description":{"fr":"La trousse REMO en coton recycl\u00e9 offre un espace compact et fonctionnel pour le rangement d'objets personnels. Elle est munie d'une fermeture zip avec tirette assortie pour faciliter l'ouverture et la fermeture.\n\n- Composition coton recycl\u00e9\n- Dimensions 21 x 12 x 3 cm\n- Fermeture zip avec tirette assortie\n- Usage polyvalent","en":"The REMO pouch in recycled cotton provides a compact and functional space for storing personal items. It is equipped with a zip closure with matching pull to facilitate opening and closing.\n\n- Recycled cotton composition\n- Dimensions 21 x 12 x 3 cm\n- Zip closure with matching pull\n- Versatile use","de":"Der REMO Beutel aus recycelter Baumwolle bietet einen kompakten und funktionalen Raum zur Aufbewahrung pers\u00f6nlicher Gegenst\u00e4nde. Er ist mit einem Rei\u00dfverschluss und passendem Zipper ausgestattet, der das \u00d6ffnen und Schlie\u00dfen erleichtert.\n\n- Zusammensetzung recycelte Baumwolle\n- Abmessungen 21 x 12 x 3 cm\n- Rei\u00dfverschluss mit passendem Zipper\n- Vielseitige Verwendung","nl":"De REMO etui van gerecycled katoen biedt een compacte en functionele ruimte voor het opbergen van persoonlijke voorwerpen. Het is voorzien van een ritssluiting met bijpassende trekker voor gemakkelijk openen en sluiten.\n\n- Samenstelling gerecycled katoen\n- Afmetingen 21 x 12 x 3 cm\n- Ritssluiting met bijpassende trekker\n- Veelzijdig gebruik","es":"El estuche REMO de algod\u00f3n reciclado ofrece un espacio compacto y funcional para guardar objetos personales. Est\u00e1 equipado con cierre de cremallera con tirador a juego para facilitar la apertura y cierre.\n\n- Composici\u00f3n algod\u00f3n reciclado\n- Dimensiones 21 x 12 x 3 cm\n- Cierre de cremallera con tirador a juego\n- Uso vers\u00e1til","it":"La pouch REMO in cotone riciclato offre uno spazio compatto e funzionale per riporre oggetti personali. \u00c8 dotata di una chiusura zip con cursore abbinato per facilitare apertura e chiusura.\n\n- Composizione cotone riciclato\n- Dimensioni 21 x 12 x 3 cm\n- Chiusura zip con cursore abbinato\n- Uso versatile","sv":"The REMO pouch in recycled cotton provides a compact and functional space for storing personal items. It has a zip closure with matching pull for easy opening and closing.\n\n- Composition recycled cotton\n- Dimensions 21 x 12 x 3 cm\n- Zip closure with matching pull\n- Versatile use","pt":"A pouch REMO em algod\u00e3o reciclado oferece um espa\u00e7o compacto e funcional para guardar objetos pessoais. Possui fecho de correr com puxador coordenado para facilitar a abertura e o fecho.\n\n- Composi\u00e7\u00e3o algod\u00e3o reciclado\n- Dimens\u00f5es 21 x 12 x 3 cm\n- Fecho de correr com puxador coordenado\n- Uso vers\u00e1til","da":"REMO pungen i genanvendt bomuld tilbyder et kompakt og funktionelt rum til opbevaring af personlige genstande. Den er udstyret med en lynl\u00e5slukning med tilpasset skyder for nem \u00e5bning og lukning.\n\n- Materiale: genanvendt bomuld\n- M\u00e5l: 21 x 12 x 3 cm\n- Lynl\u00e5slukning med tilpasset skyder\n- Alsidig brug","pl":"REMO pouch made of recycled cotton offers a compact and functional space for storing personal items. It is equipped with a zip closure with matching pull to facilitate opening and closing.\n\n- Recycled cotton composition\n- Dimensions 21 x 12 x 3 cm\n- Zip closure with matching pull\n- Versatile use"},"h1":{"fr":"REMO trousse pochette coton ne7562","en":"REMO pouch cotton ne7562","de":"REMO Baumwoll-Beutel ne7562","nl":"REMO katoenen etui ne7562","es":"REMO estuche pouch de algod\u00f3n ne7562","it":"REMO pouch cotton ne7562","sv":"REMO cotton pouch ne7562","pt":"REMO pouch bag algod\u00e3o ne7562","da":"REMO bomuldspung ne7562","pl":"REMO pouch cotton ne7562"},"meta_description":{"fr":"La trousse REMO en coton recycl\u00e9 mesure 21 x 12 x 3 cm. Elle dispose d'une fermeture zip avec tirette assortie pour un usage polyvalent.","en":"The REMO pouch in recycled cotton measures 21 x 12 x 3 cm. It features a zip closure with matching pull for versatile use.","de":"Der REMO Beutel aus recycelter Baumwolle misst 21 x 12 x 3 cm. Er verf\u00fcgt \u00fcber einen Rei\u00dfverschluss mit passendem Zipper f\u00fcr vielseitige Verwendung.","nl":"De REMO etui van gerecycled katoen meet 21 x 12 x 3 cm. Het heeft een ritssluiting met bijpassende trekker voor veelzijdig gebruik.","es":"El estuche REMO de algod\u00f3n reciclado mide 21 x 12 x 3 cm. Cuenta con cierre de cremallera con tirador a juego para un uso vers\u00e1til.","it":"La pouch REMO in cotone riciclato misura 21 x 12 x 3 cm. Dispone di una chiusura zip con cursore abbinato per un uso versatile.","sv":"The REMO pouch in recycled cotton measures 21 x 12 x 3 cm. It features a zip closure with matching pull for versatile use.","pt":"A pouch REMO em algod\u00e3o reciclado mede 21 x 12 x 3 cm. Possui fecho de correr com puxador coordenado para uso vers\u00e1til.","da":"REMO pungen i genanvendt bomuld m\u00e5ler 21 x 12 x 3 cm. Den har en lynl\u00e5slukning med tilpasset skyder til alsidig brug.","pl":"REMO pouch made of recycled cotton measures 21 x 12 x 3 cm. It features a zip closure with matching pull for versatile use."}},"custom":{"title":{"fr":"REMO trousse pochette STAMINA ne7562 personnalisable","en":"REMO pouch case STAMINA ne7562 customizable","de":"REMO Etui STAMINA ne7562 anpassbar","nl":"REMO etui tas STAMINA ne7562 aanpasbaar","es":"REMO estuche neceser STAMINA ne7562 personalizable","it":"REMO pochette STAMINA ne7562 personalizzabile","sv":"REMO pencil case pouch STAMINA ne7562 customizable","pt":"REMO necessaire bolsa STAMINA ne7562 personaliz\u00e1vel","da":"REMO etui pung STAMINA ne7562 tilpasselig","pl":"REMO kosmetyczka STAMINA ne7562 do personalizacji"},"description":{"fr":"La trousse pochette REMO est con\u00e7ue en coton recycl\u00e9 avec une fermeture zip assortie. Elle permet de ranger des articles de toilette ou divers petits objets personnels dans un format compact. La dimension de l'article est de 21 x 12 x 3 cm.\n\n- Composition coton recycl\u00e9\n- Dimensions 21 x 12 x 3 cm\n- Fermeture zip assortie\n- Personnalisable","en":"The REMO pouch case is made of recycled cotton with a matching zip closure. It stores toiletry items or various small personal objects in a compact format. The item measures 21 x 12 x 3 cm.\n\n- Recycled cotton composition\n- Dimensions 21 x 12 x 3 cm\n- Matching zip closure\n- Customizable","de":"Das Etui REMO ist aus recycelter Baumwolle mit passendem Rei\u00dfverschluss gefertigt. Es erm\u00f6glicht die Aufbewahrung von Toilettenartikeln oder verschiedenen kleinen pers\u00f6nlichen Gegenst\u00e4nden in einem kompakten Format. Die Ma\u00dfe des Artikels betragen 21 x 12 x 3 cm.\n\n- Zusammensetzung recycelte Baumwolle\n- Ma\u00dfe 21 x 12 x 3 cm\n- Passender Rei\u00dfverschluss\n- Anpassbar","nl":"De etui tas REMO is gemaakt van gerecycled katoen met een bijpassende ritssluiting. Het kan toiletartikelen of diverse kleine persoonlijke voorwerpen opbergen in een compact formaat. De afmetingen van het artikel zijn 21 x 12 x 3 cm.\n\n- Samenstelling gerecycled katoen\n- Afmetingen 21 x 12 x 3 cm\n- Bijpassende ritssluiting\n- Aanpasbaar","es":"El estuche neceser REMO est\u00e1 dise\u00f1ado en algod\u00f3n reciclado con un cierre de cremallera a juego. Permite guardar art\u00edculos de aseo o diversos peque\u00f1os objetos personales en un formato compacto. La dimensi\u00f3n del art\u00edculo es 21 x 12 x 3 cm.\n\n- Composici\u00f3n algod\u00f3n reciclado\n- Dimensiones 21 x 12 x 3 cm\n- Cierre de cremallera a juego\n- Personalizable","it":"La pochette REMO \u00e8 realizzata in cotone riciclato con chiusura zip abbinata. Consente di riporre articoli da toilette o vari piccoli oggetti personali in un formato compatto. Le dimensioni dell'articolo sono 21 x 12 x 3 cm.\n\n- Composizione cotone riciclato\n- Dimensioni 21 x 12 x 3 cm\n- Chiusura zip abbinata\n- Personalizzabile","sv":"The REMO pencil case pouch is made of recycled cotton with a matching zipper closure. It stores toiletries or various small personal items in a compact size. The item measures 21 x 12 x 3 cm.\n\n- Recycled cotton composition\n- Dimensions 21 x 12 x 3 cm\n- Matching zipper closure\n- Customizable","pt":"O necessaire bolsa REMO \u00e9 feito de algod\u00e3o reciclado com fecho zip coordenado. Permite guardar artigos de higiene ou v\u00e1rios pequenos objetos pessoais num formato compacto. As dimens\u00f5es do artigo s\u00e3o 21 x 12 x 3 cm.\n\n- Composi\u00e7\u00e3o algod\u00e3o reciclado\n- Dimens\u00f5es 21 x 12 x 3 cm\n- Fecho zip coordenado\n- Personaliz\u00e1vel","da":"Etui pung REMO er lavet i genanvendt bomuld med en matchende lynl\u00e5s. Den bruges til opbevaring af toiletsager eller forskellige sm\u00e5 personlige genstande i en kompakt st\u00f8rrelse. Produktets dimensioner er 21 x 12 x 3 cm.\n\n- Materiale genanvendt bomuld\n- Dimensioner 21 x 12 x 3 cm\n- Matchende lynl\u00e5s\n- Tilpasselig","pl":"Kosmetyczka REMO wykonana z recyklingowanej bawe\u0142ny z dopasowanym zamkiem b\u0142yskawicznym. Pozwala na przechowywanie artyku\u0142\u00f3w toaletowych lub r\u00f3\u017cnych ma\u0142ych przedmiot\u00f3w osobistych w kompaktowym formacie. Wymiary produktu to 21 x 12 x 3 cm.\n\n- Sk\u0142ad: recyklingowana bawe\u0142na\n- Wymiary 21 x 12 x 3 cm\n- Dopasowany zamek b\u0142yskawiczny\n- Mo\u017cliwo\u015b\u0107 personalizacji"},"h1":{"fr":"REMO trousse pochette ne7562 personnalisable","en":"REMO pouch case ne7562 customizable","de":"REMO Etui ne7562 anpassbar","nl":"REMO etui tas ne7562 aanpasbaar","es":"REMO estuche neceser ne7562 personalizable","it":"REMO pochette ne7562 personalizzabile","sv":"REMO pencil case pouch ne7562 customizable","pt":"REMO necessaire bolsa ne7562 personaliz\u00e1vel","da":"REMO etui pung ne7562 tilpasselig","pl":"REMO kosmetyczka ne7562 do personalizacji"},"meta_description":{"fr":"Trousse pochette en coton recycl\u00e9 avec fermeture zip. Dimensions compactes, adapt\u00e9e au rangement d'articles de toilette ou accessoires personnels.","en":"Pouch case in recycled cotton with zip closure. Compact dimensions, suitable for storing toiletry items or personal accessories.","de":"Etui aus recycelter Baumwolle mit Rei\u00dfverschluss. Kompakte Ma\u00dfe, geeignet zur Aufbewahrung von Toilettenartikeln oder pers\u00f6nlichen Zubeh\u00f6r.","nl":"Etui tas van gerecycled katoen met ritssluiting. Compacte afmetingen, geschikt voor het opbergen van toiletartikelen of persoonlijke accessoires.","es":"Estuche neceser de algod\u00f3n reciclado con cierre de cremallera. Dimensiones compactas, adecuado para guardar art\u00edculos de aseo o accesorios personales.","it":"Pochette in cotone riciclato con chiusura zip. Dimensioni compatte, adatta per riporre articoli da toilette o accessori personali.","sv":"Pencil case pouch in recycled cotton with zipper closure. Compact dimensions, suitable for storing toiletries or personal accessories.","pt":"Necessaire bolsa em algod\u00e3o reciclado com fecho zip. Dimens\u00f5es compactas, adequada para guardar artigos de higiene ou acess\u00f3rios pessoais.","da":"Etui pung i genanvendt bomuld med lynl\u00e5s. Kompakte dimensioner, egnet til opbevaring af toiletsager eller personlige accessories.","pl":"Kosmetyczka z recyklingowanej bawe\u0142ny z zamkiem b\u0142yskawicznym. Kompaktowe wymiary, odpowiednia do przechowywania artyku\u0142\u00f3w toaletowych lub osobistych akcesori\u00f3w."}}},"categories":[{"id":330,"name":"Trousses et pochettes","singular":"Trousse et pochette","is_feminin":true},{"id":563,"name":"Sant\u00e9, Beaut\u00e9 et Hygi\u00e8ne","singular":"Sant\u00e9, Beaut\u00e9 et Hygi\u00e8ne","is_feminin":false},{"id":559,"name":"Univers","singular":"Univers","is_feminin":false},{"id":499,"name":"Bagagerie","singular":"Bagagerie","is_feminin":false}],"certifications":[],"videos":{"fr":[],"en":[],"de":[],"nl":[],"es":[],"it":[],"sv":[],"pt":[],"da":[],"pl":[]},"main_images":{"miniature":"https:\/\/media.th4.com\/Bo71zSDKp9FQ_7Ee5tQW7KcuvNcRb2pub3o8jnh4GjY\/pr:80\/aHR0cDovL21lZGlhMi5kZXNpZ25wYXJ0bmVyLmZyL2MvcC1ibGFuay1USC8yMDc1NS53ZWJw?v=1759311635","medium":"https:\/\/media.th4.com\/xlI06ix0gnPk9GLPVb6ixd8MHOM_tlWWHLvzGMZ5iwU\/pr:550x550greybg\/aHR0cDovL21lZGlhMi5kZXNpZ25wYXJ0bmVyLmZyL2MvcC1ibGFuay1USC8yMDc1NS53ZWJw?v=1759311635","medium_large":"https:\/\/media.th4.com\/rDIdPWEYxR-tG4mxvy3k381nlkHgbzqWA4NUPZToYPI\/pr:1000x1000greybg\/aHR0cDovL21lZGlhMi5kZXNpZ25wYXJ0bmVyLmZyL2MvcC1ibGFuay1USC8yMDc1NS53ZWJw?v=1759311635","large":"https:\/\/media.th4.com\/Izf4WFNKCHzL_RGn62Ef9VJgUkoOQhYhsyFc5g95N9Q\/pr:1920greybg\/aHR0cDovL21lZGlhMi5kZXNpZ25wYXJ0bmVyLmZyL2MvcC1ibGFuay1USC8yMDc1NS53ZWJw?v=1759311635","opengraph":"https:\/\/media.th4.com\/U6jzMYydGJahT2Vt5WNkkD33VjXfn5K_T9B5efSdFe8\/pr:1200x630greybg\/aHR0cDovL21lZGlhMi5kZXNpZ25wYXJ0bmVyLmZyL2MvcC1ibGFuay1USC8yMDc1NS53ZWJw?v=1759311635"},"main_images_customization":{"miniature":"https:\/\/media.th4.com\/Os6LHjzXhuq74JOqlpggfq8-gJU2lUSji03a471TRrA\/pr:80\/aHR0cDovL21lZGlhMi5kZXNpZ25wYXJ0bmVyLmZyL2MvcC1jdXN0b20tVEgvMjA3NTUud2VicA?v=1759312014","medium":"https:\/\/media.th4.com\/t3Z33E0Hpw__pwpQyKgDTkJjDhz81aLNAxIc-o5BTfc\/pr:550x550greybg\/aHR0cDovL21lZGlhMi5kZXNpZ25wYXJ0bmVyLmZyL2MvcC1jdXN0b20tVEgvMjA3NTUud2VicA?v=1759312014","medium_large":"https:\/\/media.th4.com\/SvTL4YcUGCOrMQ55v7N1ZSIDsIyHIuG7FoGuYKWRaiM\/pr:1000x1000greybg\/aHR0cDovL21lZGlhMi5kZXNpZ25wYXJ0bmVyLmZyL2MvcC1jdXN0b20tVEgvMjA3NTUud2VicA?v=1759312014","large":"https:\/\/media.th4.com\/sqYkuNk_tTOgmMGsN-hJLy-8048Chq79e8wi8ZbAPCQ\/pr:1920greybg\/aHR0cDovL21lZGlhMi5kZXNpZ25wYXJ0bmVyLmZyL2MvcC1jdXN0b20tVEgvMjA3NTUud2VicA?v=1759312014","opengraph":"https:\/\/media.th4.com\/odxVdHys9fv9900L5xEj9-V_lV5n6-5k5DMhCRCtpxc\/pr:1200x630greybg\/aHR0cDovL21lZGlhMi5kZXNpZ25wYXJ0bmVyLmZyL2MvcC1jdXN0b20tVEgvMjA3NTUud2VicA?v=1759312014"},"page_links":{"fr":"\/fr\/p-st-ne7562-remo-trousse-pochette-coton-ne7562-20755\/","en":"\/en\/p-st-ne7562-remo-pouch-cotton-ne7562-20755\/","de":"\/de\/p-st-ne7562-remo-baumwoll-beutel-ne7562-20755\/","nl":"\/nl\/p-st-ne7562-remo-katoenen-etui-ne7562-20755\/","es":"\/es\/p-st-ne7562-remo-estuche-pouch-de-algodon-ne7562-20755\/","it":"\/it\/p-st-ne7562-remo-pouch-cotton-ne7562-20755\/","sv":"\/sv\/p-st-ne7562-remo-cotton-pouch-ne7562-20755\/","pt":"\/pt\/p-st-ne7562-remo-pouch-bag-algodao-ne7562-20755\/","da":"\/da\/p-st-ne7562-remo-bomuldspung-ne7562-20755\/","pl":"\/pl\/p-st-ne7562-remo-pouch-cotton-ne7562-20755\/"},"page_links_customization":{"fr":"\/fr\/p-st-ne7562-remo-trousse-pochette-ne7562-personnalisable-20755\/custom\/","en":"\/en\/p-st-ne7562-remo-pouch-case-ne7562-customizable-20755\/custom\/","de":"\/de\/p-st-ne7562-remo-etui-ne7562-anpassbar-20755\/custom\/","nl":"\/nl\/p-st-ne7562-remo-etui-tas-ne7562-aanpasbaar-20755\/custom\/","es":"\/es\/p-st-ne7562-remo-estuche-neceser-ne7562-personalizable-20755\/custom\/","it":"\/it\/p-st-ne7562-remo-pochette-ne7562-personalizzabile-20755\/custom\/","sv":"\/sv\/p-st-ne7562-remo-pencil-case-pouch-ne7562-customizable-20755\/custom\/","pt":"\/pt\/p-st-ne7562-remo-necessaire-bolsa-ne7562-personalizavel-20755\/custom\/","da":"\/da\/p-st-ne7562-remo-etui-pung-ne7562-tilpasselig-20755\/custom\/","pl":"\/pl\/p-st-ne7562-remo-kosmetyczka-ne7562-do-personalizacji-20755\/custom\/"},"equivalent_products":[],"colors":[{"id":17584,"name":"noir","class_ids":[4],"codes_hexa":["000000"],"delai_24":false,"has_3d":false,"seuil_global":0,"stock_local":0,"stock_global":496,"on_standby":false,"in_catalog":true,"images":{"miniature":["https:\/\/media.th4.com\/oxrs8Df-QbWVcv4ZUe94eYT1mTDCGtLpJmqWbATFU44\/pr:80\/aHR0cDovL21lZGlhMi5kZXNpZ25wYXJ0bmVyLmZyL2MvcC8yMDc1NS8yMDc1NS0xNzU4NC0xLndlYnA?v=1759309807"],"medium":["https:\/\/media.th4.com\/QBeSSf4QQGQHX5Fr41SvQchibQRDaRkYcls6jW65PaY\/pr:550x550\/aHR0cDovL21lZGlhMi5kZXNpZ25wYXJ0bmVyLmZyL2MvcC8yMDc1NS8yMDc1NS0xNzU4NC0xLndlYnA?v=1759309807"],"medium_large":["https:\/\/media.th4.com\/10m_LZmIsui_h9mwP8jW-dbofseaCUCw4ac6z6LoYM8\/pr:1000x1000\/aHR0cDovL21lZGlhMi5kZXNpZ25wYXJ0bmVyLmZyL2MvcC8yMDc1NS8yMDc1NS0xNzU4NC0xLndlYnA?v=1759309807"],"large":["https:\/\/media.th4.com\/4ciXYJoWqqHmqvmUiB7QQ34wtZ2_QWraMVsLyGWqc9c\/pr:1920\/aHR0cDovL21lZGlhMi5kZXNpZ25wYXJ0bmVyLmZyL2MvcC8yMDc1NS8yMDc1NS0xNzU4NC0xLndlYnA?v=1759309807"],"opengraph":["https:\/\/media.th4.com\/kXes9NhxUeOFSIkJaiOxpproAwh-P-LTrZbKV_aXuiQ\/pr:1200x630\/aHR0cDovL21lZGlhMi5kZXNpZ25wYXJ0bmVyLmZyL2MvcC8yMDc1NS8yMDc1NS0xNzU4NC0xLndlYnA?v=1759309807"]},"images_customization":{"miniature":["https:\/\/media.th4.com\/oxrs8Df-QbWVcv4ZUe94eYT1mTDCGtLpJmqWbATFU44\/pr:80\/aHR0cDovL21lZGlhMi5kZXNpZ25wYXJ0bmVyLmZyL2MvcC8yMDc1NS8yMDc1NS0xNzU4NC0xLndlYnA?v=1759309807"],"medium":["https:\/\/media.th4.com\/QBeSSf4QQGQHX5Fr41SvQchibQRDaRkYcls6jW65PaY\/pr:550x550\/aHR0cDovL21lZGlhMi5kZXNpZ25wYXJ0bmVyLmZyL2MvcC8yMDc1NS8yMDc1NS0xNzU4NC0xLndlYnA?v=1759309807"],"medium_large":["https:\/\/media.th4.com\/10m_LZmIsui_h9mwP8jW-dbofseaCUCw4ac6z6LoYM8\/pr:1000x1000\/aHR0cDovL21lZGlhMi5kZXNpZ25wYXJ0bmVyLmZyL2MvcC8yMDc1NS8yMDc1NS0xNzU4NC0xLndlYnA?v=1759309807"],"large":["https:\/\/media.th4.com\/4ciXYJoWqqHmqvmUiB7QQ34wtZ2_QWraMVsLyGWqc9c\/pr:1920\/aHR0cDovL21lZGlhMi5kZXNpZ25wYXJ0bmVyLmZyL2MvcC8yMDc1NS8yMDc1NS0xNzU4NC0xLndlYnA?v=1759309807"],"opengraph":["https:\/\/media.th4.com\/kXes9NhxUeOFSIkJaiOxpproAwh-P-LTrZbKV_aXuiQ\/pr:1200x630\/aHR0cDovL21lZGlhMi5kZXNpZ25wYXJ0bmVyLmZyL2MvcC8yMDc1NS8yMDc1NS0xNzU4NC0xLndlYnA?v=1759309807"]},"country_origin":"IN","traceability":{"manufacturing_country_id":null,"weaving_country_id":null,"dyeing_country_id":null},"sizes":[{"id":42,"article_id":514399,"class_id":19,"name":"taille_unique","on_standby":false,"stock_local":0,"stock_global":496,"multiple":1,"estimated_date_reassort":null,"is_destocking":false}],"page_links":{"fr":"\/fr\/p-st-ne7562-remo-trousse-pochette-coton-ne7562-20755\/noir-17584\/","en":"\/en\/p-st-ne7562-remo-pouch-cotton-ne7562-20755\/noir-17584\/","de":"\/de\/p-st-ne7562-remo-baumwoll-beutel-ne7562-20755\/noir-17584\/","nl":"\/nl\/p-st-ne7562-remo-katoenen-etui-ne7562-20755\/noir-17584\/","es":"\/es\/p-st-ne7562-remo-estuche-pouch-de-algodon-ne7562-20755\/noir-17584\/","it":"\/it\/p-st-ne7562-remo-pouch-cotton-ne7562-20755\/noir-17584\/","sv":"\/sv\/p-st-ne7562-remo-cotton-pouch-ne7562-20755\/noir-17584\/","pt":"\/pt\/p-st-ne7562-remo-pouch-bag-algodao-ne7562-20755\/noir-17584\/","da":"\/da\/p-st-ne7562-remo-bomuldspung-ne7562-20755\/noir-17584\/","pl":"\/pl\/p-st-ne7562-remo-pouch-cotton-ne7562-20755\/noir-17584\/"},"page_links_customization":{"fr":"\/fr\/p-st-ne7562-remo-trousse-pochette-ne7562-personnalisable-20755\/noir-17584\/custom\/","en":"\/en\/p-st-ne7562-remo-pouch-case-ne7562-customizable-20755\/noir-17584\/custom\/","de":"\/de\/p-st-ne7562-remo-etui-ne7562-anpassbar-20755\/noir-17584\/custom\/","nl":"\/nl\/p-st-ne7562-remo-etui-tas-ne7562-aanpasbaar-20755\/noir-17584\/custom\/","es":"\/es\/p-st-ne7562-remo-estuche-neceser-ne7562-personalizable-20755\/noir-17584\/custom\/","it":"\/it\/p-st-ne7562-remo-pochette-ne7562-personalizzabile-20755\/noir-17584\/custom\/","sv":"\/sv\/p-st-ne7562-remo-pencil-case-pouch-ne7562-customizable-20755\/noir-17584\/custom\/","pt":"\/pt\/p-st-ne7562-remo-necessaire-bolsa-ne7562-personalizavel-20755\/noir-17584\/custom\/","da":"\/da\/p-st-ne7562-remo-etui-pung-ne7562-tilpasselig-20755\/noir-17584\/custom\/","pl":"\/pl\/p-st-ne7562-remo-kosmetyczka-ne7562-do-personalizacji-20755\/noir-17584\/custom\/"}},{"id":17585,"name":"bleu_royal","class_ids":[2],"codes_hexa":["0060a9"],"delai_24":false,"has_3d":false,"seuil_global":0,"stock_local":0,"stock_global":496,"on_standby":false,"in_catalog":true,"images":{"miniature":["https:\/\/media.th4.com\/x2nC-qMUmWlvSFr4Hkk_C0hhlTX12x96YWB4vHCXJAU\/pr:80\/aHR0cDovL21lZGlhMi5kZXNpZ25wYXJ0bmVyLmZyL2MvcC8yMDc1NS8yMDc1NS0xNzU4NS0xLndlYnA?v=1759309806"],"medium":["https:\/\/media.th4.com\/oi8RS_EY0Uga_VwrAKQ8ev-AtvJ95t8GhVgrpmxB-Cg\/pr:550x550\/aHR0cDovL21lZGlhMi5kZXNpZ25wYXJ0bmVyLmZyL2MvcC8yMDc1NS8yMDc1NS0xNzU4NS0xLndlYnA?v=1759309806"],"medium_large":["https:\/\/media.th4.com\/LZl2CALnTzHU-BmCG7GCf0Fzx-m1FCkp9YYHPwRoXBg\/pr:1000x1000\/aHR0cDovL21lZGlhMi5kZXNpZ25wYXJ0bmVyLmZyL2MvcC8yMDc1NS8yMDc1NS0xNzU4NS0xLndlYnA?v=1759309806"],"large":["https:\/\/media.th4.com\/1YFJoTguIxn1P_fC894BTGMEJ7Wj9KWVLz7Y2kQbW-Y\/pr:1920\/aHR0cDovL21lZGlhMi5kZXNpZ25wYXJ0bmVyLmZyL2MvcC8yMDc1NS8yMDc1NS0xNzU4NS0xLndlYnA?v=1759309806"],"opengraph":["https:\/\/media.th4.com\/xn1dl5VU5j2VUIgKT7fGYO3H_Z6AENv5Vo8tAfXdLBw\/pr:1200x630\/aHR0cDovL21lZGlhMi5kZXNpZ25wYXJ0bmVyLmZyL2MvcC8yMDc1NS8yMDc1NS0xNzU4NS0xLndlYnA?v=1759309806"]},"images_customization":{"miniature":["https:\/\/media.th4.com\/x2nC-qMUmWlvSFr4Hkk_C0hhlTX12x96YWB4vHCXJAU\/pr:80\/aHR0cDovL21lZGlhMi5kZXNpZ25wYXJ0bmVyLmZyL2MvcC8yMDc1NS8yMDc1NS0xNzU4NS0xLndlYnA?v=1759309806"],"medium":["https:\/\/media.th4.com\/oi8RS_EY0Uga_VwrAKQ8ev-AtvJ95t8GhVgrpmxB-Cg\/pr:550x550\/aHR0cDovL21lZGlhMi5kZXNpZ25wYXJ0bmVyLmZyL2MvcC8yMDc1NS8yMDc1NS0xNzU4NS0xLndlYnA?v=1759309806"],"medium_large":["https:\/\/media.th4.com\/LZl2CALnTzHU-BmCG7GCf0Fzx-m1FCkp9YYHPwRoXBg\/pr:1000x1000\/aHR0cDovL21lZGlhMi5kZXNpZ25wYXJ0bmVyLmZyL2MvcC8yMDc1NS8yMDc1NS0xNzU4NS0xLndlYnA?v=1759309806"],"large":["https:\/\/media.th4.com\/1YFJoTguIxn1P_fC894BTGMEJ7Wj9KWVLz7Y2kQbW-Y\/pr:1920\/aHR0cDovL21lZGlhMi5kZXNpZ25wYXJ0bmVyLmZyL2MvcC8yMDc1NS8yMDc1NS0xNzU4NS0xLndlYnA?v=1759309806"],"opengraph":["https:\/\/media.th4.com\/xn1dl5VU5j2VUIgKT7fGYO3H_Z6AENv5Vo8tAfXdLBw\/pr:1200x630\/aHR0cDovL21lZGlhMi5kZXNpZ25wYXJ0bmVyLmZyL2MvcC8yMDc1NS8yMDc1NS0xNzU4NS0xLndlYnA?v=1759309806"]},"country_origin":"IN","traceability":{"manufacturing_country_id":null,"weaving_country_id":null,"dyeing_country_id":null},"sizes":[{"id":42,"article_id":514400,"class_id":19,"name":"taille_unique","on_standby":false,"stock_local":0,"stock_global":496,"multiple":1,"estimated_date_reassort":null,"is_destocking":false}],"page_links":{"fr":"\/fr\/p-st-ne7562-remo-trousse-pochette-coton-ne7562-20755\/bleu-royal-17585\/","en":"\/en\/p-st-ne7562-remo-pouch-cotton-ne7562-20755\/bleu-royal-17585\/","de":"\/de\/p-st-ne7562-remo-baumwoll-beutel-ne7562-20755\/bleu-royal-17585\/","nl":"\/nl\/p-st-ne7562-remo-katoenen-etui-ne7562-20755\/bleu-royal-17585\/","es":"\/es\/p-st-ne7562-remo-estuche-pouch-de-algodon-ne7562-20755\/bleu-royal-17585\/","it":"\/it\/p-st-ne7562-remo-pouch-cotton-ne7562-20755\/bleu-royal-17585\/","sv":"\/sv\/p-st-ne7562-remo-cotton-pouch-ne7562-20755\/bleu-royal-17585\/","pt":"\/pt\/p-st-ne7562-remo-pouch-bag-algodao-ne7562-20755\/bleu-royal-17585\/","da":"\/da\/p-st-ne7562-remo-bomuldspung-ne7562-20755\/bleu-royal-17585\/","pl":"\/pl\/p-st-ne7562-remo-pouch-cotton-ne7562-20755\/bleu-royal-17585\/"},"page_links_customization":{"fr":"\/fr\/p-st-ne7562-remo-trousse-pochette-ne7562-personnalisable-20755\/bleu-royal-17585\/custom\/","en":"\/en\/p-st-ne7562-remo-pouch-case-ne7562-customizable-20755\/bleu-royal-17585\/custom\/","de":"\/de\/p-st-ne7562-remo-etui-ne7562-anpassbar-20755\/bleu-royal-17585\/custom\/","nl":"\/nl\/p-st-ne7562-remo-etui-tas-ne7562-aanpasbaar-20755\/bleu-royal-17585\/custom\/","es":"\/es\/p-st-ne7562-remo-estuche-neceser-ne7562-personalizable-20755\/bleu-royal-17585\/custom\/","it":"\/it\/p-st-ne7562-remo-pochette-ne7562-personalizzabile-20755\/bleu-royal-17585\/custom\/","sv":"\/sv\/p-st-ne7562-remo-pencil-case-pouch-ne7562-customizable-20755\/bleu-royal-17585\/custom\/","pt":"\/pt\/p-st-ne7562-remo-necessaire-bolsa-ne7562-personalizavel-20755\/bleu-royal-17585\/custom\/","da":"\/da\/p-st-ne7562-remo-etui-pung-ne7562-tilpasselig-20755\/bleu-royal-17585\/custom\/","pl":"\/pl\/p-st-ne7562-remo-kosmetyczka-ne7562-do-personalizacji-20755\/bleu-royal-17585\/custom\/"}},{"id":17596,"name":"beige","class_ids":[8],"codes_hexa":["f3efe0"],"delai_24":false,"has_3d":false,"seuil_global":0,"stock_local":0,"stock_global":496,"on_standby":false,"in_catalog":true,"images":{"miniature":["https:\/\/media.th4.com\/mzBirfWuK3Dz2DDXV0AZvAfIiV0f_A146kve--oWlr4\/pr:80\/aHR0cDovL21lZGlhMi5kZXNpZ25wYXJ0bmVyLmZyL2MvcC8yMDc1NS8yMDc1NS0xNzU5Ni0xLndlYnA?v=1759309806"],"medium":["https:\/\/media.th4.com\/eT7FEhvMRfQtOuHMaZEbub60fZtMHgTbO-IcKbqXIYY\/pr:550x550\/aHR0cDovL21lZGlhMi5kZXNpZ25wYXJ0bmVyLmZyL2MvcC8yMDc1NS8yMDc1NS0xNzU5Ni0xLndlYnA?v=1759309806"],"medium_large":["https:\/\/media.th4.com\/h4_Fr80IfqV7evLfhe1yE1ROmgD0taI6sWy9jxeGK0c\/pr:1000x1000\/aHR0cDovL21lZGlhMi5kZXNpZ25wYXJ0bmVyLmZyL2MvcC8yMDc1NS8yMDc1NS0xNzU5Ni0xLndlYnA?v=1759309806"],"large":["https:\/\/media.th4.com\/ft-3NtDZCXfn1FpiZKdqsQ4OKnfqv-3VAduGffCohJs\/pr:1920\/aHR0cDovL21lZGlhMi5kZXNpZ25wYXJ0bmVyLmZyL2MvcC8yMDc1NS8yMDc1NS0xNzU5Ni0xLndlYnA?v=1759309806"],"opengraph":["https:\/\/media.th4.com\/UKvSSiQNMFrtYHpk2VM1QJH_rLSuFLZAmaH1wMG-eAo\/pr:1200x630\/aHR0cDovL21lZGlhMi5kZXNpZ25wYXJ0bmVyLmZyL2MvcC8yMDc1NS8yMDc1NS0xNzU5Ni0xLndlYnA?v=1759309806"]},"images_customization":{"miniature":["https:\/\/media.th4.com\/mzBirfWuK3Dz2DDXV0AZvAfIiV0f_A146kve--oWlr4\/pr:80\/aHR0cDovL21lZGlhMi5kZXNpZ25wYXJ0bmVyLmZyL2MvcC8yMDc1NS8yMDc1NS0xNzU5Ni0xLndlYnA?v=1759309806"],"medium":["https:\/\/media.th4.com\/eT7FEhvMRfQtOuHMaZEbub60fZtMHgTbO-IcKbqXIYY\/pr:550x550\/aHR0cDovL21lZGlhMi5kZXNpZ25wYXJ0bmVyLmZyL2MvcC8yMDc1NS8yMDc1NS0xNzU5Ni0xLndlYnA?v=1759309806"],"medium_large":["https:\/\/media.th4.com\/h4_Fr80IfqV7evLfhe1yE1ROmgD0taI6sWy9jxeGK0c\/pr:1000x1000\/aHR0cDovL21lZGlhMi5kZXNpZ25wYXJ0bmVyLmZyL2MvcC8yMDc1NS8yMDc1NS0xNzU5Ni0xLndlYnA?v=1759309806"],"large":["https:\/\/media.th4.com\/ft-3NtDZCXfn1FpiZKdqsQ4OKnfqv-3VAduGffCohJs\/pr:1920\/aHR0cDovL21lZGlhMi5kZXNpZ25wYXJ0bmVyLmZyL2MvcC8yMDc1NS8yMDc1NS0xNzU5Ni0xLndlYnA?v=1759309806"],"opengraph":["https:\/\/media.th4.com\/UKvSSiQNMFrtYHpk2VM1QJH_rLSuFLZAmaH1wMG-eAo\/pr:1200x630\/aHR0cDovL21lZGlhMi5kZXNpZ25wYXJ0bmVyLmZyL2MvcC8yMDc1NS8yMDc1NS0xNzU5Ni0xLndlYnA?v=1759309806"]},"country_origin":"IN","traceability":{"manufacturing_country_id":null,"weaving_country_id":null,"dyeing_country_id":null},"sizes":[{"id":42,"article_id":514402,"class_id":19,"name":"taille_unique","on_standby":false,"stock_local":0,"stock_global":496,"multiple":1,"estimated_date_reassort":null,"is_destocking":false}],"page_links":{"fr":"\/fr\/p-st-ne7562-remo-trousse-pochette-coton-ne7562-20755\/beige-17596\/","en":"\/en\/p-st-ne7562-remo-pouch-cotton-ne7562-20755\/beige-17596\/","de":"\/de\/p-st-ne7562-remo-baumwoll-beutel-ne7562-20755\/beige-17596\/","nl":"\/nl\/p-st-ne7562-remo-katoenen-etui-ne7562-20755\/beige-17596\/","es":"\/es\/p-st-ne7562-remo-estuche-pouch-de-algodon-ne7562-20755\/beige-17596\/","it":"\/it\/p-st-ne7562-remo-pouch-cotton-ne7562-20755\/beige-17596\/","sv":"\/sv\/p-st-ne7562-remo-cotton-pouch-ne7562-20755\/beige-17596\/","pt":"\/pt\/p-st-ne7562-remo-pouch-bag-algodao-ne7562-20755\/beige-17596\/","da":"\/da\/p-st-ne7562-remo-bomuldspung-ne7562-20755\/beige-17596\/","pl":"\/pl\/p-st-ne7562-remo-pouch-cotton-ne7562-20755\/beige-17596\/"},"page_links_customization":{"fr":"\/fr\/p-st-ne7562-remo-trousse-pochette-ne7562-personnalisable-20755\/beige-17596\/custom\/","en":"\/en\/p-st-ne7562-remo-pouch-case-ne7562-customizable-20755\/beige-17596\/custom\/","de":"\/de\/p-st-ne7562-remo-etui-ne7562-anpassbar-20755\/beige-17596\/custom\/","nl":"\/nl\/p-st-ne7562-remo-etui-tas-ne7562-aanpasbaar-20755\/beige-17596\/custom\/","es":"\/es\/p-st-ne7562-remo-estuche-neceser-ne7562-personalizable-20755\/beige-17596\/custom\/","it":"\/it\/p-st-ne7562-remo-pochette-ne7562-personalizzabile-20755\/beige-17596\/custom\/","sv":"\/sv\/p-st-ne7562-remo-pencil-case-pouch-ne7562-customizable-20755\/beige-17596\/custom\/","pt":"\/pt\/p-st-ne7562-remo-necessaire-bolsa-ne7562-personalizavel-20755\/beige-17596\/custom\/","da":"\/da\/p-st-ne7562-remo-etui-pung-ne7562-tilpasselig-20755\/beige-17596\/custom\/","pl":"\/pl\/p-st-ne7562-remo-kosmetyczka-ne7562-do-personalizacji-20755\/beige-17596\/custom\/"}},{"id":17589,"name":"rouge","class_ids":[6],"codes_hexa":["dc002e"],"delai_24":false,"has_3d":false,"seuil_global":0,"stock_local":0,"stock_global":496,"on_standby":false,"in_catalog":true,"images":{"miniature":["https:\/\/media.th4.com\/EYOAhCgWnNA04Szve1Zf91uxAoAVq9rb5AR81Ip-ZsU\/pr:80\/aHR0cDovL21lZGlhMi5kZXNpZ25wYXJ0bmVyLmZyL2MvcC8yMDc1NS8yMDc1NS0xNzU4OS0xLndlYnA?v=1759309808","https:\/\/media.th4.com\/tPz22oRbe9zI3rkNJWAMu-Y6eupcRqm1heoj-NapmZU\/pr:80\/aHR0cDovL21lZGlhMi5kZXNpZ25wYXJ0bmVyLmZyL2MvcC8yMDc1NS8yMDc1NS0xNzU4OS0xMC53ZWJw?v=1759309809","https:\/\/media.th4.com\/QeeC3okER9iC_AV58VdNPGV5n2_1h7C5GUD1o2c8TTU\/pr:80\/aHR0cDovL21lZGlhMi5kZXNpZ25wYXJ0bmVyLmZyL2MvcC8yMDc1NS8yMDc1NS0xNzU4OS0xMS53ZWJw?v=1759309810"],"medium":["https:\/\/media.th4.com\/vqJkmBzCI9pIcQ9n_l5AcVyPVSMoD20KAO26qrAFUuY\/pr:550x550\/aHR0cDovL21lZGlhMi5kZXNpZ25wYXJ0bmVyLmZyL2MvcC8yMDc1NS8yMDc1NS0xNzU4OS0xLndlYnA?v=1759309808","https:\/\/media.th4.com\/ufV3yZvQfbOoKa9yVEFsOTczm1M89_7wrV32paHid0w\/pr:550x550\/aHR0cDovL21lZGlhMi5kZXNpZ25wYXJ0bmVyLmZyL2MvcC8yMDc1NS8yMDc1NS0xNzU4OS0xMC53ZWJw?v=1759309809","https:\/\/media.th4.com\/JBauC_nhvPdNmQ97HmtlKtwiZejbgegQWkQkA2urn8g\/pr:550x550\/aHR0cDovL21lZGlhMi5kZXNpZ25wYXJ0bmVyLmZyL2MvcC8yMDc1NS8yMDc1NS0xNzU4OS0xMS53ZWJw?v=1759309810"],"medium_large":["https:\/\/media.th4.com\/eJ7C_kUCpTr_MWxS_qpAIHcfAsMD0RUsXIVISPJBlKA\/pr:1000x1000\/aHR0cDovL21lZGlhMi5kZXNpZ25wYXJ0bmVyLmZyL2MvcC8yMDc1NS8yMDc1NS0xNzU4OS0xLndlYnA?v=1759309808","https:\/\/media.th4.com\/KCBWJtnH1iOwMkgQfPGx9b9J0fCBb_aYra7QeCqeNGA\/pr:1000x1000\/aHR0cDovL21lZGlhMi5kZXNpZ25wYXJ0bmVyLmZyL2MvcC8yMDc1NS8yMDc1NS0xNzU4OS0xMC53ZWJw?v=1759309809","https:\/\/media.th4.com\/VwpOHs_MNnVswa6Ixbe7u3fJ4uOFm-OWvIy9AtMgf04\/pr:1000x1000\/aHR0cDovL21lZGlhMi5kZXNpZ25wYXJ0bmVyLmZyL2MvcC8yMDc1NS8yMDc1NS0xNzU4OS0xMS53ZWJw?v=1759309810"],"large":["https:\/\/media.th4.com\/WiQPsA7WN8yuGRV-BBnWdFz6Ulv46d8cCNkV1LK9Z_o\/pr:1920\/aHR0cDovL21lZGlhMi5kZXNpZ25wYXJ0bmVyLmZyL2MvcC8yMDc1NS8yMDc1NS0xNzU4OS0xLndlYnA?v=1759309808","https:\/\/media.th4.com\/qSDvQFhDUw5WaLeIrueZQo3zsnxsyQttoHaEgQofo_I\/pr:1920\/aHR0cDovL21lZGlhMi5kZXNpZ25wYXJ0bmVyLmZyL2MvcC8yMDc1NS8yMDc1NS0xNzU4OS0xMC53ZWJw?v=1759309809","https:\/\/media.th4.com\/o9XlEy3MpaeWuFJIsptEJxKnvWS-EmX6FRtq_tsbeIY\/pr:1920\/aHR0cDovL21lZGlhMi5kZXNpZ25wYXJ0bmVyLmZyL2MvcC8yMDc1NS8yMDc1NS0xNzU4OS0xMS53ZWJw?v=1759309810"],"opengraph":["https:\/\/media.th4.com\/XbqoOiHOFuffuLakg2M90_gbPRwWzhvCuEZsUsEdE9o\/pr:1200x630\/aHR0cDovL21lZGlhMi5kZXNpZ25wYXJ0bmVyLmZyL2MvcC8yMDc1NS8yMDc1NS0xNzU4OS0xLndlYnA?v=1759309808","https:\/\/media.th4.com\/xz4Y9QPp6tCaIu9pnzEpx0QA1aA2GWKMpbPYP2ZSYAE\/pr:1200x630\/aHR0cDovL21lZGlhMi5kZXNpZ25wYXJ0bmVyLmZyL2MvcC8yMDc1NS8yMDc1NS0xNzU4OS0xMC53ZWJw?v=1759309809","https:\/\/media.th4.com\/1IqMTaEbdojEtXqVywvbO1yIoSgSuT8DxTD2TwwM2Do\/pr:1200x630\/aHR0cDovL21lZGlhMi5kZXNpZ25wYXJ0bmVyLmZyL2MvcC8yMDc1NS8yMDc1NS0xNzU4OS0xMS53ZWJw?v=1759309810"]},"images_customization":{"miniature":["https:\/\/media.th4.com\/EYOAhCgWnNA04Szve1Zf91uxAoAVq9rb5AR81Ip-ZsU\/pr:80\/aHR0cDovL21lZGlhMi5kZXNpZ25wYXJ0bmVyLmZyL2MvcC8yMDc1NS8yMDc1NS0xNzU4OS0xLndlYnA?v=1759309808","https:\/\/media.th4.com\/tPz22oRbe9zI3rkNJWAMu-Y6eupcRqm1heoj-NapmZU\/pr:80\/aHR0cDovL21lZGlhMi5kZXNpZ25wYXJ0bmVyLmZyL2MvcC8yMDc1NS8yMDc1NS0xNzU4OS0xMC53ZWJw?v=1759309809","https:\/\/media.th4.com\/QeeC3okER9iC_AV58VdNPGV5n2_1h7C5GUD1o2c8TTU\/pr:80\/aHR0cDovL21lZGlhMi5kZXNpZ25wYXJ0bmVyLmZyL2MvcC8yMDc1NS8yMDc1NS0xNzU4OS0xMS53ZWJw?v=1759309810"],"medium":["https:\/\/media.th4.com\/vqJkmBzCI9pIcQ9n_l5AcVyPVSMoD20KAO26qrAFUuY\/pr:550x550\/aHR0cDovL21lZGlhMi5kZXNpZ25wYXJ0bmVyLmZyL2MvcC8yMDc1NS8yMDc1NS0xNzU4OS0xLndlYnA?v=1759309808","https:\/\/media.th4.com\/ufV3yZvQfbOoKa9yVEFsOTczm1M89_7wrV32paHid0w\/pr:550x550\/aHR0cDovL21lZGlhMi5kZXNpZ25wYXJ0bmVyLmZyL2MvcC8yMDc1NS8yMDc1NS0xNzU4OS0xMC53ZWJw?v=1759309809","https:\/\/media.th4.com\/JBauC_nhvPdNmQ97HmtlKtwiZejbgegQWkQkA2urn8g\/pr:550x550\/aHR0cDovL21lZGlhMi5kZXNpZ25wYXJ0bmVyLmZyL2MvcC8yMDc1NS8yMDc1NS0xNzU4OS0xMS53ZWJw?v=1759309810"],"medium_large":["https:\/\/media.th4.com\/eJ7C_kUCpTr_MWxS_qpAIHcfAsMD0RUsXIVISPJBlKA\/pr:1000x1000\/aHR0cDovL21lZGlhMi5kZXNpZ25wYXJ0bmVyLmZyL2MvcC8yMDc1NS8yMDc1NS0xNzU4OS0xLndlYnA?v=1759309808","https:\/\/media.th4.com\/KCBWJtnH1iOwMkgQfPGx9b9J0fCBb_aYra7QeCqeNGA\/pr:1000x1000\/aHR0cDovL21lZGlhMi5kZXNpZ25wYXJ0bmVyLmZyL2MvcC8yMDc1NS8yMDc1NS0xNzU4OS0xMC53ZWJw?v=1759309809","https:\/\/media.th4.com\/VwpOHs_MNnVswa6Ixbe7u3fJ4uOFm-OWvIy9AtMgf04\/pr:1000x1000\/aHR0cDovL21lZGlhMi5kZXNpZ25wYXJ0bmVyLmZyL2MvcC8yMDc1NS8yMDc1NS0xNzU4OS0xMS53ZWJw?v=1759309810"],"large":["https:\/\/media.th4.com\/WiQPsA7WN8yuGRV-BBnWdFz6Ulv46d8cCNkV1LK9Z_o\/pr:1920\/aHR0cDovL21lZGlhMi5kZXNpZ25wYXJ0bmVyLmZyL2MvcC8yMDc1NS8yMDc1NS0xNzU4OS0xLndlYnA?v=1759309808","https:\/\/media.th4.com\/qSDvQFhDUw5WaLeIrueZQo3zsnxsyQttoHaEgQofo_I\/pr:1920\/aHR0cDovL21lZGlhMi5kZXNpZ25wYXJ0bmVyLmZyL2MvcC8yMDc1NS8yMDc1NS0xNzU4OS0xMC53ZWJw?v=1759309809","https:\/\/media.th4.com\/o9XlEy3MpaeWuFJIsptEJxKnvWS-EmX6FRtq_tsbeIY\/pr:1920\/aHR0cDovL21lZGlhMi5kZXNpZ25wYXJ0bmVyLmZyL2MvcC8yMDc1NS8yMDc1NS0xNzU4OS0xMS53ZWJw?v=1759309810"],"opengraph":["https:\/\/media.th4.com\/XbqoOiHOFuffuLakg2M90_gbPRwWzhvCuEZsUsEdE9o\/pr:1200x630\/aHR0cDovL21lZGlhMi5kZXNpZ25wYXJ0bmVyLmZyL2MvcC8yMDc1NS8yMDc1NS0xNzU4OS0xLndlYnA?v=1759309808","https:\/\/media.th4.com\/xz4Y9QPp6tCaIu9pnzEpx0QA1aA2GWKMpbPYP2ZSYAE\/pr:1200x630\/aHR0cDovL21lZGlhMi5kZXNpZ25wYXJ0bmVyLmZyL2MvcC8yMDc1NS8yMDc1NS0xNzU4OS0xMC53ZWJw?v=1759309809","https:\/\/media.th4.com\/1IqMTaEbdojEtXqVywvbO1yIoSgSuT8DxTD2TwwM2Do\/pr:1200x630\/aHR0cDovL21lZGlhMi5kZXNpZ25wYXJ0bmVyLmZyL2MvcC8yMDc1NS8yMDc1NS0xNzU4OS0xMS53ZWJw?v=1759309810"]},"country_origin":"IN","traceability":{"manufacturing_country_id":null,"weaving_country_id":null,"dyeing_country_id":null},"sizes":[{"id":42,"article_id":514403,"class_id":19,"name":"taille_unique","on_standby":false,"stock_local":0,"stock_global":496,"multiple":1,"estimated_date_reassort":null,"is_destocking":false}],"page_links":{"fr":"\/fr\/p-st-ne7562-remo-trousse-pochette-coton-ne7562-20755\/rouge-17589\/","en":"\/en\/p-st-ne7562-remo-pouch-cotton-ne7562-20755\/rouge-17589\/","de":"\/de\/p-st-ne7562-remo-baumwoll-beutel-ne7562-20755\/rouge-17589\/","nl":"\/nl\/p-st-ne7562-remo-katoenen-etui-ne7562-20755\/rouge-17589\/","es":"\/es\/p-st-ne7562-remo-estuche-pouch-de-algodon-ne7562-20755\/rouge-17589\/","it":"\/it\/p-st-ne7562-remo-pouch-cotton-ne7562-20755\/rouge-17589\/","sv":"\/sv\/p-st-ne7562-remo-cotton-pouch-ne7562-20755\/rouge-17589\/","pt":"\/pt\/p-st-ne7562-remo-pouch-bag-algodao-ne7562-20755\/rouge-17589\/","da":"\/da\/p-st-ne7562-remo-bomuldspung-ne7562-20755\/rouge-17589\/","pl":"\/pl\/p-st-ne7562-remo-pouch-cotton-ne7562-20755\/rouge-17589\/"},"page_links_customization":{"fr":"\/fr\/p-st-ne7562-remo-trousse-pochette-ne7562-personnalisable-20755\/rouge-17589\/custom\/","en":"\/en\/p-st-ne7562-remo-pouch-case-ne7562-customizable-20755\/rouge-17589\/custom\/","de":"\/de\/p-st-ne7562-remo-etui-ne7562-anpassbar-20755\/rouge-17589\/custom\/","nl":"\/nl\/p-st-ne7562-remo-etui-tas-ne7562-aanpasbaar-20755\/rouge-17589\/custom\/","es":"\/es\/p-st-ne7562-remo-estuche-neceser-ne7562-personalizable-20755\/rouge-17589\/custom\/","it":"\/it\/p-st-ne7562-remo-pochette-ne7562-personalizzabile-20755\/rouge-17589\/custom\/","sv":"\/sv\/p-st-ne7562-remo-pencil-case-pouch-ne7562-customizable-20755\/rouge-17589\/custom\/","pt":"\/pt\/p-st-ne7562-remo-necessaire-bolsa-ne7562-personalizavel-20755\/rouge-17589\/custom\/","da":"\/da\/p-st-ne7562-remo-etui-pung-ne7562-tilpasselig-20755\/rouge-17589\/custom\/","pl":"\/pl\/p-st-ne7562-remo-kosmetyczka-ne7562-do-personalizacji-20755\/rouge-17589\/custom\/"}},{"id":17586,"name":"vert_fougere","class_ids":[5],"codes_hexa":["bce580"],"delai_24":false,"has_3d":false,"seuil_global":0,"stock_local":0,"stock_global":0,"on_standby":true,"in_catalog":true,"images":{"miniature":["https:\/\/media.th4.com\/zewNCkN6VREmSOuQRzNK9MRAwEVo9pK3yNjPZ6iQO3s\/pr:80\/aHR0cDovL21lZGlhMi5kZXNpZ25wYXJ0bmVyLmZyL2MvcC8yMDc1NS8yMDc1NS0xNzU4Ni0xLndlYnA?v=1759309811"],"medium":["https:\/\/media.th4.com\/ZuIRdVvLJnR834ZhItA4YD0QmOgmq2Oe4KA-KWjDyKw\/pr:550x550\/aHR0cDovL21lZGlhMi5kZXNpZ25wYXJ0bmVyLmZyL2MvcC8yMDc1NS8yMDc1NS0xNzU4Ni0xLndlYnA?v=1759309811"],"medium_large":["https:\/\/media.th4.com\/4YLhXfp-Zerk8-T_uRmdqrZXcImt4m7X-2ytzJy-XYU\/pr:1000x1000\/aHR0cDovL21lZGlhMi5kZXNpZ25wYXJ0bmVyLmZyL2MvcC8yMDc1NS8yMDc1NS0xNzU4Ni0xLndlYnA?v=1759309811"],"large":["https:\/\/media.th4.com\/jrJ0FceYIo8kMHsIdRHmDczaFrzeWzfwh4hWjeJOc70\/pr:1920\/aHR0cDovL21lZGlhMi5kZXNpZ25wYXJ0bmVyLmZyL2MvcC8yMDc1NS8yMDc1NS0xNzU4Ni0xLndlYnA?v=1759309811"],"opengraph":["https:\/\/media.th4.com\/UB0wj75j5GwyjrQgX4RWrvLh6UqHS1ZPTiqu7Ifrelo\/pr:1200x630\/aHR0cDovL21lZGlhMi5kZXNpZ25wYXJ0bmVyLmZyL2MvcC8yMDc1NS8yMDc1NS0xNzU4Ni0xLndlYnA?v=1759309811"]},"images_customization":{"miniature":["https:\/\/media.th4.com\/zewNCkN6VREmSOuQRzNK9MRAwEVo9pK3yNjPZ6iQO3s\/pr:80\/aHR0cDovL21lZGlhMi5kZXNpZ25wYXJ0bmVyLmZyL2MvcC8yMDc1NS8yMDc1NS0xNzU4Ni0xLndlYnA?v=1759309811"],"medium":["https:\/\/media.th4.com\/ZuIRdVvLJnR834ZhItA4YD0QmOgmq2Oe4KA-KWjDyKw\/pr:550x550\/aHR0cDovL21lZGlhMi5kZXNpZ25wYXJ0bmVyLmZyL2MvcC8yMDc1NS8yMDc1NS0xNzU4Ni0xLndlYnA?v=1759309811"],"medium_large":["https:\/\/media.th4.com\/4YLhXfp-Zerk8-T_uRmdqrZXcImt4m7X-2ytzJy-XYU\/pr:1000x1000\/aHR0cDovL21lZGlhMi5kZXNpZ25wYXJ0bmVyLmZyL2MvcC8yMDc1NS8yMDc1NS0xNzU4Ni0xLndlYnA?v=1759309811"],"large":["https:\/\/media.th4.com\/jrJ0FceYIo8kMHsIdRHmDczaFrzeWzfwh4hWjeJOc70\/pr:1920\/aHR0cDovL21lZGlhMi5kZXNpZ25wYXJ0bmVyLmZyL2MvcC8yMDc1NS8yMDc1NS0xNzU4Ni0xLndlYnA?v=1759309811"],"opengraph":["https:\/\/media.th4.com\/UB0wj75j5GwyjrQgX4RWrvLh6UqHS1ZPTiqu7Ifrelo\/pr:1200x630\/aHR0cDovL21lZGlhMi5kZXNpZ25wYXJ0bmVyLmZyL2MvcC8yMDc1NS8yMDc1NS0xNzU4Ni0xLndlYnA?v=1759309811"]},"country_origin":"IN","traceability":{"manufacturing_country_id":null,"weaving_country_id":null,"dyeing_country_id":null},"sizes":[],"page_links":{"fr":"\/fr\/p-st-ne7562-remo-trousse-pochette-coton-ne7562-20755\/vert-fougere-17586\/","en":"\/en\/p-st-ne7562-remo-pouch-cotton-ne7562-20755\/vert-fougere-17586\/","de":"\/de\/p-st-ne7562-remo-baumwoll-beutel-ne7562-20755\/vert-fougere-17586\/","nl":"\/nl\/p-st-ne7562-remo-katoenen-etui-ne7562-20755\/vert-fougere-17586\/","es":"\/es\/p-st-ne7562-remo-estuche-pouch-de-algodon-ne7562-20755\/vert-fougere-17586\/","it":"\/it\/p-st-ne7562-remo-pouch-cotton-ne7562-20755\/vert-fougere-17586\/","sv":"\/sv\/p-st-ne7562-remo-cotton-pouch-ne7562-20755\/vert-fougere-17586\/","pt":"\/pt\/p-st-ne7562-remo-pouch-bag-algodao-ne7562-20755\/vert-fougere-17586\/","da":"\/da\/p-st-ne7562-remo-bomuldspung-ne7562-20755\/vert-fougere-17586\/","pl":"\/pl\/p-st-ne7562-remo-pouch-cotton-ne7562-20755\/vert-fougere-17586\/"},"page_links_customization":{"fr":"\/fr\/p-st-ne7562-remo-trousse-pochette-ne7562-personnalisable-20755\/vert-fougere-17586\/custom\/","en":"\/en\/p-st-ne7562-remo-pouch-case-ne7562-customizable-20755\/vert-fougere-17586\/custom\/","de":"\/de\/p-st-ne7562-remo-etui-ne7562-anpassbar-20755\/vert-fougere-17586\/custom\/","nl":"\/nl\/p-st-ne7562-remo-etui-tas-ne7562-aanpasbaar-20755\/vert-fougere-17586\/custom\/","es":"\/es\/p-st-ne7562-remo-estuche-neceser-ne7562-personalizable-20755\/vert-fougere-17586\/custom\/","it":"\/it\/p-st-ne7562-remo-pochette-ne7562-personalizzabile-20755\/vert-fougere-17586\/custom\/","sv":"\/sv\/p-st-ne7562-remo-pencil-case-pouch-ne7562-customizable-20755\/vert-fougere-17586\/custom\/","pt":"\/pt\/p-st-ne7562-remo-necessaire-bolsa-ne7562-personalizavel-20755\/vert-fougere-17586\/custom\/","da":"\/da\/p-st-ne7562-remo-etui-pung-ne7562-tilpasselig-20755\/vert-fougere-17586\/custom\/","pl":"\/pl\/p-st-ne7562-remo-kosmetyczka-ne7562-do-personalizacji-20755\/vert-fougere-17586\/custom\/"}}],"documentation_link":"\/pdf\/20755.pdf","countries_availables":["AD","AE","AL","AT","BA","BD","BE","BG","BL","CA","CH","CN","CO","CY","CZ","DE","DK","DO","EE","EG","ES","ET","FI","FR","GB","GE","GF","GP","GR","GT","HK","HN","HR","HT","HU","ID","IE","IN","IS","IT","JO","JP","KE","KH","KP","KR","LA","LK","LS","LT","LU","LV","MA","MF","MG","MK","MM","MN","MQ","MT","MX","MY","NC","NI","NL","PF","PH","PK","PL","PM","PT","RE","RO","SE","SG","SI","SK","SV","SY","TH","TN","TR","TW","TZ","US","VN","WF","YT"]},"infos_customization":[],"features":{"authorize_multi_surfaces":true,"display_order_delay_type":true,"promote_surface_display":true,"tarification_franco_offert":true,"enabled_3d_editor":false},"markings":[{"id":0,"nom":"vierge","finition":null,"libelle":null,"code":null,"dpi":null,"finesse_forme_isolee":null,"finesse_forme_non_isolee":null,"hauteur_minimale_texte":null,"inactif":0,"marquage_interne":1,"quantite_min":null,"parent_id":null,"print_on_support":0,"content":"vierge","description":null},{"id":2,"nom":"fonce","finition":"optimale","libelle":"TopQuadri","code":null,"dpi":400,"finesse_forme_isolee":"0.040","finesse_forme_non_isolee":"0.700","hauteur_minimale_texte":2,"inactif":0,"marquage_interne":1,"quantite_min":null,"parent_id":18,"print_on_support":0,"content":"TopQuadri","description":"pour petites et moyennes s\u00e9ries"},{"id":3,"nom":"serigraphie","finition":"serigraphie","libelle":"SeriCoat","code":null,"dpi":400,"finesse_forme_isolee":"0.040","finesse_forme_non_isolee":"0.700","hauteur_minimale_texte":2,"inactif":0,"marquage_interne":1,"quantite_min":15,"parent_id":18,"print_on_support":0,"content":"SeriCoat","description":"pour moyennes et grandes s\u00e9ries"},{"id":4,"nom":"broderie","finition":"broderie","libelle":"Broderie","code":null,"dpi":400,"finesse_forme_isolee":"0.040","finesse_forme_non_isolee":"0.700","hauteur_minimale_texte":3,"inactif":0,"marquage_interne":1,"quantite_min":null,"parent_id":null,"print_on_support":0,"content":"Broderie","description":null},{"id":8,"nom":"theme","finition":null,"libelle":"Th\u00e8me","code":null,"dpi":null,"finesse_forme_isolee":null,"finesse_forme_non_isolee":null,"hauteur_minimale_texte":null,"inactif":0,"marquage_interne":1,"quantite_min":null,"parent_id":null,"print_on_support":0,"content":"Th\u00e8me","description":null},{"id":9,"nom":"sans","finition":null,"libelle":null,"code":null,"dpi":null,"finesse_forme_isolee":null,"finesse_forme_non_isolee":null,"hauteur_minimale_texte":null,"inactif":0,"marquage_interne":1,"quantite_min":null,"parent_id":null,"print_on_support":0,"content":"sans","description":null},{"id":10,"nom":"photo","finition":null,"libelle":"Photo","code":null,"dpi":null,"finesse_forme_isolee":null,"finesse_forme_non_isolee":null,"hauteur_minimale_texte":null,"inactif":0,"marquage_interne":1,"quantite_min":null,"parent_id":null,"print_on_support":0,"content":"Photo","description":null},{"id":14,"nom":"couleur","finition":null,"libelle":"Couleur","code":null,"dpi":null,"finesse_forme_isolee":null,"finesse_forme_non_isolee":null,"hauteur_minimale_texte":null,"inactif":0,"marquage_interne":1,"quantite_min":null,"parent_id":null,"print_on_support":0,"content":"Couleur","description":null},{"id":15,"nom":"sublimation","finition":"sublimation","libelle":"Sublimation","code":null,"dpi":null,"finesse_forme_isolee":"0.000","finesse_forme_non_isolee":"0.000","hauteur_minimale_texte":2,"inactif":0,"marquage_interne":1,"quantite_min":null,"parent_id":null,"print_on_support":0,"content":"Sublimation","description":null},{"id":16,"nom":"topquadri_uv","finition":null,"libelle":"TopQuadri UV","code":null,"dpi":null,"finesse_forme_isolee":"0.020","finesse_forme_non_isolee":"0.700","hauteur_minimale_texte":2,"inactif":0,"marquage_interne":1,"quantite_min":null,"parent_id":null,"print_on_support":1,"content":null,"description":null},{"id":17,"nom":"topquadri_uvp","finition":null,"libelle":"TopQuadri UVP","code":null,"dpi":null,"finesse_forme_isolee":"0.020","finesse_forme_non_isolee":"0.700","hauteur_minimale_texte":2,"inactif":0,"marquage_interne":1,"quantite_min":null,"parent_id":null,"print_on_support":1,"content":null,"description":null},{"id":18,"nom":"quadri","finition":null,"libelle":"Impression","code":null,"dpi":null,"finesse_forme_isolee":null,"finesse_forme_non_isolee":null,"hauteur_minimale_texte":null,"inactif":0,"marquage_interne":1,"quantite_min":null,"parent_id":null,"print_on_support":0,"content":null,"description":null}]}}