{"data":{"product":{"id":20597,"titre":"SUMBA","description":"Cordon avec accessoire r\u00e9tractable. Mousqueton inclus. Dimensions : 55 x 1 x 3 ,2 cm.","genre":"","grammage":0,"conditionnement":500,"composition":"","reference":"LY7043","reference_visible":"st-ly7043","reference_fabricant":"LY7043","ref_xor":"722480","in_catalog":true,"is_transfer":false,"is_service":false,"on_standby":false,"has_3d":false,"has_size_guide":false,"has_marking":false,"has_vierge":true,"is_cross_sellable":false,"id_picto":0,"filename_3d":null,"brand":{"id":352,"name":"Stamina","logo":"logo-stamina.png","image":"https:\/\/media.th4.com\/XtszMrhN4PSlQT4v0dBJBG2A1qMsj6Ced58O9G8vaL8\/pr:brand70x70\/aHR0cDovL21lZGlhMi5kZXNpZ25wYXJ0bmVyLmZyL2MvbS9sb2dvLXN0YW1pbmEucG5n?v=1691073931"},"price_infos":{"price_from":1.27,"quantity":100,"color":{"id":17591,"name":"blanc"},"size":{"id":42,"name":"taille_unique"}},"price_infos_marking":{"price_from":0,"quantity":0,"size":{"id":0,"name":""},"color":{"id":0,"name":""},"marking":{"id":0,"name":""},"emplacement":"","surface":"","surface_emplacement_id":0},"i18n":{"blank":{"title":{"fr":"SUMBA tours cou STAMINA ly7043","en":"SUMBA neck tour STAMINA ly7043","de":"SUMBA halsband STAMINA ly7043","nl":"SUMBA nekkoord STAMINA ly7043","es":"SUMBA tours cou STAMINA ly7043","it":"SUMBA neck strap STAMINA ly7043","sv":"SUMBA halsrem STAMINA ly7043","pt":"SUMBA cord\u00e3o para pesco\u00e7o STAMINA ly7043","da":"SUMBA halsrundstykke STAMINA ly7043","pl":"SUMBA paski na szyj\u0119 STAMINA ly7043"},"description":{"fr":"Le tours cou SUMBA ly7043 est \u00e9quip\u00e9 d'un cordon avec accessoire r\u00e9tractable et d'un mousqueton. Les dimensions sont de 55 x 1 x 3,2 cm.\n\n- Cordon avec accessoire r\u00e9tractable\n- Mousqueton inclus\n- Dimensions 55 x 1 x 3,2 cm\n- Usage polyvalent","en":"The SUMBA neck tour ly7043 is equipped with a cord with retractable accessory and a carabiner. Dimensions are 55 x 1 x 3.2 cm.\n\n- Cord with retractable accessory\n- Carabiner included\n- Dimensions 55 x 1 x 3.2 cm\n- Versatile use","de":"Das halsband SUMBA ly7043 ist mit einem band mit einziehbarem zubeh\u00f6r und einem karabiner ausgestattet. Die abmessungen betragen 55 x 1 x 3,2 cm.\n\n- Band mit einziehbarem zubeh\u00f6r\n- Karabiner enthalten\n- Abmessungen 55 x 1 x 3,2 cm\n- Vielseitige verwendung","nl":"Het nekkoord SUMBA ly7043 is uitgerust met een koord met intrekbare accessoire en een karabijnhaak. De afmetingen zijn 55 x 1 x 3,2 cm.\n\n- Koord met intrekbare accessoire\n- Karabijnhaak inbegrepen\n- Afmetingen 55 x 1 x 3,2 cm\n- Veelzijdig gebruik","es":"El tours cou SUMBA ly7043 est\u00e1 equipado con un cord\u00f3n con accesorio retr\u00e1ctil y un mosquet\u00f3n. Las dimensiones son 55 x 1 x 3,2 cm.\n\n- Cord\u00f3n con accesorio retr\u00e1ctil\n- Mosquet\u00f3n incluido\n- Dimensiones 55 x 1 x 3,2 cm\n- Uso polivalente","it":"The SUMBA neck strap ly7043 is equipped with a cord with retractable accessory and a carabiner. Dimensions are 55 x 1 x 3.2 cm.\n\n- Cord with retractable accessory\n- Carabiner included\n- Dimensions 55 x 1 x 3.2 cm\n- Versatile use","sv":"SUMBA halsrem ly7043 \u00e4r utrustad med en snodd med inf\u00e4llbar tillbeh\u00f6r och en karbinhake. M\u00e5tten \u00e4r 55 x 1 x 3,2 cm.\n\n- Snodd med inf\u00e4llbar tillbeh\u00f6r\n- Karbinhake inkluderad\n- M\u00e5tt 55 x 1 x 3,2 cm\n- M\u00e5ngsidig anv\u00e4ndning","pt":"O cord\u00e3o para pesco\u00e7o SUMBA ly7043 est\u00e1 equipado com uma corda com acess\u00f3rio retr\u00e1til e mosquet\u00e3o. As dimens\u00f5es s\u00e3o 55 x 1 x 3,2 cm.\n\n- Corda com acess\u00f3rio retr\u00e1til\n- Mosquet\u00e3o incluso\n- Dimens\u00f5es 55 x 1 x 3,2 cm\n- Uso vers\u00e1til","da":"Halsrundstykket SUMBA ly7043 er udstyret med en snor med indbygget rulle og en karabinhage. Dimensionerne er 55 x 1 x 3,2 cm.\n\n- Snor med indbygget rulle\n- Karabinhage inkluderet\n- Dimensioner 55 x 1 x 3,2 cm\n- Alsidig anvendelse","pl":"Pasek na szyj\u0119 SUMBA ly7043 jest wyposa\u017cony w sznurek z wysuwanym akcesorium i karabi\u0144czyk. Wymiary to 55 x 1 x 3,2 cm.\n\n- Sznurek z wysuwanym akcesorium\n- Karabi\u0144czyk w zestawie\n- Wymiary 55 x 1 x 3,2 cm\n- Zastosowanie wielofunkcyjne"},"h1":{"fr":"SUMBA tours cou ly7043","en":"SUMBA neck tour ly7043","de":"SUMBA halsband ly7043","nl":"SUMBA nekkoord ly7043","es":"SUMBA tours cou ly7043","it":"SUMBA neck strap ly7043","sv":"SUMBA halsrem ly7043","pt":"SUMBA cord\u00e3o para pesco\u00e7o ly7043","da":"SUMBA halsrundstykke ly7043","pl":"SUMBA paski na szyj\u0119 ly7043"},"meta_description":{"fr":"Le tours cou SUMBA ly7043 comprend un cordon avec accessoire r\u00e9tractable et mousqueton. Dimensions compactes adapt\u00e9es \u00e0 divers usages.","en":"The SUMBA neck tour ly7043 includes a cord with retractable accessory and carabiner. Compact dimensions suitable for various uses.","de":"Das halsband SUMBA ly7043 enth\u00e4lt ein band mit einziehbarem zubeh\u00f6r und karabiner. Kompakte abmessungen geeignet f\u00fcr verschiedene verwendungen.","nl":"Het nekkoord SUMBA ly7043 bevat een koord met een intrekbare accessoire en een karabijnhaak. Compacte afmetingen geschikt voor diverse toepassingen.","es":"El tours cou SUMBA ly7043 incluye un cord\u00f3n con accesorio retr\u00e1ctil y mosquet\u00f3n. Dimensiones compactas adecuadas para diversos usos.","it":"The SUMBA neck strap ly7043 includes a cord with retractable accessory and carabiner. Compact dimensions suitable for various uses.","sv":"SUMBA halsrem ly7043 inkluderar en snodd med inf\u00e4llbar tillbeh\u00f6r och karbinhake. Kompakta m\u00e5tt anpassade f\u00f6r olika anv\u00e4ndningsomr\u00e5den.","pt":"O cord\u00e3o para pesco\u00e7o SUMBA ly7043 inclui uma corda com acess\u00f3rio retr\u00e1til e mosquet\u00e3o. Dimens\u00f5es compactas adequadas para v\u00e1rios usos.","da":"Halsrundstykket SUMBA ly7043 har en snor med indbygget rulle og en karabinhage. Kompakte dimensioner tilpasset forskellige anvendelser.","pl":"Pasek na szyj\u0119 SUMBA ly7043 zawiera sznurek z wysuwanym akcesorium oraz karabi\u0144czyk. Wymiary kompaktowe, dostosowane do r\u00f3\u017cnych zastosowa\u0144."}},"custom":{"title":{"fr":"SUMBA Tours cou Stamina ly7043 personnalisable","en":"SUMBA Neck gaiter Stamina ly7043 customizable","de":"SUMBA Schlaufe Stamina ly7043 individualisierbar","nl":"SUMBA Neklus Stamina ly7043 aanpasbaar","es":"SUMBA Tours cou Stamina ly7043 personalizable","it":"SUMBA Tours cou Stamina ly7043 personalizzabile","sv":"SUMBA Neck strap Stamina ly7043 customizable","pt":"SUMBA Tours cou Stamina ly7043 personaliz\u00e1vel","da":"SUMBA Halsr\u00f8r Stamina ly7043 tilpasselig","pl":"SUMBA Neck gaiter Stamina ly7043 customizable"},"description":{"fr":"Le tour de cou SUMBA est \u00e9quip\u00e9 d'un cordon avec accessoire r\u00e9tractable et d'un mousqueton. Il mesure 55 x 1 x 3,2 cm. La composition principale est un textile adapt\u00e9 \u00e0 un usage courant.\n\n- Composition textile standard\n- Dimensions 55 x 1 x 3,2 cm\n- Mousqueton inclus\n- Possibilit\u00e9 de personnalisation","en":"The SUMBA neck gaiter is equipped with a cord featuring a retractable accessory and a carabiner. It measures 55 x 1 x 3.2 cm. The main composition is a textile suitable for everyday use.\n\n- Standard textile composition\n- Dimensions 55 x 1 x 3.2 cm\n- Carabiner included\n- Customization available","de":"Die SUMBA Schlaufe ist mit einer Schnur mit einziehbarem Zubeh\u00f6r und einem Karabinerhaken ausgestattet. Sie misst 55 x 1 x 3,2 cm. Die Hauptzusammensetzung ist ein Textil, das f\u00fcr den t\u00e4glichen Gebrauch geeignet ist.\n\n- Standard-Textilzusammensetzung\n- Abmessungen 55 x 1 x 3,2 cm\n- Karabinerhaken enthalten\n- Personalisierung m\u00f6glich","nl":"De nekklus SUMBA is uitgerust met een koord met intrekbaar accessoire en een musketonhaak. Het meet 55 x 1 x 3,2 cm. De hoofdsamenstelling is een textiel geschikt voor dagelijks gebruik.\n\n- Standaard textielsamenstelling\n- Afmetingen 55 x 1 x 3,2 cm\n- Musketonhaak inbegrepen\n- Mogelijkheid tot aanpassing","es":"El tour de cou SUMBA est\u00e1 equipado con un cord\u00f3n con accesorio retr\u00e1ctil y un mosquet\u00f3n. Mide 55 x 1 x 3,2 cm. La composici\u00f3n principal es un textil adecuado para un uso cotidiano.\n\n- Composici\u00f3n textil est\u00e1ndar\n- Dimensiones 55 x 1 x 3,2 cm\n- Mosquet\u00f3n incluido\n- Posibilidad de personalizaci\u00f3n","it":"Il girocollo SUMBA \u00e8 dotato di un cordino con accessorio retrattile e di un moschettone. Misura 55 x 1 x 3,2 cm. La composizione principale \u00e8 un tessuto adatto all'uso quotidiano.\n\n- Composizione tessile standard\n- Dimensioni 55 x 1 x 3,2 cm\n- Moschettone incluso\n- Possibilit\u00e0 di personalizzazione","sv":"The SUMBA neck strap is equipped with a cord with retractable accessory and a carabiner. It measures 55 x 1 x 3.2 cm. The main composition is a textile suitable for everyday use.\n\n- Standard textile composition\n- Dimensions 55 x 1 x 3.2 cm\n- Carabiner included\n- Customization possible","pt":"O tour de cou SUMBA est\u00e1 equipado com um cord\u00e3o com acess\u00f3rio retr\u00e1til e um mosquet\u00e3o. Mede 55 x 1 x 3,2 cm. A composi\u00e7\u00e3o principal \u00e9 um tecido adequado para uso di\u00e1rio.\n\n- Composi\u00e7\u00e3o t\u00eaxtil padr\u00e3o\n- Dimens\u00f5es 55 x 1 x 3,2 cm\n- Mosquet\u00e3o inclu\u00eddo\n- Possibilidade de personaliza\u00e7\u00e3o","da":"Halsr\u00f8ret SUMBA er udstyret med en snor med indtr\u00e6kkeligt tilbeh\u00f8r og en karabinhage. Det m\u00e5ler 55 x 1 x 3,2 cm. Hovedmaterialet er et tekstil egnet til almindelig brug.\n\n- Standard tekstilsammens\u00e6tning\n- Dimensioner 55 x 1 x 3,2 cm\n- Karabinhage inkluderet\n- Mulighed for tilpasning","pl":"The SUMBA neck gaiter is equipped with a cord with retractable accessory and a carabiner. It measures 55 x 1 x 3.2 cm. The main composition is a textile suitable for everyday use.\n\n- Standard textile composition\n- Dimensions 55 x 1 x 3.2 cm\n- Carabiner included\n- Customization available"},"h1":{"fr":"SUMBA Tours cou ly7043 personnalisable","en":"SUMBA Neck gaiter ly7043 customizable","de":"SUMBA Schlaufe ly7043 individualisierbar","nl":"SUMBA Neklus ly7043 aanpasbaar","es":"SUMBA Tours cou ly7043 personalizable","it":"SUMBA Tours cou ly7043 personalizzabile","sv":"SUMBA Neck strap ly7043 customizable","pt":"SUMBA Tours cou ly7043 personaliz\u00e1vel","da":"SUMBA Halsr\u00f8r ly7043 tilpasselig","pl":"SUMBA Neck gaiter ly7043 customizable"},"meta_description":{"fr":"Tour de cou avec cordon r\u00e9tractable et mousqueton. Dimensions 55 x 1 x 3,2 cm. Possibilit\u00e9 de personnalisation selon besoins.","en":"Neck gaiter with retractable cord and carabiner. Dimensions 55 x 1 x 3.2 cm. Customizable according to needs.","de":"Schlaufe mit einziehbarer Schnur und Karabinerhaken. Abmessungen 55 x 1 x 3,2 cm. Personalisierung nach Bedarf m\u00f6glich.","nl":"Neklus met intrekkoord en musketonhaak. Afmetingen 55 x 1 x 3,2 cm. Mogelijkheid tot aanpassing volgens behoeften.","es":"Tour de cou con cord\u00f3n retr\u00e1ctil y mosquet\u00f3n. Dimensiones 55 x 1 x 3,2 cm. Posibilidad de personalizaci\u00f3n seg\u00fan necesidades.","it":"Girocollo con cordino retrattile e moschettone. Dimensioni 55 x 1 x 3,2 cm. Possibilit\u00e0 di personalizzazione in base alle esigenze.","sv":"Neck strap with retractable cord and carabiner. Dimensions 55 x 1 x 3.2 cm. Customization possible according to needs.","pt":"Tour de cou com cord\u00e3o retr\u00e1til e mosquet\u00e3o. Dimens\u00f5es 55 x 1 x 3,2 cm. Possibilidade de personaliza\u00e7\u00e3o conforme necessidades.","da":"Halsr\u00f8r med indtr\u00e6kkelig snor og karabinhage. Dimensioner 55 x 1 x 3,2 cm. Mulighed for tilpasning efter behov.","pl":"Neck gaiter with retractable cord and carabiner. Dimensions 55 x 1 x 3.2 cm. Customization available according to needs."}}},"categories":[{"id":385,"name":"Tours de cou\/Lani\u00e8res","singular":"Tours de cou\/Lani\u00e8res","is_feminin":false},{"id":431,"name":"Objets","singular":"Objet publicitaire","is_feminin":false},{"id":356,"name":"Porte-cl\u00e9s et accessoires","singular":"Porte-cl\u00e9s et accessoires","is_feminin":false}],"certifications":[],"videos":{"fr":[],"en":[],"de":[],"nl":[],"es":[],"it":[],"sv":[],"pt":[],"da":[],"pl":[]},"main_images":{"miniature":"https:\/\/media.th4.com\/u9yhEDnqUrEs01MGir0bHF57rqae3EGi6S_GH4HWHM8\/pr:80\/aHR0cDovL21lZGlhMi5kZXNpZ25wYXJ0bmVyLmZyL2MvcC1ibGFuay1USC8yMDU5Ny53ZWJw?v=1759311510","medium":"https:\/\/media.th4.com\/O_gzeAExay-rKx8Fk8InNd5bx_hGO-742Zpc7Iswiy0\/pr:550x550greybg\/aHR0cDovL21lZGlhMi5kZXNpZ25wYXJ0bmVyLmZyL2MvcC1ibGFuay1USC8yMDU5Ny53ZWJw?v=1759311510","medium_large":"https:\/\/media.th4.com\/2iUvmVqzdldNmK2CJRzsw4O5R-MYAEeX6SSCvhQ-OKg\/pr:1000x1000greybg\/aHR0cDovL21lZGlhMi5kZXNpZ25wYXJ0bmVyLmZyL2MvcC1ibGFuay1USC8yMDU5Ny53ZWJw?v=1759311510","large":"https:\/\/media.th4.com\/hAnNZOz69wpdmADpyyMdusZm7OcL2wyTKxdb_iuKwe4\/pr:1920greybg\/aHR0cDovL21lZGlhMi5kZXNpZ25wYXJ0bmVyLmZyL2MvcC1ibGFuay1USC8yMDU5Ny53ZWJw?v=1759311510","opengraph":"https:\/\/media.th4.com\/PbiRf-_E_-KS23WatwZ7lFqYY5YqXE00z5dbOR3AsOM\/pr:1200x630greybg\/aHR0cDovL21lZGlhMi5kZXNpZ25wYXJ0bmVyLmZyL2MvcC1ibGFuay1USC8yMDU5Ny53ZWJw?v=1759311510"},"main_images_customization":{"miniature":"https:\/\/media.th4.com\/u9yhEDnqUrEs01MGir0bHF57rqae3EGi6S_GH4HWHM8\/pr:80\/aHR0cDovL21lZGlhMi5kZXNpZ25wYXJ0bmVyLmZyL2MvcC1ibGFuay1USC8yMDU5Ny53ZWJw?v=1759311510","medium":"https:\/\/media.th4.com\/O_gzeAExay-rKx8Fk8InNd5bx_hGO-742Zpc7Iswiy0\/pr:550x550greybg\/aHR0cDovL21lZGlhMi5kZXNpZ25wYXJ0bmVyLmZyL2MvcC1ibGFuay1USC8yMDU5Ny53ZWJw?v=1759311510","medium_large":"https:\/\/media.th4.com\/2iUvmVqzdldNmK2CJRzsw4O5R-MYAEeX6SSCvhQ-OKg\/pr:1000x1000greybg\/aHR0cDovL21lZGlhMi5kZXNpZ25wYXJ0bmVyLmZyL2MvcC1ibGFuay1USC8yMDU5Ny53ZWJw?v=1759311510","large":"https:\/\/media.th4.com\/hAnNZOz69wpdmADpyyMdusZm7OcL2wyTKxdb_iuKwe4\/pr:1920greybg\/aHR0cDovL21lZGlhMi5kZXNpZ25wYXJ0bmVyLmZyL2MvcC1ibGFuay1USC8yMDU5Ny53ZWJw?v=1759311510","opengraph":"https:\/\/media.th4.com\/PbiRf-_E_-KS23WatwZ7lFqYY5YqXE00z5dbOR3AsOM\/pr:1200x630greybg\/aHR0cDovL21lZGlhMi5kZXNpZ25wYXJ0bmVyLmZyL2MvcC1ibGFuay1USC8yMDU5Ny53ZWJw?v=1759311510"},"page_links":{"fr":"\/fr\/p-st-ly7043-sumba-tours-cou-ly7043-20597\/","en":"\/en\/p-st-ly7043-sumba-neck-tour-ly7043-20597\/","de":"\/de\/p-st-ly7043-sumba-halsband-ly7043-20597\/","nl":"\/nl\/p-st-ly7043-sumba-nekkoord-ly7043-20597\/","es":"\/es\/p-st-ly7043-sumba-tours-cou-ly7043-20597\/","it":"\/it\/p-st-ly7043-sumba-neck-strap-ly7043-20597\/","sv":"\/sv\/p-st-ly7043-sumba-halsrem-ly7043-20597\/","pt":"\/pt\/p-st-ly7043-sumba-cordao-para-pescoco-ly7043-20597\/","da":"\/da\/p-st-ly7043-sumba-halsrundstykke-ly7043-20597\/","pl":"\/pl\/p-st-ly7043-sumba-paski-na-szyje-ly7043-20597\/"},"page_links_customization":{"fr":"\/fr\/p-st-ly7043-sumba-tours-cou-ly7043-personnalisable-20597\/custom\/","en":"\/en\/p-st-ly7043-sumba-neck-gaiter-ly7043-customizable-20597\/custom\/","de":"\/de\/p-st-ly7043-sumba-schlaufe-ly7043-individualisierbar-20597\/custom\/","nl":"\/nl\/p-st-ly7043-sumba-neklus-ly7043-aanpasbaar-20597\/custom\/","es":"\/es\/p-st-ly7043-sumba-tours-cou-ly7043-personalizable-20597\/custom\/","it":"\/it\/p-st-ly7043-sumba-tours-cou-ly7043-personalizzabile-20597\/custom\/","sv":"\/sv\/p-st-ly7043-sumba-neck-strap-ly7043-customizable-20597\/custom\/","pt":"\/pt\/p-st-ly7043-sumba-tours-cou-ly7043-personalizavel-20597\/custom\/","da":"\/da\/p-st-ly7043-sumba-halsror-ly7043-tilpasselig-20597\/custom\/","pl":"\/pl\/p-st-ly7043-sumba-neck-gaiter-ly7043-customizable-20597\/custom\/"},"equivalent_products":[],"colors":[{"id":17591,"name":"blanc","class_ids":[1],"codes_hexa":["ffffff"],"delai_24":false,"has_3d":false,"seuil_global":0,"stock_local":0,"stock_global":496,"on_standby":false,"in_catalog":true,"images":{"miniature":["https:\/\/media.th4.com\/dj80sts9iPLGpZH7gQBmptGR3g0AJUBJGZDmFdo1AFA\/pr:80\/aHR0cDovL21lZGlhMi5kZXNpZ25wYXJ0bmVyLmZyL2MvcC8yMDU5Ny8yMDU5Ny0xNzU5MS0xLndlYnA?v=1759308973"],"medium":["https:\/\/media.th4.com\/ukY1DlHFsgPihbAmn3J9N5sMYF0GrMok6S_9HpoTD7Q\/pr:550x550\/aHR0cDovL21lZGlhMi5kZXNpZ25wYXJ0bmVyLmZyL2MvcC8yMDU5Ny8yMDU5Ny0xNzU5MS0xLndlYnA?v=1759308973"],"medium_large":["https:\/\/media.th4.com\/F5vezsCb37wugYcPT1wKEM9nTBU8_mcPM0ObD7r_9eI\/pr:1000x1000\/aHR0cDovL21lZGlhMi5kZXNpZ25wYXJ0bmVyLmZyL2MvcC8yMDU5Ny8yMDU5Ny0xNzU5MS0xLndlYnA?v=1759308973"],"large":["https:\/\/media.th4.com\/l_JkFc_gMiNhakgPLVNo59tAwGB_rNsF5vMJnEJAks4\/pr:1920\/aHR0cDovL21lZGlhMi5kZXNpZ25wYXJ0bmVyLmZyL2MvcC8yMDU5Ny8yMDU5Ny0xNzU5MS0xLndlYnA?v=1759308973"],"opengraph":["https:\/\/media.th4.com\/tNOHZcEVToLbmTSNRZ8rftoX8VKZ5_13ZUcHoI2WDRA\/pr:1200x630\/aHR0cDovL21lZGlhMi5kZXNpZ25wYXJ0bmVyLmZyL2MvcC8yMDU5Ny8yMDU5Ny0xNzU5MS0xLndlYnA?v=1759308973"]},"images_customization":{"miniature":["https:\/\/media.th4.com\/dj80sts9iPLGpZH7gQBmptGR3g0AJUBJGZDmFdo1AFA\/pr:80\/aHR0cDovL21lZGlhMi5kZXNpZ25wYXJ0bmVyLmZyL2MvcC8yMDU5Ny8yMDU5Ny0xNzU5MS0xLndlYnA?v=1759308973"],"medium":["https:\/\/media.th4.com\/ukY1DlHFsgPihbAmn3J9N5sMYF0GrMok6S_9HpoTD7Q\/pr:550x550\/aHR0cDovL21lZGlhMi5kZXNpZ25wYXJ0bmVyLmZyL2MvcC8yMDU5Ny8yMDU5Ny0xNzU5MS0xLndlYnA?v=1759308973"],"medium_large":["https:\/\/media.th4.com\/F5vezsCb37wugYcPT1wKEM9nTBU8_mcPM0ObD7r_9eI\/pr:1000x1000\/aHR0cDovL21lZGlhMi5kZXNpZ25wYXJ0bmVyLmZyL2MvcC8yMDU5Ny8yMDU5Ny0xNzU5MS0xLndlYnA?v=1759308973"],"large":["https:\/\/media.th4.com\/l_JkFc_gMiNhakgPLVNo59tAwGB_rNsF5vMJnEJAks4\/pr:1920\/aHR0cDovL21lZGlhMi5kZXNpZ25wYXJ0bmVyLmZyL2MvcC8yMDU5Ny8yMDU5Ny0xNzU5MS0xLndlYnA?v=1759308973"],"opengraph":["https:\/\/media.th4.com\/tNOHZcEVToLbmTSNRZ8rftoX8VKZ5_13ZUcHoI2WDRA\/pr:1200x630\/aHR0cDovL21lZGlhMi5kZXNpZ25wYXJ0bmVyLmZyL2MvcC8yMDU5Ny8yMDU5Ny0xNzU5MS0xLndlYnA?v=1759308973"]},"country_origin":"CN","traceability":{"manufacturing_country_id":null,"weaving_country_id":null,"dyeing_country_id":null},"sizes":[{"id":42,"article_id":513965,"class_id":19,"name":"taille_unique","on_standby":false,"stock_local":0,"stock_global":496,"multiple":1,"estimated_date_reassort":null,"is_destocking":false}],"page_links":{"fr":"\/fr\/p-st-ly7043-sumba-tours-cou-ly7043-20597\/blanc-17591\/","en":"\/en\/p-st-ly7043-sumba-neck-tour-ly7043-20597\/blanc-17591\/","de":"\/de\/p-st-ly7043-sumba-halsband-ly7043-20597\/blanc-17591\/","nl":"\/nl\/p-st-ly7043-sumba-nekkoord-ly7043-20597\/blanc-17591\/","es":"\/es\/p-st-ly7043-sumba-tours-cou-ly7043-20597\/blanc-17591\/","it":"\/it\/p-st-ly7043-sumba-neck-strap-ly7043-20597\/blanc-17591\/","sv":"\/sv\/p-st-ly7043-sumba-halsrem-ly7043-20597\/blanc-17591\/","pt":"\/pt\/p-st-ly7043-sumba-cordao-para-pescoco-ly7043-20597\/blanc-17591\/","da":"\/da\/p-st-ly7043-sumba-halsrundstykke-ly7043-20597\/blanc-17591\/","pl":"\/pl\/p-st-ly7043-sumba-paski-na-szyje-ly7043-20597\/blanc-17591\/"},"page_links_customization":{"fr":"\/fr\/p-st-ly7043-sumba-tours-cou-ly7043-personnalisable-20597\/blanc-17591\/custom\/","en":"\/en\/p-st-ly7043-sumba-neck-gaiter-ly7043-customizable-20597\/blanc-17591\/custom\/","de":"\/de\/p-st-ly7043-sumba-schlaufe-ly7043-individualisierbar-20597\/blanc-17591\/custom\/","nl":"\/nl\/p-st-ly7043-sumba-neklus-ly7043-aanpasbaar-20597\/blanc-17591\/custom\/","es":"\/es\/p-st-ly7043-sumba-tours-cou-ly7043-personalizable-20597\/blanc-17591\/custom\/","it":"\/it\/p-st-ly7043-sumba-tours-cou-ly7043-personalizzabile-20597\/blanc-17591\/custom\/","sv":"\/sv\/p-st-ly7043-sumba-neck-strap-ly7043-customizable-20597\/blanc-17591\/custom\/","pt":"\/pt\/p-st-ly7043-sumba-tours-cou-ly7043-personalizavel-20597\/blanc-17591\/custom\/","da":"\/da\/p-st-ly7043-sumba-halsror-ly7043-tilpasselig-20597\/blanc-17591\/custom\/","pl":"\/pl\/p-st-ly7043-sumba-neck-gaiter-ly7043-customizable-20597\/blanc-17591\/custom\/"}},{"id":17584,"name":"noir","class_ids":[4],"codes_hexa":["000000"],"delai_24":false,"has_3d":false,"seuil_global":0,"stock_local":0,"stock_global":496,"on_standby":false,"in_catalog":true,"images":{"miniature":["https:\/\/media.th4.com\/MAM7AlIpuy-WrtADy4CgMy_Z91Wq6Xewq_ut02z6ZZc\/pr:80\/aHR0cDovL21lZGlhMi5kZXNpZ25wYXJ0bmVyLmZyL2MvcC8yMDU5Ny8yMDU5Ny0xNzU4NC0xLndlYnA?v=1759308974","https:\/\/media.th4.com\/mC9JrgfnJ3eHV5ac_6hfSVepfe_sliJpc97XfnPifaI\/pr:80\/aHR0cDovL21lZGlhMi5kZXNpZ25wYXJ0bmVyLmZyL2MvcC8yMDU5Ny8yMDU5Ny0xNzU4NC0xMC53ZWJw?v=1759308974","https:\/\/media.th4.com\/orAr7eDpN_1Mtea-hlc3H0UiKAUMQ5WR_HXMkho5czs\/pr:80\/aHR0cDovL21lZGlhMi5kZXNpZ25wYXJ0bmVyLmZyL2MvcC8yMDU5Ny8yMDU5Ny0xNzU4NC0xMS53ZWJw?v=1759308975"],"medium":["https:\/\/media.th4.com\/qgIhmFWt7yNcFsm-qRxCZ5IJ91U34SH4nuclPSzsprE\/pr:550x550\/aHR0cDovL21lZGlhMi5kZXNpZ25wYXJ0bmVyLmZyL2MvcC8yMDU5Ny8yMDU5Ny0xNzU4NC0xLndlYnA?v=1759308974","https:\/\/media.th4.com\/rAaas6FVl9i4ayic0TpiDtK1CNBvM9G1kwSnGaTof0w\/pr:550x550\/aHR0cDovL21lZGlhMi5kZXNpZ25wYXJ0bmVyLmZyL2MvcC8yMDU5Ny8yMDU5Ny0xNzU4NC0xMC53ZWJw?v=1759308974","https:\/\/media.th4.com\/pcnEfapB_H4hK2Ub1Q9mlW1HRxlXS_jjxxYCvxefQpY\/pr:550x550\/aHR0cDovL21lZGlhMi5kZXNpZ25wYXJ0bmVyLmZyL2MvcC8yMDU5Ny8yMDU5Ny0xNzU4NC0xMS53ZWJw?v=1759308975"],"medium_large":["https:\/\/media.th4.com\/v_DKbFg31FtGwCHPdxpQOF5UbtFyxZJ0U-WHYcT4EMI\/pr:1000x1000\/aHR0cDovL21lZGlhMi5kZXNpZ25wYXJ0bmVyLmZyL2MvcC8yMDU5Ny8yMDU5Ny0xNzU4NC0xLndlYnA?v=1759308974","https:\/\/media.th4.com\/MMht0_PJdQn1PGiM3llXKa4n9wysqxH9btAGJMydNwU\/pr:1000x1000\/aHR0cDovL21lZGlhMi5kZXNpZ25wYXJ0bmVyLmZyL2MvcC8yMDU5Ny8yMDU5Ny0xNzU4NC0xMC53ZWJw?v=1759308974","https:\/\/media.th4.com\/WQ_gWJ5aIAzqUIuMXfnPnp3qOoqDRYH6okwM3PGIoX0\/pr:1000x1000\/aHR0cDovL21lZGlhMi5kZXNpZ25wYXJ0bmVyLmZyL2MvcC8yMDU5Ny8yMDU5Ny0xNzU4NC0xMS53ZWJw?v=1759308975"],"large":["https:\/\/media.th4.com\/1MhGyEjE5aK9Hkf1wtZgNpJR0PFJ9ahKc37QIhLbHrg\/pr:1920\/aHR0cDovL21lZGlhMi5kZXNpZ25wYXJ0bmVyLmZyL2MvcC8yMDU5Ny8yMDU5Ny0xNzU4NC0xLndlYnA?v=1759308974","https:\/\/media.th4.com\/X2ZHxmGt7uJQ7S-36IsBJzRrXXpudGjGgdBBZPHNfmU\/pr:1920\/aHR0cDovL21lZGlhMi5kZXNpZ25wYXJ0bmVyLmZyL2MvcC8yMDU5Ny8yMDU5Ny0xNzU4NC0xMC53ZWJw?v=1759308974","https:\/\/media.th4.com\/Fyx583ECul7wwCRBkdtQufMCGxv3JxUIeJeH2iu0oIw\/pr:1920\/aHR0cDovL21lZGlhMi5kZXNpZ25wYXJ0bmVyLmZyL2MvcC8yMDU5Ny8yMDU5Ny0xNzU4NC0xMS53ZWJw?v=1759308975"],"opengraph":["https:\/\/media.th4.com\/20OUn0OqjdLSm3F97I6IxUcfb3KwdunUcOQsr2kLQ4w\/pr:1200x630\/aHR0cDovL21lZGlhMi5kZXNpZ25wYXJ0bmVyLmZyL2MvcC8yMDU5Ny8yMDU5Ny0xNzU4NC0xLndlYnA?v=1759308974","https:\/\/media.th4.com\/jh11KgCpqViouWXVK2JY7s8U9sxb2ZPl4FtqBlO8ens\/pr:1200x630\/aHR0cDovL21lZGlhMi5kZXNpZ25wYXJ0bmVyLmZyL2MvcC8yMDU5Ny8yMDU5Ny0xNzU4NC0xMC53ZWJw?v=1759308974","https:\/\/media.th4.com\/FcmCPhjVMNk0h7LI3_7ZTYS1zNv67B13AjL2CdsAi1I\/pr:1200x630\/aHR0cDovL21lZGlhMi5kZXNpZ25wYXJ0bmVyLmZyL2MvcC8yMDU5Ny8yMDU5Ny0xNzU4NC0xMS53ZWJw?v=1759308975"]},"images_customization":{"miniature":["https:\/\/media.th4.com\/MAM7AlIpuy-WrtADy4CgMy_Z91Wq6Xewq_ut02z6ZZc\/pr:80\/aHR0cDovL21lZGlhMi5kZXNpZ25wYXJ0bmVyLmZyL2MvcC8yMDU5Ny8yMDU5Ny0xNzU4NC0xLndlYnA?v=1759308974","https:\/\/media.th4.com\/mC9JrgfnJ3eHV5ac_6hfSVepfe_sliJpc97XfnPifaI\/pr:80\/aHR0cDovL21lZGlhMi5kZXNpZ25wYXJ0bmVyLmZyL2MvcC8yMDU5Ny8yMDU5Ny0xNzU4NC0xMC53ZWJw?v=1759308974","https:\/\/media.th4.com\/orAr7eDpN_1Mtea-hlc3H0UiKAUMQ5WR_HXMkho5czs\/pr:80\/aHR0cDovL21lZGlhMi5kZXNpZ25wYXJ0bmVyLmZyL2MvcC8yMDU5Ny8yMDU5Ny0xNzU4NC0xMS53ZWJw?v=1759308975"],"medium":["https:\/\/media.th4.com\/qgIhmFWt7yNcFsm-qRxCZ5IJ91U34SH4nuclPSzsprE\/pr:550x550\/aHR0cDovL21lZGlhMi5kZXNpZ25wYXJ0bmVyLmZyL2MvcC8yMDU5Ny8yMDU5Ny0xNzU4NC0xLndlYnA?v=1759308974","https:\/\/media.th4.com\/rAaas6FVl9i4ayic0TpiDtK1CNBvM9G1kwSnGaTof0w\/pr:550x550\/aHR0cDovL21lZGlhMi5kZXNpZ25wYXJ0bmVyLmZyL2MvcC8yMDU5Ny8yMDU5Ny0xNzU4NC0xMC53ZWJw?v=1759308974","https:\/\/media.th4.com\/pcnEfapB_H4hK2Ub1Q9mlW1HRxlXS_jjxxYCvxefQpY\/pr:550x550\/aHR0cDovL21lZGlhMi5kZXNpZ25wYXJ0bmVyLmZyL2MvcC8yMDU5Ny8yMDU5Ny0xNzU4NC0xMS53ZWJw?v=1759308975"],"medium_large":["https:\/\/media.th4.com\/v_DKbFg31FtGwCHPdxpQOF5UbtFyxZJ0U-WHYcT4EMI\/pr:1000x1000\/aHR0cDovL21lZGlhMi5kZXNpZ25wYXJ0bmVyLmZyL2MvcC8yMDU5Ny8yMDU5Ny0xNzU4NC0xLndlYnA?v=1759308974","https:\/\/media.th4.com\/MMht0_PJdQn1PGiM3llXKa4n9wysqxH9btAGJMydNwU\/pr:1000x1000\/aHR0cDovL21lZGlhMi5kZXNpZ25wYXJ0bmVyLmZyL2MvcC8yMDU5Ny8yMDU5Ny0xNzU4NC0xMC53ZWJw?v=1759308974","https:\/\/media.th4.com\/WQ_gWJ5aIAzqUIuMXfnPnp3qOoqDRYH6okwM3PGIoX0\/pr:1000x1000\/aHR0cDovL21lZGlhMi5kZXNpZ25wYXJ0bmVyLmZyL2MvcC8yMDU5Ny8yMDU5Ny0xNzU4NC0xMS53ZWJw?v=1759308975"],"large":["https:\/\/media.th4.com\/1MhGyEjE5aK9Hkf1wtZgNpJR0PFJ9ahKc37QIhLbHrg\/pr:1920\/aHR0cDovL21lZGlhMi5kZXNpZ25wYXJ0bmVyLmZyL2MvcC8yMDU5Ny8yMDU5Ny0xNzU4NC0xLndlYnA?v=1759308974","https:\/\/media.th4.com\/X2ZHxmGt7uJQ7S-36IsBJzRrXXpudGjGgdBBZPHNfmU\/pr:1920\/aHR0cDovL21lZGlhMi5kZXNpZ25wYXJ0bmVyLmZyL2MvcC8yMDU5Ny8yMDU5Ny0xNzU4NC0xMC53ZWJw?v=1759308974","https:\/\/media.th4.com\/Fyx583ECul7wwCRBkdtQufMCGxv3JxUIeJeH2iu0oIw\/pr:1920\/aHR0cDovL21lZGlhMi5kZXNpZ25wYXJ0bmVyLmZyL2MvcC8yMDU5Ny8yMDU5Ny0xNzU4NC0xMS53ZWJw?v=1759308975"],"opengraph":["https:\/\/media.th4.com\/20OUn0OqjdLSm3F97I6IxUcfb3KwdunUcOQsr2kLQ4w\/pr:1200x630\/aHR0cDovL21lZGlhMi5kZXNpZ25wYXJ0bmVyLmZyL2MvcC8yMDU5Ny8yMDU5Ny0xNzU4NC0xLndlYnA?v=1759308974","https:\/\/media.th4.com\/jh11KgCpqViouWXVK2JY7s8U9sxb2ZPl4FtqBlO8ens\/pr:1200x630\/aHR0cDovL21lZGlhMi5kZXNpZ25wYXJ0bmVyLmZyL2MvcC8yMDU5Ny8yMDU5Ny0xNzU4NC0xMC53ZWJw?v=1759308974","https:\/\/media.th4.com\/FcmCPhjVMNk0h7LI3_7ZTYS1zNv67B13AjL2CdsAi1I\/pr:1200x630\/aHR0cDovL21lZGlhMi5kZXNpZ25wYXJ0bmVyLmZyL2MvcC8yMDU5Ny8yMDU5Ny0xNzU4NC0xMS53ZWJw?v=1759308975"]},"country_origin":"CN","traceability":{"manufacturing_country_id":null,"weaving_country_id":null,"dyeing_country_id":null},"sizes":[{"id":42,"article_id":513966,"class_id":19,"name":"taille_unique","on_standby":false,"stock_local":0,"stock_global":496,"multiple":1,"estimated_date_reassort":null,"is_destocking":false}],"page_links":{"fr":"\/fr\/p-st-ly7043-sumba-tours-cou-ly7043-20597\/noir-17584\/","en":"\/en\/p-st-ly7043-sumba-neck-tour-ly7043-20597\/noir-17584\/","de":"\/de\/p-st-ly7043-sumba-halsband-ly7043-20597\/noir-17584\/","nl":"\/nl\/p-st-ly7043-sumba-nekkoord-ly7043-20597\/noir-17584\/","es":"\/es\/p-st-ly7043-sumba-tours-cou-ly7043-20597\/noir-17584\/","it":"\/it\/p-st-ly7043-sumba-neck-strap-ly7043-20597\/noir-17584\/","sv":"\/sv\/p-st-ly7043-sumba-halsrem-ly7043-20597\/noir-17584\/","pt":"\/pt\/p-st-ly7043-sumba-cordao-para-pescoco-ly7043-20597\/noir-17584\/","da":"\/da\/p-st-ly7043-sumba-halsrundstykke-ly7043-20597\/noir-17584\/","pl":"\/pl\/p-st-ly7043-sumba-paski-na-szyje-ly7043-20597\/noir-17584\/"},"page_links_customization":{"fr":"\/fr\/p-st-ly7043-sumba-tours-cou-ly7043-personnalisable-20597\/noir-17584\/custom\/","en":"\/en\/p-st-ly7043-sumba-neck-gaiter-ly7043-customizable-20597\/noir-17584\/custom\/","de":"\/de\/p-st-ly7043-sumba-schlaufe-ly7043-individualisierbar-20597\/noir-17584\/custom\/","nl":"\/nl\/p-st-ly7043-sumba-neklus-ly7043-aanpasbaar-20597\/noir-17584\/custom\/","es":"\/es\/p-st-ly7043-sumba-tours-cou-ly7043-personalizable-20597\/noir-17584\/custom\/","it":"\/it\/p-st-ly7043-sumba-tours-cou-ly7043-personalizzabile-20597\/noir-17584\/custom\/","sv":"\/sv\/p-st-ly7043-sumba-neck-strap-ly7043-customizable-20597\/noir-17584\/custom\/","pt":"\/pt\/p-st-ly7043-sumba-tours-cou-ly7043-personalizavel-20597\/noir-17584\/custom\/","da":"\/da\/p-st-ly7043-sumba-halsror-ly7043-tilpasselig-20597\/noir-17584\/custom\/","pl":"\/pl\/p-st-ly7043-sumba-neck-gaiter-ly7043-customizable-20597\/noir-17584\/custom\/"}}],"documentation_link":"\/pdf\/20597.pdf","countries_availables":["AD","AE","AL","AT","BA","BD","BE","BG","BL","CA","CH","CN","CO","CY","CZ","DE","DK","DO","EE","EG","ES","ET","FI","FR","GB","GE","GF","GP","GR","GT","HK","HN","HR","HT","HU","ID","IE","IN","IS","IT","JO","JP","KE","KH","KP","KR","LA","LK","LS","LT","LU","LV","MA","MF","MG","MK","MM","MN","MQ","MT","MX","MY","NC","NI","NL","PF","PH","PK","PL","PM","PT","RE","RO","SE","SG","SI","SK","SV","SY","TH","TN","TR","TW","TZ","US","VN","WF","YT"]},"infos_customization":[],"features":{"authorize_multi_surfaces":true,"display_order_delay_type":true,"promote_surface_display":true,"tarification_franco_offert":true,"enabled_3d_editor":false},"markings":[{"id":0,"nom":"vierge","finition":null,"libelle":null,"code":null,"dpi":null,"finesse_forme_isolee":null,"finesse_forme_non_isolee":null,"hauteur_minimale_texte":null,"inactif":0,"marquage_interne":1,"quantite_min":null,"parent_id":null,"print_on_support":0,"content":"vierge","description":null},{"id":2,"nom":"fonce","finition":"optimale","libelle":"TopQuadri","code":null,"dpi":400,"finesse_forme_isolee":"0.040","finesse_forme_non_isolee":"0.700","hauteur_minimale_texte":2,"inactif":0,"marquage_interne":1,"quantite_min":null,"parent_id":18,"print_on_support":0,"content":"TopQuadri","description":"pour petites et moyennes s\u00e9ries"},{"id":3,"nom":"serigraphie","finition":"serigraphie","libelle":"SeriCoat","code":null,"dpi":400,"finesse_forme_isolee":"0.040","finesse_forme_non_isolee":"0.700","hauteur_minimale_texte":2,"inactif":0,"marquage_interne":1,"quantite_min":15,"parent_id":18,"print_on_support":0,"content":"SeriCoat","description":"pour moyennes et grandes s\u00e9ries"},{"id":4,"nom":"broderie","finition":"broderie","libelle":"Broderie","code":null,"dpi":400,"finesse_forme_isolee":"0.040","finesse_forme_non_isolee":"0.700","hauteur_minimale_texte":3,"inactif":0,"marquage_interne":1,"quantite_min":null,"parent_id":null,"print_on_support":0,"content":"Broderie","description":null},{"id":8,"nom":"theme","finition":null,"libelle":"Th\u00e8me","code":null,"dpi":null,"finesse_forme_isolee":null,"finesse_forme_non_isolee":null,"hauteur_minimale_texte":null,"inactif":0,"marquage_interne":1,"quantite_min":null,"parent_id":null,"print_on_support":0,"content":"Th\u00e8me","description":null},{"id":9,"nom":"sans","finition":null,"libelle":null,"code":null,"dpi":null,"finesse_forme_isolee":null,"finesse_forme_non_isolee":null,"hauteur_minimale_texte":null,"inactif":0,"marquage_interne":1,"quantite_min":null,"parent_id":null,"print_on_support":0,"content":"sans","description":null},{"id":10,"nom":"photo","finition":null,"libelle":"Photo","code":null,"dpi":null,"finesse_forme_isolee":null,"finesse_forme_non_isolee":null,"hauteur_minimale_texte":null,"inactif":0,"marquage_interne":1,"quantite_min":null,"parent_id":null,"print_on_support":0,"content":"Photo","description":null},{"id":14,"nom":"couleur","finition":null,"libelle":"Couleur","code":null,"dpi":null,"finesse_forme_isolee":null,"finesse_forme_non_isolee":null,"hauteur_minimale_texte":null,"inactif":0,"marquage_interne":1,"quantite_min":null,"parent_id":null,"print_on_support":0,"content":"Couleur","description":null},{"id":15,"nom":"sublimation","finition":"sublimation","libelle":"Sublimation","code":null,"dpi":null,"finesse_forme_isolee":"0.000","finesse_forme_non_isolee":"0.000","hauteur_minimale_texte":2,"inactif":0,"marquage_interne":1,"quantite_min":null,"parent_id":null,"print_on_support":0,"content":"Sublimation","description":null},{"id":16,"nom":"topquadri_uv","finition":null,"libelle":"TopQuadri UV","code":null,"dpi":null,"finesse_forme_isolee":"0.020","finesse_forme_non_isolee":"0.700","hauteur_minimale_texte":2,"inactif":0,"marquage_interne":1,"quantite_min":null,"parent_id":null,"print_on_support":1,"content":null,"description":null},{"id":17,"nom":"topquadri_uvp","finition":null,"libelle":"TopQuadri UVP","code":null,"dpi":null,"finesse_forme_isolee":"0.020","finesse_forme_non_isolee":"0.700","hauteur_minimale_texte":2,"inactif":0,"marquage_interne":1,"quantite_min":null,"parent_id":null,"print_on_support":1,"content":null,"description":null},{"id":18,"nom":"quadri","finition":null,"libelle":"Impression","code":null,"dpi":null,"finesse_forme_isolee":null,"finesse_forme_non_isolee":null,"hauteur_minimale_texte":null,"inactif":0,"marquage_interne":1,"quantite_min":null,"parent_id":null,"print_on_support":0,"content":null,"description":null}]}}