{"data":{"product":{"id":20475,"titre":"ZUMA","description":"Chapeau bob pour enfants. Taille enfant : 54 -55 cm. Composition : 100 % coton.","genre":"enfant","grammage":180,"conditionnement":200,"composition":"coton,coton_uniquement","reference":"GR1670","reference_visible":"st-gr1670","reference_fabricant":"GR1670","ref_xor":"727486","in_catalog":true,"is_transfer":false,"is_service":false,"on_standby":false,"has_3d":false,"has_size_guide":false,"has_marking":true,"has_vierge":true,"is_cross_sellable":false,"id_picto":139,"filename_3d":null,"brand":{"id":352,"name":"Stamina","logo":"logo-stamina.png","image":"https:\/\/media.th4.com\/XtszMrhN4PSlQT4v0dBJBG2A1qMsj6Ced58O9G8vaL8\/pr:brand70x70\/aHR0cDovL21lZGlhMi5kZXNpZ25wYXJ0bmVyLmZyL2MvbS9sb2dvLXN0YW1pbmEucG5n?v=1691073931"},"price_infos":{"price_from":2.51,"quantity":100,"color":{"id":17591,"name":"blanc"},"size":{"id":42,"name":"taille_unique"}},"price_infos_marking":{"price_from":4.97,"quantity":350,"color":{"id":17591,"name":"blanc"},"size":{"id":42,"name":"taille_unique"},"marking":{"id":2,"name":""},"emplacement":"avant","surface_emplacement_id":6442,"surface":"12x5.5cm"},"i18n":{"blank":{"title":{"fr":"ZUMA Bob Stamina gr1670","en":"ZUMA Bob Stamina gr1670","de":"ZUMA Bob Stamina gr1670","nl":"ZUMA Bob Stamina gr1670","es":"ZUMA Bob Stamina gr1670","it":"ZUMA Bob Stamina gr1670","sv":"ZUMA Bob Stamina gr1670","pt":"ZUMA Bob Stamina gr1670","da":"ZUMA Bob Stamina gr1670","pl":"ZUMA Bob Stamina gr1670"},"description":{"fr":"Le bob ZUMA est con\u00e7u pour les enfants avec une taille de 54 \u00e0 55 cm. Sa fabrication en 100 % coton assure un mat\u00e9riau naturel et respirant.\n\n- Composition 100 % coton\n- Taille enfant 54-55 cm\n- Chapeau de forme bob\n- Usage quotidien","en":"The ZUMA bob is designed for children with a size of 54 to 55 cm. Its 100% cotton construction provides a natural and breathable material.\n\n- Composition 100% cotton\n- Child size 54-55 cm\n- Bob style hat\n- Daily use","de":"Der ZUMA Bob ist f\u00fcr Kinder mit einer Gr\u00f6\u00dfe von 54 bis 55 cm ausgelegt. Seine Herstellung aus 100 % Baumwolle garantiert ein nat\u00fcrliches und atmungsaktives Material.\n\n- Zusammensetzung 100 % Baumwolle\n- Kindergr\u00f6\u00dfe 54-55 cm\n- Hut in Bob-Form\n- T\u00e4glicher Gebrauch","nl":"De ZUMA bob is gemaakt voor kinderen met een maat van 54 tot 55 cm. De 100% katoenen stof zorgt voor een natuurlijk en ademend materiaal.\n\n- Samenstelling 100% katoen\n- Kindermaat 54-55 cm\n- Bobvormige hoed\n- Dagelijks gebruik","es":"El bob ZUMA est\u00e1 dise\u00f1ado para ni\u00f1os con una talla de 54 a 55 cm. Su fabricaci\u00f3n en 100 % algod\u00f3n garantiza un material natural y transpirable.\n\n- Composici\u00f3n 100 % algod\u00f3n\n- Talla ni\u00f1o 54-55 cm\n- Sombrero tipo bob\n- Uso diario","it":"Il bob ZUMA \u00e8 progettato per bambini con una misura da 54 a 55 cm. La sua fabbricazione in 100% cotone garantisce un materiale naturale e traspirante.\n\n- Composizione 100% cotone\n- Taglia bambini 54-55 cm\n- Cappello a forma di bob\n- Uso quotidiano","sv":"ZUMA bob \u00e4r utformad f\u00f6r barn med en storlek p\u00e5 54 till 55 cm. Tillverkad av 100 % bomull ger den ett naturligt och andningsbart material.\n\n- Komposition 100 % bomull\n- Barnstorlek 54-55 cm\n- Bob hattform\n- Dagligt bruk","pt":"O bob ZUMA \u00e9 concebido para crian\u00e7as com tamanho de 54 a 55 cm. Sua fabrica\u00e7\u00e3o em 100 % algod\u00e3o garante um material natural e respir\u00e1vel.\n\n- Composi\u00e7\u00e3o 100 % algod\u00e3o\n- Tamanho crian\u00e7a 54-55 cm\n- Chap\u00e9u estilo bob\n- Uso di\u00e1rio","da":"ZUMA bob er designet til b\u00f8rn med en st\u00f8rrelse fra 54 til 55 cm. Dens fremstilling i 100 % bomuld sikrer et naturligt og \u00e5ndbart materiale.\n\n- Sammens\u00e6tning 100 % bomuld\n- B\u00f8rnest\u00f8rrelse 54-55 cm\n- Bob formet hat\n- Daglig brug","pl":"Bob ZUMA przeznaczony dla dzieci o rozmiarze od 54 do 55 cm. Wykonany w 100% z bawe\u0142ny, zapewnia naturalny i oddychaj\u0105cy materia\u0142.\n\n- Sk\u0142ad: 100% bawe\u0142na\n- Rozmiar dzieci\u0119cy 54-55 cm\n- Kapelusz typu bob\n- Codzienne u\u017cytkowanie"},"h1":{"fr":"ZUMA Bob gr1670","en":"ZUMA Bob gr1670","de":"ZUMA Bob gr1670","nl":"ZUMA Bob gr1670","es":"ZUMA Bob gr1670","it":"ZUMA Bob gr1670","sv":"ZUMA Bob gr1670","pt":"ZUMA Bob gr1670","da":"ZUMA Bob gr1670","pl":"ZUMA Bob gr1670"},"meta_description":{"fr":"Le bob ZUMA en coton pour enfants propose une taille adapt\u00e9e de 54 \u00e0 55 cm. Ce chapeau l\u00e9ger est con\u00e7u pour un usage quotidien.","en":"The ZUMA cotton bob for children offers a suitable size of 54 to 55 cm. This lightweight hat is designed for daily use.","de":"Der ZUMA Bob aus Baumwolle f\u00fcr Kinder hat eine passende Gr\u00f6\u00dfe von 54 bis 55 cm. Dieser leichte Hut ist f\u00fcr den t\u00e4glichen Gebrauch gefertigt.","nl":"De ZUMA bob in katoen voor kinderen heeft een aangepaste maat van 54 tot 55 cm. Deze lichte hoed is ontworpen voor dagelijks gebruik.","es":"El bob ZUMA de algod\u00f3n para ni\u00f1os ofrece una talla ajustada de 54 a 55 cm. Este sombrero ligero est\u00e1 dise\u00f1ado para uso diario.","it":"Il bob ZUMA in cotone per bambini offre una misura adatta da 54 a 55 cm. Questo cappello leggero \u00e8 progettato per l'uso quotidiano.","sv":"ZUMA bob i bomull f\u00f6r barn har en justerbar storlek fr\u00e5n 54 till 55 cm. Denna l\u00e4tta hatt \u00e4r avsedd f\u00f6r dagligt bruk.","pt":"O bob ZUMA em algod\u00e3o para crian\u00e7as possui tamanho adequado de 54 a 55 cm. Este chap\u00e9u leve \u00e9 concebido para uso di\u00e1rio.","da":"ZUMA bomuld bob til b\u00f8rn har en passende st\u00f8rrelse fra 54 til 55 cm. Denne lette hat er designet til daglig brug.","pl":"Bob ZUMA z bawe\u0142ny dla dzieci o rozmiarze od 54 do 55 cm. Lekki kapelusz przeznaczony do codziennego u\u017cytku."}},"custom":{"title":{"fr":"ZUMA Bob enfant STAMINA gr1670 personnalisable","en":"ZUMA Child's bob STAMINA gr1670 customizable","de":"ZUMA Kinder-Bob STAMINA gr1670 anpassbar","nl":"ZUMA Kinder bob STAMINA gr1670 aanpasbaar","es":"ZUMA Bob infantil STAMINA gr1670 personalizable","it":"ZUMA Cappello a secchiello per bambini STAMINA gr1670 personalizzabile","sv":"ZUMA Barnets bob STAMINA gr1670 anpassningsbar","pt":"ZUMA Chap\u00e9u infantil STAMINA gr1670 personaliz\u00e1vel","da":"ZUMA B\u00f8rnebob STAMINA gr1670 tilpasselig","pl":"ZUMA Dzieci\u0119cy kapelusz STAMINA gr1670 z opcj\u0105 personalizacji"},"description":{"fr":"Le bob ZUMA pour enfant est con\u00e7u en 100 % coton, offrant une mati\u00e8re naturelle adapt\u00e9e \u00e0 un usage r\u00e9gulier. Il convient aux enfants avec une taille de t\u00eate de 54 \u00e0 55 cm. La possibilit\u00e9 de personnalisation est int\u00e9gr\u00e9e pour r\u00e9pondre \u00e0 diff\u00e9rents besoins.\n\n- Composition 100 % coton\n- Taille enfant 54-55 cm\n- Personnalisable\n- Usage quotidien confortable","en":"The ZUMA child's bob is made of 100% cotton, providing a natural material suitable for regular use. It fits children with a head size of 54 to 55 cm. Customization option is included to meet different needs.\n\n- Composition 100% cotton\n- Child size 54-55 cm\n- Customizable\n- Comfortable daily use","de":"Der ZUMA Kinder-Bob besteht aus 100 % Baumwolle und bietet ein nat\u00fcrliches Material f\u00fcr regelm\u00e4\u00dfigen Gebrauch. Er passt f\u00fcr Kinder mit einem Kopfumfang von 54 bis 55 cm. Eine Anpassungsm\u00f6glichkeit ist integriert, um verschiedenen Anforderungen gerecht zu werden.\n\n- Zusammensetzung 100 % Baumwolle\n- Kindergr\u00f6\u00dfe 54-55 cm\n- Anpassbar\n- Bequemer t\u00e4glicher Gebrauch","nl":"De ZUMA kinderbob is gemaakt van 100% katoen, een natuurlijke stof geschikt voor regelmatig gebruik. Passend voor kinderen met een hoofdomtrek van 54 tot 55 cm. De mogelijkheid tot aanpassing is ge\u00efntegreerd om aan verschillende behoeften te voldoen.\n\n- Samenstelling 100% katoen\n- Kindermaat 54-55 cm\n- Aanpasbaar\n- Comfortabel dagelijks gebruik","es":"El bob ZUMA para ni\u00f1o est\u00e1 fabricado en 100 % algod\u00f3n, proporcionando un material natural adecuado para uso regular. Es apropiado para ni\u00f1os con una circunferencia de cabeza de 54 a 55 cm. La posibilidad de personalizaci\u00f3n est\u00e1 integrada para diferentes necesidades.\n\n- Composici\u00f3n 100 % algod\u00f3n\n- Talla ni\u00f1o 54-55 cm\n- Personalizable\n- Uso diario c\u00f3modo","it":"Il cappello a secchiello ZUMA per bambini \u00e8 realizzato in 100% cotone, offrendo un materiale naturale adatto all'uso regolare. \u00c8 adatto ai bambini con una circonferenza della testa da 54 a 55 cm. Include la possibilit\u00e0 di personalizzazione per soddisfare diverse esigenze.\n\n- Composizione 100% cotone\n- Taglia bambini 54-55 cm\n- Personalizzabile\n- Uso quotidiano confortevole","sv":"Bobben ZUMA f\u00f6r barn \u00e4r gjord i 100 % bomull, vilket ger ett naturligt material anpassat f\u00f6r regelbunden anv\u00e4ndning. Den passar barn med huvudstorlek 54 till 55 cm. M\u00f6jlighet till anpassning \u00e4r integrerad f\u00f6r att m\u00f6ta olika behov.\n\n- Komposition 100 % bomull\n- Barnstorlek 54-55 cm\n- Anpassningsbar\n- Bekv\u00e4m daglig anv\u00e4ndning","pt":"O chap\u00e9u ZUMA para crian\u00e7as \u00e9 feito em 100% algod\u00e3o, oferecendo um material natural adequado para uso regular. Compat\u00edvel com crian\u00e7as com tamanho de cabe\u00e7a de 54 a 55 cm. A possibilidade de personaliza\u00e7\u00e3o est\u00e1 integrada para atender a diferentes necessidades.\n\n- Composi\u00e7\u00e3o 100% algod\u00e3o\n- Tamanho infantil 54-55 cm\n- Personaliz\u00e1vel\n- Uso di\u00e1rio confort\u00e1vel","da":"Boblen ZUMA til b\u00f8rn er lavet i 100 % bomuld, hvilket giver et naturligt materiale egnet til regelm\u00e6ssig brug. Den passer til b\u00f8rn med en hovedst\u00f8rrelse p\u00e5 54 til 55 cm. Mulighed for tilpasning er integreret for at opfylde forskellige behov.\n\n- Sammens\u00e6tning 100 % bomuld\n- B\u00f8rnest\u00f8rrelse 54-55 cm\n- Tilpasselig\n- Behagelig til daglig brug","pl":"Kapelusz ZUMA dla dzieci wykonany jest w 100% z bawe\u0142ny, oferuj\u0105cej naturalny materia\u0142 odpowiedni do regularnego u\u017cytku. Pasuje dzieciom z obwodem g\u0142owy 54-55 cm. Zawiera opcj\u0119 personalizacji, aby spe\u0142ni\u0107 r\u00f3\u017cne potrzeby.\n\n- Sk\u0142ad 100% bawe\u0142na\n- Rozmiar dzieci\u0119cy 54-55 cm\n- Mo\u017cliwo\u015b\u0107 personalizacji\n- Komfortowy do codziennego u\u017cytku"},"h1":{"fr":"ZUMA Bob enfant gr1670 personnalisable","en":"ZUMA Child's bob gr1670 customizable","de":"ZUMA Kinder-Bob gr1670 anpassbar","nl":"ZUMA Kinder bob gr1670 aanpasbaar","es":"ZUMA Bob infantil gr1670 personalizable","it":"ZUMA Cappello a secchiello per bambini gr1670 personalizzabile","sv":"ZUMA Barnets bob gr1670 anpassningsbar","pt":"ZUMA Chap\u00e9u infantil gr1670 personaliz\u00e1vel","da":"ZUMA B\u00f8rnebob gr1670 tilpasselig","pl":"ZUMA Dzieci\u0119cy kapelusz gr1670 z opcj\u0105 personalizacji"},"meta_description":{"fr":"Bob enfant en 100 % coton adapt\u00e9 pour une taille de 54-55 cm. Personnalisable, con\u00e7u pour un usage quotidien avec confort.","en":"Child's bob in 100% cotton suitable for a size of 54-55 cm. Customizable, designed for daily use with comfort.","de":"Kinder-Bob aus 100 % Baumwolle, geeignet f\u00fcr einen Kopfumfang von 54-55 cm. Anpassbar, f\u00fcr den t\u00e4glichen Gebrauch mit Komfort gefertigt.","nl":"Kinderbob van 100% katoen geschikt voor een maat van 54-55 cm. Aanpasbaar, ontworpen voor dagelijks gebruik met comfort.","es":"Bob infantil 100 % algod\u00f3n adecuado para una talla de 54-55 cm. Personalizable, dise\u00f1ado para uso diario con comodidad.","it":"Cappello a secchiello per bambini in 100% cotone adatto per una taglia di 54-55 cm. Personalizzabile, progettato per uso quotidiano con comfort.","sv":"Barnets bob i 100 % bomull anpassad f\u00f6r storlek 54-55 cm. Anpassningsbar, utformad f\u00f6r daglig anv\u00e4ndning med komfort.","pt":"Chap\u00e9u infantil em 100% algod\u00e3o adequado para tamanho 54-55 cm. Personaliz\u00e1vel, projetado para uso di\u00e1rio com conforto.","da":"B\u00f8rnebob i 100 % bomuld til en st\u00f8rrelse p\u00e5 54-55 cm. Tilpasselig, designet til daglig brug med komfort.","pl":"Dzieci\u0119cy kapelusz wykonany w 100% z bawe\u0142ny, dopasowany do rozmiaru 54-55 cm. Z opcj\u0105 personalizacji, zaprojektowany do codziennego noszenia z komfortem."}}},"categories":[{"id":511,"name":"Bobs","singular":"Bob","is_feminin":false},{"id":354,"name":"Textile","singular":"Textile","is_feminin":false},{"id":501,"name":"Casquettes et bonnets","singular":"Casquette et bonnet","is_feminin":false}],"certifications":[],"videos":{"fr":[],"en":[],"de":[],"nl":[],"es":[],"it":[],"sv":[],"pt":[],"da":[],"pl":[]},"main_images":{"miniature":"https:\/\/media.th4.com\/9mDOd-X7ols2-gU0SoGzDW7IptFdy1ZZ87MBkvN0t5k\/pr:80\/aHR0cDovL21lZGlhMi5kZXNpZ25wYXJ0bmVyLmZyL2MvcC1ibGFuay1USC8yMDQ3NS53ZWJw?v=1759311432","medium":"https:\/\/media.th4.com\/oDJzO33t2ekLHo1TQr9hlDnLYNOh2GZZwQeB22_rjBs\/pr:550x550greybg\/aHR0cDovL21lZGlhMi5kZXNpZ25wYXJ0bmVyLmZyL2MvcC1ibGFuay1USC8yMDQ3NS53ZWJw?v=1759311432","medium_large":"https:\/\/media.th4.com\/9P1X9tIW48IRos2tiuUskPatsZzjra49lfw6xQldNTM\/pr:1000x1000greybg\/aHR0cDovL21lZGlhMi5kZXNpZ25wYXJ0bmVyLmZyL2MvcC1ibGFuay1USC8yMDQ3NS53ZWJw?v=1759311432","large":"https:\/\/media.th4.com\/0FcvAgxwBDpAlo8SyMgk6IzRHkARL_aPI9PdeHsC4q0\/pr:1920greybg\/aHR0cDovL21lZGlhMi5kZXNpZ25wYXJ0bmVyLmZyL2MvcC1ibGFuay1USC8yMDQ3NS53ZWJw?v=1759311432","opengraph":"https:\/\/media.th4.com\/_32P5bYolYhQCa3zY4FZHbt6CiPbC4igCRVJJSK_gtE\/pr:1200x630greybg\/aHR0cDovL21lZGlhMi5kZXNpZ25wYXJ0bmVyLmZyL2MvcC1ibGFuay1USC8yMDQ3NS53ZWJw?v=1759311432"},"main_images_customization":{"miniature":"https:\/\/media.th4.com\/DL4egHbMKBXzno6F-wMLhU0vmln-D7c2CTSkFUDiRwA\/pr:80\/aHR0cDovL21lZGlhMi5kZXNpZ25wYXJ0bmVyLmZyL2MvcC1jdXN0b20tVEgvMjA0NzUud2VicA?v=1759311946","medium":"https:\/\/media.th4.com\/rIypuCz2P784lh1DxAatN-WnHZWeOVsp53iVnKrIcuQ\/pr:550x550greybg\/aHR0cDovL21lZGlhMi5kZXNpZ25wYXJ0bmVyLmZyL2MvcC1jdXN0b20tVEgvMjA0NzUud2VicA?v=1759311946","medium_large":"https:\/\/media.th4.com\/2D5RdchETkGVLr6t1cLfFF4-AehlVe-J0JzHvR8BVoI\/pr:1000x1000greybg\/aHR0cDovL21lZGlhMi5kZXNpZ25wYXJ0bmVyLmZyL2MvcC1jdXN0b20tVEgvMjA0NzUud2VicA?v=1759311946","large":"https:\/\/media.th4.com\/-_7qA7KV88L3xsDixR5hKoGLa4oeIT-8q9s3F_PbqEQ\/pr:1920greybg\/aHR0cDovL21lZGlhMi5kZXNpZ25wYXJ0bmVyLmZyL2MvcC1jdXN0b20tVEgvMjA0NzUud2VicA?v=1759311946","opengraph":"https:\/\/media.th4.com\/jJu08qpLJ7I7O_kg4oTv32SxOkwCFAJw6MJwOpTjGW4\/pr:1200x630greybg\/aHR0cDovL21lZGlhMi5kZXNpZ25wYXJ0bmVyLmZyL2MvcC1jdXN0b20tVEgvMjA0NzUud2VicA?v=1759311946"},"page_links":{"fr":"\/fr\/p-st-gr1670-zuma-bob-gr1670-20475\/","en":"\/en\/p-st-gr1670-zuma-bob-gr1670-20475\/","de":"\/de\/p-st-gr1670-zuma-bob-gr1670-20475\/","nl":"\/nl\/p-st-gr1670-zuma-bob-gr1670-20475\/","es":"\/es\/p-st-gr1670-zuma-bob-gr1670-20475\/","it":"\/it\/p-st-gr1670-zuma-bob-gr1670-20475\/","sv":"\/sv\/p-st-gr1670-zuma-bob-gr1670-20475\/","pt":"\/pt\/p-st-gr1670-zuma-bob-gr1670-20475\/","da":"\/da\/p-st-gr1670-zuma-bob-gr1670-20475\/","pl":"\/pl\/p-st-gr1670-zuma-bob-gr1670-20475\/"},"page_links_customization":{"fr":"\/fr\/p-st-gr1670-zuma-bob-enfant-gr1670-personnalisable-20475\/custom\/","en":"\/en\/p-st-gr1670-zuma-childs-bob-gr1670-customizable-20475\/custom\/","de":"\/de\/p-st-gr1670-zuma-kinder-bob-gr1670-anpassbar-20475\/custom\/","nl":"\/nl\/p-st-gr1670-zuma-kinder-bob-gr1670-aanpasbaar-20475\/custom\/","es":"\/es\/p-st-gr1670-zuma-bob-infantil-gr1670-personalizable-20475\/custom\/","it":"\/it\/p-st-gr1670-zuma-cappello-a-secchiello-per-bambini-gr1670-personalizzabile-20475\/custom\/","sv":"\/sv\/p-st-gr1670-zuma-barnets-bob-gr1670-anpassningsbar-20475\/custom\/","pt":"\/pt\/p-st-gr1670-zuma-chapeu-infantil-gr1670-personalizavel-20475\/custom\/","da":"\/da\/p-st-gr1670-zuma-bornebob-gr1670-tilpasselig-20475\/custom\/","pl":"\/pl\/p-st-gr1670-zuma-dzieciecy-kapelusz-gr1670-z-opcja-personalizacji-20475\/custom\/"},"equivalent_products":[],"colors":[{"id":17591,"name":"blanc","class_ids":[1],"codes_hexa":["ffffff"],"delai_24":false,"has_3d":false,"seuil_global":0,"stock_local":0,"stock_global":496,"on_standby":false,"in_catalog":true,"images":{"miniature":["https:\/\/media.th4.com\/kgcxFxr6kq_C16anPv-RwbPi7rK9wzVTv2ixhDaV36E\/pr:80\/aHR0cDovL21lZGlhMi5kZXNpZ25wYXJ0bmVyLmZyL2MvcC8yMDQ3NS8yMDQ3NS0xNzU5MS0xLndlYnA?v=1759308592"],"medium":["https:\/\/media.th4.com\/_jPy6y6uVEAOIDmnvw8OMTQv7oqeGzfQ898-215Rig0\/pr:550x550\/aHR0cDovL21lZGlhMi5kZXNpZ25wYXJ0bmVyLmZyL2MvcC8yMDQ3NS8yMDQ3NS0xNzU5MS0xLndlYnA?v=1759308592"],"medium_large":["https:\/\/media.th4.com\/9P1q5g1tui4G9Db4me8xHyUT1XGah5nvjihhVcCsqt8\/pr:1000x1000\/aHR0cDovL21lZGlhMi5kZXNpZ25wYXJ0bmVyLmZyL2MvcC8yMDQ3NS8yMDQ3NS0xNzU5MS0xLndlYnA?v=1759308592"],"large":["https:\/\/media.th4.com\/qj8OXwm_R4MWxSaO7VdEPzHige8F3tUoYIPXQFHy7TY\/pr:1920\/aHR0cDovL21lZGlhMi5kZXNpZ25wYXJ0bmVyLmZyL2MvcC8yMDQ3NS8yMDQ3NS0xNzU5MS0xLndlYnA?v=1759308592"],"opengraph":["https:\/\/media.th4.com\/35wry7SrhDJjkK9CzibXHBFh6uX39Qgfwsg0g9Y9PuY\/pr:1200x630\/aHR0cDovL21lZGlhMi5kZXNpZ25wYXJ0bmVyLmZyL2MvcC8yMDQ3NS8yMDQ3NS0xNzU5MS0xLndlYnA?v=1759308592"]},"images_customization":{"miniature":["https:\/\/media.th4.com\/kgcxFxr6kq_C16anPv-RwbPi7rK9wzVTv2ixhDaV36E\/pr:80\/aHR0cDovL21lZGlhMi5kZXNpZ25wYXJ0bmVyLmZyL2MvcC8yMDQ3NS8yMDQ3NS0xNzU5MS0xLndlYnA?v=1759308592"],"medium":["https:\/\/media.th4.com\/_jPy6y6uVEAOIDmnvw8OMTQv7oqeGzfQ898-215Rig0\/pr:550x550\/aHR0cDovL21lZGlhMi5kZXNpZ25wYXJ0bmVyLmZyL2MvcC8yMDQ3NS8yMDQ3NS0xNzU5MS0xLndlYnA?v=1759308592"],"medium_large":["https:\/\/media.th4.com\/9P1q5g1tui4G9Db4me8xHyUT1XGah5nvjihhVcCsqt8\/pr:1000x1000\/aHR0cDovL21lZGlhMi5kZXNpZ25wYXJ0bmVyLmZyL2MvcC8yMDQ3NS8yMDQ3NS0xNzU5MS0xLndlYnA?v=1759308592"],"large":["https:\/\/media.th4.com\/qj8OXwm_R4MWxSaO7VdEPzHige8F3tUoYIPXQFHy7TY\/pr:1920\/aHR0cDovL21lZGlhMi5kZXNpZ25wYXJ0bmVyLmZyL2MvcC8yMDQ3NS8yMDQ3NS0xNzU5MS0xLndlYnA?v=1759308592"],"opengraph":["https:\/\/media.th4.com\/35wry7SrhDJjkK9CzibXHBFh6uX39Qgfwsg0g9Y9PuY\/pr:1200x630\/aHR0cDovL21lZGlhMi5kZXNpZ25wYXJ0bmVyLmZyL2MvcC8yMDQ3NS8yMDQ3NS0xNzU5MS0xLndlYnA?v=1759308592"]},"country_origin":"CN","traceability":{"manufacturing_country_id":null,"weaving_country_id":null,"dyeing_country_id":null},"sizes":[{"id":42,"article_id":513720,"class_id":19,"name":"taille_unique","on_standby":false,"stock_local":0,"stock_global":496,"multiple":1,"estimated_date_reassort":null,"is_destocking":false}],"page_links":{"fr":"\/fr\/p-st-gr1670-zuma-bob-gr1670-20475\/blanc-17591\/","en":"\/en\/p-st-gr1670-zuma-bob-gr1670-20475\/blanc-17591\/","de":"\/de\/p-st-gr1670-zuma-bob-gr1670-20475\/blanc-17591\/","nl":"\/nl\/p-st-gr1670-zuma-bob-gr1670-20475\/blanc-17591\/","es":"\/es\/p-st-gr1670-zuma-bob-gr1670-20475\/blanc-17591\/","it":"\/it\/p-st-gr1670-zuma-bob-gr1670-20475\/blanc-17591\/","sv":"\/sv\/p-st-gr1670-zuma-bob-gr1670-20475\/blanc-17591\/","pt":"\/pt\/p-st-gr1670-zuma-bob-gr1670-20475\/blanc-17591\/","da":"\/da\/p-st-gr1670-zuma-bob-gr1670-20475\/blanc-17591\/","pl":"\/pl\/p-st-gr1670-zuma-bob-gr1670-20475\/blanc-17591\/"},"page_links_customization":{"fr":"\/fr\/p-st-gr1670-zuma-bob-enfant-gr1670-personnalisable-20475\/blanc-17591\/custom\/","en":"\/en\/p-st-gr1670-zuma-childs-bob-gr1670-customizable-20475\/blanc-17591\/custom\/","de":"\/de\/p-st-gr1670-zuma-kinder-bob-gr1670-anpassbar-20475\/blanc-17591\/custom\/","nl":"\/nl\/p-st-gr1670-zuma-kinder-bob-gr1670-aanpasbaar-20475\/blanc-17591\/custom\/","es":"\/es\/p-st-gr1670-zuma-bob-infantil-gr1670-personalizable-20475\/blanc-17591\/custom\/","it":"\/it\/p-st-gr1670-zuma-cappello-a-secchiello-per-bambini-gr1670-personalizzabile-20475\/blanc-17591\/custom\/","sv":"\/sv\/p-st-gr1670-zuma-barnets-bob-gr1670-anpassningsbar-20475\/blanc-17591\/custom\/","pt":"\/pt\/p-st-gr1670-zuma-chapeu-infantil-gr1670-personalizavel-20475\/blanc-17591\/custom\/","da":"\/da\/p-st-gr1670-zuma-bornebob-gr1670-tilpasselig-20475\/blanc-17591\/custom\/","pl":"\/pl\/p-st-gr1670-zuma-dzieciecy-kapelusz-gr1670-z-opcja-personalizacji-20475\/blanc-17591\/custom\/"}},{"id":17585,"name":"bleu_royal","class_ids":[2],"codes_hexa":["0060a9"],"delai_24":false,"has_3d":false,"seuil_global":0,"stock_local":0,"stock_global":496,"on_standby":false,"in_catalog":true,"images":{"miniature":["https:\/\/media.th4.com\/RbFrNTCZTXq_qxvuvS6BtI4_ExN5e46clM1Wb8xGlBI\/pr:80\/aHR0cDovL21lZGlhMi5kZXNpZ25wYXJ0bmVyLmZyL2MvcC8yMDQ3NS8yMDQ3NS0xNzU4NS0xLndlYnA?v=1759308593"],"medium":["https:\/\/media.th4.com\/uhy8wrAg4X219PhAESrfjvN6KLrPoO-iI6Luf2QzIW4\/pr:550x550\/aHR0cDovL21lZGlhMi5kZXNpZ25wYXJ0bmVyLmZyL2MvcC8yMDQ3NS8yMDQ3NS0xNzU4NS0xLndlYnA?v=1759308593"],"medium_large":["https:\/\/media.th4.com\/KBifGKRZ4FnkHi7sW6l1r0q1GJNj39X0Udtf8BOjAHk\/pr:1000x1000\/aHR0cDovL21lZGlhMi5kZXNpZ25wYXJ0bmVyLmZyL2MvcC8yMDQ3NS8yMDQ3NS0xNzU4NS0xLndlYnA?v=1759308593"],"large":["https:\/\/media.th4.com\/yXtvtyiGRpVtt3p3oDJD3HrThA59XBrUZI5ne8ITjZA\/pr:1920\/aHR0cDovL21lZGlhMi5kZXNpZ25wYXJ0bmVyLmZyL2MvcC8yMDQ3NS8yMDQ3NS0xNzU4NS0xLndlYnA?v=1759308593"],"opengraph":["https:\/\/media.th4.com\/eLj35FRPoBFwhPVP3s2MW0nITQgReYkjdihC_hJMUGo\/pr:1200x630\/aHR0cDovL21lZGlhMi5kZXNpZ25wYXJ0bmVyLmZyL2MvcC8yMDQ3NS8yMDQ3NS0xNzU4NS0xLndlYnA?v=1759308593"]},"images_customization":{"miniature":["https:\/\/media.th4.com\/RbFrNTCZTXq_qxvuvS6BtI4_ExN5e46clM1Wb8xGlBI\/pr:80\/aHR0cDovL21lZGlhMi5kZXNpZ25wYXJ0bmVyLmZyL2MvcC8yMDQ3NS8yMDQ3NS0xNzU4NS0xLndlYnA?v=1759308593"],"medium":["https:\/\/media.th4.com\/uhy8wrAg4X219PhAESrfjvN6KLrPoO-iI6Luf2QzIW4\/pr:550x550\/aHR0cDovL21lZGlhMi5kZXNpZ25wYXJ0bmVyLmZyL2MvcC8yMDQ3NS8yMDQ3NS0xNzU4NS0xLndlYnA?v=1759308593"],"medium_large":["https:\/\/media.th4.com\/KBifGKRZ4FnkHi7sW6l1r0q1GJNj39X0Udtf8BOjAHk\/pr:1000x1000\/aHR0cDovL21lZGlhMi5kZXNpZ25wYXJ0bmVyLmZyL2MvcC8yMDQ3NS8yMDQ3NS0xNzU4NS0xLndlYnA?v=1759308593"],"large":["https:\/\/media.th4.com\/yXtvtyiGRpVtt3p3oDJD3HrThA59XBrUZI5ne8ITjZA\/pr:1920\/aHR0cDovL21lZGlhMi5kZXNpZ25wYXJ0bmVyLmZyL2MvcC8yMDQ3NS8yMDQ3NS0xNzU4NS0xLndlYnA?v=1759308593"],"opengraph":["https:\/\/media.th4.com\/eLj35FRPoBFwhPVP3s2MW0nITQgReYkjdihC_hJMUGo\/pr:1200x630\/aHR0cDovL21lZGlhMi5kZXNpZ25wYXJ0bmVyLmZyL2MvcC8yMDQ3NS8yMDQ3NS0xNzU4NS0xLndlYnA?v=1759308593"]},"country_origin":"CN","traceability":{"manufacturing_country_id":null,"weaving_country_id":null,"dyeing_country_id":null},"sizes":[{"id":42,"article_id":513721,"class_id":19,"name":"taille_unique","on_standby":false,"stock_local":0,"stock_global":496,"multiple":1,"estimated_date_reassort":null,"is_destocking":false}],"page_links":{"fr":"\/fr\/p-st-gr1670-zuma-bob-gr1670-20475\/bleu-royal-17585\/","en":"\/en\/p-st-gr1670-zuma-bob-gr1670-20475\/bleu-royal-17585\/","de":"\/de\/p-st-gr1670-zuma-bob-gr1670-20475\/bleu-royal-17585\/","nl":"\/nl\/p-st-gr1670-zuma-bob-gr1670-20475\/bleu-royal-17585\/","es":"\/es\/p-st-gr1670-zuma-bob-gr1670-20475\/bleu-royal-17585\/","it":"\/it\/p-st-gr1670-zuma-bob-gr1670-20475\/bleu-royal-17585\/","sv":"\/sv\/p-st-gr1670-zuma-bob-gr1670-20475\/bleu-royal-17585\/","pt":"\/pt\/p-st-gr1670-zuma-bob-gr1670-20475\/bleu-royal-17585\/","da":"\/da\/p-st-gr1670-zuma-bob-gr1670-20475\/bleu-royal-17585\/","pl":"\/pl\/p-st-gr1670-zuma-bob-gr1670-20475\/bleu-royal-17585\/"},"page_links_customization":{"fr":"\/fr\/p-st-gr1670-zuma-bob-enfant-gr1670-personnalisable-20475\/bleu-royal-17585\/custom\/","en":"\/en\/p-st-gr1670-zuma-childs-bob-gr1670-customizable-20475\/bleu-royal-17585\/custom\/","de":"\/de\/p-st-gr1670-zuma-kinder-bob-gr1670-anpassbar-20475\/bleu-royal-17585\/custom\/","nl":"\/nl\/p-st-gr1670-zuma-kinder-bob-gr1670-aanpasbaar-20475\/bleu-royal-17585\/custom\/","es":"\/es\/p-st-gr1670-zuma-bob-infantil-gr1670-personalizable-20475\/bleu-royal-17585\/custom\/","it":"\/it\/p-st-gr1670-zuma-cappello-a-secchiello-per-bambini-gr1670-personalizzabile-20475\/bleu-royal-17585\/custom\/","sv":"\/sv\/p-st-gr1670-zuma-barnets-bob-gr1670-anpassningsbar-20475\/bleu-royal-17585\/custom\/","pt":"\/pt\/p-st-gr1670-zuma-chapeu-infantil-gr1670-personalizavel-20475\/bleu-royal-17585\/custom\/","da":"\/da\/p-st-gr1670-zuma-bornebob-gr1670-tilpasselig-20475\/bleu-royal-17585\/custom\/","pl":"\/pl\/p-st-gr1670-zuma-dzieciecy-kapelusz-gr1670-z-opcja-personalizacji-20475\/bleu-royal-17585\/custom\/"}},{"id":17630,"name":"rose_clair","class_ids":[7],"codes_hexa":["f8ccd5"],"delai_24":false,"has_3d":false,"seuil_global":0,"stock_local":0,"stock_global":496,"on_standby":false,"in_catalog":true,"images":{"miniature":["https:\/\/media.th4.com\/0wTPTMLveMG_ce0t19DSHjiOoc2mj1mjLW6x09ursVI\/pr:80\/aHR0cDovL21lZGlhMi5kZXNpZ25wYXJ0bmVyLmZyL2MvcC8yMDQ3NS8yMDQ3NS0xNzYzMC0xLndlYnA?v=1759308594"],"medium":["https:\/\/media.th4.com\/w4i8NNBKdjDNRwHc_qOpedYiwV9Wk3Y5z2nrjDx4fRo\/pr:550x550\/aHR0cDovL21lZGlhMi5kZXNpZ25wYXJ0bmVyLmZyL2MvcC8yMDQ3NS8yMDQ3NS0xNzYzMC0xLndlYnA?v=1759308594"],"medium_large":["https:\/\/media.th4.com\/sLfUGBa5wJWcmGrCd4w6F-ULKzG5c8ivi6IjOsriphY\/pr:1000x1000\/aHR0cDovL21lZGlhMi5kZXNpZ25wYXJ0bmVyLmZyL2MvcC8yMDQ3NS8yMDQ3NS0xNzYzMC0xLndlYnA?v=1759308594"],"large":["https:\/\/media.th4.com\/ZsIcMC-EpSYs5f1lSr5T8ssyMKW_LeT5b4vB6J1fyYI\/pr:1920\/aHR0cDovL21lZGlhMi5kZXNpZ25wYXJ0bmVyLmZyL2MvcC8yMDQ3NS8yMDQ3NS0xNzYzMC0xLndlYnA?v=1759308594"],"opengraph":["https:\/\/media.th4.com\/Cs6w7u0JqtgQnhDQcCgcB66IBoTUVv3ztg9wG6eppJU\/pr:1200x630\/aHR0cDovL21lZGlhMi5kZXNpZ25wYXJ0bmVyLmZyL2MvcC8yMDQ3NS8yMDQ3NS0xNzYzMC0xLndlYnA?v=1759308594"]},"images_customization":{"miniature":["https:\/\/media.th4.com\/0wTPTMLveMG_ce0t19DSHjiOoc2mj1mjLW6x09ursVI\/pr:80\/aHR0cDovL21lZGlhMi5kZXNpZ25wYXJ0bmVyLmZyL2MvcC8yMDQ3NS8yMDQ3NS0xNzYzMC0xLndlYnA?v=1759308594"],"medium":["https:\/\/media.th4.com\/w4i8NNBKdjDNRwHc_qOpedYiwV9Wk3Y5z2nrjDx4fRo\/pr:550x550\/aHR0cDovL21lZGlhMi5kZXNpZ25wYXJ0bmVyLmZyL2MvcC8yMDQ3NS8yMDQ3NS0xNzYzMC0xLndlYnA?v=1759308594"],"medium_large":["https:\/\/media.th4.com\/sLfUGBa5wJWcmGrCd4w6F-ULKzG5c8ivi6IjOsriphY\/pr:1000x1000\/aHR0cDovL21lZGlhMi5kZXNpZ25wYXJ0bmVyLmZyL2MvcC8yMDQ3NS8yMDQ3NS0xNzYzMC0xLndlYnA?v=1759308594"],"large":["https:\/\/media.th4.com\/ZsIcMC-EpSYs5f1lSr5T8ssyMKW_LeT5b4vB6J1fyYI\/pr:1920\/aHR0cDovL21lZGlhMi5kZXNpZ25wYXJ0bmVyLmZyL2MvcC8yMDQ3NS8yMDQ3NS0xNzYzMC0xLndlYnA?v=1759308594"],"opengraph":["https:\/\/media.th4.com\/Cs6w7u0JqtgQnhDQcCgcB66IBoTUVv3ztg9wG6eppJU\/pr:1200x630\/aHR0cDovL21lZGlhMi5kZXNpZ25wYXJ0bmVyLmZyL2MvcC8yMDQ3NS8yMDQ3NS0xNzYzMC0xLndlYnA?v=1759308594"]},"country_origin":"CN","traceability":{"manufacturing_country_id":null,"weaving_country_id":null,"dyeing_country_id":null},"sizes":[{"id":42,"article_id":513722,"class_id":19,"name":"taille_unique","on_standby":false,"stock_local":0,"stock_global":496,"multiple":1,"estimated_date_reassort":null,"is_destocking":false}],"page_links":{"fr":"\/fr\/p-st-gr1670-zuma-bob-gr1670-20475\/rose-clair-17630\/","en":"\/en\/p-st-gr1670-zuma-bob-gr1670-20475\/rose-clair-17630\/","de":"\/de\/p-st-gr1670-zuma-bob-gr1670-20475\/rose-clair-17630\/","nl":"\/nl\/p-st-gr1670-zuma-bob-gr1670-20475\/rose-clair-17630\/","es":"\/es\/p-st-gr1670-zuma-bob-gr1670-20475\/rose-clair-17630\/","it":"\/it\/p-st-gr1670-zuma-bob-gr1670-20475\/rose-clair-17630\/","sv":"\/sv\/p-st-gr1670-zuma-bob-gr1670-20475\/rose-clair-17630\/","pt":"\/pt\/p-st-gr1670-zuma-bob-gr1670-20475\/rose-clair-17630\/","da":"\/da\/p-st-gr1670-zuma-bob-gr1670-20475\/rose-clair-17630\/","pl":"\/pl\/p-st-gr1670-zuma-bob-gr1670-20475\/rose-clair-17630\/"},"page_links_customization":{"fr":"\/fr\/p-st-gr1670-zuma-bob-enfant-gr1670-personnalisable-20475\/rose-clair-17630\/custom\/","en":"\/en\/p-st-gr1670-zuma-childs-bob-gr1670-customizable-20475\/rose-clair-17630\/custom\/","de":"\/de\/p-st-gr1670-zuma-kinder-bob-gr1670-anpassbar-20475\/rose-clair-17630\/custom\/","nl":"\/nl\/p-st-gr1670-zuma-kinder-bob-gr1670-aanpasbaar-20475\/rose-clair-17630\/custom\/","es":"\/es\/p-st-gr1670-zuma-bob-infantil-gr1670-personalizable-20475\/rose-clair-17630\/custom\/","it":"\/it\/p-st-gr1670-zuma-cappello-a-secchiello-per-bambini-gr1670-personalizzabile-20475\/rose-clair-17630\/custom\/","sv":"\/sv\/p-st-gr1670-zuma-barnets-bob-gr1670-anpassningsbar-20475\/rose-clair-17630\/custom\/","pt":"\/pt\/p-st-gr1670-zuma-chapeu-infantil-gr1670-personalizavel-20475\/rose-clair-17630\/custom\/","da":"\/da\/p-st-gr1670-zuma-bornebob-gr1670-tilpasselig-20475\/rose-clair-17630\/custom\/","pl":"\/pl\/p-st-gr1670-zuma-dzieciecy-kapelusz-gr1670-z-opcja-personalizacji-20475\/rose-clair-17630\/custom\/"}},{"id":17589,"name":"rouge","class_ids":[6],"codes_hexa":["dc002e"],"delai_24":false,"has_3d":false,"seuil_global":0,"stock_local":0,"stock_global":496,"on_standby":false,"in_catalog":true,"images":{"miniature":["https:\/\/media.th4.com\/qACSOvlPxo51-fUHFN9uWMcBi1_jr9bRbKhT8n6reTI\/pr:80\/aHR0cDovL21lZGlhMi5kZXNpZ25wYXJ0bmVyLmZyL2MvcC8yMDQ3NS8yMDQ3NS0xNzU4OS0xLndlYnA?v=1759308594","https:\/\/media.th4.com\/fWZjrOaKkk2xvlNMMKd0SUS2qJ6Q0TCZU6iKSysVy94\/pr:80\/aHR0cDovL21lZGlhMi5kZXNpZ25wYXJ0bmVyLmZyL2MvcC8yMDQ3NS8yMDQ3NS0xNzU4OS0xMC53ZWJw?v=1759308595","https:\/\/media.th4.com\/TDJIbkQ-AmFDIybOHfDjYn3daFkI2KzqgRvK5vzmYBk\/pr:80\/aHR0cDovL21lZGlhMi5kZXNpZ25wYXJ0bmVyLmZyL2MvcC8yMDQ3NS8yMDQ3NS0xNzU4OS0xMS53ZWJw?v=1759308596"],"medium":["https:\/\/media.th4.com\/Xrr4pPskmWWzPPU7JDFIb1-apNOQmAga_EDbhXMRiZ0\/pr:550x550\/aHR0cDovL21lZGlhMi5kZXNpZ25wYXJ0bmVyLmZyL2MvcC8yMDQ3NS8yMDQ3NS0xNzU4OS0xLndlYnA?v=1759308594","https:\/\/media.th4.com\/ZdxIowD7BZIIAEdq0tdFCM7N74kSNrHxzEnfmDYAokg\/pr:550x550\/aHR0cDovL21lZGlhMi5kZXNpZ25wYXJ0bmVyLmZyL2MvcC8yMDQ3NS8yMDQ3NS0xNzU4OS0xMC53ZWJw?v=1759308595","https:\/\/media.th4.com\/D77Ihp7iMl6AVPsNvfCV0B7nF2pRgHPov2z5ZF0YuJk\/pr:550x550\/aHR0cDovL21lZGlhMi5kZXNpZ25wYXJ0bmVyLmZyL2MvcC8yMDQ3NS8yMDQ3NS0xNzU4OS0xMS53ZWJw?v=1759308596"],"medium_large":["https:\/\/media.th4.com\/EosGb6C15BU2M9tHvLhkCDI1zXlRHiCFsZIOv7lIwZg\/pr:1000x1000\/aHR0cDovL21lZGlhMi5kZXNpZ25wYXJ0bmVyLmZyL2MvcC8yMDQ3NS8yMDQ3NS0xNzU4OS0xLndlYnA?v=1759308594","https:\/\/media.th4.com\/FU6m94v0-4o2Q20E4v5Mk05iPg40YqfksMr6Nnta7oc\/pr:1000x1000\/aHR0cDovL21lZGlhMi5kZXNpZ25wYXJ0bmVyLmZyL2MvcC8yMDQ3NS8yMDQ3NS0xNzU4OS0xMC53ZWJw?v=1759308595","https:\/\/media.th4.com\/1VNonIbtRZUhyvCoKb9KnoQ76PB91b7kdIJiX9bYr4I\/pr:1000x1000\/aHR0cDovL21lZGlhMi5kZXNpZ25wYXJ0bmVyLmZyL2MvcC8yMDQ3NS8yMDQ3NS0xNzU4OS0xMS53ZWJw?v=1759308596"],"large":["https:\/\/media.th4.com\/BrxJeFazSCbO54PLnzM_Q8jyw5Q1B4Gk6Gljc6wcufQ\/pr:1920\/aHR0cDovL21lZGlhMi5kZXNpZ25wYXJ0bmVyLmZyL2MvcC8yMDQ3NS8yMDQ3NS0xNzU4OS0xLndlYnA?v=1759308594","https:\/\/media.th4.com\/iHuVM-cElM1VXcZ0otG1OXBQ5qpn3jVKYS6WONY8N0c\/pr:1920\/aHR0cDovL21lZGlhMi5kZXNpZ25wYXJ0bmVyLmZyL2MvcC8yMDQ3NS8yMDQ3NS0xNzU4OS0xMC53ZWJw?v=1759308595","https:\/\/media.th4.com\/Q4Ss8dpwccIeUr7ysaqUcp3xhaOyB3Q5phGF-O-0Fpo\/pr:1920\/aHR0cDovL21lZGlhMi5kZXNpZ25wYXJ0bmVyLmZyL2MvcC8yMDQ3NS8yMDQ3NS0xNzU4OS0xMS53ZWJw?v=1759308596"],"opengraph":["https:\/\/media.th4.com\/w5_P6u2sfcrH7aPvJi6GNDzG3E5jJp707tLxYWsaODc\/pr:1200x630\/aHR0cDovL21lZGlhMi5kZXNpZ25wYXJ0bmVyLmZyL2MvcC8yMDQ3NS8yMDQ3NS0xNzU4OS0xLndlYnA?v=1759308594","https:\/\/media.th4.com\/mzsl8Z36eRjU9AF6cirIY5BUHxBKWS8yyB_UXodEx2E\/pr:1200x630\/aHR0cDovL21lZGlhMi5kZXNpZ25wYXJ0bmVyLmZyL2MvcC8yMDQ3NS8yMDQ3NS0xNzU4OS0xMC53ZWJw?v=1759308595","https:\/\/media.th4.com\/EN2wXPYBK3g6lJ6VUiTrf1jBPHlV7gO6e632cwdSuR0\/pr:1200x630\/aHR0cDovL21lZGlhMi5kZXNpZ25wYXJ0bmVyLmZyL2MvcC8yMDQ3NS8yMDQ3NS0xNzU4OS0xMS53ZWJw?v=1759308596"]},"images_customization":{"miniature":["https:\/\/media.th4.com\/qACSOvlPxo51-fUHFN9uWMcBi1_jr9bRbKhT8n6reTI\/pr:80\/aHR0cDovL21lZGlhMi5kZXNpZ25wYXJ0bmVyLmZyL2MvcC8yMDQ3NS8yMDQ3NS0xNzU4OS0xLndlYnA?v=1759308594","https:\/\/media.th4.com\/fWZjrOaKkk2xvlNMMKd0SUS2qJ6Q0TCZU6iKSysVy94\/pr:80\/aHR0cDovL21lZGlhMi5kZXNpZ25wYXJ0bmVyLmZyL2MvcC8yMDQ3NS8yMDQ3NS0xNzU4OS0xMC53ZWJw?v=1759308595","https:\/\/media.th4.com\/TDJIbkQ-AmFDIybOHfDjYn3daFkI2KzqgRvK5vzmYBk\/pr:80\/aHR0cDovL21lZGlhMi5kZXNpZ25wYXJ0bmVyLmZyL2MvcC8yMDQ3NS8yMDQ3NS0xNzU4OS0xMS53ZWJw?v=1759308596"],"medium":["https:\/\/media.th4.com\/Xrr4pPskmWWzPPU7JDFIb1-apNOQmAga_EDbhXMRiZ0\/pr:550x550\/aHR0cDovL21lZGlhMi5kZXNpZ25wYXJ0bmVyLmZyL2MvcC8yMDQ3NS8yMDQ3NS0xNzU4OS0xLndlYnA?v=1759308594","https:\/\/media.th4.com\/ZdxIowD7BZIIAEdq0tdFCM7N74kSNrHxzEnfmDYAokg\/pr:550x550\/aHR0cDovL21lZGlhMi5kZXNpZ25wYXJ0bmVyLmZyL2MvcC8yMDQ3NS8yMDQ3NS0xNzU4OS0xMC53ZWJw?v=1759308595","https:\/\/media.th4.com\/D77Ihp7iMl6AVPsNvfCV0B7nF2pRgHPov2z5ZF0YuJk\/pr:550x550\/aHR0cDovL21lZGlhMi5kZXNpZ25wYXJ0bmVyLmZyL2MvcC8yMDQ3NS8yMDQ3NS0xNzU4OS0xMS53ZWJw?v=1759308596"],"medium_large":["https:\/\/media.th4.com\/EosGb6C15BU2M9tHvLhkCDI1zXlRHiCFsZIOv7lIwZg\/pr:1000x1000\/aHR0cDovL21lZGlhMi5kZXNpZ25wYXJ0bmVyLmZyL2MvcC8yMDQ3NS8yMDQ3NS0xNzU4OS0xLndlYnA?v=1759308594","https:\/\/media.th4.com\/FU6m94v0-4o2Q20E4v5Mk05iPg40YqfksMr6Nnta7oc\/pr:1000x1000\/aHR0cDovL21lZGlhMi5kZXNpZ25wYXJ0bmVyLmZyL2MvcC8yMDQ3NS8yMDQ3NS0xNzU4OS0xMC53ZWJw?v=1759308595","https:\/\/media.th4.com\/1VNonIbtRZUhyvCoKb9KnoQ76PB91b7kdIJiX9bYr4I\/pr:1000x1000\/aHR0cDovL21lZGlhMi5kZXNpZ25wYXJ0bmVyLmZyL2MvcC8yMDQ3NS8yMDQ3NS0xNzU4OS0xMS53ZWJw?v=1759308596"],"large":["https:\/\/media.th4.com\/BrxJeFazSCbO54PLnzM_Q8jyw5Q1B4Gk6Gljc6wcufQ\/pr:1920\/aHR0cDovL21lZGlhMi5kZXNpZ25wYXJ0bmVyLmZyL2MvcC8yMDQ3NS8yMDQ3NS0xNzU4OS0xLndlYnA?v=1759308594","https:\/\/media.th4.com\/iHuVM-cElM1VXcZ0otG1OXBQ5qpn3jVKYS6WONY8N0c\/pr:1920\/aHR0cDovL21lZGlhMi5kZXNpZ25wYXJ0bmVyLmZyL2MvcC8yMDQ3NS8yMDQ3NS0xNzU4OS0xMC53ZWJw?v=1759308595","https:\/\/media.th4.com\/Q4Ss8dpwccIeUr7ysaqUcp3xhaOyB3Q5phGF-O-0Fpo\/pr:1920\/aHR0cDovL21lZGlhMi5kZXNpZ25wYXJ0bmVyLmZyL2MvcC8yMDQ3NS8yMDQ3NS0xNzU4OS0xMS53ZWJw?v=1759308596"],"opengraph":["https:\/\/media.th4.com\/w5_P6u2sfcrH7aPvJi6GNDzG3E5jJp707tLxYWsaODc\/pr:1200x630\/aHR0cDovL21lZGlhMi5kZXNpZ25wYXJ0bmVyLmZyL2MvcC8yMDQ3NS8yMDQ3NS0xNzU4OS0xLndlYnA?v=1759308594","https:\/\/media.th4.com\/mzsl8Z36eRjU9AF6cirIY5BUHxBKWS8yyB_UXodEx2E\/pr:1200x630\/aHR0cDovL21lZGlhMi5kZXNpZ25wYXJ0bmVyLmZyL2MvcC8yMDQ3NS8yMDQ3NS0xNzU4OS0xMC53ZWJw?v=1759308595","https:\/\/media.th4.com\/EN2wXPYBK3g6lJ6VUiTrf1jBPHlV7gO6e632cwdSuR0\/pr:1200x630\/aHR0cDovL21lZGlhMi5kZXNpZ25wYXJ0bmVyLmZyL2MvcC8yMDQ3NS8yMDQ3NS0xNzU4OS0xMS53ZWJw?v=1759308596"]},"country_origin":"CN","traceability":{"manufacturing_country_id":null,"weaving_country_id":null,"dyeing_country_id":null},"sizes":[{"id":42,"article_id":513723,"class_id":19,"name":"taille_unique","on_standby":false,"stock_local":0,"stock_global":496,"multiple":1,"estimated_date_reassort":null,"is_destocking":false}],"page_links":{"fr":"\/fr\/p-st-gr1670-zuma-bob-gr1670-20475\/rouge-17589\/","en":"\/en\/p-st-gr1670-zuma-bob-gr1670-20475\/rouge-17589\/","de":"\/de\/p-st-gr1670-zuma-bob-gr1670-20475\/rouge-17589\/","nl":"\/nl\/p-st-gr1670-zuma-bob-gr1670-20475\/rouge-17589\/","es":"\/es\/p-st-gr1670-zuma-bob-gr1670-20475\/rouge-17589\/","it":"\/it\/p-st-gr1670-zuma-bob-gr1670-20475\/rouge-17589\/","sv":"\/sv\/p-st-gr1670-zuma-bob-gr1670-20475\/rouge-17589\/","pt":"\/pt\/p-st-gr1670-zuma-bob-gr1670-20475\/rouge-17589\/","da":"\/da\/p-st-gr1670-zuma-bob-gr1670-20475\/rouge-17589\/","pl":"\/pl\/p-st-gr1670-zuma-bob-gr1670-20475\/rouge-17589\/"},"page_links_customization":{"fr":"\/fr\/p-st-gr1670-zuma-bob-enfant-gr1670-personnalisable-20475\/rouge-17589\/custom\/","en":"\/en\/p-st-gr1670-zuma-childs-bob-gr1670-customizable-20475\/rouge-17589\/custom\/","de":"\/de\/p-st-gr1670-zuma-kinder-bob-gr1670-anpassbar-20475\/rouge-17589\/custom\/","nl":"\/nl\/p-st-gr1670-zuma-kinder-bob-gr1670-aanpasbaar-20475\/rouge-17589\/custom\/","es":"\/es\/p-st-gr1670-zuma-bob-infantil-gr1670-personalizable-20475\/rouge-17589\/custom\/","it":"\/it\/p-st-gr1670-zuma-cappello-a-secchiello-per-bambini-gr1670-personalizzabile-20475\/rouge-17589\/custom\/","sv":"\/sv\/p-st-gr1670-zuma-barnets-bob-gr1670-anpassningsbar-20475\/rouge-17589\/custom\/","pt":"\/pt\/p-st-gr1670-zuma-chapeu-infantil-gr1670-personalizavel-20475\/rouge-17589\/custom\/","da":"\/da\/p-st-gr1670-zuma-bornebob-gr1670-tilpasselig-20475\/rouge-17589\/custom\/","pl":"\/pl\/p-st-gr1670-zuma-dzieciecy-kapelusz-gr1670-z-opcja-personalizacji-20475\/rouge-17589\/custom\/"}},{"id":24698,"name":"jaune_or","class_ids":[12],"codes_hexa":["EDD85F"],"delai_24":false,"has_3d":false,"seuil_global":0,"stock_local":0,"stock_global":496,"on_standby":false,"in_catalog":true,"images":{"miniature":["https:\/\/media.th4.com\/YK-EBgycJaXpI4sGvfZUKaD2nAIFPzHNnwmWsyN9QI8\/pr:80\/aHR0cDovL21lZGlhMi5kZXNpZ25wYXJ0bmVyLmZyL2MvcC8yMDQ3NS8yMDQ3NS0yNDY5OC0xLndlYnA?v=1759308593"],"medium":["https:\/\/media.th4.com\/c-sMke5BaMayNxpNhIjAh_DCQ3iwAqdK3j1PJjWLw_Q\/pr:550x550\/aHR0cDovL21lZGlhMi5kZXNpZ25wYXJ0bmVyLmZyL2MvcC8yMDQ3NS8yMDQ3NS0yNDY5OC0xLndlYnA?v=1759308593"],"medium_large":["https:\/\/media.th4.com\/PIQvNqISUqzb38eOLSBBBRCePWwwMugeyvP5hDPyXH8\/pr:1000x1000\/aHR0cDovL21lZGlhMi5kZXNpZ25wYXJ0bmVyLmZyL2MvcC8yMDQ3NS8yMDQ3NS0yNDY5OC0xLndlYnA?v=1759308593"],"large":["https:\/\/media.th4.com\/U6QCJt6uMJZUNUVGkyjbOjTsgbY-vdmsqzMFVIOPIqE\/pr:1920\/aHR0cDovL21lZGlhMi5kZXNpZ25wYXJ0bmVyLmZyL2MvcC8yMDQ3NS8yMDQ3NS0yNDY5OC0xLndlYnA?v=1759308593"],"opengraph":["https:\/\/media.th4.com\/fbFHvAZWbnplkqbSmQ8OrlOa2xrCPZxQl2t0j1JWX6I\/pr:1200x630\/aHR0cDovL21lZGlhMi5kZXNpZ25wYXJ0bmVyLmZyL2MvcC8yMDQ3NS8yMDQ3NS0yNDY5OC0xLndlYnA?v=1759308593"]},"images_customization":{"miniature":["https:\/\/media.th4.com\/YK-EBgycJaXpI4sGvfZUKaD2nAIFPzHNnwmWsyN9QI8\/pr:80\/aHR0cDovL21lZGlhMi5kZXNpZ25wYXJ0bmVyLmZyL2MvcC8yMDQ3NS8yMDQ3NS0yNDY5OC0xLndlYnA?v=1759308593"],"medium":["https:\/\/media.th4.com\/c-sMke5BaMayNxpNhIjAh_DCQ3iwAqdK3j1PJjWLw_Q\/pr:550x550\/aHR0cDovL21lZGlhMi5kZXNpZ25wYXJ0bmVyLmZyL2MvcC8yMDQ3NS8yMDQ3NS0yNDY5OC0xLndlYnA?v=1759308593"],"medium_large":["https:\/\/media.th4.com\/PIQvNqISUqzb38eOLSBBBRCePWwwMugeyvP5hDPyXH8\/pr:1000x1000\/aHR0cDovL21lZGlhMi5kZXNpZ25wYXJ0bmVyLmZyL2MvcC8yMDQ3NS8yMDQ3NS0yNDY5OC0xLndlYnA?v=1759308593"],"large":["https:\/\/media.th4.com\/U6QCJt6uMJZUNUVGkyjbOjTsgbY-vdmsqzMFVIOPIqE\/pr:1920\/aHR0cDovL21lZGlhMi5kZXNpZ25wYXJ0bmVyLmZyL2MvcC8yMDQ3NS8yMDQ3NS0yNDY5OC0xLndlYnA?v=1759308593"],"opengraph":["https:\/\/media.th4.com\/fbFHvAZWbnplkqbSmQ8OrlOa2xrCPZxQl2t0j1JWX6I\/pr:1200x630\/aHR0cDovL21lZGlhMi5kZXNpZ25wYXJ0bmVyLmZyL2MvcC8yMDQ3NS8yMDQ3NS0yNDY5OC0xLndlYnA?v=1759308593"]},"country_origin":"CN","traceability":{"manufacturing_country_id":null,"weaving_country_id":null,"dyeing_country_id":null},"sizes":[{"id":42,"article_id":513724,"class_id":19,"name":"taille_unique","on_standby":false,"stock_local":0,"stock_global":496,"multiple":1,"estimated_date_reassort":null,"is_destocking":false}],"page_links":{"fr":"\/fr\/p-st-gr1670-zuma-bob-gr1670-20475\/jaune-or-24698\/","en":"\/en\/p-st-gr1670-zuma-bob-gr1670-20475\/jaune-or-24698\/","de":"\/de\/p-st-gr1670-zuma-bob-gr1670-20475\/jaune-or-24698\/","nl":"\/nl\/p-st-gr1670-zuma-bob-gr1670-20475\/jaune-or-24698\/","es":"\/es\/p-st-gr1670-zuma-bob-gr1670-20475\/jaune-or-24698\/","it":"\/it\/p-st-gr1670-zuma-bob-gr1670-20475\/jaune-or-24698\/","sv":"\/sv\/p-st-gr1670-zuma-bob-gr1670-20475\/jaune-or-24698\/","pt":"\/pt\/p-st-gr1670-zuma-bob-gr1670-20475\/jaune-or-24698\/","da":"\/da\/p-st-gr1670-zuma-bob-gr1670-20475\/jaune-or-24698\/","pl":"\/pl\/p-st-gr1670-zuma-bob-gr1670-20475\/jaune-or-24698\/"},"page_links_customization":{"fr":"\/fr\/p-st-gr1670-zuma-bob-enfant-gr1670-personnalisable-20475\/jaune-or-24698\/custom\/","en":"\/en\/p-st-gr1670-zuma-childs-bob-gr1670-customizable-20475\/jaune-or-24698\/custom\/","de":"\/de\/p-st-gr1670-zuma-kinder-bob-gr1670-anpassbar-20475\/jaune-or-24698\/custom\/","nl":"\/nl\/p-st-gr1670-zuma-kinder-bob-gr1670-aanpasbaar-20475\/jaune-or-24698\/custom\/","es":"\/es\/p-st-gr1670-zuma-bob-infantil-gr1670-personalizable-20475\/jaune-or-24698\/custom\/","it":"\/it\/p-st-gr1670-zuma-cappello-a-secchiello-per-bambini-gr1670-personalizzabile-20475\/jaune-or-24698\/custom\/","sv":"\/sv\/p-st-gr1670-zuma-barnets-bob-gr1670-anpassningsbar-20475\/jaune-or-24698\/custom\/","pt":"\/pt\/p-st-gr1670-zuma-chapeu-infantil-gr1670-personalizavel-20475\/jaune-or-24698\/custom\/","da":"\/da\/p-st-gr1670-zuma-bornebob-gr1670-tilpasselig-20475\/jaune-or-24698\/custom\/","pl":"\/pl\/p-st-gr1670-zuma-dzieciecy-kapelusz-gr1670-z-opcja-personalizacji-20475\/jaune-or-24698\/custom\/"}}],"documentation_link":"\/pdf\/20475.pdf","countries_availables":["AD","AE","AL","AT","BA","BD","BE","BG","BL","CA","CH","CN","CO","CY","CZ","DE","DK","DO","EE","EG","ES","ET","FI","FR","GB","GE","GF","GP","GR","GT","HK","HN","HR","HT","HU","ID","IE","IN","IS","IT","JO","JP","KE","KH","KP","KR","LA","LK","LS","LT","LU","LV","MA","MF","MG","MK","MM","MN","MQ","MT","MX","MY","NC","NI","NL","PF","PH","PK","PL","PM","PT","RE","RO","SE","SG","SI","SK","SV","SY","TH","TN","TR","TW","TZ","US","VN","WF","YT"]},"infos_customization":[],"features":{"authorize_multi_surfaces":true,"display_order_delay_type":true,"promote_surface_display":true,"tarification_franco_offert":true,"enabled_3d_editor":false},"markings":[{"id":0,"nom":"vierge","finition":null,"libelle":null,"code":null,"dpi":null,"finesse_forme_isolee":null,"finesse_forme_non_isolee":null,"hauteur_minimale_texte":null,"inactif":0,"marquage_interne":1,"quantite_min":null,"parent_id":null,"print_on_support":0,"content":"vierge","description":null},{"id":2,"nom":"fonce","finition":"optimale","libelle":"TopQuadri","code":null,"dpi":400,"finesse_forme_isolee":"0.040","finesse_forme_non_isolee":"0.700","hauteur_minimale_texte":2,"inactif":0,"marquage_interne":1,"quantite_min":null,"parent_id":18,"print_on_support":0,"content":"TopQuadri","description":"pour petites et moyennes s\u00e9ries"},{"id":3,"nom":"serigraphie","finition":"serigraphie","libelle":"SeriCoat","code":null,"dpi":400,"finesse_forme_isolee":"0.040","finesse_forme_non_isolee":"0.700","hauteur_minimale_texte":2,"inactif":0,"marquage_interne":1,"quantite_min":15,"parent_id":18,"print_on_support":0,"content":"SeriCoat","description":"pour moyennes et grandes s\u00e9ries"},{"id":4,"nom":"broderie","finition":"broderie","libelle":"Broderie","code":null,"dpi":400,"finesse_forme_isolee":"0.040","finesse_forme_non_isolee":"0.700","hauteur_minimale_texte":3,"inactif":0,"marquage_interne":1,"quantite_min":null,"parent_id":null,"print_on_support":0,"content":"Broderie","description":null},{"id":8,"nom":"theme","finition":null,"libelle":"Th\u00e8me","code":null,"dpi":null,"finesse_forme_isolee":null,"finesse_forme_non_isolee":null,"hauteur_minimale_texte":null,"inactif":0,"marquage_interne":1,"quantite_min":null,"parent_id":null,"print_on_support":0,"content":"Th\u00e8me","description":null},{"id":9,"nom":"sans","finition":null,"libelle":null,"code":null,"dpi":null,"finesse_forme_isolee":null,"finesse_forme_non_isolee":null,"hauteur_minimale_texte":null,"inactif":0,"marquage_interne":1,"quantite_min":null,"parent_id":null,"print_on_support":0,"content":"sans","description":null},{"id":10,"nom":"photo","finition":null,"libelle":"Photo","code":null,"dpi":null,"finesse_forme_isolee":null,"finesse_forme_non_isolee":null,"hauteur_minimale_texte":null,"inactif":0,"marquage_interne":1,"quantite_min":null,"parent_id":null,"print_on_support":0,"content":"Photo","description":null},{"id":14,"nom":"couleur","finition":null,"libelle":"Couleur","code":null,"dpi":null,"finesse_forme_isolee":null,"finesse_forme_non_isolee":null,"hauteur_minimale_texte":null,"inactif":0,"marquage_interne":1,"quantite_min":null,"parent_id":null,"print_on_support":0,"content":"Couleur","description":null},{"id":15,"nom":"sublimation","finition":"sublimation","libelle":"Sublimation","code":null,"dpi":null,"finesse_forme_isolee":"0.000","finesse_forme_non_isolee":"0.000","hauteur_minimale_texte":2,"inactif":0,"marquage_interne":1,"quantite_min":null,"parent_id":null,"print_on_support":0,"content":"Sublimation","description":null},{"id":16,"nom":"topquadri_uv","finition":null,"libelle":"TopQuadri UV","code":null,"dpi":null,"finesse_forme_isolee":"0.020","finesse_forme_non_isolee":"0.700","hauteur_minimale_texte":2,"inactif":0,"marquage_interne":1,"quantite_min":null,"parent_id":null,"print_on_support":1,"content":null,"description":null},{"id":17,"nom":"topquadri_uvp","finition":null,"libelle":"TopQuadri UVP","code":null,"dpi":null,"finesse_forme_isolee":"0.020","finesse_forme_non_isolee":"0.700","hauteur_minimale_texte":2,"inactif":0,"marquage_interne":1,"quantite_min":null,"parent_id":null,"print_on_support":1,"content":null,"description":null},{"id":18,"nom":"quadri","finition":null,"libelle":"Impression","code":null,"dpi":null,"finesse_forme_isolee":null,"finesse_forme_non_isolee":null,"hauteur_minimale_texte":null,"inactif":0,"marquage_interne":1,"quantite_min":null,"parent_id":null,"print_on_support":0,"content":null,"description":null}]}}