{"data":{"product":{"id":20456,"titre":"DEXTER","description":"\u00c9tui rembourr\u00e9 pour ordinateur portable 13 '' en mousse haute densit\u00e9. Dimensions : 34 x 24 x 3 cm.","genre":"","grammage":0,"conditionnement":25,"composition":"","reference":"FU7567","reference_visible":"st-fu7567","reference_fabricant":"FU7567","ref_xor":"727469","in_catalog":true,"is_transfer":false,"is_service":false,"on_standby":false,"has_3d":false,"has_size_guide":false,"has_marking":true,"has_vierge":true,"is_cross_sellable":false,"id_picto":39,"filename_3d":null,"brand":{"id":352,"name":"Stamina","logo":"logo-stamina.png","image":"https:\/\/media.th4.com\/XtszMrhN4PSlQT4v0dBJBG2A1qMsj6Ced58O9G8vaL8\/pr:brand70x70\/aHR0cDovL21lZGlhMi5kZXNpZ25wYXJ0bmVyLmZyL2MvbS9sb2dvLXN0YW1pbmEucG5n?v=1691073931"},"price_infos":{"price_from":3.56,"quantity":100,"color":{"id":17584,"name":"noir"},"size":{"id":42,"name":"taille_unique"}},"price_infos_marking":{"price_from":5.21,"quantity":350,"color":{"id":17584,"name":"noir"},"size":{"id":42,"name":"taille_unique"},"marking":{"id":2,"name":""},"emplacement":"avant","surface_emplacement_id":6596,"surface":"Position centrale"},"i18n":{"blank":{"title":{"fr":"Dexter pochette ordinateur 13 STAMINA fu7567","en":"Dexter 13 laptop sleeve STAMINA fu7567","de":"Dexter gepolsterte Laptoph\u00fclle 13 STAMINA fu7567","nl":"Dexter laptophoes 13 inch STAMINA fu7567","es":"Dexter funda para port\u00e1til 13 STAMINA fu7567","it":"Dexter custodia per computer 13 STAMINA fu7567","sv":"Dexter vadderat laptopfodral 13 STAMINA fu7567","pt":"Dexter bolsa para computador 13 STAMINA fu7567","da":"Dexter laptop-etui 13 STAMINA fu7567","pl":"Dexter etui na laptop 13 STAMINA fu7567"},"description":{"fr":"Le Dexter \u00e9tui rembourr\u00e9 pour ordinateur portable 13 pouces int\u00e8gre une mousse haute densit\u00e9 et un format adapt\u00e9 au transport et au rangement. Dimensions : 34 x 24 x 3 cm.\n\n- Composition : mousse haute densit\u00e9\n- Format : ordinateur portable 13 pouces\n- Dimensions : 34 x 24 x 3 cm\n- Type : \u00e9tui rembourr\u00e9","en":"The Dexter padded sleeve for a 13-inch laptop includes high-density foam and a format suitable for transport and storage. Dimensions: 34 x 24 x 3 cm.\n\n- Composition: high-density foam\n- Format: 13-inch laptop\n- Dimensions: 34 x 24 x 3 cm\n- Type: padded sleeve","de":"Die gepolsterte Dexter H\u00fclle f\u00fcr 13-Zoll-Laptop verf\u00fcgt \u00fcber hochdichten Schaumstoff und ein Format, das f\u00fcr Transport und Aufbewahrung geeignet ist. Ma\u00dfe: 34 x 24 x 3 cm.\n\n- Material: hochdichter Schaumstoff\n- Format: 13-Zoll-Laptop\n- Ma\u00dfe: 34 x 24 x 3 cm\n- Typ: gepolsterte H\u00fclle","nl":"De gewatteerde Dexter-hoes voor een laptop van 13 inch bevat schuim met hoge dichtheid en een formaat dat geschikt is voor vervoer en opbergen. Afmetingen: 34 x 24 x 3 cm.\n\n- Samenstelling: schuim met hoge dichtheid\n- Formaat: laptop van 13 inch\n- Afmetingen: 34 x 24 x 3 cm\n- Type: gewatteerde hoes","es":"La funda acolchada Dexter para port\u00e1til de 13 pulgadas integra una espuma de alta densidad y un formato adaptado al transporte y al almacenamiento. Dimensiones: 34 x 24 x 3 cm.\n\n- Composici\u00f3n: espuma de alta densidad\n- Formato: port\u00e1til de 13 pulgadas\n- Dimensiones: 34 x 24 x 3 cm\n- Tipo: funda acolchada","it":"La custodia imbottita Dexter per laptop da 13 pollici integra una schiuma ad alta densita e un formato adatto al trasporto e allo stoccaggio. Dimensioni: 34 x 24 x 3 cm.\n\n- Composizione: schiuma ad alta densita\n- Formato: laptop da 13 pollici\n- Dimensioni: 34 x 24 x 3 cm\n- Tipo: custodia imbottita","sv":"Det vadderade Dexter-fodralet f\u00f6r b\u00e4rbar dator 13 tum har skum med h\u00f6g densitet och ett format anpassat f\u00f6r transport och f\u00f6rvaring. M\u00e5tt: 34 x 24 x 3 cm.\n\n- Material: skum med h\u00f6g densitet\n- Format: b\u00e4rbar dator 13 tum\n- M\u00e5tt: 34 x 24 x 3 cm\n- Typ: vadderat fodral","pt":"A capa acolchoada Dexter para computador port\u00e1til de 13 polegadas integra uma espuma de alta densidade e um formato adequado ao transporte e ao armazenamento. Dimens\u00f5es: 34 x 24 x 3 cm.\n\n- Composi\u00e7\u00e3o: espuma de alta densidade\n- Formato: computador port\u00e1til de 13 polegadas\n- Dimens\u00f5es: 34 x 24 x 3 cm\n- Tipo: capa acolchoada","da":"Det polstrede Dexter etui til 13-tommer b\u00e6rbar computer har skum med h\u00f8j densitet og et format, der passer til transport og opbevaring. M\u00e5l: 34 x 24 x 3 cm.\n\n- Sammens\u00e6tning: skum med h\u00f8j densitet\n- Format: 13-tommer b\u00e6rbar computer\n- M\u00e5l: 34 x 24 x 3 cm\n- Type: polstret etui","pl":"Pikowane etui Dexter na laptop 13 cali zawiera pianke o wysokiej gestosci oraz format dostosowany do transportu i przechowywania. Wymiary: 34 x 24 x 3 cm.\n\n- Sklad: pianka o wysokiej gestosci\n- Format: laptop 13 cali\n- Wymiary: 34 x 24 x 3 cm\n- Typ: pikowane etui"},"h1":{"fr":"Dexter pochette ordinateur 13 fu7567","en":"Dexter 13 laptop sleeve fu7567","de":"Dexter gepolsterte Laptoph\u00fclle 13 fu7567","nl":"Dexter laptophoes 13 inch fu7567","es":"Dexter funda para port\u00e1til 13 fu7567","it":"Dexter custodia per computer 13 fu7567","sv":"Dexter vadderat laptopfodral 13 fu7567","pt":"Dexter bolsa para computador 13 fu7567","da":"Dexter laptop-etui 13 fu7567","pl":"Dexter etui na laptop 13 fu7567"},"meta_description":{"fr":"\u00c9tui rembourr\u00e9 Dexter pour ordinateur portable 13 pouces, avec mousse haute densit\u00e9. Dimensions 34 x 24 x 3 cm pour un transport quotidien.","en":"Padded Dexter sleeve for a 13-inch laptop, with high-density foam. Dimensions 34 x 24 x 3 cm for everyday carrying.","de":"Gepolsterte Dexter H\u00fclle f\u00fcr 13-Zoll-Laptop, mit hochdichtem Schaumstoff. Ma\u00dfe 34 x 24 x 3 cm f\u00fcr den t\u00e4glichen Transport.","nl":"Gewatteerde Dexter-hoes voor laptop van 13 inch, met schuim met hoge dichtheid. Afmetingen 34 x 24 x 3 cm voor dagelijks vervoer.","es":"Funda acolchada Dexter para port\u00e1til de 13 pulgadas, con espuma de alta densidad. Dimensiones 34 x 24 x 3 cm para el transporte diario.","it":"Custodia imbottita Dexter per laptop da 13 pollici, con schiuma ad alta densita. Dimensioni 34 x 24 x 3 cm per il trasporto quotidiano.","sv":"Vadderat Dexter-fodral f\u00f6r b\u00e4rbar dator 13 tum, med skum med h\u00f6g densitet. M\u00e5tt 34 x 24 x 3 cm f\u00f6r daglig transport.","pt":"Capa acolchoada Dexter para computador port\u00e1til de 13 polegadas, com espuma de alta densidade. Dimens\u00f5es 34 x 24 x 3 cm para transporte di\u00e1rio.","da":"Polstret Dexter etui til 13-tommer b\u00e6rbar computer med skum med h\u00f8j densitet. M\u00e5l 34 x 24 x 3 cm til daglig transport.","pl":"Pikowane etui Dexter na laptop 13 cali, z pianka o wysokiej gestosci. Wymiary 34 x 24 x 3 cm do codziennego transportu."}},"custom":{"title":{"fr":"DEXTER Pochette ordinateur STAMINA fu7567 personnalisable","en":"DEXTER Laptop Sleeve STAMINA fu7567 customizable","de":"DEXTER Laptop-Tasche STAMINA fu7567 anpassbar","nl":"DEXTER Laptophoes STAMINA fu7567 aanpasbaar","es":"DEXTER Funda para ordenador STAMINA fu7567 personalizable","it":"DEXTER Sleeve per computer portatile STAMINA fu7567 personalizzabile","sv":"DEXTER Laptopfodral STAMINA fu7567 anpassningsbar","pt":"DEXTER Capa para computador STAMINA fu7567 personaliz\u00e1vel","da":"DEXTER Laptop sleeve STAMINA fu7567 customizable","pl":"DEXTER 13-calowa wy\u015bci\u00f3\u0142ka na laptopa STAMINA fu7567 do personalizacji"},"description":{"fr":"La pochette ordinateur DEXTER est con\u00e7ue pour accueillir un ordinateur portable de 13 pouces. Elle est \u00e9quip\u00e9e d'une mousse haute densit\u00e9 assurant un rembourrage adapt\u00e9. La composition principale est en mousse haute densit\u00e9.\n\n- Composition : mousse haute densit\u00e9\n- Dimensions : 34 x 24 x 3 cm\n- Convient pour ordinateur 13 pouces\n- Possibilit\u00e9 de personnalisation","en":"The DEXTER laptop sleeve is designed to accommodate a 13 inch laptop. It is equipped with high density foam providing appropriate padding. The main material is high density foam.\n\n- Material: high density foam\n- Dimensions: 34 x 24 x 3 cm\n- Fits 13 inch laptop\n- Customization available","de":"Die Laptop-Tasche DEXTER ist f\u00fcr einen 13-Zoll-Laptop ausgelegt. Sie ist mit hochdichtem Schaumstoff gepolstert, der einen passenden Schutz bietet. Die Hauptkomponente ist hochdichter Schaumstoff.\n\n- Zusammensetzung: hochdichter Schaumstoff\n- Ma\u00dfe: 34 x 24 x 3 cm\n- Geeignet f\u00fcr 13-Zoll-Laptops\n- Anpassungsm\u00f6glichkeit","nl":"De laptophoes DEXTER is ontworpen voor een 13 inch laptop. Voorzien van hoogwaardig schuim dat geschikte demping biedt. Hoofdmateriaal is hoogwaardig schuim.\n\n- Materiaal: hoogwaardig schuim\n- Afmetingen: 34 x 24 x 3 cm\n- Geschikt voor 13 inch laptop\n- Mogelijkheid tot aanpassing","es":"La funda para ordenador DEXTER est\u00e1 dise\u00f1ada para alojar un ordenador port\u00e1til de 13 pulgadas. Est\u00e1 equipada con espuma de alta densidad que proporciona un acolchado adecuado. La composici\u00f3n principal es espuma de alta densidad.\n\n- Composici\u00f3n : espuma de alta densidad\n- Dimensiones : 34 x 24 x 3 cm\n- Compatible con ordenador de 13 pulgadas\n- Posibilidad de personalizaci\u00f3n","it":"La sleeve per computer portatile DEXTER \u00e8 progettata per ospitare un computer portatile da 13 pollici. \u00c8 dotata di schiuma ad alta densit\u00e0 che garantisce un'imbottitura adeguata. La composizione principale \u00e8 in schiuma ad alta densit\u00e0.\n\n- Composizione: schiuma ad alta densit\u00e0\n- Dimensioni: 34 x 24 x 3 cm\n- Adatta per computer 13 pollici\n- Possibilit\u00e0 di personalizzazione","sv":"DEXTER laptopfodral \u00e4r utformat f\u00f6r att rymma en 13-tums b\u00e4rbar dator. Det \u00e4r utrustat med h\u00f6gdensitetsskum som ger l\u00e4mplig vaddering. Huvudsaklig sammans\u00e4ttning \u00e4r h\u00f6gdensitetsskum.\n\n- Sammans\u00e4ttning: h\u00f6gdensitetsskum\n- M\u00e5tt: 34 x 24 x 3 cm\n- Passar 13-tums dator\n- M\u00f6jlighet till anpassning","pt":"A capa para computador DEXTER \u00e9 projetada para acomodar um computador port\u00e1til de 13 polegadas. Est\u00e1 equipada com espuma de alta densidade garantindo acolchoamento adequado. A composi\u00e7\u00e3o principal \u00e9 espuma de alta densidade.\n\n- Composi\u00e7\u00e3o: espuma de alta densidade\n- Dimens\u00f5es: 34 x 24 x 3 cm\n- Adequada para computador de 13 polegadas\n- Possibilidade de personaliza\u00e7\u00e3o","da":"The DEXTER laptop sleeve is designed to hold a 13 inch laptop. It is equipped with high density foam ensuring suitable padding. The main material is high density foam.\n\n- Material: high density foam\n- Dimensions: 34 x 24 x 3 cm\n- Fits 13 inch laptop\n- Customization available","pl":"Wy\u015bci\u00f3\u0142ka na laptopa DEXTER jest przeznaczona do laptopa 13 cali. Wyposa\u017cona w piank\u0119 o wysokiej g\u0119sto\u015bci zapewniaj\u0105c\u0105 odpowiedni\u0105 ochron\u0119. G\u0142\u00f3wne tworzywo to pianka o wysokiej g\u0119sto\u015bci.\n\n- Sk\u0142ad: pianka o wysokiej g\u0119sto\u015bci\n- Wymiary: 34 x 24 x 3 cm\n- Przeznaczona na laptop 13 cali\n- Mo\u017cliwo\u015b\u0107 personalizacji"},"h1":{"fr":"DEXTER Pochette ordinateur fu7567 personnalisable","en":"DEXTER Laptop Sleeve fu7567 customizable","de":"DEXTER Laptop-Tasche fu7567 anpassbar","nl":"DEXTER Laptophoes fu7567 aanpasbaar","es":"DEXTER Funda para ordenador fu7567 personalizable","it":"DEXTER Sleeve per computer portatile fu7567 personalizzabile","sv":"DEXTER Laptopfodral fu7567 anpassningsbar","pt":"DEXTER Capa para computador fu7567 personaliz\u00e1vel","da":"DEXTER Laptop sleeve fu7567 customizable","pl":"DEXTER 13-calowa wy\u015bci\u00f3\u0142ka na laptopa fu7567 do personalizacji"},"meta_description":{"fr":"Pochette rembourr\u00e9e pour ordinateur portable 13 pouces avec mousse haute densit\u00e9, dimensions 34 x 24 x 3 cm, personnalisable selon besoins.","en":"Padded laptop sleeve for 13 inch laptop with high density foam, dimensions 34 x 24 x 3 cm, customizable according to needs.","de":"Gepolsterte Laptop-Tasche f\u00fcr 13-Zoll-Laptops mit hochdichtem Schaumstoff, Ma\u00dfe 34 x 24 x 3 cm, anpassbar nach Bedarf.","nl":"Gewatteerde hoes voor 13 inch laptop met hoogwaardig schuim, afmetingen 34 x 24 x 3 cm, aanpasbaar volgens behoeften.","es":"Funda acolchada para ordenador port\u00e1til de 13 pulgadas con espuma de alta densidad, dimensiones 34 x 24 x 3 cm, personalizable seg\u00fan necesidades.","it":"Sleeve imbottito per computer portatile 13 pollici con schiuma ad alta densit\u00e0, dimensioni 34 x 24 x 3 cm, personalizzabile secondo le esigenze.","sv":"Vadderat fodral f\u00f6r 13-tums b\u00e4rbar dator med h\u00f6gdensitetsskum, m\u00e5tt 34 x 24 x 3 cm, anpassningsbar efter behov.","pt":"Capa acolchoada para computador port\u00e1til de 13 polegadas com espuma de alta densidade, dimens\u00f5es 34 x 24 x 3 cm, personaliz\u00e1vel conforme necessidade.","da":"Padded laptop sleeve for 13 inch laptop with high density foam, dimensions 34 x 24 x 3 cm, customizable according to needs.","pl":"Wy\u015bci\u00f3\u0142ka na laptopa 13 cali z piank\u0105 o wysokiej g\u0119sto\u015bci, wymiary 34 x 24 x 3 cm, do personalizacji zgodnie z potrzebami."}}},"categories":[{"id":579,"name":"Pochettes pour ordinateurs","singular":"Pochette pour ordinateur","is_feminin":true},{"id":564,"name":"Business","singular":"Business","is_feminin":false},{"id":559,"name":"Univers","singular":"Univers","is_feminin":false},{"id":499,"name":"Bagagerie","singular":"Bagagerie","is_feminin":false},{"id":575,"name":"Sacs business","singular":"Sac business","is_feminin":false}],"certifications":[],"videos":{"fr":[],"en":[],"de":[],"nl":[],"es":[],"it":[],"sv":[],"pt":[],"da":[],"pl":[]},"main_images":{"miniature":"https:\/\/media.th4.com\/Gz1uVaOKTadFN1oIg2tMWkjXUcAJnqaX2718hs6B0Lg\/pr:80\/aHR0cDovL21lZGlhMi5kZXNpZ25wYXJ0bmVyLmZyL2MvcC1ibGFuay1USC8yMDQ1Ni53ZWJw?v=1759311418","medium":"https:\/\/media.th4.com\/CHra9fsUdNmTZdrO20dV5ZdI_YnLamAYxe3nQOP4gG4\/pr:550x550greybg\/aHR0cDovL21lZGlhMi5kZXNpZ25wYXJ0bmVyLmZyL2MvcC1ibGFuay1USC8yMDQ1Ni53ZWJw?v=1759311418","medium_large":"https:\/\/media.th4.com\/RJuFsT5vM8UZvknpm3uwUngwHT7F46AbHQHEGVw8nh8\/pr:1000x1000greybg\/aHR0cDovL21lZGlhMi5kZXNpZ25wYXJ0bmVyLmZyL2MvcC1ibGFuay1USC8yMDQ1Ni53ZWJw?v=1759311418","large":"https:\/\/media.th4.com\/myzGF3LTqJVk8zPucG3pqsJbSfb3MwOJCrRhcklCDFE\/pr:1920greybg\/aHR0cDovL21lZGlhMi5kZXNpZ25wYXJ0bmVyLmZyL2MvcC1ibGFuay1USC8yMDQ1Ni53ZWJw?v=1759311418","opengraph":"https:\/\/media.th4.com\/-oyfl6dVoLnKLnNByL4V3O0pY8NTy1YzsbTT4sMGjfo\/pr:1200x630greybg\/aHR0cDovL21lZGlhMi5kZXNpZ25wYXJ0bmVyLmZyL2MvcC1ibGFuay1USC8yMDQ1Ni53ZWJw?v=1759311418"},"main_images_customization":{"miniature":"https:\/\/media.th4.com\/2JLfYRy6LDMV1X6dmzdUosfHiPu4Yc7OUkTPH5HdXkM\/pr:80\/aHR0cDovL21lZGlhMi5kZXNpZ25wYXJ0bmVyLmZyL2MvcC1jdXN0b20tVEgvMjA0NTYud2VicA?v=1759311932","medium":"https:\/\/media.th4.com\/vHb03MQ22tDgrHhlswPOqUbkAf0qgNBlTTb3zjSCcNM\/pr:550x550greybg\/aHR0cDovL21lZGlhMi5kZXNpZ25wYXJ0bmVyLmZyL2MvcC1jdXN0b20tVEgvMjA0NTYud2VicA?v=1759311932","medium_large":"https:\/\/media.th4.com\/WtYxrpuAwP5IBUiCdrHVgeUSaw0ZApIJstZZ9Onbtpw\/pr:1000x1000greybg\/aHR0cDovL21lZGlhMi5kZXNpZ25wYXJ0bmVyLmZyL2MvcC1jdXN0b20tVEgvMjA0NTYud2VicA?v=1759311932","large":"https:\/\/media.th4.com\/giDmeZEG0t2xEGyRBtELYc-HWI1NkU6QiNMDWcv1nWc\/pr:1920greybg\/aHR0cDovL21lZGlhMi5kZXNpZ25wYXJ0bmVyLmZyL2MvcC1jdXN0b20tVEgvMjA0NTYud2VicA?v=1759311932","opengraph":"https:\/\/media.th4.com\/T2p4pTF7MriRgOsxSQABhV_wmaBrAiUBOtlWukSfyDk\/pr:1200x630greybg\/aHR0cDovL21lZGlhMi5kZXNpZ25wYXJ0bmVyLmZyL2MvcC1jdXN0b20tVEgvMjA0NTYud2VicA?v=1759311932"},"page_links":{"fr":"\/fr\/p-st-fu7567-dexter-pochette-ordinateur-13-fu7567-20456\/","en":"\/en\/p-st-fu7567-dexter-13-laptop-sleeve-fu7567-20456\/","de":"\/de\/p-st-fu7567-dexter-gepolsterte-laptophulle-13-fu7567-20456\/","nl":"\/nl\/p-st-fu7567-dexter-laptophoes-13-inch-fu7567-20456\/","es":"\/es\/p-st-fu7567-dexter-funda-para-portatil-13-fu7567-20456\/","it":"\/it\/p-st-fu7567-dexter-custodia-per-computer-13-fu7567-20456\/","sv":"\/sv\/p-st-fu7567-dexter-vadderat-laptopfodral-13-fu7567-20456\/","pt":"\/pt\/p-st-fu7567-dexter-bolsa-para-computador-13-fu7567-20456\/","da":"\/da\/p-st-fu7567-dexter-laptop-etui-13-fu7567-20456\/","pl":"\/pl\/p-st-fu7567-dexter-etui-na-laptop-13-fu7567-20456\/"},"page_links_customization":{"fr":"\/fr\/p-st-fu7567-dexter-pochette-ordinateur-fu7567-personnalisable-20456\/custom\/","en":"\/en\/p-st-fu7567-dexter-laptop-sleeve-fu7567-customizable-20456\/custom\/","de":"\/de\/p-st-fu7567-dexter-laptop-tasche-fu7567-anpassbar-20456\/custom\/","nl":"\/nl\/p-st-fu7567-dexter-laptophoes-fu7567-aanpasbaar-20456\/custom\/","es":"\/es\/p-st-fu7567-dexter-funda-para-ordenador-fu7567-personalizable-20456\/custom\/","it":"\/it\/p-st-fu7567-dexter-sleeve-per-computer-portatile-fu7567-personalizzabile-20456\/custom\/","sv":"\/sv\/p-st-fu7567-dexter-laptopfodral-fu7567-anpassningsbar-20456\/custom\/","pt":"\/pt\/p-st-fu7567-dexter-capa-para-computador-fu7567-personalizavel-20456\/custom\/","da":"\/da\/p-st-fu7567-dexter-laptop-sleeve-fu7567-customizable-20456\/custom\/","pl":"\/pl\/p-st-fu7567-dexter-13-calowa-wysciolka-na-laptopa-fu7567-do-personalizacji-20456\/custom\/"},"equivalent_products":[],"colors":[{"id":17584,"name":"noir","class_ids":[4],"codes_hexa":["000000"],"delai_24":false,"has_3d":false,"seuil_global":0,"stock_local":0,"stock_global":496,"on_standby":false,"in_catalog":true,"images":{"miniature":["https:\/\/media.th4.com\/CKbrrHqBY27UGkv1MCE2dbfWpzML9zC517hfN-NdGwE\/pr:80\/aHR0cDovL21lZGlhMi5kZXNpZ25wYXJ0bmVyLmZyL2MvcC8yMDQ1Ni8yMDQ1Ni0xNzU4NC0xLndlYnA?v=1759308461","https:\/\/media.th4.com\/MtcwFp80Hl4BH9qHrypeggkniF5_Z9B-65vTyD5X9fo\/pr:80\/aHR0cDovL21lZGlhMi5kZXNpZ25wYXJ0bmVyLmZyL2MvcC8yMDQ1Ni8yMDQ1Ni0xNzU4NC0xMC53ZWJw?v=1759308462","https:\/\/media.th4.com\/uildvK71vfVEr3AV5MYZ2WlOmji0IBeOJheuxVhrtNk\/pr:80\/aHR0cDovL21lZGlhMi5kZXNpZ25wYXJ0bmVyLmZyL2MvcC8yMDQ1Ni8yMDQ1Ni0xNzU4NC0xMS53ZWJw?v=1759308462"],"medium":["https:\/\/media.th4.com\/fTFWkPeV8dhJbS_2kNNwxCbMVqCyjEWv2H9LFqqMFKs\/pr:550x550\/aHR0cDovL21lZGlhMi5kZXNpZ25wYXJ0bmVyLmZyL2MvcC8yMDQ1Ni8yMDQ1Ni0xNzU4NC0xLndlYnA?v=1759308461","https:\/\/media.th4.com\/noGNqzOU2WR6cxiBRTTSsJqlhBOpg3n0LJxOmvjwbgU\/pr:550x550\/aHR0cDovL21lZGlhMi5kZXNpZ25wYXJ0bmVyLmZyL2MvcC8yMDQ1Ni8yMDQ1Ni0xNzU4NC0xMC53ZWJw?v=1759308462","https:\/\/media.th4.com\/QeIE1ytcyaanl0-F_F1KBWJe5jf5_j_dsL9ArK1UUZE\/pr:550x550\/aHR0cDovL21lZGlhMi5kZXNpZ25wYXJ0bmVyLmZyL2MvcC8yMDQ1Ni8yMDQ1Ni0xNzU4NC0xMS53ZWJw?v=1759308462"],"medium_large":["https:\/\/media.th4.com\/KBcvqtXKcb8bOsuzrrW5id_Lzqp8WnXBLT3ira8z6cc\/pr:1000x1000\/aHR0cDovL21lZGlhMi5kZXNpZ25wYXJ0bmVyLmZyL2MvcC8yMDQ1Ni8yMDQ1Ni0xNzU4NC0xLndlYnA?v=1759308461","https:\/\/media.th4.com\/2D9duq47PN3oIvNVOursyikzbqbMj9DjuhLYO04yimM\/pr:1000x1000\/aHR0cDovL21lZGlhMi5kZXNpZ25wYXJ0bmVyLmZyL2MvcC8yMDQ1Ni8yMDQ1Ni0xNzU4NC0xMC53ZWJw?v=1759308462","https:\/\/media.th4.com\/Jvm2VniXJ60nWaLRor0jmXrVdSwy371Tgr_i7t2bGMw\/pr:1000x1000\/aHR0cDovL21lZGlhMi5kZXNpZ25wYXJ0bmVyLmZyL2MvcC8yMDQ1Ni8yMDQ1Ni0xNzU4NC0xMS53ZWJw?v=1759308462"],"large":["https:\/\/media.th4.com\/W3Nk_GQ9idFWjAnycz7jLk6H8Cqf1wN2Rn4Dv76s_JA\/pr:1920\/aHR0cDovL21lZGlhMi5kZXNpZ25wYXJ0bmVyLmZyL2MvcC8yMDQ1Ni8yMDQ1Ni0xNzU4NC0xLndlYnA?v=1759308461","https:\/\/media.th4.com\/tpOWQ4F94iXBbZzOVPH2f7i-CeDCKh15h3LMmHtaDmA\/pr:1920\/aHR0cDovL21lZGlhMi5kZXNpZ25wYXJ0bmVyLmZyL2MvcC8yMDQ1Ni8yMDQ1Ni0xNzU4NC0xMC53ZWJw?v=1759308462","https:\/\/media.th4.com\/gO2Z9SrbuHEzSE1fhXue3RHAC_WWvuP5ZNP0Lpp1U-Y\/pr:1920\/aHR0cDovL21lZGlhMi5kZXNpZ25wYXJ0bmVyLmZyL2MvcC8yMDQ1Ni8yMDQ1Ni0xNzU4NC0xMS53ZWJw?v=1759308462"],"opengraph":["https:\/\/media.th4.com\/Vf4u1wIuGhjhiQtOFxQIEh9V8dkwlr0R-gqtpX2BYaU\/pr:1200x630\/aHR0cDovL21lZGlhMi5kZXNpZ25wYXJ0bmVyLmZyL2MvcC8yMDQ1Ni8yMDQ1Ni0xNzU4NC0xLndlYnA?v=1759308461","https:\/\/media.th4.com\/oEMfrhutAXtJNZbuXuBB8v-OcnZmCz121qdNKtFddTo\/pr:1200x630\/aHR0cDovL21lZGlhMi5kZXNpZ25wYXJ0bmVyLmZyL2MvcC8yMDQ1Ni8yMDQ1Ni0xNzU4NC0xMC53ZWJw?v=1759308462","https:\/\/media.th4.com\/PpyPRQdCxb7Q2fqivUID8StIuh0T-iDbKjkLG2nGfCo\/pr:1200x630\/aHR0cDovL21lZGlhMi5kZXNpZ25wYXJ0bmVyLmZyL2MvcC8yMDQ1Ni8yMDQ1Ni0xNzU4NC0xMS53ZWJw?v=1759308462"]},"images_customization":{"miniature":["https:\/\/media.th4.com\/CKbrrHqBY27UGkv1MCE2dbfWpzML9zC517hfN-NdGwE\/pr:80\/aHR0cDovL21lZGlhMi5kZXNpZ25wYXJ0bmVyLmZyL2MvcC8yMDQ1Ni8yMDQ1Ni0xNzU4NC0xLndlYnA?v=1759308461","https:\/\/media.th4.com\/MtcwFp80Hl4BH9qHrypeggkniF5_Z9B-65vTyD5X9fo\/pr:80\/aHR0cDovL21lZGlhMi5kZXNpZ25wYXJ0bmVyLmZyL2MvcC8yMDQ1Ni8yMDQ1Ni0xNzU4NC0xMC53ZWJw?v=1759308462","https:\/\/media.th4.com\/uildvK71vfVEr3AV5MYZ2WlOmji0IBeOJheuxVhrtNk\/pr:80\/aHR0cDovL21lZGlhMi5kZXNpZ25wYXJ0bmVyLmZyL2MvcC8yMDQ1Ni8yMDQ1Ni0xNzU4NC0xMS53ZWJw?v=1759308462"],"medium":["https:\/\/media.th4.com\/fTFWkPeV8dhJbS_2kNNwxCbMVqCyjEWv2H9LFqqMFKs\/pr:550x550\/aHR0cDovL21lZGlhMi5kZXNpZ25wYXJ0bmVyLmZyL2MvcC8yMDQ1Ni8yMDQ1Ni0xNzU4NC0xLndlYnA?v=1759308461","https:\/\/media.th4.com\/noGNqzOU2WR6cxiBRTTSsJqlhBOpg3n0LJxOmvjwbgU\/pr:550x550\/aHR0cDovL21lZGlhMi5kZXNpZ25wYXJ0bmVyLmZyL2MvcC8yMDQ1Ni8yMDQ1Ni0xNzU4NC0xMC53ZWJw?v=1759308462","https:\/\/media.th4.com\/QeIE1ytcyaanl0-F_F1KBWJe5jf5_j_dsL9ArK1UUZE\/pr:550x550\/aHR0cDovL21lZGlhMi5kZXNpZ25wYXJ0bmVyLmZyL2MvcC8yMDQ1Ni8yMDQ1Ni0xNzU4NC0xMS53ZWJw?v=1759308462"],"medium_large":["https:\/\/media.th4.com\/KBcvqtXKcb8bOsuzrrW5id_Lzqp8WnXBLT3ira8z6cc\/pr:1000x1000\/aHR0cDovL21lZGlhMi5kZXNpZ25wYXJ0bmVyLmZyL2MvcC8yMDQ1Ni8yMDQ1Ni0xNzU4NC0xLndlYnA?v=1759308461","https:\/\/media.th4.com\/2D9duq47PN3oIvNVOursyikzbqbMj9DjuhLYO04yimM\/pr:1000x1000\/aHR0cDovL21lZGlhMi5kZXNpZ25wYXJ0bmVyLmZyL2MvcC8yMDQ1Ni8yMDQ1Ni0xNzU4NC0xMC53ZWJw?v=1759308462","https:\/\/media.th4.com\/Jvm2VniXJ60nWaLRor0jmXrVdSwy371Tgr_i7t2bGMw\/pr:1000x1000\/aHR0cDovL21lZGlhMi5kZXNpZ25wYXJ0bmVyLmZyL2MvcC8yMDQ1Ni8yMDQ1Ni0xNzU4NC0xMS53ZWJw?v=1759308462"],"large":["https:\/\/media.th4.com\/W3Nk_GQ9idFWjAnycz7jLk6H8Cqf1wN2Rn4Dv76s_JA\/pr:1920\/aHR0cDovL21lZGlhMi5kZXNpZ25wYXJ0bmVyLmZyL2MvcC8yMDQ1Ni8yMDQ1Ni0xNzU4NC0xLndlYnA?v=1759308461","https:\/\/media.th4.com\/tpOWQ4F94iXBbZzOVPH2f7i-CeDCKh15h3LMmHtaDmA\/pr:1920\/aHR0cDovL21lZGlhMi5kZXNpZ25wYXJ0bmVyLmZyL2MvcC8yMDQ1Ni8yMDQ1Ni0xNzU4NC0xMC53ZWJw?v=1759308462","https:\/\/media.th4.com\/gO2Z9SrbuHEzSE1fhXue3RHAC_WWvuP5ZNP0Lpp1U-Y\/pr:1920\/aHR0cDovL21lZGlhMi5kZXNpZ25wYXJ0bmVyLmZyL2MvcC8yMDQ1Ni8yMDQ1Ni0xNzU4NC0xMS53ZWJw?v=1759308462"],"opengraph":["https:\/\/media.th4.com\/Vf4u1wIuGhjhiQtOFxQIEh9V8dkwlr0R-gqtpX2BYaU\/pr:1200x630\/aHR0cDovL21lZGlhMi5kZXNpZ25wYXJ0bmVyLmZyL2MvcC8yMDQ1Ni8yMDQ1Ni0xNzU4NC0xLndlYnA?v=1759308461","https:\/\/media.th4.com\/oEMfrhutAXtJNZbuXuBB8v-OcnZmCz121qdNKtFddTo\/pr:1200x630\/aHR0cDovL21lZGlhMi5kZXNpZ25wYXJ0bmVyLmZyL2MvcC8yMDQ1Ni8yMDQ1Ni0xNzU4NC0xMC53ZWJw?v=1759308462","https:\/\/media.th4.com\/PpyPRQdCxb7Q2fqivUID8StIuh0T-iDbKjkLG2nGfCo\/pr:1200x630\/aHR0cDovL21lZGlhMi5kZXNpZ25wYXJ0bmVyLmZyL2MvcC8yMDQ1Ni8yMDQ1Ni0xNzU4NC0xMS53ZWJw?v=1759308462"]},"country_origin":"CN","traceability":{"manufacturing_country_id":null,"weaving_country_id":null,"dyeing_country_id":null},"sizes":[{"id":42,"article_id":513596,"class_id":19,"name":"taille_unique","on_standby":false,"stock_local":0,"stock_global":496,"multiple":1,"estimated_date_reassort":null,"is_destocking":false}],"page_links":{"fr":"\/fr\/p-st-fu7567-dexter-pochette-ordinateur-13-fu7567-20456\/noir-17584\/","en":"\/en\/p-st-fu7567-dexter-13-laptop-sleeve-fu7567-20456\/noir-17584\/","de":"\/de\/p-st-fu7567-dexter-gepolsterte-laptophulle-13-fu7567-20456\/noir-17584\/","nl":"\/nl\/p-st-fu7567-dexter-laptophoes-13-inch-fu7567-20456\/noir-17584\/","es":"\/es\/p-st-fu7567-dexter-funda-para-portatil-13-fu7567-20456\/noir-17584\/","it":"\/it\/p-st-fu7567-dexter-custodia-per-computer-13-fu7567-20456\/noir-17584\/","sv":"\/sv\/p-st-fu7567-dexter-vadderat-laptopfodral-13-fu7567-20456\/noir-17584\/","pt":"\/pt\/p-st-fu7567-dexter-bolsa-para-computador-13-fu7567-20456\/noir-17584\/","da":"\/da\/p-st-fu7567-dexter-laptop-etui-13-fu7567-20456\/noir-17584\/","pl":"\/pl\/p-st-fu7567-dexter-etui-na-laptop-13-fu7567-20456\/noir-17584\/"},"page_links_customization":{"fr":"\/fr\/p-st-fu7567-dexter-pochette-ordinateur-fu7567-personnalisable-20456\/noir-17584\/custom\/","en":"\/en\/p-st-fu7567-dexter-laptop-sleeve-fu7567-customizable-20456\/noir-17584\/custom\/","de":"\/de\/p-st-fu7567-dexter-laptop-tasche-fu7567-anpassbar-20456\/noir-17584\/custom\/","nl":"\/nl\/p-st-fu7567-dexter-laptophoes-fu7567-aanpasbaar-20456\/noir-17584\/custom\/","es":"\/es\/p-st-fu7567-dexter-funda-para-ordenador-fu7567-personalizable-20456\/noir-17584\/custom\/","it":"\/it\/p-st-fu7567-dexter-sleeve-per-computer-portatile-fu7567-personalizzabile-20456\/noir-17584\/custom\/","sv":"\/sv\/p-st-fu7567-dexter-laptopfodral-fu7567-anpassningsbar-20456\/noir-17584\/custom\/","pt":"\/pt\/p-st-fu7567-dexter-capa-para-computador-fu7567-personalizavel-20456\/noir-17584\/custom\/","da":"\/da\/p-st-fu7567-dexter-laptop-sleeve-fu7567-customizable-20456\/noir-17584\/custom\/","pl":"\/pl\/p-st-fu7567-dexter-13-calowa-wysciolka-na-laptopa-fu7567-do-personalizacji-20456\/noir-17584\/custom\/"}}],"documentation_link":"\/pdf\/20456.pdf","countries_availables":["AD","AE","AL","AT","BA","BD","BE","BG","BL","CA","CH","CN","CO","CY","CZ","DE","DK","DO","EE","EG","ES","ET","FI","FR","GB","GE","GF","GP","GR","GT","HK","HN","HR","HT","HU","ID","IE","IN","IS","IT","JO","JP","KE","KH","KP","KR","LA","LK","LS","LT","LU","LV","MA","MF","MG","MK","MM","MN","MQ","MT","MX","MY","NC","NI","NL","PF","PH","PK","PL","PM","PT","RE","RO","SE","SG","SI","SK","SV","SY","TH","TN","TR","TW","TZ","US","VN","WF","YT"]},"infos_customization":[],"features":{"authorize_multi_surfaces":true,"display_order_delay_type":true,"promote_surface_display":true,"tarification_franco_offert":true,"enabled_3d_editor":false},"markings":[{"id":0,"nom":"vierge","finition":null,"libelle":null,"code":null,"dpi":null,"finesse_forme_isolee":null,"finesse_forme_non_isolee":null,"hauteur_minimale_texte":null,"inactif":0,"marquage_interne":1,"quantite_min":null,"parent_id":null,"print_on_support":0,"content":"vierge","description":null},{"id":2,"nom":"fonce","finition":"optimale","libelle":"TopQuadri","code":null,"dpi":400,"finesse_forme_isolee":"0.040","finesse_forme_non_isolee":"0.700","hauteur_minimale_texte":2,"inactif":0,"marquage_interne":1,"quantite_min":null,"parent_id":18,"print_on_support":0,"content":"TopQuadri","description":"pour petites et moyennes s\u00e9ries"},{"id":3,"nom":"serigraphie","finition":"serigraphie","libelle":"SeriCoat","code":null,"dpi":400,"finesse_forme_isolee":"0.040","finesse_forme_non_isolee":"0.700","hauteur_minimale_texte":2,"inactif":0,"marquage_interne":1,"quantite_min":15,"parent_id":18,"print_on_support":0,"content":"SeriCoat","description":"pour moyennes et grandes s\u00e9ries"},{"id":4,"nom":"broderie","finition":"broderie","libelle":"Broderie","code":null,"dpi":400,"finesse_forme_isolee":"0.040","finesse_forme_non_isolee":"0.700","hauteur_minimale_texte":3,"inactif":0,"marquage_interne":1,"quantite_min":null,"parent_id":null,"print_on_support":0,"content":"Broderie","description":null},{"id":8,"nom":"theme","finition":null,"libelle":"Th\u00e8me","code":null,"dpi":null,"finesse_forme_isolee":null,"finesse_forme_non_isolee":null,"hauteur_minimale_texte":null,"inactif":0,"marquage_interne":1,"quantite_min":null,"parent_id":null,"print_on_support":0,"content":"Th\u00e8me","description":null},{"id":9,"nom":"sans","finition":null,"libelle":null,"code":null,"dpi":null,"finesse_forme_isolee":null,"finesse_forme_non_isolee":null,"hauteur_minimale_texte":null,"inactif":0,"marquage_interne":1,"quantite_min":null,"parent_id":null,"print_on_support":0,"content":"sans","description":null},{"id":10,"nom":"photo","finition":null,"libelle":"Photo","code":null,"dpi":null,"finesse_forme_isolee":null,"finesse_forme_non_isolee":null,"hauteur_minimale_texte":null,"inactif":0,"marquage_interne":1,"quantite_min":null,"parent_id":null,"print_on_support":0,"content":"Photo","description":null},{"id":14,"nom":"couleur","finition":null,"libelle":"Couleur","code":null,"dpi":null,"finesse_forme_isolee":null,"finesse_forme_non_isolee":null,"hauteur_minimale_texte":null,"inactif":0,"marquage_interne":1,"quantite_min":null,"parent_id":null,"print_on_support":0,"content":"Couleur","description":null},{"id":15,"nom":"sublimation","finition":"sublimation","libelle":"Sublimation","code":null,"dpi":null,"finesse_forme_isolee":"0.000","finesse_forme_non_isolee":"0.000","hauteur_minimale_texte":2,"inactif":0,"marquage_interne":1,"quantite_min":null,"parent_id":null,"print_on_support":0,"content":"Sublimation","description":null},{"id":16,"nom":"topquadri_uv","finition":null,"libelle":"TopQuadri UV","code":null,"dpi":null,"finesse_forme_isolee":"0.020","finesse_forme_non_isolee":"0.700","hauteur_minimale_texte":2,"inactif":0,"marquage_interne":1,"quantite_min":null,"parent_id":null,"print_on_support":1,"content":null,"description":null},{"id":17,"nom":"topquadri_uvp","finition":null,"libelle":"TopQuadri UVP","code":null,"dpi":null,"finesse_forme_isolee":"0.020","finesse_forme_non_isolee":"0.700","hauteur_minimale_texte":2,"inactif":0,"marquage_interne":1,"quantite_min":null,"parent_id":null,"print_on_support":1,"content":null,"description":null},{"id":18,"nom":"quadri","finition":null,"libelle":"Impression","code":null,"dpi":null,"finesse_forme_isolee":null,"finesse_forme_non_isolee":null,"hauteur_minimale_texte":null,"inactif":0,"marquage_interne":1,"quantite_min":null,"parent_id":null,"print_on_support":0,"content":null,"description":null}]}}