{"data":{"product":{"id":20412,"titre":"BELLE","description":"Miroir de poche pliant en li\u00e8ge naturel et m\u00e9tal chrom\u00e9, compos\u00e9 de deux miroirs, l'un normal et l'autre grossissant. Dimensions : 2 x 6 ,1 cm. Composition : li\u00e8ge naturel.","genre":"","grammage":0,"conditionnement":200,"composition":"","reference":"ES1231","reference_visible":"st-es1231","reference_fabricant":"ES1231","ref_xor":"727545","in_catalog":true,"is_transfer":false,"is_service":false,"on_standby":false,"has_3d":false,"has_size_guide":false,"has_marking":false,"has_vierge":true,"is_cross_sellable":false,"id_picto":0,"filename_3d":null,"brand":{"id":352,"name":"Stamina","logo":"logo-stamina.png","image":"https:\/\/media.th4.com\/XtszMrhN4PSlQT4v0dBJBG2A1qMsj6Ced58O9G8vaL8\/pr:brand70x70\/aHR0cDovL21lZGlhMi5kZXNpZ25wYXJ0bmVyLmZyL2MvbS9sb2dvLXN0YW1pbmEucG5n?v=1691073931"},"price_infos":{"price_from":3.11,"quantity":100,"color":{"id":17596,"name":"beige"},"size":{"id":42,"name":"taille_unique"}},"price_infos_marking":{"price_from":0,"quantity":0,"size":{"id":0,"name":""},"color":{"id":0,"name":""},"marking":{"id":0,"name":""},"emplacement":"","surface":"","surface_emplacement_id":0},"i18n":{"blank":{"title":{"fr":"Belle miroir poche pliant STAMINA es1231","en":"Belle folding pocket mirror STAMINA es1231","de":"Belle faltbarer Taschenspiegel STAMINA es1231","nl":"Belle opvouwbare zakspiegel STAMINA es1231","es":"Belle espejo de bolsillo plegable STAMINA es1231","it":"Belle specchietto tascabile pieghevole STAMINA es1231","sv":"Belle vikbar fickspegel STAMINA es1231","pt":"Belle espelho de bolso dobr\u00e1vel STAMINA es1231","da":"Belle sammenklappeligt lommespejl STAMINA es1231","pl":"Belle skladane kieszonkowe lusterko STAMINA es1231"},"description":{"fr":"Le miroir poche pliant Belle se replie pour un usage en d\u00e9placement. Deux miroirs sont int\u00e9gr\u00e9s, dont un grossissant, pour les retouches de pr\u00e9cision. Dimensions : 2 x 6,1 cm.\n\n- Composition : li\u00e8ge naturel\n- Deux miroirs : normal et grossissant\n- Format pliant\n- Dimensions : 2 x 6,1 cm","en":"The Belle folding pocket mirror folds for use on the go. Two mirrors are integrated, including a magnifying one, for precision touch-ups. Dimensions: 2 x 6.1 cm.\n\n- Material: natural cork\n- Two mirrors: standard and magnifying\n- Folding format\n- Dimensions: 2 x 6.1 cm","de":"Der faltbare Taschenspiegel Belle l\u00e4sst sich f\u00fcr die Nutzung unterwegs zusammenklappen. Zwei Spiegel sind integriert, davon einer mit Vergr\u00f6\u00dferung, f\u00fcr pr\u00e4zise Korrekturen. Ma\u00dfe: 2 x 6,1 cm.\n\n- Material: Naturkork\n- Zwei Spiegel: normal und vergr\u00f6\u00dfernd\n- Faltbares Format\n- Ma\u00dfe: 2 x 6,1 cm","nl":"De opvouwbare zakspiegel Belle klapt dicht voor gebruik onderweg. Twee spiegels zijn ge\u00efntegreerd, waarvan \u00e9\u00e9n vergrotend, voor nauwkeurige retouches. Afmetingen: 2 x 6,1 cm.\n\n- Samenstelling: natuurlijk kurk\n- Twee spiegels: normaal en vergrotend\n- Opvouwbaar formaat\n- Afmetingen: 2 x 6,1 cm","es":"El espejo de bolsillo plegable Belle se pliega para su uso en desplazamientos. Dos espejos integrados, uno de aumento, para retoques de precisi\u00f3n. Dimensiones: 2 x 6,1 cm.\n\n- Composici\u00f3n: corcho natural\n- Dos espejos: normal y de aumento\n- Formato plegable\n- Dimensiones: 2 x 6,1 cm","it":"Lo specchietto tascabile pieghevole Belle si ripiega per l'uso in movimento. Due specchi integrati, di cui uno ingranditore, per ritocchi di precisione. Dimensioni: 2 x 6,1 cm.\n\n- Composizione: sughero naturale\n- Due specchi: normale e ingranditore\n- Formato pieghevole\n- Dimensioni: 2 x 6,1 cm","sv":"Den vikbara fickspegeln Belle f\u00e4lls ihop f\u00f6r anv\u00e4ndning p\u00e5 spr\u00e5ng. Tv\u00e5 speglar \u00e4r integrerade, varav en f\u00f6rstorande, f\u00f6r precisa korrigeringar. M\u00e5tt: 2 x 6,1 cm.\n\n- Material: naturlig kork\n- Tv\u00e5 speglar: normal och f\u00f6rstorande\n- Vikbart format\n- M\u00e5tt: 2 x 6,1 cm","pt":"O espelho de bolso dobr\u00e1vel Belle dobra-se para utiliza\u00e7\u00e3o em desloca\u00e7\u00f5es. Dois espelhos est\u00e3o integrados, incluindo um de aumento, para retoques de precis\u00e3o. Dimens\u00f5es: 2 x 6,1 cm.\n\n- Composi\u00e7\u00e3o: corti\u00e7a natural\n- Dois espelhos: normal e de aumento\n- Formato dobr\u00e1vel\n- Dimens\u00f5es: 2 x 6,1 cm","da":"Det sammenklappelige lommespejl Belle klappes sammen til brug p\u00e5 farten. To spejle er integreret, hvoraf det ene er forst\u00f8rrende, til pr\u00e6cise opfriskninger. M\u00e5l: 2 x 6,1 cm.\n\n- Materiale: naturlig kork\n- To spejle: normalt og forst\u00f8rrende\n- Sammenklappeligt format\n- M\u00e5l: 2 x 6,1 cm","pl":"Sk\u0142adane kieszonkowe lusterko Belle sk\u0142ada si\u0119 do u\u017cytku w podr\u00f3\u017cy. Zintegrowane dwa lusterka, w tym jedno powi\u0119kszaj\u0105ce, do precyzyjnych poprawek. Wymiary: 2 x 6,1 cm.\n\n- Sk\u0142ad: naturalny korek\n- Dwa lusterka: zwyk\u0142e i powi\u0119kszaj\u0105ce\n- Sk\u0142adany format\n- Wymiary: 2 x 6,1 cm"},"h1":{"fr":"Belle miroir poche pliant es1231","en":"Belle folding pocket mirror es1231","de":"Belle faltbarer Taschenspiegel es1231","nl":"Belle opvouwbare zakspiegel es1231","es":"Belle espejo de bolsillo plegable es1231","it":"Belle specchietto tascabile pieghevole es1231","sv":"Belle vikbar fickspegel es1231","pt":"Belle espelho de bolso dobr\u00e1vel es1231","da":"Belle sammenklappeligt lommespejl es1231","pl":"Belle sk\u0142adane kieszonkowe lusterko es1231"},"meta_description":{"fr":"Miroir poche pliant Belle es1231 en li\u00e8ge naturel, avec deux miroirs dont un grossissant. Format compact, dimensions 2 x 6,1 cm.","en":"Belle es1231 folding pocket mirror in natural cork, with two mirrors, including a magnifying one. Compact format, dimensions 2 x 6.1 cm.","de":"Faltbarer Taschenspiegel Belle es1231 aus Naturkork, mit zwei Spiegeln, davon einer mit Vergr\u00f6\u00dferung. Kompaktes Format, Ma\u00dfe 2 x 6,1 cm.","nl":"Opvouwbare zakspiegel Belle es1231 van natuurlijk kurk, met twee spiegels waarvan \u00e9\u00e9n vergrotend. Compact formaat, afmetingen 2 x 6,1 cm.","es":"Espejo de bolsillo plegable Belle es1231 en corcho natural, con dos espejos, uno de aumento. Formato compacto, dimensiones 2 x 6,1 cm.","it":"Specchietto tascabile pieghevole Belle es1231 in sughero naturale, con due specchi, di cui uno ingranditore. Formato compatto, dimensioni 2 x 6,1 cm.","sv":"Vikbar fickspegel Belle es1231 i naturlig kork, med tv\u00e5 speglar varav en f\u00f6rstorande. Kompakt format, m\u00e5tt 2 x 6,1 cm.","pt":"Espelho de bolso dobr\u00e1vel Belle es1231 em corti\u00e7a natural, com dois espelhos, incluindo um de aumento. Formato compacto, dimens\u00f5es 2 x 6,1 cm.","da":"Belle sammenklappeligt lommespejl es1231 i naturlig kork, med to spejle, hvoraf det ene er forst\u00f8rrende. Kompakt format, m\u00e5l 2 x 6,1 cm.","pl":"Sk\u0142adane kieszonkowe lusterko Belle es1231 z naturalnego korka, z dwoma lusterkami, w tym jednym powi\u0119kszaj\u0105cym. Kompaktowy format, wymiary: 2 x 6,1 cm."}},"custom":{"title":{"fr":"BELLE miroir pliant STAMINA es1231 personnalisable","en":"BELLE folding mirror STAMINA es1231 customizable","de":"BELLE Klappspiegel STAMINA es1231 personalisierbar","nl":"BELLE vouwspiegel STAMINA es1231 aanpasbaar","es":"BELLE espejo plegable STAMINA es1231 personalizable","it":"BELLE specchio pieghevole STAMINA es1231 personalizzabile","sv":"BELLE vikbar spegel STAMINA es1231 anpassningsbar","pt":"BELLE espelho dobr\u00e1vel STAMINA es1231 personaliz\u00e1vel","da":"BELLE foldbar spejl STAMINA es1231 personaliserbar","pl":"BELLE sk\u0142adane lustro STAMINA es1231 personalizowane"},"description":{"fr":"Le miroir poche pliant BELLE est compos\u00e9 de li\u00e8ge naturel et de m\u00e9tal chrom\u00e9. Il int\u00e8gre deux miroirs, l'un normal et l'autre grossissant, offrant une double fonctionnalit\u00e9. Les dimensions sont de 2 x 6,1 cm.\n\n- Composition li\u00e8ge naturel m\u00e9tal chrom\u00e9\n- Deux miroirs int\u00e9gr\u00e9s\n- Dimensions 2 x 6,1 cm\n- Personnalisable","en":"The BELLE folding pocket mirror is made of natural cork and chrome metal. It includes two mirrors, one standard and one magnifying, offering dual functionality. Dimensions are 2 x 6.1 cm.\n\n- Natural cork chrome metal composition\n- Two integrated mirrors\n- Dimensions 2 x 6.1 cm\n- Customizable","de":"Der Klappspiegel BELLE besteht aus nat\u00fcrlichem Kork und verchromtem Metall. Er enth\u00e4lt zwei Spiegel, einen normalen und einen vergr\u00f6\u00dfernden, und bietet eine doppelte Funktionalit\u00e4t. Die Ma\u00dfe sind 2 x 6,1 cm.\n\n- Material nat\u00fcrliche Kork verchromtes Metall\n- Zwei integrierte Spiegel\n- Ma\u00dfe 2 x 6,1 cm\n- personalisierbar","nl":"De opvouwbare zakspiegel BELLE is gemaakt van natuurlijk kurk en verchroomd metaal. Hij bevat twee spiegels, een normale en een vergrotende, die dubbele functionaliteit bieden. Afmetingen zijn 2 x 6,1 cm.\n\n- Samenstelling natuurlijk kurk verchroomd metaal\n- Twee ge\u00efntegreerde spiegels\n- Afmetingen 2 x 6,1 cm\n- Aanpasbaar","es":"El espejo de bolsillo plegable BELLE est\u00e1 compuesto de corcho natural y metal cromado. Incluye dos espejos, uno normal y otro de aumento, ofreciendo doble funcionalidad. Las dimensiones son 2 x 6,1 cm.\n\n- Composici\u00f3n corcho natural metal cromado\n- Dos espejos integrados\n- Dimensiones 2 x 6,1 cm\n- Personalizable","it":"Lo specchio tascabile pieghevole BELLE \u00e8 composto da sughero naturale e metallo cromato. Integra due specchi, uno normale e uno ingrandente, offrendo una doppia funzionalit\u00e0. Le dimensioni sono 2 x 6,1 cm.\n\n- Composizione sughero naturale metallo cromato\n- Due specchi integrati\n- Dimensioni 2 x 6,1 cm\n- Personalizzabile","sv":"Den vikbara fickspegeln BELLE \u00e4r tillverkad av naturlig kork och kromat metall. Den inneh\u00e5ller tv\u00e5 speglar, en vanlig och en f\u00f6rstorande, vilket ger dubbel funktionalitet. M\u00e5tten \u00e4r 2 x 6,1 cm.\n\n- Tillverkad av naturlig kork och kromat metall\n- Tv\u00e5 integrerade speglar\n- M\u00e5tt 2 x 6,1 cm\n- Anpassningsbar","pt":"O espelho de bolso dobr\u00e1vel BELLE \u00e9 composto de corti\u00e7a natural e metal cromado. Inclui dois espelhos, um normal e outro de aumento, oferecendo dupla funcionalidade. As dimens\u00f5es s\u00e3o 2 x 6,1 cm.\n\n- Composi\u00e7\u00e3o corti\u00e7a natural metal cromado\n- Dois espelhos integrados\n- Dimens\u00f5es 2 x 6,1 cm\n- Personaliz\u00e1vel","da":"Den sammenklappelige lomme spejl BELLE best\u00e5r af naturlig kork og forkromet metal. Den indeholder to spejle, et almindeligt og et forst\u00f8rrelsesglas, som giver dobbelt funktionalitet. Dimensionerne er 2 x 6,1 cm.\n\n- Sammens\u00e6tning naturlig kork forkromet metal\n- To integrerede spejle\n- Dimensioner 2 x 6,1 cm\n- Personaliserbar","pl":"Sk\u0142adane lustro kieszonkowe BELLE wykonane z korka naturalnego i chromowanego metalu. Zawiera dwa lustra, normalne i powi\u0119kszaj\u0105ce, zapewniaj\u0105c podw\u00f3jn\u0105 funkcjonalno\u015b\u0107. Wymiary 2 x 6,1 cm.\n\n- Sk\u0142ad: korek naturalny, chromowany metal\n- Dwa lustra w zestawie\n- Wymiary 2 x 6,1 cm\n- Personalizowane"},"h1":{"fr":"BELLE miroir pliant es1231 personnalisable","en":"BELLE folding mirror es1231 customizable","de":"BELLE Klappspiegel es1231 personalisierbar","nl":"BELLE vouwspiegel es1231 aanpasbaar","es":"BELLE espejo plegable es1231 personalizable","it":"BELLE specchio pieghevole es1231 personalizzabile","sv":"BELLE vikbar spegel es1231 anpassningsbar","pt":"BELLE espelho dobr\u00e1vel es1231 personaliz\u00e1vel","da":"BELLE foldbar spejl es1231 personaliserbar","pl":"BELLE sk\u0142adane lustro es1231 personalizowane"},"meta_description":{"fr":"Le miroir poche pliant BELLE combine li\u00e8ge naturel et m\u00e9tal chrom\u00e9 avec deux miroirs, normal et grossissant, dimensions 2 x 6,1 cm.","en":"The BELLE folding pocket mirror combines natural cork and chrome metal with two mirrors, standard and magnifying, dimensions 2 x 6.1 cm.","de":"Der Klappspiegel BELLE kombiniert nat\u00fcrlichen Kork und verchromtes Metall mit zwei Spiegeln, normal und vergr\u00f6\u00dfernd, Ma\u00dfe 2 x 6,1 cm.","nl":"De opvouwbare zakspiegel BELLE combineert natuurlijk kurk en verchroomd metaal met twee spiegels, normaal en vergrotend, afmetingen 2 x 6,1 cm.","es":"El espejo de bolsillo plegable BELLE combina corcho natural y metal cromado con dos espejos, normal y de aumento, dimensiones 2 x 6,1 cm.","it":"Lo specchio tascabile pieghevole BELLE combina sughero naturale e metallo cromato con due specchi, normale e ingrandente, dimensioni 2 x 6,1 cm.","sv":"Den vikbara fickspegeln BELLE kombinerar naturlig kork och kromat metall med tv\u00e5 speglar, vanlig och f\u00f6rstorande, m\u00e5tt 2 x 6,1 cm.","pt":"O espelho de bolso dobr\u00e1vel BELLE combina corti\u00e7a natural e metal cromado com dois espelhos, normal e de aumento, dimens\u00f5es 2 x 6,1 cm.","da":"Den sammenklappelige lomme spejl BELLE kombinerer naturlig kork og forkromet metal med to spejle, almindeligt og forst\u00f8rrelsesglas, dimensioner 2 x 6,1 cm.","pl":"Sk\u0142adane lustro kieszonkowe BELLE \u0142\u0105czy korek naturalny i chromowany metal z dwoma lustrami, normalnym i powi\u0119kszaj\u0105cym, wymiary 2 x 6,1 cm."}}},"categories":[{"id":423,"name":"Beaut\u00e9 et manucure","singular":"Beaut\u00e9 et manucure","is_feminin":false},{"id":563,"name":"Sant\u00e9, Beaut\u00e9 et Hygi\u00e8ne","singular":"Sant\u00e9, Beaut\u00e9 et Hygi\u00e8ne","is_feminin":false},{"id":360,"name":"D\u00e9tente, Sports & Loisirs","singular":"D\u00e9tente, Sports & Loisirs","is_feminin":false},{"id":559,"name":"Univers","singular":"Univers","is_feminin":false},{"id":431,"name":"Objets","singular":"Objet publicitaire","is_feminin":false}],"certifications":[],"videos":{"fr":[],"en":[],"de":[],"nl":[],"es":[],"it":[],"sv":[],"pt":[],"da":[],"pl":[]},"main_images":{"miniature":"https:\/\/media.th4.com\/EYJeUaFQMs60nJgY5qbnszAS4fUE7biRonZ8cNQD6oo\/pr:80\/aHR0cDovL21lZGlhMi5kZXNpZ25wYXJ0bmVyLmZyL2MvcC1ibGFuay1USC8yMDQxMi53ZWJw?v=1759311379","medium":"https:\/\/media.th4.com\/BDTyz_S3GzmhO6zk9qEFXOrmdq8rQIUH6oPE0itmbjQ\/pr:550x550greybg\/aHR0cDovL21lZGlhMi5kZXNpZ25wYXJ0bmVyLmZyL2MvcC1ibGFuay1USC8yMDQxMi53ZWJw?v=1759311379","medium_large":"https:\/\/media.th4.com\/0lDWRsPKUDUBAzrci3ZxtcKjQiQR6LSiiNEF0C6UOog\/pr:1000x1000greybg\/aHR0cDovL21lZGlhMi5kZXNpZ25wYXJ0bmVyLmZyL2MvcC1ibGFuay1USC8yMDQxMi53ZWJw?v=1759311379","large":"https:\/\/media.th4.com\/nX0voI9zSkegA0OZXn_--457yF6cq_7tmGeMTG0uP2U\/pr:1920greybg\/aHR0cDovL21lZGlhMi5kZXNpZ25wYXJ0bmVyLmZyL2MvcC1ibGFuay1USC8yMDQxMi53ZWJw?v=1759311379","opengraph":"https:\/\/media.th4.com\/znCqdsZB9LPg1t5b7kdeShHX78UkPzecPxRpAQL5iK8\/pr:1200x630greybg\/aHR0cDovL21lZGlhMi5kZXNpZ25wYXJ0bmVyLmZyL2MvcC1ibGFuay1USC8yMDQxMi53ZWJw?v=1759311379"},"main_images_customization":{"miniature":"https:\/\/media.th4.com\/EYJeUaFQMs60nJgY5qbnszAS4fUE7biRonZ8cNQD6oo\/pr:80\/aHR0cDovL21lZGlhMi5kZXNpZ25wYXJ0bmVyLmZyL2MvcC1ibGFuay1USC8yMDQxMi53ZWJw?v=1759311379","medium":"https:\/\/media.th4.com\/BDTyz_S3GzmhO6zk9qEFXOrmdq8rQIUH6oPE0itmbjQ\/pr:550x550greybg\/aHR0cDovL21lZGlhMi5kZXNpZ25wYXJ0bmVyLmZyL2MvcC1ibGFuay1USC8yMDQxMi53ZWJw?v=1759311379","medium_large":"https:\/\/media.th4.com\/0lDWRsPKUDUBAzrci3ZxtcKjQiQR6LSiiNEF0C6UOog\/pr:1000x1000greybg\/aHR0cDovL21lZGlhMi5kZXNpZ25wYXJ0bmVyLmZyL2MvcC1ibGFuay1USC8yMDQxMi53ZWJw?v=1759311379","large":"https:\/\/media.th4.com\/nX0voI9zSkegA0OZXn_--457yF6cq_7tmGeMTG0uP2U\/pr:1920greybg\/aHR0cDovL21lZGlhMi5kZXNpZ25wYXJ0bmVyLmZyL2MvcC1ibGFuay1USC8yMDQxMi53ZWJw?v=1759311379","opengraph":"https:\/\/media.th4.com\/znCqdsZB9LPg1t5b7kdeShHX78UkPzecPxRpAQL5iK8\/pr:1200x630greybg\/aHR0cDovL21lZGlhMi5kZXNpZ25wYXJ0bmVyLmZyL2MvcC1ibGFuay1USC8yMDQxMi53ZWJw?v=1759311379"},"page_links":{"fr":"\/fr\/p-st-es1231-belle-miroir-poche-pliant-es1231-20412\/","en":"\/en\/p-st-es1231-belle-folding-pocket-mirror-es1231-20412\/","de":"\/de\/p-st-es1231-belle-faltbarer-taschenspiegel-es1231-20412\/","nl":"\/nl\/p-st-es1231-belle-opvouwbare-zakspiegel-es1231-20412\/","es":"\/es\/p-st-es1231-belle-espejo-de-bolsillo-plegable-es1231-20412\/","it":"\/it\/p-st-es1231-belle-specchietto-tascabile-pieghevole-es1231-20412\/","sv":"\/sv\/p-st-es1231-belle-vikbar-fickspegel-es1231-20412\/","pt":"\/pt\/p-st-es1231-belle-espelho-de-bolso-dobravel-es1231-20412\/","da":"\/da\/p-st-es1231-belle-sammenklappeligt-lommespejl-es1231-20412\/","pl":"\/pl\/p-st-es1231-belle-skladane-kieszonkowe-lusterko-es1231-20412\/"},"page_links_customization":{"fr":"\/fr\/p-st-es1231-belle-miroir-pliant-es1231-personnalisable-20412\/custom\/","en":"\/en\/p-st-es1231-belle-folding-mirror-es1231-customizable-20412\/custom\/","de":"\/de\/p-st-es1231-belle-klappspiegel-es1231-personalisierbar-20412\/custom\/","nl":"\/nl\/p-st-es1231-belle-vouwspiegel-es1231-aanpasbaar-20412\/custom\/","es":"\/es\/p-st-es1231-belle-espejo-plegable-es1231-personalizable-20412\/custom\/","it":"\/it\/p-st-es1231-belle-specchio-pieghevole-es1231-personalizzabile-20412\/custom\/","sv":"\/sv\/p-st-es1231-belle-vikbar-spegel-es1231-anpassningsbar-20412\/custom\/","pt":"\/pt\/p-st-es1231-belle-espelho-dobravel-es1231-personalizavel-20412\/custom\/","da":"\/da\/p-st-es1231-belle-foldbar-spejl-es1231-personaliserbar-20412\/custom\/","pl":"\/pl\/p-st-es1231-belle-skladane-lustro-es1231-personalizowane-20412\/custom\/"},"equivalent_products":[],"colors":[{"id":17596,"name":"beige","class_ids":[8],"codes_hexa":["f3efe0"],"delai_24":false,"has_3d":false,"seuil_global":0,"stock_local":0,"stock_global":496,"on_standby":false,"in_catalog":true,"images":{"miniature":["https:\/\/media.th4.com\/8lLIhanQn8l3u2jki-8Xnvb5KZg6urL-OWYZsWJY-Ag\/pr:80\/aHR0cDovL21lZGlhMi5kZXNpZ25wYXJ0bmVyLmZyL2MvcC8yMDQxMi8yMDQxMi0xNzU5Ni0xLndlYnA?v=1759308267","https:\/\/media.th4.com\/KKXcKY1Aa01oiKIRrXpFMElESpRUkRruznt4bHMa-e8\/pr:80\/aHR0cDovL21lZGlhMi5kZXNpZ25wYXJ0bmVyLmZyL2MvcC8yMDQxMi8yMDQxMi0xNzU5Ni0xMC53ZWJw?v=1759308267"],"medium":["https:\/\/media.th4.com\/8b9AsdCu-vaylPmuOBMSi6y5ur8tHI_VkPVQ_JAxIbc\/pr:550x550\/aHR0cDovL21lZGlhMi5kZXNpZ25wYXJ0bmVyLmZyL2MvcC8yMDQxMi8yMDQxMi0xNzU5Ni0xLndlYnA?v=1759308267","https:\/\/media.th4.com\/AIzo2RagW_HicKp5W1Zm33kyV2NkXw8Awtdbj1wqikY\/pr:550x550\/aHR0cDovL21lZGlhMi5kZXNpZ25wYXJ0bmVyLmZyL2MvcC8yMDQxMi8yMDQxMi0xNzU5Ni0xMC53ZWJw?v=1759308267"],"medium_large":["https:\/\/media.th4.com\/2dvEg5JsstT6yjAqNB2FTo8PfX1C-x8Iky0srHaWTEs\/pr:1000x1000\/aHR0cDovL21lZGlhMi5kZXNpZ25wYXJ0bmVyLmZyL2MvcC8yMDQxMi8yMDQxMi0xNzU5Ni0xLndlYnA?v=1759308267","https:\/\/media.th4.com\/9VnuCxzTuLJpu0CNHlTpDT8pyKRGWQQozQ4gZAMDba4\/pr:1000x1000\/aHR0cDovL21lZGlhMi5kZXNpZ25wYXJ0bmVyLmZyL2MvcC8yMDQxMi8yMDQxMi0xNzU5Ni0xMC53ZWJw?v=1759308267"],"large":["https:\/\/media.th4.com\/rygZh_Sw1-AFNBAB1_Pf1OH_KvMtpLI-2-6jESoAiww\/pr:1920\/aHR0cDovL21lZGlhMi5kZXNpZ25wYXJ0bmVyLmZyL2MvcC8yMDQxMi8yMDQxMi0xNzU5Ni0xLndlYnA?v=1759308267","https:\/\/media.th4.com\/dEt9FRHDwK7FM6pS8fN-NMsxlfCsd-rRpqIIHvVMpp0\/pr:1920\/aHR0cDovL21lZGlhMi5kZXNpZ25wYXJ0bmVyLmZyL2MvcC8yMDQxMi8yMDQxMi0xNzU5Ni0xMC53ZWJw?v=1759308267"],"opengraph":["https:\/\/media.th4.com\/jMs5UWn3TErF2_HbxyJV6ey7sRvHLpbbiRko5d2zzSk\/pr:1200x630\/aHR0cDovL21lZGlhMi5kZXNpZ25wYXJ0bmVyLmZyL2MvcC8yMDQxMi8yMDQxMi0xNzU5Ni0xLndlYnA?v=1759308267","https:\/\/media.th4.com\/zQDjQP-O-zLCgGbSaGO4ypQaj4T3BN_hTV14pZm6Znk\/pr:1200x630\/aHR0cDovL21lZGlhMi5kZXNpZ25wYXJ0bmVyLmZyL2MvcC8yMDQxMi8yMDQxMi0xNzU5Ni0xMC53ZWJw?v=1759308267"]},"images_customization":{"miniature":["https:\/\/media.th4.com\/8lLIhanQn8l3u2jki-8Xnvb5KZg6urL-OWYZsWJY-Ag\/pr:80\/aHR0cDovL21lZGlhMi5kZXNpZ25wYXJ0bmVyLmZyL2MvcC8yMDQxMi8yMDQxMi0xNzU5Ni0xLndlYnA?v=1759308267","https:\/\/media.th4.com\/KKXcKY1Aa01oiKIRrXpFMElESpRUkRruznt4bHMa-e8\/pr:80\/aHR0cDovL21lZGlhMi5kZXNpZ25wYXJ0bmVyLmZyL2MvcC8yMDQxMi8yMDQxMi0xNzU5Ni0xMC53ZWJw?v=1759308267"],"medium":["https:\/\/media.th4.com\/8b9AsdCu-vaylPmuOBMSi6y5ur8tHI_VkPVQ_JAxIbc\/pr:550x550\/aHR0cDovL21lZGlhMi5kZXNpZ25wYXJ0bmVyLmZyL2MvcC8yMDQxMi8yMDQxMi0xNzU5Ni0xLndlYnA?v=1759308267","https:\/\/media.th4.com\/AIzo2RagW_HicKp5W1Zm33kyV2NkXw8Awtdbj1wqikY\/pr:550x550\/aHR0cDovL21lZGlhMi5kZXNpZ25wYXJ0bmVyLmZyL2MvcC8yMDQxMi8yMDQxMi0xNzU5Ni0xMC53ZWJw?v=1759308267"],"medium_large":["https:\/\/media.th4.com\/2dvEg5JsstT6yjAqNB2FTo8PfX1C-x8Iky0srHaWTEs\/pr:1000x1000\/aHR0cDovL21lZGlhMi5kZXNpZ25wYXJ0bmVyLmZyL2MvcC8yMDQxMi8yMDQxMi0xNzU5Ni0xLndlYnA?v=1759308267","https:\/\/media.th4.com\/9VnuCxzTuLJpu0CNHlTpDT8pyKRGWQQozQ4gZAMDba4\/pr:1000x1000\/aHR0cDovL21lZGlhMi5kZXNpZ25wYXJ0bmVyLmZyL2MvcC8yMDQxMi8yMDQxMi0xNzU5Ni0xMC53ZWJw?v=1759308267"],"large":["https:\/\/media.th4.com\/rygZh_Sw1-AFNBAB1_Pf1OH_KvMtpLI-2-6jESoAiww\/pr:1920\/aHR0cDovL21lZGlhMi5kZXNpZ25wYXJ0bmVyLmZyL2MvcC8yMDQxMi8yMDQxMi0xNzU5Ni0xLndlYnA?v=1759308267","https:\/\/media.th4.com\/dEt9FRHDwK7FM6pS8fN-NMsxlfCsd-rRpqIIHvVMpp0\/pr:1920\/aHR0cDovL21lZGlhMi5kZXNpZ25wYXJ0bmVyLmZyL2MvcC8yMDQxMi8yMDQxMi0xNzU5Ni0xMC53ZWJw?v=1759308267"],"opengraph":["https:\/\/media.th4.com\/jMs5UWn3TErF2_HbxyJV6ey7sRvHLpbbiRko5d2zzSk\/pr:1200x630\/aHR0cDovL21lZGlhMi5kZXNpZ25wYXJ0bmVyLmZyL2MvcC8yMDQxMi8yMDQxMi0xNzU5Ni0xLndlYnA?v=1759308267","https:\/\/media.th4.com\/zQDjQP-O-zLCgGbSaGO4ypQaj4T3BN_hTV14pZm6Znk\/pr:1200x630\/aHR0cDovL21lZGlhMi5kZXNpZ25wYXJ0bmVyLmZyL2MvcC8yMDQxMi8yMDQxMi0xNzU5Ni0xMC53ZWJw?v=1759308267"]},"country_origin":"CN","traceability":{"manufacturing_country_id":null,"weaving_country_id":null,"dyeing_country_id":null},"sizes":[{"id":42,"article_id":513458,"class_id":19,"name":"taille_unique","on_standby":false,"stock_local":0,"stock_global":496,"multiple":1,"estimated_date_reassort":null,"is_destocking":false}],"page_links":{"fr":"\/fr\/p-st-es1231-belle-miroir-poche-pliant-es1231-20412\/beige-17596\/","en":"\/en\/p-st-es1231-belle-folding-pocket-mirror-es1231-20412\/beige-17596\/","de":"\/de\/p-st-es1231-belle-faltbarer-taschenspiegel-es1231-20412\/beige-17596\/","nl":"\/nl\/p-st-es1231-belle-opvouwbare-zakspiegel-es1231-20412\/beige-17596\/","es":"\/es\/p-st-es1231-belle-espejo-de-bolsillo-plegable-es1231-20412\/beige-17596\/","it":"\/it\/p-st-es1231-belle-specchietto-tascabile-pieghevole-es1231-20412\/beige-17596\/","sv":"\/sv\/p-st-es1231-belle-vikbar-fickspegel-es1231-20412\/beige-17596\/","pt":"\/pt\/p-st-es1231-belle-espelho-de-bolso-dobravel-es1231-20412\/beige-17596\/","da":"\/da\/p-st-es1231-belle-sammenklappeligt-lommespejl-es1231-20412\/beige-17596\/","pl":"\/pl\/p-st-es1231-belle-skladane-kieszonkowe-lusterko-es1231-20412\/beige-17596\/"},"page_links_customization":{"fr":"\/fr\/p-st-es1231-belle-miroir-pliant-es1231-personnalisable-20412\/beige-17596\/custom\/","en":"\/en\/p-st-es1231-belle-folding-mirror-es1231-customizable-20412\/beige-17596\/custom\/","de":"\/de\/p-st-es1231-belle-klappspiegel-es1231-personalisierbar-20412\/beige-17596\/custom\/","nl":"\/nl\/p-st-es1231-belle-vouwspiegel-es1231-aanpasbaar-20412\/beige-17596\/custom\/","es":"\/es\/p-st-es1231-belle-espejo-plegable-es1231-personalizable-20412\/beige-17596\/custom\/","it":"\/it\/p-st-es1231-belle-specchio-pieghevole-es1231-personalizzabile-20412\/beige-17596\/custom\/","sv":"\/sv\/p-st-es1231-belle-vikbar-spegel-es1231-anpassningsbar-20412\/beige-17596\/custom\/","pt":"\/pt\/p-st-es1231-belle-espelho-dobravel-es1231-personalizavel-20412\/beige-17596\/custom\/","da":"\/da\/p-st-es1231-belle-foldbar-spejl-es1231-personaliserbar-20412\/beige-17596\/custom\/","pl":"\/pl\/p-st-es1231-belle-skladane-lustro-es1231-personalizowane-20412\/beige-17596\/custom\/"}}],"documentation_link":"\/pdf\/20412.pdf","countries_availables":["AD","AE","AL","AT","BA","BD","BE","BG","BL","CA","CH","CN","CO","CY","CZ","DE","DK","DO","EE","EG","ES","ET","FI","FR","GB","GE","GF","GP","GR","GT","HK","HN","HR","HT","HU","ID","IE","IN","IS","IT","JO","JP","KE","KH","KP","KR","LA","LK","LS","LT","LU","LV","MA","MF","MG","MK","MM","MN","MQ","MT","MX","MY","NC","NI","NL","PF","PH","PK","PL","PM","PT","RE","RO","SE","SG","SI","SK","SV","SY","TH","TN","TR","TW","TZ","US","VN","WF","YT"]},"infos_customization":[],"features":{"authorize_multi_surfaces":true,"display_order_delay_type":true,"promote_surface_display":true,"tarification_franco_offert":true,"enabled_3d_editor":false},"markings":[{"id":0,"nom":"vierge","finition":null,"libelle":null,"code":null,"dpi":null,"finesse_forme_isolee":null,"finesse_forme_non_isolee":null,"hauteur_minimale_texte":null,"inactif":0,"marquage_interne":1,"quantite_min":null,"parent_id":null,"print_on_support":0,"content":"vierge","description":null},{"id":2,"nom":"fonce","finition":"optimale","libelle":"TopQuadri","code":null,"dpi":400,"finesse_forme_isolee":"0.040","finesse_forme_non_isolee":"0.700","hauteur_minimale_texte":2,"inactif":0,"marquage_interne":1,"quantite_min":null,"parent_id":18,"print_on_support":0,"content":"TopQuadri","description":"pour petites et moyennes s\u00e9ries"},{"id":3,"nom":"serigraphie","finition":"serigraphie","libelle":"SeriCoat","code":null,"dpi":400,"finesse_forme_isolee":"0.040","finesse_forme_non_isolee":"0.700","hauteur_minimale_texte":2,"inactif":0,"marquage_interne":1,"quantite_min":15,"parent_id":18,"print_on_support":0,"content":"SeriCoat","description":"pour moyennes et grandes s\u00e9ries"},{"id":4,"nom":"broderie","finition":"broderie","libelle":"Broderie","code":null,"dpi":400,"finesse_forme_isolee":"0.040","finesse_forme_non_isolee":"0.700","hauteur_minimale_texte":3,"inactif":0,"marquage_interne":1,"quantite_min":null,"parent_id":null,"print_on_support":0,"content":"Broderie","description":null},{"id":8,"nom":"theme","finition":null,"libelle":"Th\u00e8me","code":null,"dpi":null,"finesse_forme_isolee":null,"finesse_forme_non_isolee":null,"hauteur_minimale_texte":null,"inactif":0,"marquage_interne":1,"quantite_min":null,"parent_id":null,"print_on_support":0,"content":"Th\u00e8me","description":null},{"id":9,"nom":"sans","finition":null,"libelle":null,"code":null,"dpi":null,"finesse_forme_isolee":null,"finesse_forme_non_isolee":null,"hauteur_minimale_texte":null,"inactif":0,"marquage_interne":1,"quantite_min":null,"parent_id":null,"print_on_support":0,"content":"sans","description":null},{"id":10,"nom":"photo","finition":null,"libelle":"Photo","code":null,"dpi":null,"finesse_forme_isolee":null,"finesse_forme_non_isolee":null,"hauteur_minimale_texte":null,"inactif":0,"marquage_interne":1,"quantite_min":null,"parent_id":null,"print_on_support":0,"content":"Photo","description":null},{"id":14,"nom":"couleur","finition":null,"libelle":"Couleur","code":null,"dpi":null,"finesse_forme_isolee":null,"finesse_forme_non_isolee":null,"hauteur_minimale_texte":null,"inactif":0,"marquage_interne":1,"quantite_min":null,"parent_id":null,"print_on_support":0,"content":"Couleur","description":null},{"id":15,"nom":"sublimation","finition":"sublimation","libelle":"Sublimation","code":null,"dpi":null,"finesse_forme_isolee":"0.000","finesse_forme_non_isolee":"0.000","hauteur_minimale_texte":2,"inactif":0,"marquage_interne":1,"quantite_min":null,"parent_id":null,"print_on_support":0,"content":"Sublimation","description":null},{"id":16,"nom":"topquadri_uv","finition":null,"libelle":"TopQuadri UV","code":null,"dpi":null,"finesse_forme_isolee":"0.020","finesse_forme_non_isolee":"0.700","hauteur_minimale_texte":2,"inactif":0,"marquage_interne":1,"quantite_min":null,"parent_id":null,"print_on_support":1,"content":null,"description":null},{"id":17,"nom":"topquadri_uvp","finition":null,"libelle":"TopQuadri UVP","code":null,"dpi":null,"finesse_forme_isolee":"0.020","finesse_forme_non_isolee":"0.700","hauteur_minimale_texte":2,"inactif":0,"marquage_interne":1,"quantite_min":null,"parent_id":null,"print_on_support":1,"content":null,"description":null},{"id":18,"nom":"quadri","finition":null,"libelle":"Impression","code":null,"dpi":null,"finesse_forme_isolee":null,"finesse_forme_non_isolee":null,"hauteur_minimale_texte":null,"inactif":0,"marquage_interne":1,"quantite_min":null,"parent_id":null,"print_on_support":0,"content":null,"description":null}]}}