{"data":{"product":{"id":20136,"titre":"BRANDON","description":"Couverture polaire en polyester RPET recycl\u00e9 avec housse pratique. Traitement anti-boulochage. Composition : polyester recycl\u00e9 RPET.","genre":"","grammage":200,"conditionnement":20,"composition":"polyester,polyester_uniquement","reference":"BK5624","reference_visible":"st-bk5624","reference_fabricant":"BK5624","ref_xor":"727277","in_catalog":true,"is_transfer":false,"is_service":false,"on_standby":false,"has_3d":false,"has_size_guide":false,"has_marking":true,"has_vierge":true,"is_cross_sellable":false,"id_picto":203,"filename_3d":null,"brand":{"id":352,"name":"Stamina","logo":"logo-stamina.png","image":"https:\/\/media.th4.com\/XtszMrhN4PSlQT4v0dBJBG2A1qMsj6Ced58O9G8vaL8\/pr:brand70x70\/aHR0cDovL21lZGlhMi5kZXNpZ25wYXJ0bmVyLmZyL2MvbS9sb2dvLXN0YW1pbmEucG5n?v=1691073931"},"price_infos":{"price_from":20.04,"quantity":100,"color":{"id":17585,"name":"bleu_royal"},"size":{"id":42,"name":"taille_unique"}},"price_infos_marking":{"price_from":14.4,"quantity":200,"color":{"id":17585,"name":"bleu_royal"},"size":{"id":42,"name":"taille_unique"},"marking":{"id":4,"name":""},"emplacement":"avant","surface_emplacement_id":6438,"surface":"Bas gauche"},"i18n":{"blank":{"title":{"fr":"Brandon Plaid couverture STAMINA bk5624","en":"Brandon Plaid blanket STAMINA bk5624","de":"Brandon Fleecedecke Plaid STAMINA bk5624","nl":"Brandon Plaid deken STAMINA bk5624","es":"Brandon Manta tipo plaid STAMINA bk5624","it":"Brandon Plaid coperta STAMINA bk5624","sv":"Brandon Pl\u00e4d filt STAMINA bk5624","pt":"Brandon Manta xadrez STAMINA bk5624","da":"Brandon plaidt\u00e6ppe STAMINA bk5624","pl":"Brandon Koc pledowy STAMINA bk5624"},"description":{"fr":"Le Brandon plaid couverture en polyester recycl\u00e9 RPET convient pour se couvrir lors d\u2019un usage domestique ou en d\u00e9placement. Housse pratique incluse. Traitement anti-boulochage.\u00a0\n\n- Composition : polyester recycl\u00e9 RPET\n- Type : couverture polaire\n- Housse : incluse\n- Traitement : anti-boulochage","en":"The Brandon RPET recycled polyester plaid blanket is suitable for keeping covered at home or on the go. Practical cover included. Anti-pilling treatment.\n\n- Composition: RPET recycled polyester\n- Type: fleece blanket\n- Cover: included\n- Treatment: anti-pilling","de":"Die Brandon Plaid-Fleecedecke aus recyceltem RPET-Polyester eignet sich zum Zudecken im Haushalt oder unterwegs. Praktische H\u00fclle inklusive. Anti-Pilling-Behandlung.\n\n- Zusammensetzung: recyceltes RPET-Polyester\n- Typ: Fleecedecke\n- H\u00fclle: inklusive\n- Behandlung: Anti-Pilling","nl":"De Brandon plaid deken van gerecycled RPET-polyester is geschikt om je te bedekken bij thuisgebruik of onderweg. Praktische hoes inbegrepen. Anti-pillingbehandeling.\n\n- Samenstelling: gerecycled RPET-polyester\n- Type: fleece deken\n- Hoes: inbegrepen\n- Behandeling: anti-pilling","es":"La manta tipo plaid Brandon de poli\u00e9ster reciclado RPET es adecuada para cubrirse en uso dom\u00e9stico o durante desplazamientos. Funda pr\u00e1ctica incluida. Tratamiento antipilling.\n\n- Composici\u00f3n: poli\u00e9ster reciclado RPET\n- Tipo: manta polar\n- Funda: incluida\n- Tratamiento: antipilling","it":"Il plaid coperta Brandon in poliestere riciclato RPET \u00e8 adatto per coprirsi in uso domestico o in movimento. Custodia pratica inclusa. Trattamento anti-pilling.\n\n- Composizione: poliestere riciclato RPET\n- Tipo: coperta in pile\n- Custodia: inclusa\n- Trattamento: anti-pilling","sv":"Brandon pl\u00e4d filt i \u00e5tervunnen RPET-polyester passar f\u00f6r att h\u00e5lla sig varm vid hemmabruk eller p\u00e5 resande fot. Praktiskt fodral ing\u00e5r. Anti-pillingbehandling.\n\n- Sammans\u00e4ttning: \u00e5tervunnen RPET-polyester\n- Typ: fleecefilt\n- Fodral: ing\u00e5r\n- Behandling: anti-pilling","pt":"A manta xadrez Brandon em poli\u00e9ster reciclado RPET \u00e9 adequada para se cobrir em uso dom\u00e9stico ou em desloca\u00e7\u00e3o. Capa pr\u00e1tica inclu\u00edda. Tratamento anti-borboto.\n\n- Composi\u00e7\u00e3o: poli\u00e9ster reciclado RPET\n- Tipo: cobertor polar\n- Capa: inclu\u00edda\n- Tratamento: anti-borboto","da":"Brandon plaidt\u00e6ppe i genanvendt RPET-polyester egnet til at d\u00e6kke sig ved hjemmebrug eller p\u00e5 farten. Praktisk etui inkluderet. Anti-pilling-behandling.\n\n- Sammens\u00e6tning: genanvendt RPET-polyester\n- Type: fleecet\u00e6ppe\n- Etui: inkluderet\n- Behandling: anti-pilling","pl":"Koc pledowy Brandon z poliestru z recyklingu RPET nadaje si\u0119 do okrycia w domu lub w podr\u00f3\u017cy. W zestawie praktyczny pokrowiec. Wyko\u0144czenie antypillingowe.\n\n- Sk\u0142ad: poliester z recyklingu RPET\n- Typ: koc polarowy\n- Pokrowiec: w zestawie\n- Wyko\u0144czenie: antypillingowe"},"h1":{"fr":"Brandon Plaid couverture bk5624","en":"Brandon Plaid blanket bk5624","de":"Brandon Fleecedecke Plaid bk5624","nl":"Brandon Plaid deken bk5624","es":"Brandon Manta tipo plaid bk5624","it":"Brandon Plaid coperta bk5624","sv":"Brandon Pl\u00e4d filt bk5624","pt":"Brandon Manta xadrez bk5624","da":"Brandon plaidt\u00e6ppe bk5624","pl":"Brandon Koc pledowy bk5624"},"meta_description":{"fr":"Couverture polaire en polyester recycl\u00e9 RPET avec housse pratique. Traitement anti-boulochage pour limiter les fibres en surface au fil du temps.","en":"RPET recycled polyester fleece blanket with a practical cover. Anti-pilling treatment to reduce surface fibers over time.","de":"Fleecedecke aus recyceltem RPET-Polyester mit praktischer H\u00fclle. Anti-Pilling-Behandlung zur Begrenzung von Fasern auf der Oberfl\u00e4che im Laufe der Zeit.","nl":"Fleece deken van gerecycled RPET-polyester met praktische hoes. Anti-pillingbehandeling om de vezels aan het oppervlak na verloop van tijd te beperken.","es":"Manta polar de poli\u00e9ster reciclado RPET con funda pr\u00e1ctica. Tratamiento antipilling para limitar las fibras en la superficie con el tiempo.","it":"Coperta in pile in poliestere riciclato RPET con pratica custodia. Trattamento anti-pilling per ridurre le fibre in superficie nel tempo.","sv":"Fleecefilt i \u00e5tervunnen RPET-polyester med praktiskt fodral. Anti-pillingbehandling f\u00f6r att minska fibrer p\u00e5 ytan \u00f6ver tid.","pt":"Cobertor polar em poli\u00e9ster reciclado RPET com capa pr\u00e1tica. Tratamento anti-borboto para reduzir as fibras na superf\u00edcie ao longo do tempo.","da":"Fleecet\u00e6ppe i genanvendt RPET-polyester med praktisk etui. Anti-pilling-behandling for at begr\u00e6nse fibre p\u00e5 overfladen over tid.","pl":"Polarowy koc z poliestru z recyklingu RPET z praktycznym pokrowcem. Wyko\u0144czenie antypillingowe ogranicza powstawanie w\u0142\u00f3kien na powierzchni z up\u0142ywem czasu."}},"custom":{"title":{"fr":"BRANDON plaid Stamina bk5624 personnalisable","en":"BRANDON plaid Stamina bk5624 customizable","de":"BRANDON plaid Stamina bk5624 personalisierbar","nl":"BRANDON plaid Stamina bk5624 personaliseerbaar","es":"BRANDON plaid Stamina bk5624 personalizable","it":"BRANDON plaid Stamina bk5624 personalizzabile","sv":"BRANDON fleecefilt Stamina bk5624 anpassningsbar","pt":"BRANDON plaid Stamina bk5624 personaliz\u00e1vel","da":"BRANDON plaid Stamina bk5624 tilpasselig","pl":"BRANDON plaid Stamina bk5624 personalizowany"},"description":{"fr":"La couverture polaire BRANDON est con\u00e7ue en polyester recycl\u00e9 RPET avec un traitement anti-boulochage pour limiter l'usure. Elle inclut une housse pratique facilitant son usage et son rangement. La mati\u00e8re utilis\u00e9e est le polyester recycl\u00e9 RPET.\n\n- Composition polyester recycl\u00e9 RPET\n- Traitement anti-boulochage appliqu\u00e9\n- Housse pratique incluse\n- Personnalisable selon besoins","en":"The BRANDON fleece blanket is made of recycled RPET polyester with an anti-pilling treatment to limit wear. It includes a practical cover for easier use and storage. The material used is recycled RPET polyester.\n\n- Recycled RPET polyester composition\n- Applied anti-pilling treatment\n- Practical cover included\n- Customizable according to needs","de":"Die Fleecedecke BRANDON ist aus recyceltem RPET-Polyester gefertigt mit einer Anti-Pilling-Behandlung zur Verringerung von Abnutzung. Sie enth\u00e4lt einen praktischen Bezug f\u00fcr einfache Nutzung und Aufbewahrung. Das verwendete Material ist recyceltes RPET-Polyester.\n\n- Zusammensetzung recyceltes RPET-Polyester\n- Angewandte Anti-Pilling-Behandlung\n- Praktischer Bezug enthalten\n- Nach Bedarf personalisierbar","nl":"De fleece deken BRANDON is gemaakt van gerecycled RPET polyester met een anti-pilling behandeling om slijtage te beperken. Inclusief een handige hoes die gebruik en opbergen vergemakkelijkt. Het gebruikte materiaal is gerecycled RPET polyester.\n\n- Samenstelling gerecycled RPET polyester\n- Toegepaste anti-pilling behandeling\n- Handige hoes inbegrepen\n- Personaliseerbaar volgens behoeften","es":"La manta polar BRANDON est\u00e1 dise\u00f1ada en poli\u00e9ster reciclado RPET con tratamiento anti-pilling para limitar el desgaste. Incluye una funda pr\u00e1ctica que facilita su uso y almacenaje. El material usado es poli\u00e9ster reciclado RPET.\n\n- Composici\u00f3n poli\u00e9ster reciclado RPET\n- Tratamiento anti-pilling aplicado\n- Funda pr\u00e1ctica incluida\n- Personalizable seg\u00fan necesidades","it":"La coperta in pile BRANDON \u00e8 realizzata in poliestere riciclato RPET con trattamento anti-pilling per limitare l'usura. Include una custodia pratica che facilita l'uso e il riponimento. Il materiale utilizzato \u00e8 poliestere riciclato RPET.\n\n- Composizione poliestere riciclato RPET\n- Trattamento anti-pilling applicato\n- Custodia pratica inclusa\n- Personalizzabile secondo le esigenze","sv":"Fleecefilt BRANDON \u00e4r tillverkad i \u00e5tervunnen polyester RPET med noppskydd f\u00f6r att minska slitage. Den inkluderar ett praktiskt fodral f\u00f6r enkel anv\u00e4ndning och f\u00f6rvaring. Materialet \u00e4r \u00e5tervunnen polyester RPET.\n\n- Komposition \u00e5tervunnen polyester RPET\n- Applicerat noppskydd\n- Praktiskt fodral ing\u00e5r\n- Anpassningsbar efter behov","pt":"O cobertor polar BRANDON \u00e9 feito em poli\u00e9ster reciclado RPET com tratamento anti-pilling para limitar o desgaste. Inclui capa pr\u00e1tica que facilita o uso e armazenamento. O material utilizado \u00e9 poli\u00e9ster reciclado RPET.\n\n- Composi\u00e7\u00e3o poli\u00e9ster reciclado RPET\n- Tratamento anti-pilling aplicado\n- Capa pr\u00e1tica inclu\u00edda\n- Personaliz\u00e1vel conforme necessidades","da":"Fleece t\u00e6ppet BRANDON er lavet af genanvendt polyester RPET med anti-pilling behandling for at begr\u00e6nse slid. Det inkluderer et praktisk betr\u00e6k, som lette brug og opbevaring. Materialet er genanvendt polyester RPET.\n\n- Sammens\u00e6tning genanvendt polyester RPET\n- P\u00e5f\u00f8rt anti-pilling behandling\n- Inkluderer praktisk betr\u00e6k\n- Kan tilpasses efter behov","pl":"Polarowy koc BRANDON wykonany z recyklingowanego poliestru RPET z obr\u00f3bk\u0105 przeciw mechaceniu ograniczaj\u0105c\u0105 zu\u017cycie. Zawiera praktyczny pokrowiec u\u0142atwiaj\u0105cy u\u017cycie i przechowywanie. Materia\u0142 to recyklingowany poliester RPET.\n\n- Sk\u0142ad: recyklingowany poliester RPET\n- Zastosowana obr\u00f3bka przeciw mechaceniu\n- Praktyczny pokrowiec w zestawie\n- Personalizowany zgodnie z potrzebami"},"h1":{"fr":"BRANDON plaid bk5624 personnalisable","en":"BRANDON plaid bk5624 customizable","de":"BRANDON plaid bk5624 personalisierbar","nl":"BRANDON plaid bk5624 personaliseerbaar","es":"BRANDON plaid bk5624 personalizable","it":"BRANDON plaid bk5624 personalizzabile","sv":"BRANDON fleecefilt bk5624 anpassningsbar","pt":"BRANDON plaid bk5624 personaliz\u00e1vel","da":"BRANDON plaid bk5624 tilpasselig","pl":"BRANDON plaid bk5624 personalizowany"},"meta_description":{"fr":"Couverture polaire en polyester recycl\u00e9 RPET avec housse pratique et traitement anti-boulochage. Personnalisable selon besoins.","en":"Fleece blanket in recycled RPET polyester with practical cover and anti-pilling treatment. Customizable according to needs.","de":"Fleece-Decke aus recyceltem RPET-Polyester mit praktischem Bezug und Anti-Pilling-Behandlung. Personalisiert nach Bedarf.","nl":"Fleece deken van gerecycled RPET polyester met handige hoes en anti-pilling behandeling. Personaliseerbaar volgens behoeften.","es":"Manta polar de poli\u00e9ster reciclado RPET con funda pr\u00e1ctica y tratamiento anti-pilling. Personalizable seg\u00fan necesidades.","it":"Coperta in pile in poliestere riciclato RPET con custodia pratica e trattamento anti-pilling. Personalizzabile secondo le esigenze.","sv":"Fleecefilt i \u00e5tervunnen polyester RPET med praktiskt fodral och noppskydd. Anpassningsbar efter behov.","pt":"Cobertor polar em poli\u00e9ster reciclado RPET com capa pr\u00e1tica e tratamento anti-pilling. Personaliz\u00e1vel conforme necessidades.","da":"Fleece t\u00e6ppe i genanvendt polyester RPET med praktisk betr\u00e6k og anti-pilling behandling. Kan tilpasses efter behov.","pl":"Polarowy koc z recyklingowanego poliestru RPET z praktycznym pokrowcem i obr\u00f3bk\u0105 przeciw mechaceniu. Personalizowany zgodnie z potrzebami."}}},"categories":[{"id":504,"name":"Plaids et couvertures","singular":"Plaid et couverture","is_feminin":false},{"id":497,"name":"Linge de maison","singular":"Linge de maison","is_feminin":false},{"id":354,"name":"Textile","singular":"Textile","is_feminin":false}],"certifications":[{"id":24,"label":"PET recycl\u00e9 (rPet)","logo_link":"\/images\/certifications\/24_PET_recycl\u00e9_(rPet).jpg","is_marking_compatible":false}],"videos":{"fr":[],"en":[],"de":[],"nl":[],"es":[],"it":[],"sv":[],"pt":[],"da":[],"pl":[]},"main_images":{"miniature":"https:\/\/media.th4.com\/aB4mCQwHWdGuC1v41rlOLVXtWhUl4GQc-HvsTQ3VtF8\/pr:80\/aHR0cDovL21lZGlhMi5kZXNpZ25wYXJ0bmVyLmZyL2MvcC1ibGFuay1USC8yMDEzNi53ZWJw?v=1759311172","medium":"https:\/\/media.th4.com\/CuS2JIA6M1IfwVuviDTYeieXHR8gCNrl5I7bDQJB7Ac\/pr:550x550greybg\/aHR0cDovL21lZGlhMi5kZXNpZ25wYXJ0bmVyLmZyL2MvcC1ibGFuay1USC8yMDEzNi53ZWJw?v=1759311172","medium_large":"https:\/\/media.th4.com\/qTPNqyx5PSzO7A9hDSt8S_u1d8gtHGXXDvwlqK6Khjc\/pr:1000x1000greybg\/aHR0cDovL21lZGlhMi5kZXNpZ25wYXJ0bmVyLmZyL2MvcC1ibGFuay1USC8yMDEzNi53ZWJw?v=1759311172","large":"https:\/\/media.th4.com\/mXr1E3idKGOuLdKyYDbCdvELvCM6o6eil30v2_zrqC4\/pr:1920greybg\/aHR0cDovL21lZGlhMi5kZXNpZ25wYXJ0bmVyLmZyL2MvcC1ibGFuay1USC8yMDEzNi53ZWJw?v=1759311172","opengraph":"https:\/\/media.th4.com\/kApI_gRXSRI7K7X5iq-LDccVC_4HoCTaY3eXxz_ZvRE\/pr:1200x630greybg\/aHR0cDovL21lZGlhMi5kZXNpZ25wYXJ0bmVyLmZyL2MvcC1ibGFuay1USC8yMDEzNi53ZWJw?v=1759311172"},"main_images_customization":{"miniature":"https:\/\/media.th4.com\/aB4mCQwHWdGuC1v41rlOLVXtWhUl4GQc-HvsTQ3VtF8\/pr:80\/aHR0cDovL21lZGlhMi5kZXNpZ25wYXJ0bmVyLmZyL2MvcC1ibGFuay1USC8yMDEzNi53ZWJw?v=1759311172","medium":"https:\/\/media.th4.com\/CuS2JIA6M1IfwVuviDTYeieXHR8gCNrl5I7bDQJB7Ac\/pr:550x550greybg\/aHR0cDovL21lZGlhMi5kZXNpZ25wYXJ0bmVyLmZyL2MvcC1ibGFuay1USC8yMDEzNi53ZWJw?v=1759311172","medium_large":"https:\/\/media.th4.com\/qTPNqyx5PSzO7A9hDSt8S_u1d8gtHGXXDvwlqK6Khjc\/pr:1000x1000greybg\/aHR0cDovL21lZGlhMi5kZXNpZ25wYXJ0bmVyLmZyL2MvcC1ibGFuay1USC8yMDEzNi53ZWJw?v=1759311172","large":"https:\/\/media.th4.com\/mXr1E3idKGOuLdKyYDbCdvELvCM6o6eil30v2_zrqC4\/pr:1920greybg\/aHR0cDovL21lZGlhMi5kZXNpZ25wYXJ0bmVyLmZyL2MvcC1ibGFuay1USC8yMDEzNi53ZWJw?v=1759311172","opengraph":"https:\/\/media.th4.com\/kApI_gRXSRI7K7X5iq-LDccVC_4HoCTaY3eXxz_ZvRE\/pr:1200x630greybg\/aHR0cDovL21lZGlhMi5kZXNpZ25wYXJ0bmVyLmZyL2MvcC1ibGFuay1USC8yMDEzNi53ZWJw?v=1759311172"},"page_links":{"fr":"\/fr\/p-st-bk5624-brandon-plaid-couverture-bk5624-20136\/","en":"\/en\/p-st-bk5624-brandon-plaid-blanket-bk5624-20136\/","de":"\/de\/p-st-bk5624-brandon-fleecedecke-plaid-bk5624-20136\/","nl":"\/nl\/p-st-bk5624-brandon-plaid-deken-bk5624-20136\/","es":"\/es\/p-st-bk5624-brandon-manta-tipo-plaid-bk5624-20136\/","it":"\/it\/p-st-bk5624-brandon-plaid-coperta-bk5624-20136\/","sv":"\/sv\/p-st-bk5624-brandon-plad-filt-bk5624-20136\/","pt":"\/pt\/p-st-bk5624-brandon-manta-xadrez-bk5624-20136\/","da":"\/da\/p-st-bk5624-brandon-plaidtaeppe-bk5624-20136\/","pl":"\/pl\/p-st-bk5624-brandon-koc-pledowy-bk5624-20136\/"},"page_links_customization":{"fr":"\/fr\/p-st-bk5624-brandon-plaid-bk5624-personnalisable-20136\/custom\/","en":"\/en\/p-st-bk5624-brandon-plaid-bk5624-customizable-20136\/custom\/","de":"\/de\/p-st-bk5624-brandon-plaid-bk5624-personalisierbar-20136\/custom\/","nl":"\/nl\/p-st-bk5624-brandon-plaid-bk5624-personaliseerbaar-20136\/custom\/","es":"\/es\/p-st-bk5624-brandon-plaid-bk5624-personalizable-20136\/custom\/","it":"\/it\/p-st-bk5624-brandon-plaid-bk5624-personalizzabile-20136\/custom\/","sv":"\/sv\/p-st-bk5624-brandon-fleecefilt-bk5624-anpassningsbar-20136\/custom\/","pt":"\/pt\/p-st-bk5624-brandon-plaid-bk5624-personalizavel-20136\/custom\/","da":"\/da\/p-st-bk5624-brandon-plaid-bk5624-tilpasselig-20136\/custom\/","pl":"\/pl\/p-st-bk5624-brandon-plaid-bk5624-personalizowany-20136\/custom\/"},"equivalent_products":[],"colors":[{"id":17585,"name":"bleu_royal","class_ids":[2],"codes_hexa":["0060a9"],"delai_24":false,"has_3d":false,"seuil_global":0,"stock_local":0,"stock_global":526,"on_standby":false,"in_catalog":true,"images":{"miniature":["https:\/\/media.th4.com\/ZtBjtdfLZqD3pBAQkiTaE-nMBSYyxcdk28X7GoShHBY\/pr:80\/aHR0cDovL21lZGlhMi5kZXNpZ25wYXJ0bmVyLmZyL2MvcC8yMDEzNi8yMDEzNi0xNzU4NS0xLndlYnA?v=1759307077"],"medium":["https:\/\/media.th4.com\/xc82NrY_lnNMbyjlibSs_KsX9pb4nb251Z1DNTskDHE\/pr:550x550\/aHR0cDovL21lZGlhMi5kZXNpZ25wYXJ0bmVyLmZyL2MvcC8yMDEzNi8yMDEzNi0xNzU4NS0xLndlYnA?v=1759307077"],"medium_large":["https:\/\/media.th4.com\/1yz0CdQkMLX2rCXN3kcERTGMR-vt4GESqvH-IQcMWaQ\/pr:1000x1000\/aHR0cDovL21lZGlhMi5kZXNpZ25wYXJ0bmVyLmZyL2MvcC8yMDEzNi8yMDEzNi0xNzU4NS0xLndlYnA?v=1759307077"],"large":["https:\/\/media.th4.com\/69DiE1JHQBCEm28scMSrr35jNONjiph05Mcldm8xcxw\/pr:1920\/aHR0cDovL21lZGlhMi5kZXNpZ25wYXJ0bmVyLmZyL2MvcC8yMDEzNi8yMDEzNi0xNzU4NS0xLndlYnA?v=1759307077"],"opengraph":["https:\/\/media.th4.com\/TmTBcQ8P2qHS56kuxy2EBpglUZSnrjd1XkvypUtB99w\/pr:1200x630\/aHR0cDovL21lZGlhMi5kZXNpZ25wYXJ0bmVyLmZyL2MvcC8yMDEzNi8yMDEzNi0xNzU4NS0xLndlYnA?v=1759307077"]},"images_customization":{"miniature":["https:\/\/media.th4.com\/ZtBjtdfLZqD3pBAQkiTaE-nMBSYyxcdk28X7GoShHBY\/pr:80\/aHR0cDovL21lZGlhMi5kZXNpZ25wYXJ0bmVyLmZyL2MvcC8yMDEzNi8yMDEzNi0xNzU4NS0xLndlYnA?v=1759307077"],"medium":["https:\/\/media.th4.com\/xc82NrY_lnNMbyjlibSs_KsX9pb4nb251Z1DNTskDHE\/pr:550x550\/aHR0cDovL21lZGlhMi5kZXNpZ25wYXJ0bmVyLmZyL2MvcC8yMDEzNi8yMDEzNi0xNzU4NS0xLndlYnA?v=1759307077"],"medium_large":["https:\/\/media.th4.com\/1yz0CdQkMLX2rCXN3kcERTGMR-vt4GESqvH-IQcMWaQ\/pr:1000x1000\/aHR0cDovL21lZGlhMi5kZXNpZ25wYXJ0bmVyLmZyL2MvcC8yMDEzNi8yMDEzNi0xNzU4NS0xLndlYnA?v=1759307077"],"large":["https:\/\/media.th4.com\/69DiE1JHQBCEm28scMSrr35jNONjiph05Mcldm8xcxw\/pr:1920\/aHR0cDovL21lZGlhMi5kZXNpZ25wYXJ0bmVyLmZyL2MvcC8yMDEzNi8yMDEzNi0xNzU4NS0xLndlYnA?v=1759307077"],"opengraph":["https:\/\/media.th4.com\/TmTBcQ8P2qHS56kuxy2EBpglUZSnrjd1XkvypUtB99w\/pr:1200x630\/aHR0cDovL21lZGlhMi5kZXNpZ25wYXJ0bmVyLmZyL2MvcC8yMDEzNi8yMDEzNi0xNzU4NS0xLndlYnA?v=1759307077"]},"country_origin":"CN","traceability":{"manufacturing_country_id":null,"weaving_country_id":null,"dyeing_country_id":null},"sizes":[{"id":42,"article_id":512693,"class_id":19,"name":"taille_unique","on_standby":false,"stock_local":0,"stock_global":526,"multiple":1,"estimated_date_reassort":null,"is_destocking":false}],"page_links":{"fr":"\/fr\/p-st-bk5624-brandon-plaid-couverture-bk5624-20136\/bleu-royal-17585\/","en":"\/en\/p-st-bk5624-brandon-plaid-blanket-bk5624-20136\/bleu-royal-17585\/","de":"\/de\/p-st-bk5624-brandon-fleecedecke-plaid-bk5624-20136\/bleu-royal-17585\/","nl":"\/nl\/p-st-bk5624-brandon-plaid-deken-bk5624-20136\/bleu-royal-17585\/","es":"\/es\/p-st-bk5624-brandon-manta-tipo-plaid-bk5624-20136\/bleu-royal-17585\/","it":"\/it\/p-st-bk5624-brandon-plaid-coperta-bk5624-20136\/bleu-royal-17585\/","sv":"\/sv\/p-st-bk5624-brandon-plad-filt-bk5624-20136\/bleu-royal-17585\/","pt":"\/pt\/p-st-bk5624-brandon-manta-xadrez-bk5624-20136\/bleu-royal-17585\/","da":"\/da\/p-st-bk5624-brandon-plaidtaeppe-bk5624-20136\/bleu-royal-17585\/","pl":"\/pl\/p-st-bk5624-brandon-koc-pledowy-bk5624-20136\/bleu-royal-17585\/"},"page_links_customization":{"fr":"\/fr\/p-st-bk5624-brandon-plaid-bk5624-personnalisable-20136\/bleu-royal-17585\/custom\/","en":"\/en\/p-st-bk5624-brandon-plaid-bk5624-customizable-20136\/bleu-royal-17585\/custom\/","de":"\/de\/p-st-bk5624-brandon-plaid-bk5624-personalisierbar-20136\/bleu-royal-17585\/custom\/","nl":"\/nl\/p-st-bk5624-brandon-plaid-bk5624-personaliseerbaar-20136\/bleu-royal-17585\/custom\/","es":"\/es\/p-st-bk5624-brandon-plaid-bk5624-personalizable-20136\/bleu-royal-17585\/custom\/","it":"\/it\/p-st-bk5624-brandon-plaid-bk5624-personalizzabile-20136\/bleu-royal-17585\/custom\/","sv":"\/sv\/p-st-bk5624-brandon-fleecefilt-bk5624-anpassningsbar-20136\/bleu-royal-17585\/custom\/","pt":"\/pt\/p-st-bk5624-brandon-plaid-bk5624-personalizavel-20136\/bleu-royal-17585\/custom\/","da":"\/da\/p-st-bk5624-brandon-plaid-bk5624-tilpasselig-20136\/bleu-royal-17585\/custom\/","pl":"\/pl\/p-st-bk5624-brandon-plaid-bk5624-personalizowany-20136\/bleu-royal-17585\/custom\/"}},{"id":17588,"name":"gris_chine","class_ids":[3],"codes_hexa":["c4c4c4"],"delai_24":false,"has_3d":false,"seuil_global":0,"stock_local":0,"stock_global":515,"on_standby":false,"in_catalog":true,"images":{"miniature":["https:\/\/media.th4.com\/A39IvuwPbWo9OFqQnkdu6LqvUDQOOO6g-FJO0NsbyhE\/pr:80\/aHR0cDovL21lZGlhMi5kZXNpZ25wYXJ0bmVyLmZyL2MvcC8yMDEzNi8yMDEzNi0xNzU4OC0xLndlYnA?v=1759307078"],"medium":["https:\/\/media.th4.com\/hx0QzWtTuR_qJh43svUsTCH6b18JuuLxxfRyfclMVSA\/pr:550x550\/aHR0cDovL21lZGlhMi5kZXNpZ25wYXJ0bmVyLmZyL2MvcC8yMDEzNi8yMDEzNi0xNzU4OC0xLndlYnA?v=1759307078"],"medium_large":["https:\/\/media.th4.com\/iAfxkHDcX8nk-_sDaiM1SzijMVLW85L-Ce65SWWbm04\/pr:1000x1000\/aHR0cDovL21lZGlhMi5kZXNpZ25wYXJ0bmVyLmZyL2MvcC8yMDEzNi8yMDEzNi0xNzU4OC0xLndlYnA?v=1759307078"],"large":["https:\/\/media.th4.com\/xjICJRRnNibIDGy2QM2hlVdiU2inB1npcdjhj7Po_hs\/pr:1920\/aHR0cDovL21lZGlhMi5kZXNpZ25wYXJ0bmVyLmZyL2MvcC8yMDEzNi8yMDEzNi0xNzU4OC0xLndlYnA?v=1759307078"],"opengraph":["https:\/\/media.th4.com\/zsZZPtQdPYBhEcdIiq9krV9PciZdoM-37TgK5ESQHWE\/pr:1200x630\/aHR0cDovL21lZGlhMi5kZXNpZ25wYXJ0bmVyLmZyL2MvcC8yMDEzNi8yMDEzNi0xNzU4OC0xLndlYnA?v=1759307078"]},"images_customization":{"miniature":["https:\/\/media.th4.com\/A39IvuwPbWo9OFqQnkdu6LqvUDQOOO6g-FJO0NsbyhE\/pr:80\/aHR0cDovL21lZGlhMi5kZXNpZ25wYXJ0bmVyLmZyL2MvcC8yMDEzNi8yMDEzNi0xNzU4OC0xLndlYnA?v=1759307078"],"medium":["https:\/\/media.th4.com\/hx0QzWtTuR_qJh43svUsTCH6b18JuuLxxfRyfclMVSA\/pr:550x550\/aHR0cDovL21lZGlhMi5kZXNpZ25wYXJ0bmVyLmZyL2MvcC8yMDEzNi8yMDEzNi0xNzU4OC0xLndlYnA?v=1759307078"],"medium_large":["https:\/\/media.th4.com\/iAfxkHDcX8nk-_sDaiM1SzijMVLW85L-Ce65SWWbm04\/pr:1000x1000\/aHR0cDovL21lZGlhMi5kZXNpZ25wYXJ0bmVyLmZyL2MvcC8yMDEzNi8yMDEzNi0xNzU4OC0xLndlYnA?v=1759307078"],"large":["https:\/\/media.th4.com\/xjICJRRnNibIDGy2QM2hlVdiU2inB1npcdjhj7Po_hs\/pr:1920\/aHR0cDovL21lZGlhMi5kZXNpZ25wYXJ0bmVyLmZyL2MvcC8yMDEzNi8yMDEzNi0xNzU4OC0xLndlYnA?v=1759307078"],"opengraph":["https:\/\/media.th4.com\/zsZZPtQdPYBhEcdIiq9krV9PciZdoM-37TgK5ESQHWE\/pr:1200x630\/aHR0cDovL21lZGlhMi5kZXNpZ25wYXJ0bmVyLmZyL2MvcC8yMDEzNi8yMDEzNi0xNzU4OC0xLndlYnA?v=1759307078"]},"country_origin":"CN","traceability":{"manufacturing_country_id":null,"weaving_country_id":null,"dyeing_country_id":null},"sizes":[{"id":42,"article_id":512694,"class_id":19,"name":"taille_unique","on_standby":false,"stock_local":0,"stock_global":515,"multiple":1,"estimated_date_reassort":null,"is_destocking":false}],"page_links":{"fr":"\/fr\/p-st-bk5624-brandon-plaid-couverture-bk5624-20136\/gris-chine-17588\/","en":"\/en\/p-st-bk5624-brandon-plaid-blanket-bk5624-20136\/gris-chine-17588\/","de":"\/de\/p-st-bk5624-brandon-fleecedecke-plaid-bk5624-20136\/gris-chine-17588\/","nl":"\/nl\/p-st-bk5624-brandon-plaid-deken-bk5624-20136\/gris-chine-17588\/","es":"\/es\/p-st-bk5624-brandon-manta-tipo-plaid-bk5624-20136\/gris-chine-17588\/","it":"\/it\/p-st-bk5624-brandon-plaid-coperta-bk5624-20136\/gris-chine-17588\/","sv":"\/sv\/p-st-bk5624-brandon-plad-filt-bk5624-20136\/gris-chine-17588\/","pt":"\/pt\/p-st-bk5624-brandon-manta-xadrez-bk5624-20136\/gris-chine-17588\/","da":"\/da\/p-st-bk5624-brandon-plaidtaeppe-bk5624-20136\/gris-chine-17588\/","pl":"\/pl\/p-st-bk5624-brandon-koc-pledowy-bk5624-20136\/gris-chine-17588\/"},"page_links_customization":{"fr":"\/fr\/p-st-bk5624-brandon-plaid-bk5624-personnalisable-20136\/gris-chine-17588\/custom\/","en":"\/en\/p-st-bk5624-brandon-plaid-bk5624-customizable-20136\/gris-chine-17588\/custom\/","de":"\/de\/p-st-bk5624-brandon-plaid-bk5624-personalisierbar-20136\/gris-chine-17588\/custom\/","nl":"\/nl\/p-st-bk5624-brandon-plaid-bk5624-personaliseerbaar-20136\/gris-chine-17588\/custom\/","es":"\/es\/p-st-bk5624-brandon-plaid-bk5624-personalizable-20136\/gris-chine-17588\/custom\/","it":"\/it\/p-st-bk5624-brandon-plaid-bk5624-personalizzabile-20136\/gris-chine-17588\/custom\/","sv":"\/sv\/p-st-bk5624-brandon-fleecefilt-bk5624-anpassningsbar-20136\/gris-chine-17588\/custom\/","pt":"\/pt\/p-st-bk5624-brandon-plaid-bk5624-personalizavel-20136\/gris-chine-17588\/custom\/","da":"\/da\/p-st-bk5624-brandon-plaid-bk5624-tilpasselig-20136\/gris-chine-17588\/custom\/","pl":"\/pl\/p-st-bk5624-brandon-plaid-bk5624-personalizowany-20136\/gris-chine-17588\/custom\/"}},{"id":17584,"name":"noir","class_ids":[4],"codes_hexa":["000000"],"delai_24":false,"has_3d":false,"seuil_global":0,"stock_local":0,"stock_global":502,"on_standby":false,"in_catalog":true,"images":{"miniature":["https:\/\/media.th4.com\/yg4IWN_oXR4yI5-Wj3WHfLyQgEdK-OvZM-PeSPicNhA\/pr:80\/aHR0cDovL21lZGlhMi5kZXNpZ25wYXJ0bmVyLmZyL2MvcC8yMDEzNi8yMDEzNi0xNzU4NC0xLndlYnA?v=1759307079"],"medium":["https:\/\/media.th4.com\/OxMwh3jHPNOrTAFRC7t2cCjzyEe3Z2-Baz1n7FhSTTI\/pr:550x550\/aHR0cDovL21lZGlhMi5kZXNpZ25wYXJ0bmVyLmZyL2MvcC8yMDEzNi8yMDEzNi0xNzU4NC0xLndlYnA?v=1759307079"],"medium_large":["https:\/\/media.th4.com\/YopktA69EtPgnZKD_ABPyM-NUW0rCuXnoyWe9NHdnqw\/pr:1000x1000\/aHR0cDovL21lZGlhMi5kZXNpZ25wYXJ0bmVyLmZyL2MvcC8yMDEzNi8yMDEzNi0xNzU4NC0xLndlYnA?v=1759307079"],"large":["https:\/\/media.th4.com\/lPNqx4DarZEy0Vfs9_tQBIJY5Zc1qznwr8NoMhPslW8\/pr:1920\/aHR0cDovL21lZGlhMi5kZXNpZ25wYXJ0bmVyLmZyL2MvcC8yMDEzNi8yMDEzNi0xNzU4NC0xLndlYnA?v=1759307079"],"opengraph":["https:\/\/media.th4.com\/TYMANLN-sJTMpWPg64NbiekxBpaevTIMDarRTLi1kuY\/pr:1200x630\/aHR0cDovL21lZGlhMi5kZXNpZ25wYXJ0bmVyLmZyL2MvcC8yMDEzNi8yMDEzNi0xNzU4NC0xLndlYnA?v=1759307079"]},"images_customization":{"miniature":["https:\/\/media.th4.com\/yg4IWN_oXR4yI5-Wj3WHfLyQgEdK-OvZM-PeSPicNhA\/pr:80\/aHR0cDovL21lZGlhMi5kZXNpZ25wYXJ0bmVyLmZyL2MvcC8yMDEzNi8yMDEzNi0xNzU4NC0xLndlYnA?v=1759307079"],"medium":["https:\/\/media.th4.com\/OxMwh3jHPNOrTAFRC7t2cCjzyEe3Z2-Baz1n7FhSTTI\/pr:550x550\/aHR0cDovL21lZGlhMi5kZXNpZ25wYXJ0bmVyLmZyL2MvcC8yMDEzNi8yMDEzNi0xNzU4NC0xLndlYnA?v=1759307079"],"medium_large":["https:\/\/media.th4.com\/YopktA69EtPgnZKD_ABPyM-NUW0rCuXnoyWe9NHdnqw\/pr:1000x1000\/aHR0cDovL21lZGlhMi5kZXNpZ25wYXJ0bmVyLmZyL2MvcC8yMDEzNi8yMDEzNi0xNzU4NC0xLndlYnA?v=1759307079"],"large":["https:\/\/media.th4.com\/lPNqx4DarZEy0Vfs9_tQBIJY5Zc1qznwr8NoMhPslW8\/pr:1920\/aHR0cDovL21lZGlhMi5kZXNpZ25wYXJ0bmVyLmZyL2MvcC8yMDEzNi8yMDEzNi0xNzU4NC0xLndlYnA?v=1759307079"],"opengraph":["https:\/\/media.th4.com\/TYMANLN-sJTMpWPg64NbiekxBpaevTIMDarRTLi1kuY\/pr:1200x630\/aHR0cDovL21lZGlhMi5kZXNpZ25wYXJ0bmVyLmZyL2MvcC8yMDEzNi8yMDEzNi0xNzU4NC0xLndlYnA?v=1759307079"]},"country_origin":"CN","traceability":{"manufacturing_country_id":null,"weaving_country_id":null,"dyeing_country_id":null},"sizes":[{"id":42,"article_id":512692,"class_id":19,"name":"taille_unique","on_standby":false,"stock_local":0,"stock_global":502,"multiple":1,"estimated_date_reassort":null,"is_destocking":false}],"page_links":{"fr":"\/fr\/p-st-bk5624-brandon-plaid-couverture-bk5624-20136\/noir-17584\/","en":"\/en\/p-st-bk5624-brandon-plaid-blanket-bk5624-20136\/noir-17584\/","de":"\/de\/p-st-bk5624-brandon-fleecedecke-plaid-bk5624-20136\/noir-17584\/","nl":"\/nl\/p-st-bk5624-brandon-plaid-deken-bk5624-20136\/noir-17584\/","es":"\/es\/p-st-bk5624-brandon-manta-tipo-plaid-bk5624-20136\/noir-17584\/","it":"\/it\/p-st-bk5624-brandon-plaid-coperta-bk5624-20136\/noir-17584\/","sv":"\/sv\/p-st-bk5624-brandon-plad-filt-bk5624-20136\/noir-17584\/","pt":"\/pt\/p-st-bk5624-brandon-manta-xadrez-bk5624-20136\/noir-17584\/","da":"\/da\/p-st-bk5624-brandon-plaidtaeppe-bk5624-20136\/noir-17584\/","pl":"\/pl\/p-st-bk5624-brandon-koc-pledowy-bk5624-20136\/noir-17584\/"},"page_links_customization":{"fr":"\/fr\/p-st-bk5624-brandon-plaid-bk5624-personnalisable-20136\/noir-17584\/custom\/","en":"\/en\/p-st-bk5624-brandon-plaid-bk5624-customizable-20136\/noir-17584\/custom\/","de":"\/de\/p-st-bk5624-brandon-plaid-bk5624-personalisierbar-20136\/noir-17584\/custom\/","nl":"\/nl\/p-st-bk5624-brandon-plaid-bk5624-personaliseerbaar-20136\/noir-17584\/custom\/","es":"\/es\/p-st-bk5624-brandon-plaid-bk5624-personalizable-20136\/noir-17584\/custom\/","it":"\/it\/p-st-bk5624-brandon-plaid-bk5624-personalizzabile-20136\/noir-17584\/custom\/","sv":"\/sv\/p-st-bk5624-brandon-fleecefilt-bk5624-anpassningsbar-20136\/noir-17584\/custom\/","pt":"\/pt\/p-st-bk5624-brandon-plaid-bk5624-personalizavel-20136\/noir-17584\/custom\/","da":"\/da\/p-st-bk5624-brandon-plaid-bk5624-tilpasselig-20136\/noir-17584\/custom\/","pl":"\/pl\/p-st-bk5624-brandon-plaid-bk5624-personalizowany-20136\/noir-17584\/custom\/"}}],"documentation_link":null,"countries_availables":["AD","AE","AL","AT","BA","BD","BE","BG","BL","CA","CH","CN","CO","CY","CZ","DE","DK","DO","EE","EG","ES","ET","FI","FR","GB","GE","GF","GP","GR","GT","HK","HN","HR","HT","HU","ID","IE","IN","IS","IT","JO","JP","KE","KH","KP","KR","LA","LK","LS","LT","LU","LV","MA","MF","MG","MK","MM","MN","MQ","MT","MX","MY","NC","NI","NL","PF","PH","PK","PL","PM","PT","RE","RO","SE","SG","SI","SK","SV","SY","TH","TN","TR","TW","TZ","US","VN","WF","YT"]},"infos_customization":[],"features":{"authorize_multi_surfaces":true,"display_order_delay_type":true,"promote_surface_display":true,"tarification_franco_offert":true,"enabled_3d_editor":false},"markings":[{"id":0,"nom":"vierge","finition":null,"libelle":null,"code":null,"dpi":null,"finesse_forme_isolee":null,"finesse_forme_non_isolee":null,"hauteur_minimale_texte":null,"inactif":0,"marquage_interne":1,"quantite_min":null,"parent_id":null,"print_on_support":0,"content":"vierge","description":null},{"id":2,"nom":"fonce","finition":"optimale","libelle":"TopQuadri","code":null,"dpi":400,"finesse_forme_isolee":"0.040","finesse_forme_non_isolee":"0.700","hauteur_minimale_texte":2,"inactif":0,"marquage_interne":1,"quantite_min":null,"parent_id":18,"print_on_support":0,"content":"TopQuadri","description":"pour petites et moyennes s\u00e9ries"},{"id":3,"nom":"serigraphie","finition":"serigraphie","libelle":"SeriCoat","code":null,"dpi":400,"finesse_forme_isolee":"0.040","finesse_forme_non_isolee":"0.700","hauteur_minimale_texte":2,"inactif":0,"marquage_interne":1,"quantite_min":15,"parent_id":18,"print_on_support":0,"content":"SeriCoat","description":"pour moyennes et grandes s\u00e9ries"},{"id":4,"nom":"broderie","finition":"broderie","libelle":"Broderie","code":null,"dpi":400,"finesse_forme_isolee":"0.040","finesse_forme_non_isolee":"0.700","hauteur_minimale_texte":3,"inactif":0,"marquage_interne":1,"quantite_min":null,"parent_id":null,"print_on_support":0,"content":"Broderie","description":null},{"id":8,"nom":"theme","finition":null,"libelle":"Th\u00e8me","code":null,"dpi":null,"finesse_forme_isolee":null,"finesse_forme_non_isolee":null,"hauteur_minimale_texte":null,"inactif":0,"marquage_interne":1,"quantite_min":null,"parent_id":null,"print_on_support":0,"content":"Th\u00e8me","description":null},{"id":9,"nom":"sans","finition":null,"libelle":null,"code":null,"dpi":null,"finesse_forme_isolee":null,"finesse_forme_non_isolee":null,"hauteur_minimale_texte":null,"inactif":0,"marquage_interne":1,"quantite_min":null,"parent_id":null,"print_on_support":0,"content":"sans","description":null},{"id":10,"nom":"photo","finition":null,"libelle":"Photo","code":null,"dpi":null,"finesse_forme_isolee":null,"finesse_forme_non_isolee":null,"hauteur_minimale_texte":null,"inactif":0,"marquage_interne":1,"quantite_min":null,"parent_id":null,"print_on_support":0,"content":"Photo","description":null},{"id":14,"nom":"couleur","finition":null,"libelle":"Couleur","code":null,"dpi":null,"finesse_forme_isolee":null,"finesse_forme_non_isolee":null,"hauteur_minimale_texte":null,"inactif":0,"marquage_interne":1,"quantite_min":null,"parent_id":null,"print_on_support":0,"content":"Couleur","description":null},{"id":15,"nom":"sublimation","finition":"sublimation","libelle":"Sublimation","code":null,"dpi":null,"finesse_forme_isolee":"0.000","finesse_forme_non_isolee":"0.000","hauteur_minimale_texte":2,"inactif":0,"marquage_interne":1,"quantite_min":null,"parent_id":null,"print_on_support":0,"content":"Sublimation","description":null},{"id":16,"nom":"topquadri_uv","finition":null,"libelle":"TopQuadri UV","code":null,"dpi":null,"finesse_forme_isolee":"0.020","finesse_forme_non_isolee":"0.700","hauteur_minimale_texte":2,"inactif":0,"marquage_interne":1,"quantite_min":null,"parent_id":null,"print_on_support":1,"content":null,"description":null},{"id":17,"nom":"topquadri_uvp","finition":null,"libelle":"TopQuadri UVP","code":null,"dpi":null,"finesse_forme_isolee":"0.020","finesse_forme_non_isolee":"0.700","hauteur_minimale_texte":2,"inactif":0,"marquage_interne":1,"quantite_min":null,"parent_id":null,"print_on_support":1,"content":null,"description":null},{"id":18,"nom":"quadri","finition":null,"libelle":"Impression","code":null,"dpi":null,"finesse_forme_isolee":null,"finesse_forme_non_isolee":null,"hauteur_minimale_texte":null,"inactif":0,"marquage_interne":1,"quantite_min":null,"parent_id":null,"print_on_support":0,"content":null,"description":null}]}}