{"data":{"product":{"id":19945,"titre":"Gilet de visibilit\u00e9 enfant","description":"Fermeture facile par bandes auto agrippantes (1 verticale et 2 horizontales) pour un r\u00e9glage optimal. Coupe ample pour porter au-dessus des v\u00eatements. Maille polytricot. Traitement easy care. 2 bandes r\u00e9tro r\u00e9fl\u00e9chissantes horizontales cousues de 5 cm sur corps. Lien d'accrochage int\u00e9rieur col. Biais de finition ton sur ton. \u00c9tiquette de marque d\u00e9tachable. Composition : 100% polyester.","genre":"enfant","grammage":120,"conditionnement":100,"composition":"polyester,polyester_uniquement","reference":"wk-wk617","reference_visible":"wk-wk617","reference_fabricant":"WK617","ref_xor":"727980","in_catalog":true,"is_transfer":false,"is_service":false,"on_standby":false,"has_3d":false,"has_size_guide":true,"has_marking":true,"has_vierge":true,"is_cross_sellable":false,"id_picto":109,"filename_3d":null,"brand":{"id":354,"name":"WK Designed To Work","logo":"logo-wk-designed-to-work.png","image":"https:\/\/media.th4.com\/3sLoqm-BwM8bXsBart4M-7ki5qVbPdm8Rk05qn40cgE\/pr:brand70x70\/aHR0cDovL21lZGlhMi5kZXNpZ25wYXJ0bmVyLmZyL2MvbS9sb2dvLXdrLWRlc2lnbmVkLXRvLXdvcmsucG5n?v=1736953127"},"price_infos":{"price_from":1.64,"quantity":200,"color":{"id":24148,"name":"hi_viz_yellow"},"size":{"id":1398,"name":"10\/12ans"}},"price_infos_marking":{"price_from":5.37,"quantity":1500,"color":{"id":24148,"name":"hi_viz_yellow"},"size":{"id":1398,"name":"10\/12ans"},"marking":{"id":2,"name":""},"emplacement":"avant","surface_emplacement_id":1,"surface":"coeur"},"i18n":{"blank":{"title":{"fr":"Gilet visibilit\u00e9 enfant s\u00e9curit\u00e9 WK DESIGNED TO WORK wk617","en":"Gilet visibilit\u00e9 enfant safety WK DESIGNED TO WORK wk617","de":"Gilet visibilit\u00e9 enfant Sicherheit WK DESIGNED TO WORK wk617","nl":"Gilet visibilit\u00e9 enfant veiligheid WK DESIGNED TO WORK wk617","es":"Gilet visibilit\u00e9 enfant seguridad WK DESIGNED TO WORK wk617","it":"Gilet visibilit\u00e9 enfant sicurezza WK DESIGNED TO WORK wk617","sv":"Gilet visibilit\u00e9 enfant s\u00e4kerhet WK DESIGNED TO WORK wk617","pt":"Colete de visibilidade infantil seguran\u00e7a WK DESIGNED TO WORK wk617","da":"Gilet visibilit\u00e9 enfant sikkerhed WK DESIGNED TO WORK wk617","pl":"Gilet visibilit\u00e9 enfant bezpiecze\u0144stwo WK DESIGNED TO WORK wk617"},"description":{"fr":"Le Gilet Visibilit\u00e9 Enfant se porte au-dessus des v\u00eatements gr\u00e2ce \u00e0 une coupe ample. Fermeture par bandes auto agrippantes pour ajuster le maintien. Maille polytricot avec 2 bandes r\u00e9tro r\u00e9fl\u00e9chissantes cousues et lien d'accrochage int\u00e9rieur col.\n\n- Composition : 100% polyester\n- Fermeture : bandes auto agrippantes\n- Bandes : 2 horizontales cousues\n- Mati\u00e8re : maille polytricot","en":"The Gilet Visibilit\u00e9 Enfant is worn over clothing thanks to a loose fit. Hook-and-loop fastening for adjusting the hold. Polytricot knit with 2 sewn retro-reflective bands and an inner neck hanging loop.\n\n- Composition: 100% polyester\n- Fastening: hook-and-loop straps\n- Bands: 2 sewn horizontal\n- Material: polytricot knit","de":"Der Gilet Visibilit\u00e9 Enfant wird dank weiter Passform \u00fcber der Kleidung getragen. Klettverschluss zur Anpassung des Sitzes. Polytrikot-Gewebe mit 2 aufgen\u00e4hten retroreflektierenden Streifen und innerer Aufh\u00e4ngeschlaufe am Kragen.\n\n- Zusammensetzung: 100% Polyester\n- Verschluss: Klettverschluss\n- Streifen: 2 horizontale, aufgen\u00e4hte\n- Material: Polytrikot-Gewebe","nl":"De Gilet Visibilit\u00e9 Enfant wordt over kleding gedragen dankzij een ruime pasvorm. Sluiting met klittenband om de pasvorm aan te passen. Polytricot tricot met 2 genaaide retroreflecterende banden en een interne ophanglus aan de kraag.\n\n- Samenstelling: 100% polyester\n- Sluiting: klittenband\n- Banden: 2 horizontale, genaaid\n- Materiaal: polytricot tricot","es":"El Gilet Visibilit\u00e9 Enfant se lleva sobre la ropa gracias a un corte amplio. Cierre mediante bandas autoadherentes para ajustar la sujeci\u00f3n. Tejido de punto polytricot con 2 bandas retroreflectantes cosidas y trabilla interior de enganche en el cuello.\n\n- Composici\u00f3n: 100% poli\u00e9ster\n- Cierre: bandas autoadherentes\n- Bandas: 2 horizontales cosidas\n- Material: tejido de punto polytricot","it":"Il Gilet Visibilit\u00e9 Enfant si indossa sopra i vestiti grazie a una vestibilit\u00e0 ampia. Chiusura con fasce a strappo per regolare la tenuta. Maglia polytricot con 2 bande retroriflettenti cucite e passante interno al collo per l\u2019aggancio.\n\n- Composizione: 100% poliestere\n- Chiusura: fasce a strappo\n- Bande: 2 orizzontali cucite\n- Materiale: maglia polytricot","sv":"Gilet Visibilit\u00e9 Enfant b\u00e4rs utanp\u00e5 kl\u00e4der tack vare en rymlig passform. St\u00e4ngning med kardborreband f\u00f6r att justera passformen. Polytrikotstickning med 2 p\u00e5sydda retroreflekterande band och inv\u00e4ndig upph\u00e4ngnings\u00f6gla vid kragen.\n\n- Sammans\u00e4ttning: 100% polyester\n- St\u00e4ngning: kardborreband\n- Band: 2 horisontella, p\u00e5sydda\n- Material: polytrikotstickning","pt":"O Colete de visibilidade infantil usa-se por cima da roupa gra\u00e7as ao corte amplo. Fecho por tiras autoaderentes para ajustar a fixa\u00e7\u00e3o. Malha polietricot com 2 faixas retrorrefletoras cosidas e la\u00e7o de fixa\u00e7\u00e3o interior na gola.\n\n- Composi\u00e7\u00e3o: 100% poli\u00e9ster\n- Fecho: tiras autoaderentes\n- Faixas: 2 horizontais cosidas\n- Material: malha polietricot","da":"Gilet Visibilit\u00e9 Enfant b\u00e6res over t\u00f8jet takket v\u00e6re en rummelig pasform. Lukning med burreb\u00e5nd for at justere fastholdelsen. Polytrikotstrik med 2 p\u00e5syede retroreflekterende b\u00e5nd og indvendig oph\u00e6ngsstrop ved kraven.\n\n- Sammens\u00e6tning: 100% polyester\n- Lukning: burreb\u00e5nd\n- B\u00e5nd: 2 vandrette, p\u00e5syede\n- Materiale: polytrikotstrik","pl":"Gilet Visibilit\u00e9 Enfant noszony na ubraniach dzi\u0119ki lu\u017anemu krojowi. Zapi\u0119cie na ta\u015bmy na rzep do regulacji dopasowania. Dzianina polytricot z 2 przyszytymi pasami odblaskowymi oraz wewn\u0119trzn\u0105 p\u0119telk\u0105 do zawieszenia przy ko\u0142nierzu.\n\n- Sk\u0142ad: 100% poliester\n- Zapi\u0119cie: ta\u015bmy na rzep\n- Pasy: 2 poziome przyszyte\n- Materia\u0142: dzianina polytricot"},"h1":{"fr":"Gilet visibilit\u00e9 enfant s\u00e9curit\u00e9 wk617","en":"Gilet visibilit\u00e9 enfant safety wk617","de":"Gilet visibilit\u00e9 enfant Sicherheit wk617","nl":"Gilet visibilit\u00e9 enfant veiligheid wk617","es":"Gilet visibilit\u00e9 enfant seguridad wk617","it":"Gilet visibilit\u00e9 enfant sicurezza wk617","sv":"Gilet visibilit\u00e9 enfant s\u00e4kerhet wk617","pt":"Colete de visibilidade infantil seguran\u00e7a wk617","da":"Gilet visibilit\u00e9 enfant sikkerhed wk617","pl":"Gilet visibilit\u00e9 enfant bezpiecze\u0144stwo wk617"},"meta_description":{"fr":"Gilet Visibilit\u00e9 Enfant wk617 avec coupe ample et fermeture par bandes auto agrippantes. Maille polytricot, 2 bandes r\u00e9tro r\u00e9fl\u00e9chissantes cousues.","en":"Gilet Visibilit\u00e9 Enfant wk617 with a loose fit and hook-and-loop fastening. Polytricot knit, 2 sewn retro-reflective bands.","de":"Gilet Visibilit\u00e9 Enfant wk617 mit weiter Passform und Klettverschluss. Polytrikot-Gewebe, 2 aufgen\u00e4hte retroreflektierende Streifen.","nl":"Gilet Visibilit\u00e9 Enfant wk617 met ruime pasvorm en sluiting met klittenband. Polytricot tricot, 2 genaaide retroreflecterende banden.","es":"Gilet Visibilit\u00e9 Enfant wk617 con corte amplio y cierre mediante bandas autoadherentes. Tejido de punto polytricot, 2 bandas retroreflectantes cosidas.","it":"Gilet Visibilit\u00e9 Enfant wk617 con vestibilit\u00e0 ampia e chiusura con fasce a strappo. Maglia polytricot, 2 bande retroriflettenti cucite.","sv":"Gilet Visibilit\u00e9 Enfant wk617 med rymlig passform och st\u00e4ngning med kardborreband. Polytrikotstickning, 2 p\u00e5sydda retroreflekterande band.","pt":"Colete de visibilidade infantil wk617 com corte amplo e fecho por tiras autoaderentes. Malha polietricot, 2 faixas retrorrefletoras cosidas.","da":"Gilet Visibilit\u00e9 Enfant wk617 med rummelig pasform og lukning med burreb\u00e5nd. Polytrikotstrik, 2 p\u00e5syede retroreflekterende b\u00e5nd.","pl":"Gilet Visibilit\u00e9 Enfant wk617 z lu\u017anym krojem i zapi\u0119ciem na ta\u015bmy na rzep. Dzianina polytricot, 2 przyszyte pasy odblaskowe."}},"custom":{"title":{"fr":"Gilet visibilit\u00e9 enfant WK DESIGNED TO WORK wk617 personnalisable","en":"Gilet visibilit\u00e9 enfant WK DESIGNED TO WORK wk617 customizable","de":"Gilet visibilit\u00e9 enfant WK DESIGNED TO WORK wk617 personalisierbar","nl":"Gilet visibilit\u00e9 enfant WK DESIGNED TO WORK wk617 personaliseert","es":"Chaleco de visibilidad infantil WK DESIGNED TO WORK wk617 personalizable","it":"Gilet visibilit\u00e9 enfant WK DESIGNED TO WORK wk617 personalizzabile","sv":"Gilet visibilit\u00e9 enfant WK DESIGNED TO WORK wk617 anpassningsbar","pt":"Gilet visibilit\u00e9 enfant WK DESIGNED TO WORK wk617 personaliz\u00e1vel","da":"Gilet visibilit\u00e9 enfant WK DESIGNED TO WORK wk617 tilpasselig","pl":"Gilet visibilit\u00e9 enfant WK DESIGNED TO WORK wk617 personalizowany"},"description":{"fr":"Le gilet visibilit\u00e9 enfant wk617 est con\u00e7u avec une fermeture facile par bandes auto agrippantes (1 verticale, 2 horizontales) permettant un r\u00e9glage adapt\u00e9. Sa coupe ample facilite le port au-dessus des v\u00eatements. Il est fabriqu\u00e9 en maille polytricot avec un traitement easy care. Deux bandes r\u00e9tro r\u00e9fl\u00e9chissantes de 5 cm sont cousues horizontalement sur le corps, accompagn\u00e9es d'un lien d'accrochage int\u00e9rieur au col et d'un biais finition ton sur ton.\n\n- Composition : 100% polyester\n- Deux bandes r\u00e9tro r\u00e9fl\u00e9chissantes 5 cm\n- Fermeture par bandes auto agrippantes\n- Possibilit\u00e9 de personnaliser","en":"The gilet visibilit\u00e9 enfant wk617 is designed with an easy closure using hook and loop fasteners (1 vertical, 2 horizontal) allowing an adjustable fit. Its loose cut facilitates wearing over clothes. It is made of polytricot mesh with an easy care treatment. Two 5 cm retro-reflective bands are sewn horizontally on the body, accompanied by an inner hanging strap at the collar and a tone-on-tone finishing trim.\n\n- Composition: 100% polyester\n- Two 5 cm retro-reflective bands\n- Closure with hook and loop fasteners\n- Customizable option","de":"Das Gilet visibilit\u00e9 enfant wk617 ist mit einem einfachen Klettverschluss (1 vertikal, 2 horizontal) ausgestattet, der eine individuelle Anpassung erm\u00f6glicht. Der weite Schnitt erleichtert das Tragen \u00fcber Kleidung. Es besteht aus Polytrikot mit Easy-Care-Behandlung. Zwei 5 cm breite retroreflektierende Streifen sind horizontal am K\u00f6rper angen\u00e4ht, erg\u00e4nzt durch eine Aufh\u00e4ngeschlaufe innen am Kragen und einen Ton-in-Ton abgesetzten Paspelrand.\n\n- Zusammensetzung: 100% Polyester\n- Zwei 5 cm retroreflektierende Streifen\n- Verschluss mit Klettb\u00e4ndern\n- Personalisierbar","nl":"De gilet visibilit\u00e9 enfant wk617 is ontworpen met een gemakkelijke sluiting door klittenband (1 verticaal, 2 horizontaal) die aanpasbaar is. Het ruime model maakt het mogelijk om het over kleding te dragen. Het is gemaakt van polytricot met een easy care behandeling. Twee reflecterende banden van 5 cm zijn horizontaal op het lichaam genaaid, vergezeld van een binnenhaak aan de kraag en een biaisafwerking in ton-sur-ton.\n\n- Samenstelling : 100% polyester\n- Twee reflecterende banden van 5 cm\n- Sluiting met klittenband\n- Mogelijkheid tot personalisatie","es":"El chaleco de visibilidad infantil wk617 est\u00e1 dise\u00f1ado con cierre f\u00e1cil de tiras autoadherentes (1 vertical, 2 horizontales) que permiten un ajuste adecuado. Su corte amplio facilita llevarlo sobre la ropa. Est\u00e1 fabricado en malla polipicot con tratamiento easy care. Dos bandas retroreflectantes de 5 cm cosidas horizontalmente en el cuerpo, acompa\u00f1adas de un lazo de enganche interior en el cuello y un bies acabado tono sobre tono.\n\n- Composici\u00f3n: 100% poli\u00e9ster\n- Dos bandas retroreflectantes de 5 cm\n- Cierre con tiras autoadherentes\n- Posibilidad de personalizar","it":"Il gilet visibilit\u00e9 enfant wk617 \u00e8 progettato con una chiusura facile a strisce a strappo (1 verticale, 2 orizzontali) che permette una regolazione adatta. Il taglio ampio facilita l'uso sopra gli abiti. \u00c8 realizzato in maglia polytricot con trattamento easy care. Due bande retro-riflettenti di 5 cm sono cucite orizzontalmente sul corpo, accompagnate da un laccio interno per appendere al colletto e da un bordo rifinito tono su tono.\n\n- Composizione : 100% poliestere\n- Due bande retro-riflettenti 5 cm\n- Chiusura con strisce a strappo\n- Possibilit\u00e0 di personalizzare","sv":"Gilet visibilit\u00e9 enfant wk617 \u00e4r utformad med enkel st\u00e4ngning med kardborreband (1 vertikalt, 2 horisontella) f\u00f6r anpassad justering. Dess l\u00f6sa passform g\u00f6r det l\u00e4tt att b\u00e4ra \u00f6ver kl\u00e4der. Tillverkad i polyester mesh med easy care-behandling. Tv\u00e5 horisontella retroreflekterande band p\u00e5 5 cm \u00e4r sydda p\u00e5 kroppen, tillsammans med en inv\u00e4ndig upph\u00e4ngnings\u00f6gla i kragen och ton-i-ton kantband.\n\n- Komposition: 100% polyester\n- Tv\u00e5 retroreflekterande band 5 cm\n- St\u00e4ngning med kardborreband\n- M\u00f6jlighet till anpassning","pt":"O gilet visibilit\u00e9 enfant wk617 \u00e9 desenhado com fecho f\u00e1cil por tiras autoadesivas (1 vertical, 2 horizontais) permitindo ajuste adequado. Seu corte amplo facilita o uso sobre roupas. \u00c9 fabricado em malha poli\u00e9ster com tratamento f\u00e1cil de cuidar. Duas tiras retro-refletoras de 5 cm s\u00e3o costuradas horizontalmente no corpo, acompanhadas de uma al\u00e7a interna no colarinho e vi\u00e9s acabamento tom sobre tom.\n\n- Composi\u00e7\u00e3o : 100% poli\u00e9ster\n- Duas tiras retro-refletoras de 5 cm\n- Fecho por tiras autoadesivas\n- Possibilidade de personalizar","da":"Gilet visibilit\u00e9 enfant wk617 er designet med nem lukning med velcro (1 lodret, 2 vandrette) for tilpasset justering. Den l\u00f8se pasform g\u00f8r den nem at have over t\u00f8jet. Fremstillet i polystrik med easy care behandling. To 5 cm brede retroreflekterende b\u00e5nd er syet vandret p\u00e5 kroppen, med en indvendig oph\u00e6ngningsstrop i kraven og tone-i-tone kantb\u00e5nd.\n\n- Sammens\u00e6tning: 100% polyester\n- To 5 cm retroreflekterende b\u00e5nd\n- Lukning med velcro\n- Mulighed for tilpasning","pl":"Gilet visibilit\u00e9 enfant wk617 posiada \u0142atwe zapi\u0119cie na rzepy (1 pionowy, 2 poziome) umo\u017cliwiaj\u0105ce dostosowanie. Lu\u017any kr\u00f3j u\u0142atwia noszenie na ubraniach. Wykonany z poliestrowej siateczki z wyko\u0144czeniem easy care. Dwa pasy odblaskowe o szeroko\u015bci 5 cm wszyte poziomo na korpusie, wewn\u0119trzna p\u0119telka przy ko\u0142nierzu oraz lam\u00f3wka w tonalnym kolorze.\n\n- Sk\u0142ad: 100% poliester\n- Dwa pasy odblaskowe 5 cm\n- Zapi\u0119cie na rzepy\n- Mo\u017cliwo\u015b\u0107 personalizacji"},"h1":{"fr":"Gilet visibilit\u00e9 enfant wk617 personnalisable","en":"Gilet visibilit\u00e9 enfant wk617 customizable","de":"Gilet visibilit\u00e9 enfant wk617 personalisierbar","nl":"Gilet visibilit\u00e9 enfant wk617 personaliseert","es":"Chaleco de visibilidad infantil wk617 personalizable","it":"Gilet visibilit\u00e9 enfant wk617 personalizzabile","sv":"Gilet visibilit\u00e9 enfant wk617 anpassningsbar","pt":"Gilet visibilit\u00e9 enfant wk617 personaliz\u00e1vel","da":"Gilet visibilit\u00e9 enfant wk617 tilpasselig","pl":"Gilet visibilit\u00e9 enfant wk617 personalizowany"},"meta_description":{"fr":"Le gilet visibilit\u00e9 enfant wk617 offre une fermeture par bandes auto agrippantes et deux bandes r\u00e9tro r\u00e9fl\u00e9chissantes pour une meilleure visibilit\u00e9.","en":"The gilet visibilit\u00e9 enfant wk617 features a closure with hook and loop fasteners and two retro-reflective bands for improved visibility.","de":"Das Gilet visibilit\u00e9 enfant wk617 verf\u00fcgt \u00fcber einen Verschluss mit Klettb\u00e4ndern und zwei retroreflektierende Streifen f\u00fcr bessere Sichtbarkeit.","nl":"De gilet visibilit\u00e9 enfant wk617 heeft een sluiting met klittenband en twee reflecterende banden voor betere zichtbaarheid.","es":"El chaleco de visibilidad infantil wk617 cuenta con cierre de tiras autoadherentes y dos bandas retroreflectantes para mayor visibilidad.","it":"Il gilet visibilit\u00e9 enfant wk617 dispone di una chiusura con strisce a strappo e due bande retro-riflettenti per una migliore visibilit\u00e0.","sv":"Gilet visibilit\u00e9 enfant wk617 har st\u00e4ngning med kardborreband och tv\u00e5 retroreflekterande band f\u00f6r b\u00e4ttre synlighet.","pt":"O gilet visibilit\u00e9 enfant wk617 possui fecho com tiras autoadesivas e duas tiras retro-refletoras para melhor visibilidade.","da":"Gilet visibilit\u00e9 enfant wk617 har lukning med velcro og to retroreflekterende b\u00e5nd for bedre synlighed.","pl":"Gilet visibilit\u00e9 enfant wk617 posiada zapi\u0119cie na rzepy i dwa pasy odblaskowe dla lepszej widoczno\u015bci."}}},"categories":[{"id":329,"name":"Vestes et gilets de s\u00e9curit\u00e9","singular":"Veste et gilet de s\u00e9curit\u00e9","is_feminin":false},{"id":572,"name":"Textiles r\u00e9fl\u00e9chissants","singular":"Textile r\u00e9fl\u00e9chissant","is_feminin":false},{"id":13,"name":"Vestes et manteaux","singular":"Veste et manteau","is_feminin":true},{"id":559,"name":"Univers","singular":"Univers","is_feminin":false},{"id":354,"name":"Textile","singular":"Textile","is_feminin":false}],"certifications":[{"id":1,"label":"OEKO-TEX 100","logo_link":"\/images\/certifications\/1_OEKO-TEX_100.jpg","is_marking_compatible":false}],"videos":{"fr":[],"en":[],"de":[],"nl":[],"es":[],"it":[],"sv":[],"pt":[],"da":[],"pl":[]},"main_images":{"miniature":"https:\/\/media.th4.com\/ELd9ge7i01wLk_RgVb-5RtL7Xi6sU2zyfeOpqVMAqLo\/pr:80\/aHR0cDovL21lZGlhMi5kZXNpZ25wYXJ0bmVyLmZyL2MvcC1ibGFuay1USC8xOTk0NS53ZWJw?v=1751554552","medium":"https:\/\/media.th4.com\/aO-8Z0kCexyNjUwcz0Mtn8iO1NPEeMdnZ8nL9ZAuE4U\/pr:550x550greybg\/aHR0cDovL21lZGlhMi5kZXNpZ25wYXJ0bmVyLmZyL2MvcC1ibGFuay1USC8xOTk0NS53ZWJw?v=1751554552","medium_large":"https:\/\/media.th4.com\/GlD7KcPshB9YcUZYJKp6fSPTPUpLLlz9m1DfZhG3-IM\/pr:1000x1000greybg\/aHR0cDovL21lZGlhMi5kZXNpZ25wYXJ0bmVyLmZyL2MvcC1ibGFuay1USC8xOTk0NS53ZWJw?v=1751554552","large":"https:\/\/media.th4.com\/MqB2-1uCNvZJqGRq8qgjVS-5r4heRgQHOUkAthGhCMw\/pr:1920greybg\/aHR0cDovL21lZGlhMi5kZXNpZ25wYXJ0bmVyLmZyL2MvcC1ibGFuay1USC8xOTk0NS53ZWJw?v=1751554552","opengraph":"https:\/\/media.th4.com\/pH9wUikcY09RgU1MvCvBe2-tcLoJZFcTaRm0SkquTLs\/pr:1200x630greybg\/aHR0cDovL21lZGlhMi5kZXNpZ25wYXJ0bmVyLmZyL2MvcC1ibGFuay1USC8xOTk0NS53ZWJw?v=1751554552"},"main_images_customization":{"miniature":"https:\/\/media.th4.com\/pZNIvZ0jtGx1RSaX8c1RzH-4I9nvG6RHuHL2h66vueM\/pr:80\/aHR0cDovL21lZGlhMi5kZXNpZ25wYXJ0bmVyLmZyL2MvcC1jdXN0b20tVEgvMTk5NDUud2VicA?v=1751554559","medium":"https:\/\/media.th4.com\/DqhGf_FXjOUzPGpMYd8-AWE16BTyalrCVq3P2IhGUlk\/pr:550x550greybg\/aHR0cDovL21lZGlhMi5kZXNpZ25wYXJ0bmVyLmZyL2MvcC1jdXN0b20tVEgvMTk5NDUud2VicA?v=1751554559","medium_large":"https:\/\/media.th4.com\/Dbd27ZKa4NQ_34N-XzrG4n2MhPcD8qFVX-35g1o5etM\/pr:1000x1000greybg\/aHR0cDovL21lZGlhMi5kZXNpZ25wYXJ0bmVyLmZyL2MvcC1jdXN0b20tVEgvMTk5NDUud2VicA?v=1751554559","large":"https:\/\/media.th4.com\/KRDmqWykhdHQDui54nRJFmyi3t6A_xhR-bu1F8av5XE\/pr:1920greybg\/aHR0cDovL21lZGlhMi5kZXNpZ25wYXJ0bmVyLmZyL2MvcC1jdXN0b20tVEgvMTk5NDUud2VicA?v=1751554559","opengraph":"https:\/\/media.th4.com\/tCu87N4ysBwArR3RD2_1IKGL4XW-8lxV0RHFlsKr1Ts\/pr:1200x630greybg\/aHR0cDovL21lZGlhMi5kZXNpZ25wYXJ0bmVyLmZyL2MvcC1jdXN0b20tVEgvMTk5NDUud2VicA?v=1751554559"},"page_links":{"fr":"\/fr\/p-wk-wk617-gilet-visibilite-enfant-securite-wk617-19945\/","en":"\/en\/p-wk-wk617-gilet-visibilite-enfant-safety-wk617-19945\/","de":"\/de\/p-wk-wk617-gilet-visibilite-enfant-sicherheit-wk617-19945\/","nl":"\/nl\/p-wk-wk617-gilet-visibilite-enfant-veiligheid-wk617-19945\/","es":"\/es\/p-wk-wk617-gilet-visibilite-enfant-seguridad-wk617-19945\/","it":"\/it\/p-wk-wk617-gilet-visibilite-enfant-sicurezza-wk617-19945\/","sv":"\/sv\/p-wk-wk617-gilet-visibilite-enfant-sakerhet-wk617-19945\/","pt":"\/pt\/p-wk-wk617-colete-de-visibilidade-infantil-seguranca-wk617-19945\/","da":"\/da\/p-wk-wk617-gilet-visibilite-enfant-sikkerhed-wk617-19945\/","pl":"\/pl\/p-wk-wk617-gilet-visibilite-enfant-bezpieczenstwo-wk617-19945\/"},"page_links_customization":{"fr":"\/fr\/p-wk-wk617-gilet-visibilite-enfant-wk617-personnalisable-19945\/custom\/","en":"\/en\/p-wk-wk617-gilet-visibilite-enfant-wk617-customizable-19945\/custom\/","de":"\/de\/p-wk-wk617-gilet-visibilite-enfant-wk617-personalisierbar-19945\/custom\/","nl":"\/nl\/p-wk-wk617-gilet-visibilite-enfant-wk617-personaliseert-19945\/custom\/","es":"\/es\/p-wk-wk617-chaleco-de-visibilidad-infantil-wk617-personalizable-19945\/custom\/","it":"\/it\/p-wk-wk617-gilet-visibilite-enfant-wk617-personalizzabile-19945\/custom\/","sv":"\/sv\/p-wk-wk617-gilet-visibilite-enfant-wk617-anpassningsbar-19945\/custom\/","pt":"\/pt\/p-wk-wk617-gilet-visibilite-enfant-wk617-personalizavel-19945\/custom\/","da":"\/da\/p-wk-wk617-gilet-visibilite-enfant-wk617-tilpasselig-19945\/custom\/","pl":"\/pl\/p-wk-wk617-gilet-visibilite-enfant-wk617-personalizowany-19945\/custom\/"},"equivalent_products":[],"colors":[{"id":24148,"name":"hi_viz_yellow","class_ids":[12],"codes_hexa":["ECEBAB"],"delai_24":false,"has_3d":false,"seuil_global":0,"stock_local":0,"stock_global":6289,"on_standby":false,"in_catalog":true,"images":{"miniature":["https:\/\/media.th4.com\/uJZJ8nFmvNrx62R26Q_aCVabOi_ij5VWP1WsysvOamQ\/pr:80\/aHR0cDovL21lZGlhMi5kZXNpZ25wYXJ0bmVyLmZyL2MvcC8xOTk0NS8xOTk0NS0yNDE0OC0xLndlYnA?v=1751554506","https:\/\/media.th4.com\/M65cGkdcdqDfCviUsaN5UPSYiFXOv2ly4CnXgMARKzs\/pr:80\/aHR0cDovL21lZGlhMi5kZXNpZ25wYXJ0bmVyLmZyL2MvcC8xOTk0NS8xOTk0NS0yNDE0OC0yLndlYnA?v=1751554506","https:\/\/media.th4.com\/MIQoO1fpQ6TGa7U6iJcr9D19cPiaAUvkEjyE-Vd_oqo\/pr:80\/aHR0cDovL21lZGlhMi5kZXNpZ25wYXJ0bmVyLmZyL2MvcC8xOTk0NS8xOTk0NS0yNDE0OC0zLndlYnA?v=1751554506"],"medium":["https:\/\/media.th4.com\/o8Yyw3PL3Q6nDhWfNILoevu7HvyTL0Q2lQ-Bp1PIejI\/pr:550x550\/aHR0cDovL21lZGlhMi5kZXNpZ25wYXJ0bmVyLmZyL2MvcC8xOTk0NS8xOTk0NS0yNDE0OC0xLndlYnA?v=1751554506","https:\/\/media.th4.com\/Z9WWgMv-Nkby6B69BSiFImc_42oKB9WrB_ste3Sf-C4\/pr:550x550\/aHR0cDovL21lZGlhMi5kZXNpZ25wYXJ0bmVyLmZyL2MvcC8xOTk0NS8xOTk0NS0yNDE0OC0yLndlYnA?v=1751554506","https:\/\/media.th4.com\/lXN9EGDO3vHYNHW6MeQgFf_F9vpQhDw5n5otLba-6n0\/pr:550x550\/aHR0cDovL21lZGlhMi5kZXNpZ25wYXJ0bmVyLmZyL2MvcC8xOTk0NS8xOTk0NS0yNDE0OC0zLndlYnA?v=1751554506"],"medium_large":["https:\/\/media.th4.com\/6sYUSUpIVaItPTphVcQdjfJHnbHWAi6T7owlrAjeetk\/pr:1000x1000\/aHR0cDovL21lZGlhMi5kZXNpZ25wYXJ0bmVyLmZyL2MvcC8xOTk0NS8xOTk0NS0yNDE0OC0xLndlYnA?v=1751554506","https:\/\/media.th4.com\/WaoO11GaMpZ_KOqlfg2r3eH-UPlC24NSHlEu3r1t5MQ\/pr:1000x1000\/aHR0cDovL21lZGlhMi5kZXNpZ25wYXJ0bmVyLmZyL2MvcC8xOTk0NS8xOTk0NS0yNDE0OC0yLndlYnA?v=1751554506","https:\/\/media.th4.com\/aJkNql0QXBPVNLibGVjNbbpsiekBOEwYzFztLcFUap0\/pr:1000x1000\/aHR0cDovL21lZGlhMi5kZXNpZ25wYXJ0bmVyLmZyL2MvcC8xOTk0NS8xOTk0NS0yNDE0OC0zLndlYnA?v=1751554506"],"large":["https:\/\/media.th4.com\/YK1w9MI5Q-xgtVJ03HUBUtJPSSwqZYxYIDJysEiP59o\/pr:1920\/aHR0cDovL21lZGlhMi5kZXNpZ25wYXJ0bmVyLmZyL2MvcC8xOTk0NS8xOTk0NS0yNDE0OC0xLndlYnA?v=1751554506","https:\/\/media.th4.com\/YtvhDKFpuOD5i74VsLTx3D9cwXO1njXcC7FrVuO7k5U\/pr:1920\/aHR0cDovL21lZGlhMi5kZXNpZ25wYXJ0bmVyLmZyL2MvcC8xOTk0NS8xOTk0NS0yNDE0OC0yLndlYnA?v=1751554506","https:\/\/media.th4.com\/yZmTzCeQqM1PxNwDHqErJ_-9XQfHhOXOZ6Piryqr0nI\/pr:1920\/aHR0cDovL21lZGlhMi5kZXNpZ25wYXJ0bmVyLmZyL2MvcC8xOTk0NS8xOTk0NS0yNDE0OC0zLndlYnA?v=1751554506"],"opengraph":["https:\/\/media.th4.com\/j6RwiI-fJwXB6WF3U5RIK1gf1wWQdHsyIAT-KhNdPGY\/pr:1200x630\/aHR0cDovL21lZGlhMi5kZXNpZ25wYXJ0bmVyLmZyL2MvcC8xOTk0NS8xOTk0NS0yNDE0OC0xLndlYnA?v=1751554506","https:\/\/media.th4.com\/nPxGz6ygk1-oamYRo9PGolm4VHKpV2_ZxdwfxpTcTvA\/pr:1200x630\/aHR0cDovL21lZGlhMi5kZXNpZ25wYXJ0bmVyLmZyL2MvcC8xOTk0NS8xOTk0NS0yNDE0OC0yLndlYnA?v=1751554506","https:\/\/media.th4.com\/TwL3JRPQQwESztRDiqCinoP5INvr8YLuZEdMU--TAmg\/pr:1200x630\/aHR0cDovL21lZGlhMi5kZXNpZ25wYXJ0bmVyLmZyL2MvcC8xOTk0NS8xOTk0NS0yNDE0OC0zLndlYnA?v=1751554506"]},"images_customization":{"miniature":["https:\/\/media.th4.com\/uJZJ8nFmvNrx62R26Q_aCVabOi_ij5VWP1WsysvOamQ\/pr:80\/aHR0cDovL21lZGlhMi5kZXNpZ25wYXJ0bmVyLmZyL2MvcC8xOTk0NS8xOTk0NS0yNDE0OC0xLndlYnA?v=1751554506","https:\/\/media.th4.com\/M65cGkdcdqDfCviUsaN5UPSYiFXOv2ly4CnXgMARKzs\/pr:80\/aHR0cDovL21lZGlhMi5kZXNpZ25wYXJ0bmVyLmZyL2MvcC8xOTk0NS8xOTk0NS0yNDE0OC0yLndlYnA?v=1751554506","https:\/\/media.th4.com\/MIQoO1fpQ6TGa7U6iJcr9D19cPiaAUvkEjyE-Vd_oqo\/pr:80\/aHR0cDovL21lZGlhMi5kZXNpZ25wYXJ0bmVyLmZyL2MvcC8xOTk0NS8xOTk0NS0yNDE0OC0zLndlYnA?v=1751554506"],"medium":["https:\/\/media.th4.com\/o8Yyw3PL3Q6nDhWfNILoevu7HvyTL0Q2lQ-Bp1PIejI\/pr:550x550\/aHR0cDovL21lZGlhMi5kZXNpZ25wYXJ0bmVyLmZyL2MvcC8xOTk0NS8xOTk0NS0yNDE0OC0xLndlYnA?v=1751554506","https:\/\/media.th4.com\/Z9WWgMv-Nkby6B69BSiFImc_42oKB9WrB_ste3Sf-C4\/pr:550x550\/aHR0cDovL21lZGlhMi5kZXNpZ25wYXJ0bmVyLmZyL2MvcC8xOTk0NS8xOTk0NS0yNDE0OC0yLndlYnA?v=1751554506","https:\/\/media.th4.com\/lXN9EGDO3vHYNHW6MeQgFf_F9vpQhDw5n5otLba-6n0\/pr:550x550\/aHR0cDovL21lZGlhMi5kZXNpZ25wYXJ0bmVyLmZyL2MvcC8xOTk0NS8xOTk0NS0yNDE0OC0zLndlYnA?v=1751554506"],"medium_large":["https:\/\/media.th4.com\/6sYUSUpIVaItPTphVcQdjfJHnbHWAi6T7owlrAjeetk\/pr:1000x1000\/aHR0cDovL21lZGlhMi5kZXNpZ25wYXJ0bmVyLmZyL2MvcC8xOTk0NS8xOTk0NS0yNDE0OC0xLndlYnA?v=1751554506","https:\/\/media.th4.com\/WaoO11GaMpZ_KOqlfg2r3eH-UPlC24NSHlEu3r1t5MQ\/pr:1000x1000\/aHR0cDovL21lZGlhMi5kZXNpZ25wYXJ0bmVyLmZyL2MvcC8xOTk0NS8xOTk0NS0yNDE0OC0yLndlYnA?v=1751554506","https:\/\/media.th4.com\/aJkNql0QXBPVNLibGVjNbbpsiekBOEwYzFztLcFUap0\/pr:1000x1000\/aHR0cDovL21lZGlhMi5kZXNpZ25wYXJ0bmVyLmZyL2MvcC8xOTk0NS8xOTk0NS0yNDE0OC0zLndlYnA?v=1751554506"],"large":["https:\/\/media.th4.com\/YK1w9MI5Q-xgtVJ03HUBUtJPSSwqZYxYIDJysEiP59o\/pr:1920\/aHR0cDovL21lZGlhMi5kZXNpZ25wYXJ0bmVyLmZyL2MvcC8xOTk0NS8xOTk0NS0yNDE0OC0xLndlYnA?v=1751554506","https:\/\/media.th4.com\/YtvhDKFpuOD5i74VsLTx3D9cwXO1njXcC7FrVuO7k5U\/pr:1920\/aHR0cDovL21lZGlhMi5kZXNpZ25wYXJ0bmVyLmZyL2MvcC8xOTk0NS8xOTk0NS0yNDE0OC0yLndlYnA?v=1751554506","https:\/\/media.th4.com\/yZmTzCeQqM1PxNwDHqErJ_-9XQfHhOXOZ6Piryqr0nI\/pr:1920\/aHR0cDovL21lZGlhMi5kZXNpZ25wYXJ0bmVyLmZyL2MvcC8xOTk0NS8xOTk0NS0yNDE0OC0zLndlYnA?v=1751554506"],"opengraph":["https:\/\/media.th4.com\/j6RwiI-fJwXB6WF3U5RIK1gf1wWQdHsyIAT-KhNdPGY\/pr:1200x630\/aHR0cDovL21lZGlhMi5kZXNpZ25wYXJ0bmVyLmZyL2MvcC8xOTk0NS8xOTk0NS0yNDE0OC0xLndlYnA?v=1751554506","https:\/\/media.th4.com\/nPxGz6ygk1-oamYRo9PGolm4VHKpV2_ZxdwfxpTcTvA\/pr:1200x630\/aHR0cDovL21lZGlhMi5kZXNpZ25wYXJ0bmVyLmZyL2MvcC8xOTk0NS8xOTk0NS0yNDE0OC0yLndlYnA?v=1751554506","https:\/\/media.th4.com\/TwL3JRPQQwESztRDiqCinoP5INvr8YLuZEdMU--TAmg\/pr:1200x630\/aHR0cDovL21lZGlhMi5kZXNpZ25wYXJ0bmVyLmZyL2MvcC8xOTk0NS8xOTk0NS0yNDE0OC0zLndlYnA?v=1751554506"]},"country_origin":"CN","traceability":{"manufacturing_country_id":null,"weaving_country_id":null,"dyeing_country_id":null},"sizes":[{"id":1854,"article_id":507844,"class_id":0,"name":"7\/9ans","on_standby":false,"stock_local":0,"stock_global":2034,"multiple":1,"estimated_date_reassort":null,"is_destocking":false},{"id":1399,"article_id":507843,"class_id":14,"name":"4\/6ans","on_standby":false,"stock_local":0,"stock_global":1746,"multiple":1,"estimated_date_reassort":null,"is_destocking":false},{"id":1398,"article_id":507845,"class_id":17,"name":"10\/12ans","on_standby":false,"stock_local":0,"stock_global":2509,"multiple":1,"estimated_date_reassort":null,"is_destocking":false}],"page_links":{"fr":"\/fr\/p-wk-wk617-gilet-visibilite-enfant-securite-wk617-19945\/hi-viz-yellow-24148\/","en":"\/en\/p-wk-wk617-gilet-visibilite-enfant-safety-wk617-19945\/hi-viz-yellow-24148\/","de":"\/de\/p-wk-wk617-gilet-visibilite-enfant-sicherheit-wk617-19945\/hi-viz-yellow-24148\/","nl":"\/nl\/p-wk-wk617-gilet-visibilite-enfant-veiligheid-wk617-19945\/hi-viz-yellow-24148\/","es":"\/es\/p-wk-wk617-gilet-visibilite-enfant-seguridad-wk617-19945\/hi-viz-yellow-24148\/","it":"\/it\/p-wk-wk617-gilet-visibilite-enfant-sicurezza-wk617-19945\/hi-viz-yellow-24148\/","sv":"\/sv\/p-wk-wk617-gilet-visibilite-enfant-sakerhet-wk617-19945\/hi-viz-yellow-24148\/","pt":"\/pt\/p-wk-wk617-colete-de-visibilidade-infantil-seguranca-wk617-19945\/hi-viz-yellow-24148\/","da":"\/da\/p-wk-wk617-gilet-visibilite-enfant-sikkerhed-wk617-19945\/hi-viz-yellow-24148\/","pl":"\/pl\/p-wk-wk617-gilet-visibilite-enfant-bezpieczenstwo-wk617-19945\/hi-viz-yellow-24148\/"},"page_links_customization":{"fr":"\/fr\/p-wk-wk617-gilet-visibilite-enfant-wk617-personnalisable-19945\/hi-viz-yellow-24148\/custom\/","en":"\/en\/p-wk-wk617-gilet-visibilite-enfant-wk617-customizable-19945\/hi-viz-yellow-24148\/custom\/","de":"\/de\/p-wk-wk617-gilet-visibilite-enfant-wk617-personalisierbar-19945\/hi-viz-yellow-24148\/custom\/","nl":"\/nl\/p-wk-wk617-gilet-visibilite-enfant-wk617-personaliseert-19945\/hi-viz-yellow-24148\/custom\/","es":"\/es\/p-wk-wk617-chaleco-de-visibilidad-infantil-wk617-personalizable-19945\/hi-viz-yellow-24148\/custom\/","it":"\/it\/p-wk-wk617-gilet-visibilite-enfant-wk617-personalizzabile-19945\/hi-viz-yellow-24148\/custom\/","sv":"\/sv\/p-wk-wk617-gilet-visibilite-enfant-wk617-anpassningsbar-19945\/hi-viz-yellow-24148\/custom\/","pt":"\/pt\/p-wk-wk617-gilet-visibilite-enfant-wk617-personalizavel-19945\/hi-viz-yellow-24148\/custom\/","da":"\/da\/p-wk-wk617-gilet-visibilite-enfant-wk617-tilpasselig-19945\/hi-viz-yellow-24148\/custom\/","pl":"\/pl\/p-wk-wk617-gilet-visibilite-enfant-wk617-personalizowany-19945\/hi-viz-yellow-24148\/custom\/"}},{"id":24147,"name":"hi_viz_orange","class_ids":[9],"codes_hexa":["F2732E"],"delai_24":false,"has_3d":false,"seuil_global":0,"stock_local":0,"stock_global":1621,"on_standby":false,"in_catalog":true,"images":{"miniature":["https:\/\/media.th4.com\/VuxP-8qp7u7612n832lsoClE2M3jzlc9A_f8ajKJb-A\/pr:80\/aHR0cDovL21lZGlhMi5kZXNpZ25wYXJ0bmVyLmZyL2MvcC8xOTk0NS8xOTk0NS0yNDE0Ny0xLndlYnA?v=1751554506","https:\/\/media.th4.com\/dbLsuWyQ66712XcECqo8FBUQHZsU3Q6H_SUiacghpm4\/pr:80\/aHR0cDovL21lZGlhMi5kZXNpZ25wYXJ0bmVyLmZyL2MvcC8xOTk0NS8xOTk0NS0yNDE0Ny0yLndlYnA?v=1751554506","https:\/\/media.th4.com\/eHvJI8MFPhgjpGFPIkAjgaWMmOurWrwS6U5szrSGHCU\/pr:80\/aHR0cDovL21lZGlhMi5kZXNpZ25wYXJ0bmVyLmZyL2MvcC8xOTk0NS8xOTk0NS0yNDE0Ny0zLndlYnA?v=1751554506"],"medium":["https:\/\/media.th4.com\/RcpF7ubkTu1pc7dUCHkDGYnV_zzNmtNY3IxWU9ZTEq4\/pr:550x550\/aHR0cDovL21lZGlhMi5kZXNpZ25wYXJ0bmVyLmZyL2MvcC8xOTk0NS8xOTk0NS0yNDE0Ny0xLndlYnA?v=1751554506","https:\/\/media.th4.com\/KGEtVzE4ouRe8uM-YoU55MI3ie6jMqbmI2qVOV0ZOOk\/pr:550x550\/aHR0cDovL21lZGlhMi5kZXNpZ25wYXJ0bmVyLmZyL2MvcC8xOTk0NS8xOTk0NS0yNDE0Ny0yLndlYnA?v=1751554506","https:\/\/media.th4.com\/B7gnaNo_ll39A8Lx_rW8kWChsGKmzSEthQUlXFS4RjE\/pr:550x550\/aHR0cDovL21lZGlhMi5kZXNpZ25wYXJ0bmVyLmZyL2MvcC8xOTk0NS8xOTk0NS0yNDE0Ny0zLndlYnA?v=1751554506"],"medium_large":["https:\/\/media.th4.com\/va9_MA-f2anv4AgxpIMSQ3i20ihIJ0iMvnpt1E0skbY\/pr:1000x1000\/aHR0cDovL21lZGlhMi5kZXNpZ25wYXJ0bmVyLmZyL2MvcC8xOTk0NS8xOTk0NS0yNDE0Ny0xLndlYnA?v=1751554506","https:\/\/media.th4.com\/Jly5-vr5a__4lOCwhSOJvhtZEiSE5yDiHKfkVYzvG1k\/pr:1000x1000\/aHR0cDovL21lZGlhMi5kZXNpZ25wYXJ0bmVyLmZyL2MvcC8xOTk0NS8xOTk0NS0yNDE0Ny0yLndlYnA?v=1751554506","https:\/\/media.th4.com\/S5Uxz9_gs8jf883b68XFFbbBNWVs9IkTbLwjVzt5M7w\/pr:1000x1000\/aHR0cDovL21lZGlhMi5kZXNpZ25wYXJ0bmVyLmZyL2MvcC8xOTk0NS8xOTk0NS0yNDE0Ny0zLndlYnA?v=1751554506"],"large":["https:\/\/media.th4.com\/ABVhpV7jCr_dMQC767CzLPhCYTGw0it9MYbklMaoFZ4\/pr:1920\/aHR0cDovL21lZGlhMi5kZXNpZ25wYXJ0bmVyLmZyL2MvcC8xOTk0NS8xOTk0NS0yNDE0Ny0xLndlYnA?v=1751554506","https:\/\/media.th4.com\/spMRxrw45RRglwFHoJNOPUvAfIZ06CbOrV9VBflyz0E\/pr:1920\/aHR0cDovL21lZGlhMi5kZXNpZ25wYXJ0bmVyLmZyL2MvcC8xOTk0NS8xOTk0NS0yNDE0Ny0yLndlYnA?v=1751554506","https:\/\/media.th4.com\/jN0PCH0ff6Ny4XodAhY0aC0FcfEEPLyb-bB0p3I3gNU\/pr:1920\/aHR0cDovL21lZGlhMi5kZXNpZ25wYXJ0bmVyLmZyL2MvcC8xOTk0NS8xOTk0NS0yNDE0Ny0zLndlYnA?v=1751554506"],"opengraph":["https:\/\/media.th4.com\/mHDXnedZ1WlX6WNfShmz-vzcJFfjmW5O7MQD4_vN52k\/pr:1200x630\/aHR0cDovL21lZGlhMi5kZXNpZ25wYXJ0bmVyLmZyL2MvcC8xOTk0NS8xOTk0NS0yNDE0Ny0xLndlYnA?v=1751554506","https:\/\/media.th4.com\/glkQBd-GEcQjqyZaSDgr8j_w-pFkmKeRUtiJqKw0y4c\/pr:1200x630\/aHR0cDovL21lZGlhMi5kZXNpZ25wYXJ0bmVyLmZyL2MvcC8xOTk0NS8xOTk0NS0yNDE0Ny0yLndlYnA?v=1751554506","https:\/\/media.th4.com\/XzFpA_KhwEuq0X8I6HmMfC--bPu3oTTDFy-BG5EpOZE\/pr:1200x630\/aHR0cDovL21lZGlhMi5kZXNpZ25wYXJ0bmVyLmZyL2MvcC8xOTk0NS8xOTk0NS0yNDE0Ny0zLndlYnA?v=1751554506"]},"images_customization":{"miniature":["https:\/\/media.th4.com\/VuxP-8qp7u7612n832lsoClE2M3jzlc9A_f8ajKJb-A\/pr:80\/aHR0cDovL21lZGlhMi5kZXNpZ25wYXJ0bmVyLmZyL2MvcC8xOTk0NS8xOTk0NS0yNDE0Ny0xLndlYnA?v=1751554506","https:\/\/media.th4.com\/dbLsuWyQ66712XcECqo8FBUQHZsU3Q6H_SUiacghpm4\/pr:80\/aHR0cDovL21lZGlhMi5kZXNpZ25wYXJ0bmVyLmZyL2MvcC8xOTk0NS8xOTk0NS0yNDE0Ny0yLndlYnA?v=1751554506","https:\/\/media.th4.com\/eHvJI8MFPhgjpGFPIkAjgaWMmOurWrwS6U5szrSGHCU\/pr:80\/aHR0cDovL21lZGlhMi5kZXNpZ25wYXJ0bmVyLmZyL2MvcC8xOTk0NS8xOTk0NS0yNDE0Ny0zLndlYnA?v=1751554506"],"medium":["https:\/\/media.th4.com\/RcpF7ubkTu1pc7dUCHkDGYnV_zzNmtNY3IxWU9ZTEq4\/pr:550x550\/aHR0cDovL21lZGlhMi5kZXNpZ25wYXJ0bmVyLmZyL2MvcC8xOTk0NS8xOTk0NS0yNDE0Ny0xLndlYnA?v=1751554506","https:\/\/media.th4.com\/KGEtVzE4ouRe8uM-YoU55MI3ie6jMqbmI2qVOV0ZOOk\/pr:550x550\/aHR0cDovL21lZGlhMi5kZXNpZ25wYXJ0bmVyLmZyL2MvcC8xOTk0NS8xOTk0NS0yNDE0Ny0yLndlYnA?v=1751554506","https:\/\/media.th4.com\/B7gnaNo_ll39A8Lx_rW8kWChsGKmzSEthQUlXFS4RjE\/pr:550x550\/aHR0cDovL21lZGlhMi5kZXNpZ25wYXJ0bmVyLmZyL2MvcC8xOTk0NS8xOTk0NS0yNDE0Ny0zLndlYnA?v=1751554506"],"medium_large":["https:\/\/media.th4.com\/va9_MA-f2anv4AgxpIMSQ3i20ihIJ0iMvnpt1E0skbY\/pr:1000x1000\/aHR0cDovL21lZGlhMi5kZXNpZ25wYXJ0bmVyLmZyL2MvcC8xOTk0NS8xOTk0NS0yNDE0Ny0xLndlYnA?v=1751554506","https:\/\/media.th4.com\/Jly5-vr5a__4lOCwhSOJvhtZEiSE5yDiHKfkVYzvG1k\/pr:1000x1000\/aHR0cDovL21lZGlhMi5kZXNpZ25wYXJ0bmVyLmZyL2MvcC8xOTk0NS8xOTk0NS0yNDE0Ny0yLndlYnA?v=1751554506","https:\/\/media.th4.com\/S5Uxz9_gs8jf883b68XFFbbBNWVs9IkTbLwjVzt5M7w\/pr:1000x1000\/aHR0cDovL21lZGlhMi5kZXNpZ25wYXJ0bmVyLmZyL2MvcC8xOTk0NS8xOTk0NS0yNDE0Ny0zLndlYnA?v=1751554506"],"large":["https:\/\/media.th4.com\/ABVhpV7jCr_dMQC767CzLPhCYTGw0it9MYbklMaoFZ4\/pr:1920\/aHR0cDovL21lZGlhMi5kZXNpZ25wYXJ0bmVyLmZyL2MvcC8xOTk0NS8xOTk0NS0yNDE0Ny0xLndlYnA?v=1751554506","https:\/\/media.th4.com\/spMRxrw45RRglwFHoJNOPUvAfIZ06CbOrV9VBflyz0E\/pr:1920\/aHR0cDovL21lZGlhMi5kZXNpZ25wYXJ0bmVyLmZyL2MvcC8xOTk0NS8xOTk0NS0yNDE0Ny0yLndlYnA?v=1751554506","https:\/\/media.th4.com\/jN0PCH0ff6Ny4XodAhY0aC0FcfEEPLyb-bB0p3I3gNU\/pr:1920\/aHR0cDovL21lZGlhMi5kZXNpZ25wYXJ0bmVyLmZyL2MvcC8xOTk0NS8xOTk0NS0yNDE0Ny0zLndlYnA?v=1751554506"],"opengraph":["https:\/\/media.th4.com\/mHDXnedZ1WlX6WNfShmz-vzcJFfjmW5O7MQD4_vN52k\/pr:1200x630\/aHR0cDovL21lZGlhMi5kZXNpZ25wYXJ0bmVyLmZyL2MvcC8xOTk0NS8xOTk0NS0yNDE0Ny0xLndlYnA?v=1751554506","https:\/\/media.th4.com\/glkQBd-GEcQjqyZaSDgr8j_w-pFkmKeRUtiJqKw0y4c\/pr:1200x630\/aHR0cDovL21lZGlhMi5kZXNpZ25wYXJ0bmVyLmZyL2MvcC8xOTk0NS8xOTk0NS0yNDE0Ny0yLndlYnA?v=1751554506","https:\/\/media.th4.com\/XzFpA_KhwEuq0X8I6HmMfC--bPu3oTTDFy-BG5EpOZE\/pr:1200x630\/aHR0cDovL21lZGlhMi5kZXNpZ25wYXJ0bmVyLmZyL2MvcC8xOTk0NS8xOTk0NS0yNDE0Ny0zLndlYnA?v=1751554506"]},"country_origin":"CN","traceability":{"manufacturing_country_id":null,"weaving_country_id":null,"dyeing_country_id":null},"sizes":[{"id":1854,"article_id":507841,"class_id":0,"name":"7\/9ans","on_standby":false,"stock_local":0,"stock_global":107,"multiple":1,"estimated_date_reassort":null,"is_destocking":false},{"id":1399,"article_id":507840,"class_id":14,"name":"4\/6ans","on_standby":false,"stock_local":0,"stock_global":639,"multiple":1,"estimated_date_reassort":null,"is_destocking":false},{"id":1398,"article_id":507842,"class_id":17,"name":"10\/12ans","on_standby":false,"stock_local":0,"stock_global":875,"multiple":1,"estimated_date_reassort":null,"is_destocking":false}],"page_links":{"fr":"\/fr\/p-wk-wk617-gilet-visibilite-enfant-securite-wk617-19945\/hi-viz-orange-24147\/","en":"\/en\/p-wk-wk617-gilet-visibilite-enfant-safety-wk617-19945\/hi-viz-orange-24147\/","de":"\/de\/p-wk-wk617-gilet-visibilite-enfant-sicherheit-wk617-19945\/hi-viz-orange-24147\/","nl":"\/nl\/p-wk-wk617-gilet-visibilite-enfant-veiligheid-wk617-19945\/hi-viz-orange-24147\/","es":"\/es\/p-wk-wk617-gilet-visibilite-enfant-seguridad-wk617-19945\/hi-viz-orange-24147\/","it":"\/it\/p-wk-wk617-gilet-visibilite-enfant-sicurezza-wk617-19945\/hi-viz-orange-24147\/","sv":"\/sv\/p-wk-wk617-gilet-visibilite-enfant-sakerhet-wk617-19945\/hi-viz-orange-24147\/","pt":"\/pt\/p-wk-wk617-colete-de-visibilidade-infantil-seguranca-wk617-19945\/hi-viz-orange-24147\/","da":"\/da\/p-wk-wk617-gilet-visibilite-enfant-sikkerhed-wk617-19945\/hi-viz-orange-24147\/","pl":"\/pl\/p-wk-wk617-gilet-visibilite-enfant-bezpieczenstwo-wk617-19945\/hi-viz-orange-24147\/"},"page_links_customization":{"fr":"\/fr\/p-wk-wk617-gilet-visibilite-enfant-wk617-personnalisable-19945\/hi-viz-orange-24147\/custom\/","en":"\/en\/p-wk-wk617-gilet-visibilite-enfant-wk617-customizable-19945\/hi-viz-orange-24147\/custom\/","de":"\/de\/p-wk-wk617-gilet-visibilite-enfant-wk617-personalisierbar-19945\/hi-viz-orange-24147\/custom\/","nl":"\/nl\/p-wk-wk617-gilet-visibilite-enfant-wk617-personaliseert-19945\/hi-viz-orange-24147\/custom\/","es":"\/es\/p-wk-wk617-chaleco-de-visibilidad-infantil-wk617-personalizable-19945\/hi-viz-orange-24147\/custom\/","it":"\/it\/p-wk-wk617-gilet-visibilite-enfant-wk617-personalizzabile-19945\/hi-viz-orange-24147\/custom\/","sv":"\/sv\/p-wk-wk617-gilet-visibilite-enfant-wk617-anpassningsbar-19945\/hi-viz-orange-24147\/custom\/","pt":"\/pt\/p-wk-wk617-gilet-visibilite-enfant-wk617-personalizavel-19945\/hi-viz-orange-24147\/custom\/","da":"\/da\/p-wk-wk617-gilet-visibilite-enfant-wk617-tilpasselig-19945\/hi-viz-orange-24147\/custom\/","pl":"\/pl\/p-wk-wk617-gilet-visibilite-enfant-wk617-personalizowany-19945\/hi-viz-orange-24147\/custom\/"}}],"documentation_link":"\/pdf\/19945.pdf","countries_availables":["AD","AE","AL","AT","BA","BD","BE","BG","BL","CA","CH","CN","CO","CY","CZ","DE","DK","DO","EE","EG","ES","ET","FI","FR","GB","GE","GF","GP","GR","GT","HK","HN","HR","HT","HU","ID","IE","IN","IS","IT","JO","JP","KE","KH","KP","KR","LA","LK","LS","LT","LU","LV","MA","MF","MG","MK","MM","MN","MQ","MT","MX","MY","NC","NI","NL","PF","PH","PK","PL","PM","PT","RE","RO","SE","SG","SI","SK","SV","SY","TH","TN","TR","TW","TZ","US","VN","WF","YT"]},"infos_customization":[],"features":{"authorize_multi_surfaces":true,"display_order_delay_type":true,"promote_surface_display":true,"tarification_franco_offert":true,"enabled_3d_editor":false},"markings":[{"id":0,"nom":"vierge","finition":null,"libelle":null,"code":null,"dpi":null,"finesse_forme_isolee":null,"finesse_forme_non_isolee":null,"hauteur_minimale_texte":null,"inactif":0,"marquage_interne":1,"quantite_min":null,"parent_id":null,"print_on_support":0,"content":"vierge","description":null},{"id":2,"nom":"fonce","finition":"optimale","libelle":"TopQuadri","code":null,"dpi":400,"finesse_forme_isolee":"0.040","finesse_forme_non_isolee":"0.700","hauteur_minimale_texte":2,"inactif":0,"marquage_interne":1,"quantite_min":null,"parent_id":18,"print_on_support":0,"content":"TopQuadri","description":"pour petites et moyennes s\u00e9ries"},{"id":3,"nom":"serigraphie","finition":"serigraphie","libelle":"SeriCoat","code":null,"dpi":400,"finesse_forme_isolee":"0.040","finesse_forme_non_isolee":"0.700","hauteur_minimale_texte":2,"inactif":0,"marquage_interne":1,"quantite_min":15,"parent_id":18,"print_on_support":0,"content":"SeriCoat","description":"pour moyennes et grandes s\u00e9ries"},{"id":4,"nom":"broderie","finition":"broderie","libelle":"Broderie","code":null,"dpi":400,"finesse_forme_isolee":"0.040","finesse_forme_non_isolee":"0.700","hauteur_minimale_texte":3,"inactif":0,"marquage_interne":1,"quantite_min":null,"parent_id":null,"print_on_support":0,"content":"Broderie","description":null},{"id":8,"nom":"theme","finition":null,"libelle":"Th\u00e8me","code":null,"dpi":null,"finesse_forme_isolee":null,"finesse_forme_non_isolee":null,"hauteur_minimale_texte":null,"inactif":0,"marquage_interne":1,"quantite_min":null,"parent_id":null,"print_on_support":0,"content":"Th\u00e8me","description":null},{"id":9,"nom":"sans","finition":null,"libelle":null,"code":null,"dpi":null,"finesse_forme_isolee":null,"finesse_forme_non_isolee":null,"hauteur_minimale_texte":null,"inactif":0,"marquage_interne":1,"quantite_min":null,"parent_id":null,"print_on_support":0,"content":"sans","description":null},{"id":10,"nom":"photo","finition":null,"libelle":"Photo","code":null,"dpi":null,"finesse_forme_isolee":null,"finesse_forme_non_isolee":null,"hauteur_minimale_texte":null,"inactif":0,"marquage_interne":1,"quantite_min":null,"parent_id":null,"print_on_support":0,"content":"Photo","description":null},{"id":14,"nom":"couleur","finition":null,"libelle":"Couleur","code":null,"dpi":null,"finesse_forme_isolee":null,"finesse_forme_non_isolee":null,"hauteur_minimale_texte":null,"inactif":0,"marquage_interne":1,"quantite_min":null,"parent_id":null,"print_on_support":0,"content":"Couleur","description":null},{"id":15,"nom":"sublimation","finition":"sublimation","libelle":"Sublimation","code":null,"dpi":null,"finesse_forme_isolee":"0.000","finesse_forme_non_isolee":"0.000","hauteur_minimale_texte":2,"inactif":0,"marquage_interne":1,"quantite_min":null,"parent_id":null,"print_on_support":0,"content":"Sublimation","description":null},{"id":16,"nom":"topquadri_uv","finition":null,"libelle":"TopQuadri UV","code":null,"dpi":null,"finesse_forme_isolee":"0.020","finesse_forme_non_isolee":"0.700","hauteur_minimale_texte":2,"inactif":0,"marquage_interne":1,"quantite_min":null,"parent_id":null,"print_on_support":1,"content":null,"description":null},{"id":17,"nom":"topquadri_uvp","finition":null,"libelle":"TopQuadri UVP","code":null,"dpi":null,"finesse_forme_isolee":"0.020","finesse_forme_non_isolee":"0.700","hauteur_minimale_texte":2,"inactif":0,"marquage_interne":1,"quantite_min":null,"parent_id":null,"print_on_support":1,"content":null,"description":null},{"id":18,"nom":"quadri","finition":null,"libelle":"Impression","code":null,"dpi":null,"finesse_forme_isolee":null,"finesse_forme_non_isolee":null,"hauteur_minimale_texte":null,"inactif":0,"marquage_interne":1,"quantite_min":null,"parent_id":null,"print_on_support":0,"content":null,"description":null}]}}