{"data":{"product":{"id":19919,"titre":"Veste de surv\u00eatement recycl\u00e9e Premium unisexe","description":"Coupe droite. Fermeture devant avec zip invers\u00e9 en nylon recycl\u00e9 ton sur ton. Manches raglan avec d\u00e9coupes \u00e9paule. Bas de manches en tissu principal. 2 poches zipp\u00e9es \u00e0 l'avant. Tissu textur\u00e9 ton sur ton sur le c\u00f4t\u00e9 et dans le dos. Couvre zip en haut du col pour plus de confort. Ourlet bas de v\u00eatement. Dos rallong\u00e9 et fentes lat\u00e9rales d'aisance. \u00c9tiquette de marque d\u00e9tachable pour faciliter la personnalisation. Composition : 96% polyester, 4% \u00e9lasthanne.","genre":"mixte","grammage":220,"conditionnement":25,"composition":"polyester,elasthanne","reference":"pr-pa392","reference_visible":"pr-pa392","reference_fabricant":"PA392","ref_xor":"727946","in_catalog":true,"is_transfer":false,"is_service":false,"on_standby":false,"has_3d":false,"has_size_guide":false,"has_marking":true,"has_vierge":true,"is_cross_sellable":false,"id_picto":27,"filename_3d":null,"brand":{"id":37,"name":"ProAct","logo":"logo-proact.png","image":"https:\/\/media.th4.com\/CKM3LQUaRrAReFrsWSZzr53ir5Wwj7MUz_VC-FY97NA\/pr:brand70x70\/aHR0cDovL21lZGlhMi5kZXNpZ25wYXJ0bmVyLmZyL2MvbS9sb2dvLXByb2FjdC5wbmc"},"price_infos":{"price_from":22.55,"quantity":200,"color":{"id":1639,"name":"black"},"size":{"id":2,"name":"M"}},"price_infos_marking":{"price_from":30.76,"quantity":200,"color":{"id":1639,"name":"black"},"size":{"id":2,"name":"M"},"marking":{"id":4,"name":""},"emplacement":"avant","surface_emplacement_id":1,"surface":"coeur"},"i18n":{"blank":{"title":{"fr":"Veste surv\u00catement premium PROACT pa392","en":"Premium tracksuit jacket PROACT pa392","de":"Premium-Trainingsjacke PROACT pa392","nl":"Premium trainingsjack PROACT pa392","es":"Chaqueta de ch\u00e1ndal premium PROACT pa392","it":"Giacca tuta premium PROACT pa392","sv":"Premium tr\u00e4ningsjacka PROACT pa392","pt":"Casaco de treino premium PROACT pa392","da":"Premium tr\u00e6ningsjakke PROACT pa392","pl":"Premiumowa kurtka dresowa PROACT pa392"},"description":{"fr":"La Veste Surv\u00eatement Premium se porte en couche ext\u00e9rieure pour les activit\u00e9s sportives et les d\u00e9placements. Coupe droite, zip invers\u00e9 ton sur ton, manches raglan et poches zipp\u00e9es. Dos rallong\u00e9 avec fentes lat\u00e9rales et couvre-zip au col pour le confort.\n\n- Composition : 96% polyester\n- 4% \u00e9lasthanne\n- Zip invers\u00e9 nylon recycl\u00e9\n- 2 poches zipp\u00e9es","en":"The Premium Tracksuit Jacket is worn as an outer layer for sports activities and travel. Straight fit, tone-on-tone reverse zip, raglan sleeves and zipped pockets. Longer back with side vents and a zip guard at the collar for comfort.\n\n- Composition: 96% polyester\n- 4% elastane\n- Recycled nylon reverse zip\n- 2 zipped pockets","de":"Die Premium-Trainingsjacke wird als Au\u00dfenschicht f\u00fcr sportliche Aktivit\u00e4ten und Wege getragen. Gerader Schnitt, umgekehrter Ton-in-Ton-Rei\u00dfverschluss, Raglan\u00e4rmel und Rei\u00dfverschlusstaschen. Verl\u00e4ngerter R\u00fccken mit Seitenschlitzen und Rei\u00dfverschlussabdeckung am Kragen f\u00fcr Komfort.\n\n- Zusammensetzung: 96% Polyester\n- 4% Elasthan\n- Umgekehrter Rei\u00dfverschluss aus recyceltem Nylon\n- 2 Rei\u00dfverschlusstaschen","nl":"De Premium trainingsjack wordt als buitenlaag gedragen voor sportactiviteiten en verplaatsingen. Rechte snit, toon-op-toon omgekeerde ritssluiting, raglanmouwen en zakken met rits. Verlengd achterpand met zijsplitten en ritsbeschermer bij de kraag voor comfort.\n\n- Samenstelling: 96% polyester\n- 4% elastaan\n- Omgekeerde ritssluiting van gerecycled nylon\n- 2 zakken met rits","es":"La chaqueta de ch\u00e1ndal premium se usa como capa exterior para actividades deportivas y desplazamientos. Corte recto, cremallera invertida a tono, mangas ragl\u00e1n y bolsillos con cremallera. Espalda m\u00e1s larga con aberturas laterales y protector de cremallera en el cuello para mayor comodidad.\n\n- Composici\u00f3n: 96% poli\u00e9ster\n- 4% elastano\n- Cremallera invertida de nailon reciclado\n- 2 bolsillos con cremallera","it":"La Giacca Tuta Premium si indossa come strato esterno per le attivita sportive e gli spostamenti. Taglio dritto, zip rovesciata tono su tono, maniche raglan e tasche con zip. Retro allungato con spacchi laterali e copri-zip al collo per il comfort.\n\n- Composizione: 96% poliestere\n- 4% elastan\n- Zip rovesciata in nylon riciclato\n- 2 tasche con zip","sv":"Premium tr\u00e4ningsjacka att b\u00e4ra som ytterlager f\u00f6r sportaktiviteter och f\u00f6rflyttningar. Rak passform, omv\u00e4nd ton-i-ton-dragkedja, raglan\u00e4rmar och fickor med dragkedja. F\u00f6rl\u00e4ngt ryggparti med sidosprund och dragkedjeskydd vid kragen f\u00f6r komfort.\n\n- Sammans\u00e4ttning: 96% polyester\n- 4% elastan\n- Omv\u00e4nd dragkedja i \u00e5tervunnen nylon\n- 2 fickor med dragkedja","pt":"O Casaco de treino premium usa-se como camada exterior para atividades desportivas e desloca\u00e7\u00f5es. Corte reto, fecho invertido tom sobre tom, mangas ragl\u00e3 e bolsos com fecho. Costas alongadas com aberturas laterais e prote\u00e7\u00e3o de fecho no colarinho para conforto.\n\n- Composi\u00e7\u00e3o: 96% poli\u00e9ster\n- 4% elastano\n- Fecho invertido em nylon reciclado\n- 2 bolsos com fecho","da":"Premium tr\u00e6ningsjakken b\u00e6res som yderlag til sportsaktiviteter og transport. Lige pasform, ton-i-ton omvendt lynl\u00e5s, raglan\u00e6rmer og lynl\u00e5slommer. Forl\u00e6nget ryg med sideslidser og lynl\u00e5sbeskytter ved kraven for komfort.\n\n- Sammens\u00e6tning: 96% polyester\n- 4% elastan\n- Omvendt lynl\u00e5s i genanvendt nylon\n- 2 lynl\u00e5slommer","pl":"Premiumowa kurtka dresowa noszona jako warstwa zewn\u0119trzna do aktywno\u015bci sportowych i podczas przemieszczania si\u0119. Kr\u00f3j prosty, odwr\u00f3cony zamek ton w ton, r\u0119kawy raglanowe i kieszenie na zamek. Przed\u0142u\u017cony ty\u0142 z bocznymi rozci\u0119ciami oraz os\u0142ona zamka przy ko\u0142nierzu dla komfortu.\n\n- Sk\u0142ad: 96% poliester\n- 4% elastan\n- Odwr\u00f3cony zamek z nylonu z recyklingu\n- 2 kieszenie na zamek"},"h1":{"fr":"Veste surv\u00catement premium pa392","en":"Premium tracksuit jacket pa392","de":"Premium-Trainingsjacke pa392","nl":"Premium trainingsjack pa392","es":"Chaqueta de ch\u00e1ndal premium pa392","it":"Giacca tuta premium pa392","sv":"Premium tr\u00e4ningsjacka pa392","pt":"Casaco de treino premium pa392","da":"Premium tr\u00e6ningsjakke pa392","pl":"Premiumowa kurtka dresowa pa392"},"meta_description":{"fr":"Veste Surv\u00eatement Premium pa392 : coupe droite, zip invers\u00e9, manches raglan, 2 poches zipp\u00e9es, dos rallong\u00e9 avec fentes lat\u00e9rales.","en":"Premium Tracksuit Jacket pa392: straight fit, tone-on-tone reverse zip, raglan sleeves, 2 zipped pockets, longer back with side vents.","de":"Premium-Trainingsjacke pa392: gerader Schnitt, umgekehrter Ton-in-Ton-Rei\u00dfverschluss, Raglan\u00e4rmel, 2 Rei\u00dfverschlusstaschen, verl\u00e4ngerter R\u00fccken mit Seitenschlitzen.","nl":"Premium trainingsjack pa392: rechte snit, omgekeerde ritssluiting, raglanmouwen, 2 zakken met rits, verlengd achterpand met zijsplitten.","es":"Chaqueta de ch\u00e1ndal premium pa392: corte recto, cremallera invertida, mangas ragl\u00e1n, 2 bolsillos con cremallera, espalda m\u00e1s larga con aberturas laterales.","it":"Giacca tuta premium pa392: taglio dritto, zip rovesciata, maniche raglan, 2 tasche con zip, retro allungato con spacchi laterali.","sv":"Premium tr\u00e4ningsjacka pa392: rak passform, omv\u00e4nt ton-i-ton-dragkedja, raglan\u00e4rmar, 2 fickor med dragkedja, f\u00f6rl\u00e4ngt ryggparti med sidosprund.","pt":"Casaco de treino premium pa392: corte reto, fecho invertido, mangas ragl\u00e3, 2 bolsos com fecho, costas alongadas com aberturas laterais.","da":"Premium tr\u00e6ningsjakke pa392: lige pasform, omvendt lynl\u00e5s, raglan\u00e6rmer, 2 lynl\u00e5slommer, forl\u00e6nget ryg med sideslidser.","pl":"Premiumowa kurtka dresowa pa392: kr\u00f3j prosty, odwr\u00f3cony zamek, r\u0119kawy raglanowe, 2 kieszenie na zamek, przed\u0142u\u017cony ty\u0142 z bocznymi rozci\u0119ciami."}},"custom":{"title":{"fr":"Veste surv\u00eatement PROACT pa392 personnalisable","en":"PROACT pa392 customizable tracksuit jacket","de":"Veste surv\u00eatement PROACT pa392 anpassbar","nl":"Veste surv\u00eatement PROACT pa392 personaliseert","es":"Veste surv\u00eatement PROACT pa392 personalizable","it":"Veste surv\u00eatement PROACT pa392 personalizzabile","sv":"Veste surv\u00eatement PROACT pa392 anpassningsbar","pt":"Veste surv\u00eatement PROACT pa392 personaliz\u00e1vel","da":"Veste surv\u00eatement PROACT pa392 tilpasselig","pl":"Veste surv\u00eatement PROACT pa392 personalizowana"},"description":{"fr":"La veste surv\u00eatement unisexe pr\u00e9sente une coupe droite avec fermeture devant \u00e0 zip invers\u00e9 en nylon recycl\u00e9 ton sur ton. Elle comporte des manches raglan avec d\u00e9coupes \u00e9paule et un tissu textur\u00e9 ton sur ton sur les c\u00f4t\u00e9s du dos. Le haut du col couvre le zip pour plus de confort, le bas des manches est en tissu principal, et le dos est rallong\u00e9 avec fentes lat\u00e9rales d'aisance. Deux poches zipp\u00e9es sont situ\u00e9es \u00e0 l'avant. L'\u00e9tiquette marque est d\u00e9tachable pour faciliter la personnalisation.\n\n- Composition 96% polyester 4% \u00e9lasthanne\n- Zip invers\u00e9 nylon recycl\u00e9\n- Deux poches zipp\u00e9es avant\n- \u00c9tiquette d\u00e9tachable personnalisable","en":"The unisex tracksuit jacket features a straight cut with front closure by tone-on-tone recycled nylon reverse zip. It has raglan sleeves with shoulder seams and a tone-on-tone textured fabric on the back sides. The top of the collar covers the zip for added comfort, sleeve cuffs are made of main fabric, and the back is extended with side slits for ease. Two zipped pockets are located in front. The brand label is detachable for easy customization.\n\n- Composition 96% polyester 4% elastane\n- Recycled nylon reverse zip\n- Two zipped front pockets\n- Detachable customizable label","de":"Die unisex Trainingsjacke hat einen geraden Schnitt mit vorderem umgekehrtem Rei\u00dfverschluss aus recyceltem Nylon in Ton in Ton. Sie verf\u00fcgt \u00fcber Raglan\u00e4rmel mit Schulterabn\u00e4hern und eine strukturierte Ton-in-Ton-Seitenpartie am R\u00fccken. Der obere Kragen bedeckt den Rei\u00dfverschluss f\u00fcr mehr Komfort, der untere \u00c4rmelbereich besteht aus Hauptstoff, und der R\u00fccken ist verl\u00e4ngert mit seitlichen Bewegungsfalten. Zwei Rei\u00dfverschlusstaschen befinden sich vorne. Das Markenetikett ist abnehmbar zur einfachen Personalisierung.\n\n- Material 96% Polyester 4% Elasthan\n- Umgekehrter Rei\u00dfverschluss aus recyceltem Nylon\n- Zwei Fronttaschen mit Rei\u00dfverschluss\n- Abnehmbares, personalisierbares Etikett","nl":"Het unisex jack heeft een rechte pasvorm met een voorzijde sluiting met een omgekeerde ritssluiting van gerecycled nylon in toon op toon. Het heeft raglanmouwen met schouderinzetstukken en een gestructureerde, toon-op-toon stof op de zijkanten van de achterkant. De bovenkant van de kraag bedekt de ritssluiting voor meer comfort, de onderkant van de mouwen is van hoofdmateriaal, en de achterkant is verlengd met zijsplitten voor bewegingsvrijheid. Twee ritszakken bevinden zich aan de voorkant. Het merklabel is afneembaar om personalisatie te vergemakkelijken.\n\n- Samenstelling 96% polyester 4% elastaan\n- Omgekeerde ritssluiting van gerecycled nylon\n- Twee ritszakken aan de voorkant\n- Afneembaar, personaliseerbaar label","es":"La veste surv\u00eatement unisex presenta un corte recto con cierre frontal de cremallera invertida de nylon reciclado tono sobre tono. Cuenta con mangas ragl\u00e1n con cortes en el hombro y tejido texturizado tono sobre tono en los lados de la espalda. La parte superior del cuello cubre la cremallera para mayor comodidad, el bajo de las mangas es del tejido principal, y la espalda est\u00e1 alargada con aberturas laterales de holgura. Dos bolsillos delanteros con cremallera. La etiqueta de la marca es desmontable para facilitar la personalizaci\u00f3n.\n\n- Composici\u00f3n 96% poli\u00e9ster 4% elastano\n- Cremallera invertida nylon reciclado\n- Dos bolsillos delanteros con cremallera\n- Etiqueta desmontable personalizable","it":"La veste surv\u00eatement unisex presenta una linea dritta con chiusura frontale con cerniera invertita in nylon riciclato tono su tono. Presenta maniche raglan con tagli sulla spalla e tessuto testurizzato tono su tono sui lati della schiena. La parte superiore del colletto copre la cerniera per maggior comfort, il fondo delle maniche \u00e8 in tessuto principale e la schiena \u00e8 allungata con spacchi laterali per maggiore libert\u00e0 di movimento. Due tasche con cerniera sono situate davanti. L'etichetta del marchio \u00e8 staccabile per facilitare la personalizzazione.\n\n- Composizione 96% poliestere 4% elastan\n- Cerniera invertita nylon riciclato\n- Due tasche con cerniera davanti\n- Etichetta staccabile personalizzabile","sv":"Unisex tr\u00e4ningsjacka med r\u00e4t sk\u00e4rning och framh\u00e4ngande omv\u00e4nd dragkedja i ton-i-ton \u00e5tervunnen nylon. Raglan\u00e4rmar med axels\u00f6mmar och ton-i-ton texturerat tyg p\u00e5 ryggens sidor. \u00d6vre kragen t\u00e4cker dragkedjan f\u00f6r \u00f6kad komfort, \u00e4rmslut i huvudtyg och f\u00f6rl\u00e4ngd rygg med sidospj\u00e4ll f\u00f6r r\u00f6rlighet. Tv\u00e5 dragkedjef\u00f6rsedda fickor fram. Avtagbar m\u00e4rkeetikett f\u00f6r l\u00e4tt anpassning.\n\n- Komposition 96% polyester 4% elastan\n- Omv\u00e4nd dragkedja i \u00e5tervunnen nylon\n- Tv\u00e5 dragkedjef\u00f6rsedda fickor fram\n- Avtagbar anpassningsbar etikett","pt":"A veste surv\u00eatement unissexo apresenta um corte reto com fecho frontal invertido em nylon reciclado ton-sur-ton. Possui mangas raglan com recortes nos ombros e tecido texturizado ton-sur-ton nas laterais das costas. A parte superior da gola cobre o fecho para maior conforto, a parte inferior das mangas \u00e9 em tecido principal, e as costas s\u00e3o alongadas com aberturas laterais para mobilidade. Dois bolsos com fecho est\u00e3o localizados na frente. A etiqueta da marca \u00e9 destac\u00e1vel para facilitar a personaliza\u00e7\u00e3o.\n\n- Composi\u00e7\u00e3o 96% poli\u00e9ster 4% elastano\n- Fecho invertido em nylon reciclado\n- Dois bolsos frontais com fecho\n- Etiqueta destac\u00e1vel personaliz\u00e1vel","da":"Unisex tr\u00e6ningsjakke med lige pasform og forside med omvendt lynl\u00e5s i tonet genanvendt nylon. Raglan\u00e6rmer med skulders\u00f8mme og tonet tekstureret stof p\u00e5 rygsiderne. Krave \u00f8verst d\u00e6kker lynl\u00e5sen for komfort, \u00e6rmekanter i hovedstof, og forl\u00e6nget ryg med sidelommer for bev\u00e6gelsesfrihed. To lynl\u00e5slommer foran. Aftagelig m\u00e6rkeetiket til tilpasning.\n\n- Sammens\u00e6tning 96% polyester 4% elastan\n- Omvendt lynl\u00e5s i genanvendt nylon\n- To lynl\u00e5slommer foran\n- Aftagelig tilpasselig etiket","pl":"Uniseksowa bluza dresowa ma prosty kr\u00f3j z przednim zamkiem odwr\u00f3conym z nylonu z recyklingu w tonacji. Posiada r\u0119kawy raglan z przeszyciami na ramionach oraz teksturowany materia\u0142 ton w ton po bokach plec\u00f3w. G\u00f3rna cz\u0119\u015b\u0107 ko\u0142nierza zakrywa zamek dla wi\u0119kszego komfortu, dolna cz\u0119\u015b\u0107 r\u0119kaw\u00f3w wykonana jest z g\u0142\u00f3wnego materia\u0142u, a tylna cz\u0119\u015b\u0107 jest wyd\u0142u\u017cona z bocznymi rozci\u0119ciami dla swobody ruch\u00f3w. Z przodu znajduj\u0105 si\u0119 dwie kieszenie na zamek. Metka marki jest odpinana, co u\u0142atwia personalizacj\u0119.\n\n- Sk\u0142ad 96% poliester 4% elastan\n- Odwr\u00f3cony zamek z nylonu z recyklingu\n- Dwie kieszenie na zamek z przodu\n- Odpinana metka do personalizacji"},"h1":{"fr":"Veste surv\u00eatement pa392 personnalisable","en":"pa392 customizable tracksuit jacket","de":"Veste surv\u00eatement pa392 anpassbar","nl":"Veste surv\u00eatement pa392 personaliseert","es":"Veste surv\u00eatement pa392 personalizable","it":"Veste surv\u00eatement pa392 personalizzabile","sv":"Veste surv\u00eatement pa392 anpassningsbar","pt":"Veste surv\u00eatement pa392 personaliz\u00e1vel","da":"Veste surv\u00eatement pa392 tilpasselig","pl":"Veste surv\u00eatement pa392 personalizowana"},"meta_description":{"fr":"Veste surv\u00eatement unisexe en polyester et \u00e9lasthanne avec zip invers\u00e9 et poches zipp\u00e9es. Dos rallong\u00e9 et \u00e9tiquette d\u00e9tachable pour personnalisation.","en":"Unisex tracksuit jacket in polyester and elastane with reverse zip and zipped pockets. Extended back and detachable label for customization.","de":"Unisex Trainingsjacke aus Polyester und Elasthan mit umgekehrtem Rei\u00dfverschluss und Rei\u00dfverschlusstaschen. Verl\u00e4ngertes R\u00fcckenteil und abnehmbares Etikett zur Personalisierung.","nl":"Unisex polyester en elastaan jack met omgekeerde ritssluiting en ritssluitingen zakken. Verlengde achterkant en afneembaar label voor personalisatie.","es":"Veste surv\u00eatement unisex de poli\u00e9ster y elastano con cremallera invertida y bolsillos con cremallera. Espalda alargada y etiqueta desmontable para personalizaci\u00f3n.","it":"Veste surv\u00eatement unisex in poliestere ed elastan con cerniera invertita e tasche con cerniera. Schiena allungata ed etichetta staccabile per personalizzazione.","sv":"Unisex tr\u00e4ningsjacka i polyester och elastan med omv\u00e4nd dragkedja och dragkedjef\u00f6rsedda fickor. F\u00f6rl\u00e4ngd rygg och avtagbar etikett f\u00f6r anpassning.","pt":"Veste surv\u00eatement unissexo em poli\u00e9ster e elastano com fecho invertido e bolsos com fecho. Costas alongadas e etiqueta destac\u00e1vel para personaliza\u00e7\u00e3o.","da":"Unisex tr\u00e6ningsjakke i polyester og elastan med omvendt lynl\u00e5s og lynl\u00e5slommer. Forl\u00e6nget ryg og aftagelig etiket til tilpasning.","pl":"Uniseksowa bluza dresowa z poliestru i elastanu z odwr\u00f3conym zamkiem b\u0142yskawicznym i kieszeniami na zamek. Wyd\u0142u\u017cone plecy i odpinana metka do personalizacji."}}},"categories":[{"id":324,"name":"Surv\u00eatements et joggings","singular":"Surv\u00eatement et jogging","is_feminin":false},{"id":570,"name":"Vestes de surv\u00eatements","singular":"Veste de surv\u00eatement","is_feminin":false},{"id":560,"name":"Sports et Loisirs","singular":"Sport et Loisir","is_feminin":false},{"id":559,"name":"Univers","singular":"Univers","is_feminin":false},{"id":354,"name":"Textile","singular":"Textile","is_feminin":false}],"certifications":[{"id":5,"label":"G.R.S.","logo_link":"\/images\/certifications\/5_GRS.jpg","is_marking_compatible":false}],"videos":{"fr":[],"en":[],"de":[],"nl":[],"es":[],"it":[],"sv":[],"pt":[],"da":[],"pl":[]},"main_images":{"miniature":"https:\/\/media.th4.com\/2JUfdKFFeolqGMALQFagZhLveTAZEWbFx2Ud8t8zh5c\/pr:80\/aHR0cDovL21lZGlhMi5kZXNpZ25wYXJ0bmVyLmZyL2MvcC1ibGFuay1USC8xOTkxOS53ZWJw?v=1751554551","medium":"https:\/\/media.th4.com\/M3-ouKiPU7ELTIqjazcygu1zc9ptwh_vL6kLwQZnvbA\/pr:550x550greybg\/aHR0cDovL21lZGlhMi5kZXNpZ25wYXJ0bmVyLmZyL2MvcC1ibGFuay1USC8xOTkxOS53ZWJw?v=1751554551","medium_large":"https:\/\/media.th4.com\/M-7UHh1meC2BEdPiuH_aJ-4IRvrUQXXME5jWDz6zS-E\/pr:1000x1000greybg\/aHR0cDovL21lZGlhMi5kZXNpZ25wYXJ0bmVyLmZyL2MvcC1ibGFuay1USC8xOTkxOS53ZWJw?v=1751554551","large":"https:\/\/media.th4.com\/_uHmA8I80AcqEwbjMnqHGClqMwsuVkRbLSbqTn1ODW8\/pr:1920greybg\/aHR0cDovL21lZGlhMi5kZXNpZ25wYXJ0bmVyLmZyL2MvcC1ibGFuay1USC8xOTkxOS53ZWJw?v=1751554551","opengraph":"https:\/\/media.th4.com\/40CtbpR-Lu16E8UDLV0y8J_e_sdvloHamL8ztqVaixU\/pr:1200x630greybg\/aHR0cDovL21lZGlhMi5kZXNpZ25wYXJ0bmVyLmZyL2MvcC1ibGFuay1USC8xOTkxOS53ZWJw?v=1751554551"},"main_images_customization":{"miniature":"https:\/\/media.th4.com\/IlndPt9UqXh7tYwRZNRYvZenJes8RONIgxnVKxdi_Bs\/pr:80\/aHR0cDovL21lZGlhMi5kZXNpZ25wYXJ0bmVyLmZyL2MvcC1jdXN0b20tVEgvMTk5MTkud2VicA?v=1751554558","medium":"https:\/\/media.th4.com\/wSFFrgiddXzSIMylDvSStadkyByBMCFEJBVlRUEctvE\/pr:550x550greybg\/aHR0cDovL21lZGlhMi5kZXNpZ25wYXJ0bmVyLmZyL2MvcC1jdXN0b20tVEgvMTk5MTkud2VicA?v=1751554558","medium_large":"https:\/\/media.th4.com\/Sev3ib65qEZVGW2K5t0MxJhirivf1aCTBYmDORW0sqs\/pr:1000x1000greybg\/aHR0cDovL21lZGlhMi5kZXNpZ25wYXJ0bmVyLmZyL2MvcC1jdXN0b20tVEgvMTk5MTkud2VicA?v=1751554558","large":"https:\/\/media.th4.com\/h7fzFOJP2FjSPB3NC1lY38qmP7WROFq2kom7fG7J7Lc\/pr:1920greybg\/aHR0cDovL21lZGlhMi5kZXNpZ25wYXJ0bmVyLmZyL2MvcC1jdXN0b20tVEgvMTk5MTkud2VicA?v=1751554558","opengraph":"https:\/\/media.th4.com\/Q5OeiyAb56uv6ZFXpGaT5GTA_JzIgjUGXBvefG14j1I\/pr:1200x630greybg\/aHR0cDovL21lZGlhMi5kZXNpZ25wYXJ0bmVyLmZyL2MvcC1jdXN0b20tVEgvMTk5MTkud2VicA?v=1751554558"},"page_links":{"fr":"\/fr\/p-pr-pa392-veste-survetement-premium-pa392-19919\/","en":"\/en\/p-pr-pa392-premium-tracksuit-jacket-pa392-19919\/","de":"\/de\/p-pr-pa392-premium-trainingsjacke-pa392-19919\/","nl":"\/nl\/p-pr-pa392-premium-trainingsjack-pa392-19919\/","es":"\/es\/p-pr-pa392-chaqueta-de-chandal-premium-pa392-19919\/","it":"\/it\/p-pr-pa392-giacca-tuta-premium-pa392-19919\/","sv":"\/sv\/p-pr-pa392-premium-traningsjacka-pa392-19919\/","pt":"\/pt\/p-pr-pa392-casaco-de-treino-premium-pa392-19919\/","da":"\/da\/p-pr-pa392-premium-traeningsjakke-pa392-19919\/","pl":"\/pl\/p-pr-pa392-premiumowa-kurtka-dresowa-pa392-19919\/"},"page_links_customization":{"fr":"\/fr\/p-pr-pa392-veste-survetement-pa392-personnalisable-19919\/custom\/","en":"\/en\/p-pr-pa392-pa392-customizable-tracksuit-jacket-19919\/custom\/","de":"\/de\/p-pr-pa392-veste-survetement-pa392-anpassbar-19919\/custom\/","nl":"\/nl\/p-pr-pa392-veste-survetement-pa392-personaliseert-19919\/custom\/","es":"\/es\/p-pr-pa392-veste-survetement-pa392-personalizable-19919\/custom\/","it":"\/it\/p-pr-pa392-veste-survetement-pa392-personalizzabile-19919\/custom\/","sv":"\/sv\/p-pr-pa392-veste-survetement-pa392-anpassningsbar-19919\/custom\/","pt":"\/pt\/p-pr-pa392-veste-survetement-pa392-personalizavel-19919\/custom\/","da":"\/da\/p-pr-pa392-veste-survetement-pa392-tilpasselig-19919\/custom\/","pl":"\/pl\/p-pr-pa392-veste-survetement-pa392-personalizowana-19919\/custom\/"},"equivalent_products":[],"colors":[{"id":1639,"name":"black","class_ids":[4],"codes_hexa":["1a1a18"],"delai_24":false,"has_3d":false,"seuil_global":0,"stock_local":0,"stock_global":2017,"on_standby":false,"in_catalog":true,"images":{"miniature":["https:\/\/media.th4.com\/8OZ_puNDC8rvTC6G7agZmJY8a-waOlirt4RM5EdD3hA\/pr:80\/aHR0cDovL21lZGlhMi5kZXNpZ25wYXJ0bmVyLmZyL2MvcC8xOTkxOS8xOTkxOS0xNjM5LTEud2VicA?v=1751554493","https:\/\/media.th4.com\/yFzmf3j7iJiblu2pr0wQzt-SHOqaAy_1cP_nGAHPznY\/pr:80\/aHR0cDovL21lZGlhMi5kZXNpZ25wYXJ0bmVyLmZyL2MvcC8xOTkxOS8xOTkxOS0xNjM5LTIud2VicA?v=1751554493","https:\/\/media.th4.com\/CDttoDzke09iCI7kuVXPLXPccZUIk01ytC1IMghz_io\/pr:80\/aHR0cDovL21lZGlhMi5kZXNpZ25wYXJ0bmVyLmZyL2MvcC8xOTkxOS8xOTkxOS0xNjM5LTMud2VicA?v=1751554493"],"medium":["https:\/\/media.th4.com\/xTsi4Ql7i4AMLI2hzbA2e6cc5brhfGJrnrNco_KNRU8\/pr:550x550\/aHR0cDovL21lZGlhMi5kZXNpZ25wYXJ0bmVyLmZyL2MvcC8xOTkxOS8xOTkxOS0xNjM5LTEud2VicA?v=1751554493","https:\/\/media.th4.com\/m0E3FfSENxy7zIeAnFz0mubRCc8Fuz740Rhj7xwxDI8\/pr:550x550\/aHR0cDovL21lZGlhMi5kZXNpZ25wYXJ0bmVyLmZyL2MvcC8xOTkxOS8xOTkxOS0xNjM5LTIud2VicA?v=1751554493","https:\/\/media.th4.com\/EApMxsVjd9OlKa3TWPGpf6CmHbRQ87H1GGWK8cUu_6U\/pr:550x550\/aHR0cDovL21lZGlhMi5kZXNpZ25wYXJ0bmVyLmZyL2MvcC8xOTkxOS8xOTkxOS0xNjM5LTMud2VicA?v=1751554493"],"medium_large":["https:\/\/media.th4.com\/hziJrEIekMtloTwKVuedaRRYG07pwndAY9bRWJqrNjI\/pr:1000x1000\/aHR0cDovL21lZGlhMi5kZXNpZ25wYXJ0bmVyLmZyL2MvcC8xOTkxOS8xOTkxOS0xNjM5LTEud2VicA?v=1751554493","https:\/\/media.th4.com\/OkuyBwnu1_qDlCtn0y_KsDBlspIuj4rgVUHJgYUVMhM\/pr:1000x1000\/aHR0cDovL21lZGlhMi5kZXNpZ25wYXJ0bmVyLmZyL2MvcC8xOTkxOS8xOTkxOS0xNjM5LTIud2VicA?v=1751554493","https:\/\/media.th4.com\/ggz-oUTbA9HwNUhWnCQxrV-EtaNtGOjVmJ2kgWf0ZnQ\/pr:1000x1000\/aHR0cDovL21lZGlhMi5kZXNpZ25wYXJ0bmVyLmZyL2MvcC8xOTkxOS8xOTkxOS0xNjM5LTMud2VicA?v=1751554493"],"large":["https:\/\/media.th4.com\/UyrxsfBc1Cz4-bduultz-FwYE_vR6UZjAeJ8JgSdUUs\/pr:1920\/aHR0cDovL21lZGlhMi5kZXNpZ25wYXJ0bmVyLmZyL2MvcC8xOTkxOS8xOTkxOS0xNjM5LTEud2VicA?v=1751554493","https:\/\/media.th4.com\/jsCwpd_q2xUU2cJf-T6TFnKNM5F_YjddBp2NV2zef0w\/pr:1920\/aHR0cDovL21lZGlhMi5kZXNpZ25wYXJ0bmVyLmZyL2MvcC8xOTkxOS8xOTkxOS0xNjM5LTIud2VicA?v=1751554493","https:\/\/media.th4.com\/QdvQkJPgeoPH8JtoMuX03T0MoH5HIngg7DqvgAtPHtU\/pr:1920\/aHR0cDovL21lZGlhMi5kZXNpZ25wYXJ0bmVyLmZyL2MvcC8xOTkxOS8xOTkxOS0xNjM5LTMud2VicA?v=1751554493"],"opengraph":["https:\/\/media.th4.com\/u1ml7UCs4ThuYTvwax4uMVDhGv0THp_chuqfEdeWlb8\/pr:1200x630\/aHR0cDovL21lZGlhMi5kZXNpZ25wYXJ0bmVyLmZyL2MvcC8xOTkxOS8xOTkxOS0xNjM5LTEud2VicA?v=1751554493","https:\/\/media.th4.com\/GQ4n3_4dNufFM89eVw869BrbGASepVsqoWyw1cfCfv8\/pr:1200x630\/aHR0cDovL21lZGlhMi5kZXNpZ25wYXJ0bmVyLmZyL2MvcC8xOTkxOS8xOTkxOS0xNjM5LTIud2VicA?v=1751554493","https:\/\/media.th4.com\/3OhDu4JcQ9svzZ-xRvdrhAP_V0H2p8V7L9GJGbC1EUw\/pr:1200x630\/aHR0cDovL21lZGlhMi5kZXNpZ25wYXJ0bmVyLmZyL2MvcC8xOTkxOS8xOTkxOS0xNjM5LTMud2VicA?v=1751554493"]},"images_customization":{"miniature":["https:\/\/media.th4.com\/8OZ_puNDC8rvTC6G7agZmJY8a-waOlirt4RM5EdD3hA\/pr:80\/aHR0cDovL21lZGlhMi5kZXNpZ25wYXJ0bmVyLmZyL2MvcC8xOTkxOS8xOTkxOS0xNjM5LTEud2VicA?v=1751554493","https:\/\/media.th4.com\/yFzmf3j7iJiblu2pr0wQzt-SHOqaAy_1cP_nGAHPznY\/pr:80\/aHR0cDovL21lZGlhMi5kZXNpZ25wYXJ0bmVyLmZyL2MvcC8xOTkxOS8xOTkxOS0xNjM5LTIud2VicA?v=1751554493","https:\/\/media.th4.com\/CDttoDzke09iCI7kuVXPLXPccZUIk01ytC1IMghz_io\/pr:80\/aHR0cDovL21lZGlhMi5kZXNpZ25wYXJ0bmVyLmZyL2MvcC8xOTkxOS8xOTkxOS0xNjM5LTMud2VicA?v=1751554493"],"medium":["https:\/\/media.th4.com\/xTsi4Ql7i4AMLI2hzbA2e6cc5brhfGJrnrNco_KNRU8\/pr:550x550\/aHR0cDovL21lZGlhMi5kZXNpZ25wYXJ0bmVyLmZyL2MvcC8xOTkxOS8xOTkxOS0xNjM5LTEud2VicA?v=1751554493","https:\/\/media.th4.com\/m0E3FfSENxy7zIeAnFz0mubRCc8Fuz740Rhj7xwxDI8\/pr:550x550\/aHR0cDovL21lZGlhMi5kZXNpZ25wYXJ0bmVyLmZyL2MvcC8xOTkxOS8xOTkxOS0xNjM5LTIud2VicA?v=1751554493","https:\/\/media.th4.com\/EApMxsVjd9OlKa3TWPGpf6CmHbRQ87H1GGWK8cUu_6U\/pr:550x550\/aHR0cDovL21lZGlhMi5kZXNpZ25wYXJ0bmVyLmZyL2MvcC8xOTkxOS8xOTkxOS0xNjM5LTMud2VicA?v=1751554493"],"medium_large":["https:\/\/media.th4.com\/hziJrEIekMtloTwKVuedaRRYG07pwndAY9bRWJqrNjI\/pr:1000x1000\/aHR0cDovL21lZGlhMi5kZXNpZ25wYXJ0bmVyLmZyL2MvcC8xOTkxOS8xOTkxOS0xNjM5LTEud2VicA?v=1751554493","https:\/\/media.th4.com\/OkuyBwnu1_qDlCtn0y_KsDBlspIuj4rgVUHJgYUVMhM\/pr:1000x1000\/aHR0cDovL21lZGlhMi5kZXNpZ25wYXJ0bmVyLmZyL2MvcC8xOTkxOS8xOTkxOS0xNjM5LTIud2VicA?v=1751554493","https:\/\/media.th4.com\/ggz-oUTbA9HwNUhWnCQxrV-EtaNtGOjVmJ2kgWf0ZnQ\/pr:1000x1000\/aHR0cDovL21lZGlhMi5kZXNpZ25wYXJ0bmVyLmZyL2MvcC8xOTkxOS8xOTkxOS0xNjM5LTMud2VicA?v=1751554493"],"large":["https:\/\/media.th4.com\/UyrxsfBc1Cz4-bduultz-FwYE_vR6UZjAeJ8JgSdUUs\/pr:1920\/aHR0cDovL21lZGlhMi5kZXNpZ25wYXJ0bmVyLmZyL2MvcC8xOTkxOS8xOTkxOS0xNjM5LTEud2VicA?v=1751554493","https:\/\/media.th4.com\/jsCwpd_q2xUU2cJf-T6TFnKNM5F_YjddBp2NV2zef0w\/pr:1920\/aHR0cDovL21lZGlhMi5kZXNpZ25wYXJ0bmVyLmZyL2MvcC8xOTkxOS8xOTkxOS0xNjM5LTIud2VicA?v=1751554493","https:\/\/media.th4.com\/QdvQkJPgeoPH8JtoMuX03T0MoH5HIngg7DqvgAtPHtU\/pr:1920\/aHR0cDovL21lZGlhMi5kZXNpZ25wYXJ0bmVyLmZyL2MvcC8xOTkxOS8xOTkxOS0xNjM5LTMud2VicA?v=1751554493"],"opengraph":["https:\/\/media.th4.com\/u1ml7UCs4ThuYTvwax4uMVDhGv0THp_chuqfEdeWlb8\/pr:1200x630\/aHR0cDovL21lZGlhMi5kZXNpZ25wYXJ0bmVyLmZyL2MvcC8xOTkxOS8xOTkxOS0xNjM5LTEud2VicA?v=1751554493","https:\/\/media.th4.com\/GQ4n3_4dNufFM89eVw869BrbGASepVsqoWyw1cfCfv8\/pr:1200x630\/aHR0cDovL21lZGlhMi5kZXNpZ25wYXJ0bmVyLmZyL2MvcC8xOTkxOS8xOTkxOS0xNjM5LTIud2VicA?v=1751554493","https:\/\/media.th4.com\/3OhDu4JcQ9svzZ-xRvdrhAP_V0H2p8V7L9GJGbC1EUw\/pr:1200x630\/aHR0cDovL21lZGlhMi5kZXNpZ25wYXJ0bmVyLmZyL2MvcC8xOTkxOS8xOTkxOS0xNjM5LTMud2VicA?v=1751554493"]},"country_origin":"PK","traceability":{"manufacturing_country_id":null,"weaving_country_id":null,"dyeing_country_id":null},"sizes":[{"id":5,"article_id":506507,"class_id":2,"name":"XS","on_standby":false,"stock_local":0,"stock_global":107,"multiple":1,"estimated_date_reassort":null,"is_destocking":false},{"id":3,"article_id":506508,"class_id":3,"name":"S","on_standby":false,"stock_local":0,"stock_global":258,"multiple":1,"estimated_date_reassort":null,"is_destocking":false},{"id":2,"article_id":506509,"class_id":4,"name":"M","on_standby":false,"stock_local":0,"stock_global":475,"multiple":1,"estimated_date_reassort":null,"is_destocking":false},{"id":1,"article_id":506510,"class_id":5,"name":"L","on_standby":false,"stock_local":0,"stock_global":462,"multiple":1,"estimated_date_reassort":null,"is_destocking":false},{"id":4,"article_id":506511,"class_id":6,"name":"XL","on_standby":false,"stock_local":0,"stock_global":344,"multiple":1,"estimated_date_reassort":null,"is_destocking":false},{"id":1116,"article_id":506512,"class_id":7,"name":"2XL","on_standby":false,"stock_local":0,"stock_global":185,"multiple":1,"estimated_date_reassort":null,"is_destocking":false},{"id":1081,"article_id":506513,"class_id":8,"name":"3XL","on_standby":false,"stock_local":0,"stock_global":95,"multiple":1,"estimated_date_reassort":null,"is_destocking":false},{"id":16,"article_id":506514,"class_id":9,"name":"4XL","on_standby":false,"stock_local":0,"stock_global":91,"multiple":1,"estimated_date_reassort":null,"is_destocking":false}],"page_links":{"fr":"\/fr\/p-pr-pa392-veste-survetement-premium-pa392-19919\/black-1639\/","en":"\/en\/p-pr-pa392-premium-tracksuit-jacket-pa392-19919\/black-1639\/","de":"\/de\/p-pr-pa392-premium-trainingsjacke-pa392-19919\/black-1639\/","nl":"\/nl\/p-pr-pa392-premium-trainingsjack-pa392-19919\/black-1639\/","es":"\/es\/p-pr-pa392-chaqueta-de-chandal-premium-pa392-19919\/black-1639\/","it":"\/it\/p-pr-pa392-giacca-tuta-premium-pa392-19919\/black-1639\/","sv":"\/sv\/p-pr-pa392-premium-traningsjacka-pa392-19919\/black-1639\/","pt":"\/pt\/p-pr-pa392-casaco-de-treino-premium-pa392-19919\/black-1639\/","da":"\/da\/p-pr-pa392-premium-traeningsjakke-pa392-19919\/black-1639\/","pl":"\/pl\/p-pr-pa392-premiumowa-kurtka-dresowa-pa392-19919\/black-1639\/"},"page_links_customization":{"fr":"\/fr\/p-pr-pa392-veste-survetement-pa392-personnalisable-19919\/black-1639\/custom\/","en":"\/en\/p-pr-pa392-pa392-customizable-tracksuit-jacket-19919\/black-1639\/custom\/","de":"\/de\/p-pr-pa392-veste-survetement-pa392-anpassbar-19919\/black-1639\/custom\/","nl":"\/nl\/p-pr-pa392-veste-survetement-pa392-personaliseert-19919\/black-1639\/custom\/","es":"\/es\/p-pr-pa392-veste-survetement-pa392-personalizable-19919\/black-1639\/custom\/","it":"\/it\/p-pr-pa392-veste-survetement-pa392-personalizzabile-19919\/black-1639\/custom\/","sv":"\/sv\/p-pr-pa392-veste-survetement-pa392-anpassningsbar-19919\/black-1639\/custom\/","pt":"\/pt\/p-pr-pa392-veste-survetement-pa392-personalizavel-19919\/black-1639\/custom\/","da":"\/da\/p-pr-pa392-veste-survetement-pa392-tilpasselig-19919\/black-1639\/custom\/","pl":"\/pl\/p-pr-pa392-veste-survetement-pa392-personalizowana-19919\/black-1639\/custom\/"}},{"id":24119,"name":"sporty_marine","class_ids":[2],"codes_hexa":["262B3D"],"delai_24":false,"has_3d":false,"seuil_global":0,"stock_local":0,"stock_global":884,"on_standby":false,"in_catalog":true,"images":{"miniature":["https:\/\/media.th4.com\/GOV8GgUpvQY05_EGRIU4kgJ6jED2yjl-IVOp3m2EUg4\/pr:80\/aHR0cDovL21lZGlhMi5kZXNpZ25wYXJ0bmVyLmZyL2MvcC8xOTkxOS8xOTkxOS0yNDExOS0xLndlYnA?v=1751554493","https:\/\/media.th4.com\/e1WeSRADK0UoPbwEyD8YY1rZW9hG9IRFl1OQPXOnvw4\/pr:80\/aHR0cDovL21lZGlhMi5kZXNpZ25wYXJ0bmVyLmZyL2MvcC8xOTkxOS8xOTkxOS0yNDExOS0yLndlYnA?v=1751554493","https:\/\/media.th4.com\/5pXJMwBkqhpIDxf14RkgKCTa5EXLcO9r0bvwfJ2qtgg\/pr:80\/aHR0cDovL21lZGlhMi5kZXNpZ25wYXJ0bmVyLmZyL2MvcC8xOTkxOS8xOTkxOS0yNDExOS0zLndlYnA?v=1751554493"],"medium":["https:\/\/media.th4.com\/jBNwN21HEiQWV2kR486G6rUcXAqQ1uzxA_Ruhr-_SBw\/pr:550x550\/aHR0cDovL21lZGlhMi5kZXNpZ25wYXJ0bmVyLmZyL2MvcC8xOTkxOS8xOTkxOS0yNDExOS0xLndlYnA?v=1751554493","https:\/\/media.th4.com\/IJeQQpbIHSdQLdp0S4mD2oZeJmqykMqSaBLO24rIkxw\/pr:550x550\/aHR0cDovL21lZGlhMi5kZXNpZ25wYXJ0bmVyLmZyL2MvcC8xOTkxOS8xOTkxOS0yNDExOS0yLndlYnA?v=1751554493","https:\/\/media.th4.com\/eOXjUCX_RWYIayeGE3JJxcMa1-YIolLxXcNT6k-P2ZY\/pr:550x550\/aHR0cDovL21lZGlhMi5kZXNpZ25wYXJ0bmVyLmZyL2MvcC8xOTkxOS8xOTkxOS0yNDExOS0zLndlYnA?v=1751554493"],"medium_large":["https:\/\/media.th4.com\/oqXExdVJMB4_cZgmc_-ce_wt0eEvUXb7lm7FHt4BgQI\/pr:1000x1000\/aHR0cDovL21lZGlhMi5kZXNpZ25wYXJ0bmVyLmZyL2MvcC8xOTkxOS8xOTkxOS0yNDExOS0xLndlYnA?v=1751554493","https:\/\/media.th4.com\/vXJFtpqzAsuzknPf6TrqZQ79JKUGxu7VEBbMpHiqNVQ\/pr:1000x1000\/aHR0cDovL21lZGlhMi5kZXNpZ25wYXJ0bmVyLmZyL2MvcC8xOTkxOS8xOTkxOS0yNDExOS0yLndlYnA?v=1751554493","https:\/\/media.th4.com\/4YONhfP8FbSac6yQpJqAfJC3c32FQWyAWs9EI2quZlY\/pr:1000x1000\/aHR0cDovL21lZGlhMi5kZXNpZ25wYXJ0bmVyLmZyL2MvcC8xOTkxOS8xOTkxOS0yNDExOS0zLndlYnA?v=1751554493"],"large":["https:\/\/media.th4.com\/mLhMp-Ox3AMiBV0I1wUvgizZmFdwG-LVizvGdo04Vn8\/pr:1920\/aHR0cDovL21lZGlhMi5kZXNpZ25wYXJ0bmVyLmZyL2MvcC8xOTkxOS8xOTkxOS0yNDExOS0xLndlYnA?v=1751554493","https:\/\/media.th4.com\/JTj9HPkYT8y9J7AC1CwP-VRjaeobktpy4cFVBp4uBuY\/pr:1920\/aHR0cDovL21lZGlhMi5kZXNpZ25wYXJ0bmVyLmZyL2MvcC8xOTkxOS8xOTkxOS0yNDExOS0yLndlYnA?v=1751554493","https:\/\/media.th4.com\/GDId_I0KB4zKB1Ov7uX-ds2j5Zh1ymuiNnfHv7jnLf0\/pr:1920\/aHR0cDovL21lZGlhMi5kZXNpZ25wYXJ0bmVyLmZyL2MvcC8xOTkxOS8xOTkxOS0yNDExOS0zLndlYnA?v=1751554493"],"opengraph":["https:\/\/media.th4.com\/1TecfNwjUxj0CtyiyvhdKz8BJOlimDKEUksJx6nWNA4\/pr:1200x630\/aHR0cDovL21lZGlhMi5kZXNpZ25wYXJ0bmVyLmZyL2MvcC8xOTkxOS8xOTkxOS0yNDExOS0xLndlYnA?v=1751554493","https:\/\/media.th4.com\/6UYYCcT6W3iaw3s3-7Sgo5CvU1_TWNSBcMflwh-rnME\/pr:1200x630\/aHR0cDovL21lZGlhMi5kZXNpZ25wYXJ0bmVyLmZyL2MvcC8xOTkxOS8xOTkxOS0yNDExOS0yLndlYnA?v=1751554493","https:\/\/media.th4.com\/j4S_lnuix4xxO9YY5Z_ItZ9SYgMNdgSSfhssp2sdyk8\/pr:1200x630\/aHR0cDovL21lZGlhMi5kZXNpZ25wYXJ0bmVyLmZyL2MvcC8xOTkxOS8xOTkxOS0yNDExOS0zLndlYnA?v=1751554493"]},"images_customization":{"miniature":["https:\/\/media.th4.com\/GOV8GgUpvQY05_EGRIU4kgJ6jED2yjl-IVOp3m2EUg4\/pr:80\/aHR0cDovL21lZGlhMi5kZXNpZ25wYXJ0bmVyLmZyL2MvcC8xOTkxOS8xOTkxOS0yNDExOS0xLndlYnA?v=1751554493","https:\/\/media.th4.com\/e1WeSRADK0UoPbwEyD8YY1rZW9hG9IRFl1OQPXOnvw4\/pr:80\/aHR0cDovL21lZGlhMi5kZXNpZ25wYXJ0bmVyLmZyL2MvcC8xOTkxOS8xOTkxOS0yNDExOS0yLndlYnA?v=1751554493","https:\/\/media.th4.com\/5pXJMwBkqhpIDxf14RkgKCTa5EXLcO9r0bvwfJ2qtgg\/pr:80\/aHR0cDovL21lZGlhMi5kZXNpZ25wYXJ0bmVyLmZyL2MvcC8xOTkxOS8xOTkxOS0yNDExOS0zLndlYnA?v=1751554493"],"medium":["https:\/\/media.th4.com\/jBNwN21HEiQWV2kR486G6rUcXAqQ1uzxA_Ruhr-_SBw\/pr:550x550\/aHR0cDovL21lZGlhMi5kZXNpZ25wYXJ0bmVyLmZyL2MvcC8xOTkxOS8xOTkxOS0yNDExOS0xLndlYnA?v=1751554493","https:\/\/media.th4.com\/IJeQQpbIHSdQLdp0S4mD2oZeJmqykMqSaBLO24rIkxw\/pr:550x550\/aHR0cDovL21lZGlhMi5kZXNpZ25wYXJ0bmVyLmZyL2MvcC8xOTkxOS8xOTkxOS0yNDExOS0yLndlYnA?v=1751554493","https:\/\/media.th4.com\/eOXjUCX_RWYIayeGE3JJxcMa1-YIolLxXcNT6k-P2ZY\/pr:550x550\/aHR0cDovL21lZGlhMi5kZXNpZ25wYXJ0bmVyLmZyL2MvcC8xOTkxOS8xOTkxOS0yNDExOS0zLndlYnA?v=1751554493"],"medium_large":["https:\/\/media.th4.com\/oqXExdVJMB4_cZgmc_-ce_wt0eEvUXb7lm7FHt4BgQI\/pr:1000x1000\/aHR0cDovL21lZGlhMi5kZXNpZ25wYXJ0bmVyLmZyL2MvcC8xOTkxOS8xOTkxOS0yNDExOS0xLndlYnA?v=1751554493","https:\/\/media.th4.com\/vXJFtpqzAsuzknPf6TrqZQ79JKUGxu7VEBbMpHiqNVQ\/pr:1000x1000\/aHR0cDovL21lZGlhMi5kZXNpZ25wYXJ0bmVyLmZyL2MvcC8xOTkxOS8xOTkxOS0yNDExOS0yLndlYnA?v=1751554493","https:\/\/media.th4.com\/4YONhfP8FbSac6yQpJqAfJC3c32FQWyAWs9EI2quZlY\/pr:1000x1000\/aHR0cDovL21lZGlhMi5kZXNpZ25wYXJ0bmVyLmZyL2MvcC8xOTkxOS8xOTkxOS0yNDExOS0zLndlYnA?v=1751554493"],"large":["https:\/\/media.th4.com\/mLhMp-Ox3AMiBV0I1wUvgizZmFdwG-LVizvGdo04Vn8\/pr:1920\/aHR0cDovL21lZGlhMi5kZXNpZ25wYXJ0bmVyLmZyL2MvcC8xOTkxOS8xOTkxOS0yNDExOS0xLndlYnA?v=1751554493","https:\/\/media.th4.com\/JTj9HPkYT8y9J7AC1CwP-VRjaeobktpy4cFVBp4uBuY\/pr:1920\/aHR0cDovL21lZGlhMi5kZXNpZ25wYXJ0bmVyLmZyL2MvcC8xOTkxOS8xOTkxOS0yNDExOS0yLndlYnA?v=1751554493","https:\/\/media.th4.com\/GDId_I0KB4zKB1Ov7uX-ds2j5Zh1ymuiNnfHv7jnLf0\/pr:1920\/aHR0cDovL21lZGlhMi5kZXNpZ25wYXJ0bmVyLmZyL2MvcC8xOTkxOS8xOTkxOS0yNDExOS0zLndlYnA?v=1751554493"],"opengraph":["https:\/\/media.th4.com\/1TecfNwjUxj0CtyiyvhdKz8BJOlimDKEUksJx6nWNA4\/pr:1200x630\/aHR0cDovL21lZGlhMi5kZXNpZ25wYXJ0bmVyLmZyL2MvcC8xOTkxOS8xOTkxOS0yNDExOS0xLndlYnA?v=1751554493","https:\/\/media.th4.com\/6UYYCcT6W3iaw3s3-7Sgo5CvU1_TWNSBcMflwh-rnME\/pr:1200x630\/aHR0cDovL21lZGlhMi5kZXNpZ25wYXJ0bmVyLmZyL2MvcC8xOTkxOS8xOTkxOS0yNDExOS0yLndlYnA?v=1751554493","https:\/\/media.th4.com\/j4S_lnuix4xxO9YY5Z_ItZ9SYgMNdgSSfhssp2sdyk8\/pr:1200x630\/aHR0cDovL21lZGlhMi5kZXNpZ25wYXJ0bmVyLmZyL2MvcC8xOTkxOS8xOTkxOS0yNDExOS0zLndlYnA?v=1751554493"]},"country_origin":"PK","traceability":{"manufacturing_country_id":null,"weaving_country_id":null,"dyeing_country_id":null},"sizes":[{"id":5,"article_id":506515,"class_id":2,"name":"XS","on_standby":false,"stock_local":0,"stock_global":75,"multiple":1,"estimated_date_reassort":null,"is_destocking":false},{"id":3,"article_id":506516,"class_id":3,"name":"S","on_standby":false,"stock_local":0,"stock_global":148,"multiple":1,"estimated_date_reassort":null,"is_destocking":false},{"id":2,"article_id":506517,"class_id":4,"name":"M","on_standby":false,"stock_local":0,"stock_global":134,"multiple":1,"estimated_date_reassort":null,"is_destocking":false},{"id":1,"article_id":506518,"class_id":5,"name":"L","on_standby":false,"stock_local":0,"stock_global":180,"multiple":1,"estimated_date_reassort":null,"is_destocking":false},{"id":4,"article_id":506519,"class_id":6,"name":"XL","on_standby":false,"stock_local":0,"stock_global":175,"multiple":1,"estimated_date_reassort":null,"is_destocking":false},{"id":1116,"article_id":506520,"class_id":7,"name":"2XL","on_standby":false,"stock_local":0,"stock_global":69,"multiple":1,"estimated_date_reassort":null,"is_destocking":false},{"id":1081,"article_id":506521,"class_id":8,"name":"3XL","on_standby":false,"stock_local":0,"stock_global":53,"multiple":1,"estimated_date_reassort":null,"is_destocking":false},{"id":16,"article_id":506522,"class_id":9,"name":"4XL","on_standby":false,"stock_local":0,"stock_global":50,"multiple":1,"estimated_date_reassort":null,"is_destocking":false}],"page_links":{"fr":"\/fr\/p-pr-pa392-veste-survetement-premium-pa392-19919\/sporty-marine-24119\/","en":"\/en\/p-pr-pa392-premium-tracksuit-jacket-pa392-19919\/sporty-marine-24119\/","de":"\/de\/p-pr-pa392-premium-trainingsjacke-pa392-19919\/sporty-marine-24119\/","nl":"\/nl\/p-pr-pa392-premium-trainingsjack-pa392-19919\/sporty-marine-24119\/","es":"\/es\/p-pr-pa392-chaqueta-de-chandal-premium-pa392-19919\/sporty-marine-24119\/","it":"\/it\/p-pr-pa392-giacca-tuta-premium-pa392-19919\/sporty-marine-24119\/","sv":"\/sv\/p-pr-pa392-premium-traningsjacka-pa392-19919\/sporty-marine-24119\/","pt":"\/pt\/p-pr-pa392-casaco-de-treino-premium-pa392-19919\/sporty-marine-24119\/","da":"\/da\/p-pr-pa392-premium-traeningsjakke-pa392-19919\/sporty-marine-24119\/","pl":"\/pl\/p-pr-pa392-premiumowa-kurtka-dresowa-pa392-19919\/sporty-marine-24119\/"},"page_links_customization":{"fr":"\/fr\/p-pr-pa392-veste-survetement-pa392-personnalisable-19919\/sporty-marine-24119\/custom\/","en":"\/en\/p-pr-pa392-pa392-customizable-tracksuit-jacket-19919\/sporty-marine-24119\/custom\/","de":"\/de\/p-pr-pa392-veste-survetement-pa392-anpassbar-19919\/sporty-marine-24119\/custom\/","nl":"\/nl\/p-pr-pa392-veste-survetement-pa392-personaliseert-19919\/sporty-marine-24119\/custom\/","es":"\/es\/p-pr-pa392-veste-survetement-pa392-personalizable-19919\/sporty-marine-24119\/custom\/","it":"\/it\/p-pr-pa392-veste-survetement-pa392-personalizzabile-19919\/sporty-marine-24119\/custom\/","sv":"\/sv\/p-pr-pa392-veste-survetement-pa392-anpassningsbar-19919\/sporty-marine-24119\/custom\/","pt":"\/pt\/p-pr-pa392-veste-survetement-pa392-personalizavel-19919\/sporty-marine-24119\/custom\/","da":"\/da\/p-pr-pa392-veste-survetement-pa392-tilpasselig-19919\/sporty-marine-24119\/custom\/","pl":"\/pl\/p-pr-pa392-veste-survetement-pa392-personalizowana-19919\/sporty-marine-24119\/custom\/"}}],"documentation_link":"\/pdf\/19919.pdf","countries_availables":["AD","AE","AL","AT","BA","BD","BE","BG","BL","CA","CH","CN","CO","CY","CZ","DE","DK","DO","EE","EG","ES","ET","FI","FR","GB","GE","GF","GP","GR","GT","HK","HN","HR","HT","HU","ID","IE","IN","IS","IT","JO","JP","KE","KH","KP","KR","LA","LK","LS","LT","LU","LV","MA","MF","MG","MK","MM","MN","MQ","MT","MX","MY","NC","NI","NL","PF","PH","PK","PL","PM","PT","RE","RO","SE","SG","SI","SK","SV","SY","TH","TN","TR","TW","TZ","US","VN","WF","YT"]},"infos_customization":[],"features":{"authorize_multi_surfaces":true,"display_order_delay_type":true,"promote_surface_display":true,"tarification_franco_offert":true,"enabled_3d_editor":false},"markings":[{"id":0,"nom":"vierge","finition":null,"libelle":null,"code":null,"dpi":null,"finesse_forme_isolee":null,"finesse_forme_non_isolee":null,"hauteur_minimale_texte":null,"inactif":0,"marquage_interne":1,"quantite_min":null,"parent_id":null,"print_on_support":0,"content":"vierge","description":null},{"id":2,"nom":"fonce","finition":"optimale","libelle":"TopQuadri","code":null,"dpi":400,"finesse_forme_isolee":"0.040","finesse_forme_non_isolee":"0.700","hauteur_minimale_texte":2,"inactif":0,"marquage_interne":1,"quantite_min":null,"parent_id":18,"print_on_support":0,"content":"TopQuadri","description":"pour petites et moyennes s\u00e9ries"},{"id":3,"nom":"serigraphie","finition":"serigraphie","libelle":"SeriCoat","code":null,"dpi":400,"finesse_forme_isolee":"0.040","finesse_forme_non_isolee":"0.700","hauteur_minimale_texte":2,"inactif":0,"marquage_interne":1,"quantite_min":15,"parent_id":18,"print_on_support":0,"content":"SeriCoat","description":"pour moyennes et grandes s\u00e9ries"},{"id":4,"nom":"broderie","finition":"broderie","libelle":"Broderie","code":null,"dpi":400,"finesse_forme_isolee":"0.040","finesse_forme_non_isolee":"0.700","hauteur_minimale_texte":3,"inactif":0,"marquage_interne":1,"quantite_min":null,"parent_id":null,"print_on_support":0,"content":"Broderie","description":null},{"id":8,"nom":"theme","finition":null,"libelle":"Th\u00e8me","code":null,"dpi":null,"finesse_forme_isolee":null,"finesse_forme_non_isolee":null,"hauteur_minimale_texte":null,"inactif":0,"marquage_interne":1,"quantite_min":null,"parent_id":null,"print_on_support":0,"content":"Th\u00e8me","description":null},{"id":9,"nom":"sans","finition":null,"libelle":null,"code":null,"dpi":null,"finesse_forme_isolee":null,"finesse_forme_non_isolee":null,"hauteur_minimale_texte":null,"inactif":0,"marquage_interne":1,"quantite_min":null,"parent_id":null,"print_on_support":0,"content":"sans","description":null},{"id":10,"nom":"photo","finition":null,"libelle":"Photo","code":null,"dpi":null,"finesse_forme_isolee":null,"finesse_forme_non_isolee":null,"hauteur_minimale_texte":null,"inactif":0,"marquage_interne":1,"quantite_min":null,"parent_id":null,"print_on_support":0,"content":"Photo","description":null},{"id":14,"nom":"couleur","finition":null,"libelle":"Couleur","code":null,"dpi":null,"finesse_forme_isolee":null,"finesse_forme_non_isolee":null,"hauteur_minimale_texte":null,"inactif":0,"marquage_interne":1,"quantite_min":null,"parent_id":null,"print_on_support":0,"content":"Couleur","description":null},{"id":15,"nom":"sublimation","finition":"sublimation","libelle":"Sublimation","code":null,"dpi":null,"finesse_forme_isolee":"0.000","finesse_forme_non_isolee":"0.000","hauteur_minimale_texte":2,"inactif":0,"marquage_interne":1,"quantite_min":null,"parent_id":null,"print_on_support":0,"content":"Sublimation","description":null},{"id":16,"nom":"topquadri_uv","finition":null,"libelle":"TopQuadri UV","code":null,"dpi":null,"finesse_forme_isolee":"0.020","finesse_forme_non_isolee":"0.700","hauteur_minimale_texte":2,"inactif":0,"marquage_interne":1,"quantite_min":null,"parent_id":null,"print_on_support":1,"content":null,"description":null},{"id":17,"nom":"topquadri_uvp","finition":null,"libelle":"TopQuadri UVP","code":null,"dpi":null,"finesse_forme_isolee":"0.020","finesse_forme_non_isolee":"0.700","hauteur_minimale_texte":2,"inactif":0,"marquage_interne":1,"quantite_min":null,"parent_id":null,"print_on_support":1,"content":null,"description":null},{"id":18,"nom":"quadri","finition":null,"libelle":"Impression","code":null,"dpi":null,"finesse_forme_isolee":null,"finesse_forme_non_isolee":null,"hauteur_minimale_texte":null,"inactif":0,"marquage_interne":1,"quantite_min":null,"parent_id":null,"print_on_support":0,"content":null,"description":null}]}}