{"data":{"product":{"id":19918,"titre":"Veste de surv\u00eatement zipp\u00e9e enfant","description":"Polyester interlock mat facile d'entretien. Coupe droite. Fermeture devant avec zip invers\u00e9 en nylon ton sur ton. Manches raglan avec inserts contrast\u00e9s \u00e9paule. D\u00e9coupe poitrine et \u00e9paule contrast\u00e9e. Bande rapport\u00e9e en tissu principal pour le bas de manche et de ceinture. 2 poches zipp\u00e9es \u00e0 l'avant. Inserts en tissu textur\u00e9 c\u00f4t\u00e9s et dos. Couvre zip en haut du col pour plus de confort. \u00c9tiquette de marque d\u00e9tachable pour faciliter la personnalisation. Composition : 100% polyester interlock mat.","genre":"enfant","grammage":200,"conditionnement":25,"composition":"polyester,polyester_uniquement","reference":"pr-pa391","reference_visible":"pr-pa391","reference_fabricant":"PA391","ref_xor":"727947","in_catalog":true,"is_transfer":false,"is_service":false,"on_standby":false,"has_3d":false,"has_size_guide":false,"has_marking":true,"has_vierge":true,"is_cross_sellable":false,"id_picto":27,"filename_3d":null,"brand":{"id":37,"name":"ProAct","logo":"logo-proact.png","image":"https:\/\/media.th4.com\/CKM3LQUaRrAReFrsWSZzr53ir5Wwj7MUz_VC-FY97NA\/pr:brand70x70\/aHR0cDovL21lZGlhMi5kZXNpZ25wYXJ0bmVyLmZyL2MvbS9sb2dvLXByb2FjdC5wbmc"},"price_infos":{"price_from":15.47,"quantity":200,"color":{"id":16965,"name":"black\/sporty_grey"},"size":{"id":1398,"name":"10\/12ans"}},"price_infos_marking":{"price_from":19.92,"quantity":500,"color":{"id":16965,"name":"black\/sporty_grey"},"size":{"id":1398,"name":"10\/12ans"},"marking":{"id":2,"name":""},"emplacement":"dos","surface_emplacement_id":6437,"surface":"Nuque"},"i18n":{"blank":{"title":{"fr":"Veste Surv\u00eatement Zipp\u00e9e Enfant Veste enfant PROACT pa391","en":"Veste Surv\u00eatement Zipp\u00e9e Enfant Kids\\\" zipped tracksuit jacket PROACT pa391","de":"Veste Surv\u00eatement Zipp\u00e9e Enfant Kinder-Trainingsjacke PROACT pa391","nl":"Veste Surv\u00eatement Zipp\u00e9e Enfant Kinder trainingsjack met ritssluiting PROACT pa391","es":"Veste Surv\u00eatement Zipp\u00e9e Enfant Chaqueta infantil PROACT pa391","it":"Veste Surv\u00eatement Zipp\u00e9e Enfant Giacca tuta con zip bambino PROACT pa391","sv":"Veste Surv\u00eatement Zipp\u00e9e Enfant Barntr\u00e4ningsjacka med dragkedja PROACT pa391","pt":"Veste Surv\u00eatement Zipp\u00e9e Enfant Casaco infantil PROACT pa391","da":"Veste Surv\u00eatement Zipp\u00e9e Enfant B\u00f8rns lynl\u00e5str\u00e6ningsjakke PROACT pa391","pl":"Veste Surv\u00eatement Zipp\u00e9e Enfant Kurtka dzieci\u0119ca PROACT pa391"},"description":{"fr":"La Veste Surv\u00eatement Zipp\u00e9e Enfant convient aux activit\u00e9s sportives et au quotidien, avec coupe droite, zip invers\u00e9 nylon et 2 poches zipp\u00e9es. Mati\u00e8re : 100% polyester interlock mat.\n\n- Composition : 100% polyester\n- Interlock mat\n- Zip invers\u00e9 nylon\n- 2 poches zipp\u00e9es","en":"The Veste Surv\u00eatement Zipp\u00e9e Enfant suitable for sports activities and everyday wear, with a straight cut, inverted nylon zip and 2 zipped pockets. Material: 100% matte interlock polyester.\n\n- Composition: 100% polyester\n- Matte interlock\n- Inverted nylon zip\n- 2 zipped pockets","de":"Die Veste Surv\u00eatement Zipp\u00e9e Enfant eignet sich f\u00fcr sportliche Aktivit\u00e4ten und den Alltag, mit geradem Schnitt, umgekehrtem Nylon-Rei\u00dfverschluss und 2 Rei\u00dfverschlusstaschen. Material: 100% Polyester, mattes Interlock.\n\n- Zusammensetzung: 100% Polyester\n- Mattes Interlock\n- Umgekehrter Nylon-Rei\u00dfverschluss\n- 2 Rei\u00dfverschlusstaschen","nl":"De Veste Surv\u00eatement Zipp\u00e9e Enfant is geschikt voor sportactiviteiten en dagelijks gebruik, met rechte pasvorm, omgekeerde nylon ritssluiting en 2 zakken met ritssluiting. Materiaal: 100% polyester mat interlock.\n\n- Samenstelling: 100% polyester\n- Mat interlock\n- Omgekeerde nylon ritssluiting\n- 2 zakken met ritssluiting","es":"La Veste Surv\u00eatement Zipp\u00e9e Enfant adecuada para actividades deportivas y para el d\u00eda a d\u00eda, con corte recto, cremallera invertida de nailon y 2 bolsillos con cremallera. Material: 100% poli\u00e9ster interlock mate.\n\n- Composici\u00f3n: 100% poli\u00e9ster\n- Interlock mate\n- Cremallera invertida de nailon\n- 2 bolsillos con cremallera","it":"La Veste Surv\u00eatement Zipp\u00e9e Enfant \u00e8 adatta alle attivit\u00e0 sportive e all'uso quotidiano, con taglio dritto, zip invertita in nylon e 2 tasche con zip. Materiale: 100% poliestere interlock opaco.\n\n- Composizione: 100% poliestere\n- Interlock opaco\n- Zip invertita in nylon\n- 2 tasche con zip","sv":"Veste Surv\u00eatement Zipp\u00e9e Enfant passar f\u00f6r sportaktiviteter och vardag, med rak passform, omv\u00e4nd nylondragkedja och 2 fickor med dragkedja. Material: 100% polyester matt interlock.\n\n- Sammans\u00e4ttning: 100% polyester\n- Matt interlock\n- Omv\u00e4nd nylondragkedja\n- 2 fickor med dragkedja","pt":"A Veste Surv\u00eatement Zipp\u00e9e Enfant \u00e9 adequada para atividades desportivas e para o dia a dia, com corte reto, fecho inverso em nylon e 2 bolsos com fecho. Material: 100% poli\u00e9ster interlock mate.\n\n- Composi\u00e7\u00e3o: 100% poli\u00e9ster\n- Interlock mate\n- Fecho inverso em nylon\n- 2 bolsos com fecho","da":"Veste Surv\u00eatement Zipp\u00e9e Enfant egnet til sportsaktiviteter og hverdagsbrug med lige pasform, omvendt nylonlynl\u00e5s og 2 lynl\u00e5slommer. Materiale: 100% polyester, mat interlock.\n\n- Sammens\u00e6tning: 100% polyester\n- Mat interlock\n- Omvendt nylonlynl\u00e5s\n- 2 lynl\u00e5slommer","pl":"Veste Surv\u00eatement Zipp\u00e9e Enfant nadaje si\u0119 do aktywno\u015bci sportowych i na co dzie\u0144, z prostym krojem, odwr\u00f3conym nylonowym zamkiem b\u0142yskawicznym i 2 kieszeniami zapinanymi na zamek. Materia\u0142: 100% poliester interlock mat.\n\n- Sk\u0142ad: 100% poliester\n- Matowy interlock\n- Odwr\u00f3cony nylonowy zamek b\u0142yskawiczny\n- 2 kieszenie zapinane na zamek"},"h1":{"fr":"Veste Surv\u00eatement Zipp\u00e9e Enfant Veste enfant pa391","en":"Veste Surv\u00eatement Zipp\u00e9e Enfant Kids\\\" jacket pa391","de":"Veste Surv\u00eatement Zipp\u00e9e Enfant Kinder-Trainingsjacke pa391","nl":"Veste Surv\u00eatement Zipp\u00e9e Enfant Kinder trainingsjack met ritssluiting pa391","es":"Veste Surv\u00eatement Zipp\u00e9e Enfant Chaqueta infantil pa391","it":"Veste Surv\u00eatement Zipp\u00e9e Enfant Giacca tuta con zip bambino pa391","sv":"Veste Surv\u00eatement Zipp\u00e9e Enfant Barntr\u00e4ningsjacka med dragkedja pa391","pt":"Veste Surv\u00eatement Zipp\u00e9e Enfant Casaco infantil pa391","da":"Veste Surv\u00eatement Zipp\u00e9e Enfant B\u00f8rns lynl\u00e5str\u00e6ningsjakke pa391","pl":"Veste Surv\u00eatement Zipp\u00e9e Enfant Kurtka dzieci\u0119ca pa391"},"meta_description":{"fr":"Veste Surv\u00eatement Zipp\u00e9e Enfant pa391 : coupe droite, zip invers\u00e9 nylon, 2 poches zipp\u00e9es, manches raglan et inserts contrast\u00e9s.","en":"Veste Surv\u00eatement Zipp\u00e9e Enfant pa391: straight cut, inverted nylon zip, 2 zipped pockets, raglan sleeves and contrast inserts.","de":"Veste Surv\u00eatement Zipp\u00e9e Enfant pa391: gerader Schnitt, umgekehrter Nylon-Rei\u00dfverschluss, 2 Rei\u00dfverschlusstaschen, Raglan\u00e4rmel und kontrastfarbene Eins\u00e4tze.","nl":"Veste Surv\u00eatement Zipp\u00e9e Enfant pa391: rechte pasvorm, omgekeerde nylon ritssluiting, 2 zakken met ritssluiting, raglanmouwen en contrasterende inzetstukken.","es":"Veste Surv\u00eatement Zipp\u00e9e Enfant pa391: corte recto, cremallera invertida de nailon, 2 bolsillos con cremallera, mangas ragl\u00e1n e inserciones en contraste.","it":"Veste Surv\u00eatement Zipp\u00e9e Enfant pa391: taglio dritto, zip invertita in nylon, 2 tasche con zip, maniche raglan e inserti a contrasto.","sv":"Veste Surv\u00eatement Zipp\u00e9e Enfant pa391: rak passform, omv\u00e4nd nylondragkedja, 2 fickor med dragkedja, raglan\u00e4rmar och kontrasterande inl\u00e4gg.","pt":"Veste Surv\u00eatement Zipp\u00e9e Enfant pa391: corte reto, fecho inverso em nylon, 2 bolsos com fecho, mangas ragl\u00e3 e inser\u00e7\u00f5es contrastantes.","da":"Veste Surv\u00eatement Zipp\u00e9e Enfant pa391: lige pasform, omvendt nylonlynl\u00e5s, 2 lynl\u00e5slommer, raglan\u00e6rmer og kontrastindsatser.","pl":"Veste Surv\u00eatement Zipp\u00e9e Enfant pa391: prosty kr\u00f3j, odwr\u00f3cony nylonowy zamek b\u0142yskawiczny, 2 kieszenie zapinane na zamek, r\u0119kawy raglanowe i kontrastowe wstawki."}},"custom":{"title":{"fr":"Veste surv\u00eatement enfant PROACT pa391 personnalisable","en":"Children's tracksuit jacket PROACT pa391 customizable","de":"Veste surv\u00eatement enfant PROACT pa391 personnalisable","nl":"Kindersweatvest PROACT pa391 aanpasbaar","es":"Veste surv\u00eatement enfant PROACT pa391 personalizable","it":"Veste surv\u00eatement enfant PROACT pa391 personalizzabile","sv":"Veste surv\u00eatement enfant PROACT pa391 personnalisable","pt":"Veste surv\u00eatement enfant PROACT pa391 personaliz\u00e1vel","da":"Veste surv\u00eatement enfant PROACT pa391 personnalisable","pl":"Veste surv\u00eatement enfant PROACT pa391 z mo\u017cliwo\u015bci\u0105 personalizacji"},"description":{"fr":"La veste surv\u00eatement zipp\u00e9e enfant est con\u00e7ue en polyester interlock mat, offrant une texture facile d'entretien et une coupe droite. Elle comprend une fermeture devant avec zip invers\u00e9 nylon ton sur ton, des manches raglan avec inserts contrast\u00e9s sur l'\u00e9paule, ainsi qu'une d\u00e9coupe poitrine \u00e9paule contrast\u00e9e. Une bande rapport\u00e9e en tissu principal est pr\u00e9sente pour le bas des manches et la ceinture. Deux poches zipp\u00e9es sont situ\u00e9es \u00e0 l'avant, tandis que des inserts en tissu textur\u00e9 ornent les c\u00f4t\u00e9s et le dos. Le col dispose d'un couvre-zip pour un meilleur confort. L'\u00e9tiquette marque est d\u00e9tachable afin de faciliter la personnalisation.\n\n- Composition 100% polyester interlock mat\n- Coupe droite avec manches raglan\n- Fermeture zip invers\u00e9 nylon ton sur ton\n- \u00c9tiquette d\u00e9tachable pour personnalisation","en":"The children's zipped tracksuit jacket is made of matte interlock polyester, providing an easy-care texture and a straight cut. It features a front closure with tone-on-tone nylon reversed zipper, raglan sleeves with contrast inserts on the shoulder, and a contrast chest shoulder yoke. A band made from main fabric is applied at the cuffs and waistband. Two zippered pockets are located at the front, while textured fabric inserts adorn the sides and back. The collar has a zipper cover for enhanced comfort. The brand label is detachable to facilitate customization.\n\n- Composition 100% matte interlock polyester\n- Straight cut with raglan sleeves\n- Tone-on-tone nylon reversed zipper closure\n- Detachable label for customization","de":"Die veste surv\u00eatement zipp\u00e9e enfant ist aus mattem Polyester Interlock gefertigt, bietet eine pflegeleichte Textur und einen geraden Schnitt. Sie verf\u00fcgt \u00fcber einen durchgehenden, ton-in-ton umgekehrten Nylonrei\u00dfverschluss, Raglan\u00e4rmel mit kontrastierenden Eins\u00e4tzen an der Schulter sowie einen kontrastierenden Brust-Schulter-Einsatz. Ein angesetztes Band aus Hauptmaterial ist unten an den \u00c4rmeln und am Bund vorhanden. Zwei Rei\u00dfverschlusstaschen befinden sich vorne, w\u00e4hrend Textureins\u00e4tze die Seiten und den R\u00fccken zieren. Der Kragen verf\u00fcgt \u00fcber eine Rei\u00dfverschlussabdeckung f\u00fcr besseren Tragekomfort. Das Markenetikett ist abnehmbar zur Erleichterung der Personalisierung.\n\n- Zusammensetzung 100% mattes Polyester Interlock\n- Gerader Schnitt mit Raglan\u00e4rmeln\n- Ton-in-ton umgekehrter Nylonrei\u00dfverschluss\n- Abnehmbares Etikett zur Personalisierung","nl":"De kindersweatvest met ritssluiting is vervaardigd uit matte polyester interlock, met een onderhoudsvriendelijke textuur en rechte pasvorm. Het heeft een frontsluiting met ton sur ton nylon omgekeerde rits, raglanmouwen met contrasterende inzetstukken op de schouder, en een contrasterende borst-schouder inzet. Een inzetband van hoofdstof is aangebracht aan de onderkant van de mouwen en de tailleband. Twee ritszakken bevinden zich aan de voorkant, terwijl textuurinzetstukken de zijkanten en rug sieren. De kraag heeft een ritssluitingbescherming voor meer comfort. Het merklabel is afneembaar voor eenvoudige personalisatie.\n\n- Samenstelling 100% matte polyester interlock\n- Rechte pasvorm met raglanmouwen\n- Omgekeerde nylon ritssluiting ton sur ton\n- Afneembaar label voor personalisatie","es":"La veste surv\u00eatement zipp\u00e9e enfant est\u00e1 confeccionada en poli\u00e9ster interlock mate, ofreciendo una textura f\u00e1cil de mantener y un corte recto. Cuenta con cierre frontal con cremallera invertida de nailon tono sobre tono, mangas rangl\u00e1n con inserciones contrastantes en el hombro, as\u00ed como un corte pecho-hombro contrastante. Una banda aplicada en el tejido principal est\u00e1 presente en el bajo de las mangas y la cintura. Dos bolsillos con cremallera se sit\u00faan al frente, mientras que inserciones en tejido texturizado adornan los lados y la espalda. El cuello dispone de protector de cremallera para mayor confort. La etiqueta de marca es desmontable para facilitar la personalizaci\u00f3n.\n\n- Composici\u00f3n 100% poli\u00e9ster interlock mate\n- Corte recto con mangas rangl\u00e1n\n- Cierre con cremallera invertida de nailon tono sobre tono\n- Etiqueta desmontable para personalizaci\u00f3n","it":"La veste surv\u00eatement zipp\u00e9e enfant \u00e8 realizzata in poliestere interlock opaco, offre una texture facile da mantenere e un taglio dritto. Include una chiusura frontale con zip invertita in nylon tono su tono, maniche raglan con inserti a contrasto sulla spalla, e un taglio a contrasto sul petto e sulla spalla. Una banda applicata in tessuto principale \u00e8 presente sull'orlo delle maniche e sulla cintura. Due tasche con zip sono situate sul davanti, mentre inserti in tessuto strutturato ornano i lati e la schiena. Il colletto dispone di una copertura per la zip per maggiore comfort. L'etichetta del marchio \u00e8 rimovibile per facilitare la personalizzazione.\n\n- Composizione 100% poliestere interlock opaco\n- Taglio dritto con maniche raglan\n- Chiusura con zip invertita in nylon tono su tono\n- Etichetta rimovibile per personalizzazione","sv":"Barns joggingjacka med dragkedja \u00e4r tillverkad i matt polyester interlock som erbjuder en l\u00e4ttsk\u00f6tt textur och rak passform. Den har en framst\u00e4ngning med inverterad ton-i-ton nylon dragkedja, raglan\u00e4rmar med kontrastinf\u00e4llningar p\u00e5 axeln samt en kontrasterande sk\u00e4rning \u00f6ver br\u00f6st och axel. En p\u00e5sydd remsa i huvudsakstyget finns vid \u00e4rmslut och midja. Tv\u00e5 dragkedjef\u00f6rsedda fickor finns fram, medan sid- och ryggpartier \u00e4r f\u00f6rsedda med inf\u00e4llningar i texturerat tyg. Kragen har ett dragkedjeskydd f\u00f6r b\u00e4ttre komfort. M\u00e4rkets etikett \u00e4r avtagbar f\u00f6r att underl\u00e4tta anpassning.\n\n- Material 100% matt polyester interlock\n- Rak passform med raglan\u00e4rmar\n- Ton-i-ton inverterad nylon dragkedja\n- Avtagbar etikett f\u00f6r anpassning","pt":"A veste surv\u00eatement zipp\u00e9e enfant \u00e9 confeccionada em poli\u00e9ster interlock fosco, oferecendo uma textura f\u00e1cil de cuidar e um corte reto. Inclui uma abertura frontal com fecho de correr invertido em nylon tom sobre tom, mangas raglan com inser\u00e7\u00f5es contrastantes no ombro, assim como um recorte contrastante no peito e ombro. Uma faixa adicionada em tecido principal est\u00e1 presente na base das mangas e no c\u00f3s. Dois bolsos com fecho est\u00e3o localizados \u00e0 frente, enquanto inser\u00e7\u00f5es em tecido texturizado adornam os lados e as costas. A gola possui uma prote\u00e7\u00e3o de fecho para maior conforto. A etiqueta da marca \u00e9 destac\u00e1vel para facilitar a personaliza\u00e7\u00e3o.\n\n- Composi\u00e7\u00e3o 100% poli\u00e9ster interlock fosco\n- Corte reto com mangas raglan\n- Fecho de correr invertido em nylon tom sobre tom\n- Etiqueta destac\u00e1vel para personaliza\u00e7\u00e3o","da":"B\u00f8rne veste surv\u00eatement zipp\u00e9e er designet i mat polyester interlock, der tilbyder en nem at vedligeholde struktur og en lige pasform. Den har en frontlukning med omvendt ton-i-ton nylonlynl\u00e5s, raglan\u00e6rmer med kontrastindsatser ved skulderen samt en bryst- og skulderkontrastsk\u00e6ring. En p\u00e5syet stofstrimmel findes p\u00e5 \u00e6rmernes bund og i taljen. To lynl\u00e5slommer foran, mens teksturerede stofindsatser pr\u00e6ger sider og ryg. Kraven har en lynl\u00e5sd\u00e6ksel for \u00f8get komfort. M\u00e6rkeetiketten kan fjernes for nem tilpasning.\n\n- Sammens\u00e6tning 100% mat polyester interlock\n- Lige pasform med raglan\u00e6rmer\n- Lukning med omvendt ton-i-ton nylonlynl\u00e5s\n- Aftagelig etiket til tilpasning","pl":"Kurtka dresowa dzieci\u0119ca zapinana na zamek wykonana z matowego poliestru interlock, oferuj\u0105ca \u0142atw\u0105 w piel\u0119gnacji tekstur\u0119 i prosty kr\u00f3j. Posiada przednie zapi\u0119cie na odwr\u00f3cony zamek nylonowy ton w ton, r\u0119kawy raglanowe z kontrastowymi wk\u0142adkami na ramieniu oraz kontrastowe ci\u0119cie na klatce piersiowej i ramieniu. U do\u0142u r\u0119kaw\u00f3w i na pasie wszyta jest ta\u015bma z g\u0142\u00f3wnego materia\u0142u. Z przodu znajduj\u0105 si\u0119 dwie kieszenie na zamki, a boki i ty\u0142 zdobi\u0105 wstawki z teksturowanej tkaniny. Ko\u0142nierz wyposa\u017cony jest w os\u0142on\u0119 zamka dla wi\u0119kszego komfortu. Etykieta marki jest odpinana, co u\u0142atwia personalizacj\u0119.\n\n- Sk\u0142ad 100% matowy poliester interlock\n- Prosty kr\u00f3j z r\u0119kawami raglanowymi\n- Zapi\u0119cie na odwr\u00f3cony zamek nylonowy ton w ton\n- Odpinana etykieta do personalizacji"},"h1":{"fr":"Veste surv\u00eatement enfant pa391 personnalisable","en":"Children's tracksuit jacket pa391 customizable","de":"Veste surv\u00eatement enfant pa391 personnalisable","nl":"Kindersweatvest pa391 aanpasbaar","es":"Veste surv\u00eatement enfant pa391 personalizable","it":"Veste surv\u00eatement enfant pa391 personalizzabile","sv":"Veste surv\u00eatement enfant pa391 personnalisable","pt":"Veste surv\u00eatement enfant pa391 personaliz\u00e1vel","da":"Veste surv\u00eatement enfant pa391 personnalisable","pl":"Veste surv\u00eatement enfant pa391 z mo\u017cliwo\u015bci\u0105 personalizacji"},"meta_description":{"fr":"Veste surv\u00eatement enfant en polyester interlock mat avec zip invers\u00e9, manches raglan, poches zipp\u00e9es et possibilit\u00e9 de personnalisation.","en":"Children's tracksuit jacket in matte interlock polyester with reversed zipper, raglan sleeves, zippered pockets and customization option.","de":"Kinder Trainingsjacke aus mattem Polyester Interlock mit umgekehrtem Rei\u00dfverschluss, Raglan\u00e4rmeln, Rei\u00dfverschlusstaschen und Personalisierungsm\u00f6glichkeit.","nl":"Kindersweatvest van matte polyester interlock met omgekeerde ritssluiting, raglanmouwen, ritszakken en mogelijkheid tot personalisatie.","es":"Chaqueta de ch\u00e1ndal infantil en poli\u00e9ster interlock mate con cremallera invertida, mangas rangl\u00e1n, bolsillos con cremallera y posibilidad de personalizaci\u00f3n.","it":"Veste surv\u00eatement enfant in poliestere interlock opaco con zip invertita, maniche raglan, tasche con zip e possibilit\u00e0 di personalizzazione.","sv":"Barns joggingjacka i matt polyester interlock med inverterad dragkedja, raglan\u00e4rmar, fickor med dragkedja och m\u00f6jlighet till anpassning.","pt":"Veste surv\u00eatement enfant em poli\u00e9ster interlock fosco com fecho de correr invertido, mangas raglan, bolsos com fecho e possibilidade de personaliza\u00e7\u00e3o.","da":"B\u00f8rne tr\u00e6ningsjakke i mat polyester interlock med omvendt lynl\u00e5s, raglan\u00e6rmer, lynl\u00e5slommer og mulighed for tilpasning.","pl":"Dzieci\u0119ca kurtka dresowa z matowego poliestru interlock z odwr\u00f3conym zamkiem, r\u0119kawami raglanowymi, kieszeniami na zamki i mo\u017cliwo\u015bci\u0105 personalizacji."}}},"categories":[{"id":324,"name":"Surv\u00eatements et joggings","singular":"Surv\u00eatement et jogging","is_feminin":false},{"id":570,"name":"Vestes de surv\u00eatements","singular":"Veste de surv\u00eatement","is_feminin":false},{"id":560,"name":"Sports et Loisirs","singular":"Sport et Loisir","is_feminin":false},{"id":559,"name":"Univers","singular":"Univers","is_feminin":false},{"id":354,"name":"Textile","singular":"Textile","is_feminin":false}],"certifications":[{"id":1,"label":"OEKO-TEX 100","logo_link":"\/images\/certifications\/1_OEKO-TEX_100.jpg","is_marking_compatible":false}],"videos":{"fr":[],"en":[],"de":[],"nl":[],"es":[],"it":[],"sv":[],"pt":[],"da":[],"pl":[]},"main_images":{"miniature":"https:\/\/media.th4.com\/OWisq6ldaP19TW85HbWPYbALjG1CIdcIkch09-XJtn8\/pr:80\/aHR0cDovL21lZGlhMi5kZXNpZ25wYXJ0bmVyLmZyL2MvcC1ibGFuay1USC8xOTkxOC53ZWJw?v=1751554551","medium":"https:\/\/media.th4.com\/GR1QA9ByXv1L2-bpqhzPLI-wfYyTc61zx58felgdK1k\/pr:550x550greybg\/aHR0cDovL21lZGlhMi5kZXNpZ25wYXJ0bmVyLmZyL2MvcC1ibGFuay1USC8xOTkxOC53ZWJw?v=1751554551","medium_large":"https:\/\/media.th4.com\/s0AHXYLzyAx09EPgIlx8Osmy_OWGxe4hbiqpW8aTOj4\/pr:1000x1000greybg\/aHR0cDovL21lZGlhMi5kZXNpZ25wYXJ0bmVyLmZyL2MvcC1ibGFuay1USC8xOTkxOC53ZWJw?v=1751554551","large":"https:\/\/media.th4.com\/VKgazGsISAt6gxwhCxryX_Zetbjqnfwu_fJB7AXyAt8\/pr:1920greybg\/aHR0cDovL21lZGlhMi5kZXNpZ25wYXJ0bmVyLmZyL2MvcC1ibGFuay1USC8xOTkxOC53ZWJw?v=1751554551","opengraph":"https:\/\/media.th4.com\/npmz361n9-GIKt57dYmfMBZAFNBo5QmZC5Fv5qrG2Eo\/pr:1200x630greybg\/aHR0cDovL21lZGlhMi5kZXNpZ25wYXJ0bmVyLmZyL2MvcC1ibGFuay1USC8xOTkxOC53ZWJw?v=1751554551"},"main_images_customization":{"miniature":"https:\/\/media.th4.com\/FSZCwCOt7L_CFX0tLDlhrPI7FjktfaLCohjqKCAlqQ0\/pr:80\/aHR0cDovL21lZGlhMi5kZXNpZ25wYXJ0bmVyLmZyL2MvcC1jdXN0b20tVEgvMTk5MTgud2VicA?v=1751554558","medium":"https:\/\/media.th4.com\/ogL43YHuTLjI0ySP7ECtwlDJxO0C2WV1yVMbsCqtyHc\/pr:550x550greybg\/aHR0cDovL21lZGlhMi5kZXNpZ25wYXJ0bmVyLmZyL2MvcC1jdXN0b20tVEgvMTk5MTgud2VicA?v=1751554558","medium_large":"https:\/\/media.th4.com\/AS4qznc0_aHK_BUkX3u1WQlWuW2SRep6yhS-JjWKLHA\/pr:1000x1000greybg\/aHR0cDovL21lZGlhMi5kZXNpZ25wYXJ0bmVyLmZyL2MvcC1jdXN0b20tVEgvMTk5MTgud2VicA?v=1751554558","large":"https:\/\/media.th4.com\/N1T3uQbgTFXd1s_b7Dx093hKficOupnEeCkbTnEZehg\/pr:1920greybg\/aHR0cDovL21lZGlhMi5kZXNpZ25wYXJ0bmVyLmZyL2MvcC1jdXN0b20tVEgvMTk5MTgud2VicA?v=1751554558","opengraph":"https:\/\/media.th4.com\/sJ-NjNNrpf3bN40MekoZaofPZnzXr0drvQHa6DRHOWg\/pr:1200x630greybg\/aHR0cDovL21lZGlhMi5kZXNpZ25wYXJ0bmVyLmZyL2MvcC1jdXN0b20tVEgvMTk5MTgud2VicA?v=1751554558"},"page_links":{"fr":"\/fr\/p-pr-pa391-veste-survetement-zippee-enfant-veste-enfant-pa391-19918\/","en":"\/en\/p-pr-pa391-veste-survetement-zippee-enfant-kids-jacket-pa391-19918\/","de":"\/de\/p-pr-pa391-veste-survetement-zippee-enfant-kinder-trainingsjacke-pa391-19918\/","nl":"\/nl\/p-pr-pa391-veste-survetement-zippee-enfant-kinder-trainingsjack-met-ritssluiting-pa391-19918\/","es":"\/es\/p-pr-pa391-veste-survetement-zippee-enfant-chaqueta-infantil-pa391-19918\/","it":"\/it\/p-pr-pa391-veste-survetement-zippee-enfant-giacca-tuta-con-zip-bambino-pa391-19918\/","sv":"\/sv\/p-pr-pa391-veste-survetement-zippee-enfant-barntraningsjacka-med-dragkedja-pa391-19918\/","pt":"\/pt\/p-pr-pa391-veste-survetement-zippee-enfant-casaco-infantil-pa391-19918\/","da":"\/da\/p-pr-pa391-veste-survetement-zippee-enfant-borns-lynlastraeningsjakke-pa391-19918\/","pl":"\/pl\/p-pr-pa391-veste-survetement-zippee-enfant-kurtka-dziecieca-pa391-19918\/"},"page_links_customization":{"fr":"\/fr\/p-pr-pa391-veste-survetement-enfant-pa391-personnalisable-19918\/custom\/","en":"\/en\/p-pr-pa391-childrens-tracksuit-jacket-pa391-customizable-19918\/custom\/","de":"\/de\/p-pr-pa391-veste-survetement-enfant-pa391-personnalisable-19918\/custom\/","nl":"\/nl\/p-pr-pa391-kindersweatvest-pa391-aanpasbaar-19918\/custom\/","es":"\/es\/p-pr-pa391-veste-survetement-enfant-pa391-personalizable-19918\/custom\/","it":"\/it\/p-pr-pa391-veste-survetement-enfant-pa391-personalizzabile-19918\/custom\/","sv":"\/sv\/p-pr-pa391-veste-survetement-enfant-pa391-personnalisable-19918\/custom\/","pt":"\/pt\/p-pr-pa391-veste-survetement-enfant-pa391-personalizavel-19918\/custom\/","da":"\/da\/p-pr-pa391-veste-survetement-enfant-pa391-personnalisable-19918\/custom\/","pl":"\/pl\/p-pr-pa391-veste-survetement-enfant-pa391-z-mozliwoscia-personalizacji-19918\/custom\/"},"equivalent_products":[],"colors":[{"id":16965,"name":"black\/sporty_grey","class_ids":[4,3],"codes_hexa":["1a1a18","4e545b"],"delai_24":false,"has_3d":false,"seuil_global":0,"stock_local":0,"stock_global":2015,"on_standby":false,"in_catalog":true,"images":{"miniature":["https:\/\/media.th4.com\/ye_ePQY1ovFk8L85w0c0E-t4LfK8DYgquUxVvlLP1IU\/pr:80\/aHR0cDovL21lZGlhMi5kZXNpZ25wYXJ0bmVyLmZyL2MvcC8xOTkxOC8xOTkxOC0xNjk2NS0xLndlYnA?v=1751554492","https:\/\/media.th4.com\/Ecojn-kSuVoIZdVx0pexYLZbnp_4rF_J8fiypGhubUY\/pr:80\/aHR0cDovL21lZGlhMi5kZXNpZ25wYXJ0bmVyLmZyL2MvcC8xOTkxOC8xOTkxOC0xNjk2NS0yLndlYnA?v=1751554492","https:\/\/media.th4.com\/eqxeHXrjSO6d8EDh6dgC6DQLmkoYFw8HCXKAJOi40vI\/pr:80\/aHR0cDovL21lZGlhMi5kZXNpZ25wYXJ0bmVyLmZyL2MvcC8xOTkxOC8xOTkxOC0xNjk2NS0zLndlYnA?v=1751554492"],"medium":["https:\/\/media.th4.com\/t7oz4f6YG_Iffd84E_CTd2Nux1otIZQ1UawsHWHVPUc\/pr:550x550\/aHR0cDovL21lZGlhMi5kZXNpZ25wYXJ0bmVyLmZyL2MvcC8xOTkxOC8xOTkxOC0xNjk2NS0xLndlYnA?v=1751554492","https:\/\/media.th4.com\/nY2ALL2CcOWOBi0rizh29TyCSc8Vr_6OhJNKr6eBR9A\/pr:550x550\/aHR0cDovL21lZGlhMi5kZXNpZ25wYXJ0bmVyLmZyL2MvcC8xOTkxOC8xOTkxOC0xNjk2NS0yLndlYnA?v=1751554492","https:\/\/media.th4.com\/5POcB63XUWMHrWC62QzefJdWhZAs-HOPvhXh4dT_8pk\/pr:550x550\/aHR0cDovL21lZGlhMi5kZXNpZ25wYXJ0bmVyLmZyL2MvcC8xOTkxOC8xOTkxOC0xNjk2NS0zLndlYnA?v=1751554492"],"medium_large":["https:\/\/media.th4.com\/QpnYyZ0wfpjst-nR3bPihLyQmseVpgDZBRJS9NwZl0M\/pr:1000x1000\/aHR0cDovL21lZGlhMi5kZXNpZ25wYXJ0bmVyLmZyL2MvcC8xOTkxOC8xOTkxOC0xNjk2NS0xLndlYnA?v=1751554492","https:\/\/media.th4.com\/69bkcXUXSFnIleKZbVttqZIXEnJ6mKQOaVfCGMCpz2Y\/pr:1000x1000\/aHR0cDovL21lZGlhMi5kZXNpZ25wYXJ0bmVyLmZyL2MvcC8xOTkxOC8xOTkxOC0xNjk2NS0yLndlYnA?v=1751554492","https:\/\/media.th4.com\/o1J4FNeLQpopbupvDTAZI2H8-7BzyvM7LQaUHWoXISQ\/pr:1000x1000\/aHR0cDovL21lZGlhMi5kZXNpZ25wYXJ0bmVyLmZyL2MvcC8xOTkxOC8xOTkxOC0xNjk2NS0zLndlYnA?v=1751554492"],"large":["https:\/\/media.th4.com\/fjWq3HmwjrFlTBmc3mSaHgY0p6rDW4YLScfJ6444cpc\/pr:1920\/aHR0cDovL21lZGlhMi5kZXNpZ25wYXJ0bmVyLmZyL2MvcC8xOTkxOC8xOTkxOC0xNjk2NS0xLndlYnA?v=1751554492","https:\/\/media.th4.com\/gQADlo90b6WJk_cKYYnJb5hm7PmVaKeihK1cHUCOPy0\/pr:1920\/aHR0cDovL21lZGlhMi5kZXNpZ25wYXJ0bmVyLmZyL2MvcC8xOTkxOC8xOTkxOC0xNjk2NS0yLndlYnA?v=1751554492","https:\/\/media.th4.com\/hTvbeXK8BgQdwi-EjWXUGvBfMCvUj4HtrbgrHHVHGqg\/pr:1920\/aHR0cDovL21lZGlhMi5kZXNpZ25wYXJ0bmVyLmZyL2MvcC8xOTkxOC8xOTkxOC0xNjk2NS0zLndlYnA?v=1751554492"],"opengraph":["https:\/\/media.th4.com\/Abx4zZ6lxWwyo6E-0V_Nkv_V1hd271MN51PNmz8egig\/pr:1200x630\/aHR0cDovL21lZGlhMi5kZXNpZ25wYXJ0bmVyLmZyL2MvcC8xOTkxOC8xOTkxOC0xNjk2NS0xLndlYnA?v=1751554492","https:\/\/media.th4.com\/LGLHTuKXmJoS_7q-6-XZSVI2YZu5563yRlbBz9FMAR4\/pr:1200x630\/aHR0cDovL21lZGlhMi5kZXNpZ25wYXJ0bmVyLmZyL2MvcC8xOTkxOC8xOTkxOC0xNjk2NS0yLndlYnA?v=1751554492","https:\/\/media.th4.com\/wKEytMcpr_EffV5jPOo0B5F-PyTGymtEOvVPVqVQWrc\/pr:1200x630\/aHR0cDovL21lZGlhMi5kZXNpZ25wYXJ0bmVyLmZyL2MvcC8xOTkxOC8xOTkxOC0xNjk2NS0zLndlYnA?v=1751554492"]},"images_customization":{"miniature":["https:\/\/media.th4.com\/ye_ePQY1ovFk8L85w0c0E-t4LfK8DYgquUxVvlLP1IU\/pr:80\/aHR0cDovL21lZGlhMi5kZXNpZ25wYXJ0bmVyLmZyL2MvcC8xOTkxOC8xOTkxOC0xNjk2NS0xLndlYnA?v=1751554492","https:\/\/media.th4.com\/Ecojn-kSuVoIZdVx0pexYLZbnp_4rF_J8fiypGhubUY\/pr:80\/aHR0cDovL21lZGlhMi5kZXNpZ25wYXJ0bmVyLmZyL2MvcC8xOTkxOC8xOTkxOC0xNjk2NS0yLndlYnA?v=1751554492","https:\/\/media.th4.com\/eqxeHXrjSO6d8EDh6dgC6DQLmkoYFw8HCXKAJOi40vI\/pr:80\/aHR0cDovL21lZGlhMi5kZXNpZ25wYXJ0bmVyLmZyL2MvcC8xOTkxOC8xOTkxOC0xNjk2NS0zLndlYnA?v=1751554492"],"medium":["https:\/\/media.th4.com\/t7oz4f6YG_Iffd84E_CTd2Nux1otIZQ1UawsHWHVPUc\/pr:550x550\/aHR0cDovL21lZGlhMi5kZXNpZ25wYXJ0bmVyLmZyL2MvcC8xOTkxOC8xOTkxOC0xNjk2NS0xLndlYnA?v=1751554492","https:\/\/media.th4.com\/nY2ALL2CcOWOBi0rizh29TyCSc8Vr_6OhJNKr6eBR9A\/pr:550x550\/aHR0cDovL21lZGlhMi5kZXNpZ25wYXJ0bmVyLmZyL2MvcC8xOTkxOC8xOTkxOC0xNjk2NS0yLndlYnA?v=1751554492","https:\/\/media.th4.com\/5POcB63XUWMHrWC62QzefJdWhZAs-HOPvhXh4dT_8pk\/pr:550x550\/aHR0cDovL21lZGlhMi5kZXNpZ25wYXJ0bmVyLmZyL2MvcC8xOTkxOC8xOTkxOC0xNjk2NS0zLndlYnA?v=1751554492"],"medium_large":["https:\/\/media.th4.com\/QpnYyZ0wfpjst-nR3bPihLyQmseVpgDZBRJS9NwZl0M\/pr:1000x1000\/aHR0cDovL21lZGlhMi5kZXNpZ25wYXJ0bmVyLmZyL2MvcC8xOTkxOC8xOTkxOC0xNjk2NS0xLndlYnA?v=1751554492","https:\/\/media.th4.com\/69bkcXUXSFnIleKZbVttqZIXEnJ6mKQOaVfCGMCpz2Y\/pr:1000x1000\/aHR0cDovL21lZGlhMi5kZXNpZ25wYXJ0bmVyLmZyL2MvcC8xOTkxOC8xOTkxOC0xNjk2NS0yLndlYnA?v=1751554492","https:\/\/media.th4.com\/o1J4FNeLQpopbupvDTAZI2H8-7BzyvM7LQaUHWoXISQ\/pr:1000x1000\/aHR0cDovL21lZGlhMi5kZXNpZ25wYXJ0bmVyLmZyL2MvcC8xOTkxOC8xOTkxOC0xNjk2NS0zLndlYnA?v=1751554492"],"large":["https:\/\/media.th4.com\/fjWq3HmwjrFlTBmc3mSaHgY0p6rDW4YLScfJ6444cpc\/pr:1920\/aHR0cDovL21lZGlhMi5kZXNpZ25wYXJ0bmVyLmZyL2MvcC8xOTkxOC8xOTkxOC0xNjk2NS0xLndlYnA?v=1751554492","https:\/\/media.th4.com\/gQADlo90b6WJk_cKYYnJb5hm7PmVaKeihK1cHUCOPy0\/pr:1920\/aHR0cDovL21lZGlhMi5kZXNpZ25wYXJ0bmVyLmZyL2MvcC8xOTkxOC8xOTkxOC0xNjk2NS0yLndlYnA?v=1751554492","https:\/\/media.th4.com\/hTvbeXK8BgQdwi-EjWXUGvBfMCvUj4HtrbgrHHVHGqg\/pr:1920\/aHR0cDovL21lZGlhMi5kZXNpZ25wYXJ0bmVyLmZyL2MvcC8xOTkxOC8xOTkxOC0xNjk2NS0zLndlYnA?v=1751554492"],"opengraph":["https:\/\/media.th4.com\/Abx4zZ6lxWwyo6E-0V_Nkv_V1hd271MN51PNmz8egig\/pr:1200x630\/aHR0cDovL21lZGlhMi5kZXNpZ25wYXJ0bmVyLmZyL2MvcC8xOTkxOC8xOTkxOC0xNjk2NS0xLndlYnA?v=1751554492","https:\/\/media.th4.com\/LGLHTuKXmJoS_7q-6-XZSVI2YZu5563yRlbBz9FMAR4\/pr:1200x630\/aHR0cDovL21lZGlhMi5kZXNpZ25wYXJ0bmVyLmZyL2MvcC8xOTkxOC8xOTkxOC0xNjk2NS0yLndlYnA?v=1751554492","https:\/\/media.th4.com\/wKEytMcpr_EffV5jPOo0B5F-PyTGymtEOvVPVqVQWrc\/pr:1200x630\/aHR0cDovL21lZGlhMi5kZXNpZ25wYXJ0bmVyLmZyL2MvcC8xOTkxOC8xOTkxOC0xNjk2NS0zLndlYnA?v=1751554492"]},"country_origin":"PK","traceability":{"manufacturing_country_id":null,"weaving_country_id":null,"dyeing_country_id":null},"sizes":[{"id":1396,"article_id":506488,"class_id":15,"name":"6\/8ans","on_standby":false,"stock_local":0,"stock_global":345,"multiple":1,"estimated_date_reassort":null,"is_destocking":false},{"id":1399,"article_id":506487,"class_id":14,"name":"4\/6ans","on_standby":false,"stock_local":0,"stock_global":242,"multiple":1,"estimated_date_reassort":null,"is_destocking":false},{"id":1397,"article_id":506489,"class_id":16,"name":"8\/10ans","on_standby":false,"stock_local":0,"stock_global":427,"multiple":1,"estimated_date_reassort":null,"is_destocking":false},{"id":1398,"article_id":506490,"class_id":17,"name":"10\/12ans","on_standby":false,"stock_local":0,"stock_global":535,"multiple":1,"estimated_date_reassort":null,"is_destocking":false},{"id":33,"article_id":506491,"class_id":17,"name":"12\/14ans","on_standby":false,"stock_local":0,"stock_global":466,"multiple":1,"estimated_date_reassort":null,"is_destocking":false}],"page_links":{"fr":"\/fr\/p-pr-pa391-veste-survetement-zippee-enfant-veste-enfant-pa391-19918\/black-sporty-grey-16965\/","en":"\/en\/p-pr-pa391-veste-survetement-zippee-enfant-kids-jacket-pa391-19918\/black-sporty-grey-16965\/","de":"\/de\/p-pr-pa391-veste-survetement-zippee-enfant-kinder-trainingsjacke-pa391-19918\/black-sporty-grey-16965\/","nl":"\/nl\/p-pr-pa391-veste-survetement-zippee-enfant-kinder-trainingsjack-met-ritssluiting-pa391-19918\/black-sporty-grey-16965\/","es":"\/es\/p-pr-pa391-veste-survetement-zippee-enfant-chaqueta-infantil-pa391-19918\/black-sporty-grey-16965\/","it":"\/it\/p-pr-pa391-veste-survetement-zippee-enfant-giacca-tuta-con-zip-bambino-pa391-19918\/black-sporty-grey-16965\/","sv":"\/sv\/p-pr-pa391-veste-survetement-zippee-enfant-barntraningsjacka-med-dragkedja-pa391-19918\/black-sporty-grey-16965\/","pt":"\/pt\/p-pr-pa391-veste-survetement-zippee-enfant-casaco-infantil-pa391-19918\/black-sporty-grey-16965\/","da":"\/da\/p-pr-pa391-veste-survetement-zippee-enfant-borns-lynlastraeningsjakke-pa391-19918\/black-sporty-grey-16965\/","pl":"\/pl\/p-pr-pa391-veste-survetement-zippee-enfant-kurtka-dziecieca-pa391-19918\/black-sporty-grey-16965\/"},"page_links_customization":{"fr":"\/fr\/p-pr-pa391-veste-survetement-enfant-pa391-personnalisable-19918\/black-sporty-grey-16965\/custom\/","en":"\/en\/p-pr-pa391-childrens-tracksuit-jacket-pa391-customizable-19918\/black-sporty-grey-16965\/custom\/","de":"\/de\/p-pr-pa391-veste-survetement-enfant-pa391-personnalisable-19918\/black-sporty-grey-16965\/custom\/","nl":"\/nl\/p-pr-pa391-kindersweatvest-pa391-aanpasbaar-19918\/black-sporty-grey-16965\/custom\/","es":"\/es\/p-pr-pa391-veste-survetement-enfant-pa391-personalizable-19918\/black-sporty-grey-16965\/custom\/","it":"\/it\/p-pr-pa391-veste-survetement-enfant-pa391-personalizzabile-19918\/black-sporty-grey-16965\/custom\/","sv":"\/sv\/p-pr-pa391-veste-survetement-enfant-pa391-personnalisable-19918\/black-sporty-grey-16965\/custom\/","pt":"\/pt\/p-pr-pa391-veste-survetement-enfant-pa391-personalizavel-19918\/black-sporty-grey-16965\/custom\/","da":"\/da\/p-pr-pa391-veste-survetement-enfant-pa391-personnalisable-19918\/black-sporty-grey-16965\/custom\/","pl":"\/pl\/p-pr-pa391-veste-survetement-enfant-pa391-z-mozliwoscia-personalizacji-19918\/black-sporty-grey-16965\/custom\/"}},{"id":24121,"name":"dark_royal_blue\/navy","class_ids":[2,2],"codes_hexa":["214079","292E38"],"delai_24":false,"has_3d":false,"seuil_global":0,"stock_local":0,"stock_global":1806,"on_standby":false,"in_catalog":true,"images":{"miniature":["https:\/\/media.th4.com\/T_i5ijIR2-BIhtjWLDLoihW65Br9uMn7tJ_QiW_t7Ic\/pr:80\/aHR0cDovL21lZGlhMi5kZXNpZ25wYXJ0bmVyLmZyL2MvcC8xOTkxOC8xOTkxOC0yNDEyMS0xLndlYnA?v=1751554492","https:\/\/media.th4.com\/macVX8ZYwPt6OmRToXmszcWi_rraA04L58IzzKbZooc\/pr:80\/aHR0cDovL21lZGlhMi5kZXNpZ25wYXJ0bmVyLmZyL2MvcC8xOTkxOC8xOTkxOC0yNDEyMS0yLndlYnA?v=1751554492","https:\/\/media.th4.com\/m4a9SaorQGI2TNgpVRewt28-cqEz5RErt4bsbvMwR_I\/pr:80\/aHR0cDovL21lZGlhMi5kZXNpZ25wYXJ0bmVyLmZyL2MvcC8xOTkxOC8xOTkxOC0yNDEyMS0zLndlYnA?v=1751554492"],"medium":["https:\/\/media.th4.com\/xpNjS78coFkQ0wRZhpezczuYWkYr_JsJh3Lb_2US0nI\/pr:550x550\/aHR0cDovL21lZGlhMi5kZXNpZ25wYXJ0bmVyLmZyL2MvcC8xOTkxOC8xOTkxOC0yNDEyMS0xLndlYnA?v=1751554492","https:\/\/media.th4.com\/biIkB0iSy21LnXGDFUJfQCvYbVkMt7y4QvaozuYNgOM\/pr:550x550\/aHR0cDovL21lZGlhMi5kZXNpZ25wYXJ0bmVyLmZyL2MvcC8xOTkxOC8xOTkxOC0yNDEyMS0yLndlYnA?v=1751554492","https:\/\/media.th4.com\/AI1kwSB7ePosdfJgEDRKNBbU7zABnBJ56UOHJoScsUo\/pr:550x550\/aHR0cDovL21lZGlhMi5kZXNpZ25wYXJ0bmVyLmZyL2MvcC8xOTkxOC8xOTkxOC0yNDEyMS0zLndlYnA?v=1751554492"],"medium_large":["https:\/\/media.th4.com\/4cbyctxPr2Hdr5hA5tfLn9rTrUZlbI3JVJCxgaCSN3M\/pr:1000x1000\/aHR0cDovL21lZGlhMi5kZXNpZ25wYXJ0bmVyLmZyL2MvcC8xOTkxOC8xOTkxOC0yNDEyMS0xLndlYnA?v=1751554492","https:\/\/media.th4.com\/D1Ipt2Pq0cb_p9j9xsJ02P4VjNyZ8gAEWUmn0RByNlU\/pr:1000x1000\/aHR0cDovL21lZGlhMi5kZXNpZ25wYXJ0bmVyLmZyL2MvcC8xOTkxOC8xOTkxOC0yNDEyMS0yLndlYnA?v=1751554492","https:\/\/media.th4.com\/EI3fpAJSVyGf86nSwZbBQ1sSpbEJyTkc81pJDr_tXFc\/pr:1000x1000\/aHR0cDovL21lZGlhMi5kZXNpZ25wYXJ0bmVyLmZyL2MvcC8xOTkxOC8xOTkxOC0yNDEyMS0zLndlYnA?v=1751554492"],"large":["https:\/\/media.th4.com\/mzRAZstPNHOqgZZpzlGGY9z_qt_zv2VW3VPgaq6C-do\/pr:1920\/aHR0cDovL21lZGlhMi5kZXNpZ25wYXJ0bmVyLmZyL2MvcC8xOTkxOC8xOTkxOC0yNDEyMS0xLndlYnA?v=1751554492","https:\/\/media.th4.com\/3NpkC2pYEAqoYGabwht0XFb8H1CpMbo4pADxn4loL88\/pr:1920\/aHR0cDovL21lZGlhMi5kZXNpZ25wYXJ0bmVyLmZyL2MvcC8xOTkxOC8xOTkxOC0yNDEyMS0yLndlYnA?v=1751554492","https:\/\/media.th4.com\/arn5-uD12moLGL4NPOhFWWj_nUR8HNO5Ebb1kIE11UQ\/pr:1920\/aHR0cDovL21lZGlhMi5kZXNpZ25wYXJ0bmVyLmZyL2MvcC8xOTkxOC8xOTkxOC0yNDEyMS0zLndlYnA?v=1751554492"],"opengraph":["https:\/\/media.th4.com\/FxFplS_jlPOK1mR10l4neKjch2iNltIcehwXnuGP4R0\/pr:1200x630\/aHR0cDovL21lZGlhMi5kZXNpZ25wYXJ0bmVyLmZyL2MvcC8xOTkxOC8xOTkxOC0yNDEyMS0xLndlYnA?v=1751554492","https:\/\/media.th4.com\/fv7glXj7h_kVTHT_0TBej40tvWz5vEplEukSDkuFjyU\/pr:1200x630\/aHR0cDovL21lZGlhMi5kZXNpZ25wYXJ0bmVyLmZyL2MvcC8xOTkxOC8xOTkxOC0yNDEyMS0yLndlYnA?v=1751554492","https:\/\/media.th4.com\/x36jOy21nOG1ayEBWSZJxJYJZ44G4Xyv5KN0jgfvuE4\/pr:1200x630\/aHR0cDovL21lZGlhMi5kZXNpZ25wYXJ0bmVyLmZyL2MvcC8xOTkxOC8xOTkxOC0yNDEyMS0zLndlYnA?v=1751554492"]},"images_customization":{"miniature":["https:\/\/media.th4.com\/T_i5ijIR2-BIhtjWLDLoihW65Br9uMn7tJ_QiW_t7Ic\/pr:80\/aHR0cDovL21lZGlhMi5kZXNpZ25wYXJ0bmVyLmZyL2MvcC8xOTkxOC8xOTkxOC0yNDEyMS0xLndlYnA?v=1751554492","https:\/\/media.th4.com\/macVX8ZYwPt6OmRToXmszcWi_rraA04L58IzzKbZooc\/pr:80\/aHR0cDovL21lZGlhMi5kZXNpZ25wYXJ0bmVyLmZyL2MvcC8xOTkxOC8xOTkxOC0yNDEyMS0yLndlYnA?v=1751554492","https:\/\/media.th4.com\/m4a9SaorQGI2TNgpVRewt28-cqEz5RErt4bsbvMwR_I\/pr:80\/aHR0cDovL21lZGlhMi5kZXNpZ25wYXJ0bmVyLmZyL2MvcC8xOTkxOC8xOTkxOC0yNDEyMS0zLndlYnA?v=1751554492"],"medium":["https:\/\/media.th4.com\/xpNjS78coFkQ0wRZhpezczuYWkYr_JsJh3Lb_2US0nI\/pr:550x550\/aHR0cDovL21lZGlhMi5kZXNpZ25wYXJ0bmVyLmZyL2MvcC8xOTkxOC8xOTkxOC0yNDEyMS0xLndlYnA?v=1751554492","https:\/\/media.th4.com\/biIkB0iSy21LnXGDFUJfQCvYbVkMt7y4QvaozuYNgOM\/pr:550x550\/aHR0cDovL21lZGlhMi5kZXNpZ25wYXJ0bmVyLmZyL2MvcC8xOTkxOC8xOTkxOC0yNDEyMS0yLndlYnA?v=1751554492","https:\/\/media.th4.com\/AI1kwSB7ePosdfJgEDRKNBbU7zABnBJ56UOHJoScsUo\/pr:550x550\/aHR0cDovL21lZGlhMi5kZXNpZ25wYXJ0bmVyLmZyL2MvcC8xOTkxOC8xOTkxOC0yNDEyMS0zLndlYnA?v=1751554492"],"medium_large":["https:\/\/media.th4.com\/4cbyctxPr2Hdr5hA5tfLn9rTrUZlbI3JVJCxgaCSN3M\/pr:1000x1000\/aHR0cDovL21lZGlhMi5kZXNpZ25wYXJ0bmVyLmZyL2MvcC8xOTkxOC8xOTkxOC0yNDEyMS0xLndlYnA?v=1751554492","https:\/\/media.th4.com\/D1Ipt2Pq0cb_p9j9xsJ02P4VjNyZ8gAEWUmn0RByNlU\/pr:1000x1000\/aHR0cDovL21lZGlhMi5kZXNpZ25wYXJ0bmVyLmZyL2MvcC8xOTkxOC8xOTkxOC0yNDEyMS0yLndlYnA?v=1751554492","https:\/\/media.th4.com\/EI3fpAJSVyGf86nSwZbBQ1sSpbEJyTkc81pJDr_tXFc\/pr:1000x1000\/aHR0cDovL21lZGlhMi5kZXNpZ25wYXJ0bmVyLmZyL2MvcC8xOTkxOC8xOTkxOC0yNDEyMS0zLndlYnA?v=1751554492"],"large":["https:\/\/media.th4.com\/mzRAZstPNHOqgZZpzlGGY9z_qt_zv2VW3VPgaq6C-do\/pr:1920\/aHR0cDovL21lZGlhMi5kZXNpZ25wYXJ0bmVyLmZyL2MvcC8xOTkxOC8xOTkxOC0yNDEyMS0xLndlYnA?v=1751554492","https:\/\/media.th4.com\/3NpkC2pYEAqoYGabwht0XFb8H1CpMbo4pADxn4loL88\/pr:1920\/aHR0cDovL21lZGlhMi5kZXNpZ25wYXJ0bmVyLmZyL2MvcC8xOTkxOC8xOTkxOC0yNDEyMS0yLndlYnA?v=1751554492","https:\/\/media.th4.com\/arn5-uD12moLGL4NPOhFWWj_nUR8HNO5Ebb1kIE11UQ\/pr:1920\/aHR0cDovL21lZGlhMi5kZXNpZ25wYXJ0bmVyLmZyL2MvcC8xOTkxOC8xOTkxOC0yNDEyMS0zLndlYnA?v=1751554492"],"opengraph":["https:\/\/media.th4.com\/FxFplS_jlPOK1mR10l4neKjch2iNltIcehwXnuGP4R0\/pr:1200x630\/aHR0cDovL21lZGlhMi5kZXNpZ25wYXJ0bmVyLmZyL2MvcC8xOTkxOC8xOTkxOC0yNDEyMS0xLndlYnA?v=1751554492","https:\/\/media.th4.com\/fv7glXj7h_kVTHT_0TBej40tvWz5vEplEukSDkuFjyU\/pr:1200x630\/aHR0cDovL21lZGlhMi5kZXNpZ25wYXJ0bmVyLmZyL2MvcC8xOTkxOC8xOTkxOC0yNDEyMS0yLndlYnA?v=1751554492","https:\/\/media.th4.com\/x36jOy21nOG1ayEBWSZJxJYJZ44G4Xyv5KN0jgfvuE4\/pr:1200x630\/aHR0cDovL21lZGlhMi5kZXNpZ25wYXJ0bmVyLmZyL2MvcC8xOTkxOC8xOTkxOC0yNDEyMS0zLndlYnA?v=1751554492"]},"country_origin":"PK","traceability":{"manufacturing_country_id":null,"weaving_country_id":null,"dyeing_country_id":null},"sizes":[{"id":1396,"article_id":506493,"class_id":15,"name":"6\/8ans","on_standby":false,"stock_local":0,"stock_global":291,"multiple":1,"estimated_date_reassort":null,"is_destocking":false},{"id":1399,"article_id":506492,"class_id":14,"name":"4\/6ans","on_standby":false,"stock_local":0,"stock_global":280,"multiple":1,"estimated_date_reassort":null,"is_destocking":false},{"id":1397,"article_id":506494,"class_id":16,"name":"8\/10ans","on_standby":false,"stock_local":0,"stock_global":327,"multiple":1,"estimated_date_reassort":null,"is_destocking":false},{"id":1398,"article_id":506495,"class_id":17,"name":"10\/12ans","on_standby":false,"stock_local":0,"stock_global":459,"multiple":1,"estimated_date_reassort":null,"is_destocking":false},{"id":33,"article_id":506496,"class_id":17,"name":"12\/14ans","on_standby":false,"stock_local":0,"stock_global":449,"multiple":1,"estimated_date_reassort":null,"is_destocking":false}],"page_links":{"fr":"\/fr\/p-pr-pa391-veste-survetement-zippee-enfant-veste-enfant-pa391-19918\/dark-royal-blue-navy-24121\/","en":"\/en\/p-pr-pa391-veste-survetement-zippee-enfant-kids-jacket-pa391-19918\/dark-royal-blue-navy-24121\/","de":"\/de\/p-pr-pa391-veste-survetement-zippee-enfant-kinder-trainingsjacke-pa391-19918\/dark-royal-blue-navy-24121\/","nl":"\/nl\/p-pr-pa391-veste-survetement-zippee-enfant-kinder-trainingsjack-met-ritssluiting-pa391-19918\/dark-royal-blue-navy-24121\/","es":"\/es\/p-pr-pa391-veste-survetement-zippee-enfant-chaqueta-infantil-pa391-19918\/dark-royal-blue-navy-24121\/","it":"\/it\/p-pr-pa391-veste-survetement-zippee-enfant-giacca-tuta-con-zip-bambino-pa391-19918\/dark-royal-blue-navy-24121\/","sv":"\/sv\/p-pr-pa391-veste-survetement-zippee-enfant-barntraningsjacka-med-dragkedja-pa391-19918\/dark-royal-blue-navy-24121\/","pt":"\/pt\/p-pr-pa391-veste-survetement-zippee-enfant-casaco-infantil-pa391-19918\/dark-royal-blue-navy-24121\/","da":"\/da\/p-pr-pa391-veste-survetement-zippee-enfant-borns-lynlastraeningsjakke-pa391-19918\/dark-royal-blue-navy-24121\/","pl":"\/pl\/p-pr-pa391-veste-survetement-zippee-enfant-kurtka-dziecieca-pa391-19918\/dark-royal-blue-navy-24121\/"},"page_links_customization":{"fr":"\/fr\/p-pr-pa391-veste-survetement-enfant-pa391-personnalisable-19918\/dark-royal-blue-navy-24121\/custom\/","en":"\/en\/p-pr-pa391-childrens-tracksuit-jacket-pa391-customizable-19918\/dark-royal-blue-navy-24121\/custom\/","de":"\/de\/p-pr-pa391-veste-survetement-enfant-pa391-personnalisable-19918\/dark-royal-blue-navy-24121\/custom\/","nl":"\/nl\/p-pr-pa391-kindersweatvest-pa391-aanpasbaar-19918\/dark-royal-blue-navy-24121\/custom\/","es":"\/es\/p-pr-pa391-veste-survetement-enfant-pa391-personalizable-19918\/dark-royal-blue-navy-24121\/custom\/","it":"\/it\/p-pr-pa391-veste-survetement-enfant-pa391-personalizzabile-19918\/dark-royal-blue-navy-24121\/custom\/","sv":"\/sv\/p-pr-pa391-veste-survetement-enfant-pa391-personnalisable-19918\/dark-royal-blue-navy-24121\/custom\/","pt":"\/pt\/p-pr-pa391-veste-survetement-enfant-pa391-personalizavel-19918\/dark-royal-blue-navy-24121\/custom\/","da":"\/da\/p-pr-pa391-veste-survetement-enfant-pa391-personnalisable-19918\/dark-royal-blue-navy-24121\/custom\/","pl":"\/pl\/p-pr-pa391-veste-survetement-enfant-pa391-z-mozliwoscia-personalizacji-19918\/dark-royal-blue-navy-24121\/custom\/"}},{"id":1640,"name":"navy","class_ids":[2],"codes_hexa":["012942"],"delai_24":false,"has_3d":false,"seuil_global":0,"stock_local":0,"stock_global":1722,"on_standby":false,"in_catalog":true,"images":{"miniature":["https:\/\/media.th4.com\/rRyRuUv6rTruojlRUKUrWLTBYemqlVzZ2IW2tHhhPe0\/pr:80\/aHR0cDovL21lZGlhMi5kZXNpZ25wYXJ0bmVyLmZyL2MvcC8xOTkxOC8xOTkxOC0xNjQwLTEud2VicA?v=1751554492","https:\/\/media.th4.com\/BCZmjyJVGj30VWZ9_o37vqjufFCyDnod3mgo7K4anx4\/pr:80\/aHR0cDovL21lZGlhMi5kZXNpZ25wYXJ0bmVyLmZyL2MvcC8xOTkxOC8xOTkxOC0xNjQwLTIud2VicA?v=1751554492","https:\/\/media.th4.com\/q-nIbUEXhSUScrxEJzxdre2ZVEVWm_y3wbbfgLLnQok\/pr:80\/aHR0cDovL21lZGlhMi5kZXNpZ25wYXJ0bmVyLmZyL2MvcC8xOTkxOC8xOTkxOC0xNjQwLTMud2VicA?v=1751554492"],"medium":["https:\/\/media.th4.com\/WGdMzAZ9umoKs7hqB8cHR6YnREpOJfnIZ4Jwd72QBaA\/pr:550x550\/aHR0cDovL21lZGlhMi5kZXNpZ25wYXJ0bmVyLmZyL2MvcC8xOTkxOC8xOTkxOC0xNjQwLTEud2VicA?v=1751554492","https:\/\/media.th4.com\/E_ilibOliogMbdFUfHXIlrSnuyRRvVzDOyWk3Ku_yZM\/pr:550x550\/aHR0cDovL21lZGlhMi5kZXNpZ25wYXJ0bmVyLmZyL2MvcC8xOTkxOC8xOTkxOC0xNjQwLTIud2VicA?v=1751554492","https:\/\/media.th4.com\/TD9PL2l49NTBEWnwGSR5h6cFAro_aeFK4yzzsFGmUew\/pr:550x550\/aHR0cDovL21lZGlhMi5kZXNpZ25wYXJ0bmVyLmZyL2MvcC8xOTkxOC8xOTkxOC0xNjQwLTMud2VicA?v=1751554492"],"medium_large":["https:\/\/media.th4.com\/Yl8yxWKT-hJNjjTcgalb60RM32bk-uzNfo4KiFgBNQU\/pr:1000x1000\/aHR0cDovL21lZGlhMi5kZXNpZ25wYXJ0bmVyLmZyL2MvcC8xOTkxOC8xOTkxOC0xNjQwLTEud2VicA?v=1751554492","https:\/\/media.th4.com\/EX3hIBY3f4fXw9nPks92OJTb3ILhMnUsla1qIB5blNE\/pr:1000x1000\/aHR0cDovL21lZGlhMi5kZXNpZ25wYXJ0bmVyLmZyL2MvcC8xOTkxOC8xOTkxOC0xNjQwLTIud2VicA?v=1751554492","https:\/\/media.th4.com\/6X0hk8BO0J-mepuvQUId1CMuCD1AJ8_lg7bzMd3wQpg\/pr:1000x1000\/aHR0cDovL21lZGlhMi5kZXNpZ25wYXJ0bmVyLmZyL2MvcC8xOTkxOC8xOTkxOC0xNjQwLTMud2VicA?v=1751554492"],"large":["https:\/\/media.th4.com\/QDXNURxYpPIjzsBciSoxIxj2zsTAnsQRujA06__4OVg\/pr:1920\/aHR0cDovL21lZGlhMi5kZXNpZ25wYXJ0bmVyLmZyL2MvcC8xOTkxOC8xOTkxOC0xNjQwLTEud2VicA?v=1751554492","https:\/\/media.th4.com\/09atbNM6l5Fbgh1Pybj327kfSMRC_ZUfm3UuL4Xm90s\/pr:1920\/aHR0cDovL21lZGlhMi5kZXNpZ25wYXJ0bmVyLmZyL2MvcC8xOTkxOC8xOTkxOC0xNjQwLTIud2VicA?v=1751554492","https:\/\/media.th4.com\/IGMx5LZxvcujKaQBfCzrRQMnPIoxe_sW9Uml2URyO_k\/pr:1920\/aHR0cDovL21lZGlhMi5kZXNpZ25wYXJ0bmVyLmZyL2MvcC8xOTkxOC8xOTkxOC0xNjQwLTMud2VicA?v=1751554492"],"opengraph":["https:\/\/media.th4.com\/FgYd5GcyC_ouKg28dd51qWoh8kWnaDAqjHhuvFFaTNY\/pr:1200x630\/aHR0cDovL21lZGlhMi5kZXNpZ25wYXJ0bmVyLmZyL2MvcC8xOTkxOC8xOTkxOC0xNjQwLTEud2VicA?v=1751554492","https:\/\/media.th4.com\/Nwcd6sO5Navh4K4tHnvKkgTacvCzy3V5chu1j4DK514\/pr:1200x630\/aHR0cDovL21lZGlhMi5kZXNpZ25wYXJ0bmVyLmZyL2MvcC8xOTkxOC8xOTkxOC0xNjQwLTIud2VicA?v=1751554492","https:\/\/media.th4.com\/zFfMO5cNI7nqqyXKim8V96JqTEVsRLxi_Rekjrw9ywE\/pr:1200x630\/aHR0cDovL21lZGlhMi5kZXNpZ25wYXJ0bmVyLmZyL2MvcC8xOTkxOC8xOTkxOC0xNjQwLTMud2VicA?v=1751554492"]},"images_customization":{"miniature":["https:\/\/media.th4.com\/rRyRuUv6rTruojlRUKUrWLTBYemqlVzZ2IW2tHhhPe0\/pr:80\/aHR0cDovL21lZGlhMi5kZXNpZ25wYXJ0bmVyLmZyL2MvcC8xOTkxOC8xOTkxOC0xNjQwLTEud2VicA?v=1751554492","https:\/\/media.th4.com\/BCZmjyJVGj30VWZ9_o37vqjufFCyDnod3mgo7K4anx4\/pr:80\/aHR0cDovL21lZGlhMi5kZXNpZ25wYXJ0bmVyLmZyL2MvcC8xOTkxOC8xOTkxOC0xNjQwLTIud2VicA?v=1751554492","https:\/\/media.th4.com\/q-nIbUEXhSUScrxEJzxdre2ZVEVWm_y3wbbfgLLnQok\/pr:80\/aHR0cDovL21lZGlhMi5kZXNpZ25wYXJ0bmVyLmZyL2MvcC8xOTkxOC8xOTkxOC0xNjQwLTMud2VicA?v=1751554492"],"medium":["https:\/\/media.th4.com\/WGdMzAZ9umoKs7hqB8cHR6YnREpOJfnIZ4Jwd72QBaA\/pr:550x550\/aHR0cDovL21lZGlhMi5kZXNpZ25wYXJ0bmVyLmZyL2MvcC8xOTkxOC8xOTkxOC0xNjQwLTEud2VicA?v=1751554492","https:\/\/media.th4.com\/E_ilibOliogMbdFUfHXIlrSnuyRRvVzDOyWk3Ku_yZM\/pr:550x550\/aHR0cDovL21lZGlhMi5kZXNpZ25wYXJ0bmVyLmZyL2MvcC8xOTkxOC8xOTkxOC0xNjQwLTIud2VicA?v=1751554492","https:\/\/media.th4.com\/TD9PL2l49NTBEWnwGSR5h6cFAro_aeFK4yzzsFGmUew\/pr:550x550\/aHR0cDovL21lZGlhMi5kZXNpZ25wYXJ0bmVyLmZyL2MvcC8xOTkxOC8xOTkxOC0xNjQwLTMud2VicA?v=1751554492"],"medium_large":["https:\/\/media.th4.com\/Yl8yxWKT-hJNjjTcgalb60RM32bk-uzNfo4KiFgBNQU\/pr:1000x1000\/aHR0cDovL21lZGlhMi5kZXNpZ25wYXJ0bmVyLmZyL2MvcC8xOTkxOC8xOTkxOC0xNjQwLTEud2VicA?v=1751554492","https:\/\/media.th4.com\/EX3hIBY3f4fXw9nPks92OJTb3ILhMnUsla1qIB5blNE\/pr:1000x1000\/aHR0cDovL21lZGlhMi5kZXNpZ25wYXJ0bmVyLmZyL2MvcC8xOTkxOC8xOTkxOC0xNjQwLTIud2VicA?v=1751554492","https:\/\/media.th4.com\/6X0hk8BO0J-mepuvQUId1CMuCD1AJ8_lg7bzMd3wQpg\/pr:1000x1000\/aHR0cDovL21lZGlhMi5kZXNpZ25wYXJ0bmVyLmZyL2MvcC8xOTkxOC8xOTkxOC0xNjQwLTMud2VicA?v=1751554492"],"large":["https:\/\/media.th4.com\/QDXNURxYpPIjzsBciSoxIxj2zsTAnsQRujA06__4OVg\/pr:1920\/aHR0cDovL21lZGlhMi5kZXNpZ25wYXJ0bmVyLmZyL2MvcC8xOTkxOC8xOTkxOC0xNjQwLTEud2VicA?v=1751554492","https:\/\/media.th4.com\/09atbNM6l5Fbgh1Pybj327kfSMRC_ZUfm3UuL4Xm90s\/pr:1920\/aHR0cDovL21lZGlhMi5kZXNpZ25wYXJ0bmVyLmZyL2MvcC8xOTkxOC8xOTkxOC0xNjQwLTIud2VicA?v=1751554492","https:\/\/media.th4.com\/IGMx5LZxvcujKaQBfCzrRQMnPIoxe_sW9Uml2URyO_k\/pr:1920\/aHR0cDovL21lZGlhMi5kZXNpZ25wYXJ0bmVyLmZyL2MvcC8xOTkxOC8xOTkxOC0xNjQwLTMud2VicA?v=1751554492"],"opengraph":["https:\/\/media.th4.com\/FgYd5GcyC_ouKg28dd51qWoh8kWnaDAqjHhuvFFaTNY\/pr:1200x630\/aHR0cDovL21lZGlhMi5kZXNpZ25wYXJ0bmVyLmZyL2MvcC8xOTkxOC8xOTkxOC0xNjQwLTEud2VicA?v=1751554492","https:\/\/media.th4.com\/Nwcd6sO5Navh4K4tHnvKkgTacvCzy3V5chu1j4DK514\/pr:1200x630\/aHR0cDovL21lZGlhMi5kZXNpZ25wYXJ0bmVyLmZyL2MvcC8xOTkxOC8xOTkxOC0xNjQwLTIud2VicA?v=1751554492","https:\/\/media.th4.com\/zFfMO5cNI7nqqyXKim8V96JqTEVsRLxi_Rekjrw9ywE\/pr:1200x630\/aHR0cDovL21lZGlhMi5kZXNpZ25wYXJ0bmVyLmZyL2MvcC8xOTkxOC8xOTkxOC0xNjQwLTMud2VicA?v=1751554492"]},"country_origin":"PK","traceability":{"manufacturing_country_id":null,"weaving_country_id":null,"dyeing_country_id":null},"sizes":[{"id":1396,"article_id":506498,"class_id":15,"name":"6\/8ans","on_standby":false,"stock_local":0,"stock_global":314,"multiple":1,"estimated_date_reassort":null,"is_destocking":false},{"id":1399,"article_id":506497,"class_id":14,"name":"4\/6ans","on_standby":false,"stock_local":0,"stock_global":184,"multiple":1,"estimated_date_reassort":null,"is_destocking":false},{"id":1397,"article_id":506499,"class_id":16,"name":"8\/10ans","on_standby":false,"stock_local":0,"stock_global":395,"multiple":1,"estimated_date_reassort":null,"is_destocking":false},{"id":1398,"article_id":506500,"class_id":17,"name":"10\/12ans","on_standby":false,"stock_local":0,"stock_global":400,"multiple":1,"estimated_date_reassort":null,"is_destocking":false},{"id":33,"article_id":506501,"class_id":17,"name":"12\/14ans","on_standby":false,"stock_local":0,"stock_global":429,"multiple":1,"estimated_date_reassort":null,"is_destocking":false}],"page_links":{"fr":"\/fr\/p-pr-pa391-veste-survetement-zippee-enfant-veste-enfant-pa391-19918\/navy-1640\/","en":"\/en\/p-pr-pa391-veste-survetement-zippee-enfant-kids-jacket-pa391-19918\/navy-1640\/","de":"\/de\/p-pr-pa391-veste-survetement-zippee-enfant-kinder-trainingsjacke-pa391-19918\/navy-1640\/","nl":"\/nl\/p-pr-pa391-veste-survetement-zippee-enfant-kinder-trainingsjack-met-ritssluiting-pa391-19918\/navy-1640\/","es":"\/es\/p-pr-pa391-veste-survetement-zippee-enfant-chaqueta-infantil-pa391-19918\/navy-1640\/","it":"\/it\/p-pr-pa391-veste-survetement-zippee-enfant-giacca-tuta-con-zip-bambino-pa391-19918\/navy-1640\/","sv":"\/sv\/p-pr-pa391-veste-survetement-zippee-enfant-barntraningsjacka-med-dragkedja-pa391-19918\/navy-1640\/","pt":"\/pt\/p-pr-pa391-veste-survetement-zippee-enfant-casaco-infantil-pa391-19918\/navy-1640\/","da":"\/da\/p-pr-pa391-veste-survetement-zippee-enfant-borns-lynlastraeningsjakke-pa391-19918\/navy-1640\/","pl":"\/pl\/p-pr-pa391-veste-survetement-zippee-enfant-kurtka-dziecieca-pa391-19918\/navy-1640\/"},"page_links_customization":{"fr":"\/fr\/p-pr-pa391-veste-survetement-enfant-pa391-personnalisable-19918\/navy-1640\/custom\/","en":"\/en\/p-pr-pa391-childrens-tracksuit-jacket-pa391-customizable-19918\/navy-1640\/custom\/","de":"\/de\/p-pr-pa391-veste-survetement-enfant-pa391-personnalisable-19918\/navy-1640\/custom\/","nl":"\/nl\/p-pr-pa391-kindersweatvest-pa391-aanpasbaar-19918\/navy-1640\/custom\/","es":"\/es\/p-pr-pa391-veste-survetement-enfant-pa391-personalizable-19918\/navy-1640\/custom\/","it":"\/it\/p-pr-pa391-veste-survetement-enfant-pa391-personalizzabile-19918\/navy-1640\/custom\/","sv":"\/sv\/p-pr-pa391-veste-survetement-enfant-pa391-personnalisable-19918\/navy-1640\/custom\/","pt":"\/pt\/p-pr-pa391-veste-survetement-enfant-pa391-personalizavel-19918\/navy-1640\/custom\/","da":"\/da\/p-pr-pa391-veste-survetement-enfant-pa391-personnalisable-19918\/navy-1640\/custom\/","pl":"\/pl\/p-pr-pa391-veste-survetement-enfant-pa391-z-mozliwoscia-personalizacji-19918\/navy-1640\/custom\/"}},{"id":12107,"name":"sporty_red\/black","class_ids":[6,1],"codes_hexa":["C81F27","000000"],"delai_24":false,"has_3d":false,"seuil_global":0,"stock_local":0,"stock_global":857,"on_standby":false,"in_catalog":true,"images":{"miniature":["https:\/\/media.th4.com\/uz7Alnv2R6g5-d-ksZL0uu9-fsKbW-JYTxfV_1vKyKc\/pr:80\/aHR0cDovL21lZGlhMi5kZXNpZ25wYXJ0bmVyLmZyL2MvcC8xOTkxOC8xOTkxOC0xMjEwNy0xLndlYnA?v=1751554492","https:\/\/media.th4.com\/lARK0-3PUBuEJIB6eeO2svxiwBl4XEvT9nhX1bvKQw4\/pr:80\/aHR0cDovL21lZGlhMi5kZXNpZ25wYXJ0bmVyLmZyL2MvcC8xOTkxOC8xOTkxOC0xMjEwNy0yLndlYnA?v=1751554492","https:\/\/media.th4.com\/x9oRanFHYG7KpdWy9YumLyK-R0DFzbujblDK1LLlU78\/pr:80\/aHR0cDovL21lZGlhMi5kZXNpZ25wYXJ0bmVyLmZyL2MvcC8xOTkxOC8xOTkxOC0xMjEwNy0zLndlYnA?v=1751554492"],"medium":["https:\/\/media.th4.com\/imVaM1QJdN3j535_PhvOJ5Pdea8OJf5C7vr-7xQSL1U\/pr:550x550\/aHR0cDovL21lZGlhMi5kZXNpZ25wYXJ0bmVyLmZyL2MvcC8xOTkxOC8xOTkxOC0xMjEwNy0xLndlYnA?v=1751554492","https:\/\/media.th4.com\/djxOias7WEgS-sfZOylZ034S_hdB1q7OxMhdr3z_zf8\/pr:550x550\/aHR0cDovL21lZGlhMi5kZXNpZ25wYXJ0bmVyLmZyL2MvcC8xOTkxOC8xOTkxOC0xMjEwNy0yLndlYnA?v=1751554492","https:\/\/media.th4.com\/UpL3DnXn8g3y7vHYHq9-OxE0BgRGSfjOXK6BoykXuYc\/pr:550x550\/aHR0cDovL21lZGlhMi5kZXNpZ25wYXJ0bmVyLmZyL2MvcC8xOTkxOC8xOTkxOC0xMjEwNy0zLndlYnA?v=1751554492"],"medium_large":["https:\/\/media.th4.com\/U3rLY6Lx4izT4E_hxSFYqJm8ArhzxzpWSlIDOcWQrqY\/pr:1000x1000\/aHR0cDovL21lZGlhMi5kZXNpZ25wYXJ0bmVyLmZyL2MvcC8xOTkxOC8xOTkxOC0xMjEwNy0xLndlYnA?v=1751554492","https:\/\/media.th4.com\/Rt_nZLX6fGwEmW0GybzOJFjBsm8v35bipX6XAXwKxMY\/pr:1000x1000\/aHR0cDovL21lZGlhMi5kZXNpZ25wYXJ0bmVyLmZyL2MvcC8xOTkxOC8xOTkxOC0xMjEwNy0yLndlYnA?v=1751554492","https:\/\/media.th4.com\/WZ88jxN-WQXNtDSxwW54rCkubLFsOO1M3jZYcYLhSL4\/pr:1000x1000\/aHR0cDovL21lZGlhMi5kZXNpZ25wYXJ0bmVyLmZyL2MvcC8xOTkxOC8xOTkxOC0xMjEwNy0zLndlYnA?v=1751554492"],"large":["https:\/\/media.th4.com\/xHcCck_beUl-cGkYsCc1Je3zQUbRpD_VIv_brwxPPdE\/pr:1920\/aHR0cDovL21lZGlhMi5kZXNpZ25wYXJ0bmVyLmZyL2MvcC8xOTkxOC8xOTkxOC0xMjEwNy0xLndlYnA?v=1751554492","https:\/\/media.th4.com\/T_u1HiwYDTCuxN3taQ_r4K142fSf30d9nT0G28XYN60\/pr:1920\/aHR0cDovL21lZGlhMi5kZXNpZ25wYXJ0bmVyLmZyL2MvcC8xOTkxOC8xOTkxOC0xMjEwNy0yLndlYnA?v=1751554492","https:\/\/media.th4.com\/--LEsXuX6TELTkW0TPmCDXY7Mtr6XT50Vv2-YsGD2ic\/pr:1920\/aHR0cDovL21lZGlhMi5kZXNpZ25wYXJ0bmVyLmZyL2MvcC8xOTkxOC8xOTkxOC0xMjEwNy0zLndlYnA?v=1751554492"],"opengraph":["https:\/\/media.th4.com\/LnCN6ZXJGvRoc4tflP5KnxqJra2QB3CXAkSZxSdKJY4\/pr:1200x630\/aHR0cDovL21lZGlhMi5kZXNpZ25wYXJ0bmVyLmZyL2MvcC8xOTkxOC8xOTkxOC0xMjEwNy0xLndlYnA?v=1751554492","https:\/\/media.th4.com\/YNRkbVIOzk2NXt8XSv5qGdgHFzyRC80ZcU_zLbv4AGM\/pr:1200x630\/aHR0cDovL21lZGlhMi5kZXNpZ25wYXJ0bmVyLmZyL2MvcC8xOTkxOC8xOTkxOC0xMjEwNy0yLndlYnA?v=1751554492","https:\/\/media.th4.com\/_ECE4gZFi44Lo9CyiLZ5Widd9OftYnJnSzREKYVghWI\/pr:1200x630\/aHR0cDovL21lZGlhMi5kZXNpZ25wYXJ0bmVyLmZyL2MvcC8xOTkxOC8xOTkxOC0xMjEwNy0zLndlYnA?v=1751554492"]},"images_customization":{"miniature":["https:\/\/media.th4.com\/uz7Alnv2R6g5-d-ksZL0uu9-fsKbW-JYTxfV_1vKyKc\/pr:80\/aHR0cDovL21lZGlhMi5kZXNpZ25wYXJ0bmVyLmZyL2MvcC8xOTkxOC8xOTkxOC0xMjEwNy0xLndlYnA?v=1751554492","https:\/\/media.th4.com\/lARK0-3PUBuEJIB6eeO2svxiwBl4XEvT9nhX1bvKQw4\/pr:80\/aHR0cDovL21lZGlhMi5kZXNpZ25wYXJ0bmVyLmZyL2MvcC8xOTkxOC8xOTkxOC0xMjEwNy0yLndlYnA?v=1751554492","https:\/\/media.th4.com\/x9oRanFHYG7KpdWy9YumLyK-R0DFzbujblDK1LLlU78\/pr:80\/aHR0cDovL21lZGlhMi5kZXNpZ25wYXJ0bmVyLmZyL2MvcC8xOTkxOC8xOTkxOC0xMjEwNy0zLndlYnA?v=1751554492"],"medium":["https:\/\/media.th4.com\/imVaM1QJdN3j535_PhvOJ5Pdea8OJf5C7vr-7xQSL1U\/pr:550x550\/aHR0cDovL21lZGlhMi5kZXNpZ25wYXJ0bmVyLmZyL2MvcC8xOTkxOC8xOTkxOC0xMjEwNy0xLndlYnA?v=1751554492","https:\/\/media.th4.com\/djxOias7WEgS-sfZOylZ034S_hdB1q7OxMhdr3z_zf8\/pr:550x550\/aHR0cDovL21lZGlhMi5kZXNpZ25wYXJ0bmVyLmZyL2MvcC8xOTkxOC8xOTkxOC0xMjEwNy0yLndlYnA?v=1751554492","https:\/\/media.th4.com\/UpL3DnXn8g3y7vHYHq9-OxE0BgRGSfjOXK6BoykXuYc\/pr:550x550\/aHR0cDovL21lZGlhMi5kZXNpZ25wYXJ0bmVyLmZyL2MvcC8xOTkxOC8xOTkxOC0xMjEwNy0zLndlYnA?v=1751554492"],"medium_large":["https:\/\/media.th4.com\/U3rLY6Lx4izT4E_hxSFYqJm8ArhzxzpWSlIDOcWQrqY\/pr:1000x1000\/aHR0cDovL21lZGlhMi5kZXNpZ25wYXJ0bmVyLmZyL2MvcC8xOTkxOC8xOTkxOC0xMjEwNy0xLndlYnA?v=1751554492","https:\/\/media.th4.com\/Rt_nZLX6fGwEmW0GybzOJFjBsm8v35bipX6XAXwKxMY\/pr:1000x1000\/aHR0cDovL21lZGlhMi5kZXNpZ25wYXJ0bmVyLmZyL2MvcC8xOTkxOC8xOTkxOC0xMjEwNy0yLndlYnA?v=1751554492","https:\/\/media.th4.com\/WZ88jxN-WQXNtDSxwW54rCkubLFsOO1M3jZYcYLhSL4\/pr:1000x1000\/aHR0cDovL21lZGlhMi5kZXNpZ25wYXJ0bmVyLmZyL2MvcC8xOTkxOC8xOTkxOC0xMjEwNy0zLndlYnA?v=1751554492"],"large":["https:\/\/media.th4.com\/xHcCck_beUl-cGkYsCc1Je3zQUbRpD_VIv_brwxPPdE\/pr:1920\/aHR0cDovL21lZGlhMi5kZXNpZ25wYXJ0bmVyLmZyL2MvcC8xOTkxOC8xOTkxOC0xMjEwNy0xLndlYnA?v=1751554492","https:\/\/media.th4.com\/T_u1HiwYDTCuxN3taQ_r4K142fSf30d9nT0G28XYN60\/pr:1920\/aHR0cDovL21lZGlhMi5kZXNpZ25wYXJ0bmVyLmZyL2MvcC8xOTkxOC8xOTkxOC0xMjEwNy0yLndlYnA?v=1751554492","https:\/\/media.th4.com\/--LEsXuX6TELTkW0TPmCDXY7Mtr6XT50Vv2-YsGD2ic\/pr:1920\/aHR0cDovL21lZGlhMi5kZXNpZ25wYXJ0bmVyLmZyL2MvcC8xOTkxOC8xOTkxOC0xMjEwNy0zLndlYnA?v=1751554492"],"opengraph":["https:\/\/media.th4.com\/LnCN6ZXJGvRoc4tflP5KnxqJra2QB3CXAkSZxSdKJY4\/pr:1200x630\/aHR0cDovL21lZGlhMi5kZXNpZ25wYXJ0bmVyLmZyL2MvcC8xOTkxOC8xOTkxOC0xMjEwNy0xLndlYnA?v=1751554492","https:\/\/media.th4.com\/YNRkbVIOzk2NXt8XSv5qGdgHFzyRC80ZcU_zLbv4AGM\/pr:1200x630\/aHR0cDovL21lZGlhMi5kZXNpZ25wYXJ0bmVyLmZyL2MvcC8xOTkxOC8xOTkxOC0xMjEwNy0yLndlYnA?v=1751554492","https:\/\/media.th4.com\/_ECE4gZFi44Lo9CyiLZ5Widd9OftYnJnSzREKYVghWI\/pr:1200x630\/aHR0cDovL21lZGlhMi5kZXNpZ25wYXJ0bmVyLmZyL2MvcC8xOTkxOC8xOTkxOC0xMjEwNy0zLndlYnA?v=1751554492"]},"country_origin":"PK","traceability":{"manufacturing_country_id":null,"weaving_country_id":null,"dyeing_country_id":null},"sizes":[{"id":1396,"article_id":506503,"class_id":15,"name":"6\/8ans","on_standby":false,"stock_local":0,"stock_global":123,"multiple":1,"estimated_date_reassort":null,"is_destocking":false},{"id":1399,"article_id":506502,"class_id":14,"name":"4\/6ans","on_standby":false,"stock_local":0,"stock_global":143,"multiple":1,"estimated_date_reassort":null,"is_destocking":false},{"id":1397,"article_id":506504,"class_id":16,"name":"8\/10ans","on_standby":false,"stock_local":0,"stock_global":139,"multiple":1,"estimated_date_reassort":null,"is_destocking":false},{"id":1398,"article_id":506505,"class_id":17,"name":"10\/12ans","on_standby":false,"stock_local":0,"stock_global":217,"multiple":1,"estimated_date_reassort":null,"is_destocking":false},{"id":33,"article_id":506506,"class_id":17,"name":"12\/14ans","on_standby":false,"stock_local":0,"stock_global":235,"multiple":1,"estimated_date_reassort":null,"is_destocking":false}],"page_links":{"fr":"\/fr\/p-pr-pa391-veste-survetement-zippee-enfant-veste-enfant-pa391-19918\/sporty-red-black-12107\/","en":"\/en\/p-pr-pa391-veste-survetement-zippee-enfant-kids-jacket-pa391-19918\/sporty-red-black-12107\/","de":"\/de\/p-pr-pa391-veste-survetement-zippee-enfant-kinder-trainingsjacke-pa391-19918\/sporty-red-black-12107\/","nl":"\/nl\/p-pr-pa391-veste-survetement-zippee-enfant-kinder-trainingsjack-met-ritssluiting-pa391-19918\/sporty-red-black-12107\/","es":"\/es\/p-pr-pa391-veste-survetement-zippee-enfant-chaqueta-infantil-pa391-19918\/sporty-red-black-12107\/","it":"\/it\/p-pr-pa391-veste-survetement-zippee-enfant-giacca-tuta-con-zip-bambino-pa391-19918\/sporty-red-black-12107\/","sv":"\/sv\/p-pr-pa391-veste-survetement-zippee-enfant-barntraningsjacka-med-dragkedja-pa391-19918\/sporty-red-black-12107\/","pt":"\/pt\/p-pr-pa391-veste-survetement-zippee-enfant-casaco-infantil-pa391-19918\/sporty-red-black-12107\/","da":"\/da\/p-pr-pa391-veste-survetement-zippee-enfant-borns-lynlastraeningsjakke-pa391-19918\/sporty-red-black-12107\/","pl":"\/pl\/p-pr-pa391-veste-survetement-zippee-enfant-kurtka-dziecieca-pa391-19918\/sporty-red-black-12107\/"},"page_links_customization":{"fr":"\/fr\/p-pr-pa391-veste-survetement-enfant-pa391-personnalisable-19918\/sporty-red-black-12107\/custom\/","en":"\/en\/p-pr-pa391-childrens-tracksuit-jacket-pa391-customizable-19918\/sporty-red-black-12107\/custom\/","de":"\/de\/p-pr-pa391-veste-survetement-enfant-pa391-personnalisable-19918\/sporty-red-black-12107\/custom\/","nl":"\/nl\/p-pr-pa391-kindersweatvest-pa391-aanpasbaar-19918\/sporty-red-black-12107\/custom\/","es":"\/es\/p-pr-pa391-veste-survetement-enfant-pa391-personalizable-19918\/sporty-red-black-12107\/custom\/","it":"\/it\/p-pr-pa391-veste-survetement-enfant-pa391-personalizzabile-19918\/sporty-red-black-12107\/custom\/","sv":"\/sv\/p-pr-pa391-veste-survetement-enfant-pa391-personnalisable-19918\/sporty-red-black-12107\/custom\/","pt":"\/pt\/p-pr-pa391-veste-survetement-enfant-pa391-personalizavel-19918\/sporty-red-black-12107\/custom\/","da":"\/da\/p-pr-pa391-veste-survetement-enfant-pa391-personnalisable-19918\/sporty-red-black-12107\/custom\/","pl":"\/pl\/p-pr-pa391-veste-survetement-enfant-pa391-z-mozliwoscia-personalizacji-19918\/sporty-red-black-12107\/custom\/"}}],"documentation_link":"\/pdf\/19918.pdf","countries_availables":["AD","AE","AL","AT","BA","BD","BE","BG","BL","CA","CH","CN","CO","CY","CZ","DE","DK","DO","EE","EG","ES","ET","FI","FR","GB","GE","GF","GP","GR","GT","HK","HN","HR","HT","HU","ID","IE","IN","IS","IT","JO","JP","KE","KH","KP","KR","LA","LK","LS","LT","LU","LV","MA","MF","MG","MK","MM","MN","MQ","MT","MX","MY","NC","NI","NL","PF","PH","PK","PL","PM","PT","RE","RO","SE","SG","SI","SK","SV","SY","TH","TN","TR","TW","TZ","US","VN","WF","YT"]},"infos_customization":[],"features":{"authorize_multi_surfaces":true,"display_order_delay_type":true,"promote_surface_display":true,"tarification_franco_offert":true,"enabled_3d_editor":false},"markings":[{"id":0,"nom":"vierge","finition":null,"libelle":null,"code":null,"dpi":null,"finesse_forme_isolee":null,"finesse_forme_non_isolee":null,"hauteur_minimale_texte":null,"inactif":0,"marquage_interne":1,"quantite_min":null,"parent_id":null,"print_on_support":0,"content":"vierge","description":null},{"id":2,"nom":"fonce","finition":"optimale","libelle":"TopQuadri","code":null,"dpi":400,"finesse_forme_isolee":"0.040","finesse_forme_non_isolee":"0.700","hauteur_minimale_texte":2,"inactif":0,"marquage_interne":1,"quantite_min":null,"parent_id":18,"print_on_support":0,"content":"TopQuadri","description":"pour petites et moyennes s\u00e9ries"},{"id":3,"nom":"serigraphie","finition":"serigraphie","libelle":"SeriCoat","code":null,"dpi":400,"finesse_forme_isolee":"0.040","finesse_forme_non_isolee":"0.700","hauteur_minimale_texte":2,"inactif":0,"marquage_interne":1,"quantite_min":15,"parent_id":18,"print_on_support":0,"content":"SeriCoat","description":"pour moyennes et grandes s\u00e9ries"},{"id":4,"nom":"broderie","finition":"broderie","libelle":"Broderie","code":null,"dpi":400,"finesse_forme_isolee":"0.040","finesse_forme_non_isolee":"0.700","hauteur_minimale_texte":3,"inactif":0,"marquage_interne":1,"quantite_min":null,"parent_id":null,"print_on_support":0,"content":"Broderie","description":null},{"id":8,"nom":"theme","finition":null,"libelle":"Th\u00e8me","code":null,"dpi":null,"finesse_forme_isolee":null,"finesse_forme_non_isolee":null,"hauteur_minimale_texte":null,"inactif":0,"marquage_interne":1,"quantite_min":null,"parent_id":null,"print_on_support":0,"content":"Th\u00e8me","description":null},{"id":9,"nom":"sans","finition":null,"libelle":null,"code":null,"dpi":null,"finesse_forme_isolee":null,"finesse_forme_non_isolee":null,"hauteur_minimale_texte":null,"inactif":0,"marquage_interne":1,"quantite_min":null,"parent_id":null,"print_on_support":0,"content":"sans","description":null},{"id":10,"nom":"photo","finition":null,"libelle":"Photo","code":null,"dpi":null,"finesse_forme_isolee":null,"finesse_forme_non_isolee":null,"hauteur_minimale_texte":null,"inactif":0,"marquage_interne":1,"quantite_min":null,"parent_id":null,"print_on_support":0,"content":"Photo","description":null},{"id":14,"nom":"couleur","finition":null,"libelle":"Couleur","code":null,"dpi":null,"finesse_forme_isolee":null,"finesse_forme_non_isolee":null,"hauteur_minimale_texte":null,"inactif":0,"marquage_interne":1,"quantite_min":null,"parent_id":null,"print_on_support":0,"content":"Couleur","description":null},{"id":15,"nom":"sublimation","finition":"sublimation","libelle":"Sublimation","code":null,"dpi":null,"finesse_forme_isolee":"0.000","finesse_forme_non_isolee":"0.000","hauteur_minimale_texte":2,"inactif":0,"marquage_interne":1,"quantite_min":null,"parent_id":null,"print_on_support":0,"content":"Sublimation","description":null},{"id":16,"nom":"topquadri_uv","finition":null,"libelle":"TopQuadri UV","code":null,"dpi":null,"finesse_forme_isolee":"0.020","finesse_forme_non_isolee":"0.700","hauteur_minimale_texte":2,"inactif":0,"marquage_interne":1,"quantite_min":null,"parent_id":null,"print_on_support":1,"content":null,"description":null},{"id":17,"nom":"topquadri_uvp","finition":null,"libelle":"TopQuadri UVP","code":null,"dpi":null,"finesse_forme_isolee":"0.020","finesse_forme_non_isolee":"0.700","hauteur_minimale_texte":2,"inactif":0,"marquage_interne":1,"quantite_min":null,"parent_id":null,"print_on_support":1,"content":null,"description":null},{"id":18,"nom":"quadri","finition":null,"libelle":"Impression","code":null,"dpi":null,"finesse_forme_isolee":null,"finesse_forme_non_isolee":null,"hauteur_minimale_texte":null,"inactif":0,"marquage_interne":1,"quantite_min":null,"parent_id":null,"print_on_support":0,"content":null,"description":null}]}}