{"data":{"product":{"id":19900,"titre":"Short running homme","description":"Mati\u00e8re extensible. Ceinture \u00e9lastiqu\u00e9e ultra confortable et cordon de serrage plat. Petite poche int\u00e9rieure \u00e0 la ceinture c\u00f4t\u00e9 droit au port\u00e9. 2 fentes lat\u00e9rales ouvertes et finition double aiguille sur bas de v\u00eatement. \u00c9tiquette de marque d\u00e9tachable. Composition : 92% polyester, 8% \u00e9lasthanne.","genre":"homme","grammage":105,"conditionnement":50,"composition":"polyester,elasthanne","reference":"pr-pa1033","reference_visible":"pr-pa1033","reference_fabricant":"PA1033","ref_xor":"728057","in_catalog":true,"is_transfer":false,"is_service":false,"on_standby":false,"has_3d":false,"has_size_guide":false,"has_marking":true,"has_vierge":true,"is_cross_sellable":false,"id_picto":91,"filename_3d":null,"brand":{"id":37,"name":"ProAct","logo":"logo-proact.png","image":"https:\/\/media.th4.com\/CKM3LQUaRrAReFrsWSZzr53ir5Wwj7MUz_VC-FY97NA\/pr:brand70x70\/aHR0cDovL21lZGlhMi5kZXNpZ25wYXJ0bmVyLmZyL2MvbS9sb2dvLXByb2FjdC5wbmc"},"price_infos":{"price_from":7.7,"quantity":200,"color":{"id":1639,"name":"black"},"size":{"id":1,"name":"L"}},"price_infos_marking":{"price_from":11.56,"quantity":1500,"color":{"id":1639,"name":"black"},"size":{"id":1,"name":"L"},"marking":{"id":2,"name":""},"emplacement":"avant","surface_emplacement_id":6438,"surface":"Bas gauche"},"i18n":{"blank":{"title":{"fr":"Short Running Homme Short PROACT pa1033","en":"Short Running Homme PROACT Shorts pa1033","de":"Short Running Homme Shorts PROACT pa1033","nl":"Short Running Homme Short PROACT pa1033","es":"Short Running Homme Pantal\u00f3n corto PROACT pa1033","it":"Short Running Homme Pantaloncini PROACT pa1033","sv":"Short Running Homme Shorts PROACT pa1033","pt":"Short Running Homme Cal\u00e7\u00f5es PROACT pa1033","da":"Short Running Homme Shorts PROACT pa1033","pl":"Short Running Homme Szorty PROACT pa1033"},"description":{"fr":"Le Short Running Homme short en mati\u00e8re extensible avec ceinture \u00e9lastiqu\u00e9e et cordon de serrage plat. Poche int\u00e9rieure \u00e0 la ceinture c\u00f4t\u00e9 droit au port\u00e9, fentes lat\u00e9rales ouvertes pour l'aisance.\u00a0Composition : 92% polyester, 8% \u00e9lasthanne.\n\n- Composition : 92% polyester\n- Composition : 8% \u00e9lasthanne\n- Ceinture \u00e9lastiqu\u00e9e, cordon plat\n- Poche int\u00e9rieure, fentes lat\u00e9rales","en":"Short Running Homme shorts in stretch fabric with an elasticated waistband and flat drawcord. Inner pocket at the waistband on the right-hand side when worn, open side slits for ease of movement. Composition: 92% polyester, 8% elastane.\n\n- Composition: 92% polyester\n- Composition: 8% elastane\n- Elasticated waistband, flat drawcord\n- Inner pocket, side slits","de":"Die Short Running Homme Shorts aus dehnbarem Material mit elastischem Bund und flachem Kordelzug. Innentasche im Bund auf der rechten Seite beim Tragen, offene Seitenschlitze f\u00fcr Bewegungsfreiheit. Zusammensetzung: 92% Polyester, 8% Elasthan.\n\n- Zusammensetzung: 92% Polyester\n- Zusammensetzung: 8% Elasthan\n- Elastischer Bund, flacher Kordelzug\n- Innentasche, seitliche Schlitze","nl":"De Short Running Homme short in rekbare stof met elastische tailleband en plat aantrekkoord. Binnenzak in de tailleband aan de rechterkant bij het dragen, open zijsplitten voor bewegingsvrijheid. Samenstelling: 92% polyester, 8% elastaan.\n\n- Samenstelling: 92% polyester\n- Samenstelling: 8% elastaan\n- Elastische tailleband, plat koord\n- Binnenzak, zijsplitten","es":"El Short Running Homme pantal\u00f3n corto de material el\u00e1stico con cinturilla el\u00e1stica y cord\u00f3n de ajuste plano. Bolsillo interior en la cinturilla en el lado derecho al llevarlo, aberturas laterales abiertas para mayor comodidad. Composici\u00f3n: 92% poli\u00e9ster, 8% elastano.\n\n- Composici\u00f3n: 92% poli\u00e9ster\n- Composici\u00f3n: 8% elastano\n- Cinturilla el\u00e1stica, cord\u00f3n plano\n- Bolsillo interior, aberturas laterales","it":"Gli Short Running Homme pantaloncini in materiale elasticizzato con vita elasticizzata e cordino piatto. Tasca interna in vita sul lato destro quando indossati, spacchi laterali aperti per libert\u00e0 di movimento. Composizione: 92% poliestere, 8% elastan.\n\n- Composizione: 92% poliestere\n- Composizione: 8% elastan\n- Vita elasticizzata, cordino piatto\n- Tasca interna, spacchi laterali","sv":"Short Running Homme shorts i stretchmaterial med elastisk midja och platt dragsko. Innerficka i midjan p\u00e5 h\u00f6ger sida vid anv\u00e4ndning, \u00f6ppna sidosprund f\u00f6r r\u00f6relsefrihet. Sammans\u00e4ttning: 92% polyester, 8% elastan.\n\n- Sammans\u00e4ttning: 92% polyester\n- Sammans\u00e4ttning: 8% elastan\n- Elastisk midja, platt dragsko\n- Innerficka, sidosprund","pt":"Os Short Running Homme cal\u00e7\u00f5es em material el\u00e1stico com cintura el\u00e1stica e cord\u00e3o de ajuste plano. Bolso interior na cintura do lado direito quando usado, aberturas laterais abertas para maior liberdade de movimentos. Composi\u00e7\u00e3o: 92% poli\u00e9ster, 8% elastano.\n\n- Composi\u00e7\u00e3o: 92% poli\u00e9ster\n- Composi\u00e7\u00e3o: 8% elastano\n- Cintura el\u00e1stica, cord\u00e3o plano\n- Bolso interior, aberturas laterais","da":"Short Running Homme shorts i str\u00e6kbart materiale med elastisk linning og flad sn\u00f8re. Indvendig lomme i linningen i h\u00f8jre side ved brug, \u00e5bne sideslidser for bev\u00e6gelsesfrihed. Sammens\u00e6tning: 92% polyester, 8% elastan.\n\n- Sammens\u00e6tning: 92% polyester\n- Sammens\u00e6tning: 8% elastan\n- Elastisk linning, flad sn\u00f8re\n- Indvendig lomme, sideslidser","pl":"Short Running Homme szorty z elastycznego materia\u0142u z elastycznym pasem i p\u0142askim sznurkiem \u015bci\u0105gaj\u0105cym. Wewn\u0119trzna kiesze\u0144 w pasie po prawej stronie podczas noszenia, otwarte boczne rozci\u0119cia dla swobody. Sk\u0142ad: 92% poliester, 8% elastan.\n\n- Sk\u0142ad: 92% poliester\n- Sk\u0142ad: 8% elastan\n- Elastyczny pas, p\u0142aski sznurek\n- Wewn\u0119trzna kiesze\u0144, boczne rozci\u0119cia"},"h1":{"fr":"Short Running Homme Short pa1033","en":"Short Running Homme Shorts pa1033","de":"Short Running Homme Shorts pa1033","nl":"Short Running Homme Short pa1033","es":"Short Running Homme Pantal\u00f3n corto pa1033","it":"Short Running Homme Pantaloncini pa1033","sv":"Short Running Homme Shorts pa1033","pt":"Short Running Homme Cal\u00e7\u00f5es pa1033","da":"Short Running Homme Shorts pa1033","pl":"Short Running Homme Szorty pa1033"},"meta_description":{"fr":"Short running homme en mati\u00e8re extensible avec ceinture \u00e9lastiqu\u00e9e, cordon de serrage plat, poche int\u00e9rieure et fentes lat\u00e9rales pour l'aisance.","en":"Men's running shorts in stretch fabric with an elasticated waistband, flat drawcord, inner pocket and side slits for ease of movement.","de":"Short running homme aus dehnbarem Material mit elastischem Bund, flachem Kordelzug, Innentasche und seitlichen Schlitzen f\u00fcr Bewegungsfreiheit.","nl":"Short running homme in rekbare stof met elastische tailleband, plat aantrekkoord, binnenzak en zijsplitten voor bewegingsvrijheid.","es":"Short running homme de material el\u00e1stico con cinturilla el\u00e1stica, cord\u00f3n de ajuste plano, bolsillo interior y aberturas laterales para mayor comodidad.","it":"Short running homme in materiale elasticizzato con vita elasticizzata, cordino piatto, tasca interna e spacchi laterali per libert\u00e0 di movimento.","sv":"Short running homme i stretchmaterial med elastisk midja, platt dragsko, innerficka och sidosprund f\u00f6r r\u00f6relsefrihet.","pt":"Short running homme em material el\u00e1stico com cintura el\u00e1stica, cord\u00e3o de ajuste plano, bolso interior e aberturas laterais para maior liberdade de movimentos.","da":"Short running homme i str\u00e6kbart materiale med elastisk linning, flad sn\u00f8re, indvendig lomme og sideslidser for bev\u00e6gelsesfrihed.","pl":"Short running homme z elastycznego materia\u0142u z elastycznym pasem, p\u0142askim sznurkiem \u015bci\u0105gaj\u0105cym, wewn\u0119trzn\u0105 kieszeni\u0105 i bocznymi rozci\u0119ciami dla swobody."}},"custom":{"title":{"fr":"Short running ProAct pa1033 personnalisable","en":"Short running ProAct pa1033 customizable","de":"Short running ProAct pa1033 anpassbar","nl":"Short running ProAct pa1033 aanpasbaar","es":"Short running ProAct pa1033 personalizable","it":"Short running ProAct pa1033 personalizzabile","sv":"Short running ProAct pa1033 anpassningsbar","pt":"Short running ProAct pa1033 personaliz\u00e1vel","da":"Short running ProAct pa1033 tilpasselig","pl":"Short running ProAct pa1033 do personalizacji"},"description":{"fr":"Le short running homme est con\u00e7u en mati\u00e8re extensible avec une ceinture \u00e9lastiqu\u00e9e munie d'un cordon de serrage plat. Il dispose d'une petite poche int\u00e9rieure \u00e0 la ceinture c\u00f4t\u00e9 droit et de deux fentes lat\u00e9rales ouvertes avec finition double aiguille sur le bas. Composition : 92% polyester, 8% \u00e9lasthanne.\n\n- Composition 92% polyester 8% \u00e9lasthanne\n- Ceinture \u00e9lastiqu\u00e9e avec cordon plat\n- Petite poche int\u00e9rieure c\u00f4t\u00e9 droit\n- Fentes lat\u00e9rales ouvertes doubl\u00e9es\n- Possibilit\u00e9 de personnaliser","en":"The men's running shorts are made of stretch fabric with an elastic waistband featuring a flat drawstring. They have a small inner pocket on the right waistband and two open side slits with double-stitched finishing at the bottom. Composition: 92% polyester, 8% elastane.\n\n- Composition 92% polyester 8% elastane\n- Elastic waistband with flat drawstring\n- Small inner pocket on right side\n- Open lined side slits\n- Customizable option","de":"Der short running homme ist aus dehnbarem Material gefertigt mit einem elastischen Bund und flachem Kordelzug. Er verf\u00fcgt \u00fcber eine kleine Innentasche am rechten Bund und zwei offene seitliche Schlitze mit doppelter Steppnaht am Saum. Zusammensetzung: 92% Polyester, 8% Elasthan.\n\n- Zusammensetzung 92% Polyester 8% Elasthan\n- Elastischer Bund mit flachem Kordelzug\n- Kleine Innentasche rechts\n- Ge\u00f6ffnete seitliche Schlitze mit Futter\n- Anpassbar","nl":"De short running homme is gemaakt van rekbare stof met een elastische tailleband voorzien van een platte trekkoord. Het heeft een klein binnenzakje aan de rechterkant van de taille en twee open zijsplitten met dubbele zoomafwerking aan de onderkant. Samenstelling: 92% polyester, 8% elastaan.\n\n- Samenstelling 92% polyester 8% elastaan\n- Elastische tailleband met platte trekkoord\n- Klein binnenzakje aan rechterzijde\n- Open, gevoerde zijsplitten\n- Mogelijkheid tot personalisatie","es":"El short running hombre est\u00e1 confeccionado en tejido el\u00e1stico con cinturilla el\u00e1stica provista de un cord\u00f3n plano. Dispone de un peque\u00f1o bolsillo interior en la cinturilla del lado derecho y dos aberturas laterales con acabado de doble pespunte en la parte inferior. Composici\u00f3n : 92% poli\u00e9ster, 8% elastano.\n\n- Composici\u00f3n 92% poli\u00e9ster 8% elastano\n- Cinturilla el\u00e1stica con cord\u00f3n plano\n- Peque\u00f1o bolsillo interior lado derecho\n- Aberturas laterales dobles\n- Posibilidad de personalizar","it":"Lo short running uomo \u00e8 realizzato in materiale elasticizzato con cintura elastica dotata di coulisse piatta. Dispone di una piccola tasca interna sulla cintura lato destro e di due spacchi laterali aperti con finitura doppia cucitura sul fondo. Composizione : 92% poliestere, 8% elastan.\n\n- Composizione 92% poliestere 8% elastan\n- Cintura elastica con coulisse piatta\n- Piccola tasca interna lato destro\n- Spacchi laterali aperti doppi\n- Possibilit\u00e0 di personalizzare","sv":"short running homme \u00e4r tillverkad i stretchmaterial med elastisk midja med platt dragsko. Den har en liten innerficka vid midjan p\u00e5 h\u00f6ger sida och tv\u00e5 \u00f6ppna sidslitsar med dubbelsticksavslut nedtill. Sammans\u00e4ttning: 92% polyester, 8% elastan.\n\n- Sammans\u00e4ttning 92% polyester 8% elastan\n- Elastisk midja med platt dragsko\n- Liten innerficka p\u00e5 h\u00f6ger sida\n- \u00d6ppna dobbelstickade sidslitsar\n- M\u00f6jlighet till anpassning","pt":"O short running homem \u00e9 feito em material el\u00e1stico com cintura el\u00e1stica equipada com cord\u00e3o de aperto plano. Possui um pequeno bolso interno na cintura do lado direito e duas aberturas laterais abertas com acabamento de costura dupla na barra.\n\n- Composi\u00e7\u00e3o 92% poli\u00e9ster 8% elastano\n- Cintura el\u00e1stica com cord\u00e3o plano\n- Pequeno bolso interno do lado direito\n- Aberturas laterais abertas com forro\n- Possibilidade de personaliza\u00e7\u00e3o","da":"short running homme er lavet i str\u00e6kbart materiale med elastisk taljeb\u00e5nd med flad snor. Den har en lille inderlomme ved taljen p\u00e5 h\u00f8jre side og to \u00e5bne sideslidser med dobbelt stikning forneden. Sammens\u00e6tning: 92% polyester, 8% elastan.\n\n- Sammens\u00e6tning 92% polyester 8% elastan\n- Elastisk taljeb\u00e5nd med flad snor\n- Lille inderlomme p\u00e5 h\u00f8jre side\n- \u00c5bne sideslidser med dobbelte syninger\n- Mulighed for tilpasning","pl":"short running homme wykonany z materia\u0142u elastycznego z elastycznym pasem z p\u0142askim sznurkiem do regulacji. Posiada ma\u0142\u0105 kiesze\u0144 wewn\u0119trzn\u0105 po prawej stronie pasa oraz dwa otwarte boczne rozci\u0119cia z podw\u00f3jnym szwem na dole. Sk\u0142ad : 92% poliester, 8% elastan.\n\n- Sk\u0142ad 92% poliester 8% elastan\n- Elastyczny pas ze sznurkiem p\u0142askim\n- Ma\u0142a kiesze\u0144 wewn\u0119trzna po prawej stronie\n- Otwarty podw\u00f3jnie podszyty boczny rozci\u0119cie\n- Mo\u017cliwo\u015b\u0107 personalizacji"},"h1":{"fr":"Short running pa1033 personnalisable","en":"Short running pa1033 customizable","de":"Short running pa1033 anpassbar","nl":"Short running pa1033 aanpasbaar","es":"Short running pa1033 personalizable","it":"Short running pa1033 personalizzabile","sv":"Short running pa1033 anpassningsbar","pt":"Short running pa1033 personaliz\u00e1vel","da":"Short running pa1033 tilpasselig","pl":"Short running pa1033 do personalizacji"},"meta_description":{"fr":"Short running homme en mati\u00e8re extensible avec ceinture \u00e9lastiqu\u00e9e et cordon de serrage plat, \u00e9quip\u00e9 de poche int\u00e9rieure et fentes lat\u00e9rales.","en":"Men's running shorts in stretch fabric with elastic waistband and flat drawstring, equipped with inner pocket and side slits.","de":"Short running homme aus dehnbarem Material mit elastischem Bund und flachem Kordelzug, ausgestattet mit einer Innentasche und seitlichen Schlitzen.","nl":"Short running homme gemaakt van rekbare stof met elastische tailleband en platte trekkoord, voorzien van een binnenzak en open zijsplitten.","es":"Short running hombre en tejido el\u00e1stico con cinturilla el\u00e1stica y cord\u00f3n plano, equipado con bolsillo interior y aberturas laterales.","it":"Short running uomo in materiale elasticizzato con cintura elastica e coulisse piatta, dotato di tasca interna e spacchi laterali.","sv":"Short running homme i stretchmaterial med elastisk midja och platt dragsko, utrustad med innerficka och sidslitsar.","pt":"Short running homem em material el\u00e1stico com cintura el\u00e1stica e cord\u00e3o de aperto plano, equipado com bolso interno e aberturas laterais.","da":"Short running homme i str\u00e6kbart materiale med elastisk taljeb\u00e5nd og flad snor, udstyret med inderlomme og \u00e5bne sideslidser.","pl":"Short running homme z materia\u0142u elastycznego z elastycznym pasem i p\u0142askim sznurkiem do regulacji, wyposa\u017cony w kiesze\u0144 wewn\u0119trzn\u0105 i boczne rozci\u0119cia."}}},"categories":[{"id":76,"name":"Shorts","singular":"Short","is_feminin":false},{"id":560,"name":"Sports et Loisirs","singular":"Sport et Loisir","is_feminin":false},{"id":498,"name":"Pantalons et shorts","singular":"Pantalon, short","is_feminin":false},{"id":559,"name":"Univers","singular":"Univers","is_feminin":false},{"id":354,"name":"Textile","singular":"Textile","is_feminin":false}],"certifications":[{"id":1,"label":"OEKO-TEX 100","logo_link":"\/images\/certifications\/1_OEKO-TEX_100.jpg","is_marking_compatible":false}],"videos":{"fr":[],"en":[],"de":[],"nl":[],"es":[],"it":[],"sv":[],"pt":[],"da":[],"pl":[]},"main_images":{"miniature":"https:\/\/media.th4.com\/aBGjzQR6OBvgzsHonlAQMyZTeVnVoGl0POv-TinMEio\/pr:80\/aHR0cDovL21lZGlhMi5kZXNpZ25wYXJ0bmVyLmZyL2MvcC1ibGFuay1USC8xOTkwMC53ZWJw?v=1751554550","medium":"https:\/\/media.th4.com\/EmkW2cqaTSzN0mkAhow9tUTCfvenR_djbIvrFprj5q0\/pr:550x550greybg\/aHR0cDovL21lZGlhMi5kZXNpZ25wYXJ0bmVyLmZyL2MvcC1ibGFuay1USC8xOTkwMC53ZWJw?v=1751554550","medium_large":"https:\/\/media.th4.com\/fi3sy0OixB1NNk9aHMMFbvLU2o3nU6Uqs1jmSlk1Vbg\/pr:1000x1000greybg\/aHR0cDovL21lZGlhMi5kZXNpZ25wYXJ0bmVyLmZyL2MvcC1ibGFuay1USC8xOTkwMC53ZWJw?v=1751554550","large":"https:\/\/media.th4.com\/ifvf5GZuIwfoqv4U_sGJl_YMGaOtgCt1WGo-N1spqy8\/pr:1920greybg\/aHR0cDovL21lZGlhMi5kZXNpZ25wYXJ0bmVyLmZyL2MvcC1ibGFuay1USC8xOTkwMC53ZWJw?v=1751554550","opengraph":"https:\/\/media.th4.com\/nMwcVwYZWDEo2qlYeFJry2TmZE2t9LuPeyr8uWYuUlA\/pr:1200x630greybg\/aHR0cDovL21lZGlhMi5kZXNpZ25wYXJ0bmVyLmZyL2MvcC1ibGFuay1USC8xOTkwMC53ZWJw?v=1751554550"},"main_images_customization":{"miniature":"https:\/\/media.th4.com\/ACw4TWj-TmnaN2VOJQxZF81xrX62W_VP6xuMXpLff34\/pr:80\/aHR0cDovL21lZGlhMi5kZXNpZ25wYXJ0bmVyLmZyL2MvcC1jdXN0b20tVEgvMTk5MDAud2VicA?v=1751554558","medium":"https:\/\/media.th4.com\/GBLCzI5DvR6NnJD6y1dVbpNWoyUMErEBZFwYhQo9xFE\/pr:550x550greybg\/aHR0cDovL21lZGlhMi5kZXNpZ25wYXJ0bmVyLmZyL2MvcC1jdXN0b20tVEgvMTk5MDAud2VicA?v=1751554558","medium_large":"https:\/\/media.th4.com\/dJpagUGDyGMiQ9FGvgMdk0xbLApfW6-kGj6dXBuIjRI\/pr:1000x1000greybg\/aHR0cDovL21lZGlhMi5kZXNpZ25wYXJ0bmVyLmZyL2MvcC1jdXN0b20tVEgvMTk5MDAud2VicA?v=1751554558","large":"https:\/\/media.th4.com\/c8VpdqetirmYQWr_byZLCssQCshlU9qWTOTMOPpcWoE\/pr:1920greybg\/aHR0cDovL21lZGlhMi5kZXNpZ25wYXJ0bmVyLmZyL2MvcC1jdXN0b20tVEgvMTk5MDAud2VicA?v=1751554558","opengraph":"https:\/\/media.th4.com\/5IuTuT5-MRNc9a57pq8SIIprdUOKIgOAgMSJH6KUZa8\/pr:1200x630greybg\/aHR0cDovL21lZGlhMi5kZXNpZ25wYXJ0bmVyLmZyL2MvcC1jdXN0b20tVEgvMTk5MDAud2VicA?v=1751554558"},"page_links":{"fr":"\/fr\/p-pr-pa1033-short-running-homme-short-pa1033-19900\/","en":"\/en\/p-pr-pa1033-short-running-homme-shorts-pa1033-19900\/","de":"\/de\/p-pr-pa1033-short-running-homme-shorts-pa1033-19900\/","nl":"\/nl\/p-pr-pa1033-short-running-homme-short-pa1033-19900\/","es":"\/es\/p-pr-pa1033-short-running-homme-pantalon-corto-pa1033-19900\/","it":"\/it\/p-pr-pa1033-short-running-homme-pantaloncini-pa1033-19900\/","sv":"\/sv\/p-pr-pa1033-short-running-homme-shorts-pa1033-19900\/","pt":"\/pt\/p-pr-pa1033-short-running-homme-calcoes-pa1033-19900\/","da":"\/da\/p-pr-pa1033-short-running-homme-shorts-pa1033-19900\/","pl":"\/pl\/p-pr-pa1033-short-running-homme-szorty-pa1033-19900\/"},"page_links_customization":{"fr":"\/fr\/p-pr-pa1033-short-running-pa1033-personnalisable-19900\/custom\/","en":"\/en\/p-pr-pa1033-short-running-pa1033-customizable-19900\/custom\/","de":"\/de\/p-pr-pa1033-short-running-pa1033-anpassbar-19900\/custom\/","nl":"\/nl\/p-pr-pa1033-short-running-pa1033-aanpasbaar-19900\/custom\/","es":"\/es\/p-pr-pa1033-short-running-pa1033-personalizable-19900\/custom\/","it":"\/it\/p-pr-pa1033-short-running-pa1033-personalizzabile-19900\/custom\/","sv":"\/sv\/p-pr-pa1033-short-running-pa1033-anpassningsbar-19900\/custom\/","pt":"\/pt\/p-pr-pa1033-short-running-pa1033-personalizavel-19900\/custom\/","da":"\/da\/p-pr-pa1033-short-running-pa1033-tilpasselig-19900\/custom\/","pl":"\/pl\/p-pr-pa1033-short-running-pa1033-do-personalizacji-19900\/custom\/"},"equivalent_products":[],"colors":[{"id":1639,"name":"black","class_ids":[4],"codes_hexa":["1a1a18"],"delai_24":false,"has_3d":false,"seuil_global":0,"stock_local":0,"stock_global":4881,"on_standby":false,"in_catalog":true,"images":{"miniature":["https:\/\/media.th4.com\/t7SYYIc6XDrmI8M7FXmfj9l6REWGzeQOYSi6pxdGzu8\/pr:80\/aHR0cDovL21lZGlhMi5kZXNpZ25wYXJ0bmVyLmZyL2MvcC8xOTkwMC8xOTkwMC0xNjM5LTEud2VicA?v=1751554482","https:\/\/media.th4.com\/yBaSjr86dJrsagoD7SJyGBmvUhFzPqTZWpQwEskREAM\/pr:80\/aHR0cDovL21lZGlhMi5kZXNpZ25wYXJ0bmVyLmZyL2MvcC8xOTkwMC8xOTkwMC0xNjM5LTIud2VicA?v=1751554482","https:\/\/media.th4.com\/YbzRMY1oxTnwt6ANf-SGKHSRKbFDpcL8D6Iik7GSCQM\/pr:80\/aHR0cDovL21lZGlhMi5kZXNpZ25wYXJ0bmVyLmZyL2MvcC8xOTkwMC8xOTkwMC0xNjM5LTMud2VicA?v=1751554482"],"medium":["https:\/\/media.th4.com\/G8yAxYUV_g8PLR3tcRO_UMXrbVmklOXBMVzlBue5SQQ\/pr:550x550\/aHR0cDovL21lZGlhMi5kZXNpZ25wYXJ0bmVyLmZyL2MvcC8xOTkwMC8xOTkwMC0xNjM5LTEud2VicA?v=1751554482","https:\/\/media.th4.com\/oV9psJyOOtpiD7J35K5OKM6XMiR6-rA_x_6Bd1rRBWA\/pr:550x550\/aHR0cDovL21lZGlhMi5kZXNpZ25wYXJ0bmVyLmZyL2MvcC8xOTkwMC8xOTkwMC0xNjM5LTIud2VicA?v=1751554482","https:\/\/media.th4.com\/kaoHHZn3ByNhXZYB46IweSnEfMnT7eAbn4GqxNl2qOU\/pr:550x550\/aHR0cDovL21lZGlhMi5kZXNpZ25wYXJ0bmVyLmZyL2MvcC8xOTkwMC8xOTkwMC0xNjM5LTMud2VicA?v=1751554482"],"medium_large":["https:\/\/media.th4.com\/aHSkHufik0p1_4-Xey-K6gVfy4Nwf5OY0EI9XRzuE-4\/pr:1000x1000\/aHR0cDovL21lZGlhMi5kZXNpZ25wYXJ0bmVyLmZyL2MvcC8xOTkwMC8xOTkwMC0xNjM5LTEud2VicA?v=1751554482","https:\/\/media.th4.com\/GuqyILFz9j1mooQZ7veQc98RhEFB0U9nPcSBVDdLBvw\/pr:1000x1000\/aHR0cDovL21lZGlhMi5kZXNpZ25wYXJ0bmVyLmZyL2MvcC8xOTkwMC8xOTkwMC0xNjM5LTIud2VicA?v=1751554482","https:\/\/media.th4.com\/30jPt3CAGdCQeOgQUAbjy5UZmp4GQcgj-xgqxXJXT78\/pr:1000x1000\/aHR0cDovL21lZGlhMi5kZXNpZ25wYXJ0bmVyLmZyL2MvcC8xOTkwMC8xOTkwMC0xNjM5LTMud2VicA?v=1751554482"],"large":["https:\/\/media.th4.com\/dBRJrWQXfEd3pBvK3BvV6H1Je_zVP2a4Uy4rQwczGWw\/pr:1920\/aHR0cDovL21lZGlhMi5kZXNpZ25wYXJ0bmVyLmZyL2MvcC8xOTkwMC8xOTkwMC0xNjM5LTEud2VicA?v=1751554482","https:\/\/media.th4.com\/dTIDMK-GhSHZFd7ULSAydBp8ZHlgjEpnizIxxRyl85w\/pr:1920\/aHR0cDovL21lZGlhMi5kZXNpZ25wYXJ0bmVyLmZyL2MvcC8xOTkwMC8xOTkwMC0xNjM5LTIud2VicA?v=1751554482","https:\/\/media.th4.com\/-_a2dSy7jAhIyaTBlBLHgc2B8MfBPn2GQD-7NY-qeHU\/pr:1920\/aHR0cDovL21lZGlhMi5kZXNpZ25wYXJ0bmVyLmZyL2MvcC8xOTkwMC8xOTkwMC0xNjM5LTMud2VicA?v=1751554482"],"opengraph":["https:\/\/media.th4.com\/xqBqevQo11thGGZ_uaKTO5wMbd2J9_IpAtsiDKbg8A4\/pr:1200x630\/aHR0cDovL21lZGlhMi5kZXNpZ25wYXJ0bmVyLmZyL2MvcC8xOTkwMC8xOTkwMC0xNjM5LTEud2VicA?v=1751554482","https:\/\/media.th4.com\/pvMBqiiRyBUmJ1bSZG5RKstwcpsXo9otlPm8JeQghdA\/pr:1200x630\/aHR0cDovL21lZGlhMi5kZXNpZ25wYXJ0bmVyLmZyL2MvcC8xOTkwMC8xOTkwMC0xNjM5LTIud2VicA?v=1751554482","https:\/\/media.th4.com\/RKfMPQctZtxOe80PPvAiTLMni58AsA0JBsk7ytswd2k\/pr:1200x630\/aHR0cDovL21lZGlhMi5kZXNpZ25wYXJ0bmVyLmZyL2MvcC8xOTkwMC8xOTkwMC0xNjM5LTMud2VicA?v=1751554482"]},"images_customization":{"miniature":["https:\/\/media.th4.com\/t7SYYIc6XDrmI8M7FXmfj9l6REWGzeQOYSi6pxdGzu8\/pr:80\/aHR0cDovL21lZGlhMi5kZXNpZ25wYXJ0bmVyLmZyL2MvcC8xOTkwMC8xOTkwMC0xNjM5LTEud2VicA?v=1751554482","https:\/\/media.th4.com\/yBaSjr86dJrsagoD7SJyGBmvUhFzPqTZWpQwEskREAM\/pr:80\/aHR0cDovL21lZGlhMi5kZXNpZ25wYXJ0bmVyLmZyL2MvcC8xOTkwMC8xOTkwMC0xNjM5LTIud2VicA?v=1751554482","https:\/\/media.th4.com\/YbzRMY1oxTnwt6ANf-SGKHSRKbFDpcL8D6Iik7GSCQM\/pr:80\/aHR0cDovL21lZGlhMi5kZXNpZ25wYXJ0bmVyLmZyL2MvcC8xOTkwMC8xOTkwMC0xNjM5LTMud2VicA?v=1751554482"],"medium":["https:\/\/media.th4.com\/G8yAxYUV_g8PLR3tcRO_UMXrbVmklOXBMVzlBue5SQQ\/pr:550x550\/aHR0cDovL21lZGlhMi5kZXNpZ25wYXJ0bmVyLmZyL2MvcC8xOTkwMC8xOTkwMC0xNjM5LTEud2VicA?v=1751554482","https:\/\/media.th4.com\/oV9psJyOOtpiD7J35K5OKM6XMiR6-rA_x_6Bd1rRBWA\/pr:550x550\/aHR0cDovL21lZGlhMi5kZXNpZ25wYXJ0bmVyLmZyL2MvcC8xOTkwMC8xOTkwMC0xNjM5LTIud2VicA?v=1751554482","https:\/\/media.th4.com\/kaoHHZn3ByNhXZYB46IweSnEfMnT7eAbn4GqxNl2qOU\/pr:550x550\/aHR0cDovL21lZGlhMi5kZXNpZ25wYXJ0bmVyLmZyL2MvcC8xOTkwMC8xOTkwMC0xNjM5LTMud2VicA?v=1751554482"],"medium_large":["https:\/\/media.th4.com\/aHSkHufik0p1_4-Xey-K6gVfy4Nwf5OY0EI9XRzuE-4\/pr:1000x1000\/aHR0cDovL21lZGlhMi5kZXNpZ25wYXJ0bmVyLmZyL2MvcC8xOTkwMC8xOTkwMC0xNjM5LTEud2VicA?v=1751554482","https:\/\/media.th4.com\/GuqyILFz9j1mooQZ7veQc98RhEFB0U9nPcSBVDdLBvw\/pr:1000x1000\/aHR0cDovL21lZGlhMi5kZXNpZ25wYXJ0bmVyLmZyL2MvcC8xOTkwMC8xOTkwMC0xNjM5LTIud2VicA?v=1751554482","https:\/\/media.th4.com\/30jPt3CAGdCQeOgQUAbjy5UZmp4GQcgj-xgqxXJXT78\/pr:1000x1000\/aHR0cDovL21lZGlhMi5kZXNpZ25wYXJ0bmVyLmZyL2MvcC8xOTkwMC8xOTkwMC0xNjM5LTMud2VicA?v=1751554482"],"large":["https:\/\/media.th4.com\/dBRJrWQXfEd3pBvK3BvV6H1Je_zVP2a4Uy4rQwczGWw\/pr:1920\/aHR0cDovL21lZGlhMi5kZXNpZ25wYXJ0bmVyLmZyL2MvcC8xOTkwMC8xOTkwMC0xNjM5LTEud2VicA?v=1751554482","https:\/\/media.th4.com\/dTIDMK-GhSHZFd7ULSAydBp8ZHlgjEpnizIxxRyl85w\/pr:1920\/aHR0cDovL21lZGlhMi5kZXNpZ25wYXJ0bmVyLmZyL2MvcC8xOTkwMC8xOTkwMC0xNjM5LTIud2VicA?v=1751554482","https:\/\/media.th4.com\/-_a2dSy7jAhIyaTBlBLHgc2B8MfBPn2GQD-7NY-qeHU\/pr:1920\/aHR0cDovL21lZGlhMi5kZXNpZ25wYXJ0bmVyLmZyL2MvcC8xOTkwMC8xOTkwMC0xNjM5LTMud2VicA?v=1751554482"],"opengraph":["https:\/\/media.th4.com\/xqBqevQo11thGGZ_uaKTO5wMbd2J9_IpAtsiDKbg8A4\/pr:1200x630\/aHR0cDovL21lZGlhMi5kZXNpZ25wYXJ0bmVyLmZyL2MvcC8xOTkwMC8xOTkwMC0xNjM5LTEud2VicA?v=1751554482","https:\/\/media.th4.com\/pvMBqiiRyBUmJ1bSZG5RKstwcpsXo9otlPm8JeQghdA\/pr:1200x630\/aHR0cDovL21lZGlhMi5kZXNpZ25wYXJ0bmVyLmZyL2MvcC8xOTkwMC8xOTkwMC0xNjM5LTIud2VicA?v=1751554482","https:\/\/media.th4.com\/RKfMPQctZtxOe80PPvAiTLMni58AsA0JBsk7ytswd2k\/pr:1200x630\/aHR0cDovL21lZGlhMi5kZXNpZ25wYXJ0bmVyLmZyL2MvcC8xOTkwMC8xOTkwMC0xNjM5LTMud2VicA?v=1751554482"]},"country_origin":"CN","traceability":{"manufacturing_country_id":null,"weaving_country_id":null,"dyeing_country_id":null},"sizes":[{"id":5,"article_id":505955,"class_id":2,"name":"XS","on_standby":false,"stock_local":0,"stock_global":9,"multiple":1,"estimated_date_reassort":null,"is_destocking":false},{"id":3,"article_id":505956,"class_id":3,"name":"S","on_standby":false,"stock_local":0,"stock_global":667,"multiple":1,"estimated_date_reassort":null,"is_destocking":false},{"id":2,"article_id":505957,"class_id":4,"name":"M","on_standby":false,"stock_local":0,"stock_global":1502,"multiple":1,"estimated_date_reassort":null,"is_destocking":false},{"id":1,"article_id":505958,"class_id":5,"name":"L","on_standby":false,"stock_local":0,"stock_global":1710,"multiple":1,"estimated_date_reassort":null,"is_destocking":false},{"id":4,"article_id":505959,"class_id":6,"name":"XL","on_standby":false,"stock_local":0,"stock_global":701,"multiple":1,"estimated_date_reassort":null,"is_destocking":false},{"id":1116,"article_id":505960,"class_id":7,"name":"2XL","on_standby":false,"stock_local":0,"stock_global":204,"multiple":1,"estimated_date_reassort":null,"is_destocking":false},{"id":1081,"article_id":505961,"class_id":8,"name":"3XL","on_standby":false,"stock_local":0,"stock_global":88,"multiple":1,"estimated_date_reassort":null,"is_destocking":false}],"page_links":{"fr":"\/fr\/p-pr-pa1033-short-running-homme-short-pa1033-19900\/black-1639\/","en":"\/en\/p-pr-pa1033-short-running-homme-shorts-pa1033-19900\/black-1639\/","de":"\/de\/p-pr-pa1033-short-running-homme-shorts-pa1033-19900\/black-1639\/","nl":"\/nl\/p-pr-pa1033-short-running-homme-short-pa1033-19900\/black-1639\/","es":"\/es\/p-pr-pa1033-short-running-homme-pantalon-corto-pa1033-19900\/black-1639\/","it":"\/it\/p-pr-pa1033-short-running-homme-pantaloncini-pa1033-19900\/black-1639\/","sv":"\/sv\/p-pr-pa1033-short-running-homme-shorts-pa1033-19900\/black-1639\/","pt":"\/pt\/p-pr-pa1033-short-running-homme-calcoes-pa1033-19900\/black-1639\/","da":"\/da\/p-pr-pa1033-short-running-homme-shorts-pa1033-19900\/black-1639\/","pl":"\/pl\/p-pr-pa1033-short-running-homme-szorty-pa1033-19900\/black-1639\/"},"page_links_customization":{"fr":"\/fr\/p-pr-pa1033-short-running-pa1033-personnalisable-19900\/black-1639\/custom\/","en":"\/en\/p-pr-pa1033-short-running-pa1033-customizable-19900\/black-1639\/custom\/","de":"\/de\/p-pr-pa1033-short-running-pa1033-anpassbar-19900\/black-1639\/custom\/","nl":"\/nl\/p-pr-pa1033-short-running-pa1033-aanpasbaar-19900\/black-1639\/custom\/","es":"\/es\/p-pr-pa1033-short-running-pa1033-personalizable-19900\/black-1639\/custom\/","it":"\/it\/p-pr-pa1033-short-running-pa1033-personalizzabile-19900\/black-1639\/custom\/","sv":"\/sv\/p-pr-pa1033-short-running-pa1033-anpassningsbar-19900\/black-1639\/custom\/","pt":"\/pt\/p-pr-pa1033-short-running-pa1033-personalizavel-19900\/black-1639\/custom\/","da":"\/da\/p-pr-pa1033-short-running-pa1033-tilpasselig-19900\/black-1639\/custom\/","pl":"\/pl\/p-pr-pa1033-short-running-pa1033-do-personalizacji-19900\/black-1639\/custom\/"}},{"id":1640,"name":"navy","class_ids":[2],"codes_hexa":["012942"],"delai_24":false,"has_3d":false,"seuil_global":0,"stock_local":0,"stock_global":2577,"on_standby":false,"in_catalog":true,"images":{"miniature":["https:\/\/media.th4.com\/5JkMTFHRqi1WNNKjboLZYn0y-doRCfXLFE_V27Ri5lY\/pr:80\/aHR0cDovL21lZGlhMi5kZXNpZ25wYXJ0bmVyLmZyL2MvcC8xOTkwMC8xOTkwMC0xNjQwLTEud2VicA?v=1751554482","https:\/\/media.th4.com\/zHde2srWQesvFA-sBOyHH1zk6ZITtJQJsofocTSyX3M\/pr:80\/aHR0cDovL21lZGlhMi5kZXNpZ25wYXJ0bmVyLmZyL2MvcC8xOTkwMC8xOTkwMC0xNjQwLTIud2VicA?v=1751554482","https:\/\/media.th4.com\/O2pU5HGFwCKs2H9YJ1CyzFgIH6b81Z8hE8SqtPxy8u0\/pr:80\/aHR0cDovL21lZGlhMi5kZXNpZ25wYXJ0bmVyLmZyL2MvcC8xOTkwMC8xOTkwMC0xNjQwLTMud2VicA?v=1751554482"],"medium":["https:\/\/media.th4.com\/TyVlrSXlUzkgmx8omRPBhvu5gNG24I2R1fE0APriaRU\/pr:550x550\/aHR0cDovL21lZGlhMi5kZXNpZ25wYXJ0bmVyLmZyL2MvcC8xOTkwMC8xOTkwMC0xNjQwLTEud2VicA?v=1751554482","https:\/\/media.th4.com\/bdF77E7DvdSf0nsSq_PaMUiRElzIWMrB5wVk4fnukrQ\/pr:550x550\/aHR0cDovL21lZGlhMi5kZXNpZ25wYXJ0bmVyLmZyL2MvcC8xOTkwMC8xOTkwMC0xNjQwLTIud2VicA?v=1751554482","https:\/\/media.th4.com\/6OwQ-aH2rsr9tsF8gKOFCmm_4QeSXwi6UmzdaQIng0I\/pr:550x550\/aHR0cDovL21lZGlhMi5kZXNpZ25wYXJ0bmVyLmZyL2MvcC8xOTkwMC8xOTkwMC0xNjQwLTMud2VicA?v=1751554482"],"medium_large":["https:\/\/media.th4.com\/UBT5ihjk60LoQtdvXTZ3zBk_TTjHzFB5vxf1s7nqzCo\/pr:1000x1000\/aHR0cDovL21lZGlhMi5kZXNpZ25wYXJ0bmVyLmZyL2MvcC8xOTkwMC8xOTkwMC0xNjQwLTEud2VicA?v=1751554482","https:\/\/media.th4.com\/3y4qsxLEZMPYC1Mlz_NR4VOCYBeqFEE5jhEgVmO4vRI\/pr:1000x1000\/aHR0cDovL21lZGlhMi5kZXNpZ25wYXJ0bmVyLmZyL2MvcC8xOTkwMC8xOTkwMC0xNjQwLTIud2VicA?v=1751554482","https:\/\/media.th4.com\/S_aehnGS0v-rpR3SyE33o6kcgmlDdU1CCD2QzcUiJlc\/pr:1000x1000\/aHR0cDovL21lZGlhMi5kZXNpZ25wYXJ0bmVyLmZyL2MvcC8xOTkwMC8xOTkwMC0xNjQwLTMud2VicA?v=1751554482"],"large":["https:\/\/media.th4.com\/kncNf_DdFTMnB2tpIScZdX4O48MeCssIRAxH_av8LOo\/pr:1920\/aHR0cDovL21lZGlhMi5kZXNpZ25wYXJ0bmVyLmZyL2MvcC8xOTkwMC8xOTkwMC0xNjQwLTEud2VicA?v=1751554482","https:\/\/media.th4.com\/fpvoLc-qsWkNaMTgUdJCZXZ9VzeAC8uzYLNg-N1sgr4\/pr:1920\/aHR0cDovL21lZGlhMi5kZXNpZ25wYXJ0bmVyLmZyL2MvcC8xOTkwMC8xOTkwMC0xNjQwLTIud2VicA?v=1751554482","https:\/\/media.th4.com\/JHfADnall0xwJAHzSkoXg1zdr2QB_tHZJJwbu3BIFWo\/pr:1920\/aHR0cDovL21lZGlhMi5kZXNpZ25wYXJ0bmVyLmZyL2MvcC8xOTkwMC8xOTkwMC0xNjQwLTMud2VicA?v=1751554482"],"opengraph":["https:\/\/media.th4.com\/T2hHBeQfqopjPWnGIO9Fel3sfgZmrjsC9Bk7u4wrCJc\/pr:1200x630\/aHR0cDovL21lZGlhMi5kZXNpZ25wYXJ0bmVyLmZyL2MvcC8xOTkwMC8xOTkwMC0xNjQwLTEud2VicA?v=1751554482","https:\/\/media.th4.com\/AYjKX-mb1Tp0jvfVzgXPM98hyeVJQB6tUpz43o0SbkM\/pr:1200x630\/aHR0cDovL21lZGlhMi5kZXNpZ25wYXJ0bmVyLmZyL2MvcC8xOTkwMC8xOTkwMC0xNjQwLTIud2VicA?v=1751554482","https:\/\/media.th4.com\/JGJEZGQuBNANdzzBpdQPyrIdwZdcloMd-v2TLuNLZEQ\/pr:1200x630\/aHR0cDovL21lZGlhMi5kZXNpZ25wYXJ0bmVyLmZyL2MvcC8xOTkwMC8xOTkwMC0xNjQwLTMud2VicA?v=1751554482"]},"images_customization":{"miniature":["https:\/\/media.th4.com\/5JkMTFHRqi1WNNKjboLZYn0y-doRCfXLFE_V27Ri5lY\/pr:80\/aHR0cDovL21lZGlhMi5kZXNpZ25wYXJ0bmVyLmZyL2MvcC8xOTkwMC8xOTkwMC0xNjQwLTEud2VicA?v=1751554482","https:\/\/media.th4.com\/zHde2srWQesvFA-sBOyHH1zk6ZITtJQJsofocTSyX3M\/pr:80\/aHR0cDovL21lZGlhMi5kZXNpZ25wYXJ0bmVyLmZyL2MvcC8xOTkwMC8xOTkwMC0xNjQwLTIud2VicA?v=1751554482","https:\/\/media.th4.com\/O2pU5HGFwCKs2H9YJ1CyzFgIH6b81Z8hE8SqtPxy8u0\/pr:80\/aHR0cDovL21lZGlhMi5kZXNpZ25wYXJ0bmVyLmZyL2MvcC8xOTkwMC8xOTkwMC0xNjQwLTMud2VicA?v=1751554482"],"medium":["https:\/\/media.th4.com\/TyVlrSXlUzkgmx8omRPBhvu5gNG24I2R1fE0APriaRU\/pr:550x550\/aHR0cDovL21lZGlhMi5kZXNpZ25wYXJ0bmVyLmZyL2MvcC8xOTkwMC8xOTkwMC0xNjQwLTEud2VicA?v=1751554482","https:\/\/media.th4.com\/bdF77E7DvdSf0nsSq_PaMUiRElzIWMrB5wVk4fnukrQ\/pr:550x550\/aHR0cDovL21lZGlhMi5kZXNpZ25wYXJ0bmVyLmZyL2MvcC8xOTkwMC8xOTkwMC0xNjQwLTIud2VicA?v=1751554482","https:\/\/media.th4.com\/6OwQ-aH2rsr9tsF8gKOFCmm_4QeSXwi6UmzdaQIng0I\/pr:550x550\/aHR0cDovL21lZGlhMi5kZXNpZ25wYXJ0bmVyLmZyL2MvcC8xOTkwMC8xOTkwMC0xNjQwLTMud2VicA?v=1751554482"],"medium_large":["https:\/\/media.th4.com\/UBT5ihjk60LoQtdvXTZ3zBk_TTjHzFB5vxf1s7nqzCo\/pr:1000x1000\/aHR0cDovL21lZGlhMi5kZXNpZ25wYXJ0bmVyLmZyL2MvcC8xOTkwMC8xOTkwMC0xNjQwLTEud2VicA?v=1751554482","https:\/\/media.th4.com\/3y4qsxLEZMPYC1Mlz_NR4VOCYBeqFEE5jhEgVmO4vRI\/pr:1000x1000\/aHR0cDovL21lZGlhMi5kZXNpZ25wYXJ0bmVyLmZyL2MvcC8xOTkwMC8xOTkwMC0xNjQwLTIud2VicA?v=1751554482","https:\/\/media.th4.com\/S_aehnGS0v-rpR3SyE33o6kcgmlDdU1CCD2QzcUiJlc\/pr:1000x1000\/aHR0cDovL21lZGlhMi5kZXNpZ25wYXJ0bmVyLmZyL2MvcC8xOTkwMC8xOTkwMC0xNjQwLTMud2VicA?v=1751554482"],"large":["https:\/\/media.th4.com\/kncNf_DdFTMnB2tpIScZdX4O48MeCssIRAxH_av8LOo\/pr:1920\/aHR0cDovL21lZGlhMi5kZXNpZ25wYXJ0bmVyLmZyL2MvcC8xOTkwMC8xOTkwMC0xNjQwLTEud2VicA?v=1751554482","https:\/\/media.th4.com\/fpvoLc-qsWkNaMTgUdJCZXZ9VzeAC8uzYLNg-N1sgr4\/pr:1920\/aHR0cDovL21lZGlhMi5kZXNpZ25wYXJ0bmVyLmZyL2MvcC8xOTkwMC8xOTkwMC0xNjQwLTIud2VicA?v=1751554482","https:\/\/media.th4.com\/JHfADnall0xwJAHzSkoXg1zdr2QB_tHZJJwbu3BIFWo\/pr:1920\/aHR0cDovL21lZGlhMi5kZXNpZ25wYXJ0bmVyLmZyL2MvcC8xOTkwMC8xOTkwMC0xNjQwLTMud2VicA?v=1751554482"],"opengraph":["https:\/\/media.th4.com\/T2hHBeQfqopjPWnGIO9Fel3sfgZmrjsC9Bk7u4wrCJc\/pr:1200x630\/aHR0cDovL21lZGlhMi5kZXNpZ25wYXJ0bmVyLmZyL2MvcC8xOTkwMC8xOTkwMC0xNjQwLTEud2VicA?v=1751554482","https:\/\/media.th4.com\/AYjKX-mb1Tp0jvfVzgXPM98hyeVJQB6tUpz43o0SbkM\/pr:1200x630\/aHR0cDovL21lZGlhMi5kZXNpZ25wYXJ0bmVyLmZyL2MvcC8xOTkwMC8xOTkwMC0xNjQwLTIud2VicA?v=1751554482","https:\/\/media.th4.com\/JGJEZGQuBNANdzzBpdQPyrIdwZdcloMd-v2TLuNLZEQ\/pr:1200x630\/aHR0cDovL21lZGlhMi5kZXNpZ25wYXJ0bmVyLmZyL2MvcC8xOTkwMC8xOTkwMC0xNjQwLTMud2VicA?v=1751554482"]},"country_origin":"CN","traceability":{"manufacturing_country_id":null,"weaving_country_id":null,"dyeing_country_id":null},"sizes":[{"id":5,"article_id":505962,"class_id":2,"name":"XS","on_standby":false,"stock_local":0,"stock_global":136,"multiple":1,"estimated_date_reassort":null,"is_destocking":false},{"id":3,"article_id":505963,"class_id":3,"name":"S","on_standby":false,"stock_local":0,"stock_global":370,"multiple":1,"estimated_date_reassort":null,"is_destocking":false},{"id":2,"article_id":505964,"class_id":4,"name":"M","on_standby":false,"stock_local":0,"stock_global":1001,"multiple":1,"estimated_date_reassort":null,"is_destocking":false},{"id":1,"article_id":505965,"class_id":5,"name":"L","on_standby":false,"stock_local":0,"stock_global":609,"multiple":1,"estimated_date_reassort":null,"is_destocking":false},{"id":4,"article_id":505966,"class_id":6,"name":"XL","on_standby":false,"stock_local":0,"stock_global":274,"multiple":1,"estimated_date_reassort":null,"is_destocking":false},{"id":1116,"article_id":505967,"class_id":7,"name":"2XL","on_standby":false,"stock_local":0,"stock_global":59,"multiple":1,"estimated_date_reassort":null,"is_destocking":false},{"id":1081,"article_id":505968,"class_id":8,"name":"3XL","on_standby":false,"stock_local":0,"stock_global":128,"multiple":1,"estimated_date_reassort":null,"is_destocking":false}],"page_links":{"fr":"\/fr\/p-pr-pa1033-short-running-homme-short-pa1033-19900\/navy-1640\/","en":"\/en\/p-pr-pa1033-short-running-homme-shorts-pa1033-19900\/navy-1640\/","de":"\/de\/p-pr-pa1033-short-running-homme-shorts-pa1033-19900\/navy-1640\/","nl":"\/nl\/p-pr-pa1033-short-running-homme-short-pa1033-19900\/navy-1640\/","es":"\/es\/p-pr-pa1033-short-running-homme-pantalon-corto-pa1033-19900\/navy-1640\/","it":"\/it\/p-pr-pa1033-short-running-homme-pantaloncini-pa1033-19900\/navy-1640\/","sv":"\/sv\/p-pr-pa1033-short-running-homme-shorts-pa1033-19900\/navy-1640\/","pt":"\/pt\/p-pr-pa1033-short-running-homme-calcoes-pa1033-19900\/navy-1640\/","da":"\/da\/p-pr-pa1033-short-running-homme-shorts-pa1033-19900\/navy-1640\/","pl":"\/pl\/p-pr-pa1033-short-running-homme-szorty-pa1033-19900\/navy-1640\/"},"page_links_customization":{"fr":"\/fr\/p-pr-pa1033-short-running-pa1033-personnalisable-19900\/navy-1640\/custom\/","en":"\/en\/p-pr-pa1033-short-running-pa1033-customizable-19900\/navy-1640\/custom\/","de":"\/de\/p-pr-pa1033-short-running-pa1033-anpassbar-19900\/navy-1640\/custom\/","nl":"\/nl\/p-pr-pa1033-short-running-pa1033-aanpasbaar-19900\/navy-1640\/custom\/","es":"\/es\/p-pr-pa1033-short-running-pa1033-personalizable-19900\/navy-1640\/custom\/","it":"\/it\/p-pr-pa1033-short-running-pa1033-personalizzabile-19900\/navy-1640\/custom\/","sv":"\/sv\/p-pr-pa1033-short-running-pa1033-anpassningsbar-19900\/navy-1640\/custom\/","pt":"\/pt\/p-pr-pa1033-short-running-pa1033-personalizavel-19900\/navy-1640\/custom\/","da":"\/da\/p-pr-pa1033-short-running-pa1033-tilpasselig-19900\/navy-1640\/custom\/","pl":"\/pl\/p-pr-pa1033-short-running-pa1033-do-personalizacji-19900\/navy-1640\/custom\/"}}],"documentation_link":"\/pdf\/19900.pdf","countries_availables":["AD","AE","AL","AT","BA","BD","BE","BG","BL","CA","CH","CN","CO","CY","CZ","DE","DK","DO","EE","EG","ES","ET","FI","FR","GB","GE","GF","GP","GR","GT","HK","HN","HR","HT","HU","ID","IE","IN","IS","IT","JO","JP","KE","KH","KP","KR","LA","LK","LS","LT","LU","LV","MA","MF","MG","MK","MM","MN","MQ","MT","MX","MY","NC","NI","NL","PF","PH","PK","PL","PM","PT","RE","RO","SE","SG","SI","SK","SV","SY","TH","TN","TR","TW","TZ","US","VN","WF","YT"]},"infos_customization":[],"features":{"authorize_multi_surfaces":true,"display_order_delay_type":true,"promote_surface_display":true,"tarification_franco_offert":true,"enabled_3d_editor":false},"markings":[{"id":0,"nom":"vierge","finition":null,"libelle":null,"code":null,"dpi":null,"finesse_forme_isolee":null,"finesse_forme_non_isolee":null,"hauteur_minimale_texte":null,"inactif":0,"marquage_interne":1,"quantite_min":null,"parent_id":null,"print_on_support":0,"content":"vierge","description":null},{"id":2,"nom":"fonce","finition":"optimale","libelle":"TopQuadri","code":null,"dpi":400,"finesse_forme_isolee":"0.040","finesse_forme_non_isolee":"0.700","hauteur_minimale_texte":2,"inactif":0,"marquage_interne":1,"quantite_min":null,"parent_id":18,"print_on_support":0,"content":"TopQuadri","description":"pour petites et moyennes s\u00e9ries"},{"id":3,"nom":"serigraphie","finition":"serigraphie","libelle":"SeriCoat","code":null,"dpi":400,"finesse_forme_isolee":"0.040","finesse_forme_non_isolee":"0.700","hauteur_minimale_texte":2,"inactif":0,"marquage_interne":1,"quantite_min":15,"parent_id":18,"print_on_support":0,"content":"SeriCoat","description":"pour moyennes et grandes s\u00e9ries"},{"id":4,"nom":"broderie","finition":"broderie","libelle":"Broderie","code":null,"dpi":400,"finesse_forme_isolee":"0.040","finesse_forme_non_isolee":"0.700","hauteur_minimale_texte":3,"inactif":0,"marquage_interne":1,"quantite_min":null,"parent_id":null,"print_on_support":0,"content":"Broderie","description":null},{"id":8,"nom":"theme","finition":null,"libelle":"Th\u00e8me","code":null,"dpi":null,"finesse_forme_isolee":null,"finesse_forme_non_isolee":null,"hauteur_minimale_texte":null,"inactif":0,"marquage_interne":1,"quantite_min":null,"parent_id":null,"print_on_support":0,"content":"Th\u00e8me","description":null},{"id":9,"nom":"sans","finition":null,"libelle":null,"code":null,"dpi":null,"finesse_forme_isolee":null,"finesse_forme_non_isolee":null,"hauteur_minimale_texte":null,"inactif":0,"marquage_interne":1,"quantite_min":null,"parent_id":null,"print_on_support":0,"content":"sans","description":null},{"id":10,"nom":"photo","finition":null,"libelle":"Photo","code":null,"dpi":null,"finesse_forme_isolee":null,"finesse_forme_non_isolee":null,"hauteur_minimale_texte":null,"inactif":0,"marquage_interne":1,"quantite_min":null,"parent_id":null,"print_on_support":0,"content":"Photo","description":null},{"id":14,"nom":"couleur","finition":null,"libelle":"Couleur","code":null,"dpi":null,"finesse_forme_isolee":null,"finesse_forme_non_isolee":null,"hauteur_minimale_texte":null,"inactif":0,"marquage_interne":1,"quantite_min":null,"parent_id":null,"print_on_support":0,"content":"Couleur","description":null},{"id":15,"nom":"sublimation","finition":"sublimation","libelle":"Sublimation","code":null,"dpi":null,"finesse_forme_isolee":"0.000","finesse_forme_non_isolee":"0.000","hauteur_minimale_texte":2,"inactif":0,"marquage_interne":1,"quantite_min":null,"parent_id":null,"print_on_support":0,"content":"Sublimation","description":null},{"id":16,"nom":"topquadri_uv","finition":null,"libelle":"TopQuadri UV","code":null,"dpi":null,"finesse_forme_isolee":"0.020","finesse_forme_non_isolee":"0.700","hauteur_minimale_texte":2,"inactif":0,"marquage_interne":1,"quantite_min":null,"parent_id":null,"print_on_support":1,"content":null,"description":null},{"id":17,"nom":"topquadri_uvp","finition":null,"libelle":"TopQuadri UVP","code":null,"dpi":null,"finesse_forme_isolee":"0.020","finesse_forme_non_isolee":"0.700","hauteur_minimale_texte":2,"inactif":0,"marquage_interne":1,"quantite_min":null,"parent_id":null,"print_on_support":1,"content":null,"description":null},{"id":18,"nom":"quadri","finition":null,"libelle":"Impression","code":null,"dpi":null,"finesse_forme_isolee":null,"finesse_forme_non_isolee":null,"hauteur_minimale_texte":null,"inactif":0,"marquage_interne":1,"quantite_min":null,"parent_id":null,"print_on_support":0,"content":null,"description":null}]}}