{"data":{"product":{"id":19899,"titre":"Short \u00e9coresponsable 2 en 1 avec sous short int\u00e9gr\u00e9 homme","description":"Traitement antistatique. Tissu \u00e0 s\u00e9chage rapide. Mati\u00e8re tr\u00e8s confortable facilitant les mouvements. 2 poches devant dont une avec petite poche en jersey. Fentes d'aisance c\u00f4t\u00e9s. Ceinture \u00e9lastiqu\u00e9e avec cordon de serrage plat pouvant \u00eatre plac\u00e9 \u00e0 l'int\u00e9rieur ou \u00e0 l'ext\u00e9rieur de la ceinture par un syst\u00e8me d'\u0153illet double. Sous-short ergonomique avec inserts pour un maximum de confort. 2 bandes maille filet sur les c\u00f4t\u00e9s. Finition double aiguille sur bas de v\u00eatement. Pas d'\u00e9tiquette de marque, uniquement une puce de taille pour faciliter la personnalisation. Composition : 7% \u00e9lasthanne, 93% polyester ; tissu sous-short : 86% polyester recycl\u00e9 post-consumer, 14% \u00e9lasthanne. ","genre":"homme","grammage":85,"conditionnement":50,"composition":"polyester,elasthanne","reference":"pr-pa1032","reference_visible":"pr-pa1032","reference_fabricant":"PA1032","ref_xor":"728062","in_catalog":true,"is_transfer":false,"is_service":false,"on_standby":false,"has_3d":false,"has_size_guide":false,"has_marking":true,"has_vierge":true,"is_cross_sellable":false,"id_picto":91,"filename_3d":null,"brand":{"id":37,"name":"ProAct","logo":"logo-proact.png","image":"https:\/\/media.th4.com\/CKM3LQUaRrAReFrsWSZzr53ir5Wwj7MUz_VC-FY97NA\/pr:brand70x70\/aHR0cDovL21lZGlhMi5kZXNpZ25wYXJ0bmVyLmZyL2MvbS9sb2dvLXByb2FjdC5wbmc"},"price_infos":{"price_from":18.86,"quantity":200,"color":{"id":1640,"name":"navy"},"size":{"id":1,"name":"L"}},"price_infos_marking":{"price_from":23.45,"quantity":500,"color":{"id":1640,"name":"navy"},"size":{"id":1,"name":"L"},"marking":{"id":2,"name":""},"emplacement":"avant","surface_emplacement_id":6438,"surface":"Bas gauche"},"i18n":{"blank":{"title":{"fr":"Short 2 en 1 \u00e9coresponsable PROACT pa1032","en":"Eco-friendly 2-in-1 shorts PROACT pa1032","de":"Nachhaltige 2-in-1-Shorts PROACT pa1032","nl":"Eco-verantwoorde 2-in-1 short PROACT pa1032","es":"Pantal\u00f3n corto 2 en 1 ecorresponsable PROACT pa1032","it":"Short 2 in 1 ecosostenibile PROACT pa1032","sv":"Ekologiskt ansvarsfulla 2-i-1-shorts PROACT pa1032","pt":"Cal\u00e7\u00f5es 2 em 1 ecorrespons\u00e1veis PROACT pa1032","da":"2-i-1 milj\u00f8ansvarlige shorts PROACT pa1032","pl":"Ekologiczne szorty 2 w 1 PROACT pa1032"},"description":{"fr":"Le Short 2 en 1 \u00e9coresponsable convient aux activit\u00e9s sportives gr\u00e2ce \u00e0 son tissu \u00e0 s\u00e9chage rapide et son traitement antistatique. Les poches avant, les fentes c\u00f4t\u00e9s et la ceinture \u00e9lastiqu\u00e9e avec cordon plat facilitent l\u2019usage. Sous-short ergonomique avec inserts et bandes en maille filet lat\u00e9rales.\n\n- 93% polyester, 7% \u00e9lasthanne\n- Sous-short: 86% polyester recycl\u00e9\n- Sous-short: 14% \u00e9lasthanne\n- Ceinture \u00e9lastiqu\u00e9e \u00e0 cordon","en":"The eco-friendly 2-in-1 shorts suit sports activities thanks to their quick-drying fabric and antistatic treatment. Front pockets, side slits, and an elasticated waistband with flat drawcord make them easy to use. Ergonomic inner shorts with inserts and side mesh panels.\n\n- 93% polyester, 7% elastane\n- Inner shorts: 86% recycled polyester\n- Inner shorts: 14% elastane\n- Elasticated waistband with drawcord","de":"Die nachhaltige 2-in-1-Shorts eignet sich f\u00fcr sportliche Aktivit\u00e4ten dank schnelltrocknendem Material und antistatischer Ausr\u00fcstung. Vordertaschen, Seitenschlitze und ein elastischer Bund mit flacher Kordel erleichtern die Nutzung. Ergonomische Innenhose mit Eins\u00e4tzen und seitlichen Mesh-Eins\u00e4tzen.\n\n- 93% Polyester, 7% Elasthan\n- Innenhose: 86% recyceltes Polyester\n- Innenhose: 14% Elasthan\n- Elastischer Bund mit Kordel","nl":"De eco-verantwoorde 2-in-1 short is geschikt voor sportactiviteiten dankzij de sneldrogende stof en de antistatische behandeling. De voorzakken, de zijsplitten en de elastische tailleband met plat koord vergemakkelijken het gebruik. Ergonomische binnenbroek met inzetstukken en zijpanelen van mesh.\n\n- 93% polyester, 7% elastaan\n- Binnenbroek: 86% gerecycled polyester\n- Binnenbroek: 14% elastaan\n- Elastische tailleband met koord","es":"El pantal\u00f3n corto 2 en 1 ecorresponsable conviene para actividades deportivas gracias a su tejido de secado r\u00e1pido y su tratamiento antiest\u00e1tico. Los bolsillos delanteros, las aberturas laterales y la cintura el\u00e1stica con cord\u00f3n plano facilitan el uso. Subshort ergon\u00f3mico con insertos y bandas laterales de malla de red.\n\n- 93% poli\u00e9ster, 7% elastano\n- Subshort: 86% poli\u00e9ster reciclado\n- Subshort: 14% elastano\n- Cintura el\u00e1stica con cord\u00f3n","it":"Lo Short 2 in 1 ecosostenibile \u00e8 adatto alle attivit\u00e0 sportive grazie al tessuto ad asciugatura rapida e al trattamento antistatico. Le tasche anteriori, gli spacchi laterali e la vita elasticizzata con cordoncino piatto facilitano l\nuso. Sottoshort ergonomico con inserti e bande laterali in rete.\n\n- 93% poliestere, 7% elastan\n- Sottoshort: 86% poliestere riciclato\n- Sottoshort: 14% elastan\n- Vita elasticizzata con cordoncino","sv":"Ekologiskt ansvarsfulla 2-i-1-shorts l\u00e4mpade f\u00f6r sportaktiviteter tack vare snabbtorkande tyg och antistatisk behandling. Framfickor, slitsar i sidorna och elastisk midja med platt dragsko underl\u00e4ttar anv\u00e4ndningen. Ergonomiska innershorts med inl\u00e4gg och sidopaneler i mesh.\n\n- 93% polyester, 7% elastan\n- Innershorts: 86% \u00e5tervunnen polyester\n- Innershorts: 14% elastan\n- Elastisk midja med dragsko","pt":"Os cal\u00e7\u00f5es 2 em 1 ecorrespons\u00e1veis s\u00e3o adequados para atividades desportivas gra\u00e7as ao seu tecido de secagem r\u00e1pida e ao tratamento antiest\u00e1tico. Os bolsos frontais, as fendas laterais e a cintura el\u00e1stica com cord\u00e3o achatado facilitam a utiliza\u00e7\u00e3o. Cal\u00e7\u00e3o interior ergon\u00f3mico com inser\u00e7\u00f5es e faixas laterais em malha de rede.\n\n- 93% poli\u00e9ster, 7% elastano\n- Cal\u00e7\u00e3o interior: 86% poli\u00e9ster reciclado\n- Cal\u00e7\u00e3o interior: 14% elastano\n- Cintura el\u00e1stica com cord\u00e3o","da":"De milj\u00f8ansvarlige 2-i-1 shorts egner sig til sportsaktiviteter takket v\u00e6re det hurtigt\u00f8rrende stof og den antistatiske behandling. Forlommerne, slidserne i siderne og den elastiske linning med flad sn\u00f8re g\u00f8r brugen lettere. Ergonomiske indershorts med indsatser og sidel\u00f8bende paneler i netmesh.\n\n- 93% polyester, 7% elastan\n- Indershorts: 86% genanvendt polyester\n- Indershorts: 14% elastan\n- Elastisk linning med sn\u00f8re","pl":"Ekologiczne szorty 2 w 1 nadaj\u0105 si\u0119 do aktywno\u015bci sportowych dzi\u0119ki szybkoschn\u0105cej tkaninie i wyko\u0144czeniu antystatycznemu. Przednie kieszenie, rozci\u0119cia po bokach oraz elastyczny pas z p\u0142askim sznurkiem u\u0142atwiaj\u0105 u\u017cytkowanie. Ergonomiczne szorty wewn\u0119trzne z wstawkami i bocznymi panelami z siateczki.\n\n- 93% poliester, 7% elastan\n- Szorty wewn\u0119trzne: 86% poliester z recyklingu\n- Szorty wewn\u0119trzne: 14% elastan\n- Elastyczny pas ze sznurkiem"},"h1":{"fr":"Short 2 en 1 \u00e9coresponsable pa1032","en":"Eco-friendly 2-in-1 shorts pa1032","de":"Nachhaltige 2-in-1-Shorts pa1032","nl":"Eco-verantwoorde 2-in-1 short pa1032","es":"Pantal\u00f3n corto 2 en 1 ecorresponsable pa1032","it":"Short 2 in 1 ecosostenibile pa1032","sv":"Ekologiskt ansvarsfulla 2-i-1-shorts pa1032","pt":"Cal\u00e7\u00f5es 2 em 1 ecorrespons\u00e1veis pa1032","da":"2-i-1 milj\u00f8ansvarlige shorts pa1032","pl":"Ekologiczne szorty 2 w 1 pa1032"},"meta_description":{"fr":"Short 2 en 1 avec sous-short ergonomique, s\u00e9chage rapide, traitement antistatique, poches avant, ceinture \u00e9lastiqu\u00e9e avec cordon et fentes c\u00f4t\u00e9s.","en":"2-in-1 shorts with ergonomic inner shorts, quick-drying fabric, antistatic treatment, front pockets, elasticated waistband with drawcord, side slits.","de":"2-in-1-Shorts mit ergonomischer Innenhose, schnelltrocknend, antistatische Ausr\u00fcstung, Vordertaschen, elastischer Bund mit Kordel und Seitenschlitzen.","nl":"2-in-1 short met ergonomische binnenbroek, sneldrogend, antistatische behandeling, voorzakken, elastische tailleband met koord en zijsplitten.","es":"Pantal\u00f3n corto 2 en 1 con subshort ergon\u00f3mico, secado r\u00e1pido, tratamiento antiest\u00e1tico, bolsillos delanteros, cintura el\u00e1stica con cord\u00f3n y aberturas laterales.","it":"Short 2 in 1 con sottoshort ergonomico, asciugatura rapida, trattamento antistatico, tasche anteriori, vita elasticizzata con cordoncino e spacchi laterali.","sv":"2-i-1-shorts med ergonomiska innershorts, snabbtorkande, antistatisk behandling, framfickor, elastisk midja med dragsko och slitsar i sidorna.","pt":"Cal\u00e7\u00f5es 2 em 1 com cal\u00e7\u00e3o interior ergon\u00f3mico, secagem r\u00e1pida, tratamento antiest\u00e1tico, bolsos frontais, cintura el\u00e1stica com cord\u00e3o e fendas laterais.","da":"2-i-1 shorts med ergonomiske indershorts, hurtigt\u00f8rrende, antistatisk behandling, forlommer, elastisk linning med sn\u00f8re og slidser i siderne.","pl":"Szorty 2 w 1 z ergonomicznymi szortami wewn\u0119trznymi, szybkoschn\u0105ce, wyko\u0144czenie antystatyczne, przednie kieszenie, elastyczny pas ze sznurkiem i rozci\u0119cia po bokach."}},"custom":{"title":{"fr":"Short 2 1 ProAct pa1032 personnalisable","en":"Short 2 1 ProAct pa1032 customizable","de":"Short 2 1 ProAct pa1032 anpassbar","nl":"Short 2 1 ProAct pa1032 aanpasbaar","es":"Short 2 1 ProAct pa1032 personalizable","it":"Short 2 1 ProAct pa1032 personalizzabile","sv":"Short 2 1 ProAct pa1032 customizable","pt":"Short 2 1 ProAct pa1032 personaliz\u00e1vel","da":"Short 2 1 ProAct pa1032 tilpasselig","pl":"Short 2 1 ProAct pa1032 personalizowany"},"description":{"fr":"Le short 2 1 avec sous-short int\u00e9gr\u00e9 combine un tissu \u00e0 s\u00e9chage rapide et un traitement antistatique. Sa mati\u00e8re flexible facilite les mouvements. Il comprend deux poches avant, dont une avec petite poche jersey, et des fentes d\u2019aisance sur les c\u00f4t\u00e9s. La ceinture \u00e9lastiqu\u00e9e avec cordon plat peut \u00eatre plac\u00e9e \u00e0 l\u2019int\u00e9rieur ou \u00e0 l\u2019ext\u00e9rieur gr\u00e2ce \u00e0 un \u0153illet double. Le sous-short ergonomique int\u00e8gre des inserts pour un confort accru. La finition est r\u00e9alis\u00e9e en double aiguille. Aucune \u00e9tiquette de marque, seulement une puce taille pour la personnalisation.\n\n- Composition short : 93% polyester, 7% \u00e9lasthanne\n- Composition sous-short : 86% polyester recycl\u00e9, 14% \u00e9lasthanne\n- Ceinture \u00e9lastiqu\u00e9e avec cordon plat\n- Possibilit\u00e9 de personnaliser","en":"The 2 1 short with integrated under-short combines quick-drying fabric and antistatic treatment. Its flexible material facilitates movement. It includes two front pockets, one with a small jersey pocket, and side vents for ease. The elastic waistband with flat drawstring can be placed inside or outside thanks to a double eyelet. The ergonomic under-short includes inserts for increased comfort. The finish is made with double stitching. No brand label, only a size tag for customization.\n\n- Short composition: 93% polyester, 7% elastane\n- Under-short composition: 86% recycled polyester, 14% elastane\n- Elastic waistband with flat drawstring\n- Customization possible","de":"Der Short 2 1 mit integriertem Unterslip kombiniert schnell trocknenden Stoff und antistatische Behandlung. Das flexible Material erleichtert Bewegungen. Er hat zwei Vordertaschen, davon eine mit kleiner Jersey-Tasche, und seitliche Bewegungsn\u00e4hte. Der elastische Bund mit flacher Kordel kann innen oder au\u00dfen durch eine doppelte \u00d6se getragen werden. Der ergonomische Unterslip enth\u00e4lt Eins\u00e4tze f\u00fcr erh\u00f6hten Komfort. Die Saumverarbeitung erfolgt mit Doppelnaht. Kein Markenetikett, nur eine Gr\u00f6\u00dfenchip f\u00fcr die Personalisierung.\n\n- Short Material: 93% Polyester, 7% Elasthan\n- Unterslip Material: 86% recyceltes Polyester, 14% Elasthan\n- Elastischer Bund mit flacher Kordel\n- Personalisierung m\u00f6glich","nl":"De short 2 1 met ge\u00efntegreerde ondershort combineert een sneldrogende stof en een antistatische behandeling. De flexibele stof vergemakkelijkt bewegingen. Hij heeft twee voorzakken, waarvan een met een kleine jersey zak, en zijn voorzien van zijopeningen voor meer bewegingsvrijheid. De elastische tailleband met platte trekkoord kan binnen of buiten worden geplaatst dankzij een dubbele oogje. De ergonomische ondershort bevat inzetstukken voor extra comfort. De afwerking is uitgevoerd met dubbele naaldsteek. Geen merkembleem, alleen een maatchip voor personalisatie.\n\n- Samenstelling short: 93% polyester, 7% elastaan\n- Samenstelling ondershort: 86% gerecycled polyester, 14% elastaan\n- Elastische tailleband met plat trekkoord\n- Personaliseerbaar","es":"El short 2 1 con bajo corto integrado combina un tejido de secado r\u00e1pido y un tratamiento antiest\u00e1tico. Su material flexible facilita los movimientos. Incluye dos bolsillos delanteros, uno con peque\u00f1o bolsillo de jersey, y aberturas de comodidad en los laterales. La cintura el\u00e1stica con cord\u00f3n plano puede colocarse por dentro o por fuera gracias a un ojete doble. El bajo corto ergon\u00f3mico integra inserts para mayor confort. El acabado es de doble pespunte. Sin etiqueta de marca, solo una etiqueta de talla para la personalizaci\u00f3n.\n\n- Composici\u00f3n short: 93% poli\u00e9ster, 7% elastano\n- Composici\u00f3n bajo corto: 86% poli\u00e9ster reciclado, 14% elastano\n- Cintura el\u00e1stica con cord\u00f3n plano\n- Posibilidad de personalizar","it":"Lo short 2 1 con sottoshort integrato combina un tessuto a asciugatura rapida e un trattamento antistatico. Il materiale flessibile facilita i movimenti. Comprende due tasche anteriori, di cui una con piccola tasca in jersey, e spacchi laterali per maggiore comfort. La vita elastica con cordino piatto pu\u00f2 essere posizionata all'interno o all'esterno grazie a un occhiello doppio. Il sottoshort ergonomico integra inserti per un comfort aumentato. La finitura \u00e8 realizzata a doppia cucitura. Nessuna etichetta del marchio, solo una targhetta taglia per la personalizzazione.\n\n- Composizione shorts: 93% poliestere, 7% elastan\n- Composizione sottoshort: 86% poliestere riciclato, 14% elastan\n- Vita elastica con cordino piatto\n- Possibilit\u00e0 di personalizzare","sv":"Shorts 2 1 med integrerade undershorts kombinerar snabbtorkande tyg och antistatisk behandling. Materialet \u00e4r flexibelt och underl\u00e4ttar r\u00f6relse. Den har tv\u00e5 framfickor, varav en med liten jerseyficka, och slitsar p\u00e5 sidorna. Det elastiska midjebandet med platt sn\u00f6re kan placeras p\u00e5 insidan eller utsidan via ett dubbelt \u00f6ljetth\u00e5l. De ergonomiska undershortsen har insatser f\u00f6r \u00f6kad komfort. S\u00f6mmarna \u00e4r dubbelsydda. Ingen m\u00e4rkesetikett, endast storlekschip f\u00f6r anpassning.\n\n- Shorts material: 93% polyester, 7% elastan\n- Undershorts material: 86% \u00e5tervunnen polyester, 14% elastan\n- Elastiskt midjeband med platt sn\u00f6re\n- M\u00f6jlighet till anpassning","pt":"O short 2 1 com short interno integrado combina tecido de secagem r\u00e1pida e tratamento antiest\u00e1tico. Seu material flex\u00edvel facilita os movimentos. Possui dois bolsos frontais, um deles com pequeno bolso jersey, e aberturas laterais para mobilidade. A cintura el\u00e1stica com cord\u00e3o plano pode ser usada por dentro ou por fora gra\u00e7as a um ilh\u00f3 duplo. O short interno ergon\u00f4mico inclui inser\u00e7\u00f5es para maior conforto. Acabamento em costura dupla. Sem etiqueta da marca, apenas etiqueta de tamanho para personaliza\u00e7\u00e3o.\n\n- Composi\u00e7\u00e3o do short: 93% poli\u00e9ster, 7% elastano\n- Composi\u00e7\u00e3o do short interno: 86% poli\u00e9ster reciclado, 14% elastano\n- Cintura el\u00e1stica com cord\u00e3o plano\n- Possibilidade de personaliza\u00e7\u00e3o","da":"Shorts 2 1 med integreret undershorts kombinerer hurtigt\u00f8rrende stof og antistatisk behandling. Materialet er fleksibelt og letter bev\u00e6gelse. Den har to forlommer, hvoraf den ene har en lille jersey-lomme, og sideslidser. Den elastiske talje med flad snor kan placeres indeni eller udenp\u00e5 via en dobbelthuls \u00e5bning. Den ergonomiske undershorts indeholder indl\u00e6g for \u00f8get komfort. Finishen er dobbeltn\u00e5ls-syet. Ingen m\u00e6rkelabel, kun en st\u00f8rrelses-chip til tilpasning.\n\n- Shorts sammens\u00e6tning: 93% polyester, 7% elastan\n- Undershorts sammens\u00e6tning: 86% genanvendt polyester, 14% elastan\n- Elastisk talje med flad snor\n- Mulighed for tilpasning","pl":"Szorty 2 1 z wbudowanymi bokserkami \u0142\u0105cz\u0105 szybkoschn\u0105c\u0105 tkanin\u0119 i wyko\u0144czenie antystatyczne. Elastyczny materia\u0142 u\u0142atwia ruchy. Posiadaj\u0105 dwie przednie kieszenie, w tym jedn\u0105 z ma\u0142\u0105 kieszeni\u0105 z dzianiny, oraz rozci\u0119cia po bokach. Pasek elastyczny z p\u0142askim sznurkiem mo\u017cna umie\u015bci\u0107 wewn\u0105trz lub na zewn\u0105trz dzi\u0119ki podw\u00f3jnemu oczku. Ergonomiczne bokserki posiadaj\u0105 wk\u0142adki dla wi\u0119kszego komfortu. Wyko\u0144czenie wykonane podw\u00f3jn\u0105 ig\u0142\u0105. Brak metki marki, tylko wszywka z rozmiarem do personalizacji.\n\n- Sk\u0142ad szort\u00f3w: 93% poliester, 7% elastan\n- Sk\u0142ad bokserk\u00f3w: 86% poliester z recyklingu, 14% elastan\n- Elastyczny pasek z p\u0142askim sznurkiem\n- Mo\u017cliwo\u015b\u0107 personalizacji"},"h1":{"fr":"Short 2 1 pa1032 personnalisable","en":"Short 2 1 pa1032 customizable","de":"Short 2 1 pa1032 anpassbar","nl":"Short 2 1 pa1032 aanpasbaar","es":"Short 2 1 pa1032 personalizable","it":"Short 2 1 pa1032 personalizzabile","sv":"Short 2 1 pa1032 customizable","pt":"Short 2 1 pa1032 personaliz\u00e1vel","da":"Short 2 1 pa1032 tilpasselig","pl":"Short 2 1 pa1032 personalizowany"},"meta_description":{"fr":"Short homme 2 en 1 avec sous-short int\u00e9gr\u00e9, tissu \u00e0 s\u00e9chage rapide et traitement antistatique. Ceinture \u00e9lastiqu\u00e9e et personnalisation possible.","en":"Men's 2 in 1 short with integrated under-short, quick-drying fabric and antistatic treatment. Elastic waistband and customizable.","de":"Herrenshort 2 in 1 mit integriertem Unterslip, schnell trocknendem Stoff und antistatischer Behandlung. Elastischer Bund und Personalisierung m\u00f6glich.","nl":"Herenshort 2 in 1 met ge\u00efntegreerde ondershort, sneldrogende stof en antistatische behandeling. Elastische tailleband en personalisatiemogelijkheid.","es":"Short hombre 2 en 1 con bajo corto integrado, tejido de secado r\u00e1pido y tratamiento antiest\u00e1tico. Cintura el\u00e1stica y posibilidad de personalizaci\u00f3n.","it":"Short uomo 2 in 1 con sottoshort integrato, tessuto a asciugatura rapida e trattamento antistatico. Vita elastica e possibilit\u00e0 di personalizzazione.","sv":"Herrshorts 2 i 1 med integrerade undershorts, snabbtorkande tyg och antistatisk behandling. Elastiskt midjeband och m\u00f6jlighet till anpassning.","pt":"Short masculino 2 em 1 com short interno integrado, tecido de secagem r\u00e1pida e tratamento antiest\u00e1tico. Cintura el\u00e1stica e possibilidade de personaliza\u00e7\u00e3o.","da":"Herreshorts 2 i 1 med integreret undershorts, hurtigt\u00f8rrende stof og antistatisk behandling. Elastisk talje og mulighed for tilpasning.","pl":"Szorty m\u0119skie 2 w 1 z wbudowanymi bokserkami, tkanina szybkoschn\u0105ca i wyko\u0144czenie antystatyczne. Elastyczny pasek i mo\u017cliwo\u015b\u0107 personalizacji."}}},"categories":[{"id":76,"name":"Shorts","singular":"Short","is_feminin":false},{"id":560,"name":"Sports et Loisirs","singular":"Sport et Loisir","is_feminin":false},{"id":498,"name":"Pantalons et shorts","singular":"Pantalon, short","is_feminin":false},{"id":559,"name":"Univers","singular":"Univers","is_feminin":false},{"id":354,"name":"Textile","singular":"Textile","is_feminin":false}],"certifications":[{"id":5,"label":"G.R.S.","logo_link":"\/images\/certifications\/5_GRS.jpg","is_marking_compatible":false}],"videos":{"fr":[],"en":[],"de":[],"nl":[],"es":[],"it":[],"sv":[],"pt":[],"da":[],"pl":[]},"main_images":{"miniature":"https:\/\/media.th4.com\/Zg4anJGwyvAKoxo8NJ9PNUFx22XR-a-4LDcRMeOrvec\/pr:80\/aHR0cDovL21lZGlhMi5kZXNpZ25wYXJ0bmVyLmZyL2MvcC1ibGFuay1USC8xOTg5OS53ZWJw?v=1751554551","medium":"https:\/\/media.th4.com\/ThDmD5f6BKeJSObVN7y7FjLo-rM7LHJa_1w0kDLnpog\/pr:550x550greybg\/aHR0cDovL21lZGlhMi5kZXNpZ25wYXJ0bmVyLmZyL2MvcC1ibGFuay1USC8xOTg5OS53ZWJw?v=1751554551","medium_large":"https:\/\/media.th4.com\/7c2X2stcCHRdTnJoPtXrbDCeUrv_nI9-peMg7xnpBXY\/pr:1000x1000greybg\/aHR0cDovL21lZGlhMi5kZXNpZ25wYXJ0bmVyLmZyL2MvcC1ibGFuay1USC8xOTg5OS53ZWJw?v=1751554551","large":"https:\/\/media.th4.com\/eVxlALfXKzen5pO363hiSPyPoTrutn93vMkfqi7eGIk\/pr:1920greybg\/aHR0cDovL21lZGlhMi5kZXNpZ25wYXJ0bmVyLmZyL2MvcC1ibGFuay1USC8xOTg5OS53ZWJw?v=1751554551","opengraph":"https:\/\/media.th4.com\/u4gQCamvxieqluO2CPHdOv00Fk4j-IL2vcLzEGa1qdU\/pr:1200x630greybg\/aHR0cDovL21lZGlhMi5kZXNpZ25wYXJ0bmVyLmZyL2MvcC1ibGFuay1USC8xOTg5OS53ZWJw?v=1751554551"},"main_images_customization":{"miniature":"https:\/\/media.th4.com\/C3Rf9MdTwRQezEe4NQP1N99BGvivSLU1Bf9xt7RSJik\/pr:80\/aHR0cDovL21lZGlhMi5kZXNpZ25wYXJ0bmVyLmZyL2MvcC1jdXN0b20tVEgvMTk4OTkud2VicA?v=1751554558","medium":"https:\/\/media.th4.com\/QUF9ImTa5pqm9fb3mepu88jsLrhmkw35B8UtaeZJWRs\/pr:550x550greybg\/aHR0cDovL21lZGlhMi5kZXNpZ25wYXJ0bmVyLmZyL2MvcC1jdXN0b20tVEgvMTk4OTkud2VicA?v=1751554558","medium_large":"https:\/\/media.th4.com\/NEmvNBIvTcXkn1Vtc3a1Pl6I_EySuIOCcRTgRpkw91I\/pr:1000x1000greybg\/aHR0cDovL21lZGlhMi5kZXNpZ25wYXJ0bmVyLmZyL2MvcC1jdXN0b20tVEgvMTk4OTkud2VicA?v=1751554558","large":"https:\/\/media.th4.com\/aW-juumE9Lp41oHtr2vvrL_IbH2gBD7CZlu07FI6FIU\/pr:1920greybg\/aHR0cDovL21lZGlhMi5kZXNpZ25wYXJ0bmVyLmZyL2MvcC1jdXN0b20tVEgvMTk4OTkud2VicA?v=1751554558","opengraph":"https:\/\/media.th4.com\/U4pfY8hd99oHvSVuFC20O7gKVdmaQNqHb81KRJ7m1YI\/pr:1200x630greybg\/aHR0cDovL21lZGlhMi5kZXNpZ25wYXJ0bmVyLmZyL2MvcC1jdXN0b20tVEgvMTk4OTkud2VicA?v=1751554558"},"page_links":{"fr":"\/fr\/p-pr-pa1032-short-2-en-1-ecoresponsable-pa1032-19899\/","en":"\/en\/p-pr-pa1032-eco-friendly-2-in-1-shorts-pa1032-19899\/","de":"\/de\/p-pr-pa1032-nachhaltige-2-in-1-shorts-pa1032-19899\/","nl":"\/nl\/p-pr-pa1032-eco-verantwoorde-2-in-1-short-pa1032-19899\/","es":"\/es\/p-pr-pa1032-pantalon-corto-2-en-1-ecorresponsable-pa1032-19899\/","it":"\/it\/p-pr-pa1032-short-2-in-1-ecosostenibile-pa1032-19899\/","sv":"\/sv\/p-pr-pa1032-ekologiskt-ansvarsfulla-2-i-1-shorts-pa1032-19899\/","pt":"\/pt\/p-pr-pa1032-calcoes-2-em-1-ecorresponsaveis-pa1032-19899\/","da":"\/da\/p-pr-pa1032-2-i-1-miljoansvarlige-shorts-pa1032-19899\/","pl":"\/pl\/p-pr-pa1032-ekologiczne-szorty-2-w-1-pa1032-19899\/"},"page_links_customization":{"fr":"\/fr\/p-pr-pa1032-short-2-1-pa1032-personnalisable-19899\/custom\/","en":"\/en\/p-pr-pa1032-short-2-1-pa1032-customizable-19899\/custom\/","de":"\/de\/p-pr-pa1032-short-2-1-pa1032-anpassbar-19899\/custom\/","nl":"\/nl\/p-pr-pa1032-short-2-1-pa1032-aanpasbaar-19899\/custom\/","es":"\/es\/p-pr-pa1032-short-2-1-pa1032-personalizable-19899\/custom\/","it":"\/it\/p-pr-pa1032-short-2-1-pa1032-personalizzabile-19899\/custom\/","sv":"\/sv\/p-pr-pa1032-short-2-1-pa1032-customizable-19899\/custom\/","pt":"\/pt\/p-pr-pa1032-short-2-1-pa1032-personalizavel-19899\/custom\/","da":"\/da\/p-pr-pa1032-short-2-1-pa1032-tilpasselig-19899\/custom\/","pl":"\/pl\/p-pr-pa1032-short-2-1-pa1032-personalizowany-19899\/custom\/"},"equivalent_products":[],"colors":[{"id":1640,"name":"navy","class_ids":[2],"codes_hexa":["012942"],"delai_24":false,"has_3d":false,"seuil_global":0,"stock_local":0,"stock_global":2431,"on_standby":false,"in_catalog":true,"images":{"miniature":["https:\/\/media.th4.com\/sIE8pOu_qWKvOzFsUNYC3tiVxDMkvk4_JNjF_nsR-dc\/pr:80\/aHR0cDovL21lZGlhMi5kZXNpZ25wYXJ0bmVyLmZyL2MvcC8xOTg5OS8xOTg5OS0xNjQwLTEud2VicA?v=1751554481","https:\/\/media.th4.com\/SuGU9ZhempC34BKuPjVIAkWA8ge5fY_eS1QNgaKrGww\/pr:80\/aHR0cDovL21lZGlhMi5kZXNpZ25wYXJ0bmVyLmZyL2MvcC8xOTg5OS8xOTg5OS0xNjQwLTIud2VicA?v=1751554481","https:\/\/media.th4.com\/74tHBtEPlkhn-WAMWGW8PtPdzzhC-V8R32we3XNBSMY\/pr:80\/aHR0cDovL21lZGlhMi5kZXNpZ25wYXJ0bmVyLmZyL2MvcC8xOTg5OS8xOTg5OS0xNjQwLTMud2VicA?v=1751554481"],"medium":["https:\/\/media.th4.com\/G8iAJw4M8TUvEctb6ULPdPl0aSzw4ZBpgs3WfmFA68g\/pr:550x550\/aHR0cDovL21lZGlhMi5kZXNpZ25wYXJ0bmVyLmZyL2MvcC8xOTg5OS8xOTg5OS0xNjQwLTEud2VicA?v=1751554481","https:\/\/media.th4.com\/u6UZF0c7S34avVU2elKYCSu2qoiaMe5ulwu0rdeixwg\/pr:550x550\/aHR0cDovL21lZGlhMi5kZXNpZ25wYXJ0bmVyLmZyL2MvcC8xOTg5OS8xOTg5OS0xNjQwLTIud2VicA?v=1751554481","https:\/\/media.th4.com\/DYjbNvbo0Da06z1PviAUTCOoVcgYvbO10kcGlkUU_DM\/pr:550x550\/aHR0cDovL21lZGlhMi5kZXNpZ25wYXJ0bmVyLmZyL2MvcC8xOTg5OS8xOTg5OS0xNjQwLTMud2VicA?v=1751554481"],"medium_large":["https:\/\/media.th4.com\/SmrVXe2IPeIpKGD0i_6WMfAuqsX9Ua8ITnQLGCsN5lU\/pr:1000x1000\/aHR0cDovL21lZGlhMi5kZXNpZ25wYXJ0bmVyLmZyL2MvcC8xOTg5OS8xOTg5OS0xNjQwLTEud2VicA?v=1751554481","https:\/\/media.th4.com\/_kqerixV0OpfY1ogeen1KGTA-kDT1nM0CZL3R59noGk\/pr:1000x1000\/aHR0cDovL21lZGlhMi5kZXNpZ25wYXJ0bmVyLmZyL2MvcC8xOTg5OS8xOTg5OS0xNjQwLTIud2VicA?v=1751554481","https:\/\/media.th4.com\/ekp_rNeZUkd18AZEZ9v36Tv0MwG_jD0qZ8DKDyjtAG0\/pr:1000x1000\/aHR0cDovL21lZGlhMi5kZXNpZ25wYXJ0bmVyLmZyL2MvcC8xOTg5OS8xOTg5OS0xNjQwLTMud2VicA?v=1751554481"],"large":["https:\/\/media.th4.com\/7P0IjO3QX9juCvlt-XtSW9C7SVwKUcezxzv8MDmnfvc\/pr:1920\/aHR0cDovL21lZGlhMi5kZXNpZ25wYXJ0bmVyLmZyL2MvcC8xOTg5OS8xOTg5OS0xNjQwLTEud2VicA?v=1751554481","https:\/\/media.th4.com\/egArcl8A1HW9cxpuKgHoy3Q8LNuY9hsRWJA8L1OTN7s\/pr:1920\/aHR0cDovL21lZGlhMi5kZXNpZ25wYXJ0bmVyLmZyL2MvcC8xOTg5OS8xOTg5OS0xNjQwLTIud2VicA?v=1751554481","https:\/\/media.th4.com\/OeTL-moGQHTzK9Hmiv-XGmC6SC_9QS9LJ7eARHzvG-s\/pr:1920\/aHR0cDovL21lZGlhMi5kZXNpZ25wYXJ0bmVyLmZyL2MvcC8xOTg5OS8xOTg5OS0xNjQwLTMud2VicA?v=1751554481"],"opengraph":["https:\/\/media.th4.com\/1zc5GZgLof_mwZKKd6bgk-OHYytQUG0oUGtFKMqdMNM\/pr:1200x630\/aHR0cDovL21lZGlhMi5kZXNpZ25wYXJ0bmVyLmZyL2MvcC8xOTg5OS8xOTg5OS0xNjQwLTEud2VicA?v=1751554481","https:\/\/media.th4.com\/mrWAesFpoQXo_mqTU0SuNT13qamt-Up-nAueyAmZx0U\/pr:1200x630\/aHR0cDovL21lZGlhMi5kZXNpZ25wYXJ0bmVyLmZyL2MvcC8xOTg5OS8xOTg5OS0xNjQwLTIud2VicA?v=1751554481","https:\/\/media.th4.com\/JSL0tfq43L3Za2AtBspcYzmLf_ZKga5TjSkYe7cPIWk\/pr:1200x630\/aHR0cDovL21lZGlhMi5kZXNpZ25wYXJ0bmVyLmZyL2MvcC8xOTg5OS8xOTg5OS0xNjQwLTMud2VicA?v=1751554481"]},"images_customization":{"miniature":["https:\/\/media.th4.com\/sIE8pOu_qWKvOzFsUNYC3tiVxDMkvk4_JNjF_nsR-dc\/pr:80\/aHR0cDovL21lZGlhMi5kZXNpZ25wYXJ0bmVyLmZyL2MvcC8xOTg5OS8xOTg5OS0xNjQwLTEud2VicA?v=1751554481","https:\/\/media.th4.com\/SuGU9ZhempC34BKuPjVIAkWA8ge5fY_eS1QNgaKrGww\/pr:80\/aHR0cDovL21lZGlhMi5kZXNpZ25wYXJ0bmVyLmZyL2MvcC8xOTg5OS8xOTg5OS0xNjQwLTIud2VicA?v=1751554481","https:\/\/media.th4.com\/74tHBtEPlkhn-WAMWGW8PtPdzzhC-V8R32we3XNBSMY\/pr:80\/aHR0cDovL21lZGlhMi5kZXNpZ25wYXJ0bmVyLmZyL2MvcC8xOTg5OS8xOTg5OS0xNjQwLTMud2VicA?v=1751554481"],"medium":["https:\/\/media.th4.com\/G8iAJw4M8TUvEctb6ULPdPl0aSzw4ZBpgs3WfmFA68g\/pr:550x550\/aHR0cDovL21lZGlhMi5kZXNpZ25wYXJ0bmVyLmZyL2MvcC8xOTg5OS8xOTg5OS0xNjQwLTEud2VicA?v=1751554481","https:\/\/media.th4.com\/u6UZF0c7S34avVU2elKYCSu2qoiaMe5ulwu0rdeixwg\/pr:550x550\/aHR0cDovL21lZGlhMi5kZXNpZ25wYXJ0bmVyLmZyL2MvcC8xOTg5OS8xOTg5OS0xNjQwLTIud2VicA?v=1751554481","https:\/\/media.th4.com\/DYjbNvbo0Da06z1PviAUTCOoVcgYvbO10kcGlkUU_DM\/pr:550x550\/aHR0cDovL21lZGlhMi5kZXNpZ25wYXJ0bmVyLmZyL2MvcC8xOTg5OS8xOTg5OS0xNjQwLTMud2VicA?v=1751554481"],"medium_large":["https:\/\/media.th4.com\/SmrVXe2IPeIpKGD0i_6WMfAuqsX9Ua8ITnQLGCsN5lU\/pr:1000x1000\/aHR0cDovL21lZGlhMi5kZXNpZ25wYXJ0bmVyLmZyL2MvcC8xOTg5OS8xOTg5OS0xNjQwLTEud2VicA?v=1751554481","https:\/\/media.th4.com\/_kqerixV0OpfY1ogeen1KGTA-kDT1nM0CZL3R59noGk\/pr:1000x1000\/aHR0cDovL21lZGlhMi5kZXNpZ25wYXJ0bmVyLmZyL2MvcC8xOTg5OS8xOTg5OS0xNjQwLTIud2VicA?v=1751554481","https:\/\/media.th4.com\/ekp_rNeZUkd18AZEZ9v36Tv0MwG_jD0qZ8DKDyjtAG0\/pr:1000x1000\/aHR0cDovL21lZGlhMi5kZXNpZ25wYXJ0bmVyLmZyL2MvcC8xOTg5OS8xOTg5OS0xNjQwLTMud2VicA?v=1751554481"],"large":["https:\/\/media.th4.com\/7P0IjO3QX9juCvlt-XtSW9C7SVwKUcezxzv8MDmnfvc\/pr:1920\/aHR0cDovL21lZGlhMi5kZXNpZ25wYXJ0bmVyLmZyL2MvcC8xOTg5OS8xOTg5OS0xNjQwLTEud2VicA?v=1751554481","https:\/\/media.th4.com\/egArcl8A1HW9cxpuKgHoy3Q8LNuY9hsRWJA8L1OTN7s\/pr:1920\/aHR0cDovL21lZGlhMi5kZXNpZ25wYXJ0bmVyLmZyL2MvcC8xOTg5OS8xOTg5OS0xNjQwLTIud2VicA?v=1751554481","https:\/\/media.th4.com\/OeTL-moGQHTzK9Hmiv-XGmC6SC_9QS9LJ7eARHzvG-s\/pr:1920\/aHR0cDovL21lZGlhMi5kZXNpZ25wYXJ0bmVyLmZyL2MvcC8xOTg5OS8xOTg5OS0xNjQwLTMud2VicA?v=1751554481"],"opengraph":["https:\/\/media.th4.com\/1zc5GZgLof_mwZKKd6bgk-OHYytQUG0oUGtFKMqdMNM\/pr:1200x630\/aHR0cDovL21lZGlhMi5kZXNpZ25wYXJ0bmVyLmZyL2MvcC8xOTg5OS8xOTg5OS0xNjQwLTEud2VicA?v=1751554481","https:\/\/media.th4.com\/mrWAesFpoQXo_mqTU0SuNT13qamt-Up-nAueyAmZx0U\/pr:1200x630\/aHR0cDovL21lZGlhMi5kZXNpZ25wYXJ0bmVyLmZyL2MvcC8xOTg5OS8xOTg5OS0xNjQwLTIud2VicA?v=1751554481","https:\/\/media.th4.com\/JSL0tfq43L3Za2AtBspcYzmLf_ZKga5TjSkYe7cPIWk\/pr:1200x630\/aHR0cDovL21lZGlhMi5kZXNpZ25wYXJ0bmVyLmZyL2MvcC8xOTg5OS8xOTg5OS0xNjQwLTMud2VicA?v=1751554481"]},"country_origin":"CN","traceability":{"manufacturing_country_id":null,"weaving_country_id":null,"dyeing_country_id":null},"sizes":[{"id":5,"article_id":505948,"class_id":2,"name":"XS","on_standby":false,"stock_local":0,"stock_global":212,"multiple":1,"estimated_date_reassort":null,"is_destocking":false},{"id":3,"article_id":505949,"class_id":3,"name":"S","on_standby":false,"stock_local":0,"stock_global":291,"multiple":1,"estimated_date_reassort":null,"is_destocking":false},{"id":2,"article_id":505950,"class_id":4,"name":"M","on_standby":false,"stock_local":0,"stock_global":563,"multiple":1,"estimated_date_reassort":null,"is_destocking":false},{"id":1,"article_id":505951,"class_id":5,"name":"L","on_standby":false,"stock_local":0,"stock_global":590,"multiple":1,"estimated_date_reassort":null,"is_destocking":false},{"id":4,"article_id":505952,"class_id":6,"name":"XL","on_standby":false,"stock_local":0,"stock_global":512,"multiple":1,"estimated_date_reassort":null,"is_destocking":false},{"id":1116,"article_id":505953,"class_id":7,"name":"2XL","on_standby":false,"stock_local":0,"stock_global":158,"multiple":1,"estimated_date_reassort":null,"is_destocking":false},{"id":1081,"article_id":505954,"class_id":8,"name":"3XL","on_standby":false,"stock_local":0,"stock_global":105,"multiple":1,"estimated_date_reassort":null,"is_destocking":false}],"page_links":{"fr":"\/fr\/p-pr-pa1032-short-2-en-1-ecoresponsable-pa1032-19899\/navy-1640\/","en":"\/en\/p-pr-pa1032-eco-friendly-2-in-1-shorts-pa1032-19899\/navy-1640\/","de":"\/de\/p-pr-pa1032-nachhaltige-2-in-1-shorts-pa1032-19899\/navy-1640\/","nl":"\/nl\/p-pr-pa1032-eco-verantwoorde-2-in-1-short-pa1032-19899\/navy-1640\/","es":"\/es\/p-pr-pa1032-pantalon-corto-2-en-1-ecorresponsable-pa1032-19899\/navy-1640\/","it":"\/it\/p-pr-pa1032-short-2-in-1-ecosostenibile-pa1032-19899\/navy-1640\/","sv":"\/sv\/p-pr-pa1032-ekologiskt-ansvarsfulla-2-i-1-shorts-pa1032-19899\/navy-1640\/","pt":"\/pt\/p-pr-pa1032-calcoes-2-em-1-ecorresponsaveis-pa1032-19899\/navy-1640\/","da":"\/da\/p-pr-pa1032-2-i-1-miljoansvarlige-shorts-pa1032-19899\/navy-1640\/","pl":"\/pl\/p-pr-pa1032-ekologiczne-szorty-2-w-1-pa1032-19899\/navy-1640\/"},"page_links_customization":{"fr":"\/fr\/p-pr-pa1032-short-2-1-pa1032-personnalisable-19899\/navy-1640\/custom\/","en":"\/en\/p-pr-pa1032-short-2-1-pa1032-customizable-19899\/navy-1640\/custom\/","de":"\/de\/p-pr-pa1032-short-2-1-pa1032-anpassbar-19899\/navy-1640\/custom\/","nl":"\/nl\/p-pr-pa1032-short-2-1-pa1032-aanpasbaar-19899\/navy-1640\/custom\/","es":"\/es\/p-pr-pa1032-short-2-1-pa1032-personalizable-19899\/navy-1640\/custom\/","it":"\/it\/p-pr-pa1032-short-2-1-pa1032-personalizzabile-19899\/navy-1640\/custom\/","sv":"\/sv\/p-pr-pa1032-short-2-1-pa1032-customizable-19899\/navy-1640\/custom\/","pt":"\/pt\/p-pr-pa1032-short-2-1-pa1032-personalizavel-19899\/navy-1640\/custom\/","da":"\/da\/p-pr-pa1032-short-2-1-pa1032-tilpasselig-19899\/navy-1640\/custom\/","pl":"\/pl\/p-pr-pa1032-short-2-1-pa1032-personalizowany-19899\/navy-1640\/custom\/"}},{"id":1639,"name":"black","class_ids":[4],"codes_hexa":["1a1a18"],"delai_24":false,"has_3d":false,"seuil_global":0,"stock_local":0,"stock_global":1353,"on_standby":false,"in_catalog":true,"images":{"miniature":["https:\/\/media.th4.com\/HZU-pesrruTb5i61oDhaUaWUmvATsbiz2jp1_sKOBrg\/pr:80\/aHR0cDovL21lZGlhMi5kZXNpZ25wYXJ0bmVyLmZyL2MvcC8xOTg5OS8xOTg5OS0xNjM5LTEud2VicA?v=1751554481","https:\/\/media.th4.com\/qXM4ycL_BKzTr_hKti9WzxDiaVggIAa2qcsdH-zsZMI\/pr:80\/aHR0cDovL21lZGlhMi5kZXNpZ25wYXJ0bmVyLmZyL2MvcC8xOTg5OS8xOTg5OS0xNjM5LTIud2VicA?v=1751554481","https:\/\/media.th4.com\/uhzgRFFMyy9aGEZ-CMe_3OnwiQ3_Z6_Ra2aBWILHV7c\/pr:80\/aHR0cDovL21lZGlhMi5kZXNpZ25wYXJ0bmVyLmZyL2MvcC8xOTg5OS8xOTg5OS0xNjM5LTMud2VicA?v=1751554481"],"medium":["https:\/\/media.th4.com\/eX8VyQaA257x1_Kc94WGOXEqMtx6WhW3O2fAW5g9IMU\/pr:550x550\/aHR0cDovL21lZGlhMi5kZXNpZ25wYXJ0bmVyLmZyL2MvcC8xOTg5OS8xOTg5OS0xNjM5LTEud2VicA?v=1751554481","https:\/\/media.th4.com\/mP0Sk12U514uLrBNVmdQLff3Ao-VNmpsfY7zo3FW33s\/pr:550x550\/aHR0cDovL21lZGlhMi5kZXNpZ25wYXJ0bmVyLmZyL2MvcC8xOTg5OS8xOTg5OS0xNjM5LTIud2VicA?v=1751554481","https:\/\/media.th4.com\/zjuFA1NHmsYPc5Mlb8KhqXJOSQPjdl6eAKMHowsbnPY\/pr:550x550\/aHR0cDovL21lZGlhMi5kZXNpZ25wYXJ0bmVyLmZyL2MvcC8xOTg5OS8xOTg5OS0xNjM5LTMud2VicA?v=1751554481"],"medium_large":["https:\/\/media.th4.com\/StrWqb_gK8PtF4QvXpbJ6e3jAwpNZeLgbgSc6j8SLFs\/pr:1000x1000\/aHR0cDovL21lZGlhMi5kZXNpZ25wYXJ0bmVyLmZyL2MvcC8xOTg5OS8xOTg5OS0xNjM5LTEud2VicA?v=1751554481","https:\/\/media.th4.com\/0CorU07sE0lZWF8JBuFrdWY4UPPKI7JRoDl32vQUDo4\/pr:1000x1000\/aHR0cDovL21lZGlhMi5kZXNpZ25wYXJ0bmVyLmZyL2MvcC8xOTg5OS8xOTg5OS0xNjM5LTIud2VicA?v=1751554481","https:\/\/media.th4.com\/FFeTIvQLyK4XDO_Nz6WMz707I_PgPKhWRiv6_ls8g7o\/pr:1000x1000\/aHR0cDovL21lZGlhMi5kZXNpZ25wYXJ0bmVyLmZyL2MvcC8xOTg5OS8xOTg5OS0xNjM5LTMud2VicA?v=1751554481"],"large":["https:\/\/media.th4.com\/Cye-9l4Y4Zihkm2Bp2A7Y4hJ5rzB5iHl96GlclvwTUo\/pr:1920\/aHR0cDovL21lZGlhMi5kZXNpZ25wYXJ0bmVyLmZyL2MvcC8xOTg5OS8xOTg5OS0xNjM5LTEud2VicA?v=1751554481","https:\/\/media.th4.com\/i7S-7dBskQnnah1W5K08NaT5pGzhpUSm0MSSNeJsxtw\/pr:1920\/aHR0cDovL21lZGlhMi5kZXNpZ25wYXJ0bmVyLmZyL2MvcC8xOTg5OS8xOTg5OS0xNjM5LTIud2VicA?v=1751554481","https:\/\/media.th4.com\/E9jyvwvNfWwRvXN_G5KvoH9Jpcz2f15BA-XAt_AE5mU\/pr:1920\/aHR0cDovL21lZGlhMi5kZXNpZ25wYXJ0bmVyLmZyL2MvcC8xOTg5OS8xOTg5OS0xNjM5LTMud2VicA?v=1751554481"],"opengraph":["https:\/\/media.th4.com\/d7rR9EFMRUPJeGk6xPG3SHxTlU-80n3AftrZufG5dNE\/pr:1200x630\/aHR0cDovL21lZGlhMi5kZXNpZ25wYXJ0bmVyLmZyL2MvcC8xOTg5OS8xOTg5OS0xNjM5LTEud2VicA?v=1751554481","https:\/\/media.th4.com\/7huTTnv4o9p2BciRwLaWMAU9j0V3aA1EjgI7BoejxXg\/pr:1200x630\/aHR0cDovL21lZGlhMi5kZXNpZ25wYXJ0bmVyLmZyL2MvcC8xOTg5OS8xOTg5OS0xNjM5LTIud2VicA?v=1751554481","https:\/\/media.th4.com\/sv4A787o1tNAfLjZvooVZplX4AUhUGQw0uN50u8_bQU\/pr:1200x630\/aHR0cDovL21lZGlhMi5kZXNpZ25wYXJ0bmVyLmZyL2MvcC8xOTg5OS8xOTg5OS0xNjM5LTMud2VicA?v=1751554481"]},"images_customization":{"miniature":["https:\/\/media.th4.com\/HZU-pesrruTb5i61oDhaUaWUmvATsbiz2jp1_sKOBrg\/pr:80\/aHR0cDovL21lZGlhMi5kZXNpZ25wYXJ0bmVyLmZyL2MvcC8xOTg5OS8xOTg5OS0xNjM5LTEud2VicA?v=1751554481","https:\/\/media.th4.com\/qXM4ycL_BKzTr_hKti9WzxDiaVggIAa2qcsdH-zsZMI\/pr:80\/aHR0cDovL21lZGlhMi5kZXNpZ25wYXJ0bmVyLmZyL2MvcC8xOTg5OS8xOTg5OS0xNjM5LTIud2VicA?v=1751554481","https:\/\/media.th4.com\/uhzgRFFMyy9aGEZ-CMe_3OnwiQ3_Z6_Ra2aBWILHV7c\/pr:80\/aHR0cDovL21lZGlhMi5kZXNpZ25wYXJ0bmVyLmZyL2MvcC8xOTg5OS8xOTg5OS0xNjM5LTMud2VicA?v=1751554481"],"medium":["https:\/\/media.th4.com\/eX8VyQaA257x1_Kc94WGOXEqMtx6WhW3O2fAW5g9IMU\/pr:550x550\/aHR0cDovL21lZGlhMi5kZXNpZ25wYXJ0bmVyLmZyL2MvcC8xOTg5OS8xOTg5OS0xNjM5LTEud2VicA?v=1751554481","https:\/\/media.th4.com\/mP0Sk12U514uLrBNVmdQLff3Ao-VNmpsfY7zo3FW33s\/pr:550x550\/aHR0cDovL21lZGlhMi5kZXNpZ25wYXJ0bmVyLmZyL2MvcC8xOTg5OS8xOTg5OS0xNjM5LTIud2VicA?v=1751554481","https:\/\/media.th4.com\/zjuFA1NHmsYPc5Mlb8KhqXJOSQPjdl6eAKMHowsbnPY\/pr:550x550\/aHR0cDovL21lZGlhMi5kZXNpZ25wYXJ0bmVyLmZyL2MvcC8xOTg5OS8xOTg5OS0xNjM5LTMud2VicA?v=1751554481"],"medium_large":["https:\/\/media.th4.com\/StrWqb_gK8PtF4QvXpbJ6e3jAwpNZeLgbgSc6j8SLFs\/pr:1000x1000\/aHR0cDovL21lZGlhMi5kZXNpZ25wYXJ0bmVyLmZyL2MvcC8xOTg5OS8xOTg5OS0xNjM5LTEud2VicA?v=1751554481","https:\/\/media.th4.com\/0CorU07sE0lZWF8JBuFrdWY4UPPKI7JRoDl32vQUDo4\/pr:1000x1000\/aHR0cDovL21lZGlhMi5kZXNpZ25wYXJ0bmVyLmZyL2MvcC8xOTg5OS8xOTg5OS0xNjM5LTIud2VicA?v=1751554481","https:\/\/media.th4.com\/FFeTIvQLyK4XDO_Nz6WMz707I_PgPKhWRiv6_ls8g7o\/pr:1000x1000\/aHR0cDovL21lZGlhMi5kZXNpZ25wYXJ0bmVyLmZyL2MvcC8xOTg5OS8xOTg5OS0xNjM5LTMud2VicA?v=1751554481"],"large":["https:\/\/media.th4.com\/Cye-9l4Y4Zihkm2Bp2A7Y4hJ5rzB5iHl96GlclvwTUo\/pr:1920\/aHR0cDovL21lZGlhMi5kZXNpZ25wYXJ0bmVyLmZyL2MvcC8xOTg5OS8xOTg5OS0xNjM5LTEud2VicA?v=1751554481","https:\/\/media.th4.com\/i7S-7dBskQnnah1W5K08NaT5pGzhpUSm0MSSNeJsxtw\/pr:1920\/aHR0cDovL21lZGlhMi5kZXNpZ25wYXJ0bmVyLmZyL2MvcC8xOTg5OS8xOTg5OS0xNjM5LTIud2VicA?v=1751554481","https:\/\/media.th4.com\/E9jyvwvNfWwRvXN_G5KvoH9Jpcz2f15BA-XAt_AE5mU\/pr:1920\/aHR0cDovL21lZGlhMi5kZXNpZ25wYXJ0bmVyLmZyL2MvcC8xOTg5OS8xOTg5OS0xNjM5LTMud2VicA?v=1751554481"],"opengraph":["https:\/\/media.th4.com\/d7rR9EFMRUPJeGk6xPG3SHxTlU-80n3AftrZufG5dNE\/pr:1200x630\/aHR0cDovL21lZGlhMi5kZXNpZ25wYXJ0bmVyLmZyL2MvcC8xOTg5OS8xOTg5OS0xNjM5LTEud2VicA?v=1751554481","https:\/\/media.th4.com\/7huTTnv4o9p2BciRwLaWMAU9j0V3aA1EjgI7BoejxXg\/pr:1200x630\/aHR0cDovL21lZGlhMi5kZXNpZ25wYXJ0bmVyLmZyL2MvcC8xOTg5OS8xOTg5OS0xNjM5LTIud2VicA?v=1751554481","https:\/\/media.th4.com\/sv4A787o1tNAfLjZvooVZplX4AUhUGQw0uN50u8_bQU\/pr:1200x630\/aHR0cDovL21lZGlhMi5kZXNpZ25wYXJ0bmVyLmZyL2MvcC8xOTg5OS8xOTg5OS0xNjM5LTMud2VicA?v=1751554481"]},"country_origin":"CN","traceability":{"manufacturing_country_id":null,"weaving_country_id":null,"dyeing_country_id":null},"sizes":[{"id":5,"article_id":505941,"class_id":2,"name":"XS","on_standby":false,"stock_local":0,"stock_global":197,"multiple":1,"estimated_date_reassort":null,"is_destocking":false},{"id":3,"article_id":505942,"class_id":3,"name":"S","on_standby":false,"stock_local":0,"stock_global":166,"multiple":1,"estimated_date_reassort":null,"is_destocking":false},{"id":2,"article_id":505943,"class_id":4,"name":"M","on_standby":false,"stock_local":0,"stock_global":228,"multiple":1,"estimated_date_reassort":null,"is_destocking":false},{"id":1,"article_id":505944,"class_id":5,"name":"L","on_standby":false,"stock_local":0,"stock_global":228,"multiple":1,"estimated_date_reassort":null,"is_destocking":false},{"id":4,"article_id":505945,"class_id":6,"name":"XL","on_standby":false,"stock_local":0,"stock_global":320,"multiple":1,"estimated_date_reassort":null,"is_destocking":false},{"id":1116,"article_id":505946,"class_id":7,"name":"2XL","on_standby":false,"stock_local":0,"stock_global":153,"multiple":1,"estimated_date_reassort":null,"is_destocking":false},{"id":1081,"article_id":505947,"class_id":8,"name":"3XL","on_standby":false,"stock_local":0,"stock_global":61,"multiple":1,"estimated_date_reassort":null,"is_destocking":false}],"page_links":{"fr":"\/fr\/p-pr-pa1032-short-2-en-1-ecoresponsable-pa1032-19899\/black-1639\/","en":"\/en\/p-pr-pa1032-eco-friendly-2-in-1-shorts-pa1032-19899\/black-1639\/","de":"\/de\/p-pr-pa1032-nachhaltige-2-in-1-shorts-pa1032-19899\/black-1639\/","nl":"\/nl\/p-pr-pa1032-eco-verantwoorde-2-in-1-short-pa1032-19899\/black-1639\/","es":"\/es\/p-pr-pa1032-pantalon-corto-2-en-1-ecorresponsable-pa1032-19899\/black-1639\/","it":"\/it\/p-pr-pa1032-short-2-in-1-ecosostenibile-pa1032-19899\/black-1639\/","sv":"\/sv\/p-pr-pa1032-ekologiskt-ansvarsfulla-2-i-1-shorts-pa1032-19899\/black-1639\/","pt":"\/pt\/p-pr-pa1032-calcoes-2-em-1-ecorresponsaveis-pa1032-19899\/black-1639\/","da":"\/da\/p-pr-pa1032-2-i-1-miljoansvarlige-shorts-pa1032-19899\/black-1639\/","pl":"\/pl\/p-pr-pa1032-ekologiczne-szorty-2-w-1-pa1032-19899\/black-1639\/"},"page_links_customization":{"fr":"\/fr\/p-pr-pa1032-short-2-1-pa1032-personnalisable-19899\/black-1639\/custom\/","en":"\/en\/p-pr-pa1032-short-2-1-pa1032-customizable-19899\/black-1639\/custom\/","de":"\/de\/p-pr-pa1032-short-2-1-pa1032-anpassbar-19899\/black-1639\/custom\/","nl":"\/nl\/p-pr-pa1032-short-2-1-pa1032-aanpasbaar-19899\/black-1639\/custom\/","es":"\/es\/p-pr-pa1032-short-2-1-pa1032-personalizable-19899\/black-1639\/custom\/","it":"\/it\/p-pr-pa1032-short-2-1-pa1032-personalizzabile-19899\/black-1639\/custom\/","sv":"\/sv\/p-pr-pa1032-short-2-1-pa1032-customizable-19899\/black-1639\/custom\/","pt":"\/pt\/p-pr-pa1032-short-2-1-pa1032-personalizavel-19899\/black-1639\/custom\/","da":"\/da\/p-pr-pa1032-short-2-1-pa1032-tilpasselig-19899\/black-1639\/custom\/","pl":"\/pl\/p-pr-pa1032-short-2-1-pa1032-personalizowany-19899\/black-1639\/custom\/"}}],"documentation_link":"\/pdf\/19899.pdf","countries_availables":["AD","AE","AL","AT","BA","BD","BE","BG","BL","CA","CH","CN","CO","CY","CZ","DE","DK","DO","EE","EG","ES","ET","FI","FR","GB","GE","GF","GP","GR","GT","HK","HN","HR","HT","HU","ID","IE","IN","IS","IT","JO","JP","KE","KH","KP","KR","LA","LK","LS","LT","LU","LV","MA","MF","MG","MK","MM","MN","MQ","MT","MX","MY","NC","NI","NL","PF","PH","PK","PL","PM","PT","RE","RO","SE","SG","SI","SK","SV","SY","TH","TN","TR","TW","TZ","US","VN","WF","YT"]},"infos_customization":[],"features":{"authorize_multi_surfaces":true,"display_order_delay_type":true,"promote_surface_display":true,"tarification_franco_offert":true,"enabled_3d_editor":false},"markings":[{"id":0,"nom":"vierge","finition":null,"libelle":null,"code":null,"dpi":null,"finesse_forme_isolee":null,"finesse_forme_non_isolee":null,"hauteur_minimale_texte":null,"inactif":0,"marquage_interne":1,"quantite_min":null,"parent_id":null,"print_on_support":0,"content":"vierge","description":null},{"id":2,"nom":"fonce","finition":"optimale","libelle":"TopQuadri","code":null,"dpi":400,"finesse_forme_isolee":"0.040","finesse_forme_non_isolee":"0.700","hauteur_minimale_texte":2,"inactif":0,"marquage_interne":1,"quantite_min":null,"parent_id":18,"print_on_support":0,"content":"TopQuadri","description":"pour petites et moyennes s\u00e9ries"},{"id":3,"nom":"serigraphie","finition":"serigraphie","libelle":"SeriCoat","code":null,"dpi":400,"finesse_forme_isolee":"0.040","finesse_forme_non_isolee":"0.700","hauteur_minimale_texte":2,"inactif":0,"marquage_interne":1,"quantite_min":15,"parent_id":18,"print_on_support":0,"content":"SeriCoat","description":"pour moyennes et grandes s\u00e9ries"},{"id":4,"nom":"broderie","finition":"broderie","libelle":"Broderie","code":null,"dpi":400,"finesse_forme_isolee":"0.040","finesse_forme_non_isolee":"0.700","hauteur_minimale_texte":3,"inactif":0,"marquage_interne":1,"quantite_min":null,"parent_id":null,"print_on_support":0,"content":"Broderie","description":null},{"id":8,"nom":"theme","finition":null,"libelle":"Th\u00e8me","code":null,"dpi":null,"finesse_forme_isolee":null,"finesse_forme_non_isolee":null,"hauteur_minimale_texte":null,"inactif":0,"marquage_interne":1,"quantite_min":null,"parent_id":null,"print_on_support":0,"content":"Th\u00e8me","description":null},{"id":9,"nom":"sans","finition":null,"libelle":null,"code":null,"dpi":null,"finesse_forme_isolee":null,"finesse_forme_non_isolee":null,"hauteur_minimale_texte":null,"inactif":0,"marquage_interne":1,"quantite_min":null,"parent_id":null,"print_on_support":0,"content":"sans","description":null},{"id":10,"nom":"photo","finition":null,"libelle":"Photo","code":null,"dpi":null,"finesse_forme_isolee":null,"finesse_forme_non_isolee":null,"hauteur_minimale_texte":null,"inactif":0,"marquage_interne":1,"quantite_min":null,"parent_id":null,"print_on_support":0,"content":"Photo","description":null},{"id":14,"nom":"couleur","finition":null,"libelle":"Couleur","code":null,"dpi":null,"finesse_forme_isolee":null,"finesse_forme_non_isolee":null,"hauteur_minimale_texte":null,"inactif":0,"marquage_interne":1,"quantite_min":null,"parent_id":null,"print_on_support":0,"content":"Couleur","description":null},{"id":15,"nom":"sublimation","finition":"sublimation","libelle":"Sublimation","code":null,"dpi":null,"finesse_forme_isolee":"0.000","finesse_forme_non_isolee":"0.000","hauteur_minimale_texte":2,"inactif":0,"marquage_interne":1,"quantite_min":null,"parent_id":null,"print_on_support":0,"content":"Sublimation","description":null},{"id":16,"nom":"topquadri_uv","finition":null,"libelle":"TopQuadri UV","code":null,"dpi":null,"finesse_forme_isolee":"0.020","finesse_forme_non_isolee":"0.700","hauteur_minimale_texte":2,"inactif":0,"marquage_interne":1,"quantite_min":null,"parent_id":null,"print_on_support":1,"content":null,"description":null},{"id":17,"nom":"topquadri_uvp","finition":null,"libelle":"TopQuadri UVP","code":null,"dpi":null,"finesse_forme_isolee":"0.020","finesse_forme_non_isolee":"0.700","hauteur_minimale_texte":2,"inactif":0,"marquage_interne":1,"quantite_min":null,"parent_id":null,"print_on_support":1,"content":null,"description":null},{"id":18,"nom":"quadri","finition":null,"libelle":"Impression","code":null,"dpi":null,"finesse_forme_isolee":null,"finesse_forme_non_isolee":null,"hauteur_minimale_texte":null,"inactif":0,"marquage_interne":1,"quantite_min":null,"parent_id":null,"print_on_support":0,"content":null,"description":null}]}}