{"data":{"product":{"id":19895,"titre":"Short homme","description":"Mati\u00e8re ultra confortable. Ceinture \u00e9lastiqu\u00e9e avec cordon de serrage bicolore finition embout plastique et \u0153illets m\u00e9talliques. 2 poches devant doubl\u00e9es jersey et 1 poche arri\u00e8re zipp\u00e9e, finition thermosoud\u00e9e contrast\u00e9e. Finition poches avec une partie \u00e9lastiqu\u00e9e contrast\u00e9e Black sur tous les coloris et Dark Grey sur le Black et le Ash Heather. Finition double aiguille sur bas de v\u00eatement. \u00c9tiquette de marque Tear-away. Composition : 94% polyester, 6% \u00e9lasthanne (Coloris chin\u00e9s :  79% polyester, 15% viscose, 6%  \u00e9lasthanne).","genre":"homme","grammage":310,"conditionnement":20,"composition":"polyester,elasthanne","reference":"pr-pa1028","reference_visible":"pr-pa1028","reference_fabricant":"PA1028","ref_xor":"728050","in_catalog":true,"is_transfer":false,"is_service":false,"on_standby":false,"has_3d":false,"has_size_guide":false,"has_marking":true,"has_vierge":true,"is_cross_sellable":false,"id_picto":91,"filename_3d":null,"brand":{"id":37,"name":"ProAct","logo":"logo-proact.png","image":"https:\/\/media.th4.com\/CKM3LQUaRrAReFrsWSZzr53ir5Wwj7MUz_VC-FY97NA\/pr:brand70x70\/aHR0cDovL21lZGlhMi5kZXNpZ25wYXJ0bmVyLmZyL2MvbS9sb2dvLXByb2FjdC5wbmc"},"price_infos":{"price_from":18.52,"quantity":200,"color":{"id":16933,"name":"deep_grey_heather"},"size":{"id":2,"name":"M"}},"price_infos_marking":{"price_from":23.3,"quantity":350,"color":{"id":16933,"name":"deep_grey_heather"},"size":{"id":2,"name":"M"},"marking":{"id":2,"name":""},"emplacement":"avant","surface_emplacement_id":6438,"surface":"Bas gauche"},"i18n":{"blank":{"title":{"fr":"Short Homme Short PROACT pa1028","en":"Short Homme PROACT Shorts pa1028","de":"Short Homme Shorts PROACT pa1028","nl":"Short Homme PROACT heren short pa1028","es":"Short Homme Short PROACT pa1028","it":"Short Homme Pantaloncini PROACT pa1028","sv":"Short Homme Shorts PROACT pa1028","pt":"Short Homme Cal\u00e7\u00f5es PROACT pa1028","da":"Short Homme Shorts PROACT pa1028","pl":"Short Homme Szorty PROACT pa1028"},"description":{"fr":"Le Short Homme est un short homme avec ceinture \u00e9lastiqu\u00e9e et cordon de serrage. Deux poches devant et une poche arri\u00e8re zipp\u00e9e. Composition 94% polyester, 6% \u00e9lasthanne. Coloris chin\u00e9s : 79% polyester, 15% viscose, 6% \u00e9lasthanne.\n\n- 94% polyester, 6% \u00e9lasthanne\n- Ceinture \u00e9lastiqu\u00e9e, cordon serrage\n- 2 poches devant\n- 1 poche arri\u00e8re zipp\u00e9e","en":"The Short Homme is short homme shorts with an elasticated waistband and drawstring. Two front pockets and one zipped back pocket. Composition: 94% polyester, 6% elastane. Heather colours: 79% polyester, 15% viscose, 6% elastane.\n\n- 94% polyester, 6% elastane\n- Elasticated waistband, drawstring\n- 2 front pockets\n- 1 zipped back pocket","de":"Die Short Homme sind short homme mit elastischem Bund und Kordelzug. Zwei Fronttaschen und eine Ges\u00e4\u00df-Rei\u00dfverschlusstasche. Zusammensetzung: 94% Polyester, 6% Elasthan. Melierte Farben: 79% Polyester, 15% Viskose, 6% Elasthan.\n\n- 94% Polyester, 6% Elasthan\n- Elastischer Bund, Kordelzug\n- 2 Fronttaschen\n- 1 Ges\u00e4\u00df-Rei\u00dfverschlusstasche","nl":"De Short Homme is een short homme met elastische tailleband en aantrekkoord. Twee zakken voor en een achterzak met rits. Samenstelling 94% polyester, 6% elastaan. Gem\u00ealeerde kleuren: 79% polyester, 15% viscose, 6% elastaan.\n\n- 94% polyester, 6% elastaan\n- Elastische tailleband, aantrekkoord\n- 2 zakken voor\n- 1 achterzak met rits","es":"El Short Homme es un short homme con cintura el\u00e1stica y cord\u00f3n de ajuste. Dos bolsillos delanteros y un bolsillo trasero con cremallera. Composici\u00f3n 94% poli\u00e9ster, 6% elastano. Colores jaspeados: 79% poli\u00e9ster, 15% viscosa, 6% elastano.\n\n- 94% poli\u00e9ster, 6% elastano\n- Cintura el\u00e1stica, cord\u00f3n de ajuste\n- 2 bolsillos delanteros\n- 1 bolsillo trasero con cremallera","it":"Gli Short Homme sono pantaloncini da uomo con vita elasticizzata e cordino di regolazione. Due tasche anteriori e una tasca posteriore con zip. Composizione 94% poliestere, 6% elastan. Colori m\u00e9lange: 79% poliestere, 15% viscosa, 6% elastan.\n\n- 94% poliestere, 6% elastan\n- Vita elasticizzata, cordino di regolazione\n- 2 tasche anteriori\n- 1 tasca posteriore con zip","sv":"Short Homme \u00e4r ett short homme med elastisk midja och dragsko. Tv\u00e5 framfickor och en bakficka med dragkedja. Material 94% polyester, 6% elastan. Melangf\u00e4rger: 79% polyester, 15% viskos, 6% elastan.\n\n- 94% polyester, 6% elastan\n- Elastisk midja, dragsko\n- 2 framfickor\n- 1 bakficka med dragkedja","pt":"Os Short Homme s\u00e3o uns short homme com cintura el\u00e1stica e cord\u00e3o de ajuste. Dois bolsos frontais e um bolso traseiro com fecho de correr. Composi\u00e7\u00e3o 94% poli\u00e9ster, 6% elastano. Cores mescladas: 79% poli\u00e9ster, 15% viscose, 6% elastano.\n\n- 94% poli\u00e9ster, 6% elastano\n- Cintura el\u00e1stica, cord\u00e3o de ajuste\n- 2 bolsos frontais\n- 1 bolso traseiro com fecho de correr","da":"Short Homme er et short homme med elastisk linning og sn\u00f8re. To forlommer og en baglomme med lynl\u00e5s. Sammens\u00e6tning 94% polyester, 6% elastan. Melangefarver: 79% polyester, 15% viskose, 6% elastan.\n\n- 94% polyester, 6% elastan\n- Elastisk linning, sn\u00f8re\n- 2 forlommer\n- 1 baglomme med lynl\u00e5s","pl":"Short Homme to short homme z elastycznym pasem i sznurkiem do \u015bci\u0105gania. Dwie kieszenie z przodu i jedna tylna kiesze\u0144 zapinana na zamek. Sk\u0142ad 94% poliester, 6% elastan. Kolory melan\u017cowe: 79% poliester, 15% wiskoza, 6% elastan.\n\n- 94% poliester, 6% elastan\n- Elastyczny pas, sznurek do \u015bci\u0105gania\n- 2 kieszenie z przodu\n- 1 tylna kiesze\u0144 zapinana na zamek"},"h1":{"fr":"Short Homme Short pa1028","en":"Short Homme Shorts pa1028","de":"Short Homme Shorts pa1028","nl":"Short Homme heren short pa1028","es":"Short Homme Short pa1028","it":"Short Homme Pantaloncini pa1028","sv":"Short Homme Shorts pa1028","pt":"Short Homme Cal\u00e7\u00f5es pa1028","da":"Short Homme Shorts pa1028","pl":"Short Homme Szorty pa1028"},"meta_description":{"fr":"Short homme avec ceinture \u00e9lastiqu\u00e9e et cordon de serrage. Deux poches devant et une poche arri\u00e8re zipp\u00e9e. Composition 94% polyester, 6% \u00e9lasthanne.","en":"Short homme with elasticated waistband and drawstring. Two front pockets and one zipped back pocket. Composition: 94% polyester, 6% elastane.","de":"Short homme mit elastischem Bund und Kordelzug. Zwei Fronttaschen und eine Ges\u00e4\u00df-Rei\u00dfverschlusstasche. Zusammensetzung: 94% Polyester, 6% Elasthan.","nl":"Short homme met elastische tailleband en aantrekkoord. Twee zakken voor en een achterzak met rits. Samenstelling 94% polyester, 6% elastaan.","es":"Short homme con cintura el\u00e1stica y cord\u00f3n de ajuste. Dos bolsillos delanteros y un bolsillo trasero con cremallera. Composici\u00f3n 94% poli\u00e9ster, 6% elastano.","it":"Short homme con vita elasticizzata e cordino di regolazione. Due tasche anteriori e una tasca posteriore con zip. Composizione 94% poliestere, 6% elastan.","sv":"Short homme med elastisk midja och dragsko. Tv\u00e5 framfickor och en bakficka med dragkedja. Material 94% polyester, 6% elastan.","pt":"Short homme com cintura el\u00e1stica e cord\u00e3o de ajuste. Dois bolsos frontais e um bolso traseiro com fecho de correr. Composi\u00e7\u00e3o 94% poli\u00e9ster, 6% elastano.","da":"Short Homme med elastisk linning og sn\u00f8re. To forlommer og en baglomme med lynl\u00e5s. Sammens\u00e6tning 94% polyester, 6% elastan.","pl":"Short homme z elastycznym pasem i sznurkiem do \u015bci\u0105gania. Dwie kieszenie z przodu i jedna tylna kiesze\u0144 zapinana na zamek. Sk\u0142ad 94% poliester, 6% elastan."}},"custom":{"title":{"fr":"Short homme ProAct pa1028 personnalisable","en":"Short homme ProAct pa1028 customizable","de":"Short homme ProAct pa1028 anpassbar","nl":"Short homme ProAct pa1028 aanpasbaar","es":"Short homme ProAct pa1028 personalizable","it":"Short uomo ProAct pa1028 personalizzabile","sv":"Short homme ProAct pa1028 anpassningsbar","pt":"Short homme ProAct pa1028 personaliz\u00e1vel","da":"Short homme ProAct pa1028 tilpasselig","pl":"Short homme ProAct pa1028 dostosowywalny"},"description":{"fr":"Le short homme est confectionn\u00e9 en polyester et \u00e9lasthanne, avec des variantes en polyester, viscose et \u00e9lasthanne pour les coloris chin\u00e9s. Il pr\u00e9sente une ceinture \u00e9lastiqu\u00e9e munie d'un cordon de serrage bicolore avec embouts plastiques et \u0153illets m\u00e9talliques. Deux poches avant doubl\u00e9es jersey et une poche arri\u00e8re zipp\u00e9e avec finition thermosoud\u00e9e contrast\u00e9e compl\u00e8tent le mod\u00e8le.\n\n- Composition principale 94% polyester 6% \u00e9lasthanne\n- Coloris chin\u00e9s 79% polyester 15% viscose 6% \u00e9lasthanne\n- Ceinture \u00e9lastiqu\u00e9e avec cordon serrage\n- Poches avant et arri\u00e8re zipp\u00e9e\n- Personnalisable","en":"The short homme is made of polyester and elastane, with variants in polyester, viscose and elastane for heathered colors. It features an elastic waistband with a two-tone drawstring with plastic tips and metal eyelets. Two front pockets lined with jersey and a zipped back pocket with contrasting heat-sealed finish complete the model.\n\n- Main composition 94% polyester 6% elastane\n- Heathered colors 79% polyester 15% viscose 6% elastane\n- Elastic waistband with drawstring\n- Front pockets and zipped back pocket\n- Customizable","de":"Der short homme ist aus Polyester und Elasthan gefertigt, mit Varianten aus Polyester, Viskose und Elasthan f\u00fcr melierte Farben. Er verf\u00fcgt \u00fcber einen elastischen Bund mit zweifarbiger Kordel mit Kunststoffenden und Metall\u00f6sen. Zwei vorn mit Jersey gef\u00fctterte Taschen und eine hinten mit Rei\u00dfverschluss versehene Tasche mit kontrastierender Thermoversiegelung erg\u00e4nzen das Modell.\n\n- Hauptzusammensetzung 94% Polyester 6% Elasthan\n- Melierte Farben 79% Polyester 15% Viskose 6% Elasthan\n- Elastischer Bund mit Kordel\n- Vordere und hintere Rei\u00dfverschlusstaschen\n- Personalisierbar","nl":"De short homme is gemaakt van polyester en elastaan, met varianten in polyester, viscose en elastaan voor gem\u00ealeerde kleuren. Hij heeft een elastische tailleband met een tweekleurige trekkoorde met kunststof uiteinden en metalen oogjes. Twee voorzakken met jersey voering en een achterzak met ritssluiting en contrasterende thermogelaste afwerking completeren het model.\n\n- Hoofdsamenstelling 94% polyester 6% elastaan\n- Gem\u00ealeerde kleuren 79% polyester 15% viscose 6% elastaan\n- Elastische tailleband met trekkoorde\n- Voor- en achterzak met ritssluiting\n- Aanpasbaar","es":"El short homme est\u00e1 confeccionado en poli\u00e9ster y elastano, con variantes en poli\u00e9ster, viscosa y elastano para los colores jaspeados. Presenta una cintura el\u00e1stica con cord\u00f3n bicolor con extremos de pl\u00e1stico y ojales met\u00e1licos. Dos bolsillos frontales forrados en jersey y un bolsillo trasero con cremallera y acabado termofundido contrastado completan el modelo.\n\n- Composici\u00f3n principal 94% poli\u00e9ster 6% elastano\n- Colores jaspeados 79% poli\u00e9ster 15% viscosa 6% elastano\n- Cintura el\u00e1stica con cord\u00f3n ajustable\n- Bolsillos delanteros y trasero con cremallera\n- Personalizable","it":"Lo short uomo \u00e8 realizzato in poliestere ed elastan, con varianti in poliestere, viscosa ed elastan per i colori melangiati. Presenta una vita elasticizzata con coulisse bicolore con terminali in plastica e occhielli metallici. Due tasche anteriori foderate in jersey e una tasca posteriore con zip e finitura termosaldata a contrasto completano il modello.\n\n- Composizione principale 94% poliestere 6% elastan\n- Colorazioni melangiate 79% poliestere 15% viscosa 6% elastan\n- Vita elasticizzata con coulisse\n- Tasche anteriori e posteriore con zip\n- Personalizzabile","sv":"Short homme \u00e4r tillverkad i polyester och elastan, med varianter i polyester, viskos och elastan f\u00f6r melerade f\u00e4rger. Den har en elastisk midja med tv\u00e5f\u00e4rgat sn\u00f6re med plast\u00e4ndar och metall\u00f6glor. Tv\u00e5 framfickor fodrade med jersey och en bakficka med dragkedja och kontrasterande termolimmad finish kompletterar modellen.\n\n- Huvudsammans\u00e4ttning 94% polyester 6% elastan\n- Melangef\u00e4rger 79% polyester 15% viskos 6% elastan\n- Elastisk midja med dragsko\n- Fram- och bakfickor med dragkedja\n- Anpassningsbar","pt":"O short homme \u00e9 fabricado em poli\u00e9ster e elastano, com varia\u00e7\u00f5es em poli\u00e9ster, viscose e elastano para as cores mescladas. Apresenta cintura el\u00e1stica com cord\u00e3o bicolor com pontas pl\u00e1sticas e ilh\u00f3s met\u00e1licos. Dois bolsos frontais forrados com jersey e um bolso traseiro com z\u00edper e acabamento termossoldado contrastante completam o modelo.\n\n- Composi\u00e7\u00e3o principal 94% poli\u00e9ster 6% elastano\n- Cores mescladas 79% poli\u00e9ster 15% viscose 6% elastano\n- Cintura el\u00e1stica com cord\u00e3o de aperto\n- Bolsos frontais e traseiro com z\u00edper\n- Personaliz\u00e1vel","da":"Short homme er fremstillet i polyester og elastan med varianter i polyester, viscose og elastan for melerede farver. Den har en elastisk linning med tofarvet snor med plastikender og metal\u00f8jer. To forlommer foret med jersey og en lynl\u00e5slomme bagp\u00e5 med kontrasterende termosvejset finish fuldender modellen.\n\n- Hovedmateriale 94% polyester 6% elastan\n- Melerede farver 79% polyester 15% viscose 6% elastan\n- Elastisk linning med snor\n- For- og baglommer med lynl\u00e5s\n- Tilpasselig","pl":"Short homme wykonany z poliestru i elastanu, warianty z poliestru, wiskozy i elastanu dla melan\u017cowych kolor\u00f3w. Posiada elastyczny pas z dwukolorowym sznurkiem ze zdobieniami plastikowymi i metalowymi oczkami. Dwie przednie kieszenie wy\u015bcie\u0142ane d\u017cersejem oraz tylna kiesze\u0144 na zamek z kontrastowym uszczelnieniem termicznym.\n\n- G\u0142\u00f3wna kompozycja 94% poliester 6% elastan\n- Kolory melan\u017cowe 79% poliester 15% wiskoza 6% elastan\n- Elastyczny pas z sznurkiem\n- Kieszenie przednie i tylna na zamek\n- Mo\u017cliwo\u015b\u0107 personalizacji"},"h1":{"fr":"Short homme pa1028 personnalisable","en":"Short homme pa1028 customizable","de":"Short homme pa1028 anpassbar","nl":"Short homme pa1028 aanpasbaar","es":"Short homme pa1028 personalizable","it":"Short uomo pa1028 personalizzabile","sv":"Short homme pa1028 anpassningsbar","pt":"Short homme pa1028 personaliz\u00e1vel","da":"Short homme pa1028 tilpasselig","pl":"Short homme pa1028 dostosowywalny"},"meta_description":{"fr":"Short homme en polyester et \u00e9lasthanne, ceinture \u00e9lastiqu\u00e9e, poches fonctionnelles, finition contrast\u00e9e et personnalisation possible.","en":"Short homme in polyester and elastane, elastic waistband, functional pockets, contrasting finish and customizable.","de":"Short homme aus Polyester und Elasthan, elastischer Bund, funktionale Taschen, kontrastierende Veredelung und Personalisierung m\u00f6glich.","nl":"Short homme van polyester en elastaan, elastische tailleband, functionele zakken, contrasterende afwerking en mogelijkheid tot personalisatie.","es":"Short homme en poli\u00e9ster y elastano, cintura el\u00e1stica, bolsillos funcionales, acabado contrastado y personalizaci\u00f3n posible.","it":"Short uomo in poliestere ed elastan, vita elasticizzata, tasche funzionali, finitura a contrasto e possibilit\u00e0 di personalizzazione.","sv":"Short homme i polyester och elastan, elastisk midja, funktionella fickor, kontrasterande finish och m\u00f6jlighet till anpassning.","pt":"Short homme em poli\u00e9ster e elastano, cintura el\u00e1stica, bolsos funcionais, acabamento contrastante e personaliza\u00e7\u00e3o poss\u00edvel.","da":"Short homme i polyester og elastan, elastisk linning, funktionelle lommer, kontrasts\u00f8mme og mulighed for tilpasning.","pl":"Short homme z poliestru i elastanu, elastyczny pas, funkcjonalne kieszenie, kontrastowe wyko\u0144czenie i mo\u017cliwo\u015b\u0107 personalizacji."}}},"categories":[{"id":76,"name":"Shorts","singular":"Short","is_feminin":false},{"id":560,"name":"Sports et Loisirs","singular":"Sport et Loisir","is_feminin":false},{"id":498,"name":"Pantalons et shorts","singular":"Pantalon, short","is_feminin":false},{"id":559,"name":"Univers","singular":"Univers","is_feminin":false},{"id":354,"name":"Textile","singular":"Textile","is_feminin":false}],"certifications":[{"id":13,"label":"EVE Vegan","logo_link":"\/images\/certifications\/13_EVE_Vegan.jpg","is_marking_compatible":false}],"videos":{"fr":[],"en":[],"de":[],"nl":[],"es":[],"it":[],"sv":[],"pt":[],"da":[],"pl":[]},"main_images":{"miniature":"https:\/\/media.th4.com\/muCmKjAaxxBx4PgSaJH4rcY7lZcdcvNcwJxv1q-Jyjk\/pr:80\/aHR0cDovL21lZGlhMi5kZXNpZ25wYXJ0bmVyLmZyL2MvcC1ibGFuay1USC8xOTg5NS53ZWJw?v=1751554550","medium":"https:\/\/media.th4.com\/Sg3ICspV5mSCLtj8DHQ3A6H1cRkfrppYARVPiK_YCWI\/pr:550x550greybg\/aHR0cDovL21lZGlhMi5kZXNpZ25wYXJ0bmVyLmZyL2MvcC1ibGFuay1USC8xOTg5NS53ZWJw?v=1751554550","medium_large":"https:\/\/media.th4.com\/lBZzYFk2gF-dyNJ1mwFGW9wrgkRz3y8qqgpKEPc4N-k\/pr:1000x1000greybg\/aHR0cDovL21lZGlhMi5kZXNpZ25wYXJ0bmVyLmZyL2MvcC1ibGFuay1USC8xOTg5NS53ZWJw?v=1751554550","large":"https:\/\/media.th4.com\/cDSnaSID7qSvcVi6hJsSBpoVFlaX8iTKwbVNRulm3TM\/pr:1920greybg\/aHR0cDovL21lZGlhMi5kZXNpZ25wYXJ0bmVyLmZyL2MvcC1ibGFuay1USC8xOTg5NS53ZWJw?v=1751554550","opengraph":"https:\/\/media.th4.com\/4hKVo4Wg2Ne5z3_VItjAgPGFyBPxjD9pWqdjpgCaLvc\/pr:1200x630greybg\/aHR0cDovL21lZGlhMi5kZXNpZ25wYXJ0bmVyLmZyL2MvcC1ibGFuay1USC8xOTg5NS53ZWJw?v=1751554550"},"main_images_customization":{"miniature":"https:\/\/media.th4.com\/QJm32TcwioInDZYPAqQCpk9k_ceKv0Q2UmvfbpxFV_4\/pr:80\/aHR0cDovL21lZGlhMi5kZXNpZ25wYXJ0bmVyLmZyL2MvcC1jdXN0b20tVEgvMTk4OTUud2VicA?v=1751554558","medium":"https:\/\/media.th4.com\/Szw5YalgHFEOyq33YPl9x0SAjVUMknBc8v4t22Z8yRs\/pr:550x550greybg\/aHR0cDovL21lZGlhMi5kZXNpZ25wYXJ0bmVyLmZyL2MvcC1jdXN0b20tVEgvMTk4OTUud2VicA?v=1751554558","medium_large":"https:\/\/media.th4.com\/M7KfPmfJVBgqq-tca8cS_3G-EybxtcNIG4VqGOWEgOs\/pr:1000x1000greybg\/aHR0cDovL21lZGlhMi5kZXNpZ25wYXJ0bmVyLmZyL2MvcC1jdXN0b20tVEgvMTk4OTUud2VicA?v=1751554558","large":"https:\/\/media.th4.com\/drGcFGVGiXlln6MhlhsIsghLqDRhTIWQ5KFxe0KJPW8\/pr:1920greybg\/aHR0cDovL21lZGlhMi5kZXNpZ25wYXJ0bmVyLmZyL2MvcC1jdXN0b20tVEgvMTk4OTUud2VicA?v=1751554558","opengraph":"https:\/\/media.th4.com\/0_I_4dwpOHCD3ydt2nRvkiQqYF8xcz17Vc9OBBVSyYY\/pr:1200x630greybg\/aHR0cDovL21lZGlhMi5kZXNpZ25wYXJ0bmVyLmZyL2MvcC1jdXN0b20tVEgvMTk4OTUud2VicA?v=1751554558"},"page_links":{"fr":"\/fr\/p-pr-pa1028-short-homme-short-pa1028-19895\/","en":"\/en\/p-pr-pa1028-short-homme-shorts-pa1028-19895\/","de":"\/de\/p-pr-pa1028-short-homme-shorts-pa1028-19895\/","nl":"\/nl\/p-pr-pa1028-short-homme-heren-short-pa1028-19895\/","es":"\/es\/p-pr-pa1028-short-homme-short-pa1028-19895\/","it":"\/it\/p-pr-pa1028-short-homme-pantaloncini-pa1028-19895\/","sv":"\/sv\/p-pr-pa1028-short-homme-shorts-pa1028-19895\/","pt":"\/pt\/p-pr-pa1028-short-homme-calcoes-pa1028-19895\/","da":"\/da\/p-pr-pa1028-short-homme-shorts-pa1028-19895\/","pl":"\/pl\/p-pr-pa1028-short-homme-szorty-pa1028-19895\/"},"page_links_customization":{"fr":"\/fr\/p-pr-pa1028-short-homme-pa1028-personnalisable-19895\/custom\/","en":"\/en\/p-pr-pa1028-short-homme-pa1028-customizable-19895\/custom\/","de":"\/de\/p-pr-pa1028-short-homme-pa1028-anpassbar-19895\/custom\/","nl":"\/nl\/p-pr-pa1028-short-homme-pa1028-aanpasbaar-19895\/custom\/","es":"\/es\/p-pr-pa1028-short-homme-pa1028-personalizable-19895\/custom\/","it":"\/it\/p-pr-pa1028-short-uomo-pa1028-personalizzabile-19895\/custom\/","sv":"\/sv\/p-pr-pa1028-short-homme-pa1028-anpassningsbar-19895\/custom\/","pt":"\/pt\/p-pr-pa1028-short-homme-pa1028-personalizavel-19895\/custom\/","da":"\/da\/p-pr-pa1028-short-homme-pa1028-tilpasselig-19895\/custom\/","pl":"\/pl\/p-pr-pa1028-short-homme-pa1028-dostosowywalny-19895\/custom\/"},"equivalent_products":[],"colors":[{"id":16933,"name":"deep_grey_heather","class_ids":[3],"codes_hexa":["736F71"],"delai_24":false,"has_3d":false,"seuil_global":0,"stock_local":0,"stock_global":1254,"on_standby":false,"in_catalog":true,"images":{"miniature":["https:\/\/media.th4.com\/Ikaq06Z20bFHxH22T6vYRVsCR7xtWTJLcka5LtYs6yI\/pr:80\/aHR0cDovL21lZGlhMi5kZXNpZ25wYXJ0bmVyLmZyL2MvcC8xOTg5NS8xOTg5NS0xNjkzMy0xLndlYnA?v=1751554479","https:\/\/media.th4.com\/8UJzzhtwWbBj9P965pwlUcew_6jA6m4npb5ZyCN3b-s\/pr:80\/aHR0cDovL21lZGlhMi5kZXNpZ25wYXJ0bmVyLmZyL2MvcC8xOTg5NS8xOTg5NS0xNjkzMy0yLndlYnA?v=1751554479","https:\/\/media.th4.com\/-9bfEYYWJaKgAXbdqDBf_NztLyQeZ_o1OuSE7mqwTdM\/pr:80\/aHR0cDovL21lZGlhMi5kZXNpZ25wYXJ0bmVyLmZyL2MvcC8xOTg5NS8xOTg5NS0xNjkzMy0zLndlYnA?v=1751554479"],"medium":["https:\/\/media.th4.com\/teysucNKjHcfU33sOHfyrAjX6gRDeF-6pt2GEnN2Jto\/pr:550x550\/aHR0cDovL21lZGlhMi5kZXNpZ25wYXJ0bmVyLmZyL2MvcC8xOTg5NS8xOTg5NS0xNjkzMy0xLndlYnA?v=1751554479","https:\/\/media.th4.com\/BXWQPX5qUVDV3cZ2k4Yl9RqQl255Am0XjdIayhdptqA\/pr:550x550\/aHR0cDovL21lZGlhMi5kZXNpZ25wYXJ0bmVyLmZyL2MvcC8xOTg5NS8xOTg5NS0xNjkzMy0yLndlYnA?v=1751554479","https:\/\/media.th4.com\/gXdNTpbqGbhWaUBsc2mhRlZAyInmXEn0F1SnK6nLJco\/pr:550x550\/aHR0cDovL21lZGlhMi5kZXNpZ25wYXJ0bmVyLmZyL2MvcC8xOTg5NS8xOTg5NS0xNjkzMy0zLndlYnA?v=1751554479"],"medium_large":["https:\/\/media.th4.com\/7VKwhJ_ZjVpoTMkfVcriwy8skX9LZSwm3SMnbQVAJYY\/pr:1000x1000\/aHR0cDovL21lZGlhMi5kZXNpZ25wYXJ0bmVyLmZyL2MvcC8xOTg5NS8xOTg5NS0xNjkzMy0xLndlYnA?v=1751554479","https:\/\/media.th4.com\/N9fvSOzJMoc5nk0phKhSBKGNizwMN-QlUutoKIzbWWI\/pr:1000x1000\/aHR0cDovL21lZGlhMi5kZXNpZ25wYXJ0bmVyLmZyL2MvcC8xOTg5NS8xOTg5NS0xNjkzMy0yLndlYnA?v=1751554479","https:\/\/media.th4.com\/e67eAabO3OW5gIeuqnDJSG05sIHH_6EB8tsXjXwF9M8\/pr:1000x1000\/aHR0cDovL21lZGlhMi5kZXNpZ25wYXJ0bmVyLmZyL2MvcC8xOTg5NS8xOTg5NS0xNjkzMy0zLndlYnA?v=1751554479"],"large":["https:\/\/media.th4.com\/DsiFcCmSDhyDZjf2KjhhvTRL3nv-tqT28HIcD3P5pl0\/pr:1920\/aHR0cDovL21lZGlhMi5kZXNpZ25wYXJ0bmVyLmZyL2MvcC8xOTg5NS8xOTg5NS0xNjkzMy0xLndlYnA?v=1751554479","https:\/\/media.th4.com\/JVjpCvDWixf7AwdII_cWSejNm9w7gXdgdYc_KjLd8vU\/pr:1920\/aHR0cDovL21lZGlhMi5kZXNpZ25wYXJ0bmVyLmZyL2MvcC8xOTg5NS8xOTg5NS0xNjkzMy0yLndlYnA?v=1751554479","https:\/\/media.th4.com\/Uw49St2yF-FRcHYmCeo6iLvaxjDGtooSzneguwOk81M\/pr:1920\/aHR0cDovL21lZGlhMi5kZXNpZ25wYXJ0bmVyLmZyL2MvcC8xOTg5NS8xOTg5NS0xNjkzMy0zLndlYnA?v=1751554479"],"opengraph":["https:\/\/media.th4.com\/AdSgIdu-cSIM8QR4akw0ePMw_3Wphpcv7CGM_V3Df_A\/pr:1200x630\/aHR0cDovL21lZGlhMi5kZXNpZ25wYXJ0bmVyLmZyL2MvcC8xOTg5NS8xOTg5NS0xNjkzMy0xLndlYnA?v=1751554479","https:\/\/media.th4.com\/JQAlkdRo4spSjROaMutlRSQ3bi2ULvFDC9mkWpEWJ4w\/pr:1200x630\/aHR0cDovL21lZGlhMi5kZXNpZ25wYXJ0bmVyLmZyL2MvcC8xOTg5NS8xOTg5NS0xNjkzMy0yLndlYnA?v=1751554479","https:\/\/media.th4.com\/E89AT5BaIcgZhMFd53kqSosMGzYUX9UzP_-wJi3mUt4\/pr:1200x630\/aHR0cDovL21lZGlhMi5kZXNpZ25wYXJ0bmVyLmZyL2MvcC8xOTg5NS8xOTg5NS0xNjkzMy0zLndlYnA?v=1751554479"]},"images_customization":{"miniature":["https:\/\/media.th4.com\/Ikaq06Z20bFHxH22T6vYRVsCR7xtWTJLcka5LtYs6yI\/pr:80\/aHR0cDovL21lZGlhMi5kZXNpZ25wYXJ0bmVyLmZyL2MvcC8xOTg5NS8xOTg5NS0xNjkzMy0xLndlYnA?v=1751554479","https:\/\/media.th4.com\/8UJzzhtwWbBj9P965pwlUcew_6jA6m4npb5ZyCN3b-s\/pr:80\/aHR0cDovL21lZGlhMi5kZXNpZ25wYXJ0bmVyLmZyL2MvcC8xOTg5NS8xOTg5NS0xNjkzMy0yLndlYnA?v=1751554479","https:\/\/media.th4.com\/-9bfEYYWJaKgAXbdqDBf_NztLyQeZ_o1OuSE7mqwTdM\/pr:80\/aHR0cDovL21lZGlhMi5kZXNpZ25wYXJ0bmVyLmZyL2MvcC8xOTg5NS8xOTg5NS0xNjkzMy0zLndlYnA?v=1751554479"],"medium":["https:\/\/media.th4.com\/teysucNKjHcfU33sOHfyrAjX6gRDeF-6pt2GEnN2Jto\/pr:550x550\/aHR0cDovL21lZGlhMi5kZXNpZ25wYXJ0bmVyLmZyL2MvcC8xOTg5NS8xOTg5NS0xNjkzMy0xLndlYnA?v=1751554479","https:\/\/media.th4.com\/BXWQPX5qUVDV3cZ2k4Yl9RqQl255Am0XjdIayhdptqA\/pr:550x550\/aHR0cDovL21lZGlhMi5kZXNpZ25wYXJ0bmVyLmZyL2MvcC8xOTg5NS8xOTg5NS0xNjkzMy0yLndlYnA?v=1751554479","https:\/\/media.th4.com\/gXdNTpbqGbhWaUBsc2mhRlZAyInmXEn0F1SnK6nLJco\/pr:550x550\/aHR0cDovL21lZGlhMi5kZXNpZ25wYXJ0bmVyLmZyL2MvcC8xOTg5NS8xOTg5NS0xNjkzMy0zLndlYnA?v=1751554479"],"medium_large":["https:\/\/media.th4.com\/7VKwhJ_ZjVpoTMkfVcriwy8skX9LZSwm3SMnbQVAJYY\/pr:1000x1000\/aHR0cDovL21lZGlhMi5kZXNpZ25wYXJ0bmVyLmZyL2MvcC8xOTg5NS8xOTg5NS0xNjkzMy0xLndlYnA?v=1751554479","https:\/\/media.th4.com\/N9fvSOzJMoc5nk0phKhSBKGNizwMN-QlUutoKIzbWWI\/pr:1000x1000\/aHR0cDovL21lZGlhMi5kZXNpZ25wYXJ0bmVyLmZyL2MvcC8xOTg5NS8xOTg5NS0xNjkzMy0yLndlYnA?v=1751554479","https:\/\/media.th4.com\/e67eAabO3OW5gIeuqnDJSG05sIHH_6EB8tsXjXwF9M8\/pr:1000x1000\/aHR0cDovL21lZGlhMi5kZXNpZ25wYXJ0bmVyLmZyL2MvcC8xOTg5NS8xOTg5NS0xNjkzMy0zLndlYnA?v=1751554479"],"large":["https:\/\/media.th4.com\/DsiFcCmSDhyDZjf2KjhhvTRL3nv-tqT28HIcD3P5pl0\/pr:1920\/aHR0cDovL21lZGlhMi5kZXNpZ25wYXJ0bmVyLmZyL2MvcC8xOTg5NS8xOTg5NS0xNjkzMy0xLndlYnA?v=1751554479","https:\/\/media.th4.com\/JVjpCvDWixf7AwdII_cWSejNm9w7gXdgdYc_KjLd8vU\/pr:1920\/aHR0cDovL21lZGlhMi5kZXNpZ25wYXJ0bmVyLmZyL2MvcC8xOTg5NS8xOTg5NS0xNjkzMy0yLndlYnA?v=1751554479","https:\/\/media.th4.com\/Uw49St2yF-FRcHYmCeo6iLvaxjDGtooSzneguwOk81M\/pr:1920\/aHR0cDovL21lZGlhMi5kZXNpZ25wYXJ0bmVyLmZyL2MvcC8xOTg5NS8xOTg5NS0xNjkzMy0zLndlYnA?v=1751554479"],"opengraph":["https:\/\/media.th4.com\/AdSgIdu-cSIM8QR4akw0ePMw_3Wphpcv7CGM_V3Df_A\/pr:1200x630\/aHR0cDovL21lZGlhMi5kZXNpZ25wYXJ0bmVyLmZyL2MvcC8xOTg5NS8xOTg5NS0xNjkzMy0xLndlYnA?v=1751554479","https:\/\/media.th4.com\/JQAlkdRo4spSjROaMutlRSQ3bi2ULvFDC9mkWpEWJ4w\/pr:1200x630\/aHR0cDovL21lZGlhMi5kZXNpZ25wYXJ0bmVyLmZyL2MvcC8xOTg5NS8xOTg5NS0xNjkzMy0yLndlYnA?v=1751554479","https:\/\/media.th4.com\/E89AT5BaIcgZhMFd53kqSosMGzYUX9UzP_-wJi3mUt4\/pr:1200x630\/aHR0cDovL21lZGlhMi5kZXNpZ25wYXJ0bmVyLmZyL2MvcC8xOTg5NS8xOTg5NS0xNjkzMy0zLndlYnA?v=1751554479"]},"country_origin":"CN","traceability":{"manufacturing_country_id":null,"weaving_country_id":null,"dyeing_country_id":null},"sizes":[{"id":5,"article_id":505846,"class_id":2,"name":"XS","on_standby":false,"stock_local":0,"stock_global":138,"multiple":1,"estimated_date_reassort":null,"is_destocking":false},{"id":3,"article_id":505847,"class_id":3,"name":"S","on_standby":false,"stock_local":0,"stock_global":161,"multiple":1,"estimated_date_reassort":null,"is_destocking":false},{"id":2,"article_id":505848,"class_id":4,"name":"M","on_standby":false,"stock_local":0,"stock_global":392,"multiple":1,"estimated_date_reassort":null,"is_destocking":false},{"id":1,"article_id":505849,"class_id":5,"name":"L","on_standby":false,"stock_local":0,"stock_global":261,"multiple":1,"estimated_date_reassort":null,"is_destocking":false},{"id":4,"article_id":505850,"class_id":6,"name":"XL","on_standby":false,"stock_local":0,"stock_global":119,"multiple":1,"estimated_date_reassort":null,"is_destocking":false},{"id":1116,"article_id":505851,"class_id":7,"name":"2XL","on_standby":false,"stock_local":0,"stock_global":63,"multiple":1,"estimated_date_reassort":null,"is_destocking":false},{"id":1081,"article_id":505852,"class_id":8,"name":"3XL","on_standby":false,"stock_local":0,"stock_global":120,"multiple":1,"estimated_date_reassort":null,"is_destocking":false}],"page_links":{"fr":"\/fr\/p-pr-pa1028-short-homme-short-pa1028-19895\/deep-grey-heather-16933\/","en":"\/en\/p-pr-pa1028-short-homme-shorts-pa1028-19895\/deep-grey-heather-16933\/","de":"\/de\/p-pr-pa1028-short-homme-shorts-pa1028-19895\/deep-grey-heather-16933\/","nl":"\/nl\/p-pr-pa1028-short-homme-heren-short-pa1028-19895\/deep-grey-heather-16933\/","es":"\/es\/p-pr-pa1028-short-homme-short-pa1028-19895\/deep-grey-heather-16933\/","it":"\/it\/p-pr-pa1028-short-homme-pantaloncini-pa1028-19895\/deep-grey-heather-16933\/","sv":"\/sv\/p-pr-pa1028-short-homme-shorts-pa1028-19895\/deep-grey-heather-16933\/","pt":"\/pt\/p-pr-pa1028-short-homme-calcoes-pa1028-19895\/deep-grey-heather-16933\/","da":"\/da\/p-pr-pa1028-short-homme-shorts-pa1028-19895\/deep-grey-heather-16933\/","pl":"\/pl\/p-pr-pa1028-short-homme-szorty-pa1028-19895\/deep-grey-heather-16933\/"},"page_links_customization":{"fr":"\/fr\/p-pr-pa1028-short-homme-pa1028-personnalisable-19895\/deep-grey-heather-16933\/custom\/","en":"\/en\/p-pr-pa1028-short-homme-pa1028-customizable-19895\/deep-grey-heather-16933\/custom\/","de":"\/de\/p-pr-pa1028-short-homme-pa1028-anpassbar-19895\/deep-grey-heather-16933\/custom\/","nl":"\/nl\/p-pr-pa1028-short-homme-pa1028-aanpasbaar-19895\/deep-grey-heather-16933\/custom\/","es":"\/es\/p-pr-pa1028-short-homme-pa1028-personalizable-19895\/deep-grey-heather-16933\/custom\/","it":"\/it\/p-pr-pa1028-short-uomo-pa1028-personalizzabile-19895\/deep-grey-heather-16933\/custom\/","sv":"\/sv\/p-pr-pa1028-short-homme-pa1028-anpassningsbar-19895\/deep-grey-heather-16933\/custom\/","pt":"\/pt\/p-pr-pa1028-short-homme-pa1028-personalizavel-19895\/deep-grey-heather-16933\/custom\/","da":"\/da\/p-pr-pa1028-short-homme-pa1028-tilpasselig-19895\/deep-grey-heather-16933\/custom\/","pl":"\/pl\/p-pr-pa1028-short-homme-pa1028-dostosowywalny-19895\/deep-grey-heather-16933\/custom\/"}},{"id":16934,"name":"french_navy_heather","class_ids":[2,2],"codes_hexa":["002072"],"delai_24":false,"has_3d":false,"seuil_global":0,"stock_local":0,"stock_global":1183,"on_standby":false,"in_catalog":true,"images":{"miniature":["https:\/\/media.th4.com\/OIB1L9Rknx-3Hud-3WP-_o0_LoIYP46Tx2zY2sW2ubU\/pr:80\/aHR0cDovL21lZGlhMi5kZXNpZ25wYXJ0bmVyLmZyL2MvcC8xOTg5NS8xOTg5NS0xNjkzNC0xLndlYnA?v=1751554479","https:\/\/media.th4.com\/Y5nAkbctupxoMmvLUfSpHbYGZ8qEE1kDTUUl-JHP-vk\/pr:80\/aHR0cDovL21lZGlhMi5kZXNpZ25wYXJ0bmVyLmZyL2MvcC8xOTg5NS8xOTg5NS0xNjkzNC0yLndlYnA?v=1751554479","https:\/\/media.th4.com\/R1fkp7R9QNiM3GyjkNVbSaR5yaQIR_OrHtuWFUBPw6k\/pr:80\/aHR0cDovL21lZGlhMi5kZXNpZ25wYXJ0bmVyLmZyL2MvcC8xOTg5NS8xOTg5NS0xNjkzNC0zLndlYnA?v=1751554479"],"medium":["https:\/\/media.th4.com\/D6XM6YwirarIzNbXYpYcolIixMMpmU2l3iPC3V6ceqA\/pr:550x550\/aHR0cDovL21lZGlhMi5kZXNpZ25wYXJ0bmVyLmZyL2MvcC8xOTg5NS8xOTg5NS0xNjkzNC0xLndlYnA?v=1751554479","https:\/\/media.th4.com\/K2tdU8FMTd28xxPfoGqQl9mXp1X3nEyOoX3HVcfNIc4\/pr:550x550\/aHR0cDovL21lZGlhMi5kZXNpZ25wYXJ0bmVyLmZyL2MvcC8xOTg5NS8xOTg5NS0xNjkzNC0yLndlYnA?v=1751554479","https:\/\/media.th4.com\/kYdSLL0E-SBPZ2FNo21Z_OsduSsRZfWOsfowXb4oXSc\/pr:550x550\/aHR0cDovL21lZGlhMi5kZXNpZ25wYXJ0bmVyLmZyL2MvcC8xOTg5NS8xOTg5NS0xNjkzNC0zLndlYnA?v=1751554479"],"medium_large":["https:\/\/media.th4.com\/qH041dCPDHcfEwUyrMC7fO4_IUI50c-21ysobw7MRrY\/pr:1000x1000\/aHR0cDovL21lZGlhMi5kZXNpZ25wYXJ0bmVyLmZyL2MvcC8xOTg5NS8xOTg5NS0xNjkzNC0xLndlYnA?v=1751554479","https:\/\/media.th4.com\/ZVtsCgyoMHmIhrpczXLKp85SyRjhGFxJDf98W2Ki7qg\/pr:1000x1000\/aHR0cDovL21lZGlhMi5kZXNpZ25wYXJ0bmVyLmZyL2MvcC8xOTg5NS8xOTg5NS0xNjkzNC0yLndlYnA?v=1751554479","https:\/\/media.th4.com\/NFAxx3EzDolROoxpnja-EC59iBNdlZID2JbJ34-7j8s\/pr:1000x1000\/aHR0cDovL21lZGlhMi5kZXNpZ25wYXJ0bmVyLmZyL2MvcC8xOTg5NS8xOTg5NS0xNjkzNC0zLndlYnA?v=1751554479"],"large":["https:\/\/media.th4.com\/57-Np1lKMldbluYnuMuzLFqwgOEkcZu9K-D1B1Few9A\/pr:1920\/aHR0cDovL21lZGlhMi5kZXNpZ25wYXJ0bmVyLmZyL2MvcC8xOTg5NS8xOTg5NS0xNjkzNC0xLndlYnA?v=1751554479","https:\/\/media.th4.com\/jAMSdlEcZh1L8sdxWNMN1TeDUUBL4OSvOgyJCdhoPEE\/pr:1920\/aHR0cDovL21lZGlhMi5kZXNpZ25wYXJ0bmVyLmZyL2MvcC8xOTg5NS8xOTg5NS0xNjkzNC0yLndlYnA?v=1751554479","https:\/\/media.th4.com\/ZBMwYx5BaOKKqruK3Qzjkk31sUV5HiW6eZbVtLLNaSs\/pr:1920\/aHR0cDovL21lZGlhMi5kZXNpZ25wYXJ0bmVyLmZyL2MvcC8xOTg5NS8xOTg5NS0xNjkzNC0zLndlYnA?v=1751554479"],"opengraph":["https:\/\/media.th4.com\/WG4YrcyBWuM53WdY3C__cvzjZZ46N0KM4WIjevk09iI\/pr:1200x630\/aHR0cDovL21lZGlhMi5kZXNpZ25wYXJ0bmVyLmZyL2MvcC8xOTg5NS8xOTg5NS0xNjkzNC0xLndlYnA?v=1751554479","https:\/\/media.th4.com\/6mGXU57NV-0fwPT9BJF-FPo0lIlMm6smcaUUZeMJ2lg\/pr:1200x630\/aHR0cDovL21lZGlhMi5kZXNpZ25wYXJ0bmVyLmZyL2MvcC8xOTg5NS8xOTg5NS0xNjkzNC0yLndlYnA?v=1751554479","https:\/\/media.th4.com\/jxEkeWce-ZxsaBrIy2FJHcCYqGkjSpDqjDDTZ_kMZys\/pr:1200x630\/aHR0cDovL21lZGlhMi5kZXNpZ25wYXJ0bmVyLmZyL2MvcC8xOTg5NS8xOTg5NS0xNjkzNC0zLndlYnA?v=1751554479"]},"images_customization":{"miniature":["https:\/\/media.th4.com\/OIB1L9Rknx-3Hud-3WP-_o0_LoIYP46Tx2zY2sW2ubU\/pr:80\/aHR0cDovL21lZGlhMi5kZXNpZ25wYXJ0bmVyLmZyL2MvcC8xOTg5NS8xOTg5NS0xNjkzNC0xLndlYnA?v=1751554479","https:\/\/media.th4.com\/Y5nAkbctupxoMmvLUfSpHbYGZ8qEE1kDTUUl-JHP-vk\/pr:80\/aHR0cDovL21lZGlhMi5kZXNpZ25wYXJ0bmVyLmZyL2MvcC8xOTg5NS8xOTg5NS0xNjkzNC0yLndlYnA?v=1751554479","https:\/\/media.th4.com\/R1fkp7R9QNiM3GyjkNVbSaR5yaQIR_OrHtuWFUBPw6k\/pr:80\/aHR0cDovL21lZGlhMi5kZXNpZ25wYXJ0bmVyLmZyL2MvcC8xOTg5NS8xOTg5NS0xNjkzNC0zLndlYnA?v=1751554479"],"medium":["https:\/\/media.th4.com\/D6XM6YwirarIzNbXYpYcolIixMMpmU2l3iPC3V6ceqA\/pr:550x550\/aHR0cDovL21lZGlhMi5kZXNpZ25wYXJ0bmVyLmZyL2MvcC8xOTg5NS8xOTg5NS0xNjkzNC0xLndlYnA?v=1751554479","https:\/\/media.th4.com\/K2tdU8FMTd28xxPfoGqQl9mXp1X3nEyOoX3HVcfNIc4\/pr:550x550\/aHR0cDovL21lZGlhMi5kZXNpZ25wYXJ0bmVyLmZyL2MvcC8xOTg5NS8xOTg5NS0xNjkzNC0yLndlYnA?v=1751554479","https:\/\/media.th4.com\/kYdSLL0E-SBPZ2FNo21Z_OsduSsRZfWOsfowXb4oXSc\/pr:550x550\/aHR0cDovL21lZGlhMi5kZXNpZ25wYXJ0bmVyLmZyL2MvcC8xOTg5NS8xOTg5NS0xNjkzNC0zLndlYnA?v=1751554479"],"medium_large":["https:\/\/media.th4.com\/qH041dCPDHcfEwUyrMC7fO4_IUI50c-21ysobw7MRrY\/pr:1000x1000\/aHR0cDovL21lZGlhMi5kZXNpZ25wYXJ0bmVyLmZyL2MvcC8xOTg5NS8xOTg5NS0xNjkzNC0xLndlYnA?v=1751554479","https:\/\/media.th4.com\/ZVtsCgyoMHmIhrpczXLKp85SyRjhGFxJDf98W2Ki7qg\/pr:1000x1000\/aHR0cDovL21lZGlhMi5kZXNpZ25wYXJ0bmVyLmZyL2MvcC8xOTg5NS8xOTg5NS0xNjkzNC0yLndlYnA?v=1751554479","https:\/\/media.th4.com\/NFAxx3EzDolROoxpnja-EC59iBNdlZID2JbJ34-7j8s\/pr:1000x1000\/aHR0cDovL21lZGlhMi5kZXNpZ25wYXJ0bmVyLmZyL2MvcC8xOTg5NS8xOTg5NS0xNjkzNC0zLndlYnA?v=1751554479"],"large":["https:\/\/media.th4.com\/57-Np1lKMldbluYnuMuzLFqwgOEkcZu9K-D1B1Few9A\/pr:1920\/aHR0cDovL21lZGlhMi5kZXNpZ25wYXJ0bmVyLmZyL2MvcC8xOTg5NS8xOTg5NS0xNjkzNC0xLndlYnA?v=1751554479","https:\/\/media.th4.com\/jAMSdlEcZh1L8sdxWNMN1TeDUUBL4OSvOgyJCdhoPEE\/pr:1920\/aHR0cDovL21lZGlhMi5kZXNpZ25wYXJ0bmVyLmZyL2MvcC8xOTg5NS8xOTg5NS0xNjkzNC0yLndlYnA?v=1751554479","https:\/\/media.th4.com\/ZBMwYx5BaOKKqruK3Qzjkk31sUV5HiW6eZbVtLLNaSs\/pr:1920\/aHR0cDovL21lZGlhMi5kZXNpZ25wYXJ0bmVyLmZyL2MvcC8xOTg5NS8xOTg5NS0xNjkzNC0zLndlYnA?v=1751554479"],"opengraph":["https:\/\/media.th4.com\/WG4YrcyBWuM53WdY3C__cvzjZZ46N0KM4WIjevk09iI\/pr:1200x630\/aHR0cDovL21lZGlhMi5kZXNpZ25wYXJ0bmVyLmZyL2MvcC8xOTg5NS8xOTg5NS0xNjkzNC0xLndlYnA?v=1751554479","https:\/\/media.th4.com\/6mGXU57NV-0fwPT9BJF-FPo0lIlMm6smcaUUZeMJ2lg\/pr:1200x630\/aHR0cDovL21lZGlhMi5kZXNpZ25wYXJ0bmVyLmZyL2MvcC8xOTg5NS8xOTg5NS0xNjkzNC0yLndlYnA?v=1751554479","https:\/\/media.th4.com\/jxEkeWce-ZxsaBrIy2FJHcCYqGkjSpDqjDDTZ_kMZys\/pr:1200x630\/aHR0cDovL21lZGlhMi5kZXNpZ25wYXJ0bmVyLmZyL2MvcC8xOTg5NS8xOTg5NS0xNjkzNC0zLndlYnA?v=1751554479"]},"country_origin":"CN","traceability":{"manufacturing_country_id":null,"weaving_country_id":null,"dyeing_country_id":null},"sizes":[{"id":5,"article_id":505853,"class_id":2,"name":"XS","on_standby":false,"stock_local":0,"stock_global":127,"multiple":1,"estimated_date_reassort":null,"is_destocking":false},{"id":3,"article_id":505854,"class_id":3,"name":"S","on_standby":false,"stock_local":0,"stock_global":170,"multiple":1,"estimated_date_reassort":null,"is_destocking":false},{"id":2,"article_id":505855,"class_id":4,"name":"M","on_standby":false,"stock_local":0,"stock_global":309,"multiple":1,"estimated_date_reassort":null,"is_destocking":false},{"id":1,"article_id":505856,"class_id":5,"name":"L","on_standby":false,"stock_local":0,"stock_global":254,"multiple":1,"estimated_date_reassort":null,"is_destocking":false},{"id":4,"article_id":505857,"class_id":6,"name":"XL","on_standby":false,"stock_local":0,"stock_global":117,"multiple":1,"estimated_date_reassort":null,"is_destocking":false},{"id":1116,"article_id":505858,"class_id":7,"name":"2XL","on_standby":false,"stock_local":0,"stock_global":87,"multiple":1,"estimated_date_reassort":null,"is_destocking":false},{"id":1081,"article_id":505859,"class_id":8,"name":"3XL","on_standby":false,"stock_local":0,"stock_global":119,"multiple":1,"estimated_date_reassort":null,"is_destocking":false}],"page_links":{"fr":"\/fr\/p-pr-pa1028-short-homme-short-pa1028-19895\/french-navy-heather-16934\/","en":"\/en\/p-pr-pa1028-short-homme-shorts-pa1028-19895\/french-navy-heather-16934\/","de":"\/de\/p-pr-pa1028-short-homme-shorts-pa1028-19895\/french-navy-heather-16934\/","nl":"\/nl\/p-pr-pa1028-short-homme-heren-short-pa1028-19895\/french-navy-heather-16934\/","es":"\/es\/p-pr-pa1028-short-homme-short-pa1028-19895\/french-navy-heather-16934\/","it":"\/it\/p-pr-pa1028-short-homme-pantaloncini-pa1028-19895\/french-navy-heather-16934\/","sv":"\/sv\/p-pr-pa1028-short-homme-shorts-pa1028-19895\/french-navy-heather-16934\/","pt":"\/pt\/p-pr-pa1028-short-homme-calcoes-pa1028-19895\/french-navy-heather-16934\/","da":"\/da\/p-pr-pa1028-short-homme-shorts-pa1028-19895\/french-navy-heather-16934\/","pl":"\/pl\/p-pr-pa1028-short-homme-szorty-pa1028-19895\/french-navy-heather-16934\/"},"page_links_customization":{"fr":"\/fr\/p-pr-pa1028-short-homme-pa1028-personnalisable-19895\/french-navy-heather-16934\/custom\/","en":"\/en\/p-pr-pa1028-short-homme-pa1028-customizable-19895\/french-navy-heather-16934\/custom\/","de":"\/de\/p-pr-pa1028-short-homme-pa1028-anpassbar-19895\/french-navy-heather-16934\/custom\/","nl":"\/nl\/p-pr-pa1028-short-homme-pa1028-aanpasbaar-19895\/french-navy-heather-16934\/custom\/","es":"\/es\/p-pr-pa1028-short-homme-pa1028-personalizable-19895\/french-navy-heather-16934\/custom\/","it":"\/it\/p-pr-pa1028-short-uomo-pa1028-personalizzabile-19895\/french-navy-heather-16934\/custom\/","sv":"\/sv\/p-pr-pa1028-short-homme-pa1028-anpassningsbar-19895\/french-navy-heather-16934\/custom\/","pt":"\/pt\/p-pr-pa1028-short-homme-pa1028-personalizavel-19895\/french-navy-heather-16934\/custom\/","da":"\/da\/p-pr-pa1028-short-homme-pa1028-tilpasselig-19895\/french-navy-heather-16934\/custom\/","pl":"\/pl\/p-pr-pa1028-short-homme-pa1028-dostosowywalny-19895\/french-navy-heather-16934\/custom\/"}},{"id":17859,"name":"ash_heather","class_ids":[3],"codes_hexa":["dfdfde"],"delai_24":false,"has_3d":false,"seuil_global":0,"stock_local":0,"stock_global":926,"on_standby":false,"in_catalog":true,"images":{"miniature":["https:\/\/media.th4.com\/LR1IQEA7QtsgHYAJCL2UxQlxAouwjSuXJ-XZqXpi1Rw\/pr:80\/aHR0cDovL21lZGlhMi5kZXNpZ25wYXJ0bmVyLmZyL2MvcC8xOTg5NS8xOTg5NS0xNzg1OS0xLndlYnA?v=1751554479","https:\/\/media.th4.com\/KyV3pWeHiXZIRWVxoqjIC-lW_7PFuFbP3sa63Q_-h3A\/pr:80\/aHR0cDovL21lZGlhMi5kZXNpZ25wYXJ0bmVyLmZyL2MvcC8xOTg5NS8xOTg5NS0xNzg1OS0yLndlYnA?v=1751554479","https:\/\/media.th4.com\/afIRLSVrt6ulqdfDxCjs6lRr9UWmOw4wuUE_TCVX4ic\/pr:80\/aHR0cDovL21lZGlhMi5kZXNpZ25wYXJ0bmVyLmZyL2MvcC8xOTg5NS8xOTg5NS0xNzg1OS0zLndlYnA?v=1751554479"],"medium":["https:\/\/media.th4.com\/gK48h7dG3qX6laAkFJs2EGOAUbwHwZE2FpuOaLQonss\/pr:550x550\/aHR0cDovL21lZGlhMi5kZXNpZ25wYXJ0bmVyLmZyL2MvcC8xOTg5NS8xOTg5NS0xNzg1OS0xLndlYnA?v=1751554479","https:\/\/media.th4.com\/LJZF7IcYfqCd-PLacj4LPzyzf4eSQCdu6mxsNP6ZPd0\/pr:550x550\/aHR0cDovL21lZGlhMi5kZXNpZ25wYXJ0bmVyLmZyL2MvcC8xOTg5NS8xOTg5NS0xNzg1OS0yLndlYnA?v=1751554479","https:\/\/media.th4.com\/Yui0knVYhUNJPalvpYmQHap2J0HmSibWeLhwHlcxHuw\/pr:550x550\/aHR0cDovL21lZGlhMi5kZXNpZ25wYXJ0bmVyLmZyL2MvcC8xOTg5NS8xOTg5NS0xNzg1OS0zLndlYnA?v=1751554479"],"medium_large":["https:\/\/media.th4.com\/3boLE1m7jqQz9mxhh0up-4QcFvbPfkIwAhgfcvvTNOk\/pr:1000x1000\/aHR0cDovL21lZGlhMi5kZXNpZ25wYXJ0bmVyLmZyL2MvcC8xOTg5NS8xOTg5NS0xNzg1OS0xLndlYnA?v=1751554479","https:\/\/media.th4.com\/k0nvEqMEtPJI9NjwYLQ19qaOCwUexNKuRjd6Be6a24o\/pr:1000x1000\/aHR0cDovL21lZGlhMi5kZXNpZ25wYXJ0bmVyLmZyL2MvcC8xOTg5NS8xOTg5NS0xNzg1OS0yLndlYnA?v=1751554479","https:\/\/media.th4.com\/XWuFSbVqPMiB4M1K94Ijveo_eUeq2EDS2HjFocgrvHE\/pr:1000x1000\/aHR0cDovL21lZGlhMi5kZXNpZ25wYXJ0bmVyLmZyL2MvcC8xOTg5NS8xOTg5NS0xNzg1OS0zLndlYnA?v=1751554479"],"large":["https:\/\/media.th4.com\/Qm8i0NPdob_IwMwVWsYuj4KvEPZU5a7gZH5PFSr4ocI\/pr:1920\/aHR0cDovL21lZGlhMi5kZXNpZ25wYXJ0bmVyLmZyL2MvcC8xOTg5NS8xOTg5NS0xNzg1OS0xLndlYnA?v=1751554479","https:\/\/media.th4.com\/wyo_NUUmiPzulHL3OQUj1UsuwFKOFkzN9NfTuYJuFDc\/pr:1920\/aHR0cDovL21lZGlhMi5kZXNpZ25wYXJ0bmVyLmZyL2MvcC8xOTg5NS8xOTg5NS0xNzg1OS0yLndlYnA?v=1751554479","https:\/\/media.th4.com\/5qIypk_7sGDaly-ST-fBYA4yvHoOR_81nGfb1U1ufAs\/pr:1920\/aHR0cDovL21lZGlhMi5kZXNpZ25wYXJ0bmVyLmZyL2MvcC8xOTg5NS8xOTg5NS0xNzg1OS0zLndlYnA?v=1751554479"],"opengraph":["https:\/\/media.th4.com\/N-Hw2kWycs5IiKP8Ufg17kiZN5-OyLmjvvlgaImM29E\/pr:1200x630\/aHR0cDovL21lZGlhMi5kZXNpZ25wYXJ0bmVyLmZyL2MvcC8xOTg5NS8xOTg5NS0xNzg1OS0xLndlYnA?v=1751554479","https:\/\/media.th4.com\/TA6V0iouMfzwj5k5LG-d1NyPlrEqdVsj_GO-Mw7mjqk\/pr:1200x630\/aHR0cDovL21lZGlhMi5kZXNpZ25wYXJ0bmVyLmZyL2MvcC8xOTg5NS8xOTg5NS0xNzg1OS0yLndlYnA?v=1751554479","https:\/\/media.th4.com\/_yGd2TZKWsc3Ss8RWkynI7JQpQL3plCZA8q51LcEjiI\/pr:1200x630\/aHR0cDovL21lZGlhMi5kZXNpZ25wYXJ0bmVyLmZyL2MvcC8xOTg5NS8xOTg5NS0xNzg1OS0zLndlYnA?v=1751554479"]},"images_customization":{"miniature":["https:\/\/media.th4.com\/LR1IQEA7QtsgHYAJCL2UxQlxAouwjSuXJ-XZqXpi1Rw\/pr:80\/aHR0cDovL21lZGlhMi5kZXNpZ25wYXJ0bmVyLmZyL2MvcC8xOTg5NS8xOTg5NS0xNzg1OS0xLndlYnA?v=1751554479","https:\/\/media.th4.com\/KyV3pWeHiXZIRWVxoqjIC-lW_7PFuFbP3sa63Q_-h3A\/pr:80\/aHR0cDovL21lZGlhMi5kZXNpZ25wYXJ0bmVyLmZyL2MvcC8xOTg5NS8xOTg5NS0xNzg1OS0yLndlYnA?v=1751554479","https:\/\/media.th4.com\/afIRLSVrt6ulqdfDxCjs6lRr9UWmOw4wuUE_TCVX4ic\/pr:80\/aHR0cDovL21lZGlhMi5kZXNpZ25wYXJ0bmVyLmZyL2MvcC8xOTg5NS8xOTg5NS0xNzg1OS0zLndlYnA?v=1751554479"],"medium":["https:\/\/media.th4.com\/gK48h7dG3qX6laAkFJs2EGOAUbwHwZE2FpuOaLQonss\/pr:550x550\/aHR0cDovL21lZGlhMi5kZXNpZ25wYXJ0bmVyLmZyL2MvcC8xOTg5NS8xOTg5NS0xNzg1OS0xLndlYnA?v=1751554479","https:\/\/media.th4.com\/LJZF7IcYfqCd-PLacj4LPzyzf4eSQCdu6mxsNP6ZPd0\/pr:550x550\/aHR0cDovL21lZGlhMi5kZXNpZ25wYXJ0bmVyLmZyL2MvcC8xOTg5NS8xOTg5NS0xNzg1OS0yLndlYnA?v=1751554479","https:\/\/media.th4.com\/Yui0knVYhUNJPalvpYmQHap2J0HmSibWeLhwHlcxHuw\/pr:550x550\/aHR0cDovL21lZGlhMi5kZXNpZ25wYXJ0bmVyLmZyL2MvcC8xOTg5NS8xOTg5NS0xNzg1OS0zLndlYnA?v=1751554479"],"medium_large":["https:\/\/media.th4.com\/3boLE1m7jqQz9mxhh0up-4QcFvbPfkIwAhgfcvvTNOk\/pr:1000x1000\/aHR0cDovL21lZGlhMi5kZXNpZ25wYXJ0bmVyLmZyL2MvcC8xOTg5NS8xOTg5NS0xNzg1OS0xLndlYnA?v=1751554479","https:\/\/media.th4.com\/k0nvEqMEtPJI9NjwYLQ19qaOCwUexNKuRjd6Be6a24o\/pr:1000x1000\/aHR0cDovL21lZGlhMi5kZXNpZ25wYXJ0bmVyLmZyL2MvcC8xOTg5NS8xOTg5NS0xNzg1OS0yLndlYnA?v=1751554479","https:\/\/media.th4.com\/XWuFSbVqPMiB4M1K94Ijveo_eUeq2EDS2HjFocgrvHE\/pr:1000x1000\/aHR0cDovL21lZGlhMi5kZXNpZ25wYXJ0bmVyLmZyL2MvcC8xOTg5NS8xOTg5NS0xNzg1OS0zLndlYnA?v=1751554479"],"large":["https:\/\/media.th4.com\/Qm8i0NPdob_IwMwVWsYuj4KvEPZU5a7gZH5PFSr4ocI\/pr:1920\/aHR0cDovL21lZGlhMi5kZXNpZ25wYXJ0bmVyLmZyL2MvcC8xOTg5NS8xOTg5NS0xNzg1OS0xLndlYnA?v=1751554479","https:\/\/media.th4.com\/wyo_NUUmiPzulHL3OQUj1UsuwFKOFkzN9NfTuYJuFDc\/pr:1920\/aHR0cDovL21lZGlhMi5kZXNpZ25wYXJ0bmVyLmZyL2MvcC8xOTg5NS8xOTg5NS0xNzg1OS0yLndlYnA?v=1751554479","https:\/\/media.th4.com\/5qIypk_7sGDaly-ST-fBYA4yvHoOR_81nGfb1U1ufAs\/pr:1920\/aHR0cDovL21lZGlhMi5kZXNpZ25wYXJ0bmVyLmZyL2MvcC8xOTg5NS8xOTg5NS0xNzg1OS0zLndlYnA?v=1751554479"],"opengraph":["https:\/\/media.th4.com\/N-Hw2kWycs5IiKP8Ufg17kiZN5-OyLmjvvlgaImM29E\/pr:1200x630\/aHR0cDovL21lZGlhMi5kZXNpZ25wYXJ0bmVyLmZyL2MvcC8xOTg5NS8xOTg5NS0xNzg1OS0xLndlYnA?v=1751554479","https:\/\/media.th4.com\/TA6V0iouMfzwj5k5LG-d1NyPlrEqdVsj_GO-Mw7mjqk\/pr:1200x630\/aHR0cDovL21lZGlhMi5kZXNpZ25wYXJ0bmVyLmZyL2MvcC8xOTg5NS8xOTg5NS0xNzg1OS0yLndlYnA?v=1751554479","https:\/\/media.th4.com\/_yGd2TZKWsc3Ss8RWkynI7JQpQL3plCZA8q51LcEjiI\/pr:1200x630\/aHR0cDovL21lZGlhMi5kZXNpZ25wYXJ0bmVyLmZyL2MvcC8xOTg5NS8xOTg5NS0xNzg1OS0zLndlYnA?v=1751554479"]},"country_origin":"CN","traceability":{"manufacturing_country_id":null,"weaving_country_id":null,"dyeing_country_id":null},"sizes":[{"id":5,"article_id":505839,"class_id":2,"name":"XS","on_standby":false,"stock_local":0,"stock_global":150,"multiple":1,"estimated_date_reassort":null,"is_destocking":false},{"id":3,"article_id":505840,"class_id":3,"name":"S","on_standby":false,"stock_local":0,"stock_global":31,"multiple":1,"estimated_date_reassort":null,"is_destocking":false},{"id":2,"article_id":505841,"class_id":4,"name":"M","on_standby":false,"stock_local":0,"stock_global":163,"multiple":1,"estimated_date_reassort":null,"is_destocking":false},{"id":1,"article_id":505842,"class_id":5,"name":"L","on_standby":false,"stock_local":0,"stock_global":154,"multiple":1,"estimated_date_reassort":null,"is_destocking":false},{"id":4,"article_id":505843,"class_id":6,"name":"XL","on_standby":false,"stock_local":0,"stock_global":134,"multiple":1,"estimated_date_reassort":null,"is_destocking":false},{"id":1116,"article_id":505844,"class_id":7,"name":"2XL","on_standby":false,"stock_local":0,"stock_global":146,"multiple":1,"estimated_date_reassort":null,"is_destocking":false},{"id":1081,"article_id":505845,"class_id":8,"name":"3XL","on_standby":false,"stock_local":0,"stock_global":148,"multiple":1,"estimated_date_reassort":null,"is_destocking":false}],"page_links":{"fr":"\/fr\/p-pr-pa1028-short-homme-short-pa1028-19895\/ash-heather-17859\/","en":"\/en\/p-pr-pa1028-short-homme-shorts-pa1028-19895\/ash-heather-17859\/","de":"\/de\/p-pr-pa1028-short-homme-shorts-pa1028-19895\/ash-heather-17859\/","nl":"\/nl\/p-pr-pa1028-short-homme-heren-short-pa1028-19895\/ash-heather-17859\/","es":"\/es\/p-pr-pa1028-short-homme-short-pa1028-19895\/ash-heather-17859\/","it":"\/it\/p-pr-pa1028-short-homme-pantaloncini-pa1028-19895\/ash-heather-17859\/","sv":"\/sv\/p-pr-pa1028-short-homme-shorts-pa1028-19895\/ash-heather-17859\/","pt":"\/pt\/p-pr-pa1028-short-homme-calcoes-pa1028-19895\/ash-heather-17859\/","da":"\/da\/p-pr-pa1028-short-homme-shorts-pa1028-19895\/ash-heather-17859\/","pl":"\/pl\/p-pr-pa1028-short-homme-szorty-pa1028-19895\/ash-heather-17859\/"},"page_links_customization":{"fr":"\/fr\/p-pr-pa1028-short-homme-pa1028-personnalisable-19895\/ash-heather-17859\/custom\/","en":"\/en\/p-pr-pa1028-short-homme-pa1028-customizable-19895\/ash-heather-17859\/custom\/","de":"\/de\/p-pr-pa1028-short-homme-pa1028-anpassbar-19895\/ash-heather-17859\/custom\/","nl":"\/nl\/p-pr-pa1028-short-homme-pa1028-aanpasbaar-19895\/ash-heather-17859\/custom\/","es":"\/es\/p-pr-pa1028-short-homme-pa1028-personalizable-19895\/ash-heather-17859\/custom\/","it":"\/it\/p-pr-pa1028-short-uomo-pa1028-personalizzabile-19895\/ash-heather-17859\/custom\/","sv":"\/sv\/p-pr-pa1028-short-homme-pa1028-anpassningsbar-19895\/ash-heather-17859\/custom\/","pt":"\/pt\/p-pr-pa1028-short-homme-pa1028-personalizavel-19895\/ash-heather-17859\/custom\/","da":"\/da\/p-pr-pa1028-short-homme-pa1028-tilpasselig-19895\/ash-heather-17859\/custom\/","pl":"\/pl\/p-pr-pa1028-short-homme-pa1028-dostosowywalny-19895\/ash-heather-17859\/custom\/"}},{"id":24109,"name":"light_khaki_heather","class_ids":[5],"codes_hexa":["5B5348"],"delai_24":false,"has_3d":false,"seuil_global":0,"stock_local":0,"stock_global":682,"on_standby":false,"in_catalog":true,"images":{"miniature":["https:\/\/media.th4.com\/TOimayy7LwFVfOCIOZQAxsQSolQbKHFtKFt6okPgjIg\/pr:80\/aHR0cDovL21lZGlhMi5kZXNpZ25wYXJ0bmVyLmZyL2MvcC8xOTg5NS8xOTg5NS0yNDEwOS0xLndlYnA?v=1751554479","https:\/\/media.th4.com\/WaNjKuKBcG03ZChD7iik-AhNt0v0XWTXoDR-jJtfAbA\/pr:80\/aHR0cDovL21lZGlhMi5kZXNpZ25wYXJ0bmVyLmZyL2MvcC8xOTg5NS8xOTg5NS0yNDEwOS0yLndlYnA?v=1751554479","https:\/\/media.th4.com\/vGW2JDkv7zUrjVwEGQoZWJ8CPyCjdO1cKzq_XvbkTlI\/pr:80\/aHR0cDovL21lZGlhMi5kZXNpZ25wYXJ0bmVyLmZyL2MvcC8xOTg5NS8xOTg5NS0yNDEwOS0zLndlYnA?v=1751554479"],"medium":["https:\/\/media.th4.com\/JeLayZF-Kje6fNLxf_VF3Y4JishDzVx7fPYifPqmR30\/pr:550x550\/aHR0cDovL21lZGlhMi5kZXNpZ25wYXJ0bmVyLmZyL2MvcC8xOTg5NS8xOTg5NS0yNDEwOS0xLndlYnA?v=1751554479","https:\/\/media.th4.com\/jv_GbEAsOaaRwlOIaH5seTsSDMsIAgCByIfG5waA0XQ\/pr:550x550\/aHR0cDovL21lZGlhMi5kZXNpZ25wYXJ0bmVyLmZyL2MvcC8xOTg5NS8xOTg5NS0yNDEwOS0yLndlYnA?v=1751554479","https:\/\/media.th4.com\/XMtaVEXBF2pL08VaBrugH3t5ZBDDzGgTwkM2tk6MG2A\/pr:550x550\/aHR0cDovL21lZGlhMi5kZXNpZ25wYXJ0bmVyLmZyL2MvcC8xOTg5NS8xOTg5NS0yNDEwOS0zLndlYnA?v=1751554479"],"medium_large":["https:\/\/media.th4.com\/rvccpwAVXtOge4_x4gfaRlAUV3_GII0q9O6jUAe5-Ng\/pr:1000x1000\/aHR0cDovL21lZGlhMi5kZXNpZ25wYXJ0bmVyLmZyL2MvcC8xOTg5NS8xOTg5NS0yNDEwOS0xLndlYnA?v=1751554479","https:\/\/media.th4.com\/A_880Z-zMkO4-Z8YogBJJDNFWVHQJGmRZydFinZJmQs\/pr:1000x1000\/aHR0cDovL21lZGlhMi5kZXNpZ25wYXJ0bmVyLmZyL2MvcC8xOTg5NS8xOTg5NS0yNDEwOS0yLndlYnA?v=1751554479","https:\/\/media.th4.com\/9DNv9ub1GgIV3xgNdig9QKRSHml5FQzJbowct3XMyEg\/pr:1000x1000\/aHR0cDovL21lZGlhMi5kZXNpZ25wYXJ0bmVyLmZyL2MvcC8xOTg5NS8xOTg5NS0yNDEwOS0zLndlYnA?v=1751554479"],"large":["https:\/\/media.th4.com\/opxz02SrgcOPCnudPMnUdnCmERZfQAk-AVvfjID_Dfs\/pr:1920\/aHR0cDovL21lZGlhMi5kZXNpZ25wYXJ0bmVyLmZyL2MvcC8xOTg5NS8xOTg5NS0yNDEwOS0xLndlYnA?v=1751554479","https:\/\/media.th4.com\/7sjKN2XXfZ8YVzEfW44D4I3w6OvLm26p8Je4TJqUcfE\/pr:1920\/aHR0cDovL21lZGlhMi5kZXNpZ25wYXJ0bmVyLmZyL2MvcC8xOTg5NS8xOTg5NS0yNDEwOS0yLndlYnA?v=1751554479","https:\/\/media.th4.com\/gniAY7UPCUfPNEmT0dhqmFuSnLG0TvNA5dbVXa7aMAM\/pr:1920\/aHR0cDovL21lZGlhMi5kZXNpZ25wYXJ0bmVyLmZyL2MvcC8xOTg5NS8xOTg5NS0yNDEwOS0zLndlYnA?v=1751554479"],"opengraph":["https:\/\/media.th4.com\/4JcESoq8J55_LbmM7LkWUntW4b_3UkYnYS4S8DH3-74\/pr:1200x630\/aHR0cDovL21lZGlhMi5kZXNpZ25wYXJ0bmVyLmZyL2MvcC8xOTg5NS8xOTg5NS0yNDEwOS0xLndlYnA?v=1751554479","https:\/\/media.th4.com\/NfyF63l0_3L8qvYerYihuIDJExFFJpt_pPgOqDAvHHE\/pr:1200x630\/aHR0cDovL21lZGlhMi5kZXNpZ25wYXJ0bmVyLmZyL2MvcC8xOTg5NS8xOTg5NS0yNDEwOS0yLndlYnA?v=1751554479","https:\/\/media.th4.com\/EOWQoRocGSt8pRlZklSvt37zN0JHbTuodP2EaZpghPg\/pr:1200x630\/aHR0cDovL21lZGlhMi5kZXNpZ25wYXJ0bmVyLmZyL2MvcC8xOTg5NS8xOTg5NS0yNDEwOS0zLndlYnA?v=1751554479"]},"images_customization":{"miniature":["https:\/\/media.th4.com\/TOimayy7LwFVfOCIOZQAxsQSolQbKHFtKFt6okPgjIg\/pr:80\/aHR0cDovL21lZGlhMi5kZXNpZ25wYXJ0bmVyLmZyL2MvcC8xOTg5NS8xOTg5NS0yNDEwOS0xLndlYnA?v=1751554479","https:\/\/media.th4.com\/WaNjKuKBcG03ZChD7iik-AhNt0v0XWTXoDR-jJtfAbA\/pr:80\/aHR0cDovL21lZGlhMi5kZXNpZ25wYXJ0bmVyLmZyL2MvcC8xOTg5NS8xOTg5NS0yNDEwOS0yLndlYnA?v=1751554479","https:\/\/media.th4.com\/vGW2JDkv7zUrjVwEGQoZWJ8CPyCjdO1cKzq_XvbkTlI\/pr:80\/aHR0cDovL21lZGlhMi5kZXNpZ25wYXJ0bmVyLmZyL2MvcC8xOTg5NS8xOTg5NS0yNDEwOS0zLndlYnA?v=1751554479"],"medium":["https:\/\/media.th4.com\/JeLayZF-Kje6fNLxf_VF3Y4JishDzVx7fPYifPqmR30\/pr:550x550\/aHR0cDovL21lZGlhMi5kZXNpZ25wYXJ0bmVyLmZyL2MvcC8xOTg5NS8xOTg5NS0yNDEwOS0xLndlYnA?v=1751554479","https:\/\/media.th4.com\/jv_GbEAsOaaRwlOIaH5seTsSDMsIAgCByIfG5waA0XQ\/pr:550x550\/aHR0cDovL21lZGlhMi5kZXNpZ25wYXJ0bmVyLmZyL2MvcC8xOTg5NS8xOTg5NS0yNDEwOS0yLndlYnA?v=1751554479","https:\/\/media.th4.com\/XMtaVEXBF2pL08VaBrugH3t5ZBDDzGgTwkM2tk6MG2A\/pr:550x550\/aHR0cDovL21lZGlhMi5kZXNpZ25wYXJ0bmVyLmZyL2MvcC8xOTg5NS8xOTg5NS0yNDEwOS0zLndlYnA?v=1751554479"],"medium_large":["https:\/\/media.th4.com\/rvccpwAVXtOge4_x4gfaRlAUV3_GII0q9O6jUAe5-Ng\/pr:1000x1000\/aHR0cDovL21lZGlhMi5kZXNpZ25wYXJ0bmVyLmZyL2MvcC8xOTg5NS8xOTg5NS0yNDEwOS0xLndlYnA?v=1751554479","https:\/\/media.th4.com\/A_880Z-zMkO4-Z8YogBJJDNFWVHQJGmRZydFinZJmQs\/pr:1000x1000\/aHR0cDovL21lZGlhMi5kZXNpZ25wYXJ0bmVyLmZyL2MvcC8xOTg5NS8xOTg5NS0yNDEwOS0yLndlYnA?v=1751554479","https:\/\/media.th4.com\/9DNv9ub1GgIV3xgNdig9QKRSHml5FQzJbowct3XMyEg\/pr:1000x1000\/aHR0cDovL21lZGlhMi5kZXNpZ25wYXJ0bmVyLmZyL2MvcC8xOTg5NS8xOTg5NS0yNDEwOS0zLndlYnA?v=1751554479"],"large":["https:\/\/media.th4.com\/opxz02SrgcOPCnudPMnUdnCmERZfQAk-AVvfjID_Dfs\/pr:1920\/aHR0cDovL21lZGlhMi5kZXNpZ25wYXJ0bmVyLmZyL2MvcC8xOTg5NS8xOTg5NS0yNDEwOS0xLndlYnA?v=1751554479","https:\/\/media.th4.com\/7sjKN2XXfZ8YVzEfW44D4I3w6OvLm26p8Je4TJqUcfE\/pr:1920\/aHR0cDovL21lZGlhMi5kZXNpZ25wYXJ0bmVyLmZyL2MvcC8xOTg5NS8xOTg5NS0yNDEwOS0yLndlYnA?v=1751554479","https:\/\/media.th4.com\/gniAY7UPCUfPNEmT0dhqmFuSnLG0TvNA5dbVXa7aMAM\/pr:1920\/aHR0cDovL21lZGlhMi5kZXNpZ25wYXJ0bmVyLmZyL2MvcC8xOTg5NS8xOTg5NS0yNDEwOS0zLndlYnA?v=1751554479"],"opengraph":["https:\/\/media.th4.com\/4JcESoq8J55_LbmM7LkWUntW4b_3UkYnYS4S8DH3-74\/pr:1200x630\/aHR0cDovL21lZGlhMi5kZXNpZ25wYXJ0bmVyLmZyL2MvcC8xOTg5NS8xOTg5NS0yNDEwOS0xLndlYnA?v=1751554479","https:\/\/media.th4.com\/NfyF63l0_3L8qvYerYihuIDJExFFJpt_pPgOqDAvHHE\/pr:1200x630\/aHR0cDovL21lZGlhMi5kZXNpZ25wYXJ0bmVyLmZyL2MvcC8xOTg5NS8xOTg5NS0yNDEwOS0yLndlYnA?v=1751554479","https:\/\/media.th4.com\/EOWQoRocGSt8pRlZklSvt37zN0JHbTuodP2EaZpghPg\/pr:1200x630\/aHR0cDovL21lZGlhMi5kZXNpZ25wYXJ0bmVyLmZyL2MvcC8xOTg5NS8xOTg5NS0yNDEwOS0zLndlYnA?v=1751554479"]},"country_origin":"CN","traceability":{"manufacturing_country_id":null,"weaving_country_id":null,"dyeing_country_id":null},"sizes":[{"id":5,"article_id":505860,"class_id":2,"name":"XS","on_standby":false,"stock_local":0,"stock_global":72,"multiple":1,"estimated_date_reassort":null,"is_destocking":false},{"id":3,"article_id":505861,"class_id":3,"name":"S","on_standby":false,"stock_local":0,"stock_global":63,"multiple":1,"estimated_date_reassort":null,"is_destocking":false},{"id":2,"article_id":505862,"class_id":4,"name":"M","on_standby":false,"stock_local":0,"stock_global":192,"multiple":1,"estimated_date_reassort":null,"is_destocking":false},{"id":1,"article_id":505863,"class_id":5,"name":"L","on_standby":false,"stock_local":0,"stock_global":119,"multiple":1,"estimated_date_reassort":null,"is_destocking":false},{"id":4,"article_id":505864,"class_id":6,"name":"XL","on_standby":false,"stock_local":0,"stock_global":107,"multiple":1,"estimated_date_reassort":null,"is_destocking":false},{"id":1116,"article_id":505865,"class_id":7,"name":"2XL","on_standby":false,"stock_local":0,"stock_global":78,"multiple":1,"estimated_date_reassort":null,"is_destocking":false},{"id":1081,"article_id":505866,"class_id":8,"name":"3XL","on_standby":false,"stock_local":0,"stock_global":51,"multiple":1,"estimated_date_reassort":null,"is_destocking":false}],"page_links":{"fr":"\/fr\/p-pr-pa1028-short-homme-short-pa1028-19895\/light-khaki-heather-24109\/","en":"\/en\/p-pr-pa1028-short-homme-shorts-pa1028-19895\/light-khaki-heather-24109\/","de":"\/de\/p-pr-pa1028-short-homme-shorts-pa1028-19895\/light-khaki-heather-24109\/","nl":"\/nl\/p-pr-pa1028-short-homme-heren-short-pa1028-19895\/light-khaki-heather-24109\/","es":"\/es\/p-pr-pa1028-short-homme-short-pa1028-19895\/light-khaki-heather-24109\/","it":"\/it\/p-pr-pa1028-short-homme-pantaloncini-pa1028-19895\/light-khaki-heather-24109\/","sv":"\/sv\/p-pr-pa1028-short-homme-shorts-pa1028-19895\/light-khaki-heather-24109\/","pt":"\/pt\/p-pr-pa1028-short-homme-calcoes-pa1028-19895\/light-khaki-heather-24109\/","da":"\/da\/p-pr-pa1028-short-homme-shorts-pa1028-19895\/light-khaki-heather-24109\/","pl":"\/pl\/p-pr-pa1028-short-homme-szorty-pa1028-19895\/light-khaki-heather-24109\/"},"page_links_customization":{"fr":"\/fr\/p-pr-pa1028-short-homme-pa1028-personnalisable-19895\/light-khaki-heather-24109\/custom\/","en":"\/en\/p-pr-pa1028-short-homme-pa1028-customizable-19895\/light-khaki-heather-24109\/custom\/","de":"\/de\/p-pr-pa1028-short-homme-pa1028-anpassbar-19895\/light-khaki-heather-24109\/custom\/","nl":"\/nl\/p-pr-pa1028-short-homme-pa1028-aanpasbaar-19895\/light-khaki-heather-24109\/custom\/","es":"\/es\/p-pr-pa1028-short-homme-pa1028-personalizable-19895\/light-khaki-heather-24109\/custom\/","it":"\/it\/p-pr-pa1028-short-uomo-pa1028-personalizzabile-19895\/light-khaki-heather-24109\/custom\/","sv":"\/sv\/p-pr-pa1028-short-homme-pa1028-anpassningsbar-19895\/light-khaki-heather-24109\/custom\/","pt":"\/pt\/p-pr-pa1028-short-homme-pa1028-personalizavel-19895\/light-khaki-heather-24109\/custom\/","da":"\/da\/p-pr-pa1028-short-homme-pa1028-tilpasselig-19895\/light-khaki-heather-24109\/custom\/","pl":"\/pl\/p-pr-pa1028-short-homme-pa1028-dostosowywalny-19895\/light-khaki-heather-24109\/custom\/"}},{"id":1639,"name":"black","class_ids":[4],"codes_hexa":["1a1a18"],"delai_24":false,"has_3d":false,"seuil_global":0,"stock_local":0,"stock_global":175,"on_standby":false,"in_catalog":true,"images":{"miniature":["https:\/\/media.th4.com\/pIuqV1g9b7ycfV2KV-m7MweqjAOHGAgI-9KClFIQbjg\/pr:80\/aHR0cDovL21lZGlhMi5kZXNpZ25wYXJ0bmVyLmZyL2MvcC8xOTg5NS8xOTg5NS0xNjM5LTEud2VicA?v=1751554479","https:\/\/media.th4.com\/EIRBMXtdDqf4pmRJDrAOcy0RyF3eAn2nGFy_dW26Drk\/pr:80\/aHR0cDovL21lZGlhMi5kZXNpZ25wYXJ0bmVyLmZyL2MvcC8xOTg5NS8xOTg5NS0xNjM5LTIud2VicA?v=1751554479","https:\/\/media.th4.com\/OGUphSFht3_p87lmuxzpbS7n1jFEoFfl2v7I14LJea0\/pr:80\/aHR0cDovL21lZGlhMi5kZXNpZ25wYXJ0bmVyLmZyL2MvcC8xOTg5NS8xOTg5NS0xNjM5LTMud2VicA?v=1751554479"],"medium":["https:\/\/media.th4.com\/L6qe5lX0vLvNQF-OsK25s5DL6s9TMVXa6NIWMvEDUP8\/pr:550x550\/aHR0cDovL21lZGlhMi5kZXNpZ25wYXJ0bmVyLmZyL2MvcC8xOTg5NS8xOTg5NS0xNjM5LTEud2VicA?v=1751554479","https:\/\/media.th4.com\/7eIO8z65l-z_95QET9bwCx20kP-jPQink-_7STTvP7I\/pr:550x550\/aHR0cDovL21lZGlhMi5kZXNpZ25wYXJ0bmVyLmZyL2MvcC8xOTg5NS8xOTg5NS0xNjM5LTIud2VicA?v=1751554479","https:\/\/media.th4.com\/c475bznL8VFqKFcFDb1_TBdmYG29xgVvQ5HnqDUdR40\/pr:550x550\/aHR0cDovL21lZGlhMi5kZXNpZ25wYXJ0bmVyLmZyL2MvcC8xOTg5NS8xOTg5NS0xNjM5LTMud2VicA?v=1751554479"],"medium_large":["https:\/\/media.th4.com\/5HN9xQSk7T5_fZ-ved9U1ZCYKnKqitINEVrEpII8XD0\/pr:1000x1000\/aHR0cDovL21lZGlhMi5kZXNpZ25wYXJ0bmVyLmZyL2MvcC8xOTg5NS8xOTg5NS0xNjM5LTEud2VicA?v=1751554479","https:\/\/media.th4.com\/14-7aXohFp5iRZ7eY2s1M0latAnZyURlIfQ60J9tctU\/pr:1000x1000\/aHR0cDovL21lZGlhMi5kZXNpZ25wYXJ0bmVyLmZyL2MvcC8xOTg5NS8xOTg5NS0xNjM5LTIud2VicA?v=1751554479","https:\/\/media.th4.com\/tL4xsZW8YMvM49DwRQToT9ovBNKh9PTLtypzP2vEzog\/pr:1000x1000\/aHR0cDovL21lZGlhMi5kZXNpZ25wYXJ0bmVyLmZyL2MvcC8xOTg5NS8xOTg5NS0xNjM5LTMud2VicA?v=1751554479"],"large":["https:\/\/media.th4.com\/EWB4s-SCm0I-BZDWCsuwEa9iM8zQUQX0wLNfive9v6Q\/pr:1920\/aHR0cDovL21lZGlhMi5kZXNpZ25wYXJ0bmVyLmZyL2MvcC8xOTg5NS8xOTg5NS0xNjM5LTEud2VicA?v=1751554479","https:\/\/media.th4.com\/KKdolcGzSjfZOjl2MnFqTMo8lfdqW5k3oYGDu1k3A0o\/pr:1920\/aHR0cDovL21lZGlhMi5kZXNpZ25wYXJ0bmVyLmZyL2MvcC8xOTg5NS8xOTg5NS0xNjM5LTIud2VicA?v=1751554479","https:\/\/media.th4.com\/uJofJl1kXQKVjlp0rcFJZ0QZyYejKQsj8ACf_IIyWzY\/pr:1920\/aHR0cDovL21lZGlhMi5kZXNpZ25wYXJ0bmVyLmZyL2MvcC8xOTg5NS8xOTg5NS0xNjM5LTMud2VicA?v=1751554479"],"opengraph":["https:\/\/media.th4.com\/d52jMUAk1kzyoCwImnrnvjB4bqMKu8por3yHCeZL32s\/pr:1200x630\/aHR0cDovL21lZGlhMi5kZXNpZ25wYXJ0bmVyLmZyL2MvcC8xOTg5NS8xOTg5NS0xNjM5LTEud2VicA?v=1751554479","https:\/\/media.th4.com\/-V4R_UGV7LPxur_TxM9EdhT_l4zl9dJ0z_eLtEUMaTo\/pr:1200x630\/aHR0cDovL21lZGlhMi5kZXNpZ25wYXJ0bmVyLmZyL2MvcC8xOTg5NS8xOTg5NS0xNjM5LTIud2VicA?v=1751554479","https:\/\/media.th4.com\/AEM1RSl_j6RqMhiL9VdxqtVGWK8LoO_ytjUIqz_kzdY\/pr:1200x630\/aHR0cDovL21lZGlhMi5kZXNpZ25wYXJ0bmVyLmZyL2MvcC8xOTg5NS8xOTg5NS0xNjM5LTMud2VicA?v=1751554479"]},"images_customization":{"miniature":["https:\/\/media.th4.com\/pIuqV1g9b7ycfV2KV-m7MweqjAOHGAgI-9KClFIQbjg\/pr:80\/aHR0cDovL21lZGlhMi5kZXNpZ25wYXJ0bmVyLmZyL2MvcC8xOTg5NS8xOTg5NS0xNjM5LTEud2VicA?v=1751554479","https:\/\/media.th4.com\/EIRBMXtdDqf4pmRJDrAOcy0RyF3eAn2nGFy_dW26Drk\/pr:80\/aHR0cDovL21lZGlhMi5kZXNpZ25wYXJ0bmVyLmZyL2MvcC8xOTg5NS8xOTg5NS0xNjM5LTIud2VicA?v=1751554479","https:\/\/media.th4.com\/OGUphSFht3_p87lmuxzpbS7n1jFEoFfl2v7I14LJea0\/pr:80\/aHR0cDovL21lZGlhMi5kZXNpZ25wYXJ0bmVyLmZyL2MvcC8xOTg5NS8xOTg5NS0xNjM5LTMud2VicA?v=1751554479"],"medium":["https:\/\/media.th4.com\/L6qe5lX0vLvNQF-OsK25s5DL6s9TMVXa6NIWMvEDUP8\/pr:550x550\/aHR0cDovL21lZGlhMi5kZXNpZ25wYXJ0bmVyLmZyL2MvcC8xOTg5NS8xOTg5NS0xNjM5LTEud2VicA?v=1751554479","https:\/\/media.th4.com\/7eIO8z65l-z_95QET9bwCx20kP-jPQink-_7STTvP7I\/pr:550x550\/aHR0cDovL21lZGlhMi5kZXNpZ25wYXJ0bmVyLmZyL2MvcC8xOTg5NS8xOTg5NS0xNjM5LTIud2VicA?v=1751554479","https:\/\/media.th4.com\/c475bznL8VFqKFcFDb1_TBdmYG29xgVvQ5HnqDUdR40\/pr:550x550\/aHR0cDovL21lZGlhMi5kZXNpZ25wYXJ0bmVyLmZyL2MvcC8xOTg5NS8xOTg5NS0xNjM5LTMud2VicA?v=1751554479"],"medium_large":["https:\/\/media.th4.com\/5HN9xQSk7T5_fZ-ved9U1ZCYKnKqitINEVrEpII8XD0\/pr:1000x1000\/aHR0cDovL21lZGlhMi5kZXNpZ25wYXJ0bmVyLmZyL2MvcC8xOTg5NS8xOTg5NS0xNjM5LTEud2VicA?v=1751554479","https:\/\/media.th4.com\/14-7aXohFp5iRZ7eY2s1M0latAnZyURlIfQ60J9tctU\/pr:1000x1000\/aHR0cDovL21lZGlhMi5kZXNpZ25wYXJ0bmVyLmZyL2MvcC8xOTg5NS8xOTg5NS0xNjM5LTIud2VicA?v=1751554479","https:\/\/media.th4.com\/tL4xsZW8YMvM49DwRQToT9ovBNKh9PTLtypzP2vEzog\/pr:1000x1000\/aHR0cDovL21lZGlhMi5kZXNpZ25wYXJ0bmVyLmZyL2MvcC8xOTg5NS8xOTg5NS0xNjM5LTMud2VicA?v=1751554479"],"large":["https:\/\/media.th4.com\/EWB4s-SCm0I-BZDWCsuwEa9iM8zQUQX0wLNfive9v6Q\/pr:1920\/aHR0cDovL21lZGlhMi5kZXNpZ25wYXJ0bmVyLmZyL2MvcC8xOTg5NS8xOTg5NS0xNjM5LTEud2VicA?v=1751554479","https:\/\/media.th4.com\/KKdolcGzSjfZOjl2MnFqTMo8lfdqW5k3oYGDu1k3A0o\/pr:1920\/aHR0cDovL21lZGlhMi5kZXNpZ25wYXJ0bmVyLmZyL2MvcC8xOTg5NS8xOTg5NS0xNjM5LTIud2VicA?v=1751554479","https:\/\/media.th4.com\/uJofJl1kXQKVjlp0rcFJZ0QZyYejKQsj8ACf_IIyWzY\/pr:1920\/aHR0cDovL21lZGlhMi5kZXNpZ25wYXJ0bmVyLmZyL2MvcC8xOTg5NS8xOTg5NS0xNjM5LTMud2VicA?v=1751554479"],"opengraph":["https:\/\/media.th4.com\/d52jMUAk1kzyoCwImnrnvjB4bqMKu8por3yHCeZL32s\/pr:1200x630\/aHR0cDovL21lZGlhMi5kZXNpZ25wYXJ0bmVyLmZyL2MvcC8xOTg5NS8xOTg5NS0xNjM5LTEud2VicA?v=1751554479","https:\/\/media.th4.com\/-V4R_UGV7LPxur_TxM9EdhT_l4zl9dJ0z_eLtEUMaTo\/pr:1200x630\/aHR0cDovL21lZGlhMi5kZXNpZ25wYXJ0bmVyLmZyL2MvcC8xOTg5NS8xOTg5NS0xNjM5LTIud2VicA?v=1751554479","https:\/\/media.th4.com\/AEM1RSl_j6RqMhiL9VdxqtVGWK8LoO_ytjUIqz_kzdY\/pr:1200x630\/aHR0cDovL21lZGlhMi5kZXNpZ25wYXJ0bmVyLmZyL2MvcC8xOTg5NS8xOTg5NS0xNjM5LTMud2VicA?v=1751554479"]},"country_origin":"CN","traceability":{"manufacturing_country_id":null,"weaving_country_id":null,"dyeing_country_id":null},"sizes":[{"id":5,"article_id":505832,"class_id":2,"name":"XS","on_standby":false,"stock_local":0,"stock_global":34,"multiple":1,"estimated_date_reassort":null,"is_destocking":false},{"id":3,"article_id":505833,"class_id":3,"name":"S","on_standby":true,"stock_local":0,"stock_global":0,"multiple":1,"estimated_date_reassort":"2026-10-05","is_destocking":false},{"id":2,"article_id":505834,"class_id":4,"name":"M","on_standby":false,"stock_local":0,"stock_global":55,"multiple":1,"estimated_date_reassort":null,"is_destocking":false},{"id":1,"article_id":505835,"class_id":5,"name":"L","on_standby":true,"stock_local":0,"stock_global":0,"multiple":1,"estimated_date_reassort":"2026-10-05","is_destocking":false},{"id":4,"article_id":505836,"class_id":6,"name":"XL","on_standby":true,"stock_local":0,"stock_global":0,"multiple":1,"estimated_date_reassort":"2026-10-05","is_destocking":false},{"id":1116,"article_id":505837,"class_id":7,"name":"2XL","on_standby":false,"stock_local":0,"stock_global":31,"multiple":1,"estimated_date_reassort":null,"is_destocking":false},{"id":1081,"article_id":505838,"class_id":8,"name":"3XL","on_standby":false,"stock_local":0,"stock_global":55,"multiple":1,"estimated_date_reassort":null,"is_destocking":false}],"page_links":{"fr":"\/fr\/p-pr-pa1028-short-homme-short-pa1028-19895\/black-1639\/","en":"\/en\/p-pr-pa1028-short-homme-shorts-pa1028-19895\/black-1639\/","de":"\/de\/p-pr-pa1028-short-homme-shorts-pa1028-19895\/black-1639\/","nl":"\/nl\/p-pr-pa1028-short-homme-heren-short-pa1028-19895\/black-1639\/","es":"\/es\/p-pr-pa1028-short-homme-short-pa1028-19895\/black-1639\/","it":"\/it\/p-pr-pa1028-short-homme-pantaloncini-pa1028-19895\/black-1639\/","sv":"\/sv\/p-pr-pa1028-short-homme-shorts-pa1028-19895\/black-1639\/","pt":"\/pt\/p-pr-pa1028-short-homme-calcoes-pa1028-19895\/black-1639\/","da":"\/da\/p-pr-pa1028-short-homme-shorts-pa1028-19895\/black-1639\/","pl":"\/pl\/p-pr-pa1028-short-homme-szorty-pa1028-19895\/black-1639\/"},"page_links_customization":{"fr":"\/fr\/p-pr-pa1028-short-homme-pa1028-personnalisable-19895\/black-1639\/custom\/","en":"\/en\/p-pr-pa1028-short-homme-pa1028-customizable-19895\/black-1639\/custom\/","de":"\/de\/p-pr-pa1028-short-homme-pa1028-anpassbar-19895\/black-1639\/custom\/","nl":"\/nl\/p-pr-pa1028-short-homme-pa1028-aanpasbaar-19895\/black-1639\/custom\/","es":"\/es\/p-pr-pa1028-short-homme-pa1028-personalizable-19895\/black-1639\/custom\/","it":"\/it\/p-pr-pa1028-short-uomo-pa1028-personalizzabile-19895\/black-1639\/custom\/","sv":"\/sv\/p-pr-pa1028-short-homme-pa1028-anpassningsbar-19895\/black-1639\/custom\/","pt":"\/pt\/p-pr-pa1028-short-homme-pa1028-personalizavel-19895\/black-1639\/custom\/","da":"\/da\/p-pr-pa1028-short-homme-pa1028-tilpasselig-19895\/black-1639\/custom\/","pl":"\/pl\/p-pr-pa1028-short-homme-pa1028-dostosowywalny-19895\/black-1639\/custom\/"}}],"documentation_link":"\/pdf\/19895.pdf","countries_availables":["AD","AE","AL","AT","BA","BD","BE","BG","BL","CA","CH","CN","CO","CY","CZ","DE","DK","DO","EE","EG","ES","ET","FI","FR","GB","GE","GF","GP","GR","GT","HK","HN","HR","HT","HU","ID","IE","IN","IS","IT","JO","JP","KE","KH","KP","KR","LA","LK","LS","LT","LU","LV","MA","MF","MG","MK","MM","MN","MQ","MT","MX","MY","NC","NI","NL","PF","PH","PK","PL","PM","PT","RE","RO","SE","SG","SI","SK","SV","SY","TH","TN","TR","TW","TZ","US","VN","WF","YT"]},"infos_customization":[],"features":{"authorize_multi_surfaces":true,"display_order_delay_type":true,"promote_surface_display":true,"tarification_franco_offert":true,"enabled_3d_editor":false},"markings":[{"id":0,"nom":"vierge","finition":null,"libelle":null,"code":null,"dpi":null,"finesse_forme_isolee":null,"finesse_forme_non_isolee":null,"hauteur_minimale_texte":null,"inactif":0,"marquage_interne":1,"quantite_min":null,"parent_id":null,"print_on_support":0,"content":"vierge","description":null},{"id":2,"nom":"fonce","finition":"optimale","libelle":"TopQuadri","code":null,"dpi":400,"finesse_forme_isolee":"0.040","finesse_forme_non_isolee":"0.700","hauteur_minimale_texte":2,"inactif":0,"marquage_interne":1,"quantite_min":null,"parent_id":18,"print_on_support":0,"content":"TopQuadri","description":"pour petites et moyennes s\u00e9ries"},{"id":3,"nom":"serigraphie","finition":"serigraphie","libelle":"SeriCoat","code":null,"dpi":400,"finesse_forme_isolee":"0.040","finesse_forme_non_isolee":"0.700","hauteur_minimale_texte":2,"inactif":0,"marquage_interne":1,"quantite_min":15,"parent_id":18,"print_on_support":0,"content":"SeriCoat","description":"pour moyennes et grandes s\u00e9ries"},{"id":4,"nom":"broderie","finition":"broderie","libelle":"Broderie","code":null,"dpi":400,"finesse_forme_isolee":"0.040","finesse_forme_non_isolee":"0.700","hauteur_minimale_texte":3,"inactif":0,"marquage_interne":1,"quantite_min":null,"parent_id":null,"print_on_support":0,"content":"Broderie","description":null},{"id":8,"nom":"theme","finition":null,"libelle":"Th\u00e8me","code":null,"dpi":null,"finesse_forme_isolee":null,"finesse_forme_non_isolee":null,"hauteur_minimale_texte":null,"inactif":0,"marquage_interne":1,"quantite_min":null,"parent_id":null,"print_on_support":0,"content":"Th\u00e8me","description":null},{"id":9,"nom":"sans","finition":null,"libelle":null,"code":null,"dpi":null,"finesse_forme_isolee":null,"finesse_forme_non_isolee":null,"hauteur_minimale_texte":null,"inactif":0,"marquage_interne":1,"quantite_min":null,"parent_id":null,"print_on_support":0,"content":"sans","description":null},{"id":10,"nom":"photo","finition":null,"libelle":"Photo","code":null,"dpi":null,"finesse_forme_isolee":null,"finesse_forme_non_isolee":null,"hauteur_minimale_texte":null,"inactif":0,"marquage_interne":1,"quantite_min":null,"parent_id":null,"print_on_support":0,"content":"Photo","description":null},{"id":14,"nom":"couleur","finition":null,"libelle":"Couleur","code":null,"dpi":null,"finesse_forme_isolee":null,"finesse_forme_non_isolee":null,"hauteur_minimale_texte":null,"inactif":0,"marquage_interne":1,"quantite_min":null,"parent_id":null,"print_on_support":0,"content":"Couleur","description":null},{"id":15,"nom":"sublimation","finition":"sublimation","libelle":"Sublimation","code":null,"dpi":null,"finesse_forme_isolee":"0.000","finesse_forme_non_isolee":"0.000","hauteur_minimale_texte":2,"inactif":0,"marquage_interne":1,"quantite_min":null,"parent_id":null,"print_on_support":0,"content":"Sublimation","description":null},{"id":16,"nom":"topquadri_uv","finition":null,"libelle":"TopQuadri UV","code":null,"dpi":null,"finesse_forme_isolee":"0.020","finesse_forme_non_isolee":"0.700","hauteur_minimale_texte":2,"inactif":0,"marquage_interne":1,"quantite_min":null,"parent_id":null,"print_on_support":1,"content":null,"description":null},{"id":17,"nom":"topquadri_uvp","finition":null,"libelle":"TopQuadri UVP","code":null,"dpi":null,"finesse_forme_isolee":"0.020","finesse_forme_non_isolee":"0.700","hauteur_minimale_texte":2,"inactif":0,"marquage_interne":1,"quantite_min":null,"parent_id":null,"print_on_support":1,"content":null,"description":null},{"id":18,"nom":"quadri","finition":null,"libelle":"Impression","code":null,"dpi":null,"finesse_forme_isolee":null,"finesse_forme_non_isolee":null,"hauteur_minimale_texte":null,"inactif":0,"marquage_interne":1,"quantite_min":null,"parent_id":null,"print_on_support":0,"content":null,"description":null}]}}