{"data":{"product":{"id":19783,"titre":"Polo manches courtes enfant","description":"Polo manches courtes pour enfant. Coupe ajust\u00e9e. Coton peign\u00e9. Maille piqu\u00e9e. Fabriqu\u00e9 au Portugal. Col et finition bas de manches en bord c\u00f4te 1x1. Patte de boutonnage \u00e0 2 boutons contrast\u00e9s effet nacr\u00e9 sur toutes les couleurs. Bande de propret\u00e9 en mati\u00e8re principale ton sur ton en finition int\u00e9rieur de col. Renfort \u00e9paule. Fentes lat\u00e9rales. Finition double surpiq\u00fbres bas de v\u00eatement. Pas d'\u00e9tiquette de marque, uniquement une puce de taille d\u00e9chirable pour faciliter la personnalisation. Composition : 100% coton.","genre":"enfant","grammage":200,"conditionnement":25,"composition":"coton,coton_uniquement","reference":"ka-k292","reference_visible":"ka-k292","reference_fabricant":"K292","ref_xor":"727810","in_catalog":true,"is_transfer":false,"is_service":false,"on_standby":false,"has_3d":true,"has_size_guide":true,"has_marking":true,"has_vierge":true,"is_cross_sellable":false,"id_picto":8,"filename_3d":"19783","brand":{"id":25,"name":"Kariban","logo":"logo-kariban.png","image":"https:\/\/media.th4.com\/0rw9lHnnPIY5Gn0FZVsrv47tC3tEhLUIsdVYj4xy6L4\/pr:brand70x70\/aHR0cDovL21lZGlhMi5kZXNpZ25wYXJ0bmVyLmZyL2MvbS9sb2dvLWthcmliYW4ucG5n?v=1736960982"},"price_infos":{"price_from":15.47,"quantity":200,"color":{"id":1261,"name":"navy"},"size":{"id":1396,"name":"6\/8ans"}},"price_infos_marking":{"price_from":19.92,"quantity":500,"color":{"id":1261,"name":"navy"},"size":{"id":1396,"name":"6\/8ans"},"marking":{"id":2,"name":""},"emplacement":"avant","surface_emplacement_id":1,"surface":"coeur"},"i18n":{"blank":{"title":{"fr":"Polo Manches Courtes Enfant Polo enfant KARIBAN k292","en":"Polo Manches Courtes Enfant Kids' polo shirt KARIBAN k292","de":"Polo Manches Courtes Enfant Kinder-Poloshirt KARIBAN k292","nl":"Polo Manches Courtes Enfant Kinderpolo KARIBAN k292","es":"Polo Manches Courtes Enfant Polo infantil KARIBAN k292","it":"Polo Manches Courtes Enfant Polo bambino KARIBAN k292","sv":"Polo Manches Courtes Enfant Pik\u00e9tr\u00f6ja f\u00f6r barn KARIBAN k292","pt":"Polo Manches Courtes Enfant Polo infantil KARIBAN k292","da":"Polo Manches Courtes Enfant B\u00f8rnepolo KARIBAN k292","pl":"Polo Manches Courtes Enfant Polo dzieci\u0119ce KARIBAN k292"},"description":{"fr":"Le Polo Manches Courtes Enfant est un polo enfant \u00e0 manches courtes, coupe ajust\u00e9e, en coton peign\u00e9 et maille piqu\u00e9e. Col et bas de manches en bord c\u00f4te 1x1, patte \u00e0 2 boutons contrast\u00e9s effet nacr\u00e9, fentes lat\u00e9rales et renfort \u00e9paule. Fabriqu\u00e9 au Portugal.\n\n- Composition : 100% coton\n- Maille : piqu\u00e9e\n- Patte : 2 boutons\n- Coupe : ajust\u00e9e","en":"The Polo Manches Courtes Enfant is a kids' short-sleeve polo shirt, fitted cut, in combed cotton and piqu\u00e9 knit. 1x1 ribbed collar and sleeve cuffs, 2-button placket with contrasting pearlescent-effect buttons, side vents and shoulder reinforcement. Made in Portugal.\n\n- Composition: 100% cotton\n- Knit: piqu\u00e9\n- Placket: 2 buttons\n- Fit: fitted","de":"Das Polo Manches Courtes Enfant ist ein Kinder-Poloshirt mit kurzen \u00c4rmeln, tailliertem Schnitt, aus gek\u00e4mmter Baumwolle und Piqu\u00e9-Strick. Kragen und \u00c4rmelabschl\u00fcsse in 1x1-Rippstrick, Leiste mit 2 kontrastierenden Kn\u00f6pfen in Perlmuttoptik, Seitenschlitze und Schulterverst\u00e4rkung. Hergestellt in Portugal.\n\n- Zusammensetzung: 100% Baumwolle\n- Strick: Piqu\u00e9\n- Leiste: 2 Kn\u00f6pfe\n- Schnitt: tailliert","nl":"De Polo Manches Courtes Enfant is een kinderpolo met korte mouwen, getailleerde pasvorm, van gekamd katoen en piqu\u00e9tricot. Kraag en mouwboorden in 1x1 rib, knooppas met 2 contrasterende parelmoereffectknopen, zijsplitten en schouderversteviging. Gemaakt in Portugal.\n\n- Samenstelling: 100% katoen\n- Tricot: piqu\u00e9\n- Knooppas: 2 knopen\n- Pasvorm: getailleerd","es":"El Polo Manches Courtes Enfant es un polo infantil de manga corta, corte ajustado, de algod\u00f3n peinado y punto piqu\u00e9. Cuello y bajo de mangas en canal\u00e9 1x1, tapeta con 2 botones en contraste con efecto n\u00e1car, aberturas laterales y refuerzo en el hombro. Fabricado en Portugal.\n\n- Composici\u00f3n: 100% algod\u00f3n\n- Tejido: piqu\u00e9\n- Tapeta: 2 botones\n- Corte: ajustado","it":"Il Polo Manches Courtes Enfant \u00e8 un polo bambino a maniche corte, vestibilit\u00e0 aderente, in cotone pettinato e maglia piqu\u00e9. Collo e fondo manica a costina 1x1, patta con 2 bottoni a contrasto effetto madreperla, spacchetti laterali e rinforzo spalla. Prodotto in Portogallo.\n\n- Composizione: 100% cotone\n- Maglia: piqu\u00e9\n- Patta: 2 bottoni\n- Vestibilit\u00e0: aderente","sv":"Polo Manches Courtes Enfant \u00e4r en kort\u00e4rmad pik\u00e9tr\u00f6ja f\u00f6r barn, figurn\u00e4ra passform, i kammad bomull och pik\u00e9stickning. Krage och \u00e4rmslut i 1x1 ribbstickning, knappsl\u00e5 med 2 kontrasterande knappar med p\u00e4rlemorseffekt, sidosprund och axelf\u00f6rst\u00e4rkning. Tillverkad i Portugal.\n\n- Sammans\u00e4ttning: 100% bomull\n- Stickning: pik\u00e9\n- Knappsl\u00e5: 2 knappar\n- Passform: figurn\u00e4ra","pt":"O Polo Manches Courtes Enfant \u00e9 um polo infantil de mangas curtas, corte ajustado, em algod\u00e3o penteado e malha piqu\u00e9. Gola e bainha das mangas em canelado 1x1, carcela com 2 bot\u00f5es contrastantes com efeito madrep\u00e9rola, aberturas laterais e refor\u00e7o no ombro. Fabricado em Portugal.\n\n- Composi\u00e7\u00e3o: 100% algod\u00e3o\n- Malha: piqu\u00e9\n- Carcela: 2 bot\u00f5es\n- Corte: ajustado","da":"Polo Manches Courtes Enfant er en kort\u00e6rmet b\u00f8rnepolo med figursyet pasform i k\u00e6mmet bomuld og piqu\u00e9strik. Krave og \u00e6rmekanter i 1x1 rib, stolpe med 2 kontrastknapper med perlemorseffekt, slidser i siderne og skulderforst\u00e6rkning. Fremstillet i Portugal.\n\n- Sammens\u00e6tning: 100% bomuld\n- Strik: piqu\u00e9\n- Stolpe: 2 knapper\n- Pasform: figursyet","pl":"Polo Manches Courtes Enfant to polo dzieci\u0119ce z kr\u00f3tkim r\u0119kawem, dopasowany kr\u00f3j, z czesanej bawe\u0142ny i dzianiny pika. Ko\u0142nierz i d\u00f3\u0142 r\u0119kaw\u00f3w ze \u015bci\u0105gaczem 1x1, plisa z 2 kontrastowymi guzikami o per\u0142owym efekcie, rozci\u0119cia boczne i wzmocnienie na ramionach. Wyprodukowano w Portugalii.\n\n- Sk\u0142ad: 100% bawe\u0142na\n- Dzianina: pika\n- Plisa: 2 guziki\n- Kr\u00f3j: dopasowany"},"h1":{"fr":"Polo Manches Courtes Enfant Polo enfant k292","en":"Polo Manches Courtes Enfant Kids' polo shirt k292","de":"Polo Manches Courtes Enfant Kinder-Poloshirt k292","nl":"Polo Manches Courtes Enfant Kinderpolo k292","es":"Polo Manches Courtes Enfant Polo infantil k292","it":"Polo Manches Courtes Enfant Polo bambino k292","sv":"Polo Manches Courtes Enfant Pik\u00e9tr\u00f6ja f\u00f6r barn k292","pt":"Polo Manches Courtes Enfant Polo infantil k292","da":"Polo Manches Courtes Enfant B\u00f8rnepolo k292","pl":"Polo Manches Courtes Enfant Polo dzieci\u0119ce k292"},"meta_description":{"fr":"Polo manches courtes enfant en coton peign\u00e9, maille piqu\u00e9e et coupe ajust\u00e9e. Col bord c\u00f4te, fentes lat\u00e9rales et patte 2 boutons.","en":"Polo manches courtes enfant in combed cotton, piqu\u00e9 knit and fitted cut. Ribbed collar, side vents and 2-button placket.","de":"Polo manches courtes enfant aus gek\u00e4mmter Baumwolle, Piqu\u00e9-Strick und taillierter Schnitt. Rippstrickkragen, Seitenschlitze und 2-Knopf-Leiste.","nl":"Polo manches courtes enfant van gekamd katoen, piqu\u00e9tricot en getailleerde pasvorm. Ribkraag, zijsplitten en knooppas met 2 knopen.","es":"Polo manches courtes enfant de algod\u00f3n peinado, punto piqu\u00e9 y corte ajustado. Cuello de canal\u00e9, aberturas laterales y tapeta de 2 botones.","it":"Polo manches courtes enfant in cotone pettinato, maglia piqu\u00e9 e vestibilit\u00e0 aderente. Collo a costina, spacchetti laterali e patta con 2 bottoni.","sv":"Polo manches courtes enfant i kammad bomull, pik\u00e9stickning och figurn\u00e4ra passform. Ribbstickad krage, sidosprund och knappsl\u00e5 med 2 knappar.","pt":"Polo manches courtes enfant em algod\u00e3o penteado, malha piqu\u00e9 e corte ajustado. Gola em canelado, aberturas laterais e carcela com 2 bot\u00f5es.","da":"Polo manches courtes enfant i k\u00e6mmet bomuld, piqu\u00e9strik og figursyet pasform. Ribkrave, slidser i siderne og stolpe med 2 knapper.","pl":"Polo manches courtes enfant z czesanej bawe\u0142ny, dzianina pika i dopasowany kr\u00f3j. Ko\u0142nierz ze \u015bci\u0105gaczem, rozci\u0119cia boczne i plisa z 2 guzikami."}},"custom":{"title":{"fr":"Polo manches courtes enfant KARIBAN k292 Personnalisable","en":"Polo manches courtes enfant KARIBAN k292 Customizable","de":"Polo manches courtes enfant KARIBAN k292 Personnalisierbar","nl":"Polo manches courtes enfant KARIBAN k292 Personaliseerbaar","es":"Polo manches courtes enfant KARIBAN k292 Personalizable","it":"Polo manches courtes enfant KARIBAN k292 Personalizzabile","sv":"Polo manches courtes enfant KARIBAN k292 Personnalisable","pt":"Polo manches courtes enfant KARIBAN k292 Personaliz\u00e1vel","da":"Polo manches courtes enfant KARIBAN k292 Tilpasselig","pl":"Polo manches courtes enfant KARIBAN k292 Personalizowany"},"description":{"fr":"Le polo manches courtes enfant pr\u00e9sente une coupe ajust\u00e9e et est confectionn\u00e9 en coton peign\u00e9 avec une maille piqu\u00e9e. Il dispose d'un col bord c\u00f4te 1x1, d'une patte de boutonnage \u00e0 2 boutons effet nacr\u00e9 et d'un renfort aux \u00e9paules. Le v\u00eatement comprend des fentes lat\u00e9rales et une finition double surpiq\u00fbres au bas. Une puce taille d\u00e9chirable remplace l'\u00e9tiquette marque pour faciliter la personnalisation.\n\n- Composition 100% coton\n- Coupe ajust\u00e9e\n- Col bord c\u00f4te 1x1\n- Personnalisable avec puce taille","en":"The polo manches courtes enfant features a fitted cut and is made of combed cotton with a piqu\u00e9 knit. It has a 1x1 ribbed collar, a 2-button placket with pearlescent effect buttons, and shoulder reinforcement. The garment includes side vents and a double topstitch finish at the hem. A tear-off size chip replaces the brand label to facilitate customization.\n\n- Composition 100% cotton\n- Fitted cut\n- 1x1 ribbed collar\n- Customizable with size chip","de":"Das polo manches courtes enfant hat einen taillierten Schnitt und ist aus gek\u00e4mmter Baumwolle mit Piqu\u00e9-Struktur gefertigt. Es verf\u00fcgt \u00fcber einen 1x1 Rippenkragen, eine 2-Knopf-Leiste mit Perlmutt-Effekt und einer Schulterverst\u00e4rkung. Das Kleidungsst\u00fcck hat seitliche Schlitze und eine doppelte Steppnaht am Saum. Ein abrei\u00dfbarer Gr\u00f6\u00dfen-Chip ersetzt das Markenetikett zur erleichterten Personalisierung.\n\n- Material 100% Baumwolle\n- Taillierter Schnitt\n- 1x1 Rippenkragen\n- Personalisierbar mit Gr\u00f6\u00dfenchip","nl":"De polo manches courtes enfant heeft een aansluitende pasvorm en is gemaakt van gekamd katoen met een piqu\u00e9stof. Hij heeft een boordkraag 1x1, een 2-knopsbies met pareleffect en versteviging op de schouders. Het kledingstuk heeft zijsplitten en een dubbele stiknaadafwerking onderaan. Een afneembare maataanduiding vervangt het merklabel voor gemakkelijke personalisatie.\n\n- Samenstelling 100% katoen\n- Aansluitende pasvorm\n- Boordkraag 1x1\n- Personaliseerbaar met maataanduiding","es":"El polo manches courtes enfant tiene un corte ajustado y est\u00e1 confeccionado en algod\u00f3n peinado con punto piqu\u00e9. Cuenta con cuello de canal\u00e9 1x1, tapeta con 2 botones efecto n\u00e1car y refuerzo en los hombros. La prenda incluye aberturas laterales y doble pespunte en el bajo. Una etiqueta extra\u00edble reemplaza la etiqueta de la marca para facilitar la personalizaci\u00f3n.\n\n- Composici\u00f3n 100% algod\u00f3n\n- Corte ajustado\n- Cuello de canal\u00e9 1x1\n- Personalizable con etiqueta extra\u00edble","it":"Il polo manches courtes enfant presenta una vestibilit\u00e0 aderente ed \u00e8 realizzato in cotone pettinato con tessuto piqu\u00e9. Dispone di collo a costine 1x1, patta con 2 bottoni effetto madreperla e rinforzo sulle spalle. Il capo presenta spaccature laterali e finitura con doppia cucitura al fondo. Una etichetta tagliabile per la taglia sostituisce l'etichetta del marchio per facilitare la personalizzazione.\n\n- Composizione 100% cotone\n- Taglio aderente\n- Collo a costine 1x1\n- Personalizzabile con etichetta tagliabile per la taglia","sv":"polo manches courtes enfant har en figursydd passform och \u00e4r tillverkad i kammad bomull med pik\u00e9v\u00e4v. Har en ribbad 1x1 krage, tv\u00e5 knappar med p\u00e4rlemorseffekt och axelf\u00f6rst\u00e4rkningar. Plagget har sidoventi lationsspringor och dubbelstickningar i nederkanten. En avtagbar storlekslapp ers\u00e4tter varum\u00e4rkesetiketten f\u00f6r enklare anpassning.\n\n- Komposition 100% bomull\n- Figursydd passform\n- Ribbad 1x1 krage\n- Anpassningsbar med avtagbar storlekslapp","pt":"O polo manches courtes enfant apresenta um corte ajustado e \u00e9 confeccionado em algod\u00e3o penteado com malha piqu\u00ea. Possui gola canelada 1x1, pala com 2 bot\u00f5es de efeito madrep\u00e9rola e refor\u00e7o nos ombros. A pe\u00e7a inclui aberturas laterais e acabamento com costura dupla na barra. Uma etiqueta destac\u00e1vel substitui a etiqueta da marca para facilitar a personaliza\u00e7\u00e3o.\n\n- Composi\u00e7\u00e3o 100% algod\u00e3o\n- Corte ajustado\n- Gola canelada 1x1\n- Personaliz\u00e1vel com etiqueta destac\u00e1vel","da":"Polo manches courtes enfant har en smal pasform og er fremstillet i k\u00e6mmet bomuld med piquebinding. Den har en ribstrikket 1x1-krave, en 2-knaps perlemorsknapstolpe og skulderforst\u00e6rkning. Bekl\u00e6dningen har sideslidser og dobbelt stikning forneden. En aftagelig st\u00f8rrelsesetikette erstatter m\u00e6rkeetiketten for nem tilpasning.\n\n- Sammens\u00e6tning 100% bomuld\n- Smal pasform\n- Ribstrikket 1x1-krave\n- Tilpasselig med st\u00f8rrelsespiece","pl":"Polo manches courtes enfant ma dopasowany kr\u00f3j i jest wykonany z bawe\u0142ny czesanej o fakturze d\u017cerseju. Posiada \u015bci\u0105gaczowy ko\u0142nierz 1x1, listw\u0119 z dwoma guzikami o per\u0142owym efekcie i wzmocnienie na ramionach. Odzie\u017c zawiera boczne rozci\u0119cia i podw\u00f3jne przeszycia na dole. Oznaczenie rozmiaru jest oderwaln\u0105 metk\u0105 zamiast etykiety marki, u\u0142atwiaj\u0105ce personalizacj\u0119.\n\n- Sk\u0142ad 100% bawe\u0142na\n- Dopasowany kr\u00f3j\n- \u015aci\u0105gaczowy ko\u0142nierz 1x1\n- Personalizowany z oznaczeniem rozmiaru"},"h1":{"fr":"Polo manches courtes enfant k292 Personnalisable","en":"Polo manches courtes enfant k292 Customizable","de":"Polo manches courtes enfant k292 Personnalisierbar","nl":"Polo manches courtes enfant k292 Personaliseerbaar","es":"Polo manches courtes enfant k292 Personalizable","it":"Polo manches courtes enfant k292 Personalizzabile","sv":"Polo manches courtes enfant k292 Personnalisable","pt":"Polo manches courtes enfant k292 Personaliz\u00e1vel","da":"Polo manches courtes enfant k292 Tilpasselig","pl":"Polo manches courtes enfant k292 Personalizowany"},"meta_description":{"fr":"Polo manches courtes enfant en coton peign\u00e9 avec coupe ajust\u00e9e, col bord c\u00f4te et patte boutonnage 2 boutons. Personnalisable avec fentes lat\u00e9rales.","en":"Polo manches courtes enfant in combed cotton with fitted cut, ribbed collar and 2-button placket. Customizable with side vents.","de":"Polo manches courtes enfant aus gek\u00e4mmter Baumwolle mit tailliertem Schnitt, 1x1 Rippenkragen und 2-Knopf-Leiste. Personalisierbar mit seitlichen Schlitzen.","nl":"Polo manches courtes enfant van gekamd katoen met aansluitende pasvorm, boordkraag en 2-knopsbies. Personaliseerbaar met zijsplitten.","es":"Polo manches courtes enfant en algod\u00f3n peinado con corte ajustado, cuello de canal\u00e9 y tapeta con 2 botones. Personalizable con aberturas laterales.","it":"Polo manches courtes enfant in cotone pettinato con taglio aderente, collo a costine e patta con 2 bottoni. Personalizzabile con spaccature laterali.","sv":"Polo manches courtes enfant i kammad bomull med figursydd passform, ribbad krage och tv\u00e5knappars kn\u00e4ppning. Anpassningsbar med sidoventi lationsspringor.","pt":"Polo manches courtes enfant em algod\u00e3o penteado com corte ajustado, gola canelada e pala com 2 bot\u00f5es. Personaliz\u00e1vel com aberturas laterais.","da":"Polo manches courtes enfant i k\u00e6mmet bomuld med smal pasform, ribstrikket krave og 2-knaps knapstolpe. Tilpasselig med sideslidser.","pl":"Polo manches courtes enfant z bawe\u0142ny czesanej o dopasowanym kroju, ko\u0142nierz \u015bci\u0105gaczowy i listwa z 2 guzikami. Personalizowany z bocznymi rozci\u0119ciami."}}},"categories":[{"id":8,"name":"Polos","singular":"Polo","is_feminin":false},{"id":354,"name":"Textile","singular":"Textile","is_feminin":false}],"certifications":[],"videos":{"fr":[],"en":[],"de":[],"nl":[],"es":[],"it":[],"sv":[],"pt":[],"da":[],"pl":[]},"main_images":{"miniature":"https:\/\/media.th4.com\/4tBdRHl0_gFsZemCexzAbBrJMe8G96L9FzFqSyeJevA\/pr:80\/aHR0cDovL21lZGlhMi5kZXNpZ25wYXJ0bmVyLmZyL2MvcC1ibGFuay1USC8xOTc4My53ZWJw?v=1751554547","medium":"https:\/\/media.th4.com\/CXOjPmPZnuGHVbSCt9mZQA7O6TYzmlPbSEMDyahgJWQ\/pr:550x550greybg\/aHR0cDovL21lZGlhMi5kZXNpZ25wYXJ0bmVyLmZyL2MvcC1ibGFuay1USC8xOTc4My53ZWJw?v=1751554547","medium_large":"https:\/\/media.th4.com\/pr33HijGgukwO_2VktQNNMiHGyIBWgf92W6wqFRuNOg\/pr:1000x1000greybg\/aHR0cDovL21lZGlhMi5kZXNpZ25wYXJ0bmVyLmZyL2MvcC1ibGFuay1USC8xOTc4My53ZWJw?v=1751554547","large":"https:\/\/media.th4.com\/VJlzzybIAkkzDkB7gomG-5-FaY8O_nqx33-Ce1Fo1Q4\/pr:1920greybg\/aHR0cDovL21lZGlhMi5kZXNpZ25wYXJ0bmVyLmZyL2MvcC1ibGFuay1USC8xOTc4My53ZWJw?v=1751554547","opengraph":"https:\/\/media.th4.com\/hSBcqoIr1RMdZ0C0MVgfdsPYCp_Sc7RKgkMTW5jK-1Q\/pr:1200x630greybg\/aHR0cDovL21lZGlhMi5kZXNpZ25wYXJ0bmVyLmZyL2MvcC1ibGFuay1USC8xOTc4My53ZWJw?v=1751554547"},"main_images_customization":{"miniature":"https:\/\/media.th4.com\/kG0zFI7m_3C6t4qGVNfYAtaAAaXFbaJnd97V4OONJVA\/pr:80\/aHR0cDovL21lZGlhMi5kZXNpZ25wYXJ0bmVyLmZyL2MvcC1jdXN0b20tVEgvMTk3ODMud2VicA?v=1751554555","medium":"https:\/\/media.th4.com\/HrE08FnPkl257gWG2IZO3iX6_pPzBzMdaftE9U0ASNU\/pr:550x550greybg\/aHR0cDovL21lZGlhMi5kZXNpZ25wYXJ0bmVyLmZyL2MvcC1jdXN0b20tVEgvMTk3ODMud2VicA?v=1751554555","medium_large":"https:\/\/media.th4.com\/XeLZLdKvgGA1_X7QlT48_MVUvcvZ_KgqVs2l46jIZlw\/pr:1000x1000greybg\/aHR0cDovL21lZGlhMi5kZXNpZ25wYXJ0bmVyLmZyL2MvcC1jdXN0b20tVEgvMTk3ODMud2VicA?v=1751554555","large":"https:\/\/media.th4.com\/IBI-aVJ4GGzlurI7gT98DIUtWKHHk64MQBztAko__ks\/pr:1920greybg\/aHR0cDovL21lZGlhMi5kZXNpZ25wYXJ0bmVyLmZyL2MvcC1jdXN0b20tVEgvMTk3ODMud2VicA?v=1751554555","opengraph":"https:\/\/media.th4.com\/5F_aMNoKPptfb9woRC0-3jx6m60wi71PCHU50jzTIuc\/pr:1200x630greybg\/aHR0cDovL21lZGlhMi5kZXNpZ25wYXJ0bmVyLmZyL2MvcC1jdXN0b20tVEgvMTk3ODMud2VicA?v=1751554555"},"page_links":{"fr":"\/fr\/p-ka-k292-polo-manches-courtes-enfant-polo-enfant-k292-19783\/","en":"\/en\/p-ka-k292-polo-manches-courtes-enfant-kids-polo-shirt-k292-19783\/","de":"\/de\/p-ka-k292-polo-manches-courtes-enfant-kinder-poloshirt-k292-19783\/","nl":"\/nl\/p-ka-k292-polo-manches-courtes-enfant-kinderpolo-k292-19783\/","es":"\/es\/p-ka-k292-polo-manches-courtes-enfant-polo-infantil-k292-19783\/","it":"\/it\/p-ka-k292-polo-manches-courtes-enfant-polo-bambino-k292-19783\/","sv":"\/sv\/p-ka-k292-polo-manches-courtes-enfant-piketroja-for-barn-k292-19783\/","pt":"\/pt\/p-ka-k292-polo-manches-courtes-enfant-polo-infantil-k292-19783\/","da":"\/da\/p-ka-k292-polo-manches-courtes-enfant-bornepolo-k292-19783\/","pl":"\/pl\/p-ka-k292-polo-manches-courtes-enfant-polo-dzieciece-k292-19783\/"},"page_links_customization":{"fr":"\/fr\/p-ka-k292-polo-manches-courtes-enfant-k292-personnalisable-19783\/custom\/","en":"\/en\/p-ka-k292-polo-manches-courtes-enfant-k292-customizable-19783\/custom\/","de":"\/de\/p-ka-k292-polo-manches-courtes-enfant-k292-personnalisierbar-19783\/custom\/","nl":"\/nl\/p-ka-k292-polo-manches-courtes-enfant-k292-personaliseerbaar-19783\/custom\/","es":"\/es\/p-ka-k292-polo-manches-courtes-enfant-k292-personalizable-19783\/custom\/","it":"\/it\/p-ka-k292-polo-manches-courtes-enfant-k292-personalizzabile-19783\/custom\/","sv":"\/sv\/p-ka-k292-polo-manches-courtes-enfant-k292-personnalisable-19783\/custom\/","pt":"\/pt\/p-ka-k292-polo-manches-courtes-enfant-k292-personalizavel-19783\/custom\/","da":"\/da\/p-ka-k292-polo-manches-courtes-enfant-k292-tilpasselig-19783\/custom\/","pl":"\/pl\/p-ka-k292-polo-manches-courtes-enfant-k292-personalizowany-19783\/custom\/"},"equivalent_products":[],"colors":[{"id":1856,"name":"white","class_ids":[1],"codes_hexa":["FFFFFF"],"delai_24":false,"has_3d":true,"seuil_global":0,"stock_local":0,"stock_global":2558,"on_standby":false,"in_catalog":true,"images":{"miniature":["https:\/\/media.th4.com\/Dxp1rutJTCd6IcG5zqnivnnP_UmcEqYoKyXRlyxPc2E\/pr:80\/aHR0cDovL21lZGlhMi5kZXNpZ25wYXJ0bmVyLmZyL2MvcC8xOTc4My8xOTc4My0xODU2LTEud2VicA?v=1751554411","https:\/\/media.th4.com\/xCsr5FVutmKeEMmfJiZTAFtZ8O2MEwnfyGIlsDNpbwg\/pr:80\/aHR0cDovL21lZGlhMi5kZXNpZ25wYXJ0bmVyLmZyL2MvcC8xOTc4My8xOTc4My0xODU2LTIud2VicA?v=1751554411","https:\/\/media.th4.com\/vE173zzE-2uW5u7JTRaY4hbwWHEzPZYZDf4tSUpeRWs\/pr:80\/aHR0cDovL21lZGlhMi5kZXNpZ25wYXJ0bmVyLmZyL2MvcC8xOTc4My8xOTc4My0xODU2LTMud2VicA?v=1751554411"],"medium":["https:\/\/media.th4.com\/KzYmZ3mg-fXQxEwk7XX8woW835OsVAjR56FB4kE3IdI\/pr:550x550\/aHR0cDovL21lZGlhMi5kZXNpZ25wYXJ0bmVyLmZyL2MvcC8xOTc4My8xOTc4My0xODU2LTEud2VicA?v=1751554411","https:\/\/media.th4.com\/jTZInPjpvxQhImp5RITnQv7kstM8oZ34F_L5Q2BERPU\/pr:550x550\/aHR0cDovL21lZGlhMi5kZXNpZ25wYXJ0bmVyLmZyL2MvcC8xOTc4My8xOTc4My0xODU2LTIud2VicA?v=1751554411","https:\/\/media.th4.com\/DDZRpEU6w0e2pDXbFIL7WhBoG5AhRswhOOExuyk-osY\/pr:550x550\/aHR0cDovL21lZGlhMi5kZXNpZ25wYXJ0bmVyLmZyL2MvcC8xOTc4My8xOTc4My0xODU2LTMud2VicA?v=1751554411"],"medium_large":["https:\/\/media.th4.com\/yVo1nRFha5KlZWr0KgSyjO8QTUe6MR69Pt-W30mFS5o\/pr:1000x1000\/aHR0cDovL21lZGlhMi5kZXNpZ25wYXJ0bmVyLmZyL2MvcC8xOTc4My8xOTc4My0xODU2LTEud2VicA?v=1751554411","https:\/\/media.th4.com\/Qf1C6tX4-rqt58Ke1m9AINNECdjtQR-SecucowNQATU\/pr:1000x1000\/aHR0cDovL21lZGlhMi5kZXNpZ25wYXJ0bmVyLmZyL2MvcC8xOTc4My8xOTc4My0xODU2LTIud2VicA?v=1751554411","https:\/\/media.th4.com\/laewcY6WAUd_fyh3sBSLuXi0zJYoSHul38fLSpBduoU\/pr:1000x1000\/aHR0cDovL21lZGlhMi5kZXNpZ25wYXJ0bmVyLmZyL2MvcC8xOTc4My8xOTc4My0xODU2LTMud2VicA?v=1751554411"],"large":["https:\/\/media.th4.com\/F10EYLmaa1gL2pIwc2H-aZ-rVhpsYkZQRgMO1H4T2Vs\/pr:1920\/aHR0cDovL21lZGlhMi5kZXNpZ25wYXJ0bmVyLmZyL2MvcC8xOTc4My8xOTc4My0xODU2LTEud2VicA?v=1751554411","https:\/\/media.th4.com\/dyIgXO56TFwx65Ks_O97XJ4F7oJLNPsPGBmSCf200pI\/pr:1920\/aHR0cDovL21lZGlhMi5kZXNpZ25wYXJ0bmVyLmZyL2MvcC8xOTc4My8xOTc4My0xODU2LTIud2VicA?v=1751554411","https:\/\/media.th4.com\/rgq15WQKTT0uAZ5ftpfcx5S6TMzXS91xBdk86sR586E\/pr:1920\/aHR0cDovL21lZGlhMi5kZXNpZ25wYXJ0bmVyLmZyL2MvcC8xOTc4My8xOTc4My0xODU2LTMud2VicA?v=1751554411"],"opengraph":["https:\/\/media.th4.com\/ZHTd7CB6E6BGBsHt3W_uC1wMD4I-yvFPGEVKAtBjjIc\/pr:1200x630\/aHR0cDovL21lZGlhMi5kZXNpZ25wYXJ0bmVyLmZyL2MvcC8xOTc4My8xOTc4My0xODU2LTEud2VicA?v=1751554411","https:\/\/media.th4.com\/etcKkGQ5rDI2WUpI0zu6Eqe8uw3XhQsn13pWL1qBrhw\/pr:1200x630\/aHR0cDovL21lZGlhMi5kZXNpZ25wYXJ0bmVyLmZyL2MvcC8xOTc4My8xOTc4My0xODU2LTIud2VicA?v=1751554411","https:\/\/media.th4.com\/gXJiUOzj52xyCRSsvTUnrZ5mRxQYUFGZBD-HVBfcjMA\/pr:1200x630\/aHR0cDovL21lZGlhMi5kZXNpZ25wYXJ0bmVyLmZyL2MvcC8xOTc4My8xOTc4My0xODU2LTMud2VicA?v=1751554411"]},"images_customization":{"miniature":["https:\/\/media.th4.com\/Dxp1rutJTCd6IcG5zqnivnnP_UmcEqYoKyXRlyxPc2E\/pr:80\/aHR0cDovL21lZGlhMi5kZXNpZ25wYXJ0bmVyLmZyL2MvcC8xOTc4My8xOTc4My0xODU2LTEud2VicA?v=1751554411","https:\/\/media.th4.com\/xCsr5FVutmKeEMmfJiZTAFtZ8O2MEwnfyGIlsDNpbwg\/pr:80\/aHR0cDovL21lZGlhMi5kZXNpZ25wYXJ0bmVyLmZyL2MvcC8xOTc4My8xOTc4My0xODU2LTIud2VicA?v=1751554411","https:\/\/media.th4.com\/vE173zzE-2uW5u7JTRaY4hbwWHEzPZYZDf4tSUpeRWs\/pr:80\/aHR0cDovL21lZGlhMi5kZXNpZ25wYXJ0bmVyLmZyL2MvcC8xOTc4My8xOTc4My0xODU2LTMud2VicA?v=1751554411"],"medium":["https:\/\/media.th4.com\/KzYmZ3mg-fXQxEwk7XX8woW835OsVAjR56FB4kE3IdI\/pr:550x550\/aHR0cDovL21lZGlhMi5kZXNpZ25wYXJ0bmVyLmZyL2MvcC8xOTc4My8xOTc4My0xODU2LTEud2VicA?v=1751554411","https:\/\/media.th4.com\/jTZInPjpvxQhImp5RITnQv7kstM8oZ34F_L5Q2BERPU\/pr:550x550\/aHR0cDovL21lZGlhMi5kZXNpZ25wYXJ0bmVyLmZyL2MvcC8xOTc4My8xOTc4My0xODU2LTIud2VicA?v=1751554411","https:\/\/media.th4.com\/DDZRpEU6w0e2pDXbFIL7WhBoG5AhRswhOOExuyk-osY\/pr:550x550\/aHR0cDovL21lZGlhMi5kZXNpZ25wYXJ0bmVyLmZyL2MvcC8xOTc4My8xOTc4My0xODU2LTMud2VicA?v=1751554411"],"medium_large":["https:\/\/media.th4.com\/yVo1nRFha5KlZWr0KgSyjO8QTUe6MR69Pt-W30mFS5o\/pr:1000x1000\/aHR0cDovL21lZGlhMi5kZXNpZ25wYXJ0bmVyLmZyL2MvcC8xOTc4My8xOTc4My0xODU2LTEud2VicA?v=1751554411","https:\/\/media.th4.com\/Qf1C6tX4-rqt58Ke1m9AINNECdjtQR-SecucowNQATU\/pr:1000x1000\/aHR0cDovL21lZGlhMi5kZXNpZ25wYXJ0bmVyLmZyL2MvcC8xOTc4My8xOTc4My0xODU2LTIud2VicA?v=1751554411","https:\/\/media.th4.com\/laewcY6WAUd_fyh3sBSLuXi0zJYoSHul38fLSpBduoU\/pr:1000x1000\/aHR0cDovL21lZGlhMi5kZXNpZ25wYXJ0bmVyLmZyL2MvcC8xOTc4My8xOTc4My0xODU2LTMud2VicA?v=1751554411"],"large":["https:\/\/media.th4.com\/F10EYLmaa1gL2pIwc2H-aZ-rVhpsYkZQRgMO1H4T2Vs\/pr:1920\/aHR0cDovL21lZGlhMi5kZXNpZ25wYXJ0bmVyLmZyL2MvcC8xOTc4My8xOTc4My0xODU2LTEud2VicA?v=1751554411","https:\/\/media.th4.com\/dyIgXO56TFwx65Ks_O97XJ4F7oJLNPsPGBmSCf200pI\/pr:1920\/aHR0cDovL21lZGlhMi5kZXNpZ25wYXJ0bmVyLmZyL2MvcC8xOTc4My8xOTc4My0xODU2LTIud2VicA?v=1751554411","https:\/\/media.th4.com\/rgq15WQKTT0uAZ5ftpfcx5S6TMzXS91xBdk86sR586E\/pr:1920\/aHR0cDovL21lZGlhMi5kZXNpZ25wYXJ0bmVyLmZyL2MvcC8xOTc4My8xOTc4My0xODU2LTMud2VicA?v=1751554411"],"opengraph":["https:\/\/media.th4.com\/ZHTd7CB6E6BGBsHt3W_uC1wMD4I-yvFPGEVKAtBjjIc\/pr:1200x630\/aHR0cDovL21lZGlhMi5kZXNpZ25wYXJ0bmVyLmZyL2MvcC8xOTc4My8xOTc4My0xODU2LTEud2VicA?v=1751554411","https:\/\/media.th4.com\/etcKkGQ5rDI2WUpI0zu6Eqe8uw3XhQsn13pWL1qBrhw\/pr:1200x630\/aHR0cDovL21lZGlhMi5kZXNpZ25wYXJ0bmVyLmZyL2MvcC8xOTc4My8xOTc4My0xODU2LTIud2VicA?v=1751554411","https:\/\/media.th4.com\/gXJiUOzj52xyCRSsvTUnrZ5mRxQYUFGZBD-HVBfcjMA\/pr:1200x630\/aHR0cDovL21lZGlhMi5kZXNpZ25wYXJ0bmVyLmZyL2MvcC8xOTc4My8xOTc4My0xODU2LTMud2VicA?v=1751554411"]},"country_origin":"PT","traceability":{"manufacturing_country_id":null,"weaving_country_id":null,"dyeing_country_id":null},"sizes":[{"id":1396,"article_id":503310,"class_id":15,"name":"6\/8ans","on_standby":false,"stock_local":0,"stock_global":579,"multiple":1,"estimated_date_reassort":null,"is_destocking":false},{"id":1399,"article_id":503309,"class_id":14,"name":"4\/6ans","on_standby":false,"stock_local":0,"stock_global":472,"multiple":1,"estimated_date_reassort":null,"is_destocking":false},{"id":1397,"article_id":503311,"class_id":16,"name":"8\/10ans","on_standby":false,"stock_local":0,"stock_global":574,"multiple":1,"estimated_date_reassort":null,"is_destocking":false},{"id":1398,"article_id":503312,"class_id":17,"name":"10\/12ans","on_standby":false,"stock_local":0,"stock_global":529,"multiple":1,"estimated_date_reassort":null,"is_destocking":false},{"id":33,"article_id":503313,"class_id":17,"name":"12\/14ans","on_standby":false,"stock_local":0,"stock_global":404,"multiple":1,"estimated_date_reassort":null,"is_destocking":false}],"page_links":{"fr":"\/fr\/p-ka-k292-polo-manches-courtes-enfant-polo-enfant-k292-19783\/white-1856\/","en":"\/en\/p-ka-k292-polo-manches-courtes-enfant-kids-polo-shirt-k292-19783\/white-1856\/","de":"\/de\/p-ka-k292-polo-manches-courtes-enfant-kinder-poloshirt-k292-19783\/white-1856\/","nl":"\/nl\/p-ka-k292-polo-manches-courtes-enfant-kinderpolo-k292-19783\/white-1856\/","es":"\/es\/p-ka-k292-polo-manches-courtes-enfant-polo-infantil-k292-19783\/white-1856\/","it":"\/it\/p-ka-k292-polo-manches-courtes-enfant-polo-bambino-k292-19783\/white-1856\/","sv":"\/sv\/p-ka-k292-polo-manches-courtes-enfant-piketroja-for-barn-k292-19783\/white-1856\/","pt":"\/pt\/p-ka-k292-polo-manches-courtes-enfant-polo-infantil-k292-19783\/white-1856\/","da":"\/da\/p-ka-k292-polo-manches-courtes-enfant-bornepolo-k292-19783\/white-1856\/","pl":"\/pl\/p-ka-k292-polo-manches-courtes-enfant-polo-dzieciece-k292-19783\/white-1856\/"},"page_links_customization":{"fr":"\/fr\/p-ka-k292-polo-manches-courtes-enfant-k292-personnalisable-19783\/white-1856\/custom\/","en":"\/en\/p-ka-k292-polo-manches-courtes-enfant-k292-customizable-19783\/white-1856\/custom\/","de":"\/de\/p-ka-k292-polo-manches-courtes-enfant-k292-personnalisierbar-19783\/white-1856\/custom\/","nl":"\/nl\/p-ka-k292-polo-manches-courtes-enfant-k292-personaliseerbaar-19783\/white-1856\/custom\/","es":"\/es\/p-ka-k292-polo-manches-courtes-enfant-k292-personalizable-19783\/white-1856\/custom\/","it":"\/it\/p-ka-k292-polo-manches-courtes-enfant-k292-personalizzabile-19783\/white-1856\/custom\/","sv":"\/sv\/p-ka-k292-polo-manches-courtes-enfant-k292-personnalisable-19783\/white-1856\/custom\/","pt":"\/pt\/p-ka-k292-polo-manches-courtes-enfant-k292-personalizavel-19783\/white-1856\/custom\/","da":"\/da\/p-ka-k292-polo-manches-courtes-enfant-k292-tilpasselig-19783\/white-1856\/custom\/","pl":"\/pl\/p-ka-k292-polo-manches-courtes-enfant-k292-personalizowany-19783\/white-1856\/custom\/"}},{"id":1261,"name":"navy","class_ids":[2],"codes_hexa":["012942"],"delai_24":false,"has_3d":true,"seuil_global":0,"stock_local":0,"stock_global":2316,"on_standby":false,"in_catalog":true,"images":{"miniature":["https:\/\/media.th4.com\/9JplBR8WVULjnfxFy2hp3nZY6hX_h1o54We3AxIiEjA\/pr:80\/aHR0cDovL21lZGlhMi5kZXNpZ25wYXJ0bmVyLmZyL2MvcC8xOTc4My8xOTc4My0xMjYxLTEud2VicA?v=1751554410","https:\/\/media.th4.com\/KpMD7BRKLGa91of9y5k7amaV2jmoEBFjgEWOCR4QO_k\/pr:80\/aHR0cDovL21lZGlhMi5kZXNpZ25wYXJ0bmVyLmZyL2MvcC8xOTc4My8xOTc4My0xMjYxLTIud2VicA?v=1751554410","https:\/\/media.th4.com\/lis4Scbcps8wYfsJQSOic1Qr1fFJPX-g_CKBehdQQAI\/pr:80\/aHR0cDovL21lZGlhMi5kZXNpZ25wYXJ0bmVyLmZyL2MvcC8xOTc4My8xOTc4My0xMjYxLTMud2VicA?v=1751554410"],"medium":["https:\/\/media.th4.com\/FLWSHbuyoVVmrP-vpm2W_XOdeojEbywy5AvEXUm6dTw\/pr:550x550\/aHR0cDovL21lZGlhMi5kZXNpZ25wYXJ0bmVyLmZyL2MvcC8xOTc4My8xOTc4My0xMjYxLTEud2VicA?v=1751554410","https:\/\/media.th4.com\/XHi3t8ssJHIOXpN5y0hyNhWOCLch1GjZB3QZSV8ZaGA\/pr:550x550\/aHR0cDovL21lZGlhMi5kZXNpZ25wYXJ0bmVyLmZyL2MvcC8xOTc4My8xOTc4My0xMjYxLTIud2VicA?v=1751554410","https:\/\/media.th4.com\/AxCCK1lY6Ks59BVtQxVwvWQJZw9-wwTxdmhM0IcGCo4\/pr:550x550\/aHR0cDovL21lZGlhMi5kZXNpZ25wYXJ0bmVyLmZyL2MvcC8xOTc4My8xOTc4My0xMjYxLTMud2VicA?v=1751554410"],"medium_large":["https:\/\/media.th4.com\/pBvF_apH9Gi1zW1uGLxp6TOaf9VgzJrY0WJp5TdvlVE\/pr:1000x1000\/aHR0cDovL21lZGlhMi5kZXNpZ25wYXJ0bmVyLmZyL2MvcC8xOTc4My8xOTc4My0xMjYxLTEud2VicA?v=1751554410","https:\/\/media.th4.com\/48n_fAFiSIk7YkWFWM7ArNg1AxoUKSyv9i60BCjtp3E\/pr:1000x1000\/aHR0cDovL21lZGlhMi5kZXNpZ25wYXJ0bmVyLmZyL2MvcC8xOTc4My8xOTc4My0xMjYxLTIud2VicA?v=1751554410","https:\/\/media.th4.com\/wkXlkAmZhTeW9wVrOxTMCGQevEmW32bahjH13fqBWqI\/pr:1000x1000\/aHR0cDovL21lZGlhMi5kZXNpZ25wYXJ0bmVyLmZyL2MvcC8xOTc4My8xOTc4My0xMjYxLTMud2VicA?v=1751554410"],"large":["https:\/\/media.th4.com\/kJ21zj5_pkNncfo8t89a94qWzqE6k9NpgkevM6vymA4\/pr:1920\/aHR0cDovL21lZGlhMi5kZXNpZ25wYXJ0bmVyLmZyL2MvcC8xOTc4My8xOTc4My0xMjYxLTEud2VicA?v=1751554410","https:\/\/media.th4.com\/7cVmj1ilyeiphjyBcPkuaqWgCSDjl3BQRpJmYCrsZ4Y\/pr:1920\/aHR0cDovL21lZGlhMi5kZXNpZ25wYXJ0bmVyLmZyL2MvcC8xOTc4My8xOTc4My0xMjYxLTIud2VicA?v=1751554410","https:\/\/media.th4.com\/Js_llNQ4Vy56GkPwXbhreQnR_iHUcILF9uItH2V3DLg\/pr:1920\/aHR0cDovL21lZGlhMi5kZXNpZ25wYXJ0bmVyLmZyL2MvcC8xOTc4My8xOTc4My0xMjYxLTMud2VicA?v=1751554410"],"opengraph":["https:\/\/media.th4.com\/9PutyNrlc34mM4-DG7QrsI7Q28hsVnTwfXCbCyr1NS4\/pr:1200x630\/aHR0cDovL21lZGlhMi5kZXNpZ25wYXJ0bmVyLmZyL2MvcC8xOTc4My8xOTc4My0xMjYxLTEud2VicA?v=1751554410","https:\/\/media.th4.com\/yFwSPmuWKNjwFo3UTslkc53wEhPouYe1TlSFHPtnDfk\/pr:1200x630\/aHR0cDovL21lZGlhMi5kZXNpZ25wYXJ0bmVyLmZyL2MvcC8xOTc4My8xOTc4My0xMjYxLTIud2VicA?v=1751554410","https:\/\/media.th4.com\/fwNSLqczo7w5fo__ETK7UbbOS9YUf2dL9jnu7GBzcLU\/pr:1200x630\/aHR0cDovL21lZGlhMi5kZXNpZ25wYXJ0bmVyLmZyL2MvcC8xOTc4My8xOTc4My0xMjYxLTMud2VicA?v=1751554410"]},"images_customization":{"miniature":["https:\/\/media.th4.com\/9JplBR8WVULjnfxFy2hp3nZY6hX_h1o54We3AxIiEjA\/pr:80\/aHR0cDovL21lZGlhMi5kZXNpZ25wYXJ0bmVyLmZyL2MvcC8xOTc4My8xOTc4My0xMjYxLTEud2VicA?v=1751554410","https:\/\/media.th4.com\/KpMD7BRKLGa91of9y5k7amaV2jmoEBFjgEWOCR4QO_k\/pr:80\/aHR0cDovL21lZGlhMi5kZXNpZ25wYXJ0bmVyLmZyL2MvcC8xOTc4My8xOTc4My0xMjYxLTIud2VicA?v=1751554410","https:\/\/media.th4.com\/lis4Scbcps8wYfsJQSOic1Qr1fFJPX-g_CKBehdQQAI\/pr:80\/aHR0cDovL21lZGlhMi5kZXNpZ25wYXJ0bmVyLmZyL2MvcC8xOTc4My8xOTc4My0xMjYxLTMud2VicA?v=1751554410"],"medium":["https:\/\/media.th4.com\/FLWSHbuyoVVmrP-vpm2W_XOdeojEbywy5AvEXUm6dTw\/pr:550x550\/aHR0cDovL21lZGlhMi5kZXNpZ25wYXJ0bmVyLmZyL2MvcC8xOTc4My8xOTc4My0xMjYxLTEud2VicA?v=1751554410","https:\/\/media.th4.com\/XHi3t8ssJHIOXpN5y0hyNhWOCLch1GjZB3QZSV8ZaGA\/pr:550x550\/aHR0cDovL21lZGlhMi5kZXNpZ25wYXJ0bmVyLmZyL2MvcC8xOTc4My8xOTc4My0xMjYxLTIud2VicA?v=1751554410","https:\/\/media.th4.com\/AxCCK1lY6Ks59BVtQxVwvWQJZw9-wwTxdmhM0IcGCo4\/pr:550x550\/aHR0cDovL21lZGlhMi5kZXNpZ25wYXJ0bmVyLmZyL2MvcC8xOTc4My8xOTc4My0xMjYxLTMud2VicA?v=1751554410"],"medium_large":["https:\/\/media.th4.com\/pBvF_apH9Gi1zW1uGLxp6TOaf9VgzJrY0WJp5TdvlVE\/pr:1000x1000\/aHR0cDovL21lZGlhMi5kZXNpZ25wYXJ0bmVyLmZyL2MvcC8xOTc4My8xOTc4My0xMjYxLTEud2VicA?v=1751554410","https:\/\/media.th4.com\/48n_fAFiSIk7YkWFWM7ArNg1AxoUKSyv9i60BCjtp3E\/pr:1000x1000\/aHR0cDovL21lZGlhMi5kZXNpZ25wYXJ0bmVyLmZyL2MvcC8xOTc4My8xOTc4My0xMjYxLTIud2VicA?v=1751554410","https:\/\/media.th4.com\/wkXlkAmZhTeW9wVrOxTMCGQevEmW32bahjH13fqBWqI\/pr:1000x1000\/aHR0cDovL21lZGlhMi5kZXNpZ25wYXJ0bmVyLmZyL2MvcC8xOTc4My8xOTc4My0xMjYxLTMud2VicA?v=1751554410"],"large":["https:\/\/media.th4.com\/kJ21zj5_pkNncfo8t89a94qWzqE6k9NpgkevM6vymA4\/pr:1920\/aHR0cDovL21lZGlhMi5kZXNpZ25wYXJ0bmVyLmZyL2MvcC8xOTc4My8xOTc4My0xMjYxLTEud2VicA?v=1751554410","https:\/\/media.th4.com\/7cVmj1ilyeiphjyBcPkuaqWgCSDjl3BQRpJmYCrsZ4Y\/pr:1920\/aHR0cDovL21lZGlhMi5kZXNpZ25wYXJ0bmVyLmZyL2MvcC8xOTc4My8xOTc4My0xMjYxLTIud2VicA?v=1751554410","https:\/\/media.th4.com\/Js_llNQ4Vy56GkPwXbhreQnR_iHUcILF9uItH2V3DLg\/pr:1920\/aHR0cDovL21lZGlhMi5kZXNpZ25wYXJ0bmVyLmZyL2MvcC8xOTc4My8xOTc4My0xMjYxLTMud2VicA?v=1751554410"],"opengraph":["https:\/\/media.th4.com\/9PutyNrlc34mM4-DG7QrsI7Q28hsVnTwfXCbCyr1NS4\/pr:1200x630\/aHR0cDovL21lZGlhMi5kZXNpZ25wYXJ0bmVyLmZyL2MvcC8xOTc4My8xOTc4My0xMjYxLTEud2VicA?v=1751554410","https:\/\/media.th4.com\/yFwSPmuWKNjwFo3UTslkc53wEhPouYe1TlSFHPtnDfk\/pr:1200x630\/aHR0cDovL21lZGlhMi5kZXNpZ25wYXJ0bmVyLmZyL2MvcC8xOTc4My8xOTc4My0xMjYxLTIud2VicA?v=1751554410","https:\/\/media.th4.com\/fwNSLqczo7w5fo__ETK7UbbOS9YUf2dL9jnu7GBzcLU\/pr:1200x630\/aHR0cDovL21lZGlhMi5kZXNpZ25wYXJ0bmVyLmZyL2MvcC8xOTc4My8xOTc4My0xMjYxLTMud2VicA?v=1751554410"]},"country_origin":"PT","traceability":{"manufacturing_country_id":null,"weaving_country_id":null,"dyeing_country_id":null},"sizes":[{"id":1396,"article_id":503295,"class_id":15,"name":"6\/8ans","on_standby":false,"stock_local":0,"stock_global":602,"multiple":1,"estimated_date_reassort":null,"is_destocking":false},{"id":1399,"article_id":503294,"class_id":14,"name":"4\/6ans","on_standby":false,"stock_local":0,"stock_global":483,"multiple":1,"estimated_date_reassort":null,"is_destocking":false},{"id":1397,"article_id":503296,"class_id":16,"name":"8\/10ans","on_standby":false,"stock_local":0,"stock_global":553,"multiple":1,"estimated_date_reassort":null,"is_destocking":false},{"id":1398,"article_id":503297,"class_id":17,"name":"10\/12ans","on_standby":false,"stock_local":0,"stock_global":435,"multiple":1,"estimated_date_reassort":null,"is_destocking":false},{"id":33,"article_id":503298,"class_id":17,"name":"12\/14ans","on_standby":false,"stock_local":0,"stock_global":243,"multiple":1,"estimated_date_reassort":null,"is_destocking":false}],"page_links":{"fr":"\/fr\/p-ka-k292-polo-manches-courtes-enfant-polo-enfant-k292-19783\/navy-1261\/","en":"\/en\/p-ka-k292-polo-manches-courtes-enfant-kids-polo-shirt-k292-19783\/navy-1261\/","de":"\/de\/p-ka-k292-polo-manches-courtes-enfant-kinder-poloshirt-k292-19783\/navy-1261\/","nl":"\/nl\/p-ka-k292-polo-manches-courtes-enfant-kinderpolo-k292-19783\/navy-1261\/","es":"\/es\/p-ka-k292-polo-manches-courtes-enfant-polo-infantil-k292-19783\/navy-1261\/","it":"\/it\/p-ka-k292-polo-manches-courtes-enfant-polo-bambino-k292-19783\/navy-1261\/","sv":"\/sv\/p-ka-k292-polo-manches-courtes-enfant-piketroja-for-barn-k292-19783\/navy-1261\/","pt":"\/pt\/p-ka-k292-polo-manches-courtes-enfant-polo-infantil-k292-19783\/navy-1261\/","da":"\/da\/p-ka-k292-polo-manches-courtes-enfant-bornepolo-k292-19783\/navy-1261\/","pl":"\/pl\/p-ka-k292-polo-manches-courtes-enfant-polo-dzieciece-k292-19783\/navy-1261\/"},"page_links_customization":{"fr":"\/fr\/p-ka-k292-polo-manches-courtes-enfant-k292-personnalisable-19783\/navy-1261\/custom\/","en":"\/en\/p-ka-k292-polo-manches-courtes-enfant-k292-customizable-19783\/navy-1261\/custom\/","de":"\/de\/p-ka-k292-polo-manches-courtes-enfant-k292-personnalisierbar-19783\/navy-1261\/custom\/","nl":"\/nl\/p-ka-k292-polo-manches-courtes-enfant-k292-personaliseerbaar-19783\/navy-1261\/custom\/","es":"\/es\/p-ka-k292-polo-manches-courtes-enfant-k292-personalizable-19783\/navy-1261\/custom\/","it":"\/it\/p-ka-k292-polo-manches-courtes-enfant-k292-personalizzabile-19783\/navy-1261\/custom\/","sv":"\/sv\/p-ka-k292-polo-manches-courtes-enfant-k292-personnalisable-19783\/navy-1261\/custom\/","pt":"\/pt\/p-ka-k292-polo-manches-courtes-enfant-k292-personalizavel-19783\/navy-1261\/custom\/","da":"\/da\/p-ka-k292-polo-manches-courtes-enfant-k292-tilpasselig-19783\/navy-1261\/custom\/","pl":"\/pl\/p-ka-k292-polo-manches-courtes-enfant-k292-personalizowany-19783\/navy-1261\/custom\/"}},{"id":3672,"name":"oxford_grey","class_ids":[3],"codes_hexa":["adafae"],"delai_24":false,"has_3d":true,"seuil_global":0,"stock_local":0,"stock_global":845,"on_standby":false,"in_catalog":true,"images":{"miniature":["https:\/\/media.th4.com\/iNalJm4-ODEI_9FyCGV1qUVRW1WjqMPkmyjUUIOideY\/pr:80\/aHR0cDovL21lZGlhMi5kZXNpZ25wYXJ0bmVyLmZyL2MvcC8xOTc4My8xOTc4My0zNjcyLTEud2VicA?v=1751554411","https:\/\/media.th4.com\/qK_RWDKe2mydlNWoQ_CHUKTrlJaYlzBPoKX8g8KBk2o\/pr:80\/aHR0cDovL21lZGlhMi5kZXNpZ25wYXJ0bmVyLmZyL2MvcC8xOTc4My8xOTc4My0zNjcyLTIud2VicA?v=1751554411","https:\/\/media.th4.com\/zx5usAJFiUaIYfKLM4EUUINuVDx6fR-shtwKOsVIyac\/pr:80\/aHR0cDovL21lZGlhMi5kZXNpZ25wYXJ0bmVyLmZyL2MvcC8xOTc4My8xOTc4My0zNjcyLTMud2VicA?v=1751554411"],"medium":["https:\/\/media.th4.com\/ATC1D2y2jv6EiOM1LvrHdacx3ZsDHbjPt6TqfXU9ktM\/pr:550x550\/aHR0cDovL21lZGlhMi5kZXNpZ25wYXJ0bmVyLmZyL2MvcC8xOTc4My8xOTc4My0zNjcyLTEud2VicA?v=1751554411","https:\/\/media.th4.com\/mbXIw-XuiI-20XWZntYzpcIjL0Sa-_Bbh0d6eL3Vhl4\/pr:550x550\/aHR0cDovL21lZGlhMi5kZXNpZ25wYXJ0bmVyLmZyL2MvcC8xOTc4My8xOTc4My0zNjcyLTIud2VicA?v=1751554411","https:\/\/media.th4.com\/y7feCgConnxhfkYPqR25fY5wM6fsSsVaDqwtpK9RHTQ\/pr:550x550\/aHR0cDovL21lZGlhMi5kZXNpZ25wYXJ0bmVyLmZyL2MvcC8xOTc4My8xOTc4My0zNjcyLTMud2VicA?v=1751554411"],"medium_large":["https:\/\/media.th4.com\/lqN7_WxhvD3dfFqeFk_V8fTRBNOrjAksH2OYQl7WpTQ\/pr:1000x1000\/aHR0cDovL21lZGlhMi5kZXNpZ25wYXJ0bmVyLmZyL2MvcC8xOTc4My8xOTc4My0zNjcyLTEud2VicA?v=1751554411","https:\/\/media.th4.com\/kjmS0A70d-EOvXzCVNlx9m7FLzyonnx5-OgnUEByQ1U\/pr:1000x1000\/aHR0cDovL21lZGlhMi5kZXNpZ25wYXJ0bmVyLmZyL2MvcC8xOTc4My8xOTc4My0zNjcyLTIud2VicA?v=1751554411","https:\/\/media.th4.com\/FrpRZQJwy0jr50L207qWBsJYFxFbRUp7HsUqpT5snww\/pr:1000x1000\/aHR0cDovL21lZGlhMi5kZXNpZ25wYXJ0bmVyLmZyL2MvcC8xOTc4My8xOTc4My0zNjcyLTMud2VicA?v=1751554411"],"large":["https:\/\/media.th4.com\/q267rS0MywKiiwZ8j4KFjUu_Y_r9qLRkQp3U9MxsIuE\/pr:1920\/aHR0cDovL21lZGlhMi5kZXNpZ25wYXJ0bmVyLmZyL2MvcC8xOTc4My8xOTc4My0zNjcyLTEud2VicA?v=1751554411","https:\/\/media.th4.com\/JyJZSEqfDDvfcTAwYqcddIB2wm1u8JztQn4ETVKBfzs\/pr:1920\/aHR0cDovL21lZGlhMi5kZXNpZ25wYXJ0bmVyLmZyL2MvcC8xOTc4My8xOTc4My0zNjcyLTIud2VicA?v=1751554411","https:\/\/media.th4.com\/RpDJ94-H0QQuPfUX_WGiQfAWg106k2JLeH_Ngt4ZcV4\/pr:1920\/aHR0cDovL21lZGlhMi5kZXNpZ25wYXJ0bmVyLmZyL2MvcC8xOTc4My8xOTc4My0zNjcyLTMud2VicA?v=1751554411"],"opengraph":["https:\/\/media.th4.com\/C6r_JnwfSayilUKwuTcVsJkK9WH25owc4MsSMcxMZq4\/pr:1200x630\/aHR0cDovL21lZGlhMi5kZXNpZ25wYXJ0bmVyLmZyL2MvcC8xOTc4My8xOTc4My0zNjcyLTEud2VicA?v=1751554411","https:\/\/media.th4.com\/Z77iYUUMdLTOqt2zLrLvztzdhs_7mOIEsyKqqwUoOq8\/pr:1200x630\/aHR0cDovL21lZGlhMi5kZXNpZ25wYXJ0bmVyLmZyL2MvcC8xOTc4My8xOTc4My0zNjcyLTIud2VicA?v=1751554411","https:\/\/media.th4.com\/tzw1KI4DFkm5UBkrh8LDmUVQJdlBy-luM6kX_GtUf2c\/pr:1200x630\/aHR0cDovL21lZGlhMi5kZXNpZ25wYXJ0bmVyLmZyL2MvcC8xOTc4My8xOTc4My0zNjcyLTMud2VicA?v=1751554411"]},"images_customization":{"miniature":["https:\/\/media.th4.com\/iNalJm4-ODEI_9FyCGV1qUVRW1WjqMPkmyjUUIOideY\/pr:80\/aHR0cDovL21lZGlhMi5kZXNpZ25wYXJ0bmVyLmZyL2MvcC8xOTc4My8xOTc4My0zNjcyLTEud2VicA?v=1751554411","https:\/\/media.th4.com\/qK_RWDKe2mydlNWoQ_CHUKTrlJaYlzBPoKX8g8KBk2o\/pr:80\/aHR0cDovL21lZGlhMi5kZXNpZ25wYXJ0bmVyLmZyL2MvcC8xOTc4My8xOTc4My0zNjcyLTIud2VicA?v=1751554411","https:\/\/media.th4.com\/zx5usAJFiUaIYfKLM4EUUINuVDx6fR-shtwKOsVIyac\/pr:80\/aHR0cDovL21lZGlhMi5kZXNpZ25wYXJ0bmVyLmZyL2MvcC8xOTc4My8xOTc4My0zNjcyLTMud2VicA?v=1751554411"],"medium":["https:\/\/media.th4.com\/ATC1D2y2jv6EiOM1LvrHdacx3ZsDHbjPt6TqfXU9ktM\/pr:550x550\/aHR0cDovL21lZGlhMi5kZXNpZ25wYXJ0bmVyLmZyL2MvcC8xOTc4My8xOTc4My0zNjcyLTEud2VicA?v=1751554411","https:\/\/media.th4.com\/mbXIw-XuiI-20XWZntYzpcIjL0Sa-_Bbh0d6eL3Vhl4\/pr:550x550\/aHR0cDovL21lZGlhMi5kZXNpZ25wYXJ0bmVyLmZyL2MvcC8xOTc4My8xOTc4My0zNjcyLTIud2VicA?v=1751554411","https:\/\/media.th4.com\/y7feCgConnxhfkYPqR25fY5wM6fsSsVaDqwtpK9RHTQ\/pr:550x550\/aHR0cDovL21lZGlhMi5kZXNpZ25wYXJ0bmVyLmZyL2MvcC8xOTc4My8xOTc4My0zNjcyLTMud2VicA?v=1751554411"],"medium_large":["https:\/\/media.th4.com\/lqN7_WxhvD3dfFqeFk_V8fTRBNOrjAksH2OYQl7WpTQ\/pr:1000x1000\/aHR0cDovL21lZGlhMi5kZXNpZ25wYXJ0bmVyLmZyL2MvcC8xOTc4My8xOTc4My0zNjcyLTEud2VicA?v=1751554411","https:\/\/media.th4.com\/kjmS0A70d-EOvXzCVNlx9m7FLzyonnx5-OgnUEByQ1U\/pr:1000x1000\/aHR0cDovL21lZGlhMi5kZXNpZ25wYXJ0bmVyLmZyL2MvcC8xOTc4My8xOTc4My0zNjcyLTIud2VicA?v=1751554411","https:\/\/media.th4.com\/FrpRZQJwy0jr50L207qWBsJYFxFbRUp7HsUqpT5snww\/pr:1000x1000\/aHR0cDovL21lZGlhMi5kZXNpZ25wYXJ0bmVyLmZyL2MvcC8xOTc4My8xOTc4My0zNjcyLTMud2VicA?v=1751554411"],"large":["https:\/\/media.th4.com\/q267rS0MywKiiwZ8j4KFjUu_Y_r9qLRkQp3U9MxsIuE\/pr:1920\/aHR0cDovL21lZGlhMi5kZXNpZ25wYXJ0bmVyLmZyL2MvcC8xOTc4My8xOTc4My0zNjcyLTEud2VicA?v=1751554411","https:\/\/media.th4.com\/JyJZSEqfDDvfcTAwYqcddIB2wm1u8JztQn4ETVKBfzs\/pr:1920\/aHR0cDovL21lZGlhMi5kZXNpZ25wYXJ0bmVyLmZyL2MvcC8xOTc4My8xOTc4My0zNjcyLTIud2VicA?v=1751554411","https:\/\/media.th4.com\/RpDJ94-H0QQuPfUX_WGiQfAWg106k2JLeH_Ngt4ZcV4\/pr:1920\/aHR0cDovL21lZGlhMi5kZXNpZ25wYXJ0bmVyLmZyL2MvcC8xOTc4My8xOTc4My0zNjcyLTMud2VicA?v=1751554411"],"opengraph":["https:\/\/media.th4.com\/C6r_JnwfSayilUKwuTcVsJkK9WH25owc4MsSMcxMZq4\/pr:1200x630\/aHR0cDovL21lZGlhMi5kZXNpZ25wYXJ0bmVyLmZyL2MvcC8xOTc4My8xOTc4My0zNjcyLTEud2VicA?v=1751554411","https:\/\/media.th4.com\/Z77iYUUMdLTOqt2zLrLvztzdhs_7mOIEsyKqqwUoOq8\/pr:1200x630\/aHR0cDovL21lZGlhMi5kZXNpZ25wYXJ0bmVyLmZyL2MvcC8xOTc4My8xOTc4My0zNjcyLTIud2VicA?v=1751554411","https:\/\/media.th4.com\/tzw1KI4DFkm5UBkrh8LDmUVQJdlBy-luM6kX_GtUf2c\/pr:1200x630\/aHR0cDovL21lZGlhMi5kZXNpZ25wYXJ0bmVyLmZyL2MvcC8xOTc4My8xOTc4My0zNjcyLTMud2VicA?v=1751554411"]},"country_origin":"PT","traceability":{"manufacturing_country_id":null,"weaving_country_id":null,"dyeing_country_id":null},"sizes":[{"id":1396,"article_id":503300,"class_id":15,"name":"6\/8ans","on_standby":false,"stock_local":0,"stock_global":194,"multiple":1,"estimated_date_reassort":null,"is_destocking":false},{"id":1399,"article_id":503299,"class_id":14,"name":"4\/6ans","on_standby":false,"stock_local":0,"stock_global":119,"multiple":1,"estimated_date_reassort":null,"is_destocking":false},{"id":1397,"article_id":503301,"class_id":16,"name":"8\/10ans","on_standby":false,"stock_local":1,"stock_global":192,"multiple":1,"estimated_date_reassort":null,"is_destocking":true},{"id":1398,"article_id":503302,"class_id":17,"name":"10\/12ans","on_standby":false,"stock_local":0,"stock_global":195,"multiple":1,"estimated_date_reassort":null,"is_destocking":false},{"id":33,"article_id":503303,"class_id":17,"name":"12\/14ans","on_standby":false,"stock_local":0,"stock_global":145,"multiple":1,"estimated_date_reassort":null,"is_destocking":false}],"page_links":{"fr":"\/fr\/p-ka-k292-polo-manches-courtes-enfant-polo-enfant-k292-19783\/oxford-grey-3672\/","en":"\/en\/p-ka-k292-polo-manches-courtes-enfant-kids-polo-shirt-k292-19783\/oxford-grey-3672\/","de":"\/de\/p-ka-k292-polo-manches-courtes-enfant-kinder-poloshirt-k292-19783\/oxford-grey-3672\/","nl":"\/nl\/p-ka-k292-polo-manches-courtes-enfant-kinderpolo-k292-19783\/oxford-grey-3672\/","es":"\/es\/p-ka-k292-polo-manches-courtes-enfant-polo-infantil-k292-19783\/oxford-grey-3672\/","it":"\/it\/p-ka-k292-polo-manches-courtes-enfant-polo-bambino-k292-19783\/oxford-grey-3672\/","sv":"\/sv\/p-ka-k292-polo-manches-courtes-enfant-piketroja-for-barn-k292-19783\/oxford-grey-3672\/","pt":"\/pt\/p-ka-k292-polo-manches-courtes-enfant-polo-infantil-k292-19783\/oxford-grey-3672\/","da":"\/da\/p-ka-k292-polo-manches-courtes-enfant-bornepolo-k292-19783\/oxford-grey-3672\/","pl":"\/pl\/p-ka-k292-polo-manches-courtes-enfant-polo-dzieciece-k292-19783\/oxford-grey-3672\/"},"page_links_customization":{"fr":"\/fr\/p-ka-k292-polo-manches-courtes-enfant-k292-personnalisable-19783\/oxford-grey-3672\/custom\/","en":"\/en\/p-ka-k292-polo-manches-courtes-enfant-k292-customizable-19783\/oxford-grey-3672\/custom\/","de":"\/de\/p-ka-k292-polo-manches-courtes-enfant-k292-personnalisierbar-19783\/oxford-grey-3672\/custom\/","nl":"\/nl\/p-ka-k292-polo-manches-courtes-enfant-k292-personaliseerbaar-19783\/oxford-grey-3672\/custom\/","es":"\/es\/p-ka-k292-polo-manches-courtes-enfant-k292-personalizable-19783\/oxford-grey-3672\/custom\/","it":"\/it\/p-ka-k292-polo-manches-courtes-enfant-k292-personalizzabile-19783\/oxford-grey-3672\/custom\/","sv":"\/sv\/p-ka-k292-polo-manches-courtes-enfant-k292-personnalisable-19783\/oxford-grey-3672\/custom\/","pt":"\/pt\/p-ka-k292-polo-manches-courtes-enfant-k292-personalizavel-19783\/oxford-grey-3672\/custom\/","da":"\/da\/p-ka-k292-polo-manches-courtes-enfant-k292-tilpasselig-19783\/oxford-grey-3672\/custom\/","pl":"\/pl\/p-ka-k292-polo-manches-courtes-enfant-k292-personalizowany-19783\/oxford-grey-3672\/custom\/"}},{"id":1262,"name":"red","class_ids":[6],"codes_hexa":["dc0210"],"delai_24":false,"has_3d":true,"seuil_global":0,"stock_local":0,"stock_global":824,"on_standby":false,"in_catalog":true,"images":{"miniature":["https:\/\/media.th4.com\/-p3kDp4UDMdZEFvNLmpFUGYlynJDiT8Np7PID1CXtQ0\/pr:80\/aHR0cDovL21lZGlhMi5kZXNpZ25wYXJ0bmVyLmZyL2MvcC8xOTc4My8xOTc4My0xMjYyLTEud2VicA?v=1751554410","https:\/\/media.th4.com\/04BllOA6SOmd1WZ42hgpJN4OFvvjkUBdd9Bp48DvoaA\/pr:80\/aHR0cDovL21lZGlhMi5kZXNpZ25wYXJ0bmVyLmZyL2MvcC8xOTc4My8xOTc4My0xMjYyLTIud2VicA?v=1751554410","https:\/\/media.th4.com\/pzwBUiabOLWEKVum-4eYcKyxgc4STIRLZX0wb5uRol8\/pr:80\/aHR0cDovL21lZGlhMi5kZXNpZ25wYXJ0bmVyLmZyL2MvcC8xOTc4My8xOTc4My0xMjYyLTMud2VicA?v=1751554410"],"medium":["https:\/\/media.th4.com\/EOFvfpXunaw0Oo9EjbV5D0LYFYC7TAGYxwVpWRxXch4\/pr:550x550\/aHR0cDovL21lZGlhMi5kZXNpZ25wYXJ0bmVyLmZyL2MvcC8xOTc4My8xOTc4My0xMjYyLTEud2VicA?v=1751554410","https:\/\/media.th4.com\/EJmCouTcynBKNV0VVPXQXnsHa1XQ1o6F5x0knKCKO_8\/pr:550x550\/aHR0cDovL21lZGlhMi5kZXNpZ25wYXJ0bmVyLmZyL2MvcC8xOTc4My8xOTc4My0xMjYyLTIud2VicA?v=1751554410","https:\/\/media.th4.com\/C40v52JjuCQ4ZmfWfG_UZ_rhrnwqE0rogQt7ftee_pY\/pr:550x550\/aHR0cDovL21lZGlhMi5kZXNpZ25wYXJ0bmVyLmZyL2MvcC8xOTc4My8xOTc4My0xMjYyLTMud2VicA?v=1751554410"],"medium_large":["https:\/\/media.th4.com\/eG46IHD-YVv7GOkI4jDhHTQke8nKExLQPTu2oKM_zVA\/pr:1000x1000\/aHR0cDovL21lZGlhMi5kZXNpZ25wYXJ0bmVyLmZyL2MvcC8xOTc4My8xOTc4My0xMjYyLTEud2VicA?v=1751554410","https:\/\/media.th4.com\/agVKJIimDjp6FQXSAoeUcefPp6JBl8eVehfj2lK4TeM\/pr:1000x1000\/aHR0cDovL21lZGlhMi5kZXNpZ25wYXJ0bmVyLmZyL2MvcC8xOTc4My8xOTc4My0xMjYyLTIud2VicA?v=1751554410","https:\/\/media.th4.com\/iViFjHjYPdSwjreTmYcgezi0ngmXcWwJEizcQeAVrvs\/pr:1000x1000\/aHR0cDovL21lZGlhMi5kZXNpZ25wYXJ0bmVyLmZyL2MvcC8xOTc4My8xOTc4My0xMjYyLTMud2VicA?v=1751554410"],"large":["https:\/\/media.th4.com\/foE8IBRMrprUOSfT5uyNxZ6yJNmfCf6e24D5uZwenbk\/pr:1920\/aHR0cDovL21lZGlhMi5kZXNpZ25wYXJ0bmVyLmZyL2MvcC8xOTc4My8xOTc4My0xMjYyLTEud2VicA?v=1751554410","https:\/\/media.th4.com\/jgF20M0R3LZxX-ya9kAxswqUoJgLcvSqe_lfpogognA\/pr:1920\/aHR0cDovL21lZGlhMi5kZXNpZ25wYXJ0bmVyLmZyL2MvcC8xOTc4My8xOTc4My0xMjYyLTIud2VicA?v=1751554410","https:\/\/media.th4.com\/jKM8Ur3jBuecHa-ZqkoKsm8nbDiaeo7nQr7vnFh5Rn8\/pr:1920\/aHR0cDovL21lZGlhMi5kZXNpZ25wYXJ0bmVyLmZyL2MvcC8xOTc4My8xOTc4My0xMjYyLTMud2VicA?v=1751554410"],"opengraph":["https:\/\/media.th4.com\/rsoeua3n5NhoDSTOK_VA1HqBAFA29dFEKsO2EpTf_rA\/pr:1200x630\/aHR0cDovL21lZGlhMi5kZXNpZ25wYXJ0bmVyLmZyL2MvcC8xOTc4My8xOTc4My0xMjYyLTEud2VicA?v=1751554410","https:\/\/media.th4.com\/ZeJUMONY2RBd1Z46wvFPPkCrH1boN-Iv78M4P0guSGU\/pr:1200x630\/aHR0cDovL21lZGlhMi5kZXNpZ25wYXJ0bmVyLmZyL2MvcC8xOTc4My8xOTc4My0xMjYyLTIud2VicA?v=1751554410","https:\/\/media.th4.com\/pBWFQ-cudJByB-vJs0rU06kd_rt27QRYoaynYSKqfag\/pr:1200x630\/aHR0cDovL21lZGlhMi5kZXNpZ25wYXJ0bmVyLmZyL2MvcC8xOTc4My8xOTc4My0xMjYyLTMud2VicA?v=1751554410"]},"images_customization":{"miniature":["https:\/\/media.th4.com\/-p3kDp4UDMdZEFvNLmpFUGYlynJDiT8Np7PID1CXtQ0\/pr:80\/aHR0cDovL21lZGlhMi5kZXNpZ25wYXJ0bmVyLmZyL2MvcC8xOTc4My8xOTc4My0xMjYyLTEud2VicA?v=1751554410","https:\/\/media.th4.com\/04BllOA6SOmd1WZ42hgpJN4OFvvjkUBdd9Bp48DvoaA\/pr:80\/aHR0cDovL21lZGlhMi5kZXNpZ25wYXJ0bmVyLmZyL2MvcC8xOTc4My8xOTc4My0xMjYyLTIud2VicA?v=1751554410","https:\/\/media.th4.com\/pzwBUiabOLWEKVum-4eYcKyxgc4STIRLZX0wb5uRol8\/pr:80\/aHR0cDovL21lZGlhMi5kZXNpZ25wYXJ0bmVyLmZyL2MvcC8xOTc4My8xOTc4My0xMjYyLTMud2VicA?v=1751554410"],"medium":["https:\/\/media.th4.com\/EOFvfpXunaw0Oo9EjbV5D0LYFYC7TAGYxwVpWRxXch4\/pr:550x550\/aHR0cDovL21lZGlhMi5kZXNpZ25wYXJ0bmVyLmZyL2MvcC8xOTc4My8xOTc4My0xMjYyLTEud2VicA?v=1751554410","https:\/\/media.th4.com\/EJmCouTcynBKNV0VVPXQXnsHa1XQ1o6F5x0knKCKO_8\/pr:550x550\/aHR0cDovL21lZGlhMi5kZXNpZ25wYXJ0bmVyLmZyL2MvcC8xOTc4My8xOTc4My0xMjYyLTIud2VicA?v=1751554410","https:\/\/media.th4.com\/C40v52JjuCQ4ZmfWfG_UZ_rhrnwqE0rogQt7ftee_pY\/pr:550x550\/aHR0cDovL21lZGlhMi5kZXNpZ25wYXJ0bmVyLmZyL2MvcC8xOTc4My8xOTc4My0xMjYyLTMud2VicA?v=1751554410"],"medium_large":["https:\/\/media.th4.com\/eG46IHD-YVv7GOkI4jDhHTQke8nKExLQPTu2oKM_zVA\/pr:1000x1000\/aHR0cDovL21lZGlhMi5kZXNpZ25wYXJ0bmVyLmZyL2MvcC8xOTc4My8xOTc4My0xMjYyLTEud2VicA?v=1751554410","https:\/\/media.th4.com\/agVKJIimDjp6FQXSAoeUcefPp6JBl8eVehfj2lK4TeM\/pr:1000x1000\/aHR0cDovL21lZGlhMi5kZXNpZ25wYXJ0bmVyLmZyL2MvcC8xOTc4My8xOTc4My0xMjYyLTIud2VicA?v=1751554410","https:\/\/media.th4.com\/iViFjHjYPdSwjreTmYcgezi0ngmXcWwJEizcQeAVrvs\/pr:1000x1000\/aHR0cDovL21lZGlhMi5kZXNpZ25wYXJ0bmVyLmZyL2MvcC8xOTc4My8xOTc4My0xMjYyLTMud2VicA?v=1751554410"],"large":["https:\/\/media.th4.com\/foE8IBRMrprUOSfT5uyNxZ6yJNmfCf6e24D5uZwenbk\/pr:1920\/aHR0cDovL21lZGlhMi5kZXNpZ25wYXJ0bmVyLmZyL2MvcC8xOTc4My8xOTc4My0xMjYyLTEud2VicA?v=1751554410","https:\/\/media.th4.com\/jgF20M0R3LZxX-ya9kAxswqUoJgLcvSqe_lfpogognA\/pr:1920\/aHR0cDovL21lZGlhMi5kZXNpZ25wYXJ0bmVyLmZyL2MvcC8xOTc4My8xOTc4My0xMjYyLTIud2VicA?v=1751554410","https:\/\/media.th4.com\/jKM8Ur3jBuecHa-ZqkoKsm8nbDiaeo7nQr7vnFh5Rn8\/pr:1920\/aHR0cDovL21lZGlhMi5kZXNpZ25wYXJ0bmVyLmZyL2MvcC8xOTc4My8xOTc4My0xMjYyLTMud2VicA?v=1751554410"],"opengraph":["https:\/\/media.th4.com\/rsoeua3n5NhoDSTOK_VA1HqBAFA29dFEKsO2EpTf_rA\/pr:1200x630\/aHR0cDovL21lZGlhMi5kZXNpZ25wYXJ0bmVyLmZyL2MvcC8xOTc4My8xOTc4My0xMjYyLTEud2VicA?v=1751554410","https:\/\/media.th4.com\/ZeJUMONY2RBd1Z46wvFPPkCrH1boN-Iv78M4P0guSGU\/pr:1200x630\/aHR0cDovL21lZGlhMi5kZXNpZ25wYXJ0bmVyLmZyL2MvcC8xOTc4My8xOTc4My0xMjYyLTIud2VicA?v=1751554410","https:\/\/media.th4.com\/pBWFQ-cudJByB-vJs0rU06kd_rt27QRYoaynYSKqfag\/pr:1200x630\/aHR0cDovL21lZGlhMi5kZXNpZ25wYXJ0bmVyLmZyL2MvcC8xOTc4My8xOTc4My0xMjYyLTMud2VicA?v=1751554410"]},"country_origin":"PT","traceability":{"manufacturing_country_id":null,"weaving_country_id":null,"dyeing_country_id":null},"sizes":[{"id":1396,"article_id":503305,"class_id":15,"name":"6\/8ans","on_standby":false,"stock_local":0,"stock_global":195,"multiple":1,"estimated_date_reassort":null,"is_destocking":false},{"id":1399,"article_id":503304,"class_id":14,"name":"4\/6ans","on_standby":false,"stock_local":0,"stock_global":146,"multiple":1,"estimated_date_reassort":null,"is_destocking":false},{"id":1397,"article_id":503306,"class_id":16,"name":"8\/10ans","on_standby":false,"stock_local":0,"stock_global":169,"multiple":1,"estimated_date_reassort":null,"is_destocking":false},{"id":1398,"article_id":503307,"class_id":17,"name":"10\/12ans","on_standby":false,"stock_local":0,"stock_global":170,"multiple":1,"estimated_date_reassort":null,"is_destocking":false},{"id":33,"article_id":503308,"class_id":17,"name":"12\/14ans","on_standby":false,"stock_local":0,"stock_global":144,"multiple":1,"estimated_date_reassort":null,"is_destocking":false}],"page_links":{"fr":"\/fr\/p-ka-k292-polo-manches-courtes-enfant-polo-enfant-k292-19783\/red-1262\/","en":"\/en\/p-ka-k292-polo-manches-courtes-enfant-kids-polo-shirt-k292-19783\/red-1262\/","de":"\/de\/p-ka-k292-polo-manches-courtes-enfant-kinder-poloshirt-k292-19783\/red-1262\/","nl":"\/nl\/p-ka-k292-polo-manches-courtes-enfant-kinderpolo-k292-19783\/red-1262\/","es":"\/es\/p-ka-k292-polo-manches-courtes-enfant-polo-infantil-k292-19783\/red-1262\/","it":"\/it\/p-ka-k292-polo-manches-courtes-enfant-polo-bambino-k292-19783\/red-1262\/","sv":"\/sv\/p-ka-k292-polo-manches-courtes-enfant-piketroja-for-barn-k292-19783\/red-1262\/","pt":"\/pt\/p-ka-k292-polo-manches-courtes-enfant-polo-infantil-k292-19783\/red-1262\/","da":"\/da\/p-ka-k292-polo-manches-courtes-enfant-bornepolo-k292-19783\/red-1262\/","pl":"\/pl\/p-ka-k292-polo-manches-courtes-enfant-polo-dzieciece-k292-19783\/red-1262\/"},"page_links_customization":{"fr":"\/fr\/p-ka-k292-polo-manches-courtes-enfant-k292-personnalisable-19783\/red-1262\/custom\/","en":"\/en\/p-ka-k292-polo-manches-courtes-enfant-k292-customizable-19783\/red-1262\/custom\/","de":"\/de\/p-ka-k292-polo-manches-courtes-enfant-k292-personnalisierbar-19783\/red-1262\/custom\/","nl":"\/nl\/p-ka-k292-polo-manches-courtes-enfant-k292-personaliseerbaar-19783\/red-1262\/custom\/","es":"\/es\/p-ka-k292-polo-manches-courtes-enfant-k292-personalizable-19783\/red-1262\/custom\/","it":"\/it\/p-ka-k292-polo-manches-courtes-enfant-k292-personalizzabile-19783\/red-1262\/custom\/","sv":"\/sv\/p-ka-k292-polo-manches-courtes-enfant-k292-personnalisable-19783\/red-1262\/custom\/","pt":"\/pt\/p-ka-k292-polo-manches-courtes-enfant-k292-personalizavel-19783\/red-1262\/custom\/","da":"\/da\/p-ka-k292-polo-manches-courtes-enfant-k292-tilpasselig-19783\/red-1262\/custom\/","pl":"\/pl\/p-ka-k292-polo-manches-courtes-enfant-k292-personalizowany-19783\/red-1262\/custom\/"}},{"id":1520,"name":"black","class_ids":[4],"codes_hexa":["1a1a18"],"delai_24":false,"has_3d":true,"seuil_global":0,"stock_local":0,"stock_global":804,"on_standby":false,"in_catalog":true,"images":{"miniature":["https:\/\/media.th4.com\/B2cZfcz7ouRAMqp2H4_-UiL61mptb0xa3hUFvcjfkZM\/pr:80\/aHR0cDovL21lZGlhMi5kZXNpZ25wYXJ0bmVyLmZyL2MvcC8xOTc4My8xOTc4My0xNTIwLTEud2VicA?v=1751554411","https:\/\/media.th4.com\/ftEtySmDUbDkLrCJNtiy3ZbhMxsW_6rJwNy98yrTcqs\/pr:80\/aHR0cDovL21lZGlhMi5kZXNpZ25wYXJ0bmVyLmZyL2MvcC8xOTc4My8xOTc4My0xNTIwLTIud2VicA?v=1751554411","https:\/\/media.th4.com\/fILi9C1L__8YMnkyYUVARwHfSzTJl_naw1T8wVH4Mnw\/pr:80\/aHR0cDovL21lZGlhMi5kZXNpZ25wYXJ0bmVyLmZyL2MvcC8xOTc4My8xOTc4My0xNTIwLTMud2VicA?v=1751554411"],"medium":["https:\/\/media.th4.com\/KSAtIuvNVlTBRk5OlmitulKRsDhzkuLVib63jaMZ80o\/pr:550x550\/aHR0cDovL21lZGlhMi5kZXNpZ25wYXJ0bmVyLmZyL2MvcC8xOTc4My8xOTc4My0xNTIwLTEud2VicA?v=1751554411","https:\/\/media.th4.com\/1zOSzGVxoxp04uLl0e__4UjcX0962NyJXl9YPwa9VdI\/pr:550x550\/aHR0cDovL21lZGlhMi5kZXNpZ25wYXJ0bmVyLmZyL2MvcC8xOTc4My8xOTc4My0xNTIwLTIud2VicA?v=1751554411","https:\/\/media.th4.com\/myWTalG-y1jd5rg8zbU4oounOZw4sjooRBF4RjJU3w0\/pr:550x550\/aHR0cDovL21lZGlhMi5kZXNpZ25wYXJ0bmVyLmZyL2MvcC8xOTc4My8xOTc4My0xNTIwLTMud2VicA?v=1751554411"],"medium_large":["https:\/\/media.th4.com\/Lrqn_85ld7HSKib2u6IqAozLTPJRGRXv0wfYf8qfeac\/pr:1000x1000\/aHR0cDovL21lZGlhMi5kZXNpZ25wYXJ0bmVyLmZyL2MvcC8xOTc4My8xOTc4My0xNTIwLTEud2VicA?v=1751554411","https:\/\/media.th4.com\/ylzJxihRIRUTh3VvoZFZKlKtsSYor0xPGVyyaJuc5E8\/pr:1000x1000\/aHR0cDovL21lZGlhMi5kZXNpZ25wYXJ0bmVyLmZyL2MvcC8xOTc4My8xOTc4My0xNTIwLTIud2VicA?v=1751554411","https:\/\/media.th4.com\/m7qxFvaXeHAI6Qw7WvhquwYj0Le47OLPdaLOlxWqVV0\/pr:1000x1000\/aHR0cDovL21lZGlhMi5kZXNpZ25wYXJ0bmVyLmZyL2MvcC8xOTc4My8xOTc4My0xNTIwLTMud2VicA?v=1751554411"],"large":["https:\/\/media.th4.com\/8PGKrHJeMRvtxn6QDVDUw99WEg2ipNSwIyv1EqpAaek\/pr:1920\/aHR0cDovL21lZGlhMi5kZXNpZ25wYXJ0bmVyLmZyL2MvcC8xOTc4My8xOTc4My0xNTIwLTEud2VicA?v=1751554411","https:\/\/media.th4.com\/4d3158dicpXivE28c0zPCve04pxa1zlLRQOMy19FqnM\/pr:1920\/aHR0cDovL21lZGlhMi5kZXNpZ25wYXJ0bmVyLmZyL2MvcC8xOTc4My8xOTc4My0xNTIwLTIud2VicA?v=1751554411","https:\/\/media.th4.com\/zfWQC0DPmwBmDa1TT9Gdn79llNhF314lR4qU-De498g\/pr:1920\/aHR0cDovL21lZGlhMi5kZXNpZ25wYXJ0bmVyLmZyL2MvcC8xOTc4My8xOTc4My0xNTIwLTMud2VicA?v=1751554411"],"opengraph":["https:\/\/media.th4.com\/7aq_eXLuolsMlRyyollATj_vQEQmqti4nI2i2lt8xCU\/pr:1200x630\/aHR0cDovL21lZGlhMi5kZXNpZ25wYXJ0bmVyLmZyL2MvcC8xOTc4My8xOTc4My0xNTIwLTEud2VicA?v=1751554411","https:\/\/media.th4.com\/KTWCDyIYmDHbJkwaLavuq5l8gkJ-G-wnWB8yVtFPMFQ\/pr:1200x630\/aHR0cDovL21lZGlhMi5kZXNpZ25wYXJ0bmVyLmZyL2MvcC8xOTc4My8xOTc4My0xNTIwLTIud2VicA?v=1751554411","https:\/\/media.th4.com\/ARXUQdE1TzuDgrTOCfDR8AfTz8zPaRBucZyXJiQKh4U\/pr:1200x630\/aHR0cDovL21lZGlhMi5kZXNpZ25wYXJ0bmVyLmZyL2MvcC8xOTc4My8xOTc4My0xNTIwLTMud2VicA?v=1751554411"]},"images_customization":{"miniature":["https:\/\/media.th4.com\/B2cZfcz7ouRAMqp2H4_-UiL61mptb0xa3hUFvcjfkZM\/pr:80\/aHR0cDovL21lZGlhMi5kZXNpZ25wYXJ0bmVyLmZyL2MvcC8xOTc4My8xOTc4My0xNTIwLTEud2VicA?v=1751554411","https:\/\/media.th4.com\/ftEtySmDUbDkLrCJNtiy3ZbhMxsW_6rJwNy98yrTcqs\/pr:80\/aHR0cDovL21lZGlhMi5kZXNpZ25wYXJ0bmVyLmZyL2MvcC8xOTc4My8xOTc4My0xNTIwLTIud2VicA?v=1751554411","https:\/\/media.th4.com\/fILi9C1L__8YMnkyYUVARwHfSzTJl_naw1T8wVH4Mnw\/pr:80\/aHR0cDovL21lZGlhMi5kZXNpZ25wYXJ0bmVyLmZyL2MvcC8xOTc4My8xOTc4My0xNTIwLTMud2VicA?v=1751554411"],"medium":["https:\/\/media.th4.com\/KSAtIuvNVlTBRk5OlmitulKRsDhzkuLVib63jaMZ80o\/pr:550x550\/aHR0cDovL21lZGlhMi5kZXNpZ25wYXJ0bmVyLmZyL2MvcC8xOTc4My8xOTc4My0xNTIwLTEud2VicA?v=1751554411","https:\/\/media.th4.com\/1zOSzGVxoxp04uLl0e__4UjcX0962NyJXl9YPwa9VdI\/pr:550x550\/aHR0cDovL21lZGlhMi5kZXNpZ25wYXJ0bmVyLmZyL2MvcC8xOTc4My8xOTc4My0xNTIwLTIud2VicA?v=1751554411","https:\/\/media.th4.com\/myWTalG-y1jd5rg8zbU4oounOZw4sjooRBF4RjJU3w0\/pr:550x550\/aHR0cDovL21lZGlhMi5kZXNpZ25wYXJ0bmVyLmZyL2MvcC8xOTc4My8xOTc4My0xNTIwLTMud2VicA?v=1751554411"],"medium_large":["https:\/\/media.th4.com\/Lrqn_85ld7HSKib2u6IqAozLTPJRGRXv0wfYf8qfeac\/pr:1000x1000\/aHR0cDovL21lZGlhMi5kZXNpZ25wYXJ0bmVyLmZyL2MvcC8xOTc4My8xOTc4My0xNTIwLTEud2VicA?v=1751554411","https:\/\/media.th4.com\/ylzJxihRIRUTh3VvoZFZKlKtsSYor0xPGVyyaJuc5E8\/pr:1000x1000\/aHR0cDovL21lZGlhMi5kZXNpZ25wYXJ0bmVyLmZyL2MvcC8xOTc4My8xOTc4My0xNTIwLTIud2VicA?v=1751554411","https:\/\/media.th4.com\/m7qxFvaXeHAI6Qw7WvhquwYj0Le47OLPdaLOlxWqVV0\/pr:1000x1000\/aHR0cDovL21lZGlhMi5kZXNpZ25wYXJ0bmVyLmZyL2MvcC8xOTc4My8xOTc4My0xNTIwLTMud2VicA?v=1751554411"],"large":["https:\/\/media.th4.com\/8PGKrHJeMRvtxn6QDVDUw99WEg2ipNSwIyv1EqpAaek\/pr:1920\/aHR0cDovL21lZGlhMi5kZXNpZ25wYXJ0bmVyLmZyL2MvcC8xOTc4My8xOTc4My0xNTIwLTEud2VicA?v=1751554411","https:\/\/media.th4.com\/4d3158dicpXivE28c0zPCve04pxa1zlLRQOMy19FqnM\/pr:1920\/aHR0cDovL21lZGlhMi5kZXNpZ25wYXJ0bmVyLmZyL2MvcC8xOTc4My8xOTc4My0xNTIwLTIud2VicA?v=1751554411","https:\/\/media.th4.com\/zfWQC0DPmwBmDa1TT9Gdn79llNhF314lR4qU-De498g\/pr:1920\/aHR0cDovL21lZGlhMi5kZXNpZ25wYXJ0bmVyLmZyL2MvcC8xOTc4My8xOTc4My0xNTIwLTMud2VicA?v=1751554411"],"opengraph":["https:\/\/media.th4.com\/7aq_eXLuolsMlRyyollATj_vQEQmqti4nI2i2lt8xCU\/pr:1200x630\/aHR0cDovL21lZGlhMi5kZXNpZ25wYXJ0bmVyLmZyL2MvcC8xOTc4My8xOTc4My0xNTIwLTEud2VicA?v=1751554411","https:\/\/media.th4.com\/KTWCDyIYmDHbJkwaLavuq5l8gkJ-G-wnWB8yVtFPMFQ\/pr:1200x630\/aHR0cDovL21lZGlhMi5kZXNpZ25wYXJ0bmVyLmZyL2MvcC8xOTc4My8xOTc4My0xNTIwLTIud2VicA?v=1751554411","https:\/\/media.th4.com\/ARXUQdE1TzuDgrTOCfDR8AfTz8zPaRBucZyXJiQKh4U\/pr:1200x630\/aHR0cDovL21lZGlhMi5kZXNpZ25wYXJ0bmVyLmZyL2MvcC8xOTc4My8xOTc4My0xNTIwLTMud2VicA?v=1751554411"]},"country_origin":"PT","traceability":{"manufacturing_country_id":null,"weaving_country_id":null,"dyeing_country_id":null},"sizes":[{"id":1396,"article_id":503285,"class_id":15,"name":"6\/8ans","on_standby":false,"stock_local":0,"stock_global":162,"multiple":1,"estimated_date_reassort":null,"is_destocking":false},{"id":1399,"article_id":503284,"class_id":14,"name":"4\/6ans","on_standby":false,"stock_local":0,"stock_global":139,"multiple":1,"estimated_date_reassort":null,"is_destocking":false},{"id":1397,"article_id":503286,"class_id":16,"name":"8\/10ans","on_standby":false,"stock_local":0,"stock_global":164,"multiple":1,"estimated_date_reassort":null,"is_destocking":false},{"id":1398,"article_id":503287,"class_id":17,"name":"10\/12ans","on_standby":false,"stock_local":0,"stock_global":196,"multiple":1,"estimated_date_reassort":null,"is_destocking":false},{"id":33,"article_id":503288,"class_id":17,"name":"12\/14ans","on_standby":false,"stock_local":0,"stock_global":143,"multiple":1,"estimated_date_reassort":null,"is_destocking":false}],"page_links":{"fr":"\/fr\/p-ka-k292-polo-manches-courtes-enfant-polo-enfant-k292-19783\/black-1520\/","en":"\/en\/p-ka-k292-polo-manches-courtes-enfant-kids-polo-shirt-k292-19783\/black-1520\/","de":"\/de\/p-ka-k292-polo-manches-courtes-enfant-kinder-poloshirt-k292-19783\/black-1520\/","nl":"\/nl\/p-ka-k292-polo-manches-courtes-enfant-kinderpolo-k292-19783\/black-1520\/","es":"\/es\/p-ka-k292-polo-manches-courtes-enfant-polo-infantil-k292-19783\/black-1520\/","it":"\/it\/p-ka-k292-polo-manches-courtes-enfant-polo-bambino-k292-19783\/black-1520\/","sv":"\/sv\/p-ka-k292-polo-manches-courtes-enfant-piketroja-for-barn-k292-19783\/black-1520\/","pt":"\/pt\/p-ka-k292-polo-manches-courtes-enfant-polo-infantil-k292-19783\/black-1520\/","da":"\/da\/p-ka-k292-polo-manches-courtes-enfant-bornepolo-k292-19783\/black-1520\/","pl":"\/pl\/p-ka-k292-polo-manches-courtes-enfant-polo-dzieciece-k292-19783\/black-1520\/"},"page_links_customization":{"fr":"\/fr\/p-ka-k292-polo-manches-courtes-enfant-k292-personnalisable-19783\/black-1520\/custom\/","en":"\/en\/p-ka-k292-polo-manches-courtes-enfant-k292-customizable-19783\/black-1520\/custom\/","de":"\/de\/p-ka-k292-polo-manches-courtes-enfant-k292-personnalisierbar-19783\/black-1520\/custom\/","nl":"\/nl\/p-ka-k292-polo-manches-courtes-enfant-k292-personaliseerbaar-19783\/black-1520\/custom\/","es":"\/es\/p-ka-k292-polo-manches-courtes-enfant-k292-personalizable-19783\/black-1520\/custom\/","it":"\/it\/p-ka-k292-polo-manches-courtes-enfant-k292-personalizzabile-19783\/black-1520\/custom\/","sv":"\/sv\/p-ka-k292-polo-manches-courtes-enfant-k292-personnalisable-19783\/black-1520\/custom\/","pt":"\/pt\/p-ka-k292-polo-manches-courtes-enfant-k292-personalizavel-19783\/black-1520\/custom\/","da":"\/da\/p-ka-k292-polo-manches-courtes-enfant-k292-tilpasselig-19783\/black-1520\/custom\/","pl":"\/pl\/p-ka-k292-polo-manches-courtes-enfant-k292-personalizowany-19783\/black-1520\/custom\/"}},{"id":1383,"name":"light_royal_blue","class_ids":[2],"codes_hexa":["015bbb"],"delai_24":false,"has_3d":true,"seuil_global":0,"stock_local":0,"stock_global":762,"on_standby":false,"in_catalog":true,"images":{"miniature":["https:\/\/media.th4.com\/xX-V0BVjfG4O8dHLbwTcrDHNdGB1EDm8sCbc1_P3CB8\/pr:80\/aHR0cDovL21lZGlhMi5kZXNpZ25wYXJ0bmVyLmZyL2MvcC8xOTc4My8xOTc4My0xMzgzLTEud2VicA?v=1751554410","https:\/\/media.th4.com\/mdYjuqRW48aWrX7ZwBraAwDgw0H8895x1-NZNzYcT7Y\/pr:80\/aHR0cDovL21lZGlhMi5kZXNpZ25wYXJ0bmVyLmZyL2MvcC8xOTc4My8xOTc4My0xMzgzLTIud2VicA?v=1751554411","https:\/\/media.th4.com\/j-4B8BGJRSBnrilw6v6AiRslpQbjXy8K-_FiBtFkmfA\/pr:80\/aHR0cDovL21lZGlhMi5kZXNpZ25wYXJ0bmVyLmZyL2MvcC8xOTc4My8xOTc4My0xMzgzLTMud2VicA?v=1751554411"],"medium":["https:\/\/media.th4.com\/RAKVOOYfSwUF9jUduljOaBY7FXB-aJ6Q-5NbPaj7hak\/pr:550x550\/aHR0cDovL21lZGlhMi5kZXNpZ25wYXJ0bmVyLmZyL2MvcC8xOTc4My8xOTc4My0xMzgzLTEud2VicA?v=1751554410","https:\/\/media.th4.com\/CcRD3iETOaMWr6s5crjbRLwuK1dcUW_L0powb2f3Urc\/pr:550x550\/aHR0cDovL21lZGlhMi5kZXNpZ25wYXJ0bmVyLmZyL2MvcC8xOTc4My8xOTc4My0xMzgzLTIud2VicA?v=1751554411","https:\/\/media.th4.com\/S7jZfFGu1wZuFMtelNiJENHWATXRBafIOXEJmvuLso4\/pr:550x550\/aHR0cDovL21lZGlhMi5kZXNpZ25wYXJ0bmVyLmZyL2MvcC8xOTc4My8xOTc4My0xMzgzLTMud2VicA?v=1751554411"],"medium_large":["https:\/\/media.th4.com\/5AD9gg3FtTN7tQYFGGSLc_GMXHQvWQBgJ3wuxByDRE4\/pr:1000x1000\/aHR0cDovL21lZGlhMi5kZXNpZ25wYXJ0bmVyLmZyL2MvcC8xOTc4My8xOTc4My0xMzgzLTEud2VicA?v=1751554410","https:\/\/media.th4.com\/xmqnITQ8KZbsqpBwzKJhfHMaihi5JYZa97mWq26rRcc\/pr:1000x1000\/aHR0cDovL21lZGlhMi5kZXNpZ25wYXJ0bmVyLmZyL2MvcC8xOTc4My8xOTc4My0xMzgzLTIud2VicA?v=1751554411","https:\/\/media.th4.com\/fkD4AL8MNZNdMmZAMxuyMiBShFzOKnEaMeMgFU0vJ-o\/pr:1000x1000\/aHR0cDovL21lZGlhMi5kZXNpZ25wYXJ0bmVyLmZyL2MvcC8xOTc4My8xOTc4My0xMzgzLTMud2VicA?v=1751554411"],"large":["https:\/\/media.th4.com\/ZwpA_I-FpSYSwrcBqi1MuwOKD9u4_CVK-lJZgZXPf3c\/pr:1920\/aHR0cDovL21lZGlhMi5kZXNpZ25wYXJ0bmVyLmZyL2MvcC8xOTc4My8xOTc4My0xMzgzLTEud2VicA?v=1751554410","https:\/\/media.th4.com\/6zRJSzuR8RK5D8qLIwqN3ovTVj78-pc0xux9GqGTO-s\/pr:1920\/aHR0cDovL21lZGlhMi5kZXNpZ25wYXJ0bmVyLmZyL2MvcC8xOTc4My8xOTc4My0xMzgzLTIud2VicA?v=1751554411","https:\/\/media.th4.com\/Rlle7hNFylHqWK8-Tc1Bsl3O0WC-X6mdyLy_twB8NfM\/pr:1920\/aHR0cDovL21lZGlhMi5kZXNpZ25wYXJ0bmVyLmZyL2MvcC8xOTc4My8xOTc4My0xMzgzLTMud2VicA?v=1751554411"],"opengraph":["https:\/\/media.th4.com\/7vF1Fqo8kqzTRWdsmUj2WO1mCMEkT_N033LXJ8XB5YQ\/pr:1200x630\/aHR0cDovL21lZGlhMi5kZXNpZ25wYXJ0bmVyLmZyL2MvcC8xOTc4My8xOTc4My0xMzgzLTEud2VicA?v=1751554410","https:\/\/media.th4.com\/bxY8BjNqQQYWfu08NgjJ0dnTo6B26fZTyKkaci5N1XA\/pr:1200x630\/aHR0cDovL21lZGlhMi5kZXNpZ25wYXJ0bmVyLmZyL2MvcC8xOTc4My8xOTc4My0xMzgzLTIud2VicA?v=1751554411","https:\/\/media.th4.com\/sUiB7v785HbxR0luhnFDFwOUob02LEfHopkqS4kw4mA\/pr:1200x630\/aHR0cDovL21lZGlhMi5kZXNpZ25wYXJ0bmVyLmZyL2MvcC8xOTc4My8xOTc4My0xMzgzLTMud2VicA?v=1751554411"]},"images_customization":{"miniature":["https:\/\/media.th4.com\/xX-V0BVjfG4O8dHLbwTcrDHNdGB1EDm8sCbc1_P3CB8\/pr:80\/aHR0cDovL21lZGlhMi5kZXNpZ25wYXJ0bmVyLmZyL2MvcC8xOTc4My8xOTc4My0xMzgzLTEud2VicA?v=1751554410","https:\/\/media.th4.com\/mdYjuqRW48aWrX7ZwBraAwDgw0H8895x1-NZNzYcT7Y\/pr:80\/aHR0cDovL21lZGlhMi5kZXNpZ25wYXJ0bmVyLmZyL2MvcC8xOTc4My8xOTc4My0xMzgzLTIud2VicA?v=1751554411","https:\/\/media.th4.com\/j-4B8BGJRSBnrilw6v6AiRslpQbjXy8K-_FiBtFkmfA\/pr:80\/aHR0cDovL21lZGlhMi5kZXNpZ25wYXJ0bmVyLmZyL2MvcC8xOTc4My8xOTc4My0xMzgzLTMud2VicA?v=1751554411"],"medium":["https:\/\/media.th4.com\/RAKVOOYfSwUF9jUduljOaBY7FXB-aJ6Q-5NbPaj7hak\/pr:550x550\/aHR0cDovL21lZGlhMi5kZXNpZ25wYXJ0bmVyLmZyL2MvcC8xOTc4My8xOTc4My0xMzgzLTEud2VicA?v=1751554410","https:\/\/media.th4.com\/CcRD3iETOaMWr6s5crjbRLwuK1dcUW_L0powb2f3Urc\/pr:550x550\/aHR0cDovL21lZGlhMi5kZXNpZ25wYXJ0bmVyLmZyL2MvcC8xOTc4My8xOTc4My0xMzgzLTIud2VicA?v=1751554411","https:\/\/media.th4.com\/S7jZfFGu1wZuFMtelNiJENHWATXRBafIOXEJmvuLso4\/pr:550x550\/aHR0cDovL21lZGlhMi5kZXNpZ25wYXJ0bmVyLmZyL2MvcC8xOTc4My8xOTc4My0xMzgzLTMud2VicA?v=1751554411"],"medium_large":["https:\/\/media.th4.com\/5AD9gg3FtTN7tQYFGGSLc_GMXHQvWQBgJ3wuxByDRE4\/pr:1000x1000\/aHR0cDovL21lZGlhMi5kZXNpZ25wYXJ0bmVyLmZyL2MvcC8xOTc4My8xOTc4My0xMzgzLTEud2VicA?v=1751554410","https:\/\/media.th4.com\/xmqnITQ8KZbsqpBwzKJhfHMaihi5JYZa97mWq26rRcc\/pr:1000x1000\/aHR0cDovL21lZGlhMi5kZXNpZ25wYXJ0bmVyLmZyL2MvcC8xOTc4My8xOTc4My0xMzgzLTIud2VicA?v=1751554411","https:\/\/media.th4.com\/fkD4AL8MNZNdMmZAMxuyMiBShFzOKnEaMeMgFU0vJ-o\/pr:1000x1000\/aHR0cDovL21lZGlhMi5kZXNpZ25wYXJ0bmVyLmZyL2MvcC8xOTc4My8xOTc4My0xMzgzLTMud2VicA?v=1751554411"],"large":["https:\/\/media.th4.com\/ZwpA_I-FpSYSwrcBqi1MuwOKD9u4_CVK-lJZgZXPf3c\/pr:1920\/aHR0cDovL21lZGlhMi5kZXNpZ25wYXJ0bmVyLmZyL2MvcC8xOTc4My8xOTc4My0xMzgzLTEud2VicA?v=1751554410","https:\/\/media.th4.com\/6zRJSzuR8RK5D8qLIwqN3ovTVj78-pc0xux9GqGTO-s\/pr:1920\/aHR0cDovL21lZGlhMi5kZXNpZ25wYXJ0bmVyLmZyL2MvcC8xOTc4My8xOTc4My0xMzgzLTIud2VicA?v=1751554411","https:\/\/media.th4.com\/Rlle7hNFylHqWK8-Tc1Bsl3O0WC-X6mdyLy_twB8NfM\/pr:1920\/aHR0cDovL21lZGlhMi5kZXNpZ25wYXJ0bmVyLmZyL2MvcC8xOTc4My8xOTc4My0xMzgzLTMud2VicA?v=1751554411"],"opengraph":["https:\/\/media.th4.com\/7vF1Fqo8kqzTRWdsmUj2WO1mCMEkT_N033LXJ8XB5YQ\/pr:1200x630\/aHR0cDovL21lZGlhMi5kZXNpZ25wYXJ0bmVyLmZyL2MvcC8xOTc4My8xOTc4My0xMzgzLTEud2VicA?v=1751554410","https:\/\/media.th4.com\/bxY8BjNqQQYWfu08NgjJ0dnTo6B26fZTyKkaci5N1XA\/pr:1200x630\/aHR0cDovL21lZGlhMi5kZXNpZ25wYXJ0bmVyLmZyL2MvcC8xOTc4My8xOTc4My0xMzgzLTIud2VicA?v=1751554411","https:\/\/media.th4.com\/sUiB7v785HbxR0luhnFDFwOUob02LEfHopkqS4kw4mA\/pr:1200x630\/aHR0cDovL21lZGlhMi5kZXNpZ25wYXJ0bmVyLmZyL2MvcC8xOTc4My8xOTc4My0xMzgzLTMud2VicA?v=1751554411"]},"country_origin":"PT","traceability":{"manufacturing_country_id":null,"weaving_country_id":null,"dyeing_country_id":null},"sizes":[{"id":1396,"article_id":503290,"class_id":15,"name":"6\/8ans","on_standby":false,"stock_local":0,"stock_global":193,"multiple":1,"estimated_date_reassort":null,"is_destocking":false},{"id":1399,"article_id":503289,"class_id":14,"name":"4\/6ans","on_standby":false,"stock_local":0,"stock_global":138,"multiple":1,"estimated_date_reassort":null,"is_destocking":false},{"id":1397,"article_id":503291,"class_id":16,"name":"8\/10ans","on_standby":false,"stock_local":0,"stock_global":130,"multiple":1,"estimated_date_reassort":null,"is_destocking":false},{"id":1398,"article_id":503292,"class_id":17,"name":"10\/12ans","on_standby":false,"stock_local":0,"stock_global":189,"multiple":1,"estimated_date_reassort":null,"is_destocking":false},{"id":33,"article_id":503293,"class_id":17,"name":"12\/14ans","on_standby":false,"stock_local":0,"stock_global":112,"multiple":1,"estimated_date_reassort":null,"is_destocking":false}],"page_links":{"fr":"\/fr\/p-ka-k292-polo-manches-courtes-enfant-polo-enfant-k292-19783\/light-royal-blue-1383\/","en":"\/en\/p-ka-k292-polo-manches-courtes-enfant-kids-polo-shirt-k292-19783\/light-royal-blue-1383\/","de":"\/de\/p-ka-k292-polo-manches-courtes-enfant-kinder-poloshirt-k292-19783\/light-royal-blue-1383\/","nl":"\/nl\/p-ka-k292-polo-manches-courtes-enfant-kinderpolo-k292-19783\/light-royal-blue-1383\/","es":"\/es\/p-ka-k292-polo-manches-courtes-enfant-polo-infantil-k292-19783\/light-royal-blue-1383\/","it":"\/it\/p-ka-k292-polo-manches-courtes-enfant-polo-bambino-k292-19783\/light-royal-blue-1383\/","sv":"\/sv\/p-ka-k292-polo-manches-courtes-enfant-piketroja-for-barn-k292-19783\/light-royal-blue-1383\/","pt":"\/pt\/p-ka-k292-polo-manches-courtes-enfant-polo-infantil-k292-19783\/light-royal-blue-1383\/","da":"\/da\/p-ka-k292-polo-manches-courtes-enfant-bornepolo-k292-19783\/light-royal-blue-1383\/","pl":"\/pl\/p-ka-k292-polo-manches-courtes-enfant-polo-dzieciece-k292-19783\/light-royal-blue-1383\/"},"page_links_customization":{"fr":"\/fr\/p-ka-k292-polo-manches-courtes-enfant-k292-personnalisable-19783\/light-royal-blue-1383\/custom\/","en":"\/en\/p-ka-k292-polo-manches-courtes-enfant-k292-customizable-19783\/light-royal-blue-1383\/custom\/","de":"\/de\/p-ka-k292-polo-manches-courtes-enfant-k292-personnalisierbar-19783\/light-royal-blue-1383\/custom\/","nl":"\/nl\/p-ka-k292-polo-manches-courtes-enfant-k292-personaliseerbaar-19783\/light-royal-blue-1383\/custom\/","es":"\/es\/p-ka-k292-polo-manches-courtes-enfant-k292-personalizable-19783\/light-royal-blue-1383\/custom\/","it":"\/it\/p-ka-k292-polo-manches-courtes-enfant-k292-personalizzabile-19783\/light-royal-blue-1383\/custom\/","sv":"\/sv\/p-ka-k292-polo-manches-courtes-enfant-k292-personnalisable-19783\/light-royal-blue-1383\/custom\/","pt":"\/pt\/p-ka-k292-polo-manches-courtes-enfant-k292-personalizavel-19783\/light-royal-blue-1383\/custom\/","da":"\/da\/p-ka-k292-polo-manches-courtes-enfant-k292-tilpasselig-19783\/light-royal-blue-1383\/custom\/","pl":"\/pl\/p-ka-k292-polo-manches-courtes-enfant-k292-personalizowany-19783\/light-royal-blue-1383\/custom\/"}}],"documentation_link":"\/pdf\/19783.pdf","countries_availables":["AD","AE","AL","AT","BA","BD","BE","BG","BL","CA","CH","CN","CO","CY","CZ","DE","DK","DO","EE","EG","ES","ET","FI","FR","GB","GE","GF","GP","GR","GT","HK","HN","HR","HT","HU","ID","IE","IN","IS","IT","JO","JP","KE","KH","KP","KR","LA","LK","LS","LT","LU","LV","MA","MF","MG","MK","MM","MN","MQ","MT","MX","MY","NC","NI","NL","PF","PH","PK","PL","PM","PT","RE","RO","SE","SG","SI","SK","SV","SY","TH","TN","TR","TW","TZ","US","VN","WF","YT"]},"infos_customization":[],"features":{"authorize_multi_surfaces":true,"display_order_delay_type":true,"promote_surface_display":true,"tarification_franco_offert":true,"enabled_3d_editor":false},"markings":[{"id":0,"nom":"vierge","finition":null,"libelle":null,"code":null,"dpi":null,"finesse_forme_isolee":null,"finesse_forme_non_isolee":null,"hauteur_minimale_texte":null,"inactif":0,"marquage_interne":1,"quantite_min":null,"parent_id":null,"print_on_support":0,"content":"vierge","description":null},{"id":2,"nom":"fonce","finition":"optimale","libelle":"TopQuadri","code":null,"dpi":400,"finesse_forme_isolee":"0.040","finesse_forme_non_isolee":"0.700","hauteur_minimale_texte":2,"inactif":0,"marquage_interne":1,"quantite_min":null,"parent_id":18,"print_on_support":0,"content":"TopQuadri","description":"pour petites et moyennes s\u00e9ries"},{"id":3,"nom":"serigraphie","finition":"serigraphie","libelle":"SeriCoat","code":null,"dpi":400,"finesse_forme_isolee":"0.040","finesse_forme_non_isolee":"0.700","hauteur_minimale_texte":2,"inactif":0,"marquage_interne":1,"quantite_min":15,"parent_id":18,"print_on_support":0,"content":"SeriCoat","description":"pour moyennes et grandes s\u00e9ries"},{"id":4,"nom":"broderie","finition":"broderie","libelle":"Broderie","code":null,"dpi":400,"finesse_forme_isolee":"0.040","finesse_forme_non_isolee":"0.700","hauteur_minimale_texte":3,"inactif":0,"marquage_interne":1,"quantite_min":null,"parent_id":null,"print_on_support":0,"content":"Broderie","description":null},{"id":8,"nom":"theme","finition":null,"libelle":"Th\u00e8me","code":null,"dpi":null,"finesse_forme_isolee":null,"finesse_forme_non_isolee":null,"hauteur_minimale_texte":null,"inactif":0,"marquage_interne":1,"quantite_min":null,"parent_id":null,"print_on_support":0,"content":"Th\u00e8me","description":null},{"id":9,"nom":"sans","finition":null,"libelle":null,"code":null,"dpi":null,"finesse_forme_isolee":null,"finesse_forme_non_isolee":null,"hauteur_minimale_texte":null,"inactif":0,"marquage_interne":1,"quantite_min":null,"parent_id":null,"print_on_support":0,"content":"sans","description":null},{"id":10,"nom":"photo","finition":null,"libelle":"Photo","code":null,"dpi":null,"finesse_forme_isolee":null,"finesse_forme_non_isolee":null,"hauteur_minimale_texte":null,"inactif":0,"marquage_interne":1,"quantite_min":null,"parent_id":null,"print_on_support":0,"content":"Photo","description":null},{"id":14,"nom":"couleur","finition":null,"libelle":"Couleur","code":null,"dpi":null,"finesse_forme_isolee":null,"finesse_forme_non_isolee":null,"hauteur_minimale_texte":null,"inactif":0,"marquage_interne":1,"quantite_min":null,"parent_id":null,"print_on_support":0,"content":"Couleur","description":null},{"id":15,"nom":"sublimation","finition":"sublimation","libelle":"Sublimation","code":null,"dpi":null,"finesse_forme_isolee":"0.000","finesse_forme_non_isolee":"0.000","hauteur_minimale_texte":2,"inactif":0,"marquage_interne":1,"quantite_min":null,"parent_id":null,"print_on_support":0,"content":"Sublimation","description":null},{"id":16,"nom":"topquadri_uv","finition":null,"libelle":"TopQuadri UV","code":null,"dpi":null,"finesse_forme_isolee":"0.020","finesse_forme_non_isolee":"0.700","hauteur_minimale_texte":2,"inactif":0,"marquage_interne":1,"quantite_min":null,"parent_id":null,"print_on_support":1,"content":null,"description":null},{"id":17,"nom":"topquadri_uvp","finition":null,"libelle":"TopQuadri UVP","code":null,"dpi":null,"finesse_forme_isolee":"0.020","finesse_forme_non_isolee":"0.700","hauteur_minimale_texte":2,"inactif":0,"marquage_interne":1,"quantite_min":null,"parent_id":null,"print_on_support":1,"content":null,"description":null},{"id":18,"nom":"quadri","finition":null,"libelle":"Impression","code":null,"dpi":null,"finesse_forme_isolee":null,"finesse_forme_non_isolee":null,"hauteur_minimale_texte":null,"inactif":0,"marquage_interne":1,"quantite_min":null,"parent_id":null,"print_on_support":0,"content":null,"description":null}]}}