{"data":{"product":{"id":19600,"titre":"Mini Bolter","description":"Le short pour enfant en terry. Taille \u00e9lastiqu\u00e9e dans la mati\u00e8re principale. Cordons de serrage ronds ton sur ton avec embout m\u00e9tallique. \u0152illets brod\u00e9s. Poches sur les cot\u00e9s. Poche plaqu\u00e9e au dos. Double surpiq\u00fbres \u00e9troites \u00e0 l'ourlet. Composition : Molleton non bross\u00e9, 85% coton biologique fil\u00e9 et peign\u00e9, 15% polyester recycl\u00e9.","genre":"enfant","grammage":280,"conditionnement":40,"composition":"coton,polyester,polycoton","reference":"STBK102","reference_visible":"st-stbk102","reference_fabricant":"STBK102","ref_xor":"727765","in_catalog":true,"is_transfer":false,"is_service":false,"on_standby":false,"has_3d":false,"has_size_guide":true,"has_marking":true,"has_vierge":false,"is_cross_sellable":false,"id_picto":91,"filename_3d":null,"brand":{"id":233,"name":"Stanley Stella","logo":"logo-stanleystella.png","image":"https:\/\/media.th4.com\/xKgLMWY4yppMkbLH1zjV87jhG7aOmdNpHKMMxZQszco\/pr:brand70x70\/aHR0cDovL21lZGlhMi5kZXNpZ25wYXJ0bmVyLmZyL2MvbS9sb2dvLXN0YW5sZXlzdGVsbGEucG5n?v=1747067437"},"price_infos":{"price_from":0,"quantity":0,"size":{"id":0,"name":""},"color":{"id":0,"name":""}},"price_infos_marking":{"price_from":14.78,"quantity":350,"color":{"id":23853,"name":"natural_raw"},"size":{"id":534,"name":"12\/13ans"},"marking":{"id":2,"name":""},"emplacement":"avant","surface_emplacement_id":6438,"surface":"Bas gauche"},"i18n":{"blank":{"title":{"fr":"Mini bolter Short coton biologique STANLEY STELLA stbk102","en":"Mini bolter Organic cotton shorts STANLEY STELLA stbk102","de":"Mini Bolter Short Bio-Baumwolle STANLEY STELLA stbk102","nl":"Mini bolter Coton biologische short STANLEY STELLA stbk102","es":"Short de mini bolter de algod\u00f3n org\u00e1nico STANLEY STELLA stbk102","it":"Mini bolter Short in cotone biologico STANLEY STELLA stbk102","sv":"Mini bolter korta byxor i biologiskt bomull STANLEY STELLA stbk102","pt":"Mini bolter Short algod\u00e3o biol\u00f3gico STANLEY STELLA stbk102","da":"Mini bolter kort af \u00f8kologisk bomuld STANLEY STELLA stbk102","pl":"Mini bolter Short bawe\u0142niany organiczny STANLEY STELLA stbk102"},"description":{"fr":"Ce short pour enfant est con\u00e7u en molleton non bross\u00e9, offrant un confort optimal pour les activit\u00e9s quotidiennes. Il pr\u00e9sente une taille \u00e9lastiqu\u00e9e dans la mati\u00e8re principale, assurant un ajustement confortable et s\u00e9curis\u00e9. Des cordons de serrage ronds ton sur ton avec embout m\u00e9tallique permettent un r\u00e9glage personnalis\u00e9. Des \u0153illets brod\u00e9s ajoutent une touche de style. Le short dispose de poches sur les c\u00f4t\u00e9s et d'une poche plaqu\u00e9e au dos pour un rangement pratique. Les doubles surpiq\u00fbres \u00e9troites \u00e0 l'ourlet renforcent la durabilit\u00e9 du v\u00eatement.\n\n- Composition : 85% coton biologique fil\u00e9 et peign\u00e9, 15% polyester recycl\u00e9\n- Taille : \u00c9lastiqu\u00e9e\n- Poches : C\u00f4t\u00e9s et dos","en":"This children's shorts are made of unbrushed fleece, providing optimal comfort for daily activities. It features an elasticated waist in the main fabric, ensuring a comfortable and secure fit. Round drawstrings with metal tips allow for personalized adjustment. Embroidered eyelets add a stylish touch. The shorts have side pockets and a back patch pocket for practical storage. Narrow double stitching at the hem enhances the garment's durability.\n\n- Composition: 85% organic combed cotton, 15% recycled polyester","de":"Diese Kurzhose f\u00fcr Kinder ist aus ungeb\u00fcrstetem Fleece gefertigt, bietet optimalen Komfort f\u00fcr den t\u00e4glichen Gebrauch. Sie hat einen elastischen Bund aus dem Hauptmaterial, der einen bequemen und sicheren Sitz gew\u00e4hrleistet. Runde, farblich abgestimmte Zugkordeln mit Metallendst\u00fcck erm\u00f6glichen eine individuelle Anpassung. Aufgestickte \u00d6sen verleihen einen stilvollen Akzent. Die Hose verf\u00fcgt \u00fcber Seitentaschen und eine aufgesetzte R\u00fcckentasche f\u00fcr praktisches Verstauen. Doppelte, schmale N\u00e4hte am Saum verst\u00e4rken die Haltbarkeit des Kleidungsst\u00fccks.\n\n- Zusammensetzung: 85% Bio-Baumwolle gezwirnt und gek\u00e4mmt, 15% recyceltes Polyester\n- Gr\u00f6\u00dfe: Elastisch\n- Taschen: Seiten und R\u00fccken","nl":"Deze broek voor kinderen is gemaakt van niet geborstelde molton, wat optimaal comfort biedt voor dagelijkse activiteiten. Het heeft een elastische taille in het hoofdmateriaal, wat een comfortabele en veilige pasvorm biedt. Ronde bevestigingskoorden met een metalen uiteinde in dezelfde kleur bieden een aanpasbare pasvorm. Gebordeerde ogen toevoegen een stijlvolle accent. De broek beschikt over zijzakken en een achterzak voor praktische opslag. Dubbele smalle naden aan de zoom versterken de duurzaamheid van het kledingstuk.","es":"Este short para ni\u00f1os est\u00e1 dise\u00f1ado en moldeado no rasurado, ofreciendo un confort \u00f3ptimo para las actividades diarias. Presenta una cintura el\u00e1stica en el material principal, asegurando un ajuste c\u00f3modo y seguro. Cordones de ajuste redondos tono sobre tono con puntas met\u00e1licas permiten un ajuste personalizado. Ojos bordados a\u00f1aden un toque de estilo. El short dispone de bolsillos laterales y un bolsillo plano en la parte trasera para un almacenamiento pr\u00e1ctico. Las costuras dobles estrechas en el dobladillo refuerzan la durabilidad de la prenda.\n\n- Composici\u00f3n: 85% algod\u00f3n org\u00e1nico hilado y peinado, 15% poli\u00e9ster reciclado\n- Talla: El\u00e1stica\n- Bolsillos: Lados y espalda","it":"Questo short per bambino \u00e8 realizzato in pile non pettinato, offrendo un comfort ottimale per le attivit\u00e0 quotidiane. Presenta una taglia elastica nel tessuto principale, garantendo un adattamento comodo e sicuro. Cordoni di regolazione tondi ton sur ton con puntale metallico permettono un regolamento personalizzato. Occhielli ricamati aggiungono un tocco di stile. Lo short dispone di tasche sui lati e di una tasca applicata dietro per un ripostiglio pratico. Le doppie cuciture strette all'orlo rinforzano la durabilit\u00e0 dell'indumento.\n\n- Composizione: 85% cotone biologico filato e pettinato, 15% poliestere riciclato\n- Taglia: Elastica\n- Tasche: Lati e dietro","sv":"Denna korta byxa f\u00f6r barn \u00e4r tillverkad i fluffigt oskuret material, vilket ger optimal komfort f\u00f6r dagliga aktiviteter. Den har en elasticerad midja i huvudmaterialet, som s\u00e4kerst\u00e4ller en bekv\u00e4m och s\u00e4ker passform. Runda drahj\u00e4lp av samma f\u00e4rg med metall\u00e4nda m\u00f6jligg\u00f6r en personlig justering. Broderade \u00f6glor l\u00e4gger till en stilfull touch. Byxorna har fickor p\u00e5 sidorna och en insydd ficka p\u00e5 baksidan f\u00f6r praktiskt f\u00f6rvaring. Dubbla smala stygningar vid kanten f\u00f6rst\u00e4rker h\u00e5llbarheten hos kl\u00e4desplagget.\n\n- Sammans\u00e4ttning: 85% biologiskt bomull filspunnet och kammat, 15% \u00e5tervunnet polyester\n- Storlek: Elasticerad\n- Fickor: Sidor och baksida","pt":"Essa short para crian\u00e7a \u00e9 feita em malha n\u00e3o esfiapada, oferecendo conforto \u00f3timo para as atividades di\u00e1rias. Ela apresenta uma cintura el\u00e1stica no material principal, garantindo um ajuste confort\u00e1vel e seguro. Cord\u00f5es de ajuste redondos na cor do tom com ponta met\u00e1lica permitem um ajuste personalizado. Olhos bordados adicionam um toque de estilo. A short possui bolsos laterais e um bolso costurado nas costas para armazenamento pr\u00e1tico. Costuras duplas estreitas no cano refor\u00e7am a durabilidade da roupa. Composi\u00e7\u00e3o 85% algod\u00e3o biol\u00f3gico fio e penteado, 15% poli\u00e9ster reciclado. Tamanho: El\u00e1stico. Bolsos: Laterais e costas","da":"Dette b\u00f8rnekort er fremstillet af non-brushed fleece, der tilbyder optimal komfort til daglige aktiviteter. Det har en elastisk st\u00f8rrelse i hovedmaterialet, der sikrer en komfortabel og sikker pasform. Runde sn\u00f8reb\u00e5nd i ton p\u00e5 ton med metal ende stykke tillader en tilpasset justering. Broderede \u00f8jekroge tilf\u00f8jer en stilfuld touch. Kortet har lommer p\u00e5 siderne og en indbygget lomme p\u00e5 bagsiden til praktisk opbevaring. Doble smalle stykker p\u00e5 bundkanten forst\u00e6rker t\u00f8jets holdbarhed.\n\n- Sammens\u00e6tning: 85% \u00f8kologisk bomuld spundet og kamret, 15% genbrugt polyester\n- St\u00f8rrelse: Elastisk\n- Lommer: Sider og bag","pl":"Ten short dla dzieci jest wykonany z nieprzycinanego fleecu, oferuj\u0105c optymalny komfort podczas codziennych aktywno\u015bci. Ma elastyczn\u0105 tali\u0119 w materia\u0142 g\u0142\u00f3wny, zapewniaj\u0105c wygodne i bezpieczne dopasowanie. Okr\u0105g\u0142e sznurki regulacyjne w tym samym odcieniu z metalowym zako\u0144czeniem pozwalaj\u0105 na dostosowanie. Haki haftowane dodaj\u0105 stylu. Short posiada kieszenie na bokach i kiesze\u0144 w tylnej cz\u0119\u015bci do praktycznego przechowywania. Podw\u00f3jne szwy wzd\u0142u\u017c kraw\u0119dzi zwi\u0119kszaj\u0105 trwa\u0142o\u015b\u0107 ubrania.\n\n- Sk\u0142ad: 85% organiczna bawe\u0142na prz\u0119dziona i czesana, 15% recyklingowy poliestr\n- Rozmiar: Elastyczny\n- Kieszenie: Boki i ty\u0142"},"h1":{"fr":"Mini bolter Short coton biologique stbk102","en":"Mini bolter Organic cotton shorts stbk102","de":"Mini Bolter Short Bio-Baumwolle stbk102","nl":"Mini bolter Coton biologische short stbk102","es":"Short de mini bolter de algod\u00f3n org\u00e1nico stbk102","it":"Mini bolter Short in cotone biologico stbk102","sv":"Mini bolter korta byxor i biologiskt bomull stbk102","pt":"Mini bolter Short algod\u00e3o biol\u00f3gico stbk102","da":"Mini bolter kort af \u00f8kologisk bomuld stbk102","pl":"Mini bolter Short bawe\u0142niany organiczny stbk102"},"meta_description":{"fr":"Short en coton biologique pour enfant. Taille \u00e9lastiqu\u00e9e, cordon de serrage et poches pratiques. Confort et durabilit\u00e9 pour les jeunes aventuriers.","en":"Organic cotton shorts for children. Elasticated waist, drawstring, and practical pockets. Comfort and durability for young adventurers.","de":"Bio-Baumwolle-Kurzhose f\u00fcr Kinder. Elastischer Bund, Zugkordel und praktische Taschen. Komfort und Haltbarkeit f\u00fcr kleine Abenteurer.","nl":"Kinderbroek van biologische katoen. Elastische pasvorm, bevestigingskoord en praktische zakken. Comfort en duurzaamheid voor jonge avonturiers.","es":"Short de algod\u00f3n org\u00e1nico para ni\u00f1o. Talla el\u00e1stica, cord\u00f3n de ajuste y bolsillos pr\u00e1cticos. Confort y durabilidad para los peque\u00f1os aventureros.","it":"Short in cotone biologico per bambino. Taglia elastica, cordone di regolazione e tasche pratiche. Comfort e durabilit\u00e0 per i giovani avventurieri.","sv":"Korta byxor f\u00f6r barn i biologiskt bomull. Elasticerad storlek, drahj\u00e4lp och praktiska fickor. Komfort och h\u00e5llbarhet f\u00f6r unga \u00e4ventyrare.","pt":"Short de algod\u00e3o biol\u00f3gico para crian\u00e7a. Tamanho el\u00e1stico, cord\u00e3o de aperto e bolsos pr\u00e1ticos. Conforto e durabilidade para os jovens aventureiros.","da":"B\u00f8rnekort i \u00f8kologisk bomuld. Elastisk st\u00f8rrelse, sn\u00f8reb\u00e5nd og praktiske lommer. Komfort og holdbarhed til de unge eventyrere.","pl":"Short z organicznej bawe\u0142ny dla dzieci. Rozmiar elastyczny, sznurek regulacyjny i praktyczne kieszenie. Komfort i trwa\u0142o\u015b\u0107 dla m\u0142odych przyg\u00f3d."}},"custom":{"title":{"fr":"Mini bolter Short coton biologique STANLEY STELLA stbk102 personnalisable","en":"Mini bolter Cotton Organic Short STANLEY STELLA stbk102 customizable","de":"Mini Bolter Short Baumwolle Bio STANLEY STELLA stbk102 personalisierbar","nl":"Mini bolter Katoenen shorts biologische STANLEY STELLA stbk102 aanpasbaar","es":"Mini bolter Short de algod\u00f3n biol\u00f3gico STANLEY STELLA stbk102 personalizable","it":"Mini bolter Short cotone biologico STANLEY STELLA stbk102 personalizzabile","sv":"Mini bolter Short bomullsst\u00e4llbar STANLEY STELLA stbk102","pt":"Mini bolter Short de algod\u00e3o org\u00e2nico STANLEY STELLA stbk102 personaliz\u00e1vel","da":"Mini bolter Short bomuld organisk STANLEY STELLA stbk102 personaliserbar","pl":"Mini bolter Short bawe\u0142niany ekologiczny STANLEY STELLA stbk102 do personalizacji"},"description":{"fr":"Ce short pour enfant en terry offre un confort optimal gr\u00e2ce \u00e0 sa taille \u00e9lastiqu\u00e9e et ses poches pratiques. Dot\u00e9 de cordons de serrage ronds et d'\u0153illets brod\u00e9s, il allie style et fonctionnalit\u00e9. Sa composition en molleton non bross\u00e9, m\u00e9lange de coton biologique fil\u00e9 et peign\u00e9 et de polyester recycl\u00e9, assure une bonne tenue et un respect de l'environnement. Ce short est personnalisable, permettant l'ajout de votre logo ou visuel en broderie pour une communication efficace.\n","en":"This terry kids short offers optimal comfort thanks to its elastic waistband and practical pockets. Equipped with round drawstrings and embroidered eyelets, it combines style and functionality. Its composition of unbrushed fleece, a blend of organic cotton spun and combed and recycled polyester, ensures good hold and respect for the environment. This short is customizable, allowing the addition of your logo or design in embroidery for effective communication.","de":"Dieser Kindershort aus Frottee bietet optimalen Komfort dank elastischem Bund und praktischen Taschen. Mit runden Zugschn\u00fcren und gestickten \u00d6sen kombiniert er Stil und Funktionalit\u00e4t. Seine Zusammensetzung aus nicht geb\u00fcrstetem Frottee, einer Mischung aus Bio-Baumwolle Garn und recyceltem Polyester, garantiert eine gute Haltbarkeit und umweltfreundliche Herstellung. Dieser Short ist personalisierbar, sodass Ihr Logo oder Bild durch Stickerei f\u00fcr eine effektive Kommunikation hinzugef\u00fcgt werden kann.","nl":"Deze terry shorts voor kinderen biedt optimale comfort dankzij de elastische taille en de praktische zakken. Voorzien van ronde knopen en geborduurde oogjes, combineert hij stijl en functionaliteit. De samenstelling van ongeborsteld vlas, een mengsel van biologische katoen en gerecycleerd polyester, waarborgt een goede houdbaarheid en respect voor het milieu. Deze shorts is aanpasbaar, waardoor u uw logo of visuele elementen door borduren kunt toevoegen voor een effectieve communicatie.\n","es":"Este short para ni\u00f1o de felpa ofrece un confort \u00f3ptimo gracias a su cintura el\u00e1stica y sus bolsillos pr\u00e1cticos. Con cordones de ajuste redondeados y ojetes bordados, combina estilo y funcionalidad. Su composici\u00f3n de punto y peinado de algod\u00f3n biol\u00f3gico y poli\u00e9ster reciclado, asegura una buena sujeci\u00f3n y respeto al medio ambiente. Este short es personalizable, permitiendo a\u00f1adir su logo o dise\u00f1o en bordado para una comunicaci\u00f3n efectiva.","it":"Questo short per bambini in terry offre un comfort ottimale grazie alla sua taglia elastica e alle sue pratiche tasche. Dotato di cordoni di regolazione rotondi e di occhielli ricamati, unisce stile e funzionalit\u00e0. La sua composizione in jersey non rasato, miscela di cotone biologico filato e pettinato e di poliestere riciclato, garantisce una buona tenuta e rispetto per l'ambiente. Questo short \u00e8 personalizzabile, consentendo l'aggiunta del vostro logo o visual in ricamo per una comunicazione efficace.","sv":"Denna barnshort i terry erbjuder optimal komfort tack vare sin elastiska storlek och praktiska fickor. Utrustad med runda draknappar och broderade \u00f6glor, kombinerar den stil och funktion. Dess sammans\u00e4ttning av icke borstade frott\u00e9, en blandning av biologisk bomullsfil och kam och \u00e5tervunnet polyester, garanterar en bra h\u00e5llfasthet och respekt f\u00f6r milj\u00f6n. Denna short \u00e4r personlighetsbar, vilket g\u00f6r det m\u00f6jligt att l\u00e4gga till ditt logotyp eller visuellt med broderi f\u00f6r effektiv kommunikation.","pt":"Este short para crian\u00e7a em toalha oferece conforto \u00f3timo gra\u00e7as ao seu tamanho el\u00e1stico e bolsos pr\u00e1ticos. Dotado de cord\u00f5es de ajuste redondos e ilhoses bordados, alia estilo e funcionalidade. Sua composi\u00e7\u00e3o em veludo cotel\u00ea, mistura de algod\u00e3o org\u00e2nico fiado e penteado e poli\u00e9ster reciclado, garante uma boa durabilidade e respeito ao meio ambiente. Este short \u00e9 personaliz\u00e1vel, permitindo a adi\u00e7\u00e3o do seu logo ou visual em bordado para uma comunica\u00e7\u00e3o eficaz.","da":"Denne barneshort i terry tilbyder optimal komfort takket v\u00e6re den elastiske talje og de praktiske lommer. Med runde stramningssnor og broderede \u00f8jen udstr\u00e5ler den b\u00e5de stil og funktion. Sammens\u00e6tningen i ikke-b\u00f8rstet molton, en blanding af organisk bomuldsspin og kammet og genbruget polyester, sikrer en god holdbarhed og respekt for milj\u00f8et. Denne short kan personligg\u00f8res, hvilket giver dig mulighed for at tilf\u00f8je dit logo eller visuel ved broderi for effektiv kommunikation.","pl":"Ten short dla dzieci w materia\u0142ach mi\u0119kkich oferuje optymalny komfort dzi\u0119ki elastycznemu paskowi i praktycznym kieszeniom. Wyposa\u017cony w okr\u0105g\u0142e sznur\u00f3wki i haftowane otwory, \u0142\u0105czy styl i funkcjonalno\u015b\u0107. Jego sk\u0142ad z puchu nieprzebierzanego, mieszanki ekologicznej bawe\u0142ny prz\u0119dzanej i czesanej oraz recyklingowanego poliestru, zapewnia dobry wygl\u0105d i szacunek dla \u015brodowiska. Ten short jest personalizowalny, umo\u017cliwiaj\u0105c dodanie swojego logo lub wizualizacji przez haft dla skutecznej komunikacji."},"h1":{"fr":"Mini bolter Short coton biologique stbk102 personnalis\u00e9","en":"Mini bolter Cotton Organic Short stbk102 custom","de":"Mini Bolter Short Baumwolle Bio stbk102 personalisiert","nl":"Mini bolter Katoenen shorts biologische stbk102 aangepast","es":"Mini bolter Short de algod\u00f3n biol\u00f3gico stbk102 personalizado","it":"Mini bolter Short cotone biologico stbk102 personalizzato","sv":"Mini bolter Short bomullsst\u00e4llbar stbk102","pt":"Mini bolter Short de algod\u00e3o org\u00e2nico stbk102 personalizado","da":"Mini bolter Short bomuld organisk stbk102 personaliseret","pl":"Mini bolter Short bawe\u0142niany ekologiczny stbk102 spersonalizowany"},"meta_description":{"fr":"Short en coton biologique pour enfant, id\u00e9al pour la personnalisation en broderie. Confortable et durable, parfait pour afficher votre logo ou visuel.","en":"Kids cotton organic short, ideal for embroidery customization. Comfortable and durable, perfect for displaying your logo or design.","de":"Kindershort aus Bio-Baumwolle, ideal f\u00fcr die Personalisierung durch Stickerei. Bequem und langlebig, perfekt, um Ihr Logo oder Ihr Bild zu pr\u00e4sentieren.","nl":"Katoenen shorts voor kinderen, ideaal voor het personaliseren door borduren. Comfortabel en duurzaam, perfect voor het tonen van uw logo of visuele element.","es":"Short de algod\u00f3n biol\u00f3gico para ni\u00f1o, ideal para la personalizaci\u00f3n en bordado. C\u00f3modo y duradero, perfecto para mostrar su logo o dise\u00f1o.","it":"Short in cotone biologico per bambino, ideale per la personalizzazione con ricamo. Confortevole e durevole, perfetto per mostrare il vostro logo o visual.","sv":"Short i biologisk bomull f\u00f6r barn, idealisk f\u00f6r personlighet med broderi. Bekv\u00e4mt och h\u00e5llbart, perfekt f\u00f6r att visa ditt logotyp eller visuellt.","pt":"Short de algod\u00e3o org\u00e2nico para crian\u00e7a, ideal para personaliza\u00e7\u00e3o em bordado. Confort\u00e1vel e dur\u00e1vel, perfeito para exibir seu logo ou visual.","da":"Short i bomuld organisk til b\u00f8rn, ideel til personligg\u00f8relse ved broderi. Komfortabel og holdbar, perfekt til at vise dit logo eller visuel.","pl":"Short bawe\u0142niany ekologiczny dla dzieci, idealny do personalizacji haftem. Komfortowy i trwa\u0142y, idealny do wy\u015bwietlania swojego logo lub wizualizacji."}}},"categories":[{"id":76,"name":"Shorts","singular":"Short","is_feminin":false},{"id":498,"name":"Pantalons et shorts","singular":"Pantalon, short","is_feminin":false},{"id":354,"name":"Textile","singular":"Textile","is_feminin":false}],"certifications":[{"id":1,"label":"OEKO-TEX 100","logo_link":"\/images\/certifications\/1_OEKO-TEX_100.jpg","is_marking_compatible":false},{"id":2,"label":"Fair Wear","logo_link":"\/images\/certifications\/2_Fair_Wear.jpg","is_marking_compatible":false},{"id":3,"label":"PETA","logo_link":"\/images\/certifications\/3_PETA.jpg","is_marking_compatible":false},{"id":6,"label":"G.O.T.S.","logo_link":"\/images\/certifications\/6_GOTS.jpg","is_marking_compatible":false}],"videos":{"fr":[],"en":[],"de":[],"nl":[],"es":[],"it":[],"sv":[],"pt":[],"da":[],"pl":[]},"main_images":{"miniature":"https:\/\/media.th4.com\/LYwU6SjkeeJ-CJAevZNMLfTC89Lk2DNAKLzhh6l2CO4\/pr:80\/aHR0cDovL21lZGlhMi5kZXNpZ25wYXJ0bmVyLmZyL2MvcC1ibGFuay1USC8xOTYwMC53ZWJw?v=1747032562","medium":"https:\/\/media.th4.com\/yictnBo8J4QURSoDntCqZFsvKYBPeTEEZ9fskLHTbFk\/pr:550x550greybg\/aHR0cDovL21lZGlhMi5kZXNpZ25wYXJ0bmVyLmZyL2MvcC1ibGFuay1USC8xOTYwMC53ZWJw?v=1747032562","medium_large":"https:\/\/media.th4.com\/iTuIHky3UXx2Hv6SmXTRh-MacShj4gGZmXgWeUUO8EU\/pr:1000x1000greybg\/aHR0cDovL21lZGlhMi5kZXNpZ25wYXJ0bmVyLmZyL2MvcC1ibGFuay1USC8xOTYwMC53ZWJw?v=1747032562","large":"https:\/\/media.th4.com\/iXo-RRwFiXKQiPGM8vlcz1QzT0NOcnEQHTc5KzowSDo\/pr:1920greybg\/aHR0cDovL21lZGlhMi5kZXNpZ25wYXJ0bmVyLmZyL2MvcC1ibGFuay1USC8xOTYwMC53ZWJw?v=1747032562","opengraph":"https:\/\/media.th4.com\/6qpRWFbsI-8RJQVdoYyAh-rqHx45X4EhUyXu1Fmd1CI\/pr:1200x630greybg\/aHR0cDovL21lZGlhMi5kZXNpZ25wYXJ0bmVyLmZyL2MvcC1ibGFuay1USC8xOTYwMC53ZWJw?v=1747032562"},"main_images_customization":{"miniature":"https:\/\/media.th4.com\/uySLVxYRJxMKJmQHv1wlb7IGLRi_cic8euAroKcgnQg\/pr:80\/aHR0cDovL21lZGlhMi5kZXNpZ25wYXJ0bmVyLmZyL2MvcC1jdXN0b20tVEgvMTk2MDAud2VicA?v=1747032567","medium":"https:\/\/media.th4.com\/OWIwPrSDhdj4znDu2VglbwEog-mlhx7E8N-cZrdUonI\/pr:550x550greybg\/aHR0cDovL21lZGlhMi5kZXNpZ25wYXJ0bmVyLmZyL2MvcC1jdXN0b20tVEgvMTk2MDAud2VicA?v=1747032567","medium_large":"https:\/\/media.th4.com\/2tpX3IwAPXeJaWtci_AwsT8w4SvT19rLrzOBYrQBxcE\/pr:1000x1000greybg\/aHR0cDovL21lZGlhMi5kZXNpZ25wYXJ0bmVyLmZyL2MvcC1jdXN0b20tVEgvMTk2MDAud2VicA?v=1747032567","large":"https:\/\/media.th4.com\/hMGA0knrWpzT7NolSvIw4JPTUlDje8snGX-t9_MBmhE\/pr:1920greybg\/aHR0cDovL21lZGlhMi5kZXNpZ25wYXJ0bmVyLmZyL2MvcC1jdXN0b20tVEgvMTk2MDAud2VicA?v=1747032567","opengraph":"https:\/\/media.th4.com\/M3xTCsTSPsDkRPa3Q_OeSC0lfosKDCL-Nk9lhkUhr3E\/pr:1200x630greybg\/aHR0cDovL21lZGlhMi5kZXNpZ25wYXJ0bmVyLmZyL2MvcC1jdXN0b20tVEgvMTk2MDAud2VicA?v=1747032567"},"page_links":{"fr":"\/fr\/p-st-stbk102-mini-bolter-short-coton-biologique-stbk102-19600\/","en":"\/en\/p-st-stbk102-mini-bolter-organic-cotton-shorts-stbk102-19600\/","de":"\/de\/p-st-stbk102-mini-bolter-short-bio-baumwolle-stbk102-19600\/","nl":"\/nl\/p-st-stbk102-mini-bolter-coton-biologische-short-stbk102-19600\/","es":"\/es\/p-st-stbk102-short-de-mini-bolter-de-algodon-organico-stbk102-19600\/","it":"\/it\/p-st-stbk102-mini-bolter-short-in-cotone-biologico-stbk102-19600\/","sv":"\/sv\/p-st-stbk102-mini-bolter-korta-byxor-i-biologiskt-bomull-stbk102-19600\/","pt":"\/pt\/p-st-stbk102-mini-bolter-short-algodao-biologico-stbk102-19600\/","da":"\/da\/p-st-stbk102-mini-bolter-kort-af-okologisk-bomuld-stbk102-19600\/","pl":"\/pl\/p-st-stbk102-mini-bolter-short-bawelniany-organiczny-stbk102-19600\/"},"page_links_customization":{"fr":"\/fr\/p-st-stbk102-mini-bolter-short-coton-biologique-stbk102-personnalise-19600\/custom\/","en":"\/en\/p-st-stbk102-mini-bolter-cotton-organic-short-stbk102-custom-19600\/custom\/","de":"\/de\/p-st-stbk102-mini-bolter-short-baumwolle-bio-stbk102-personalisiert-19600\/custom\/","nl":"\/nl\/p-st-stbk102-mini-bolter-katoenen-shorts-biologische-stbk102-aangepast-19600\/custom\/","es":"\/es\/p-st-stbk102-mini-bolter-short-de-algodon-biologico-stbk102-personalizado-19600\/custom\/","it":"\/it\/p-st-stbk102-mini-bolter-short-cotone-biologico-stbk102-personalizzato-19600\/custom\/","sv":"\/sv\/p-st-stbk102-mini-bolter-short-bomullsstallbar-stbk102-19600\/custom\/","pt":"\/pt\/p-st-stbk102-mini-bolter-short-de-algodao-organico-stbk102-personalizado-19600\/custom\/","da":"\/da\/p-st-stbk102-mini-bolter-short-bomuld-organisk-stbk102-personaliseret-19600\/custom\/","pl":"\/pl\/p-st-stbk102-mini-bolter-short-bawelniany-ekologiczny-stbk102-spersonalizowany-19600\/custom\/"},"equivalent_products":[],"colors":[{"id":23853,"name":"natural_raw","class_ids":[8],"codes_hexa":["EAE1D1"],"delai_24":false,"has_3d":false,"seuil_global":0,"stock_local":0,"stock_global":967,"on_standby":false,"in_catalog":true,"images":{"miniature":["https:\/\/media.th4.com\/tHJgWiRfOlEsHUDgJPy0Oa_2s28PxKxMdx96ffTksaw\/pr:80\/aHR0cDovL21lZGlhMi5kZXNpZ25wYXJ0bmVyLmZyL2MvcC8xOTYwMC8xOTYwMC0yMzg1My0xLndlYnA?v=1747032469","https:\/\/media.th4.com\/FuKfs9UTccTh8PFo3S6gvtABw0ovPY2lNY-v_uKwQWk\/pr:80\/aHR0cDovL21lZGlhMi5kZXNpZ25wYXJ0bmVyLmZyL2MvcC8xOTYwMC8xOTYwMC0yMzg1My0yLndlYnA?v=1747032469"],"medium":["https:\/\/media.th4.com\/S3rUfIkmKYAtQq8W6seTmYvzTg9v4YsWPiOEQOqAyt0\/pr:550x550\/aHR0cDovL21lZGlhMi5kZXNpZ25wYXJ0bmVyLmZyL2MvcC8xOTYwMC8xOTYwMC0yMzg1My0xLndlYnA?v=1747032469","https:\/\/media.th4.com\/ghTNNbCNxhhx4hHJex5fDhPZ_ZJOtYdZ6nmjgYNi-jI\/pr:550x550\/aHR0cDovL21lZGlhMi5kZXNpZ25wYXJ0bmVyLmZyL2MvcC8xOTYwMC8xOTYwMC0yMzg1My0yLndlYnA?v=1747032469"],"medium_large":["https:\/\/media.th4.com\/kSHSk3WKcLVW5uDzaeBSP72Xvr2Q3Kfw7A3-59GzVZU\/pr:1000x1000\/aHR0cDovL21lZGlhMi5kZXNpZ25wYXJ0bmVyLmZyL2MvcC8xOTYwMC8xOTYwMC0yMzg1My0xLndlYnA?v=1747032469","https:\/\/media.th4.com\/1A7rkocvY6FqY2JQJ6aRlkUQgbnnHvEYWfm1oxK08Ww\/pr:1000x1000\/aHR0cDovL21lZGlhMi5kZXNpZ25wYXJ0bmVyLmZyL2MvcC8xOTYwMC8xOTYwMC0yMzg1My0yLndlYnA?v=1747032469"],"large":["https:\/\/media.th4.com\/g9A7KQsbaY-ru86LGBIyh0KT1eq3MpA8BSF0rrLTrrQ\/pr:1920\/aHR0cDovL21lZGlhMi5kZXNpZ25wYXJ0bmVyLmZyL2MvcC8xOTYwMC8xOTYwMC0yMzg1My0xLndlYnA?v=1747032469","https:\/\/media.th4.com\/mICr2zWrcHa5R2tAecib81RfZoQBgRCAtZL638aK3dc\/pr:1920\/aHR0cDovL21lZGlhMi5kZXNpZ25wYXJ0bmVyLmZyL2MvcC8xOTYwMC8xOTYwMC0yMzg1My0yLndlYnA?v=1747032469"],"opengraph":["https:\/\/media.th4.com\/gdK7mWJjlTh56_QcPRx4kb3LhmJ3xI6VH4cw6zWdagQ\/pr:1200x630\/aHR0cDovL21lZGlhMi5kZXNpZ25wYXJ0bmVyLmZyL2MvcC8xOTYwMC8xOTYwMC0yMzg1My0xLndlYnA?v=1747032469","https:\/\/media.th4.com\/mhWKKh97Uvpw3TY9HqFTsxCQLj79VShCp62U6PVIcEc\/pr:1200x630\/aHR0cDovL21lZGlhMi5kZXNpZ25wYXJ0bmVyLmZyL2MvcC8xOTYwMC8xOTYwMC0yMzg1My0yLndlYnA?v=1747032469"]},"images_customization":{"miniature":["https:\/\/media.th4.com\/tHJgWiRfOlEsHUDgJPy0Oa_2s28PxKxMdx96ffTksaw\/pr:80\/aHR0cDovL21lZGlhMi5kZXNpZ25wYXJ0bmVyLmZyL2MvcC8xOTYwMC8xOTYwMC0yMzg1My0xLndlYnA?v=1747032469","https:\/\/media.th4.com\/FuKfs9UTccTh8PFo3S6gvtABw0ovPY2lNY-v_uKwQWk\/pr:80\/aHR0cDovL21lZGlhMi5kZXNpZ25wYXJ0bmVyLmZyL2MvcC8xOTYwMC8xOTYwMC0yMzg1My0yLndlYnA?v=1747032469"],"medium":["https:\/\/media.th4.com\/S3rUfIkmKYAtQq8W6seTmYvzTg9v4YsWPiOEQOqAyt0\/pr:550x550\/aHR0cDovL21lZGlhMi5kZXNpZ25wYXJ0bmVyLmZyL2MvcC8xOTYwMC8xOTYwMC0yMzg1My0xLndlYnA?v=1747032469","https:\/\/media.th4.com\/ghTNNbCNxhhx4hHJex5fDhPZ_ZJOtYdZ6nmjgYNi-jI\/pr:550x550\/aHR0cDovL21lZGlhMi5kZXNpZ25wYXJ0bmVyLmZyL2MvcC8xOTYwMC8xOTYwMC0yMzg1My0yLndlYnA?v=1747032469"],"medium_large":["https:\/\/media.th4.com\/kSHSk3WKcLVW5uDzaeBSP72Xvr2Q3Kfw7A3-59GzVZU\/pr:1000x1000\/aHR0cDovL21lZGlhMi5kZXNpZ25wYXJ0bmVyLmZyL2MvcC8xOTYwMC8xOTYwMC0yMzg1My0xLndlYnA?v=1747032469","https:\/\/media.th4.com\/1A7rkocvY6FqY2JQJ6aRlkUQgbnnHvEYWfm1oxK08Ww\/pr:1000x1000\/aHR0cDovL21lZGlhMi5kZXNpZ25wYXJ0bmVyLmZyL2MvcC8xOTYwMC8xOTYwMC0yMzg1My0yLndlYnA?v=1747032469"],"large":["https:\/\/media.th4.com\/g9A7KQsbaY-ru86LGBIyh0KT1eq3MpA8BSF0rrLTrrQ\/pr:1920\/aHR0cDovL21lZGlhMi5kZXNpZ25wYXJ0bmVyLmZyL2MvcC8xOTYwMC8xOTYwMC0yMzg1My0xLndlYnA?v=1747032469","https:\/\/media.th4.com\/mICr2zWrcHa5R2tAecib81RfZoQBgRCAtZL638aK3dc\/pr:1920\/aHR0cDovL21lZGlhMi5kZXNpZ25wYXJ0bmVyLmZyL2MvcC8xOTYwMC8xOTYwMC0yMzg1My0yLndlYnA?v=1747032469"],"opengraph":["https:\/\/media.th4.com\/gdK7mWJjlTh56_QcPRx4kb3LhmJ3xI6VH4cw6zWdagQ\/pr:1200x630\/aHR0cDovL21lZGlhMi5kZXNpZ25wYXJ0bmVyLmZyL2MvcC8xOTYwMC8xOTYwMC0yMzg1My0xLndlYnA?v=1747032469","https:\/\/media.th4.com\/mhWKKh97Uvpw3TY9HqFTsxCQLj79VShCp62U6PVIcEc\/pr:1200x630\/aHR0cDovL21lZGlhMi5kZXNpZ25wYXJ0bmVyLmZyL2MvcC8xOTYwMC8xOTYwMC0yMzg1My0yLndlYnA?v=1747032469"]},"country_origin":"BD","traceability":{"manufacturing_country_id":59,"weaving_country_id":59,"dyeing_country_id":59},"sizes":[{"id":20,"article_id":490206,"class_id":13,"name":"3\/4ans","on_standby":false,"stock_local":0,"stock_global":37,"multiple":1,"estimated_date_reassort":null,"is_destocking":false},{"id":22,"article_id":490207,"class_id":14,"name":"5\/6ans","on_standby":false,"stock_local":0,"stock_global":66,"multiple":1,"estimated_date_reassort":null,"is_destocking":false},{"id":532,"article_id":490208,"class_id":15,"name":"7\/8ans","on_standby":false,"stock_local":0,"stock_global":419,"multiple":1,"estimated_date_reassort":null,"is_destocking":false},{"id":533,"article_id":490209,"class_id":16,"name":"9\/11ans","on_standby":false,"stock_local":0,"stock_global":9,"multiple":1,"estimated_date_reassort":null,"is_destocking":false},{"id":534,"article_id":490210,"class_id":17,"name":"12\/13ans","on_standby":false,"stock_local":0,"stock_global":436,"multiple":1,"estimated_date_reassort":null,"is_destocking":false}],"page_links":{"fr":"\/fr\/p-st-stbk102-mini-bolter-short-coton-biologique-stbk102-19600\/natural-raw-23853\/","en":"\/en\/p-st-stbk102-mini-bolter-organic-cotton-shorts-stbk102-19600\/natural-raw-23853\/","de":"\/de\/p-st-stbk102-mini-bolter-short-bio-baumwolle-stbk102-19600\/natural-raw-23853\/","nl":"\/nl\/p-st-stbk102-mini-bolter-coton-biologische-short-stbk102-19600\/natural-raw-23853\/","es":"\/es\/p-st-stbk102-short-de-mini-bolter-de-algodon-organico-stbk102-19600\/natural-raw-23853\/","it":"\/it\/p-st-stbk102-mini-bolter-short-in-cotone-biologico-stbk102-19600\/natural-raw-23853\/","sv":"\/sv\/p-st-stbk102-mini-bolter-korta-byxor-i-biologiskt-bomull-stbk102-19600\/natural-raw-23853\/","pt":"\/pt\/p-st-stbk102-mini-bolter-short-algodao-biologico-stbk102-19600\/natural-raw-23853\/","da":"\/da\/p-st-stbk102-mini-bolter-kort-af-okologisk-bomuld-stbk102-19600\/natural-raw-23853\/","pl":"\/pl\/p-st-stbk102-mini-bolter-short-bawelniany-organiczny-stbk102-19600\/natural-raw-23853\/"},"page_links_customization":{"fr":"\/fr\/p-st-stbk102-mini-bolter-short-coton-biologique-stbk102-personnalise-19600\/natural-raw-23853\/custom\/","en":"\/en\/p-st-stbk102-mini-bolter-cotton-organic-short-stbk102-custom-19600\/natural-raw-23853\/custom\/","de":"\/de\/p-st-stbk102-mini-bolter-short-baumwolle-bio-stbk102-personalisiert-19600\/natural-raw-23853\/custom\/","nl":"\/nl\/p-st-stbk102-mini-bolter-katoenen-shorts-biologische-stbk102-aangepast-19600\/natural-raw-23853\/custom\/","es":"\/es\/p-st-stbk102-mini-bolter-short-de-algodon-biologico-stbk102-personalizado-19600\/natural-raw-23853\/custom\/","it":"\/it\/p-st-stbk102-mini-bolter-short-cotone-biologico-stbk102-personalizzato-19600\/natural-raw-23853\/custom\/","sv":"\/sv\/p-st-stbk102-mini-bolter-short-bomullsstallbar-stbk102-19600\/natural-raw-23853\/custom\/","pt":"\/pt\/p-st-stbk102-mini-bolter-short-de-algodao-organico-stbk102-personalizado-19600\/natural-raw-23853\/custom\/","da":"\/da\/p-st-stbk102-mini-bolter-short-bomuld-organisk-stbk102-personaliseret-19600\/natural-raw-23853\/custom\/","pl":"\/pl\/p-st-stbk102-mini-bolter-short-bawelniany-ekologiczny-stbk102-spersonalizowany-19600\/natural-raw-23853\/custom\/"}},{"id":14422,"name":"black","class_ids":[4],"codes_hexa":["333338"],"delai_24":false,"has_3d":false,"seuil_global":0,"stock_local":0,"stock_global":594,"on_standby":false,"in_catalog":true,"images":{"miniature":["https:\/\/media.th4.com\/S5tAqEwYLyOWgPbcnHLXZl72VCUI3QUrDdd2eGmPA_Q\/pr:80\/aHR0cDovL21lZGlhMi5kZXNpZ25wYXJ0bmVyLmZyL2MvcC8xOTYwMC8xOTYwMC0xNDQyMi0xLndlYnA?v=1747032469","https:\/\/media.th4.com\/vegFqNcVcjSGdsbIP0Sv9D-ob1fqsmRS9zz5denGntQ\/pr:80\/aHR0cDovL21lZGlhMi5kZXNpZ25wYXJ0bmVyLmZyL2MvcC8xOTYwMC8xOTYwMC0xNDQyMi0yLndlYnA?v=1747032469"],"medium":["https:\/\/media.th4.com\/OZv0T3_cHGRfMXbfZImF2V9Bd4sOFmwdB0FTJIBm-6E\/pr:550x550\/aHR0cDovL21lZGlhMi5kZXNpZ25wYXJ0bmVyLmZyL2MvcC8xOTYwMC8xOTYwMC0xNDQyMi0xLndlYnA?v=1747032469","https:\/\/media.th4.com\/Q2vk_UKku0SOGJvamj8ag2cXBI6ixdYWe-69TOTIE-U\/pr:550x550\/aHR0cDovL21lZGlhMi5kZXNpZ25wYXJ0bmVyLmZyL2MvcC8xOTYwMC8xOTYwMC0xNDQyMi0yLndlYnA?v=1747032469"],"medium_large":["https:\/\/media.th4.com\/e14ZWfz8Qr9ZMTkbnsrvLUj5XvNC3W6Mj-vF2_hZcgk\/pr:1000x1000\/aHR0cDovL21lZGlhMi5kZXNpZ25wYXJ0bmVyLmZyL2MvcC8xOTYwMC8xOTYwMC0xNDQyMi0xLndlYnA?v=1747032469","https:\/\/media.th4.com\/GCPinQSeZyWzuh06NwkEXuTvYK4bHQOvwDUA5QSAxTc\/pr:1000x1000\/aHR0cDovL21lZGlhMi5kZXNpZ25wYXJ0bmVyLmZyL2MvcC8xOTYwMC8xOTYwMC0xNDQyMi0yLndlYnA?v=1747032469"],"large":["https:\/\/media.th4.com\/YMIKVyX98_LKN4fT-sb6mSS178nfzYxfzK7i2kYzmNk\/pr:1920\/aHR0cDovL21lZGlhMi5kZXNpZ25wYXJ0bmVyLmZyL2MvcC8xOTYwMC8xOTYwMC0xNDQyMi0xLndlYnA?v=1747032469","https:\/\/media.th4.com\/7sWhbDZLOTtcKvEYK0jLKg6I_hu2uzl_kcEctBzC7Ec\/pr:1920\/aHR0cDovL21lZGlhMi5kZXNpZ25wYXJ0bmVyLmZyL2MvcC8xOTYwMC8xOTYwMC0xNDQyMi0yLndlYnA?v=1747032469"],"opengraph":["https:\/\/media.th4.com\/_beOXtgC1jahD6wfg7Enw7y3qGfAh_rHubDOJpQ5GRw\/pr:1200x630\/aHR0cDovL21lZGlhMi5kZXNpZ25wYXJ0bmVyLmZyL2MvcC8xOTYwMC8xOTYwMC0xNDQyMi0xLndlYnA?v=1747032469","https:\/\/media.th4.com\/jjaiUONmlbCvCgs5fmTU6Q1fjYubjHfHEkuae6ZX-E8\/pr:1200x630\/aHR0cDovL21lZGlhMi5kZXNpZ25wYXJ0bmVyLmZyL2MvcC8xOTYwMC8xOTYwMC0xNDQyMi0yLndlYnA?v=1747032469"]},"images_customization":{"miniature":["https:\/\/media.th4.com\/S5tAqEwYLyOWgPbcnHLXZl72VCUI3QUrDdd2eGmPA_Q\/pr:80\/aHR0cDovL21lZGlhMi5kZXNpZ25wYXJ0bmVyLmZyL2MvcC8xOTYwMC8xOTYwMC0xNDQyMi0xLndlYnA?v=1747032469","https:\/\/media.th4.com\/vegFqNcVcjSGdsbIP0Sv9D-ob1fqsmRS9zz5denGntQ\/pr:80\/aHR0cDovL21lZGlhMi5kZXNpZ25wYXJ0bmVyLmZyL2MvcC8xOTYwMC8xOTYwMC0xNDQyMi0yLndlYnA?v=1747032469"],"medium":["https:\/\/media.th4.com\/OZv0T3_cHGRfMXbfZImF2V9Bd4sOFmwdB0FTJIBm-6E\/pr:550x550\/aHR0cDovL21lZGlhMi5kZXNpZ25wYXJ0bmVyLmZyL2MvcC8xOTYwMC8xOTYwMC0xNDQyMi0xLndlYnA?v=1747032469","https:\/\/media.th4.com\/Q2vk_UKku0SOGJvamj8ag2cXBI6ixdYWe-69TOTIE-U\/pr:550x550\/aHR0cDovL21lZGlhMi5kZXNpZ25wYXJ0bmVyLmZyL2MvcC8xOTYwMC8xOTYwMC0xNDQyMi0yLndlYnA?v=1747032469"],"medium_large":["https:\/\/media.th4.com\/e14ZWfz8Qr9ZMTkbnsrvLUj5XvNC3W6Mj-vF2_hZcgk\/pr:1000x1000\/aHR0cDovL21lZGlhMi5kZXNpZ25wYXJ0bmVyLmZyL2MvcC8xOTYwMC8xOTYwMC0xNDQyMi0xLndlYnA?v=1747032469","https:\/\/media.th4.com\/GCPinQSeZyWzuh06NwkEXuTvYK4bHQOvwDUA5QSAxTc\/pr:1000x1000\/aHR0cDovL21lZGlhMi5kZXNpZ25wYXJ0bmVyLmZyL2MvcC8xOTYwMC8xOTYwMC0xNDQyMi0yLndlYnA?v=1747032469"],"large":["https:\/\/media.th4.com\/YMIKVyX98_LKN4fT-sb6mSS178nfzYxfzK7i2kYzmNk\/pr:1920\/aHR0cDovL21lZGlhMi5kZXNpZ25wYXJ0bmVyLmZyL2MvcC8xOTYwMC8xOTYwMC0xNDQyMi0xLndlYnA?v=1747032469","https:\/\/media.th4.com\/7sWhbDZLOTtcKvEYK0jLKg6I_hu2uzl_kcEctBzC7Ec\/pr:1920\/aHR0cDovL21lZGlhMi5kZXNpZ25wYXJ0bmVyLmZyL2MvcC8xOTYwMC8xOTYwMC0xNDQyMi0yLndlYnA?v=1747032469"],"opengraph":["https:\/\/media.th4.com\/_beOXtgC1jahD6wfg7Enw7y3qGfAh_rHubDOJpQ5GRw\/pr:1200x630\/aHR0cDovL21lZGlhMi5kZXNpZ25wYXJ0bmVyLmZyL2MvcC8xOTYwMC8xOTYwMC0xNDQyMi0xLndlYnA?v=1747032469","https:\/\/media.th4.com\/jjaiUONmlbCvCgs5fmTU6Q1fjYubjHfHEkuae6ZX-E8\/pr:1200x630\/aHR0cDovL21lZGlhMi5kZXNpZ25wYXJ0bmVyLmZyL2MvcC8xOTYwMC8xOTYwMC0xNDQyMi0yLndlYnA?v=1747032469"]},"country_origin":"BD","traceability":{"manufacturing_country_id":59,"weaving_country_id":59,"dyeing_country_id":59},"sizes":[{"id":20,"article_id":490196,"class_id":13,"name":"3\/4ans","on_standby":false,"stock_local":0,"stock_global":41,"multiple":1,"estimated_date_reassort":null,"is_destocking":false},{"id":22,"article_id":490197,"class_id":14,"name":"5\/6ans","on_standby":false,"stock_local":0,"stock_global":44,"multiple":1,"estimated_date_reassort":null,"is_destocking":false},{"id":532,"article_id":490198,"class_id":15,"name":"7\/8ans","on_standby":false,"stock_local":0,"stock_global":27,"multiple":1,"estimated_date_reassort":null,"is_destocking":false},{"id":533,"article_id":490199,"class_id":16,"name":"9\/11ans","on_standby":false,"stock_local":0,"stock_global":76,"multiple":1,"estimated_date_reassort":null,"is_destocking":false},{"id":534,"article_id":490200,"class_id":17,"name":"12\/13ans","on_standby":false,"stock_local":0,"stock_global":406,"multiple":1,"estimated_date_reassort":null,"is_destocking":false}],"page_links":{"fr":"\/fr\/p-st-stbk102-mini-bolter-short-coton-biologique-stbk102-19600\/black-14422\/","en":"\/en\/p-st-stbk102-mini-bolter-organic-cotton-shorts-stbk102-19600\/black-14422\/","de":"\/de\/p-st-stbk102-mini-bolter-short-bio-baumwolle-stbk102-19600\/black-14422\/","nl":"\/nl\/p-st-stbk102-mini-bolter-coton-biologische-short-stbk102-19600\/black-14422\/","es":"\/es\/p-st-stbk102-short-de-mini-bolter-de-algodon-organico-stbk102-19600\/black-14422\/","it":"\/it\/p-st-stbk102-mini-bolter-short-in-cotone-biologico-stbk102-19600\/black-14422\/","sv":"\/sv\/p-st-stbk102-mini-bolter-korta-byxor-i-biologiskt-bomull-stbk102-19600\/black-14422\/","pt":"\/pt\/p-st-stbk102-mini-bolter-short-algodao-biologico-stbk102-19600\/black-14422\/","da":"\/da\/p-st-stbk102-mini-bolter-kort-af-okologisk-bomuld-stbk102-19600\/black-14422\/","pl":"\/pl\/p-st-stbk102-mini-bolter-short-bawelniany-organiczny-stbk102-19600\/black-14422\/"},"page_links_customization":{"fr":"\/fr\/p-st-stbk102-mini-bolter-short-coton-biologique-stbk102-personnalise-19600\/black-14422\/custom\/","en":"\/en\/p-st-stbk102-mini-bolter-cotton-organic-short-stbk102-custom-19600\/black-14422\/custom\/","de":"\/de\/p-st-stbk102-mini-bolter-short-baumwolle-bio-stbk102-personalisiert-19600\/black-14422\/custom\/","nl":"\/nl\/p-st-stbk102-mini-bolter-katoenen-shorts-biologische-stbk102-aangepast-19600\/black-14422\/custom\/","es":"\/es\/p-st-stbk102-mini-bolter-short-de-algodon-biologico-stbk102-personalizado-19600\/black-14422\/custom\/","it":"\/it\/p-st-stbk102-mini-bolter-short-cotone-biologico-stbk102-personalizzato-19600\/black-14422\/custom\/","sv":"\/sv\/p-st-stbk102-mini-bolter-short-bomullsstallbar-stbk102-19600\/black-14422\/custom\/","pt":"\/pt\/p-st-stbk102-mini-bolter-short-de-algodao-organico-stbk102-personalizado-19600\/black-14422\/custom\/","da":"\/da\/p-st-stbk102-mini-bolter-short-bomuld-organisk-stbk102-personaliseret-19600\/black-14422\/custom\/","pl":"\/pl\/p-st-stbk102-mini-bolter-short-bawelniany-ekologiczny-stbk102-spersonalizowany-19600\/black-14422\/custom\/"}},{"id":14425,"name":"french_navy","class_ids":[2],"codes_hexa":["383048"],"delai_24":false,"has_3d":false,"seuil_global":0,"stock_local":0,"stock_global":448,"on_standby":false,"in_catalog":true,"images":{"miniature":["https:\/\/media.th4.com\/6YLL3zhT2Pa80tn6Ang8aaVWOI3pV9m73F9XgX_3y_Q\/pr:80\/aHR0cDovL21lZGlhMi5kZXNpZ25wYXJ0bmVyLmZyL2MvcC8xOTYwMC8xOTYwMC0xNDQyNS0xLndlYnA?v=1747032469","https:\/\/media.th4.com\/lraJM-JLZxZN79RGmwMvbyDqjmOj2QLlYbdqnt-CaS4\/pr:80\/aHR0cDovL21lZGlhMi5kZXNpZ25wYXJ0bmVyLmZyL2MvcC8xOTYwMC8xOTYwMC0xNDQyNS0yLndlYnA?v=1747032469"],"medium":["https:\/\/media.th4.com\/c7xSswE9zZ37aCOheII49oMLT2yYBHtzPcbMYzQxbgc\/pr:550x550\/aHR0cDovL21lZGlhMi5kZXNpZ25wYXJ0bmVyLmZyL2MvcC8xOTYwMC8xOTYwMC0xNDQyNS0xLndlYnA?v=1747032469","https:\/\/media.th4.com\/jAluPfrnhTgp9Dl1kBiGJdR9odPIMYTyrIZNBTPXvu8\/pr:550x550\/aHR0cDovL21lZGlhMi5kZXNpZ25wYXJ0bmVyLmZyL2MvcC8xOTYwMC8xOTYwMC0xNDQyNS0yLndlYnA?v=1747032469"],"medium_large":["https:\/\/media.th4.com\/5w83kuXnrp0aPEWuqg-7ay4UD0u0CxkIUGGrpKU9gxw\/pr:1000x1000\/aHR0cDovL21lZGlhMi5kZXNpZ25wYXJ0bmVyLmZyL2MvcC8xOTYwMC8xOTYwMC0xNDQyNS0xLndlYnA?v=1747032469","https:\/\/media.th4.com\/pehM32aReKaYcWQmfRhjA9dDduxRL6jOYsuiRpWPO0Q\/pr:1000x1000\/aHR0cDovL21lZGlhMi5kZXNpZ25wYXJ0bmVyLmZyL2MvcC8xOTYwMC8xOTYwMC0xNDQyNS0yLndlYnA?v=1747032469"],"large":["https:\/\/media.th4.com\/NKL_mlikFTVhGpFTqOZfuWB9hnPSewaNS4sDH6UgjR4\/pr:1920\/aHR0cDovL21lZGlhMi5kZXNpZ25wYXJ0bmVyLmZyL2MvcC8xOTYwMC8xOTYwMC0xNDQyNS0xLndlYnA?v=1747032469","https:\/\/media.th4.com\/kHqndp8jwFwcCqg_94NUzWzqZmuqbZSg4RgmdNPiCmQ\/pr:1920\/aHR0cDovL21lZGlhMi5kZXNpZ25wYXJ0bmVyLmZyL2MvcC8xOTYwMC8xOTYwMC0xNDQyNS0yLndlYnA?v=1747032469"],"opengraph":["https:\/\/media.th4.com\/GQUgT1myPo2Llfoli4xhEdmaKShkcazVrqdbLuaoyG4\/pr:1200x630\/aHR0cDovL21lZGlhMi5kZXNpZ25wYXJ0bmVyLmZyL2MvcC8xOTYwMC8xOTYwMC0xNDQyNS0xLndlYnA?v=1747032469","https:\/\/media.th4.com\/uQ1ko_on49W9cA4ZilhhK-Mwd2TeLtgZfZFSY7P12Yw\/pr:1200x630\/aHR0cDovL21lZGlhMi5kZXNpZ25wYXJ0bmVyLmZyL2MvcC8xOTYwMC8xOTYwMC0xNDQyNS0yLndlYnA?v=1747032469"]},"images_customization":{"miniature":["https:\/\/media.th4.com\/6YLL3zhT2Pa80tn6Ang8aaVWOI3pV9m73F9XgX_3y_Q\/pr:80\/aHR0cDovL21lZGlhMi5kZXNpZ25wYXJ0bmVyLmZyL2MvcC8xOTYwMC8xOTYwMC0xNDQyNS0xLndlYnA?v=1747032469","https:\/\/media.th4.com\/lraJM-JLZxZN79RGmwMvbyDqjmOj2QLlYbdqnt-CaS4\/pr:80\/aHR0cDovL21lZGlhMi5kZXNpZ25wYXJ0bmVyLmZyL2MvcC8xOTYwMC8xOTYwMC0xNDQyNS0yLndlYnA?v=1747032469"],"medium":["https:\/\/media.th4.com\/c7xSswE9zZ37aCOheII49oMLT2yYBHtzPcbMYzQxbgc\/pr:550x550\/aHR0cDovL21lZGlhMi5kZXNpZ25wYXJ0bmVyLmZyL2MvcC8xOTYwMC8xOTYwMC0xNDQyNS0xLndlYnA?v=1747032469","https:\/\/media.th4.com\/jAluPfrnhTgp9Dl1kBiGJdR9odPIMYTyrIZNBTPXvu8\/pr:550x550\/aHR0cDovL21lZGlhMi5kZXNpZ25wYXJ0bmVyLmZyL2MvcC8xOTYwMC8xOTYwMC0xNDQyNS0yLndlYnA?v=1747032469"],"medium_large":["https:\/\/media.th4.com\/5w83kuXnrp0aPEWuqg-7ay4UD0u0CxkIUGGrpKU9gxw\/pr:1000x1000\/aHR0cDovL21lZGlhMi5kZXNpZ25wYXJ0bmVyLmZyL2MvcC8xOTYwMC8xOTYwMC0xNDQyNS0xLndlYnA?v=1747032469","https:\/\/media.th4.com\/pehM32aReKaYcWQmfRhjA9dDduxRL6jOYsuiRpWPO0Q\/pr:1000x1000\/aHR0cDovL21lZGlhMi5kZXNpZ25wYXJ0bmVyLmZyL2MvcC8xOTYwMC8xOTYwMC0xNDQyNS0yLndlYnA?v=1747032469"],"large":["https:\/\/media.th4.com\/NKL_mlikFTVhGpFTqOZfuWB9hnPSewaNS4sDH6UgjR4\/pr:1920\/aHR0cDovL21lZGlhMi5kZXNpZ25wYXJ0bmVyLmZyL2MvcC8xOTYwMC8xOTYwMC0xNDQyNS0xLndlYnA?v=1747032469","https:\/\/media.th4.com\/kHqndp8jwFwcCqg_94NUzWzqZmuqbZSg4RgmdNPiCmQ\/pr:1920\/aHR0cDovL21lZGlhMi5kZXNpZ25wYXJ0bmVyLmZyL2MvcC8xOTYwMC8xOTYwMC0xNDQyNS0yLndlYnA?v=1747032469"],"opengraph":["https:\/\/media.th4.com\/GQUgT1myPo2Llfoli4xhEdmaKShkcazVrqdbLuaoyG4\/pr:1200x630\/aHR0cDovL21lZGlhMi5kZXNpZ25wYXJ0bmVyLmZyL2MvcC8xOTYwMC8xOTYwMC0xNDQyNS0xLndlYnA?v=1747032469","https:\/\/media.th4.com\/uQ1ko_on49W9cA4ZilhhK-Mwd2TeLtgZfZFSY7P12Yw\/pr:1200x630\/aHR0cDovL21lZGlhMi5kZXNpZ25wYXJ0bmVyLmZyL2MvcC8xOTYwMC8xOTYwMC0xNDQyNS0yLndlYnA?v=1747032469"]},"country_origin":"BD","traceability":{"manufacturing_country_id":59,"weaving_country_id":59,"dyeing_country_id":59},"sizes":[{"id":20,"article_id":490216,"class_id":13,"name":"3\/4ans","on_standby":false,"stock_local":0,"stock_global":123,"multiple":1,"estimated_date_reassort":null,"is_destocking":false},{"id":22,"article_id":490217,"class_id":14,"name":"5\/6ans","on_standby":false,"stock_local":0,"stock_global":77,"multiple":1,"estimated_date_reassort":null,"is_destocking":false},{"id":532,"article_id":490218,"class_id":15,"name":"7\/8ans","on_standby":false,"stock_local":0,"stock_global":99,"multiple":1,"estimated_date_reassort":null,"is_destocking":false},{"id":533,"article_id":490219,"class_id":16,"name":"9\/11ans","on_standby":false,"stock_local":0,"stock_global":84,"multiple":1,"estimated_date_reassort":null,"is_destocking":false},{"id":534,"article_id":490220,"class_id":17,"name":"12\/13ans","on_standby":false,"stock_local":0,"stock_global":65,"multiple":1,"estimated_date_reassort":null,"is_destocking":false}],"page_links":{"fr":"\/fr\/p-st-stbk102-mini-bolter-short-coton-biologique-stbk102-19600\/french-navy-14425\/","en":"\/en\/p-st-stbk102-mini-bolter-organic-cotton-shorts-stbk102-19600\/french-navy-14425\/","de":"\/de\/p-st-stbk102-mini-bolter-short-bio-baumwolle-stbk102-19600\/french-navy-14425\/","nl":"\/nl\/p-st-stbk102-mini-bolter-coton-biologische-short-stbk102-19600\/french-navy-14425\/","es":"\/es\/p-st-stbk102-short-de-mini-bolter-de-algodon-organico-stbk102-19600\/french-navy-14425\/","it":"\/it\/p-st-stbk102-mini-bolter-short-in-cotone-biologico-stbk102-19600\/french-navy-14425\/","sv":"\/sv\/p-st-stbk102-mini-bolter-korta-byxor-i-biologiskt-bomull-stbk102-19600\/french-navy-14425\/","pt":"\/pt\/p-st-stbk102-mini-bolter-short-algodao-biologico-stbk102-19600\/french-navy-14425\/","da":"\/da\/p-st-stbk102-mini-bolter-kort-af-okologisk-bomuld-stbk102-19600\/french-navy-14425\/","pl":"\/pl\/p-st-stbk102-mini-bolter-short-bawelniany-organiczny-stbk102-19600\/french-navy-14425\/"},"page_links_customization":{"fr":"\/fr\/p-st-stbk102-mini-bolter-short-coton-biologique-stbk102-personnalise-19600\/french-navy-14425\/custom\/","en":"\/en\/p-st-stbk102-mini-bolter-cotton-organic-short-stbk102-custom-19600\/french-navy-14425\/custom\/","de":"\/de\/p-st-stbk102-mini-bolter-short-baumwolle-bio-stbk102-personalisiert-19600\/french-navy-14425\/custom\/","nl":"\/nl\/p-st-stbk102-mini-bolter-katoenen-shorts-biologische-stbk102-aangepast-19600\/french-navy-14425\/custom\/","es":"\/es\/p-st-stbk102-mini-bolter-short-de-algodon-biologico-stbk102-personalizado-19600\/french-navy-14425\/custom\/","it":"\/it\/p-st-stbk102-mini-bolter-short-cotone-biologico-stbk102-personalizzato-19600\/french-navy-14425\/custom\/","sv":"\/sv\/p-st-stbk102-mini-bolter-short-bomullsstallbar-stbk102-19600\/french-navy-14425\/custom\/","pt":"\/pt\/p-st-stbk102-mini-bolter-short-de-algodao-organico-stbk102-personalizado-19600\/french-navy-14425\/custom\/","da":"\/da\/p-st-stbk102-mini-bolter-short-bomuld-organisk-stbk102-personaliseret-19600\/french-navy-14425\/custom\/","pl":"\/pl\/p-st-stbk102-mini-bolter-short-bawelniany-ekologiczny-stbk102-spersonalizowany-19600\/french-navy-14425\/custom\/"}},{"id":14423,"name":"heather_grey","class_ids":[3],"codes_hexa":["A4A5A7"],"delai_24":false,"has_3d":false,"seuil_global":0,"stock_local":0,"stock_global":251,"on_standby":false,"in_catalog":true,"images":{"miniature":["https:\/\/media.th4.com\/b_oSdWI5HENnJQEXhPvV6SO3soAoa6vAQc5t9h4tGBg\/pr:80\/aHR0cDovL21lZGlhMi5kZXNpZ25wYXJ0bmVyLmZyL2MvcC8xOTYwMC8xOTYwMC0xNDQyMy0xLndlYnA?v=1747032469","https:\/\/media.th4.com\/dbwWInsDMa6FY9Miubt5kGoZZ0XDjFD7Z_Q6zb2Kx9A\/pr:80\/aHR0cDovL21lZGlhMi5kZXNpZ25wYXJ0bmVyLmZyL2MvcC8xOTYwMC8xOTYwMC0xNDQyMy0yLndlYnA?v=1747032469"],"medium":["https:\/\/media.th4.com\/Ib4vYqqIcg8dylLE2XkkL_Vo6EuUEUarL00UXaJHF_c\/pr:550x550\/aHR0cDovL21lZGlhMi5kZXNpZ25wYXJ0bmVyLmZyL2MvcC8xOTYwMC8xOTYwMC0xNDQyMy0xLndlYnA?v=1747032469","https:\/\/media.th4.com\/26Cor52g5X7bZd5O--dji6AlvO_bHg6ILyEVlVKdg5E\/pr:550x550\/aHR0cDovL21lZGlhMi5kZXNpZ25wYXJ0bmVyLmZyL2MvcC8xOTYwMC8xOTYwMC0xNDQyMy0yLndlYnA?v=1747032469"],"medium_large":["https:\/\/media.th4.com\/3-gVw6asH2Chy9LcX6Zhfpk8ugeXoGfZu94eCw283Dw\/pr:1000x1000\/aHR0cDovL21lZGlhMi5kZXNpZ25wYXJ0bmVyLmZyL2MvcC8xOTYwMC8xOTYwMC0xNDQyMy0xLndlYnA?v=1747032469","https:\/\/media.th4.com\/hkadZsGjb4TCPow9oEk0Z_mnEdvEdhADlxsLeS_2f6Y\/pr:1000x1000\/aHR0cDovL21lZGlhMi5kZXNpZ25wYXJ0bmVyLmZyL2MvcC8xOTYwMC8xOTYwMC0xNDQyMy0yLndlYnA?v=1747032469"],"large":["https:\/\/media.th4.com\/O1dzI-hxqRu-GU3-OIbW6ExFZigPfjRLZyNWGxT57Ps\/pr:1920\/aHR0cDovL21lZGlhMi5kZXNpZ25wYXJ0bmVyLmZyL2MvcC8xOTYwMC8xOTYwMC0xNDQyMy0xLndlYnA?v=1747032469","https:\/\/media.th4.com\/W7v4vi-wEB75CcsvZQvsnYkt1apqbD_0rrk9Ib2P1lA\/pr:1920\/aHR0cDovL21lZGlhMi5kZXNpZ25wYXJ0bmVyLmZyL2MvcC8xOTYwMC8xOTYwMC0xNDQyMy0yLndlYnA?v=1747032469"],"opengraph":["https:\/\/media.th4.com\/dQtAJrnU20EX5NUZwxadpp2CFFEQEle9DH1PkP8a_5Y\/pr:1200x630\/aHR0cDovL21lZGlhMi5kZXNpZ25wYXJ0bmVyLmZyL2MvcC8xOTYwMC8xOTYwMC0xNDQyMy0xLndlYnA?v=1747032469","https:\/\/media.th4.com\/e_DGWyrLSrGnAVFdHt427uT3cbSzcBEy9aiZE_-i2CA\/pr:1200x630\/aHR0cDovL21lZGlhMi5kZXNpZ25wYXJ0bmVyLmZyL2MvcC8xOTYwMC8xOTYwMC0xNDQyMy0yLndlYnA?v=1747032469"]},"images_customization":{"miniature":["https:\/\/media.th4.com\/b_oSdWI5HENnJQEXhPvV6SO3soAoa6vAQc5t9h4tGBg\/pr:80\/aHR0cDovL21lZGlhMi5kZXNpZ25wYXJ0bmVyLmZyL2MvcC8xOTYwMC8xOTYwMC0xNDQyMy0xLndlYnA?v=1747032469","https:\/\/media.th4.com\/dbwWInsDMa6FY9Miubt5kGoZZ0XDjFD7Z_Q6zb2Kx9A\/pr:80\/aHR0cDovL21lZGlhMi5kZXNpZ25wYXJ0bmVyLmZyL2MvcC8xOTYwMC8xOTYwMC0xNDQyMy0yLndlYnA?v=1747032469"],"medium":["https:\/\/media.th4.com\/Ib4vYqqIcg8dylLE2XkkL_Vo6EuUEUarL00UXaJHF_c\/pr:550x550\/aHR0cDovL21lZGlhMi5kZXNpZ25wYXJ0bmVyLmZyL2MvcC8xOTYwMC8xOTYwMC0xNDQyMy0xLndlYnA?v=1747032469","https:\/\/media.th4.com\/26Cor52g5X7bZd5O--dji6AlvO_bHg6ILyEVlVKdg5E\/pr:550x550\/aHR0cDovL21lZGlhMi5kZXNpZ25wYXJ0bmVyLmZyL2MvcC8xOTYwMC8xOTYwMC0xNDQyMy0yLndlYnA?v=1747032469"],"medium_large":["https:\/\/media.th4.com\/3-gVw6asH2Chy9LcX6Zhfpk8ugeXoGfZu94eCw283Dw\/pr:1000x1000\/aHR0cDovL21lZGlhMi5kZXNpZ25wYXJ0bmVyLmZyL2MvcC8xOTYwMC8xOTYwMC0xNDQyMy0xLndlYnA?v=1747032469","https:\/\/media.th4.com\/hkadZsGjb4TCPow9oEk0Z_mnEdvEdhADlxsLeS_2f6Y\/pr:1000x1000\/aHR0cDovL21lZGlhMi5kZXNpZ25wYXJ0bmVyLmZyL2MvcC8xOTYwMC8xOTYwMC0xNDQyMy0yLndlYnA?v=1747032469"],"large":["https:\/\/media.th4.com\/O1dzI-hxqRu-GU3-OIbW6ExFZigPfjRLZyNWGxT57Ps\/pr:1920\/aHR0cDovL21lZGlhMi5kZXNpZ25wYXJ0bmVyLmZyL2MvcC8xOTYwMC8xOTYwMC0xNDQyMy0xLndlYnA?v=1747032469","https:\/\/media.th4.com\/W7v4vi-wEB75CcsvZQvsnYkt1apqbD_0rrk9Ib2P1lA\/pr:1920\/aHR0cDovL21lZGlhMi5kZXNpZ25wYXJ0bmVyLmZyL2MvcC8xOTYwMC8xOTYwMC0xNDQyMy0yLndlYnA?v=1747032469"],"opengraph":["https:\/\/media.th4.com\/dQtAJrnU20EX5NUZwxadpp2CFFEQEle9DH1PkP8a_5Y\/pr:1200x630\/aHR0cDovL21lZGlhMi5kZXNpZ25wYXJ0bmVyLmZyL2MvcC8xOTYwMC8xOTYwMC0xNDQyMy0xLndlYnA?v=1747032469","https:\/\/media.th4.com\/e_DGWyrLSrGnAVFdHt427uT3cbSzcBEy9aiZE_-i2CA\/pr:1200x630\/aHR0cDovL21lZGlhMi5kZXNpZ25wYXJ0bmVyLmZyL2MvcC8xOTYwMC8xOTYwMC0xNDQyMy0yLndlYnA?v=1747032469"]},"country_origin":"BD","traceability":{"manufacturing_country_id":59,"weaving_country_id":59,"dyeing_country_id":59},"sizes":[{"id":20,"article_id":490211,"class_id":13,"name":"3\/4ans","on_standby":false,"stock_local":0,"stock_global":24,"multiple":1,"estimated_date_reassort":null,"is_destocking":false},{"id":22,"article_id":490212,"class_id":14,"name":"5\/6ans","on_standby":false,"stock_local":0,"stock_global":49,"multiple":1,"estimated_date_reassort":null,"is_destocking":false},{"id":532,"article_id":490213,"class_id":15,"name":"7\/8ans","on_standby":false,"stock_local":0,"stock_global":57,"multiple":1,"estimated_date_reassort":null,"is_destocking":false},{"id":533,"article_id":490214,"class_id":16,"name":"9\/11ans","on_standby":false,"stock_local":0,"stock_global":57,"multiple":1,"estimated_date_reassort":null,"is_destocking":false},{"id":534,"article_id":490215,"class_id":17,"name":"12\/13ans","on_standby":false,"stock_local":0,"stock_global":64,"multiple":1,"estimated_date_reassort":null,"is_destocking":false}],"page_links":{"fr":"\/fr\/p-st-stbk102-mini-bolter-short-coton-biologique-stbk102-19600\/heather-grey-14423\/","en":"\/en\/p-st-stbk102-mini-bolter-organic-cotton-shorts-stbk102-19600\/heather-grey-14423\/","de":"\/de\/p-st-stbk102-mini-bolter-short-bio-baumwolle-stbk102-19600\/heather-grey-14423\/","nl":"\/nl\/p-st-stbk102-mini-bolter-coton-biologische-short-stbk102-19600\/heather-grey-14423\/","es":"\/es\/p-st-stbk102-short-de-mini-bolter-de-algodon-organico-stbk102-19600\/heather-grey-14423\/","it":"\/it\/p-st-stbk102-mini-bolter-short-in-cotone-biologico-stbk102-19600\/heather-grey-14423\/","sv":"\/sv\/p-st-stbk102-mini-bolter-korta-byxor-i-biologiskt-bomull-stbk102-19600\/heather-grey-14423\/","pt":"\/pt\/p-st-stbk102-mini-bolter-short-algodao-biologico-stbk102-19600\/heather-grey-14423\/","da":"\/da\/p-st-stbk102-mini-bolter-kort-af-okologisk-bomuld-stbk102-19600\/heather-grey-14423\/","pl":"\/pl\/p-st-stbk102-mini-bolter-short-bawelniany-organiczny-stbk102-19600\/heather-grey-14423\/"},"page_links_customization":{"fr":"\/fr\/p-st-stbk102-mini-bolter-short-coton-biologique-stbk102-personnalise-19600\/heather-grey-14423\/custom\/","en":"\/en\/p-st-stbk102-mini-bolter-cotton-organic-short-stbk102-custom-19600\/heather-grey-14423\/custom\/","de":"\/de\/p-st-stbk102-mini-bolter-short-baumwolle-bio-stbk102-personalisiert-19600\/heather-grey-14423\/custom\/","nl":"\/nl\/p-st-stbk102-mini-bolter-katoenen-shorts-biologische-stbk102-aangepast-19600\/heather-grey-14423\/custom\/","es":"\/es\/p-st-stbk102-mini-bolter-short-de-algodon-biologico-stbk102-personalizado-19600\/heather-grey-14423\/custom\/","it":"\/it\/p-st-stbk102-mini-bolter-short-cotone-biologico-stbk102-personalizzato-19600\/heather-grey-14423\/custom\/","sv":"\/sv\/p-st-stbk102-mini-bolter-short-bomullsstallbar-stbk102-19600\/heather-grey-14423\/custom\/","pt":"\/pt\/p-st-stbk102-mini-bolter-short-de-algodao-organico-stbk102-personalizado-19600\/heather-grey-14423\/custom\/","da":"\/da\/p-st-stbk102-mini-bolter-short-bomuld-organisk-stbk102-personaliseret-19600\/heather-grey-14423\/custom\/","pl":"\/pl\/p-st-stbk102-mini-bolter-short-bawelniany-ekologiczny-stbk102-spersonalizowany-19600\/heather-grey-14423\/custom\/"}},{"id":14426,"name":"red","class_ids":[6],"codes_hexa":["AD3543"],"delai_24":false,"has_3d":false,"seuil_global":0,"stock_local":0,"stock_global":182,"on_standby":false,"in_catalog":true,"images":{"miniature":["https:\/\/media.th4.com\/wGtHOMQKRJ6Ae7QDtTmjap-HpIw11SBkU8IpBgTrXQY\/pr:80\/aHR0cDovL21lZGlhMi5kZXNpZ25wYXJ0bmVyLmZyL2MvcC8xOTYwMC8xOTYwMC0xNDQyNi0xLndlYnA?v=1747032469","https:\/\/media.th4.com\/Oi77BjNfwzCjz-Sp6c170O4obDj9oCamk986o-_HS54\/pr:80\/aHR0cDovL21lZGlhMi5kZXNpZ25wYXJ0bmVyLmZyL2MvcC8xOTYwMC8xOTYwMC0xNDQyNi0yLndlYnA?v=1747032469"],"medium":["https:\/\/media.th4.com\/2Q9Y_t40VArqU8IjKuC-FMmWTDvYE0CqS1zKNCrgAZo\/pr:550x550\/aHR0cDovL21lZGlhMi5kZXNpZ25wYXJ0bmVyLmZyL2MvcC8xOTYwMC8xOTYwMC0xNDQyNi0xLndlYnA?v=1747032469","https:\/\/media.th4.com\/oRPAIMma4tsCUZVKkXyNx3znw0R11YNHpIaz7RTrne8\/pr:550x550\/aHR0cDovL21lZGlhMi5kZXNpZ25wYXJ0bmVyLmZyL2MvcC8xOTYwMC8xOTYwMC0xNDQyNi0yLndlYnA?v=1747032469"],"medium_large":["https:\/\/media.th4.com\/we8qUihy9zmsM4nDblnP14Wj7ixBXC3U7m9VbiNF6Pc\/pr:1000x1000\/aHR0cDovL21lZGlhMi5kZXNpZ25wYXJ0bmVyLmZyL2MvcC8xOTYwMC8xOTYwMC0xNDQyNi0xLndlYnA?v=1747032469","https:\/\/media.th4.com\/D1ci_MnPLrTt1apwo8WFUWmHJsUoahzl3d1vlriMMVw\/pr:1000x1000\/aHR0cDovL21lZGlhMi5kZXNpZ25wYXJ0bmVyLmZyL2MvcC8xOTYwMC8xOTYwMC0xNDQyNi0yLndlYnA?v=1747032469"],"large":["https:\/\/media.th4.com\/0cUXc56HSwl7338GN5bQVasMunKv3gfNjaCSu9gxwZs\/pr:1920\/aHR0cDovL21lZGlhMi5kZXNpZ25wYXJ0bmVyLmZyL2MvcC8xOTYwMC8xOTYwMC0xNDQyNi0xLndlYnA?v=1747032469","https:\/\/media.th4.com\/BEad0p1gKr_yiC0iXA2lTo5sUySd_tSUKMGqrCAl-3k\/pr:1920\/aHR0cDovL21lZGlhMi5kZXNpZ25wYXJ0bmVyLmZyL2MvcC8xOTYwMC8xOTYwMC0xNDQyNi0yLndlYnA?v=1747032469"],"opengraph":["https:\/\/media.th4.com\/qV7p-I5Ujc2AicGrp-O6tEpvVmH21NDtwqViu_yfbB8\/pr:1200x630\/aHR0cDovL21lZGlhMi5kZXNpZ25wYXJ0bmVyLmZyL2MvcC8xOTYwMC8xOTYwMC0xNDQyNi0xLndlYnA?v=1747032469","https:\/\/media.th4.com\/4WUSZtcCL29lEZmJCUpoiNriKAFGxbb6VjYLl0h5F5o\/pr:1200x630\/aHR0cDovL21lZGlhMi5kZXNpZ25wYXJ0bmVyLmZyL2MvcC8xOTYwMC8xOTYwMC0xNDQyNi0yLndlYnA?v=1747032469"]},"images_customization":{"miniature":["https:\/\/media.th4.com\/wGtHOMQKRJ6Ae7QDtTmjap-HpIw11SBkU8IpBgTrXQY\/pr:80\/aHR0cDovL21lZGlhMi5kZXNpZ25wYXJ0bmVyLmZyL2MvcC8xOTYwMC8xOTYwMC0xNDQyNi0xLndlYnA?v=1747032469","https:\/\/media.th4.com\/Oi77BjNfwzCjz-Sp6c170O4obDj9oCamk986o-_HS54\/pr:80\/aHR0cDovL21lZGlhMi5kZXNpZ25wYXJ0bmVyLmZyL2MvcC8xOTYwMC8xOTYwMC0xNDQyNi0yLndlYnA?v=1747032469"],"medium":["https:\/\/media.th4.com\/2Q9Y_t40VArqU8IjKuC-FMmWTDvYE0CqS1zKNCrgAZo\/pr:550x550\/aHR0cDovL21lZGlhMi5kZXNpZ25wYXJ0bmVyLmZyL2MvcC8xOTYwMC8xOTYwMC0xNDQyNi0xLndlYnA?v=1747032469","https:\/\/media.th4.com\/oRPAIMma4tsCUZVKkXyNx3znw0R11YNHpIaz7RTrne8\/pr:550x550\/aHR0cDovL21lZGlhMi5kZXNpZ25wYXJ0bmVyLmZyL2MvcC8xOTYwMC8xOTYwMC0xNDQyNi0yLndlYnA?v=1747032469"],"medium_large":["https:\/\/media.th4.com\/we8qUihy9zmsM4nDblnP14Wj7ixBXC3U7m9VbiNF6Pc\/pr:1000x1000\/aHR0cDovL21lZGlhMi5kZXNpZ25wYXJ0bmVyLmZyL2MvcC8xOTYwMC8xOTYwMC0xNDQyNi0xLndlYnA?v=1747032469","https:\/\/media.th4.com\/D1ci_MnPLrTt1apwo8WFUWmHJsUoahzl3d1vlriMMVw\/pr:1000x1000\/aHR0cDovL21lZGlhMi5kZXNpZ25wYXJ0bmVyLmZyL2MvcC8xOTYwMC8xOTYwMC0xNDQyNi0yLndlYnA?v=1747032469"],"large":["https:\/\/media.th4.com\/0cUXc56HSwl7338GN5bQVasMunKv3gfNjaCSu9gxwZs\/pr:1920\/aHR0cDovL21lZGlhMi5kZXNpZ25wYXJ0bmVyLmZyL2MvcC8xOTYwMC8xOTYwMC0xNDQyNi0xLndlYnA?v=1747032469","https:\/\/media.th4.com\/BEad0p1gKr_yiC0iXA2lTo5sUySd_tSUKMGqrCAl-3k\/pr:1920\/aHR0cDovL21lZGlhMi5kZXNpZ25wYXJ0bmVyLmZyL2MvcC8xOTYwMC8xOTYwMC0xNDQyNi0yLndlYnA?v=1747032469"],"opengraph":["https:\/\/media.th4.com\/qV7p-I5Ujc2AicGrp-O6tEpvVmH21NDtwqViu_yfbB8\/pr:1200x630\/aHR0cDovL21lZGlhMi5kZXNpZ25wYXJ0bmVyLmZyL2MvcC8xOTYwMC8xOTYwMC0xNDQyNi0xLndlYnA?v=1747032469","https:\/\/media.th4.com\/4WUSZtcCL29lEZmJCUpoiNriKAFGxbb6VjYLl0h5F5o\/pr:1200x630\/aHR0cDovL21lZGlhMi5kZXNpZ25wYXJ0bmVyLmZyL2MvcC8xOTYwMC8xOTYwMC0xNDQyNi0yLndlYnA?v=1747032469"]},"country_origin":"BD","traceability":{"manufacturing_country_id":59,"weaving_country_id":59,"dyeing_country_id":59},"sizes":[{"id":20,"article_id":490201,"class_id":13,"name":"3\/4ans","on_standby":false,"stock_local":0,"stock_global":26,"multiple":1,"estimated_date_reassort":null,"is_destocking":false},{"id":22,"article_id":490202,"class_id":14,"name":"5\/6ans","on_standby":false,"stock_local":0,"stock_global":42,"multiple":1,"estimated_date_reassort":null,"is_destocking":false},{"id":532,"article_id":490203,"class_id":15,"name":"7\/8ans","on_standby":false,"stock_local":0,"stock_global":51,"multiple":1,"estimated_date_reassort":null,"is_destocking":false},{"id":533,"article_id":490204,"class_id":16,"name":"9\/11ans","on_standby":false,"stock_local":0,"stock_global":51,"multiple":1,"estimated_date_reassort":null,"is_destocking":false},{"id":534,"article_id":490205,"class_id":17,"name":"12\/13ans","on_standby":false,"stock_local":0,"stock_global":12,"multiple":1,"estimated_date_reassort":null,"is_destocking":false}],"page_links":{"fr":"\/fr\/p-st-stbk102-mini-bolter-short-coton-biologique-stbk102-19600\/red-14426\/","en":"\/en\/p-st-stbk102-mini-bolter-organic-cotton-shorts-stbk102-19600\/red-14426\/","de":"\/de\/p-st-stbk102-mini-bolter-short-bio-baumwolle-stbk102-19600\/red-14426\/","nl":"\/nl\/p-st-stbk102-mini-bolter-coton-biologische-short-stbk102-19600\/red-14426\/","es":"\/es\/p-st-stbk102-short-de-mini-bolter-de-algodon-organico-stbk102-19600\/red-14426\/","it":"\/it\/p-st-stbk102-mini-bolter-short-in-cotone-biologico-stbk102-19600\/red-14426\/","sv":"\/sv\/p-st-stbk102-mini-bolter-korta-byxor-i-biologiskt-bomull-stbk102-19600\/red-14426\/","pt":"\/pt\/p-st-stbk102-mini-bolter-short-algodao-biologico-stbk102-19600\/red-14426\/","da":"\/da\/p-st-stbk102-mini-bolter-kort-af-okologisk-bomuld-stbk102-19600\/red-14426\/","pl":"\/pl\/p-st-stbk102-mini-bolter-short-bawelniany-organiczny-stbk102-19600\/red-14426\/"},"page_links_customization":{"fr":"\/fr\/p-st-stbk102-mini-bolter-short-coton-biologique-stbk102-personnalise-19600\/red-14426\/custom\/","en":"\/en\/p-st-stbk102-mini-bolter-cotton-organic-short-stbk102-custom-19600\/red-14426\/custom\/","de":"\/de\/p-st-stbk102-mini-bolter-short-baumwolle-bio-stbk102-personalisiert-19600\/red-14426\/custom\/","nl":"\/nl\/p-st-stbk102-mini-bolter-katoenen-shorts-biologische-stbk102-aangepast-19600\/red-14426\/custom\/","es":"\/es\/p-st-stbk102-mini-bolter-short-de-algodon-biologico-stbk102-personalizado-19600\/red-14426\/custom\/","it":"\/it\/p-st-stbk102-mini-bolter-short-cotone-biologico-stbk102-personalizzato-19600\/red-14426\/custom\/","sv":"\/sv\/p-st-stbk102-mini-bolter-short-bomullsstallbar-stbk102-19600\/red-14426\/custom\/","pt":"\/pt\/p-st-stbk102-mini-bolter-short-de-algodao-organico-stbk102-personalizado-19600\/red-14426\/custom\/","da":"\/da\/p-st-stbk102-mini-bolter-short-bomuld-organisk-stbk102-personaliseret-19600\/red-14426\/custom\/","pl":"\/pl\/p-st-stbk102-mini-bolter-short-bawelniany-ekologiczny-stbk102-spersonalizowany-19600\/red-14426\/custom\/"}}],"documentation_link":"\/pdf\/19600.pdf","countries_availables":["AD","AE","AL","AT","BA","BD","BE","BG","BL","CA","CH","CN","CO","CY","CZ","DE","DK","DO","EE","EG","ES","ET","FI","FR","GB","GE","GF","GP","GR","GT","HK","HN","HR","HT","HU","ID","IE","IN","IS","IT","JO","JP","KE","KH","KP","KR","LA","LK","LS","LT","LU","LV","MA","MF","MG","MK","MM","MN","MQ","MT","MX","MY","NC","NI","NL","PF","PH","PK","PL","PM","PT","RE","RO","SE","SG","SI","SK","SV","SY","TH","TN","TR","TW","TZ","US","VN","WF","YT"]},"infos_customization":[],"features":{"authorize_multi_surfaces":true,"display_order_delay_type":true,"promote_surface_display":true,"tarification_franco_offert":true,"enabled_3d_editor":false},"markings":[{"id":0,"nom":"vierge","finition":null,"libelle":null,"code":null,"dpi":null,"finesse_forme_isolee":null,"finesse_forme_non_isolee":null,"hauteur_minimale_texte":null,"inactif":0,"marquage_interne":1,"quantite_min":null,"parent_id":null,"print_on_support":0,"content":"vierge","description":null},{"id":2,"nom":"fonce","finition":"optimale","libelle":"TopQuadri","code":null,"dpi":400,"finesse_forme_isolee":"0.040","finesse_forme_non_isolee":"0.700","hauteur_minimale_texte":2,"inactif":0,"marquage_interne":1,"quantite_min":null,"parent_id":18,"print_on_support":0,"content":"TopQuadri","description":"pour petites et moyennes s\u00e9ries"},{"id":3,"nom":"serigraphie","finition":"serigraphie","libelle":"SeriCoat","code":null,"dpi":400,"finesse_forme_isolee":"0.040","finesse_forme_non_isolee":"0.700","hauteur_minimale_texte":2,"inactif":0,"marquage_interne":1,"quantite_min":15,"parent_id":18,"print_on_support":0,"content":"SeriCoat","description":"pour moyennes et grandes s\u00e9ries"},{"id":4,"nom":"broderie","finition":"broderie","libelle":"Broderie","code":null,"dpi":400,"finesse_forme_isolee":"0.040","finesse_forme_non_isolee":"0.700","hauteur_minimale_texte":3,"inactif":0,"marquage_interne":1,"quantite_min":null,"parent_id":null,"print_on_support":0,"content":"Broderie","description":null},{"id":8,"nom":"theme","finition":null,"libelle":"Th\u00e8me","code":null,"dpi":null,"finesse_forme_isolee":null,"finesse_forme_non_isolee":null,"hauteur_minimale_texte":null,"inactif":0,"marquage_interne":1,"quantite_min":null,"parent_id":null,"print_on_support":0,"content":"Th\u00e8me","description":null},{"id":9,"nom":"sans","finition":null,"libelle":null,"code":null,"dpi":null,"finesse_forme_isolee":null,"finesse_forme_non_isolee":null,"hauteur_minimale_texte":null,"inactif":0,"marquage_interne":1,"quantite_min":null,"parent_id":null,"print_on_support":0,"content":"sans","description":null},{"id":10,"nom":"photo","finition":null,"libelle":"Photo","code":null,"dpi":null,"finesse_forme_isolee":null,"finesse_forme_non_isolee":null,"hauteur_minimale_texte":null,"inactif":0,"marquage_interne":1,"quantite_min":null,"parent_id":null,"print_on_support":0,"content":"Photo","description":null},{"id":14,"nom":"couleur","finition":null,"libelle":"Couleur","code":null,"dpi":null,"finesse_forme_isolee":null,"finesse_forme_non_isolee":null,"hauteur_minimale_texte":null,"inactif":0,"marquage_interne":1,"quantite_min":null,"parent_id":null,"print_on_support":0,"content":"Couleur","description":null},{"id":15,"nom":"sublimation","finition":"sublimation","libelle":"Sublimation","code":null,"dpi":null,"finesse_forme_isolee":"0.000","finesse_forme_non_isolee":"0.000","hauteur_minimale_texte":2,"inactif":0,"marquage_interne":1,"quantite_min":null,"parent_id":null,"print_on_support":0,"content":"Sublimation","description":null},{"id":16,"nom":"topquadri_uv","finition":null,"libelle":"TopQuadri UV","code":null,"dpi":null,"finesse_forme_isolee":"0.020","finesse_forme_non_isolee":"0.700","hauteur_minimale_texte":2,"inactif":0,"marquage_interne":1,"quantite_min":null,"parent_id":null,"print_on_support":1,"content":null,"description":null},{"id":17,"nom":"topquadri_uvp","finition":null,"libelle":"TopQuadri UVP","code":null,"dpi":null,"finesse_forme_isolee":"0.020","finesse_forme_non_isolee":"0.700","hauteur_minimale_texte":2,"inactif":0,"marquage_interne":1,"quantite_min":null,"parent_id":null,"print_on_support":1,"content":null,"description":null},{"id":18,"nom":"quadri","finition":null,"libelle":"Impression","code":null,"dpi":null,"finesse_forme_isolee":null,"finesse_forme_non_isolee":null,"hauteur_minimale_texte":null,"inactif":0,"marquage_interne":1,"quantite_min":null,"parent_id":null,"print_on_support":0,"content":null,"description":null}]}}