{"data":{"product":{"id":19596,"titre":"Hip Bag","description":"Sac banane en toile. Sangle gros grain en coton. Boucle clip en plastique. Boucle d'ajustement en plastique. Pince. Poche avant avec fermeture zipp\u00e9e spirale invers\u00e9e en nylon. Dimensions : 14 x 30 cm. Composition : 80% coton recycl\u00e9, 20% polyester recycl\u00e9.","genre":"","grammage":300,"conditionnement":100,"composition":"coton,polyester","reference":"STAU891","reference_visible":"st-stau891","reference_fabricant":"STAU891","ref_xor":"727753","in_catalog":true,"is_transfer":false,"is_service":false,"on_standby":false,"has_3d":true,"has_size_guide":false,"has_marking":true,"has_vierge":false,"is_cross_sellable":false,"id_picto":208,"filename_3d":"19596","brand":{"id":233,"name":"Stanley Stella","logo":"logo-stanleystella.png","image":"https:\/\/media.th4.com\/xKgLMWY4yppMkbLH1zjV87jhG7aOmdNpHKMMxZQszco\/pr:brand70x70\/aHR0cDovL21lZGlhMi5kZXNpZ25wYXJ0bmVyLmZyL2MvbS9sb2dvLXN0YW5sZXlzdGVsbGEucG5n?v=1747067437"},"price_infos":{"price_from":0,"quantity":0,"size":{"id":0,"name":""},"color":{"id":0,"name":""}},"price_infos_marking":{"price_from":11.55,"quantity":350,"color":{"id":14427,"name":"natural"},"size":{"id":42,"name":"taille_unique"},"marking":{"id":2,"name":""},"emplacement":"avant","surface_emplacement_id":6720,"surface":"8.5x4.5cm"},"i18n":{"blank":{"title":{"fr":"Hip bag Sac en toile STANLEY STELLA stau891","en":"Hip bag Canvas STANLEY STELLA stau891","de":"H\u00fcfttasche Tasche aus Stoff STANLEY STELLA stau891","nl":"Hip bag Tassen van linnen STANLEY STELLA stau891","es":"Bolsa de cadera Bolsa de lona STANLEY STELLA stau891","it":"Borsa da fianco Sac in tela STANLEY STELLA stau891","sv":"Hip bag Tygv\u00e4ska STANLEY STELLA stau891","pt":"Saco bolsa lateral STANLEY STELLA stau891","da":"Hip bag Posek i stof STANLEY STELLA stau891","pl":"Hip bag Torba z p\u0142\u00f3tna STANLEY STELLA stau891"},"description":{"fr":"Sac banane en toile. Con\u00e7u avec une sangle en gros grain de coton pour un port confortable. Il est \u00e9quip\u00e9 d'une boucle clip en plastique et d'une boucle d'ajustement en plastique permettant de r\u00e9gler la longueur de la sangle. Une pince est pr\u00e9sente pour faciliter l'ouverture et la fermeture du sac. Il dispose d'une poche avant avec fermeture zipp\u00e9e spirale invers\u00e9e en nylon pour ranger de petits objets. Ses dimensions sont de 14 x 30 cm. Sa composition est de 80% coton recycl\u00e9 et 20% polyester recycl\u00e9.\n\n- Composition : 80% coton recycl\u00e9, 20% polyester recycl\u00e9\n- Dimensions : 14 x 30 cm\n- Mati\u00e8re : Toile","en":"Canvas fanny pack. Designed with a heavy-duty cotton strap for comfortable carrying. It features a plastic clip buckle and a plastic adjustment buckle to adjust the strap length. A clip is present to facilitate the opening and closing of the bag. It has a front pocket with a spiral reverse zip closure in nylon to store small items. Its dimensions are 14 x 30 cm. Its composition is 80% recycled cotton and 20% recycled polyester.\n\n- Composition: 80% recycled cotton, 20% recycled polyester\n- Dimensions: 14 x 30 cm\n- Material: Canvas","de":"H\u00fcfttasche aus Stoff. Gefertigt mit einem Gurt aus grober Baumwolle f\u00fcr einen bequemen Tragekomfort. Es ist mit einer Kunststoffklippverschluss und einer Kunststoffschnalle ausgestattet, die es erm\u00f6glichen, die L\u00e4nge des Gurtes zu regulieren. Eine Klammer ist vorhanden, um das \u00d6ffnen und Schlie\u00dfen der Tasche zu erleichtern. Es verf\u00fcgt \u00fcber eine vordere Tasche mit Spiral-Rei\u00dfverschluss aus Nylon, um kleine Gegenst\u00e4nde zu verstauen. Die Abmessungen betragen 14 x 30 cm. Die Zusammensetzung besteht aus 80% recycelter Baumwolle und 20% recycelten Polyester.\n\n- Zusammensetzung: 80% recycelte Baumwolle, 20% recyceltes Polyester\n- Abmessungen: 14 x 30 cm\n- Material: Stoff","nl":"Fopzak van linnen. Ontworpen met een katoenen koord voor comfortabel dragen. Het heeft een plastic kliksluiting en een plastic sluiting voor het aanpassen van de lengte van de koord. Een clip is aanwezig om het openen en sluiten van de tas te vergemakkelijken. Het heeft een vooraanzak met een spiraalsluiting van nylon voor het bewaren van kleine voorwerpen. De afmetingen zijn 14 x 30 cm. De samenstelling is 80% gerecyclede katoen en 20% gerecycleerd polyester.\n\n- Samenstelling: 80% gerecyclede katoen, 20% gerecycleerd polyester\n- Afmetingen: 14 x 30 cm\n- Materiaal: Linnen","es":"Bolsa bandolera de lona. Dise\u00f1ada con una correa de algod\u00f3n en grano grueso para un transporte c\u00f3modo. Est\u00e1 equipada con una hebilla de pl\u00e1stico y un bucle de ajuste de pl\u00e1stico que permite ajustar la longitud de la correa. Un pinza est\u00e1 presente para facilitar la apertura y el cierre de la bolsa. Dispone de un bolsillo frontal con cierre de cremallera espiral invertida en nylon para guardar peque\u00f1os objetos. Sus dimensiones son de 14 x 30 cm. Su composici\u00f3n es de 80% algod\u00f3n reciclado y 20% poli\u00e9ster reciclado.\n\n- Composici\u00f3n: 80% algod\u00f3n reciclado, 20% poli\u00e9ster reciclado\n- Dimensiones: 14 x 30 cm\n- Material: Lona","it":"Borsa a tracolla in tela. Progettata con una cinghia in cotone a grana grossa per un trasporto confortevole. \u00c8 dotata di una fibbia a clip in plastica e di una fibbia di regolazione in plastica che permette di regolare la lunghezza della cinghia. Una morsettiera \u00e8 presente per facilitare l'apertura e la chiusura della borsa. Dispone di una tasca anteriore con chiusura lampo a spirale inversa in nylon per riporre piccoli oggetti. Le sue dimensioni sono di 14 x 30 cm. La sua composizione \u00e8 di 80% cotone riciclato e 20% poliestere riciclato.\n\n- Composizione: 80% cotone riciclato, 20% poliestere riciclato\n- Dimensioni: 14 x 30 cm\n- Materiale: Tela","sv":"B\u00e4ltesv\u00e4ska i tyg. Utformad med ett b\u00e4lte i grov bomull f\u00f6r komfortabel b\u00e4rning. Den \u00e4r utrustad med en plastkl\u00e4mmor och en plastjusteringskl\u00e4mma som g\u00f6r det m\u00f6jligt att justera b\u00e4ltets l\u00e4ngd. En kl\u00e4mma \u00e4r n\u00e4rvarande f\u00f6r att underl\u00e4tta \u00f6ppning och st\u00e4ngning av v\u00e4skan. Den har en framficka med spiralv\u00e4nd zippl\u00e5s i nylon f\u00f6r att f\u00f6rvara sm\u00e5 f\u00f6rem\u00e5l. Dess dimensioner \u00e4r 14 x 30 cm. Dess sammans\u00e4ttning \u00e4r 80% \u00e5tervunnen bomull och 20% \u00e5tervunnen polyester.\n\n- Sammans\u00e4ttning: 80% \u00e5tervunnen bomull, 20% \u00e5tervunnen polyester\n- Dimensioner: 14 x 30 cm\n- Material: Tyg","pt":"Saco bolsa lateral em tecido. Concebido com uma al\u00e7a em algod\u00e3o de gr\u00e3o grosso para um porte confort\u00e1vel. Ele \u00e9 equipado com um fecho em pl\u00e1stico e um fecho de ajuste em pl\u00e1stico que permite regular o comprimento da al\u00e7a. Um grampo est\u00e1 presente para facilitar a abertura e o fechamento do saco. Ele disp\u00f5e de um bolso frontal com fechamento z\u00edper espiral invertido em n\u00e1ilon para guardar pequenos objetos. Suas dimens\u00f5es s\u00e3o de 14 x 30 cm. Sua composi\u00e7\u00e3o \u00e9 de 80% algod\u00e3o reciclado e 20% poli\u00e9ster reciclado.\n\n- Composi\u00e7\u00e3o: 80% algod\u00e3o reciclado, 20% poli\u00e9ster reciclado\n- Dimens\u00f5es: 14 x 30 cm\n- Material: Tecido","da":"B\u00e6ltepose i stof. Designet med et groft bomuldsb\u00e6lte til behagelig b\u00e6ring. Udstyret med et plastikklips og en plastikjusteringsl\u00f8kke, der tillader justering af b\u00e6ltets l\u00e6ngde. En klemme er til stede for at lette \u00e5bning og lukning af posen. Den har en forlomme med spiral zip-lukning lavet af nylon til opbevaring af sm\u00e5 genstande. Dens dimensioner er 14 x 30 cm. Sammens\u00e6tning er 80% genbrugt bomuld og 20% genbrugt polyester.","pl":"Torba bananowa z p\u0142\u00f3tna. Wykonana z pasa z grubego p\u0119cherza bawe\u0142nianego, aby zapewni\u0107 komfort noszenia. Jest wyposa\u017cona w klipowe zapi\u0119cie z plastiku i plastikowe zapi\u0119cie regulacyjne, kt\u00f3re pozwala dostosowa\u0107 d\u0142ugo\u015b\u0107 pasa. Jest obecna klamra, kt\u00f3ra u\u0142atwia otwieranie i zamykanie torby. Ma przedni\u0105 kiesze\u0144 z zamkiem b\u0142yskawicznym z odwr\u00f3con\u0105 spiral\u0105 z nylonu, aby przechowywa\u0107 ma\u0142e przedmioty. Jej wymiary to 14 x 30 cm. Jej sk\u0142ad to 80% bawe\u0142ny recyklingowanej i 20% poliestru recyklingowanego.\n\n- Sk\u0142ad: 80% bawe\u0142na recyklingowana, 20% poliestru recyklingowanego\n- Wymiary: 14 x 30 cm\n- Materia\u0142: P\u0142\u00f3tno"},"h1":{"fr":"Hip bag Sac en toile stau891","en":"Hip bag stau891","de":"H\u00fcfttasche Tasche aus Stoff stau891","nl":"Hip bag Tassen van linnen stau891","es":"Bolsa de cadera Bolsa de lona stau891","it":"Borsa da fianco Sac in tela stau891","sv":"Hip bag Tygv\u00e4ska stau891","pt":"Saco bolsa lateral stau891","da":"Hip bag Posek i stof stau891","pl":"Hip bag Torba z p\u0142\u00f3tna stau891"},"meta_description":{"fr":"Sac banane en toile Stanley Stella. Sangle en coton, boucle clip en plastique et poche zipp\u00e9e. Dimensions : 14 x 30 cm. Composition : 80% coton recycl\u00e9, 20% polyester recycl\u00e9.","en":"Stanley Stella canvas fanny pack. Cotton strap, plastic clip buckle and zippered pocket. Dimensions: 14 x 30 cm. Composition: 80% recycled cotton, 20% recycled polyester.","de":"H\u00fcfttasche aus Stoff von Stanley Stella. Gurt aus Baumwolle, Kunststoffklippverschluss und Rei\u00dfverschlusstasche. Abmessungen: 14 x 30 cm. Zusammensetzung: 80% recycelte Baumwolle, 20% recyceltes Polyester.","nl":"Fopzak van linnen Stanley Stella. Riem van katoen, kliksluiting van plastic en zakje met ritssluiting. Afmetingen: 14 x 30 cm. Samenstelling: 80% gerecyclede katoen, 20% gerecycleerd polyester.","es":"Bolsa bandolera de lona Stanley Stella. Correa de algod\u00f3n, hebilla de pl\u00e1stico y bolsillo con cremallera. Dimensiones: 14 x 30 cm. Composici\u00f3n: 80% algod\u00f3n reciclado, 20% poli\u00e9ster reciclado.","it":"Borsa a tracolla in tela Stanley Stella. Cinghia in cotone, fibbia a clip in plastica e tasca con zip. Dimensioni: 14 x 30 cm. Composizione: 80% cotone riciclato, 20% poliestere riciclato.","sv":"Stanley Stella b\u00e4ltesv\u00e4ska i tyg. B\u00e4lte i bomull, plastkl\u00e4mmor och zippad ficka. Dimensioner: 14 x 30 cm. Sammans\u00e4ttning: 80% \u00e5tervunnen bomull, 20% \u00e5tervunnen polyester.","pt":"Saco bolsa lateral em tecido Stanley Stella. Al\u00e7a em algod\u00e3o, fecho em pl\u00e1stico e bolso z\u00edper. Dimens\u00f5es: 14 x 30 cm. Composi\u00e7\u00e3o: 80% algod\u00e3o reciclado, 20% poli\u00e9ster reciclado.","da":"B\u00e6ltepose i stof fra Stanley Stella. B\u00e6ltet er lavet af bomuld, plasticsp\u00e6nde og lomme med zip. Dimensioner: 14 x 30 cm. Sammens\u00e6tning: 80% genbrugt bomuld, 20% genbrugt polyester.","pl":"Torba bananowa z p\u0142\u00f3tna Stanley Stella. Pas w bawe\u0142n\u0119, zapi\u0119cie klipowe z plastiku i zamkni\u0119te na zamek b\u0142yskawiczny. Wymiary: 14 x 30 cm. Sk\u0142ad: 80% bawe\u0142na recyklingowana, 20% poliestru recyklingowanego."}},"custom":{"title":{"fr":"Hip bag Sac en toile STANLEY STELLA stau891 personnalisable","en":"Hip bag Stanley Stella fabric bag stau891 customizable","de":"Hip bag Stoffbeutel STANLEY STELLA stau891 personalisierbar","nl":"Hip bag Tassen Stof Stanley Stella stau891 persoonlijk te maken","es":"Bolso bandolera Bolsa de lona STANLEY STELLA stau891 personalizable","it":"Hip bag Sac in tela STANLEY STELLA stau891 personalizzabile","sv":"Hip bag S\u00e4ck i tyg STANLEY STELLA stau891 personligbar","pt":"Hip bag Bolsa de lona STANLEY STELLA stau891 personaliz\u00e1vel","da":"Hip bag Taske i stof STANLEY STELLA stau891 personligg\u00f8rbar","pl":"Torebka pasowa Torebka z p\u0142\u00f3tna STANLEY STELLA stau891 do personalizacji"},"description":{"fr":"Sac banane en toile offrant un espace de rangement pratique pour les essentiels quotidiens. Sa conception en coton recycl\u00e9 et polyester recycl\u00e9 en fait un choix responsable. Dot\u00e9 d'une sangle en gros grain de coton, ce sac se porte confortablement en bandouli\u00e8re. Une boucle clip en plastique assure la fermeture, tandis qu'une boucle d'ajustement permet d'adapter la longueur de la sangle. Une pince est pr\u00e9sente pour faciliter l'ouverture et la fermeture. Une poche avant avec fermeture zipp\u00e9e en nylon invers\u00e9e offre un acc\u00e8s rapide aux petits objets. Ce sac est une solution pratique et \u00e9cologique pour transporter vos affaires en toute s\u00e9curit\u00e9. Il est \u00e9galement possible de le personnaliser avec votre logo ou votre visuel, ce qui en fait un excellent support de communication pour votre marque.\n\nCaract\u00e9ristiques techniques :\n\n- Composition : 80% coton recycl\u00e9, 20% polyester recycl\u00e9\n- Dimensions : 14 x 30 cm\n- Sangle : Gros grain en coton","en":"Fabric fanny pack offering practical storage space for daily essentials. Made from recycled cotton and polyester, it is a responsible choice. Featuring a cotton canvas strap, this bag is comfortably worn over the shoulder. A plastic clip buckle ensures closure, while an adjustment buckle allows for strap length customization. A clip is present for easy opening and closing. A front pocket with a zipper closure in inverted nylon provides quick access to small items. This bag is a practical and eco-friendly solution for securely transporting your belongings. It can also be customized with your logo or design, making it an excellent communication tool for your brand.\n\nTechnical specifications:\n\n- Composition: 80% recycled cotton, 20% recycled polyester\n- Dimensions: 14 x 30 cm\n- Strap: Cotton canvas","de":"Stoffg\u00fcrteltasche, die praktischen Stauraum f\u00fcr die t\u00e4glichen Essentials bietet. Durch die Herstellung aus recycelter Baumwolle und recyceltem Polyester eine verantwortungsbewusste Wahl. Mit einem Baumwollgurt aus grobem Stoff, der sich bequem \u00fcber der Schulter tragen l\u00e4sst. Ein Kunststoffklippverschluss sorgt f\u00fcr den Verschluss, w\u00e4hrend eine Einstellschnalle die L\u00e4nge des Gurts anpasst. Eine Klammer erleichtert das \u00d6ffnen und Schlie\u00dfen. Eine vordere Tasche mit Rei\u00dfverschluss aus umgedrehtem Nylon bietet schnellen Zugang zu kleinen Gegenst\u00e4nden. Diese Tasche ist eine praktische und umweltfreundliche L\u00f6sung zum sicheren Transport Ihrer Sachen. Sie kann auch mit Ihrem Logo oder Ihrem Bild personalisiert werden, was sie zu einem hervorragenden Kommunikationsmittel f\u00fcr Ihre Marke macht. Technische Spezifikationen: Zusammensetzung: 80% recycelte Baumwolle, 20% recyceltes Polyester Ma\u00dfe: 14 x 30 cm Gurt: Baumwolle in grober Struktur","nl":"Tas Banane in Stof biedt een handige opslagruimte voor de dagelijkse benodigdheden. De constructie in gerecycled katoen en gerecycled polyester maakt het een duurzaam keuze. Uitgerust met een riem van katoen, draagt deze tas comfortabel over de schouder. Een clip in plastic sluit het af, terwijl een instelbare sluiting de lengte van de riem aanpast. Een klem is aanwezig om het openen en sluiten te vergemakkelijken. Een voorkantzak met een zippersluiting van nylon met omgekeerde zijde biedt snel toegang tot kleine objecten. Deze tas is een praktische en duurzame oplossing voor het veilig vervoeren van uw spullen. Het is ook mogelijk om het te personaliseren met uw logo of uw visuele, waardoor het een uitstekend communicatiemiddel wordt voor uw merk.","es":"Bolso bandolera en lona que ofrece un espacio de almacenamiento pr\u00e1ctico para los esenciales diarios. Su dise\u00f1o en algod\u00f3n reciclado y poli\u00e9ster reciclado lo convierte en una opci\u00f3n responsable. Dotado de una correa de algod\u00f3n en grano grueso, este bolso se lleva c\u00f3modamente al hombro. Una hebilla de pl\u00e1stico asegura el cierre, mientras que una hebilla de ajuste permite adaptar la longitud de la correa. Una pinza est\u00e1 presente para facilitar la apertura y el cierre. Un bolsillo delantero con cierre zip en nylon invertido ofrece un acceso r\u00e1pido a los objetos peque\u00f1os. Este bolso es una soluci\u00f3n pr\u00e1ctica y ecol\u00f3gica para transportar tus pertenencias con seguridad. Tambi\u00e9n es posible personalizarlo con tu logo o tu visual, lo que lo convierte en un excelente soporte de comunicaci\u00f3n para tu marca.\n\nCaracter\u00edsticas t\u00e9cnicas :\n\n- Composici\u00f3n : 80% algod\u00f3n reciclado, 20% poli\u00e9ster reciclado\n- Dimensiones : 14 x 30 cm\n- Correa : Grano grueso en algod\u00f3n","it":"Borsa a tracolla in tela che offre uno spazio di stoccaggio pratico per gli oggetti essenziali quotidiani. La sua realizzazione in cotone riciclato e poliestere riciclato ne fa una scelta responsabile. Dotata di una cinghia in cotone a grana grossa, questa borsa si porta comodamente a tracolla. Una fibbia a clip in plastica garantisce la chiusura, mentre una fibbia di regolazione permette di adattare la lunghezza della cinghia. Una pinza \u00e8 presente per facilitare l'apertura e la chiusura. Una tasca anteriore con chiusura lampo in nylon rovesciato offre un accesso rapido ai piccoli oggetti. Questa borsa \u00e8 una soluzione pratica ed ecologica per trasportare i propri effetti personali in sicurezza. \u00c8 anche possibile personalizzarla con il proprio logo o il proprio visivo, rendendola un ottimo supporto di comunicazione per il proprio marchio.\n\nCaratteristiche tecniche :\n\n- Composizione : 80% cotone riciclato, 20% poliestere riciclato\n- Dimensioni : 14 x 30 cm\n- Cinghia : Grossa grana in cotone","sv":"B\u00e4ltes\u00e4ck i tyg som erbjuder ett praktiskt f\u00f6rvaringsutrymme f\u00f6r vardagliga n\u00f6dv\u00e4ndigheter. Dess konstruktion i \u00e5tervunnen bomull och \u00e5tervunnen polyester g\u00f6r den till ett ansvarsfullt val. Utrustad med en rem i grovt bomullstyg, b\u00e4rs denna s\u00e4ck bekv\u00e4mt \u00f6ver axeln. En plastklipp s\u00e4kerst\u00e4ller st\u00e4ngningen, medan en justeringsrem m\u00f6jligg\u00f6r anpassning av reml\u00e4ngden. En kl\u00e4mma finns f\u00f6r att underl\u00e4tta \u00f6ppning och st\u00e4ngning. En framp\u00e5se med zippl\u00e5s i omv\u00e4nd nylon ger snabb tillg\u00e5ng till sm\u00e5 f\u00f6rem\u00e5l. Denna s\u00e4ck \u00e4r en praktisk och ekologisk l\u00f6sning f\u00f6r att transportera dina tillh\u00f6righeter p\u00e5 ett s\u00e4kert s\u00e4tt. Det \u00e4r ocks\u00e5 m\u00f6jligt att personligg\u00f6ra den med ditt logotyp eller din bild, vilket g\u00f6r den till ett utm\u00e4rkt kommunikationsst\u00f6d f\u00f6r ditt varum\u00e4rke.\n\nTekniska specifikationer :\n\n- Sammans\u00e4ttning : 80% \u00e5tervunnen bomull, 20% \u00e5tervunnen polyester\n- Dimensioner : 14 x 30 cm\n- Rem : Grovt bomullstyg","pt":"Bolsa bandoleira em lona oferecendo um espa\u00e7o de armazenamento pr\u00e1tico para os essenciais do dia a dia. Sua constru\u00e7\u00e3o em algod\u00e3o reciclado e poli\u00e9ster reciclado a torna uma escolha respons\u00e1vel. Dotada de uma correia de algod\u00e3o grosso, esta bolsa \u00e9 confort\u00e1vel de usar como bandoleira. Um fecho de clipe de pl\u00e1stico garante o fechamento, enquanto um fecho de ajuste permite ajustar o comprimento da correia. Uma pin\u00e7a est\u00e1 presente para facilitar a abertura e o fechamento. Um bolso frontal com z\u00edper de n\u00e1ilon invertido oferece acesso r\u00e1pido a pequenos objetos. Esta bolsa \u00e9 uma solu\u00e7\u00e3o pr\u00e1tica e ecol\u00f3gica para transportar seus pertences com seguran\u00e7a. Tamb\u00e9m \u00e9 poss\u00edvel personaliz\u00e1-la com seu logotipo ou visual, tornando-a um excelente suporte de comunica\u00e7\u00e3o para sua marca.\n\nCaracter\u00edsticas t\u00e9cnicas :\n\n- Composi\u00e7\u00e3o : 80% algod\u00e3o reciclado, 20% poli\u00e9ster reciclado\n- Dimens\u00f5es : 14 x 30 cm\n- Correia : Algod\u00e3o grosso","da":"Taske med bandoleer i stof, der tilbyder praktisk opbevaringsplads til dagligdags essentiels. Dens design i genbrugt bomuld og genbrugt polyester g\u00f8r den til et ansvarligt valg. Udstyret med en strop af groft bomuldsstof, b\u00e6rer denne taske komfortabelt over skulderen. En plastiksp\u00e6nde sikrer lukningen, mens en justeringssp\u00e6nde tillader justering af stropl\u00e6ngden. En klips er til stede for at lette \u00e5bningen og lukningen. En forpungs med zip-lukning i reverseret nylon giver hurtig adgang til sm\u00e5 genstande. Denne taske er en praktisk og \u00f8kologisk l\u00f8sning til transport af dine ting i sikkerhed. Den kan ogs\u00e5 personligg\u00f8res med dit logo eller dine visuelle elementer, hvilket g\u00f8r den til et fremragende kommunikationsv\u00e6rkt\u00f8j for din virksomhed.\n\nTekniske specifikationer :\n\n- Sammens\u00e6tning : 80% genbrugt bomuld, 20% genbrugt polyester\n- Dimensioner : 14 x 30 cm\n- Strop : Groft bomuldsstof","pl":"Torebka pasowa z p\u0142\u00f3tna oferuje praktyczne miejsce na przechowywanie niezb\u0119dnik\u00f3w codziennych. Jej konstrukcja z odzyskanej bawe\u0142ny i odzyskanego poliestru czyni j\u0105 odpowiedzialnym wyborem. Wyposa\u017cona w pas z bawe\u0142ny w gruby rysunek, ta torebka nosi si\u0119 wygodnie na rami\u0119. Plastikowy klips zapewnia zamkni\u0119cie, podczas gdy plastikowy klips do regulacji pozwala dostosowa\u0107 d\u0142ugo\u015b\u0107 pasa. Znajduje si\u0119 tam zaczepka, kt\u00f3ra u\u0142atwia otwieranie i zamykanie. Przednia kiesze\u0144 z zamkiem b\u0142yskawicznym z odwr\u00f3conym nylonem zapewnia szybki dost\u0119p do ma\u0142ych przedmiot\u00f3w. Ta torebka jest praktycznym i ekologicznym rozwi\u0105zaniem do przenoszenia swoich rzeczy w bezpieczny spos\u00f3b. Mo\u017cna j\u0105 r\u00f3wnie\u017c spersonalizowa\u0107 swoim logiem lub wizualizacj\u0105, co czyni j\u0105 doskona\u0142\u0105 platform\u0105 komunikacyjn\u0105 dla twojej marki.\n\nSpecyfikacje techniczne :\n\n- Sk\u0142ad : 80% odzyskana bawe\u0142na, 20% odzyskany poliestr\n- Wymiary : 14 x 30 cm\n- Pas : Bawe\u0142na w gruby rysunek"},"h1":{"fr":"Hip bag Sac en toile stau891 personnalis\u00e9","en":"Hip bag fabric bag stau891 customizable","de":"Hip bag Stoffbeutel stau891 personalisiert","nl":"Hip bag Tas Stof stau891 persoonlijk gemaakt","es":"Bolso bandolera Bolsa de lona stau891 personalizada","it":"Hip bag Sac in tela stau891 personalizzato","sv":"Hip bag S\u00e4ck i tyg stau891 personlig","pt":"Hip bag Bolsa de lona stau891 personalizada","da":"Hip bag Taske i stof stau891 personliggjort","pl":"Torebka pasowa Torebka z p\u0142\u00f3tna stau891 personalizowana"},"meta_description":{"fr":"Sac banane en toile recycl\u00e9 Stanley Stella. Sangle en coton, boucle clip en plastique. Id\u00e9al pour le quotidien ou les activit\u00e9s de plein air. Personnalisable.","en":"Stanley Stella recycled fabric fanny pack. Cotton strap, plastic clip buckle. Ideal for everyday use or outdoor activities. Customizable.","de":"Stoffg\u00fcrteltasche aus recyceltem Stoff von Stanley Stella. Baumwollgurt, Kunststoffklippverschluss. Ideal f\u00fcr den Alltag oder Outdoor-Aktivit\u00e4ten. Personalisierbar.","nl":"Tas Banane in gerecycled Stof Stanley Stella. Riem in katoen, clip in plastic. Ideaal voor dagelijks gebruik of buitenactiviteiten. Persoonlijk te maken.","es":"Bolso bandolera en lona reciclada Stanley Stella. Correa de algod\u00f3n, hebilla de pl\u00e1stico. Ideal para el d\u00eda a d\u00eda o actividades al aire libre. Personalizable.","it":"Borsa a tracolla in tela riciclata Stanley Stella. Cinghia in cotone, fibbia a clip in plastica. Ideale per la vita quotidiana o per le attivit\u00e0 all'aria aperta. Personalizzabile.","sv":"B\u00e4ltes\u00e4ck i \u00e5tervunnet tyg Stanley Stella. Rem i bomull, plastklipp. Idealisk f\u00f6r vardagen eller utomhusaktiviteter. Personligbar.","pt":"Bolsa bandoleira em lona reciclada Stanley Stella. Correia de algod\u00e3o, fecho de clipe de pl\u00e1stico. Ideal para o dia a dia ou atividades ao ar livre. Personaliz\u00e1vel.","da":"Taske med bandoleer i genbrugt stof fra Stanley Stella. Strop af bomuld, plastiksp\u00e6nde. Ideel til hverdagen eller udend\u00f8rsaktiviteter. Personligg\u00f8rbar.","pl":"Torebka pasowa z odzyskanego p\u0142\u00f3tna Stanley Stella. Pas z bawe\u0142ny, plastikowy klips. Idealna na co dzie\u0144 lub na aktywno\u015bci na \u015bwie\u017cym powietrzu. Do personalizacji."}}},"categories":[{"id":530,"name":"Sacs banane","singular":"Sac banane","is_feminin":false},{"id":499,"name":"Bagagerie","singular":"Bagagerie","is_feminin":false}],"certifications":[{"id":1,"label":"OEKO-TEX 100","logo_link":"\/images\/certifications\/1_OEKO-TEX_100.jpg","is_marking_compatible":false},{"id":2,"label":"Fair Wear","logo_link":"\/images\/certifications\/2_Fair_Wear.jpg","is_marking_compatible":false},{"id":3,"label":"PETA","logo_link":"\/images\/certifications\/3_PETA.jpg","is_marking_compatible":false},{"id":5,"label":"G.R.S.","logo_link":"\/images\/certifications\/5_GRS.jpg","is_marking_compatible":false}],"videos":{"fr":[],"en":[],"de":[],"nl":[],"es":[],"it":[],"sv":[],"pt":[],"da":[],"pl":[]},"main_images":{"miniature":"https:\/\/media.th4.com\/Aoaq-6ZMa_Qq3beNUeK0ido-e42ch1FL8jHNCqWWinY\/pr:80\/aHR0cDovL21lZGlhMi5kZXNpZ25wYXJ0bmVyLmZyL2MvcC1ibGFuay1USC8xOTU5Ni53ZWJw?v=1754576441","medium":"https:\/\/media.th4.com\/s7mzJVfzfGC8Bd9LKVFctxpJlppIHAcDQX0exnmczgI\/pr:550x550greybg\/aHR0cDovL21lZGlhMi5kZXNpZ25wYXJ0bmVyLmZyL2MvcC1ibGFuay1USC8xOTU5Ni53ZWJw?v=1754576441","medium_large":"https:\/\/media.th4.com\/lRQYujDK067rsM3yEStUHsbJl8kLNFpy1M0mm35Qur0\/pr:1000x1000greybg\/aHR0cDovL21lZGlhMi5kZXNpZ25wYXJ0bmVyLmZyL2MvcC1ibGFuay1USC8xOTU5Ni53ZWJw?v=1754576441","large":"https:\/\/media.th4.com\/nkg_GiMMkl3eEZovYdJo8RArCBXw2hfKXGxrSpCCaoY\/pr:1920greybg\/aHR0cDovL21lZGlhMi5kZXNpZ25wYXJ0bmVyLmZyL2MvcC1ibGFuay1USC8xOTU5Ni53ZWJw?v=1754576441","opengraph":"https:\/\/media.th4.com\/T76B-srywBUW1X85ykjjtEivDqIP8F9geN4xLJPWt2k\/pr:1200x630greybg\/aHR0cDovL21lZGlhMi5kZXNpZ25wYXJ0bmVyLmZyL2MvcC1ibGFuay1USC8xOTU5Ni53ZWJw?v=1754576441"},"main_images_customization":{"miniature":"https:\/\/media.th4.com\/STG9hWzulh4J4itaKsRc0INR8JkwrMgDanvbuV6dClo\/pr:80\/aHR0cDovL21lZGlhMi5kZXNpZ25wYXJ0bmVyLmZyL2MvcC1jdXN0b20tVEgvMTk1OTYud2VicA?v=1754576605","medium":"https:\/\/media.th4.com\/OoPUBQ0wE48Dqs81hifpld6HEDAS9qDT7nX125MLE_M\/pr:550x550greybg\/aHR0cDovL21lZGlhMi5kZXNpZ25wYXJ0bmVyLmZyL2MvcC1jdXN0b20tVEgvMTk1OTYud2VicA?v=1754576605","medium_large":"https:\/\/media.th4.com\/naseGFGElBuaIy5zvxj3dXJaFHgWI0nffQAvYw_yjxE\/pr:1000x1000greybg\/aHR0cDovL21lZGlhMi5kZXNpZ25wYXJ0bmVyLmZyL2MvcC1jdXN0b20tVEgvMTk1OTYud2VicA?v=1754576605","large":"https:\/\/media.th4.com\/kE6EgIUwGqPOiTfZ5Lof29HnuHKVmNKr-h6nPgWBCco\/pr:1920greybg\/aHR0cDovL21lZGlhMi5kZXNpZ25wYXJ0bmVyLmZyL2MvcC1jdXN0b20tVEgvMTk1OTYud2VicA?v=1754576605","opengraph":"https:\/\/media.th4.com\/xgdwN0ZBNvJRM-jk5nByItLf3I5hXNhTavj-ITcw8n4\/pr:1200x630greybg\/aHR0cDovL21lZGlhMi5kZXNpZ25wYXJ0bmVyLmZyL2MvcC1jdXN0b20tVEgvMTk1OTYud2VicA?v=1754576605"},"page_links":{"fr":"\/fr\/p-st-stau891-hip-bag-sac-en-toile-stau891-19596\/","en":"\/en\/p-st-stau891-hip-bag-stau891-19596\/","de":"\/de\/p-st-stau891-hufttasche-tasche-aus-stoff-stau891-19596\/","nl":"\/nl\/p-st-stau891-hip-bag-tassen-van-linnen-stau891-19596\/","es":"\/es\/p-st-stau891-bolsa-de-cadera-bolsa-de-lona-stau891-19596\/","it":"\/it\/p-st-stau891-borsa-da-fianco-sac-in-tela-stau891-19596\/","sv":"\/sv\/p-st-stau891-hip-bag-tygvaska-stau891-19596\/","pt":"\/pt\/p-st-stau891-saco-bolsa-lateral-stau891-19596\/","da":"\/da\/p-st-stau891-hip-bag-posek-i-stof-stau891-19596\/","pl":"\/pl\/p-st-stau891-hip-bag-torba-z-plotna-stau891-19596\/"},"page_links_customization":{"fr":"\/fr\/p-st-stau891-hip-bag-sac-en-toile-stau891-personnalise-19596\/custom\/","en":"\/en\/p-st-stau891-hip-bag-fabric-bag-stau891-customizable-19596\/custom\/","de":"\/de\/p-st-stau891-hip-bag-stoffbeutel-stau891-personalisiert-19596\/custom\/","nl":"\/nl\/p-st-stau891-hip-bag-tas-stof-stau891-persoonlijk-gemaakt-19596\/custom\/","es":"\/es\/p-st-stau891-bolso-bandolera-bolsa-de-lona-stau891-personalizada-19596\/custom\/","it":"\/it\/p-st-stau891-hip-bag-sac-in-tela-stau891-personalizzato-19596\/custom\/","sv":"\/sv\/p-st-stau891-hip-bag-sack-i-tyg-stau891-personlig-19596\/custom\/","pt":"\/pt\/p-st-stau891-hip-bag-bolsa-de-lona-stau891-personalizada-19596\/custom\/","da":"\/da\/p-st-stau891-hip-bag-taske-i-stof-stau891-personliggjort-19596\/custom\/","pl":"\/pl\/p-st-stau891-torebka-pasowa-torebka-z-plotna-stau891-personalizowana-19596\/custom\/"},"equivalent_products":[],"colors":[{"id":14422,"name":"black","class_ids":[4],"codes_hexa":["333338"],"delai_24":false,"has_3d":true,"seuil_global":0,"stock_local":0,"stock_global":1067,"on_standby":false,"in_catalog":true,"images":{"miniature":["https:\/\/media.th4.com\/7ruuwHd-jqhQV4IfZ1nm8s88hY5VgkN2F5Z2wJJuXIA\/pr:80\/aHR0cDovL21lZGlhMi5kZXNpZ25wYXJ0bmVyLmZyL2MvcC8xOTU5Ni8xOTU5Ni0xNDQyMi0xLndlYnA?v=1747032468","https:\/\/media.th4.com\/0xVlnb5IDCBT0aOodnu_UGhQISoDBJtuHpEpv6bYX5w\/pr:80\/aHR0cDovL21lZGlhMi5kZXNpZ25wYXJ0bmVyLmZyL2MvcC8xOTU5Ni8xOTU5Ni0xNDQyMi0yLndlYnA?v=1747032468"],"medium":["https:\/\/media.th4.com\/eZjZ89uUPZmx7kEbUBHjwWa-LM5C78blB0bAK4gOAYg\/pr:550x550\/aHR0cDovL21lZGlhMi5kZXNpZ25wYXJ0bmVyLmZyL2MvcC8xOTU5Ni8xOTU5Ni0xNDQyMi0xLndlYnA?v=1747032468","https:\/\/media.th4.com\/Hp-Yk8o_iOccclC_a6E6KIEcKbcmDq3AarlU4Nih3lo\/pr:550x550\/aHR0cDovL21lZGlhMi5kZXNpZ25wYXJ0bmVyLmZyL2MvcC8xOTU5Ni8xOTU5Ni0xNDQyMi0yLndlYnA?v=1747032468"],"medium_large":["https:\/\/media.th4.com\/k1JfPyIVVC0DoY9w3bLUTesH2OkDStAEnwWXID7YP2I\/pr:1000x1000\/aHR0cDovL21lZGlhMi5kZXNpZ25wYXJ0bmVyLmZyL2MvcC8xOTU5Ni8xOTU5Ni0xNDQyMi0xLndlYnA?v=1747032468","https:\/\/media.th4.com\/EPEltkSwqpIK0rNsVMTeg9iRLOH7g3up9prhzfRITqo\/pr:1000x1000\/aHR0cDovL21lZGlhMi5kZXNpZ25wYXJ0bmVyLmZyL2MvcC8xOTU5Ni8xOTU5Ni0xNDQyMi0yLndlYnA?v=1747032468"],"large":["https:\/\/media.th4.com\/LpFXhe0gZXFaIyxZCroTvp4L-Pqf9dnRhdLHzVZhOb4\/pr:1920\/aHR0cDovL21lZGlhMi5kZXNpZ25wYXJ0bmVyLmZyL2MvcC8xOTU5Ni8xOTU5Ni0xNDQyMi0xLndlYnA?v=1747032468","https:\/\/media.th4.com\/l2vJH5jNsBBOHO8s1xCi7-UtBHsCM7zamt1-F0cn26E\/pr:1920\/aHR0cDovL21lZGlhMi5kZXNpZ25wYXJ0bmVyLmZyL2MvcC8xOTU5Ni8xOTU5Ni0xNDQyMi0yLndlYnA?v=1747032468"],"opengraph":["https:\/\/media.th4.com\/tnPT9y0nJHEgQebmarMIpfAyT7gtHltrcbAZnMQV2Mc\/pr:1200x630\/aHR0cDovL21lZGlhMi5kZXNpZ25wYXJ0bmVyLmZyL2MvcC8xOTU5Ni8xOTU5Ni0xNDQyMi0xLndlYnA?v=1747032468","https:\/\/media.th4.com\/JFgGonHtVGaHEiOwk_fwLttC5DlS3hPVQoSnpVo9QQU\/pr:1200x630\/aHR0cDovL21lZGlhMi5kZXNpZ25wYXJ0bmVyLmZyL2MvcC8xOTU5Ni8xOTU5Ni0xNDQyMi0yLndlYnA?v=1747032468"]},"images_customization":{"miniature":["https:\/\/media.th4.com\/7ruuwHd-jqhQV4IfZ1nm8s88hY5VgkN2F5Z2wJJuXIA\/pr:80\/aHR0cDovL21lZGlhMi5kZXNpZ25wYXJ0bmVyLmZyL2MvcC8xOTU5Ni8xOTU5Ni0xNDQyMi0xLndlYnA?v=1747032468","https:\/\/media.th4.com\/0xVlnb5IDCBT0aOodnu_UGhQISoDBJtuHpEpv6bYX5w\/pr:80\/aHR0cDovL21lZGlhMi5kZXNpZ25wYXJ0bmVyLmZyL2MvcC8xOTU5Ni8xOTU5Ni0xNDQyMi0yLndlYnA?v=1747032468"],"medium":["https:\/\/media.th4.com\/eZjZ89uUPZmx7kEbUBHjwWa-LM5C78blB0bAK4gOAYg\/pr:550x550\/aHR0cDovL21lZGlhMi5kZXNpZ25wYXJ0bmVyLmZyL2MvcC8xOTU5Ni8xOTU5Ni0xNDQyMi0xLndlYnA?v=1747032468","https:\/\/media.th4.com\/Hp-Yk8o_iOccclC_a6E6KIEcKbcmDq3AarlU4Nih3lo\/pr:550x550\/aHR0cDovL21lZGlhMi5kZXNpZ25wYXJ0bmVyLmZyL2MvcC8xOTU5Ni8xOTU5Ni0xNDQyMi0yLndlYnA?v=1747032468"],"medium_large":["https:\/\/media.th4.com\/k1JfPyIVVC0DoY9w3bLUTesH2OkDStAEnwWXID7YP2I\/pr:1000x1000\/aHR0cDovL21lZGlhMi5kZXNpZ25wYXJ0bmVyLmZyL2MvcC8xOTU5Ni8xOTU5Ni0xNDQyMi0xLndlYnA?v=1747032468","https:\/\/media.th4.com\/EPEltkSwqpIK0rNsVMTeg9iRLOH7g3up9prhzfRITqo\/pr:1000x1000\/aHR0cDovL21lZGlhMi5kZXNpZ25wYXJ0bmVyLmZyL2MvcC8xOTU5Ni8xOTU5Ni0xNDQyMi0yLndlYnA?v=1747032468"],"large":["https:\/\/media.th4.com\/LpFXhe0gZXFaIyxZCroTvp4L-Pqf9dnRhdLHzVZhOb4\/pr:1920\/aHR0cDovL21lZGlhMi5kZXNpZ25wYXJ0bmVyLmZyL2MvcC8xOTU5Ni8xOTU5Ni0xNDQyMi0xLndlYnA?v=1747032468","https:\/\/media.th4.com\/l2vJH5jNsBBOHO8s1xCi7-UtBHsCM7zamt1-F0cn26E\/pr:1920\/aHR0cDovL21lZGlhMi5kZXNpZ25wYXJ0bmVyLmZyL2MvcC8xOTU5Ni8xOTU5Ni0xNDQyMi0yLndlYnA?v=1747032468"],"opengraph":["https:\/\/media.th4.com\/tnPT9y0nJHEgQebmarMIpfAyT7gtHltrcbAZnMQV2Mc\/pr:1200x630\/aHR0cDovL21lZGlhMi5kZXNpZ25wYXJ0bmVyLmZyL2MvcC8xOTU5Ni8xOTU5Ni0xNDQyMi0xLndlYnA?v=1747032468","https:\/\/media.th4.com\/JFgGonHtVGaHEiOwk_fwLttC5DlS3hPVQoSnpVo9QQU\/pr:1200x630\/aHR0cDovL21lZGlhMi5kZXNpZ25wYXJ0bmVyLmZyL2MvcC8xOTU5Ni8xOTU5Ni0xNDQyMi0yLndlYnA?v=1747032468"]},"country_origin":"BD","traceability":{"manufacturing_country_id":59,"weaving_country_id":59,"dyeing_country_id":59},"sizes":[{"id":42,"article_id":490160,"class_id":19,"name":"taille_unique","on_standby":false,"stock_local":0,"stock_global":1067,"multiple":1,"estimated_date_reassort":null,"is_destocking":false}],"page_links":{"fr":"\/fr\/p-st-stau891-hip-bag-sac-en-toile-stau891-19596\/black-14422\/","en":"\/en\/p-st-stau891-hip-bag-stau891-19596\/black-14422\/","de":"\/de\/p-st-stau891-hufttasche-tasche-aus-stoff-stau891-19596\/black-14422\/","nl":"\/nl\/p-st-stau891-hip-bag-tassen-van-linnen-stau891-19596\/black-14422\/","es":"\/es\/p-st-stau891-bolsa-de-cadera-bolsa-de-lona-stau891-19596\/black-14422\/","it":"\/it\/p-st-stau891-borsa-da-fianco-sac-in-tela-stau891-19596\/black-14422\/","sv":"\/sv\/p-st-stau891-hip-bag-tygvaska-stau891-19596\/black-14422\/","pt":"\/pt\/p-st-stau891-saco-bolsa-lateral-stau891-19596\/black-14422\/","da":"\/da\/p-st-stau891-hip-bag-posek-i-stof-stau891-19596\/black-14422\/","pl":"\/pl\/p-st-stau891-hip-bag-torba-z-plotna-stau891-19596\/black-14422\/"},"page_links_customization":{"fr":"\/fr\/p-st-stau891-hip-bag-sac-en-toile-stau891-personnalise-19596\/black-14422\/custom\/","en":"\/en\/p-st-stau891-hip-bag-fabric-bag-stau891-customizable-19596\/black-14422\/custom\/","de":"\/de\/p-st-stau891-hip-bag-stoffbeutel-stau891-personalisiert-19596\/black-14422\/custom\/","nl":"\/nl\/p-st-stau891-hip-bag-tas-stof-stau891-persoonlijk-gemaakt-19596\/black-14422\/custom\/","es":"\/es\/p-st-stau891-bolso-bandolera-bolsa-de-lona-stau891-personalizada-19596\/black-14422\/custom\/","it":"\/it\/p-st-stau891-hip-bag-sac-in-tela-stau891-personalizzato-19596\/black-14422\/custom\/","sv":"\/sv\/p-st-stau891-hip-bag-sack-i-tyg-stau891-personlig-19596\/black-14422\/custom\/","pt":"\/pt\/p-st-stau891-hip-bag-bolsa-de-lona-stau891-personalizada-19596\/black-14422\/custom\/","da":"\/da\/p-st-stau891-hip-bag-taske-i-stof-stau891-personliggjort-19596\/black-14422\/custom\/","pl":"\/pl\/p-st-stau891-torebka-pasowa-torebka-z-plotna-stau891-personalizowana-19596\/black-14422\/custom\/"}},{"id":14427,"name":"natural","class_ids":[8],"codes_hexa":["e3dad1"],"delai_24":false,"has_3d":true,"seuil_global":0,"stock_local":0,"stock_global":489,"on_standby":false,"in_catalog":true,"images":{"miniature":["https:\/\/media.th4.com\/Cqx6mL5LwPRMPaFsG2fQL_NfbE30Z4Aw4zw70CdWgn0\/pr:80\/aHR0cDovL21lZGlhMi5kZXNpZ25wYXJ0bmVyLmZyL2MvcC8xOTU5Ni8xOTU5Ni0xNDQyNy0xLndlYnA?v=1747032468","https:\/\/media.th4.com\/hnG1t8A9VB2eR_H9Vt9IJjE1CTVWkTMe9uUf-wdcYPE\/pr:80\/aHR0cDovL21lZGlhMi5kZXNpZ25wYXJ0bmVyLmZyL2MvcC8xOTU5Ni8xOTU5Ni0xNDQyNy0xMC53ZWJw?v=1747032468","https:\/\/media.th4.com\/zjkWfXwhU2lB4HpSNKOGc8uI3ZCAkS_v3oSQCd8uRpA\/pr:80\/aHR0cDovL21lZGlhMi5kZXNpZ25wYXJ0bmVyLmZyL2MvcC8xOTU5Ni8xOTU5Ni0xNDQyNy0yLndlYnA?v=1747032468"],"medium":["https:\/\/media.th4.com\/RJqpdl8etjA79jjCSMsLy4aQBx4GcQXhmNRuFzVZ28Y\/pr:550x550\/aHR0cDovL21lZGlhMi5kZXNpZ25wYXJ0bmVyLmZyL2MvcC8xOTU5Ni8xOTU5Ni0xNDQyNy0xLndlYnA?v=1747032468","https:\/\/media.th4.com\/HaUGfz-N3TagdHJwM9bRNuaFNPr138-kdp_0tsW5Uvg\/pr:550x550\/aHR0cDovL21lZGlhMi5kZXNpZ25wYXJ0bmVyLmZyL2MvcC8xOTU5Ni8xOTU5Ni0xNDQyNy0xMC53ZWJw?v=1747032468","https:\/\/media.th4.com\/y-_CcWYmweB4LpVAEMQYG3ZWBcsk5jKGB1eK9JcEFvE\/pr:550x550\/aHR0cDovL21lZGlhMi5kZXNpZ25wYXJ0bmVyLmZyL2MvcC8xOTU5Ni8xOTU5Ni0xNDQyNy0yLndlYnA?v=1747032468"],"medium_large":["https:\/\/media.th4.com\/9ShSzZJqCUFwifsXmPUuljsennqhdvgEzG1WEfzcSxA\/pr:1000x1000\/aHR0cDovL21lZGlhMi5kZXNpZ25wYXJ0bmVyLmZyL2MvcC8xOTU5Ni8xOTU5Ni0xNDQyNy0xLndlYnA?v=1747032468","https:\/\/media.th4.com\/YPS5KULqqJp7wDhjusbnaC9fDk6kUopBeYNO5VukGQE\/pr:1000x1000\/aHR0cDovL21lZGlhMi5kZXNpZ25wYXJ0bmVyLmZyL2MvcC8xOTU5Ni8xOTU5Ni0xNDQyNy0xMC53ZWJw?v=1747032468","https:\/\/media.th4.com\/ZaSiWVbP0FUzspyDzvb98P-RpDYWyEI-5tTNIQMJ_DE\/pr:1000x1000\/aHR0cDovL21lZGlhMi5kZXNpZ25wYXJ0bmVyLmZyL2MvcC8xOTU5Ni8xOTU5Ni0xNDQyNy0yLndlYnA?v=1747032468"],"large":["https:\/\/media.th4.com\/YTGO7PqZUOrubLyaoVMopaMIYzw1oZpBQggx1l-diy8\/pr:1920\/aHR0cDovL21lZGlhMi5kZXNpZ25wYXJ0bmVyLmZyL2MvcC8xOTU5Ni8xOTU5Ni0xNDQyNy0xLndlYnA?v=1747032468","https:\/\/media.th4.com\/DUO3yQ7GhabStHo2d9XVSuImWx9-0bQ2w4n7WYYA32Y\/pr:1920\/aHR0cDovL21lZGlhMi5kZXNpZ25wYXJ0bmVyLmZyL2MvcC8xOTU5Ni8xOTU5Ni0xNDQyNy0xMC53ZWJw?v=1747032468","https:\/\/media.th4.com\/fgY2GC7AHUv28mz4yLUqoAuY0zmQKIMct7_zIGdE_YI\/pr:1920\/aHR0cDovL21lZGlhMi5kZXNpZ25wYXJ0bmVyLmZyL2MvcC8xOTU5Ni8xOTU5Ni0xNDQyNy0yLndlYnA?v=1747032468"],"opengraph":["https:\/\/media.th4.com\/TVkIC2WWblf2pGash9vtTUzSXnzgG_tH4JAbTktibLY\/pr:1200x630\/aHR0cDovL21lZGlhMi5kZXNpZ25wYXJ0bmVyLmZyL2MvcC8xOTU5Ni8xOTU5Ni0xNDQyNy0xLndlYnA?v=1747032468","https:\/\/media.th4.com\/8TrQj6hY024yHy6ruUZNcab3GDKBKvr_4Hp2JzVVR-g\/pr:1200x630\/aHR0cDovL21lZGlhMi5kZXNpZ25wYXJ0bmVyLmZyL2MvcC8xOTU5Ni8xOTU5Ni0xNDQyNy0xMC53ZWJw?v=1747032468","https:\/\/media.th4.com\/lLIUPXh4vP_8xclCxOpREyD8wGFN_kSLvfVleKf_FZE\/pr:1200x630\/aHR0cDovL21lZGlhMi5kZXNpZ25wYXJ0bmVyLmZyL2MvcC8xOTU5Ni8xOTU5Ni0xNDQyNy0yLndlYnA?v=1747032468"]},"images_customization":{"miniature":["https:\/\/media.th4.com\/Cqx6mL5LwPRMPaFsG2fQL_NfbE30Z4Aw4zw70CdWgn0\/pr:80\/aHR0cDovL21lZGlhMi5kZXNpZ25wYXJ0bmVyLmZyL2MvcC8xOTU5Ni8xOTU5Ni0xNDQyNy0xLndlYnA?v=1747032468","https:\/\/media.th4.com\/hnG1t8A9VB2eR_H9Vt9IJjE1CTVWkTMe9uUf-wdcYPE\/pr:80\/aHR0cDovL21lZGlhMi5kZXNpZ25wYXJ0bmVyLmZyL2MvcC8xOTU5Ni8xOTU5Ni0xNDQyNy0xMC53ZWJw?v=1747032468","https:\/\/media.th4.com\/zjkWfXwhU2lB4HpSNKOGc8uI3ZCAkS_v3oSQCd8uRpA\/pr:80\/aHR0cDovL21lZGlhMi5kZXNpZ25wYXJ0bmVyLmZyL2MvcC8xOTU5Ni8xOTU5Ni0xNDQyNy0yLndlYnA?v=1747032468"],"medium":["https:\/\/media.th4.com\/RJqpdl8etjA79jjCSMsLy4aQBx4GcQXhmNRuFzVZ28Y\/pr:550x550\/aHR0cDovL21lZGlhMi5kZXNpZ25wYXJ0bmVyLmZyL2MvcC8xOTU5Ni8xOTU5Ni0xNDQyNy0xLndlYnA?v=1747032468","https:\/\/media.th4.com\/HaUGfz-N3TagdHJwM9bRNuaFNPr138-kdp_0tsW5Uvg\/pr:550x550\/aHR0cDovL21lZGlhMi5kZXNpZ25wYXJ0bmVyLmZyL2MvcC8xOTU5Ni8xOTU5Ni0xNDQyNy0xMC53ZWJw?v=1747032468","https:\/\/media.th4.com\/y-_CcWYmweB4LpVAEMQYG3ZWBcsk5jKGB1eK9JcEFvE\/pr:550x550\/aHR0cDovL21lZGlhMi5kZXNpZ25wYXJ0bmVyLmZyL2MvcC8xOTU5Ni8xOTU5Ni0xNDQyNy0yLndlYnA?v=1747032468"],"medium_large":["https:\/\/media.th4.com\/9ShSzZJqCUFwifsXmPUuljsennqhdvgEzG1WEfzcSxA\/pr:1000x1000\/aHR0cDovL21lZGlhMi5kZXNpZ25wYXJ0bmVyLmZyL2MvcC8xOTU5Ni8xOTU5Ni0xNDQyNy0xLndlYnA?v=1747032468","https:\/\/media.th4.com\/YPS5KULqqJp7wDhjusbnaC9fDk6kUopBeYNO5VukGQE\/pr:1000x1000\/aHR0cDovL21lZGlhMi5kZXNpZ25wYXJ0bmVyLmZyL2MvcC8xOTU5Ni8xOTU5Ni0xNDQyNy0xMC53ZWJw?v=1747032468","https:\/\/media.th4.com\/ZaSiWVbP0FUzspyDzvb98P-RpDYWyEI-5tTNIQMJ_DE\/pr:1000x1000\/aHR0cDovL21lZGlhMi5kZXNpZ25wYXJ0bmVyLmZyL2MvcC8xOTU5Ni8xOTU5Ni0xNDQyNy0yLndlYnA?v=1747032468"],"large":["https:\/\/media.th4.com\/YTGO7PqZUOrubLyaoVMopaMIYzw1oZpBQggx1l-diy8\/pr:1920\/aHR0cDovL21lZGlhMi5kZXNpZ25wYXJ0bmVyLmZyL2MvcC8xOTU5Ni8xOTU5Ni0xNDQyNy0xLndlYnA?v=1747032468","https:\/\/media.th4.com\/DUO3yQ7GhabStHo2d9XVSuImWx9-0bQ2w4n7WYYA32Y\/pr:1920\/aHR0cDovL21lZGlhMi5kZXNpZ25wYXJ0bmVyLmZyL2MvcC8xOTU5Ni8xOTU5Ni0xNDQyNy0xMC53ZWJw?v=1747032468","https:\/\/media.th4.com\/fgY2GC7AHUv28mz4yLUqoAuY0zmQKIMct7_zIGdE_YI\/pr:1920\/aHR0cDovL21lZGlhMi5kZXNpZ25wYXJ0bmVyLmZyL2MvcC8xOTU5Ni8xOTU5Ni0xNDQyNy0yLndlYnA?v=1747032468"],"opengraph":["https:\/\/media.th4.com\/TVkIC2WWblf2pGash9vtTUzSXnzgG_tH4JAbTktibLY\/pr:1200x630\/aHR0cDovL21lZGlhMi5kZXNpZ25wYXJ0bmVyLmZyL2MvcC8xOTU5Ni8xOTU5Ni0xNDQyNy0xLndlYnA?v=1747032468","https:\/\/media.th4.com\/8TrQj6hY024yHy6ruUZNcab3GDKBKvr_4Hp2JzVVR-g\/pr:1200x630\/aHR0cDovL21lZGlhMi5kZXNpZ25wYXJ0bmVyLmZyL2MvcC8xOTU5Ni8xOTU5Ni0xNDQyNy0xMC53ZWJw?v=1747032468","https:\/\/media.th4.com\/lLIUPXh4vP_8xclCxOpREyD8wGFN_kSLvfVleKf_FZE\/pr:1200x630\/aHR0cDovL21lZGlhMi5kZXNpZ25wYXJ0bmVyLmZyL2MvcC8xOTU5Ni8xOTU5Ni0xNDQyNy0yLndlYnA?v=1747032468"]},"country_origin":"BD","traceability":{"manufacturing_country_id":59,"weaving_country_id":59,"dyeing_country_id":59},"sizes":[{"id":42,"article_id":490161,"class_id":19,"name":"taille_unique","on_standby":false,"stock_local":1,"stock_global":489,"multiple":1,"estimated_date_reassort":null,"is_destocking":true}],"page_links":{"fr":"\/fr\/p-st-stau891-hip-bag-sac-en-toile-stau891-19596\/natural-14427\/","en":"\/en\/p-st-stau891-hip-bag-stau891-19596\/natural-14427\/","de":"\/de\/p-st-stau891-hufttasche-tasche-aus-stoff-stau891-19596\/natural-14427\/","nl":"\/nl\/p-st-stau891-hip-bag-tassen-van-linnen-stau891-19596\/natural-14427\/","es":"\/es\/p-st-stau891-bolsa-de-cadera-bolsa-de-lona-stau891-19596\/natural-14427\/","it":"\/it\/p-st-stau891-borsa-da-fianco-sac-in-tela-stau891-19596\/natural-14427\/","sv":"\/sv\/p-st-stau891-hip-bag-tygvaska-stau891-19596\/natural-14427\/","pt":"\/pt\/p-st-stau891-saco-bolsa-lateral-stau891-19596\/natural-14427\/","da":"\/da\/p-st-stau891-hip-bag-posek-i-stof-stau891-19596\/natural-14427\/","pl":"\/pl\/p-st-stau891-hip-bag-torba-z-plotna-stau891-19596\/natural-14427\/"},"page_links_customization":{"fr":"\/fr\/p-st-stau891-hip-bag-sac-en-toile-stau891-personnalise-19596\/natural-14427\/custom\/","en":"\/en\/p-st-stau891-hip-bag-fabric-bag-stau891-customizable-19596\/natural-14427\/custom\/","de":"\/de\/p-st-stau891-hip-bag-stoffbeutel-stau891-personalisiert-19596\/natural-14427\/custom\/","nl":"\/nl\/p-st-stau891-hip-bag-tas-stof-stau891-persoonlijk-gemaakt-19596\/natural-14427\/custom\/","es":"\/es\/p-st-stau891-bolso-bandolera-bolsa-de-lona-stau891-personalizada-19596\/natural-14427\/custom\/","it":"\/it\/p-st-stau891-hip-bag-sac-in-tela-stau891-personalizzato-19596\/natural-14427\/custom\/","sv":"\/sv\/p-st-stau891-hip-bag-sack-i-tyg-stau891-personlig-19596\/natural-14427\/custom\/","pt":"\/pt\/p-st-stau891-hip-bag-bolsa-de-lona-stau891-personalizada-19596\/natural-14427\/custom\/","da":"\/da\/p-st-stau891-hip-bag-taske-i-stof-stau891-personliggjort-19596\/natural-14427\/custom\/","pl":"\/pl\/p-st-stau891-torebka-pasowa-torebka-z-plotna-stau891-personalizowana-19596\/natural-14427\/custom\/"}},{"id":14423,"name":"heather_grey","class_ids":[3],"codes_hexa":["A4A5A7"],"delai_24":false,"has_3d":true,"seuil_global":0,"stock_local":0,"stock_global":439,"on_standby":false,"in_catalog":true,"images":{"miniature":["https:\/\/media.th4.com\/3CHwUxYKOGUEO9qKnRJXnO4E5E5MdJGjUwTCUsVyLDU\/pr:80\/aHR0cDovL21lZGlhMi5kZXNpZ25wYXJ0bmVyLmZyL2MvcC8xOTU5Ni8xOTU5Ni0xNDQyMy0xLndlYnA?v=1747032468","https:\/\/media.th4.com\/SQ1DZMKwCCE0jRMVx4THJMbRZzwoK3WmU2e0xsPa3fg\/pr:80\/aHR0cDovL21lZGlhMi5kZXNpZ25wYXJ0bmVyLmZyL2MvcC8xOTU5Ni8xOTU5Ni0xNDQyMy0xMC53ZWJw?v=1747032468","https:\/\/media.th4.com\/_A0lKH9ZV4cpJcTL2m6130nv1-DUHxsY0NcAGZjrt60\/pr:80\/aHR0cDovL21lZGlhMi5kZXNpZ25wYXJ0bmVyLmZyL2MvcC8xOTU5Ni8xOTU5Ni0xNDQyMy0yLndlYnA?v=1747032468"],"medium":["https:\/\/media.th4.com\/emXdk7wssRP9ht3q8E9aicJMjs_-nfr7XGxif_nhu2I\/pr:550x550\/aHR0cDovL21lZGlhMi5kZXNpZ25wYXJ0bmVyLmZyL2MvcC8xOTU5Ni8xOTU5Ni0xNDQyMy0xLndlYnA?v=1747032468","https:\/\/media.th4.com\/ZXmN9ugvbpjImvIb8bbFLG0JeBn3RgbKn5EZ8lJCGYA\/pr:550x550\/aHR0cDovL21lZGlhMi5kZXNpZ25wYXJ0bmVyLmZyL2MvcC8xOTU5Ni8xOTU5Ni0xNDQyMy0xMC53ZWJw?v=1747032468","https:\/\/media.th4.com\/LAvIsENY5oU3czNQV-2eFd1g28jpBLeOAMwFCU8Smg0\/pr:550x550\/aHR0cDovL21lZGlhMi5kZXNpZ25wYXJ0bmVyLmZyL2MvcC8xOTU5Ni8xOTU5Ni0xNDQyMy0yLndlYnA?v=1747032468"],"medium_large":["https:\/\/media.th4.com\/RMAsuJQ-U40KEuq4NUTtxicyMgczFFUH7_EI1TCaJCk\/pr:1000x1000\/aHR0cDovL21lZGlhMi5kZXNpZ25wYXJ0bmVyLmZyL2MvcC8xOTU5Ni8xOTU5Ni0xNDQyMy0xLndlYnA?v=1747032468","https:\/\/media.th4.com\/BxpjWOj985GLZJj202zt76tqIIVFUzbkRhpek5pNrH4\/pr:1000x1000\/aHR0cDovL21lZGlhMi5kZXNpZ25wYXJ0bmVyLmZyL2MvcC8xOTU5Ni8xOTU5Ni0xNDQyMy0xMC53ZWJw?v=1747032468","https:\/\/media.th4.com\/fhn_jJwxsAhr5GTG_EPdccfDylxf9v0u99asy2gAUZk\/pr:1000x1000\/aHR0cDovL21lZGlhMi5kZXNpZ25wYXJ0bmVyLmZyL2MvcC8xOTU5Ni8xOTU5Ni0xNDQyMy0yLndlYnA?v=1747032468"],"large":["https:\/\/media.th4.com\/PxeUktNrBB1KeOdhMuLv7DPVci3C7DhSMx5xsHShh10\/pr:1920\/aHR0cDovL21lZGlhMi5kZXNpZ25wYXJ0bmVyLmZyL2MvcC8xOTU5Ni8xOTU5Ni0xNDQyMy0xLndlYnA?v=1747032468","https:\/\/media.th4.com\/Q0btoqJQQ2YNCMOiZihjJ8_y9NTXhCm-2t2Fg95sPOE\/pr:1920\/aHR0cDovL21lZGlhMi5kZXNpZ25wYXJ0bmVyLmZyL2MvcC8xOTU5Ni8xOTU5Ni0xNDQyMy0xMC53ZWJw?v=1747032468","https:\/\/media.th4.com\/zLWFJtndmpF1EJ4ZvUcEW8DLEtIz5KftVSBMU7xAD5U\/pr:1920\/aHR0cDovL21lZGlhMi5kZXNpZ25wYXJ0bmVyLmZyL2MvcC8xOTU5Ni8xOTU5Ni0xNDQyMy0yLndlYnA?v=1747032468"],"opengraph":["https:\/\/media.th4.com\/6J_v-1ejxX-Ue33w6R7FNxrM_9g0jYOBXluKOC40aYY\/pr:1200x630\/aHR0cDovL21lZGlhMi5kZXNpZ25wYXJ0bmVyLmZyL2MvcC8xOTU5Ni8xOTU5Ni0xNDQyMy0xLndlYnA?v=1747032468","https:\/\/media.th4.com\/Zgc9Vv9jvbX5Fo9k4MDjchTtcWeIpQgtIp-JvqGJHxQ\/pr:1200x630\/aHR0cDovL21lZGlhMi5kZXNpZ25wYXJ0bmVyLmZyL2MvcC8xOTU5Ni8xOTU5Ni0xNDQyMy0xMC53ZWJw?v=1747032468","https:\/\/media.th4.com\/L7N8P66gCA0-1woUj68NzHdt50XlodzqGXhyRJqnkt0\/pr:1200x630\/aHR0cDovL21lZGlhMi5kZXNpZ25wYXJ0bmVyLmZyL2MvcC8xOTU5Ni8xOTU5Ni0xNDQyMy0yLndlYnA?v=1747032468"]},"images_customization":{"miniature":["https:\/\/media.th4.com\/3CHwUxYKOGUEO9qKnRJXnO4E5E5MdJGjUwTCUsVyLDU\/pr:80\/aHR0cDovL21lZGlhMi5kZXNpZ25wYXJ0bmVyLmZyL2MvcC8xOTU5Ni8xOTU5Ni0xNDQyMy0xLndlYnA?v=1747032468","https:\/\/media.th4.com\/SQ1DZMKwCCE0jRMVx4THJMbRZzwoK3WmU2e0xsPa3fg\/pr:80\/aHR0cDovL21lZGlhMi5kZXNpZ25wYXJ0bmVyLmZyL2MvcC8xOTU5Ni8xOTU5Ni0xNDQyMy0xMC53ZWJw?v=1747032468","https:\/\/media.th4.com\/_A0lKH9ZV4cpJcTL2m6130nv1-DUHxsY0NcAGZjrt60\/pr:80\/aHR0cDovL21lZGlhMi5kZXNpZ25wYXJ0bmVyLmZyL2MvcC8xOTU5Ni8xOTU5Ni0xNDQyMy0yLndlYnA?v=1747032468"],"medium":["https:\/\/media.th4.com\/emXdk7wssRP9ht3q8E9aicJMjs_-nfr7XGxif_nhu2I\/pr:550x550\/aHR0cDovL21lZGlhMi5kZXNpZ25wYXJ0bmVyLmZyL2MvcC8xOTU5Ni8xOTU5Ni0xNDQyMy0xLndlYnA?v=1747032468","https:\/\/media.th4.com\/ZXmN9ugvbpjImvIb8bbFLG0JeBn3RgbKn5EZ8lJCGYA\/pr:550x550\/aHR0cDovL21lZGlhMi5kZXNpZ25wYXJ0bmVyLmZyL2MvcC8xOTU5Ni8xOTU5Ni0xNDQyMy0xMC53ZWJw?v=1747032468","https:\/\/media.th4.com\/LAvIsENY5oU3czNQV-2eFd1g28jpBLeOAMwFCU8Smg0\/pr:550x550\/aHR0cDovL21lZGlhMi5kZXNpZ25wYXJ0bmVyLmZyL2MvcC8xOTU5Ni8xOTU5Ni0xNDQyMy0yLndlYnA?v=1747032468"],"medium_large":["https:\/\/media.th4.com\/RMAsuJQ-U40KEuq4NUTtxicyMgczFFUH7_EI1TCaJCk\/pr:1000x1000\/aHR0cDovL21lZGlhMi5kZXNpZ25wYXJ0bmVyLmZyL2MvcC8xOTU5Ni8xOTU5Ni0xNDQyMy0xLndlYnA?v=1747032468","https:\/\/media.th4.com\/BxpjWOj985GLZJj202zt76tqIIVFUzbkRhpek5pNrH4\/pr:1000x1000\/aHR0cDovL21lZGlhMi5kZXNpZ25wYXJ0bmVyLmZyL2MvcC8xOTU5Ni8xOTU5Ni0xNDQyMy0xMC53ZWJw?v=1747032468","https:\/\/media.th4.com\/fhn_jJwxsAhr5GTG_EPdccfDylxf9v0u99asy2gAUZk\/pr:1000x1000\/aHR0cDovL21lZGlhMi5kZXNpZ25wYXJ0bmVyLmZyL2MvcC8xOTU5Ni8xOTU5Ni0xNDQyMy0yLndlYnA?v=1747032468"],"large":["https:\/\/media.th4.com\/PxeUktNrBB1KeOdhMuLv7DPVci3C7DhSMx5xsHShh10\/pr:1920\/aHR0cDovL21lZGlhMi5kZXNpZ25wYXJ0bmVyLmZyL2MvcC8xOTU5Ni8xOTU5Ni0xNDQyMy0xLndlYnA?v=1747032468","https:\/\/media.th4.com\/Q0btoqJQQ2YNCMOiZihjJ8_y9NTXhCm-2t2Fg95sPOE\/pr:1920\/aHR0cDovL21lZGlhMi5kZXNpZ25wYXJ0bmVyLmZyL2MvcC8xOTU5Ni8xOTU5Ni0xNDQyMy0xMC53ZWJw?v=1747032468","https:\/\/media.th4.com\/zLWFJtndmpF1EJ4ZvUcEW8DLEtIz5KftVSBMU7xAD5U\/pr:1920\/aHR0cDovL21lZGlhMi5kZXNpZ25wYXJ0bmVyLmZyL2MvcC8xOTU5Ni8xOTU5Ni0xNDQyMy0yLndlYnA?v=1747032468"],"opengraph":["https:\/\/media.th4.com\/6J_v-1ejxX-Ue33w6R7FNxrM_9g0jYOBXluKOC40aYY\/pr:1200x630\/aHR0cDovL21lZGlhMi5kZXNpZ25wYXJ0bmVyLmZyL2MvcC8xOTU5Ni8xOTU5Ni0xNDQyMy0xLndlYnA?v=1747032468","https:\/\/media.th4.com\/Zgc9Vv9jvbX5Fo9k4MDjchTtcWeIpQgtIp-JvqGJHxQ\/pr:1200x630\/aHR0cDovL21lZGlhMi5kZXNpZ25wYXJ0bmVyLmZyL2MvcC8xOTU5Ni8xOTU5Ni0xNDQyMy0xMC53ZWJw?v=1747032468","https:\/\/media.th4.com\/L7N8P66gCA0-1woUj68NzHdt50XlodzqGXhyRJqnkt0\/pr:1200x630\/aHR0cDovL21lZGlhMi5kZXNpZ25wYXJ0bmVyLmZyL2MvcC8xOTU5Ni8xOTU5Ni0xNDQyMy0yLndlYnA?v=1747032468"]},"country_origin":"BD","traceability":{"manufacturing_country_id":59,"weaving_country_id":59,"dyeing_country_id":59},"sizes":[{"id":42,"article_id":490162,"class_id":19,"name":"taille_unique","on_standby":false,"stock_local":0,"stock_global":439,"multiple":1,"estimated_date_reassort":null,"is_destocking":false}],"page_links":{"fr":"\/fr\/p-st-stau891-hip-bag-sac-en-toile-stau891-19596\/heather-grey-14423\/","en":"\/en\/p-st-stau891-hip-bag-stau891-19596\/heather-grey-14423\/","de":"\/de\/p-st-stau891-hufttasche-tasche-aus-stoff-stau891-19596\/heather-grey-14423\/","nl":"\/nl\/p-st-stau891-hip-bag-tassen-van-linnen-stau891-19596\/heather-grey-14423\/","es":"\/es\/p-st-stau891-bolsa-de-cadera-bolsa-de-lona-stau891-19596\/heather-grey-14423\/","it":"\/it\/p-st-stau891-borsa-da-fianco-sac-in-tela-stau891-19596\/heather-grey-14423\/","sv":"\/sv\/p-st-stau891-hip-bag-tygvaska-stau891-19596\/heather-grey-14423\/","pt":"\/pt\/p-st-stau891-saco-bolsa-lateral-stau891-19596\/heather-grey-14423\/","da":"\/da\/p-st-stau891-hip-bag-posek-i-stof-stau891-19596\/heather-grey-14423\/","pl":"\/pl\/p-st-stau891-hip-bag-torba-z-plotna-stau891-19596\/heather-grey-14423\/"},"page_links_customization":{"fr":"\/fr\/p-st-stau891-hip-bag-sac-en-toile-stau891-personnalise-19596\/heather-grey-14423\/custom\/","en":"\/en\/p-st-stau891-hip-bag-fabric-bag-stau891-customizable-19596\/heather-grey-14423\/custom\/","de":"\/de\/p-st-stau891-hip-bag-stoffbeutel-stau891-personalisiert-19596\/heather-grey-14423\/custom\/","nl":"\/nl\/p-st-stau891-hip-bag-tas-stof-stau891-persoonlijk-gemaakt-19596\/heather-grey-14423\/custom\/","es":"\/es\/p-st-stau891-bolso-bandolera-bolsa-de-lona-stau891-personalizada-19596\/heather-grey-14423\/custom\/","it":"\/it\/p-st-stau891-hip-bag-sac-in-tela-stau891-personalizzato-19596\/heather-grey-14423\/custom\/","sv":"\/sv\/p-st-stau891-hip-bag-sack-i-tyg-stau891-personlig-19596\/heather-grey-14423\/custom\/","pt":"\/pt\/p-st-stau891-hip-bag-bolsa-de-lona-stau891-personalizada-19596\/heather-grey-14423\/custom\/","da":"\/da\/p-st-stau891-hip-bag-taske-i-stof-stau891-personliggjort-19596\/heather-grey-14423\/custom\/","pl":"\/pl\/p-st-stau891-torebka-pasowa-torebka-z-plotna-stau891-personalizowana-19596\/heather-grey-14423\/custom\/"}}],"documentation_link":"\/pdf\/19596.pdf","countries_availables":["AD","AE","AL","AT","BA","BD","BE","BG","BL","CA","CH","CN","CO","CY","CZ","DE","DK","DO","EE","EG","ES","ET","FI","FR","GB","GE","GF","GP","GR","GT","HK","HN","HR","HT","HU","ID","IE","IN","IS","IT","JO","JP","KE","KH","KP","KR","LA","LK","LS","LT","LU","LV","MA","MF","MG","MK","MM","MN","MQ","MT","MX","MY","NC","NI","NL","PF","PH","PK","PL","PM","PT","RE","RO","SE","SG","SI","SK","SV","SY","TH","TN","TR","TW","TZ","US","VN","WF","YT"]},"infos_customization":[],"features":{"authorize_multi_surfaces":true,"display_order_delay_type":true,"promote_surface_display":true,"tarification_franco_offert":true,"enabled_3d_editor":false},"markings":[{"id":0,"nom":"vierge","finition":null,"libelle":null,"code":null,"dpi":null,"finesse_forme_isolee":null,"finesse_forme_non_isolee":null,"hauteur_minimale_texte":null,"inactif":0,"marquage_interne":1,"quantite_min":null,"parent_id":null,"print_on_support":0,"content":"vierge","description":null},{"id":2,"nom":"fonce","finition":"optimale","libelle":"TopQuadri","code":null,"dpi":400,"finesse_forme_isolee":"0.040","finesse_forme_non_isolee":"0.700","hauteur_minimale_texte":2,"inactif":0,"marquage_interne":1,"quantite_min":null,"parent_id":18,"print_on_support":0,"content":"TopQuadri","description":"pour petites et moyennes s\u00e9ries"},{"id":3,"nom":"serigraphie","finition":"serigraphie","libelle":"SeriCoat","code":null,"dpi":400,"finesse_forme_isolee":"0.040","finesse_forme_non_isolee":"0.700","hauteur_minimale_texte":2,"inactif":0,"marquage_interne":1,"quantite_min":15,"parent_id":18,"print_on_support":0,"content":"SeriCoat","description":"pour moyennes et grandes s\u00e9ries"},{"id":4,"nom":"broderie","finition":"broderie","libelle":"Broderie","code":null,"dpi":400,"finesse_forme_isolee":"0.040","finesse_forme_non_isolee":"0.700","hauteur_minimale_texte":3,"inactif":0,"marquage_interne":1,"quantite_min":null,"parent_id":null,"print_on_support":0,"content":"Broderie","description":null},{"id":8,"nom":"theme","finition":null,"libelle":"Th\u00e8me","code":null,"dpi":null,"finesse_forme_isolee":null,"finesse_forme_non_isolee":null,"hauteur_minimale_texte":null,"inactif":0,"marquage_interne":1,"quantite_min":null,"parent_id":null,"print_on_support":0,"content":"Th\u00e8me","description":null},{"id":9,"nom":"sans","finition":null,"libelle":null,"code":null,"dpi":null,"finesse_forme_isolee":null,"finesse_forme_non_isolee":null,"hauteur_minimale_texte":null,"inactif":0,"marquage_interne":1,"quantite_min":null,"parent_id":null,"print_on_support":0,"content":"sans","description":null},{"id":10,"nom":"photo","finition":null,"libelle":"Photo","code":null,"dpi":null,"finesse_forme_isolee":null,"finesse_forme_non_isolee":null,"hauteur_minimale_texte":null,"inactif":0,"marquage_interne":1,"quantite_min":null,"parent_id":null,"print_on_support":0,"content":"Photo","description":null},{"id":14,"nom":"couleur","finition":null,"libelle":"Couleur","code":null,"dpi":null,"finesse_forme_isolee":null,"finesse_forme_non_isolee":null,"hauteur_minimale_texte":null,"inactif":0,"marquage_interne":1,"quantite_min":null,"parent_id":null,"print_on_support":0,"content":"Couleur","description":null},{"id":15,"nom":"sublimation","finition":"sublimation","libelle":"Sublimation","code":null,"dpi":null,"finesse_forme_isolee":"0.000","finesse_forme_non_isolee":"0.000","hauteur_minimale_texte":2,"inactif":0,"marquage_interne":1,"quantite_min":null,"parent_id":null,"print_on_support":0,"content":"Sublimation","description":null},{"id":16,"nom":"topquadri_uv","finition":null,"libelle":"TopQuadri UV","code":null,"dpi":null,"finesse_forme_isolee":"0.020","finesse_forme_non_isolee":"0.700","hauteur_minimale_texte":2,"inactif":0,"marquage_interne":1,"quantite_min":null,"parent_id":null,"print_on_support":1,"content":null,"description":null},{"id":17,"nom":"topquadri_uvp","finition":null,"libelle":"TopQuadri UVP","code":null,"dpi":null,"finesse_forme_isolee":"0.020","finesse_forme_non_isolee":"0.700","hauteur_minimale_texte":2,"inactif":0,"marquage_interne":1,"quantite_min":null,"parent_id":null,"print_on_support":1,"content":null,"description":null},{"id":18,"nom":"quadri","finition":null,"libelle":"Impression","code":null,"dpi":null,"finesse_forme_isolee":null,"finesse_forme_non_isolee":null,"hauteur_minimale_texte":null,"inactif":0,"marquage_interne":1,"quantite_min":null,"parent_id":null,"print_on_support":0,"content":null,"description":null}]}}