{"data":{"product":{"id":19211,"titre":"Sac shopping isotherme recycl\u00e9","description":"Sac shopping isotherme. Poche avant 100% personnalisable. Fermeture zipp\u00e9e sup\u00e9rieure. Dimensions : S - 38 cm x 14 cm x 25 cm \/ M - 48 cm x 18 cm x 34 cm. Capacit\u00e9 : S - 13 litres \/ M - 29 litres. Composition : 75% coton, 22% polyester, 3% autres fibres.","genre":"","grammage":285,"conditionnement":20,"composition":"coton,polyester","reference":"ki-ki0378","reference_visible":"ki-ki0378","reference_fabricant":"KI0378","ref_xor":"728398","in_catalog":true,"is_transfer":false,"is_service":false,"on_standby":false,"has_3d":false,"has_size_guide":false,"has_marking":false,"has_vierge":true,"is_cross_sellable":false,"id_picto":0,"filename_3d":null,"brand":{"id":65,"name":"Kimood","logo":"logo-kimood.png","image":"https:\/\/media.th4.com\/8j854w6USOf_xNzqUPW-INFkGGiSj8ts-yVeNwPN-p0\/pr:brand70x70\/aHR0cDovL21lZGlhMi5kZXNpZ25wYXJ0bmVyLmZyL2MvbS9sb2dvLWtpbW9vZC5wbmc?v=1737032171"},"price_infos":{"price_from":6.01,"quantity":200,"color":{"id":17715,"name":"ecume\/hemp"},"size":{"id":3,"name":"S"}},"price_infos_marking":{"price_from":0,"quantity":0,"size":{"id":0,"name":""},"color":{"id":0,"name":""},"marking":{"id":0,"name":""},"emplacement":"","surface":"","surface_emplacement_id":0},"i18n":{"blank":{"title":{"fr":"Sac shopping isotherme KIMOOD ki0378","en":"Insulated shopping bag KIMOOD ki0378","de":"Isolierter Einkaufsbeutel KIMOOD ki0378","nl":"Isothermische boodschappentas KIMOOD ki0378","es":"Bolsa de compras isot\u00e9rmica KIMOOD ki0378","it":"Borsa della spesa termica KIMOOD ki0378","sv":"Isolerad k\u00f6pv\u00e4ska KIMOOD ki0378","pt":"Sacola t\u00e9rmica para compras KIMOOD ki0378","da":"Termoisolerende indk\u00f8bspose KIMOOD ki0378","pl":"Torb\u0119 zakupow\u0105 termoizolacyjn\u0105 KIMOOD ki0378"},"description":{"fr":"Sac shopping isotherme con\u00e7u pour le transport d'articles divers. Il est dot\u00e9 d'une poche avant permettant un rangement suppl\u00e9mentaire. La fermeture zipp\u00e9e sup\u00e9rieure assure la s\u00e9curit\u00e9 du contenu. Ce sac est fabriqu\u00e9 \u00e0 partir de mat\u00e9riaux recycl\u00e9s, contribuant \u00e0 une d\u00e9marche \u00e9co-responsable. Il est adapt\u00e9 pour une utilisation quotidienne, en ville ou pour des activit\u00e9s de loisirs.\n\n- Composition : 75% coton, 22% polyester, 3% autres fibres\n- Dimensions S : 38 cm x 14 cm x 25 cm\n- Capacit\u00e9 S : 13 litres\n- Dimensions M : 48 cm x 18 cm x 34 cm\n- Capacit\u00e9 M : 29 litres","en":"Insulated shopping bag designed for transporting various items. It features a front pocket for additional storage. The top zip closure ensures the security of the contents. This bag is made from recycled materials, contributing to an eco-friendly approach. It is suitable for daily use, in the city or for leisure activities.\n\n- Composition: 75% cotton, 22% polyester, 3% other fibers\n- Dimensions S: 38 cm x 14 cm x 25 cm\n- Capacity S: 13 liters\n- Dimensions M: 48 cm x 18 cm x 34 cm\n- Capacity M: 29 liters","de":"Isolierter Einkaufsbeutel, entworfen f\u00fcr den Transport verschiedener Artikel. Er verf\u00fcgt \u00fcber eine vordere Tasche f\u00fcr zus\u00e4tzlichen Stauraum. Der obere Rei\u00dfverschluss sorgt f\u00fcr die Sicherheit des Inhalts. Dieser Beutel wird aus recycelten Materialien hergestellt, was zu einer umweltfreundlichen Initiative beitr\u00e4gt. Er ist f\u00fcr den t\u00e4glichen Gebrauch in der Stadt oder f\u00fcr Freizeitaktivit\u00e4ten geeignet.\n\n- Zusammensetzung: 75% Baumwolle, 22% Polyester, 3% andere Fasern\n- Abmessungen S: 38 cm x 14 cm x 25 cm\n- Fassungsverm\u00f6gen S: 13 Liter\n- Abmessungen M: 48 cm x 18 cm x 34 cm\n- Fassungsverm\u00f6gen M: 29 Liter","nl":"Isothermische boodschappentas ontworpen voor het vervoer van verschillende artikelen. Het heeft een voorpocket voor extra opslag. De bovenzipper sluiting zorgt voor de veiligheid van de inhoud. Deze tas is gemaakt van gerecycleerde materialen, wat bijdraagt aan een milieuvriendelijk beleid. Het is geschikt voor dagelijks gebruik, in de stad of voor vrijetijdsactiviteiten.\n\n- Samenstelling: 75% katoen, 22% polyester, 3% andere vezels\n- Afmetingen S: 38 cm x 14 cm x 25 cm\n- Capaciteit S: 13 liter\n- Afmetingen M: 48 cm x 18 cm x 34 cm\n- Capaciteit M: 29 liter","es":"Bolsa de compras isot\u00e9rmica dise\u00f1ada para el transporte de diversos art\u00edculos. Est\u00e1 dotada de un bolsillo frontal que permite un almacenamiento adicional. El cierre superior con cremallera asegura la seguridad del contenido. Esta bolsa est\u00e1 fabricada a partir de materiales reciclados, contribuyendo a una actitud ecol\u00f3gica. Est\u00e1 adaptada para un uso diario, en la ciudad o para actividades de ocio.\n\n- Composici\u00f3n: 75% algod\u00f3n, 22% poli\u00e9ster, 3% otras fibras\n- Dimensiones S: 38 cm x 14 cm x 25 cm\n- Capacidad S: 13 litros\n- Dimensiones M: 48 cm x 18 cm x 34 cm\n- Capacidad M: 29 litros","it":"Borsa della spesa termica progettata per il trasporto di vari articoli. \u00c8 dotata di una tasca anteriore che permette un ulteriore spazio di archiviazione. La chiusura a zip superiore assicura la sicurezza del contenuto. Questa borsa \u00e8 realizzata con materiali riciclati, contribuendo a un approccio eco-responsabile. \u00c8 adatta per un uso quotidiano, in citt\u00e0 o per attivit\u00e0 di svago.\n\n- Composizione: 75% cotone, 22% poliestere, 3% altre fibre\n- Dimensioni S: 38 cm x 14 cm x 25 cm\n- Capacit\u00e0 S: 13 litri\n- Dimensioni M: 48 cm x 18 cm x 34 cm\n- Capacit\u00e0 M: 29 litri","sv":"Isolerad k\u00f6pv\u00e4ska designad f\u00f6r transport av olika artiklar. Den har en framficka f\u00f6r extra f\u00f6rvaring. \u00d6vre zippl\u00e5s s\u00e4kerst\u00e4ller inneh\u00e5llets s\u00e4kerhet. Denna v\u00e4ska \u00e4r tillverkad av \u00e5tervunna material, bidragande till en milj\u00f6medveten \u00e5tg\u00e4rd. Den \u00e4r l\u00e4mplig f\u00f6r daglig anv\u00e4ndning, i staden eller f\u00f6r fritidsaktiviteter.\n\n- Sammans\u00e4ttning: 75% bomull, 22% polyester, 3% andra fibrer\n- Dimensioner S: 38 cm x 14 cm x 25 cm\n- Kapacitet S: 13 liter\n- Dimensioner M: 48 cm x 18 cm x 34 cm\n- Kapacitet M: 29 liter","pt":"Sacola t\u00e9rmica para compras projetada para o transporte de diversos artigos. Ela possui um bolso frontal que permite um armazenamento adicional. O fechamento z\u00edper superior garante a seguran\u00e7a do conte\u00fado. Esta sacola \u00e9 fabricada a partir de materiais reciclados, contribuindo para uma abordagem ecologicamente correta. \u00c9 adequada para uso di\u00e1rio, na cidade ou para atividades de lazer.\n\n- Composi\u00e7\u00e3o: 75% algod\u00e3o, 22% poli\u00e9ster, 3% outras fibras\n- Dimens\u00f5es P: 38 cm x 14 cm x 25 cm\n- Capacidade P: 13 litros\n- Dimens\u00f5es M: 48 cm x 18 cm x 34 cm\n- Capacidade M: 29 litros","da":"Termoisolerende indk\u00f8bspose designet til transport af forskellige artikler. Den har en forreste taske til ekstra opbevaring. Den \u00f8verste lysning sikrer, at indholdet er sikkert. Posen er lavet af genbrugte materialer, hvilket bidrager til et milj\u00f8venligt tilgangssm\u00e5de. Den er egnet til daglig brug, i byen eller til fritidsaktiviteter.\n\n- Sammens\u00e6tning: 75% bomuld, 22% polyester, 3% andre fibre\n- Dimensioner S: 38 cm x 14 cm x 25 cm\n- Kapacitet S: 13 liter\n- Dimensioner M: 48 cm x 18 cm x 34 cm\n- Kapacitet M: 29 liter","pl":"Torb\u0119 zakupow\u0105 termoizolacyjn\u0105 zaprojektowan\u0105 do transportu r\u00f3\u017cnych artyku\u0142\u00f3w. Jest wyposa\u017cona w przedni\u0105 kiesze\u0144, kt\u00f3ra pozwala na dodatkowe przechowywanie. G\u00f3rne zamkni\u0119cie na zamek b\u0142yskawiczny zapewnia bezpiecze\u0144stwo zawarto\u015bci. Ta torba jest wyprodukowana z materia\u0142\u00f3w recyklingowanych, przyczyniaj\u0105c si\u0119 do zr\u00f3wnowa\u017conego podej\u015bcia. Jest ona odpowiednia do codziennego u\u017cytku, w mie\u015bcie lub do aktywno\u015bci rekreacyjnych.\n\n- Sk\u0142ad: 75% bawe\u0142na, 22% poliestru, 3% inne w\u0142\u00f3kna\n- Wymiary S: 38 cm x 14 cm x 25 cm\n- Pojemno\u015b\u0107 S: 13 litr\u00f3w\n- Wymiary M: 48 cm x 18 cm x 34 cm\n- Pojemno\u015b\u0107 M: 29 litr\u00f3w"},"h1":{"fr":"Sac shopping isotherme ki0378","en":"Insulated shopping bag ki0378","de":"Isolierter Einkaufsbeutel ki0378","nl":"Isothermische boodschappentas ki0378","es":"Bolsa de compras isot\u00e9rmica ki0378","it":"Borsa della spesa termica ki0378","sv":"Isolerad k\u00f6pv\u00e4ska ki0378","pt":"Sacola t\u00e9rmica para compras ki0378","da":"Termoisolerende indk\u00f8bspose ki0378","pl":"Torb\u0119 zakupow\u0105 termoizolacyjn\u0105 ki0378"},"meta_description":{"fr":"Sac shopping isotherme recycl\u00e9 avec poche avant personnalisable et fermeture zipp\u00e9e. Disponible en deux tailles : S et M. Capacit\u00e9 : 13L ou 29L.","en":"Recycled insulated shopping bag with customizable front pocket and zip closure. Available in two sizes: S and M. Capacity: 13L or 29L.","de":"Recyceltes isoliertes Einkaufsbeutel mit personalisierbarer vorderer Tasche und Rei\u00dfverschluss. Erh\u00e4ltlich in zwei Gr\u00f6\u00dfen: S und M. Fassungsverm\u00f6gen: 13L oder 29L.","nl":"Hervestelde isothermische boodschappentas met voorpocket voor aanpassing en zippersluiting. Beschikbaar in twee maten: S en M. Capaciteit: 13L of 29L.","es":"Bolsa de compras isot\u00e9rmica reciclada con bolsillo frontal personalizable y cierre cremallera. Disponible en dos tama\u00f1os: S y M. Capacidad: 13L o 29L.","it":"Borsa della spesa termica riciclata con tasca anteriore personalizzabile e chiusura lampo. Disponibile in due taglie: S e M. Capacit\u00e0: 13L o 29L.","sv":"\u00c5tervunnen isolerad k\u00f6pv\u00e4ska med personaliserbar framficka och zippl\u00e5s. Tillg\u00e4nglig i tv\u00e5 storlekar: S och M. Kapacitet: 13L eller 29L.","pt":"Sacola t\u00e9rmica reciclada com bolso frontal personaliz\u00e1vel e fechamento z\u00edper. Dispon\u00edvel em dois tamanhos: P e M. Capacidade: 13L ou 29L.","da":"Gendvundet termoisolerende indk\u00f8bspose med forreste l\u00e5ge og lysning. Tilg\u00e6ngelig i to st\u00f8rrelser: S og M. Kapacitet: 13L eller 29L.","pl":"Torb\u0119 zakupow\u0105 termoizolacyjn\u0105 recyklingowan\u0105 z przedni\u0105 kieszeni\u0105 personalizowan\u0105 i zamkni\u0119ciem na zamek b\u0142yskawiczny. Dost\u0119pne w dw\u00f3ch rozmiarach: S i M. Pojemno\u015b\u0107: 13L lub 29L."}},"custom":{"title":{"fr":"Sac shopping isotherme KIMOOD ki0378 personnalisable","en":"Personalizable Isothermal Shopping Bag KIMOOD ki0378","de":"Isotherme Einkaufstasche KIMOOD ki0378 personalisierbar","nl":"Isothermische boodschappentas KIMOOD ki0378 personaliseerbaar","es":"Bolsa de compras isot\u00e9rmica KIMOOD ki0378 personalizable","it":"Borsa della spesa isotermica KIMOOD ki0378 personalizzabile","sv":"Isolerande ink\u00f6psv\u00e4ska KIMOOD ki0378 anpassningsbar","pt":"Sacola t\u00e9rmica para compras KIMOOD ki0378 personaliz\u00e1vel","da":"Isol\u00e9rende indk\u00f8bspose KIMOOD ki0378 til personligg\u00f8relse","pl":"Termosowy torba na zakupy KIMOOD ki0378 do personalizacji"},"description":{"fr":"Sac shopping isotherme con\u00e7u pour faciliter vos d\u00e9placements. Sa poche avant offre un espace de personnalisation pour afficher votre logo ou votre visuel. La fermeture zipp\u00e9e sup\u00e9rieure assure la s\u00e9curit\u00e9 de vos effets personnels. Ce sac est disponible en deux tailles : S (38 cm x 14 cm x 25 cm, 13 litres) et M (48 cm x 18 cm x 34 cm, 29 litres). Il est compos\u00e9 de 75% coton, 22% polyester et 3% autres fibres. La personnalisation de ce sac est possible, permettant une communication efficace de votre marque ou de votre message. \n\n- Composition : 75% coton, 22% polyester, 3% autres fibres\n- Dimensions S : 38 cm x 14 cm x 25 cm\n- Capacit\u00e9 S : 13 litres\n- Dimensions M : 48 cm x 18 cm x 34 cm\n- Capacit\u00e9 M : 29 litres","en":"Isothermal shopping bag designed to facilitate your movements. Its front pocket offers a space for personalization to display your logo or your design. The zippered top closure ensures the security of your personal belongings. This bag is available in two sizes: S (38 cm x 14 cm x 25 cm) and M (48 cm x 18 cm x 34 cm). It is made of 75% cotton, 22% polyester and 3% other fibers. The personalization of this bag is possible, allowing effective communication of your brand or message.\n\n- Composition: 75% cotton, 22% polyester, 3% other fibers\n- Dimensions S: 38 cm x 14 cm x 25 cm\n- Capacity S: 13 litres\n- Dimensions M: 48 cm x 18 cm x 34 cm\n- Capacity M: 29 litres","de":"Isotherme Einkaufstasche, die f\u00fcr Ihre t\u00e4glichen Ausfl\u00fcge konzipiert wurde. Ihre Vordertasche bietet einen Platz f\u00fcr die Personalisierung, um Ihr Logo oder Ihr Design anzuzeigen. Der obere Rei\u00dfverschluss sorgt f\u00fcr die Sicherheit Ihrer pers\u00f6nlichen Gegenst\u00e4nde. Diese Tasche ist in zwei Gr\u00f6\u00dfen erh\u00e4ltlich: S (38 cm x 14 cm x 25 cm) und M (48 cm x 18 cm x 34 cm). Sie besteht aus 75% Baumwolle, 22% Polyester und 3% anderen Fasern. Die Personalisierung dieser Tasche ist m\u00f6glich, um eine effektive Kommunikation Ihrer Marke oder Ihrer Botschaft zu erm\u00f6glichen. \n\n- Zusammensetzung: 75% Baumwolle, 22% Polyester, 3% andere Fasern\n- Abmessungen S: 38 cm x 14 cm x 25 cm\n- Kapazit\u00e4t S: 13 Liter\n- Abmessungen M: 48 cm x 18 cm x 34 cm\n- Kapazit\u00e4t M: 29 Liter","nl":"Isothermische boodschappentas ontworpen om uw verplaatsingen gemakkelijker te maken. De voorste zak biedt ruimte voor personalisatie om uw logo of visuele elementen te tonen. De bovenste zippersluiting biedt bescherming voor uw persoonlijke bezittingen. Deze tas is beschikbaar in twee maten: S (38 cm x 14 cm x 25 cm, 13 liter) en M (48 cm x 18 cm x 34 cm, 29 liter). Het is samengesteld uit 75% katoen, 22% polyester en 3% andere vezels. De personalisatie van deze tas is mogelijk, wat effectieve communicatie van uw merk of boodschap mogelijk maakt. Composition: 75% katoen, 22% polyester, 3% andere vezels Dimensions S: 38 cm x 14 cm x 25 cm Capacit\u00e9 S: 13 liter Dimensions M: 48 cm x 18 cm x 34 cm Capacit\u00e9 M: 29 liter","es":"Bolsa de compras isot\u00e9rmica dise\u00f1ada para facilitar sus desplazamientos. Su bolsillo frontal ofrece un espacio de personalizaci\u00f3n para mostrar su logo o su imagen. La cremallera superior asegura la seguridad de sus efectos personales. Esta bolsa est\u00e1 disponible en dos tama\u00f1os: S (38 cm x 14 cm x 25 cm, 13 litros) y M (48 cm x 18 cm x 34 cm, 29 litros). Est\u00e1 compuesta por 75% algod\u00f3n, 22% poli\u00e9ster y 3% otras fibras. La personalizaci\u00f3n de esta bolsa es posible, permitiendo una comunicaci\u00f3n eficaz de su marca o su mensaje. \n\n- Composici\u00f3n: 75% algod\u00f3n, 22% poli\u00e9ster, 3% otras fibras\n- Dimensiones S: 38 cm x 14 cm x 25 cm\n- Capacidad S: 13 litros\n- Dimensiones M: 48 cm x 18 cm x 34 cm\n- Capacidad M: 29 litros","it":"Borsa della spesa isotermica progettata per facilitare i tuoi spostamenti. La tasca anteriore offre uno spazio per la personalizzazione dove esporre il tuo logo o il tuo visual. La chiusura lampo superiore garantisce la sicurezza dei tuoi effetti personali. Questa borsa \u00e8 disponibile in due taglie: S (38 cm x 14 cm x 25 cm) e M (48 cm x 18 cm x 34 cm). \u00c8 composta di 75% cotone, 22% poliestere e 3% altre fibre. La personalizzazione di questa borsa \u00e8 possibile, permettendo una comunicazione efficace del tuo marchio o messaggio.\n\n- Composizione: 75% cotone, 22% poliestere, 3% altre fibre\n- Dimensioni S: 38 cm x 14 cm x 25 cm\n- Capacit\u00e0 S: 13 litri\n- Dimensioni M: 48 cm x 18 cm x 34 cm\n- Capacit\u00e0 M: 29 litri","sv":"Isolerande ink\u00f6psv\u00e4ska designad f\u00f6r att underl\u00e4tta dina resor. Dess framficka erbjuder utrymme f\u00f6r anpassning f\u00f6r att visa ditt logotyp eller din bild. Den \u00f6vre glidl\u00e5sst\u00e4ngningen s\u00e4kerst\u00e4ller s\u00e4kerheten f\u00f6r dina personliga \u00e4godelar. Denna v\u00e4ska \u00e4r tillg\u00e4nglig i tv\u00e5 storlekar: S (38 cm x 14 cm x 25 cm) och M (48 cm x 18 cm x 34 cm). Den best\u00e5r av 75% bomull, 22% polyester och 3% andra fibrer. Anpassningen av denna v\u00e4ska \u00e4r m\u00f6jlig, vilket g\u00f6r det m\u00f6jligt f\u00f6r effektiv kommunikation av din varum\u00e4rke eller ditt meddelande. \n\n- Sammans\u00e4ttning: 75% bomull, 22% polyester, 3% andra fibrer\n- Dimensioner S: 38 cm x 14 cm x 25 cm\n- Kapacitet S: 13 liter\n- Dimensioner M: 48 cm x 18 cm x 34 cm\n- Kapacitet M: 29 liter","pt":"Sacola t\u00e9rmica para compras projetada para facilitar seus deslocamentos. Seu bolso frontal oferece um espa\u00e7o de personaliza\u00e7\u00e3o para exibir seu logotipo ou seu visual. O fechamento z\u00edper superior garante a seguran\u00e7a de seus pertences. Esta sacola est\u00e1 dispon\u00edvel em dois tamanhos: S (38 cm x 14 cm x 25 cm, 13 litros) e M (48 cm x 18 cm x 34 cm, 29 litros). \u00c9 composta por 75% algod\u00e3o, 22% poli\u00e9ster e 3% outras fibras. A personaliza\u00e7\u00e3o dessa sacola \u00e9 poss\u00edvel, permitindo uma comunica\u00e7\u00e3o eficaz de sua marca ou de sua mensagem.\n\n- Composi\u00e7\u00e3o: 75% algod\u00e3o, 22% poli\u00e9ster, 3% outras fibras\n- Dimens\u00f5es S: 38 cm x 14 cm x 25 cm\n- Capacidade S: 13 litros\n- Dimens\u00f5es M: 48 cm x 18 cm x 34 cm\n- Capacidade M: 29 litros","da":"Isol\u00e9rende indk\u00f8bspose udviklet til at lette dine udflugter. Den forreste lomme tilbyder et personligg\u00f8ringsomr\u00e5de, hvor du kan vise dit logo eller dit visuelle design. Den \u00f8verste zip-lukning sikrer dine personlige ejendele. Denne pose er tilg\u00e6ngelig i to st\u00f8rrelser: S (38 cm x 14 cm x 25 cm) og M (48 cm x 18 cm x 34 cm). Den best\u00e5r af 75% bomuld, 22% polyester og 3% andre fibre. Denne pose kan personligg\u00f8res, hvilket muligg\u00f8r effektiv kommunikation af dit brand eller din besked. \n\n- Sammens\u00e6tning: 75% bomuld, 22% polyester, 3% andre fibre\n- Dimensioner S: 38 cm x 14 cm x 25 cm\n- Kapacitet S: 13 liter\n- Dimensioner M: 48 cm x 18 cm x 34 cm\n- Kapacitet M: 29 liter","pl":"Termosowy torba na zakupy zaprojektowana w celu u\u0142atwienia przemieszczania si\u0119. Jej przednia kiesze\u0144 oferuje miejsce do personalizacji, aby wy\u015bwietli\u0107 sw\u00f3j logo lub wizual. Zamkni\u0119cie z zapi\u0119ciem b\u0142yskawicznym w g\u00f3rnej cz\u0119\u015bci zapewnia bezpiecze\u0144stwo twoich przedmiot\u00f3w. Torba jest dost\u0119pna w dw\u00f3ch rozmiarach: S (38 cm x 14 cm x 25 cm, 13 litr\u00f3w) i M (48 cm x 18 cm x 34 cm, 29 litr\u00f3w). Sk\u0142ada si\u0119 z 75% bawe\u0142ny, 22% poliesteru i 3% innych w\u0142\u00f3kien. Mo\u017cliwa jest personalizacja tej torby, umo\u017cliwiaj\u0105c skuteczn\u0105 komunikacj\u0119 swojej marki lub wiadomo\u015bci. \n\n- Sk\u0142ad: 75% bawe\u0142na, 22% poliester, 3% inne w\u0142\u00f3kna\n- Wymiary S: 38 cm x 14 cm x 25 cm\n- Pojemno\u015b\u0107 S: 13 litr\u00f3w\n- Wymiary M: 48 cm x 18 cm x 34 cm\n- Pojemno\u015b\u0107 M: 29 litr\u00f3w"},"h1":{"fr":"Sac shopping isotherme ki0378 personnalisable","en":"Personalizable Isothermal Shopping Bag ki0378","de":"Isotherme Einkaufstasche ki0378 personalisierbar","nl":"Isothermische boodschappentas ki0378 personaliseerbaar","es":"Bolsa de compras isot\u00e9rmica ki0378 personalizable","it":"Borsa della spesa isotermica ki0378 personalizzabile","sv":"Isolerande ink\u00f6psv\u00e4ska ki0378 anpassningsbar","pt":"Sacola t\u00e9rmica para compras ki0378 personaliz\u00e1vel","da":"Isol\u00e9rende indk\u00f8bspose ki0378 til personligg\u00f8relse","pl":"Termosowy torba na zakupy ki0378 do personalizacji"},"meta_description":{"fr":"Sac shopping isotherme recycl\u00e9 avec poche avant personnalisable. Id\u00e9al pour le transport de courses ou de pique-nique. Plusieurs tailles disponibles.","en":"Recycled isothermal shopping bag with a personalizable front pocket. Ideal for transporting groceries or picnics. Several sizes available.","de":"Wiederverwertbare isotherme Einkaufstasche mit personalisierbarer Vordertasche. Ideal f\u00fcr den Transport von Eink\u00e4ufen oder Picknicks. Verschiedene Gr\u00f6\u00dfen verf\u00fcgbar.","nl":"Isothermische boodschappentas van gerecycled materiaal met voorste zak die personaliseerbaar is. Ideaal voor het vervoeren van boodschappen of een picknick. Verschillende maten beschikbaar.","es":"Bolsa de compras isot\u00e9rmica reciclada con bolsillo frontal personalizable. Ideal para el transporte de compras o de picnic. Varios tama\u00f1os disponibles.","it":"Borsa della spesa isotermica riciclata con tasca anteriore personalizzabile. Ideale per il trasporto di provviste o picnic. Diverse dimensioni disponibili.","sv":"Isolerande \u00e5tervunnen ink\u00f6psv\u00e4ska med framficka som kan anpassas. Idealisk f\u00f6r transport av matvaror eller picknick. Flera storlekar tillg\u00e4ngliga.","pt":"Sacola t\u00e9rmica reciclada com bolso frontal personaliz\u00e1vel. Ideal para transportar compras ou piquenique. V\u00e1rias tamanhos dispon\u00edveis.","da":"Genbruget isolerende indk\u00f8bspose med forreste lomme til personligg\u00f8relse. Ideel til transport af indk\u00f8b eller picknick. Flere st\u00f8rrelser til r\u00e5dighed.","pl":"Termosowy torba na zakupy z recyklingu z przedni\u0105 kieszeni\u0105 do personalizacji. Idealny do transportu zakup\u00f3w lub pikniku. Dost\u0119pne w r\u00f3\u017cnych rozmiarach."}}},"categories":[{"id":319,"name":"Sacs isothermes","singular":"Sac isotherme","is_feminin":false},{"id":499,"name":"Bagagerie","singular":"Bagagerie","is_feminin":false}],"certifications":[{"id":5,"label":"G.R.S.","logo_link":"\/images\/certifications\/5_GRS.jpg","is_marking_compatible":false}],"videos":{"fr":[],"en":[],"de":[],"nl":[],"es":[],"it":[],"sv":[],"pt":[],"da":[],"pl":[]},"main_images":{"miniature":"https:\/\/media.th4.com\/t1Gs8JH4QUhXaid7PHEBNt4czhmEfaTWPig-aZb8slg\/pr:80\/aHR0cDovL21lZGlhMi5kZXNpZ25wYXJ0bmVyLmZyL2MvcC1ibGFuay1USC8xOTIxMS53ZWJw?v=1747055390","medium":"https:\/\/media.th4.com\/dnauDwAGUNrl0fOyFhBleQ-uDzqFx6sIe11Ny8mNS6Q\/pr:550x550greybg\/aHR0cDovL21lZGlhMi5kZXNpZ25wYXJ0bmVyLmZyL2MvcC1ibGFuay1USC8xOTIxMS53ZWJw?v=1747055390","medium_large":"https:\/\/media.th4.com\/ovMmU591q-qaG360K04vwZiEzTLdC3tihW3awBq5YHs\/pr:1000x1000greybg\/aHR0cDovL21lZGlhMi5kZXNpZ25wYXJ0bmVyLmZyL2MvcC1ibGFuay1USC8xOTIxMS53ZWJw?v=1747055390","large":"https:\/\/media.th4.com\/v055ui08eNAjPG-UTnaj8Kepbnu1ebfHhPaA047eC_w\/pr:1920greybg\/aHR0cDovL21lZGlhMi5kZXNpZ25wYXJ0bmVyLmZyL2MvcC1ibGFuay1USC8xOTIxMS53ZWJw?v=1747055390","opengraph":"https:\/\/media.th4.com\/Q5B7MgNdQAs4bxM5GmZunD6uzeMsg_4NsC-whtICZNc\/pr:1200x630greybg\/aHR0cDovL21lZGlhMi5kZXNpZ25wYXJ0bmVyLmZyL2MvcC1ibGFuay1USC8xOTIxMS53ZWJw?v=1747055390"},"main_images_customization":{"miniature":"https:\/\/media.th4.com\/t1Gs8JH4QUhXaid7PHEBNt4czhmEfaTWPig-aZb8slg\/pr:80\/aHR0cDovL21lZGlhMi5kZXNpZ25wYXJ0bmVyLmZyL2MvcC1ibGFuay1USC8xOTIxMS53ZWJw?v=1747055390","medium":"https:\/\/media.th4.com\/dnauDwAGUNrl0fOyFhBleQ-uDzqFx6sIe11Ny8mNS6Q\/pr:550x550greybg\/aHR0cDovL21lZGlhMi5kZXNpZ25wYXJ0bmVyLmZyL2MvcC1ibGFuay1USC8xOTIxMS53ZWJw?v=1747055390","medium_large":"https:\/\/media.th4.com\/ovMmU591q-qaG360K04vwZiEzTLdC3tihW3awBq5YHs\/pr:1000x1000greybg\/aHR0cDovL21lZGlhMi5kZXNpZ25wYXJ0bmVyLmZyL2MvcC1ibGFuay1USC8xOTIxMS53ZWJw?v=1747055390","large":"https:\/\/media.th4.com\/v055ui08eNAjPG-UTnaj8Kepbnu1ebfHhPaA047eC_w\/pr:1920greybg\/aHR0cDovL21lZGlhMi5kZXNpZ25wYXJ0bmVyLmZyL2MvcC1ibGFuay1USC8xOTIxMS53ZWJw?v=1747055390","opengraph":"https:\/\/media.th4.com\/Q5B7MgNdQAs4bxM5GmZunD6uzeMsg_4NsC-whtICZNc\/pr:1200x630greybg\/aHR0cDovL21lZGlhMi5kZXNpZ25wYXJ0bmVyLmZyL2MvcC1ibGFuay1USC8xOTIxMS53ZWJw?v=1747055390"},"page_links":{"fr":"\/fr\/p-ki-ki0378-sac-shopping-isotherme-ki0378-19211\/","en":"\/en\/p-ki-ki0378-insulated-shopping-bag-ki0378-19211\/","de":"\/de\/p-ki-ki0378-isolierter-einkaufsbeutel-ki0378-19211\/","nl":"\/nl\/p-ki-ki0378-isothermische-boodschappentas-ki0378-19211\/","es":"\/es\/p-ki-ki0378-bolsa-de-compras-isotermica-ki0378-19211\/","it":"\/it\/p-ki-ki0378-borsa-della-spesa-termica-ki0378-19211\/","sv":"\/sv\/p-ki-ki0378-isolerad-kopvaska-ki0378-19211\/","pt":"\/pt\/p-ki-ki0378-sacola-termica-para-compras-ki0378-19211\/","da":"\/da\/p-ki-ki0378-termoisolerende-indkobspose-ki0378-19211\/","pl":"\/pl\/p-ki-ki0378-torbe-zakupowa-termoizolacyjna-ki0378-19211\/"},"page_links_customization":{"fr":"\/fr\/p-ki-ki0378-sac-shopping-isotherme-ki0378-personnalisable-19211\/custom\/","en":"\/en\/p-ki-ki0378-personalizable-isothermal-shopping-bag-ki0378-19211\/custom\/","de":"\/de\/p-ki-ki0378-isotherme-einkaufstasche-ki0378-personalisierbar-19211\/custom\/","nl":"\/nl\/p-ki-ki0378-isothermische-boodschappentas-ki0378-personaliseerbaar-19211\/custom\/","es":"\/es\/p-ki-ki0378-bolsa-de-compras-isotermica-ki0378-personalizable-19211\/custom\/","it":"\/it\/p-ki-ki0378-borsa-della-spesa-isotermica-ki0378-personalizzabile-19211\/custom\/","sv":"\/sv\/p-ki-ki0378-isolerande-inkopsvaska-ki0378-anpassningsbar-19211\/custom\/","pt":"\/pt\/p-ki-ki0378-sacola-termica-para-compras-ki0378-personalizavel-19211\/custom\/","da":"\/da\/p-ki-ki0378-isolerende-indkobspose-ki0378-til-personliggorelse-19211\/custom\/","pl":"\/pl\/p-ki-ki0378-termosowy-torba-na-zakupy-ki0378-do-personalizacji-19211\/custom\/"},"equivalent_products":[],"colors":[{"id":17715,"name":"ecume\/hemp","class_ids":[8],"codes_hexa":["dbdac7","a58f74"],"delai_24":false,"has_3d":false,"seuil_global":0,"stock_local":0,"stock_global":5258,"on_standby":false,"in_catalog":true,"images":{"miniature":["https:\/\/media.th4.com\/vKIHJNfe0byP3rkWagve3y_vd9jeCuiyiDWImOZ02rQ\/pr:80\/aHR0cDovL21lZGlhMi5kZXNpZ25wYXJ0bmVyLmZyL2MvcC8xOTIxMS8xOTIxMS0xNzcxNS0xLndlYnA?v=1747055075"],"medium":["https:\/\/media.th4.com\/GGBGKxhDOTqZbR5McElcsSqKlaFXIhKs7yk10hvzUNs\/pr:550x550\/aHR0cDovL21lZGlhMi5kZXNpZ25wYXJ0bmVyLmZyL2MvcC8xOTIxMS8xOTIxMS0xNzcxNS0xLndlYnA?v=1747055075"],"medium_large":["https:\/\/media.th4.com\/uqaZgS9dUl4vvJEMqkdXuR2CcDv1M0GwkPthKcR9DV8\/pr:1000x1000\/aHR0cDovL21lZGlhMi5kZXNpZ25wYXJ0bmVyLmZyL2MvcC8xOTIxMS8xOTIxMS0xNzcxNS0xLndlYnA?v=1747055075"],"large":["https:\/\/media.th4.com\/mHYMY-WsgQnbyBbPDyiw_Lu5GGN6gRvRth62fpsux8E\/pr:1920\/aHR0cDovL21lZGlhMi5kZXNpZ25wYXJ0bmVyLmZyL2MvcC8xOTIxMS8xOTIxMS0xNzcxNS0xLndlYnA?v=1747055075"],"opengraph":["https:\/\/media.th4.com\/tUsSlvd7gLJWPdpH6_SJh2Rh6cBJNO1UGBaOAATSjqQ\/pr:1200x630\/aHR0cDovL21lZGlhMi5kZXNpZ25wYXJ0bmVyLmZyL2MvcC8xOTIxMS8xOTIxMS0xNzcxNS0xLndlYnA?v=1747055075"]},"images_customization":{"miniature":["https:\/\/media.th4.com\/vKIHJNfe0byP3rkWagve3y_vd9jeCuiyiDWImOZ02rQ\/pr:80\/aHR0cDovL21lZGlhMi5kZXNpZ25wYXJ0bmVyLmZyL2MvcC8xOTIxMS8xOTIxMS0xNzcxNS0xLndlYnA?v=1747055075"],"medium":["https:\/\/media.th4.com\/GGBGKxhDOTqZbR5McElcsSqKlaFXIhKs7yk10hvzUNs\/pr:550x550\/aHR0cDovL21lZGlhMi5kZXNpZ25wYXJ0bmVyLmZyL2MvcC8xOTIxMS8xOTIxMS0xNzcxNS0xLndlYnA?v=1747055075"],"medium_large":["https:\/\/media.th4.com\/uqaZgS9dUl4vvJEMqkdXuR2CcDv1M0GwkPthKcR9DV8\/pr:1000x1000\/aHR0cDovL21lZGlhMi5kZXNpZ25wYXJ0bmVyLmZyL2MvcC8xOTIxMS8xOTIxMS0xNzcxNS0xLndlYnA?v=1747055075"],"large":["https:\/\/media.th4.com\/mHYMY-WsgQnbyBbPDyiw_Lu5GGN6gRvRth62fpsux8E\/pr:1920\/aHR0cDovL21lZGlhMi5kZXNpZ25wYXJ0bmVyLmZyL2MvcC8xOTIxMS8xOTIxMS0xNzcxNS0xLndlYnA?v=1747055075"],"opengraph":["https:\/\/media.th4.com\/tUsSlvd7gLJWPdpH6_SJh2Rh6cBJNO1UGBaOAATSjqQ\/pr:1200x630\/aHR0cDovL21lZGlhMi5kZXNpZ25wYXJ0bmVyLmZyL2MvcC8xOTIxMS8xOTIxMS0xNzcxNS0xLndlYnA?v=1747055075"]},"country_origin":"BD","traceability":{"manufacturing_country_id":null,"weaving_country_id":null,"dyeing_country_id":null},"sizes":[{"id":3,"article_id":487077,"class_id":3,"name":"S","on_standby":false,"stock_local":0,"stock_global":2028,"multiple":1,"estimated_date_reassort":null,"is_destocking":false},{"id":2,"article_id":487075,"class_id":4,"name":"M","on_standby":false,"stock_local":0,"stock_global":3230,"multiple":1,"estimated_date_reassort":null,"is_destocking":false}],"page_links":{"fr":"\/fr\/p-ki-ki0378-sac-shopping-isotherme-ki0378-19211\/ecume-hemp-17715\/","en":"\/en\/p-ki-ki0378-insulated-shopping-bag-ki0378-19211\/ecume-hemp-17715\/","de":"\/de\/p-ki-ki0378-isolierter-einkaufsbeutel-ki0378-19211\/ecume-hemp-17715\/","nl":"\/nl\/p-ki-ki0378-isothermische-boodschappentas-ki0378-19211\/ecume-hemp-17715\/","es":"\/es\/p-ki-ki0378-bolsa-de-compras-isotermica-ki0378-19211\/ecume-hemp-17715\/","it":"\/it\/p-ki-ki0378-borsa-della-spesa-termica-ki0378-19211\/ecume-hemp-17715\/","sv":"\/sv\/p-ki-ki0378-isolerad-kopvaska-ki0378-19211\/ecume-hemp-17715\/","pt":"\/pt\/p-ki-ki0378-sacola-termica-para-compras-ki0378-19211\/ecume-hemp-17715\/","da":"\/da\/p-ki-ki0378-termoisolerende-indkobspose-ki0378-19211\/ecume-hemp-17715\/","pl":"\/pl\/p-ki-ki0378-torbe-zakupowa-termoizolacyjna-ki0378-19211\/ecume-hemp-17715\/"},"page_links_customization":{"fr":"\/fr\/p-ki-ki0378-sac-shopping-isotherme-ki0378-personnalisable-19211\/ecume-hemp-17715\/custom\/","en":"\/en\/p-ki-ki0378-personalizable-isothermal-shopping-bag-ki0378-19211\/ecume-hemp-17715\/custom\/","de":"\/de\/p-ki-ki0378-isotherme-einkaufstasche-ki0378-personalisierbar-19211\/ecume-hemp-17715\/custom\/","nl":"\/nl\/p-ki-ki0378-isothermische-boodschappentas-ki0378-personaliseerbaar-19211\/ecume-hemp-17715\/custom\/","es":"\/es\/p-ki-ki0378-bolsa-de-compras-isotermica-ki0378-personalizable-19211\/ecume-hemp-17715\/custom\/","it":"\/it\/p-ki-ki0378-borsa-della-spesa-isotermica-ki0378-personalizzabile-19211\/ecume-hemp-17715\/custom\/","sv":"\/sv\/p-ki-ki0378-isolerande-inkopsvaska-ki0378-anpassningsbar-19211\/ecume-hemp-17715\/custom\/","pt":"\/pt\/p-ki-ki0378-sacola-termica-para-compras-ki0378-personalizavel-19211\/ecume-hemp-17715\/custom\/","da":"\/da\/p-ki-ki0378-isolerende-indkobspose-ki0378-til-personliggorelse-19211\/ecume-hemp-17715\/custom\/","pl":"\/pl\/p-ki-ki0378-termosowy-torba-na-zakupy-ki0378-do-personalizacji-19211\/ecume-hemp-17715\/custom\/"}},{"id":17724,"name":"black_night\/hemp","class_ids":[4,11],"codes_hexa":["272729","a58f74"],"delai_24":false,"has_3d":false,"seuil_global":0,"stock_local":0,"stock_global":3030,"on_standby":false,"in_catalog":true,"images":{"miniature":["https:\/\/media.th4.com\/YAHzKcqdHjDCZ1SKKbCAPNqpEAObAEUP_ACQC3sP1Nk\/pr:80\/aHR0cDovL21lZGlhMi5kZXNpZ25wYXJ0bmVyLmZyL2MvcC8xOTIxMS8xOTIxMS0xNzcyNC0xLndlYnA?v=1747055075"],"medium":["https:\/\/media.th4.com\/ZBcebWDHOYkDZ8z1uqoDO2kqH02Eccuvf6SrAzUmieQ\/pr:550x550\/aHR0cDovL21lZGlhMi5kZXNpZ25wYXJ0bmVyLmZyL2MvcC8xOTIxMS8xOTIxMS0xNzcyNC0xLndlYnA?v=1747055075"],"medium_large":["https:\/\/media.th4.com\/zLlSwX7X_HVr9l1YNVKC6L4AWxc4vj7cyegHkwo2yeU\/pr:1000x1000\/aHR0cDovL21lZGlhMi5kZXNpZ25wYXJ0bmVyLmZyL2MvcC8xOTIxMS8xOTIxMS0xNzcyNC0xLndlYnA?v=1747055075"],"large":["https:\/\/media.th4.com\/7U3PMVUn193TPaJ4QKJHEo4GC9RlIc2TdFvZHPZa-fk\/pr:1920\/aHR0cDovL21lZGlhMi5kZXNpZ25wYXJ0bmVyLmZyL2MvcC8xOTIxMS8xOTIxMS0xNzcyNC0xLndlYnA?v=1747055075"],"opengraph":["https:\/\/media.th4.com\/X6k8ydiWXLtWNwirgJPnhqDQZ8KYj8_WgULX7Hhixao\/pr:1200x630\/aHR0cDovL21lZGlhMi5kZXNpZ25wYXJ0bmVyLmZyL2MvcC8xOTIxMS8xOTIxMS0xNzcyNC0xLndlYnA?v=1747055075"]},"images_customization":{"miniature":["https:\/\/media.th4.com\/YAHzKcqdHjDCZ1SKKbCAPNqpEAObAEUP_ACQC3sP1Nk\/pr:80\/aHR0cDovL21lZGlhMi5kZXNpZ25wYXJ0bmVyLmZyL2MvcC8xOTIxMS8xOTIxMS0xNzcyNC0xLndlYnA?v=1747055075"],"medium":["https:\/\/media.th4.com\/ZBcebWDHOYkDZ8z1uqoDO2kqH02Eccuvf6SrAzUmieQ\/pr:550x550\/aHR0cDovL21lZGlhMi5kZXNpZ25wYXJ0bmVyLmZyL2MvcC8xOTIxMS8xOTIxMS0xNzcyNC0xLndlYnA?v=1747055075"],"medium_large":["https:\/\/media.th4.com\/zLlSwX7X_HVr9l1YNVKC6L4AWxc4vj7cyegHkwo2yeU\/pr:1000x1000\/aHR0cDovL21lZGlhMi5kZXNpZ25wYXJ0bmVyLmZyL2MvcC8xOTIxMS8xOTIxMS0xNzcyNC0xLndlYnA?v=1747055075"],"large":["https:\/\/media.th4.com\/7U3PMVUn193TPaJ4QKJHEo4GC9RlIc2TdFvZHPZa-fk\/pr:1920\/aHR0cDovL21lZGlhMi5kZXNpZ25wYXJ0bmVyLmZyL2MvcC8xOTIxMS8xOTIxMS0xNzcyNC0xLndlYnA?v=1747055075"],"opengraph":["https:\/\/media.th4.com\/X6k8ydiWXLtWNwirgJPnhqDQZ8KYj8_WgULX7Hhixao\/pr:1200x630\/aHR0cDovL21lZGlhMi5kZXNpZ25wYXJ0bmVyLmZyL2MvcC8xOTIxMS8xOTIxMS0xNzcyNC0xLndlYnA?v=1747055075"]},"country_origin":"BD","traceability":{"manufacturing_country_id":null,"weaving_country_id":null,"dyeing_country_id":null},"sizes":[{"id":3,"article_id":487076,"class_id":3,"name":"S","on_standby":false,"stock_local":0,"stock_global":1927,"multiple":1,"estimated_date_reassort":null,"is_destocking":false},{"id":2,"article_id":487074,"class_id":4,"name":"M","on_standby":false,"stock_local":0,"stock_global":1103,"multiple":1,"estimated_date_reassort":null,"is_destocking":false}],"page_links":{"fr":"\/fr\/p-ki-ki0378-sac-shopping-isotherme-ki0378-19211\/black-night-hemp-17724\/","en":"\/en\/p-ki-ki0378-insulated-shopping-bag-ki0378-19211\/black-night-hemp-17724\/","de":"\/de\/p-ki-ki0378-isolierter-einkaufsbeutel-ki0378-19211\/black-night-hemp-17724\/","nl":"\/nl\/p-ki-ki0378-isothermische-boodschappentas-ki0378-19211\/black-night-hemp-17724\/","es":"\/es\/p-ki-ki0378-bolsa-de-compras-isotermica-ki0378-19211\/black-night-hemp-17724\/","it":"\/it\/p-ki-ki0378-borsa-della-spesa-termica-ki0378-19211\/black-night-hemp-17724\/","sv":"\/sv\/p-ki-ki0378-isolerad-kopvaska-ki0378-19211\/black-night-hemp-17724\/","pt":"\/pt\/p-ki-ki0378-sacola-termica-para-compras-ki0378-19211\/black-night-hemp-17724\/","da":"\/da\/p-ki-ki0378-termoisolerende-indkobspose-ki0378-19211\/black-night-hemp-17724\/","pl":"\/pl\/p-ki-ki0378-torbe-zakupowa-termoizolacyjna-ki0378-19211\/black-night-hemp-17724\/"},"page_links_customization":{"fr":"\/fr\/p-ki-ki0378-sac-shopping-isotherme-ki0378-personnalisable-19211\/black-night-hemp-17724\/custom\/","en":"\/en\/p-ki-ki0378-personalizable-isothermal-shopping-bag-ki0378-19211\/black-night-hemp-17724\/custom\/","de":"\/de\/p-ki-ki0378-isotherme-einkaufstasche-ki0378-personalisierbar-19211\/black-night-hemp-17724\/custom\/","nl":"\/nl\/p-ki-ki0378-isothermische-boodschappentas-ki0378-personaliseerbaar-19211\/black-night-hemp-17724\/custom\/","es":"\/es\/p-ki-ki0378-bolsa-de-compras-isotermica-ki0378-personalizable-19211\/black-night-hemp-17724\/custom\/","it":"\/it\/p-ki-ki0378-borsa-della-spesa-isotermica-ki0378-personalizzabile-19211\/black-night-hemp-17724\/custom\/","sv":"\/sv\/p-ki-ki0378-isolerande-inkopsvaska-ki0378-anpassningsbar-19211\/black-night-hemp-17724\/custom\/","pt":"\/pt\/p-ki-ki0378-sacola-termica-para-compras-ki0378-personalizavel-19211\/black-night-hemp-17724\/custom\/","da":"\/da\/p-ki-ki0378-isolerende-indkobspose-ki0378-til-personliggorelse-19211\/black-night-hemp-17724\/custom\/","pl":"\/pl\/p-ki-ki0378-termosowy-torba-na-zakupy-ki0378-do-personalizacji-19211\/black-night-hemp-17724\/custom\/"}}],"documentation_link":"\/pdf\/19211.pdf","countries_availables":["AD","AE","AL","AT","BA","BD","BE","BG","BL","CA","CH","CN","CO","CY","CZ","DE","DK","DO","EE","EG","ES","ET","FI","FR","GB","GE","GF","GP","GR","GT","HK","HN","HR","HT","HU","ID","IE","IN","IS","IT","JO","JP","KE","KH","KP","KR","LA","LK","LS","LT","LU","LV","MA","MF","MG","MK","MM","MN","MQ","MT","MX","MY","NC","NI","NL","PF","PH","PK","PL","PM","PT","RE","RO","SE","SG","SI","SK","SV","SY","TH","TN","TR","TW","TZ","US","VN","WF","YT"]},"infos_customization":[],"features":{"authorize_multi_surfaces":true,"display_order_delay_type":true,"promote_surface_display":true,"tarification_franco_offert":true,"enabled_3d_editor":false},"markings":[{"id":0,"nom":"vierge","finition":null,"libelle":null,"code":null,"dpi":null,"finesse_forme_isolee":null,"finesse_forme_non_isolee":null,"hauteur_minimale_texte":null,"inactif":0,"marquage_interne":1,"quantite_min":null,"parent_id":null,"print_on_support":0,"content":"vierge","description":null},{"id":2,"nom":"fonce","finition":"optimale","libelle":"TopQuadri","code":null,"dpi":400,"finesse_forme_isolee":"0.040","finesse_forme_non_isolee":"0.700","hauteur_minimale_texte":2,"inactif":0,"marquage_interne":1,"quantite_min":null,"parent_id":18,"print_on_support":0,"content":"TopQuadri","description":"pour petites et moyennes s\u00e9ries"},{"id":3,"nom":"serigraphie","finition":"serigraphie","libelle":"SeriCoat","code":null,"dpi":400,"finesse_forme_isolee":"0.040","finesse_forme_non_isolee":"0.700","hauteur_minimale_texte":2,"inactif":0,"marquage_interne":1,"quantite_min":15,"parent_id":18,"print_on_support":0,"content":"SeriCoat","description":"pour moyennes et grandes s\u00e9ries"},{"id":4,"nom":"broderie","finition":"broderie","libelle":"Broderie","code":null,"dpi":400,"finesse_forme_isolee":"0.040","finesse_forme_non_isolee":"0.700","hauteur_minimale_texte":3,"inactif":0,"marquage_interne":1,"quantite_min":null,"parent_id":null,"print_on_support":0,"content":"Broderie","description":null},{"id":8,"nom":"theme","finition":null,"libelle":"Th\u00e8me","code":null,"dpi":null,"finesse_forme_isolee":null,"finesse_forme_non_isolee":null,"hauteur_minimale_texte":null,"inactif":0,"marquage_interne":1,"quantite_min":null,"parent_id":null,"print_on_support":0,"content":"Th\u00e8me","description":null},{"id":9,"nom":"sans","finition":null,"libelle":null,"code":null,"dpi":null,"finesse_forme_isolee":null,"finesse_forme_non_isolee":null,"hauteur_minimale_texte":null,"inactif":0,"marquage_interne":1,"quantite_min":null,"parent_id":null,"print_on_support":0,"content":"sans","description":null},{"id":10,"nom":"photo","finition":null,"libelle":"Photo","code":null,"dpi":null,"finesse_forme_isolee":null,"finesse_forme_non_isolee":null,"hauteur_minimale_texte":null,"inactif":0,"marquage_interne":1,"quantite_min":null,"parent_id":null,"print_on_support":0,"content":"Photo","description":null},{"id":14,"nom":"couleur","finition":null,"libelle":"Couleur","code":null,"dpi":null,"finesse_forme_isolee":null,"finesse_forme_non_isolee":null,"hauteur_minimale_texte":null,"inactif":0,"marquage_interne":1,"quantite_min":null,"parent_id":null,"print_on_support":0,"content":"Couleur","description":null},{"id":15,"nom":"sublimation","finition":"sublimation","libelle":"Sublimation","code":null,"dpi":null,"finesse_forme_isolee":"0.000","finesse_forme_non_isolee":"0.000","hauteur_minimale_texte":2,"inactif":0,"marquage_interne":1,"quantite_min":null,"parent_id":null,"print_on_support":0,"content":"Sublimation","description":null},{"id":16,"nom":"topquadri_uv","finition":null,"libelle":"TopQuadri UV","code":null,"dpi":null,"finesse_forme_isolee":"0.020","finesse_forme_non_isolee":"0.700","hauteur_minimale_texte":2,"inactif":0,"marquage_interne":1,"quantite_min":null,"parent_id":null,"print_on_support":1,"content":null,"description":null},{"id":17,"nom":"topquadri_uvp","finition":null,"libelle":"TopQuadri UVP","code":null,"dpi":null,"finesse_forme_isolee":"0.020","finesse_forme_non_isolee":"0.700","hauteur_minimale_texte":2,"inactif":0,"marquage_interne":1,"quantite_min":null,"parent_id":null,"print_on_support":1,"content":null,"description":null},{"id":18,"nom":"quadri","finition":null,"libelle":"Impression","code":null,"dpi":null,"finesse_forme_isolee":null,"finesse_forme_non_isolee":null,"hauteur_minimale_texte":null,"inactif":0,"marquage_interne":1,"quantite_min":null,"parent_id":null,"print_on_support":0,"content":null,"description":null}]}}