{"data":{"product":{"id":18729,"titre":"Veste de pluie respirante hi-vis soft flex","description":"Tissu ext\u00e9rieur doux au toucher, respirant et enduit de transfert avec doublure en maille; 3M rubans r\u00e9fl\u00e9chissants scell\u00e9s \u00e0 la chaleur autour du corps, des bras et sur chaque \u00e9paule; poignets \u00e9lastiqu\u00e9s; deux poches basses; Cordon sur l'ourlet; Coutures cousues et soud\u00e9es avec du ruban adh\u00e9sif. Conforme \u00e0 la norme EN ISO20471:2013 Cat\u00e9gorie 3 et EN343 Class 3.3 relative \u00e0 la protection contre le mauvais temps. Composition : 100% polyester.","genre":"mixte","grammage":210,"conditionnement":10,"composition":"polyester,polyester_uniquement","reference":"yo-hvs450","reference_visible":"yo-hvs450","reference_fabricant":"HVS450","ref_xor":"728940","in_catalog":true,"is_transfer":false,"is_service":false,"on_standby":false,"has_3d":false,"has_size_guide":true,"has_marking":true,"has_vierge":true,"is_cross_sellable":false,"id_picto":162,"filename_3d":null,"brand":{"id":45,"name":"Yoko","logo":"logo-yoko.png","image":"https:\/\/media.th4.com\/-qho2nNweF4rzvP5zJ3yl0SKsWhsficI-OdjwCQC2BY\/pr:brand70x70\/aHR0cDovL21lZGlhMi5kZXNpZ25wYXJ0bmVyLmZyL2MvbS9sb2dvLXlva28ucG5n?v=1735557637"},"price_infos":{"price_from":78.33,"quantity":5,"color":{"id":3062,"name":"hi_vis_yellow"},"size":{"id":3,"name":"S"}},"price_infos_marking":{"price_from":61.08,"quantity":20,"color":{"id":3062,"name":"hi_vis_yellow"},"size":{"id":3,"name":"S"},"marking":{"id":2,"name":""},"emplacement":"avant","surface_emplacement_id":1,"surface":"coeur"},"i18n":{"blank":{"title":{"fr":"Veste de pluie respirante hi-vis soft flex YOKO hvs450","en":"Breathable hi-vis soft flex rain jacket YOKO hvs450","de":"Atmungsaktive Regenjacke hochsichtbar soft flex YOKO hvs450","nl":"Ademende regenjas met hoogzichtbaarheid soft flex YOKO hvs450","es":"Chaqueta impermeable transpirable de alta visibilidad YOKO hvs450","it":"Giacca impermeabile respirante hi-vis soft flex YOKO hvs450","sv":"Andningsbara regnjacka hi-vis soft flex YOKO hvs450","pt":"Jaqueta de chuva respir\u00e1vel hi-vis soft flex YOKO hvs450","da":"Regnfrakke \u00e5ndbar hi-vis soft flex YOKO hvs450","pl":"Odporna na deszcz kurtka oddychaj\u0105ca hi-vis soft flex YOKO hvs450"},"description":{"fr":"Cette veste de pluie respirante offre une protection efficace contre les intemp\u00e9ries gr\u00e2ce \u00e0 son tissu polyester souple et son rev\u00eatement imperm\u00e9able. Elle assure une bonne visibilit\u00e9 dans des conditions de faible luminosit\u00e9 gr\u00e2ce aux bandes r\u00e9fl\u00e9chissantes 3M scell\u00e9es \u00e0 la chaleur, dispos\u00e9es autour du corps et des bras. Elle est dot\u00e9e de deux poches basses pratiques pour ranger de petits objets et d'un cordon de serrage \u00e0 l'ourlet pour ajuster la coupe. Les coutures sont cousues et soud\u00e9es avec du ruban adh\u00e9sif pour renforcer l'imperm\u00e9abilit\u00e9. \n\n- Tissu ext\u00e9rieur : 100% polyester\n- Bandes r\u00e9fl\u00e9chissantes : 3M scell\u00e9es \u00e0 la chaleur\n- Poches : Deux poches basses\n- Ourlet : Cordon de serrage ajustable","en":"This breathable rain jacket offers effective protection against the elements thanks to its soft polyester fabric and waterproof coating. It ensures good visibility in low light conditions thanks to heat-sealed 3M reflective strips arranged around the body and arms. It features two practical lower pockets for storing small items and an adjustable drawstring at the hem to customize the fit. The seams are sewn and sealed with tape to enhance waterproofing. \n\n- Exterior fabric: 100% polyester\n- Reflective strips: 3M heat-sealed\n- Pockets: Two lower pockets\n- Hem: Adjustable drawstring","de":"Diese atmungsaktive Regenjacke bietet wirksamen Schutz vor widrigen Wetterbedingungen dank ihres weichen Polyestergewebes und der wasserdichten Beschichtung. Sie sorgt f\u00fcr gute Sichtbarkeit bei schlechten Lichtverh\u00e4ltnissen dank der 3M-Reflexstreifen, die w\u00e4rmeversiegelt um den K\u00f6rper und die Arme herum angeordnet sind. Sie verf\u00fcgt \u00fcber zwei praktische tiefe Taschen zum Verstauen kleiner Gegenst\u00e4nde und einen Kordelzug am Saum zur Anpassung der Passform. Die N\u00e4hte sind vern\u00e4ht und mit Klebeband verst\u00e4rkt, um die Wasserfestigkeit zu erh\u00f6hen. \n\n- Au\u00dfengewebe: 100% Polyester\n- Reflexstreifen: 3M w\u00e4rmeversiegelt\n- Taschen: Zwei tiefe Taschen\n- Saum: Einstellbarer Kordelzug","nl":"Deze ademende regenjas biedt effectieve bescherming tegen de elementen door middel van soepel polyesterweefsel en een waterdichte laag. Het zorgt voor goede zichtbaarheid in omstandigheden van weinig licht door 3M reflecterende strepen die rond het lichaam en de armen zijn aangebracht. Het heeft twee handige lage zakken om kleine voorwerpen te bewaren en een strekkordel aan de onderrand om de pasvorm aan te passen. De naden zijn genaaid en gelijmd met een hechtband om de waterdichtheid te versterken. \n\n- Buitenmateriaal: 100% polyester\n- Reflecterende strepen: 3M\n- Zakken: Twee lage zakken\n- Onderrand: Aanpasbare strekkordel","es":"Esta chaqueta impermeable transpirable ofrece una protecci\u00f3n efectiva contra las inclemencias del tiempo gracias a su tela de poli\u00e9ster suave y su revestimiento impermeable. Asegura una buena visibilidad en condiciones de poca luz gracias a las bandas reflectantes 3M selladas al calor, dispuestas alrededor del cuerpo y de los brazos. Cuenta con dos bolsillos bajos pr\u00e1cticos para guardar peque\u00f1os objetos y un cord\u00f3n de ajuste en la parte inferior para ajustar el corte. Las costuras est\u00e1n cosidas y selladas con cinta adhesiva para reforzar la impermeabilidad. \n\n- Tela exterior: 100% poli\u00e9ster\n- Bandas reflectantes: 3M selladas al calor\n- Bolsillos: Dos bolsillos bajos\n- Parte inferior: Cord\u00f3n de ajuste ajustable","it":"Questa giacca impermeabile respirante offre una protezione efficace contro le intemperie grazie al suo tessuto in poliestere morbido e al rivestimento impermeabile. Garantisce una buona visibilit\u00e0 in condizioni di scarsa illuminazione grazie alle strisce riflettenti 3M sigillate a caldo, disposte intorno al corpo e alle braccia. \u00c8 dotata di due tasche basse pratiche per riporre piccoli oggetti e di un cordone regolabile all'orlo per adattare la forma. Le cuciture sono cucite e saldate con nastro adesivo per rafforzare l'impermeabilit\u00e0.\n\n- Tessuto esterno: 100% poliestere\n- Strisce riflettenti: 3M sigillate a caldo\n- Tasche: Due tasche basse\n- Orlo: Cordone regolabile","sv":"Denna andningsbara regnjacka ger effektivt skydd mot v\u00e4der och vind tack vare sin mjuka polyesterduk och vattent\u00e4t bel\u00e4ggning. Den s\u00e4kerst\u00e4ller god synlighet i l\u00e5gt ljus tack vare 3M reflekterande remsor som \u00e4r v\u00e4rmef\u00f6rseglade runt kroppen och armarna. Den har tv\u00e5 praktiska l\u00e4gre fickor f\u00f6r att f\u00f6rvara sm\u00e5 f\u00f6rem\u00e5l och en drastring i nederkanten f\u00f6r att justera passformen. S\u00f6mmarna \u00e4r sydda och f\u00f6rseglade med tejp f\u00f6r att f\u00f6rb\u00e4ttra vattent\u00e4theten. \n\n- Yttre tyg: 100% polyester\n- Reflekterande remsor: 3M v\u00e4rmef\u00f6rseglade\n- Fickor: Tv\u00e5 l\u00e4gre fickor\n- Nederkant: Justerbar drastring","pt":"Esta jaqueta de chuva respir\u00e1vel oferece prote\u00e7\u00e3o eficaz contra intemp\u00e9ries gra\u00e7as ao seu tecido de poli\u00e9ster macio e revestimento imperme\u00e1vel. Garante boa visibilidade em condi\u00e7\u00f5es de pouca luminosidade gra\u00e7as \u00e0s faixas refletoras 3M seladas a quente, dispostas ao redor do corpo e dos bra\u00e7os. Possui dois bolsos inferiores pr\u00e1ticos para guardar pequenos objetos e um cord\u00e3o de ajuste na barra para ajustar o corte. As costuras s\u00e3o costuradas e soldadas com fita adesiva para refor\u00e7ar a impermeabilidade.\n\n- Tecido externo: 100% poli\u00e9ster\n- Faixas refletoras: 3M seladas a quente\n- Bolsos: Dois bolsos inferiores\n- Barra: Cord\u00e3o de ajuste ajust\u00e1vel","da":"Denne \u00e5ndbare regnfrakke tilbyder effektiv beskyttelse mod vejrforhold med sit bl\u00f8de polyesterstof og dets vandt\u00e6tte bel\u00e6gning. Den sikrer god synlighed i forhold med lav belysning p\u00e5 grund af de varmeforseglede 3M reflekterende b\u00e5nd, som er placeret omkring kroppen og armene. Den har to praktiske nedre lommer til opbevaring af sm\u00e5 genstande og en tr\u00e6kstreng ved bundkanten til at justere passformen. Syerne er syet og svejset med tape for at forst\u00e6rke vandt\u00e6theden. T\u00f8jstof yderside: 100% polyester. Reflekterende b\u00e5nd: 3M varmeforseglede. Lommer: To nedre lommer. Bundkant: Justerbar tr\u00e6kstreng","pl":"Ta odporna na deszcz kurtka oddychaj\u0105ca zapewnia skuteczn\u0105 ochron\u0119 przed niepogod\u0105 dzi\u0119ki mi\u0119kkiej tkaninie z poliestru i nieprzemakalnemu pokryciu. Zapewnia dobry widoczno\u015b\u0107 w warunkach s\u0142abego o\u015bwietlenia dzi\u0119ki ta\u015bmom odblaskowym 3M z uszczelnionymi termicznie, rozmieszczonymi wok\u00f3\u0142 cia\u0142a i ramion. Wbudowane dwie praktyczne kieszenie dolne do przechowywania ma\u0142ych przedmiot\u00f3w oraz sznurowad\u0142o regulacyjne na dolnym kraw\u0119dzi do dostosowania kroj\u00f3w. Szwy s\u0105 zszyte i uszczelnione ta\u015bm\u0105 klej\u0105c\u0105 w celu wzmocnienia nieprzemakalno\u015bci.\n\n- Materia\u0142 zewn\u0119trzny: 100% poliestru\n- Ta\u015bmy odblaskowe: 3M z uszczelnionymi termicznie\n- Kieszenie: Dwie kieszenie dolne\n- Dolna kraw\u0119d\u017a: Regulowany sznurowad\u0142o"},"h1":{"fr":"Veste de pluie respirante hi-vis soft flex hvs450","en":"Breathable hi-vis soft flex rain jacket hvs450","de":"Atmungsaktive Regenjacke hochsichtbar soft flex hvs450","nl":"Ademende regenjas met hoogzichtbaarheid soft flex hvs450","es":"Chaqueta impermeable transpirable de alta visibilidad hvs450","it":"Giacca impermeabile respirante hi-vis soft flex hvs450","sv":"Andningsbara regnjacka hi-vis soft flex hvs450","pt":"Jaqueta de chuva respir\u00e1vel hi-vis soft flex hvs450","da":"Regnfrakke \u00e5ndbar hi-vis soft flex hvs450","pl":"Odporna na deszcz kurtka oddychaj\u0105ca hi-vis soft flex hvs450"},"meta_description":{"fr":"Veste de pluie respirante hi-vis soft flex. Tissu polyester souple, bandes r\u00e9fl\u00e9chissantes 3M, poches basses et cordon de serrage. Conforme aux normes EN ISO20471 et EN343.","en":"Breathable hi-vis soft flex rain jacket. Soft polyester fabric, 3M reflective strips, lower pockets and drawstring. Compliant with EN ISO20471 and EN343 standards.","de":"Atmungsaktive Regenjacke hochsichtbar soft flex. Weiches Polyestergewebe, 3M-Reflexstreifen, tiefe Taschen und Kordelzug. Entspricht den Normen EN ISO20471 und EN343.","nl":"Ademende regenjas met hoogzichtbaarheid soft flex. Soepel polyesterweefsel, 3M reflecterende strepen, lage zakken en strekkordel. Voldoet aan de normen EN ISO20471 en EN343.","es":"Chaqueta impermeable transpirable de alta visibilidad. Tela de poli\u00e9ster suave, bandas reflectantes 3M, bolsillos bajos y cord\u00f3n de ajuste. Cumple con las normas EN ISO20471 y EN343.","it":"Giacca impermeabile respirante hi-vis soft flex. Tessuto in poliestere morbido, strisce riflettenti 3M, tasche basse e cordone regolabile. Conforme alle norme EN ISO20471 e EN343.","sv":"Andningsbara regnjacka hi-vis soft flex. Polyestertyg, reflekterande remsor 3M, l\u00e4gre fickor och drastring. Uppfyller normerna EN ISO20471 och EN343.","pt":"Jaqueta de chuva respir\u00e1vel hi-vis soft flex. Tecido de poli\u00e9ster macio, faixas refletoras 3M, bolsos inferiores e cord\u00e3o de ajuste. Conforme com as normas EN ISO20471 e EN343.","da":"Regnfrakke \u00e5ndbar hi-vis soft flex. Polyesterstof bl\u00f8dt, reflekterende b\u00e5nd 3M, nedre lommer og tr\u00e6kstreng. Opfylder normerne EN ISO20471 og EN343.","pl":"Odporna na deszcz kurtka oddychaj\u0105ca hi-vis soft flex. Tkanina z poliestru mi\u0119kka, ta\u015bmy odblaskowe 3M, kieszenie dolne i sznurowad\u0142o regulacyjne. Spe\u0142nia normy EN ISO20471 i EN343."}},"custom":{"title":{"fr":"Veste de pluie respirante hi-vis soft flex YOKO personnalisable hvs450","en":"Breathable hi-vis soft flex YOKO customizable rain jacket hvs450","de":"Atemaktive Regenjacke Hi-Vis Soft Flex YOKO Anpassbar hvs450","nl":"Ademende regenjas hi-vis soft flex YOKO personaliseerbaar hvs450","es":"Chaqueta de lluvia transpirable de alta visibilidad soft flex YOKO personalizable hvs450","it":"Giacca impermeabile respirante hi-vis soft flex YOKO personalizzabile hvs450","sv":"Regnjacka andas respirerande h\u00f6g synlighet mjuk flex YOKO personaliserbar hvs450","pt":"Jaqueta de chuva respir\u00e1vel hi-vis soft flex YOKO personaliz\u00e1vel hvs450","da":"\u00c5ben regnfrakke respirerende hi-vis soft flex YOKO tilpasning hvs450","pl":"Oddychaj\u0105ca kurtka przeciwdeszczowa hi-vis soft flex YOKO do personalizacji hvs450"},"description":{"fr":"La veste de pluie hi-vis soft flex offre une protection optimale contre les intemp\u00e9ries tout en assurant une visibilit\u00e9 accrue. Confectionn\u00e9e \u00e0 partir d'un tissu ext\u00e9rieur doux au toucher, respirant et enduit de transfert avec doublure en maille, cette veste allie confort et fonctionnalit\u00e9. Elle est \u00e9quip\u00e9e de rubans r\u00e9fl\u00e9chissants 3M scell\u00e9s \u00e0 la chaleur autour du corps, des bras et sur chaque \u00e9paule pour une s\u00e9curit\u00e9 maximale. Les poignets \u00e9lastiqu\u00e9s, les deux poches basses et le cordon sur l'ourlet offrent un ajustement personnalis\u00e9. Les coutures cousues et soud\u00e9es avec du ruban adh\u00e9sif garantissent une \u00e9tanch\u00e9it\u00e9 parfaite. Cette veste est conforme \u00e0 la norme EN ISO20471:2013 Cat\u00e9gorie 3 et EN343 Class 3.3 relative \u00e0 la protection contre le mauvais temps. Composition : 100% polyester. Possibilit\u00e9 de personnalisation en broderie pour un marquage unique.\n\n- Tissu ext\u00e9rieur doux et respirant\n- Rubans r\u00e9fl\u00e9chissants 3M\n- Poignets \u00e9lastiqu\u00e9s\n- Deux poches basses\n- Cordon sur l'ourlet\n- Coutures cousues et soud\u00e9es","en":"The hi-vis soft flex rain jacket offers optimal protection against the elements while ensuring increased visibility. Made from a soft-to-the-touch, breathable outer fabric with a mesh lining, this jacket combines comfort and functionality. It is equipped with 3M reflective tapes heat-sealed around the body, arms, and on each shoulder for maximum safety. The elasticated cuffs, two lower pockets, and drawstring at the hem provide a custom fit. The sewn and taped seams ensure perfect waterproofing. This jacket is compliant with EN ISO20471:2013 Category 3 and EN343 Class 3.3 for protection against bad weather. Composition: 100% polyester. Possibility of customization with embroidery for unique marking.\n\n- Soft and breathable outer fabric\n- 3M reflective tapes\n- Elasticated cuffs\n- Two lower pockets\n- Drawstring at the hem\n- Sewn and taped seams","de":"Die Hi-Vis Soft-Flex-Regenjacke bietet optimalen Schutz vor den Unbilden der Witterung und sorgt gleichzeitig f\u00fcr eine erh\u00f6hte Sichtbarkeit. Sie besteht aus einem weichen, atmungsaktiven Au\u00dfenmaterial und einem Netzfutter. F\u00fcr maximale Sicherheit sind reflektierende 3M-B\u00e4nder rund um den K\u00f6rper, die Arme und auf jeder Schulter eingearbeitet. Die elastischen Armb\u00fcndchen, die beiden unteren Taschen und das Zugband am Saum bieten eine individuelle Passform. Die vern\u00e4hten und verschwei\u00dften N\u00e4hte mit Klebeband garantieren absolute Dichtigkeit. Diese Jacke entspricht der Norm EN ISO20471:2013 Kategorie 3 und EN343 Klasse 3.3 bez\u00fcglich des Schutzes vor schlechtem Wetter. Zusammensetzung: 100% Polyester. M\u00f6glichkeit der Personalisierung durch Stickerei f\u00fcr eine einzigartige Markierung.\n\n- Weiches und atmungsaktives Au\u00dfenmaterial\n- Reflektierende 3M-B\u00e4nder\n- Elastische Armb\u00fcndchen\n- Zwei untere Taschen\n- Zugband am Saum\n- Vern\u00e4hte und verschwei\u00dfte N\u00e4hte","nl":"De hi-vis soft flex regenjas biedt optimale bescherming tegen slecht weer en zorgt voor een verhoogde zichtbaarheid. Geconstrueerd van een buitenstof die zacht aanvoelt, ademend is en met een transfercoating is voorzien en een tricot binnenvoering, deze jas combineert comfort en functionaliteit. Het is uitgerust met 3M-reflecterende stroken die rondom het lichaam, de armen en op elke schouder zijn aangebracht voor maximale veiligheid. De elastische polsbanden, de twee laagzittende zakken en de touw aan de onderrand bieden een aangepaste pasvorm. De genaaide en gelaste naden met lint garanderen een perfecte waterdichtheid. Deze jas voldoet aan de norm EN ISO20471:2013 Categorie 3 en EN343 Klasse 3.3 betreffende bescherming tegen slecht weer. Samenstelling: 100% polyester. Mogelijkheid tot personalisatie met borduurwerk voor een uniek merk.\n\n- Zacht en ademend buitenstof\n- 3M-reflecterende stroken\n- Elastische polsbanden\n- Twee laagzittende zakken\n- Touw aan de onderrand\n- Genaaide en gelaste naden","es":"La chaqueta de lluvia hi-vis soft flex ofrece una protecci\u00f3n \u00f3ptima contra las inclemencias del tiempo asegurando una visibilidad aumentada. Confeccionada con un tejido exterior suave al tacto, transpirable y enducido de transferencia con forro en malla, esta chaqueta combina confort y funcionalidad. Est\u00e1 equipada con cintas reflectantes 3M selladas al calor alrededor del cuerpo, los brazos y en cada hombro para una seguridad m\u00e1xima. Las mu\u00f1ecas el\u00e1sticas, los dos bolsillos bajos y la cuerda en el dobladillo ofrecen un ajuste personalizado. Las costuras cosidas y soldadas con cinta adhesiva garantizan una impermeabilidad perfecta. Esta chaqueta cumple con la norma EN ISO20471:2013 Categor\u00eda 3 y EN343 Clase 3.3 relativa a la protecci\u00f3n contra el mal tiempo. Composici\u00f3n: 100% poli\u00e9ster. Posibilidad de personalizaci\u00f3n en bordado para un marcado \u00fanico.\n\n- Tejido exterior suave y transpirable\n- Cintas reflectantes 3M\n- Mu\u00f1equeras el\u00e1sticas\n- Dos bolsillos bajos\n- Cuerda en el dobladillo\n- Costuras cosidas y soldadas","it":"La giacca impermeabile hi-vis soft flex offre una protezione ottimale contro le intemperie garantendo al contempo una visibilit\u00e0 accresciuta. Realizzata con un tessuto esterno morbido al tatto, traspirante e rivestito con transfer, e fodera in rete, questa giacca unisce comfort e funzionalit\u00e0. Dotata di strisce riflettenti 3M sigillate a caldo intorno al corpo, sulle braccia e su ciascuna spalla per una sicurezza massima. I polsini elastici, le due tasche inferiori e il cordone sul lembo offrono un adattamento personalizzato. Le cuciture cucite e saldate con nastro adesivo garantiscono una perfetta impermeabilit\u00e0. Questa giacca \u00e8 conforme alla norma EN ISO20471:2013 Categoria 3 e EN343 Classe 3.3 relativa alla protezione contro le avverse condizioni atmosferiche. Composizione: 100% poliestere. Possibilit\u00e0 di personalizzazione con ricamo per un marchio unico.\n\n- Tessuto esterno morbido e traspirante\n- Strisce riflettenti 3M\n- Polsini elastici\n- Due tasche inferiori\n- Cordone sul lembo\n- Cuciture cucite e saldate","sv":"Regnjackan andas h\u00f6g synlighet mjuk flex erbjuder optimal skydd mot d\u00e5ligt v\u00e4der samtidigt som den ger \u00f6kad synlighet. Tillverkad av ett yttre tyg som \u00e4r mjukt, andas och behandlat med \u00f6verf\u00f6ring med insida i n\u00e4t, kombinerar den komfort och funktionalitet. Den \u00e4r utrustad med 3M reflekterande remsor f\u00e4sta med v\u00e4rme runt kroppen, armarna och p\u00e5 varje axel f\u00f6r maximal s\u00e4kerhet. Elastiska \u00e4rmar, tv\u00e5 nedre fickor och en sn\u00f6re i kanterna ger en anpassningsbar passform. Sydda och svetsade s\u00f6mmar med tejpband garanterar perfekt t\u00e4thet. Denna jacka uppfyller EN ISO20471:2013 Kategori 3 och EN343 Klass 3.3 f\u00f6r skydd mot d\u00e5ligt v\u00e4der. Sammans\u00e4ttning: 100% polyester. M\u00f6jlighet till personalisering i broderi f\u00f6r ett unikt m\u00e4rke.\n\n- Yttre tyg mjukt och andas\n- 3M reflekterande remsor\n- Elastiska \u00e4rmar\n- Tv\u00e5 nedre fickor\n- Sn\u00f6re i kanterna\n- Sydda och svetsade s\u00f6mmar","pt":"A jaqueta de chuva hi-vis soft flex oferece uma prote\u00e7\u00e3o \u00f3tima contra as intemp\u00e9ries, garantindo uma visibilidade aumentada. Fabricada a partir de um tecido externo macio ao toque, respir\u00e1vel e com revestimento de transfer\u00eancia com forro de malha, esta jaqueta alia conforto e funcionalidade. Est\u00e1 equipada com fitas refletoras 3M seladas a quente ao redor do corpo, dos bra\u00e7os e em cada ombro para uma seguran\u00e7a m\u00e1xima. Os punhos el\u00e1sticos, os dois bolsos inferiores e o cord\u00e3o na bainha oferecem um ajuste personalizado. As costuras costuradas e seladas com fita adesiva garantem uma impermeabilidade perfeita. Esta jaqueta est\u00e1 em conformidade com a norma EN ISO20471:2013 Categoria 3 e EN343 Classe 3.3 relativa \u00e0 prote\u00e7\u00e3o contra o mau tempo. Composi\u00e7\u00e3o: 100% poli\u00e9ster. Possibilidade de personaliza\u00e7\u00e3o em bordado para uma marca\u00e7\u00e3o \u00fanica.\n\n- Tecido externo macio e respir\u00e1vel\n- Fitais refletoras 3M\n- Punhos el\u00e1sticos\n- Dois bolsos inferiores\n- Cord\u00e3o na bainha\n- Costuras costuradas e seladas","da":"Den \u00e5bne regnfrakke hi-vis soft flex tilbyder optimal beskyttelse mod uvejr samt \u00f8get synlighed. Fremstillet af et bl\u00f8dt, \u00e5ndbart og overfladetransfer-belagt ydre stof med maskeindl\u00e6g, kombinerer denne jakke komfort og funktion. Den er udstyret med 3M-reflekserende b\u00e5nd fastgjort med varme rundt om kroppen, arme og p\u00e5 hver skulder til maksimal sikkerhed. De elastiske \u00e6rmer, de to nederste lommer og sn\u00f8ringen p\u00e5 bundkanten tilbyder en tilpasset pasform. Syede og svejsede s\u00f8mme med tape sikrer total vandt\u00e6thed. Denne jakke overholder normen EN ISO20471:2013 kategori 3 og EN343 klasse 3.3 med hensyn til beskyttelse mod d\u00e5rligt vejr. Sammens\u00e6tning: 100% polyester. Mulighed for tilpasning ved broderi til en unik markering.\n\n- Bl\u00f8dt og \u00e5ndbart ydre stof\n- 3M-reflekserende b\u00e5nd\n- Elastiske \u00e6rmer\n- To nederste lommer\n- Sn\u00f8ring p\u00e5 bundkanten\n- Syede og svejsede s\u00f8mme","pl":"Kurtka przeciwdeszczowa hi-vis soft flex zapewnia optymaln\u0105 ochron\u0119 przed niepogod\u0105, jednocze\u015bnie zwi\u0119kszaj\u0105c widoczno\u015b\u0107. Wykonana z mi\u0119kkiego, oddychaj\u0105cego materia\u0142u zewn\u0119trznego pokrytego transferem z podszewk\u0105 z siatki, ta kurtka \u0142\u0105czy komfort i funkcjonalno\u015b\u0107. Wyposa\u017cona w ta\u015bmy odblaskowe 3M zabezpieczone ciep\u0142em wok\u00f3\u0142 cia\u0142a, na ramionach i na ka\u017cdym ramieniu dla maksymalnej bezpiecze\u0144stwa. Elastyczne mankiety, dwie dolne kieszenie i sznurek na dole kurtki zapewniaj\u0105 indywidualne dopasowanie. Szwy zszywane i zszywane ta\u015bm\u0105 klej\u0105c\u0105 gwarantuj\u0105 ca\u0142kowit\u0105 nieprzemakalno\u015b\u0107. Ta kurtka spe\u0142nia norm\u0119 EN ISO20471:2013 Kategoria 3 i EN343 Klasa 3.3 dotycz\u0105c\u0105 ochrony przed z\u0142\u0105 pogod\u0105. Sk\u0142ad: 100% poliestru. Mo\u017cliwo\u015b\u0107 personalizacji przez haftowanie dla unikalnego oznaczenia.\n\n- Mi\u0119kki i oddychaj\u0105cy materia\u0142 zewn\u0119trzny\n- Ta\u015bmy odblaskowe 3M\n- Elastyczne mankiety\n- Dwie dolne kieszenie\n- Sznurek na dole\n- Szwy zszywane i zszywane ta\u015bm\u0105 klej\u0105c\u0105"},"h1":{"fr":"Veste de pluie respirante hi-vis soft flex personnalisation hvs450","en":"Breathable hi-vis soft flex customization rain jacket hvs450","de":"Atemaktive Regenjacke Hi-Vis Soft Flex Anpassung hvs450","nl":"Ademende regenjas hi-vis soft flex personalisatie hvs450","es":"Chaqueta de lluvia transpirable de alta visibilidad soft flex personalizaci\u00f3n hvs450","it":"Giacca impermeabile respirante hi-vis soft flex personalizzazione hvs450","sv":"Regnjacka andas respirerande h\u00f6g synlighet mjuk flex personalisering hvs450","pt":"Jaqueta de chuva respir\u00e1vel hi-vis soft flex personaliza\u00e7\u00e3o hvs450","da":"\u00c5ben regnfrakke respirerende hi-vis soft flex tilpasning hvs450","pl":"Oddychaj\u0105ca kurtka przeciwdeszczowa hi-vis soft flex personalizacja hvs450"},"meta_description":{"fr":"Veste de pluie haute visibilit\u00e9 respirante et confortable. Soft Flex. Personnalisable en broderie. Id\u00e9ale pour le travail et les loisirs.","en":"Breathable and comfortable high visibility rain jacket. Soft Flex. Customizable with embroidery. Ideal for work and leisure.","de":"Atemaktive und bequeme Regenjacke mit hoher Sichtbarkeit. Soft Flex. Personalisierbar mit Stickerei. Ideal f\u00fcr Arbeit und Freizeit.","nl":"Ademende en comfortabele regenjas met hoge zichtbaarheid. Soft Flex. Te personaliseren met borduurwerk. Ideaal voor werk en vrijetijd.","es":"Chaqueta de lluvia de alta visibilidad transpirable y c\u00f3moda. Soft Flex. Personalizable en bordado. Ideal para el trabajo y el ocio.","it":"Giacca impermeabile ad alta visibilit\u00e0, respirante e confortevole. Soft Flex. Personalizzabile con ricamo. Ideale per il lavoro e il tempo libero.","sv":"Andas regnjacka med h\u00f6g synlighet och h\u00f6g komfort. Mjuk Flex. Personaliserbar i broderi. Idealisk f\u00f6r arbete och fritid.","pt":"Jaqueta de chuva de alta visibilidade respir\u00e1vel e confort\u00e1vel. Soft Flex. Personaliz\u00e1vel em bordado. Ideal para o trabalho e os lazeres.","da":"\u00c5ben regnfrakke h\u00f8j synlighed, \u00e5ndbar og komfortabel. Soft Flex. Tilpasningsbar ved broderi. Ideel til arbejde og fritid.","pl":"Oddychaj\u0105ca i wygodna kurtka przeciwdeszczowa o wysokiej widoczno\u015bci. Soft Flex. Mo\u017cliwa personalizacja przez haftowanie. Idealna do pracy i rekreacji."}}},"categories":[{"id":300,"name":"Coupe-vents","singular":"Coupe-vent","is_feminin":false},{"id":561,"name":"BTP et Industrie","singular":"BTP et Industrie","is_feminin":false},{"id":572,"name":"Textiles r\u00e9fl\u00e9chissants","singular":"Textile r\u00e9fl\u00e9chissant","is_feminin":false},{"id":13,"name":"Vestes et manteaux","singular":"Veste et manteau","is_feminin":true},{"id":559,"name":"Univers","singular":"Univers","is_feminin":false},{"id":354,"name":"Textile","singular":"Textile","is_feminin":false}],"certifications":[{"id":21,"label":"Sedex","logo_link":"\/images\/certifications\/21_Sedex.jpg","is_marking_compatible":false}],"videos":{"fr":[],"en":[],"de":[],"nl":[],"es":[],"it":[],"sv":[],"pt":[],"da":[],"pl":[]},"main_images":{"miniature":"https:\/\/media.th4.com\/YFL393gB9aBAOeKoHIPo_dHGIGDWWYB96LEsLBIKAEc\/pr:80\/aHR0cDovL21lZGlhMi5kZXNpZ25wYXJ0bmVyLmZyL2MvcC1NVC8xODcyOS5qcGc?v=1729500083","medium":"https:\/\/media.th4.com\/2vQ4PjIDl2STPd_dHWVJZU56y_S79qzcDTz-IRzPQA0\/pr:550x550greybg\/aHR0cDovL21lZGlhMi5kZXNpZ25wYXJ0bmVyLmZyL2MvcC1NVC8xODcyOS5qcGc?v=1729500083","medium_large":"https:\/\/media.th4.com\/Z3QQO2eV3ql_USS8dFqiR3zmJL20ysjEqqQiErwdjPs\/pr:1000x1000greybg\/aHR0cDovL21lZGlhMi5kZXNpZ25wYXJ0bmVyLmZyL2MvcC1NVC8xODcyOS5qcGc?v=1729500083","large":"https:\/\/media.th4.com\/GoVnLzdcNWmpGxU2pZAf9FuuK6yoJH2JMGiRMLwbR2c\/pr:1920greybg\/aHR0cDovL21lZGlhMi5kZXNpZ25wYXJ0bmVyLmZyL2MvcC1NVC8xODcyOS5qcGc?v=1729500083","opengraph":"https:\/\/media.th4.com\/Rv9cfJuhMlGxLCA4ClnsF9YR8zjvfb-OtRiYBHsi60U\/pr:1200x630greybg\/aHR0cDovL21lZGlhMi5kZXNpZ25wYXJ0bmVyLmZyL2MvcC1NVC8xODcyOS5qcGc?v=1729500083"},"main_images_customization":{"miniature":"https:\/\/media.th4.com\/YFL393gB9aBAOeKoHIPo_dHGIGDWWYB96LEsLBIKAEc\/pr:80\/aHR0cDovL21lZGlhMi5kZXNpZ25wYXJ0bmVyLmZyL2MvcC1NVC8xODcyOS5qcGc?v=1729500083","medium":"https:\/\/media.th4.com\/2vQ4PjIDl2STPd_dHWVJZU56y_S79qzcDTz-IRzPQA0\/pr:550x550greybg\/aHR0cDovL21lZGlhMi5kZXNpZ25wYXJ0bmVyLmZyL2MvcC1NVC8xODcyOS5qcGc?v=1729500083","medium_large":"https:\/\/media.th4.com\/Z3QQO2eV3ql_USS8dFqiR3zmJL20ysjEqqQiErwdjPs\/pr:1000x1000greybg\/aHR0cDovL21lZGlhMi5kZXNpZ25wYXJ0bmVyLmZyL2MvcC1NVC8xODcyOS5qcGc?v=1729500083","large":"https:\/\/media.th4.com\/GoVnLzdcNWmpGxU2pZAf9FuuK6yoJH2JMGiRMLwbR2c\/pr:1920greybg\/aHR0cDovL21lZGlhMi5kZXNpZ25wYXJ0bmVyLmZyL2MvcC1NVC8xODcyOS5qcGc?v=1729500083","opengraph":"https:\/\/media.th4.com\/Rv9cfJuhMlGxLCA4ClnsF9YR8zjvfb-OtRiYBHsi60U\/pr:1200x630greybg\/aHR0cDovL21lZGlhMi5kZXNpZ25wYXJ0bmVyLmZyL2MvcC1NVC8xODcyOS5qcGc?v=1729500083"},"page_links":{"fr":"\/fr\/p-yo-hvs450-veste-de-pluie-respirante-hi-vis-soft-flex-hvs450-18729\/","en":"\/en\/p-yo-hvs450-breathable-hi-vis-soft-flex-rain-jacket-hvs450-18729\/","de":"\/de\/p-yo-hvs450-atmungsaktive-regenjacke-hochsichtbar-soft-flex-hvs450-18729\/","nl":"\/nl\/p-yo-hvs450-ademende-regenjas-met-hoogzichtbaarheid-soft-flex-hvs450-18729\/","es":"\/es\/p-yo-hvs450-chaqueta-impermeable-transpirable-de-alta-visibilidad-hvs450-18729\/","it":"\/it\/p-yo-hvs450-giacca-impermeabile-respirante-hi-vis-soft-flex-hvs450-18729\/","sv":"\/sv\/p-yo-hvs450-andningsbara-regnjacka-hi-vis-soft-flex-hvs450-18729\/","pt":"\/pt\/p-yo-hvs450-jaqueta-de-chuva-respiravel-hi-vis-soft-flex-hvs450-18729\/","da":"\/da\/p-yo-hvs450-regnfrakke-andbar-hi-vis-soft-flex-hvs450-18729\/","pl":"\/pl\/p-yo-hvs450-odporna-na-deszcz-kurtka-oddychajaca-hi-vis-soft-flex-hvs450-18729\/"},"page_links_customization":{"fr":"\/fr\/p-yo-hvs450-veste-de-pluie-respirante-hi-vis-soft-flex-personnalisation-hvs450-18729\/custom\/","en":"\/en\/p-yo-hvs450-breathable-hi-vis-soft-flex-customization-rain-jacket-hvs450-18729\/custom\/","de":"\/de\/p-yo-hvs450-atemaktive-regenjacke-hi-vis-soft-flex-anpassung-hvs450-18729\/custom\/","nl":"\/nl\/p-yo-hvs450-ademende-regenjas-hi-vis-soft-flex-personalisatie-hvs450-18729\/custom\/","es":"\/es\/p-yo-hvs450-chaqueta-de-lluvia-transpirable-de-alta-visibilidad-soft-flex-personalizacion-hvs450-18729\/custom\/","it":"\/it\/p-yo-hvs450-giacca-impermeabile-respirante-hi-vis-soft-flex-personalizzazione-hvs450-18729\/custom\/","sv":"\/sv\/p-yo-hvs450-regnjacka-andas-respirerande-hog-synlighet-mjuk-flex-personalisering-hvs450-18729\/custom\/","pt":"\/pt\/p-yo-hvs450-jaqueta-de-chuva-respiravel-hi-vis-soft-flex-personalizacao-hvs450-18729\/custom\/","da":"\/da\/p-yo-hvs450-aben-regnfrakke-respirerende-hi-vis-soft-flex-tilpasning-hvs450-18729\/custom\/","pl":"\/pl\/p-yo-hvs450-oddychajaca-kurtka-przeciwdeszczowa-hi-vis-soft-flex-personalizacja-hvs450-18729\/custom\/"},"equivalent_products":[],"colors":[{"id":3061,"name":"hi_vis_orange","class_ids":[13,9],"codes_hexa":["ef7c12"],"delai_24":false,"has_3d":false,"seuil_global":0,"stock_local":0,"stock_global":98,"on_standby":false,"in_catalog":true,"images":{"miniature":["https:\/\/media.th4.com\/8UIiZw8B07o5ntUk3tygPCkgKrGtuevxAtKbX9qiLF8\/pr:80\/aHR0cDovL21lZGlhMi5kZXNpZ25wYXJ0bmVyLmZyL2MvcC8xODcyOS8xODcyOS0zMDYxLTEuanBn?v=1729499783"],"medium":["https:\/\/media.th4.com\/88GIhBBg9ciuLsumjzOqpJYFjRI-RtzIVCkTeBJospo\/pr:550x550\/aHR0cDovL21lZGlhMi5kZXNpZ25wYXJ0bmVyLmZyL2MvcC8xODcyOS8xODcyOS0zMDYxLTEuanBn?v=1729499783"],"medium_large":["https:\/\/media.th4.com\/VtXVWTqBqHBvI0A2IdcuPw7WkYVHKjuB5J3VNsCfp2s\/pr:1000x1000\/aHR0cDovL21lZGlhMi5kZXNpZ25wYXJ0bmVyLmZyL2MvcC8xODcyOS8xODcyOS0zMDYxLTEuanBn?v=1729499783"],"large":["https:\/\/media.th4.com\/L8rovZifCUs_lke3-CYrmCTIcvu97w2dnzCMj99MF3M\/pr:1920\/aHR0cDovL21lZGlhMi5kZXNpZ25wYXJ0bmVyLmZyL2MvcC8xODcyOS8xODcyOS0zMDYxLTEuanBn?v=1729499783"],"opengraph":["https:\/\/media.th4.com\/BoDd_1VcKy82K7qrrCsOC_cLPOifHwy5doXHt6BFawo\/pr:1200x630\/aHR0cDovL21lZGlhMi5kZXNpZ25wYXJ0bmVyLmZyL2MvcC8xODcyOS8xODcyOS0zMDYxLTEuanBn?v=1729499783"]},"images_customization":{"miniature":["https:\/\/media.th4.com\/8UIiZw8B07o5ntUk3tygPCkgKrGtuevxAtKbX9qiLF8\/pr:80\/aHR0cDovL21lZGlhMi5kZXNpZ25wYXJ0bmVyLmZyL2MvcC8xODcyOS8xODcyOS0zMDYxLTEuanBn?v=1729499783"],"medium":["https:\/\/media.th4.com\/88GIhBBg9ciuLsumjzOqpJYFjRI-RtzIVCkTeBJospo\/pr:550x550\/aHR0cDovL21lZGlhMi5kZXNpZ25wYXJ0bmVyLmZyL2MvcC8xODcyOS8xODcyOS0zMDYxLTEuanBn?v=1729499783"],"medium_large":["https:\/\/media.th4.com\/VtXVWTqBqHBvI0A2IdcuPw7WkYVHKjuB5J3VNsCfp2s\/pr:1000x1000\/aHR0cDovL21lZGlhMi5kZXNpZ25wYXJ0bmVyLmZyL2MvcC8xODcyOS8xODcyOS0zMDYxLTEuanBn?v=1729499783"],"large":["https:\/\/media.th4.com\/L8rovZifCUs_lke3-CYrmCTIcvu97w2dnzCMj99MF3M\/pr:1920\/aHR0cDovL21lZGlhMi5kZXNpZ25wYXJ0bmVyLmZyL2MvcC8xODcyOS8xODcyOS0zMDYxLTEuanBn?v=1729499783"],"opengraph":["https:\/\/media.th4.com\/BoDd_1VcKy82K7qrrCsOC_cLPOifHwy5doXHt6BFawo\/pr:1200x630\/aHR0cDovL21lZGlhMi5kZXNpZ25wYXJ0bmVyLmZyL2MvcC8xODcyOS8xODcyOS0zMDYxLTEuanBn?v=1729499783"]},"country_origin":"CN","traceability":{"manufacturing_country_id":61,"weaving_country_id":61,"dyeing_country_id":61},"sizes":[{"id":3,"article_id":479227,"class_id":3,"name":"S","on_standby":false,"stock_local":0,"stock_global":18,"multiple":1,"estimated_date_reassort":null,"is_destocking":false},{"id":2,"article_id":479228,"class_id":4,"name":"M","on_standby":false,"stock_local":0,"stock_global":15,"multiple":1,"estimated_date_reassort":null,"is_destocking":false},{"id":1,"article_id":479229,"class_id":5,"name":"L","on_standby":false,"stock_local":0,"stock_global":15,"multiple":1,"estimated_date_reassort":null,"is_destocking":false},{"id":4,"article_id":479230,"class_id":6,"name":"XL","on_standby":false,"stock_local":0,"stock_global":19,"multiple":1,"estimated_date_reassort":null,"is_destocking":false},{"id":1116,"article_id":479231,"class_id":7,"name":"2XL","on_standby":false,"stock_local":0,"stock_global":16,"multiple":1,"estimated_date_reassort":null,"is_destocking":false},{"id":1081,"article_id":479232,"class_id":8,"name":"3XL","on_standby":false,"stock_local":0,"stock_global":15,"multiple":1,"estimated_date_reassort":null,"is_destocking":false}],"page_links":{"fr":"\/fr\/p-yo-hvs450-veste-de-pluie-respirante-hi-vis-soft-flex-hvs450-18729\/hi-vis-orange-3061\/","en":"\/en\/p-yo-hvs450-breathable-hi-vis-soft-flex-rain-jacket-hvs450-18729\/hi-vis-orange-3061\/","de":"\/de\/p-yo-hvs450-atmungsaktive-regenjacke-hochsichtbar-soft-flex-hvs450-18729\/hi-vis-orange-3061\/","nl":"\/nl\/p-yo-hvs450-ademende-regenjas-met-hoogzichtbaarheid-soft-flex-hvs450-18729\/hi-vis-orange-3061\/","es":"\/es\/p-yo-hvs450-chaqueta-impermeable-transpirable-de-alta-visibilidad-hvs450-18729\/hi-vis-orange-3061\/","it":"\/it\/p-yo-hvs450-giacca-impermeabile-respirante-hi-vis-soft-flex-hvs450-18729\/hi-vis-orange-3061\/","sv":"\/sv\/p-yo-hvs450-andningsbara-regnjacka-hi-vis-soft-flex-hvs450-18729\/hi-vis-orange-3061\/","pt":"\/pt\/p-yo-hvs450-jaqueta-de-chuva-respiravel-hi-vis-soft-flex-hvs450-18729\/hi-vis-orange-3061\/","da":"\/da\/p-yo-hvs450-regnfrakke-andbar-hi-vis-soft-flex-hvs450-18729\/hi-vis-orange-3061\/","pl":"\/pl\/p-yo-hvs450-odporna-na-deszcz-kurtka-oddychajaca-hi-vis-soft-flex-hvs450-18729\/hi-vis-orange-3061\/"},"page_links_customization":{"fr":"\/fr\/p-yo-hvs450-veste-de-pluie-respirante-hi-vis-soft-flex-personnalisation-hvs450-18729\/hi-vis-orange-3061\/custom\/","en":"\/en\/p-yo-hvs450-breathable-hi-vis-soft-flex-customization-rain-jacket-hvs450-18729\/hi-vis-orange-3061\/custom\/","de":"\/de\/p-yo-hvs450-atemaktive-regenjacke-hi-vis-soft-flex-anpassung-hvs450-18729\/hi-vis-orange-3061\/custom\/","nl":"\/nl\/p-yo-hvs450-ademende-regenjas-hi-vis-soft-flex-personalisatie-hvs450-18729\/hi-vis-orange-3061\/custom\/","es":"\/es\/p-yo-hvs450-chaqueta-de-lluvia-transpirable-de-alta-visibilidad-soft-flex-personalizacion-hvs450-18729\/hi-vis-orange-3061\/custom\/","it":"\/it\/p-yo-hvs450-giacca-impermeabile-respirante-hi-vis-soft-flex-personalizzazione-hvs450-18729\/hi-vis-orange-3061\/custom\/","sv":"\/sv\/p-yo-hvs450-regnjacka-andas-respirerande-hog-synlighet-mjuk-flex-personalisering-hvs450-18729\/hi-vis-orange-3061\/custom\/","pt":"\/pt\/p-yo-hvs450-jaqueta-de-chuva-respiravel-hi-vis-soft-flex-personalizacao-hvs450-18729\/hi-vis-orange-3061\/custom\/","da":"\/da\/p-yo-hvs450-aben-regnfrakke-respirerende-hi-vis-soft-flex-tilpasning-hvs450-18729\/hi-vis-orange-3061\/custom\/","pl":"\/pl\/p-yo-hvs450-oddychajaca-kurtka-przeciwdeszczowa-hi-vis-soft-flex-personalizacja-hvs450-18729\/hi-vis-orange-3061\/custom\/"}},{"id":3062,"name":"hi_vis_yellow","class_ids":[13,12],"codes_hexa":["ffdf00"],"delai_24":false,"has_3d":false,"seuil_global":0,"stock_local":0,"stock_global":78,"on_standby":false,"in_catalog":true,"images":{"miniature":["https:\/\/media.th4.com\/YxqsI21Gig5nd_AUcxw9krSxHhofufrkRSSVcbe8Ts0\/pr:80\/aHR0cDovL21lZGlhMi5kZXNpZ25wYXJ0bmVyLmZyL2MvcC8xODcyOS8xODcyOS0zMDYyLTEuanBn?v=1729499784"],"medium":["https:\/\/media.th4.com\/naNl-HDoNTVlfz0FXFi4XNoY4v6IvOMhWTM477fcUTI\/pr:550x550\/aHR0cDovL21lZGlhMi5kZXNpZ25wYXJ0bmVyLmZyL2MvcC8xODcyOS8xODcyOS0zMDYyLTEuanBn?v=1729499784"],"medium_large":["https:\/\/media.th4.com\/Kn4eTfuZABw_1OEBni2u4TAp9gzbA3-l9oA1gyRNCh0\/pr:1000x1000\/aHR0cDovL21lZGlhMi5kZXNpZ25wYXJ0bmVyLmZyL2MvcC8xODcyOS8xODcyOS0zMDYyLTEuanBn?v=1729499784"],"large":["https:\/\/media.th4.com\/DSukLV00VEKCj_xQGVpPZlbD0dLmQXO3blJE8OaRfXQ\/pr:1920\/aHR0cDovL21lZGlhMi5kZXNpZ25wYXJ0bmVyLmZyL2MvcC8xODcyOS8xODcyOS0zMDYyLTEuanBn?v=1729499784"],"opengraph":["https:\/\/media.th4.com\/XXj1tt0ZudtSHwEx5V4SVWN_4Gic6Oy8kvFjOhgee8o\/pr:1200x630\/aHR0cDovL21lZGlhMi5kZXNpZ25wYXJ0bmVyLmZyL2MvcC8xODcyOS8xODcyOS0zMDYyLTEuanBn?v=1729499784"]},"images_customization":{"miniature":["https:\/\/media.th4.com\/YxqsI21Gig5nd_AUcxw9krSxHhofufrkRSSVcbe8Ts0\/pr:80\/aHR0cDovL21lZGlhMi5kZXNpZ25wYXJ0bmVyLmZyL2MvcC8xODcyOS8xODcyOS0zMDYyLTEuanBn?v=1729499784"],"medium":["https:\/\/media.th4.com\/naNl-HDoNTVlfz0FXFi4XNoY4v6IvOMhWTM477fcUTI\/pr:550x550\/aHR0cDovL21lZGlhMi5kZXNpZ25wYXJ0bmVyLmZyL2MvcC8xODcyOS8xODcyOS0zMDYyLTEuanBn?v=1729499784"],"medium_large":["https:\/\/media.th4.com\/Kn4eTfuZABw_1OEBni2u4TAp9gzbA3-l9oA1gyRNCh0\/pr:1000x1000\/aHR0cDovL21lZGlhMi5kZXNpZ25wYXJ0bmVyLmZyL2MvcC8xODcyOS8xODcyOS0zMDYyLTEuanBn?v=1729499784"],"large":["https:\/\/media.th4.com\/DSukLV00VEKCj_xQGVpPZlbD0dLmQXO3blJE8OaRfXQ\/pr:1920\/aHR0cDovL21lZGlhMi5kZXNpZ25wYXJ0bmVyLmZyL2MvcC8xODcyOS8xODcyOS0zMDYyLTEuanBn?v=1729499784"],"opengraph":["https:\/\/media.th4.com\/XXj1tt0ZudtSHwEx5V4SVWN_4Gic6Oy8kvFjOhgee8o\/pr:1200x630\/aHR0cDovL21lZGlhMi5kZXNpZ25wYXJ0bmVyLmZyL2MvcC8xODcyOS8xODcyOS0zMDYyLTEuanBn?v=1729499784"]},"country_origin":"CN","traceability":{"manufacturing_country_id":61,"weaving_country_id":61,"dyeing_country_id":61},"sizes":[{"id":3,"article_id":479233,"class_id":3,"name":"S","on_standby":false,"stock_local":0,"stock_global":20,"multiple":1,"estimated_date_reassort":null,"is_destocking":false},{"id":2,"article_id":479234,"class_id":4,"name":"M","on_standby":false,"stock_local":0,"stock_global":16,"multiple":1,"estimated_date_reassort":null,"is_destocking":false},{"id":1,"article_id":479235,"class_id":5,"name":"L","on_standby":false,"stock_local":0,"stock_global":11,"multiple":1,"estimated_date_reassort":null,"is_destocking":false},{"id":4,"article_id":479236,"class_id":6,"name":"XL","on_standby":false,"stock_local":0,"stock_global":11,"multiple":1,"estimated_date_reassort":null,"is_destocking":false},{"id":1116,"article_id":479237,"class_id":7,"name":"2XL","on_standby":false,"stock_local":0,"stock_global":3,"multiple":1,"estimated_date_reassort":null,"is_destocking":false},{"id":1081,"article_id":479238,"class_id":8,"name":"3XL","on_standby":false,"stock_local":0,"stock_global":17,"multiple":1,"estimated_date_reassort":null,"is_destocking":false}],"page_links":{"fr":"\/fr\/p-yo-hvs450-veste-de-pluie-respirante-hi-vis-soft-flex-hvs450-18729\/hi-vis-yellow-3062\/","en":"\/en\/p-yo-hvs450-breathable-hi-vis-soft-flex-rain-jacket-hvs450-18729\/hi-vis-yellow-3062\/","de":"\/de\/p-yo-hvs450-atmungsaktive-regenjacke-hochsichtbar-soft-flex-hvs450-18729\/hi-vis-yellow-3062\/","nl":"\/nl\/p-yo-hvs450-ademende-regenjas-met-hoogzichtbaarheid-soft-flex-hvs450-18729\/hi-vis-yellow-3062\/","es":"\/es\/p-yo-hvs450-chaqueta-impermeable-transpirable-de-alta-visibilidad-hvs450-18729\/hi-vis-yellow-3062\/","it":"\/it\/p-yo-hvs450-giacca-impermeabile-respirante-hi-vis-soft-flex-hvs450-18729\/hi-vis-yellow-3062\/","sv":"\/sv\/p-yo-hvs450-andningsbara-regnjacka-hi-vis-soft-flex-hvs450-18729\/hi-vis-yellow-3062\/","pt":"\/pt\/p-yo-hvs450-jaqueta-de-chuva-respiravel-hi-vis-soft-flex-hvs450-18729\/hi-vis-yellow-3062\/","da":"\/da\/p-yo-hvs450-regnfrakke-andbar-hi-vis-soft-flex-hvs450-18729\/hi-vis-yellow-3062\/","pl":"\/pl\/p-yo-hvs450-odporna-na-deszcz-kurtka-oddychajaca-hi-vis-soft-flex-hvs450-18729\/hi-vis-yellow-3062\/"},"page_links_customization":{"fr":"\/fr\/p-yo-hvs450-veste-de-pluie-respirante-hi-vis-soft-flex-personnalisation-hvs450-18729\/hi-vis-yellow-3062\/custom\/","en":"\/en\/p-yo-hvs450-breathable-hi-vis-soft-flex-customization-rain-jacket-hvs450-18729\/hi-vis-yellow-3062\/custom\/","de":"\/de\/p-yo-hvs450-atemaktive-regenjacke-hi-vis-soft-flex-anpassung-hvs450-18729\/hi-vis-yellow-3062\/custom\/","nl":"\/nl\/p-yo-hvs450-ademende-regenjas-hi-vis-soft-flex-personalisatie-hvs450-18729\/hi-vis-yellow-3062\/custom\/","es":"\/es\/p-yo-hvs450-chaqueta-de-lluvia-transpirable-de-alta-visibilidad-soft-flex-personalizacion-hvs450-18729\/hi-vis-yellow-3062\/custom\/","it":"\/it\/p-yo-hvs450-giacca-impermeabile-respirante-hi-vis-soft-flex-personalizzazione-hvs450-18729\/hi-vis-yellow-3062\/custom\/","sv":"\/sv\/p-yo-hvs450-regnjacka-andas-respirerande-hog-synlighet-mjuk-flex-personalisering-hvs450-18729\/hi-vis-yellow-3062\/custom\/","pt":"\/pt\/p-yo-hvs450-jaqueta-de-chuva-respiravel-hi-vis-soft-flex-personalizacao-hvs450-18729\/hi-vis-yellow-3062\/custom\/","da":"\/da\/p-yo-hvs450-aben-regnfrakke-respirerende-hi-vis-soft-flex-tilpasning-hvs450-18729\/hi-vis-yellow-3062\/custom\/","pl":"\/pl\/p-yo-hvs450-oddychajaca-kurtka-przeciwdeszczowa-hi-vis-soft-flex-personalizacja-hvs450-18729\/hi-vis-yellow-3062\/custom\/"}}],"documentation_link":"\/pdf\/18729.pdf","countries_availables":["AD","AE","AL","AT","BA","BD","BE","BG","BL","CA","CH","CN","CO","CY","CZ","DE","DK","DO","EE","EG","ES","ET","FI","FR","GB","GE","GF","GP","GR","GT","HK","HN","HR","HT","HU","ID","IE","IN","IS","IT","JO","JP","KE","KH","KP","KR","LA","LK","LS","LT","LU","LV","MA","MF","MG","MK","MM","MN","MQ","MT","MX","MY","NC","NI","NL","PF","PH","PK","PL","PM","PT","RE","RO","SE","SG","SI","SK","SV","SY","TH","TN","TR","TW","TZ","US","VN","WF","YT"]},"infos_customization":[],"features":{"authorize_multi_surfaces":true,"display_order_delay_type":true,"promote_surface_display":true,"tarification_franco_offert":true,"enabled_3d_editor":false},"markings":[{"id":0,"nom":"vierge","finition":null,"libelle":null,"code":null,"dpi":null,"finesse_forme_isolee":null,"finesse_forme_non_isolee":null,"hauteur_minimale_texte":null,"inactif":0,"marquage_interne":1,"quantite_min":null,"parent_id":null,"print_on_support":0,"content":"vierge","description":null},{"id":2,"nom":"fonce","finition":"optimale","libelle":"TopQuadri","code":null,"dpi":400,"finesse_forme_isolee":"0.040","finesse_forme_non_isolee":"0.700","hauteur_minimale_texte":2,"inactif":0,"marquage_interne":1,"quantite_min":null,"parent_id":18,"print_on_support":0,"content":"TopQuadri","description":"pour petites et moyennes s\u00e9ries"},{"id":3,"nom":"serigraphie","finition":"serigraphie","libelle":"SeriCoat","code":null,"dpi":400,"finesse_forme_isolee":"0.040","finesse_forme_non_isolee":"0.700","hauteur_minimale_texte":2,"inactif":0,"marquage_interne":1,"quantite_min":15,"parent_id":18,"print_on_support":0,"content":"SeriCoat","description":"pour moyennes et grandes s\u00e9ries"},{"id":4,"nom":"broderie","finition":"broderie","libelle":"Broderie","code":null,"dpi":400,"finesse_forme_isolee":"0.040","finesse_forme_non_isolee":"0.700","hauteur_minimale_texte":3,"inactif":0,"marquage_interne":1,"quantite_min":null,"parent_id":null,"print_on_support":0,"content":"Broderie","description":null},{"id":8,"nom":"theme","finition":null,"libelle":"Th\u00e8me","code":null,"dpi":null,"finesse_forme_isolee":null,"finesse_forme_non_isolee":null,"hauteur_minimale_texte":null,"inactif":0,"marquage_interne":1,"quantite_min":null,"parent_id":null,"print_on_support":0,"content":"Th\u00e8me","description":null},{"id":9,"nom":"sans","finition":null,"libelle":null,"code":null,"dpi":null,"finesse_forme_isolee":null,"finesse_forme_non_isolee":null,"hauteur_minimale_texte":null,"inactif":0,"marquage_interne":1,"quantite_min":null,"parent_id":null,"print_on_support":0,"content":"sans","description":null},{"id":10,"nom":"photo","finition":null,"libelle":"Photo","code":null,"dpi":null,"finesse_forme_isolee":null,"finesse_forme_non_isolee":null,"hauteur_minimale_texte":null,"inactif":0,"marquage_interne":1,"quantite_min":null,"parent_id":null,"print_on_support":0,"content":"Photo","description":null},{"id":14,"nom":"couleur","finition":null,"libelle":"Couleur","code":null,"dpi":null,"finesse_forme_isolee":null,"finesse_forme_non_isolee":null,"hauteur_minimale_texte":null,"inactif":0,"marquage_interne":1,"quantite_min":null,"parent_id":null,"print_on_support":0,"content":"Couleur","description":null},{"id":15,"nom":"sublimation","finition":"sublimation","libelle":"Sublimation","code":null,"dpi":null,"finesse_forme_isolee":"0.000","finesse_forme_non_isolee":"0.000","hauteur_minimale_texte":2,"inactif":0,"marquage_interne":1,"quantite_min":null,"parent_id":null,"print_on_support":0,"content":"Sublimation","description":null},{"id":16,"nom":"topquadri_uv","finition":null,"libelle":"TopQuadri UV","code":null,"dpi":null,"finesse_forme_isolee":"0.020","finesse_forme_non_isolee":"0.700","hauteur_minimale_texte":2,"inactif":0,"marquage_interne":1,"quantite_min":null,"parent_id":null,"print_on_support":1,"content":null,"description":null},{"id":17,"nom":"topquadri_uvp","finition":null,"libelle":"TopQuadri UVP","code":null,"dpi":null,"finesse_forme_isolee":"0.020","finesse_forme_non_isolee":"0.700","hauteur_minimale_texte":2,"inactif":0,"marquage_interne":1,"quantite_min":null,"parent_id":null,"print_on_support":1,"content":null,"description":null},{"id":18,"nom":"quadri","finition":null,"libelle":"Impression","code":null,"dpi":null,"finesse_forme_isolee":null,"finesse_forme_non_isolee":null,"hauteur_minimale_texte":null,"inactif":0,"marquage_interne":1,"quantite_min":null,"parent_id":null,"print_on_support":0,"content":null,"description":null}]}}