{"data":{"product":{"id":18649,"titre":"Chemise denim pour homme","description":"Chemise en denim pour homme, d\u00e9contract\u00e9e et \u00e9l\u00e9gante. Coutures contrast\u00e9es. Le col souple est ferm\u00e9 par une patte de boutonnage \u00e0 sept boutons. Poche poitrine c\u00f4t\u00e9 gauche. Manchette boutonn\u00e9e et prot\u00e8ge-manche boutonn\u00e9. Ourlet. Composition : 100% coton.","genre":"homme","grammage":155,"conditionnement":24,"composition":"coton,coton_uniquement","reference":"pr-pr222","reference_visible":"pr-pr222","reference_fabricant":"PR222","ref_xor":"728732","in_catalog":true,"is_transfer":false,"is_service":false,"on_standby":false,"has_3d":false,"has_size_guide":true,"has_marking":true,"has_vierge":true,"is_cross_sellable":false,"id_picto":72,"filename_3d":null,"brand":{"id":38,"name":"Premier","logo":"logo-premier.png","image":"https:\/\/media.th4.com\/38b2orFvoslv2Wp5jXpfGfOatP9RuQaCFmnyAq4-2PY\/pr:brand70x70\/aHR0cDovL21lZGlhMi5kZXNpZ25wYXJ0bmVyLmZyL2MvbS9sb2dvLXByZW1pZXIucG5n"},"price_infos":{"price_from":22.36,"quantity":40,"color":{"id":19140,"name":"indigo_denim"},"size":{"id":4,"name":"XL"}},"price_infos_marking":{"price_from":22.56,"quantity":20,"color":{"id":19140,"name":"indigo_denim"},"size":{"id":1081,"name":"3XL"},"marking":{"id":2,"name":""},"emplacement":"avant","surface_emplacement_id":6432,"surface":"Contre coeur"},"i18n":{"blank":{"title":{"fr":"Chemise denim pour homme PREMIER pr222","en":"Men's denim shirt PREMIER pr222","de":"Denimhemd f\u00fcr M\u00e4nner PREMIER pr222","nl":"Denimhemd voor heren PREMIER pr222","es":"Camisa vaquera para hombre PREMIER pr222","it":"Camicia jeans da uomo PREMIER pr222","sv":"Denimskjorta f\u00f6r m\u00e4n PREMIER pr222","pt":"Camisa jeans para homem PREMIER pr222","da":"Bluse i jean til m\u00e6nd PREMIER pr222","pl":"M\u0119ska koszula denim PREMIER pr222"},"description":{"fr":"Chemise en denim pour homme, con\u00e7ue pour un style d\u00e9contract\u00e9 et \u00e9l\u00e9gant. Les coutures contrast\u00e9es apportent une touche distinctive. Le col souple est ferm\u00e9 par une patte de boutonnage \u00e0 sept boutons, assurant un ajustement confortable. Une poche poitrine est pr\u00e9sente sur le c\u00f4t\u00e9 gauche pour un rangement pratique. Les manches sont dot\u00e9es de boutons et d'un prot\u00e8ge-manche boutonn\u00e9 pour ajuster la coupe. L'ourlet assure une finition soign\u00e9e. Composition : 100% coton.\n\n- Composition : 100% coton\n- Coupe : D\u00e9contract\u00e9e\n- Col : Souple","en":"Men's denim shirt, designed for a casual and elegant style. Contrasting seams add a distinctive touch. The soft collar is fastened with a seven-button placket, ensuring a comfortable fit. A chest pocket is present on the left side for practical storage. The sleeves feature buttons and a buttoned cuff to adjust the fit. The hem provides a neat finish. Composition: 100% cotton.","de":"Denimhemd f\u00fcr M\u00e4nner, entworfen f\u00fcr einen l\u00e4ssigen und eleganten Stil. Die kontrastierenden N\u00e4hte verleihen einen auff\u00e4lligen Touch. Der weiche Kragen ist mit einem Knopfverschluss mit sieben Kn\u00f6pfen verschlossen, der f\u00fcr einen bequemen Sitz sorgt. Eine Brusttasche ist auf der linken Seite f\u00fcr eine praktische Aufbewahrung vorhanden. Die \u00c4rmel sind mit Kn\u00f6pfen und einem Knopfmanschetten versehen, um den Schnitt anzupassen. Der Saum sorgt f\u00fcr eine ordentliche Verarbeitung. Zusammensetzung: 100% Baumwolle\n\n- Zusammensetzung: 100% Baumwolle\n- Schnitt: L\u00e4ssig\n- Kragen: Weich","nl":"Denimhemd voor heren, ontworpen voor een ontspannen en elegante stijl. De contrastrijke naden voegen een onderscheidend accent toe. De zachte kraag wordt gesloten met een knopband van zeven knopen, voor een comfortabele pasvorm. Een borstzak is aanwezig aan de linkerkant voor praktische opslag. De mouwen zijn voorzien van knopen en een knopbare manchet om de pasvorm aan te passen. De zijkant is afgewerkt voor een nette finish. Samenstelling : 100% katoen.","es":"Camisa vaquera para hombre, dise\u00f1ada para un estilo informal y elegante. Las costuras contrastadas aportan un toque distintivo. El cuello suave se cierra con una solapa abotonada de siete botones, asegurando un ajuste c\u00f3modo. Un bolsillo de pecho est\u00e1 presente en el lado izquierdo para un almacenamiento pr\u00e1ctico. Las mangas est\u00e1n dotadas de botones y un pu\u00f1o abotonado para ajustar el corte. El dobladillo asegura un acabado pulido. Composici\u00f3n: 100% algod\u00f3n\n\n- Composici\u00f3n: 100% algod\u00f3n\n- Corte: Informal\n- Cuello: Suave","it":"Camicia jeans per uomo, progettata per uno stile casual ed elegante. Le cuciture contrastanti aggiungono un tocco distintivo. Il colletto morbido \u00e8 chiuso da una patta abbottonata a sette bottoni, garantendo una vestibilit\u00e0 confortevole. Una tasca petto \u00e8 presente sul lato sinistro per un comodo ripostiglio. Le maniche sono dotate di bottoni e di una protezione manica abbottonata per regolare la vestibilit\u00e0. L'orlo garantisce una finitura curata. Composizione: 100% cotone. Taglio casual. Colletto morbido.","sv":"Denimskjorta f\u00f6r m\u00e4n, designad f\u00f6r en avslappnad och elegant stil. Kontrastande s\u00f6mmar ger en distinkt touch. Den mjuka kragen st\u00e4ngs med en kn\u00e4ppning med sju knappar, som s\u00e4kerst\u00e4ller en bekv\u00e4m passform. En br\u00f6stficka finns p\u00e5 v\u00e4nster sida f\u00f6r praktiskt f\u00f6rvaring. \u00c4rmarna \u00e4r f\u00f6rsedda med knappar och en kn\u00e4ppt \u00e4rmskydd f\u00f6r att justera passformen. Bottenkanten s\u00e4kerst\u00e4ller en snygg finish. Sammans\u00e4ttning: 100% bomull. \n\n- Sammans\u00e4ttning: 100% bomull\n- Passform: Avslappnad\n- Krage: Mjuk","pt":"Camisa jeans para homem, projetada para um estilo descontra\u00eddo e elegante. As costuras contrastantes trazem um toque distintivo. O colar macio \u00e9 fechado com um abotoadura de sete bot\u00f5es, garantindo um ajuste confort\u00e1vel. Um bolso no peito est\u00e1 presente no lado esquerdo para armazenamento pr\u00e1tico. As mangas s\u00e3o dotadas de bot\u00f5es e de um protetor de manga abotoado para ajustar o corte. A barra garante um acabamento refinado. Composi\u00e7\u00e3o: 100% algod\u00e3o. Corte: Descontra\u00eddo. Colar: Macio","da":"Bluse i jean til m\u00e6nd, designet til en afslappet og elegant stil. Kontrasterende s\u00f8mme tilf\u00f8jer en karakteristisk ber\u00f8ring. Den bl\u00f8de krave er lukket med en knapning med syv knapper, som sikrer en behagelig pasform. En brystlomme er placeret p\u00e5 venstre side til praktisk opbevaring. \u00c6rmlerne er udstyret med knapper og en knapet \u00e6rmelbeskytter til at justere pasformen. H\u00e6len sikrer en p\u00e6n afslutning. Sammens\u00e6tning : 100% bomuld.\n\n- Sammens\u00e6tning : 100% bomuld\n- Sk\u00e6ring : Afslappet\n- Krave : Bl\u00f8d","pl":"M\u0119ska koszula denim, zaprojektowana dla stylu swobodnego i eleganckiego. Kontrastowe szwy nadaj\u0105 jej charakterystyczny wygl\u0105d. Mi\u0119kki ko\u0142nierz jest zapi\u0119ty patk\u0105 z siedmioma guzikami, zapewniaj\u0105c komfortne dopasowanie. Po lewej stronie znajduje si\u0119 kiesze\u0144 piersiowa dla praktycznego przechowywania. R\u0119kawy s\u0105 zapi\u0119te guzikami i posiadaj\u0105 zapi\u0119t\u0105 mankiet\u0119, aby dostosowa\u0107 kroj. Sp\u00f3dnica zapewnia starann\u0105 ko\u0144c\u00f3wk\u0119. Sk\u0142ad: 100% bawe\u0142na.\n\n- Sk\u0142ad: 100% bawe\u0142na\n- Kroj: Swobodny\n- Ko\u0142nierz: Mi\u0119kki"},"h1":{"fr":"Chemise denim pour homme pr222","en":"Men's denim shirt pr222","de":"Denimhemd f\u00fcr M\u00e4nner pr222","nl":"Denimhemd voor heren pr222","es":"Camisa vaquera para hombre pr222","it":"Camicia jeans da uomo pr222","sv":"Denimskjorta f\u00f6r m\u00e4n pr222","pt":"Camisa jeans para homem pr222","da":"Bluse i jean til m\u00e6nd pr222","pl":"M\u0119ska koszula denim pr222"},"meta_description":{"fr":"Chemise en denim pour homme. Coupe d\u00e9contract\u00e9e, col souple, poche poitrine et manchons boutonn\u00e9s. 100% coton. D\u00e9couvrez notre collection.","en":"Men's denim shirt. Casual cut, soft collar, chest pocket and buttoned sleeves. 100% cotton. Discover our collection.","de":"Denimhemd f\u00fcr M\u00e4nner. L\u00e4ssiger Schnitt, weicher Kragen, Brusttasche und Knopf\u00e4rmel. 100% Baumwolle. Entdecken Sie unsere Kollektion.","nl":"Denimhemd voor heren. Ontspannen pasvorm, zachte kraag, borstzak en geknoopte mouwen. 100% katoen. Ontdek onze collectie.","es":"Camisa vaquera para hombre. Corte informal, cuello suave, bolsillo de pecho y mangas abotonadas. 100% algod\u00f3n. Descubre nuestra colecci\u00f3n.","it":"Camicia in jeans per uomo. Taglio casual, colletto morbido, tasca petto e maniche abbottonate. 100% cotone. Scopri la nostra collezione.","sv":"Denimskjorta f\u00f6r m\u00e4n. Avslappnad passform, mjuk krage, br\u00f6stficka och kn\u00e4ppta \u00e4rmar. 100% bomull. Uppt\u00e4ck v\u00e5r samling.","pt":"Camisa jeans para homem. Corte descontra\u00eddo, colar macio, bolso no peito e mangas com bot\u00f5es. 100% algod\u00e3o. Descubra nossa cole\u00e7\u00e3o.","da":"Bluse i jean til m\u00e6nd. Afslappet sk\u00e6ring, bl\u00f8d krave, brystlomme og knapede \u00e6rmler. 100% bomuld. Opdag vores samling.","pl":"M\u0119ska koszula denim. Lu\u017any kroj, mi\u0119kki ko\u0142nierz, kiesze\u0144 piersiowa i zapi\u0119te r\u0119kawy. 100% bawe\u0142na. Odkryj nasz\u0105 kolekcj\u0119."}},"custom":{"title":{"fr":"Chemise denim pour homme PREMIER pr222 personnalisable","en":"Denim shirt for men PREMIER pr222 customizable","de":"M\u00e4nner Denimhemd PREMIER pr222 personalisierbar","nl":"Denimhemd voor heren PREMIER pr222 aanpasbaar","es":"Camisa vaquera para hombre PREMIER pr222 personalizable","it":"Camicia jeans uomo PREMIER pr222 personalizzabile","sv":"Jeansskjorta f\u00f6r herrar PREMIER pr222 personliggjord","pt":"Camisa jeans para homem PREMIER pr222 personaliz\u00e1vel","da":"Jeansh\u00e6tte til m\u00e6nd PREMIER pr222 personligg\u00f8relse","pl":"M\u0119ska koszula denim PREMIER pr222 do personalizacji"},"description":{"fr":"Chemise en denim pour homme, d\u00e9contract\u00e9e et \u00e9l\u00e9gante. Coutures contrast\u00e9es. Le col souple est ferm\u00e9 par une patte de boutonnage \u00e0 sept boutons. Poche poitrine c\u00f4t\u00e9 gauche. Manchette boutonn\u00e9e et prot\u00e8ge-manche boutonn\u00e9. Ourlet. Composition : 100% coton. Possibilit\u00e9 de personnalisation en broderie pour un look unique. \n\n- Composition : 100% coton\n- Coupe : D\u00e9contract\u00e9e\n- Col : Souple\n- Manches : Boutonn\u00e9es avec prot\u00e8ge-manche\n- Poches : Poche poitrine c\u00f4t\u00e9 gauche\n- Possibilit\u00e9 de personnalisation : Broderie","en":"Men's denim shirt, relaxed and elegant. Contrasting seams. The soft collar is fastened with a button tab featuring seven buttons. Left chest pocket. Buttoned cuffs with buttoned sleeve guard. Hem. Composition: 100% cotton. Customization option with embroidery for a unique look.\n\n- Composition: 100% cotton\n- Fit: Relaxed\n- Collar: Soft\n- Sleeves: Buttoned with sleeve guard\n- Pockets: Left chest pocket\n- Customization option: Embroidery","de":"Lockeres und elegantes M\u00e4nner Denimhemd. Kontrastierte N\u00e4hte. Der weiche Kragen wird durch eine Knopfleiste mit sieben Kn\u00f6pfen geschlossen. Brusttasche links. Knopf\u00e4rmel mit Manschettenkn\u00f6pfen. Saum. Zusammensetzung : 100% Baumwolle. M\u00f6glichkeit der Personalisierung durch Stickerei f\u00fcr einen einzigartigen Look.\n\n- Zusammensetzung : 100% Baumwolle\n- Schnitt : Locker\n- Kragen : Weich\n- \u00c4rmel : Mit Manschettenkn\u00f6pfen\n- Taschen : Brusttasche links\n- M\u00f6glichkeit der Personalisierung : Stickerei","nl":"Denimhemd voor heren, casual en elegant. Contrastnaad. De zachte kraag is gesloten met een knoopsluiting met zeven knopen. Linker borstzak. Knopmanschetten en knopbare manchetbeschermers. Hemel. Samenstelling: 100% katoen. Mogelijkheid tot aanpassing door borduren voor een uniek uiterlijk.\n\n- Samenstelling: 100% katoen\n- Pasvorm: Casual\n- Kraag: Zacht\n- Mansen: Knopbaar met manchetbeschermers\n- Zakken: Linker borstzak\n- Mogelijkheid tot aanpassing: Borduren","es":"Camisa vaquera para hombre, informal y elegante. Costuras contrastadas. El cuello suave se cierra con un bot\u00f3n de siete botones. Bolsillo en el pecho lado izquierdo. Manga abotonada y pu\u00f1o abotonado. Bajo. Composici\u00f3n: 100% algod\u00f3n. Posibilidad de personalizaci\u00f3n en bordado para un look \u00fanico.\n\n- Composici\u00f3n: 100% algod\u00f3n\n- Corte: Informal\n- Cuello: Suave\n- Mangas: Abotonadas con pu\u00f1o\n- Bolsillos: Bolsillo en el pecho lado izquierdo\n- Posibilidad de personalizaci\u00f3n: Bordado","it":"Camicia jeans uomo, casual ed elegante. Cuciture contrastanti. Il colletto morbido \u00e8 chiuso con una patta abbottonata a sette bottoni. Tasca sul petto lato sinistro. Polsini abbottonati e polsino protettivo abbottonato. Orlo. Composizione: 100% cotone. Possibilit\u00e0 di personalizzazione con ricamo per un look unico. \n\n- Composizione: 100% cotone\n- Taglio: Casual\n- Colletto: Morbido\n- Maniche: Abbottonate con polsino protettivo\n- Tasche: Tasca sul petto lato sinistro\n- Possibilit\u00e0 di personalizzazione: Ricamo","sv":"Jeansskjorta f\u00f6r herrar, avslappnad och elegant. Kontrasterande s\u00f6mmar. Den mjuka kragen st\u00e4ngs med en knappflik med sju knappar. Br\u00f6stficka p\u00e5 v\u00e4nster sida. Kn\u00e4ppbara \u00e4rmar och kn\u00e4ppt skydds\u00e4rm. Kants\u00f6m. Sammans\u00e4ttning : 100% bomull. M\u00f6jlighet till personligg\u00f6ring med stickning f\u00f6r ett unikt utseende.\n\n- Sammans\u00e4ttning : 100% bomull\n- Passform : Avslappnad\n- Krage : Mjuk\n- \u00c4rmar : Kn\u00e4ppbara med skydds\u00e4rm\n- Fickor : Br\u00f6stficka p\u00e5 v\u00e4nster sida\n- M\u00f6jlighet till personligg\u00f6ring : Stickning","pt":"Camisa jeans para homem, descontra\u00edda e elegante. Costuras contrastantes. Colar macio fechado com bot\u00e3o em sete bot\u00f5es. Bolso peito lado esquerdo. Punho abotoado e manga abotoada. Babados. Composi\u00e7\u00e3o : 100% algod\u00e3o. Possibilidade de personaliza\u00e7\u00e3o com bordado para um visual \u00fanico. \n\n- Composi\u00e7\u00e3o : 100% algod\u00e3o\n- Corte : Descontra\u00eddo\n- Colar : Macio\n- Mangas : Abotoadas com prote\u00e7\u00e3o de manga\n- Bolsos : Bolso peito lado esquerdo\n- Possibilidade de personaliza\u00e7\u00e3o : Bordado","da":"Jeansh\u00e6tte til m\u00e6nd, afslappet og elegant. Kontrasterende s\u00f8mme. Den bl\u00f8de krave er lukket med en knapl\u00e5s med syv knapper. Brystlomme til venstre. Knapede \u00e6rmer med knapede \u00e6rmelbeskyttelser. Bundkant. Sammens\u00e6tning: 100% bomuld. Mulighed for personligg\u00f8relse ved broderi for et unikt look. \n\n- Sammens\u00e6tning: 100% bomuld\n- Pasform: Afslappet\n- Krave: Bl\u00f8d\n- \u00c6rmer: Knapede med \u00e6rmelbeskyttelser\n- Lommer: Brystlomme til venstre\n- Mulighed for personligg\u00f8relse: Broderi","pl":"M\u0119ska koszula denimowa, swobodna i elegancka. Kontrastowe szwy. Mi\u0119kkie ko\u0142nierzyk zamkni\u0119te za pomoc\u0105 klapy z siedmioma guzikami. Kieszona piersiowa po lewej stronie. Mankiety z guzikami i zapi\u0119te ochraniacze na mankietach. Sp\u00f3dnica. Sk\u0142ad: 100% bawe\u0142na. Mo\u017cliwo\u015b\u0107 personalizacji haka dla wyj\u0105tkowego wygl\u0105du. \n\n- Sk\u0142ad: 100% bawe\u0142na\n- Kroju: Swobodny\n- Ko\u0142nierzyk: Mi\u0119kki\n- R\u0119kawy: Zapi\u0119te z ochraniaczami na mankietach\n- Kieszenie: Kieszona piersiowa po lewej stronie\n- Mo\u017cliwo\u015b\u0107 personalizacji: Haki"},"h1":{"fr":"Chemise denim pour homme pr222 personnalisation","en":"Denim shirt for men pr222 customization","de":"M\u00e4nner Denimhemd pr222 Personalisierung","nl":"Denimhemd voor heren pr222 aanpassing","es":"Camisa vaquera para hombre pr222 personalizaci\u00f3n","it":"Camicia jeans uomo pr222 personalizzazione","sv":"Jeansskjorta f\u00f6r herrar pr222 personligg\u00f6ring","pt":"Camisa jeans para homem pr222 personaliza\u00e7\u00e3o","da":"Jeansh\u00e6tte til m\u00e6nd pr222 personligg\u00f8relse","pl":"M\u0119ska koszula denim pr222 personalizacja"},"meta_description":{"fr":"Chemise en denim pour homme, coupe d\u00e9contract\u00e9e. Possibilit\u00e9 de personnalisation en broderie. 100% coton. D\u00e9couvrez notre collection.","en":"Men's denim shirt, relaxed fit. Customization option with embroidery. 100% cotton. Discover our collection.","de":"M\u00e4nner Denimhemd, lockere Passform. M\u00f6glichkeit der Personalisierung durch Stickerei. 100% Baumwolle. Entdecken Sie unsere Kollektion.","nl":"Denimhemd voor heren, casual fit. Mogelijkheid tot aanpassing door borduren. 100% katoen. Ontdek onze collectie.","es":"Camisa vaquera para hombre, corte informal. Posibilidad de personalizaci\u00f3n en bordado. 100% algod\u00f3n. Descubra nuestra colecci\u00f3n.","it":"Camicia jeans uomo, taglio casual. Possibilit\u00e0 di personalizzazione con ricamo. 100% cotone. Scopri la nostra collezione.","sv":"Jeansskjorta f\u00f6r herrar, avslappnad passform. M\u00f6jlighet till personligg\u00f6ring med stickning. 100% bomull. Uppt\u00e4ck v\u00e5r kollektion.","pt":"Camisa jeans para homem, corte descontra\u00eddo. Possibilidade de personaliza\u00e7\u00e3o com bordado. 100% algod\u00e3o. Descubra nossa cole\u00e7\u00e3o.","da":"Jeansh\u00e6tte til m\u00e6nd, afslappet pasform. Mulighed for personligg\u00f8relse ved broderi. 100% bomuld. Udforsk vores samling.","pl":"M\u0119ska koszula denimowa, lu\u017any kroju. Mo\u017cliwo\u015b\u0107 personalizacji haka. 100% bawe\u0142na. Odkryj nasz\u0105 kolekcj\u0119."}}},"categories":[{"id":9,"name":"Chemises","singular":"Chemise","is_feminin":true},{"id":564,"name":"Business","singular":"Business","is_feminin":false},{"id":559,"name":"Univers","singular":"Univers","is_feminin":false},{"id":354,"name":"Textile","singular":"Textile","is_feminin":false}],"certifications":[{"id":1,"label":"OEKO-TEX 100","logo_link":"\/images\/certifications\/1_OEKO-TEX_100.jpg","is_marking_compatible":false},{"id":19,"label":"W.R.A.P.","logo_link":"\/images\/certifications\/19_WRAP.jpg","is_marking_compatible":false},{"id":20,"label":"Amfori BSCI","logo_link":"\/images\/certifications\/20_Amfori_BSCI.jpg","is_marking_compatible":false},{"id":21,"label":"Sedex","logo_link":"\/images\/certifications\/21_Sedex.jpg","is_marking_compatible":false}],"videos":{"fr":[],"en":[],"de":[],"nl":[],"es":[],"it":[],"sv":[],"pt":[],"da":[],"pl":[]},"main_images":{"miniature":"https:\/\/media.th4.com\/C55ylFGVBj1qfnwng6y-NSow6hTi9J3-xHG8fml1n44\/pr:80\/aHR0cDovL21lZGlhMi5kZXNpZ25wYXJ0bmVyLmZyL2MvcC1NVC8xODY0OS5qcGc?v=1726822967","medium":"https:\/\/media.th4.com\/tw73Y7LYj6Y9KxkmdtHgiV3oHCxjfIHLJPs5wGpLi_8\/pr:550x550greybg\/aHR0cDovL21lZGlhMi5kZXNpZ25wYXJ0bmVyLmZyL2MvcC1NVC8xODY0OS5qcGc?v=1726822967","medium_large":"https:\/\/media.th4.com\/u1v50PHYyYth38nulkD1ad3gf430Pc-SG1W3XLdYh7g\/pr:1000x1000greybg\/aHR0cDovL21lZGlhMi5kZXNpZ25wYXJ0bmVyLmZyL2MvcC1NVC8xODY0OS5qcGc?v=1726822967","large":"https:\/\/media.th4.com\/h_OJo_hcjk6NpoujqnxbNgZYk6rwtfkYUHx_j8oYR-8\/pr:1920greybg\/aHR0cDovL21lZGlhMi5kZXNpZ25wYXJ0bmVyLmZyL2MvcC1NVC8xODY0OS5qcGc?v=1726822967","opengraph":"https:\/\/media.th4.com\/0BZ4S78u656Fa79jEfMh-9nLAshMoQUF1F8Mm4Q5Q3U\/pr:1200x630greybg\/aHR0cDovL21lZGlhMi5kZXNpZ25wYXJ0bmVyLmZyL2MvcC1NVC8xODY0OS5qcGc?v=1726822967"},"main_images_customization":{"miniature":"https:\/\/media.th4.com\/C55ylFGVBj1qfnwng6y-NSow6hTi9J3-xHG8fml1n44\/pr:80\/aHR0cDovL21lZGlhMi5kZXNpZ25wYXJ0bmVyLmZyL2MvcC1NVC8xODY0OS5qcGc?v=1726822967","medium":"https:\/\/media.th4.com\/tw73Y7LYj6Y9KxkmdtHgiV3oHCxjfIHLJPs5wGpLi_8\/pr:550x550greybg\/aHR0cDovL21lZGlhMi5kZXNpZ25wYXJ0bmVyLmZyL2MvcC1NVC8xODY0OS5qcGc?v=1726822967","medium_large":"https:\/\/media.th4.com\/u1v50PHYyYth38nulkD1ad3gf430Pc-SG1W3XLdYh7g\/pr:1000x1000greybg\/aHR0cDovL21lZGlhMi5kZXNpZ25wYXJ0bmVyLmZyL2MvcC1NVC8xODY0OS5qcGc?v=1726822967","large":"https:\/\/media.th4.com\/h_OJo_hcjk6NpoujqnxbNgZYk6rwtfkYUHx_j8oYR-8\/pr:1920greybg\/aHR0cDovL21lZGlhMi5kZXNpZ25wYXJ0bmVyLmZyL2MvcC1NVC8xODY0OS5qcGc?v=1726822967","opengraph":"https:\/\/media.th4.com\/0BZ4S78u656Fa79jEfMh-9nLAshMoQUF1F8Mm4Q5Q3U\/pr:1200x630greybg\/aHR0cDovL21lZGlhMi5kZXNpZ25wYXJ0bmVyLmZyL2MvcC1NVC8xODY0OS5qcGc?v=1726822967"},"page_links":{"fr":"\/fr\/p-pr-pr222-chemise-denim-pour-homme-pr222-18649\/","en":"\/en\/p-pr-pr222-mens-denim-shirt-pr222-18649\/","de":"\/de\/p-pr-pr222-denimhemd-fur-manner-pr222-18649\/","nl":"\/nl\/p-pr-pr222-denimhemd-voor-heren-pr222-18649\/","es":"\/es\/p-pr-pr222-camisa-vaquera-para-hombre-pr222-18649\/","it":"\/it\/p-pr-pr222-camicia-jeans-da-uomo-pr222-18649\/","sv":"\/sv\/p-pr-pr222-denimskjorta-for-man-pr222-18649\/","pt":"\/pt\/p-pr-pr222-camisa-jeans-para-homem-pr222-18649\/","da":"\/da\/p-pr-pr222-bluse-i-jean-til-maend-pr222-18649\/","pl":"\/pl\/p-pr-pr222-meska-koszula-denim-pr222-18649\/"},"page_links_customization":{"fr":"\/fr\/p-pr-pr222-chemise-denim-pour-homme-pr222-personnalisation-18649\/custom\/","en":"\/en\/p-pr-pr222-denim-shirt-for-men-pr222-customization-18649\/custom\/","de":"\/de\/p-pr-pr222-manner-denimhemd-pr222-personalisierung-18649\/custom\/","nl":"\/nl\/p-pr-pr222-denimhemd-voor-heren-pr222-aanpassing-18649\/custom\/","es":"\/es\/p-pr-pr222-camisa-vaquera-para-hombre-pr222-personalizacion-18649\/custom\/","it":"\/it\/p-pr-pr222-camicia-jeans-uomo-pr222-personalizzazione-18649\/custom\/","sv":"\/sv\/p-pr-pr222-jeansskjorta-for-herrar-pr222-personliggoring-18649\/custom\/","pt":"\/pt\/p-pr-pr222-camisa-jeans-para-homem-pr222-personalizacao-18649\/custom\/","da":"\/da\/p-pr-pr222-jeanshaette-til-maend-pr222-personliggorelse-18649\/custom\/","pl":"\/pl\/p-pr-pr222-meska-koszula-denim-pr222-personalizacja-18649\/custom\/"},"equivalent_products":[],"colors":[{"id":19149,"name":"black_denim","class_ids":[4],"codes_hexa":["252526"],"delai_24":false,"has_3d":false,"seuil_global":0,"stock_local":0,"stock_global":491,"on_standby":false,"in_catalog":true,"images":{"miniature":["https:\/\/media.th4.com\/MBVQFHW41Rv2LMEgqMk0Q1T18gSPuPNZsC9rMd30DOU\/pr:80\/aHR0cDovL21lZGlhMi5kZXNpZ25wYXJ0bmVyLmZyL2MvcC8xODY0OS8xODY0OS0xOTE0OS0xLmpwZw?v=1726746172","https:\/\/media.th4.com\/tpyJkF8BMBZgZI1tVqmHEsFNc1WkZkhHkDXxww8ok74\/pr:80\/aHR0cDovL21lZGlhMi5kZXNpZ25wYXJ0bmVyLmZyL2MvcC8xODY0OS8xODY0OS0xOTE0OS0yLmpwZw?v=1726746175","https:\/\/media.th4.com\/bKd9Cr4Bwv7uqot_cCPLy-Ulm79uHtw3V2JYznFRMw8\/pr:80\/aHR0cDovL21lZGlhMi5kZXNpZ25wYXJ0bmVyLmZyL2MvcC8xODY0OS8xODY0OS0xOTE0OS0zLmpwZw?v=1726746172"],"medium":["https:\/\/media.th4.com\/OaAlwkWaNMG3b49DF9Uu3qIeG5uT2EXcZI0AmdsVToY\/pr:550x550\/aHR0cDovL21lZGlhMi5kZXNpZ25wYXJ0bmVyLmZyL2MvcC8xODY0OS8xODY0OS0xOTE0OS0xLmpwZw?v=1726746172","https:\/\/media.th4.com\/d6cr_CMQrp3AZ8-2KMcuknv50bDYr66TuP8OmEt5IBg\/pr:550x550\/aHR0cDovL21lZGlhMi5kZXNpZ25wYXJ0bmVyLmZyL2MvcC8xODY0OS8xODY0OS0xOTE0OS0yLmpwZw?v=1726746175","https:\/\/media.th4.com\/PjPxpG-zDZ1NTUBi-qwybYJdbLQd0jjw6JEwXXWiYbA\/pr:550x550\/aHR0cDovL21lZGlhMi5kZXNpZ25wYXJ0bmVyLmZyL2MvcC8xODY0OS8xODY0OS0xOTE0OS0zLmpwZw?v=1726746172"],"medium_large":["https:\/\/media.th4.com\/ByzMT9DkxHu4XtDEjNxJv7hSzRERWIF-1v9qRnxDgu4\/pr:1000x1000\/aHR0cDovL21lZGlhMi5kZXNpZ25wYXJ0bmVyLmZyL2MvcC8xODY0OS8xODY0OS0xOTE0OS0xLmpwZw?v=1726746172","https:\/\/media.th4.com\/4w1h0aZwC86wGqBQDCYO4SMVD2mfaY2sYKuI52RBHS4\/pr:1000x1000\/aHR0cDovL21lZGlhMi5kZXNpZ25wYXJ0bmVyLmZyL2MvcC8xODY0OS8xODY0OS0xOTE0OS0yLmpwZw?v=1726746175","https:\/\/media.th4.com\/y8kDLcopNDhBCnQTrH9iJKRogyR2_jJmcxG4FRbWREQ\/pr:1000x1000\/aHR0cDovL21lZGlhMi5kZXNpZ25wYXJ0bmVyLmZyL2MvcC8xODY0OS8xODY0OS0xOTE0OS0zLmpwZw?v=1726746172"],"large":["https:\/\/media.th4.com\/vuJNLBRoLsSqPcaxw_dW0_h1VivULeogo7WEuuB9ky8\/pr:1920\/aHR0cDovL21lZGlhMi5kZXNpZ25wYXJ0bmVyLmZyL2MvcC8xODY0OS8xODY0OS0xOTE0OS0xLmpwZw?v=1726746172","https:\/\/media.th4.com\/qEcefH_AfDDx9sGAc3aJCa1pSeiyZht-BAJ3yzMpmdo\/pr:1920\/aHR0cDovL21lZGlhMi5kZXNpZ25wYXJ0bmVyLmZyL2MvcC8xODY0OS8xODY0OS0xOTE0OS0yLmpwZw?v=1726746175","https:\/\/media.th4.com\/vptpcjuofqDUITq5_X8Q6Vtn7q6l6qP8JUT3Hdtm4Ao\/pr:1920\/aHR0cDovL21lZGlhMi5kZXNpZ25wYXJ0bmVyLmZyL2MvcC8xODY0OS8xODY0OS0xOTE0OS0zLmpwZw?v=1726746172"],"opengraph":["https:\/\/media.th4.com\/NhLeZRR4fUCG9Zw6zPQJ3SxR4ceAFsUfeNgM3EP8Hio\/pr:1200x630\/aHR0cDovL21lZGlhMi5kZXNpZ25wYXJ0bmVyLmZyL2MvcC8xODY0OS8xODY0OS0xOTE0OS0xLmpwZw?v=1726746172","https:\/\/media.th4.com\/5dMFZA3o4iLiELOKJls_lSdWBqeQglS0f5sXsTiO1XM\/pr:1200x630\/aHR0cDovL21lZGlhMi5kZXNpZ25wYXJ0bmVyLmZyL2MvcC8xODY0OS8xODY0OS0xOTE0OS0yLmpwZw?v=1726746175","https:\/\/media.th4.com\/JJsEDToYI7eVRwW52A_DqpxuV9iB_pp8NhD8VnIrGHo\/pr:1200x630\/aHR0cDovL21lZGlhMi5kZXNpZ25wYXJ0bmVyLmZyL2MvcC8xODY0OS8xODY0OS0xOTE0OS0zLmpwZw?v=1726746172"]},"images_customization":{"miniature":["https:\/\/media.th4.com\/leRrsPztpJrPlIgkvS-cu4g2fbFB0ArzYMlF_aZZcmw\/pr:80\/aHR0cDovL21lZGlhMi5kZXNpZ25wYXJ0bmVyLmZyL2MvcC1zaG9wcGluZy1jdXN0b20tVEgvMTg2NDkvMTg2NDktMTkxNDktMS5qcGc?v=1737555972"],"medium":["https:\/\/media.th4.com\/hVb1mqMFrUkxY7eBkEpeo_hMb44EvVYKOHwmn_ltuKQ\/pr:550x550\/aHR0cDovL21lZGlhMi5kZXNpZ25wYXJ0bmVyLmZyL2MvcC1zaG9wcGluZy1jdXN0b20tVEgvMTg2NDkvMTg2NDktMTkxNDktMS5qcGc?v=1737555972"],"medium_large":["https:\/\/media.th4.com\/BX-bTEWNtDaJ2occYT0XcCzUdA1fDzd0jTxZ0-I4yFw\/pr:1000x1000\/aHR0cDovL21lZGlhMi5kZXNpZ25wYXJ0bmVyLmZyL2MvcC1zaG9wcGluZy1jdXN0b20tVEgvMTg2NDkvMTg2NDktMTkxNDktMS5qcGc?v=1737555972"],"large":["https:\/\/media.th4.com\/EbN7qcqmS6NUmy4bjKl9YqSRPg5nn45meDL5b_tkwNM\/pr:1920\/aHR0cDovL21lZGlhMi5kZXNpZ25wYXJ0bmVyLmZyL2MvcC1zaG9wcGluZy1jdXN0b20tVEgvMTg2NDkvMTg2NDktMTkxNDktMS5qcGc?v=1737555972"],"opengraph":["https:\/\/media.th4.com\/twVrWHoHKJmlpzzddZ8HoPsFSFnUTBAQAbU-gdKs4Lk\/pr:1200x630\/aHR0cDovL21lZGlhMi5kZXNpZ25wYXJ0bmVyLmZyL2MvcC1zaG9wcGluZy1jdXN0b20tVEgvMTg2NDkvMTg2NDktMTkxNDktMS5qcGc?v=1737555972"]},"country_origin":"BD","traceability":{"manufacturing_country_id":null,"weaving_country_id":null,"dyeing_country_id":null},"sizes":[{"id":5,"article_id":476723,"class_id":2,"name":"XS","on_standby":false,"stock_local":0,"stock_global":29,"multiple":1,"estimated_date_reassort":null,"is_destocking":false},{"id":3,"article_id":476724,"class_id":3,"name":"S","on_standby":false,"stock_local":0,"stock_global":59,"multiple":1,"estimated_date_reassort":null,"is_destocking":false},{"id":2,"article_id":476725,"class_id":4,"name":"M","on_standby":false,"stock_local":0,"stock_global":65,"multiple":1,"estimated_date_reassort":null,"is_destocking":false},{"id":1,"article_id":476726,"class_id":5,"name":"L","on_standby":false,"stock_local":0,"stock_global":208,"multiple":1,"estimated_date_reassort":null,"is_destocking":false},{"id":4,"article_id":476727,"class_id":6,"name":"XL","on_standby":false,"stock_local":0,"stock_global":106,"multiple":1,"estimated_date_reassort":null,"is_destocking":false},{"id":1081,"article_id":476729,"class_id":8,"name":"3XL","on_standby":false,"stock_local":0,"stock_global":24,"multiple":1,"estimated_date_reassort":null,"is_destocking":false}],"page_links":{"fr":"\/fr\/p-pr-pr222-chemise-denim-pour-homme-pr222-18649\/black-denim-19149\/","en":"\/en\/p-pr-pr222-mens-denim-shirt-pr222-18649\/black-denim-19149\/","de":"\/de\/p-pr-pr222-denimhemd-fur-manner-pr222-18649\/black-denim-19149\/","nl":"\/nl\/p-pr-pr222-denimhemd-voor-heren-pr222-18649\/black-denim-19149\/","es":"\/es\/p-pr-pr222-camisa-vaquera-para-hombre-pr222-18649\/black-denim-19149\/","it":"\/it\/p-pr-pr222-camicia-jeans-da-uomo-pr222-18649\/black-denim-19149\/","sv":"\/sv\/p-pr-pr222-denimskjorta-for-man-pr222-18649\/black-denim-19149\/","pt":"\/pt\/p-pr-pr222-camisa-jeans-para-homem-pr222-18649\/black-denim-19149\/","da":"\/da\/p-pr-pr222-bluse-i-jean-til-maend-pr222-18649\/black-denim-19149\/","pl":"\/pl\/p-pr-pr222-meska-koszula-denim-pr222-18649\/black-denim-19149\/"},"page_links_customization":{"fr":"\/fr\/p-pr-pr222-chemise-denim-pour-homme-pr222-personnalisation-18649\/black-denim-19149\/custom\/","en":"\/en\/p-pr-pr222-denim-shirt-for-men-pr222-customization-18649\/black-denim-19149\/custom\/","de":"\/de\/p-pr-pr222-manner-denimhemd-pr222-personalisierung-18649\/black-denim-19149\/custom\/","nl":"\/nl\/p-pr-pr222-denimhemd-voor-heren-pr222-aanpassing-18649\/black-denim-19149\/custom\/","es":"\/es\/p-pr-pr222-camisa-vaquera-para-hombre-pr222-personalizacion-18649\/black-denim-19149\/custom\/","it":"\/it\/p-pr-pr222-camicia-jeans-uomo-pr222-personalizzazione-18649\/black-denim-19149\/custom\/","sv":"\/sv\/p-pr-pr222-jeansskjorta-for-herrar-pr222-personliggoring-18649\/black-denim-19149\/custom\/","pt":"\/pt\/p-pr-pr222-camisa-jeans-para-homem-pr222-personalizacao-18649\/black-denim-19149\/custom\/","da":"\/da\/p-pr-pr222-jeanshaette-til-maend-pr222-personliggorelse-18649\/black-denim-19149\/custom\/","pl":"\/pl\/p-pr-pr222-meska-koszula-denim-pr222-personalizacja-18649\/black-denim-19149\/custom\/"}},{"id":19140,"name":"indigo_denim","class_ids":[2],"codes_hexa":["3a4761"],"delai_24":false,"has_3d":false,"seuil_global":0,"stock_local":0,"stock_global":308,"on_standby":false,"in_catalog":true,"images":{"miniature":["https:\/\/media.th4.com\/sPSB1Ctn1BOyAF0iU4sSsSMkVgJJQIU46CX0LiFfj5E\/pr:80\/aHR0cDovL21lZGlhMi5kZXNpZ25wYXJ0bmVyLmZyL2MvcC8xODY0OS8xODY0OS0xOTE0MC0xLmpwZw?v=1726746167","https:\/\/media.th4.com\/byEUzsaKbkNVualwdPUV8nOp1twKkwcSUsDucMASITM\/pr:80\/aHR0cDovL21lZGlhMi5kZXNpZ25wYXJ0bmVyLmZyL2MvcC8xODY0OS8xODY0OS0xOTE0MC0yLmpwZw?v=1726746170","https:\/\/media.th4.com\/t_3fYFbo2imYjp_jGdqIsZWApZtYz1uZrx2y1_EkxU4\/pr:80\/aHR0cDovL21lZGlhMi5kZXNpZ25wYXJ0bmVyLmZyL2MvcC8xODY0OS8xODY0OS0xOTE0MC0zLmpwZw?v=1726746168"],"medium":["https:\/\/media.th4.com\/UG3B0ESoQgie5A_jH0MyU9-Dom6h4ctHV4TF8En7r58\/pr:550x550\/aHR0cDovL21lZGlhMi5kZXNpZ25wYXJ0bmVyLmZyL2MvcC8xODY0OS8xODY0OS0xOTE0MC0xLmpwZw?v=1726746167","https:\/\/media.th4.com\/Vr0nSMeATAI02bagLiLxld73Tc5dpWIcQdSBMTMofM8\/pr:550x550\/aHR0cDovL21lZGlhMi5kZXNpZ25wYXJ0bmVyLmZyL2MvcC8xODY0OS8xODY0OS0xOTE0MC0yLmpwZw?v=1726746170","https:\/\/media.th4.com\/-JpA47zBmceDLIYzvEx5y2PIPQE8teSKnQ3TQMk2T3k\/pr:550x550\/aHR0cDovL21lZGlhMi5kZXNpZ25wYXJ0bmVyLmZyL2MvcC8xODY0OS8xODY0OS0xOTE0MC0zLmpwZw?v=1726746168"],"medium_large":["https:\/\/media.th4.com\/iJNG0JkOgjT4PbAIbWmJtsTM6QZrZO8ukxjAbtu8SoM\/pr:1000x1000\/aHR0cDovL21lZGlhMi5kZXNpZ25wYXJ0bmVyLmZyL2MvcC8xODY0OS8xODY0OS0xOTE0MC0xLmpwZw?v=1726746167","https:\/\/media.th4.com\/BlgcK0skmrGyaIiPzGGcW-xg2_WNLulDn0KI-t7dw0w\/pr:1000x1000\/aHR0cDovL21lZGlhMi5kZXNpZ25wYXJ0bmVyLmZyL2MvcC8xODY0OS8xODY0OS0xOTE0MC0yLmpwZw?v=1726746170","https:\/\/media.th4.com\/Yjklo-EzLgI1eQuvpCqXg3aFk-JAxeDvBoMjdiEsjCU\/pr:1000x1000\/aHR0cDovL21lZGlhMi5kZXNpZ25wYXJ0bmVyLmZyL2MvcC8xODY0OS8xODY0OS0xOTE0MC0zLmpwZw?v=1726746168"],"large":["https:\/\/media.th4.com\/WPXFY7DbHMDmOtsdlUImxI2oiRGKuZBi81On2fbc30U\/pr:1920\/aHR0cDovL21lZGlhMi5kZXNpZ25wYXJ0bmVyLmZyL2MvcC8xODY0OS8xODY0OS0xOTE0MC0xLmpwZw?v=1726746167","https:\/\/media.th4.com\/KNV9pdkxNGd8AHi341vrLxEaGUit-HvoyhpdbfbNeB0\/pr:1920\/aHR0cDovL21lZGlhMi5kZXNpZ25wYXJ0bmVyLmZyL2MvcC8xODY0OS8xODY0OS0xOTE0MC0yLmpwZw?v=1726746170","https:\/\/media.th4.com\/WXWNKzp0KRSWDQc4Z0kXCkNM-CRBOwr5w5Yu4WRIXFQ\/pr:1920\/aHR0cDovL21lZGlhMi5kZXNpZ25wYXJ0bmVyLmZyL2MvcC8xODY0OS8xODY0OS0xOTE0MC0zLmpwZw?v=1726746168"],"opengraph":["https:\/\/media.th4.com\/jPzMc4lpP_Fd_IINse6wywPq_GV2ySmTNB7RfrOq_8c\/pr:1200x630\/aHR0cDovL21lZGlhMi5kZXNpZ25wYXJ0bmVyLmZyL2MvcC8xODY0OS8xODY0OS0xOTE0MC0xLmpwZw?v=1726746167","https:\/\/media.th4.com\/KwVRz2DaM8OG9xDHtvG8fkYzcL0rRlIA1DZ-f8FjjJo\/pr:1200x630\/aHR0cDovL21lZGlhMi5kZXNpZ25wYXJ0bmVyLmZyL2MvcC8xODY0OS8xODY0OS0xOTE0MC0yLmpwZw?v=1726746170","https:\/\/media.th4.com\/tzY6s9PE7Fmk0KSPdPR6T2dmNt1ADCTQCbEVr4lBKcY\/pr:1200x630\/aHR0cDovL21lZGlhMi5kZXNpZ25wYXJ0bmVyLmZyL2MvcC8xODY0OS8xODY0OS0xOTE0MC0zLmpwZw?v=1726746168"]},"images_customization":{"miniature":["https:\/\/media.th4.com\/A3jbLffv1kLzNZ2HX5Na0xsQ22zWfbo0SeQcnojxNjs\/pr:80\/aHR0cDovL21lZGlhMi5kZXNpZ25wYXJ0bmVyLmZyL2MvcC1zaG9wcGluZy1jdXN0b20tVEgvMTg2NDkvMTg2NDktMTkxNDAtMS5qcGc?v=1737555971"],"medium":["https:\/\/media.th4.com\/yGUWdCoPygfZcaHLDcdHG4Ec9uaGm31DN1FSpvOJfLU\/pr:550x550\/aHR0cDovL21lZGlhMi5kZXNpZ25wYXJ0bmVyLmZyL2MvcC1zaG9wcGluZy1jdXN0b20tVEgvMTg2NDkvMTg2NDktMTkxNDAtMS5qcGc?v=1737555971"],"medium_large":["https:\/\/media.th4.com\/Rs5pHY1FOWPry6_qDZwcPi0xL7a40eXikAWCsPMY1-4\/pr:1000x1000\/aHR0cDovL21lZGlhMi5kZXNpZ25wYXJ0bmVyLmZyL2MvcC1zaG9wcGluZy1jdXN0b20tVEgvMTg2NDkvMTg2NDktMTkxNDAtMS5qcGc?v=1737555971"],"large":["https:\/\/media.th4.com\/Y0bHSytSnIyQdFQC7V8OB24FtBGWhpk8meDZNiUPqGs\/pr:1920\/aHR0cDovL21lZGlhMi5kZXNpZ25wYXJ0bmVyLmZyL2MvcC1zaG9wcGluZy1jdXN0b20tVEgvMTg2NDkvMTg2NDktMTkxNDAtMS5qcGc?v=1737555971"],"opengraph":["https:\/\/media.th4.com\/xu6OGqgeu4_oUJCbOp9423wd8t9NMohxLOfSqnYEL6s\/pr:1200x630\/aHR0cDovL21lZGlhMi5kZXNpZ25wYXJ0bmVyLmZyL2MvcC1zaG9wcGluZy1jdXN0b20tVEgvMTg2NDkvMTg2NDktMTkxNDAtMS5qcGc?v=1737555971"]},"country_origin":"BD","traceability":{"manufacturing_country_id":null,"weaving_country_id":null,"dyeing_country_id":null},"sizes":[{"id":5,"article_id":476730,"class_id":2,"name":"XS","on_standby":false,"stock_local":0,"stock_global":24,"multiple":1,"estimated_date_reassort":null,"is_destocking":false},{"id":3,"article_id":476731,"class_id":3,"name":"S","on_standby":false,"stock_local":0,"stock_global":46,"multiple":1,"estimated_date_reassort":null,"is_destocking":false},{"id":2,"article_id":476732,"class_id":4,"name":"M","on_standby":false,"stock_local":0,"stock_global":48,"multiple":1,"estimated_date_reassort":null,"is_destocking":false},{"id":1,"article_id":476733,"class_id":5,"name":"L","on_standby":false,"stock_local":0,"stock_global":23,"multiple":1,"estimated_date_reassort":null,"is_destocking":false},{"id":4,"article_id":476734,"class_id":6,"name":"XL","on_standby":false,"stock_local":0,"stock_global":73,"multiple":1,"estimated_date_reassort":null,"is_destocking":false},{"id":1116,"article_id":476735,"class_id":7,"name":"2XL","on_standby":false,"stock_local":0,"stock_global":70,"multiple":1,"estimated_date_reassort":null,"is_destocking":false},{"id":1081,"article_id":476736,"class_id":8,"name":"3XL","on_standby":false,"stock_local":0,"stock_global":24,"multiple":1,"estimated_date_reassort":null,"is_destocking":false}],"page_links":{"fr":"\/fr\/p-pr-pr222-chemise-denim-pour-homme-pr222-18649\/indigo-denim-19140\/","en":"\/en\/p-pr-pr222-mens-denim-shirt-pr222-18649\/indigo-denim-19140\/","de":"\/de\/p-pr-pr222-denimhemd-fur-manner-pr222-18649\/indigo-denim-19140\/","nl":"\/nl\/p-pr-pr222-denimhemd-voor-heren-pr222-18649\/indigo-denim-19140\/","es":"\/es\/p-pr-pr222-camisa-vaquera-para-hombre-pr222-18649\/indigo-denim-19140\/","it":"\/it\/p-pr-pr222-camicia-jeans-da-uomo-pr222-18649\/indigo-denim-19140\/","sv":"\/sv\/p-pr-pr222-denimskjorta-for-man-pr222-18649\/indigo-denim-19140\/","pt":"\/pt\/p-pr-pr222-camisa-jeans-para-homem-pr222-18649\/indigo-denim-19140\/","da":"\/da\/p-pr-pr222-bluse-i-jean-til-maend-pr222-18649\/indigo-denim-19140\/","pl":"\/pl\/p-pr-pr222-meska-koszula-denim-pr222-18649\/indigo-denim-19140\/"},"page_links_customization":{"fr":"\/fr\/p-pr-pr222-chemise-denim-pour-homme-pr222-personnalisation-18649\/indigo-denim-19140\/custom\/","en":"\/en\/p-pr-pr222-denim-shirt-for-men-pr222-customization-18649\/indigo-denim-19140\/custom\/","de":"\/de\/p-pr-pr222-manner-denimhemd-pr222-personalisierung-18649\/indigo-denim-19140\/custom\/","nl":"\/nl\/p-pr-pr222-denimhemd-voor-heren-pr222-aanpassing-18649\/indigo-denim-19140\/custom\/","es":"\/es\/p-pr-pr222-camisa-vaquera-para-hombre-pr222-personalizacion-18649\/indigo-denim-19140\/custom\/","it":"\/it\/p-pr-pr222-camicia-jeans-uomo-pr222-personalizzazione-18649\/indigo-denim-19140\/custom\/","sv":"\/sv\/p-pr-pr222-jeansskjorta-for-herrar-pr222-personliggoring-18649\/indigo-denim-19140\/custom\/","pt":"\/pt\/p-pr-pr222-camisa-jeans-para-homem-pr222-personalizacao-18649\/indigo-denim-19140\/custom\/","da":"\/da\/p-pr-pr222-jeanshaette-til-maend-pr222-personliggorelse-18649\/indigo-denim-19140\/custom\/","pl":"\/pl\/p-pr-pr222-meska-koszula-denim-pr222-personalizacja-18649\/indigo-denim-19140\/custom\/"}}],"documentation_link":"\/pdf\/18649.pdf","countries_availables":["AD","AE","AL","AT","BA","BD","BE","BG","BL","CA","CH","CN","CO","CY","CZ","DE","DK","DO","EE","EG","ES","ET","FI","FR","GB","GE","GF","GP","GR","GT","HK","HN","HR","HT","HU","ID","IE","IN","IS","IT","JO","JP","KE","KH","KP","KR","LA","LK","LS","LT","LU","LV","MA","MF","MG","MK","MM","MN","MQ","MT","MX","MY","NC","NI","NL","PF","PH","PK","PL","PM","PT","RE","RO","SE","SG","SI","SK","SV","SY","TH","TN","TR","TW","TZ","US","VN","WF","YT"]},"infos_customization":[],"features":{"authorize_multi_surfaces":true,"display_order_delay_type":true,"promote_surface_display":true,"tarification_franco_offert":true,"enabled_3d_editor":false},"markings":[{"id":0,"nom":"vierge","finition":null,"libelle":null,"code":null,"dpi":null,"finesse_forme_isolee":null,"finesse_forme_non_isolee":null,"hauteur_minimale_texte":null,"inactif":0,"marquage_interne":1,"quantite_min":null,"parent_id":null,"print_on_support":0,"content":"vierge","description":null},{"id":2,"nom":"fonce","finition":"optimale","libelle":"TopQuadri","code":null,"dpi":400,"finesse_forme_isolee":"0.040","finesse_forme_non_isolee":"0.700","hauteur_minimale_texte":2,"inactif":0,"marquage_interne":1,"quantite_min":null,"parent_id":18,"print_on_support":0,"content":"TopQuadri","description":"pour petites et moyennes s\u00e9ries"},{"id":3,"nom":"serigraphie","finition":"serigraphie","libelle":"SeriCoat","code":null,"dpi":400,"finesse_forme_isolee":"0.040","finesse_forme_non_isolee":"0.700","hauteur_minimale_texte":2,"inactif":0,"marquage_interne":1,"quantite_min":15,"parent_id":18,"print_on_support":0,"content":"SeriCoat","description":"pour moyennes et grandes s\u00e9ries"},{"id":4,"nom":"broderie","finition":"broderie","libelle":"Broderie","code":null,"dpi":400,"finesse_forme_isolee":"0.040","finesse_forme_non_isolee":"0.700","hauteur_minimale_texte":3,"inactif":0,"marquage_interne":1,"quantite_min":null,"parent_id":null,"print_on_support":0,"content":"Broderie","description":null},{"id":8,"nom":"theme","finition":null,"libelle":"Th\u00e8me","code":null,"dpi":null,"finesse_forme_isolee":null,"finesse_forme_non_isolee":null,"hauteur_minimale_texte":null,"inactif":0,"marquage_interne":1,"quantite_min":null,"parent_id":null,"print_on_support":0,"content":"Th\u00e8me","description":null},{"id":9,"nom":"sans","finition":null,"libelle":null,"code":null,"dpi":null,"finesse_forme_isolee":null,"finesse_forme_non_isolee":null,"hauteur_minimale_texte":null,"inactif":0,"marquage_interne":1,"quantite_min":null,"parent_id":null,"print_on_support":0,"content":"sans","description":null},{"id":10,"nom":"photo","finition":null,"libelle":"Photo","code":null,"dpi":null,"finesse_forme_isolee":null,"finesse_forme_non_isolee":null,"hauteur_minimale_texte":null,"inactif":0,"marquage_interne":1,"quantite_min":null,"parent_id":null,"print_on_support":0,"content":"Photo","description":null},{"id":14,"nom":"couleur","finition":null,"libelle":"Couleur","code":null,"dpi":null,"finesse_forme_isolee":null,"finesse_forme_non_isolee":null,"hauteur_minimale_texte":null,"inactif":0,"marquage_interne":1,"quantite_min":null,"parent_id":null,"print_on_support":0,"content":"Couleur","description":null},{"id":15,"nom":"sublimation","finition":"sublimation","libelle":"Sublimation","code":null,"dpi":null,"finesse_forme_isolee":"0.000","finesse_forme_non_isolee":"0.000","hauteur_minimale_texte":2,"inactif":0,"marquage_interne":1,"quantite_min":null,"parent_id":null,"print_on_support":0,"content":"Sublimation","description":null},{"id":16,"nom":"topquadri_uv","finition":null,"libelle":"TopQuadri UV","code":null,"dpi":null,"finesse_forme_isolee":"0.020","finesse_forme_non_isolee":"0.700","hauteur_minimale_texte":2,"inactif":0,"marquage_interne":1,"quantite_min":null,"parent_id":null,"print_on_support":1,"content":null,"description":null},{"id":17,"nom":"topquadri_uvp","finition":null,"libelle":"TopQuadri UVP","code":null,"dpi":null,"finesse_forme_isolee":"0.020","finesse_forme_non_isolee":"0.700","hauteur_minimale_texte":2,"inactif":0,"marquage_interne":1,"quantite_min":null,"parent_id":null,"print_on_support":1,"content":null,"description":null},{"id":18,"nom":"quadri","finition":null,"libelle":"Impression","code":null,"dpi":null,"finesse_forme_isolee":null,"finesse_forme_non_isolee":null,"hauteur_minimale_texte":null,"inactif":0,"marquage_interne":1,"quantite_min":null,"parent_id":null,"print_on_support":0,"content":null,"description":null}]}}