{"data":{"product":{"id":18639,"titre":"Tablier \u00e0 bavette pour enfant Colours collection","description":"Tablier d'enfant disponible dans de nombreuses couleurs vives. Ce tablier bavette est disponible en deux tailles et est dot\u00e9 d'une boucle pressionn\u00e9e de s\u00e9curit\u00e9 sur la bande de col qui se d\u00e9fait rapidement en cas de pression exerc\u00e9e au niveau du cou. Sangle tissu de 50cm ajustable par bande auto-agrippante. Taille 3-6 ans : Largeur 43 cm, Longueur 53 cm. Taille 7-10 ans : Largeur 48 cm, Longueur 63 cm. Composition : 65% polyester, 35% coton.","genre":"enfant","grammage":195,"conditionnement":72,"composition":"coton,polyester,polycoton","reference":"pr-pr149","reference_visible":"pr-pr149","reference_fabricant":"PR149","ref_xor":"728714","in_catalog":true,"is_transfer":false,"is_service":false,"on_standby":false,"has_3d":false,"has_size_guide":false,"has_marking":true,"has_vierge":true,"is_cross_sellable":false,"id_picto":29,"filename_3d":null,"brand":{"id":38,"name":"Premier","logo":"logo-premier.png","image":"https:\/\/media.th4.com\/38b2orFvoslv2Wp5jXpfGfOatP9RuQaCFmnyAq4-2PY\/pr:brand70x70\/aHR0cDovL21lZGlhMi5kZXNpZ25wYXJ0bmVyLmZyL2MvbS9sb2dvLXByZW1pZXIucG5n"},"price_infos":{"price_from":5.69,"quantity":100,"color":{"id":22883,"name":"kelly_green"},"size":{"id":1607,"name":"7\/10ans"}},"price_infos_marking":{"price_from":9.31,"quantity":100,"color":{"id":22883,"name":"kelly_green"},"size":{"id":1607,"name":"7\/10ans"},"marking":{"id":2,"name":""},"emplacement":"avant","surface_emplacement_id":1,"surface":"coeur"},"i18n":{"blank":{"title":{"fr":"Tablier \u00e0 bavette pour enfant colours collection PREMIER pr149","en":"Child's apron with bib colours collection PREMIER pr149","de":"Sch\u00fcrze mit Sch\u00fcrze f\u00fcr Kinder colours collection PREMIER pr149","nl":"Schort met kraag voor kind colours collectie PREMIER pr149","es":"Delantal con babero para ni\u00f1o colores colecci\u00f3n PREMIER pr149","it":"Grembiule con bavetta per bambino colours collection PREMIER pr149","sv":"Barnf\u00f6rkl\u00e4de med sk\u00f6rta colors collection PREMIER pr149","pt":"Avental com babador para crian\u00e7a colours collection PREMIER pr149","da":"B\u00f8rneforkl\u00e6de med sk\u00f8rt til colours samling PREMIER pr149","pl":"Fartuch dla dziecka z kapturem z kolekcji colours PREMIER pr149"},"description":{"fr":"Tablier \u00e0 bavette pour enfant colours collection. Cet accessoire est con\u00e7u pour prot\u00e9ger les v\u00eatements des jeunes enfants pendant leurs activit\u00e9s cr\u00e9atives ou repas. Il est disponible en plusieurs couleurs vives pour s'adapter aux pr\u00e9f\u00e9rences de chacun. La conception \u00e0 bavette offre une couverture \u00e9tendue, tandis que la sangle ajustable assure un ajustement confortable et s\u00e9curis\u00e9. Une boucle pressionn\u00e9e de s\u00e9curit\u00e9 est pr\u00e9sente sur la bande de col pour une lib\u00e9ration facile en cas de besoin.\n\n- Composition : 65% polyester, 35% coton\n- Largeur taille 3-6 ans : 43 cm\n- Longueur taille 3-6 ans : 53 cm\n- Largeur taille 7-10 ans : 48 cm\n- Longueur taille 7-10 ans : 63 cm","en":"Child's apron with bib colours collection. This accessory is designed to protect young children's clothes during creative activities or meals. It is available in several bright colors to suit everyone's preferences. The bib design offers extended coverage, while the adjustable strap ensures a comfortable and secure fit. A safety buckle is present on the collar band for easy release if needed.\n\n- Composition: 65% polyester, 35% cotton\n- Width size 3-6 years: 43 cm\n- Length size 3-6 years: 53 cm\n- Width size 7-10 years: 48 cm\n- Length size 7-10 years: 63 cm","de":"Sch\u00fcrze mit Sch\u00fcrze f\u00fcr Kinder colours collection. Dieser Accessoire ist daf\u00fcr ausgelegt, die Kleidung von Kleinkindern w\u00e4hrend kreativer Aktivit\u00e4ten oder Mahlzeiten zu sch\u00fctzen. Es ist in mehreren lebhaften Farben erh\u00e4ltlich, um sich an die Vorlieben jedes Einzelnen anzupassen. Die Sch\u00fcrzenkonstruktion bietet eine umfassende Abdeckung, w\u00e4hrend der verstellbare Gurt einen bequemen und sicheren Sitz gew\u00e4hrleistet. Ein Sicherheitskarabiner ist am Halsband f\u00fcr eine einfache Freigabe im Bedarfsfall vorhanden.\n\n- Zusammensetzung: 65% Polyester, 35% Baumwolle\n- Breite Gr\u00f6\u00dfe 3-6 Jahre: 43 cm\n- L\u00e4nge Gr\u00f6\u00dfe 3-6 Jahre: 53 cm\n- Breite Gr\u00f6\u00dfe 7-10 Jahre: 48 cm\n- L\u00e4nge Gr\u00f6\u00dfe 7-10 Jahre: 63 cm","nl":"Schort met kraag voor kind colours collectie. Dit accessoire is ontworpen om de kleding van jonge kinderen te beschermen tijdens hun creatieve activiteiten of maaltijden. Het is beschikbaar in verschillende levendige kleuren om zich aan te passen aan de voorkeuren van iedereen. Het ontwerp met kraag biedt uitgebreide dekking, terwijl de aanpasbare riem een comfortabel en veilig passend garandeert. Een drukknop veiligheidsbevestiging is aanwezig op de kraagband voor eenvoudige verwijdering wanneer nodig.\n\n- Samenstelling: 65% polyester, 35% katoen\n- Breedte maat 3-6 jaar: 43 cm\n- Lengte maat 3-6 jaar: 53 cm\n- Breedte maat 7-10 jaar: 48 cm\n- Lengte maat 7-10 jaar: 63 cm","es":"Delantal con babero para ni\u00f1o colores colecci\u00f3n. Este accesorio est\u00e1 dise\u00f1ado para proteger la ropa de los ni\u00f1os peque\u00f1os durante sus actividades creativas o comidas. Est\u00e1 disponible en varios colores vivos para adaptarse a las preferencias de cada uno. El dise\u00f1o con babero ofrece una cobertura extendida, mientras que la correa ajustable asegura un ajuste c\u00f3modo y seguro. Una hebilla de presi\u00f3n de seguridad est\u00e1 presente en la banda del cuello para una liberaci\u00f3n f\u00e1cil en caso de necesidad.\n\n- Composici\u00f3n: 65% poli\u00e9ster, 35% algod\u00f3n\n- Ancho tama\u00f1o 3-6 a\u00f1os: 43 cm\n- Longitud tama\u00f1o 3-6 a\u00f1os: 53 cm\n- Ancho tama\u00f1o 7-10 a\u00f1os: 48 cm\n- Longitud tama\u00f1o 7-10 a\u00f1os: 63 cm","it":"Grembiule con bavetta per bambino colours collection. Questo accessorio \u00e8 progettato per proteggere i vestiti dei giovani bambini durante le loro attivit\u00e0 creative o i pasti. \u00c8 disponibile in diversi colori vivaci per adattarsi alle preferenze di ciascuno. La progettazione con bavetta offre una copertura estesa, mentre la fascia regolabile assicura un adattamento confortevole e sicuro. Una fibbia di sicurezza \u00e8 presente sulla banda del colletto per una facile liberazione in caso di necessit\u00e0.\n\n- Composizione: 65% poliestere, 35% cotone\n- Larghezza taglia 3-6 anni: 43 cm\n- Lunghezza taglia 3-6 anni: 53 cm\n- Larghezza taglia 7-10 anni: 48 cm\n- Lunghezza taglia 7-10 anni: 63 cm","sv":"Barnf\u00f6rkl\u00e4de med sk\u00f6rta colors collection. Denna tillbeh\u00f6r \u00e4r designad f\u00f6r att skydda kl\u00e4derna p\u00e5 sm\u00e5 barn under kreativa aktiviteter eller m\u00e5ltider. Den \u00e4r tillg\u00e4nglig i flera ljusa f\u00e4rger f\u00f6r att anpassas till varje enskilds preferenser. Designen med sk\u00f6rta ger ett brett t\u00e4ckning, medan den justerbara remmen s\u00e4kerst\u00e4ller en bekv\u00e4m och s\u00e4ker passform. En s\u00e4kerhetsl\u00e5s finns p\u00e5 kragebandet f\u00f6r enkel frig\u00f6relse vid behov.\n\n- Sammans\u00e4ttning: 65% polyester, 35% bomull\n- Bredd storlek 3-6 \u00e5r: 43 cm\n- L\u00e4ngd storlek 3-6 \u00e5r: 53 cm\n- Bredd storlek 7-10 \u00e5r: 48 cm\n- L\u00e4ngd storlek 7-10 \u00e5r: 63 cm","pt":"Avental com babador para crian\u00e7a colours collection. Este acess\u00f3rio \u00e9 projetado para proteger as roupas de crian\u00e7as pequenas durante suas atividades criativas ou refei\u00e7\u00f5es. Ele est\u00e1 dispon\u00edvel em v\u00e1rias cores vibrantes para se adaptar \u00e0s prefer\u00eancias de cada um. O design com babador oferece cobertura ampla, enquanto o cinto ajust\u00e1vel garante um ajuste confort\u00e1vel e seguro. Um fecho de press\u00e3o de seguran\u00e7a est\u00e1 presente na faixa do colarinho para libera\u00e7\u00e3o f\u00e1cil quando necess\u00e1rio.\n\n- Composi\u00e7\u00e3o: 65% poli\u00e9ster, 35% algod\u00e3o\n- Largura tamanho 3-6 anos: 43 cm\n- Comprimento tamanho 3-6 anos: 53 cm\n- Largura tamanho 7-10 anos: 48 cm\n- Comprimento tamanho 7-10 anos: 63 cm","da":"B\u00f8rneforkl\u00e6de med sk\u00f8rt til colours samling. Dette tilbeh\u00f8r er designet til at beskytte b\u00f8rns t\u00f8j under deres kreative aktiviteter eller m\u00e5ltider. Det er tilg\u00e6ngelig i flere levende farver for at passe til enhver smag. Designet med sk\u00f8rt giver omfattende d\u00e6kning, mens det justerbare b\u00e6lte sikrer en behagelig og sikker pasform. En sikkerhedsl\u00e5s er placeret p\u00e5 halsb\u00e5ndet for nem l\u00f8sning, n\u00e5r det er n\u00f8dvendigt.\n\n- Sammens\u00e6tning: 65% polyester, 35% bomuld\n- Bredde st\u00f8rrelse 3-6 \u00e5r: 43 cm\n- L\u00e6ngde st\u00f8rrelse 3-6 \u00e5r: 53 cm\n- Bredde st\u00f8rrelse 7-10 \u00e5r: 48 cm\n- L\u00e6ngde st\u00f8rrelse 7-10 \u00e5r: 63 cm","pl":"Fartuch dla dziecka z kapturem z kolekcji colours. Ten akcesorium jest zaprojektowany, aby chroni\u0107 ubrania ma\u0142ych dzieci podczas ich aktywno\u015bci kreatywnych lub posi\u0142k\u00f3w. Jest dost\u0119pny w wielu kolorach, aby dostosowa\u0107 si\u0119 do preferencji ka\u017cdego. Projekt z kapturem oferuje szerokie pokrycie, podczas gdy regulowana ta\u015bma zapewnia wygodne i bezpieczne dopasowanie. Zamkni\u0119cie na klips bezpiecze\u0144stwa znajduje si\u0119 na pasie ko\u0142nierza dla \u0142atwego uwolnienia w razie potrzeby.\n\n- Sk\u0142ad: 65% poliestru, 35% bawe\u0142ny\n- Szeroko\u015b\u0107 rozmiar 3-6 lat: 43 cm\n- D\u0142ugo\u015b\u0107 rozmiar 3-6 lat: 53 cm\n- Szeroko\u015b\u0107 rozmiar 7-10 lat: 48 cm\n- D\u0142ugo\u015b\u0107 rozmiar 7-10 lat: 63 cm"},"h1":{"fr":"Tablier \u00e0 bavette pour enfant pr149","en":"Child's apron with bib pr149","de":"Sch\u00fcrze mit Sch\u00fcrze f\u00fcr Kinder pr149","nl":"Schort met kraag voor kind pr149","es":"Delantal con babero para ni\u00f1o pr149","it":"Grembiule con bavetta per bambino pr149","sv":"Barnf\u00f6rkl\u00e4de med sk\u00f6rta pr149","pt":"Avental com babador para crian\u00e7a pr149","da":"B\u00f8rneforkl\u00e6de med sk\u00f8rt pr149","pl":"Fartuch dla dziecka z kapturem pr149"},"meta_description":{"fr":"Tablier \u00e0 bavette pour enfant colours collection. Disponible en plusieurs couleurs vives et deux tailles. Sangle ajustable avec boucle de s\u00e9curit\u00e9.","en":"Child's apron with bib colours collection. Available in several bright colors and two sizes. Adjustable strap with safety buckle.","de":"Sch\u00fcrze mit Sch\u00fcrze f\u00fcr Kinder colours collection. In mehreren lebhaften Farben und zwei Gr\u00f6\u00dfen erh\u00e4ltlich. Verstellbarer Gurt mit Sicherheitskarabiner.","nl":"Schort met kraag voor kind colours collectie. Beschikbaar in verschillende levendige kleuren en twee maten. Aanpasbare riem met veiligheidsknop.","es":"Delantal con babero para ni\u00f1o colores colecci\u00f3n. Disponible en varios colores vivos y dos tallas. Correa ajustable con hebilla de seguridad.","it":"Grembiule con bavetta per bambino colours collection. Disponibile in diversi colori vivaci e due taglie. Fascia regolabile con fibbia di sicurezza.","sv":"Barnf\u00f6rkl\u00e4de med sk\u00f6rta colors collection. Tillg\u00e4nglig i flera ljusa f\u00e4rger och tv\u00e5 storlekar. Justerbar rem med s\u00e4kerhetsl\u00e5s.","pt":"Avental com babador para crian\u00e7a colours collection. Dispon\u00edvel em v\u00e1rias cores vibrantes e dois tamanhos. Cinto ajust\u00e1vel com fecho de seguran\u00e7a.","da":"B\u00f8rneforkl\u00e6de med sk\u00f8rt til colours samling. Tilg\u00e6ngelig i flere levende farver og to st\u00f8rrelser. Justerbar b\u00e6lte med sikkerhedsl\u00e5s.","pl":"Fartuch dla dziecka z kapturem z kolekcji colours. Dost\u0119pny w wielu kolorach i dw\u00f3ch rozmiarach. Regulowana ta\u015bma z zamkiem bezpiecze\u0144stwa."}},"custom":{"title":{"fr":"Tablier enfant coton polyester PREMIER personnalisable pr149","en":"Child apron cotton polyester PREMIER customizable pr149","de":"Kinder-Sch\u00fcrze aus Baumwolle-Polyester PREMIER personalisierbar pr149","nl":"Kindertabbertje katoen polyester PREMIER personaliseerbaar pr149","es":"Delantal infantil de algod\u00f3n poli\u00e9ster PREMIER personalizable pr149","it":"Grembiule bambino cotone poliestere PREMIER personalizzabile pr149","sv":"Barnl\u00e5r i bomull och polyester PREMIER personliggjord pr149","pt":"Avental infantil algod\u00e3o poli\u00e9ster PREMIER personaliz\u00e1vel pr149","da":"B\u00f8rnetablet af bomuld polyester PREMIER personaliserbar pr149","pl":"Fartuch dzieci\u0119cy z bawe\u0142ny i poliestru PREMIER personalizowalny pr149"},"description":{"fr":"Ce tablier \u00e0 bavette pour enfant de la collection colours est disponible dans de nombreuses couleurs vives. Il est dot\u00e9 d'une boucle pressionn\u00e9e de s\u00e9curit\u00e9 sur la bande de col qui se d\u00e9fait rapidement en cas de pression exerc\u00e9e au niveau du cou. La sangle tissu de 50cm est ajustable par bande auto-agrippante. Taille 3-6 ans : Largeur 43 cm, Longueur 53 cm. Taille 7-10 ans : Largeur 48 cm, Longueur 63 cm. Composition : 65% polyester, 35% coton. Ce tablier est personnalisable, permettant d'ajouter votre logo ou visuel pour une touche unique. \n\n- Composition : 65% polyester, 35% coton\n- Sangle ajustable par bande auto-agrippante\n- Boucle pressionn\u00e9e de s\u00e9curit\u00e9\n- Personnalisable par broderie","en":"This bib apron for children from the colours collection is available in many bright colors. It features a safety snap buckle on the neckband that releases quickly in case of pressure on the neck. The 50cm fabric strap is adjustable with a hook and loop band. Size 3-6 years: Width 43 cm, Length 53 cm. Size 7-10 years: Width 48 cm, Length 63 cm. Composition: 65% polyester, 35% cotton. This apron is customizable, allowing you to add your logo or visual for a unique touch.\n\n- Composition: 65% polyester, 35% cotton\n- Adjustable strap with hook and loop band\n- Safety snap buckle\n- Customizable by embroidery","de":"Diese Sch\u00fcrze mit Sch\u00fcrzenlatz f\u00fcr Kinder aus der Collection colours ist in vielen leuchtenden Farben erh\u00e4ltlich. Sie ist mit einer Sicherheitsdruckknopfschlie\u00dfe am Halsband ausgestattet, die sich bei Druck schnell l\u00f6st. Das Stoffband von 50 cm ist mit einem Klettverschluss verstellbar. Gr\u00f6\u00dfe 3-6 Jahre: Breite 43 cm, L\u00e4nge 53 cm. Gr\u00f6\u00dfe 7-10 Jahre: Breite 48 cm, L\u00e4nge 63 cm. Zusammensetzung: 65% Polyester, 35% Baumwolle. Diese Sch\u00fcrze ist personalisierbar, sodass Sie Ihr Logo oder Ihr Bild f\u00fcr einen einzigartigen Touch hinzuf\u00fcgen k\u00f6nnen.\n\n- Zusammensetzung: 65% Polyester, 35% Baumwolle\n- Verstellbares Stoffband\n- Sicherheitsdruckknopfschlie\u00dfe\n- Personalisierbar durch Stickerei","nl":"Dit tabbertje met kraag voor kinderen van de collectie colours is verkrijgbaar in vele levendige kleuren. Het heeft een veilige drukknop op het kraagband dat snel loskomt bij druk op de nek. De 50 cm lange stofband is aanpasbaar met een zelfklevende band. Maat 3-6 jaar: Breedte 43 cm, Lengte 53 cm. Maat 7-10 jaar: Breedte 48 cm, Lengte 63 cm. Samenstelling: polyester, katoen. Dit tabbertje is personaliseerbaar, waardoor je je logo of visuele elementen kunt toevoegen voor een unieke aanraking.","es":"Este delantal con babero para ni\u00f1o de la colecci\u00f3n colours est\u00e1 disponible en numerosos colores vivos. Cuenta con un broche de seguridad en la banda del cuello que se desabrocha r\u00e1pidamente en caso de presi\u00f3n en el cuello. La correa de tela de 50 cm es ajustable con cinta de velcro. Talla 3-6 a\u00f1os: Ancho 43 cm, Longitud 53 cm. Talla 7-10 a\u00f1os: Ancho 48 cm, Longitud 63 cm. Composici\u00f3n: 65% poli\u00e9ster, 35% algod\u00f3n. Este delantal es personalizable, permitiendo a\u00f1adir su logo o imagen para un toque \u00fanico.\n\n- Composici\u00f3n: 65% poli\u00e9ster, 35% algod\u00f3n\n- Correa ajustable con cinta de velcro\n- Broche de seguridad\n- Personalizable por bordado","it":"Questo grembiule con bavetta per bambini della collezione colours \u00e8 disponibile in numerosi colori vivaci. \u00c8 dotato di un bottone a pressione di sicurezza sulla fascia del colletto che si sgancia rapidamente in caso di pressione esercitata a livello del collo. La cinghia in tessuto di 50cm \u00e8 regolabile con nastro autoagrippante. Taglia 3-6 anni: Larghezza 43 cm, Lunghezza 53 cm. Taglia 7-10 anni: Larghezza 48 cm, Lunghezza 63 cm. Composizione: 65% poliestere, 35% cotone. Questo grembiule \u00e8 personalizzabile, permettendo di aggiungere il proprio logo o visivo per una tocco unica.\n\n- Composizione: 65% poliestere, 35% cotone\n- Cinghia regolabile con nastro autoagrippante\n- Bottone a pressione di sicurezza\n- Personalizzabile con ricamo","sv":"Detta barnl\u00e5r med sk\u00f6rter fr\u00e5n colours-collektion finns i m\u00e5nga levande f\u00e4rger. Det har en trygghetsknapp p\u00e5 kragebandet som snabbt lossnar vid tryck p\u00e5 halsen. 50cm l\u00e5ng textilrem \u00e4r justerbart med ett klibbande band. Storlek 3-6 \u00e5r: Bredd 43 cm, L\u00e4ngd 53 cm. Storlek 7-10 \u00e5r: Bredd 48 cm, L\u00e4ngd 63 cm. Sammans\u00e4ttning: 65% polyester, 35% bomull. Detta l\u00e5r \u00e4r personliggjort, vilket g\u00f6r att du kan l\u00e4gga till ditt logo eller visuell f\u00f6r en unik touch.","pt":"Este avental com bico para crian\u00e7a da cole\u00e7\u00e3o colours est\u00e1 dispon\u00edvel em muitas cores vibrantes. Ele possui um fecho de press\u00e3o de seguran\u00e7a na faixa do colarinho que se desprende rapidamente em caso de press\u00e3o exercida na altura do pesco\u00e7o. A al\u00e7a de tecido de 50cm \u00e9 ajust\u00e1vel por fita autoagripante. Tamanho 3-6 anos: Largura 43 cm, Comprimento 53 cm. Tamanho 7-10 anos: Largura 48 cm, Comprimento 63 cm. Composi\u00e7\u00e3o: 65% poli\u00e9ster, 35% algod\u00e3o. Este avental \u00e9 personaliz\u00e1vel, permitindo adicionar seu logotipo ou visual para um toque \u00fanico.\n\n- Composi\u00e7\u00e3o: 65% poli\u00e9ster, 35% algod\u00e3o\n- Al\u00e7a ajust\u00e1vel por fita autoagripante\n- Fecho de press\u00e3o de seguran\u00e7a\n- Personaliz\u00e1vel por bordado","da":"Dette sk\u00f8rte med krage til b\u00f8rn fra colours-samlingen er tilg\u00e6ngelig i mange levende farver. Det er udstyret med en sikkerhedssk\u00e6vling p\u00e5 kraven, der l\u00f8sner hurtigt, hvis der ud\u00f8ves tryk p\u00e5 nakken. Stropen af stof p\u00e5 50 cm er justerbar med en kl\u00e6beb\u00e5nd. St\u00f8rrelse 3-6 \u00e5r: Bredde 43 cm, L\u00e6ngde 53 cm. St\u00f8rrelse 7-10 \u00e5r: Bredde 48 cm, L\u00e6ngde 63 cm. Sammens\u00e6tning: 65% polyester, 35% bomuld. Dette sk\u00f8rte er personaliserbar, hvilket g\u00f8r det muligt at tilf\u00f8je dit logo eller visuel for en unik touch.","pl":"Ten fartuch z klap\u0105 dla dziecka z kolekcji colours jest dost\u0119pny w wielu jasnych kolorach. Jest wyposa\u017cony w bezpieczn\u0105 klapk\u0119 na pasie szyjkowym, kt\u00f3ra \u0142atwo si\u0119 odpi\u0119wa w przypadku nacisku na szyj\u0119. Pas z tkaniny o d\u0142ugo\u015bci 50 cm jest regulowany za pomoc\u0105 ta\u015bmy samoprzylepnej. Rozmiar 3-6 lat: Szeroko\u015b\u0107 43 cm, D\u0142ugo\u015b\u0107 53 cm. Rozmiar 7-10 lat: Szeroko\u015b\u0107 48 cm, D\u0142ugo\u015b\u0107 63 cm. Sk\u0142ad: 65% poliestru, 35% bawe\u0142ny. Ten fartuch jest personalizowalny, co pozwala doda\u0107 sw\u00f3j logo lub wizualizacj\u0119 dla unikalnego dotyku."},"h1":{"fr":"Tablier enfant coton polyester personnalisation pr149","en":"Child apron cotton polyester customization pr149","de":"Kinder-Sch\u00fcrze aus Baumwolle-Polyester Personalisierung pr149","nl":"Kindertabbertje katoen polyester personalisatie pr149","es":"Delantal infantil de algod\u00f3n poli\u00e9ster personalizaci\u00f3n pr149","it":"Grembiule bambino cotone poliestere personalizzazione pr149","sv":"Barnl\u00e5r i bomull och polyester personligg\u00f6ring pr149","pt":"Avental infantil algod\u00e3o poli\u00e9ster personaliza\u00e7\u00e3o pr149","da":"B\u00f8rnetablet af bomuld polyester personalisering pr149","pl":"Fartuch dzieci\u0119cy z bawe\u0142ny i poliestru personalizacja pr149"},"meta_description":{"fr":"D\u00e9couvrez notre tablier enfant en coton polyester, id\u00e9al pour les activit\u00e9s cr\u00e9atives. Possibilit\u00e9 de personnalisation pour un look unique. Commandez maintenant !","en":"Discover our child apron in cotton polyester, ideal for creative activities. Possibility of customization for a unique look. Order now!","de":"Entdecken Sie unsere Kinder-Sch\u00fcrze aus Baumwolle-Polyester, ideal f\u00fcr kreative Aktivit\u00e4ten. M\u00f6glichkeit der Personalisierung f\u00fcr ein einzigartiges Aussehen. Jetzt bestellen!","nl":"Ontdek onze kindertabbertjes van katoen polyester, ideaal voor creatieve activiteiten. Mogelijkheid tot personalisatie voor een uniek uiterlijk. Bestel nu!","es":"Descubre nuestro delantal infantil de algod\u00f3n poli\u00e9ster, ideal para actividades creativas. Posibilidad de personalizaci\u00f3n para un look \u00fanico. \u00a1Pide ahora!","it":"Scoprite il nostro grembiule per bambini in cotone e poliestere, ideale per attivit\u00e0 creative. Possibilit\u00e0 di personalizzazione per un look unico. Ordinate ora!","sv":"Uppt\u00e4ck v\u00e5rt barnl\u00e5r i bomull och polyester, idealiskt f\u00f6r kreativa aktiviteter. M\u00f6jlighet till personligg\u00f6ring f\u00f6r ett unikt utseende. Best\u00e4ll nu!","pt":"Descubra nosso avental infantil de algod\u00e3o poli\u00e9ster, ideal para atividades criativas. Possibilidade de personaliza\u00e7\u00e3o para um visual \u00fanico. Compre agora!","da":"Opdag vores b\u00f8rnetablet af bomuld polyester, ideel til kreative aktiviteter. Mulighed for personalisering for et unikt look. Bestil nu!","pl":"Odkryj nasz fartuch dzieci\u0119cy z bawe\u0142ny i poliestru, idealny do kreatywnych aktywno\u015bci. Mo\u017cliwo\u015b\u0107 personalizacji dla wyj\u0105tkowego wygl\u0105du. Zam\u00f3w teraz!"}}},"categories":[{"id":185,"name":"Tabliers","singular":"Tablier","is_feminin":false},{"id":354,"name":"Textile","singular":"Textile","is_feminin":false}],"certifications":[{"id":1,"label":"OEKO-TEX 100","logo_link":"\/images\/certifications\/1_OEKO-TEX_100.jpg","is_marking_compatible":false},{"id":20,"label":"Amfori BSCI","logo_link":"\/images\/certifications\/20_Amfori_BSCI.jpg","is_marking_compatible":false}],"videos":{"fr":[],"en":[],"de":[],"nl":[],"es":[],"it":[],"sv":[],"pt":[],"da":[],"pl":[]},"main_images":{"miniature":"https:\/\/media.th4.com\/MsJt-p5Oy8IAQAqKEl5X0TeBph_GWvq3qVJiVoLzwqA\/pr:80\/aHR0cDovL21lZGlhMi5kZXNpZ25wYXJ0bmVyLmZyL2MvcC1NVC8xODYzOS5qcGc?v=1726822966","medium":"https:\/\/media.th4.com\/eyT3kutq2DJC_OOTWfqlJ6nJWK3JSV7Sr0h1O7Itxhw\/pr:550x550greybg\/aHR0cDovL21lZGlhMi5kZXNpZ25wYXJ0bmVyLmZyL2MvcC1NVC8xODYzOS5qcGc?v=1726822966","medium_large":"https:\/\/media.th4.com\/ZPmIGwI-Ir0n0OV5UsXhPIPaK3Vt4C1kyCNAHWmKldA\/pr:1000x1000greybg\/aHR0cDovL21lZGlhMi5kZXNpZ25wYXJ0bmVyLmZyL2MvcC1NVC8xODYzOS5qcGc?v=1726822966","large":"https:\/\/media.th4.com\/7pEGxkEDTnyfUGGmf0-FXbHr4p96RPltcb9j3j4BSuY\/pr:1920greybg\/aHR0cDovL21lZGlhMi5kZXNpZ25wYXJ0bmVyLmZyL2MvcC1NVC8xODYzOS5qcGc?v=1726822966","opengraph":"https:\/\/media.th4.com\/Fcf0hpdvjAJoHlZJzrQSLEEJpydOu4tmDX7ou3fYNow\/pr:1200x630greybg\/aHR0cDovL21lZGlhMi5kZXNpZ25wYXJ0bmVyLmZyL2MvcC1NVC8xODYzOS5qcGc?v=1726822966"},"main_images_customization":{"miniature":"https:\/\/media.th4.com\/MsJt-p5Oy8IAQAqKEl5X0TeBph_GWvq3qVJiVoLzwqA\/pr:80\/aHR0cDovL21lZGlhMi5kZXNpZ25wYXJ0bmVyLmZyL2MvcC1NVC8xODYzOS5qcGc?v=1726822966","medium":"https:\/\/media.th4.com\/eyT3kutq2DJC_OOTWfqlJ6nJWK3JSV7Sr0h1O7Itxhw\/pr:550x550greybg\/aHR0cDovL21lZGlhMi5kZXNpZ25wYXJ0bmVyLmZyL2MvcC1NVC8xODYzOS5qcGc?v=1726822966","medium_large":"https:\/\/media.th4.com\/ZPmIGwI-Ir0n0OV5UsXhPIPaK3Vt4C1kyCNAHWmKldA\/pr:1000x1000greybg\/aHR0cDovL21lZGlhMi5kZXNpZ25wYXJ0bmVyLmZyL2MvcC1NVC8xODYzOS5qcGc?v=1726822966","large":"https:\/\/media.th4.com\/7pEGxkEDTnyfUGGmf0-FXbHr4p96RPltcb9j3j4BSuY\/pr:1920greybg\/aHR0cDovL21lZGlhMi5kZXNpZ25wYXJ0bmVyLmZyL2MvcC1NVC8xODYzOS5qcGc?v=1726822966","opengraph":"https:\/\/media.th4.com\/Fcf0hpdvjAJoHlZJzrQSLEEJpydOu4tmDX7ou3fYNow\/pr:1200x630greybg\/aHR0cDovL21lZGlhMi5kZXNpZ25wYXJ0bmVyLmZyL2MvcC1NVC8xODYzOS5qcGc?v=1726822966"},"page_links":{"fr":"\/fr\/p-pr-pr149-tablier-a-bavette-pour-enfant-pr149-18639\/","en":"\/en\/p-pr-pr149-childs-apron-with-bib-pr149-18639\/","de":"\/de\/p-pr-pr149-schurze-mit-schurze-fur-kinder-pr149-18639\/","nl":"\/nl\/p-pr-pr149-schort-met-kraag-voor-kind-pr149-18639\/","es":"\/es\/p-pr-pr149-delantal-con-babero-para-nino-pr149-18639\/","it":"\/it\/p-pr-pr149-grembiule-con-bavetta-per-bambino-pr149-18639\/","sv":"\/sv\/p-pr-pr149-barnforklade-med-skorta-pr149-18639\/","pt":"\/pt\/p-pr-pr149-avental-com-babador-para-crianca-pr149-18639\/","da":"\/da\/p-pr-pr149-borneforklaede-med-skort-pr149-18639\/","pl":"\/pl\/p-pr-pr149-fartuch-dla-dziecka-z-kapturem-pr149-18639\/"},"page_links_customization":{"fr":"\/fr\/p-pr-pr149-tablier-enfant-coton-polyester-personnalisation-pr149-18639\/custom\/","en":"\/en\/p-pr-pr149-child-apron-cotton-polyester-customization-pr149-18639\/custom\/","de":"\/de\/p-pr-pr149-kinder-schurze-aus-baumwolle-polyester-personalisierung-pr149-18639\/custom\/","nl":"\/nl\/p-pr-pr149-kindertabbertje-katoen-polyester-personalisatie-pr149-18639\/custom\/","es":"\/es\/p-pr-pr149-delantal-infantil-de-algodon-poliester-personalizacion-pr149-18639\/custom\/","it":"\/it\/p-pr-pr149-grembiule-bambino-cotone-poliestere-personalizzazione-pr149-18639\/custom\/","sv":"\/sv\/p-pr-pr149-barnlar-i-bomull-och-polyester-personliggoring-pr149-18639\/custom\/","pt":"\/pt\/p-pr-pr149-avental-infantil-algodao-poliester-personalizacao-pr149-18639\/custom\/","da":"\/da\/p-pr-pr149-bornetablet-af-bomuld-polyester-personalisering-pr149-18639\/custom\/","pl":"\/pl\/p-pr-pr149-fartuch-dzieciecy-z-bawelny-i-poliestru-personalizacja-pr149-18639\/custom\/"},"equivalent_products":[],"colors":[{"id":1719,"name":"dark grey","class_ids":[3],"codes_hexa":["58585a"],"delai_24":false,"has_3d":false,"seuil_global":0,"stock_local":0,"stock_global":587,"on_standby":false,"in_catalog":true,"images":{"miniature":["https:\/\/media.th4.com\/FZf6h-i_UxrqWDQLFzPThG7lwqKfUQtH6j7DbAsEnnI\/pr:80\/aHR0cDovL21lZGlhMi5kZXNpZ25wYXJ0bmVyLmZyL2MvcC8xODYzOS8xODYzOS0xNzE5LTEuanBn?v=1726746082"],"medium":["https:\/\/media.th4.com\/j_yRRBrifQ-7vIJI-3fGtljYP8yQjnCgvznyj_CyDEU\/pr:550x550\/aHR0cDovL21lZGlhMi5kZXNpZ25wYXJ0bmVyLmZyL2MvcC8xODYzOS8xODYzOS0xNzE5LTEuanBn?v=1726746082"],"medium_large":["https:\/\/media.th4.com\/A_CfcvzYi00XARN3RwvkYHptjfWXiMUje_GhknRYQUQ\/pr:1000x1000\/aHR0cDovL21lZGlhMi5kZXNpZ25wYXJ0bmVyLmZyL2MvcC8xODYzOS8xODYzOS0xNzE5LTEuanBn?v=1726746082"],"large":["https:\/\/media.th4.com\/VecjSmG3QbcXA0c-FGP6xQF07Zcdlc-000gS4HnpVsc\/pr:1920\/aHR0cDovL21lZGlhMi5kZXNpZ25wYXJ0bmVyLmZyL2MvcC8xODYzOS8xODYzOS0xNzE5LTEuanBn?v=1726746082"],"opengraph":["https:\/\/media.th4.com\/I23ho4Ve4BQJici4UrwDsbH96ydhKdSORIDplYIoLN4\/pr:1200x630\/aHR0cDovL21lZGlhMi5kZXNpZ25wYXJ0bmVyLmZyL2MvcC8xODYzOS8xODYzOS0xNzE5LTEuanBn?v=1726746082"]},"images_customization":{"miniature":["https:\/\/media.th4.com\/FZf6h-i_UxrqWDQLFzPThG7lwqKfUQtH6j7DbAsEnnI\/pr:80\/aHR0cDovL21lZGlhMi5kZXNpZ25wYXJ0bmVyLmZyL2MvcC8xODYzOS8xODYzOS0xNzE5LTEuanBn?v=1726746082"],"medium":["https:\/\/media.th4.com\/j_yRRBrifQ-7vIJI-3fGtljYP8yQjnCgvznyj_CyDEU\/pr:550x550\/aHR0cDovL21lZGlhMi5kZXNpZ25wYXJ0bmVyLmZyL2MvcC8xODYzOS8xODYzOS0xNzE5LTEuanBn?v=1726746082"],"medium_large":["https:\/\/media.th4.com\/A_CfcvzYi00XARN3RwvkYHptjfWXiMUje_GhknRYQUQ\/pr:1000x1000\/aHR0cDovL21lZGlhMi5kZXNpZ25wYXJ0bmVyLmZyL2MvcC8xODYzOS8xODYzOS0xNzE5LTEuanBn?v=1726746082"],"large":["https:\/\/media.th4.com\/VecjSmG3QbcXA0c-FGP6xQF07Zcdlc-000gS4HnpVsc\/pr:1920\/aHR0cDovL21lZGlhMi5kZXNpZ25wYXJ0bmVyLmZyL2MvcC8xODYzOS8xODYzOS0xNzE5LTEuanBn?v=1726746082"],"opengraph":["https:\/\/media.th4.com\/I23ho4Ve4BQJici4UrwDsbH96ydhKdSORIDplYIoLN4\/pr:1200x630\/aHR0cDovL21lZGlhMi5kZXNpZ25wYXJ0bmVyLmZyL2MvcC8xODYzOS8xODYzOS0xNzE5LTEuanBn?v=1726746082"]},"country_origin":"CN","traceability":{"manufacturing_country_id":null,"weaving_country_id":null,"dyeing_country_id":null},"sizes":[{"id":1606,"article_id":476338,"class_id":0,"name":"3\/6ans","on_standby":false,"stock_local":0,"stock_global":444,"multiple":1,"estimated_date_reassort":null,"is_destocking":false},{"id":1607,"article_id":476339,"class_id":0,"name":"7\/10ans","on_standby":false,"stock_local":0,"stock_global":143,"multiple":1,"estimated_date_reassort":null,"is_destocking":false}],"page_links":{"fr":"\/fr\/p-pr-pr149-tablier-a-bavette-pour-enfant-pr149-18639\/dark-grey-1719\/","en":"\/en\/p-pr-pr149-childs-apron-with-bib-pr149-18639\/dark-grey-1719\/","de":"\/de\/p-pr-pr149-schurze-mit-schurze-fur-kinder-pr149-18639\/dark-grey-1719\/","nl":"\/nl\/p-pr-pr149-schort-met-kraag-voor-kind-pr149-18639\/dark-grey-1719\/","es":"\/es\/p-pr-pr149-delantal-con-babero-para-nino-pr149-18639\/dark-grey-1719\/","it":"\/it\/p-pr-pr149-grembiule-con-bavetta-per-bambino-pr149-18639\/dark-grey-1719\/","sv":"\/sv\/p-pr-pr149-barnforklade-med-skorta-pr149-18639\/dark-grey-1719\/","pt":"\/pt\/p-pr-pr149-avental-com-babador-para-crianca-pr149-18639\/dark-grey-1719\/","da":"\/da\/p-pr-pr149-borneforklaede-med-skort-pr149-18639\/dark-grey-1719\/","pl":"\/pl\/p-pr-pr149-fartuch-dla-dziecka-z-kapturem-pr149-18639\/dark-grey-1719\/"},"page_links_customization":{"fr":"\/fr\/p-pr-pr149-tablier-enfant-coton-polyester-personnalisation-pr149-18639\/dark-grey-1719\/custom\/","en":"\/en\/p-pr-pr149-child-apron-cotton-polyester-customization-pr149-18639\/dark-grey-1719\/custom\/","de":"\/de\/p-pr-pr149-kinder-schurze-aus-baumwolle-polyester-personalisierung-pr149-18639\/dark-grey-1719\/custom\/","nl":"\/nl\/p-pr-pr149-kindertabbertje-katoen-polyester-personalisatie-pr149-18639\/dark-grey-1719\/custom\/","es":"\/es\/p-pr-pr149-delantal-infantil-de-algodon-poliester-personalizacion-pr149-18639\/dark-grey-1719\/custom\/","it":"\/it\/p-pr-pr149-grembiule-bambino-cotone-poliestere-personalizzazione-pr149-18639\/dark-grey-1719\/custom\/","sv":"\/sv\/p-pr-pr149-barnlar-i-bomull-och-polyester-personliggoring-pr149-18639\/dark-grey-1719\/custom\/","pt":"\/pt\/p-pr-pr149-avental-infantil-algodao-poliester-personalizacao-pr149-18639\/dark-grey-1719\/custom\/","da":"\/da\/p-pr-pr149-bornetablet-af-bomuld-polyester-personalisering-pr149-18639\/dark-grey-1719\/custom\/","pl":"\/pl\/p-pr-pr149-fartuch-dzieciecy-z-bawelny-i-poliestru-personalizacja-pr149-18639\/dark-grey-1719\/custom\/"}},{"id":1677,"name":"black","class_ids":[4],"codes_hexa":["1a1a18"],"delai_24":false,"has_3d":false,"seuil_global":0,"stock_local":0,"stock_global":450,"on_standby":false,"in_catalog":true,"images":{"miniature":["https:\/\/media.th4.com\/fPp64ifyYLVzvxJ3HZ4GIntY5C3g_ji4IuqmwBIISHg\/pr:80\/aHR0cDovL21lZGlhMi5kZXNpZ25wYXJ0bmVyLmZyL2MvcC8xODYzOS8xODYzOS0xNjc3LTEuanBn?v=1726746080"],"medium":["https:\/\/media.th4.com\/Vav2AjYpiWl78Qezhdu7Knpg4p_GlGbRakJD90rgFf4\/pr:550x550\/aHR0cDovL21lZGlhMi5kZXNpZ25wYXJ0bmVyLmZyL2MvcC8xODYzOS8xODYzOS0xNjc3LTEuanBn?v=1726746080"],"medium_large":["https:\/\/media.th4.com\/KdpZjm6wP6lZWQiNjbH53bOWSbehPL8nfgYXu8EANOs\/pr:1000x1000\/aHR0cDovL21lZGlhMi5kZXNpZ25wYXJ0bmVyLmZyL2MvcC8xODYzOS8xODYzOS0xNjc3LTEuanBn?v=1726746080"],"large":["https:\/\/media.th4.com\/UP0RL5veNpCxJmQvv7ENJXicQNoiMpmtdmcw1Pg90yw\/pr:1920\/aHR0cDovL21lZGlhMi5kZXNpZ25wYXJ0bmVyLmZyL2MvcC8xODYzOS8xODYzOS0xNjc3LTEuanBn?v=1726746080"],"opengraph":["https:\/\/media.th4.com\/yl3Lp75N003xQ6YCPebzZdexwyPVXtkV0KkWUtp0MeQ\/pr:1200x630\/aHR0cDovL21lZGlhMi5kZXNpZ25wYXJ0bmVyLmZyL2MvcC8xODYzOS8xODYzOS0xNjc3LTEuanBn?v=1726746080"]},"images_customization":{"miniature":["https:\/\/media.th4.com\/fPp64ifyYLVzvxJ3HZ4GIntY5C3g_ji4IuqmwBIISHg\/pr:80\/aHR0cDovL21lZGlhMi5kZXNpZ25wYXJ0bmVyLmZyL2MvcC8xODYzOS8xODYzOS0xNjc3LTEuanBn?v=1726746080"],"medium":["https:\/\/media.th4.com\/Vav2AjYpiWl78Qezhdu7Knpg4p_GlGbRakJD90rgFf4\/pr:550x550\/aHR0cDovL21lZGlhMi5kZXNpZ25wYXJ0bmVyLmZyL2MvcC8xODYzOS8xODYzOS0xNjc3LTEuanBn?v=1726746080"],"medium_large":["https:\/\/media.th4.com\/KdpZjm6wP6lZWQiNjbH53bOWSbehPL8nfgYXu8EANOs\/pr:1000x1000\/aHR0cDovL21lZGlhMi5kZXNpZ25wYXJ0bmVyLmZyL2MvcC8xODYzOS8xODYzOS0xNjc3LTEuanBn?v=1726746080"],"large":["https:\/\/media.th4.com\/UP0RL5veNpCxJmQvv7ENJXicQNoiMpmtdmcw1Pg90yw\/pr:1920\/aHR0cDovL21lZGlhMi5kZXNpZ25wYXJ0bmVyLmZyL2MvcC8xODYzOS8xODYzOS0xNjc3LTEuanBn?v=1726746080"],"opengraph":["https:\/\/media.th4.com\/yl3Lp75N003xQ6YCPebzZdexwyPVXtkV0KkWUtp0MeQ\/pr:1200x630\/aHR0cDovL21lZGlhMi5kZXNpZ25wYXJ0bmVyLmZyL2MvcC8xODYzOS8xODYzOS0xNjc3LTEuanBn?v=1726746080"]},"country_origin":"CN","traceability":{"manufacturing_country_id":null,"weaving_country_id":null,"dyeing_country_id":null},"sizes":[{"id":1606,"article_id":476322,"class_id":0,"name":"3\/6ans","on_standby":false,"stock_local":0,"stock_global":169,"multiple":1,"estimated_date_reassort":null,"is_destocking":false},{"id":1607,"article_id":476323,"class_id":0,"name":"7\/10ans","on_standby":false,"stock_local":0,"stock_global":281,"multiple":1,"estimated_date_reassort":null,"is_destocking":false}],"page_links":{"fr":"\/fr\/p-pr-pr149-tablier-a-bavette-pour-enfant-pr149-18639\/black-1677\/","en":"\/en\/p-pr-pr149-childs-apron-with-bib-pr149-18639\/black-1677\/","de":"\/de\/p-pr-pr149-schurze-mit-schurze-fur-kinder-pr149-18639\/black-1677\/","nl":"\/nl\/p-pr-pr149-schort-met-kraag-voor-kind-pr149-18639\/black-1677\/","es":"\/es\/p-pr-pr149-delantal-con-babero-para-nino-pr149-18639\/black-1677\/","it":"\/it\/p-pr-pr149-grembiule-con-bavetta-per-bambino-pr149-18639\/black-1677\/","sv":"\/sv\/p-pr-pr149-barnforklade-med-skorta-pr149-18639\/black-1677\/","pt":"\/pt\/p-pr-pr149-avental-com-babador-para-crianca-pr149-18639\/black-1677\/","da":"\/da\/p-pr-pr149-borneforklaede-med-skort-pr149-18639\/black-1677\/","pl":"\/pl\/p-pr-pr149-fartuch-dla-dziecka-z-kapturem-pr149-18639\/black-1677\/"},"page_links_customization":{"fr":"\/fr\/p-pr-pr149-tablier-enfant-coton-polyester-personnalisation-pr149-18639\/black-1677\/custom\/","en":"\/en\/p-pr-pr149-child-apron-cotton-polyester-customization-pr149-18639\/black-1677\/custom\/","de":"\/de\/p-pr-pr149-kinder-schurze-aus-baumwolle-polyester-personalisierung-pr149-18639\/black-1677\/custom\/","nl":"\/nl\/p-pr-pr149-kindertabbertje-katoen-polyester-personalisatie-pr149-18639\/black-1677\/custom\/","es":"\/es\/p-pr-pr149-delantal-infantil-de-algodon-poliester-personalizacion-pr149-18639\/black-1677\/custom\/","it":"\/it\/p-pr-pr149-grembiule-bambino-cotone-poliestere-personalizzazione-pr149-18639\/black-1677\/custom\/","sv":"\/sv\/p-pr-pr149-barnlar-i-bomull-och-polyester-personliggoring-pr149-18639\/black-1677\/custom\/","pt":"\/pt\/p-pr-pr149-avental-infantil-algodao-poliester-personalizacao-pr149-18639\/black-1677\/custom\/","da":"\/da\/p-pr-pr149-bornetablet-af-bomuld-polyester-personalisering-pr149-18639\/black-1677\/custom\/","pl":"\/pl\/p-pr-pr149-fartuch-dzieciecy-z-bawelny-i-poliestru-personalizacja-pr149-18639\/black-1677\/custom\/"}},{"id":1695,"name":"white","class_ids":[1],"codes_hexa":["FFFFFF"],"delai_24":false,"has_3d":false,"seuil_global":0,"stock_local":0,"stock_global":422,"on_standby":false,"in_catalog":true,"images":{"miniature":["https:\/\/media.th4.com\/4sxIHi5MrVYgMcDetyfiWDuYXH0DepXCUP95ZUCzTXI\/pr:80\/aHR0cDovL21lZGlhMi5kZXNpZ25wYXJ0bmVyLmZyL2MvcC8xODYzOS8xODYzOS0xNjk1LTEuanBn?v=1726746081"],"medium":["https:\/\/media.th4.com\/XwQyF1xOgh1rZxPYVoGElt9DwypRLBTyMdeftTKG99w\/pr:550x550\/aHR0cDovL21lZGlhMi5kZXNpZ25wYXJ0bmVyLmZyL2MvcC8xODYzOS8xODYzOS0xNjk1LTEuanBn?v=1726746081"],"medium_large":["https:\/\/media.th4.com\/b8aLJhtAMGLjp-xxpCmzRsx48UaB4osOiuY8kl4l6LI\/pr:1000x1000\/aHR0cDovL21lZGlhMi5kZXNpZ25wYXJ0bmVyLmZyL2MvcC8xODYzOS8xODYzOS0xNjk1LTEuanBn?v=1726746081"],"large":["https:\/\/media.th4.com\/oER7tBqqnCD3nKhi7oj7PA_DP6kDXvnH_2VgjZ44mgE\/pr:1920\/aHR0cDovL21lZGlhMi5kZXNpZ25wYXJ0bmVyLmZyL2MvcC8xODYzOS8xODYzOS0xNjk1LTEuanBn?v=1726746081"],"opengraph":["https:\/\/media.th4.com\/5l5gDjGxOMvFzQDvHI4B9Ss5acQRcWodl_AVn4Xku_Y\/pr:1200x630\/aHR0cDovL21lZGlhMi5kZXNpZ25wYXJ0bmVyLmZyL2MvcC8xODYzOS8xODYzOS0xNjk1LTEuanBn?v=1726746081"]},"images_customization":{"miniature":["https:\/\/media.th4.com\/4sxIHi5MrVYgMcDetyfiWDuYXH0DepXCUP95ZUCzTXI\/pr:80\/aHR0cDovL21lZGlhMi5kZXNpZ25wYXJ0bmVyLmZyL2MvcC8xODYzOS8xODYzOS0xNjk1LTEuanBn?v=1726746081"],"medium":["https:\/\/media.th4.com\/XwQyF1xOgh1rZxPYVoGElt9DwypRLBTyMdeftTKG99w\/pr:550x550\/aHR0cDovL21lZGlhMi5kZXNpZ25wYXJ0bmVyLmZyL2MvcC8xODYzOS8xODYzOS0xNjk1LTEuanBn?v=1726746081"],"medium_large":["https:\/\/media.th4.com\/b8aLJhtAMGLjp-xxpCmzRsx48UaB4osOiuY8kl4l6LI\/pr:1000x1000\/aHR0cDovL21lZGlhMi5kZXNpZ25wYXJ0bmVyLmZyL2MvcC8xODYzOS8xODYzOS0xNjk1LTEuanBn?v=1726746081"],"large":["https:\/\/media.th4.com\/oER7tBqqnCD3nKhi7oj7PA_DP6kDXvnH_2VgjZ44mgE\/pr:1920\/aHR0cDovL21lZGlhMi5kZXNpZ25wYXJ0bmVyLmZyL2MvcC8xODYzOS8xODYzOS0xNjk1LTEuanBn?v=1726746081"],"opengraph":["https:\/\/media.th4.com\/5l5gDjGxOMvFzQDvHI4B9Ss5acQRcWodl_AVn4Xku_Y\/pr:1200x630\/aHR0cDovL21lZGlhMi5kZXNpZ25wYXJ0bmVyLmZyL2MvcC8xODYzOS8xODYzOS0xNjk1LTEuanBn?v=1726746081"]},"country_origin":"CN","traceability":{"manufacturing_country_id":null,"weaving_country_id":null,"dyeing_country_id":null},"sizes":[{"id":1606,"article_id":476324,"class_id":0,"name":"3\/6ans","on_standby":false,"stock_local":0,"stock_global":355,"multiple":1,"estimated_date_reassort":null,"is_destocking":false},{"id":1607,"article_id":476325,"class_id":0,"name":"7\/10ans","on_standby":false,"stock_local":0,"stock_global":67,"multiple":1,"estimated_date_reassort":null,"is_destocking":false}],"page_links":{"fr":"\/fr\/p-pr-pr149-tablier-a-bavette-pour-enfant-pr149-18639\/white-1695\/","en":"\/en\/p-pr-pr149-childs-apron-with-bib-pr149-18639\/white-1695\/","de":"\/de\/p-pr-pr149-schurze-mit-schurze-fur-kinder-pr149-18639\/white-1695\/","nl":"\/nl\/p-pr-pr149-schort-met-kraag-voor-kind-pr149-18639\/white-1695\/","es":"\/es\/p-pr-pr149-delantal-con-babero-para-nino-pr149-18639\/white-1695\/","it":"\/it\/p-pr-pr149-grembiule-con-bavetta-per-bambino-pr149-18639\/white-1695\/","sv":"\/sv\/p-pr-pr149-barnforklade-med-skorta-pr149-18639\/white-1695\/","pt":"\/pt\/p-pr-pr149-avental-com-babador-para-crianca-pr149-18639\/white-1695\/","da":"\/da\/p-pr-pr149-borneforklaede-med-skort-pr149-18639\/white-1695\/","pl":"\/pl\/p-pr-pr149-fartuch-dla-dziecka-z-kapturem-pr149-18639\/white-1695\/"},"page_links_customization":{"fr":"\/fr\/p-pr-pr149-tablier-enfant-coton-polyester-personnalisation-pr149-18639\/white-1695\/custom\/","en":"\/en\/p-pr-pr149-child-apron-cotton-polyester-customization-pr149-18639\/white-1695\/custom\/","de":"\/de\/p-pr-pr149-kinder-schurze-aus-baumwolle-polyester-personalisierung-pr149-18639\/white-1695\/custom\/","nl":"\/nl\/p-pr-pr149-kindertabbertje-katoen-polyester-personalisatie-pr149-18639\/white-1695\/custom\/","es":"\/es\/p-pr-pr149-delantal-infantil-de-algodon-poliester-personalizacion-pr149-18639\/white-1695\/custom\/","it":"\/it\/p-pr-pr149-grembiule-bambino-cotone-poliestere-personalizzazione-pr149-18639\/white-1695\/custom\/","sv":"\/sv\/p-pr-pr149-barnlar-i-bomull-och-polyester-personliggoring-pr149-18639\/white-1695\/custom\/","pt":"\/pt\/p-pr-pr149-avental-infantil-algodao-poliester-personalizacao-pr149-18639\/white-1695\/custom\/","da":"\/da\/p-pr-pr149-bornetablet-af-bomuld-polyester-personalisering-pr149-18639\/white-1695\/custom\/","pl":"\/pl\/p-pr-pr149-fartuch-dzieciecy-z-bawelny-i-poliestru-personalizacja-pr149-18639\/white-1695\/custom\/"}},{"id":1692,"name":"purple","class_ids":[10],"codes_hexa":["5d4078"],"delai_24":false,"has_3d":false,"seuil_global":0,"stock_local":0,"stock_global":391,"on_standby":false,"in_catalog":true,"images":{"miniature":["https:\/\/media.th4.com\/teHYKheIEJo4_4Z9YRw2KcACQQdS7ZorSernBB8mrpo\/pr:80\/aHR0cDovL21lZGlhMi5kZXNpZ25wYXJ0bmVyLmZyL2MvcC8xODYzOS8xODYzOS0xNjkyLTEuanBn?v=1726746081"],"medium":["https:\/\/media.th4.com\/5WrpPnrW9IGwu6EEuiZ6P6t3g3-v0oAeQsjZlRLYft8\/pr:550x550\/aHR0cDovL21lZGlhMi5kZXNpZ25wYXJ0bmVyLmZyL2MvcC8xODYzOS8xODYzOS0xNjkyLTEuanBn?v=1726746081"],"medium_large":["https:\/\/media.th4.com\/JgDLfs4brplg-vilWnhRK8QQ5kilCdDh3w-HxsozbUA\/pr:1000x1000\/aHR0cDovL21lZGlhMi5kZXNpZ25wYXJ0bmVyLmZyL2MvcC8xODYzOS8xODYzOS0xNjkyLTEuanBn?v=1726746081"],"large":["https:\/\/media.th4.com\/VDqQldz4Knnwe_utuItK6gW88CEnqNnDyDtM_4avNVk\/pr:1920\/aHR0cDovL21lZGlhMi5kZXNpZ25wYXJ0bmVyLmZyL2MvcC8xODYzOS8xODYzOS0xNjkyLTEuanBn?v=1726746081"],"opengraph":["https:\/\/media.th4.com\/oh8u_v9iUbCfOsYL7vTvYANi16H14Jo1jw9Pyjnr6Lg\/pr:1200x630\/aHR0cDovL21lZGlhMi5kZXNpZ25wYXJ0bmVyLmZyL2MvcC8xODYzOS8xODYzOS0xNjkyLTEuanBn?v=1726746081"]},"images_customization":{"miniature":["https:\/\/media.th4.com\/teHYKheIEJo4_4Z9YRw2KcACQQdS7ZorSernBB8mrpo\/pr:80\/aHR0cDovL21lZGlhMi5kZXNpZ25wYXJ0bmVyLmZyL2MvcC8xODYzOS8xODYzOS0xNjkyLTEuanBn?v=1726746081"],"medium":["https:\/\/media.th4.com\/5WrpPnrW9IGwu6EEuiZ6P6t3g3-v0oAeQsjZlRLYft8\/pr:550x550\/aHR0cDovL21lZGlhMi5kZXNpZ25wYXJ0bmVyLmZyL2MvcC8xODYzOS8xODYzOS0xNjkyLTEuanBn?v=1726746081"],"medium_large":["https:\/\/media.th4.com\/JgDLfs4brplg-vilWnhRK8QQ5kilCdDh3w-HxsozbUA\/pr:1000x1000\/aHR0cDovL21lZGlhMi5kZXNpZ25wYXJ0bmVyLmZyL2MvcC8xODYzOS8xODYzOS0xNjkyLTEuanBn?v=1726746081"],"large":["https:\/\/media.th4.com\/VDqQldz4Knnwe_utuItK6gW88CEnqNnDyDtM_4avNVk\/pr:1920\/aHR0cDovL21lZGlhMi5kZXNpZ25wYXJ0bmVyLmZyL2MvcC8xODYzOS8xODYzOS0xNjkyLTEuanBn?v=1726746081"],"opengraph":["https:\/\/media.th4.com\/oh8u_v9iUbCfOsYL7vTvYANi16H14Jo1jw9Pyjnr6Lg\/pr:1200x630\/aHR0cDovL21lZGlhMi5kZXNpZ25wYXJ0bmVyLmZyL2MvcC8xODYzOS8xODYzOS0xNjkyLTEuanBn?v=1726746081"]},"country_origin":"CN","traceability":{"manufacturing_country_id":null,"weaving_country_id":null,"dyeing_country_id":null},"sizes":[{"id":1606,"article_id":476342,"class_id":0,"name":"3\/6ans","on_standby":false,"stock_local":0,"stock_global":236,"multiple":1,"estimated_date_reassort":null,"is_destocking":false},{"id":1607,"article_id":476343,"class_id":0,"name":"7\/10ans","on_standby":false,"stock_local":0,"stock_global":155,"multiple":1,"estimated_date_reassort":null,"is_destocking":false}],"page_links":{"fr":"\/fr\/p-pr-pr149-tablier-a-bavette-pour-enfant-pr149-18639\/purple-1692\/","en":"\/en\/p-pr-pr149-childs-apron-with-bib-pr149-18639\/purple-1692\/","de":"\/de\/p-pr-pr149-schurze-mit-schurze-fur-kinder-pr149-18639\/purple-1692\/","nl":"\/nl\/p-pr-pr149-schort-met-kraag-voor-kind-pr149-18639\/purple-1692\/","es":"\/es\/p-pr-pr149-delantal-con-babero-para-nino-pr149-18639\/purple-1692\/","it":"\/it\/p-pr-pr149-grembiule-con-bavetta-per-bambino-pr149-18639\/purple-1692\/","sv":"\/sv\/p-pr-pr149-barnforklade-med-skorta-pr149-18639\/purple-1692\/","pt":"\/pt\/p-pr-pr149-avental-com-babador-para-crianca-pr149-18639\/purple-1692\/","da":"\/da\/p-pr-pr149-borneforklaede-med-skort-pr149-18639\/purple-1692\/","pl":"\/pl\/p-pr-pr149-fartuch-dla-dziecka-z-kapturem-pr149-18639\/purple-1692\/"},"page_links_customization":{"fr":"\/fr\/p-pr-pr149-tablier-enfant-coton-polyester-personnalisation-pr149-18639\/purple-1692\/custom\/","en":"\/en\/p-pr-pr149-child-apron-cotton-polyester-customization-pr149-18639\/purple-1692\/custom\/","de":"\/de\/p-pr-pr149-kinder-schurze-aus-baumwolle-polyester-personalisierung-pr149-18639\/purple-1692\/custom\/","nl":"\/nl\/p-pr-pr149-kindertabbertje-katoen-polyester-personalisatie-pr149-18639\/purple-1692\/custom\/","es":"\/es\/p-pr-pr149-delantal-infantil-de-algodon-poliester-personalizacion-pr149-18639\/purple-1692\/custom\/","it":"\/it\/p-pr-pr149-grembiule-bambino-cotone-poliestere-personalizzazione-pr149-18639\/purple-1692\/custom\/","sv":"\/sv\/p-pr-pr149-barnlar-i-bomull-och-polyester-personliggoring-pr149-18639\/purple-1692\/custom\/","pt":"\/pt\/p-pr-pr149-avental-infantil-algodao-poliester-personalizacao-pr149-18639\/purple-1692\/custom\/","da":"\/da\/p-pr-pr149-bornetablet-af-bomuld-polyester-personalisering-pr149-18639\/purple-1692\/custom\/","pl":"\/pl\/p-pr-pr149-fartuch-dzieciecy-z-bawelny-i-poliestru-personalizacja-pr149-18639\/purple-1692\/custom\/"}},{"id":3500,"name":"hot_pink","class_ids":[7],"codes_hexa":["e7cee4"],"delai_24":false,"has_3d":false,"seuil_global":0,"stock_local":0,"stock_global":377,"on_standby":false,"in_catalog":true,"images":{"miniature":["https:\/\/media.th4.com\/twBR4A9Cm0azAq54NaCdYwbIFF1RzIs1B-sSn6noQSg\/pr:80\/aHR0cDovL21lZGlhMi5kZXNpZ25wYXJ0bmVyLmZyL2MvcC8xODYzOS8xODYzOS0zNTAwLTEuanBn?v=1726746083"],"medium":["https:\/\/media.th4.com\/RTe6HTOVZW2oqolzr8GBt9eubfK5kIaHR0wPykVx76w\/pr:550x550\/aHR0cDovL21lZGlhMi5kZXNpZ25wYXJ0bmVyLmZyL2MvcC8xODYzOS8xODYzOS0zNTAwLTEuanBn?v=1726746083"],"medium_large":["https:\/\/media.th4.com\/cRLc8szoXxiv3TM-mbBSwDAtYZ0VqbsU_ahyhwnT8hw\/pr:1000x1000\/aHR0cDovL21lZGlhMi5kZXNpZ25wYXJ0bmVyLmZyL2MvcC8xODYzOS8xODYzOS0zNTAwLTEuanBn?v=1726746083"],"large":["https:\/\/media.th4.com\/9_hHsWFnC5wSoWQ2-595ke1MB-EN2MITMYa76H64W94\/pr:1920\/aHR0cDovL21lZGlhMi5kZXNpZ25wYXJ0bmVyLmZyL2MvcC8xODYzOS8xODYzOS0zNTAwLTEuanBn?v=1726746083"],"opengraph":["https:\/\/media.th4.com\/SOinQ1cBM31jAw5PjpneIyeJTgCjAS_oy6fXRJylzaQ\/pr:1200x630\/aHR0cDovL21lZGlhMi5kZXNpZ25wYXJ0bmVyLmZyL2MvcC8xODYzOS8xODYzOS0zNTAwLTEuanBn?v=1726746083"]},"images_customization":{"miniature":["https:\/\/media.th4.com\/twBR4A9Cm0azAq54NaCdYwbIFF1RzIs1B-sSn6noQSg\/pr:80\/aHR0cDovL21lZGlhMi5kZXNpZ25wYXJ0bmVyLmZyL2MvcC8xODYzOS8xODYzOS0zNTAwLTEuanBn?v=1726746083"],"medium":["https:\/\/media.th4.com\/RTe6HTOVZW2oqolzr8GBt9eubfK5kIaHR0wPykVx76w\/pr:550x550\/aHR0cDovL21lZGlhMi5kZXNpZ25wYXJ0bmVyLmZyL2MvcC8xODYzOS8xODYzOS0zNTAwLTEuanBn?v=1726746083"],"medium_large":["https:\/\/media.th4.com\/cRLc8szoXxiv3TM-mbBSwDAtYZ0VqbsU_ahyhwnT8hw\/pr:1000x1000\/aHR0cDovL21lZGlhMi5kZXNpZ25wYXJ0bmVyLmZyL2MvcC8xODYzOS8xODYzOS0zNTAwLTEuanBn?v=1726746083"],"large":["https:\/\/media.th4.com\/9_hHsWFnC5wSoWQ2-595ke1MB-EN2MITMYa76H64W94\/pr:1920\/aHR0cDovL21lZGlhMi5kZXNpZ25wYXJ0bmVyLmZyL2MvcC8xODYzOS8xODYzOS0zNTAwLTEuanBn?v=1726746083"],"opengraph":["https:\/\/media.th4.com\/SOinQ1cBM31jAw5PjpneIyeJTgCjAS_oy6fXRJylzaQ\/pr:1200x630\/aHR0cDovL21lZGlhMi5kZXNpZ25wYXJ0bmVyLmZyL2MvcC8xODYzOS8xODYzOS0zNTAwLTEuanBn?v=1726746083"]},"country_origin":"CN","traceability":{"manufacturing_country_id":null,"weaving_country_id":null,"dyeing_country_id":null},"sizes":[{"id":1606,"article_id":476332,"class_id":0,"name":"3\/6ans","on_standby":false,"stock_local":0,"stock_global":175,"multiple":1,"estimated_date_reassort":null,"is_destocking":false},{"id":1607,"article_id":476333,"class_id":0,"name":"7\/10ans","on_standby":false,"stock_local":0,"stock_global":202,"multiple":1,"estimated_date_reassort":null,"is_destocking":false}],"page_links":{"fr":"\/fr\/p-pr-pr149-tablier-a-bavette-pour-enfant-pr149-18639\/hot-pink-3500\/","en":"\/en\/p-pr-pr149-childs-apron-with-bib-pr149-18639\/hot-pink-3500\/","de":"\/de\/p-pr-pr149-schurze-mit-schurze-fur-kinder-pr149-18639\/hot-pink-3500\/","nl":"\/nl\/p-pr-pr149-schort-met-kraag-voor-kind-pr149-18639\/hot-pink-3500\/","es":"\/es\/p-pr-pr149-delantal-con-babero-para-nino-pr149-18639\/hot-pink-3500\/","it":"\/it\/p-pr-pr149-grembiule-con-bavetta-per-bambino-pr149-18639\/hot-pink-3500\/","sv":"\/sv\/p-pr-pr149-barnforklade-med-skorta-pr149-18639\/hot-pink-3500\/","pt":"\/pt\/p-pr-pr149-avental-com-babador-para-crianca-pr149-18639\/hot-pink-3500\/","da":"\/da\/p-pr-pr149-borneforklaede-med-skort-pr149-18639\/hot-pink-3500\/","pl":"\/pl\/p-pr-pr149-fartuch-dla-dziecka-z-kapturem-pr149-18639\/hot-pink-3500\/"},"page_links_customization":{"fr":"\/fr\/p-pr-pr149-tablier-enfant-coton-polyester-personnalisation-pr149-18639\/hot-pink-3500\/custom\/","en":"\/en\/p-pr-pr149-child-apron-cotton-polyester-customization-pr149-18639\/hot-pink-3500\/custom\/","de":"\/de\/p-pr-pr149-kinder-schurze-aus-baumwolle-polyester-personalisierung-pr149-18639\/hot-pink-3500\/custom\/","nl":"\/nl\/p-pr-pr149-kindertabbertje-katoen-polyester-personalisatie-pr149-18639\/hot-pink-3500\/custom\/","es":"\/es\/p-pr-pr149-delantal-infantil-de-algodon-poliester-personalizacion-pr149-18639\/hot-pink-3500\/custom\/","it":"\/it\/p-pr-pr149-grembiule-bambino-cotone-poliestere-personalizzazione-pr149-18639\/hot-pink-3500\/custom\/","sv":"\/sv\/p-pr-pr149-barnlar-i-bomull-och-polyester-personliggoring-pr149-18639\/hot-pink-3500\/custom\/","pt":"\/pt\/p-pr-pr149-avental-infantil-algodao-poliester-personalizacao-pr149-18639\/hot-pink-3500\/custom\/","da":"\/da\/p-pr-pr149-bornetablet-af-bomuld-polyester-personalisering-pr149-18639\/hot-pink-3500\/custom\/","pl":"\/pl\/p-pr-pr149-fartuch-dzieciecy-z-bawelny-i-poliestru-personalizacja-pr149-18639\/hot-pink-3500\/custom\/"}},{"id":1693,"name":"red","class_ids":[6],"codes_hexa":["dc0210"],"delai_24":false,"has_3d":false,"seuil_global":0,"stock_local":0,"stock_global":361,"on_standby":false,"in_catalog":true,"images":{"miniature":["https:\/\/media.th4.com\/0MX_-aJR1mzcSAwKsPmyTsP6LH2tmWyHReD3-R2Erps\/pr:80\/aHR0cDovL21lZGlhMi5kZXNpZ25wYXJ0bmVyLmZyL2MvcC8xODYzOS8xODYzOS0xNjkzLTEuanBn?v=1726746081"],"medium":["https:\/\/media.th4.com\/H2yPFs8ritz1sFf5Qerbys5M_TWQwGfSFCHdkas5Rao\/pr:550x550\/aHR0cDovL21lZGlhMi5kZXNpZ25wYXJ0bmVyLmZyL2MvcC8xODYzOS8xODYzOS0xNjkzLTEuanBn?v=1726746081"],"medium_large":["https:\/\/media.th4.com\/mflM-Cxrklf2OMhn-N1yzS9xmZsnq2e5ii1lRfpKn04\/pr:1000x1000\/aHR0cDovL21lZGlhMi5kZXNpZ25wYXJ0bmVyLmZyL2MvcC8xODYzOS8xODYzOS0xNjkzLTEuanBn?v=1726746081"],"large":["https:\/\/media.th4.com\/-sH0yTC_uLEmtE4dr8tFgl8jCj0BjHRQegsJHwY82_4\/pr:1920\/aHR0cDovL21lZGlhMi5kZXNpZ25wYXJ0bmVyLmZyL2MvcC8xODYzOS8xODYzOS0xNjkzLTEuanBn?v=1726746081"],"opengraph":["https:\/\/media.th4.com\/YuEX2Wmp5LR2w3BybQGoN4nu4RNUCjI9ZOv8jh-e3N4\/pr:1200x630\/aHR0cDovL21lZGlhMi5kZXNpZ25wYXJ0bmVyLmZyL2MvcC8xODYzOS8xODYzOS0xNjkzLTEuanBn?v=1726746081"]},"images_customization":{"miniature":["https:\/\/media.th4.com\/0MX_-aJR1mzcSAwKsPmyTsP6LH2tmWyHReD3-R2Erps\/pr:80\/aHR0cDovL21lZGlhMi5kZXNpZ25wYXJ0bmVyLmZyL2MvcC8xODYzOS8xODYzOS0xNjkzLTEuanBn?v=1726746081"],"medium":["https:\/\/media.th4.com\/H2yPFs8ritz1sFf5Qerbys5M_TWQwGfSFCHdkas5Rao\/pr:550x550\/aHR0cDovL21lZGlhMi5kZXNpZ25wYXJ0bmVyLmZyL2MvcC8xODYzOS8xODYzOS0xNjkzLTEuanBn?v=1726746081"],"medium_large":["https:\/\/media.th4.com\/mflM-Cxrklf2OMhn-N1yzS9xmZsnq2e5ii1lRfpKn04\/pr:1000x1000\/aHR0cDovL21lZGlhMi5kZXNpZ25wYXJ0bmVyLmZyL2MvcC8xODYzOS8xODYzOS0xNjkzLTEuanBn?v=1726746081"],"large":["https:\/\/media.th4.com\/-sH0yTC_uLEmtE4dr8tFgl8jCj0BjHRQegsJHwY82_4\/pr:1920\/aHR0cDovL21lZGlhMi5kZXNpZ25wYXJ0bmVyLmZyL2MvcC8xODYzOS8xODYzOS0xNjkzLTEuanBn?v=1726746081"],"opengraph":["https:\/\/media.th4.com\/YuEX2Wmp5LR2w3BybQGoN4nu4RNUCjI9ZOv8jh-e3N4\/pr:1200x630\/aHR0cDovL21lZGlhMi5kZXNpZ25wYXJ0bmVyLmZyL2MvcC8xODYzOS8xODYzOS0xNjkzLTEuanBn?v=1726746081"]},"country_origin":"CN","traceability":{"manufacturing_country_id":null,"weaving_country_id":null,"dyeing_country_id":null},"sizes":[{"id":1606,"article_id":476326,"class_id":0,"name":"3\/6ans","on_standby":false,"stock_local":0,"stock_global":123,"multiple":1,"estimated_date_reassort":null,"is_destocking":false},{"id":1607,"article_id":476327,"class_id":0,"name":"7\/10ans","on_standby":false,"stock_local":0,"stock_global":238,"multiple":1,"estimated_date_reassort":null,"is_destocking":false}],"page_links":{"fr":"\/fr\/p-pr-pr149-tablier-a-bavette-pour-enfant-pr149-18639\/red-1693\/","en":"\/en\/p-pr-pr149-childs-apron-with-bib-pr149-18639\/red-1693\/","de":"\/de\/p-pr-pr149-schurze-mit-schurze-fur-kinder-pr149-18639\/red-1693\/","nl":"\/nl\/p-pr-pr149-schort-met-kraag-voor-kind-pr149-18639\/red-1693\/","es":"\/es\/p-pr-pr149-delantal-con-babero-para-nino-pr149-18639\/red-1693\/","it":"\/it\/p-pr-pr149-grembiule-con-bavetta-per-bambino-pr149-18639\/red-1693\/","sv":"\/sv\/p-pr-pr149-barnforklade-med-skorta-pr149-18639\/red-1693\/","pt":"\/pt\/p-pr-pr149-avental-com-babador-para-crianca-pr149-18639\/red-1693\/","da":"\/da\/p-pr-pr149-borneforklaede-med-skort-pr149-18639\/red-1693\/","pl":"\/pl\/p-pr-pr149-fartuch-dla-dziecka-z-kapturem-pr149-18639\/red-1693\/"},"page_links_customization":{"fr":"\/fr\/p-pr-pr149-tablier-enfant-coton-polyester-personnalisation-pr149-18639\/red-1693\/custom\/","en":"\/en\/p-pr-pr149-child-apron-cotton-polyester-customization-pr149-18639\/red-1693\/custom\/","de":"\/de\/p-pr-pr149-kinder-schurze-aus-baumwolle-polyester-personalisierung-pr149-18639\/red-1693\/custom\/","nl":"\/nl\/p-pr-pr149-kindertabbertje-katoen-polyester-personalisatie-pr149-18639\/red-1693\/custom\/","es":"\/es\/p-pr-pr149-delantal-infantil-de-algodon-poliester-personalizacion-pr149-18639\/red-1693\/custom\/","it":"\/it\/p-pr-pr149-grembiule-bambino-cotone-poliestere-personalizzazione-pr149-18639\/red-1693\/custom\/","sv":"\/sv\/p-pr-pr149-barnlar-i-bomull-och-polyester-personliggoring-pr149-18639\/red-1693\/custom\/","pt":"\/pt\/p-pr-pr149-avental-infantil-algodao-poliester-personalizacao-pr149-18639\/red-1693\/custom\/","da":"\/da\/p-pr-pr149-bornetablet-af-bomuld-polyester-personalisering-pr149-18639\/red-1693\/custom\/","pl":"\/pl\/p-pr-pr149-fartuch-dzieciecy-z-bawelny-i-poliestru-personalizacja-pr149-18639\/red-1693\/custom\/"}},{"id":1666,"name":"navy","class_ids":[2],"codes_hexa":["19286b"],"delai_24":false,"has_3d":false,"seuil_global":0,"stock_local":0,"stock_global":322,"on_standby":false,"in_catalog":true,"images":{"miniature":["https:\/\/media.th4.com\/ZK6cpNXlVazebyuvafMSN8p9pUag3zV2WlacBI1NQXg\/pr:80\/aHR0cDovL21lZGlhMi5kZXNpZ25wYXJ0bmVyLmZyL2MvcC8xODYzOS8xODYzOS0xNjY2LTEuanBn?v=1726746079"],"medium":["https:\/\/media.th4.com\/pJerPkaQaTAsLqov5dCQCRWX5k2Hno9vJUdGKtGu7Vo\/pr:550x550\/aHR0cDovL21lZGlhMi5kZXNpZ25wYXJ0bmVyLmZyL2MvcC8xODYzOS8xODYzOS0xNjY2LTEuanBn?v=1726746079"],"medium_large":["https:\/\/media.th4.com\/W0BhFvNWHJV_V3pdrK9ri4ZnBUrgx16keebRV4bJSHw\/pr:1000x1000\/aHR0cDovL21lZGlhMi5kZXNpZ25wYXJ0bmVyLmZyL2MvcC8xODYzOS8xODYzOS0xNjY2LTEuanBn?v=1726746079"],"large":["https:\/\/media.th4.com\/875RM-9B1U2L9Yu9OMLrkhsSWMIIMxo6Vdb2C_lzDjg\/pr:1920\/aHR0cDovL21lZGlhMi5kZXNpZ25wYXJ0bmVyLmZyL2MvcC8xODYzOS8xODYzOS0xNjY2LTEuanBn?v=1726746079"],"opengraph":["https:\/\/media.th4.com\/C-pahSQdoP-pCEQnFXj7UVpsnXyEGH311cUUO2075TE\/pr:1200x630\/aHR0cDovL21lZGlhMi5kZXNpZ25wYXJ0bmVyLmZyL2MvcC8xODYzOS8xODYzOS0xNjY2LTEuanBn?v=1726746079"]},"images_customization":{"miniature":["https:\/\/media.th4.com\/ZK6cpNXlVazebyuvafMSN8p9pUag3zV2WlacBI1NQXg\/pr:80\/aHR0cDovL21lZGlhMi5kZXNpZ25wYXJ0bmVyLmZyL2MvcC8xODYzOS8xODYzOS0xNjY2LTEuanBn?v=1726746079"],"medium":["https:\/\/media.th4.com\/pJerPkaQaTAsLqov5dCQCRWX5k2Hno9vJUdGKtGu7Vo\/pr:550x550\/aHR0cDovL21lZGlhMi5kZXNpZ25wYXJ0bmVyLmZyL2MvcC8xODYzOS8xODYzOS0xNjY2LTEuanBn?v=1726746079"],"medium_large":["https:\/\/media.th4.com\/W0BhFvNWHJV_V3pdrK9ri4ZnBUrgx16keebRV4bJSHw\/pr:1000x1000\/aHR0cDovL21lZGlhMi5kZXNpZ25wYXJ0bmVyLmZyL2MvcC8xODYzOS8xODYzOS0xNjY2LTEuanBn?v=1726746079"],"large":["https:\/\/media.th4.com\/875RM-9B1U2L9Yu9OMLrkhsSWMIIMxo6Vdb2C_lzDjg\/pr:1920\/aHR0cDovL21lZGlhMi5kZXNpZ25wYXJ0bmVyLmZyL2MvcC8xODYzOS8xODYzOS0xNjY2LTEuanBn?v=1726746079"],"opengraph":["https:\/\/media.th4.com\/C-pahSQdoP-pCEQnFXj7UVpsnXyEGH311cUUO2075TE\/pr:1200x630\/aHR0cDovL21lZGlhMi5kZXNpZ25wYXJ0bmVyLmZyL2MvcC8xODYzOS8xODYzOS0xNjY2LTEuanBn?v=1726746079"]},"country_origin":"CN","traceability":{"manufacturing_country_id":null,"weaving_country_id":null,"dyeing_country_id":null},"sizes":[{"id":1606,"article_id":476328,"class_id":0,"name":"3\/6ans","on_standby":false,"stock_local":0,"stock_global":169,"multiple":1,"estimated_date_reassort":null,"is_destocking":false},{"id":1607,"article_id":476329,"class_id":0,"name":"7\/10ans","on_standby":false,"stock_local":0,"stock_global":153,"multiple":1,"estimated_date_reassort":null,"is_destocking":false}],"page_links":{"fr":"\/fr\/p-pr-pr149-tablier-a-bavette-pour-enfant-pr149-18639\/navy-1666\/","en":"\/en\/p-pr-pr149-childs-apron-with-bib-pr149-18639\/navy-1666\/","de":"\/de\/p-pr-pr149-schurze-mit-schurze-fur-kinder-pr149-18639\/navy-1666\/","nl":"\/nl\/p-pr-pr149-schort-met-kraag-voor-kind-pr149-18639\/navy-1666\/","es":"\/es\/p-pr-pr149-delantal-con-babero-para-nino-pr149-18639\/navy-1666\/","it":"\/it\/p-pr-pr149-grembiule-con-bavetta-per-bambino-pr149-18639\/navy-1666\/","sv":"\/sv\/p-pr-pr149-barnforklade-med-skorta-pr149-18639\/navy-1666\/","pt":"\/pt\/p-pr-pr149-avental-com-babador-para-crianca-pr149-18639\/navy-1666\/","da":"\/da\/p-pr-pr149-borneforklaede-med-skort-pr149-18639\/navy-1666\/","pl":"\/pl\/p-pr-pr149-fartuch-dla-dziecka-z-kapturem-pr149-18639\/navy-1666\/"},"page_links_customization":{"fr":"\/fr\/p-pr-pr149-tablier-enfant-coton-polyester-personnalisation-pr149-18639\/navy-1666\/custom\/","en":"\/en\/p-pr-pr149-child-apron-cotton-polyester-customization-pr149-18639\/navy-1666\/custom\/","de":"\/de\/p-pr-pr149-kinder-schurze-aus-baumwolle-polyester-personalisierung-pr149-18639\/navy-1666\/custom\/","nl":"\/nl\/p-pr-pr149-kindertabbertje-katoen-polyester-personalisatie-pr149-18639\/navy-1666\/custom\/","es":"\/es\/p-pr-pr149-delantal-infantil-de-algodon-poliester-personalizacion-pr149-18639\/navy-1666\/custom\/","it":"\/it\/p-pr-pr149-grembiule-bambino-cotone-poliestere-personalizzazione-pr149-18639\/navy-1666\/custom\/","sv":"\/sv\/p-pr-pr149-barnlar-i-bomull-och-polyester-personliggoring-pr149-18639\/navy-1666\/custom\/","pt":"\/pt\/p-pr-pr149-avental-infantil-algodao-poliester-personalizacao-pr149-18639\/navy-1666\/custom\/","da":"\/da\/p-pr-pr149-bornetablet-af-bomuld-polyester-personalisering-pr149-18639\/navy-1666\/custom\/","pl":"\/pl\/p-pr-pr149-fartuch-dzieciecy-z-bawelny-i-poliestru-personalizacja-pr149-18639\/navy-1666\/custom\/"}},{"id":1694,"name":"turquoise","class_ids":[2],"codes_hexa":["00b3d1"],"delai_24":false,"has_3d":false,"seuil_global":0,"stock_local":0,"stock_global":268,"on_standby":false,"in_catalog":true,"images":{"miniature":["https:\/\/media.th4.com\/69hkvyh13QbxtY55yqWlVQBuiNCpRPrOkRiYFRXRYuk\/pr:80\/aHR0cDovL21lZGlhMi5kZXNpZ25wYXJ0bmVyLmZyL2MvcC8xODYzOS8xODYzOS0xNjk0LTEuanBn?v=1726746082"],"medium":["https:\/\/media.th4.com\/7vJ6byraATnBe033FPfOB8KlRXsYRoLM8KWSwJJu3JE\/pr:550x550\/aHR0cDovL21lZGlhMi5kZXNpZ25wYXJ0bmVyLmZyL2MvcC8xODYzOS8xODYzOS0xNjk0LTEuanBn?v=1726746082"],"medium_large":["https:\/\/media.th4.com\/ytE7GbOS5txKK8WmNMGAkR1jdqOP_Mh8SPlcOG1T2Ko\/pr:1000x1000\/aHR0cDovL21lZGlhMi5kZXNpZ25wYXJ0bmVyLmZyL2MvcC8xODYzOS8xODYzOS0xNjk0LTEuanBn?v=1726746082"],"large":["https:\/\/media.th4.com\/WydehYhWB_wJVu0sfY3fHflJpdgN-8G8uCkuoXRHRU8\/pr:1920\/aHR0cDovL21lZGlhMi5kZXNpZ25wYXJ0bmVyLmZyL2MvcC8xODYzOS8xODYzOS0xNjk0LTEuanBn?v=1726746082"],"opengraph":["https:\/\/media.th4.com\/_j0MsLGn244bOycZYCKb0kxv4ArrMefSIkn045U7zLQ\/pr:1200x630\/aHR0cDovL21lZGlhMi5kZXNpZ25wYXJ0bmVyLmZyL2MvcC8xODYzOS8xODYzOS0xNjk0LTEuanBn?v=1726746082"]},"images_customization":{"miniature":["https:\/\/media.th4.com\/69hkvyh13QbxtY55yqWlVQBuiNCpRPrOkRiYFRXRYuk\/pr:80\/aHR0cDovL21lZGlhMi5kZXNpZ25wYXJ0bmVyLmZyL2MvcC8xODYzOS8xODYzOS0xNjk0LTEuanBn?v=1726746082"],"medium":["https:\/\/media.th4.com\/7vJ6byraATnBe033FPfOB8KlRXsYRoLM8KWSwJJu3JE\/pr:550x550\/aHR0cDovL21lZGlhMi5kZXNpZ25wYXJ0bmVyLmZyL2MvcC8xODYzOS8xODYzOS0xNjk0LTEuanBn?v=1726746082"],"medium_large":["https:\/\/media.th4.com\/ytE7GbOS5txKK8WmNMGAkR1jdqOP_Mh8SPlcOG1T2Ko\/pr:1000x1000\/aHR0cDovL21lZGlhMi5kZXNpZ25wYXJ0bmVyLmZyL2MvcC8xODYzOS8xODYzOS0xNjk0LTEuanBn?v=1726746082"],"large":["https:\/\/media.th4.com\/WydehYhWB_wJVu0sfY3fHflJpdgN-8G8uCkuoXRHRU8\/pr:1920\/aHR0cDovL21lZGlhMi5kZXNpZ25wYXJ0bmVyLmZyL2MvcC8xODYzOS8xODYzOS0xNjk0LTEuanBn?v=1726746082"],"opengraph":["https:\/\/media.th4.com\/_j0MsLGn244bOycZYCKb0kxv4ArrMefSIkn045U7zLQ\/pr:1200x630\/aHR0cDovL21lZGlhMi5kZXNpZ25wYXJ0bmVyLmZyL2MvcC8xODYzOS8xODYzOS0xNjk0LTEuanBn?v=1726746082"]},"country_origin":"CN","traceability":{"manufacturing_country_id":null,"weaving_country_id":null,"dyeing_country_id":null},"sizes":[{"id":1606,"article_id":476344,"class_id":0,"name":"3\/6ans","on_standby":false,"stock_local":0,"stock_global":153,"multiple":1,"estimated_date_reassort":null,"is_destocking":false},{"id":1607,"article_id":476345,"class_id":0,"name":"7\/10ans","on_standby":false,"stock_local":0,"stock_global":115,"multiple":1,"estimated_date_reassort":null,"is_destocking":false}],"page_links":{"fr":"\/fr\/p-pr-pr149-tablier-a-bavette-pour-enfant-pr149-18639\/turquoise-1694\/","en":"\/en\/p-pr-pr149-childs-apron-with-bib-pr149-18639\/turquoise-1694\/","de":"\/de\/p-pr-pr149-schurze-mit-schurze-fur-kinder-pr149-18639\/turquoise-1694\/","nl":"\/nl\/p-pr-pr149-schort-met-kraag-voor-kind-pr149-18639\/turquoise-1694\/","es":"\/es\/p-pr-pr149-delantal-con-babero-para-nino-pr149-18639\/turquoise-1694\/","it":"\/it\/p-pr-pr149-grembiule-con-bavetta-per-bambino-pr149-18639\/turquoise-1694\/","sv":"\/sv\/p-pr-pr149-barnforklade-med-skorta-pr149-18639\/turquoise-1694\/","pt":"\/pt\/p-pr-pr149-avental-com-babador-para-crianca-pr149-18639\/turquoise-1694\/","da":"\/da\/p-pr-pr149-borneforklaede-med-skort-pr149-18639\/turquoise-1694\/","pl":"\/pl\/p-pr-pr149-fartuch-dla-dziecka-z-kapturem-pr149-18639\/turquoise-1694\/"},"page_links_customization":{"fr":"\/fr\/p-pr-pr149-tablier-enfant-coton-polyester-personnalisation-pr149-18639\/turquoise-1694\/custom\/","en":"\/en\/p-pr-pr149-child-apron-cotton-polyester-customization-pr149-18639\/turquoise-1694\/custom\/","de":"\/de\/p-pr-pr149-kinder-schurze-aus-baumwolle-polyester-personalisierung-pr149-18639\/turquoise-1694\/custom\/","nl":"\/nl\/p-pr-pr149-kindertabbertje-katoen-polyester-personalisatie-pr149-18639\/turquoise-1694\/custom\/","es":"\/es\/p-pr-pr149-delantal-infantil-de-algodon-poliester-personalizacion-pr149-18639\/turquoise-1694\/custom\/","it":"\/it\/p-pr-pr149-grembiule-bambino-cotone-poliestere-personalizzazione-pr149-18639\/turquoise-1694\/custom\/","sv":"\/sv\/p-pr-pr149-barnlar-i-bomull-och-polyester-personliggoring-pr149-18639\/turquoise-1694\/custom\/","pt":"\/pt\/p-pr-pr149-avental-infantil-algodao-poliester-personalizacao-pr149-18639\/turquoise-1694\/custom\/","da":"\/da\/p-pr-pr149-bornetablet-af-bomuld-polyester-personalisering-pr149-18639\/turquoise-1694\/custom\/","pl":"\/pl\/p-pr-pr149-fartuch-dzieciecy-z-bawelny-i-poliestru-personalizacja-pr149-18639\/turquoise-1694\/custom\/"}},{"id":1690,"name":"orange","class_ids":[9],"codes_hexa":["ec6901"],"delai_24":false,"has_3d":false,"seuil_global":0,"stock_local":0,"stock_global":266,"on_standby":false,"in_catalog":true,"images":{"miniature":["https:\/\/media.th4.com\/9yIqt4NjyHciD_bhwEF9AZKdSxRxau03AqzQ4ARx1x4\/pr:80\/aHR0cDovL21lZGlhMi5kZXNpZ25wYXJ0bmVyLmZyL2MvcC8xODYzOS8xODYzOS0xNjkwLTEuanBn?v=1726746081"],"medium":["https:\/\/media.th4.com\/IpbZbaUfbIb0H4ctEk1iRnxMci6SQneEFpSj6qPraVI\/pr:550x550\/aHR0cDovL21lZGlhMi5kZXNpZ25wYXJ0bmVyLmZyL2MvcC8xODYzOS8xODYzOS0xNjkwLTEuanBn?v=1726746081"],"medium_large":["https:\/\/media.th4.com\/d9-0CA16E8QsOT72n3898N7p_iwZ7E2mZngWP_X7wtA\/pr:1000x1000\/aHR0cDovL21lZGlhMi5kZXNpZ25wYXJ0bmVyLmZyL2MvcC8xODYzOS8xODYzOS0xNjkwLTEuanBn?v=1726746081"],"large":["https:\/\/media.th4.com\/gM19V1-UJgpd4nGl0_EBn5SRe93zYozlkgxnjmqZ8PY\/pr:1920\/aHR0cDovL21lZGlhMi5kZXNpZ25wYXJ0bmVyLmZyL2MvcC8xODYzOS8xODYzOS0xNjkwLTEuanBn?v=1726746081"],"opengraph":["https:\/\/media.th4.com\/Wfv1-7TsFV7HoSaztFTnDInO_JQ_Op09eVOJAawOfio\/pr:1200x630\/aHR0cDovL21lZGlhMi5kZXNpZ25wYXJ0bmVyLmZyL2MvcC8xODYzOS8xODYzOS0xNjkwLTEuanBn?v=1726746081"]},"images_customization":{"miniature":["https:\/\/media.th4.com\/9yIqt4NjyHciD_bhwEF9AZKdSxRxau03AqzQ4ARx1x4\/pr:80\/aHR0cDovL21lZGlhMi5kZXNpZ25wYXJ0bmVyLmZyL2MvcC8xODYzOS8xODYzOS0xNjkwLTEuanBn?v=1726746081"],"medium":["https:\/\/media.th4.com\/IpbZbaUfbIb0H4ctEk1iRnxMci6SQneEFpSj6qPraVI\/pr:550x550\/aHR0cDovL21lZGlhMi5kZXNpZ25wYXJ0bmVyLmZyL2MvcC8xODYzOS8xODYzOS0xNjkwLTEuanBn?v=1726746081"],"medium_large":["https:\/\/media.th4.com\/d9-0CA16E8QsOT72n3898N7p_iwZ7E2mZngWP_X7wtA\/pr:1000x1000\/aHR0cDovL21lZGlhMi5kZXNpZ25wYXJ0bmVyLmZyL2MvcC8xODYzOS8xODYzOS0xNjkwLTEuanBn?v=1726746081"],"large":["https:\/\/media.th4.com\/gM19V1-UJgpd4nGl0_EBn5SRe93zYozlkgxnjmqZ8PY\/pr:1920\/aHR0cDovL21lZGlhMi5kZXNpZ25wYXJ0bmVyLmZyL2MvcC8xODYzOS8xODYzOS0xNjkwLTEuanBn?v=1726746081"],"opengraph":["https:\/\/media.th4.com\/Wfv1-7TsFV7HoSaztFTnDInO_JQ_Op09eVOJAawOfio\/pr:1200x630\/aHR0cDovL21lZGlhMi5kZXNpZ25wYXJ0bmVyLmZyL2MvcC8xODYzOS8xODYzOS0xNjkwLTEuanBn?v=1726746081"]},"country_origin":"CN","traceability":{"manufacturing_country_id":null,"weaving_country_id":null,"dyeing_country_id":null},"sizes":[{"id":1606,"article_id":476348,"class_id":0,"name":"3\/6ans","on_standby":false,"stock_local":0,"stock_global":143,"multiple":1,"estimated_date_reassort":null,"is_destocking":false},{"id":1607,"article_id":476349,"class_id":0,"name":"7\/10ans","on_standby":false,"stock_local":0,"stock_global":123,"multiple":1,"estimated_date_reassort":null,"is_destocking":false}],"page_links":{"fr":"\/fr\/p-pr-pr149-tablier-a-bavette-pour-enfant-pr149-18639\/orange-1690\/","en":"\/en\/p-pr-pr149-childs-apron-with-bib-pr149-18639\/orange-1690\/","de":"\/de\/p-pr-pr149-schurze-mit-schurze-fur-kinder-pr149-18639\/orange-1690\/","nl":"\/nl\/p-pr-pr149-schort-met-kraag-voor-kind-pr149-18639\/orange-1690\/","es":"\/es\/p-pr-pr149-delantal-con-babero-para-nino-pr149-18639\/orange-1690\/","it":"\/it\/p-pr-pr149-grembiule-con-bavetta-per-bambino-pr149-18639\/orange-1690\/","sv":"\/sv\/p-pr-pr149-barnforklade-med-skorta-pr149-18639\/orange-1690\/","pt":"\/pt\/p-pr-pr149-avental-com-babador-para-crianca-pr149-18639\/orange-1690\/","da":"\/da\/p-pr-pr149-borneforklaede-med-skort-pr149-18639\/orange-1690\/","pl":"\/pl\/p-pr-pr149-fartuch-dla-dziecka-z-kapturem-pr149-18639\/orange-1690\/"},"page_links_customization":{"fr":"\/fr\/p-pr-pr149-tablier-enfant-coton-polyester-personnalisation-pr149-18639\/orange-1690\/custom\/","en":"\/en\/p-pr-pr149-child-apron-cotton-polyester-customization-pr149-18639\/orange-1690\/custom\/","de":"\/de\/p-pr-pr149-kinder-schurze-aus-baumwolle-polyester-personalisierung-pr149-18639\/orange-1690\/custom\/","nl":"\/nl\/p-pr-pr149-kindertabbertje-katoen-polyester-personalisatie-pr149-18639\/orange-1690\/custom\/","es":"\/es\/p-pr-pr149-delantal-infantil-de-algodon-poliester-personalizacion-pr149-18639\/orange-1690\/custom\/","it":"\/it\/p-pr-pr149-grembiule-bambino-cotone-poliestere-personalizzazione-pr149-18639\/orange-1690\/custom\/","sv":"\/sv\/p-pr-pr149-barnlar-i-bomull-och-polyester-personliggoring-pr149-18639\/orange-1690\/custom\/","pt":"\/pt\/p-pr-pr149-avental-infantil-algodao-poliester-personalizacao-pr149-18639\/orange-1690\/custom\/","da":"\/da\/p-pr-pr149-bornetablet-af-bomuld-polyester-personalisering-pr149-18639\/orange-1690\/custom\/","pl":"\/pl\/p-pr-pr149-fartuch-dzieciecy-z-bawelny-i-poliestru-personalizacja-pr149-18639\/orange-1690\/custom\/"}},{"id":19122,"name":"yellow","class_ids":[12],"codes_hexa":["ffe539"],"delai_24":false,"has_3d":false,"seuil_global":0,"stock_local":0,"stock_global":247,"on_standby":false,"in_catalog":true,"images":{"miniature":["https:\/\/media.th4.com\/hLCxTIfNAQ0mnETHRq4fNArg1rAwAeiFBfV3r_uFt-E\/pr:80\/aHR0cDovL21lZGlhMi5kZXNpZ25wYXJ0bmVyLmZyL2MvcC8xODYzOS8xODYzOS0xOTEyMi0xLmpwZw?v=1726746082"],"medium":["https:\/\/media.th4.com\/lQIcIG1hqRJwnC45buQ-4OHMHY3Ikf5vhKmQovOyN2w\/pr:550x550\/aHR0cDovL21lZGlhMi5kZXNpZ25wYXJ0bmVyLmZyL2MvcC8xODYzOS8xODYzOS0xOTEyMi0xLmpwZw?v=1726746082"],"medium_large":["https:\/\/media.th4.com\/ORdpdtFnzTv0Oj98Z2-CpVFShLFxW8U_CN725sb81ps\/pr:1000x1000\/aHR0cDovL21lZGlhMi5kZXNpZ25wYXJ0bmVyLmZyL2MvcC8xODYzOS8xODYzOS0xOTEyMi0xLmpwZw?v=1726746082"],"large":["https:\/\/media.th4.com\/U5MxIGqeLVOUcfQZO9nlicBv23DewMQQenUFKMhAqpE\/pr:1920\/aHR0cDovL21lZGlhMi5kZXNpZ25wYXJ0bmVyLmZyL2MvcC8xODYzOS8xODYzOS0xOTEyMi0xLmpwZw?v=1726746082"],"opengraph":["https:\/\/media.th4.com\/u14lu4AfowMAX7TpYoWkSdGY4niiHZDBNCEU7KKoNNU\/pr:1200x630\/aHR0cDovL21lZGlhMi5kZXNpZ25wYXJ0bmVyLmZyL2MvcC8xODYzOS8xODYzOS0xOTEyMi0xLmpwZw?v=1726746082"]},"images_customization":{"miniature":["https:\/\/media.th4.com\/hLCxTIfNAQ0mnETHRq4fNArg1rAwAeiFBfV3r_uFt-E\/pr:80\/aHR0cDovL21lZGlhMi5kZXNpZ25wYXJ0bmVyLmZyL2MvcC8xODYzOS8xODYzOS0xOTEyMi0xLmpwZw?v=1726746082"],"medium":["https:\/\/media.th4.com\/lQIcIG1hqRJwnC45buQ-4OHMHY3Ikf5vhKmQovOyN2w\/pr:550x550\/aHR0cDovL21lZGlhMi5kZXNpZ25wYXJ0bmVyLmZyL2MvcC8xODYzOS8xODYzOS0xOTEyMi0xLmpwZw?v=1726746082"],"medium_large":["https:\/\/media.th4.com\/ORdpdtFnzTv0Oj98Z2-CpVFShLFxW8U_CN725sb81ps\/pr:1000x1000\/aHR0cDovL21lZGlhMi5kZXNpZ25wYXJ0bmVyLmZyL2MvcC8xODYzOS8xODYzOS0xOTEyMi0xLmpwZw?v=1726746082"],"large":["https:\/\/media.th4.com\/U5MxIGqeLVOUcfQZO9nlicBv23DewMQQenUFKMhAqpE\/pr:1920\/aHR0cDovL21lZGlhMi5kZXNpZ25wYXJ0bmVyLmZyL2MvcC8xODYzOS8xODYzOS0xOTEyMi0xLmpwZw?v=1726746082"],"opengraph":["https:\/\/media.th4.com\/u14lu4AfowMAX7TpYoWkSdGY4niiHZDBNCEU7KKoNNU\/pr:1200x630\/aHR0cDovL21lZGlhMi5kZXNpZ25wYXJ0bmVyLmZyL2MvcC8xODYzOS8xODYzOS0xOTEyMi0xLmpwZw?v=1726746082"]},"country_origin":"CN","traceability":{"manufacturing_country_id":null,"weaving_country_id":null,"dyeing_country_id":null},"sizes":[{"id":1606,"article_id":476352,"class_id":0,"name":"3\/6ans","on_standby":false,"stock_local":0,"stock_global":120,"multiple":1,"estimated_date_reassort":null,"is_destocking":false},{"id":1607,"article_id":476353,"class_id":0,"name":"7\/10ans","on_standby":false,"stock_local":0,"stock_global":127,"multiple":1,"estimated_date_reassort":null,"is_destocking":false}],"page_links":{"fr":"\/fr\/p-pr-pr149-tablier-a-bavette-pour-enfant-pr149-18639\/yellow-19122\/","en":"\/en\/p-pr-pr149-childs-apron-with-bib-pr149-18639\/yellow-19122\/","de":"\/de\/p-pr-pr149-schurze-mit-schurze-fur-kinder-pr149-18639\/yellow-19122\/","nl":"\/nl\/p-pr-pr149-schort-met-kraag-voor-kind-pr149-18639\/yellow-19122\/","es":"\/es\/p-pr-pr149-delantal-con-babero-para-nino-pr149-18639\/yellow-19122\/","it":"\/it\/p-pr-pr149-grembiule-con-bavetta-per-bambino-pr149-18639\/yellow-19122\/","sv":"\/sv\/p-pr-pr149-barnforklade-med-skorta-pr149-18639\/yellow-19122\/","pt":"\/pt\/p-pr-pr149-avental-com-babador-para-crianca-pr149-18639\/yellow-19122\/","da":"\/da\/p-pr-pr149-borneforklaede-med-skort-pr149-18639\/yellow-19122\/","pl":"\/pl\/p-pr-pr149-fartuch-dla-dziecka-z-kapturem-pr149-18639\/yellow-19122\/"},"page_links_customization":{"fr":"\/fr\/p-pr-pr149-tablier-enfant-coton-polyester-personnalisation-pr149-18639\/yellow-19122\/custom\/","en":"\/en\/p-pr-pr149-child-apron-cotton-polyester-customization-pr149-18639\/yellow-19122\/custom\/","de":"\/de\/p-pr-pr149-kinder-schurze-aus-baumwolle-polyester-personalisierung-pr149-18639\/yellow-19122\/custom\/","nl":"\/nl\/p-pr-pr149-kindertabbertje-katoen-polyester-personalisatie-pr149-18639\/yellow-19122\/custom\/","es":"\/es\/p-pr-pr149-delantal-infantil-de-algodon-poliester-personalizacion-pr149-18639\/yellow-19122\/custom\/","it":"\/it\/p-pr-pr149-grembiule-bambino-cotone-poliestere-personalizzazione-pr149-18639\/yellow-19122\/custom\/","sv":"\/sv\/p-pr-pr149-barnlar-i-bomull-och-polyester-personliggoring-pr149-18639\/yellow-19122\/custom\/","pt":"\/pt\/p-pr-pr149-avental-infantil-algodao-poliester-personalizacao-pr149-18639\/yellow-19122\/custom\/","da":"\/da\/p-pr-pr149-bornetablet-af-bomuld-polyester-personalisering-pr149-18639\/yellow-19122\/custom\/","pl":"\/pl\/p-pr-pr149-fartuch-dzieciecy-z-bawelny-i-poliestru-personalizacja-pr149-18639\/yellow-19122\/custom\/"}},{"id":1681,"name":"brown","class_ids":[11],"codes_hexa":["3a1c12"],"delai_24":false,"has_3d":false,"seuil_global":0,"stock_local":0,"stock_global":242,"on_standby":false,"in_catalog":true,"images":{"miniature":["https:\/\/media.th4.com\/ekhjdwrcPfdo0BDMYq7_DxiVvD_VgTiMxFKVM7p5Q5g\/pr:80\/aHR0cDovL21lZGlhMi5kZXNpZ25wYXJ0bmVyLmZyL2MvcC8xODYzOS8xODYzOS0xNjgxLTEuanBn?v=1726746080"],"medium":["https:\/\/media.th4.com\/ipJr1MmcwkSRlHYeZJZigeJqQg4YgB-ILQmbJuWQkuo\/pr:550x550\/aHR0cDovL21lZGlhMi5kZXNpZ25wYXJ0bmVyLmZyL2MvcC8xODYzOS8xODYzOS0xNjgxLTEuanBn?v=1726746080"],"medium_large":["https:\/\/media.th4.com\/98i5EvK7jdmUt-0SDngRxF6apemooyEIrvRxu5mtZ0A\/pr:1000x1000\/aHR0cDovL21lZGlhMi5kZXNpZ25wYXJ0bmVyLmZyL2MvcC8xODYzOS8xODYzOS0xNjgxLTEuanBn?v=1726746080"],"large":["https:\/\/media.th4.com\/M7rADr9HujhFI7VDnm4QmoH0p_GzMEv64tbEQgXLgME\/pr:1920\/aHR0cDovL21lZGlhMi5kZXNpZ25wYXJ0bmVyLmZyL2MvcC8xODYzOS8xODYzOS0xNjgxLTEuanBn?v=1726746080"],"opengraph":["https:\/\/media.th4.com\/enP8QCTKGyNyUBFwNDvYDihN7aCuyClNS8AGMn-UskQ\/pr:1200x630\/aHR0cDovL21lZGlhMi5kZXNpZ25wYXJ0bmVyLmZyL2MvcC8xODYzOS8xODYzOS0xNjgxLTEuanBn?v=1726746080"]},"images_customization":{"miniature":["https:\/\/media.th4.com\/ekhjdwrcPfdo0BDMYq7_DxiVvD_VgTiMxFKVM7p5Q5g\/pr:80\/aHR0cDovL21lZGlhMi5kZXNpZ25wYXJ0bmVyLmZyL2MvcC8xODYzOS8xODYzOS0xNjgxLTEuanBn?v=1726746080"],"medium":["https:\/\/media.th4.com\/ipJr1MmcwkSRlHYeZJZigeJqQg4YgB-ILQmbJuWQkuo\/pr:550x550\/aHR0cDovL21lZGlhMi5kZXNpZ25wYXJ0bmVyLmZyL2MvcC8xODYzOS8xODYzOS0xNjgxLTEuanBn?v=1726746080"],"medium_large":["https:\/\/media.th4.com\/98i5EvK7jdmUt-0SDngRxF6apemooyEIrvRxu5mtZ0A\/pr:1000x1000\/aHR0cDovL21lZGlhMi5kZXNpZ25wYXJ0bmVyLmZyL2MvcC8xODYzOS8xODYzOS0xNjgxLTEuanBn?v=1726746080"],"large":["https:\/\/media.th4.com\/M7rADr9HujhFI7VDnm4QmoH0p_GzMEv64tbEQgXLgME\/pr:1920\/aHR0cDovL21lZGlhMi5kZXNpZ25wYXJ0bmVyLmZyL2MvcC8xODYzOS8xODYzOS0xNjgxLTEuanBn?v=1726746080"],"opengraph":["https:\/\/media.th4.com\/enP8QCTKGyNyUBFwNDvYDihN7aCuyClNS8AGMn-UskQ\/pr:1200x630\/aHR0cDovL21lZGlhMi5kZXNpZ25wYXJ0bmVyLmZyL2MvcC8xODYzOS8xODYzOS0xNjgxLTEuanBn?v=1726746080"]},"country_origin":"CN","traceability":{"manufacturing_country_id":null,"weaving_country_id":null,"dyeing_country_id":null},"sizes":[{"id":1606,"article_id":476336,"class_id":0,"name":"3\/6ans","on_standby":false,"stock_local":0,"stock_global":93,"multiple":1,"estimated_date_reassort":null,"is_destocking":false},{"id":1607,"article_id":476337,"class_id":0,"name":"7\/10ans","on_standby":false,"stock_local":0,"stock_global":149,"multiple":1,"estimated_date_reassort":null,"is_destocking":false}],"page_links":{"fr":"\/fr\/p-pr-pr149-tablier-a-bavette-pour-enfant-pr149-18639\/brown-1681\/","en":"\/en\/p-pr-pr149-childs-apron-with-bib-pr149-18639\/brown-1681\/","de":"\/de\/p-pr-pr149-schurze-mit-schurze-fur-kinder-pr149-18639\/brown-1681\/","nl":"\/nl\/p-pr-pr149-schort-met-kraag-voor-kind-pr149-18639\/brown-1681\/","es":"\/es\/p-pr-pr149-delantal-con-babero-para-nino-pr149-18639\/brown-1681\/","it":"\/it\/p-pr-pr149-grembiule-con-bavetta-per-bambino-pr149-18639\/brown-1681\/","sv":"\/sv\/p-pr-pr149-barnforklade-med-skorta-pr149-18639\/brown-1681\/","pt":"\/pt\/p-pr-pr149-avental-com-babador-para-crianca-pr149-18639\/brown-1681\/","da":"\/da\/p-pr-pr149-borneforklaede-med-skort-pr149-18639\/brown-1681\/","pl":"\/pl\/p-pr-pr149-fartuch-dla-dziecka-z-kapturem-pr149-18639\/brown-1681\/"},"page_links_customization":{"fr":"\/fr\/p-pr-pr149-tablier-enfant-coton-polyester-personnalisation-pr149-18639\/brown-1681\/custom\/","en":"\/en\/p-pr-pr149-child-apron-cotton-polyester-customization-pr149-18639\/brown-1681\/custom\/","de":"\/de\/p-pr-pr149-kinder-schurze-aus-baumwolle-polyester-personalisierung-pr149-18639\/brown-1681\/custom\/","nl":"\/nl\/p-pr-pr149-kindertabbertje-katoen-polyester-personalisatie-pr149-18639\/brown-1681\/custom\/","es":"\/es\/p-pr-pr149-delantal-infantil-de-algodon-poliester-personalizacion-pr149-18639\/brown-1681\/custom\/","it":"\/it\/p-pr-pr149-grembiule-bambino-cotone-poliestere-personalizzazione-pr149-18639\/brown-1681\/custom\/","sv":"\/sv\/p-pr-pr149-barnlar-i-bomull-och-polyester-personliggoring-pr149-18639\/brown-1681\/custom\/","pt":"\/pt\/p-pr-pr149-avental-infantil-algodao-poliester-personalizacao-pr149-18639\/brown-1681\/custom\/","da":"\/da\/p-pr-pr149-bornetablet-af-bomuld-polyester-personalisering-pr149-18639\/brown-1681\/custom\/","pl":"\/pl\/p-pr-pr149-fartuch-dzieciecy-z-bawelny-i-poliestru-personalizacja-pr149-18639\/brown-1681\/custom\/"}},{"id":1712,"name":"natural","class_ids":[8],"codes_hexa":["fff1c2"],"delai_24":false,"has_3d":false,"seuil_global":0,"stock_local":0,"stock_global":198,"on_standby":false,"in_catalog":true,"images":{"miniature":["https:\/\/media.th4.com\/epvGRlRgFmPKNP6x3remxzBysBJSeArD70Wkx8_AduA\/pr:80\/aHR0cDovL21lZGlhMi5kZXNpZ25wYXJ0bmVyLmZyL2MvcC8xODYzOS8xODYzOS0xNzEyLTEuanBn?v=1726746081"],"medium":["https:\/\/media.th4.com\/FMIhBrVgsFQl3zFIBsSeIuLFbIA2Vlfybnq4LhvXdRE\/pr:550x550\/aHR0cDovL21lZGlhMi5kZXNpZ25wYXJ0bmVyLmZyL2MvcC8xODYzOS8xODYzOS0xNzEyLTEuanBn?v=1726746081"],"medium_large":["https:\/\/media.th4.com\/tAcwzPggzZEbBgmR4ucB3X-6gqowo6bflGEsnQ6QMm8\/pr:1000x1000\/aHR0cDovL21lZGlhMi5kZXNpZ25wYXJ0bmVyLmZyL2MvcC8xODYzOS8xODYzOS0xNzEyLTEuanBn?v=1726746081"],"large":["https:\/\/media.th4.com\/ExFptOFcsm52x_BHa7uD6bF3UY7H2nUS7953MlNaX7U\/pr:1920\/aHR0cDovL21lZGlhMi5kZXNpZ25wYXJ0bmVyLmZyL2MvcC8xODYzOS8xODYzOS0xNzEyLTEuanBn?v=1726746081"],"opengraph":["https:\/\/media.th4.com\/5JPRgqgCT_LAOysA7EQkq644eqMIqyG5e8fO4sQQLfs\/pr:1200x630\/aHR0cDovL21lZGlhMi5kZXNpZ25wYXJ0bmVyLmZyL2MvcC8xODYzOS8xODYzOS0xNzEyLTEuanBn?v=1726746081"]},"images_customization":{"miniature":["https:\/\/media.th4.com\/epvGRlRgFmPKNP6x3remxzBysBJSeArD70Wkx8_AduA\/pr:80\/aHR0cDovL21lZGlhMi5kZXNpZ25wYXJ0bmVyLmZyL2MvcC8xODYzOS8xODYzOS0xNzEyLTEuanBn?v=1726746081"],"medium":["https:\/\/media.th4.com\/FMIhBrVgsFQl3zFIBsSeIuLFbIA2Vlfybnq4LhvXdRE\/pr:550x550\/aHR0cDovL21lZGlhMi5kZXNpZ25wYXJ0bmVyLmZyL2MvcC8xODYzOS8xODYzOS0xNzEyLTEuanBn?v=1726746081"],"medium_large":["https:\/\/media.th4.com\/tAcwzPggzZEbBgmR4ucB3X-6gqowo6bflGEsnQ6QMm8\/pr:1000x1000\/aHR0cDovL21lZGlhMi5kZXNpZ25wYXJ0bmVyLmZyL2MvcC8xODYzOS8xODYzOS0xNzEyLTEuanBn?v=1726746081"],"large":["https:\/\/media.th4.com\/ExFptOFcsm52x_BHa7uD6bF3UY7H2nUS7953MlNaX7U\/pr:1920\/aHR0cDovL21lZGlhMi5kZXNpZ25wYXJ0bmVyLmZyL2MvcC8xODYzOS8xODYzOS0xNzEyLTEuanBn?v=1726746081"],"opengraph":["https:\/\/media.th4.com\/5JPRgqgCT_LAOysA7EQkq644eqMIqyG5e8fO4sQQLfs\/pr:1200x630\/aHR0cDovL21lZGlhMi5kZXNpZ25wYXJ0bmVyLmZyL2MvcC8xODYzOS8xODYzOS0xNzEyLTEuanBn?v=1726746081"]},"country_origin":"CN","traceability":{"manufacturing_country_id":null,"weaving_country_id":null,"dyeing_country_id":null},"sizes":[{"id":1606,"article_id":476330,"class_id":0,"name":"3\/6ans","on_standby":false,"stock_local":0,"stock_global":124,"multiple":1,"estimated_date_reassort":null,"is_destocking":false},{"id":1607,"article_id":476331,"class_id":0,"name":"7\/10ans","on_standby":false,"stock_local":0,"stock_global":74,"multiple":1,"estimated_date_reassort":null,"is_destocking":false}],"page_links":{"fr":"\/fr\/p-pr-pr149-tablier-a-bavette-pour-enfant-pr149-18639\/natural-1712\/","en":"\/en\/p-pr-pr149-childs-apron-with-bib-pr149-18639\/natural-1712\/","de":"\/de\/p-pr-pr149-schurze-mit-schurze-fur-kinder-pr149-18639\/natural-1712\/","nl":"\/nl\/p-pr-pr149-schort-met-kraag-voor-kind-pr149-18639\/natural-1712\/","es":"\/es\/p-pr-pr149-delantal-con-babero-para-nino-pr149-18639\/natural-1712\/","it":"\/it\/p-pr-pr149-grembiule-con-bavetta-per-bambino-pr149-18639\/natural-1712\/","sv":"\/sv\/p-pr-pr149-barnforklade-med-skorta-pr149-18639\/natural-1712\/","pt":"\/pt\/p-pr-pr149-avental-com-babador-para-crianca-pr149-18639\/natural-1712\/","da":"\/da\/p-pr-pr149-borneforklaede-med-skort-pr149-18639\/natural-1712\/","pl":"\/pl\/p-pr-pr149-fartuch-dla-dziecka-z-kapturem-pr149-18639\/natural-1712\/"},"page_links_customization":{"fr":"\/fr\/p-pr-pr149-tablier-enfant-coton-polyester-personnalisation-pr149-18639\/natural-1712\/custom\/","en":"\/en\/p-pr-pr149-child-apron-cotton-polyester-customization-pr149-18639\/natural-1712\/custom\/","de":"\/de\/p-pr-pr149-kinder-schurze-aus-baumwolle-polyester-personalisierung-pr149-18639\/natural-1712\/custom\/","nl":"\/nl\/p-pr-pr149-kindertabbertje-katoen-polyester-personalisatie-pr149-18639\/natural-1712\/custom\/","es":"\/es\/p-pr-pr149-delantal-infantil-de-algodon-poliester-personalizacion-pr149-18639\/natural-1712\/custom\/","it":"\/it\/p-pr-pr149-grembiule-bambino-cotone-poliestere-personalizzazione-pr149-18639\/natural-1712\/custom\/","sv":"\/sv\/p-pr-pr149-barnlar-i-bomull-och-polyester-personliggoring-pr149-18639\/natural-1712\/custom\/","pt":"\/pt\/p-pr-pr149-avental-infantil-algodao-poliester-personalizacao-pr149-18639\/natural-1712\/custom\/","da":"\/da\/p-pr-pr149-bornetablet-af-bomuld-polyester-personalisering-pr149-18639\/natural-1712\/custom\/","pl":"\/pl\/p-pr-pr149-fartuch-dzieciecy-z-bawelny-i-poliestru-personalizacja-pr149-18639\/natural-1712\/custom\/"}},{"id":1663,"name":"burgundy","class_ids":[6],"codes_hexa":["821638"],"delai_24":false,"has_3d":false,"seuil_global":0,"stock_local":0,"stock_global":196,"on_standby":false,"in_catalog":true,"images":{"miniature":["https:\/\/media.th4.com\/7hWoDDk9FBM9J3xg0z8ytOEJIuSB0SKXqA27DyRe12g\/pr:80\/aHR0cDovL21lZGlhMi5kZXNpZ25wYXJ0bmVyLmZyL2MvcC8xODYzOS8xODYzOS0xNjYzLTEuanBn?v=1726746079"],"medium":["https:\/\/media.th4.com\/xPbxU9EEedYnXIyWcs4MMJO6oT9AxxAVQ-zwm-p-vHI\/pr:550x550\/aHR0cDovL21lZGlhMi5kZXNpZ25wYXJ0bmVyLmZyL2MvcC8xODYzOS8xODYzOS0xNjYzLTEuanBn?v=1726746079"],"medium_large":["https:\/\/media.th4.com\/tex-X-OxGRKuzpj_2BKNxc2XK-BRgoiw6Cvz1FnnDUg\/pr:1000x1000\/aHR0cDovL21lZGlhMi5kZXNpZ25wYXJ0bmVyLmZyL2MvcC8xODYzOS8xODYzOS0xNjYzLTEuanBn?v=1726746079"],"large":["https:\/\/media.th4.com\/E5K7eqStalpM1Y9q97S9sS0GsvbAKnkAzk2Qw8iXcAM\/pr:1920\/aHR0cDovL21lZGlhMi5kZXNpZ25wYXJ0bmVyLmZyL2MvcC8xODYzOS8xODYzOS0xNjYzLTEuanBn?v=1726746079"],"opengraph":["https:\/\/media.th4.com\/vd0lbg27mDBci5T00U8GO6K2e3sVfEiAW_n-ltgNeJ8\/pr:1200x630\/aHR0cDovL21lZGlhMi5kZXNpZ25wYXJ0bmVyLmZyL2MvcC8xODYzOS8xODYzOS0xNjYzLTEuanBn?v=1726746079"]},"images_customization":{"miniature":["https:\/\/media.th4.com\/7hWoDDk9FBM9J3xg0z8ytOEJIuSB0SKXqA27DyRe12g\/pr:80\/aHR0cDovL21lZGlhMi5kZXNpZ25wYXJ0bmVyLmZyL2MvcC8xODYzOS8xODYzOS0xNjYzLTEuanBn?v=1726746079"],"medium":["https:\/\/media.th4.com\/xPbxU9EEedYnXIyWcs4MMJO6oT9AxxAVQ-zwm-p-vHI\/pr:550x550\/aHR0cDovL21lZGlhMi5kZXNpZ25wYXJ0bmVyLmZyL2MvcC8xODYzOS8xODYzOS0xNjYzLTEuanBn?v=1726746079"],"medium_large":["https:\/\/media.th4.com\/tex-X-OxGRKuzpj_2BKNxc2XK-BRgoiw6Cvz1FnnDUg\/pr:1000x1000\/aHR0cDovL21lZGlhMi5kZXNpZ25wYXJ0bmVyLmZyL2MvcC8xODYzOS8xODYzOS0xNjYzLTEuanBn?v=1726746079"],"large":["https:\/\/media.th4.com\/E5K7eqStalpM1Y9q97S9sS0GsvbAKnkAzk2Qw8iXcAM\/pr:1920\/aHR0cDovL21lZGlhMi5kZXNpZ25wYXJ0bmVyLmZyL2MvcC8xODYzOS8xODYzOS0xNjYzLTEuanBn?v=1726746079"],"opengraph":["https:\/\/media.th4.com\/vd0lbg27mDBci5T00U8GO6K2e3sVfEiAW_n-ltgNeJ8\/pr:1200x630\/aHR0cDovL21lZGlhMi5kZXNpZ25wYXJ0bmVyLmZyL2MvcC8xODYzOS8xODYzOS0xNjYzLTEuanBn?v=1726746079"]},"country_origin":"CN","traceability":{"manufacturing_country_id":null,"weaving_country_id":null,"dyeing_country_id":null},"sizes":[{"id":1606,"article_id":476334,"class_id":0,"name":"3\/6ans","on_standby":false,"stock_local":0,"stock_global":96,"multiple":1,"estimated_date_reassort":null,"is_destocking":false},{"id":1607,"article_id":476335,"class_id":0,"name":"7\/10ans","on_standby":false,"stock_local":0,"stock_global":100,"multiple":1,"estimated_date_reassort":null,"is_destocking":false}],"page_links":{"fr":"\/fr\/p-pr-pr149-tablier-a-bavette-pour-enfant-pr149-18639\/burgundy-1663\/","en":"\/en\/p-pr-pr149-childs-apron-with-bib-pr149-18639\/burgundy-1663\/","de":"\/de\/p-pr-pr149-schurze-mit-schurze-fur-kinder-pr149-18639\/burgundy-1663\/","nl":"\/nl\/p-pr-pr149-schort-met-kraag-voor-kind-pr149-18639\/burgundy-1663\/","es":"\/es\/p-pr-pr149-delantal-con-babero-para-nino-pr149-18639\/burgundy-1663\/","it":"\/it\/p-pr-pr149-grembiule-con-bavetta-per-bambino-pr149-18639\/burgundy-1663\/","sv":"\/sv\/p-pr-pr149-barnforklade-med-skorta-pr149-18639\/burgundy-1663\/","pt":"\/pt\/p-pr-pr149-avental-com-babador-para-crianca-pr149-18639\/burgundy-1663\/","da":"\/da\/p-pr-pr149-borneforklaede-med-skort-pr149-18639\/burgundy-1663\/","pl":"\/pl\/p-pr-pr149-fartuch-dla-dziecka-z-kapturem-pr149-18639\/burgundy-1663\/"},"page_links_customization":{"fr":"\/fr\/p-pr-pr149-tablier-enfant-coton-polyester-personnalisation-pr149-18639\/burgundy-1663\/custom\/","en":"\/en\/p-pr-pr149-child-apron-cotton-polyester-customization-pr149-18639\/burgundy-1663\/custom\/","de":"\/de\/p-pr-pr149-kinder-schurze-aus-baumwolle-polyester-personalisierung-pr149-18639\/burgundy-1663\/custom\/","nl":"\/nl\/p-pr-pr149-kindertabbertje-katoen-polyester-personalisatie-pr149-18639\/burgundy-1663\/custom\/","es":"\/es\/p-pr-pr149-delantal-infantil-de-algodon-poliester-personalizacion-pr149-18639\/burgundy-1663\/custom\/","it":"\/it\/p-pr-pr149-grembiule-bambino-cotone-poliestere-personalizzazione-pr149-18639\/burgundy-1663\/custom\/","sv":"\/sv\/p-pr-pr149-barnlar-i-bomull-och-polyester-personliggoring-pr149-18639\/burgundy-1663\/custom\/","pt":"\/pt\/p-pr-pr149-avental-infantil-algodao-poliester-personalizacao-pr149-18639\/burgundy-1663\/custom\/","da":"\/da\/p-pr-pr149-bornetablet-af-bomuld-polyester-personalisering-pr149-18639\/burgundy-1663\/custom\/","pl":"\/pl\/p-pr-pr149-fartuch-dzieciecy-z-bawelny-i-poliestru-personalizacja-pr149-18639\/burgundy-1663\/custom\/"}},{"id":1687,"name":"lime","class_ids":[5],"codes_hexa":["cad60a"],"delai_24":false,"has_3d":false,"seuil_global":0,"stock_local":0,"stock_global":183,"on_standby":false,"in_catalog":true,"images":{"miniature":["https:\/\/media.th4.com\/3OOvZdyHlIN-wGonKAkKU1Dffbn_cXBFhO1IfEPS9ug\/pr:80\/aHR0cDovL21lZGlhMi5kZXNpZ25wYXJ0bmVyLmZyL2MvcC8xODYzOS8xODYzOS0xNjg3LTEuanBn?v=1726746080"],"medium":["https:\/\/media.th4.com\/wKiMZvHIutvF8idZVmq9oMi_jICVB3MQ3eBWMEaeIgk\/pr:550x550\/aHR0cDovL21lZGlhMi5kZXNpZ25wYXJ0bmVyLmZyL2MvcC8xODYzOS8xODYzOS0xNjg3LTEuanBn?v=1726746080"],"medium_large":["https:\/\/media.th4.com\/u2zK05fbwt05YY37RqIArFGycisgULDvjLV8sG2HFvE\/pr:1000x1000\/aHR0cDovL21lZGlhMi5kZXNpZ25wYXJ0bmVyLmZyL2MvcC8xODYzOS8xODYzOS0xNjg3LTEuanBn?v=1726746080"],"large":["https:\/\/media.th4.com\/C1Fd95gPF4cw2qFbxjAKrOe9KNJgxJeCDp5frFS09uM\/pr:1920\/aHR0cDovL21lZGlhMi5kZXNpZ25wYXJ0bmVyLmZyL2MvcC8xODYzOS8xODYzOS0xNjg3LTEuanBn?v=1726746080"],"opengraph":["https:\/\/media.th4.com\/mvSB4YpChFGHRltNHjOUWS3Bjmwbbaacsolyz6ROglc\/pr:1200x630\/aHR0cDovL21lZGlhMi5kZXNpZ25wYXJ0bmVyLmZyL2MvcC8xODYzOS8xODYzOS0xNjg3LTEuanBn?v=1726746080"]},"images_customization":{"miniature":["https:\/\/media.th4.com\/3OOvZdyHlIN-wGonKAkKU1Dffbn_cXBFhO1IfEPS9ug\/pr:80\/aHR0cDovL21lZGlhMi5kZXNpZ25wYXJ0bmVyLmZyL2MvcC8xODYzOS8xODYzOS0xNjg3LTEuanBn?v=1726746080"],"medium":["https:\/\/media.th4.com\/wKiMZvHIutvF8idZVmq9oMi_jICVB3MQ3eBWMEaeIgk\/pr:550x550\/aHR0cDovL21lZGlhMi5kZXNpZ25wYXJ0bmVyLmZyL2MvcC8xODYzOS8xODYzOS0xNjg3LTEuanBn?v=1726746080"],"medium_large":["https:\/\/media.th4.com\/u2zK05fbwt05YY37RqIArFGycisgULDvjLV8sG2HFvE\/pr:1000x1000\/aHR0cDovL21lZGlhMi5kZXNpZ25wYXJ0bmVyLmZyL2MvcC8xODYzOS8xODYzOS0xNjg3LTEuanBn?v=1726746080"],"large":["https:\/\/media.th4.com\/C1Fd95gPF4cw2qFbxjAKrOe9KNJgxJeCDp5frFS09uM\/pr:1920\/aHR0cDovL21lZGlhMi5kZXNpZ25wYXJ0bmVyLmZyL2MvcC8xODYzOS8xODYzOS0xNjg3LTEuanBn?v=1726746080"],"opengraph":["https:\/\/media.th4.com\/mvSB4YpChFGHRltNHjOUWS3Bjmwbbaacsolyz6ROglc\/pr:1200x630\/aHR0cDovL21lZGlhMi5kZXNpZ25wYXJ0bmVyLmZyL2MvcC8xODYzOS8xODYzOS0xNjg3LTEuanBn?v=1726746080"]},"country_origin":"CN","traceability":{"manufacturing_country_id":null,"weaving_country_id":null,"dyeing_country_id":null},"sizes":[{"id":1606,"article_id":476340,"class_id":0,"name":"3\/6ans","on_standby":false,"stock_local":0,"stock_global":24,"multiple":1,"estimated_date_reassort":null,"is_destocking":false},{"id":1607,"article_id":476341,"class_id":0,"name":"7\/10ans","on_standby":false,"stock_local":0,"stock_global":159,"multiple":1,"estimated_date_reassort":null,"is_destocking":false}],"page_links":{"fr":"\/fr\/p-pr-pr149-tablier-a-bavette-pour-enfant-pr149-18639\/lime-1687\/","en":"\/en\/p-pr-pr149-childs-apron-with-bib-pr149-18639\/lime-1687\/","de":"\/de\/p-pr-pr149-schurze-mit-schurze-fur-kinder-pr149-18639\/lime-1687\/","nl":"\/nl\/p-pr-pr149-schort-met-kraag-voor-kind-pr149-18639\/lime-1687\/","es":"\/es\/p-pr-pr149-delantal-con-babero-para-nino-pr149-18639\/lime-1687\/","it":"\/it\/p-pr-pr149-grembiule-con-bavetta-per-bambino-pr149-18639\/lime-1687\/","sv":"\/sv\/p-pr-pr149-barnforklade-med-skorta-pr149-18639\/lime-1687\/","pt":"\/pt\/p-pr-pr149-avental-com-babador-para-crianca-pr149-18639\/lime-1687\/","da":"\/da\/p-pr-pr149-borneforklaede-med-skort-pr149-18639\/lime-1687\/","pl":"\/pl\/p-pr-pr149-fartuch-dla-dziecka-z-kapturem-pr149-18639\/lime-1687\/"},"page_links_customization":{"fr":"\/fr\/p-pr-pr149-tablier-enfant-coton-polyester-personnalisation-pr149-18639\/lime-1687\/custom\/","en":"\/en\/p-pr-pr149-child-apron-cotton-polyester-customization-pr149-18639\/lime-1687\/custom\/","de":"\/de\/p-pr-pr149-kinder-schurze-aus-baumwolle-polyester-personalisierung-pr149-18639\/lime-1687\/custom\/","nl":"\/nl\/p-pr-pr149-kindertabbertje-katoen-polyester-personalisatie-pr149-18639\/lime-1687\/custom\/","es":"\/es\/p-pr-pr149-delantal-infantil-de-algodon-poliester-personalizacion-pr149-18639\/lime-1687\/custom\/","it":"\/it\/p-pr-pr149-grembiule-bambino-cotone-poliestere-personalizzazione-pr149-18639\/lime-1687\/custom\/","sv":"\/sv\/p-pr-pr149-barnlar-i-bomull-och-polyester-personliggoring-pr149-18639\/lime-1687\/custom\/","pt":"\/pt\/p-pr-pr149-avental-infantil-algodao-poliester-personalizacao-pr149-18639\/lime-1687\/custom\/","da":"\/da\/p-pr-pr149-bornetablet-af-bomuld-polyester-personalisering-pr149-18639\/lime-1687\/custom\/","pl":"\/pl\/p-pr-pr149-fartuch-dzieciecy-z-bawelny-i-poliestru-personalizacja-pr149-18639\/lime-1687\/custom\/"}},{"id":1667,"name":"royal","class_ids":[2],"codes_hexa":["014189"],"delai_24":false,"has_3d":false,"seuil_global":0,"stock_local":0,"stock_global":148,"on_standby":false,"in_catalog":true,"images":{"miniature":["https:\/\/media.th4.com\/L23_GACbP5HWFwEkXsq6Dk5aCz69tJDjVMrT2aontgg\/pr:80\/aHR0cDovL21lZGlhMi5kZXNpZ25wYXJ0bmVyLmZyL2MvcC8xODYzOS8xODYzOS0xNjY3LTEuanBn?v=1726746080"],"medium":["https:\/\/media.th4.com\/RXxWqQT2RnQ7ZADDKlBT0N1xl8XgfIfkKlLGjFw7ook\/pr:550x550\/aHR0cDovL21lZGlhMi5kZXNpZ25wYXJ0bmVyLmZyL2MvcC8xODYzOS8xODYzOS0xNjY3LTEuanBn?v=1726746080"],"medium_large":["https:\/\/media.th4.com\/ilS5icelh0koSpnHMoKqtqcvHYj3k2SVqWzkptL5ZUE\/pr:1000x1000\/aHR0cDovL21lZGlhMi5kZXNpZ25wYXJ0bmVyLmZyL2MvcC8xODYzOS8xODYzOS0xNjY3LTEuanBn?v=1726746080"],"large":["https:\/\/media.th4.com\/m9FLos3F6CKq6BdiG7OToSDCBY27B25pOYDPIm2qdb0\/pr:1920\/aHR0cDovL21lZGlhMi5kZXNpZ25wYXJ0bmVyLmZyL2MvcC8xODYzOS8xODYzOS0xNjY3LTEuanBn?v=1726746080"],"opengraph":["https:\/\/media.th4.com\/4oRhkWw0uAOdYddDg5uOtJQFw1WWOCMXVf4clSW6ENY\/pr:1200x630\/aHR0cDovL21lZGlhMi5kZXNpZ25wYXJ0bmVyLmZyL2MvcC8xODYzOS8xODYzOS0xNjY3LTEuanBn?v=1726746080"]},"images_customization":{"miniature":["https:\/\/media.th4.com\/L23_GACbP5HWFwEkXsq6Dk5aCz69tJDjVMrT2aontgg\/pr:80\/aHR0cDovL21lZGlhMi5kZXNpZ25wYXJ0bmVyLmZyL2MvcC8xODYzOS8xODYzOS0xNjY3LTEuanBn?v=1726746080"],"medium":["https:\/\/media.th4.com\/RXxWqQT2RnQ7ZADDKlBT0N1xl8XgfIfkKlLGjFw7ook\/pr:550x550\/aHR0cDovL21lZGlhMi5kZXNpZ25wYXJ0bmVyLmZyL2MvcC8xODYzOS8xODYzOS0xNjY3LTEuanBn?v=1726746080"],"medium_large":["https:\/\/media.th4.com\/ilS5icelh0koSpnHMoKqtqcvHYj3k2SVqWzkptL5ZUE\/pr:1000x1000\/aHR0cDovL21lZGlhMi5kZXNpZ25wYXJ0bmVyLmZyL2MvcC8xODYzOS8xODYzOS0xNjY3LTEuanBn?v=1726746080"],"large":["https:\/\/media.th4.com\/m9FLos3F6CKq6BdiG7OToSDCBY27B25pOYDPIm2qdb0\/pr:1920\/aHR0cDovL21lZGlhMi5kZXNpZ25wYXJ0bmVyLmZyL2MvcC8xODYzOS8xODYzOS0xNjY3LTEuanBn?v=1726746080"],"opengraph":["https:\/\/media.th4.com\/4oRhkWw0uAOdYddDg5uOtJQFw1WWOCMXVf4clSW6ENY\/pr:1200x630\/aHR0cDovL21lZGlhMi5kZXNpZ25wYXJ0bmVyLmZyL2MvcC8xODYzOS8xODYzOS0xNjY3LTEuanBn?v=1726746080"]},"country_origin":"CN","traceability":{"manufacturing_country_id":null,"weaving_country_id":null,"dyeing_country_id":null},"sizes":[{"id":1606,"article_id":476350,"class_id":0,"name":"3\/6ans","on_standby":false,"stock_local":0,"stock_global":66,"multiple":1,"estimated_date_reassort":null,"is_destocking":false},{"id":1607,"article_id":476351,"class_id":0,"name":"7\/10ans","on_standby":false,"stock_local":0,"stock_global":82,"multiple":1,"estimated_date_reassort":null,"is_destocking":false}],"page_links":{"fr":"\/fr\/p-pr-pr149-tablier-a-bavette-pour-enfant-pr149-18639\/royal-1667\/","en":"\/en\/p-pr-pr149-childs-apron-with-bib-pr149-18639\/royal-1667\/","de":"\/de\/p-pr-pr149-schurze-mit-schurze-fur-kinder-pr149-18639\/royal-1667\/","nl":"\/nl\/p-pr-pr149-schort-met-kraag-voor-kind-pr149-18639\/royal-1667\/","es":"\/es\/p-pr-pr149-delantal-con-babero-para-nino-pr149-18639\/royal-1667\/","it":"\/it\/p-pr-pr149-grembiule-con-bavetta-per-bambino-pr149-18639\/royal-1667\/","sv":"\/sv\/p-pr-pr149-barnforklade-med-skorta-pr149-18639\/royal-1667\/","pt":"\/pt\/p-pr-pr149-avental-com-babador-para-crianca-pr149-18639\/royal-1667\/","da":"\/da\/p-pr-pr149-borneforklaede-med-skort-pr149-18639\/royal-1667\/","pl":"\/pl\/p-pr-pr149-fartuch-dla-dziecka-z-kapturem-pr149-18639\/royal-1667\/"},"page_links_customization":{"fr":"\/fr\/p-pr-pr149-tablier-enfant-coton-polyester-personnalisation-pr149-18639\/royal-1667\/custom\/","en":"\/en\/p-pr-pr149-child-apron-cotton-polyester-customization-pr149-18639\/royal-1667\/custom\/","de":"\/de\/p-pr-pr149-kinder-schurze-aus-baumwolle-polyester-personalisierung-pr149-18639\/royal-1667\/custom\/","nl":"\/nl\/p-pr-pr149-kindertabbertje-katoen-polyester-personalisatie-pr149-18639\/royal-1667\/custom\/","es":"\/es\/p-pr-pr149-delantal-infantil-de-algodon-poliester-personalizacion-pr149-18639\/royal-1667\/custom\/","it":"\/it\/p-pr-pr149-grembiule-bambino-cotone-poliestere-personalizzazione-pr149-18639\/royal-1667\/custom\/","sv":"\/sv\/p-pr-pr149-barnlar-i-bomull-och-polyester-personliggoring-pr149-18639\/royal-1667\/custom\/","pt":"\/pt\/p-pr-pr149-avental-infantil-algodao-poliester-personalizacao-pr149-18639\/royal-1667\/custom\/","da":"\/da\/p-pr-pr149-bornetablet-af-bomuld-polyester-personalisering-pr149-18639\/royal-1667\/custom\/","pl":"\/pl\/p-pr-pr149-fartuch-dzieciecy-z-bawelny-i-poliestru-personalizacja-pr149-18639\/royal-1667\/custom\/"}},{"id":22883,"name":"kelly_green","class_ids":[5],"codes_hexa":["009739"],"delai_24":false,"has_3d":false,"seuil_global":0,"stock_local":0,"stock_global":123,"on_standby":false,"in_catalog":true,"images":{"miniature":["https:\/\/media.th4.com\/vQxI8caBJtC-SniMlJgCB5y2OizNveXcfNiLlBB5nL0\/pr:80\/aHR0cDovL21lZGlhMi5kZXNpZ25wYXJ0bmVyLmZyL2MvcC8xODYzOS8xODYzOS0yMjg4My0xLmpwZw?v=1726746083"],"medium":["https:\/\/media.th4.com\/rkoJs_70T_peBiXBO00PXLg6pPQI_Eg8uAW3ZMFaCAw\/pr:550x550\/aHR0cDovL21lZGlhMi5kZXNpZ25wYXJ0bmVyLmZyL2MvcC8xODYzOS8xODYzOS0yMjg4My0xLmpwZw?v=1726746083"],"medium_large":["https:\/\/media.th4.com\/YQZy-1yeihuNDSg-82Y4cR6xFt8gb0bjb2n1-KbIb0M\/pr:1000x1000\/aHR0cDovL21lZGlhMi5kZXNpZ25wYXJ0bmVyLmZyL2MvcC8xODYzOS8xODYzOS0yMjg4My0xLmpwZw?v=1726746083"],"large":["https:\/\/media.th4.com\/Veh7Sw7TY74G0Zr2Qy9TVv1XcTGQo0Rb8db2fVR34jw\/pr:1920\/aHR0cDovL21lZGlhMi5kZXNpZ25wYXJ0bmVyLmZyL2MvcC8xODYzOS8xODYzOS0yMjg4My0xLmpwZw?v=1726746083"],"opengraph":["https:\/\/media.th4.com\/LFKUirWGmqM4ticvyTFoNimDWWPR3LLOflfcop6PC6I\/pr:1200x630\/aHR0cDovL21lZGlhMi5kZXNpZ25wYXJ0bmVyLmZyL2MvcC8xODYzOS8xODYzOS0yMjg4My0xLmpwZw?v=1726746083"]},"images_customization":{"miniature":["https:\/\/media.th4.com\/vQxI8caBJtC-SniMlJgCB5y2OizNveXcfNiLlBB5nL0\/pr:80\/aHR0cDovL21lZGlhMi5kZXNpZ25wYXJ0bmVyLmZyL2MvcC8xODYzOS8xODYzOS0yMjg4My0xLmpwZw?v=1726746083"],"medium":["https:\/\/media.th4.com\/rkoJs_70T_peBiXBO00PXLg6pPQI_Eg8uAW3ZMFaCAw\/pr:550x550\/aHR0cDovL21lZGlhMi5kZXNpZ25wYXJ0bmVyLmZyL2MvcC8xODYzOS8xODYzOS0yMjg4My0xLmpwZw?v=1726746083"],"medium_large":["https:\/\/media.th4.com\/YQZy-1yeihuNDSg-82Y4cR6xFt8gb0bjb2n1-KbIb0M\/pr:1000x1000\/aHR0cDovL21lZGlhMi5kZXNpZ25wYXJ0bmVyLmZyL2MvcC8xODYzOS8xODYzOS0yMjg4My0xLmpwZw?v=1726746083"],"large":["https:\/\/media.th4.com\/Veh7Sw7TY74G0Zr2Qy9TVv1XcTGQo0Rb8db2fVR34jw\/pr:1920\/aHR0cDovL21lZGlhMi5kZXNpZ25wYXJ0bmVyLmZyL2MvcC8xODYzOS8xODYzOS0yMjg4My0xLmpwZw?v=1726746083"],"opengraph":["https:\/\/media.th4.com\/LFKUirWGmqM4ticvyTFoNimDWWPR3LLOflfcop6PC6I\/pr:1200x630\/aHR0cDovL21lZGlhMi5kZXNpZ25wYXJ0bmVyLmZyL2MvcC8xODYzOS8xODYzOS0yMjg4My0xLmpwZw?v=1726746083"]},"country_origin":"CN","traceability":{"manufacturing_country_id":null,"weaving_country_id":null,"dyeing_country_id":null},"sizes":[{"id":1606,"article_id":476346,"class_id":0,"name":"3\/6ans","on_standby":false,"stock_local":0,"stock_global":1,"multiple":1,"estimated_date_reassort":null,"is_destocking":false},{"id":1607,"article_id":476347,"class_id":0,"name":"7\/10ans","on_standby":false,"stock_local":0,"stock_global":122,"multiple":1,"estimated_date_reassort":null,"is_destocking":false}],"page_links":{"fr":"\/fr\/p-pr-pr149-tablier-a-bavette-pour-enfant-pr149-18639\/kelly-green-22883\/","en":"\/en\/p-pr-pr149-childs-apron-with-bib-pr149-18639\/kelly-green-22883\/","de":"\/de\/p-pr-pr149-schurze-mit-schurze-fur-kinder-pr149-18639\/kelly-green-22883\/","nl":"\/nl\/p-pr-pr149-schort-met-kraag-voor-kind-pr149-18639\/kelly-green-22883\/","es":"\/es\/p-pr-pr149-delantal-con-babero-para-nino-pr149-18639\/kelly-green-22883\/","it":"\/it\/p-pr-pr149-grembiule-con-bavetta-per-bambino-pr149-18639\/kelly-green-22883\/","sv":"\/sv\/p-pr-pr149-barnforklade-med-skorta-pr149-18639\/kelly-green-22883\/","pt":"\/pt\/p-pr-pr149-avental-com-babador-para-crianca-pr149-18639\/kelly-green-22883\/","da":"\/da\/p-pr-pr149-borneforklaede-med-skort-pr149-18639\/kelly-green-22883\/","pl":"\/pl\/p-pr-pr149-fartuch-dla-dziecka-z-kapturem-pr149-18639\/kelly-green-22883\/"},"page_links_customization":{"fr":"\/fr\/p-pr-pr149-tablier-enfant-coton-polyester-personnalisation-pr149-18639\/kelly-green-22883\/custom\/","en":"\/en\/p-pr-pr149-child-apron-cotton-polyester-customization-pr149-18639\/kelly-green-22883\/custom\/","de":"\/de\/p-pr-pr149-kinder-schurze-aus-baumwolle-polyester-personalisierung-pr149-18639\/kelly-green-22883\/custom\/","nl":"\/nl\/p-pr-pr149-kindertabbertje-katoen-polyester-personalisatie-pr149-18639\/kelly-green-22883\/custom\/","es":"\/es\/p-pr-pr149-delantal-infantil-de-algodon-poliester-personalizacion-pr149-18639\/kelly-green-22883\/custom\/","it":"\/it\/p-pr-pr149-grembiule-bambino-cotone-poliestere-personalizzazione-pr149-18639\/kelly-green-22883\/custom\/","sv":"\/sv\/p-pr-pr149-barnlar-i-bomull-och-polyester-personliggoring-pr149-18639\/kelly-green-22883\/custom\/","pt":"\/pt\/p-pr-pr149-avental-infantil-algodao-poliester-personalizacao-pr149-18639\/kelly-green-22883\/custom\/","da":"\/da\/p-pr-pr149-bornetablet-af-bomuld-polyester-personalisering-pr149-18639\/kelly-green-22883\/custom\/","pl":"\/pl\/p-pr-pr149-fartuch-dzieciecy-z-bawelny-i-poliestru-personalizacja-pr149-18639\/kelly-green-22883\/custom\/"}}],"documentation_link":"\/pdf\/18639.pdf","countries_availables":["AD","AE","AL","AT","BA","BD","BE","BG","BL","CA","CH","CN","CO","CY","CZ","DE","DK","DO","EE","EG","ES","ET","FI","FR","GB","GE","GF","GP","GR","GT","HK","HN","HR","HT","HU","ID","IE","IN","IS","IT","JO","JP","KE","KH","KP","KR","LA","LK","LS","LT","LU","LV","MA","MF","MG","MK","MM","MN","MQ","MT","MX","MY","NC","NI","NL","PF","PH","PK","PL","PM","PT","RE","RO","SE","SG","SI","SK","SV","SY","TH","TN","TR","TW","TZ","US","VN","WF","YT"]},"infos_customization":[],"features":{"authorize_multi_surfaces":true,"display_order_delay_type":true,"promote_surface_display":true,"tarification_franco_offert":true,"enabled_3d_editor":false},"markings":[{"id":0,"nom":"vierge","finition":null,"libelle":null,"code":null,"dpi":null,"finesse_forme_isolee":null,"finesse_forme_non_isolee":null,"hauteur_minimale_texte":null,"inactif":0,"marquage_interne":1,"quantite_min":null,"parent_id":null,"print_on_support":0,"content":"vierge","description":null},{"id":2,"nom":"fonce","finition":"optimale","libelle":"TopQuadri","code":null,"dpi":400,"finesse_forme_isolee":"0.040","finesse_forme_non_isolee":"0.700","hauteur_minimale_texte":2,"inactif":0,"marquage_interne":1,"quantite_min":null,"parent_id":18,"print_on_support":0,"content":"TopQuadri","description":"pour petites et moyennes s\u00e9ries"},{"id":3,"nom":"serigraphie","finition":"serigraphie","libelle":"SeriCoat","code":null,"dpi":400,"finesse_forme_isolee":"0.040","finesse_forme_non_isolee":"0.700","hauteur_minimale_texte":2,"inactif":0,"marquage_interne":1,"quantite_min":15,"parent_id":18,"print_on_support":0,"content":"SeriCoat","description":"pour moyennes et grandes s\u00e9ries"},{"id":4,"nom":"broderie","finition":"broderie","libelle":"Broderie","code":null,"dpi":400,"finesse_forme_isolee":"0.040","finesse_forme_non_isolee":"0.700","hauteur_minimale_texte":3,"inactif":0,"marquage_interne":1,"quantite_min":null,"parent_id":null,"print_on_support":0,"content":"Broderie","description":null},{"id":8,"nom":"theme","finition":null,"libelle":"Th\u00e8me","code":null,"dpi":null,"finesse_forme_isolee":null,"finesse_forme_non_isolee":null,"hauteur_minimale_texte":null,"inactif":0,"marquage_interne":1,"quantite_min":null,"parent_id":null,"print_on_support":0,"content":"Th\u00e8me","description":null},{"id":9,"nom":"sans","finition":null,"libelle":null,"code":null,"dpi":null,"finesse_forme_isolee":null,"finesse_forme_non_isolee":null,"hauteur_minimale_texte":null,"inactif":0,"marquage_interne":1,"quantite_min":null,"parent_id":null,"print_on_support":0,"content":"sans","description":null},{"id":10,"nom":"photo","finition":null,"libelle":"Photo","code":null,"dpi":null,"finesse_forme_isolee":null,"finesse_forme_non_isolee":null,"hauteur_minimale_texte":null,"inactif":0,"marquage_interne":1,"quantite_min":null,"parent_id":null,"print_on_support":0,"content":"Photo","description":null},{"id":14,"nom":"couleur","finition":null,"libelle":"Couleur","code":null,"dpi":null,"finesse_forme_isolee":null,"finesse_forme_non_isolee":null,"hauteur_minimale_texte":null,"inactif":0,"marquage_interne":1,"quantite_min":null,"parent_id":null,"print_on_support":0,"content":"Couleur","description":null},{"id":15,"nom":"sublimation","finition":"sublimation","libelle":"Sublimation","code":null,"dpi":null,"finesse_forme_isolee":"0.000","finesse_forme_non_isolee":"0.000","hauteur_minimale_texte":2,"inactif":0,"marquage_interne":1,"quantite_min":null,"parent_id":null,"print_on_support":0,"content":"Sublimation","description":null},{"id":16,"nom":"topquadri_uv","finition":null,"libelle":"TopQuadri UV","code":null,"dpi":null,"finesse_forme_isolee":"0.020","finesse_forme_non_isolee":"0.700","hauteur_minimale_texte":2,"inactif":0,"marquage_interne":1,"quantite_min":null,"parent_id":null,"print_on_support":1,"content":null,"description":null},{"id":17,"nom":"topquadri_uvp","finition":null,"libelle":"TopQuadri UVP","code":null,"dpi":null,"finesse_forme_isolee":"0.020","finesse_forme_non_isolee":"0.700","hauteur_minimale_texte":2,"inactif":0,"marquage_interne":1,"quantite_min":null,"parent_id":null,"print_on_support":1,"content":null,"description":null},{"id":18,"nom":"quadri","finition":null,"libelle":"Impression","code":null,"dpi":null,"finesse_forme_isolee":null,"finesse_forme_non_isolee":null,"hauteur_minimale_texte":null,"inactif":0,"marquage_interne":1,"quantite_min":null,"parent_id":null,"print_on_support":0,"content":null,"description":null}]}}