{"data":{"product":{"id":18638,"titre":"Tablier imperm\u00e9able pour enfant","description":"Une combinaison indispensable pour les petits, qui prot\u00e8ge leurs v\u00eatements pendant leur diff\u00e9rentes activit\u00e9s. La lani\u00e8re autour du cou est dot\u00e9e d'une languette d'ajustage et d'un m\u00e9canisme de s\u00e9curit\u00e9 \u00e0 crochet pression qui se d\u00e9fait en cas de tension pour \u00e9viter les blessures. Disponible en taille petit et junior. Tissu imperm\u00e9able. M\u00e9canisme de d\u00e9verrouillage de s\u00e9curit\u00e9. Sangles tissu 50cm. Taille 3-6 ans : Largeur 43 cm, Longueur 53 cm. Taille 7-10 ans : Largeur 48 cm, Longueur 63 cm. Composition : 100% polyester enduit de polyur\u00e9thane.","genre":"enfant","grammage":110,"conditionnement":72,"composition":"polyester,polyester_uniquement","reference":"pr-pr145","reference_visible":"pr-pr145","reference_fabricant":"PR145","ref_xor":"728715","in_catalog":true,"is_transfer":false,"is_service":false,"on_standby":false,"has_3d":false,"has_size_guide":false,"has_marking":true,"has_vierge":true,"is_cross_sellable":false,"id_picto":29,"filename_3d":null,"brand":{"id":38,"name":"Premier","logo":"logo-premier.png","image":"https:\/\/media.th4.com\/38b2orFvoslv2Wp5jXpfGfOatP9RuQaCFmnyAq4-2PY\/pr:brand70x70\/aHR0cDovL21lZGlhMi5kZXNpZ25wYXJ0bmVyLmZyL2MvbS9sb2dvLXByZW1pZXIucG5n"},"price_infos":{"price_from":3.52,"quantity":200,"color":{"id":1677,"name":"black"},"size":{"id":1606,"name":"3\/6ans"}},"price_infos_marking":{"price_from":7.39,"quantity":350,"color":{"id":1677,"name":"black"},"size":{"id":1606,"name":"3\/6ans"},"marking":{"id":2,"name":""},"emplacement":"avant","surface_emplacement_id":1,"surface":"coeur"},"i18n":{"blank":{"title":{"fr":"Tablier imperm\u00e9able pour enfant PREMIER pr145","en":"Waterproof apron for child PREMIER pr145","de":"Wasserdichter Sch\u00fcrze f\u00fcr Kinder PREMIER pr145","nl":"Waterdichte voorhouder voor kinderen PREMIER pr145","es":"Delantal impermeable para ni\u00f1o PREMIER pr145","it":"Grembiule impermeabile per bambino PREMIER pr145","sv":"Vattent\u00e4t f\u00f6rkl\u00e4de f\u00f6r barn PREMIER pr145","pt":"Avental imperme\u00e1vel para crian\u00e7a PREMIER pr145","da":"Regnfrakke til b\u00f8rn PREMIER pr145","pl":"Nieprzemakalny fartuch dla dziecka PREMIER pr145"},"description":{"fr":"Ce tablier imperm\u00e9able est con\u00e7u pour prot\u00e9ger les v\u00eatements des enfants pendant leurs activit\u00e9s. Il est dot\u00e9 d'une lani\u00e8re de cou ajustable avec un m\u00e9canisme de s\u00e9curit\u00e9 \u00e0 crochet pression qui se d\u00e9tache en cas de tension. Le tablier est con\u00e7u pour offrir une protection efficace contre l'humidit\u00e9 et les \u00e9claboussures. \n\n- Mati\u00e8re : 100% polyester enduit polyur\u00e9thane\n- M\u00e9canisme de s\u00e9curit\u00e9 : Crochet pression\n- Longueur sangle : 50cm\n- Taille 3-6 ans : Largeur 43 cm, Longueur 53 cm\n- Taille 7-10 ans : Largeur 48 cm, Longueur 63 cm","en":"This waterproof apron is designed to protect children's clothes during their activities. It features an adjustable neck strap with a safety hook and pressure mechanism that releases under tension. The apron is designed to provide effective protection against moisture and splashes.\n\n- Material: 100% polyester polyurethane coated\n- Safety mechanism: Hook and pressure\n- Strap length: 50cm\n- Size 3-6 years: Width 43 cm, Length 53 cm\n- Size 7-10 years: Width 48 cm, Length 63 cm","de":"Diese wasserdichte Sch\u00fcrze ist so konzipiert, dass sie die Kleidung der Kinder w\u00e4hrend ihrer Aktivit\u00e4ten sch\u00fctzt. Sie ist mit einem verstellbaren Halsriemen mit einem Sicherheitsmechanismus ausgestattet, der sich bei Spannung l\u00f6st. Die Sch\u00fcrze ist so gestaltet, dass sie einen effektiven Schutz gegen Feuchtigkeit und Spritzer bietet. \n\n- Material: 100% Polyester mit Polyurethanbeschichtung\n- Sicherheitsmechanismus: Druckknopf\n- Riemenl\u00e4nge: 50 cm\n- Gr\u00f6\u00dfe 3-6 Jahre: Breite 43 cm, L\u00e4nge 53 cm\n- Gr\u00f6\u00dfe 7-10 Jahre: Breite 48 cm, L\u00e4nge 63 cm","nl":"Deze waterdichte voorhouder is ontworpen om de kleding van kinderen te beschermen tijdens hun activiteiten. Hij is uitgerust met een instelbare halsband met een veiligheidsmechanisme met drukhaak die zich losmaakt bij spanning. De voorhouder is ontworpen om effectieve bescherming te bieden tegen vocht en spatten. \n\n- Materiaal: 100% polyester polyurethaanschikt\n- Veiligheidsmechanisme: drukhaak\n- Lengte riem: 50 cm\n- Maat 3-6 jaar: Breedte 43 cm, Lengte 53 cm\n- Maat 7-10 jaar: Breedte 48 cm, Lengte 63 cm","es":"Este delantal impermeable est\u00e1 dise\u00f1ado para proteger la ropa de los ni\u00f1os durante sus actividades. Est\u00e1 equipado con una correa ajustable con un mecanismo de seguridad de gancho presi\u00f3n que se desprende en caso de tensi\u00f3n. El delantal est\u00e1 dise\u00f1ado para ofrecer una protecci\u00f3n efectiva contra la humedad y los salpicones. \n\n- Material: 100% poli\u00e9ster recubierto de poliuretano\n- Mecanismo de seguridad: Gancho presi\u00f3n\n- Longitud correa: 50cm\n- Talla 3-6 a\u00f1os: Anchura 43 cm, Longitud 53 cm\n- Talla 7-10 a\u00f1os: Anchura 48 cm, Longitud 63 cm","it":"Questo grembiule impermeabile \u00e8 progettato per proteggere i vestiti dei bambini durante le loro attivit\u00e0. \u00c8 dotato di una cinghia regolabile con un meccanismo di sicurezza a gancio pressione che si sgancia in caso di tensione. Il grembiule \u00e8 progettato per offrire una protezione efficace contro l'umidit\u00e0 e gli schizzi. \n\n- Materiale: 100% poliestere rivestito in poliuretano\n- Meccanismo di sicurezza: Gancio pressione\n- Lunghezza cinghia: 50cm\n- Taglia 3-6 anni: Larghezza 43 cm, Lunghezza 53 cm\n- Taglia 7-10 anni: Larghezza 48 cm, Lunghezza 63 cm","sv":"Detta vattent\u00e4ta f\u00f6rkl\u00e4de \u00e4r utformat f\u00f6r att skydda barnens kl\u00e4der under deras aktiviteter. Det \u00e4r utrustat med en justerbar halsrem med en s\u00e4kerhetsmekanism som lossnar vid sp\u00e4nning. F\u00f6rkl\u00e4det \u00e4r utformat f\u00f6r att erbjuda effektivt skydd mot fukt och st\u00e4nk.\n\n- Material: 100% polyester med polyuretanbel\u00e4ggning\n- S\u00e4kerhetsmekanism: Tryckknapp\n- L\u00e4ngd rem: 50cm\n- Storlek 3-6 \u00e5r: Bredd 43 cm, L\u00e4ngd 53 cm\n- Storlek 7-10 \u00e5r: Bredd 48 cm, L\u00e4ngd 63 cm","pt":"Este avental imperme\u00e1vel \u00e9 projetado para proteger as roupas das crian\u00e7as durante suas atividades. Ele possui uma fivela de pesco\u00e7o ajust\u00e1vel com um mecanismo de seguran\u00e7a que se desprende em caso de tens\u00e3o. O avental \u00e9 projetado para oferecer prote\u00e7\u00e3o eficaz contra umidade e respingos. \n\n- Material: 100% poli\u00e9ster revestido com poliuretano\n- Mecanismo de seguran\u00e7a: Fecho de press\u00e3o\n- Comprimento da al\u00e7a: 50cm\n- Tamanho 3-6 anos: Largura 43 cm, Comprimento 53 cm\n- Tamanho 7-10 anos: Largura 48 cm, Comprimento 63 cm","da":"Denne regnfrakke er designet til at beskytte b\u00f8rns t\u00f8j under deres aktiviteter. Den har en justerbar halsrem med et sikkerhedsmekanisme med trykknap, der l\u00f8sner ved sp\u00e6nding. Regnfrakken er designet til at tilbyde effektiv beskyttelse mod fugt og sprut. \n\n- Materiale: 100% polyester belagt med polyurethan\n- Sikkerhedsmekanisme: Trykknap\n- Reml\u00e6ngde: 50cm\n- St\u00f8rrelse 3-6 \u00e5r: Bredde 43 cm, L\u00e6ngde 53 cm\n- St\u00f8rrelse 7-10 \u00e5r: Bredde 48 cm, L\u00e6ngde 63 cm","pl":"Ten nieprzemakalny fartuch jest zaprojektowany w celu ochrony ubra\u0144 dzieci podczas aktywno\u015bci. Jest wyposa\u017cony w regulowan\u0105 link\u0119 na szyj\u0119 z mechanizmem bezpiecze\u0144stwa na klamr\u0119, kt\u00f3ra si\u0119 odpi\u0105\u0107 w przypadku napr\u0119\u017cenia. Fartuch jest zaprojektowany, aby zapewni\u0107 skuteczn\u0105 ochron\u0119 przed wilgoci\u0105 i rozpryskami. \n\n- Materia\u0142: 100% poliestru pokrytego poliuretanem\n- Mechanizm bezpiecze\u0144stwa: Klamra\n- D\u0142ugo\u015b\u0107 paska: 50 cm\n- Rozmiar 3-6 lat: Szeroko\u015b\u0107 43 cm, D\u0142ugo\u015b\u0107 53 cm\n- Rozmiar 7-10 lat: Szeroko\u015b\u0107 48 cm, D\u0142ugo\u015b\u0107 63 cm"},"h1":{"fr":"Tablier imperm\u00e9able pour enfant pr145","en":"Waterproof apron for child pr145","de":"Wasserdichter Sch\u00fcrze f\u00fcr Kinder pr145","nl":"Waterdichte voorhouder voor kinderen pr145","es":"Delantal impermeable para ni\u00f1o pr145","it":"Grembiule impermeabile per bambino pr145","sv":"Vattent\u00e4t f\u00f6rkl\u00e4de f\u00f6r barn pr145","pt":"Avental imperme\u00e1vel para crian\u00e7a pr145","da":"Regnfrakke til b\u00f8rn pr145","pl":"Nieprzemakalny fartuch dla dziecka pr145"},"meta_description":{"fr":"Tablier imperm\u00e9able pour enfant. Prot\u00e8ge les v\u00eatements pendant les activit\u00e9s. M\u00e9canisme de s\u00e9curit\u00e9. Disponible en plusieurs tailles. Id\u00e9al pour les enfants.","en":"Waterproof apron for child. Protects clothes during activities. Safety mechanism. Available in several sizes. Ideal for children.","de":"Wasserdichte Sch\u00fcrze f\u00fcr Kinder. Sch\u00fctzt Kleidung w\u00e4hrend der Aktivit\u00e4ten. Sicherheitsmechanismus. In verschiedenen Gr\u00f6\u00dfen erh\u00e4ltlich. Ideal f\u00fcr Kinder.","nl":"Waterdichte voorhouder voor kinderen. Beschermt de kleding tijdens activiteiten. Veiligheidsmechanisme. Beschikbaar in verschillende maten. Ideaal voor kinderen.","es":"Delantal impermeable para ni\u00f1o. Protege la ropa durante las actividades. Mecanismo de seguridad. Disponible en varias tallas. Ideal para ni\u00f1os.","it":"Grembiule impermeabile per bambino. Protegge i vestiti durante le attivit\u00e0. Meccanismo di sicurezza. Disponibile in diverse misure. Ideale per i bambini.","sv":"Vattent\u00e4t f\u00f6rkl\u00e4de f\u00f6r barn. Skyddar kl\u00e4derna under aktiviteter. S\u00e4kerhetsmekanism. Tillg\u00e4nglig i flera storlekar. Idealisk f\u00f6r barn.","pt":"Avental imperme\u00e1vel para crian\u00e7a. Protege as roupas durante as atividades. Mecanismo de seguran\u00e7a. Dispon\u00edvel em v\u00e1rios tamanhos. Ideal para crian\u00e7as.","da":"Regnfrakke til b\u00f8rn. Beskytter t\u00f8jet under aktiviteter. Sikkerhedsmekanisme. Tilg\u00e6ngelig i flere st\u00f8rrelser. Ideelt til b\u00f8rn.","pl":"Nieprzemakalny fartuch dla dziecka. Chroni ubrania podczas aktywno\u015bci. Mechanizm bezpiecze\u0144stwa. Dost\u0119pny w kilku rozmiarach. Idealny dla dzieci."}},"custom":{"title":{"fr":"Tablier imperm\u00e9able pour enfant PREMIER personnalisable avec votre logo pr145","en":"Waterproof Apron for Child PREMIER Customizable with Your Logo pr145","de":"Wasserdichter Sch\u00fcrze f\u00fcr Kinder PREMIER mit Ihrem Logo personalisierbar pr145","nl":"Beschermende kinderen koker voor kinderen Premier aanpasbaar met uw logo pr145","es":"Delantal impermeable para ni\u00f1o PREMIER personalizable con su logo pr145","it":"Grembiule impermeabile per bambini PREMIER personalizzabile con il vostro logo pr145","sv":"Personaliserbara vattenavst\u00f6tande f\u00f6rkl\u00e4de f\u00f6r barn PREMIER med ditt logo pr145","pt":"Avental imperme\u00e1vel para crian\u00e7a PREMIER personaliz\u00e1vel com o seu logotipo pr145","da":"Barns vandt\u00e6t forkl\u00e6de PREMIER personificeret med dit logo pr145","pl":"Os\u0142aniaj\u0105cy fartuch dla dziecka PREMIER personalizowalny z twoim logo pr145"},"description":{"fr":"Ce tablier imperm\u00e9able pour enfant est un accessoire indispensable pour prot\u00e9ger les v\u00eatements lors des activit\u00e9s en plein air et cr\u00e9atives. Con\u00e7u pour les enfants, il offre une protection efficace contre les \u00e9claboussures et la salet\u00e9. La lani\u00e8re autour du cou est \u00e9quip\u00e9e d'une languette d'ajustage et d'un m\u00e9canisme de s\u00e9curit\u00e9 \u00e0 crochet pression qui se d\u00e9fait en cas de tension, assurant ainsi la s\u00e9curit\u00e9 de l'enfant. Ce tablier est personnalisable, permettant d'ajouter un logo, un visuel ou un texte pour une identification facile ou une promotion de votre marque. Disponible en taille petit et junior, il s'adapte aux besoins des enfants en pleine croissance. \n\n- Taille 3-6 ans : Largeur 43 cm, Longueur 53 cm.\n- Taille 7-10 ans : Largeur 48 cm, Longueur 63 cm.\n- Composition : 100% polyester enduit de polyur\u00e9thane.","en":"This waterproof apron for children is an essential accessory to protect clothes during outdoor and creative activities. Designed for children, it offers effective protection against splashes and dirt. The strap around the neck is equipped with an adjustment tab and a hook-and-loop fastening mechanism that releases in case of tension, ensuring the child's safety. This apron is customizable, allowing you to add a logo, visual or text for easy identification or promotion of your brand. Available in small and junior sizes, it adapts to the needs of growing children.\n\n- Size 3-6 years: Width 43 cm, Length 53 cm.\n- Size 7-10 years: Width 48 cm, Length 63 cm.\n- Composition: 100% polyester coated with polyurethane.","de":"Diese wasserdichte Sch\u00fcrze f\u00fcr Kinder ist ein unentbehrliches Accessoire zum Schutz der Kleidung bei Outdoor-Aktivit\u00e4ten und kreativen T\u00e4tigkeiten. F\u00fcr Kinder entwickelt, bietet sie einen effektiven Schutz vor Spritzern und Schmutz. Das Band um den Hals ist mit einer Verstelllasche und einem Sicherheitsmechanismus mit Druckknopf ausgestattet, der sich bei Spannung l\u00f6st und somit die Sicherheit des Kindes gew\u00e4hrleistet. Diese Sch\u00fcrze ist personalisierbar, sodass ein Logo, ein Bild oder ein Text f\u00fcr eine einfache Identifikation oder die F\u00f6rderung Ihrer Marke hinzugef\u00fcgt werden kann. In den Gr\u00f6\u00dfen klein und junior erh\u00e4ltlich, passt sie sich den Bed\u00fcrfnissen wachsender Kinder an. \n\n- Gr\u00f6\u00dfe 3-6 Jahre: Breite 43 cm, L\u00e4nge 53 cm.\n- Gr\u00f6\u00dfe 7-10 Jahre: Breite 48 cm, L\u00e4nge 63 cm.\n- Zusammensetzung: 100% Polyester mit Polyurethan-Beschichtung.","nl":"Deze beschermende koker voor kinderen is een essentieel accessoire om kleding te beschermen tijdens buitenspelen en creatieve activiteiten. Ontworpen voor kinderen, biedt deze koker effectieve bescherming tegen spatten en vuil. De baan om de nek is uitgerust met een aanpasbare lint en een veiligheidskoppeling die loskomt bij spanning, waardoor de veiligheid van het kind wordt gegarandeerd. Deze koker is aanpasbaar, zodat u een logo, visueel of tekst kunt toevoegen voor eenvoudige identificatie of promotie van uw merk. Beschikbaar in klein en junior formaat, past het zich aan aan de behoeften van groeiende kinderen.\n\n- Maat 3-6 jaar: Breedte 43 cm, Lengte 53 cm.\n- Maat 7-10 jaar: Breedte 48 cm, Lengte 63 cm.\n- Samenstelling: 100% polyester met polyurethaan bekleding.","es":"Este delantal impermeable para ni\u00f1o es un accesorio indispensable para proteger la ropa durante las actividades al aire libre y creativas. Dise\u00f1ado para ni\u00f1os, ofrece una protecci\u00f3n eficaz contra salpicaduras y suciedad. La correa alrededor del cuello est\u00e1 equipada con una leng\u00fceta de ajuste y un mecanismo de seguridad con presi\u00f3n que se desprende en caso de tensi\u00f3n, asegurando as\u00ed la seguridad del ni\u00f1o. Este delantal es personalizable, permitiendo agregar un logo, un dise\u00f1o o un texto para una identificaci\u00f3n f\u00e1cil o una promoci\u00f3n de su marca. Disponible en tama\u00f1o peque\u00f1o y junior, se adapta a las necesidades de los ni\u00f1os en crecimiento. \n\n- Tama\u00f1o 3-6 a\u00f1os: Ancho 43 cm, Longitud 53 cm.\n- Tama\u00f1o 7-10 a\u00f1os: Ancho 48 cm, Longitud 63 cm.\n- Composici\u00f3n: 100% poli\u00e9ster recubierto de poliuretano.","it":"Questo grembiule impermeabile per bambini \u00e8 un accessorio indispensabile per proteggere i vestiti durante le attivit\u00e0 all'aria aperta e creative. Progettato per i bambini, offre una protezione efficace contro gli schizzi e lo sporco. La fascia intorno al collo \u00e8 dotata di una linguetta di regolazione e di un meccanismo di sicurezza a pressione che si sgancia in caso di tensione, garantendo cos\u00ec la sicurezza del bambino. Questo grembiule \u00e8 personalizzabile, permettendo di aggiungere un logo, un visivo o un testo per un'identificazione facile o una promozione del vostro marchio. Disponibile in taglia piccola e junior, si adatta alle esigenze dei bambini in crescita.","sv":"Detta vattenavst\u00f6tande barnf\u00f6rkl\u00e4de \u00e4r ett oumb\u00e4rligt tillbeh\u00f6r f\u00f6r att skydda kl\u00e4derna under utomhus- och kreativa aktiviteter. Utformat f\u00f6r barn, erbjuder det effektivt skydd mot st\u00e4nk och smuts. Halsremmen \u00e4r utrustad med en justeringsflik och en s\u00e4kerhetsmekanism med krokar som lossnar vid sp\u00e4nning, vilket s\u00e4kerst\u00e4ller barnets s\u00e4kerhet. F\u00f6rkl\u00e4det kan personaliseras, vilket g\u00f6r det m\u00f6jligt att l\u00e4gga till ett logo, en visuell effekt eller text f\u00f6r enkel identifiering eller marknadsf\u00f6ring av ditt varum\u00e4rke. Tillg\u00e4ngligt i storlekarna liten och junior, passar det barnens behov n\u00e4r de v\u00e4xer. \n\n- Storlek 3-6 \u00e5r: Bredd 43 cm, L\u00e4ngd 53 cm.\n- Storlek 7-10 \u00e5r: Bredd 48 cm, L\u00e4ngd 63 cm.\n- Sammans\u00e4ttning: 100% polyester belagt med polyuretan.","pt":"Este avental imperme\u00e1vel para crian\u00e7a \u00e9 um acess\u00f3rio indispens\u00e1vel para proteger as roupas durante atividades ao ar livre e criativas. Concebido para crian\u00e7as, oferece uma prote\u00e7\u00e3o eficaz contra salpicos e sujidade. A al\u00e7a ao redor do pesco\u00e7o \u00e9 equipada com uma abas de ajuste e um mecanismo de seguran\u00e7a com fivela pression\u00e1vel que se desfaz em caso de tens\u00e3o, garantindo assim a seguran\u00e7a da crian\u00e7a. Este avental \u00e9 personaliz\u00e1vel, permitindo adicionar um logotipo, uma imagem ou um texto para identifica\u00e7\u00e3o f\u00e1cil ou promo\u00e7\u00e3o da sua marca. Dispon\u00edvel em tamanho pequeno e juvenil, adapta-se \u00e0s necessidades das crian\u00e7as em crescimento.\n\n- Tamanho 3-6 anos: Largura 43 cm, Comprimento 53 cm.\n- Tamanho 7-10 anos: Largura 48 cm, Comprimento 63 cm.\n- Composi\u00e7\u00e3o: 100% poli\u00e9ster revestido de poliuretano.","da":"Dette vandt\u00e6tte forkl\u00e6de til b\u00f8rn er et uundv\u00e6rligt tilbeh\u00f8r til at beskytte t\u00f8jet under udend\u00f8rs- og kreative aktiviteter. Designet til b\u00f8rn, tilbyder det effektiv beskyttelse mod spr\u00f8jt og snavs. Stropperne omkring halsen er udstyret med en justeringslomme og en sikkerhedsmekanisme med trykknap, der l\u00f8sner ved sp\u00e6nding, hvilket sikrer barnets sikkerhed. Dette forkl\u00e6de kan personificeres, hvilket g\u00f8r det muligt at tilf\u00f8je et logo, et billede eller tekst til nem identifikation eller promotion af din virksomhed. Tilg\u00e6ngelig i st\u00f8rrelserne lille og junior, passer det til b\u00f8rns behov, n\u00e5r de vokser. \n\n- St\u00f8rrelse 3-6 \u00e5r: Bredde 43 cm, L\u00e6ngde 53 cm.\n- St\u00f8rrelse 7-10 \u00e5r: Bredde 48 cm, L\u00e6ngde 63 cm.\n- Sammens\u00e6tning: 100% polyester belagt med polyur\u00e9than.","pl":"Ten os\u0142aniaj\u0105cy fartuch dla dziecka to niezb\u0119dny akcesorium do ochrony ubra\u0144 podczas aktywno\u015bci na \u015bwie\u017cym powietrzu i kreatywnych. Zaprojektowany dla dzieci, oferuje skuteczn\u0105 ochron\u0119 przed rozlewiskami i brudem. Pas wok\u00f3\u0142 szyi jest wyposa\u017cony w klamk\u0119 dostosowuj\u0105c\u0105 i mechanizm bezpiecze\u0144stwa, kt\u00f3ry si\u0119 odpinie w przypadku napi\u0119cia, zapewniaj\u0105c tym samym bezpiecze\u0144stwo dziecka. Ten fartuch jest personalizowalny, pozwalaj\u0105c na dodanie logo, wizualu lub tekstu dla \u0142atwego rozpoznania lub promocji twojej marki. Dost\u0119pny w rozmiarze ma\u0142ym i junior, dostosowuje si\u0119 do potrzeb rosn\u0105cych dzieci. \n\n- Rozmiar 3-6 lat: Szeroko\u015b\u0107 43 cm, D\u0142ugo\u015b\u0107 53 cm.\n- Rozmiar 7-10 lat: Szeroko\u015b\u0107 48 cm, D\u0142ugo\u015b\u0107 63 cm.\n- Sk\u0142ad: 100% poliestru pokryty poliuretanem."},"h1":{"fr":"Tablier enfant imperm\u00e9able personnalisable avec votre visuel pr145","en":"Child Waterproof Apron Customizable with Your Visual pr145","de":"Wasserdichte Kinder-Sch\u00fcrze mit Ihrem Bild personalisierbar pr145","nl":"Beschermende koker voor kinderen aanpasbaar met uw visueel pr145","es":"Delantal para ni\u00f1o impermeable personalizable con su dise\u00f1o pr145","it":"Grembiule per bambini impermeabile personalizzabile con il vostro visivo pr145","sv":"Vattenavst\u00f6tande barnf\u00f6rkl\u00e4de som kan personaliseras med ditt visuella pr145","pt":"Avental infantil imperme\u00e1vel personaliz\u00e1vel com a sua imagem pr145","da":"Barns vandt\u00e6t forkl\u00e6de personificeret med dit billede pr145","pl":"Os\u0142aniaj\u0105cy fartuch dla dziecka personalizowalny z twoim wzorem pr145"},"meta_description":{"fr":"Prot\u00e9gez les v\u00eatements de vos enfants avec ce tablier imperm\u00e9able PREMIER. Personnalisable en broderie ou avec votre logo pour une visibilit\u00e9 accrue.","en":"Protect your children's clothes with this PREMIER waterproof apron. Customizable with embroidery or your logo for increased visibility.","de":"Sch\u00fctzen Sie die Kleidung Ihrer Kinder mit dieser wasserdichten Sch\u00fcrze PREMIER. Personalisierbar mit Stickerei oder Ihrem Logo f\u00fcr eine erh\u00f6hte Sichtbarkeit.","nl":"Bescherm de kleding van uw kinderen met deze beschermende koker Premier. Aanpasbaar met borduurwerk of uw logo voor extra zichtbaarheid.","es":"Prot\u00e9jase la ropa de sus hijos con este delantal impermeable PREMIER. Personalizable en bordado o con su logo para una mayor visibilidad.","it":"Proteggi i vestiti dei tuoi bambini con questo grembiule impermeabile PREMIER. Personalizzabile in ricamo o con il tuo logo per una maggiore visibilit\u00e0.","sv":"Skydda dina barns kl\u00e4der med detta vattenavst\u00f6tande f\u00f6rkl\u00e4de PREMIER. Kan personaliseras med broderi eller ditt logo f\u00f6r \u00f6kad synlighet.","pt":"Proteja as roupas das suas crian\u00e7as com este avental imperme\u00e1vel PREMIER. Personaliz\u00e1vel com bordado ou com o seu logotipo para maior visibilidade.","da":"Beskyt dine b\u00f8rns t\u00f8j med dette vandt\u00e6tte forkl\u00e6de PREMIER. Kan personificeres med broderi eller dit logo for \u00f8get synlighed.","pl":"Chron przedmioty dzieci\u0119ce tym os\u0142aniaj\u0105cym fartuchem PREMIER. Mo\u017cliwa personalizacja za pomoc\u0105 haftu lub twojego logo, aby zwi\u0119kszy\u0107 widoczno\u015b\u0107."}}},"categories":[{"id":185,"name":"Tabliers","singular":"Tablier","is_feminin":false},{"id":354,"name":"Textile","singular":"Textile","is_feminin":false}],"certifications":[{"id":19,"label":"W.R.A.P.","logo_link":"\/images\/certifications\/19_WRAP.jpg","is_marking_compatible":false},{"id":20,"label":"Amfori BSCI","logo_link":"\/images\/certifications\/20_Amfori_BSCI.jpg","is_marking_compatible":false},{"id":21,"label":"Sedex","logo_link":"\/images\/certifications\/21_Sedex.jpg","is_marking_compatible":false}],"videos":{"fr":[],"en":[],"de":[],"nl":[],"es":[],"it":[],"sv":[],"pt":[],"da":[],"pl":[]},"main_images":{"miniature":"https:\/\/media.th4.com\/5VopNOkqwMeWOTGHiRAlkd4e4g6S7MYRjKojE4zsRR0\/pr:80\/aHR0cDovL21lZGlhMi5kZXNpZ25wYXJ0bmVyLmZyL2MvcC1NVC8xODYzOC5qcGc?v=1726822967","medium":"https:\/\/media.th4.com\/ys-ckCOaDredlzE2C1fNObfCakAYk8phbyTuLwxlf-k\/pr:550x550greybg\/aHR0cDovL21lZGlhMi5kZXNpZ25wYXJ0bmVyLmZyL2MvcC1NVC8xODYzOC5qcGc?v=1726822967","medium_large":"https:\/\/media.th4.com\/7LfwJzvi2T7lUe0PjFGBn7eMjYfV_zvzY0jmIE4ciSI\/pr:1000x1000greybg\/aHR0cDovL21lZGlhMi5kZXNpZ25wYXJ0bmVyLmZyL2MvcC1NVC8xODYzOC5qcGc?v=1726822967","large":"https:\/\/media.th4.com\/VbxrRrHM4slKofMX1IUp2nOn0DCc7Q_-kKJYWDo4KE8\/pr:1920greybg\/aHR0cDovL21lZGlhMi5kZXNpZ25wYXJ0bmVyLmZyL2MvcC1NVC8xODYzOC5qcGc?v=1726822967","opengraph":"https:\/\/media.th4.com\/aQiIVOi-K6E_BuVqMWj-IgqljTprof91J1ouio9lJnk\/pr:1200x630greybg\/aHR0cDovL21lZGlhMi5kZXNpZ25wYXJ0bmVyLmZyL2MvcC1NVC8xODYzOC5qcGc?v=1726822967"},"main_images_customization":{"miniature":"https:\/\/media.th4.com\/5VopNOkqwMeWOTGHiRAlkd4e4g6S7MYRjKojE4zsRR0\/pr:80\/aHR0cDovL21lZGlhMi5kZXNpZ25wYXJ0bmVyLmZyL2MvcC1NVC8xODYzOC5qcGc?v=1726822967","medium":"https:\/\/media.th4.com\/ys-ckCOaDredlzE2C1fNObfCakAYk8phbyTuLwxlf-k\/pr:550x550greybg\/aHR0cDovL21lZGlhMi5kZXNpZ25wYXJ0bmVyLmZyL2MvcC1NVC8xODYzOC5qcGc?v=1726822967","medium_large":"https:\/\/media.th4.com\/7LfwJzvi2T7lUe0PjFGBn7eMjYfV_zvzY0jmIE4ciSI\/pr:1000x1000greybg\/aHR0cDovL21lZGlhMi5kZXNpZ25wYXJ0bmVyLmZyL2MvcC1NVC8xODYzOC5qcGc?v=1726822967","large":"https:\/\/media.th4.com\/VbxrRrHM4slKofMX1IUp2nOn0DCc7Q_-kKJYWDo4KE8\/pr:1920greybg\/aHR0cDovL21lZGlhMi5kZXNpZ25wYXJ0bmVyLmZyL2MvcC1NVC8xODYzOC5qcGc?v=1726822967","opengraph":"https:\/\/media.th4.com\/aQiIVOi-K6E_BuVqMWj-IgqljTprof91J1ouio9lJnk\/pr:1200x630greybg\/aHR0cDovL21lZGlhMi5kZXNpZ25wYXJ0bmVyLmZyL2MvcC1NVC8xODYzOC5qcGc?v=1726822967"},"page_links":{"fr":"\/fr\/p-pr-pr145-tablier-impermeable-pour-enfant-pr145-18638\/","en":"\/en\/p-pr-pr145-waterproof-apron-for-child-pr145-18638\/","de":"\/de\/p-pr-pr145-wasserdichter-schurze-fur-kinder-pr145-18638\/","nl":"\/nl\/p-pr-pr145-waterdichte-voorhouder-voor-kinderen-pr145-18638\/","es":"\/es\/p-pr-pr145-delantal-impermeable-para-nino-pr145-18638\/","it":"\/it\/p-pr-pr145-grembiule-impermeabile-per-bambino-pr145-18638\/","sv":"\/sv\/p-pr-pr145-vattentat-forklade-for-barn-pr145-18638\/","pt":"\/pt\/p-pr-pr145-avental-impermeavel-para-crianca-pr145-18638\/","da":"\/da\/p-pr-pr145-regnfrakke-til-born-pr145-18638\/","pl":"\/pl\/p-pr-pr145-nieprzemakalny-fartuch-dla-dziecka-pr145-18638\/"},"page_links_customization":{"fr":"\/fr\/p-pr-pr145-tablier-enfant-impermeable-personnalisable-avec-votre-visuel-pr145-18638\/custom\/","en":"\/en\/p-pr-pr145-child-waterproof-apron-customizable-with-your-visual-pr145-18638\/custom\/","de":"\/de\/p-pr-pr145-wasserdichte-kinder-schurze-mit-ihrem-bild-personalisierbar-pr145-18638\/custom\/","nl":"\/nl\/p-pr-pr145-beschermende-koker-voor-kinderen-aanpasbaar-met-uw-visueel-pr145-18638\/custom\/","es":"\/es\/p-pr-pr145-delantal-para-nino-impermeable-personalizable-con-su-diseno-pr145-18638\/custom\/","it":"\/it\/p-pr-pr145-grembiule-per-bambini-impermeabile-personalizzabile-con-il-vostro-visivo-pr145-18638\/custom\/","sv":"\/sv\/p-pr-pr145-vattenavstotande-barnforklade-som-kan-personaliseras-med-ditt-visuella-pr145-18638\/custom\/","pt":"\/pt\/p-pr-pr145-avental-infantil-impermeavel-personalizavel-com-a-sua-imagem-pr145-18638\/custom\/","da":"\/da\/p-pr-pr145-barns-vandtaet-forklaede-personificeret-med-dit-billede-pr145-18638\/custom\/","pl":"\/pl\/p-pr-pr145-oslaniajacy-fartuch-dla-dziecka-personalizowalny-z-twoim-wzorem-pr145-18638\/custom\/"},"equivalent_products":[],"colors":[{"id":1677,"name":"black","class_ids":[4],"codes_hexa":["1a1a18"],"delai_24":false,"has_3d":false,"seuil_global":0,"stock_local":0,"stock_global":614,"on_standby":false,"in_catalog":true,"images":{"miniature":["https:\/\/media.th4.com\/heLY1SnwygFx42oM_zlPs6rhZN0RbsV42q57XzW7mTk\/pr:80\/aHR0cDovL21lZGlhMi5kZXNpZ25wYXJ0bmVyLmZyL2MvcC8xODYzOC8xODYzOC0xNjc3LTEuanBn?v=1726746077"],"medium":["https:\/\/media.th4.com\/9jGPxSO_dhHA8f-C-0-yrnTCl-EWquywAl7zVVUDO3I\/pr:550x550\/aHR0cDovL21lZGlhMi5kZXNpZ25wYXJ0bmVyLmZyL2MvcC8xODYzOC8xODYzOC0xNjc3LTEuanBn?v=1726746077"],"medium_large":["https:\/\/media.th4.com\/NH4bRNfDXZqi17Ym9oGv3ytfUpfNZSuHhtZOWz0HSLo\/pr:1000x1000\/aHR0cDovL21lZGlhMi5kZXNpZ25wYXJ0bmVyLmZyL2MvcC8xODYzOC8xODYzOC0xNjc3LTEuanBn?v=1726746077"],"large":["https:\/\/media.th4.com\/2A4Xi_a1-Zr19ZRZvgirmV7mOLIvp6DOgvPmDrxO__0\/pr:1920\/aHR0cDovL21lZGlhMi5kZXNpZ25wYXJ0bmVyLmZyL2MvcC8xODYzOC8xODYzOC0xNjc3LTEuanBn?v=1726746077"],"opengraph":["https:\/\/media.th4.com\/9ir8QUxdBt71F-bAWI3J-dGY5Uhl5_jW8zLr_4Ywwdg\/pr:1200x630\/aHR0cDovL21lZGlhMi5kZXNpZ25wYXJ0bmVyLmZyL2MvcC8xODYzOC8xODYzOC0xNjc3LTEuanBn?v=1726746077"]},"images_customization":{"miniature":["https:\/\/media.th4.com\/heLY1SnwygFx42oM_zlPs6rhZN0RbsV42q57XzW7mTk\/pr:80\/aHR0cDovL21lZGlhMi5kZXNpZ25wYXJ0bmVyLmZyL2MvcC8xODYzOC8xODYzOC0xNjc3LTEuanBn?v=1726746077"],"medium":["https:\/\/media.th4.com\/9jGPxSO_dhHA8f-C-0-yrnTCl-EWquywAl7zVVUDO3I\/pr:550x550\/aHR0cDovL21lZGlhMi5kZXNpZ25wYXJ0bmVyLmZyL2MvcC8xODYzOC8xODYzOC0xNjc3LTEuanBn?v=1726746077"],"medium_large":["https:\/\/media.th4.com\/NH4bRNfDXZqi17Ym9oGv3ytfUpfNZSuHhtZOWz0HSLo\/pr:1000x1000\/aHR0cDovL21lZGlhMi5kZXNpZ25wYXJ0bmVyLmZyL2MvcC8xODYzOC8xODYzOC0xNjc3LTEuanBn?v=1726746077"],"large":["https:\/\/media.th4.com\/2A4Xi_a1-Zr19ZRZvgirmV7mOLIvp6DOgvPmDrxO__0\/pr:1920\/aHR0cDovL21lZGlhMi5kZXNpZ25wYXJ0bmVyLmZyL2MvcC8xODYzOC8xODYzOC0xNjc3LTEuanBn?v=1726746077"],"opengraph":["https:\/\/media.th4.com\/9ir8QUxdBt71F-bAWI3J-dGY5Uhl5_jW8zLr_4Ywwdg\/pr:1200x630\/aHR0cDovL21lZGlhMi5kZXNpZ25wYXJ0bmVyLmZyL2MvcC8xODYzOC8xODYzOC0xNjc3LTEuanBn?v=1726746077"]},"country_origin":"BD","traceability":{"manufacturing_country_id":null,"weaving_country_id":null,"dyeing_country_id":null},"sizes":[{"id":1606,"article_id":476310,"class_id":0,"name":"3\/6ans","on_standby":false,"stock_local":0,"stock_global":445,"multiple":1,"estimated_date_reassort":null,"is_destocking":false},{"id":1607,"article_id":476311,"class_id":0,"name":"7\/10ans","on_standby":false,"stock_local":0,"stock_global":169,"multiple":1,"estimated_date_reassort":null,"is_destocking":false}],"page_links":{"fr":"\/fr\/p-pr-pr145-tablier-impermeable-pour-enfant-pr145-18638\/black-1677\/","en":"\/en\/p-pr-pr145-waterproof-apron-for-child-pr145-18638\/black-1677\/","de":"\/de\/p-pr-pr145-wasserdichter-schurze-fur-kinder-pr145-18638\/black-1677\/","nl":"\/nl\/p-pr-pr145-waterdichte-voorhouder-voor-kinderen-pr145-18638\/black-1677\/","es":"\/es\/p-pr-pr145-delantal-impermeable-para-nino-pr145-18638\/black-1677\/","it":"\/it\/p-pr-pr145-grembiule-impermeabile-per-bambino-pr145-18638\/black-1677\/","sv":"\/sv\/p-pr-pr145-vattentat-forklade-for-barn-pr145-18638\/black-1677\/","pt":"\/pt\/p-pr-pr145-avental-impermeavel-para-crianca-pr145-18638\/black-1677\/","da":"\/da\/p-pr-pr145-regnfrakke-til-born-pr145-18638\/black-1677\/","pl":"\/pl\/p-pr-pr145-nieprzemakalny-fartuch-dla-dziecka-pr145-18638\/black-1677\/"},"page_links_customization":{"fr":"\/fr\/p-pr-pr145-tablier-enfant-impermeable-personnalisable-avec-votre-visuel-pr145-18638\/black-1677\/custom\/","en":"\/en\/p-pr-pr145-child-waterproof-apron-customizable-with-your-visual-pr145-18638\/black-1677\/custom\/","de":"\/de\/p-pr-pr145-wasserdichte-kinder-schurze-mit-ihrem-bild-personalisierbar-pr145-18638\/black-1677\/custom\/","nl":"\/nl\/p-pr-pr145-beschermende-koker-voor-kinderen-aanpasbaar-met-uw-visueel-pr145-18638\/black-1677\/custom\/","es":"\/es\/p-pr-pr145-delantal-para-nino-impermeable-personalizable-con-su-diseno-pr145-18638\/black-1677\/custom\/","it":"\/it\/p-pr-pr145-grembiule-per-bambini-impermeabile-personalizzabile-con-il-vostro-visivo-pr145-18638\/black-1677\/custom\/","sv":"\/sv\/p-pr-pr145-vattenavstotande-barnforklade-som-kan-personaliseras-med-ditt-visuella-pr145-18638\/black-1677\/custom\/","pt":"\/pt\/p-pr-pr145-avental-infantil-impermeavel-personalizavel-com-a-sua-imagem-pr145-18638\/black-1677\/custom\/","da":"\/da\/p-pr-pr145-barns-vandtaet-forklaede-personificeret-med-dit-billede-pr145-18638\/black-1677\/custom\/","pl":"\/pl\/p-pr-pr145-oslaniajacy-fartuch-dla-dziecka-personalizowalny-z-twoim-wzorem-pr145-18638\/black-1677\/custom\/"}},{"id":1667,"name":"royal","class_ids":[2],"codes_hexa":["014189"],"delai_24":false,"has_3d":false,"seuil_global":0,"stock_local":0,"stock_global":527,"on_standby":false,"in_catalog":true,"images":{"miniature":["https:\/\/media.th4.com\/3l400mBaNaRCau-Ag-e9y8vcFmQyxaTN2hC3fdG5VAg\/pr:80\/aHR0cDovL21lZGlhMi5kZXNpZ25wYXJ0bmVyLmZyL2MvcC8xODYzOC8xODYzOC0xNjY3LTEuanBn?v=1726746077"],"medium":["https:\/\/media.th4.com\/aX4EgbTrNBvt9LbYog5N_jbG3CdVYDwEETWEpTw7SAI\/pr:550x550\/aHR0cDovL21lZGlhMi5kZXNpZ25wYXJ0bmVyLmZyL2MvcC8xODYzOC8xODYzOC0xNjY3LTEuanBn?v=1726746077"],"medium_large":["https:\/\/media.th4.com\/Wzmee5kbf9CdajY-t0PrWuf_PvgRHnZPcoZlGldjfik\/pr:1000x1000\/aHR0cDovL21lZGlhMi5kZXNpZ25wYXJ0bmVyLmZyL2MvcC8xODYzOC8xODYzOC0xNjY3LTEuanBn?v=1726746077"],"large":["https:\/\/media.th4.com\/ES3SFDvFPsIMUQyoov_um63BPVuqw43PFEAl8moY8VY\/pr:1920\/aHR0cDovL21lZGlhMi5kZXNpZ25wYXJ0bmVyLmZyL2MvcC8xODYzOC8xODYzOC0xNjY3LTEuanBn?v=1726746077"],"opengraph":["https:\/\/media.th4.com\/QHZIIv6NQ6tatHdEnUM3bMA-DD1QMgxyBLQrnCyLfwA\/pr:1200x630\/aHR0cDovL21lZGlhMi5kZXNpZ25wYXJ0bmVyLmZyL2MvcC8xODYzOC8xODYzOC0xNjY3LTEuanBn?v=1726746077"]},"images_customization":{"miniature":["https:\/\/media.th4.com\/3l400mBaNaRCau-Ag-e9y8vcFmQyxaTN2hC3fdG5VAg\/pr:80\/aHR0cDovL21lZGlhMi5kZXNpZ25wYXJ0bmVyLmZyL2MvcC8xODYzOC8xODYzOC0xNjY3LTEuanBn?v=1726746077"],"medium":["https:\/\/media.th4.com\/aX4EgbTrNBvt9LbYog5N_jbG3CdVYDwEETWEpTw7SAI\/pr:550x550\/aHR0cDovL21lZGlhMi5kZXNpZ25wYXJ0bmVyLmZyL2MvcC8xODYzOC8xODYzOC0xNjY3LTEuanBn?v=1726746077"],"medium_large":["https:\/\/media.th4.com\/Wzmee5kbf9CdajY-t0PrWuf_PvgRHnZPcoZlGldjfik\/pr:1000x1000\/aHR0cDovL21lZGlhMi5kZXNpZ25wYXJ0bmVyLmZyL2MvcC8xODYzOC8xODYzOC0xNjY3LTEuanBn?v=1726746077"],"large":["https:\/\/media.th4.com\/ES3SFDvFPsIMUQyoov_um63BPVuqw43PFEAl8moY8VY\/pr:1920\/aHR0cDovL21lZGlhMi5kZXNpZ25wYXJ0bmVyLmZyL2MvcC8xODYzOC8xODYzOC0xNjY3LTEuanBn?v=1726746077"],"opengraph":["https:\/\/media.th4.com\/QHZIIv6NQ6tatHdEnUM3bMA-DD1QMgxyBLQrnCyLfwA\/pr:1200x630\/aHR0cDovL21lZGlhMi5kZXNpZ25wYXJ0bmVyLmZyL2MvcC8xODYzOC8xODYzOC0xNjY3LTEuanBn?v=1726746077"]},"country_origin":"BD","traceability":{"manufacturing_country_id":null,"weaving_country_id":null,"dyeing_country_id":null},"sizes":[{"id":1606,"article_id":476318,"class_id":0,"name":"3\/6ans","on_standby":false,"stock_local":0,"stock_global":269,"multiple":1,"estimated_date_reassort":null,"is_destocking":false},{"id":1607,"article_id":476319,"class_id":0,"name":"7\/10ans","on_standby":false,"stock_local":0,"stock_global":258,"multiple":1,"estimated_date_reassort":null,"is_destocking":false}],"page_links":{"fr":"\/fr\/p-pr-pr145-tablier-impermeable-pour-enfant-pr145-18638\/royal-1667\/","en":"\/en\/p-pr-pr145-waterproof-apron-for-child-pr145-18638\/royal-1667\/","de":"\/de\/p-pr-pr145-wasserdichter-schurze-fur-kinder-pr145-18638\/royal-1667\/","nl":"\/nl\/p-pr-pr145-waterdichte-voorhouder-voor-kinderen-pr145-18638\/royal-1667\/","es":"\/es\/p-pr-pr145-delantal-impermeable-para-nino-pr145-18638\/royal-1667\/","it":"\/it\/p-pr-pr145-grembiule-impermeabile-per-bambino-pr145-18638\/royal-1667\/","sv":"\/sv\/p-pr-pr145-vattentat-forklade-for-barn-pr145-18638\/royal-1667\/","pt":"\/pt\/p-pr-pr145-avental-impermeavel-para-crianca-pr145-18638\/royal-1667\/","da":"\/da\/p-pr-pr145-regnfrakke-til-born-pr145-18638\/royal-1667\/","pl":"\/pl\/p-pr-pr145-nieprzemakalny-fartuch-dla-dziecka-pr145-18638\/royal-1667\/"},"page_links_customization":{"fr":"\/fr\/p-pr-pr145-tablier-enfant-impermeable-personnalisable-avec-votre-visuel-pr145-18638\/royal-1667\/custom\/","en":"\/en\/p-pr-pr145-child-waterproof-apron-customizable-with-your-visual-pr145-18638\/royal-1667\/custom\/","de":"\/de\/p-pr-pr145-wasserdichte-kinder-schurze-mit-ihrem-bild-personalisierbar-pr145-18638\/royal-1667\/custom\/","nl":"\/nl\/p-pr-pr145-beschermende-koker-voor-kinderen-aanpasbaar-met-uw-visueel-pr145-18638\/royal-1667\/custom\/","es":"\/es\/p-pr-pr145-delantal-para-nino-impermeable-personalizable-con-su-diseno-pr145-18638\/royal-1667\/custom\/","it":"\/it\/p-pr-pr145-grembiule-per-bambini-impermeabile-personalizzabile-con-il-vostro-visivo-pr145-18638\/royal-1667\/custom\/","sv":"\/sv\/p-pr-pr145-vattenavstotande-barnforklade-som-kan-personaliseras-med-ditt-visuella-pr145-18638\/royal-1667\/custom\/","pt":"\/pt\/p-pr-pr145-avental-infantil-impermeavel-personalizavel-com-a-sua-imagem-pr145-18638\/royal-1667\/custom\/","da":"\/da\/p-pr-pr145-barns-vandtaet-forklaede-personificeret-med-dit-billede-pr145-18638\/royal-1667\/custom\/","pl":"\/pl\/p-pr-pr145-oslaniajacy-fartuch-dla-dziecka-personalizowalny-z-twoim-wzorem-pr145-18638\/royal-1667\/custom\/"}},{"id":1695,"name":"white","class_ids":[1],"codes_hexa":["FFFFFF"],"delai_24":false,"has_3d":false,"seuil_global":0,"stock_local":0,"stock_global":378,"on_standby":false,"in_catalog":true,"images":{"miniature":["https:\/\/media.th4.com\/AlyIKHeND5okfBhLA1ku6tdE2Y6gaOSsMVd3yfm6IPk\/pr:80\/aHR0cDovL21lZGlhMi5kZXNpZ25wYXJ0bmVyLmZyL2MvcC8xODYzOC8xODYzOC0xNjk1LTEuanBn?v=1726746077"],"medium":["https:\/\/media.th4.com\/AjKQx8pxLOOi-Y33ifMPJKQFeg6Pw_OEDO7VazmDSdA\/pr:550x550\/aHR0cDovL21lZGlhMi5kZXNpZ25wYXJ0bmVyLmZyL2MvcC8xODYzOC8xODYzOC0xNjk1LTEuanBn?v=1726746077"],"medium_large":["https:\/\/media.th4.com\/g4p8wU9kpKwRbEUjhcyfUP0MvtvE_Q4TvOSz-4yl32s\/pr:1000x1000\/aHR0cDovL21lZGlhMi5kZXNpZ25wYXJ0bmVyLmZyL2MvcC8xODYzOC8xODYzOC0xNjk1LTEuanBn?v=1726746077"],"large":["https:\/\/media.th4.com\/2OQpMJwT1mPH4zu0ct_7zuSUCd6YUI6E3QaKQTH6NuI\/pr:1920\/aHR0cDovL21lZGlhMi5kZXNpZ25wYXJ0bmVyLmZyL2MvcC8xODYzOC8xODYzOC0xNjk1LTEuanBn?v=1726746077"],"opengraph":["https:\/\/media.th4.com\/xwUAiXvhgPWxO6TTWTAtVarlYpY8MP1UhehahZ1r2ik\/pr:1200x630\/aHR0cDovL21lZGlhMi5kZXNpZ25wYXJ0bmVyLmZyL2MvcC8xODYzOC8xODYzOC0xNjk1LTEuanBn?v=1726746077"]},"images_customization":{"miniature":["https:\/\/media.th4.com\/AlyIKHeND5okfBhLA1ku6tdE2Y6gaOSsMVd3yfm6IPk\/pr:80\/aHR0cDovL21lZGlhMi5kZXNpZ25wYXJ0bmVyLmZyL2MvcC8xODYzOC8xODYzOC0xNjk1LTEuanBn?v=1726746077"],"medium":["https:\/\/media.th4.com\/AjKQx8pxLOOi-Y33ifMPJKQFeg6Pw_OEDO7VazmDSdA\/pr:550x550\/aHR0cDovL21lZGlhMi5kZXNpZ25wYXJ0bmVyLmZyL2MvcC8xODYzOC8xODYzOC0xNjk1LTEuanBn?v=1726746077"],"medium_large":["https:\/\/media.th4.com\/g4p8wU9kpKwRbEUjhcyfUP0MvtvE_Q4TvOSz-4yl32s\/pr:1000x1000\/aHR0cDovL21lZGlhMi5kZXNpZ25wYXJ0bmVyLmZyL2MvcC8xODYzOC8xODYzOC0xNjk1LTEuanBn?v=1726746077"],"large":["https:\/\/media.th4.com\/2OQpMJwT1mPH4zu0ct_7zuSUCd6YUI6E3QaKQTH6NuI\/pr:1920\/aHR0cDovL21lZGlhMi5kZXNpZ25wYXJ0bmVyLmZyL2MvcC8xODYzOC8xODYzOC0xNjk1LTEuanBn?v=1726746077"],"opengraph":["https:\/\/media.th4.com\/xwUAiXvhgPWxO6TTWTAtVarlYpY8MP1UhehahZ1r2ik\/pr:1200x630\/aHR0cDovL21lZGlhMi5kZXNpZ25wYXJ0bmVyLmZyL2MvcC8xODYzOC8xODYzOC0xNjk1LTEuanBn?v=1726746077"]},"country_origin":"BD","traceability":{"manufacturing_country_id":null,"weaving_country_id":null,"dyeing_country_id":null},"sizes":[{"id":1606,"article_id":476320,"class_id":0,"name":"3\/6ans","on_standby":false,"stock_local":0,"stock_global":179,"multiple":1,"estimated_date_reassort":null,"is_destocking":false},{"id":1607,"article_id":476321,"class_id":0,"name":"7\/10ans","on_standby":false,"stock_local":0,"stock_global":199,"multiple":1,"estimated_date_reassort":null,"is_destocking":false}],"page_links":{"fr":"\/fr\/p-pr-pr145-tablier-impermeable-pour-enfant-pr145-18638\/white-1695\/","en":"\/en\/p-pr-pr145-waterproof-apron-for-child-pr145-18638\/white-1695\/","de":"\/de\/p-pr-pr145-wasserdichter-schurze-fur-kinder-pr145-18638\/white-1695\/","nl":"\/nl\/p-pr-pr145-waterdichte-voorhouder-voor-kinderen-pr145-18638\/white-1695\/","es":"\/es\/p-pr-pr145-delantal-impermeable-para-nino-pr145-18638\/white-1695\/","it":"\/it\/p-pr-pr145-grembiule-impermeabile-per-bambino-pr145-18638\/white-1695\/","sv":"\/sv\/p-pr-pr145-vattentat-forklade-for-barn-pr145-18638\/white-1695\/","pt":"\/pt\/p-pr-pr145-avental-impermeavel-para-crianca-pr145-18638\/white-1695\/","da":"\/da\/p-pr-pr145-regnfrakke-til-born-pr145-18638\/white-1695\/","pl":"\/pl\/p-pr-pr145-nieprzemakalny-fartuch-dla-dziecka-pr145-18638\/white-1695\/"},"page_links_customization":{"fr":"\/fr\/p-pr-pr145-tablier-enfant-impermeable-personnalisable-avec-votre-visuel-pr145-18638\/white-1695\/custom\/","en":"\/en\/p-pr-pr145-child-waterproof-apron-customizable-with-your-visual-pr145-18638\/white-1695\/custom\/","de":"\/de\/p-pr-pr145-wasserdichte-kinder-schurze-mit-ihrem-bild-personalisierbar-pr145-18638\/white-1695\/custom\/","nl":"\/nl\/p-pr-pr145-beschermende-koker-voor-kinderen-aanpasbaar-met-uw-visueel-pr145-18638\/white-1695\/custom\/","es":"\/es\/p-pr-pr145-delantal-para-nino-impermeable-personalizable-con-su-diseno-pr145-18638\/white-1695\/custom\/","it":"\/it\/p-pr-pr145-grembiule-per-bambini-impermeabile-personalizzabile-con-il-vostro-visivo-pr145-18638\/white-1695\/custom\/","sv":"\/sv\/p-pr-pr145-vattenavstotande-barnforklade-som-kan-personaliseras-med-ditt-visuella-pr145-18638\/white-1695\/custom\/","pt":"\/pt\/p-pr-pr145-avental-infantil-impermeavel-personalizavel-com-a-sua-imagem-pr145-18638\/white-1695\/custom\/","da":"\/da\/p-pr-pr145-barns-vandtaet-forklaede-personificeret-med-dit-billede-pr145-18638\/white-1695\/custom\/","pl":"\/pl\/p-pr-pr145-oslaniajacy-fartuch-dla-dziecka-personalizowalny-z-twoim-wzorem-pr145-18638\/white-1695\/custom\/"}},{"id":1666,"name":"navy","class_ids":[2],"codes_hexa":["19286b"],"delai_24":false,"has_3d":false,"seuil_global":0,"stock_local":0,"stock_global":344,"on_standby":false,"in_catalog":true,"images":{"miniature":["https:\/\/media.th4.com\/vhtcNrHGx4uXomdSWoct5Yc5Yto7lo3-q4gGNjGnAGk\/pr:80\/aHR0cDovL21lZGlhMi5kZXNpZ25wYXJ0bmVyLmZyL2MvcC8xODYzOC8xODYzOC0xNjY2LTEuanBn?v=1726746077"],"medium":["https:\/\/media.th4.com\/oEsqZB5Ve7l-gIRda7Wi7P8wA-M1eqI8cIHAd9pI8fg\/pr:550x550\/aHR0cDovL21lZGlhMi5kZXNpZ25wYXJ0bmVyLmZyL2MvcC8xODYzOC8xODYzOC0xNjY2LTEuanBn?v=1726746077"],"medium_large":["https:\/\/media.th4.com\/8ZdjEZaOGLIn74wG81Zv-7qitLzgSJuMh-rHPgaeXnM\/pr:1000x1000\/aHR0cDovL21lZGlhMi5kZXNpZ25wYXJ0bmVyLmZyL2MvcC8xODYzOC8xODYzOC0xNjY2LTEuanBn?v=1726746077"],"large":["https:\/\/media.th4.com\/Pb1nL_Rdt_k24MNbF_gYiNC73WwTgPfApU5UnlrA-M0\/pr:1920\/aHR0cDovL21lZGlhMi5kZXNpZ25wYXJ0bmVyLmZyL2MvcC8xODYzOC8xODYzOC0xNjY2LTEuanBn?v=1726746077"],"opengraph":["https:\/\/media.th4.com\/n-D2QTNliJapFkElkotPeYZbOGRifvabPfXsbspeeKM\/pr:1200x630\/aHR0cDovL21lZGlhMi5kZXNpZ25wYXJ0bmVyLmZyL2MvcC8xODYzOC8xODYzOC0xNjY2LTEuanBn?v=1726746077"]},"images_customization":{"miniature":["https:\/\/media.th4.com\/vhtcNrHGx4uXomdSWoct5Yc5Yto7lo3-q4gGNjGnAGk\/pr:80\/aHR0cDovL21lZGlhMi5kZXNpZ25wYXJ0bmVyLmZyL2MvcC8xODYzOC8xODYzOC0xNjY2LTEuanBn?v=1726746077"],"medium":["https:\/\/media.th4.com\/oEsqZB5Ve7l-gIRda7Wi7P8wA-M1eqI8cIHAd9pI8fg\/pr:550x550\/aHR0cDovL21lZGlhMi5kZXNpZ25wYXJ0bmVyLmZyL2MvcC8xODYzOC8xODYzOC0xNjY2LTEuanBn?v=1726746077"],"medium_large":["https:\/\/media.th4.com\/8ZdjEZaOGLIn74wG81Zv-7qitLzgSJuMh-rHPgaeXnM\/pr:1000x1000\/aHR0cDovL21lZGlhMi5kZXNpZ25wYXJ0bmVyLmZyL2MvcC8xODYzOC8xODYzOC0xNjY2LTEuanBn?v=1726746077"],"large":["https:\/\/media.th4.com\/Pb1nL_Rdt_k24MNbF_gYiNC73WwTgPfApU5UnlrA-M0\/pr:1920\/aHR0cDovL21lZGlhMi5kZXNpZ25wYXJ0bmVyLmZyL2MvcC8xODYzOC8xODYzOC0xNjY2LTEuanBn?v=1726746077"],"opengraph":["https:\/\/media.th4.com\/n-D2QTNliJapFkElkotPeYZbOGRifvabPfXsbspeeKM\/pr:1200x630\/aHR0cDovL21lZGlhMi5kZXNpZ25wYXJ0bmVyLmZyL2MvcC8xODYzOC8xODYzOC0xNjY2LTEuanBn?v=1726746077"]},"country_origin":"BD","traceability":{"manufacturing_country_id":null,"weaving_country_id":null,"dyeing_country_id":null},"sizes":[{"id":1606,"article_id":476314,"class_id":0,"name":"3\/6ans","on_standby":false,"stock_local":0,"stock_global":194,"multiple":1,"estimated_date_reassort":null,"is_destocking":false},{"id":1607,"article_id":476315,"class_id":0,"name":"7\/10ans","on_standby":false,"stock_local":0,"stock_global":150,"multiple":1,"estimated_date_reassort":null,"is_destocking":false}],"page_links":{"fr":"\/fr\/p-pr-pr145-tablier-impermeable-pour-enfant-pr145-18638\/navy-1666\/","en":"\/en\/p-pr-pr145-waterproof-apron-for-child-pr145-18638\/navy-1666\/","de":"\/de\/p-pr-pr145-wasserdichter-schurze-fur-kinder-pr145-18638\/navy-1666\/","nl":"\/nl\/p-pr-pr145-waterdichte-voorhouder-voor-kinderen-pr145-18638\/navy-1666\/","es":"\/es\/p-pr-pr145-delantal-impermeable-para-nino-pr145-18638\/navy-1666\/","it":"\/it\/p-pr-pr145-grembiule-impermeabile-per-bambino-pr145-18638\/navy-1666\/","sv":"\/sv\/p-pr-pr145-vattentat-forklade-for-barn-pr145-18638\/navy-1666\/","pt":"\/pt\/p-pr-pr145-avental-impermeavel-para-crianca-pr145-18638\/navy-1666\/","da":"\/da\/p-pr-pr145-regnfrakke-til-born-pr145-18638\/navy-1666\/","pl":"\/pl\/p-pr-pr145-nieprzemakalny-fartuch-dla-dziecka-pr145-18638\/navy-1666\/"},"page_links_customization":{"fr":"\/fr\/p-pr-pr145-tablier-enfant-impermeable-personnalisable-avec-votre-visuel-pr145-18638\/navy-1666\/custom\/","en":"\/en\/p-pr-pr145-child-waterproof-apron-customizable-with-your-visual-pr145-18638\/navy-1666\/custom\/","de":"\/de\/p-pr-pr145-wasserdichte-kinder-schurze-mit-ihrem-bild-personalisierbar-pr145-18638\/navy-1666\/custom\/","nl":"\/nl\/p-pr-pr145-beschermende-koker-voor-kinderen-aanpasbaar-met-uw-visueel-pr145-18638\/navy-1666\/custom\/","es":"\/es\/p-pr-pr145-delantal-para-nino-impermeable-personalizable-con-su-diseno-pr145-18638\/navy-1666\/custom\/","it":"\/it\/p-pr-pr145-grembiule-per-bambini-impermeabile-personalizzabile-con-il-vostro-visivo-pr145-18638\/navy-1666\/custom\/","sv":"\/sv\/p-pr-pr145-vattenavstotande-barnforklade-som-kan-personaliseras-med-ditt-visuella-pr145-18638\/navy-1666\/custom\/","pt":"\/pt\/p-pr-pr145-avental-infantil-impermeavel-personalizavel-com-a-sua-imagem-pr145-18638\/navy-1666\/custom\/","da":"\/da\/p-pr-pr145-barns-vandtaet-forklaede-personificeret-med-dit-billede-pr145-18638\/navy-1666\/custom\/","pl":"\/pl\/p-pr-pr145-oslaniajacy-fartuch-dla-dziecka-personalizowalny-z-twoim-wzorem-pr145-18638\/navy-1666\/custom\/"}},{"id":1693,"name":"red","class_ids":[6],"codes_hexa":["dc0210"],"delai_24":false,"has_3d":false,"seuil_global":0,"stock_local":0,"stock_global":320,"on_standby":false,"in_catalog":true,"images":{"miniature":["https:\/\/media.th4.com\/oEN_ymgiUIb5URSvwxFdC-nFNWVKci-C_Xfe7EL6L4E\/pr:80\/aHR0cDovL21lZGlhMi5kZXNpZ25wYXJ0bmVyLmZyL2MvcC8xODYzOC8xODYzOC0xNjkzLTEuanBn?v=1726746078"],"medium":["https:\/\/media.th4.com\/a8wWUkAQV_07SXNPOgc3D7cEDEloOOYVmpDQBcYv3bc\/pr:550x550\/aHR0cDovL21lZGlhMi5kZXNpZ25wYXJ0bmVyLmZyL2MvcC8xODYzOC8xODYzOC0xNjkzLTEuanBn?v=1726746078"],"medium_large":["https:\/\/media.th4.com\/FzHhQeTx88_pu_NCnmoT59oaXz4-FbA4xeUGYwGN6Mk\/pr:1000x1000\/aHR0cDovL21lZGlhMi5kZXNpZ25wYXJ0bmVyLmZyL2MvcC8xODYzOC8xODYzOC0xNjkzLTEuanBn?v=1726746078"],"large":["https:\/\/media.th4.com\/pJ_y8InWaWBvV1g_vircWen84dIrunI7eoxJd49_F7c\/pr:1920\/aHR0cDovL21lZGlhMi5kZXNpZ25wYXJ0bmVyLmZyL2MvcC8xODYzOC8xODYzOC0xNjkzLTEuanBn?v=1726746078"],"opengraph":["https:\/\/media.th4.com\/n28KdrDluF7ctuv2XR1KTzq6Y5l0r6HXjs2Bdu48U4A\/pr:1200x630\/aHR0cDovL21lZGlhMi5kZXNpZ25wYXJ0bmVyLmZyL2MvcC8xODYzOC8xODYzOC0xNjkzLTEuanBn?v=1726746078"]},"images_customization":{"miniature":["https:\/\/media.th4.com\/oEN_ymgiUIb5URSvwxFdC-nFNWVKci-C_Xfe7EL6L4E\/pr:80\/aHR0cDovL21lZGlhMi5kZXNpZ25wYXJ0bmVyLmZyL2MvcC8xODYzOC8xODYzOC0xNjkzLTEuanBn?v=1726746078"],"medium":["https:\/\/media.th4.com\/a8wWUkAQV_07SXNPOgc3D7cEDEloOOYVmpDQBcYv3bc\/pr:550x550\/aHR0cDovL21lZGlhMi5kZXNpZ25wYXJ0bmVyLmZyL2MvcC8xODYzOC8xODYzOC0xNjkzLTEuanBn?v=1726746078"],"medium_large":["https:\/\/media.th4.com\/FzHhQeTx88_pu_NCnmoT59oaXz4-FbA4xeUGYwGN6Mk\/pr:1000x1000\/aHR0cDovL21lZGlhMi5kZXNpZ25wYXJ0bmVyLmZyL2MvcC8xODYzOC8xODYzOC0xNjkzLTEuanBn?v=1726746078"],"large":["https:\/\/media.th4.com\/pJ_y8InWaWBvV1g_vircWen84dIrunI7eoxJd49_F7c\/pr:1920\/aHR0cDovL21lZGlhMi5kZXNpZ25wYXJ0bmVyLmZyL2MvcC8xODYzOC8xODYzOC0xNjkzLTEuanBn?v=1726746078"],"opengraph":["https:\/\/media.th4.com\/n28KdrDluF7ctuv2XR1KTzq6Y5l0r6HXjs2Bdu48U4A\/pr:1200x630\/aHR0cDovL21lZGlhMi5kZXNpZ25wYXJ0bmVyLmZyL2MvcC8xODYzOC8xODYzOC0xNjkzLTEuanBn?v=1726746078"]},"country_origin":"BD","traceability":{"manufacturing_country_id":null,"weaving_country_id":null,"dyeing_country_id":null},"sizes":[{"id":1606,"article_id":476316,"class_id":0,"name":"3\/6ans","on_standby":false,"stock_local":0,"stock_global":124,"multiple":1,"estimated_date_reassort":null,"is_destocking":false},{"id":1607,"article_id":476317,"class_id":0,"name":"7\/10ans","on_standby":false,"stock_local":0,"stock_global":196,"multiple":1,"estimated_date_reassort":null,"is_destocking":false}],"page_links":{"fr":"\/fr\/p-pr-pr145-tablier-impermeable-pour-enfant-pr145-18638\/red-1693\/","en":"\/en\/p-pr-pr145-waterproof-apron-for-child-pr145-18638\/red-1693\/","de":"\/de\/p-pr-pr145-wasserdichter-schurze-fur-kinder-pr145-18638\/red-1693\/","nl":"\/nl\/p-pr-pr145-waterdichte-voorhouder-voor-kinderen-pr145-18638\/red-1693\/","es":"\/es\/p-pr-pr145-delantal-impermeable-para-nino-pr145-18638\/red-1693\/","it":"\/it\/p-pr-pr145-grembiule-impermeabile-per-bambino-pr145-18638\/red-1693\/","sv":"\/sv\/p-pr-pr145-vattentat-forklade-for-barn-pr145-18638\/red-1693\/","pt":"\/pt\/p-pr-pr145-avental-impermeavel-para-crianca-pr145-18638\/red-1693\/","da":"\/da\/p-pr-pr145-regnfrakke-til-born-pr145-18638\/red-1693\/","pl":"\/pl\/p-pr-pr145-nieprzemakalny-fartuch-dla-dziecka-pr145-18638\/red-1693\/"},"page_links_customization":{"fr":"\/fr\/p-pr-pr145-tablier-enfant-impermeable-personnalisable-avec-votre-visuel-pr145-18638\/red-1693\/custom\/","en":"\/en\/p-pr-pr145-child-waterproof-apron-customizable-with-your-visual-pr145-18638\/red-1693\/custom\/","de":"\/de\/p-pr-pr145-wasserdichte-kinder-schurze-mit-ihrem-bild-personalisierbar-pr145-18638\/red-1693\/custom\/","nl":"\/nl\/p-pr-pr145-beschermende-koker-voor-kinderen-aanpasbaar-met-uw-visueel-pr145-18638\/red-1693\/custom\/","es":"\/es\/p-pr-pr145-delantal-para-nino-impermeable-personalizable-con-su-diseno-pr145-18638\/red-1693\/custom\/","it":"\/it\/p-pr-pr145-grembiule-per-bambini-impermeabile-personalizzabile-con-il-vostro-visivo-pr145-18638\/red-1693\/custom\/","sv":"\/sv\/p-pr-pr145-vattenavstotande-barnforklade-som-kan-personaliseras-med-ditt-visuella-pr145-18638\/red-1693\/custom\/","pt":"\/pt\/p-pr-pr145-avental-infantil-impermeavel-personalizavel-com-a-sua-imagem-pr145-18638\/red-1693\/custom\/","da":"\/da\/p-pr-pr145-barns-vandtaet-forklaede-personificeret-med-dit-billede-pr145-18638\/red-1693\/custom\/","pl":"\/pl\/p-pr-pr145-oslaniajacy-fartuch-dla-dziecka-personalizowalny-z-twoim-wzorem-pr145-18638\/red-1693\/custom\/"}},{"id":1719,"name":"dark grey","class_ids":[3],"codes_hexa":["58585a"],"delai_24":false,"has_3d":false,"seuil_global":0,"stock_local":0,"stock_global":303,"on_standby":false,"in_catalog":true,"images":{"miniature":["https:\/\/media.th4.com\/bba8D4-DRbl3NnpbNc2A-vOzxYCD6szMBfi52olr7ps\/pr:80\/aHR0cDovL21lZGlhMi5kZXNpZ25wYXJ0bmVyLmZyL2MvcC8xODYzOC8xODYzOC0xNzE5LTEuanBn?v=1726746077"],"medium":["https:\/\/media.th4.com\/8wZo_OW7elRE3O4Y9WZyeGOTHfi1rb66sVax9qgKjU4\/pr:550x550\/aHR0cDovL21lZGlhMi5kZXNpZ25wYXJ0bmVyLmZyL2MvcC8xODYzOC8xODYzOC0xNzE5LTEuanBn?v=1726746077"],"medium_large":["https:\/\/media.th4.com\/SJMQWgNTfvAqX9EK3PBiKwqZqzNyq3pF1LsH4iIbvSk\/pr:1000x1000\/aHR0cDovL21lZGlhMi5kZXNpZ25wYXJ0bmVyLmZyL2MvcC8xODYzOC8xODYzOC0xNzE5LTEuanBn?v=1726746077"],"large":["https:\/\/media.th4.com\/ZgCYgbhrWov4M-0K00F5pN7dLsSYKC7PaLawozdUrAo\/pr:1920\/aHR0cDovL21lZGlhMi5kZXNpZ25wYXJ0bmVyLmZyL2MvcC8xODYzOC8xODYzOC0xNzE5LTEuanBn?v=1726746077"],"opengraph":["https:\/\/media.th4.com\/nntqgj4T2_yyF05zLRGK2ANZzwzPDuttnROhjQqnXRA\/pr:1200x630\/aHR0cDovL21lZGlhMi5kZXNpZ25wYXJ0bmVyLmZyL2MvcC8xODYzOC8xODYzOC0xNzE5LTEuanBn?v=1726746077"]},"images_customization":{"miniature":["https:\/\/media.th4.com\/bba8D4-DRbl3NnpbNc2A-vOzxYCD6szMBfi52olr7ps\/pr:80\/aHR0cDovL21lZGlhMi5kZXNpZ25wYXJ0bmVyLmZyL2MvcC8xODYzOC8xODYzOC0xNzE5LTEuanBn?v=1726746077"],"medium":["https:\/\/media.th4.com\/8wZo_OW7elRE3O4Y9WZyeGOTHfi1rb66sVax9qgKjU4\/pr:550x550\/aHR0cDovL21lZGlhMi5kZXNpZ25wYXJ0bmVyLmZyL2MvcC8xODYzOC8xODYzOC0xNzE5LTEuanBn?v=1726746077"],"medium_large":["https:\/\/media.th4.com\/SJMQWgNTfvAqX9EK3PBiKwqZqzNyq3pF1LsH4iIbvSk\/pr:1000x1000\/aHR0cDovL21lZGlhMi5kZXNpZ25wYXJ0bmVyLmZyL2MvcC8xODYzOC8xODYzOC0xNzE5LTEuanBn?v=1726746077"],"large":["https:\/\/media.th4.com\/ZgCYgbhrWov4M-0K00F5pN7dLsSYKC7PaLawozdUrAo\/pr:1920\/aHR0cDovL21lZGlhMi5kZXNpZ25wYXJ0bmVyLmZyL2MvcC8xODYzOC8xODYzOC0xNzE5LTEuanBn?v=1726746077"],"opengraph":["https:\/\/media.th4.com\/nntqgj4T2_yyF05zLRGK2ANZzwzPDuttnROhjQqnXRA\/pr:1200x630\/aHR0cDovL21lZGlhMi5kZXNpZ25wYXJ0bmVyLmZyL2MvcC8xODYzOC8xODYzOC0xNzE5LTEuanBn?v=1726746077"]},"country_origin":"BD","traceability":{"manufacturing_country_id":null,"weaving_country_id":null,"dyeing_country_id":null},"sizes":[{"id":1606,"article_id":476312,"class_id":0,"name":"3\/6ans","on_standby":false,"stock_local":0,"stock_global":179,"multiple":1,"estimated_date_reassort":null,"is_destocking":false},{"id":1607,"article_id":476313,"class_id":0,"name":"7\/10ans","on_standby":false,"stock_local":0,"stock_global":124,"multiple":1,"estimated_date_reassort":null,"is_destocking":false}],"page_links":{"fr":"\/fr\/p-pr-pr145-tablier-impermeable-pour-enfant-pr145-18638\/dark-grey-1719\/","en":"\/en\/p-pr-pr145-waterproof-apron-for-child-pr145-18638\/dark-grey-1719\/","de":"\/de\/p-pr-pr145-wasserdichter-schurze-fur-kinder-pr145-18638\/dark-grey-1719\/","nl":"\/nl\/p-pr-pr145-waterdichte-voorhouder-voor-kinderen-pr145-18638\/dark-grey-1719\/","es":"\/es\/p-pr-pr145-delantal-impermeable-para-nino-pr145-18638\/dark-grey-1719\/","it":"\/it\/p-pr-pr145-grembiule-impermeabile-per-bambino-pr145-18638\/dark-grey-1719\/","sv":"\/sv\/p-pr-pr145-vattentat-forklade-for-barn-pr145-18638\/dark-grey-1719\/","pt":"\/pt\/p-pr-pr145-avental-impermeavel-para-crianca-pr145-18638\/dark-grey-1719\/","da":"\/da\/p-pr-pr145-regnfrakke-til-born-pr145-18638\/dark-grey-1719\/","pl":"\/pl\/p-pr-pr145-nieprzemakalny-fartuch-dla-dziecka-pr145-18638\/dark-grey-1719\/"},"page_links_customization":{"fr":"\/fr\/p-pr-pr145-tablier-enfant-impermeable-personnalisable-avec-votre-visuel-pr145-18638\/dark-grey-1719\/custom\/","en":"\/en\/p-pr-pr145-child-waterproof-apron-customizable-with-your-visual-pr145-18638\/dark-grey-1719\/custom\/","de":"\/de\/p-pr-pr145-wasserdichte-kinder-schurze-mit-ihrem-bild-personalisierbar-pr145-18638\/dark-grey-1719\/custom\/","nl":"\/nl\/p-pr-pr145-beschermende-koker-voor-kinderen-aanpasbaar-met-uw-visueel-pr145-18638\/dark-grey-1719\/custom\/","es":"\/es\/p-pr-pr145-delantal-para-nino-impermeable-personalizable-con-su-diseno-pr145-18638\/dark-grey-1719\/custom\/","it":"\/it\/p-pr-pr145-grembiule-per-bambini-impermeabile-personalizzabile-con-il-vostro-visivo-pr145-18638\/dark-grey-1719\/custom\/","sv":"\/sv\/p-pr-pr145-vattenavstotande-barnforklade-som-kan-personaliseras-med-ditt-visuella-pr145-18638\/dark-grey-1719\/custom\/","pt":"\/pt\/p-pr-pr145-avental-infantil-impermeavel-personalizavel-com-a-sua-imagem-pr145-18638\/dark-grey-1719\/custom\/","da":"\/da\/p-pr-pr145-barns-vandtaet-forklaede-personificeret-med-dit-billede-pr145-18638\/dark-grey-1719\/custom\/","pl":"\/pl\/p-pr-pr145-oslaniajacy-fartuch-dla-dziecka-personalizowalny-z-twoim-wzorem-pr145-18638\/dark-grey-1719\/custom\/"}}],"documentation_link":"\/pdf\/18638.pdf","countries_availables":["AD","AE","AL","AT","BA","BD","BE","BG","BL","CA","CH","CN","CO","CY","CZ","DE","DK","DO","EE","EG","ES","ET","FI","FR","GB","GE","GF","GP","GR","GT","HK","HN","HR","HT","HU","ID","IE","IN","IS","IT","JO","JP","KE","KH","KP","KR","LA","LK","LS","LT","LU","LV","MA","MF","MG","MK","MM","MN","MQ","MT","MX","MY","NC","NI","NL","PF","PH","PK","PL","PM","PT","RE","RO","SE","SG","SI","SK","SV","SY","TH","TN","TR","TW","TZ","US","VN","WF","YT"]},"infos_customization":[],"features":{"authorize_multi_surfaces":true,"display_order_delay_type":true,"promote_surface_display":true,"tarification_franco_offert":true,"enabled_3d_editor":false},"markings":[{"id":0,"nom":"vierge","finition":null,"libelle":null,"code":null,"dpi":null,"finesse_forme_isolee":null,"finesse_forme_non_isolee":null,"hauteur_minimale_texte":null,"inactif":0,"marquage_interne":1,"quantite_min":null,"parent_id":null,"print_on_support":0,"content":"vierge","description":null},{"id":2,"nom":"fonce","finition":"optimale","libelle":"TopQuadri","code":null,"dpi":400,"finesse_forme_isolee":"0.040","finesse_forme_non_isolee":"0.700","hauteur_minimale_texte":2,"inactif":0,"marquage_interne":1,"quantite_min":null,"parent_id":18,"print_on_support":0,"content":"TopQuadri","description":"pour petites et moyennes s\u00e9ries"},{"id":3,"nom":"serigraphie","finition":"serigraphie","libelle":"SeriCoat","code":null,"dpi":400,"finesse_forme_isolee":"0.040","finesse_forme_non_isolee":"0.700","hauteur_minimale_texte":2,"inactif":0,"marquage_interne":1,"quantite_min":15,"parent_id":18,"print_on_support":0,"content":"SeriCoat","description":"pour moyennes et grandes s\u00e9ries"},{"id":4,"nom":"broderie","finition":"broderie","libelle":"Broderie","code":null,"dpi":400,"finesse_forme_isolee":"0.040","finesse_forme_non_isolee":"0.700","hauteur_minimale_texte":3,"inactif":0,"marquage_interne":1,"quantite_min":null,"parent_id":null,"print_on_support":0,"content":"Broderie","description":null},{"id":8,"nom":"theme","finition":null,"libelle":"Th\u00e8me","code":null,"dpi":null,"finesse_forme_isolee":null,"finesse_forme_non_isolee":null,"hauteur_minimale_texte":null,"inactif":0,"marquage_interne":1,"quantite_min":null,"parent_id":null,"print_on_support":0,"content":"Th\u00e8me","description":null},{"id":9,"nom":"sans","finition":null,"libelle":null,"code":null,"dpi":null,"finesse_forme_isolee":null,"finesse_forme_non_isolee":null,"hauteur_minimale_texte":null,"inactif":0,"marquage_interne":1,"quantite_min":null,"parent_id":null,"print_on_support":0,"content":"sans","description":null},{"id":10,"nom":"photo","finition":null,"libelle":"Photo","code":null,"dpi":null,"finesse_forme_isolee":null,"finesse_forme_non_isolee":null,"hauteur_minimale_texte":null,"inactif":0,"marquage_interne":1,"quantite_min":null,"parent_id":null,"print_on_support":0,"content":"Photo","description":null},{"id":14,"nom":"couleur","finition":null,"libelle":"Couleur","code":null,"dpi":null,"finesse_forme_isolee":null,"finesse_forme_non_isolee":null,"hauteur_minimale_texte":null,"inactif":0,"marquage_interne":1,"quantite_min":null,"parent_id":null,"print_on_support":0,"content":"Couleur","description":null},{"id":15,"nom":"sublimation","finition":"sublimation","libelle":"Sublimation","code":null,"dpi":null,"finesse_forme_isolee":"0.000","finesse_forme_non_isolee":"0.000","hauteur_minimale_texte":2,"inactif":0,"marquage_interne":1,"quantite_min":null,"parent_id":null,"print_on_support":0,"content":"Sublimation","description":null},{"id":16,"nom":"topquadri_uv","finition":null,"libelle":"TopQuadri UV","code":null,"dpi":null,"finesse_forme_isolee":"0.020","finesse_forme_non_isolee":"0.700","hauteur_minimale_texte":2,"inactif":0,"marquage_interne":1,"quantite_min":null,"parent_id":null,"print_on_support":1,"content":null,"description":null},{"id":17,"nom":"topquadri_uvp","finition":null,"libelle":"TopQuadri UVP","code":null,"dpi":null,"finesse_forme_isolee":"0.020","finesse_forme_non_isolee":"0.700","hauteur_minimale_texte":2,"inactif":0,"marquage_interne":1,"quantite_min":null,"parent_id":null,"print_on_support":1,"content":null,"description":null},{"id":18,"nom":"quadri","finition":null,"libelle":"Impression","code":null,"dpi":null,"finesse_forme_isolee":null,"finesse_forme_non_isolee":null,"hauteur_minimale_texte":null,"inactif":0,"marquage_interne":1,"quantite_min":null,"parent_id":null,"print_on_support":0,"content":null,"description":null}]}}