{"data":{"product":{"id":18597,"titre":"Denim bag","description":"Sac unicolore en coton bio ou en conversion. Denim 9oz. Bas repli\u00e9 8\u00a0cm. Longues sangles. Coutures en croix \u00e0 la base des poign\u00e9es pour plus de stabilit\u00e9. Coins repli\u00e9s. Doubles surpiq\u00fbres. \u00c9tiquette d\u00e9tachable. Dimensions : 40 x 40 cm. Composition : 100% coton.","genre":"","grammage":300,"conditionnement":100,"composition":"coton,coton_uniquement","reference":"ma-m195","reference_visible":"ma-m195","reference_fabricant":"M195","ref_xor":"728800","in_catalog":true,"is_transfer":false,"is_service":false,"on_standby":false,"has_3d":true,"has_size_guide":false,"has_marking":true,"has_vierge":true,"is_cross_sellable":false,"id_picto":124,"filename_3d":"picto-124","brand":{"id":54,"name":"mantis","logo":"logo-mantis.png","image":"https:\/\/media.th4.com\/RtiZyT8SyCRpzBw-QWYjzFGS_1BCDEqvfd7IyHCDX6A\/pr:brand70x70\/aHR0cDovL21lZGlhMi5kZXNpZ25wYXJ0bmVyLmZyL2MvbS9sb2dvLW1hbnRpcy5wbmc"},"price_infos":{"price_from":8.25,"quantity":200,"color":{"id":22800,"name":"denim_blue"},"size":{"id":42,"name":"taille_unique"}},"price_infos_marking":{"price_from":12.18,"quantity":1500,"color":{"id":22800,"name":"denim_blue"},"size":{"id":42,"name":"taille_unique"},"marking":{"id":2,"name":""},"emplacement":"avant","surface_emplacement_id":6438,"surface":"Bas gauche"},"i18n":{"blank":{"title":{"fr":"Denim bag Sac shopping coton bio MANTIS m195","en":"Denim bag Shopping cotton bag MANTIS m195","de":"Denim-Tasche Einkaufsbeutel Bio-Baumwolle MANTIS m195","nl":"Denim tas winkelwagen biologisch katoen MANTIS m195","es":"Denim bag Bolsa de compra de algod\u00f3n bio MANTIS m195","it":"Borsa denim sacchetto per la spesa in cotone biologico MANTIS m195","sv":"Denim bag ink\u00f6pss\u00e4ck ekologisk bomull MANTIS m195","pt":"Denim bag Sac shopping algod\u00e3o bio MANTIS m195","da":"Denim bag Shoppingpose k\u00f8bskurv i biologisk bomuld MANTIS m195","pl":"Torba denim sac shopping bawe\u0142na bio MANTIS m195"},"description":{"fr":"Sac unicolore confectionn\u00e9 en coton bio ou en conversion. Il pr\u00e9sente une construction robuste avec un bas repli\u00e9 de 8 cm, de longues sangles pour un port confortable et des coutures en croix aux bases des poign\u00e9es, assurant une stabilit\u00e9 accrue. Les coins sont \u00e9galement repli\u00e9s pour renforcer la structure. Il est dot\u00e9 de doubles surpiq\u00fbres pour une meilleure r\u00e9sistance. L\u2019\u00e9tiquette est d\u00e9tachable. Ses dimensions sont de 40 x 40 cm. Il est compos\u00e9 \u00e0 100% de coton.\n\n- Composition : 100% coton\n- Dimensions : 40 x 40 cm\n- Bas repli\u00e9 : 8 cm","en":"Single-color bag made of organic cotton or in conversion. It features a sturdy construction with a folded bottom of 8 cm, long straps for comfortable carrying and cross-stitching at the base of the handles, ensuring increased stability. The corners are also folded to reinforce the structure. It is equipped with double stitching for better resistance. The label is detachable. Its dimensions are 40 x 40 cm. It is composed of 100% cotton.\n\n- Composition: 100% cotton\n- Dimensions: 40 x 40 cm\n- Folded bottom: 8 cm","de":"Eint\u00f6niger Beutel aus Bio-Baumwolle oder im Umstellungsverfahren. Er zeigt eine robuste Konstruktion mit einem eingezogenen Boden von 8 cm, langen Trageriemen f\u00fcr einen bequemen Transport und Kreuzstichen an den Handhabungsbasen, die eine erh\u00f6hte Stabilit\u00e4t gew\u00e4hrleisten. Die Ecken sind ebenfalls eingezogen, um die Struktur zu verst\u00e4rken. Er verf\u00fcgt \u00fcber doppelte N\u00e4hte f\u00fcr eine bessere Best\u00e4ndigkeit. Das Etikett ist abnehmbar. Seine Ma\u00dfe sind 40 x 40 cm. Er besteht zu 100% aus Baumwolle.\n\n- Zusammensetzung: 100% Baumwolle\n- Ma\u00dfe: 40 x 40 cm\n- Eingezogener Boden: 8 cm","nl":"Eenkleurige tas gemaakt van biologisch katoen of in omzetting. Hij heeft een stevige constructie met een opgevouwen onderkant van 8 cm, lange riemen voor comfortabel dragen en kruisnaden aan de basis van de handgrepen, waardoor de stabiliteit wordt vergroot. De hoeken zijn ook opgevouwen om de structuur te versterken. Hij is voorzien van dubbele steeknaden voor een betere weerspannigheid. Het etiket is losmakbaar. De afmetingen zijn 40 x 40 cm. De tas bestaat uit 100% katoen.\n\n- Samenstelling: 100% katoen\n- Afmetingen: 40 x 40 cm\n- Onderkant opgevouwen: 8 cm","es":"Bolsa unicolor confeccionada en algod\u00f3n bio o en conversi\u00f3n. Presenta una construcci\u00f3n robusta con una base plegada de 8 cm, correas largas para un transporte c\u00f3modo y costuras en cruz en la base de las asas, asegurando una mayor estabilidad. Las esquinas tambi\u00e9n est\u00e1n plegadas para reforzar la estructura. Est\u00e1 dotada de doble costura para una mejor resistencia. La etiqueta es desmontable. Sus dimensiones son de 40 x 40 cm. Est\u00e1 compuesta al 100% de algod\u00f3n.\n\n- Composici\u00f3n: 100% algod\u00f3n\n- Dimensiones: 40 x 40 cm\n- Base plegada: 8 cm","it":"Sacchetto unicolore realizzato in cotone biologico o in conversione. Presenta una costruzione robusta con fondo piegato di 8 cm, lunghe cinghie per un trasporto comodo e cuciture a croce alla base delle maniglie, che garantiscono una maggiore stabilit\u00e0. Anche gli angoli sono piegati per rafforzare la struttura. \u00c8 dotato di doppie cuciture per una migliore resistenza. L'etichetta \u00e8 staccabile. Le sue dimensioni sono 40 x 40 cm. \u00c8 composto al 100% di cotone.\n\n- Composizione: 100% cotone\n- Dimensioni: 40 x 40 cm\n- Fondo piegato: 8 cm","sv":"Enf\u00e4rgad ink\u00f6pss\u00e4ck tillverkad i ekologisk bomull eller i konvertering. Den har en robust konstruktion med en botten som \u00e4r veckt 8 cm, l\u00e5nga remmar f\u00f6r ett bekv\u00e4mt b\u00e4rande och korsstygningar vid basen av handtaget, som s\u00e4kerst\u00e4ller en \u00f6kad stabilitet. H\u00f6rnen \u00e4r ocks\u00e5 veckta f\u00f6r att f\u00f6rst\u00e4rka strukturen. Den \u00e4r f\u00f6rsett med dubbla stygningar f\u00f6r b\u00e4ttre h\u00e5llbarhet. Etiketten \u00e4r avtagbar. Dess dimensioner \u00e4r 40 x 40 cm. Den best\u00e5r till 100% av bomull.\n\n- Sammans\u00e4ttning : 100% bomull\n- Dimensioner : 40 x 40 cm\n- Botten veckt : 8 cm","pt":"Saco unicolor confeccionado em algod\u00e3o bio ou em convers\u00e3o. Ele apresenta uma constru\u00e7\u00e3o robusta com base dobrada de 8 cm, al\u00e7as longas para um transporte confort\u00e1vel e costuras em cruz nas bases dos cabos, garantindo maior estabilidade. Os cantos tamb\u00e9m s\u00e3o dobrados para refor\u00e7ar a estrutura. Ele \u00e9 dotado de costuras duplas para melhor resist\u00eancia. A etiqueta \u00e9 destac\u00e1vel. Suas dimens\u00f5es s\u00e3o de 40 x 40 cm. Ele \u00e9 composto por 100% algod\u00e3o.\n\n- Composi\u00e7\u00e3o: 100% algod\u00e3o\n- Dimens\u00f5es: 40 x 40 cm\n- Base dobrada: 8 cm","da":"Enfarvet pose lavet af biologisk bomuld eller omstillet. Den har en robust konstruktion med en nedre del foldet 8 cm, lange remme for behageligt b\u00e6re og dobbelte syr p\u00e5 baserne af h\u00e5ndtagene, hvilket sikrer \u00f8get stabilitet. Hj\u00f8rnerne er ogs\u00e5 foldet for at styrke strukturen. Den har dobbelte syr for bedre modstand. Etiketten er fjernbar. Dens dimensioner er 40 x 40 cm. Den best\u00e5r af 100% bomuld\n\n- Sammens\u00e6tning 100% bomuld\n- Dimensioner 40 x 40 cm\n- Nedre del foldet 8 cm","pl":"Jednobarwna torba wykonana z bawe\u0142ny ekologicznej lub w konwersji. Charakteryzuje si\u0119 solidn\u0105 konstrukcj\u0105 z dnem z\u0142o\u017conym o 8 cm, d\u0142ugimi rzemieniami dla wygodnego noszenia i szwami krzy\u017cowymi na podstawie r\u0119czek, zapewniaj\u0105cymi zwi\u0119kszon\u0105 stabilno\u015b\u0107. R\u00f3wnie\u017c rogi s\u0105 z\u0142o\u017cone w celu wzmocnienia struktury. Ma podw\u00f3jne szwy dla lepszej wytrzyma\u0142o\u015bci. Etykieta jest od\u0142\u0105czalna. Jej wymiary to 40 x 40 cm. Sk\u0142ada si\u0119 z 100% bawe\u0142ny.\n\n- Sk\u0142ad: 100% bawe\u0142na\n- Wymiary: 40 x 40 cm\n- Dno z\u0142o\u017cone: 8 cm"},"h1":{"fr":"Denim bag Sac shopping coton bio m195","en":"Denim bag Shopping cotton bag m195","de":"Denim-Tasche Einkaufsbeutel Bio-Baumwolle m195","nl":"Denim tas winkelwagen biologisch katoen m195","es":"Denim bag Bolsa de compra de algod\u00f3n bio m195","it":"Borsa denim sacchetto per la spesa in cotone biologico m195","sv":"Denim bag ink\u00f6pss\u00e4ck ekologisk bomull m195","pt":"Denim bag Sac shopping algod\u00e3o bio m195","da":"Denim bag Shoppingpose k\u00f8bskurv i biologisk bomuld m195","pl":"Torba denim sac shopping bawe\u0142na bio m195"},"meta_description":{"fr":"Sac shopping en coton bio ou en conversion. Dimensions 40x40cm. Bas repli\u00e9 8cm, longues sangles et doubles surpiq\u00fbres pour une plus grande solidit\u00e9.","en":"Shopping bag made of organic cotton or in conversion. Dimensions 40x40cm. Folded bottom 8cm, long straps and double stitching for greater strength.","de":"Einkaufsbeutel aus Bio-Baumwolle oder im Umstellungsverfahren. Ma\u00dfe 40x40cm. Eingezogener Boden 8cm, lange Trageriemen und doppelte Naht f\u00fcr eine gr\u00f6\u00dfere Festigkeit.","nl":"Winkelwagentas in biologisch katoen of in omzetting. Afmetingen 40x40cm. Onderkant opgevouwen 8cm, lange riemen en dubbele steeknaden voor een grotere stevigheid.","es":"Bolsa de compra de algod\u00f3n bio o en conversi\u00f3n. Dimensiones 40x40cm. Base plegada 8cm, correas largas y doble costura para una mayor solidez.","it":"Sacchetto per la spesa in cotone biologico o in conversione. Dimensioni 40x40 cm. Fondo piegato 8 cm, lunghe cinghie e doppie cuciture per una maggiore solidit\u00e0.","sv":"Ink\u00f6pss\u00e4ck i ekologisk bomull eller i konvertering. Dimensioner 40x40cm. Botten veckt 8cm, l\u00e5nga remmar och dubbla stygningar f\u00f6r en st\u00f6rre h\u00e5llfasthet.","pt":"Saco de compras em algod\u00e3o bio ou em convers\u00e3o. Dimens\u00f5es 40x40cm. Base dobrada 8cm, longas al\u00e7as e costuras duplas para maior resist\u00eancia.","da":"Shoppingpose i biologisk bomuld eller omstillet. Dimensioner 40x40cm. Nedre del foldet 8cm, lange remme og dobbelte syr, for st\u00f8rre holdbarhed.","pl":"Torba na zakupy z bawe\u0142ny ekologicznej lub w konwersji. Wymiary 40x40cm. Dno z\u0142o\u017cone 8cm, d\u0142ugie rzemienie i podw\u00f3jne szwy dla wi\u0119kszej wytrzyma\u0142o\u015bci."}},"custom":{"title":{"fr":"Denim bag Sac shopping coton bio MANTIS personnalisation m195","en":"Denim bag shopping cotton bag MANTIS customization m195","de":"Denim Tasche Einkaufsbeutel Bio-Baumwolle MANTIS Personalisierung m195","nl":"Denim tas Winkelwagentas coton biologische persoonlijk ma195","es":"Bolso de denim bolsa de compras algod\u00f3n bio MANTIS personalizaci\u00f3n m195","it":"Denim bag Sac shopping coton bio MANTIS personalizzazione m195","sv":"Denim bag ink\u00f6pss\u00e4ck bio-koton MANTIS personligg\u00f6ring m195","pt":"Bolsa Denim Sacola de compras algod\u00e3o bio MANTIS personaliza\u00e7\u00e3o m195","da":"Denim bag Shoppingpose k\u00f8bscotoneco m195 tilpasning","pl":"Torba Denim shopping z bawe\u0142ny ekologicznej MANTIS personalizacja m195"},"description":{"fr":"Sac unicolore en coton bio ou en conversion. Denim 9oz. Bas repli\u00e9 8 cm. Longues sangles. Coutures en croix \u00e0 la base des poign\u00e9es pour plus de stabilit\u00e9. Coins repli\u00e9s. Doubles surpiq\u00fbres. \u00c9tiquette d\u00e9tachable. Dimensions : 40 x 40 cm. Composition : 100% coton. Ce sac offre une surface id\u00e9ale pour exprimer votre cr\u00e9ativit\u00e9. Personnalisez-le avec votre logo, un slogan ou un design unique pour un impact visuel fort. Il est possible d'ajouter votre visuel, d'imprimer votre logo ou de personnaliser le sac selon vos envies.\n\n- Composition : 100% coton\n- Dimensions : 40 x 40 cm\n- Caract\u00e9ristique : Longues sangles\n- D\u00e9tail : Bas repli\u00e9 8 cm","en":"Unicolored bag in organic cotton or in conversion. Denim. Folded bottom 8 cm. Long straps. Cross seams at the base of the handles for more stability. Folded corners. Double stitching. Detachable label. Dimensions: 40 x 40 cm. Composition: 100% cotton. This bag offers an ideal surface to express your creativity. Customize it with your logo, a slogan or a unique design for a strong visual impact. It is possible to add your visual, print your logo or customize the bag according to your wishes.","de":"Einfarbiger Einkaufsbeutel aus Bio-Baumwolle oder in Umstellung. Denim 9oz. Unterseite umgeschlagen 8 cm. Lange Gurte. Kreuzn\u00e4he am Boden der Griffe f\u00fcr mehr Stabilit\u00e4t. Umschlagenecken. Doppelte \u00dcbern\u00e4hte. Abnehmbares Etikett. Abmessungen: 40 x 40 cm. Zusammensetzung: 100% Baumwolle. Diese Tasche bietet eine ideale Fl\u00e4che, um Ihre Kreativit\u00e4t auszudr\u00fccken. Personalisieren Sie sie mit Ihrem Logo, einem Slogan oder einem einzigartigen Design f\u00fcr eine starke visuelle Wirkung. Sie k\u00f6nnen Ihr Bild hinzuf\u00fcgen, Ihr Logo drucken oder die Tasche nach Ihren W\u00fcnschen personalisieren.","nl":"Eenkleurige tas van biologische coton of in conversie. Denim. Opleggingen 8 cm. Lange banden. Kruiskant op de basis van de handgrepen voor meer stabiliteit. Opgevouwen hoeken. Dubbele steken. Afneembare label. Afmetingen: 40 x 40 cm. Samenstelling: 100% coton. Deze tas biedt een ideale oppervlakte om uw creativiteit tot uitdrukking te brengen. Persoonlijk het met uw logo, een slogan of een uniek ontwerp voor een sterke visuele impact. Het is mogelijk om uw visueel toe te voegen, uw logo te drukken of de tas te personaliseren volgens uw wensen","es":"Bolsa unicolor en algod\u00f3n bio o en conversi\u00f3n. Denim 9oz. Base repliegada 8 cm. Tirantes largos. Costuras en cruz en la base de las asas para m\u00e1s estabilidad. Esquinas repliegadas. Dobles costuras. Etiqueta desmontable. Dimensiones: 40 x 40 cm. Composici\u00f3n: 100% algod\u00f3n. Esta bolsa ofrece una superficie ideal para expresar su creatividad. Personal\u00edcela con su logo, un eslogan o un dise\u00f1o \u00fanico para un impacto visual fuerte. Es posible agregar su visual, imprimir su logo o personalizar la bolsa seg\u00fan sus deseos.","it":"Sac unicolore in cotone bio o in conversione. Denim 9oz. Base piegata 8 cm. Lunghe cinghie. Cuciture a croce alla base delle maniglie per maggiore stabilit\u00e0. Angoli piegati. Doppie cuciture. Etichetta staccabile. Dimensioni : 40 x 40 cm. Composizione : 100% cotone. Questo sac offre una superficie ideale per esprimere la vostra creativit\u00e0. Personalizzatelo con il vostro logo, uno slogan o un design unico per un impatto visivo forte. \u00c8 possibile aggiungere il vostro visivo, stampare il logo o personalizzare il sac secondo i vostri desideri. Composizione : 100% cotone Caratteristica : Lunghe cinghie Dettaglio : Base piegata 8 cm","sv":"Enf\u00e4rgad ink\u00f6pss\u00e4ck i bio-koton eller i omst\u00e4llning. Denim 9oz. Basen vikta 8 cm. L\u00e5nga remmar. Korssting i botten av handtagen f\u00f6r mer stabilitet. Vikta h\u00f6rn. Dubbla stygn. Avtagbar etikett. Dimensioner: 40 x 40 cm. Sammans\u00e4ttning: 100% koton. Denna s\u00e4ck erbjuder en ideal yta f\u00f6r att uttrycka din kreativitet. Personligg\u00f6r den med ditt logotyp, ett slagord eller ett unikt design f\u00f6r en stark visuell effekt. Det \u00e4r m\u00f6jligt att l\u00e4gga till ditt visuella element, trycka ditt logotyp eller personligg\u00f6ra s\u00e4cken enligt dina \u00f6nskem\u00e5l.","pt":"Sacola monocrom\u00e1tica em algod\u00e3o bio ou em convers\u00e3o. Denim 9oz. Base dobrada 8 cm. Al\u00e7as longas. Costuras em cruz na base das al\u00e7as para mais estabilidade. Cantos dobrados. Costuras duplas. Etiqueta destac\u00e1vel. Dimens\u00f5es: 40 x 40 cm. Composi\u00e7\u00e3o: 100% algod\u00e3o. Essa sacola oferece uma superf\u00edcie ideal para expressar sua criatividade. Personalize-a com seu logotipo, um slogan ou um design \u00fanico para um impacto visual forte. \u00c9 poss\u00edvel adicionar seu visual, imprimir seu logotipo ou personalizar a sacola conforme seus desejos.","da":"Enfarvet shoppingpose i \u00f8kologisk bomuld eller i omstilling. Denim 9oz. Bunden er foldet 8 cm. Lange remme. Korss\u00f8m ved bunden af h\u00e5ndtagene for st\u00f8rre stabilitet. Hj\u00f8rner er foldet. Dobbelts\u00f8m. Aftageligt etiket. St\u00f8rrelser: 40 x 40 cm. Sammens\u00e6tning: 100% bomuld. Denne pose giver en ideel overflade til at udtrykke din kreativitet. Tilpas den med dit logo, en slogan eller en unik design for en st\u00e6rk visuel effekt. Det er muligt at tilf\u00f8je dit visuelle, trykke dit logo eller tilpasse posen efter dine \u00f8nske.","pl":"Jednokolorowa torba z bawe\u0142ny ekologicznej lub w konwersji. Denim 9oz. Dolna cz\u0119\u015b\u0107 z\u0142o\u017cona 8 cm. D\u0142ugie rzemienie. Szwy krzy\u017cowe na spodzie uchwyt\u00f3w dla wi\u0119kszej stabilno\u015bci. Z\u0142o\u017cone k\u0105ty. Podw\u00f3jne stepek. Znak usuwalny. Wymiary: 40 x 40 cm. Sk\u0142ad: 100% bawe\u0142na. Ta torba oferuje idealn\u0105 powierzchni\u0119 do wyra\u017cania swojej kreatywno\u015bci. Personalizuj j\u0105 swoim logo, sloganem lub unikalnym designem, aby uzyska\u0107 silny wizualny efekt. Mo\u017cesz doda\u0107 sw\u00f3j wz\u00f3r, wydrukowa\u0107 logo lub personalizowa\u0107 torb\u0119 wed\u0142ug w\u0142asnych upodoba\u0144."},"h1":{"fr":"Denim bag Sac shopping coton bio m195 personnalisation","en":"Denim bag shopping cotton bag customization m195","de":"Denim Tasche Einkaufsbeutel Bio-Baumwolle m195 Personalisierung","nl":"Denim tas Winkelwagentas coton biologische persoonlijk ma195","es":"Bolso de denim bolsa de compras algod\u00f3n bio m195 personalizaci\u00f3n","it":"Denim bag Sac shopping coton bio m195 personalizzazione","sv":"Denim bag ink\u00f6pss\u00e4ck bio-koton m195 personligg\u00f6ring","pt":"Bolsa Denim Sacola de compras algod\u00e3o bio m195 personaliza\u00e7\u00e3o","da":"Denim bag Shoppingpose k\u00f8bscotoneco m195 tilpasning","pl":"Torba Denim shopping z bawe\u0142ny ekologicznej m195 personalizacja"},"meta_description":{"fr":"Sac shopping en coton bio 9oz. Dimensions 40x40cm. Longues sangles. Possibilit\u00e9 de personnalisation. Id\u00e9al pour vos \u00e9v\u00e9nements.","en":"Shopping bag in organic cotton. Dimensions 40x40cm. Long straps. Possibility of customization. Ideal for your events.","de":"Einkaufsbeutel aus Bio-Baumwolle 9oz. Abmessungen 40x40cm. Lange Gurte. M\u00f6glichkeit der Personalisierung. Ideal f\u00fcr Ihre Veranstaltungen.","nl":"Winkelwagentas van biologische coton. Afmetingen 40x40 cm. Lange banden. Mogelijkheid tot persoonlijkheid. Ideaal voor uw evenementen.","es":"Bolsa de compras en algod\u00f3n bio 9oz. Dimensiones 40x40cm. Tirantes largos. Posibilidad de personalizaci\u00f3n. Ideal para sus eventos.","it":"Sac shopping in cotone bio 9oz. Dimensioni 40x40cm. Lunghe cinghie. Possibilit\u00e0 di personalizzazione. Ideale per i vostri eventi.","sv":"Ink\u00f6pss\u00e4ck i bio-koton 9oz. Dimensioner 40x40cm. L\u00e5nga remmar. M\u00f6jlighet till personligg\u00f6ring. Idealisk f\u00f6r era evenemang.","pt":"Sacola de compras em algod\u00e3o bio 9oz. Dimens\u00f5es 40x40cm. Al\u00e7as longas. Possibilidade de personaliza\u00e7\u00e3o. Ideal para seus eventos.","da":"Shoppingpose i k\u00f8bscotoneco. St\u00f8rrelser 40x40cm. Lange remme. Mulighed for tilpasning. Ideel til dine arrangementer.","pl":"Torba shopping z bawe\u0142ny ekologicznej 9oz. Wymiary 40x40cm. D\u0142ugie rzemienie. Mo\u017cliwo\u015b\u0107 personalizacji. Idealna dla twoich wydarze\u0144."}}},"categories":[{"id":318,"name":"Sacs shopping","singular":"Sac shopping","is_feminin":false},{"id":499,"name":"Bagagerie","singular":"Bagagerie","is_feminin":false},{"id":404,"name":"Sacs shopping","singular":"Sacs shopping","is_feminin":false}],"certifications":[{"id":1,"label":"OEKO-TEX 100","logo_link":"\/images\/certifications\/1_OEKO-TEX_100.jpg","is_marking_compatible":false},{"id":3,"label":"PETA","logo_link":"\/images\/certifications\/3_PETA.jpg","is_marking_compatible":false},{"id":6,"label":"G.O.T.S.","logo_link":"\/images\/certifications\/6_GOTS.jpg","is_marking_compatible":false}],"videos":{"fr":[],"en":[],"de":[],"nl":[],"es":[],"it":[],"sv":[],"pt":[],"da":[],"pl":[]},"main_images":{"miniature":"https:\/\/media.th4.com\/KMVnteNlC_bcXlfZ89SHr_bDkUBS-qg00pHEH2tKFXY\/pr:80\/aHR0cDovL21lZGlhMi5kZXNpZ25wYXJ0bmVyLmZyL2MvcC1NVC8xODU5Ny5qcGc?v=1725617190","medium":"https:\/\/media.th4.com\/LwdkGb8k9siRutJ4puV60d_sPezXFopOGsho0wpy7K4\/pr:550x550greybg\/aHR0cDovL21lZGlhMi5kZXNpZ25wYXJ0bmVyLmZyL2MvcC1NVC8xODU5Ny5qcGc?v=1725617190","medium_large":"https:\/\/media.th4.com\/gIs_fStkuATn7vsO7QJ0B6BgFLBnF0CyPFjZAIXwe7Q\/pr:1000x1000greybg\/aHR0cDovL21lZGlhMi5kZXNpZ25wYXJ0bmVyLmZyL2MvcC1NVC8xODU5Ny5qcGc?v=1725617190","large":"https:\/\/media.th4.com\/miP6DxgBL1sEFkpMkiTUyiHqR5lq4CfN2Wce4xQjDJA\/pr:1920greybg\/aHR0cDovL21lZGlhMi5kZXNpZ25wYXJ0bmVyLmZyL2MvcC1NVC8xODU5Ny5qcGc?v=1725617190","opengraph":"https:\/\/media.th4.com\/f5QQtNBgqRpEuovbQvNHoP0XOPeIp6Htg33ob1sGSMU\/pr:1200x630greybg\/aHR0cDovL21lZGlhMi5kZXNpZ25wYXJ0bmVyLmZyL2MvcC1NVC8xODU5Ny5qcGc?v=1725617190"},"main_images_customization":{"miniature":"https:\/\/media.th4.com\/KMVnteNlC_bcXlfZ89SHr_bDkUBS-qg00pHEH2tKFXY\/pr:80\/aHR0cDovL21lZGlhMi5kZXNpZ25wYXJ0bmVyLmZyL2MvcC1NVC8xODU5Ny5qcGc?v=1725617190","medium":"https:\/\/media.th4.com\/LwdkGb8k9siRutJ4puV60d_sPezXFopOGsho0wpy7K4\/pr:550x550greybg\/aHR0cDovL21lZGlhMi5kZXNpZ25wYXJ0bmVyLmZyL2MvcC1NVC8xODU5Ny5qcGc?v=1725617190","medium_large":"https:\/\/media.th4.com\/gIs_fStkuATn7vsO7QJ0B6BgFLBnF0CyPFjZAIXwe7Q\/pr:1000x1000greybg\/aHR0cDovL21lZGlhMi5kZXNpZ25wYXJ0bmVyLmZyL2MvcC1NVC8xODU5Ny5qcGc?v=1725617190","large":"https:\/\/media.th4.com\/miP6DxgBL1sEFkpMkiTUyiHqR5lq4CfN2Wce4xQjDJA\/pr:1920greybg\/aHR0cDovL21lZGlhMi5kZXNpZ25wYXJ0bmVyLmZyL2MvcC1NVC8xODU5Ny5qcGc?v=1725617190","opengraph":"https:\/\/media.th4.com\/f5QQtNBgqRpEuovbQvNHoP0XOPeIp6Htg33ob1sGSMU\/pr:1200x630greybg\/aHR0cDovL21lZGlhMi5kZXNpZ25wYXJ0bmVyLmZyL2MvcC1NVC8xODU5Ny5qcGc?v=1725617190"},"page_links":{"fr":"\/fr\/p-ma-m195-denim-bag-sac-shopping-coton-bio-m195-18597\/","en":"\/en\/p-ma-m195-denim-bag-shopping-cotton-bag-m195-18597\/","de":"\/de\/p-ma-m195-denim-tasche-einkaufsbeutel-bio-baumwolle-m195-18597\/","nl":"\/nl\/p-ma-m195-denim-tas-winkelwagen-biologisch-katoen-m195-18597\/","es":"\/es\/p-ma-m195-denim-bag-bolsa-de-compra-de-algodon-bio-m195-18597\/","it":"\/it\/p-ma-m195-borsa-denim-sacchetto-per-la-spesa-in-cotone-biologico-m195-18597\/","sv":"\/sv\/p-ma-m195-denim-bag-inkopssack-ekologisk-bomull-m195-18597\/","pt":"\/pt\/p-ma-m195-denim-bag-sac-shopping-algodao-bio-m195-18597\/","da":"\/da\/p-ma-m195-denim-bag-shoppingpose-kobskurv-i-biologisk-bomuld-m195-18597\/","pl":"\/pl\/p-ma-m195-torba-denim-sac-shopping-bawelna-bio-m195-18597\/"},"page_links_customization":{"fr":"\/fr\/p-ma-m195-denim-bag-sac-shopping-coton-bio-m195-personnalisation-18597\/custom\/","en":"\/en\/p-ma-m195-denim-bag-shopping-cotton-bag-customization-m195-18597\/custom\/","de":"\/de\/p-ma-m195-denim-tasche-einkaufsbeutel-bio-baumwolle-m195-personalisierung-18597\/custom\/","nl":"\/nl\/p-ma-m195-denim-tas-winkelwagentas-coton-biologische-persoonlijk-ma195-18597\/custom\/","es":"\/es\/p-ma-m195-bolso-de-denim-bolsa-de-compras-algodon-bio-m195-personalizacion-18597\/custom\/","it":"\/it\/p-ma-m195-denim-bag-sac-shopping-coton-bio-m195-personalizzazione-18597\/custom\/","sv":"\/sv\/p-ma-m195-denim-bag-inkopssack-bio-koton-m195-personliggoring-18597\/custom\/","pt":"\/pt\/p-ma-m195-bolsa-denim-sacola-de-compras-algodao-bio-m195-personalizacao-18597\/custom\/","da":"\/da\/p-ma-m195-denim-bag-shoppingpose-kobscotoneco-m195-tilpasning-18597\/custom\/","pl":"\/pl\/p-ma-m195-torba-denim-shopping-z-bawelny-ekologicznej-m195-personalizacja-18597\/custom\/"},"equivalent_products":[],"colors":[{"id":22800,"name":"denim_blue","class_ids":[2],"codes_hexa":["4E6887"],"delai_24":false,"has_3d":false,"seuil_global":0,"stock_local":0,"stock_global":2287,"on_standby":false,"in_catalog":true,"images":{"miniature":["https:\/\/media.th4.com\/s6iFH3RzF-377MFIW2sWXxZgxbUxUKE3YR5s5vUksB8\/pr:80\/aHR0cDovL21lZGlhMi5kZXNpZ25wYXJ0bmVyLmZyL2MvcC8xODU5Ny8xODU5Ny0yMjgwMC0xLmpwZw?v=1725617138"],"medium":["https:\/\/media.th4.com\/n2zukxsfa-4WnHoTgU6zn366c-q8xh8qLNFtfzD7wig\/pr:550x550\/aHR0cDovL21lZGlhMi5kZXNpZ25wYXJ0bmVyLmZyL2MvcC8xODU5Ny8xODU5Ny0yMjgwMC0xLmpwZw?v=1725617138"],"medium_large":["https:\/\/media.th4.com\/yacJe9wVrt_gE5pRpzafK1eBogVp-cxaulTppwIUqZ4\/pr:1000x1000\/aHR0cDovL21lZGlhMi5kZXNpZ25wYXJ0bmVyLmZyL2MvcC8xODU5Ny8xODU5Ny0yMjgwMC0xLmpwZw?v=1725617138"],"large":["https:\/\/media.th4.com\/lQVSF0vM-ai9tKoGs3Jls6uQ966yWT0tiEpt3TibzRc\/pr:1920\/aHR0cDovL21lZGlhMi5kZXNpZ25wYXJ0bmVyLmZyL2MvcC8xODU5Ny8xODU5Ny0yMjgwMC0xLmpwZw?v=1725617138"],"opengraph":["https:\/\/media.th4.com\/nrwlpW5Eqifrb6W3rC8XNUeZf-2QK1dzlNLWawPq4T8\/pr:1200x630\/aHR0cDovL21lZGlhMi5kZXNpZ25wYXJ0bmVyLmZyL2MvcC8xODU5Ny8xODU5Ny0yMjgwMC0xLmpwZw?v=1725617138"]},"images_customization":{"miniature":["https:\/\/media.th4.com\/s6iFH3RzF-377MFIW2sWXxZgxbUxUKE3YR5s5vUksB8\/pr:80\/aHR0cDovL21lZGlhMi5kZXNpZ25wYXJ0bmVyLmZyL2MvcC8xODU5Ny8xODU5Ny0yMjgwMC0xLmpwZw?v=1725617138"],"medium":["https:\/\/media.th4.com\/n2zukxsfa-4WnHoTgU6zn366c-q8xh8qLNFtfzD7wig\/pr:550x550\/aHR0cDovL21lZGlhMi5kZXNpZ25wYXJ0bmVyLmZyL2MvcC8xODU5Ny8xODU5Ny0yMjgwMC0xLmpwZw?v=1725617138"],"medium_large":["https:\/\/media.th4.com\/yacJe9wVrt_gE5pRpzafK1eBogVp-cxaulTppwIUqZ4\/pr:1000x1000\/aHR0cDovL21lZGlhMi5kZXNpZ25wYXJ0bmVyLmZyL2MvcC8xODU5Ny8xODU5Ny0yMjgwMC0xLmpwZw?v=1725617138"],"large":["https:\/\/media.th4.com\/lQVSF0vM-ai9tKoGs3Jls6uQ966yWT0tiEpt3TibzRc\/pr:1920\/aHR0cDovL21lZGlhMi5kZXNpZ25wYXJ0bmVyLmZyL2MvcC8xODU5Ny8xODU5Ny0yMjgwMC0xLmpwZw?v=1725617138"],"opengraph":["https:\/\/media.th4.com\/nrwlpW5Eqifrb6W3rC8XNUeZf-2QK1dzlNLWawPq4T8\/pr:1200x630\/aHR0cDovL21lZGlhMi5kZXNpZ25wYXJ0bmVyLmZyL2MvcC8xODU5Ny8xODU5Ny0yMjgwMC0xLmpwZw?v=1725617138"]},"country_origin":"BD","traceability":{"manufacturing_country_id":59,"weaving_country_id":59,"dyeing_country_id":59},"sizes":[{"id":42,"article_id":474640,"class_id":19,"name":"taille_unique","on_standby":false,"stock_local":0,"stock_global":2287,"multiple":1,"estimated_date_reassort":null,"is_destocking":false}],"page_links":{"fr":"\/fr\/p-ma-m195-denim-bag-sac-shopping-coton-bio-m195-18597\/denim-blue-22800\/","en":"\/en\/p-ma-m195-denim-bag-shopping-cotton-bag-m195-18597\/denim-blue-22800\/","de":"\/de\/p-ma-m195-denim-tasche-einkaufsbeutel-bio-baumwolle-m195-18597\/denim-blue-22800\/","nl":"\/nl\/p-ma-m195-denim-tas-winkelwagen-biologisch-katoen-m195-18597\/denim-blue-22800\/","es":"\/es\/p-ma-m195-denim-bag-bolsa-de-compra-de-algodon-bio-m195-18597\/denim-blue-22800\/","it":"\/it\/p-ma-m195-borsa-denim-sacchetto-per-la-spesa-in-cotone-biologico-m195-18597\/denim-blue-22800\/","sv":"\/sv\/p-ma-m195-denim-bag-inkopssack-ekologisk-bomull-m195-18597\/denim-blue-22800\/","pt":"\/pt\/p-ma-m195-denim-bag-sac-shopping-algodao-bio-m195-18597\/denim-blue-22800\/","da":"\/da\/p-ma-m195-denim-bag-shoppingpose-kobskurv-i-biologisk-bomuld-m195-18597\/denim-blue-22800\/","pl":"\/pl\/p-ma-m195-torba-denim-sac-shopping-bawelna-bio-m195-18597\/denim-blue-22800\/"},"page_links_customization":{"fr":"\/fr\/p-ma-m195-denim-bag-sac-shopping-coton-bio-m195-personnalisation-18597\/denim-blue-22800\/custom\/","en":"\/en\/p-ma-m195-denim-bag-shopping-cotton-bag-customization-m195-18597\/denim-blue-22800\/custom\/","de":"\/de\/p-ma-m195-denim-tasche-einkaufsbeutel-bio-baumwolle-m195-personalisierung-18597\/denim-blue-22800\/custom\/","nl":"\/nl\/p-ma-m195-denim-tas-winkelwagentas-coton-biologische-persoonlijk-ma195-18597\/denim-blue-22800\/custom\/","es":"\/es\/p-ma-m195-bolso-de-denim-bolsa-de-compras-algodon-bio-m195-personalizacion-18597\/denim-blue-22800\/custom\/","it":"\/it\/p-ma-m195-denim-bag-sac-shopping-coton-bio-m195-personalizzazione-18597\/denim-blue-22800\/custom\/","sv":"\/sv\/p-ma-m195-denim-bag-inkopssack-bio-koton-m195-personliggoring-18597\/denim-blue-22800\/custom\/","pt":"\/pt\/p-ma-m195-bolsa-denim-sacola-de-compras-algodao-bio-m195-personalizacao-18597\/denim-blue-22800\/custom\/","da":"\/da\/p-ma-m195-denim-bag-shoppingpose-kobscotoneco-m195-tilpasning-18597\/denim-blue-22800\/custom\/","pl":"\/pl\/p-ma-m195-torba-denim-shopping-z-bawelny-ekologicznej-m195-personalizacja-18597\/denim-blue-22800\/custom\/"}}],"documentation_link":"\/pdf\/18597.pdf","countries_availables":["AD","AE","AL","AT","BA","BD","BE","BG","BL","CA","CH","CN","CO","CY","CZ","DE","DK","DO","EE","EG","ES","ET","FI","FR","GB","GE","GF","GP","GR","GT","HK","HN","HR","HT","HU","ID","IE","IN","IS","IT","JO","JP","KE","KH","KP","KR","LA","LK","LS","LT","LU","LV","MA","MF","MG","MK","MM","MN","MQ","MT","MX","MY","NC","NI","NL","PF","PH","PK","PL","PM","PT","RE","RO","SE","SG","SI","SK","SV","SY","TH","TN","TR","TW","TZ","US","VN","WF","YT"]},"infos_customization":[],"features":{"authorize_multi_surfaces":true,"display_order_delay_type":true,"promote_surface_display":true,"tarification_franco_offert":true,"enabled_3d_editor":false},"markings":[{"id":0,"nom":"vierge","finition":null,"libelle":null,"code":null,"dpi":null,"finesse_forme_isolee":null,"finesse_forme_non_isolee":null,"hauteur_minimale_texte":null,"inactif":0,"marquage_interne":1,"quantite_min":null,"parent_id":null,"print_on_support":0,"content":"vierge","description":null},{"id":2,"nom":"fonce","finition":"optimale","libelle":"TopQuadri","code":null,"dpi":400,"finesse_forme_isolee":"0.040","finesse_forme_non_isolee":"0.700","hauteur_minimale_texte":2,"inactif":0,"marquage_interne":1,"quantite_min":null,"parent_id":18,"print_on_support":0,"content":"TopQuadri","description":"pour petites et moyennes s\u00e9ries"},{"id":3,"nom":"serigraphie","finition":"serigraphie","libelle":"SeriCoat","code":null,"dpi":400,"finesse_forme_isolee":"0.040","finesse_forme_non_isolee":"0.700","hauteur_minimale_texte":2,"inactif":0,"marquage_interne":1,"quantite_min":15,"parent_id":18,"print_on_support":0,"content":"SeriCoat","description":"pour moyennes et grandes s\u00e9ries"},{"id":4,"nom":"broderie","finition":"broderie","libelle":"Broderie","code":null,"dpi":400,"finesse_forme_isolee":"0.040","finesse_forme_non_isolee":"0.700","hauteur_minimale_texte":3,"inactif":0,"marquage_interne":1,"quantite_min":null,"parent_id":null,"print_on_support":0,"content":"Broderie","description":null},{"id":8,"nom":"theme","finition":null,"libelle":"Th\u00e8me","code":null,"dpi":null,"finesse_forme_isolee":null,"finesse_forme_non_isolee":null,"hauteur_minimale_texte":null,"inactif":0,"marquage_interne":1,"quantite_min":null,"parent_id":null,"print_on_support":0,"content":"Th\u00e8me","description":null},{"id":9,"nom":"sans","finition":null,"libelle":null,"code":null,"dpi":null,"finesse_forme_isolee":null,"finesse_forme_non_isolee":null,"hauteur_minimale_texte":null,"inactif":0,"marquage_interne":1,"quantite_min":null,"parent_id":null,"print_on_support":0,"content":"sans","description":null},{"id":10,"nom":"photo","finition":null,"libelle":"Photo","code":null,"dpi":null,"finesse_forme_isolee":null,"finesse_forme_non_isolee":null,"hauteur_minimale_texte":null,"inactif":0,"marquage_interne":1,"quantite_min":null,"parent_id":null,"print_on_support":0,"content":"Photo","description":null},{"id":14,"nom":"couleur","finition":null,"libelle":"Couleur","code":null,"dpi":null,"finesse_forme_isolee":null,"finesse_forme_non_isolee":null,"hauteur_minimale_texte":null,"inactif":0,"marquage_interne":1,"quantite_min":null,"parent_id":null,"print_on_support":0,"content":"Couleur","description":null},{"id":15,"nom":"sublimation","finition":"sublimation","libelle":"Sublimation","code":null,"dpi":null,"finesse_forme_isolee":"0.000","finesse_forme_non_isolee":"0.000","hauteur_minimale_texte":2,"inactif":0,"marquage_interne":1,"quantite_min":null,"parent_id":null,"print_on_support":0,"content":"Sublimation","description":null},{"id":16,"nom":"topquadri_uv","finition":null,"libelle":"TopQuadri UV","code":null,"dpi":null,"finesse_forme_isolee":"0.020","finesse_forme_non_isolee":"0.700","hauteur_minimale_texte":2,"inactif":0,"marquage_interne":1,"quantite_min":null,"parent_id":null,"print_on_support":1,"content":null,"description":null},{"id":17,"nom":"topquadri_uvp","finition":null,"libelle":"TopQuadri UVP","code":null,"dpi":null,"finesse_forme_isolee":"0.020","finesse_forme_non_isolee":"0.700","hauteur_minimale_texte":2,"inactif":0,"marquage_interne":1,"quantite_min":null,"parent_id":null,"print_on_support":1,"content":null,"description":null},{"id":18,"nom":"quadri","finition":null,"libelle":"Impression","code":null,"dpi":null,"finesse_forme_isolee":null,"finesse_forme_non_isolee":null,"hauteur_minimale_texte":null,"inactif":0,"marquage_interne":1,"quantite_min":null,"parent_id":null,"print_on_support":0,"content":null,"description":null}]}}