{"data":{"product":{"id":18416,"titre":"Poches \u00e0 outils amovibles","description":"Poches \u00e0 outils amovilbes. Cordura\u00ae. Vendu par paires. 2 poches outils en Cordura\u00ae avec piping silver, d\u00e9velopp\u00e9es pour s'accrocher sur les passants d'un pantalon. Les poches s'accrochent avec un syst\u00e8me de clips. L'espace entre les 2 clips est de 13 cm. Les 2 poches ont plusieurs compartiments. Une des poches a une bride pour accrocher les outils. Composition : Cordura\u00ae.","genre":"","grammage":0,"conditionnement":100,"composition":"polyester","reference":"wk-wki0306","reference_visible":"wk-wki0306","reference_fabricant":"WKI0306","ref_xor":"725429","in_catalog":true,"is_transfer":false,"is_service":false,"on_standby":false,"has_3d":false,"has_size_guide":false,"has_marking":false,"has_vierge":true,"is_cross_sellable":false,"id_picto":0,"filename_3d":null,"brand":{"id":354,"name":"WK Designed To Work","logo":"logo-wk-designed-to-work.png","image":"https:\/\/media.th4.com\/3sLoqm-BwM8bXsBart4M-7ki5qVbPdm8Rk05qn40cgE\/pr:brand70x70\/aHR0cDovL21lZGlhMi5kZXNpZ25wYXJ0bmVyLmZyL2MvbS9sb2dvLXdrLWRlc2lnbmVkLXRvLXdvcmsucG5n?v=1736953127"},"price_infos":{"price_from":7.47,"quantity":200,"color":{"id":17817,"name":"black"},"size":{"id":42,"name":"taille_unique"}},"price_infos_marking":{"price_from":0,"quantity":0,"size":{"id":0,"name":""},"color":{"id":0,"name":""},"marking":{"id":0,"name":""},"emplacement":"","surface":"","surface_emplacement_id":0},"i18n":{"blank":{"title":{"fr":"Poches \u00e0 outils Cordura WK DESIGNED TO WORK wki0306","en":"Cordura Tool Pouches WK DESIGNED TO WORK wki0306","de":"Cordura Werkzeugtaschen WK DESIGNED TO WORK wki0306","nl":"Cordura werktuigentas WK DESIGNED TO WORK wki0306","es":"Fundas para herramientas Cordura WK DESIGNED TO WORK wki0306","it":"Poche per attrezzi Cordura WK DESIGNED TO WORK wki0306","sv":"Verktysfickor Cordura WK DESIGNED TO WORK wki0306","pt":"Bolsas de ferramentas Cordura WK DESIGNED TO WORK wki0306","da":"V\u00e6rkt\u00f8jss\u00e6kker Cordura WK DESIGNED TO WORK wki0306","pl":"Pochy na narz\u0119dzia Cordura WK DESIGNED TO WORK wki0306"},"description":{"fr":"Poches \u00e0 outils amovibles con\u00e7ues pour faciliter l'organisation et le transport des outils lors de divers travaux. Fabriqu\u00e9es en Cordura\u00ae, ces poches offrent une bonne r\u00e9sistance \u00e0 l'abrasion et \u00e0 la d\u00e9chirure. Le syst\u00e8me de fixation par clips permet de les attacher solidement aux passants d'un pantalon ou d'une ceinture. Elles comportent plusieurs compartiments de diff\u00e9rentes tailles pour accueillir une vari\u00e9t\u00e9 d'outils. Les dimensions des poches ont \u00e9t\u00e9 pens\u00e9es pour un acc\u00e8s facile aux outils tout en assurant un maintien s\u00fbr pendant le travail. Vendu par paire.\n\n- Composition : Cordura\u00ae\n- Syst\u00e8me de fixation : Clips\n- Espacement des clips : 13 cm\n- Nombre de poches : 2","en":"Removable tool pouches designed to facilitate organization and transportation of tools for various jobs. Made of Cordura\u00ae, these pouches offer good resistance to abrasion and tearing. The clip fixing system allows them to be securely attached to trouser loops or a belt. They feature multiple compartments of different sizes to accommodate a variety of tools. The dimensions of the pouches have been designed for easy access to tools while ensuring secure holding during work. Sold in pairs.\n\n- Composition: Cordura\u00ae\n- Fixing system: Clips\n- Clip spacing: 13 cm\n- Number of pouches: 2","de":"Abnehmbare Werkzeugtaschen, die die Organisation und den Transport von Werkzeugen bei verschiedenen Arbeiten erleichtern. Aus Cordura\u00ae gefertigt, bieten diese Taschen eine gute Abriebfestigkeit und Rei\u00dffestigkeit. Das Clips-Befestigungssystem erm\u00f6glicht eine sichere Befestigung an Hosen- oder G\u00fcrtelschlaufen. Sie verf\u00fcgen \u00fcber mehrere F\u00e4cher in verschiedenen Gr\u00f6\u00dfen zur Aufnahme einer Vielzahl von Werkzeugen. Die Abmessungen der Taschen sind so gestaltet, dass ein einfacher Zugriff auf die Werkzeuge gew\u00e4hrleistet ist, w\u00e4hrend sie w\u00e4hrend der Arbeit sicher gehalten werden. Paarweise verkauft.\n\n- Zusammensetzung: Cordura\u00ae\n- Befestigungssystem: Clips\n- Abstand der Clips: 13 cm\n- Anzahl der Taschen: 2","nl":"Verwijderbare werktuigentas om het organiseren en vervoeren van gereedschappen te vergemakkelijken. Gemaakt van Cordura\u00ae voor duurzaamheid en scheurweerstand. Bevestigingsclips voor eenvoudig bevestigen aan broekenriemen of riem. Verschillende compartimenten voor verschillende gereedschappen. Opslag voor eenvoudig toegang en veilig vervoer. Verkocht per paar. \n\n- Samenstelling: Cordura\u00ae\n- Bevestigingssysteem: Clips\n- Afstand tussen clips: 13 cm\n- Aantal tasjes: 2","es":"Fundas para herramientas desmontables dise\u00f1adas para facilitar la organizaci\u00f3n y el transporte de herramientas durante diversos trabajos. Fabricadas en Cordura\u00ae, estas fundas ofrecen una buena resistencia al desgarro y al desgaste. El sistema de fijaci\u00f3n con clips permite fijarlas firmemente a los pasadores de un pantal\u00f3n o un cintur\u00f3n. Cuentan con varios compartimentos de diferentes tama\u00f1os para albergar una variedad de herramientas. Las dimensiones de las fundas se han pensado para un acceso f\u00e1cil a las herramientas, asegurando un mantenimiento seguro durante el trabajo. Vendido por pares.\n\n- Composici\u00f3n: Cordura\u00ae\n- Sistema de fijaci\u00f3n: Clips\n- Espaciado de los clips: 13 cm\n- N\u00famero de fundas: 2","it":"Poche per attrezzi rimovibili progettate per facilitare l'organizzazione e il trasporto degli attrezzi durante vari lavori. Fabbricate in Cordura\u00ae, queste poche offrono una buona resistenza all'abrasione e alla lacerazione. Il sistema di fissaggio con clip consente di fissarle saldamente ai passanti di un pantalone o di una cintura. Comprendono pi\u00f9 scomparti di diverse dimensioni per accogliere una variet\u00e0 di attrezzi. Le dimensioni delle poche sono state pensate per un facile accesso agli attrezzi garantendo un mantenimento sicuro durante il lavoro. Venduto a coppia.\n\n- Composizione : Cordura\u00ae\n- Sistema di fissaggio : Clip\n- Spaziatura delle clip : 13 cm\n- Numero di poche : 2","sv":"Verktysfickor avtagbara som \u00e4r utformade f\u00f6r att underl\u00e4tta organisation och transport av verktyg under olika arbeten. Tillverkade i Cordura\u00ae, dessa fickor erbjuder bra motst\u00e5ndskraft mot slitage och revning. Systemet f\u00f6r fasts\u00e4ttning med klipp g\u00f6r det m\u00f6jligt att s\u00e4kra dem p\u00e5 byxornas l\u00e4nkar eller ett b\u00e4lte. De har flera fack av olika storlekar f\u00f6r att rymma en m\u00e4ngd olika verktyg. Fickornas dimensioner \u00e4r utformade f\u00f6r l\u00e4tt \u00e5tkomst till verktygen samtidigt som de s\u00e4kerst\u00e4ller en s\u00e4ker fasts\u00e4ttning under arbetet. S\u00e5lt i par.\n\n- Sammans\u00e4ttning: Cordura\u00ae\n- Fasts\u00e4ttningssystem: Klipp\n- Avst\u00e5nd mellan klipp: 13 cm\n- Antal fickor: 2","pt":"Bolsas de ferramentas remov\u00edveis projetadas para facilitar a organiza\u00e7\u00e3o e o transporte de ferramentas durante v\u00e1rios trabalhos. Fabricadas em Cordura\u00ae, essas bolsas oferecem boa resist\u00eancia ao desgaste e ao rasgo. O sistema de fixa\u00e7\u00e3o por clipes permite fix\u00e1-las firmemente aos passantes de um cal\u00e7\u00e3o ou de um cinto. Elas possuem v\u00e1rios compartimentos de diferentes tamanhos para acomodar uma variedade de ferramentas. As dimens\u00f5es das bolsas foram pensadas para acesso f\u00e1cil \u00e0s ferramentas ao mesmo tempo em que garantem uma reten\u00e7\u00e3o segura durante o trabalho. Vendido em pares.\n\n- Composi\u00e7\u00e3o: Cordura\u00ae\n- Sistema de fixa\u00e7\u00e3o: Clipes\n- Espa\u00e7amento dos clipes: 13 cm\n- N\u00famero de bolsas: 2","da":"V\u00e6rkt\u00f8jss\u00e6kker designet til at lette organisering og transport af v\u00e6rkt\u00f8jer under forskellige arbejder. Lavet af Cordura\u00ae, disse s\u00e6kker tilbyder god modstandsdygtighed mod slid og revner. Klipsfastsystemet tillader dem at blive fastgjort til l\u00f8bende p\u00e5 en bukse eller et b\u00e6lte. De indeholder flere afdelinger i forskellige st\u00f8rrelser til at rumme en variation af v\u00e6rkt\u00f8jer. Dimensionerne af s\u00e6kkerne er t\u00e6nkt for nem adgang til v\u00e6rkt\u00f8jer, mens de sikrer et sikkert greb under arbejdet. Solgt i par.\n\n- Sammens\u00e6tning: Cordura\u00ae\n- Fasts\u00e6ttelsessystem: Klips\n- Afstand mellem klips: 13 cm\n- Antal s\u00e6kker: 2","pl":"Pochy na narz\u0119dzia od\u0142\u0105czalne zaprojektowane w celu u\u0142atwienia organizacji i transportu narz\u0119dzi podczas r\u00f3\u017cnych prac. Wykonane z Cordury\u00ae, te pochy oferuj\u0105 dobry op\u00f3r na \u015bcieranie i rozrywanie. System monta\u017cu z klipsami pozwala na solidne przymocowanie do klamer na spodniach lub pasie. Zawiera kilka przedzia\u0142\u00f3w r\u00f3\u017cnej wielko\u015bci, aby pomie\u015bci\u0107 r\u00f3\u017cnorodne narz\u0119dzia. Wymiary pochy zosta\u0142y zaprojektowane dla \u0142atwego dost\u0119pu do narz\u0119dzi, jednocze\u015bnie zapewniaj\u0105c bezpieczne utrzymanie podczas pracy. Sprzedawane w parze.\n\n- Sk\u0142ad: Cordura\u00ae\n- System monta\u017cu: Klipsy\n- Odleg\u0142o\u015b\u0107 mi\u0119dzy klipsami: 13 cm\n- Liczba pochy: 2"},"h1":{"fr":"Poches \u00e0 outils Cordura wki0306","en":"Cordura Tool Pouches wki0306","de":"Cordura Werkzeugtaschen wki0306","nl":"Cordura werktuigentas wki0306","es":"Fundas para herramientas Cordura wki0306","it":"Poche per attrezzi Cordura wki0306","sv":"Verktysfickor Cordura wki0306","pt":"Bolsas de ferramentas Cordura wki0306","da":"V\u00e6rkt\u00f8jss\u00e6kker Cordura wki0306","pl":"Pochy na narz\u0119dzia Cordura wki0306"},"meta_description":{"fr":"Poches \u00e0 outils amovibles en Cordura\u00ae de qualit\u00e9, con\u00e7ues pour une utilisation professionnelle. Syst\u00e8me de fixation par clips pour une compatibilit\u00e9 facile. Vendu par paire.","en":"Removable tool pouches made of quality Cordura\u00ae, designed for professional use. Clip fixing system for easy compatibility. Sold in pairs.","de":"Abnehmbare Werkzeugtaschen aus hochwertigem Cordura\u00ae, entwickelt f\u00fcr den professionellen Einsatz. Kompatibles Clips-Befestigungssystem. Paarweise verkauft.","nl":"Verwijderbare Cordura\u00ae werktuigentas voor professioneel gebruik. Opslag met clips voor eenvoudige compatibiliteit. Verkocht per paar.","es":"Fundas para herramientas desmontables en Cordura\u00ae de calidad, dise\u00f1adas para un uso profesional. Sistema de fijaci\u00f3n con clips para una compatibilidad f\u00e1cil. Vendido por pares.","it":"Poche per attrezzi rimovibili in Cordura\u00ae di qualit\u00e0, progettate per un uso professionale. Sistema di fissaggio con clip per una facile compatibilit\u00e0. Venduto a coppia.","sv":"Verktysfickor avtagbara i kvalitets Cordura\u00ae, utformade f\u00f6r professionell anv\u00e4ndning. System f\u00f6r fasts\u00e4ttning med klipp f\u00f6r enkel kompatibilitet. S\u00e5lt i par.","pt":"Bolsas de ferramentas remov\u00edveis em Cordura\u00ae de qualidade, projetadas para uso profissional. Sistema de fixa\u00e7\u00e3o por clipes para compatibilidade f\u00e1cil. Vendido em pares.","da":"V\u00e6rkt\u00f8jss\u00e6kker i kvalitets Cordura\u00ae, designet til professionel brug. Kompatibel med klipsfastsystem.","pl":"Pochy na narz\u0119dzia z Cordury\u00ae jako\u015bci, zaprojektowane do u\u017cytku profesjonalnego. System monta\u017cu z klipsami dla \u0142atwej kompatybilno\u015bci. Sprzedawane w parze."}},"custom":{"title":{"fr":"Poches \u00e0 outils Cordura WK DESIGNED TO WORK wki0306 personnalis\u00e9","en":"Tool Pockets Cordura WK DESIGNED TO WORK wki0306 customized","de":"Cordura Werkzeugtaschen WK DESIGNED TO WORK wki0306 personalisiert","nl":"Gereedschapstassen Cordura WK DESIGNED TO WORK wki0306 op maat","es":"Bolsas de herramientas Cordura WK DESIGNED TO WORK wki0306 personalizadas","it":"Tasche per utensili Cordura WK DESIGNED TO WORK wki0306 personalizzato","sv":"Cordura verktygsfack wki0306 personliggjort","pt":"Al\u00e7as de ferramentas Cordura WK DESIGNED TO WORK wki0306 personalizado","da":"V\u00e6rkt\u00f8jsposer i Cordura WK DESIGNED TO WORK wki0306 tilpasset","pl":"Os\u0142ony narz\u0119dziowe Cordura WK DESIGNED TO WORK wki0306 spersonalizowane"},"description":{"fr":"Poches \u00e0 outils amovibles en Cordura\u00ae. Vendu par paires. Ces poches outils en Cordura\u00ae avec piping silver sont con\u00e7ues pour s'accrocher aux passants d'un pantalon. Elles se fixent gr\u00e2ce \u00e0 un syst\u00e8me de clips espac\u00e9s de 13 cm. Chaque poche dispose de multiples compartiments pour un rangement optimal. Une poche est \u00e9quip\u00e9e d'une bride pour maintenir les outils en place. Composition : Cordura\u00ae. Possibilit\u00e9 de personnaliser ces poches \u00e0 outils avec votre logo ou votre visuel pour une identification claire de votre entreprise.\n\n- Composition: Cordura\u00ae\n- Vendu par paire\n- Syst\u00e8me de fixation par clips (espacement 13 cm)\n- Multiples compartiments de rangement\n- Bride de maintien sur une des poches","en":"Removable tool pockets in Cordura\u00ae. Sold by pairs. These Cordura\u00ae tool pockets with silver piping are designed to hang from the loops of a pants. They are attached thanks to a clips system spaced 13 cm apart. Each pocket has multiple compartments for optimal storage. One pocket is equipped with a strap to keep tools in place. Composition: Cordura\u00ae. Possibility to customize these tool pockets with your logo or your visual for a clear identification of your company.\n\n- Composition: Cordura\u00ae\n- Sold by pair\n- Attachment system by clips (13 cm spacing)\n- Multiple storage compartments\n- Retaining strap on one of the pockets","de":"Abnehmbare Werkzeugtaschen aus Cordura\u00ae. Paarweise verkauft. Diese Werkzeugtaschen aus Cordura\u00ae mit silbernem Saum sind f\u00fcr die Befestigung an Hosenlaschen konzipiert. Sie werden mit einem Klicksystem in 13 cm Abstand befestigt. Jede Tasche verf\u00fcgt \u00fcber mehrere F\u00e4cher f\u00fcr eine optimale Aufbewahrung. Eine Tasche ist mit einem Riemen ausgestattet, um die Werkzeuge an ihrem Platz zu halten. Zusammensetzung: Cordura\u00ae. M\u00f6glichkeit, diese Werkzeugtaschen mit Ihrem Logo oder Ihrem Bild f\u00fcr eine klare Identifizierung Ihres Unternehmens zu personalisieren.\n\n- Zusammensetzung: Cordura\u00ae\n- Paarweise verkauft\n- Befestigungssystem mit Clips (Abstand 13 cm)\n- Mehrere Aufbewahrungsf\u00e4cher\n- Halteriemen an einer der Taschen","nl":"Verwijderbare gereedschapstassen in Cordura\u00ae. Verkocht per paar. Deze Cordura\u00ae gereedschapstassen met silver piping zijn ontworpen om te worden vastgehangen aan de slingen van een broek. Ze worden bevestigd met een clippensysteem met een afstand van 13 cm. Elk tasje heeft meerdere compartimenten voor optimale opslag. Een tasje is uitgerust met een riem om de gereedschappen op hun plaats te houden. Samenstelling: Cordura\u00ae. Mogelijkheid om deze gereedschapstassen aan te passen met uw logo of uw visuele element voor een duidelijke identificatie van uw bedrijf. - Samenstelling: Cordura\u00ae - Verkocht per paar - Bevestigingsysteem met clips (afstand 13 cm) - Verschillende opslagcompartimenten - Houderiem op een van de tassen","es":"Bolsas de herramientas removibles en Cordura\u00ae. Vendido por pares. Estas bolsas de herramientas en Cordura\u00ae con piping silver est\u00e1n dise\u00f1adas para colgarse de los pasantes de un pantal\u00f3n. Se fijan gracias a un sistema de clips espaciados a 13 cm. Cada bolsa dispone de m\u00faltiples compartimentos para un almacenamiento \u00f3ptimo. Una bolsa est\u00e1 equipada con una correa para mantener las herramientas en su lugar. Composici\u00f3n: Cordura\u00ae. Posibilidad de personalizar estas bolsas de herramientas con su logo o su visuel para una identificaci\u00f3n clara de su empresa.\n\n- Composici\u00f3n: Cordura\u00ae\n- Vendido por pares\n- Sistema de fijaci\u00f3n por clips (espaciado 13 cm)\n- M\u00faltiples compartimentos de almacenamiento\n- Correa de sujeci\u00f3n en una de las bolsas","it":"Tasche per utensili rimovibili in Cordura\u00ae. Venduto a coppie. Queste tasche utensili in Cordura\u00ae con piping argentato sono progettate per agganciarsi ai passanti di un pantalone. Si fissano grazie a un sistema di clip distanziate di 13 cm. Ogni tasca dispone di multipli scomparti per un ordinamento ottimale. Una tasca \u00e8 dotata di una cinghia per mantenere gli utensili al loro posto. Composizione: Cordura\u00ae. Possibilit\u00e0 di personalizzare queste tasche per utensili con il proprio logo o visivo per un'identificazione chiara della propria azienda.\n\n- Composizione: Cordura\u00ae\n- Venduto a coppia\n- Sistema di fissaggio a clip (distanza 13 cm)\n- Multipli scomparti di ordinamento\n- Cinghia di mantenimento su una delle tasche","sv":"Avtagbara verktygsfack i Cordura\u00ae. S\u00e4ljs i par. Dessa verktygsfack i Cordura\u00ae med silver piping \u00e4r utformade f\u00f6r att f\u00e4stas p\u00e5 b\u00e4ltesslingor p\u00e5 en byxa. De f\u00e4sts med ett klipsystem med 13 cm mellanrum. Varje fack har flera fack f\u00f6r optimal f\u00f6rvaring. Ett fack \u00e4r utrustat med ett band f\u00f6r att h\u00e5lla verktygen p\u00e5 plats. Sammans\u00e4ttning: Cordura\u00ae. M\u00f6jlighet att personligg\u00f6ra dessa verktygsfack med ditt logotyp eller ditt visuella element f\u00f6r tydlig identifikation av ditt f\u00f6retag\n\n- Sammans\u00e4ttning: Cordura\u00ae\n- S\u00e4ljs i par\n- F\u00e4stsystem med klips (mellanrum 13 cm)\n- Flera f\u00f6rvaringsfack\n- H\u00e5llband p\u00e5 ett av facken","pt":"Al\u00e7as de ferramentas remov\u00edveis em Cordura\u00ae. Vendido em pares. Estas al\u00e7as de ferramentas em Cordura\u00ae com piping silver s\u00e3o projetadas para se prender aos passantes de uma cal\u00e7a. Elas se fixam atrav\u00e9s de um sistema de clipes espa\u00e7ados a 13 cm. Cada al\u00e7a disp\u00f5e de m\u00faltiplos compartimentos para um armazenamento ideal. Uma al\u00e7a \u00e9 equipada com uma al\u00e7a para manter as ferramentas no lugar. Composi\u00e7\u00e3o: Cordura\u00ae. Possibilidade de personalizar estas al\u00e7as de ferramentas com o seu logo ou seu visual para uma identifica\u00e7\u00e3o clara de sua empresa.\n\n- Composi\u00e7\u00e3o: Cordura\u00ae\n- Vendido em pares\n- Sistema de fixa\u00e7\u00e3o por clipes (espa\u00e7amento 13 cm)\n- M\u00faltiplos compartimentos de armazenamento\n- Al\u00e7a de reten\u00e7\u00e3o em uma das al\u00e7as","da":"V\u00e6rkt\u00f8jsposer i Cordura\u00ae. S\u00e6lges parvis. Disse v\u00e6rkt\u00f8jsposer i Cordura\u00ae med silver piping er designet til at fastg\u00f8res til l\u00f8kker p\u00e5 en bukser. De fastg\u00f8res ved hj\u00e6lp af et klemmesystem med 13 cm afstand. Hver pose har flere afdelinger til optimal opbevaring. En pose er udstyret med et b\u00e6lte til at holde v\u00e6rkt\u00f8jerne p\u00e5 plads. Sammens\u00e6tning: Cordura\u00ae. Disse v\u00e6rkt\u00f8jsposer kan tilpasses med dit logo eller dit billedmateriale for en klar identifikation af dit virksomhed\n\n- Sammens\u00e6tning: Cordura\u00ae\n- S\u00e6lges parvis\n- Fastg\u00f8relsesystem med klips (afstand 13 cm)\n- Flere opbevaringsafdelinger\n- Holdeb\u00e6lte p\u00e5 en af poserne","pl":"Narz\u0119dziowe os\u0142ony Cordura\u00ae. Sprzedawane w parach. Te os\u0142ony narz\u0119dziowe Cordura\u00ae z piping silver s\u0105 zaprojektowane, aby zawiesza\u0107 si\u0119 na szelkach spodni. Montowane za pomoc\u0105 systemu zacisk\u00f3w rozmieszczonych co 13 cm. Ka\u017cda os\u0142ona wyposa\u017cona jest w wiele przedzia\u0142\u00f3w dla optymalnego przechowywania. Jedna z os\u0142on wyposa\u017cona jest w opask\u0119 do utrzymywania narz\u0119dzi na miejscu. Sk\u0142ad: Cordura\u00ae. Mo\u017cliwo\u015b\u0107 personalizacji tych os\u0142on narz\u0119dziowych z Twoim logiem lub Twoim wzorem dla jasnej identyfikacji Twojej firmy.\n\n- Sk\u0142ad: Cordura\u00ae\n- Sprzedawane w parach\n- System monta\u017cu za pomoc\u0105 zacisk\u00f3w (odst\u0119py 13 cm)\n- Wiele przedzia\u0142\u00f3w do przechowywania\n- Opaska utrzymuj\u0105ca na jednej z os\u0142on"},"h1":{"fr":"Poches \u00e0 outils Cordura wki0306 personnalisable","en":"Tool Pockets Cordura wki0306 customizable","de":"Cordura Werkzeugtaschen wki0306 personalisierbar","nl":"Gereedschapstassen Cordura wki0306 op maat","es":"Bolsas de herramientas Cordura wki0306 personalizables","it":"Tasche per utensili Cordura wki0306 personalizzabile","sv":"Cordura verktygsfack wki0306 personliggjort","pt":"Al\u00e7as de ferramentas Cordura wki0306 personaliz\u00e1vel","da":"Tilpasselige v\u00e6rkt\u00f8jsposer i Cordura wki0306","pl":"Os\u0142ony narz\u0119dziowe Cordura wki0306 spersonalizowane"},"meta_description":{"fr":"Poches \u00e0 outils amovibles en Cordura\u00ae robustes et pratiques. Vendu par paire. Id\u00e9al pour les professionnels. Personnalisation possible.","en":"Removable tool pockets in robust and practical Cordura\u00ae. Sold by pair. Ideal for professionals. Customization possible.","de":"Robuste und praktische abnehmbare Werkzeugtaschen aus Cordura\u00ae. Paarweise verkauft. Ideal f\u00fcr Fachleute. Personalisierung m\u00f6glich.","nl":"Robuuste en praktische verwijderbare gereedschapstassen in Cordura\u00ae. Verkocht per paar. Ideaal voor professionals. Aangepast mogelijk.","es":"Bolsas de herramientas removibles en Cordura\u00ae robustas y pr\u00e1cticas. Vendido por pares. Ideal para los profesionales. Personalizaci\u00f3n posible.","it":"Tasche per utensili rimovibili in Cordura\u00ae robuste e pratiche. Venduto a coppia. Ideale per i professionisti. Personalizzazione possibile.","sv":"Robusta och praktiska avtagbara verktygsfack i Cordura\u00ae. S\u00e4ljs i par. Idealisk f\u00f6r proffs. Personligg\u00f6ring m\u00f6jlig.","pt":"Al\u00e7as de ferramentas remov\u00edveis em Cordura\u00ae robustas e pr\u00e1ticas. Vendido em pares. Ideal para profissionais. Personaliza\u00e7\u00e3o poss\u00edvel.","da":"Robuste og praktiske v\u00e6rkt\u00f8jsposer i Cordura\u00ae. S\u00e6lges parvis. Ideelt for fagfolk. Tilpasning mulig.","pl":"Odporne i praktyczne narz\u0119dziowe os\u0142ony Cordura\u00ae. Sprzedawane w parach. Idealne dla profesjonalist\u00f3w. Mo\u017cliwa personalizacja."}}},"categories":[{"id":311,"name":"Accessoires de travail","singular":"Accessoire de travail","is_feminin":false},{"id":561,"name":"BTP et Industrie","singular":"BTP et Industrie","is_feminin":false},{"id":361,"name":"Bricolage & S\u00e9curit\u00e9","singular":"Bricolage & S\u00e9curit\u00e9","is_feminin":false},{"id":559,"name":"Univers","singular":"Univers","is_feminin":false},{"id":431,"name":"Objets","singular":"Objet publicitaire","is_feminin":false}],"certifications":[{"id":1,"label":"OEKO-TEX 100","logo_link":"\/images\/certifications\/1_OEKO-TEX_100.jpg","is_marking_compatible":false},{"id":13,"label":"EVE Vegan","logo_link":"\/images\/certifications\/13_EVE_Vegan.jpg","is_marking_compatible":false}],"videos":{"fr":[],"en":[],"de":[],"nl":[],"es":[],"it":[],"sv":[],"pt":[],"da":[],"pl":[]},"main_images":{"miniature":"https:\/\/media.th4.com\/rKZLgVS6PTbJr09QxAoRFUmLl2NX2mJ9si0nzYTzHiU\/pr:80\/aHR0cDovL21lZGlhMi5kZXNpZ25wYXJ0bmVyLmZyL2MvcC1NVC8xODQxNi5qcGc?v=1719835821","medium":"https:\/\/media.th4.com\/5Y8nIOE9gnR_gnbhwnK3Ql66L9qe0wD94vzHvzbD7BU\/pr:550x550greybg\/aHR0cDovL21lZGlhMi5kZXNpZ25wYXJ0bmVyLmZyL2MvcC1NVC8xODQxNi5qcGc?v=1719835821","medium_large":"https:\/\/media.th4.com\/k62aS5NXs3Ms8uhfaG1jnc7o3EzIgbfb3LP4t5AAya0\/pr:1000x1000greybg\/aHR0cDovL21lZGlhMi5kZXNpZ25wYXJ0bmVyLmZyL2MvcC1NVC8xODQxNi5qcGc?v=1719835821","large":"https:\/\/media.th4.com\/HTNp0Ak2mIrq56DGxlpeXga4aeYq3ZCsBEtflVmWKBA\/pr:1920greybg\/aHR0cDovL21lZGlhMi5kZXNpZ25wYXJ0bmVyLmZyL2MvcC1NVC8xODQxNi5qcGc?v=1719835821","opengraph":"https:\/\/media.th4.com\/Cd9U1CTcBrVgRPd4WdF_VXspIwypjtZ9TYNLbptIBbg\/pr:1200x630greybg\/aHR0cDovL21lZGlhMi5kZXNpZ25wYXJ0bmVyLmZyL2MvcC1NVC8xODQxNi5qcGc?v=1719835821"},"main_images_customization":{"miniature":"https:\/\/media.th4.com\/rKZLgVS6PTbJr09QxAoRFUmLl2NX2mJ9si0nzYTzHiU\/pr:80\/aHR0cDovL21lZGlhMi5kZXNpZ25wYXJ0bmVyLmZyL2MvcC1NVC8xODQxNi5qcGc?v=1719835821","medium":"https:\/\/media.th4.com\/5Y8nIOE9gnR_gnbhwnK3Ql66L9qe0wD94vzHvzbD7BU\/pr:550x550greybg\/aHR0cDovL21lZGlhMi5kZXNpZ25wYXJ0bmVyLmZyL2MvcC1NVC8xODQxNi5qcGc?v=1719835821","medium_large":"https:\/\/media.th4.com\/k62aS5NXs3Ms8uhfaG1jnc7o3EzIgbfb3LP4t5AAya0\/pr:1000x1000greybg\/aHR0cDovL21lZGlhMi5kZXNpZ25wYXJ0bmVyLmZyL2MvcC1NVC8xODQxNi5qcGc?v=1719835821","large":"https:\/\/media.th4.com\/HTNp0Ak2mIrq56DGxlpeXga4aeYq3ZCsBEtflVmWKBA\/pr:1920greybg\/aHR0cDovL21lZGlhMi5kZXNpZ25wYXJ0bmVyLmZyL2MvcC1NVC8xODQxNi5qcGc?v=1719835821","opengraph":"https:\/\/media.th4.com\/Cd9U1CTcBrVgRPd4WdF_VXspIwypjtZ9TYNLbptIBbg\/pr:1200x630greybg\/aHR0cDovL21lZGlhMi5kZXNpZ25wYXJ0bmVyLmZyL2MvcC1NVC8xODQxNi5qcGc?v=1719835821"},"page_links":{"fr":"\/fr\/p-wk-wki0306-poches-a-outils-cordura-wki0306-18416\/","en":"\/en\/p-wk-wki0306-cordura-tool-pouches-wki0306-18416\/","de":"\/de\/p-wk-wki0306-cordura-werkzeugtaschen-wki0306-18416\/","nl":"\/nl\/p-wk-wki0306-cordura-werktuigentas-wki0306-18416\/","es":"\/es\/p-wk-wki0306-fundas-para-herramientas-cordura-wki0306-18416\/","it":"\/it\/p-wk-wki0306-poche-per-attrezzi-cordura-wki0306-18416\/","sv":"\/sv\/p-wk-wki0306-verktysfickor-cordura-wki0306-18416\/","pt":"\/pt\/p-wk-wki0306-bolsas-de-ferramentas-cordura-wki0306-18416\/","da":"\/da\/p-wk-wki0306-vaerktojssaekker-cordura-wki0306-18416\/","pl":"\/pl\/p-wk-wki0306-pochy-na-narzedzia-cordura-wki0306-18416\/"},"page_links_customization":{"fr":"\/fr\/p-wk-wki0306-poches-a-outils-cordura-wki0306-personnalisable-18416\/custom\/","en":"\/en\/p-wk-wki0306-tool-pockets-cordura-wki0306-customizable-18416\/custom\/","de":"\/de\/p-wk-wki0306-cordura-werkzeugtaschen-wki0306-personalisierbar-18416\/custom\/","nl":"\/nl\/p-wk-wki0306-gereedschapstassen-cordura-wki0306-op-maat-18416\/custom\/","es":"\/es\/p-wk-wki0306-bolsas-de-herramientas-cordura-wki0306-personalizables-18416\/custom\/","it":"\/it\/p-wk-wki0306-tasche-per-utensili-cordura-wki0306-personalizzabile-18416\/custom\/","sv":"\/sv\/p-wk-wki0306-cordura-verktygsfack-wki0306-personliggjort-18416\/custom\/","pt":"\/pt\/p-wk-wki0306-alcas-de-ferramentas-cordura-wki0306-personalizavel-18416\/custom\/","da":"\/da\/p-wk-wki0306-tilpasselige-vaerktojsposer-i-cordura-wki0306-18416\/custom\/","pl":"\/pl\/p-wk-wki0306-oslony-narzedziowe-cordura-wki0306-spersonalizowane-18416\/custom\/"},"equivalent_products":[],"colors":[{"id":17817,"name":"black","class_ids":[4],"codes_hexa":["000000"],"delai_24":false,"has_3d":false,"seuil_global":0,"stock_local":0,"stock_global":1441,"on_standby":false,"in_catalog":true,"images":{"miniature":["https:\/\/media.th4.com\/a6k36gUSzUF5krO0CGWbfd-fdlNb45GFWro0aIypFmk\/pr:80\/aHR0cDovL21lZGlhMi5kZXNpZ25wYXJ0bmVyLmZyL2MvcC8xODQxNi8xODQxNi0xNzgxNy0xLmpwZw?v=1719835624","https:\/\/media.th4.com\/_2xsIF3kIYmUBV_ItlUOiH0YutpOaGIpYD1cxBvmei4\/pr:80\/aHR0cDovL21lZGlhMi5kZXNpZ25wYXJ0bmVyLmZyL2MvcC8xODQxNi8xODQxNi0xNzgxNy0yLmpwZw?v=1719835626"],"medium":["https:\/\/media.th4.com\/n2sfHTM9oAZSLEuZFYUBXwDX9V1hu0lUf9iI0wg9Ycc\/pr:550x550\/aHR0cDovL21lZGlhMi5kZXNpZ25wYXJ0bmVyLmZyL2MvcC8xODQxNi8xODQxNi0xNzgxNy0xLmpwZw?v=1719835624","https:\/\/media.th4.com\/SwJ5N0jPbNR2F-rJQe-wqnT3U3ngBf5QvDCI2DGWO3w\/pr:550x550\/aHR0cDovL21lZGlhMi5kZXNpZ25wYXJ0bmVyLmZyL2MvcC8xODQxNi8xODQxNi0xNzgxNy0yLmpwZw?v=1719835626"],"medium_large":["https:\/\/media.th4.com\/kVSetW86ZnL1fB_Llc3LQpA27PnIQ_LeKwQl_P4qRUo\/pr:1000x1000\/aHR0cDovL21lZGlhMi5kZXNpZ25wYXJ0bmVyLmZyL2MvcC8xODQxNi8xODQxNi0xNzgxNy0xLmpwZw?v=1719835624","https:\/\/media.th4.com\/QE4MJiUA-ZP_-ns2Bqb7LhGOv5SRk8WN72FlD8Grqno\/pr:1000x1000\/aHR0cDovL21lZGlhMi5kZXNpZ25wYXJ0bmVyLmZyL2MvcC8xODQxNi8xODQxNi0xNzgxNy0yLmpwZw?v=1719835626"],"large":["https:\/\/media.th4.com\/ViuRLSwkK9wzX4JKtT882-Le7G8gMM7A_cpbE7n6j1A\/pr:1920\/aHR0cDovL21lZGlhMi5kZXNpZ25wYXJ0bmVyLmZyL2MvcC8xODQxNi8xODQxNi0xNzgxNy0xLmpwZw?v=1719835624","https:\/\/media.th4.com\/gWBC6AjyuLze4QT970Pzz5hdu7qkt7DR2AGOhYNXgIM\/pr:1920\/aHR0cDovL21lZGlhMi5kZXNpZ25wYXJ0bmVyLmZyL2MvcC8xODQxNi8xODQxNi0xNzgxNy0yLmpwZw?v=1719835626"],"opengraph":["https:\/\/media.th4.com\/9o7HzGob6jE43sGkbRKN5gm2u9sZDwkojei9uQUFkTk\/pr:1200x630\/aHR0cDovL21lZGlhMi5kZXNpZ25wYXJ0bmVyLmZyL2MvcC8xODQxNi8xODQxNi0xNzgxNy0xLmpwZw?v=1719835624","https:\/\/media.th4.com\/Emo2JujItitDbhPSse6GlX6lHLbJdXwjHcyxu3mK5CM\/pr:1200x630\/aHR0cDovL21lZGlhMi5kZXNpZ25wYXJ0bmVyLmZyL2MvcC8xODQxNi8xODQxNi0xNzgxNy0yLmpwZw?v=1719835626"]},"images_customization":{"miniature":["https:\/\/media.th4.com\/a6k36gUSzUF5krO0CGWbfd-fdlNb45GFWro0aIypFmk\/pr:80\/aHR0cDovL21lZGlhMi5kZXNpZ25wYXJ0bmVyLmZyL2MvcC8xODQxNi8xODQxNi0xNzgxNy0xLmpwZw?v=1719835624","https:\/\/media.th4.com\/_2xsIF3kIYmUBV_ItlUOiH0YutpOaGIpYD1cxBvmei4\/pr:80\/aHR0cDovL21lZGlhMi5kZXNpZ25wYXJ0bmVyLmZyL2MvcC8xODQxNi8xODQxNi0xNzgxNy0yLmpwZw?v=1719835626"],"medium":["https:\/\/media.th4.com\/n2sfHTM9oAZSLEuZFYUBXwDX9V1hu0lUf9iI0wg9Ycc\/pr:550x550\/aHR0cDovL21lZGlhMi5kZXNpZ25wYXJ0bmVyLmZyL2MvcC8xODQxNi8xODQxNi0xNzgxNy0xLmpwZw?v=1719835624","https:\/\/media.th4.com\/SwJ5N0jPbNR2F-rJQe-wqnT3U3ngBf5QvDCI2DGWO3w\/pr:550x550\/aHR0cDovL21lZGlhMi5kZXNpZ25wYXJ0bmVyLmZyL2MvcC8xODQxNi8xODQxNi0xNzgxNy0yLmpwZw?v=1719835626"],"medium_large":["https:\/\/media.th4.com\/kVSetW86ZnL1fB_Llc3LQpA27PnIQ_LeKwQl_P4qRUo\/pr:1000x1000\/aHR0cDovL21lZGlhMi5kZXNpZ25wYXJ0bmVyLmZyL2MvcC8xODQxNi8xODQxNi0xNzgxNy0xLmpwZw?v=1719835624","https:\/\/media.th4.com\/QE4MJiUA-ZP_-ns2Bqb7LhGOv5SRk8WN72FlD8Grqno\/pr:1000x1000\/aHR0cDovL21lZGlhMi5kZXNpZ25wYXJ0bmVyLmZyL2MvcC8xODQxNi8xODQxNi0xNzgxNy0yLmpwZw?v=1719835626"],"large":["https:\/\/media.th4.com\/ViuRLSwkK9wzX4JKtT882-Le7G8gMM7A_cpbE7n6j1A\/pr:1920\/aHR0cDovL21lZGlhMi5kZXNpZ25wYXJ0bmVyLmZyL2MvcC8xODQxNi8xODQxNi0xNzgxNy0xLmpwZw?v=1719835624","https:\/\/media.th4.com\/gWBC6AjyuLze4QT970Pzz5hdu7qkt7DR2AGOhYNXgIM\/pr:1920\/aHR0cDovL21lZGlhMi5kZXNpZ25wYXJ0bmVyLmZyL2MvcC8xODQxNi8xODQxNi0xNzgxNy0yLmpwZw?v=1719835626"],"opengraph":["https:\/\/media.th4.com\/9o7HzGob6jE43sGkbRKN5gm2u9sZDwkojei9uQUFkTk\/pr:1200x630\/aHR0cDovL21lZGlhMi5kZXNpZ25wYXJ0bmVyLmZyL2MvcC8xODQxNi8xODQxNi0xNzgxNy0xLmpwZw?v=1719835624","https:\/\/media.th4.com\/Emo2JujItitDbhPSse6GlX6lHLbJdXwjHcyxu3mK5CM\/pr:1200x630\/aHR0cDovL21lZGlhMi5kZXNpZ25wYXJ0bmVyLmZyL2MvcC8xODQxNi8xODQxNi0xNzgxNy0yLmpwZw?v=1719835626"]},"country_origin":"PK","traceability":{"manufacturing_country_id":null,"weaving_country_id":null,"dyeing_country_id":null},"sizes":[{"id":42,"article_id":468381,"class_id":19,"name":"taille_unique","on_standby":false,"stock_local":0,"stock_global":1441,"multiple":1,"estimated_date_reassort":null,"is_destocking":false}],"page_links":{"fr":"\/fr\/p-wk-wki0306-poches-a-outils-cordura-wki0306-18416\/black-17817\/","en":"\/en\/p-wk-wki0306-cordura-tool-pouches-wki0306-18416\/black-17817\/","de":"\/de\/p-wk-wki0306-cordura-werkzeugtaschen-wki0306-18416\/black-17817\/","nl":"\/nl\/p-wk-wki0306-cordura-werktuigentas-wki0306-18416\/black-17817\/","es":"\/es\/p-wk-wki0306-fundas-para-herramientas-cordura-wki0306-18416\/black-17817\/","it":"\/it\/p-wk-wki0306-poche-per-attrezzi-cordura-wki0306-18416\/black-17817\/","sv":"\/sv\/p-wk-wki0306-verktysfickor-cordura-wki0306-18416\/black-17817\/","pt":"\/pt\/p-wk-wki0306-bolsas-de-ferramentas-cordura-wki0306-18416\/black-17817\/","da":"\/da\/p-wk-wki0306-vaerktojssaekker-cordura-wki0306-18416\/black-17817\/","pl":"\/pl\/p-wk-wki0306-pochy-na-narzedzia-cordura-wki0306-18416\/black-17817\/"},"page_links_customization":{"fr":"\/fr\/p-wk-wki0306-poches-a-outils-cordura-wki0306-personnalisable-18416\/black-17817\/custom\/","en":"\/en\/p-wk-wki0306-tool-pockets-cordura-wki0306-customizable-18416\/black-17817\/custom\/","de":"\/de\/p-wk-wki0306-cordura-werkzeugtaschen-wki0306-personalisierbar-18416\/black-17817\/custom\/","nl":"\/nl\/p-wk-wki0306-gereedschapstassen-cordura-wki0306-op-maat-18416\/black-17817\/custom\/","es":"\/es\/p-wk-wki0306-bolsas-de-herramientas-cordura-wki0306-personalizables-18416\/black-17817\/custom\/","it":"\/it\/p-wk-wki0306-tasche-per-utensili-cordura-wki0306-personalizzabile-18416\/black-17817\/custom\/","sv":"\/sv\/p-wk-wki0306-cordura-verktygsfack-wki0306-personliggjort-18416\/black-17817\/custom\/","pt":"\/pt\/p-wk-wki0306-alcas-de-ferramentas-cordura-wki0306-personalizavel-18416\/black-17817\/custom\/","da":"\/da\/p-wk-wki0306-tilpasselige-vaerktojsposer-i-cordura-wki0306-18416\/black-17817\/custom\/","pl":"\/pl\/p-wk-wki0306-oslony-narzedziowe-cordura-wki0306-spersonalizowane-18416\/black-17817\/custom\/"}}],"documentation_link":"\/pdf\/18416.pdf","countries_availables":["AD","AE","AL","AT","BA","BD","BE","BG","BL","CA","CH","CN","CO","CY","CZ","DE","DK","DO","EE","EG","ES","ET","FI","FR","GB","GE","GF","GP","GR","GT","HK","HN","HR","HT","HU","ID","IE","IN","IS","IT","JO","JP","KE","KH","KP","KR","LA","LK","LS","LT","LU","LV","MA","MF","MG","MK","MM","MN","MQ","MT","MX","MY","NC","NI","NL","PF","PH","PK","PL","PM","PT","RE","RO","SE","SG","SI","SK","SV","SY","TH","TN","TR","TW","TZ","US","VN","WF","YT"]},"infos_customization":[],"features":{"authorize_multi_surfaces":true,"display_order_delay_type":true,"promote_surface_display":true,"tarification_franco_offert":true,"enabled_3d_editor":false},"markings":[{"id":0,"nom":"vierge","finition":null,"libelle":null,"code":null,"dpi":null,"finesse_forme_isolee":null,"finesse_forme_non_isolee":null,"hauteur_minimale_texte":null,"inactif":0,"marquage_interne":1,"quantite_min":null,"parent_id":null,"print_on_support":0,"content":"vierge","description":null},{"id":2,"nom":"fonce","finition":"optimale","libelle":"TopQuadri","code":null,"dpi":400,"finesse_forme_isolee":"0.040","finesse_forme_non_isolee":"0.700","hauteur_minimale_texte":2,"inactif":0,"marquage_interne":1,"quantite_min":null,"parent_id":18,"print_on_support":0,"content":"TopQuadri","description":"pour petites et moyennes s\u00e9ries"},{"id":3,"nom":"serigraphie","finition":"serigraphie","libelle":"SeriCoat","code":null,"dpi":400,"finesse_forme_isolee":"0.040","finesse_forme_non_isolee":"0.700","hauteur_minimale_texte":2,"inactif":0,"marquage_interne":1,"quantite_min":15,"parent_id":18,"print_on_support":0,"content":"SeriCoat","description":"pour moyennes et grandes s\u00e9ries"},{"id":4,"nom":"broderie","finition":"broderie","libelle":"Broderie","code":null,"dpi":400,"finesse_forme_isolee":"0.040","finesse_forme_non_isolee":"0.700","hauteur_minimale_texte":3,"inactif":0,"marquage_interne":1,"quantite_min":null,"parent_id":null,"print_on_support":0,"content":"Broderie","description":null},{"id":8,"nom":"theme","finition":null,"libelle":"Th\u00e8me","code":null,"dpi":null,"finesse_forme_isolee":null,"finesse_forme_non_isolee":null,"hauteur_minimale_texte":null,"inactif":0,"marquage_interne":1,"quantite_min":null,"parent_id":null,"print_on_support":0,"content":"Th\u00e8me","description":null},{"id":9,"nom":"sans","finition":null,"libelle":null,"code":null,"dpi":null,"finesse_forme_isolee":null,"finesse_forme_non_isolee":null,"hauteur_minimale_texte":null,"inactif":0,"marquage_interne":1,"quantite_min":null,"parent_id":null,"print_on_support":0,"content":"sans","description":null},{"id":10,"nom":"photo","finition":null,"libelle":"Photo","code":null,"dpi":null,"finesse_forme_isolee":null,"finesse_forme_non_isolee":null,"hauteur_minimale_texte":null,"inactif":0,"marquage_interne":1,"quantite_min":null,"parent_id":null,"print_on_support":0,"content":"Photo","description":null},{"id":14,"nom":"couleur","finition":null,"libelle":"Couleur","code":null,"dpi":null,"finesse_forme_isolee":null,"finesse_forme_non_isolee":null,"hauteur_minimale_texte":null,"inactif":0,"marquage_interne":1,"quantite_min":null,"parent_id":null,"print_on_support":0,"content":"Couleur","description":null},{"id":15,"nom":"sublimation","finition":"sublimation","libelle":"Sublimation","code":null,"dpi":null,"finesse_forme_isolee":"0.000","finesse_forme_non_isolee":"0.000","hauteur_minimale_texte":2,"inactif":0,"marquage_interne":1,"quantite_min":null,"parent_id":null,"print_on_support":0,"content":"Sublimation","description":null},{"id":16,"nom":"topquadri_uv","finition":null,"libelle":"TopQuadri UV","code":null,"dpi":null,"finesse_forme_isolee":"0.020","finesse_forme_non_isolee":"0.700","hauteur_minimale_texte":2,"inactif":0,"marquage_interne":1,"quantite_min":null,"parent_id":null,"print_on_support":1,"content":null,"description":null},{"id":17,"nom":"topquadri_uvp","finition":null,"libelle":"TopQuadri UVP","code":null,"dpi":null,"finesse_forme_isolee":"0.020","finesse_forme_non_isolee":"0.700","hauteur_minimale_texte":2,"inactif":0,"marquage_interne":1,"quantite_min":null,"parent_id":null,"print_on_support":1,"content":null,"description":null},{"id":18,"nom":"quadri","finition":null,"libelle":"Impression","code":null,"dpi":null,"finesse_forme_isolee":null,"finesse_forme_non_isolee":null,"hauteur_minimale_texte":null,"inactif":0,"marquage_interne":1,"quantite_min":null,"parent_id":null,"print_on_support":0,"content":null,"description":null}]}}