{"data":{"product":{"id":18228,"titre":"Pochette \u00e0 accessoires bio ray\u00e9e","description":"Pour conserver pr\u00e9cieusement vos petits objets \u00e0 la maison ou lors de vos d\u00e9placements, c'est le W253 qu'il vous faut. Sp\u00e9cialement pens\u00e9 pour vos accessoires et produits de toilette au format voyage, il est \u00e9galement ultra-fin pour un rangement en toute simplicit\u00e9. Des rayures subtilement imprim\u00e9es ajoutent une d\u00e9licate touche de couleur et un bonne dose de charme. Mod\u00e8le compos\u00e9 de coton biologique \u00e0 100 %, il vous permet de faire un pas de plus vers un futur plus durable et des choix plus responsables. Dimensions en cm : S - 11.5 x 20, M - 16 x 22.5, L - 20 x 28. Capacit\u00e9s en litres : S - 0.5, M - 1, L - 2. \u00c9tiquette d\u00e9tachable. Composition : 100% coton biologique.","genre":"","grammage":200,"conditionnement":200,"composition":"coton,coton_uniquement","reference":"we-w253","reference_visible":"we-w253","reference_fabricant":"W253","ref_xor":"725361","in_catalog":true,"is_transfer":false,"is_service":false,"on_standby":false,"has_3d":false,"has_size_guide":false,"has_marking":true,"has_vierge":true,"is_cross_sellable":false,"id_picto":82,"filename_3d":null,"brand":{"id":33,"name":"Westford Mill","logo":"logo-westfordmill.png","image":"https:\/\/media.th4.com\/SuMRAiY2xfP5L6HiG3KA4NjiT7CsXUCFBfbPLN5ADj8\/pr:brand70x70\/aHR0cDovL21lZGlhMi5kZXNpZ25wYXJ0bmVyLmZyL2MvbS9sb2dvLXdlc3Rmb3JkbWlsbC5wbmc?v=1736935051"},"price_infos":{"price_from":1.52,"quantity":80,"color":{"id":20976,"name":"grey_stripe"},"size":{"id":3,"name":"S"}},"price_infos_marking":{"price_from":6,"quantity":75,"color":{"id":20976,"name":"grey_stripe"},"size":{"id":3,"name":"S"},"marking":{"id":2,"name":""},"emplacement":"avant","surface_emplacement_id":6596,"surface":"Position centrale"},"i18n":{"blank":{"title":{"fr":"Pochette \u00e0 accessoires bio ray\u00e9e WESTFORD MILL w253","en":"Biodegradable striped accessories pouch WESTFORD MILL w253","de":"Bio-Gestreiftes Accessoire-T\u00e4schchen WESTFORD MILL w253","nl":"Bio gestreepte accessoire tas WESTFORD MILL w253","es":"Funda de accesorios rayada WESTFORD MILL w253","it":"Portachiavi a righe bio WESTFORD MILL w253","sv":"Biologisk r\u00e4nderad v\u00e4ska f\u00f6r tillbeh\u00f6r Westford Mill w253","pt":"Bolsa de acess\u00f3rios org\u00e2nica listrada WESTFORD MILL w253","da":"Biologisk stribet tilbeh\u00f8rsfodring WESTFORD MILL w253","pl":"Plecak na akcesoria bio pr\u0105\u017ckowany WESTFORD MILL w253"},"description":{"fr":"Con\u00e7ue pour le rangement de petits objets, cette pochette est adapt\u00e9e \u00e0 une utilisation domestique ou en d\u00e9placement. Sa conception fine facilite son rangement. Le motif ray\u00e9 apporte une touche visuelle discr\u00e8te. Fabriqu\u00e9e \u00e0 partir de coton biologique, elle s'inscrit dans une d\u00e9marche responsable.\n\n- Composition : 100% coton biologique\n- Dimensions S : 11.5 x 20 cm\n- Dimensions M : 16 x 22.5 cm\n- Dimensions L : 20 x 28 cm\n- Capacit\u00e9 S : 0.5 litre\n- Capacit\u00e9 M : 1 litre\n- Capacit\u00e9 L : 2 litres\n- \u00c9tiquette d\u00e9tachable","en":"Designed for storing small items, this pouch is suitable for both home use and travel. Its slim design makes it easy to store. The striped pattern adds a subtle visual touch. Made from organic cotton, it fits into a responsible approach.\n\n- Composition: 100% organic cotton\n- Dimensions S: 11.5 x 20 cm\n- Dimensions M: 16 x 22.5 cm\n- Dimensions L: 20 x 28 cm\n- Capacity S: 0.5 litre\n- Capacity M: 1 litre\n- Capacity L: 2 litres\n- Detachable label","de":"Diese Tasche ist f\u00fcr die Aufbewahrung kleiner Gegenst\u00e4nde konzipiert und eignet sich f\u00fcr den Hausgebrauch oder unterwegs. Ihre schlanke Konstruktion erleichtert die Aufbewahrung. Das gestreifte Muster verleiht einen dezenten visuellen Akzent. Sie ist aus biologischem Baumwolle gefertigt und tr\u00e4gt zu einem verantwortungsvollen Ansatz bei.\n\n- Zusammensetzung: 100% Bio-Baumwolle\n- Ma\u00dfe S: 11.5 x 20 cm\n- Ma\u00dfe M: 16 x 22.5 cm\n- Ma\u00dfe L: 20 x 28 cm\n- Kapazit\u00e4t S: 0.5 Liter\n- Kapazit\u00e4t M: 1 Liter\n- Kapazit\u00e4t L: 2 Liter\n- Abnehmbares Etikett","nl":"Ontworpen voor het opslaan van kleine voorwerpen, deze tas is geschikt voor thuisgebruik of op reis. Het dunne ontwerp vergemakkelijkt het opslaan. Het gestreepte motief voegt een subtiele visuele aanraking toe. Gemaakt van biologisch katoen, past het in een verantwoordelijk beleid.\n\n- Samenstelling : 100% biologisch katoen\n- Afmetingen S : 11.5 x 20 cm\n- Afmetingen M : 16 x 22.5 cm\n- Afmetingen L : 20 x 28 cm\n- Capaciteit S : 0.5 liter\n- Capaciteit M : 1 liter\n- Capaciteit L : 2 liters\n- Afneembare label","es":"Dise\u00f1ada para el almacenamiento de peque\u00f1os objetos, esta funda es adecuada para un uso dom\u00e9stico o en desplazamiento. Su dise\u00f1o fino facilita su almacenamiento. El patr\u00f3n rayado aporta un toque visual discreto. Fabricada a partir de algod\u00f3n biol\u00f3gico, se integra en un enfoque responsable.\n\n- Composici\u00f3n: 100% algod\u00f3n biol\u00f3gico\n- Dimensiones S: 11.5 x 20 cm\n- Dimensiones M: 16 x 22.5 cm\n- Dimensiones L: 20 x 28 cm\n- Capacidad S: 0.5 litros\n- Capacidad M: 1 litro\n- Capacidad L: 2 litros\n- Etiqueta desmontable","it":"Realizzata per il ripostiglio di piccoli oggetti, questa borsa \u00e8 adatta all'uso domestico o in viaggio. La sua concezione sottile facilita il ripostiglio. Il motivo a righe apporta un tocco visivo discreto. Realizzato in cotone biologico, si inserisce in un approccio responsabile.\n\n- Composizione : 100% cotone biologico\n- Dimensioni S : 11.5 x 20 cm\n- Dimensioni M : 16 x 22.5 cm\n- Dimensioni L : 20 x 28 cm\n- Capacit\u00e0 S : 0.5 litri\n- Capacit\u00e0 M : 1 litri\n- Capacit\u00e0 L : 2 litri\n- Etichetta staccabile","sv":"Utformad f\u00f6r f\u00f6rvaring av sm\u00e5 f\u00f6rem\u00e5l \u00e4r denna v\u00e4ska l\u00e4mplig f\u00f6r b\u00e5de hemmet och resor. Dess smala konstruktion underl\u00e4ttar f\u00f6rvaring. R\u00e4nderad m\u00f6nster tillf\u00f6r en diskret visuell touch. Tillverkad av biologiskt bomull, den \u00e4r en del av ett ansvarsfullt tillv\u00e4gag\u00e5ngss\u00e4tt.\n\n- Sammans\u00e4ttning: 100% biologiskt bomull\n- Dimensioner S: 11.5 x 20 cm\n- Dimensioner M: 16 x 22.5 cm\n- Dimensioner L: 20 x 28 cm\n- Kapacitet S: 0.5 liter\n- Kapacitet M: 1 liter\n- Kapacitet L: 2 liter\n- Avtagbart m\u00e4rke","pt":"Concebida para o armazenamento de pequenos objetos, esta bolsa \u00e9 adequada para uso dom\u00e9stico ou em desloca\u00e7\u00e3o. O seu design fino facilita o seu armazenamento. O padr\u00e3o listrado adiciona um toque visual discreto. Fabricada a partir de algod\u00e3o org\u00e2nico, inscreve-se numa abordagem respons\u00e1vel.\n\n- Composi\u00e7\u00e3o: 100% algod\u00e3o org\u00e2nico\n- Dimens\u00f5es S: 11.5 x 20 cm\n- Dimens\u00f5es M: 16 x 22.5 cm\n- Dimens\u00f5es L: 20 x 28 cm\n- Capacidade S: 0.5 litro\n- Capacidade M: 1 litro\n- Capacidade L: 2 litros\n- Etiqueta remov\u00edvel","da":"Designet til opbevaring af sm\u00e5 genstande, er denne fodring velegnet til hjemmebrug eller p\u00e5 farten. Den tynde konstruktion g\u00f8r det nemt at opbevare. Det stribede m\u00f8nster tilf\u00f8jer en diskret visuel note. Fremstillet af biologisk bomuld, passer den ind i en b\u00e6redygtig tilgang.\n\n- Sammens\u00e6tning : 100% biologisk bomuld\n- St\u00f8rrelser S : 11.5 x 20 cm\n- St\u00f8rrelser M : 16 x 22.5 cm\n- St\u00f8rrelser L : 20 x 28 cm\n- Kapacitet S : 0.5 liter\n- Kapacitet M : 1 liter\n- Kapacitet L : 2 liter\n- Afmonterbar etiket","pl":"Przeznaczony do przechowywania ma\u0142ych przedmiot\u00f3w, ten plecak nadaje si\u0119 do u\u017cytku domowego lub w podr\u00f3\u017cy. Jego cienka konstrukcja u\u0142atwia przechowywanie. Wzorzec w pr\u0105\u017cki dodaje subtelny element wizualny. Wykonany z ekologicznej bawe\u0142ny, pasuje do odpowiedzialnego podej\u015bcia.\n\n- Sk\u0142ad : 100% ekologicznej bawe\u0142ny\n- Wymiary S : 11.5 x 20 cm\n- Wymiary M : 16 x 22.5 cm\n- Wymiary L : 20 x 28 cm\n- Pojemno\u015b\u0107 S : 0.5 litra\n- Pojemno\u015b\u0107 M : 1 litra\n- Pojemno\u015b\u0107 L : 2 litry\n- Od\u0142\u0105czalna etykieta"},"h1":{"fr":"Pochette \u00e0 accessoires bio ray\u00e9e w253","en":"Biodegradable striped accessories pouch w253","de":"Bio-Gestreiftes Accessoire-T\u00e4schchen w253","nl":"Bio gestreepte accessoire tas w253","es":"Funda de accesorios rayada w253","it":"Portachiavi a righe bio w253","sv":"Biologisk r\u00e4nderad v\u00e4ska f\u00f6r tillbeh\u00f6r w253","pt":"Bolsa de acess\u00f3rios org\u00e2nica listrada w253","da":"Biologisk stribet tilbeh\u00f8rsfodring w253","pl":"Plecak na akcesoria bio pr\u0105\u017ckowany w253"},"meta_description":{"fr":"Pochette \u00e0 accessoires en coton biologique ray\u00e9e, id\u00e9ale pour ranger vos effets personnels en voyage ou \u00e0 la maison. Plusieurs tailles disponibles.","en":"Striped biodegradable accessories pouch, ideal for storing personal items while traveling or at home. Several sizes available.","de":"Gestreiftes Accessoire-T\u00e4schchen aus biologischem Baumwolle, ideal zum Aufbewahren Ihrer pers\u00f6nlichen Gegenst\u00e4nde auf Reisen oder zu Hause. Mehrere Gr\u00f6\u00dfen verf\u00fcgbar.","nl":"Gestreepte accessoire tas van biologisch katoen, ideaal voor het opslaan van uw persoonlijke spullen tijdens reizen of thuis. Verschillende maten beschikbaar.","es":"Funda de accesorios de algod\u00f3n biol\u00f3gico rayada, ideal para guardar tus efectos personales durante el viaje o en casa. Varias tallas disponibles.","it":"Portachiavi in cotone biologico a righe, ideale per riporre i tuoi effetti personali in viaggio o a casa. Diverse taglie disponibili.","sv":"Biologisk r\u00e4nderad v\u00e4ska f\u00f6r tillbeh\u00f6r av biologiskt bomull, idealisk f\u00f6r att f\u00f6rvara dina personliga \u00e4godelar p\u00e5 resor eller hemma. Flera storlekar tillg\u00e4ngliga.","pt":"Bolsa de acess\u00f3rios de algod\u00e3o org\u00e2nico listrado, ideal para guardar seus pertences pessoais em viagens ou em casa. V\u00e1rias tamanhos dispon\u00edveis.","da":"Stribet tilbeh\u00f8rsfodring af biologisk bomuld, ideel til at opbevare dine personlige ejendele p\u00e5 rejse eller hjemme. Flere st\u00f8rrelser tilg\u00e6ngelige.","pl":"Plecak na akcesoria w pr\u0105\u017cki z bawe\u0142ny ekologicznej, idealny do przechowywania swoich rzeczy osobistych w podr\u00f3\u017cy lub w domu. Dost\u0119pne w kilku rozmiarach."}},"custom":{"title":{"fr":"Pochette \u00e0 accessoires bio ray\u00e9e WESTFORD MILL personnalisation w253","en":"Striped bio accessories pouch WESTFORD MILL customization w253","de":"Zubeh\u00f6rtasche bio gestreift WESTFORD MILL Personalisierung w253","nl":"Gestreepte bio-accessoiretas WESTFORD MILL personalisatie w253","es":"Cartera de accesorios bio rayada WESTFORD MILL personalizaci\u00f3n w253","it":"Pochetta per accessori bio a righe WESTFORD MILL personalizzazione w253","sv":"Pocket f\u00f6r tillbeh\u00f6r i bio-rakig WESTFORD MILL-personalisering w253","pt":"Bolso para acess\u00f3rios org\u00e2nico listrado WESTFORD MILL personaliza\u00e7\u00e3o w253","da":"Pocke med tilbeh\u00f8r \u00f8kologisk striber WESTFORD MILL tilpasning w253","pl":"Plecak na akcesoria bio pr\u0105\u017ckowany WESTFORD MILL personalizacja w253"},"description":{"fr":"Cette pochette \u00e0 accessoires en coton biologique ray\u00e9e est con\u00e7ue pour conserver vos petits objets de mani\u00e8re pratique, que ce soit \u00e0 la maison ou en d\u00e9placement. Son format fin facilite le rangement. Les rayures imprim\u00e9es ajoutent une touche de couleur discr\u00e8te. Fabriqu\u00e9e \u00e0 partir de coton biologique \u00e0 100 %, cette pochette s'inscrit dans une d\u00e9marche durable et responsable. Elle est disponible en trois tailles : S (11.5 x 20 cm, 0.5 litre), M (16 x 22.5 cm, 1 litre) et L (20 x 28 cm, 2 litres). L'\u00e9tiquette d\u00e9tachable permet une personnalisation facile. Il est possible de personnaliser cet article avec votre logo ou votre visuel pour une communication personnalis\u00e9e et efficace.\n\n- Composition : 100% coton biologique.","en":"This striped organic cotton accessories pouch is designed to keep your small items practical, whether at home or on the go. Its slim size makes storage easy. The printed stripes add a subtle touch of color. Made from 100% organic cotton, this pouch fits into a sustainable and responsible approach. It is available in three sizes: S (11.5 x 20 cm, 0.5 liter), M (16 x 22.5 cm, 1 liter) and L (20 x 28 cm, 2 liters). The detachable label allows for easy customization. It is possible to customize this item with your logo or your visual for personalized and effective communication.\n\n- Composition: 100% organic cotton.","de":"Diese gestreifte Zubeh\u00f6rtasche aus biologischem Baumwolle ist so konzipiert, dass sie Ihre kleinen Gegenst\u00e4nde sowohl zu Hause als auch unterwegs praktisch aufbewahrt. Ihr schlankes Format erleichtert die Aufbewahrung. Die gedruckten Streifen verleihen ihr einen dezenten Farbtupfer. Aus 100 % biologischem Baumwolle hergestellt, passt diese Tasche in einen nachhaltigen und verantwortungsvollen Ansatz. Sie ist in drei Gr\u00f6\u00dfen erh\u00e4ltlich: S (11.5 x 20 cm, 0.5 Liter), M (16 x 22.5 cm, 1 Liter) und L (20 x 28 cm, 2 Liter). Das abnehmbare Etikett erm\u00f6glicht eine einfache Personalisierung. Diese Tasche kann mit Ihrem Logo oder Ihrem Design f\u00fcr eine personalisierte und effektive Kommunikation personalisiert werden.\n\n- Zusammensetzung: 100% Bio-Baumwolle.","nl":"Deze gestreepte accessoiretas in biologische katoen is ontworpen om uw kleine voorwerpen op een praktische manier op te bergen, zowel thuis als onderweg. Het dunne formaat maakt het opbergen eenvoudig. De afgedrukte strepen voegen een discrete kleurnuance toe. Gemaakt van 100% biologische katoen, past deze tas in een duurzaam en verantwoordelijk beleid. Het is verkrijgbaar in drie maten: S (11.5 x 20 cm, 0.5 liter), M (16 x 22.5 cm, 1 liter) en L (20 x 28 cm, 2 liter). Het losneembare etiket maakt gemakkelijke personalisatie mogelijk. Het is mogelijk om dit artikel aan te passen met uw logo of visueel voor een persoonlijke en effectieve communicatie.\n\n- Samenstelling: 100% biologische katoen.","es":"Esta cartera de accesorios en algod\u00f3n biol\u00f3gico rayada est\u00e1 dise\u00f1ada para mantener sus peque\u00f1os objetos de manera pr\u00e1ctica, ya sea en casa o en desplazamiento. Su formato fino facilita el almacenamiento. Las rayas impresas a\u00f1aden un toque de color discreto. Fabricada a partir de algod\u00f3n biol\u00f3gico al 100 %, esta cartera se inscribe en un enfoque sostenible y responsable. Est\u00e1 disponible en tres tama\u00f1os: S (11.5 x 20 cm), M (16 x 22.5 cm) y L (20 x 28 cm). La etiqueta desmontable permite una personalizaci\u00f3n f\u00e1cil. Es posible personalizar este art\u00edculo con su logo o su visual para una comunicaci\u00f3n personalizada y efectiva.","it":"Questa pochetta per accessori in cotone biologico a righe \u00e8 progettata per conservare i tuoi piccoli oggetti in modo pratico, sia a casa che in viaggio. Il suo formato sottile facilita il ripiego. Le righe stampate aggiungono un tocco di colore discreto. Realizzata in cotone biologico al 100 %, questa pochetta si inserisce in un approccio sostenibile e responsabile. \u00c8 disponibile in tre taglie: S (11.5 x 20 cm, 0.5 litro), M (16 x 22.5 cm, 1 litro) e L (20 x 28 cm, 2 litri). L'etichetta staccabile permette una personalizzazione facile. \u00c8 possibile personalizzare questo articolo con il proprio logo o il proprio visivo per una comunicazione personalizzata ed efficace.\n\n- Composizione: 100% cotone biologico.","sv":"Denna pocket f\u00f6r tillbeh\u00f6r i bio-rakig bomull \u00e4r konstruerad f\u00f6r att h\u00e5lla dina sm\u00e5 saker p\u00e5 ett praktiskt s\u00e4tt, antingen hemma eller p\u00e5 resande fot. Dess tunna format underl\u00e4ttar f\u00f6rvaring. De tryckta randiga linjerna l\u00e4gger till en diskret f\u00e4rgtouch. Tillverkad av 100 % biologisk bomull passar den in i en h\u00e5llbar och ansvarsfull process. Den \u00e4r tillg\u00e4nglig i tre storlekar: S (11.5 x 20 cm, 0.5 liter), M (16 x 22.5 cm, 1 liter) och L (20 x 28 cm, 2 liter). Det avtagbara etiketten g\u00f6r det enkelt att anpassa. Det \u00e4r m\u00f6jligt att anpassa denna artikel med ditt logo eller din visuell f\u00f6r en personlig och effektiv kommunikation.","pt":"Este bolso para acess\u00f3rios em algod\u00e3o org\u00e2nico listrado \u00e9 projetado para guardar seus pequenos objetos de maneira pr\u00e1tica, seja em casa ou em movimento. Seu formato fino facilita o armazenamento. As listras impressas adicionam um toque de cor discreta. Fabricado a partir de algod\u00e3o org\u00e2nico a 100%, este bolso est\u00e1 alinhado com uma abordagem sustent\u00e1vel e respons\u00e1vel. Ele est\u00e1 dispon\u00edvel em tr\u00eas tamanhos: S (11.5 x 20 cm, 0.5 litro), M (16 x 22.5 cm, 1 litro) e L (20 x 28 cm, 2 litros). A etiqueta destac\u00e1vel permite uma personaliza\u00e7\u00e3o f\u00e1cil. \u00c9 poss\u00edvel personalizar este artigo com seu logotipo ou visual para uma comunica\u00e7\u00e3o personalizada e eficaz.\n\n- Composi\u00e7\u00e3o: 100% algod\u00e3o org\u00e2nico.","da":"Denne pocke med tilbeh\u00f8r af \u00f8kologisk bomuld striberet er designet til at holde dine sm\u00e5 genstande p\u00e5 en praktisk m\u00e5de, enten hjemme eller undervejs. Den tynde st\u00f8rrelse g\u00f8r opbevaring nem. De striberede m\u00f8nstre tilf\u00f8jer en diskret farvetone. Fremstillet af 100 % \u00f8kologisk bomuld, passer denne pocke ind i en b\u00e6redygtig og ansvarsfuld tilgang. Den er tilg\u00e6ngelig i tre st\u00f8rrelser: S (11.5 x 20 cm, 0.5 liter), M (16 x 22.5 cm, 1 liter) og L (20 x 28 cm, 2 liter). Den fjerntagelige etiket g\u00f8r det nemt at tilpasse. Det er muligt at tilpasse denne artikel med dit logo eller dit billede for en personlig og effektiv kommunikation.\n\n- Sammens\u00e6tning: 100 % \u00f8kologisk bomuld.","pl":"Ten plecak na akcesoria z organicznej bawe\u0142ny pr\u0105\u017ckowanej zosta\u0142 zaprojektowany w celu praktycznego przechowywania ma\u0142ych przedmiot\u00f3w, zar\u00f3wno w domu, jak i w podr\u00f3\u017cy. Jego cienki format u\u0142atwia przechowywanie. Pr\u0105\u017cki dodaj\u0105 subtelny akcent koloru. Wykonany z 100% organicznej bawe\u0142ny, ten plecak jest zgodny z podej\u015bciem zr\u00f3wnowa\u017conym i odpowiedzialnym. Dost\u0119pny w trzech rozmiarach: S (11,5 x 20 cm, 0,5 litra), M (16 x 22,5 cm, 1 litr) i L (20 x 28 cm, 2 litry). Od\u0142\u0105czalna etykieta pozwala na \u0142atw\u0105 personalizacj\u0119. Mo\u017cliwa jest personalizacja tego artyku\u0142u za pomoc\u0105 swojego loga lub wizualizacji dla personalizowanej i skutecznej komunikacji."},"h1":{"fr":"Pochette coton toilette bio ray\u00e9e personnalisation w253","en":"Striped bio cotton toiletry pouch customization w253","de":"Coton bio gestreift Zubeh\u00f6rtasche Personalisierung w253","nl":"Gestreepte bio-cotton toilettas personalisatie w253","es":"Cartera de algod\u00f3n bio rayada personalizaci\u00f3n w253","it":"Pochetta per toilette in cotone bio a righe personalizzazione w253","sv":"Pocket f\u00f6r bio-rakig toalettcoton -personalisering w253","pt":"Bolso de algod\u00e3o org\u00e2nico listrado personaliza\u00e7\u00e3o w253","da":"Pocke med \u00f8kologisk striber tilpasning w253","pl":"Plecak na akcesoria z bawe\u0142ny organicznej pr\u0105\u017ckowany personalizacja w253"},"meta_description":{"fr":"Pochette \u00e0 accessoires en coton biologique ray\u00e9e, id\u00e9ale pour le rangement de vos effets personnels en voyage ou \u00e0 la maison. Personnalisable pour une communication efficace.","en":"Striped organic cotton accessories pouch, ideal for storing your personal items when traveling or at home. Customizable for effective communication.","de":"Gestreifte Zubeh\u00f6rtasche aus biologischem Baumwolle, ideal zur Aufbewahrung Ihrer pers\u00f6nlichen Gegenst\u00e4nde w\u00e4hrend der Reise oder zu Hause. Pers\u00f6nlich gestaltbar f\u00fcr eine effektive Kommunikation.","nl":"Gestreepte accessoiretas in biologische katoen, ideaal voor het opbergen van uw persoonlijke spullen tijdens reizen of thuis. Aanpasbaar voor effectieve communicatie.","es":"Cartera de accesorios en algod\u00f3n biol\u00f3gico rayada, ideal para el almacenamiento de sus efectos personales de viaje o en casa. Personalizable para una comunicaci\u00f3n efectiva.","it":"Pochetta per accessori in cotone biologico a righe, ideale per organizzare i tuoi effetti personali in viaggio o a casa. Personalizzabile per una comunicazione efficace.","sv":"Pocket f\u00f6r tillbeh\u00f6r i bio-rakig bomull, idealisk f\u00f6r f\u00f6rvaring av dina personliga tillh\u00f6righeter under resor eller hemma. Anpassningsbar f\u00f6r effektiv kommunikation.","pt":"Bolso para acess\u00f3rios em algod\u00e3o org\u00e2nico listrado, ideal para organizar seus pertences em viagens ou em casa. Personaliz\u00e1vel para uma comunica\u00e7\u00e3o eficaz.","da":"Pocke med tilbeh\u00f8r af \u00f8kologisk bomuld striberet, ideel til opbevaring af dine personlige effekter under rejse eller hjemme. Tilpasningsbar til effektiv kommunikation.","pl":"Plecak na akcesoria z organicznej bawe\u0142ny pr\u0105\u017ckowanej, idealny do przechowywania swoich rzeczy osobistych w podr\u00f3\u017cy lub w domu. Mo\u017cliwa personalizacja dla skutecznej komunikacji."}}},"categories":[{"id":330,"name":"Trousses et pochettes","singular":"Trousse et pochette","is_feminin":true},{"id":499,"name":"Bagagerie","singular":"Bagagerie","is_feminin":false}],"certifications":[{"id":6,"label":"G.O.T.S.","logo_link":"\/images\/certifications\/6_GOTS.jpg","is_marking_compatible":false}],"videos":{"fr":[],"en":[],"de":[],"nl":[],"es":[],"it":[],"sv":[],"pt":[],"da":[],"pl":[]},"main_images":{"miniature":"https:\/\/media.th4.com\/0_1r_o0_AWpXFJfIOpLC4WDPTBj8uBrmGHdkO8qZPcI\/pr:80\/aHR0cDovL21lZGlhMi5kZXNpZ25wYXJ0bmVyLmZyL2MvcC1NVC8xODIyOC5qcGc?v=1716275267","medium":"https:\/\/media.th4.com\/W6otNGkXk4eTBWfc83BXb84jQhGYJ4pUOm3h_Paz-5M\/pr:550x550greybg\/aHR0cDovL21lZGlhMi5kZXNpZ25wYXJ0bmVyLmZyL2MvcC1NVC8xODIyOC5qcGc?v=1716275267","medium_large":"https:\/\/media.th4.com\/SB_a0MF1uo_5UPmO_1AOqsLFbCcZ-IhT3rECR-dyI6I\/pr:1000x1000greybg\/aHR0cDovL21lZGlhMi5kZXNpZ25wYXJ0bmVyLmZyL2MvcC1NVC8xODIyOC5qcGc?v=1716275267","large":"https:\/\/media.th4.com\/On-GFSzJOAW4XeNh-k2udn0AgypB6sX6cjQ6blvsoZs\/pr:1920greybg\/aHR0cDovL21lZGlhMi5kZXNpZ25wYXJ0bmVyLmZyL2MvcC1NVC8xODIyOC5qcGc?v=1716275267","opengraph":"https:\/\/media.th4.com\/IgUl6vWK1CqF3mGUSC4a5G0wkzR1Ta8jnTZDktOn3kc\/pr:1200x630greybg\/aHR0cDovL21lZGlhMi5kZXNpZ25wYXJ0bmVyLmZyL2MvcC1NVC8xODIyOC5qcGc?v=1716275267"},"main_images_customization":{"miniature":"https:\/\/media.th4.com\/0_1r_o0_AWpXFJfIOpLC4WDPTBj8uBrmGHdkO8qZPcI\/pr:80\/aHR0cDovL21lZGlhMi5kZXNpZ25wYXJ0bmVyLmZyL2MvcC1NVC8xODIyOC5qcGc?v=1716275267","medium":"https:\/\/media.th4.com\/W6otNGkXk4eTBWfc83BXb84jQhGYJ4pUOm3h_Paz-5M\/pr:550x550greybg\/aHR0cDovL21lZGlhMi5kZXNpZ25wYXJ0bmVyLmZyL2MvcC1NVC8xODIyOC5qcGc?v=1716275267","medium_large":"https:\/\/media.th4.com\/SB_a0MF1uo_5UPmO_1AOqsLFbCcZ-IhT3rECR-dyI6I\/pr:1000x1000greybg\/aHR0cDovL21lZGlhMi5kZXNpZ25wYXJ0bmVyLmZyL2MvcC1NVC8xODIyOC5qcGc?v=1716275267","large":"https:\/\/media.th4.com\/On-GFSzJOAW4XeNh-k2udn0AgypB6sX6cjQ6blvsoZs\/pr:1920greybg\/aHR0cDovL21lZGlhMi5kZXNpZ25wYXJ0bmVyLmZyL2MvcC1NVC8xODIyOC5qcGc?v=1716275267","opengraph":"https:\/\/media.th4.com\/IgUl6vWK1CqF3mGUSC4a5G0wkzR1Ta8jnTZDktOn3kc\/pr:1200x630greybg\/aHR0cDovL21lZGlhMi5kZXNpZ25wYXJ0bmVyLmZyL2MvcC1NVC8xODIyOC5qcGc?v=1716275267"},"page_links":{"fr":"\/fr\/p-we-w253-pochette-a-accessoires-bio-rayee-w253-18228\/","en":"\/en\/p-we-w253-biodegradable-striped-accessories-pouch-w253-18228\/","de":"\/de\/p-we-w253-bio-gestreiftes-accessoire-taschchen-w253-18228\/","nl":"\/nl\/p-we-w253-bio-gestreepte-accessoire-tas-w253-18228\/","es":"\/es\/p-we-w253-funda-de-accesorios-rayada-w253-18228\/","it":"\/it\/p-we-w253-portachiavi-a-righe-bio-w253-18228\/","sv":"\/sv\/p-we-w253-biologisk-randerad-vaska-for-tillbehor-w253-18228\/","pt":"\/pt\/p-we-w253-bolsa-de-acessorios-organica-listrada-w253-18228\/","da":"\/da\/p-we-w253-biologisk-stribet-tilbehorsfodring-w253-18228\/","pl":"\/pl\/p-we-w253-plecak-na-akcesoria-bio-prazkowany-w253-18228\/"},"page_links_customization":{"fr":"\/fr\/p-we-w253-pochette-coton-toilette-bio-rayee-personnalisation-w253-18228\/custom\/","en":"\/en\/p-we-w253-striped-bio-cotton-toiletry-pouch-customization-w253-18228\/custom\/","de":"\/de\/p-we-w253-coton-bio-gestreift-zubehortasche-personalisierung-w253-18228\/custom\/","nl":"\/nl\/p-we-w253-gestreepte-bio-cotton-toilettas-personalisatie-w253-18228\/custom\/","es":"\/es\/p-we-w253-cartera-de-algodon-bio-rayada-personalizacion-w253-18228\/custom\/","it":"\/it\/p-we-w253-pochetta-per-toilette-in-cotone-bio-a-righe-personalizzazione-w253-18228\/custom\/","sv":"\/sv\/p-we-w253-pocket-for-bio-rakig-toalettcoton-personalisering-w253-18228\/custom\/","pt":"\/pt\/p-we-w253-bolso-de-algodao-organico-listrado-personalizacao-w253-18228\/custom\/","da":"\/da\/p-we-w253-pocke-med-okologisk-striber-tilpasning-w253-18228\/custom\/","pl":"\/pl\/p-we-w253-plecak-na-akcesoria-z-bawelny-organicznej-prazkowany-personalizacja-w253-18228\/custom\/"},"equivalent_products":[],"colors":[{"id":20977,"name":"red_stripe","class_ids":[6,1],"codes_hexa":["e0005a","ffffff"],"delai_24":false,"has_3d":false,"seuil_global":0,"stock_local":0,"stock_global":146,"on_standby":false,"in_catalog":true,"images":{"miniature":["https:\/\/media.th4.com\/YtJVsBwS82wq0daD8WaxLs4dHTEtTUrVhl6vklf6asY\/pr:80\/aHR0cDovL21lZGlhMi5kZXNpZ25wYXJ0bmVyLmZyL2MvcC8xODIyOC8xODIyOC0yMDk3Ny0xLmpwZw?v=1716275040"],"medium":["https:\/\/media.th4.com\/gTCpi9cggyr0ZN6MLZpWNY5OgBSMmzAcO_q-M8U7qWI\/pr:550x550\/aHR0cDovL21lZGlhMi5kZXNpZ25wYXJ0bmVyLmZyL2MvcC8xODIyOC8xODIyOC0yMDk3Ny0xLmpwZw?v=1716275040"],"medium_large":["https:\/\/media.th4.com\/Wc2DKsXGBm7bozlTSxV8BMTI4OLvRfwDg3E-MltPTeo\/pr:1000x1000\/aHR0cDovL21lZGlhMi5kZXNpZ25wYXJ0bmVyLmZyL2MvcC8xODIyOC8xODIyOC0yMDk3Ny0xLmpwZw?v=1716275040"],"large":["https:\/\/media.th4.com\/lwZ-kVrhCMoPHizsuf6JUXvJwy4TzSvQUnRagakqnSM\/pr:1920\/aHR0cDovL21lZGlhMi5kZXNpZ25wYXJ0bmVyLmZyL2MvcC8xODIyOC8xODIyOC0yMDk3Ny0xLmpwZw?v=1716275040"],"opengraph":["https:\/\/media.th4.com\/rP6X2ZBgjhz07XeDkuJIqFiK2VqFXpWn6g9BSgPmxcc\/pr:1200x630\/aHR0cDovL21lZGlhMi5kZXNpZ25wYXJ0bmVyLmZyL2MvcC8xODIyOC8xODIyOC0yMDk3Ny0xLmpwZw?v=1716275040"]},"images_customization":{"miniature":["https:\/\/media.th4.com\/YtJVsBwS82wq0daD8WaxLs4dHTEtTUrVhl6vklf6asY\/pr:80\/aHR0cDovL21lZGlhMi5kZXNpZ25wYXJ0bmVyLmZyL2MvcC8xODIyOC8xODIyOC0yMDk3Ny0xLmpwZw?v=1716275040"],"medium":["https:\/\/media.th4.com\/gTCpi9cggyr0ZN6MLZpWNY5OgBSMmzAcO_q-M8U7qWI\/pr:550x550\/aHR0cDovL21lZGlhMi5kZXNpZ25wYXJ0bmVyLmZyL2MvcC8xODIyOC8xODIyOC0yMDk3Ny0xLmpwZw?v=1716275040"],"medium_large":["https:\/\/media.th4.com\/Wc2DKsXGBm7bozlTSxV8BMTI4OLvRfwDg3E-MltPTeo\/pr:1000x1000\/aHR0cDovL21lZGlhMi5kZXNpZ25wYXJ0bmVyLmZyL2MvcC8xODIyOC8xODIyOC0yMDk3Ny0xLmpwZw?v=1716275040"],"large":["https:\/\/media.th4.com\/lwZ-kVrhCMoPHizsuf6JUXvJwy4TzSvQUnRagakqnSM\/pr:1920\/aHR0cDovL21lZGlhMi5kZXNpZ25wYXJ0bmVyLmZyL2MvcC8xODIyOC8xODIyOC0yMDk3Ny0xLmpwZw?v=1716275040"],"opengraph":["https:\/\/media.th4.com\/rP6X2ZBgjhz07XeDkuJIqFiK2VqFXpWn6g9BSgPmxcc\/pr:1200x630\/aHR0cDovL21lZGlhMi5kZXNpZ25wYXJ0bmVyLmZyL2MvcC8xODIyOC8xODIyOC0yMDk3Ny0xLmpwZw?v=1716275040"]},"country_origin":"IN","traceability":{"manufacturing_country_id":72,"weaving_country_id":72,"dyeing_country_id":72},"sizes":[{"id":3,"article_id":463472,"class_id":3,"name":"S","on_standby":false,"stock_local":0,"stock_global":56,"multiple":1,"estimated_date_reassort":null,"is_destocking":false},{"id":1,"article_id":463474,"class_id":5,"name":"L","on_standby":false,"stock_local":0,"stock_global":90,"multiple":1,"estimated_date_reassort":null,"is_destocking":false}],"page_links":{"fr":"\/fr\/p-we-w253-pochette-a-accessoires-bio-rayee-w253-18228\/red-stripe-20977\/","en":"\/en\/p-we-w253-biodegradable-striped-accessories-pouch-w253-18228\/red-stripe-20977\/","de":"\/de\/p-we-w253-bio-gestreiftes-accessoire-taschchen-w253-18228\/red-stripe-20977\/","nl":"\/nl\/p-we-w253-bio-gestreepte-accessoire-tas-w253-18228\/red-stripe-20977\/","es":"\/es\/p-we-w253-funda-de-accesorios-rayada-w253-18228\/red-stripe-20977\/","it":"\/it\/p-we-w253-portachiavi-a-righe-bio-w253-18228\/red-stripe-20977\/","sv":"\/sv\/p-we-w253-biologisk-randerad-vaska-for-tillbehor-w253-18228\/red-stripe-20977\/","pt":"\/pt\/p-we-w253-bolsa-de-acessorios-organica-listrada-w253-18228\/red-stripe-20977\/","da":"\/da\/p-we-w253-biologisk-stribet-tilbehorsfodring-w253-18228\/red-stripe-20977\/","pl":"\/pl\/p-we-w253-plecak-na-akcesoria-bio-prazkowany-w253-18228\/red-stripe-20977\/"},"page_links_customization":{"fr":"\/fr\/p-we-w253-pochette-coton-toilette-bio-rayee-personnalisation-w253-18228\/red-stripe-20977\/custom\/","en":"\/en\/p-we-w253-striped-bio-cotton-toiletry-pouch-customization-w253-18228\/red-stripe-20977\/custom\/","de":"\/de\/p-we-w253-coton-bio-gestreift-zubehortasche-personalisierung-w253-18228\/red-stripe-20977\/custom\/","nl":"\/nl\/p-we-w253-gestreepte-bio-cotton-toilettas-personalisatie-w253-18228\/red-stripe-20977\/custom\/","es":"\/es\/p-we-w253-cartera-de-algodon-bio-rayada-personalizacion-w253-18228\/red-stripe-20977\/custom\/","it":"\/it\/p-we-w253-pochetta-per-toilette-in-cotone-bio-a-righe-personalizzazione-w253-18228\/red-stripe-20977\/custom\/","sv":"\/sv\/p-we-w253-pocket-for-bio-rakig-toalettcoton-personalisering-w253-18228\/red-stripe-20977\/custom\/","pt":"\/pt\/p-we-w253-bolso-de-algodao-organico-listrado-personalizacao-w253-18228\/red-stripe-20977\/custom\/","da":"\/da\/p-we-w253-pocke-med-okologisk-striber-tilpasning-w253-18228\/red-stripe-20977\/custom\/","pl":"\/pl\/p-we-w253-plecak-na-akcesoria-z-bawelny-organicznej-prazkowany-personalizacja-w253-18228\/red-stripe-20977\/custom\/"}},{"id":20976,"name":"grey_stripe","class_ids":[3,1],"codes_hexa":["858c8c","ffffff"],"delai_24":false,"has_3d":false,"seuil_global":0,"stock_local":0,"stock_global":86,"on_standby":false,"in_catalog":true,"images":{"miniature":["https:\/\/media.th4.com\/VgdVLICpblhBqxIvM7GiVyOppmpA09V0vC5R9kHxtSE\/pr:80\/aHR0cDovL21lZGlhMi5kZXNpZ25wYXJ0bmVyLmZyL2MvcC8xODIyOC8xODIyOC0yMDk3Ni0xLmpwZw?v=1716275040"],"medium":["https:\/\/media.th4.com\/kRtoSfFZqhHR3xBcvQ7YaVqhi03JHvTMuGYHPVoMQY0\/pr:550x550\/aHR0cDovL21lZGlhMi5kZXNpZ25wYXJ0bmVyLmZyL2MvcC8xODIyOC8xODIyOC0yMDk3Ni0xLmpwZw?v=1716275040"],"medium_large":["https:\/\/media.th4.com\/aIEx4NldLnIAmD0G7MF73f1pUSTsJcb--ue4g3jzEmg\/pr:1000x1000\/aHR0cDovL21lZGlhMi5kZXNpZ25wYXJ0bmVyLmZyL2MvcC8xODIyOC8xODIyOC0yMDk3Ni0xLmpwZw?v=1716275040"],"large":["https:\/\/media.th4.com\/1S_TxNfnRf8Bgdl8grF1X2umQvgfibADckezDShThys\/pr:1920\/aHR0cDovL21lZGlhMi5kZXNpZ25wYXJ0bmVyLmZyL2MvcC8xODIyOC8xODIyOC0yMDk3Ni0xLmpwZw?v=1716275040"],"opengraph":["https:\/\/media.th4.com\/flbub222LC4UvQykM7igfFyp-RDcjXh1pLQUxNCd3LU\/pr:1200x630\/aHR0cDovL21lZGlhMi5kZXNpZ25wYXJ0bmVyLmZyL2MvcC8xODIyOC8xODIyOC0yMDk3Ni0xLmpwZw?v=1716275040"]},"images_customization":{"miniature":["https:\/\/media.th4.com\/VgdVLICpblhBqxIvM7GiVyOppmpA09V0vC5R9kHxtSE\/pr:80\/aHR0cDovL21lZGlhMi5kZXNpZ25wYXJ0bmVyLmZyL2MvcC8xODIyOC8xODIyOC0yMDk3Ni0xLmpwZw?v=1716275040"],"medium":["https:\/\/media.th4.com\/kRtoSfFZqhHR3xBcvQ7YaVqhi03JHvTMuGYHPVoMQY0\/pr:550x550\/aHR0cDovL21lZGlhMi5kZXNpZ25wYXJ0bmVyLmZyL2MvcC8xODIyOC8xODIyOC0yMDk3Ni0xLmpwZw?v=1716275040"],"medium_large":["https:\/\/media.th4.com\/aIEx4NldLnIAmD0G7MF73f1pUSTsJcb--ue4g3jzEmg\/pr:1000x1000\/aHR0cDovL21lZGlhMi5kZXNpZ25wYXJ0bmVyLmZyL2MvcC8xODIyOC8xODIyOC0yMDk3Ni0xLmpwZw?v=1716275040"],"large":["https:\/\/media.th4.com\/1S_TxNfnRf8Bgdl8grF1X2umQvgfibADckezDShThys\/pr:1920\/aHR0cDovL21lZGlhMi5kZXNpZ25wYXJ0bmVyLmZyL2MvcC8xODIyOC8xODIyOC0yMDk3Ni0xLmpwZw?v=1716275040"],"opengraph":["https:\/\/media.th4.com\/flbub222LC4UvQykM7igfFyp-RDcjXh1pLQUxNCd3LU\/pr:1200x630\/aHR0cDovL21lZGlhMi5kZXNpZ25wYXJ0bmVyLmZyL2MvcC8xODIyOC8xODIyOC0yMDk3Ni0xLmpwZw?v=1716275040"]},"country_origin":"IN","traceability":{"manufacturing_country_id":72,"weaving_country_id":72,"dyeing_country_id":72},"sizes":[{"id":3,"article_id":463469,"class_id":3,"name":"S","on_standby":false,"stock_local":0,"stock_global":86,"multiple":1,"estimated_date_reassort":null,"is_destocking":false}],"page_links":{"fr":"\/fr\/p-we-w253-pochette-a-accessoires-bio-rayee-w253-18228\/grey-stripe-20976\/","en":"\/en\/p-we-w253-biodegradable-striped-accessories-pouch-w253-18228\/grey-stripe-20976\/","de":"\/de\/p-we-w253-bio-gestreiftes-accessoire-taschchen-w253-18228\/grey-stripe-20976\/","nl":"\/nl\/p-we-w253-bio-gestreepte-accessoire-tas-w253-18228\/grey-stripe-20976\/","es":"\/es\/p-we-w253-funda-de-accesorios-rayada-w253-18228\/grey-stripe-20976\/","it":"\/it\/p-we-w253-portachiavi-a-righe-bio-w253-18228\/grey-stripe-20976\/","sv":"\/sv\/p-we-w253-biologisk-randerad-vaska-for-tillbehor-w253-18228\/grey-stripe-20976\/","pt":"\/pt\/p-we-w253-bolsa-de-acessorios-organica-listrada-w253-18228\/grey-stripe-20976\/","da":"\/da\/p-we-w253-biologisk-stribet-tilbehorsfodring-w253-18228\/grey-stripe-20976\/","pl":"\/pl\/p-we-w253-plecak-na-akcesoria-bio-prazkowany-w253-18228\/grey-stripe-20976\/"},"page_links_customization":{"fr":"\/fr\/p-we-w253-pochette-coton-toilette-bio-rayee-personnalisation-w253-18228\/grey-stripe-20976\/custom\/","en":"\/en\/p-we-w253-striped-bio-cotton-toiletry-pouch-customization-w253-18228\/grey-stripe-20976\/custom\/","de":"\/de\/p-we-w253-coton-bio-gestreift-zubehortasche-personalisierung-w253-18228\/grey-stripe-20976\/custom\/","nl":"\/nl\/p-we-w253-gestreepte-bio-cotton-toilettas-personalisatie-w253-18228\/grey-stripe-20976\/custom\/","es":"\/es\/p-we-w253-cartera-de-algodon-bio-rayada-personalizacion-w253-18228\/grey-stripe-20976\/custom\/","it":"\/it\/p-we-w253-pochetta-per-toilette-in-cotone-bio-a-righe-personalizzazione-w253-18228\/grey-stripe-20976\/custom\/","sv":"\/sv\/p-we-w253-pocket-for-bio-rakig-toalettcoton-personalisering-w253-18228\/grey-stripe-20976\/custom\/","pt":"\/pt\/p-we-w253-bolso-de-algodao-organico-listrado-personalizacao-w253-18228\/grey-stripe-20976\/custom\/","da":"\/da\/p-we-w253-pocke-med-okologisk-striber-tilpasning-w253-18228\/grey-stripe-20976\/custom\/","pl":"\/pl\/p-we-w253-plecak-na-akcesoria-z-bawelny-organicznej-prazkowany-personalizacja-w253-18228\/grey-stripe-20976\/custom\/"}}],"documentation_link":"\/pdf\/18228.pdf","countries_availables":["AD","AE","AL","AT","BA","BD","BE","BG","BL","CA","CH","CN","CO","CY","CZ","DE","DK","DO","EE","EG","ES","ET","FI","FR","GB","GE","GF","GP","GR","GT","HK","HN","HR","HT","HU","ID","IE","IN","IS","IT","JO","JP","KE","KH","KP","KR","LA","LK","LS","LT","LU","LV","MA","MF","MG","MK","MM","MN","MQ","MT","MX","MY","NC","NI","NL","PF","PH","PK","PL","PM","PT","RE","RO","SE","SG","SI","SK","SV","SY","TH","TN","TR","TW","TZ","US","VN","WF","YT"]},"infos_customization":[],"features":{"authorize_multi_surfaces":true,"display_order_delay_type":true,"promote_surface_display":true,"tarification_franco_offert":true,"enabled_3d_editor":false},"markings":[{"id":0,"nom":"vierge","finition":null,"libelle":null,"code":null,"dpi":null,"finesse_forme_isolee":null,"finesse_forme_non_isolee":null,"hauteur_minimale_texte":null,"inactif":0,"marquage_interne":1,"quantite_min":null,"parent_id":null,"print_on_support":0,"content":"vierge","description":null},{"id":2,"nom":"fonce","finition":"optimale","libelle":"TopQuadri","code":null,"dpi":400,"finesse_forme_isolee":"0.040","finesse_forme_non_isolee":"0.700","hauteur_minimale_texte":2,"inactif":0,"marquage_interne":1,"quantite_min":null,"parent_id":18,"print_on_support":0,"content":"TopQuadri","description":"pour petites et moyennes s\u00e9ries"},{"id":3,"nom":"serigraphie","finition":"serigraphie","libelle":"SeriCoat","code":null,"dpi":400,"finesse_forme_isolee":"0.040","finesse_forme_non_isolee":"0.700","hauteur_minimale_texte":2,"inactif":0,"marquage_interne":1,"quantite_min":15,"parent_id":18,"print_on_support":0,"content":"SeriCoat","description":"pour moyennes et grandes s\u00e9ries"},{"id":4,"nom":"broderie","finition":"broderie","libelle":"Broderie","code":null,"dpi":400,"finesse_forme_isolee":"0.040","finesse_forme_non_isolee":"0.700","hauteur_minimale_texte":3,"inactif":0,"marquage_interne":1,"quantite_min":null,"parent_id":null,"print_on_support":0,"content":"Broderie","description":null},{"id":8,"nom":"theme","finition":null,"libelle":"Th\u00e8me","code":null,"dpi":null,"finesse_forme_isolee":null,"finesse_forme_non_isolee":null,"hauteur_minimale_texte":null,"inactif":0,"marquage_interne":1,"quantite_min":null,"parent_id":null,"print_on_support":0,"content":"Th\u00e8me","description":null},{"id":9,"nom":"sans","finition":null,"libelle":null,"code":null,"dpi":null,"finesse_forme_isolee":null,"finesse_forme_non_isolee":null,"hauteur_minimale_texte":null,"inactif":0,"marquage_interne":1,"quantite_min":null,"parent_id":null,"print_on_support":0,"content":"sans","description":null},{"id":10,"nom":"photo","finition":null,"libelle":"Photo","code":null,"dpi":null,"finesse_forme_isolee":null,"finesse_forme_non_isolee":null,"hauteur_minimale_texte":null,"inactif":0,"marquage_interne":1,"quantite_min":null,"parent_id":null,"print_on_support":0,"content":"Photo","description":null},{"id":14,"nom":"couleur","finition":null,"libelle":"Couleur","code":null,"dpi":null,"finesse_forme_isolee":null,"finesse_forme_non_isolee":null,"hauteur_minimale_texte":null,"inactif":0,"marquage_interne":1,"quantite_min":null,"parent_id":null,"print_on_support":0,"content":"Couleur","description":null},{"id":15,"nom":"sublimation","finition":"sublimation","libelle":"Sublimation","code":null,"dpi":null,"finesse_forme_isolee":"0.000","finesse_forme_non_isolee":"0.000","hauteur_minimale_texte":2,"inactif":0,"marquage_interne":1,"quantite_min":null,"parent_id":null,"print_on_support":0,"content":"Sublimation","description":null},{"id":16,"nom":"topquadri_uv","finition":null,"libelle":"TopQuadri UV","code":null,"dpi":null,"finesse_forme_isolee":"0.020","finesse_forme_non_isolee":"0.700","hauteur_minimale_texte":2,"inactif":0,"marquage_interne":1,"quantite_min":null,"parent_id":null,"print_on_support":1,"content":null,"description":null},{"id":17,"nom":"topquadri_uvp","finition":null,"libelle":"TopQuadri UVP","code":null,"dpi":null,"finesse_forme_isolee":"0.020","finesse_forme_non_isolee":"0.700","hauteur_minimale_texte":2,"inactif":0,"marquage_interne":1,"quantite_min":null,"parent_id":null,"print_on_support":1,"content":null,"description":null},{"id":18,"nom":"quadri","finition":null,"libelle":"Impression","code":null,"dpi":null,"finesse_forme_isolee":null,"finesse_forme_non_isolee":null,"hauteur_minimale_texte":null,"inactif":0,"marquage_interne":1,"quantite_min":null,"parent_id":null,"print_on_support":0,"content":null,"description":null}]}}